{"id":27863,"date":"2017-11-09T19:23:44","date_gmt":"2017-11-09T19:23:44","guid":{"rendered":"http:\/\/www.arquimaster.com.ar\/web\/?p=27863"},"modified":"2017-11-13T19:33:09","modified_gmt":"2017-11-13T19:33:09","slug":"casa-ar-arco-arquitectura-contemporanea","status":"publish","type":"post","link":"https:\/\/www.arquimaster.com.ar\/web\/casa-ar-arco-arquitectura-contemporanea\/","title":{"rendered":"Casa AR \/ ARCO Arquitectura Contempor\u00e1nea"},"content":{"rendered":"<div style=\"margin-top: 0px; margin-bottom: 0px;\" class=\"sharethis-inline-share-buttons\" ><\/div><div class=\"b812932af2e751442846f039925109de\" data-index=\"1\" style=\"float: none; margin:25px 0 25px 0; text-align:center;\">\n<script async src=\"https:\/\/pagead2.googlesyndication.com\/pagead\/js\/adsbygoogle.js\"><\/script>\r\n<!-- Arquimaster (superior) -->\r\n<ins class=\"adsbygoogle\"\r\n     style=\"display:block\"\r\n     data-ad-client=\"ca-pub-6351072698456832\"\r\n     data-ad-slot=\"6455489680\"\r\n     data-ad-format=\"auto\"\r\n     data-full-width-responsive=\"true\"><\/ins>\r\n<script>\r\n     (adsbygoogle = window.adsbygoogle || []).push({});\r\n<\/script>\n<\/div>\n<p><strong>Casa AR<\/strong> (Ciudad de M\u00e9xico) por <strong>ARCO Arquitectura Contempor\u00e1nea<\/strong>. Localizada en el poniente de la Ciudad de M\u00e9xico, Casa AR es el resultado de la remodelaci\u00f3n y ampliaci\u00f3n de una residencia construida en los a\u00f1os 80 en un terreno de 1,000 m2. Los espacios del proyecto original presentaban mucho potencial por lo que se decidi\u00f3 utilizar la mayor\u00eda haciendo las modificaciones y ampliaciones necesarias para el nuevo programa. Las \u00e1reas p\u00fablicas presentaban espacios muy generosos, pero las \u00e1reas privadas eran muy reducidas por lo que la mayor intervenci\u00f3n fue en estos espacios generando una mayor apertura y logrando una comunicaci\u00f3n visual abierta entre todas las \u00e1reas de la casa.<\/p>\n<div id='gallery-1' class='gallery galleryid-27863 gallery-columns-3 gallery-size-thumbnail'><figure class='gallery-item'>\n\t\t\t<div class='gallery-icon landscape'>\n\t\t\t\t<a href='https:\/\/www.arquimaster.com.ar\/web\/wp-content\/uploads\/2017\/11\/casa_ar1.jpg' title=\"Casa AR \/ ARCO Arquitectura Contempor\u00e1nea (\u00a9 Jaime Navarro)\" data-rl_title=\"Casa AR \/ ARCO Arquitectura Contempor\u00e1nea (\u00a9 Jaime Navarro)\" class=\"rl-gallery-link\" data-rl_caption=\"Casa AR \/ ARCO Arquitectura Contempor\u00e1nea (\u00a9 Jaime Navarro)\" data-rel=\"lightbox-gallery-1\"><img loading=\"lazy\" decoding=\"async\" width=\"150\" height=\"150\" src=\"https:\/\/www.arquimaster.com.ar\/web\/wp-content\/uploads\/2017\/11\/casa_ar1-150x150.jpg\" class=\"attachment-thumbnail size-thumbnail\" alt=\"\" aria-describedby=\"gallery-1-27866\" srcset=\"https:\/\/www.arquimaster.com.ar\/web\/wp-content\/uploads\/2017\/11\/casa_ar1-150x150.jpg 150w, https:\/\/www.arquimaster.com.ar\/web\/wp-content\/uploads\/2017\/11\/casa_ar1-50x50.jpg 50w, https:\/\/www.arquimaster.com.ar\/web\/wp-content\/uploads\/2017\/11\/casa_ar1-125x125.jpg 125w\" sizes=\"auto, (max-width: 150px) 100vw, 150px\" \/><\/a>\n\t\t\t<\/div>\n\t\t\t\t<figcaption class='wp-caption-text gallery-caption' id='gallery-1-27866'>\n\t\t\t\tCasa AR \/ ARCO Arquitectura Contempor\u00e1nea (\u00a9 Jaime Navarro)\n\t\t\t\t<\/figcaption><\/figure><figure class='gallery-item'>\n\t\t\t<div class='gallery-icon landscape'>\n\t\t\t\t<a href='https:\/\/www.arquimaster.com.ar\/web\/wp-content\/uploads\/2017\/11\/casa_ar2.jpg' title=\"Casa AR \/ ARCO Arquitectura Contempor\u00e1nea (\u00a9 Jaime Navarro)\" data-rl_title=\"Casa AR \/ ARCO Arquitectura Contempor\u00e1nea (\u00a9 Jaime Navarro)\" class=\"rl-gallery-link\" data-rl_caption=\"Casa AR \/ ARCO Arquitectura Contempor\u00e1nea (\u00a9 Jaime Navarro)\" data-rel=\"lightbox-gallery-1\"><img loading=\"lazy\" decoding=\"async\" width=\"150\" height=\"150\" src=\"https:\/\/www.arquimaster.com.ar\/web\/wp-content\/uploads\/2017\/11\/casa_ar2-150x150.jpg\" class=\"attachment-thumbnail size-thumbnail\" alt=\"\" aria-describedby=\"gallery-1-27867\" srcset=\"https:\/\/www.arquimaster.com.ar\/web\/wp-content\/uploads\/2017\/11\/casa_ar2-150x150.jpg 150w, https:\/\/www.arquimaster.com.ar\/web\/wp-content\/uploads\/2017\/11\/casa_ar2-50x50.jpg 50w, https:\/\/www.arquimaster.com.ar\/web\/wp-content\/uploads\/2017\/11\/casa_ar2-125x125.jpg 125w\" sizes=\"auto, (max-width: 150px) 100vw, 150px\" \/><\/a>\n\t\t\t<\/div>\n\t\t\t\t<figcaption class='wp-caption-text gallery-caption' id='gallery-1-27867'>\n\t\t\t\tCasa AR \/ ARCO Arquitectura Contempor\u00e1nea (\u00a9 Jaime Navarro)\n\t\t\t\t<\/figcaption><\/figure><figure class='gallery-item'>\n\t\t\t<div class='gallery-icon portrait'>\n\t\t\t\t<a href='https:\/\/www.arquimaster.com.ar\/web\/wp-content\/uploads\/2017\/11\/casa_ar3.jpg' title=\"Casa AR \/ ARCO Arquitectura Contempor\u00e1nea (\u00a9 Jaime Navarro)\" data-rl_title=\"Casa AR \/ ARCO Arquitectura Contempor\u00e1nea (\u00a9 Jaime Navarro)\" class=\"rl-gallery-link\" data-rl_caption=\"Casa AR \/ ARCO Arquitectura Contempor\u00e1nea (\u00a9 Jaime Navarro)\" data-rel=\"lightbox-gallery-1\"><img loading=\"lazy\" decoding=\"async\" width=\"150\" height=\"150\" src=\"https:\/\/www.arquimaster.com.ar\/web\/wp-content\/uploads\/2017\/11\/casa_ar3-150x150.jpg\" class=\"attachment-thumbnail size-thumbnail\" alt=\"\" aria-describedby=\"gallery-1-27868\" srcset=\"https:\/\/www.arquimaster.com.ar\/web\/wp-content\/uploads\/2017\/11\/casa_ar3-150x150.jpg 150w, https:\/\/www.arquimaster.com.ar\/web\/wp-content\/uploads\/2017\/11\/casa_ar3-50x50.jpg 50w, https:\/\/www.arquimaster.com.ar\/web\/wp-content\/uploads\/2017\/11\/casa_ar3-125x125.jpg 125w\" sizes=\"auto, (max-width: 150px) 100vw, 150px\" \/><\/a>\n\t\t\t<\/div>\n\t\t\t\t<figcaption class='wp-caption-text gallery-caption' id='gallery-1-27868'>\n\t\t\t\tCasa AR \/ ARCO Arquitectura Contempor\u00e1nea (\u00a9 Jaime Navarro)\n\t\t\t\t<\/figcaption><\/figure><figure class='gallery-item'>\n\t\t\t<div class='gallery-icon landscape'>\n\t\t\t\t<a href='https:\/\/www.arquimaster.com.ar\/web\/wp-content\/uploads\/2017\/11\/casa_ar4.jpg' title=\"Casa AR \/ ARCO Arquitectura Contempor\u00e1nea (\u00a9 Jaime Navarro)\" data-rl_title=\"Casa AR \/ ARCO Arquitectura Contempor\u00e1nea (\u00a9 Jaime Navarro)\" class=\"rl-gallery-link\" data-rl_caption=\"Casa AR \/ ARCO Arquitectura Contempor\u00e1nea (\u00a9 Jaime Navarro)\" data-rel=\"lightbox-gallery-1\"><img loading=\"lazy\" decoding=\"async\" width=\"150\" height=\"150\" src=\"https:\/\/www.arquimaster.com.ar\/web\/wp-content\/uploads\/2017\/11\/casa_ar4-150x150.jpg\" class=\"attachment-thumbnail size-thumbnail\" alt=\"\" aria-describedby=\"gallery-1-27869\" srcset=\"https:\/\/www.arquimaster.com.ar\/web\/wp-content\/uploads\/2017\/11\/casa_ar4-150x150.jpg 150w, https:\/\/www.arquimaster.com.ar\/web\/wp-content\/uploads\/2017\/11\/casa_ar4-50x50.jpg 50w, https:\/\/www.arquimaster.com.ar\/web\/wp-content\/uploads\/2017\/11\/casa_ar4-125x125.jpg 125w\" sizes=\"auto, (max-width: 150px) 100vw, 150px\" \/><\/a>\n\t\t\t<\/div>\n\t\t\t\t<figcaption class='wp-caption-text gallery-caption' id='gallery-1-27869'>\n\t\t\t\tCasa AR \/ ARCO Arquitectura Contempor\u00e1nea (\u00a9 Jaime Navarro)\n\t\t\t\t<\/figcaption><\/figure><figure class='gallery-item'>\n\t\t\t<div class='gallery-icon landscape'>\n\t\t\t\t<a href='https:\/\/www.arquimaster.com.ar\/web\/wp-content\/uploads\/2017\/11\/casa_ar5.jpg' title=\"Casa AR \/ ARCO Arquitectura Contempor\u00e1nea (\u00a9 Jaime Navarro)\" data-rl_title=\"Casa AR \/ ARCO Arquitectura Contempor\u00e1nea (\u00a9 Jaime Navarro)\" class=\"rl-gallery-link\" data-rl_caption=\"Casa AR \/ ARCO Arquitectura Contempor\u00e1nea (\u00a9 Jaime Navarro)\" data-rel=\"lightbox-gallery-1\"><img loading=\"lazy\" decoding=\"async\" width=\"150\" height=\"150\" src=\"https:\/\/www.arquimaster.com.ar\/web\/wp-content\/uploads\/2017\/11\/casa_ar5-150x150.jpg\" class=\"attachment-thumbnail size-thumbnail\" alt=\"\" aria-describedby=\"gallery-1-27870\" srcset=\"https:\/\/www.arquimaster.com.ar\/web\/wp-content\/uploads\/2017\/11\/casa_ar5-150x150.jpg 150w, https:\/\/www.arquimaster.com.ar\/web\/wp-content\/uploads\/2017\/11\/casa_ar5-50x50.jpg 50w, https:\/\/www.arquimaster.com.ar\/web\/wp-content\/uploads\/2017\/11\/casa_ar5-125x125.jpg 125w\" sizes=\"auto, (max-width: 150px) 100vw, 150px\" \/><\/a>\n\t\t\t<\/div>\n\t\t\t\t<figcaption class='wp-caption-text gallery-caption' id='gallery-1-27870'>\n\t\t\t\tCasa AR \/ ARCO Arquitectura Contempor\u00e1nea (\u00a9 Jaime Navarro)\n\t\t\t\t<\/figcaption><\/figure><figure class='gallery-item'>\n\t\t\t<div class='gallery-icon landscape'>\n\t\t\t\t<a href='https:\/\/www.arquimaster.com.ar\/web\/wp-content\/uploads\/2017\/11\/casa_ar6.jpg' title=\"Casa AR \/ ARCO Arquitectura Contempor\u00e1nea (\u00a9 Jaime Navarro)\" data-rl_title=\"Casa AR \/ ARCO Arquitectura Contempor\u00e1nea (\u00a9 Jaime Navarro)\" class=\"rl-gallery-link\" data-rl_caption=\"Casa AR \/ ARCO Arquitectura Contempor\u00e1nea (\u00a9 Jaime Navarro)\" data-rel=\"lightbox-gallery-1\"><img loading=\"lazy\" decoding=\"async\" width=\"150\" height=\"150\" src=\"https:\/\/www.arquimaster.com.ar\/web\/wp-content\/uploads\/2017\/11\/casa_ar6-150x150.jpg\" class=\"attachment-thumbnail size-thumbnail\" alt=\"\" aria-describedby=\"gallery-1-27871\" srcset=\"https:\/\/www.arquimaster.com.ar\/web\/wp-content\/uploads\/2017\/11\/casa_ar6-150x150.jpg 150w, https:\/\/www.arquimaster.com.ar\/web\/wp-content\/uploads\/2017\/11\/casa_ar6-50x50.jpg 50w, https:\/\/www.arquimaster.com.ar\/web\/wp-content\/uploads\/2017\/11\/casa_ar6-125x125.jpg 125w\" sizes=\"auto, (max-width: 150px) 100vw, 150px\" \/><\/a>\n\t\t\t<\/div>\n\t\t\t\t<figcaption class='wp-caption-text gallery-caption' id='gallery-1-27871'>\n\t\t\t\tCasa AR \/ ARCO Arquitectura Contempor\u00e1nea (\u00a9 Jaime Navarro)\n\t\t\t\t<\/figcaption><\/figure><figure class='gallery-item'>\n\t\t\t<div class='gallery-icon landscape'>\n\t\t\t\t<a href='https:\/\/www.arquimaster.com.ar\/web\/wp-content\/uploads\/2017\/11\/casa_ar7.jpg' title=\"Casa AR \/ ARCO Arquitectura Contempor\u00e1nea (\u00a9 Jaime Navarro)\" data-rl_title=\"Casa AR \/ ARCO Arquitectura Contempor\u00e1nea (\u00a9 Jaime Navarro)\" class=\"rl-gallery-link\" data-rl_caption=\"Casa AR \/ ARCO Arquitectura Contempor\u00e1nea (\u00a9 Jaime Navarro)\" data-rel=\"lightbox-gallery-1\"><img loading=\"lazy\" decoding=\"async\" width=\"150\" height=\"150\" src=\"https:\/\/www.arquimaster.com.ar\/web\/wp-content\/uploads\/2017\/11\/casa_ar7-150x150.jpg\" class=\"attachment-thumbnail size-thumbnail\" alt=\"\" aria-describedby=\"gallery-1-27872\" srcset=\"https:\/\/www.arquimaster.com.ar\/web\/wp-content\/uploads\/2017\/11\/casa_ar7-150x150.jpg 150w, https:\/\/www.arquimaster.com.ar\/web\/wp-content\/uploads\/2017\/11\/casa_ar7-50x50.jpg 50w, https:\/\/www.arquimaster.com.ar\/web\/wp-content\/uploads\/2017\/11\/casa_ar7-125x125.jpg 125w\" sizes=\"auto, (max-width: 150px) 100vw, 150px\" \/><\/a>\n\t\t\t<\/div>\n\t\t\t\t<figcaption class='wp-caption-text gallery-caption' id='gallery-1-27872'>\n\t\t\t\tCasa AR \/ ARCO Arquitectura Contempor\u00e1nea (\u00a9 Jaime Navarro)\n\t\t\t\t<\/figcaption><\/figure><figure class='gallery-item'>\n\t\t\t<div class='gallery-icon landscape'>\n\t\t\t\t<a href='https:\/\/www.arquimaster.com.ar\/web\/wp-content\/uploads\/2017\/11\/casa_ar8.jpg' title=\"Casa AR \/ ARCO Arquitectura Contempor\u00e1nea (\u00a9 Jaime Navarro)\" data-rl_title=\"Casa AR \/ ARCO Arquitectura Contempor\u00e1nea (\u00a9 Jaime Navarro)\" class=\"rl-gallery-link\" data-rl_caption=\"Casa AR \/ ARCO Arquitectura Contempor\u00e1nea (\u00a9 Jaime Navarro)\" data-rel=\"lightbox-gallery-1\"><img loading=\"lazy\" decoding=\"async\" width=\"150\" height=\"150\" src=\"https:\/\/www.arquimaster.com.ar\/web\/wp-content\/uploads\/2017\/11\/casa_ar8-150x150.jpg\" class=\"attachment-thumbnail size-thumbnail\" alt=\"\" aria-describedby=\"gallery-1-27873\" srcset=\"https:\/\/www.arquimaster.com.ar\/web\/wp-content\/uploads\/2017\/11\/casa_ar8-150x150.jpg 150w, https:\/\/www.arquimaster.com.ar\/web\/wp-content\/uploads\/2017\/11\/casa_ar8-50x50.jpg 50w, https:\/\/www.arquimaster.com.ar\/web\/wp-content\/uploads\/2017\/11\/casa_ar8-125x125.jpg 125w\" sizes=\"auto, (max-width: 150px) 100vw, 150px\" \/><\/a>\n\t\t\t<\/div>\n\t\t\t\t<figcaption class='wp-caption-text gallery-caption' id='gallery-1-27873'>\n\t\t\t\tCasa AR \/ ARCO Arquitectura Contempor\u00e1nea (\u00a9 Jaime Navarro)\n\t\t\t\t<\/figcaption><\/figure><figure class='gallery-item'>\n\t\t\t<div class='gallery-icon landscape'>\n\t\t\t\t<a href='https:\/\/www.arquimaster.com.ar\/web\/wp-content\/uploads\/2017\/11\/casa_ar9.jpg' title=\"Casa AR \/ ARCO Arquitectura Contempor\u00e1nea (\u00a9 Jaime Navarro)\" data-rl_title=\"Casa AR \/ ARCO Arquitectura Contempor\u00e1nea (\u00a9 Jaime Navarro)\" class=\"rl-gallery-link\" data-rl_caption=\"Casa AR \/ ARCO Arquitectura Contempor\u00e1nea (\u00a9 Jaime Navarro)\" data-rel=\"lightbox-gallery-1\"><img loading=\"lazy\" decoding=\"async\" width=\"150\" height=\"150\" src=\"https:\/\/www.arquimaster.com.ar\/web\/wp-content\/uploads\/2017\/11\/casa_ar9-150x150.jpg\" class=\"attachment-thumbnail size-thumbnail\" alt=\"\" aria-describedby=\"gallery-1-27874\" srcset=\"https:\/\/www.arquimaster.com.ar\/web\/wp-content\/uploads\/2017\/11\/casa_ar9-150x150.jpg 150w, https:\/\/www.arquimaster.com.ar\/web\/wp-content\/uploads\/2017\/11\/casa_ar9-50x50.jpg 50w, https:\/\/www.arquimaster.com.ar\/web\/wp-content\/uploads\/2017\/11\/casa_ar9-125x125.jpg 125w\" sizes=\"auto, (max-width: 150px) 100vw, 150px\" \/><\/a>\n\t\t\t<\/div>\n\t\t\t\t<figcaption class='wp-caption-text gallery-caption' id='gallery-1-27874'>\n\t\t\t\tCasa AR \/ ARCO Arquitectura Contempor\u00e1nea (\u00a9 Jaime Navarro)\n\t\t\t\t<\/figcaption><\/figure><figure class='gallery-item'>\n\t\t\t<div class='gallery-icon landscape'>\n\t\t\t\t<a href='https:\/\/www.arquimaster.com.ar\/web\/wp-content\/uploads\/2017\/11\/casa_ar10.jpg' title=\"Casa AR \/ ARCO Arquitectura Contempor\u00e1nea (\u00a9 Jaime Navarro)\" data-rl_title=\"Casa AR \/ ARCO Arquitectura Contempor\u00e1nea (\u00a9 Jaime Navarro)\" class=\"rl-gallery-link\" data-rl_caption=\"Casa AR \/ ARCO Arquitectura Contempor\u00e1nea (\u00a9 Jaime Navarro)\" data-rel=\"lightbox-gallery-1\"><img loading=\"lazy\" decoding=\"async\" width=\"150\" height=\"150\" src=\"https:\/\/www.arquimaster.com.ar\/web\/wp-content\/uploads\/2017\/11\/casa_ar10-150x150.jpg\" class=\"attachment-thumbnail size-thumbnail\" alt=\"\" aria-describedby=\"gallery-1-27875\" srcset=\"https:\/\/www.arquimaster.com.ar\/web\/wp-content\/uploads\/2017\/11\/casa_ar10-150x150.jpg 150w, https:\/\/www.arquimaster.com.ar\/web\/wp-content\/uploads\/2017\/11\/casa_ar10-50x50.jpg 50w, https:\/\/www.arquimaster.com.ar\/web\/wp-content\/uploads\/2017\/11\/casa_ar10-125x125.jpg 125w\" sizes=\"auto, (max-width: 150px) 100vw, 150px\" \/><\/a>\n\t\t\t<\/div>\n\t\t\t\t<figcaption class='wp-caption-text gallery-caption' id='gallery-1-27875'>\n\t\t\t\tCasa AR \/ ARCO Arquitectura Contempor\u00e1nea (\u00a9 Jaime Navarro)\n\t\t\t\t<\/figcaption><\/figure><figure class='gallery-item'>\n\t\t\t<div class='gallery-icon landscape'>\n\t\t\t\t<a href='https:\/\/www.arquimaster.com.ar\/web\/wp-content\/uploads\/2017\/11\/casa_ar11.jpg' title=\"Casa AR \/ ARCO Arquitectura Contempor\u00e1nea (\u00a9 Jaime Navarro)\" data-rl_title=\"Casa AR \/ ARCO Arquitectura Contempor\u00e1nea (\u00a9 Jaime Navarro)\" class=\"rl-gallery-link\" data-rl_caption=\"Casa AR \/ ARCO Arquitectura Contempor\u00e1nea (\u00a9 Jaime Navarro)\" data-rel=\"lightbox-gallery-1\"><img loading=\"lazy\" decoding=\"async\" width=\"150\" height=\"150\" src=\"https:\/\/www.arquimaster.com.ar\/web\/wp-content\/uploads\/2017\/11\/casa_ar11-150x150.jpg\" class=\"attachment-thumbnail size-thumbnail\" alt=\"\" aria-describedby=\"gallery-1-27876\" srcset=\"https:\/\/www.arquimaster.com.ar\/web\/wp-content\/uploads\/2017\/11\/casa_ar11-150x150.jpg 150w, https:\/\/www.arquimaster.com.ar\/web\/wp-content\/uploads\/2017\/11\/casa_ar11-50x50.jpg 50w, https:\/\/www.arquimaster.com.ar\/web\/wp-content\/uploads\/2017\/11\/casa_ar11-125x125.jpg 125w\" sizes=\"auto, (max-width: 150px) 100vw, 150px\" \/><\/a>\n\t\t\t<\/div>\n\t\t\t\t<figcaption class='wp-caption-text gallery-caption' id='gallery-1-27876'>\n\t\t\t\tCasa AR \/ ARCO Arquitectura Contempor\u00e1nea (\u00a9 Jaime Navarro)\n\t\t\t\t<\/figcaption><\/figure><figure class='gallery-item'>\n\t\t\t<div class='gallery-icon portrait'>\n\t\t\t\t<a href='https:\/\/www.arquimaster.com.ar\/web\/wp-content\/uploads\/2017\/11\/casa_ar12.jpg' title=\"Casa AR \/ ARCO Arquitectura Contempor\u00e1nea (\u00a9 Jaime Navarro)\" data-rl_title=\"Casa AR \/ ARCO Arquitectura Contempor\u00e1nea (\u00a9 Jaime Navarro)\" class=\"rl-gallery-link\" data-rl_caption=\"Casa AR \/ ARCO Arquitectura Contempor\u00e1nea (\u00a9 Jaime Navarro)\" data-rel=\"lightbox-gallery-1\"><img loading=\"lazy\" decoding=\"async\" width=\"150\" height=\"150\" src=\"https:\/\/www.arquimaster.com.ar\/web\/wp-content\/uploads\/2017\/11\/casa_ar12-150x150.jpg\" class=\"attachment-thumbnail size-thumbnail\" alt=\"\" aria-describedby=\"gallery-1-27877\" srcset=\"https:\/\/www.arquimaster.com.ar\/web\/wp-content\/uploads\/2017\/11\/casa_ar12-150x150.jpg 150w, https:\/\/www.arquimaster.com.ar\/web\/wp-content\/uploads\/2017\/11\/casa_ar12-50x50.jpg 50w, https:\/\/www.arquimaster.com.ar\/web\/wp-content\/uploads\/2017\/11\/casa_ar12-125x125.jpg 125w\" sizes=\"auto, (max-width: 150px) 100vw, 150px\" \/><\/a>\n\t\t\t<\/div>\n\t\t\t\t<figcaption class='wp-caption-text gallery-caption' id='gallery-1-27877'>\n\t\t\t\tCasa AR \/ ARCO Arquitectura Contempor\u00e1nea (\u00a9 Jaime Navarro)\n\t\t\t\t<\/figcaption><\/figure><figure class='gallery-item'>\n\t\t\t<div class='gallery-icon landscape'>\n\t\t\t\t<a href='https:\/\/www.arquimaster.com.ar\/web\/wp-content\/uploads\/2017\/11\/casa_ar13.jpg' title=\"Casa AR \/ ARCO Arquitectura Contempor\u00e1nea (\u00a9 Jaime Navarro)\" data-rl_title=\"Casa AR \/ ARCO Arquitectura Contempor\u00e1nea (\u00a9 Jaime Navarro)\" class=\"rl-gallery-link\" data-rl_caption=\"Casa AR \/ ARCO Arquitectura Contempor\u00e1nea (\u00a9 Jaime Navarro)\" data-rel=\"lightbox-gallery-1\"><img loading=\"lazy\" decoding=\"async\" width=\"150\" height=\"150\" src=\"https:\/\/www.arquimaster.com.ar\/web\/wp-content\/uploads\/2017\/11\/casa_ar13-150x150.jpg\" class=\"attachment-thumbnail size-thumbnail\" alt=\"\" aria-describedby=\"gallery-1-27878\" srcset=\"https:\/\/www.arquimaster.com.ar\/web\/wp-content\/uploads\/2017\/11\/casa_ar13-150x150.jpg 150w, https:\/\/www.arquimaster.com.ar\/web\/wp-content\/uploads\/2017\/11\/casa_ar13-50x50.jpg 50w, https:\/\/www.arquimaster.com.ar\/web\/wp-content\/uploads\/2017\/11\/casa_ar13-125x125.jpg 125w\" sizes=\"auto, (max-width: 150px) 100vw, 150px\" \/><\/a>\n\t\t\t<\/div>\n\t\t\t\t<figcaption class='wp-caption-text gallery-caption' id='gallery-1-27878'>\n\t\t\t\tCasa AR \/ ARCO Arquitectura Contempor\u00e1nea (\u00a9 Jaime Navarro)\n\t\t\t\t<\/figcaption><\/figure><figure class='gallery-item'>\n\t\t\t<div class='gallery-icon portrait'>\n\t\t\t\t<a href='https:\/\/www.arquimaster.com.ar\/web\/wp-content\/uploads\/2017\/11\/casa_ar14.jpg' title=\"Casa AR \/ ARCO Arquitectura Contempor\u00e1nea (\u00a9 Jaime Navarro)\" data-rl_title=\"Casa AR \/ ARCO Arquitectura Contempor\u00e1nea (\u00a9 Jaime Navarro)\" class=\"rl-gallery-link\" data-rl_caption=\"Casa AR \/ ARCO Arquitectura Contempor\u00e1nea (\u00a9 Jaime Navarro)\" data-rel=\"lightbox-gallery-1\"><img loading=\"lazy\" decoding=\"async\" width=\"150\" height=\"150\" src=\"https:\/\/www.arquimaster.com.ar\/web\/wp-content\/uploads\/2017\/11\/casa_ar14-150x150.jpg\" class=\"attachment-thumbnail size-thumbnail\" alt=\"\" aria-describedby=\"gallery-1-27879\" srcset=\"https:\/\/www.arquimaster.com.ar\/web\/wp-content\/uploads\/2017\/11\/casa_ar14-150x150.jpg 150w, https:\/\/www.arquimaster.com.ar\/web\/wp-content\/uploads\/2017\/11\/casa_ar14-50x50.jpg 50w, https:\/\/www.arquimaster.com.ar\/web\/wp-content\/uploads\/2017\/11\/casa_ar14-125x125.jpg 125w\" sizes=\"auto, (max-width: 150px) 100vw, 150px\" \/><\/a>\n\t\t\t<\/div>\n\t\t\t\t<figcaption class='wp-caption-text gallery-caption' id='gallery-1-27879'>\n\t\t\t\tCasa AR \/ ARCO Arquitectura Contempor\u00e1nea (\u00a9 Jaime Navarro)\n\t\t\t\t<\/figcaption><\/figure><figure class='gallery-item'>\n\t\t\t<div class='gallery-icon landscape'>\n\t\t\t\t<a href='https:\/\/www.arquimaster.com.ar\/web\/wp-content\/uploads\/2017\/11\/casa_ar15.jpg' title=\"Casa AR \/ ARCO Arquitectura Contempor\u00e1nea (\u00a9 Jaime Navarro)\" data-rl_title=\"Casa AR \/ ARCO Arquitectura Contempor\u00e1nea (\u00a9 Jaime Navarro)\" class=\"rl-gallery-link\" data-rl_caption=\"Casa AR \/ ARCO Arquitectura Contempor\u00e1nea (\u00a9 Jaime Navarro)\" data-rel=\"lightbox-gallery-1\"><img loading=\"lazy\" decoding=\"async\" width=\"150\" height=\"150\" src=\"https:\/\/www.arquimaster.com.ar\/web\/wp-content\/uploads\/2017\/11\/casa_ar15-150x150.jpg\" class=\"attachment-thumbnail size-thumbnail\" alt=\"\" aria-describedby=\"gallery-1-27880\" srcset=\"https:\/\/www.arquimaster.com.ar\/web\/wp-content\/uploads\/2017\/11\/casa_ar15-150x150.jpg 150w, https:\/\/www.arquimaster.com.ar\/web\/wp-content\/uploads\/2017\/11\/casa_ar15-50x50.jpg 50w, https:\/\/www.arquimaster.com.ar\/web\/wp-content\/uploads\/2017\/11\/casa_ar15-125x125.jpg 125w\" sizes=\"auto, (max-width: 150px) 100vw, 150px\" \/><\/a>\n\t\t\t<\/div>\n\t\t\t\t<figcaption class='wp-caption-text gallery-caption' id='gallery-1-27880'>\n\t\t\t\tCasa AR \/ ARCO Arquitectura Contempor\u00e1nea (\u00a9 Jaime Navarro)\n\t\t\t\t<\/figcaption><\/figure><figure class='gallery-item'>\n\t\t\t<div class='gallery-icon landscape'>\n\t\t\t\t<a href='https:\/\/www.arquimaster.com.ar\/web\/wp-content\/uploads\/2017\/11\/casa_ar16.jpg' title=\"Casa AR \/ ARCO Arquitectura Contempor\u00e1nea (\u00a9 Jaime Navarro)\" data-rl_title=\"Casa AR \/ ARCO Arquitectura Contempor\u00e1nea (\u00a9 Jaime Navarro)\" class=\"rl-gallery-link\" data-rl_caption=\"Casa AR \/ ARCO Arquitectura Contempor\u00e1nea (\u00a9 Jaime Navarro)\" data-rel=\"lightbox-gallery-1\"><img loading=\"lazy\" decoding=\"async\" width=\"150\" height=\"150\" src=\"https:\/\/www.arquimaster.com.ar\/web\/wp-content\/uploads\/2017\/11\/casa_ar16-150x150.jpg\" class=\"attachment-thumbnail size-thumbnail\" alt=\"\" aria-describedby=\"gallery-1-27881\" srcset=\"https:\/\/www.arquimaster.com.ar\/web\/wp-content\/uploads\/2017\/11\/casa_ar16-150x150.jpg 150w, https:\/\/www.arquimaster.com.ar\/web\/wp-content\/uploads\/2017\/11\/casa_ar16-50x50.jpg 50w, https:\/\/www.arquimaster.com.ar\/web\/wp-content\/uploads\/2017\/11\/casa_ar16-125x125.jpg 125w\" sizes=\"auto, (max-width: 150px) 100vw, 150px\" \/><\/a>\n\t\t\t<\/div>\n\t\t\t\t<figcaption class='wp-caption-text gallery-caption' id='gallery-1-27881'>\n\t\t\t\tCasa AR \/ ARCO Arquitectura Contempor\u00e1nea (\u00a9 Jaime Navarro)\n\t\t\t\t<\/figcaption><\/figure><figure class='gallery-item'>\n\t\t\t<div class='gallery-icon portrait'>\n\t\t\t\t<a href='https:\/\/www.arquimaster.com.ar\/web\/wp-content\/uploads\/2017\/11\/casa_ar19.jpg' title=\"Casa AR \/ ARCO Arquitectura Contempor\u00e1nea (planta baja)\" data-rl_title=\"Casa AR \/ ARCO Arquitectura Contempor\u00e1nea (planta baja)\" class=\"rl-gallery-link\" data-rl_caption=\"Casa AR \/ ARCO Arquitectura Contempor\u00e1nea (planta baja)\" data-rel=\"lightbox-gallery-1\"><img loading=\"lazy\" decoding=\"async\" width=\"150\" height=\"150\" src=\"https:\/\/www.arquimaster.com.ar\/web\/wp-content\/uploads\/2017\/11\/casa_ar19-150x150.jpg\" class=\"attachment-thumbnail size-thumbnail\" alt=\"\" aria-describedby=\"gallery-1-27884\" srcset=\"https:\/\/www.arquimaster.com.ar\/web\/wp-content\/uploads\/2017\/11\/casa_ar19-150x150.jpg 150w, https:\/\/www.arquimaster.com.ar\/web\/wp-content\/uploads\/2017\/11\/casa_ar19-50x50.jpg 50w, https:\/\/www.arquimaster.com.ar\/web\/wp-content\/uploads\/2017\/11\/casa_ar19-125x125.jpg 125w\" sizes=\"auto, (max-width: 150px) 100vw, 150px\" \/><\/a>\n\t\t\t<\/div>\n\t\t\t\t<figcaption class='wp-caption-text gallery-caption' id='gallery-1-27884'>\n\t\t\t\tCasa AR \/ ARCO Arquitectura Contempor\u00e1nea (planta baja)\n\t\t\t\t<\/figcaption><\/figure><figure class='gallery-item'>\n\t\t\t<div class='gallery-icon portrait'>\n\t\t\t\t<a href='https:\/\/www.arquimaster.com.ar\/web\/wp-content\/uploads\/2017\/11\/casa_ar17.jpg' title=\"Casa AR \/ ARCO Arquitectura Contempor\u00e1nea (planta alta)\" data-rl_title=\"Casa AR \/ ARCO Arquitectura Contempor\u00e1nea (planta alta)\" class=\"rl-gallery-link\" data-rl_caption=\"Casa AR \/ ARCO Arquitectura Contempor\u00e1nea (planta alta)\" data-rel=\"lightbox-gallery-1\"><img loading=\"lazy\" decoding=\"async\" width=\"150\" height=\"150\" src=\"https:\/\/www.arquimaster.com.ar\/web\/wp-content\/uploads\/2017\/11\/casa_ar17-150x150.jpg\" class=\"attachment-thumbnail size-thumbnail\" alt=\"\" aria-describedby=\"gallery-1-27882\" srcset=\"https:\/\/www.arquimaster.com.ar\/web\/wp-content\/uploads\/2017\/11\/casa_ar17-150x150.jpg 150w, https:\/\/www.arquimaster.com.ar\/web\/wp-content\/uploads\/2017\/11\/casa_ar17-50x50.jpg 50w, https:\/\/www.arquimaster.com.ar\/web\/wp-content\/uploads\/2017\/11\/casa_ar17-125x125.jpg 125w\" sizes=\"auto, (max-width: 150px) 100vw, 150px\" \/><\/a>\n\t\t\t<\/div>\n\t\t\t\t<figcaption class='wp-caption-text gallery-caption' id='gallery-1-27882'>\n\t\t\t\tCasa AR \/ ARCO Arquitectura Contempor\u00e1nea (planta alta)\n\t\t\t\t<\/figcaption><\/figure><figure class='gallery-item'>\n\t\t\t<div class='gallery-icon portrait'>\n\t\t\t\t<a href='https:\/\/www.arquimaster.com.ar\/web\/wp-content\/uploads\/2017\/11\/casa_ar18.jpg' title=\"Casa AR \/ ARCO Arquitectura Contempor\u00e1nea (planta azotea)\" data-rl_title=\"Casa AR \/ ARCO Arquitectura Contempor\u00e1nea (planta azotea)\" class=\"rl-gallery-link\" data-rl_caption=\"Casa AR \/ ARCO Arquitectura Contempor\u00e1nea (planta azotea)\" data-rel=\"lightbox-gallery-1\"><img loading=\"lazy\" decoding=\"async\" width=\"150\" height=\"150\" src=\"https:\/\/www.arquimaster.com.ar\/web\/wp-content\/uploads\/2017\/11\/casa_ar18-150x150.jpg\" class=\"attachment-thumbnail size-thumbnail\" alt=\"\" aria-describedby=\"gallery-1-27883\" srcset=\"https:\/\/www.arquimaster.com.ar\/web\/wp-content\/uploads\/2017\/11\/casa_ar18-150x150.jpg 150w, https:\/\/www.arquimaster.com.ar\/web\/wp-content\/uploads\/2017\/11\/casa_ar18-50x50.jpg 50w, https:\/\/www.arquimaster.com.ar\/web\/wp-content\/uploads\/2017\/11\/casa_ar18-125x125.jpg 125w\" sizes=\"auto, (max-width: 150px) 100vw, 150px\" \/><\/a>\n\t\t\t<\/div>\n\t\t\t\t<figcaption class='wp-caption-text gallery-caption' id='gallery-1-27883'>\n\t\t\t\tCasa AR \/ ARCO Arquitectura Contempor\u00e1nea (planta azotea)\n\t\t\t\t<\/figcaption><\/figure><figure class='gallery-item'>\n\t\t\t<div class='gallery-icon landscape'>\n\t\t\t\t<a href='https:\/\/www.arquimaster.com.ar\/web\/wp-content\/uploads\/2017\/11\/casa_ar20.jpg' title=\"Casa AR \/ ARCO Arquitectura Contempor\u00e1nea (corte)\" data-rl_title=\"Casa AR \/ ARCO Arquitectura Contempor\u00e1nea (corte)\" class=\"rl-gallery-link\" data-rl_caption=\"Casa AR \/ ARCO Arquitectura Contempor\u00e1nea (corte)\" data-rel=\"lightbox-gallery-1\"><img loading=\"lazy\" decoding=\"async\" width=\"150\" height=\"150\" src=\"https:\/\/www.arquimaster.com.ar\/web\/wp-content\/uploads\/2017\/11\/casa_ar20-150x150.jpg\" class=\"attachment-thumbnail size-thumbnail\" alt=\"\" aria-describedby=\"gallery-1-27885\" srcset=\"https:\/\/www.arquimaster.com.ar\/web\/wp-content\/uploads\/2017\/11\/casa_ar20-150x150.jpg 150w, https:\/\/www.arquimaster.com.ar\/web\/wp-content\/uploads\/2017\/11\/casa_ar20-50x50.jpg 50w, https:\/\/www.arquimaster.com.ar\/web\/wp-content\/uploads\/2017\/11\/casa_ar20-125x125.jpg 125w\" sizes=\"auto, (max-width: 150px) 100vw, 150px\" \/><\/a>\n\t\t\t<\/div>\n\t\t\t\t<figcaption class='wp-caption-text gallery-caption' id='gallery-1-27885'>\n\t\t\t\tCasa AR \/ ARCO Arquitectura Contempor\u00e1nea (corte)\n\t\t\t\t<\/figcaption><\/figure><figure class='gallery-item'>\n\t\t\t<div class='gallery-icon landscape'>\n\t\t\t\t<a href='https:\/\/www.arquimaster.com.ar\/web\/wp-content\/uploads\/2017\/11\/casa_ar21.jpg' title=\"Casa AR \/ ARCO Arquitectura Contempor\u00e1nea (corte)\" data-rl_title=\"Casa AR \/ ARCO Arquitectura Contempor\u00e1nea (corte)\" class=\"rl-gallery-link\" data-rl_caption=\"Casa AR \/ ARCO Arquitectura Contempor\u00e1nea (corte)\" data-rel=\"lightbox-gallery-1\"><img loading=\"lazy\" decoding=\"async\" width=\"150\" height=\"150\" src=\"https:\/\/www.arquimaster.com.ar\/web\/wp-content\/uploads\/2017\/11\/casa_ar21-150x150.jpg\" class=\"attachment-thumbnail size-thumbnail\" alt=\"\" aria-describedby=\"gallery-1-27886\" srcset=\"https:\/\/www.arquimaster.com.ar\/web\/wp-content\/uploads\/2017\/11\/casa_ar21-150x150.jpg 150w, https:\/\/www.arquimaster.com.ar\/web\/wp-content\/uploads\/2017\/11\/casa_ar21-50x50.jpg 50w, https:\/\/www.arquimaster.com.ar\/web\/wp-content\/uploads\/2017\/11\/casa_ar21-125x125.jpg 125w\" sizes=\"auto, (max-width: 150px) 100vw, 150px\" \/><\/a>\n\t\t\t<\/div>\n\t\t\t\t<figcaption class='wp-caption-text gallery-caption' id='gallery-1-27886'>\n\t\t\t\tCasa AR \/ ARCO Arquitectura Contempor\u00e1nea (corte)\n\t\t\t\t<\/figcaption><\/figure><figure class='gallery-item'>\n\t\t\t<div class='gallery-icon landscape'>\n\t\t\t\t<a href='https:\/\/www.arquimaster.com.ar\/web\/wp-content\/uploads\/2017\/11\/casa_ar22.jpg' title=\"Casa AR \/ ARCO Arquitectura Contempor\u00e1nea (corte)\" data-rl_title=\"Casa AR \/ ARCO Arquitectura Contempor\u00e1nea (corte)\" class=\"rl-gallery-link\" data-rl_caption=\"Casa AR \/ ARCO Arquitectura Contempor\u00e1nea (corte)\" data-rel=\"lightbox-gallery-1\"><img loading=\"lazy\" decoding=\"async\" width=\"150\" height=\"150\" src=\"https:\/\/www.arquimaster.com.ar\/web\/wp-content\/uploads\/2017\/11\/casa_ar22-150x150.jpg\" class=\"attachment-thumbnail size-thumbnail\" alt=\"\" aria-describedby=\"gallery-1-27887\" srcset=\"https:\/\/www.arquimaster.com.ar\/web\/wp-content\/uploads\/2017\/11\/casa_ar22-150x150.jpg 150w, https:\/\/www.arquimaster.com.ar\/web\/wp-content\/uploads\/2017\/11\/casa_ar22-50x50.jpg 50w, https:\/\/www.arquimaster.com.ar\/web\/wp-content\/uploads\/2017\/11\/casa_ar22-125x125.jpg 125w\" sizes=\"auto, (max-width: 150px) 100vw, 150px\" \/><\/a>\n\t\t\t<\/div>\n\t\t\t\t<figcaption class='wp-caption-text gallery-caption' id='gallery-1-27887'>\n\t\t\t\tCasa AR \/ ARCO Arquitectura Contempor\u00e1nea (corte)\n\t\t\t\t<\/figcaption><\/figure>\n\t\t<\/div>\n\n<p>La casa se encuentra desplantada al centro del terreno de forma irregular y completamente rodeada de jard\u00edn por lo que en todas las \u00e1reas se privilegi\u00f3 la relaci\u00f3n interior exterior. Se decidi\u00f3 conservar el acabado original en el exterior que es tabique de demolici\u00f3n que se combin\u00f3 con l\u00e1mina acanalada color negro aluzinc en las nuevas \u00e1reas para lograr el contraste de los dos proyectos y haciendo evidente el nuevo contenedor que se integra a la construcci\u00f3n existente. El estacionamiento tambi\u00e9n creci\u00f3 de tama\u00f1o y se aprovech\u00f3 para ponerle techo. La fachada hacia la calle cambi\u00f3 dr\u00e1sticamente y se mimetiz\u00f3 con el proyecto logrando una cara m\u00e1s discreta.<\/p>\n<p>El interior presenta una mezcla de acabados bien lograda que, junto con el tipo de iluminaci\u00f3n implementada, generan espacios muy c\u00e1lidos y acogedores en los que est\u00e1n presentes materiales naturales y e industriales. Predominan la duela de madera de ingenier\u00eda, tanto en pisos como muros, elementos de herrer\u00eda en color negro, muros de concreto aparente, tabique de demolici\u00f3n y pisos de granito negro y de pasta.<\/p>\n<p>La paleta de colores tiene como centro los acabados que se complement\u00f3 con una gama de tonos grises neutros. La selecci\u00f3n y especificaci\u00f3n del mobiliario presenta una interesante variedad con piezas dise\u00f1adas espec\u00edficamente para cada espacio y otras fueron compradas e importadas. Parte importante del interiorismo fue la selecci\u00f3n de todo el arte de la casa, as\u00ed como de la vegetaci\u00f3n presente en cada espacio resaltando la armon\u00eda del mobiliario contempor\u00e1neo con las antig\u00fcedades que forman parte de la colecci\u00f3n de los propietarios.<\/p>\n<p>A lo largo de la casa se van generando remates visuales y aperturas hacia la parte de jardiner\u00eda en el exterior, adem\u00e1s se van formando una serie de planos visuales que van dando una perspectiva de las distintas \u00e1reas de la casa a trav\u00e9s de diferentes niveles.<\/p>\n<p>En el jard\u00edn se dise\u00f1\u00f3 una sala hundida con una fogata para tener reuniones sociales durante todo el a\u00f1o y por la noche. Este ambiente exterior conecta directo con la salida de la casa -desde el comedor- y hacia el espacio de la terraza, que se integra con el \u00e1rea de asador logrando un amplio espacio multifuncional para aprovechar al m\u00e1ximo los espacios en el exterior.<\/p>\n<p>En este proyecto es evidente la gran experiencia de ARCO Arquitectura Contempor\u00e1nea para el dise\u00f1o de espacios residenciales en el que se logr\u00f3, no solamente la ampliaci\u00f3n de la casa, sino una renovaci\u00f3n completa para recibir un programa arquitect\u00f3nico que incluye todas las necesidades y gustos de sus nuevos habitantes.<\/p>\n<p><strong>Ficha t\u00e9cnica<\/strong><br \/>\nNombre: Casa AR<br \/>\nUbicaci\u00f3n: Ciudad de M\u00e9xico<br \/>\nDise\u00f1o del proyecto: ARCO Arquitectura Contempor\u00e1nea<br \/>\nArq. Jos\u00e9 Lew, Arq. Bernardo Lew<br \/>\n\u00c1rea construida: 600 m2<br \/>\nA\u00f1o: 2015<br \/>\nFotograf\u00eda: Jaime Navarro<\/p>\n<p><strong>Contacto:<\/strong> <a href=\"http:\/\/www.ar-co.com.mx\" target=\"_blank\" rel=\"noopener\">http:\/\/www.ar-co.com.mx<\/a><\/p>\n<p>&nbsp;<\/p>\n<p><strong><em>English version<\/em><\/strong><\/p>\n<p><em>Casa AR is the result of remodeling and extending a residence -in a 1,000 sq m lot constructed in the 80s- located on the west side of Mexico City. The spaces in the original project had the potential that tilted the balance on keeping most of them and working on making the modifications and extensions necessary for the new program. The public areas had ample spaces, but much reduced ones on the private areas; what lead to a mayor intervention in order to generate a wider opening and a clear visual communication among all the areas in the house.<\/em><\/p>\n<p><em>The house is off plumb at the center of an irregular form lot surrounded completely by gardens, the reason why the project granted the relation between interior and exterior. Demolition brick is the finish used for the outside and was left to be combined with black corrugated profile aluzinc blades in the new areas to create the contrast between the two projects and bring out the new volume that integrates to the existent construction.<\/em><\/p>\n<p><em>The interior presents a well done mix of finishes that, along with the lighting design, generates warm and cozy spaces where the natural and industrial materials stand out, such as: engineer hardwood in floors and walls, black forge elements, apparent concrete wall, demolition brick and black granite and plaster floors.<\/em><\/p>\n<p><em>The color pallete is centered on the finishes and was completed with a full range of neutral grays. The selection and specification of the furniture presents an interesting variety formed by custom designed pieces and others that were bought and imported. A main part of the interior design was the selection of the art pieces for the house, as well as the vegetation present in every space, enhancing the harmony between contemporary furniture and antiques that are from the owner\u00b4s collection.<\/em><\/p>\n<p><em>Along the whole house there is a series of visual finishing touches and openings towards the exterior garden as well as visual planes that give perspective in the different areas of the house through different levels.<\/em><\/p>\n<p><em>In the garden there is a deep living area with a fire pit for social gathering throughout the year and evenings. This exterior ambiance connects directly with the house exit -from the living room- towards the terrace, that integrates with the grill area creating an ample and multifunctional space to make the most of the exterior areas.<\/em><\/p>\n<p><em>This project shows ARCO Arquitectura Contempor\u00e1nea great experience for residential design, accomplishing not only the extension of the house, but a full renovation to receive the entire architectonic program that includes all the needs and likes of the new inhabitants.<\/em><\/p>\n\n<div style=\"font-size: 0px; height: 0px; line-height: 0px; margin: 0; padding: 0; clear: both;\"><\/div><div style=\"margin-top: 0px; margin-bottom: 0px;\" class=\"sharethis-inline-share-buttons\" ><\/div>","protected":false},"excerpt":{"rendered":"<p>A lo largo de la casa se generan remates visuales y aperturas hacia el jard\u00edn en el exterior&#8230;<\/p>\n","protected":false},"author":1,"featured_media":27865,"comment_status":"closed","ping_status":"closed","sticky":false,"template":"","format":"standard","meta":{"_uag_custom_page_level_css":"","footnotes":""},"categories":[1,83],"tags":[248,1515,250,1514,1043,254],"class_list":["post-27863","post","type-post","status-publish","format-standard","has-post-thumbnail","hentry","category-proyecto","category-vivienda-unifamiliar","tag-arco-arquitectura-contemporanea","tag-bernardo-lew-kirsch","tag-ciudad-de-mexico","tag-jose-lew-kirsch","tag-reforma-de-vivienda","tag-vivienda-unifamiliar-2","generate-columns","tablet-grid-50","mobile-grid-100","grid-parent","grid-50"],"yoast_head":"<!-- This site is optimized with the Yoast SEO plugin v27.3 - https:\/\/yoast.com\/product\/yoast-seo-wordpress\/ -->\n<title>Casa AR \/ ARCO Arquitectura Contempor\u00e1nea - Arquimaster<\/title>\n<meta name=\"robots\" content=\"index, follow, max-snippet:-1, max-image-preview:large, max-video-preview:-1\" \/>\n<link rel=\"canonical\" href=\"https:\/\/www.arquimaster.com.ar\/web\/casa-ar-arco-arquitectura-contemporanea\/\" \/>\n<meta property=\"og:locale\" content=\"es_ES\" \/>\n<meta property=\"og:type\" content=\"article\" \/>\n<meta property=\"og:title\" content=\"Casa AR \/ ARCO Arquitectura Contempor\u00e1nea - Arquimaster\" \/>\n<meta property=\"og:description\" content=\"A lo largo de la casa se generan remates visuales y aperturas hacia el jard\u00edn en el exterior...\" \/>\n<meta property=\"og:url\" content=\"https:\/\/www.arquimaster.com.ar\/web\/casa-ar-arco-arquitectura-contemporanea\/\" \/>\n<meta property=\"og:site_name\" content=\"Arquimaster\" \/>\n<meta property=\"article:publisher\" content=\"http:\/\/www.facebook.com\/ARQUIMASTER.com.ar\" \/>\n<meta property=\"article:published_time\" content=\"2017-11-09T19:23:44+00:00\" \/>\n<meta property=\"article:modified_time\" content=\"2017-11-13T19:33:09+00:00\" \/>\n<meta property=\"og:image\" content=\"https:\/\/www.arquimaster.com.ar\/web\/wp-content\/uploads\/2017\/11\/casa_ar_slide.jpg\" \/>\n\t<meta property=\"og:image:width\" content=\"642\" \/>\n\t<meta property=\"og:image:height\" content=\"336\" \/>\n\t<meta property=\"og:image:type\" content=\"image\/jpeg\" \/>\n<meta name=\"author\" content=\"Arquimaster\" \/>\n<meta name=\"twitter:card\" content=\"summary_large_image\" \/>\n<meta name=\"twitter:creator\" content=\"@arquimaster\" \/>\n<meta name=\"twitter:site\" content=\"@arquimaster\" \/>\n<meta name=\"twitter:label1\" content=\"Escrito por\" \/>\n\t<meta name=\"twitter:data1\" content=\"Arquimaster\" \/>\n\t<meta name=\"twitter:label2\" content=\"Tiempo de lectura\" \/>\n\t<meta name=\"twitter:data2\" content=\"5 minutos\" \/>\n<script type=\"application\/ld+json\" class=\"yoast-schema-graph\">{\"@context\":\"https:\\\/\\\/schema.org\",\"@graph\":[{\"@type\":\"Article\",\"@id\":\"https:\\\/\\\/www.arquimaster.com.ar\\\/web\\\/casa-ar-arco-arquitectura-contemporanea\\\/#article\",\"isPartOf\":{\"@id\":\"https:\\\/\\\/www.arquimaster.com.ar\\\/web\\\/casa-ar-arco-arquitectura-contemporanea\\\/\"},\"author\":{\"name\":\"Arquimaster\",\"@id\":\"https:\\\/\\\/www.arquimaster.com.ar\\\/web\\\/#\\\/schema\\\/person\\\/359e9f7c00193fcde068e0dd2ceb0028\"},\"headline\":\"Casa AR \\\/ ARCO Arquitectura Contempor\u00e1nea\",\"datePublished\":\"2017-11-09T19:23:44+00:00\",\"dateModified\":\"2017-11-13T19:33:09+00:00\",\"mainEntityOfPage\":{\"@id\":\"https:\\\/\\\/www.arquimaster.com.ar\\\/web\\\/casa-ar-arco-arquitectura-contemporanea\\\/\"},\"wordCount\":1065,\"publisher\":{\"@id\":\"https:\\\/\\\/www.arquimaster.com.ar\\\/web\\\/#organization\"},\"image\":{\"@id\":\"https:\\\/\\\/www.arquimaster.com.ar\\\/web\\\/casa-ar-arco-arquitectura-contemporanea\\\/#primaryimage\"},\"thumbnailUrl\":\"https:\\\/\\\/www.arquimaster.com.ar\\\/web\\\/wp-content\\\/uploads\\\/2017\\\/11\\\/casa_ar_slide.jpg\",\"keywords\":[\"ARCO Arquitectura Contempor\u00e1nea\",\"Bernardo Lew Kirsch\",\"Ciudad de Mexico\",\"Jos\u00e9 Lew Kirsch\",\"reforma de vivienda\",\"vivienda unifamiliar\"],\"articleSection\":[\"Proyecto\",\"Vivienda unifamiliar y PH\"],\"inLanguage\":\"es\"},{\"@type\":\"WebPage\",\"@id\":\"https:\\\/\\\/www.arquimaster.com.ar\\\/web\\\/casa-ar-arco-arquitectura-contemporanea\\\/\",\"url\":\"https:\\\/\\\/www.arquimaster.com.ar\\\/web\\\/casa-ar-arco-arquitectura-contemporanea\\\/\",\"name\":\"Casa AR \\\/ ARCO Arquitectura Contempor\u00e1nea - Arquimaster\",\"isPartOf\":{\"@id\":\"https:\\\/\\\/www.arquimaster.com.ar\\\/web\\\/#website\"},\"primaryImageOfPage\":{\"@id\":\"https:\\\/\\\/www.arquimaster.com.ar\\\/web\\\/casa-ar-arco-arquitectura-contemporanea\\\/#primaryimage\"},\"image\":{\"@id\":\"https:\\\/\\\/www.arquimaster.com.ar\\\/web\\\/casa-ar-arco-arquitectura-contemporanea\\\/#primaryimage\"},\"thumbnailUrl\":\"https:\\\/\\\/www.arquimaster.com.ar\\\/web\\\/wp-content\\\/uploads\\\/2017\\\/11\\\/casa_ar_slide.jpg\",\"datePublished\":\"2017-11-09T19:23:44+00:00\",\"dateModified\":\"2017-11-13T19:33:09+00:00\",\"breadcrumb\":{\"@id\":\"https:\\\/\\\/www.arquimaster.com.ar\\\/web\\\/casa-ar-arco-arquitectura-contemporanea\\\/#breadcrumb\"},\"inLanguage\":\"es\",\"potentialAction\":[{\"@type\":\"ReadAction\",\"target\":[\"https:\\\/\\\/www.arquimaster.com.ar\\\/web\\\/casa-ar-arco-arquitectura-contemporanea\\\/\"]}]},{\"@type\":\"ImageObject\",\"inLanguage\":\"es\",\"@id\":\"https:\\\/\\\/www.arquimaster.com.ar\\\/web\\\/casa-ar-arco-arquitectura-contemporanea\\\/#primaryimage\",\"url\":\"https:\\\/\\\/www.arquimaster.com.ar\\\/web\\\/wp-content\\\/uploads\\\/2017\\\/11\\\/casa_ar_slide.jpg\",\"contentUrl\":\"https:\\\/\\\/www.arquimaster.com.ar\\\/web\\\/wp-content\\\/uploads\\\/2017\\\/11\\\/casa_ar_slide.jpg\",\"width\":642,\"height\":336},{\"@type\":\"BreadcrumbList\",\"@id\":\"https:\\\/\\\/www.arquimaster.com.ar\\\/web\\\/casa-ar-arco-arquitectura-contemporanea\\\/#breadcrumb\",\"itemListElement\":[{\"@type\":\"ListItem\",\"position\":1,\"name\":\"Portada\",\"item\":\"https:\\\/\\\/www.arquimaster.com.ar\\\/web\\\/\"},{\"@type\":\"ListItem\",\"position\":2,\"name\":\"Casa AR \\\/ ARCO Arquitectura Contempor\u00e1nea\"}]},{\"@type\":\"WebSite\",\"@id\":\"https:\\\/\\\/www.arquimaster.com.ar\\\/web\\\/#website\",\"url\":\"https:\\\/\\\/www.arquimaster.com.ar\\\/web\\\/\",\"name\":\"Arquimaster\",\"description\":\"Web de arquitectura, dise\u00f1o y construccion\",\"publisher\":{\"@id\":\"https:\\\/\\\/www.arquimaster.com.ar\\\/web\\\/#organization\"},\"potentialAction\":[{\"@type\":\"SearchAction\",\"target\":{\"@type\":\"EntryPoint\",\"urlTemplate\":\"https:\\\/\\\/www.arquimaster.com.ar\\\/web\\\/?s={search_term_string}\"},\"query-input\":{\"@type\":\"PropertyValueSpecification\",\"valueRequired\":true,\"valueName\":\"search_term_string\"}}],\"inLanguage\":\"es\"},{\"@type\":\"Organization\",\"@id\":\"https:\\\/\\\/www.arquimaster.com.ar\\\/web\\\/#organization\",\"name\":\"Arquimaster\",\"url\":\"https:\\\/\\\/www.arquimaster.com.ar\\\/web\\\/\",\"logo\":{\"@type\":\"ImageObject\",\"inLanguage\":\"es\",\"@id\":\"https:\\\/\\\/www.arquimaster.com.ar\\\/web\\\/#\\\/schema\\\/logo\\\/image\\\/\",\"url\":\"https:\\\/\\\/www.arquimaster.com.ar\\\/web\\\/wp-content\\\/uploads\\\/2022\\\/06\\\/arquimaster.png\",\"contentUrl\":\"https:\\\/\\\/www.arquimaster.com.ar\\\/web\\\/wp-content\\\/uploads\\\/2022\\\/06\\\/arquimaster.png\",\"width\":594,\"height\":78,\"caption\":\"Arquimaster\"},\"image\":{\"@id\":\"https:\\\/\\\/www.arquimaster.com.ar\\\/web\\\/#\\\/schema\\\/logo\\\/image\\\/\"},\"sameAs\":[\"http:\\\/\\\/www.facebook.com\\\/ARQUIMASTER.com.ar\",\"https:\\\/\\\/x.com\\\/arquimaster\",\"https:\\\/\\\/www.instagram.com\\\/arquimasterblog\\\/\",\"https:\\\/\\\/www.linkedin.com\\\/company\\\/arquimaster\",\"https:\\\/\\\/www.pinterest.com\\\/arquimaster\",\"https:\\\/\\\/t.me\\\/arquimaster\"]},{\"@type\":\"Person\",\"@id\":\"https:\\\/\\\/www.arquimaster.com.ar\\\/web\\\/#\\\/schema\\\/person\\\/359e9f7c00193fcde068e0dd2ceb0028\",\"name\":\"Arquimaster\"}]}<\/script>\n<!-- \/ Yoast SEO plugin. -->","yoast_head_json":{"title":"Casa AR \/ ARCO Arquitectura Contempor\u00e1nea - Arquimaster","robots":{"index":"index","follow":"follow","max-snippet":"max-snippet:-1","max-image-preview":"max-image-preview:large","max-video-preview":"max-video-preview:-1"},"canonical":"https:\/\/www.arquimaster.com.ar\/web\/casa-ar-arco-arquitectura-contemporanea\/","og_locale":"es_ES","og_type":"article","og_title":"Casa AR \/ ARCO Arquitectura Contempor\u00e1nea - Arquimaster","og_description":"A lo largo de la casa se generan remates visuales y aperturas hacia el jard\u00edn en el exterior...","og_url":"https:\/\/www.arquimaster.com.ar\/web\/casa-ar-arco-arquitectura-contemporanea\/","og_site_name":"Arquimaster","article_publisher":"http:\/\/www.facebook.com\/ARQUIMASTER.com.ar","article_published_time":"2017-11-09T19:23:44+00:00","article_modified_time":"2017-11-13T19:33:09+00:00","og_image":[{"width":642,"height":336,"url":"https:\/\/www.arquimaster.com.ar\/web\/wp-content\/uploads\/2017\/11\/casa_ar_slide.jpg","type":"image\/jpeg"}],"author":"Arquimaster","twitter_card":"summary_large_image","twitter_creator":"@arquimaster","twitter_site":"@arquimaster","twitter_misc":{"Escrito por":"Arquimaster","Tiempo de lectura":"5 minutos"},"schema":{"@context":"https:\/\/schema.org","@graph":[{"@type":"Article","@id":"https:\/\/www.arquimaster.com.ar\/web\/casa-ar-arco-arquitectura-contemporanea\/#article","isPartOf":{"@id":"https:\/\/www.arquimaster.com.ar\/web\/casa-ar-arco-arquitectura-contemporanea\/"},"author":{"name":"Arquimaster","@id":"https:\/\/www.arquimaster.com.ar\/web\/#\/schema\/person\/359e9f7c00193fcde068e0dd2ceb0028"},"headline":"Casa AR \/ ARCO Arquitectura Contempor\u00e1nea","datePublished":"2017-11-09T19:23:44+00:00","dateModified":"2017-11-13T19:33:09+00:00","mainEntityOfPage":{"@id":"https:\/\/www.arquimaster.com.ar\/web\/casa-ar-arco-arquitectura-contemporanea\/"},"wordCount":1065,"publisher":{"@id":"https:\/\/www.arquimaster.com.ar\/web\/#organization"},"image":{"@id":"https:\/\/www.arquimaster.com.ar\/web\/casa-ar-arco-arquitectura-contemporanea\/#primaryimage"},"thumbnailUrl":"https:\/\/www.arquimaster.com.ar\/web\/wp-content\/uploads\/2017\/11\/casa_ar_slide.jpg","keywords":["ARCO Arquitectura Contempor\u00e1nea","Bernardo Lew Kirsch","Ciudad de Mexico","Jos\u00e9 Lew Kirsch","reforma de vivienda","vivienda unifamiliar"],"articleSection":["Proyecto","Vivienda unifamiliar y PH"],"inLanguage":"es"},{"@type":"WebPage","@id":"https:\/\/www.arquimaster.com.ar\/web\/casa-ar-arco-arquitectura-contemporanea\/","url":"https:\/\/www.arquimaster.com.ar\/web\/casa-ar-arco-arquitectura-contemporanea\/","name":"Casa AR \/ ARCO Arquitectura Contempor\u00e1nea - Arquimaster","isPartOf":{"@id":"https:\/\/www.arquimaster.com.ar\/web\/#website"},"primaryImageOfPage":{"@id":"https:\/\/www.arquimaster.com.ar\/web\/casa-ar-arco-arquitectura-contemporanea\/#primaryimage"},"image":{"@id":"https:\/\/www.arquimaster.com.ar\/web\/casa-ar-arco-arquitectura-contemporanea\/#primaryimage"},"thumbnailUrl":"https:\/\/www.arquimaster.com.ar\/web\/wp-content\/uploads\/2017\/11\/casa_ar_slide.jpg","datePublished":"2017-11-09T19:23:44+00:00","dateModified":"2017-11-13T19:33:09+00:00","breadcrumb":{"@id":"https:\/\/www.arquimaster.com.ar\/web\/casa-ar-arco-arquitectura-contemporanea\/#breadcrumb"},"inLanguage":"es","potentialAction":[{"@type":"ReadAction","target":["https:\/\/www.arquimaster.com.ar\/web\/casa-ar-arco-arquitectura-contemporanea\/"]}]},{"@type":"ImageObject","inLanguage":"es","@id":"https:\/\/www.arquimaster.com.ar\/web\/casa-ar-arco-arquitectura-contemporanea\/#primaryimage","url":"https:\/\/www.arquimaster.com.ar\/web\/wp-content\/uploads\/2017\/11\/casa_ar_slide.jpg","contentUrl":"https:\/\/www.arquimaster.com.ar\/web\/wp-content\/uploads\/2017\/11\/casa_ar_slide.jpg","width":642,"height":336},{"@type":"BreadcrumbList","@id":"https:\/\/www.arquimaster.com.ar\/web\/casa-ar-arco-arquitectura-contemporanea\/#breadcrumb","itemListElement":[{"@type":"ListItem","position":1,"name":"Portada","item":"https:\/\/www.arquimaster.com.ar\/web\/"},{"@type":"ListItem","position":2,"name":"Casa AR \/ ARCO Arquitectura Contempor\u00e1nea"}]},{"@type":"WebSite","@id":"https:\/\/www.arquimaster.com.ar\/web\/#website","url":"https:\/\/www.arquimaster.com.ar\/web\/","name":"Arquimaster","description":"Web de arquitectura, dise\u00f1o y construccion","publisher":{"@id":"https:\/\/www.arquimaster.com.ar\/web\/#organization"},"potentialAction":[{"@type":"SearchAction","target":{"@type":"EntryPoint","urlTemplate":"https:\/\/www.arquimaster.com.ar\/web\/?s={search_term_string}"},"query-input":{"@type":"PropertyValueSpecification","valueRequired":true,"valueName":"search_term_string"}}],"inLanguage":"es"},{"@type":"Organization","@id":"https:\/\/www.arquimaster.com.ar\/web\/#organization","name":"Arquimaster","url":"https:\/\/www.arquimaster.com.ar\/web\/","logo":{"@type":"ImageObject","inLanguage":"es","@id":"https:\/\/www.arquimaster.com.ar\/web\/#\/schema\/logo\/image\/","url":"https:\/\/www.arquimaster.com.ar\/web\/wp-content\/uploads\/2022\/06\/arquimaster.png","contentUrl":"https:\/\/www.arquimaster.com.ar\/web\/wp-content\/uploads\/2022\/06\/arquimaster.png","width":594,"height":78,"caption":"Arquimaster"},"image":{"@id":"https:\/\/www.arquimaster.com.ar\/web\/#\/schema\/logo\/image\/"},"sameAs":["http:\/\/www.facebook.com\/ARQUIMASTER.com.ar","https:\/\/x.com\/arquimaster","https:\/\/www.instagram.com\/arquimasterblog\/","https:\/\/www.linkedin.com\/company\/arquimaster","https:\/\/www.pinterest.com\/arquimaster","https:\/\/t.me\/arquimaster"]},{"@type":"Person","@id":"https:\/\/www.arquimaster.com.ar\/web\/#\/schema\/person\/359e9f7c00193fcde068e0dd2ceb0028","name":"Arquimaster"}]}},"uagb_featured_image_src":{"full":["https:\/\/www.arquimaster.com.ar\/web\/wp-content\/uploads\/2017\/11\/casa_ar_slide.jpg",642,336,false],"thumbnail":["https:\/\/www.arquimaster.com.ar\/web\/wp-content\/uploads\/2017\/11\/casa_ar_slide-150x150.jpg",150,150,true],"medium":["https:\/\/www.arquimaster.com.ar\/web\/wp-content\/uploads\/2017\/11\/casa_ar_slide.jpg",642,336,false],"medium_large":["https:\/\/www.arquimaster.com.ar\/web\/wp-content\/uploads\/2017\/11\/casa_ar_slide.jpg",642,336,false],"large":["https:\/\/www.arquimaster.com.ar\/web\/wp-content\/uploads\/2017\/11\/casa_ar_slide.jpg",642,336,false],"1536x1536":["https:\/\/www.arquimaster.com.ar\/web\/wp-content\/uploads\/2017\/11\/casa_ar_slide.jpg",642,336,false],"2048x2048":["https:\/\/www.arquimaster.com.ar\/web\/wp-content\/uploads\/2017\/11\/casa_ar_slide.jpg",642,336,false]},"uagb_author_info":{"display_name":"Arquimaster","author_link":"https:\/\/www.arquimaster.com.ar\/web\/author\/arquimaster\/"},"uagb_comment_info":0,"uagb_excerpt":"A lo largo de la casa se generan remates visuales y aperturas hacia el jard\u00edn en el exterior...","_links":{"self":[{"href":"https:\/\/www.arquimaster.com.ar\/web\/wp-json\/wp\/v2\/posts\/27863","targetHints":{"allow":["GET"]}}],"collection":[{"href":"https:\/\/www.arquimaster.com.ar\/web\/wp-json\/wp\/v2\/posts"}],"about":[{"href":"https:\/\/www.arquimaster.com.ar\/web\/wp-json\/wp\/v2\/types\/post"}],"author":[{"embeddable":true,"href":"https:\/\/www.arquimaster.com.ar\/web\/wp-json\/wp\/v2\/users\/1"}],"replies":[{"embeddable":true,"href":"https:\/\/www.arquimaster.com.ar\/web\/wp-json\/wp\/v2\/comments?post=27863"}],"version-history":[{"count":0,"href":"https:\/\/www.arquimaster.com.ar\/web\/wp-json\/wp\/v2\/posts\/27863\/revisions"}],"wp:featuredmedia":[{"embeddable":true,"href":"https:\/\/www.arquimaster.com.ar\/web\/wp-json\/wp\/v2\/media\/27865"}],"wp:attachment":[{"href":"https:\/\/www.arquimaster.com.ar\/web\/wp-json\/wp\/v2\/media?parent=27863"}],"wp:term":[{"taxonomy":"category","embeddable":true,"href":"https:\/\/www.arquimaster.com.ar\/web\/wp-json\/wp\/v2\/categories?post=27863"},{"taxonomy":"post_tag","embeddable":true,"href":"https:\/\/www.arquimaster.com.ar\/web\/wp-json\/wp\/v2\/tags?post=27863"}],"curies":[{"name":"wp","href":"https:\/\/api.w.org\/{rel}","templated":true}]}}