{"id":27947,"date":"2017-11-16T17:48:39","date_gmt":"2017-11-16T17:48:39","guid":{"rendered":"http:\/\/www.arquimaster.com.ar\/web\/?p=27947"},"modified":"2017-11-21T18:12:53","modified_gmt":"2017-11-21T18:12:53","slug":"casa-en-costa-esmeralda-dalessandro-y-buenamaizon","status":"publish","type":"post","link":"https:\/\/www.arquimaster.com.ar\/web\/casa-en-costa-esmeralda-dalessandro-y-buenamaizon\/","title":{"rendered":"Casa en Costa Esmeralda \/ D&#8217;Alessandro y Buenamaizon"},"content":{"rendered":"<div style=\"margin-top: 0px; margin-bottom: 0px;\" class=\"sharethis-inline-share-buttons\" ><\/div><div class=\"b812932af2e751442846f039925109de\" data-index=\"1\" style=\"float: none; margin:25px 0 25px 0; text-align:center;\">\n<script async src=\"https:\/\/pagead2.googlesyndication.com\/pagead\/js\/adsbygoogle.js\"><\/script>\r\n<!-- Arquimaster (superior) -->\r\n<ins class=\"adsbygoogle\"\r\n     style=\"display:block\"\r\n     data-ad-client=\"ca-pub-6351072698456832\"\r\n     data-ad-slot=\"6455489680\"\r\n     data-ad-format=\"auto\"\r\n     data-full-width-responsive=\"true\"><\/ins>\r\n<script>\r\n     (adsbygoogle = window.adsbygoogle || []).push({});\r\n<\/script>\n<\/div>\n<p><strong>Casa en Costa Esmeralda<\/strong> (Partido de la Costa, Pcia. de Buenos Aires) por <strong>Guillermo D&#8217;Alessandro y Gabriela Buenamaizon<\/strong>. El emplazamiento de la casa proyectada, fue escogido en base a premisas bien marcadas, anhelando ubicar la misma, en un lugar bien cercano a la playa. Por otro lado, no estar expuesta directamente a las agresivas inclemencias del tiempo, al encontrarse pr\u00f3xima al mar. Es por ello que adquirimos este predio, a tan solo 150 metros de la playa. Pero resguardado por un frondoso bosque de pinos que se encuentra delante del mismo.<\/p>\n<div id='gallery-1' class='gallery galleryid-27947 gallery-columns-3 gallery-size-thumbnail'><figure class='gallery-item'>\n\t\t\t<div class='gallery-icon landscape'>\n\t\t\t\t<a href='https:\/\/www.arquimaster.com.ar\/web\/wp-content\/uploads\/2017\/11\/casa_costa_esmeralda1.jpg' title=\"Casa en Costa Esmeralda \/ D&#039;Alessandro y Buenamaizon\" data-rl_title=\"Casa en Costa Esmeralda \/ D&#039;Alessandro y Buenamaizon\" class=\"rl-gallery-link\" data-rl_caption=\"Casa en Costa Esmeralda \/ D&#039;Alessandro y Buenamaizon\" data-rel=\"lightbox-gallery-1\"><img loading=\"lazy\" decoding=\"async\" width=\"150\" height=\"150\" src=\"https:\/\/www.arquimaster.com.ar\/web\/wp-content\/uploads\/2017\/11\/casa_costa_esmeralda1-150x150.jpg\" class=\"attachment-thumbnail size-thumbnail\" alt=\"\" aria-describedby=\"gallery-1-27949\" srcset=\"https:\/\/www.arquimaster.com.ar\/web\/wp-content\/uploads\/2017\/11\/casa_costa_esmeralda1-150x150.jpg 150w, https:\/\/www.arquimaster.com.ar\/web\/wp-content\/uploads\/2017\/11\/casa_costa_esmeralda1-50x50.jpg 50w, https:\/\/www.arquimaster.com.ar\/web\/wp-content\/uploads\/2017\/11\/casa_costa_esmeralda1-125x125.jpg 125w\" sizes=\"auto, (max-width: 150px) 100vw, 150px\" \/><\/a>\n\t\t\t<\/div>\n\t\t\t\t<figcaption class='wp-caption-text gallery-caption' id='gallery-1-27949'>\n\t\t\t\tCasa en Costa Esmeralda \/ D&#8217;Alessandro y Buenamaizon\n\t\t\t\t<\/figcaption><\/figure><figure class='gallery-item'>\n\t\t\t<div class='gallery-icon landscape'>\n\t\t\t\t<a href='https:\/\/www.arquimaster.com.ar\/web\/wp-content\/uploads\/2017\/11\/casa_costa_esmeralda2.jpg' title=\"Casa en Costa Esmeralda \/ D&#039;Alessandro y Buenamaizon\" data-rl_title=\"Casa en Costa Esmeralda \/ D&#039;Alessandro y Buenamaizon\" class=\"rl-gallery-link\" data-rl_caption=\"Casa en Costa Esmeralda \/ D&#039;Alessandro y Buenamaizon\" data-rel=\"lightbox-gallery-1\"><img loading=\"lazy\" decoding=\"async\" width=\"150\" height=\"150\" src=\"https:\/\/www.arquimaster.com.ar\/web\/wp-content\/uploads\/2017\/11\/casa_costa_esmeralda2-150x150.jpg\" class=\"attachment-thumbnail size-thumbnail\" alt=\"\" aria-describedby=\"gallery-1-27950\" srcset=\"https:\/\/www.arquimaster.com.ar\/web\/wp-content\/uploads\/2017\/11\/casa_costa_esmeralda2-150x150.jpg 150w, https:\/\/www.arquimaster.com.ar\/web\/wp-content\/uploads\/2017\/11\/casa_costa_esmeralda2-50x50.jpg 50w, https:\/\/www.arquimaster.com.ar\/web\/wp-content\/uploads\/2017\/11\/casa_costa_esmeralda2-125x125.jpg 125w\" sizes=\"auto, (max-width: 150px) 100vw, 150px\" \/><\/a>\n\t\t\t<\/div>\n\t\t\t\t<figcaption class='wp-caption-text gallery-caption' id='gallery-1-27950'>\n\t\t\t\tCasa en Costa Esmeralda \/ D&#8217;Alessandro y Buenamaizon\n\t\t\t\t<\/figcaption><\/figure><figure class='gallery-item'>\n\t\t\t<div class='gallery-icon landscape'>\n\t\t\t\t<a href='https:\/\/www.arquimaster.com.ar\/web\/wp-content\/uploads\/2017\/11\/casa_costa_esmeralda3.jpg' title=\"Casa en Costa Esmeralda \/ D&#039;Alessandro y Buenamaizon\" data-rl_title=\"Casa en Costa Esmeralda \/ D&#039;Alessandro y Buenamaizon\" class=\"rl-gallery-link\" data-rl_caption=\"Casa en Costa Esmeralda \/ D&#039;Alessandro y Buenamaizon\" data-rel=\"lightbox-gallery-1\"><img loading=\"lazy\" decoding=\"async\" width=\"150\" height=\"150\" src=\"https:\/\/www.arquimaster.com.ar\/web\/wp-content\/uploads\/2017\/11\/casa_costa_esmeralda3-150x150.jpg\" class=\"attachment-thumbnail size-thumbnail\" alt=\"\" aria-describedby=\"gallery-1-27951\" srcset=\"https:\/\/www.arquimaster.com.ar\/web\/wp-content\/uploads\/2017\/11\/casa_costa_esmeralda3-150x150.jpg 150w, https:\/\/www.arquimaster.com.ar\/web\/wp-content\/uploads\/2017\/11\/casa_costa_esmeralda3-50x50.jpg 50w, https:\/\/www.arquimaster.com.ar\/web\/wp-content\/uploads\/2017\/11\/casa_costa_esmeralda3-125x125.jpg 125w\" sizes=\"auto, (max-width: 150px) 100vw, 150px\" \/><\/a>\n\t\t\t<\/div>\n\t\t\t\t<figcaption class='wp-caption-text gallery-caption' id='gallery-1-27951'>\n\t\t\t\tCasa en Costa Esmeralda \/ D&#8217;Alessandro y Buenamaizon\n\t\t\t\t<\/figcaption><\/figure><figure class='gallery-item'>\n\t\t\t<div class='gallery-icon landscape'>\n\t\t\t\t<a href='https:\/\/www.arquimaster.com.ar\/web\/wp-content\/uploads\/2017\/11\/casa_costa_esmeralda4.jpg' title=\"Casa en Costa Esmeralda \/ D&#039;Alessandro y Buenamaizon\" data-rl_title=\"Casa en Costa Esmeralda \/ D&#039;Alessandro y Buenamaizon\" class=\"rl-gallery-link\" data-rl_caption=\"Casa en Costa Esmeralda \/ D&#039;Alessandro y Buenamaizon\" data-rel=\"lightbox-gallery-1\"><img loading=\"lazy\" decoding=\"async\" width=\"150\" height=\"150\" src=\"https:\/\/www.arquimaster.com.ar\/web\/wp-content\/uploads\/2017\/11\/casa_costa_esmeralda4-150x150.jpg\" class=\"attachment-thumbnail size-thumbnail\" alt=\"\" aria-describedby=\"gallery-1-27952\" srcset=\"https:\/\/www.arquimaster.com.ar\/web\/wp-content\/uploads\/2017\/11\/casa_costa_esmeralda4-150x150.jpg 150w, https:\/\/www.arquimaster.com.ar\/web\/wp-content\/uploads\/2017\/11\/casa_costa_esmeralda4-50x50.jpg 50w, https:\/\/www.arquimaster.com.ar\/web\/wp-content\/uploads\/2017\/11\/casa_costa_esmeralda4-125x125.jpg 125w\" sizes=\"auto, (max-width: 150px) 100vw, 150px\" \/><\/a>\n\t\t\t<\/div>\n\t\t\t\t<figcaption class='wp-caption-text gallery-caption' id='gallery-1-27952'>\n\t\t\t\tCasa en Costa Esmeralda \/ D&#8217;Alessandro y Buenamaizon\n\t\t\t\t<\/figcaption><\/figure><figure class='gallery-item'>\n\t\t\t<div class='gallery-icon landscape'>\n\t\t\t\t<a href='https:\/\/www.arquimaster.com.ar\/web\/wp-content\/uploads\/2017\/11\/casa_costa_esmeralda5.jpg' title=\"Casa en Costa Esmeralda \/ D&#039;Alessandro y Buenamaizon\" data-rl_title=\"Casa en Costa Esmeralda \/ D&#039;Alessandro y Buenamaizon\" class=\"rl-gallery-link\" data-rl_caption=\"Casa en Costa Esmeralda \/ D&#039;Alessandro y Buenamaizon\" data-rel=\"lightbox-gallery-1\"><img loading=\"lazy\" decoding=\"async\" width=\"150\" height=\"150\" src=\"https:\/\/www.arquimaster.com.ar\/web\/wp-content\/uploads\/2017\/11\/casa_costa_esmeralda5-150x150.jpg\" class=\"attachment-thumbnail size-thumbnail\" alt=\"\" aria-describedby=\"gallery-1-27953\" srcset=\"https:\/\/www.arquimaster.com.ar\/web\/wp-content\/uploads\/2017\/11\/casa_costa_esmeralda5-150x150.jpg 150w, https:\/\/www.arquimaster.com.ar\/web\/wp-content\/uploads\/2017\/11\/casa_costa_esmeralda5-50x50.jpg 50w, https:\/\/www.arquimaster.com.ar\/web\/wp-content\/uploads\/2017\/11\/casa_costa_esmeralda5-125x125.jpg 125w\" sizes=\"auto, (max-width: 150px) 100vw, 150px\" \/><\/a>\n\t\t\t<\/div>\n\t\t\t\t<figcaption class='wp-caption-text gallery-caption' id='gallery-1-27953'>\n\t\t\t\tCasa en Costa Esmeralda \/ D&#8217;Alessandro y Buenamaizon\n\t\t\t\t<\/figcaption><\/figure><figure class='gallery-item'>\n\t\t\t<div class='gallery-icon portrait'>\n\t\t\t\t<a href='https:\/\/www.arquimaster.com.ar\/web\/wp-content\/uploads\/2017\/11\/casa_costa_esmeralda6.jpg' title=\"Casa en Costa Esmeralda \/ D&#039;Alessandro y Buenamaizon\" data-rl_title=\"Casa en Costa Esmeralda \/ D&#039;Alessandro y Buenamaizon\" class=\"rl-gallery-link\" data-rl_caption=\"Casa en Costa Esmeralda \/ D&#039;Alessandro y Buenamaizon\" data-rel=\"lightbox-gallery-1\"><img loading=\"lazy\" decoding=\"async\" width=\"150\" height=\"150\" src=\"https:\/\/www.arquimaster.com.ar\/web\/wp-content\/uploads\/2017\/11\/casa_costa_esmeralda6-150x150.jpg\" class=\"attachment-thumbnail size-thumbnail\" alt=\"\" aria-describedby=\"gallery-1-27954\" srcset=\"https:\/\/www.arquimaster.com.ar\/web\/wp-content\/uploads\/2017\/11\/casa_costa_esmeralda6-150x150.jpg 150w, https:\/\/www.arquimaster.com.ar\/web\/wp-content\/uploads\/2017\/11\/casa_costa_esmeralda6-50x50.jpg 50w, https:\/\/www.arquimaster.com.ar\/web\/wp-content\/uploads\/2017\/11\/casa_costa_esmeralda6-125x125.jpg 125w\" sizes=\"auto, (max-width: 150px) 100vw, 150px\" \/><\/a>\n\t\t\t<\/div>\n\t\t\t\t<figcaption class='wp-caption-text gallery-caption' id='gallery-1-27954'>\n\t\t\t\tCasa en Costa Esmeralda \/ D&#8217;Alessandro y Buenamaizon\n\t\t\t\t<\/figcaption><\/figure><figure class='gallery-item'>\n\t\t\t<div class='gallery-icon landscape'>\n\t\t\t\t<a href='https:\/\/www.arquimaster.com.ar\/web\/wp-content\/uploads\/2017\/11\/casa_costa_esmeralda7.jpg' title=\"Casa en Costa Esmeralda \/ D&#039;Alessandro y Buenamaizon\" data-rl_title=\"Casa en Costa Esmeralda \/ D&#039;Alessandro y Buenamaizon\" class=\"rl-gallery-link\" data-rl_caption=\"Casa en Costa Esmeralda \/ D&#039;Alessandro y Buenamaizon\" data-rel=\"lightbox-gallery-1\"><img loading=\"lazy\" decoding=\"async\" width=\"150\" height=\"150\" src=\"https:\/\/www.arquimaster.com.ar\/web\/wp-content\/uploads\/2017\/11\/casa_costa_esmeralda7-150x150.jpg\" class=\"attachment-thumbnail size-thumbnail\" alt=\"\" aria-describedby=\"gallery-1-27955\" srcset=\"https:\/\/www.arquimaster.com.ar\/web\/wp-content\/uploads\/2017\/11\/casa_costa_esmeralda7-150x150.jpg 150w, https:\/\/www.arquimaster.com.ar\/web\/wp-content\/uploads\/2017\/11\/casa_costa_esmeralda7-50x50.jpg 50w, https:\/\/www.arquimaster.com.ar\/web\/wp-content\/uploads\/2017\/11\/casa_costa_esmeralda7-125x125.jpg 125w\" sizes=\"auto, (max-width: 150px) 100vw, 150px\" \/><\/a>\n\t\t\t<\/div>\n\t\t\t\t<figcaption class='wp-caption-text gallery-caption' id='gallery-1-27955'>\n\t\t\t\tCasa en Costa Esmeralda \/ D&#8217;Alessandro y Buenamaizon\n\t\t\t\t<\/figcaption><\/figure><figure class='gallery-item'>\n\t\t\t<div class='gallery-icon landscape'>\n\t\t\t\t<a href='https:\/\/www.arquimaster.com.ar\/web\/wp-content\/uploads\/2017\/11\/casa_costa_esmeralda8.jpg' title=\"Casa en Costa Esmeralda \/ D&#039;Alessandro y Buenamaizon\" data-rl_title=\"Casa en Costa Esmeralda \/ D&#039;Alessandro y Buenamaizon\" class=\"rl-gallery-link\" data-rl_caption=\"Casa en Costa Esmeralda \/ D&#039;Alessandro y Buenamaizon\" data-rel=\"lightbox-gallery-1\"><img loading=\"lazy\" decoding=\"async\" width=\"150\" height=\"150\" src=\"https:\/\/www.arquimaster.com.ar\/web\/wp-content\/uploads\/2017\/11\/casa_costa_esmeralda8-150x150.jpg\" class=\"attachment-thumbnail size-thumbnail\" alt=\"\" aria-describedby=\"gallery-1-27956\" srcset=\"https:\/\/www.arquimaster.com.ar\/web\/wp-content\/uploads\/2017\/11\/casa_costa_esmeralda8-150x150.jpg 150w, https:\/\/www.arquimaster.com.ar\/web\/wp-content\/uploads\/2017\/11\/casa_costa_esmeralda8-50x50.jpg 50w, https:\/\/www.arquimaster.com.ar\/web\/wp-content\/uploads\/2017\/11\/casa_costa_esmeralda8-125x125.jpg 125w\" sizes=\"auto, (max-width: 150px) 100vw, 150px\" \/><\/a>\n\t\t\t<\/div>\n\t\t\t\t<figcaption class='wp-caption-text gallery-caption' id='gallery-1-27956'>\n\t\t\t\tCasa en Costa Esmeralda \/ D&#8217;Alessandro y Buenamaizon\n\t\t\t\t<\/figcaption><\/figure><figure class='gallery-item'>\n\t\t\t<div class='gallery-icon landscape'>\n\t\t\t\t<a href='https:\/\/www.arquimaster.com.ar\/web\/wp-content\/uploads\/2017\/11\/casa_costa_esmeralda9.jpg' title=\"Casa en Costa Esmeralda \/ D&#039;Alessandro y Buenamaizon\" data-rl_title=\"Casa en Costa Esmeralda \/ D&#039;Alessandro y Buenamaizon\" class=\"rl-gallery-link\" data-rl_caption=\"Casa en Costa Esmeralda \/ D&#039;Alessandro y Buenamaizon\" data-rel=\"lightbox-gallery-1\"><img loading=\"lazy\" decoding=\"async\" width=\"150\" height=\"150\" src=\"https:\/\/www.arquimaster.com.ar\/web\/wp-content\/uploads\/2017\/11\/casa_costa_esmeralda9-150x150.jpg\" class=\"attachment-thumbnail size-thumbnail\" alt=\"\" aria-describedby=\"gallery-1-27957\" srcset=\"https:\/\/www.arquimaster.com.ar\/web\/wp-content\/uploads\/2017\/11\/casa_costa_esmeralda9-150x150.jpg 150w, https:\/\/www.arquimaster.com.ar\/web\/wp-content\/uploads\/2017\/11\/casa_costa_esmeralda9-50x50.jpg 50w, https:\/\/www.arquimaster.com.ar\/web\/wp-content\/uploads\/2017\/11\/casa_costa_esmeralda9-125x125.jpg 125w\" sizes=\"auto, (max-width: 150px) 100vw, 150px\" \/><\/a>\n\t\t\t<\/div>\n\t\t\t\t<figcaption class='wp-caption-text gallery-caption' id='gallery-1-27957'>\n\t\t\t\tCasa en Costa Esmeralda \/ D&#8217;Alessandro y Buenamaizon\n\t\t\t\t<\/figcaption><\/figure><figure class='gallery-item'>\n\t\t\t<div class='gallery-icon landscape'>\n\t\t\t\t<a href='https:\/\/www.arquimaster.com.ar\/web\/wp-content\/uploads\/2017\/11\/casa_costa_esmeralda10.jpg' title=\"Casa en Costa Esmeralda \/ D&#039;Alessandro y Buenamaizon\" data-rl_title=\"Casa en Costa Esmeralda \/ D&#039;Alessandro y Buenamaizon\" class=\"rl-gallery-link\" data-rl_caption=\"Casa en Costa Esmeralda \/ D&#039;Alessandro y Buenamaizon\" data-rel=\"lightbox-gallery-1\"><img loading=\"lazy\" decoding=\"async\" width=\"150\" height=\"150\" src=\"https:\/\/www.arquimaster.com.ar\/web\/wp-content\/uploads\/2017\/11\/casa_costa_esmeralda10-150x150.jpg\" class=\"attachment-thumbnail size-thumbnail\" alt=\"\" aria-describedby=\"gallery-1-27958\" srcset=\"https:\/\/www.arquimaster.com.ar\/web\/wp-content\/uploads\/2017\/11\/casa_costa_esmeralda10-150x150.jpg 150w, https:\/\/www.arquimaster.com.ar\/web\/wp-content\/uploads\/2017\/11\/casa_costa_esmeralda10-50x50.jpg 50w, https:\/\/www.arquimaster.com.ar\/web\/wp-content\/uploads\/2017\/11\/casa_costa_esmeralda10-125x125.jpg 125w\" sizes=\"auto, (max-width: 150px) 100vw, 150px\" \/><\/a>\n\t\t\t<\/div>\n\t\t\t\t<figcaption class='wp-caption-text gallery-caption' id='gallery-1-27958'>\n\t\t\t\tCasa en Costa Esmeralda \/ D&#8217;Alessandro y Buenamaizon\n\t\t\t\t<\/figcaption><\/figure><figure class='gallery-item'>\n\t\t\t<div class='gallery-icon landscape'>\n\t\t\t\t<a href='https:\/\/www.arquimaster.com.ar\/web\/wp-content\/uploads\/2017\/11\/casa_costa_esmeralda11.jpg' title=\"Casa en Costa Esmeralda \/ D&#039;Alessandro y Buenamaizon\" data-rl_title=\"Casa en Costa Esmeralda \/ D&#039;Alessandro y Buenamaizon\" class=\"rl-gallery-link\" data-rl_caption=\"Casa en Costa Esmeralda \/ D&#039;Alessandro y Buenamaizon\" data-rel=\"lightbox-gallery-1\"><img loading=\"lazy\" decoding=\"async\" width=\"150\" height=\"150\" src=\"https:\/\/www.arquimaster.com.ar\/web\/wp-content\/uploads\/2017\/11\/casa_costa_esmeralda11-150x150.jpg\" class=\"attachment-thumbnail size-thumbnail\" alt=\"\" aria-describedby=\"gallery-1-27959\" srcset=\"https:\/\/www.arquimaster.com.ar\/web\/wp-content\/uploads\/2017\/11\/casa_costa_esmeralda11-150x150.jpg 150w, https:\/\/www.arquimaster.com.ar\/web\/wp-content\/uploads\/2017\/11\/casa_costa_esmeralda11-50x50.jpg 50w, https:\/\/www.arquimaster.com.ar\/web\/wp-content\/uploads\/2017\/11\/casa_costa_esmeralda11-125x125.jpg 125w\" sizes=\"auto, (max-width: 150px) 100vw, 150px\" \/><\/a>\n\t\t\t<\/div>\n\t\t\t\t<figcaption class='wp-caption-text gallery-caption' id='gallery-1-27959'>\n\t\t\t\tCasa en Costa Esmeralda \/ D&#8217;Alessandro y Buenamaizon\n\t\t\t\t<\/figcaption><\/figure><figure class='gallery-item'>\n\t\t\t<div class='gallery-icon landscape'>\n\t\t\t\t<a href='https:\/\/www.arquimaster.com.ar\/web\/wp-content\/uploads\/2017\/11\/casa_costa_esmeralda12.jpg' title=\"Casa en Costa Esmeralda \/ D&#039;Alessandro y Buenamaizon\" data-rl_title=\"Casa en Costa Esmeralda \/ D&#039;Alessandro y Buenamaizon\" class=\"rl-gallery-link\" data-rl_caption=\"Casa en Costa Esmeralda \/ D&#039;Alessandro y Buenamaizon\" data-rel=\"lightbox-gallery-1\"><img loading=\"lazy\" decoding=\"async\" width=\"150\" height=\"150\" src=\"https:\/\/www.arquimaster.com.ar\/web\/wp-content\/uploads\/2017\/11\/casa_costa_esmeralda12-150x150.jpg\" class=\"attachment-thumbnail size-thumbnail\" alt=\"\" aria-describedby=\"gallery-1-27960\" srcset=\"https:\/\/www.arquimaster.com.ar\/web\/wp-content\/uploads\/2017\/11\/casa_costa_esmeralda12-150x150.jpg 150w, https:\/\/www.arquimaster.com.ar\/web\/wp-content\/uploads\/2017\/11\/casa_costa_esmeralda12-50x50.jpg 50w, https:\/\/www.arquimaster.com.ar\/web\/wp-content\/uploads\/2017\/11\/casa_costa_esmeralda12-125x125.jpg 125w\" sizes=\"auto, (max-width: 150px) 100vw, 150px\" \/><\/a>\n\t\t\t<\/div>\n\t\t\t\t<figcaption class='wp-caption-text gallery-caption' id='gallery-1-27960'>\n\t\t\t\tCasa en Costa Esmeralda \/ D&#8217;Alessandro y Buenamaizon\n\t\t\t\t<\/figcaption><\/figure><figure class='gallery-item'>\n\t\t\t<div class='gallery-icon landscape'>\n\t\t\t\t<a href='https:\/\/www.arquimaster.com.ar\/web\/wp-content\/uploads\/2017\/11\/casa_costa_esmeralda13.jpg' title=\"Casa en Costa Esmeralda \/ D&#039;Alessandro y Buenamaizon\" data-rl_title=\"Casa en Costa Esmeralda \/ D&#039;Alessandro y Buenamaizon\" class=\"rl-gallery-link\" data-rl_caption=\"Casa en Costa Esmeralda \/ D&#039;Alessandro y Buenamaizon\" data-rel=\"lightbox-gallery-1\"><img loading=\"lazy\" decoding=\"async\" width=\"150\" height=\"150\" src=\"https:\/\/www.arquimaster.com.ar\/web\/wp-content\/uploads\/2017\/11\/casa_costa_esmeralda13-150x150.jpg\" class=\"attachment-thumbnail size-thumbnail\" alt=\"\" aria-describedby=\"gallery-1-27961\" srcset=\"https:\/\/www.arquimaster.com.ar\/web\/wp-content\/uploads\/2017\/11\/casa_costa_esmeralda13-150x150.jpg 150w, https:\/\/www.arquimaster.com.ar\/web\/wp-content\/uploads\/2017\/11\/casa_costa_esmeralda13-50x50.jpg 50w, https:\/\/www.arquimaster.com.ar\/web\/wp-content\/uploads\/2017\/11\/casa_costa_esmeralda13-125x125.jpg 125w\" sizes=\"auto, (max-width: 150px) 100vw, 150px\" \/><\/a>\n\t\t\t<\/div>\n\t\t\t\t<figcaption class='wp-caption-text gallery-caption' id='gallery-1-27961'>\n\t\t\t\tCasa en Costa Esmeralda \/ D&#8217;Alessandro y Buenamaizon\n\t\t\t\t<\/figcaption><\/figure><figure class='gallery-item'>\n\t\t\t<div class='gallery-icon landscape'>\n\t\t\t\t<a href='https:\/\/www.arquimaster.com.ar\/web\/wp-content\/uploads\/2017\/11\/casa_costa_esmeralda14.jpg' title=\"Casa en Costa Esmeralda \/ D&#039;Alessandro y Buenamaizon\" data-rl_title=\"Casa en Costa Esmeralda \/ D&#039;Alessandro y Buenamaizon\" class=\"rl-gallery-link\" data-rl_caption=\"Casa en Costa Esmeralda \/ D&#039;Alessandro y Buenamaizon\" data-rel=\"lightbox-gallery-1\"><img loading=\"lazy\" decoding=\"async\" width=\"150\" height=\"150\" src=\"https:\/\/www.arquimaster.com.ar\/web\/wp-content\/uploads\/2017\/11\/casa_costa_esmeralda14-150x150.jpg\" class=\"attachment-thumbnail size-thumbnail\" alt=\"\" aria-describedby=\"gallery-1-27962\" srcset=\"https:\/\/www.arquimaster.com.ar\/web\/wp-content\/uploads\/2017\/11\/casa_costa_esmeralda14-150x150.jpg 150w, https:\/\/www.arquimaster.com.ar\/web\/wp-content\/uploads\/2017\/11\/casa_costa_esmeralda14-50x50.jpg 50w, https:\/\/www.arquimaster.com.ar\/web\/wp-content\/uploads\/2017\/11\/casa_costa_esmeralda14-125x125.jpg 125w\" sizes=\"auto, (max-width: 150px) 100vw, 150px\" \/><\/a>\n\t\t\t<\/div>\n\t\t\t\t<figcaption class='wp-caption-text gallery-caption' id='gallery-1-27962'>\n\t\t\t\tCasa en Costa Esmeralda \/ D&#8217;Alessandro y Buenamaizon\n\t\t\t\t<\/figcaption><\/figure><figure class='gallery-item'>\n\t\t\t<div class='gallery-icon landscape'>\n\t\t\t\t<a href='https:\/\/www.arquimaster.com.ar\/web\/wp-content\/uploads\/2017\/11\/casa_costa_esmeralda15.jpg' title=\"Casa en Costa Esmeralda \/ D&#039;Alessandro y Buenamaizon\" data-rl_title=\"Casa en Costa Esmeralda \/ D&#039;Alessandro y Buenamaizon\" class=\"rl-gallery-link\" data-rl_caption=\"Casa en Costa Esmeralda \/ D&#039;Alessandro y Buenamaizon\" data-rel=\"lightbox-gallery-1\"><img loading=\"lazy\" decoding=\"async\" width=\"150\" height=\"150\" src=\"https:\/\/www.arquimaster.com.ar\/web\/wp-content\/uploads\/2017\/11\/casa_costa_esmeralda15-150x150.jpg\" class=\"attachment-thumbnail size-thumbnail\" alt=\"\" aria-describedby=\"gallery-1-27963\" srcset=\"https:\/\/www.arquimaster.com.ar\/web\/wp-content\/uploads\/2017\/11\/casa_costa_esmeralda15-150x150.jpg 150w, https:\/\/www.arquimaster.com.ar\/web\/wp-content\/uploads\/2017\/11\/casa_costa_esmeralda15-50x50.jpg 50w, https:\/\/www.arquimaster.com.ar\/web\/wp-content\/uploads\/2017\/11\/casa_costa_esmeralda15-125x125.jpg 125w\" sizes=\"auto, (max-width: 150px) 100vw, 150px\" \/><\/a>\n\t\t\t<\/div>\n\t\t\t\t<figcaption class='wp-caption-text gallery-caption' id='gallery-1-27963'>\n\t\t\t\tCasa en Costa Esmeralda \/ D&#8217;Alessandro y Buenamaizon\n\t\t\t\t<\/figcaption><\/figure><figure class='gallery-item'>\n\t\t\t<div class='gallery-icon landscape'>\n\t\t\t\t<a href='https:\/\/www.arquimaster.com.ar\/web\/wp-content\/uploads\/2017\/11\/casa_costa_esmeralda16.jpg' title=\"Casa en Costa Esmeralda \/ D&#039;Alessandro y Buenamaizon\" data-rl_title=\"Casa en Costa Esmeralda \/ D&#039;Alessandro y Buenamaizon\" class=\"rl-gallery-link\" data-rl_caption=\"Casa en Costa Esmeralda \/ D&#039;Alessandro y Buenamaizon\" data-rel=\"lightbox-gallery-1\"><img loading=\"lazy\" decoding=\"async\" width=\"150\" height=\"150\" src=\"https:\/\/www.arquimaster.com.ar\/web\/wp-content\/uploads\/2017\/11\/casa_costa_esmeralda16-150x150.jpg\" class=\"attachment-thumbnail size-thumbnail\" alt=\"\" aria-describedby=\"gallery-1-27964\" srcset=\"https:\/\/www.arquimaster.com.ar\/web\/wp-content\/uploads\/2017\/11\/casa_costa_esmeralda16-150x150.jpg 150w, https:\/\/www.arquimaster.com.ar\/web\/wp-content\/uploads\/2017\/11\/casa_costa_esmeralda16-50x50.jpg 50w, https:\/\/www.arquimaster.com.ar\/web\/wp-content\/uploads\/2017\/11\/casa_costa_esmeralda16-125x125.jpg 125w\" sizes=\"auto, (max-width: 150px) 100vw, 150px\" \/><\/a>\n\t\t\t<\/div>\n\t\t\t\t<figcaption class='wp-caption-text gallery-caption' id='gallery-1-27964'>\n\t\t\t\tCasa en Costa Esmeralda \/ D&#8217;Alessandro y Buenamaizon\n\t\t\t\t<\/figcaption><\/figure><figure class='gallery-item'>\n\t\t\t<div class='gallery-icon landscape'>\n\t\t\t\t<a href='https:\/\/www.arquimaster.com.ar\/web\/wp-content\/uploads\/2017\/11\/casa_costa_esmeralda17.jpg' title=\"Casa en Costa Esmeralda \/ D&#039;Alessandro y Buenamaizon\" data-rl_title=\"Casa en Costa Esmeralda \/ D&#039;Alessandro y Buenamaizon\" class=\"rl-gallery-link\" data-rl_caption=\"Casa en Costa Esmeralda \/ D&#039;Alessandro y Buenamaizon\" data-rel=\"lightbox-gallery-1\"><img loading=\"lazy\" decoding=\"async\" width=\"150\" height=\"150\" src=\"https:\/\/www.arquimaster.com.ar\/web\/wp-content\/uploads\/2017\/11\/casa_costa_esmeralda17-150x150.jpg\" class=\"attachment-thumbnail size-thumbnail\" alt=\"\" aria-describedby=\"gallery-1-27965\" srcset=\"https:\/\/www.arquimaster.com.ar\/web\/wp-content\/uploads\/2017\/11\/casa_costa_esmeralda17-150x150.jpg 150w, https:\/\/www.arquimaster.com.ar\/web\/wp-content\/uploads\/2017\/11\/casa_costa_esmeralda17-50x50.jpg 50w, https:\/\/www.arquimaster.com.ar\/web\/wp-content\/uploads\/2017\/11\/casa_costa_esmeralda17-125x125.jpg 125w\" sizes=\"auto, (max-width: 150px) 100vw, 150px\" \/><\/a>\n\t\t\t<\/div>\n\t\t\t\t<figcaption class='wp-caption-text gallery-caption' id='gallery-1-27965'>\n\t\t\t\tCasa en Costa Esmeralda \/ D&#8217;Alessandro y Buenamaizon\n\t\t\t\t<\/figcaption><\/figure><figure class='gallery-item'>\n\t\t\t<div class='gallery-icon landscape'>\n\t\t\t\t<a href='https:\/\/www.arquimaster.com.ar\/web\/wp-content\/uploads\/2017\/11\/casa_costa_esmeralda20.jpg' title=\"Casa en Costa Esmeralda \/ D&#039;Alessandro y Buenamaizon\" data-rl_title=\"Casa en Costa Esmeralda \/ D&#039;Alessandro y Buenamaizon\" class=\"rl-gallery-link\" data-rl_caption=\"Casa en Costa Esmeralda \/ D&#039;Alessandro y Buenamaizon\" data-rel=\"lightbox-gallery-1\"><img loading=\"lazy\" decoding=\"async\" width=\"150\" height=\"150\" src=\"https:\/\/www.arquimaster.com.ar\/web\/wp-content\/uploads\/2017\/11\/casa_costa_esmeralda20-150x150.jpg\" class=\"attachment-thumbnail size-thumbnail\" alt=\"\" aria-describedby=\"gallery-1-27968\" srcset=\"https:\/\/www.arquimaster.com.ar\/web\/wp-content\/uploads\/2017\/11\/casa_costa_esmeralda20-150x150.jpg 150w, https:\/\/www.arquimaster.com.ar\/web\/wp-content\/uploads\/2017\/11\/casa_costa_esmeralda20-50x50.jpg 50w, https:\/\/www.arquimaster.com.ar\/web\/wp-content\/uploads\/2017\/11\/casa_costa_esmeralda20-125x125.jpg 125w\" sizes=\"auto, (max-width: 150px) 100vw, 150px\" \/><\/a>\n\t\t\t<\/div>\n\t\t\t\t<figcaption class='wp-caption-text gallery-caption' id='gallery-1-27968'>\n\t\t\t\tCasa en Costa Esmeralda \/ D&#8217;Alessandro y Buenamaizon\n\t\t\t\t<\/figcaption><\/figure><figure class='gallery-item'>\n\t\t\t<div class='gallery-icon portrait'>\n\t\t\t\t<a href='https:\/\/www.arquimaster.com.ar\/web\/wp-content\/uploads\/2017\/11\/casa_costa_esmeralda24.jpg' title=\"Casa en Costa Esmeralda \/ D&#039;Alessandro y Buenamaizon\" data-rl_title=\"Casa en Costa Esmeralda \/ D&#039;Alessandro y Buenamaizon\" class=\"rl-gallery-link\" data-rl_caption=\"Casa en Costa Esmeralda \/ D&#039;Alessandro y Buenamaizon\" data-rel=\"lightbox-gallery-1\"><img loading=\"lazy\" decoding=\"async\" width=\"150\" height=\"150\" src=\"https:\/\/www.arquimaster.com.ar\/web\/wp-content\/uploads\/2017\/11\/casa_costa_esmeralda24-150x150.jpg\" class=\"attachment-thumbnail size-thumbnail\" alt=\"\" aria-describedby=\"gallery-1-27972\" srcset=\"https:\/\/www.arquimaster.com.ar\/web\/wp-content\/uploads\/2017\/11\/casa_costa_esmeralda24-150x150.jpg 150w, https:\/\/www.arquimaster.com.ar\/web\/wp-content\/uploads\/2017\/11\/casa_costa_esmeralda24-50x50.jpg 50w, https:\/\/www.arquimaster.com.ar\/web\/wp-content\/uploads\/2017\/11\/casa_costa_esmeralda24-125x125.jpg 125w\" sizes=\"auto, (max-width: 150px) 100vw, 150px\" \/><\/a>\n\t\t\t<\/div>\n\t\t\t\t<figcaption class='wp-caption-text gallery-caption' id='gallery-1-27972'>\n\t\t\t\tCasa en Costa Esmeralda \/ D&#8217;Alessandro y Buenamaizon\n\t\t\t\t<\/figcaption><\/figure><figure class='gallery-item'>\n\t\t\t<div class='gallery-icon portrait'>\n\t\t\t\t<a href='https:\/\/www.arquimaster.com.ar\/web\/wp-content\/uploads\/2017\/11\/casa_costa_esmeralda25.jpg' title=\"Casa en Costa Esmeralda \/ D&#039;Alessandro y Buenamaizon\" data-rl_title=\"Casa en Costa Esmeralda \/ D&#039;Alessandro y Buenamaizon\" class=\"rl-gallery-link\" data-rl_caption=\"Casa en Costa Esmeralda \/ D&#039;Alessandro y Buenamaizon\" data-rel=\"lightbox-gallery-1\"><img loading=\"lazy\" decoding=\"async\" width=\"150\" height=\"150\" src=\"https:\/\/www.arquimaster.com.ar\/web\/wp-content\/uploads\/2017\/11\/casa_costa_esmeralda25-150x150.jpg\" class=\"attachment-thumbnail size-thumbnail\" alt=\"\" aria-describedby=\"gallery-1-27973\" srcset=\"https:\/\/www.arquimaster.com.ar\/web\/wp-content\/uploads\/2017\/11\/casa_costa_esmeralda25-150x150.jpg 150w, https:\/\/www.arquimaster.com.ar\/web\/wp-content\/uploads\/2017\/11\/casa_costa_esmeralda25-50x50.jpg 50w, https:\/\/www.arquimaster.com.ar\/web\/wp-content\/uploads\/2017\/11\/casa_costa_esmeralda25-125x125.jpg 125w\" sizes=\"auto, (max-width: 150px) 100vw, 150px\" \/><\/a>\n\t\t\t<\/div>\n\t\t\t\t<figcaption class='wp-caption-text gallery-caption' id='gallery-1-27973'>\n\t\t\t\tCasa en Costa Esmeralda \/ D&#8217;Alessandro y Buenamaizon\n\t\t\t\t<\/figcaption><\/figure><figure class='gallery-item'>\n\t\t\t<div class='gallery-icon portrait'>\n\t\t\t\t<a href='https:\/\/www.arquimaster.com.ar\/web\/wp-content\/uploads\/2017\/11\/casa_costa_esmeralda48.jpg' title=\"Casa en Costa Esmeralda \/ D&#039;Alessandro y Buenamaizon (planta baja)\" data-rl_title=\"Casa en Costa Esmeralda \/ D&#039;Alessandro y Buenamaizon (planta baja)\" class=\"rl-gallery-link\" data-rl_caption=\"Casa en Costa Esmeralda \/ D&#039;Alessandro y Buenamaizon (planta baja)\" data-rel=\"lightbox-gallery-1\"><img loading=\"lazy\" decoding=\"async\" width=\"150\" height=\"150\" src=\"https:\/\/www.arquimaster.com.ar\/web\/wp-content\/uploads\/2017\/11\/casa_costa_esmeralda48-150x150.jpg\" class=\"attachment-thumbnail size-thumbnail\" alt=\"\" aria-describedby=\"gallery-1-27996\" srcset=\"https:\/\/www.arquimaster.com.ar\/web\/wp-content\/uploads\/2017\/11\/casa_costa_esmeralda48-150x150.jpg 150w, https:\/\/www.arquimaster.com.ar\/web\/wp-content\/uploads\/2017\/11\/casa_costa_esmeralda48-50x50.jpg 50w, https:\/\/www.arquimaster.com.ar\/web\/wp-content\/uploads\/2017\/11\/casa_costa_esmeralda48-125x125.jpg 125w\" sizes=\"auto, (max-width: 150px) 100vw, 150px\" \/><\/a>\n\t\t\t<\/div>\n\t\t\t\t<figcaption class='wp-caption-text gallery-caption' id='gallery-1-27996'>\n\t\t\t\tCasa en Costa Esmeralda \/ D&#8217;Alessandro y Buenamaizon (planta baja)\n\t\t\t\t<\/figcaption><\/figure><figure class='gallery-item'>\n\t\t\t<div class='gallery-icon portrait'>\n\t\t\t\t<a href='https:\/\/www.arquimaster.com.ar\/web\/wp-content\/uploads\/2017\/11\/casa_costa_esmeralda49.jpg' title=\"Casa en Costa Esmeralda \/ D&#039;Alessandro y Buenamaizon (planta 1\u00ba piso)\" data-rl_title=\"Casa en Costa Esmeralda \/ D&#039;Alessandro y Buenamaizon (planta 1\u00ba piso)\" class=\"rl-gallery-link\" data-rl_caption=\"Casa en Costa Esmeralda \/ D&#039;Alessandro y Buenamaizon (planta 1\u00ba piso)\" data-rel=\"lightbox-gallery-1\"><img loading=\"lazy\" decoding=\"async\" width=\"150\" height=\"150\" src=\"https:\/\/www.arquimaster.com.ar\/web\/wp-content\/uploads\/2017\/11\/casa_costa_esmeralda49-150x150.jpg\" class=\"attachment-thumbnail size-thumbnail\" alt=\"\" aria-describedby=\"gallery-1-27997\" srcset=\"https:\/\/www.arquimaster.com.ar\/web\/wp-content\/uploads\/2017\/11\/casa_costa_esmeralda49-150x150.jpg 150w, https:\/\/www.arquimaster.com.ar\/web\/wp-content\/uploads\/2017\/11\/casa_costa_esmeralda49-50x50.jpg 50w, https:\/\/www.arquimaster.com.ar\/web\/wp-content\/uploads\/2017\/11\/casa_costa_esmeralda49-125x125.jpg 125w\" sizes=\"auto, (max-width: 150px) 100vw, 150px\" \/><\/a>\n\t\t\t<\/div>\n\t\t\t\t<figcaption class='wp-caption-text gallery-caption' id='gallery-1-27997'>\n\t\t\t\tCasa en Costa Esmeralda \/ D&#8217;Alessandro y Buenamaizon (planta 1\u00ba piso)\n\t\t\t\t<\/figcaption><\/figure><figure class='gallery-item'>\n\t\t\t<div class='gallery-icon portrait'>\n\t\t\t\t<a href='https:\/\/www.arquimaster.com.ar\/web\/wp-content\/uploads\/2017\/11\/casa_costa_esmeralda50.jpg' title=\"Casa en Costa Esmeralda \/ D&#039;Alessandro y Buenamaizon (planta 2\u00ba piso)\" data-rl_title=\"Casa en Costa Esmeralda \/ D&#039;Alessandro y Buenamaizon (planta 2\u00ba piso)\" class=\"rl-gallery-link\" data-rl_caption=\"Casa en Costa Esmeralda \/ D&#039;Alessandro y Buenamaizon (planta 2\u00ba piso)\" data-rel=\"lightbox-gallery-1\"><img loading=\"lazy\" decoding=\"async\" width=\"150\" height=\"150\" src=\"https:\/\/www.arquimaster.com.ar\/web\/wp-content\/uploads\/2017\/11\/casa_costa_esmeralda50-150x150.jpg\" class=\"attachment-thumbnail size-thumbnail\" alt=\"\" aria-describedby=\"gallery-1-27998\" srcset=\"https:\/\/www.arquimaster.com.ar\/web\/wp-content\/uploads\/2017\/11\/casa_costa_esmeralda50-150x150.jpg 150w, https:\/\/www.arquimaster.com.ar\/web\/wp-content\/uploads\/2017\/11\/casa_costa_esmeralda50-50x50.jpg 50w, https:\/\/www.arquimaster.com.ar\/web\/wp-content\/uploads\/2017\/11\/casa_costa_esmeralda50-125x125.jpg 125w\" sizes=\"auto, (max-width: 150px) 100vw, 150px\" \/><\/a>\n\t\t\t<\/div>\n\t\t\t\t<figcaption class='wp-caption-text gallery-caption' id='gallery-1-27998'>\n\t\t\t\tCasa en Costa Esmeralda \/ D&#8217;Alessandro y Buenamaizon (planta 2\u00ba piso)\n\t\t\t\t<\/figcaption><\/figure><figure class='gallery-item'>\n\t\t\t<div class='gallery-icon portrait'>\n\t\t\t\t<a href='https:\/\/www.arquimaster.com.ar\/web\/wp-content\/uploads\/2017\/11\/casa_costa_esmeralda51.jpg' title=\"Casa en Costa Esmeralda \/ D&#039;Alessandro y Buenamaizon (planta azoteas)\" data-rl_title=\"Casa en Costa Esmeralda \/ D&#039;Alessandro y Buenamaizon (planta azoteas)\" class=\"rl-gallery-link\" data-rl_caption=\"Casa en Costa Esmeralda \/ D&#039;Alessandro y Buenamaizon (planta azoteas)\" data-rel=\"lightbox-gallery-1\"><img loading=\"lazy\" decoding=\"async\" width=\"150\" height=\"150\" src=\"https:\/\/www.arquimaster.com.ar\/web\/wp-content\/uploads\/2017\/11\/casa_costa_esmeralda51-150x150.jpg\" class=\"attachment-thumbnail size-thumbnail\" alt=\"\" aria-describedby=\"gallery-1-27999\" srcset=\"https:\/\/www.arquimaster.com.ar\/web\/wp-content\/uploads\/2017\/11\/casa_costa_esmeralda51-150x150.jpg 150w, https:\/\/www.arquimaster.com.ar\/web\/wp-content\/uploads\/2017\/11\/casa_costa_esmeralda51-50x50.jpg 50w, https:\/\/www.arquimaster.com.ar\/web\/wp-content\/uploads\/2017\/11\/casa_costa_esmeralda51-125x125.jpg 125w\" sizes=\"auto, (max-width: 150px) 100vw, 150px\" \/><\/a>\n\t\t\t<\/div>\n\t\t\t\t<figcaption class='wp-caption-text gallery-caption' id='gallery-1-27999'>\n\t\t\t\tCasa en Costa Esmeralda \/ D&#8217;Alessandro y Buenamaizon (planta azoteas)\n\t\t\t\t<\/figcaption><\/figure><figure class='gallery-item'>\n\t\t\t<div class='gallery-icon portrait'>\n\t\t\t\t<a href='https:\/\/www.arquimaster.com.ar\/web\/wp-content\/uploads\/2017\/11\/casa_costa_esmeralda26.jpg' title=\"Casa en Costa Esmeralda \/ D&#039;Alessandro y Buenamaizon\" data-rl_title=\"Casa en Costa Esmeralda \/ D&#039;Alessandro y Buenamaizon\" class=\"rl-gallery-link\" data-rl_caption=\"Casa en Costa Esmeralda \/ D&#039;Alessandro y Buenamaizon\" data-rel=\"lightbox-gallery-1\"><img loading=\"lazy\" decoding=\"async\" width=\"150\" height=\"150\" src=\"https:\/\/www.arquimaster.com.ar\/web\/wp-content\/uploads\/2017\/11\/casa_costa_esmeralda26-150x150.jpg\" class=\"attachment-thumbnail size-thumbnail\" alt=\"\" aria-describedby=\"gallery-1-27974\" srcset=\"https:\/\/www.arquimaster.com.ar\/web\/wp-content\/uploads\/2017\/11\/casa_costa_esmeralda26-150x150.jpg 150w, https:\/\/www.arquimaster.com.ar\/web\/wp-content\/uploads\/2017\/11\/casa_costa_esmeralda26-50x50.jpg 50w, https:\/\/www.arquimaster.com.ar\/web\/wp-content\/uploads\/2017\/11\/casa_costa_esmeralda26-125x125.jpg 125w\" sizes=\"auto, (max-width: 150px) 100vw, 150px\" \/><\/a>\n\t\t\t<\/div>\n\t\t\t\t<figcaption class='wp-caption-text gallery-caption' id='gallery-1-27974'>\n\t\t\t\tCasa en Costa Esmeralda \/ D&#8217;Alessandro y Buenamaizon\n\t\t\t\t<\/figcaption><\/figure><figure class='gallery-item'>\n\t\t\t<div class='gallery-icon landscape'>\n\t\t\t\t<a href='https:\/\/www.arquimaster.com.ar\/web\/wp-content\/uploads\/2017\/11\/casa_costa_esmeralda18.jpg' title=\"Casa en Costa Esmeralda \/ D&#039;Alessandro y Buenamaizon\" data-rl_title=\"Casa en Costa Esmeralda \/ D&#039;Alessandro y Buenamaizon\" class=\"rl-gallery-link\" data-rl_caption=\"Casa en Costa Esmeralda \/ D&#039;Alessandro y Buenamaizon\" data-rel=\"lightbox-gallery-1\"><img loading=\"lazy\" decoding=\"async\" width=\"150\" height=\"150\" src=\"https:\/\/www.arquimaster.com.ar\/web\/wp-content\/uploads\/2017\/11\/casa_costa_esmeralda18-150x150.jpg\" class=\"attachment-thumbnail size-thumbnail\" alt=\"\" aria-describedby=\"gallery-1-27966\" srcset=\"https:\/\/www.arquimaster.com.ar\/web\/wp-content\/uploads\/2017\/11\/casa_costa_esmeralda18-150x150.jpg 150w, https:\/\/www.arquimaster.com.ar\/web\/wp-content\/uploads\/2017\/11\/casa_costa_esmeralda18-50x50.jpg 50w, https:\/\/www.arquimaster.com.ar\/web\/wp-content\/uploads\/2017\/11\/casa_costa_esmeralda18-125x125.jpg 125w\" sizes=\"auto, (max-width: 150px) 100vw, 150px\" \/><\/a>\n\t\t\t<\/div>\n\t\t\t\t<figcaption class='wp-caption-text gallery-caption' id='gallery-1-27966'>\n\t\t\t\tCasa en Costa Esmeralda \/ D&#8217;Alessandro y Buenamaizon\n\t\t\t\t<\/figcaption><\/figure><figure class='gallery-item'>\n\t\t\t<div class='gallery-icon landscape'>\n\t\t\t\t<a href='https:\/\/www.arquimaster.com.ar\/web\/wp-content\/uploads\/2017\/11\/casa_costa_esmeralda19.jpg' title=\"Casa en Costa Esmeralda \/ D&#039;Alessandro y Buenamaizon\" data-rl_title=\"Casa en Costa Esmeralda \/ D&#039;Alessandro y Buenamaizon\" class=\"rl-gallery-link\" data-rl_caption=\"Casa en Costa Esmeralda \/ D&#039;Alessandro y Buenamaizon\" data-rel=\"lightbox-gallery-1\"><img loading=\"lazy\" decoding=\"async\" width=\"150\" height=\"150\" src=\"https:\/\/www.arquimaster.com.ar\/web\/wp-content\/uploads\/2017\/11\/casa_costa_esmeralda19-150x150.jpg\" class=\"attachment-thumbnail size-thumbnail\" alt=\"\" aria-describedby=\"gallery-1-27967\" srcset=\"https:\/\/www.arquimaster.com.ar\/web\/wp-content\/uploads\/2017\/11\/casa_costa_esmeralda19-150x150.jpg 150w, https:\/\/www.arquimaster.com.ar\/web\/wp-content\/uploads\/2017\/11\/casa_costa_esmeralda19-50x50.jpg 50w, https:\/\/www.arquimaster.com.ar\/web\/wp-content\/uploads\/2017\/11\/casa_costa_esmeralda19-125x125.jpg 125w\" sizes=\"auto, (max-width: 150px) 100vw, 150px\" \/><\/a>\n\t\t\t<\/div>\n\t\t\t\t<figcaption class='wp-caption-text gallery-caption' id='gallery-1-27967'>\n\t\t\t\tCasa en Costa Esmeralda \/ D&#8217;Alessandro y Buenamaizon\n\t\t\t\t<\/figcaption><\/figure><figure class='gallery-item'>\n\t\t\t<div class='gallery-icon landscape'>\n\t\t\t\t<a href='https:\/\/www.arquimaster.com.ar\/web\/wp-content\/uploads\/2017\/11\/casa_costa_esmeralda21.jpg' title=\"Casa en Costa Esmeralda \/ D&#039;Alessandro y Buenamaizon\" data-rl_title=\"Casa en Costa Esmeralda \/ D&#039;Alessandro y Buenamaizon\" class=\"rl-gallery-link\" data-rl_caption=\"Casa en Costa Esmeralda \/ D&#039;Alessandro y Buenamaizon\" data-rel=\"lightbox-gallery-1\"><img loading=\"lazy\" decoding=\"async\" width=\"150\" height=\"150\" src=\"https:\/\/www.arquimaster.com.ar\/web\/wp-content\/uploads\/2017\/11\/casa_costa_esmeralda21-150x150.jpg\" class=\"attachment-thumbnail size-thumbnail\" alt=\"\" aria-describedby=\"gallery-1-27969\" srcset=\"https:\/\/www.arquimaster.com.ar\/web\/wp-content\/uploads\/2017\/11\/casa_costa_esmeralda21-150x150.jpg 150w, https:\/\/www.arquimaster.com.ar\/web\/wp-content\/uploads\/2017\/11\/casa_costa_esmeralda21-50x50.jpg 50w, https:\/\/www.arquimaster.com.ar\/web\/wp-content\/uploads\/2017\/11\/casa_costa_esmeralda21-125x125.jpg 125w\" sizes=\"auto, (max-width: 150px) 100vw, 150px\" \/><\/a>\n\t\t\t<\/div>\n\t\t\t\t<figcaption class='wp-caption-text gallery-caption' id='gallery-1-27969'>\n\t\t\t\tCasa en Costa Esmeralda \/ D&#8217;Alessandro y Buenamaizon\n\t\t\t\t<\/figcaption><\/figure><figure class='gallery-item'>\n\t\t\t<div class='gallery-icon portrait'>\n\t\t\t\t<a href='https:\/\/www.arquimaster.com.ar\/web\/wp-content\/uploads\/2017\/11\/casa_costa_esmeralda22.jpg' title=\"Casa en Costa Esmeralda \/ D&#039;Alessandro y Buenamaizon\" data-rl_title=\"Casa en Costa Esmeralda \/ D&#039;Alessandro y Buenamaizon\" class=\"rl-gallery-link\" data-rl_caption=\"Casa en Costa Esmeralda \/ D&#039;Alessandro y Buenamaizon\" data-rel=\"lightbox-gallery-1\"><img loading=\"lazy\" decoding=\"async\" width=\"150\" height=\"150\" src=\"https:\/\/www.arquimaster.com.ar\/web\/wp-content\/uploads\/2017\/11\/casa_costa_esmeralda22-150x150.jpg\" class=\"attachment-thumbnail size-thumbnail\" alt=\"\" aria-describedby=\"gallery-1-27970\" srcset=\"https:\/\/www.arquimaster.com.ar\/web\/wp-content\/uploads\/2017\/11\/casa_costa_esmeralda22-150x150.jpg 150w, https:\/\/www.arquimaster.com.ar\/web\/wp-content\/uploads\/2017\/11\/casa_costa_esmeralda22-50x50.jpg 50w, https:\/\/www.arquimaster.com.ar\/web\/wp-content\/uploads\/2017\/11\/casa_costa_esmeralda22-125x125.jpg 125w\" sizes=\"auto, (max-width: 150px) 100vw, 150px\" \/><\/a>\n\t\t\t<\/div>\n\t\t\t\t<figcaption class='wp-caption-text gallery-caption' id='gallery-1-27970'>\n\t\t\t\tCasa en Costa Esmeralda \/ D&#8217;Alessandro y Buenamaizon\n\t\t\t\t<\/figcaption><\/figure><figure class='gallery-item'>\n\t\t\t<div class='gallery-icon landscape'>\n\t\t\t\t<a href='https:\/\/www.arquimaster.com.ar\/web\/wp-content\/uploads\/2017\/11\/casa_costa_esmeralda23.jpg' title=\"Casa en Costa Esmeralda \/ D&#039;Alessandro y Buenamaizon\" data-rl_title=\"Casa en Costa Esmeralda \/ D&#039;Alessandro y Buenamaizon\" class=\"rl-gallery-link\" data-rl_caption=\"Casa en Costa Esmeralda \/ D&#039;Alessandro y Buenamaizon\" data-rel=\"lightbox-gallery-1\"><img loading=\"lazy\" decoding=\"async\" width=\"150\" height=\"150\" src=\"https:\/\/www.arquimaster.com.ar\/web\/wp-content\/uploads\/2017\/11\/casa_costa_esmeralda23-150x150.jpg\" class=\"attachment-thumbnail size-thumbnail\" alt=\"\" aria-describedby=\"gallery-1-27971\" srcset=\"https:\/\/www.arquimaster.com.ar\/web\/wp-content\/uploads\/2017\/11\/casa_costa_esmeralda23-150x150.jpg 150w, https:\/\/www.arquimaster.com.ar\/web\/wp-content\/uploads\/2017\/11\/casa_costa_esmeralda23-50x50.jpg 50w, https:\/\/www.arquimaster.com.ar\/web\/wp-content\/uploads\/2017\/11\/casa_costa_esmeralda23-125x125.jpg 125w\" sizes=\"auto, (max-width: 150px) 100vw, 150px\" \/><\/a>\n\t\t\t<\/div>\n\t\t\t\t<figcaption class='wp-caption-text gallery-caption' id='gallery-1-27971'>\n\t\t\t\tCasa en Costa Esmeralda \/ D&#8217;Alessandro y Buenamaizon\n\t\t\t\t<\/figcaption><\/figure><figure class='gallery-item'>\n\t\t\t<div class='gallery-icon portrait'>\n\t\t\t\t<a href='https:\/\/www.arquimaster.com.ar\/web\/wp-content\/uploads\/2017\/11\/casa_costa_esmeralda27.jpg' title=\"Casa en Costa Esmeralda \/ D&#039;Alessandro y Buenamaizon\" data-rl_title=\"Casa en Costa Esmeralda \/ D&#039;Alessandro y Buenamaizon\" class=\"rl-gallery-link\" data-rl_caption=\"Casa en Costa Esmeralda \/ D&#039;Alessandro y Buenamaizon\" data-rel=\"lightbox-gallery-1\"><img loading=\"lazy\" decoding=\"async\" width=\"150\" height=\"150\" src=\"https:\/\/www.arquimaster.com.ar\/web\/wp-content\/uploads\/2017\/11\/casa_costa_esmeralda27-150x150.jpg\" class=\"attachment-thumbnail size-thumbnail\" alt=\"\" aria-describedby=\"gallery-1-27975\" srcset=\"https:\/\/www.arquimaster.com.ar\/web\/wp-content\/uploads\/2017\/11\/casa_costa_esmeralda27-150x150.jpg 150w, https:\/\/www.arquimaster.com.ar\/web\/wp-content\/uploads\/2017\/11\/casa_costa_esmeralda27-50x50.jpg 50w, https:\/\/www.arquimaster.com.ar\/web\/wp-content\/uploads\/2017\/11\/casa_costa_esmeralda27-125x125.jpg 125w\" sizes=\"auto, (max-width: 150px) 100vw, 150px\" \/><\/a>\n\t\t\t<\/div>\n\t\t\t\t<figcaption class='wp-caption-text gallery-caption' id='gallery-1-27975'>\n\t\t\t\tCasa en Costa Esmeralda \/ D&#8217;Alessandro y Buenamaizon\n\t\t\t\t<\/figcaption><\/figure><figure class='gallery-item'>\n\t\t\t<div class='gallery-icon landscape'>\n\t\t\t\t<a href='https:\/\/www.arquimaster.com.ar\/web\/wp-content\/uploads\/2017\/11\/casa_costa_esmeralda28.jpg' title=\"Casa en Costa Esmeralda \/ D&#039;Alessandro y Buenamaizon\" data-rl_title=\"Casa en Costa Esmeralda \/ D&#039;Alessandro y Buenamaizon\" class=\"rl-gallery-link\" data-rl_caption=\"Casa en Costa Esmeralda \/ D&#039;Alessandro y Buenamaizon\" data-rel=\"lightbox-gallery-1\"><img loading=\"lazy\" decoding=\"async\" width=\"150\" height=\"150\" src=\"https:\/\/www.arquimaster.com.ar\/web\/wp-content\/uploads\/2017\/11\/casa_costa_esmeralda28-150x150.jpg\" class=\"attachment-thumbnail size-thumbnail\" alt=\"\" aria-describedby=\"gallery-1-27976\" srcset=\"https:\/\/www.arquimaster.com.ar\/web\/wp-content\/uploads\/2017\/11\/casa_costa_esmeralda28-150x150.jpg 150w, https:\/\/www.arquimaster.com.ar\/web\/wp-content\/uploads\/2017\/11\/casa_costa_esmeralda28-50x50.jpg 50w, https:\/\/www.arquimaster.com.ar\/web\/wp-content\/uploads\/2017\/11\/casa_costa_esmeralda28-125x125.jpg 125w\" sizes=\"auto, (max-width: 150px) 100vw, 150px\" \/><\/a>\n\t\t\t<\/div>\n\t\t\t\t<figcaption class='wp-caption-text gallery-caption' id='gallery-1-27976'>\n\t\t\t\tCasa en Costa Esmeralda \/ D&#8217;Alessandro y Buenamaizon\n\t\t\t\t<\/figcaption><\/figure><figure class='gallery-item'>\n\t\t\t<div class='gallery-icon landscape'>\n\t\t\t\t<a href='https:\/\/www.arquimaster.com.ar\/web\/wp-content\/uploads\/2017\/11\/casa_costa_esmeralda29.jpg' title=\"Casa en Costa Esmeralda \/ D&#039;Alessandro y Buenamaizon\" data-rl_title=\"Casa en Costa Esmeralda \/ D&#039;Alessandro y Buenamaizon\" class=\"rl-gallery-link\" data-rl_caption=\"Casa en Costa Esmeralda \/ D&#039;Alessandro y Buenamaizon\" data-rel=\"lightbox-gallery-1\"><img loading=\"lazy\" decoding=\"async\" width=\"150\" height=\"150\" src=\"https:\/\/www.arquimaster.com.ar\/web\/wp-content\/uploads\/2017\/11\/casa_costa_esmeralda29-150x150.jpg\" class=\"attachment-thumbnail size-thumbnail\" alt=\"\" aria-describedby=\"gallery-1-27977\" srcset=\"https:\/\/www.arquimaster.com.ar\/web\/wp-content\/uploads\/2017\/11\/casa_costa_esmeralda29-150x150.jpg 150w, https:\/\/www.arquimaster.com.ar\/web\/wp-content\/uploads\/2017\/11\/casa_costa_esmeralda29-50x50.jpg 50w, https:\/\/www.arquimaster.com.ar\/web\/wp-content\/uploads\/2017\/11\/casa_costa_esmeralda29-125x125.jpg 125w\" sizes=\"auto, (max-width: 150px) 100vw, 150px\" \/><\/a>\n\t\t\t<\/div>\n\t\t\t\t<figcaption class='wp-caption-text gallery-caption' id='gallery-1-27977'>\n\t\t\t\tCasa en Costa Esmeralda \/ D&#8217;Alessandro y Buenamaizon\n\t\t\t\t<\/figcaption><\/figure><figure class='gallery-item'>\n\t\t\t<div class='gallery-icon landscape'>\n\t\t\t\t<a href='https:\/\/www.arquimaster.com.ar\/web\/wp-content\/uploads\/2017\/11\/casa_costa_esmeralda30.jpg' title=\"Casa en Costa Esmeralda \/ D&#039;Alessandro y Buenamaizon\" data-rl_title=\"Casa en Costa Esmeralda \/ D&#039;Alessandro y Buenamaizon\" class=\"rl-gallery-link\" data-rl_caption=\"Casa en Costa Esmeralda \/ D&#039;Alessandro y Buenamaizon\" data-rel=\"lightbox-gallery-1\"><img loading=\"lazy\" decoding=\"async\" width=\"150\" height=\"150\" src=\"https:\/\/www.arquimaster.com.ar\/web\/wp-content\/uploads\/2017\/11\/casa_costa_esmeralda30-150x150.jpg\" class=\"attachment-thumbnail size-thumbnail\" alt=\"\" aria-describedby=\"gallery-1-27978\" srcset=\"https:\/\/www.arquimaster.com.ar\/web\/wp-content\/uploads\/2017\/11\/casa_costa_esmeralda30-150x150.jpg 150w, https:\/\/www.arquimaster.com.ar\/web\/wp-content\/uploads\/2017\/11\/casa_costa_esmeralda30-50x50.jpg 50w, https:\/\/www.arquimaster.com.ar\/web\/wp-content\/uploads\/2017\/11\/casa_costa_esmeralda30-125x125.jpg 125w\" sizes=\"auto, (max-width: 150px) 100vw, 150px\" \/><\/a>\n\t\t\t<\/div>\n\t\t\t\t<figcaption class='wp-caption-text gallery-caption' id='gallery-1-27978'>\n\t\t\t\tCasa en Costa Esmeralda \/ D&#8217;Alessandro y Buenamaizon\n\t\t\t\t<\/figcaption><\/figure><figure class='gallery-item'>\n\t\t\t<div class='gallery-icon landscape'>\n\t\t\t\t<a href='https:\/\/www.arquimaster.com.ar\/web\/wp-content\/uploads\/2017\/11\/casa_costa_esmeralda31.jpg' title=\"Casa en Costa Esmeralda \/ D&#039;Alessandro y Buenamaizon\" data-rl_title=\"Casa en Costa Esmeralda \/ D&#039;Alessandro y Buenamaizon\" class=\"rl-gallery-link\" data-rl_caption=\"Casa en Costa Esmeralda \/ D&#039;Alessandro y Buenamaizon\" data-rel=\"lightbox-gallery-1\"><img loading=\"lazy\" decoding=\"async\" width=\"150\" height=\"150\" src=\"https:\/\/www.arquimaster.com.ar\/web\/wp-content\/uploads\/2017\/11\/casa_costa_esmeralda31-150x150.jpg\" class=\"attachment-thumbnail size-thumbnail\" alt=\"\" aria-describedby=\"gallery-1-27979\" srcset=\"https:\/\/www.arquimaster.com.ar\/web\/wp-content\/uploads\/2017\/11\/casa_costa_esmeralda31-150x150.jpg 150w, https:\/\/www.arquimaster.com.ar\/web\/wp-content\/uploads\/2017\/11\/casa_costa_esmeralda31-50x50.jpg 50w, https:\/\/www.arquimaster.com.ar\/web\/wp-content\/uploads\/2017\/11\/casa_costa_esmeralda31-125x125.jpg 125w\" sizes=\"auto, (max-width: 150px) 100vw, 150px\" \/><\/a>\n\t\t\t<\/div>\n\t\t\t\t<figcaption class='wp-caption-text gallery-caption' id='gallery-1-27979'>\n\t\t\t\tCasa en Costa Esmeralda \/ D&#8217;Alessandro y Buenamaizon\n\t\t\t\t<\/figcaption><\/figure><figure class='gallery-item'>\n\t\t\t<div class='gallery-icon landscape'>\n\t\t\t\t<a href='https:\/\/www.arquimaster.com.ar\/web\/wp-content\/uploads\/2017\/11\/casa_costa_esmeralda32.jpg' title=\"Casa en Costa Esmeralda \/ D&#039;Alessandro y Buenamaizon\" data-rl_title=\"Casa en Costa Esmeralda \/ D&#039;Alessandro y Buenamaizon\" class=\"rl-gallery-link\" data-rl_caption=\"Casa en Costa Esmeralda \/ D&#039;Alessandro y Buenamaizon\" data-rel=\"lightbox-gallery-1\"><img loading=\"lazy\" decoding=\"async\" width=\"150\" height=\"150\" src=\"https:\/\/www.arquimaster.com.ar\/web\/wp-content\/uploads\/2017\/11\/casa_costa_esmeralda32-150x150.jpg\" class=\"attachment-thumbnail size-thumbnail\" alt=\"\" aria-describedby=\"gallery-1-27980\" srcset=\"https:\/\/www.arquimaster.com.ar\/web\/wp-content\/uploads\/2017\/11\/casa_costa_esmeralda32-150x150.jpg 150w, https:\/\/www.arquimaster.com.ar\/web\/wp-content\/uploads\/2017\/11\/casa_costa_esmeralda32-50x50.jpg 50w, https:\/\/www.arquimaster.com.ar\/web\/wp-content\/uploads\/2017\/11\/casa_costa_esmeralda32-125x125.jpg 125w\" sizes=\"auto, (max-width: 150px) 100vw, 150px\" \/><\/a>\n\t\t\t<\/div>\n\t\t\t\t<figcaption class='wp-caption-text gallery-caption' id='gallery-1-27980'>\n\t\t\t\tCasa en Costa Esmeralda \/ D&#8217;Alessandro y Buenamaizon\n\t\t\t\t<\/figcaption><\/figure><figure class='gallery-item'>\n\t\t\t<div class='gallery-icon portrait'>\n\t\t\t\t<a href='https:\/\/www.arquimaster.com.ar\/web\/wp-content\/uploads\/2017\/11\/casa_costa_esmeralda33.jpg' title=\"Casa en Costa Esmeralda \/ D&#039;Alessandro y Buenamaizon\" data-rl_title=\"Casa en Costa Esmeralda \/ D&#039;Alessandro y Buenamaizon\" class=\"rl-gallery-link\" data-rl_caption=\"Casa en Costa Esmeralda \/ D&#039;Alessandro y Buenamaizon\" data-rel=\"lightbox-gallery-1\"><img loading=\"lazy\" decoding=\"async\" width=\"150\" height=\"150\" src=\"https:\/\/www.arquimaster.com.ar\/web\/wp-content\/uploads\/2017\/11\/casa_costa_esmeralda33-150x150.jpg\" class=\"attachment-thumbnail size-thumbnail\" alt=\"\" aria-describedby=\"gallery-1-27981\" srcset=\"https:\/\/www.arquimaster.com.ar\/web\/wp-content\/uploads\/2017\/11\/casa_costa_esmeralda33-150x150.jpg 150w, https:\/\/www.arquimaster.com.ar\/web\/wp-content\/uploads\/2017\/11\/casa_costa_esmeralda33-50x50.jpg 50w, https:\/\/www.arquimaster.com.ar\/web\/wp-content\/uploads\/2017\/11\/casa_costa_esmeralda33-125x125.jpg 125w\" sizes=\"auto, (max-width: 150px) 100vw, 150px\" \/><\/a>\n\t\t\t<\/div>\n\t\t\t\t<figcaption class='wp-caption-text gallery-caption' id='gallery-1-27981'>\n\t\t\t\tCasa en Costa Esmeralda \/ D&#8217;Alessandro y Buenamaizon\n\t\t\t\t<\/figcaption><\/figure><figure class='gallery-item'>\n\t\t\t<div class='gallery-icon landscape'>\n\t\t\t\t<a href='https:\/\/www.arquimaster.com.ar\/web\/wp-content\/uploads\/2017\/11\/casa_costa_esmeralda34.jpg' title=\"Casa en Costa Esmeralda \/ D&#039;Alessandro y Buenamaizon\" data-rl_title=\"Casa en Costa Esmeralda \/ D&#039;Alessandro y Buenamaizon\" class=\"rl-gallery-link\" data-rl_caption=\"Casa en Costa Esmeralda \/ D&#039;Alessandro y Buenamaizon\" data-rel=\"lightbox-gallery-1\"><img loading=\"lazy\" decoding=\"async\" width=\"150\" height=\"150\" src=\"https:\/\/www.arquimaster.com.ar\/web\/wp-content\/uploads\/2017\/11\/casa_costa_esmeralda34-150x150.jpg\" class=\"attachment-thumbnail size-thumbnail\" alt=\"\" aria-describedby=\"gallery-1-27982\" srcset=\"https:\/\/www.arquimaster.com.ar\/web\/wp-content\/uploads\/2017\/11\/casa_costa_esmeralda34-150x150.jpg 150w, https:\/\/www.arquimaster.com.ar\/web\/wp-content\/uploads\/2017\/11\/casa_costa_esmeralda34-50x50.jpg 50w, https:\/\/www.arquimaster.com.ar\/web\/wp-content\/uploads\/2017\/11\/casa_costa_esmeralda34-125x125.jpg 125w\" sizes=\"auto, (max-width: 150px) 100vw, 150px\" \/><\/a>\n\t\t\t<\/div>\n\t\t\t\t<figcaption class='wp-caption-text gallery-caption' id='gallery-1-27982'>\n\t\t\t\tCasa en Costa Esmeralda \/ D&#8217;Alessandro y Buenamaizon\n\t\t\t\t<\/figcaption><\/figure><figure class='gallery-item'>\n\t\t\t<div class='gallery-icon landscape'>\n\t\t\t\t<a href='https:\/\/www.arquimaster.com.ar\/web\/wp-content\/uploads\/2017\/11\/casa_costa_esmeralda35.jpg' title=\"Casa en Costa Esmeralda \/ D&#039;Alessandro y Buenamaizon\" data-rl_title=\"Casa en Costa Esmeralda \/ D&#039;Alessandro y Buenamaizon\" class=\"rl-gallery-link\" data-rl_caption=\"Casa en Costa Esmeralda \/ D&#039;Alessandro y Buenamaizon\" data-rel=\"lightbox-gallery-1\"><img loading=\"lazy\" decoding=\"async\" width=\"150\" height=\"150\" src=\"https:\/\/www.arquimaster.com.ar\/web\/wp-content\/uploads\/2017\/11\/casa_costa_esmeralda35-150x150.jpg\" class=\"attachment-thumbnail size-thumbnail\" alt=\"\" aria-describedby=\"gallery-1-27983\" srcset=\"https:\/\/www.arquimaster.com.ar\/web\/wp-content\/uploads\/2017\/11\/casa_costa_esmeralda35-150x150.jpg 150w, https:\/\/www.arquimaster.com.ar\/web\/wp-content\/uploads\/2017\/11\/casa_costa_esmeralda35-50x50.jpg 50w, https:\/\/www.arquimaster.com.ar\/web\/wp-content\/uploads\/2017\/11\/casa_costa_esmeralda35-125x125.jpg 125w\" sizes=\"auto, (max-width: 150px) 100vw, 150px\" \/><\/a>\n\t\t\t<\/div>\n\t\t\t\t<figcaption class='wp-caption-text gallery-caption' id='gallery-1-27983'>\n\t\t\t\tCasa en Costa Esmeralda \/ D&#8217;Alessandro y Buenamaizon\n\t\t\t\t<\/figcaption><\/figure><figure class='gallery-item'>\n\t\t\t<div class='gallery-icon landscape'>\n\t\t\t\t<a href='https:\/\/www.arquimaster.com.ar\/web\/wp-content\/uploads\/2017\/11\/casa_costa_esmeralda36.jpg' title=\"Casa en Costa Esmeralda \/ D&#039;Alessandro y Buenamaizon\" data-rl_title=\"Casa en Costa Esmeralda \/ D&#039;Alessandro y Buenamaizon\" class=\"rl-gallery-link\" data-rl_caption=\"Casa en Costa Esmeralda \/ D&#039;Alessandro y Buenamaizon\" data-rel=\"lightbox-gallery-1\"><img loading=\"lazy\" decoding=\"async\" width=\"150\" height=\"150\" src=\"https:\/\/www.arquimaster.com.ar\/web\/wp-content\/uploads\/2017\/11\/casa_costa_esmeralda36-150x150.jpg\" class=\"attachment-thumbnail size-thumbnail\" alt=\"\" aria-describedby=\"gallery-1-27984\" srcset=\"https:\/\/www.arquimaster.com.ar\/web\/wp-content\/uploads\/2017\/11\/casa_costa_esmeralda36-150x150.jpg 150w, https:\/\/www.arquimaster.com.ar\/web\/wp-content\/uploads\/2017\/11\/casa_costa_esmeralda36-50x50.jpg 50w, https:\/\/www.arquimaster.com.ar\/web\/wp-content\/uploads\/2017\/11\/casa_costa_esmeralda36-125x125.jpg 125w\" sizes=\"auto, (max-width: 150px) 100vw, 150px\" \/><\/a>\n\t\t\t<\/div>\n\t\t\t\t<figcaption class='wp-caption-text gallery-caption' id='gallery-1-27984'>\n\t\t\t\tCasa en Costa Esmeralda \/ D&#8217;Alessandro y Buenamaizon\n\t\t\t\t<\/figcaption><\/figure><figure class='gallery-item'>\n\t\t\t<div class='gallery-icon landscape'>\n\t\t\t\t<a href='https:\/\/www.arquimaster.com.ar\/web\/wp-content\/uploads\/2017\/11\/casa_costa_esmeralda37.jpg' title=\"Casa en Costa Esmeralda \/ D&#039;Alessandro y Buenamaizon\" data-rl_title=\"Casa en Costa Esmeralda \/ D&#039;Alessandro y Buenamaizon\" class=\"rl-gallery-link\" data-rl_caption=\"Casa en Costa Esmeralda \/ D&#039;Alessandro y Buenamaizon\" data-rel=\"lightbox-gallery-1\"><img loading=\"lazy\" decoding=\"async\" width=\"150\" height=\"150\" src=\"https:\/\/www.arquimaster.com.ar\/web\/wp-content\/uploads\/2017\/11\/casa_costa_esmeralda37-150x150.jpg\" class=\"attachment-thumbnail size-thumbnail\" alt=\"\" aria-describedby=\"gallery-1-27985\" srcset=\"https:\/\/www.arquimaster.com.ar\/web\/wp-content\/uploads\/2017\/11\/casa_costa_esmeralda37-150x150.jpg 150w, https:\/\/www.arquimaster.com.ar\/web\/wp-content\/uploads\/2017\/11\/casa_costa_esmeralda37-50x50.jpg 50w, https:\/\/www.arquimaster.com.ar\/web\/wp-content\/uploads\/2017\/11\/casa_costa_esmeralda37-125x125.jpg 125w\" sizes=\"auto, (max-width: 150px) 100vw, 150px\" \/><\/a>\n\t\t\t<\/div>\n\t\t\t\t<figcaption class='wp-caption-text gallery-caption' id='gallery-1-27985'>\n\t\t\t\tCasa en Costa Esmeralda \/ D&#8217;Alessandro y Buenamaizon\n\t\t\t\t<\/figcaption><\/figure><figure class='gallery-item'>\n\t\t\t<div class='gallery-icon landscape'>\n\t\t\t\t<a href='https:\/\/www.arquimaster.com.ar\/web\/wp-content\/uploads\/2017\/11\/casa_costa_esmeralda38.jpg' title=\"Casa en Costa Esmeralda \/ D&#039;Alessandro y Buenamaizon\" data-rl_title=\"Casa en Costa Esmeralda \/ D&#039;Alessandro y Buenamaizon\" class=\"rl-gallery-link\" data-rl_caption=\"Casa en Costa Esmeralda \/ D&#039;Alessandro y Buenamaizon\" data-rel=\"lightbox-gallery-1\"><img loading=\"lazy\" decoding=\"async\" width=\"150\" height=\"150\" src=\"https:\/\/www.arquimaster.com.ar\/web\/wp-content\/uploads\/2017\/11\/casa_costa_esmeralda38-150x150.jpg\" class=\"attachment-thumbnail size-thumbnail\" alt=\"\" aria-describedby=\"gallery-1-27986\" srcset=\"https:\/\/www.arquimaster.com.ar\/web\/wp-content\/uploads\/2017\/11\/casa_costa_esmeralda38-150x150.jpg 150w, https:\/\/www.arquimaster.com.ar\/web\/wp-content\/uploads\/2017\/11\/casa_costa_esmeralda38-50x50.jpg 50w, https:\/\/www.arquimaster.com.ar\/web\/wp-content\/uploads\/2017\/11\/casa_costa_esmeralda38-125x125.jpg 125w\" sizes=\"auto, (max-width: 150px) 100vw, 150px\" \/><\/a>\n\t\t\t<\/div>\n\t\t\t\t<figcaption class='wp-caption-text gallery-caption' id='gallery-1-27986'>\n\t\t\t\tCasa en Costa Esmeralda \/ D&#8217;Alessandro y Buenamaizon\n\t\t\t\t<\/figcaption><\/figure><figure class='gallery-item'>\n\t\t\t<div class='gallery-icon portrait'>\n\t\t\t\t<a href='https:\/\/www.arquimaster.com.ar\/web\/wp-content\/uploads\/2017\/11\/casa_costa_esmeralda39.jpg' title=\"Casa en Costa Esmeralda \/ D&#039;Alessandro y Buenamaizon\" data-rl_title=\"Casa en Costa Esmeralda \/ D&#039;Alessandro y Buenamaizon\" class=\"rl-gallery-link\" data-rl_caption=\"Casa en Costa Esmeralda \/ D&#039;Alessandro y Buenamaizon\" data-rel=\"lightbox-gallery-1\"><img loading=\"lazy\" decoding=\"async\" width=\"150\" height=\"150\" src=\"https:\/\/www.arquimaster.com.ar\/web\/wp-content\/uploads\/2017\/11\/casa_costa_esmeralda39-150x150.jpg\" class=\"attachment-thumbnail size-thumbnail\" alt=\"\" aria-describedby=\"gallery-1-27987\" srcset=\"https:\/\/www.arquimaster.com.ar\/web\/wp-content\/uploads\/2017\/11\/casa_costa_esmeralda39-150x150.jpg 150w, https:\/\/www.arquimaster.com.ar\/web\/wp-content\/uploads\/2017\/11\/casa_costa_esmeralda39-50x50.jpg 50w, https:\/\/www.arquimaster.com.ar\/web\/wp-content\/uploads\/2017\/11\/casa_costa_esmeralda39-125x125.jpg 125w\" sizes=\"auto, (max-width: 150px) 100vw, 150px\" \/><\/a>\n\t\t\t<\/div>\n\t\t\t\t<figcaption class='wp-caption-text gallery-caption' id='gallery-1-27987'>\n\t\t\t\tCasa en Costa Esmeralda \/ D&#8217;Alessandro y Buenamaizon\n\t\t\t\t<\/figcaption><\/figure><figure class='gallery-item'>\n\t\t\t<div class='gallery-icon portrait'>\n\t\t\t\t<a href='https:\/\/www.arquimaster.com.ar\/web\/wp-content\/uploads\/2017\/11\/casa_costa_esmeralda40.jpg' title=\"Casa en Costa Esmeralda \/ D&#039;Alessandro y Buenamaizon\" data-rl_title=\"Casa en Costa Esmeralda \/ D&#039;Alessandro y Buenamaizon\" class=\"rl-gallery-link\" data-rl_caption=\"Casa en Costa Esmeralda \/ D&#039;Alessandro y Buenamaizon\" data-rel=\"lightbox-gallery-1\"><img loading=\"lazy\" decoding=\"async\" width=\"150\" height=\"150\" src=\"https:\/\/www.arquimaster.com.ar\/web\/wp-content\/uploads\/2017\/11\/casa_costa_esmeralda40-150x150.jpg\" class=\"attachment-thumbnail size-thumbnail\" alt=\"\" aria-describedby=\"gallery-1-27988\" srcset=\"https:\/\/www.arquimaster.com.ar\/web\/wp-content\/uploads\/2017\/11\/casa_costa_esmeralda40-150x150.jpg 150w, https:\/\/www.arquimaster.com.ar\/web\/wp-content\/uploads\/2017\/11\/casa_costa_esmeralda40-50x50.jpg 50w, https:\/\/www.arquimaster.com.ar\/web\/wp-content\/uploads\/2017\/11\/casa_costa_esmeralda40-125x125.jpg 125w\" sizes=\"auto, (max-width: 150px) 100vw, 150px\" \/><\/a>\n\t\t\t<\/div>\n\t\t\t\t<figcaption class='wp-caption-text gallery-caption' id='gallery-1-27988'>\n\t\t\t\tCasa en Costa Esmeralda \/ D&#8217;Alessandro y Buenamaizon\n\t\t\t\t<\/figcaption><\/figure><figure class='gallery-item'>\n\t\t\t<div class='gallery-icon portrait'>\n\t\t\t\t<a href='https:\/\/www.arquimaster.com.ar\/web\/wp-content\/uploads\/2017\/11\/casa_costa_esmeralda41.jpg' title=\"Casa en Costa Esmeralda \/ D&#039;Alessandro y Buenamaizon\" data-rl_title=\"Casa en Costa Esmeralda \/ D&#039;Alessandro y Buenamaizon\" class=\"rl-gallery-link\" data-rl_caption=\"Casa en Costa Esmeralda \/ D&#039;Alessandro y Buenamaizon\" data-rel=\"lightbox-gallery-1\"><img loading=\"lazy\" decoding=\"async\" width=\"150\" height=\"150\" src=\"https:\/\/www.arquimaster.com.ar\/web\/wp-content\/uploads\/2017\/11\/casa_costa_esmeralda41-150x150.jpg\" class=\"attachment-thumbnail size-thumbnail\" alt=\"\" aria-describedby=\"gallery-1-27989\" srcset=\"https:\/\/www.arquimaster.com.ar\/web\/wp-content\/uploads\/2017\/11\/casa_costa_esmeralda41-150x150.jpg 150w, https:\/\/www.arquimaster.com.ar\/web\/wp-content\/uploads\/2017\/11\/casa_costa_esmeralda41-50x50.jpg 50w, https:\/\/www.arquimaster.com.ar\/web\/wp-content\/uploads\/2017\/11\/casa_costa_esmeralda41-125x125.jpg 125w\" sizes=\"auto, (max-width: 150px) 100vw, 150px\" \/><\/a>\n\t\t\t<\/div>\n\t\t\t\t<figcaption class='wp-caption-text gallery-caption' id='gallery-1-27989'>\n\t\t\t\tCasa en Costa Esmeralda \/ D&#8217;Alessandro y Buenamaizon\n\t\t\t\t<\/figcaption><\/figure><figure class='gallery-item'>\n\t\t\t<div class='gallery-icon landscape'>\n\t\t\t\t<a href='https:\/\/www.arquimaster.com.ar\/web\/wp-content\/uploads\/2017\/11\/casa_costa_esmeralda42.jpg' title=\"Casa en Costa Esmeralda \/ D&#039;Alessandro y Buenamaizon\" data-rl_title=\"Casa en Costa Esmeralda \/ D&#039;Alessandro y Buenamaizon\" class=\"rl-gallery-link\" data-rl_caption=\"Casa en Costa Esmeralda \/ D&#039;Alessandro y Buenamaizon\" data-rel=\"lightbox-gallery-1\"><img loading=\"lazy\" decoding=\"async\" width=\"150\" height=\"150\" src=\"https:\/\/www.arquimaster.com.ar\/web\/wp-content\/uploads\/2017\/11\/casa_costa_esmeralda42-150x150.jpg\" class=\"attachment-thumbnail size-thumbnail\" alt=\"\" aria-describedby=\"gallery-1-27990\" srcset=\"https:\/\/www.arquimaster.com.ar\/web\/wp-content\/uploads\/2017\/11\/casa_costa_esmeralda42-150x150.jpg 150w, https:\/\/www.arquimaster.com.ar\/web\/wp-content\/uploads\/2017\/11\/casa_costa_esmeralda42-50x50.jpg 50w, https:\/\/www.arquimaster.com.ar\/web\/wp-content\/uploads\/2017\/11\/casa_costa_esmeralda42-125x125.jpg 125w\" sizes=\"auto, (max-width: 150px) 100vw, 150px\" \/><\/a>\n\t\t\t<\/div>\n\t\t\t\t<figcaption class='wp-caption-text gallery-caption' id='gallery-1-27990'>\n\t\t\t\tCasa en Costa Esmeralda \/ D&#8217;Alessandro y Buenamaizon\n\t\t\t\t<\/figcaption><\/figure><figure class='gallery-item'>\n\t\t\t<div class='gallery-icon landscape'>\n\t\t\t\t<a href='https:\/\/www.arquimaster.com.ar\/web\/wp-content\/uploads\/2017\/11\/casa_costa_esmeralda43.jpg' title=\"Casa en Costa Esmeralda \/ D&#039;Alessandro y Buenamaizon\" data-rl_title=\"Casa en Costa Esmeralda \/ D&#039;Alessandro y Buenamaizon\" class=\"rl-gallery-link\" data-rl_caption=\"Casa en Costa Esmeralda \/ D&#039;Alessandro y Buenamaizon\" data-rel=\"lightbox-gallery-1\"><img loading=\"lazy\" decoding=\"async\" width=\"150\" height=\"150\" src=\"https:\/\/www.arquimaster.com.ar\/web\/wp-content\/uploads\/2017\/11\/casa_costa_esmeralda43-150x150.jpg\" class=\"attachment-thumbnail size-thumbnail\" alt=\"\" aria-describedby=\"gallery-1-27991\" srcset=\"https:\/\/www.arquimaster.com.ar\/web\/wp-content\/uploads\/2017\/11\/casa_costa_esmeralda43-150x150.jpg 150w, https:\/\/www.arquimaster.com.ar\/web\/wp-content\/uploads\/2017\/11\/casa_costa_esmeralda43-50x50.jpg 50w, https:\/\/www.arquimaster.com.ar\/web\/wp-content\/uploads\/2017\/11\/casa_costa_esmeralda43-125x125.jpg 125w\" sizes=\"auto, (max-width: 150px) 100vw, 150px\" \/><\/a>\n\t\t\t<\/div>\n\t\t\t\t<figcaption class='wp-caption-text gallery-caption' id='gallery-1-27991'>\n\t\t\t\tCasa en Costa Esmeralda \/ D&#8217;Alessandro y Buenamaizon\n\t\t\t\t<\/figcaption><\/figure><figure class='gallery-item'>\n\t\t\t<div class='gallery-icon landscape'>\n\t\t\t\t<a href='https:\/\/www.arquimaster.com.ar\/web\/wp-content\/uploads\/2017\/11\/casa_costa_esmeralda46.jpg' title=\"Casa en Costa Esmeralda \/ D&#039;Alessandro y Buenamaizon\" data-rl_title=\"Casa en Costa Esmeralda \/ D&#039;Alessandro y Buenamaizon\" class=\"rl-gallery-link\" data-rl_caption=\"Casa en Costa Esmeralda \/ D&#039;Alessandro y Buenamaizon\" data-rel=\"lightbox-gallery-1\"><img loading=\"lazy\" decoding=\"async\" width=\"150\" height=\"150\" src=\"https:\/\/www.arquimaster.com.ar\/web\/wp-content\/uploads\/2017\/11\/casa_costa_esmeralda46-150x150.jpg\" class=\"attachment-thumbnail size-thumbnail\" alt=\"\" aria-describedby=\"gallery-1-27994\" srcset=\"https:\/\/www.arquimaster.com.ar\/web\/wp-content\/uploads\/2017\/11\/casa_costa_esmeralda46-150x150.jpg 150w, https:\/\/www.arquimaster.com.ar\/web\/wp-content\/uploads\/2017\/11\/casa_costa_esmeralda46-50x50.jpg 50w, https:\/\/www.arquimaster.com.ar\/web\/wp-content\/uploads\/2017\/11\/casa_costa_esmeralda46-125x125.jpg 125w\" sizes=\"auto, (max-width: 150px) 100vw, 150px\" \/><\/a>\n\t\t\t<\/div>\n\t\t\t\t<figcaption class='wp-caption-text gallery-caption' id='gallery-1-27994'>\n\t\t\t\tCasa en Costa Esmeralda \/ D&#8217;Alessandro y Buenamaizon\n\t\t\t\t<\/figcaption><\/figure><figure class='gallery-item'>\n\t\t\t<div class='gallery-icon landscape'>\n\t\t\t\t<a href='https:\/\/www.arquimaster.com.ar\/web\/wp-content\/uploads\/2017\/11\/casa_costa_esmeralda44.jpg' title=\"Casa en Costa Esmeralda \/ D&#039;Alessandro y Buenamaizon\" data-rl_title=\"Casa en Costa Esmeralda \/ D&#039;Alessandro y Buenamaizon\" class=\"rl-gallery-link\" data-rl_caption=\"Casa en Costa Esmeralda \/ D&#039;Alessandro y Buenamaizon\" data-rel=\"lightbox-gallery-1\"><img loading=\"lazy\" decoding=\"async\" width=\"150\" height=\"150\" src=\"https:\/\/www.arquimaster.com.ar\/web\/wp-content\/uploads\/2017\/11\/casa_costa_esmeralda44-150x150.jpg\" class=\"attachment-thumbnail size-thumbnail\" alt=\"\" aria-describedby=\"gallery-1-27992\" srcset=\"https:\/\/www.arquimaster.com.ar\/web\/wp-content\/uploads\/2017\/11\/casa_costa_esmeralda44-150x150.jpg 150w, https:\/\/www.arquimaster.com.ar\/web\/wp-content\/uploads\/2017\/11\/casa_costa_esmeralda44-50x50.jpg 50w, https:\/\/www.arquimaster.com.ar\/web\/wp-content\/uploads\/2017\/11\/casa_costa_esmeralda44-125x125.jpg 125w\" sizes=\"auto, (max-width: 150px) 100vw, 150px\" \/><\/a>\n\t\t\t<\/div>\n\t\t\t\t<figcaption class='wp-caption-text gallery-caption' id='gallery-1-27992'>\n\t\t\t\tCasa en Costa Esmeralda \/ D&#8217;Alessandro y Buenamaizon\n\t\t\t\t<\/figcaption><\/figure><figure class='gallery-item'>\n\t\t\t<div class='gallery-icon landscape'>\n\t\t\t\t<a href='https:\/\/www.arquimaster.com.ar\/web\/wp-content\/uploads\/2017\/11\/casa_costa_esmeralda45.jpg' title=\"Casa en Costa Esmeralda \/ D&#039;Alessandro y Buenamaizon\" data-rl_title=\"Casa en Costa Esmeralda \/ D&#039;Alessandro y Buenamaizon\" class=\"rl-gallery-link\" data-rl_caption=\"Casa en Costa Esmeralda \/ D&#039;Alessandro y Buenamaizon\" data-rel=\"lightbox-gallery-1\"><img loading=\"lazy\" decoding=\"async\" width=\"150\" height=\"150\" src=\"https:\/\/www.arquimaster.com.ar\/web\/wp-content\/uploads\/2017\/11\/casa_costa_esmeralda45-150x150.jpg\" class=\"attachment-thumbnail size-thumbnail\" alt=\"\" aria-describedby=\"gallery-1-27993\" srcset=\"https:\/\/www.arquimaster.com.ar\/web\/wp-content\/uploads\/2017\/11\/casa_costa_esmeralda45-150x150.jpg 150w, https:\/\/www.arquimaster.com.ar\/web\/wp-content\/uploads\/2017\/11\/casa_costa_esmeralda45-50x50.jpg 50w, https:\/\/www.arquimaster.com.ar\/web\/wp-content\/uploads\/2017\/11\/casa_costa_esmeralda45-125x125.jpg 125w\" sizes=\"auto, (max-width: 150px) 100vw, 150px\" \/><\/a>\n\t\t\t<\/div>\n\t\t\t\t<figcaption class='wp-caption-text gallery-caption' id='gallery-1-27993'>\n\t\t\t\tCasa en Costa Esmeralda \/ D&#8217;Alessandro y Buenamaizon\n\t\t\t\t<\/figcaption><\/figure><figure class='gallery-item'>\n\t\t\t<div class='gallery-icon landscape'>\n\t\t\t\t<a href='https:\/\/www.arquimaster.com.ar\/web\/wp-content\/uploads\/2017\/11\/casa_costa_esmeralda47.jpg' title=\"Casa en Costa Esmeralda \/ D&#039;Alessandro y Buenamaizon\" data-rl_title=\"Casa en Costa Esmeralda \/ D&#039;Alessandro y Buenamaizon\" class=\"rl-gallery-link\" data-rl_caption=\"Casa en Costa Esmeralda \/ D&#039;Alessandro y Buenamaizon\" data-rel=\"lightbox-gallery-1\"><img loading=\"lazy\" decoding=\"async\" width=\"150\" height=\"150\" src=\"https:\/\/www.arquimaster.com.ar\/web\/wp-content\/uploads\/2017\/11\/casa_costa_esmeralda47-150x150.jpg\" class=\"attachment-thumbnail size-thumbnail\" alt=\"\" aria-describedby=\"gallery-1-27995\" srcset=\"https:\/\/www.arquimaster.com.ar\/web\/wp-content\/uploads\/2017\/11\/casa_costa_esmeralda47-150x150.jpg 150w, https:\/\/www.arquimaster.com.ar\/web\/wp-content\/uploads\/2017\/11\/casa_costa_esmeralda47-50x50.jpg 50w, https:\/\/www.arquimaster.com.ar\/web\/wp-content\/uploads\/2017\/11\/casa_costa_esmeralda47-125x125.jpg 125w\" sizes=\"auto, (max-width: 150px) 100vw, 150px\" \/><\/a>\n\t\t\t<\/div>\n\t\t\t\t<figcaption class='wp-caption-text gallery-caption' id='gallery-1-27995'>\n\t\t\t\tCasa en Costa Esmeralda \/ D&#8217;Alessandro y Buenamaizon\n\t\t\t\t<\/figcaption><\/figure>\n\t\t<\/div>\n\n<p>La casa fue planteada, dise\u00f1ada y construida sobre la base de l\u00edneas arraigadas en los fundamentos del dise\u00f1o moderno. Se destacan el concreto e impresionantes muros de piedra natural seleccionada, que muestran las huellas de los barrenos de corte en la cantera.<\/p>\n<p>Tanto la sobriedad del concreto a la vista en paredes y cielorrasos como la sencillez de las formas, se combinan en una geometr\u00eda que crea variadas posibilidades de asoleaci\u00f3n y sombras, cubriendo las necesidades para gustos diversos. Siempre se encuentra una terraza a pleno sol y otra a la sombra, en los distintos niveles, gracias a la orientaci\u00f3n elegida para el dise\u00f1o de las mismas.<\/p>\n<p>En la antig\u00fcedad Marco Vitruvio (Arq. Ing. y escritor del siglo 1 A.C. ) aseguraba que una estructura arquitect\u00f3nica deb\u00eda aunar tres cualidades: FIRMEZA, UTILIDAD Y BELLEZA. La ausencia de una de ellas, har\u00eda que tal obra, no pudiera ser considerada como tal.<\/p>\n<p>Lamentablemente, el concepto de FIRMEZA, se va perdiendo en el tiempo debido a la b\u00fasqueda de economizar al m\u00e1ximo los costos. No entendiendo que una buena construcci\u00f3n, es una buena inversi\u00f3n a futuro y se requerir\u00e1 mucho menos mantenci\u00f3n y resistencia al paso del tiempo.<\/p>\n<p>Por tal motivo, nuestro proyecto se basa en la solidez de sus estructuras. Basadas en el hormig\u00f3n y la piedra, itentando combinar espacios generosos de gran belleza.<\/p>\n<p>Volviendo al proyecto, hemos decidido realizarlo en tres plantas o espacios horizontales (PB, 1\u00ba y 2\u00ba) y una terraza en el cuarto nivel con sensacionales vistas al mar y todo el complejo de Costa Esmeralda.<\/p>\n<p>Ha influenciado a la hora de definir y articular la vivienda en tres vol\u00famenes, albergando cada uno de ellos una parte diferente del programa de necesidades.<\/p>\n<p>El dise\u00f1o fue concebido de tal manera que en PB, se encuentran cinco suites con conexi\u00f3n directa al deck privado exterior para cada una de ellas.<\/p>\n<p>En la misma planta se destaca un impresionante SPA, absolutamente vidriado (sea para uso invernal o estival) con una piscina climatizada de 14 metros de largo por 3 metros de ancho. Con sector de hidromasajes, cuellos de cisnes masajeadores. Un box de dos duchas escocesas. Sector de mini gym. relax e imponentes vistas al parque.<\/p>\n<p>Por otra parte, se encuentra el acceso secundario de la casa. hacia una segunda cocina totalmente equipada con lavadero y una notable galer\u00eda\/ estar. Con un gran asador para reuniones informales.<\/p>\n<p>En el 1\u00ba piso se encuentra el sector de reuni\u00f3n, contando con una cocina con expansi\u00f3n a la terraza\/parrilla, un living con salida a una peque\u00f1a terraza estar y un comedor con salida a otra terraza\/sol\u00e1rium con dos mini piscinas circulares con agua fr\u00eda y caliente.<\/p>\n<p>La iluminaci\u00f3n del ingreso, living y comedor, se distinguen con grandes ara\u00f1as de caireles de cristal importado de Austria. resaltando nuevamente el contraste de los materiales. Priorizando los detalles de buen gusto y calidad.<\/p>\n<p>En el 2\u00ba piso, nos encontramos con la master suite de 70 m2 con vestidor, hidromasaje para 2 personas, un ba\u00f1o completo con doble ducha y una alucinante vista al exterior.<\/p>\n<p>Hacia el frente, tenemos una salida a terraza\/sol\u00e1rium, con una ba\u00f1era antigua de patas con agua fr\u00eda y caliente, con orientaci\u00f3n hacia el ocaso.<\/p>\n<p>Hacia el contrafrente salimos a otra terraza\/sol\u00e1rium. que cuenta con un camastro King con una magn\u00edfica vista al mar.<\/p>\n<p>Si subimos de esta terraza al sol\u00e1rium del 3\u00ba nivel, arribamos al solario\/mirador todo revestido con deck sobre la losa de hormig\u00f3n armado, contando con dos mini piscinas circulares de agua fr\u00eda\/caliente, permitiendo una vez dentro de las mismas realizar un ba\u00f1o relax con las mejores vistas directas a la playa y los alrededores de Costa Esmeralda.<\/p>\n<p>La casa cuenta con un de calefacci\u00f3n de losa radiante en todas las plantas (pudi\u00e9ndolo sectorizar) inclusive en el sector SPA.<\/p>\n<p>Para acceder a esta casa, se lo puede hacer por PB desde la cocina (como lo detallamos anteriormente) o por su acceso principal, a trav\u00e9s de la amplia y espaciosa escalera de hormig\u00f3n armado (de 3,00 metros de ancho), donde accedemos por la entrada principal, a trav\u00e9s de un imponente port\u00f3n de 2 hojas de madera maciza, adquirido en la demolici\u00f3n de una casona\/castillo de campo y restaurado para esta ocasi\u00f3n.<\/p>\n<p><strong>Descripci\u00f3n<\/strong><br \/>\nLote de 1011 m2 (22,13 metros de ancho al contrafrente, 17,20 metros de ancho al frente y 51,40 metros de largo).<\/p>\n<p><strong>Planta baja<\/strong><br \/>\nPlaya de estacionamiento de hormig\u00f3n llaneado con una p\u00e9rgola techada para 2 veh\u00edculos en el frente. En el lateral, hay una p\u00e9rgola de 5,50&#215;3,50 m con techo de madera r\u00fastico, debajo de la misma un estar con sillones de madera y mesa ratona. Asador exterior de chapa semicircular con bancos de madera. Debajo de p\u00e9rgola acceso a la casa por cocina de PB. Debajo de la escalera principal, estar todo revestido en deck, con sillones y mesas ratonas. 5 suites con ba\u00f1o y dobles bachas (todos con ventilaci\u00f3n\/ventanales al exterior) y vestidor. Todas las suites, tienen puerta balc\u00f3n y salida a los decks laterales. Toilette bajo la escalera. Spa con pileta de hormig\u00f3n armado de 13,00 m de largo x 3,00 m de ancho. Cuenta con sector de hidromasajes y 2 cuellos de cisne masajeadores de cervicales. Ducha doble escocesa. M\u00fasica funcional y circuito para instalar TV. Desde el spa se puede salir al exterior, a una terraza de deck con vistas al parque.<\/p>\n<p><strong>1\u00ba Piso<\/strong><br \/>\nSe accede desde calle por escalera principal o desde PB por escalera interna. Cocina completa con isla central de 5,00&#215;4,60 m, integrada al comedor de 6,30&#215;4,60 m, y amplio living de 5,60&#215;4,60 m. Todos estos ambientes tienen salida al exterior, a diferentes terrazas. Desde cocina, se accede a una terraza 7,80&#215;7,00 m con parrilla y mesada con su respectiva pileta, un sector del piso vidriado con vistas al Spa de PB. Desde el living, se accede a una peque\u00f1a terraza revestida en deck con sillones y mesas ratonas de 2,30&#215;6,00 m. Desde el comedor, se accede a una terraza donde la primera parte es semi cubierta, de 4,80&#215;4,70 m con un camastro de 2 plazas. El resto de la terraza\/sol\u00e1rium es descubierta de 11,00&#215;5,00 m con 3 camastros y una plataforma de deck con dos mini piscinas circulares de agua fr\u00eda caliente. Las mismas tienen sol desde las 10 hs, hasta la puesta total.<\/p>\n<p><strong>2\u00ba Piso<\/strong><br \/>\nEncontramos un hall de acceso a la master suite de 11,00&#215;4,70 m. Jacuzzi para 2 personas con vistas al mar, ba\u00f1o completo con 2 duchas y vestidor al frente. Este ambiente, se encuentra dividido por un parapeto bajo de mamposter\u00eda, d\u00e1ndole privacidad a la cama principal, y a la vez sirve de apoyo de la TV. Desde esta master suite, podemos salir hacia el frente a una terraza con 2 peque\u00f1os camastros. Hemos construido una plataforma de deck, que tiene una ba\u00f1era antigua de patas con agua fr\u00eda caliente con orientaci\u00f3n a la puesta del sol. Saliendo hacia el contrafrente, hay una terraza\/solarium con un camastro King con vistas directas al mar. Desde este nivel, por medio de una escalera de hormig\u00f3n, se accede a una gran terraza al tercer nivel totalmente revestida en deck sobre la losa de hormig\u00f3n. Se ha construido una plataforma superior con dos mini piscinas circulares con agua fr\u00eda caliente. Dentro de las mini piscinas se puede observar la playa y vistas a\u00e9reas de todo el complejo de Costa Esmeralda. Toda la casa posee aberturas de PVC, con herrajes alemanes y doble vidrio (DVH)<\/p>\n<p><strong>Ficha t\u00e9cnica<\/strong><br \/>\nNombre: Casa en Costa Esmeralda<br \/>\nUbicacion: Residencial 2, Lote 3, Costa Esmeralda, Partido de la Costa, Pcia. de Buenos Aires, Argentina<br \/>\nProyectistas: Arquitectos Guillermo D&#8217;Alessandro y Gabriela Buenamaizon<br \/>\nSuperficie cubierta: 500 m2 aproximadamente<br \/>\nSuperficie lote: 1011 m2<\/p>\n<p><strong>Contacto:<\/strong> <a href=\"http:\/\/www.essef.com.ar\" target=\"_blank\" rel=\"noopener\">http:\/\/www.essef.com.ar<\/a><\/p>\n\n<div style=\"font-size: 0px; height: 0px; line-height: 0px; margin: 0; padding: 0; clear: both;\"><\/div><div style=\"margin-top: 0px; margin-bottom: 0px;\" class=\"sharethis-inline-share-buttons\" ><\/div>","protected":false},"excerpt":{"rendered":"<p>La casa se ubica cercana a la playa y resguardada por un frondoso bosque de pinos&#8230;<\/p>\n","protected":false},"author":1,"featured_media":27948,"comment_status":"closed","ping_status":"closed","sticky":false,"template":"","format":"standard","meta":{"_uag_custom_page_level_css":"","footnotes":""},"categories":[1,251],"tags":[2157,2156,252,1023,1025,1024],"class_list":["post-27947","post","type-post","status-publish","format-standard","has-post-thumbnail","hentry","category-proyecto","category-casas-de-playa","tag-casa-de-descanso","tag-casa-de-fin-de-semana","tag-casa-de-playa","tag-costa-esmeralda","tag-gabriela-buenamaizon","tag-guillermo-dalessandro","generate-columns","tablet-grid-50","mobile-grid-100","grid-parent","grid-50"],"yoast_head":"<!-- This site is optimized with the Yoast SEO plugin v27.3 - https:\/\/yoast.com\/product\/yoast-seo-wordpress\/ -->\n<title>Casa en Costa Esmeralda \/ D&#039;Alessandro y Buenamaizon - Arquimaster<\/title>\n<meta name=\"robots\" content=\"index, follow, max-snippet:-1, max-image-preview:large, max-video-preview:-1\" \/>\n<link rel=\"canonical\" href=\"https:\/\/www.arquimaster.com.ar\/web\/casa-en-costa-esmeralda-dalessandro-y-buenamaizon\/\" \/>\n<meta property=\"og:locale\" content=\"es_ES\" \/>\n<meta property=\"og:type\" content=\"article\" \/>\n<meta property=\"og:title\" content=\"Casa en Costa Esmeralda \/ D&#039;Alessandro y Buenamaizon - Arquimaster\" \/>\n<meta property=\"og:description\" content=\"La casa se ubica cercana a la playa y resguardada por un frondoso bosque de pinos...\" \/>\n<meta property=\"og:url\" content=\"https:\/\/www.arquimaster.com.ar\/web\/casa-en-costa-esmeralda-dalessandro-y-buenamaizon\/\" \/>\n<meta property=\"og:site_name\" content=\"Arquimaster\" \/>\n<meta property=\"article:publisher\" content=\"http:\/\/www.facebook.com\/ARQUIMASTER.com.ar\" \/>\n<meta property=\"article:published_time\" content=\"2017-11-16T17:48:39+00:00\" \/>\n<meta property=\"article:modified_time\" content=\"2017-11-21T18:12:53+00:00\" \/>\n<meta property=\"og:image\" content=\"https:\/\/www.arquimaster.com.ar\/web\/wp-content\/uploads\/2017\/11\/casa_costa_esmeralda_slide.jpg\" \/>\n\t<meta property=\"og:image:width\" content=\"642\" \/>\n\t<meta property=\"og:image:height\" content=\"336\" \/>\n\t<meta property=\"og:image:type\" content=\"image\/jpeg\" \/>\n<meta name=\"author\" content=\"Arquimaster\" \/>\n<meta name=\"twitter:card\" content=\"summary_large_image\" \/>\n<meta name=\"twitter:creator\" content=\"@arquimaster\" \/>\n<meta name=\"twitter:site\" content=\"@arquimaster\" \/>\n<meta name=\"twitter:label1\" content=\"Escrito por\" \/>\n\t<meta name=\"twitter:data1\" content=\"Arquimaster\" \/>\n\t<meta name=\"twitter:label2\" content=\"Tiempo de lectura\" \/>\n\t<meta name=\"twitter:data2\" content=\"7 minutos\" \/>\n<script type=\"application\/ld+json\" class=\"yoast-schema-graph\">{\"@context\":\"https:\\\/\\\/schema.org\",\"@graph\":[{\"@type\":\"Article\",\"@id\":\"https:\\\/\\\/www.arquimaster.com.ar\\\/web\\\/casa-en-costa-esmeralda-dalessandro-y-buenamaizon\\\/#article\",\"isPartOf\":{\"@id\":\"https:\\\/\\\/www.arquimaster.com.ar\\\/web\\\/casa-en-costa-esmeralda-dalessandro-y-buenamaizon\\\/\"},\"author\":{\"name\":\"Arquimaster\",\"@id\":\"https:\\\/\\\/www.arquimaster.com.ar\\\/web\\\/#\\\/schema\\\/person\\\/359e9f7c00193fcde068e0dd2ceb0028\"},\"headline\":\"Casa en Costa Esmeralda \\\/ D&#8217;Alessandro y Buenamaizon\",\"datePublished\":\"2017-11-16T17:48:39+00:00\",\"dateModified\":\"2017-11-21T18:12:53+00:00\",\"mainEntityOfPage\":{\"@id\":\"https:\\\/\\\/www.arquimaster.com.ar\\\/web\\\/casa-en-costa-esmeralda-dalessandro-y-buenamaizon\\\/\"},\"wordCount\":1434,\"publisher\":{\"@id\":\"https:\\\/\\\/www.arquimaster.com.ar\\\/web\\\/#organization\"},\"image\":{\"@id\":\"https:\\\/\\\/www.arquimaster.com.ar\\\/web\\\/casa-en-costa-esmeralda-dalessandro-y-buenamaizon\\\/#primaryimage\"},\"thumbnailUrl\":\"https:\\\/\\\/www.arquimaster.com.ar\\\/web\\\/wp-content\\\/uploads\\\/2017\\\/11\\\/casa_costa_esmeralda_slide.jpg\",\"keywords\":[\"casa de descanso\",\"casa de fin de semana\",\"casa de playa\",\"Costa Esmeralda\",\"Gabriela Buenamaizon\",\"Guillermo D'Alessandro\"],\"articleSection\":[\"Proyecto\",\"Vivienda no permanente\"],\"inLanguage\":\"es\"},{\"@type\":\"WebPage\",\"@id\":\"https:\\\/\\\/www.arquimaster.com.ar\\\/web\\\/casa-en-costa-esmeralda-dalessandro-y-buenamaizon\\\/\",\"url\":\"https:\\\/\\\/www.arquimaster.com.ar\\\/web\\\/casa-en-costa-esmeralda-dalessandro-y-buenamaizon\\\/\",\"name\":\"Casa en Costa Esmeralda \\\/ D'Alessandro y Buenamaizon - Arquimaster\",\"isPartOf\":{\"@id\":\"https:\\\/\\\/www.arquimaster.com.ar\\\/web\\\/#website\"},\"primaryImageOfPage\":{\"@id\":\"https:\\\/\\\/www.arquimaster.com.ar\\\/web\\\/casa-en-costa-esmeralda-dalessandro-y-buenamaizon\\\/#primaryimage\"},\"image\":{\"@id\":\"https:\\\/\\\/www.arquimaster.com.ar\\\/web\\\/casa-en-costa-esmeralda-dalessandro-y-buenamaizon\\\/#primaryimage\"},\"thumbnailUrl\":\"https:\\\/\\\/www.arquimaster.com.ar\\\/web\\\/wp-content\\\/uploads\\\/2017\\\/11\\\/casa_costa_esmeralda_slide.jpg\",\"datePublished\":\"2017-11-16T17:48:39+00:00\",\"dateModified\":\"2017-11-21T18:12:53+00:00\",\"breadcrumb\":{\"@id\":\"https:\\\/\\\/www.arquimaster.com.ar\\\/web\\\/casa-en-costa-esmeralda-dalessandro-y-buenamaizon\\\/#breadcrumb\"},\"inLanguage\":\"es\",\"potentialAction\":[{\"@type\":\"ReadAction\",\"target\":[\"https:\\\/\\\/www.arquimaster.com.ar\\\/web\\\/casa-en-costa-esmeralda-dalessandro-y-buenamaizon\\\/\"]}]},{\"@type\":\"ImageObject\",\"inLanguage\":\"es\",\"@id\":\"https:\\\/\\\/www.arquimaster.com.ar\\\/web\\\/casa-en-costa-esmeralda-dalessandro-y-buenamaizon\\\/#primaryimage\",\"url\":\"https:\\\/\\\/www.arquimaster.com.ar\\\/web\\\/wp-content\\\/uploads\\\/2017\\\/11\\\/casa_costa_esmeralda_slide.jpg\",\"contentUrl\":\"https:\\\/\\\/www.arquimaster.com.ar\\\/web\\\/wp-content\\\/uploads\\\/2017\\\/11\\\/casa_costa_esmeralda_slide.jpg\",\"width\":642,\"height\":336},{\"@type\":\"BreadcrumbList\",\"@id\":\"https:\\\/\\\/www.arquimaster.com.ar\\\/web\\\/casa-en-costa-esmeralda-dalessandro-y-buenamaizon\\\/#breadcrumb\",\"itemListElement\":[{\"@type\":\"ListItem\",\"position\":1,\"name\":\"Portada\",\"item\":\"https:\\\/\\\/www.arquimaster.com.ar\\\/web\\\/\"},{\"@type\":\"ListItem\",\"position\":2,\"name\":\"Casa en Costa Esmeralda \\\/ D&#8217;Alessandro y Buenamaizon\"}]},{\"@type\":\"WebSite\",\"@id\":\"https:\\\/\\\/www.arquimaster.com.ar\\\/web\\\/#website\",\"url\":\"https:\\\/\\\/www.arquimaster.com.ar\\\/web\\\/\",\"name\":\"Arquimaster\",\"description\":\"Web de arquitectura, dise\u00f1o y construccion\",\"publisher\":{\"@id\":\"https:\\\/\\\/www.arquimaster.com.ar\\\/web\\\/#organization\"},\"potentialAction\":[{\"@type\":\"SearchAction\",\"target\":{\"@type\":\"EntryPoint\",\"urlTemplate\":\"https:\\\/\\\/www.arquimaster.com.ar\\\/web\\\/?s={search_term_string}\"},\"query-input\":{\"@type\":\"PropertyValueSpecification\",\"valueRequired\":true,\"valueName\":\"search_term_string\"}}],\"inLanguage\":\"es\"},{\"@type\":\"Organization\",\"@id\":\"https:\\\/\\\/www.arquimaster.com.ar\\\/web\\\/#organization\",\"name\":\"Arquimaster\",\"url\":\"https:\\\/\\\/www.arquimaster.com.ar\\\/web\\\/\",\"logo\":{\"@type\":\"ImageObject\",\"inLanguage\":\"es\",\"@id\":\"https:\\\/\\\/www.arquimaster.com.ar\\\/web\\\/#\\\/schema\\\/logo\\\/image\\\/\",\"url\":\"https:\\\/\\\/www.arquimaster.com.ar\\\/web\\\/wp-content\\\/uploads\\\/2022\\\/06\\\/arquimaster.png\",\"contentUrl\":\"https:\\\/\\\/www.arquimaster.com.ar\\\/web\\\/wp-content\\\/uploads\\\/2022\\\/06\\\/arquimaster.png\",\"width\":594,\"height\":78,\"caption\":\"Arquimaster\"},\"image\":{\"@id\":\"https:\\\/\\\/www.arquimaster.com.ar\\\/web\\\/#\\\/schema\\\/logo\\\/image\\\/\"},\"sameAs\":[\"http:\\\/\\\/www.facebook.com\\\/ARQUIMASTER.com.ar\",\"https:\\\/\\\/x.com\\\/arquimaster\",\"https:\\\/\\\/www.instagram.com\\\/arquimasterblog\\\/\",\"https:\\\/\\\/www.linkedin.com\\\/company\\\/arquimaster\",\"https:\\\/\\\/www.pinterest.com\\\/arquimaster\",\"https:\\\/\\\/t.me\\\/arquimaster\"]},{\"@type\":\"Person\",\"@id\":\"https:\\\/\\\/www.arquimaster.com.ar\\\/web\\\/#\\\/schema\\\/person\\\/359e9f7c00193fcde068e0dd2ceb0028\",\"name\":\"Arquimaster\"}]}<\/script>\n<!-- \/ Yoast SEO plugin. -->","yoast_head_json":{"title":"Casa en Costa Esmeralda \/ D'Alessandro y Buenamaizon - Arquimaster","robots":{"index":"index","follow":"follow","max-snippet":"max-snippet:-1","max-image-preview":"max-image-preview:large","max-video-preview":"max-video-preview:-1"},"canonical":"https:\/\/www.arquimaster.com.ar\/web\/casa-en-costa-esmeralda-dalessandro-y-buenamaizon\/","og_locale":"es_ES","og_type":"article","og_title":"Casa en Costa Esmeralda \/ D'Alessandro y Buenamaizon - Arquimaster","og_description":"La casa se ubica cercana a la playa y resguardada por un frondoso bosque de pinos...","og_url":"https:\/\/www.arquimaster.com.ar\/web\/casa-en-costa-esmeralda-dalessandro-y-buenamaizon\/","og_site_name":"Arquimaster","article_publisher":"http:\/\/www.facebook.com\/ARQUIMASTER.com.ar","article_published_time":"2017-11-16T17:48:39+00:00","article_modified_time":"2017-11-21T18:12:53+00:00","og_image":[{"width":642,"height":336,"url":"https:\/\/www.arquimaster.com.ar\/web\/wp-content\/uploads\/2017\/11\/casa_costa_esmeralda_slide.jpg","type":"image\/jpeg"}],"author":"Arquimaster","twitter_card":"summary_large_image","twitter_creator":"@arquimaster","twitter_site":"@arquimaster","twitter_misc":{"Escrito por":"Arquimaster","Tiempo de lectura":"7 minutos"},"schema":{"@context":"https:\/\/schema.org","@graph":[{"@type":"Article","@id":"https:\/\/www.arquimaster.com.ar\/web\/casa-en-costa-esmeralda-dalessandro-y-buenamaizon\/#article","isPartOf":{"@id":"https:\/\/www.arquimaster.com.ar\/web\/casa-en-costa-esmeralda-dalessandro-y-buenamaizon\/"},"author":{"name":"Arquimaster","@id":"https:\/\/www.arquimaster.com.ar\/web\/#\/schema\/person\/359e9f7c00193fcde068e0dd2ceb0028"},"headline":"Casa en Costa Esmeralda \/ D&#8217;Alessandro y Buenamaizon","datePublished":"2017-11-16T17:48:39+00:00","dateModified":"2017-11-21T18:12:53+00:00","mainEntityOfPage":{"@id":"https:\/\/www.arquimaster.com.ar\/web\/casa-en-costa-esmeralda-dalessandro-y-buenamaizon\/"},"wordCount":1434,"publisher":{"@id":"https:\/\/www.arquimaster.com.ar\/web\/#organization"},"image":{"@id":"https:\/\/www.arquimaster.com.ar\/web\/casa-en-costa-esmeralda-dalessandro-y-buenamaizon\/#primaryimage"},"thumbnailUrl":"https:\/\/www.arquimaster.com.ar\/web\/wp-content\/uploads\/2017\/11\/casa_costa_esmeralda_slide.jpg","keywords":["casa de descanso","casa de fin de semana","casa de playa","Costa Esmeralda","Gabriela Buenamaizon","Guillermo D'Alessandro"],"articleSection":["Proyecto","Vivienda no permanente"],"inLanguage":"es"},{"@type":"WebPage","@id":"https:\/\/www.arquimaster.com.ar\/web\/casa-en-costa-esmeralda-dalessandro-y-buenamaizon\/","url":"https:\/\/www.arquimaster.com.ar\/web\/casa-en-costa-esmeralda-dalessandro-y-buenamaizon\/","name":"Casa en Costa Esmeralda \/ D'Alessandro y Buenamaizon - Arquimaster","isPartOf":{"@id":"https:\/\/www.arquimaster.com.ar\/web\/#website"},"primaryImageOfPage":{"@id":"https:\/\/www.arquimaster.com.ar\/web\/casa-en-costa-esmeralda-dalessandro-y-buenamaizon\/#primaryimage"},"image":{"@id":"https:\/\/www.arquimaster.com.ar\/web\/casa-en-costa-esmeralda-dalessandro-y-buenamaizon\/#primaryimage"},"thumbnailUrl":"https:\/\/www.arquimaster.com.ar\/web\/wp-content\/uploads\/2017\/11\/casa_costa_esmeralda_slide.jpg","datePublished":"2017-11-16T17:48:39+00:00","dateModified":"2017-11-21T18:12:53+00:00","breadcrumb":{"@id":"https:\/\/www.arquimaster.com.ar\/web\/casa-en-costa-esmeralda-dalessandro-y-buenamaizon\/#breadcrumb"},"inLanguage":"es","potentialAction":[{"@type":"ReadAction","target":["https:\/\/www.arquimaster.com.ar\/web\/casa-en-costa-esmeralda-dalessandro-y-buenamaizon\/"]}]},{"@type":"ImageObject","inLanguage":"es","@id":"https:\/\/www.arquimaster.com.ar\/web\/casa-en-costa-esmeralda-dalessandro-y-buenamaizon\/#primaryimage","url":"https:\/\/www.arquimaster.com.ar\/web\/wp-content\/uploads\/2017\/11\/casa_costa_esmeralda_slide.jpg","contentUrl":"https:\/\/www.arquimaster.com.ar\/web\/wp-content\/uploads\/2017\/11\/casa_costa_esmeralda_slide.jpg","width":642,"height":336},{"@type":"BreadcrumbList","@id":"https:\/\/www.arquimaster.com.ar\/web\/casa-en-costa-esmeralda-dalessandro-y-buenamaizon\/#breadcrumb","itemListElement":[{"@type":"ListItem","position":1,"name":"Portada","item":"https:\/\/www.arquimaster.com.ar\/web\/"},{"@type":"ListItem","position":2,"name":"Casa en Costa Esmeralda \/ D&#8217;Alessandro y Buenamaizon"}]},{"@type":"WebSite","@id":"https:\/\/www.arquimaster.com.ar\/web\/#website","url":"https:\/\/www.arquimaster.com.ar\/web\/","name":"Arquimaster","description":"Web de arquitectura, dise\u00f1o y construccion","publisher":{"@id":"https:\/\/www.arquimaster.com.ar\/web\/#organization"},"potentialAction":[{"@type":"SearchAction","target":{"@type":"EntryPoint","urlTemplate":"https:\/\/www.arquimaster.com.ar\/web\/?s={search_term_string}"},"query-input":{"@type":"PropertyValueSpecification","valueRequired":true,"valueName":"search_term_string"}}],"inLanguage":"es"},{"@type":"Organization","@id":"https:\/\/www.arquimaster.com.ar\/web\/#organization","name":"Arquimaster","url":"https:\/\/www.arquimaster.com.ar\/web\/","logo":{"@type":"ImageObject","inLanguage":"es","@id":"https:\/\/www.arquimaster.com.ar\/web\/#\/schema\/logo\/image\/","url":"https:\/\/www.arquimaster.com.ar\/web\/wp-content\/uploads\/2022\/06\/arquimaster.png","contentUrl":"https:\/\/www.arquimaster.com.ar\/web\/wp-content\/uploads\/2022\/06\/arquimaster.png","width":594,"height":78,"caption":"Arquimaster"},"image":{"@id":"https:\/\/www.arquimaster.com.ar\/web\/#\/schema\/logo\/image\/"},"sameAs":["http:\/\/www.facebook.com\/ARQUIMASTER.com.ar","https:\/\/x.com\/arquimaster","https:\/\/www.instagram.com\/arquimasterblog\/","https:\/\/www.linkedin.com\/company\/arquimaster","https:\/\/www.pinterest.com\/arquimaster","https:\/\/t.me\/arquimaster"]},{"@type":"Person","@id":"https:\/\/www.arquimaster.com.ar\/web\/#\/schema\/person\/359e9f7c00193fcde068e0dd2ceb0028","name":"Arquimaster"}]}},"uagb_featured_image_src":{"full":["https:\/\/www.arquimaster.com.ar\/web\/wp-content\/uploads\/2017\/11\/casa_costa_esmeralda_slide.jpg",642,336,false],"thumbnail":["https:\/\/www.arquimaster.com.ar\/web\/wp-content\/uploads\/2017\/11\/casa_costa_esmeralda_slide-150x150.jpg",150,150,true],"medium":["https:\/\/www.arquimaster.com.ar\/web\/wp-content\/uploads\/2017\/11\/casa_costa_esmeralda_slide.jpg",642,336,false],"medium_large":["https:\/\/www.arquimaster.com.ar\/web\/wp-content\/uploads\/2017\/11\/casa_costa_esmeralda_slide.jpg",642,336,false],"large":["https:\/\/www.arquimaster.com.ar\/web\/wp-content\/uploads\/2017\/11\/casa_costa_esmeralda_slide.jpg",642,336,false],"1536x1536":["https:\/\/www.arquimaster.com.ar\/web\/wp-content\/uploads\/2017\/11\/casa_costa_esmeralda_slide.jpg",642,336,false],"2048x2048":["https:\/\/www.arquimaster.com.ar\/web\/wp-content\/uploads\/2017\/11\/casa_costa_esmeralda_slide.jpg",642,336,false]},"uagb_author_info":{"display_name":"Arquimaster","author_link":"https:\/\/www.arquimaster.com.ar\/web\/author\/arquimaster\/"},"uagb_comment_info":0,"uagb_excerpt":"La casa se ubica cercana a la playa y resguardada por un frondoso bosque de pinos...","_links":{"self":[{"href":"https:\/\/www.arquimaster.com.ar\/web\/wp-json\/wp\/v2\/posts\/27947","targetHints":{"allow":["GET"]}}],"collection":[{"href":"https:\/\/www.arquimaster.com.ar\/web\/wp-json\/wp\/v2\/posts"}],"about":[{"href":"https:\/\/www.arquimaster.com.ar\/web\/wp-json\/wp\/v2\/types\/post"}],"author":[{"embeddable":true,"href":"https:\/\/www.arquimaster.com.ar\/web\/wp-json\/wp\/v2\/users\/1"}],"replies":[{"embeddable":true,"href":"https:\/\/www.arquimaster.com.ar\/web\/wp-json\/wp\/v2\/comments?post=27947"}],"version-history":[{"count":0,"href":"https:\/\/www.arquimaster.com.ar\/web\/wp-json\/wp\/v2\/posts\/27947\/revisions"}],"wp:featuredmedia":[{"embeddable":true,"href":"https:\/\/www.arquimaster.com.ar\/web\/wp-json\/wp\/v2\/media\/27948"}],"wp:attachment":[{"href":"https:\/\/www.arquimaster.com.ar\/web\/wp-json\/wp\/v2\/media?parent=27947"}],"wp:term":[{"taxonomy":"category","embeddable":true,"href":"https:\/\/www.arquimaster.com.ar\/web\/wp-json\/wp\/v2\/categories?post=27947"},{"taxonomy":"post_tag","embeddable":true,"href":"https:\/\/www.arquimaster.com.ar\/web\/wp-json\/wp\/v2\/tags?post=27947"}],"curies":[{"name":"wp","href":"https:\/\/api.w.org\/{rel}","templated":true}]}}