{"id":28173,"date":"2017-12-07T19:42:54","date_gmt":"2017-12-07T19:42:54","guid":{"rendered":"http:\/\/www.arquimaster.com.ar\/web\/?p=28173"},"modified":"2017-12-09T20:42:57","modified_gmt":"2017-12-09T20:42:57","slug":"casa-real-hacienda-iii-canada-sobrado-ugalde-arquitectos","status":"publish","type":"post","link":"https:\/\/www.arquimaster.com.ar\/web\/casa-real-hacienda-iii-canada-sobrado-ugalde-arquitectos\/","title":{"rendered":"Casa Real Hacienda III Ca\u00f1ada \/ Sobrado + Ugalde Arquitectos"},"content":{"rendered":"<div style=\"margin-top: 0px; margin-bottom: 0px;\" class=\"sharethis-inline-share-buttons\" ><\/div><div class=\"b812932af2e751442846f039925109de\" data-index=\"1\" style=\"float: none; margin:25px 0 25px 0; text-align:center;\">\n<script async src=\"https:\/\/pagead2.googlesyndication.com\/pagead\/js\/adsbygoogle.js\"><\/script>\r\n<!-- Arquimaster (superior) -->\r\n<ins class=\"adsbygoogle\"\r\n     style=\"display:block\"\r\n     data-ad-client=\"ca-pub-6351072698456832\"\r\n     data-ad-slot=\"6455489680\"\r\n     data-ad-format=\"auto\"\r\n     data-full-width-responsive=\"true\"><\/ins>\r\n<script>\r\n     (adsbygoogle = window.adsbygoogle || []).push({});\r\n<\/script>\n<\/div>\n<p><strong>Casa Real Hacienda III Ca\u00f1ada<\/strong> (Atizap\u00e1n de Zaragoza, Estado de M\u00e9xico, Mexico) por<strong> Sobrado + Ugalde Arquitectos<\/strong>. La casa a intervenir se encontraba sobre un terreno de 2,625 m2 y ten\u00eda una construcci\u00f3n de aproximadamente 1,285 m2, una casa con un claro estilo californiano la cual inmediatamente al recorrer y ver los espacios que ten\u00eda, se decidi\u00f3 que lo mejor era demoler toda el ala sur que ten\u00eda un gran volumen que tapaba toda la luz a la casa.<\/p>\n<div id='gallery-1' class='gallery galleryid-28173 gallery-columns-3 gallery-size-thumbnail'><figure class='gallery-item'>\n\t\t\t<div class='gallery-icon landscape'>\n\t\t\t\t<a href='https:\/\/www.arquimaster.com.ar\/web\/wp-content\/uploads\/2017\/12\/casa_real_hacienda1.jpg' title=\"Casa Real Hacienda III Ca\u00f1ada \/ Sobrado + Ugalde Arquitectos\" data-rl_title=\"Casa Real Hacienda III Ca\u00f1ada \/ Sobrado + Ugalde Arquitectos\" class=\"rl-gallery-link\" data-rl_caption=\"Casa Real Hacienda III Ca\u00f1ada \/ Sobrado + Ugalde Arquitectos\" data-rel=\"lightbox-gallery-1\"><img loading=\"lazy\" decoding=\"async\" width=\"150\" height=\"150\" src=\"https:\/\/www.arquimaster.com.ar\/web\/wp-content\/uploads\/2017\/12\/casa_real_hacienda1-150x150.jpg\" class=\"attachment-thumbnail size-thumbnail\" alt=\"\" aria-describedby=\"gallery-1-28175\" srcset=\"https:\/\/www.arquimaster.com.ar\/web\/wp-content\/uploads\/2017\/12\/casa_real_hacienda1-150x150.jpg 150w, https:\/\/www.arquimaster.com.ar\/web\/wp-content\/uploads\/2017\/12\/casa_real_hacienda1-50x50.jpg 50w, https:\/\/www.arquimaster.com.ar\/web\/wp-content\/uploads\/2017\/12\/casa_real_hacienda1-125x125.jpg 125w\" sizes=\"auto, (max-width: 150px) 100vw, 150px\" \/><\/a>\n\t\t\t<\/div>\n\t\t\t\t<figcaption class='wp-caption-text gallery-caption' id='gallery-1-28175'>\n\t\t\t\tCasa Real Hacienda III Ca\u00f1ada \/ Sobrado + Ugalde Arquitectos\n\t\t\t\t<\/figcaption><\/figure><figure class='gallery-item'>\n\t\t\t<div class='gallery-icon landscape'>\n\t\t\t\t<a href='https:\/\/www.arquimaster.com.ar\/web\/wp-content\/uploads\/2017\/12\/casa_real_hacienda2.jpg' title=\"Casa Real Hacienda III Ca\u00f1ada \/ Sobrado + Ugalde Arquitectos\" data-rl_title=\"Casa Real Hacienda III Ca\u00f1ada \/ Sobrado + Ugalde Arquitectos\" class=\"rl-gallery-link\" data-rl_caption=\"Casa Real Hacienda III Ca\u00f1ada \/ Sobrado + Ugalde Arquitectos\" data-rel=\"lightbox-gallery-1\"><img loading=\"lazy\" decoding=\"async\" width=\"150\" height=\"150\" src=\"https:\/\/www.arquimaster.com.ar\/web\/wp-content\/uploads\/2017\/12\/casa_real_hacienda2-150x150.jpg\" class=\"attachment-thumbnail size-thumbnail\" alt=\"\" aria-describedby=\"gallery-1-28176\" srcset=\"https:\/\/www.arquimaster.com.ar\/web\/wp-content\/uploads\/2017\/12\/casa_real_hacienda2-150x150.jpg 150w, https:\/\/www.arquimaster.com.ar\/web\/wp-content\/uploads\/2017\/12\/casa_real_hacienda2-50x50.jpg 50w, https:\/\/www.arquimaster.com.ar\/web\/wp-content\/uploads\/2017\/12\/casa_real_hacienda2-125x125.jpg 125w\" sizes=\"auto, (max-width: 150px) 100vw, 150px\" \/><\/a>\n\t\t\t<\/div>\n\t\t\t\t<figcaption class='wp-caption-text gallery-caption' id='gallery-1-28176'>\n\t\t\t\tCasa Real Hacienda III Ca\u00f1ada \/ Sobrado + Ugalde Arquitectos\n\t\t\t\t<\/figcaption><\/figure><figure class='gallery-item'>\n\t\t\t<div class='gallery-icon landscape'>\n\t\t\t\t<a href='https:\/\/www.arquimaster.com.ar\/web\/wp-content\/uploads\/2017\/12\/casa_real_hacienda3.jpg' title=\"Casa Real Hacienda III Ca\u00f1ada \/ Sobrado + Ugalde Arquitectos\" data-rl_title=\"Casa Real Hacienda III Ca\u00f1ada \/ Sobrado + Ugalde Arquitectos\" class=\"rl-gallery-link\" data-rl_caption=\"Casa Real Hacienda III Ca\u00f1ada \/ Sobrado + Ugalde Arquitectos\" data-rel=\"lightbox-gallery-1\"><img loading=\"lazy\" decoding=\"async\" width=\"150\" height=\"150\" src=\"https:\/\/www.arquimaster.com.ar\/web\/wp-content\/uploads\/2017\/12\/casa_real_hacienda3-150x150.jpg\" class=\"attachment-thumbnail size-thumbnail\" alt=\"\" aria-describedby=\"gallery-1-28177\" srcset=\"https:\/\/www.arquimaster.com.ar\/web\/wp-content\/uploads\/2017\/12\/casa_real_hacienda3-150x150.jpg 150w, https:\/\/www.arquimaster.com.ar\/web\/wp-content\/uploads\/2017\/12\/casa_real_hacienda3-50x50.jpg 50w, https:\/\/www.arquimaster.com.ar\/web\/wp-content\/uploads\/2017\/12\/casa_real_hacienda3-125x125.jpg 125w\" sizes=\"auto, (max-width: 150px) 100vw, 150px\" \/><\/a>\n\t\t\t<\/div>\n\t\t\t\t<figcaption class='wp-caption-text gallery-caption' id='gallery-1-28177'>\n\t\t\t\tCasa Real Hacienda III Ca\u00f1ada \/ Sobrado + Ugalde Arquitectos\n\t\t\t\t<\/figcaption><\/figure><figure class='gallery-item'>\n\t\t\t<div class='gallery-icon landscape'>\n\t\t\t\t<a href='https:\/\/www.arquimaster.com.ar\/web\/wp-content\/uploads\/2017\/12\/casa_real_hacienda4.jpg' title=\"Casa Real Hacienda III Ca\u00f1ada \/ Sobrado + Ugalde Arquitectos\" data-rl_title=\"Casa Real Hacienda III Ca\u00f1ada \/ Sobrado + Ugalde Arquitectos\" class=\"rl-gallery-link\" data-rl_caption=\"Casa Real Hacienda III Ca\u00f1ada \/ Sobrado + Ugalde Arquitectos\" data-rel=\"lightbox-gallery-1\"><img loading=\"lazy\" decoding=\"async\" width=\"150\" height=\"150\" src=\"https:\/\/www.arquimaster.com.ar\/web\/wp-content\/uploads\/2017\/12\/casa_real_hacienda4-150x150.jpg\" class=\"attachment-thumbnail size-thumbnail\" alt=\"\" aria-describedby=\"gallery-1-28178\" srcset=\"https:\/\/www.arquimaster.com.ar\/web\/wp-content\/uploads\/2017\/12\/casa_real_hacienda4-150x150.jpg 150w, https:\/\/www.arquimaster.com.ar\/web\/wp-content\/uploads\/2017\/12\/casa_real_hacienda4-50x50.jpg 50w, https:\/\/www.arquimaster.com.ar\/web\/wp-content\/uploads\/2017\/12\/casa_real_hacienda4-125x125.jpg 125w\" sizes=\"auto, (max-width: 150px) 100vw, 150px\" \/><\/a>\n\t\t\t<\/div>\n\t\t\t\t<figcaption class='wp-caption-text gallery-caption' id='gallery-1-28178'>\n\t\t\t\tCasa Real Hacienda III Ca\u00f1ada \/ Sobrado + Ugalde Arquitectos\n\t\t\t\t<\/figcaption><\/figure><figure class='gallery-item'>\n\t\t\t<div class='gallery-icon landscape'>\n\t\t\t\t<a href='https:\/\/www.arquimaster.com.ar\/web\/wp-content\/uploads\/2017\/12\/casa_real_hacienda5.jpg' title=\"Casa Real Hacienda III Ca\u00f1ada \/ Sobrado + Ugalde Arquitectos\" data-rl_title=\"Casa Real Hacienda III Ca\u00f1ada \/ Sobrado + Ugalde Arquitectos\" class=\"rl-gallery-link\" data-rl_caption=\"Casa Real Hacienda III Ca\u00f1ada \/ Sobrado + Ugalde Arquitectos\" data-rel=\"lightbox-gallery-1\"><img loading=\"lazy\" decoding=\"async\" width=\"150\" height=\"150\" src=\"https:\/\/www.arquimaster.com.ar\/web\/wp-content\/uploads\/2017\/12\/casa_real_hacienda5-150x150.jpg\" class=\"attachment-thumbnail size-thumbnail\" alt=\"\" aria-describedby=\"gallery-1-28179\" srcset=\"https:\/\/www.arquimaster.com.ar\/web\/wp-content\/uploads\/2017\/12\/casa_real_hacienda5-150x150.jpg 150w, https:\/\/www.arquimaster.com.ar\/web\/wp-content\/uploads\/2017\/12\/casa_real_hacienda5-50x50.jpg 50w, https:\/\/www.arquimaster.com.ar\/web\/wp-content\/uploads\/2017\/12\/casa_real_hacienda5-125x125.jpg 125w\" sizes=\"auto, (max-width: 150px) 100vw, 150px\" \/><\/a>\n\t\t\t<\/div>\n\t\t\t\t<figcaption class='wp-caption-text gallery-caption' id='gallery-1-28179'>\n\t\t\t\tCasa Real Hacienda III Ca\u00f1ada \/ Sobrado + Ugalde Arquitectos\n\t\t\t\t<\/figcaption><\/figure><figure class='gallery-item'>\n\t\t\t<div class='gallery-icon landscape'>\n\t\t\t\t<a href='https:\/\/www.arquimaster.com.ar\/web\/wp-content\/uploads\/2017\/12\/casa_real_hacienda6.jpg' title=\"Casa Real Hacienda III Ca\u00f1ada \/ Sobrado + Ugalde Arquitectos\" data-rl_title=\"Casa Real Hacienda III Ca\u00f1ada \/ Sobrado + Ugalde Arquitectos\" class=\"rl-gallery-link\" data-rl_caption=\"Casa Real Hacienda III Ca\u00f1ada \/ Sobrado + Ugalde Arquitectos\" data-rel=\"lightbox-gallery-1\"><img loading=\"lazy\" decoding=\"async\" width=\"150\" height=\"150\" src=\"https:\/\/www.arquimaster.com.ar\/web\/wp-content\/uploads\/2017\/12\/casa_real_hacienda6-150x150.jpg\" class=\"attachment-thumbnail size-thumbnail\" alt=\"\" aria-describedby=\"gallery-1-28180\" srcset=\"https:\/\/www.arquimaster.com.ar\/web\/wp-content\/uploads\/2017\/12\/casa_real_hacienda6-150x150.jpg 150w, https:\/\/www.arquimaster.com.ar\/web\/wp-content\/uploads\/2017\/12\/casa_real_hacienda6-50x50.jpg 50w, https:\/\/www.arquimaster.com.ar\/web\/wp-content\/uploads\/2017\/12\/casa_real_hacienda6-125x125.jpg 125w\" sizes=\"auto, (max-width: 150px) 100vw, 150px\" \/><\/a>\n\t\t\t<\/div>\n\t\t\t\t<figcaption class='wp-caption-text gallery-caption' id='gallery-1-28180'>\n\t\t\t\tCasa Real Hacienda III Ca\u00f1ada \/ Sobrado + Ugalde Arquitectos\n\t\t\t\t<\/figcaption><\/figure><figure class='gallery-item'>\n\t\t\t<div class='gallery-icon landscape'>\n\t\t\t\t<a href='https:\/\/www.arquimaster.com.ar\/web\/wp-content\/uploads\/2017\/12\/casa_real_hacienda7.jpg' title=\"Casa Real Hacienda III Ca\u00f1ada \/ Sobrado + Ugalde Arquitectos\" data-rl_title=\"Casa Real Hacienda III Ca\u00f1ada \/ Sobrado + Ugalde Arquitectos\" class=\"rl-gallery-link\" data-rl_caption=\"Casa Real Hacienda III Ca\u00f1ada \/ Sobrado + Ugalde Arquitectos\" data-rel=\"lightbox-gallery-1\"><img loading=\"lazy\" decoding=\"async\" width=\"150\" height=\"150\" src=\"https:\/\/www.arquimaster.com.ar\/web\/wp-content\/uploads\/2017\/12\/casa_real_hacienda7-150x150.jpg\" class=\"attachment-thumbnail size-thumbnail\" alt=\"\" aria-describedby=\"gallery-1-28181\" srcset=\"https:\/\/www.arquimaster.com.ar\/web\/wp-content\/uploads\/2017\/12\/casa_real_hacienda7-150x150.jpg 150w, https:\/\/www.arquimaster.com.ar\/web\/wp-content\/uploads\/2017\/12\/casa_real_hacienda7-50x50.jpg 50w, https:\/\/www.arquimaster.com.ar\/web\/wp-content\/uploads\/2017\/12\/casa_real_hacienda7-125x125.jpg 125w\" sizes=\"auto, (max-width: 150px) 100vw, 150px\" \/><\/a>\n\t\t\t<\/div>\n\t\t\t\t<figcaption class='wp-caption-text gallery-caption' id='gallery-1-28181'>\n\t\t\t\tCasa Real Hacienda III Ca\u00f1ada \/ Sobrado + Ugalde Arquitectos\n\t\t\t\t<\/figcaption><\/figure><figure class='gallery-item'>\n\t\t\t<div class='gallery-icon landscape'>\n\t\t\t\t<a href='https:\/\/www.arquimaster.com.ar\/web\/wp-content\/uploads\/2017\/12\/casa_real_hacienda8.jpg' title=\"Casa Real Hacienda III Ca\u00f1ada \/ Sobrado + Ugalde Arquitectos\" data-rl_title=\"Casa Real Hacienda III Ca\u00f1ada \/ Sobrado + Ugalde Arquitectos\" class=\"rl-gallery-link\" data-rl_caption=\"Casa Real Hacienda III Ca\u00f1ada \/ Sobrado + Ugalde Arquitectos\" data-rel=\"lightbox-gallery-1\"><img loading=\"lazy\" decoding=\"async\" width=\"150\" height=\"150\" src=\"https:\/\/www.arquimaster.com.ar\/web\/wp-content\/uploads\/2017\/12\/casa_real_hacienda8-150x150.jpg\" class=\"attachment-thumbnail size-thumbnail\" alt=\"\" aria-describedby=\"gallery-1-28182\" srcset=\"https:\/\/www.arquimaster.com.ar\/web\/wp-content\/uploads\/2017\/12\/casa_real_hacienda8-150x150.jpg 150w, https:\/\/www.arquimaster.com.ar\/web\/wp-content\/uploads\/2017\/12\/casa_real_hacienda8-50x50.jpg 50w, https:\/\/www.arquimaster.com.ar\/web\/wp-content\/uploads\/2017\/12\/casa_real_hacienda8-125x125.jpg 125w\" sizes=\"auto, (max-width: 150px) 100vw, 150px\" \/><\/a>\n\t\t\t<\/div>\n\t\t\t\t<figcaption class='wp-caption-text gallery-caption' id='gallery-1-28182'>\n\t\t\t\tCasa Real Hacienda III Ca\u00f1ada \/ Sobrado + Ugalde Arquitectos\n\t\t\t\t<\/figcaption><\/figure><figure class='gallery-item'>\n\t\t\t<div class='gallery-icon landscape'>\n\t\t\t\t<a href='https:\/\/www.arquimaster.com.ar\/web\/wp-content\/uploads\/2017\/12\/casa_real_hacienda9.jpg' title=\"Casa Real Hacienda III Ca\u00f1ada \/ Sobrado + Ugalde Arquitectos\" data-rl_title=\"Casa Real Hacienda III Ca\u00f1ada \/ Sobrado + Ugalde Arquitectos\" class=\"rl-gallery-link\" data-rl_caption=\"Casa Real Hacienda III Ca\u00f1ada \/ Sobrado + Ugalde Arquitectos\" data-rel=\"lightbox-gallery-1\"><img loading=\"lazy\" decoding=\"async\" width=\"150\" height=\"150\" src=\"https:\/\/www.arquimaster.com.ar\/web\/wp-content\/uploads\/2017\/12\/casa_real_hacienda9-150x150.jpg\" class=\"attachment-thumbnail size-thumbnail\" alt=\"\" aria-describedby=\"gallery-1-28183\" srcset=\"https:\/\/www.arquimaster.com.ar\/web\/wp-content\/uploads\/2017\/12\/casa_real_hacienda9-150x150.jpg 150w, https:\/\/www.arquimaster.com.ar\/web\/wp-content\/uploads\/2017\/12\/casa_real_hacienda9-50x50.jpg 50w, https:\/\/www.arquimaster.com.ar\/web\/wp-content\/uploads\/2017\/12\/casa_real_hacienda9-125x125.jpg 125w\" sizes=\"auto, (max-width: 150px) 100vw, 150px\" \/><\/a>\n\t\t\t<\/div>\n\t\t\t\t<figcaption class='wp-caption-text gallery-caption' id='gallery-1-28183'>\n\t\t\t\tCasa Real Hacienda III Ca\u00f1ada \/ Sobrado + Ugalde Arquitectos\n\t\t\t\t<\/figcaption><\/figure><figure class='gallery-item'>\n\t\t\t<div class='gallery-icon landscape'>\n\t\t\t\t<a href='https:\/\/www.arquimaster.com.ar\/web\/wp-content\/uploads\/2017\/12\/casa_real_hacienda10.jpg' title=\"Casa Real Hacienda III Ca\u00f1ada \/ Sobrado + Ugalde Arquitectos\" data-rl_title=\"Casa Real Hacienda III Ca\u00f1ada \/ Sobrado + Ugalde Arquitectos\" class=\"rl-gallery-link\" data-rl_caption=\"Casa Real Hacienda III Ca\u00f1ada \/ Sobrado + Ugalde Arquitectos\" data-rel=\"lightbox-gallery-1\"><img loading=\"lazy\" decoding=\"async\" width=\"150\" height=\"150\" src=\"https:\/\/www.arquimaster.com.ar\/web\/wp-content\/uploads\/2017\/12\/casa_real_hacienda10-150x150.jpg\" class=\"attachment-thumbnail size-thumbnail\" alt=\"\" aria-describedby=\"gallery-1-28184\" srcset=\"https:\/\/www.arquimaster.com.ar\/web\/wp-content\/uploads\/2017\/12\/casa_real_hacienda10-150x150.jpg 150w, https:\/\/www.arquimaster.com.ar\/web\/wp-content\/uploads\/2017\/12\/casa_real_hacienda10-50x50.jpg 50w, https:\/\/www.arquimaster.com.ar\/web\/wp-content\/uploads\/2017\/12\/casa_real_hacienda10-125x125.jpg 125w\" sizes=\"auto, (max-width: 150px) 100vw, 150px\" \/><\/a>\n\t\t\t<\/div>\n\t\t\t\t<figcaption class='wp-caption-text gallery-caption' id='gallery-1-28184'>\n\t\t\t\tCasa Real Hacienda III Ca\u00f1ada \/ Sobrado + Ugalde Arquitectos\n\t\t\t\t<\/figcaption><\/figure><figure class='gallery-item'>\n\t\t\t<div class='gallery-icon portrait'>\n\t\t\t\t<a href='https:\/\/www.arquimaster.com.ar\/web\/wp-content\/uploads\/2017\/12\/casa_real_hacienda11.jpg' title=\"Casa Real Hacienda III Ca\u00f1ada \/ Sobrado + Ugalde Arquitectos\" data-rl_title=\"Casa Real Hacienda III Ca\u00f1ada \/ Sobrado + Ugalde Arquitectos\" class=\"rl-gallery-link\" data-rl_caption=\"Casa Real Hacienda III Ca\u00f1ada \/ Sobrado + Ugalde Arquitectos\" data-rel=\"lightbox-gallery-1\"><img loading=\"lazy\" decoding=\"async\" width=\"150\" height=\"150\" src=\"https:\/\/www.arquimaster.com.ar\/web\/wp-content\/uploads\/2017\/12\/casa_real_hacienda11-150x150.jpg\" class=\"attachment-thumbnail size-thumbnail\" alt=\"\" aria-describedby=\"gallery-1-28185\" srcset=\"https:\/\/www.arquimaster.com.ar\/web\/wp-content\/uploads\/2017\/12\/casa_real_hacienda11-150x150.jpg 150w, https:\/\/www.arquimaster.com.ar\/web\/wp-content\/uploads\/2017\/12\/casa_real_hacienda11-50x50.jpg 50w, https:\/\/www.arquimaster.com.ar\/web\/wp-content\/uploads\/2017\/12\/casa_real_hacienda11-125x125.jpg 125w\" sizes=\"auto, (max-width: 150px) 100vw, 150px\" \/><\/a>\n\t\t\t<\/div>\n\t\t\t\t<figcaption class='wp-caption-text gallery-caption' id='gallery-1-28185'>\n\t\t\t\tCasa Real Hacienda III Ca\u00f1ada \/ Sobrado + Ugalde Arquitectos\n\t\t\t\t<\/figcaption><\/figure><figure class='gallery-item'>\n\t\t\t<div class='gallery-icon landscape'>\n\t\t\t\t<a href='https:\/\/www.arquimaster.com.ar\/web\/wp-content\/uploads\/2017\/12\/casa_real_hacienda12.jpg' title=\"Casa Real Hacienda III Ca\u00f1ada \/ Sobrado + Ugalde Arquitectos\" data-rl_title=\"Casa Real Hacienda III Ca\u00f1ada \/ Sobrado + Ugalde Arquitectos\" class=\"rl-gallery-link\" data-rl_caption=\"Casa Real Hacienda III Ca\u00f1ada \/ Sobrado + Ugalde Arquitectos\" data-rel=\"lightbox-gallery-1\"><img loading=\"lazy\" decoding=\"async\" width=\"150\" height=\"150\" src=\"https:\/\/www.arquimaster.com.ar\/web\/wp-content\/uploads\/2017\/12\/casa_real_hacienda12-150x150.jpg\" class=\"attachment-thumbnail size-thumbnail\" alt=\"\" aria-describedby=\"gallery-1-28186\" srcset=\"https:\/\/www.arquimaster.com.ar\/web\/wp-content\/uploads\/2017\/12\/casa_real_hacienda12-150x150.jpg 150w, https:\/\/www.arquimaster.com.ar\/web\/wp-content\/uploads\/2017\/12\/casa_real_hacienda12-50x50.jpg 50w, https:\/\/www.arquimaster.com.ar\/web\/wp-content\/uploads\/2017\/12\/casa_real_hacienda12-125x125.jpg 125w\" sizes=\"auto, (max-width: 150px) 100vw, 150px\" \/><\/a>\n\t\t\t<\/div>\n\t\t\t\t<figcaption class='wp-caption-text gallery-caption' id='gallery-1-28186'>\n\t\t\t\tCasa Real Hacienda III Ca\u00f1ada \/ Sobrado + Ugalde Arquitectos\n\t\t\t\t<\/figcaption><\/figure><figure class='gallery-item'>\n\t\t\t<div class='gallery-icon landscape'>\n\t\t\t\t<a href='https:\/\/www.arquimaster.com.ar\/web\/wp-content\/uploads\/2017\/12\/casa_real_hacienda13.jpg' title=\"Casa Real Hacienda III Ca\u00f1ada \/ Sobrado + Ugalde Arquitectos\" data-rl_title=\"Casa Real Hacienda III Ca\u00f1ada \/ Sobrado + Ugalde Arquitectos\" class=\"rl-gallery-link\" data-rl_caption=\"Casa Real Hacienda III Ca\u00f1ada \/ Sobrado + Ugalde Arquitectos\" data-rel=\"lightbox-gallery-1\"><img loading=\"lazy\" decoding=\"async\" width=\"150\" height=\"150\" src=\"https:\/\/www.arquimaster.com.ar\/web\/wp-content\/uploads\/2017\/12\/casa_real_hacienda13-150x150.jpg\" class=\"attachment-thumbnail size-thumbnail\" alt=\"\" aria-describedby=\"gallery-1-28187\" srcset=\"https:\/\/www.arquimaster.com.ar\/web\/wp-content\/uploads\/2017\/12\/casa_real_hacienda13-150x150.jpg 150w, https:\/\/www.arquimaster.com.ar\/web\/wp-content\/uploads\/2017\/12\/casa_real_hacienda13-50x50.jpg 50w, https:\/\/www.arquimaster.com.ar\/web\/wp-content\/uploads\/2017\/12\/casa_real_hacienda13-125x125.jpg 125w\" sizes=\"auto, (max-width: 150px) 100vw, 150px\" \/><\/a>\n\t\t\t<\/div>\n\t\t\t\t<figcaption class='wp-caption-text gallery-caption' id='gallery-1-28187'>\n\t\t\t\tCasa Real Hacienda III Ca\u00f1ada \/ Sobrado + Ugalde Arquitectos\n\t\t\t\t<\/figcaption><\/figure><figure class='gallery-item'>\n\t\t\t<div class='gallery-icon landscape'>\n\t\t\t\t<a href='https:\/\/www.arquimaster.com.ar\/web\/wp-content\/uploads\/2017\/12\/casa_real_hacienda14.jpg' title=\"Casa Real Hacienda III Ca\u00f1ada \/ Sobrado + Ugalde Arquitectos\" data-rl_title=\"Casa Real Hacienda III Ca\u00f1ada \/ Sobrado + Ugalde Arquitectos\" class=\"rl-gallery-link\" data-rl_caption=\"Casa Real Hacienda III Ca\u00f1ada \/ Sobrado + Ugalde Arquitectos\" data-rel=\"lightbox-gallery-1\"><img loading=\"lazy\" decoding=\"async\" width=\"150\" height=\"150\" src=\"https:\/\/www.arquimaster.com.ar\/web\/wp-content\/uploads\/2017\/12\/casa_real_hacienda14-150x150.jpg\" class=\"attachment-thumbnail size-thumbnail\" alt=\"\" aria-describedby=\"gallery-1-28188\" srcset=\"https:\/\/www.arquimaster.com.ar\/web\/wp-content\/uploads\/2017\/12\/casa_real_hacienda14-150x150.jpg 150w, https:\/\/www.arquimaster.com.ar\/web\/wp-content\/uploads\/2017\/12\/casa_real_hacienda14-50x50.jpg 50w, https:\/\/www.arquimaster.com.ar\/web\/wp-content\/uploads\/2017\/12\/casa_real_hacienda14-125x125.jpg 125w\" sizes=\"auto, (max-width: 150px) 100vw, 150px\" \/><\/a>\n\t\t\t<\/div>\n\t\t\t\t<figcaption class='wp-caption-text gallery-caption' id='gallery-1-28188'>\n\t\t\t\tCasa Real Hacienda III Ca\u00f1ada \/ Sobrado + Ugalde Arquitectos\n\t\t\t\t<\/figcaption><\/figure><figure class='gallery-item'>\n\t\t\t<div class='gallery-icon landscape'>\n\t\t\t\t<a href='https:\/\/www.arquimaster.com.ar\/web\/wp-content\/uploads\/2017\/12\/casa_real_hacienda15.jpg' title=\"Casa Real Hacienda III Ca\u00f1ada \/ Sobrado + Ugalde Arquitectos\" data-rl_title=\"Casa Real Hacienda III Ca\u00f1ada \/ Sobrado + Ugalde Arquitectos\" class=\"rl-gallery-link\" data-rl_caption=\"Casa Real Hacienda III Ca\u00f1ada \/ Sobrado + Ugalde Arquitectos\" data-rel=\"lightbox-gallery-1\"><img loading=\"lazy\" decoding=\"async\" width=\"150\" height=\"150\" src=\"https:\/\/www.arquimaster.com.ar\/web\/wp-content\/uploads\/2017\/12\/casa_real_hacienda15-150x150.jpg\" class=\"attachment-thumbnail size-thumbnail\" alt=\"\" aria-describedby=\"gallery-1-28189\" srcset=\"https:\/\/www.arquimaster.com.ar\/web\/wp-content\/uploads\/2017\/12\/casa_real_hacienda15-150x150.jpg 150w, https:\/\/www.arquimaster.com.ar\/web\/wp-content\/uploads\/2017\/12\/casa_real_hacienda15-50x50.jpg 50w, https:\/\/www.arquimaster.com.ar\/web\/wp-content\/uploads\/2017\/12\/casa_real_hacienda15-125x125.jpg 125w\" sizes=\"auto, (max-width: 150px) 100vw, 150px\" \/><\/a>\n\t\t\t<\/div>\n\t\t\t\t<figcaption class='wp-caption-text gallery-caption' id='gallery-1-28189'>\n\t\t\t\tCasa Real Hacienda III Ca\u00f1ada \/ Sobrado + Ugalde Arquitectos\n\t\t\t\t<\/figcaption><\/figure><figure class='gallery-item'>\n\t\t\t<div class='gallery-icon landscape'>\n\t\t\t\t<a href='https:\/\/www.arquimaster.com.ar\/web\/wp-content\/uploads\/2017\/12\/casa_real_hacienda16.jpg' title=\"Casa Real Hacienda III Ca\u00f1ada \/ Sobrado + Ugalde Arquitectos (planta subsuelo)\" data-rl_title=\"Casa Real Hacienda III Ca\u00f1ada \/ Sobrado + Ugalde Arquitectos (planta subsuelo)\" class=\"rl-gallery-link\" data-rl_caption=\"Casa Real Hacienda III Ca\u00f1ada \/ Sobrado + Ugalde Arquitectos (planta subsuelo)\" data-rel=\"lightbox-gallery-1\"><img loading=\"lazy\" decoding=\"async\" width=\"150\" height=\"150\" src=\"https:\/\/www.arquimaster.com.ar\/web\/wp-content\/uploads\/2017\/12\/casa_real_hacienda16-150x150.jpg\" class=\"attachment-thumbnail size-thumbnail\" alt=\"\" aria-describedby=\"gallery-1-28190\" srcset=\"https:\/\/www.arquimaster.com.ar\/web\/wp-content\/uploads\/2017\/12\/casa_real_hacienda16-150x150.jpg 150w, https:\/\/www.arquimaster.com.ar\/web\/wp-content\/uploads\/2017\/12\/casa_real_hacienda16-50x50.jpg 50w, https:\/\/www.arquimaster.com.ar\/web\/wp-content\/uploads\/2017\/12\/casa_real_hacienda16-125x125.jpg 125w\" sizes=\"auto, (max-width: 150px) 100vw, 150px\" \/><\/a>\n\t\t\t<\/div>\n\t\t\t\t<figcaption class='wp-caption-text gallery-caption' id='gallery-1-28190'>\n\t\t\t\tCasa Real Hacienda III Ca\u00f1ada \/ Sobrado + Ugalde Arquitectos (planta subsuelo)\n\t\t\t\t<\/figcaption><\/figure><figure class='gallery-item'>\n\t\t\t<div class='gallery-icon landscape'>\n\t\t\t\t<a href='https:\/\/www.arquimaster.com.ar\/web\/wp-content\/uploads\/2017\/12\/casa_real_hacienda17.jpg' title=\"Casa Real Hacienda III Ca\u00f1ada \/ Sobrado + Ugalde Arquitectos (planta baja)\" data-rl_title=\"Casa Real Hacienda III Ca\u00f1ada \/ Sobrado + Ugalde Arquitectos (planta baja)\" class=\"rl-gallery-link\" data-rl_caption=\"Casa Real Hacienda III Ca\u00f1ada \/ Sobrado + Ugalde Arquitectos (planta baja)\" data-rel=\"lightbox-gallery-1\"><img loading=\"lazy\" decoding=\"async\" width=\"150\" height=\"150\" src=\"https:\/\/www.arquimaster.com.ar\/web\/wp-content\/uploads\/2017\/12\/casa_real_hacienda17-150x150.jpg\" class=\"attachment-thumbnail size-thumbnail\" alt=\"\" aria-describedby=\"gallery-1-28191\" srcset=\"https:\/\/www.arquimaster.com.ar\/web\/wp-content\/uploads\/2017\/12\/casa_real_hacienda17-150x150.jpg 150w, https:\/\/www.arquimaster.com.ar\/web\/wp-content\/uploads\/2017\/12\/casa_real_hacienda17-50x50.jpg 50w, https:\/\/www.arquimaster.com.ar\/web\/wp-content\/uploads\/2017\/12\/casa_real_hacienda17-125x125.jpg 125w\" sizes=\"auto, (max-width: 150px) 100vw, 150px\" \/><\/a>\n\t\t\t<\/div>\n\t\t\t\t<figcaption class='wp-caption-text gallery-caption' id='gallery-1-28191'>\n\t\t\t\tCasa Real Hacienda III Ca\u00f1ada \/ Sobrado + Ugalde Arquitectos (planta baja)\n\t\t\t\t<\/figcaption><\/figure><figure class='gallery-item'>\n\t\t\t<div class='gallery-icon landscape'>\n\t\t\t\t<a href='https:\/\/www.arquimaster.com.ar\/web\/wp-content\/uploads\/2017\/12\/casa_real_hacienda18.jpg' title=\"Casa Real Hacienda III Ca\u00f1ada \/ Sobrado + Ugalde Arquitectos (planta alta)\" data-rl_title=\"Casa Real Hacienda III Ca\u00f1ada \/ Sobrado + Ugalde Arquitectos (planta alta)\" class=\"rl-gallery-link\" data-rl_caption=\"Casa Real Hacienda III Ca\u00f1ada \/ Sobrado + Ugalde Arquitectos (planta alta)\" data-rel=\"lightbox-gallery-1\"><img loading=\"lazy\" decoding=\"async\" width=\"150\" height=\"150\" src=\"https:\/\/www.arquimaster.com.ar\/web\/wp-content\/uploads\/2017\/12\/casa_real_hacienda18-150x150.jpg\" class=\"attachment-thumbnail size-thumbnail\" alt=\"\" aria-describedby=\"gallery-1-28192\" srcset=\"https:\/\/www.arquimaster.com.ar\/web\/wp-content\/uploads\/2017\/12\/casa_real_hacienda18-150x150.jpg 150w, https:\/\/www.arquimaster.com.ar\/web\/wp-content\/uploads\/2017\/12\/casa_real_hacienda18-50x50.jpg 50w, https:\/\/www.arquimaster.com.ar\/web\/wp-content\/uploads\/2017\/12\/casa_real_hacienda18-125x125.jpg 125w\" sizes=\"auto, (max-width: 150px) 100vw, 150px\" \/><\/a>\n\t\t\t<\/div>\n\t\t\t\t<figcaption class='wp-caption-text gallery-caption' id='gallery-1-28192'>\n\t\t\t\tCasa Real Hacienda III Ca\u00f1ada \/ Sobrado + Ugalde Arquitectos (planta alta)\n\t\t\t\t<\/figcaption><\/figure><figure class='gallery-item'>\n\t\t\t<div class='gallery-icon landscape'>\n\t\t\t\t<a href='https:\/\/www.arquimaster.com.ar\/web\/wp-content\/uploads\/2017\/12\/casa_real_hacienda19.jpg' title=\"Casa Real Hacienda III Ca\u00f1ada \/ Sobrado + Ugalde Arquitectos (planta de techos)\" data-rl_title=\"Casa Real Hacienda III Ca\u00f1ada \/ Sobrado + Ugalde Arquitectos (planta de techos)\" class=\"rl-gallery-link\" data-rl_caption=\"Casa Real Hacienda III Ca\u00f1ada \/ Sobrado + Ugalde Arquitectos (planta de techos)\" data-rel=\"lightbox-gallery-1\"><img loading=\"lazy\" decoding=\"async\" width=\"150\" height=\"150\" src=\"https:\/\/www.arquimaster.com.ar\/web\/wp-content\/uploads\/2017\/12\/casa_real_hacienda19-150x150.jpg\" class=\"attachment-thumbnail size-thumbnail\" alt=\"\" aria-describedby=\"gallery-1-28193\" srcset=\"https:\/\/www.arquimaster.com.ar\/web\/wp-content\/uploads\/2017\/12\/casa_real_hacienda19-150x150.jpg 150w, https:\/\/www.arquimaster.com.ar\/web\/wp-content\/uploads\/2017\/12\/casa_real_hacienda19-50x50.jpg 50w, https:\/\/www.arquimaster.com.ar\/web\/wp-content\/uploads\/2017\/12\/casa_real_hacienda19-125x125.jpg 125w\" sizes=\"auto, (max-width: 150px) 100vw, 150px\" \/><\/a>\n\t\t\t<\/div>\n\t\t\t\t<figcaption class='wp-caption-text gallery-caption' id='gallery-1-28193'>\n\t\t\t\tCasa Real Hacienda III Ca\u00f1ada \/ Sobrado + Ugalde Arquitectos (planta de techos)\n\t\t\t\t<\/figcaption><\/figure>\n\t\t<\/div>\n\n<p>El cliente requiri\u00f3 un programa relativamente m\u00e1s peque\u00f1o a los m2 originales de la casa lo cual dio paso a recortar espacios, e ir haciendo esta especie de cortes que se reflejan en la facha sur-este de la casa la cual enmarca un gran jard\u00edn, y debido a que la casa ya estaba en un nivel elevado, no ten\u00eda conexi\u00f3n con el mismo por lo que se logr\u00f3 una terraza que uniera todas las \u00e1reas de la casa con la copa de los \u00e1rboles del jard\u00edn trasero.<\/p>\n<p>El desarrollo de vol\u00famenes s\u00f3lidos y el cristal dan un juego de espacio negativo y positivo brindando ritmo a la fachada, haciendo los bloques s\u00f3lidos los que albergan los programas privados y los cristales las \u00e1reas p\u00fablicas.<\/p>\n<p>La fachada sur oeste de la casa daba a la avenida principal del fraccionamiento, misma que se encontraba enterrada a 4 metros por debajo del nivel de calle, haciendo a la casa vulnerable a la vista tanto del peat\u00f3n como de los coches que transitan por la calle.<\/p>\n<p>Se resolvi\u00f3 crear un bloque de piedra enmarcado en acero que aloja las circulaciones verticales de toda la casa y teniendo un papel muy importante sobre la misma, d\u00e1ndole masa t\u00e9rmica ya que al tener un impacto solar por m\u00e1s de la mitad del d\u00eda se calienta y en la noche sirve como un gran calentador que da una temperatura adecuada a las circulaciones internas de la casa y lentamente se va enfriando debido a su gran masa t\u00e9rmica.<\/p>\n<p>El muro de piedra es un remate visual desde todos los \u00e1ngulos de la casa, d\u00e1ndole la presencia necesaria aun estando enterrada bajo el nivel de calle y protegi\u00e9ndola de la calle transitada.<\/p>\n<p>El juego de vol\u00famenes que tiene la casa va desde el m\u00e1s s\u00f3lido de los elementos como el muro de piedra y gran fachada cerrada a irse de alguna manera descomponiendo y convirti\u00e9ndose en bloques de m\u00e1rmol y cristal que reflejan los \u00e1rboles y vegetaci\u00f3n en la fachada trasera de la casa.<\/p>\n<p>En los interiores de la casa podemos sentir la calidez de los espacios a\u00fan que podemos observar detalles en acero y una paleta de color neutra que destaca los colores grises.<\/p>\n<p>Sin embargo, los pisos de madera y el cubo de doble altura revestido en m\u00e1rmol con agradables vetas color terracota hacen que la casa siempre tenga entorno c\u00e1lido.<\/p>\n<p>Podemos observar el cuidado que se tuvo al privilegiar la luz natural, y al mismo tiempo reforzarla con iluminaci\u00f3n precisa que destacara el mobiliario, por medio de iluminaci\u00f3n directa e indirecta que se observa en los plafones. Tambi\u00e9n se procur\u00f3 la selecci\u00f3n de luminarios decorativos que complementaran los espacios, una de las piezas m\u00e1s destacadas es el luminario que cuelga sobre la doble altura del comedor.<\/p>\n<p>La combinaci\u00f3n de las maderas de nogal y parota, y de diferentes estilos para las sillas y sof\u00e1s hacen la sala, comedor, antecomedor y cocina tengan un hilo conductor sin perder el car\u00e1cter diferente que se quiso destacar en cada uno de ellos.<\/p>\n<p><strong>Ficha t\u00e9cnica<\/strong><br \/>\nNombre: Real Hacienda III Ca\u00f1ada<br \/>\nUbicaci\u00f3n: Atizap\u00e1n de Zaragoza, Estado de M\u00e9xico, Mexico<br \/>\nProyecto arquitect\u00f3nico: Sobrado + Ugalde Arquitectos<br \/>\nArq. Enrique Sobrado, Arq. Carlos Ugalde<br \/>\nA\u00f1o: 2016<br \/>\nSuperficie construida: 1,285 m2<br \/>\nFotograf\u00eda: Brenda Mart\u00ednez, Germ\u00e1n Cuellar<\/p>\n<p><strong>Contacto:<\/strong> <a href=\"http:\/\/www.sobradougalde.com\" target=\"_blank\" rel=\"noopener\">http:\/\/www.sobradougalde.com<\/a><\/p>\n<p>Facebook: \/SobradoUgalde<\/p>\n<p>Twitter: @SobradoUgalde<\/p>\n\n<div style=\"font-size: 0px; height: 0px; line-height: 0px; margin: 0; padding: 0; clear: both;\"><\/div><div style=\"margin-top: 0px; margin-bottom: 0px;\" class=\"sharethis-inline-share-buttons\" ><\/div>","protected":false},"excerpt":{"rendered":"<p>El desarrollo de vol\u00famenes s\u00f3lidos y el cristal dan un juego de espacio negativo y positivo&#8230;<\/p>\n","protected":false},"author":1,"featured_media":28174,"comment_status":"closed","ping_status":"closed","sticky":false,"template":"","format":"standard","meta":{"_uag_custom_page_level_css":"","footnotes":""},"categories":[1,83],"tags":[4345,4344,4343,3622,1043,4342,254],"class_list":["post-28173","post","type-post","status-publish","format-standard","has-post-thumbnail","hentry","category-proyecto","category-vivienda-unifamiliar","tag-atizapan-de-zaragoza","tag-carlos-ugalde","tag-enrique-sobrado","tag-estado-de-mexico","tag-reforma-de-vivienda","tag-sobrado-ugalde-arquitectos","tag-vivienda-unifamiliar-2","generate-columns","tablet-grid-50","mobile-grid-100","grid-parent","grid-50"],"yoast_head":"<!-- This site is optimized with the Yoast SEO plugin v27.3 - https:\/\/yoast.com\/product\/yoast-seo-wordpress\/ -->\n<title>Casa Real Hacienda III Ca\u00f1ada \/ Sobrado + Ugalde Arquitectos - Arquimaster<\/title>\n<meta name=\"robots\" content=\"index, follow, max-snippet:-1, max-image-preview:large, max-video-preview:-1\" \/>\n<link rel=\"canonical\" href=\"https:\/\/www.arquimaster.com.ar\/web\/casa-real-hacienda-iii-canada-sobrado-ugalde-arquitectos\/\" \/>\n<meta property=\"og:locale\" content=\"es_ES\" \/>\n<meta property=\"og:type\" content=\"article\" \/>\n<meta property=\"og:title\" content=\"Casa Real Hacienda III Ca\u00f1ada \/ Sobrado + Ugalde Arquitectos - Arquimaster\" \/>\n<meta property=\"og:description\" content=\"El desarrollo de vol\u00famenes s\u00f3lidos y el cristal dan un juego de espacio negativo y positivo...\" \/>\n<meta property=\"og:url\" content=\"https:\/\/www.arquimaster.com.ar\/web\/casa-real-hacienda-iii-canada-sobrado-ugalde-arquitectos\/\" \/>\n<meta property=\"og:site_name\" content=\"Arquimaster\" \/>\n<meta property=\"article:publisher\" content=\"http:\/\/www.facebook.com\/ARQUIMASTER.com.ar\" \/>\n<meta property=\"article:published_time\" content=\"2017-12-07T19:42:54+00:00\" \/>\n<meta property=\"article:modified_time\" content=\"2017-12-09T20:42:57+00:00\" \/>\n<meta property=\"og:image\" content=\"https:\/\/www.arquimaster.com.ar\/web\/wp-content\/uploads\/2017\/12\/casa_real_hacienda_slide.jpg\" \/>\n\t<meta property=\"og:image:width\" content=\"642\" \/>\n\t<meta property=\"og:image:height\" content=\"336\" \/>\n\t<meta property=\"og:image:type\" content=\"image\/jpeg\" \/>\n<meta name=\"author\" content=\"Arquimaster\" \/>\n<meta name=\"twitter:card\" content=\"summary_large_image\" \/>\n<meta name=\"twitter:creator\" content=\"@arquimaster\" \/>\n<meta name=\"twitter:site\" content=\"@arquimaster\" \/>\n<meta name=\"twitter:label1\" content=\"Escrito por\" \/>\n\t<meta name=\"twitter:data1\" content=\"Arquimaster\" \/>\n\t<meta name=\"twitter:label2\" content=\"Tiempo de lectura\" \/>\n\t<meta name=\"twitter:data2\" content=\"3 minutos\" \/>\n<script type=\"application\/ld+json\" class=\"yoast-schema-graph\">{\"@context\":\"https:\\\/\\\/schema.org\",\"@graph\":[{\"@type\":\"Article\",\"@id\":\"https:\\\/\\\/www.arquimaster.com.ar\\\/web\\\/casa-real-hacienda-iii-canada-sobrado-ugalde-arquitectos\\\/#article\",\"isPartOf\":{\"@id\":\"https:\\\/\\\/www.arquimaster.com.ar\\\/web\\\/casa-real-hacienda-iii-canada-sobrado-ugalde-arquitectos\\\/\"},\"author\":{\"name\":\"Arquimaster\",\"@id\":\"https:\\\/\\\/www.arquimaster.com.ar\\\/web\\\/#\\\/schema\\\/person\\\/359e9f7c00193fcde068e0dd2ceb0028\"},\"headline\":\"Casa Real Hacienda III Ca\u00f1ada \\\/ Sobrado + Ugalde Arquitectos\",\"datePublished\":\"2017-12-07T19:42:54+00:00\",\"dateModified\":\"2017-12-09T20:42:57+00:00\",\"mainEntityOfPage\":{\"@id\":\"https:\\\/\\\/www.arquimaster.com.ar\\\/web\\\/casa-real-hacienda-iii-canada-sobrado-ugalde-arquitectos\\\/\"},\"wordCount\":688,\"publisher\":{\"@id\":\"https:\\\/\\\/www.arquimaster.com.ar\\\/web\\\/#organization\"},\"image\":{\"@id\":\"https:\\\/\\\/www.arquimaster.com.ar\\\/web\\\/casa-real-hacienda-iii-canada-sobrado-ugalde-arquitectos\\\/#primaryimage\"},\"thumbnailUrl\":\"https:\\\/\\\/www.arquimaster.com.ar\\\/web\\\/wp-content\\\/uploads\\\/2017\\\/12\\\/casa_real_hacienda_slide.jpg\",\"keywords\":[\"Atizap\u00e1n de Zaragoza\",\"Carlos Ugalde\",\"Enrique Sobrado\",\"Estado de Mexico\",\"reforma de vivienda\",\"Sobrado + Ugalde Arquitectos\",\"vivienda unifamiliar\"],\"articleSection\":[\"Proyecto\",\"Vivienda unifamiliar y PH\"],\"inLanguage\":\"es\"},{\"@type\":\"WebPage\",\"@id\":\"https:\\\/\\\/www.arquimaster.com.ar\\\/web\\\/casa-real-hacienda-iii-canada-sobrado-ugalde-arquitectos\\\/\",\"url\":\"https:\\\/\\\/www.arquimaster.com.ar\\\/web\\\/casa-real-hacienda-iii-canada-sobrado-ugalde-arquitectos\\\/\",\"name\":\"Casa Real Hacienda III Ca\u00f1ada \\\/ Sobrado + Ugalde Arquitectos - Arquimaster\",\"isPartOf\":{\"@id\":\"https:\\\/\\\/www.arquimaster.com.ar\\\/web\\\/#website\"},\"primaryImageOfPage\":{\"@id\":\"https:\\\/\\\/www.arquimaster.com.ar\\\/web\\\/casa-real-hacienda-iii-canada-sobrado-ugalde-arquitectos\\\/#primaryimage\"},\"image\":{\"@id\":\"https:\\\/\\\/www.arquimaster.com.ar\\\/web\\\/casa-real-hacienda-iii-canada-sobrado-ugalde-arquitectos\\\/#primaryimage\"},\"thumbnailUrl\":\"https:\\\/\\\/www.arquimaster.com.ar\\\/web\\\/wp-content\\\/uploads\\\/2017\\\/12\\\/casa_real_hacienda_slide.jpg\",\"datePublished\":\"2017-12-07T19:42:54+00:00\",\"dateModified\":\"2017-12-09T20:42:57+00:00\",\"breadcrumb\":{\"@id\":\"https:\\\/\\\/www.arquimaster.com.ar\\\/web\\\/casa-real-hacienda-iii-canada-sobrado-ugalde-arquitectos\\\/#breadcrumb\"},\"inLanguage\":\"es\",\"potentialAction\":[{\"@type\":\"ReadAction\",\"target\":[\"https:\\\/\\\/www.arquimaster.com.ar\\\/web\\\/casa-real-hacienda-iii-canada-sobrado-ugalde-arquitectos\\\/\"]}]},{\"@type\":\"ImageObject\",\"inLanguage\":\"es\",\"@id\":\"https:\\\/\\\/www.arquimaster.com.ar\\\/web\\\/casa-real-hacienda-iii-canada-sobrado-ugalde-arquitectos\\\/#primaryimage\",\"url\":\"https:\\\/\\\/www.arquimaster.com.ar\\\/web\\\/wp-content\\\/uploads\\\/2017\\\/12\\\/casa_real_hacienda_slide.jpg\",\"contentUrl\":\"https:\\\/\\\/www.arquimaster.com.ar\\\/web\\\/wp-content\\\/uploads\\\/2017\\\/12\\\/casa_real_hacienda_slide.jpg\",\"width\":642,\"height\":336},{\"@type\":\"BreadcrumbList\",\"@id\":\"https:\\\/\\\/www.arquimaster.com.ar\\\/web\\\/casa-real-hacienda-iii-canada-sobrado-ugalde-arquitectos\\\/#breadcrumb\",\"itemListElement\":[{\"@type\":\"ListItem\",\"position\":1,\"name\":\"Portada\",\"item\":\"https:\\\/\\\/www.arquimaster.com.ar\\\/web\\\/\"},{\"@type\":\"ListItem\",\"position\":2,\"name\":\"Casa Real Hacienda III Ca\u00f1ada \\\/ Sobrado + Ugalde Arquitectos\"}]},{\"@type\":\"WebSite\",\"@id\":\"https:\\\/\\\/www.arquimaster.com.ar\\\/web\\\/#website\",\"url\":\"https:\\\/\\\/www.arquimaster.com.ar\\\/web\\\/\",\"name\":\"Arquimaster\",\"description\":\"Web de arquitectura, dise\u00f1o y construccion\",\"publisher\":{\"@id\":\"https:\\\/\\\/www.arquimaster.com.ar\\\/web\\\/#organization\"},\"potentialAction\":[{\"@type\":\"SearchAction\",\"target\":{\"@type\":\"EntryPoint\",\"urlTemplate\":\"https:\\\/\\\/www.arquimaster.com.ar\\\/web\\\/?s={search_term_string}\"},\"query-input\":{\"@type\":\"PropertyValueSpecification\",\"valueRequired\":true,\"valueName\":\"search_term_string\"}}],\"inLanguage\":\"es\"},{\"@type\":\"Organization\",\"@id\":\"https:\\\/\\\/www.arquimaster.com.ar\\\/web\\\/#organization\",\"name\":\"Arquimaster\",\"url\":\"https:\\\/\\\/www.arquimaster.com.ar\\\/web\\\/\",\"logo\":{\"@type\":\"ImageObject\",\"inLanguage\":\"es\",\"@id\":\"https:\\\/\\\/www.arquimaster.com.ar\\\/web\\\/#\\\/schema\\\/logo\\\/image\\\/\",\"url\":\"https:\\\/\\\/www.arquimaster.com.ar\\\/web\\\/wp-content\\\/uploads\\\/2022\\\/06\\\/arquimaster.png\",\"contentUrl\":\"https:\\\/\\\/www.arquimaster.com.ar\\\/web\\\/wp-content\\\/uploads\\\/2022\\\/06\\\/arquimaster.png\",\"width\":594,\"height\":78,\"caption\":\"Arquimaster\"},\"image\":{\"@id\":\"https:\\\/\\\/www.arquimaster.com.ar\\\/web\\\/#\\\/schema\\\/logo\\\/image\\\/\"},\"sameAs\":[\"http:\\\/\\\/www.facebook.com\\\/ARQUIMASTER.com.ar\",\"https:\\\/\\\/x.com\\\/arquimaster\",\"https:\\\/\\\/www.instagram.com\\\/arquimasterblog\\\/\",\"https:\\\/\\\/www.linkedin.com\\\/company\\\/arquimaster\",\"https:\\\/\\\/www.pinterest.com\\\/arquimaster\",\"https:\\\/\\\/t.me\\\/arquimaster\"]},{\"@type\":\"Person\",\"@id\":\"https:\\\/\\\/www.arquimaster.com.ar\\\/web\\\/#\\\/schema\\\/person\\\/359e9f7c00193fcde068e0dd2ceb0028\",\"name\":\"Arquimaster\"}]}<\/script>\n<!-- \/ Yoast SEO plugin. -->","yoast_head_json":{"title":"Casa Real Hacienda III Ca\u00f1ada \/ Sobrado + Ugalde Arquitectos - Arquimaster","robots":{"index":"index","follow":"follow","max-snippet":"max-snippet:-1","max-image-preview":"max-image-preview:large","max-video-preview":"max-video-preview:-1"},"canonical":"https:\/\/www.arquimaster.com.ar\/web\/casa-real-hacienda-iii-canada-sobrado-ugalde-arquitectos\/","og_locale":"es_ES","og_type":"article","og_title":"Casa Real Hacienda III Ca\u00f1ada \/ Sobrado + Ugalde Arquitectos - Arquimaster","og_description":"El desarrollo de vol\u00famenes s\u00f3lidos y el cristal dan un juego de espacio negativo y positivo...","og_url":"https:\/\/www.arquimaster.com.ar\/web\/casa-real-hacienda-iii-canada-sobrado-ugalde-arquitectos\/","og_site_name":"Arquimaster","article_publisher":"http:\/\/www.facebook.com\/ARQUIMASTER.com.ar","article_published_time":"2017-12-07T19:42:54+00:00","article_modified_time":"2017-12-09T20:42:57+00:00","og_image":[{"width":642,"height":336,"url":"https:\/\/www.arquimaster.com.ar\/web\/wp-content\/uploads\/2017\/12\/casa_real_hacienda_slide.jpg","type":"image\/jpeg"}],"author":"Arquimaster","twitter_card":"summary_large_image","twitter_creator":"@arquimaster","twitter_site":"@arquimaster","twitter_misc":{"Escrito por":"Arquimaster","Tiempo de lectura":"3 minutos"},"schema":{"@context":"https:\/\/schema.org","@graph":[{"@type":"Article","@id":"https:\/\/www.arquimaster.com.ar\/web\/casa-real-hacienda-iii-canada-sobrado-ugalde-arquitectos\/#article","isPartOf":{"@id":"https:\/\/www.arquimaster.com.ar\/web\/casa-real-hacienda-iii-canada-sobrado-ugalde-arquitectos\/"},"author":{"name":"Arquimaster","@id":"https:\/\/www.arquimaster.com.ar\/web\/#\/schema\/person\/359e9f7c00193fcde068e0dd2ceb0028"},"headline":"Casa Real Hacienda III Ca\u00f1ada \/ Sobrado + Ugalde Arquitectos","datePublished":"2017-12-07T19:42:54+00:00","dateModified":"2017-12-09T20:42:57+00:00","mainEntityOfPage":{"@id":"https:\/\/www.arquimaster.com.ar\/web\/casa-real-hacienda-iii-canada-sobrado-ugalde-arquitectos\/"},"wordCount":688,"publisher":{"@id":"https:\/\/www.arquimaster.com.ar\/web\/#organization"},"image":{"@id":"https:\/\/www.arquimaster.com.ar\/web\/casa-real-hacienda-iii-canada-sobrado-ugalde-arquitectos\/#primaryimage"},"thumbnailUrl":"https:\/\/www.arquimaster.com.ar\/web\/wp-content\/uploads\/2017\/12\/casa_real_hacienda_slide.jpg","keywords":["Atizap\u00e1n de Zaragoza","Carlos Ugalde","Enrique Sobrado","Estado de Mexico","reforma de vivienda","Sobrado + Ugalde Arquitectos","vivienda unifamiliar"],"articleSection":["Proyecto","Vivienda unifamiliar y PH"],"inLanguage":"es"},{"@type":"WebPage","@id":"https:\/\/www.arquimaster.com.ar\/web\/casa-real-hacienda-iii-canada-sobrado-ugalde-arquitectos\/","url":"https:\/\/www.arquimaster.com.ar\/web\/casa-real-hacienda-iii-canada-sobrado-ugalde-arquitectos\/","name":"Casa Real Hacienda III Ca\u00f1ada \/ Sobrado + Ugalde Arquitectos - Arquimaster","isPartOf":{"@id":"https:\/\/www.arquimaster.com.ar\/web\/#website"},"primaryImageOfPage":{"@id":"https:\/\/www.arquimaster.com.ar\/web\/casa-real-hacienda-iii-canada-sobrado-ugalde-arquitectos\/#primaryimage"},"image":{"@id":"https:\/\/www.arquimaster.com.ar\/web\/casa-real-hacienda-iii-canada-sobrado-ugalde-arquitectos\/#primaryimage"},"thumbnailUrl":"https:\/\/www.arquimaster.com.ar\/web\/wp-content\/uploads\/2017\/12\/casa_real_hacienda_slide.jpg","datePublished":"2017-12-07T19:42:54+00:00","dateModified":"2017-12-09T20:42:57+00:00","breadcrumb":{"@id":"https:\/\/www.arquimaster.com.ar\/web\/casa-real-hacienda-iii-canada-sobrado-ugalde-arquitectos\/#breadcrumb"},"inLanguage":"es","potentialAction":[{"@type":"ReadAction","target":["https:\/\/www.arquimaster.com.ar\/web\/casa-real-hacienda-iii-canada-sobrado-ugalde-arquitectos\/"]}]},{"@type":"ImageObject","inLanguage":"es","@id":"https:\/\/www.arquimaster.com.ar\/web\/casa-real-hacienda-iii-canada-sobrado-ugalde-arquitectos\/#primaryimage","url":"https:\/\/www.arquimaster.com.ar\/web\/wp-content\/uploads\/2017\/12\/casa_real_hacienda_slide.jpg","contentUrl":"https:\/\/www.arquimaster.com.ar\/web\/wp-content\/uploads\/2017\/12\/casa_real_hacienda_slide.jpg","width":642,"height":336},{"@type":"BreadcrumbList","@id":"https:\/\/www.arquimaster.com.ar\/web\/casa-real-hacienda-iii-canada-sobrado-ugalde-arquitectos\/#breadcrumb","itemListElement":[{"@type":"ListItem","position":1,"name":"Portada","item":"https:\/\/www.arquimaster.com.ar\/web\/"},{"@type":"ListItem","position":2,"name":"Casa Real Hacienda III Ca\u00f1ada \/ Sobrado + Ugalde Arquitectos"}]},{"@type":"WebSite","@id":"https:\/\/www.arquimaster.com.ar\/web\/#website","url":"https:\/\/www.arquimaster.com.ar\/web\/","name":"Arquimaster","description":"Web de arquitectura, dise\u00f1o y construccion","publisher":{"@id":"https:\/\/www.arquimaster.com.ar\/web\/#organization"},"potentialAction":[{"@type":"SearchAction","target":{"@type":"EntryPoint","urlTemplate":"https:\/\/www.arquimaster.com.ar\/web\/?s={search_term_string}"},"query-input":{"@type":"PropertyValueSpecification","valueRequired":true,"valueName":"search_term_string"}}],"inLanguage":"es"},{"@type":"Organization","@id":"https:\/\/www.arquimaster.com.ar\/web\/#organization","name":"Arquimaster","url":"https:\/\/www.arquimaster.com.ar\/web\/","logo":{"@type":"ImageObject","inLanguage":"es","@id":"https:\/\/www.arquimaster.com.ar\/web\/#\/schema\/logo\/image\/","url":"https:\/\/www.arquimaster.com.ar\/web\/wp-content\/uploads\/2022\/06\/arquimaster.png","contentUrl":"https:\/\/www.arquimaster.com.ar\/web\/wp-content\/uploads\/2022\/06\/arquimaster.png","width":594,"height":78,"caption":"Arquimaster"},"image":{"@id":"https:\/\/www.arquimaster.com.ar\/web\/#\/schema\/logo\/image\/"},"sameAs":["http:\/\/www.facebook.com\/ARQUIMASTER.com.ar","https:\/\/x.com\/arquimaster","https:\/\/www.instagram.com\/arquimasterblog\/","https:\/\/www.linkedin.com\/company\/arquimaster","https:\/\/www.pinterest.com\/arquimaster","https:\/\/t.me\/arquimaster"]},{"@type":"Person","@id":"https:\/\/www.arquimaster.com.ar\/web\/#\/schema\/person\/359e9f7c00193fcde068e0dd2ceb0028","name":"Arquimaster"}]}},"uagb_featured_image_src":{"full":["https:\/\/www.arquimaster.com.ar\/web\/wp-content\/uploads\/2017\/12\/casa_real_hacienda_slide.jpg",642,336,false],"thumbnail":["https:\/\/www.arquimaster.com.ar\/web\/wp-content\/uploads\/2017\/12\/casa_real_hacienda_slide-150x150.jpg",150,150,true],"medium":["https:\/\/www.arquimaster.com.ar\/web\/wp-content\/uploads\/2017\/12\/casa_real_hacienda_slide.jpg",642,336,false],"medium_large":["https:\/\/www.arquimaster.com.ar\/web\/wp-content\/uploads\/2017\/12\/casa_real_hacienda_slide.jpg",642,336,false],"large":["https:\/\/www.arquimaster.com.ar\/web\/wp-content\/uploads\/2017\/12\/casa_real_hacienda_slide.jpg",642,336,false],"1536x1536":["https:\/\/www.arquimaster.com.ar\/web\/wp-content\/uploads\/2017\/12\/casa_real_hacienda_slide.jpg",642,336,false],"2048x2048":["https:\/\/www.arquimaster.com.ar\/web\/wp-content\/uploads\/2017\/12\/casa_real_hacienda_slide.jpg",642,336,false]},"uagb_author_info":{"display_name":"Arquimaster","author_link":"https:\/\/www.arquimaster.com.ar\/web\/author\/arquimaster\/"},"uagb_comment_info":0,"uagb_excerpt":"El desarrollo de vol\u00famenes s\u00f3lidos y el cristal dan un juego de espacio negativo y positivo...","_links":{"self":[{"href":"https:\/\/www.arquimaster.com.ar\/web\/wp-json\/wp\/v2\/posts\/28173","targetHints":{"allow":["GET"]}}],"collection":[{"href":"https:\/\/www.arquimaster.com.ar\/web\/wp-json\/wp\/v2\/posts"}],"about":[{"href":"https:\/\/www.arquimaster.com.ar\/web\/wp-json\/wp\/v2\/types\/post"}],"author":[{"embeddable":true,"href":"https:\/\/www.arquimaster.com.ar\/web\/wp-json\/wp\/v2\/users\/1"}],"replies":[{"embeddable":true,"href":"https:\/\/www.arquimaster.com.ar\/web\/wp-json\/wp\/v2\/comments?post=28173"}],"version-history":[{"count":0,"href":"https:\/\/www.arquimaster.com.ar\/web\/wp-json\/wp\/v2\/posts\/28173\/revisions"}],"wp:featuredmedia":[{"embeddable":true,"href":"https:\/\/www.arquimaster.com.ar\/web\/wp-json\/wp\/v2\/media\/28174"}],"wp:attachment":[{"href":"https:\/\/www.arquimaster.com.ar\/web\/wp-json\/wp\/v2\/media?parent=28173"}],"wp:term":[{"taxonomy":"category","embeddable":true,"href":"https:\/\/www.arquimaster.com.ar\/web\/wp-json\/wp\/v2\/categories?post=28173"},{"taxonomy":"post_tag","embeddable":true,"href":"https:\/\/www.arquimaster.com.ar\/web\/wp-json\/wp\/v2\/tags?post=28173"}],"curies":[{"name":"wp","href":"https:\/\/api.w.org\/{rel}","templated":true}]}}