{"id":28304,"date":"2017-12-07T00:23:37","date_gmt":"2017-12-07T00:23:37","guid":{"rendered":"http:\/\/www.arquimaster.com.ar\/web\/?p=28304"},"modified":"2025-10-25T18:38:59","modified_gmt":"2025-10-25T21:38:59","slug":"como-hacerle-frente-a-los-cortes-de-luz","status":"publish","type":"post","link":"https:\/\/www.arquimaster.com.ar\/web\/como-hacerle-frente-a-los-cortes-de-luz\/","title":{"rendered":"\u00bfC\u00f3mo hacerle frente a los cortes de luz?"},"content":{"rendered":"<div style=\"margin-top: 0px; margin-bottom: 0px;\" class=\"sharethis-inline-share-buttons\" ><\/div><div class=\"b812932af2e751442846f039925109de\" data-index=\"1\" style=\"float: none; margin:25px 0 25px 0; text-align:center;\">\n<script async src=\"https:\/\/pagead2.googlesyndication.com\/pagead\/js\/adsbygoogle.js\"><\/script>\r\n<!-- Arquimaster (superior) -->\r\n<ins class=\"adsbygoogle\"\r\n     style=\"display:block\"\r\n     data-ad-client=\"ca-pub-6351072698456832\"\r\n     data-ad-slot=\"6455489680\"\r\n     data-ad-format=\"auto\"\r\n     data-full-width-responsive=\"true\"><\/ins>\r\n<script>\r\n     (adsbygoogle = window.adsbygoogle || []).push({});\r\n<\/script>\n<\/div>\n<p><em><strong>La tecnolog\u00eda actual permite tener energ\u00eda limpia y ser independiente de la red el\u00e9ctrica.<\/strong><\/em><\/p>\n<p>Es sabido que cuando empiezan las altas temperaturas, el consumo de energ\u00eda el\u00e9ctrica se incrementa de tal forma que hace colapsar el sistema de distribuci\u00f3n de electricidad, generando cortes de luz. QMAX, empresa l\u00edder en dise\u00f1o y producci\u00f3n equipos para energ\u00eda renovables, propone un sistema para hacer frente a los cortes de energ\u00eda el\u00e9ctrica, de una forma sustentable y sin necesidad de recurrir a los molestos grupos electr\u00f3genos. Este <strong>sistema<\/strong>, llamado <strong>off grid<\/strong>, permite tener electricidad durante los cortes de energ\u00eda y la utilizaci\u00f3n de fuentes sustentables.<\/p>\n<div id='gallery-1' class='gallery galleryid-28304 gallery-columns-3 gallery-size-thumbnail'><figure class='gallery-item'>\n\t\t\t<div class='gallery-icon landscape'>\n\t\t\t\t<a href='https:\/\/www.arquimaster.com.ar\/web\/wp-content\/uploads\/2017\/12\/qmax1.jpg' title=\"\u00bfC\u00f3mo hacerle frente a los cortes de luz?\" data-rl_title=\"\u00bfC\u00f3mo hacerle frente a los cortes de luz?\" class=\"rl-gallery-link\" data-rl_caption=\"\u00bfC\u00f3mo hacerle frente a los cortes de luz?\" data-rel=\"lightbox-gallery-1\"><img loading=\"lazy\" decoding=\"async\" width=\"150\" height=\"150\" src=\"https:\/\/www.arquimaster.com.ar\/web\/wp-content\/uploads\/2017\/12\/qmax1-150x150.jpg\" class=\"attachment-thumbnail size-thumbnail\" alt=\"\" aria-describedby=\"gallery-1-28307\" srcset=\"https:\/\/www.arquimaster.com.ar\/web\/wp-content\/uploads\/2017\/12\/qmax1-150x150.jpg 150w, https:\/\/www.arquimaster.com.ar\/web\/wp-content\/uploads\/2017\/12\/qmax1-50x50.jpg 50w, https:\/\/www.arquimaster.com.ar\/web\/wp-content\/uploads\/2017\/12\/qmax1-125x125.jpg 125w\" sizes=\"auto, (max-width: 150px) 100vw, 150px\" \/><\/a>\n\t\t\t<\/div>\n\t\t\t\t<figcaption class='wp-caption-text gallery-caption' id='gallery-1-28307'>\n\t\t\t\t\u00bfC\u00f3mo hacerle frente a los cortes de luz?\n\t\t\t\t<\/figcaption><\/figure><figure class='gallery-item'>\n\t\t\t<div class='gallery-icon landscape'>\n\t\t\t\t<a href='https:\/\/www.arquimaster.com.ar\/web\/wp-content\/uploads\/2017\/12\/qmax2.jpg' title=\"\u00bfC\u00f3mo hacerle frente a los cortes de luz?\" data-rl_title=\"\u00bfC\u00f3mo hacerle frente a los cortes de luz?\" class=\"rl-gallery-link\" data-rl_caption=\"\u00bfC\u00f3mo hacerle frente a los cortes de luz?\" data-rel=\"lightbox-gallery-1\"><img loading=\"lazy\" decoding=\"async\" width=\"150\" height=\"150\" src=\"https:\/\/www.arquimaster.com.ar\/web\/wp-content\/uploads\/2017\/12\/qmax2-150x150.jpg\" class=\"attachment-thumbnail size-thumbnail\" alt=\"\" aria-describedby=\"gallery-1-28308\" srcset=\"https:\/\/www.arquimaster.com.ar\/web\/wp-content\/uploads\/2017\/12\/qmax2-150x150.jpg 150w, https:\/\/www.arquimaster.com.ar\/web\/wp-content\/uploads\/2017\/12\/qmax2-50x50.jpg 50w, https:\/\/www.arquimaster.com.ar\/web\/wp-content\/uploads\/2017\/12\/qmax2-125x125.jpg 125w\" sizes=\"auto, (max-width: 150px) 100vw, 150px\" \/><\/a>\n\t\t\t<\/div>\n\t\t\t\t<figcaption class='wp-caption-text gallery-caption' id='gallery-1-28308'>\n\t\t\t\t\u00bfC\u00f3mo hacerle frente a los cortes de luz?\n\t\t\t\t<\/figcaption><\/figure><figure class='gallery-item'>\n\t\t\t<div class='gallery-icon landscape'>\n\t\t\t\t<a href='https:\/\/www.arquimaster.com.ar\/web\/wp-content\/uploads\/2017\/12\/qmax3.jpg' title=\"\u00bfC\u00f3mo hacerle frente a los cortes de luz?\" data-rl_title=\"\u00bfC\u00f3mo hacerle frente a los cortes de luz?\" class=\"rl-gallery-link\" data-rl_caption=\"\u00bfC\u00f3mo hacerle frente a los cortes de luz?\" data-rel=\"lightbox-gallery-1\"><img loading=\"lazy\" decoding=\"async\" width=\"150\" height=\"150\" src=\"https:\/\/www.arquimaster.com.ar\/web\/wp-content\/uploads\/2017\/12\/qmax3-150x150.jpg\" class=\"attachment-thumbnail size-thumbnail\" alt=\"\" aria-describedby=\"gallery-1-28309\" srcset=\"https:\/\/www.arquimaster.com.ar\/web\/wp-content\/uploads\/2017\/12\/qmax3-150x150.jpg 150w, https:\/\/www.arquimaster.com.ar\/web\/wp-content\/uploads\/2017\/12\/qmax3-50x50.jpg 50w, https:\/\/www.arquimaster.com.ar\/web\/wp-content\/uploads\/2017\/12\/qmax3-125x125.jpg 125w\" sizes=\"auto, (max-width: 150px) 100vw, 150px\" \/><\/a>\n\t\t\t<\/div>\n\t\t\t\t<figcaption class='wp-caption-text gallery-caption' id='gallery-1-28309'>\n\t\t\t\t\u00bfC\u00f3mo hacerle frente a los cortes de luz?\n\t\t\t\t<\/figcaption><\/figure>\n\t\t<\/div>\n\n<p>Los cl\u00e1sicos grupos electr\u00f3genos son altamente contaminantes del medio ambiente, no solo por el ruido que producen sino porque la combusti\u00f3n emite gases t\u00f3xicos. Por todo esto es imposible utilizar grupos electr\u00f3genos en departamentos, oficinas y muchos barrios cerrados.<\/p>\n<p><strong>\u00bfC\u00f3mo podemos hacer para mantener funcionando los electrodom\u00e9sticos imprescindibles durante los cortes?<\/strong><br \/>\nUna opci\u00f3n sustentable, es tener un sistema de respaldo de energ\u00eda limpia y silenciosa por horas o hasta d\u00edas en departamentos y oficinas sin molestar a los vecinos o violar los reglamentos de copropiedad.<\/p>\n<p>Esta opci\u00f3n se logra con los <strong>sistemas off grid<\/strong>, que significa aislado o fuera de red. Este sistema ya se utiliza hace d\u00e9cadas para proveer energ\u00eda el\u00e9ctrica en lugares remotos sin acceso a la red el\u00e9ctrica. La buena noticia es que hoy es posible utilizarlo en las ciudades gracias a inversores de corriente confiables y eficientes, que abastecen de energ\u00eda a los hogares, oficinas o comercios.<\/p>\n<p>Este sistema de respaldo de energ\u00eda se logra con un inversor\/cargador y un banco de bater\u00edas.<\/p>\n<p>El inversor cargador es un equipo inteligente que mantiene la carga de las bater\u00edas y cuando detecta el corte de energ\u00eda el\u00e9ctrica de la red, alimenta autom\u00e1ticamente los consumos de la casa con corriente alterna.<\/p>\n<p>Las bater\u00edas de ciclado profundo son el otro componente de este sistema. Son bater\u00edas especialmente dise\u00f1adas para alimentar un consumo constante durante largos per\u00edodos de tiempo. Estas bater\u00edas tienen una vida \u00fatil promedio de 5 a\u00f1os.<\/p>\n<p>Este sistema compuesto por inversor\/cargador y bater\u00edas puede funcionar todo el a\u00f1o, no requiere ning\u00fan mantenimiento y est\u00e1 siempre listo para alimentar los consumos de los hogares u oficinas ante cortes de luz.<\/p>\n<p>Para una energ\u00eda a\u00fan m\u00e1s limpia y sustentable, los sistemas de back up tambi\u00e9n pueden incorporar paneles solares para mantener cargadas las bater\u00edas de forma limpia y sin costo.<\/p>\n<p><strong>\u00bfQu\u00e9 hay que tener en cuenta a la hora de elegir un sistema?<\/strong><br \/>\nEl peor escenario posible es hacer la inversi\u00f3n y no tener energ\u00eda en el momento del corte. Para evitarlo es necesiario tener en cuenta los siguientes puntos al momento de elegir un sistema seguro:<\/p>\n<p><strong>Consumo<\/strong>: Durante los cortes solo deben quedar funcionando los electrodom\u00e9sticos esenciales: Heladera, luces, ventilador, cargadores, tv. Hay que sumar los consumos indispensables para dimensionar el inversor y el banco de bater\u00edas. Si se utilizan aires acondicionados, hornos de microondas, termotanques el\u00e9ctricos, pavas el\u00e9ctricas o planchas, la autonom\u00eda (horas de respaldo) va a ser baja.<\/p>\n<p><strong>Circuitos de la casa<\/strong>: El respaldo debe estar en los circuitos de tomas y de iluminaci\u00f3n. El circuito de aires acondicionados tiene que estar fuera del respaldo. Cuanto mejor est\u00e9 dividido el tablero m\u00e1s eficiente ser\u00e1 el uso de energ\u00eda de respaldo.<\/p>\n<p><strong>Bater\u00edas<\/strong>: Eleg\u00ed bater\u00edas selladas, sin mantenimiento. Para back up el tipo de bater\u00edas adecuadas son las de ciclado profundo. Las bater\u00edas automotrices est\u00e1n preparadas para proveer una gran corriente durante un per\u00edodo muy corto de tiempo. En bater\u00edas de back up, en cambio, necesitamos una provisi\u00f3n constante de energ\u00eda durante varias horas.<\/p>\n<p><strong>Inversor\/cargador<\/strong>: El inversor es el cerebro del sistema de back up. Las funcionalidades del equipo y la calidad de fabricaci\u00f3n son la clave de la confiabilidad. El inversor debe generar onda senoidal pura para que ning\u00fan equipo de la casa deje de funcionar o se queme.<\/p>\n<p>El Inversor tiene que incluir un cargador de bater\u00edas de capacidad suficiente para recargar las bater\u00edas en poco tiempo. La marca debe disponer de servicio t\u00e9cnico y garant\u00eda. Hay productos descartables, ofrecen un per\u00edodo de garant\u00eda de reemplazo pero una vez cumplido no hay reparaci\u00f3n posible y tu inversi\u00f3n se pierde.<\/p>\n<p>En QMAX dise\u00f1amos y fabricamos en el pa\u00eds inversores cargadores desde 2001. Tenemos una extensa l\u00ednea de productos para energ\u00edas renovables o back up y estamos a tu disposici\u00f3n para asesorarte. QMAX hace posible mejorar tu calidad de vida cuidando el medioambiente.<\/p>\n<p><strong>Acerca de QMAX<\/strong><br \/>\nQMAX, una empresa l\u00edder en electr\u00f3nica para energ\u00edas renovables, fundada en 2001 por tres estudiantes de electr\u00f3nica apasionados por la naturaleza, que lograron dise\u00f1ar un inversor nacional.<\/p>\n<p>Con el sue\u00f1o de hacer posible un uso m\u00e1s eficiente y sustentable de la energ\u00eda el\u00e9ctrica, desarrollaron inversores de corriente, que son el cerebro de los sistemas de energ\u00eda renovable, ya que administran la generaci\u00f3n, almacenamiento y consumo de energ\u00eda en viviendas y emprendimientos.<\/p>\n<p>La experiencia lograda durante esos a\u00f1os, llevando energ\u00eda a los lugares m\u00e1s remotos del pa\u00eds, les dio el Know-how para convertir a QMAX en l\u00edder indiscutido en ventas.<\/p>\n<p>Los productos de QMAX compiten con tecnolog\u00edas de todo el mundo y son reconocidos internacionalmente. Tal es as\u00ed que, cuando un estudiante de la Universidad de Toulouse quiere especializarse en electr\u00f3nica para renovables, viaja a QMAX para a hacer la pr\u00e1ctica.<\/p>\n<p>Los productos de QMAX facilitan la utilizaci\u00f3n de energ\u00edas renovables contribuyendo a mejorar la calidad de vida de la gente y a cuidar el medio ambiente.<\/p>\n<p>La historia de QMAX demuestra que con pasi\u00f3n y esfuerzo se puede competir en alta tecnolog\u00eda.<\/p>\n\n<div style=\"font-size: 0px; height: 0px; line-height: 0px; margin: 0; padding: 0; clear: both;\"><\/div><div style=\"margin-top: 0px; margin-bottom: 0px;\" class=\"sharethis-inline-share-buttons\" ><\/div>","protected":false},"excerpt":{"rendered":"<p>La tecnolog\u00eda actual permite tener energ\u00eda limpia y ser independiente de la red el\u00e9ctrica&#8230;<\/p>\n","protected":false},"author":1,"featured_media":28306,"comment_status":"closed","ping_status":"closed","sticky":false,"template":"","format":"standard","meta":{"_uag_custom_page_level_css":"","footnotes":""},"categories":[72,74],"tags":[4353,4352,189,4121,4351,4354,4122,4350,4355],"class_list":["post-28304","post","type-post","status-publish","format-standard","has-post-thumbnail","hentry","category-articulos","category-notas-arquitectura","tag-banco-de-baterias","tag-cargador","tag-energias-renovables","tag-generacion-distribuida","tag-inversor","tag-off-grid","tag-paneles-solares","tag-qmax","tag-sistemas-off-grid","generate-columns","tablet-grid-50","mobile-grid-100","grid-parent","grid-50"],"yoast_head":"<!-- This site is optimized with the Yoast SEO plugin v27.3 - https:\/\/yoast.com\/product\/yoast-seo-wordpress\/ -->\n<title>\u00bfC\u00f3mo hacerle frente a los cortes de luz? - Arquimaster<\/title>\n<meta name=\"robots\" content=\"index, follow, max-snippet:-1, max-image-preview:large, max-video-preview:-1\" \/>\n<link rel=\"canonical\" href=\"https:\/\/www.arquimaster.com.ar\/web\/como-hacerle-frente-a-los-cortes-de-luz\/\" \/>\n<meta property=\"og:locale\" content=\"es_ES\" \/>\n<meta property=\"og:type\" content=\"article\" \/>\n<meta property=\"og:title\" content=\"\u00bfC\u00f3mo hacerle frente a los cortes de luz? - Arquimaster\" \/>\n<meta property=\"og:description\" content=\"La tecnolog\u00eda actual permite tener energ\u00eda limpia y ser independiente de la red el\u00e9ctrica...\" \/>\n<meta property=\"og:url\" content=\"https:\/\/www.arquimaster.com.ar\/web\/como-hacerle-frente-a-los-cortes-de-luz\/\" \/>\n<meta property=\"og:site_name\" content=\"Arquimaster\" \/>\n<meta property=\"article:publisher\" content=\"http:\/\/www.facebook.com\/ARQUIMASTER.com.ar\" \/>\n<meta property=\"article:published_time\" content=\"2017-12-07T00:23:37+00:00\" \/>\n<meta property=\"article:modified_time\" content=\"2025-10-25T21:38:59+00:00\" \/>\n<meta property=\"og:image\" content=\"https:\/\/www.arquimaster.com.ar\/web\/wp-content\/uploads\/2017\/12\/qmax_slide.jpg\" \/>\n\t<meta property=\"og:image:width\" content=\"642\" \/>\n\t<meta property=\"og:image:height\" content=\"336\" \/>\n\t<meta property=\"og:image:type\" content=\"image\/jpeg\" \/>\n<meta name=\"author\" content=\"Arquimaster\" \/>\n<meta name=\"twitter:card\" content=\"summary_large_image\" \/>\n<meta name=\"twitter:creator\" content=\"@arquimaster\" \/>\n<meta name=\"twitter:site\" content=\"@arquimaster\" \/>\n<meta name=\"twitter:label1\" content=\"Escrito por\" \/>\n\t<meta name=\"twitter:data1\" content=\"Arquimaster\" \/>\n\t<meta name=\"twitter:label2\" content=\"Tiempo de lectura\" \/>\n\t<meta name=\"twitter:data2\" content=\"5 minutos\" \/>\n<script type=\"application\/ld+json\" class=\"yoast-schema-graph\">{\"@context\":\"https:\\\/\\\/schema.org\",\"@graph\":[{\"@type\":\"Article\",\"@id\":\"https:\\\/\\\/www.arquimaster.com.ar\\\/web\\\/como-hacerle-frente-a-los-cortes-de-luz\\\/#article\",\"isPartOf\":{\"@id\":\"https:\\\/\\\/www.arquimaster.com.ar\\\/web\\\/como-hacerle-frente-a-los-cortes-de-luz\\\/\"},\"author\":{\"name\":\"Arquimaster\",\"@id\":\"https:\\\/\\\/www.arquimaster.com.ar\\\/web\\\/#\\\/schema\\\/person\\\/359e9f7c00193fcde068e0dd2ceb0028\"},\"headline\":\"\u00bfC\u00f3mo hacerle frente a los cortes de luz?\",\"datePublished\":\"2017-12-07T00:23:37+00:00\",\"dateModified\":\"2025-10-25T21:38:59+00:00\",\"mainEntityOfPage\":{\"@id\":\"https:\\\/\\\/www.arquimaster.com.ar\\\/web\\\/como-hacerle-frente-a-los-cortes-de-luz\\\/\"},\"wordCount\":1042,\"publisher\":{\"@id\":\"https:\\\/\\\/www.arquimaster.com.ar\\\/web\\\/#organization\"},\"image\":{\"@id\":\"https:\\\/\\\/www.arquimaster.com.ar\\\/web\\\/como-hacerle-frente-a-los-cortes-de-luz\\\/#primaryimage\"},\"thumbnailUrl\":\"https:\\\/\\\/www.arquimaster.com.ar\\\/web\\\/wp-content\\\/uploads\\\/2017\\\/12\\\/qmax_slide.jpg\",\"keywords\":[\"banco de bater\u00edas\",\"cargador\",\"energ\u00edas renovables\",\"generaci\u00f3n distribuida\",\"inversor\",\"off grid\",\"paneles solares\",\"Qmax\",\"sistemas off grid\"],\"articleSection\":[\"Articulos\",\"Temas de arquitectura y dise\u00f1o\"],\"inLanguage\":\"es\"},{\"@type\":\"WebPage\",\"@id\":\"https:\\\/\\\/www.arquimaster.com.ar\\\/web\\\/como-hacerle-frente-a-los-cortes-de-luz\\\/\",\"url\":\"https:\\\/\\\/www.arquimaster.com.ar\\\/web\\\/como-hacerle-frente-a-los-cortes-de-luz\\\/\",\"name\":\"\u00bfC\u00f3mo hacerle frente a los cortes de luz? - Arquimaster\",\"isPartOf\":{\"@id\":\"https:\\\/\\\/www.arquimaster.com.ar\\\/web\\\/#website\"},\"primaryImageOfPage\":{\"@id\":\"https:\\\/\\\/www.arquimaster.com.ar\\\/web\\\/como-hacerle-frente-a-los-cortes-de-luz\\\/#primaryimage\"},\"image\":{\"@id\":\"https:\\\/\\\/www.arquimaster.com.ar\\\/web\\\/como-hacerle-frente-a-los-cortes-de-luz\\\/#primaryimage\"},\"thumbnailUrl\":\"https:\\\/\\\/www.arquimaster.com.ar\\\/web\\\/wp-content\\\/uploads\\\/2017\\\/12\\\/qmax_slide.jpg\",\"datePublished\":\"2017-12-07T00:23:37+00:00\",\"dateModified\":\"2025-10-25T21:38:59+00:00\",\"breadcrumb\":{\"@id\":\"https:\\\/\\\/www.arquimaster.com.ar\\\/web\\\/como-hacerle-frente-a-los-cortes-de-luz\\\/#breadcrumb\"},\"inLanguage\":\"es\",\"potentialAction\":[{\"@type\":\"ReadAction\",\"target\":[\"https:\\\/\\\/www.arquimaster.com.ar\\\/web\\\/como-hacerle-frente-a-los-cortes-de-luz\\\/\"]}]},{\"@type\":\"ImageObject\",\"inLanguage\":\"es\",\"@id\":\"https:\\\/\\\/www.arquimaster.com.ar\\\/web\\\/como-hacerle-frente-a-los-cortes-de-luz\\\/#primaryimage\",\"url\":\"https:\\\/\\\/www.arquimaster.com.ar\\\/web\\\/wp-content\\\/uploads\\\/2017\\\/12\\\/qmax_slide.jpg\",\"contentUrl\":\"https:\\\/\\\/www.arquimaster.com.ar\\\/web\\\/wp-content\\\/uploads\\\/2017\\\/12\\\/qmax_slide.jpg\",\"width\":642,\"height\":336},{\"@type\":\"BreadcrumbList\",\"@id\":\"https:\\\/\\\/www.arquimaster.com.ar\\\/web\\\/como-hacerle-frente-a-los-cortes-de-luz\\\/#breadcrumb\",\"itemListElement\":[{\"@type\":\"ListItem\",\"position\":1,\"name\":\"Portada\",\"item\":\"https:\\\/\\\/www.arquimaster.com.ar\\\/web\\\/\"},{\"@type\":\"ListItem\",\"position\":2,\"name\":\"\u00bfC\u00f3mo hacerle frente a los cortes de luz?\"}]},{\"@type\":\"WebSite\",\"@id\":\"https:\\\/\\\/www.arquimaster.com.ar\\\/web\\\/#website\",\"url\":\"https:\\\/\\\/www.arquimaster.com.ar\\\/web\\\/\",\"name\":\"Arquimaster\",\"description\":\"Web de arquitectura, dise\u00f1o y construccion\",\"publisher\":{\"@id\":\"https:\\\/\\\/www.arquimaster.com.ar\\\/web\\\/#organization\"},\"potentialAction\":[{\"@type\":\"SearchAction\",\"target\":{\"@type\":\"EntryPoint\",\"urlTemplate\":\"https:\\\/\\\/www.arquimaster.com.ar\\\/web\\\/?s={search_term_string}\"},\"query-input\":{\"@type\":\"PropertyValueSpecification\",\"valueRequired\":true,\"valueName\":\"search_term_string\"}}],\"inLanguage\":\"es\"},{\"@type\":\"Organization\",\"@id\":\"https:\\\/\\\/www.arquimaster.com.ar\\\/web\\\/#organization\",\"name\":\"Arquimaster\",\"url\":\"https:\\\/\\\/www.arquimaster.com.ar\\\/web\\\/\",\"logo\":{\"@type\":\"ImageObject\",\"inLanguage\":\"es\",\"@id\":\"https:\\\/\\\/www.arquimaster.com.ar\\\/web\\\/#\\\/schema\\\/logo\\\/image\\\/\",\"url\":\"https:\\\/\\\/www.arquimaster.com.ar\\\/web\\\/wp-content\\\/uploads\\\/2022\\\/06\\\/arquimaster.png\",\"contentUrl\":\"https:\\\/\\\/www.arquimaster.com.ar\\\/web\\\/wp-content\\\/uploads\\\/2022\\\/06\\\/arquimaster.png\",\"width\":594,\"height\":78,\"caption\":\"Arquimaster\"},\"image\":{\"@id\":\"https:\\\/\\\/www.arquimaster.com.ar\\\/web\\\/#\\\/schema\\\/logo\\\/image\\\/\"},\"sameAs\":[\"http:\\\/\\\/www.facebook.com\\\/ARQUIMASTER.com.ar\",\"https:\\\/\\\/x.com\\\/arquimaster\",\"https:\\\/\\\/www.instagram.com\\\/arquimasterblog\\\/\",\"https:\\\/\\\/www.linkedin.com\\\/company\\\/arquimaster\",\"https:\\\/\\\/www.pinterest.com\\\/arquimaster\",\"https:\\\/\\\/t.me\\\/arquimaster\"]},{\"@type\":\"Person\",\"@id\":\"https:\\\/\\\/www.arquimaster.com.ar\\\/web\\\/#\\\/schema\\\/person\\\/359e9f7c00193fcde068e0dd2ceb0028\",\"name\":\"Arquimaster\"}]}<\/script>\n<!-- \/ Yoast SEO plugin. -->","yoast_head_json":{"title":"\u00bfC\u00f3mo hacerle frente a los cortes de luz? - Arquimaster","robots":{"index":"index","follow":"follow","max-snippet":"max-snippet:-1","max-image-preview":"max-image-preview:large","max-video-preview":"max-video-preview:-1"},"canonical":"https:\/\/www.arquimaster.com.ar\/web\/como-hacerle-frente-a-los-cortes-de-luz\/","og_locale":"es_ES","og_type":"article","og_title":"\u00bfC\u00f3mo hacerle frente a los cortes de luz? - Arquimaster","og_description":"La tecnolog\u00eda actual permite tener energ\u00eda limpia y ser independiente de la red el\u00e9ctrica...","og_url":"https:\/\/www.arquimaster.com.ar\/web\/como-hacerle-frente-a-los-cortes-de-luz\/","og_site_name":"Arquimaster","article_publisher":"http:\/\/www.facebook.com\/ARQUIMASTER.com.ar","article_published_time":"2017-12-07T00:23:37+00:00","article_modified_time":"2025-10-25T21:38:59+00:00","og_image":[{"width":642,"height":336,"url":"https:\/\/www.arquimaster.com.ar\/web\/wp-content\/uploads\/2017\/12\/qmax_slide.jpg","type":"image\/jpeg"}],"author":"Arquimaster","twitter_card":"summary_large_image","twitter_creator":"@arquimaster","twitter_site":"@arquimaster","twitter_misc":{"Escrito por":"Arquimaster","Tiempo de lectura":"5 minutos"},"schema":{"@context":"https:\/\/schema.org","@graph":[{"@type":"Article","@id":"https:\/\/www.arquimaster.com.ar\/web\/como-hacerle-frente-a-los-cortes-de-luz\/#article","isPartOf":{"@id":"https:\/\/www.arquimaster.com.ar\/web\/como-hacerle-frente-a-los-cortes-de-luz\/"},"author":{"name":"Arquimaster","@id":"https:\/\/www.arquimaster.com.ar\/web\/#\/schema\/person\/359e9f7c00193fcde068e0dd2ceb0028"},"headline":"\u00bfC\u00f3mo hacerle frente a los cortes de luz?","datePublished":"2017-12-07T00:23:37+00:00","dateModified":"2025-10-25T21:38:59+00:00","mainEntityOfPage":{"@id":"https:\/\/www.arquimaster.com.ar\/web\/como-hacerle-frente-a-los-cortes-de-luz\/"},"wordCount":1042,"publisher":{"@id":"https:\/\/www.arquimaster.com.ar\/web\/#organization"},"image":{"@id":"https:\/\/www.arquimaster.com.ar\/web\/como-hacerle-frente-a-los-cortes-de-luz\/#primaryimage"},"thumbnailUrl":"https:\/\/www.arquimaster.com.ar\/web\/wp-content\/uploads\/2017\/12\/qmax_slide.jpg","keywords":["banco de bater\u00edas","cargador","energ\u00edas renovables","generaci\u00f3n distribuida","inversor","off grid","paneles solares","Qmax","sistemas off grid"],"articleSection":["Articulos","Temas de arquitectura y dise\u00f1o"],"inLanguage":"es"},{"@type":"WebPage","@id":"https:\/\/www.arquimaster.com.ar\/web\/como-hacerle-frente-a-los-cortes-de-luz\/","url":"https:\/\/www.arquimaster.com.ar\/web\/como-hacerle-frente-a-los-cortes-de-luz\/","name":"\u00bfC\u00f3mo hacerle frente a los cortes de luz? - Arquimaster","isPartOf":{"@id":"https:\/\/www.arquimaster.com.ar\/web\/#website"},"primaryImageOfPage":{"@id":"https:\/\/www.arquimaster.com.ar\/web\/como-hacerle-frente-a-los-cortes-de-luz\/#primaryimage"},"image":{"@id":"https:\/\/www.arquimaster.com.ar\/web\/como-hacerle-frente-a-los-cortes-de-luz\/#primaryimage"},"thumbnailUrl":"https:\/\/www.arquimaster.com.ar\/web\/wp-content\/uploads\/2017\/12\/qmax_slide.jpg","datePublished":"2017-12-07T00:23:37+00:00","dateModified":"2025-10-25T21:38:59+00:00","breadcrumb":{"@id":"https:\/\/www.arquimaster.com.ar\/web\/como-hacerle-frente-a-los-cortes-de-luz\/#breadcrumb"},"inLanguage":"es","potentialAction":[{"@type":"ReadAction","target":["https:\/\/www.arquimaster.com.ar\/web\/como-hacerle-frente-a-los-cortes-de-luz\/"]}]},{"@type":"ImageObject","inLanguage":"es","@id":"https:\/\/www.arquimaster.com.ar\/web\/como-hacerle-frente-a-los-cortes-de-luz\/#primaryimage","url":"https:\/\/www.arquimaster.com.ar\/web\/wp-content\/uploads\/2017\/12\/qmax_slide.jpg","contentUrl":"https:\/\/www.arquimaster.com.ar\/web\/wp-content\/uploads\/2017\/12\/qmax_slide.jpg","width":642,"height":336},{"@type":"BreadcrumbList","@id":"https:\/\/www.arquimaster.com.ar\/web\/como-hacerle-frente-a-los-cortes-de-luz\/#breadcrumb","itemListElement":[{"@type":"ListItem","position":1,"name":"Portada","item":"https:\/\/www.arquimaster.com.ar\/web\/"},{"@type":"ListItem","position":2,"name":"\u00bfC\u00f3mo hacerle frente a los cortes de luz?"}]},{"@type":"WebSite","@id":"https:\/\/www.arquimaster.com.ar\/web\/#website","url":"https:\/\/www.arquimaster.com.ar\/web\/","name":"Arquimaster","description":"Web de arquitectura, dise\u00f1o y construccion","publisher":{"@id":"https:\/\/www.arquimaster.com.ar\/web\/#organization"},"potentialAction":[{"@type":"SearchAction","target":{"@type":"EntryPoint","urlTemplate":"https:\/\/www.arquimaster.com.ar\/web\/?s={search_term_string}"},"query-input":{"@type":"PropertyValueSpecification","valueRequired":true,"valueName":"search_term_string"}}],"inLanguage":"es"},{"@type":"Organization","@id":"https:\/\/www.arquimaster.com.ar\/web\/#organization","name":"Arquimaster","url":"https:\/\/www.arquimaster.com.ar\/web\/","logo":{"@type":"ImageObject","inLanguage":"es","@id":"https:\/\/www.arquimaster.com.ar\/web\/#\/schema\/logo\/image\/","url":"https:\/\/www.arquimaster.com.ar\/web\/wp-content\/uploads\/2022\/06\/arquimaster.png","contentUrl":"https:\/\/www.arquimaster.com.ar\/web\/wp-content\/uploads\/2022\/06\/arquimaster.png","width":594,"height":78,"caption":"Arquimaster"},"image":{"@id":"https:\/\/www.arquimaster.com.ar\/web\/#\/schema\/logo\/image\/"},"sameAs":["http:\/\/www.facebook.com\/ARQUIMASTER.com.ar","https:\/\/x.com\/arquimaster","https:\/\/www.instagram.com\/arquimasterblog\/","https:\/\/www.linkedin.com\/company\/arquimaster","https:\/\/www.pinterest.com\/arquimaster","https:\/\/t.me\/arquimaster"]},{"@type":"Person","@id":"https:\/\/www.arquimaster.com.ar\/web\/#\/schema\/person\/359e9f7c00193fcde068e0dd2ceb0028","name":"Arquimaster"}]}},"uagb_featured_image_src":{"full":["https:\/\/www.arquimaster.com.ar\/web\/wp-content\/uploads\/2017\/12\/qmax_slide.jpg",642,336,false],"thumbnail":["https:\/\/www.arquimaster.com.ar\/web\/wp-content\/uploads\/2017\/12\/qmax_slide-150x150.jpg",150,150,true],"medium":["https:\/\/www.arquimaster.com.ar\/web\/wp-content\/uploads\/2017\/12\/qmax_slide.jpg",642,336,false],"medium_large":["https:\/\/www.arquimaster.com.ar\/web\/wp-content\/uploads\/2017\/12\/qmax_slide.jpg",642,336,false],"large":["https:\/\/www.arquimaster.com.ar\/web\/wp-content\/uploads\/2017\/12\/qmax_slide.jpg",642,336,false],"1536x1536":["https:\/\/www.arquimaster.com.ar\/web\/wp-content\/uploads\/2017\/12\/qmax_slide.jpg",642,336,false],"2048x2048":["https:\/\/www.arquimaster.com.ar\/web\/wp-content\/uploads\/2017\/12\/qmax_slide.jpg",642,336,false]},"uagb_author_info":{"display_name":"Arquimaster","author_link":"https:\/\/www.arquimaster.com.ar\/web\/author\/arquimaster\/"},"uagb_comment_info":0,"uagb_excerpt":"La tecnolog\u00eda actual permite tener energ\u00eda limpia y ser independiente de la red el\u00e9ctrica...","_links":{"self":[{"href":"https:\/\/www.arquimaster.com.ar\/web\/wp-json\/wp\/v2\/posts\/28304","targetHints":{"allow":["GET"]}}],"collection":[{"href":"https:\/\/www.arquimaster.com.ar\/web\/wp-json\/wp\/v2\/posts"}],"about":[{"href":"https:\/\/www.arquimaster.com.ar\/web\/wp-json\/wp\/v2\/types\/post"}],"author":[{"embeddable":true,"href":"https:\/\/www.arquimaster.com.ar\/web\/wp-json\/wp\/v2\/users\/1"}],"replies":[{"embeddable":true,"href":"https:\/\/www.arquimaster.com.ar\/web\/wp-json\/wp\/v2\/comments?post=28304"}],"version-history":[{"count":1,"href":"https:\/\/www.arquimaster.com.ar\/web\/wp-json\/wp\/v2\/posts\/28304\/revisions"}],"predecessor-version":[{"id":86185,"href":"https:\/\/www.arquimaster.com.ar\/web\/wp-json\/wp\/v2\/posts\/28304\/revisions\/86185"}],"wp:featuredmedia":[{"embeddable":true,"href":"https:\/\/www.arquimaster.com.ar\/web\/wp-json\/wp\/v2\/media\/28306"}],"wp:attachment":[{"href":"https:\/\/www.arquimaster.com.ar\/web\/wp-json\/wp\/v2\/media?parent=28304"}],"wp:term":[{"taxonomy":"category","embeddable":true,"href":"https:\/\/www.arquimaster.com.ar\/web\/wp-json\/wp\/v2\/categories?post=28304"},{"taxonomy":"post_tag","embeddable":true,"href":"https:\/\/www.arquimaster.com.ar\/web\/wp-json\/wp\/v2\/tags?post=28304"}],"curies":[{"name":"wp","href":"https:\/\/api.w.org\/{rel}","templated":true}]}}