{"id":28812,"date":"2017-07-25T22:18:43","date_gmt":"2017-07-25T22:18:43","guid":{"rendered":"http:\/\/www.arquimaster.com.ar\/web\/?p=28812"},"modified":"2025-10-25T18:57:32","modified_gmt":"2025-10-25T21:57:32","slug":"lavabos-luv-elegancia-nordica-en-tres-tonos-saten","status":"publish","type":"post","link":"https:\/\/www.arquimaster.com.ar\/web\/lavabos-luv-elegancia-nordica-en-tres-tonos-saten\/","title":{"rendered":"Lavabos Luv, elegancia n\u00f3rdica en tres tonos sat\u00e9n"},"content":{"rendered":"<div style=\"margin-top: 0px; margin-bottom: 0px;\" class=\"sharethis-inline-share-buttons\" ><\/div><div class=\"b812932af2e751442846f039925109de\" data-index=\"1\" style=\"float: none; margin:25px 0 25px 0; text-align:center;\">\n<script async src=\"https:\/\/pagead2.googlesyndication.com\/pagead\/js\/adsbygoogle.js\"><\/script>\r\n<!-- Arquimaster (superior) -->\r\n<ins class=\"adsbygoogle\"\r\n     style=\"display:block\"\r\n     data-ad-client=\"ca-pub-6351072698456832\"\r\n     data-ad-slot=\"6455489680\"\r\n     data-ad-format=\"auto\"\r\n     data-full-width-responsive=\"true\"><\/ins>\r\n<script>\r\n     (adsbygoogle = window.adsbygoogle || []).push({});\r\n<\/script>\n<\/div>\n<p>El dise\u00f1o extraordinario de <strong>Luv<\/strong> combina el purismo n\u00f3rdico con la intemporal elegancia emocional. Las formas suaves siguen a una geometr\u00eda rigurosa. En la selecci\u00f3n del material y del color <strong>Cecilie Manz<\/strong> demuestra un excelente olfato para el tacto y los matices.<\/p>\n<div id='gallery-1' class='gallery galleryid-28812 gallery-columns-3 gallery-size-thumbnail'><figure class='gallery-item'>\n\t\t\t<div class='gallery-icon landscape'>\n\t\t\t\t<a href='https:\/\/www.arquimaster.com.ar\/web\/wp-content\/uploads\/2017\/07\/lavabos_luv1.jpg' title=\"Lavabos Luv, elegancia n\u00f3rdica en tres tonos sat\u00e9n\" data-rl_title=\"Lavabos Luv, elegancia n\u00f3rdica en tres tonos sat\u00e9n\" class=\"rl-gallery-link\" data-rl_caption=\"Lavabos Luv, elegancia n\u00f3rdica en tres tonos sat\u00e9n\" data-rel=\"lightbox-gallery-1\"><img loading=\"lazy\" decoding=\"async\" width=\"150\" height=\"150\" src=\"https:\/\/www.arquimaster.com.ar\/web\/wp-content\/uploads\/2017\/07\/lavabos_luv1-150x150.jpg\" class=\"attachment-thumbnail size-thumbnail\" alt=\"\" aria-describedby=\"gallery-1-28815\" srcset=\"https:\/\/www.arquimaster.com.ar\/web\/wp-content\/uploads\/2017\/07\/lavabos_luv1-150x150.jpg 150w, https:\/\/www.arquimaster.com.ar\/web\/wp-content\/uploads\/2017\/07\/lavabos_luv1-50x50.jpg 50w, https:\/\/www.arquimaster.com.ar\/web\/wp-content\/uploads\/2017\/07\/lavabos_luv1-125x125.jpg 125w\" sizes=\"auto, (max-width: 150px) 100vw, 150px\" \/><\/a>\n\t\t\t<\/div>\n\t\t\t\t<figcaption class='wp-caption-text gallery-caption' id='gallery-1-28815'>\n\t\t\t\tLavabos Luv, elegancia n\u00f3rdica en tres tonos sat\u00e9n\n\t\t\t\t<\/figcaption><\/figure><figure class='gallery-item'>\n\t\t\t<div class='gallery-icon landscape'>\n\t\t\t\t<a href='https:\/\/www.arquimaster.com.ar\/web\/wp-content\/uploads\/2017\/07\/lavabos_luv2.jpg' title=\"Lavabos Luv, elegancia n\u00f3rdica en tres tonos sat\u00e9n\" data-rl_title=\"Lavabos Luv, elegancia n\u00f3rdica en tres tonos sat\u00e9n\" class=\"rl-gallery-link\" data-rl_caption=\"Lavabos Luv, elegancia n\u00f3rdica en tres tonos sat\u00e9n\" data-rel=\"lightbox-gallery-1\"><img loading=\"lazy\" decoding=\"async\" width=\"150\" height=\"150\" src=\"https:\/\/www.arquimaster.com.ar\/web\/wp-content\/uploads\/2017\/07\/lavabos_luv2-150x150.jpg\" class=\"attachment-thumbnail size-thumbnail\" alt=\"\" aria-describedby=\"gallery-1-28816\" srcset=\"https:\/\/www.arquimaster.com.ar\/web\/wp-content\/uploads\/2017\/07\/lavabos_luv2-150x150.jpg 150w, https:\/\/www.arquimaster.com.ar\/web\/wp-content\/uploads\/2017\/07\/lavabos_luv2-50x50.jpg 50w, https:\/\/www.arquimaster.com.ar\/web\/wp-content\/uploads\/2017\/07\/lavabos_luv2-125x125.jpg 125w\" sizes=\"auto, (max-width: 150px) 100vw, 150px\" \/><\/a>\n\t\t\t<\/div>\n\t\t\t\t<figcaption class='wp-caption-text gallery-caption' id='gallery-1-28816'>\n\t\t\t\tLavabos Luv, elegancia n\u00f3rdica en tres tonos sat\u00e9n\n\t\t\t\t<\/figcaption><\/figure><figure class='gallery-item'>\n\t\t\t<div class='gallery-icon landscape'>\n\t\t\t\t<a href='https:\/\/www.arquimaster.com.ar\/web\/wp-content\/uploads\/2017\/07\/lavabos_luv3.jpg' title=\"Lavabos Luv, elegancia n\u00f3rdica en tres tonos sat\u00e9n\" data-rl_title=\"Lavabos Luv, elegancia n\u00f3rdica en tres tonos sat\u00e9n\" class=\"rl-gallery-link\" data-rl_caption=\"Lavabos Luv, elegancia n\u00f3rdica en tres tonos sat\u00e9n\" data-rel=\"lightbox-gallery-1\"><img loading=\"lazy\" decoding=\"async\" width=\"150\" height=\"150\" src=\"https:\/\/www.arquimaster.com.ar\/web\/wp-content\/uploads\/2017\/07\/lavabos_luv3-150x150.jpg\" class=\"attachment-thumbnail size-thumbnail\" alt=\"\" aria-describedby=\"gallery-1-28817\" srcset=\"https:\/\/www.arquimaster.com.ar\/web\/wp-content\/uploads\/2017\/07\/lavabos_luv3-150x150.jpg 150w, https:\/\/www.arquimaster.com.ar\/web\/wp-content\/uploads\/2017\/07\/lavabos_luv3-50x50.jpg 50w, https:\/\/www.arquimaster.com.ar\/web\/wp-content\/uploads\/2017\/07\/lavabos_luv3-125x125.jpg 125w\" sizes=\"auto, (max-width: 150px) 100vw, 150px\" \/><\/a>\n\t\t\t<\/div>\n\t\t\t\t<figcaption class='wp-caption-text gallery-caption' id='gallery-1-28817'>\n\t\t\t\tLavabos Luv, elegancia n\u00f3rdica en tres tonos sat\u00e9n\n\t\t\t\t<\/figcaption><\/figure><figure class='gallery-item'>\n\t\t\t<div class='gallery-icon portrait'>\n\t\t\t\t<a href='https:\/\/www.arquimaster.com.ar\/web\/wp-content\/uploads\/2017\/07\/lavabos_luv4.jpg' title=\"Lavabos Luv, elegancia n\u00f3rdica en tres tonos sat\u00e9n\" data-rl_title=\"Lavabos Luv, elegancia n\u00f3rdica en tres tonos sat\u00e9n\" class=\"rl-gallery-link\" data-rl_caption=\"Lavabos Luv, elegancia n\u00f3rdica en tres tonos sat\u00e9n\" data-rel=\"lightbox-gallery-1\"><img loading=\"lazy\" decoding=\"async\" width=\"150\" height=\"150\" src=\"https:\/\/www.arquimaster.com.ar\/web\/wp-content\/uploads\/2017\/07\/lavabos_luv4-150x150.jpg\" class=\"attachment-thumbnail size-thumbnail\" alt=\"\" aria-describedby=\"gallery-1-28818\" srcset=\"https:\/\/www.arquimaster.com.ar\/web\/wp-content\/uploads\/2017\/07\/lavabos_luv4-150x150.jpg 150w, https:\/\/www.arquimaster.com.ar\/web\/wp-content\/uploads\/2017\/07\/lavabos_luv4-50x50.jpg 50w, https:\/\/www.arquimaster.com.ar\/web\/wp-content\/uploads\/2017\/07\/lavabos_luv4-125x125.jpg 125w\" sizes=\"auto, (max-width: 150px) 100vw, 150px\" \/><\/a>\n\t\t\t<\/div>\n\t\t\t\t<figcaption class='wp-caption-text gallery-caption' id='gallery-1-28818'>\n\t\t\t\tLavabos Luv, elegancia n\u00f3rdica en tres tonos sat\u00e9n\n\t\t\t\t<\/figcaption><\/figure>\n\t\t<\/div>\n\n<p>Los lavabos sobre encimera Luv elaborados con la nueva materia prima DuraCeram\u00a9, permite crear unos bordes precisos sin perder calidad ni resistencia.<\/p>\n<p>Los lavabos est\u00e1n disponibles con o sin bancada para grifer\u00eda, por ejemplo, la nueva serie C.1 refleja perfectamente el lenguaje de dise\u00f1o de Luv. Y el sombrero cer\u00e1mico, redondea con exquisitez la apariencia elegante de la serie.<\/p>\n<p>El bowl ovalado con sus bordes finos ofrece un amplio seno interior. Duravit dispone ahora como novedad y en exclusiva, las paredes externas vitrificadas en un mate sat\u00e9n, estos pueden ser elegidos en blanco, gris o arena. Mediante este contraste con el brillante seno blanco, se ha creado una pieza singular con un aspecto y tacto extraordinario.<\/p>\n<p>Como es habitual, todos los lavabos est\u00e1n disponibles en WonderGliss, este tratamiento impide la adherencia de la suciedad y los residuos, se eliminan m\u00e1s f\u00e1cilmente con el agua.<\/p>\n<p><strong>Duravit AG<\/strong><br \/>\nFundada en el a\u00f1o 1817 en Hornberg, en el centro de la Selva Negra, Duravit AG es actualmente uno de los fabricantes punteros en ba\u00f1os de dise\u00f1o en el \u00e1mbito internacional. La empresa, presente en m\u00e1s de 130 pa\u00edses, es sin\u00f3nimo de innovaci\u00f3n en dise\u00f1o, t\u00e9cnica aplicada de forma inteligente y alta calidad. En cooperaci\u00f3n con dise\u00f1adores de renombre internacional como Philippe Starck o EOOS se crean ba\u00f1os que proporcionan confort y que aumentan la calidad de vida de sus usuarios de forma sustancial. La gama de productos de Duravit abarca cer\u00e1mica sanitaria, muebles de ba\u00f1o, platos de ducha y ba\u00f1eras, sistemas de hidromasaje, asientos de lavado as\u00ed como grifer\u00edas y accesorios.<\/p>\n\n<div style=\"font-size: 0px; height: 0px; line-height: 0px; margin: 0; padding: 0; clear: both;\"><\/div><div style=\"margin-top: 0px; margin-bottom: 0px;\" class=\"sharethis-inline-share-buttons\" ><\/div>","protected":false},"excerpt":{"rendered":"<p>Su dise\u00f1o extraordinario combina el purismo n\u00f3rdico con la intemporal elegancia emocional&#8230;<\/p>\n","protected":false},"author":1,"featured_media":28814,"comment_status":"closed","ping_status":"closed","sticky":false,"template":"","format":"standard","meta":{"_uag_custom_page_level_css":"","footnotes":""},"categories":[55,56],"tags":[327,4375,332,3832,329,2889,2786],"class_list":["post-28812","post","type-post","status-publish","format-standard","has-post-thumbnail","hentry","category-diseno","category-diseno-interior-decoracion","tag-bano","tag-cecilie-manz","tag-cuarto-de-bano","tag-duraceram","tag-duravit","tag-lavabo","tag-sala-de-bano","generate-columns","tablet-grid-50","mobile-grid-100","grid-parent","grid-50"],"yoast_head":"<!-- This site is optimized with the Yoast SEO plugin v27.3 - https:\/\/yoast.com\/product\/yoast-seo-wordpress\/ -->\n<title>Lavabos Luv, elegancia n\u00f3rdica en tres tonos sat\u00e9n - Arquimaster<\/title>\n<meta name=\"robots\" content=\"index, follow, max-snippet:-1, max-image-preview:large, max-video-preview:-1\" \/>\n<link rel=\"canonical\" href=\"https:\/\/www.arquimaster.com.ar\/web\/lavabos-luv-elegancia-nordica-en-tres-tonos-saten\/\" \/>\n<meta property=\"og:locale\" content=\"es_ES\" \/>\n<meta property=\"og:type\" content=\"article\" \/>\n<meta property=\"og:title\" content=\"Lavabos Luv, elegancia n\u00f3rdica en tres tonos sat\u00e9n - Arquimaster\" \/>\n<meta property=\"og:description\" content=\"Su dise\u00f1o extraordinario combina el purismo n\u00f3rdico con la intemporal elegancia emocional...\" \/>\n<meta property=\"og:url\" content=\"https:\/\/www.arquimaster.com.ar\/web\/lavabos-luv-elegancia-nordica-en-tres-tonos-saten\/\" \/>\n<meta property=\"og:site_name\" content=\"Arquimaster\" \/>\n<meta property=\"article:publisher\" content=\"http:\/\/www.facebook.com\/ARQUIMASTER.com.ar\" \/>\n<meta property=\"article:published_time\" content=\"2017-07-25T22:18:43+00:00\" \/>\n<meta property=\"article:modified_time\" content=\"2025-10-25T21:57:32+00:00\" \/>\n<meta property=\"og:image\" content=\"https:\/\/www.arquimaster.com.ar\/web\/wp-content\/uploads\/2017\/07\/lavabos_luv_slide.jpg\" \/>\n\t<meta property=\"og:image:width\" content=\"642\" \/>\n\t<meta property=\"og:image:height\" content=\"336\" \/>\n\t<meta property=\"og:image:type\" content=\"image\/jpeg\" \/>\n<meta name=\"author\" content=\"Arquimaster\" \/>\n<meta name=\"twitter:card\" content=\"summary_large_image\" \/>\n<meta name=\"twitter:creator\" content=\"@arquimaster\" \/>\n<meta name=\"twitter:site\" content=\"@arquimaster\" \/>\n<meta name=\"twitter:label1\" content=\"Escrito por\" \/>\n\t<meta name=\"twitter:data1\" content=\"Arquimaster\" \/>\n\t<meta name=\"twitter:label2\" content=\"Tiempo de lectura\" \/>\n\t<meta name=\"twitter:data2\" content=\"2 minutos\" \/>\n<script type=\"application\/ld+json\" class=\"yoast-schema-graph\">{\"@context\":\"https:\\\/\\\/schema.org\",\"@graph\":[{\"@type\":\"Article\",\"@id\":\"https:\\\/\\\/www.arquimaster.com.ar\\\/web\\\/lavabos-luv-elegancia-nordica-en-tres-tonos-saten\\\/#article\",\"isPartOf\":{\"@id\":\"https:\\\/\\\/www.arquimaster.com.ar\\\/web\\\/lavabos-luv-elegancia-nordica-en-tres-tonos-saten\\\/\"},\"author\":{\"name\":\"Arquimaster\",\"@id\":\"https:\\\/\\\/www.arquimaster.com.ar\\\/web\\\/#\\\/schema\\\/person\\\/359e9f7c00193fcde068e0dd2ceb0028\"},\"headline\":\"Lavabos Luv, elegancia n\u00f3rdica en tres tonos sat\u00e9n\",\"datePublished\":\"2017-07-25T22:18:43+00:00\",\"dateModified\":\"2025-10-25T21:57:32+00:00\",\"mainEntityOfPage\":{\"@id\":\"https:\\\/\\\/www.arquimaster.com.ar\\\/web\\\/lavabos-luv-elegancia-nordica-en-tres-tonos-saten\\\/\"},\"wordCount\":340,\"publisher\":{\"@id\":\"https:\\\/\\\/www.arquimaster.com.ar\\\/web\\\/#organization\"},\"image\":{\"@id\":\"https:\\\/\\\/www.arquimaster.com.ar\\\/web\\\/lavabos-luv-elegancia-nordica-en-tres-tonos-saten\\\/#primaryimage\"},\"thumbnailUrl\":\"https:\\\/\\\/www.arquimaster.com.ar\\\/web\\\/wp-content\\\/uploads\\\/2017\\\/07\\\/lavabos_luv_slide.jpg\",\"keywords\":[\"ba\u00f1o\",\"Cecilie Manz\",\"cuarto de ba\u00f1o\",\"DuraCeram\",\"Duravit\",\"lavabo\",\"sala de ba\u00f1o\"],\"articleSection\":[\"Dise\u00f1o\",\"Dise\u00f1o interior y decoracion\"],\"inLanguage\":\"es\"},{\"@type\":\"WebPage\",\"@id\":\"https:\\\/\\\/www.arquimaster.com.ar\\\/web\\\/lavabos-luv-elegancia-nordica-en-tres-tonos-saten\\\/\",\"url\":\"https:\\\/\\\/www.arquimaster.com.ar\\\/web\\\/lavabos-luv-elegancia-nordica-en-tres-tonos-saten\\\/\",\"name\":\"Lavabos Luv, elegancia n\u00f3rdica en tres tonos sat\u00e9n - Arquimaster\",\"isPartOf\":{\"@id\":\"https:\\\/\\\/www.arquimaster.com.ar\\\/web\\\/#website\"},\"primaryImageOfPage\":{\"@id\":\"https:\\\/\\\/www.arquimaster.com.ar\\\/web\\\/lavabos-luv-elegancia-nordica-en-tres-tonos-saten\\\/#primaryimage\"},\"image\":{\"@id\":\"https:\\\/\\\/www.arquimaster.com.ar\\\/web\\\/lavabos-luv-elegancia-nordica-en-tres-tonos-saten\\\/#primaryimage\"},\"thumbnailUrl\":\"https:\\\/\\\/www.arquimaster.com.ar\\\/web\\\/wp-content\\\/uploads\\\/2017\\\/07\\\/lavabos_luv_slide.jpg\",\"datePublished\":\"2017-07-25T22:18:43+00:00\",\"dateModified\":\"2025-10-25T21:57:32+00:00\",\"breadcrumb\":{\"@id\":\"https:\\\/\\\/www.arquimaster.com.ar\\\/web\\\/lavabos-luv-elegancia-nordica-en-tres-tonos-saten\\\/#breadcrumb\"},\"inLanguage\":\"es\",\"potentialAction\":[{\"@type\":\"ReadAction\",\"target\":[\"https:\\\/\\\/www.arquimaster.com.ar\\\/web\\\/lavabos-luv-elegancia-nordica-en-tres-tonos-saten\\\/\"]}]},{\"@type\":\"ImageObject\",\"inLanguage\":\"es\",\"@id\":\"https:\\\/\\\/www.arquimaster.com.ar\\\/web\\\/lavabos-luv-elegancia-nordica-en-tres-tonos-saten\\\/#primaryimage\",\"url\":\"https:\\\/\\\/www.arquimaster.com.ar\\\/web\\\/wp-content\\\/uploads\\\/2017\\\/07\\\/lavabos_luv_slide.jpg\",\"contentUrl\":\"https:\\\/\\\/www.arquimaster.com.ar\\\/web\\\/wp-content\\\/uploads\\\/2017\\\/07\\\/lavabos_luv_slide.jpg\",\"width\":642,\"height\":336},{\"@type\":\"BreadcrumbList\",\"@id\":\"https:\\\/\\\/www.arquimaster.com.ar\\\/web\\\/lavabos-luv-elegancia-nordica-en-tres-tonos-saten\\\/#breadcrumb\",\"itemListElement\":[{\"@type\":\"ListItem\",\"position\":1,\"name\":\"Portada\",\"item\":\"https:\\\/\\\/www.arquimaster.com.ar\\\/web\\\/\"},{\"@type\":\"ListItem\",\"position\":2,\"name\":\"Lavabos Luv, elegancia n\u00f3rdica en tres tonos sat\u00e9n\"}]},{\"@type\":\"WebSite\",\"@id\":\"https:\\\/\\\/www.arquimaster.com.ar\\\/web\\\/#website\",\"url\":\"https:\\\/\\\/www.arquimaster.com.ar\\\/web\\\/\",\"name\":\"Arquimaster\",\"description\":\"Web de arquitectura, dise\u00f1o y construccion\",\"publisher\":{\"@id\":\"https:\\\/\\\/www.arquimaster.com.ar\\\/web\\\/#organization\"},\"potentialAction\":[{\"@type\":\"SearchAction\",\"target\":{\"@type\":\"EntryPoint\",\"urlTemplate\":\"https:\\\/\\\/www.arquimaster.com.ar\\\/web\\\/?s={search_term_string}\"},\"query-input\":{\"@type\":\"PropertyValueSpecification\",\"valueRequired\":true,\"valueName\":\"search_term_string\"}}],\"inLanguage\":\"es\"},{\"@type\":\"Organization\",\"@id\":\"https:\\\/\\\/www.arquimaster.com.ar\\\/web\\\/#organization\",\"name\":\"Arquimaster\",\"url\":\"https:\\\/\\\/www.arquimaster.com.ar\\\/web\\\/\",\"logo\":{\"@type\":\"ImageObject\",\"inLanguage\":\"es\",\"@id\":\"https:\\\/\\\/www.arquimaster.com.ar\\\/web\\\/#\\\/schema\\\/logo\\\/image\\\/\",\"url\":\"https:\\\/\\\/www.arquimaster.com.ar\\\/web\\\/wp-content\\\/uploads\\\/2022\\\/06\\\/arquimaster.png\",\"contentUrl\":\"https:\\\/\\\/www.arquimaster.com.ar\\\/web\\\/wp-content\\\/uploads\\\/2022\\\/06\\\/arquimaster.png\",\"width\":594,\"height\":78,\"caption\":\"Arquimaster\"},\"image\":{\"@id\":\"https:\\\/\\\/www.arquimaster.com.ar\\\/web\\\/#\\\/schema\\\/logo\\\/image\\\/\"},\"sameAs\":[\"http:\\\/\\\/www.facebook.com\\\/ARQUIMASTER.com.ar\",\"https:\\\/\\\/x.com\\\/arquimaster\",\"https:\\\/\\\/www.instagram.com\\\/arquimasterblog\\\/\",\"https:\\\/\\\/www.linkedin.com\\\/company\\\/arquimaster\",\"https:\\\/\\\/www.pinterest.com\\\/arquimaster\",\"https:\\\/\\\/t.me\\\/arquimaster\"]},{\"@type\":\"Person\",\"@id\":\"https:\\\/\\\/www.arquimaster.com.ar\\\/web\\\/#\\\/schema\\\/person\\\/359e9f7c00193fcde068e0dd2ceb0028\",\"name\":\"Arquimaster\"}]}<\/script>\n<!-- \/ Yoast SEO plugin. -->","yoast_head_json":{"title":"Lavabos Luv, elegancia n\u00f3rdica en tres tonos sat\u00e9n - Arquimaster","robots":{"index":"index","follow":"follow","max-snippet":"max-snippet:-1","max-image-preview":"max-image-preview:large","max-video-preview":"max-video-preview:-1"},"canonical":"https:\/\/www.arquimaster.com.ar\/web\/lavabos-luv-elegancia-nordica-en-tres-tonos-saten\/","og_locale":"es_ES","og_type":"article","og_title":"Lavabos Luv, elegancia n\u00f3rdica en tres tonos sat\u00e9n - Arquimaster","og_description":"Su dise\u00f1o extraordinario combina el purismo n\u00f3rdico con la intemporal elegancia emocional...","og_url":"https:\/\/www.arquimaster.com.ar\/web\/lavabos-luv-elegancia-nordica-en-tres-tonos-saten\/","og_site_name":"Arquimaster","article_publisher":"http:\/\/www.facebook.com\/ARQUIMASTER.com.ar","article_published_time":"2017-07-25T22:18:43+00:00","article_modified_time":"2025-10-25T21:57:32+00:00","og_image":[{"width":642,"height":336,"url":"https:\/\/www.arquimaster.com.ar\/web\/wp-content\/uploads\/2017\/07\/lavabos_luv_slide.jpg","type":"image\/jpeg"}],"author":"Arquimaster","twitter_card":"summary_large_image","twitter_creator":"@arquimaster","twitter_site":"@arquimaster","twitter_misc":{"Escrito por":"Arquimaster","Tiempo de lectura":"2 minutos"},"schema":{"@context":"https:\/\/schema.org","@graph":[{"@type":"Article","@id":"https:\/\/www.arquimaster.com.ar\/web\/lavabos-luv-elegancia-nordica-en-tres-tonos-saten\/#article","isPartOf":{"@id":"https:\/\/www.arquimaster.com.ar\/web\/lavabos-luv-elegancia-nordica-en-tres-tonos-saten\/"},"author":{"name":"Arquimaster","@id":"https:\/\/www.arquimaster.com.ar\/web\/#\/schema\/person\/359e9f7c00193fcde068e0dd2ceb0028"},"headline":"Lavabos Luv, elegancia n\u00f3rdica en tres tonos sat\u00e9n","datePublished":"2017-07-25T22:18:43+00:00","dateModified":"2025-10-25T21:57:32+00:00","mainEntityOfPage":{"@id":"https:\/\/www.arquimaster.com.ar\/web\/lavabos-luv-elegancia-nordica-en-tres-tonos-saten\/"},"wordCount":340,"publisher":{"@id":"https:\/\/www.arquimaster.com.ar\/web\/#organization"},"image":{"@id":"https:\/\/www.arquimaster.com.ar\/web\/lavabos-luv-elegancia-nordica-en-tres-tonos-saten\/#primaryimage"},"thumbnailUrl":"https:\/\/www.arquimaster.com.ar\/web\/wp-content\/uploads\/2017\/07\/lavabos_luv_slide.jpg","keywords":["ba\u00f1o","Cecilie Manz","cuarto de ba\u00f1o","DuraCeram","Duravit","lavabo","sala de ba\u00f1o"],"articleSection":["Dise\u00f1o","Dise\u00f1o interior y decoracion"],"inLanguage":"es"},{"@type":"WebPage","@id":"https:\/\/www.arquimaster.com.ar\/web\/lavabos-luv-elegancia-nordica-en-tres-tonos-saten\/","url":"https:\/\/www.arquimaster.com.ar\/web\/lavabos-luv-elegancia-nordica-en-tres-tonos-saten\/","name":"Lavabos Luv, elegancia n\u00f3rdica en tres tonos sat\u00e9n - Arquimaster","isPartOf":{"@id":"https:\/\/www.arquimaster.com.ar\/web\/#website"},"primaryImageOfPage":{"@id":"https:\/\/www.arquimaster.com.ar\/web\/lavabos-luv-elegancia-nordica-en-tres-tonos-saten\/#primaryimage"},"image":{"@id":"https:\/\/www.arquimaster.com.ar\/web\/lavabos-luv-elegancia-nordica-en-tres-tonos-saten\/#primaryimage"},"thumbnailUrl":"https:\/\/www.arquimaster.com.ar\/web\/wp-content\/uploads\/2017\/07\/lavabos_luv_slide.jpg","datePublished":"2017-07-25T22:18:43+00:00","dateModified":"2025-10-25T21:57:32+00:00","breadcrumb":{"@id":"https:\/\/www.arquimaster.com.ar\/web\/lavabos-luv-elegancia-nordica-en-tres-tonos-saten\/#breadcrumb"},"inLanguage":"es","potentialAction":[{"@type":"ReadAction","target":["https:\/\/www.arquimaster.com.ar\/web\/lavabos-luv-elegancia-nordica-en-tres-tonos-saten\/"]}]},{"@type":"ImageObject","inLanguage":"es","@id":"https:\/\/www.arquimaster.com.ar\/web\/lavabos-luv-elegancia-nordica-en-tres-tonos-saten\/#primaryimage","url":"https:\/\/www.arquimaster.com.ar\/web\/wp-content\/uploads\/2017\/07\/lavabos_luv_slide.jpg","contentUrl":"https:\/\/www.arquimaster.com.ar\/web\/wp-content\/uploads\/2017\/07\/lavabos_luv_slide.jpg","width":642,"height":336},{"@type":"BreadcrumbList","@id":"https:\/\/www.arquimaster.com.ar\/web\/lavabos-luv-elegancia-nordica-en-tres-tonos-saten\/#breadcrumb","itemListElement":[{"@type":"ListItem","position":1,"name":"Portada","item":"https:\/\/www.arquimaster.com.ar\/web\/"},{"@type":"ListItem","position":2,"name":"Lavabos Luv, elegancia n\u00f3rdica en tres tonos sat\u00e9n"}]},{"@type":"WebSite","@id":"https:\/\/www.arquimaster.com.ar\/web\/#website","url":"https:\/\/www.arquimaster.com.ar\/web\/","name":"Arquimaster","description":"Web de arquitectura, dise\u00f1o y construccion","publisher":{"@id":"https:\/\/www.arquimaster.com.ar\/web\/#organization"},"potentialAction":[{"@type":"SearchAction","target":{"@type":"EntryPoint","urlTemplate":"https:\/\/www.arquimaster.com.ar\/web\/?s={search_term_string}"},"query-input":{"@type":"PropertyValueSpecification","valueRequired":true,"valueName":"search_term_string"}}],"inLanguage":"es"},{"@type":"Organization","@id":"https:\/\/www.arquimaster.com.ar\/web\/#organization","name":"Arquimaster","url":"https:\/\/www.arquimaster.com.ar\/web\/","logo":{"@type":"ImageObject","inLanguage":"es","@id":"https:\/\/www.arquimaster.com.ar\/web\/#\/schema\/logo\/image\/","url":"https:\/\/www.arquimaster.com.ar\/web\/wp-content\/uploads\/2022\/06\/arquimaster.png","contentUrl":"https:\/\/www.arquimaster.com.ar\/web\/wp-content\/uploads\/2022\/06\/arquimaster.png","width":594,"height":78,"caption":"Arquimaster"},"image":{"@id":"https:\/\/www.arquimaster.com.ar\/web\/#\/schema\/logo\/image\/"},"sameAs":["http:\/\/www.facebook.com\/ARQUIMASTER.com.ar","https:\/\/x.com\/arquimaster","https:\/\/www.instagram.com\/arquimasterblog\/","https:\/\/www.linkedin.com\/company\/arquimaster","https:\/\/www.pinterest.com\/arquimaster","https:\/\/t.me\/arquimaster"]},{"@type":"Person","@id":"https:\/\/www.arquimaster.com.ar\/web\/#\/schema\/person\/359e9f7c00193fcde068e0dd2ceb0028","name":"Arquimaster"}]}},"uagb_featured_image_src":{"full":["https:\/\/www.arquimaster.com.ar\/web\/wp-content\/uploads\/2017\/07\/lavabos_luv_slide.jpg",642,336,false],"thumbnail":["https:\/\/www.arquimaster.com.ar\/web\/wp-content\/uploads\/2017\/07\/lavabos_luv_slide-150x150.jpg",150,150,true],"medium":["https:\/\/www.arquimaster.com.ar\/web\/wp-content\/uploads\/2017\/07\/lavabos_luv_slide.jpg",642,336,false],"medium_large":["https:\/\/www.arquimaster.com.ar\/web\/wp-content\/uploads\/2017\/07\/lavabos_luv_slide.jpg",642,336,false],"large":["https:\/\/www.arquimaster.com.ar\/web\/wp-content\/uploads\/2017\/07\/lavabos_luv_slide.jpg",642,336,false],"1536x1536":["https:\/\/www.arquimaster.com.ar\/web\/wp-content\/uploads\/2017\/07\/lavabos_luv_slide.jpg",642,336,false],"2048x2048":["https:\/\/www.arquimaster.com.ar\/web\/wp-content\/uploads\/2017\/07\/lavabos_luv_slide.jpg",642,336,false]},"uagb_author_info":{"display_name":"Arquimaster","author_link":"https:\/\/www.arquimaster.com.ar\/web\/author\/arquimaster\/"},"uagb_comment_info":0,"uagb_excerpt":"Su dise\u00f1o extraordinario combina el purismo n\u00f3rdico con la intemporal elegancia emocional...","_links":{"self":[{"href":"https:\/\/www.arquimaster.com.ar\/web\/wp-json\/wp\/v2\/posts\/28812","targetHints":{"allow":["GET"]}}],"collection":[{"href":"https:\/\/www.arquimaster.com.ar\/web\/wp-json\/wp\/v2\/posts"}],"about":[{"href":"https:\/\/www.arquimaster.com.ar\/web\/wp-json\/wp\/v2\/types\/post"}],"author":[{"embeddable":true,"href":"https:\/\/www.arquimaster.com.ar\/web\/wp-json\/wp\/v2\/users\/1"}],"replies":[{"embeddable":true,"href":"https:\/\/www.arquimaster.com.ar\/web\/wp-json\/wp\/v2\/comments?post=28812"}],"version-history":[{"count":1,"href":"https:\/\/www.arquimaster.com.ar\/web\/wp-json\/wp\/v2\/posts\/28812\/revisions"}],"predecessor-version":[{"id":86213,"href":"https:\/\/www.arquimaster.com.ar\/web\/wp-json\/wp\/v2\/posts\/28812\/revisions\/86213"}],"wp:featuredmedia":[{"embeddable":true,"href":"https:\/\/www.arquimaster.com.ar\/web\/wp-json\/wp\/v2\/media\/28814"}],"wp:attachment":[{"href":"https:\/\/www.arquimaster.com.ar\/web\/wp-json\/wp\/v2\/media?parent=28812"}],"wp:term":[{"taxonomy":"category","embeddable":true,"href":"https:\/\/www.arquimaster.com.ar\/web\/wp-json\/wp\/v2\/categories?post=28812"},{"taxonomy":"post_tag","embeddable":true,"href":"https:\/\/www.arquimaster.com.ar\/web\/wp-json\/wp\/v2\/tags?post=28812"}],"curies":[{"name":"wp","href":"https:\/\/api.w.org\/{rel}","templated":true}]}}