{"id":28852,"date":"2017-10-31T01:54:00","date_gmt":"2017-10-31T01:54:00","guid":{"rendered":"http:\/\/www.arquimaster.com.ar\/web\/?p=28852"},"modified":"2025-10-25T18:45:49","modified_gmt":"2025-10-25T21:45:49","slug":"la-inteligencia-colectiva-y-la-flexibilidad-se-aduenan-del-mercado-laboral","status":"publish","type":"post","link":"https:\/\/www.arquimaster.com.ar\/web\/la-inteligencia-colectiva-y-la-flexibilidad-se-aduenan-del-mercado-laboral\/","title":{"rendered":"La inteligencia colectiva y la flexibilidad se adue\u00f1an del mercado laboral"},"content":{"rendered":"<div style=\"margin-top: 0px; margin-bottom: 0px;\" class=\"sharethis-inline-share-buttons\" ><\/div><div class=\"b812932af2e751442846f039925109de\" data-index=\"1\" style=\"float: none; margin:25px 0 25px 0; text-align:center;\">\n<script async src=\"https:\/\/pagead2.googlesyndication.com\/pagead\/js\/adsbygoogle.js\"><\/script>\r\n<!-- Arquimaster (superior) -->\r\n<ins class=\"adsbygoogle\"\r\n     style=\"display:block\"\r\n     data-ad-client=\"ca-pub-6351072698456832\"\r\n     data-ad-slot=\"6455489680\"\r\n     data-ad-format=\"auto\"\r\n     data-full-width-responsive=\"true\"><\/ins>\r\n<script>\r\n     (adsbygoogle = window.adsbygoogle || []).push({});\r\n<\/script>\n<\/div>\n<p>El presente y el futuro de los espacios de trabajo se relaciona directamente con el mercado laboral y las nuevas formas de trabajar. Pensar en espacios estrat\u00e9gicamente dise\u00f1ado potencia la creatividad, maximiza los resultados y provoca beneficios en t\u00e9rminos sociales. La comodidad es una exigencia y la integraci\u00f3n una decisi\u00f3n que debe ser tenida en cuenta, en un mundo en el que la inteligencia colectiva es la que hace la diferencia.<\/p>\n<div id='gallery-1' class='gallery galleryid-28852 gallery-columns-3 gallery-size-thumbnail'><figure class='gallery-item'>\n\t\t\t<div class='gallery-icon landscape'>\n\t\t\t\t<a href='https:\/\/www.arquimaster.com.ar\/web\/wp-content\/uploads\/2017\/10\/hafele_oficinas1.jpg' title=\"La inteligencia colectiva y la flexibilidad se adue\u00f1an del mercado laboral (Hoffice)\" data-rl_title=\"La inteligencia colectiva y la flexibilidad se adue\u00f1an del mercado laboral (Hoffice)\" class=\"rl-gallery-link\" data-rl_caption=\"La inteligencia colectiva y la flexibilidad se adue\u00f1an del mercado laboral (Hoffice)\" data-rel=\"lightbox-gallery-1\"><img loading=\"lazy\" decoding=\"async\" width=\"150\" height=\"150\" src=\"https:\/\/www.arquimaster.com.ar\/web\/wp-content\/uploads\/2017\/10\/hafele_oficinas1-150x150.jpg\" class=\"attachment-thumbnail size-thumbnail\" alt=\"\" aria-describedby=\"gallery-1-28855\" srcset=\"https:\/\/www.arquimaster.com.ar\/web\/wp-content\/uploads\/2017\/10\/hafele_oficinas1-150x150.jpg 150w, https:\/\/www.arquimaster.com.ar\/web\/wp-content\/uploads\/2017\/10\/hafele_oficinas1-50x50.jpg 50w, https:\/\/www.arquimaster.com.ar\/web\/wp-content\/uploads\/2017\/10\/hafele_oficinas1-125x125.jpg 125w\" sizes=\"auto, (max-width: 150px) 100vw, 150px\" \/><\/a>\n\t\t\t<\/div>\n\t\t\t\t<figcaption class='wp-caption-text gallery-caption' id='gallery-1-28855'>\n\t\t\t\tLa inteligencia colectiva y la flexibilidad se adue\u00f1an del mercado laboral (Hoffice)\n\t\t\t\t<\/figcaption><\/figure><figure class='gallery-item'>\n\t\t\t<div class='gallery-icon landscape'>\n\t\t\t\t<a href='https:\/\/www.arquimaster.com.ar\/web\/wp-content\/uploads\/2017\/10\/hafele_oficinas2.jpg' title=\"La inteligencia colectiva y la flexibilidad se adue\u00f1an del mercado laboral (Hoffice)\" data-rl_title=\"La inteligencia colectiva y la flexibilidad se adue\u00f1an del mercado laboral (Hoffice)\" class=\"rl-gallery-link\" data-rl_caption=\"La inteligencia colectiva y la flexibilidad se adue\u00f1an del mercado laboral (Hoffice)\" data-rel=\"lightbox-gallery-1\"><img loading=\"lazy\" decoding=\"async\" width=\"150\" height=\"150\" src=\"https:\/\/www.arquimaster.com.ar\/web\/wp-content\/uploads\/2017\/10\/hafele_oficinas2-150x150.jpg\" class=\"attachment-thumbnail size-thumbnail\" alt=\"\" aria-describedby=\"gallery-1-28856\" srcset=\"https:\/\/www.arquimaster.com.ar\/web\/wp-content\/uploads\/2017\/10\/hafele_oficinas2-150x150.jpg 150w, https:\/\/www.arquimaster.com.ar\/web\/wp-content\/uploads\/2017\/10\/hafele_oficinas2-50x50.jpg 50w, https:\/\/www.arquimaster.com.ar\/web\/wp-content\/uploads\/2017\/10\/hafele_oficinas2-125x125.jpg 125w\" sizes=\"auto, (max-width: 150px) 100vw, 150px\" \/><\/a>\n\t\t\t<\/div>\n\t\t\t\t<figcaption class='wp-caption-text gallery-caption' id='gallery-1-28856'>\n\t\t\t\tLa inteligencia colectiva y la flexibilidad se adue\u00f1an del mercado laboral (Hoffice)\n\t\t\t\t<\/figcaption><\/figure><figure class='gallery-item'>\n\t\t\t<div class='gallery-icon landscape'>\n\t\t\t\t<a href='https:\/\/www.arquimaster.com.ar\/web\/wp-content\/uploads\/2017\/10\/hafele_oficinas3.jpg' title=\"La inteligencia colectiva y la flexibilidad se adue\u00f1an del mercado laboral (Hoffice)\" data-rl_title=\"La inteligencia colectiva y la flexibilidad se adue\u00f1an del mercado laboral (Hoffice)\" class=\"rl-gallery-link\" data-rl_caption=\"La inteligencia colectiva y la flexibilidad se adue\u00f1an del mercado laboral (Hoffice)\" data-rel=\"lightbox-gallery-1\"><img loading=\"lazy\" decoding=\"async\" width=\"150\" height=\"150\" src=\"https:\/\/www.arquimaster.com.ar\/web\/wp-content\/uploads\/2017\/10\/hafele_oficinas3-150x150.jpg\" class=\"attachment-thumbnail size-thumbnail\" alt=\"\" aria-describedby=\"gallery-1-28857\" srcset=\"https:\/\/www.arquimaster.com.ar\/web\/wp-content\/uploads\/2017\/10\/hafele_oficinas3-150x150.jpg 150w, https:\/\/www.arquimaster.com.ar\/web\/wp-content\/uploads\/2017\/10\/hafele_oficinas3-50x50.jpg 50w, https:\/\/www.arquimaster.com.ar\/web\/wp-content\/uploads\/2017\/10\/hafele_oficinas3-125x125.jpg 125w\" sizes=\"auto, (max-width: 150px) 100vw, 150px\" \/><\/a>\n\t\t\t<\/div>\n\t\t\t\t<figcaption class='wp-caption-text gallery-caption' id='gallery-1-28857'>\n\t\t\t\tLa inteligencia colectiva y la flexibilidad se adue\u00f1an del mercado laboral (Hoffice)\n\t\t\t\t<\/figcaption><\/figure><figure class='gallery-item'>\n\t\t\t<div class='gallery-icon landscape'>\n\t\t\t\t<a href='https:\/\/www.arquimaster.com.ar\/web\/wp-content\/uploads\/2017\/10\/hafele_oficinas4.jpg' title=\"La inteligencia colectiva y la flexibilidad se adue\u00f1an del mercado laboral (Playoffice)\" data-rl_title=\"La inteligencia colectiva y la flexibilidad se adue\u00f1an del mercado laboral (Playoffice)\" class=\"rl-gallery-link\" data-rl_caption=\"La inteligencia colectiva y la flexibilidad se adue\u00f1an del mercado laboral (Playoffice)\" data-rel=\"lightbox-gallery-1\"><img loading=\"lazy\" decoding=\"async\" width=\"150\" height=\"150\" src=\"https:\/\/www.arquimaster.com.ar\/web\/wp-content\/uploads\/2017\/10\/hafele_oficinas4-150x150.jpg\" class=\"attachment-thumbnail size-thumbnail\" alt=\"\" aria-describedby=\"gallery-1-28858\" srcset=\"https:\/\/www.arquimaster.com.ar\/web\/wp-content\/uploads\/2017\/10\/hafele_oficinas4-150x150.jpg 150w, https:\/\/www.arquimaster.com.ar\/web\/wp-content\/uploads\/2017\/10\/hafele_oficinas4-50x50.jpg 50w, https:\/\/www.arquimaster.com.ar\/web\/wp-content\/uploads\/2017\/10\/hafele_oficinas4-125x125.jpg 125w\" sizes=\"auto, (max-width: 150px) 100vw, 150px\" \/><\/a>\n\t\t\t<\/div>\n\t\t\t\t<figcaption class='wp-caption-text gallery-caption' id='gallery-1-28858'>\n\t\t\t\tLa inteligencia colectiva y la flexibilidad se adue\u00f1an del mercado laboral (Playoffice)\n\t\t\t\t<\/figcaption><\/figure><figure class='gallery-item'>\n\t\t\t<div class='gallery-icon landscape'>\n\t\t\t\t<a href='https:\/\/www.arquimaster.com.ar\/web\/wp-content\/uploads\/2017\/10\/hafele_oficinas5.jpg' title=\"La inteligencia colectiva y la flexibilidad se adue\u00f1an del mercado laboral (Playoffice)\" data-rl_title=\"La inteligencia colectiva y la flexibilidad se adue\u00f1an del mercado laboral (Playoffice)\" class=\"rl-gallery-link\" data-rl_caption=\"La inteligencia colectiva y la flexibilidad se adue\u00f1an del mercado laboral (Playoffice)\" data-rel=\"lightbox-gallery-1\"><img loading=\"lazy\" decoding=\"async\" width=\"150\" height=\"150\" src=\"https:\/\/www.arquimaster.com.ar\/web\/wp-content\/uploads\/2017\/10\/hafele_oficinas5-150x150.jpg\" class=\"attachment-thumbnail size-thumbnail\" alt=\"\" aria-describedby=\"gallery-1-28859\" srcset=\"https:\/\/www.arquimaster.com.ar\/web\/wp-content\/uploads\/2017\/10\/hafele_oficinas5-150x150.jpg 150w, https:\/\/www.arquimaster.com.ar\/web\/wp-content\/uploads\/2017\/10\/hafele_oficinas5-50x50.jpg 50w, https:\/\/www.arquimaster.com.ar\/web\/wp-content\/uploads\/2017\/10\/hafele_oficinas5-125x125.jpg 125w\" sizes=\"auto, (max-width: 150px) 100vw, 150px\" \/><\/a>\n\t\t\t<\/div>\n\t\t\t\t<figcaption class='wp-caption-text gallery-caption' id='gallery-1-28859'>\n\t\t\t\tLa inteligencia colectiva y la flexibilidad se adue\u00f1an del mercado laboral (Playoffice)\n\t\t\t\t<\/figcaption><\/figure><figure class='gallery-item'>\n\t\t\t<div class='gallery-icon landscape'>\n\t\t\t\t<a href='https:\/\/www.arquimaster.com.ar\/web\/wp-content\/uploads\/2017\/10\/hafele_oficinas6.jpg' title=\"La inteligencia colectiva y la flexibilidad se adue\u00f1an del mercado laboral (Playoffice)\" data-rl_title=\"La inteligencia colectiva y la flexibilidad se adue\u00f1an del mercado laboral (Playoffice)\" class=\"rl-gallery-link\" data-rl_caption=\"La inteligencia colectiva y la flexibilidad se adue\u00f1an del mercado laboral (Playoffice)\" data-rel=\"lightbox-gallery-1\"><img loading=\"lazy\" decoding=\"async\" width=\"150\" height=\"150\" src=\"https:\/\/www.arquimaster.com.ar\/web\/wp-content\/uploads\/2017\/10\/hafele_oficinas6-150x150.jpg\" class=\"attachment-thumbnail size-thumbnail\" alt=\"\" aria-describedby=\"gallery-1-28860\" srcset=\"https:\/\/www.arquimaster.com.ar\/web\/wp-content\/uploads\/2017\/10\/hafele_oficinas6-150x150.jpg 150w, https:\/\/www.arquimaster.com.ar\/web\/wp-content\/uploads\/2017\/10\/hafele_oficinas6-50x50.jpg 50w, https:\/\/www.arquimaster.com.ar\/web\/wp-content\/uploads\/2017\/10\/hafele_oficinas6-125x125.jpg 125w\" sizes=\"auto, (max-width: 150px) 100vw, 150px\" \/><\/a>\n\t\t\t<\/div>\n\t\t\t\t<figcaption class='wp-caption-text gallery-caption' id='gallery-1-28860'>\n\t\t\t\tLa inteligencia colectiva y la flexibilidad se adue\u00f1an del mercado laboral (Playoffice)\n\t\t\t\t<\/figcaption><\/figure>\n\t\t<\/div>\n\n<p>El interrogante sobre c\u00f3mo crear un \u00e1rea de trabajo adecuada e ideal, ya no tiene una \u00fanica respuesta. Y eso se debe a que el espacio ya no es uno, sino varios. En este sentido la oficina no se circunscribe \u00fanicamente a un lugar, sino que el concepto del trabajo se vincula directamente a la persona, hoy se puede trabajar desde cualquier lugar.<\/p>\n<p>Consecuentemente las oficinas deben reconfigurarse para estimular a los empleados a permanecer all\u00ed. Mientras que los espacios de trabajo en el propio hogar, para aquellos que son freelancers, o bien que tienen la posibilidad de trabajar algunos d\u00edas desde sus casas, deben contar con la funcionalidad suficiente para mantener la concentraci\u00f3n y dedicaci\u00f3n de la tarea.<\/p>\n<p><strong>La flexibilidad es la norma<\/strong><br \/>\nH\u00e4fele, empresa alemana l\u00edder en herrajes, accesorios y sistemas inteligentes de dise\u00f1o para muebles y arquitectura, acerca una serie de recomendaciones para dise\u00f1ar mobiliarios que permitan transformar el espacio de trabajo seg\u00fan la necesidad.<\/p>\n<p><strong>Movilidad de espacios de guardado<\/strong>: bibliotecas todo terreno que pueden moverse seg\u00fan lo que se desee alcanzar o bien ocultar.<\/p>\n<p><strong>Muebles inteligentes<\/strong>: la conectividad se ha convertido en una exigencia, consecuentemente si el mobiliario adem\u00e1s de cumplir su funci\u00f3n principal, cuenta con dispositivos que permitan conectar un celular, una notebook o incluso reproducir m\u00fasica por medio del sistema Blootooth, el beneficio es doble.<\/p>\n<p><strong>Versatilidad y transformaci\u00f3n<\/strong>: lograr m\u00e1s vida por metro cuadrado es posible si se el equipamiento tiene la capacidad de transformarse, sin por ello tener que contar con un espacio de grandes dimensiones. Escritorios que se unen o separan, seg\u00fan la cantidad de puestos de trabajo que se requieren o bien seg\u00fan la necesidad de las personas que los ocupan: concentraci\u00f3n, intercambio, brainstorming, etc.<\/p>\n<p><strong>Iluminaci\u00f3n al servicio del objetivo<\/strong>: la funci\u00f3n m\u00e1s relevante de la iluminaci\u00f3n en espacios de trabajo es apoyar la tarea, por lo que este criterio debe prevalecer a la hora de elegir las soluciones.<\/p>\n<p>Desde casa o desde la oficina, el mobiliario debe acompa\u00f1ar la tarea y potenciarla. Trabajar con otros es la tendencia, la inteligencia colectiva la que potencia los resultados y el dise\u00f1o de los espacios es facilitador para hacer del trabajo una experiencia mejor y m\u00e1s gratificante.<\/p>\n<p><strong>Acerca de H\u00e4fele<\/strong><br \/>\nH\u00e4fele es la empresa de origen alem\u00e1n, l\u00edder en herrajes, accesorios y sistemas inteligentes de dise\u00f1o para muebles y arquitectura con 37 filiales propias y presencia en m\u00e1s de 150 pa\u00edses. A trav\u00e9s de sus cat\u00e1logos con miles de art\u00edculos se adapta a la demanda de los distintos mercados en todo el mundo con la m\u00e1s alta calidad y servicio de log\u00edstica.<\/p>\n<p><a href=\"http:\/\/www.arquimaster.com.ar\/web\/hoffice-la-evolucion-del-home-office-espacio-19-casa-foa-2017-estudio-pqr\/\"><strong>Hoffice<\/strong>, la evoluci\u00f3n del Home Office, es un proyecto de Estudio PQR para Casa FOA 2017<\/a><\/p>\n<p><a href=\"http:\/\/www.arquimaster.com.ar\/web\/playoffice-carla-belussi-y-cesar-stivaletta\/\"><strong>Playoffice<\/strong> es un proyecto de Carla Belussi y C\u00e9sar Stivaletta para Patagonia Design and Art Center DAC<\/a><\/p>\n\n<div style=\"font-size: 0px; height: 0px; line-height: 0px; margin: 0; padding: 0; clear: both;\"><\/div><div style=\"margin-top: 0px; margin-bottom: 0px;\" class=\"sharethis-inline-share-buttons\" ><\/div>","protected":false},"excerpt":{"rendered":"<p>Recomendaciones para crear espacios que potencian el trabajo con otros&#8230;<\/p>\n","protected":false},"author":1,"featured_media":28854,"comment_status":"closed","ping_status":"closed","sticky":false,"template":"","format":"standard","meta":{"_uag_custom_page_level_css":"","footnotes":""},"categories":[55,56],"tags":[1294,4007,4008,4446,2266,450,2235,255],"class_list":["post-28852","post","type-post","status-publish","format-standard","has-post-thumbnail","hentry","category-diseno","category-diseno-interior-decoracion","tag-diseno-de-oficinas","tag-hafele","tag-herrajes","tag-hoffice","tag-home-office","tag-mobiliario","tag-oficina","tag-oficinas","generate-columns","tablet-grid-50","mobile-grid-100","grid-parent","grid-50"],"yoast_head":"<!-- This site is optimized with the Yoast SEO plugin v27.3 - https:\/\/yoast.com\/product\/yoast-seo-wordpress\/ -->\n<title>La inteligencia colectiva y la flexibilidad se adue\u00f1an del mercado laboral - Arquimaster<\/title>\n<meta name=\"description\" content=\"Recomendaciones para crear espacios que potencian el trabajo con otros.\" \/>\n<meta name=\"robots\" content=\"index, follow, max-snippet:-1, max-image-preview:large, max-video-preview:-1\" \/>\n<link rel=\"canonical\" href=\"https:\/\/www.arquimaster.com.ar\/web\/la-inteligencia-colectiva-y-la-flexibilidad-se-aduenan-del-mercado-laboral\/\" \/>\n<meta property=\"og:locale\" content=\"es_ES\" \/>\n<meta property=\"og:type\" content=\"article\" \/>\n<meta property=\"og:title\" content=\"La inteligencia colectiva y la flexibilidad se adue\u00f1an del mercado laboral\" \/>\n<meta property=\"og:description\" content=\"Recomendaciones para crear espacios que potencian el trabajo con otros.\" \/>\n<meta property=\"og:url\" content=\"https:\/\/www.arquimaster.com.ar\/web\/la-inteligencia-colectiva-y-la-flexibilidad-se-aduenan-del-mercado-laboral\/\" \/>\n<meta property=\"og:site_name\" content=\"Arquimaster\" \/>\n<meta property=\"article:publisher\" content=\"http:\/\/www.facebook.com\/ARQUIMASTER.com.ar\" \/>\n<meta property=\"article:published_time\" content=\"2017-10-31T01:54:00+00:00\" \/>\n<meta property=\"article:modified_time\" content=\"2025-10-25T21:45:49+00:00\" \/>\n<meta property=\"og:image\" content=\"https:\/\/www.arquimaster.com.ar\/web\/wp-content\/uploads\/2017\/10\/hafele_oficinas_slide-wpp1586302132447.jpg\" \/>\n\t<meta property=\"og:image:width\" content=\"698\" \/>\n\t<meta property=\"og:image:height\" content=\"364\" \/>\n\t<meta property=\"og:image:type\" content=\"image\/jpeg\" \/>\n<meta name=\"author\" content=\"Arquimaster\" \/>\n<meta name=\"twitter:card\" content=\"summary_large_image\" \/>\n<meta name=\"twitter:title\" content=\"La inteligencia colectiva y la flexibilidad se adue\u00f1an del mercado laboral\" \/>\n<meta name=\"twitter:description\" content=\"Recomendaciones para crear espacios que potencian el trabajo con otros.\" \/>\n<meta name=\"twitter:image\" content=\"https:\/\/www.arquimaster.com.ar\/web\/wp-content\/uploads\/2017\/10\/hafele_oficinas_slide-wpp1586302132447.jpg\" \/>\n<meta name=\"twitter:creator\" content=\"@arquimaster\" \/>\n<meta name=\"twitter:site\" content=\"@arquimaster\" \/>\n<meta name=\"twitter:label1\" content=\"Escrito por\" \/>\n\t<meta name=\"twitter:data1\" content=\"Arquimaster\" \/>\n\t<meta name=\"twitter:label2\" content=\"Tiempo de lectura\" \/>\n\t<meta name=\"twitter:data2\" content=\"3 minutos\" \/>\n<script type=\"application\/ld+json\" class=\"yoast-schema-graph\">{\"@context\":\"https:\\\/\\\/schema.org\",\"@graph\":[{\"@type\":\"Article\",\"@id\":\"https:\\\/\\\/www.arquimaster.com.ar\\\/web\\\/la-inteligencia-colectiva-y-la-flexibilidad-se-aduenan-del-mercado-laboral\\\/#article\",\"isPartOf\":{\"@id\":\"https:\\\/\\\/www.arquimaster.com.ar\\\/web\\\/la-inteligencia-colectiva-y-la-flexibilidad-se-aduenan-del-mercado-laboral\\\/\"},\"author\":{\"name\":\"Arquimaster\",\"@id\":\"https:\\\/\\\/www.arquimaster.com.ar\\\/web\\\/#\\\/schema\\\/person\\\/359e9f7c00193fcde068e0dd2ceb0028\"},\"headline\":\"La inteligencia colectiva y la flexibilidad se adue\u00f1an del mercado laboral\",\"datePublished\":\"2017-10-31T01:54:00+00:00\",\"dateModified\":\"2025-10-25T21:45:49+00:00\",\"mainEntityOfPage\":{\"@id\":\"https:\\\/\\\/www.arquimaster.com.ar\\\/web\\\/la-inteligencia-colectiva-y-la-flexibilidad-se-aduenan-del-mercado-laboral\\\/\"},\"wordCount\":590,\"publisher\":{\"@id\":\"https:\\\/\\\/www.arquimaster.com.ar\\\/web\\\/#organization\"},\"image\":{\"@id\":\"https:\\\/\\\/www.arquimaster.com.ar\\\/web\\\/la-inteligencia-colectiva-y-la-flexibilidad-se-aduenan-del-mercado-laboral\\\/#primaryimage\"},\"thumbnailUrl\":\"https:\\\/\\\/www.arquimaster.com.ar\\\/web\\\/wp-content\\\/uploads\\\/2017\\\/10\\\/hafele_oficinas_slide-wpp1586302132447.jpg\",\"keywords\":[\"dise\u00f1o de oficinas\",\"H\u00e4fele\",\"herrajes\",\"hoffice\",\"home office\",\"mobiliario\",\"oficina\",\"oficinas\"],\"articleSection\":[\"Dise\u00f1o\",\"Dise\u00f1o interior y decoracion\"],\"inLanguage\":\"es\"},{\"@type\":\"WebPage\",\"@id\":\"https:\\\/\\\/www.arquimaster.com.ar\\\/web\\\/la-inteligencia-colectiva-y-la-flexibilidad-se-aduenan-del-mercado-laboral\\\/\",\"url\":\"https:\\\/\\\/www.arquimaster.com.ar\\\/web\\\/la-inteligencia-colectiva-y-la-flexibilidad-se-aduenan-del-mercado-laboral\\\/\",\"name\":\"La inteligencia colectiva y la flexibilidad se adue\u00f1an del mercado laboral - Arquimaster\",\"isPartOf\":{\"@id\":\"https:\\\/\\\/www.arquimaster.com.ar\\\/web\\\/#website\"},\"primaryImageOfPage\":{\"@id\":\"https:\\\/\\\/www.arquimaster.com.ar\\\/web\\\/la-inteligencia-colectiva-y-la-flexibilidad-se-aduenan-del-mercado-laboral\\\/#primaryimage\"},\"image\":{\"@id\":\"https:\\\/\\\/www.arquimaster.com.ar\\\/web\\\/la-inteligencia-colectiva-y-la-flexibilidad-se-aduenan-del-mercado-laboral\\\/#primaryimage\"},\"thumbnailUrl\":\"https:\\\/\\\/www.arquimaster.com.ar\\\/web\\\/wp-content\\\/uploads\\\/2017\\\/10\\\/hafele_oficinas_slide-wpp1586302132447.jpg\",\"datePublished\":\"2017-10-31T01:54:00+00:00\",\"dateModified\":\"2025-10-25T21:45:49+00:00\",\"description\":\"Recomendaciones para crear espacios que potencian el trabajo con otros.\",\"breadcrumb\":{\"@id\":\"https:\\\/\\\/www.arquimaster.com.ar\\\/web\\\/la-inteligencia-colectiva-y-la-flexibilidad-se-aduenan-del-mercado-laboral\\\/#breadcrumb\"},\"inLanguage\":\"es\",\"potentialAction\":[{\"@type\":\"ReadAction\",\"target\":[\"https:\\\/\\\/www.arquimaster.com.ar\\\/web\\\/la-inteligencia-colectiva-y-la-flexibilidad-se-aduenan-del-mercado-laboral\\\/\"]}]},{\"@type\":\"ImageObject\",\"inLanguage\":\"es\",\"@id\":\"https:\\\/\\\/www.arquimaster.com.ar\\\/web\\\/la-inteligencia-colectiva-y-la-flexibilidad-se-aduenan-del-mercado-laboral\\\/#primaryimage\",\"url\":\"https:\\\/\\\/www.arquimaster.com.ar\\\/web\\\/wp-content\\\/uploads\\\/2017\\\/10\\\/hafele_oficinas_slide-wpp1586302132447.jpg\",\"contentUrl\":\"https:\\\/\\\/www.arquimaster.com.ar\\\/web\\\/wp-content\\\/uploads\\\/2017\\\/10\\\/hafele_oficinas_slide-wpp1586302132447.jpg\",\"width\":698,\"height\":364},{\"@type\":\"BreadcrumbList\",\"@id\":\"https:\\\/\\\/www.arquimaster.com.ar\\\/web\\\/la-inteligencia-colectiva-y-la-flexibilidad-se-aduenan-del-mercado-laboral\\\/#breadcrumb\",\"itemListElement\":[{\"@type\":\"ListItem\",\"position\":1,\"name\":\"Portada\",\"item\":\"https:\\\/\\\/www.arquimaster.com.ar\\\/web\\\/\"},{\"@type\":\"ListItem\",\"position\":2,\"name\":\"La inteligencia colectiva y la flexibilidad se adue\u00f1an del mercado laboral\"}]},{\"@type\":\"WebSite\",\"@id\":\"https:\\\/\\\/www.arquimaster.com.ar\\\/web\\\/#website\",\"url\":\"https:\\\/\\\/www.arquimaster.com.ar\\\/web\\\/\",\"name\":\"Arquimaster\",\"description\":\"Web de arquitectura, dise\u00f1o y construccion\",\"publisher\":{\"@id\":\"https:\\\/\\\/www.arquimaster.com.ar\\\/web\\\/#organization\"},\"potentialAction\":[{\"@type\":\"SearchAction\",\"target\":{\"@type\":\"EntryPoint\",\"urlTemplate\":\"https:\\\/\\\/www.arquimaster.com.ar\\\/web\\\/?s={search_term_string}\"},\"query-input\":{\"@type\":\"PropertyValueSpecification\",\"valueRequired\":true,\"valueName\":\"search_term_string\"}}],\"inLanguage\":\"es\"},{\"@type\":\"Organization\",\"@id\":\"https:\\\/\\\/www.arquimaster.com.ar\\\/web\\\/#organization\",\"name\":\"Arquimaster\",\"url\":\"https:\\\/\\\/www.arquimaster.com.ar\\\/web\\\/\",\"logo\":{\"@type\":\"ImageObject\",\"inLanguage\":\"es\",\"@id\":\"https:\\\/\\\/www.arquimaster.com.ar\\\/web\\\/#\\\/schema\\\/logo\\\/image\\\/\",\"url\":\"https:\\\/\\\/www.arquimaster.com.ar\\\/web\\\/wp-content\\\/uploads\\\/2022\\\/06\\\/arquimaster.png\",\"contentUrl\":\"https:\\\/\\\/www.arquimaster.com.ar\\\/web\\\/wp-content\\\/uploads\\\/2022\\\/06\\\/arquimaster.png\",\"width\":594,\"height\":78,\"caption\":\"Arquimaster\"},\"image\":{\"@id\":\"https:\\\/\\\/www.arquimaster.com.ar\\\/web\\\/#\\\/schema\\\/logo\\\/image\\\/\"},\"sameAs\":[\"http:\\\/\\\/www.facebook.com\\\/ARQUIMASTER.com.ar\",\"https:\\\/\\\/x.com\\\/arquimaster\",\"https:\\\/\\\/www.instagram.com\\\/arquimasterblog\\\/\",\"https:\\\/\\\/www.linkedin.com\\\/company\\\/arquimaster\",\"https:\\\/\\\/www.pinterest.com\\\/arquimaster\",\"https:\\\/\\\/t.me\\\/arquimaster\"]},{\"@type\":\"Person\",\"@id\":\"https:\\\/\\\/www.arquimaster.com.ar\\\/web\\\/#\\\/schema\\\/person\\\/359e9f7c00193fcde068e0dd2ceb0028\",\"name\":\"Arquimaster\"}]}<\/script>\n<!-- \/ Yoast SEO plugin. -->","yoast_head_json":{"title":"La inteligencia colectiva y la flexibilidad se adue\u00f1an del mercado laboral - Arquimaster","description":"Recomendaciones para crear espacios que potencian el trabajo con otros.","robots":{"index":"index","follow":"follow","max-snippet":"max-snippet:-1","max-image-preview":"max-image-preview:large","max-video-preview":"max-video-preview:-1"},"canonical":"https:\/\/www.arquimaster.com.ar\/web\/la-inteligencia-colectiva-y-la-flexibilidad-se-aduenan-del-mercado-laboral\/","og_locale":"es_ES","og_type":"article","og_title":"La inteligencia colectiva y la flexibilidad se adue\u00f1an del mercado laboral","og_description":"Recomendaciones para crear espacios que potencian el trabajo con otros.","og_url":"https:\/\/www.arquimaster.com.ar\/web\/la-inteligencia-colectiva-y-la-flexibilidad-se-aduenan-del-mercado-laboral\/","og_site_name":"Arquimaster","article_publisher":"http:\/\/www.facebook.com\/ARQUIMASTER.com.ar","article_published_time":"2017-10-31T01:54:00+00:00","article_modified_time":"2025-10-25T21:45:49+00:00","og_image":[{"width":698,"height":364,"url":"https:\/\/www.arquimaster.com.ar\/web\/wp-content\/uploads\/2017\/10\/hafele_oficinas_slide-wpp1586302132447.jpg","type":"image\/jpeg"}],"author":"Arquimaster","twitter_card":"summary_large_image","twitter_title":"La inteligencia colectiva y la flexibilidad se adue\u00f1an del mercado laboral","twitter_description":"Recomendaciones para crear espacios que potencian el trabajo con otros.","twitter_image":"https:\/\/www.arquimaster.com.ar\/web\/wp-content\/uploads\/2017\/10\/hafele_oficinas_slide-wpp1586302132447.jpg","twitter_creator":"@arquimaster","twitter_site":"@arquimaster","twitter_misc":{"Escrito por":"Arquimaster","Tiempo de lectura":"3 minutos"},"schema":{"@context":"https:\/\/schema.org","@graph":[{"@type":"Article","@id":"https:\/\/www.arquimaster.com.ar\/web\/la-inteligencia-colectiva-y-la-flexibilidad-se-aduenan-del-mercado-laboral\/#article","isPartOf":{"@id":"https:\/\/www.arquimaster.com.ar\/web\/la-inteligencia-colectiva-y-la-flexibilidad-se-aduenan-del-mercado-laboral\/"},"author":{"name":"Arquimaster","@id":"https:\/\/www.arquimaster.com.ar\/web\/#\/schema\/person\/359e9f7c00193fcde068e0dd2ceb0028"},"headline":"La inteligencia colectiva y la flexibilidad se adue\u00f1an del mercado laboral","datePublished":"2017-10-31T01:54:00+00:00","dateModified":"2025-10-25T21:45:49+00:00","mainEntityOfPage":{"@id":"https:\/\/www.arquimaster.com.ar\/web\/la-inteligencia-colectiva-y-la-flexibilidad-se-aduenan-del-mercado-laboral\/"},"wordCount":590,"publisher":{"@id":"https:\/\/www.arquimaster.com.ar\/web\/#organization"},"image":{"@id":"https:\/\/www.arquimaster.com.ar\/web\/la-inteligencia-colectiva-y-la-flexibilidad-se-aduenan-del-mercado-laboral\/#primaryimage"},"thumbnailUrl":"https:\/\/www.arquimaster.com.ar\/web\/wp-content\/uploads\/2017\/10\/hafele_oficinas_slide-wpp1586302132447.jpg","keywords":["dise\u00f1o de oficinas","H\u00e4fele","herrajes","hoffice","home office","mobiliario","oficina","oficinas"],"articleSection":["Dise\u00f1o","Dise\u00f1o interior y decoracion"],"inLanguage":"es"},{"@type":"WebPage","@id":"https:\/\/www.arquimaster.com.ar\/web\/la-inteligencia-colectiva-y-la-flexibilidad-se-aduenan-del-mercado-laboral\/","url":"https:\/\/www.arquimaster.com.ar\/web\/la-inteligencia-colectiva-y-la-flexibilidad-se-aduenan-del-mercado-laboral\/","name":"La inteligencia colectiva y la flexibilidad se adue\u00f1an del mercado laboral - Arquimaster","isPartOf":{"@id":"https:\/\/www.arquimaster.com.ar\/web\/#website"},"primaryImageOfPage":{"@id":"https:\/\/www.arquimaster.com.ar\/web\/la-inteligencia-colectiva-y-la-flexibilidad-se-aduenan-del-mercado-laboral\/#primaryimage"},"image":{"@id":"https:\/\/www.arquimaster.com.ar\/web\/la-inteligencia-colectiva-y-la-flexibilidad-se-aduenan-del-mercado-laboral\/#primaryimage"},"thumbnailUrl":"https:\/\/www.arquimaster.com.ar\/web\/wp-content\/uploads\/2017\/10\/hafele_oficinas_slide-wpp1586302132447.jpg","datePublished":"2017-10-31T01:54:00+00:00","dateModified":"2025-10-25T21:45:49+00:00","description":"Recomendaciones para crear espacios que potencian el trabajo con otros.","breadcrumb":{"@id":"https:\/\/www.arquimaster.com.ar\/web\/la-inteligencia-colectiva-y-la-flexibilidad-se-aduenan-del-mercado-laboral\/#breadcrumb"},"inLanguage":"es","potentialAction":[{"@type":"ReadAction","target":["https:\/\/www.arquimaster.com.ar\/web\/la-inteligencia-colectiva-y-la-flexibilidad-se-aduenan-del-mercado-laboral\/"]}]},{"@type":"ImageObject","inLanguage":"es","@id":"https:\/\/www.arquimaster.com.ar\/web\/la-inteligencia-colectiva-y-la-flexibilidad-se-aduenan-del-mercado-laboral\/#primaryimage","url":"https:\/\/www.arquimaster.com.ar\/web\/wp-content\/uploads\/2017\/10\/hafele_oficinas_slide-wpp1586302132447.jpg","contentUrl":"https:\/\/www.arquimaster.com.ar\/web\/wp-content\/uploads\/2017\/10\/hafele_oficinas_slide-wpp1586302132447.jpg","width":698,"height":364},{"@type":"BreadcrumbList","@id":"https:\/\/www.arquimaster.com.ar\/web\/la-inteligencia-colectiva-y-la-flexibilidad-se-aduenan-del-mercado-laboral\/#breadcrumb","itemListElement":[{"@type":"ListItem","position":1,"name":"Portada","item":"https:\/\/www.arquimaster.com.ar\/web\/"},{"@type":"ListItem","position":2,"name":"La inteligencia colectiva y la flexibilidad se adue\u00f1an del mercado laboral"}]},{"@type":"WebSite","@id":"https:\/\/www.arquimaster.com.ar\/web\/#website","url":"https:\/\/www.arquimaster.com.ar\/web\/","name":"Arquimaster","description":"Web de arquitectura, dise\u00f1o y construccion","publisher":{"@id":"https:\/\/www.arquimaster.com.ar\/web\/#organization"},"potentialAction":[{"@type":"SearchAction","target":{"@type":"EntryPoint","urlTemplate":"https:\/\/www.arquimaster.com.ar\/web\/?s={search_term_string}"},"query-input":{"@type":"PropertyValueSpecification","valueRequired":true,"valueName":"search_term_string"}}],"inLanguage":"es"},{"@type":"Organization","@id":"https:\/\/www.arquimaster.com.ar\/web\/#organization","name":"Arquimaster","url":"https:\/\/www.arquimaster.com.ar\/web\/","logo":{"@type":"ImageObject","inLanguage":"es","@id":"https:\/\/www.arquimaster.com.ar\/web\/#\/schema\/logo\/image\/","url":"https:\/\/www.arquimaster.com.ar\/web\/wp-content\/uploads\/2022\/06\/arquimaster.png","contentUrl":"https:\/\/www.arquimaster.com.ar\/web\/wp-content\/uploads\/2022\/06\/arquimaster.png","width":594,"height":78,"caption":"Arquimaster"},"image":{"@id":"https:\/\/www.arquimaster.com.ar\/web\/#\/schema\/logo\/image\/"},"sameAs":["http:\/\/www.facebook.com\/ARQUIMASTER.com.ar","https:\/\/x.com\/arquimaster","https:\/\/www.instagram.com\/arquimasterblog\/","https:\/\/www.linkedin.com\/company\/arquimaster","https:\/\/www.pinterest.com\/arquimaster","https:\/\/t.me\/arquimaster"]},{"@type":"Person","@id":"https:\/\/www.arquimaster.com.ar\/web\/#\/schema\/person\/359e9f7c00193fcde068e0dd2ceb0028","name":"Arquimaster"}]}},"uagb_featured_image_src":{"full":["https:\/\/www.arquimaster.com.ar\/web\/wp-content\/uploads\/2017\/10\/hafele_oficinas_slide-wpp1586302132447.jpg",698,364,false],"thumbnail":["https:\/\/www.arquimaster.com.ar\/web\/wp-content\/uploads\/2017\/10\/hafele_oficinas_slide-wpp1586302132447-150x150.jpg",150,150,true],"medium":["https:\/\/www.arquimaster.com.ar\/web\/wp-content\/uploads\/2017\/10\/hafele_oficinas_slide-wpp1586302132447.jpg",698,364,false],"medium_large":["https:\/\/www.arquimaster.com.ar\/web\/wp-content\/uploads\/2017\/10\/hafele_oficinas_slide-wpp1586302132447.jpg",698,364,false],"large":["https:\/\/www.arquimaster.com.ar\/web\/wp-content\/uploads\/2017\/10\/hafele_oficinas_slide-wpp1586302132447.jpg",698,364,false],"1536x1536":["https:\/\/www.arquimaster.com.ar\/web\/wp-content\/uploads\/2017\/10\/hafele_oficinas_slide-wpp1586302132447.jpg",698,364,false],"2048x2048":["https:\/\/www.arquimaster.com.ar\/web\/wp-content\/uploads\/2017\/10\/hafele_oficinas_slide-wpp1586302132447.jpg",698,364,false]},"uagb_author_info":{"display_name":"Arquimaster","author_link":"https:\/\/www.arquimaster.com.ar\/web\/author\/arquimaster\/"},"uagb_comment_info":0,"uagb_excerpt":"Recomendaciones para crear espacios que potencian el trabajo con otros...","_links":{"self":[{"href":"https:\/\/www.arquimaster.com.ar\/web\/wp-json\/wp\/v2\/posts\/28852","targetHints":{"allow":["GET"]}}],"collection":[{"href":"https:\/\/www.arquimaster.com.ar\/web\/wp-json\/wp\/v2\/posts"}],"about":[{"href":"https:\/\/www.arquimaster.com.ar\/web\/wp-json\/wp\/v2\/types\/post"}],"author":[{"embeddable":true,"href":"https:\/\/www.arquimaster.com.ar\/web\/wp-json\/wp\/v2\/users\/1"}],"replies":[{"embeddable":true,"href":"https:\/\/www.arquimaster.com.ar\/web\/wp-json\/wp\/v2\/comments?post=28852"}],"version-history":[{"count":2,"href":"https:\/\/www.arquimaster.com.ar\/web\/wp-json\/wp\/v2\/posts\/28852\/revisions"}],"predecessor-version":[{"id":86196,"href":"https:\/\/www.arquimaster.com.ar\/web\/wp-json\/wp\/v2\/posts\/28852\/revisions\/86196"}],"wp:featuredmedia":[{"embeddable":true,"href":"https:\/\/www.arquimaster.com.ar\/web\/wp-json\/wp\/v2\/media\/28854"}],"wp:attachment":[{"href":"https:\/\/www.arquimaster.com.ar\/web\/wp-json\/wp\/v2\/media?parent=28852"}],"wp:term":[{"taxonomy":"category","embeddable":true,"href":"https:\/\/www.arquimaster.com.ar\/web\/wp-json\/wp\/v2\/categories?post=28852"},{"taxonomy":"post_tag","embeddable":true,"href":"https:\/\/www.arquimaster.com.ar\/web\/wp-json\/wp\/v2\/tags?post=28852"}],"curies":[{"name":"wp","href":"https:\/\/api.w.org\/{rel}","templated":true}]}}