{"id":29111,"date":"2018-03-10T10:16:36","date_gmt":"2018-03-10T10:16:36","guid":{"rendered":"http:\/\/www.arquimaster.com.ar\/web\/?p=29111"},"modified":"2025-10-09T17:00:11","modified_gmt":"2025-10-09T20:00:11","slug":"egger-presenta-en-el-pais-sus-tableros-de-osb","status":"publish","type":"post","link":"https:\/\/www.arquimaster.com.ar\/web\/egger-presenta-en-el-pais-sus-tableros-de-osb\/","title":{"rendered":"EGGER presenta en el pa\u00eds sus tableros de OSB"},"content":{"rendered":"<div style=\"margin-top: 0px; margin-bottom: 0px;\" class=\"sharethis-inline-share-buttons\" ><\/div><div class=\"b812932af2e751442846f039925109de\" data-index=\"1\" style=\"float: none; margin:25px 0 25px 0; text-align:center;\">\n<script async src=\"https:\/\/pagead2.googlesyndication.com\/pagead\/js\/adsbygoogle.js\"><\/script>\r\n<!-- Arquimaster (superior) -->\r\n<ins class=\"adsbygoogle\"\r\n     style=\"display:block\"\r\n     data-ad-client=\"ca-pub-6351072698456832\"\r\n     data-ad-slot=\"6455489680\"\r\n     data-ad-format=\"auto\"\r\n     data-full-width-responsive=\"true\"><\/ins>\r\n<script>\r\n     (adsbygoogle = window.adsbygoogle || []).push({});\r\n<\/script>\n<\/div>\n<p><em><strong>Egger presenta los tableros EGGER OSB en el marco del 2\u00ba Festival de Arquitectura que se realiza del 3 al 11 de marzo de 2018 en Ceibas Entre R\u00edos. Egger es main sponsor de Hello Wood, un programa creativo, profesional y social que propone el acercamiento a la construcci\u00f3n, fomentando la interacci\u00f3n entre estudiantes y profesionales creando un v\u00ednculo de comunidad y compromiso social.<\/strong><\/em><\/p>\n<p><strong>EGGER Group<\/strong>, la compa\u00f1\u00eda l\u00edder en soluciones y productos a base de madera, acompa\u00f1a el Festival Hello Wood desde sus inicios en 2010 en Hungr\u00eda. Este a\u00f1o desde Egger Argentina auspicia la 2\u00ba edici\u00f3n en el pa\u00eds, que se realiza del 3 al 11 de marzo de 2018 en la estancia La Azotea en Ceibas, provincia de Entre R\u00edos.<\/p>\n<p>Durante esta edici\u00f3n EGGER presenta en el pa\u00eds sus tableros de OSB. Estos tableros contienen tres capas orientadas de virutas de madera, y est\u00e1n homologados para usar como elementos estructurales en construcci\u00f3n. La particular geometr\u00eda y la orientaci\u00f3n de las virutas de la capa exterior, as\u00ed como el encolado de reducidas emisiones, les proporcionan caracter\u00edsticas t\u00e9cnicas excepcionales para la construcci\u00f3n en seco.<\/p>\n<p><em>\u00abHello Wood es una plataforma educativa internacional e independiente que organiza el programa de Arquitectura y Dise\u00f1o m\u00e1s innovador de Europa. Ya hay m\u00e1s de 100 estructuras nacidas de estos festivales en todo el mundo. En Egger estamos orgullosos de compartir nuestra pasi\u00f3n a trav\u00e9s de este tipo de iniciativas, apoyando la innovaci\u00f3n y el dise\u00f1o, en esta oportunidad con estos 9 proyectos\u00bb<\/em>, coment\u00f3 <strong>Francisco Estruga<\/strong>, Gerente de Marketing.<\/p>\n<p>Esta iniciativa despert\u00f3 gran entusiasmo entre la comunidad de profesionales y estudiantes de arquitectura, dise\u00f1o y afines de todo el pa\u00eds, quienes en el marco de este Festival compartir\u00e1n una semana marcada por el aprendizaje y la experiencia pr\u00e1ctica.<\/p>\n<div id='gallery-1' class='gallery galleryid-29111 gallery-columns-3 gallery-size-thumbnail'><figure class='gallery-item'>\n\t\t\t<div class='gallery-icon landscape'>\n\t\t\t\t<a href='https:\/\/www.arquimaster.com.ar\/web\/wp-content\/uploads\/2018\/03\/egger_tableros_osb1.jpg' title=\"EGGER presenta en el pa\u00eds sus tableros de OSB\" data-rl_title=\"EGGER presenta en el pa\u00eds sus tableros de OSB\" class=\"rl-gallery-link\" data-rl_caption=\"EGGER presenta en el pa\u00eds sus tableros de OSB\" data-rel=\"lightbox-gallery-1\"><img loading=\"lazy\" decoding=\"async\" width=\"150\" height=\"150\" src=\"https:\/\/www.arquimaster.com.ar\/web\/wp-content\/uploads\/2018\/03\/egger_tableros_osb1-150x150.jpg\" class=\"attachment-thumbnail size-thumbnail\" alt=\"\" aria-describedby=\"gallery-1-29114\" srcset=\"https:\/\/www.arquimaster.com.ar\/web\/wp-content\/uploads\/2018\/03\/egger_tableros_osb1-150x150.jpg 150w, https:\/\/www.arquimaster.com.ar\/web\/wp-content\/uploads\/2018\/03\/egger_tableros_osb1-50x50.jpg 50w, https:\/\/www.arquimaster.com.ar\/web\/wp-content\/uploads\/2018\/03\/egger_tableros_osb1-125x125.jpg 125w\" sizes=\"auto, (max-width: 150px) 100vw, 150px\" \/><\/a>\n\t\t\t<\/div>\n\t\t\t\t<figcaption class='wp-caption-text gallery-caption' id='gallery-1-29114'>\n\t\t\t\tEGGER presenta en el pa\u00eds sus tableros de OSB\n\t\t\t\t<\/figcaption><\/figure><figure class='gallery-item'>\n\t\t\t<div class='gallery-icon landscape'>\n\t\t\t\t<a href='https:\/\/www.arquimaster.com.ar\/web\/wp-content\/uploads\/2018\/03\/egger_tableros_osb2.jpg' title=\"EGGER presenta en el pa\u00eds sus tableros de OSB\" data-rl_title=\"EGGER presenta en el pa\u00eds sus tableros de OSB\" class=\"rl-gallery-link\" data-rl_caption=\"EGGER presenta en el pa\u00eds sus tableros de OSB\" data-rel=\"lightbox-gallery-1\"><img loading=\"lazy\" decoding=\"async\" width=\"150\" height=\"150\" src=\"https:\/\/www.arquimaster.com.ar\/web\/wp-content\/uploads\/2018\/03\/egger_tableros_osb2-150x150.jpg\" class=\"attachment-thumbnail size-thumbnail\" alt=\"\" aria-describedby=\"gallery-1-29115\" srcset=\"https:\/\/www.arquimaster.com.ar\/web\/wp-content\/uploads\/2018\/03\/egger_tableros_osb2-150x150.jpg 150w, https:\/\/www.arquimaster.com.ar\/web\/wp-content\/uploads\/2018\/03\/egger_tableros_osb2-50x50.jpg 50w, https:\/\/www.arquimaster.com.ar\/web\/wp-content\/uploads\/2018\/03\/egger_tableros_osb2-125x125.jpg 125w\" sizes=\"auto, (max-width: 150px) 100vw, 150px\" \/><\/a>\n\t\t\t<\/div>\n\t\t\t\t<figcaption class='wp-caption-text gallery-caption' id='gallery-1-29115'>\n\t\t\t\tEGGER presenta en el pa\u00eds sus tableros de OSB\n\t\t\t\t<\/figcaption><\/figure><figure class='gallery-item'>\n\t\t\t<div class='gallery-icon landscape'>\n\t\t\t\t<a href='https:\/\/www.arquimaster.com.ar\/web\/wp-content\/uploads\/2018\/03\/egger_tableros_osb3.jpg' title=\"EGGER presenta en el pa\u00eds sus tableros de OSB\" data-rl_title=\"EGGER presenta en el pa\u00eds sus tableros de OSB\" class=\"rl-gallery-link\" data-rl_caption=\"EGGER presenta en el pa\u00eds sus tableros de OSB\" data-rel=\"lightbox-gallery-1\"><img loading=\"lazy\" decoding=\"async\" width=\"150\" height=\"150\" src=\"https:\/\/www.arquimaster.com.ar\/web\/wp-content\/uploads\/2018\/03\/egger_tableros_osb3-150x150.jpg\" class=\"attachment-thumbnail size-thumbnail\" alt=\"\" aria-describedby=\"gallery-1-29116\" srcset=\"https:\/\/www.arquimaster.com.ar\/web\/wp-content\/uploads\/2018\/03\/egger_tableros_osb3-150x150.jpg 150w, https:\/\/www.arquimaster.com.ar\/web\/wp-content\/uploads\/2018\/03\/egger_tableros_osb3-50x50.jpg 50w, https:\/\/www.arquimaster.com.ar\/web\/wp-content\/uploads\/2018\/03\/egger_tableros_osb3-125x125.jpg 125w\" sizes=\"auto, (max-width: 150px) 100vw, 150px\" \/><\/a>\n\t\t\t<\/div>\n\t\t\t\t<figcaption class='wp-caption-text gallery-caption' id='gallery-1-29116'>\n\t\t\t\tEGGER presenta en el pa\u00eds sus tableros de OSB\n\t\t\t\t<\/figcaption><\/figure><figure class='gallery-item'>\n\t\t\t<div class='gallery-icon landscape'>\n\t\t\t\t<a href='https:\/\/www.arquimaster.com.ar\/web\/wp-content\/uploads\/2018\/03\/egger_tableros_osb4.jpg' title=\"EGGER presenta en el pa\u00eds sus tableros de OSB\" data-rl_title=\"EGGER presenta en el pa\u00eds sus tableros de OSB\" class=\"rl-gallery-link\" data-rl_caption=\"EGGER presenta en el pa\u00eds sus tableros de OSB\" data-rel=\"lightbox-gallery-1\"><img loading=\"lazy\" decoding=\"async\" width=\"150\" height=\"150\" src=\"https:\/\/www.arquimaster.com.ar\/web\/wp-content\/uploads\/2018\/03\/egger_tableros_osb4-150x150.jpg\" class=\"attachment-thumbnail size-thumbnail\" alt=\"\" aria-describedby=\"gallery-1-29117\" srcset=\"https:\/\/www.arquimaster.com.ar\/web\/wp-content\/uploads\/2018\/03\/egger_tableros_osb4-150x150.jpg 150w, https:\/\/www.arquimaster.com.ar\/web\/wp-content\/uploads\/2018\/03\/egger_tableros_osb4-50x50.jpg 50w, https:\/\/www.arquimaster.com.ar\/web\/wp-content\/uploads\/2018\/03\/egger_tableros_osb4-125x125.jpg 125w\" sizes=\"auto, (max-width: 150px) 100vw, 150px\" \/><\/a>\n\t\t\t<\/div>\n\t\t\t\t<figcaption class='wp-caption-text gallery-caption' id='gallery-1-29117'>\n\t\t\t\tEGGER presenta en el pa\u00eds sus tableros de OSB\n\t\t\t\t<\/figcaption><\/figure><figure class='gallery-item'>\n\t\t\t<div class='gallery-icon landscape'>\n\t\t\t\t<a href='https:\/\/www.arquimaster.com.ar\/web\/wp-content\/uploads\/2018\/03\/egger_tableros_osb5.jpg' title=\"EGGER presenta en el pa\u00eds sus tableros de OSB\" data-rl_title=\"EGGER presenta en el pa\u00eds sus tableros de OSB\" class=\"rl-gallery-link\" data-rl_caption=\"EGGER presenta en el pa\u00eds sus tableros de OSB\" data-rel=\"lightbox-gallery-1\"><img loading=\"lazy\" decoding=\"async\" width=\"150\" height=\"150\" src=\"https:\/\/www.arquimaster.com.ar\/web\/wp-content\/uploads\/2018\/03\/egger_tableros_osb5-150x150.jpg\" class=\"attachment-thumbnail size-thumbnail\" alt=\"\" aria-describedby=\"gallery-1-29118\" srcset=\"https:\/\/www.arquimaster.com.ar\/web\/wp-content\/uploads\/2018\/03\/egger_tableros_osb5-150x150.jpg 150w, https:\/\/www.arquimaster.com.ar\/web\/wp-content\/uploads\/2018\/03\/egger_tableros_osb5-50x50.jpg 50w, https:\/\/www.arquimaster.com.ar\/web\/wp-content\/uploads\/2018\/03\/egger_tableros_osb5-125x125.jpg 125w\" sizes=\"auto, (max-width: 150px) 100vw, 150px\" \/><\/a>\n\t\t\t<\/div>\n\t\t\t\t<figcaption class='wp-caption-text gallery-caption' id='gallery-1-29118'>\n\t\t\t\tEGGER presenta en el pa\u00eds sus tableros de OSB\n\t\t\t\t<\/figcaption><\/figure><figure class='gallery-item'>\n\t\t\t<div class='gallery-icon landscape'>\n\t\t\t\t<a href='https:\/\/www.arquimaster.com.ar\/web\/wp-content\/uploads\/2018\/03\/egger_tableros_osb6.jpg' title=\"EGGER presenta en el pa\u00eds sus tableros de OSB\" data-rl_title=\"EGGER presenta en el pa\u00eds sus tableros de OSB\" class=\"rl-gallery-link\" data-rl_caption=\"EGGER presenta en el pa\u00eds sus tableros de OSB\" data-rel=\"lightbox-gallery-1\"><img loading=\"lazy\" decoding=\"async\" width=\"150\" height=\"150\" src=\"https:\/\/www.arquimaster.com.ar\/web\/wp-content\/uploads\/2018\/03\/egger_tableros_osb6-150x150.jpg\" class=\"attachment-thumbnail size-thumbnail\" alt=\"\" aria-describedby=\"gallery-1-29119\" srcset=\"https:\/\/www.arquimaster.com.ar\/web\/wp-content\/uploads\/2018\/03\/egger_tableros_osb6-150x150.jpg 150w, https:\/\/www.arquimaster.com.ar\/web\/wp-content\/uploads\/2018\/03\/egger_tableros_osb6-50x50.jpg 50w, https:\/\/www.arquimaster.com.ar\/web\/wp-content\/uploads\/2018\/03\/egger_tableros_osb6-125x125.jpg 125w\" sizes=\"auto, (max-width: 150px) 100vw, 150px\" \/><\/a>\n\t\t\t<\/div>\n\t\t\t\t<figcaption class='wp-caption-text gallery-caption' id='gallery-1-29119'>\n\t\t\t\tEGGER presenta en el pa\u00eds sus tableros de OSB\n\t\t\t\t<\/figcaption><\/figure><figure class='gallery-item'>\n\t\t\t<div class='gallery-icon portrait'>\n\t\t\t\t<a href='https:\/\/www.arquimaster.com.ar\/web\/wp-content\/uploads\/2018\/03\/egger_tableros_osb7.jpg' title=\"EGGER presenta en el pa\u00eds sus tableros de OSB\" data-rl_title=\"EGGER presenta en el pa\u00eds sus tableros de OSB\" class=\"rl-gallery-link\" data-rl_caption=\"EGGER presenta en el pa\u00eds sus tableros de OSB\" data-rel=\"lightbox-gallery-1\"><img loading=\"lazy\" decoding=\"async\" width=\"150\" height=\"150\" src=\"https:\/\/www.arquimaster.com.ar\/web\/wp-content\/uploads\/2018\/03\/egger_tableros_osb7-150x150.jpg\" class=\"attachment-thumbnail size-thumbnail\" alt=\"\" aria-describedby=\"gallery-1-29120\" srcset=\"https:\/\/www.arquimaster.com.ar\/web\/wp-content\/uploads\/2018\/03\/egger_tableros_osb7-150x150.jpg 150w, https:\/\/www.arquimaster.com.ar\/web\/wp-content\/uploads\/2018\/03\/egger_tableros_osb7-50x50.jpg 50w, https:\/\/www.arquimaster.com.ar\/web\/wp-content\/uploads\/2018\/03\/egger_tableros_osb7-125x125.jpg 125w\" sizes=\"auto, (max-width: 150px) 100vw, 150px\" \/><\/a>\n\t\t\t<\/div>\n\t\t\t\t<figcaption class='wp-caption-text gallery-caption' id='gallery-1-29120'>\n\t\t\t\tEGGER presenta en el pa\u00eds sus tableros de OSB\n\t\t\t\t<\/figcaption><\/figure><figure class='gallery-item'>\n\t\t\t<div class='gallery-icon portrait'>\n\t\t\t\t<a href='https:\/\/www.arquimaster.com.ar\/web\/wp-content\/uploads\/2018\/03\/egger_tableros_osb8.jpg' title=\"EGGER presenta en el pa\u00eds sus tableros de OSB\" data-rl_title=\"EGGER presenta en el pa\u00eds sus tableros de OSB\" class=\"rl-gallery-link\" data-rl_caption=\"EGGER presenta en el pa\u00eds sus tableros de OSB\" data-rel=\"lightbox-gallery-1\"><img loading=\"lazy\" decoding=\"async\" width=\"150\" height=\"150\" src=\"https:\/\/www.arquimaster.com.ar\/web\/wp-content\/uploads\/2018\/03\/egger_tableros_osb8-150x150.jpg\" class=\"attachment-thumbnail size-thumbnail\" alt=\"\" aria-describedby=\"gallery-1-29121\" srcset=\"https:\/\/www.arquimaster.com.ar\/web\/wp-content\/uploads\/2018\/03\/egger_tableros_osb8-150x150.jpg 150w, https:\/\/www.arquimaster.com.ar\/web\/wp-content\/uploads\/2018\/03\/egger_tableros_osb8-50x50.jpg 50w, https:\/\/www.arquimaster.com.ar\/web\/wp-content\/uploads\/2018\/03\/egger_tableros_osb8-125x125.jpg 125w\" sizes=\"auto, (max-width: 150px) 100vw, 150px\" \/><\/a>\n\t\t\t<\/div>\n\t\t\t\t<figcaption class='wp-caption-text gallery-caption' id='gallery-1-29121'>\n\t\t\t\tEGGER presenta en el pa\u00eds sus tableros de OSB\n\t\t\t\t<\/figcaption><\/figure><figure class='gallery-item'>\n\t\t\t<div class='gallery-icon landscape'>\n\t\t\t\t<a href='https:\/\/www.arquimaster.com.ar\/web\/wp-content\/uploads\/2018\/03\/egger_tableros_osb9.jpg' title=\"EGGER presenta en el pa\u00eds sus tableros de OSB\" data-rl_title=\"EGGER presenta en el pa\u00eds sus tableros de OSB\" class=\"rl-gallery-link\" data-rl_caption=\"EGGER presenta en el pa\u00eds sus tableros de OSB\" data-rel=\"lightbox-gallery-1\"><img loading=\"lazy\" decoding=\"async\" width=\"150\" height=\"150\" src=\"https:\/\/www.arquimaster.com.ar\/web\/wp-content\/uploads\/2018\/03\/egger_tableros_osb9-150x150.jpg\" class=\"attachment-thumbnail size-thumbnail\" alt=\"\" aria-describedby=\"gallery-1-29122\" srcset=\"https:\/\/www.arquimaster.com.ar\/web\/wp-content\/uploads\/2018\/03\/egger_tableros_osb9-150x150.jpg 150w, https:\/\/www.arquimaster.com.ar\/web\/wp-content\/uploads\/2018\/03\/egger_tableros_osb9-50x50.jpg 50w, https:\/\/www.arquimaster.com.ar\/web\/wp-content\/uploads\/2018\/03\/egger_tableros_osb9-125x125.jpg 125w\" sizes=\"auto, (max-width: 150px) 100vw, 150px\" \/><\/a>\n\t\t\t<\/div>\n\t\t\t\t<figcaption class='wp-caption-text gallery-caption' id='gallery-1-29122'>\n\t\t\t\tEGGER presenta en el pa\u00eds sus tableros de OSB\n\t\t\t\t<\/figcaption><\/figure><figure class='gallery-item'>\n\t\t\t<div class='gallery-icon landscape'>\n\t\t\t\t<a href='https:\/\/www.arquimaster.com.ar\/web\/wp-content\/uploads\/2018\/03\/egger_tableros_osb10.jpg' title=\"EGGER presenta en el pa\u00eds sus tableros de OSB\" data-rl_title=\"EGGER presenta en el pa\u00eds sus tableros de OSB\" class=\"rl-gallery-link\" data-rl_caption=\"EGGER presenta en el pa\u00eds sus tableros de OSB\" data-rel=\"lightbox-gallery-1\"><img loading=\"lazy\" decoding=\"async\" width=\"150\" height=\"150\" src=\"https:\/\/www.arquimaster.com.ar\/web\/wp-content\/uploads\/2018\/03\/egger_tableros_osb10-150x150.jpg\" class=\"attachment-thumbnail size-thumbnail\" alt=\"\" aria-describedby=\"gallery-1-29123\" srcset=\"https:\/\/www.arquimaster.com.ar\/web\/wp-content\/uploads\/2018\/03\/egger_tableros_osb10-150x150.jpg 150w, https:\/\/www.arquimaster.com.ar\/web\/wp-content\/uploads\/2018\/03\/egger_tableros_osb10-50x50.jpg 50w, https:\/\/www.arquimaster.com.ar\/web\/wp-content\/uploads\/2018\/03\/egger_tableros_osb10-125x125.jpg 125w\" sizes=\"auto, (max-width: 150px) 100vw, 150px\" \/><\/a>\n\t\t\t<\/div>\n\t\t\t\t<figcaption class='wp-caption-text gallery-caption' id='gallery-1-29123'>\n\t\t\t\tEGGER presenta en el pa\u00eds sus tableros de OSB\n\t\t\t\t<\/figcaption><\/figure>\n\t\t<\/div>\n\n<p><strong>Acerca de los productos de construcci\u00f3n de EGGER<\/strong><br \/>\nPr\u00e1cticos, efectivos y fiables: as\u00ed se presentan los productos de construcci\u00f3n de EGGER. Tanto para la ingenier\u00eda de la construcci\u00f3n con madera, las estructuras de madera, el dise\u00f1o de interiores, la construcci\u00f3n en seco o como impermeabilizante para tejados, la amplia selecci\u00f3n de productos EGGER ofrece soluciones de alta calidad para casi todos los sectores.<\/p>\n<p>Por otra parte, tanto los tableros EGGER OSB y EGGER DHF, como todos los productos de madera aserrada, poseen una declaraci\u00f3n espec\u00edfica medioambiental de producto (EPD), que permite prever con toda exactitud el equilibrio medioambiental del proyecto de construcci\u00f3n desde la fase de planificaci\u00f3n.<\/p>\n<p><strong>Acerca de EGGER<\/strong><br \/>\nEmpresa familiar fundada en 1961, en Austria, Europa, emplea m\u00e1s de 9.000 personas. En 18 plantas, producen una amplia gama de productos de madera (tableros de aglomerado y MDF, revestimientos, paneles OSB y Pisos). La compa\u00f1\u00eda gener\u00f3 un volumen de negocios de 2.34 billones de euros en el ejercicio 2015\/2016. EGGER tiene clientes globales en la industria del mueble, la construcci\u00f3n de madera y los minoristas de pisos, as\u00ed como los mercados DIY. EGGER cuenta con una amplia gama de productos para proveer a la industria del mueble y el dise\u00f1o de interiores, la construcci\u00f3n de madera, as\u00ed como a la industria de pisos de madera (laminados, corcho y pisos de dise\u00f1o). El Grupo tiene su sede central en St. Johann en Tirol (Austria). Con la adquisici\u00f3n de la planta en Concordia, en octubre de 2017, inici\u00f3 sus operaciones por primera vez fuera de Europa.<\/p>\n<div id='gallery-2' class='gallery galleryid-29111 gallery-columns-3 gallery-size-thumbnail'><figure class='gallery-item'>\n\t\t\t<div class='gallery-icon landscape'>\n\t\t\t\t<a href='https:\/\/www.arquimaster.com.ar\/web\/wp-content\/uploads\/2018\/03\/hello_wood_01_1.jpg' title=\"Hello Wood Festival de Arquitectura\" data-rl_title=\"Hello Wood Festival de Arquitectura\" class=\"rl-gallery-link\" data-rl_caption=\"Hello Wood Festival de Arquitectura\" data-rel=\"lightbox-gallery-2\"><img loading=\"lazy\" decoding=\"async\" width=\"150\" height=\"150\" src=\"https:\/\/www.arquimaster.com.ar\/web\/wp-content\/uploads\/2018\/03\/hello_wood_01_1-150x150.jpg\" class=\"attachment-thumbnail size-thumbnail\" alt=\"\" aria-describedby=\"gallery-2-29124\" srcset=\"https:\/\/www.arquimaster.com.ar\/web\/wp-content\/uploads\/2018\/03\/hello_wood_01_1-150x150.jpg 150w, https:\/\/www.arquimaster.com.ar\/web\/wp-content\/uploads\/2018\/03\/hello_wood_01_1-1024x1024.jpg 1024w, https:\/\/www.arquimaster.com.ar\/web\/wp-content\/uploads\/2018\/03\/hello_wood_01_1-768x768.jpg 768w, https:\/\/www.arquimaster.com.ar\/web\/wp-content\/uploads\/2018\/03\/hello_wood_01_1-50x50.jpg 50w, https:\/\/www.arquimaster.com.ar\/web\/wp-content\/uploads\/2018\/03\/hello_wood_01_1-125x125.jpg 125w, https:\/\/www.arquimaster.com.ar\/web\/wp-content\/uploads\/2018\/03\/hello_wood_01_1.jpg 1200w\" sizes=\"auto, (max-width: 150px) 100vw, 150px\" \/><\/a>\n\t\t\t<\/div>\n\t\t\t\t<figcaption class='wp-caption-text gallery-caption' id='gallery-2-29124'>\n\t\t\t\tHello Wood Festival de Arquitectura\n\t\t\t\t<\/figcaption><\/figure><figure class='gallery-item'>\n\t\t\t<div class='gallery-icon landscape'>\n\t\t\t\t<a href='https:\/\/www.arquimaster.com.ar\/web\/wp-content\/uploads\/2018\/03\/hello_wood_01_3.jpg' title=\"Hello Wood Festival de Arquitectura\" data-rl_title=\"Hello Wood Festival de Arquitectura\" class=\"rl-gallery-link\" data-rl_caption=\"Hello Wood Festival de Arquitectura\" data-rel=\"lightbox-gallery-2\"><img loading=\"lazy\" decoding=\"async\" width=\"150\" height=\"150\" src=\"https:\/\/www.arquimaster.com.ar\/web\/wp-content\/uploads\/2018\/03\/hello_wood_01_3-150x150.jpg\" class=\"attachment-thumbnail size-thumbnail\" alt=\"\" aria-describedby=\"gallery-2-29125\" srcset=\"https:\/\/www.arquimaster.com.ar\/web\/wp-content\/uploads\/2018\/03\/hello_wood_01_3-150x150.jpg 150w, https:\/\/www.arquimaster.com.ar\/web\/wp-content\/uploads\/2018\/03\/hello_wood_01_3-50x50.jpg 50w, https:\/\/www.arquimaster.com.ar\/web\/wp-content\/uploads\/2018\/03\/hello_wood_01_3-125x125.jpg 125w\" sizes=\"auto, (max-width: 150px) 100vw, 150px\" \/><\/a>\n\t\t\t<\/div>\n\t\t\t\t<figcaption class='wp-caption-text gallery-caption' id='gallery-2-29125'>\n\t\t\t\tHello Wood Festival de Arquitectura\n\t\t\t\t<\/figcaption><\/figure><figure class='gallery-item'>\n\t\t\t<div class='gallery-icon landscape'>\n\t\t\t\t<a href='https:\/\/www.arquimaster.com.ar\/web\/wp-content\/uploads\/2018\/03\/hello_wood_02_1.jpg' title=\"Hello Wood Festival de Arquitectura\" data-rl_title=\"Hello Wood Festival de Arquitectura\" class=\"rl-gallery-link\" data-rl_caption=\"Hello Wood Festival de Arquitectura\" data-rel=\"lightbox-gallery-2\"><img loading=\"lazy\" decoding=\"async\" width=\"150\" height=\"150\" src=\"https:\/\/www.arquimaster.com.ar\/web\/wp-content\/uploads\/2018\/03\/hello_wood_02_1-150x150.jpg\" class=\"attachment-thumbnail size-thumbnail\" alt=\"\" aria-describedby=\"gallery-2-29126\" srcset=\"https:\/\/www.arquimaster.com.ar\/web\/wp-content\/uploads\/2018\/03\/hello_wood_02_1-150x150.jpg 150w, https:\/\/www.arquimaster.com.ar\/web\/wp-content\/uploads\/2018\/03\/hello_wood_02_1-1024x1024.jpg 1024w, https:\/\/www.arquimaster.com.ar\/web\/wp-content\/uploads\/2018\/03\/hello_wood_02_1-768x768.jpg 768w, https:\/\/www.arquimaster.com.ar\/web\/wp-content\/uploads\/2018\/03\/hello_wood_02_1-50x50.jpg 50w, https:\/\/www.arquimaster.com.ar\/web\/wp-content\/uploads\/2018\/03\/hello_wood_02_1-125x125.jpg 125w, https:\/\/www.arquimaster.com.ar\/web\/wp-content\/uploads\/2018\/03\/hello_wood_02_1.jpg 1200w\" sizes=\"auto, (max-width: 150px) 100vw, 150px\" \/><\/a>\n\t\t\t<\/div>\n\t\t\t\t<figcaption class='wp-caption-text gallery-caption' id='gallery-2-29126'>\n\t\t\t\tHello Wood Festival de Arquitectura\n\t\t\t\t<\/figcaption><\/figure><figure class='gallery-item'>\n\t\t\t<div class='gallery-icon portrait'>\n\t\t\t\t<a href='https:\/\/www.arquimaster.com.ar\/web\/wp-content\/uploads\/2018\/03\/hello_wood_02_3.jpg' title=\"Hello Wood Festival de Arquitectura\" data-rl_title=\"Hello Wood Festival de Arquitectura\" class=\"rl-gallery-link\" data-rl_caption=\"Hello Wood Festival de Arquitectura\" data-rel=\"lightbox-gallery-2\"><img loading=\"lazy\" decoding=\"async\" width=\"150\" height=\"150\" src=\"https:\/\/www.arquimaster.com.ar\/web\/wp-content\/uploads\/2018\/03\/hello_wood_02_3-150x150.jpg\" class=\"attachment-thumbnail size-thumbnail\" alt=\"\" aria-describedby=\"gallery-2-29127\" srcset=\"https:\/\/www.arquimaster.com.ar\/web\/wp-content\/uploads\/2018\/03\/hello_wood_02_3-150x150.jpg 150w, https:\/\/www.arquimaster.com.ar\/web\/wp-content\/uploads\/2018\/03\/hello_wood_02_3-50x50.jpg 50w, https:\/\/www.arquimaster.com.ar\/web\/wp-content\/uploads\/2018\/03\/hello_wood_02_3-125x125.jpg 125w\" sizes=\"auto, (max-width: 150px) 100vw, 150px\" \/><\/a>\n\t\t\t<\/div>\n\t\t\t\t<figcaption class='wp-caption-text gallery-caption' id='gallery-2-29127'>\n\t\t\t\tHello Wood Festival de Arquitectura\n\t\t\t\t<\/figcaption><\/figure><figure class='gallery-item'>\n\t\t\t<div class='gallery-icon landscape'>\n\t\t\t\t<a href='https:\/\/www.arquimaster.com.ar\/web\/wp-content\/uploads\/2018\/03\/hello_wood_03_1.jpg' title=\"Hello Wood Festival de Arquitectura\" data-rl_title=\"Hello Wood Festival de Arquitectura\" class=\"rl-gallery-link\" data-rl_caption=\"Hello Wood Festival de Arquitectura\" data-rel=\"lightbox-gallery-2\"><img loading=\"lazy\" decoding=\"async\" width=\"150\" height=\"150\" src=\"https:\/\/www.arquimaster.com.ar\/web\/wp-content\/uploads\/2018\/03\/hello_wood_03_1-150x150.jpg\" class=\"attachment-thumbnail size-thumbnail\" alt=\"\" aria-describedby=\"gallery-2-29128\" srcset=\"https:\/\/www.arquimaster.com.ar\/web\/wp-content\/uploads\/2018\/03\/hello_wood_03_1-150x150.jpg 150w, https:\/\/www.arquimaster.com.ar\/web\/wp-content\/uploads\/2018\/03\/hello_wood_03_1-1024x1024.jpg 1024w, https:\/\/www.arquimaster.com.ar\/web\/wp-content\/uploads\/2018\/03\/hello_wood_03_1-768x768.jpg 768w, https:\/\/www.arquimaster.com.ar\/web\/wp-content\/uploads\/2018\/03\/hello_wood_03_1-50x50.jpg 50w, https:\/\/www.arquimaster.com.ar\/web\/wp-content\/uploads\/2018\/03\/hello_wood_03_1-125x125.jpg 125w, https:\/\/www.arquimaster.com.ar\/web\/wp-content\/uploads\/2018\/03\/hello_wood_03_1.jpg 1200w\" sizes=\"auto, (max-width: 150px) 100vw, 150px\" \/><\/a>\n\t\t\t<\/div>\n\t\t\t\t<figcaption class='wp-caption-text gallery-caption' id='gallery-2-29128'>\n\t\t\t\tHello Wood Festival de Arquitectura\n\t\t\t\t<\/figcaption><\/figure><figure class='gallery-item'>\n\t\t\t<div class='gallery-icon landscape'>\n\t\t\t\t<a href='https:\/\/www.arquimaster.com.ar\/web\/wp-content\/uploads\/2018\/03\/hello_wood_03_4.jpg' title=\"Hello Wood Festival de Arquitectura\" data-rl_title=\"Hello Wood Festival de Arquitectura\" class=\"rl-gallery-link\" data-rl_caption=\"Hello Wood Festival de Arquitectura\" data-rel=\"lightbox-gallery-2\"><img loading=\"lazy\" decoding=\"async\" width=\"150\" height=\"150\" src=\"https:\/\/www.arquimaster.com.ar\/web\/wp-content\/uploads\/2018\/03\/hello_wood_03_4-150x150.jpg\" class=\"attachment-thumbnail size-thumbnail\" alt=\"\" aria-describedby=\"gallery-2-29129\" srcset=\"https:\/\/www.arquimaster.com.ar\/web\/wp-content\/uploads\/2018\/03\/hello_wood_03_4-150x150.jpg 150w, https:\/\/www.arquimaster.com.ar\/web\/wp-content\/uploads\/2018\/03\/hello_wood_03_4-50x50.jpg 50w, https:\/\/www.arquimaster.com.ar\/web\/wp-content\/uploads\/2018\/03\/hello_wood_03_4-125x125.jpg 125w\" sizes=\"auto, (max-width: 150px) 100vw, 150px\" \/><\/a>\n\t\t\t<\/div>\n\t\t\t\t<figcaption class='wp-caption-text gallery-caption' id='gallery-2-29129'>\n\t\t\t\tHello Wood Festival de Arquitectura\n\t\t\t\t<\/figcaption><\/figure><figure class='gallery-item'>\n\t\t\t<div class='gallery-icon landscape'>\n\t\t\t\t<a href='https:\/\/www.arquimaster.com.ar\/web\/wp-content\/uploads\/2018\/03\/hello_wood_04_1.jpg' title=\"Hello Wood Festival de Arquitectura\" data-rl_title=\"Hello Wood Festival de Arquitectura\" class=\"rl-gallery-link\" data-rl_caption=\"Hello Wood Festival de Arquitectura\" data-rel=\"lightbox-gallery-2\"><img loading=\"lazy\" decoding=\"async\" width=\"150\" height=\"150\" src=\"https:\/\/www.arquimaster.com.ar\/web\/wp-content\/uploads\/2018\/03\/hello_wood_04_1-150x150.jpg\" class=\"attachment-thumbnail size-thumbnail\" alt=\"\" aria-describedby=\"gallery-2-29130\" srcset=\"https:\/\/www.arquimaster.com.ar\/web\/wp-content\/uploads\/2018\/03\/hello_wood_04_1-150x150.jpg 150w, https:\/\/www.arquimaster.com.ar\/web\/wp-content\/uploads\/2018\/03\/hello_wood_04_1-1024x1024.jpg 1024w, https:\/\/www.arquimaster.com.ar\/web\/wp-content\/uploads\/2018\/03\/hello_wood_04_1-768x768.jpg 768w, https:\/\/www.arquimaster.com.ar\/web\/wp-content\/uploads\/2018\/03\/hello_wood_04_1-50x50.jpg 50w, https:\/\/www.arquimaster.com.ar\/web\/wp-content\/uploads\/2018\/03\/hello_wood_04_1-125x125.jpg 125w, https:\/\/www.arquimaster.com.ar\/web\/wp-content\/uploads\/2018\/03\/hello_wood_04_1.jpg 1200w\" sizes=\"auto, (max-width: 150px) 100vw, 150px\" \/><\/a>\n\t\t\t<\/div>\n\t\t\t\t<figcaption class='wp-caption-text gallery-caption' id='gallery-2-29130'>\n\t\t\t\tHello Wood Festival de Arquitectura\n\t\t\t\t<\/figcaption><\/figure><figure class='gallery-item'>\n\t\t\t<div class='gallery-icon landscape'>\n\t\t\t\t<a href='https:\/\/www.arquimaster.com.ar\/web\/wp-content\/uploads\/2018\/03\/hello_wood_04_3.jpg' title=\"Hello Wood Festival de Arquitectura\" data-rl_title=\"Hello Wood Festival de Arquitectura\" class=\"rl-gallery-link\" data-rl_caption=\"Hello Wood Festival de Arquitectura\" data-rel=\"lightbox-gallery-2\"><img loading=\"lazy\" decoding=\"async\" width=\"150\" height=\"150\" src=\"https:\/\/www.arquimaster.com.ar\/web\/wp-content\/uploads\/2018\/03\/hello_wood_04_3-150x150.jpg\" class=\"attachment-thumbnail size-thumbnail\" alt=\"\" aria-describedby=\"gallery-2-29131\" srcset=\"https:\/\/www.arquimaster.com.ar\/web\/wp-content\/uploads\/2018\/03\/hello_wood_04_3-150x150.jpg 150w, https:\/\/www.arquimaster.com.ar\/web\/wp-content\/uploads\/2018\/03\/hello_wood_04_3-50x50.jpg 50w, https:\/\/www.arquimaster.com.ar\/web\/wp-content\/uploads\/2018\/03\/hello_wood_04_3-125x125.jpg 125w\" sizes=\"auto, (max-width: 150px) 100vw, 150px\" \/><\/a>\n\t\t\t<\/div>\n\t\t\t\t<figcaption class='wp-caption-text gallery-caption' id='gallery-2-29131'>\n\t\t\t\tHello Wood Festival de Arquitectura\n\t\t\t\t<\/figcaption><\/figure><figure class='gallery-item'>\n\t\t\t<div class='gallery-icon landscape'>\n\t\t\t\t<a href='https:\/\/www.arquimaster.com.ar\/web\/wp-content\/uploads\/2018\/03\/hello_wood_05_1.jpg' title=\"Hello Wood Festival de Arquitectura\" data-rl_title=\"Hello Wood Festival de Arquitectura\" class=\"rl-gallery-link\" data-rl_caption=\"Hello Wood Festival de Arquitectura\" data-rel=\"lightbox-gallery-2\"><img loading=\"lazy\" decoding=\"async\" width=\"150\" height=\"150\" src=\"https:\/\/www.arquimaster.com.ar\/web\/wp-content\/uploads\/2018\/03\/hello_wood_05_1-150x150.jpg\" class=\"attachment-thumbnail size-thumbnail\" alt=\"\" aria-describedby=\"gallery-2-29132\" srcset=\"https:\/\/www.arquimaster.com.ar\/web\/wp-content\/uploads\/2018\/03\/hello_wood_05_1-150x150.jpg 150w, https:\/\/www.arquimaster.com.ar\/web\/wp-content\/uploads\/2018\/03\/hello_wood_05_1-1024x1024.jpg 1024w, https:\/\/www.arquimaster.com.ar\/web\/wp-content\/uploads\/2018\/03\/hello_wood_05_1-768x768.jpg 768w, https:\/\/www.arquimaster.com.ar\/web\/wp-content\/uploads\/2018\/03\/hello_wood_05_1-50x50.jpg 50w, https:\/\/www.arquimaster.com.ar\/web\/wp-content\/uploads\/2018\/03\/hello_wood_05_1-125x125.jpg 125w, https:\/\/www.arquimaster.com.ar\/web\/wp-content\/uploads\/2018\/03\/hello_wood_05_1.jpg 1200w\" sizes=\"auto, (max-width: 150px) 100vw, 150px\" \/><\/a>\n\t\t\t<\/div>\n\t\t\t\t<figcaption class='wp-caption-text gallery-caption' id='gallery-2-29132'>\n\t\t\t\tHello Wood Festival de Arquitectura\n\t\t\t\t<\/figcaption><\/figure><figure class='gallery-item'>\n\t\t\t<div class='gallery-icon landscape'>\n\t\t\t\t<a href='https:\/\/www.arquimaster.com.ar\/web\/wp-content\/uploads\/2018\/03\/hello_wood_05_3.jpg' title=\"Hello Wood Festival de Arquitectura\" data-rl_title=\"Hello Wood Festival de Arquitectura\" class=\"rl-gallery-link\" data-rl_caption=\"Hello Wood Festival de Arquitectura\" data-rel=\"lightbox-gallery-2\"><img loading=\"lazy\" decoding=\"async\" width=\"150\" height=\"150\" src=\"https:\/\/www.arquimaster.com.ar\/web\/wp-content\/uploads\/2018\/03\/hello_wood_05_3-150x150.jpg\" class=\"attachment-thumbnail size-thumbnail\" alt=\"\" aria-describedby=\"gallery-2-29133\" srcset=\"https:\/\/www.arquimaster.com.ar\/web\/wp-content\/uploads\/2018\/03\/hello_wood_05_3-150x150.jpg 150w, https:\/\/www.arquimaster.com.ar\/web\/wp-content\/uploads\/2018\/03\/hello_wood_05_3-50x50.jpg 50w, https:\/\/www.arquimaster.com.ar\/web\/wp-content\/uploads\/2018\/03\/hello_wood_05_3-125x125.jpg 125w\" sizes=\"auto, (max-width: 150px) 100vw, 150px\" \/><\/a>\n\t\t\t<\/div>\n\t\t\t\t<figcaption class='wp-caption-text gallery-caption' id='gallery-2-29133'>\n\t\t\t\tHello Wood Festival de Arquitectura\n\t\t\t\t<\/figcaption><\/figure><figure class='gallery-item'>\n\t\t\t<div class='gallery-icon landscape'>\n\t\t\t\t<a href='https:\/\/www.arquimaster.com.ar\/web\/wp-content\/uploads\/2018\/03\/hello_wood_06_1.jpg' title=\"Hello Wood Festival de Arquitectura\" data-rl_title=\"Hello Wood Festival de Arquitectura\" class=\"rl-gallery-link\" data-rl_caption=\"Hello Wood Festival de Arquitectura\" data-rel=\"lightbox-gallery-2\"><img loading=\"lazy\" decoding=\"async\" width=\"150\" height=\"150\" src=\"https:\/\/www.arquimaster.com.ar\/web\/wp-content\/uploads\/2018\/03\/hello_wood_06_1-150x150.jpg\" class=\"attachment-thumbnail size-thumbnail\" alt=\"\" aria-describedby=\"gallery-2-29134\" srcset=\"https:\/\/www.arquimaster.com.ar\/web\/wp-content\/uploads\/2018\/03\/hello_wood_06_1-150x150.jpg 150w, https:\/\/www.arquimaster.com.ar\/web\/wp-content\/uploads\/2018\/03\/hello_wood_06_1-1024x1024.jpg 1024w, https:\/\/www.arquimaster.com.ar\/web\/wp-content\/uploads\/2018\/03\/hello_wood_06_1-768x768.jpg 768w, https:\/\/www.arquimaster.com.ar\/web\/wp-content\/uploads\/2018\/03\/hello_wood_06_1-50x50.jpg 50w, https:\/\/www.arquimaster.com.ar\/web\/wp-content\/uploads\/2018\/03\/hello_wood_06_1-125x125.jpg 125w, https:\/\/www.arquimaster.com.ar\/web\/wp-content\/uploads\/2018\/03\/hello_wood_06_1.jpg 1200w\" sizes=\"auto, (max-width: 150px) 100vw, 150px\" \/><\/a>\n\t\t\t<\/div>\n\t\t\t\t<figcaption class='wp-caption-text gallery-caption' id='gallery-2-29134'>\n\t\t\t\tHello Wood Festival de Arquitectura\n\t\t\t\t<\/figcaption><\/figure><figure class='gallery-item'>\n\t\t\t<div class='gallery-icon landscape'>\n\t\t\t\t<a href='https:\/\/www.arquimaster.com.ar\/web\/wp-content\/uploads\/2018\/03\/hello_wood_06_3.jpg' title=\"Hello Wood Festival de Arquitectura\" data-rl_title=\"Hello Wood Festival de Arquitectura\" class=\"rl-gallery-link\" data-rl_caption=\"Hello Wood Festival de Arquitectura\" data-rel=\"lightbox-gallery-2\"><img loading=\"lazy\" decoding=\"async\" width=\"150\" height=\"150\" src=\"https:\/\/www.arquimaster.com.ar\/web\/wp-content\/uploads\/2018\/03\/hello_wood_06_3-150x150.jpg\" class=\"attachment-thumbnail size-thumbnail\" alt=\"\" aria-describedby=\"gallery-2-29135\" srcset=\"https:\/\/www.arquimaster.com.ar\/web\/wp-content\/uploads\/2018\/03\/hello_wood_06_3-150x150.jpg 150w, https:\/\/www.arquimaster.com.ar\/web\/wp-content\/uploads\/2018\/03\/hello_wood_06_3-50x50.jpg 50w, https:\/\/www.arquimaster.com.ar\/web\/wp-content\/uploads\/2018\/03\/hello_wood_06_3-125x125.jpg 125w\" sizes=\"auto, (max-width: 150px) 100vw, 150px\" \/><\/a>\n\t\t\t<\/div>\n\t\t\t\t<figcaption class='wp-caption-text gallery-caption' id='gallery-2-29135'>\n\t\t\t\tHello Wood Festival de Arquitectura\n\t\t\t\t<\/figcaption><\/figure><figure class='gallery-item'>\n\t\t\t<div class='gallery-icon landscape'>\n\t\t\t\t<a href='https:\/\/www.arquimaster.com.ar\/web\/wp-content\/uploads\/2018\/03\/hello_wood_07_1.jpg' title=\"Hello Wood Festival de Arquitectura\" data-rl_title=\"Hello Wood Festival de Arquitectura\" class=\"rl-gallery-link\" data-rl_caption=\"Hello Wood Festival de Arquitectura\" data-rel=\"lightbox-gallery-2\"><img loading=\"lazy\" decoding=\"async\" width=\"150\" height=\"150\" src=\"https:\/\/www.arquimaster.com.ar\/web\/wp-content\/uploads\/2018\/03\/hello_wood_07_1-150x150.jpg\" class=\"attachment-thumbnail size-thumbnail\" alt=\"\" aria-describedby=\"gallery-2-29136\" srcset=\"https:\/\/www.arquimaster.com.ar\/web\/wp-content\/uploads\/2018\/03\/hello_wood_07_1-150x150.jpg 150w, https:\/\/www.arquimaster.com.ar\/web\/wp-content\/uploads\/2018\/03\/hello_wood_07_1-1024x1024.jpg 1024w, https:\/\/www.arquimaster.com.ar\/web\/wp-content\/uploads\/2018\/03\/hello_wood_07_1-768x768.jpg 768w, https:\/\/www.arquimaster.com.ar\/web\/wp-content\/uploads\/2018\/03\/hello_wood_07_1-50x50.jpg 50w, https:\/\/www.arquimaster.com.ar\/web\/wp-content\/uploads\/2018\/03\/hello_wood_07_1-125x125.jpg 125w, https:\/\/www.arquimaster.com.ar\/web\/wp-content\/uploads\/2018\/03\/hello_wood_07_1.jpg 1200w\" sizes=\"auto, (max-width: 150px) 100vw, 150px\" \/><\/a>\n\t\t\t<\/div>\n\t\t\t\t<figcaption class='wp-caption-text gallery-caption' id='gallery-2-29136'>\n\t\t\t\tHello Wood Festival de Arquitectura\n\t\t\t\t<\/figcaption><\/figure><figure class='gallery-item'>\n\t\t\t<div class='gallery-icon landscape'>\n\t\t\t\t<a href='https:\/\/www.arquimaster.com.ar\/web\/wp-content\/uploads\/2018\/03\/hello_wood_07_3.jpg' title=\"Hello Wood Festival de Arquitectura\" data-rl_title=\"Hello Wood Festival de Arquitectura\" class=\"rl-gallery-link\" data-rl_caption=\"Hello Wood Festival de Arquitectura\" data-rel=\"lightbox-gallery-2\"><img loading=\"lazy\" decoding=\"async\" width=\"150\" height=\"150\" src=\"https:\/\/www.arquimaster.com.ar\/web\/wp-content\/uploads\/2018\/03\/hello_wood_07_3-150x150.jpg\" class=\"attachment-thumbnail size-thumbnail\" alt=\"\" aria-describedby=\"gallery-2-29137\" srcset=\"https:\/\/www.arquimaster.com.ar\/web\/wp-content\/uploads\/2018\/03\/hello_wood_07_3-150x150.jpg 150w, https:\/\/www.arquimaster.com.ar\/web\/wp-content\/uploads\/2018\/03\/hello_wood_07_3-50x50.jpg 50w, https:\/\/www.arquimaster.com.ar\/web\/wp-content\/uploads\/2018\/03\/hello_wood_07_3-125x125.jpg 125w\" sizes=\"auto, (max-width: 150px) 100vw, 150px\" \/><\/a>\n\t\t\t<\/div>\n\t\t\t\t<figcaption class='wp-caption-text gallery-caption' id='gallery-2-29137'>\n\t\t\t\tHello Wood Festival de Arquitectura\n\t\t\t\t<\/figcaption><\/figure><figure class='gallery-item'>\n\t\t\t<div class='gallery-icon landscape'>\n\t\t\t\t<a href='https:\/\/www.arquimaster.com.ar\/web\/wp-content\/uploads\/2018\/03\/hello_wood_08_1.jpg' title=\"Hello Wood Festival de Arquitectura\" data-rl_title=\"Hello Wood Festival de Arquitectura\" class=\"rl-gallery-link\" data-rl_caption=\"Hello Wood Festival de Arquitectura\" data-rel=\"lightbox-gallery-2\"><img loading=\"lazy\" decoding=\"async\" width=\"150\" height=\"150\" src=\"https:\/\/www.arquimaster.com.ar\/web\/wp-content\/uploads\/2018\/03\/hello_wood_08_1-150x150.jpg\" class=\"attachment-thumbnail size-thumbnail\" alt=\"\" aria-describedby=\"gallery-2-29138\" srcset=\"https:\/\/www.arquimaster.com.ar\/web\/wp-content\/uploads\/2018\/03\/hello_wood_08_1-150x150.jpg 150w, https:\/\/www.arquimaster.com.ar\/web\/wp-content\/uploads\/2018\/03\/hello_wood_08_1-1024x1024.jpg 1024w, https:\/\/www.arquimaster.com.ar\/web\/wp-content\/uploads\/2018\/03\/hello_wood_08_1-768x768.jpg 768w, https:\/\/www.arquimaster.com.ar\/web\/wp-content\/uploads\/2018\/03\/hello_wood_08_1-50x50.jpg 50w, https:\/\/www.arquimaster.com.ar\/web\/wp-content\/uploads\/2018\/03\/hello_wood_08_1-125x125.jpg 125w, https:\/\/www.arquimaster.com.ar\/web\/wp-content\/uploads\/2018\/03\/hello_wood_08_1.jpg 1200w\" sizes=\"auto, (max-width: 150px) 100vw, 150px\" \/><\/a>\n\t\t\t<\/div>\n\t\t\t\t<figcaption class='wp-caption-text gallery-caption' id='gallery-2-29138'>\n\t\t\t\tHello Wood Festival de Arquitectura\n\t\t\t\t<\/figcaption><\/figure><figure class='gallery-item'>\n\t\t\t<div class='gallery-icon landscape'>\n\t\t\t\t<a href='https:\/\/www.arquimaster.com.ar\/web\/wp-content\/uploads\/2018\/03\/hello_wood_08_3.jpg' title=\"Hello Wood Festival de Arquitectura\" data-rl_title=\"Hello Wood Festival de Arquitectura\" class=\"rl-gallery-link\" data-rl_caption=\"Hello Wood Festival de Arquitectura\" data-rel=\"lightbox-gallery-2\"><img loading=\"lazy\" decoding=\"async\" width=\"150\" height=\"150\" src=\"https:\/\/www.arquimaster.com.ar\/web\/wp-content\/uploads\/2018\/03\/hello_wood_08_3-150x150.jpg\" class=\"attachment-thumbnail size-thumbnail\" alt=\"\" aria-describedby=\"gallery-2-29139\" srcset=\"https:\/\/www.arquimaster.com.ar\/web\/wp-content\/uploads\/2018\/03\/hello_wood_08_3-150x150.jpg 150w, https:\/\/www.arquimaster.com.ar\/web\/wp-content\/uploads\/2018\/03\/hello_wood_08_3-50x50.jpg 50w, https:\/\/www.arquimaster.com.ar\/web\/wp-content\/uploads\/2018\/03\/hello_wood_08_3-125x125.jpg 125w\" sizes=\"auto, (max-width: 150px) 100vw, 150px\" \/><\/a>\n\t\t\t<\/div>\n\t\t\t\t<figcaption class='wp-caption-text gallery-caption' id='gallery-2-29139'>\n\t\t\t\tHello Wood Festival de Arquitectura\n\t\t\t\t<\/figcaption><\/figure><figure class='gallery-item'>\n\t\t\t<div class='gallery-icon landscape'>\n\t\t\t\t<a href='https:\/\/www.arquimaster.com.ar\/web\/wp-content\/uploads\/2018\/03\/hello_wood_09_1.jpg' title=\"Hello Wood Festival de Arquitectura\" data-rl_title=\"Hello Wood Festival de Arquitectura\" class=\"rl-gallery-link\" data-rl_caption=\"Hello Wood Festival de Arquitectura\" data-rel=\"lightbox-gallery-2\"><img loading=\"lazy\" decoding=\"async\" width=\"150\" height=\"150\" src=\"https:\/\/www.arquimaster.com.ar\/web\/wp-content\/uploads\/2018\/03\/hello_wood_09_1-150x150.jpg\" class=\"attachment-thumbnail size-thumbnail\" alt=\"\" aria-describedby=\"gallery-2-29140\" srcset=\"https:\/\/www.arquimaster.com.ar\/web\/wp-content\/uploads\/2018\/03\/hello_wood_09_1-150x150.jpg 150w, https:\/\/www.arquimaster.com.ar\/web\/wp-content\/uploads\/2018\/03\/hello_wood_09_1-50x50.jpg 50w, https:\/\/www.arquimaster.com.ar\/web\/wp-content\/uploads\/2018\/03\/hello_wood_09_1-125x125.jpg 125w\" sizes=\"auto, (max-width: 150px) 100vw, 150px\" \/><\/a>\n\t\t\t<\/div>\n\t\t\t\t<figcaption class='wp-caption-text gallery-caption' id='gallery-2-29140'>\n\t\t\t\tHello Wood Festival de Arquitectura\n\t\t\t\t<\/figcaption><\/figure><figure class='gallery-item'>\n\t\t\t<div class='gallery-icon landscape'>\n\t\t\t\t<a href='https:\/\/www.arquimaster.com.ar\/web\/wp-content\/uploads\/2018\/03\/hello_wood_09_2.jpg' title=\"Hello Wood Festival de Arquitectura\" data-rl_title=\"Hello Wood Festival de Arquitectura\" class=\"rl-gallery-link\" data-rl_caption=\"Hello Wood Festival de Arquitectura\" data-rel=\"lightbox-gallery-2\"><img loading=\"lazy\" decoding=\"async\" width=\"150\" height=\"150\" src=\"https:\/\/www.arquimaster.com.ar\/web\/wp-content\/uploads\/2018\/03\/hello_wood_09_2-150x150.jpg\" class=\"attachment-thumbnail size-thumbnail\" alt=\"\" aria-describedby=\"gallery-2-29141\" srcset=\"https:\/\/www.arquimaster.com.ar\/web\/wp-content\/uploads\/2018\/03\/hello_wood_09_2-150x150.jpg 150w, https:\/\/www.arquimaster.com.ar\/web\/wp-content\/uploads\/2018\/03\/hello_wood_09_2-50x50.jpg 50w, https:\/\/www.arquimaster.com.ar\/web\/wp-content\/uploads\/2018\/03\/hello_wood_09_2-125x125.jpg 125w\" sizes=\"auto, (max-width: 150px) 100vw, 150px\" \/><\/a>\n\t\t\t<\/div>\n\t\t\t\t<figcaption class='wp-caption-text gallery-caption' id='gallery-2-29141'>\n\t\t\t\tHello Wood Festival de Arquitectura\n\t\t\t\t<\/figcaption><\/figure><figure class='gallery-item'>\n\t\t\t<div class='gallery-icon landscape'>\n\t\t\t\t<a href='https:\/\/www.arquimaster.com.ar\/web\/wp-content\/uploads\/2018\/03\/hello_wood_10_1.jpg' title=\"Hello Wood Festival de Arquitectura\" data-rl_title=\"Hello Wood Festival de Arquitectura\" class=\"rl-gallery-link\" data-rl_caption=\"Hello Wood Festival de Arquitectura\" data-rel=\"lightbox-gallery-2\"><img loading=\"lazy\" decoding=\"async\" width=\"150\" height=\"150\" src=\"https:\/\/www.arquimaster.com.ar\/web\/wp-content\/uploads\/2018\/03\/hello_wood_10_1-150x150.jpg\" class=\"attachment-thumbnail size-thumbnail\" alt=\"\" aria-describedby=\"gallery-2-29142\" srcset=\"https:\/\/www.arquimaster.com.ar\/web\/wp-content\/uploads\/2018\/03\/hello_wood_10_1-150x150.jpg 150w, https:\/\/www.arquimaster.com.ar\/web\/wp-content\/uploads\/2018\/03\/hello_wood_10_1-50x50.jpg 50w, https:\/\/www.arquimaster.com.ar\/web\/wp-content\/uploads\/2018\/03\/hello_wood_10_1-125x125.jpg 125w\" sizes=\"auto, (max-width: 150px) 100vw, 150px\" \/><\/a>\n\t\t\t<\/div>\n\t\t\t\t<figcaption class='wp-caption-text gallery-caption' id='gallery-2-29142'>\n\t\t\t\tHello Wood Festival de Arquitectura\n\t\t\t\t<\/figcaption><\/figure><figure class='gallery-item'>\n\t\t\t<div class='gallery-icon landscape'>\n\t\t\t\t<a href='https:\/\/www.arquimaster.com.ar\/web\/wp-content\/uploads\/2018\/03\/hello_wood_10_2.jpg' title=\"Hello Wood Festival de Arquitectura\" data-rl_title=\"Hello Wood Festival de Arquitectura\" class=\"rl-gallery-link\" data-rl_caption=\"Hello Wood Festival de Arquitectura\" data-rel=\"lightbox-gallery-2\"><img loading=\"lazy\" decoding=\"async\" width=\"150\" height=\"150\" src=\"https:\/\/www.arquimaster.com.ar\/web\/wp-content\/uploads\/2018\/03\/hello_wood_10_2-150x150.jpg\" class=\"attachment-thumbnail size-thumbnail\" alt=\"\" aria-describedby=\"gallery-2-29112\" srcset=\"https:\/\/www.arquimaster.com.ar\/web\/wp-content\/uploads\/2018\/03\/hello_wood_10_2-150x150.jpg 150w, https:\/\/www.arquimaster.com.ar\/web\/wp-content\/uploads\/2018\/03\/hello_wood_10_2-50x50.jpg 50w, https:\/\/www.arquimaster.com.ar\/web\/wp-content\/uploads\/2018\/03\/hello_wood_10_2-125x125.jpg 125w\" sizes=\"auto, (max-width: 150px) 100vw, 150px\" \/><\/a>\n\t\t\t<\/div>\n\t\t\t\t<figcaption class='wp-caption-text gallery-caption' id='gallery-2-29112'>\n\t\t\t\tHello Wood Festival de Arquitectura\n\t\t\t\t<\/figcaption><\/figure>\n\t\t<\/div>\n\n<p><strong>Acerca de HELLO WOOD<\/strong><br \/>\nEste festival propone el acercamiento de los estudiantes a la construcci\u00f3n, fomentando la interacci\u00f3n entre estudiantes y profesionales creando un v\u00ednculo de comunidad y compromiso social. Hello Wood integra diversos campos de la arquitectura, el dise\u00f1o y la ciencia; construye comunidad y fomenta talento. Todos los proyectos son compartidos, desarrollados y construidos en un proceso de colaboraci\u00f3n. Los estudiantes de diversos campos e instituciones trabajan en conjunto con profesionales y acad\u00e9micos.<\/p>\n\n<div style=\"font-size: 0px; height: 0px; line-height: 0px; margin: 0; padding: 0; clear: both;\"><\/div><div style=\"margin-top: 0px; margin-bottom: 0px;\" class=\"sharethis-inline-share-buttons\" ><\/div>","protected":false},"excerpt":{"rendered":"<p>Compa\u00f1\u00eda l\u00edder en soluciones y productos a base de madera&#8230;<\/p>\n","protected":false},"author":1,"featured_media":29113,"comment_status":"closed","ping_status":"closed","sticky":false,"template":"","format":"standard","meta":{"_uag_custom_page_level_css":"","footnotes":""},"categories":[40,41],"tags":[4464,4468,4465,4467,4096,701,47,1345,4463,4466],"class_list":["post-29111","post","type-post","status-publish","format-standard","has-post-thumbnail","hentry","category-construccion","category-materiales-tecnologias","tag-egger","tag-egger-dhf","tag-egger-group","tag-egger-osb","tag-hello-wood","tag-madera","tag-materiales-de-construccion","tag-osb","tag-tableros","tag-tableros-osb","generate-columns","tablet-grid-50","mobile-grid-100","grid-parent","grid-50"],"yoast_head":"<!-- This site is optimized with the Yoast SEO plugin v27.3 - https:\/\/yoast.com\/product\/yoast-seo-wordpress\/ -->\n<title>EGGER presenta en el pa\u00eds sus tableros de OSB - Arquimaster<\/title>\n<meta name=\"robots\" content=\"index, follow, max-snippet:-1, max-image-preview:large, max-video-preview:-1\" \/>\n<link rel=\"canonical\" href=\"https:\/\/www.arquimaster.com.ar\/web\/egger-presenta-en-el-pais-sus-tableros-de-osb\/\" \/>\n<meta property=\"og:locale\" content=\"es_ES\" \/>\n<meta property=\"og:type\" content=\"article\" \/>\n<meta property=\"og:title\" content=\"EGGER presenta en el pa\u00eds sus tableros de OSB - Arquimaster\" \/>\n<meta property=\"og:description\" content=\"Compa\u00f1\u00eda l\u00edder en soluciones y productos a base de madera...\" \/>\n<meta property=\"og:url\" content=\"https:\/\/www.arquimaster.com.ar\/web\/egger-presenta-en-el-pais-sus-tableros-de-osb\/\" \/>\n<meta property=\"og:site_name\" content=\"Arquimaster\" \/>\n<meta property=\"article:publisher\" content=\"http:\/\/www.facebook.com\/ARQUIMASTER.com.ar\" \/>\n<meta property=\"article:published_time\" content=\"2018-03-10T10:16:36+00:00\" \/>\n<meta property=\"article:modified_time\" content=\"2025-10-09T20:00:11+00:00\" \/>\n<meta property=\"og:image\" content=\"https:\/\/www.arquimaster.com.ar\/web\/wp-content\/uploads\/2018\/03\/egger_tableros_osb_slide.jpg\" \/>\n\t<meta property=\"og:image:width\" content=\"642\" \/>\n\t<meta property=\"og:image:height\" content=\"336\" \/>\n\t<meta property=\"og:image:type\" content=\"image\/jpeg\" \/>\n<meta name=\"author\" content=\"Arquimaster\" \/>\n<meta name=\"twitter:card\" content=\"summary_large_image\" \/>\n<meta name=\"twitter:creator\" content=\"@arquimaster\" \/>\n<meta name=\"twitter:site\" content=\"@arquimaster\" \/>\n<meta name=\"twitter:label1\" content=\"Escrito por\" \/>\n\t<meta name=\"twitter:data1\" content=\"Arquimaster\" \/>\n\t<meta name=\"twitter:label2\" content=\"Tiempo de lectura\" \/>\n\t<meta name=\"twitter:data2\" content=\"4 minutos\" \/>\n<script type=\"application\/ld+json\" class=\"yoast-schema-graph\">{\"@context\":\"https:\\\/\\\/schema.org\",\"@graph\":[{\"@type\":\"Article\",\"@id\":\"https:\\\/\\\/www.arquimaster.com.ar\\\/web\\\/egger-presenta-en-el-pais-sus-tableros-de-osb\\\/#article\",\"isPartOf\":{\"@id\":\"https:\\\/\\\/www.arquimaster.com.ar\\\/web\\\/egger-presenta-en-el-pais-sus-tableros-de-osb\\\/\"},\"author\":{\"name\":\"Arquimaster\",\"@id\":\"https:\\\/\\\/www.arquimaster.com.ar\\\/web\\\/#\\\/schema\\\/person\\\/359e9f7c00193fcde068e0dd2ceb0028\"},\"headline\":\"EGGER presenta en el pa\u00eds sus tableros de OSB\",\"datePublished\":\"2018-03-10T10:16:36+00:00\",\"dateModified\":\"2025-10-09T20:00:11+00:00\",\"mainEntityOfPage\":{\"@id\":\"https:\\\/\\\/www.arquimaster.com.ar\\\/web\\\/egger-presenta-en-el-pais-sus-tableros-de-osb\\\/\"},\"wordCount\":681,\"publisher\":{\"@id\":\"https:\\\/\\\/www.arquimaster.com.ar\\\/web\\\/#organization\"},\"image\":{\"@id\":\"https:\\\/\\\/www.arquimaster.com.ar\\\/web\\\/egger-presenta-en-el-pais-sus-tableros-de-osb\\\/#primaryimage\"},\"thumbnailUrl\":\"https:\\\/\\\/www.arquimaster.com.ar\\\/web\\\/wp-content\\\/uploads\\\/2018\\\/03\\\/egger_tableros_osb_slide.jpg\",\"keywords\":[\"Egger\",\"Egger DHF\",\"Egger Group\",\"Egger OSB\",\"Hello Wood\",\"madera\",\"materiales de construccion\",\"OSB\",\"tableros\",\"tableros OSB\"],\"articleSection\":[\"Construccion\",\"Materiales y tecnologias\"],\"inLanguage\":\"es\"},{\"@type\":\"WebPage\",\"@id\":\"https:\\\/\\\/www.arquimaster.com.ar\\\/web\\\/egger-presenta-en-el-pais-sus-tableros-de-osb\\\/\",\"url\":\"https:\\\/\\\/www.arquimaster.com.ar\\\/web\\\/egger-presenta-en-el-pais-sus-tableros-de-osb\\\/\",\"name\":\"EGGER presenta en el pa\u00eds sus tableros de OSB - Arquimaster\",\"isPartOf\":{\"@id\":\"https:\\\/\\\/www.arquimaster.com.ar\\\/web\\\/#website\"},\"primaryImageOfPage\":{\"@id\":\"https:\\\/\\\/www.arquimaster.com.ar\\\/web\\\/egger-presenta-en-el-pais-sus-tableros-de-osb\\\/#primaryimage\"},\"image\":{\"@id\":\"https:\\\/\\\/www.arquimaster.com.ar\\\/web\\\/egger-presenta-en-el-pais-sus-tableros-de-osb\\\/#primaryimage\"},\"thumbnailUrl\":\"https:\\\/\\\/www.arquimaster.com.ar\\\/web\\\/wp-content\\\/uploads\\\/2018\\\/03\\\/egger_tableros_osb_slide.jpg\",\"datePublished\":\"2018-03-10T10:16:36+00:00\",\"dateModified\":\"2025-10-09T20:00:11+00:00\",\"breadcrumb\":{\"@id\":\"https:\\\/\\\/www.arquimaster.com.ar\\\/web\\\/egger-presenta-en-el-pais-sus-tableros-de-osb\\\/#breadcrumb\"},\"inLanguage\":\"es\",\"potentialAction\":[{\"@type\":\"ReadAction\",\"target\":[\"https:\\\/\\\/www.arquimaster.com.ar\\\/web\\\/egger-presenta-en-el-pais-sus-tableros-de-osb\\\/\"]}]},{\"@type\":\"ImageObject\",\"inLanguage\":\"es\",\"@id\":\"https:\\\/\\\/www.arquimaster.com.ar\\\/web\\\/egger-presenta-en-el-pais-sus-tableros-de-osb\\\/#primaryimage\",\"url\":\"https:\\\/\\\/www.arquimaster.com.ar\\\/web\\\/wp-content\\\/uploads\\\/2018\\\/03\\\/egger_tableros_osb_slide.jpg\",\"contentUrl\":\"https:\\\/\\\/www.arquimaster.com.ar\\\/web\\\/wp-content\\\/uploads\\\/2018\\\/03\\\/egger_tableros_osb_slide.jpg\",\"width\":642,\"height\":336},{\"@type\":\"BreadcrumbList\",\"@id\":\"https:\\\/\\\/www.arquimaster.com.ar\\\/web\\\/egger-presenta-en-el-pais-sus-tableros-de-osb\\\/#breadcrumb\",\"itemListElement\":[{\"@type\":\"ListItem\",\"position\":1,\"name\":\"Portada\",\"item\":\"https:\\\/\\\/www.arquimaster.com.ar\\\/web\\\/\"},{\"@type\":\"ListItem\",\"position\":2,\"name\":\"EGGER presenta en el pa\u00eds sus tableros de OSB\"}]},{\"@type\":\"WebSite\",\"@id\":\"https:\\\/\\\/www.arquimaster.com.ar\\\/web\\\/#website\",\"url\":\"https:\\\/\\\/www.arquimaster.com.ar\\\/web\\\/\",\"name\":\"Arquimaster\",\"description\":\"Web de arquitectura, dise\u00f1o y construccion\",\"publisher\":{\"@id\":\"https:\\\/\\\/www.arquimaster.com.ar\\\/web\\\/#organization\"},\"potentialAction\":[{\"@type\":\"SearchAction\",\"target\":{\"@type\":\"EntryPoint\",\"urlTemplate\":\"https:\\\/\\\/www.arquimaster.com.ar\\\/web\\\/?s={search_term_string}\"},\"query-input\":{\"@type\":\"PropertyValueSpecification\",\"valueRequired\":true,\"valueName\":\"search_term_string\"}}],\"inLanguage\":\"es\"},{\"@type\":\"Organization\",\"@id\":\"https:\\\/\\\/www.arquimaster.com.ar\\\/web\\\/#organization\",\"name\":\"Arquimaster\",\"url\":\"https:\\\/\\\/www.arquimaster.com.ar\\\/web\\\/\",\"logo\":{\"@type\":\"ImageObject\",\"inLanguage\":\"es\",\"@id\":\"https:\\\/\\\/www.arquimaster.com.ar\\\/web\\\/#\\\/schema\\\/logo\\\/image\\\/\",\"url\":\"https:\\\/\\\/www.arquimaster.com.ar\\\/web\\\/wp-content\\\/uploads\\\/2022\\\/06\\\/arquimaster.png\",\"contentUrl\":\"https:\\\/\\\/www.arquimaster.com.ar\\\/web\\\/wp-content\\\/uploads\\\/2022\\\/06\\\/arquimaster.png\",\"width\":594,\"height\":78,\"caption\":\"Arquimaster\"},\"image\":{\"@id\":\"https:\\\/\\\/www.arquimaster.com.ar\\\/web\\\/#\\\/schema\\\/logo\\\/image\\\/\"},\"sameAs\":[\"http:\\\/\\\/www.facebook.com\\\/ARQUIMASTER.com.ar\",\"https:\\\/\\\/x.com\\\/arquimaster\",\"https:\\\/\\\/www.instagram.com\\\/arquimasterblog\\\/\",\"https:\\\/\\\/www.linkedin.com\\\/company\\\/arquimaster\",\"https:\\\/\\\/www.pinterest.com\\\/arquimaster\",\"https:\\\/\\\/t.me\\\/arquimaster\"]},{\"@type\":\"Person\",\"@id\":\"https:\\\/\\\/www.arquimaster.com.ar\\\/web\\\/#\\\/schema\\\/person\\\/359e9f7c00193fcde068e0dd2ceb0028\",\"name\":\"Arquimaster\"}]}<\/script>\n<!-- \/ Yoast SEO plugin. -->","yoast_head_json":{"title":"EGGER presenta en el pa\u00eds sus tableros de OSB - Arquimaster","robots":{"index":"index","follow":"follow","max-snippet":"max-snippet:-1","max-image-preview":"max-image-preview:large","max-video-preview":"max-video-preview:-1"},"canonical":"https:\/\/www.arquimaster.com.ar\/web\/egger-presenta-en-el-pais-sus-tableros-de-osb\/","og_locale":"es_ES","og_type":"article","og_title":"EGGER presenta en el pa\u00eds sus tableros de OSB - Arquimaster","og_description":"Compa\u00f1\u00eda l\u00edder en soluciones y productos a base de madera...","og_url":"https:\/\/www.arquimaster.com.ar\/web\/egger-presenta-en-el-pais-sus-tableros-de-osb\/","og_site_name":"Arquimaster","article_publisher":"http:\/\/www.facebook.com\/ARQUIMASTER.com.ar","article_published_time":"2018-03-10T10:16:36+00:00","article_modified_time":"2025-10-09T20:00:11+00:00","og_image":[{"width":642,"height":336,"url":"https:\/\/www.arquimaster.com.ar\/web\/wp-content\/uploads\/2018\/03\/egger_tableros_osb_slide.jpg","type":"image\/jpeg"}],"author":"Arquimaster","twitter_card":"summary_large_image","twitter_creator":"@arquimaster","twitter_site":"@arquimaster","twitter_misc":{"Escrito por":"Arquimaster","Tiempo de lectura":"4 minutos"},"schema":{"@context":"https:\/\/schema.org","@graph":[{"@type":"Article","@id":"https:\/\/www.arquimaster.com.ar\/web\/egger-presenta-en-el-pais-sus-tableros-de-osb\/#article","isPartOf":{"@id":"https:\/\/www.arquimaster.com.ar\/web\/egger-presenta-en-el-pais-sus-tableros-de-osb\/"},"author":{"name":"Arquimaster","@id":"https:\/\/www.arquimaster.com.ar\/web\/#\/schema\/person\/359e9f7c00193fcde068e0dd2ceb0028"},"headline":"EGGER presenta en el pa\u00eds sus tableros de OSB","datePublished":"2018-03-10T10:16:36+00:00","dateModified":"2025-10-09T20:00:11+00:00","mainEntityOfPage":{"@id":"https:\/\/www.arquimaster.com.ar\/web\/egger-presenta-en-el-pais-sus-tableros-de-osb\/"},"wordCount":681,"publisher":{"@id":"https:\/\/www.arquimaster.com.ar\/web\/#organization"},"image":{"@id":"https:\/\/www.arquimaster.com.ar\/web\/egger-presenta-en-el-pais-sus-tableros-de-osb\/#primaryimage"},"thumbnailUrl":"https:\/\/www.arquimaster.com.ar\/web\/wp-content\/uploads\/2018\/03\/egger_tableros_osb_slide.jpg","keywords":["Egger","Egger DHF","Egger Group","Egger OSB","Hello Wood","madera","materiales de construccion","OSB","tableros","tableros OSB"],"articleSection":["Construccion","Materiales y tecnologias"],"inLanguage":"es"},{"@type":"WebPage","@id":"https:\/\/www.arquimaster.com.ar\/web\/egger-presenta-en-el-pais-sus-tableros-de-osb\/","url":"https:\/\/www.arquimaster.com.ar\/web\/egger-presenta-en-el-pais-sus-tableros-de-osb\/","name":"EGGER presenta en el pa\u00eds sus tableros de OSB - Arquimaster","isPartOf":{"@id":"https:\/\/www.arquimaster.com.ar\/web\/#website"},"primaryImageOfPage":{"@id":"https:\/\/www.arquimaster.com.ar\/web\/egger-presenta-en-el-pais-sus-tableros-de-osb\/#primaryimage"},"image":{"@id":"https:\/\/www.arquimaster.com.ar\/web\/egger-presenta-en-el-pais-sus-tableros-de-osb\/#primaryimage"},"thumbnailUrl":"https:\/\/www.arquimaster.com.ar\/web\/wp-content\/uploads\/2018\/03\/egger_tableros_osb_slide.jpg","datePublished":"2018-03-10T10:16:36+00:00","dateModified":"2025-10-09T20:00:11+00:00","breadcrumb":{"@id":"https:\/\/www.arquimaster.com.ar\/web\/egger-presenta-en-el-pais-sus-tableros-de-osb\/#breadcrumb"},"inLanguage":"es","potentialAction":[{"@type":"ReadAction","target":["https:\/\/www.arquimaster.com.ar\/web\/egger-presenta-en-el-pais-sus-tableros-de-osb\/"]}]},{"@type":"ImageObject","inLanguage":"es","@id":"https:\/\/www.arquimaster.com.ar\/web\/egger-presenta-en-el-pais-sus-tableros-de-osb\/#primaryimage","url":"https:\/\/www.arquimaster.com.ar\/web\/wp-content\/uploads\/2018\/03\/egger_tableros_osb_slide.jpg","contentUrl":"https:\/\/www.arquimaster.com.ar\/web\/wp-content\/uploads\/2018\/03\/egger_tableros_osb_slide.jpg","width":642,"height":336},{"@type":"BreadcrumbList","@id":"https:\/\/www.arquimaster.com.ar\/web\/egger-presenta-en-el-pais-sus-tableros-de-osb\/#breadcrumb","itemListElement":[{"@type":"ListItem","position":1,"name":"Portada","item":"https:\/\/www.arquimaster.com.ar\/web\/"},{"@type":"ListItem","position":2,"name":"EGGER presenta en el pa\u00eds sus tableros de OSB"}]},{"@type":"WebSite","@id":"https:\/\/www.arquimaster.com.ar\/web\/#website","url":"https:\/\/www.arquimaster.com.ar\/web\/","name":"Arquimaster","description":"Web de arquitectura, dise\u00f1o y construccion","publisher":{"@id":"https:\/\/www.arquimaster.com.ar\/web\/#organization"},"potentialAction":[{"@type":"SearchAction","target":{"@type":"EntryPoint","urlTemplate":"https:\/\/www.arquimaster.com.ar\/web\/?s={search_term_string}"},"query-input":{"@type":"PropertyValueSpecification","valueRequired":true,"valueName":"search_term_string"}}],"inLanguage":"es"},{"@type":"Organization","@id":"https:\/\/www.arquimaster.com.ar\/web\/#organization","name":"Arquimaster","url":"https:\/\/www.arquimaster.com.ar\/web\/","logo":{"@type":"ImageObject","inLanguage":"es","@id":"https:\/\/www.arquimaster.com.ar\/web\/#\/schema\/logo\/image\/","url":"https:\/\/www.arquimaster.com.ar\/web\/wp-content\/uploads\/2022\/06\/arquimaster.png","contentUrl":"https:\/\/www.arquimaster.com.ar\/web\/wp-content\/uploads\/2022\/06\/arquimaster.png","width":594,"height":78,"caption":"Arquimaster"},"image":{"@id":"https:\/\/www.arquimaster.com.ar\/web\/#\/schema\/logo\/image\/"},"sameAs":["http:\/\/www.facebook.com\/ARQUIMASTER.com.ar","https:\/\/x.com\/arquimaster","https:\/\/www.instagram.com\/arquimasterblog\/","https:\/\/www.linkedin.com\/company\/arquimaster","https:\/\/www.pinterest.com\/arquimaster","https:\/\/t.me\/arquimaster"]},{"@type":"Person","@id":"https:\/\/www.arquimaster.com.ar\/web\/#\/schema\/person\/359e9f7c00193fcde068e0dd2ceb0028","name":"Arquimaster"}]}},"uagb_featured_image_src":{"full":["https:\/\/www.arquimaster.com.ar\/web\/wp-content\/uploads\/2018\/03\/egger_tableros_osb_slide.jpg",642,336,false],"thumbnail":["https:\/\/www.arquimaster.com.ar\/web\/wp-content\/uploads\/2018\/03\/egger_tableros_osb_slide-150x150.jpg",150,150,true],"medium":["https:\/\/www.arquimaster.com.ar\/web\/wp-content\/uploads\/2018\/03\/egger_tableros_osb_slide.jpg",642,336,false],"medium_large":["https:\/\/www.arquimaster.com.ar\/web\/wp-content\/uploads\/2018\/03\/egger_tableros_osb_slide.jpg",642,336,false],"large":["https:\/\/www.arquimaster.com.ar\/web\/wp-content\/uploads\/2018\/03\/egger_tableros_osb_slide.jpg",642,336,false],"1536x1536":["https:\/\/www.arquimaster.com.ar\/web\/wp-content\/uploads\/2018\/03\/egger_tableros_osb_slide.jpg",642,336,false],"2048x2048":["https:\/\/www.arquimaster.com.ar\/web\/wp-content\/uploads\/2018\/03\/egger_tableros_osb_slide.jpg",642,336,false]},"uagb_author_info":{"display_name":"Arquimaster","author_link":"https:\/\/www.arquimaster.com.ar\/web\/author\/arquimaster\/"},"uagb_comment_info":0,"uagb_excerpt":"Compa\u00f1\u00eda l\u00edder en soluciones y productos a base de madera...","_links":{"self":[{"href":"https:\/\/www.arquimaster.com.ar\/web\/wp-json\/wp\/v2\/posts\/29111","targetHints":{"allow":["GET"]}}],"collection":[{"href":"https:\/\/www.arquimaster.com.ar\/web\/wp-json\/wp\/v2\/posts"}],"about":[{"href":"https:\/\/www.arquimaster.com.ar\/web\/wp-json\/wp\/v2\/types\/post"}],"author":[{"embeddable":true,"href":"https:\/\/www.arquimaster.com.ar\/web\/wp-json\/wp\/v2\/users\/1"}],"replies":[{"embeddable":true,"href":"https:\/\/www.arquimaster.com.ar\/web\/wp-json\/wp\/v2\/comments?post=29111"}],"version-history":[{"count":1,"href":"https:\/\/www.arquimaster.com.ar\/web\/wp-json\/wp\/v2\/posts\/29111\/revisions"}],"predecessor-version":[{"id":85997,"href":"https:\/\/www.arquimaster.com.ar\/web\/wp-json\/wp\/v2\/posts\/29111\/revisions\/85997"}],"wp:featuredmedia":[{"embeddable":true,"href":"https:\/\/www.arquimaster.com.ar\/web\/wp-json\/wp\/v2\/media\/29113"}],"wp:attachment":[{"href":"https:\/\/www.arquimaster.com.ar\/web\/wp-json\/wp\/v2\/media?parent=29111"}],"wp:term":[{"taxonomy":"category","embeddable":true,"href":"https:\/\/www.arquimaster.com.ar\/web\/wp-json\/wp\/v2\/categories?post=29111"},{"taxonomy":"post_tag","embeddable":true,"href":"https:\/\/www.arquimaster.com.ar\/web\/wp-json\/wp\/v2\/tags?post=29111"}],"curies":[{"name":"wp","href":"https:\/\/api.w.org\/{rel}","templated":true}]}}