{"id":29322,"date":"2018-03-22T19:51:26","date_gmt":"2018-03-22T19:51:26","guid":{"rendered":"http:\/\/www.arquimaster.com.ar\/web\/?p=29322"},"modified":"2018-03-25T23:12:04","modified_gmt":"2018-03-25T23:12:04","slug":"vivienda-lcp61-gassmann-gonzalez-vieta-mieres","status":"publish","type":"post","link":"https:\/\/www.arquimaster.com.ar\/web\/vivienda-lcp61-gassmann-gonzalez-vieta-mieres\/","title":{"rendered":"Vivienda LCP61 \/ Gassmann, Gonzalez Vieta, Mieres"},"content":{"rendered":"<div style=\"margin-top: 0px; margin-bottom: 0px;\" class=\"sharethis-inline-share-buttons\" ><\/div><div class=\"b812932af2e751442846f039925109de\" data-index=\"1\" style=\"float: none; margin:25px 0 25px 0; text-align:center;\">\n<script async src=\"https:\/\/pagead2.googlesyndication.com\/pagead\/js\/adsbygoogle.js\"><\/script>\r\n<!-- Arquimaster (superior) -->\r\n<ins class=\"adsbygoogle\"\r\n     style=\"display:block\"\r\n     data-ad-client=\"ca-pub-6351072698456832\"\r\n     data-ad-slot=\"6455489680\"\r\n     data-ad-format=\"auto\"\r\n     data-full-width-responsive=\"true\"><\/ins>\r\n<script>\r\n     (adsbygoogle = window.adsbygoogle || []).push({});\r\n<\/script>\n<\/div>\n<p><strong>Vivienda Unifamiliar LCP61<\/strong> (Barrio Cerrado La Ca\u00f1ada del Pilar, Buenos Aires) por Arquitectos <strong>Belen Gassmann, Patricio Gonzalez Vieta, Nicolas Mieres<\/strong>. Esta vivienda ubicada en un barrio cerrado en las afueras de Buenos Aires (Pilar), sobre un lote de geometr\u00eda irregular, fuerte proporci\u00f3n longitudinal, y buenas visuales hacia una expansi\u00f3n verde sobre el fondo del mismo; se propone distanciar a los propietarios de sus agitadas profesiones, lentificando los rituales de la vida cotidiana, permitiendo que la presencia de la naturaleza empape cada actividad.<\/p>\n<div id='gallery-1' class='gallery galleryid-29322 gallery-columns-3 gallery-size-thumbnail'><figure class='gallery-item'>\n\t\t\t<div class='gallery-icon landscape'>\n\t\t\t\t<a href='https:\/\/www.arquimaster.com.ar\/web\/wp-content\/uploads\/2018\/03\/vivienda_lcp61_1.jpg' title=\"Vivienda LCP61 \/ Gassmann, Gonzalez Vieta, Mieres\" data-rl_title=\"Vivienda LCP61 \/ Gassmann, Gonzalez Vieta, Mieres\" class=\"rl-gallery-link\" data-rl_caption=\"Vivienda LCP61 \/ Gassmann, Gonzalez Vieta, Mieres\" data-rel=\"lightbox-gallery-1\"><img loading=\"lazy\" decoding=\"async\" width=\"150\" height=\"150\" src=\"https:\/\/www.arquimaster.com.ar\/web\/wp-content\/uploads\/2018\/03\/vivienda_lcp61_1-150x150.jpg\" class=\"attachment-thumbnail size-thumbnail\" alt=\"\" aria-describedby=\"gallery-1-29323\" srcset=\"https:\/\/www.arquimaster.com.ar\/web\/wp-content\/uploads\/2018\/03\/vivienda_lcp61_1-150x150.jpg 150w, https:\/\/www.arquimaster.com.ar\/web\/wp-content\/uploads\/2018\/03\/vivienda_lcp61_1-50x50.jpg 50w, https:\/\/www.arquimaster.com.ar\/web\/wp-content\/uploads\/2018\/03\/vivienda_lcp61_1-125x125.jpg 125w\" sizes=\"auto, (max-width: 150px) 100vw, 150px\" \/><\/a>\n\t\t\t<\/div>\n\t\t\t\t<figcaption class='wp-caption-text gallery-caption' id='gallery-1-29323'>\n\t\t\t\tVivienda LCP61 \/ Gassmann, Gonzalez Vieta, Mieres\n\t\t\t\t<\/figcaption><\/figure><figure class='gallery-item'>\n\t\t\t<div class='gallery-icon landscape'>\n\t\t\t\t<a href='https:\/\/www.arquimaster.com.ar\/web\/wp-content\/uploads\/2018\/03\/vivienda_lcp61_2.jpg' title=\"Vivienda LCP61 \/ Gassmann, Gonzalez Vieta, Mieres\" data-rl_title=\"Vivienda LCP61 \/ Gassmann, Gonzalez Vieta, Mieres\" class=\"rl-gallery-link\" data-rl_caption=\"Vivienda LCP61 \/ Gassmann, Gonzalez Vieta, Mieres\" data-rel=\"lightbox-gallery-1\"><img loading=\"lazy\" decoding=\"async\" width=\"150\" height=\"150\" src=\"https:\/\/www.arquimaster.com.ar\/web\/wp-content\/uploads\/2018\/03\/vivienda_lcp61_2-150x150.jpg\" class=\"attachment-thumbnail size-thumbnail\" alt=\"\" aria-describedby=\"gallery-1-29324\" srcset=\"https:\/\/www.arquimaster.com.ar\/web\/wp-content\/uploads\/2018\/03\/vivienda_lcp61_2-150x150.jpg 150w, https:\/\/www.arquimaster.com.ar\/web\/wp-content\/uploads\/2018\/03\/vivienda_lcp61_2-50x50.jpg 50w, https:\/\/www.arquimaster.com.ar\/web\/wp-content\/uploads\/2018\/03\/vivienda_lcp61_2-125x125.jpg 125w\" sizes=\"auto, (max-width: 150px) 100vw, 150px\" \/><\/a>\n\t\t\t<\/div>\n\t\t\t\t<figcaption class='wp-caption-text gallery-caption' id='gallery-1-29324'>\n\t\t\t\tVivienda LCP61 \/ Gassmann, Gonzalez Vieta, Mieres\n\t\t\t\t<\/figcaption><\/figure><figure class='gallery-item'>\n\t\t\t<div class='gallery-icon landscape'>\n\t\t\t\t<a href='https:\/\/www.arquimaster.com.ar\/web\/wp-content\/uploads\/2018\/03\/vivienda_lcp61_3.jpg' title=\"Vivienda LCP61 \/ Gassmann, Gonzalez Vieta, Mieres\" data-rl_title=\"Vivienda LCP61 \/ Gassmann, Gonzalez Vieta, Mieres\" class=\"rl-gallery-link\" data-rl_caption=\"Vivienda LCP61 \/ Gassmann, Gonzalez Vieta, Mieres\" data-rel=\"lightbox-gallery-1\"><img loading=\"lazy\" decoding=\"async\" width=\"150\" height=\"150\" src=\"https:\/\/www.arquimaster.com.ar\/web\/wp-content\/uploads\/2018\/03\/vivienda_lcp61_3-150x150.jpg\" class=\"attachment-thumbnail size-thumbnail\" alt=\"\" aria-describedby=\"gallery-1-29325\" srcset=\"https:\/\/www.arquimaster.com.ar\/web\/wp-content\/uploads\/2018\/03\/vivienda_lcp61_3-150x150.jpg 150w, https:\/\/www.arquimaster.com.ar\/web\/wp-content\/uploads\/2018\/03\/vivienda_lcp61_3-50x50.jpg 50w, https:\/\/www.arquimaster.com.ar\/web\/wp-content\/uploads\/2018\/03\/vivienda_lcp61_3-125x125.jpg 125w\" sizes=\"auto, (max-width: 150px) 100vw, 150px\" \/><\/a>\n\t\t\t<\/div>\n\t\t\t\t<figcaption class='wp-caption-text gallery-caption' id='gallery-1-29325'>\n\t\t\t\tVivienda LCP61 \/ Gassmann, Gonzalez Vieta, Mieres\n\t\t\t\t<\/figcaption><\/figure><figure class='gallery-item'>\n\t\t\t<div class='gallery-icon portrait'>\n\t\t\t\t<a href='https:\/\/www.arquimaster.com.ar\/web\/wp-content\/uploads\/2018\/03\/vivienda_lcp61_4.jpg' title=\"Vivienda LCP61 \/ Gassmann, Gonzalez Vieta, Mieres\" data-rl_title=\"Vivienda LCP61 \/ Gassmann, Gonzalez Vieta, Mieres\" class=\"rl-gallery-link\" data-rl_caption=\"Vivienda LCP61 \/ Gassmann, Gonzalez Vieta, Mieres\" data-rel=\"lightbox-gallery-1\"><img loading=\"lazy\" decoding=\"async\" width=\"150\" height=\"150\" src=\"https:\/\/www.arquimaster.com.ar\/web\/wp-content\/uploads\/2018\/03\/vivienda_lcp61_4-150x150.jpg\" class=\"attachment-thumbnail size-thumbnail\" alt=\"\" aria-describedby=\"gallery-1-29326\" srcset=\"https:\/\/www.arquimaster.com.ar\/web\/wp-content\/uploads\/2018\/03\/vivienda_lcp61_4-150x150.jpg 150w, https:\/\/www.arquimaster.com.ar\/web\/wp-content\/uploads\/2018\/03\/vivienda_lcp61_4-50x50.jpg 50w, https:\/\/www.arquimaster.com.ar\/web\/wp-content\/uploads\/2018\/03\/vivienda_lcp61_4-125x125.jpg 125w\" sizes=\"auto, (max-width: 150px) 100vw, 150px\" \/><\/a>\n\t\t\t<\/div>\n\t\t\t\t<figcaption class='wp-caption-text gallery-caption' id='gallery-1-29326'>\n\t\t\t\tVivienda LCP61 \/ Gassmann, Gonzalez Vieta, Mieres\n\t\t\t\t<\/figcaption><\/figure><figure class='gallery-item'>\n\t\t\t<div class='gallery-icon landscape'>\n\t\t\t\t<a href='https:\/\/www.arquimaster.com.ar\/web\/wp-content\/uploads\/2018\/03\/vivienda_lcp61_5.jpg' title=\"Vivienda LCP61 \/ Gassmann, Gonzalez Vieta, Mieres\" data-rl_title=\"Vivienda LCP61 \/ Gassmann, Gonzalez Vieta, Mieres\" class=\"rl-gallery-link\" data-rl_caption=\"Vivienda LCP61 \/ Gassmann, Gonzalez Vieta, Mieres\" data-rel=\"lightbox-gallery-1\"><img loading=\"lazy\" decoding=\"async\" width=\"150\" height=\"150\" src=\"https:\/\/www.arquimaster.com.ar\/web\/wp-content\/uploads\/2018\/03\/vivienda_lcp61_5-150x150.jpg\" class=\"attachment-thumbnail size-thumbnail\" alt=\"\" aria-describedby=\"gallery-1-29327\" srcset=\"https:\/\/www.arquimaster.com.ar\/web\/wp-content\/uploads\/2018\/03\/vivienda_lcp61_5-150x150.jpg 150w, https:\/\/www.arquimaster.com.ar\/web\/wp-content\/uploads\/2018\/03\/vivienda_lcp61_5-50x50.jpg 50w, https:\/\/www.arquimaster.com.ar\/web\/wp-content\/uploads\/2018\/03\/vivienda_lcp61_5-125x125.jpg 125w\" sizes=\"auto, (max-width: 150px) 100vw, 150px\" \/><\/a>\n\t\t\t<\/div>\n\t\t\t\t<figcaption class='wp-caption-text gallery-caption' id='gallery-1-29327'>\n\t\t\t\tVivienda LCP61 \/ Gassmann, Gonzalez Vieta, Mieres\n\t\t\t\t<\/figcaption><\/figure><figure class='gallery-item'>\n\t\t\t<div class='gallery-icon landscape'>\n\t\t\t\t<a href='https:\/\/www.arquimaster.com.ar\/web\/wp-content\/uploads\/2018\/03\/vivienda_lcp61_11.jpg' title=\"Vivienda LCP61 \/ Gassmann, Gonzalez Vieta, Mieres\" data-rl_title=\"Vivienda LCP61 \/ Gassmann, Gonzalez Vieta, Mieres\" class=\"rl-gallery-link\" data-rl_caption=\"Vivienda LCP61 \/ Gassmann, Gonzalez Vieta, Mieres\" data-rel=\"lightbox-gallery-1\"><img loading=\"lazy\" decoding=\"async\" width=\"150\" height=\"150\" src=\"https:\/\/www.arquimaster.com.ar\/web\/wp-content\/uploads\/2018\/03\/vivienda_lcp61_11-150x150.jpg\" class=\"attachment-thumbnail size-thumbnail\" alt=\"\" aria-describedby=\"gallery-1-29333\" srcset=\"https:\/\/www.arquimaster.com.ar\/web\/wp-content\/uploads\/2018\/03\/vivienda_lcp61_11-150x150.jpg 150w, https:\/\/www.arquimaster.com.ar\/web\/wp-content\/uploads\/2018\/03\/vivienda_lcp61_11-50x50.jpg 50w, https:\/\/www.arquimaster.com.ar\/web\/wp-content\/uploads\/2018\/03\/vivienda_lcp61_11-125x125.jpg 125w\" sizes=\"auto, (max-width: 150px) 100vw, 150px\" \/><\/a>\n\t\t\t<\/div>\n\t\t\t\t<figcaption class='wp-caption-text gallery-caption' id='gallery-1-29333'>\n\t\t\t\tVivienda LCP61 \/ Gassmann, Gonzalez Vieta, Mieres\n\t\t\t\t<\/figcaption><\/figure><figure class='gallery-item'>\n\t\t\t<div class='gallery-icon portrait'>\n\t\t\t\t<a href='https:\/\/www.arquimaster.com.ar\/web\/wp-content\/uploads\/2018\/03\/vivienda_lcp61_12.jpg' title=\"Vivienda LCP61 \/ Gassmann, Gonzalez Vieta, Mieres\" data-rl_title=\"Vivienda LCP61 \/ Gassmann, Gonzalez Vieta, Mieres\" class=\"rl-gallery-link\" data-rl_caption=\"Vivienda LCP61 \/ Gassmann, Gonzalez Vieta, Mieres\" data-rel=\"lightbox-gallery-1\"><img loading=\"lazy\" decoding=\"async\" width=\"150\" height=\"150\" src=\"https:\/\/www.arquimaster.com.ar\/web\/wp-content\/uploads\/2018\/03\/vivienda_lcp61_12-150x150.jpg\" class=\"attachment-thumbnail size-thumbnail\" alt=\"\" aria-describedby=\"gallery-1-29334\" srcset=\"https:\/\/www.arquimaster.com.ar\/web\/wp-content\/uploads\/2018\/03\/vivienda_lcp61_12-150x150.jpg 150w, https:\/\/www.arquimaster.com.ar\/web\/wp-content\/uploads\/2018\/03\/vivienda_lcp61_12-50x50.jpg 50w, https:\/\/www.arquimaster.com.ar\/web\/wp-content\/uploads\/2018\/03\/vivienda_lcp61_12-125x125.jpg 125w\" sizes=\"auto, (max-width: 150px) 100vw, 150px\" \/><\/a>\n\t\t\t<\/div>\n\t\t\t\t<figcaption class='wp-caption-text gallery-caption' id='gallery-1-29334'>\n\t\t\t\tVivienda LCP61 \/ Gassmann, Gonzalez Vieta, Mieres\n\t\t\t\t<\/figcaption><\/figure><figure class='gallery-item'>\n\t\t\t<div class='gallery-icon portrait'>\n\t\t\t\t<a href='https:\/\/www.arquimaster.com.ar\/web\/wp-content\/uploads\/2018\/03\/vivienda_lcp61_14.jpg' title=\"Vivienda LCP61 \/ Gassmann, Gonzalez Vieta, Mieres\" data-rl_title=\"Vivienda LCP61 \/ Gassmann, Gonzalez Vieta, Mieres\" class=\"rl-gallery-link\" data-rl_caption=\"Vivienda LCP61 \/ Gassmann, Gonzalez Vieta, Mieres\" data-rel=\"lightbox-gallery-1\"><img loading=\"lazy\" decoding=\"async\" width=\"150\" height=\"150\" src=\"https:\/\/www.arquimaster.com.ar\/web\/wp-content\/uploads\/2018\/03\/vivienda_lcp61_14-150x150.jpg\" class=\"attachment-thumbnail size-thumbnail\" alt=\"\" aria-describedby=\"gallery-1-29336\" srcset=\"https:\/\/www.arquimaster.com.ar\/web\/wp-content\/uploads\/2018\/03\/vivienda_lcp61_14-150x150.jpg 150w, https:\/\/www.arquimaster.com.ar\/web\/wp-content\/uploads\/2018\/03\/vivienda_lcp61_14-50x50.jpg 50w, https:\/\/www.arquimaster.com.ar\/web\/wp-content\/uploads\/2018\/03\/vivienda_lcp61_14-125x125.jpg 125w\" sizes=\"auto, (max-width: 150px) 100vw, 150px\" \/><\/a>\n\t\t\t<\/div>\n\t\t\t\t<figcaption class='wp-caption-text gallery-caption' id='gallery-1-29336'>\n\t\t\t\tVivienda LCP61 \/ Gassmann, Gonzalez Vieta, Mieres\n\t\t\t\t<\/figcaption><\/figure><figure class='gallery-item'>\n\t\t\t<div class='gallery-icon portrait'>\n\t\t\t\t<a href='https:\/\/www.arquimaster.com.ar\/web\/wp-content\/uploads\/2018\/03\/vivienda_lcp61_15.jpg' title=\"Vivienda LCP61 \/ Gassmann, Gonzalez Vieta, Mieres\" data-rl_title=\"Vivienda LCP61 \/ Gassmann, Gonzalez Vieta, Mieres\" class=\"rl-gallery-link\" data-rl_caption=\"Vivienda LCP61 \/ Gassmann, Gonzalez Vieta, Mieres\" data-rel=\"lightbox-gallery-1\"><img loading=\"lazy\" decoding=\"async\" width=\"150\" height=\"150\" src=\"https:\/\/www.arquimaster.com.ar\/web\/wp-content\/uploads\/2018\/03\/vivienda_lcp61_15-150x150.jpg\" class=\"attachment-thumbnail size-thumbnail\" alt=\"\" aria-describedby=\"gallery-1-29337\" srcset=\"https:\/\/www.arquimaster.com.ar\/web\/wp-content\/uploads\/2018\/03\/vivienda_lcp61_15-150x150.jpg 150w, https:\/\/www.arquimaster.com.ar\/web\/wp-content\/uploads\/2018\/03\/vivienda_lcp61_15-50x50.jpg 50w, https:\/\/www.arquimaster.com.ar\/web\/wp-content\/uploads\/2018\/03\/vivienda_lcp61_15-125x125.jpg 125w\" sizes=\"auto, (max-width: 150px) 100vw, 150px\" \/><\/a>\n\t\t\t<\/div>\n\t\t\t\t<figcaption class='wp-caption-text gallery-caption' id='gallery-1-29337'>\n\t\t\t\tVivienda LCP61 \/ Gassmann, Gonzalez Vieta, Mieres\n\t\t\t\t<\/figcaption><\/figure><figure class='gallery-item'>\n\t\t\t<div class='gallery-icon portrait'>\n\t\t\t\t<a href='https:\/\/www.arquimaster.com.ar\/web\/wp-content\/uploads\/2018\/03\/vivienda_lcp61_16.jpg' title=\"Vivienda LCP61 \/ Gassmann, Gonzalez Vieta, Mieres\" data-rl_title=\"Vivienda LCP61 \/ Gassmann, Gonzalez Vieta, Mieres\" class=\"rl-gallery-link\" data-rl_caption=\"Vivienda LCP61 \/ Gassmann, Gonzalez Vieta, Mieres\" data-rel=\"lightbox-gallery-1\"><img loading=\"lazy\" decoding=\"async\" width=\"150\" height=\"150\" src=\"https:\/\/www.arquimaster.com.ar\/web\/wp-content\/uploads\/2018\/03\/vivienda_lcp61_16-150x150.jpg\" class=\"attachment-thumbnail size-thumbnail\" alt=\"\" aria-describedby=\"gallery-1-29338\" srcset=\"https:\/\/www.arquimaster.com.ar\/web\/wp-content\/uploads\/2018\/03\/vivienda_lcp61_16-150x150.jpg 150w, https:\/\/www.arquimaster.com.ar\/web\/wp-content\/uploads\/2018\/03\/vivienda_lcp61_16-50x50.jpg 50w, https:\/\/www.arquimaster.com.ar\/web\/wp-content\/uploads\/2018\/03\/vivienda_lcp61_16-125x125.jpg 125w\" sizes=\"auto, (max-width: 150px) 100vw, 150px\" \/><\/a>\n\t\t\t<\/div>\n\t\t\t\t<figcaption class='wp-caption-text gallery-caption' id='gallery-1-29338'>\n\t\t\t\tVivienda LCP61 \/ Gassmann, Gonzalez Vieta, Mieres\n\t\t\t\t<\/figcaption><\/figure><figure class='gallery-item'>\n\t\t\t<div class='gallery-icon portrait'>\n\t\t\t\t<a href='https:\/\/www.arquimaster.com.ar\/web\/wp-content\/uploads\/2018\/03\/vivienda_lcp61_6.jpg' title=\"Vivienda LCP61 \/ Gassmann, Gonzalez Vieta, Mieres\" data-rl_title=\"Vivienda LCP61 \/ Gassmann, Gonzalez Vieta, Mieres\" class=\"rl-gallery-link\" data-rl_caption=\"Vivienda LCP61 \/ Gassmann, Gonzalez Vieta, Mieres\" data-rel=\"lightbox-gallery-1\"><img loading=\"lazy\" decoding=\"async\" width=\"150\" height=\"150\" src=\"https:\/\/www.arquimaster.com.ar\/web\/wp-content\/uploads\/2018\/03\/vivienda_lcp61_6-150x150.jpg\" class=\"attachment-thumbnail size-thumbnail\" alt=\"\" aria-describedby=\"gallery-1-29328\" srcset=\"https:\/\/www.arquimaster.com.ar\/web\/wp-content\/uploads\/2018\/03\/vivienda_lcp61_6-150x150.jpg 150w, https:\/\/www.arquimaster.com.ar\/web\/wp-content\/uploads\/2018\/03\/vivienda_lcp61_6-50x50.jpg 50w, https:\/\/www.arquimaster.com.ar\/web\/wp-content\/uploads\/2018\/03\/vivienda_lcp61_6-125x125.jpg 125w\" sizes=\"auto, (max-width: 150px) 100vw, 150px\" \/><\/a>\n\t\t\t<\/div>\n\t\t\t\t<figcaption class='wp-caption-text gallery-caption' id='gallery-1-29328'>\n\t\t\t\tVivienda LCP61 \/ Gassmann, Gonzalez Vieta, Mieres\n\t\t\t\t<\/figcaption><\/figure><figure class='gallery-item'>\n\t\t\t<div class='gallery-icon portrait'>\n\t\t\t\t<a href='https:\/\/www.arquimaster.com.ar\/web\/wp-content\/uploads\/2018\/03\/vivienda_lcp61_7.jpg' title=\"Vivienda LCP61 \/ Gassmann, Gonzalez Vieta, Mieres\" data-rl_title=\"Vivienda LCP61 \/ Gassmann, Gonzalez Vieta, Mieres\" class=\"rl-gallery-link\" data-rl_caption=\"Vivienda LCP61 \/ Gassmann, Gonzalez Vieta, Mieres\" data-rel=\"lightbox-gallery-1\"><img loading=\"lazy\" decoding=\"async\" width=\"150\" height=\"150\" src=\"https:\/\/www.arquimaster.com.ar\/web\/wp-content\/uploads\/2018\/03\/vivienda_lcp61_7-150x150.jpg\" class=\"attachment-thumbnail size-thumbnail\" alt=\"\" aria-describedby=\"gallery-1-29329\" srcset=\"https:\/\/www.arquimaster.com.ar\/web\/wp-content\/uploads\/2018\/03\/vivienda_lcp61_7-150x150.jpg 150w, https:\/\/www.arquimaster.com.ar\/web\/wp-content\/uploads\/2018\/03\/vivienda_lcp61_7-50x50.jpg 50w, https:\/\/www.arquimaster.com.ar\/web\/wp-content\/uploads\/2018\/03\/vivienda_lcp61_7-125x125.jpg 125w\" sizes=\"auto, (max-width: 150px) 100vw, 150px\" \/><\/a>\n\t\t\t<\/div>\n\t\t\t\t<figcaption class='wp-caption-text gallery-caption' id='gallery-1-29329'>\n\t\t\t\tVivienda LCP61 \/ Gassmann, Gonzalez Vieta, Mieres\n\t\t\t\t<\/figcaption><\/figure>\n\t\t<\/div>\n\n<p>A partir de un programa de necesidades tradicional, se acord\u00f3 proyectar la vivienda con un fuerte lenguaje contempor\u00e1neo, de vol\u00famenes puros, l\u00edneas rectas y techos planos; en relaci\u00f3n con su entorno, invitando a la naturaleza a ser protagonistas, enriqueciendo los espacios con diferentes sensaciones.<\/p>\n<p>El concepto de privacidad, y la relaci\u00f3n con su propio entorno fueron directrices que forjaron la idea de la casa en relaci\u00f3n con su implantaci\u00f3n, generando un equilibrio entre intimidad y paisaje. Se propuso una volumetr\u00eda simple y contundente, con poca permeabilidad hacia la calle y con apertura hacia el interior del jard\u00edn.<\/p>\n<p>Se pens\u00f3 en una vivienda donde la vida social se diferenciara de la vida privada; a partir de dos niveles aut\u00f3nomos que trabajan en forma horizontal, con una sola relaci\u00f3n vertical a trav\u00e9s de la escalera.<\/p>\n<div id='gallery-2' class='gallery galleryid-29322 gallery-columns-3 gallery-size-thumbnail'><figure class='gallery-item'>\n\t\t\t<div class='gallery-icon landscape'>\n\t\t\t\t<a href='https:\/\/www.arquimaster.com.ar\/web\/wp-content\/uploads\/2018\/03\/vivienda_lcp61_8.jpg' title=\"Vivienda LCP61 \/ Gassmann, Gonzalez Vieta, Mieres\" data-rl_title=\"Vivienda LCP61 \/ Gassmann, Gonzalez Vieta, Mieres\" class=\"rl-gallery-link\" data-rl_caption=\"Vivienda LCP61 \/ Gassmann, Gonzalez Vieta, Mieres\" data-rel=\"lightbox-gallery-2\"><img loading=\"lazy\" decoding=\"async\" width=\"150\" height=\"150\" src=\"https:\/\/www.arquimaster.com.ar\/web\/wp-content\/uploads\/2018\/03\/vivienda_lcp61_8-150x150.jpg\" class=\"attachment-thumbnail size-thumbnail\" alt=\"\" aria-describedby=\"gallery-2-29330\" srcset=\"https:\/\/www.arquimaster.com.ar\/web\/wp-content\/uploads\/2018\/03\/vivienda_lcp61_8-150x150.jpg 150w, https:\/\/www.arquimaster.com.ar\/web\/wp-content\/uploads\/2018\/03\/vivienda_lcp61_8-50x50.jpg 50w, https:\/\/www.arquimaster.com.ar\/web\/wp-content\/uploads\/2018\/03\/vivienda_lcp61_8-125x125.jpg 125w\" sizes=\"auto, (max-width: 150px) 100vw, 150px\" \/><\/a>\n\t\t\t<\/div>\n\t\t\t\t<figcaption class='wp-caption-text gallery-caption' id='gallery-2-29330'>\n\t\t\t\tVivienda LCP61 \/ Gassmann, Gonzalez Vieta, Mieres\n\t\t\t\t<\/figcaption><\/figure><figure class='gallery-item'>\n\t\t\t<div class='gallery-icon landscape'>\n\t\t\t\t<a href='https:\/\/www.arquimaster.com.ar\/web\/wp-content\/uploads\/2018\/03\/vivienda_lcp61_9.jpg' title=\"Vivienda LCP61 \/ Gassmann, Gonzalez Vieta, Mieres\" data-rl_title=\"Vivienda LCP61 \/ Gassmann, Gonzalez Vieta, Mieres\" class=\"rl-gallery-link\" data-rl_caption=\"Vivienda LCP61 \/ Gassmann, Gonzalez Vieta, Mieres\" data-rel=\"lightbox-gallery-2\"><img loading=\"lazy\" decoding=\"async\" width=\"150\" height=\"150\" src=\"https:\/\/www.arquimaster.com.ar\/web\/wp-content\/uploads\/2018\/03\/vivienda_lcp61_9-150x150.jpg\" class=\"attachment-thumbnail size-thumbnail\" alt=\"\" aria-describedby=\"gallery-2-29331\" srcset=\"https:\/\/www.arquimaster.com.ar\/web\/wp-content\/uploads\/2018\/03\/vivienda_lcp61_9-150x150.jpg 150w, https:\/\/www.arquimaster.com.ar\/web\/wp-content\/uploads\/2018\/03\/vivienda_lcp61_9-50x50.jpg 50w, https:\/\/www.arquimaster.com.ar\/web\/wp-content\/uploads\/2018\/03\/vivienda_lcp61_9-125x125.jpg 125w\" sizes=\"auto, (max-width: 150px) 100vw, 150px\" \/><\/a>\n\t\t\t<\/div>\n\t\t\t\t<figcaption class='wp-caption-text gallery-caption' id='gallery-2-29331'>\n\t\t\t\tVivienda LCP61 \/ Gassmann, Gonzalez Vieta, Mieres\n\t\t\t\t<\/figcaption><\/figure><figure class='gallery-item'>\n\t\t\t<div class='gallery-icon portrait'>\n\t\t\t\t<a href='https:\/\/www.arquimaster.com.ar\/web\/wp-content\/uploads\/2018\/03\/vivienda_lcp61_10.jpg' title=\"Vivienda LCP61 \/ Gassmann, Gonzalez Vieta, Mieres\" data-rl_title=\"Vivienda LCP61 \/ Gassmann, Gonzalez Vieta, Mieres\" class=\"rl-gallery-link\" data-rl_caption=\"Vivienda LCP61 \/ Gassmann, Gonzalez Vieta, Mieres\" data-rel=\"lightbox-gallery-2\"><img loading=\"lazy\" decoding=\"async\" width=\"150\" height=\"150\" src=\"https:\/\/www.arquimaster.com.ar\/web\/wp-content\/uploads\/2018\/03\/vivienda_lcp61_10-150x150.jpg\" class=\"attachment-thumbnail size-thumbnail\" alt=\"\" aria-describedby=\"gallery-2-29332\" srcset=\"https:\/\/www.arquimaster.com.ar\/web\/wp-content\/uploads\/2018\/03\/vivienda_lcp61_10-150x150.jpg 150w, https:\/\/www.arquimaster.com.ar\/web\/wp-content\/uploads\/2018\/03\/vivienda_lcp61_10-50x50.jpg 50w, https:\/\/www.arquimaster.com.ar\/web\/wp-content\/uploads\/2018\/03\/vivienda_lcp61_10-125x125.jpg 125w\" sizes=\"auto, (max-width: 150px) 100vw, 150px\" \/><\/a>\n\t\t\t<\/div>\n\t\t\t\t<figcaption class='wp-caption-text gallery-caption' id='gallery-2-29332'>\n\t\t\t\tVivienda LCP61 \/ Gassmann, Gonzalez Vieta, Mieres\n\t\t\t\t<\/figcaption><\/figure><figure class='gallery-item'>\n\t\t\t<div class='gallery-icon portrait'>\n\t\t\t\t<a href='https:\/\/www.arquimaster.com.ar\/web\/wp-content\/uploads\/2018\/03\/vivienda_lcp61_13.jpg' title=\"Vivienda LCP61 \/ Gassmann, Gonzalez Vieta, Mieres\" data-rl_title=\"Vivienda LCP61 \/ Gassmann, Gonzalez Vieta, Mieres\" class=\"rl-gallery-link\" data-rl_caption=\"Vivienda LCP61 \/ Gassmann, Gonzalez Vieta, Mieres\" data-rel=\"lightbox-gallery-2\"><img loading=\"lazy\" decoding=\"async\" width=\"150\" height=\"150\" src=\"https:\/\/www.arquimaster.com.ar\/web\/wp-content\/uploads\/2018\/03\/vivienda_lcp61_13-150x150.jpg\" class=\"attachment-thumbnail size-thumbnail\" alt=\"\" aria-describedby=\"gallery-2-29335\" srcset=\"https:\/\/www.arquimaster.com.ar\/web\/wp-content\/uploads\/2018\/03\/vivienda_lcp61_13-150x150.jpg 150w, https:\/\/www.arquimaster.com.ar\/web\/wp-content\/uploads\/2018\/03\/vivienda_lcp61_13-50x50.jpg 50w, https:\/\/www.arquimaster.com.ar\/web\/wp-content\/uploads\/2018\/03\/vivienda_lcp61_13-125x125.jpg 125w\" sizes=\"auto, (max-width: 150px) 100vw, 150px\" \/><\/a>\n\t\t\t<\/div>\n\t\t\t\t<figcaption class='wp-caption-text gallery-caption' id='gallery-2-29335'>\n\t\t\t\tVivienda LCP61 \/ Gassmann, Gonzalez Vieta, Mieres\n\t\t\t\t<\/figcaption><\/figure><figure class='gallery-item'>\n\t\t\t<div class='gallery-icon portrait'>\n\t\t\t\t<a href='https:\/\/www.arquimaster.com.ar\/web\/wp-content\/uploads\/2018\/03\/vivienda_lcp61_17.jpg' title=\"Vivienda LCP61 \/ Gassmann, Gonzalez Vieta, Mieres\" data-rl_title=\"Vivienda LCP61 \/ Gassmann, Gonzalez Vieta, Mieres\" class=\"rl-gallery-link\" data-rl_caption=\"Vivienda LCP61 \/ Gassmann, Gonzalez Vieta, Mieres\" data-rel=\"lightbox-gallery-2\"><img loading=\"lazy\" decoding=\"async\" width=\"150\" height=\"150\" src=\"https:\/\/www.arquimaster.com.ar\/web\/wp-content\/uploads\/2018\/03\/vivienda_lcp61_17-150x150.jpg\" class=\"attachment-thumbnail size-thumbnail\" alt=\"\" aria-describedby=\"gallery-2-29339\" srcset=\"https:\/\/www.arquimaster.com.ar\/web\/wp-content\/uploads\/2018\/03\/vivienda_lcp61_17-150x150.jpg 150w, https:\/\/www.arquimaster.com.ar\/web\/wp-content\/uploads\/2018\/03\/vivienda_lcp61_17-50x50.jpg 50w, https:\/\/www.arquimaster.com.ar\/web\/wp-content\/uploads\/2018\/03\/vivienda_lcp61_17-125x125.jpg 125w\" sizes=\"auto, (max-width: 150px) 100vw, 150px\" \/><\/a>\n\t\t\t<\/div>\n\t\t\t\t<figcaption class='wp-caption-text gallery-caption' id='gallery-2-29339'>\n\t\t\t\tVivienda LCP61 \/ Gassmann, Gonzalez Vieta, Mieres\n\t\t\t\t<\/figcaption><\/figure><figure class='gallery-item'>\n\t\t\t<div class='gallery-icon portrait'>\n\t\t\t\t<a href='https:\/\/www.arquimaster.com.ar\/web\/wp-content\/uploads\/2018\/03\/vivienda_lcp61_18.jpg' title=\"Vivienda LCP61 \/ Gassmann, Gonzalez Vieta, Mieres\" data-rl_title=\"Vivienda LCP61 \/ Gassmann, Gonzalez Vieta, Mieres\" class=\"rl-gallery-link\" data-rl_caption=\"Vivienda LCP61 \/ Gassmann, Gonzalez Vieta, Mieres\" data-rel=\"lightbox-gallery-2\"><img loading=\"lazy\" decoding=\"async\" width=\"150\" height=\"150\" src=\"https:\/\/www.arquimaster.com.ar\/web\/wp-content\/uploads\/2018\/03\/vivienda_lcp61_18-150x150.jpg\" class=\"attachment-thumbnail size-thumbnail\" alt=\"\" aria-describedby=\"gallery-2-29340\" srcset=\"https:\/\/www.arquimaster.com.ar\/web\/wp-content\/uploads\/2018\/03\/vivienda_lcp61_18-150x150.jpg 150w, https:\/\/www.arquimaster.com.ar\/web\/wp-content\/uploads\/2018\/03\/vivienda_lcp61_18-50x50.jpg 50w, https:\/\/www.arquimaster.com.ar\/web\/wp-content\/uploads\/2018\/03\/vivienda_lcp61_18-125x125.jpg 125w\" sizes=\"auto, (max-width: 150px) 100vw, 150px\" \/><\/a>\n\t\t\t<\/div>\n\t\t\t\t<figcaption class='wp-caption-text gallery-caption' id='gallery-2-29340'>\n\t\t\t\tVivienda LCP61 \/ Gassmann, Gonzalez Vieta, Mieres\n\t\t\t\t<\/figcaption><\/figure><figure class='gallery-item'>\n\t\t\t<div class='gallery-icon portrait'>\n\t\t\t\t<a href='https:\/\/www.arquimaster.com.ar\/web\/wp-content\/uploads\/2018\/03\/vivienda_lcp61_19.jpg' title=\"Vivienda LCP61 \/ Gassmann, Gonzalez Vieta, Mieres\" data-rl_title=\"Vivienda LCP61 \/ Gassmann, Gonzalez Vieta, Mieres\" class=\"rl-gallery-link\" data-rl_caption=\"Vivienda LCP61 \/ Gassmann, Gonzalez Vieta, Mieres\" data-rel=\"lightbox-gallery-2\"><img loading=\"lazy\" decoding=\"async\" width=\"150\" height=\"150\" src=\"https:\/\/www.arquimaster.com.ar\/web\/wp-content\/uploads\/2018\/03\/vivienda_lcp61_19-150x150.jpg\" class=\"attachment-thumbnail size-thumbnail\" alt=\"\" aria-describedby=\"gallery-2-29341\" srcset=\"https:\/\/www.arquimaster.com.ar\/web\/wp-content\/uploads\/2018\/03\/vivienda_lcp61_19-150x150.jpg 150w, https:\/\/www.arquimaster.com.ar\/web\/wp-content\/uploads\/2018\/03\/vivienda_lcp61_19-50x50.jpg 50w, https:\/\/www.arquimaster.com.ar\/web\/wp-content\/uploads\/2018\/03\/vivienda_lcp61_19-125x125.jpg 125w\" sizes=\"auto, (max-width: 150px) 100vw, 150px\" \/><\/a>\n\t\t\t<\/div>\n\t\t\t\t<figcaption class='wp-caption-text gallery-caption' id='gallery-2-29341'>\n\t\t\t\tVivienda LCP61 \/ Gassmann, Gonzalez Vieta, Mieres\n\t\t\t\t<\/figcaption><\/figure><figure class='gallery-item'>\n\t\t\t<div class='gallery-icon portrait'>\n\t\t\t\t<a href='https:\/\/www.arquimaster.com.ar\/web\/wp-content\/uploads\/2018\/03\/vivienda_lcp61_20.jpg' title=\"Vivienda LCP61 \/ Gassmann, Gonzalez Vieta, Mieres\" data-rl_title=\"Vivienda LCP61 \/ Gassmann, Gonzalez Vieta, Mieres\" class=\"rl-gallery-link\" data-rl_caption=\"Vivienda LCP61 \/ Gassmann, Gonzalez Vieta, Mieres\" data-rel=\"lightbox-gallery-2\"><img loading=\"lazy\" decoding=\"async\" width=\"150\" height=\"150\" src=\"https:\/\/www.arquimaster.com.ar\/web\/wp-content\/uploads\/2018\/03\/vivienda_lcp61_20-150x150.jpg\" class=\"attachment-thumbnail size-thumbnail\" alt=\"\" aria-describedby=\"gallery-2-29342\" srcset=\"https:\/\/www.arquimaster.com.ar\/web\/wp-content\/uploads\/2018\/03\/vivienda_lcp61_20-150x150.jpg 150w, https:\/\/www.arquimaster.com.ar\/web\/wp-content\/uploads\/2018\/03\/vivienda_lcp61_20-50x50.jpg 50w, https:\/\/www.arquimaster.com.ar\/web\/wp-content\/uploads\/2018\/03\/vivienda_lcp61_20-125x125.jpg 125w\" sizes=\"auto, (max-width: 150px) 100vw, 150px\" \/><\/a>\n\t\t\t<\/div>\n\t\t\t\t<figcaption class='wp-caption-text gallery-caption' id='gallery-2-29342'>\n\t\t\t\tVivienda LCP61 \/ Gassmann, Gonzalez Vieta, Mieres\n\t\t\t\t<\/figcaption><\/figure><figure class='gallery-item'>\n\t\t\t<div class='gallery-icon landscape'>\n\t\t\t\t<a href='https:\/\/www.arquimaster.com.ar\/web\/wp-content\/uploads\/2018\/03\/vivienda_lcp61_21.jpg' title=\"Vivienda LCP61 \/ Gassmann, Gonzalez Vieta, Mieres\" data-rl_title=\"Vivienda LCP61 \/ Gassmann, Gonzalez Vieta, Mieres\" class=\"rl-gallery-link\" data-rl_caption=\"Vivienda LCP61 \/ Gassmann, Gonzalez Vieta, Mieres\" data-rel=\"lightbox-gallery-2\"><img loading=\"lazy\" decoding=\"async\" width=\"150\" height=\"150\" src=\"https:\/\/www.arquimaster.com.ar\/web\/wp-content\/uploads\/2018\/03\/vivienda_lcp61_21-150x150.jpg\" class=\"attachment-thumbnail size-thumbnail\" alt=\"\" aria-describedby=\"gallery-2-29343\" srcset=\"https:\/\/www.arquimaster.com.ar\/web\/wp-content\/uploads\/2018\/03\/vivienda_lcp61_21-150x150.jpg 150w, https:\/\/www.arquimaster.com.ar\/web\/wp-content\/uploads\/2018\/03\/vivienda_lcp61_21-50x50.jpg 50w, https:\/\/www.arquimaster.com.ar\/web\/wp-content\/uploads\/2018\/03\/vivienda_lcp61_21-125x125.jpg 125w\" sizes=\"auto, (max-width: 150px) 100vw, 150px\" \/><\/a>\n\t\t\t<\/div>\n\t\t\t\t<figcaption class='wp-caption-text gallery-caption' id='gallery-2-29343'>\n\t\t\t\tVivienda LCP61 \/ Gassmann, Gonzalez Vieta, Mieres\n\t\t\t\t<\/figcaption><\/figure><figure class='gallery-item'>\n\t\t\t<div class='gallery-icon landscape'>\n\t\t\t\t<a href='https:\/\/www.arquimaster.com.ar\/web\/wp-content\/uploads\/2018\/03\/vivienda_lcp61_22.jpg' title=\"Vivienda LCP61 \/ Gassmann, Gonzalez Vieta, Mieres\" data-rl_title=\"Vivienda LCP61 \/ Gassmann, Gonzalez Vieta, Mieres\" class=\"rl-gallery-link\" data-rl_caption=\"Vivienda LCP61 \/ Gassmann, Gonzalez Vieta, Mieres\" data-rel=\"lightbox-gallery-2\"><img loading=\"lazy\" decoding=\"async\" width=\"150\" height=\"150\" src=\"https:\/\/www.arquimaster.com.ar\/web\/wp-content\/uploads\/2018\/03\/vivienda_lcp61_22-150x150.jpg\" class=\"attachment-thumbnail size-thumbnail\" alt=\"\" aria-describedby=\"gallery-2-29344\" srcset=\"https:\/\/www.arquimaster.com.ar\/web\/wp-content\/uploads\/2018\/03\/vivienda_lcp61_22-150x150.jpg 150w, https:\/\/www.arquimaster.com.ar\/web\/wp-content\/uploads\/2018\/03\/vivienda_lcp61_22-50x50.jpg 50w, https:\/\/www.arquimaster.com.ar\/web\/wp-content\/uploads\/2018\/03\/vivienda_lcp61_22-125x125.jpg 125w\" sizes=\"auto, (max-width: 150px) 100vw, 150px\" \/><\/a>\n\t\t\t<\/div>\n\t\t\t\t<figcaption class='wp-caption-text gallery-caption' id='gallery-2-29344'>\n\t\t\t\tVivienda LCP61 \/ Gassmann, Gonzalez Vieta, Mieres\n\t\t\t\t<\/figcaption><\/figure><figure class='gallery-item'>\n\t\t\t<div class='gallery-icon portrait'>\n\t\t\t\t<a href='https:\/\/www.arquimaster.com.ar\/web\/wp-content\/uploads\/2018\/03\/vivienda_lcp61_23.jpg' title=\"Vivienda LCP61 \/ Gassmann, Gonzalez Vieta, Mieres\" data-rl_title=\"Vivienda LCP61 \/ Gassmann, Gonzalez Vieta, Mieres\" class=\"rl-gallery-link\" data-rl_caption=\"Vivienda LCP61 \/ Gassmann, Gonzalez Vieta, Mieres\" data-rel=\"lightbox-gallery-2\"><img loading=\"lazy\" decoding=\"async\" width=\"150\" height=\"150\" src=\"https:\/\/www.arquimaster.com.ar\/web\/wp-content\/uploads\/2018\/03\/vivienda_lcp61_23-150x150.jpg\" class=\"attachment-thumbnail size-thumbnail\" alt=\"\" aria-describedby=\"gallery-2-29345\" srcset=\"https:\/\/www.arquimaster.com.ar\/web\/wp-content\/uploads\/2018\/03\/vivienda_lcp61_23-150x150.jpg 150w, https:\/\/www.arquimaster.com.ar\/web\/wp-content\/uploads\/2018\/03\/vivienda_lcp61_23-50x50.jpg 50w, https:\/\/www.arquimaster.com.ar\/web\/wp-content\/uploads\/2018\/03\/vivienda_lcp61_23-125x125.jpg 125w\" sizes=\"auto, (max-width: 150px) 100vw, 150px\" \/><\/a>\n\t\t\t<\/div>\n\t\t\t\t<figcaption class='wp-caption-text gallery-caption' id='gallery-2-29345'>\n\t\t\t\tVivienda LCP61 \/ Gassmann, Gonzalez Vieta, Mieres\n\t\t\t\t<\/figcaption><\/figure><figure class='gallery-item'>\n\t\t\t<div class='gallery-icon landscape'>\n\t\t\t\t<a href='https:\/\/www.arquimaster.com.ar\/web\/wp-content\/uploads\/2018\/03\/vivienda_lcp61_24.jpg' title=\"Vivienda LCP61 \/ Gassmann, Gonzalez Vieta, Mieres\" data-rl_title=\"Vivienda LCP61 \/ Gassmann, Gonzalez Vieta, Mieres\" class=\"rl-gallery-link\" data-rl_caption=\"Vivienda LCP61 \/ Gassmann, Gonzalez Vieta, Mieres\" data-rel=\"lightbox-gallery-2\"><img loading=\"lazy\" decoding=\"async\" width=\"150\" height=\"150\" src=\"https:\/\/www.arquimaster.com.ar\/web\/wp-content\/uploads\/2018\/03\/vivienda_lcp61_24-150x150.jpg\" class=\"attachment-thumbnail size-thumbnail\" alt=\"\" aria-describedby=\"gallery-2-29346\" srcset=\"https:\/\/www.arquimaster.com.ar\/web\/wp-content\/uploads\/2018\/03\/vivienda_lcp61_24-150x150.jpg 150w, https:\/\/www.arquimaster.com.ar\/web\/wp-content\/uploads\/2018\/03\/vivienda_lcp61_24-50x50.jpg 50w, https:\/\/www.arquimaster.com.ar\/web\/wp-content\/uploads\/2018\/03\/vivienda_lcp61_24-125x125.jpg 125w\" sizes=\"auto, (max-width: 150px) 100vw, 150px\" \/><\/a>\n\t\t\t<\/div>\n\t\t\t\t<figcaption class='wp-caption-text gallery-caption' id='gallery-2-29346'>\n\t\t\t\tVivienda LCP61 \/ Gassmann, Gonzalez Vieta, Mieres\n\t\t\t\t<\/figcaption><\/figure>\n\t\t<\/div>\n\n<p>Se dispusieron las \u00e1reas con funciones p\u00fablicas y de servicio en planta baja y las \u00e1reas privadas en planta alta, otorg\u00e1ndole a estos espacios cierta flexibilidad entre si y la posibilidad de tener una relaci\u00f3n directa interior-exterior a trav\u00e9s de carpinter\u00edas vidriadas de paso o, simplemente mediante relaciones visuales, adecuando la galer\u00eda como nexo entre los ambientes p\u00fablicos de la vivienda y el jard\u00edn.<\/p>\n<p>Frente a la vivienda, una fachada cerrada y un acceso enfatizado (puerta de entrada mimetizada con el port\u00f3n de chapa oxidada que da amplitud al frente); invita a entrar y nos brinda la primera sensaci\u00f3n de refugio y calidez convirti\u00e9ndose en el elemento principal que acompa\u00f1a al visitante en el recorrido de la casa creando sorpresas, aventanamientos que permiten atravesar y descubrir los diferentes ambientes o solo espiar a trav\u00e9s de los huecos.<\/p>\n<div id='gallery-3' class='gallery galleryid-29322 gallery-columns-3 gallery-size-thumbnail'><figure class='gallery-item'>\n\t\t\t<div class='gallery-icon portrait'>\n\t\t\t\t<a href='https:\/\/www.arquimaster.com.ar\/web\/wp-content\/uploads\/2018\/03\/vivienda_lcp61_25.jpg' title=\"Vivienda LCP61 \/ Gassmann, Gonzalez Vieta, Mieres\" data-rl_title=\"Vivienda LCP61 \/ Gassmann, Gonzalez Vieta, Mieres\" class=\"rl-gallery-link\" data-rl_caption=\"Vivienda LCP61 \/ Gassmann, Gonzalez Vieta, Mieres\" data-rel=\"lightbox-gallery-3\"><img loading=\"lazy\" decoding=\"async\" width=\"150\" height=\"150\" src=\"https:\/\/www.arquimaster.com.ar\/web\/wp-content\/uploads\/2018\/03\/vivienda_lcp61_25-150x150.jpg\" class=\"attachment-thumbnail size-thumbnail\" alt=\"\" aria-describedby=\"gallery-3-29347\" srcset=\"https:\/\/www.arquimaster.com.ar\/web\/wp-content\/uploads\/2018\/03\/vivienda_lcp61_25-150x150.jpg 150w, https:\/\/www.arquimaster.com.ar\/web\/wp-content\/uploads\/2018\/03\/vivienda_lcp61_25-50x50.jpg 50w, https:\/\/www.arquimaster.com.ar\/web\/wp-content\/uploads\/2018\/03\/vivienda_lcp61_25-125x125.jpg 125w\" sizes=\"auto, (max-width: 150px) 100vw, 150px\" \/><\/a>\n\t\t\t<\/div>\n\t\t\t\t<figcaption class='wp-caption-text gallery-caption' id='gallery-3-29347'>\n\t\t\t\tVivienda LCP61 \/ Gassmann, Gonzalez Vieta, Mieres\n\t\t\t\t<\/figcaption><\/figure><figure class='gallery-item'>\n\t\t\t<div class='gallery-icon portrait'>\n\t\t\t\t<a href='https:\/\/www.arquimaster.com.ar\/web\/wp-content\/uploads\/2018\/03\/vivienda_lcp61_26.jpg' title=\"Vivienda LCP61 \/ Gassmann, Gonzalez Vieta, Mieres\" data-rl_title=\"Vivienda LCP61 \/ Gassmann, Gonzalez Vieta, Mieres\" class=\"rl-gallery-link\" data-rl_caption=\"Vivienda LCP61 \/ Gassmann, Gonzalez Vieta, Mieres\" data-rel=\"lightbox-gallery-3\"><img loading=\"lazy\" decoding=\"async\" width=\"150\" height=\"150\" src=\"https:\/\/www.arquimaster.com.ar\/web\/wp-content\/uploads\/2018\/03\/vivienda_lcp61_26-150x150.jpg\" class=\"attachment-thumbnail size-thumbnail\" alt=\"\" aria-describedby=\"gallery-3-29348\" srcset=\"https:\/\/www.arquimaster.com.ar\/web\/wp-content\/uploads\/2018\/03\/vivienda_lcp61_26-150x150.jpg 150w, https:\/\/www.arquimaster.com.ar\/web\/wp-content\/uploads\/2018\/03\/vivienda_lcp61_26-50x50.jpg 50w, https:\/\/www.arquimaster.com.ar\/web\/wp-content\/uploads\/2018\/03\/vivienda_lcp61_26-125x125.jpg 125w\" sizes=\"auto, (max-width: 150px) 100vw, 150px\" \/><\/a>\n\t\t\t<\/div>\n\t\t\t\t<figcaption class='wp-caption-text gallery-caption' id='gallery-3-29348'>\n\t\t\t\tVivienda LCP61 \/ Gassmann, Gonzalez Vieta, Mieres\n\t\t\t\t<\/figcaption><\/figure><figure class='gallery-item'>\n\t\t\t<div class='gallery-icon landscape'>\n\t\t\t\t<a href='https:\/\/www.arquimaster.com.ar\/web\/wp-content\/uploads\/2018\/03\/vivienda_lcp61_27.jpg' title=\"Vivienda LCP61 \/ Gassmann, Gonzalez Vieta, Mieres\" data-rl_title=\"Vivienda LCP61 \/ Gassmann, Gonzalez Vieta, Mieres\" class=\"rl-gallery-link\" data-rl_caption=\"Vivienda LCP61 \/ Gassmann, Gonzalez Vieta, Mieres\" data-rel=\"lightbox-gallery-3\"><img loading=\"lazy\" decoding=\"async\" width=\"150\" height=\"150\" src=\"https:\/\/www.arquimaster.com.ar\/web\/wp-content\/uploads\/2018\/03\/vivienda_lcp61_27-150x150.jpg\" class=\"attachment-thumbnail size-thumbnail\" alt=\"\" aria-describedby=\"gallery-3-29349\" srcset=\"https:\/\/www.arquimaster.com.ar\/web\/wp-content\/uploads\/2018\/03\/vivienda_lcp61_27-150x150.jpg 150w, https:\/\/www.arquimaster.com.ar\/web\/wp-content\/uploads\/2018\/03\/vivienda_lcp61_27-50x50.jpg 50w, https:\/\/www.arquimaster.com.ar\/web\/wp-content\/uploads\/2018\/03\/vivienda_lcp61_27-125x125.jpg 125w\" sizes=\"auto, (max-width: 150px) 100vw, 150px\" \/><\/a>\n\t\t\t<\/div>\n\t\t\t\t<figcaption class='wp-caption-text gallery-caption' id='gallery-3-29349'>\n\t\t\t\tVivienda LCP61 \/ Gassmann, Gonzalez Vieta, Mieres\n\t\t\t\t<\/figcaption><\/figure><figure class='gallery-item'>\n\t\t\t<div class='gallery-icon portrait'>\n\t\t\t\t<a href='https:\/\/www.arquimaster.com.ar\/web\/wp-content\/uploads\/2018\/03\/vivienda_lcp61_28.jpg' title=\"Vivienda LCP61 \/ Gassmann, Gonzalez Vieta, Mieres\" data-rl_title=\"Vivienda LCP61 \/ Gassmann, Gonzalez Vieta, Mieres\" class=\"rl-gallery-link\" data-rl_caption=\"Vivienda LCP61 \/ Gassmann, Gonzalez Vieta, Mieres\" data-rel=\"lightbox-gallery-3\"><img loading=\"lazy\" decoding=\"async\" width=\"150\" height=\"150\" src=\"https:\/\/www.arquimaster.com.ar\/web\/wp-content\/uploads\/2018\/03\/vivienda_lcp61_28-150x150.jpg\" class=\"attachment-thumbnail size-thumbnail\" alt=\"\" aria-describedby=\"gallery-3-29350\" srcset=\"https:\/\/www.arquimaster.com.ar\/web\/wp-content\/uploads\/2018\/03\/vivienda_lcp61_28-150x150.jpg 150w, https:\/\/www.arquimaster.com.ar\/web\/wp-content\/uploads\/2018\/03\/vivienda_lcp61_28-50x50.jpg 50w, https:\/\/www.arquimaster.com.ar\/web\/wp-content\/uploads\/2018\/03\/vivienda_lcp61_28-125x125.jpg 125w\" sizes=\"auto, (max-width: 150px) 100vw, 150px\" \/><\/a>\n\t\t\t<\/div>\n\t\t\t\t<figcaption class='wp-caption-text gallery-caption' id='gallery-3-29350'>\n\t\t\t\tVivienda LCP61 \/ Gassmann, Gonzalez Vieta, Mieres\n\t\t\t\t<\/figcaption><\/figure><figure class='gallery-item'>\n\t\t\t<div class='gallery-icon landscape'>\n\t\t\t\t<a href='https:\/\/www.arquimaster.com.ar\/web\/wp-content\/uploads\/2018\/03\/vivienda_lcp61_30.jpg' title=\"Vivienda LCP61 \/ Gassmann, Gonzalez Vieta, Mieres\" data-rl_title=\"Vivienda LCP61 \/ Gassmann, Gonzalez Vieta, Mieres\" class=\"rl-gallery-link\" data-rl_caption=\"Vivienda LCP61 \/ Gassmann, Gonzalez Vieta, Mieres\" data-rel=\"lightbox-gallery-3\"><img loading=\"lazy\" decoding=\"async\" width=\"150\" height=\"150\" src=\"https:\/\/www.arquimaster.com.ar\/web\/wp-content\/uploads\/2018\/03\/vivienda_lcp61_30-150x150.jpg\" class=\"attachment-thumbnail size-thumbnail\" alt=\"\" aria-describedby=\"gallery-3-29352\" srcset=\"https:\/\/www.arquimaster.com.ar\/web\/wp-content\/uploads\/2018\/03\/vivienda_lcp61_30-150x150.jpg 150w, https:\/\/www.arquimaster.com.ar\/web\/wp-content\/uploads\/2018\/03\/vivienda_lcp61_30-50x50.jpg 50w, https:\/\/www.arquimaster.com.ar\/web\/wp-content\/uploads\/2018\/03\/vivienda_lcp61_30-125x125.jpg 125w\" sizes=\"auto, (max-width: 150px) 100vw, 150px\" \/><\/a>\n\t\t\t<\/div>\n\t\t\t\t<figcaption class='wp-caption-text gallery-caption' id='gallery-3-29352'>\n\t\t\t\tVivienda LCP61 \/ Gassmann, Gonzalez Vieta, Mieres\n\t\t\t\t<\/figcaption><\/figure><figure class='gallery-item'>\n\t\t\t<div class='gallery-icon portrait'>\n\t\t\t\t<a href='https:\/\/www.arquimaster.com.ar\/web\/wp-content\/uploads\/2018\/03\/vivienda_lcp61_31.jpg' title=\"Vivienda LCP61 \/ Gassmann, Gonzalez Vieta, Mieres\" data-rl_title=\"Vivienda LCP61 \/ Gassmann, Gonzalez Vieta, Mieres\" class=\"rl-gallery-link\" data-rl_caption=\"Vivienda LCP61 \/ Gassmann, Gonzalez Vieta, Mieres\" data-rel=\"lightbox-gallery-3\"><img loading=\"lazy\" decoding=\"async\" width=\"150\" height=\"150\" src=\"https:\/\/www.arquimaster.com.ar\/web\/wp-content\/uploads\/2018\/03\/vivienda_lcp61_31-150x150.jpg\" class=\"attachment-thumbnail size-thumbnail\" alt=\"\" aria-describedby=\"gallery-3-29353\" srcset=\"https:\/\/www.arquimaster.com.ar\/web\/wp-content\/uploads\/2018\/03\/vivienda_lcp61_31-150x150.jpg 150w, https:\/\/www.arquimaster.com.ar\/web\/wp-content\/uploads\/2018\/03\/vivienda_lcp61_31-50x50.jpg 50w, https:\/\/www.arquimaster.com.ar\/web\/wp-content\/uploads\/2018\/03\/vivienda_lcp61_31-125x125.jpg 125w\" sizes=\"auto, (max-width: 150px) 100vw, 150px\" \/><\/a>\n\t\t\t<\/div>\n\t\t\t\t<figcaption class='wp-caption-text gallery-caption' id='gallery-3-29353'>\n\t\t\t\tVivienda LCP61 \/ Gassmann, Gonzalez Vieta, Mieres\n\t\t\t\t<\/figcaption><\/figure><figure class='gallery-item'>\n\t\t\t<div class='gallery-icon portrait'>\n\t\t\t\t<a href='https:\/\/www.arquimaster.com.ar\/web\/wp-content\/uploads\/2018\/03\/vivienda_lcp61_32.jpg' title=\"Vivienda LCP61 \/ Gassmann, Gonzalez Vieta, Mieres\" data-rl_title=\"Vivienda LCP61 \/ Gassmann, Gonzalez Vieta, Mieres\" class=\"rl-gallery-link\" data-rl_caption=\"Vivienda LCP61 \/ Gassmann, Gonzalez Vieta, Mieres\" data-rel=\"lightbox-gallery-3\"><img loading=\"lazy\" decoding=\"async\" width=\"150\" height=\"150\" src=\"https:\/\/www.arquimaster.com.ar\/web\/wp-content\/uploads\/2018\/03\/vivienda_lcp61_32-150x150.jpg\" class=\"attachment-thumbnail size-thumbnail\" alt=\"\" aria-describedby=\"gallery-3-29354\" srcset=\"https:\/\/www.arquimaster.com.ar\/web\/wp-content\/uploads\/2018\/03\/vivienda_lcp61_32-150x150.jpg 150w, https:\/\/www.arquimaster.com.ar\/web\/wp-content\/uploads\/2018\/03\/vivienda_lcp61_32-50x50.jpg 50w, https:\/\/www.arquimaster.com.ar\/web\/wp-content\/uploads\/2018\/03\/vivienda_lcp61_32-125x125.jpg 125w\" sizes=\"auto, (max-width: 150px) 100vw, 150px\" \/><\/a>\n\t\t\t<\/div>\n\t\t\t\t<figcaption class='wp-caption-text gallery-caption' id='gallery-3-29354'>\n\t\t\t\tVivienda LCP61 \/ Gassmann, Gonzalez Vieta, Mieres\n\t\t\t\t<\/figcaption><\/figure><figure class='gallery-item'>\n\t\t\t<div class='gallery-icon landscape'>\n\t\t\t\t<a href='https:\/\/www.arquimaster.com.ar\/web\/wp-content\/uploads\/2018\/03\/vivienda_lcp61_33.jpg' title=\"Vivienda LCP61 \/ Gassmann, Gonzalez Vieta, Mieres\" data-rl_title=\"Vivienda LCP61 \/ Gassmann, Gonzalez Vieta, Mieres\" class=\"rl-gallery-link\" data-rl_caption=\"Vivienda LCP61 \/ Gassmann, Gonzalez Vieta, Mieres\" data-rel=\"lightbox-gallery-3\"><img loading=\"lazy\" decoding=\"async\" width=\"150\" height=\"150\" src=\"https:\/\/www.arquimaster.com.ar\/web\/wp-content\/uploads\/2018\/03\/vivienda_lcp61_33-150x150.jpg\" class=\"attachment-thumbnail size-thumbnail\" alt=\"\" aria-describedby=\"gallery-3-29355\" srcset=\"https:\/\/www.arquimaster.com.ar\/web\/wp-content\/uploads\/2018\/03\/vivienda_lcp61_33-150x150.jpg 150w, https:\/\/www.arquimaster.com.ar\/web\/wp-content\/uploads\/2018\/03\/vivienda_lcp61_33-50x50.jpg 50w, https:\/\/www.arquimaster.com.ar\/web\/wp-content\/uploads\/2018\/03\/vivienda_lcp61_33-125x125.jpg 125w\" sizes=\"auto, (max-width: 150px) 100vw, 150px\" \/><\/a>\n\t\t\t<\/div>\n\t\t\t\t<figcaption class='wp-caption-text gallery-caption' id='gallery-3-29355'>\n\t\t\t\tVivienda LCP61 \/ Gassmann, Gonzalez Vieta, Mieres\n\t\t\t\t<\/figcaption><\/figure><figure class='gallery-item'>\n\t\t\t<div class='gallery-icon landscape'>\n\t\t\t\t<a href='https:\/\/www.arquimaster.com.ar\/web\/wp-content\/uploads\/2018\/03\/vivienda_lcp61_34.jpg' title=\"Vivienda LCP61 \/ Gassmann, Gonzalez Vieta, Mieres\" data-rl_title=\"Vivienda LCP61 \/ Gassmann, Gonzalez Vieta, Mieres\" class=\"rl-gallery-link\" data-rl_caption=\"Vivienda LCP61 \/ Gassmann, Gonzalez Vieta, Mieres\" data-rel=\"lightbox-gallery-3\"><img loading=\"lazy\" decoding=\"async\" width=\"150\" height=\"150\" src=\"https:\/\/www.arquimaster.com.ar\/web\/wp-content\/uploads\/2018\/03\/vivienda_lcp61_34-150x150.jpg\" class=\"attachment-thumbnail size-thumbnail\" alt=\"\" aria-describedby=\"gallery-3-29356\" srcset=\"https:\/\/www.arquimaster.com.ar\/web\/wp-content\/uploads\/2018\/03\/vivienda_lcp61_34-150x150.jpg 150w, https:\/\/www.arquimaster.com.ar\/web\/wp-content\/uploads\/2018\/03\/vivienda_lcp61_34-50x50.jpg 50w, https:\/\/www.arquimaster.com.ar\/web\/wp-content\/uploads\/2018\/03\/vivienda_lcp61_34-125x125.jpg 125w\" sizes=\"auto, (max-width: 150px) 100vw, 150px\" \/><\/a>\n\t\t\t<\/div>\n\t\t\t\t<figcaption class='wp-caption-text gallery-caption' id='gallery-3-29356'>\n\t\t\t\tVivienda LCP61 \/ Gassmann, Gonzalez Vieta, Mieres\n\t\t\t\t<\/figcaption><\/figure><figure class='gallery-item'>\n\t\t\t<div class='gallery-icon portrait'>\n\t\t\t\t<a href='https:\/\/www.arquimaster.com.ar\/web\/wp-content\/uploads\/2018\/03\/vivienda_lcp61_35.jpg' title=\"Vivienda LCP61 \/ Gassmann, Gonzalez Vieta, Mieres\" data-rl_title=\"Vivienda LCP61 \/ Gassmann, Gonzalez Vieta, Mieres\" class=\"rl-gallery-link\" data-rl_caption=\"Vivienda LCP61 \/ Gassmann, Gonzalez Vieta, Mieres\" data-rel=\"lightbox-gallery-3\"><img loading=\"lazy\" decoding=\"async\" width=\"150\" height=\"150\" src=\"https:\/\/www.arquimaster.com.ar\/web\/wp-content\/uploads\/2018\/03\/vivienda_lcp61_35-150x150.jpg\" class=\"attachment-thumbnail size-thumbnail\" alt=\"\" aria-describedby=\"gallery-3-29357\" srcset=\"https:\/\/www.arquimaster.com.ar\/web\/wp-content\/uploads\/2018\/03\/vivienda_lcp61_35-150x150.jpg 150w, https:\/\/www.arquimaster.com.ar\/web\/wp-content\/uploads\/2018\/03\/vivienda_lcp61_35-50x50.jpg 50w, https:\/\/www.arquimaster.com.ar\/web\/wp-content\/uploads\/2018\/03\/vivienda_lcp61_35-125x125.jpg 125w\" sizes=\"auto, (max-width: 150px) 100vw, 150px\" \/><\/a>\n\t\t\t<\/div>\n\t\t\t\t<figcaption class='wp-caption-text gallery-caption' id='gallery-3-29357'>\n\t\t\t\tVivienda LCP61 \/ Gassmann, Gonzalez Vieta, Mieres\n\t\t\t\t<\/figcaption><\/figure><figure class='gallery-item'>\n\t\t\t<div class='gallery-icon portrait'>\n\t\t\t\t<a href='https:\/\/www.arquimaster.com.ar\/web\/wp-content\/uploads\/2018\/03\/vivienda_lcp61_36.jpg' title=\"Vivienda LCP61 \/ Gassmann, Gonzalez Vieta, Mieres\" data-rl_title=\"Vivienda LCP61 \/ Gassmann, Gonzalez Vieta, Mieres\" class=\"rl-gallery-link\" data-rl_caption=\"Vivienda LCP61 \/ Gassmann, Gonzalez Vieta, Mieres\" data-rel=\"lightbox-gallery-3\"><img loading=\"lazy\" decoding=\"async\" width=\"150\" height=\"150\" src=\"https:\/\/www.arquimaster.com.ar\/web\/wp-content\/uploads\/2018\/03\/vivienda_lcp61_36-150x150.jpg\" class=\"attachment-thumbnail size-thumbnail\" alt=\"\" aria-describedby=\"gallery-3-29358\" srcset=\"https:\/\/www.arquimaster.com.ar\/web\/wp-content\/uploads\/2018\/03\/vivienda_lcp61_36-150x150.jpg 150w, https:\/\/www.arquimaster.com.ar\/web\/wp-content\/uploads\/2018\/03\/vivienda_lcp61_36-50x50.jpg 50w, https:\/\/www.arquimaster.com.ar\/web\/wp-content\/uploads\/2018\/03\/vivienda_lcp61_36-125x125.jpg 125w\" sizes=\"auto, (max-width: 150px) 100vw, 150px\" \/><\/a>\n\t\t\t<\/div>\n\t\t\t\t<figcaption class='wp-caption-text gallery-caption' id='gallery-3-29358'>\n\t\t\t\tVivienda LCP61 \/ Gassmann, Gonzalez Vieta, Mieres\n\t\t\t\t<\/figcaption><\/figure><figure class='gallery-item'>\n\t\t\t<div class='gallery-icon portrait'>\n\t\t\t\t<a href='https:\/\/www.arquimaster.com.ar\/web\/wp-content\/uploads\/2018\/03\/vivienda_lcp61_37.jpg' title=\"Vivienda LCP61 \/ Gassmann, Gonzalez Vieta, Mieres\" data-rl_title=\"Vivienda LCP61 \/ Gassmann, Gonzalez Vieta, Mieres\" class=\"rl-gallery-link\" data-rl_caption=\"Vivienda LCP61 \/ Gassmann, Gonzalez Vieta, Mieres\" data-rel=\"lightbox-gallery-3\"><img loading=\"lazy\" decoding=\"async\" width=\"150\" height=\"150\" src=\"https:\/\/www.arquimaster.com.ar\/web\/wp-content\/uploads\/2018\/03\/vivienda_lcp61_37-150x150.jpg\" class=\"attachment-thumbnail size-thumbnail\" alt=\"\" aria-describedby=\"gallery-3-29359\" srcset=\"https:\/\/www.arquimaster.com.ar\/web\/wp-content\/uploads\/2018\/03\/vivienda_lcp61_37-150x150.jpg 150w, https:\/\/www.arquimaster.com.ar\/web\/wp-content\/uploads\/2018\/03\/vivienda_lcp61_37-50x50.jpg 50w, https:\/\/www.arquimaster.com.ar\/web\/wp-content\/uploads\/2018\/03\/vivienda_lcp61_37-125x125.jpg 125w\" sizes=\"auto, (max-width: 150px) 100vw, 150px\" \/><\/a>\n\t\t\t<\/div>\n\t\t\t\t<figcaption class='wp-caption-text gallery-caption' id='gallery-3-29359'>\n\t\t\t\tVivienda LCP61 \/ Gassmann, Gonzalez Vieta, Mieres\n\t\t\t\t<\/figcaption><\/figure>\n\t\t<\/div>\n\n<p>Interiormente se resolvi\u00f3 agrupar las \u00e1reas de servicio sobre el lateral a medianera (unificando instalaciones) como las \u00e1reas sociales sobre el fondo y lateral. En el segundo nivel, donde se proponen los ambientes privados, se cuenta con dos dormitorios y un ba\u00f1o, como tambi\u00e9n un dormitorio principal en suite, con su ba\u00f1o propio.<\/p>\n<p>Respecto al exterior se dispuso una pileta de forma longitudinal sobre un lateral y se utiliz\u00f3 el subsuelo del sol\u00e1rium para armar un vestuario (ba\u00f1o\/guardado) enterrado, accediendo al mismo desde el mismo deck de madera que se abre de manera mecanizada.<\/p>\n<div id='gallery-4' class='gallery galleryid-29322 gallery-columns-3 gallery-size-thumbnail'><figure class='gallery-item'>\n\t\t\t<div class='gallery-icon landscape'>\n\t\t\t\t<a href='https:\/\/www.arquimaster.com.ar\/web\/wp-content\/uploads\/2018\/03\/vivienda_lcp61_38.jpg' title=\"Vivienda LCP61 \/ Gassmann, Gonzalez Vieta, Mieres\" data-rl_title=\"Vivienda LCP61 \/ Gassmann, Gonzalez Vieta, Mieres\" class=\"rl-gallery-link\" data-rl_caption=\"Vivienda LCP61 \/ Gassmann, Gonzalez Vieta, Mieres\" data-rel=\"lightbox-gallery-4\"><img loading=\"lazy\" decoding=\"async\" width=\"150\" height=\"150\" src=\"https:\/\/www.arquimaster.com.ar\/web\/wp-content\/uploads\/2018\/03\/vivienda_lcp61_38-150x150.jpg\" class=\"attachment-thumbnail size-thumbnail\" alt=\"\" aria-describedby=\"gallery-4-29360\" srcset=\"https:\/\/www.arquimaster.com.ar\/web\/wp-content\/uploads\/2018\/03\/vivienda_lcp61_38-150x150.jpg 150w, https:\/\/www.arquimaster.com.ar\/web\/wp-content\/uploads\/2018\/03\/vivienda_lcp61_38-50x50.jpg 50w, https:\/\/www.arquimaster.com.ar\/web\/wp-content\/uploads\/2018\/03\/vivienda_lcp61_38-125x125.jpg 125w\" sizes=\"auto, (max-width: 150px) 100vw, 150px\" \/><\/a>\n\t\t\t<\/div>\n\t\t\t\t<figcaption class='wp-caption-text gallery-caption' id='gallery-4-29360'>\n\t\t\t\tVivienda LCP61 \/ Gassmann, Gonzalez Vieta, Mieres\n\t\t\t\t<\/figcaption><\/figure><figure class='gallery-item'>\n\t\t\t<div class='gallery-icon portrait'>\n\t\t\t\t<a href='https:\/\/www.arquimaster.com.ar\/web\/wp-content\/uploads\/2018\/03\/vivienda_lcp61_39.jpg' title=\"Vivienda LCP61 \/ Gassmann, Gonzalez Vieta, Mieres\" data-rl_title=\"Vivienda LCP61 \/ Gassmann, Gonzalez Vieta, Mieres\" class=\"rl-gallery-link\" data-rl_caption=\"Vivienda LCP61 \/ Gassmann, Gonzalez Vieta, Mieres\" data-rel=\"lightbox-gallery-4\"><img loading=\"lazy\" decoding=\"async\" width=\"150\" height=\"150\" src=\"https:\/\/www.arquimaster.com.ar\/web\/wp-content\/uploads\/2018\/03\/vivienda_lcp61_39-150x150.jpg\" class=\"attachment-thumbnail size-thumbnail\" alt=\"\" aria-describedby=\"gallery-4-29361\" srcset=\"https:\/\/www.arquimaster.com.ar\/web\/wp-content\/uploads\/2018\/03\/vivienda_lcp61_39-150x150.jpg 150w, https:\/\/www.arquimaster.com.ar\/web\/wp-content\/uploads\/2018\/03\/vivienda_lcp61_39-50x50.jpg 50w, https:\/\/www.arquimaster.com.ar\/web\/wp-content\/uploads\/2018\/03\/vivienda_lcp61_39-125x125.jpg 125w\" sizes=\"auto, (max-width: 150px) 100vw, 150px\" \/><\/a>\n\t\t\t<\/div>\n\t\t\t\t<figcaption class='wp-caption-text gallery-caption' id='gallery-4-29361'>\n\t\t\t\tVivienda LCP61 \/ Gassmann, Gonzalez Vieta, Mieres\n\t\t\t\t<\/figcaption><\/figure><figure class='gallery-item'>\n\t\t\t<div class='gallery-icon portrait'>\n\t\t\t\t<a href='https:\/\/www.arquimaster.com.ar\/web\/wp-content\/uploads\/2018\/03\/vivienda_lcp61_40.jpg' title=\"Vivienda LCP61 \/ Gassmann, Gonzalez Vieta, Mieres\" data-rl_title=\"Vivienda LCP61 \/ Gassmann, Gonzalez Vieta, Mieres\" class=\"rl-gallery-link\" data-rl_caption=\"Vivienda LCP61 \/ Gassmann, Gonzalez Vieta, Mieres\" data-rel=\"lightbox-gallery-4\"><img loading=\"lazy\" decoding=\"async\" width=\"150\" height=\"150\" src=\"https:\/\/www.arquimaster.com.ar\/web\/wp-content\/uploads\/2018\/03\/vivienda_lcp61_40-150x150.jpg\" class=\"attachment-thumbnail size-thumbnail\" alt=\"\" aria-describedby=\"gallery-4-29362\" srcset=\"https:\/\/www.arquimaster.com.ar\/web\/wp-content\/uploads\/2018\/03\/vivienda_lcp61_40-150x150.jpg 150w, https:\/\/www.arquimaster.com.ar\/web\/wp-content\/uploads\/2018\/03\/vivienda_lcp61_40-50x50.jpg 50w, https:\/\/www.arquimaster.com.ar\/web\/wp-content\/uploads\/2018\/03\/vivienda_lcp61_40-125x125.jpg 125w\" sizes=\"auto, (max-width: 150px) 100vw, 150px\" \/><\/a>\n\t\t\t<\/div>\n\t\t\t\t<figcaption class='wp-caption-text gallery-caption' id='gallery-4-29362'>\n\t\t\t\tVivienda LCP61 \/ Gassmann, Gonzalez Vieta, Mieres\n\t\t\t\t<\/figcaption><\/figure><figure class='gallery-item'>\n\t\t\t<div class='gallery-icon landscape'>\n\t\t\t\t<a href='https:\/\/www.arquimaster.com.ar\/web\/wp-content\/uploads\/2018\/03\/vivienda_lcp61_41.jpg' title=\"Vivienda LCP61 \/ Gassmann, Gonzalez Vieta, Mieres\" data-rl_title=\"Vivienda LCP61 \/ Gassmann, Gonzalez Vieta, Mieres\" class=\"rl-gallery-link\" data-rl_caption=\"Vivienda LCP61 \/ Gassmann, Gonzalez Vieta, Mieres\" data-rel=\"lightbox-gallery-4\"><img loading=\"lazy\" decoding=\"async\" width=\"150\" height=\"150\" src=\"https:\/\/www.arquimaster.com.ar\/web\/wp-content\/uploads\/2018\/03\/vivienda_lcp61_41-150x150.jpg\" class=\"attachment-thumbnail size-thumbnail\" alt=\"\" aria-describedby=\"gallery-4-29363\" srcset=\"https:\/\/www.arquimaster.com.ar\/web\/wp-content\/uploads\/2018\/03\/vivienda_lcp61_41-150x150.jpg 150w, https:\/\/www.arquimaster.com.ar\/web\/wp-content\/uploads\/2018\/03\/vivienda_lcp61_41-50x50.jpg 50w, https:\/\/www.arquimaster.com.ar\/web\/wp-content\/uploads\/2018\/03\/vivienda_lcp61_41-125x125.jpg 125w\" sizes=\"auto, (max-width: 150px) 100vw, 150px\" \/><\/a>\n\t\t\t<\/div>\n\t\t\t\t<figcaption class='wp-caption-text gallery-caption' id='gallery-4-29363'>\n\t\t\t\tVivienda LCP61 \/ Gassmann, Gonzalez Vieta, Mieres\n\t\t\t\t<\/figcaption><\/figure><figure class='gallery-item'>\n\t\t\t<div class='gallery-icon portrait'>\n\t\t\t\t<a href='https:\/\/www.arquimaster.com.ar\/web\/wp-content\/uploads\/2018\/03\/vivienda_lcp61_42.jpg' title=\"Vivienda LCP61 \/ Gassmann, Gonzalez Vieta, Mieres\" data-rl_title=\"Vivienda LCP61 \/ Gassmann, Gonzalez Vieta, Mieres\" class=\"rl-gallery-link\" data-rl_caption=\"Vivienda LCP61 \/ Gassmann, Gonzalez Vieta, Mieres\" data-rel=\"lightbox-gallery-4\"><img loading=\"lazy\" decoding=\"async\" width=\"150\" height=\"150\" src=\"https:\/\/www.arquimaster.com.ar\/web\/wp-content\/uploads\/2018\/03\/vivienda_lcp61_42-150x150.jpg\" class=\"attachment-thumbnail size-thumbnail\" alt=\"\" aria-describedby=\"gallery-4-29364\" srcset=\"https:\/\/www.arquimaster.com.ar\/web\/wp-content\/uploads\/2018\/03\/vivienda_lcp61_42-150x150.jpg 150w, https:\/\/www.arquimaster.com.ar\/web\/wp-content\/uploads\/2018\/03\/vivienda_lcp61_42-50x50.jpg 50w, https:\/\/www.arquimaster.com.ar\/web\/wp-content\/uploads\/2018\/03\/vivienda_lcp61_42-125x125.jpg 125w\" sizes=\"auto, (max-width: 150px) 100vw, 150px\" \/><\/a>\n\t\t\t<\/div>\n\t\t\t\t<figcaption class='wp-caption-text gallery-caption' id='gallery-4-29364'>\n\t\t\t\tVivienda LCP61 \/ Gassmann, Gonzalez Vieta, Mieres\n\t\t\t\t<\/figcaption><\/figure><figure class='gallery-item'>\n\t\t\t<div class='gallery-icon portrait'>\n\t\t\t\t<a href='https:\/\/www.arquimaster.com.ar\/web\/wp-content\/uploads\/2018\/03\/vivienda_lcp61_43.jpg' title=\"Vivienda LCP61 \/ Gassmann, Gonzalez Vieta, Mieres\" data-rl_title=\"Vivienda LCP61 \/ Gassmann, Gonzalez Vieta, Mieres\" class=\"rl-gallery-link\" data-rl_caption=\"Vivienda LCP61 \/ Gassmann, Gonzalez Vieta, Mieres\" data-rel=\"lightbox-gallery-4\"><img loading=\"lazy\" decoding=\"async\" width=\"150\" height=\"150\" src=\"https:\/\/www.arquimaster.com.ar\/web\/wp-content\/uploads\/2018\/03\/vivienda_lcp61_43-150x150.jpg\" class=\"attachment-thumbnail size-thumbnail\" alt=\"\" aria-describedby=\"gallery-4-29365\" srcset=\"https:\/\/www.arquimaster.com.ar\/web\/wp-content\/uploads\/2018\/03\/vivienda_lcp61_43-150x150.jpg 150w, https:\/\/www.arquimaster.com.ar\/web\/wp-content\/uploads\/2018\/03\/vivienda_lcp61_43-50x50.jpg 50w, https:\/\/www.arquimaster.com.ar\/web\/wp-content\/uploads\/2018\/03\/vivienda_lcp61_43-125x125.jpg 125w\" sizes=\"auto, (max-width: 150px) 100vw, 150px\" \/><\/a>\n\t\t\t<\/div>\n\t\t\t\t<figcaption class='wp-caption-text gallery-caption' id='gallery-4-29365'>\n\t\t\t\tVivienda LCP61 \/ Gassmann, Gonzalez Vieta, Mieres\n\t\t\t\t<\/figcaption><\/figure><figure class='gallery-item'>\n\t\t\t<div class='gallery-icon portrait'>\n\t\t\t\t<a href='https:\/\/www.arquimaster.com.ar\/web\/wp-content\/uploads\/2018\/03\/vivienda_lcp61_44.jpg' title=\"Vivienda LCP61 \/ Gassmann, Gonzalez Vieta, Mieres\" data-rl_title=\"Vivienda LCP61 \/ Gassmann, Gonzalez Vieta, Mieres\" class=\"rl-gallery-link\" data-rl_caption=\"Vivienda LCP61 \/ Gassmann, Gonzalez Vieta, Mieres\" data-rel=\"lightbox-gallery-4\"><img loading=\"lazy\" decoding=\"async\" width=\"150\" height=\"150\" src=\"https:\/\/www.arquimaster.com.ar\/web\/wp-content\/uploads\/2018\/03\/vivienda_lcp61_44-150x150.jpg\" class=\"attachment-thumbnail size-thumbnail\" alt=\"\" aria-describedby=\"gallery-4-29366\" srcset=\"https:\/\/www.arquimaster.com.ar\/web\/wp-content\/uploads\/2018\/03\/vivienda_lcp61_44-150x150.jpg 150w, https:\/\/www.arquimaster.com.ar\/web\/wp-content\/uploads\/2018\/03\/vivienda_lcp61_44-50x50.jpg 50w, https:\/\/www.arquimaster.com.ar\/web\/wp-content\/uploads\/2018\/03\/vivienda_lcp61_44-125x125.jpg 125w\" sizes=\"auto, (max-width: 150px) 100vw, 150px\" \/><\/a>\n\t\t\t<\/div>\n\t\t\t\t<figcaption class='wp-caption-text gallery-caption' id='gallery-4-29366'>\n\t\t\t\tVivienda LCP61 \/ Gassmann, Gonzalez Vieta, Mieres\n\t\t\t\t<\/figcaption><\/figure><figure class='gallery-item'>\n\t\t\t<div class='gallery-icon portrait'>\n\t\t\t\t<a href='https:\/\/www.arquimaster.com.ar\/web\/wp-content\/uploads\/2018\/03\/vivienda_lcp61_45.jpg' title=\"Vivienda LCP61 \/ Gassmann, Gonzalez Vieta, Mieres\" data-rl_title=\"Vivienda LCP61 \/ Gassmann, Gonzalez Vieta, Mieres\" class=\"rl-gallery-link\" data-rl_caption=\"Vivienda LCP61 \/ Gassmann, Gonzalez Vieta, Mieres\" data-rel=\"lightbox-gallery-4\"><img loading=\"lazy\" decoding=\"async\" width=\"150\" height=\"150\" src=\"https:\/\/www.arquimaster.com.ar\/web\/wp-content\/uploads\/2018\/03\/vivienda_lcp61_45-150x150.jpg\" class=\"attachment-thumbnail size-thumbnail\" alt=\"\" aria-describedby=\"gallery-4-29367\" srcset=\"https:\/\/www.arquimaster.com.ar\/web\/wp-content\/uploads\/2018\/03\/vivienda_lcp61_45-150x150.jpg 150w, https:\/\/www.arquimaster.com.ar\/web\/wp-content\/uploads\/2018\/03\/vivienda_lcp61_45-50x50.jpg 50w, https:\/\/www.arquimaster.com.ar\/web\/wp-content\/uploads\/2018\/03\/vivienda_lcp61_45-125x125.jpg 125w\" sizes=\"auto, (max-width: 150px) 100vw, 150px\" \/><\/a>\n\t\t\t<\/div>\n\t\t\t\t<figcaption class='wp-caption-text gallery-caption' id='gallery-4-29367'>\n\t\t\t\tVivienda LCP61 \/ Gassmann, Gonzalez Vieta, Mieres\n\t\t\t\t<\/figcaption><\/figure><figure class='gallery-item'>\n\t\t\t<div class='gallery-icon landscape'>\n\t\t\t\t<a href='https:\/\/www.arquimaster.com.ar\/web\/wp-content\/uploads\/2018\/03\/vivienda_lcp61_46.jpg' title=\"Vivienda LCP61 \/ Gassmann, Gonzalez Vieta, Mieres\" data-rl_title=\"Vivienda LCP61 \/ Gassmann, Gonzalez Vieta, Mieres\" class=\"rl-gallery-link\" data-rl_caption=\"Vivienda LCP61 \/ Gassmann, Gonzalez Vieta, Mieres\" data-rel=\"lightbox-gallery-4\"><img loading=\"lazy\" decoding=\"async\" width=\"150\" height=\"150\" src=\"https:\/\/www.arquimaster.com.ar\/web\/wp-content\/uploads\/2018\/03\/vivienda_lcp61_46-150x150.jpg\" class=\"attachment-thumbnail size-thumbnail\" alt=\"\" aria-describedby=\"gallery-4-29368\" srcset=\"https:\/\/www.arquimaster.com.ar\/web\/wp-content\/uploads\/2018\/03\/vivienda_lcp61_46-150x150.jpg 150w, https:\/\/www.arquimaster.com.ar\/web\/wp-content\/uploads\/2018\/03\/vivienda_lcp61_46-50x50.jpg 50w, https:\/\/www.arquimaster.com.ar\/web\/wp-content\/uploads\/2018\/03\/vivienda_lcp61_46-125x125.jpg 125w\" sizes=\"auto, (max-width: 150px) 100vw, 150px\" \/><\/a>\n\t\t\t<\/div>\n\t\t\t\t<figcaption class='wp-caption-text gallery-caption' id='gallery-4-29368'>\n\t\t\t\tVivienda LCP61 \/ Gassmann, Gonzalez Vieta, Mieres\n\t\t\t\t<\/figcaption><\/figure><figure class='gallery-item'>\n\t\t\t<div class='gallery-icon landscape'>\n\t\t\t\t<a href='https:\/\/www.arquimaster.com.ar\/web\/wp-content\/uploads\/2018\/03\/vivienda_lcp61_47.jpg' title=\"Vivienda LCP61 \/ Gassmann, Gonzalez Vieta, Mieres\" data-rl_title=\"Vivienda LCP61 \/ Gassmann, Gonzalez Vieta, Mieres\" class=\"rl-gallery-link\" data-rl_caption=\"Vivienda LCP61 \/ Gassmann, Gonzalez Vieta, Mieres\" data-rel=\"lightbox-gallery-4\"><img loading=\"lazy\" decoding=\"async\" width=\"150\" height=\"150\" src=\"https:\/\/www.arquimaster.com.ar\/web\/wp-content\/uploads\/2018\/03\/vivienda_lcp61_47-150x150.jpg\" class=\"attachment-thumbnail size-thumbnail\" alt=\"\" aria-describedby=\"gallery-4-29369\" srcset=\"https:\/\/www.arquimaster.com.ar\/web\/wp-content\/uploads\/2018\/03\/vivienda_lcp61_47-150x150.jpg 150w, https:\/\/www.arquimaster.com.ar\/web\/wp-content\/uploads\/2018\/03\/vivienda_lcp61_47-50x50.jpg 50w, https:\/\/www.arquimaster.com.ar\/web\/wp-content\/uploads\/2018\/03\/vivienda_lcp61_47-125x125.jpg 125w\" sizes=\"auto, (max-width: 150px) 100vw, 150px\" \/><\/a>\n\t\t\t<\/div>\n\t\t\t\t<figcaption class='wp-caption-text gallery-caption' id='gallery-4-29369'>\n\t\t\t\tVivienda LCP61 \/ Gassmann, Gonzalez Vieta, Mieres\n\t\t\t\t<\/figcaption><\/figure><figure class='gallery-item'>\n\t\t\t<div class='gallery-icon landscape'>\n\t\t\t\t<a href='https:\/\/www.arquimaster.com.ar\/web\/wp-content\/uploads\/2018\/03\/vivienda_lcp61_48.jpg' title=\"Vivienda LCP61 \/ Gassmann, Gonzalez Vieta, Mieres\" data-rl_title=\"Vivienda LCP61 \/ Gassmann, Gonzalez Vieta, Mieres\" class=\"rl-gallery-link\" data-rl_caption=\"Vivienda LCP61 \/ Gassmann, Gonzalez Vieta, Mieres\" data-rel=\"lightbox-gallery-4\"><img loading=\"lazy\" decoding=\"async\" width=\"150\" height=\"150\" src=\"https:\/\/www.arquimaster.com.ar\/web\/wp-content\/uploads\/2018\/03\/vivienda_lcp61_48-150x150.jpg\" class=\"attachment-thumbnail size-thumbnail\" alt=\"\" aria-describedby=\"gallery-4-29370\" srcset=\"https:\/\/www.arquimaster.com.ar\/web\/wp-content\/uploads\/2018\/03\/vivienda_lcp61_48-150x150.jpg 150w, https:\/\/www.arquimaster.com.ar\/web\/wp-content\/uploads\/2018\/03\/vivienda_lcp61_48-50x50.jpg 50w, https:\/\/www.arquimaster.com.ar\/web\/wp-content\/uploads\/2018\/03\/vivienda_lcp61_48-125x125.jpg 125w\" sizes=\"auto, (max-width: 150px) 100vw, 150px\" \/><\/a>\n\t\t\t<\/div>\n\t\t\t\t<figcaption class='wp-caption-text gallery-caption' id='gallery-4-29370'>\n\t\t\t\tVivienda LCP61 \/ Gassmann, Gonzalez Vieta, Mieres\n\t\t\t\t<\/figcaption><\/figure><figure class='gallery-item'>\n\t\t\t<div class='gallery-icon portrait'>\n\t\t\t\t<a href='https:\/\/www.arquimaster.com.ar\/web\/wp-content\/uploads\/2018\/03\/vivienda_lcp61_49.jpg' title=\"Vivienda LCP61 \/ Gassmann, Gonzalez Vieta, Mieres\" data-rl_title=\"Vivienda LCP61 \/ Gassmann, Gonzalez Vieta, Mieres\" class=\"rl-gallery-link\" data-rl_caption=\"Vivienda LCP61 \/ Gassmann, Gonzalez Vieta, Mieres\" data-rel=\"lightbox-gallery-4\"><img loading=\"lazy\" decoding=\"async\" width=\"150\" height=\"150\" src=\"https:\/\/www.arquimaster.com.ar\/web\/wp-content\/uploads\/2018\/03\/vivienda_lcp61_49-150x150.jpg\" class=\"attachment-thumbnail size-thumbnail\" alt=\"\" aria-describedby=\"gallery-4-29371\" srcset=\"https:\/\/www.arquimaster.com.ar\/web\/wp-content\/uploads\/2018\/03\/vivienda_lcp61_49-150x150.jpg 150w, https:\/\/www.arquimaster.com.ar\/web\/wp-content\/uploads\/2018\/03\/vivienda_lcp61_49-50x50.jpg 50w, https:\/\/www.arquimaster.com.ar\/web\/wp-content\/uploads\/2018\/03\/vivienda_lcp61_49-125x125.jpg 125w\" sizes=\"auto, (max-width: 150px) 100vw, 150px\" \/><\/a>\n\t\t\t<\/div>\n\t\t\t\t<figcaption class='wp-caption-text gallery-caption' id='gallery-4-29371'>\n\t\t\t\tVivienda LCP61 \/ Gassmann, Gonzalez Vieta, Mieres\n\t\t\t\t<\/figcaption><\/figure><figure class='gallery-item'>\n\t\t\t<div class='gallery-icon landscape'>\n\t\t\t\t<a href='https:\/\/www.arquimaster.com.ar\/web\/wp-content\/uploads\/2018\/03\/vivienda_lcp61_50.jpg' title=\"Vivienda LCP61 \/ Gassmann, Gonzalez Vieta, Mieres\" data-rl_title=\"Vivienda LCP61 \/ Gassmann, Gonzalez Vieta, Mieres\" class=\"rl-gallery-link\" data-rl_caption=\"Vivienda LCP61 \/ Gassmann, Gonzalez Vieta, Mieres\" data-rel=\"lightbox-gallery-4\"><img loading=\"lazy\" decoding=\"async\" width=\"150\" height=\"150\" src=\"https:\/\/www.arquimaster.com.ar\/web\/wp-content\/uploads\/2018\/03\/vivienda_lcp61_50-150x150.jpg\" class=\"attachment-thumbnail size-thumbnail\" alt=\"\" aria-describedby=\"gallery-4-29372\" srcset=\"https:\/\/www.arquimaster.com.ar\/web\/wp-content\/uploads\/2018\/03\/vivienda_lcp61_50-150x150.jpg 150w, https:\/\/www.arquimaster.com.ar\/web\/wp-content\/uploads\/2018\/03\/vivienda_lcp61_50-50x50.jpg 50w, https:\/\/www.arquimaster.com.ar\/web\/wp-content\/uploads\/2018\/03\/vivienda_lcp61_50-125x125.jpg 125w\" sizes=\"auto, (max-width: 150px) 100vw, 150px\" \/><\/a>\n\t\t\t<\/div>\n\t\t\t\t<figcaption class='wp-caption-text gallery-caption' id='gallery-4-29372'>\n\t\t\t\tVivienda LCP61 \/ Gassmann, Gonzalez Vieta, Mieres\n\t\t\t\t<\/figcaption><\/figure><figure class='gallery-item'>\n\t\t\t<div class='gallery-icon portrait'>\n\t\t\t\t<a href='https:\/\/www.arquimaster.com.ar\/web\/wp-content\/uploads\/2018\/03\/vivienda_lcp61_51.jpg' title=\"Vivienda LCP61 \/ Gassmann, Gonzalez Vieta, Mieres\" data-rl_title=\"Vivienda LCP61 \/ Gassmann, Gonzalez Vieta, Mieres\" class=\"rl-gallery-link\" data-rl_caption=\"Vivienda LCP61 \/ Gassmann, Gonzalez Vieta, Mieres\" data-rel=\"lightbox-gallery-4\"><img loading=\"lazy\" decoding=\"async\" width=\"150\" height=\"150\" src=\"https:\/\/www.arquimaster.com.ar\/web\/wp-content\/uploads\/2018\/03\/vivienda_lcp61_51-150x150.jpg\" class=\"attachment-thumbnail size-thumbnail\" alt=\"\" aria-describedby=\"gallery-4-29373\" srcset=\"https:\/\/www.arquimaster.com.ar\/web\/wp-content\/uploads\/2018\/03\/vivienda_lcp61_51-150x150.jpg 150w, https:\/\/www.arquimaster.com.ar\/web\/wp-content\/uploads\/2018\/03\/vivienda_lcp61_51-50x50.jpg 50w, https:\/\/www.arquimaster.com.ar\/web\/wp-content\/uploads\/2018\/03\/vivienda_lcp61_51-125x125.jpg 125w\" sizes=\"auto, (max-width: 150px) 100vw, 150px\" \/><\/a>\n\t\t\t<\/div>\n\t\t\t\t<figcaption class='wp-caption-text gallery-caption' id='gallery-4-29373'>\n\t\t\t\tVivienda LCP61 \/ Gassmann, Gonzalez Vieta, Mieres\n\t\t\t\t<\/figcaption><\/figure><figure class='gallery-item'>\n\t\t\t<div class='gallery-icon portrait'>\n\t\t\t\t<a href='https:\/\/www.arquimaster.com.ar\/web\/wp-content\/uploads\/2018\/03\/vivienda_lcp61_52.jpg' title=\"Vivienda LCP61 \/ Gassmann, Gonzalez Vieta, Mieres\" data-rl_title=\"Vivienda LCP61 \/ Gassmann, Gonzalez Vieta, Mieres\" class=\"rl-gallery-link\" data-rl_caption=\"Vivienda LCP61 \/ Gassmann, Gonzalez Vieta, Mieres\" data-rel=\"lightbox-gallery-4\"><img loading=\"lazy\" decoding=\"async\" width=\"150\" height=\"150\" src=\"https:\/\/www.arquimaster.com.ar\/web\/wp-content\/uploads\/2018\/03\/vivienda_lcp61_52-150x150.jpg\" class=\"attachment-thumbnail size-thumbnail\" alt=\"\" aria-describedby=\"gallery-4-29374\" srcset=\"https:\/\/www.arquimaster.com.ar\/web\/wp-content\/uploads\/2018\/03\/vivienda_lcp61_52-150x150.jpg 150w, https:\/\/www.arquimaster.com.ar\/web\/wp-content\/uploads\/2018\/03\/vivienda_lcp61_52-50x50.jpg 50w, https:\/\/www.arquimaster.com.ar\/web\/wp-content\/uploads\/2018\/03\/vivienda_lcp61_52-125x125.jpg 125w\" sizes=\"auto, (max-width: 150px) 100vw, 150px\" \/><\/a>\n\t\t\t<\/div>\n\t\t\t\t<figcaption class='wp-caption-text gallery-caption' id='gallery-4-29374'>\n\t\t\t\tVivienda LCP61 \/ Gassmann, Gonzalez Vieta, Mieres\n\t\t\t\t<\/figcaption><\/figure><figure class='gallery-item'>\n\t\t\t<div class='gallery-icon landscape'>\n\t\t\t\t<a href='https:\/\/www.arquimaster.com.ar\/web\/wp-content\/uploads\/2018\/03\/vivienda_lcp61_53.jpg' title=\"Vivienda LCP61 \/ Gassmann, Gonzalez Vieta, Mieres (proyectistas)\" data-rl_title=\"Vivienda LCP61 \/ Gassmann, Gonzalez Vieta, Mieres (proyectistas)\" class=\"rl-gallery-link\" data-rl_caption=\"Vivienda LCP61 \/ Gassmann, Gonzalez Vieta, Mieres (proyectistas)\" data-rel=\"lightbox-gallery-4\"><img loading=\"lazy\" decoding=\"async\" width=\"150\" height=\"150\" src=\"https:\/\/www.arquimaster.com.ar\/web\/wp-content\/uploads\/2018\/03\/vivienda_lcp61_53-150x150.jpg\" class=\"attachment-thumbnail size-thumbnail\" alt=\"\" aria-describedby=\"gallery-4-29375\" srcset=\"https:\/\/www.arquimaster.com.ar\/web\/wp-content\/uploads\/2018\/03\/vivienda_lcp61_53-150x150.jpg 150w, https:\/\/www.arquimaster.com.ar\/web\/wp-content\/uploads\/2018\/03\/vivienda_lcp61_53-50x50.jpg 50w, https:\/\/www.arquimaster.com.ar\/web\/wp-content\/uploads\/2018\/03\/vivienda_lcp61_53-125x125.jpg 125w\" sizes=\"auto, (max-width: 150px) 100vw, 150px\" \/><\/a>\n\t\t\t<\/div>\n\t\t\t\t<figcaption class='wp-caption-text gallery-caption' id='gallery-4-29375'>\n\t\t\t\tVivienda LCP61 \/ Gassmann, Gonzalez Vieta, Mieres (proyectistas)\n\t\t\t\t<\/figcaption><\/figure><figure class='gallery-item'>\n\t\t\t<div class='gallery-icon portrait'>\n\t\t\t\t<a href='https:\/\/www.arquimaster.com.ar\/web\/wp-content\/uploads\/2018\/03\/vivienda_lcp61_54.jpg' title=\"Vivienda LCP61 \/ Gassmann, Gonzalez Vieta, Mieres (implantaci\u00f3n)\" data-rl_title=\"Vivienda LCP61 \/ Gassmann, Gonzalez Vieta, Mieres (implantaci\u00f3n)\" class=\"rl-gallery-link\" data-rl_caption=\"Vivienda LCP61 \/ Gassmann, Gonzalez Vieta, Mieres (implantaci\u00f3n)\" data-rel=\"lightbox-gallery-4\"><img loading=\"lazy\" decoding=\"async\" width=\"150\" height=\"150\" src=\"https:\/\/www.arquimaster.com.ar\/web\/wp-content\/uploads\/2018\/03\/vivienda_lcp61_54-150x150.jpg\" class=\"attachment-thumbnail size-thumbnail\" alt=\"\" aria-describedby=\"gallery-4-29376\" srcset=\"https:\/\/www.arquimaster.com.ar\/web\/wp-content\/uploads\/2018\/03\/vivienda_lcp61_54-150x150.jpg 150w, https:\/\/www.arquimaster.com.ar\/web\/wp-content\/uploads\/2018\/03\/vivienda_lcp61_54-50x50.jpg 50w, https:\/\/www.arquimaster.com.ar\/web\/wp-content\/uploads\/2018\/03\/vivienda_lcp61_54-125x125.jpg 125w\" sizes=\"auto, (max-width: 150px) 100vw, 150px\" \/><\/a>\n\t\t\t<\/div>\n\t\t\t\t<figcaption class='wp-caption-text gallery-caption' id='gallery-4-29376'>\n\t\t\t\tVivienda LCP61 \/ Gassmann, Gonzalez Vieta, Mieres (implantaci\u00f3n)\n\t\t\t\t<\/figcaption><\/figure><figure class='gallery-item'>\n\t\t\t<div class='gallery-icon portrait'>\n\t\t\t\t<a href='https:\/\/www.arquimaster.com.ar\/web\/wp-content\/uploads\/2018\/03\/vivienda_lcp61_55.jpg' title=\"Vivienda LCP61 \/ Gassmann, Gonzalez Vieta, Mieres (planta baja)\" data-rl_title=\"Vivienda LCP61 \/ Gassmann, Gonzalez Vieta, Mieres (planta baja)\" class=\"rl-gallery-link\" data-rl_caption=\"Vivienda LCP61 \/ Gassmann, Gonzalez Vieta, Mieres (planta baja)\" data-rel=\"lightbox-gallery-4\"><img loading=\"lazy\" decoding=\"async\" width=\"150\" height=\"150\" src=\"https:\/\/www.arquimaster.com.ar\/web\/wp-content\/uploads\/2018\/03\/vivienda_lcp61_55-150x150.jpg\" class=\"attachment-thumbnail size-thumbnail\" alt=\"\" aria-describedby=\"gallery-4-29377\" srcset=\"https:\/\/www.arquimaster.com.ar\/web\/wp-content\/uploads\/2018\/03\/vivienda_lcp61_55-150x150.jpg 150w, https:\/\/www.arquimaster.com.ar\/web\/wp-content\/uploads\/2018\/03\/vivienda_lcp61_55-50x50.jpg 50w, https:\/\/www.arquimaster.com.ar\/web\/wp-content\/uploads\/2018\/03\/vivienda_lcp61_55-125x125.jpg 125w\" sizes=\"auto, (max-width: 150px) 100vw, 150px\" \/><\/a>\n\t\t\t<\/div>\n\t\t\t\t<figcaption class='wp-caption-text gallery-caption' id='gallery-4-29377'>\n\t\t\t\tVivienda LCP61 \/ Gassmann, Gonzalez Vieta, Mieres (planta baja)\n\t\t\t\t<\/figcaption><\/figure><figure class='gallery-item'>\n\t\t\t<div class='gallery-icon landscape'>\n\t\t\t\t<a href='https:\/\/www.arquimaster.com.ar\/web\/wp-content\/uploads\/2018\/03\/vivienda_lcp61_56.jpg' title=\"Vivienda LCP61 \/ Gassmann, Gonzalez Vieta, Mieres (planta alta)\" data-rl_title=\"Vivienda LCP61 \/ Gassmann, Gonzalez Vieta, Mieres (planta alta)\" class=\"rl-gallery-link\" data-rl_caption=\"Vivienda LCP61 \/ Gassmann, Gonzalez Vieta, Mieres (planta alta)\" data-rel=\"lightbox-gallery-4\"><img loading=\"lazy\" decoding=\"async\" width=\"150\" height=\"150\" src=\"https:\/\/www.arquimaster.com.ar\/web\/wp-content\/uploads\/2018\/03\/vivienda_lcp61_56-150x150.jpg\" class=\"attachment-thumbnail size-thumbnail\" alt=\"\" aria-describedby=\"gallery-4-29378\" srcset=\"https:\/\/www.arquimaster.com.ar\/web\/wp-content\/uploads\/2018\/03\/vivienda_lcp61_56-150x150.jpg 150w, https:\/\/www.arquimaster.com.ar\/web\/wp-content\/uploads\/2018\/03\/vivienda_lcp61_56-50x50.jpg 50w, https:\/\/www.arquimaster.com.ar\/web\/wp-content\/uploads\/2018\/03\/vivienda_lcp61_56-125x125.jpg 125w\" sizes=\"auto, (max-width: 150px) 100vw, 150px\" \/><\/a>\n\t\t\t<\/div>\n\t\t\t\t<figcaption class='wp-caption-text gallery-caption' id='gallery-4-29378'>\n\t\t\t\tVivienda LCP61 \/ Gassmann, Gonzalez Vieta, Mieres (planta alta)\n\t\t\t\t<\/figcaption><\/figure><figure class='gallery-item'>\n\t\t\t<div class='gallery-icon landscape'>\n\t\t\t\t<a href='https:\/\/www.arquimaster.com.ar\/web\/wp-content\/uploads\/2018\/03\/vivienda_lcp61_57.jpg' title=\"Vivienda LCP61 \/ Gassmann, Gonzalez Vieta, Mieres (planta de techos)\" data-rl_title=\"Vivienda LCP61 \/ Gassmann, Gonzalez Vieta, Mieres (planta de techos)\" class=\"rl-gallery-link\" data-rl_caption=\"Vivienda LCP61 \/ Gassmann, Gonzalez Vieta, Mieres (planta de techos)\" data-rel=\"lightbox-gallery-4\"><img loading=\"lazy\" decoding=\"async\" width=\"150\" height=\"150\" src=\"https:\/\/www.arquimaster.com.ar\/web\/wp-content\/uploads\/2018\/03\/vivienda_lcp61_57-150x150.jpg\" class=\"attachment-thumbnail size-thumbnail\" alt=\"\" aria-describedby=\"gallery-4-29379\" srcset=\"https:\/\/www.arquimaster.com.ar\/web\/wp-content\/uploads\/2018\/03\/vivienda_lcp61_57-150x150.jpg 150w, https:\/\/www.arquimaster.com.ar\/web\/wp-content\/uploads\/2018\/03\/vivienda_lcp61_57-50x50.jpg 50w, https:\/\/www.arquimaster.com.ar\/web\/wp-content\/uploads\/2018\/03\/vivienda_lcp61_57-125x125.jpg 125w\" sizes=\"auto, (max-width: 150px) 100vw, 150px\" \/><\/a>\n\t\t\t<\/div>\n\t\t\t\t<figcaption class='wp-caption-text gallery-caption' id='gallery-4-29379'>\n\t\t\t\tVivienda LCP61 \/ Gassmann, Gonzalez Vieta, Mieres (planta de techos)\n\t\t\t\t<\/figcaption><\/figure><figure class='gallery-item'>\n\t\t\t<div class='gallery-icon landscape'>\n\t\t\t\t<a href='https:\/\/www.arquimaster.com.ar\/web\/wp-content\/uploads\/2018\/03\/vivienda_lcp61_58.jpg' title=\"Vivienda LCP61 \/ Gassmann, Gonzalez Vieta, Mieres (planta subsuelo)\" data-rl_title=\"Vivienda LCP61 \/ Gassmann, Gonzalez Vieta, Mieres (planta subsuelo)\" class=\"rl-gallery-link\" data-rl_caption=\"Vivienda LCP61 \/ Gassmann, Gonzalez Vieta, Mieres (planta subsuelo)\" data-rel=\"lightbox-gallery-4\"><img loading=\"lazy\" decoding=\"async\" width=\"150\" height=\"150\" src=\"https:\/\/www.arquimaster.com.ar\/web\/wp-content\/uploads\/2018\/03\/vivienda_lcp61_58-150x150.jpg\" class=\"attachment-thumbnail size-thumbnail\" alt=\"\" aria-describedby=\"gallery-4-29380\" srcset=\"https:\/\/www.arquimaster.com.ar\/web\/wp-content\/uploads\/2018\/03\/vivienda_lcp61_58-150x150.jpg 150w, https:\/\/www.arquimaster.com.ar\/web\/wp-content\/uploads\/2018\/03\/vivienda_lcp61_58-50x50.jpg 50w, https:\/\/www.arquimaster.com.ar\/web\/wp-content\/uploads\/2018\/03\/vivienda_lcp61_58-125x125.jpg 125w\" sizes=\"auto, (max-width: 150px) 100vw, 150px\" \/><\/a>\n\t\t\t<\/div>\n\t\t\t\t<figcaption class='wp-caption-text gallery-caption' id='gallery-4-29380'>\n\t\t\t\tVivienda LCP61 \/ Gassmann, Gonzalez Vieta, Mieres (planta subsuelo)\n\t\t\t\t<\/figcaption><\/figure><figure class='gallery-item'>\n\t\t\t<div class='gallery-icon landscape'>\n\t\t\t\t<a href='https:\/\/www.arquimaster.com.ar\/web\/wp-content\/uploads\/2018\/03\/vivienda_lcp61_59.jpg' title=\"Vivienda LCP61 \/ Gassmann, Gonzalez Vieta, Mieres (corte)\" data-rl_title=\"Vivienda LCP61 \/ Gassmann, Gonzalez Vieta, Mieres (corte)\" class=\"rl-gallery-link\" data-rl_caption=\"Vivienda LCP61 \/ Gassmann, Gonzalez Vieta, Mieres (corte)\" data-rel=\"lightbox-gallery-4\"><img loading=\"lazy\" decoding=\"async\" width=\"150\" height=\"150\" src=\"https:\/\/www.arquimaster.com.ar\/web\/wp-content\/uploads\/2018\/03\/vivienda_lcp61_59-150x150.jpg\" class=\"attachment-thumbnail size-thumbnail\" alt=\"\" aria-describedby=\"gallery-4-29381\" srcset=\"https:\/\/www.arquimaster.com.ar\/web\/wp-content\/uploads\/2018\/03\/vivienda_lcp61_59-150x150.jpg 150w, https:\/\/www.arquimaster.com.ar\/web\/wp-content\/uploads\/2018\/03\/vivienda_lcp61_59-50x50.jpg 50w, https:\/\/www.arquimaster.com.ar\/web\/wp-content\/uploads\/2018\/03\/vivienda_lcp61_59-125x125.jpg 125w\" sizes=\"auto, (max-width: 150px) 100vw, 150px\" \/><\/a>\n\t\t\t<\/div>\n\t\t\t\t<figcaption class='wp-caption-text gallery-caption' id='gallery-4-29381'>\n\t\t\t\tVivienda LCP61 \/ Gassmann, Gonzalez Vieta, Mieres (corte)\n\t\t\t\t<\/figcaption><\/figure><figure class='gallery-item'>\n\t\t\t<div class='gallery-icon landscape'>\n\t\t\t\t<a href='https:\/\/www.arquimaster.com.ar\/web\/wp-content\/uploads\/2018\/03\/vivienda_lcp61_60.jpg' title=\"Vivienda LCP61 \/ Gassmann, Gonzalez Vieta, Mieres (corte)\" data-rl_title=\"Vivienda LCP61 \/ Gassmann, Gonzalez Vieta, Mieres (corte)\" class=\"rl-gallery-link\" data-rl_caption=\"Vivienda LCP61 \/ Gassmann, Gonzalez Vieta, Mieres (corte)\" data-rel=\"lightbox-gallery-4\"><img loading=\"lazy\" decoding=\"async\" width=\"150\" height=\"150\" src=\"https:\/\/www.arquimaster.com.ar\/web\/wp-content\/uploads\/2018\/03\/vivienda_lcp61_60-150x150.jpg\" class=\"attachment-thumbnail size-thumbnail\" alt=\"\" aria-describedby=\"gallery-4-29382\" srcset=\"https:\/\/www.arquimaster.com.ar\/web\/wp-content\/uploads\/2018\/03\/vivienda_lcp61_60-150x150.jpg 150w, https:\/\/www.arquimaster.com.ar\/web\/wp-content\/uploads\/2018\/03\/vivienda_lcp61_60-50x50.jpg 50w, https:\/\/www.arquimaster.com.ar\/web\/wp-content\/uploads\/2018\/03\/vivienda_lcp61_60-125x125.jpg 125w\" sizes=\"auto, (max-width: 150px) 100vw, 150px\" \/><\/a>\n\t\t\t<\/div>\n\t\t\t\t<figcaption class='wp-caption-text gallery-caption' id='gallery-4-29382'>\n\t\t\t\tVivienda LCP61 \/ Gassmann, Gonzalez Vieta, Mieres (corte)\n\t\t\t\t<\/figcaption><\/figure><figure class='gallery-item'>\n\t\t\t<div class='gallery-icon landscape'>\n\t\t\t\t<a href='https:\/\/www.arquimaster.com.ar\/web\/wp-content\/uploads\/2018\/03\/vivienda_lcp61_61.jpg' title=\"Vivienda LCP61 \/ Gassmann, Gonzalez Vieta, Mieres (corte)\" data-rl_title=\"Vivienda LCP61 \/ Gassmann, Gonzalez Vieta, Mieres (corte)\" class=\"rl-gallery-link\" data-rl_caption=\"Vivienda LCP61 \/ Gassmann, Gonzalez Vieta, Mieres (corte)\" data-rel=\"lightbox-gallery-4\"><img loading=\"lazy\" decoding=\"async\" width=\"150\" height=\"150\" src=\"https:\/\/www.arquimaster.com.ar\/web\/wp-content\/uploads\/2018\/03\/vivienda_lcp61_61-150x150.jpg\" class=\"attachment-thumbnail size-thumbnail\" alt=\"\" aria-describedby=\"gallery-4-29383\" srcset=\"https:\/\/www.arquimaster.com.ar\/web\/wp-content\/uploads\/2018\/03\/vivienda_lcp61_61-150x150.jpg 150w, https:\/\/www.arquimaster.com.ar\/web\/wp-content\/uploads\/2018\/03\/vivienda_lcp61_61-50x50.jpg 50w, https:\/\/www.arquimaster.com.ar\/web\/wp-content\/uploads\/2018\/03\/vivienda_lcp61_61-125x125.jpg 125w\" sizes=\"auto, (max-width: 150px) 100vw, 150px\" \/><\/a>\n\t\t\t<\/div>\n\t\t\t\t<figcaption class='wp-caption-text gallery-caption' id='gallery-4-29383'>\n\t\t\t\tVivienda LCP61 \/ Gassmann, Gonzalez Vieta, Mieres (corte)\n\t\t\t\t<\/figcaption><\/figure><figure class='gallery-item'>\n\t\t\t<div class='gallery-icon landscape'>\n\t\t\t\t<a href='https:\/\/www.arquimaster.com.ar\/web\/wp-content\/uploads\/2018\/03\/vivienda_lcp61_62.jpg' title=\"Vivienda LCP61 \/ Gassmann, Gonzalez Vieta, Mieres (vista)\" data-rl_title=\"Vivienda LCP61 \/ Gassmann, Gonzalez Vieta, Mieres (vista)\" class=\"rl-gallery-link\" data-rl_caption=\"Vivienda LCP61 \/ Gassmann, Gonzalez Vieta, Mieres (vista)\" data-rel=\"lightbox-gallery-4\"><img loading=\"lazy\" decoding=\"async\" width=\"150\" height=\"150\" src=\"https:\/\/www.arquimaster.com.ar\/web\/wp-content\/uploads\/2018\/03\/vivienda_lcp61_62-150x150.jpg\" class=\"attachment-thumbnail size-thumbnail\" alt=\"\" aria-describedby=\"gallery-4-29384\" srcset=\"https:\/\/www.arquimaster.com.ar\/web\/wp-content\/uploads\/2018\/03\/vivienda_lcp61_62-150x150.jpg 150w, https:\/\/www.arquimaster.com.ar\/web\/wp-content\/uploads\/2018\/03\/vivienda_lcp61_62-50x50.jpg 50w, https:\/\/www.arquimaster.com.ar\/web\/wp-content\/uploads\/2018\/03\/vivienda_lcp61_62-125x125.jpg 125w\" sizes=\"auto, (max-width: 150px) 100vw, 150px\" \/><\/a>\n\t\t\t<\/div>\n\t\t\t\t<figcaption class='wp-caption-text gallery-caption' id='gallery-4-29384'>\n\t\t\t\tVivienda LCP61 \/ Gassmann, Gonzalez Vieta, Mieres (vista)\n\t\t\t\t<\/figcaption><\/figure><figure class='gallery-item'>\n\t\t\t<div class='gallery-icon landscape'>\n\t\t\t\t<a href='https:\/\/www.arquimaster.com.ar\/web\/wp-content\/uploads\/2018\/03\/vivienda_lcp61_63.jpg' title=\"Vivienda LCP61 \/ Gassmann, Gonzalez Vieta, Mieres (vista)\" data-rl_title=\"Vivienda LCP61 \/ Gassmann, Gonzalez Vieta, Mieres (vista)\" class=\"rl-gallery-link\" data-rl_caption=\"Vivienda LCP61 \/ Gassmann, Gonzalez Vieta, Mieres (vista)\" data-rel=\"lightbox-gallery-4\"><img loading=\"lazy\" decoding=\"async\" width=\"150\" height=\"150\" src=\"https:\/\/www.arquimaster.com.ar\/web\/wp-content\/uploads\/2018\/03\/vivienda_lcp61_63-150x150.jpg\" class=\"attachment-thumbnail size-thumbnail\" alt=\"\" aria-describedby=\"gallery-4-29385\" srcset=\"https:\/\/www.arquimaster.com.ar\/web\/wp-content\/uploads\/2018\/03\/vivienda_lcp61_63-150x150.jpg 150w, https:\/\/www.arquimaster.com.ar\/web\/wp-content\/uploads\/2018\/03\/vivienda_lcp61_63-50x50.jpg 50w, https:\/\/www.arquimaster.com.ar\/web\/wp-content\/uploads\/2018\/03\/vivienda_lcp61_63-125x125.jpg 125w\" sizes=\"auto, (max-width: 150px) 100vw, 150px\" \/><\/a>\n\t\t\t<\/div>\n\t\t\t\t<figcaption class='wp-caption-text gallery-caption' id='gallery-4-29385'>\n\t\t\t\tVivienda LCP61 \/ Gassmann, Gonzalez Vieta, Mieres (vista)\n\t\t\t\t<\/figcaption><\/figure><figure class='gallery-item'>\n\t\t\t<div class='gallery-icon landscape'>\n\t\t\t\t<a href='https:\/\/www.arquimaster.com.ar\/web\/wp-content\/uploads\/2018\/03\/vivienda_lcp61_64.jpg' title=\"Vivienda LCP61 \/ Gassmann, Gonzalez Vieta, Mieres (vista)\" data-rl_title=\"Vivienda LCP61 \/ Gassmann, Gonzalez Vieta, Mieres (vista)\" class=\"rl-gallery-link\" data-rl_caption=\"Vivienda LCP61 \/ Gassmann, Gonzalez Vieta, Mieres (vista)\" data-rel=\"lightbox-gallery-4\"><img loading=\"lazy\" decoding=\"async\" width=\"150\" height=\"150\" src=\"https:\/\/www.arquimaster.com.ar\/web\/wp-content\/uploads\/2018\/03\/vivienda_lcp61_64-150x150.jpg\" class=\"attachment-thumbnail size-thumbnail\" alt=\"\" aria-describedby=\"gallery-4-29386\" srcset=\"https:\/\/www.arquimaster.com.ar\/web\/wp-content\/uploads\/2018\/03\/vivienda_lcp61_64-150x150.jpg 150w, https:\/\/www.arquimaster.com.ar\/web\/wp-content\/uploads\/2018\/03\/vivienda_lcp61_64-50x50.jpg 50w, https:\/\/www.arquimaster.com.ar\/web\/wp-content\/uploads\/2018\/03\/vivienda_lcp61_64-125x125.jpg 125w\" sizes=\"auto, (max-width: 150px) 100vw, 150px\" \/><\/a>\n\t\t\t<\/div>\n\t\t\t\t<figcaption class='wp-caption-text gallery-caption' id='gallery-4-29386'>\n\t\t\t\tVivienda LCP61 \/ Gassmann, Gonzalez Vieta, Mieres (vista)\n\t\t\t\t<\/figcaption><\/figure><figure class='gallery-item'>\n\t\t\t<div class='gallery-icon landscape'>\n\t\t\t\t<a href='https:\/\/www.arquimaster.com.ar\/web\/wp-content\/uploads\/2018\/03\/vivienda_lcp61_65.jpg' title=\"Vivienda LCP61 \/ Gassmann, Gonzalez Vieta, Mieres (vista)\" data-rl_title=\"Vivienda LCP61 \/ Gassmann, Gonzalez Vieta, Mieres (vista)\" class=\"rl-gallery-link\" data-rl_caption=\"Vivienda LCP61 \/ Gassmann, Gonzalez Vieta, Mieres (vista)\" data-rel=\"lightbox-gallery-4\"><img loading=\"lazy\" decoding=\"async\" width=\"150\" height=\"150\" src=\"https:\/\/www.arquimaster.com.ar\/web\/wp-content\/uploads\/2018\/03\/vivienda_lcp61_65-150x150.jpg\" class=\"attachment-thumbnail size-thumbnail\" alt=\"\" aria-describedby=\"gallery-4-29387\" srcset=\"https:\/\/www.arquimaster.com.ar\/web\/wp-content\/uploads\/2018\/03\/vivienda_lcp61_65-150x150.jpg 150w, https:\/\/www.arquimaster.com.ar\/web\/wp-content\/uploads\/2018\/03\/vivienda_lcp61_65-50x50.jpg 50w, https:\/\/www.arquimaster.com.ar\/web\/wp-content\/uploads\/2018\/03\/vivienda_lcp61_65-125x125.jpg 125w\" sizes=\"auto, (max-width: 150px) 100vw, 150px\" \/><\/a>\n\t\t\t<\/div>\n\t\t\t\t<figcaption class='wp-caption-text gallery-caption' id='gallery-4-29387'>\n\t\t\t\tVivienda LCP61 \/ Gassmann, Gonzalez Vieta, Mieres (vista)\n\t\t\t\t<\/figcaption><\/figure>\n\t\t<\/div>\n\n<p>A la simplicidad con la que se resolvi\u00f3 la estructura circulatoria en ambas plantas, se le suma la decidida intenci\u00f3n de vincular la cocina con la galer\u00eda y con el exterior, garantizando de esta forma una correcta conexi\u00f3n entre lo artificial y lo natural.<\/p>\n<p>Escasos materiales, pero cuidadosamente seleccionados y utilizados en sus diversas formas, generan variadas texturas y colores tanto en el interior como en el exterior.<\/p>\n<p>El proyecto, si bien posee una fuerte apuesta a lo conceptual, no deja de lado los detalles imprescindibles para el confort, que posibilita a sus habitantes satisfacer las expectativas de la vida cotidiana, como permitir con flexibilidad el desarrollo de la vida social de esta familia.<\/p>\n<p><strong>Ficha t\u00e9cnica<\/strong><br \/>\nNombre: Vivienda Unifamiliar LCP61<br \/>\nUbicaci\u00f3n: Barrio Cerrado La Ca\u00f1ada del Pilar, Pilar, Pcia. Buenos Aires, Argentina<br \/>\nProyectistas: Arquitectos Belen Gassmann, Patricio Gonzalez Vieta, Nicolas Mieres<\/p>\n\n<div style=\"font-size: 0px; height: 0px; line-height: 0px; margin: 0; padding: 0; clear: both;\"><\/div><div style=\"margin-top: 0px; margin-bottom: 0px;\" class=\"sharethis-inline-share-buttons\" ><\/div>","protected":false},"excerpt":{"rendered":"<p>Vivienda con un fuerte lenguaje contempor\u00e1neo, vol\u00famenes puros, l\u00edneas rectas y techos planos&#8230;<\/p>\n","protected":false},"author":1,"featured_media":29388,"comment_status":"closed","ping_status":"closed","sticky":false,"template":"","format":"standard","meta":{"_uag_custom_page_level_css":"","footnotes":""},"categories":[1,83],"tags":[4490,847,4492,4491,651,254],"class_list":["post-29322","post","type-post","status-publish","format-standard","has-post-thumbnail","hentry","category-proyecto","category-vivienda-unifamiliar","tag-belen-gassmann","tag-casa-en-barrio-cerrado","tag-nicolas-mieres","tag-patricio-gonzalez-vieta","tag-pilar","tag-vivienda-unifamiliar-2","generate-columns","tablet-grid-50","mobile-grid-100","grid-parent","grid-50"],"yoast_head":"<!-- This site is optimized with the Yoast SEO plugin v27.3 - https:\/\/yoast.com\/product\/yoast-seo-wordpress\/ -->\n<title>Vivienda LCP61 \/ Gassmann, Gonzalez Vieta, Mieres - Arquimaster<\/title>\n<meta name=\"robots\" content=\"index, follow, max-snippet:-1, max-image-preview:large, max-video-preview:-1\" \/>\n<link rel=\"canonical\" href=\"https:\/\/www.arquimaster.com.ar\/web\/vivienda-lcp61-gassmann-gonzalez-vieta-mieres\/\" \/>\n<meta property=\"og:locale\" content=\"es_ES\" \/>\n<meta property=\"og:type\" content=\"article\" \/>\n<meta property=\"og:title\" content=\"Vivienda LCP61 \/ Gassmann, Gonzalez Vieta, Mieres - Arquimaster\" \/>\n<meta property=\"og:description\" content=\"Vivienda con un fuerte lenguaje contempor\u00e1neo, vol\u00famenes puros, l\u00edneas rectas y techos planos...\" \/>\n<meta property=\"og:url\" content=\"https:\/\/www.arquimaster.com.ar\/web\/vivienda-lcp61-gassmann-gonzalez-vieta-mieres\/\" \/>\n<meta property=\"og:site_name\" content=\"Arquimaster\" \/>\n<meta property=\"article:publisher\" content=\"http:\/\/www.facebook.com\/ARQUIMASTER.com.ar\" \/>\n<meta property=\"article:published_time\" content=\"2018-03-22T19:51:26+00:00\" \/>\n<meta property=\"article:modified_time\" content=\"2018-03-25T23:12:04+00:00\" \/>\n<meta property=\"og:image\" content=\"https:\/\/www.arquimaster.com.ar\/web\/wp-content\/uploads\/2018\/03\/vivienda_lcp61_slide.jpg\" \/>\n\t<meta property=\"og:image:width\" content=\"642\" \/>\n\t<meta property=\"og:image:height\" content=\"336\" \/>\n\t<meta property=\"og:image:type\" content=\"image\/jpeg\" \/>\n<meta name=\"author\" content=\"Arquimaster\" \/>\n<meta name=\"twitter:card\" content=\"summary_large_image\" \/>\n<meta name=\"twitter:creator\" content=\"@arquimaster\" \/>\n<meta name=\"twitter:site\" content=\"@arquimaster\" \/>\n<meta name=\"twitter:label1\" content=\"Escrito por\" \/>\n\t<meta name=\"twitter:data1\" content=\"Arquimaster\" \/>\n\t<meta name=\"twitter:label2\" content=\"Tiempo de lectura\" \/>\n\t<meta name=\"twitter:data2\" content=\"3 minutos\" \/>\n<script type=\"application\/ld+json\" class=\"yoast-schema-graph\">{\"@context\":\"https:\\\/\\\/schema.org\",\"@graph\":[{\"@type\":\"Article\",\"@id\":\"https:\\\/\\\/www.arquimaster.com.ar\\\/web\\\/vivienda-lcp61-gassmann-gonzalez-vieta-mieres\\\/#article\",\"isPartOf\":{\"@id\":\"https:\\\/\\\/www.arquimaster.com.ar\\\/web\\\/vivienda-lcp61-gassmann-gonzalez-vieta-mieres\\\/\"},\"author\":{\"name\":\"Arquimaster\",\"@id\":\"https:\\\/\\\/www.arquimaster.com.ar\\\/web\\\/#\\\/schema\\\/person\\\/359e9f7c00193fcde068e0dd2ceb0028\"},\"headline\":\"Vivienda LCP61 \\\/ Gassmann, Gonzalez Vieta, Mieres\",\"datePublished\":\"2018-03-22T19:51:26+00:00\",\"dateModified\":\"2018-03-25T23:12:04+00:00\",\"mainEntityOfPage\":{\"@id\":\"https:\\\/\\\/www.arquimaster.com.ar\\\/web\\\/vivienda-lcp61-gassmann-gonzalez-vieta-mieres\\\/\"},\"wordCount\":650,\"publisher\":{\"@id\":\"https:\\\/\\\/www.arquimaster.com.ar\\\/web\\\/#organization\"},\"image\":{\"@id\":\"https:\\\/\\\/www.arquimaster.com.ar\\\/web\\\/vivienda-lcp61-gassmann-gonzalez-vieta-mieres\\\/#primaryimage\"},\"thumbnailUrl\":\"https:\\\/\\\/www.arquimaster.com.ar\\\/web\\\/wp-content\\\/uploads\\\/2018\\\/03\\\/vivienda_lcp61_slide.jpg\",\"keywords\":[\"Belen Gassmann\",\"casa en barrio cerrado\",\"Nicolas Mieres\",\"Patricio Gonzalez Vieta\",\"Pilar\",\"vivienda unifamiliar\"],\"articleSection\":[\"Proyecto\",\"Vivienda unifamiliar y PH\"],\"inLanguage\":\"es\"},{\"@type\":\"WebPage\",\"@id\":\"https:\\\/\\\/www.arquimaster.com.ar\\\/web\\\/vivienda-lcp61-gassmann-gonzalez-vieta-mieres\\\/\",\"url\":\"https:\\\/\\\/www.arquimaster.com.ar\\\/web\\\/vivienda-lcp61-gassmann-gonzalez-vieta-mieres\\\/\",\"name\":\"Vivienda LCP61 \\\/ Gassmann, Gonzalez Vieta, Mieres - Arquimaster\",\"isPartOf\":{\"@id\":\"https:\\\/\\\/www.arquimaster.com.ar\\\/web\\\/#website\"},\"primaryImageOfPage\":{\"@id\":\"https:\\\/\\\/www.arquimaster.com.ar\\\/web\\\/vivienda-lcp61-gassmann-gonzalez-vieta-mieres\\\/#primaryimage\"},\"image\":{\"@id\":\"https:\\\/\\\/www.arquimaster.com.ar\\\/web\\\/vivienda-lcp61-gassmann-gonzalez-vieta-mieres\\\/#primaryimage\"},\"thumbnailUrl\":\"https:\\\/\\\/www.arquimaster.com.ar\\\/web\\\/wp-content\\\/uploads\\\/2018\\\/03\\\/vivienda_lcp61_slide.jpg\",\"datePublished\":\"2018-03-22T19:51:26+00:00\",\"dateModified\":\"2018-03-25T23:12:04+00:00\",\"breadcrumb\":{\"@id\":\"https:\\\/\\\/www.arquimaster.com.ar\\\/web\\\/vivienda-lcp61-gassmann-gonzalez-vieta-mieres\\\/#breadcrumb\"},\"inLanguage\":\"es\",\"potentialAction\":[{\"@type\":\"ReadAction\",\"target\":[\"https:\\\/\\\/www.arquimaster.com.ar\\\/web\\\/vivienda-lcp61-gassmann-gonzalez-vieta-mieres\\\/\"]}]},{\"@type\":\"ImageObject\",\"inLanguage\":\"es\",\"@id\":\"https:\\\/\\\/www.arquimaster.com.ar\\\/web\\\/vivienda-lcp61-gassmann-gonzalez-vieta-mieres\\\/#primaryimage\",\"url\":\"https:\\\/\\\/www.arquimaster.com.ar\\\/web\\\/wp-content\\\/uploads\\\/2018\\\/03\\\/vivienda_lcp61_slide.jpg\",\"contentUrl\":\"https:\\\/\\\/www.arquimaster.com.ar\\\/web\\\/wp-content\\\/uploads\\\/2018\\\/03\\\/vivienda_lcp61_slide.jpg\",\"width\":642,\"height\":336},{\"@type\":\"BreadcrumbList\",\"@id\":\"https:\\\/\\\/www.arquimaster.com.ar\\\/web\\\/vivienda-lcp61-gassmann-gonzalez-vieta-mieres\\\/#breadcrumb\",\"itemListElement\":[{\"@type\":\"ListItem\",\"position\":1,\"name\":\"Portada\",\"item\":\"https:\\\/\\\/www.arquimaster.com.ar\\\/web\\\/\"},{\"@type\":\"ListItem\",\"position\":2,\"name\":\"Vivienda LCP61 \\\/ Gassmann, Gonzalez Vieta, Mieres\"}]},{\"@type\":\"WebSite\",\"@id\":\"https:\\\/\\\/www.arquimaster.com.ar\\\/web\\\/#website\",\"url\":\"https:\\\/\\\/www.arquimaster.com.ar\\\/web\\\/\",\"name\":\"Arquimaster\",\"description\":\"Web de arquitectura, dise\u00f1o y construccion\",\"publisher\":{\"@id\":\"https:\\\/\\\/www.arquimaster.com.ar\\\/web\\\/#organization\"},\"potentialAction\":[{\"@type\":\"SearchAction\",\"target\":{\"@type\":\"EntryPoint\",\"urlTemplate\":\"https:\\\/\\\/www.arquimaster.com.ar\\\/web\\\/?s={search_term_string}\"},\"query-input\":{\"@type\":\"PropertyValueSpecification\",\"valueRequired\":true,\"valueName\":\"search_term_string\"}}],\"inLanguage\":\"es\"},{\"@type\":\"Organization\",\"@id\":\"https:\\\/\\\/www.arquimaster.com.ar\\\/web\\\/#organization\",\"name\":\"Arquimaster\",\"url\":\"https:\\\/\\\/www.arquimaster.com.ar\\\/web\\\/\",\"logo\":{\"@type\":\"ImageObject\",\"inLanguage\":\"es\",\"@id\":\"https:\\\/\\\/www.arquimaster.com.ar\\\/web\\\/#\\\/schema\\\/logo\\\/image\\\/\",\"url\":\"https:\\\/\\\/www.arquimaster.com.ar\\\/web\\\/wp-content\\\/uploads\\\/2022\\\/06\\\/arquimaster.png\",\"contentUrl\":\"https:\\\/\\\/www.arquimaster.com.ar\\\/web\\\/wp-content\\\/uploads\\\/2022\\\/06\\\/arquimaster.png\",\"width\":594,\"height\":78,\"caption\":\"Arquimaster\"},\"image\":{\"@id\":\"https:\\\/\\\/www.arquimaster.com.ar\\\/web\\\/#\\\/schema\\\/logo\\\/image\\\/\"},\"sameAs\":[\"http:\\\/\\\/www.facebook.com\\\/ARQUIMASTER.com.ar\",\"https:\\\/\\\/x.com\\\/arquimaster\",\"https:\\\/\\\/www.instagram.com\\\/arquimasterblog\\\/\",\"https:\\\/\\\/www.linkedin.com\\\/company\\\/arquimaster\",\"https:\\\/\\\/www.pinterest.com\\\/arquimaster\",\"https:\\\/\\\/t.me\\\/arquimaster\"]},{\"@type\":\"Person\",\"@id\":\"https:\\\/\\\/www.arquimaster.com.ar\\\/web\\\/#\\\/schema\\\/person\\\/359e9f7c00193fcde068e0dd2ceb0028\",\"name\":\"Arquimaster\"}]}<\/script>\n<!-- \/ Yoast SEO plugin. -->","yoast_head_json":{"title":"Vivienda LCP61 \/ Gassmann, Gonzalez Vieta, Mieres - Arquimaster","robots":{"index":"index","follow":"follow","max-snippet":"max-snippet:-1","max-image-preview":"max-image-preview:large","max-video-preview":"max-video-preview:-1"},"canonical":"https:\/\/www.arquimaster.com.ar\/web\/vivienda-lcp61-gassmann-gonzalez-vieta-mieres\/","og_locale":"es_ES","og_type":"article","og_title":"Vivienda LCP61 \/ Gassmann, Gonzalez Vieta, Mieres - Arquimaster","og_description":"Vivienda con un fuerte lenguaje contempor\u00e1neo, vol\u00famenes puros, l\u00edneas rectas y techos planos...","og_url":"https:\/\/www.arquimaster.com.ar\/web\/vivienda-lcp61-gassmann-gonzalez-vieta-mieres\/","og_site_name":"Arquimaster","article_publisher":"http:\/\/www.facebook.com\/ARQUIMASTER.com.ar","article_published_time":"2018-03-22T19:51:26+00:00","article_modified_time":"2018-03-25T23:12:04+00:00","og_image":[{"width":642,"height":336,"url":"https:\/\/www.arquimaster.com.ar\/web\/wp-content\/uploads\/2018\/03\/vivienda_lcp61_slide.jpg","type":"image\/jpeg"}],"author":"Arquimaster","twitter_card":"summary_large_image","twitter_creator":"@arquimaster","twitter_site":"@arquimaster","twitter_misc":{"Escrito por":"Arquimaster","Tiempo de lectura":"3 minutos"},"schema":{"@context":"https:\/\/schema.org","@graph":[{"@type":"Article","@id":"https:\/\/www.arquimaster.com.ar\/web\/vivienda-lcp61-gassmann-gonzalez-vieta-mieres\/#article","isPartOf":{"@id":"https:\/\/www.arquimaster.com.ar\/web\/vivienda-lcp61-gassmann-gonzalez-vieta-mieres\/"},"author":{"name":"Arquimaster","@id":"https:\/\/www.arquimaster.com.ar\/web\/#\/schema\/person\/359e9f7c00193fcde068e0dd2ceb0028"},"headline":"Vivienda LCP61 \/ Gassmann, Gonzalez Vieta, Mieres","datePublished":"2018-03-22T19:51:26+00:00","dateModified":"2018-03-25T23:12:04+00:00","mainEntityOfPage":{"@id":"https:\/\/www.arquimaster.com.ar\/web\/vivienda-lcp61-gassmann-gonzalez-vieta-mieres\/"},"wordCount":650,"publisher":{"@id":"https:\/\/www.arquimaster.com.ar\/web\/#organization"},"image":{"@id":"https:\/\/www.arquimaster.com.ar\/web\/vivienda-lcp61-gassmann-gonzalez-vieta-mieres\/#primaryimage"},"thumbnailUrl":"https:\/\/www.arquimaster.com.ar\/web\/wp-content\/uploads\/2018\/03\/vivienda_lcp61_slide.jpg","keywords":["Belen Gassmann","casa en barrio cerrado","Nicolas Mieres","Patricio Gonzalez Vieta","Pilar","vivienda unifamiliar"],"articleSection":["Proyecto","Vivienda unifamiliar y PH"],"inLanguage":"es"},{"@type":"WebPage","@id":"https:\/\/www.arquimaster.com.ar\/web\/vivienda-lcp61-gassmann-gonzalez-vieta-mieres\/","url":"https:\/\/www.arquimaster.com.ar\/web\/vivienda-lcp61-gassmann-gonzalez-vieta-mieres\/","name":"Vivienda LCP61 \/ Gassmann, Gonzalez Vieta, Mieres - Arquimaster","isPartOf":{"@id":"https:\/\/www.arquimaster.com.ar\/web\/#website"},"primaryImageOfPage":{"@id":"https:\/\/www.arquimaster.com.ar\/web\/vivienda-lcp61-gassmann-gonzalez-vieta-mieres\/#primaryimage"},"image":{"@id":"https:\/\/www.arquimaster.com.ar\/web\/vivienda-lcp61-gassmann-gonzalez-vieta-mieres\/#primaryimage"},"thumbnailUrl":"https:\/\/www.arquimaster.com.ar\/web\/wp-content\/uploads\/2018\/03\/vivienda_lcp61_slide.jpg","datePublished":"2018-03-22T19:51:26+00:00","dateModified":"2018-03-25T23:12:04+00:00","breadcrumb":{"@id":"https:\/\/www.arquimaster.com.ar\/web\/vivienda-lcp61-gassmann-gonzalez-vieta-mieres\/#breadcrumb"},"inLanguage":"es","potentialAction":[{"@type":"ReadAction","target":["https:\/\/www.arquimaster.com.ar\/web\/vivienda-lcp61-gassmann-gonzalez-vieta-mieres\/"]}]},{"@type":"ImageObject","inLanguage":"es","@id":"https:\/\/www.arquimaster.com.ar\/web\/vivienda-lcp61-gassmann-gonzalez-vieta-mieres\/#primaryimage","url":"https:\/\/www.arquimaster.com.ar\/web\/wp-content\/uploads\/2018\/03\/vivienda_lcp61_slide.jpg","contentUrl":"https:\/\/www.arquimaster.com.ar\/web\/wp-content\/uploads\/2018\/03\/vivienda_lcp61_slide.jpg","width":642,"height":336},{"@type":"BreadcrumbList","@id":"https:\/\/www.arquimaster.com.ar\/web\/vivienda-lcp61-gassmann-gonzalez-vieta-mieres\/#breadcrumb","itemListElement":[{"@type":"ListItem","position":1,"name":"Portada","item":"https:\/\/www.arquimaster.com.ar\/web\/"},{"@type":"ListItem","position":2,"name":"Vivienda LCP61 \/ Gassmann, Gonzalez Vieta, Mieres"}]},{"@type":"WebSite","@id":"https:\/\/www.arquimaster.com.ar\/web\/#website","url":"https:\/\/www.arquimaster.com.ar\/web\/","name":"Arquimaster","description":"Web de arquitectura, dise\u00f1o y construccion","publisher":{"@id":"https:\/\/www.arquimaster.com.ar\/web\/#organization"},"potentialAction":[{"@type":"SearchAction","target":{"@type":"EntryPoint","urlTemplate":"https:\/\/www.arquimaster.com.ar\/web\/?s={search_term_string}"},"query-input":{"@type":"PropertyValueSpecification","valueRequired":true,"valueName":"search_term_string"}}],"inLanguage":"es"},{"@type":"Organization","@id":"https:\/\/www.arquimaster.com.ar\/web\/#organization","name":"Arquimaster","url":"https:\/\/www.arquimaster.com.ar\/web\/","logo":{"@type":"ImageObject","inLanguage":"es","@id":"https:\/\/www.arquimaster.com.ar\/web\/#\/schema\/logo\/image\/","url":"https:\/\/www.arquimaster.com.ar\/web\/wp-content\/uploads\/2022\/06\/arquimaster.png","contentUrl":"https:\/\/www.arquimaster.com.ar\/web\/wp-content\/uploads\/2022\/06\/arquimaster.png","width":594,"height":78,"caption":"Arquimaster"},"image":{"@id":"https:\/\/www.arquimaster.com.ar\/web\/#\/schema\/logo\/image\/"},"sameAs":["http:\/\/www.facebook.com\/ARQUIMASTER.com.ar","https:\/\/x.com\/arquimaster","https:\/\/www.instagram.com\/arquimasterblog\/","https:\/\/www.linkedin.com\/company\/arquimaster","https:\/\/www.pinterest.com\/arquimaster","https:\/\/t.me\/arquimaster"]},{"@type":"Person","@id":"https:\/\/www.arquimaster.com.ar\/web\/#\/schema\/person\/359e9f7c00193fcde068e0dd2ceb0028","name":"Arquimaster"}]}},"uagb_featured_image_src":{"full":["https:\/\/www.arquimaster.com.ar\/web\/wp-content\/uploads\/2018\/03\/vivienda_lcp61_slide.jpg",642,336,false],"thumbnail":["https:\/\/www.arquimaster.com.ar\/web\/wp-content\/uploads\/2018\/03\/vivienda_lcp61_slide-150x150.jpg",150,150,true],"medium":["https:\/\/www.arquimaster.com.ar\/web\/wp-content\/uploads\/2018\/03\/vivienda_lcp61_slide.jpg",642,336,false],"medium_large":["https:\/\/www.arquimaster.com.ar\/web\/wp-content\/uploads\/2018\/03\/vivienda_lcp61_slide.jpg",642,336,false],"large":["https:\/\/www.arquimaster.com.ar\/web\/wp-content\/uploads\/2018\/03\/vivienda_lcp61_slide.jpg",642,336,false],"1536x1536":["https:\/\/www.arquimaster.com.ar\/web\/wp-content\/uploads\/2018\/03\/vivienda_lcp61_slide.jpg",642,336,false],"2048x2048":["https:\/\/www.arquimaster.com.ar\/web\/wp-content\/uploads\/2018\/03\/vivienda_lcp61_slide.jpg",642,336,false]},"uagb_author_info":{"display_name":"Arquimaster","author_link":"https:\/\/www.arquimaster.com.ar\/web\/author\/arquimaster\/"},"uagb_comment_info":0,"uagb_excerpt":"Vivienda con un fuerte lenguaje contempor\u00e1neo, vol\u00famenes puros, l\u00edneas rectas y techos planos...","_links":{"self":[{"href":"https:\/\/www.arquimaster.com.ar\/web\/wp-json\/wp\/v2\/posts\/29322","targetHints":{"allow":["GET"]}}],"collection":[{"href":"https:\/\/www.arquimaster.com.ar\/web\/wp-json\/wp\/v2\/posts"}],"about":[{"href":"https:\/\/www.arquimaster.com.ar\/web\/wp-json\/wp\/v2\/types\/post"}],"author":[{"embeddable":true,"href":"https:\/\/www.arquimaster.com.ar\/web\/wp-json\/wp\/v2\/users\/1"}],"replies":[{"embeddable":true,"href":"https:\/\/www.arquimaster.com.ar\/web\/wp-json\/wp\/v2\/comments?post=29322"}],"version-history":[{"count":0,"href":"https:\/\/www.arquimaster.com.ar\/web\/wp-json\/wp\/v2\/posts\/29322\/revisions"}],"wp:featuredmedia":[{"embeddable":true,"href":"https:\/\/www.arquimaster.com.ar\/web\/wp-json\/wp\/v2\/media\/29388"}],"wp:attachment":[{"href":"https:\/\/www.arquimaster.com.ar\/web\/wp-json\/wp\/v2\/media?parent=29322"}],"wp:term":[{"taxonomy":"category","embeddable":true,"href":"https:\/\/www.arquimaster.com.ar\/web\/wp-json\/wp\/v2\/categories?post=29322"},{"taxonomy":"post_tag","embeddable":true,"href":"https:\/\/www.arquimaster.com.ar\/web\/wp-json\/wp\/v2\/tags?post=29322"}],"curies":[{"name":"wp","href":"https:\/\/api.w.org\/{rel}","templated":true}]}}