{"id":29391,"date":"2018-03-22T16:43:38","date_gmt":"2018-03-22T16:43:38","guid":{"rendered":"http:\/\/www.arquimaster.com.ar\/web\/?p=29391"},"modified":"2018-03-25T20:53:12","modified_gmt":"2018-03-25T20:53:12","slug":"remodelacion-de-departamento-en-mar-del-plata-g7-grupo-creativo","status":"publish","type":"post","link":"https:\/\/www.arquimaster.com.ar\/web\/remodelacion-de-departamento-en-mar-del-plata-g7-grupo-creativo\/","title":{"rendered":"Remodelaci\u00f3n de departamento en Mar del Plata \/ G7 Grupo Creativo"},"content":{"rendered":"<div style=\"margin-top: 0px; margin-bottom: 0px;\" class=\"sharethis-inline-share-buttons\" ><\/div><div class=\"b812932af2e751442846f039925109de\" data-index=\"1\" style=\"float: none; margin:25px 0 25px 0; text-align:center;\">\n<script async src=\"https:\/\/pagead2.googlesyndication.com\/pagead\/js\/adsbygoogle.js\"><\/script>\r\n<!-- Arquimaster (superior) -->\r\n<ins class=\"adsbygoogle\"\r\n     style=\"display:block\"\r\n     data-ad-client=\"ca-pub-6351072698456832\"\r\n     data-ad-slot=\"6455489680\"\r\n     data-ad-format=\"auto\"\r\n     data-full-width-responsive=\"true\"><\/ins>\r\n<script>\r\n     (adsbygoogle = window.adsbygoogle || []).push({});\r\n<\/script>\n<\/div>\n<p><strong>Remodelaci\u00f3n de departamento en Mar del Plata<\/strong> (Mar del Plata, Pcia. de Buenos Aires, Argentina) por <strong>G7 Grupo Creativo<\/strong>. El estudio de Arquitectura y dise\u00f1o de interiores G7 Grupo Creativo realiz\u00f3 la remodelaci\u00f3n integral de un departamento localizado en la ciudad de Mar del Plata. Se intervino en todos los espacios que comprende esta vivienda, abarcando su refuncionalizaci\u00f3n y modernizaci\u00f3n, incluyendo el dise\u00f1o de mobiliario a medida y equipamiento.<\/p>\n<div id='gallery-1' class='gallery galleryid-29391 gallery-columns-3 gallery-size-thumbnail'><figure class='gallery-item'>\n\t\t\t<div class='gallery-icon landscape'>\n\t\t\t\t<a href='https:\/\/www.arquimaster.com.ar\/web\/wp-content\/uploads\/2018\/03\/departamento_mdp1.jpg' title=\"Remodelaci\u00f3n de departamento en Mar del Plata \/ G7 Grupo Creativo (render)\" data-rl_title=\"Remodelaci\u00f3n de departamento en Mar del Plata \/ G7 Grupo Creativo (render)\" class=\"rl-gallery-link\" data-rl_caption=\"Remodelaci\u00f3n de departamento en Mar del Plata \/ G7 Grupo Creativo (render)\" data-rel=\"lightbox-gallery-1\"><img loading=\"lazy\" decoding=\"async\" width=\"150\" height=\"150\" src=\"https:\/\/www.arquimaster.com.ar\/web\/wp-content\/uploads\/2018\/03\/departamento_mdp1-150x150.jpg\" class=\"attachment-thumbnail size-thumbnail\" alt=\"\" aria-describedby=\"gallery-1-29393\" srcset=\"https:\/\/www.arquimaster.com.ar\/web\/wp-content\/uploads\/2018\/03\/departamento_mdp1-150x150.jpg 150w, https:\/\/www.arquimaster.com.ar\/web\/wp-content\/uploads\/2018\/03\/departamento_mdp1-50x50.jpg 50w, https:\/\/www.arquimaster.com.ar\/web\/wp-content\/uploads\/2018\/03\/departamento_mdp1-125x125.jpg 125w\" sizes=\"auto, (max-width: 150px) 100vw, 150px\" \/><\/a>\n\t\t\t<\/div>\n\t\t\t\t<figcaption class='wp-caption-text gallery-caption' id='gallery-1-29393'>\n\t\t\t\tRemodelaci\u00f3n de departamento en Mar del Plata \/ G7 Grupo Creativo (render)\n\t\t\t\t<\/figcaption><\/figure><figure class='gallery-item'>\n\t\t\t<div class='gallery-icon landscape'>\n\t\t\t\t<a href='https:\/\/www.arquimaster.com.ar\/web\/wp-content\/uploads\/2018\/03\/departamento_mdp2.jpg' title=\"Remodelaci\u00f3n de departamento en Mar del Plata \/ G7 Grupo Creativo (render)\" data-rl_title=\"Remodelaci\u00f3n de departamento en Mar del Plata \/ G7 Grupo Creativo (render)\" class=\"rl-gallery-link\" data-rl_caption=\"Remodelaci\u00f3n de departamento en Mar del Plata \/ G7 Grupo Creativo (render)\" data-rel=\"lightbox-gallery-1\"><img loading=\"lazy\" decoding=\"async\" width=\"150\" height=\"150\" src=\"https:\/\/www.arquimaster.com.ar\/web\/wp-content\/uploads\/2018\/03\/departamento_mdp2-150x150.jpg\" class=\"attachment-thumbnail size-thumbnail\" alt=\"\" aria-describedby=\"gallery-1-29394\" srcset=\"https:\/\/www.arquimaster.com.ar\/web\/wp-content\/uploads\/2018\/03\/departamento_mdp2-150x150.jpg 150w, https:\/\/www.arquimaster.com.ar\/web\/wp-content\/uploads\/2018\/03\/departamento_mdp2-50x50.jpg 50w, https:\/\/www.arquimaster.com.ar\/web\/wp-content\/uploads\/2018\/03\/departamento_mdp2-125x125.jpg 125w\" sizes=\"auto, (max-width: 150px) 100vw, 150px\" \/><\/a>\n\t\t\t<\/div>\n\t\t\t\t<figcaption class='wp-caption-text gallery-caption' id='gallery-1-29394'>\n\t\t\t\tRemodelaci\u00f3n de departamento en Mar del Plata \/ G7 Grupo Creativo (render)\n\t\t\t\t<\/figcaption><\/figure><figure class='gallery-item'>\n\t\t\t<div class='gallery-icon landscape'>\n\t\t\t\t<a href='https:\/\/www.arquimaster.com.ar\/web\/wp-content\/uploads\/2018\/03\/departamento_mdp22.jpg' title=\"Remodelaci\u00f3n de departamento en Mar del Plata \/ G7 Grupo Creativo (planta)\" data-rl_title=\"Remodelaci\u00f3n de departamento en Mar del Plata \/ G7 Grupo Creativo (planta)\" class=\"rl-gallery-link\" data-rl_caption=\"Remodelaci\u00f3n de departamento en Mar del Plata \/ G7 Grupo Creativo (planta)\" data-rel=\"lightbox-gallery-1\"><img loading=\"lazy\" decoding=\"async\" width=\"150\" height=\"150\" src=\"https:\/\/www.arquimaster.com.ar\/web\/wp-content\/uploads\/2018\/03\/departamento_mdp22-150x150.jpg\" class=\"attachment-thumbnail size-thumbnail\" alt=\"\" aria-describedby=\"gallery-1-29414\" srcset=\"https:\/\/www.arquimaster.com.ar\/web\/wp-content\/uploads\/2018\/03\/departamento_mdp22-150x150.jpg 150w, https:\/\/www.arquimaster.com.ar\/web\/wp-content\/uploads\/2018\/03\/departamento_mdp22-50x50.jpg 50w, https:\/\/www.arquimaster.com.ar\/web\/wp-content\/uploads\/2018\/03\/departamento_mdp22-125x125.jpg 125w\" sizes=\"auto, (max-width: 150px) 100vw, 150px\" \/><\/a>\n\t\t\t<\/div>\n\t\t\t\t<figcaption class='wp-caption-text gallery-caption' id='gallery-1-29414'>\n\t\t\t\tRemodelaci\u00f3n de departamento en Mar del Plata \/ G7 Grupo Creativo (planta)\n\t\t\t\t<\/figcaption><\/figure><figure class='gallery-item'>\n\t\t\t<div class='gallery-icon landscape'>\n\t\t\t\t<a href='https:\/\/www.arquimaster.com.ar\/web\/wp-content\/uploads\/2018\/03\/departamento_mdp3.jpg' title=\"Remodelaci\u00f3n de departamento en Mar del Plata \/ G7 Grupo Creativo\" data-rl_title=\"Remodelaci\u00f3n de departamento en Mar del Plata \/ G7 Grupo Creativo\" class=\"rl-gallery-link\" data-rl_caption=\"Remodelaci\u00f3n de departamento en Mar del Plata \/ G7 Grupo Creativo\" data-rel=\"lightbox-gallery-1\"><img loading=\"lazy\" decoding=\"async\" width=\"150\" height=\"150\" src=\"https:\/\/www.arquimaster.com.ar\/web\/wp-content\/uploads\/2018\/03\/departamento_mdp3-150x150.jpg\" class=\"attachment-thumbnail size-thumbnail\" alt=\"\" aria-describedby=\"gallery-1-29395\" srcset=\"https:\/\/www.arquimaster.com.ar\/web\/wp-content\/uploads\/2018\/03\/departamento_mdp3-150x150.jpg 150w, https:\/\/www.arquimaster.com.ar\/web\/wp-content\/uploads\/2018\/03\/departamento_mdp3-50x50.jpg 50w, https:\/\/www.arquimaster.com.ar\/web\/wp-content\/uploads\/2018\/03\/departamento_mdp3-125x125.jpg 125w\" sizes=\"auto, (max-width: 150px) 100vw, 150px\" \/><\/a>\n\t\t\t<\/div>\n\t\t\t\t<figcaption class='wp-caption-text gallery-caption' id='gallery-1-29395'>\n\t\t\t\tRemodelaci\u00f3n de departamento en Mar del Plata \/ G7 Grupo Creativo\n\t\t\t\t<\/figcaption><\/figure><figure class='gallery-item'>\n\t\t\t<div class='gallery-icon landscape'>\n\t\t\t\t<a href='https:\/\/www.arquimaster.com.ar\/web\/wp-content\/uploads\/2018\/03\/departamento_mdp4.jpg' title=\"Remodelaci\u00f3n de departamento en Mar del Plata \/ G7 Grupo Creativo\" data-rl_title=\"Remodelaci\u00f3n de departamento en Mar del Plata \/ G7 Grupo Creativo\" class=\"rl-gallery-link\" data-rl_caption=\"Remodelaci\u00f3n de departamento en Mar del Plata \/ G7 Grupo Creativo\" data-rel=\"lightbox-gallery-1\"><img loading=\"lazy\" decoding=\"async\" width=\"150\" height=\"150\" src=\"https:\/\/www.arquimaster.com.ar\/web\/wp-content\/uploads\/2018\/03\/departamento_mdp4-150x150.jpg\" class=\"attachment-thumbnail size-thumbnail\" alt=\"\" aria-describedby=\"gallery-1-29396\" srcset=\"https:\/\/www.arquimaster.com.ar\/web\/wp-content\/uploads\/2018\/03\/departamento_mdp4-150x150.jpg 150w, https:\/\/www.arquimaster.com.ar\/web\/wp-content\/uploads\/2018\/03\/departamento_mdp4-50x50.jpg 50w, https:\/\/www.arquimaster.com.ar\/web\/wp-content\/uploads\/2018\/03\/departamento_mdp4-125x125.jpg 125w\" sizes=\"auto, (max-width: 150px) 100vw, 150px\" \/><\/a>\n\t\t\t<\/div>\n\t\t\t\t<figcaption class='wp-caption-text gallery-caption' id='gallery-1-29396'>\n\t\t\t\tRemodelaci\u00f3n de departamento en Mar del Plata \/ G7 Grupo Creativo\n\t\t\t\t<\/figcaption><\/figure><figure class='gallery-item'>\n\t\t\t<div class='gallery-icon landscape'>\n\t\t\t\t<a href='https:\/\/www.arquimaster.com.ar\/web\/wp-content\/uploads\/2018\/03\/departamento_mdp5.jpg' title=\"Remodelaci\u00f3n de departamento en Mar del Plata \/ G7 Grupo Creativo\" data-rl_title=\"Remodelaci\u00f3n de departamento en Mar del Plata \/ G7 Grupo Creativo\" class=\"rl-gallery-link\" data-rl_caption=\"Remodelaci\u00f3n de departamento en Mar del Plata \/ G7 Grupo Creativo\" data-rel=\"lightbox-gallery-1\"><img loading=\"lazy\" decoding=\"async\" width=\"150\" height=\"150\" src=\"https:\/\/www.arquimaster.com.ar\/web\/wp-content\/uploads\/2018\/03\/departamento_mdp5-150x150.jpg\" class=\"attachment-thumbnail size-thumbnail\" alt=\"\" aria-describedby=\"gallery-1-29397\" srcset=\"https:\/\/www.arquimaster.com.ar\/web\/wp-content\/uploads\/2018\/03\/departamento_mdp5-150x150.jpg 150w, https:\/\/www.arquimaster.com.ar\/web\/wp-content\/uploads\/2018\/03\/departamento_mdp5-50x50.jpg 50w, https:\/\/www.arquimaster.com.ar\/web\/wp-content\/uploads\/2018\/03\/departamento_mdp5-125x125.jpg 125w\" sizes=\"auto, (max-width: 150px) 100vw, 150px\" \/><\/a>\n\t\t\t<\/div>\n\t\t\t\t<figcaption class='wp-caption-text gallery-caption' id='gallery-1-29397'>\n\t\t\t\tRemodelaci\u00f3n de departamento en Mar del Plata \/ G7 Grupo Creativo\n\t\t\t\t<\/figcaption><\/figure><figure class='gallery-item'>\n\t\t\t<div class='gallery-icon landscape'>\n\t\t\t\t<a href='https:\/\/www.arquimaster.com.ar\/web\/wp-content\/uploads\/2018\/03\/departamento_mdp6.jpg' title=\"Remodelaci\u00f3n de departamento en Mar del Plata \/ G7 Grupo Creativo\" data-rl_title=\"Remodelaci\u00f3n de departamento en Mar del Plata \/ G7 Grupo Creativo\" class=\"rl-gallery-link\" data-rl_caption=\"Remodelaci\u00f3n de departamento en Mar del Plata \/ G7 Grupo Creativo\" data-rel=\"lightbox-gallery-1\"><img loading=\"lazy\" decoding=\"async\" width=\"150\" height=\"150\" src=\"https:\/\/www.arquimaster.com.ar\/web\/wp-content\/uploads\/2018\/03\/departamento_mdp6-150x150.jpg\" class=\"attachment-thumbnail size-thumbnail\" alt=\"\" aria-describedby=\"gallery-1-29398\" srcset=\"https:\/\/www.arquimaster.com.ar\/web\/wp-content\/uploads\/2018\/03\/departamento_mdp6-150x150.jpg 150w, https:\/\/www.arquimaster.com.ar\/web\/wp-content\/uploads\/2018\/03\/departamento_mdp6-50x50.jpg 50w, https:\/\/www.arquimaster.com.ar\/web\/wp-content\/uploads\/2018\/03\/departamento_mdp6-125x125.jpg 125w\" sizes=\"auto, (max-width: 150px) 100vw, 150px\" \/><\/a>\n\t\t\t<\/div>\n\t\t\t\t<figcaption class='wp-caption-text gallery-caption' id='gallery-1-29398'>\n\t\t\t\tRemodelaci\u00f3n de departamento en Mar del Plata \/ G7 Grupo Creativo\n\t\t\t\t<\/figcaption><\/figure><figure class='gallery-item'>\n\t\t\t<div class='gallery-icon portrait'>\n\t\t\t\t<a href='https:\/\/www.arquimaster.com.ar\/web\/wp-content\/uploads\/2018\/03\/departamento_mdp7.jpg' title=\"Remodelaci\u00f3n de departamento en Mar del Plata \/ G7 Grupo Creativo\" data-rl_title=\"Remodelaci\u00f3n de departamento en Mar del Plata \/ G7 Grupo Creativo\" class=\"rl-gallery-link\" data-rl_caption=\"Remodelaci\u00f3n de departamento en Mar del Plata \/ G7 Grupo Creativo\" data-rel=\"lightbox-gallery-1\"><img loading=\"lazy\" decoding=\"async\" width=\"150\" height=\"150\" src=\"https:\/\/www.arquimaster.com.ar\/web\/wp-content\/uploads\/2018\/03\/departamento_mdp7-150x150.jpg\" class=\"attachment-thumbnail size-thumbnail\" alt=\"\" aria-describedby=\"gallery-1-29399\" srcset=\"https:\/\/www.arquimaster.com.ar\/web\/wp-content\/uploads\/2018\/03\/departamento_mdp7-150x150.jpg 150w, https:\/\/www.arquimaster.com.ar\/web\/wp-content\/uploads\/2018\/03\/departamento_mdp7-50x50.jpg 50w, https:\/\/www.arquimaster.com.ar\/web\/wp-content\/uploads\/2018\/03\/departamento_mdp7-125x125.jpg 125w\" sizes=\"auto, (max-width: 150px) 100vw, 150px\" \/><\/a>\n\t\t\t<\/div>\n\t\t\t\t<figcaption class='wp-caption-text gallery-caption' id='gallery-1-29399'>\n\t\t\t\tRemodelaci\u00f3n de departamento en Mar del Plata \/ G7 Grupo Creativo\n\t\t\t\t<\/figcaption><\/figure><figure class='gallery-item'>\n\t\t\t<div class='gallery-icon landscape'>\n\t\t\t\t<a href='https:\/\/www.arquimaster.com.ar\/web\/wp-content\/uploads\/2018\/03\/departamento_mdp8.jpg' title=\"Remodelaci\u00f3n de departamento en Mar del Plata \/ G7 Grupo Creativo\" data-rl_title=\"Remodelaci\u00f3n de departamento en Mar del Plata \/ G7 Grupo Creativo\" class=\"rl-gallery-link\" data-rl_caption=\"Remodelaci\u00f3n de departamento en Mar del Plata \/ G7 Grupo Creativo\" data-rel=\"lightbox-gallery-1\"><img loading=\"lazy\" decoding=\"async\" width=\"150\" height=\"150\" src=\"https:\/\/www.arquimaster.com.ar\/web\/wp-content\/uploads\/2018\/03\/departamento_mdp8-150x150.jpg\" class=\"attachment-thumbnail size-thumbnail\" alt=\"\" aria-describedby=\"gallery-1-29400\" srcset=\"https:\/\/www.arquimaster.com.ar\/web\/wp-content\/uploads\/2018\/03\/departamento_mdp8-150x150.jpg 150w, https:\/\/www.arquimaster.com.ar\/web\/wp-content\/uploads\/2018\/03\/departamento_mdp8-50x50.jpg 50w, https:\/\/www.arquimaster.com.ar\/web\/wp-content\/uploads\/2018\/03\/departamento_mdp8-125x125.jpg 125w\" sizes=\"auto, (max-width: 150px) 100vw, 150px\" \/><\/a>\n\t\t\t<\/div>\n\t\t\t\t<figcaption class='wp-caption-text gallery-caption' id='gallery-1-29400'>\n\t\t\t\tRemodelaci\u00f3n de departamento en Mar del Plata \/ G7 Grupo Creativo\n\t\t\t\t<\/figcaption><\/figure><figure class='gallery-item'>\n\t\t\t<div class='gallery-icon portrait'>\n\t\t\t\t<a href='https:\/\/www.arquimaster.com.ar\/web\/wp-content\/uploads\/2018\/03\/departamento_mdp9.jpg' title=\"Remodelaci\u00f3n de departamento en Mar del Plata \/ G7 Grupo Creativo\" data-rl_title=\"Remodelaci\u00f3n de departamento en Mar del Plata \/ G7 Grupo Creativo\" class=\"rl-gallery-link\" data-rl_caption=\"Remodelaci\u00f3n de departamento en Mar del Plata \/ G7 Grupo Creativo\" data-rel=\"lightbox-gallery-1\"><img loading=\"lazy\" decoding=\"async\" width=\"150\" height=\"150\" src=\"https:\/\/www.arquimaster.com.ar\/web\/wp-content\/uploads\/2018\/03\/departamento_mdp9-150x150.jpg\" class=\"attachment-thumbnail size-thumbnail\" alt=\"\" aria-describedby=\"gallery-1-29401\" srcset=\"https:\/\/www.arquimaster.com.ar\/web\/wp-content\/uploads\/2018\/03\/departamento_mdp9-150x150.jpg 150w, https:\/\/www.arquimaster.com.ar\/web\/wp-content\/uploads\/2018\/03\/departamento_mdp9-50x50.jpg 50w, https:\/\/www.arquimaster.com.ar\/web\/wp-content\/uploads\/2018\/03\/departamento_mdp9-125x125.jpg 125w\" sizes=\"auto, (max-width: 150px) 100vw, 150px\" \/><\/a>\n\t\t\t<\/div>\n\t\t\t\t<figcaption class='wp-caption-text gallery-caption' id='gallery-1-29401'>\n\t\t\t\tRemodelaci\u00f3n de departamento en Mar del Plata \/ G7 Grupo Creativo\n\t\t\t\t<\/figcaption><\/figure><figure class='gallery-item'>\n\t\t\t<div class='gallery-icon portrait'>\n\t\t\t\t<a href='https:\/\/www.arquimaster.com.ar\/web\/wp-content\/uploads\/2018\/03\/departamento_mdp10.jpg' title=\"Remodelaci\u00f3n de departamento en Mar del Plata \/ G7 Grupo Creativo\" data-rl_title=\"Remodelaci\u00f3n de departamento en Mar del Plata \/ G7 Grupo Creativo\" class=\"rl-gallery-link\" data-rl_caption=\"Remodelaci\u00f3n de departamento en Mar del Plata \/ G7 Grupo Creativo\" data-rel=\"lightbox-gallery-1\"><img loading=\"lazy\" decoding=\"async\" width=\"150\" height=\"150\" src=\"https:\/\/www.arquimaster.com.ar\/web\/wp-content\/uploads\/2018\/03\/departamento_mdp10-150x150.jpg\" class=\"attachment-thumbnail size-thumbnail\" alt=\"\" aria-describedby=\"gallery-1-29402\" srcset=\"https:\/\/www.arquimaster.com.ar\/web\/wp-content\/uploads\/2018\/03\/departamento_mdp10-150x150.jpg 150w, https:\/\/www.arquimaster.com.ar\/web\/wp-content\/uploads\/2018\/03\/departamento_mdp10-50x50.jpg 50w, https:\/\/www.arquimaster.com.ar\/web\/wp-content\/uploads\/2018\/03\/departamento_mdp10-125x125.jpg 125w\" sizes=\"auto, (max-width: 150px) 100vw, 150px\" \/><\/a>\n\t\t\t<\/div>\n\t\t\t\t<figcaption class='wp-caption-text gallery-caption' id='gallery-1-29402'>\n\t\t\t\tRemodelaci\u00f3n de departamento en Mar del Plata \/ G7 Grupo Creativo\n\t\t\t\t<\/figcaption><\/figure><figure class='gallery-item'>\n\t\t\t<div class='gallery-icon portrait'>\n\t\t\t\t<a href='https:\/\/www.arquimaster.com.ar\/web\/wp-content\/uploads\/2018\/03\/departamento_mdp11.jpg' title=\"Remodelaci\u00f3n de departamento en Mar del Plata \/ G7 Grupo Creativo\" data-rl_title=\"Remodelaci\u00f3n de departamento en Mar del Plata \/ G7 Grupo Creativo\" class=\"rl-gallery-link\" data-rl_caption=\"Remodelaci\u00f3n de departamento en Mar del Plata \/ G7 Grupo Creativo\" data-rel=\"lightbox-gallery-1\"><img loading=\"lazy\" decoding=\"async\" width=\"150\" height=\"150\" src=\"https:\/\/www.arquimaster.com.ar\/web\/wp-content\/uploads\/2018\/03\/departamento_mdp11-150x150.jpg\" class=\"attachment-thumbnail size-thumbnail\" alt=\"\" aria-describedby=\"gallery-1-29403\" srcset=\"https:\/\/www.arquimaster.com.ar\/web\/wp-content\/uploads\/2018\/03\/departamento_mdp11-150x150.jpg 150w, https:\/\/www.arquimaster.com.ar\/web\/wp-content\/uploads\/2018\/03\/departamento_mdp11-50x50.jpg 50w, https:\/\/www.arquimaster.com.ar\/web\/wp-content\/uploads\/2018\/03\/departamento_mdp11-125x125.jpg 125w\" sizes=\"auto, (max-width: 150px) 100vw, 150px\" \/><\/a>\n\t\t\t<\/div>\n\t\t\t\t<figcaption class='wp-caption-text gallery-caption' id='gallery-1-29403'>\n\t\t\t\tRemodelaci\u00f3n de departamento en Mar del Plata \/ G7 Grupo Creativo\n\t\t\t\t<\/figcaption><\/figure>\n\t\t<\/div>\n\n<p>Bas\u00e1ndonos en las necesidades y gustos del comitente se dot\u00f3 a este espacio de funcionalidad y modernidad, sin perder la calidez. Se integr\u00f3 el \u00e1rea de cocina comedor al sector de sala de estar a trav\u00e9s de una amplia arcada, que brind\u00f3 mayor fluidez entre los espacios. Se escogieron colores terrosos y madera para los revestimientos y acabados.<\/p>\n<p>En cuanto a la sala de estar se quitaron los revestimientos de madera anticuados que decoraban los muros y se equip\u00f3 al espacio con nuevo mobiliario dise\u00f1ado a medida. Adem\u00e1s, se modific\u00f3 la iluminaci\u00f3n, mejor\u00e1ndola con dispositivos modernos.<\/p>\n<p>En el dormitorio principal se dise\u00f1o todo el mobiliario, escogiendo el gris claro (con terminaci\u00f3n s\u00edmil lino) como color predominante y generando una atmosfera de descanso y relax. Se realiz\u00f3 el respaldar de la cama con las mesas de luz integradas al mismo, con un dise\u00f1o suspendido y ligero. El placard tambi\u00e9n fue modificado, desde sus puertas, que hacen juego con el restante mobiliario, hasta el interior del mismo, el cual se realiz\u00f3 con los \u00faltimos est\u00e1ndares de dise\u00f1o y funcionalidad.<\/p>\n<div id='gallery-2' class='gallery galleryid-29391 gallery-columns-3 gallery-size-thumbnail'><figure class='gallery-item'>\n\t\t\t<div class='gallery-icon portrait'>\n\t\t\t\t<a href='https:\/\/www.arquimaster.com.ar\/web\/wp-content\/uploads\/2018\/03\/departamento_mdp12.jpg' title=\"Remodelaci\u00f3n de departamento en Mar del Plata \/ G7 Grupo Creativo\" data-rl_title=\"Remodelaci\u00f3n de departamento en Mar del Plata \/ G7 Grupo Creativo\" class=\"rl-gallery-link\" data-rl_caption=\"Remodelaci\u00f3n de departamento en Mar del Plata \/ G7 Grupo Creativo\" data-rel=\"lightbox-gallery-2\"><img loading=\"lazy\" decoding=\"async\" width=\"150\" height=\"150\" src=\"https:\/\/www.arquimaster.com.ar\/web\/wp-content\/uploads\/2018\/03\/departamento_mdp12-150x150.jpg\" class=\"attachment-thumbnail size-thumbnail\" alt=\"\" aria-describedby=\"gallery-2-29404\" srcset=\"https:\/\/www.arquimaster.com.ar\/web\/wp-content\/uploads\/2018\/03\/departamento_mdp12-150x150.jpg 150w, https:\/\/www.arquimaster.com.ar\/web\/wp-content\/uploads\/2018\/03\/departamento_mdp12-50x50.jpg 50w, https:\/\/www.arquimaster.com.ar\/web\/wp-content\/uploads\/2018\/03\/departamento_mdp12-125x125.jpg 125w\" sizes=\"auto, (max-width: 150px) 100vw, 150px\" \/><\/a>\n\t\t\t<\/div>\n\t\t\t\t<figcaption class='wp-caption-text gallery-caption' id='gallery-2-29404'>\n\t\t\t\tRemodelaci\u00f3n de departamento en Mar del Plata \/ G7 Grupo Creativo\n\t\t\t\t<\/figcaption><\/figure><figure class='gallery-item'>\n\t\t\t<div class='gallery-icon portrait'>\n\t\t\t\t<a href='https:\/\/www.arquimaster.com.ar\/web\/wp-content\/uploads\/2018\/03\/departamento_mdp13.jpg' title=\"Remodelaci\u00f3n de departamento en Mar del Plata \/ G7 Grupo Creativo\" data-rl_title=\"Remodelaci\u00f3n de departamento en Mar del Plata \/ G7 Grupo Creativo\" class=\"rl-gallery-link\" data-rl_caption=\"Remodelaci\u00f3n de departamento en Mar del Plata \/ G7 Grupo Creativo\" data-rel=\"lightbox-gallery-2\"><img loading=\"lazy\" decoding=\"async\" width=\"150\" height=\"150\" src=\"https:\/\/www.arquimaster.com.ar\/web\/wp-content\/uploads\/2018\/03\/departamento_mdp13-150x150.jpg\" class=\"attachment-thumbnail size-thumbnail\" alt=\"\" aria-describedby=\"gallery-2-29405\" srcset=\"https:\/\/www.arquimaster.com.ar\/web\/wp-content\/uploads\/2018\/03\/departamento_mdp13-150x150.jpg 150w, https:\/\/www.arquimaster.com.ar\/web\/wp-content\/uploads\/2018\/03\/departamento_mdp13-50x50.jpg 50w, https:\/\/www.arquimaster.com.ar\/web\/wp-content\/uploads\/2018\/03\/departamento_mdp13-125x125.jpg 125w\" sizes=\"auto, (max-width: 150px) 100vw, 150px\" \/><\/a>\n\t\t\t<\/div>\n\t\t\t\t<figcaption class='wp-caption-text gallery-caption' id='gallery-2-29405'>\n\t\t\t\tRemodelaci\u00f3n de departamento en Mar del Plata \/ G7 Grupo Creativo\n\t\t\t\t<\/figcaption><\/figure><figure class='gallery-item'>\n\t\t\t<div class='gallery-icon landscape'>\n\t\t\t\t<a href='https:\/\/www.arquimaster.com.ar\/web\/wp-content\/uploads\/2018\/03\/departamento_mdp14.jpg' title=\"Remodelaci\u00f3n de departamento en Mar del Plata \/ G7 Grupo Creativo\" data-rl_title=\"Remodelaci\u00f3n de departamento en Mar del Plata \/ G7 Grupo Creativo\" class=\"rl-gallery-link\" data-rl_caption=\"Remodelaci\u00f3n de departamento en Mar del Plata \/ G7 Grupo Creativo\" data-rel=\"lightbox-gallery-2\"><img loading=\"lazy\" decoding=\"async\" width=\"150\" height=\"150\" src=\"https:\/\/www.arquimaster.com.ar\/web\/wp-content\/uploads\/2018\/03\/departamento_mdp14-150x150.jpg\" class=\"attachment-thumbnail size-thumbnail\" alt=\"\" aria-describedby=\"gallery-2-29406\" srcset=\"https:\/\/www.arquimaster.com.ar\/web\/wp-content\/uploads\/2018\/03\/departamento_mdp14-150x150.jpg 150w, https:\/\/www.arquimaster.com.ar\/web\/wp-content\/uploads\/2018\/03\/departamento_mdp14-50x50.jpg 50w, https:\/\/www.arquimaster.com.ar\/web\/wp-content\/uploads\/2018\/03\/departamento_mdp14-125x125.jpg 125w\" sizes=\"auto, (max-width: 150px) 100vw, 150px\" \/><\/a>\n\t\t\t<\/div>\n\t\t\t\t<figcaption class='wp-caption-text gallery-caption' id='gallery-2-29406'>\n\t\t\t\tRemodelaci\u00f3n de departamento en Mar del Plata \/ G7 Grupo Creativo\n\t\t\t\t<\/figcaption><\/figure><figure class='gallery-item'>\n\t\t\t<div class='gallery-icon portrait'>\n\t\t\t\t<a href='https:\/\/www.arquimaster.com.ar\/web\/wp-content\/uploads\/2018\/03\/departamento_mdp15.jpg' title=\"Remodelaci\u00f3n de departamento en Mar del Plata \/ G7 Grupo Creativo\" data-rl_title=\"Remodelaci\u00f3n de departamento en Mar del Plata \/ G7 Grupo Creativo\" class=\"rl-gallery-link\" data-rl_caption=\"Remodelaci\u00f3n de departamento en Mar del Plata \/ G7 Grupo Creativo\" data-rel=\"lightbox-gallery-2\"><img loading=\"lazy\" decoding=\"async\" width=\"150\" height=\"150\" src=\"https:\/\/www.arquimaster.com.ar\/web\/wp-content\/uploads\/2018\/03\/departamento_mdp15-150x150.jpg\" class=\"attachment-thumbnail size-thumbnail\" alt=\"\" aria-describedby=\"gallery-2-29407\" srcset=\"https:\/\/www.arquimaster.com.ar\/web\/wp-content\/uploads\/2018\/03\/departamento_mdp15-150x150.jpg 150w, https:\/\/www.arquimaster.com.ar\/web\/wp-content\/uploads\/2018\/03\/departamento_mdp15-50x50.jpg 50w, https:\/\/www.arquimaster.com.ar\/web\/wp-content\/uploads\/2018\/03\/departamento_mdp15-125x125.jpg 125w\" sizes=\"auto, (max-width: 150px) 100vw, 150px\" \/><\/a>\n\t\t\t<\/div>\n\t\t\t\t<figcaption class='wp-caption-text gallery-caption' id='gallery-2-29407'>\n\t\t\t\tRemodelaci\u00f3n de departamento en Mar del Plata \/ G7 Grupo Creativo\n\t\t\t\t<\/figcaption><\/figure><figure class='gallery-item'>\n\t\t\t<div class='gallery-icon portrait'>\n\t\t\t\t<a href='https:\/\/www.arquimaster.com.ar\/web\/wp-content\/uploads\/2018\/03\/departamento_mdp16.jpg' title=\"Remodelaci\u00f3n de departamento en Mar del Plata \/ G7 Grupo Creativo\" data-rl_title=\"Remodelaci\u00f3n de departamento en Mar del Plata \/ G7 Grupo Creativo\" class=\"rl-gallery-link\" data-rl_caption=\"Remodelaci\u00f3n de departamento en Mar del Plata \/ G7 Grupo Creativo\" data-rel=\"lightbox-gallery-2\"><img loading=\"lazy\" decoding=\"async\" width=\"150\" height=\"150\" src=\"https:\/\/www.arquimaster.com.ar\/web\/wp-content\/uploads\/2018\/03\/departamento_mdp16-150x150.jpg\" class=\"attachment-thumbnail size-thumbnail\" alt=\"\" aria-describedby=\"gallery-2-29408\" srcset=\"https:\/\/www.arquimaster.com.ar\/web\/wp-content\/uploads\/2018\/03\/departamento_mdp16-150x150.jpg 150w, https:\/\/www.arquimaster.com.ar\/web\/wp-content\/uploads\/2018\/03\/departamento_mdp16-50x50.jpg 50w, https:\/\/www.arquimaster.com.ar\/web\/wp-content\/uploads\/2018\/03\/departamento_mdp16-125x125.jpg 125w\" sizes=\"auto, (max-width: 150px) 100vw, 150px\" \/><\/a>\n\t\t\t<\/div>\n\t\t\t\t<figcaption class='wp-caption-text gallery-caption' id='gallery-2-29408'>\n\t\t\t\tRemodelaci\u00f3n de departamento en Mar del Plata \/ G7 Grupo Creativo\n\t\t\t\t<\/figcaption><\/figure><figure class='gallery-item'>\n\t\t\t<div class='gallery-icon portrait'>\n\t\t\t\t<a href='https:\/\/www.arquimaster.com.ar\/web\/wp-content\/uploads\/2018\/03\/departamento_mdp17.jpg' title=\"Remodelaci\u00f3n de departamento en Mar del Plata \/ G7 Grupo Creativo\" data-rl_title=\"Remodelaci\u00f3n de departamento en Mar del Plata \/ G7 Grupo Creativo\" class=\"rl-gallery-link\" data-rl_caption=\"Remodelaci\u00f3n de departamento en Mar del Plata \/ G7 Grupo Creativo\" data-rel=\"lightbox-gallery-2\"><img loading=\"lazy\" decoding=\"async\" width=\"150\" height=\"150\" src=\"https:\/\/www.arquimaster.com.ar\/web\/wp-content\/uploads\/2018\/03\/departamento_mdp17-150x150.jpg\" class=\"attachment-thumbnail size-thumbnail\" alt=\"\" aria-describedby=\"gallery-2-29409\" srcset=\"https:\/\/www.arquimaster.com.ar\/web\/wp-content\/uploads\/2018\/03\/departamento_mdp17-150x150.jpg 150w, https:\/\/www.arquimaster.com.ar\/web\/wp-content\/uploads\/2018\/03\/departamento_mdp17-50x50.jpg 50w, https:\/\/www.arquimaster.com.ar\/web\/wp-content\/uploads\/2018\/03\/departamento_mdp17-125x125.jpg 125w\" sizes=\"auto, (max-width: 150px) 100vw, 150px\" \/><\/a>\n\t\t\t<\/div>\n\t\t\t\t<figcaption class='wp-caption-text gallery-caption' id='gallery-2-29409'>\n\t\t\t\tRemodelaci\u00f3n de departamento en Mar del Plata \/ G7 Grupo Creativo\n\t\t\t\t<\/figcaption><\/figure><figure class='gallery-item'>\n\t\t\t<div class='gallery-icon portrait'>\n\t\t\t\t<a href='https:\/\/www.arquimaster.com.ar\/web\/wp-content\/uploads\/2018\/03\/departamento_mdp18.jpg' title=\"Remodelaci\u00f3n de departamento en Mar del Plata \/ G7 Grupo Creativo\" data-rl_title=\"Remodelaci\u00f3n de departamento en Mar del Plata \/ G7 Grupo Creativo\" class=\"rl-gallery-link\" data-rl_caption=\"Remodelaci\u00f3n de departamento en Mar del Plata \/ G7 Grupo Creativo\" data-rel=\"lightbox-gallery-2\"><img loading=\"lazy\" decoding=\"async\" width=\"150\" height=\"150\" src=\"https:\/\/www.arquimaster.com.ar\/web\/wp-content\/uploads\/2018\/03\/departamento_mdp18-150x150.jpg\" class=\"attachment-thumbnail size-thumbnail\" alt=\"\" aria-describedby=\"gallery-2-29410\" srcset=\"https:\/\/www.arquimaster.com.ar\/web\/wp-content\/uploads\/2018\/03\/departamento_mdp18-150x150.jpg 150w, https:\/\/www.arquimaster.com.ar\/web\/wp-content\/uploads\/2018\/03\/departamento_mdp18-50x50.jpg 50w, https:\/\/www.arquimaster.com.ar\/web\/wp-content\/uploads\/2018\/03\/departamento_mdp18-125x125.jpg 125w\" sizes=\"auto, (max-width: 150px) 100vw, 150px\" \/><\/a>\n\t\t\t<\/div>\n\t\t\t\t<figcaption class='wp-caption-text gallery-caption' id='gallery-2-29410'>\n\t\t\t\tRemodelaci\u00f3n de departamento en Mar del Plata \/ G7 Grupo Creativo\n\t\t\t\t<\/figcaption><\/figure><figure class='gallery-item'>\n\t\t\t<div class='gallery-icon portrait'>\n\t\t\t\t<a href='https:\/\/www.arquimaster.com.ar\/web\/wp-content\/uploads\/2018\/03\/departamento_mdp19.jpg' title=\"Remodelaci\u00f3n de departamento en Mar del Plata \/ G7 Grupo Creativo\" data-rl_title=\"Remodelaci\u00f3n de departamento en Mar del Plata \/ G7 Grupo Creativo\" class=\"rl-gallery-link\" data-rl_caption=\"Remodelaci\u00f3n de departamento en Mar del Plata \/ G7 Grupo Creativo\" data-rel=\"lightbox-gallery-2\"><img loading=\"lazy\" decoding=\"async\" width=\"150\" height=\"150\" src=\"https:\/\/www.arquimaster.com.ar\/web\/wp-content\/uploads\/2018\/03\/departamento_mdp19-150x150.jpg\" class=\"attachment-thumbnail size-thumbnail\" alt=\"\" aria-describedby=\"gallery-2-29411\" srcset=\"https:\/\/www.arquimaster.com.ar\/web\/wp-content\/uploads\/2018\/03\/departamento_mdp19-150x150.jpg 150w, https:\/\/www.arquimaster.com.ar\/web\/wp-content\/uploads\/2018\/03\/departamento_mdp19-50x50.jpg 50w, https:\/\/www.arquimaster.com.ar\/web\/wp-content\/uploads\/2018\/03\/departamento_mdp19-125x125.jpg 125w\" sizes=\"auto, (max-width: 150px) 100vw, 150px\" \/><\/a>\n\t\t\t<\/div>\n\t\t\t\t<figcaption class='wp-caption-text gallery-caption' id='gallery-2-29411'>\n\t\t\t\tRemodelaci\u00f3n de departamento en Mar del Plata \/ G7 Grupo Creativo\n\t\t\t\t<\/figcaption><\/figure><figure class='gallery-item'>\n\t\t\t<div class='gallery-icon portrait'>\n\t\t\t\t<a href='https:\/\/www.arquimaster.com.ar\/web\/wp-content\/uploads\/2018\/03\/departamento_mdp20.jpg' title=\"Remodelaci\u00f3n de departamento en Mar del Plata \/ G7 Grupo Creativo\" data-rl_title=\"Remodelaci\u00f3n de departamento en Mar del Plata \/ G7 Grupo Creativo\" class=\"rl-gallery-link\" data-rl_caption=\"Remodelaci\u00f3n de departamento en Mar del Plata \/ G7 Grupo Creativo\" data-rel=\"lightbox-gallery-2\"><img loading=\"lazy\" decoding=\"async\" width=\"150\" height=\"150\" src=\"https:\/\/www.arquimaster.com.ar\/web\/wp-content\/uploads\/2018\/03\/departamento_mdp20-150x150.jpg\" class=\"attachment-thumbnail size-thumbnail\" alt=\"\" aria-describedby=\"gallery-2-29412\" srcset=\"https:\/\/www.arquimaster.com.ar\/web\/wp-content\/uploads\/2018\/03\/departamento_mdp20-150x150.jpg 150w, https:\/\/www.arquimaster.com.ar\/web\/wp-content\/uploads\/2018\/03\/departamento_mdp20-50x50.jpg 50w, https:\/\/www.arquimaster.com.ar\/web\/wp-content\/uploads\/2018\/03\/departamento_mdp20-125x125.jpg 125w\" sizes=\"auto, (max-width: 150px) 100vw, 150px\" \/><\/a>\n\t\t\t<\/div>\n\t\t\t\t<figcaption class='wp-caption-text gallery-caption' id='gallery-2-29412'>\n\t\t\t\tRemodelaci\u00f3n de departamento en Mar del Plata \/ G7 Grupo Creativo\n\t\t\t\t<\/figcaption><\/figure><figure class='gallery-item'>\n\t\t\t<div class='gallery-icon portrait'>\n\t\t\t\t<a href='https:\/\/www.arquimaster.com.ar\/web\/wp-content\/uploads\/2018\/03\/departamento_mdp21.jpg' title=\"Remodelaci\u00f3n de departamento en Mar del Plata \/ G7 Grupo Creativo\" data-rl_title=\"Remodelaci\u00f3n de departamento en Mar del Plata \/ G7 Grupo Creativo\" class=\"rl-gallery-link\" data-rl_caption=\"Remodelaci\u00f3n de departamento en Mar del Plata \/ G7 Grupo Creativo\" data-rel=\"lightbox-gallery-2\"><img loading=\"lazy\" decoding=\"async\" width=\"150\" height=\"150\" src=\"https:\/\/www.arquimaster.com.ar\/web\/wp-content\/uploads\/2018\/03\/departamento_mdp21-150x150.jpg\" class=\"attachment-thumbnail size-thumbnail\" alt=\"\" aria-describedby=\"gallery-2-29413\" srcset=\"https:\/\/www.arquimaster.com.ar\/web\/wp-content\/uploads\/2018\/03\/departamento_mdp21-150x150.jpg 150w, https:\/\/www.arquimaster.com.ar\/web\/wp-content\/uploads\/2018\/03\/departamento_mdp21-50x50.jpg 50w, https:\/\/www.arquimaster.com.ar\/web\/wp-content\/uploads\/2018\/03\/departamento_mdp21-125x125.jpg 125w\" sizes=\"auto, (max-width: 150px) 100vw, 150px\" \/><\/a>\n\t\t\t<\/div>\n\t\t\t\t<figcaption class='wp-caption-text gallery-caption' id='gallery-2-29413'>\n\t\t\t\tRemodelaci\u00f3n de departamento en Mar del Plata \/ G7 Grupo Creativo\n\t\t\t\t<\/figcaption><\/figure>\n\t\t<\/div>\n\n<p>El estudio fue dotado con un mobiliario dise\u00f1ado a medida que incluye sector de escritorio, placard, espacio de guardado y estante suspendido. Se combino el color blanco con el gris a trav\u00e9s de distintos materiales como la melanina y la madera laqueada.<\/p>\n<p>En el ba\u00f1o principal se escogieron colores c\u00e1lidos, pasando por los revestimientos en paredes y pisos como la madera utilizada en el mobiliario. Se elimin\u00f3 la ba\u00f1era y se lo remplaz\u00f3 por un pediluvio con mampara de vidrio para generar m\u00e1s espacio, ya que no era un ba\u00f1o amplio. Tambi\u00e9n se realizaron nichos dentro del sector de ducha para el guardado de art\u00edculos de perfumer\u00eda. Se dise\u00f1o un vanitory a medida con espejo incluido y placard suspendido como sector de guardado.<\/p>\n<p>El ba\u00f1o de hu\u00e9spedes se modernizo a trav\u00e9s del cambio de revestimientos, artefactos sanitarios, vanitory, accesorios e iluminaci\u00f3n. Escogiendo un revestimiento de pared predominantemente blanco que le otorgo mayor luminosidad y amplitud visual.<\/p>\n<p>Lo mismo sucedi\u00f3 en el toilette, el cual se modernizo a trav\u00e9s del cambio de revestimientos, artefactos sanitarios, vanitory, accesorios e iluminaci\u00f3n.<\/p>\n<p><strong>Ficha t\u00e9cnica<\/strong><br \/>\nNombre: Remodelaci\u00f3n de departamento en Mar del Plata<br \/>\nUbicaci\u00f3n: Mar del Plata, Pcia. de Buenos Aires, Argentina<br \/>\nDise\u00f1o: G7 Grupo Creativo<br \/>\nProyectistas: Arq. Mar\u00eda Alejandra Garcia, D. Int. Rosario Fandi\u00f1o<\/p>\n<p><strong>Contacto:<\/strong> <a href=\"http:\/\/www.g7grupocreativo.com.ar\" target=\"_blank\" rel=\"noopener\">http:\/\/www.g7grupocreativo.com.ar<\/a><\/p>\n\n<div style=\"font-size: 0px; height: 0px; line-height: 0px; margin: 0; padding: 0; clear: both;\"><\/div><div style=\"margin-top: 0px; margin-bottom: 0px;\" class=\"sharethis-inline-share-buttons\" ><\/div>","protected":false},"excerpt":{"rendered":"<p>Refuncionalizaci\u00f3n y modernizaci\u00f3n, incluyendo dise\u00f1o de mobiliario a medida y equipamiento&#8230;<\/p>\n","protected":false},"author":1,"featured_media":29392,"comment_status":"closed","ping_status":"closed","sticky":false,"template":"","format":"standard","meta":{"_uag_custom_page_level_css":"","footnotes":""},"categories":[1,82],"tags":[249,3718,458,4493,1043,2298,722,4494],"class_list":["post-29391","post","type-post","status-publish","format-standard","has-post-thumbnail","hentry","category-proyecto","category-rehabilitaciones","tag-departamento","tag-g7-grupo-creativo","tag-mar-del-plata","tag-maria-alejandra-garcia","tag-reforma-de-vivienda","tag-refuncionalizacion","tag-remodelacion","tag-rosario-fandino","generate-columns","tablet-grid-50","mobile-grid-100","grid-parent","grid-50"],"yoast_head":"<!-- This site is optimized with the Yoast SEO plugin v27.3 - https:\/\/yoast.com\/product\/yoast-seo-wordpress\/ -->\n<title>Remodelaci\u00f3n de departamento en Mar del Plata \/ G7 Grupo Creativo - Arquimaster<\/title>\n<meta name=\"robots\" content=\"index, follow, max-snippet:-1, max-image-preview:large, max-video-preview:-1\" \/>\n<link rel=\"canonical\" href=\"https:\/\/www.arquimaster.com.ar\/web\/remodelacion-de-departamento-en-mar-del-plata-g7-grupo-creativo\/\" \/>\n<meta property=\"og:locale\" content=\"es_ES\" \/>\n<meta property=\"og:type\" content=\"article\" \/>\n<meta property=\"og:title\" content=\"Remodelaci\u00f3n de departamento en Mar del Plata \/ G7 Grupo Creativo - Arquimaster\" \/>\n<meta property=\"og:description\" content=\"Refuncionalizaci\u00f3n y modernizaci\u00f3n, incluyendo dise\u00f1o de mobiliario a medida y equipamiento...\" \/>\n<meta property=\"og:url\" content=\"https:\/\/www.arquimaster.com.ar\/web\/remodelacion-de-departamento-en-mar-del-plata-g7-grupo-creativo\/\" \/>\n<meta property=\"og:site_name\" content=\"Arquimaster\" \/>\n<meta property=\"article:publisher\" content=\"http:\/\/www.facebook.com\/ARQUIMASTER.com.ar\" \/>\n<meta property=\"article:published_time\" content=\"2018-03-22T16:43:38+00:00\" \/>\n<meta property=\"article:modified_time\" content=\"2018-03-25T20:53:12+00:00\" \/>\n<meta property=\"og:image\" content=\"https:\/\/www.arquimaster.com.ar\/web\/wp-content\/uploads\/2018\/03\/departamento_mdp_slide.jpg\" \/>\n\t<meta property=\"og:image:width\" content=\"642\" \/>\n\t<meta property=\"og:image:height\" content=\"336\" \/>\n\t<meta property=\"og:image:type\" content=\"image\/jpeg\" \/>\n<meta name=\"author\" content=\"Arquimaster\" \/>\n<meta name=\"twitter:card\" content=\"summary_large_image\" \/>\n<meta name=\"twitter:creator\" content=\"@arquimaster\" \/>\n<meta name=\"twitter:site\" content=\"@arquimaster\" \/>\n<meta name=\"twitter:label1\" content=\"Escrito por\" \/>\n\t<meta name=\"twitter:data1\" content=\"Arquimaster\" \/>\n\t<meta name=\"twitter:label2\" content=\"Tiempo de lectura\" \/>\n\t<meta name=\"twitter:data2\" content=\"3 minutos\" \/>\n<script type=\"application\/ld+json\" class=\"yoast-schema-graph\">{\"@context\":\"https:\\\/\\\/schema.org\",\"@graph\":[{\"@type\":\"Article\",\"@id\":\"https:\\\/\\\/www.arquimaster.com.ar\\\/web\\\/remodelacion-de-departamento-en-mar-del-plata-g7-grupo-creativo\\\/#article\",\"isPartOf\":{\"@id\":\"https:\\\/\\\/www.arquimaster.com.ar\\\/web\\\/remodelacion-de-departamento-en-mar-del-plata-g7-grupo-creativo\\\/\"},\"author\":{\"name\":\"Arquimaster\",\"@id\":\"https:\\\/\\\/www.arquimaster.com.ar\\\/web\\\/#\\\/schema\\\/person\\\/359e9f7c00193fcde068e0dd2ceb0028\"},\"headline\":\"Remodelaci\u00f3n de departamento en Mar del Plata \\\/ G7 Grupo Creativo\",\"datePublished\":\"2018-03-22T16:43:38+00:00\",\"dateModified\":\"2018-03-25T20:53:12+00:00\",\"mainEntityOfPage\":{\"@id\":\"https:\\\/\\\/www.arquimaster.com.ar\\\/web\\\/remodelacion-de-departamento-en-mar-del-plata-g7-grupo-creativo\\\/\"},\"wordCount\":524,\"publisher\":{\"@id\":\"https:\\\/\\\/www.arquimaster.com.ar\\\/web\\\/#organization\"},\"image\":{\"@id\":\"https:\\\/\\\/www.arquimaster.com.ar\\\/web\\\/remodelacion-de-departamento-en-mar-del-plata-g7-grupo-creativo\\\/#primaryimage\"},\"thumbnailUrl\":\"https:\\\/\\\/www.arquimaster.com.ar\\\/web\\\/wp-content\\\/uploads\\\/2018\\\/03\\\/departamento_mdp_slide.jpg\",\"keywords\":[\"departamento\",\"G7 Grupo Creativo\",\"Mar del Plata\",\"Mar\u00eda Alejandra Garc\u00eda\",\"reforma de vivienda\",\"refuncionalizaci\u00f3n\",\"remodelaci\u00f3n\",\"Rosario Fandi\u00f1o\"],\"articleSection\":[\"Proyecto\",\"Rehabilitaciones y ampliaciones\"],\"inLanguage\":\"es\"},{\"@type\":\"WebPage\",\"@id\":\"https:\\\/\\\/www.arquimaster.com.ar\\\/web\\\/remodelacion-de-departamento-en-mar-del-plata-g7-grupo-creativo\\\/\",\"url\":\"https:\\\/\\\/www.arquimaster.com.ar\\\/web\\\/remodelacion-de-departamento-en-mar-del-plata-g7-grupo-creativo\\\/\",\"name\":\"Remodelaci\u00f3n de departamento en Mar del Plata \\\/ G7 Grupo Creativo - Arquimaster\",\"isPartOf\":{\"@id\":\"https:\\\/\\\/www.arquimaster.com.ar\\\/web\\\/#website\"},\"primaryImageOfPage\":{\"@id\":\"https:\\\/\\\/www.arquimaster.com.ar\\\/web\\\/remodelacion-de-departamento-en-mar-del-plata-g7-grupo-creativo\\\/#primaryimage\"},\"image\":{\"@id\":\"https:\\\/\\\/www.arquimaster.com.ar\\\/web\\\/remodelacion-de-departamento-en-mar-del-plata-g7-grupo-creativo\\\/#primaryimage\"},\"thumbnailUrl\":\"https:\\\/\\\/www.arquimaster.com.ar\\\/web\\\/wp-content\\\/uploads\\\/2018\\\/03\\\/departamento_mdp_slide.jpg\",\"datePublished\":\"2018-03-22T16:43:38+00:00\",\"dateModified\":\"2018-03-25T20:53:12+00:00\",\"breadcrumb\":{\"@id\":\"https:\\\/\\\/www.arquimaster.com.ar\\\/web\\\/remodelacion-de-departamento-en-mar-del-plata-g7-grupo-creativo\\\/#breadcrumb\"},\"inLanguage\":\"es\",\"potentialAction\":[{\"@type\":\"ReadAction\",\"target\":[\"https:\\\/\\\/www.arquimaster.com.ar\\\/web\\\/remodelacion-de-departamento-en-mar-del-plata-g7-grupo-creativo\\\/\"]}]},{\"@type\":\"ImageObject\",\"inLanguage\":\"es\",\"@id\":\"https:\\\/\\\/www.arquimaster.com.ar\\\/web\\\/remodelacion-de-departamento-en-mar-del-plata-g7-grupo-creativo\\\/#primaryimage\",\"url\":\"https:\\\/\\\/www.arquimaster.com.ar\\\/web\\\/wp-content\\\/uploads\\\/2018\\\/03\\\/departamento_mdp_slide.jpg\",\"contentUrl\":\"https:\\\/\\\/www.arquimaster.com.ar\\\/web\\\/wp-content\\\/uploads\\\/2018\\\/03\\\/departamento_mdp_slide.jpg\",\"width\":642,\"height\":336},{\"@type\":\"BreadcrumbList\",\"@id\":\"https:\\\/\\\/www.arquimaster.com.ar\\\/web\\\/remodelacion-de-departamento-en-mar-del-plata-g7-grupo-creativo\\\/#breadcrumb\",\"itemListElement\":[{\"@type\":\"ListItem\",\"position\":1,\"name\":\"Portada\",\"item\":\"https:\\\/\\\/www.arquimaster.com.ar\\\/web\\\/\"},{\"@type\":\"ListItem\",\"position\":2,\"name\":\"Remodelaci\u00f3n de departamento en Mar del Plata \\\/ G7 Grupo Creativo\"}]},{\"@type\":\"WebSite\",\"@id\":\"https:\\\/\\\/www.arquimaster.com.ar\\\/web\\\/#website\",\"url\":\"https:\\\/\\\/www.arquimaster.com.ar\\\/web\\\/\",\"name\":\"Arquimaster\",\"description\":\"Web de arquitectura, dise\u00f1o y construccion\",\"publisher\":{\"@id\":\"https:\\\/\\\/www.arquimaster.com.ar\\\/web\\\/#organization\"},\"potentialAction\":[{\"@type\":\"SearchAction\",\"target\":{\"@type\":\"EntryPoint\",\"urlTemplate\":\"https:\\\/\\\/www.arquimaster.com.ar\\\/web\\\/?s={search_term_string}\"},\"query-input\":{\"@type\":\"PropertyValueSpecification\",\"valueRequired\":true,\"valueName\":\"search_term_string\"}}],\"inLanguage\":\"es\"},{\"@type\":\"Organization\",\"@id\":\"https:\\\/\\\/www.arquimaster.com.ar\\\/web\\\/#organization\",\"name\":\"Arquimaster\",\"url\":\"https:\\\/\\\/www.arquimaster.com.ar\\\/web\\\/\",\"logo\":{\"@type\":\"ImageObject\",\"inLanguage\":\"es\",\"@id\":\"https:\\\/\\\/www.arquimaster.com.ar\\\/web\\\/#\\\/schema\\\/logo\\\/image\\\/\",\"url\":\"https:\\\/\\\/www.arquimaster.com.ar\\\/web\\\/wp-content\\\/uploads\\\/2022\\\/06\\\/arquimaster.png\",\"contentUrl\":\"https:\\\/\\\/www.arquimaster.com.ar\\\/web\\\/wp-content\\\/uploads\\\/2022\\\/06\\\/arquimaster.png\",\"width\":594,\"height\":78,\"caption\":\"Arquimaster\"},\"image\":{\"@id\":\"https:\\\/\\\/www.arquimaster.com.ar\\\/web\\\/#\\\/schema\\\/logo\\\/image\\\/\"},\"sameAs\":[\"http:\\\/\\\/www.facebook.com\\\/ARQUIMASTER.com.ar\",\"https:\\\/\\\/x.com\\\/arquimaster\",\"https:\\\/\\\/www.instagram.com\\\/arquimasterblog\\\/\",\"https:\\\/\\\/www.linkedin.com\\\/company\\\/arquimaster\",\"https:\\\/\\\/www.pinterest.com\\\/arquimaster\",\"https:\\\/\\\/t.me\\\/arquimaster\"]},{\"@type\":\"Person\",\"@id\":\"https:\\\/\\\/www.arquimaster.com.ar\\\/web\\\/#\\\/schema\\\/person\\\/359e9f7c00193fcde068e0dd2ceb0028\",\"name\":\"Arquimaster\"}]}<\/script>\n<!-- \/ Yoast SEO plugin. -->","yoast_head_json":{"title":"Remodelaci\u00f3n de departamento en Mar del Plata \/ G7 Grupo Creativo - Arquimaster","robots":{"index":"index","follow":"follow","max-snippet":"max-snippet:-1","max-image-preview":"max-image-preview:large","max-video-preview":"max-video-preview:-1"},"canonical":"https:\/\/www.arquimaster.com.ar\/web\/remodelacion-de-departamento-en-mar-del-plata-g7-grupo-creativo\/","og_locale":"es_ES","og_type":"article","og_title":"Remodelaci\u00f3n de departamento en Mar del Plata \/ G7 Grupo Creativo - Arquimaster","og_description":"Refuncionalizaci\u00f3n y modernizaci\u00f3n, incluyendo dise\u00f1o de mobiliario a medida y equipamiento...","og_url":"https:\/\/www.arquimaster.com.ar\/web\/remodelacion-de-departamento-en-mar-del-plata-g7-grupo-creativo\/","og_site_name":"Arquimaster","article_publisher":"http:\/\/www.facebook.com\/ARQUIMASTER.com.ar","article_published_time":"2018-03-22T16:43:38+00:00","article_modified_time":"2018-03-25T20:53:12+00:00","og_image":[{"width":642,"height":336,"url":"https:\/\/www.arquimaster.com.ar\/web\/wp-content\/uploads\/2018\/03\/departamento_mdp_slide.jpg","type":"image\/jpeg"}],"author":"Arquimaster","twitter_card":"summary_large_image","twitter_creator":"@arquimaster","twitter_site":"@arquimaster","twitter_misc":{"Escrito por":"Arquimaster","Tiempo de lectura":"3 minutos"},"schema":{"@context":"https:\/\/schema.org","@graph":[{"@type":"Article","@id":"https:\/\/www.arquimaster.com.ar\/web\/remodelacion-de-departamento-en-mar-del-plata-g7-grupo-creativo\/#article","isPartOf":{"@id":"https:\/\/www.arquimaster.com.ar\/web\/remodelacion-de-departamento-en-mar-del-plata-g7-grupo-creativo\/"},"author":{"name":"Arquimaster","@id":"https:\/\/www.arquimaster.com.ar\/web\/#\/schema\/person\/359e9f7c00193fcde068e0dd2ceb0028"},"headline":"Remodelaci\u00f3n de departamento en Mar del Plata \/ G7 Grupo Creativo","datePublished":"2018-03-22T16:43:38+00:00","dateModified":"2018-03-25T20:53:12+00:00","mainEntityOfPage":{"@id":"https:\/\/www.arquimaster.com.ar\/web\/remodelacion-de-departamento-en-mar-del-plata-g7-grupo-creativo\/"},"wordCount":524,"publisher":{"@id":"https:\/\/www.arquimaster.com.ar\/web\/#organization"},"image":{"@id":"https:\/\/www.arquimaster.com.ar\/web\/remodelacion-de-departamento-en-mar-del-plata-g7-grupo-creativo\/#primaryimage"},"thumbnailUrl":"https:\/\/www.arquimaster.com.ar\/web\/wp-content\/uploads\/2018\/03\/departamento_mdp_slide.jpg","keywords":["departamento","G7 Grupo Creativo","Mar del Plata","Mar\u00eda Alejandra Garc\u00eda","reforma de vivienda","refuncionalizaci\u00f3n","remodelaci\u00f3n","Rosario Fandi\u00f1o"],"articleSection":["Proyecto","Rehabilitaciones y ampliaciones"],"inLanguage":"es"},{"@type":"WebPage","@id":"https:\/\/www.arquimaster.com.ar\/web\/remodelacion-de-departamento-en-mar-del-plata-g7-grupo-creativo\/","url":"https:\/\/www.arquimaster.com.ar\/web\/remodelacion-de-departamento-en-mar-del-plata-g7-grupo-creativo\/","name":"Remodelaci\u00f3n de departamento en Mar del Plata \/ G7 Grupo Creativo - Arquimaster","isPartOf":{"@id":"https:\/\/www.arquimaster.com.ar\/web\/#website"},"primaryImageOfPage":{"@id":"https:\/\/www.arquimaster.com.ar\/web\/remodelacion-de-departamento-en-mar-del-plata-g7-grupo-creativo\/#primaryimage"},"image":{"@id":"https:\/\/www.arquimaster.com.ar\/web\/remodelacion-de-departamento-en-mar-del-plata-g7-grupo-creativo\/#primaryimage"},"thumbnailUrl":"https:\/\/www.arquimaster.com.ar\/web\/wp-content\/uploads\/2018\/03\/departamento_mdp_slide.jpg","datePublished":"2018-03-22T16:43:38+00:00","dateModified":"2018-03-25T20:53:12+00:00","breadcrumb":{"@id":"https:\/\/www.arquimaster.com.ar\/web\/remodelacion-de-departamento-en-mar-del-plata-g7-grupo-creativo\/#breadcrumb"},"inLanguage":"es","potentialAction":[{"@type":"ReadAction","target":["https:\/\/www.arquimaster.com.ar\/web\/remodelacion-de-departamento-en-mar-del-plata-g7-grupo-creativo\/"]}]},{"@type":"ImageObject","inLanguage":"es","@id":"https:\/\/www.arquimaster.com.ar\/web\/remodelacion-de-departamento-en-mar-del-plata-g7-grupo-creativo\/#primaryimage","url":"https:\/\/www.arquimaster.com.ar\/web\/wp-content\/uploads\/2018\/03\/departamento_mdp_slide.jpg","contentUrl":"https:\/\/www.arquimaster.com.ar\/web\/wp-content\/uploads\/2018\/03\/departamento_mdp_slide.jpg","width":642,"height":336},{"@type":"BreadcrumbList","@id":"https:\/\/www.arquimaster.com.ar\/web\/remodelacion-de-departamento-en-mar-del-plata-g7-grupo-creativo\/#breadcrumb","itemListElement":[{"@type":"ListItem","position":1,"name":"Portada","item":"https:\/\/www.arquimaster.com.ar\/web\/"},{"@type":"ListItem","position":2,"name":"Remodelaci\u00f3n de departamento en Mar del Plata \/ G7 Grupo Creativo"}]},{"@type":"WebSite","@id":"https:\/\/www.arquimaster.com.ar\/web\/#website","url":"https:\/\/www.arquimaster.com.ar\/web\/","name":"Arquimaster","description":"Web de arquitectura, dise\u00f1o y construccion","publisher":{"@id":"https:\/\/www.arquimaster.com.ar\/web\/#organization"},"potentialAction":[{"@type":"SearchAction","target":{"@type":"EntryPoint","urlTemplate":"https:\/\/www.arquimaster.com.ar\/web\/?s={search_term_string}"},"query-input":{"@type":"PropertyValueSpecification","valueRequired":true,"valueName":"search_term_string"}}],"inLanguage":"es"},{"@type":"Organization","@id":"https:\/\/www.arquimaster.com.ar\/web\/#organization","name":"Arquimaster","url":"https:\/\/www.arquimaster.com.ar\/web\/","logo":{"@type":"ImageObject","inLanguage":"es","@id":"https:\/\/www.arquimaster.com.ar\/web\/#\/schema\/logo\/image\/","url":"https:\/\/www.arquimaster.com.ar\/web\/wp-content\/uploads\/2022\/06\/arquimaster.png","contentUrl":"https:\/\/www.arquimaster.com.ar\/web\/wp-content\/uploads\/2022\/06\/arquimaster.png","width":594,"height":78,"caption":"Arquimaster"},"image":{"@id":"https:\/\/www.arquimaster.com.ar\/web\/#\/schema\/logo\/image\/"},"sameAs":["http:\/\/www.facebook.com\/ARQUIMASTER.com.ar","https:\/\/x.com\/arquimaster","https:\/\/www.instagram.com\/arquimasterblog\/","https:\/\/www.linkedin.com\/company\/arquimaster","https:\/\/www.pinterest.com\/arquimaster","https:\/\/t.me\/arquimaster"]},{"@type":"Person","@id":"https:\/\/www.arquimaster.com.ar\/web\/#\/schema\/person\/359e9f7c00193fcde068e0dd2ceb0028","name":"Arquimaster"}]}},"uagb_featured_image_src":{"full":["https:\/\/www.arquimaster.com.ar\/web\/wp-content\/uploads\/2018\/03\/departamento_mdp_slide.jpg",642,336,false],"thumbnail":["https:\/\/www.arquimaster.com.ar\/web\/wp-content\/uploads\/2018\/03\/departamento_mdp_slide-150x150.jpg",150,150,true],"medium":["https:\/\/www.arquimaster.com.ar\/web\/wp-content\/uploads\/2018\/03\/departamento_mdp_slide.jpg",642,336,false],"medium_large":["https:\/\/www.arquimaster.com.ar\/web\/wp-content\/uploads\/2018\/03\/departamento_mdp_slide.jpg",642,336,false],"large":["https:\/\/www.arquimaster.com.ar\/web\/wp-content\/uploads\/2018\/03\/departamento_mdp_slide.jpg",642,336,false],"1536x1536":["https:\/\/www.arquimaster.com.ar\/web\/wp-content\/uploads\/2018\/03\/departamento_mdp_slide.jpg",642,336,false],"2048x2048":["https:\/\/www.arquimaster.com.ar\/web\/wp-content\/uploads\/2018\/03\/departamento_mdp_slide.jpg",642,336,false]},"uagb_author_info":{"display_name":"Arquimaster","author_link":"https:\/\/www.arquimaster.com.ar\/web\/author\/arquimaster\/"},"uagb_comment_info":0,"uagb_excerpt":"Refuncionalizaci\u00f3n y modernizaci\u00f3n, incluyendo dise\u00f1o de mobiliario a medida y equipamiento...","_links":{"self":[{"href":"https:\/\/www.arquimaster.com.ar\/web\/wp-json\/wp\/v2\/posts\/29391","targetHints":{"allow":["GET"]}}],"collection":[{"href":"https:\/\/www.arquimaster.com.ar\/web\/wp-json\/wp\/v2\/posts"}],"about":[{"href":"https:\/\/www.arquimaster.com.ar\/web\/wp-json\/wp\/v2\/types\/post"}],"author":[{"embeddable":true,"href":"https:\/\/www.arquimaster.com.ar\/web\/wp-json\/wp\/v2\/users\/1"}],"replies":[{"embeddable":true,"href":"https:\/\/www.arquimaster.com.ar\/web\/wp-json\/wp\/v2\/comments?post=29391"}],"version-history":[{"count":0,"href":"https:\/\/www.arquimaster.com.ar\/web\/wp-json\/wp\/v2\/posts\/29391\/revisions"}],"wp:featuredmedia":[{"embeddable":true,"href":"https:\/\/www.arquimaster.com.ar\/web\/wp-json\/wp\/v2\/media\/29392"}],"wp:attachment":[{"href":"https:\/\/www.arquimaster.com.ar\/web\/wp-json\/wp\/v2\/media?parent=29391"}],"wp:term":[{"taxonomy":"category","embeddable":true,"href":"https:\/\/www.arquimaster.com.ar\/web\/wp-json\/wp\/v2\/categories?post=29391"},{"taxonomy":"post_tag","embeddable":true,"href":"https:\/\/www.arquimaster.com.ar\/web\/wp-json\/wp\/v2\/tags?post=29391"}],"curies":[{"name":"wp","href":"https:\/\/api.w.org\/{rel}","templated":true}]}}