{"id":2967,"date":"2013-08-29T19:42:56","date_gmt":"2013-08-29T19:42:56","guid":{"rendered":"http:\/\/www.arquimaster.com.ar\/web\/?p=2967"},"modified":"2014-02-09T20:04:02","modified_gmt":"2014-02-09T20:04:02","slug":"vivienda-unifamiliar-balcony-house-a-cero","status":"publish","type":"post","link":"https:\/\/www.arquimaster.com.ar\/web\/vivienda-unifamiliar-balcony-house-a-cero\/","title":{"rendered":"Vivienda unifamiliar Balcony House \/ A-cero"},"content":{"rendered":"<div style=\"margin-top: 0px; margin-bottom: 0px;\" class=\"sharethis-inline-share-buttons\" ><\/div><div class=\"b812932af2e751442846f039925109de\" data-index=\"1\" style=\"float: none; margin:25px 0 25px 0; text-align:center;\">\n<script async src=\"https:\/\/pagead2.googlesyndication.com\/pagead\/js\/adsbygoogle.js\"><\/script>\r\n<!-- Arquimaster (superior) -->\r\n<ins class=\"adsbygoogle\"\r\n     style=\"display:block\"\r\n     data-ad-client=\"ca-pub-6351072698456832\"\r\n     data-ad-slot=\"6455489680\"\r\n     data-ad-format=\"auto\"\r\n     data-full-width-responsive=\"true\"><\/ins>\r\n<script>\r\n     (adsbygoogle = window.adsbygoogle || []).push({});\r\n<\/script>\n<\/div>\n<p><strong>Vivienda unifamiliar Balcony House<\/strong> (Madrid, Espa\u00f1a) por <strong>A-cero<\/strong>. El estudio de arquitectura de A-cero, dirigido por Joaqu\u00edn Torres y Rafael Llamazares, presenta uno de sus \u00faltimos proyectos: la vivienda Balcony House en Madrid.<\/p>\n<div id='gallery-1' class='gallery galleryid-2967 gallery-columns-3 gallery-size-thumbnail'><figure class='gallery-item'>\n\t\t\t<div class='gallery-icon landscape'>\n\t\t\t\t<a href='https:\/\/www.arquimaster.com.ar\/web\/wp-content\/uploads\/2014\/02\/casa_balcony1b.jpg' title=\"Vivienda unifamiliar Balcony House \/ A-cero\" data-rl_title=\"Vivienda unifamiliar Balcony House \/ A-cero\" class=\"rl-gallery-link\" data-rl_caption=\"Vivienda unifamiliar Balcony House \/ A-cero\" data-rel=\"lightbox-gallery-1\"><img loading=\"lazy\" decoding=\"async\" width=\"150\" height=\"150\" src=\"https:\/\/www.arquimaster.com.ar\/web\/wp-content\/uploads\/2014\/02\/casa_balcony1b-150x150.jpg\" class=\"attachment-thumbnail size-thumbnail\" alt=\"\" aria-describedby=\"gallery-1-2969\" srcset=\"https:\/\/www.arquimaster.com.ar\/web\/wp-content\/uploads\/2014\/02\/casa_balcony1b-150x150.jpg 150w, https:\/\/www.arquimaster.com.ar\/web\/wp-content\/uploads\/2014\/02\/casa_balcony1b-50x50.jpg 50w, https:\/\/www.arquimaster.com.ar\/web\/wp-content\/uploads\/2014\/02\/casa_balcony1b-125x125.jpg 125w\" sizes=\"auto, (max-width: 150px) 100vw, 150px\" \/><\/a>\n\t\t\t<\/div>\n\t\t\t\t<figcaption class='wp-caption-text gallery-caption' id='gallery-1-2969'>\n\t\t\t\tVivienda unifamiliar Balcony House \/ A-cero\n\t\t\t\t<\/figcaption><\/figure><figure class='gallery-item'>\n\t\t\t<div class='gallery-icon landscape'>\n\t\t\t\t<a href='https:\/\/www.arquimaster.com.ar\/web\/wp-content\/uploads\/2014\/02\/casa_balcony2b.jpg' title=\"Vivienda unifamiliar Balcony House \/ A-cero\" data-rl_title=\"Vivienda unifamiliar Balcony House \/ A-cero\" class=\"rl-gallery-link\" data-rl_caption=\"Vivienda unifamiliar Balcony House \/ A-cero\" data-rel=\"lightbox-gallery-1\"><img loading=\"lazy\" decoding=\"async\" width=\"150\" height=\"150\" src=\"https:\/\/www.arquimaster.com.ar\/web\/wp-content\/uploads\/2014\/02\/casa_balcony2b-150x150.jpg\" class=\"attachment-thumbnail size-thumbnail\" alt=\"\" aria-describedby=\"gallery-1-2970\" srcset=\"https:\/\/www.arquimaster.com.ar\/web\/wp-content\/uploads\/2014\/02\/casa_balcony2b-150x150.jpg 150w, https:\/\/www.arquimaster.com.ar\/web\/wp-content\/uploads\/2014\/02\/casa_balcony2b-50x50.jpg 50w, https:\/\/www.arquimaster.com.ar\/web\/wp-content\/uploads\/2014\/02\/casa_balcony2b-125x125.jpg 125w\" sizes=\"auto, (max-width: 150px) 100vw, 150px\" \/><\/a>\n\t\t\t<\/div>\n\t\t\t\t<figcaption class='wp-caption-text gallery-caption' id='gallery-1-2970'>\n\t\t\t\tVivienda unifamiliar Balcony House \/ A-cero\n\t\t\t\t<\/figcaption><\/figure><figure class='gallery-item'>\n\t\t\t<div class='gallery-icon landscape'>\n\t\t\t\t<a href='https:\/\/www.arquimaster.com.ar\/web\/wp-content\/uploads\/2014\/02\/casa_balcony3b.jpg' title=\"Vivienda unifamiliar Balcony House \/ A-cero\" data-rl_title=\"Vivienda unifamiliar Balcony House \/ A-cero\" class=\"rl-gallery-link\" data-rl_caption=\"Vivienda unifamiliar Balcony House \/ A-cero\" data-rel=\"lightbox-gallery-1\"><img loading=\"lazy\" decoding=\"async\" width=\"150\" height=\"150\" src=\"https:\/\/www.arquimaster.com.ar\/web\/wp-content\/uploads\/2014\/02\/casa_balcony3b-150x150.jpg\" class=\"attachment-thumbnail size-thumbnail\" alt=\"\" aria-describedby=\"gallery-1-2971\" srcset=\"https:\/\/www.arquimaster.com.ar\/web\/wp-content\/uploads\/2014\/02\/casa_balcony3b-150x150.jpg 150w, https:\/\/www.arquimaster.com.ar\/web\/wp-content\/uploads\/2014\/02\/casa_balcony3b-50x50.jpg 50w, https:\/\/www.arquimaster.com.ar\/web\/wp-content\/uploads\/2014\/02\/casa_balcony3b-125x125.jpg 125w\" sizes=\"auto, (max-width: 150px) 100vw, 150px\" \/><\/a>\n\t\t\t<\/div>\n\t\t\t\t<figcaption class='wp-caption-text gallery-caption' id='gallery-1-2971'>\n\t\t\t\tVivienda unifamiliar Balcony House \/ A-cero\n\t\t\t\t<\/figcaption><\/figure><figure class='gallery-item'>\n\t\t\t<div class='gallery-icon landscape'>\n\t\t\t\t<a href='https:\/\/www.arquimaster.com.ar\/web\/wp-content\/uploads\/2014\/02\/casa_balcony4b.jpg' title=\"Vivienda unifamiliar Balcony House \/ A-cero\" data-rl_title=\"Vivienda unifamiliar Balcony House \/ A-cero\" class=\"rl-gallery-link\" data-rl_caption=\"Vivienda unifamiliar Balcony House \/ A-cero\" data-rel=\"lightbox-gallery-1\"><img loading=\"lazy\" decoding=\"async\" width=\"150\" height=\"150\" src=\"https:\/\/www.arquimaster.com.ar\/web\/wp-content\/uploads\/2014\/02\/casa_balcony4b-150x150.jpg\" class=\"attachment-thumbnail size-thumbnail\" alt=\"\" aria-describedby=\"gallery-1-2972\" srcset=\"https:\/\/www.arquimaster.com.ar\/web\/wp-content\/uploads\/2014\/02\/casa_balcony4b-150x150.jpg 150w, https:\/\/www.arquimaster.com.ar\/web\/wp-content\/uploads\/2014\/02\/casa_balcony4b-50x50.jpg 50w, https:\/\/www.arquimaster.com.ar\/web\/wp-content\/uploads\/2014\/02\/casa_balcony4b-125x125.jpg 125w\" sizes=\"auto, (max-width: 150px) 100vw, 150px\" \/><\/a>\n\t\t\t<\/div>\n\t\t\t\t<figcaption class='wp-caption-text gallery-caption' id='gallery-1-2972'>\n\t\t\t\tVivienda unifamiliar Balcony House \/ A-cero\n\t\t\t\t<\/figcaption><\/figure><figure class='gallery-item'>\n\t\t\t<div class='gallery-icon landscape'>\n\t\t\t\t<a href='https:\/\/www.arquimaster.com.ar\/web\/wp-content\/uploads\/2014\/02\/casa_balcony5b.jpg' title=\"Vivienda unifamiliar Balcony House \/ A-cero\" data-rl_title=\"Vivienda unifamiliar Balcony House \/ A-cero\" class=\"rl-gallery-link\" data-rl_caption=\"Vivienda unifamiliar Balcony House \/ A-cero\" data-rel=\"lightbox-gallery-1\"><img loading=\"lazy\" decoding=\"async\" width=\"150\" height=\"150\" src=\"https:\/\/www.arquimaster.com.ar\/web\/wp-content\/uploads\/2014\/02\/casa_balcony5b-150x150.jpg\" class=\"attachment-thumbnail size-thumbnail\" alt=\"\" aria-describedby=\"gallery-1-2973\" srcset=\"https:\/\/www.arquimaster.com.ar\/web\/wp-content\/uploads\/2014\/02\/casa_balcony5b-150x150.jpg 150w, https:\/\/www.arquimaster.com.ar\/web\/wp-content\/uploads\/2014\/02\/casa_balcony5b-50x50.jpg 50w, https:\/\/www.arquimaster.com.ar\/web\/wp-content\/uploads\/2014\/02\/casa_balcony5b-125x125.jpg 125w\" sizes=\"auto, (max-width: 150px) 100vw, 150px\" \/><\/a>\n\t\t\t<\/div>\n\t\t\t\t<figcaption class='wp-caption-text gallery-caption' id='gallery-1-2973'>\n\t\t\t\tVivienda unifamiliar Balcony House \/ A-cero\n\t\t\t\t<\/figcaption><\/figure><figure class='gallery-item'>\n\t\t\t<div class='gallery-icon landscape'>\n\t\t\t\t<a href='https:\/\/www.arquimaster.com.ar\/web\/wp-content\/uploads\/2014\/02\/casa_balcony6b.jpg' title=\"Vivienda unifamiliar Balcony House \/ A-cero\" data-rl_title=\"Vivienda unifamiliar Balcony House \/ A-cero\" class=\"rl-gallery-link\" data-rl_caption=\"Vivienda unifamiliar Balcony House \/ A-cero\" data-rel=\"lightbox-gallery-1\"><img loading=\"lazy\" decoding=\"async\" width=\"150\" height=\"150\" src=\"https:\/\/www.arquimaster.com.ar\/web\/wp-content\/uploads\/2014\/02\/casa_balcony6b-150x150.jpg\" class=\"attachment-thumbnail size-thumbnail\" alt=\"\" aria-describedby=\"gallery-1-2974\" srcset=\"https:\/\/www.arquimaster.com.ar\/web\/wp-content\/uploads\/2014\/02\/casa_balcony6b-150x150.jpg 150w, https:\/\/www.arquimaster.com.ar\/web\/wp-content\/uploads\/2014\/02\/casa_balcony6b-50x50.jpg 50w, https:\/\/www.arquimaster.com.ar\/web\/wp-content\/uploads\/2014\/02\/casa_balcony6b-125x125.jpg 125w\" sizes=\"auto, (max-width: 150px) 100vw, 150px\" \/><\/a>\n\t\t\t<\/div>\n\t\t\t\t<figcaption class='wp-caption-text gallery-caption' id='gallery-1-2974'>\n\t\t\t\tVivienda unifamiliar Balcony House \/ A-cero\n\t\t\t\t<\/figcaption><\/figure><figure class='gallery-item'>\n\t\t\t<div class='gallery-icon landscape'>\n\t\t\t\t<a href='https:\/\/www.arquimaster.com.ar\/web\/wp-content\/uploads\/2014\/02\/casa_balcony7b.jpg' title=\"Vivienda unifamiliar Balcony House \/ A-cero\" data-rl_title=\"Vivienda unifamiliar Balcony House \/ A-cero\" class=\"rl-gallery-link\" data-rl_caption=\"Vivienda unifamiliar Balcony House \/ A-cero\" data-rel=\"lightbox-gallery-1\"><img loading=\"lazy\" decoding=\"async\" width=\"150\" height=\"150\" src=\"https:\/\/www.arquimaster.com.ar\/web\/wp-content\/uploads\/2014\/02\/casa_balcony7b-150x150.jpg\" class=\"attachment-thumbnail size-thumbnail\" alt=\"\" aria-describedby=\"gallery-1-2975\" srcset=\"https:\/\/www.arquimaster.com.ar\/web\/wp-content\/uploads\/2014\/02\/casa_balcony7b-150x150.jpg 150w, https:\/\/www.arquimaster.com.ar\/web\/wp-content\/uploads\/2014\/02\/casa_balcony7b-50x50.jpg 50w, https:\/\/www.arquimaster.com.ar\/web\/wp-content\/uploads\/2014\/02\/casa_balcony7b-125x125.jpg 125w\" sizes=\"auto, (max-width: 150px) 100vw, 150px\" \/><\/a>\n\t\t\t<\/div>\n\t\t\t\t<figcaption class='wp-caption-text gallery-caption' id='gallery-1-2975'>\n\t\t\t\tVivienda unifamiliar Balcony House \/ A-cero\n\t\t\t\t<\/figcaption><\/figure><figure class='gallery-item'>\n\t\t\t<div class='gallery-icon landscape'>\n\t\t\t\t<a href='https:\/\/www.arquimaster.com.ar\/web\/wp-content\/uploads\/2014\/02\/casa_balcony8b.jpg' title=\"Vivienda unifamiliar Balcony House \/ A-cero\" data-rl_title=\"Vivienda unifamiliar Balcony House \/ A-cero\" class=\"rl-gallery-link\" data-rl_caption=\"Vivienda unifamiliar Balcony House \/ A-cero\" data-rel=\"lightbox-gallery-1\"><img loading=\"lazy\" decoding=\"async\" width=\"150\" height=\"150\" src=\"https:\/\/www.arquimaster.com.ar\/web\/wp-content\/uploads\/2014\/02\/casa_balcony8b-150x150.jpg\" class=\"attachment-thumbnail size-thumbnail\" alt=\"\" aria-describedby=\"gallery-1-2976\" srcset=\"https:\/\/www.arquimaster.com.ar\/web\/wp-content\/uploads\/2014\/02\/casa_balcony8b-150x150.jpg 150w, https:\/\/www.arquimaster.com.ar\/web\/wp-content\/uploads\/2014\/02\/casa_balcony8b-50x50.jpg 50w, https:\/\/www.arquimaster.com.ar\/web\/wp-content\/uploads\/2014\/02\/casa_balcony8b-125x125.jpg 125w\" sizes=\"auto, (max-width: 150px) 100vw, 150px\" \/><\/a>\n\t\t\t<\/div>\n\t\t\t\t<figcaption class='wp-caption-text gallery-caption' id='gallery-1-2976'>\n\t\t\t\tVivienda unifamiliar Balcony House \/ A-cero\n\t\t\t\t<\/figcaption><\/figure><figure class='gallery-item'>\n\t\t\t<div class='gallery-icon landscape'>\n\t\t\t\t<a href='https:\/\/www.arquimaster.com.ar\/web\/wp-content\/uploads\/2014\/02\/casa_balcony9b.jpg' title=\"Vivienda unifamiliar Balcony House \/ A-cero\" data-rl_title=\"Vivienda unifamiliar Balcony House \/ A-cero\" class=\"rl-gallery-link\" data-rl_caption=\"Vivienda unifamiliar Balcony House \/ A-cero\" data-rel=\"lightbox-gallery-1\"><img loading=\"lazy\" decoding=\"async\" width=\"150\" height=\"150\" src=\"https:\/\/www.arquimaster.com.ar\/web\/wp-content\/uploads\/2014\/02\/casa_balcony9b-150x150.jpg\" class=\"attachment-thumbnail size-thumbnail\" alt=\"\" aria-describedby=\"gallery-1-2977\" srcset=\"https:\/\/www.arquimaster.com.ar\/web\/wp-content\/uploads\/2014\/02\/casa_balcony9b-150x150.jpg 150w, https:\/\/www.arquimaster.com.ar\/web\/wp-content\/uploads\/2014\/02\/casa_balcony9b-50x50.jpg 50w, https:\/\/www.arquimaster.com.ar\/web\/wp-content\/uploads\/2014\/02\/casa_balcony9b-125x125.jpg 125w\" sizes=\"auto, (max-width: 150px) 100vw, 150px\" \/><\/a>\n\t\t\t<\/div>\n\t\t\t\t<figcaption class='wp-caption-text gallery-caption' id='gallery-1-2977'>\n\t\t\t\tVivienda unifamiliar Balcony House \/ A-cero\n\t\t\t\t<\/figcaption><\/figure><figure class='gallery-item'>\n\t\t\t<div class='gallery-icon landscape'>\n\t\t\t\t<a href='https:\/\/www.arquimaster.com.ar\/web\/wp-content\/uploads\/2014\/02\/casa_balcony10b.jpg' title=\"Vivienda unifamiliar Balcony House \/ A-cero\" data-rl_title=\"Vivienda unifamiliar Balcony House \/ A-cero\" class=\"rl-gallery-link\" data-rl_caption=\"Vivienda unifamiliar Balcony House \/ A-cero\" data-rel=\"lightbox-gallery-1\"><img loading=\"lazy\" decoding=\"async\" width=\"150\" height=\"150\" src=\"https:\/\/www.arquimaster.com.ar\/web\/wp-content\/uploads\/2014\/02\/casa_balcony10b-150x150.jpg\" class=\"attachment-thumbnail size-thumbnail\" alt=\"\" aria-describedby=\"gallery-1-2978\" srcset=\"https:\/\/www.arquimaster.com.ar\/web\/wp-content\/uploads\/2014\/02\/casa_balcony10b-150x150.jpg 150w, https:\/\/www.arquimaster.com.ar\/web\/wp-content\/uploads\/2014\/02\/casa_balcony10b-50x50.jpg 50w, https:\/\/www.arquimaster.com.ar\/web\/wp-content\/uploads\/2014\/02\/casa_balcony10b-125x125.jpg 125w\" sizes=\"auto, (max-width: 150px) 100vw, 150px\" \/><\/a>\n\t\t\t<\/div>\n\t\t\t\t<figcaption class='wp-caption-text gallery-caption' id='gallery-1-2978'>\n\t\t\t\tVivienda unifamiliar Balcony House \/ A-cero\n\t\t\t\t<\/figcaption><\/figure><figure class='gallery-item'>\n\t\t\t<div class='gallery-icon landscape'>\n\t\t\t\t<a href='https:\/\/www.arquimaster.com.ar\/web\/wp-content\/uploads\/2014\/02\/casa_balcony11b.jpg' title=\"Vivienda unifamiliar Balcony House \/ A-cero\" data-rl_title=\"Vivienda unifamiliar Balcony House \/ A-cero\" class=\"rl-gallery-link\" data-rl_caption=\"Vivienda unifamiliar Balcony House \/ A-cero\" data-rel=\"lightbox-gallery-1\"><img loading=\"lazy\" decoding=\"async\" width=\"150\" height=\"150\" src=\"https:\/\/www.arquimaster.com.ar\/web\/wp-content\/uploads\/2014\/02\/casa_balcony11b-150x150.jpg\" class=\"attachment-thumbnail size-thumbnail\" alt=\"\" aria-describedby=\"gallery-1-2979\" srcset=\"https:\/\/www.arquimaster.com.ar\/web\/wp-content\/uploads\/2014\/02\/casa_balcony11b-150x150.jpg 150w, https:\/\/www.arquimaster.com.ar\/web\/wp-content\/uploads\/2014\/02\/casa_balcony11b-50x50.jpg 50w, https:\/\/www.arquimaster.com.ar\/web\/wp-content\/uploads\/2014\/02\/casa_balcony11b-125x125.jpg 125w\" sizes=\"auto, (max-width: 150px) 100vw, 150px\" \/><\/a>\n\t\t\t<\/div>\n\t\t\t\t<figcaption class='wp-caption-text gallery-caption' id='gallery-1-2979'>\n\t\t\t\tVivienda unifamiliar Balcony House \/ A-cero\n\t\t\t\t<\/figcaption><\/figure><figure class='gallery-item'>\n\t\t\t<div class='gallery-icon landscape'>\n\t\t\t\t<a href='https:\/\/www.arquimaster.com.ar\/web\/wp-content\/uploads\/2014\/02\/casa_balcony12b.jpg' title=\"Vivienda unifamiliar Balcony House \/ A-cero\" data-rl_title=\"Vivienda unifamiliar Balcony House \/ A-cero\" class=\"rl-gallery-link\" data-rl_caption=\"Vivienda unifamiliar Balcony House \/ A-cero\" data-rel=\"lightbox-gallery-1\"><img loading=\"lazy\" decoding=\"async\" width=\"150\" height=\"150\" src=\"https:\/\/www.arquimaster.com.ar\/web\/wp-content\/uploads\/2014\/02\/casa_balcony12b-150x150.jpg\" class=\"attachment-thumbnail size-thumbnail\" alt=\"\" aria-describedby=\"gallery-1-2980\" srcset=\"https:\/\/www.arquimaster.com.ar\/web\/wp-content\/uploads\/2014\/02\/casa_balcony12b-150x150.jpg 150w, https:\/\/www.arquimaster.com.ar\/web\/wp-content\/uploads\/2014\/02\/casa_balcony12b-50x50.jpg 50w, https:\/\/www.arquimaster.com.ar\/web\/wp-content\/uploads\/2014\/02\/casa_balcony12b-125x125.jpg 125w\" sizes=\"auto, (max-width: 150px) 100vw, 150px\" \/><\/a>\n\t\t\t<\/div>\n\t\t\t\t<figcaption class='wp-caption-text gallery-caption' id='gallery-1-2980'>\n\t\t\t\tVivienda unifamiliar Balcony House \/ A-cero\n\t\t\t\t<\/figcaption><\/figure><figure class='gallery-item'>\n\t\t\t<div class='gallery-icon landscape'>\n\t\t\t\t<a href='https:\/\/www.arquimaster.com.ar\/web\/wp-content\/uploads\/2014\/02\/casa_balcony13b.jpg' title=\"Vivienda unifamiliar Balcony House \/ A-cero\" data-rl_title=\"Vivienda unifamiliar Balcony House \/ A-cero\" class=\"rl-gallery-link\" data-rl_caption=\"Vivienda unifamiliar Balcony House \/ A-cero\" data-rel=\"lightbox-gallery-1\"><img loading=\"lazy\" decoding=\"async\" width=\"150\" height=\"150\" src=\"https:\/\/www.arquimaster.com.ar\/web\/wp-content\/uploads\/2014\/02\/casa_balcony13b-150x150.jpg\" class=\"attachment-thumbnail size-thumbnail\" alt=\"\" aria-describedby=\"gallery-1-2981\" srcset=\"https:\/\/www.arquimaster.com.ar\/web\/wp-content\/uploads\/2014\/02\/casa_balcony13b-150x150.jpg 150w, https:\/\/www.arquimaster.com.ar\/web\/wp-content\/uploads\/2014\/02\/casa_balcony13b-50x50.jpg 50w, https:\/\/www.arquimaster.com.ar\/web\/wp-content\/uploads\/2014\/02\/casa_balcony13b-125x125.jpg 125w\" sizes=\"auto, (max-width: 150px) 100vw, 150px\" \/><\/a>\n\t\t\t<\/div>\n\t\t\t\t<figcaption class='wp-caption-text gallery-caption' id='gallery-1-2981'>\n\t\t\t\tVivienda unifamiliar Balcony House \/ A-cero\n\t\t\t\t<\/figcaption><\/figure><figure class='gallery-item'>\n\t\t\t<div class='gallery-icon landscape'>\n\t\t\t\t<a href='https:\/\/www.arquimaster.com.ar\/web\/wp-content\/uploads\/2014\/02\/casa_balcony14b.jpg' title=\"Vivienda unifamiliar Balcony House \/ A-cero\" data-rl_title=\"Vivienda unifamiliar Balcony House \/ A-cero\" class=\"rl-gallery-link\" data-rl_caption=\"Vivienda unifamiliar Balcony House \/ A-cero\" data-rel=\"lightbox-gallery-1\"><img loading=\"lazy\" decoding=\"async\" width=\"150\" height=\"150\" src=\"https:\/\/www.arquimaster.com.ar\/web\/wp-content\/uploads\/2014\/02\/casa_balcony14b-150x150.jpg\" class=\"attachment-thumbnail size-thumbnail\" alt=\"\" aria-describedby=\"gallery-1-2982\" srcset=\"https:\/\/www.arquimaster.com.ar\/web\/wp-content\/uploads\/2014\/02\/casa_balcony14b-150x150.jpg 150w, https:\/\/www.arquimaster.com.ar\/web\/wp-content\/uploads\/2014\/02\/casa_balcony14b-50x50.jpg 50w, https:\/\/www.arquimaster.com.ar\/web\/wp-content\/uploads\/2014\/02\/casa_balcony14b-125x125.jpg 125w\" sizes=\"auto, (max-width: 150px) 100vw, 150px\" \/><\/a>\n\t\t\t<\/div>\n\t\t\t\t<figcaption class='wp-caption-text gallery-caption' id='gallery-1-2982'>\n\t\t\t\tVivienda unifamiliar Balcony House \/ A-cero\n\t\t\t\t<\/figcaption><\/figure><figure class='gallery-item'>\n\t\t\t<div class='gallery-icon portrait'>\n\t\t\t\t<a href='https:\/\/www.arquimaster.com.ar\/web\/wp-content\/uploads\/2014\/02\/casa_balcony15b.jpg' title=\"Vivienda unifamiliar Balcony House \/ A-cero\" data-rl_title=\"Vivienda unifamiliar Balcony House \/ A-cero\" class=\"rl-gallery-link\" data-rl_caption=\"Vivienda unifamiliar Balcony House \/ A-cero\" data-rel=\"lightbox-gallery-1\"><img loading=\"lazy\" decoding=\"async\" width=\"150\" height=\"150\" src=\"https:\/\/www.arquimaster.com.ar\/web\/wp-content\/uploads\/2014\/02\/casa_balcony15b-150x150.jpg\" class=\"attachment-thumbnail size-thumbnail\" alt=\"\" aria-describedby=\"gallery-1-2983\" srcset=\"https:\/\/www.arquimaster.com.ar\/web\/wp-content\/uploads\/2014\/02\/casa_balcony15b-150x150.jpg 150w, https:\/\/www.arquimaster.com.ar\/web\/wp-content\/uploads\/2014\/02\/casa_balcony15b-50x50.jpg 50w, https:\/\/www.arquimaster.com.ar\/web\/wp-content\/uploads\/2014\/02\/casa_balcony15b-125x125.jpg 125w\" sizes=\"auto, (max-width: 150px) 100vw, 150px\" \/><\/a>\n\t\t\t<\/div>\n\t\t\t\t<figcaption class='wp-caption-text gallery-caption' id='gallery-1-2983'>\n\t\t\t\tVivienda unifamiliar Balcony House \/ A-cero\n\t\t\t\t<\/figcaption><\/figure><figure class='gallery-item'>\n\t\t\t<div class='gallery-icon landscape'>\n\t\t\t\t<a href='https:\/\/www.arquimaster.com.ar\/web\/wp-content\/uploads\/2014\/02\/casa_balcony_pb_.jpg' title=\"Vivienda unifamiliar Balcony House \/ A-cero (planta baja)\" data-rl_title=\"Vivienda unifamiliar Balcony House \/ A-cero (planta baja)\" class=\"rl-gallery-link\" data-rl_caption=\"Vivienda unifamiliar Balcony House \/ A-cero (planta baja)\" data-rel=\"lightbox-gallery-1\"><img loading=\"lazy\" decoding=\"async\" width=\"150\" height=\"150\" src=\"https:\/\/www.arquimaster.com.ar\/web\/wp-content\/uploads\/2014\/02\/casa_balcony_pb_-150x150.jpg\" class=\"attachment-thumbnail size-thumbnail\" alt=\"\" aria-describedby=\"gallery-1-2985\" srcset=\"https:\/\/www.arquimaster.com.ar\/web\/wp-content\/uploads\/2014\/02\/casa_balcony_pb_-150x150.jpg 150w, https:\/\/www.arquimaster.com.ar\/web\/wp-content\/uploads\/2014\/02\/casa_balcony_pb_-50x50.jpg 50w, https:\/\/www.arquimaster.com.ar\/web\/wp-content\/uploads\/2014\/02\/casa_balcony_pb_-125x125.jpg 125w\" sizes=\"auto, (max-width: 150px) 100vw, 150px\" \/><\/a>\n\t\t\t<\/div>\n\t\t\t\t<figcaption class='wp-caption-text gallery-caption' id='gallery-1-2985'>\n\t\t\t\tVivienda unifamiliar Balcony House \/ A-cero (planta baja)\n\t\t\t\t<\/figcaption><\/figure><figure class='gallery-item'>\n\t\t\t<div class='gallery-icon landscape'>\n\t\t\t\t<a href='https:\/\/www.arquimaster.com.ar\/web\/wp-content\/uploads\/2014\/02\/casa_balcony_pa_.jpg' title=\"Vivienda unifamiliar Balcony House \/ A-cero (planta alta)\" data-rl_title=\"Vivienda unifamiliar Balcony House \/ A-cero (planta alta)\" class=\"rl-gallery-link\" data-rl_caption=\"Vivienda unifamiliar Balcony House \/ A-cero (planta alta)\" data-rel=\"lightbox-gallery-1\"><img loading=\"lazy\" decoding=\"async\" width=\"150\" height=\"150\" src=\"https:\/\/www.arquimaster.com.ar\/web\/wp-content\/uploads\/2014\/02\/casa_balcony_pa_-150x150.jpg\" class=\"attachment-thumbnail size-thumbnail\" alt=\"\" aria-describedby=\"gallery-1-2984\" srcset=\"https:\/\/www.arquimaster.com.ar\/web\/wp-content\/uploads\/2014\/02\/casa_balcony_pa_-150x150.jpg 150w, https:\/\/www.arquimaster.com.ar\/web\/wp-content\/uploads\/2014\/02\/casa_balcony_pa_-50x50.jpg 50w, https:\/\/www.arquimaster.com.ar\/web\/wp-content\/uploads\/2014\/02\/casa_balcony_pa_-125x125.jpg 125w\" sizes=\"auto, (max-width: 150px) 100vw, 150px\" \/><\/a>\n\t\t\t<\/div>\n\t\t\t\t<figcaption class='wp-caption-text gallery-caption' id='gallery-1-2984'>\n\t\t\t\tVivienda unifamiliar Balcony House \/ A-cero (planta alta)\n\t\t\t\t<\/figcaption><\/figure><figure class='gallery-item'>\n\t\t\t<div class='gallery-icon landscape'>\n\t\t\t\t<a href='https:\/\/www.arquimaster.com.ar\/web\/wp-content\/uploads\/2014\/02\/casa_balcony_ps_.jpg' title=\"Vivienda unifamiliar Balcony House \/ A-cero (planta subsuelo)\" data-rl_title=\"Vivienda unifamiliar Balcony House \/ A-cero (planta subsuelo)\" class=\"rl-gallery-link\" data-rl_caption=\"Vivienda unifamiliar Balcony House \/ A-cero (planta subsuelo)\" data-rel=\"lightbox-gallery-1\"><img loading=\"lazy\" decoding=\"async\" width=\"150\" height=\"150\" src=\"https:\/\/www.arquimaster.com.ar\/web\/wp-content\/uploads\/2014\/02\/casa_balcony_ps_-150x150.jpg\" class=\"attachment-thumbnail size-thumbnail\" alt=\"\" aria-describedby=\"gallery-1-2986\" srcset=\"https:\/\/www.arquimaster.com.ar\/web\/wp-content\/uploads\/2014\/02\/casa_balcony_ps_-150x150.jpg 150w, https:\/\/www.arquimaster.com.ar\/web\/wp-content\/uploads\/2014\/02\/casa_balcony_ps_-50x50.jpg 50w, https:\/\/www.arquimaster.com.ar\/web\/wp-content\/uploads\/2014\/02\/casa_balcony_ps_-125x125.jpg 125w\" sizes=\"auto, (max-width: 150px) 100vw, 150px\" \/><\/a>\n\t\t\t<\/div>\n\t\t\t\t<figcaption class='wp-caption-text gallery-caption' id='gallery-1-2986'>\n\t\t\t\tVivienda unifamiliar Balcony House \/ A-cero (planta subsuelo)\n\t\t\t\t<\/figcaption><\/figure><figure class='gallery-item'>\n\t\t\t<div class='gallery-icon landscape'>\n\t\t\t\t<a href='https:\/\/www.arquimaster.com.ar\/web\/wp-content\/uploads\/2014\/02\/casa_balcony_pt_.jpg' title=\"Vivienda unifamiliar Balcony House \/ A-cero (planta de techos)\" data-rl_title=\"Vivienda unifamiliar Balcony House \/ A-cero (planta de techos)\" class=\"rl-gallery-link\" data-rl_caption=\"Vivienda unifamiliar Balcony House \/ A-cero (planta de techos)\" data-rel=\"lightbox-gallery-1\"><img loading=\"lazy\" decoding=\"async\" width=\"150\" height=\"150\" src=\"https:\/\/www.arquimaster.com.ar\/web\/wp-content\/uploads\/2014\/02\/casa_balcony_pt_-150x150.jpg\" class=\"attachment-thumbnail size-thumbnail\" alt=\"\" aria-describedby=\"gallery-1-2987\" srcset=\"https:\/\/www.arquimaster.com.ar\/web\/wp-content\/uploads\/2014\/02\/casa_balcony_pt_-150x150.jpg 150w, https:\/\/www.arquimaster.com.ar\/web\/wp-content\/uploads\/2014\/02\/casa_balcony_pt_-50x50.jpg 50w, https:\/\/www.arquimaster.com.ar\/web\/wp-content\/uploads\/2014\/02\/casa_balcony_pt_-125x125.jpg 125w\" sizes=\"auto, (max-width: 150px) 100vw, 150px\" \/><\/a>\n\t\t\t<\/div>\n\t\t\t\t<figcaption class='wp-caption-text gallery-caption' id='gallery-1-2987'>\n\t\t\t\tVivienda unifamiliar Balcony House \/ A-cero (planta de techos)\n\t\t\t\t<\/figcaption><\/figure><figure class='gallery-item'>\n\t\t\t<div class='gallery-icon landscape'>\n\t\t\t\t<a href='https:\/\/www.arquimaster.com.ar\/web\/wp-content\/uploads\/2014\/02\/casa_balcony_vcf_.jpg' title=\"Vivienda unifamiliar Balcony House \/ A-cero (vista contrafrente)\" data-rl_title=\"Vivienda unifamiliar Balcony House \/ A-cero (vista contrafrente)\" class=\"rl-gallery-link\" data-rl_caption=\"Vivienda unifamiliar Balcony House \/ A-cero (vista contrafrente)\" data-rel=\"lightbox-gallery-1\"><img loading=\"lazy\" decoding=\"async\" width=\"150\" height=\"150\" src=\"https:\/\/www.arquimaster.com.ar\/web\/wp-content\/uploads\/2014\/02\/casa_balcony_vcf_-150x150.jpg\" class=\"attachment-thumbnail size-thumbnail\" alt=\"\" aria-describedby=\"gallery-1-2988\" srcset=\"https:\/\/www.arquimaster.com.ar\/web\/wp-content\/uploads\/2014\/02\/casa_balcony_vcf_-150x150.jpg 150w, https:\/\/www.arquimaster.com.ar\/web\/wp-content\/uploads\/2014\/02\/casa_balcony_vcf_-50x50.jpg 50w, https:\/\/www.arquimaster.com.ar\/web\/wp-content\/uploads\/2014\/02\/casa_balcony_vcf_-125x125.jpg 125w\" sizes=\"auto, (max-width: 150px) 100vw, 150px\" \/><\/a>\n\t\t\t<\/div>\n\t\t\t\t<figcaption class='wp-caption-text gallery-caption' id='gallery-1-2988'>\n\t\t\t\tVivienda unifamiliar Balcony House \/ A-cero (vista contrafrente)\n\t\t\t\t<\/figcaption><\/figure><figure class='gallery-item'>\n\t\t\t<div class='gallery-icon landscape'>\n\t\t\t\t<a href='https:\/\/www.arquimaster.com.ar\/web\/wp-content\/uploads\/2014\/02\/casa_balcony_vf_.jpg' title=\"Vivienda unifamiliar Balcony House \/ A-cero (vista frente)\" data-rl_title=\"Vivienda unifamiliar Balcony House \/ A-cero (vista frente)\" class=\"rl-gallery-link\" data-rl_caption=\"Vivienda unifamiliar Balcony House \/ A-cero (vista frente)\" data-rel=\"lightbox-gallery-1\"><img loading=\"lazy\" decoding=\"async\" width=\"150\" height=\"150\" src=\"https:\/\/www.arquimaster.com.ar\/web\/wp-content\/uploads\/2014\/02\/casa_balcony_vf_-150x150.jpg\" class=\"attachment-thumbnail size-thumbnail\" alt=\"\" aria-describedby=\"gallery-1-2989\" srcset=\"https:\/\/www.arquimaster.com.ar\/web\/wp-content\/uploads\/2014\/02\/casa_balcony_vf_-150x150.jpg 150w, https:\/\/www.arquimaster.com.ar\/web\/wp-content\/uploads\/2014\/02\/casa_balcony_vf_-50x50.jpg 50w, https:\/\/www.arquimaster.com.ar\/web\/wp-content\/uploads\/2014\/02\/casa_balcony_vf_-125x125.jpg 125w\" sizes=\"auto, (max-width: 150px) 100vw, 150px\" \/><\/a>\n\t\t\t<\/div>\n\t\t\t\t<figcaption class='wp-caption-text gallery-caption' id='gallery-1-2989'>\n\t\t\t\tVivienda unifamiliar Balcony House \/ A-cero (vista frente)\n\t\t\t\t<\/figcaption><\/figure><figure class='gallery-item'>\n\t\t\t<div class='gallery-icon landscape'>\n\t\t\t\t<a href='https:\/\/www.arquimaster.com.ar\/web\/wp-content\/uploads\/2014\/02\/casa_balcony_vl1_.jpg' title=\"Vivienda unifamiliar Balcony House \/ A-cero (vista lateral)\" data-rl_title=\"Vivienda unifamiliar Balcony House \/ A-cero (vista lateral)\" class=\"rl-gallery-link\" data-rl_caption=\"Vivienda unifamiliar Balcony House \/ A-cero (vista lateral)\" data-rel=\"lightbox-gallery-1\"><img loading=\"lazy\" decoding=\"async\" width=\"150\" height=\"150\" src=\"https:\/\/www.arquimaster.com.ar\/web\/wp-content\/uploads\/2014\/02\/casa_balcony_vl1_-150x150.jpg\" class=\"attachment-thumbnail size-thumbnail\" alt=\"\" aria-describedby=\"gallery-1-2990\" srcset=\"https:\/\/www.arquimaster.com.ar\/web\/wp-content\/uploads\/2014\/02\/casa_balcony_vl1_-150x150.jpg 150w, https:\/\/www.arquimaster.com.ar\/web\/wp-content\/uploads\/2014\/02\/casa_balcony_vl1_-50x50.jpg 50w, https:\/\/www.arquimaster.com.ar\/web\/wp-content\/uploads\/2014\/02\/casa_balcony_vl1_-125x125.jpg 125w\" sizes=\"auto, (max-width: 150px) 100vw, 150px\" \/><\/a>\n\t\t\t<\/div>\n\t\t\t\t<figcaption class='wp-caption-text gallery-caption' id='gallery-1-2990'>\n\t\t\t\tVivienda unifamiliar Balcony House \/ A-cero (vista lateral)\n\t\t\t\t<\/figcaption><\/figure><figure class='gallery-item'>\n\t\t\t<div class='gallery-icon landscape'>\n\t\t\t\t<a href='https:\/\/www.arquimaster.com.ar\/web\/wp-content\/uploads\/2014\/02\/casa_balcony_vl2_.jpg' title=\"Vivienda unifamiliar Balcony House \/ A-cero (vista lateral)\" data-rl_title=\"Vivienda unifamiliar Balcony House \/ A-cero (vista lateral)\" class=\"rl-gallery-link\" data-rl_caption=\"Vivienda unifamiliar Balcony House \/ A-cero (vista lateral)\" data-rel=\"lightbox-gallery-1\"><img loading=\"lazy\" decoding=\"async\" width=\"150\" height=\"150\" src=\"https:\/\/www.arquimaster.com.ar\/web\/wp-content\/uploads\/2014\/02\/casa_balcony_vl2_-150x150.jpg\" class=\"attachment-thumbnail size-thumbnail\" alt=\"\" aria-describedby=\"gallery-1-2991\" srcset=\"https:\/\/www.arquimaster.com.ar\/web\/wp-content\/uploads\/2014\/02\/casa_balcony_vl2_-150x150.jpg 150w, https:\/\/www.arquimaster.com.ar\/web\/wp-content\/uploads\/2014\/02\/casa_balcony_vl2_-50x50.jpg 50w, https:\/\/www.arquimaster.com.ar\/web\/wp-content\/uploads\/2014\/02\/casa_balcony_vl2_-125x125.jpg 125w\" sizes=\"auto, (max-width: 150px) 100vw, 150px\" \/><\/a>\n\t\t\t<\/div>\n\t\t\t\t<figcaption class='wp-caption-text gallery-caption' id='gallery-1-2991'>\n\t\t\t\tVivienda unifamiliar Balcony House \/ A-cero (vista lateral)\n\t\t\t\t<\/figcaption><\/figure>\n\t\t<\/div>\n\n<p>Esta vivienda unifamiliar consta de una superficie de 947 m2 dispuesta en 3 niveles y asentada en una parcela independiente de 2100 m2 con una moderada pendiente y una <strong>ubicaci\u00f3n privilegiada en un entorno natural<\/strong>, y a tan solo 14 km del centro de la capital.<\/p>\n<p>Accedemos a la vivienda por una puerta principal que destaca por su gran altura y resuelta en vidrio negro y acero brillo negro.<\/p>\n<p>En esta la planta baja-planta de acceso, nos introducimos mediante un hall de entrada con una doble altura que adem\u00e1s vertebrar\u00e1 la vivienda en dos partes fundamentales.<\/p>\n<p>En esta planta, en el ala izquierda, se sit\u00faan las zonas m\u00e1s p\u00fablicas y de servicio. Encontramos la cocina con despensa, la zona del sal\u00f3n comedor y las escaleras que comunican todas las plantas.<\/p>\n<p>En el ala derecha, el dormitorio principal con gran vestidor y ba\u00f1o, y un segundo dormitorio de invitados.<\/p>\n<p>El sal\u00f3n destaca por su gran altura lo que lo convierte en un espacio con una gran sensaci\u00f3n de amplitud.<\/p>\n<p>Un bloque central de madera recorre el techo hasta la pared y se convierte en contenedor de la televisi\u00f3n con unos paneles abatibles en el mismo acabado y finalmente desemboca en una chimenea.<\/p>\n<p>Este elemento sirve adem\u00e1s de separador con el comedor que posee dos mesas para 8 comensales que pueden juntarse convertirse en una mesa para 12.<\/p>\n<p>Todo el sal\u00f3n vuelca al exterior, a la zona de porche y piscina con amplios ventanales en vidrio negro con aperturas que permiten una ideal comunicaci\u00f3n interior exterior.<\/p>\n<p>El dormitorio, con una filosof\u00eda de practicidad y confort, tiene como particularidad que sus ventanas se abren comunic\u00e1ndose de manera directa con la piscina exterior.<\/p>\n<p>Posee vistas a la misma y a la extensa superficie arbolada que configura el entorno de la parcela.<\/p>\n<p>En la parte posterior se sit\u00faan dos generosos vestidores abiertos a un ba\u00f1o que destaca por su amplitud y calidad de acabados y elementos que lo configuran como el resto de la vivienda.<\/p>\n<p>En la planta alta, la misma doble altura del recibidor se prolonga hasta aqu\u00ed con una pasarela en vidrio que acoge una librer\u00eda.<\/p>\n<p>A un lado una zona de estudio\/despacho y cine y al otro lado dos dormitorio infantiles en suite.<\/p>\n<p>La planta s\u00f3tano se reserva para cuartos de instalaciones, cuartos de servicio y plancha, bodega y un gran gimnasio con zona de juegos que conecta directamente con un porche mediante unas ventanas correderas conectando tambi\u00e9n este \u00e1rea con el jard\u00edn.<\/p>\n<p>Dicho porche se desarrolla como una zona de comedor, barbacoa y cocina exterior, conect\u00e1ndose visualmente con el interior de la piscina de la planta superior.<\/p>\n<p>La vivienda exteriormente est\u00e1 dise\u00f1ada con una<strong> imagen escult\u00f3rica en formas curvas para dar un empaque m\u00e1s org\u00e1nico con el entorno<\/strong> y revestida en piedra caliza blanca y vidrio negro.<\/p>\n<p>Es una <strong>arquitectura rica en juegos de vol\u00famenes, planos cortados y otras soluciones est\u00e9ticas <\/strong>que adem\u00e1s dan sentido a las distribuciones interiores y a la abundante luz que inunda la vivienda.<\/p>\n<p><strong>Especificaciones tecnicas<\/strong><\/p>\n<p><strong>Fachada<\/strong><br \/>\nPiedra caliza trasventilada, aislamiento t\u00e9rmico, hormig\u00f3n armado, trasdosado pladur doble placa con aislamiento. Piedra fachada: fachada ventilada de caliza f\u00f3sil apomazada suministrada y colocada por pizarras Pizarras J Bernardos. Vidrio fachada: vidrio \u00f3paco lacado color negro sobre subestructura de aluminio.<\/p>\n<p><strong>Tabiquer\u00eda<\/strong><br \/>\nPladur doble placa con aislamiento.<\/p>\n<p><strong>Instalaciones<\/strong><br \/>\nGeotermia con equipo Thermia, electricidad, fontaneria, acs y suelo radiante, clima con equipos de Mitsubishi, domotica audio y video sistema Crestron.<\/p>\n<p><strong>Pintura<\/strong><br \/>\nPintura plastica en zonas de servicio y semilacada color gris amarronado y gris claro en resto de la vivienda.<\/p>\n<p><strong>Suelos<\/strong><br \/>\nPlanta baja: interior: piedra caliza apomazada. Exterior: terrazas piedra caliza arenada. Garaje: solera de hormig\u00f3n acabado rallado. S\u00f3tano interior: suelo laminado. Exterior: piedra caliza arenada y pintura epoxi sobre hormig\u00f3n en salas de maquinas. Suministro de suelos: Pizarras J Bernardos para piedra caliza, Ter H\u00fcrne para laminado.<\/p>\n<p><strong>Cocina<\/strong><br \/>\nSeg\u00fan dise\u00f1o de A-cero. Puertas rechapadas en madera y cajones de extraccion total. Cocinas Castelo. Encimeras de granito negro. Electrodom\u00e9sticos: marca Neff.<\/p>\n<p><strong>Ba\u00f1os<\/strong><br \/>\nGrifer\u00eda ba\u00f1os: griferia Noken con termostato de Porcelanosa. Ba\u00f1os\/inodoros\/lavabos: inodoros y bidet marca Noken, Porcelanosa. Lavabos y encimeras en Corian en una sola pieza. Muebles bajo encimera en dm hidrofugo lacados color negro brillo y en ba\u00f1o principal de dm hidrofugo revestidos en Corian. Aseo de cortesia en piedra. Platos de ducha de obra con suelo de piedra caliza flotante.<\/p>\n<p><strong>Piscina<\/strong><br \/>\nPiscina y lamina de agua en exterior revestida en gresite blanco de piscinas PB, pavimento sobre plots de caliza nacar de Pizarras J Bernardos arenado en solarium.<\/p>\n<p><strong>Carpinterias<\/strong><br \/>\nCarpinter\u00eda de madera: puertas realizadas seg\u00fan dise\u00f1o de A-cero in en dm lacado color gris amarronado. Puerta de acceso principal: puerta de seguridad, pivotante, revestimiento exterior en vidrio negro y en el interior en dm lacado negro alto brillo. Carpinter\u00eda met\u00e1lica: perfileria Sch\u00fcco lacado color gris oscuro mate con doble acristalamiento Saint Gobain SGG Climalit Plus Securit Safe Ultra N F3 Parsol Grey 8.<\/p>\n<p><strong>Cristaler\u00eda<\/strong><br \/>\nMamparas interiores, mamparas de ba\u00f1os, puertas de cristal, barandillas, con vidrio laminar y butiral gris.<\/p>\n<p><strong>Estores\/persianas<\/strong><br \/>\nEnrollables screen 500p en todas las estancias, persianas en dormitorios, con accionamiento a motor y domotizadas.<\/p>\n<p><strong>Cerrajer\u00eda<\/strong><br \/>\nPuerta exterior corredera de acceso vehicular a parcela realizada con estructura de acero y revestida con vidrio negro. Puerta exterior pivotante de acceso peatonal a parcela realizada con estructura de acero y revestida en vidrio negro.<\/p>\n<p><strong>Arte <\/strong><br \/>\nCuadros en sal\u00f3n y comedor: Pilar Sansegundo y Elena de Rubio.<br \/>\nSuministro iluminaci\u00f3n: lamparas Oliva y Viabizzuno.<\/p>\n<p><strong>Iluminacion <\/strong><br \/>\nInstalaci\u00f3n de iluminaci\u00f3n: seg\u00fan dise\u00f1o de lamparas Oliva y Viabizzuno.<\/p>\n<p><strong>Ficha t\u00e9cnica<\/strong><br \/>\nNombre: Vivienda unifamiliar Balcony House<br \/>\nUbicacion: Madrid, Espa\u00f1a<br \/>\nDirecci\u00f3n y coordinaci\u00f3n de Obra: A-cero<br \/>\nPromotor: Privado<br \/>\nSuperficie de parcela: 2094 m2<br \/>\nSuperficie construida: 947 m2<br \/>\nFecha de proyecto: enero 2011<br \/>\nFecha de terminaci\u00f3n: junio 2013<br \/>\nFot\u00f3grafo: Plasmalia<\/p>\n<p><strong>Contacto<\/strong>: <a href=\"http:\/\/www.a-cero.com\" target=\"_blank\">http:\/\/www.a-cero.com<\/a><\/p>\n\n<div style=\"font-size: 0px; height: 0px; line-height: 0px; margin: 0; padding: 0; clear: both;\"><\/div><div style=\"margin-top: 0px; margin-bottom: 0px;\" class=\"sharethis-inline-share-buttons\" ><\/div>","protected":false},"excerpt":{"rendered":"<p>Arquitectura rica en juegos de vol\u00famenes, planos cortados y otras soluciones est\u00e9ticas&#8230;<\/p>\n","protected":false},"author":1,"featured_media":2968,"comment_status":"closed","ping_status":"closed","sticky":false,"template":"","format":"standard","meta":{"_uag_custom_page_level_css":"","footnotes":""},"categories":[1,83],"tags":[899,898,104,900,441,901,254],"class_list":["post-2967","post","type-post","status-publish","format-standard","has-post-thumbnail","hentry","category-proyecto","category-vivienda-unifamiliar","tag-a-cero","tag-balcony-house","tag-espana","tag-joaquin-torres","tag-madrid","tag-rafael-llamazares","tag-vivienda-unifamiliar-2","generate-columns","tablet-grid-50","mobile-grid-100","grid-parent","grid-50"],"yoast_head":"<!-- This site is optimized with the Yoast SEO plugin v27.3 - https:\/\/yoast.com\/product\/yoast-seo-wordpress\/ -->\n<title>Vivienda unifamiliar Balcony House \/ A-cero - Arquimaster<\/title>\n<meta name=\"robots\" content=\"index, follow, max-snippet:-1, max-image-preview:large, max-video-preview:-1\" \/>\n<link rel=\"canonical\" href=\"https:\/\/www.arquimaster.com.ar\/web\/vivienda-unifamiliar-balcony-house-a-cero\/\" \/>\n<meta property=\"og:locale\" content=\"es_ES\" \/>\n<meta property=\"og:type\" content=\"article\" \/>\n<meta property=\"og:title\" content=\"Vivienda unifamiliar Balcony House \/ A-cero - Arquimaster\" \/>\n<meta property=\"og:description\" content=\"Arquitectura rica en juegos de vol\u00famenes, planos cortados y otras soluciones est\u00e9ticas...\" \/>\n<meta property=\"og:url\" content=\"https:\/\/www.arquimaster.com.ar\/web\/vivienda-unifamiliar-balcony-house-a-cero\/\" \/>\n<meta property=\"og:site_name\" content=\"Arquimaster\" \/>\n<meta property=\"article:publisher\" content=\"http:\/\/www.facebook.com\/ARQUIMASTER.com.ar\" \/>\n<meta property=\"article:published_time\" content=\"2013-08-29T19:42:56+00:00\" \/>\n<meta property=\"article:modified_time\" content=\"2014-02-09T20:04:02+00:00\" \/>\n<meta property=\"og:image\" content=\"https:\/\/www.arquimaster.com.ar\/web\/wp-content\/uploads\/2014\/02\/casa_balcony_slide.jpg\" \/>\n\t<meta property=\"og:image:width\" content=\"642\" \/>\n\t<meta property=\"og:image:height\" content=\"336\" \/>\n\t<meta property=\"og:image:type\" content=\"image\/jpeg\" \/>\n<meta name=\"author\" content=\"Arquimaster\" \/>\n<meta name=\"twitter:card\" content=\"summary_large_image\" \/>\n<meta name=\"twitter:creator\" content=\"@arquimaster\" \/>\n<meta name=\"twitter:site\" content=\"@arquimaster\" \/>\n<meta name=\"twitter:label1\" content=\"Escrito por\" \/>\n\t<meta name=\"twitter:data1\" content=\"Arquimaster\" \/>\n\t<meta name=\"twitter:label2\" content=\"Tiempo de lectura\" \/>\n\t<meta name=\"twitter:data2\" content=\"5 minutos\" \/>\n<script type=\"application\/ld+json\" class=\"yoast-schema-graph\">{\"@context\":\"https:\\\/\\\/schema.org\",\"@graph\":[{\"@type\":\"Article\",\"@id\":\"https:\\\/\\\/www.arquimaster.com.ar\\\/web\\\/vivienda-unifamiliar-balcony-house-a-cero\\\/#article\",\"isPartOf\":{\"@id\":\"https:\\\/\\\/www.arquimaster.com.ar\\\/web\\\/vivienda-unifamiliar-balcony-house-a-cero\\\/\"},\"author\":{\"name\":\"Arquimaster\",\"@id\":\"https:\\\/\\\/www.arquimaster.com.ar\\\/web\\\/#\\\/schema\\\/person\\\/359e9f7c00193fcde068e0dd2ceb0028\"},\"headline\":\"Vivienda unifamiliar Balcony House \\\/ A-cero\",\"datePublished\":\"2013-08-29T19:42:56+00:00\",\"dateModified\":\"2014-02-09T20:04:02+00:00\",\"mainEntityOfPage\":{\"@id\":\"https:\\\/\\\/www.arquimaster.com.ar\\\/web\\\/vivienda-unifamiliar-balcony-house-a-cero\\\/\"},\"wordCount\":1059,\"publisher\":{\"@id\":\"https:\\\/\\\/www.arquimaster.com.ar\\\/web\\\/#organization\"},\"image\":{\"@id\":\"https:\\\/\\\/www.arquimaster.com.ar\\\/web\\\/vivienda-unifamiliar-balcony-house-a-cero\\\/#primaryimage\"},\"thumbnailUrl\":\"https:\\\/\\\/www.arquimaster.com.ar\\\/web\\\/wp-content\\\/uploads\\\/2014\\\/02\\\/casa_balcony_slide.jpg\",\"keywords\":[\"A-cero\",\"Balcony House\",\"Espa\u00f1a\",\"Joaqu\u00edn Torres\",\"Madrid\",\"Rafael Llamazares\",\"vivienda unifamiliar\"],\"articleSection\":[\"Proyecto\",\"Vivienda unifamiliar y PH\"],\"inLanguage\":\"es\"},{\"@type\":\"WebPage\",\"@id\":\"https:\\\/\\\/www.arquimaster.com.ar\\\/web\\\/vivienda-unifamiliar-balcony-house-a-cero\\\/\",\"url\":\"https:\\\/\\\/www.arquimaster.com.ar\\\/web\\\/vivienda-unifamiliar-balcony-house-a-cero\\\/\",\"name\":\"Vivienda unifamiliar Balcony House \\\/ A-cero - Arquimaster\",\"isPartOf\":{\"@id\":\"https:\\\/\\\/www.arquimaster.com.ar\\\/web\\\/#website\"},\"primaryImageOfPage\":{\"@id\":\"https:\\\/\\\/www.arquimaster.com.ar\\\/web\\\/vivienda-unifamiliar-balcony-house-a-cero\\\/#primaryimage\"},\"image\":{\"@id\":\"https:\\\/\\\/www.arquimaster.com.ar\\\/web\\\/vivienda-unifamiliar-balcony-house-a-cero\\\/#primaryimage\"},\"thumbnailUrl\":\"https:\\\/\\\/www.arquimaster.com.ar\\\/web\\\/wp-content\\\/uploads\\\/2014\\\/02\\\/casa_balcony_slide.jpg\",\"datePublished\":\"2013-08-29T19:42:56+00:00\",\"dateModified\":\"2014-02-09T20:04:02+00:00\",\"breadcrumb\":{\"@id\":\"https:\\\/\\\/www.arquimaster.com.ar\\\/web\\\/vivienda-unifamiliar-balcony-house-a-cero\\\/#breadcrumb\"},\"inLanguage\":\"es\",\"potentialAction\":[{\"@type\":\"ReadAction\",\"target\":[\"https:\\\/\\\/www.arquimaster.com.ar\\\/web\\\/vivienda-unifamiliar-balcony-house-a-cero\\\/\"]}]},{\"@type\":\"ImageObject\",\"inLanguage\":\"es\",\"@id\":\"https:\\\/\\\/www.arquimaster.com.ar\\\/web\\\/vivienda-unifamiliar-balcony-house-a-cero\\\/#primaryimage\",\"url\":\"https:\\\/\\\/www.arquimaster.com.ar\\\/web\\\/wp-content\\\/uploads\\\/2014\\\/02\\\/casa_balcony_slide.jpg\",\"contentUrl\":\"https:\\\/\\\/www.arquimaster.com.ar\\\/web\\\/wp-content\\\/uploads\\\/2014\\\/02\\\/casa_balcony_slide.jpg\",\"width\":642,\"height\":336},{\"@type\":\"BreadcrumbList\",\"@id\":\"https:\\\/\\\/www.arquimaster.com.ar\\\/web\\\/vivienda-unifamiliar-balcony-house-a-cero\\\/#breadcrumb\",\"itemListElement\":[{\"@type\":\"ListItem\",\"position\":1,\"name\":\"Portada\",\"item\":\"https:\\\/\\\/www.arquimaster.com.ar\\\/web\\\/\"},{\"@type\":\"ListItem\",\"position\":2,\"name\":\"Vivienda unifamiliar Balcony House \\\/ A-cero\"}]},{\"@type\":\"WebSite\",\"@id\":\"https:\\\/\\\/www.arquimaster.com.ar\\\/web\\\/#website\",\"url\":\"https:\\\/\\\/www.arquimaster.com.ar\\\/web\\\/\",\"name\":\"Arquimaster\",\"description\":\"Web de arquitectura, dise\u00f1o y construccion\",\"publisher\":{\"@id\":\"https:\\\/\\\/www.arquimaster.com.ar\\\/web\\\/#organization\"},\"potentialAction\":[{\"@type\":\"SearchAction\",\"target\":{\"@type\":\"EntryPoint\",\"urlTemplate\":\"https:\\\/\\\/www.arquimaster.com.ar\\\/web\\\/?s={search_term_string}\"},\"query-input\":{\"@type\":\"PropertyValueSpecification\",\"valueRequired\":true,\"valueName\":\"search_term_string\"}}],\"inLanguage\":\"es\"},{\"@type\":\"Organization\",\"@id\":\"https:\\\/\\\/www.arquimaster.com.ar\\\/web\\\/#organization\",\"name\":\"Arquimaster\",\"url\":\"https:\\\/\\\/www.arquimaster.com.ar\\\/web\\\/\",\"logo\":{\"@type\":\"ImageObject\",\"inLanguage\":\"es\",\"@id\":\"https:\\\/\\\/www.arquimaster.com.ar\\\/web\\\/#\\\/schema\\\/logo\\\/image\\\/\",\"url\":\"https:\\\/\\\/www.arquimaster.com.ar\\\/web\\\/wp-content\\\/uploads\\\/2022\\\/06\\\/arquimaster.png\",\"contentUrl\":\"https:\\\/\\\/www.arquimaster.com.ar\\\/web\\\/wp-content\\\/uploads\\\/2022\\\/06\\\/arquimaster.png\",\"width\":594,\"height\":78,\"caption\":\"Arquimaster\"},\"image\":{\"@id\":\"https:\\\/\\\/www.arquimaster.com.ar\\\/web\\\/#\\\/schema\\\/logo\\\/image\\\/\"},\"sameAs\":[\"http:\\\/\\\/www.facebook.com\\\/ARQUIMASTER.com.ar\",\"https:\\\/\\\/x.com\\\/arquimaster\",\"https:\\\/\\\/www.instagram.com\\\/arquimasterblog\\\/\",\"https:\\\/\\\/www.linkedin.com\\\/company\\\/arquimaster\",\"https:\\\/\\\/www.pinterest.com\\\/arquimaster\",\"https:\\\/\\\/t.me\\\/arquimaster\"]},{\"@type\":\"Person\",\"@id\":\"https:\\\/\\\/www.arquimaster.com.ar\\\/web\\\/#\\\/schema\\\/person\\\/359e9f7c00193fcde068e0dd2ceb0028\",\"name\":\"Arquimaster\"}]}<\/script>\n<!-- \/ Yoast SEO plugin. -->","yoast_head_json":{"title":"Vivienda unifamiliar Balcony House \/ A-cero - Arquimaster","robots":{"index":"index","follow":"follow","max-snippet":"max-snippet:-1","max-image-preview":"max-image-preview:large","max-video-preview":"max-video-preview:-1"},"canonical":"https:\/\/www.arquimaster.com.ar\/web\/vivienda-unifamiliar-balcony-house-a-cero\/","og_locale":"es_ES","og_type":"article","og_title":"Vivienda unifamiliar Balcony House \/ A-cero - Arquimaster","og_description":"Arquitectura rica en juegos de vol\u00famenes, planos cortados y otras soluciones est\u00e9ticas...","og_url":"https:\/\/www.arquimaster.com.ar\/web\/vivienda-unifamiliar-balcony-house-a-cero\/","og_site_name":"Arquimaster","article_publisher":"http:\/\/www.facebook.com\/ARQUIMASTER.com.ar","article_published_time":"2013-08-29T19:42:56+00:00","article_modified_time":"2014-02-09T20:04:02+00:00","og_image":[{"width":642,"height":336,"url":"https:\/\/www.arquimaster.com.ar\/web\/wp-content\/uploads\/2014\/02\/casa_balcony_slide.jpg","type":"image\/jpeg"}],"author":"Arquimaster","twitter_card":"summary_large_image","twitter_creator":"@arquimaster","twitter_site":"@arquimaster","twitter_misc":{"Escrito por":"Arquimaster","Tiempo de lectura":"5 minutos"},"schema":{"@context":"https:\/\/schema.org","@graph":[{"@type":"Article","@id":"https:\/\/www.arquimaster.com.ar\/web\/vivienda-unifamiliar-balcony-house-a-cero\/#article","isPartOf":{"@id":"https:\/\/www.arquimaster.com.ar\/web\/vivienda-unifamiliar-balcony-house-a-cero\/"},"author":{"name":"Arquimaster","@id":"https:\/\/www.arquimaster.com.ar\/web\/#\/schema\/person\/359e9f7c00193fcde068e0dd2ceb0028"},"headline":"Vivienda unifamiliar Balcony House \/ A-cero","datePublished":"2013-08-29T19:42:56+00:00","dateModified":"2014-02-09T20:04:02+00:00","mainEntityOfPage":{"@id":"https:\/\/www.arquimaster.com.ar\/web\/vivienda-unifamiliar-balcony-house-a-cero\/"},"wordCount":1059,"publisher":{"@id":"https:\/\/www.arquimaster.com.ar\/web\/#organization"},"image":{"@id":"https:\/\/www.arquimaster.com.ar\/web\/vivienda-unifamiliar-balcony-house-a-cero\/#primaryimage"},"thumbnailUrl":"https:\/\/www.arquimaster.com.ar\/web\/wp-content\/uploads\/2014\/02\/casa_balcony_slide.jpg","keywords":["A-cero","Balcony House","Espa\u00f1a","Joaqu\u00edn Torres","Madrid","Rafael Llamazares","vivienda unifamiliar"],"articleSection":["Proyecto","Vivienda unifamiliar y PH"],"inLanguage":"es"},{"@type":"WebPage","@id":"https:\/\/www.arquimaster.com.ar\/web\/vivienda-unifamiliar-balcony-house-a-cero\/","url":"https:\/\/www.arquimaster.com.ar\/web\/vivienda-unifamiliar-balcony-house-a-cero\/","name":"Vivienda unifamiliar Balcony House \/ A-cero - Arquimaster","isPartOf":{"@id":"https:\/\/www.arquimaster.com.ar\/web\/#website"},"primaryImageOfPage":{"@id":"https:\/\/www.arquimaster.com.ar\/web\/vivienda-unifamiliar-balcony-house-a-cero\/#primaryimage"},"image":{"@id":"https:\/\/www.arquimaster.com.ar\/web\/vivienda-unifamiliar-balcony-house-a-cero\/#primaryimage"},"thumbnailUrl":"https:\/\/www.arquimaster.com.ar\/web\/wp-content\/uploads\/2014\/02\/casa_balcony_slide.jpg","datePublished":"2013-08-29T19:42:56+00:00","dateModified":"2014-02-09T20:04:02+00:00","breadcrumb":{"@id":"https:\/\/www.arquimaster.com.ar\/web\/vivienda-unifamiliar-balcony-house-a-cero\/#breadcrumb"},"inLanguage":"es","potentialAction":[{"@type":"ReadAction","target":["https:\/\/www.arquimaster.com.ar\/web\/vivienda-unifamiliar-balcony-house-a-cero\/"]}]},{"@type":"ImageObject","inLanguage":"es","@id":"https:\/\/www.arquimaster.com.ar\/web\/vivienda-unifamiliar-balcony-house-a-cero\/#primaryimage","url":"https:\/\/www.arquimaster.com.ar\/web\/wp-content\/uploads\/2014\/02\/casa_balcony_slide.jpg","contentUrl":"https:\/\/www.arquimaster.com.ar\/web\/wp-content\/uploads\/2014\/02\/casa_balcony_slide.jpg","width":642,"height":336},{"@type":"BreadcrumbList","@id":"https:\/\/www.arquimaster.com.ar\/web\/vivienda-unifamiliar-balcony-house-a-cero\/#breadcrumb","itemListElement":[{"@type":"ListItem","position":1,"name":"Portada","item":"https:\/\/www.arquimaster.com.ar\/web\/"},{"@type":"ListItem","position":2,"name":"Vivienda unifamiliar Balcony House \/ A-cero"}]},{"@type":"WebSite","@id":"https:\/\/www.arquimaster.com.ar\/web\/#website","url":"https:\/\/www.arquimaster.com.ar\/web\/","name":"Arquimaster","description":"Web de arquitectura, dise\u00f1o y construccion","publisher":{"@id":"https:\/\/www.arquimaster.com.ar\/web\/#organization"},"potentialAction":[{"@type":"SearchAction","target":{"@type":"EntryPoint","urlTemplate":"https:\/\/www.arquimaster.com.ar\/web\/?s={search_term_string}"},"query-input":{"@type":"PropertyValueSpecification","valueRequired":true,"valueName":"search_term_string"}}],"inLanguage":"es"},{"@type":"Organization","@id":"https:\/\/www.arquimaster.com.ar\/web\/#organization","name":"Arquimaster","url":"https:\/\/www.arquimaster.com.ar\/web\/","logo":{"@type":"ImageObject","inLanguage":"es","@id":"https:\/\/www.arquimaster.com.ar\/web\/#\/schema\/logo\/image\/","url":"https:\/\/www.arquimaster.com.ar\/web\/wp-content\/uploads\/2022\/06\/arquimaster.png","contentUrl":"https:\/\/www.arquimaster.com.ar\/web\/wp-content\/uploads\/2022\/06\/arquimaster.png","width":594,"height":78,"caption":"Arquimaster"},"image":{"@id":"https:\/\/www.arquimaster.com.ar\/web\/#\/schema\/logo\/image\/"},"sameAs":["http:\/\/www.facebook.com\/ARQUIMASTER.com.ar","https:\/\/x.com\/arquimaster","https:\/\/www.instagram.com\/arquimasterblog\/","https:\/\/www.linkedin.com\/company\/arquimaster","https:\/\/www.pinterest.com\/arquimaster","https:\/\/t.me\/arquimaster"]},{"@type":"Person","@id":"https:\/\/www.arquimaster.com.ar\/web\/#\/schema\/person\/359e9f7c00193fcde068e0dd2ceb0028","name":"Arquimaster"}]}},"uagb_featured_image_src":{"full":["https:\/\/www.arquimaster.com.ar\/web\/wp-content\/uploads\/2014\/02\/casa_balcony_slide.jpg",642,336,false],"thumbnail":["https:\/\/www.arquimaster.com.ar\/web\/wp-content\/uploads\/2014\/02\/casa_balcony_slide-150x150.jpg",150,150,true],"medium":["https:\/\/www.arquimaster.com.ar\/web\/wp-content\/uploads\/2014\/02\/casa_balcony_slide-300x157.jpg",300,157,true],"medium_large":["https:\/\/www.arquimaster.com.ar\/web\/wp-content\/uploads\/2014\/02\/casa_balcony_slide.jpg",642,336,false],"large":["https:\/\/www.arquimaster.com.ar\/web\/wp-content\/uploads\/2014\/02\/casa_balcony_slide.jpg",642,336,false],"1536x1536":["https:\/\/www.arquimaster.com.ar\/web\/wp-content\/uploads\/2014\/02\/casa_balcony_slide.jpg",642,336,false],"2048x2048":["https:\/\/www.arquimaster.com.ar\/web\/wp-content\/uploads\/2014\/02\/casa_balcony_slide.jpg",642,336,false]},"uagb_author_info":{"display_name":"Arquimaster","author_link":"https:\/\/www.arquimaster.com.ar\/web\/author\/arquimaster\/"},"uagb_comment_info":0,"uagb_excerpt":"Arquitectura rica en juegos de vol\u00famenes, planos cortados y otras soluciones est\u00e9ticas...","_links":{"self":[{"href":"https:\/\/www.arquimaster.com.ar\/web\/wp-json\/wp\/v2\/posts\/2967","targetHints":{"allow":["GET"]}}],"collection":[{"href":"https:\/\/www.arquimaster.com.ar\/web\/wp-json\/wp\/v2\/posts"}],"about":[{"href":"https:\/\/www.arquimaster.com.ar\/web\/wp-json\/wp\/v2\/types\/post"}],"author":[{"embeddable":true,"href":"https:\/\/www.arquimaster.com.ar\/web\/wp-json\/wp\/v2\/users\/1"}],"replies":[{"embeddable":true,"href":"https:\/\/www.arquimaster.com.ar\/web\/wp-json\/wp\/v2\/comments?post=2967"}],"version-history":[{"count":0,"href":"https:\/\/www.arquimaster.com.ar\/web\/wp-json\/wp\/v2\/posts\/2967\/revisions"}],"wp:featuredmedia":[{"embeddable":true,"href":"https:\/\/www.arquimaster.com.ar\/web\/wp-json\/wp\/v2\/media\/2968"}],"wp:attachment":[{"href":"https:\/\/www.arquimaster.com.ar\/web\/wp-json\/wp\/v2\/media?parent=2967"}],"wp:term":[{"taxonomy":"category","embeddable":true,"href":"https:\/\/www.arquimaster.com.ar\/web\/wp-json\/wp\/v2\/categories?post=2967"},{"taxonomy":"post_tag","embeddable":true,"href":"https:\/\/www.arquimaster.com.ar\/web\/wp-json\/wp\/v2\/tags?post=2967"}],"curies":[{"name":"wp","href":"https:\/\/api.w.org\/{rel}","templated":true}]}}