{"id":29685,"date":"2018-04-12T15:49:33","date_gmt":"2018-04-12T15:49:33","guid":{"rendered":"http:\/\/www.arquimaster.com.ar\/web\/?p=29685"},"modified":"2018-04-12T19:05:08","modified_gmt":"2018-04-12T19:05:08","slug":"edificio-de-viviendas-dr-vertiz-arco-arquitectura-contemporanea","status":"publish","type":"post","link":"https:\/\/www.arquimaster.com.ar\/web\/edificio-de-viviendas-dr-vertiz-arco-arquitectura-contemporanea\/","title":{"rendered":"Edificio de viviendas Dr. Vertiz \/ ARCO Arquitectura Contempor\u00e1nea"},"content":{"rendered":"<div style=\"margin-top: 0px; margin-bottom: 0px;\" class=\"sharethis-inline-share-buttons\" ><\/div><div class=\"b812932af2e751442846f039925109de\" data-index=\"1\" style=\"float: none; margin:25px 0 25px 0; text-align:center;\">\n<script async src=\"https:\/\/pagead2.googlesyndication.com\/pagead\/js\/adsbygoogle.js\"><\/script>\r\n<!-- Arquimaster (superior) -->\r\n<ins class=\"adsbygoogle\"\r\n     style=\"display:block\"\r\n     data-ad-client=\"ca-pub-6351072698456832\"\r\n     data-ad-slot=\"6455489680\"\r\n     data-ad-format=\"auto\"\r\n     data-full-width-responsive=\"true\"><\/ins>\r\n<script>\r\n     (adsbygoogle = window.adsbygoogle || []).push({});\r\n<\/script>\n<\/div>\n<p><strong>Edificio de viviendas Dr. Vertiz<\/strong> (Ciudad de M\u00e9xico) por <strong>ARCO Arquitectura Contempor\u00e1nea<\/strong>. Atentos a la necesidad de revitalizar zonas antiguas de la Ciudad de M\u00e9xico, el despacho de ARCO Arquitectura Contempor\u00e1nea dise\u00f1\u00f3 y construy\u00f3 este edificio de 36 departamentos, dando a la vivienda de inter\u00e9s medio un dise\u00f1o funcional y digno dentro de su categor\u00eda.<\/p>\n<p>El principal reto fue dise\u00f1ar en un terreno muy angosto, la cantidad adecuada para poder aprovechar la densidad habitacional que la autoridad permite. El \u00f3ptimo aprovechamiento de los espacios fue una de las principales premisas.<\/p>\n<div id='gallery-1' class='gallery galleryid-29685 gallery-columns-3 gallery-size-thumbnail'><figure class='gallery-item'>\n\t\t\t<div class='gallery-icon portrait'>\n\t\t\t\t<a href='https:\/\/www.arquimaster.com.ar\/web\/wp-content\/uploads\/2018\/04\/edificio_vertiz1.jpg' title=\"Edificio de viviendas Dr. Vertiz \/ ARCO Arquitectura Contempor\u00e1nea (\u00a9 Mart\u00edn Gerard)\" data-rl_title=\"Edificio de viviendas Dr. Vertiz \/ ARCO Arquitectura Contempor\u00e1nea (\u00a9 Mart\u00edn Gerard)\" class=\"rl-gallery-link\" data-rl_caption=\"Edificio de viviendas Dr. Vertiz \/ ARCO Arquitectura Contempor\u00e1nea (\u00a9 Mart\u00edn Gerard)\" data-rel=\"lightbox-gallery-1\"><img loading=\"lazy\" decoding=\"async\" width=\"150\" height=\"150\" src=\"https:\/\/www.arquimaster.com.ar\/web\/wp-content\/uploads\/2018\/04\/edificio_vertiz1-150x150.jpg\" class=\"attachment-thumbnail size-thumbnail\" alt=\"\" aria-describedby=\"gallery-1-29687\" srcset=\"https:\/\/www.arquimaster.com.ar\/web\/wp-content\/uploads\/2018\/04\/edificio_vertiz1-150x150.jpg 150w, https:\/\/www.arquimaster.com.ar\/web\/wp-content\/uploads\/2018\/04\/edificio_vertiz1-50x50.jpg 50w, https:\/\/www.arquimaster.com.ar\/web\/wp-content\/uploads\/2018\/04\/edificio_vertiz1-125x125.jpg 125w\" sizes=\"auto, (max-width: 150px) 100vw, 150px\" \/><\/a>\n\t\t\t<\/div>\n\t\t\t\t<figcaption class='wp-caption-text gallery-caption' id='gallery-1-29687'>\n\t\t\t\tEdificio de viviendas Dr. Vertiz \/ ARCO Arquitectura Contempor\u00e1nea (\u00a9 Mart\u00edn Gerard)\n\t\t\t\t<\/figcaption><\/figure><figure class='gallery-item'>\n\t\t\t<div class='gallery-icon portrait'>\n\t\t\t\t<a href='https:\/\/www.arquimaster.com.ar\/web\/wp-content\/uploads\/2018\/04\/edificio_vertiz2.jpg' title=\"Edificio de viviendas Dr. Vertiz \/ ARCO Arquitectura Contempor\u00e1nea (\u00a9 Mart\u00edn Gerard)\" data-rl_title=\"Edificio de viviendas Dr. Vertiz \/ ARCO Arquitectura Contempor\u00e1nea (\u00a9 Mart\u00edn Gerard)\" class=\"rl-gallery-link\" data-rl_caption=\"Edificio de viviendas Dr. Vertiz \/ ARCO Arquitectura Contempor\u00e1nea (\u00a9 Mart\u00edn Gerard)\" data-rel=\"lightbox-gallery-1\"><img loading=\"lazy\" decoding=\"async\" width=\"150\" height=\"150\" src=\"https:\/\/www.arquimaster.com.ar\/web\/wp-content\/uploads\/2018\/04\/edificio_vertiz2-150x150.jpg\" class=\"attachment-thumbnail size-thumbnail\" alt=\"\" aria-describedby=\"gallery-1-29688\" srcset=\"https:\/\/www.arquimaster.com.ar\/web\/wp-content\/uploads\/2018\/04\/edificio_vertiz2-150x150.jpg 150w, https:\/\/www.arquimaster.com.ar\/web\/wp-content\/uploads\/2018\/04\/edificio_vertiz2-50x50.jpg 50w, https:\/\/www.arquimaster.com.ar\/web\/wp-content\/uploads\/2018\/04\/edificio_vertiz2-125x125.jpg 125w\" sizes=\"auto, (max-width: 150px) 100vw, 150px\" \/><\/a>\n\t\t\t<\/div>\n\t\t\t\t<figcaption class='wp-caption-text gallery-caption' id='gallery-1-29688'>\n\t\t\t\tEdificio de viviendas Dr. Vertiz \/ ARCO Arquitectura Contempor\u00e1nea (\u00a9 Mart\u00edn Gerard)\n\t\t\t\t<\/figcaption><\/figure><figure class='gallery-item'>\n\t\t\t<div class='gallery-icon portrait'>\n\t\t\t\t<a href='https:\/\/www.arquimaster.com.ar\/web\/wp-content\/uploads\/2018\/04\/edificio_vertiz3.jpg' title=\"Edificio de viviendas Dr. Vertiz \/ ARCO Arquitectura Contempor\u00e1nea (\u00a9 Mart\u00edn Gerard)\" data-rl_title=\"Edificio de viviendas Dr. Vertiz \/ ARCO Arquitectura Contempor\u00e1nea (\u00a9 Mart\u00edn Gerard)\" class=\"rl-gallery-link\" data-rl_caption=\"Edificio de viviendas Dr. Vertiz \/ ARCO Arquitectura Contempor\u00e1nea (\u00a9 Mart\u00edn Gerard)\" data-rel=\"lightbox-gallery-1\"><img loading=\"lazy\" decoding=\"async\" width=\"150\" height=\"150\" src=\"https:\/\/www.arquimaster.com.ar\/web\/wp-content\/uploads\/2018\/04\/edificio_vertiz3-150x150.jpg\" class=\"attachment-thumbnail size-thumbnail\" alt=\"\" aria-describedby=\"gallery-1-29689\" srcset=\"https:\/\/www.arquimaster.com.ar\/web\/wp-content\/uploads\/2018\/04\/edificio_vertiz3-150x150.jpg 150w, https:\/\/www.arquimaster.com.ar\/web\/wp-content\/uploads\/2018\/04\/edificio_vertiz3-50x50.jpg 50w, https:\/\/www.arquimaster.com.ar\/web\/wp-content\/uploads\/2018\/04\/edificio_vertiz3-125x125.jpg 125w\" sizes=\"auto, (max-width: 150px) 100vw, 150px\" \/><\/a>\n\t\t\t<\/div>\n\t\t\t\t<figcaption class='wp-caption-text gallery-caption' id='gallery-1-29689'>\n\t\t\t\tEdificio de viviendas Dr. Vertiz \/ ARCO Arquitectura Contempor\u00e1nea (\u00a9 Mart\u00edn Gerard)\n\t\t\t\t<\/figcaption><\/figure><figure class='gallery-item'>\n\t\t\t<div class='gallery-icon portrait'>\n\t\t\t\t<a href='https:\/\/www.arquimaster.com.ar\/web\/wp-content\/uploads\/2018\/04\/edificio_vertiz4.jpg' title=\"Edificio de viviendas Dr. Vertiz \/ ARCO Arquitectura Contempor\u00e1nea (\u00a9 Mart\u00edn Gerard)\" data-rl_title=\"Edificio de viviendas Dr. Vertiz \/ ARCO Arquitectura Contempor\u00e1nea (\u00a9 Mart\u00edn Gerard)\" class=\"rl-gallery-link\" data-rl_caption=\"Edificio de viviendas Dr. Vertiz \/ ARCO Arquitectura Contempor\u00e1nea (\u00a9 Mart\u00edn Gerard)\" data-rel=\"lightbox-gallery-1\"><img loading=\"lazy\" decoding=\"async\" width=\"150\" height=\"150\" src=\"https:\/\/www.arquimaster.com.ar\/web\/wp-content\/uploads\/2018\/04\/edificio_vertiz4-150x150.jpg\" class=\"attachment-thumbnail size-thumbnail\" alt=\"\" aria-describedby=\"gallery-1-29690\" srcset=\"https:\/\/www.arquimaster.com.ar\/web\/wp-content\/uploads\/2018\/04\/edificio_vertiz4-150x150.jpg 150w, https:\/\/www.arquimaster.com.ar\/web\/wp-content\/uploads\/2018\/04\/edificio_vertiz4-50x50.jpg 50w, https:\/\/www.arquimaster.com.ar\/web\/wp-content\/uploads\/2018\/04\/edificio_vertiz4-125x125.jpg 125w\" sizes=\"auto, (max-width: 150px) 100vw, 150px\" \/><\/a>\n\t\t\t<\/div>\n\t\t\t\t<figcaption class='wp-caption-text gallery-caption' id='gallery-1-29690'>\n\t\t\t\tEdificio de viviendas Dr. Vertiz \/ ARCO Arquitectura Contempor\u00e1nea (\u00a9 Mart\u00edn Gerard)\n\t\t\t\t<\/figcaption><\/figure><figure class='gallery-item'>\n\t\t\t<div class='gallery-icon landscape'>\n\t\t\t\t<a href='https:\/\/www.arquimaster.com.ar\/web\/wp-content\/uploads\/2018\/04\/edificio_vertiz5.jpg' title=\"Edificio de viviendas Dr. Vertiz \/ ARCO Arquitectura Contempor\u00e1nea (\u00a9 Mart\u00edn Gerard)\" data-rl_title=\"Edificio de viviendas Dr. Vertiz \/ ARCO Arquitectura Contempor\u00e1nea (\u00a9 Mart\u00edn Gerard)\" class=\"rl-gallery-link\" data-rl_caption=\"Edificio de viviendas Dr. Vertiz \/ ARCO Arquitectura Contempor\u00e1nea (\u00a9 Mart\u00edn Gerard)\" data-rel=\"lightbox-gallery-1\"><img loading=\"lazy\" decoding=\"async\" width=\"150\" height=\"150\" src=\"https:\/\/www.arquimaster.com.ar\/web\/wp-content\/uploads\/2018\/04\/edificio_vertiz5-150x150.jpg\" class=\"attachment-thumbnail size-thumbnail\" alt=\"\" aria-describedby=\"gallery-1-29691\" srcset=\"https:\/\/www.arquimaster.com.ar\/web\/wp-content\/uploads\/2018\/04\/edificio_vertiz5-150x150.jpg 150w, https:\/\/www.arquimaster.com.ar\/web\/wp-content\/uploads\/2018\/04\/edificio_vertiz5-50x50.jpg 50w, https:\/\/www.arquimaster.com.ar\/web\/wp-content\/uploads\/2018\/04\/edificio_vertiz5-125x125.jpg 125w\" sizes=\"auto, (max-width: 150px) 100vw, 150px\" \/><\/a>\n\t\t\t<\/div>\n\t\t\t\t<figcaption class='wp-caption-text gallery-caption' id='gallery-1-29691'>\n\t\t\t\tEdificio de viviendas Dr. Vertiz \/ ARCO Arquitectura Contempor\u00e1nea (\u00a9 Mart\u00edn Gerard)\n\t\t\t\t<\/figcaption><\/figure><figure class='gallery-item'>\n\t\t\t<div class='gallery-icon landscape'>\n\t\t\t\t<a href='https:\/\/www.arquimaster.com.ar\/web\/wp-content\/uploads\/2018\/04\/edificio_vertiz6.jpg' title=\"Edificio de viviendas Dr. Vertiz \/ ARCO Arquitectura Contempor\u00e1nea (\u00a9 Mart\u00edn Gerard)\" data-rl_title=\"Edificio de viviendas Dr. Vertiz \/ ARCO Arquitectura Contempor\u00e1nea (\u00a9 Mart\u00edn Gerard)\" class=\"rl-gallery-link\" data-rl_caption=\"Edificio de viviendas Dr. Vertiz \/ ARCO Arquitectura Contempor\u00e1nea (\u00a9 Mart\u00edn Gerard)\" data-rel=\"lightbox-gallery-1\"><img loading=\"lazy\" decoding=\"async\" width=\"150\" height=\"150\" src=\"https:\/\/www.arquimaster.com.ar\/web\/wp-content\/uploads\/2018\/04\/edificio_vertiz6-150x150.jpg\" class=\"attachment-thumbnail size-thumbnail\" alt=\"\" aria-describedby=\"gallery-1-29692\" srcset=\"https:\/\/www.arquimaster.com.ar\/web\/wp-content\/uploads\/2018\/04\/edificio_vertiz6-150x150.jpg 150w, https:\/\/www.arquimaster.com.ar\/web\/wp-content\/uploads\/2018\/04\/edificio_vertiz6-50x50.jpg 50w, https:\/\/www.arquimaster.com.ar\/web\/wp-content\/uploads\/2018\/04\/edificio_vertiz6-125x125.jpg 125w\" sizes=\"auto, (max-width: 150px) 100vw, 150px\" \/><\/a>\n\t\t\t<\/div>\n\t\t\t\t<figcaption class='wp-caption-text gallery-caption' id='gallery-1-29692'>\n\t\t\t\tEdificio de viviendas Dr. Vertiz \/ ARCO Arquitectura Contempor\u00e1nea (\u00a9 Mart\u00edn Gerard)\n\t\t\t\t<\/figcaption><\/figure>\n\t\t<\/div>\n\n<p>Este proyecto demuestra que cuidar el costo de inversi\u00f3n no est\u00e1 peleado con lograr un atractivo dise\u00f1o, al mismo tiempo se busc\u00f3 una imagen contempor\u00e1nea para este desarrollo. Para ello se utiliz\u00f3 el concreto aparente con detalles de tabique esmaltado, l\u00e1mina perforada y acentos vibrante de color amarillo como remates visuales de ciertas zonas.<\/p>\n<p>El proyecto se divide en 3 cuerpos de 2 departamentos cada uno, logrando as\u00ed una distribuci\u00f3n optimizada en cuanto a circulaciones.<\/p>\n<div id='gallery-2' class='gallery galleryid-29685 gallery-columns-3 gallery-size-thumbnail'><figure class='gallery-item'>\n\t\t\t<div class='gallery-icon landscape'>\n\t\t\t\t<a href='https:\/\/www.arquimaster.com.ar\/web\/wp-content\/uploads\/2018\/04\/edificio_vertiz7.jpg' title=\"Edificio de viviendas Dr. Vertiz \/ ARCO Arquitectura Contempor\u00e1nea (\u00a9 Mart\u00edn Gerard)\" data-rl_title=\"Edificio de viviendas Dr. Vertiz \/ ARCO Arquitectura Contempor\u00e1nea (\u00a9 Mart\u00edn Gerard)\" class=\"rl-gallery-link\" data-rl_caption=\"Edificio de viviendas Dr. Vertiz \/ ARCO Arquitectura Contempor\u00e1nea (\u00a9 Mart\u00edn Gerard)\" data-rel=\"lightbox-gallery-2\"><img loading=\"lazy\" decoding=\"async\" width=\"150\" height=\"150\" src=\"https:\/\/www.arquimaster.com.ar\/web\/wp-content\/uploads\/2018\/04\/edificio_vertiz7-150x150.jpg\" class=\"attachment-thumbnail size-thumbnail\" alt=\"\" aria-describedby=\"gallery-2-29693\" srcset=\"https:\/\/www.arquimaster.com.ar\/web\/wp-content\/uploads\/2018\/04\/edificio_vertiz7-150x150.jpg 150w, https:\/\/www.arquimaster.com.ar\/web\/wp-content\/uploads\/2018\/04\/edificio_vertiz7-50x50.jpg 50w, https:\/\/www.arquimaster.com.ar\/web\/wp-content\/uploads\/2018\/04\/edificio_vertiz7-125x125.jpg 125w\" sizes=\"auto, (max-width: 150px) 100vw, 150px\" \/><\/a>\n\t\t\t<\/div>\n\t\t\t\t<figcaption class='wp-caption-text gallery-caption' id='gallery-2-29693'>\n\t\t\t\tEdificio de viviendas Dr. Vertiz \/ ARCO Arquitectura Contempor\u00e1nea (\u00a9 Mart\u00edn Gerard)\n\t\t\t\t<\/figcaption><\/figure><figure class='gallery-item'>\n\t\t\t<div class='gallery-icon landscape'>\n\t\t\t\t<a href='https:\/\/www.arquimaster.com.ar\/web\/wp-content\/uploads\/2018\/04\/edificio_vertiz8.jpg' title=\"Edificio de viviendas Dr. Vertiz \/ ARCO Arquitectura Contempor\u00e1nea (\u00a9 Mart\u00edn Gerard)\" data-rl_title=\"Edificio de viviendas Dr. Vertiz \/ ARCO Arquitectura Contempor\u00e1nea (\u00a9 Mart\u00edn Gerard)\" class=\"rl-gallery-link\" data-rl_caption=\"Edificio de viviendas Dr. Vertiz \/ ARCO Arquitectura Contempor\u00e1nea (\u00a9 Mart\u00edn Gerard)\" data-rel=\"lightbox-gallery-2\"><img loading=\"lazy\" decoding=\"async\" width=\"150\" height=\"150\" src=\"https:\/\/www.arquimaster.com.ar\/web\/wp-content\/uploads\/2018\/04\/edificio_vertiz8-150x150.jpg\" class=\"attachment-thumbnail size-thumbnail\" alt=\"\" aria-describedby=\"gallery-2-29694\" srcset=\"https:\/\/www.arquimaster.com.ar\/web\/wp-content\/uploads\/2018\/04\/edificio_vertiz8-150x150.jpg 150w, https:\/\/www.arquimaster.com.ar\/web\/wp-content\/uploads\/2018\/04\/edificio_vertiz8-50x50.jpg 50w, https:\/\/www.arquimaster.com.ar\/web\/wp-content\/uploads\/2018\/04\/edificio_vertiz8-125x125.jpg 125w\" sizes=\"auto, (max-width: 150px) 100vw, 150px\" \/><\/a>\n\t\t\t<\/div>\n\t\t\t\t<figcaption class='wp-caption-text gallery-caption' id='gallery-2-29694'>\n\t\t\t\tEdificio de viviendas Dr. Vertiz \/ ARCO Arquitectura Contempor\u00e1nea (\u00a9 Mart\u00edn Gerard)\n\t\t\t\t<\/figcaption><\/figure><figure class='gallery-item'>\n\t\t\t<div class='gallery-icon landscape'>\n\t\t\t\t<a href='https:\/\/www.arquimaster.com.ar\/web\/wp-content\/uploads\/2018\/04\/edificio_vertiz9.jpg' title=\"Edificio de viviendas Dr. Vertiz \/ ARCO Arquitectura Contempor\u00e1nea (\u00a9 Mart\u00edn Gerard)\" data-rl_title=\"Edificio de viviendas Dr. Vertiz \/ ARCO Arquitectura Contempor\u00e1nea (\u00a9 Mart\u00edn Gerard)\" class=\"rl-gallery-link\" data-rl_caption=\"Edificio de viviendas Dr. Vertiz \/ ARCO Arquitectura Contempor\u00e1nea (\u00a9 Mart\u00edn Gerard)\" data-rel=\"lightbox-gallery-2\"><img loading=\"lazy\" decoding=\"async\" width=\"150\" height=\"150\" src=\"https:\/\/www.arquimaster.com.ar\/web\/wp-content\/uploads\/2018\/04\/edificio_vertiz9-150x150.jpg\" class=\"attachment-thumbnail size-thumbnail\" alt=\"\" aria-describedby=\"gallery-2-29695\" srcset=\"https:\/\/www.arquimaster.com.ar\/web\/wp-content\/uploads\/2018\/04\/edificio_vertiz9-150x150.jpg 150w, https:\/\/www.arquimaster.com.ar\/web\/wp-content\/uploads\/2018\/04\/edificio_vertiz9-50x50.jpg 50w, https:\/\/www.arquimaster.com.ar\/web\/wp-content\/uploads\/2018\/04\/edificio_vertiz9-125x125.jpg 125w\" sizes=\"auto, (max-width: 150px) 100vw, 150px\" \/><\/a>\n\t\t\t<\/div>\n\t\t\t\t<figcaption class='wp-caption-text gallery-caption' id='gallery-2-29695'>\n\t\t\t\tEdificio de viviendas Dr. Vertiz \/ ARCO Arquitectura Contempor\u00e1nea (\u00a9 Mart\u00edn Gerard)\n\t\t\t\t<\/figcaption><\/figure><figure class='gallery-item'>\n\t\t\t<div class='gallery-icon portrait'>\n\t\t\t\t<a href='https:\/\/www.arquimaster.com.ar\/web\/wp-content\/uploads\/2018\/04\/edificio_vertiz10.jpg' title=\"Edificio de viviendas Dr. Vertiz \/ ARCO Arquitectura Contempor\u00e1nea (\u00a9 Mart\u00edn Gerard)\" data-rl_title=\"Edificio de viviendas Dr. Vertiz \/ ARCO Arquitectura Contempor\u00e1nea (\u00a9 Mart\u00edn Gerard)\" class=\"rl-gallery-link\" data-rl_caption=\"Edificio de viviendas Dr. Vertiz \/ ARCO Arquitectura Contempor\u00e1nea (\u00a9 Mart\u00edn Gerard)\" data-rel=\"lightbox-gallery-2\"><img loading=\"lazy\" decoding=\"async\" width=\"150\" height=\"150\" src=\"https:\/\/www.arquimaster.com.ar\/web\/wp-content\/uploads\/2018\/04\/edificio_vertiz10-150x150.jpg\" class=\"attachment-thumbnail size-thumbnail\" alt=\"\" aria-describedby=\"gallery-2-29696\" srcset=\"https:\/\/www.arquimaster.com.ar\/web\/wp-content\/uploads\/2018\/04\/edificio_vertiz10-150x150.jpg 150w, https:\/\/www.arquimaster.com.ar\/web\/wp-content\/uploads\/2018\/04\/edificio_vertiz10-50x50.jpg 50w, https:\/\/www.arquimaster.com.ar\/web\/wp-content\/uploads\/2018\/04\/edificio_vertiz10-125x125.jpg 125w\" sizes=\"auto, (max-width: 150px) 100vw, 150px\" \/><\/a>\n\t\t\t<\/div>\n\t\t\t\t<figcaption class='wp-caption-text gallery-caption' id='gallery-2-29696'>\n\t\t\t\tEdificio de viviendas Dr. Vertiz \/ ARCO Arquitectura Contempor\u00e1nea (\u00a9 Mart\u00edn Gerard)\n\t\t\t\t<\/figcaption><\/figure><figure class='gallery-item'>\n\t\t\t<div class='gallery-icon portrait'>\n\t\t\t\t<a href='https:\/\/www.arquimaster.com.ar\/web\/wp-content\/uploads\/2018\/04\/edificio_vertiz11.jpg' title=\"Edificio de viviendas Dr. Vertiz \/ ARCO Arquitectura Contempor\u00e1nea (\u00a9 Mart\u00edn Gerard)\" data-rl_title=\"Edificio de viviendas Dr. Vertiz \/ ARCO Arquitectura Contempor\u00e1nea (\u00a9 Mart\u00edn Gerard)\" class=\"rl-gallery-link\" data-rl_caption=\"Edificio de viviendas Dr. Vertiz \/ ARCO Arquitectura Contempor\u00e1nea (\u00a9 Mart\u00edn Gerard)\" data-rel=\"lightbox-gallery-2\"><img loading=\"lazy\" decoding=\"async\" width=\"150\" height=\"150\" src=\"https:\/\/www.arquimaster.com.ar\/web\/wp-content\/uploads\/2018\/04\/edificio_vertiz11-150x150.jpg\" class=\"attachment-thumbnail size-thumbnail\" alt=\"\" aria-describedby=\"gallery-2-29697\" srcset=\"https:\/\/www.arquimaster.com.ar\/web\/wp-content\/uploads\/2018\/04\/edificio_vertiz11-150x150.jpg 150w, https:\/\/www.arquimaster.com.ar\/web\/wp-content\/uploads\/2018\/04\/edificio_vertiz11-50x50.jpg 50w, https:\/\/www.arquimaster.com.ar\/web\/wp-content\/uploads\/2018\/04\/edificio_vertiz11-125x125.jpg 125w\" sizes=\"auto, (max-width: 150px) 100vw, 150px\" \/><\/a>\n\t\t\t<\/div>\n\t\t\t\t<figcaption class='wp-caption-text gallery-caption' id='gallery-2-29697'>\n\t\t\t\tEdificio de viviendas Dr. Vertiz \/ ARCO Arquitectura Contempor\u00e1nea (\u00a9 Mart\u00edn Gerard)\n\t\t\t\t<\/figcaption><\/figure><figure class='gallery-item'>\n\t\t\t<div class='gallery-icon landscape'>\n\t\t\t\t<a href='https:\/\/www.arquimaster.com.ar\/web\/wp-content\/uploads\/2018\/04\/edificio_vertiz12.jpg' title=\"Edificio de viviendas Dr. Vertiz \/ ARCO Arquitectura Contempor\u00e1nea (\u00a9 Mart\u00edn Gerard)\" data-rl_title=\"Edificio de viviendas Dr. Vertiz \/ ARCO Arquitectura Contempor\u00e1nea (\u00a9 Mart\u00edn Gerard)\" class=\"rl-gallery-link\" data-rl_caption=\"Edificio de viviendas Dr. Vertiz \/ ARCO Arquitectura Contempor\u00e1nea (\u00a9 Mart\u00edn Gerard)\" data-rel=\"lightbox-gallery-2\"><img loading=\"lazy\" decoding=\"async\" width=\"150\" height=\"150\" src=\"https:\/\/www.arquimaster.com.ar\/web\/wp-content\/uploads\/2018\/04\/edificio_vertiz12-150x150.jpg\" class=\"attachment-thumbnail size-thumbnail\" alt=\"\" aria-describedby=\"gallery-2-29698\" srcset=\"https:\/\/www.arquimaster.com.ar\/web\/wp-content\/uploads\/2018\/04\/edificio_vertiz12-150x150.jpg 150w, https:\/\/www.arquimaster.com.ar\/web\/wp-content\/uploads\/2018\/04\/edificio_vertiz12-50x50.jpg 50w, https:\/\/www.arquimaster.com.ar\/web\/wp-content\/uploads\/2018\/04\/edificio_vertiz12-125x125.jpg 125w\" sizes=\"auto, (max-width: 150px) 100vw, 150px\" \/><\/a>\n\t\t\t<\/div>\n\t\t\t\t<figcaption class='wp-caption-text gallery-caption' id='gallery-2-29698'>\n\t\t\t\tEdificio de viviendas Dr. Vertiz \/ ARCO Arquitectura Contempor\u00e1nea (\u00a9 Mart\u00edn Gerard)\n\t\t\t\t<\/figcaption><\/figure><figure class='gallery-item'>\n\t\t\t<div class='gallery-icon landscape'>\n\t\t\t\t<a href='https:\/\/www.arquimaster.com.ar\/web\/wp-content\/uploads\/2018\/04\/edificio_vertiz13.jpg' title=\"Edificio de viviendas Dr. Vertiz \/ ARCO Arquitectura Contempor\u00e1nea (planta baja)\" data-rl_title=\"Edificio de viviendas Dr. Vertiz \/ ARCO Arquitectura Contempor\u00e1nea (planta baja)\" class=\"rl-gallery-link\" data-rl_caption=\"Edificio de viviendas Dr. Vertiz \/ ARCO Arquitectura Contempor\u00e1nea (planta baja)\" data-rel=\"lightbox-gallery-2\"><img loading=\"lazy\" decoding=\"async\" width=\"150\" height=\"150\" src=\"https:\/\/www.arquimaster.com.ar\/web\/wp-content\/uploads\/2018\/04\/edificio_vertiz13-150x150.jpg\" class=\"attachment-thumbnail size-thumbnail\" alt=\"\" aria-describedby=\"gallery-2-29699\" srcset=\"https:\/\/www.arquimaster.com.ar\/web\/wp-content\/uploads\/2018\/04\/edificio_vertiz13-150x150.jpg 150w, https:\/\/www.arquimaster.com.ar\/web\/wp-content\/uploads\/2018\/04\/edificio_vertiz13-50x50.jpg 50w, https:\/\/www.arquimaster.com.ar\/web\/wp-content\/uploads\/2018\/04\/edificio_vertiz13-125x125.jpg 125w\" sizes=\"auto, (max-width: 150px) 100vw, 150px\" \/><\/a>\n\t\t\t<\/div>\n\t\t\t\t<figcaption class='wp-caption-text gallery-caption' id='gallery-2-29699'>\n\t\t\t\tEdificio de viviendas Dr. Vertiz \/ ARCO Arquitectura Contempor\u00e1nea (planta baja)\n\t\t\t\t<\/figcaption><\/figure><figure class='gallery-item'>\n\t\t\t<div class='gallery-icon landscape'>\n\t\t\t\t<a href='https:\/\/www.arquimaster.com.ar\/web\/wp-content\/uploads\/2018\/04\/edificio_vertiz14.jpg' title=\"Edificio de viviendas Dr. Vertiz \/ ARCO Arquitectura Contempor\u00e1nea (plantas departamentos)\" data-rl_title=\"Edificio de viviendas Dr. Vertiz \/ ARCO Arquitectura Contempor\u00e1nea (plantas departamentos)\" class=\"rl-gallery-link\" data-rl_caption=\"Edificio de viviendas Dr. Vertiz \/ ARCO Arquitectura Contempor\u00e1nea (plantas departamentos)\" data-rel=\"lightbox-gallery-2\"><img loading=\"lazy\" decoding=\"async\" width=\"150\" height=\"150\" src=\"https:\/\/www.arquimaster.com.ar\/web\/wp-content\/uploads\/2018\/04\/edificio_vertiz14-150x150.jpg\" class=\"attachment-thumbnail size-thumbnail\" alt=\"\" aria-describedby=\"gallery-2-29700\" srcset=\"https:\/\/www.arquimaster.com.ar\/web\/wp-content\/uploads\/2018\/04\/edificio_vertiz14-150x150.jpg 150w, https:\/\/www.arquimaster.com.ar\/web\/wp-content\/uploads\/2018\/04\/edificio_vertiz14-50x50.jpg 50w, https:\/\/www.arquimaster.com.ar\/web\/wp-content\/uploads\/2018\/04\/edificio_vertiz14-125x125.jpg 125w\" sizes=\"auto, (max-width: 150px) 100vw, 150px\" \/><\/a>\n\t\t\t<\/div>\n\t\t\t\t<figcaption class='wp-caption-text gallery-caption' id='gallery-2-29700'>\n\t\t\t\tEdificio de viviendas Dr. Vertiz \/ ARCO Arquitectura Contempor\u00e1nea (plantas departamentos)\n\t\t\t\t<\/figcaption><\/figure><figure class='gallery-item'>\n\t\t\t<div class='gallery-icon landscape'>\n\t\t\t\t<a href='https:\/\/www.arquimaster.com.ar\/web\/wp-content\/uploads\/2018\/04\/edificio_vertiz15.jpg' title=\"Edificio de viviendas Dr. Vertiz \/ ARCO Arquitectura Contempor\u00e1nea (corte)\" data-rl_title=\"Edificio de viviendas Dr. Vertiz \/ ARCO Arquitectura Contempor\u00e1nea (corte)\" class=\"rl-gallery-link\" data-rl_caption=\"Edificio de viviendas Dr. Vertiz \/ ARCO Arquitectura Contempor\u00e1nea (corte)\" data-rel=\"lightbox-gallery-2\"><img loading=\"lazy\" decoding=\"async\" width=\"150\" height=\"150\" src=\"https:\/\/www.arquimaster.com.ar\/web\/wp-content\/uploads\/2018\/04\/edificio_vertiz15-150x150.jpg\" class=\"attachment-thumbnail size-thumbnail\" alt=\"\" aria-describedby=\"gallery-2-29701\" srcset=\"https:\/\/www.arquimaster.com.ar\/web\/wp-content\/uploads\/2018\/04\/edificio_vertiz15-150x150.jpg 150w, https:\/\/www.arquimaster.com.ar\/web\/wp-content\/uploads\/2018\/04\/edificio_vertiz15-50x50.jpg 50w, https:\/\/www.arquimaster.com.ar\/web\/wp-content\/uploads\/2018\/04\/edificio_vertiz15-125x125.jpg 125w\" sizes=\"auto, (max-width: 150px) 100vw, 150px\" \/><\/a>\n\t\t\t<\/div>\n\t\t\t\t<figcaption class='wp-caption-text gallery-caption' id='gallery-2-29701'>\n\t\t\t\tEdificio de viviendas Dr. Vertiz \/ ARCO Arquitectura Contempor\u00e1nea (corte)\n\t\t\t\t<\/figcaption><\/figure><figure class='gallery-item'>\n\t\t\t<div class='gallery-icon portrait'>\n\t\t\t\t<a href='https:\/\/www.arquimaster.com.ar\/web\/wp-content\/uploads\/2018\/04\/edificio_vertiz16.jpg' title=\"Edificio de viviendas Dr. Vertiz \/ ARCO Arquitectura Contempor\u00e1nea (vista)\" data-rl_title=\"Edificio de viviendas Dr. Vertiz \/ ARCO Arquitectura Contempor\u00e1nea (vista)\" class=\"rl-gallery-link\" data-rl_caption=\"Edificio de viviendas Dr. Vertiz \/ ARCO Arquitectura Contempor\u00e1nea (vista)\" data-rel=\"lightbox-gallery-2\"><img loading=\"lazy\" decoding=\"async\" width=\"150\" height=\"150\" src=\"https:\/\/www.arquimaster.com.ar\/web\/wp-content\/uploads\/2018\/04\/edificio_vertiz16-150x150.jpg\" class=\"attachment-thumbnail size-thumbnail\" alt=\"\" aria-describedby=\"gallery-2-29702\" srcset=\"https:\/\/www.arquimaster.com.ar\/web\/wp-content\/uploads\/2018\/04\/edificio_vertiz16-150x150.jpg 150w, https:\/\/www.arquimaster.com.ar\/web\/wp-content\/uploads\/2018\/04\/edificio_vertiz16-50x50.jpg 50w, https:\/\/www.arquimaster.com.ar\/web\/wp-content\/uploads\/2018\/04\/edificio_vertiz16-125x125.jpg 125w\" sizes=\"auto, (max-width: 150px) 100vw, 150px\" \/><\/a>\n\t\t\t<\/div>\n\t\t\t\t<figcaption class='wp-caption-text gallery-caption' id='gallery-2-29702'>\n\t\t\t\tEdificio de viviendas Dr. Vertiz \/ ARCO Arquitectura Contempor\u00e1nea (vista)\n\t\t\t\t<\/figcaption><\/figure>\n\t\t<\/div>\n\n<p>El dise\u00f1o de la fachada forrada en un material cer\u00e1mico crea un juego aleatorio de vanos y macizos que remarcan con unos balcones volados con luz, generando un reflejo de movilidad y urbanismo.<\/p>\n<p>Se puede apreciar que la luz natural es un actor importante en los interiores de los departamentos, adem\u00e1s tambi\u00e9n se contempl\u00f3 el aprovechamiento de las aguas pluviales que cae en la azotea para el uso de los sanitarios.<\/p>\n<p>Es as\u00ed como este edificio logra una imagen bien equilibrada y cuyo dise\u00f1o contempla el valor y la funcionalidad que debe tener cada departamento para sus habitantes.<\/p>\n<p><strong>Ficha tecnica<\/strong><br \/>\nNombre: Desarrollo Dr. V\u00e9rtiz<br \/>\nUbicaci\u00f3n: Av. Dr. V\u00e9rtiz N\u00ba 84 bis, Colonia Doctores, Ciudad de M\u00e9xico<br \/>\nDise\u00f1o o construcci\u00f3n del proyecto: ARCO Arquitectura Contempor\u00e1nea<br \/>\nArq. Jos\u00e9 Lew, Arq. Bernardo Lew, Arq. Jos\u00e9 Memum<br \/>\nDesarrollador: Grupo Ginfic<br \/>\nA\u00f1o: 2016<br \/>\nEstado: Construido<br \/>\nSuperficie: 2,242 m2<br \/>\nFotograf\u00eda: Mart\u00edn Gerard<\/p>\n<p><strong>Contacto:<\/strong> <a href=\"http:\/\/www.ar-co.com.mx\" target=\"_blank\" rel=\"noopener\">http:\/\/www.ar-co.com.mx<\/a><\/p>\n<p>Facebook: ARCOarquitecturacontemporanea<br \/>\nTwitter: @arcomexico<\/p>\n<p>&nbsp;<\/p>\n<p><em><strong>English version<\/strong><\/em><\/p>\n<p><em>Aware of the need to revitalize old areas of Mexico City, ARCO Arquitectura Contempor\u00e1nea designed and built this 36 apartment building, giving the middle income housing a functional and dignified design within its category.<\/em><\/p>\n<p><em>The main challenge was to design inside a very narrow lot the right number of apartments to be able to take advantage of the housing density the authority allows. The optimum use of the spaces was one of the main premises.<\/em><\/p>\n<p><em>This project demonstrates that taking care of the cost of investment is not at conflict with achieving an attractive design; at the same time, a contemporary image was sought for this development, for which was used apparent concrete with details of enameled bricks, perforated plates and vibrant yellow accents as visual endings of certain zones.<\/em><\/p>\n<p><em>The project is divided in 3 elements of 2 departments each, thus achieving an optimized distribution in terms of internal circulations.<\/em><\/p>\n<p><em>The fa\u00e7ade design covered with a ceramic material creates a random game of hollow and solid blocks emphasized with flown balconies with light, generating a reflex of mobility and urbanism.<\/em><\/p>\n<p><em>It is evident that natural light is an important factor in the interiors of the apartments, in addition it was also contemplated the use of rainwater that falls on the roof for the use of toilets.<\/em><\/p>\n<p><em>This is how this building achieves a well-balanced image and its design contemplates the value and functionality that each apartment should have for its inhabitants.<\/em><\/p>\n\n<div style=\"font-size: 0px; height: 0px; line-height: 0px; margin: 0; padding: 0; clear: both;\"><\/div><div style=\"margin-top: 0px; margin-bottom: 0px;\" class=\"sharethis-inline-share-buttons\" ><\/div>","protected":false},"excerpt":{"rendered":"<p>Vivienda de inter\u00e9s medio con un dise\u00f1o funcional y digno dentro de su categor\u00eda&#8230;<\/p>\n","protected":false},"author":1,"featured_media":29686,"comment_status":"closed","ping_status":"closed","sticky":false,"template":"","format":"standard","meta":{"_uag_custom_page_level_css":"","footnotes":""},"categories":[80,1],"tags":[248,1515,250,87,1514,4529],"class_list":["post-29685","post","type-post","status-publish","format-standard","has-post-thumbnail","hentry","category-edificio-viviendas","category-proyecto","tag-arco-arquitectura-contemporanea","tag-bernardo-lew-kirsch","tag-ciudad-de-mexico","tag-edificio-de-viviendas","tag-jose-lew-kirsch","tag-jose-memum","generate-columns","tablet-grid-50","mobile-grid-100","grid-parent","grid-50"],"yoast_head":"<!-- This site is optimized with the Yoast SEO plugin v27.3 - https:\/\/yoast.com\/product\/yoast-seo-wordpress\/ -->\n<title>Edificio de viviendas Dr. Vertiz \/ ARCO Arquitectura Contempor\u00e1nea - Arquimaster<\/title>\n<meta name=\"robots\" content=\"index, follow, max-snippet:-1, max-image-preview:large, max-video-preview:-1\" \/>\n<link rel=\"canonical\" href=\"https:\/\/www.arquimaster.com.ar\/web\/edificio-de-viviendas-dr-vertiz-arco-arquitectura-contemporanea\/\" \/>\n<meta property=\"og:locale\" content=\"es_ES\" \/>\n<meta property=\"og:type\" content=\"article\" \/>\n<meta property=\"og:title\" content=\"Edificio de viviendas Dr. Vertiz \/ ARCO Arquitectura Contempor\u00e1nea - Arquimaster\" \/>\n<meta property=\"og:description\" content=\"Vivienda de inter\u00e9s medio con un dise\u00f1o funcional y digno dentro de su categor\u00eda...\" \/>\n<meta property=\"og:url\" content=\"https:\/\/www.arquimaster.com.ar\/web\/edificio-de-viviendas-dr-vertiz-arco-arquitectura-contemporanea\/\" \/>\n<meta property=\"og:site_name\" content=\"Arquimaster\" \/>\n<meta property=\"article:publisher\" content=\"http:\/\/www.facebook.com\/ARQUIMASTER.com.ar\" \/>\n<meta property=\"article:published_time\" content=\"2018-04-12T15:49:33+00:00\" \/>\n<meta property=\"article:modified_time\" content=\"2018-04-12T19:05:08+00:00\" \/>\n<meta property=\"og:image\" content=\"https:\/\/www.arquimaster.com.ar\/web\/wp-content\/uploads\/2018\/04\/edificio_vertiz_slide.jpg\" \/>\n\t<meta property=\"og:image:width\" content=\"642\" \/>\n\t<meta property=\"og:image:height\" content=\"336\" \/>\n\t<meta property=\"og:image:type\" content=\"image\/jpeg\" \/>\n<meta name=\"author\" content=\"Arquimaster\" \/>\n<meta name=\"twitter:card\" content=\"summary_large_image\" \/>\n<meta name=\"twitter:creator\" content=\"@arquimaster\" \/>\n<meta name=\"twitter:site\" content=\"@arquimaster\" \/>\n<meta name=\"twitter:label1\" content=\"Escrito por\" \/>\n\t<meta name=\"twitter:data1\" content=\"Arquimaster\" \/>\n\t<meta name=\"twitter:label2\" content=\"Tiempo de lectura\" \/>\n\t<meta name=\"twitter:data2\" content=\"3 minutos\" \/>\n<script type=\"application\/ld+json\" class=\"yoast-schema-graph\">{\"@context\":\"https:\\\/\\\/schema.org\",\"@graph\":[{\"@type\":\"Article\",\"@id\":\"https:\\\/\\\/www.arquimaster.com.ar\\\/web\\\/edificio-de-viviendas-dr-vertiz-arco-arquitectura-contemporanea\\\/#article\",\"isPartOf\":{\"@id\":\"https:\\\/\\\/www.arquimaster.com.ar\\\/web\\\/edificio-de-viviendas-dr-vertiz-arco-arquitectura-contemporanea\\\/\"},\"author\":{\"name\":\"Arquimaster\",\"@id\":\"https:\\\/\\\/www.arquimaster.com.ar\\\/web\\\/#\\\/schema\\\/person\\\/359e9f7c00193fcde068e0dd2ceb0028\"},\"headline\":\"Edificio de viviendas Dr. Vertiz \\\/ ARCO Arquitectura Contempor\u00e1nea\",\"datePublished\":\"2018-04-12T15:49:33+00:00\",\"dateModified\":\"2018-04-12T19:05:08+00:00\",\"mainEntityOfPage\":{\"@id\":\"https:\\\/\\\/www.arquimaster.com.ar\\\/web\\\/edificio-de-viviendas-dr-vertiz-arco-arquitectura-contemporanea\\\/\"},\"wordCount\":604,\"publisher\":{\"@id\":\"https:\\\/\\\/www.arquimaster.com.ar\\\/web\\\/#organization\"},\"image\":{\"@id\":\"https:\\\/\\\/www.arquimaster.com.ar\\\/web\\\/edificio-de-viviendas-dr-vertiz-arco-arquitectura-contemporanea\\\/#primaryimage\"},\"thumbnailUrl\":\"https:\\\/\\\/www.arquimaster.com.ar\\\/web\\\/wp-content\\\/uploads\\\/2018\\\/04\\\/edificio_vertiz_slide.jpg\",\"keywords\":[\"ARCO Arquitectura Contempor\u00e1nea\",\"Bernardo Lew Kirsch\",\"Ciudad de Mexico\",\"edificio de viviendas\",\"Jos\u00e9 Lew Kirsch\",\"Jos\u00e9 Memum\"],\"articleSection\":[\"Edificios de viviendas\",\"Proyecto\"],\"inLanguage\":\"es\"},{\"@type\":\"WebPage\",\"@id\":\"https:\\\/\\\/www.arquimaster.com.ar\\\/web\\\/edificio-de-viviendas-dr-vertiz-arco-arquitectura-contemporanea\\\/\",\"url\":\"https:\\\/\\\/www.arquimaster.com.ar\\\/web\\\/edificio-de-viviendas-dr-vertiz-arco-arquitectura-contemporanea\\\/\",\"name\":\"Edificio de viviendas Dr. Vertiz \\\/ ARCO Arquitectura Contempor\u00e1nea - Arquimaster\",\"isPartOf\":{\"@id\":\"https:\\\/\\\/www.arquimaster.com.ar\\\/web\\\/#website\"},\"primaryImageOfPage\":{\"@id\":\"https:\\\/\\\/www.arquimaster.com.ar\\\/web\\\/edificio-de-viviendas-dr-vertiz-arco-arquitectura-contemporanea\\\/#primaryimage\"},\"image\":{\"@id\":\"https:\\\/\\\/www.arquimaster.com.ar\\\/web\\\/edificio-de-viviendas-dr-vertiz-arco-arquitectura-contemporanea\\\/#primaryimage\"},\"thumbnailUrl\":\"https:\\\/\\\/www.arquimaster.com.ar\\\/web\\\/wp-content\\\/uploads\\\/2018\\\/04\\\/edificio_vertiz_slide.jpg\",\"datePublished\":\"2018-04-12T15:49:33+00:00\",\"dateModified\":\"2018-04-12T19:05:08+00:00\",\"breadcrumb\":{\"@id\":\"https:\\\/\\\/www.arquimaster.com.ar\\\/web\\\/edificio-de-viviendas-dr-vertiz-arco-arquitectura-contemporanea\\\/#breadcrumb\"},\"inLanguage\":\"es\",\"potentialAction\":[{\"@type\":\"ReadAction\",\"target\":[\"https:\\\/\\\/www.arquimaster.com.ar\\\/web\\\/edificio-de-viviendas-dr-vertiz-arco-arquitectura-contemporanea\\\/\"]}]},{\"@type\":\"ImageObject\",\"inLanguage\":\"es\",\"@id\":\"https:\\\/\\\/www.arquimaster.com.ar\\\/web\\\/edificio-de-viviendas-dr-vertiz-arco-arquitectura-contemporanea\\\/#primaryimage\",\"url\":\"https:\\\/\\\/www.arquimaster.com.ar\\\/web\\\/wp-content\\\/uploads\\\/2018\\\/04\\\/edificio_vertiz_slide.jpg\",\"contentUrl\":\"https:\\\/\\\/www.arquimaster.com.ar\\\/web\\\/wp-content\\\/uploads\\\/2018\\\/04\\\/edificio_vertiz_slide.jpg\",\"width\":642,\"height\":336},{\"@type\":\"BreadcrumbList\",\"@id\":\"https:\\\/\\\/www.arquimaster.com.ar\\\/web\\\/edificio-de-viviendas-dr-vertiz-arco-arquitectura-contemporanea\\\/#breadcrumb\",\"itemListElement\":[{\"@type\":\"ListItem\",\"position\":1,\"name\":\"Portada\",\"item\":\"https:\\\/\\\/www.arquimaster.com.ar\\\/web\\\/\"},{\"@type\":\"ListItem\",\"position\":2,\"name\":\"Edificio de viviendas Dr. Vertiz \\\/ ARCO Arquitectura Contempor\u00e1nea\"}]},{\"@type\":\"WebSite\",\"@id\":\"https:\\\/\\\/www.arquimaster.com.ar\\\/web\\\/#website\",\"url\":\"https:\\\/\\\/www.arquimaster.com.ar\\\/web\\\/\",\"name\":\"Arquimaster\",\"description\":\"Web de arquitectura, dise\u00f1o y construccion\",\"publisher\":{\"@id\":\"https:\\\/\\\/www.arquimaster.com.ar\\\/web\\\/#organization\"},\"potentialAction\":[{\"@type\":\"SearchAction\",\"target\":{\"@type\":\"EntryPoint\",\"urlTemplate\":\"https:\\\/\\\/www.arquimaster.com.ar\\\/web\\\/?s={search_term_string}\"},\"query-input\":{\"@type\":\"PropertyValueSpecification\",\"valueRequired\":true,\"valueName\":\"search_term_string\"}}],\"inLanguage\":\"es\"},{\"@type\":\"Organization\",\"@id\":\"https:\\\/\\\/www.arquimaster.com.ar\\\/web\\\/#organization\",\"name\":\"Arquimaster\",\"url\":\"https:\\\/\\\/www.arquimaster.com.ar\\\/web\\\/\",\"logo\":{\"@type\":\"ImageObject\",\"inLanguage\":\"es\",\"@id\":\"https:\\\/\\\/www.arquimaster.com.ar\\\/web\\\/#\\\/schema\\\/logo\\\/image\\\/\",\"url\":\"https:\\\/\\\/www.arquimaster.com.ar\\\/web\\\/wp-content\\\/uploads\\\/2022\\\/06\\\/arquimaster.png\",\"contentUrl\":\"https:\\\/\\\/www.arquimaster.com.ar\\\/web\\\/wp-content\\\/uploads\\\/2022\\\/06\\\/arquimaster.png\",\"width\":594,\"height\":78,\"caption\":\"Arquimaster\"},\"image\":{\"@id\":\"https:\\\/\\\/www.arquimaster.com.ar\\\/web\\\/#\\\/schema\\\/logo\\\/image\\\/\"},\"sameAs\":[\"http:\\\/\\\/www.facebook.com\\\/ARQUIMASTER.com.ar\",\"https:\\\/\\\/x.com\\\/arquimaster\",\"https:\\\/\\\/www.instagram.com\\\/arquimasterblog\\\/\",\"https:\\\/\\\/www.linkedin.com\\\/company\\\/arquimaster\",\"https:\\\/\\\/www.pinterest.com\\\/arquimaster\",\"https:\\\/\\\/t.me\\\/arquimaster\"]},{\"@type\":\"Person\",\"@id\":\"https:\\\/\\\/www.arquimaster.com.ar\\\/web\\\/#\\\/schema\\\/person\\\/359e9f7c00193fcde068e0dd2ceb0028\",\"name\":\"Arquimaster\"}]}<\/script>\n<!-- \/ Yoast SEO plugin. -->","yoast_head_json":{"title":"Edificio de viviendas Dr. Vertiz \/ ARCO Arquitectura Contempor\u00e1nea - Arquimaster","robots":{"index":"index","follow":"follow","max-snippet":"max-snippet:-1","max-image-preview":"max-image-preview:large","max-video-preview":"max-video-preview:-1"},"canonical":"https:\/\/www.arquimaster.com.ar\/web\/edificio-de-viviendas-dr-vertiz-arco-arquitectura-contemporanea\/","og_locale":"es_ES","og_type":"article","og_title":"Edificio de viviendas Dr. Vertiz \/ ARCO Arquitectura Contempor\u00e1nea - Arquimaster","og_description":"Vivienda de inter\u00e9s medio con un dise\u00f1o funcional y digno dentro de su categor\u00eda...","og_url":"https:\/\/www.arquimaster.com.ar\/web\/edificio-de-viviendas-dr-vertiz-arco-arquitectura-contemporanea\/","og_site_name":"Arquimaster","article_publisher":"http:\/\/www.facebook.com\/ARQUIMASTER.com.ar","article_published_time":"2018-04-12T15:49:33+00:00","article_modified_time":"2018-04-12T19:05:08+00:00","og_image":[{"width":642,"height":336,"url":"https:\/\/www.arquimaster.com.ar\/web\/wp-content\/uploads\/2018\/04\/edificio_vertiz_slide.jpg","type":"image\/jpeg"}],"author":"Arquimaster","twitter_card":"summary_large_image","twitter_creator":"@arquimaster","twitter_site":"@arquimaster","twitter_misc":{"Escrito por":"Arquimaster","Tiempo de lectura":"3 minutos"},"schema":{"@context":"https:\/\/schema.org","@graph":[{"@type":"Article","@id":"https:\/\/www.arquimaster.com.ar\/web\/edificio-de-viviendas-dr-vertiz-arco-arquitectura-contemporanea\/#article","isPartOf":{"@id":"https:\/\/www.arquimaster.com.ar\/web\/edificio-de-viviendas-dr-vertiz-arco-arquitectura-contemporanea\/"},"author":{"name":"Arquimaster","@id":"https:\/\/www.arquimaster.com.ar\/web\/#\/schema\/person\/359e9f7c00193fcde068e0dd2ceb0028"},"headline":"Edificio de viviendas Dr. Vertiz \/ ARCO Arquitectura Contempor\u00e1nea","datePublished":"2018-04-12T15:49:33+00:00","dateModified":"2018-04-12T19:05:08+00:00","mainEntityOfPage":{"@id":"https:\/\/www.arquimaster.com.ar\/web\/edificio-de-viviendas-dr-vertiz-arco-arquitectura-contemporanea\/"},"wordCount":604,"publisher":{"@id":"https:\/\/www.arquimaster.com.ar\/web\/#organization"},"image":{"@id":"https:\/\/www.arquimaster.com.ar\/web\/edificio-de-viviendas-dr-vertiz-arco-arquitectura-contemporanea\/#primaryimage"},"thumbnailUrl":"https:\/\/www.arquimaster.com.ar\/web\/wp-content\/uploads\/2018\/04\/edificio_vertiz_slide.jpg","keywords":["ARCO Arquitectura Contempor\u00e1nea","Bernardo Lew Kirsch","Ciudad de Mexico","edificio de viviendas","Jos\u00e9 Lew Kirsch","Jos\u00e9 Memum"],"articleSection":["Edificios de viviendas","Proyecto"],"inLanguage":"es"},{"@type":"WebPage","@id":"https:\/\/www.arquimaster.com.ar\/web\/edificio-de-viviendas-dr-vertiz-arco-arquitectura-contemporanea\/","url":"https:\/\/www.arquimaster.com.ar\/web\/edificio-de-viviendas-dr-vertiz-arco-arquitectura-contemporanea\/","name":"Edificio de viviendas Dr. Vertiz \/ ARCO Arquitectura Contempor\u00e1nea - Arquimaster","isPartOf":{"@id":"https:\/\/www.arquimaster.com.ar\/web\/#website"},"primaryImageOfPage":{"@id":"https:\/\/www.arquimaster.com.ar\/web\/edificio-de-viviendas-dr-vertiz-arco-arquitectura-contemporanea\/#primaryimage"},"image":{"@id":"https:\/\/www.arquimaster.com.ar\/web\/edificio-de-viviendas-dr-vertiz-arco-arquitectura-contemporanea\/#primaryimage"},"thumbnailUrl":"https:\/\/www.arquimaster.com.ar\/web\/wp-content\/uploads\/2018\/04\/edificio_vertiz_slide.jpg","datePublished":"2018-04-12T15:49:33+00:00","dateModified":"2018-04-12T19:05:08+00:00","breadcrumb":{"@id":"https:\/\/www.arquimaster.com.ar\/web\/edificio-de-viviendas-dr-vertiz-arco-arquitectura-contemporanea\/#breadcrumb"},"inLanguage":"es","potentialAction":[{"@type":"ReadAction","target":["https:\/\/www.arquimaster.com.ar\/web\/edificio-de-viviendas-dr-vertiz-arco-arquitectura-contemporanea\/"]}]},{"@type":"ImageObject","inLanguage":"es","@id":"https:\/\/www.arquimaster.com.ar\/web\/edificio-de-viviendas-dr-vertiz-arco-arquitectura-contemporanea\/#primaryimage","url":"https:\/\/www.arquimaster.com.ar\/web\/wp-content\/uploads\/2018\/04\/edificio_vertiz_slide.jpg","contentUrl":"https:\/\/www.arquimaster.com.ar\/web\/wp-content\/uploads\/2018\/04\/edificio_vertiz_slide.jpg","width":642,"height":336},{"@type":"BreadcrumbList","@id":"https:\/\/www.arquimaster.com.ar\/web\/edificio-de-viviendas-dr-vertiz-arco-arquitectura-contemporanea\/#breadcrumb","itemListElement":[{"@type":"ListItem","position":1,"name":"Portada","item":"https:\/\/www.arquimaster.com.ar\/web\/"},{"@type":"ListItem","position":2,"name":"Edificio de viviendas Dr. Vertiz \/ ARCO Arquitectura Contempor\u00e1nea"}]},{"@type":"WebSite","@id":"https:\/\/www.arquimaster.com.ar\/web\/#website","url":"https:\/\/www.arquimaster.com.ar\/web\/","name":"Arquimaster","description":"Web de arquitectura, dise\u00f1o y construccion","publisher":{"@id":"https:\/\/www.arquimaster.com.ar\/web\/#organization"},"potentialAction":[{"@type":"SearchAction","target":{"@type":"EntryPoint","urlTemplate":"https:\/\/www.arquimaster.com.ar\/web\/?s={search_term_string}"},"query-input":{"@type":"PropertyValueSpecification","valueRequired":true,"valueName":"search_term_string"}}],"inLanguage":"es"},{"@type":"Organization","@id":"https:\/\/www.arquimaster.com.ar\/web\/#organization","name":"Arquimaster","url":"https:\/\/www.arquimaster.com.ar\/web\/","logo":{"@type":"ImageObject","inLanguage":"es","@id":"https:\/\/www.arquimaster.com.ar\/web\/#\/schema\/logo\/image\/","url":"https:\/\/www.arquimaster.com.ar\/web\/wp-content\/uploads\/2022\/06\/arquimaster.png","contentUrl":"https:\/\/www.arquimaster.com.ar\/web\/wp-content\/uploads\/2022\/06\/arquimaster.png","width":594,"height":78,"caption":"Arquimaster"},"image":{"@id":"https:\/\/www.arquimaster.com.ar\/web\/#\/schema\/logo\/image\/"},"sameAs":["http:\/\/www.facebook.com\/ARQUIMASTER.com.ar","https:\/\/x.com\/arquimaster","https:\/\/www.instagram.com\/arquimasterblog\/","https:\/\/www.linkedin.com\/company\/arquimaster","https:\/\/www.pinterest.com\/arquimaster","https:\/\/t.me\/arquimaster"]},{"@type":"Person","@id":"https:\/\/www.arquimaster.com.ar\/web\/#\/schema\/person\/359e9f7c00193fcde068e0dd2ceb0028","name":"Arquimaster"}]}},"uagb_featured_image_src":{"full":["https:\/\/www.arquimaster.com.ar\/web\/wp-content\/uploads\/2018\/04\/edificio_vertiz_slide.jpg",642,336,false],"thumbnail":["https:\/\/www.arquimaster.com.ar\/web\/wp-content\/uploads\/2018\/04\/edificio_vertiz_slide-150x150.jpg",150,150,true],"medium":["https:\/\/www.arquimaster.com.ar\/web\/wp-content\/uploads\/2018\/04\/edificio_vertiz_slide.jpg",642,336,false],"medium_large":["https:\/\/www.arquimaster.com.ar\/web\/wp-content\/uploads\/2018\/04\/edificio_vertiz_slide.jpg",642,336,false],"large":["https:\/\/www.arquimaster.com.ar\/web\/wp-content\/uploads\/2018\/04\/edificio_vertiz_slide.jpg",642,336,false],"1536x1536":["https:\/\/www.arquimaster.com.ar\/web\/wp-content\/uploads\/2018\/04\/edificio_vertiz_slide.jpg",642,336,false],"2048x2048":["https:\/\/www.arquimaster.com.ar\/web\/wp-content\/uploads\/2018\/04\/edificio_vertiz_slide.jpg",642,336,false]},"uagb_author_info":{"display_name":"Arquimaster","author_link":"https:\/\/www.arquimaster.com.ar\/web\/author\/arquimaster\/"},"uagb_comment_info":0,"uagb_excerpt":"Vivienda de inter\u00e9s medio con un dise\u00f1o funcional y digno dentro de su categor\u00eda...","_links":{"self":[{"href":"https:\/\/www.arquimaster.com.ar\/web\/wp-json\/wp\/v2\/posts\/29685","targetHints":{"allow":["GET"]}}],"collection":[{"href":"https:\/\/www.arquimaster.com.ar\/web\/wp-json\/wp\/v2\/posts"}],"about":[{"href":"https:\/\/www.arquimaster.com.ar\/web\/wp-json\/wp\/v2\/types\/post"}],"author":[{"embeddable":true,"href":"https:\/\/www.arquimaster.com.ar\/web\/wp-json\/wp\/v2\/users\/1"}],"replies":[{"embeddable":true,"href":"https:\/\/www.arquimaster.com.ar\/web\/wp-json\/wp\/v2\/comments?post=29685"}],"version-history":[{"count":0,"href":"https:\/\/www.arquimaster.com.ar\/web\/wp-json\/wp\/v2\/posts\/29685\/revisions"}],"wp:featuredmedia":[{"embeddable":true,"href":"https:\/\/www.arquimaster.com.ar\/web\/wp-json\/wp\/v2\/media\/29686"}],"wp:attachment":[{"href":"https:\/\/www.arquimaster.com.ar\/web\/wp-json\/wp\/v2\/media?parent=29685"}],"wp:term":[{"taxonomy":"category","embeddable":true,"href":"https:\/\/www.arquimaster.com.ar\/web\/wp-json\/wp\/v2\/categories?post=29685"},{"taxonomy":"post_tag","embeddable":true,"href":"https:\/\/www.arquimaster.com.ar\/web\/wp-json\/wp\/v2\/tags?post=29685"}],"curies":[{"name":"wp","href":"https:\/\/api.w.org\/{rel}","templated":true}]}}