{"id":29719,"date":"2018-04-12T21:09:20","date_gmt":"2018-04-12T21:09:20","guid":{"rendered":"http:\/\/www.arquimaster.com.ar\/web\/?p=29719"},"modified":"2018-04-13T20:58:24","modified_gmt":"2018-04-13T20:58:24","slug":"casa-cuatro-diego-jobell-y-simara-deola-mello","status":"publish","type":"post","link":"https:\/\/www.arquimaster.com.ar\/web\/casa-cuatro-diego-jobell-y-simara-deola-mello\/","title":{"rendered":"Casa cuatro \/ Diego Jobell y Simara Deola Mello"},"content":{"rendered":"<div style=\"margin-top: 0px; margin-bottom: 0px;\" class=\"sharethis-inline-share-buttons\" ><\/div><div class=\"b812932af2e751442846f039925109de\" data-index=\"1\" style=\"float: none; margin:25px 0 25px 0; text-align:center;\">\n<script async src=\"https:\/\/pagead2.googlesyndication.com\/pagead\/js\/adsbygoogle.js\"><\/script>\r\n<!-- Arquimaster (superior) -->\r\n<ins class=\"adsbygoogle\"\r\n     style=\"display:block\"\r\n     data-ad-client=\"ca-pub-6351072698456832\"\r\n     data-ad-slot=\"6455489680\"\r\n     data-ad-format=\"auto\"\r\n     data-full-width-responsive=\"true\"><\/ins>\r\n<script>\r\n     (adsbygoogle = window.adsbygoogle || []).push({});\r\n<\/script>\n<\/div>\n<p><strong>Casa cuatro<\/strong> (Itapema, Santa Catarina, Brasil) por Arquitectos <strong>Diego Jobell y Simara Deola Mello<\/strong>. Residencia ubicada en Itapema, estado de Santa Catarina en el sur del Brasil. Inserta dentro de un barrio cerrado a orillas del mar, rodeada de una gran vegetaci\u00f3n y grandes rocas, propias de la topograf\u00eda del lugar, mezcla de monta\u00f1as y morros en donde las lluvias tropicales aparecen llegando la noche, levantando la humedad de forma tangible para luego convertirse en nubes una y otra vez.<\/p>\n<div id='gallery-1' class='gallery galleryid-29719 gallery-columns-3 gallery-size-thumbnail'><figure class='gallery-item'>\n\t\t\t<div class='gallery-icon portrait'>\n\t\t\t\t<a href='https:\/\/www.arquimaster.com.ar\/web\/wp-content\/uploads\/2018\/04\/casa_cuatro1.jpg' title=\"Casa cuatro \/ Diego Jobell y Simara Deola Mello\" data-rl_title=\"Casa cuatro \/ Diego Jobell y Simara Deola Mello\" class=\"rl-gallery-link\" data-rl_caption=\"Casa cuatro \/ Diego Jobell y Simara Deola Mello\" data-rel=\"lightbox-gallery-1\"><img loading=\"lazy\" decoding=\"async\" width=\"150\" height=\"150\" src=\"https:\/\/www.arquimaster.com.ar\/web\/wp-content\/uploads\/2018\/04\/casa_cuatro1-150x150.jpg\" class=\"attachment-thumbnail size-thumbnail\" alt=\"\" aria-describedby=\"gallery-1-29721\" srcset=\"https:\/\/www.arquimaster.com.ar\/web\/wp-content\/uploads\/2018\/04\/casa_cuatro1-150x150.jpg 150w, https:\/\/www.arquimaster.com.ar\/web\/wp-content\/uploads\/2018\/04\/casa_cuatro1-50x50.jpg 50w, https:\/\/www.arquimaster.com.ar\/web\/wp-content\/uploads\/2018\/04\/casa_cuatro1-125x125.jpg 125w\" sizes=\"auto, (max-width: 150px) 100vw, 150px\" \/><\/a>\n\t\t\t<\/div>\n\t\t\t\t<figcaption class='wp-caption-text gallery-caption' id='gallery-1-29721'>\n\t\t\t\tCasa cuatro \/ Diego Jobell y Simara Deola Mello\n\t\t\t\t<\/figcaption><\/figure><figure class='gallery-item'>\n\t\t\t<div class='gallery-icon portrait'>\n\t\t\t\t<a href='https:\/\/www.arquimaster.com.ar\/web\/wp-content\/uploads\/2018\/04\/casa_cuatro2.jpg' title=\"Casa cuatro \/ Diego Jobell y Simara Deola Mello (\u00a9 Brasil imagens)\" data-rl_title=\"Casa cuatro \/ Diego Jobell y Simara Deola Mello (\u00a9 Brasil imagens)\" class=\"rl-gallery-link\" data-rl_caption=\"Casa cuatro \/ Diego Jobell y Simara Deola Mello (\u00a9 Brasil imagens)\" data-rel=\"lightbox-gallery-1\"><img loading=\"lazy\" decoding=\"async\" width=\"150\" height=\"150\" src=\"https:\/\/www.arquimaster.com.ar\/web\/wp-content\/uploads\/2018\/04\/casa_cuatro2-150x150.jpg\" class=\"attachment-thumbnail size-thumbnail\" alt=\"\" aria-describedby=\"gallery-1-29722\" srcset=\"https:\/\/www.arquimaster.com.ar\/web\/wp-content\/uploads\/2018\/04\/casa_cuatro2-150x150.jpg 150w, https:\/\/www.arquimaster.com.ar\/web\/wp-content\/uploads\/2018\/04\/casa_cuatro2-50x50.jpg 50w, https:\/\/www.arquimaster.com.ar\/web\/wp-content\/uploads\/2018\/04\/casa_cuatro2-125x125.jpg 125w\" sizes=\"auto, (max-width: 150px) 100vw, 150px\" \/><\/a>\n\t\t\t<\/div>\n\t\t\t\t<figcaption class='wp-caption-text gallery-caption' id='gallery-1-29722'>\n\t\t\t\tCasa cuatro \/ Diego Jobell y Simara Deola Mello (\u00a9 Brasil imagens)\n\t\t\t\t<\/figcaption><\/figure><figure class='gallery-item'>\n\t\t\t<div class='gallery-icon landscape'>\n\t\t\t\t<a href='https:\/\/www.arquimaster.com.ar\/web\/wp-content\/uploads\/2018\/04\/casa_cuatro3.jpg' title=\"Casa cuatro \/ Diego Jobell y Simara Deola Mello (\u00a9 Brasil imagens)\" data-rl_title=\"Casa cuatro \/ Diego Jobell y Simara Deola Mello (\u00a9 Brasil imagens)\" class=\"rl-gallery-link\" data-rl_caption=\"Casa cuatro \/ Diego Jobell y Simara Deola Mello (\u00a9 Brasil imagens)\" data-rel=\"lightbox-gallery-1\"><img loading=\"lazy\" decoding=\"async\" width=\"150\" height=\"150\" src=\"https:\/\/www.arquimaster.com.ar\/web\/wp-content\/uploads\/2018\/04\/casa_cuatro3-150x150.jpg\" class=\"attachment-thumbnail size-thumbnail\" alt=\"\" aria-describedby=\"gallery-1-29723\" srcset=\"https:\/\/www.arquimaster.com.ar\/web\/wp-content\/uploads\/2018\/04\/casa_cuatro3-150x150.jpg 150w, https:\/\/www.arquimaster.com.ar\/web\/wp-content\/uploads\/2018\/04\/casa_cuatro3-50x50.jpg 50w, https:\/\/www.arquimaster.com.ar\/web\/wp-content\/uploads\/2018\/04\/casa_cuatro3-125x125.jpg 125w\" sizes=\"auto, (max-width: 150px) 100vw, 150px\" \/><\/a>\n\t\t\t<\/div>\n\t\t\t\t<figcaption class='wp-caption-text gallery-caption' id='gallery-1-29723'>\n\t\t\t\tCasa cuatro \/ Diego Jobell y Simara Deola Mello (\u00a9 Brasil imagens)\n\t\t\t\t<\/figcaption><\/figure><figure class='gallery-item'>\n\t\t\t<div class='gallery-icon portrait'>\n\t\t\t\t<a href='https:\/\/www.arquimaster.com.ar\/web\/wp-content\/uploads\/2018\/04\/casa_cuatro4.jpg' title=\"Casa cuatro \/ Diego Jobell y Simara Deola Mello (\u00a9 Brasil imagens)\" data-rl_title=\"Casa cuatro \/ Diego Jobell y Simara Deola Mello (\u00a9 Brasil imagens)\" class=\"rl-gallery-link\" data-rl_caption=\"Casa cuatro \/ Diego Jobell y Simara Deola Mello (\u00a9 Brasil imagens)\" data-rel=\"lightbox-gallery-1\"><img loading=\"lazy\" decoding=\"async\" width=\"150\" height=\"150\" src=\"https:\/\/www.arquimaster.com.ar\/web\/wp-content\/uploads\/2018\/04\/casa_cuatro4-150x150.jpg\" class=\"attachment-thumbnail size-thumbnail\" alt=\"\" aria-describedby=\"gallery-1-29724\" srcset=\"https:\/\/www.arquimaster.com.ar\/web\/wp-content\/uploads\/2018\/04\/casa_cuatro4-150x150.jpg 150w, https:\/\/www.arquimaster.com.ar\/web\/wp-content\/uploads\/2018\/04\/casa_cuatro4-50x50.jpg 50w, https:\/\/www.arquimaster.com.ar\/web\/wp-content\/uploads\/2018\/04\/casa_cuatro4-125x125.jpg 125w\" sizes=\"auto, (max-width: 150px) 100vw, 150px\" \/><\/a>\n\t\t\t<\/div>\n\t\t\t\t<figcaption class='wp-caption-text gallery-caption' id='gallery-1-29724'>\n\t\t\t\tCasa cuatro \/ Diego Jobell y Simara Deola Mello (\u00a9 Brasil imagens)\n\t\t\t\t<\/figcaption><\/figure><figure class='gallery-item'>\n\t\t\t<div class='gallery-icon landscape'>\n\t\t\t\t<a href='https:\/\/www.arquimaster.com.ar\/web\/wp-content\/uploads\/2018\/04\/casa_cuatro5.jpg' title=\"Casa cuatro \/ Diego Jobell y Simara Deola Mello (\u00a9 Brasil imagens)\" data-rl_title=\"Casa cuatro \/ Diego Jobell y Simara Deola Mello (\u00a9 Brasil imagens)\" class=\"rl-gallery-link\" data-rl_caption=\"Casa cuatro \/ Diego Jobell y Simara Deola Mello (\u00a9 Brasil imagens)\" data-rel=\"lightbox-gallery-1\"><img loading=\"lazy\" decoding=\"async\" width=\"150\" height=\"150\" src=\"https:\/\/www.arquimaster.com.ar\/web\/wp-content\/uploads\/2018\/04\/casa_cuatro5-150x150.jpg\" class=\"attachment-thumbnail size-thumbnail\" alt=\"\" aria-describedby=\"gallery-1-29725\" srcset=\"https:\/\/www.arquimaster.com.ar\/web\/wp-content\/uploads\/2018\/04\/casa_cuatro5-150x150.jpg 150w, https:\/\/www.arquimaster.com.ar\/web\/wp-content\/uploads\/2018\/04\/casa_cuatro5-50x50.jpg 50w, https:\/\/www.arquimaster.com.ar\/web\/wp-content\/uploads\/2018\/04\/casa_cuatro5-125x125.jpg 125w\" sizes=\"auto, (max-width: 150px) 100vw, 150px\" \/><\/a>\n\t\t\t<\/div>\n\t\t\t\t<figcaption class='wp-caption-text gallery-caption' id='gallery-1-29725'>\n\t\t\t\tCasa cuatro \/ Diego Jobell y Simara Deola Mello (\u00a9 Brasil imagens)\n\t\t\t\t<\/figcaption><\/figure><figure class='gallery-item'>\n\t\t\t<div class='gallery-icon landscape'>\n\t\t\t\t<a href='https:\/\/www.arquimaster.com.ar\/web\/wp-content\/uploads\/2018\/04\/casa_cuatro6.jpg' title=\"Casa cuatro \/ Diego Jobell y Simara Deola Mello (\u00a9 Brasil imagens)\" data-rl_title=\"Casa cuatro \/ Diego Jobell y Simara Deola Mello (\u00a9 Brasil imagens)\" class=\"rl-gallery-link\" data-rl_caption=\"Casa cuatro \/ Diego Jobell y Simara Deola Mello (\u00a9 Brasil imagens)\" data-rel=\"lightbox-gallery-1\"><img loading=\"lazy\" decoding=\"async\" width=\"150\" height=\"150\" src=\"https:\/\/www.arquimaster.com.ar\/web\/wp-content\/uploads\/2018\/04\/casa_cuatro6-150x150.jpg\" class=\"attachment-thumbnail size-thumbnail\" alt=\"\" aria-describedby=\"gallery-1-29726\" srcset=\"https:\/\/www.arquimaster.com.ar\/web\/wp-content\/uploads\/2018\/04\/casa_cuatro6-150x150.jpg 150w, https:\/\/www.arquimaster.com.ar\/web\/wp-content\/uploads\/2018\/04\/casa_cuatro6-50x50.jpg 50w, https:\/\/www.arquimaster.com.ar\/web\/wp-content\/uploads\/2018\/04\/casa_cuatro6-125x125.jpg 125w\" sizes=\"auto, (max-width: 150px) 100vw, 150px\" \/><\/a>\n\t\t\t<\/div>\n\t\t\t\t<figcaption class='wp-caption-text gallery-caption' id='gallery-1-29726'>\n\t\t\t\tCasa cuatro \/ Diego Jobell y Simara Deola Mello (\u00a9 Brasil imagens)\n\t\t\t\t<\/figcaption><\/figure><figure class='gallery-item'>\n\t\t\t<div class='gallery-icon landscape'>\n\t\t\t\t<a href='https:\/\/www.arquimaster.com.ar\/web\/wp-content\/uploads\/2018\/04\/casa_cuatro7.jpg' title=\"Casa cuatro \/ Diego Jobell y Simara Deola Mello (\u00a9 Brasil imagens)\" data-rl_title=\"Casa cuatro \/ Diego Jobell y Simara Deola Mello (\u00a9 Brasil imagens)\" class=\"rl-gallery-link\" data-rl_caption=\"Casa cuatro \/ Diego Jobell y Simara Deola Mello (\u00a9 Brasil imagens)\" data-rel=\"lightbox-gallery-1\"><img loading=\"lazy\" decoding=\"async\" width=\"150\" height=\"150\" src=\"https:\/\/www.arquimaster.com.ar\/web\/wp-content\/uploads\/2018\/04\/casa_cuatro7-150x150.jpg\" class=\"attachment-thumbnail size-thumbnail\" alt=\"\" aria-describedby=\"gallery-1-29727\" srcset=\"https:\/\/www.arquimaster.com.ar\/web\/wp-content\/uploads\/2018\/04\/casa_cuatro7-150x150.jpg 150w, https:\/\/www.arquimaster.com.ar\/web\/wp-content\/uploads\/2018\/04\/casa_cuatro7-50x50.jpg 50w, https:\/\/www.arquimaster.com.ar\/web\/wp-content\/uploads\/2018\/04\/casa_cuatro7-125x125.jpg 125w\" sizes=\"auto, (max-width: 150px) 100vw, 150px\" \/><\/a>\n\t\t\t<\/div>\n\t\t\t\t<figcaption class='wp-caption-text gallery-caption' id='gallery-1-29727'>\n\t\t\t\tCasa cuatro \/ Diego Jobell y Simara Deola Mello (\u00a9 Brasil imagens)\n\t\t\t\t<\/figcaption><\/figure><figure class='gallery-item'>\n\t\t\t<div class='gallery-icon landscape'>\n\t\t\t\t<a href='https:\/\/www.arquimaster.com.ar\/web\/wp-content\/uploads\/2018\/04\/casa_cuatro8.jpg' title=\"Casa cuatro \/ Diego Jobell y Simara Deola Mello (\u00a9 Brasil imagens)\" data-rl_title=\"Casa cuatro \/ Diego Jobell y Simara Deola Mello (\u00a9 Brasil imagens)\" class=\"rl-gallery-link\" data-rl_caption=\"Casa cuatro \/ Diego Jobell y Simara Deola Mello (\u00a9 Brasil imagens)\" data-rel=\"lightbox-gallery-1\"><img loading=\"lazy\" decoding=\"async\" width=\"150\" height=\"150\" src=\"https:\/\/www.arquimaster.com.ar\/web\/wp-content\/uploads\/2018\/04\/casa_cuatro8-150x150.jpg\" class=\"attachment-thumbnail size-thumbnail\" alt=\"\" aria-describedby=\"gallery-1-29728\" srcset=\"https:\/\/www.arquimaster.com.ar\/web\/wp-content\/uploads\/2018\/04\/casa_cuatro8-150x150.jpg 150w, https:\/\/www.arquimaster.com.ar\/web\/wp-content\/uploads\/2018\/04\/casa_cuatro8-50x50.jpg 50w, https:\/\/www.arquimaster.com.ar\/web\/wp-content\/uploads\/2018\/04\/casa_cuatro8-125x125.jpg 125w\" sizes=\"auto, (max-width: 150px) 100vw, 150px\" \/><\/a>\n\t\t\t<\/div>\n\t\t\t\t<figcaption class='wp-caption-text gallery-caption' id='gallery-1-29728'>\n\t\t\t\tCasa cuatro \/ Diego Jobell y Simara Deola Mello (\u00a9 Brasil imagens)\n\t\t\t\t<\/figcaption><\/figure><figure class='gallery-item'>\n\t\t\t<div class='gallery-icon landscape'>\n\t\t\t\t<a href='https:\/\/www.arquimaster.com.ar\/web\/wp-content\/uploads\/2018\/04\/casa_cuatro9.jpg' title=\"Casa cuatro \/ Diego Jobell y Simara Deola Mello (\u00a9 Brasil imagens)\" data-rl_title=\"Casa cuatro \/ Diego Jobell y Simara Deola Mello (\u00a9 Brasil imagens)\" class=\"rl-gallery-link\" data-rl_caption=\"Casa cuatro \/ Diego Jobell y Simara Deola Mello (\u00a9 Brasil imagens)\" data-rel=\"lightbox-gallery-1\"><img loading=\"lazy\" decoding=\"async\" width=\"150\" height=\"150\" src=\"https:\/\/www.arquimaster.com.ar\/web\/wp-content\/uploads\/2018\/04\/casa_cuatro9-150x150.jpg\" class=\"attachment-thumbnail size-thumbnail\" alt=\"\" aria-describedby=\"gallery-1-29729\" srcset=\"https:\/\/www.arquimaster.com.ar\/web\/wp-content\/uploads\/2018\/04\/casa_cuatro9-150x150.jpg 150w, https:\/\/www.arquimaster.com.ar\/web\/wp-content\/uploads\/2018\/04\/casa_cuatro9-50x50.jpg 50w, https:\/\/www.arquimaster.com.ar\/web\/wp-content\/uploads\/2018\/04\/casa_cuatro9-125x125.jpg 125w\" sizes=\"auto, (max-width: 150px) 100vw, 150px\" \/><\/a>\n\t\t\t<\/div>\n\t\t\t\t<figcaption class='wp-caption-text gallery-caption' id='gallery-1-29729'>\n\t\t\t\tCasa cuatro \/ Diego Jobell y Simara Deola Mello (\u00a9 Brasil imagens)\n\t\t\t\t<\/figcaption><\/figure><figure class='gallery-item'>\n\t\t\t<div class='gallery-icon portrait'>\n\t\t\t\t<a href='https:\/\/www.arquimaster.com.ar\/web\/wp-content\/uploads\/2018\/04\/casa_cuatro10.jpg' title=\"Casa cuatro \/ Diego Jobell y Simara Deola Mello (\u00a9 Brasil imagens)\" data-rl_title=\"Casa cuatro \/ Diego Jobell y Simara Deola Mello (\u00a9 Brasil imagens)\" class=\"rl-gallery-link\" data-rl_caption=\"Casa cuatro \/ Diego Jobell y Simara Deola Mello (\u00a9 Brasil imagens)\" data-rel=\"lightbox-gallery-1\"><img loading=\"lazy\" decoding=\"async\" width=\"150\" height=\"150\" src=\"https:\/\/www.arquimaster.com.ar\/web\/wp-content\/uploads\/2018\/04\/casa_cuatro10-150x150.jpg\" class=\"attachment-thumbnail size-thumbnail\" alt=\"\" aria-describedby=\"gallery-1-29730\" srcset=\"https:\/\/www.arquimaster.com.ar\/web\/wp-content\/uploads\/2018\/04\/casa_cuatro10-150x150.jpg 150w, https:\/\/www.arquimaster.com.ar\/web\/wp-content\/uploads\/2018\/04\/casa_cuatro10-50x50.jpg 50w, https:\/\/www.arquimaster.com.ar\/web\/wp-content\/uploads\/2018\/04\/casa_cuatro10-125x125.jpg 125w\" sizes=\"auto, (max-width: 150px) 100vw, 150px\" \/><\/a>\n\t\t\t<\/div>\n\t\t\t\t<figcaption class='wp-caption-text gallery-caption' id='gallery-1-29730'>\n\t\t\t\tCasa cuatro \/ Diego Jobell y Simara Deola Mello (\u00a9 Brasil imagens)\n\t\t\t\t<\/figcaption><\/figure><figure class='gallery-item'>\n\t\t\t<div class='gallery-icon portrait'>\n\t\t\t\t<a href='https:\/\/www.arquimaster.com.ar\/web\/wp-content\/uploads\/2018\/04\/casa_cuatro11.jpg' title=\"Casa cuatro \/ Diego Jobell y Simara Deola Mello (\u00a9 Brasil imagens)\" data-rl_title=\"Casa cuatro \/ Diego Jobell y Simara Deola Mello (\u00a9 Brasil imagens)\" class=\"rl-gallery-link\" data-rl_caption=\"Casa cuatro \/ Diego Jobell y Simara Deola Mello (\u00a9 Brasil imagens)\" data-rel=\"lightbox-gallery-1\"><img loading=\"lazy\" decoding=\"async\" width=\"150\" height=\"150\" src=\"https:\/\/www.arquimaster.com.ar\/web\/wp-content\/uploads\/2018\/04\/casa_cuatro11-150x150.jpg\" class=\"attachment-thumbnail size-thumbnail\" alt=\"\" aria-describedby=\"gallery-1-29731\" srcset=\"https:\/\/www.arquimaster.com.ar\/web\/wp-content\/uploads\/2018\/04\/casa_cuatro11-150x150.jpg 150w, https:\/\/www.arquimaster.com.ar\/web\/wp-content\/uploads\/2018\/04\/casa_cuatro11-50x50.jpg 50w, https:\/\/www.arquimaster.com.ar\/web\/wp-content\/uploads\/2018\/04\/casa_cuatro11-125x125.jpg 125w\" sizes=\"auto, (max-width: 150px) 100vw, 150px\" \/><\/a>\n\t\t\t<\/div>\n\t\t\t\t<figcaption class='wp-caption-text gallery-caption' id='gallery-1-29731'>\n\t\t\t\tCasa cuatro \/ Diego Jobell y Simara Deola Mello (\u00a9 Brasil imagens)\n\t\t\t\t<\/figcaption><\/figure><figure class='gallery-item'>\n\t\t\t<div class='gallery-icon landscape'>\n\t\t\t\t<a href='https:\/\/www.arquimaster.com.ar\/web\/wp-content\/uploads\/2018\/04\/casa_cuatro12.jpg' title=\"Casa cuatro \/ Diego Jobell y Simara Deola Mello (\u00a9 Brasil imagens)\" data-rl_title=\"Casa cuatro \/ Diego Jobell y Simara Deola Mello (\u00a9 Brasil imagens)\" class=\"rl-gallery-link\" data-rl_caption=\"Casa cuatro \/ Diego Jobell y Simara Deola Mello (\u00a9 Brasil imagens)\" data-rel=\"lightbox-gallery-1\"><img loading=\"lazy\" decoding=\"async\" width=\"150\" height=\"150\" src=\"https:\/\/www.arquimaster.com.ar\/web\/wp-content\/uploads\/2018\/04\/casa_cuatro12-150x150.jpg\" class=\"attachment-thumbnail size-thumbnail\" alt=\"\" aria-describedby=\"gallery-1-29732\" srcset=\"https:\/\/www.arquimaster.com.ar\/web\/wp-content\/uploads\/2018\/04\/casa_cuatro12-150x150.jpg 150w, https:\/\/www.arquimaster.com.ar\/web\/wp-content\/uploads\/2018\/04\/casa_cuatro12-50x50.jpg 50w, https:\/\/www.arquimaster.com.ar\/web\/wp-content\/uploads\/2018\/04\/casa_cuatro12-125x125.jpg 125w\" sizes=\"auto, (max-width: 150px) 100vw, 150px\" \/><\/a>\n\t\t\t<\/div>\n\t\t\t\t<figcaption class='wp-caption-text gallery-caption' id='gallery-1-29732'>\n\t\t\t\tCasa cuatro \/ Diego Jobell y Simara Deola Mello (\u00a9 Brasil imagens)\n\t\t\t\t<\/figcaption><\/figure>\n\t\t<\/div>\n\n<p>El clima h\u00famedo y el sol rabioso durante el d\u00eda, hacen del lugar un para\u00edso natural en donde se respira el salitre del mar con su aroma tan particular.<\/p>\n<p>Dentro de este marco, emerge la Casa cuatro, blanca, de l\u00edneas puras contrastando con el verde invasivo, salvaje, pero prolijo de la naturaleza de Itapema.<\/p>\n<div id='gallery-2' class='gallery galleryid-29719 gallery-columns-3 gallery-size-thumbnail'><figure class='gallery-item'>\n\t\t\t<div class='gallery-icon portrait'>\n\t\t\t\t<a href='https:\/\/www.arquimaster.com.ar\/web\/wp-content\/uploads\/2018\/04\/casa_cuatro13.jpg' title=\"Casa cuatro \/ Diego Jobell y Simara Deola Mello (\u00a9 Brasil imagens)\" data-rl_title=\"Casa cuatro \/ Diego Jobell y Simara Deola Mello (\u00a9 Brasil imagens)\" class=\"rl-gallery-link\" data-rl_caption=\"Casa cuatro \/ Diego Jobell y Simara Deola Mello (\u00a9 Brasil imagens)\" data-rel=\"lightbox-gallery-2\"><img loading=\"lazy\" decoding=\"async\" width=\"150\" height=\"150\" src=\"https:\/\/www.arquimaster.com.ar\/web\/wp-content\/uploads\/2018\/04\/casa_cuatro13-150x150.jpg\" class=\"attachment-thumbnail size-thumbnail\" alt=\"\" aria-describedby=\"gallery-2-29733\" srcset=\"https:\/\/www.arquimaster.com.ar\/web\/wp-content\/uploads\/2018\/04\/casa_cuatro13-150x150.jpg 150w, https:\/\/www.arquimaster.com.ar\/web\/wp-content\/uploads\/2018\/04\/casa_cuatro13-50x50.jpg 50w, https:\/\/www.arquimaster.com.ar\/web\/wp-content\/uploads\/2018\/04\/casa_cuatro13-125x125.jpg 125w\" sizes=\"auto, (max-width: 150px) 100vw, 150px\" \/><\/a>\n\t\t\t<\/div>\n\t\t\t\t<figcaption class='wp-caption-text gallery-caption' id='gallery-2-29733'>\n\t\t\t\tCasa cuatro \/ Diego Jobell y Simara Deola Mello (\u00a9 Brasil imagens)\n\t\t\t\t<\/figcaption><\/figure><figure class='gallery-item'>\n\t\t\t<div class='gallery-icon portrait'>\n\t\t\t\t<a href='https:\/\/www.arquimaster.com.ar\/web\/wp-content\/uploads\/2018\/04\/casa_cuatro14.jpg' title=\"Casa cuatro \/ Diego Jobell y Simara Deola Mello (\u00a9 Brasil imagens)\" data-rl_title=\"Casa cuatro \/ Diego Jobell y Simara Deola Mello (\u00a9 Brasil imagens)\" class=\"rl-gallery-link\" data-rl_caption=\"Casa cuatro \/ Diego Jobell y Simara Deola Mello (\u00a9 Brasil imagens)\" data-rel=\"lightbox-gallery-2\"><img loading=\"lazy\" decoding=\"async\" width=\"150\" height=\"150\" src=\"https:\/\/www.arquimaster.com.ar\/web\/wp-content\/uploads\/2018\/04\/casa_cuatro14-150x150.jpg\" class=\"attachment-thumbnail size-thumbnail\" alt=\"\" aria-describedby=\"gallery-2-29734\" srcset=\"https:\/\/www.arquimaster.com.ar\/web\/wp-content\/uploads\/2018\/04\/casa_cuatro14-150x150.jpg 150w, https:\/\/www.arquimaster.com.ar\/web\/wp-content\/uploads\/2018\/04\/casa_cuatro14-50x50.jpg 50w, https:\/\/www.arquimaster.com.ar\/web\/wp-content\/uploads\/2018\/04\/casa_cuatro14-125x125.jpg 125w\" sizes=\"auto, (max-width: 150px) 100vw, 150px\" \/><\/a>\n\t\t\t<\/div>\n\t\t\t\t<figcaption class='wp-caption-text gallery-caption' id='gallery-2-29734'>\n\t\t\t\tCasa cuatro \/ Diego Jobell y Simara Deola Mello (\u00a9 Brasil imagens)\n\t\t\t\t<\/figcaption><\/figure><figure class='gallery-item'>\n\t\t\t<div class='gallery-icon portrait'>\n\t\t\t\t<a href='https:\/\/www.arquimaster.com.ar\/web\/wp-content\/uploads\/2018\/04\/casa_cuatro15.jpg' title=\"Casa cuatro \/ Diego Jobell y Simara Deola Mello (\u00a9 Brasil imagens)\" data-rl_title=\"Casa cuatro \/ Diego Jobell y Simara Deola Mello (\u00a9 Brasil imagens)\" class=\"rl-gallery-link\" data-rl_caption=\"Casa cuatro \/ Diego Jobell y Simara Deola Mello (\u00a9 Brasil imagens)\" data-rel=\"lightbox-gallery-2\"><img loading=\"lazy\" decoding=\"async\" width=\"150\" height=\"150\" src=\"https:\/\/www.arquimaster.com.ar\/web\/wp-content\/uploads\/2018\/04\/casa_cuatro15-150x150.jpg\" class=\"attachment-thumbnail size-thumbnail\" alt=\"\" aria-describedby=\"gallery-2-29735\" srcset=\"https:\/\/www.arquimaster.com.ar\/web\/wp-content\/uploads\/2018\/04\/casa_cuatro15-150x150.jpg 150w, https:\/\/www.arquimaster.com.ar\/web\/wp-content\/uploads\/2018\/04\/casa_cuatro15-50x50.jpg 50w, https:\/\/www.arquimaster.com.ar\/web\/wp-content\/uploads\/2018\/04\/casa_cuatro15-125x125.jpg 125w\" sizes=\"auto, (max-width: 150px) 100vw, 150px\" \/><\/a>\n\t\t\t<\/div>\n\t\t\t\t<figcaption class='wp-caption-text gallery-caption' id='gallery-2-29735'>\n\t\t\t\tCasa cuatro \/ Diego Jobell y Simara Deola Mello (\u00a9 Brasil imagens)\n\t\t\t\t<\/figcaption><\/figure><figure class='gallery-item'>\n\t\t\t<div class='gallery-icon landscape'>\n\t\t\t\t<a href='https:\/\/www.arquimaster.com.ar\/web\/wp-content\/uploads\/2018\/04\/casa_cuatro16.jpg' title=\"Casa cuatro \/ Diego Jobell y Simara Deola Mello (\u00a9 Brasil imagens)\" data-rl_title=\"Casa cuatro \/ Diego Jobell y Simara Deola Mello (\u00a9 Brasil imagens)\" class=\"rl-gallery-link\" data-rl_caption=\"Casa cuatro \/ Diego Jobell y Simara Deola Mello (\u00a9 Brasil imagens)\" data-rel=\"lightbox-gallery-2\"><img loading=\"lazy\" decoding=\"async\" width=\"150\" height=\"150\" src=\"https:\/\/www.arquimaster.com.ar\/web\/wp-content\/uploads\/2018\/04\/casa_cuatro16-150x150.jpg\" class=\"attachment-thumbnail size-thumbnail\" alt=\"\" aria-describedby=\"gallery-2-29736\" srcset=\"https:\/\/www.arquimaster.com.ar\/web\/wp-content\/uploads\/2018\/04\/casa_cuatro16-150x150.jpg 150w, https:\/\/www.arquimaster.com.ar\/web\/wp-content\/uploads\/2018\/04\/casa_cuatro16-50x50.jpg 50w, https:\/\/www.arquimaster.com.ar\/web\/wp-content\/uploads\/2018\/04\/casa_cuatro16-125x125.jpg 125w\" sizes=\"auto, (max-width: 150px) 100vw, 150px\" \/><\/a>\n\t\t\t<\/div>\n\t\t\t\t<figcaption class='wp-caption-text gallery-caption' id='gallery-2-29736'>\n\t\t\t\tCasa cuatro \/ Diego Jobell y Simara Deola Mello (\u00a9 Brasil imagens)\n\t\t\t\t<\/figcaption><\/figure><figure class='gallery-item'>\n\t\t\t<div class='gallery-icon portrait'>\n\t\t\t\t<a href='https:\/\/www.arquimaster.com.ar\/web\/wp-content\/uploads\/2018\/04\/casa_cuatro17.jpg' title=\"Casa cuatro \/ Diego Jobell y Simara Deola Mello (\u00a9 Brasil imagens)\" data-rl_title=\"Casa cuatro \/ Diego Jobell y Simara Deola Mello (\u00a9 Brasil imagens)\" class=\"rl-gallery-link\" data-rl_caption=\"Casa cuatro \/ Diego Jobell y Simara Deola Mello (\u00a9 Brasil imagens)\" data-rel=\"lightbox-gallery-2\"><img loading=\"lazy\" decoding=\"async\" width=\"150\" height=\"150\" src=\"https:\/\/www.arquimaster.com.ar\/web\/wp-content\/uploads\/2018\/04\/casa_cuatro17-150x150.jpg\" class=\"attachment-thumbnail size-thumbnail\" alt=\"\" aria-describedby=\"gallery-2-29737\" srcset=\"https:\/\/www.arquimaster.com.ar\/web\/wp-content\/uploads\/2018\/04\/casa_cuatro17-150x150.jpg 150w, https:\/\/www.arquimaster.com.ar\/web\/wp-content\/uploads\/2018\/04\/casa_cuatro17-50x50.jpg 50w, https:\/\/www.arquimaster.com.ar\/web\/wp-content\/uploads\/2018\/04\/casa_cuatro17-125x125.jpg 125w\" sizes=\"auto, (max-width: 150px) 100vw, 150px\" \/><\/a>\n\t\t\t<\/div>\n\t\t\t\t<figcaption class='wp-caption-text gallery-caption' id='gallery-2-29737'>\n\t\t\t\tCasa cuatro \/ Diego Jobell y Simara Deola Mello (\u00a9 Brasil imagens)\n\t\t\t\t<\/figcaption><\/figure><figure class='gallery-item'>\n\t\t\t<div class='gallery-icon portrait'>\n\t\t\t\t<a href='https:\/\/www.arquimaster.com.ar\/web\/wp-content\/uploads\/2018\/04\/casa_cuatro18.jpg' title=\"Casa cuatro \/ Diego Jobell y Simara Deola Mello (\u00a9 Brasil imagens)\" data-rl_title=\"Casa cuatro \/ Diego Jobell y Simara Deola Mello (\u00a9 Brasil imagens)\" class=\"rl-gallery-link\" data-rl_caption=\"Casa cuatro \/ Diego Jobell y Simara Deola Mello (\u00a9 Brasil imagens)\" data-rel=\"lightbox-gallery-2\"><img loading=\"lazy\" decoding=\"async\" width=\"150\" height=\"150\" src=\"https:\/\/www.arquimaster.com.ar\/web\/wp-content\/uploads\/2018\/04\/casa_cuatro18-150x150.jpg\" class=\"attachment-thumbnail size-thumbnail\" alt=\"\" aria-describedby=\"gallery-2-29738\" srcset=\"https:\/\/www.arquimaster.com.ar\/web\/wp-content\/uploads\/2018\/04\/casa_cuatro18-150x150.jpg 150w, https:\/\/www.arquimaster.com.ar\/web\/wp-content\/uploads\/2018\/04\/casa_cuatro18-50x50.jpg 50w, https:\/\/www.arquimaster.com.ar\/web\/wp-content\/uploads\/2018\/04\/casa_cuatro18-125x125.jpg 125w\" sizes=\"auto, (max-width: 150px) 100vw, 150px\" \/><\/a>\n\t\t\t<\/div>\n\t\t\t\t<figcaption class='wp-caption-text gallery-caption' id='gallery-2-29738'>\n\t\t\t\tCasa cuatro \/ Diego Jobell y Simara Deola Mello (\u00a9 Brasil imagens)\n\t\t\t\t<\/figcaption><\/figure><figure class='gallery-item'>\n\t\t\t<div class='gallery-icon portrait'>\n\t\t\t\t<a href='https:\/\/www.arquimaster.com.ar\/web\/wp-content\/uploads\/2018\/04\/casa_cuatro19.jpg' title=\"Casa cuatro \/ Diego Jobell y Simara Deola Mello (\u00a9 Brasil imagens)\" data-rl_title=\"Casa cuatro \/ Diego Jobell y Simara Deola Mello (\u00a9 Brasil imagens)\" class=\"rl-gallery-link\" data-rl_caption=\"Casa cuatro \/ Diego Jobell y Simara Deola Mello (\u00a9 Brasil imagens)\" data-rel=\"lightbox-gallery-2\"><img loading=\"lazy\" decoding=\"async\" width=\"150\" height=\"150\" src=\"https:\/\/www.arquimaster.com.ar\/web\/wp-content\/uploads\/2018\/04\/casa_cuatro19-150x150.jpg\" class=\"attachment-thumbnail size-thumbnail\" alt=\"\" aria-describedby=\"gallery-2-29739\" srcset=\"https:\/\/www.arquimaster.com.ar\/web\/wp-content\/uploads\/2018\/04\/casa_cuatro19-150x150.jpg 150w, https:\/\/www.arquimaster.com.ar\/web\/wp-content\/uploads\/2018\/04\/casa_cuatro19-50x50.jpg 50w, https:\/\/www.arquimaster.com.ar\/web\/wp-content\/uploads\/2018\/04\/casa_cuatro19-125x125.jpg 125w\" sizes=\"auto, (max-width: 150px) 100vw, 150px\" \/><\/a>\n\t\t\t<\/div>\n\t\t\t\t<figcaption class='wp-caption-text gallery-caption' id='gallery-2-29739'>\n\t\t\t\tCasa cuatro \/ Diego Jobell y Simara Deola Mello (\u00a9 Brasil imagens)\n\t\t\t\t<\/figcaption><\/figure><figure class='gallery-item'>\n\t\t\t<div class='gallery-icon portrait'>\n\t\t\t\t<a href='https:\/\/www.arquimaster.com.ar\/web\/wp-content\/uploads\/2018\/04\/casa_cuatro20.jpg' title=\"Casa cuatro \/ Diego Jobell y Simara Deola Mello (\u00a9 Brasil imagens)\" data-rl_title=\"Casa cuatro \/ Diego Jobell y Simara Deola Mello (\u00a9 Brasil imagens)\" class=\"rl-gallery-link\" data-rl_caption=\"Casa cuatro \/ Diego Jobell y Simara Deola Mello (\u00a9 Brasil imagens)\" data-rel=\"lightbox-gallery-2\"><img loading=\"lazy\" decoding=\"async\" width=\"150\" height=\"150\" src=\"https:\/\/www.arquimaster.com.ar\/web\/wp-content\/uploads\/2018\/04\/casa_cuatro20-150x150.jpg\" class=\"attachment-thumbnail size-thumbnail\" alt=\"\" aria-describedby=\"gallery-2-29740\" srcset=\"https:\/\/www.arquimaster.com.ar\/web\/wp-content\/uploads\/2018\/04\/casa_cuatro20-150x150.jpg 150w, https:\/\/www.arquimaster.com.ar\/web\/wp-content\/uploads\/2018\/04\/casa_cuatro20-50x50.jpg 50w, https:\/\/www.arquimaster.com.ar\/web\/wp-content\/uploads\/2018\/04\/casa_cuatro20-125x125.jpg 125w\" sizes=\"auto, (max-width: 150px) 100vw, 150px\" \/><\/a>\n\t\t\t<\/div>\n\t\t\t\t<figcaption class='wp-caption-text gallery-caption' id='gallery-2-29740'>\n\t\t\t\tCasa cuatro \/ Diego Jobell y Simara Deola Mello (\u00a9 Brasil imagens)\n\t\t\t\t<\/figcaption><\/figure><figure class='gallery-item'>\n\t\t\t<div class='gallery-icon landscape'>\n\t\t\t\t<a href='https:\/\/www.arquimaster.com.ar\/web\/wp-content\/uploads\/2018\/04\/casa_cuatro21.jpg' title=\"Casa cuatro \/ Diego Jobell y Simara Deola Mello\" data-rl_title=\"Casa cuatro \/ Diego Jobell y Simara Deola Mello\" class=\"rl-gallery-link\" data-rl_caption=\"Casa cuatro \/ Diego Jobell y Simara Deola Mello\" data-rel=\"lightbox-gallery-2\"><img loading=\"lazy\" decoding=\"async\" width=\"150\" height=\"150\" src=\"https:\/\/www.arquimaster.com.ar\/web\/wp-content\/uploads\/2018\/04\/casa_cuatro21-150x150.jpg\" class=\"attachment-thumbnail size-thumbnail\" alt=\"\" aria-describedby=\"gallery-2-29741\" srcset=\"https:\/\/www.arquimaster.com.ar\/web\/wp-content\/uploads\/2018\/04\/casa_cuatro21-150x150.jpg 150w, https:\/\/www.arquimaster.com.ar\/web\/wp-content\/uploads\/2018\/04\/casa_cuatro21-50x50.jpg 50w, https:\/\/www.arquimaster.com.ar\/web\/wp-content\/uploads\/2018\/04\/casa_cuatro21-125x125.jpg 125w\" sizes=\"auto, (max-width: 150px) 100vw, 150px\" \/><\/a>\n\t\t\t<\/div>\n\t\t\t\t<figcaption class='wp-caption-text gallery-caption' id='gallery-2-29741'>\n\t\t\t\tCasa cuatro \/ Diego Jobell y Simara Deola Mello\n\t\t\t\t<\/figcaption><\/figure><figure class='gallery-item'>\n\t\t\t<div class='gallery-icon landscape'>\n\t\t\t\t<a href='https:\/\/www.arquimaster.com.ar\/web\/wp-content\/uploads\/2018\/04\/casa_cuatro22.jpg' title=\"Casa cuatro \/ Diego Jobell y Simara Deola Mello\" data-rl_title=\"Casa cuatro \/ Diego Jobell y Simara Deola Mello\" class=\"rl-gallery-link\" data-rl_caption=\"Casa cuatro \/ Diego Jobell y Simara Deola Mello\" data-rel=\"lightbox-gallery-2\"><img loading=\"lazy\" decoding=\"async\" width=\"150\" height=\"150\" src=\"https:\/\/www.arquimaster.com.ar\/web\/wp-content\/uploads\/2018\/04\/casa_cuatro22-150x150.jpg\" class=\"attachment-thumbnail size-thumbnail\" alt=\"\" aria-describedby=\"gallery-2-29742\" srcset=\"https:\/\/www.arquimaster.com.ar\/web\/wp-content\/uploads\/2018\/04\/casa_cuatro22-150x150.jpg 150w, https:\/\/www.arquimaster.com.ar\/web\/wp-content\/uploads\/2018\/04\/casa_cuatro22-50x50.jpg 50w, https:\/\/www.arquimaster.com.ar\/web\/wp-content\/uploads\/2018\/04\/casa_cuatro22-125x125.jpg 125w\" sizes=\"auto, (max-width: 150px) 100vw, 150px\" \/><\/a>\n\t\t\t<\/div>\n\t\t\t\t<figcaption class='wp-caption-text gallery-caption' id='gallery-2-29742'>\n\t\t\t\tCasa cuatro \/ Diego Jobell y Simara Deola Mello\n\t\t\t\t<\/figcaption><\/figure><figure class='gallery-item'>\n\t\t\t<div class='gallery-icon landscape'>\n\t\t\t\t<a href='https:\/\/www.arquimaster.com.ar\/web\/wp-content\/uploads\/2018\/04\/casa_cuatro23.jpg' title=\"Casa cuatro \/ Diego Jobell y Simara Deola Mello\" data-rl_title=\"Casa cuatro \/ Diego Jobell y Simara Deola Mello\" class=\"rl-gallery-link\" data-rl_caption=\"Casa cuatro \/ Diego Jobell y Simara Deola Mello\" data-rel=\"lightbox-gallery-2\"><img loading=\"lazy\" decoding=\"async\" width=\"150\" height=\"150\" src=\"https:\/\/www.arquimaster.com.ar\/web\/wp-content\/uploads\/2018\/04\/casa_cuatro23-150x150.jpg\" class=\"attachment-thumbnail size-thumbnail\" alt=\"\" aria-describedby=\"gallery-2-29743\" srcset=\"https:\/\/www.arquimaster.com.ar\/web\/wp-content\/uploads\/2018\/04\/casa_cuatro23-150x150.jpg 150w, https:\/\/www.arquimaster.com.ar\/web\/wp-content\/uploads\/2018\/04\/casa_cuatro23-50x50.jpg 50w, https:\/\/www.arquimaster.com.ar\/web\/wp-content\/uploads\/2018\/04\/casa_cuatro23-125x125.jpg 125w\" sizes=\"auto, (max-width: 150px) 100vw, 150px\" \/><\/a>\n\t\t\t<\/div>\n\t\t\t\t<figcaption class='wp-caption-text gallery-caption' id='gallery-2-29743'>\n\t\t\t\tCasa cuatro \/ Diego Jobell y Simara Deola Mello\n\t\t\t\t<\/figcaption><\/figure><figure class='gallery-item'>\n\t\t\t<div class='gallery-icon portrait'>\n\t\t\t\t<a href='https:\/\/www.arquimaster.com.ar\/web\/wp-content\/uploads\/2018\/04\/casa_cuatro27.jpg' title=\"Casa cuatro \/ Diego Jobell y Simara Deola Mello\" data-rl_title=\"Casa cuatro \/ Diego Jobell y Simara Deola Mello\" class=\"rl-gallery-link\" data-rl_caption=\"Casa cuatro \/ Diego Jobell y Simara Deola Mello\" data-rel=\"lightbox-gallery-2\"><img loading=\"lazy\" decoding=\"async\" width=\"150\" height=\"150\" src=\"https:\/\/www.arquimaster.com.ar\/web\/wp-content\/uploads\/2018\/04\/casa_cuatro27-150x150.jpg\" class=\"attachment-thumbnail size-thumbnail\" alt=\"\" aria-describedby=\"gallery-2-29747\" srcset=\"https:\/\/www.arquimaster.com.ar\/web\/wp-content\/uploads\/2018\/04\/casa_cuatro27-150x150.jpg 150w, https:\/\/www.arquimaster.com.ar\/web\/wp-content\/uploads\/2018\/04\/casa_cuatro27-50x50.jpg 50w, https:\/\/www.arquimaster.com.ar\/web\/wp-content\/uploads\/2018\/04\/casa_cuatro27-125x125.jpg 125w\" sizes=\"auto, (max-width: 150px) 100vw, 150px\" \/><\/a>\n\t\t\t<\/div>\n\t\t\t\t<figcaption class='wp-caption-text gallery-caption' id='gallery-2-29747'>\n\t\t\t\tCasa cuatro \/ Diego Jobell y Simara Deola Mello\n\t\t\t\t<\/figcaption><\/figure><figure class='gallery-item'>\n\t\t\t<div class='gallery-icon landscape'>\n\t\t\t\t<a href='https:\/\/www.arquimaster.com.ar\/web\/wp-content\/uploads\/2018\/04\/casa_cuatro24.jpg' title=\"Casa cuatro \/ Diego Jobell y Simara Deola Mello\" data-rl_title=\"Casa cuatro \/ Diego Jobell y Simara Deola Mello\" class=\"rl-gallery-link\" data-rl_caption=\"Casa cuatro \/ Diego Jobell y Simara Deola Mello\" data-rel=\"lightbox-gallery-2\"><img loading=\"lazy\" decoding=\"async\" width=\"150\" height=\"150\" src=\"https:\/\/www.arquimaster.com.ar\/web\/wp-content\/uploads\/2018\/04\/casa_cuatro24-150x150.jpg\" class=\"attachment-thumbnail size-thumbnail\" alt=\"\" aria-describedby=\"gallery-2-29744\" srcset=\"https:\/\/www.arquimaster.com.ar\/web\/wp-content\/uploads\/2018\/04\/casa_cuatro24-150x150.jpg 150w, https:\/\/www.arquimaster.com.ar\/web\/wp-content\/uploads\/2018\/04\/casa_cuatro24-50x50.jpg 50w, https:\/\/www.arquimaster.com.ar\/web\/wp-content\/uploads\/2018\/04\/casa_cuatro24-125x125.jpg 125w\" sizes=\"auto, (max-width: 150px) 100vw, 150px\" \/><\/a>\n\t\t\t<\/div>\n\t\t\t\t<figcaption class='wp-caption-text gallery-caption' id='gallery-2-29744'>\n\t\t\t\tCasa cuatro \/ Diego Jobell y Simara Deola Mello\n\t\t\t\t<\/figcaption><\/figure><figure class='gallery-item'>\n\t\t\t<div class='gallery-icon landscape'>\n\t\t\t\t<a href='https:\/\/www.arquimaster.com.ar\/web\/wp-content\/uploads\/2018\/04\/casa_cuatro25.jpg' title=\"Casa cuatro \/ Diego Jobell y Simara Deola Mello\" data-rl_title=\"Casa cuatro \/ Diego Jobell y Simara Deola Mello\" class=\"rl-gallery-link\" data-rl_caption=\"Casa cuatro \/ Diego Jobell y Simara Deola Mello\" data-rel=\"lightbox-gallery-2\"><img loading=\"lazy\" decoding=\"async\" width=\"150\" height=\"150\" src=\"https:\/\/www.arquimaster.com.ar\/web\/wp-content\/uploads\/2018\/04\/casa_cuatro25-150x150.jpg\" class=\"attachment-thumbnail size-thumbnail\" alt=\"\" aria-describedby=\"gallery-2-29745\" srcset=\"https:\/\/www.arquimaster.com.ar\/web\/wp-content\/uploads\/2018\/04\/casa_cuatro25-150x150.jpg 150w, https:\/\/www.arquimaster.com.ar\/web\/wp-content\/uploads\/2018\/04\/casa_cuatro25-50x50.jpg 50w, https:\/\/www.arquimaster.com.ar\/web\/wp-content\/uploads\/2018\/04\/casa_cuatro25-125x125.jpg 125w\" sizes=\"auto, (max-width: 150px) 100vw, 150px\" \/><\/a>\n\t\t\t<\/div>\n\t\t\t\t<figcaption class='wp-caption-text gallery-caption' id='gallery-2-29745'>\n\t\t\t\tCasa cuatro \/ Diego Jobell y Simara Deola Mello\n\t\t\t\t<\/figcaption><\/figure><figure class='gallery-item'>\n\t\t\t<div class='gallery-icon landscape'>\n\t\t\t\t<a href='https:\/\/www.arquimaster.com.ar\/web\/wp-content\/uploads\/2018\/04\/casa_cuatro26.jpg' title=\"Casa cuatro \/ Diego Jobell y Simara Deola Mello\" data-rl_title=\"Casa cuatro \/ Diego Jobell y Simara Deola Mello\" class=\"rl-gallery-link\" data-rl_caption=\"Casa cuatro \/ Diego Jobell y Simara Deola Mello\" data-rel=\"lightbox-gallery-2\"><img loading=\"lazy\" decoding=\"async\" width=\"150\" height=\"150\" src=\"https:\/\/www.arquimaster.com.ar\/web\/wp-content\/uploads\/2018\/04\/casa_cuatro26-150x150.jpg\" class=\"attachment-thumbnail size-thumbnail\" alt=\"\" aria-describedby=\"gallery-2-29746\" srcset=\"https:\/\/www.arquimaster.com.ar\/web\/wp-content\/uploads\/2018\/04\/casa_cuatro26-150x150.jpg 150w, https:\/\/www.arquimaster.com.ar\/web\/wp-content\/uploads\/2018\/04\/casa_cuatro26-50x50.jpg 50w, https:\/\/www.arquimaster.com.ar\/web\/wp-content\/uploads\/2018\/04\/casa_cuatro26-125x125.jpg 125w\" sizes=\"auto, (max-width: 150px) 100vw, 150px\" \/><\/a>\n\t\t\t<\/div>\n\t\t\t\t<figcaption class='wp-caption-text gallery-caption' id='gallery-2-29746'>\n\t\t\t\tCasa cuatro \/ Diego Jobell y Simara Deola Mello\n\t\t\t\t<\/figcaption><\/figure>\n\t\t<\/div>\n\n<p>Vivienda desarrollada en tres niveles, debido a su inserci\u00f3n en barranca, ingresando por su planta media en donde se desarrolla un sector privado\/social a modo de distribuidor, de all\u00ed se puede acceder al sector p\u00fablico en planta baja, o a la privada exclusiva en planta alta.<\/p>\n<p>Desde cualquier punto de la casa, el mar es un ambiente m\u00e1s, ya que todos sus espacios est\u00e1n en relaci\u00f3n directa con el turquesa del oc\u00e9ano y el dorado de sus playas.<\/p>\n<p>Proyecto que no suele darse a diario, lo dem\u00e1s no importa, solo vivirla.<\/p>\n<p><strong>Proveedores<\/strong><br \/>\nVidriofort (vidrios)<br \/>\nDecorblu (mobiliario)<br \/>\nKraish (piedras)<br \/>\nFrigelar (aire acondicionado)<br \/>\nHaiko (pisos de madera)<br \/>\nCombinare (materiales y revestimiento)<\/p>\n<p><strong>Ficha t\u00e9cnica<\/strong><br \/>\nNombre: Casa cuatro<br \/>\nUbicaci\u00f3n: Itapema, Santa Catarina, Brasil<br \/>\nArquitectos: Arquitecto Diego Jobell, Arquitecta Simara Deola Mello<br \/>\nColaboradores:<br \/>\nIngeniero Estructural Jorge D\u00e1vila<br \/>\nDise\u00f1adora J\u00falia \u00a0Ammann Ramalho<br \/>\nArquitecta Hariane Germer Barbosa<br \/>\nCoordinadora general Valeria Gobbi Callescura<br \/>\nSuperficie construida: 600 m2<br \/>\nA\u00f1o: 2017<br \/>\nFot\u00f3grafo: Brasil imagens<\/p>\n<p><strong>Contacto: <\/strong><a href=\"http:\/\/www.diegojobell.com\" target=\"_blank\" rel=\"noopener\">http:\/\/www.diegojobell.com<\/a><\/p>\n<p>&nbsp;<\/p>\n<p><em><strong>English version<\/strong><\/em><\/p>\n<p><em>Residence located in Itapema, state of Santa Catarina in southern Brazil.<\/em><\/p>\n<p><em>Inserted within a closed neighborhood on the seafront, surrounded by a large vegetation and large rocks, typical of the topography of the place, a mixture of mountains and hills where tropical rains appear at night, raising the humidity in a tangible way and then become clouds again and again.<\/em><\/p>\n<p><em>The humid climate and the raging sun during the day, make the place a natural paradise where the saltpeter of the sea breathes with its unique aroma.<\/em><\/p>\n<p><em>Within this framework, the house four emerges, white, with pure lines contrasting with the invasive, wild, but neat green of the nature of Itapema.<\/em><\/p>\n<p><em>Housing developed on three levels, due to its insertion into a ravine, entering through its middle floor where a private \/ social sector develops as a distributor, from there you can access the public sector on the ground floor, or the exclusive private floor high.<\/em><\/p>\n<p><em>From any point of the house, the sea is one more environment, since all its spaces are in direct relation with the turquoise of the ocean and the golden of its beaches.<\/em><\/p>\n<p><em>Project that does not usually occur on a daily basis, the rest does not matter, just live it.<\/em><\/p>\n\n<div style=\"font-size: 0px; height: 0px; line-height: 0px; margin: 0; padding: 0; clear: both;\"><\/div><div style=\"margin-top: 0px; margin-bottom: 0px;\" class=\"sharethis-inline-share-buttons\" ><\/div>","protected":false},"excerpt":{"rendered":"<p>Vivienda desarrollada en tres niveles, debido a su inserci\u00f3n en barranca&#8230;<\/p>\n","protected":false},"author":1,"featured_media":29720,"comment_status":"closed","ping_status":"closed","sticky":false,"template":"","format":"standard","meta":{"_uag_custom_page_level_css":"","footnotes":""},"categories":[1,83],"tags":[803,252,4533,4534,3694,4532,254],"class_list":["post-29719","post","type-post","status-publish","format-standard","has-post-thumbnail","hentry","category-proyecto","category-vivienda-unifamiliar","tag-brasil","tag-casa-de-playa","tag-diego-jobell","tag-itapema","tag-santa-catarina","tag-simara-deola-mello","tag-vivienda-unifamiliar-2","generate-columns","tablet-grid-50","mobile-grid-100","grid-parent","grid-50"],"yoast_head":"<!-- This site is optimized with the Yoast SEO plugin v27.3 - https:\/\/yoast.com\/product\/yoast-seo-wordpress\/ -->\n<title>Casa cuatro \/ Diego Jobell y Simara Deola Mello - Arquimaster<\/title>\n<meta name=\"robots\" content=\"index, follow, max-snippet:-1, max-image-preview:large, max-video-preview:-1\" \/>\n<link rel=\"canonical\" href=\"https:\/\/www.arquimaster.com.ar\/web\/casa-cuatro-diego-jobell-y-simara-deola-mello\/\" \/>\n<meta property=\"og:locale\" content=\"es_ES\" \/>\n<meta property=\"og:type\" content=\"article\" \/>\n<meta property=\"og:title\" content=\"Casa cuatro \/ Diego Jobell y Simara Deola Mello - Arquimaster\" \/>\n<meta property=\"og:description\" content=\"Vivienda desarrollada en tres niveles, debido a su inserci\u00f3n en barranca...\" \/>\n<meta property=\"og:url\" content=\"https:\/\/www.arquimaster.com.ar\/web\/casa-cuatro-diego-jobell-y-simara-deola-mello\/\" \/>\n<meta property=\"og:site_name\" content=\"Arquimaster\" \/>\n<meta property=\"article:publisher\" content=\"http:\/\/www.facebook.com\/ARQUIMASTER.com.ar\" \/>\n<meta property=\"article:published_time\" content=\"2018-04-12T21:09:20+00:00\" \/>\n<meta property=\"article:modified_time\" content=\"2018-04-13T20:58:24+00:00\" \/>\n<meta property=\"og:image\" content=\"https:\/\/www.arquimaster.com.ar\/web\/wp-content\/uploads\/2018\/04\/casa_cuatro_slide.jpg\" \/>\n\t<meta property=\"og:image:width\" content=\"642\" \/>\n\t<meta property=\"og:image:height\" content=\"336\" \/>\n\t<meta property=\"og:image:type\" content=\"image\/jpeg\" \/>\n<meta name=\"author\" content=\"Arquimaster\" \/>\n<meta name=\"twitter:card\" content=\"summary_large_image\" \/>\n<meta name=\"twitter:creator\" content=\"@arquimaster\" \/>\n<meta name=\"twitter:site\" content=\"@arquimaster\" \/>\n<meta name=\"twitter:label1\" content=\"Escrito por\" \/>\n\t<meta name=\"twitter:data1\" content=\"Arquimaster\" \/>\n\t<meta name=\"twitter:label2\" content=\"Tiempo de lectura\" \/>\n\t<meta name=\"twitter:data2\" content=\"3 minutos\" \/>\n<script type=\"application\/ld+json\" class=\"yoast-schema-graph\">{\"@context\":\"https:\\\/\\\/schema.org\",\"@graph\":[{\"@type\":\"Article\",\"@id\":\"https:\\\/\\\/www.arquimaster.com.ar\\\/web\\\/casa-cuatro-diego-jobell-y-simara-deola-mello\\\/#article\",\"isPartOf\":{\"@id\":\"https:\\\/\\\/www.arquimaster.com.ar\\\/web\\\/casa-cuatro-diego-jobell-y-simara-deola-mello\\\/\"},\"author\":{\"name\":\"Arquimaster\",\"@id\":\"https:\\\/\\\/www.arquimaster.com.ar\\\/web\\\/#\\\/schema\\\/person\\\/359e9f7c00193fcde068e0dd2ceb0028\"},\"headline\":\"Casa cuatro \\\/ Diego Jobell y Simara Deola Mello\",\"datePublished\":\"2018-04-12T21:09:20+00:00\",\"dateModified\":\"2018-04-13T20:58:24+00:00\",\"mainEntityOfPage\":{\"@id\":\"https:\\\/\\\/www.arquimaster.com.ar\\\/web\\\/casa-cuatro-diego-jobell-y-simara-deola-mello\\\/\"},\"wordCount\":537,\"publisher\":{\"@id\":\"https:\\\/\\\/www.arquimaster.com.ar\\\/web\\\/#organization\"},\"image\":{\"@id\":\"https:\\\/\\\/www.arquimaster.com.ar\\\/web\\\/casa-cuatro-diego-jobell-y-simara-deola-mello\\\/#primaryimage\"},\"thumbnailUrl\":\"https:\\\/\\\/www.arquimaster.com.ar\\\/web\\\/wp-content\\\/uploads\\\/2018\\\/04\\\/casa_cuatro_slide.jpg\",\"keywords\":[\"Brasil\",\"casa de playa\",\"Diego Jobell\",\"Itapema\",\"Santa Catarina\",\"Simara Deola Mello\",\"vivienda unifamiliar\"],\"articleSection\":[\"Proyecto\",\"Vivienda unifamiliar y PH\"],\"inLanguage\":\"es\"},{\"@type\":\"WebPage\",\"@id\":\"https:\\\/\\\/www.arquimaster.com.ar\\\/web\\\/casa-cuatro-diego-jobell-y-simara-deola-mello\\\/\",\"url\":\"https:\\\/\\\/www.arquimaster.com.ar\\\/web\\\/casa-cuatro-diego-jobell-y-simara-deola-mello\\\/\",\"name\":\"Casa cuatro \\\/ Diego Jobell y Simara Deola Mello - Arquimaster\",\"isPartOf\":{\"@id\":\"https:\\\/\\\/www.arquimaster.com.ar\\\/web\\\/#website\"},\"primaryImageOfPage\":{\"@id\":\"https:\\\/\\\/www.arquimaster.com.ar\\\/web\\\/casa-cuatro-diego-jobell-y-simara-deola-mello\\\/#primaryimage\"},\"image\":{\"@id\":\"https:\\\/\\\/www.arquimaster.com.ar\\\/web\\\/casa-cuatro-diego-jobell-y-simara-deola-mello\\\/#primaryimage\"},\"thumbnailUrl\":\"https:\\\/\\\/www.arquimaster.com.ar\\\/web\\\/wp-content\\\/uploads\\\/2018\\\/04\\\/casa_cuatro_slide.jpg\",\"datePublished\":\"2018-04-12T21:09:20+00:00\",\"dateModified\":\"2018-04-13T20:58:24+00:00\",\"breadcrumb\":{\"@id\":\"https:\\\/\\\/www.arquimaster.com.ar\\\/web\\\/casa-cuatro-diego-jobell-y-simara-deola-mello\\\/#breadcrumb\"},\"inLanguage\":\"es\",\"potentialAction\":[{\"@type\":\"ReadAction\",\"target\":[\"https:\\\/\\\/www.arquimaster.com.ar\\\/web\\\/casa-cuatro-diego-jobell-y-simara-deola-mello\\\/\"]}]},{\"@type\":\"ImageObject\",\"inLanguage\":\"es\",\"@id\":\"https:\\\/\\\/www.arquimaster.com.ar\\\/web\\\/casa-cuatro-diego-jobell-y-simara-deola-mello\\\/#primaryimage\",\"url\":\"https:\\\/\\\/www.arquimaster.com.ar\\\/web\\\/wp-content\\\/uploads\\\/2018\\\/04\\\/casa_cuatro_slide.jpg\",\"contentUrl\":\"https:\\\/\\\/www.arquimaster.com.ar\\\/web\\\/wp-content\\\/uploads\\\/2018\\\/04\\\/casa_cuatro_slide.jpg\",\"width\":642,\"height\":336},{\"@type\":\"BreadcrumbList\",\"@id\":\"https:\\\/\\\/www.arquimaster.com.ar\\\/web\\\/casa-cuatro-diego-jobell-y-simara-deola-mello\\\/#breadcrumb\",\"itemListElement\":[{\"@type\":\"ListItem\",\"position\":1,\"name\":\"Portada\",\"item\":\"https:\\\/\\\/www.arquimaster.com.ar\\\/web\\\/\"},{\"@type\":\"ListItem\",\"position\":2,\"name\":\"Casa cuatro \\\/ Diego Jobell y Simara Deola Mello\"}]},{\"@type\":\"WebSite\",\"@id\":\"https:\\\/\\\/www.arquimaster.com.ar\\\/web\\\/#website\",\"url\":\"https:\\\/\\\/www.arquimaster.com.ar\\\/web\\\/\",\"name\":\"Arquimaster\",\"description\":\"Web de arquitectura, dise\u00f1o y construccion\",\"publisher\":{\"@id\":\"https:\\\/\\\/www.arquimaster.com.ar\\\/web\\\/#organization\"},\"potentialAction\":[{\"@type\":\"SearchAction\",\"target\":{\"@type\":\"EntryPoint\",\"urlTemplate\":\"https:\\\/\\\/www.arquimaster.com.ar\\\/web\\\/?s={search_term_string}\"},\"query-input\":{\"@type\":\"PropertyValueSpecification\",\"valueRequired\":true,\"valueName\":\"search_term_string\"}}],\"inLanguage\":\"es\"},{\"@type\":\"Organization\",\"@id\":\"https:\\\/\\\/www.arquimaster.com.ar\\\/web\\\/#organization\",\"name\":\"Arquimaster\",\"url\":\"https:\\\/\\\/www.arquimaster.com.ar\\\/web\\\/\",\"logo\":{\"@type\":\"ImageObject\",\"inLanguage\":\"es\",\"@id\":\"https:\\\/\\\/www.arquimaster.com.ar\\\/web\\\/#\\\/schema\\\/logo\\\/image\\\/\",\"url\":\"https:\\\/\\\/www.arquimaster.com.ar\\\/web\\\/wp-content\\\/uploads\\\/2022\\\/06\\\/arquimaster.png\",\"contentUrl\":\"https:\\\/\\\/www.arquimaster.com.ar\\\/web\\\/wp-content\\\/uploads\\\/2022\\\/06\\\/arquimaster.png\",\"width\":594,\"height\":78,\"caption\":\"Arquimaster\"},\"image\":{\"@id\":\"https:\\\/\\\/www.arquimaster.com.ar\\\/web\\\/#\\\/schema\\\/logo\\\/image\\\/\"},\"sameAs\":[\"http:\\\/\\\/www.facebook.com\\\/ARQUIMASTER.com.ar\",\"https:\\\/\\\/x.com\\\/arquimaster\",\"https:\\\/\\\/www.instagram.com\\\/arquimasterblog\\\/\",\"https:\\\/\\\/www.linkedin.com\\\/company\\\/arquimaster\",\"https:\\\/\\\/www.pinterest.com\\\/arquimaster\",\"https:\\\/\\\/t.me\\\/arquimaster\"]},{\"@type\":\"Person\",\"@id\":\"https:\\\/\\\/www.arquimaster.com.ar\\\/web\\\/#\\\/schema\\\/person\\\/359e9f7c00193fcde068e0dd2ceb0028\",\"name\":\"Arquimaster\"}]}<\/script>\n<!-- \/ Yoast SEO plugin. -->","yoast_head_json":{"title":"Casa cuatro \/ Diego Jobell y Simara Deola Mello - Arquimaster","robots":{"index":"index","follow":"follow","max-snippet":"max-snippet:-1","max-image-preview":"max-image-preview:large","max-video-preview":"max-video-preview:-1"},"canonical":"https:\/\/www.arquimaster.com.ar\/web\/casa-cuatro-diego-jobell-y-simara-deola-mello\/","og_locale":"es_ES","og_type":"article","og_title":"Casa cuatro \/ Diego Jobell y Simara Deola Mello - Arquimaster","og_description":"Vivienda desarrollada en tres niveles, debido a su inserci\u00f3n en barranca...","og_url":"https:\/\/www.arquimaster.com.ar\/web\/casa-cuatro-diego-jobell-y-simara-deola-mello\/","og_site_name":"Arquimaster","article_publisher":"http:\/\/www.facebook.com\/ARQUIMASTER.com.ar","article_published_time":"2018-04-12T21:09:20+00:00","article_modified_time":"2018-04-13T20:58:24+00:00","og_image":[{"width":642,"height":336,"url":"https:\/\/www.arquimaster.com.ar\/web\/wp-content\/uploads\/2018\/04\/casa_cuatro_slide.jpg","type":"image\/jpeg"}],"author":"Arquimaster","twitter_card":"summary_large_image","twitter_creator":"@arquimaster","twitter_site":"@arquimaster","twitter_misc":{"Escrito por":"Arquimaster","Tiempo de lectura":"3 minutos"},"schema":{"@context":"https:\/\/schema.org","@graph":[{"@type":"Article","@id":"https:\/\/www.arquimaster.com.ar\/web\/casa-cuatro-diego-jobell-y-simara-deola-mello\/#article","isPartOf":{"@id":"https:\/\/www.arquimaster.com.ar\/web\/casa-cuatro-diego-jobell-y-simara-deola-mello\/"},"author":{"name":"Arquimaster","@id":"https:\/\/www.arquimaster.com.ar\/web\/#\/schema\/person\/359e9f7c00193fcde068e0dd2ceb0028"},"headline":"Casa cuatro \/ Diego Jobell y Simara Deola Mello","datePublished":"2018-04-12T21:09:20+00:00","dateModified":"2018-04-13T20:58:24+00:00","mainEntityOfPage":{"@id":"https:\/\/www.arquimaster.com.ar\/web\/casa-cuatro-diego-jobell-y-simara-deola-mello\/"},"wordCount":537,"publisher":{"@id":"https:\/\/www.arquimaster.com.ar\/web\/#organization"},"image":{"@id":"https:\/\/www.arquimaster.com.ar\/web\/casa-cuatro-diego-jobell-y-simara-deola-mello\/#primaryimage"},"thumbnailUrl":"https:\/\/www.arquimaster.com.ar\/web\/wp-content\/uploads\/2018\/04\/casa_cuatro_slide.jpg","keywords":["Brasil","casa de playa","Diego Jobell","Itapema","Santa Catarina","Simara Deola Mello","vivienda unifamiliar"],"articleSection":["Proyecto","Vivienda unifamiliar y PH"],"inLanguage":"es"},{"@type":"WebPage","@id":"https:\/\/www.arquimaster.com.ar\/web\/casa-cuatro-diego-jobell-y-simara-deola-mello\/","url":"https:\/\/www.arquimaster.com.ar\/web\/casa-cuatro-diego-jobell-y-simara-deola-mello\/","name":"Casa cuatro \/ Diego Jobell y Simara Deola Mello - Arquimaster","isPartOf":{"@id":"https:\/\/www.arquimaster.com.ar\/web\/#website"},"primaryImageOfPage":{"@id":"https:\/\/www.arquimaster.com.ar\/web\/casa-cuatro-diego-jobell-y-simara-deola-mello\/#primaryimage"},"image":{"@id":"https:\/\/www.arquimaster.com.ar\/web\/casa-cuatro-diego-jobell-y-simara-deola-mello\/#primaryimage"},"thumbnailUrl":"https:\/\/www.arquimaster.com.ar\/web\/wp-content\/uploads\/2018\/04\/casa_cuatro_slide.jpg","datePublished":"2018-04-12T21:09:20+00:00","dateModified":"2018-04-13T20:58:24+00:00","breadcrumb":{"@id":"https:\/\/www.arquimaster.com.ar\/web\/casa-cuatro-diego-jobell-y-simara-deola-mello\/#breadcrumb"},"inLanguage":"es","potentialAction":[{"@type":"ReadAction","target":["https:\/\/www.arquimaster.com.ar\/web\/casa-cuatro-diego-jobell-y-simara-deola-mello\/"]}]},{"@type":"ImageObject","inLanguage":"es","@id":"https:\/\/www.arquimaster.com.ar\/web\/casa-cuatro-diego-jobell-y-simara-deola-mello\/#primaryimage","url":"https:\/\/www.arquimaster.com.ar\/web\/wp-content\/uploads\/2018\/04\/casa_cuatro_slide.jpg","contentUrl":"https:\/\/www.arquimaster.com.ar\/web\/wp-content\/uploads\/2018\/04\/casa_cuatro_slide.jpg","width":642,"height":336},{"@type":"BreadcrumbList","@id":"https:\/\/www.arquimaster.com.ar\/web\/casa-cuatro-diego-jobell-y-simara-deola-mello\/#breadcrumb","itemListElement":[{"@type":"ListItem","position":1,"name":"Portada","item":"https:\/\/www.arquimaster.com.ar\/web\/"},{"@type":"ListItem","position":2,"name":"Casa cuatro \/ Diego Jobell y Simara Deola Mello"}]},{"@type":"WebSite","@id":"https:\/\/www.arquimaster.com.ar\/web\/#website","url":"https:\/\/www.arquimaster.com.ar\/web\/","name":"Arquimaster","description":"Web de arquitectura, dise\u00f1o y construccion","publisher":{"@id":"https:\/\/www.arquimaster.com.ar\/web\/#organization"},"potentialAction":[{"@type":"SearchAction","target":{"@type":"EntryPoint","urlTemplate":"https:\/\/www.arquimaster.com.ar\/web\/?s={search_term_string}"},"query-input":{"@type":"PropertyValueSpecification","valueRequired":true,"valueName":"search_term_string"}}],"inLanguage":"es"},{"@type":"Organization","@id":"https:\/\/www.arquimaster.com.ar\/web\/#organization","name":"Arquimaster","url":"https:\/\/www.arquimaster.com.ar\/web\/","logo":{"@type":"ImageObject","inLanguage":"es","@id":"https:\/\/www.arquimaster.com.ar\/web\/#\/schema\/logo\/image\/","url":"https:\/\/www.arquimaster.com.ar\/web\/wp-content\/uploads\/2022\/06\/arquimaster.png","contentUrl":"https:\/\/www.arquimaster.com.ar\/web\/wp-content\/uploads\/2022\/06\/arquimaster.png","width":594,"height":78,"caption":"Arquimaster"},"image":{"@id":"https:\/\/www.arquimaster.com.ar\/web\/#\/schema\/logo\/image\/"},"sameAs":["http:\/\/www.facebook.com\/ARQUIMASTER.com.ar","https:\/\/x.com\/arquimaster","https:\/\/www.instagram.com\/arquimasterblog\/","https:\/\/www.linkedin.com\/company\/arquimaster","https:\/\/www.pinterest.com\/arquimaster","https:\/\/t.me\/arquimaster"]},{"@type":"Person","@id":"https:\/\/www.arquimaster.com.ar\/web\/#\/schema\/person\/359e9f7c00193fcde068e0dd2ceb0028","name":"Arquimaster"}]}},"uagb_featured_image_src":{"full":["https:\/\/www.arquimaster.com.ar\/web\/wp-content\/uploads\/2018\/04\/casa_cuatro_slide.jpg",642,336,false],"thumbnail":["https:\/\/www.arquimaster.com.ar\/web\/wp-content\/uploads\/2018\/04\/casa_cuatro_slide-150x150.jpg",150,150,true],"medium":["https:\/\/www.arquimaster.com.ar\/web\/wp-content\/uploads\/2018\/04\/casa_cuatro_slide.jpg",642,336,false],"medium_large":["https:\/\/www.arquimaster.com.ar\/web\/wp-content\/uploads\/2018\/04\/casa_cuatro_slide.jpg",642,336,false],"large":["https:\/\/www.arquimaster.com.ar\/web\/wp-content\/uploads\/2018\/04\/casa_cuatro_slide.jpg",642,336,false],"1536x1536":["https:\/\/www.arquimaster.com.ar\/web\/wp-content\/uploads\/2018\/04\/casa_cuatro_slide.jpg",642,336,false],"2048x2048":["https:\/\/www.arquimaster.com.ar\/web\/wp-content\/uploads\/2018\/04\/casa_cuatro_slide.jpg",642,336,false]},"uagb_author_info":{"display_name":"Arquimaster","author_link":"https:\/\/www.arquimaster.com.ar\/web\/author\/arquimaster\/"},"uagb_comment_info":0,"uagb_excerpt":"Vivienda desarrollada en tres niveles, debido a su inserci\u00f3n en barranca...","_links":{"self":[{"href":"https:\/\/www.arquimaster.com.ar\/web\/wp-json\/wp\/v2\/posts\/29719","targetHints":{"allow":["GET"]}}],"collection":[{"href":"https:\/\/www.arquimaster.com.ar\/web\/wp-json\/wp\/v2\/posts"}],"about":[{"href":"https:\/\/www.arquimaster.com.ar\/web\/wp-json\/wp\/v2\/types\/post"}],"author":[{"embeddable":true,"href":"https:\/\/www.arquimaster.com.ar\/web\/wp-json\/wp\/v2\/users\/1"}],"replies":[{"embeddable":true,"href":"https:\/\/www.arquimaster.com.ar\/web\/wp-json\/wp\/v2\/comments?post=29719"}],"version-history":[{"count":0,"href":"https:\/\/www.arquimaster.com.ar\/web\/wp-json\/wp\/v2\/posts\/29719\/revisions"}],"wp:featuredmedia":[{"embeddable":true,"href":"https:\/\/www.arquimaster.com.ar\/web\/wp-json\/wp\/v2\/media\/29720"}],"wp:attachment":[{"href":"https:\/\/www.arquimaster.com.ar\/web\/wp-json\/wp\/v2\/media?parent=29719"}],"wp:term":[{"taxonomy":"category","embeddable":true,"href":"https:\/\/www.arquimaster.com.ar\/web\/wp-json\/wp\/v2\/categories?post=29719"},{"taxonomy":"post_tag","embeddable":true,"href":"https:\/\/www.arquimaster.com.ar\/web\/wp-json\/wp\/v2\/tags?post=29719"}],"curies":[{"name":"wp","href":"https:\/\/api.w.org\/{rel}","templated":true}]}}