{"id":29961,"date":"2018-06-07T01:23:33","date_gmt":"2018-06-07T01:23:33","guid":{"rendered":"http:\/\/www.arquimaster.com.ar\/web\/?p=29961"},"modified":"2018-06-11T01:33:28","modified_gmt":"2018-06-11T01:33:28","slug":"casa-suburbana-besonias-almeida-arquitectos","status":"publish","type":"post","link":"https:\/\/www.arquimaster.com.ar\/web\/casa-suburbana-besonias-almeida-arquitectos\/","title":{"rendered":"Casa Suburbana \/ Besonias Almeida Arquitectos"},"content":{"rendered":"<div style=\"margin-top: 0px; margin-bottom: 0px;\" class=\"sharethis-inline-share-buttons\" ><\/div><div class=\"b812932af2e751442846f039925109de\" data-index=\"1\" style=\"float: none; margin:25px 0 25px 0; text-align:center;\">\n<script async src=\"https:\/\/pagead2.googlesyndication.com\/pagead\/js\/adsbygoogle.js\"><\/script>\r\n<!-- Arquimaster (superior) -->\r\n<ins class=\"adsbygoogle\"\r\n     style=\"display:block\"\r\n     data-ad-client=\"ca-pub-6351072698456832\"\r\n     data-ad-slot=\"6455489680\"\r\n     data-ad-format=\"auto\"\r\n     data-full-width-responsive=\"true\"><\/ins>\r\n<script>\r\n     (adsbygoogle = window.adsbygoogle || []).push({});\r\n<\/script>\n<\/div>\n<p><strong>Casa Suburbana<\/strong> (Francisco \u00c1lvarez, Pcia. Buenos Aires) por <strong>Besonias Almeida Arquitectos<\/strong>. Proyecto de una casa m\u00ednima, financiada con cr\u00e9dito Procrear, con una mutabilidad y flexibilidad espacial que posibilitara diferentes maneras de habitarla en el tiempo.<\/p>\n<p><strong>El lugar<\/strong><br \/>\nSe trata de un terreno ubicado en una localidad perteneciente al segundo cord\u00f3n del conurbano bonaerense. Una zona tradicionalmente de quintas que, a partir del trazado de la Autopista del Oeste, se reconvierte y pasa gradualmente a transformarse en un lugar de vivienda permanente. En ese entorno semi-rural, con poqu\u00edsimas construcciones vecinas, el proyecto ten\u00eda que ser pensado careciendo de todos los datos que aporta un barrio ya consolidado.<\/p>\n<div id='gallery-1' class='gallery galleryid-29961 gallery-columns-3 gallery-size-thumbnail'><figure class='gallery-item'>\n\t\t\t<div class='gallery-icon landscape'>\n\t\t\t\t<a href='https:\/\/www.arquimaster.com.ar\/web\/wp-content\/uploads\/2018\/06\/casa_suburbana1.jpg' title=\"Casa Suburbana \/ Besonias Almeida Arquitectos\" data-rl_title=\"Casa Suburbana \/ Besonias Almeida Arquitectos\" class=\"rl-gallery-link\" data-rl_caption=\"Casa Suburbana \/ Besonias Almeida Arquitectos\" data-rel=\"lightbox-gallery-1\"><img loading=\"lazy\" decoding=\"async\" width=\"150\" height=\"150\" src=\"https:\/\/www.arquimaster.com.ar\/web\/wp-content\/uploads\/2018\/06\/casa_suburbana1-150x150.jpg\" class=\"attachment-thumbnail size-thumbnail\" alt=\"\" aria-describedby=\"gallery-1-29963\" srcset=\"https:\/\/www.arquimaster.com.ar\/web\/wp-content\/uploads\/2018\/06\/casa_suburbana1-150x150.jpg 150w, https:\/\/www.arquimaster.com.ar\/web\/wp-content\/uploads\/2018\/06\/casa_suburbana1-50x50.jpg 50w, https:\/\/www.arquimaster.com.ar\/web\/wp-content\/uploads\/2018\/06\/casa_suburbana1-125x125.jpg 125w\" sizes=\"auto, (max-width: 150px) 100vw, 150px\" \/><\/a>\n\t\t\t<\/div>\n\t\t\t\t<figcaption class='wp-caption-text gallery-caption' id='gallery-1-29963'>\n\t\t\t\tCasa Suburbana \/ Besonias Almeida Arquitectos\n\t\t\t\t<\/figcaption><\/figure><figure class='gallery-item'>\n\t\t\t<div class='gallery-icon portrait'>\n\t\t\t\t<a href='https:\/\/www.arquimaster.com.ar\/web\/wp-content\/uploads\/2018\/06\/casa_suburbana2.jpg' title=\"Casa Suburbana \/ Besonias Almeida Arquitectos\" data-rl_title=\"Casa Suburbana \/ Besonias Almeida Arquitectos\" class=\"rl-gallery-link\" data-rl_caption=\"Casa Suburbana \/ Besonias Almeida Arquitectos\" data-rel=\"lightbox-gallery-1\"><img loading=\"lazy\" decoding=\"async\" width=\"150\" height=\"150\" src=\"https:\/\/www.arquimaster.com.ar\/web\/wp-content\/uploads\/2018\/06\/casa_suburbana2-150x150.jpg\" class=\"attachment-thumbnail size-thumbnail\" alt=\"\" aria-describedby=\"gallery-1-29964\" srcset=\"https:\/\/www.arquimaster.com.ar\/web\/wp-content\/uploads\/2018\/06\/casa_suburbana2-150x150.jpg 150w, https:\/\/www.arquimaster.com.ar\/web\/wp-content\/uploads\/2018\/06\/casa_suburbana2-50x50.jpg 50w, https:\/\/www.arquimaster.com.ar\/web\/wp-content\/uploads\/2018\/06\/casa_suburbana2-125x125.jpg 125w\" sizes=\"auto, (max-width: 150px) 100vw, 150px\" \/><\/a>\n\t\t\t<\/div>\n\t\t\t\t<figcaption class='wp-caption-text gallery-caption' id='gallery-1-29964'>\n\t\t\t\tCasa Suburbana \/ Besonias Almeida Arquitectos\n\t\t\t\t<\/figcaption><\/figure><figure class='gallery-item'>\n\t\t\t<div class='gallery-icon landscape'>\n\t\t\t\t<a href='https:\/\/www.arquimaster.com.ar\/web\/wp-content\/uploads\/2018\/06\/casa_suburbana3.jpg' title=\"Casa Suburbana \/ Besonias Almeida Arquitectos\" data-rl_title=\"Casa Suburbana \/ Besonias Almeida Arquitectos\" class=\"rl-gallery-link\" data-rl_caption=\"Casa Suburbana \/ Besonias Almeida Arquitectos\" data-rel=\"lightbox-gallery-1\"><img loading=\"lazy\" decoding=\"async\" width=\"150\" height=\"150\" src=\"https:\/\/www.arquimaster.com.ar\/web\/wp-content\/uploads\/2018\/06\/casa_suburbana3-150x150.jpg\" class=\"attachment-thumbnail size-thumbnail\" alt=\"\" aria-describedby=\"gallery-1-29965\" srcset=\"https:\/\/www.arquimaster.com.ar\/web\/wp-content\/uploads\/2018\/06\/casa_suburbana3-150x150.jpg 150w, https:\/\/www.arquimaster.com.ar\/web\/wp-content\/uploads\/2018\/06\/casa_suburbana3-50x50.jpg 50w, https:\/\/www.arquimaster.com.ar\/web\/wp-content\/uploads\/2018\/06\/casa_suburbana3-125x125.jpg 125w\" sizes=\"auto, (max-width: 150px) 100vw, 150px\" \/><\/a>\n\t\t\t<\/div>\n\t\t\t\t<figcaption class='wp-caption-text gallery-caption' id='gallery-1-29965'>\n\t\t\t\tCasa Suburbana \/ Besonias Almeida Arquitectos\n\t\t\t\t<\/figcaption><\/figure><figure class='gallery-item'>\n\t\t\t<div class='gallery-icon portrait'>\n\t\t\t\t<a href='https:\/\/www.arquimaster.com.ar\/web\/wp-content\/uploads\/2018\/06\/casa_suburbana4.jpg' title=\"Casa Suburbana \/ Besonias Almeida Arquitectos\" data-rl_title=\"Casa Suburbana \/ Besonias Almeida Arquitectos\" class=\"rl-gallery-link\" data-rl_caption=\"Casa Suburbana \/ Besonias Almeida Arquitectos\" data-rel=\"lightbox-gallery-1\"><img loading=\"lazy\" decoding=\"async\" width=\"150\" height=\"150\" src=\"https:\/\/www.arquimaster.com.ar\/web\/wp-content\/uploads\/2018\/06\/casa_suburbana4-150x150.jpg\" class=\"attachment-thumbnail size-thumbnail\" alt=\"\" aria-describedby=\"gallery-1-29966\" srcset=\"https:\/\/www.arquimaster.com.ar\/web\/wp-content\/uploads\/2018\/06\/casa_suburbana4-150x150.jpg 150w, https:\/\/www.arquimaster.com.ar\/web\/wp-content\/uploads\/2018\/06\/casa_suburbana4-50x50.jpg 50w, https:\/\/www.arquimaster.com.ar\/web\/wp-content\/uploads\/2018\/06\/casa_suburbana4-125x125.jpg 125w\" sizes=\"auto, (max-width: 150px) 100vw, 150px\" \/><\/a>\n\t\t\t<\/div>\n\t\t\t\t<figcaption class='wp-caption-text gallery-caption' id='gallery-1-29966'>\n\t\t\t\tCasa Suburbana \/ Besonias Almeida Arquitectos\n\t\t\t\t<\/figcaption><\/figure><figure class='gallery-item'>\n\t\t\t<div class='gallery-icon portrait'>\n\t\t\t\t<a href='https:\/\/www.arquimaster.com.ar\/web\/wp-content\/uploads\/2018\/06\/casa_suburbana5.jpg' title=\"Casa Suburbana \/ Besonias Almeida Arquitectos\" data-rl_title=\"Casa Suburbana \/ Besonias Almeida Arquitectos\" class=\"rl-gallery-link\" data-rl_caption=\"Casa Suburbana \/ Besonias Almeida Arquitectos\" data-rel=\"lightbox-gallery-1\"><img loading=\"lazy\" decoding=\"async\" width=\"150\" height=\"150\" src=\"https:\/\/www.arquimaster.com.ar\/web\/wp-content\/uploads\/2018\/06\/casa_suburbana5-150x150.jpg\" class=\"attachment-thumbnail size-thumbnail\" alt=\"\" aria-describedby=\"gallery-1-29967\" srcset=\"https:\/\/www.arquimaster.com.ar\/web\/wp-content\/uploads\/2018\/06\/casa_suburbana5-150x150.jpg 150w, https:\/\/www.arquimaster.com.ar\/web\/wp-content\/uploads\/2018\/06\/casa_suburbana5-50x50.jpg 50w, https:\/\/www.arquimaster.com.ar\/web\/wp-content\/uploads\/2018\/06\/casa_suburbana5-125x125.jpg 125w\" sizes=\"auto, (max-width: 150px) 100vw, 150px\" \/><\/a>\n\t\t\t<\/div>\n\t\t\t\t<figcaption class='wp-caption-text gallery-caption' id='gallery-1-29967'>\n\t\t\t\tCasa Suburbana \/ Besonias Almeida Arquitectos\n\t\t\t\t<\/figcaption><\/figure><figure class='gallery-item'>\n\t\t\t<div class='gallery-icon portrait'>\n\t\t\t\t<a href='https:\/\/www.arquimaster.com.ar\/web\/wp-content\/uploads\/2018\/06\/casa_suburbana6.jpg' title=\"Casa Suburbana \/ Besonias Almeida Arquitectos\" data-rl_title=\"Casa Suburbana \/ Besonias Almeida Arquitectos\" class=\"rl-gallery-link\" data-rl_caption=\"Casa Suburbana \/ Besonias Almeida Arquitectos\" data-rel=\"lightbox-gallery-1\"><img loading=\"lazy\" decoding=\"async\" width=\"150\" height=\"150\" src=\"https:\/\/www.arquimaster.com.ar\/web\/wp-content\/uploads\/2018\/06\/casa_suburbana6-150x150.jpg\" class=\"attachment-thumbnail size-thumbnail\" alt=\"\" aria-describedby=\"gallery-1-29968\" srcset=\"https:\/\/www.arquimaster.com.ar\/web\/wp-content\/uploads\/2018\/06\/casa_suburbana6-150x150.jpg 150w, https:\/\/www.arquimaster.com.ar\/web\/wp-content\/uploads\/2018\/06\/casa_suburbana6-50x50.jpg 50w, https:\/\/www.arquimaster.com.ar\/web\/wp-content\/uploads\/2018\/06\/casa_suburbana6-125x125.jpg 125w\" sizes=\"auto, (max-width: 150px) 100vw, 150px\" \/><\/a>\n\t\t\t<\/div>\n\t\t\t\t<figcaption class='wp-caption-text gallery-caption' id='gallery-1-29968'>\n\t\t\t\tCasa Suburbana \/ Besonias Almeida Arquitectos\n\t\t\t\t<\/figcaption><\/figure><figure class='gallery-item'>\n\t\t\t<div class='gallery-icon landscape'>\n\t\t\t\t<a href='https:\/\/www.arquimaster.com.ar\/web\/wp-content\/uploads\/2018\/06\/casa_suburbana7.jpg' title=\"Casa Suburbana \/ Besonias Almeida Arquitectos\" data-rl_title=\"Casa Suburbana \/ Besonias Almeida Arquitectos\" class=\"rl-gallery-link\" data-rl_caption=\"Casa Suburbana \/ Besonias Almeida Arquitectos\" data-rel=\"lightbox-gallery-1\"><img loading=\"lazy\" decoding=\"async\" width=\"150\" height=\"150\" src=\"https:\/\/www.arquimaster.com.ar\/web\/wp-content\/uploads\/2018\/06\/casa_suburbana7-150x150.jpg\" class=\"attachment-thumbnail size-thumbnail\" alt=\"\" aria-describedby=\"gallery-1-29969\" srcset=\"https:\/\/www.arquimaster.com.ar\/web\/wp-content\/uploads\/2018\/06\/casa_suburbana7-150x150.jpg 150w, https:\/\/www.arquimaster.com.ar\/web\/wp-content\/uploads\/2018\/06\/casa_suburbana7-50x50.jpg 50w, https:\/\/www.arquimaster.com.ar\/web\/wp-content\/uploads\/2018\/06\/casa_suburbana7-125x125.jpg 125w\" sizes=\"auto, (max-width: 150px) 100vw, 150px\" \/><\/a>\n\t\t\t<\/div>\n\t\t\t\t<figcaption class='wp-caption-text gallery-caption' id='gallery-1-29969'>\n\t\t\t\tCasa Suburbana \/ Besonias Almeida Arquitectos\n\t\t\t\t<\/figcaption><\/figure><figure class='gallery-item'>\n\t\t\t<div class='gallery-icon portrait'>\n\t\t\t\t<a href='https:\/\/www.arquimaster.com.ar\/web\/wp-content\/uploads\/2018\/06\/casa_suburbana8.jpg' title=\"Casa Suburbana \/ Besonias Almeida Arquitectos\" data-rl_title=\"Casa Suburbana \/ Besonias Almeida Arquitectos\" class=\"rl-gallery-link\" data-rl_caption=\"Casa Suburbana \/ Besonias Almeida Arquitectos\" data-rel=\"lightbox-gallery-1\"><img loading=\"lazy\" decoding=\"async\" width=\"150\" height=\"150\" src=\"https:\/\/www.arquimaster.com.ar\/web\/wp-content\/uploads\/2018\/06\/casa_suburbana8-150x150.jpg\" class=\"attachment-thumbnail size-thumbnail\" alt=\"\" aria-describedby=\"gallery-1-29970\" srcset=\"https:\/\/www.arquimaster.com.ar\/web\/wp-content\/uploads\/2018\/06\/casa_suburbana8-150x150.jpg 150w, https:\/\/www.arquimaster.com.ar\/web\/wp-content\/uploads\/2018\/06\/casa_suburbana8-50x50.jpg 50w, https:\/\/www.arquimaster.com.ar\/web\/wp-content\/uploads\/2018\/06\/casa_suburbana8-125x125.jpg 125w\" sizes=\"auto, (max-width: 150px) 100vw, 150px\" \/><\/a>\n\t\t\t<\/div>\n\t\t\t\t<figcaption class='wp-caption-text gallery-caption' id='gallery-1-29970'>\n\t\t\t\tCasa Suburbana \/ Besonias Almeida Arquitectos\n\t\t\t\t<\/figcaption><\/figure><figure class='gallery-item'>\n\t\t\t<div class='gallery-icon landscape'>\n\t\t\t\t<a href='https:\/\/www.arquimaster.com.ar\/web\/wp-content\/uploads\/2018\/06\/casa_suburbana9.jpg' title=\"Casa Suburbana \/ Besonias Almeida Arquitectos\" data-rl_title=\"Casa Suburbana \/ Besonias Almeida Arquitectos\" class=\"rl-gallery-link\" data-rl_caption=\"Casa Suburbana \/ Besonias Almeida Arquitectos\" data-rel=\"lightbox-gallery-1\"><img loading=\"lazy\" decoding=\"async\" width=\"150\" height=\"150\" src=\"https:\/\/www.arquimaster.com.ar\/web\/wp-content\/uploads\/2018\/06\/casa_suburbana9-150x150.jpg\" class=\"attachment-thumbnail size-thumbnail\" alt=\"\" aria-describedby=\"gallery-1-29971\" srcset=\"https:\/\/www.arquimaster.com.ar\/web\/wp-content\/uploads\/2018\/06\/casa_suburbana9-150x150.jpg 150w, https:\/\/www.arquimaster.com.ar\/web\/wp-content\/uploads\/2018\/06\/casa_suburbana9-50x50.jpg 50w, https:\/\/www.arquimaster.com.ar\/web\/wp-content\/uploads\/2018\/06\/casa_suburbana9-125x125.jpg 125w\" sizes=\"auto, (max-width: 150px) 100vw, 150px\" \/><\/a>\n\t\t\t<\/div>\n\t\t\t\t<figcaption class='wp-caption-text gallery-caption' id='gallery-1-29971'>\n\t\t\t\tCasa Suburbana \/ Besonias Almeida Arquitectos\n\t\t\t\t<\/figcaption><\/figure><figure class='gallery-item'>\n\t\t\t<div class='gallery-icon portrait'>\n\t\t\t\t<a href='https:\/\/www.arquimaster.com.ar\/web\/wp-content\/uploads\/2018\/06\/casa_suburbana10.jpg' title=\"Casa Suburbana \/ Besonias Almeida Arquitectos\" data-rl_title=\"Casa Suburbana \/ Besonias Almeida Arquitectos\" class=\"rl-gallery-link\" data-rl_caption=\"Casa Suburbana \/ Besonias Almeida Arquitectos\" data-rel=\"lightbox-gallery-1\"><img loading=\"lazy\" decoding=\"async\" width=\"150\" height=\"150\" src=\"https:\/\/www.arquimaster.com.ar\/web\/wp-content\/uploads\/2018\/06\/casa_suburbana10-150x150.jpg\" class=\"attachment-thumbnail size-thumbnail\" alt=\"\" aria-describedby=\"gallery-1-29972\" srcset=\"https:\/\/www.arquimaster.com.ar\/web\/wp-content\/uploads\/2018\/06\/casa_suburbana10-150x150.jpg 150w, https:\/\/www.arquimaster.com.ar\/web\/wp-content\/uploads\/2018\/06\/casa_suburbana10-50x50.jpg 50w, https:\/\/www.arquimaster.com.ar\/web\/wp-content\/uploads\/2018\/06\/casa_suburbana10-125x125.jpg 125w\" sizes=\"auto, (max-width: 150px) 100vw, 150px\" \/><\/a>\n\t\t\t<\/div>\n\t\t\t\t<figcaption class='wp-caption-text gallery-caption' id='gallery-1-29972'>\n\t\t\t\tCasa Suburbana \/ Besonias Almeida Arquitectos\n\t\t\t\t<\/figcaption><\/figure><figure class='gallery-item'>\n\t\t\t<div class='gallery-icon landscape'>\n\t\t\t\t<a href='https:\/\/www.arquimaster.com.ar\/web\/wp-content\/uploads\/2018\/06\/casa_suburbana11.jpg' title=\"Casa Suburbana \/ Besonias Almeida Arquitectos\" data-rl_title=\"Casa Suburbana \/ Besonias Almeida Arquitectos\" class=\"rl-gallery-link\" data-rl_caption=\"Casa Suburbana \/ Besonias Almeida Arquitectos\" data-rel=\"lightbox-gallery-1\"><img loading=\"lazy\" decoding=\"async\" width=\"150\" height=\"150\" src=\"https:\/\/www.arquimaster.com.ar\/web\/wp-content\/uploads\/2018\/06\/casa_suburbana11-150x150.jpg\" class=\"attachment-thumbnail size-thumbnail\" alt=\"\" aria-describedby=\"gallery-1-29973\" srcset=\"https:\/\/www.arquimaster.com.ar\/web\/wp-content\/uploads\/2018\/06\/casa_suburbana11-150x150.jpg 150w, https:\/\/www.arquimaster.com.ar\/web\/wp-content\/uploads\/2018\/06\/casa_suburbana11-50x50.jpg 50w, https:\/\/www.arquimaster.com.ar\/web\/wp-content\/uploads\/2018\/06\/casa_suburbana11-125x125.jpg 125w\" sizes=\"auto, (max-width: 150px) 100vw, 150px\" \/><\/a>\n\t\t\t<\/div>\n\t\t\t\t<figcaption class='wp-caption-text gallery-caption' id='gallery-1-29973'>\n\t\t\t\tCasa Suburbana \/ Besonias Almeida Arquitectos\n\t\t\t\t<\/figcaption><\/figure><figure class='gallery-item'>\n\t\t\t<div class='gallery-icon landscape'>\n\t\t\t\t<a href='https:\/\/www.arquimaster.com.ar\/web\/wp-content\/uploads\/2018\/06\/casa_suburbana12.jpg' title=\"Casa Suburbana \/ Besonias Almeida Arquitectos\" data-rl_title=\"Casa Suburbana \/ Besonias Almeida Arquitectos\" class=\"rl-gallery-link\" data-rl_caption=\"Casa Suburbana \/ Besonias Almeida Arquitectos\" data-rel=\"lightbox-gallery-1\"><img loading=\"lazy\" decoding=\"async\" width=\"150\" height=\"150\" src=\"https:\/\/www.arquimaster.com.ar\/web\/wp-content\/uploads\/2018\/06\/casa_suburbana12-150x150.jpg\" class=\"attachment-thumbnail size-thumbnail\" alt=\"\" aria-describedby=\"gallery-1-29974\" srcset=\"https:\/\/www.arquimaster.com.ar\/web\/wp-content\/uploads\/2018\/06\/casa_suburbana12-150x150.jpg 150w, https:\/\/www.arquimaster.com.ar\/web\/wp-content\/uploads\/2018\/06\/casa_suburbana12-50x50.jpg 50w, https:\/\/www.arquimaster.com.ar\/web\/wp-content\/uploads\/2018\/06\/casa_suburbana12-125x125.jpg 125w\" sizes=\"auto, (max-width: 150px) 100vw, 150px\" \/><\/a>\n\t\t\t<\/div>\n\t\t\t\t<figcaption class='wp-caption-text gallery-caption' id='gallery-1-29974'>\n\t\t\t\tCasa Suburbana \/ Besonias Almeida Arquitectos\n\t\t\t\t<\/figcaption><\/figure>\n\t\t<\/div>\n\n<p><strong>El encargo<\/strong><br \/>\nLa casa deb\u00eda concretarse con un cr\u00e9dito del plan Procrear, una iniciativa del gobierno nacional para la construcci\u00f3n o ampliaci\u00f3n de la primer vivienda. Con estos fondos m\u00e1s unos escasos ahorros conseguidos, una pareja joven encarga el proyecto de una casa m\u00ednima (no m\u00e1s de 80 m2) con una mutabilidad y flexibilidad espacial que posibilitara diferentes maneras de habitarla en el tiempo. La cuesti\u00f3n del cierre seguro de la vivienda se presenta como un tema ineludible.<\/p>\n<p><strong>La propuesta<\/strong><br \/>\nCon estos datos, la b\u00fasqueda de propuestas tuvo como condicionantes tres cuestiones: por un lado la seguridad e intimidad de la casa como respuesta a su particular localizaci\u00f3n, por otro la reducci\u00f3n de costos para hacer factible su construcci\u00f3n mediante el plan crediticio, y finalmente su adaptabilidad a los cambios en la vida de esa joven pareja.<\/p>\n<p>Como la resoluci\u00f3n de la seguridad de la vivienda resultaba tan relevante, pareci\u00f3 interesante ver hasta d\u00f3nde este fuerte condicionante pod\u00eda ser tomado como generador del proyecto, hasta d\u00f3nde la formalizaci\u00f3n se hac\u00eda dependiente de la soluci\u00f3n a este problema y cu\u00e1nto se pod\u00eda tensar esa dependencia sin afectar el buen resultado est\u00e9tico operando dentro de costos muy reducidos.<\/p>\n<p>Se resolvi\u00f3 entonces formalizar la casa con una geometr\u00eda simple y una tecnolog\u00eda f\u00e1cilmente disponible en el medio, que posibilitara un ahorro considerable en terminaciones durante su ejecuci\u00f3n y asegurara un mantenimiento nulo en el tiempo.<\/p>\n<p>La propuesta fue desarrollar esta vivienda en un \u00fanico volumen, un prisma alargado con techo y tabiques laterales en hormig\u00f3n armado a la vista y adoptando como cierre para los lados mayores el ladrillo com\u00fan tambi\u00e9n a la vista.<\/p>\n<p>En la fachada hacia el frente esos muros se hacen calados o ciegos para otorgar seguridad, intimidad, o hermeticidad seg\u00fan el caso. En la fachada hacia el fondo se combinan paredes de ladrillos con una gran abertura que asegura la integraci\u00f3n interior-exterior. La casa termina de cerrarse con una cortina met\u00e1lica que, al enrollarse, desaparece dentro de unas vigas invertidas.<\/p>\n<div id='gallery-2' class='gallery galleryid-29961 gallery-columns-3 gallery-size-thumbnail'><figure class='gallery-item'>\n\t\t\t<div class='gallery-icon landscape'>\n\t\t\t\t<a href='https:\/\/www.arquimaster.com.ar\/web\/wp-content\/uploads\/2018\/06\/casa_suburbana13.jpg' title=\"Casa Suburbana \/ Besonias Almeida Arquitectos\" data-rl_title=\"Casa Suburbana \/ Besonias Almeida Arquitectos\" class=\"rl-gallery-link\" data-rl_caption=\"Casa Suburbana \/ Besonias Almeida Arquitectos\" data-rel=\"lightbox-gallery-2\"><img loading=\"lazy\" decoding=\"async\" width=\"150\" height=\"150\" src=\"https:\/\/www.arquimaster.com.ar\/web\/wp-content\/uploads\/2018\/06\/casa_suburbana13-150x150.jpg\" class=\"attachment-thumbnail size-thumbnail\" alt=\"\" aria-describedby=\"gallery-2-29975\" srcset=\"https:\/\/www.arquimaster.com.ar\/web\/wp-content\/uploads\/2018\/06\/casa_suburbana13-150x150.jpg 150w, https:\/\/www.arquimaster.com.ar\/web\/wp-content\/uploads\/2018\/06\/casa_suburbana13-50x50.jpg 50w, https:\/\/www.arquimaster.com.ar\/web\/wp-content\/uploads\/2018\/06\/casa_suburbana13-125x125.jpg 125w\" sizes=\"auto, (max-width: 150px) 100vw, 150px\" \/><\/a>\n\t\t\t<\/div>\n\t\t\t\t<figcaption class='wp-caption-text gallery-caption' id='gallery-2-29975'>\n\t\t\t\tCasa Suburbana \/ Besonias Almeida Arquitectos\n\t\t\t\t<\/figcaption><\/figure><figure class='gallery-item'>\n\t\t\t<div class='gallery-icon portrait'>\n\t\t\t\t<a href='https:\/\/www.arquimaster.com.ar\/web\/wp-content\/uploads\/2018\/06\/casa_suburbana14.jpg' title=\"Casa Suburbana \/ Besonias Almeida Arquitectos\" data-rl_title=\"Casa Suburbana \/ Besonias Almeida Arquitectos\" class=\"rl-gallery-link\" data-rl_caption=\"Casa Suburbana \/ Besonias Almeida Arquitectos\" data-rel=\"lightbox-gallery-2\"><img loading=\"lazy\" decoding=\"async\" width=\"150\" height=\"150\" src=\"https:\/\/www.arquimaster.com.ar\/web\/wp-content\/uploads\/2018\/06\/casa_suburbana14-150x150.jpg\" class=\"attachment-thumbnail size-thumbnail\" alt=\"\" aria-describedby=\"gallery-2-29976\" srcset=\"https:\/\/www.arquimaster.com.ar\/web\/wp-content\/uploads\/2018\/06\/casa_suburbana14-150x150.jpg 150w, https:\/\/www.arquimaster.com.ar\/web\/wp-content\/uploads\/2018\/06\/casa_suburbana14-50x50.jpg 50w, https:\/\/www.arquimaster.com.ar\/web\/wp-content\/uploads\/2018\/06\/casa_suburbana14-125x125.jpg 125w\" sizes=\"auto, (max-width: 150px) 100vw, 150px\" \/><\/a>\n\t\t\t<\/div>\n\t\t\t\t<figcaption class='wp-caption-text gallery-caption' id='gallery-2-29976'>\n\t\t\t\tCasa Suburbana \/ Besonias Almeida Arquitectos\n\t\t\t\t<\/figcaption><\/figure><figure class='gallery-item'>\n\t\t\t<div class='gallery-icon landscape'>\n\t\t\t\t<a href='https:\/\/www.arquimaster.com.ar\/web\/wp-content\/uploads\/2018\/06\/casa_suburbana15.jpg' title=\"Casa Suburbana \/ Besonias Almeida Arquitectos\" data-rl_title=\"Casa Suburbana \/ Besonias Almeida Arquitectos\" class=\"rl-gallery-link\" data-rl_caption=\"Casa Suburbana \/ Besonias Almeida Arquitectos\" data-rel=\"lightbox-gallery-2\"><img loading=\"lazy\" decoding=\"async\" width=\"150\" height=\"150\" src=\"https:\/\/www.arquimaster.com.ar\/web\/wp-content\/uploads\/2018\/06\/casa_suburbana15-150x150.jpg\" class=\"attachment-thumbnail size-thumbnail\" alt=\"\" aria-describedby=\"gallery-2-29977\" srcset=\"https:\/\/www.arquimaster.com.ar\/web\/wp-content\/uploads\/2018\/06\/casa_suburbana15-150x150.jpg 150w, https:\/\/www.arquimaster.com.ar\/web\/wp-content\/uploads\/2018\/06\/casa_suburbana15-50x50.jpg 50w, https:\/\/www.arquimaster.com.ar\/web\/wp-content\/uploads\/2018\/06\/casa_suburbana15-125x125.jpg 125w\" sizes=\"auto, (max-width: 150px) 100vw, 150px\" \/><\/a>\n\t\t\t<\/div>\n\t\t\t\t<figcaption class='wp-caption-text gallery-caption' id='gallery-2-29977'>\n\t\t\t\tCasa Suburbana \/ Besonias Almeida Arquitectos\n\t\t\t\t<\/figcaption><\/figure><figure class='gallery-item'>\n\t\t\t<div class='gallery-icon portrait'>\n\t\t\t\t<a href='https:\/\/www.arquimaster.com.ar\/web\/wp-content\/uploads\/2018\/06\/casa_suburbana16.jpg' title=\"Casa Suburbana \/ Besonias Almeida Arquitectos\" data-rl_title=\"Casa Suburbana \/ Besonias Almeida Arquitectos\" class=\"rl-gallery-link\" data-rl_caption=\"Casa Suburbana \/ Besonias Almeida Arquitectos\" data-rel=\"lightbox-gallery-2\"><img loading=\"lazy\" decoding=\"async\" width=\"150\" height=\"150\" src=\"https:\/\/www.arquimaster.com.ar\/web\/wp-content\/uploads\/2018\/06\/casa_suburbana16-150x150.jpg\" class=\"attachment-thumbnail size-thumbnail\" alt=\"\" aria-describedby=\"gallery-2-29978\" srcset=\"https:\/\/www.arquimaster.com.ar\/web\/wp-content\/uploads\/2018\/06\/casa_suburbana16-150x150.jpg 150w, https:\/\/www.arquimaster.com.ar\/web\/wp-content\/uploads\/2018\/06\/casa_suburbana16-50x50.jpg 50w, https:\/\/www.arquimaster.com.ar\/web\/wp-content\/uploads\/2018\/06\/casa_suburbana16-125x125.jpg 125w\" sizes=\"auto, (max-width: 150px) 100vw, 150px\" \/><\/a>\n\t\t\t<\/div>\n\t\t\t\t<figcaption class='wp-caption-text gallery-caption' id='gallery-2-29978'>\n\t\t\t\tCasa Suburbana \/ Besonias Almeida Arquitectos\n\t\t\t\t<\/figcaption><\/figure><figure class='gallery-item'>\n\t\t\t<div class='gallery-icon landscape'>\n\t\t\t\t<a href='https:\/\/www.arquimaster.com.ar\/web\/wp-content\/uploads\/2018\/06\/casa_suburbana17.jpg' title=\"Casa Suburbana \/ Besonias Almeida Arquitectos\" data-rl_title=\"Casa Suburbana \/ Besonias Almeida Arquitectos\" class=\"rl-gallery-link\" data-rl_caption=\"Casa Suburbana \/ Besonias Almeida Arquitectos\" data-rel=\"lightbox-gallery-2\"><img loading=\"lazy\" decoding=\"async\" width=\"150\" height=\"150\" src=\"https:\/\/www.arquimaster.com.ar\/web\/wp-content\/uploads\/2018\/06\/casa_suburbana17-150x150.jpg\" class=\"attachment-thumbnail size-thumbnail\" alt=\"\" aria-describedby=\"gallery-2-29979\" srcset=\"https:\/\/www.arquimaster.com.ar\/web\/wp-content\/uploads\/2018\/06\/casa_suburbana17-150x150.jpg 150w, https:\/\/www.arquimaster.com.ar\/web\/wp-content\/uploads\/2018\/06\/casa_suburbana17-1024x1024.jpg 1024w, https:\/\/www.arquimaster.com.ar\/web\/wp-content\/uploads\/2018\/06\/casa_suburbana17-768x768.jpg 768w, https:\/\/www.arquimaster.com.ar\/web\/wp-content\/uploads\/2018\/06\/casa_suburbana17-50x50.jpg 50w, https:\/\/www.arquimaster.com.ar\/web\/wp-content\/uploads\/2018\/06\/casa_suburbana17-125x125.jpg 125w, https:\/\/www.arquimaster.com.ar\/web\/wp-content\/uploads\/2018\/06\/casa_suburbana17.jpg 1500w\" sizes=\"auto, (max-width: 150px) 100vw, 150px\" \/><\/a>\n\t\t\t<\/div>\n\t\t\t\t<figcaption class='wp-caption-text gallery-caption' id='gallery-2-29979'>\n\t\t\t\tCasa Suburbana \/ Besonias Almeida Arquitectos\n\t\t\t\t<\/figcaption><\/figure><figure class='gallery-item'>\n\t\t\t<div class='gallery-icon portrait'>\n\t\t\t\t<a href='https:\/\/www.arquimaster.com.ar\/web\/wp-content\/uploads\/2018\/06\/casa_suburbana18.jpg' title=\"Casa Suburbana \/ Besonias Almeida Arquitectos\" data-rl_title=\"Casa Suburbana \/ Besonias Almeida Arquitectos\" class=\"rl-gallery-link\" data-rl_caption=\"Casa Suburbana \/ Besonias Almeida Arquitectos\" data-rel=\"lightbox-gallery-2\"><img loading=\"lazy\" decoding=\"async\" width=\"150\" height=\"150\" src=\"https:\/\/www.arquimaster.com.ar\/web\/wp-content\/uploads\/2018\/06\/casa_suburbana18-150x150.jpg\" class=\"attachment-thumbnail size-thumbnail\" alt=\"\" aria-describedby=\"gallery-2-29980\" srcset=\"https:\/\/www.arquimaster.com.ar\/web\/wp-content\/uploads\/2018\/06\/casa_suburbana18-150x150.jpg 150w, https:\/\/www.arquimaster.com.ar\/web\/wp-content\/uploads\/2018\/06\/casa_suburbana18-50x50.jpg 50w, https:\/\/www.arquimaster.com.ar\/web\/wp-content\/uploads\/2018\/06\/casa_suburbana18-125x125.jpg 125w\" sizes=\"auto, (max-width: 150px) 100vw, 150px\" \/><\/a>\n\t\t\t<\/div>\n\t\t\t\t<figcaption class='wp-caption-text gallery-caption' id='gallery-2-29980'>\n\t\t\t\tCasa Suburbana \/ Besonias Almeida Arquitectos\n\t\t\t\t<\/figcaption><\/figure><figure class='gallery-item'>\n\t\t\t<div class='gallery-icon landscape'>\n\t\t\t\t<a href='https:\/\/www.arquimaster.com.ar\/web\/wp-content\/uploads\/2018\/06\/casa_suburbana19.jpg' title=\"Casa Suburbana \/ Besonias Almeida Arquitectos\" data-rl_title=\"Casa Suburbana \/ Besonias Almeida Arquitectos\" class=\"rl-gallery-link\" data-rl_caption=\"Casa Suburbana \/ Besonias Almeida Arquitectos\" data-rel=\"lightbox-gallery-2\"><img loading=\"lazy\" decoding=\"async\" width=\"150\" height=\"150\" src=\"https:\/\/www.arquimaster.com.ar\/web\/wp-content\/uploads\/2018\/06\/casa_suburbana19-150x150.jpg\" class=\"attachment-thumbnail size-thumbnail\" alt=\"\" aria-describedby=\"gallery-2-29981\" srcset=\"https:\/\/www.arquimaster.com.ar\/web\/wp-content\/uploads\/2018\/06\/casa_suburbana19-150x150.jpg 150w, https:\/\/www.arquimaster.com.ar\/web\/wp-content\/uploads\/2018\/06\/casa_suburbana19-50x50.jpg 50w, https:\/\/www.arquimaster.com.ar\/web\/wp-content\/uploads\/2018\/06\/casa_suburbana19-125x125.jpg 125w\" sizes=\"auto, (max-width: 150px) 100vw, 150px\" \/><\/a>\n\t\t\t<\/div>\n\t\t\t\t<figcaption class='wp-caption-text gallery-caption' id='gallery-2-29981'>\n\t\t\t\tCasa Suburbana \/ Besonias Almeida Arquitectos\n\t\t\t\t<\/figcaption><\/figure><figure class='gallery-item'>\n\t\t\t<div class='gallery-icon landscape'>\n\t\t\t\t<a href='https:\/\/www.arquimaster.com.ar\/web\/wp-content\/uploads\/2018\/06\/casa_suburbana20.jpg' title=\"Casa Suburbana \/ Besonias Almeida Arquitectos\" data-rl_title=\"Casa Suburbana \/ Besonias Almeida Arquitectos\" class=\"rl-gallery-link\" data-rl_caption=\"Casa Suburbana \/ Besonias Almeida Arquitectos\" data-rel=\"lightbox-gallery-2\"><img loading=\"lazy\" decoding=\"async\" width=\"150\" height=\"150\" src=\"https:\/\/www.arquimaster.com.ar\/web\/wp-content\/uploads\/2018\/06\/casa_suburbana20-150x150.jpg\" class=\"attachment-thumbnail size-thumbnail\" alt=\"\" aria-describedby=\"gallery-2-29982\" srcset=\"https:\/\/www.arquimaster.com.ar\/web\/wp-content\/uploads\/2018\/06\/casa_suburbana20-150x150.jpg 150w, https:\/\/www.arquimaster.com.ar\/web\/wp-content\/uploads\/2018\/06\/casa_suburbana20-50x50.jpg 50w, https:\/\/www.arquimaster.com.ar\/web\/wp-content\/uploads\/2018\/06\/casa_suburbana20-125x125.jpg 125w\" sizes=\"auto, (max-width: 150px) 100vw, 150px\" \/><\/a>\n\t\t\t<\/div>\n\t\t\t\t<figcaption class='wp-caption-text gallery-caption' id='gallery-2-29982'>\n\t\t\t\tCasa Suburbana \/ Besonias Almeida Arquitectos\n\t\t\t\t<\/figcaption><\/figure><figure class='gallery-item'>\n\t\t\t<div class='gallery-icon landscape'>\n\t\t\t\t<a href='https:\/\/www.arquimaster.com.ar\/web\/wp-content\/uploads\/2018\/06\/casa_suburbana21.jpg' title=\"Casa Suburbana \/ Besonias Almeida Arquitectos\" data-rl_title=\"Casa Suburbana \/ Besonias Almeida Arquitectos\" class=\"rl-gallery-link\" data-rl_caption=\"Casa Suburbana \/ Besonias Almeida Arquitectos\" data-rel=\"lightbox-gallery-2\"><img loading=\"lazy\" decoding=\"async\" width=\"150\" height=\"150\" src=\"https:\/\/www.arquimaster.com.ar\/web\/wp-content\/uploads\/2018\/06\/casa_suburbana21-150x150.jpg\" class=\"attachment-thumbnail size-thumbnail\" alt=\"\" aria-describedby=\"gallery-2-29983\" srcset=\"https:\/\/www.arquimaster.com.ar\/web\/wp-content\/uploads\/2018\/06\/casa_suburbana21-150x150.jpg 150w, https:\/\/www.arquimaster.com.ar\/web\/wp-content\/uploads\/2018\/06\/casa_suburbana21-50x50.jpg 50w, https:\/\/www.arquimaster.com.ar\/web\/wp-content\/uploads\/2018\/06\/casa_suburbana21-125x125.jpg 125w\" sizes=\"auto, (max-width: 150px) 100vw, 150px\" \/><\/a>\n\t\t\t<\/div>\n\t\t\t\t<figcaption class='wp-caption-text gallery-caption' id='gallery-2-29983'>\n\t\t\t\tCasa Suburbana \/ Besonias Almeida Arquitectos\n\t\t\t\t<\/figcaption><\/figure><figure class='gallery-item'>\n\t\t\t<div class='gallery-icon landscape'>\n\t\t\t\t<a href='https:\/\/www.arquimaster.com.ar\/web\/wp-content\/uploads\/2018\/06\/casa_suburbana22.jpg' title=\"Casa Suburbana \/ Besonias Almeida Arquitectos (planta)\" data-rl_title=\"Casa Suburbana \/ Besonias Almeida Arquitectos (planta)\" class=\"rl-gallery-link\" data-rl_caption=\"Casa Suburbana \/ Besonias Almeida Arquitectos (planta)\" data-rel=\"lightbox-gallery-2\"><img loading=\"lazy\" decoding=\"async\" width=\"150\" height=\"150\" src=\"https:\/\/www.arquimaster.com.ar\/web\/wp-content\/uploads\/2018\/06\/casa_suburbana22-150x150.jpg\" class=\"attachment-thumbnail size-thumbnail\" alt=\"\" aria-describedby=\"gallery-2-29984\" srcset=\"https:\/\/www.arquimaster.com.ar\/web\/wp-content\/uploads\/2018\/06\/casa_suburbana22-150x150.jpg 150w, https:\/\/www.arquimaster.com.ar\/web\/wp-content\/uploads\/2018\/06\/casa_suburbana22-768x768.jpg 768w, https:\/\/www.arquimaster.com.ar\/web\/wp-content\/uploads\/2018\/06\/casa_suburbana22-50x50.jpg 50w, https:\/\/www.arquimaster.com.ar\/web\/wp-content\/uploads\/2018\/06\/casa_suburbana22-125x125.jpg 125w, https:\/\/www.arquimaster.com.ar\/web\/wp-content\/uploads\/2018\/06\/casa_suburbana22.jpg 1000w\" sizes=\"auto, (max-width: 150px) 100vw, 150px\" \/><\/a>\n\t\t\t<\/div>\n\t\t\t\t<figcaption class='wp-caption-text gallery-caption' id='gallery-2-29984'>\n\t\t\t\tCasa Suburbana \/ Besonias Almeida Arquitectos (planta)\n\t\t\t\t<\/figcaption><\/figure><figure class='gallery-item'>\n\t\t\t<div class='gallery-icon landscape'>\n\t\t\t\t<a href='https:\/\/www.arquimaster.com.ar\/web\/wp-content\/uploads\/2018\/06\/casa_suburbana23.jpg' title=\"Casa Suburbana \/ Besonias Almeida Arquitectos (corte)\" data-rl_title=\"Casa Suburbana \/ Besonias Almeida Arquitectos (corte)\" class=\"rl-gallery-link\" data-rl_caption=\"Casa Suburbana \/ Besonias Almeida Arquitectos (corte)\" data-rel=\"lightbox-gallery-2\"><img loading=\"lazy\" decoding=\"async\" width=\"150\" height=\"150\" src=\"https:\/\/www.arquimaster.com.ar\/web\/wp-content\/uploads\/2018\/06\/casa_suburbana23-150x150.jpg\" class=\"attachment-thumbnail size-thumbnail\" alt=\"\" aria-describedby=\"gallery-2-29985\" srcset=\"https:\/\/www.arquimaster.com.ar\/web\/wp-content\/uploads\/2018\/06\/casa_suburbana23-150x150.jpg 150w, https:\/\/www.arquimaster.com.ar\/web\/wp-content\/uploads\/2018\/06\/casa_suburbana23-50x50.jpg 50w, https:\/\/www.arquimaster.com.ar\/web\/wp-content\/uploads\/2018\/06\/casa_suburbana23-125x125.jpg 125w\" sizes=\"auto, (max-width: 150px) 100vw, 150px\" \/><\/a>\n\t\t\t<\/div>\n\t\t\t\t<figcaption class='wp-caption-text gallery-caption' id='gallery-2-29985'>\n\t\t\t\tCasa Suburbana \/ Besonias Almeida Arquitectos (corte)\n\t\t\t\t<\/figcaption><\/figure><figure class='gallery-item'>\n\t\t\t<div class='gallery-icon landscape'>\n\t\t\t\t<a href='https:\/\/www.arquimaster.com.ar\/web\/wp-content\/uploads\/2018\/06\/casa_suburbana24.jpg' title=\"Casa Suburbana \/ Besonias Almeida Arquitectos (corte)\" data-rl_title=\"Casa Suburbana \/ Besonias Almeida Arquitectos (corte)\" class=\"rl-gallery-link\" data-rl_caption=\"Casa Suburbana \/ Besonias Almeida Arquitectos (corte)\" data-rel=\"lightbox-gallery-2\"><img loading=\"lazy\" decoding=\"async\" width=\"150\" height=\"150\" src=\"https:\/\/www.arquimaster.com.ar\/web\/wp-content\/uploads\/2018\/06\/casa_suburbana24-150x150.jpg\" class=\"attachment-thumbnail size-thumbnail\" alt=\"\" aria-describedby=\"gallery-2-29986\" srcset=\"https:\/\/www.arquimaster.com.ar\/web\/wp-content\/uploads\/2018\/06\/casa_suburbana24-150x150.jpg 150w, https:\/\/www.arquimaster.com.ar\/web\/wp-content\/uploads\/2018\/06\/casa_suburbana24-50x50.jpg 50w, https:\/\/www.arquimaster.com.ar\/web\/wp-content\/uploads\/2018\/06\/casa_suburbana24-125x125.jpg 125w\" sizes=\"auto, (max-width: 150px) 100vw, 150px\" \/><\/a>\n\t\t\t<\/div>\n\t\t\t\t<figcaption class='wp-caption-text gallery-caption' id='gallery-2-29986'>\n\t\t\t\tCasa Suburbana \/ Besonias Almeida Arquitectos (corte)\n\t\t\t\t<\/figcaption><\/figure>\n\t\t<\/div>\n\n<p><strong>La organizaci\u00f3n funcional<\/strong><br \/>\nUn corte neto en la continuidad ladrillera de la fachada se\u00f1ala el acceso. Desde ah\u00ed se ingresa a un \u00fanico espacio, que la ubicaci\u00f3n del n\u00facleo h\u00famedo (ba\u00f1o y cocina) sectoriza en dos \u00e1reas: una \u00edntima con dos ingresos para resolver diferentes situaciones de uso (dos dormitorios peque\u00f1os o un dormitorio principal y un lugar de trabajo), y otra social que se integra a la cocina y se prolonga en el exterior a trav\u00e9s de un solado y un alero profundo.<\/p>\n<p>En una segunda etapa, y en el orden que las necesidades de la pareja lo establezcan, queda prevista la construcci\u00f3n de un nuevo dormitorio y\/o la formalizaci\u00f3n de un patio con la parrilla.<\/p>\n<p><strong>La soluci\u00f3n estructural<\/strong><br \/>\nUna losa de hormig\u00f3n armada en dos direcciones descansa sobre vigas invertidas retiradas de la l\u00ednea de fachada para simular una menor altura del volumen y hacerlo parecer m\u00e1s apaisado.<\/p>\n<p>Estas vigas apoyan en tabiques de hormig\u00f3n o columnas de perfiles de hierro seg\u00fan lo requiera el proyecto. Un tabique-losa bajo de hormig\u00f3n que corre a lo largo de ambas fachadas hace de apoyo de los diferentes muros de ladrillo.<\/p>\n<p><strong>La construcci\u00f3n<\/strong><br \/>\nTodo el hormig\u00f3n, tanto interior como exterior, fue dejado a la vista sin ning\u00fan tipo de acabado superficial. Igual criterio se sigui\u00f3 para los muros de mamposter\u00eda, tanto los ciegos como los calados.<\/p>\n<p>Los pisos, interiores y exteriores son de pa\u00f1os de alisado de cemento separados por planchuelas de acero inoxidable. Las mesadas de ba\u00f1os y cocina son losas de hormig\u00f3n con su superficie alisada y protegida por una laca. Las aberturas son de aluminio anodinado color bronce oscuro con vidrios con c\u00e1mara de aire. La calefacci\u00f3n es por losa radiante. Los muebles de cocina y todas las puertas de los diferentes guardados se proyectaron con placas de MDF con dos manos de barniz.<\/p>\n<p><strong>Ficha t\u00e9cnica<\/strong><br \/>\nNombre: Casa Suburbana<br \/>\nUbicaci\u00f3n: Francisco \u00c1lvarez, Provincia de Buenos Aires, Argentina<br \/>\nProyecto y Direcci\u00f3n: Arq. Mar\u00eda Victoria Beson\u00edas, Arq. Guillermo de Almeida<br \/>\nColaboradores: Arq. Diorella Fortunati,\u00a0Hern\u00e1n de Almeida<br \/>\nSuperficie del terreno: 595 m2<br \/>\nSuperficie construida: 77 m2<br \/>\nA\u00f1o de construcci\u00f3n: 2017<br \/>\nFotos: Beson\u00edas Almeida<\/p>\n<p><strong>Contacto:<\/strong> <a href=\"http:\/\/www.besoniasalmeida.com\" target=\"_blank\" rel=\"noopener\">http:\/\/www.besoniasalmeida.com<\/a><\/p>\n<p>&nbsp;<\/p>\n<p><strong><em>English version<\/em><\/strong><br \/>\n<em><strong>Suburban House<\/strong><\/em><\/p>\n<p><em><strong>The place<\/strong><\/em><br \/>\n<em>This is a plot of land located in a town belonging to the second belt of the Buenos Aires outskirts. This is a traditional area of farmhouses that, after the construction of the Western Highway, is being gradually converted and transformed into a permanent living area. In this semi-rural environment, with very few neighboring buildings, the project had to be conceived without all the information that a well-established neighborhood provides.<\/em><\/p>\n<p><strong><em>The order<\/em><\/strong><br \/>\n<em>The house was to be built with a loan from the Procrear program, a national government initiative for the construction or extension of the first property. With these funds plus a few savings achieved, a young couple commissioned the project to build a minimum house (no more than 80sqm) with a mutability and spatial flexibility that would allow different ways of inhabiting it over time. The question of the safe closing of the residence is an essential aspect.<\/em><\/p>\n<p><strong><em>The proposal<\/em><\/strong><br \/>\n<em>With these data, the search for proposals was conditioned by three issues: on the one hand, the security and privacy of the house as a consequence of its particular location, on the other hand, the reduction of costs to make its construction feasible through the credit plan, and finally, its adaptability to the changes in the life of this young couple.<\/em><\/p>\n<p><em>As the resolution of the security of the house was so relevant, it seemed interesting to see to what extent this strong conditioner could be taken as a generator of the project, to what extent the formalization became dependent on the solution to this problem and how much this dependence could be stressed without affecting the good aesthetic result, operating within very reduced budgets.<\/em><\/p>\n<p><em>It was then decided to formalize the house with a simple geometry and a technology easily available in the market, which would make it possible to save a considerable amount of time in the completions during its execution and ensure zero maintenance over time.<\/em><\/p>\n<p><em>The proposal was to design this house in a single volume, an elongated prism with a roof and side walls in exposed reinforced concrete, and adopting the exposed regular brick as the closure for the larger sides.<\/em><\/p>\n<p><em>In the fa\u00e7ade towards the front, these walls are pierced or blinded to provide security, intimacy or hermeticity, as the case may be. In the fa\u00e7ade towards the back, brick walls are combined with a large opening that ensures the interior-exterior integration. The house is finally shut with a metal curtain that, when rolled up, disappears into inverted beams.<\/em><\/p>\n<p><strong><em>The functional organization<\/em><\/strong><br \/>\n<em>A clear cut in the brick continuity of the fa\u00e7ade points out the entrance. From there you access a single space, which the location of the wet core (bathroom and kitchen) sectorizes into two areas: an intimate one with two entrances to solve different situations of use (two small bedrooms or a master bedroom and a workspace), and a social one that integrates seamlessly into the kitchen and is extended to the outside through a pavement and a deep overhang.<\/em><\/p>\n<p><em>In a second stage, and in the order that the requirements of the couple establish it, the construction of a new bedroom and\/or the execution of a patio with the grill is foreseen.<\/em><\/p>\n<p><strong><em>The structural solution<\/em><\/strong><br \/>\n<em>A two-way reinforced concrete slab rests on inverted beams removed from the fa\u00e7ade line to simulate a lower slab height and make it look more flattened.<\/em><\/p>\n<p><em>These beams are supported by concrete partitions or by iron bars columns as required by the project. A low concrete partition slab that runs along both fa\u00e7ades serves as a support for the different brick walls.<\/em><\/p>\n<p><em><strong>The construction<\/strong> <\/em><br \/>\n<em>All the concrete, both interior and exterior, is exposed without any kind of surface finish. The same criteria was followed for masonry walls, both blind and pierced.<\/em><\/p>\n<p><em>The floors, interior and exterior, are made of cement smooth cloths separated by stainless steel planks. Bathroom and kitchen countertops are concrete slabs with their surface smoothed and protected by lacquer. The openings are made of dark bronze anodized aluminum with air chamber glass. The heating is by underfloor heating.<\/em><\/p>\n<p><em>The kitchen furniture and all the doors of the different storage areas were designed with MDF panels with two coats of varnish.<\/em><\/p>\n\n<div style=\"font-size: 0px; height: 0px; line-height: 0px; margin: 0; padding: 0; clear: both;\"><\/div><div style=\"margin-top: 0px; margin-bottom: 0px;\" class=\"sharethis-inline-share-buttons\" ><\/div>","protected":false},"excerpt":{"rendered":"<p>Mutabilidad y flexibilidad espacial que posibilita diferentes maneras de habitarla en el tiempo&#8230;<\/p>\n","protected":false},"author":1,"featured_media":29962,"comment_status":"closed","ping_status":"closed","sticky":false,"template":"","format":"standard","meta":{"_uag_custom_page_level_css":"","footnotes":""},"categories":[1,83],"tags":[3373,3376,1176,3375,4555,1431,1432,254],"class_list":["post-29961","post","type-post","status-publish","format-standard","has-post-thumbnail","hentry","category-proyecto","category-vivienda-unifamiliar","tag-besonias-almeida-arquitectos","tag-guillermo-de-almeida","tag-hormigon-a-la-vista","tag-maria-victoria-besonias","tag-mdf","tag-pro-cre-ar","tag-procrear","tag-vivienda-unifamiliar-2","generate-columns","tablet-grid-50","mobile-grid-100","grid-parent","grid-50"],"yoast_head":"<!-- This site is optimized with the Yoast SEO plugin v27.3 - https:\/\/yoast.com\/product\/yoast-seo-wordpress\/ -->\n<title>Casa Suburbana \/ Besonias Almeida Arquitectos - Arquimaster<\/title>\n<meta name=\"robots\" content=\"index, follow, max-snippet:-1, max-image-preview:large, max-video-preview:-1\" \/>\n<link rel=\"canonical\" href=\"https:\/\/www.arquimaster.com.ar\/web\/casa-suburbana-besonias-almeida-arquitectos\/\" \/>\n<meta property=\"og:locale\" content=\"es_ES\" \/>\n<meta property=\"og:type\" content=\"article\" \/>\n<meta property=\"og:title\" content=\"Casa Suburbana \/ Besonias Almeida Arquitectos - Arquimaster\" \/>\n<meta property=\"og:description\" content=\"Mutabilidad y flexibilidad espacial que posibilita diferentes maneras de habitarla en el tiempo...\" \/>\n<meta property=\"og:url\" content=\"https:\/\/www.arquimaster.com.ar\/web\/casa-suburbana-besonias-almeida-arquitectos\/\" \/>\n<meta property=\"og:site_name\" content=\"Arquimaster\" \/>\n<meta property=\"article:publisher\" content=\"http:\/\/www.facebook.com\/ARQUIMASTER.com.ar\" \/>\n<meta property=\"article:published_time\" content=\"2018-06-07T01:23:33+00:00\" \/>\n<meta property=\"article:modified_time\" content=\"2018-06-11T01:33:28+00:00\" \/>\n<meta property=\"og:image\" content=\"https:\/\/www.arquimaster.com.ar\/web\/wp-content\/uploads\/2018\/06\/casa_suburbana_slide.jpg\" \/>\n\t<meta property=\"og:image:width\" content=\"642\" \/>\n\t<meta property=\"og:image:height\" content=\"336\" \/>\n\t<meta property=\"og:image:type\" content=\"image\/jpeg\" \/>\n<meta name=\"author\" content=\"Arquimaster\" \/>\n<meta name=\"twitter:card\" content=\"summary_large_image\" \/>\n<meta name=\"twitter:creator\" content=\"@arquimaster\" \/>\n<meta name=\"twitter:site\" content=\"@arquimaster\" \/>\n<meta name=\"twitter:label1\" content=\"Escrito por\" \/>\n\t<meta name=\"twitter:data1\" content=\"Arquimaster\" \/>\n\t<meta name=\"twitter:label2\" content=\"Tiempo de lectura\" \/>\n\t<meta name=\"twitter:data2\" content=\"8 minutos\" \/>\n<script type=\"application\/ld+json\" class=\"yoast-schema-graph\">{\"@context\":\"https:\\\/\\\/schema.org\",\"@graph\":[{\"@type\":\"Article\",\"@id\":\"https:\\\/\\\/www.arquimaster.com.ar\\\/web\\\/casa-suburbana-besonias-almeida-arquitectos\\\/#article\",\"isPartOf\":{\"@id\":\"https:\\\/\\\/www.arquimaster.com.ar\\\/web\\\/casa-suburbana-besonias-almeida-arquitectos\\\/\"},\"author\":{\"name\":\"Arquimaster\",\"@id\":\"https:\\\/\\\/www.arquimaster.com.ar\\\/web\\\/#\\\/schema\\\/person\\\/359e9f7c00193fcde068e0dd2ceb0028\"},\"headline\":\"Casa Suburbana \\\/ Besonias Almeida Arquitectos\",\"datePublished\":\"2018-06-07T01:23:33+00:00\",\"dateModified\":\"2018-06-11T01:33:28+00:00\",\"mainEntityOfPage\":{\"@id\":\"https:\\\/\\\/www.arquimaster.com.ar\\\/web\\\/casa-suburbana-besonias-almeida-arquitectos\\\/\"},\"wordCount\":1589,\"publisher\":{\"@id\":\"https:\\\/\\\/www.arquimaster.com.ar\\\/web\\\/#organization\"},\"image\":{\"@id\":\"https:\\\/\\\/www.arquimaster.com.ar\\\/web\\\/casa-suburbana-besonias-almeida-arquitectos\\\/#primaryimage\"},\"thumbnailUrl\":\"https:\\\/\\\/www.arquimaster.com.ar\\\/web\\\/wp-content\\\/uploads\\\/2018\\\/06\\\/casa_suburbana_slide.jpg\",\"keywords\":[\"Besonias Almeida Arquitectos\",\"Guillermo de Almeida\",\"hormig\u00f3n a la vista\",\"Mar\u00eda Victoria Besonias\",\"MDF\",\"PRO.CRE.AR.\",\"Procrear\",\"vivienda unifamiliar\"],\"articleSection\":[\"Proyecto\",\"Vivienda unifamiliar y PH\"],\"inLanguage\":\"es\"},{\"@type\":\"WebPage\",\"@id\":\"https:\\\/\\\/www.arquimaster.com.ar\\\/web\\\/casa-suburbana-besonias-almeida-arquitectos\\\/\",\"url\":\"https:\\\/\\\/www.arquimaster.com.ar\\\/web\\\/casa-suburbana-besonias-almeida-arquitectos\\\/\",\"name\":\"Casa Suburbana \\\/ Besonias Almeida Arquitectos - Arquimaster\",\"isPartOf\":{\"@id\":\"https:\\\/\\\/www.arquimaster.com.ar\\\/web\\\/#website\"},\"primaryImageOfPage\":{\"@id\":\"https:\\\/\\\/www.arquimaster.com.ar\\\/web\\\/casa-suburbana-besonias-almeida-arquitectos\\\/#primaryimage\"},\"image\":{\"@id\":\"https:\\\/\\\/www.arquimaster.com.ar\\\/web\\\/casa-suburbana-besonias-almeida-arquitectos\\\/#primaryimage\"},\"thumbnailUrl\":\"https:\\\/\\\/www.arquimaster.com.ar\\\/web\\\/wp-content\\\/uploads\\\/2018\\\/06\\\/casa_suburbana_slide.jpg\",\"datePublished\":\"2018-06-07T01:23:33+00:00\",\"dateModified\":\"2018-06-11T01:33:28+00:00\",\"breadcrumb\":{\"@id\":\"https:\\\/\\\/www.arquimaster.com.ar\\\/web\\\/casa-suburbana-besonias-almeida-arquitectos\\\/#breadcrumb\"},\"inLanguage\":\"es\",\"potentialAction\":[{\"@type\":\"ReadAction\",\"target\":[\"https:\\\/\\\/www.arquimaster.com.ar\\\/web\\\/casa-suburbana-besonias-almeida-arquitectos\\\/\"]}]},{\"@type\":\"ImageObject\",\"inLanguage\":\"es\",\"@id\":\"https:\\\/\\\/www.arquimaster.com.ar\\\/web\\\/casa-suburbana-besonias-almeida-arquitectos\\\/#primaryimage\",\"url\":\"https:\\\/\\\/www.arquimaster.com.ar\\\/web\\\/wp-content\\\/uploads\\\/2018\\\/06\\\/casa_suburbana_slide.jpg\",\"contentUrl\":\"https:\\\/\\\/www.arquimaster.com.ar\\\/web\\\/wp-content\\\/uploads\\\/2018\\\/06\\\/casa_suburbana_slide.jpg\",\"width\":642,\"height\":336},{\"@type\":\"BreadcrumbList\",\"@id\":\"https:\\\/\\\/www.arquimaster.com.ar\\\/web\\\/casa-suburbana-besonias-almeida-arquitectos\\\/#breadcrumb\",\"itemListElement\":[{\"@type\":\"ListItem\",\"position\":1,\"name\":\"Portada\",\"item\":\"https:\\\/\\\/www.arquimaster.com.ar\\\/web\\\/\"},{\"@type\":\"ListItem\",\"position\":2,\"name\":\"Casa Suburbana \\\/ Besonias Almeida Arquitectos\"}]},{\"@type\":\"WebSite\",\"@id\":\"https:\\\/\\\/www.arquimaster.com.ar\\\/web\\\/#website\",\"url\":\"https:\\\/\\\/www.arquimaster.com.ar\\\/web\\\/\",\"name\":\"Arquimaster\",\"description\":\"Web de arquitectura, dise\u00f1o y construccion\",\"publisher\":{\"@id\":\"https:\\\/\\\/www.arquimaster.com.ar\\\/web\\\/#organization\"},\"potentialAction\":[{\"@type\":\"SearchAction\",\"target\":{\"@type\":\"EntryPoint\",\"urlTemplate\":\"https:\\\/\\\/www.arquimaster.com.ar\\\/web\\\/?s={search_term_string}\"},\"query-input\":{\"@type\":\"PropertyValueSpecification\",\"valueRequired\":true,\"valueName\":\"search_term_string\"}}],\"inLanguage\":\"es\"},{\"@type\":\"Organization\",\"@id\":\"https:\\\/\\\/www.arquimaster.com.ar\\\/web\\\/#organization\",\"name\":\"Arquimaster\",\"url\":\"https:\\\/\\\/www.arquimaster.com.ar\\\/web\\\/\",\"logo\":{\"@type\":\"ImageObject\",\"inLanguage\":\"es\",\"@id\":\"https:\\\/\\\/www.arquimaster.com.ar\\\/web\\\/#\\\/schema\\\/logo\\\/image\\\/\",\"url\":\"https:\\\/\\\/www.arquimaster.com.ar\\\/web\\\/wp-content\\\/uploads\\\/2022\\\/06\\\/arquimaster.png\",\"contentUrl\":\"https:\\\/\\\/www.arquimaster.com.ar\\\/web\\\/wp-content\\\/uploads\\\/2022\\\/06\\\/arquimaster.png\",\"width\":594,\"height\":78,\"caption\":\"Arquimaster\"},\"image\":{\"@id\":\"https:\\\/\\\/www.arquimaster.com.ar\\\/web\\\/#\\\/schema\\\/logo\\\/image\\\/\"},\"sameAs\":[\"http:\\\/\\\/www.facebook.com\\\/ARQUIMASTER.com.ar\",\"https:\\\/\\\/x.com\\\/arquimaster\",\"https:\\\/\\\/www.instagram.com\\\/arquimasterblog\\\/\",\"https:\\\/\\\/www.linkedin.com\\\/company\\\/arquimaster\",\"https:\\\/\\\/www.pinterest.com\\\/arquimaster\",\"https:\\\/\\\/t.me\\\/arquimaster\"]},{\"@type\":\"Person\",\"@id\":\"https:\\\/\\\/www.arquimaster.com.ar\\\/web\\\/#\\\/schema\\\/person\\\/359e9f7c00193fcde068e0dd2ceb0028\",\"name\":\"Arquimaster\"}]}<\/script>\n<!-- \/ Yoast SEO plugin. -->","yoast_head_json":{"title":"Casa Suburbana \/ Besonias Almeida Arquitectos - Arquimaster","robots":{"index":"index","follow":"follow","max-snippet":"max-snippet:-1","max-image-preview":"max-image-preview:large","max-video-preview":"max-video-preview:-1"},"canonical":"https:\/\/www.arquimaster.com.ar\/web\/casa-suburbana-besonias-almeida-arquitectos\/","og_locale":"es_ES","og_type":"article","og_title":"Casa Suburbana \/ Besonias Almeida Arquitectos - Arquimaster","og_description":"Mutabilidad y flexibilidad espacial que posibilita diferentes maneras de habitarla en el tiempo...","og_url":"https:\/\/www.arquimaster.com.ar\/web\/casa-suburbana-besonias-almeida-arquitectos\/","og_site_name":"Arquimaster","article_publisher":"http:\/\/www.facebook.com\/ARQUIMASTER.com.ar","article_published_time":"2018-06-07T01:23:33+00:00","article_modified_time":"2018-06-11T01:33:28+00:00","og_image":[{"width":642,"height":336,"url":"https:\/\/www.arquimaster.com.ar\/web\/wp-content\/uploads\/2018\/06\/casa_suburbana_slide.jpg","type":"image\/jpeg"}],"author":"Arquimaster","twitter_card":"summary_large_image","twitter_creator":"@arquimaster","twitter_site":"@arquimaster","twitter_misc":{"Escrito por":"Arquimaster","Tiempo de lectura":"8 minutos"},"schema":{"@context":"https:\/\/schema.org","@graph":[{"@type":"Article","@id":"https:\/\/www.arquimaster.com.ar\/web\/casa-suburbana-besonias-almeida-arquitectos\/#article","isPartOf":{"@id":"https:\/\/www.arquimaster.com.ar\/web\/casa-suburbana-besonias-almeida-arquitectos\/"},"author":{"name":"Arquimaster","@id":"https:\/\/www.arquimaster.com.ar\/web\/#\/schema\/person\/359e9f7c00193fcde068e0dd2ceb0028"},"headline":"Casa Suburbana \/ Besonias Almeida Arquitectos","datePublished":"2018-06-07T01:23:33+00:00","dateModified":"2018-06-11T01:33:28+00:00","mainEntityOfPage":{"@id":"https:\/\/www.arquimaster.com.ar\/web\/casa-suburbana-besonias-almeida-arquitectos\/"},"wordCount":1589,"publisher":{"@id":"https:\/\/www.arquimaster.com.ar\/web\/#organization"},"image":{"@id":"https:\/\/www.arquimaster.com.ar\/web\/casa-suburbana-besonias-almeida-arquitectos\/#primaryimage"},"thumbnailUrl":"https:\/\/www.arquimaster.com.ar\/web\/wp-content\/uploads\/2018\/06\/casa_suburbana_slide.jpg","keywords":["Besonias Almeida Arquitectos","Guillermo de Almeida","hormig\u00f3n a la vista","Mar\u00eda Victoria Besonias","MDF","PRO.CRE.AR.","Procrear","vivienda unifamiliar"],"articleSection":["Proyecto","Vivienda unifamiliar y PH"],"inLanguage":"es"},{"@type":"WebPage","@id":"https:\/\/www.arquimaster.com.ar\/web\/casa-suburbana-besonias-almeida-arquitectos\/","url":"https:\/\/www.arquimaster.com.ar\/web\/casa-suburbana-besonias-almeida-arquitectos\/","name":"Casa Suburbana \/ Besonias Almeida Arquitectos - Arquimaster","isPartOf":{"@id":"https:\/\/www.arquimaster.com.ar\/web\/#website"},"primaryImageOfPage":{"@id":"https:\/\/www.arquimaster.com.ar\/web\/casa-suburbana-besonias-almeida-arquitectos\/#primaryimage"},"image":{"@id":"https:\/\/www.arquimaster.com.ar\/web\/casa-suburbana-besonias-almeida-arquitectos\/#primaryimage"},"thumbnailUrl":"https:\/\/www.arquimaster.com.ar\/web\/wp-content\/uploads\/2018\/06\/casa_suburbana_slide.jpg","datePublished":"2018-06-07T01:23:33+00:00","dateModified":"2018-06-11T01:33:28+00:00","breadcrumb":{"@id":"https:\/\/www.arquimaster.com.ar\/web\/casa-suburbana-besonias-almeida-arquitectos\/#breadcrumb"},"inLanguage":"es","potentialAction":[{"@type":"ReadAction","target":["https:\/\/www.arquimaster.com.ar\/web\/casa-suburbana-besonias-almeida-arquitectos\/"]}]},{"@type":"ImageObject","inLanguage":"es","@id":"https:\/\/www.arquimaster.com.ar\/web\/casa-suburbana-besonias-almeida-arquitectos\/#primaryimage","url":"https:\/\/www.arquimaster.com.ar\/web\/wp-content\/uploads\/2018\/06\/casa_suburbana_slide.jpg","contentUrl":"https:\/\/www.arquimaster.com.ar\/web\/wp-content\/uploads\/2018\/06\/casa_suburbana_slide.jpg","width":642,"height":336},{"@type":"BreadcrumbList","@id":"https:\/\/www.arquimaster.com.ar\/web\/casa-suburbana-besonias-almeida-arquitectos\/#breadcrumb","itemListElement":[{"@type":"ListItem","position":1,"name":"Portada","item":"https:\/\/www.arquimaster.com.ar\/web\/"},{"@type":"ListItem","position":2,"name":"Casa Suburbana \/ Besonias Almeida Arquitectos"}]},{"@type":"WebSite","@id":"https:\/\/www.arquimaster.com.ar\/web\/#website","url":"https:\/\/www.arquimaster.com.ar\/web\/","name":"Arquimaster","description":"Web de arquitectura, dise\u00f1o y construccion","publisher":{"@id":"https:\/\/www.arquimaster.com.ar\/web\/#organization"},"potentialAction":[{"@type":"SearchAction","target":{"@type":"EntryPoint","urlTemplate":"https:\/\/www.arquimaster.com.ar\/web\/?s={search_term_string}"},"query-input":{"@type":"PropertyValueSpecification","valueRequired":true,"valueName":"search_term_string"}}],"inLanguage":"es"},{"@type":"Organization","@id":"https:\/\/www.arquimaster.com.ar\/web\/#organization","name":"Arquimaster","url":"https:\/\/www.arquimaster.com.ar\/web\/","logo":{"@type":"ImageObject","inLanguage":"es","@id":"https:\/\/www.arquimaster.com.ar\/web\/#\/schema\/logo\/image\/","url":"https:\/\/www.arquimaster.com.ar\/web\/wp-content\/uploads\/2022\/06\/arquimaster.png","contentUrl":"https:\/\/www.arquimaster.com.ar\/web\/wp-content\/uploads\/2022\/06\/arquimaster.png","width":594,"height":78,"caption":"Arquimaster"},"image":{"@id":"https:\/\/www.arquimaster.com.ar\/web\/#\/schema\/logo\/image\/"},"sameAs":["http:\/\/www.facebook.com\/ARQUIMASTER.com.ar","https:\/\/x.com\/arquimaster","https:\/\/www.instagram.com\/arquimasterblog\/","https:\/\/www.linkedin.com\/company\/arquimaster","https:\/\/www.pinterest.com\/arquimaster","https:\/\/t.me\/arquimaster"]},{"@type":"Person","@id":"https:\/\/www.arquimaster.com.ar\/web\/#\/schema\/person\/359e9f7c00193fcde068e0dd2ceb0028","name":"Arquimaster"}]}},"uagb_featured_image_src":{"full":["https:\/\/www.arquimaster.com.ar\/web\/wp-content\/uploads\/2018\/06\/casa_suburbana_slide.jpg",642,336,false],"thumbnail":["https:\/\/www.arquimaster.com.ar\/web\/wp-content\/uploads\/2018\/06\/casa_suburbana_slide-150x150.jpg",150,150,true],"medium":["https:\/\/www.arquimaster.com.ar\/web\/wp-content\/uploads\/2018\/06\/casa_suburbana_slide.jpg",642,336,false],"medium_large":["https:\/\/www.arquimaster.com.ar\/web\/wp-content\/uploads\/2018\/06\/casa_suburbana_slide.jpg",642,336,false],"large":["https:\/\/www.arquimaster.com.ar\/web\/wp-content\/uploads\/2018\/06\/casa_suburbana_slide.jpg",642,336,false],"1536x1536":["https:\/\/www.arquimaster.com.ar\/web\/wp-content\/uploads\/2018\/06\/casa_suburbana_slide.jpg",642,336,false],"2048x2048":["https:\/\/www.arquimaster.com.ar\/web\/wp-content\/uploads\/2018\/06\/casa_suburbana_slide.jpg",642,336,false]},"uagb_author_info":{"display_name":"Arquimaster","author_link":"https:\/\/www.arquimaster.com.ar\/web\/author\/arquimaster\/"},"uagb_comment_info":0,"uagb_excerpt":"Mutabilidad y flexibilidad espacial que posibilita diferentes maneras de habitarla en el tiempo...","_links":{"self":[{"href":"https:\/\/www.arquimaster.com.ar\/web\/wp-json\/wp\/v2\/posts\/29961","targetHints":{"allow":["GET"]}}],"collection":[{"href":"https:\/\/www.arquimaster.com.ar\/web\/wp-json\/wp\/v2\/posts"}],"about":[{"href":"https:\/\/www.arquimaster.com.ar\/web\/wp-json\/wp\/v2\/types\/post"}],"author":[{"embeddable":true,"href":"https:\/\/www.arquimaster.com.ar\/web\/wp-json\/wp\/v2\/users\/1"}],"replies":[{"embeddable":true,"href":"https:\/\/www.arquimaster.com.ar\/web\/wp-json\/wp\/v2\/comments?post=29961"}],"version-history":[{"count":0,"href":"https:\/\/www.arquimaster.com.ar\/web\/wp-json\/wp\/v2\/posts\/29961\/revisions"}],"wp:featuredmedia":[{"embeddable":true,"href":"https:\/\/www.arquimaster.com.ar\/web\/wp-json\/wp\/v2\/media\/29962"}],"wp:attachment":[{"href":"https:\/\/www.arquimaster.com.ar\/web\/wp-json\/wp\/v2\/media?parent=29961"}],"wp:term":[{"taxonomy":"category","embeddable":true,"href":"https:\/\/www.arquimaster.com.ar\/web\/wp-json\/wp\/v2\/categories?post=29961"},{"taxonomy":"post_tag","embeddable":true,"href":"https:\/\/www.arquimaster.com.ar\/web\/wp-json\/wp\/v2\/tags?post=29961"}],"curies":[{"name":"wp","href":"https:\/\/api.w.org\/{rel}","templated":true}]}}