{"id":29993,"date":"2018-06-07T23:57:06","date_gmt":"2018-06-07T23:57:06","guid":{"rendered":"http:\/\/www.arquimaster.com.ar\/web\/?p=29993"},"modified":"2020-03-26T01:16:18","modified_gmt":"2020-03-26T04:16:18","slug":"hotel-pug-seal-german-velasco-arquitectos","status":"publish","type":"post","link":"https:\/\/www.arquimaster.com.ar\/web\/hotel-pug-seal-german-velasco-arquitectos\/","title":{"rendered":"Hotel Pug Seal \/ Germ\u00e1n Velasco Arquitectos"},"content":{"rendered":"<div style=\"margin-top: 0px; margin-bottom: 0px;\" class=\"sharethis-inline-share-buttons\" ><\/div><div class=\"b812932af2e751442846f039925109de\" data-index=\"1\" style=\"float: none; margin:25px 0 25px 0; text-align:center;\">\n<script async src=\"https:\/\/pagead2.googlesyndication.com\/pagead\/js\/adsbygoogle.js\"><\/script>\r\n<!-- Arquimaster (superior) -->\r\n<ins class=\"adsbygoogle\"\r\n     style=\"display:block\"\r\n     data-ad-client=\"ca-pub-6351072698456832\"\r\n     data-ad-slot=\"6455489680\"\r\n     data-ad-format=\"auto\"\r\n     data-full-width-responsive=\"true\"><\/ins>\r\n<script>\r\n     (adsbygoogle = window.adsbygoogle || []).push({});\r\n<\/script>\n<\/div>\n<p><strong>Hotel Pug Seal<\/strong> (Ciudad de M\u00e9xico) por <strong>Germ\u00e1n Velasco Arquitectos<\/strong>.<em> \u00abLos proyectos deben de surgir del propio entorno, de su historia, de sus ra\u00edces\u00bb<\/em> (Germ\u00e1n Velasco).<\/p>\n<p>PugSealTennyson se encuentra en una casona de los a\u00f1os 40 de estilo Neocolonial o Colonial Californiano que tuvo mucho auge en esa \u00e9poca en el Barrio de Chapultepec Polanco. La casa alberga la herencia de muchas d\u00e9cadas de historia, recuerdos, sentimientos y seguramente una gran cantidad de sensaciones. Todos estos momentos, sentimientos, la nostalgia es lo que retomamos en el equipo de Germ\u00e1n Velasco Arquitectos para crear la historia del Hotel PugSeal.<\/p>\n<div id='gallery-1' class='gallery galleryid-29993 gallery-columns-3 gallery-size-thumbnail'><figure class='gallery-item'>\n\t\t\t<div class='gallery-icon landscape'>\n\t\t\t\t<a href='https:\/\/www.arquimaster.com.ar\/web\/wp-content\/uploads\/2018\/06\/hotel_pug_seal1.jpg' title=\"Hotel Pug Seal \/ Germ\u00e1n Velasco Arquitectos (\u00a9 Jaime Navarro)\" data-rl_title=\"Hotel Pug Seal \/ Germ\u00e1n Velasco Arquitectos (\u00a9 Jaime Navarro)\" class=\"rl-gallery-link\" data-rl_caption=\"Hotel Pug Seal \/ Germ\u00e1n Velasco Arquitectos (\u00a9 Jaime Navarro)\" data-rel=\"lightbox-gallery-1\"><img loading=\"lazy\" decoding=\"async\" width=\"150\" height=\"150\" src=\"https:\/\/www.arquimaster.com.ar\/web\/wp-content\/uploads\/2018\/06\/hotel_pug_seal1-150x150.jpg\" class=\"attachment-thumbnail size-thumbnail\" alt=\"\" aria-describedby=\"gallery-1-29996\" srcset=\"https:\/\/www.arquimaster.com.ar\/web\/wp-content\/uploads\/2018\/06\/hotel_pug_seal1-150x150.jpg 150w, https:\/\/www.arquimaster.com.ar\/web\/wp-content\/uploads\/2018\/06\/hotel_pug_seal1-50x50.jpg 50w, https:\/\/www.arquimaster.com.ar\/web\/wp-content\/uploads\/2018\/06\/hotel_pug_seal1-125x125.jpg 125w\" sizes=\"auto, (max-width: 150px) 100vw, 150px\" \/><\/a>\n\t\t\t<\/div>\n\t\t\t\t<figcaption class='wp-caption-text gallery-caption' id='gallery-1-29996'>\n\t\t\t\tHotel Pug Seal \/ Germ\u00e1n Velasco Arquitectos (\u00a9 Jaime Navarro)\n\t\t\t\t<\/figcaption><\/figure><figure class='gallery-item'>\n\t\t\t<div class='gallery-icon landscape'>\n\t\t\t\t<a href='https:\/\/www.arquimaster.com.ar\/web\/wp-content\/uploads\/2018\/06\/hotel_pug_seal2.jpg' title=\"Hotel Pug Seal \/ Germ\u00e1n Velasco Arquitectos (\u00a9 Jaime Navarro)\" data-rl_title=\"Hotel Pug Seal \/ Germ\u00e1n Velasco Arquitectos (\u00a9 Jaime Navarro)\" class=\"rl-gallery-link\" data-rl_caption=\"Hotel Pug Seal \/ Germ\u00e1n Velasco Arquitectos (\u00a9 Jaime Navarro)\" data-rel=\"lightbox-gallery-1\"><img loading=\"lazy\" decoding=\"async\" width=\"150\" height=\"150\" src=\"https:\/\/www.arquimaster.com.ar\/web\/wp-content\/uploads\/2018\/06\/hotel_pug_seal2-150x150.jpg\" class=\"attachment-thumbnail size-thumbnail\" alt=\"\" aria-describedby=\"gallery-1-29997\" srcset=\"https:\/\/www.arquimaster.com.ar\/web\/wp-content\/uploads\/2018\/06\/hotel_pug_seal2-150x150.jpg 150w, https:\/\/www.arquimaster.com.ar\/web\/wp-content\/uploads\/2018\/06\/hotel_pug_seal2-50x50.jpg 50w, https:\/\/www.arquimaster.com.ar\/web\/wp-content\/uploads\/2018\/06\/hotel_pug_seal2-125x125.jpg 125w\" sizes=\"auto, (max-width: 150px) 100vw, 150px\" \/><\/a>\n\t\t\t<\/div>\n\t\t\t\t<figcaption class='wp-caption-text gallery-caption' id='gallery-1-29997'>\n\t\t\t\tHotel Pug Seal \/ Germ\u00e1n Velasco Arquitectos (\u00a9 Jaime Navarro)\n\t\t\t\t<\/figcaption><\/figure><figure class='gallery-item'>\n\t\t\t<div class='gallery-icon portrait'>\n\t\t\t\t<a href='https:\/\/www.arquimaster.com.ar\/web\/wp-content\/uploads\/2018\/06\/hotel_pug_seal3.jpg' title=\"Hotel Pug Seal \/ Germ\u00e1n Velasco Arquitectos (\u00a9 Jaime Navarro)\" data-rl_title=\"Hotel Pug Seal \/ Germ\u00e1n Velasco Arquitectos (\u00a9 Jaime Navarro)\" class=\"rl-gallery-link\" data-rl_caption=\"Hotel Pug Seal \/ Germ\u00e1n Velasco Arquitectos (\u00a9 Jaime Navarro)\" data-rel=\"lightbox-gallery-1\"><img loading=\"lazy\" decoding=\"async\" width=\"150\" height=\"150\" src=\"https:\/\/www.arquimaster.com.ar\/web\/wp-content\/uploads\/2018\/06\/hotel_pug_seal3-150x150.jpg\" class=\"attachment-thumbnail size-thumbnail\" alt=\"\" aria-describedby=\"gallery-1-29998\" srcset=\"https:\/\/www.arquimaster.com.ar\/web\/wp-content\/uploads\/2018\/06\/hotel_pug_seal3-150x150.jpg 150w, https:\/\/www.arquimaster.com.ar\/web\/wp-content\/uploads\/2018\/06\/hotel_pug_seal3-50x50.jpg 50w, https:\/\/www.arquimaster.com.ar\/web\/wp-content\/uploads\/2018\/06\/hotel_pug_seal3-125x125.jpg 125w\" sizes=\"auto, (max-width: 150px) 100vw, 150px\" \/><\/a>\n\t\t\t<\/div>\n\t\t\t\t<figcaption class='wp-caption-text gallery-caption' id='gallery-1-29998'>\n\t\t\t\tHotel Pug Seal \/ Germ\u00e1n Velasco Arquitectos (\u00a9 Jaime Navarro)\n\t\t\t\t<\/figcaption><\/figure><figure class='gallery-item'>\n\t\t\t<div class='gallery-icon landscape'>\n\t\t\t\t<a href='https:\/\/www.arquimaster.com.ar\/web\/wp-content\/uploads\/2018\/06\/hotel_pug_seal4.jpg' title=\"Hotel Pug Seal \/ Germ\u00e1n Velasco Arquitectos (\u00a9 Jaime Navarro)\" data-rl_title=\"Hotel Pug Seal \/ Germ\u00e1n Velasco Arquitectos (\u00a9 Jaime Navarro)\" class=\"rl-gallery-link\" data-rl_caption=\"Hotel Pug Seal \/ Germ\u00e1n Velasco Arquitectos (\u00a9 Jaime Navarro)\" data-rel=\"lightbox-gallery-1\"><img loading=\"lazy\" decoding=\"async\" width=\"150\" height=\"150\" src=\"https:\/\/www.arquimaster.com.ar\/web\/wp-content\/uploads\/2018\/06\/hotel_pug_seal4-150x150.jpg\" class=\"attachment-thumbnail size-thumbnail\" alt=\"\" aria-describedby=\"gallery-1-29999\" srcset=\"https:\/\/www.arquimaster.com.ar\/web\/wp-content\/uploads\/2018\/06\/hotel_pug_seal4-150x150.jpg 150w, https:\/\/www.arquimaster.com.ar\/web\/wp-content\/uploads\/2018\/06\/hotel_pug_seal4-50x50.jpg 50w, https:\/\/www.arquimaster.com.ar\/web\/wp-content\/uploads\/2018\/06\/hotel_pug_seal4-125x125.jpg 125w\" sizes=\"auto, (max-width: 150px) 100vw, 150px\" \/><\/a>\n\t\t\t<\/div>\n\t\t\t\t<figcaption class='wp-caption-text gallery-caption' id='gallery-1-29999'>\n\t\t\t\tHotel Pug Seal \/ Germ\u00e1n Velasco Arquitectos (\u00a9 Jaime Navarro)\n\t\t\t\t<\/figcaption><\/figure><figure class='gallery-item'>\n\t\t\t<div class='gallery-icon landscape'>\n\t\t\t\t<a href='https:\/\/www.arquimaster.com.ar\/web\/wp-content\/uploads\/2018\/06\/hotel_pug_seal5.jpg' title=\"Hotel Pug Seal \/ Germ\u00e1n Velasco Arquitectos (\u00a9 Jaime Navarro)\" data-rl_title=\"Hotel Pug Seal \/ Germ\u00e1n Velasco Arquitectos (\u00a9 Jaime Navarro)\" class=\"rl-gallery-link\" data-rl_caption=\"Hotel Pug Seal \/ Germ\u00e1n Velasco Arquitectos (\u00a9 Jaime Navarro)\" data-rel=\"lightbox-gallery-1\"><img loading=\"lazy\" decoding=\"async\" width=\"150\" height=\"150\" src=\"https:\/\/www.arquimaster.com.ar\/web\/wp-content\/uploads\/2018\/06\/hotel_pug_seal5-150x150.jpg\" class=\"attachment-thumbnail size-thumbnail\" alt=\"\" aria-describedby=\"gallery-1-30000\" srcset=\"https:\/\/www.arquimaster.com.ar\/web\/wp-content\/uploads\/2018\/06\/hotel_pug_seal5-150x150.jpg 150w, https:\/\/www.arquimaster.com.ar\/web\/wp-content\/uploads\/2018\/06\/hotel_pug_seal5-50x50.jpg 50w, https:\/\/www.arquimaster.com.ar\/web\/wp-content\/uploads\/2018\/06\/hotel_pug_seal5-125x125.jpg 125w\" sizes=\"auto, (max-width: 150px) 100vw, 150px\" \/><\/a>\n\t\t\t<\/div>\n\t\t\t\t<figcaption class='wp-caption-text gallery-caption' id='gallery-1-30000'>\n\t\t\t\tHotel Pug Seal \/ Germ\u00e1n Velasco Arquitectos (\u00a9 Jaime Navarro)\n\t\t\t\t<\/figcaption><\/figure><figure class='gallery-item'>\n\t\t\t<div class='gallery-icon portrait'>\n\t\t\t\t<a href='https:\/\/www.arquimaster.com.ar\/web\/wp-content\/uploads\/2018\/06\/hotel_pug_seal6.jpg' title=\"Hotel Pug Seal \/ Germ\u00e1n Velasco Arquitectos (\u00a9 Jaime Navarro)\" data-rl_title=\"Hotel Pug Seal \/ Germ\u00e1n Velasco Arquitectos (\u00a9 Jaime Navarro)\" class=\"rl-gallery-link\" data-rl_caption=\"Hotel Pug Seal \/ Germ\u00e1n Velasco Arquitectos (\u00a9 Jaime Navarro)\" data-rel=\"lightbox-gallery-1\"><img loading=\"lazy\" decoding=\"async\" width=\"150\" height=\"150\" src=\"https:\/\/www.arquimaster.com.ar\/web\/wp-content\/uploads\/2018\/06\/hotel_pug_seal6-150x150.jpg\" class=\"attachment-thumbnail size-thumbnail\" alt=\"\" aria-describedby=\"gallery-1-30001\" srcset=\"https:\/\/www.arquimaster.com.ar\/web\/wp-content\/uploads\/2018\/06\/hotel_pug_seal6-150x150.jpg 150w, https:\/\/www.arquimaster.com.ar\/web\/wp-content\/uploads\/2018\/06\/hotel_pug_seal6-50x50.jpg 50w, https:\/\/www.arquimaster.com.ar\/web\/wp-content\/uploads\/2018\/06\/hotel_pug_seal6-125x125.jpg 125w\" sizes=\"auto, (max-width: 150px) 100vw, 150px\" \/><\/a>\n\t\t\t<\/div>\n\t\t\t\t<figcaption class='wp-caption-text gallery-caption' id='gallery-1-30001'>\n\t\t\t\tHotel Pug Seal \/ Germ\u00e1n Velasco Arquitectos (\u00a9 Jaime Navarro)\n\t\t\t\t<\/figcaption><\/figure><figure class='gallery-item'>\n\t\t\t<div class='gallery-icon landscape'>\n\t\t\t\t<a href='https:\/\/www.arquimaster.com.ar\/web\/wp-content\/uploads\/2018\/06\/hotel_pug_seal7.jpg' title=\"Hotel Pug Seal \/ Germ\u00e1n Velasco Arquitectos (\u00a9 Jaime Navarro)\" data-rl_title=\"Hotel Pug Seal \/ Germ\u00e1n Velasco Arquitectos (\u00a9 Jaime Navarro)\" class=\"rl-gallery-link\" data-rl_caption=\"Hotel Pug Seal \/ Germ\u00e1n Velasco Arquitectos (\u00a9 Jaime Navarro)\" data-rel=\"lightbox-gallery-1\"><img loading=\"lazy\" decoding=\"async\" width=\"150\" height=\"150\" src=\"https:\/\/www.arquimaster.com.ar\/web\/wp-content\/uploads\/2018\/06\/hotel_pug_seal7-150x150.jpg\" class=\"attachment-thumbnail size-thumbnail\" alt=\"\" aria-describedby=\"gallery-1-30002\" srcset=\"https:\/\/www.arquimaster.com.ar\/web\/wp-content\/uploads\/2018\/06\/hotel_pug_seal7-150x150.jpg 150w, https:\/\/www.arquimaster.com.ar\/web\/wp-content\/uploads\/2018\/06\/hotel_pug_seal7-50x50.jpg 50w, https:\/\/www.arquimaster.com.ar\/web\/wp-content\/uploads\/2018\/06\/hotel_pug_seal7-125x125.jpg 125w\" sizes=\"auto, (max-width: 150px) 100vw, 150px\" \/><\/a>\n\t\t\t<\/div>\n\t\t\t\t<figcaption class='wp-caption-text gallery-caption' id='gallery-1-30002'>\n\t\t\t\tHotel Pug Seal \/ Germ\u00e1n Velasco Arquitectos (\u00a9 Jaime Navarro)\n\t\t\t\t<\/figcaption><\/figure><figure class='gallery-item'>\n\t\t\t<div class='gallery-icon landscape'>\n\t\t\t\t<a href='https:\/\/www.arquimaster.com.ar\/web\/wp-content\/uploads\/2018\/06\/hotel_pug_seal8.jpg' title=\"Hotel Pug Seal \/ Germ\u00e1n Velasco Arquitectos (\u00a9 Jaime Navarro)\" data-rl_title=\"Hotel Pug Seal \/ Germ\u00e1n Velasco Arquitectos (\u00a9 Jaime Navarro)\" class=\"rl-gallery-link\" data-rl_caption=\"Hotel Pug Seal \/ Germ\u00e1n Velasco Arquitectos (\u00a9 Jaime Navarro)\" data-rel=\"lightbox-gallery-1\"><img loading=\"lazy\" decoding=\"async\" width=\"150\" height=\"150\" src=\"https:\/\/www.arquimaster.com.ar\/web\/wp-content\/uploads\/2018\/06\/hotel_pug_seal8-150x150.jpg\" class=\"attachment-thumbnail size-thumbnail\" alt=\"\" aria-describedby=\"gallery-1-30003\" srcset=\"https:\/\/www.arquimaster.com.ar\/web\/wp-content\/uploads\/2018\/06\/hotel_pug_seal8-150x150.jpg 150w, https:\/\/www.arquimaster.com.ar\/web\/wp-content\/uploads\/2018\/06\/hotel_pug_seal8-50x50.jpg 50w, https:\/\/www.arquimaster.com.ar\/web\/wp-content\/uploads\/2018\/06\/hotel_pug_seal8-125x125.jpg 125w\" sizes=\"auto, (max-width: 150px) 100vw, 150px\" \/><\/a>\n\t\t\t<\/div>\n\t\t\t\t<figcaption class='wp-caption-text gallery-caption' id='gallery-1-30003'>\n\t\t\t\tHotel Pug Seal \/ Germ\u00e1n Velasco Arquitectos (\u00a9 Jaime Navarro)\n\t\t\t\t<\/figcaption><\/figure><figure class='gallery-item'>\n\t\t\t<div class='gallery-icon landscape'>\n\t\t\t\t<a href='https:\/\/www.arquimaster.com.ar\/web\/wp-content\/uploads\/2018\/06\/hotel_pug_seal9.jpg' title=\"Hotel Pug Seal \/ Germ\u00e1n Velasco Arquitectos (\u00a9 Jaime Navarro)\" data-rl_title=\"Hotel Pug Seal \/ Germ\u00e1n Velasco Arquitectos (\u00a9 Jaime Navarro)\" class=\"rl-gallery-link\" data-rl_caption=\"Hotel Pug Seal \/ Germ\u00e1n Velasco Arquitectos (\u00a9 Jaime Navarro)\" data-rel=\"lightbox-gallery-1\"><img loading=\"lazy\" decoding=\"async\" width=\"150\" height=\"150\" src=\"https:\/\/www.arquimaster.com.ar\/web\/wp-content\/uploads\/2018\/06\/hotel_pug_seal9-150x150.jpg\" class=\"attachment-thumbnail size-thumbnail\" alt=\"\" aria-describedby=\"gallery-1-30004\" srcset=\"https:\/\/www.arquimaster.com.ar\/web\/wp-content\/uploads\/2018\/06\/hotel_pug_seal9-150x150.jpg 150w, https:\/\/www.arquimaster.com.ar\/web\/wp-content\/uploads\/2018\/06\/hotel_pug_seal9-50x50.jpg 50w, https:\/\/www.arquimaster.com.ar\/web\/wp-content\/uploads\/2018\/06\/hotel_pug_seal9-125x125.jpg 125w\" sizes=\"auto, (max-width: 150px) 100vw, 150px\" \/><\/a>\n\t\t\t<\/div>\n\t\t\t\t<figcaption class='wp-caption-text gallery-caption' id='gallery-1-30004'>\n\t\t\t\tHotel Pug Seal \/ Germ\u00e1n Velasco Arquitectos (\u00a9 Jaime Navarro)\n\t\t\t\t<\/figcaption><\/figure><figure class='gallery-item'>\n\t\t\t<div class='gallery-icon landscape'>\n\t\t\t\t<a href='https:\/\/www.arquimaster.com.ar\/web\/wp-content\/uploads\/2018\/06\/hotel_pug_seal10.jpg' title=\"Hotel Pug Seal \/ Germ\u00e1n Velasco Arquitectos (\u00a9 Jaime Navarro)\" data-rl_title=\"Hotel Pug Seal \/ Germ\u00e1n Velasco Arquitectos (\u00a9 Jaime Navarro)\" class=\"rl-gallery-link\" data-rl_caption=\"Hotel Pug Seal \/ Germ\u00e1n Velasco Arquitectos (\u00a9 Jaime Navarro)\" data-rel=\"lightbox-gallery-1\"><img loading=\"lazy\" decoding=\"async\" width=\"150\" height=\"150\" src=\"https:\/\/www.arquimaster.com.ar\/web\/wp-content\/uploads\/2018\/06\/hotel_pug_seal10-150x150.jpg\" class=\"attachment-thumbnail size-thumbnail\" alt=\"\" aria-describedby=\"gallery-1-30005\" srcset=\"https:\/\/www.arquimaster.com.ar\/web\/wp-content\/uploads\/2018\/06\/hotel_pug_seal10-150x150.jpg 150w, https:\/\/www.arquimaster.com.ar\/web\/wp-content\/uploads\/2018\/06\/hotel_pug_seal10-50x50.jpg 50w, https:\/\/www.arquimaster.com.ar\/web\/wp-content\/uploads\/2018\/06\/hotel_pug_seal10-125x125.jpg 125w\" sizes=\"auto, (max-width: 150px) 100vw, 150px\" \/><\/a>\n\t\t\t<\/div>\n\t\t\t\t<figcaption class='wp-caption-text gallery-caption' id='gallery-1-30005'>\n\t\t\t\tHotel Pug Seal \/ Germ\u00e1n Velasco Arquitectos (\u00a9 Jaime Navarro)\n\t\t\t\t<\/figcaption><\/figure><figure class='gallery-item'>\n\t\t\t<div class='gallery-icon landscape'>\n\t\t\t\t<a href='https:\/\/www.arquimaster.com.ar\/web\/wp-content\/uploads\/2018\/06\/hotel_pug_seal11.jpg' title=\"Hotel Pug Seal \/ Germ\u00e1n Velasco Arquitectos (\u00a9 Jaime Navarro)\" data-rl_title=\"Hotel Pug Seal \/ Germ\u00e1n Velasco Arquitectos (\u00a9 Jaime Navarro)\" class=\"rl-gallery-link\" data-rl_caption=\"Hotel Pug Seal \/ Germ\u00e1n Velasco Arquitectos (\u00a9 Jaime Navarro)\" data-rel=\"lightbox-gallery-1\"><img loading=\"lazy\" decoding=\"async\" width=\"150\" height=\"150\" src=\"https:\/\/www.arquimaster.com.ar\/web\/wp-content\/uploads\/2018\/06\/hotel_pug_seal11-150x150.jpg\" class=\"attachment-thumbnail size-thumbnail\" alt=\"\" aria-describedby=\"gallery-1-30006\" srcset=\"https:\/\/www.arquimaster.com.ar\/web\/wp-content\/uploads\/2018\/06\/hotel_pug_seal11-150x150.jpg 150w, https:\/\/www.arquimaster.com.ar\/web\/wp-content\/uploads\/2018\/06\/hotel_pug_seal11-50x50.jpg 50w, https:\/\/www.arquimaster.com.ar\/web\/wp-content\/uploads\/2018\/06\/hotel_pug_seal11-125x125.jpg 125w\" sizes=\"auto, (max-width: 150px) 100vw, 150px\" \/><\/a>\n\t\t\t<\/div>\n\t\t\t\t<figcaption class='wp-caption-text gallery-caption' id='gallery-1-30006'>\n\t\t\t\tHotel Pug Seal \/ Germ\u00e1n Velasco Arquitectos (\u00a9 Jaime Navarro)\n\t\t\t\t<\/figcaption><\/figure><figure class='gallery-item'>\n\t\t\t<div class='gallery-icon landscape'>\n\t\t\t\t<a href='https:\/\/www.arquimaster.com.ar\/web\/wp-content\/uploads\/2018\/06\/hotel_pug_seal12.jpg' title=\"Hotel Pug Seal \/ Germ\u00e1n Velasco Arquitectos (\u00a9 Jaime Navarro)\" data-rl_title=\"Hotel Pug Seal \/ Germ\u00e1n Velasco Arquitectos (\u00a9 Jaime Navarro)\" class=\"rl-gallery-link\" data-rl_caption=\"Hotel Pug Seal \/ Germ\u00e1n Velasco Arquitectos (\u00a9 Jaime Navarro)\" data-rel=\"lightbox-gallery-1\"><img loading=\"lazy\" decoding=\"async\" width=\"150\" height=\"150\" src=\"https:\/\/www.arquimaster.com.ar\/web\/wp-content\/uploads\/2018\/06\/hotel_pug_seal12-150x150.jpg\" class=\"attachment-thumbnail size-thumbnail\" alt=\"\" aria-describedby=\"gallery-1-30007\" srcset=\"https:\/\/www.arquimaster.com.ar\/web\/wp-content\/uploads\/2018\/06\/hotel_pug_seal12-150x150.jpg 150w, https:\/\/www.arquimaster.com.ar\/web\/wp-content\/uploads\/2018\/06\/hotel_pug_seal12-50x50.jpg 50w, https:\/\/www.arquimaster.com.ar\/web\/wp-content\/uploads\/2018\/06\/hotel_pug_seal12-125x125.jpg 125w\" sizes=\"auto, (max-width: 150px) 100vw, 150px\" \/><\/a>\n\t\t\t<\/div>\n\t\t\t\t<figcaption class='wp-caption-text gallery-caption' id='gallery-1-30007'>\n\t\t\t\tHotel Pug Seal \/ Germ\u00e1n Velasco Arquitectos (\u00a9 Jaime Navarro)\n\t\t\t\t<\/figcaption><\/figure>\n\t\t<\/div>\n\n<p>Polanco es una enorme influencia en la historia del arquitecto Germ\u00e1n Velasco, director de la firma, ya que visitaba con mucha frecuencia a sus abuelos que viv\u00edan en esa zona. <em>\u00abAmaba ir a casa de mis Abuelos a Polanco en donde siempre descubr\u00eda cosas diferentes que me hac\u00edan mantenerme sensible, receptivo a toda la informaci\u00f3n que exist\u00eda tanto dentro como fuera, en el parque, el reloj, el estanque, la pajarera, los columpios, la gente, los colores, los elementos urbanos\u00bb<\/em> (Germ\u00e1n Velasco).<\/p>\n<p>Escuchando la narraci\u00f3n de la experiencia del director, el equipo se dedic\u00f3 a definir una serie de sentimientos: amor, sensibilidad, serenidad, relajaci\u00f3n, alegr\u00eda, admiraci\u00f3n, valent\u00eda, esperanza, fortuna, goce y \u00e9xtasis que posteriormente se convirtieron en el nombre de las habitaciones.<\/p>\n<p>Entrar y recorrer PugSealTennyson es como caminar por un libro que cuenta diferentes y muy variadas historias que nos remiten a los recuerdos de momentos o pasajes de nuestra vida. Nos dimos a la tarea de lograr que cada hu\u00e9sped haga de su visita toda una experiencia \u00fanica y muy personal. Ninguna de las historias ser\u00e1 igual y por eso hay una m\u00e1quina de escribir en la entrada invitando a que cada visitante comparta la suya y con el tiempo compilar en un libro \u00abLas Historias de PugSealTennyson\u00bb.<\/p>\n<div id='gallery-2' class='gallery galleryid-29993 gallery-columns-3 gallery-size-thumbnail'><figure class='gallery-item'>\n\t\t\t<div class='gallery-icon landscape'>\n\t\t\t\t<a href='https:\/\/www.arquimaster.com.ar\/web\/wp-content\/uploads\/2018\/06\/hotel_pug_seal13.jpg' title=\"Hotel Pug Seal \/ Germ\u00e1n Velasco Arquitectos (\u00a9 Jaime Navarro)\" data-rl_title=\"Hotel Pug Seal \/ Germ\u00e1n Velasco Arquitectos (\u00a9 Jaime Navarro)\" class=\"rl-gallery-link\" data-rl_caption=\"Hotel Pug Seal \/ Germ\u00e1n Velasco Arquitectos (\u00a9 Jaime Navarro)\" data-rel=\"lightbox-gallery-2\"><img loading=\"lazy\" decoding=\"async\" width=\"150\" height=\"150\" src=\"https:\/\/www.arquimaster.com.ar\/web\/wp-content\/uploads\/2018\/06\/hotel_pug_seal13-150x150.jpg\" class=\"attachment-thumbnail size-thumbnail\" alt=\"\" aria-describedby=\"gallery-2-30008\" srcset=\"https:\/\/www.arquimaster.com.ar\/web\/wp-content\/uploads\/2018\/06\/hotel_pug_seal13-150x150.jpg 150w, https:\/\/www.arquimaster.com.ar\/web\/wp-content\/uploads\/2018\/06\/hotel_pug_seal13-50x50.jpg 50w, https:\/\/www.arquimaster.com.ar\/web\/wp-content\/uploads\/2018\/06\/hotel_pug_seal13-125x125.jpg 125w\" sizes=\"auto, (max-width: 150px) 100vw, 150px\" \/><\/a>\n\t\t\t<\/div>\n\t\t\t\t<figcaption class='wp-caption-text gallery-caption' id='gallery-2-30008'>\n\t\t\t\tHotel Pug Seal \/ Germ\u00e1n Velasco Arquitectos (\u00a9 Jaime Navarro)\n\t\t\t\t<\/figcaption><\/figure><figure class='gallery-item'>\n\t\t\t<div class='gallery-icon landscape'>\n\t\t\t\t<a href='https:\/\/www.arquimaster.com.ar\/web\/wp-content\/uploads\/2018\/06\/hotel_pug_seal14.jpg' title=\"Hotel Pug Seal \/ Germ\u00e1n Velasco Arquitectos (\u00a9 Jaime Navarro)\" data-rl_title=\"Hotel Pug Seal \/ Germ\u00e1n Velasco Arquitectos (\u00a9 Jaime Navarro)\" class=\"rl-gallery-link\" data-rl_caption=\"Hotel Pug Seal \/ Germ\u00e1n Velasco Arquitectos (\u00a9 Jaime Navarro)\" data-rel=\"lightbox-gallery-2\"><img loading=\"lazy\" decoding=\"async\" width=\"150\" height=\"150\" src=\"https:\/\/www.arquimaster.com.ar\/web\/wp-content\/uploads\/2018\/06\/hotel_pug_seal14-150x150.jpg\" class=\"attachment-thumbnail size-thumbnail\" alt=\"\" aria-describedby=\"gallery-2-30009\" srcset=\"https:\/\/www.arquimaster.com.ar\/web\/wp-content\/uploads\/2018\/06\/hotel_pug_seal14-150x150.jpg 150w, https:\/\/www.arquimaster.com.ar\/web\/wp-content\/uploads\/2018\/06\/hotel_pug_seal14-50x50.jpg 50w, https:\/\/www.arquimaster.com.ar\/web\/wp-content\/uploads\/2018\/06\/hotel_pug_seal14-125x125.jpg 125w\" sizes=\"auto, (max-width: 150px) 100vw, 150px\" \/><\/a>\n\t\t\t<\/div>\n\t\t\t\t<figcaption class='wp-caption-text gallery-caption' id='gallery-2-30009'>\n\t\t\t\tHotel Pug Seal \/ Germ\u00e1n Velasco Arquitectos (\u00a9 Jaime Navarro)\n\t\t\t\t<\/figcaption><\/figure><figure class='gallery-item'>\n\t\t\t<div class='gallery-icon landscape'>\n\t\t\t\t<a href='https:\/\/www.arquimaster.com.ar\/web\/wp-content\/uploads\/2018\/06\/hotel_pug_seal15.jpg' title=\"Hotel Pug Seal \/ Germ\u00e1n Velasco Arquitectos (\u00a9 Jaime Navarro)\" data-rl_title=\"Hotel Pug Seal \/ Germ\u00e1n Velasco Arquitectos (\u00a9 Jaime Navarro)\" class=\"rl-gallery-link\" data-rl_caption=\"Hotel Pug Seal \/ Germ\u00e1n Velasco Arquitectos (\u00a9 Jaime Navarro)\" data-rel=\"lightbox-gallery-2\"><img loading=\"lazy\" decoding=\"async\" width=\"150\" height=\"150\" src=\"https:\/\/www.arquimaster.com.ar\/web\/wp-content\/uploads\/2018\/06\/hotel_pug_seal15-150x150.jpg\" class=\"attachment-thumbnail size-thumbnail\" alt=\"\" aria-describedby=\"gallery-2-30010\" srcset=\"https:\/\/www.arquimaster.com.ar\/web\/wp-content\/uploads\/2018\/06\/hotel_pug_seal15-150x150.jpg 150w, https:\/\/www.arquimaster.com.ar\/web\/wp-content\/uploads\/2018\/06\/hotel_pug_seal15-50x50.jpg 50w, https:\/\/www.arquimaster.com.ar\/web\/wp-content\/uploads\/2018\/06\/hotel_pug_seal15-125x125.jpg 125w\" sizes=\"auto, (max-width: 150px) 100vw, 150px\" \/><\/a>\n\t\t\t<\/div>\n\t\t\t\t<figcaption class='wp-caption-text gallery-caption' id='gallery-2-30010'>\n\t\t\t\tHotel Pug Seal \/ Germ\u00e1n Velasco Arquitectos (\u00a9 Jaime Navarro)\n\t\t\t\t<\/figcaption><\/figure><figure class='gallery-item'>\n\t\t\t<div class='gallery-icon portrait'>\n\t\t\t\t<a href='https:\/\/www.arquimaster.com.ar\/web\/wp-content\/uploads\/2018\/06\/hotel_pug_seal16.jpg' title=\"Hotel Pug Seal \/ Germ\u00e1n Velasco Arquitectos (\u00a9 Jaime Navarro)\" data-rl_title=\"Hotel Pug Seal \/ Germ\u00e1n Velasco Arquitectos (\u00a9 Jaime Navarro)\" class=\"rl-gallery-link\" data-rl_caption=\"Hotel Pug Seal \/ Germ\u00e1n Velasco Arquitectos (\u00a9 Jaime Navarro)\" data-rel=\"lightbox-gallery-2\"><img loading=\"lazy\" decoding=\"async\" width=\"150\" height=\"150\" src=\"https:\/\/www.arquimaster.com.ar\/web\/wp-content\/uploads\/2018\/06\/hotel_pug_seal16-150x150.jpg\" class=\"attachment-thumbnail size-thumbnail\" alt=\"\" aria-describedby=\"gallery-2-30011\" srcset=\"https:\/\/www.arquimaster.com.ar\/web\/wp-content\/uploads\/2018\/06\/hotel_pug_seal16-150x150.jpg 150w, https:\/\/www.arquimaster.com.ar\/web\/wp-content\/uploads\/2018\/06\/hotel_pug_seal16-50x50.jpg 50w, https:\/\/www.arquimaster.com.ar\/web\/wp-content\/uploads\/2018\/06\/hotel_pug_seal16-125x125.jpg 125w\" sizes=\"auto, (max-width: 150px) 100vw, 150px\" \/><\/a>\n\t\t\t<\/div>\n\t\t\t\t<figcaption class='wp-caption-text gallery-caption' id='gallery-2-30011'>\n\t\t\t\tHotel Pug Seal \/ Germ\u00e1n Velasco Arquitectos (\u00a9 Jaime Navarro)\n\t\t\t\t<\/figcaption><\/figure><figure class='gallery-item'>\n\t\t\t<div class='gallery-icon landscape'>\n\t\t\t\t<a href='https:\/\/www.arquimaster.com.ar\/web\/wp-content\/uploads\/2018\/06\/hotel_pug_seal17.jpg' title=\"Hotel Pug Seal \/ Germ\u00e1n Velasco Arquitectos (\u00a9 Jaime Navarro)\" data-rl_title=\"Hotel Pug Seal \/ Germ\u00e1n Velasco Arquitectos (\u00a9 Jaime Navarro)\" class=\"rl-gallery-link\" data-rl_caption=\"Hotel Pug Seal \/ Germ\u00e1n Velasco Arquitectos (\u00a9 Jaime Navarro)\" data-rel=\"lightbox-gallery-2\"><img loading=\"lazy\" decoding=\"async\" width=\"150\" height=\"150\" src=\"https:\/\/www.arquimaster.com.ar\/web\/wp-content\/uploads\/2018\/06\/hotel_pug_seal17-150x150.jpg\" class=\"attachment-thumbnail size-thumbnail\" alt=\"\" aria-describedby=\"gallery-2-30012\" srcset=\"https:\/\/www.arquimaster.com.ar\/web\/wp-content\/uploads\/2018\/06\/hotel_pug_seal17-150x150.jpg 150w, https:\/\/www.arquimaster.com.ar\/web\/wp-content\/uploads\/2018\/06\/hotel_pug_seal17-50x50.jpg 50w, https:\/\/www.arquimaster.com.ar\/web\/wp-content\/uploads\/2018\/06\/hotel_pug_seal17-125x125.jpg 125w\" sizes=\"auto, (max-width: 150px) 100vw, 150px\" \/><\/a>\n\t\t\t<\/div>\n\t\t\t\t<figcaption class='wp-caption-text gallery-caption' id='gallery-2-30012'>\n\t\t\t\tHotel Pug Seal \/ Germ\u00e1n Velasco Arquitectos (\u00a9 Jaime Navarro)\n\t\t\t\t<\/figcaption><\/figure><figure class='gallery-item'>\n\t\t\t<div class='gallery-icon portrait'>\n\t\t\t\t<a href='https:\/\/www.arquimaster.com.ar\/web\/wp-content\/uploads\/2018\/06\/hotel_pug_seal18.jpg' title=\"Hotel Pug Seal \/ Germ\u00e1n Velasco Arquitectos (\u00a9 Jaime Navarro)\" data-rl_title=\"Hotel Pug Seal \/ Germ\u00e1n Velasco Arquitectos (\u00a9 Jaime Navarro)\" class=\"rl-gallery-link\" data-rl_caption=\"Hotel Pug Seal \/ Germ\u00e1n Velasco Arquitectos (\u00a9 Jaime Navarro)\" data-rel=\"lightbox-gallery-2\"><img loading=\"lazy\" decoding=\"async\" width=\"150\" height=\"150\" src=\"https:\/\/www.arquimaster.com.ar\/web\/wp-content\/uploads\/2018\/06\/hotel_pug_seal18-150x150.jpg\" class=\"attachment-thumbnail size-thumbnail\" alt=\"\" aria-describedby=\"gallery-2-30013\" srcset=\"https:\/\/www.arquimaster.com.ar\/web\/wp-content\/uploads\/2018\/06\/hotel_pug_seal18-150x150.jpg 150w, https:\/\/www.arquimaster.com.ar\/web\/wp-content\/uploads\/2018\/06\/hotel_pug_seal18-50x50.jpg 50w, https:\/\/www.arquimaster.com.ar\/web\/wp-content\/uploads\/2018\/06\/hotel_pug_seal18-125x125.jpg 125w\" sizes=\"auto, (max-width: 150px) 100vw, 150px\" \/><\/a>\n\t\t\t<\/div>\n\t\t\t\t<figcaption class='wp-caption-text gallery-caption' id='gallery-2-30013'>\n\t\t\t\tHotel Pug Seal \/ Germ\u00e1n Velasco Arquitectos (\u00a9 Jaime Navarro)\n\t\t\t\t<\/figcaption><\/figure><figure class='gallery-item'>\n\t\t\t<div class='gallery-icon landscape'>\n\t\t\t\t<a href='https:\/\/www.arquimaster.com.ar\/web\/wp-content\/uploads\/2018\/06\/hotel_pug_seal19.jpg' title=\"Hotel Pug Seal \/ Germ\u00e1n Velasco Arquitectos (\u00a9 Jaime Navarro)\" data-rl_title=\"Hotel Pug Seal \/ Germ\u00e1n Velasco Arquitectos (\u00a9 Jaime Navarro)\" class=\"rl-gallery-link\" data-rl_caption=\"Hotel Pug Seal \/ Germ\u00e1n Velasco Arquitectos (\u00a9 Jaime Navarro)\" data-rel=\"lightbox-gallery-2\"><img loading=\"lazy\" decoding=\"async\" width=\"150\" height=\"150\" src=\"https:\/\/www.arquimaster.com.ar\/web\/wp-content\/uploads\/2018\/06\/hotel_pug_seal19-150x150.jpg\" class=\"attachment-thumbnail size-thumbnail\" alt=\"\" aria-describedby=\"gallery-2-30014\" srcset=\"https:\/\/www.arquimaster.com.ar\/web\/wp-content\/uploads\/2018\/06\/hotel_pug_seal19-150x150.jpg 150w, https:\/\/www.arquimaster.com.ar\/web\/wp-content\/uploads\/2018\/06\/hotel_pug_seal19-50x50.jpg 50w, https:\/\/www.arquimaster.com.ar\/web\/wp-content\/uploads\/2018\/06\/hotel_pug_seal19-125x125.jpg 125w\" sizes=\"auto, (max-width: 150px) 100vw, 150px\" \/><\/a>\n\t\t\t<\/div>\n\t\t\t\t<figcaption class='wp-caption-text gallery-caption' id='gallery-2-30014'>\n\t\t\t\tHotel Pug Seal \/ Germ\u00e1n Velasco Arquitectos (\u00a9 Jaime Navarro)\n\t\t\t\t<\/figcaption><\/figure><figure class='gallery-item'>\n\t\t\t<div class='gallery-icon landscape'>\n\t\t\t\t<a href='https:\/\/www.arquimaster.com.ar\/web\/wp-content\/uploads\/2018\/06\/hotel_pug_seal20.jpg' title=\"Hotel Pug Seal \/ Germ\u00e1n Velasco Arquitectos (\u00a9 Jaime Navarro)\" data-rl_title=\"Hotel Pug Seal \/ Germ\u00e1n Velasco Arquitectos (\u00a9 Jaime Navarro)\" class=\"rl-gallery-link\" data-rl_caption=\"Hotel Pug Seal \/ Germ\u00e1n Velasco Arquitectos (\u00a9 Jaime Navarro)\" data-rel=\"lightbox-gallery-2\"><img loading=\"lazy\" decoding=\"async\" width=\"150\" height=\"150\" src=\"https:\/\/www.arquimaster.com.ar\/web\/wp-content\/uploads\/2018\/06\/hotel_pug_seal20-150x150.jpg\" class=\"attachment-thumbnail size-thumbnail\" alt=\"\" aria-describedby=\"gallery-2-30015\" srcset=\"https:\/\/www.arquimaster.com.ar\/web\/wp-content\/uploads\/2018\/06\/hotel_pug_seal20-150x150.jpg 150w, https:\/\/www.arquimaster.com.ar\/web\/wp-content\/uploads\/2018\/06\/hotel_pug_seal20-50x50.jpg 50w, https:\/\/www.arquimaster.com.ar\/web\/wp-content\/uploads\/2018\/06\/hotel_pug_seal20-125x125.jpg 125w\" sizes=\"auto, (max-width: 150px) 100vw, 150px\" \/><\/a>\n\t\t\t<\/div>\n\t\t\t\t<figcaption class='wp-caption-text gallery-caption' id='gallery-2-30015'>\n\t\t\t\tHotel Pug Seal \/ Germ\u00e1n Velasco Arquitectos (\u00a9 Jaime Navarro)\n\t\t\t\t<\/figcaption><\/figure><figure class='gallery-item'>\n\t\t\t<div class='gallery-icon portrait'>\n\t\t\t\t<a href='https:\/\/www.arquimaster.com.ar\/web\/wp-content\/uploads\/2018\/06\/hotel_pug_seal21.jpg' title=\"Hotel Pug Seal \/ Germ\u00e1n Velasco Arquitectos (\u00a9 Jaime Navarro)\" data-rl_title=\"Hotel Pug Seal \/ Germ\u00e1n Velasco Arquitectos (\u00a9 Jaime Navarro)\" class=\"rl-gallery-link\" data-rl_caption=\"Hotel Pug Seal \/ Germ\u00e1n Velasco Arquitectos (\u00a9 Jaime Navarro)\" data-rel=\"lightbox-gallery-2\"><img loading=\"lazy\" decoding=\"async\" width=\"150\" height=\"150\" src=\"https:\/\/www.arquimaster.com.ar\/web\/wp-content\/uploads\/2018\/06\/hotel_pug_seal21-150x150.jpg\" class=\"attachment-thumbnail size-thumbnail\" alt=\"\" aria-describedby=\"gallery-2-30016\" srcset=\"https:\/\/www.arquimaster.com.ar\/web\/wp-content\/uploads\/2018\/06\/hotel_pug_seal21-150x150.jpg 150w, https:\/\/www.arquimaster.com.ar\/web\/wp-content\/uploads\/2018\/06\/hotel_pug_seal21-50x50.jpg 50w, https:\/\/www.arquimaster.com.ar\/web\/wp-content\/uploads\/2018\/06\/hotel_pug_seal21-125x125.jpg 125w\" sizes=\"auto, (max-width: 150px) 100vw, 150px\" \/><\/a>\n\t\t\t<\/div>\n\t\t\t\t<figcaption class='wp-caption-text gallery-caption' id='gallery-2-30016'>\n\t\t\t\tHotel Pug Seal \/ Germ\u00e1n Velasco Arquitectos (\u00a9 Jaime Navarro)\n\t\t\t\t<\/figcaption><\/figure><figure class='gallery-item'>\n\t\t\t<div class='gallery-icon landscape'>\n\t\t\t\t<a href='https:\/\/www.arquimaster.com.ar\/web\/wp-content\/uploads\/2018\/06\/hotel_pug_seal22.jpg' title=\"Hotel Pug Seal \/ Germ\u00e1n Velasco Arquitectos (planta baja)\" data-rl_title=\"Hotel Pug Seal \/ Germ\u00e1n Velasco Arquitectos (planta baja)\" class=\"rl-gallery-link\" data-rl_caption=\"Hotel Pug Seal \/ Germ\u00e1n Velasco Arquitectos (planta baja)\" data-rel=\"lightbox-gallery-2\"><img loading=\"lazy\" decoding=\"async\" width=\"150\" height=\"150\" src=\"https:\/\/www.arquimaster.com.ar\/web\/wp-content\/uploads\/2018\/06\/hotel_pug_seal22-150x150.jpg\" class=\"attachment-thumbnail size-thumbnail\" alt=\"\" aria-describedby=\"gallery-2-30017\" srcset=\"https:\/\/www.arquimaster.com.ar\/web\/wp-content\/uploads\/2018\/06\/hotel_pug_seal22-150x150.jpg 150w, https:\/\/www.arquimaster.com.ar\/web\/wp-content\/uploads\/2018\/06\/hotel_pug_seal22-50x50.jpg 50w, https:\/\/www.arquimaster.com.ar\/web\/wp-content\/uploads\/2018\/06\/hotel_pug_seal22-125x125.jpg 125w\" sizes=\"auto, (max-width: 150px) 100vw, 150px\" \/><\/a>\n\t\t\t<\/div>\n\t\t\t\t<figcaption class='wp-caption-text gallery-caption' id='gallery-2-30017'>\n\t\t\t\tHotel Pug Seal \/ Germ\u00e1n Velasco Arquitectos (planta baja)\n\t\t\t\t<\/figcaption><\/figure><figure class='gallery-item'>\n\t\t\t<div class='gallery-icon landscape'>\n\t\t\t\t<a href='https:\/\/www.arquimaster.com.ar\/web\/wp-content\/uploads\/2018\/06\/hotel_pug_seal23.jpg' title=\"Hotel Pug Seal \/ Germ\u00e1n Velasco Arquitectos (planta alta)\" data-rl_title=\"Hotel Pug Seal \/ Germ\u00e1n Velasco Arquitectos (planta alta)\" class=\"rl-gallery-link\" data-rl_caption=\"Hotel Pug Seal \/ Germ\u00e1n Velasco Arquitectos (planta alta)\" data-rel=\"lightbox-gallery-2\"><img loading=\"lazy\" decoding=\"async\" width=\"150\" height=\"150\" src=\"https:\/\/www.arquimaster.com.ar\/web\/wp-content\/uploads\/2018\/06\/hotel_pug_seal23-150x150.jpg\" class=\"attachment-thumbnail size-thumbnail\" alt=\"\" aria-describedby=\"gallery-2-30018\" srcset=\"https:\/\/www.arquimaster.com.ar\/web\/wp-content\/uploads\/2018\/06\/hotel_pug_seal23-150x150.jpg 150w, https:\/\/www.arquimaster.com.ar\/web\/wp-content\/uploads\/2018\/06\/hotel_pug_seal23-50x50.jpg 50w, https:\/\/www.arquimaster.com.ar\/web\/wp-content\/uploads\/2018\/06\/hotel_pug_seal23-125x125.jpg 125w\" sizes=\"auto, (max-width: 150px) 100vw, 150px\" \/><\/a>\n\t\t\t<\/div>\n\t\t\t\t<figcaption class='wp-caption-text gallery-caption' id='gallery-2-30018'>\n\t\t\t\tHotel Pug Seal \/ Germ\u00e1n Velasco Arquitectos (planta alta)\n\t\t\t\t<\/figcaption><\/figure><figure class='gallery-item'>\n\t\t\t<div class='gallery-icon landscape'>\n\t\t\t\t<a href='https:\/\/www.arquimaster.com.ar\/web\/wp-content\/uploads\/2018\/06\/hotel_pug_seal24.jpg' title=\"Hotel Pug Seal \/ Germ\u00e1n Velasco Arquitectos (suites)\" data-rl_title=\"Hotel Pug Seal \/ Germ\u00e1n Velasco Arquitectos (suites)\" class=\"rl-gallery-link\" data-rl_caption=\"Hotel Pug Seal \/ Germ\u00e1n Velasco Arquitectos (suites)\" data-rel=\"lightbox-gallery-2\"><img loading=\"lazy\" decoding=\"async\" width=\"150\" height=\"150\" src=\"https:\/\/www.arquimaster.com.ar\/web\/wp-content\/uploads\/2018\/06\/hotel_pug_seal24-150x150.jpg\" class=\"attachment-thumbnail size-thumbnail\" alt=\"\" aria-describedby=\"gallery-2-30019\" srcset=\"https:\/\/www.arquimaster.com.ar\/web\/wp-content\/uploads\/2018\/06\/hotel_pug_seal24-150x150.jpg 150w, https:\/\/www.arquimaster.com.ar\/web\/wp-content\/uploads\/2018\/06\/hotel_pug_seal24-50x50.jpg 50w, https:\/\/www.arquimaster.com.ar\/web\/wp-content\/uploads\/2018\/06\/hotel_pug_seal24-125x125.jpg 125w\" sizes=\"auto, (max-width: 150px) 100vw, 150px\" \/><\/a>\n\t\t\t<\/div>\n\t\t\t\t<figcaption class='wp-caption-text gallery-caption' id='gallery-2-30019'>\n\t\t\t\tHotel Pug Seal \/ Germ\u00e1n Velasco Arquitectos (suites)\n\t\t\t\t<\/figcaption><\/figure><figure class='gallery-item'>\n\t\t\t<div class='gallery-icon landscape'>\n\t\t\t\t<a href='https:\/\/www.arquimaster.com.ar\/web\/wp-content\/uploads\/2018\/06\/hotel_pug_seal25.jpg' title=\"Hotel Pug Seal \/ Germ\u00e1n Velasco Arquitectos (fachada)\" data-rl_title=\"Hotel Pug Seal \/ Germ\u00e1n Velasco Arquitectos (fachada)\" class=\"rl-gallery-link\" data-rl_caption=\"Hotel Pug Seal \/ Germ\u00e1n Velasco Arquitectos (fachada)\" data-rel=\"lightbox-gallery-2\"><img loading=\"lazy\" decoding=\"async\" width=\"150\" height=\"150\" src=\"https:\/\/www.arquimaster.com.ar\/web\/wp-content\/uploads\/2018\/06\/hotel_pug_seal25-150x150.jpg\" class=\"attachment-thumbnail size-thumbnail\" alt=\"\" aria-describedby=\"gallery-2-30020\" srcset=\"https:\/\/www.arquimaster.com.ar\/web\/wp-content\/uploads\/2018\/06\/hotel_pug_seal25-150x150.jpg 150w, https:\/\/www.arquimaster.com.ar\/web\/wp-content\/uploads\/2018\/06\/hotel_pug_seal25-50x50.jpg 50w, https:\/\/www.arquimaster.com.ar\/web\/wp-content\/uploads\/2018\/06\/hotel_pug_seal25-125x125.jpg 125w\" sizes=\"auto, (max-width: 150px) 100vw, 150px\" \/><\/a>\n\t\t\t<\/div>\n\t\t\t\t<figcaption class='wp-caption-text gallery-caption' id='gallery-2-30020'>\n\t\t\t\tHotel Pug Seal \/ Germ\u00e1n Velasco Arquitectos (fachada)\n\t\t\t\t<\/figcaption><\/figure>\n\t\t<\/div>\n\n<p>Hay elementos que muchos pensar\u00edan que \u00abno deber\u00edan de estar\u00bb y es nuestra interpretaci\u00f3n del famoso \u00absurrealismo mexicano\u00bb. Por ejemplo la pieza m\u00e1s representativa del hotel es el \u00abcandil\u00bb un elemento que se encuentra al centro de la casa formado por dos columpios suspendidos de una nube que flota sobre una alfombra de p\u00e9talos de rosa roja. El candil original de la casa se encuentra dentro de la \u00abCaja M\u00e1gica\u00bb, en la sala, aparece de noche y desaparece de d\u00eda como por arte de magia.<\/p>\n<p>El tema de la magia en donde las cosas aparecen, se refleja o desaparecen se encuentra tambi\u00e9n muy presente en las habitaciones que est\u00e1n llenas de sorpresas. Asombra el arte en las regaderas que refleja el surgimiento de las sensaciones por medio de animales o el arte gr\u00e1fico representado en obras de una compilaci\u00f3n de un calendario gr\u00e1fico de 31 d\u00edas que data de los a\u00f1os 70 realizadas por dise\u00f1adores de la talla de Michael Doret -quien dise\u00f1\u00f3 el logro del grupo Kiss- as\u00ed como de Pedro Ram\u00edrez V\u00e1zquez, famoso arquitecto mexicano.<\/p>\n<p>Cada mueble y pieza que se encuentra en la casa tienen una historia y fueron seleccionados para enriquecer las aventuras que se viven o recuerdan en PugSealTennyson. Piezas como la silla Platner original que nos recibe al entrar, o las l\u00e1mparas vintage de rosas de Murano que est\u00e1 sobre la chimenea, las sillas TON del comedor o los sistemas String de la casa, muebles y accesorios en una mezcla de vintage y contempor\u00e1neo que le dan car\u00e1cter a cada espacio logrando una atm\u00f3sfera atemporal.<\/p>\n<p>Cada espacio y cada detalle en PugSeal nos traen un recuerdo, una sensaci\u00f3n, un sentimiento. Hay que recorrerlo y vivirlo para amarlo e imprimir nuestra historia en su libro.<\/p>\n<p><strong>Ficha t\u00e9cnica<\/strong><br \/>\nNombre: Hotel Pug Seal<br \/>\nUbicaci\u00f3n: Tennyson 86, Polanco, Ciudad de M\u00e9xico<br \/>\nDise\u00f1o Arquitect\u00f3nico e interiorismo: Germ\u00e1n Velasco Arquitectos<br \/>\nArq. Germ\u00e1n Velasco<br \/>\nOtros cr\u00e9ditos: Dise\u00f1o Arquitect\u00f3nico IZB<br \/>\nA\u00f1o: 2017<br \/>\nSuperficie: 700 m2<br \/>\nFotograf\u00eda: Jaime Navarro<\/p>\n<p><strong>Contacto:<\/strong> <a href=\"http:\/\/www.velascoarquitectos.com\" target=\"_blank\" rel=\"noopener noreferrer\">http:\/\/www.velascoarquitectos.com<\/a><\/p>\n<p>&nbsp;<\/p>\n<p><em><strong>English version<\/strong><\/em><br \/>\n<em><strong>Hotel Pug Seal<\/strong><\/em><\/p>\n<p><em>\u00abProjects must arise from their own environment, their history, their roots\u00bb (Germ\u00e1n Velasco).<\/em><\/p>\n<p><em>PugSealTennyson is located in a house from the 40s in the Neocolonial or Colonial Californian style that was very popular at that time in the neighborhood of Chapultepec Polanco. The house harbors the heritage of many decades of history, memories, feelings and surely a great amount of sensations. All these moments, feelings, nostalgia is what we take up in the team of Germ\u00e1n Velasco Arquitectos to create the history of the Hotel PugSeal.<\/em><\/p>\n<p><em>Polanco is a huge influence on the history of the architect Germ\u00e1n Velasco, director of the firm, as he visited his grandparents who lived in that area very often. \u00abI loved going to my grandparents&#8217; house to Polanco where I always discovered different things that made me stay sensitive, receptive to all the information that existed both inside and outside, in the park, the clock, the pond, the aviary, the swings, the people, the colors, the urban elements\u00bb (Germ\u00e1n Velasco).<\/em><\/p>\n<p><em>Listening to the narration of the director&#8217;s experience, the team dedicated itself to defining a series of feelings: love, sensitivity, serenity, relaxation, joy, admiration, courage, hope, fortune, enjoyment and ecstasy that later became the name of the rooms .<\/em><\/p>\n<p><em>Enter and walk PugSealTennyson is like walking through a book that tells different and very varied stories that refer us to the memories of moments or passages of our life. We took on the task of making each guest make his visit a unique and very personal experience. None of the stories will be the same and that is why there is a typewriter in the entrance inviting each visitor to share his own and eventually compile in a book \u00abThe Stories of PugSealTennyson\u00bb.<\/em><\/p>\n<p><em>There are elements that many would think \u00abshould not be\u00bb and is our interpretation of the famous \u00abMexican surrealism.\u00bb For example, the most representative piece of the hotel is the \u00abcandle\u00bb, an element that is at the center of the house formed by two swings suspended from a cloud floating on a carpet of red rose petals. The original lamp of the house is inside the \u00abMagic Box\u00bb, in the room, appears at night and disappears by day as if by magic.<\/em><\/p>\n<p><em>The theme of magic where things appear, is reflected or disappear is also very present in rooms that are full of surprises. It amazes art in the showers that reflects the emergence of sensations through animals or graphic art represented in works of a compilation of a graphic calendar of 31 days dating from the 70s made by designers of the stature of Michael Doret -who designed the achievement of the group Kiss- as well as Pedro Ram\u00edrez V\u00e1zquez, famous Mexican architect.<\/em><\/p>\n<p><em>Each piece of furniture and piece found in the house have a history and were selected to enrich the adventures that are lived or remembered in PugSealTennyson. Pieces like the original Platner chair that welcomes us when we enter, or the vintage Murano roses lamps over the fireplace, the TON chairs in the dining room or the String systems of the house, furniture and accessories in a mix of vintage and contemporary that They give character to each space achieving a timeless atmosphere.<\/em><\/p>\n<p><em>Each space and each detail in PugSeal bring us a memory, a feeling, a feeling. You have to go through it and live it to love it and print our story in your book.<\/em><\/p>\n\n<div style=\"font-size: 0px; height: 0px; line-height: 0px; margin: 0; padding: 0; clear: both;\"><\/div><div style=\"margin-top: 0px; margin-bottom: 0px;\" class=\"sharethis-inline-share-buttons\" ><\/div>","protected":false},"excerpt":{"rendered":"<p>Cada espacio y cada detalle nos traen un recuerdo, una sensaci\u00f3n, un sentimiento&#8230;<\/p>\n","protected":false},"author":1,"featured_media":29995,"comment_status":"closed","ping_status":"closed","sticky":false,"template":"","format":"standard","meta":{"_uag_custom_page_level_css":"","footnotes":""},"categories":[75,1],"tags":[250,2541,2542,111,3825],"class_list":["post-29993","post","type-post","status-publish","format-standard","has-post-thumbnail","hentry","category-arquitectura-comercial","category-proyecto","tag-ciudad-de-mexico","tag-german-velasco-arquitectos","tag-german-velasco-espinosa","tag-hotel","tag-hoteleria","generate-columns","tablet-grid-50","mobile-grid-100","grid-parent","grid-50"],"yoast_head":"<!-- This site is optimized with the Yoast SEO plugin v27.3 - https:\/\/yoast.com\/product\/yoast-seo-wordpress\/ -->\n<title>Hotel Pug Seal \/ Germ\u00e1n Velasco Arquitectos - Arquimaster<\/title>\n<meta name=\"robots\" content=\"index, follow, max-snippet:-1, max-image-preview:large, max-video-preview:-1\" \/>\n<link rel=\"canonical\" href=\"https:\/\/www.arquimaster.com.ar\/web\/hotel-pug-seal-german-velasco-arquitectos\/\" \/>\n<meta property=\"og:locale\" content=\"es_ES\" \/>\n<meta property=\"og:type\" content=\"article\" \/>\n<meta property=\"og:title\" content=\"Hotel Pug Seal \/ Germ\u00e1n Velasco Arquitectos - Arquimaster\" \/>\n<meta property=\"og:description\" content=\"Cada espacio y cada detalle nos traen un recuerdo, una sensaci\u00f3n, un sentimiento...\" \/>\n<meta property=\"og:url\" content=\"https:\/\/www.arquimaster.com.ar\/web\/hotel-pug-seal-german-velasco-arquitectos\/\" \/>\n<meta property=\"og:site_name\" content=\"Arquimaster\" \/>\n<meta property=\"article:publisher\" content=\"http:\/\/www.facebook.com\/ARQUIMASTER.com.ar\" \/>\n<meta property=\"article:published_time\" content=\"2018-06-07T23:57:06+00:00\" \/>\n<meta property=\"article:modified_time\" content=\"2020-03-26T04:16:18+00:00\" \/>\n<meta property=\"og:image\" content=\"https:\/\/www.arquimaster.com.ar\/web\/wp-content\/uploads\/2018\/06\/hotel_pug_seal_slide.jpg\" \/>\n\t<meta property=\"og:image:width\" content=\"642\" \/>\n\t<meta property=\"og:image:height\" content=\"336\" \/>\n\t<meta property=\"og:image:type\" content=\"image\/jpeg\" \/>\n<meta name=\"author\" content=\"Arquimaster\" \/>\n<meta name=\"twitter:card\" content=\"summary_large_image\" \/>\n<meta name=\"twitter:creator\" content=\"@arquimaster\" \/>\n<meta name=\"twitter:site\" content=\"@arquimaster\" \/>\n<meta name=\"twitter:label1\" content=\"Escrito por\" \/>\n\t<meta name=\"twitter:data1\" content=\"Arquimaster\" \/>\n\t<meta name=\"twitter:label2\" content=\"Tiempo de lectura\" \/>\n\t<meta name=\"twitter:data2\" content=\"6 minutos\" \/>\n<script type=\"application\/ld+json\" class=\"yoast-schema-graph\">{\"@context\":\"https:\\\/\\\/schema.org\",\"@graph\":[{\"@type\":\"Article\",\"@id\":\"https:\\\/\\\/www.arquimaster.com.ar\\\/web\\\/hotel-pug-seal-german-velasco-arquitectos\\\/#article\",\"isPartOf\":{\"@id\":\"https:\\\/\\\/www.arquimaster.com.ar\\\/web\\\/hotel-pug-seal-german-velasco-arquitectos\\\/\"},\"author\":{\"name\":\"Arquimaster\",\"@id\":\"https:\\\/\\\/www.arquimaster.com.ar\\\/web\\\/#\\\/schema\\\/person\\\/359e9f7c00193fcde068e0dd2ceb0028\"},\"headline\":\"Hotel Pug Seal \\\/ Germ\u00e1n Velasco Arquitectos\",\"datePublished\":\"2018-06-07T23:57:06+00:00\",\"dateModified\":\"2020-03-26T04:16:18+00:00\",\"mainEntityOfPage\":{\"@id\":\"https:\\\/\\\/www.arquimaster.com.ar\\\/web\\\/hotel-pug-seal-german-velasco-arquitectos\\\/\"},\"wordCount\":1283,\"publisher\":{\"@id\":\"https:\\\/\\\/www.arquimaster.com.ar\\\/web\\\/#organization\"},\"image\":{\"@id\":\"https:\\\/\\\/www.arquimaster.com.ar\\\/web\\\/hotel-pug-seal-german-velasco-arquitectos\\\/#primaryimage\"},\"thumbnailUrl\":\"https:\\\/\\\/www.arquimaster.com.ar\\\/web\\\/wp-content\\\/uploads\\\/2018\\\/06\\\/hotel_pug_seal_slide.jpg\",\"keywords\":[\"Ciudad de Mexico\",\"Germ\u00e1n Velasco Arquitectos\",\"Germ\u00e1n Velasco Espinosa\",\"hotel\",\"hoteler\u00eda\"],\"articleSection\":[\"Arquitectura comercial\",\"Proyecto\"],\"inLanguage\":\"es\"},{\"@type\":\"WebPage\",\"@id\":\"https:\\\/\\\/www.arquimaster.com.ar\\\/web\\\/hotel-pug-seal-german-velasco-arquitectos\\\/\",\"url\":\"https:\\\/\\\/www.arquimaster.com.ar\\\/web\\\/hotel-pug-seal-german-velasco-arquitectos\\\/\",\"name\":\"Hotel Pug Seal \\\/ Germ\u00e1n Velasco Arquitectos - Arquimaster\",\"isPartOf\":{\"@id\":\"https:\\\/\\\/www.arquimaster.com.ar\\\/web\\\/#website\"},\"primaryImageOfPage\":{\"@id\":\"https:\\\/\\\/www.arquimaster.com.ar\\\/web\\\/hotel-pug-seal-german-velasco-arquitectos\\\/#primaryimage\"},\"image\":{\"@id\":\"https:\\\/\\\/www.arquimaster.com.ar\\\/web\\\/hotel-pug-seal-german-velasco-arquitectos\\\/#primaryimage\"},\"thumbnailUrl\":\"https:\\\/\\\/www.arquimaster.com.ar\\\/web\\\/wp-content\\\/uploads\\\/2018\\\/06\\\/hotel_pug_seal_slide.jpg\",\"datePublished\":\"2018-06-07T23:57:06+00:00\",\"dateModified\":\"2020-03-26T04:16:18+00:00\",\"breadcrumb\":{\"@id\":\"https:\\\/\\\/www.arquimaster.com.ar\\\/web\\\/hotel-pug-seal-german-velasco-arquitectos\\\/#breadcrumb\"},\"inLanguage\":\"es\",\"potentialAction\":[{\"@type\":\"ReadAction\",\"target\":[\"https:\\\/\\\/www.arquimaster.com.ar\\\/web\\\/hotel-pug-seal-german-velasco-arquitectos\\\/\"]}]},{\"@type\":\"ImageObject\",\"inLanguage\":\"es\",\"@id\":\"https:\\\/\\\/www.arquimaster.com.ar\\\/web\\\/hotel-pug-seal-german-velasco-arquitectos\\\/#primaryimage\",\"url\":\"https:\\\/\\\/www.arquimaster.com.ar\\\/web\\\/wp-content\\\/uploads\\\/2018\\\/06\\\/hotel_pug_seal_slide.jpg\",\"contentUrl\":\"https:\\\/\\\/www.arquimaster.com.ar\\\/web\\\/wp-content\\\/uploads\\\/2018\\\/06\\\/hotel_pug_seal_slide.jpg\",\"width\":642,\"height\":336},{\"@type\":\"BreadcrumbList\",\"@id\":\"https:\\\/\\\/www.arquimaster.com.ar\\\/web\\\/hotel-pug-seal-german-velasco-arquitectos\\\/#breadcrumb\",\"itemListElement\":[{\"@type\":\"ListItem\",\"position\":1,\"name\":\"Portada\",\"item\":\"https:\\\/\\\/www.arquimaster.com.ar\\\/web\\\/\"},{\"@type\":\"ListItem\",\"position\":2,\"name\":\"Hotel Pug Seal \\\/ Germ\u00e1n Velasco Arquitectos\"}]},{\"@type\":\"WebSite\",\"@id\":\"https:\\\/\\\/www.arquimaster.com.ar\\\/web\\\/#website\",\"url\":\"https:\\\/\\\/www.arquimaster.com.ar\\\/web\\\/\",\"name\":\"Arquimaster\",\"description\":\"Web de arquitectura, dise\u00f1o y construccion\",\"publisher\":{\"@id\":\"https:\\\/\\\/www.arquimaster.com.ar\\\/web\\\/#organization\"},\"potentialAction\":[{\"@type\":\"SearchAction\",\"target\":{\"@type\":\"EntryPoint\",\"urlTemplate\":\"https:\\\/\\\/www.arquimaster.com.ar\\\/web\\\/?s={search_term_string}\"},\"query-input\":{\"@type\":\"PropertyValueSpecification\",\"valueRequired\":true,\"valueName\":\"search_term_string\"}}],\"inLanguage\":\"es\"},{\"@type\":\"Organization\",\"@id\":\"https:\\\/\\\/www.arquimaster.com.ar\\\/web\\\/#organization\",\"name\":\"Arquimaster\",\"url\":\"https:\\\/\\\/www.arquimaster.com.ar\\\/web\\\/\",\"logo\":{\"@type\":\"ImageObject\",\"inLanguage\":\"es\",\"@id\":\"https:\\\/\\\/www.arquimaster.com.ar\\\/web\\\/#\\\/schema\\\/logo\\\/image\\\/\",\"url\":\"https:\\\/\\\/www.arquimaster.com.ar\\\/web\\\/wp-content\\\/uploads\\\/2022\\\/06\\\/arquimaster.png\",\"contentUrl\":\"https:\\\/\\\/www.arquimaster.com.ar\\\/web\\\/wp-content\\\/uploads\\\/2022\\\/06\\\/arquimaster.png\",\"width\":594,\"height\":78,\"caption\":\"Arquimaster\"},\"image\":{\"@id\":\"https:\\\/\\\/www.arquimaster.com.ar\\\/web\\\/#\\\/schema\\\/logo\\\/image\\\/\"},\"sameAs\":[\"http:\\\/\\\/www.facebook.com\\\/ARQUIMASTER.com.ar\",\"https:\\\/\\\/x.com\\\/arquimaster\",\"https:\\\/\\\/www.instagram.com\\\/arquimasterblog\\\/\",\"https:\\\/\\\/www.linkedin.com\\\/company\\\/arquimaster\",\"https:\\\/\\\/www.pinterest.com\\\/arquimaster\",\"https:\\\/\\\/t.me\\\/arquimaster\"]},{\"@type\":\"Person\",\"@id\":\"https:\\\/\\\/www.arquimaster.com.ar\\\/web\\\/#\\\/schema\\\/person\\\/359e9f7c00193fcde068e0dd2ceb0028\",\"name\":\"Arquimaster\"}]}<\/script>\n<!-- \/ Yoast SEO plugin. -->","yoast_head_json":{"title":"Hotel Pug Seal \/ Germ\u00e1n Velasco Arquitectos - Arquimaster","robots":{"index":"index","follow":"follow","max-snippet":"max-snippet:-1","max-image-preview":"max-image-preview:large","max-video-preview":"max-video-preview:-1"},"canonical":"https:\/\/www.arquimaster.com.ar\/web\/hotel-pug-seal-german-velasco-arquitectos\/","og_locale":"es_ES","og_type":"article","og_title":"Hotel Pug Seal \/ Germ\u00e1n Velasco Arquitectos - Arquimaster","og_description":"Cada espacio y cada detalle nos traen un recuerdo, una sensaci\u00f3n, un sentimiento...","og_url":"https:\/\/www.arquimaster.com.ar\/web\/hotel-pug-seal-german-velasco-arquitectos\/","og_site_name":"Arquimaster","article_publisher":"http:\/\/www.facebook.com\/ARQUIMASTER.com.ar","article_published_time":"2018-06-07T23:57:06+00:00","article_modified_time":"2020-03-26T04:16:18+00:00","og_image":[{"width":642,"height":336,"url":"https:\/\/www.arquimaster.com.ar\/web\/wp-content\/uploads\/2018\/06\/hotel_pug_seal_slide.jpg","type":"image\/jpeg"}],"author":"Arquimaster","twitter_card":"summary_large_image","twitter_creator":"@arquimaster","twitter_site":"@arquimaster","twitter_misc":{"Escrito por":"Arquimaster","Tiempo de lectura":"6 minutos"},"schema":{"@context":"https:\/\/schema.org","@graph":[{"@type":"Article","@id":"https:\/\/www.arquimaster.com.ar\/web\/hotel-pug-seal-german-velasco-arquitectos\/#article","isPartOf":{"@id":"https:\/\/www.arquimaster.com.ar\/web\/hotel-pug-seal-german-velasco-arquitectos\/"},"author":{"name":"Arquimaster","@id":"https:\/\/www.arquimaster.com.ar\/web\/#\/schema\/person\/359e9f7c00193fcde068e0dd2ceb0028"},"headline":"Hotel Pug Seal \/ Germ\u00e1n Velasco Arquitectos","datePublished":"2018-06-07T23:57:06+00:00","dateModified":"2020-03-26T04:16:18+00:00","mainEntityOfPage":{"@id":"https:\/\/www.arquimaster.com.ar\/web\/hotel-pug-seal-german-velasco-arquitectos\/"},"wordCount":1283,"publisher":{"@id":"https:\/\/www.arquimaster.com.ar\/web\/#organization"},"image":{"@id":"https:\/\/www.arquimaster.com.ar\/web\/hotel-pug-seal-german-velasco-arquitectos\/#primaryimage"},"thumbnailUrl":"https:\/\/www.arquimaster.com.ar\/web\/wp-content\/uploads\/2018\/06\/hotel_pug_seal_slide.jpg","keywords":["Ciudad de Mexico","Germ\u00e1n Velasco Arquitectos","Germ\u00e1n Velasco Espinosa","hotel","hoteler\u00eda"],"articleSection":["Arquitectura comercial","Proyecto"],"inLanguage":"es"},{"@type":"WebPage","@id":"https:\/\/www.arquimaster.com.ar\/web\/hotel-pug-seal-german-velasco-arquitectos\/","url":"https:\/\/www.arquimaster.com.ar\/web\/hotel-pug-seal-german-velasco-arquitectos\/","name":"Hotel Pug Seal \/ Germ\u00e1n Velasco Arquitectos - Arquimaster","isPartOf":{"@id":"https:\/\/www.arquimaster.com.ar\/web\/#website"},"primaryImageOfPage":{"@id":"https:\/\/www.arquimaster.com.ar\/web\/hotel-pug-seal-german-velasco-arquitectos\/#primaryimage"},"image":{"@id":"https:\/\/www.arquimaster.com.ar\/web\/hotel-pug-seal-german-velasco-arquitectos\/#primaryimage"},"thumbnailUrl":"https:\/\/www.arquimaster.com.ar\/web\/wp-content\/uploads\/2018\/06\/hotel_pug_seal_slide.jpg","datePublished":"2018-06-07T23:57:06+00:00","dateModified":"2020-03-26T04:16:18+00:00","breadcrumb":{"@id":"https:\/\/www.arquimaster.com.ar\/web\/hotel-pug-seal-german-velasco-arquitectos\/#breadcrumb"},"inLanguage":"es","potentialAction":[{"@type":"ReadAction","target":["https:\/\/www.arquimaster.com.ar\/web\/hotel-pug-seal-german-velasco-arquitectos\/"]}]},{"@type":"ImageObject","inLanguage":"es","@id":"https:\/\/www.arquimaster.com.ar\/web\/hotel-pug-seal-german-velasco-arquitectos\/#primaryimage","url":"https:\/\/www.arquimaster.com.ar\/web\/wp-content\/uploads\/2018\/06\/hotel_pug_seal_slide.jpg","contentUrl":"https:\/\/www.arquimaster.com.ar\/web\/wp-content\/uploads\/2018\/06\/hotel_pug_seal_slide.jpg","width":642,"height":336},{"@type":"BreadcrumbList","@id":"https:\/\/www.arquimaster.com.ar\/web\/hotel-pug-seal-german-velasco-arquitectos\/#breadcrumb","itemListElement":[{"@type":"ListItem","position":1,"name":"Portada","item":"https:\/\/www.arquimaster.com.ar\/web\/"},{"@type":"ListItem","position":2,"name":"Hotel Pug Seal \/ Germ\u00e1n Velasco Arquitectos"}]},{"@type":"WebSite","@id":"https:\/\/www.arquimaster.com.ar\/web\/#website","url":"https:\/\/www.arquimaster.com.ar\/web\/","name":"Arquimaster","description":"Web de arquitectura, dise\u00f1o y construccion","publisher":{"@id":"https:\/\/www.arquimaster.com.ar\/web\/#organization"},"potentialAction":[{"@type":"SearchAction","target":{"@type":"EntryPoint","urlTemplate":"https:\/\/www.arquimaster.com.ar\/web\/?s={search_term_string}"},"query-input":{"@type":"PropertyValueSpecification","valueRequired":true,"valueName":"search_term_string"}}],"inLanguage":"es"},{"@type":"Organization","@id":"https:\/\/www.arquimaster.com.ar\/web\/#organization","name":"Arquimaster","url":"https:\/\/www.arquimaster.com.ar\/web\/","logo":{"@type":"ImageObject","inLanguage":"es","@id":"https:\/\/www.arquimaster.com.ar\/web\/#\/schema\/logo\/image\/","url":"https:\/\/www.arquimaster.com.ar\/web\/wp-content\/uploads\/2022\/06\/arquimaster.png","contentUrl":"https:\/\/www.arquimaster.com.ar\/web\/wp-content\/uploads\/2022\/06\/arquimaster.png","width":594,"height":78,"caption":"Arquimaster"},"image":{"@id":"https:\/\/www.arquimaster.com.ar\/web\/#\/schema\/logo\/image\/"},"sameAs":["http:\/\/www.facebook.com\/ARQUIMASTER.com.ar","https:\/\/x.com\/arquimaster","https:\/\/www.instagram.com\/arquimasterblog\/","https:\/\/www.linkedin.com\/company\/arquimaster","https:\/\/www.pinterest.com\/arquimaster","https:\/\/t.me\/arquimaster"]},{"@type":"Person","@id":"https:\/\/www.arquimaster.com.ar\/web\/#\/schema\/person\/359e9f7c00193fcde068e0dd2ceb0028","name":"Arquimaster"}]}},"uagb_featured_image_src":{"full":["https:\/\/www.arquimaster.com.ar\/web\/wp-content\/uploads\/2018\/06\/hotel_pug_seal_slide.jpg",642,336,false],"thumbnail":["https:\/\/www.arquimaster.com.ar\/web\/wp-content\/uploads\/2018\/06\/hotel_pug_seal_slide-150x150.jpg",150,150,true],"medium":["https:\/\/www.arquimaster.com.ar\/web\/wp-content\/uploads\/2018\/06\/hotel_pug_seal_slide.jpg",642,336,false],"medium_large":["https:\/\/www.arquimaster.com.ar\/web\/wp-content\/uploads\/2018\/06\/hotel_pug_seal_slide.jpg",642,336,false],"large":["https:\/\/www.arquimaster.com.ar\/web\/wp-content\/uploads\/2018\/06\/hotel_pug_seal_slide.jpg",642,336,false],"1536x1536":["https:\/\/www.arquimaster.com.ar\/web\/wp-content\/uploads\/2018\/06\/hotel_pug_seal_slide.jpg",642,336,false],"2048x2048":["https:\/\/www.arquimaster.com.ar\/web\/wp-content\/uploads\/2018\/06\/hotel_pug_seal_slide.jpg",642,336,false]},"uagb_author_info":{"display_name":"Arquimaster","author_link":"https:\/\/www.arquimaster.com.ar\/web\/author\/arquimaster\/"},"uagb_comment_info":0,"uagb_excerpt":"Cada espacio y cada detalle nos traen un recuerdo, una sensaci\u00f3n, un sentimiento...","_links":{"self":[{"href":"https:\/\/www.arquimaster.com.ar\/web\/wp-json\/wp\/v2\/posts\/29993","targetHints":{"allow":["GET"]}}],"collection":[{"href":"https:\/\/www.arquimaster.com.ar\/web\/wp-json\/wp\/v2\/posts"}],"about":[{"href":"https:\/\/www.arquimaster.com.ar\/web\/wp-json\/wp\/v2\/types\/post"}],"author":[{"embeddable":true,"href":"https:\/\/www.arquimaster.com.ar\/web\/wp-json\/wp\/v2\/users\/1"}],"replies":[{"embeddable":true,"href":"https:\/\/www.arquimaster.com.ar\/web\/wp-json\/wp\/v2\/comments?post=29993"}],"version-history":[{"count":1,"href":"https:\/\/www.arquimaster.com.ar\/web\/wp-json\/wp\/v2\/posts\/29993\/revisions"}],"predecessor-version":[{"id":53912,"href":"https:\/\/www.arquimaster.com.ar\/web\/wp-json\/wp\/v2\/posts\/29993\/revisions\/53912"}],"wp:featuredmedia":[{"embeddable":true,"href":"https:\/\/www.arquimaster.com.ar\/web\/wp-json\/wp\/v2\/media\/29995"}],"wp:attachment":[{"href":"https:\/\/www.arquimaster.com.ar\/web\/wp-json\/wp\/v2\/media?parent=29993"}],"wp:term":[{"taxonomy":"category","embeddable":true,"href":"https:\/\/www.arquimaster.com.ar\/web\/wp-json\/wp\/v2\/categories?post=29993"},{"taxonomy":"post_tag","embeddable":true,"href":"https:\/\/www.arquimaster.com.ar\/web\/wp-json\/wp\/v2\/tags?post=29993"}],"curies":[{"name":"wp","href":"https:\/\/api.w.org\/{rel}","templated":true}]}}