{"id":30193,"date":"2018-07-03T17:51:29","date_gmt":"2018-07-03T17:51:29","guid":{"rendered":"http:\/\/www.arquimaster.com.ar\/web\/?p=30193"},"modified":"2018-07-06T18:02:59","modified_gmt":"2018-07-06T18:02:59","slug":"casa-canto-cholul-taller-estilo-arquitectura","status":"publish","type":"post","link":"https:\/\/www.arquimaster.com.ar\/web\/casa-canto-cholul-taller-estilo-arquitectura\/","title":{"rendered":"Casa Canto Cholul \/ Taller Estilo Arquitectura"},"content":{"rendered":"<div style=\"margin-top: 0px; margin-bottom: 0px;\" class=\"sharethis-inline-share-buttons\" ><\/div><div class=\"b812932af2e751442846f039925109de\" data-index=\"1\" style=\"float: none; margin:25px 0 25px 0; text-align:center;\">\n<script async src=\"https:\/\/pagead2.googlesyndication.com\/pagead\/js\/adsbygoogle.js\"><\/script>\r\n<!-- Arquimaster (superior) -->\r\n<ins class=\"adsbygoogle\"\r\n     style=\"display:block\"\r\n     data-ad-client=\"ca-pub-6351072698456832\"\r\n     data-ad-slot=\"6455489680\"\r\n     data-ad-format=\"auto\"\r\n     data-full-width-responsive=\"true\"><\/ins>\r\n<script>\r\n     (adsbygoogle = window.adsbygoogle || []).push({});\r\n<\/script>\n<\/div>\n<p><strong>Casa Canto Cholul<\/strong> (Cholul, Yucat\u00e1n, M\u00e9xico) por <strong>Taller Estilo Arquitectura<\/strong>. En un terreno de 2300 m2 y cerca de 60 \u00e1rboles se encuentra inmersa La Casa Canto Cholul, un proyecto que pretende crear una convivencia din\u00e1mica, espacial y formal entre naturaleza y arquitectura. Muros curvos de piedra de la regi\u00f3n y cemento pigmentado que abrazan a los arboles esperando permanecer; siendo estos los que dan la bienvenida a la vivienda, recorridos entre \u00e1rboles y sombras son los que te dirigen hasta el acceso principal del edificio.<\/p>\n<p><em>\u00abLos Humanos no deber\u00edan de tratar de conquistar la naturaleza con tecnolog\u00eda, deber\u00edan de crear arquitectura que sea bendecida por la naturaleza\u00bb (Toyo Ito).<\/em><\/p>\n<div id='gallery-1' class='gallery galleryid-30193 gallery-columns-3 gallery-size-thumbnail'><figure class='gallery-item'>\n\t\t\t<div class='gallery-icon landscape'>\n\t\t\t\t<a href='https:\/\/www.arquimaster.com.ar\/web\/wp-content\/uploads\/2018\/07\/casa_canto_cholul1.jpg' title=\"Casa Canto Cholul \/ Taller Estilo Arquitectura (\u00a9 David Cervera)\" data-rl_title=\"Casa Canto Cholul \/ Taller Estilo Arquitectura (\u00a9 David Cervera)\" class=\"rl-gallery-link\" data-rl_caption=\"Casa Canto Cholul \/ Taller Estilo Arquitectura (\u00a9 David Cervera)\" data-rel=\"lightbox-gallery-1\"><img loading=\"lazy\" decoding=\"async\" width=\"150\" height=\"150\" src=\"https:\/\/www.arquimaster.com.ar\/web\/wp-content\/uploads\/2018\/07\/casa_canto_cholul1-150x150.jpg\" class=\"attachment-thumbnail size-thumbnail\" alt=\"\" aria-describedby=\"gallery-1-30195\" srcset=\"https:\/\/www.arquimaster.com.ar\/web\/wp-content\/uploads\/2018\/07\/casa_canto_cholul1-150x150.jpg 150w, https:\/\/www.arquimaster.com.ar\/web\/wp-content\/uploads\/2018\/07\/casa_canto_cholul1-50x50.jpg 50w, https:\/\/www.arquimaster.com.ar\/web\/wp-content\/uploads\/2018\/07\/casa_canto_cholul1-125x125.jpg 125w\" sizes=\"auto, (max-width: 150px) 100vw, 150px\" \/><\/a>\n\t\t\t<\/div>\n\t\t\t\t<figcaption class='wp-caption-text gallery-caption' id='gallery-1-30195'>\n\t\t\t\tCasa Canto Cholul \/ Taller Estilo Arquitectura (\u00a9 David Cervera)\n\t\t\t\t<\/figcaption><\/figure><figure class='gallery-item'>\n\t\t\t<div class='gallery-icon landscape'>\n\t\t\t\t<a href='https:\/\/www.arquimaster.com.ar\/web\/wp-content\/uploads\/2018\/07\/casa_canto_cholul2.jpg' title=\"Casa Canto Cholul \/ Taller Estilo Arquitectura (\u00a9 David Cervera)\" data-rl_title=\"Casa Canto Cholul \/ Taller Estilo Arquitectura (\u00a9 David Cervera)\" class=\"rl-gallery-link\" data-rl_caption=\"Casa Canto Cholul \/ Taller Estilo Arquitectura (\u00a9 David Cervera)\" data-rel=\"lightbox-gallery-1\"><img loading=\"lazy\" decoding=\"async\" width=\"150\" height=\"150\" src=\"https:\/\/www.arquimaster.com.ar\/web\/wp-content\/uploads\/2018\/07\/casa_canto_cholul2-150x150.jpg\" class=\"attachment-thumbnail size-thumbnail\" alt=\"\" aria-describedby=\"gallery-1-30196\" srcset=\"https:\/\/www.arquimaster.com.ar\/web\/wp-content\/uploads\/2018\/07\/casa_canto_cholul2-150x150.jpg 150w, https:\/\/www.arquimaster.com.ar\/web\/wp-content\/uploads\/2018\/07\/casa_canto_cholul2-50x50.jpg 50w, https:\/\/www.arquimaster.com.ar\/web\/wp-content\/uploads\/2018\/07\/casa_canto_cholul2-125x125.jpg 125w\" sizes=\"auto, (max-width: 150px) 100vw, 150px\" \/><\/a>\n\t\t\t<\/div>\n\t\t\t\t<figcaption class='wp-caption-text gallery-caption' id='gallery-1-30196'>\n\t\t\t\tCasa Canto Cholul \/ Taller Estilo Arquitectura (\u00a9 David Cervera)\n\t\t\t\t<\/figcaption><\/figure><figure class='gallery-item'>\n\t\t\t<div class='gallery-icon landscape'>\n\t\t\t\t<a href='https:\/\/www.arquimaster.com.ar\/web\/wp-content\/uploads\/2018\/07\/casa_canto_cholul3.jpg' title=\"Casa Canto Cholul \/ Taller Estilo Arquitectura (\u00a9 David Cervera)\" data-rl_title=\"Casa Canto Cholul \/ Taller Estilo Arquitectura (\u00a9 David Cervera)\" class=\"rl-gallery-link\" data-rl_caption=\"Casa Canto Cholul \/ Taller Estilo Arquitectura (\u00a9 David Cervera)\" data-rel=\"lightbox-gallery-1\"><img loading=\"lazy\" decoding=\"async\" width=\"150\" height=\"150\" src=\"https:\/\/www.arquimaster.com.ar\/web\/wp-content\/uploads\/2018\/07\/casa_canto_cholul3-150x150.jpg\" class=\"attachment-thumbnail size-thumbnail\" alt=\"\" aria-describedby=\"gallery-1-30197\" srcset=\"https:\/\/www.arquimaster.com.ar\/web\/wp-content\/uploads\/2018\/07\/casa_canto_cholul3-150x150.jpg 150w, https:\/\/www.arquimaster.com.ar\/web\/wp-content\/uploads\/2018\/07\/casa_canto_cholul3-50x50.jpg 50w, https:\/\/www.arquimaster.com.ar\/web\/wp-content\/uploads\/2018\/07\/casa_canto_cholul3-125x125.jpg 125w\" sizes=\"auto, (max-width: 150px) 100vw, 150px\" \/><\/a>\n\t\t\t<\/div>\n\t\t\t\t<figcaption class='wp-caption-text gallery-caption' id='gallery-1-30197'>\n\t\t\t\tCasa Canto Cholul \/ Taller Estilo Arquitectura (\u00a9 David Cervera)\n\t\t\t\t<\/figcaption><\/figure><figure class='gallery-item'>\n\t\t\t<div class='gallery-icon landscape'>\n\t\t\t\t<a href='https:\/\/www.arquimaster.com.ar\/web\/wp-content\/uploads\/2018\/07\/casa_canto_cholul4.jpg' title=\"Casa Canto Cholul \/ Taller Estilo Arquitectura (\u00a9 David Cervera)\" data-rl_title=\"Casa Canto Cholul \/ Taller Estilo Arquitectura (\u00a9 David Cervera)\" class=\"rl-gallery-link\" data-rl_caption=\"Casa Canto Cholul \/ Taller Estilo Arquitectura (\u00a9 David Cervera)\" data-rel=\"lightbox-gallery-1\"><img loading=\"lazy\" decoding=\"async\" width=\"150\" height=\"150\" src=\"https:\/\/www.arquimaster.com.ar\/web\/wp-content\/uploads\/2018\/07\/casa_canto_cholul4-150x150.jpg\" class=\"attachment-thumbnail size-thumbnail\" alt=\"\" aria-describedby=\"gallery-1-30198\" srcset=\"https:\/\/www.arquimaster.com.ar\/web\/wp-content\/uploads\/2018\/07\/casa_canto_cholul4-150x150.jpg 150w, https:\/\/www.arquimaster.com.ar\/web\/wp-content\/uploads\/2018\/07\/casa_canto_cholul4-50x50.jpg 50w, https:\/\/www.arquimaster.com.ar\/web\/wp-content\/uploads\/2018\/07\/casa_canto_cholul4-125x125.jpg 125w\" sizes=\"auto, (max-width: 150px) 100vw, 150px\" \/><\/a>\n\t\t\t<\/div>\n\t\t\t\t<figcaption class='wp-caption-text gallery-caption' id='gallery-1-30198'>\n\t\t\t\tCasa Canto Cholul \/ Taller Estilo Arquitectura (\u00a9 David Cervera)\n\t\t\t\t<\/figcaption><\/figure><figure class='gallery-item'>\n\t\t\t<div class='gallery-icon landscape'>\n\t\t\t\t<a href='https:\/\/www.arquimaster.com.ar\/web\/wp-content\/uploads\/2018\/07\/casa_canto_cholul5.jpg' title=\"Casa Canto Cholul \/ Taller Estilo Arquitectura (\u00a9 David Cervera)\" data-rl_title=\"Casa Canto Cholul \/ Taller Estilo Arquitectura (\u00a9 David Cervera)\" class=\"rl-gallery-link\" data-rl_caption=\"Casa Canto Cholul \/ Taller Estilo Arquitectura (\u00a9 David Cervera)\" data-rel=\"lightbox-gallery-1\"><img loading=\"lazy\" decoding=\"async\" width=\"150\" height=\"150\" src=\"https:\/\/www.arquimaster.com.ar\/web\/wp-content\/uploads\/2018\/07\/casa_canto_cholul5-150x150.jpg\" class=\"attachment-thumbnail size-thumbnail\" alt=\"\" aria-describedby=\"gallery-1-30199\" srcset=\"https:\/\/www.arquimaster.com.ar\/web\/wp-content\/uploads\/2018\/07\/casa_canto_cholul5-150x150.jpg 150w, https:\/\/www.arquimaster.com.ar\/web\/wp-content\/uploads\/2018\/07\/casa_canto_cholul5-50x50.jpg 50w, https:\/\/www.arquimaster.com.ar\/web\/wp-content\/uploads\/2018\/07\/casa_canto_cholul5-125x125.jpg 125w\" sizes=\"auto, (max-width: 150px) 100vw, 150px\" \/><\/a>\n\t\t\t<\/div>\n\t\t\t\t<figcaption class='wp-caption-text gallery-caption' id='gallery-1-30199'>\n\t\t\t\tCasa Canto Cholul \/ Taller Estilo Arquitectura (\u00a9 David Cervera)\n\t\t\t\t<\/figcaption><\/figure><figure class='gallery-item'>\n\t\t\t<div class='gallery-icon landscape'>\n\t\t\t\t<a href='https:\/\/www.arquimaster.com.ar\/web\/wp-content\/uploads\/2018\/07\/casa_canto_cholul6.jpg' title=\"Casa Canto Cholul \/ Taller Estilo Arquitectura (\u00a9 David Cervera)\" data-rl_title=\"Casa Canto Cholul \/ Taller Estilo Arquitectura (\u00a9 David Cervera)\" class=\"rl-gallery-link\" data-rl_caption=\"Casa Canto Cholul \/ Taller Estilo Arquitectura (\u00a9 David Cervera)\" data-rel=\"lightbox-gallery-1\"><img loading=\"lazy\" decoding=\"async\" width=\"150\" height=\"150\" src=\"https:\/\/www.arquimaster.com.ar\/web\/wp-content\/uploads\/2018\/07\/casa_canto_cholul6-150x150.jpg\" class=\"attachment-thumbnail size-thumbnail\" alt=\"\" aria-describedby=\"gallery-1-30200\" srcset=\"https:\/\/www.arquimaster.com.ar\/web\/wp-content\/uploads\/2018\/07\/casa_canto_cholul6-150x150.jpg 150w, https:\/\/www.arquimaster.com.ar\/web\/wp-content\/uploads\/2018\/07\/casa_canto_cholul6-50x50.jpg 50w, https:\/\/www.arquimaster.com.ar\/web\/wp-content\/uploads\/2018\/07\/casa_canto_cholul6-125x125.jpg 125w\" sizes=\"auto, (max-width: 150px) 100vw, 150px\" \/><\/a>\n\t\t\t<\/div>\n\t\t\t\t<figcaption class='wp-caption-text gallery-caption' id='gallery-1-30200'>\n\t\t\t\tCasa Canto Cholul \/ Taller Estilo Arquitectura (\u00a9 David Cervera)\n\t\t\t\t<\/figcaption><\/figure><figure class='gallery-item'>\n\t\t\t<div class='gallery-icon landscape'>\n\t\t\t\t<a href='https:\/\/www.arquimaster.com.ar\/web\/wp-content\/uploads\/2018\/07\/casa_canto_cholul7.jpg' title=\"Casa Canto Cholul \/ Taller Estilo Arquitectura (\u00a9 David Cervera)\" data-rl_title=\"Casa Canto Cholul \/ Taller Estilo Arquitectura (\u00a9 David Cervera)\" class=\"rl-gallery-link\" data-rl_caption=\"Casa Canto Cholul \/ Taller Estilo Arquitectura (\u00a9 David Cervera)\" data-rel=\"lightbox-gallery-1\"><img loading=\"lazy\" decoding=\"async\" width=\"150\" height=\"150\" src=\"https:\/\/www.arquimaster.com.ar\/web\/wp-content\/uploads\/2018\/07\/casa_canto_cholul7-150x150.jpg\" class=\"attachment-thumbnail size-thumbnail\" alt=\"\" aria-describedby=\"gallery-1-30201\" srcset=\"https:\/\/www.arquimaster.com.ar\/web\/wp-content\/uploads\/2018\/07\/casa_canto_cholul7-150x150.jpg 150w, https:\/\/www.arquimaster.com.ar\/web\/wp-content\/uploads\/2018\/07\/casa_canto_cholul7-50x50.jpg 50w, https:\/\/www.arquimaster.com.ar\/web\/wp-content\/uploads\/2018\/07\/casa_canto_cholul7-125x125.jpg 125w\" sizes=\"auto, (max-width: 150px) 100vw, 150px\" \/><\/a>\n\t\t\t<\/div>\n\t\t\t\t<figcaption class='wp-caption-text gallery-caption' id='gallery-1-30201'>\n\t\t\t\tCasa Canto Cholul \/ Taller Estilo Arquitectura (\u00a9 David Cervera)\n\t\t\t\t<\/figcaption><\/figure><figure class='gallery-item'>\n\t\t\t<div class='gallery-icon landscape'>\n\t\t\t\t<a href='https:\/\/www.arquimaster.com.ar\/web\/wp-content\/uploads\/2018\/07\/casa_canto_cholul8.jpg' title=\"Casa Canto Cholul \/ Taller Estilo Arquitectura (\u00a9 David Cervera)\" data-rl_title=\"Casa Canto Cholul \/ Taller Estilo Arquitectura (\u00a9 David Cervera)\" class=\"rl-gallery-link\" data-rl_caption=\"Casa Canto Cholul \/ Taller Estilo Arquitectura (\u00a9 David Cervera)\" data-rel=\"lightbox-gallery-1\"><img loading=\"lazy\" decoding=\"async\" width=\"150\" height=\"150\" src=\"https:\/\/www.arquimaster.com.ar\/web\/wp-content\/uploads\/2018\/07\/casa_canto_cholul8-150x150.jpg\" class=\"attachment-thumbnail size-thumbnail\" alt=\"\" aria-describedby=\"gallery-1-30202\" srcset=\"https:\/\/www.arquimaster.com.ar\/web\/wp-content\/uploads\/2018\/07\/casa_canto_cholul8-150x150.jpg 150w, https:\/\/www.arquimaster.com.ar\/web\/wp-content\/uploads\/2018\/07\/casa_canto_cholul8-50x50.jpg 50w, https:\/\/www.arquimaster.com.ar\/web\/wp-content\/uploads\/2018\/07\/casa_canto_cholul8-125x125.jpg 125w\" sizes=\"auto, (max-width: 150px) 100vw, 150px\" \/><\/a>\n\t\t\t<\/div>\n\t\t\t\t<figcaption class='wp-caption-text gallery-caption' id='gallery-1-30202'>\n\t\t\t\tCasa Canto Cholul \/ Taller Estilo Arquitectura (\u00a9 David Cervera)\n\t\t\t\t<\/figcaption><\/figure><figure class='gallery-item'>\n\t\t\t<div class='gallery-icon landscape'>\n\t\t\t\t<a href='https:\/\/www.arquimaster.com.ar\/web\/wp-content\/uploads\/2018\/07\/casa_canto_cholul9.jpg' title=\"Casa Canto Cholul \/ Taller Estilo Arquitectura (\u00a9 David Cervera)\" data-rl_title=\"Casa Canto Cholul \/ Taller Estilo Arquitectura (\u00a9 David Cervera)\" class=\"rl-gallery-link\" data-rl_caption=\"Casa Canto Cholul \/ Taller Estilo Arquitectura (\u00a9 David Cervera)\" data-rel=\"lightbox-gallery-1\"><img loading=\"lazy\" decoding=\"async\" width=\"150\" height=\"150\" src=\"https:\/\/www.arquimaster.com.ar\/web\/wp-content\/uploads\/2018\/07\/casa_canto_cholul9-150x150.jpg\" class=\"attachment-thumbnail size-thumbnail\" alt=\"\" aria-describedby=\"gallery-1-30203\" srcset=\"https:\/\/www.arquimaster.com.ar\/web\/wp-content\/uploads\/2018\/07\/casa_canto_cholul9-150x150.jpg 150w, https:\/\/www.arquimaster.com.ar\/web\/wp-content\/uploads\/2018\/07\/casa_canto_cholul9-50x50.jpg 50w, https:\/\/www.arquimaster.com.ar\/web\/wp-content\/uploads\/2018\/07\/casa_canto_cholul9-125x125.jpg 125w\" sizes=\"auto, (max-width: 150px) 100vw, 150px\" \/><\/a>\n\t\t\t<\/div>\n\t\t\t\t<figcaption class='wp-caption-text gallery-caption' id='gallery-1-30203'>\n\t\t\t\tCasa Canto Cholul \/ Taller Estilo Arquitectura (\u00a9 David Cervera)\n\t\t\t\t<\/figcaption><\/figure><figure class='gallery-item'>\n\t\t\t<div class='gallery-icon landscape'>\n\t\t\t\t<a href='https:\/\/www.arquimaster.com.ar\/web\/wp-content\/uploads\/2018\/07\/casa_canto_cholul10.jpg' title=\"Casa Canto Cholul \/ Taller Estilo Arquitectura (\u00a9 David Cervera)\" data-rl_title=\"Casa Canto Cholul \/ Taller Estilo Arquitectura (\u00a9 David Cervera)\" class=\"rl-gallery-link\" data-rl_caption=\"Casa Canto Cholul \/ Taller Estilo Arquitectura (\u00a9 David Cervera)\" data-rel=\"lightbox-gallery-1\"><img loading=\"lazy\" decoding=\"async\" width=\"150\" height=\"150\" src=\"https:\/\/www.arquimaster.com.ar\/web\/wp-content\/uploads\/2018\/07\/casa_canto_cholul10-150x150.jpg\" class=\"attachment-thumbnail size-thumbnail\" alt=\"\" aria-describedby=\"gallery-1-30204\" srcset=\"https:\/\/www.arquimaster.com.ar\/web\/wp-content\/uploads\/2018\/07\/casa_canto_cholul10-150x150.jpg 150w, https:\/\/www.arquimaster.com.ar\/web\/wp-content\/uploads\/2018\/07\/casa_canto_cholul10-50x50.jpg 50w, https:\/\/www.arquimaster.com.ar\/web\/wp-content\/uploads\/2018\/07\/casa_canto_cholul10-125x125.jpg 125w\" sizes=\"auto, (max-width: 150px) 100vw, 150px\" \/><\/a>\n\t\t\t<\/div>\n\t\t\t\t<figcaption class='wp-caption-text gallery-caption' id='gallery-1-30204'>\n\t\t\t\tCasa Canto Cholul \/ Taller Estilo Arquitectura (\u00a9 David Cervera)\n\t\t\t\t<\/figcaption><\/figure><figure class='gallery-item'>\n\t\t\t<div class='gallery-icon landscape'>\n\t\t\t\t<a href='https:\/\/www.arquimaster.com.ar\/web\/wp-content\/uploads\/2018\/07\/casa_canto_cholul11.jpg' title=\"Casa Canto Cholul \/ Taller Estilo Arquitectura (\u00a9 David Cervera)\" data-rl_title=\"Casa Canto Cholul \/ Taller Estilo Arquitectura (\u00a9 David Cervera)\" class=\"rl-gallery-link\" data-rl_caption=\"Casa Canto Cholul \/ Taller Estilo Arquitectura (\u00a9 David Cervera)\" data-rel=\"lightbox-gallery-1\"><img loading=\"lazy\" decoding=\"async\" width=\"150\" height=\"150\" src=\"https:\/\/www.arquimaster.com.ar\/web\/wp-content\/uploads\/2018\/07\/casa_canto_cholul11-150x150.jpg\" class=\"attachment-thumbnail size-thumbnail\" alt=\"\" aria-describedby=\"gallery-1-30205\" srcset=\"https:\/\/www.arquimaster.com.ar\/web\/wp-content\/uploads\/2018\/07\/casa_canto_cholul11-150x150.jpg 150w, https:\/\/www.arquimaster.com.ar\/web\/wp-content\/uploads\/2018\/07\/casa_canto_cholul11-50x50.jpg 50w, https:\/\/www.arquimaster.com.ar\/web\/wp-content\/uploads\/2018\/07\/casa_canto_cholul11-125x125.jpg 125w\" sizes=\"auto, (max-width: 150px) 100vw, 150px\" \/><\/a>\n\t\t\t<\/div>\n\t\t\t\t<figcaption class='wp-caption-text gallery-caption' id='gallery-1-30205'>\n\t\t\t\tCasa Canto Cholul \/ Taller Estilo Arquitectura (\u00a9 David Cervera)\n\t\t\t\t<\/figcaption><\/figure><figure class='gallery-item'>\n\t\t\t<div class='gallery-icon landscape'>\n\t\t\t\t<a href='https:\/\/www.arquimaster.com.ar\/web\/wp-content\/uploads\/2018\/07\/casa_canto_cholul12.jpg' title=\"Casa Canto Cholul \/ Taller Estilo Arquitectura (\u00a9 David Cervera)\" data-rl_title=\"Casa Canto Cholul \/ Taller Estilo Arquitectura (\u00a9 David Cervera)\" class=\"rl-gallery-link\" data-rl_caption=\"Casa Canto Cholul \/ Taller Estilo Arquitectura (\u00a9 David Cervera)\" data-rel=\"lightbox-gallery-1\"><img loading=\"lazy\" decoding=\"async\" width=\"150\" height=\"150\" src=\"https:\/\/www.arquimaster.com.ar\/web\/wp-content\/uploads\/2018\/07\/casa_canto_cholul12-150x150.jpg\" class=\"attachment-thumbnail size-thumbnail\" alt=\"\" aria-describedby=\"gallery-1-30206\" srcset=\"https:\/\/www.arquimaster.com.ar\/web\/wp-content\/uploads\/2018\/07\/casa_canto_cholul12-150x150.jpg 150w, https:\/\/www.arquimaster.com.ar\/web\/wp-content\/uploads\/2018\/07\/casa_canto_cholul12-50x50.jpg 50w, https:\/\/www.arquimaster.com.ar\/web\/wp-content\/uploads\/2018\/07\/casa_canto_cholul12-125x125.jpg 125w\" sizes=\"auto, (max-width: 150px) 100vw, 150px\" \/><\/a>\n\t\t\t<\/div>\n\t\t\t\t<figcaption class='wp-caption-text gallery-caption' id='gallery-1-30206'>\n\t\t\t\tCasa Canto Cholul \/ Taller Estilo Arquitectura (\u00a9 David Cervera)\n\t\t\t\t<\/figcaption><\/figure><figure class='gallery-item'>\n\t\t\t<div class='gallery-icon landscape'>\n\t\t\t\t<a href='https:\/\/www.arquimaster.com.ar\/web\/wp-content\/uploads\/2018\/07\/casa_canto_cholul13.jpg' title=\"Casa Canto Cholul \/ Taller Estilo Arquitectura (\u00a9 David Cervera)\" data-rl_title=\"Casa Canto Cholul \/ Taller Estilo Arquitectura (\u00a9 David Cervera)\" class=\"rl-gallery-link\" data-rl_caption=\"Casa Canto Cholul \/ Taller Estilo Arquitectura (\u00a9 David Cervera)\" data-rel=\"lightbox-gallery-1\"><img loading=\"lazy\" decoding=\"async\" width=\"150\" height=\"150\" src=\"https:\/\/www.arquimaster.com.ar\/web\/wp-content\/uploads\/2018\/07\/casa_canto_cholul13-150x150.jpg\" class=\"attachment-thumbnail size-thumbnail\" alt=\"\" aria-describedby=\"gallery-1-30207\" srcset=\"https:\/\/www.arquimaster.com.ar\/web\/wp-content\/uploads\/2018\/07\/casa_canto_cholul13-150x150.jpg 150w, https:\/\/www.arquimaster.com.ar\/web\/wp-content\/uploads\/2018\/07\/casa_canto_cholul13-50x50.jpg 50w, https:\/\/www.arquimaster.com.ar\/web\/wp-content\/uploads\/2018\/07\/casa_canto_cholul13-125x125.jpg 125w\" sizes=\"auto, (max-width: 150px) 100vw, 150px\" \/><\/a>\n\t\t\t<\/div>\n\t\t\t\t<figcaption class='wp-caption-text gallery-caption' id='gallery-1-30207'>\n\t\t\t\tCasa Canto Cholul \/ Taller Estilo Arquitectura (\u00a9 David Cervera)\n\t\t\t\t<\/figcaption><\/figure><figure class='gallery-item'>\n\t\t\t<div class='gallery-icon landscape'>\n\t\t\t\t<a href='https:\/\/www.arquimaster.com.ar\/web\/wp-content\/uploads\/2018\/07\/casa_canto_cholul14.jpg' title=\"Casa Canto Cholul \/ Taller Estilo Arquitectura (\u00a9 David Cervera)\" data-rl_title=\"Casa Canto Cholul \/ Taller Estilo Arquitectura (\u00a9 David Cervera)\" class=\"rl-gallery-link\" data-rl_caption=\"Casa Canto Cholul \/ Taller Estilo Arquitectura (\u00a9 David Cervera)\" data-rel=\"lightbox-gallery-1\"><img loading=\"lazy\" decoding=\"async\" width=\"150\" height=\"150\" src=\"https:\/\/www.arquimaster.com.ar\/web\/wp-content\/uploads\/2018\/07\/casa_canto_cholul14-150x150.jpg\" class=\"attachment-thumbnail size-thumbnail\" alt=\"\" aria-describedby=\"gallery-1-30208\" srcset=\"https:\/\/www.arquimaster.com.ar\/web\/wp-content\/uploads\/2018\/07\/casa_canto_cholul14-150x150.jpg 150w, https:\/\/www.arquimaster.com.ar\/web\/wp-content\/uploads\/2018\/07\/casa_canto_cholul14-50x50.jpg 50w, https:\/\/www.arquimaster.com.ar\/web\/wp-content\/uploads\/2018\/07\/casa_canto_cholul14-125x125.jpg 125w\" sizes=\"auto, (max-width: 150px) 100vw, 150px\" \/><\/a>\n\t\t\t<\/div>\n\t\t\t\t<figcaption class='wp-caption-text gallery-caption' id='gallery-1-30208'>\n\t\t\t\tCasa Canto Cholul \/ Taller Estilo Arquitectura (\u00a9 David Cervera)\n\t\t\t\t<\/figcaption><\/figure><figure class='gallery-item'>\n\t\t\t<div class='gallery-icon landscape'>\n\t\t\t\t<a href='https:\/\/www.arquimaster.com.ar\/web\/wp-content\/uploads\/2018\/07\/casa_canto_cholul15.jpg' title=\"Casa Canto Cholul \/ Taller Estilo Arquitectura (\u00a9 David Cervera)\" data-rl_title=\"Casa Canto Cholul \/ Taller Estilo Arquitectura (\u00a9 David Cervera)\" class=\"rl-gallery-link\" data-rl_caption=\"Casa Canto Cholul \/ Taller Estilo Arquitectura (\u00a9 David Cervera)\" data-rel=\"lightbox-gallery-1\"><img loading=\"lazy\" decoding=\"async\" width=\"150\" height=\"150\" src=\"https:\/\/www.arquimaster.com.ar\/web\/wp-content\/uploads\/2018\/07\/casa_canto_cholul15-150x150.jpg\" class=\"attachment-thumbnail size-thumbnail\" alt=\"\" aria-describedby=\"gallery-1-30209\" srcset=\"https:\/\/www.arquimaster.com.ar\/web\/wp-content\/uploads\/2018\/07\/casa_canto_cholul15-150x150.jpg 150w, https:\/\/www.arquimaster.com.ar\/web\/wp-content\/uploads\/2018\/07\/casa_canto_cholul15-50x50.jpg 50w, https:\/\/www.arquimaster.com.ar\/web\/wp-content\/uploads\/2018\/07\/casa_canto_cholul15-125x125.jpg 125w\" sizes=\"auto, (max-width: 150px) 100vw, 150px\" \/><\/a>\n\t\t\t<\/div>\n\t\t\t\t<figcaption class='wp-caption-text gallery-caption' id='gallery-1-30209'>\n\t\t\t\tCasa Canto Cholul \/ Taller Estilo Arquitectura (\u00a9 David Cervera)\n\t\t\t\t<\/figcaption><\/figure><figure class='gallery-item'>\n\t\t\t<div class='gallery-icon landscape'>\n\t\t\t\t<a href='https:\/\/www.arquimaster.com.ar\/web\/wp-content\/uploads\/2018\/07\/casa_canto_cholul16.jpg' title=\"Casa Canto Cholul \/ Taller Estilo Arquitectura (\u00a9 David Cervera)\" data-rl_title=\"Casa Canto Cholul \/ Taller Estilo Arquitectura (\u00a9 David Cervera)\" class=\"rl-gallery-link\" data-rl_caption=\"Casa Canto Cholul \/ Taller Estilo Arquitectura (\u00a9 David Cervera)\" data-rel=\"lightbox-gallery-1\"><img loading=\"lazy\" decoding=\"async\" width=\"150\" height=\"150\" src=\"https:\/\/www.arquimaster.com.ar\/web\/wp-content\/uploads\/2018\/07\/casa_canto_cholul16-150x150.jpg\" class=\"attachment-thumbnail size-thumbnail\" alt=\"\" aria-describedby=\"gallery-1-30210\" srcset=\"https:\/\/www.arquimaster.com.ar\/web\/wp-content\/uploads\/2018\/07\/casa_canto_cholul16-150x150.jpg 150w, https:\/\/www.arquimaster.com.ar\/web\/wp-content\/uploads\/2018\/07\/casa_canto_cholul16-50x50.jpg 50w, https:\/\/www.arquimaster.com.ar\/web\/wp-content\/uploads\/2018\/07\/casa_canto_cholul16-125x125.jpg 125w\" sizes=\"auto, (max-width: 150px) 100vw, 150px\" \/><\/a>\n\t\t\t<\/div>\n\t\t\t\t<figcaption class='wp-caption-text gallery-caption' id='gallery-1-30210'>\n\t\t\t\tCasa Canto Cholul \/ Taller Estilo Arquitectura (\u00a9 David Cervera)\n\t\t\t\t<\/figcaption><\/figure><figure class='gallery-item'>\n\t\t\t<div class='gallery-icon landscape'>\n\t\t\t\t<a href='https:\/\/www.arquimaster.com.ar\/web\/wp-content\/uploads\/2018\/07\/casa_canto_cholul17.jpg' title=\"Casa Canto Cholul \/ Taller Estilo Arquitectura (\u00a9 David Cervera)\" data-rl_title=\"Casa Canto Cholul \/ Taller Estilo Arquitectura (\u00a9 David Cervera)\" class=\"rl-gallery-link\" data-rl_caption=\"Casa Canto Cholul \/ Taller Estilo Arquitectura (\u00a9 David Cervera)\" data-rel=\"lightbox-gallery-1\"><img loading=\"lazy\" decoding=\"async\" width=\"150\" height=\"150\" src=\"https:\/\/www.arquimaster.com.ar\/web\/wp-content\/uploads\/2018\/07\/casa_canto_cholul17-150x150.jpg\" class=\"attachment-thumbnail size-thumbnail\" alt=\"\" aria-describedby=\"gallery-1-30211\" srcset=\"https:\/\/www.arquimaster.com.ar\/web\/wp-content\/uploads\/2018\/07\/casa_canto_cholul17-150x150.jpg 150w, https:\/\/www.arquimaster.com.ar\/web\/wp-content\/uploads\/2018\/07\/casa_canto_cholul17-50x50.jpg 50w, https:\/\/www.arquimaster.com.ar\/web\/wp-content\/uploads\/2018\/07\/casa_canto_cholul17-125x125.jpg 125w\" sizes=\"auto, (max-width: 150px) 100vw, 150px\" \/><\/a>\n\t\t\t<\/div>\n\t\t\t\t<figcaption class='wp-caption-text gallery-caption' id='gallery-1-30211'>\n\t\t\t\tCasa Canto Cholul \/ Taller Estilo Arquitectura (\u00a9 David Cervera)\n\t\t\t\t<\/figcaption><\/figure><figure class='gallery-item'>\n\t\t\t<div class='gallery-icon landscape'>\n\t\t\t\t<a href='https:\/\/www.arquimaster.com.ar\/web\/wp-content\/uploads\/2018\/07\/casa_canto_cholul18.jpg' title=\"Casa Canto Cholul \/ Taller Estilo Arquitectura (\u00a9 David Cervera)\" data-rl_title=\"Casa Canto Cholul \/ Taller Estilo Arquitectura (\u00a9 David Cervera)\" class=\"rl-gallery-link\" data-rl_caption=\"Casa Canto Cholul \/ Taller Estilo Arquitectura (\u00a9 David Cervera)\" data-rel=\"lightbox-gallery-1\"><img loading=\"lazy\" decoding=\"async\" width=\"150\" height=\"150\" src=\"https:\/\/www.arquimaster.com.ar\/web\/wp-content\/uploads\/2018\/07\/casa_canto_cholul18-150x150.jpg\" class=\"attachment-thumbnail size-thumbnail\" alt=\"\" aria-describedby=\"gallery-1-30212\" srcset=\"https:\/\/www.arquimaster.com.ar\/web\/wp-content\/uploads\/2018\/07\/casa_canto_cholul18-150x150.jpg 150w, https:\/\/www.arquimaster.com.ar\/web\/wp-content\/uploads\/2018\/07\/casa_canto_cholul18-50x50.jpg 50w, https:\/\/www.arquimaster.com.ar\/web\/wp-content\/uploads\/2018\/07\/casa_canto_cholul18-125x125.jpg 125w\" sizes=\"auto, (max-width: 150px) 100vw, 150px\" \/><\/a>\n\t\t\t<\/div>\n\t\t\t\t<figcaption class='wp-caption-text gallery-caption' id='gallery-1-30212'>\n\t\t\t\tCasa Canto Cholul \/ Taller Estilo Arquitectura (\u00a9 David Cervera)\n\t\t\t\t<\/figcaption><\/figure><figure class='gallery-item'>\n\t\t\t<div class='gallery-icon landscape'>\n\t\t\t\t<a href='https:\/\/www.arquimaster.com.ar\/web\/wp-content\/uploads\/2018\/07\/casa_canto_cholul19.jpg' title=\"Casa Canto Cholul \/ Taller Estilo Arquitectura (\u00a9 David Cervera)\" data-rl_title=\"Casa Canto Cholul \/ Taller Estilo Arquitectura (\u00a9 David Cervera)\" class=\"rl-gallery-link\" data-rl_caption=\"Casa Canto Cholul \/ Taller Estilo Arquitectura (\u00a9 David Cervera)\" data-rel=\"lightbox-gallery-1\"><img loading=\"lazy\" decoding=\"async\" width=\"150\" height=\"150\" src=\"https:\/\/www.arquimaster.com.ar\/web\/wp-content\/uploads\/2018\/07\/casa_canto_cholul19-150x150.jpg\" class=\"attachment-thumbnail size-thumbnail\" alt=\"\" aria-describedby=\"gallery-1-30213\" srcset=\"https:\/\/www.arquimaster.com.ar\/web\/wp-content\/uploads\/2018\/07\/casa_canto_cholul19-150x150.jpg 150w, https:\/\/www.arquimaster.com.ar\/web\/wp-content\/uploads\/2018\/07\/casa_canto_cholul19-50x50.jpg 50w, https:\/\/www.arquimaster.com.ar\/web\/wp-content\/uploads\/2018\/07\/casa_canto_cholul19-125x125.jpg 125w\" sizes=\"auto, (max-width: 150px) 100vw, 150px\" \/><\/a>\n\t\t\t<\/div>\n\t\t\t\t<figcaption class='wp-caption-text gallery-caption' id='gallery-1-30213'>\n\t\t\t\tCasa Canto Cholul \/ Taller Estilo Arquitectura (\u00a9 David Cervera)\n\t\t\t\t<\/figcaption><\/figure><figure class='gallery-item'>\n\t\t\t<div class='gallery-icon landscape'>\n\t\t\t\t<a href='https:\/\/www.arquimaster.com.ar\/web\/wp-content\/uploads\/2018\/07\/casa_canto_cholul20.jpg' title=\"Casa Canto Cholul \/ Taller Estilo Arquitectura (planta baja)\" data-rl_title=\"Casa Canto Cholul \/ Taller Estilo Arquitectura (planta baja)\" class=\"rl-gallery-link\" data-rl_caption=\"Casa Canto Cholul \/ Taller Estilo Arquitectura (planta baja)\" data-rel=\"lightbox-gallery-1\"><img loading=\"lazy\" decoding=\"async\" width=\"150\" height=\"150\" src=\"https:\/\/www.arquimaster.com.ar\/web\/wp-content\/uploads\/2018\/07\/casa_canto_cholul20-150x150.jpg\" class=\"attachment-thumbnail size-thumbnail\" alt=\"\" aria-describedby=\"gallery-1-30214\" srcset=\"https:\/\/www.arquimaster.com.ar\/web\/wp-content\/uploads\/2018\/07\/casa_canto_cholul20-150x150.jpg 150w, https:\/\/www.arquimaster.com.ar\/web\/wp-content\/uploads\/2018\/07\/casa_canto_cholul20-1024x1024.jpg 1024w, https:\/\/www.arquimaster.com.ar\/web\/wp-content\/uploads\/2018\/07\/casa_canto_cholul20-768x768.jpg 768w, https:\/\/www.arquimaster.com.ar\/web\/wp-content\/uploads\/2018\/07\/casa_canto_cholul20-50x50.jpg 50w, https:\/\/www.arquimaster.com.ar\/web\/wp-content\/uploads\/2018\/07\/casa_canto_cholul20-125x125.jpg 125w, https:\/\/www.arquimaster.com.ar\/web\/wp-content\/uploads\/2018\/07\/casa_canto_cholul20.jpg 2000w\" sizes=\"auto, (max-width: 150px) 100vw, 150px\" \/><\/a>\n\t\t\t<\/div>\n\t\t\t\t<figcaption class='wp-caption-text gallery-caption' id='gallery-1-30214'>\n\t\t\t\tCasa Canto Cholul \/ Taller Estilo Arquitectura (planta baja)\n\t\t\t\t<\/figcaption><\/figure><figure class='gallery-item'>\n\t\t\t<div class='gallery-icon landscape'>\n\t\t\t\t<a href='https:\/\/www.arquimaster.com.ar\/web\/wp-content\/uploads\/2018\/07\/casa_canto_cholul21.jpg' title=\"Casa Canto Cholul \/ Taller Estilo Arquitectura (planta de conjunto)\" data-rl_title=\"Casa Canto Cholul \/ Taller Estilo Arquitectura (planta de conjunto)\" class=\"rl-gallery-link\" data-rl_caption=\"Casa Canto Cholul \/ Taller Estilo Arquitectura (planta de conjunto)\" data-rel=\"lightbox-gallery-1\"><img loading=\"lazy\" decoding=\"async\" width=\"150\" height=\"150\" src=\"https:\/\/www.arquimaster.com.ar\/web\/wp-content\/uploads\/2018\/07\/casa_canto_cholul21-150x150.jpg\" class=\"attachment-thumbnail size-thumbnail\" alt=\"\" aria-describedby=\"gallery-1-30215\" srcset=\"https:\/\/www.arquimaster.com.ar\/web\/wp-content\/uploads\/2018\/07\/casa_canto_cholul21-150x150.jpg 150w, https:\/\/www.arquimaster.com.ar\/web\/wp-content\/uploads\/2018\/07\/casa_canto_cholul21-1024x1024.jpg 1024w, https:\/\/www.arquimaster.com.ar\/web\/wp-content\/uploads\/2018\/07\/casa_canto_cholul21-768x768.jpg 768w, https:\/\/www.arquimaster.com.ar\/web\/wp-content\/uploads\/2018\/07\/casa_canto_cholul21-50x50.jpg 50w, https:\/\/www.arquimaster.com.ar\/web\/wp-content\/uploads\/2018\/07\/casa_canto_cholul21-125x125.jpg 125w, https:\/\/www.arquimaster.com.ar\/web\/wp-content\/uploads\/2018\/07\/casa_canto_cholul21.jpg 2000w\" sizes=\"auto, (max-width: 150px) 100vw, 150px\" \/><\/a>\n\t\t\t<\/div>\n\t\t\t\t<figcaption class='wp-caption-text gallery-caption' id='gallery-1-30215'>\n\t\t\t\tCasa Canto Cholul \/ Taller Estilo Arquitectura (planta de conjunto)\n\t\t\t\t<\/figcaption><\/figure><figure class='gallery-item'>\n\t\t\t<div class='gallery-icon landscape'>\n\t\t\t\t<a href='https:\/\/www.arquimaster.com.ar\/web\/wp-content\/uploads\/2018\/07\/casa_canto_cholul22.jpg' title=\"Casa Canto Cholul \/ Taller Estilo Arquitectura (corte)\" data-rl_title=\"Casa Canto Cholul \/ Taller Estilo Arquitectura (corte)\" class=\"rl-gallery-link\" data-rl_caption=\"Casa Canto Cholul \/ Taller Estilo Arquitectura (corte)\" data-rel=\"lightbox-gallery-1\"><img loading=\"lazy\" decoding=\"async\" width=\"150\" height=\"150\" src=\"https:\/\/www.arquimaster.com.ar\/web\/wp-content\/uploads\/2018\/07\/casa_canto_cholul22-150x150.jpg\" class=\"attachment-thumbnail size-thumbnail\" alt=\"\" aria-describedby=\"gallery-1-30216\" srcset=\"https:\/\/www.arquimaster.com.ar\/web\/wp-content\/uploads\/2018\/07\/casa_canto_cholul22-150x150.jpg 150w, https:\/\/www.arquimaster.com.ar\/web\/wp-content\/uploads\/2018\/07\/casa_canto_cholul22-50x50.jpg 50w, https:\/\/www.arquimaster.com.ar\/web\/wp-content\/uploads\/2018\/07\/casa_canto_cholul22-125x125.jpg 125w\" sizes=\"auto, (max-width: 150px) 100vw, 150px\" \/><\/a>\n\t\t\t<\/div>\n\t\t\t\t<figcaption class='wp-caption-text gallery-caption' id='gallery-1-30216'>\n\t\t\t\tCasa Canto Cholul \/ Taller Estilo Arquitectura (corte)\n\t\t\t\t<\/figcaption><\/figure><figure class='gallery-item'>\n\t\t\t<div class='gallery-icon landscape'>\n\t\t\t\t<a href='https:\/\/www.arquimaster.com.ar\/web\/wp-content\/uploads\/2018\/07\/casa_canto_cholul23.jpg' title=\"Casa Canto Cholul \/ Taller Estilo Arquitectura (corte)\" data-rl_title=\"Casa Canto Cholul \/ Taller Estilo Arquitectura (corte)\" class=\"rl-gallery-link\" data-rl_caption=\"Casa Canto Cholul \/ Taller Estilo Arquitectura (corte)\" data-rel=\"lightbox-gallery-1\"><img loading=\"lazy\" decoding=\"async\" width=\"150\" height=\"150\" src=\"https:\/\/www.arquimaster.com.ar\/web\/wp-content\/uploads\/2018\/07\/casa_canto_cholul23-150x150.jpg\" class=\"attachment-thumbnail size-thumbnail\" alt=\"\" aria-describedby=\"gallery-1-30217\" srcset=\"https:\/\/www.arquimaster.com.ar\/web\/wp-content\/uploads\/2018\/07\/casa_canto_cholul23-150x150.jpg 150w, https:\/\/www.arquimaster.com.ar\/web\/wp-content\/uploads\/2018\/07\/casa_canto_cholul23-50x50.jpg 50w, https:\/\/www.arquimaster.com.ar\/web\/wp-content\/uploads\/2018\/07\/casa_canto_cholul23-125x125.jpg 125w\" sizes=\"auto, (max-width: 150px) 100vw, 150px\" \/><\/a>\n\t\t\t<\/div>\n\t\t\t\t<figcaption class='wp-caption-text gallery-caption' id='gallery-1-30217'>\n\t\t\t\tCasa Canto Cholul \/ Taller Estilo Arquitectura (corte)\n\t\t\t\t<\/figcaption><\/figure><figure class='gallery-item'>\n\t\t\t<div class='gallery-icon landscape'>\n\t\t\t\t<a href='https:\/\/www.arquimaster.com.ar\/web\/wp-content\/uploads\/2018\/07\/casa_canto_cholul24.jpg' title=\"Casa Canto Cholul \/ Taller Estilo Arquitectura (corte)\" data-rl_title=\"Casa Canto Cholul \/ Taller Estilo Arquitectura (corte)\" class=\"rl-gallery-link\" data-rl_caption=\"Casa Canto Cholul \/ Taller Estilo Arquitectura (corte)\" data-rel=\"lightbox-gallery-1\"><img loading=\"lazy\" decoding=\"async\" width=\"150\" height=\"150\" src=\"https:\/\/www.arquimaster.com.ar\/web\/wp-content\/uploads\/2018\/07\/casa_canto_cholul24-150x150.jpg\" class=\"attachment-thumbnail size-thumbnail\" alt=\"\" aria-describedby=\"gallery-1-30218\" srcset=\"https:\/\/www.arquimaster.com.ar\/web\/wp-content\/uploads\/2018\/07\/casa_canto_cholul24-150x150.jpg 150w, https:\/\/www.arquimaster.com.ar\/web\/wp-content\/uploads\/2018\/07\/casa_canto_cholul24-50x50.jpg 50w, https:\/\/www.arquimaster.com.ar\/web\/wp-content\/uploads\/2018\/07\/casa_canto_cholul24-125x125.jpg 125w\" sizes=\"auto, (max-width: 150px) 100vw, 150px\" \/><\/a>\n\t\t\t<\/div>\n\t\t\t\t<figcaption class='wp-caption-text gallery-caption' id='gallery-1-30218'>\n\t\t\t\tCasa Canto Cholul \/ Taller Estilo Arquitectura (corte)\n\t\t\t\t<\/figcaption><\/figure><figure class='gallery-item'>\n\t\t\t<div class='gallery-icon landscape'>\n\t\t\t\t<a href='https:\/\/www.arquimaster.com.ar\/web\/wp-content\/uploads\/2018\/07\/casa_canto_cholul25.jpg' title=\"Casa Canto Cholul \/ Taller Estilo Arquitectura (corte)\" data-rl_title=\"Casa Canto Cholul \/ Taller Estilo Arquitectura (corte)\" class=\"rl-gallery-link\" data-rl_caption=\"Casa Canto Cholul \/ Taller Estilo Arquitectura (corte)\" data-rel=\"lightbox-gallery-1\"><img loading=\"lazy\" decoding=\"async\" width=\"150\" height=\"150\" src=\"https:\/\/www.arquimaster.com.ar\/web\/wp-content\/uploads\/2018\/07\/casa_canto_cholul25-150x150.jpg\" class=\"attachment-thumbnail size-thumbnail\" alt=\"\" aria-describedby=\"gallery-1-30219\" srcset=\"https:\/\/www.arquimaster.com.ar\/web\/wp-content\/uploads\/2018\/07\/casa_canto_cholul25-150x150.jpg 150w, https:\/\/www.arquimaster.com.ar\/web\/wp-content\/uploads\/2018\/07\/casa_canto_cholul25-50x50.jpg 50w, https:\/\/www.arquimaster.com.ar\/web\/wp-content\/uploads\/2018\/07\/casa_canto_cholul25-125x125.jpg 125w\" sizes=\"auto, (max-width: 150px) 100vw, 150px\" \/><\/a>\n\t\t\t<\/div>\n\t\t\t\t<figcaption class='wp-caption-text gallery-caption' id='gallery-1-30219'>\n\t\t\t\tCasa Canto Cholul \/ Taller Estilo Arquitectura (corte)\n\t\t\t\t<\/figcaption><\/figure><figure class='gallery-item'>\n\t\t\t<div class='gallery-icon landscape'>\n\t\t\t\t<a href='https:\/\/www.arquimaster.com.ar\/web\/wp-content\/uploads\/2018\/07\/casa_canto_cholul26.jpg' title=\"Casa Canto Cholul \/ Taller Estilo Arquitectura (corte)\" data-rl_title=\"Casa Canto Cholul \/ Taller Estilo Arquitectura (corte)\" class=\"rl-gallery-link\" data-rl_caption=\"Casa Canto Cholul \/ Taller Estilo Arquitectura (corte)\" data-rel=\"lightbox-gallery-1\"><img loading=\"lazy\" decoding=\"async\" width=\"150\" height=\"150\" src=\"https:\/\/www.arquimaster.com.ar\/web\/wp-content\/uploads\/2018\/07\/casa_canto_cholul26-150x150.jpg\" class=\"attachment-thumbnail size-thumbnail\" alt=\"\" aria-describedby=\"gallery-1-30220\" srcset=\"https:\/\/www.arquimaster.com.ar\/web\/wp-content\/uploads\/2018\/07\/casa_canto_cholul26-150x150.jpg 150w, https:\/\/www.arquimaster.com.ar\/web\/wp-content\/uploads\/2018\/07\/casa_canto_cholul26-50x50.jpg 50w, https:\/\/www.arquimaster.com.ar\/web\/wp-content\/uploads\/2018\/07\/casa_canto_cholul26-125x125.jpg 125w\" sizes=\"auto, (max-width: 150px) 100vw, 150px\" \/><\/a>\n\t\t\t<\/div>\n\t\t\t\t<figcaption class='wp-caption-text gallery-caption' id='gallery-1-30220'>\n\t\t\t\tCasa Canto Cholul \/ Taller Estilo Arquitectura (corte)\n\t\t\t\t<\/figcaption><\/figure>\n\t\t<\/div>\n\n<p>La vivienda completa se encuentra distribuida en un esquema en \u00abU\u00bb siendo el \u00e1rea social la que recibe al usuario de manera lineal: Sala, comedor cocina, \u00e1rea de servicio con muros de cristal que proporcionan una transparencia hacia la terraza cubierta y al patio central, espacio natural que organiza y estructura el proyecto. Las habitaciones ubicadas de manera secuencial, si bien discretas en su conexi\u00f3n al patio muestran su parte extrovertida volc\u00e1ndose hacia el resto del jard\u00edn por la parte posterior; enmarcando la naturaleza.<\/p>\n<p>Un conjunto de espacios configurados hacia el patio central que sorprende por el movimiento circular de su recubrimiento haciendo de alguna manera resaltar las caracter\u00edsticas de su entorno. La terraza\/area de juegos se incorpora al programa arquitect\u00f3nico pero no se une al edificio, logrando ser un espacio de la vivienda que se inserta para cumplir con su funci\u00f3n sin afectar la privacidad de los usuarios.<\/p>\n<p>Finalmente la recamara principal de manera franca al patio central, compuesta por Habitaci\u00f3n, closet vestidor y ba\u00f1o principal, todos ordenados de tal manera que la ventilaci\u00f3n y la iluminaci\u00f3n natural hagan que los espacios sean disfrutables tanto en el d\u00eda como en la noche.<\/p>\n<p>Cemento gris pulido y brillado, cemento pigmentado aguamarina y negro, cemento blanco pulido, cemento blanco cepillado, madera de cedro, piedra y cristal hacen de la Casa Canto Cholul una vivienda sencilla en su materialidad.<\/p>\n<p>Las relaciones entre el espacio construido y paisaje preexistente se van acrecentado en los patios y el recorrido de los pasillos, algunos \u00e1rboles perforan las losas para dejar clara la pertenencia, la relaci\u00f3n suelo -cubierta en cemento gris aparente conforma el marco perfecto para los muros de cemento blanco que acent\u00faan la esencia de la vivienda.<\/p>\n<p>Jardines de diferentes dimensiones, diferentes vegetaciones, agua y taludes de piedra nos dan el sentido de lugar, entendiendo donde se emplaza, la topograf\u00eda; Un proyecto cuidadosamente orientado en donde se observa la simplicidad y belleza del entrelazamiento entre arquitectura, memoria y naturaleza.<\/p>\n<p><strong>Ficha t\u00e9cnica<\/strong><br \/>\nNombre: Casa Canto Cholul<br \/>\nUbicaci\u00f3n: Cholul, Yucat\u00e1n, M\u00e9xico<br \/>\nArquitectura: Taller Estilo Arquitectura S. de R. L. de C. V. Arq. V\u00edctor Alejandro Cruz Dom\u00ednguez, Arq. Iv\u00e1n Atahualpa Hern\u00e1ndez Salazar, Arq. Lu\u00eds Armando Estrada Aguilar<br \/>\nEstructura: Taller Estilo Arquitectura S de R.L de C.V. Ing. Rafael Dom\u00ednguez Barjau<br \/>\nColaboradores: Arq. Silvia Cuit\u00fan Coronado, Arq. Jorge Escalante Chan, D.I Paloma Ortiz D\u00edaz, DI. Alberto G\u00f3ngora Brito<br \/>\n\u00c1rea de terreno: 2310 m2<br \/>\n\u00c1rea de construcci\u00f3n: 361 m2<br \/>\nA\u00f1o: 2016<br \/>\nFotograf\u00eda: David Cervera<\/p>\n<p><strong>Contacto<\/strong><br \/>\n<a href=\"http:\/\/www.tallerestiloarquitectura.com\" target=\"_blank\" rel=\"noopener\">http:\/\/www.tallerestiloarquitectura.com<\/a><\/p>\n\n<div style=\"font-size: 0px; height: 0px; line-height: 0px; margin: 0; padding: 0; clear: both;\"><\/div><div style=\"margin-top: 0px; margin-bottom: 0px;\" class=\"sharethis-inline-share-buttons\" ><\/div>","protected":false},"excerpt":{"rendered":"<p>Crear una convivencia din\u00e1mica, espacial y formal entre naturaleza y arquitectura&#8230;<\/p>\n","protected":false},"author":1,"featured_media":30194,"comment_status":"closed","ping_status":"closed","sticky":false,"template":"","format":"standard","meta":{"_uag_custom_page_level_css":"","footnotes":""},"categories":[1,83],"tags":[4567,4565,4566,24,4563,4564,254,3257],"class_list":["post-30193","post","type-post","status-publish","format-standard","has-post-thumbnail","hentry","category-proyecto","category-vivienda-unifamiliar","tag-cholul","tag-ivan-atahualpa-hernandez-salazar","tag-luis-armando-estrada-aguilar","tag-mexico","tag-taller-estilo-arquitectura","tag-victor-alejandro-cruz-dominguez","tag-vivienda-unifamiliar-2","tag-yucatan","generate-columns","tablet-grid-50","mobile-grid-100","grid-parent","grid-50"],"yoast_head":"<!-- This site is optimized with the Yoast SEO plugin v27.3 - https:\/\/yoast.com\/product\/yoast-seo-wordpress\/ -->\n<title>Casa Canto Cholul \/ Taller Estilo Arquitectura - Arquimaster<\/title>\n<meta name=\"robots\" content=\"index, follow, max-snippet:-1, max-image-preview:large, max-video-preview:-1\" \/>\n<link rel=\"canonical\" href=\"https:\/\/www.arquimaster.com.ar\/web\/casa-canto-cholul-taller-estilo-arquitectura\/\" \/>\n<meta property=\"og:locale\" content=\"es_ES\" \/>\n<meta property=\"og:type\" content=\"article\" \/>\n<meta property=\"og:title\" content=\"Casa Canto Cholul \/ Taller Estilo Arquitectura - Arquimaster\" \/>\n<meta property=\"og:description\" content=\"Crear una convivencia din\u00e1mica, espacial y formal entre naturaleza y arquitectura...\" \/>\n<meta property=\"og:url\" content=\"https:\/\/www.arquimaster.com.ar\/web\/casa-canto-cholul-taller-estilo-arquitectura\/\" \/>\n<meta property=\"og:site_name\" content=\"Arquimaster\" \/>\n<meta property=\"article:publisher\" content=\"http:\/\/www.facebook.com\/ARQUIMASTER.com.ar\" \/>\n<meta property=\"article:published_time\" content=\"2018-07-03T17:51:29+00:00\" \/>\n<meta property=\"article:modified_time\" content=\"2018-07-06T18:02:59+00:00\" \/>\n<meta property=\"og:image\" content=\"https:\/\/www.arquimaster.com.ar\/web\/wp-content\/uploads\/2018\/07\/casa_canto_cholul_slide.jpg\" \/>\n\t<meta property=\"og:image:width\" content=\"642\" \/>\n\t<meta property=\"og:image:height\" content=\"336\" \/>\n\t<meta property=\"og:image:type\" content=\"image\/jpeg\" \/>\n<meta name=\"author\" content=\"Arquimaster\" \/>\n<meta name=\"twitter:card\" content=\"summary_large_image\" \/>\n<meta name=\"twitter:creator\" content=\"@arquimaster\" \/>\n<meta name=\"twitter:site\" content=\"@arquimaster\" \/>\n<meta name=\"twitter:label1\" content=\"Escrito por\" \/>\n\t<meta name=\"twitter:data1\" content=\"Arquimaster\" \/>\n\t<meta name=\"twitter:label2\" content=\"Tiempo de lectura\" \/>\n\t<meta name=\"twitter:data2\" content=\"3 minutos\" \/>\n<script type=\"application\/ld+json\" class=\"yoast-schema-graph\">{\"@context\":\"https:\\\/\\\/schema.org\",\"@graph\":[{\"@type\":\"Article\",\"@id\":\"https:\\\/\\\/www.arquimaster.com.ar\\\/web\\\/casa-canto-cholul-taller-estilo-arquitectura\\\/#article\",\"isPartOf\":{\"@id\":\"https:\\\/\\\/www.arquimaster.com.ar\\\/web\\\/casa-canto-cholul-taller-estilo-arquitectura\\\/\"},\"author\":{\"name\":\"Arquimaster\",\"@id\":\"https:\\\/\\\/www.arquimaster.com.ar\\\/web\\\/#\\\/schema\\\/person\\\/359e9f7c00193fcde068e0dd2ceb0028\"},\"headline\":\"Casa Canto Cholul \\\/ Taller Estilo Arquitectura\",\"datePublished\":\"2018-07-03T17:51:29+00:00\",\"dateModified\":\"2018-07-06T18:02:59+00:00\",\"mainEntityOfPage\":{\"@id\":\"https:\\\/\\\/www.arquimaster.com.ar\\\/web\\\/casa-canto-cholul-taller-estilo-arquitectura\\\/\"},\"wordCount\":567,\"publisher\":{\"@id\":\"https:\\\/\\\/www.arquimaster.com.ar\\\/web\\\/#organization\"},\"image\":{\"@id\":\"https:\\\/\\\/www.arquimaster.com.ar\\\/web\\\/casa-canto-cholul-taller-estilo-arquitectura\\\/#primaryimage\"},\"thumbnailUrl\":\"https:\\\/\\\/www.arquimaster.com.ar\\\/web\\\/wp-content\\\/uploads\\\/2018\\\/07\\\/casa_canto_cholul_slide.jpg\",\"keywords\":[\"Cholul\",\"Iv\u00e1n Atahualpa Hern\u00e1ndez Salazar\",\"Lu\u00eds Armando Estrada Aguilar\",\"Mexico\",\"Taller Estilo Arquitectura\",\"V\u00edctor Alejandro Cruz Dom\u00ednguez\",\"vivienda unifamiliar\",\"Yucatan\"],\"articleSection\":[\"Proyecto\",\"Vivienda unifamiliar y PH\"],\"inLanguage\":\"es\"},{\"@type\":\"WebPage\",\"@id\":\"https:\\\/\\\/www.arquimaster.com.ar\\\/web\\\/casa-canto-cholul-taller-estilo-arquitectura\\\/\",\"url\":\"https:\\\/\\\/www.arquimaster.com.ar\\\/web\\\/casa-canto-cholul-taller-estilo-arquitectura\\\/\",\"name\":\"Casa Canto Cholul \\\/ Taller Estilo Arquitectura - Arquimaster\",\"isPartOf\":{\"@id\":\"https:\\\/\\\/www.arquimaster.com.ar\\\/web\\\/#website\"},\"primaryImageOfPage\":{\"@id\":\"https:\\\/\\\/www.arquimaster.com.ar\\\/web\\\/casa-canto-cholul-taller-estilo-arquitectura\\\/#primaryimage\"},\"image\":{\"@id\":\"https:\\\/\\\/www.arquimaster.com.ar\\\/web\\\/casa-canto-cholul-taller-estilo-arquitectura\\\/#primaryimage\"},\"thumbnailUrl\":\"https:\\\/\\\/www.arquimaster.com.ar\\\/web\\\/wp-content\\\/uploads\\\/2018\\\/07\\\/casa_canto_cholul_slide.jpg\",\"datePublished\":\"2018-07-03T17:51:29+00:00\",\"dateModified\":\"2018-07-06T18:02:59+00:00\",\"breadcrumb\":{\"@id\":\"https:\\\/\\\/www.arquimaster.com.ar\\\/web\\\/casa-canto-cholul-taller-estilo-arquitectura\\\/#breadcrumb\"},\"inLanguage\":\"es\",\"potentialAction\":[{\"@type\":\"ReadAction\",\"target\":[\"https:\\\/\\\/www.arquimaster.com.ar\\\/web\\\/casa-canto-cholul-taller-estilo-arquitectura\\\/\"]}]},{\"@type\":\"ImageObject\",\"inLanguage\":\"es\",\"@id\":\"https:\\\/\\\/www.arquimaster.com.ar\\\/web\\\/casa-canto-cholul-taller-estilo-arquitectura\\\/#primaryimage\",\"url\":\"https:\\\/\\\/www.arquimaster.com.ar\\\/web\\\/wp-content\\\/uploads\\\/2018\\\/07\\\/casa_canto_cholul_slide.jpg\",\"contentUrl\":\"https:\\\/\\\/www.arquimaster.com.ar\\\/web\\\/wp-content\\\/uploads\\\/2018\\\/07\\\/casa_canto_cholul_slide.jpg\",\"width\":642,\"height\":336},{\"@type\":\"BreadcrumbList\",\"@id\":\"https:\\\/\\\/www.arquimaster.com.ar\\\/web\\\/casa-canto-cholul-taller-estilo-arquitectura\\\/#breadcrumb\",\"itemListElement\":[{\"@type\":\"ListItem\",\"position\":1,\"name\":\"Portada\",\"item\":\"https:\\\/\\\/www.arquimaster.com.ar\\\/web\\\/\"},{\"@type\":\"ListItem\",\"position\":2,\"name\":\"Casa Canto Cholul \\\/ Taller Estilo Arquitectura\"}]},{\"@type\":\"WebSite\",\"@id\":\"https:\\\/\\\/www.arquimaster.com.ar\\\/web\\\/#website\",\"url\":\"https:\\\/\\\/www.arquimaster.com.ar\\\/web\\\/\",\"name\":\"Arquimaster\",\"description\":\"Web de arquitectura, dise\u00f1o y construccion\",\"publisher\":{\"@id\":\"https:\\\/\\\/www.arquimaster.com.ar\\\/web\\\/#organization\"},\"potentialAction\":[{\"@type\":\"SearchAction\",\"target\":{\"@type\":\"EntryPoint\",\"urlTemplate\":\"https:\\\/\\\/www.arquimaster.com.ar\\\/web\\\/?s={search_term_string}\"},\"query-input\":{\"@type\":\"PropertyValueSpecification\",\"valueRequired\":true,\"valueName\":\"search_term_string\"}}],\"inLanguage\":\"es\"},{\"@type\":\"Organization\",\"@id\":\"https:\\\/\\\/www.arquimaster.com.ar\\\/web\\\/#organization\",\"name\":\"Arquimaster\",\"url\":\"https:\\\/\\\/www.arquimaster.com.ar\\\/web\\\/\",\"logo\":{\"@type\":\"ImageObject\",\"inLanguage\":\"es\",\"@id\":\"https:\\\/\\\/www.arquimaster.com.ar\\\/web\\\/#\\\/schema\\\/logo\\\/image\\\/\",\"url\":\"https:\\\/\\\/www.arquimaster.com.ar\\\/web\\\/wp-content\\\/uploads\\\/2022\\\/06\\\/arquimaster.png\",\"contentUrl\":\"https:\\\/\\\/www.arquimaster.com.ar\\\/web\\\/wp-content\\\/uploads\\\/2022\\\/06\\\/arquimaster.png\",\"width\":594,\"height\":78,\"caption\":\"Arquimaster\"},\"image\":{\"@id\":\"https:\\\/\\\/www.arquimaster.com.ar\\\/web\\\/#\\\/schema\\\/logo\\\/image\\\/\"},\"sameAs\":[\"http:\\\/\\\/www.facebook.com\\\/ARQUIMASTER.com.ar\",\"https:\\\/\\\/x.com\\\/arquimaster\",\"https:\\\/\\\/www.instagram.com\\\/arquimasterblog\\\/\",\"https:\\\/\\\/www.linkedin.com\\\/company\\\/arquimaster\",\"https:\\\/\\\/www.pinterest.com\\\/arquimaster\",\"https:\\\/\\\/t.me\\\/arquimaster\"]},{\"@type\":\"Person\",\"@id\":\"https:\\\/\\\/www.arquimaster.com.ar\\\/web\\\/#\\\/schema\\\/person\\\/359e9f7c00193fcde068e0dd2ceb0028\",\"name\":\"Arquimaster\"}]}<\/script>\n<!-- \/ Yoast SEO plugin. -->","yoast_head_json":{"title":"Casa Canto Cholul \/ Taller Estilo Arquitectura - Arquimaster","robots":{"index":"index","follow":"follow","max-snippet":"max-snippet:-1","max-image-preview":"max-image-preview:large","max-video-preview":"max-video-preview:-1"},"canonical":"https:\/\/www.arquimaster.com.ar\/web\/casa-canto-cholul-taller-estilo-arquitectura\/","og_locale":"es_ES","og_type":"article","og_title":"Casa Canto Cholul \/ Taller Estilo Arquitectura - Arquimaster","og_description":"Crear una convivencia din\u00e1mica, espacial y formal entre naturaleza y arquitectura...","og_url":"https:\/\/www.arquimaster.com.ar\/web\/casa-canto-cholul-taller-estilo-arquitectura\/","og_site_name":"Arquimaster","article_publisher":"http:\/\/www.facebook.com\/ARQUIMASTER.com.ar","article_published_time":"2018-07-03T17:51:29+00:00","article_modified_time":"2018-07-06T18:02:59+00:00","og_image":[{"width":642,"height":336,"url":"https:\/\/www.arquimaster.com.ar\/web\/wp-content\/uploads\/2018\/07\/casa_canto_cholul_slide.jpg","type":"image\/jpeg"}],"author":"Arquimaster","twitter_card":"summary_large_image","twitter_creator":"@arquimaster","twitter_site":"@arquimaster","twitter_misc":{"Escrito por":"Arquimaster","Tiempo de lectura":"3 minutos"},"schema":{"@context":"https:\/\/schema.org","@graph":[{"@type":"Article","@id":"https:\/\/www.arquimaster.com.ar\/web\/casa-canto-cholul-taller-estilo-arquitectura\/#article","isPartOf":{"@id":"https:\/\/www.arquimaster.com.ar\/web\/casa-canto-cholul-taller-estilo-arquitectura\/"},"author":{"name":"Arquimaster","@id":"https:\/\/www.arquimaster.com.ar\/web\/#\/schema\/person\/359e9f7c00193fcde068e0dd2ceb0028"},"headline":"Casa Canto Cholul \/ Taller Estilo Arquitectura","datePublished":"2018-07-03T17:51:29+00:00","dateModified":"2018-07-06T18:02:59+00:00","mainEntityOfPage":{"@id":"https:\/\/www.arquimaster.com.ar\/web\/casa-canto-cholul-taller-estilo-arquitectura\/"},"wordCount":567,"publisher":{"@id":"https:\/\/www.arquimaster.com.ar\/web\/#organization"},"image":{"@id":"https:\/\/www.arquimaster.com.ar\/web\/casa-canto-cholul-taller-estilo-arquitectura\/#primaryimage"},"thumbnailUrl":"https:\/\/www.arquimaster.com.ar\/web\/wp-content\/uploads\/2018\/07\/casa_canto_cholul_slide.jpg","keywords":["Cholul","Iv\u00e1n Atahualpa Hern\u00e1ndez Salazar","Lu\u00eds Armando Estrada Aguilar","Mexico","Taller Estilo Arquitectura","V\u00edctor Alejandro Cruz Dom\u00ednguez","vivienda unifamiliar","Yucatan"],"articleSection":["Proyecto","Vivienda unifamiliar y PH"],"inLanguage":"es"},{"@type":"WebPage","@id":"https:\/\/www.arquimaster.com.ar\/web\/casa-canto-cholul-taller-estilo-arquitectura\/","url":"https:\/\/www.arquimaster.com.ar\/web\/casa-canto-cholul-taller-estilo-arquitectura\/","name":"Casa Canto Cholul \/ Taller Estilo Arquitectura - Arquimaster","isPartOf":{"@id":"https:\/\/www.arquimaster.com.ar\/web\/#website"},"primaryImageOfPage":{"@id":"https:\/\/www.arquimaster.com.ar\/web\/casa-canto-cholul-taller-estilo-arquitectura\/#primaryimage"},"image":{"@id":"https:\/\/www.arquimaster.com.ar\/web\/casa-canto-cholul-taller-estilo-arquitectura\/#primaryimage"},"thumbnailUrl":"https:\/\/www.arquimaster.com.ar\/web\/wp-content\/uploads\/2018\/07\/casa_canto_cholul_slide.jpg","datePublished":"2018-07-03T17:51:29+00:00","dateModified":"2018-07-06T18:02:59+00:00","breadcrumb":{"@id":"https:\/\/www.arquimaster.com.ar\/web\/casa-canto-cholul-taller-estilo-arquitectura\/#breadcrumb"},"inLanguage":"es","potentialAction":[{"@type":"ReadAction","target":["https:\/\/www.arquimaster.com.ar\/web\/casa-canto-cholul-taller-estilo-arquitectura\/"]}]},{"@type":"ImageObject","inLanguage":"es","@id":"https:\/\/www.arquimaster.com.ar\/web\/casa-canto-cholul-taller-estilo-arquitectura\/#primaryimage","url":"https:\/\/www.arquimaster.com.ar\/web\/wp-content\/uploads\/2018\/07\/casa_canto_cholul_slide.jpg","contentUrl":"https:\/\/www.arquimaster.com.ar\/web\/wp-content\/uploads\/2018\/07\/casa_canto_cholul_slide.jpg","width":642,"height":336},{"@type":"BreadcrumbList","@id":"https:\/\/www.arquimaster.com.ar\/web\/casa-canto-cholul-taller-estilo-arquitectura\/#breadcrumb","itemListElement":[{"@type":"ListItem","position":1,"name":"Portada","item":"https:\/\/www.arquimaster.com.ar\/web\/"},{"@type":"ListItem","position":2,"name":"Casa Canto Cholul \/ Taller Estilo Arquitectura"}]},{"@type":"WebSite","@id":"https:\/\/www.arquimaster.com.ar\/web\/#website","url":"https:\/\/www.arquimaster.com.ar\/web\/","name":"Arquimaster","description":"Web de arquitectura, dise\u00f1o y construccion","publisher":{"@id":"https:\/\/www.arquimaster.com.ar\/web\/#organization"},"potentialAction":[{"@type":"SearchAction","target":{"@type":"EntryPoint","urlTemplate":"https:\/\/www.arquimaster.com.ar\/web\/?s={search_term_string}"},"query-input":{"@type":"PropertyValueSpecification","valueRequired":true,"valueName":"search_term_string"}}],"inLanguage":"es"},{"@type":"Organization","@id":"https:\/\/www.arquimaster.com.ar\/web\/#organization","name":"Arquimaster","url":"https:\/\/www.arquimaster.com.ar\/web\/","logo":{"@type":"ImageObject","inLanguage":"es","@id":"https:\/\/www.arquimaster.com.ar\/web\/#\/schema\/logo\/image\/","url":"https:\/\/www.arquimaster.com.ar\/web\/wp-content\/uploads\/2022\/06\/arquimaster.png","contentUrl":"https:\/\/www.arquimaster.com.ar\/web\/wp-content\/uploads\/2022\/06\/arquimaster.png","width":594,"height":78,"caption":"Arquimaster"},"image":{"@id":"https:\/\/www.arquimaster.com.ar\/web\/#\/schema\/logo\/image\/"},"sameAs":["http:\/\/www.facebook.com\/ARQUIMASTER.com.ar","https:\/\/x.com\/arquimaster","https:\/\/www.instagram.com\/arquimasterblog\/","https:\/\/www.linkedin.com\/company\/arquimaster","https:\/\/www.pinterest.com\/arquimaster","https:\/\/t.me\/arquimaster"]},{"@type":"Person","@id":"https:\/\/www.arquimaster.com.ar\/web\/#\/schema\/person\/359e9f7c00193fcde068e0dd2ceb0028","name":"Arquimaster"}]}},"uagb_featured_image_src":{"full":["https:\/\/www.arquimaster.com.ar\/web\/wp-content\/uploads\/2018\/07\/casa_canto_cholul_slide.jpg",642,336,false],"thumbnail":["https:\/\/www.arquimaster.com.ar\/web\/wp-content\/uploads\/2018\/07\/casa_canto_cholul_slide-150x150.jpg",150,150,true],"medium":["https:\/\/www.arquimaster.com.ar\/web\/wp-content\/uploads\/2018\/07\/casa_canto_cholul_slide.jpg",642,336,false],"medium_large":["https:\/\/www.arquimaster.com.ar\/web\/wp-content\/uploads\/2018\/07\/casa_canto_cholul_slide.jpg",642,336,false],"large":["https:\/\/www.arquimaster.com.ar\/web\/wp-content\/uploads\/2018\/07\/casa_canto_cholul_slide.jpg",642,336,false],"1536x1536":["https:\/\/www.arquimaster.com.ar\/web\/wp-content\/uploads\/2018\/07\/casa_canto_cholul_slide.jpg",642,336,false],"2048x2048":["https:\/\/www.arquimaster.com.ar\/web\/wp-content\/uploads\/2018\/07\/casa_canto_cholul_slide.jpg",642,336,false]},"uagb_author_info":{"display_name":"Arquimaster","author_link":"https:\/\/www.arquimaster.com.ar\/web\/author\/arquimaster\/"},"uagb_comment_info":0,"uagb_excerpt":"Crear una convivencia din\u00e1mica, espacial y formal entre naturaleza y arquitectura...","_links":{"self":[{"href":"https:\/\/www.arquimaster.com.ar\/web\/wp-json\/wp\/v2\/posts\/30193","targetHints":{"allow":["GET"]}}],"collection":[{"href":"https:\/\/www.arquimaster.com.ar\/web\/wp-json\/wp\/v2\/posts"}],"about":[{"href":"https:\/\/www.arquimaster.com.ar\/web\/wp-json\/wp\/v2\/types\/post"}],"author":[{"embeddable":true,"href":"https:\/\/www.arquimaster.com.ar\/web\/wp-json\/wp\/v2\/users\/1"}],"replies":[{"embeddable":true,"href":"https:\/\/www.arquimaster.com.ar\/web\/wp-json\/wp\/v2\/comments?post=30193"}],"version-history":[{"count":0,"href":"https:\/\/www.arquimaster.com.ar\/web\/wp-json\/wp\/v2\/posts\/30193\/revisions"}],"wp:featuredmedia":[{"embeddable":true,"href":"https:\/\/www.arquimaster.com.ar\/web\/wp-json\/wp\/v2\/media\/30194"}],"wp:attachment":[{"href":"https:\/\/www.arquimaster.com.ar\/web\/wp-json\/wp\/v2\/media?parent=30193"}],"wp:term":[{"taxonomy":"category","embeddable":true,"href":"https:\/\/www.arquimaster.com.ar\/web\/wp-json\/wp\/v2\/categories?post=30193"},{"taxonomy":"post_tag","embeddable":true,"href":"https:\/\/www.arquimaster.com.ar\/web\/wp-json\/wp\/v2\/tags?post=30193"}],"curies":[{"name":"wp","href":"https:\/\/api.w.org\/{rel}","templated":true}]}}