{"id":30531,"date":"2018-07-01T18:15:17","date_gmt":"2018-07-01T18:15:17","guid":{"rendered":"http:\/\/www.arquimaster.com.ar\/web\/?p=30531"},"modified":"2025-09-02T14:08:14","modified_gmt":"2025-09-02T17:08:14","slug":"retiro-en-la-sierra-montanosa-de-sahadri-en-india","status":"publish","type":"post","link":"https:\/\/www.arquimaster.com.ar\/web\/retiro-en-la-sierra-montanosa-de-sahadri-en-india\/","title":{"rendered":"Retiro en la sierra monta\u00f1osa de Sahadri en India"},"content":{"rendered":"<div style=\"margin-top: 0px; margin-bottom: 0px;\" class=\"sharethis-inline-share-buttons\" ><\/div><div class=\"b812932af2e751442846f039925109de\" data-index=\"1\" style=\"float: none; margin:25px 0 25px 0; text-align:center;\">\n<script async src=\"https:\/\/pagead2.googlesyndication.com\/pagead\/js\/adsbygoogle.js\"><\/script>\r\n<!-- Arquimaster (superior) -->\r\n<ins class=\"adsbygoogle\"\r\n     style=\"display:block\"\r\n     data-ad-client=\"ca-pub-6351072698456832\"\r\n     data-ad-slot=\"6455489680\"\r\n     data-ad-format=\"auto\"\r\n     data-full-width-responsive=\"true\"><\/ins>\r\n<script>\r\n     (adsbygoogle = window.adsbygoogle || []).push({});\r\n<\/script>\n<\/div>\n<p>Llegar, desconectar y disfrutar. Un pabell\u00f3n privado como retiro en un lugar de ensue\u00f1o dise\u00f1ado por Khosla Associates. Este lugar pintoresco que se encuentra en el oeste de Ghats con vistas a Backwaters, as\u00ed como a la cercana sierra monta\u00f1osa Sahyadri, ha sido elegido por sus propietarios para huir del estr\u00e9s diario de la capital india de Mumbai.<\/p>\n<div id='gallery-1' class='gallery galleryid-30531 gallery-columns-3 gallery-size-thumbnail'><figure class='gallery-item'>\n\t\t\t<div class='gallery-icon landscape'>\n\t\t\t\t<a href='https:\/\/www.arquimaster.com.ar\/web\/wp-content\/uploads\/2018\/07\/retiro_sahyadri_duravit1.jpg' title=\"Retiro en la sierra monta\u00f1osa de Sahadri en India (\u00a9 Shamanth Patil)\" data-rl_title=\"Retiro en la sierra monta\u00f1osa de Sahadri en India (\u00a9 Shamanth Patil)\" class=\"rl-gallery-link\" data-rl_caption=\"Retiro en la sierra monta\u00f1osa de Sahadri en India (\u00a9 Shamanth Patil)\" data-rel=\"lightbox-gallery-1\"><img loading=\"lazy\" decoding=\"async\" width=\"150\" height=\"150\" src=\"https:\/\/www.arquimaster.com.ar\/web\/wp-content\/uploads\/2018\/07\/retiro_sahyadri_duravit1-150x150.jpg\" class=\"attachment-thumbnail size-thumbnail\" alt=\"\" aria-describedby=\"gallery-1-30533\" srcset=\"https:\/\/www.arquimaster.com.ar\/web\/wp-content\/uploads\/2018\/07\/retiro_sahyadri_duravit1-150x150.jpg 150w, https:\/\/www.arquimaster.com.ar\/web\/wp-content\/uploads\/2018\/07\/retiro_sahyadri_duravit1-50x50.jpg 50w, https:\/\/www.arquimaster.com.ar\/web\/wp-content\/uploads\/2018\/07\/retiro_sahyadri_duravit1-125x125.jpg 125w\" sizes=\"auto, (max-width: 150px) 100vw, 150px\" \/><\/a>\n\t\t\t<\/div>\n\t\t\t\t<figcaption class='wp-caption-text gallery-caption' id='gallery-1-30533'>\n\t\t\t\tRetiro en la sierra monta\u00f1osa de Sahadri en India (\u00a9 Shamanth Patil)\n\t\t\t\t<\/figcaption><\/figure><figure class='gallery-item'>\n\t\t\t<div class='gallery-icon portrait'>\n\t\t\t\t<a href='https:\/\/www.arquimaster.com.ar\/web\/wp-content\/uploads\/2018\/07\/retiro_sahyadri_duravit2.jpg' title=\"Retiro en la sierra monta\u00f1osa de Sahadri en India (\u00a9 Shamanth Patil)\" data-rl_title=\"Retiro en la sierra monta\u00f1osa de Sahadri en India (\u00a9 Shamanth Patil)\" class=\"rl-gallery-link\" data-rl_caption=\"Retiro en la sierra monta\u00f1osa de Sahadri en India (\u00a9 Shamanth Patil)\" data-rel=\"lightbox-gallery-1\"><img loading=\"lazy\" decoding=\"async\" width=\"150\" height=\"150\" src=\"https:\/\/www.arquimaster.com.ar\/web\/wp-content\/uploads\/2018\/07\/retiro_sahyadri_duravit2-150x150.jpg\" class=\"attachment-thumbnail size-thumbnail\" alt=\"\" aria-describedby=\"gallery-1-30534\" srcset=\"https:\/\/www.arquimaster.com.ar\/web\/wp-content\/uploads\/2018\/07\/retiro_sahyadri_duravit2-150x150.jpg 150w, https:\/\/www.arquimaster.com.ar\/web\/wp-content\/uploads\/2018\/07\/retiro_sahyadri_duravit2-50x50.jpg 50w, https:\/\/www.arquimaster.com.ar\/web\/wp-content\/uploads\/2018\/07\/retiro_sahyadri_duravit2-125x125.jpg 125w\" sizes=\"auto, (max-width: 150px) 100vw, 150px\" \/><\/a>\n\t\t\t<\/div>\n\t\t\t\t<figcaption class='wp-caption-text gallery-caption' id='gallery-1-30534'>\n\t\t\t\tRetiro en la sierra monta\u00f1osa de Sahadri en India (\u00a9 Shamanth Patil)\n\t\t\t\t<\/figcaption><\/figure><figure class='gallery-item'>\n\t\t\t<div class='gallery-icon landscape'>\n\t\t\t\t<a href='https:\/\/www.arquimaster.com.ar\/web\/wp-content\/uploads\/2018\/07\/retiro_sahyadri_duravit3.jpg' title=\"Retiro en la sierra monta\u00f1osa de Sahadri en India (\u00a9 Shamanth Patil)\" data-rl_title=\"Retiro en la sierra monta\u00f1osa de Sahadri en India (\u00a9 Shamanth Patil)\" class=\"rl-gallery-link\" data-rl_caption=\"Retiro en la sierra monta\u00f1osa de Sahadri en India (\u00a9 Shamanth Patil)\" data-rel=\"lightbox-gallery-1\"><img loading=\"lazy\" decoding=\"async\" width=\"150\" height=\"150\" src=\"https:\/\/www.arquimaster.com.ar\/web\/wp-content\/uploads\/2018\/07\/retiro_sahyadri_duravit3-150x150.jpg\" class=\"attachment-thumbnail size-thumbnail\" alt=\"\" aria-describedby=\"gallery-1-30535\" srcset=\"https:\/\/www.arquimaster.com.ar\/web\/wp-content\/uploads\/2018\/07\/retiro_sahyadri_duravit3-150x150.jpg 150w, https:\/\/www.arquimaster.com.ar\/web\/wp-content\/uploads\/2018\/07\/retiro_sahyadri_duravit3-50x50.jpg 50w, https:\/\/www.arquimaster.com.ar\/web\/wp-content\/uploads\/2018\/07\/retiro_sahyadri_duravit3-125x125.jpg 125w\" sizes=\"auto, (max-width: 150px) 100vw, 150px\" \/><\/a>\n\t\t\t<\/div>\n\t\t\t\t<figcaption class='wp-caption-text gallery-caption' id='gallery-1-30535'>\n\t\t\t\tRetiro en la sierra monta\u00f1osa de Sahadri en India (\u00a9 Shamanth Patil)\n\t\t\t\t<\/figcaption><\/figure><figure class='gallery-item'>\n\t\t\t<div class='gallery-icon landscape'>\n\t\t\t\t<a href='https:\/\/www.arquimaster.com.ar\/web\/wp-content\/uploads\/2018\/07\/retiro_sahyadri_duravit4.jpg' title=\"Retiro en la sierra monta\u00f1osa de Sahadri en India (\u00a9 Shamanth Patil)\" data-rl_title=\"Retiro en la sierra monta\u00f1osa de Sahadri en India (\u00a9 Shamanth Patil)\" class=\"rl-gallery-link\" data-rl_caption=\"Retiro en la sierra monta\u00f1osa de Sahadri en India (\u00a9 Shamanth Patil)\" data-rel=\"lightbox-gallery-1\"><img loading=\"lazy\" decoding=\"async\" width=\"150\" height=\"150\" src=\"https:\/\/www.arquimaster.com.ar\/web\/wp-content\/uploads\/2018\/07\/retiro_sahyadri_duravit4-150x150.jpg\" class=\"attachment-thumbnail size-thumbnail\" alt=\"\" aria-describedby=\"gallery-1-30536\" srcset=\"https:\/\/www.arquimaster.com.ar\/web\/wp-content\/uploads\/2018\/07\/retiro_sahyadri_duravit4-150x150.jpg 150w, https:\/\/www.arquimaster.com.ar\/web\/wp-content\/uploads\/2018\/07\/retiro_sahyadri_duravit4-50x50.jpg 50w, https:\/\/www.arquimaster.com.ar\/web\/wp-content\/uploads\/2018\/07\/retiro_sahyadri_duravit4-125x125.jpg 125w\" sizes=\"auto, (max-width: 150px) 100vw, 150px\" \/><\/a>\n\t\t\t<\/div>\n\t\t\t\t<figcaption class='wp-caption-text gallery-caption' id='gallery-1-30536'>\n\t\t\t\tRetiro en la sierra monta\u00f1osa de Sahadri en India (\u00a9 Shamanth Patil)\n\t\t\t\t<\/figcaption><\/figure><figure class='gallery-item'>\n\t\t\t<div class='gallery-icon portrait'>\n\t\t\t\t<a href='https:\/\/www.arquimaster.com.ar\/web\/wp-content\/uploads\/2018\/07\/retiro_sahyadri_duravit5.jpg' title=\"Retiro en la sierra monta\u00f1osa de Sahadri en India (\u00a9 Shamanth Patil)\" data-rl_title=\"Retiro en la sierra monta\u00f1osa de Sahadri en India (\u00a9 Shamanth Patil)\" class=\"rl-gallery-link\" data-rl_caption=\"Retiro en la sierra monta\u00f1osa de Sahadri en India (\u00a9 Shamanth Patil)\" data-rel=\"lightbox-gallery-1\"><img loading=\"lazy\" decoding=\"async\" width=\"150\" height=\"150\" src=\"https:\/\/www.arquimaster.com.ar\/web\/wp-content\/uploads\/2018\/07\/retiro_sahyadri_duravit5-150x150.jpg\" class=\"attachment-thumbnail size-thumbnail\" alt=\"\" aria-describedby=\"gallery-1-30537\" srcset=\"https:\/\/www.arquimaster.com.ar\/web\/wp-content\/uploads\/2018\/07\/retiro_sahyadri_duravit5-150x150.jpg 150w, https:\/\/www.arquimaster.com.ar\/web\/wp-content\/uploads\/2018\/07\/retiro_sahyadri_duravit5-50x50.jpg 50w, https:\/\/www.arquimaster.com.ar\/web\/wp-content\/uploads\/2018\/07\/retiro_sahyadri_duravit5-125x125.jpg 125w\" sizes=\"auto, (max-width: 150px) 100vw, 150px\" \/><\/a>\n\t\t\t<\/div>\n\t\t\t\t<figcaption class='wp-caption-text gallery-caption' id='gallery-1-30537'>\n\t\t\t\tRetiro en la sierra monta\u00f1osa de Sahadri en India (\u00a9 Shamanth Patil)\n\t\t\t\t<\/figcaption><\/figure><figure class='gallery-item'>\n\t\t\t<div class='gallery-icon landscape'>\n\t\t\t\t<a href='https:\/\/www.arquimaster.com.ar\/web\/wp-content\/uploads\/2018\/07\/retiro_sahyadri_duravit6.jpg' title=\"Retiro en la sierra monta\u00f1osa de Sahadri en India (\u00a9 Shamanth Patil)\" data-rl_title=\"Retiro en la sierra monta\u00f1osa de Sahadri en India (\u00a9 Shamanth Patil)\" class=\"rl-gallery-link\" data-rl_caption=\"Retiro en la sierra monta\u00f1osa de Sahadri en India (\u00a9 Shamanth Patil)\" data-rel=\"lightbox-gallery-1\"><img loading=\"lazy\" decoding=\"async\" width=\"150\" height=\"150\" src=\"https:\/\/www.arquimaster.com.ar\/web\/wp-content\/uploads\/2018\/07\/retiro_sahyadri_duravit6-150x150.jpg\" class=\"attachment-thumbnail size-thumbnail\" alt=\"\" aria-describedby=\"gallery-1-30538\" srcset=\"https:\/\/www.arquimaster.com.ar\/web\/wp-content\/uploads\/2018\/07\/retiro_sahyadri_duravit6-150x150.jpg 150w, https:\/\/www.arquimaster.com.ar\/web\/wp-content\/uploads\/2018\/07\/retiro_sahyadri_duravit6-50x50.jpg 50w, https:\/\/www.arquimaster.com.ar\/web\/wp-content\/uploads\/2018\/07\/retiro_sahyadri_duravit6-125x125.jpg 125w\" sizes=\"auto, (max-width: 150px) 100vw, 150px\" \/><\/a>\n\t\t\t<\/div>\n\t\t\t\t<figcaption class='wp-caption-text gallery-caption' id='gallery-1-30538'>\n\t\t\t\tRetiro en la sierra monta\u00f1osa de Sahadri en India (\u00a9 Shamanth Patil)\n\t\t\t\t<\/figcaption><\/figure><figure class='gallery-item'>\n\t\t\t<div class='gallery-icon landscape'>\n\t\t\t\t<a href='https:\/\/www.arquimaster.com.ar\/web\/wp-content\/uploads\/2018\/07\/retiro_sahyadri_duravit7.jpg' title=\"Retiro en la sierra monta\u00f1osa de Sahadri en India (\u00a9 Shamanth Patil)\" data-rl_title=\"Retiro en la sierra monta\u00f1osa de Sahadri en India (\u00a9 Shamanth Patil)\" class=\"rl-gallery-link\" data-rl_caption=\"Retiro en la sierra monta\u00f1osa de Sahadri en India (\u00a9 Shamanth Patil)\" data-rel=\"lightbox-gallery-1\"><img loading=\"lazy\" decoding=\"async\" width=\"150\" height=\"150\" src=\"https:\/\/www.arquimaster.com.ar\/web\/wp-content\/uploads\/2018\/07\/retiro_sahyadri_duravit7-150x150.jpg\" class=\"attachment-thumbnail size-thumbnail\" alt=\"\" aria-describedby=\"gallery-1-30539\" srcset=\"https:\/\/www.arquimaster.com.ar\/web\/wp-content\/uploads\/2018\/07\/retiro_sahyadri_duravit7-150x150.jpg 150w, https:\/\/www.arquimaster.com.ar\/web\/wp-content\/uploads\/2018\/07\/retiro_sahyadri_duravit7-50x50.jpg 50w, https:\/\/www.arquimaster.com.ar\/web\/wp-content\/uploads\/2018\/07\/retiro_sahyadri_duravit7-125x125.jpg 125w\" sizes=\"auto, (max-width: 150px) 100vw, 150px\" \/><\/a>\n\t\t\t<\/div>\n\t\t\t\t<figcaption class='wp-caption-text gallery-caption' id='gallery-1-30539'>\n\t\t\t\tRetiro en la sierra monta\u00f1osa de Sahadri en India (\u00a9 Shamanth Patil)\n\t\t\t\t<\/figcaption><\/figure><figure class='gallery-item'>\n\t\t\t<div class='gallery-icon portrait'>\n\t\t\t\t<a href='https:\/\/www.arquimaster.com.ar\/web\/wp-content\/uploads\/2018\/07\/retiro_sahyadri_duravit8.jpg' title=\"Retiro en la sierra monta\u00f1osa de Sahadri en India (\u00a9 Shamanth Patil)\" data-rl_title=\"Retiro en la sierra monta\u00f1osa de Sahadri en India (\u00a9 Shamanth Patil)\" class=\"rl-gallery-link\" data-rl_caption=\"Retiro en la sierra monta\u00f1osa de Sahadri en India (\u00a9 Shamanth Patil)\" data-rel=\"lightbox-gallery-1\"><img loading=\"lazy\" decoding=\"async\" width=\"150\" height=\"150\" src=\"https:\/\/www.arquimaster.com.ar\/web\/wp-content\/uploads\/2018\/07\/retiro_sahyadri_duravit8-150x150.jpg\" class=\"attachment-thumbnail size-thumbnail\" alt=\"\" aria-describedby=\"gallery-1-30540\" srcset=\"https:\/\/www.arquimaster.com.ar\/web\/wp-content\/uploads\/2018\/07\/retiro_sahyadri_duravit8-150x150.jpg 150w, https:\/\/www.arquimaster.com.ar\/web\/wp-content\/uploads\/2018\/07\/retiro_sahyadri_duravit8-50x50.jpg 50w, https:\/\/www.arquimaster.com.ar\/web\/wp-content\/uploads\/2018\/07\/retiro_sahyadri_duravit8-125x125.jpg 125w\" sizes=\"auto, (max-width: 150px) 100vw, 150px\" \/><\/a>\n\t\t\t<\/div>\n\t\t\t\t<figcaption class='wp-caption-text gallery-caption' id='gallery-1-30540'>\n\t\t\t\tRetiro en la sierra monta\u00f1osa de Sahadri en India (\u00a9 Shamanth Patil)\n\t\t\t\t<\/figcaption><\/figure><figure class='gallery-item'>\n\t\t\t<div class='gallery-icon portrait'>\n\t\t\t\t<a href='https:\/\/www.arquimaster.com.ar\/web\/wp-content\/uploads\/2018\/07\/retiro_sahyadri_duravit9.jpg' title=\"Retiro en la sierra monta\u00f1osa de Sahadri en India (\u00a9 Shamanth Patil)\" data-rl_title=\"Retiro en la sierra monta\u00f1osa de Sahadri en India (\u00a9 Shamanth Patil)\" class=\"rl-gallery-link\" data-rl_caption=\"Retiro en la sierra monta\u00f1osa de Sahadri en India (\u00a9 Shamanth Patil)\" data-rel=\"lightbox-gallery-1\"><img loading=\"lazy\" decoding=\"async\" width=\"150\" height=\"150\" src=\"https:\/\/www.arquimaster.com.ar\/web\/wp-content\/uploads\/2018\/07\/retiro_sahyadri_duravit9-150x150.jpg\" class=\"attachment-thumbnail size-thumbnail\" alt=\"\" aria-describedby=\"gallery-1-30541\" srcset=\"https:\/\/www.arquimaster.com.ar\/web\/wp-content\/uploads\/2018\/07\/retiro_sahyadri_duravit9-150x150.jpg 150w, https:\/\/www.arquimaster.com.ar\/web\/wp-content\/uploads\/2018\/07\/retiro_sahyadri_duravit9-50x50.jpg 50w, https:\/\/www.arquimaster.com.ar\/web\/wp-content\/uploads\/2018\/07\/retiro_sahyadri_duravit9-125x125.jpg 125w\" sizes=\"auto, (max-width: 150px) 100vw, 150px\" \/><\/a>\n\t\t\t<\/div>\n\t\t\t\t<figcaption class='wp-caption-text gallery-caption' id='gallery-1-30541'>\n\t\t\t\tRetiro en la sierra monta\u00f1osa de Sahadri en India (\u00a9 Shamanth Patil)\n\t\t\t\t<\/figcaption><\/figure><figure class='gallery-item'>\n\t\t\t<div class='gallery-icon landscape'>\n\t\t\t\t<a href='https:\/\/www.arquimaster.com.ar\/web\/wp-content\/uploads\/2018\/07\/retiro_sahyadri_duravit10.jpg' title=\"Retiro en la sierra monta\u00f1osa de Sahadri en India (\u00a9 Shamanth Patil)\" data-rl_title=\"Retiro en la sierra monta\u00f1osa de Sahadri en India (\u00a9 Shamanth Patil)\" class=\"rl-gallery-link\" data-rl_caption=\"Retiro en la sierra monta\u00f1osa de Sahadri en India (\u00a9 Shamanth Patil)\" data-rel=\"lightbox-gallery-1\"><img loading=\"lazy\" decoding=\"async\" width=\"150\" height=\"150\" src=\"https:\/\/www.arquimaster.com.ar\/web\/wp-content\/uploads\/2018\/07\/retiro_sahyadri_duravit10-150x150.jpg\" class=\"attachment-thumbnail size-thumbnail\" alt=\"\" aria-describedby=\"gallery-1-30542\" srcset=\"https:\/\/www.arquimaster.com.ar\/web\/wp-content\/uploads\/2018\/07\/retiro_sahyadri_duravit10-150x150.jpg 150w, https:\/\/www.arquimaster.com.ar\/web\/wp-content\/uploads\/2018\/07\/retiro_sahyadri_duravit10-50x50.jpg 50w, https:\/\/www.arquimaster.com.ar\/web\/wp-content\/uploads\/2018\/07\/retiro_sahyadri_duravit10-125x125.jpg 125w\" sizes=\"auto, (max-width: 150px) 100vw, 150px\" \/><\/a>\n\t\t\t<\/div>\n\t\t\t\t<figcaption class='wp-caption-text gallery-caption' id='gallery-1-30542'>\n\t\t\t\tRetiro en la sierra monta\u00f1osa de Sahadri en India (\u00a9 Shamanth Patil)\n\t\t\t\t<\/figcaption><\/figure>\n\t\t<\/div>\n\n<p>Khosla Associates es uno de los despachos punteros con sede en Bangalore, India. Este despacho representa un estilo inconfundible, que combina la arquitectura de estilo tropical con tendencias globales e interpreta los materiales y los conceptos locales de forma actual, cosa que les ha proporcionado en los \u00faltimos 20 a\u00f1os m\u00e1s de 25 galardones nacionales e internacionales.<\/p>\n<p>En la gran parcela de dos hect\u00e1reas se ha edificado un pabell\u00f3n de 2100 m2 de una planta. El espacio se ha dividido en dos zonas. Abierto y extrovertido para los espacios de uso diario, y cerrado e introvertido para los espacios privados.<\/p>\n<p>Khosla Associates actu\u00f3 con gran moderaci\u00f3n en la decoraci\u00f3n interior, el mobiliario y los accesorios. Cada pieza se adapt\u00f3 para que armonizara con el concepto general de la arquitectura y la naturaleza del entorno.<\/p>\n<p>En los ba\u00f1os los materiales en piedra natural, madera y cer\u00e1mica forman la base. El lavabo Vero de Duravit con su forma base rectangular subraya el claro car\u00e1cter arquitect\u00f3nico del interior.<\/p>\n<p>El elemento m\u00e1s destacable del conjunto es la piscina Infinity en la gran terraza que logra fundirse en una transici\u00f3n continua con el paisaje acu\u00e1tico que hay por la parte inferior.<\/p>\n<p><strong>Fotos: <\/strong>Shamanth Patil<\/p>\n<p><strong>Duravit AG<\/strong><br \/>\nLa empresa Duravit AG, fundada en el a\u00f1o 1817 en Hornberg en el centro de la Selva Negra, es actualmente uno de los fabricantes punteros en todo el mundo de ba\u00f1os de dise\u00f1o. La empresaest\u00e1 presente en m\u00e1s de 130 pa\u00edses y se caracteriza por la innovaci\u00f3n en eldise\u00f1o original, la aplicaci\u00f3n de t\u00e9cnica inteligente y la elevada calidad. En cooperaci\u00f3n con dise\u00f1adores de renombre internacional como Philippe Starck,EOOS, Phoenix Design, sieger design, Kurt Merki Jr., Christian Werner, Matteo Thun o Cecilie Manz se crean ba\u00f1os que aportan confort y aumentan la calidad de vida de usuarios de forma sustancial. El portfolio de Duravit integra cer\u00e1mica sanitaria, muebles de ba\u00f1o, platos de ducha y ba\u00f1eras, sistemas dehidromasaje y asiento de lavado, grifer\u00eda y accesorios as\u00ed como los elementos de bastidores.<\/p>\n\n<div style=\"font-size: 0px; height: 0px; line-height: 0px; margin: 0; padding: 0; clear: both;\"><\/div><div style=\"margin-top: 0px; margin-bottom: 0px;\" class=\"sharethis-inline-share-buttons\" ><\/div>","protected":false},"excerpt":{"rendered":"<p>En los ba\u00f1os los materiales en piedra natural, madera y cer\u00e1mica forman la base&#8230;<\/p>\n","protected":false},"author":1,"featured_media":30532,"comment_status":"closed","ping_status":"closed","sticky":false,"template":"","format":"standard","meta":{"_uag_custom_page_level_css":"","footnotes":""},"categories":[55,56],"tags":[327,332,4431,329,964,2210,2786],"class_list":["post-30531","post","type-post","status-publish","format-standard","has-post-thumbnail","hentry","category-diseno","category-diseno-interior-decoracion","tag-bano","tag-cuarto-de-bano","tag-diseno-de-banos","tag-duravit","tag-india","tag-muebles-de-bano","tag-sala-de-bano","generate-columns","tablet-grid-50","mobile-grid-100","grid-parent","grid-50"],"yoast_head":"<!-- This site is optimized with the Yoast SEO plugin v27.3 - https:\/\/yoast.com\/product\/yoast-seo-wordpress\/ -->\n<title>Retiro en la sierra monta\u00f1osa de Sahadri en India - Arquimaster<\/title>\n<meta name=\"robots\" content=\"index, follow, max-snippet:-1, max-image-preview:large, max-video-preview:-1\" \/>\n<link rel=\"canonical\" href=\"https:\/\/www.arquimaster.com.ar\/web\/retiro-en-la-sierra-montanosa-de-sahadri-en-india\/\" \/>\n<meta property=\"og:locale\" content=\"es_ES\" \/>\n<meta property=\"og:type\" content=\"article\" \/>\n<meta property=\"og:title\" content=\"Retiro en la sierra monta\u00f1osa de Sahadri en India - Arquimaster\" \/>\n<meta property=\"og:description\" content=\"En los ba\u00f1os los materiales en piedra natural, madera y cer\u00e1mica forman la base...\" \/>\n<meta property=\"og:url\" content=\"https:\/\/www.arquimaster.com.ar\/web\/retiro-en-la-sierra-montanosa-de-sahadri-en-india\/\" \/>\n<meta property=\"og:site_name\" content=\"Arquimaster\" \/>\n<meta property=\"article:publisher\" content=\"http:\/\/www.facebook.com\/ARQUIMASTER.com.ar\" \/>\n<meta property=\"article:published_time\" content=\"2018-07-01T18:15:17+00:00\" \/>\n<meta property=\"article:modified_time\" content=\"2025-09-02T17:08:14+00:00\" \/>\n<meta property=\"og:image\" content=\"https:\/\/www.arquimaster.com.ar\/web\/wp-content\/uploads\/2018\/07\/retiro_sahyadri_duravit_slide.jpg\" \/>\n\t<meta property=\"og:image:width\" content=\"642\" \/>\n\t<meta property=\"og:image:height\" content=\"336\" \/>\n\t<meta property=\"og:image:type\" content=\"image\/jpeg\" \/>\n<meta name=\"author\" content=\"Arquimaster\" \/>\n<meta name=\"twitter:card\" content=\"summary_large_image\" \/>\n<meta name=\"twitter:creator\" content=\"@arquimaster\" \/>\n<meta name=\"twitter:site\" content=\"@arquimaster\" \/>\n<meta name=\"twitter:label1\" content=\"Escrito por\" \/>\n\t<meta name=\"twitter:data1\" content=\"Arquimaster\" \/>\n\t<meta name=\"twitter:label2\" content=\"Tiempo de lectura\" \/>\n\t<meta name=\"twitter:data2\" content=\"2 minutos\" \/>\n<script type=\"application\/ld+json\" class=\"yoast-schema-graph\">{\"@context\":\"https:\\\/\\\/schema.org\",\"@graph\":[{\"@type\":\"Article\",\"@id\":\"https:\\\/\\\/www.arquimaster.com.ar\\\/web\\\/retiro-en-la-sierra-montanosa-de-sahadri-en-india\\\/#article\",\"isPartOf\":{\"@id\":\"https:\\\/\\\/www.arquimaster.com.ar\\\/web\\\/retiro-en-la-sierra-montanosa-de-sahadri-en-india\\\/\"},\"author\":{\"name\":\"Arquimaster\",\"@id\":\"https:\\\/\\\/www.arquimaster.com.ar\\\/web\\\/#\\\/schema\\\/person\\\/359e9f7c00193fcde068e0dd2ceb0028\"},\"headline\":\"Retiro en la sierra monta\u00f1osa de Sahadri en India\",\"datePublished\":\"2018-07-01T18:15:17+00:00\",\"dateModified\":\"2025-09-02T17:08:14+00:00\",\"mainEntityOfPage\":{\"@id\":\"https:\\\/\\\/www.arquimaster.com.ar\\\/web\\\/retiro-en-la-sierra-montanosa-de-sahadri-en-india\\\/\"},\"wordCount\":433,\"publisher\":{\"@id\":\"https:\\\/\\\/www.arquimaster.com.ar\\\/web\\\/#organization\"},\"image\":{\"@id\":\"https:\\\/\\\/www.arquimaster.com.ar\\\/web\\\/retiro-en-la-sierra-montanosa-de-sahadri-en-india\\\/#primaryimage\"},\"thumbnailUrl\":\"https:\\\/\\\/www.arquimaster.com.ar\\\/web\\\/wp-content\\\/uploads\\\/2018\\\/07\\\/retiro_sahyadri_duravit_slide.jpg\",\"keywords\":[\"ba\u00f1o\",\"cuarto de ba\u00f1o\",\"dise\u00f1o de ba\u00f1os\",\"Duravit\",\"India\",\"muebles de ba\u00f1o\",\"sala de ba\u00f1o\"],\"articleSection\":[\"Dise\u00f1o\",\"Dise\u00f1o interior y decoracion\"],\"inLanguage\":\"es\"},{\"@type\":\"WebPage\",\"@id\":\"https:\\\/\\\/www.arquimaster.com.ar\\\/web\\\/retiro-en-la-sierra-montanosa-de-sahadri-en-india\\\/\",\"url\":\"https:\\\/\\\/www.arquimaster.com.ar\\\/web\\\/retiro-en-la-sierra-montanosa-de-sahadri-en-india\\\/\",\"name\":\"Retiro en la sierra monta\u00f1osa de Sahadri en India - Arquimaster\",\"isPartOf\":{\"@id\":\"https:\\\/\\\/www.arquimaster.com.ar\\\/web\\\/#website\"},\"primaryImageOfPage\":{\"@id\":\"https:\\\/\\\/www.arquimaster.com.ar\\\/web\\\/retiro-en-la-sierra-montanosa-de-sahadri-en-india\\\/#primaryimage\"},\"image\":{\"@id\":\"https:\\\/\\\/www.arquimaster.com.ar\\\/web\\\/retiro-en-la-sierra-montanosa-de-sahadri-en-india\\\/#primaryimage\"},\"thumbnailUrl\":\"https:\\\/\\\/www.arquimaster.com.ar\\\/web\\\/wp-content\\\/uploads\\\/2018\\\/07\\\/retiro_sahyadri_duravit_slide.jpg\",\"datePublished\":\"2018-07-01T18:15:17+00:00\",\"dateModified\":\"2025-09-02T17:08:14+00:00\",\"breadcrumb\":{\"@id\":\"https:\\\/\\\/www.arquimaster.com.ar\\\/web\\\/retiro-en-la-sierra-montanosa-de-sahadri-en-india\\\/#breadcrumb\"},\"inLanguage\":\"es\",\"potentialAction\":[{\"@type\":\"ReadAction\",\"target\":[\"https:\\\/\\\/www.arquimaster.com.ar\\\/web\\\/retiro-en-la-sierra-montanosa-de-sahadri-en-india\\\/\"]}]},{\"@type\":\"ImageObject\",\"inLanguage\":\"es\",\"@id\":\"https:\\\/\\\/www.arquimaster.com.ar\\\/web\\\/retiro-en-la-sierra-montanosa-de-sahadri-en-india\\\/#primaryimage\",\"url\":\"https:\\\/\\\/www.arquimaster.com.ar\\\/web\\\/wp-content\\\/uploads\\\/2018\\\/07\\\/retiro_sahyadri_duravit_slide.jpg\",\"contentUrl\":\"https:\\\/\\\/www.arquimaster.com.ar\\\/web\\\/wp-content\\\/uploads\\\/2018\\\/07\\\/retiro_sahyadri_duravit_slide.jpg\",\"width\":642,\"height\":336},{\"@type\":\"BreadcrumbList\",\"@id\":\"https:\\\/\\\/www.arquimaster.com.ar\\\/web\\\/retiro-en-la-sierra-montanosa-de-sahadri-en-india\\\/#breadcrumb\",\"itemListElement\":[{\"@type\":\"ListItem\",\"position\":1,\"name\":\"Portada\",\"item\":\"https:\\\/\\\/www.arquimaster.com.ar\\\/web\\\/\"},{\"@type\":\"ListItem\",\"position\":2,\"name\":\"Retiro en la sierra monta\u00f1osa de Sahadri en India\"}]},{\"@type\":\"WebSite\",\"@id\":\"https:\\\/\\\/www.arquimaster.com.ar\\\/web\\\/#website\",\"url\":\"https:\\\/\\\/www.arquimaster.com.ar\\\/web\\\/\",\"name\":\"Arquimaster\",\"description\":\"Web de arquitectura, dise\u00f1o y construccion\",\"publisher\":{\"@id\":\"https:\\\/\\\/www.arquimaster.com.ar\\\/web\\\/#organization\"},\"potentialAction\":[{\"@type\":\"SearchAction\",\"target\":{\"@type\":\"EntryPoint\",\"urlTemplate\":\"https:\\\/\\\/www.arquimaster.com.ar\\\/web\\\/?s={search_term_string}\"},\"query-input\":{\"@type\":\"PropertyValueSpecification\",\"valueRequired\":true,\"valueName\":\"search_term_string\"}}],\"inLanguage\":\"es\"},{\"@type\":\"Organization\",\"@id\":\"https:\\\/\\\/www.arquimaster.com.ar\\\/web\\\/#organization\",\"name\":\"Arquimaster\",\"url\":\"https:\\\/\\\/www.arquimaster.com.ar\\\/web\\\/\",\"logo\":{\"@type\":\"ImageObject\",\"inLanguage\":\"es\",\"@id\":\"https:\\\/\\\/www.arquimaster.com.ar\\\/web\\\/#\\\/schema\\\/logo\\\/image\\\/\",\"url\":\"https:\\\/\\\/www.arquimaster.com.ar\\\/web\\\/wp-content\\\/uploads\\\/2022\\\/06\\\/arquimaster.png\",\"contentUrl\":\"https:\\\/\\\/www.arquimaster.com.ar\\\/web\\\/wp-content\\\/uploads\\\/2022\\\/06\\\/arquimaster.png\",\"width\":594,\"height\":78,\"caption\":\"Arquimaster\"},\"image\":{\"@id\":\"https:\\\/\\\/www.arquimaster.com.ar\\\/web\\\/#\\\/schema\\\/logo\\\/image\\\/\"},\"sameAs\":[\"http:\\\/\\\/www.facebook.com\\\/ARQUIMASTER.com.ar\",\"https:\\\/\\\/x.com\\\/arquimaster\",\"https:\\\/\\\/www.instagram.com\\\/arquimasterblog\\\/\",\"https:\\\/\\\/www.linkedin.com\\\/company\\\/arquimaster\",\"https:\\\/\\\/www.pinterest.com\\\/arquimaster\",\"https:\\\/\\\/t.me\\\/arquimaster\"]},{\"@type\":\"Person\",\"@id\":\"https:\\\/\\\/www.arquimaster.com.ar\\\/web\\\/#\\\/schema\\\/person\\\/359e9f7c00193fcde068e0dd2ceb0028\",\"name\":\"Arquimaster\"}]}<\/script>\n<!-- \/ Yoast SEO plugin. -->","yoast_head_json":{"title":"Retiro en la sierra monta\u00f1osa de Sahadri en India - Arquimaster","robots":{"index":"index","follow":"follow","max-snippet":"max-snippet:-1","max-image-preview":"max-image-preview:large","max-video-preview":"max-video-preview:-1"},"canonical":"https:\/\/www.arquimaster.com.ar\/web\/retiro-en-la-sierra-montanosa-de-sahadri-en-india\/","og_locale":"es_ES","og_type":"article","og_title":"Retiro en la sierra monta\u00f1osa de Sahadri en India - Arquimaster","og_description":"En los ba\u00f1os los materiales en piedra natural, madera y cer\u00e1mica forman la base...","og_url":"https:\/\/www.arquimaster.com.ar\/web\/retiro-en-la-sierra-montanosa-de-sahadri-en-india\/","og_site_name":"Arquimaster","article_publisher":"http:\/\/www.facebook.com\/ARQUIMASTER.com.ar","article_published_time":"2018-07-01T18:15:17+00:00","article_modified_time":"2025-09-02T17:08:14+00:00","og_image":[{"width":642,"height":336,"url":"https:\/\/www.arquimaster.com.ar\/web\/wp-content\/uploads\/2018\/07\/retiro_sahyadri_duravit_slide.jpg","type":"image\/jpeg"}],"author":"Arquimaster","twitter_card":"summary_large_image","twitter_creator":"@arquimaster","twitter_site":"@arquimaster","twitter_misc":{"Escrito por":"Arquimaster","Tiempo de lectura":"2 minutos"},"schema":{"@context":"https:\/\/schema.org","@graph":[{"@type":"Article","@id":"https:\/\/www.arquimaster.com.ar\/web\/retiro-en-la-sierra-montanosa-de-sahadri-en-india\/#article","isPartOf":{"@id":"https:\/\/www.arquimaster.com.ar\/web\/retiro-en-la-sierra-montanosa-de-sahadri-en-india\/"},"author":{"name":"Arquimaster","@id":"https:\/\/www.arquimaster.com.ar\/web\/#\/schema\/person\/359e9f7c00193fcde068e0dd2ceb0028"},"headline":"Retiro en la sierra monta\u00f1osa de Sahadri en India","datePublished":"2018-07-01T18:15:17+00:00","dateModified":"2025-09-02T17:08:14+00:00","mainEntityOfPage":{"@id":"https:\/\/www.arquimaster.com.ar\/web\/retiro-en-la-sierra-montanosa-de-sahadri-en-india\/"},"wordCount":433,"publisher":{"@id":"https:\/\/www.arquimaster.com.ar\/web\/#organization"},"image":{"@id":"https:\/\/www.arquimaster.com.ar\/web\/retiro-en-la-sierra-montanosa-de-sahadri-en-india\/#primaryimage"},"thumbnailUrl":"https:\/\/www.arquimaster.com.ar\/web\/wp-content\/uploads\/2018\/07\/retiro_sahyadri_duravit_slide.jpg","keywords":["ba\u00f1o","cuarto de ba\u00f1o","dise\u00f1o de ba\u00f1os","Duravit","India","muebles de ba\u00f1o","sala de ba\u00f1o"],"articleSection":["Dise\u00f1o","Dise\u00f1o interior y decoracion"],"inLanguage":"es"},{"@type":"WebPage","@id":"https:\/\/www.arquimaster.com.ar\/web\/retiro-en-la-sierra-montanosa-de-sahadri-en-india\/","url":"https:\/\/www.arquimaster.com.ar\/web\/retiro-en-la-sierra-montanosa-de-sahadri-en-india\/","name":"Retiro en la sierra monta\u00f1osa de Sahadri en India - Arquimaster","isPartOf":{"@id":"https:\/\/www.arquimaster.com.ar\/web\/#website"},"primaryImageOfPage":{"@id":"https:\/\/www.arquimaster.com.ar\/web\/retiro-en-la-sierra-montanosa-de-sahadri-en-india\/#primaryimage"},"image":{"@id":"https:\/\/www.arquimaster.com.ar\/web\/retiro-en-la-sierra-montanosa-de-sahadri-en-india\/#primaryimage"},"thumbnailUrl":"https:\/\/www.arquimaster.com.ar\/web\/wp-content\/uploads\/2018\/07\/retiro_sahyadri_duravit_slide.jpg","datePublished":"2018-07-01T18:15:17+00:00","dateModified":"2025-09-02T17:08:14+00:00","breadcrumb":{"@id":"https:\/\/www.arquimaster.com.ar\/web\/retiro-en-la-sierra-montanosa-de-sahadri-en-india\/#breadcrumb"},"inLanguage":"es","potentialAction":[{"@type":"ReadAction","target":["https:\/\/www.arquimaster.com.ar\/web\/retiro-en-la-sierra-montanosa-de-sahadri-en-india\/"]}]},{"@type":"ImageObject","inLanguage":"es","@id":"https:\/\/www.arquimaster.com.ar\/web\/retiro-en-la-sierra-montanosa-de-sahadri-en-india\/#primaryimage","url":"https:\/\/www.arquimaster.com.ar\/web\/wp-content\/uploads\/2018\/07\/retiro_sahyadri_duravit_slide.jpg","contentUrl":"https:\/\/www.arquimaster.com.ar\/web\/wp-content\/uploads\/2018\/07\/retiro_sahyadri_duravit_slide.jpg","width":642,"height":336},{"@type":"BreadcrumbList","@id":"https:\/\/www.arquimaster.com.ar\/web\/retiro-en-la-sierra-montanosa-de-sahadri-en-india\/#breadcrumb","itemListElement":[{"@type":"ListItem","position":1,"name":"Portada","item":"https:\/\/www.arquimaster.com.ar\/web\/"},{"@type":"ListItem","position":2,"name":"Retiro en la sierra monta\u00f1osa de Sahadri en India"}]},{"@type":"WebSite","@id":"https:\/\/www.arquimaster.com.ar\/web\/#website","url":"https:\/\/www.arquimaster.com.ar\/web\/","name":"Arquimaster","description":"Web de arquitectura, dise\u00f1o y construccion","publisher":{"@id":"https:\/\/www.arquimaster.com.ar\/web\/#organization"},"potentialAction":[{"@type":"SearchAction","target":{"@type":"EntryPoint","urlTemplate":"https:\/\/www.arquimaster.com.ar\/web\/?s={search_term_string}"},"query-input":{"@type":"PropertyValueSpecification","valueRequired":true,"valueName":"search_term_string"}}],"inLanguage":"es"},{"@type":"Organization","@id":"https:\/\/www.arquimaster.com.ar\/web\/#organization","name":"Arquimaster","url":"https:\/\/www.arquimaster.com.ar\/web\/","logo":{"@type":"ImageObject","inLanguage":"es","@id":"https:\/\/www.arquimaster.com.ar\/web\/#\/schema\/logo\/image\/","url":"https:\/\/www.arquimaster.com.ar\/web\/wp-content\/uploads\/2022\/06\/arquimaster.png","contentUrl":"https:\/\/www.arquimaster.com.ar\/web\/wp-content\/uploads\/2022\/06\/arquimaster.png","width":594,"height":78,"caption":"Arquimaster"},"image":{"@id":"https:\/\/www.arquimaster.com.ar\/web\/#\/schema\/logo\/image\/"},"sameAs":["http:\/\/www.facebook.com\/ARQUIMASTER.com.ar","https:\/\/x.com\/arquimaster","https:\/\/www.instagram.com\/arquimasterblog\/","https:\/\/www.linkedin.com\/company\/arquimaster","https:\/\/www.pinterest.com\/arquimaster","https:\/\/t.me\/arquimaster"]},{"@type":"Person","@id":"https:\/\/www.arquimaster.com.ar\/web\/#\/schema\/person\/359e9f7c00193fcde068e0dd2ceb0028","name":"Arquimaster"}]}},"uagb_featured_image_src":{"full":["https:\/\/www.arquimaster.com.ar\/web\/wp-content\/uploads\/2018\/07\/retiro_sahyadri_duravit_slide.jpg",642,336,false],"thumbnail":["https:\/\/www.arquimaster.com.ar\/web\/wp-content\/uploads\/2018\/07\/retiro_sahyadri_duravit_slide-150x150.jpg",150,150,true],"medium":["https:\/\/www.arquimaster.com.ar\/web\/wp-content\/uploads\/2018\/07\/retiro_sahyadri_duravit_slide.jpg",642,336,false],"medium_large":["https:\/\/www.arquimaster.com.ar\/web\/wp-content\/uploads\/2018\/07\/retiro_sahyadri_duravit_slide.jpg",642,336,false],"large":["https:\/\/www.arquimaster.com.ar\/web\/wp-content\/uploads\/2018\/07\/retiro_sahyadri_duravit_slide.jpg",642,336,false],"1536x1536":["https:\/\/www.arquimaster.com.ar\/web\/wp-content\/uploads\/2018\/07\/retiro_sahyadri_duravit_slide.jpg",642,336,false],"2048x2048":["https:\/\/www.arquimaster.com.ar\/web\/wp-content\/uploads\/2018\/07\/retiro_sahyadri_duravit_slide.jpg",642,336,false]},"uagb_author_info":{"display_name":"Arquimaster","author_link":"https:\/\/www.arquimaster.com.ar\/web\/author\/arquimaster\/"},"uagb_comment_info":0,"uagb_excerpt":"En los ba\u00f1os los materiales en piedra natural, madera y cer\u00e1mica forman la base...","_links":{"self":[{"href":"https:\/\/www.arquimaster.com.ar\/web\/wp-json\/wp\/v2\/posts\/30531","targetHints":{"allow":["GET"]}}],"collection":[{"href":"https:\/\/www.arquimaster.com.ar\/web\/wp-json\/wp\/v2\/posts"}],"about":[{"href":"https:\/\/www.arquimaster.com.ar\/web\/wp-json\/wp\/v2\/types\/post"}],"author":[{"embeddable":true,"href":"https:\/\/www.arquimaster.com.ar\/web\/wp-json\/wp\/v2\/users\/1"}],"replies":[{"embeddable":true,"href":"https:\/\/www.arquimaster.com.ar\/web\/wp-json\/wp\/v2\/comments?post=30531"}],"version-history":[{"count":1,"href":"https:\/\/www.arquimaster.com.ar\/web\/wp-json\/wp\/v2\/posts\/30531\/revisions"}],"predecessor-version":[{"id":85872,"href":"https:\/\/www.arquimaster.com.ar\/web\/wp-json\/wp\/v2\/posts\/30531\/revisions\/85872"}],"wp:featuredmedia":[{"embeddable":true,"href":"https:\/\/www.arquimaster.com.ar\/web\/wp-json\/wp\/v2\/media\/30532"}],"wp:attachment":[{"href":"https:\/\/www.arquimaster.com.ar\/web\/wp-json\/wp\/v2\/media?parent=30531"}],"wp:term":[{"taxonomy":"category","embeddable":true,"href":"https:\/\/www.arquimaster.com.ar\/web\/wp-json\/wp\/v2\/categories?post=30531"},{"taxonomy":"post_tag","embeddable":true,"href":"https:\/\/www.arquimaster.com.ar\/web\/wp-json\/wp\/v2\/tags?post=30531"}],"curies":[{"name":"wp","href":"https:\/\/api.w.org\/{rel}","templated":true}]}}