{"id":30552,"date":"2018-06-28T18:42:25","date_gmt":"2018-06-28T18:42:25","guid":{"rendered":"http:\/\/www.arquimaster.com.ar\/web\/?p=30552"},"modified":"2025-09-02T14:09:40","modified_gmt":"2025-09-02T17:09:40","slug":"tendencias-2018-el-nuevo-desenfado-en-el-bano","status":"publish","type":"post","link":"https:\/\/www.arquimaster.com.ar\/web\/tendencias-2018-el-nuevo-desenfado-en-el-bano\/","title":{"rendered":"Tendencias 2018: El nuevo desenfado en el ba\u00f1o"},"content":{"rendered":"<div style=\"margin-top: 0px; margin-bottom: 0px;\" class=\"sharethis-inline-share-buttons\" ><\/div><div class=\"b812932af2e751442846f039925109de\" data-index=\"1\" style=\"float: none; margin:25px 0 25px 0; text-align:center;\">\n<script async src=\"https:\/\/pagead2.googlesyndication.com\/pagead\/js\/adsbygoogle.js\"><\/script>\r\n<!-- Arquimaster (superior) -->\r\n<ins class=\"adsbygoogle\"\r\n     style=\"display:block\"\r\n     data-ad-client=\"ca-pub-6351072698456832\"\r\n     data-ad-slot=\"6455489680\"\r\n     data-ad-format=\"auto\"\r\n     data-full-width-responsive=\"true\"><\/ins>\r\n<script>\r\n     (adsbygoogle = window.adsbygoogle || []).push({});\r\n<\/script>\n<\/div>\n<p>\u00abMenos es m\u00e1s\u00bb el credo de Mies van der Rohe nos ha acompa\u00f1ado durante muchos a\u00f1os con una constancia extraordinaria. Conceptos como minimalismo, nueva sencillez y un dise\u00f1o n\u00f3rdico y puro mantienen su vigencia tambi\u00e9n para el 2018, y no s\u00f3lo en la viviendasino tambi\u00e9n en el ba\u00f1o. Aunque con nuevos matices: el \u00abmenos es m\u00e1s\u00bb se convierte en \u00abmenos y m\u00e1s\u00bb. El claro dise\u00f1o se llena de vida mediante detalles destacados, con funcionalidades muy pr\u00e1cticas y una puesta en escena desenfadada, a veces tambi\u00e9n usando tonalidades intensas.<\/p>\n<div id='gallery-1' class='gallery galleryid-30552 gallery-columns-3 gallery-size-thumbnail'><figure class='gallery-item'>\n\t\t\t<div class='gallery-icon portrait'>\n\t\t\t\t<a href='https:\/\/www.arquimaster.com.ar\/web\/wp-content\/uploads\/2018\/06\/tendencias_2018_duravit1.jpg' title=\"Tendencias 2018: El nuevo desenfado en el ba\u00f1o\" data-rl_title=\"Tendencias 2018: El nuevo desenfado en el ba\u00f1o\" class=\"rl-gallery-link\" data-rl_caption=\"Tendencias 2018: El nuevo desenfado en el ba\u00f1o\" data-rel=\"lightbox-gallery-1\"><img loading=\"lazy\" decoding=\"async\" width=\"150\" height=\"150\" src=\"https:\/\/www.arquimaster.com.ar\/web\/wp-content\/uploads\/2018\/06\/tendencias_2018_duravit1-150x150.jpg\" class=\"attachment-thumbnail size-thumbnail\" alt=\"\" aria-describedby=\"gallery-1-30555\" srcset=\"https:\/\/www.arquimaster.com.ar\/web\/wp-content\/uploads\/2018\/06\/tendencias_2018_duravit1-150x150.jpg 150w, https:\/\/www.arquimaster.com.ar\/web\/wp-content\/uploads\/2018\/06\/tendencias_2018_duravit1-50x50.jpg 50w, https:\/\/www.arquimaster.com.ar\/web\/wp-content\/uploads\/2018\/06\/tendencias_2018_duravit1-125x125.jpg 125w\" sizes=\"auto, (max-width: 150px) 100vw, 150px\" \/><\/a>\n\t\t\t<\/div>\n\t\t\t\t<figcaption class='wp-caption-text gallery-caption' id='gallery-1-30555'>\n\t\t\t\tTendencias 2018: El nuevo desenfado en el ba\u00f1o\n\t\t\t\t<\/figcaption><\/figure><figure class='gallery-item'>\n\t\t\t<div class='gallery-icon landscape'>\n\t\t\t\t<a href='https:\/\/www.arquimaster.com.ar\/web\/wp-content\/uploads\/2018\/06\/tendencias_2018_duravit2.jpg' title=\"Tendencias 2018: El nuevo desenfado en el ba\u00f1o\" data-rl_title=\"Tendencias 2018: El nuevo desenfado en el ba\u00f1o\" class=\"rl-gallery-link\" data-rl_caption=\"Tendencias 2018: El nuevo desenfado en el ba\u00f1o\" data-rel=\"lightbox-gallery-1\"><img loading=\"lazy\" decoding=\"async\" width=\"150\" height=\"150\" src=\"https:\/\/www.arquimaster.com.ar\/web\/wp-content\/uploads\/2018\/06\/tendencias_2018_duravit2-150x150.jpg\" class=\"attachment-thumbnail size-thumbnail\" alt=\"\" aria-describedby=\"gallery-1-30556\" srcset=\"https:\/\/www.arquimaster.com.ar\/web\/wp-content\/uploads\/2018\/06\/tendencias_2018_duravit2-150x150.jpg 150w, https:\/\/www.arquimaster.com.ar\/web\/wp-content\/uploads\/2018\/06\/tendencias_2018_duravit2-50x50.jpg 50w, https:\/\/www.arquimaster.com.ar\/web\/wp-content\/uploads\/2018\/06\/tendencias_2018_duravit2-125x125.jpg 125w\" sizes=\"auto, (max-width: 150px) 100vw, 150px\" \/><\/a>\n\t\t\t<\/div>\n\t\t\t\t<figcaption class='wp-caption-text gallery-caption' id='gallery-1-30556'>\n\t\t\t\tTendencias 2018: El nuevo desenfado en el ba\u00f1o\n\t\t\t\t<\/figcaption><\/figure><figure class='gallery-item'>\n\t\t\t<div class='gallery-icon portrait'>\n\t\t\t\t<a href='https:\/\/www.arquimaster.com.ar\/web\/wp-content\/uploads\/2018\/06\/tendencias_2018_duravit3.jpg' title=\"Tendencias 2018: El nuevo desenfado en el ba\u00f1o\" data-rl_title=\"Tendencias 2018: El nuevo desenfado en el ba\u00f1o\" class=\"rl-gallery-link\" data-rl_caption=\"Tendencias 2018: El nuevo desenfado en el ba\u00f1o\" data-rel=\"lightbox-gallery-1\"><img loading=\"lazy\" decoding=\"async\" width=\"150\" height=\"150\" src=\"https:\/\/www.arquimaster.com.ar\/web\/wp-content\/uploads\/2018\/06\/tendencias_2018_duravit3-150x150.jpg\" class=\"attachment-thumbnail size-thumbnail\" alt=\"\" aria-describedby=\"gallery-1-30557\" srcset=\"https:\/\/www.arquimaster.com.ar\/web\/wp-content\/uploads\/2018\/06\/tendencias_2018_duravit3-150x150.jpg 150w, https:\/\/www.arquimaster.com.ar\/web\/wp-content\/uploads\/2018\/06\/tendencias_2018_duravit3-50x50.jpg 50w, https:\/\/www.arquimaster.com.ar\/web\/wp-content\/uploads\/2018\/06\/tendencias_2018_duravit3-125x125.jpg 125w\" sizes=\"auto, (max-width: 150px) 100vw, 150px\" \/><\/a>\n\t\t\t<\/div>\n\t\t\t\t<figcaption class='wp-caption-text gallery-caption' id='gallery-1-30557'>\n\t\t\t\tTendencias 2018: El nuevo desenfado en el ba\u00f1o\n\t\t\t\t<\/figcaption><\/figure><figure class='gallery-item'>\n\t\t\t<div class='gallery-icon portrait'>\n\t\t\t\t<a href='https:\/\/www.arquimaster.com.ar\/web\/wp-content\/uploads\/2018\/06\/tendencias_2018_duravit4.jpg' title=\"Tendencias 2018: El nuevo desenfado en el ba\u00f1o\" data-rl_title=\"Tendencias 2018: El nuevo desenfado en el ba\u00f1o\" class=\"rl-gallery-link\" data-rl_caption=\"Tendencias 2018: El nuevo desenfado en el ba\u00f1o\" data-rel=\"lightbox-gallery-1\"><img loading=\"lazy\" decoding=\"async\" width=\"150\" height=\"150\" src=\"https:\/\/www.arquimaster.com.ar\/web\/wp-content\/uploads\/2018\/06\/tendencias_2018_duravit4-150x150.jpg\" class=\"attachment-thumbnail size-thumbnail\" alt=\"\" aria-describedby=\"gallery-1-30558\" srcset=\"https:\/\/www.arquimaster.com.ar\/web\/wp-content\/uploads\/2018\/06\/tendencias_2018_duravit4-150x150.jpg 150w, https:\/\/www.arquimaster.com.ar\/web\/wp-content\/uploads\/2018\/06\/tendencias_2018_duravit4-50x50.jpg 50w, https:\/\/www.arquimaster.com.ar\/web\/wp-content\/uploads\/2018\/06\/tendencias_2018_duravit4-125x125.jpg 125w\" sizes=\"auto, (max-width: 150px) 100vw, 150px\" \/><\/a>\n\t\t\t<\/div>\n\t\t\t\t<figcaption class='wp-caption-text gallery-caption' id='gallery-1-30558'>\n\t\t\t\tTendencias 2018: El nuevo desenfado en el ba\u00f1o\n\t\t\t\t<\/figcaption><\/figure><figure class='gallery-item'>\n\t\t\t<div class='gallery-icon portrait'>\n\t\t\t\t<a href='https:\/\/www.arquimaster.com.ar\/web\/wp-content\/uploads\/2018\/06\/tendencias_2018_duravit5.jpg' title=\"Tendencias 2018: El nuevo desenfado en el ba\u00f1o\" data-rl_title=\"Tendencias 2018: El nuevo desenfado en el ba\u00f1o\" class=\"rl-gallery-link\" data-rl_caption=\"Tendencias 2018: El nuevo desenfado en el ba\u00f1o\" data-rel=\"lightbox-gallery-1\"><img loading=\"lazy\" decoding=\"async\" width=\"150\" height=\"150\" src=\"https:\/\/www.arquimaster.com.ar\/web\/wp-content\/uploads\/2018\/06\/tendencias_2018_duravit5-150x150.jpg\" class=\"attachment-thumbnail size-thumbnail\" alt=\"\" aria-describedby=\"gallery-1-30559\" srcset=\"https:\/\/www.arquimaster.com.ar\/web\/wp-content\/uploads\/2018\/06\/tendencias_2018_duravit5-150x150.jpg 150w, https:\/\/www.arquimaster.com.ar\/web\/wp-content\/uploads\/2018\/06\/tendencias_2018_duravit5-50x50.jpg 50w, https:\/\/www.arquimaster.com.ar\/web\/wp-content\/uploads\/2018\/06\/tendencias_2018_duravit5-125x125.jpg 125w\" sizes=\"auto, (max-width: 150px) 100vw, 150px\" \/><\/a>\n\t\t\t<\/div>\n\t\t\t\t<figcaption class='wp-caption-text gallery-caption' id='gallery-1-30559'>\n\t\t\t\tTendencias 2018: El nuevo desenfado en el ba\u00f1o\n\t\t\t\t<\/figcaption><\/figure><figure class='gallery-item'>\n\t\t\t<div class='gallery-icon portrait'>\n\t\t\t\t<a href='https:\/\/www.arquimaster.com.ar\/web\/wp-content\/uploads\/2018\/06\/tendencias_2018_duravit6.jpg' title=\"Tendencias 2018: El nuevo desenfado en el ba\u00f1o\" data-rl_title=\"Tendencias 2018: El nuevo desenfado en el ba\u00f1o\" class=\"rl-gallery-link\" data-rl_caption=\"Tendencias 2018: El nuevo desenfado en el ba\u00f1o\" data-rel=\"lightbox-gallery-1\"><img loading=\"lazy\" decoding=\"async\" width=\"150\" height=\"150\" src=\"https:\/\/www.arquimaster.com.ar\/web\/wp-content\/uploads\/2018\/06\/tendencias_2018_duravit6-150x150.jpg\" class=\"attachment-thumbnail size-thumbnail\" alt=\"\" aria-describedby=\"gallery-1-30560\" srcset=\"https:\/\/www.arquimaster.com.ar\/web\/wp-content\/uploads\/2018\/06\/tendencias_2018_duravit6-150x150.jpg 150w, https:\/\/www.arquimaster.com.ar\/web\/wp-content\/uploads\/2018\/06\/tendencias_2018_duravit6-50x50.jpg 50w, https:\/\/www.arquimaster.com.ar\/web\/wp-content\/uploads\/2018\/06\/tendencias_2018_duravit6-125x125.jpg 125w\" sizes=\"auto, (max-width: 150px) 100vw, 150px\" \/><\/a>\n\t\t\t<\/div>\n\t\t\t\t<figcaption class='wp-caption-text gallery-caption' id='gallery-1-30560'>\n\t\t\t\tTendencias 2018: El nuevo desenfado en el ba\u00f1o\n\t\t\t\t<\/figcaption><\/figure><figure class='gallery-item'>\n\t\t\t<div class='gallery-icon portrait'>\n\t\t\t\t<a href='https:\/\/www.arquimaster.com.ar\/web\/wp-content\/uploads\/2018\/06\/tendencias_2018_duravit7.jpg' title=\"Tendencias 2018: El nuevo desenfado en el ba\u00f1o\" data-rl_title=\"Tendencias 2018: El nuevo desenfado en el ba\u00f1o\" class=\"rl-gallery-link\" data-rl_caption=\"Tendencias 2018: El nuevo desenfado en el ba\u00f1o\" data-rel=\"lightbox-gallery-1\"><img loading=\"lazy\" decoding=\"async\" width=\"150\" height=\"150\" src=\"https:\/\/www.arquimaster.com.ar\/web\/wp-content\/uploads\/2018\/06\/tendencias_2018_duravit7-150x150.jpg\" class=\"attachment-thumbnail size-thumbnail\" alt=\"\" aria-describedby=\"gallery-1-30561\" srcset=\"https:\/\/www.arquimaster.com.ar\/web\/wp-content\/uploads\/2018\/06\/tendencias_2018_duravit7-150x150.jpg 150w, https:\/\/www.arquimaster.com.ar\/web\/wp-content\/uploads\/2018\/06\/tendencias_2018_duravit7-50x50.jpg 50w, https:\/\/www.arquimaster.com.ar\/web\/wp-content\/uploads\/2018\/06\/tendencias_2018_duravit7-125x125.jpg 125w\" sizes=\"auto, (max-width: 150px) 100vw, 150px\" \/><\/a>\n\t\t\t<\/div>\n\t\t\t\t<figcaption class='wp-caption-text gallery-caption' id='gallery-1-30561'>\n\t\t\t\tTendencias 2018: El nuevo desenfado en el ba\u00f1o\n\t\t\t\t<\/figcaption><\/figure><figure class='gallery-item'>\n\t\t\t<div class='gallery-icon landscape'>\n\t\t\t\t<a href='https:\/\/www.arquimaster.com.ar\/web\/wp-content\/uploads\/2018\/06\/tendencias_2018_duravit9.jpg' title=\"Tendencias 2018: El nuevo desenfado en el ba\u00f1o\" data-rl_title=\"Tendencias 2018: El nuevo desenfado en el ba\u00f1o\" class=\"rl-gallery-link\" data-rl_caption=\"Tendencias 2018: El nuevo desenfado en el ba\u00f1o\" data-rel=\"lightbox-gallery-1\"><img loading=\"lazy\" decoding=\"async\" width=\"150\" height=\"150\" src=\"https:\/\/www.arquimaster.com.ar\/web\/wp-content\/uploads\/2018\/06\/tendencias_2018_duravit9-150x150.jpg\" class=\"attachment-thumbnail size-thumbnail\" alt=\"\" aria-describedby=\"gallery-1-30563\" srcset=\"https:\/\/www.arquimaster.com.ar\/web\/wp-content\/uploads\/2018\/06\/tendencias_2018_duravit9-150x150.jpg 150w, https:\/\/www.arquimaster.com.ar\/web\/wp-content\/uploads\/2018\/06\/tendencias_2018_duravit9-50x50.jpg 50w, https:\/\/www.arquimaster.com.ar\/web\/wp-content\/uploads\/2018\/06\/tendencias_2018_duravit9-125x125.jpg 125w\" sizes=\"auto, (max-width: 150px) 100vw, 150px\" \/><\/a>\n\t\t\t<\/div>\n\t\t\t\t<figcaption class='wp-caption-text gallery-caption' id='gallery-1-30563'>\n\t\t\t\tTendencias 2018: El nuevo desenfado en el ba\u00f1o\n\t\t\t\t<\/figcaption><\/figure><figure class='gallery-item'>\n\t\t\t<div class='gallery-icon portrait'>\n\t\t\t\t<a href='https:\/\/www.arquimaster.com.ar\/web\/wp-content\/uploads\/2018\/06\/tendencias_2018_duravit10.jpg' title=\"Tendencias 2018: El nuevo desenfado en el ba\u00f1o\" data-rl_title=\"Tendencias 2018: El nuevo desenfado en el ba\u00f1o\" class=\"rl-gallery-link\" data-rl_caption=\"Tendencias 2018: El nuevo desenfado en el ba\u00f1o\" data-rel=\"lightbox-gallery-1\"><img loading=\"lazy\" decoding=\"async\" width=\"150\" height=\"150\" src=\"https:\/\/www.arquimaster.com.ar\/web\/wp-content\/uploads\/2018\/06\/tendencias_2018_duravit10-150x150.jpg\" class=\"attachment-thumbnail size-thumbnail\" alt=\"\" aria-describedby=\"gallery-1-30564\" srcset=\"https:\/\/www.arquimaster.com.ar\/web\/wp-content\/uploads\/2018\/06\/tendencias_2018_duravit10-150x150.jpg 150w, https:\/\/www.arquimaster.com.ar\/web\/wp-content\/uploads\/2018\/06\/tendencias_2018_duravit10-50x50.jpg 50w, https:\/\/www.arquimaster.com.ar\/web\/wp-content\/uploads\/2018\/06\/tendencias_2018_duravit10-125x125.jpg 125w\" sizes=\"auto, (max-width: 150px) 100vw, 150px\" \/><\/a>\n\t\t\t<\/div>\n\t\t\t\t<figcaption class='wp-caption-text gallery-caption' id='gallery-1-30564'>\n\t\t\t\tTendencias 2018: El nuevo desenfado en el ba\u00f1o\n\t\t\t\t<\/figcaption><\/figure><figure class='gallery-item'>\n\t\t\t<div class='gallery-icon landscape'>\n\t\t\t\t<a href='https:\/\/www.arquimaster.com.ar\/web\/wp-content\/uploads\/2018\/06\/tendencias_2018_duravit11.jpg' title=\"Tendencias 2018: El nuevo desenfado en el ba\u00f1o\" data-rl_title=\"Tendencias 2018: El nuevo desenfado en el ba\u00f1o\" class=\"rl-gallery-link\" data-rl_caption=\"Tendencias 2018: El nuevo desenfado en el ba\u00f1o\" data-rel=\"lightbox-gallery-1\"><img loading=\"lazy\" decoding=\"async\" width=\"150\" height=\"150\" src=\"https:\/\/www.arquimaster.com.ar\/web\/wp-content\/uploads\/2018\/06\/tendencias_2018_duravit11-150x150.jpg\" class=\"attachment-thumbnail size-thumbnail\" alt=\"\" aria-describedby=\"gallery-1-30565\" srcset=\"https:\/\/www.arquimaster.com.ar\/web\/wp-content\/uploads\/2018\/06\/tendencias_2018_duravit11-150x150.jpg 150w, https:\/\/www.arquimaster.com.ar\/web\/wp-content\/uploads\/2018\/06\/tendencias_2018_duravit11-50x50.jpg 50w, https:\/\/www.arquimaster.com.ar\/web\/wp-content\/uploads\/2018\/06\/tendencias_2018_duravit11-125x125.jpg 125w\" sizes=\"auto, (max-width: 150px) 100vw, 150px\" \/><\/a>\n\t\t\t<\/div>\n\t\t\t\t<figcaption class='wp-caption-text gallery-caption' id='gallery-1-30565'>\n\t\t\t\tTendencias 2018: El nuevo desenfado en el ba\u00f1o\n\t\t\t\t<\/figcaption><\/figure><figure class='gallery-item'>\n\t\t\t<div class='gallery-icon portrait'>\n\t\t\t\t<a href='https:\/\/www.arquimaster.com.ar\/web\/wp-content\/uploads\/2018\/06\/tendencias_2018_duravit12.jpg' title=\"Tendencias 2018: El nuevo desenfado en el ba\u00f1o\" data-rl_title=\"Tendencias 2018: El nuevo desenfado en el ba\u00f1o\" class=\"rl-gallery-link\" data-rl_caption=\"Tendencias 2018: El nuevo desenfado en el ba\u00f1o\" data-rel=\"lightbox-gallery-1\"><img loading=\"lazy\" decoding=\"async\" width=\"150\" height=\"150\" src=\"https:\/\/www.arquimaster.com.ar\/web\/wp-content\/uploads\/2018\/06\/tendencias_2018_duravit12-150x150.jpg\" class=\"attachment-thumbnail size-thumbnail\" alt=\"\" aria-describedby=\"gallery-1-30566\" srcset=\"https:\/\/www.arquimaster.com.ar\/web\/wp-content\/uploads\/2018\/06\/tendencias_2018_duravit12-150x150.jpg 150w, https:\/\/www.arquimaster.com.ar\/web\/wp-content\/uploads\/2018\/06\/tendencias_2018_duravit12-50x50.jpg 50w, https:\/\/www.arquimaster.com.ar\/web\/wp-content\/uploads\/2018\/06\/tendencias_2018_duravit12-125x125.jpg 125w\" sizes=\"auto, (max-width: 150px) 100vw, 150px\" \/><\/a>\n\t\t\t<\/div>\n\t\t\t\t<figcaption class='wp-caption-text gallery-caption' id='gallery-1-30566'>\n\t\t\t\tTendencias 2018: El nuevo desenfado en el ba\u00f1o\n\t\t\t\t<\/figcaption><\/figure><figure class='gallery-item'>\n\t\t\t<div class='gallery-icon portrait'>\n\t\t\t\t<a href='https:\/\/www.arquimaster.com.ar\/web\/wp-content\/uploads\/2018\/06\/tendencias_2018_duravit13.jpg' title=\"Tendencias 2018: El nuevo desenfado en el ba\u00f1o\" data-rl_title=\"Tendencias 2018: El nuevo desenfado en el ba\u00f1o\" class=\"rl-gallery-link\" data-rl_caption=\"Tendencias 2018: El nuevo desenfado en el ba\u00f1o\" data-rel=\"lightbox-gallery-1\"><img loading=\"lazy\" decoding=\"async\" width=\"150\" height=\"150\" src=\"https:\/\/www.arquimaster.com.ar\/web\/wp-content\/uploads\/2018\/06\/tendencias_2018_duravit13-150x150.jpg\" class=\"attachment-thumbnail size-thumbnail\" alt=\"\" aria-describedby=\"gallery-1-30567\" srcset=\"https:\/\/www.arquimaster.com.ar\/web\/wp-content\/uploads\/2018\/06\/tendencias_2018_duravit13-150x150.jpg 150w, https:\/\/www.arquimaster.com.ar\/web\/wp-content\/uploads\/2018\/06\/tendencias_2018_duravit13-1024x1027.jpg 1024w, https:\/\/www.arquimaster.com.ar\/web\/wp-content\/uploads\/2018\/06\/tendencias_2018_duravit13-768x770.jpg 768w, https:\/\/www.arquimaster.com.ar\/web\/wp-content\/uploads\/2018\/06\/tendencias_2018_duravit13-50x50.jpg 50w, https:\/\/www.arquimaster.com.ar\/web\/wp-content\/uploads\/2018\/06\/tendencias_2018_duravit13-125x125.jpg 125w, https:\/\/www.arquimaster.com.ar\/web\/wp-content\/uploads\/2018\/06\/tendencias_2018_duravit13.jpg 1496w\" sizes=\"auto, (max-width: 150px) 100vw, 150px\" \/><\/a>\n\t\t\t<\/div>\n\t\t\t\t<figcaption class='wp-caption-text gallery-caption' id='gallery-1-30567'>\n\t\t\t\tTendencias 2018: El nuevo desenfado en el ba\u00f1o\n\t\t\t\t<\/figcaption><\/figure><figure class='gallery-item'>\n\t\t\t<div class='gallery-icon landscape'>\n\t\t\t\t<a href='https:\/\/www.arquimaster.com.ar\/web\/wp-content\/uploads\/2018\/06\/tendencias_2018_duravit14.jpg' title=\"Tendencias 2018: El nuevo desenfado en el ba\u00f1o\" data-rl_title=\"Tendencias 2018: El nuevo desenfado en el ba\u00f1o\" class=\"rl-gallery-link\" data-rl_caption=\"Tendencias 2018: El nuevo desenfado en el ba\u00f1o\" data-rel=\"lightbox-gallery-1\"><img loading=\"lazy\" decoding=\"async\" width=\"150\" height=\"150\" src=\"https:\/\/www.arquimaster.com.ar\/web\/wp-content\/uploads\/2018\/06\/tendencias_2018_duravit14-150x150.jpg\" class=\"attachment-thumbnail size-thumbnail\" alt=\"\" aria-describedby=\"gallery-1-30568\" srcset=\"https:\/\/www.arquimaster.com.ar\/web\/wp-content\/uploads\/2018\/06\/tendencias_2018_duravit14-150x150.jpg 150w, https:\/\/www.arquimaster.com.ar\/web\/wp-content\/uploads\/2018\/06\/tendencias_2018_duravit14-50x50.jpg 50w, https:\/\/www.arquimaster.com.ar\/web\/wp-content\/uploads\/2018\/06\/tendencias_2018_duravit14-125x125.jpg 125w\" sizes=\"auto, (max-width: 150px) 100vw, 150px\" \/><\/a>\n\t\t\t<\/div>\n\t\t\t\t<figcaption class='wp-caption-text gallery-caption' id='gallery-1-30568'>\n\t\t\t\tTendencias 2018: El nuevo desenfado en el ba\u00f1o\n\t\t\t\t<\/figcaption><\/figure><figure class='gallery-item'>\n\t\t\t<div class='gallery-icon portrait'>\n\t\t\t\t<a href='https:\/\/www.arquimaster.com.ar\/web\/wp-content\/uploads\/2018\/06\/tendencias_2018_duravit15.jpg' title=\"Tendencias 2018: El nuevo desenfado en el ba\u00f1o\" data-rl_title=\"Tendencias 2018: El nuevo desenfado en el ba\u00f1o\" class=\"rl-gallery-link\" data-rl_caption=\"Tendencias 2018: El nuevo desenfado en el ba\u00f1o\" data-rel=\"lightbox-gallery-1\"><img loading=\"lazy\" decoding=\"async\" width=\"150\" height=\"150\" src=\"https:\/\/www.arquimaster.com.ar\/web\/wp-content\/uploads\/2018\/06\/tendencias_2018_duravit15-150x150.jpg\" class=\"attachment-thumbnail size-thumbnail\" alt=\"\" aria-describedby=\"gallery-1-30569\" srcset=\"https:\/\/www.arquimaster.com.ar\/web\/wp-content\/uploads\/2018\/06\/tendencias_2018_duravit15-150x150.jpg 150w, https:\/\/www.arquimaster.com.ar\/web\/wp-content\/uploads\/2018\/06\/tendencias_2018_duravit15-50x50.jpg 50w, https:\/\/www.arquimaster.com.ar\/web\/wp-content\/uploads\/2018\/06\/tendencias_2018_duravit15-125x125.jpg 125w\" sizes=\"auto, (max-width: 150px) 100vw, 150px\" \/><\/a>\n\t\t\t<\/div>\n\t\t\t\t<figcaption class='wp-caption-text gallery-caption' id='gallery-1-30569'>\n\t\t\t\tTendencias 2018: El nuevo desenfado en el ba\u00f1o\n\t\t\t\t<\/figcaption><\/figure><figure class='gallery-item'>\n\t\t\t<div class='gallery-icon landscape'>\n\t\t\t\t<a href='https:\/\/www.arquimaster.com.ar\/web\/wp-content\/uploads\/2018\/06\/tendencias_2018_duravit16.jpg' title=\"Tendencias 2018: El nuevo desenfado en el ba\u00f1o\" data-rl_title=\"Tendencias 2018: El nuevo desenfado en el ba\u00f1o\" class=\"rl-gallery-link\" data-rl_caption=\"Tendencias 2018: El nuevo desenfado en el ba\u00f1o\" data-rel=\"lightbox-gallery-1\"><img loading=\"lazy\" decoding=\"async\" width=\"150\" height=\"150\" src=\"https:\/\/www.arquimaster.com.ar\/web\/wp-content\/uploads\/2018\/06\/tendencias_2018_duravit16-150x150.jpg\" class=\"attachment-thumbnail size-thumbnail\" alt=\"\" aria-describedby=\"gallery-1-30570\" srcset=\"https:\/\/www.arquimaster.com.ar\/web\/wp-content\/uploads\/2018\/06\/tendencias_2018_duravit16-150x150.jpg 150w, https:\/\/www.arquimaster.com.ar\/web\/wp-content\/uploads\/2018\/06\/tendencias_2018_duravit16-50x50.jpg 50w, https:\/\/www.arquimaster.com.ar\/web\/wp-content\/uploads\/2018\/06\/tendencias_2018_duravit16-125x125.jpg 125w\" sizes=\"auto, (max-width: 150px) 100vw, 150px\" \/><\/a>\n\t\t\t<\/div>\n\t\t\t\t<figcaption class='wp-caption-text gallery-caption' id='gallery-1-30570'>\n\t\t\t\tTendencias 2018: El nuevo desenfado en el ba\u00f1o\n\t\t\t\t<\/figcaption><\/figure><figure class='gallery-item'>\n\t\t\t<div class='gallery-icon landscape'>\n\t\t\t\t<a href='https:\/\/www.arquimaster.com.ar\/web\/wp-content\/uploads\/2018\/06\/tendencias_2018_duravit8.jpg' title=\"Tendencias 2018: El nuevo desenfado en el ba\u00f1o\" data-rl_title=\"Tendencias 2018: El nuevo desenfado en el ba\u00f1o\" class=\"rl-gallery-link\" data-rl_caption=\"Tendencias 2018: El nuevo desenfado en el ba\u00f1o\" data-rel=\"lightbox-gallery-1\"><img loading=\"lazy\" decoding=\"async\" width=\"150\" height=\"150\" src=\"https:\/\/www.arquimaster.com.ar\/web\/wp-content\/uploads\/2018\/06\/tendencias_2018_duravit8-150x150.jpg\" class=\"attachment-thumbnail size-thumbnail\" alt=\"\" aria-describedby=\"gallery-1-30562\" srcset=\"https:\/\/www.arquimaster.com.ar\/web\/wp-content\/uploads\/2018\/06\/tendencias_2018_duravit8-150x150.jpg 150w, https:\/\/www.arquimaster.com.ar\/web\/wp-content\/uploads\/2018\/06\/tendencias_2018_duravit8-50x50.jpg 50w, https:\/\/www.arquimaster.com.ar\/web\/wp-content\/uploads\/2018\/06\/tendencias_2018_duravit8-125x125.jpg 125w\" sizes=\"auto, (max-width: 150px) 100vw, 150px\" \/><\/a>\n\t\t\t<\/div>\n\t\t\t\t<figcaption class='wp-caption-text gallery-caption' id='gallery-1-30562'>\n\t\t\t\tTendencias 2018: El nuevo desenfado en el ba\u00f1o\n\t\t\t\t<\/figcaption><\/figure><figure class='gallery-item'>\n\t\t\t<div class='gallery-icon landscape'>\n\t\t\t\t<a href='https:\/\/www.arquimaster.com.ar\/web\/wp-content\/uploads\/2018\/06\/tendencias_2018_duravit17.jpg' title=\"Tendencias 2018: El nuevo desenfado en el ba\u00f1o\" data-rl_title=\"Tendencias 2018: El nuevo desenfado en el ba\u00f1o\" class=\"rl-gallery-link\" data-rl_caption=\"Tendencias 2018: El nuevo desenfado en el ba\u00f1o\" data-rel=\"lightbox-gallery-1\"><img loading=\"lazy\" decoding=\"async\" width=\"150\" height=\"150\" src=\"https:\/\/www.arquimaster.com.ar\/web\/wp-content\/uploads\/2018\/06\/tendencias_2018_duravit17-150x150.jpg\" class=\"attachment-thumbnail size-thumbnail\" alt=\"\" aria-describedby=\"gallery-1-30571\" srcset=\"https:\/\/www.arquimaster.com.ar\/web\/wp-content\/uploads\/2018\/06\/tendencias_2018_duravit17-150x150.jpg 150w, https:\/\/www.arquimaster.com.ar\/web\/wp-content\/uploads\/2018\/06\/tendencias_2018_duravit17-50x50.jpg 50w, https:\/\/www.arquimaster.com.ar\/web\/wp-content\/uploads\/2018\/06\/tendencias_2018_duravit17-125x125.jpg 125w\" sizes=\"auto, (max-width: 150px) 100vw, 150px\" \/><\/a>\n\t\t\t<\/div>\n\t\t\t\t<figcaption class='wp-caption-text gallery-caption' id='gallery-1-30571'>\n\t\t\t\tTendencias 2018: El nuevo desenfado en el ba\u00f1o\n\t\t\t\t<\/figcaption><\/figure>\n\t\t<\/div>\n\n<p><strong>Los colores tienen su efecto<\/strong><br \/>\nSi por la ma\u00f1ana existe ajetreo en el ba\u00f1o o mucha prisa, los colores y formas claras proporcionan una relajaci\u00f3n desenfadada. Es el caso de la nueva serie de muebles Brioso. Aqu\u00ed los tonos de color mate, como por ejemplo el azul cielo claro sat\u00e9n mate combinado con los tonos c\u00e1lidos de la madera, crean un ambiente de bienestar. El mismo color de los tiradores que el mueble, tono sobre tono, azul claro mate o el color de tendencia el hormig\u00f3n mate, aportan al ba\u00f1o claridad e integridad.<\/p>\n<p>La serie de muebles Brioso combina con cinco series de cer\u00e1mica y aporta con su dise\u00f1o moderno y fresco y sus finos cantos numerosas opciones para la planificaci\u00f3n del ba\u00f1o en una relaci\u00f3n calidad-precio muy atractiva.<\/p>\n<p>Muchas veces se crean sutilezas sencillas a trav\u00e9s de combinaciones de diferentes acabados, texturas y colores. En definitiva son los matices los que marcan la diferencia destacable. La serie de muebles XSquare cuenta con colores fuertes y saturados como el morado oscuro sat\u00e9n mate en combinaci\u00f3n, por ejemplo, con el noble nogal o con un decorado lujoso como el lino y los nobles tonos del color gris pardo mate.<\/p>\n<p>El elegante perfil cromado introduce aqu\u00ed un marco acentuado que recoge el radio de las esquinas del lavabo y crea armon\u00eda a la vez que lo dota de una marcada personalidad propia. Todo ello en combinaci\u00f3n con los armarios, espejos y muebles espejos de la serie, que con su dise\u00f1o marcado por el perfil cromado producen lugares de aseo especiales para un estilo elegante y moderno. XSquare puede combinarse de muchas maneras y se adapta perfectamente a cuatro series de cer\u00e1mica.<\/p>\n<p>La combinaci\u00f3n de un total de 44 acabados, tonos y decorados de los muebles de ba\u00f1o de Duravit crea un entorno personalizado que va desde un desenfado acogedor hasta una elegancia moderna, donde cada uno puede recobrar fuerzas seg\u00fan su gusto.<\/p>\n<p><strong>Confort hasta el detalle m\u00e1s peque\u00f1o<\/strong><br \/>\nLos detalles del equipamiento son los que definen la diferencia del \u00abmenos es m\u00e1s\u00bb. De esta forma tambi\u00e9n en la nueva serie de muebles XSquare: frontales sin tiradores con t\u00e9cnica Push-to-Open refuerzan el aspecto elegante e inspirador. Un sofisticado sistema de distribuci\u00f3n en el interior proporciona espacio para todo lo necesario en el ba\u00f1o. Con esto el programa de mueble aplica unos acentos claros y estructurados en el espacio. Todo est\u00e1 a la vista y en su sitio de forma sencilla y con una colocaci\u00f3n ordenada.<\/p>\n<p>Duravit ofrece espejos y muebles espejo que combinan con el dise\u00f1o de los muebles XSquare. En la superficie de los espejos se encuentra un nuevo campo de control. Aqu\u00ed se puede regular sin contacto y mediante un sensor la intensidad, la luz principal (franja luminosa a la izquierda y a la derecha), luz ambiental as\u00ed como la calefacci\u00f3n del espejo (antivaho).<\/p>\n<p>Adem\u00e1s, todos los espejos disponen de la confortable y novedosa funci\u00f3n del cambio de tono de luz: con una luz de m\u00e1s de 300 Lux se puede ajustar de forma continua el tono de la luz desde 2700 (luz c\u00e1lida) hasta 6500 Kelvin (luz fr\u00eda). La luz c\u00e1lida crea unambiente especialmente agradable y la luz fr\u00eda sirve sobre todo para maquillarse.<\/p>\n<p>La funci\u00f3n de memoria asegura que el tono de luz y la intensidad deseada no se tengan que modificar en su pr\u00f3ximo uso. Tambi\u00e9n es nueva la funcional organizaci\u00f3n interna de los muebles espejo, con caja para los utensilios, una repisa para los accesorios y un list\u00f3n magn\u00e9tico para las pinzas o tijeras. As\u00ed el ba\u00f1o se convierte en un lugar sencillamente sofisticado.<\/p>\n<p><strong>Duravit AG<\/strong><br \/>\nLa empresa Duravit AG, fundada en el a\u00f1o 1817 en Hornberg en el centro de la Selva Negra, es actualmente uno de los fabricantes punteros en todo el mundo de ba\u00f1os de dise\u00f1o. La empresaest\u00e1 presente en m\u00e1s de 130 pa\u00edses y se caracteriza por la innovaci\u00f3n en eldise\u00f1o original, la aplicaci\u00f3n de t\u00e9cnica inteligente y la elevada calidad. En cooperaci\u00f3n con dise\u00f1adores de renombre internacional como Philippe Starck,EOOS, Phoenix Design, sieger design, Kurt Merki Jr., Christian Werner, Matteo Thun o Cecilie Manz se crean ba\u00f1os que aportan confort y aumentan la calidad de vida de usuarios de forma sustancial. El portfolio de Duravit integra cer\u00e1mica sanitaria, muebles de ba\u00f1o, platos de ducha y ba\u00f1eras, sistemas dehidromasaje y asiento de lavado, grifer\u00eda y accesorios as\u00ed como los elementos de bastidores.<\/p>\n\n<div style=\"font-size: 0px; height: 0px; line-height: 0px; margin: 0; padding: 0; clear: both;\"><\/div><div style=\"margin-top: 0px; margin-bottom: 0px;\" class=\"sharethis-inline-share-buttons\" ><\/div>","protected":false},"excerpt":{"rendered":"<p>Tonos c\u00e1lidos de la madera, colores pastel, el tono sobre tono y los colores intensos&#8230;<\/p>\n","protected":false},"author":1,"featured_media":30554,"comment_status":"closed","ping_status":"closed","sticky":false,"template":"","format":"standard","meta":{"_uag_custom_page_level_css":"","footnotes":""},"categories":[55,56],"tags":[327,332,4431,329,2210,2786],"class_list":["post-30552","post","type-post","status-publish","format-standard","has-post-thumbnail","hentry","category-diseno","category-diseno-interior-decoracion","tag-bano","tag-cuarto-de-bano","tag-diseno-de-banos","tag-duravit","tag-muebles-de-bano","tag-sala-de-bano","generate-columns","tablet-grid-50","mobile-grid-100","grid-parent","grid-50"],"yoast_head":"<!-- This site is optimized with the Yoast SEO plugin v27.3 - https:\/\/yoast.com\/product\/yoast-seo-wordpress\/ -->\n<title>Tendencias 2018: El nuevo desenfado en el ba\u00f1o - Arquimaster<\/title>\n<meta name=\"robots\" content=\"index, follow, max-snippet:-1, max-image-preview:large, max-video-preview:-1\" \/>\n<link rel=\"canonical\" href=\"https:\/\/www.arquimaster.com.ar\/web\/tendencias-2018-el-nuevo-desenfado-en-el-bano\/\" \/>\n<meta property=\"og:locale\" content=\"es_ES\" \/>\n<meta property=\"og:type\" content=\"article\" \/>\n<meta property=\"og:title\" content=\"Tendencias 2018: El nuevo desenfado en el ba\u00f1o - Arquimaster\" \/>\n<meta property=\"og:description\" content=\"Tonos c\u00e1lidos de la madera, colores pastel, el tono sobre tono y los colores intensos...\" \/>\n<meta property=\"og:url\" content=\"https:\/\/www.arquimaster.com.ar\/web\/tendencias-2018-el-nuevo-desenfado-en-el-bano\/\" \/>\n<meta property=\"og:site_name\" content=\"Arquimaster\" \/>\n<meta property=\"article:publisher\" content=\"http:\/\/www.facebook.com\/ARQUIMASTER.com.ar\" \/>\n<meta property=\"article:published_time\" content=\"2018-06-28T18:42:25+00:00\" \/>\n<meta property=\"article:modified_time\" content=\"2025-09-02T17:09:40+00:00\" \/>\n<meta property=\"og:image\" content=\"https:\/\/www.arquimaster.com.ar\/web\/wp-content\/uploads\/2018\/06\/tendencias_2018_duravit_slide.jpg\" \/>\n\t<meta property=\"og:image:width\" content=\"642\" \/>\n\t<meta property=\"og:image:height\" content=\"336\" \/>\n\t<meta property=\"og:image:type\" content=\"image\/jpeg\" \/>\n<meta name=\"author\" content=\"Arquimaster\" \/>\n<meta name=\"twitter:card\" content=\"summary_large_image\" \/>\n<meta name=\"twitter:creator\" content=\"@arquimaster\" \/>\n<meta name=\"twitter:site\" content=\"@arquimaster\" \/>\n<meta name=\"twitter:label1\" content=\"Escrito por\" \/>\n\t<meta name=\"twitter:data1\" content=\"Arquimaster\" \/>\n\t<meta name=\"twitter:label2\" content=\"Tiempo de lectura\" \/>\n\t<meta name=\"twitter:data2\" content=\"4 minutos\" \/>\n<script type=\"application\/ld+json\" class=\"yoast-schema-graph\">{\"@context\":\"https:\\\/\\\/schema.org\",\"@graph\":[{\"@type\":\"Article\",\"@id\":\"https:\\\/\\\/www.arquimaster.com.ar\\\/web\\\/tendencias-2018-el-nuevo-desenfado-en-el-bano\\\/#article\",\"isPartOf\":{\"@id\":\"https:\\\/\\\/www.arquimaster.com.ar\\\/web\\\/tendencias-2018-el-nuevo-desenfado-en-el-bano\\\/\"},\"author\":{\"name\":\"Arquimaster\",\"@id\":\"https:\\\/\\\/www.arquimaster.com.ar\\\/web\\\/#\\\/schema\\\/person\\\/359e9f7c00193fcde068e0dd2ceb0028\"},\"headline\":\"Tendencias 2018: El nuevo desenfado en el ba\u00f1o\",\"datePublished\":\"2018-06-28T18:42:25+00:00\",\"dateModified\":\"2025-09-02T17:09:40+00:00\",\"mainEntityOfPage\":{\"@id\":\"https:\\\/\\\/www.arquimaster.com.ar\\\/web\\\/tendencias-2018-el-nuevo-desenfado-en-el-bano\\\/\"},\"wordCount\":899,\"publisher\":{\"@id\":\"https:\\\/\\\/www.arquimaster.com.ar\\\/web\\\/#organization\"},\"image\":{\"@id\":\"https:\\\/\\\/www.arquimaster.com.ar\\\/web\\\/tendencias-2018-el-nuevo-desenfado-en-el-bano\\\/#primaryimage\"},\"thumbnailUrl\":\"https:\\\/\\\/www.arquimaster.com.ar\\\/web\\\/wp-content\\\/uploads\\\/2018\\\/06\\\/tendencias_2018_duravit_slide.jpg\",\"keywords\":[\"ba\u00f1o\",\"cuarto de ba\u00f1o\",\"dise\u00f1o de ba\u00f1os\",\"Duravit\",\"muebles de ba\u00f1o\",\"sala de ba\u00f1o\"],\"articleSection\":[\"Dise\u00f1o\",\"Dise\u00f1o interior y decoracion\"],\"inLanguage\":\"es\"},{\"@type\":\"WebPage\",\"@id\":\"https:\\\/\\\/www.arquimaster.com.ar\\\/web\\\/tendencias-2018-el-nuevo-desenfado-en-el-bano\\\/\",\"url\":\"https:\\\/\\\/www.arquimaster.com.ar\\\/web\\\/tendencias-2018-el-nuevo-desenfado-en-el-bano\\\/\",\"name\":\"Tendencias 2018: El nuevo desenfado en el ba\u00f1o - Arquimaster\",\"isPartOf\":{\"@id\":\"https:\\\/\\\/www.arquimaster.com.ar\\\/web\\\/#website\"},\"primaryImageOfPage\":{\"@id\":\"https:\\\/\\\/www.arquimaster.com.ar\\\/web\\\/tendencias-2018-el-nuevo-desenfado-en-el-bano\\\/#primaryimage\"},\"image\":{\"@id\":\"https:\\\/\\\/www.arquimaster.com.ar\\\/web\\\/tendencias-2018-el-nuevo-desenfado-en-el-bano\\\/#primaryimage\"},\"thumbnailUrl\":\"https:\\\/\\\/www.arquimaster.com.ar\\\/web\\\/wp-content\\\/uploads\\\/2018\\\/06\\\/tendencias_2018_duravit_slide.jpg\",\"datePublished\":\"2018-06-28T18:42:25+00:00\",\"dateModified\":\"2025-09-02T17:09:40+00:00\",\"breadcrumb\":{\"@id\":\"https:\\\/\\\/www.arquimaster.com.ar\\\/web\\\/tendencias-2018-el-nuevo-desenfado-en-el-bano\\\/#breadcrumb\"},\"inLanguage\":\"es\",\"potentialAction\":[{\"@type\":\"ReadAction\",\"target\":[\"https:\\\/\\\/www.arquimaster.com.ar\\\/web\\\/tendencias-2018-el-nuevo-desenfado-en-el-bano\\\/\"]}]},{\"@type\":\"ImageObject\",\"inLanguage\":\"es\",\"@id\":\"https:\\\/\\\/www.arquimaster.com.ar\\\/web\\\/tendencias-2018-el-nuevo-desenfado-en-el-bano\\\/#primaryimage\",\"url\":\"https:\\\/\\\/www.arquimaster.com.ar\\\/web\\\/wp-content\\\/uploads\\\/2018\\\/06\\\/tendencias_2018_duravit_slide.jpg\",\"contentUrl\":\"https:\\\/\\\/www.arquimaster.com.ar\\\/web\\\/wp-content\\\/uploads\\\/2018\\\/06\\\/tendencias_2018_duravit_slide.jpg\",\"width\":642,\"height\":336},{\"@type\":\"BreadcrumbList\",\"@id\":\"https:\\\/\\\/www.arquimaster.com.ar\\\/web\\\/tendencias-2018-el-nuevo-desenfado-en-el-bano\\\/#breadcrumb\",\"itemListElement\":[{\"@type\":\"ListItem\",\"position\":1,\"name\":\"Portada\",\"item\":\"https:\\\/\\\/www.arquimaster.com.ar\\\/web\\\/\"},{\"@type\":\"ListItem\",\"position\":2,\"name\":\"Tendencias 2018: El nuevo desenfado en el ba\u00f1o\"}]},{\"@type\":\"WebSite\",\"@id\":\"https:\\\/\\\/www.arquimaster.com.ar\\\/web\\\/#website\",\"url\":\"https:\\\/\\\/www.arquimaster.com.ar\\\/web\\\/\",\"name\":\"Arquimaster\",\"description\":\"Web de arquitectura, dise\u00f1o y construccion\",\"publisher\":{\"@id\":\"https:\\\/\\\/www.arquimaster.com.ar\\\/web\\\/#organization\"},\"potentialAction\":[{\"@type\":\"SearchAction\",\"target\":{\"@type\":\"EntryPoint\",\"urlTemplate\":\"https:\\\/\\\/www.arquimaster.com.ar\\\/web\\\/?s={search_term_string}\"},\"query-input\":{\"@type\":\"PropertyValueSpecification\",\"valueRequired\":true,\"valueName\":\"search_term_string\"}}],\"inLanguage\":\"es\"},{\"@type\":\"Organization\",\"@id\":\"https:\\\/\\\/www.arquimaster.com.ar\\\/web\\\/#organization\",\"name\":\"Arquimaster\",\"url\":\"https:\\\/\\\/www.arquimaster.com.ar\\\/web\\\/\",\"logo\":{\"@type\":\"ImageObject\",\"inLanguage\":\"es\",\"@id\":\"https:\\\/\\\/www.arquimaster.com.ar\\\/web\\\/#\\\/schema\\\/logo\\\/image\\\/\",\"url\":\"https:\\\/\\\/www.arquimaster.com.ar\\\/web\\\/wp-content\\\/uploads\\\/2022\\\/06\\\/arquimaster.png\",\"contentUrl\":\"https:\\\/\\\/www.arquimaster.com.ar\\\/web\\\/wp-content\\\/uploads\\\/2022\\\/06\\\/arquimaster.png\",\"width\":594,\"height\":78,\"caption\":\"Arquimaster\"},\"image\":{\"@id\":\"https:\\\/\\\/www.arquimaster.com.ar\\\/web\\\/#\\\/schema\\\/logo\\\/image\\\/\"},\"sameAs\":[\"http:\\\/\\\/www.facebook.com\\\/ARQUIMASTER.com.ar\",\"https:\\\/\\\/x.com\\\/arquimaster\",\"https:\\\/\\\/www.instagram.com\\\/arquimasterblog\\\/\",\"https:\\\/\\\/www.linkedin.com\\\/company\\\/arquimaster\",\"https:\\\/\\\/www.pinterest.com\\\/arquimaster\",\"https:\\\/\\\/t.me\\\/arquimaster\"]},{\"@type\":\"Person\",\"@id\":\"https:\\\/\\\/www.arquimaster.com.ar\\\/web\\\/#\\\/schema\\\/person\\\/359e9f7c00193fcde068e0dd2ceb0028\",\"name\":\"Arquimaster\"}]}<\/script>\n<!-- \/ Yoast SEO plugin. -->","yoast_head_json":{"title":"Tendencias 2018: El nuevo desenfado en el ba\u00f1o - Arquimaster","robots":{"index":"index","follow":"follow","max-snippet":"max-snippet:-1","max-image-preview":"max-image-preview:large","max-video-preview":"max-video-preview:-1"},"canonical":"https:\/\/www.arquimaster.com.ar\/web\/tendencias-2018-el-nuevo-desenfado-en-el-bano\/","og_locale":"es_ES","og_type":"article","og_title":"Tendencias 2018: El nuevo desenfado en el ba\u00f1o - Arquimaster","og_description":"Tonos c\u00e1lidos de la madera, colores pastel, el tono sobre tono y los colores intensos...","og_url":"https:\/\/www.arquimaster.com.ar\/web\/tendencias-2018-el-nuevo-desenfado-en-el-bano\/","og_site_name":"Arquimaster","article_publisher":"http:\/\/www.facebook.com\/ARQUIMASTER.com.ar","article_published_time":"2018-06-28T18:42:25+00:00","article_modified_time":"2025-09-02T17:09:40+00:00","og_image":[{"width":642,"height":336,"url":"https:\/\/www.arquimaster.com.ar\/web\/wp-content\/uploads\/2018\/06\/tendencias_2018_duravit_slide.jpg","type":"image\/jpeg"}],"author":"Arquimaster","twitter_card":"summary_large_image","twitter_creator":"@arquimaster","twitter_site":"@arquimaster","twitter_misc":{"Escrito por":"Arquimaster","Tiempo de lectura":"4 minutos"},"schema":{"@context":"https:\/\/schema.org","@graph":[{"@type":"Article","@id":"https:\/\/www.arquimaster.com.ar\/web\/tendencias-2018-el-nuevo-desenfado-en-el-bano\/#article","isPartOf":{"@id":"https:\/\/www.arquimaster.com.ar\/web\/tendencias-2018-el-nuevo-desenfado-en-el-bano\/"},"author":{"name":"Arquimaster","@id":"https:\/\/www.arquimaster.com.ar\/web\/#\/schema\/person\/359e9f7c00193fcde068e0dd2ceb0028"},"headline":"Tendencias 2018: El nuevo desenfado en el ba\u00f1o","datePublished":"2018-06-28T18:42:25+00:00","dateModified":"2025-09-02T17:09:40+00:00","mainEntityOfPage":{"@id":"https:\/\/www.arquimaster.com.ar\/web\/tendencias-2018-el-nuevo-desenfado-en-el-bano\/"},"wordCount":899,"publisher":{"@id":"https:\/\/www.arquimaster.com.ar\/web\/#organization"},"image":{"@id":"https:\/\/www.arquimaster.com.ar\/web\/tendencias-2018-el-nuevo-desenfado-en-el-bano\/#primaryimage"},"thumbnailUrl":"https:\/\/www.arquimaster.com.ar\/web\/wp-content\/uploads\/2018\/06\/tendencias_2018_duravit_slide.jpg","keywords":["ba\u00f1o","cuarto de ba\u00f1o","dise\u00f1o de ba\u00f1os","Duravit","muebles de ba\u00f1o","sala de ba\u00f1o"],"articleSection":["Dise\u00f1o","Dise\u00f1o interior y decoracion"],"inLanguage":"es"},{"@type":"WebPage","@id":"https:\/\/www.arquimaster.com.ar\/web\/tendencias-2018-el-nuevo-desenfado-en-el-bano\/","url":"https:\/\/www.arquimaster.com.ar\/web\/tendencias-2018-el-nuevo-desenfado-en-el-bano\/","name":"Tendencias 2018: El nuevo desenfado en el ba\u00f1o - Arquimaster","isPartOf":{"@id":"https:\/\/www.arquimaster.com.ar\/web\/#website"},"primaryImageOfPage":{"@id":"https:\/\/www.arquimaster.com.ar\/web\/tendencias-2018-el-nuevo-desenfado-en-el-bano\/#primaryimage"},"image":{"@id":"https:\/\/www.arquimaster.com.ar\/web\/tendencias-2018-el-nuevo-desenfado-en-el-bano\/#primaryimage"},"thumbnailUrl":"https:\/\/www.arquimaster.com.ar\/web\/wp-content\/uploads\/2018\/06\/tendencias_2018_duravit_slide.jpg","datePublished":"2018-06-28T18:42:25+00:00","dateModified":"2025-09-02T17:09:40+00:00","breadcrumb":{"@id":"https:\/\/www.arquimaster.com.ar\/web\/tendencias-2018-el-nuevo-desenfado-en-el-bano\/#breadcrumb"},"inLanguage":"es","potentialAction":[{"@type":"ReadAction","target":["https:\/\/www.arquimaster.com.ar\/web\/tendencias-2018-el-nuevo-desenfado-en-el-bano\/"]}]},{"@type":"ImageObject","inLanguage":"es","@id":"https:\/\/www.arquimaster.com.ar\/web\/tendencias-2018-el-nuevo-desenfado-en-el-bano\/#primaryimage","url":"https:\/\/www.arquimaster.com.ar\/web\/wp-content\/uploads\/2018\/06\/tendencias_2018_duravit_slide.jpg","contentUrl":"https:\/\/www.arquimaster.com.ar\/web\/wp-content\/uploads\/2018\/06\/tendencias_2018_duravit_slide.jpg","width":642,"height":336},{"@type":"BreadcrumbList","@id":"https:\/\/www.arquimaster.com.ar\/web\/tendencias-2018-el-nuevo-desenfado-en-el-bano\/#breadcrumb","itemListElement":[{"@type":"ListItem","position":1,"name":"Portada","item":"https:\/\/www.arquimaster.com.ar\/web\/"},{"@type":"ListItem","position":2,"name":"Tendencias 2018: El nuevo desenfado en el ba\u00f1o"}]},{"@type":"WebSite","@id":"https:\/\/www.arquimaster.com.ar\/web\/#website","url":"https:\/\/www.arquimaster.com.ar\/web\/","name":"Arquimaster","description":"Web de arquitectura, dise\u00f1o y construccion","publisher":{"@id":"https:\/\/www.arquimaster.com.ar\/web\/#organization"},"potentialAction":[{"@type":"SearchAction","target":{"@type":"EntryPoint","urlTemplate":"https:\/\/www.arquimaster.com.ar\/web\/?s={search_term_string}"},"query-input":{"@type":"PropertyValueSpecification","valueRequired":true,"valueName":"search_term_string"}}],"inLanguage":"es"},{"@type":"Organization","@id":"https:\/\/www.arquimaster.com.ar\/web\/#organization","name":"Arquimaster","url":"https:\/\/www.arquimaster.com.ar\/web\/","logo":{"@type":"ImageObject","inLanguage":"es","@id":"https:\/\/www.arquimaster.com.ar\/web\/#\/schema\/logo\/image\/","url":"https:\/\/www.arquimaster.com.ar\/web\/wp-content\/uploads\/2022\/06\/arquimaster.png","contentUrl":"https:\/\/www.arquimaster.com.ar\/web\/wp-content\/uploads\/2022\/06\/arquimaster.png","width":594,"height":78,"caption":"Arquimaster"},"image":{"@id":"https:\/\/www.arquimaster.com.ar\/web\/#\/schema\/logo\/image\/"},"sameAs":["http:\/\/www.facebook.com\/ARQUIMASTER.com.ar","https:\/\/x.com\/arquimaster","https:\/\/www.instagram.com\/arquimasterblog\/","https:\/\/www.linkedin.com\/company\/arquimaster","https:\/\/www.pinterest.com\/arquimaster","https:\/\/t.me\/arquimaster"]},{"@type":"Person","@id":"https:\/\/www.arquimaster.com.ar\/web\/#\/schema\/person\/359e9f7c00193fcde068e0dd2ceb0028","name":"Arquimaster"}]}},"uagb_featured_image_src":{"full":["https:\/\/www.arquimaster.com.ar\/web\/wp-content\/uploads\/2018\/06\/tendencias_2018_duravit_slide.jpg",642,336,false],"thumbnail":["https:\/\/www.arquimaster.com.ar\/web\/wp-content\/uploads\/2018\/06\/tendencias_2018_duravit_slide-150x150.jpg",150,150,true],"medium":["https:\/\/www.arquimaster.com.ar\/web\/wp-content\/uploads\/2018\/06\/tendencias_2018_duravit_slide.jpg",642,336,false],"medium_large":["https:\/\/www.arquimaster.com.ar\/web\/wp-content\/uploads\/2018\/06\/tendencias_2018_duravit_slide.jpg",642,336,false],"large":["https:\/\/www.arquimaster.com.ar\/web\/wp-content\/uploads\/2018\/06\/tendencias_2018_duravit_slide.jpg",642,336,false],"1536x1536":["https:\/\/www.arquimaster.com.ar\/web\/wp-content\/uploads\/2018\/06\/tendencias_2018_duravit_slide.jpg",642,336,false],"2048x2048":["https:\/\/www.arquimaster.com.ar\/web\/wp-content\/uploads\/2018\/06\/tendencias_2018_duravit_slide.jpg",642,336,false]},"uagb_author_info":{"display_name":"Arquimaster","author_link":"https:\/\/www.arquimaster.com.ar\/web\/author\/arquimaster\/"},"uagb_comment_info":0,"uagb_excerpt":"Tonos c\u00e1lidos de la madera, colores pastel, el tono sobre tono y los colores intensos...","_links":{"self":[{"href":"https:\/\/www.arquimaster.com.ar\/web\/wp-json\/wp\/v2\/posts\/30552","targetHints":{"allow":["GET"]}}],"collection":[{"href":"https:\/\/www.arquimaster.com.ar\/web\/wp-json\/wp\/v2\/posts"}],"about":[{"href":"https:\/\/www.arquimaster.com.ar\/web\/wp-json\/wp\/v2\/types\/post"}],"author":[{"embeddable":true,"href":"https:\/\/www.arquimaster.com.ar\/web\/wp-json\/wp\/v2\/users\/1"}],"replies":[{"embeddable":true,"href":"https:\/\/www.arquimaster.com.ar\/web\/wp-json\/wp\/v2\/comments?post=30552"}],"version-history":[{"count":1,"href":"https:\/\/www.arquimaster.com.ar\/web\/wp-json\/wp\/v2\/posts\/30552\/revisions"}],"predecessor-version":[{"id":85878,"href":"https:\/\/www.arquimaster.com.ar\/web\/wp-json\/wp\/v2\/posts\/30552\/revisions\/85878"}],"wp:featuredmedia":[{"embeddable":true,"href":"https:\/\/www.arquimaster.com.ar\/web\/wp-json\/wp\/v2\/media\/30554"}],"wp:attachment":[{"href":"https:\/\/www.arquimaster.com.ar\/web\/wp-json\/wp\/v2\/media?parent=30552"}],"wp:term":[{"taxonomy":"category","embeddable":true,"href":"https:\/\/www.arquimaster.com.ar\/web\/wp-json\/wp\/v2\/categories?post=30552"},{"taxonomy":"post_tag","embeddable":true,"href":"https:\/\/www.arquimaster.com.ar\/web\/wp-json\/wp\/v2\/tags?post=30552"}],"curies":[{"name":"wp","href":"https:\/\/api.w.org\/{rel}","templated":true}]}}