{"id":31225,"date":"2018-08-20T19:30:30","date_gmt":"2018-08-20T19:30:30","guid":{"rendered":"http:\/\/www.arquimaster.com.ar\/web\/?p=31225"},"modified":"2018-08-23T19:53:49","modified_gmt":"2018-08-23T19:53:49","slug":"proyecto-nuevo-parque-balneario-y-renovacion-de-la-plaza-san-martin-pereyra-matos-gonzalez-martinez-tolosa","status":"publish","type":"post","link":"https:\/\/www.arquimaster.com.ar\/web\/proyecto-nuevo-parque-balneario-y-renovacion-de-la-plaza-san-martin-pereyra-matos-gonzalez-martinez-tolosa\/","title":{"rendered":"Proyecto Nuevo Parque Balneario y Renovaci\u00f3n de la Plaza San Mart\u00edn \/ Pereyra, Matos, Gonz\u00e1lez Mart\u00ednez, Tolosa"},"content":{"rendered":"<div style=\"margin-top: 0px; margin-bottom: 0px;\" class=\"sharethis-inline-share-buttons\" ><\/div><div class=\"b812932af2e751442846f039925109de\" data-index=\"1\" style=\"float: none; margin:25px 0 25px 0; text-align:center;\">\n<script async src=\"https:\/\/pagead2.googlesyndication.com\/pagead\/js\/adsbygoogle.js\"><\/script>\r\n<!-- Arquimaster (superior) -->\r\n<ins class=\"adsbygoogle\"\r\n     style=\"display:block\"\r\n     data-ad-client=\"ca-pub-6351072698456832\"\r\n     data-ad-slot=\"6455489680\"\r\n     data-ad-format=\"auto\"\r\n     data-full-width-responsive=\"true\"><\/ins>\r\n<script>\r\n     (adsbygoogle = window.adsbygoogle || []).push({});\r\n<\/script>\n<\/div>\n<p><strong>Proyecto Nuevo Parque Balneario y Renovaci\u00f3n de la Plaza San Mart\u00edn<\/strong> (Rio Tercero, Provincia de C\u00f3rdoba, Argentina) por<strong> Arquitectos Ignacio Pereyra, Fernando Matos, Facundo Gonz\u00e1lez Mart\u00ednez, Fabian Tolosa<\/strong>. El proyecto obtuvo el Primer Premio en el Concurso Nacional de Ideas Nuevo Parque Balneario y Renovaci\u00f3n de la Plaza San Mart\u00edn de la ciudad de R\u00edo Tercero, C\u00f3rdoba. El mismo fue promovido por la Municipalidad de Rio Tercero (Provincia de C\u00f3rdoba, Argentina), organizado por el Colegio de Arquitectos de la Provincia de C\u00f3rdoba y auspiciado por la Federaci\u00f3n Argentina de Entidades de Arquitectos (FADEA).<\/p>\n<p>Proyectar en el espacio p\u00fablico de la ciudad de Rio Tercero implica reflexionar sobre su identidad dada por los rasgos del soporte f\u00edsico-natural (su topograf\u00eda, el rio Ctalamochita y sus meandros), por sus componentes socio-culturales (su trazado, boulevares, FFCC, instituciones, la actividad agr\u00edcola e industrial) y sus representantes del deporte que la dieron a conocer como \u00abcuna de campeones\u00bb.<\/p>\n<p>A los fines que estos componentes, parte de su historia y la memoria de su comunidad, constituyan un sistema de espacios abiertos urbanos p\u00fablicos, se propone conformar dos circuitos articulados fortalecidos por la diversidad de relaciones que posibiliten.<\/p>\n<p><strong>Circuito Cultural<\/strong>: Conectando, los principales espacios p\u00fablicos, boulevares, instituciones y construcciones de valor patrimonial, simb\u00f3lico y cultural, destacando el rol de la Plaza San Martin como \u00abCentro C\u00edvico\u00bb de la Ciudad.<\/p>\n<p><strong>Circuito de Salud<\/strong>: Mediante un sistema de ciclov\u00edas que incluyen en su recorrido a los principales espacios p\u00fablicos, consagrando al r\u00edo como \u00abInfraestructura de servicios ambientales\u00bb sobre la base de su rol \u00abRecreativo-Deportivo-Cultural\u00bb que fortalece la identidad de la ciudad.<\/p>\n<div id='gallery-1' class='gallery galleryid-31225 gallery-columns-3 gallery-size-thumbnail'><figure class='gallery-item'>\n\t\t\t<div class='gallery-icon landscape'>\n\t\t\t\t<a href='https:\/\/www.arquimaster.com.ar\/web\/wp-content\/uploads\/2018\/08\/proyecto_plaza_blaneario1.jpg' title=\"Proyecto Nuevo Parque Balneario y Renovaci\u00f3n de la Plaza San Mart\u00edn \/ Pereyra, Matos, Gonz\u00e1lez Mart\u00ednez, Tolosa (plaza)\" data-rl_title=\"Proyecto Nuevo Parque Balneario y Renovaci\u00f3n de la Plaza San Mart\u00edn \/ Pereyra, Matos, Gonz\u00e1lez Mart\u00ednez, Tolosa (plaza)\" class=\"rl-gallery-link\" data-rl_caption=\"Proyecto Nuevo Parque Balneario y Renovaci\u00f3n de la Plaza San Mart\u00edn \/ Pereyra, Matos, Gonz\u00e1lez Mart\u00ednez, Tolosa (plaza)\" data-rel=\"lightbox-gallery-1\"><img loading=\"lazy\" decoding=\"async\" width=\"150\" height=\"150\" src=\"https:\/\/www.arquimaster.com.ar\/web\/wp-content\/uploads\/2018\/08\/proyecto_plaza_blaneario1-150x150.jpg\" class=\"attachment-thumbnail size-thumbnail\" alt=\"\" aria-describedby=\"gallery-1-31227\" srcset=\"https:\/\/www.arquimaster.com.ar\/web\/wp-content\/uploads\/2018\/08\/proyecto_plaza_blaneario1-150x150.jpg 150w, https:\/\/www.arquimaster.com.ar\/web\/wp-content\/uploads\/2018\/08\/proyecto_plaza_blaneario1-50x50.jpg 50w, https:\/\/www.arquimaster.com.ar\/web\/wp-content\/uploads\/2018\/08\/proyecto_plaza_blaneario1-125x125.jpg 125w\" sizes=\"auto, (max-width: 150px) 100vw, 150px\" \/><\/a>\n\t\t\t<\/div>\n\t\t\t\t<figcaption class='wp-caption-text gallery-caption' id='gallery-1-31227'>\n\t\t\t\tProyecto Nuevo Parque Balneario y Renovaci\u00f3n de la Plaza San Mart\u00edn \/ Pereyra, Matos, Gonz\u00e1lez Mart\u00ednez, Tolosa (plaza)\n\t\t\t\t<\/figcaption><\/figure><figure class='gallery-item'>\n\t\t\t<div class='gallery-icon landscape'>\n\t\t\t\t<a href='https:\/\/www.arquimaster.com.ar\/web\/wp-content\/uploads\/2018\/08\/proyecto_plaza_blaneario2.jpg' title=\"Proyecto Nuevo Parque Balneario y Renovaci\u00f3n de la Plaza San Mart\u00edn \/ Pereyra, Matos, Gonz\u00e1lez Mart\u00ednez, Tolosa (plaza)\" data-rl_title=\"Proyecto Nuevo Parque Balneario y Renovaci\u00f3n de la Plaza San Mart\u00edn \/ Pereyra, Matos, Gonz\u00e1lez Mart\u00ednez, Tolosa (plaza)\" class=\"rl-gallery-link\" data-rl_caption=\"Proyecto Nuevo Parque Balneario y Renovaci\u00f3n de la Plaza San Mart\u00edn \/ Pereyra, Matos, Gonz\u00e1lez Mart\u00ednez, Tolosa (plaza)\" data-rel=\"lightbox-gallery-1\"><img loading=\"lazy\" decoding=\"async\" width=\"150\" height=\"150\" src=\"https:\/\/www.arquimaster.com.ar\/web\/wp-content\/uploads\/2018\/08\/proyecto_plaza_blaneario2-150x150.jpg\" class=\"attachment-thumbnail size-thumbnail\" alt=\"\" aria-describedby=\"gallery-1-31228\" srcset=\"https:\/\/www.arquimaster.com.ar\/web\/wp-content\/uploads\/2018\/08\/proyecto_plaza_blaneario2-150x150.jpg 150w, https:\/\/www.arquimaster.com.ar\/web\/wp-content\/uploads\/2018\/08\/proyecto_plaza_blaneario2-50x50.jpg 50w, https:\/\/www.arquimaster.com.ar\/web\/wp-content\/uploads\/2018\/08\/proyecto_plaza_blaneario2-125x125.jpg 125w\" sizes=\"auto, (max-width: 150px) 100vw, 150px\" \/><\/a>\n\t\t\t<\/div>\n\t\t\t\t<figcaption class='wp-caption-text gallery-caption' id='gallery-1-31228'>\n\t\t\t\tProyecto Nuevo Parque Balneario y Renovaci\u00f3n de la Plaza San Mart\u00edn \/ Pereyra, Matos, Gonz\u00e1lez Mart\u00ednez, Tolosa (plaza)\n\t\t\t\t<\/figcaption><\/figure><figure class='gallery-item'>\n\t\t\t<div class='gallery-icon landscape'>\n\t\t\t\t<a href='https:\/\/www.arquimaster.com.ar\/web\/wp-content\/uploads\/2018\/08\/proyecto_plaza_blaneario3.jpg' title=\"Proyecto Nuevo Parque Balneario y Renovaci\u00f3n de la Plaza San Mart\u00edn \/ Pereyra, Matos, Gonz\u00e1lez Mart\u00ednez, Tolosa (plaza)\" data-rl_title=\"Proyecto Nuevo Parque Balneario y Renovaci\u00f3n de la Plaza San Mart\u00edn \/ Pereyra, Matos, Gonz\u00e1lez Mart\u00ednez, Tolosa (plaza)\" class=\"rl-gallery-link\" data-rl_caption=\"Proyecto Nuevo Parque Balneario y Renovaci\u00f3n de la Plaza San Mart\u00edn \/ Pereyra, Matos, Gonz\u00e1lez Mart\u00ednez, Tolosa (plaza)\" data-rel=\"lightbox-gallery-1\"><img loading=\"lazy\" decoding=\"async\" width=\"150\" height=\"150\" src=\"https:\/\/www.arquimaster.com.ar\/web\/wp-content\/uploads\/2018\/08\/proyecto_plaza_blaneario3-150x150.jpg\" class=\"attachment-thumbnail size-thumbnail\" alt=\"\" aria-describedby=\"gallery-1-31229\" srcset=\"https:\/\/www.arquimaster.com.ar\/web\/wp-content\/uploads\/2018\/08\/proyecto_plaza_blaneario3-150x150.jpg 150w, https:\/\/www.arquimaster.com.ar\/web\/wp-content\/uploads\/2018\/08\/proyecto_plaza_blaneario3-50x50.jpg 50w, https:\/\/www.arquimaster.com.ar\/web\/wp-content\/uploads\/2018\/08\/proyecto_plaza_blaneario3-125x125.jpg 125w\" sizes=\"auto, (max-width: 150px) 100vw, 150px\" \/><\/a>\n\t\t\t<\/div>\n\t\t\t\t<figcaption class='wp-caption-text gallery-caption' id='gallery-1-31229'>\n\t\t\t\tProyecto Nuevo Parque Balneario y Renovaci\u00f3n de la Plaza San Mart\u00edn \/ Pereyra, Matos, Gonz\u00e1lez Mart\u00ednez, Tolosa (plaza)\n\t\t\t\t<\/figcaption><\/figure><figure class='gallery-item'>\n\t\t\t<div class='gallery-icon landscape'>\n\t\t\t\t<a href='https:\/\/www.arquimaster.com.ar\/web\/wp-content\/uploads\/2018\/08\/proyecto_plaza_blaneario4.jpg' title=\"Proyecto Nuevo Parque Balneario y Renovaci\u00f3n de la Plaza San Mart\u00edn \/ Pereyra, Matos, Gonz\u00e1lez Mart\u00ednez, Tolosa (plaza)\" data-rl_title=\"Proyecto Nuevo Parque Balneario y Renovaci\u00f3n de la Plaza San Mart\u00edn \/ Pereyra, Matos, Gonz\u00e1lez Mart\u00ednez, Tolosa (plaza)\" class=\"rl-gallery-link\" data-rl_caption=\"Proyecto Nuevo Parque Balneario y Renovaci\u00f3n de la Plaza San Mart\u00edn \/ Pereyra, Matos, Gonz\u00e1lez Mart\u00ednez, Tolosa (plaza)\" data-rel=\"lightbox-gallery-1\"><img loading=\"lazy\" decoding=\"async\" width=\"150\" height=\"150\" src=\"https:\/\/www.arquimaster.com.ar\/web\/wp-content\/uploads\/2018\/08\/proyecto_plaza_blaneario4-150x150.jpg\" class=\"attachment-thumbnail size-thumbnail\" alt=\"\" aria-describedby=\"gallery-1-31230\" srcset=\"https:\/\/www.arquimaster.com.ar\/web\/wp-content\/uploads\/2018\/08\/proyecto_plaza_blaneario4-150x150.jpg 150w, https:\/\/www.arquimaster.com.ar\/web\/wp-content\/uploads\/2018\/08\/proyecto_plaza_blaneario4-50x50.jpg 50w, https:\/\/www.arquimaster.com.ar\/web\/wp-content\/uploads\/2018\/08\/proyecto_plaza_blaneario4-125x125.jpg 125w\" sizes=\"auto, (max-width: 150px) 100vw, 150px\" \/><\/a>\n\t\t\t<\/div>\n\t\t\t\t<figcaption class='wp-caption-text gallery-caption' id='gallery-1-31230'>\n\t\t\t\tProyecto Nuevo Parque Balneario y Renovaci\u00f3n de la Plaza San Mart\u00edn \/ Pereyra, Matos, Gonz\u00e1lez Mart\u00ednez, Tolosa (plaza)\n\t\t\t\t<\/figcaption><\/figure><figure class='gallery-item'>\n\t\t\t<div class='gallery-icon landscape'>\n\t\t\t\t<a href='https:\/\/www.arquimaster.com.ar\/web\/wp-content\/uploads\/2018\/08\/proyecto_plaza_blaneario5.jpg' title=\"Proyecto Nuevo Parque Balneario y Renovaci\u00f3n de la Plaza San Mart\u00edn \/ Pereyra, Matos, Gonz\u00e1lez Mart\u00ednez, Tolosa (balneario)\" data-rl_title=\"Proyecto Nuevo Parque Balneario y Renovaci\u00f3n de la Plaza San Mart\u00edn \/ Pereyra, Matos, Gonz\u00e1lez Mart\u00ednez, Tolosa (balneario)\" class=\"rl-gallery-link\" data-rl_caption=\"Proyecto Nuevo Parque Balneario y Renovaci\u00f3n de la Plaza San Mart\u00edn \/ Pereyra, Matos, Gonz\u00e1lez Mart\u00ednez, Tolosa (balneario)\" data-rel=\"lightbox-gallery-1\"><img loading=\"lazy\" decoding=\"async\" width=\"150\" height=\"150\" src=\"https:\/\/www.arquimaster.com.ar\/web\/wp-content\/uploads\/2018\/08\/proyecto_plaza_blaneario5-150x150.jpg\" class=\"attachment-thumbnail size-thumbnail\" alt=\"\" aria-describedby=\"gallery-1-31231\" srcset=\"https:\/\/www.arquimaster.com.ar\/web\/wp-content\/uploads\/2018\/08\/proyecto_plaza_blaneario5-150x150.jpg 150w, https:\/\/www.arquimaster.com.ar\/web\/wp-content\/uploads\/2018\/08\/proyecto_plaza_blaneario5-50x50.jpg 50w, https:\/\/www.arquimaster.com.ar\/web\/wp-content\/uploads\/2018\/08\/proyecto_plaza_blaneario5-125x125.jpg 125w\" sizes=\"auto, (max-width: 150px) 100vw, 150px\" \/><\/a>\n\t\t\t<\/div>\n\t\t\t\t<figcaption class='wp-caption-text gallery-caption' id='gallery-1-31231'>\n\t\t\t\tProyecto Nuevo Parque Balneario y Renovaci\u00f3n de la Plaza San Mart\u00edn \/ Pereyra, Matos, Gonz\u00e1lez Mart\u00ednez, Tolosa (balneario)\n\t\t\t\t<\/figcaption><\/figure><figure class='gallery-item'>\n\t\t\t<div class='gallery-icon landscape'>\n\t\t\t\t<a href='https:\/\/www.arquimaster.com.ar\/web\/wp-content\/uploads\/2018\/08\/proyecto_plaza_blaneario6.jpg' title=\"Proyecto Nuevo Parque Balneario y Renovaci\u00f3n de la Plaza San Mart\u00edn \/ Pereyra, Matos, Gonz\u00e1lez Mart\u00ednez, Tolosa (balneario)\" data-rl_title=\"Proyecto Nuevo Parque Balneario y Renovaci\u00f3n de la Plaza San Mart\u00edn \/ Pereyra, Matos, Gonz\u00e1lez Mart\u00ednez, Tolosa (balneario)\" class=\"rl-gallery-link\" data-rl_caption=\"Proyecto Nuevo Parque Balneario y Renovaci\u00f3n de la Plaza San Mart\u00edn \/ Pereyra, Matos, Gonz\u00e1lez Mart\u00ednez, Tolosa (balneario)\" data-rel=\"lightbox-gallery-1\"><img loading=\"lazy\" decoding=\"async\" width=\"150\" height=\"150\" src=\"https:\/\/www.arquimaster.com.ar\/web\/wp-content\/uploads\/2018\/08\/proyecto_plaza_blaneario6-150x150.jpg\" class=\"attachment-thumbnail size-thumbnail\" alt=\"\" aria-describedby=\"gallery-1-31232\" srcset=\"https:\/\/www.arquimaster.com.ar\/web\/wp-content\/uploads\/2018\/08\/proyecto_plaza_blaneario6-150x150.jpg 150w, https:\/\/www.arquimaster.com.ar\/web\/wp-content\/uploads\/2018\/08\/proyecto_plaza_blaneario6-50x50.jpg 50w, https:\/\/www.arquimaster.com.ar\/web\/wp-content\/uploads\/2018\/08\/proyecto_plaza_blaneario6-125x125.jpg 125w\" sizes=\"auto, (max-width: 150px) 100vw, 150px\" \/><\/a>\n\t\t\t<\/div>\n\t\t\t\t<figcaption class='wp-caption-text gallery-caption' id='gallery-1-31232'>\n\t\t\t\tProyecto Nuevo Parque Balneario y Renovaci\u00f3n de la Plaza San Mart\u00edn \/ Pereyra, Matos, Gonz\u00e1lez Mart\u00ednez, Tolosa (balneario)\n\t\t\t\t<\/figcaption><\/figure><figure class='gallery-item'>\n\t\t\t<div class='gallery-icon landscape'>\n\t\t\t\t<a href='https:\/\/www.arquimaster.com.ar\/web\/wp-content\/uploads\/2018\/08\/proyecto_plaza_blaneario7.jpg' title=\"Proyecto Nuevo Parque Balneario y Renovaci\u00f3n de la Plaza San Mart\u00edn \/ Pereyra, Matos, Gonz\u00e1lez Mart\u00ednez, Tolosa (balneario)\" data-rl_title=\"Proyecto Nuevo Parque Balneario y Renovaci\u00f3n de la Plaza San Mart\u00edn \/ Pereyra, Matos, Gonz\u00e1lez Mart\u00ednez, Tolosa (balneario)\" class=\"rl-gallery-link\" data-rl_caption=\"Proyecto Nuevo Parque Balneario y Renovaci\u00f3n de la Plaza San Mart\u00edn \/ Pereyra, Matos, Gonz\u00e1lez Mart\u00ednez, Tolosa (balneario)\" data-rel=\"lightbox-gallery-1\"><img loading=\"lazy\" decoding=\"async\" width=\"150\" height=\"150\" src=\"https:\/\/www.arquimaster.com.ar\/web\/wp-content\/uploads\/2018\/08\/proyecto_plaza_blaneario7-150x150.jpg\" class=\"attachment-thumbnail size-thumbnail\" alt=\"\" aria-describedby=\"gallery-1-31233\" srcset=\"https:\/\/www.arquimaster.com.ar\/web\/wp-content\/uploads\/2018\/08\/proyecto_plaza_blaneario7-150x150.jpg 150w, https:\/\/www.arquimaster.com.ar\/web\/wp-content\/uploads\/2018\/08\/proyecto_plaza_blaneario7-50x50.jpg 50w, https:\/\/www.arquimaster.com.ar\/web\/wp-content\/uploads\/2018\/08\/proyecto_plaza_blaneario7-125x125.jpg 125w\" sizes=\"auto, (max-width: 150px) 100vw, 150px\" \/><\/a>\n\t\t\t<\/div>\n\t\t\t\t<figcaption class='wp-caption-text gallery-caption' id='gallery-1-31233'>\n\t\t\t\tProyecto Nuevo Parque Balneario y Renovaci\u00f3n de la Plaza San Mart\u00edn \/ Pereyra, Matos, Gonz\u00e1lez Mart\u00ednez, Tolosa (balneario)\n\t\t\t\t<\/figcaption><\/figure><figure class='gallery-item'>\n\t\t\t<div class='gallery-icon landscape'>\n\t\t\t\t<a href='https:\/\/www.arquimaster.com.ar\/web\/wp-content\/uploads\/2018\/08\/proyecto_plaza_blaneario8.jpg' title=\"Proyecto Nuevo Parque Balneario y Renovaci\u00f3n de la Plaza San Mart\u00edn \/ Pereyra, Matos, Gonz\u00e1lez Mart\u00ednez, Tolosa (balneario)\" data-rl_title=\"Proyecto Nuevo Parque Balneario y Renovaci\u00f3n de la Plaza San Mart\u00edn \/ Pereyra, Matos, Gonz\u00e1lez Mart\u00ednez, Tolosa (balneario)\" class=\"rl-gallery-link\" data-rl_caption=\"Proyecto Nuevo Parque Balneario y Renovaci\u00f3n de la Plaza San Mart\u00edn \/ Pereyra, Matos, Gonz\u00e1lez Mart\u00ednez, Tolosa (balneario)\" data-rel=\"lightbox-gallery-1\"><img loading=\"lazy\" decoding=\"async\" width=\"150\" height=\"150\" src=\"https:\/\/www.arquimaster.com.ar\/web\/wp-content\/uploads\/2018\/08\/proyecto_plaza_blaneario8-150x150.jpg\" class=\"attachment-thumbnail size-thumbnail\" alt=\"\" aria-describedby=\"gallery-1-31234\" srcset=\"https:\/\/www.arquimaster.com.ar\/web\/wp-content\/uploads\/2018\/08\/proyecto_plaza_blaneario8-150x150.jpg 150w, https:\/\/www.arquimaster.com.ar\/web\/wp-content\/uploads\/2018\/08\/proyecto_plaza_blaneario8-50x50.jpg 50w, https:\/\/www.arquimaster.com.ar\/web\/wp-content\/uploads\/2018\/08\/proyecto_plaza_blaneario8-125x125.jpg 125w\" sizes=\"auto, (max-width: 150px) 100vw, 150px\" \/><\/a>\n\t\t\t<\/div>\n\t\t\t\t<figcaption class='wp-caption-text gallery-caption' id='gallery-1-31234'>\n\t\t\t\tProyecto Nuevo Parque Balneario y Renovaci\u00f3n de la Plaza San Mart\u00edn \/ Pereyra, Matos, Gonz\u00e1lez Mart\u00ednez, Tolosa (balneario)\n\t\t\t\t<\/figcaption><\/figure><figure class='gallery-item'>\n\t\t\t<div class='gallery-icon landscape'>\n\t\t\t\t<a href='https:\/\/www.arquimaster.com.ar\/web\/wp-content\/uploads\/2018\/08\/proyecto_plaza_blaneario9.jpg' title=\"Proyecto Nuevo Parque Balneario y Renovaci\u00f3n de la Plaza San Mart\u00edn \/ Pereyra, Matos, Gonz\u00e1lez Mart\u00ednez, Tolosa (balneario)\" data-rl_title=\"Proyecto Nuevo Parque Balneario y Renovaci\u00f3n de la Plaza San Mart\u00edn \/ Pereyra, Matos, Gonz\u00e1lez Mart\u00ednez, Tolosa (balneario)\" class=\"rl-gallery-link\" data-rl_caption=\"Proyecto Nuevo Parque Balneario y Renovaci\u00f3n de la Plaza San Mart\u00edn \/ Pereyra, Matos, Gonz\u00e1lez Mart\u00ednez, Tolosa (balneario)\" data-rel=\"lightbox-gallery-1\"><img loading=\"lazy\" decoding=\"async\" width=\"150\" height=\"150\" src=\"https:\/\/www.arquimaster.com.ar\/web\/wp-content\/uploads\/2018\/08\/proyecto_plaza_blaneario9-150x150.jpg\" class=\"attachment-thumbnail size-thumbnail\" alt=\"\" aria-describedby=\"gallery-1-31235\" srcset=\"https:\/\/www.arquimaster.com.ar\/web\/wp-content\/uploads\/2018\/08\/proyecto_plaza_blaneario9-150x150.jpg 150w, https:\/\/www.arquimaster.com.ar\/web\/wp-content\/uploads\/2018\/08\/proyecto_plaza_blaneario9-50x50.jpg 50w, https:\/\/www.arquimaster.com.ar\/web\/wp-content\/uploads\/2018\/08\/proyecto_plaza_blaneario9-125x125.jpg 125w\" sizes=\"auto, (max-width: 150px) 100vw, 150px\" \/><\/a>\n\t\t\t<\/div>\n\t\t\t\t<figcaption class='wp-caption-text gallery-caption' id='gallery-1-31235'>\n\t\t\t\tProyecto Nuevo Parque Balneario y Renovaci\u00f3n de la Plaza San Mart\u00edn \/ Pereyra, Matos, Gonz\u00e1lez Mart\u00ednez, Tolosa (balneario)\n\t\t\t\t<\/figcaption><\/figure><figure class='gallery-item'>\n\t\t\t<div class='gallery-icon landscape'>\n\t\t\t\t<a href='https:\/\/www.arquimaster.com.ar\/web\/wp-content\/uploads\/2018\/08\/proyecto_plaza_blaneario10.jpg' title=\"Proyecto Nuevo Parque Balneario y Renovaci\u00f3n de la Plaza San Mart\u00edn \/ Pereyra, Matos, Gonz\u00e1lez Mart\u00ednez, Tolosa (planta plaza)\" data-rl_title=\"Proyecto Nuevo Parque Balneario y Renovaci\u00f3n de la Plaza San Mart\u00edn \/ Pereyra, Matos, Gonz\u00e1lez Mart\u00ednez, Tolosa (planta plaza)\" class=\"rl-gallery-link\" data-rl_caption=\"Proyecto Nuevo Parque Balneario y Renovaci\u00f3n de la Plaza San Mart\u00edn \/ Pereyra, Matos, Gonz\u00e1lez Mart\u00ednez, Tolosa (planta plaza)\" data-rel=\"lightbox-gallery-1\"><img loading=\"lazy\" decoding=\"async\" width=\"150\" height=\"150\" src=\"https:\/\/www.arquimaster.com.ar\/web\/wp-content\/uploads\/2018\/08\/proyecto_plaza_blaneario10-150x150.jpg\" class=\"attachment-thumbnail size-thumbnail\" alt=\"\" aria-describedby=\"gallery-1-31236\" srcset=\"https:\/\/www.arquimaster.com.ar\/web\/wp-content\/uploads\/2018\/08\/proyecto_plaza_blaneario10-150x150.jpg 150w, https:\/\/www.arquimaster.com.ar\/web\/wp-content\/uploads\/2018\/08\/proyecto_plaza_blaneario10-50x50.jpg 50w, https:\/\/www.arquimaster.com.ar\/web\/wp-content\/uploads\/2018\/08\/proyecto_plaza_blaneario10-125x125.jpg 125w\" sizes=\"auto, (max-width: 150px) 100vw, 150px\" \/><\/a>\n\t\t\t<\/div>\n\t\t\t\t<figcaption class='wp-caption-text gallery-caption' id='gallery-1-31236'>\n\t\t\t\tProyecto Nuevo Parque Balneario y Renovaci\u00f3n de la Plaza San Mart\u00edn \/ Pereyra, Matos, Gonz\u00e1lez Mart\u00ednez, Tolosa (planta plaza)\n\t\t\t\t<\/figcaption><\/figure><figure class='gallery-item'>\n\t\t\t<div class='gallery-icon portrait'>\n\t\t\t\t<a href='https:\/\/www.arquimaster.com.ar\/web\/wp-content\/uploads\/2018\/08\/proyecto_plaza_blaneario11.jpg' title=\"Proyecto Nuevo Parque Balneario y Renovaci\u00f3n de la Plaza San Mart\u00edn \/ Pereyra, Matos, Gonz\u00e1lez Mart\u00ednez, Tolosa (sector 1)\" data-rl_title=\"Proyecto Nuevo Parque Balneario y Renovaci\u00f3n de la Plaza San Mart\u00edn \/ Pereyra, Matos, Gonz\u00e1lez Mart\u00ednez, Tolosa (sector 1)\" class=\"rl-gallery-link\" data-rl_caption=\"Proyecto Nuevo Parque Balneario y Renovaci\u00f3n de la Plaza San Mart\u00edn \/ Pereyra, Matos, Gonz\u00e1lez Mart\u00ednez, Tolosa (sector 1)\" data-rel=\"lightbox-gallery-1\"><img loading=\"lazy\" decoding=\"async\" width=\"150\" height=\"150\" src=\"https:\/\/www.arquimaster.com.ar\/web\/wp-content\/uploads\/2018\/08\/proyecto_plaza_blaneario11-150x150.jpg\" class=\"attachment-thumbnail size-thumbnail\" alt=\"\" aria-describedby=\"gallery-1-31237\" srcset=\"https:\/\/www.arquimaster.com.ar\/web\/wp-content\/uploads\/2018\/08\/proyecto_plaza_blaneario11-150x150.jpg 150w, https:\/\/www.arquimaster.com.ar\/web\/wp-content\/uploads\/2018\/08\/proyecto_plaza_blaneario11-50x50.jpg 50w, https:\/\/www.arquimaster.com.ar\/web\/wp-content\/uploads\/2018\/08\/proyecto_plaza_blaneario11-125x125.jpg 125w\" sizes=\"auto, (max-width: 150px) 100vw, 150px\" \/><\/a>\n\t\t\t<\/div>\n\t\t\t\t<figcaption class='wp-caption-text gallery-caption' id='gallery-1-31237'>\n\t\t\t\tProyecto Nuevo Parque Balneario y Renovaci\u00f3n de la Plaza San Mart\u00edn \/ Pereyra, Matos, Gonz\u00e1lez Mart\u00ednez, Tolosa (sector 1)\n\t\t\t\t<\/figcaption><\/figure><figure class='gallery-item'>\n\t\t\t<div class='gallery-icon portrait'>\n\t\t\t\t<a href='https:\/\/www.arquimaster.com.ar\/web\/wp-content\/uploads\/2018\/08\/proyecto_plaza_blaneario12.jpg' title=\"Proyecto Nuevo Parque Balneario y Renovaci\u00f3n de la Plaza San Mart\u00edn \/ Pereyra, Matos, Gonz\u00e1lez Mart\u00ednez, Tolosa (sector 2)\" data-rl_title=\"Proyecto Nuevo Parque Balneario y Renovaci\u00f3n de la Plaza San Mart\u00edn \/ Pereyra, Matos, Gonz\u00e1lez Mart\u00ednez, Tolosa (sector 2)\" class=\"rl-gallery-link\" data-rl_caption=\"Proyecto Nuevo Parque Balneario y Renovaci\u00f3n de la Plaza San Mart\u00edn \/ Pereyra, Matos, Gonz\u00e1lez Mart\u00ednez, Tolosa (sector 2)\" data-rel=\"lightbox-gallery-1\"><img loading=\"lazy\" decoding=\"async\" width=\"150\" height=\"150\" src=\"https:\/\/www.arquimaster.com.ar\/web\/wp-content\/uploads\/2018\/08\/proyecto_plaza_blaneario12-150x150.jpg\" class=\"attachment-thumbnail size-thumbnail\" alt=\"\" aria-describedby=\"gallery-1-31238\" srcset=\"https:\/\/www.arquimaster.com.ar\/web\/wp-content\/uploads\/2018\/08\/proyecto_plaza_blaneario12-150x150.jpg 150w, https:\/\/www.arquimaster.com.ar\/web\/wp-content\/uploads\/2018\/08\/proyecto_plaza_blaneario12-50x50.jpg 50w, https:\/\/www.arquimaster.com.ar\/web\/wp-content\/uploads\/2018\/08\/proyecto_plaza_blaneario12-125x125.jpg 125w\" sizes=\"auto, (max-width: 150px) 100vw, 150px\" \/><\/a>\n\t\t\t<\/div>\n\t\t\t\t<figcaption class='wp-caption-text gallery-caption' id='gallery-1-31238'>\n\t\t\t\tProyecto Nuevo Parque Balneario y Renovaci\u00f3n de la Plaza San Mart\u00edn \/ Pereyra, Matos, Gonz\u00e1lez Mart\u00ednez, Tolosa (sector 2)\n\t\t\t\t<\/figcaption><\/figure><figure class='gallery-item'>\n\t\t\t<div class='gallery-icon landscape'>\n\t\t\t\t<a href='https:\/\/www.arquimaster.com.ar\/web\/wp-content\/uploads\/2018\/08\/proyecto_plaza_blaneario13.jpg' title=\"Proyecto Nuevo Parque Balneario y Renovaci\u00f3n de la Plaza San Mart\u00edn \/ Pereyra, Matos, Gonz\u00e1lez Mart\u00ednez, Tolosa (sector 3)\" data-rl_title=\"Proyecto Nuevo Parque Balneario y Renovaci\u00f3n de la Plaza San Mart\u00edn \/ Pereyra, Matos, Gonz\u00e1lez Mart\u00ednez, Tolosa (sector 3)\" class=\"rl-gallery-link\" data-rl_caption=\"Proyecto Nuevo Parque Balneario y Renovaci\u00f3n de la Plaza San Mart\u00edn \/ Pereyra, Matos, Gonz\u00e1lez Mart\u00ednez, Tolosa (sector 3)\" data-rel=\"lightbox-gallery-1\"><img loading=\"lazy\" decoding=\"async\" width=\"150\" height=\"150\" src=\"https:\/\/www.arquimaster.com.ar\/web\/wp-content\/uploads\/2018\/08\/proyecto_plaza_blaneario13-150x150.jpg\" class=\"attachment-thumbnail size-thumbnail\" alt=\"\" aria-describedby=\"gallery-1-31239\" srcset=\"https:\/\/www.arquimaster.com.ar\/web\/wp-content\/uploads\/2018\/08\/proyecto_plaza_blaneario13-150x150.jpg 150w, https:\/\/www.arquimaster.com.ar\/web\/wp-content\/uploads\/2018\/08\/proyecto_plaza_blaneario13-50x50.jpg 50w, https:\/\/www.arquimaster.com.ar\/web\/wp-content\/uploads\/2018\/08\/proyecto_plaza_blaneario13-125x125.jpg 125w\" sizes=\"auto, (max-width: 150px) 100vw, 150px\" \/><\/a>\n\t\t\t<\/div>\n\t\t\t\t<figcaption class='wp-caption-text gallery-caption' id='gallery-1-31239'>\n\t\t\t\tProyecto Nuevo Parque Balneario y Renovaci\u00f3n de la Plaza San Mart\u00edn \/ Pereyra, Matos, Gonz\u00e1lez Mart\u00ednez, Tolosa (sector 3)\n\t\t\t\t<\/figcaption><\/figure><figure class='gallery-item'>\n\t\t\t<div class='gallery-icon portrait'>\n\t\t\t\t<a href='https:\/\/www.arquimaster.com.ar\/web\/wp-content\/uploads\/2018\/08\/proyecto_plaza_blaneario14.jpg' title=\"Proyecto Nuevo Parque Balneario y Renovaci\u00f3n de la Plaza San Mart\u00edn \/ Pereyra, Matos, Gonz\u00e1lez Mart\u00ednez, Tolosa (balneario)\" data-rl_title=\"Proyecto Nuevo Parque Balneario y Renovaci\u00f3n de la Plaza San Mart\u00edn \/ Pereyra, Matos, Gonz\u00e1lez Mart\u00ednez, Tolosa (balneario)\" class=\"rl-gallery-link\" data-rl_caption=\"Proyecto Nuevo Parque Balneario y Renovaci\u00f3n de la Plaza San Mart\u00edn \/ Pereyra, Matos, Gonz\u00e1lez Mart\u00ednez, Tolosa (balneario)\" data-rel=\"lightbox-gallery-1\"><img loading=\"lazy\" decoding=\"async\" width=\"150\" height=\"150\" src=\"https:\/\/www.arquimaster.com.ar\/web\/wp-content\/uploads\/2018\/08\/proyecto_plaza_blaneario14-150x150.jpg\" class=\"attachment-thumbnail size-thumbnail\" alt=\"\" aria-describedby=\"gallery-1-31240\" srcset=\"https:\/\/www.arquimaster.com.ar\/web\/wp-content\/uploads\/2018\/08\/proyecto_plaza_blaneario14-150x150.jpg 150w, https:\/\/www.arquimaster.com.ar\/web\/wp-content\/uploads\/2018\/08\/proyecto_plaza_blaneario14-50x50.jpg 50w, https:\/\/www.arquimaster.com.ar\/web\/wp-content\/uploads\/2018\/08\/proyecto_plaza_blaneario14-125x125.jpg 125w\" sizes=\"auto, (max-width: 150px) 100vw, 150px\" \/><\/a>\n\t\t\t<\/div>\n\t\t\t\t<figcaption class='wp-caption-text gallery-caption' id='gallery-1-31240'>\n\t\t\t\tProyecto Nuevo Parque Balneario y Renovaci\u00f3n de la Plaza San Mart\u00edn \/ Pereyra, Matos, Gonz\u00e1lez Mart\u00ednez, Tolosa (balneario)\n\t\t\t\t<\/figcaption><\/figure><figure class='gallery-item'>\n\t\t\t<div class='gallery-icon landscape'>\n\t\t\t\t<a href='https:\/\/www.arquimaster.com.ar\/web\/wp-content\/uploads\/2018\/08\/proyecto_plaza_blaneario15.jpg' title=\"Proyecto Nuevo Parque Balneario y Renovaci\u00f3n de la Plaza San Mart\u00edn \/ Pereyra, Matos, Gonz\u00e1lez Mart\u00ednez, Tolosa (sistema)\" data-rl_title=\"Proyecto Nuevo Parque Balneario y Renovaci\u00f3n de la Plaza San Mart\u00edn \/ Pereyra, Matos, Gonz\u00e1lez Mart\u00ednez, Tolosa (sistema)\" class=\"rl-gallery-link\" data-rl_caption=\"Proyecto Nuevo Parque Balneario y Renovaci\u00f3n de la Plaza San Mart\u00edn \/ Pereyra, Matos, Gonz\u00e1lez Mart\u00ednez, Tolosa (sistema)\" data-rel=\"lightbox-gallery-1\"><img loading=\"lazy\" decoding=\"async\" width=\"150\" height=\"150\" src=\"https:\/\/www.arquimaster.com.ar\/web\/wp-content\/uploads\/2018\/08\/proyecto_plaza_blaneario15-150x150.jpg\" class=\"attachment-thumbnail size-thumbnail\" alt=\"\" aria-describedby=\"gallery-1-31241\" srcset=\"https:\/\/www.arquimaster.com.ar\/web\/wp-content\/uploads\/2018\/08\/proyecto_plaza_blaneario15-150x150.jpg 150w, https:\/\/www.arquimaster.com.ar\/web\/wp-content\/uploads\/2018\/08\/proyecto_plaza_blaneario15-50x50.jpg 50w, https:\/\/www.arquimaster.com.ar\/web\/wp-content\/uploads\/2018\/08\/proyecto_plaza_blaneario15-125x125.jpg 125w\" sizes=\"auto, (max-width: 150px) 100vw, 150px\" \/><\/a>\n\t\t\t<\/div>\n\t\t\t\t<figcaption class='wp-caption-text gallery-caption' id='gallery-1-31241'>\n\t\t\t\tProyecto Nuevo Parque Balneario y Renovaci\u00f3n de la Plaza San Mart\u00edn \/ Pereyra, Matos, Gonz\u00e1lez Mart\u00ednez, Tolosa (sistema)\n\t\t\t\t<\/figcaption><\/figure><figure class='gallery-item'>\n\t\t\t<div class='gallery-icon landscape'>\n\t\t\t\t<a href='https:\/\/www.arquimaster.com.ar\/web\/wp-content\/uploads\/2018\/08\/proyecto_plaza_blaneario16.jpg' title=\"Proyecto Nuevo Parque Balneario y Renovaci\u00f3n de la Plaza San Mart\u00edn \/ Pereyra, Matos, Gonz\u00e1lez Mart\u00ednez, Tolosa (balneario)\" data-rl_title=\"Proyecto Nuevo Parque Balneario y Renovaci\u00f3n de la Plaza San Mart\u00edn \/ Pereyra, Matos, Gonz\u00e1lez Mart\u00ednez, Tolosa (balneario)\" class=\"rl-gallery-link\" data-rl_caption=\"Proyecto Nuevo Parque Balneario y Renovaci\u00f3n de la Plaza San Mart\u00edn \/ Pereyra, Matos, Gonz\u00e1lez Mart\u00ednez, Tolosa (balneario)\" data-rel=\"lightbox-gallery-1\"><img loading=\"lazy\" decoding=\"async\" width=\"150\" height=\"150\" src=\"https:\/\/www.arquimaster.com.ar\/web\/wp-content\/uploads\/2018\/08\/proyecto_plaza_blaneario16-150x150.jpg\" class=\"attachment-thumbnail size-thumbnail\" alt=\"\" aria-describedby=\"gallery-1-31242\" srcset=\"https:\/\/www.arquimaster.com.ar\/web\/wp-content\/uploads\/2018\/08\/proyecto_plaza_blaneario16-150x150.jpg 150w, https:\/\/www.arquimaster.com.ar\/web\/wp-content\/uploads\/2018\/08\/proyecto_plaza_blaneario16-50x50.jpg 50w, https:\/\/www.arquimaster.com.ar\/web\/wp-content\/uploads\/2018\/08\/proyecto_plaza_blaneario16-125x125.jpg 125w\" sizes=\"auto, (max-width: 150px) 100vw, 150px\" \/><\/a>\n\t\t\t<\/div>\n\t\t\t\t<figcaption class='wp-caption-text gallery-caption' id='gallery-1-31242'>\n\t\t\t\tProyecto Nuevo Parque Balneario y Renovaci\u00f3n de la Plaza San Mart\u00edn \/ Pereyra, Matos, Gonz\u00e1lez Mart\u00ednez, Tolosa (balneario)\n\t\t\t\t<\/figcaption><\/figure><figure class='gallery-item'>\n\t\t\t<div class='gallery-icon landscape'>\n\t\t\t\t<a href='https:\/\/www.arquimaster.com.ar\/web\/wp-content\/uploads\/2018\/08\/proyecto_plaza_blaneario17.jpg' title=\"Proyecto Nuevo Parque Balneario y Renovaci\u00f3n de la Plaza San Mart\u00edn \/ Pereyra, Matos, Gonz\u00e1lez Mart\u00ednez, Tolosa (plaza)\" data-rl_title=\"Proyecto Nuevo Parque Balneario y Renovaci\u00f3n de la Plaza San Mart\u00edn \/ Pereyra, Matos, Gonz\u00e1lez Mart\u00ednez, Tolosa (plaza)\" class=\"rl-gallery-link\" data-rl_caption=\"Proyecto Nuevo Parque Balneario y Renovaci\u00f3n de la Plaza San Mart\u00edn \/ Pereyra, Matos, Gonz\u00e1lez Mart\u00ednez, Tolosa (plaza)\" data-rel=\"lightbox-gallery-1\"><img loading=\"lazy\" decoding=\"async\" width=\"150\" height=\"150\" src=\"https:\/\/www.arquimaster.com.ar\/web\/wp-content\/uploads\/2018\/08\/proyecto_plaza_blaneario17-150x150.jpg\" class=\"attachment-thumbnail size-thumbnail\" alt=\"\" aria-describedby=\"gallery-1-31243\" srcset=\"https:\/\/www.arquimaster.com.ar\/web\/wp-content\/uploads\/2018\/08\/proyecto_plaza_blaneario17-150x150.jpg 150w, https:\/\/www.arquimaster.com.ar\/web\/wp-content\/uploads\/2018\/08\/proyecto_plaza_blaneario17-50x50.jpg 50w, https:\/\/www.arquimaster.com.ar\/web\/wp-content\/uploads\/2018\/08\/proyecto_plaza_blaneario17-125x125.jpg 125w\" sizes=\"auto, (max-width: 150px) 100vw, 150px\" \/><\/a>\n\t\t\t<\/div>\n\t\t\t\t<figcaption class='wp-caption-text gallery-caption' id='gallery-1-31243'>\n\t\t\t\tProyecto Nuevo Parque Balneario y Renovaci\u00f3n de la Plaza San Mart\u00edn \/ Pereyra, Matos, Gonz\u00e1lez Mart\u00ednez, Tolosa (plaza)\n\t\t\t\t<\/figcaption><\/figure><figure class='gallery-item'>\n\t\t\t<div class='gallery-icon landscape'>\n\t\t\t\t<a href='https:\/\/www.arquimaster.com.ar\/web\/wp-content\/uploads\/2018\/08\/proyecto_plaza_blaneario18.jpg' title=\"Proyecto Nuevo Parque Balneario y Renovaci\u00f3n de la Plaza San Mart\u00edn \/ Pereyra, Matos, Gonz\u00e1lez Mart\u00ednez, Tolosa (estrategia proyectual plaza)\" data-rl_title=\"Proyecto Nuevo Parque Balneario y Renovaci\u00f3n de la Plaza San Mart\u00edn \/ Pereyra, Matos, Gonz\u00e1lez Mart\u00ednez, Tolosa (estrategia proyectual plaza)\" class=\"rl-gallery-link\" data-rl_caption=\"Proyecto Nuevo Parque Balneario y Renovaci\u00f3n de la Plaza San Mart\u00edn \/ Pereyra, Matos, Gonz\u00e1lez Mart\u00ednez, Tolosa (estrategia proyectual plaza)\" data-rel=\"lightbox-gallery-1\"><img loading=\"lazy\" decoding=\"async\" width=\"150\" height=\"150\" src=\"https:\/\/www.arquimaster.com.ar\/web\/wp-content\/uploads\/2018\/08\/proyecto_plaza_blaneario18-150x150.jpg\" class=\"attachment-thumbnail size-thumbnail\" alt=\"\" aria-describedby=\"gallery-1-31244\" srcset=\"https:\/\/www.arquimaster.com.ar\/web\/wp-content\/uploads\/2018\/08\/proyecto_plaza_blaneario18-150x150.jpg 150w, https:\/\/www.arquimaster.com.ar\/web\/wp-content\/uploads\/2018\/08\/proyecto_plaza_blaneario18-50x50.jpg 50w, https:\/\/www.arquimaster.com.ar\/web\/wp-content\/uploads\/2018\/08\/proyecto_plaza_blaneario18-125x125.jpg 125w\" sizes=\"auto, (max-width: 150px) 100vw, 150px\" \/><\/a>\n\t\t\t<\/div>\n\t\t\t\t<figcaption class='wp-caption-text gallery-caption' id='gallery-1-31244'>\n\t\t\t\tProyecto Nuevo Parque Balneario y Renovaci\u00f3n de la Plaza San Mart\u00edn \/ Pereyra, Matos, Gonz\u00e1lez Mart\u00ednez, Tolosa (estrategia proyectual plaza)\n\t\t\t\t<\/figcaption><\/figure><figure class='gallery-item'>\n\t\t\t<div class='gallery-icon portrait'>\n\t\t\t\t<a href='https:\/\/www.arquimaster.com.ar\/web\/wp-content\/uploads\/2018\/08\/proyecto_plaza_blaneario19.jpg' title=\"Proyecto Nuevo Parque Balneario y Renovaci\u00f3n de la Plaza San Mart\u00edn \/ Pereyra, Matos, Gonz\u00e1lez Mart\u00ednez, Tolosa (panel)\" data-rl_title=\"Proyecto Nuevo Parque Balneario y Renovaci\u00f3n de la Plaza San Mart\u00edn \/ Pereyra, Matos, Gonz\u00e1lez Mart\u00ednez, Tolosa (panel)\" class=\"rl-gallery-link\" data-rl_caption=\"Proyecto Nuevo Parque Balneario y Renovaci\u00f3n de la Plaza San Mart\u00edn \/ Pereyra, Matos, Gonz\u00e1lez Mart\u00ednez, Tolosa (panel)\" data-rel=\"lightbox-gallery-1\"><img loading=\"lazy\" decoding=\"async\" width=\"150\" height=\"150\" src=\"https:\/\/www.arquimaster.com.ar\/web\/wp-content\/uploads\/2018\/08\/proyecto_plaza_blaneario19-150x150.jpg\" class=\"attachment-thumbnail size-thumbnail\" alt=\"\" aria-describedby=\"gallery-1-31245\" srcset=\"https:\/\/www.arquimaster.com.ar\/web\/wp-content\/uploads\/2018\/08\/proyecto_plaza_blaneario19-150x150.jpg 150w, https:\/\/www.arquimaster.com.ar\/web\/wp-content\/uploads\/2018\/08\/proyecto_plaza_blaneario19-50x50.jpg 50w, https:\/\/www.arquimaster.com.ar\/web\/wp-content\/uploads\/2018\/08\/proyecto_plaza_blaneario19-125x125.jpg 125w\" sizes=\"auto, (max-width: 150px) 100vw, 150px\" \/><\/a>\n\t\t\t<\/div>\n\t\t\t\t<figcaption class='wp-caption-text gallery-caption' id='gallery-1-31245'>\n\t\t\t\tProyecto Nuevo Parque Balneario y Renovaci\u00f3n de la Plaza San Mart\u00edn \/ Pereyra, Matos, Gonz\u00e1lez Mart\u00ednez, Tolosa (panel)\n\t\t\t\t<\/figcaption><\/figure><figure class='gallery-item'>\n\t\t\t<div class='gallery-icon portrait'>\n\t\t\t\t<a href='https:\/\/www.arquimaster.com.ar\/web\/wp-content\/uploads\/2018\/08\/proyecto_plaza_blaneario20.jpg' title=\"Proyecto Nuevo Parque Balneario y Renovaci\u00f3n de la Plaza San Mart\u00edn \/ Pereyra, Matos, Gonz\u00e1lez Mart\u00ednez, Tolosa (panel)\" data-rl_title=\"Proyecto Nuevo Parque Balneario y Renovaci\u00f3n de la Plaza San Mart\u00edn \/ Pereyra, Matos, Gonz\u00e1lez Mart\u00ednez, Tolosa (panel)\" class=\"rl-gallery-link\" data-rl_caption=\"Proyecto Nuevo Parque Balneario y Renovaci\u00f3n de la Plaza San Mart\u00edn \/ Pereyra, Matos, Gonz\u00e1lez Mart\u00ednez, Tolosa (panel)\" data-rel=\"lightbox-gallery-1\"><img loading=\"lazy\" decoding=\"async\" width=\"150\" height=\"150\" src=\"https:\/\/www.arquimaster.com.ar\/web\/wp-content\/uploads\/2018\/08\/proyecto_plaza_blaneario20-150x150.jpg\" class=\"attachment-thumbnail size-thumbnail\" alt=\"\" aria-describedby=\"gallery-1-31246\" srcset=\"https:\/\/www.arquimaster.com.ar\/web\/wp-content\/uploads\/2018\/08\/proyecto_plaza_blaneario20-150x150.jpg 150w, https:\/\/www.arquimaster.com.ar\/web\/wp-content\/uploads\/2018\/08\/proyecto_plaza_blaneario20-50x50.jpg 50w, https:\/\/www.arquimaster.com.ar\/web\/wp-content\/uploads\/2018\/08\/proyecto_plaza_blaneario20-125x125.jpg 125w\" sizes=\"auto, (max-width: 150px) 100vw, 150px\" \/><\/a>\n\t\t\t<\/div>\n\t\t\t\t<figcaption class='wp-caption-text gallery-caption' id='gallery-1-31246'>\n\t\t\t\tProyecto Nuevo Parque Balneario y Renovaci\u00f3n de la Plaza San Mart\u00edn \/ Pereyra, Matos, Gonz\u00e1lez Mart\u00ednez, Tolosa (panel)\n\t\t\t\t<\/figcaption><\/figure><figure class='gallery-item'>\n\t\t\t<div class='gallery-icon portrait'>\n\t\t\t\t<a href='https:\/\/www.arquimaster.com.ar\/web\/wp-content\/uploads\/2018\/08\/proyecto_plaza_blaneario21.jpg' title=\"Proyecto Nuevo Parque Balneario y Renovaci\u00f3n de la Plaza San Mart\u00edn \/ Pereyra, Matos, Gonz\u00e1lez Mart\u00ednez, Tolosa (panel)\" data-rl_title=\"Proyecto Nuevo Parque Balneario y Renovaci\u00f3n de la Plaza San Mart\u00edn \/ Pereyra, Matos, Gonz\u00e1lez Mart\u00ednez, Tolosa (panel)\" class=\"rl-gallery-link\" data-rl_caption=\"Proyecto Nuevo Parque Balneario y Renovaci\u00f3n de la Plaza San Mart\u00edn \/ Pereyra, Matos, Gonz\u00e1lez Mart\u00ednez, Tolosa (panel)\" data-rel=\"lightbox-gallery-1\"><img loading=\"lazy\" decoding=\"async\" width=\"150\" height=\"150\" src=\"https:\/\/www.arquimaster.com.ar\/web\/wp-content\/uploads\/2018\/08\/proyecto_plaza_blaneario21-150x150.jpg\" class=\"attachment-thumbnail size-thumbnail\" alt=\"\" aria-describedby=\"gallery-1-31247\" srcset=\"https:\/\/www.arquimaster.com.ar\/web\/wp-content\/uploads\/2018\/08\/proyecto_plaza_blaneario21-150x150.jpg 150w, https:\/\/www.arquimaster.com.ar\/web\/wp-content\/uploads\/2018\/08\/proyecto_plaza_blaneario21-50x50.jpg 50w, https:\/\/www.arquimaster.com.ar\/web\/wp-content\/uploads\/2018\/08\/proyecto_plaza_blaneario21-125x125.jpg 125w\" sizes=\"auto, (max-width: 150px) 100vw, 150px\" \/><\/a>\n\t\t\t<\/div>\n\t\t\t\t<figcaption class='wp-caption-text gallery-caption' id='gallery-1-31247'>\n\t\t\t\tProyecto Nuevo Parque Balneario y Renovaci\u00f3n de la Plaza San Mart\u00edn \/ Pereyra, Matos, Gonz\u00e1lez Mart\u00ednez, Tolosa (panel)\n\t\t\t\t<\/figcaption><\/figure>\n\t\t<\/div>\n\n<p><strong>Propuesta para la renovacion de la Plaza San Martin<\/strong><br \/>\nEn el \u00e1rea de central de la ciudad de R\u00edo Tercero, las principales instituciones se localizan entorno a la Plaza San Martin (el Palacio Municipal y su Auditorio, la Iglesia de Lourdes, el Destacamento Policial, la Escuela Modesto Acu\u00f1a, Bancos y Comercios).<\/p>\n<p>La Plaza posee una gran fragmentaci\u00f3n producida por el boulevard donde se emplaza el monumento al Libertador y por los veh\u00edculos particulares que colonizan el espacio. Cuenta con una importante y variada vegetaci\u00f3n existente, de buen desarrollo y \u00f3ptimo estado fitosanitario. Las actividades y equipamientos son escasos y en general est\u00e1n relegados a las veredas perimetrales.<\/p>\n<p>Enmarcado en la propuesta de sistematizaci\u00f3n urbana, se plantea como acci\u00f3n estrat\u00e9gica, unificar el espacio fragmentado de la Plaza San Mart\u00edn y su entorno, consolidando una placa c\u00edvica de car\u00e1cter institucional poniendo en valor al monumento, posibilitando la expansi\u00f3n de las principales instituciones, actuando de soporte para actividades multitudinarias, revitalizando el \u00e1rea central.<\/p>\n<p>Para su materializaci\u00f3n, se iguala el nivel de veredas y calzadas, inhabilitando el estacionamiento en el boulevard (tramo Alsina\/Espa\u00f1a-25 de Mayo\/Capandegui). Para diferenciar la calzada de rodamiento se utilizan bolardas de hormig\u00f3n generando un l\u00edmite virtual sin interrumpir la continuidad espacial. Esta acci\u00f3n alcanza a las calles Vucetich y Herrera, previendo el estacionamiento para unidades autorizadas de las instituciones (Colegio, Polic\u00eda y Auditorio).<\/p>\n<p>El monumento al General se revaloriza integr\u00e1ndose a un espacio conmemorativo de mayor escala, que mejora las relaciones transversales de la Plaza. Entorno a \u00e9ste, se disponen bancos de hormig\u00f3n para su contemplaci\u00f3n. Dando continuidad al boulevard se define un solado de granito blanco (recordando el antiguo palco y la p\u00e9rgola), desde su base surgen chorros de agua de car\u00e1cter ornamental enalteciendo el conjunto escult\u00f3rico.<\/p>\n<p>De manera perpendicular a la Av. San Martin se conforma un segundo eje de menor car\u00e1cter que integra al monumento y resuelve la circulaci\u00f3n transversal. Se materializa mediante un solado cribado, sobre el cual se disponen \u00e1reas y equipamientos de estar y se relocalizan las esculturas.<\/p>\n<p>Frente al Auditorio Municipal, se proyecta un espacio posibilitante de actividades culturales sirviendo de extensi\u00f3n del Auditorio. El espacio abierto lateral del destacamento policial se integra a la plaza ubicando tres m\u00e1stiles y un banco actuando como soporte de ceremonias c\u00edvicas. Frente a la Iglesia de Lourdes se dispone un espacio de contemplaci\u00f3n a modo de atrio exento.<\/p>\n<p>En los lugares con vegetaci\u00f3n existente se dejan superficies amplias de c\u00e9sped y cubresuelos, definiendo diferentes \u00e1reas de estar y de juegos para ni\u00f1os, considerando un equipamiento posibilitante de situaciones individuales y agrupadas.<\/p>\n<p>La ciclo-v\u00eda que forma parte del Circuito de Salud, se integra a la plaza San Martin dise\u00f1ando un espacio de circulaci\u00f3n diferenciado. La propuesta para la Plaza San Martin de la Ciudad de Rio Tercero, realiza un importante aporte desde el punto de vista social, cultural e institucional, consagr\u00e1ndolo como espacio posibilitante de convocatorias masivas.<\/p>\n<p>Se prioriza al peat\u00f3n sobre el veh\u00edculo mejorando su seguridad, incrementando espacios de estar y equipamientos urbanos. La imagen resultante, sobria, elegante y homog\u00e9nea, enaltece el monumento al General San Mart\u00edn renovando el atractivo de toda el \u00e1rea central.<\/p>\n<p><strong>Propuesta para el Balneario Municipal<\/strong><br \/>\nEl desarrollo arquitect\u00f3nico para el Balneario Municipal nos convoca a descubrir la riqueza de las cualidades paisaj\u00edsticas del r\u00edo Ctalamochita, haciendo notar la particular topograf\u00eda de sus riberas y meandros que conforman unidades ambientales variadas y con vocaciones muy disimiles. Solo a partir de ese entendimiento es posible lograr adecuadas definiciones para el dise\u00f1o de los espacios, conformar bajadas al rio, y establecer lugares de interpretaci\u00f3n de la margen opuesta la cual constituye un verdadero escenario natural de situaciones \u00fanicas y de gran valor paisaj\u00edstico (praderas, bosques, islas y barrancas).<\/p>\n<p>La actual concentraci\u00f3n de actividades sobre el sector sur provoca un desbalance, generando sitios muy densificados donde el autom\u00f3vil contamina visualmente los espacios naturales. Asimismo el dise\u00f1o y la materialidad de las \u00e1reas de servicios y equipamientos (formas, colores y texturas), redunda en im\u00e1genes heterog\u00e9neas, contrastantes con el enorme valor del entorno natural.<\/p>\n<p>Este tramo del r\u00edo se encuentra inmerso en un contexto de baja densidad poblacional, quedando confinado por la calle Jorge Newery al oeste, limitando con un sector potencialmente en desarrollo siendo necesario preveer futuras vinculaciones y accesos.<\/p>\n<p>La estrategia proyectual del parque contempla estas condicionantes, estructur\u00e1ndose en base a cuatro recorridos longitudinales, articulados por transversalidades que establecen permanentes relaciones con la trama urbana.<\/p>\n<p><strong>Recorrido de Interpretaci\u00f3n del R\u00edo Ctalamochita<\/strong>: Un recorrido zigzagueante transcurre por la margen del r\u00edo reconociendo las diferentes unidades ambientales, ofreciendo acercamientos al agua y a lugares de permanencia. M\u00ednimas intervenciones lineales con gaviones de piedra amortiguan el impacto de las escorrent\u00edas sobre los m\u00e1rgenes, resuelven la accesibilidad al rio y conforman balconeos. Estos elementos se combinan con piezas prefabricadas de hormig\u00f3n resolviendo los equipamientos.<\/p>\n<p><strong>Recorrido de Salud<\/strong>: Sobre uno de los bordes del camino principal, se proyecta un recorrido lineal por el parque, brindando una superficie homog\u00e9nea para correr y andar en bicicleta. De este eje se desprenden estaciones de salud y \u00e1reas deportivas.<\/p>\n<p><strong>Recorrido vehicular<\/strong>: La circulaci\u00f3n y los estacionamientos vehiculares se proyectan minimizando situaciones de peligro para los ni\u00f1os y la contaminaci\u00f3n visual en detrimento del valor paisaj\u00edstico. Se mantiene la actual calle ppal. habilitando el estacionamiento en su margen \u00fanicamente para eventos masivos. En el tramo Sur y hasta calle Newery, se utiliza el actual camino secundario sirviendo de acceso a los estacionamientos habilitados.<\/p>\n<p><strong>Recorrido de Interpretaci\u00f3n del Bosque Nativo-El Caracol<\/strong>: Sobre el margen \u00abnor-este\u00bb del r\u00edo, un camino zigzagueante propone actividades de senderismo y ciclismo de monta\u00f1a. Su recorrido posibilita el conocimiento e interpretaci\u00f3n del bosque aut\u00f3ctono. En su extensi\u00f3n se definen paradas, estaciones de salud y ventanas-miradores hacia el balneario desde los puntos m\u00e1s altos.<\/p>\n<p><strong>Programa de Actividades<\/strong><br \/>\nLos ejes estructurantes segmentan longitudinalmente el parque, generando \u00e1reas en las que se desarrollan diferentes usos y actividades. En los extremos norte y sur se ubican estrat\u00e9gicamente dos centros de servicios, el primero de car\u00e1cter Educativo-Ambiental y el segundo Deportivo-Social. Estos centros cuentan con equipamientos que satisfacen las principales necesidades de los usuarios y articulan los espacios de recepci\u00f3n actuando como puntos de administraci\u00f3n y control del parque.<\/p>\n<p><strong>\u00c1rea de Amortiguamiento<\/strong>: Espacio conformado entre la calle Newery y la calle secundaria, sobre la cual se disponen los estacionamientos.<\/p>\n<p><strong>\u00c1rea Social y de Acampe<\/strong>: Espacio entre la calle principal y la calle secundaria. Sobre \u00e9sta se proyectan los diferentes equipamientos para las actividades de servicios (locales gastron\u00f3micos, ba\u00f1os, etc.) y de acampe (asadores, mesas, etc.).<\/p>\n<p><strong>\u00c1rea Deportiva y Cultural<\/strong>: Espacio delimitado por la calle principal y el r\u00edo, donde se proponen bajadas al agua, miradores, \u00e1reas de entrenamiento deportivo y espacios multiprop\u00f3sito que sirven para acontecimientos de convocatoria masiva.<\/p>\n<p><strong>\u00c1rea de Reserva<\/strong>: Correspondiente al sector norte, donde predominan numerosas especies aut\u00f3ctonas. En \u00e9ste se realizan m\u00ednimas intervenciones: un recorrido natural al borde del rio, y la implantaci\u00f3n del \u00abCentro de Interpretaci\u00f3n Ambiental del bosque nativo y del rio Ctalamochita\u00bb que instruir\u00e1 a alumnos de diferentes escuelas de la ciudad sobre el cuidado del medioambiente.<\/p>\n<p><strong>Propuesta de vegetaci\u00f3n<\/strong><br \/>\nDada la cuantiosa vegetaci\u00f3n existente, el criterio es mantener la mayor cantidad de ejemplares en buen estado fitosanitario, aprovechando al m\u00e1ximo su potencial especialmente como conformador de masas. El completamiento en funci\u00f3n del dise\u00f1o paisaj\u00edstico, se realiza priorizando especies aut\u00f3ctonas que aportan cualidades de color y aromas logrando un adecuado balance de llenos y vac\u00edos. Solo en situaciones particulares se utiliza vegetaci\u00f3n ex\u00f3tica de buena adaptaci\u00f3n para aportar cualidades expresivas y dinamismo a la propuesta.<\/p>\n<p><strong>Imagen y Materialidad<\/strong><br \/>\nLas intervenciones sobre el parque consisten en m\u00ednimas operaciones, consiguiendo con un lenguaje natural asociarse respetuosamente con los valores paisaj\u00edsticos del entorno. Basado en un criterio de sustentabilidad, la materialidad de la propuesta, considera el dise\u00f1o racional mediante vol\u00famenes y planos austeros de simple construcci\u00f3n, utilizando materiales de noble envejecimiento bajo mantenimiento y m\u00ednimo costo energ\u00e9tico en su proceso de industrializaci\u00f3n (hormig\u00f3n, piedra), as\u00ed como la ejecuci\u00f3n con mano de obra y materiales del \u00e1mbito local y regional incluyendo la prefabricaci\u00f3n de piezas para disminuir costos.<\/p>\n<p>Para el equipamiento urbano, y la se\u00f1al\u00e9tica se utiliza adem\u00e1s placas met\u00e1licas con grabados e iconograf\u00edas buscando una imagen integradora.<\/p>\n<p>La propuesta para el Parque Balneario de la Ciudad de R\u00edo Tercero, consagra a este espacio como la principal \u00e1rea de servicios ambientales, culturales y sociales de la ciudad, preservando y potenciando las cualidades paisaj\u00edsticas del r\u00edo, mediante acciones respetuosas y austeras con el entorno natural.<\/p>\n<p><strong>Ficha t\u00e9cnica<br \/>\n<\/strong>Nombre: Nuevo Parque Balneario y Renovaci\u00f3n de la Plaza San Mart\u00edn<br \/>\nUbicaci\u00f3n: Rio Tercero, Provincia de C\u00f3rdoba, Argentina<br \/>\nAutores: Arq. Ignacio Pereyra, Arq. Fernando Matos, Arq. Facundo Gonz\u00e1lez Mart\u00ednez, Arq. Fabian Tolosa<br \/>\nPremios: Primer Premio en Concurso Nacional de Ideas Nuevo Parque Balneario y Renovaci\u00f3n de la Plaza San Mart\u00edn<br \/>\n\u00c1rea: Paisaje y Ciudad<br \/>\nSuperficie Parque balneario: 24 ha<br \/>\nSuperficie Plaza: 1,5 ha<br \/>\nFecha: junio 2018<\/p>\n<p><strong>Cr\u00edtica del jurado<\/strong><br \/>\nSe valora la concepci\u00f3n del parque balneario como paisaje natural de la rivera minimizando la antropizaci\u00f3n y poniendo en manifiesto una intervenci\u00f3n austera que utiliza los recursos disponibles para reforzar las unidades ambientales existentes, se interpreta claramente los bordes le rio y su condici\u00f3n de \u00e1reas inundables dise\u00f1ando sus diferentes cotas de crecimiento. Propone acertadamente los siguientes recorridos interpretativos reforzando su car\u00e1cter: Recorrido de interpretaci\u00f3n del rio, recorrido de salud, recorrido vehicular, recorrido de interpretaci\u00f3n del bosque nativo. Reconoce unidades ambientales diferenciadas como: area de amortiguaci\u00f3n, \u00e1rea de acampe, deportiva, \u00e1rea de reserva. La propuesta de la plaza pone en valor su car\u00e1cter institucional y unitario, logrando una muy buena convivencia peatonal-vehicular, define claramente las actividades propuestas y funciona como v\u00ednculo entre las instituciones jerarquiz\u00e1ndolas.<\/p>\n\n<div style=\"font-size: 0px; height: 0px; line-height: 0px; margin: 0; padding: 0; clear: both;\"><\/div><div style=\"margin-top: 0px; margin-bottom: 0px;\" class=\"sharethis-inline-share-buttons\" ><\/div>","protected":false},"excerpt":{"rendered":"<p>Desarrollado en la plaza principal de Rio Tercero y un parque en un contexto m\u00e1s natural&#8230;<\/p>\n","protected":false},"author":1,"featured_media":31226,"comment_status":"closed","ping_status":"closed","sticky":false,"template":"","format":"standard","meta":{"_uag_custom_page_level_css":"","footnotes":""},"categories":[1,81,713],"tags":[489,228,4640,4639,4638,4637,1128,100,102,4636],"class_list":["post-31225","post","type-post","status-publish","format-standard","has-post-thumbnail","hentry","category-proyecto","category-proyectos-concursos","category-proyectos-urbanos","tag-arquitectura-del-paisaje","tag-cordoba","tag-fabian-tolosa","tag-facundo-gonzalez-martinez","tag-fernando-matos","tag-ignacio-pereyra","tag-proyecto-urbano","tag-proyectos-para-concursos","tag-resultados-de-concursos","tag-rio-tercero","generate-columns","tablet-grid-50","mobile-grid-100","grid-parent","grid-50"],"yoast_head":"<!-- This site is optimized with the Yoast SEO plugin v27.3 - https:\/\/yoast.com\/product\/yoast-seo-wordpress\/ -->\n<title>Proyecto Nuevo Parque Balneario y Renovaci\u00f3n de la Plaza San Mart\u00edn \/ Pereyra, Matos, Gonz\u00e1lez Mart\u00ednez, Tolosa - Arquimaster<\/title>\n<meta name=\"robots\" content=\"index, follow, max-snippet:-1, max-image-preview:large, max-video-preview:-1\" \/>\n<link rel=\"canonical\" href=\"https:\/\/www.arquimaster.com.ar\/web\/proyecto-nuevo-parque-balneario-y-renovacion-de-la-plaza-san-martin-pereyra-matos-gonzalez-martinez-tolosa\/\" \/>\n<meta property=\"og:locale\" content=\"es_ES\" \/>\n<meta property=\"og:type\" content=\"article\" \/>\n<meta property=\"og:title\" content=\"Proyecto Nuevo Parque Balneario y Renovaci\u00f3n de la Plaza San Mart\u00edn \/ Pereyra, Matos, Gonz\u00e1lez Mart\u00ednez, Tolosa - Arquimaster\" \/>\n<meta property=\"og:description\" content=\"Desarrollado en la plaza principal de Rio Tercero y un parque en un contexto m\u00e1s natural...\" \/>\n<meta property=\"og:url\" content=\"https:\/\/www.arquimaster.com.ar\/web\/proyecto-nuevo-parque-balneario-y-renovacion-de-la-plaza-san-martin-pereyra-matos-gonzalez-martinez-tolosa\/\" \/>\n<meta property=\"og:site_name\" content=\"Arquimaster\" \/>\n<meta property=\"article:publisher\" content=\"http:\/\/www.facebook.com\/ARQUIMASTER.com.ar\" \/>\n<meta property=\"article:published_time\" content=\"2018-08-20T19:30:30+00:00\" \/>\n<meta property=\"article:modified_time\" content=\"2018-08-23T19:53:49+00:00\" \/>\n<meta property=\"og:image\" content=\"https:\/\/www.arquimaster.com.ar\/web\/wp-content\/uploads\/2018\/08\/proyecto_plaza_blaneario_slide-wpp1581273469318.jpg\" \/>\n\t<meta property=\"og:image:width\" content=\"698\" \/>\n\t<meta property=\"og:image:height\" content=\"364\" \/>\n\t<meta property=\"og:image:type\" content=\"image\/jpeg\" \/>\n<meta name=\"author\" content=\"Arquimaster\" \/>\n<meta name=\"twitter:card\" content=\"summary_large_image\" \/>\n<meta name=\"twitter:creator\" content=\"@arquimaster\" \/>\n<meta name=\"twitter:site\" content=\"@arquimaster\" \/>\n<meta name=\"twitter:label1\" content=\"Escrito por\" \/>\n\t<meta name=\"twitter:data1\" content=\"Arquimaster\" \/>\n\t<meta name=\"twitter:label2\" content=\"Tiempo de lectura\" \/>\n\t<meta name=\"twitter:data2\" content=\"10 minutos\" \/>\n<script type=\"application\/ld+json\" class=\"yoast-schema-graph\">{\"@context\":\"https:\\\/\\\/schema.org\",\"@graph\":[{\"@type\":\"Article\",\"@id\":\"https:\\\/\\\/www.arquimaster.com.ar\\\/web\\\/proyecto-nuevo-parque-balneario-y-renovacion-de-la-plaza-san-martin-pereyra-matos-gonzalez-martinez-tolosa\\\/#article\",\"isPartOf\":{\"@id\":\"https:\\\/\\\/www.arquimaster.com.ar\\\/web\\\/proyecto-nuevo-parque-balneario-y-renovacion-de-la-plaza-san-martin-pereyra-matos-gonzalez-martinez-tolosa\\\/\"},\"author\":{\"name\":\"Arquimaster\",\"@id\":\"https:\\\/\\\/www.arquimaster.com.ar\\\/web\\\/#\\\/schema\\\/person\\\/359e9f7c00193fcde068e0dd2ceb0028\"},\"headline\":\"Proyecto Nuevo Parque Balneario y Renovaci\u00f3n de la Plaza San Mart\u00edn \\\/ Pereyra, Matos, Gonz\u00e1lez Mart\u00ednez, Tolosa\",\"datePublished\":\"2018-08-20T19:30:30+00:00\",\"dateModified\":\"2018-08-23T19:53:49+00:00\",\"mainEntityOfPage\":{\"@id\":\"https:\\\/\\\/www.arquimaster.com.ar\\\/web\\\/proyecto-nuevo-parque-balneario-y-renovacion-de-la-plaza-san-martin-pereyra-matos-gonzalez-martinez-tolosa\\\/\"},\"wordCount\":2042,\"publisher\":{\"@id\":\"https:\\\/\\\/www.arquimaster.com.ar\\\/web\\\/#organization\"},\"image\":{\"@id\":\"https:\\\/\\\/www.arquimaster.com.ar\\\/web\\\/proyecto-nuevo-parque-balneario-y-renovacion-de-la-plaza-san-martin-pereyra-matos-gonzalez-martinez-tolosa\\\/#primaryimage\"},\"thumbnailUrl\":\"https:\\\/\\\/www.arquimaster.com.ar\\\/web\\\/wp-content\\\/uploads\\\/2018\\\/08\\\/proyecto_plaza_blaneario_slide-wpp1581273469318.jpg\",\"keywords\":[\"arquitectura del paisaje\",\"C\u00f3rdoba\",\"Fabian Tolosa\",\"Facundo Gonz\u00e1lez Mart\u00ednez\",\"Fernando Matos\",\"Ignacio Pereyra\",\"proyecto urbano\",\"proyectos para concursos\",\"resultados de concursos\",\"Rio Tercero\"],\"articleSection\":[\"Proyecto\",\"Proyectos para Concursos\",\"Proyectos urbanos\"],\"inLanguage\":\"es\"},{\"@type\":\"WebPage\",\"@id\":\"https:\\\/\\\/www.arquimaster.com.ar\\\/web\\\/proyecto-nuevo-parque-balneario-y-renovacion-de-la-plaza-san-martin-pereyra-matos-gonzalez-martinez-tolosa\\\/\",\"url\":\"https:\\\/\\\/www.arquimaster.com.ar\\\/web\\\/proyecto-nuevo-parque-balneario-y-renovacion-de-la-plaza-san-martin-pereyra-matos-gonzalez-martinez-tolosa\\\/\",\"name\":\"Proyecto Nuevo Parque Balneario y Renovaci\u00f3n de la Plaza San Mart\u00edn \\\/ Pereyra, Matos, Gonz\u00e1lez Mart\u00ednez, Tolosa - Arquimaster\",\"isPartOf\":{\"@id\":\"https:\\\/\\\/www.arquimaster.com.ar\\\/web\\\/#website\"},\"primaryImageOfPage\":{\"@id\":\"https:\\\/\\\/www.arquimaster.com.ar\\\/web\\\/proyecto-nuevo-parque-balneario-y-renovacion-de-la-plaza-san-martin-pereyra-matos-gonzalez-martinez-tolosa\\\/#primaryimage\"},\"image\":{\"@id\":\"https:\\\/\\\/www.arquimaster.com.ar\\\/web\\\/proyecto-nuevo-parque-balneario-y-renovacion-de-la-plaza-san-martin-pereyra-matos-gonzalez-martinez-tolosa\\\/#primaryimage\"},\"thumbnailUrl\":\"https:\\\/\\\/www.arquimaster.com.ar\\\/web\\\/wp-content\\\/uploads\\\/2018\\\/08\\\/proyecto_plaza_blaneario_slide-wpp1581273469318.jpg\",\"datePublished\":\"2018-08-20T19:30:30+00:00\",\"dateModified\":\"2018-08-23T19:53:49+00:00\",\"breadcrumb\":{\"@id\":\"https:\\\/\\\/www.arquimaster.com.ar\\\/web\\\/proyecto-nuevo-parque-balneario-y-renovacion-de-la-plaza-san-martin-pereyra-matos-gonzalez-martinez-tolosa\\\/#breadcrumb\"},\"inLanguage\":\"es\",\"potentialAction\":[{\"@type\":\"ReadAction\",\"target\":[\"https:\\\/\\\/www.arquimaster.com.ar\\\/web\\\/proyecto-nuevo-parque-balneario-y-renovacion-de-la-plaza-san-martin-pereyra-matos-gonzalez-martinez-tolosa\\\/\"]}]},{\"@type\":\"ImageObject\",\"inLanguage\":\"es\",\"@id\":\"https:\\\/\\\/www.arquimaster.com.ar\\\/web\\\/proyecto-nuevo-parque-balneario-y-renovacion-de-la-plaza-san-martin-pereyra-matos-gonzalez-martinez-tolosa\\\/#primaryimage\",\"url\":\"https:\\\/\\\/www.arquimaster.com.ar\\\/web\\\/wp-content\\\/uploads\\\/2018\\\/08\\\/proyecto_plaza_blaneario_slide-wpp1581273469318.jpg\",\"contentUrl\":\"https:\\\/\\\/www.arquimaster.com.ar\\\/web\\\/wp-content\\\/uploads\\\/2018\\\/08\\\/proyecto_plaza_blaneario_slide-wpp1581273469318.jpg\",\"width\":698,\"height\":364},{\"@type\":\"BreadcrumbList\",\"@id\":\"https:\\\/\\\/www.arquimaster.com.ar\\\/web\\\/proyecto-nuevo-parque-balneario-y-renovacion-de-la-plaza-san-martin-pereyra-matos-gonzalez-martinez-tolosa\\\/#breadcrumb\",\"itemListElement\":[{\"@type\":\"ListItem\",\"position\":1,\"name\":\"Portada\",\"item\":\"https:\\\/\\\/www.arquimaster.com.ar\\\/web\\\/\"},{\"@type\":\"ListItem\",\"position\":2,\"name\":\"Proyecto Nuevo Parque Balneario y Renovaci\u00f3n de la Plaza San Mart\u00edn \\\/ Pereyra, Matos, Gonz\u00e1lez Mart\u00ednez, Tolosa\"}]},{\"@type\":\"WebSite\",\"@id\":\"https:\\\/\\\/www.arquimaster.com.ar\\\/web\\\/#website\",\"url\":\"https:\\\/\\\/www.arquimaster.com.ar\\\/web\\\/\",\"name\":\"Arquimaster\",\"description\":\"Web de arquitectura, dise\u00f1o y construccion\",\"publisher\":{\"@id\":\"https:\\\/\\\/www.arquimaster.com.ar\\\/web\\\/#organization\"},\"potentialAction\":[{\"@type\":\"SearchAction\",\"target\":{\"@type\":\"EntryPoint\",\"urlTemplate\":\"https:\\\/\\\/www.arquimaster.com.ar\\\/web\\\/?s={search_term_string}\"},\"query-input\":{\"@type\":\"PropertyValueSpecification\",\"valueRequired\":true,\"valueName\":\"search_term_string\"}}],\"inLanguage\":\"es\"},{\"@type\":\"Organization\",\"@id\":\"https:\\\/\\\/www.arquimaster.com.ar\\\/web\\\/#organization\",\"name\":\"Arquimaster\",\"url\":\"https:\\\/\\\/www.arquimaster.com.ar\\\/web\\\/\",\"logo\":{\"@type\":\"ImageObject\",\"inLanguage\":\"es\",\"@id\":\"https:\\\/\\\/www.arquimaster.com.ar\\\/web\\\/#\\\/schema\\\/logo\\\/image\\\/\",\"url\":\"https:\\\/\\\/www.arquimaster.com.ar\\\/web\\\/wp-content\\\/uploads\\\/2022\\\/06\\\/arquimaster.png\",\"contentUrl\":\"https:\\\/\\\/www.arquimaster.com.ar\\\/web\\\/wp-content\\\/uploads\\\/2022\\\/06\\\/arquimaster.png\",\"width\":594,\"height\":78,\"caption\":\"Arquimaster\"},\"image\":{\"@id\":\"https:\\\/\\\/www.arquimaster.com.ar\\\/web\\\/#\\\/schema\\\/logo\\\/image\\\/\"},\"sameAs\":[\"http:\\\/\\\/www.facebook.com\\\/ARQUIMASTER.com.ar\",\"https:\\\/\\\/x.com\\\/arquimaster\",\"https:\\\/\\\/www.instagram.com\\\/arquimasterblog\\\/\",\"https:\\\/\\\/www.linkedin.com\\\/company\\\/arquimaster\",\"https:\\\/\\\/www.pinterest.com\\\/arquimaster\",\"https:\\\/\\\/t.me\\\/arquimaster\"]},{\"@type\":\"Person\",\"@id\":\"https:\\\/\\\/www.arquimaster.com.ar\\\/web\\\/#\\\/schema\\\/person\\\/359e9f7c00193fcde068e0dd2ceb0028\",\"name\":\"Arquimaster\"}]}<\/script>\n<!-- \/ Yoast SEO plugin. -->","yoast_head_json":{"title":"Proyecto Nuevo Parque Balneario y Renovaci\u00f3n de la Plaza San Mart\u00edn \/ Pereyra, Matos, Gonz\u00e1lez Mart\u00ednez, Tolosa - Arquimaster","robots":{"index":"index","follow":"follow","max-snippet":"max-snippet:-1","max-image-preview":"max-image-preview:large","max-video-preview":"max-video-preview:-1"},"canonical":"https:\/\/www.arquimaster.com.ar\/web\/proyecto-nuevo-parque-balneario-y-renovacion-de-la-plaza-san-martin-pereyra-matos-gonzalez-martinez-tolosa\/","og_locale":"es_ES","og_type":"article","og_title":"Proyecto Nuevo Parque Balneario y Renovaci\u00f3n de la Plaza San Mart\u00edn \/ Pereyra, Matos, Gonz\u00e1lez Mart\u00ednez, Tolosa - Arquimaster","og_description":"Desarrollado en la plaza principal de Rio Tercero y un parque en un contexto m\u00e1s natural...","og_url":"https:\/\/www.arquimaster.com.ar\/web\/proyecto-nuevo-parque-balneario-y-renovacion-de-la-plaza-san-martin-pereyra-matos-gonzalez-martinez-tolosa\/","og_site_name":"Arquimaster","article_publisher":"http:\/\/www.facebook.com\/ARQUIMASTER.com.ar","article_published_time":"2018-08-20T19:30:30+00:00","article_modified_time":"2018-08-23T19:53:49+00:00","og_image":[{"width":698,"height":364,"url":"https:\/\/www.arquimaster.com.ar\/web\/wp-content\/uploads\/2018\/08\/proyecto_plaza_blaneario_slide-wpp1581273469318.jpg","type":"image\/jpeg"}],"author":"Arquimaster","twitter_card":"summary_large_image","twitter_creator":"@arquimaster","twitter_site":"@arquimaster","twitter_misc":{"Escrito por":"Arquimaster","Tiempo de lectura":"10 minutos"},"schema":{"@context":"https:\/\/schema.org","@graph":[{"@type":"Article","@id":"https:\/\/www.arquimaster.com.ar\/web\/proyecto-nuevo-parque-balneario-y-renovacion-de-la-plaza-san-martin-pereyra-matos-gonzalez-martinez-tolosa\/#article","isPartOf":{"@id":"https:\/\/www.arquimaster.com.ar\/web\/proyecto-nuevo-parque-balneario-y-renovacion-de-la-plaza-san-martin-pereyra-matos-gonzalez-martinez-tolosa\/"},"author":{"name":"Arquimaster","@id":"https:\/\/www.arquimaster.com.ar\/web\/#\/schema\/person\/359e9f7c00193fcde068e0dd2ceb0028"},"headline":"Proyecto Nuevo Parque Balneario y Renovaci\u00f3n de la Plaza San Mart\u00edn \/ Pereyra, Matos, Gonz\u00e1lez Mart\u00ednez, Tolosa","datePublished":"2018-08-20T19:30:30+00:00","dateModified":"2018-08-23T19:53:49+00:00","mainEntityOfPage":{"@id":"https:\/\/www.arquimaster.com.ar\/web\/proyecto-nuevo-parque-balneario-y-renovacion-de-la-plaza-san-martin-pereyra-matos-gonzalez-martinez-tolosa\/"},"wordCount":2042,"publisher":{"@id":"https:\/\/www.arquimaster.com.ar\/web\/#organization"},"image":{"@id":"https:\/\/www.arquimaster.com.ar\/web\/proyecto-nuevo-parque-balneario-y-renovacion-de-la-plaza-san-martin-pereyra-matos-gonzalez-martinez-tolosa\/#primaryimage"},"thumbnailUrl":"https:\/\/www.arquimaster.com.ar\/web\/wp-content\/uploads\/2018\/08\/proyecto_plaza_blaneario_slide-wpp1581273469318.jpg","keywords":["arquitectura del paisaje","C\u00f3rdoba","Fabian Tolosa","Facundo Gonz\u00e1lez Mart\u00ednez","Fernando Matos","Ignacio Pereyra","proyecto urbano","proyectos para concursos","resultados de concursos","Rio Tercero"],"articleSection":["Proyecto","Proyectos para Concursos","Proyectos urbanos"],"inLanguage":"es"},{"@type":"WebPage","@id":"https:\/\/www.arquimaster.com.ar\/web\/proyecto-nuevo-parque-balneario-y-renovacion-de-la-plaza-san-martin-pereyra-matos-gonzalez-martinez-tolosa\/","url":"https:\/\/www.arquimaster.com.ar\/web\/proyecto-nuevo-parque-balneario-y-renovacion-de-la-plaza-san-martin-pereyra-matos-gonzalez-martinez-tolosa\/","name":"Proyecto Nuevo Parque Balneario y Renovaci\u00f3n de la Plaza San Mart\u00edn \/ Pereyra, Matos, Gonz\u00e1lez Mart\u00ednez, Tolosa - Arquimaster","isPartOf":{"@id":"https:\/\/www.arquimaster.com.ar\/web\/#website"},"primaryImageOfPage":{"@id":"https:\/\/www.arquimaster.com.ar\/web\/proyecto-nuevo-parque-balneario-y-renovacion-de-la-plaza-san-martin-pereyra-matos-gonzalez-martinez-tolosa\/#primaryimage"},"image":{"@id":"https:\/\/www.arquimaster.com.ar\/web\/proyecto-nuevo-parque-balneario-y-renovacion-de-la-plaza-san-martin-pereyra-matos-gonzalez-martinez-tolosa\/#primaryimage"},"thumbnailUrl":"https:\/\/www.arquimaster.com.ar\/web\/wp-content\/uploads\/2018\/08\/proyecto_plaza_blaneario_slide-wpp1581273469318.jpg","datePublished":"2018-08-20T19:30:30+00:00","dateModified":"2018-08-23T19:53:49+00:00","breadcrumb":{"@id":"https:\/\/www.arquimaster.com.ar\/web\/proyecto-nuevo-parque-balneario-y-renovacion-de-la-plaza-san-martin-pereyra-matos-gonzalez-martinez-tolosa\/#breadcrumb"},"inLanguage":"es","potentialAction":[{"@type":"ReadAction","target":["https:\/\/www.arquimaster.com.ar\/web\/proyecto-nuevo-parque-balneario-y-renovacion-de-la-plaza-san-martin-pereyra-matos-gonzalez-martinez-tolosa\/"]}]},{"@type":"ImageObject","inLanguage":"es","@id":"https:\/\/www.arquimaster.com.ar\/web\/proyecto-nuevo-parque-balneario-y-renovacion-de-la-plaza-san-martin-pereyra-matos-gonzalez-martinez-tolosa\/#primaryimage","url":"https:\/\/www.arquimaster.com.ar\/web\/wp-content\/uploads\/2018\/08\/proyecto_plaza_blaneario_slide-wpp1581273469318.jpg","contentUrl":"https:\/\/www.arquimaster.com.ar\/web\/wp-content\/uploads\/2018\/08\/proyecto_plaza_blaneario_slide-wpp1581273469318.jpg","width":698,"height":364},{"@type":"BreadcrumbList","@id":"https:\/\/www.arquimaster.com.ar\/web\/proyecto-nuevo-parque-balneario-y-renovacion-de-la-plaza-san-martin-pereyra-matos-gonzalez-martinez-tolosa\/#breadcrumb","itemListElement":[{"@type":"ListItem","position":1,"name":"Portada","item":"https:\/\/www.arquimaster.com.ar\/web\/"},{"@type":"ListItem","position":2,"name":"Proyecto Nuevo Parque Balneario y Renovaci\u00f3n de la Plaza San Mart\u00edn \/ Pereyra, Matos, Gonz\u00e1lez Mart\u00ednez, Tolosa"}]},{"@type":"WebSite","@id":"https:\/\/www.arquimaster.com.ar\/web\/#website","url":"https:\/\/www.arquimaster.com.ar\/web\/","name":"Arquimaster","description":"Web de arquitectura, dise\u00f1o y construccion","publisher":{"@id":"https:\/\/www.arquimaster.com.ar\/web\/#organization"},"potentialAction":[{"@type":"SearchAction","target":{"@type":"EntryPoint","urlTemplate":"https:\/\/www.arquimaster.com.ar\/web\/?s={search_term_string}"},"query-input":{"@type":"PropertyValueSpecification","valueRequired":true,"valueName":"search_term_string"}}],"inLanguage":"es"},{"@type":"Organization","@id":"https:\/\/www.arquimaster.com.ar\/web\/#organization","name":"Arquimaster","url":"https:\/\/www.arquimaster.com.ar\/web\/","logo":{"@type":"ImageObject","inLanguage":"es","@id":"https:\/\/www.arquimaster.com.ar\/web\/#\/schema\/logo\/image\/","url":"https:\/\/www.arquimaster.com.ar\/web\/wp-content\/uploads\/2022\/06\/arquimaster.png","contentUrl":"https:\/\/www.arquimaster.com.ar\/web\/wp-content\/uploads\/2022\/06\/arquimaster.png","width":594,"height":78,"caption":"Arquimaster"},"image":{"@id":"https:\/\/www.arquimaster.com.ar\/web\/#\/schema\/logo\/image\/"},"sameAs":["http:\/\/www.facebook.com\/ARQUIMASTER.com.ar","https:\/\/x.com\/arquimaster","https:\/\/www.instagram.com\/arquimasterblog\/","https:\/\/www.linkedin.com\/company\/arquimaster","https:\/\/www.pinterest.com\/arquimaster","https:\/\/t.me\/arquimaster"]},{"@type":"Person","@id":"https:\/\/www.arquimaster.com.ar\/web\/#\/schema\/person\/359e9f7c00193fcde068e0dd2ceb0028","name":"Arquimaster"}]}},"uagb_featured_image_src":{"full":["https:\/\/www.arquimaster.com.ar\/web\/wp-content\/uploads\/2018\/08\/proyecto_plaza_blaneario_slide-wpp1581273469318.jpg",698,364,false],"thumbnail":["https:\/\/www.arquimaster.com.ar\/web\/wp-content\/uploads\/2018\/08\/proyecto_plaza_blaneario_slide-wpp1581273469318-150x150.jpg",150,150,true],"medium":["https:\/\/www.arquimaster.com.ar\/web\/wp-content\/uploads\/2018\/08\/proyecto_plaza_blaneario_slide-wpp1581273469318.jpg",698,364,false],"medium_large":["https:\/\/www.arquimaster.com.ar\/web\/wp-content\/uploads\/2018\/08\/proyecto_plaza_blaneario_slide-wpp1581273469318.jpg",698,364,false],"large":["https:\/\/www.arquimaster.com.ar\/web\/wp-content\/uploads\/2018\/08\/proyecto_plaza_blaneario_slide-wpp1581273469318.jpg",698,364,false],"1536x1536":["https:\/\/www.arquimaster.com.ar\/web\/wp-content\/uploads\/2018\/08\/proyecto_plaza_blaneario_slide-wpp1581273469318.jpg",698,364,false],"2048x2048":["https:\/\/www.arquimaster.com.ar\/web\/wp-content\/uploads\/2018\/08\/proyecto_plaza_blaneario_slide-wpp1581273469318.jpg",698,364,false]},"uagb_author_info":{"display_name":"Arquimaster","author_link":"https:\/\/www.arquimaster.com.ar\/web\/author\/arquimaster\/"},"uagb_comment_info":0,"uagb_excerpt":"Desarrollado en la plaza principal de Rio Tercero y un parque en un contexto m\u00e1s natural...","_links":{"self":[{"href":"https:\/\/www.arquimaster.com.ar\/web\/wp-json\/wp\/v2\/posts\/31225","targetHints":{"allow":["GET"]}}],"collection":[{"href":"https:\/\/www.arquimaster.com.ar\/web\/wp-json\/wp\/v2\/posts"}],"about":[{"href":"https:\/\/www.arquimaster.com.ar\/web\/wp-json\/wp\/v2\/types\/post"}],"author":[{"embeddable":true,"href":"https:\/\/www.arquimaster.com.ar\/web\/wp-json\/wp\/v2\/users\/1"}],"replies":[{"embeddable":true,"href":"https:\/\/www.arquimaster.com.ar\/web\/wp-json\/wp\/v2\/comments?post=31225"}],"version-history":[{"count":0,"href":"https:\/\/www.arquimaster.com.ar\/web\/wp-json\/wp\/v2\/posts\/31225\/revisions"}],"wp:featuredmedia":[{"embeddable":true,"href":"https:\/\/www.arquimaster.com.ar\/web\/wp-json\/wp\/v2\/media\/31226"}],"wp:attachment":[{"href":"https:\/\/www.arquimaster.com.ar\/web\/wp-json\/wp\/v2\/media?parent=31225"}],"wp:term":[{"taxonomy":"category","embeddable":true,"href":"https:\/\/www.arquimaster.com.ar\/web\/wp-json\/wp\/v2\/categories?post=31225"},{"taxonomy":"post_tag","embeddable":true,"href":"https:\/\/www.arquimaster.com.ar\/web\/wp-json\/wp\/v2\/tags?post=31225"}],"curies":[{"name":"wp","href":"https:\/\/api.w.org\/{rel}","templated":true}]}}