{"id":31325,"date":"2018-09-20T14:35:02","date_gmt":"2018-09-20T14:35:02","guid":{"rendered":"http:\/\/www.arquimaster.com.ar\/web\/?p=31325"},"modified":"2018-09-21T17:22:02","modified_gmt":"2018-09-21T17:22:02","slug":"oficina-creativa-espacio-23-casa-foa-2018-alejandra-churruarin-gabriel-voiro-nicolas-voiro","status":"publish","type":"post","link":"https:\/\/www.arquimaster.com.ar\/web\/oficina-creativa-espacio-23-casa-foa-2018-alejandra-churruarin-gabriel-voiro-nicolas-voiro\/","title":{"rendered":"Oficina Creativa (Espacio 23 \/ Casa FOA 2018) \/ Alejandra Churruarin, Gabriel Voiro, Nicol\u00e1s Voiro"},"content":{"rendered":"<div style=\"margin-top: 0px; margin-bottom: 0px;\" class=\"sharethis-inline-share-buttons\" ><\/div><div class=\"b812932af2e751442846f039925109de\" data-index=\"1\" style=\"float: none; margin:25px 0 25px 0; text-align:center;\">\n<script async src=\"https:\/\/pagead2.googlesyndication.com\/pagead\/js\/adsbygoogle.js\"><\/script>\r\n<!-- Arquimaster (superior) -->\r\n<ins class=\"adsbygoogle\"\r\n     style=\"display:block\"\r\n     data-ad-client=\"ca-pub-6351072698456832\"\r\n     data-ad-slot=\"6455489680\"\r\n     data-ad-format=\"auto\"\r\n     data-full-width-responsive=\"true\"><\/ins>\r\n<script>\r\n     (adsbygoogle = window.adsbygoogle || []).push({});\r\n<\/script>\n<\/div>\n<p><strong>Oficina Creativa<\/strong> (Espacio 23 \/ Casa FOA 2018 \/ Cassa Devoto) por <strong>Arch Group <\/strong>(Arq. <strong>Alejandra Churruarin<\/strong>, Arq. <strong>Gabriel Voiro<\/strong>, Arq.<strong> Nicol\u00e1s Voiro<\/strong>).<\/p>\n<div id='gallery-1' class='gallery galleryid-31325 gallery-columns-3 gallery-size-thumbnail'><figure class='gallery-item'>\n\t\t\t<div class='gallery-icon portrait'>\n\t\t\t\t<a href='https:\/\/www.arquimaster.com.ar\/web\/wp-content\/uploads\/2018\/09\/espacio23_casafoa2018_1.jpg' title=\"Oficina Creativa (Espacio 23 \/ Casa FOA 2018) \/ Alejandra Churruarin, Gabriel Voiro, Nicol\u00e1s Voiro (\u00a9 Valeria Seco)\" data-rl_title=\"Oficina Creativa (Espacio 23 \/ Casa FOA 2018) \/ Alejandra Churruarin, Gabriel Voiro, Nicol\u00e1s Voiro (\u00a9 Valeria Seco)\" class=\"rl-gallery-link\" data-rl_caption=\"Oficina Creativa (Espacio 23 \/ Casa FOA 2018) \/ Alejandra Churruarin, Gabriel Voiro, Nicol\u00e1s Voiro (\u00a9 Valeria Seco)\" data-rel=\"lightbox-gallery-1\"><img loading=\"lazy\" decoding=\"async\" width=\"150\" height=\"150\" src=\"https:\/\/www.arquimaster.com.ar\/web\/wp-content\/uploads\/2018\/09\/espacio23_casafoa2018_1-150x150.jpg\" class=\"attachment-thumbnail size-thumbnail\" alt=\"\" aria-describedby=\"gallery-1-31327\" srcset=\"https:\/\/www.arquimaster.com.ar\/web\/wp-content\/uploads\/2018\/09\/espacio23_casafoa2018_1-150x150.jpg 150w, https:\/\/www.arquimaster.com.ar\/web\/wp-content\/uploads\/2018\/09\/espacio23_casafoa2018_1-50x50.jpg 50w, https:\/\/www.arquimaster.com.ar\/web\/wp-content\/uploads\/2018\/09\/espacio23_casafoa2018_1-125x125.jpg 125w\" sizes=\"auto, (max-width: 150px) 100vw, 150px\" \/><\/a>\n\t\t\t<\/div>\n\t\t\t\t<figcaption class='wp-caption-text gallery-caption' id='gallery-1-31327'>\n\t\t\t\tOficina Creativa (Espacio 23 \/ Casa FOA 2018) \/ Alejandra Churruarin, Gabriel Voiro, Nicol\u00e1s Voiro (\u00a9 Valeria Seco)\n\t\t\t\t<\/figcaption><\/figure><figure class='gallery-item'>\n\t\t\t<div class='gallery-icon portrait'>\n\t\t\t\t<a href='https:\/\/www.arquimaster.com.ar\/web\/wp-content\/uploads\/2018\/09\/espacio23_casafoa2018_2.jpg' title=\"Oficina Creativa (Espacio 23 \/ Casa FOA 2018) \/ Alejandra Churruarin, Gabriel Voiro, Nicol\u00e1s Voiro (\u00a9 Valeria Seco)\" data-rl_title=\"Oficina Creativa (Espacio 23 \/ Casa FOA 2018) \/ Alejandra Churruarin, Gabriel Voiro, Nicol\u00e1s Voiro (\u00a9 Valeria Seco)\" class=\"rl-gallery-link\" data-rl_caption=\"Oficina Creativa (Espacio 23 \/ Casa FOA 2018) \/ Alejandra Churruarin, Gabriel Voiro, Nicol\u00e1s Voiro (\u00a9 Valeria Seco)\" data-rel=\"lightbox-gallery-1\"><img loading=\"lazy\" decoding=\"async\" width=\"150\" height=\"150\" src=\"https:\/\/www.arquimaster.com.ar\/web\/wp-content\/uploads\/2018\/09\/espacio23_casafoa2018_2-150x150.jpg\" class=\"attachment-thumbnail size-thumbnail\" alt=\"\" aria-describedby=\"gallery-1-31328\" srcset=\"https:\/\/www.arquimaster.com.ar\/web\/wp-content\/uploads\/2018\/09\/espacio23_casafoa2018_2-150x150.jpg 150w, https:\/\/www.arquimaster.com.ar\/web\/wp-content\/uploads\/2018\/09\/espacio23_casafoa2018_2-50x50.jpg 50w, https:\/\/www.arquimaster.com.ar\/web\/wp-content\/uploads\/2018\/09\/espacio23_casafoa2018_2-125x125.jpg 125w\" sizes=\"auto, (max-width: 150px) 100vw, 150px\" \/><\/a>\n\t\t\t<\/div>\n\t\t\t\t<figcaption class='wp-caption-text gallery-caption' id='gallery-1-31328'>\n\t\t\t\tOficina Creativa (Espacio 23 \/ Casa FOA 2018) \/ Alejandra Churruarin, Gabriel Voiro, Nicol\u00e1s Voiro (\u00a9 Valeria Seco)\n\t\t\t\t<\/figcaption><\/figure><figure class='gallery-item'>\n\t\t\t<div class='gallery-icon landscape'>\n\t\t\t\t<a href='https:\/\/www.arquimaster.com.ar\/web\/wp-content\/uploads\/2018\/09\/espacio23_casafoa2018_3.jpg' title=\"Oficina Creativa (Espacio 23 \/ Casa FOA 2018) \/ Alejandra Churruarin, Gabriel Voiro, Nicol\u00e1s Voiro (\u00a9 Valeria Seco)\" data-rl_title=\"Oficina Creativa (Espacio 23 \/ Casa FOA 2018) \/ Alejandra Churruarin, Gabriel Voiro, Nicol\u00e1s Voiro (\u00a9 Valeria Seco)\" class=\"rl-gallery-link\" data-rl_caption=\"Oficina Creativa (Espacio 23 \/ Casa FOA 2018) \/ Alejandra Churruarin, Gabriel Voiro, Nicol\u00e1s Voiro (\u00a9 Valeria Seco)\" data-rel=\"lightbox-gallery-1\"><img loading=\"lazy\" decoding=\"async\" width=\"150\" height=\"150\" src=\"https:\/\/www.arquimaster.com.ar\/web\/wp-content\/uploads\/2018\/09\/espacio23_casafoa2018_3-150x150.jpg\" class=\"attachment-thumbnail size-thumbnail\" alt=\"\" aria-describedby=\"gallery-1-31329\" srcset=\"https:\/\/www.arquimaster.com.ar\/web\/wp-content\/uploads\/2018\/09\/espacio23_casafoa2018_3-150x150.jpg 150w, https:\/\/www.arquimaster.com.ar\/web\/wp-content\/uploads\/2018\/09\/espacio23_casafoa2018_3-50x50.jpg 50w, https:\/\/www.arquimaster.com.ar\/web\/wp-content\/uploads\/2018\/09\/espacio23_casafoa2018_3-125x125.jpg 125w\" sizes=\"auto, (max-width: 150px) 100vw, 150px\" \/><\/a>\n\t\t\t<\/div>\n\t\t\t\t<figcaption class='wp-caption-text gallery-caption' id='gallery-1-31329'>\n\t\t\t\tOficina Creativa (Espacio 23 \/ Casa FOA 2018) \/ Alejandra Churruarin, Gabriel Voiro, Nicol\u00e1s Voiro (\u00a9 Valeria Seco)\n\t\t\t\t<\/figcaption><\/figure><figure class='gallery-item'>\n\t\t\t<div class='gallery-icon landscape'>\n\t\t\t\t<a href='https:\/\/www.arquimaster.com.ar\/web\/wp-content\/uploads\/2018\/09\/espacio23_casafoa2018_4.jpg' title=\"Oficina Creativa (Espacio 23 \/ Casa FOA 2018) \/ Alejandra Churruarin, Gabriel Voiro, Nicol\u00e1s Voiro (\u00a9 Valeria Seco)\" data-rl_title=\"Oficina Creativa (Espacio 23 \/ Casa FOA 2018) \/ Alejandra Churruarin, Gabriel Voiro, Nicol\u00e1s Voiro (\u00a9 Valeria Seco)\" class=\"rl-gallery-link\" data-rl_caption=\"Oficina Creativa (Espacio 23 \/ Casa FOA 2018) \/ Alejandra Churruarin, Gabriel Voiro, Nicol\u00e1s Voiro (\u00a9 Valeria Seco)\" data-rel=\"lightbox-gallery-1\"><img loading=\"lazy\" decoding=\"async\" width=\"150\" height=\"150\" src=\"https:\/\/www.arquimaster.com.ar\/web\/wp-content\/uploads\/2018\/09\/espacio23_casafoa2018_4-150x150.jpg\" class=\"attachment-thumbnail size-thumbnail\" alt=\"\" aria-describedby=\"gallery-1-31330\" srcset=\"https:\/\/www.arquimaster.com.ar\/web\/wp-content\/uploads\/2018\/09\/espacio23_casafoa2018_4-150x150.jpg 150w, https:\/\/www.arquimaster.com.ar\/web\/wp-content\/uploads\/2018\/09\/espacio23_casafoa2018_4-50x50.jpg 50w, https:\/\/www.arquimaster.com.ar\/web\/wp-content\/uploads\/2018\/09\/espacio23_casafoa2018_4-125x125.jpg 125w\" sizes=\"auto, (max-width: 150px) 100vw, 150px\" \/><\/a>\n\t\t\t<\/div>\n\t\t\t\t<figcaption class='wp-caption-text gallery-caption' id='gallery-1-31330'>\n\t\t\t\tOficina Creativa (Espacio 23 \/ Casa FOA 2018) \/ Alejandra Churruarin, Gabriel Voiro, Nicol\u00e1s Voiro (\u00a9 Valeria Seco)\n\t\t\t\t<\/figcaption><\/figure><figure class='gallery-item'>\n\t\t\t<div class='gallery-icon landscape'>\n\t\t\t\t<a href='https:\/\/www.arquimaster.com.ar\/web\/wp-content\/uploads\/2018\/09\/espacio23_casafoa2018_5.jpg' title=\"Oficina Creativa (Espacio 23 \/ Casa FOA 2018) \/ Alejandra Churruarin, Gabriel Voiro, Nicol\u00e1s Voiro (\u00a9 Valeria Seco)\" data-rl_title=\"Oficina Creativa (Espacio 23 \/ Casa FOA 2018) \/ Alejandra Churruarin, Gabriel Voiro, Nicol\u00e1s Voiro (\u00a9 Valeria Seco)\" class=\"rl-gallery-link\" data-rl_caption=\"Oficina Creativa (Espacio 23 \/ Casa FOA 2018) \/ Alejandra Churruarin, Gabriel Voiro, Nicol\u00e1s Voiro (\u00a9 Valeria Seco)\" data-rel=\"lightbox-gallery-1\"><img loading=\"lazy\" decoding=\"async\" width=\"150\" height=\"150\" src=\"https:\/\/www.arquimaster.com.ar\/web\/wp-content\/uploads\/2018\/09\/espacio23_casafoa2018_5-150x150.jpg\" class=\"attachment-thumbnail size-thumbnail\" alt=\"\" aria-describedby=\"gallery-1-31331\" srcset=\"https:\/\/www.arquimaster.com.ar\/web\/wp-content\/uploads\/2018\/09\/espacio23_casafoa2018_5-150x150.jpg 150w, https:\/\/www.arquimaster.com.ar\/web\/wp-content\/uploads\/2018\/09\/espacio23_casafoa2018_5-50x50.jpg 50w, https:\/\/www.arquimaster.com.ar\/web\/wp-content\/uploads\/2018\/09\/espacio23_casafoa2018_5-125x125.jpg 125w\" sizes=\"auto, (max-width: 150px) 100vw, 150px\" \/><\/a>\n\t\t\t<\/div>\n\t\t\t\t<figcaption class='wp-caption-text gallery-caption' id='gallery-1-31331'>\n\t\t\t\tOficina Creativa (Espacio 23 \/ Casa FOA 2018) \/ Alejandra Churruarin, Gabriel Voiro, Nicol\u00e1s Voiro (\u00a9 Valeria Seco)\n\t\t\t\t<\/figcaption><\/figure><figure class='gallery-item'>\n\t\t\t<div class='gallery-icon landscape'>\n\t\t\t\t<a href='https:\/\/www.arquimaster.com.ar\/web\/wp-content\/uploads\/2018\/09\/espacio23_casafoa2018_6.jpg' title=\"Oficina Creativa (Espacio 23 \/ Casa FOA 2018) \/ Alejandra Churruarin, Gabriel Voiro, Nicol\u00e1s Voiro (\u00a9 Valeria Seco)\" data-rl_title=\"Oficina Creativa (Espacio 23 \/ Casa FOA 2018) \/ Alejandra Churruarin, Gabriel Voiro, Nicol\u00e1s Voiro (\u00a9 Valeria Seco)\" class=\"rl-gallery-link\" data-rl_caption=\"Oficina Creativa (Espacio 23 \/ Casa FOA 2018) \/ Alejandra Churruarin, Gabriel Voiro, Nicol\u00e1s Voiro (\u00a9 Valeria Seco)\" data-rel=\"lightbox-gallery-1\"><img loading=\"lazy\" decoding=\"async\" width=\"150\" height=\"150\" src=\"https:\/\/www.arquimaster.com.ar\/web\/wp-content\/uploads\/2018\/09\/espacio23_casafoa2018_6-150x150.jpg\" class=\"attachment-thumbnail size-thumbnail\" alt=\"\" aria-describedby=\"gallery-1-31332\" srcset=\"https:\/\/www.arquimaster.com.ar\/web\/wp-content\/uploads\/2018\/09\/espacio23_casafoa2018_6-150x150.jpg 150w, https:\/\/www.arquimaster.com.ar\/web\/wp-content\/uploads\/2018\/09\/espacio23_casafoa2018_6-50x50.jpg 50w, https:\/\/www.arquimaster.com.ar\/web\/wp-content\/uploads\/2018\/09\/espacio23_casafoa2018_6-125x125.jpg 125w\" sizes=\"auto, (max-width: 150px) 100vw, 150px\" \/><\/a>\n\t\t\t<\/div>\n\t\t\t\t<figcaption class='wp-caption-text gallery-caption' id='gallery-1-31332'>\n\t\t\t\tOficina Creativa (Espacio 23 \/ Casa FOA 2018) \/ Alejandra Churruarin, Gabriel Voiro, Nicol\u00e1s Voiro (\u00a9 Valeria Seco)\n\t\t\t\t<\/figcaption><\/figure><figure class='gallery-item'>\n\t\t\t<div class='gallery-icon portrait'>\n\t\t\t\t<a href='https:\/\/www.arquimaster.com.ar\/web\/wp-content\/uploads\/2018\/09\/espacio23_casafoa2018_7.jpg' title=\"Oficina Creativa (Espacio 23 \/ Casa FOA 2018) \/ Alejandra Churruarin, Gabriel Voiro, Nicol\u00e1s Voiro (\u00a9 Valeria Seco)\" data-rl_title=\"Oficina Creativa (Espacio 23 \/ Casa FOA 2018) \/ Alejandra Churruarin, Gabriel Voiro, Nicol\u00e1s Voiro (\u00a9 Valeria Seco)\" class=\"rl-gallery-link\" data-rl_caption=\"Oficina Creativa (Espacio 23 \/ Casa FOA 2018) \/ Alejandra Churruarin, Gabriel Voiro, Nicol\u00e1s Voiro (\u00a9 Valeria Seco)\" data-rel=\"lightbox-gallery-1\"><img loading=\"lazy\" decoding=\"async\" width=\"150\" height=\"150\" src=\"https:\/\/www.arquimaster.com.ar\/web\/wp-content\/uploads\/2018\/09\/espacio23_casafoa2018_7-150x150.jpg\" class=\"attachment-thumbnail size-thumbnail\" alt=\"\" aria-describedby=\"gallery-1-31333\" srcset=\"https:\/\/www.arquimaster.com.ar\/web\/wp-content\/uploads\/2018\/09\/espacio23_casafoa2018_7-150x150.jpg 150w, https:\/\/www.arquimaster.com.ar\/web\/wp-content\/uploads\/2018\/09\/espacio23_casafoa2018_7-50x50.jpg 50w, https:\/\/www.arquimaster.com.ar\/web\/wp-content\/uploads\/2018\/09\/espacio23_casafoa2018_7-125x125.jpg 125w\" sizes=\"auto, (max-width: 150px) 100vw, 150px\" \/><\/a>\n\t\t\t<\/div>\n\t\t\t\t<figcaption class='wp-caption-text gallery-caption' id='gallery-1-31333'>\n\t\t\t\tOficina Creativa (Espacio 23 \/ Casa FOA 2018) \/ Alejandra Churruarin, Gabriel Voiro, Nicol\u00e1s Voiro (\u00a9 Valeria Seco)\n\t\t\t\t<\/figcaption><\/figure><figure class='gallery-item'>\n\t\t\t<div class='gallery-icon portrait'>\n\t\t\t\t<a href='https:\/\/www.arquimaster.com.ar\/web\/wp-content\/uploads\/2018\/09\/espacio23_casafoa2018_8.jpg' title=\"Oficina Creativa (Espacio 23 \/ Casa FOA 2018) \/ Alejandra Churruarin, Gabriel Voiro, Nicol\u00e1s Voiro (\u00a9 Valeria Seco)\" data-rl_title=\"Oficina Creativa (Espacio 23 \/ Casa FOA 2018) \/ Alejandra Churruarin, Gabriel Voiro, Nicol\u00e1s Voiro (\u00a9 Valeria Seco)\" class=\"rl-gallery-link\" data-rl_caption=\"Oficina Creativa (Espacio 23 \/ Casa FOA 2018) \/ Alejandra Churruarin, Gabriel Voiro, Nicol\u00e1s Voiro (\u00a9 Valeria Seco)\" data-rel=\"lightbox-gallery-1\"><img loading=\"lazy\" decoding=\"async\" width=\"150\" height=\"150\" src=\"https:\/\/www.arquimaster.com.ar\/web\/wp-content\/uploads\/2018\/09\/espacio23_casafoa2018_8-150x150.jpg\" class=\"attachment-thumbnail size-thumbnail\" alt=\"\" aria-describedby=\"gallery-1-31334\" srcset=\"https:\/\/www.arquimaster.com.ar\/web\/wp-content\/uploads\/2018\/09\/espacio23_casafoa2018_8-150x150.jpg 150w, https:\/\/www.arquimaster.com.ar\/web\/wp-content\/uploads\/2018\/09\/espacio23_casafoa2018_8-50x50.jpg 50w, https:\/\/www.arquimaster.com.ar\/web\/wp-content\/uploads\/2018\/09\/espacio23_casafoa2018_8-125x125.jpg 125w\" sizes=\"auto, (max-width: 150px) 100vw, 150px\" \/><\/a>\n\t\t\t<\/div>\n\t\t\t\t<figcaption class='wp-caption-text gallery-caption' id='gallery-1-31334'>\n\t\t\t\tOficina Creativa (Espacio 23 \/ Casa FOA 2018) \/ Alejandra Churruarin, Gabriel Voiro, Nicol\u00e1s Voiro (\u00a9 Valeria Seco)\n\t\t\t\t<\/figcaption><\/figure><figure class='gallery-item'>\n\t\t\t<div class='gallery-icon portrait'>\n\t\t\t\t<a href='https:\/\/www.arquimaster.com.ar\/web\/wp-content\/uploads\/2018\/09\/espacio23_casafoa2018_9.jpg' title=\"Oficina Creativa (Espacio 23 \/ Casa FOA 2018) \/ Alejandra Churruarin, Gabriel Voiro, Nicol\u00e1s Voiro (\u00a9 Valeria Seco)\" data-rl_title=\"Oficina Creativa (Espacio 23 \/ Casa FOA 2018) \/ Alejandra Churruarin, Gabriel Voiro, Nicol\u00e1s Voiro (\u00a9 Valeria Seco)\" class=\"rl-gallery-link\" data-rl_caption=\"Oficina Creativa (Espacio 23 \/ Casa FOA 2018) \/ Alejandra Churruarin, Gabriel Voiro, Nicol\u00e1s Voiro (\u00a9 Valeria Seco)\" data-rel=\"lightbox-gallery-1\"><img loading=\"lazy\" decoding=\"async\" width=\"150\" height=\"150\" src=\"https:\/\/www.arquimaster.com.ar\/web\/wp-content\/uploads\/2018\/09\/espacio23_casafoa2018_9-150x150.jpg\" class=\"attachment-thumbnail size-thumbnail\" alt=\"\" aria-describedby=\"gallery-1-31335\" srcset=\"https:\/\/www.arquimaster.com.ar\/web\/wp-content\/uploads\/2018\/09\/espacio23_casafoa2018_9-150x150.jpg 150w, https:\/\/www.arquimaster.com.ar\/web\/wp-content\/uploads\/2018\/09\/espacio23_casafoa2018_9-50x50.jpg 50w, https:\/\/www.arquimaster.com.ar\/web\/wp-content\/uploads\/2018\/09\/espacio23_casafoa2018_9-125x125.jpg 125w\" sizes=\"auto, (max-width: 150px) 100vw, 150px\" \/><\/a>\n\t\t\t<\/div>\n\t\t\t\t<figcaption class='wp-caption-text gallery-caption' id='gallery-1-31335'>\n\t\t\t\tOficina Creativa (Espacio 23 \/ Casa FOA 2018) \/ Alejandra Churruarin, Gabriel Voiro, Nicol\u00e1s Voiro (\u00a9 Valeria Seco)\n\t\t\t\t<\/figcaption><\/figure>\n\t\t<\/div>\n\n<p>La oficina que proponemos invita al trabajo colaborativo y creativo, sin que se note el paso de las horas.<\/p>\n<p>Crear un espacio de brain storming fue el disparador para la elecci\u00f3n de una carta de materiales casi monocrom\u00e1tica que no compita con el momento inspiracional, maderas nobles y riguroso hierro conviven d\u00e1ndole elegancia y actualidad al espacio.<\/p>\n<p>El protagonismo se centra en una cinta envolvente que materializa al escritorio, suspendido en el aire regal\u00e1ndonos un espacio fluido y et\u00e9reo.<\/p>\n<p>Terminando la composici\u00f3n espacial dos grandes bibliotecas acent\u00faan la monumentalidad apreciando la riqueza de la altura del espacio intervenido.<\/p>\n<div id='gallery-2' class='gallery galleryid-31325 gallery-columns-3 gallery-size-thumbnail'><figure class='gallery-item'>\n\t\t\t<div class='gallery-icon landscape'>\n\t\t\t\t<a href='https:\/\/www.arquimaster.com.ar\/web\/wp-content\/uploads\/2018\/09\/espacio23_casafoa2018_10.jpg' title=\"Oficina Creativa (Espacio 23 \/ Casa FOA 2018) \/ Alejandra Churruarin, Gabriel Voiro, Nicol\u00e1s Voiro (\u00a9 Valeria Seco)\" data-rl_title=\"Oficina Creativa (Espacio 23 \/ Casa FOA 2018) \/ Alejandra Churruarin, Gabriel Voiro, Nicol\u00e1s Voiro (\u00a9 Valeria Seco)\" class=\"rl-gallery-link\" data-rl_caption=\"Oficina Creativa (Espacio 23 \/ Casa FOA 2018) \/ Alejandra Churruarin, Gabriel Voiro, Nicol\u00e1s Voiro (\u00a9 Valeria Seco)\" data-rel=\"lightbox-gallery-2\"><img loading=\"lazy\" decoding=\"async\" width=\"150\" height=\"150\" src=\"https:\/\/www.arquimaster.com.ar\/web\/wp-content\/uploads\/2018\/09\/espacio23_casafoa2018_10-150x150.jpg\" class=\"attachment-thumbnail size-thumbnail\" alt=\"\" aria-describedby=\"gallery-2-31336\" srcset=\"https:\/\/www.arquimaster.com.ar\/web\/wp-content\/uploads\/2018\/09\/espacio23_casafoa2018_10-150x150.jpg 150w, https:\/\/www.arquimaster.com.ar\/web\/wp-content\/uploads\/2018\/09\/espacio23_casafoa2018_10-50x50.jpg 50w, https:\/\/www.arquimaster.com.ar\/web\/wp-content\/uploads\/2018\/09\/espacio23_casafoa2018_10-125x125.jpg 125w\" sizes=\"auto, (max-width: 150px) 100vw, 150px\" \/><\/a>\n\t\t\t<\/div>\n\t\t\t\t<figcaption class='wp-caption-text gallery-caption' id='gallery-2-31336'>\n\t\t\t\tOficina Creativa (Espacio 23 \/ Casa FOA 2018) \/ Alejandra Churruarin, Gabriel Voiro, Nicol\u00e1s Voiro (\u00a9 Valeria Seco)\n\t\t\t\t<\/figcaption><\/figure><figure class='gallery-item'>\n\t\t\t<div class='gallery-icon portrait'>\n\t\t\t\t<a href='https:\/\/www.arquimaster.com.ar\/web\/wp-content\/uploads\/2018\/09\/espacio23_casafoa2018_11.jpg' title=\"Oficina Creativa (Espacio 23 \/ Casa FOA 2018) \/ Alejandra Churruarin, Gabriel Voiro, Nicol\u00e1s Voiro (\u00a9 Valeria Seco)\" data-rl_title=\"Oficina Creativa (Espacio 23 \/ Casa FOA 2018) \/ Alejandra Churruarin, Gabriel Voiro, Nicol\u00e1s Voiro (\u00a9 Valeria Seco)\" class=\"rl-gallery-link\" data-rl_caption=\"Oficina Creativa (Espacio 23 \/ Casa FOA 2018) \/ Alejandra Churruarin, Gabriel Voiro, Nicol\u00e1s Voiro (\u00a9 Valeria Seco)\" data-rel=\"lightbox-gallery-2\"><img loading=\"lazy\" decoding=\"async\" width=\"150\" height=\"150\" src=\"https:\/\/www.arquimaster.com.ar\/web\/wp-content\/uploads\/2018\/09\/espacio23_casafoa2018_11-150x150.jpg\" class=\"attachment-thumbnail size-thumbnail\" alt=\"\" aria-describedby=\"gallery-2-31337\" srcset=\"https:\/\/www.arquimaster.com.ar\/web\/wp-content\/uploads\/2018\/09\/espacio23_casafoa2018_11-150x150.jpg 150w, https:\/\/www.arquimaster.com.ar\/web\/wp-content\/uploads\/2018\/09\/espacio23_casafoa2018_11-50x50.jpg 50w, https:\/\/www.arquimaster.com.ar\/web\/wp-content\/uploads\/2018\/09\/espacio23_casafoa2018_11-125x125.jpg 125w\" sizes=\"auto, (max-width: 150px) 100vw, 150px\" \/><\/a>\n\t\t\t<\/div>\n\t\t\t\t<figcaption class='wp-caption-text gallery-caption' id='gallery-2-31337'>\n\t\t\t\tOficina Creativa (Espacio 23 \/ Casa FOA 2018) \/ Alejandra Churruarin, Gabriel Voiro, Nicol\u00e1s Voiro (\u00a9 Valeria Seco)\n\t\t\t\t<\/figcaption><\/figure><figure class='gallery-item'>\n\t\t\t<div class='gallery-icon landscape'>\n\t\t\t\t<a href='https:\/\/www.arquimaster.com.ar\/web\/wp-content\/uploads\/2018\/09\/espacio23_casafoa2018_12.jpg' title=\"Oficina Creativa (Espacio 23 \/ Casa FOA 2018) \/ Alejandra Churruarin, Gabriel Voiro, Nicol\u00e1s Voiro (\u00a9 Valeria Seco)\" data-rl_title=\"Oficina Creativa (Espacio 23 \/ Casa FOA 2018) \/ Alejandra Churruarin, Gabriel Voiro, Nicol\u00e1s Voiro (\u00a9 Valeria Seco)\" class=\"rl-gallery-link\" data-rl_caption=\"Oficina Creativa (Espacio 23 \/ Casa FOA 2018) \/ Alejandra Churruarin, Gabriel Voiro, Nicol\u00e1s Voiro (\u00a9 Valeria Seco)\" data-rel=\"lightbox-gallery-2\"><img loading=\"lazy\" decoding=\"async\" width=\"150\" height=\"150\" src=\"https:\/\/www.arquimaster.com.ar\/web\/wp-content\/uploads\/2018\/09\/espacio23_casafoa2018_12-150x150.jpg\" class=\"attachment-thumbnail size-thumbnail\" alt=\"\" aria-describedby=\"gallery-2-31338\" srcset=\"https:\/\/www.arquimaster.com.ar\/web\/wp-content\/uploads\/2018\/09\/espacio23_casafoa2018_12-150x150.jpg 150w, https:\/\/www.arquimaster.com.ar\/web\/wp-content\/uploads\/2018\/09\/espacio23_casafoa2018_12-50x50.jpg 50w, https:\/\/www.arquimaster.com.ar\/web\/wp-content\/uploads\/2018\/09\/espacio23_casafoa2018_12-125x125.jpg 125w\" sizes=\"auto, (max-width: 150px) 100vw, 150px\" \/><\/a>\n\t\t\t<\/div>\n\t\t\t\t<figcaption class='wp-caption-text gallery-caption' id='gallery-2-31338'>\n\t\t\t\tOficina Creativa (Espacio 23 \/ Casa FOA 2018) \/ Alejandra Churruarin, Gabriel Voiro, Nicol\u00e1s Voiro (\u00a9 Valeria Seco)\n\t\t\t\t<\/figcaption><\/figure><figure class='gallery-item'>\n\t\t\t<div class='gallery-icon landscape'>\n\t\t\t\t<a href='https:\/\/www.arquimaster.com.ar\/web\/wp-content\/uploads\/2018\/09\/espacio23_casafoa2018_13.jpg' title=\"Oficina Creativa (Espacio 23 \/ Casa FOA 2018) \/ Alejandra Churruarin, Gabriel Voiro, Nicol\u00e1s Voiro (\u00a9 Valeria Seco)\" data-rl_title=\"Oficina Creativa (Espacio 23 \/ Casa FOA 2018) \/ Alejandra Churruarin, Gabriel Voiro, Nicol\u00e1s Voiro (\u00a9 Valeria Seco)\" class=\"rl-gallery-link\" data-rl_caption=\"Oficina Creativa (Espacio 23 \/ Casa FOA 2018) \/ Alejandra Churruarin, Gabriel Voiro, Nicol\u00e1s Voiro (\u00a9 Valeria Seco)\" data-rel=\"lightbox-gallery-2\"><img loading=\"lazy\" decoding=\"async\" width=\"150\" height=\"150\" src=\"https:\/\/www.arquimaster.com.ar\/web\/wp-content\/uploads\/2018\/09\/espacio23_casafoa2018_13-150x150.jpg\" class=\"attachment-thumbnail size-thumbnail\" alt=\"\" aria-describedby=\"gallery-2-31339\" srcset=\"https:\/\/www.arquimaster.com.ar\/web\/wp-content\/uploads\/2018\/09\/espacio23_casafoa2018_13-150x150.jpg 150w, https:\/\/www.arquimaster.com.ar\/web\/wp-content\/uploads\/2018\/09\/espacio23_casafoa2018_13-50x50.jpg 50w, https:\/\/www.arquimaster.com.ar\/web\/wp-content\/uploads\/2018\/09\/espacio23_casafoa2018_13-125x125.jpg 125w\" sizes=\"auto, (max-width: 150px) 100vw, 150px\" \/><\/a>\n\t\t\t<\/div>\n\t\t\t\t<figcaption class='wp-caption-text gallery-caption' id='gallery-2-31339'>\n\t\t\t\tOficina Creativa (Espacio 23 \/ Casa FOA 2018) \/ Alejandra Churruarin, Gabriel Voiro, Nicol\u00e1s Voiro (\u00a9 Valeria Seco)\n\t\t\t\t<\/figcaption><\/figure><figure class='gallery-item'>\n\t\t\t<div class='gallery-icon landscape'>\n\t\t\t\t<a href='https:\/\/www.arquimaster.com.ar\/web\/wp-content\/uploads\/2018\/09\/espacio23_casafoa2018_14.jpg' title=\"Oficina Creativa (Espacio 23 \/ Casa FOA 2018) \/ Alejandra Churruarin, Gabriel Voiro, Nicol\u00e1s Voiro (\u00a9 Valeria Seco)\" data-rl_title=\"Oficina Creativa (Espacio 23 \/ Casa FOA 2018) \/ Alejandra Churruarin, Gabriel Voiro, Nicol\u00e1s Voiro (\u00a9 Valeria Seco)\" class=\"rl-gallery-link\" data-rl_caption=\"Oficina Creativa (Espacio 23 \/ Casa FOA 2018) \/ Alejandra Churruarin, Gabriel Voiro, Nicol\u00e1s Voiro (\u00a9 Valeria Seco)\" data-rel=\"lightbox-gallery-2\"><img loading=\"lazy\" decoding=\"async\" width=\"150\" height=\"150\" src=\"https:\/\/www.arquimaster.com.ar\/web\/wp-content\/uploads\/2018\/09\/espacio23_casafoa2018_14-150x150.jpg\" class=\"attachment-thumbnail size-thumbnail\" alt=\"\" aria-describedby=\"gallery-2-31340\" srcset=\"https:\/\/www.arquimaster.com.ar\/web\/wp-content\/uploads\/2018\/09\/espacio23_casafoa2018_14-150x150.jpg 150w, https:\/\/www.arquimaster.com.ar\/web\/wp-content\/uploads\/2018\/09\/espacio23_casafoa2018_14-50x50.jpg 50w, https:\/\/www.arquimaster.com.ar\/web\/wp-content\/uploads\/2018\/09\/espacio23_casafoa2018_14-125x125.jpg 125w\" sizes=\"auto, (max-width: 150px) 100vw, 150px\" \/><\/a>\n\t\t\t<\/div>\n\t\t\t\t<figcaption class='wp-caption-text gallery-caption' id='gallery-2-31340'>\n\t\t\t\tOficina Creativa (Espacio 23 \/ Casa FOA 2018) \/ Alejandra Churruarin, Gabriel Voiro, Nicol\u00e1s Voiro (\u00a9 Valeria Seco)\n\t\t\t\t<\/figcaption><\/figure><figure class='gallery-item'>\n\t\t\t<div class='gallery-icon landscape'>\n\t\t\t\t<a href='https:\/\/www.arquimaster.com.ar\/web\/wp-content\/uploads\/2018\/09\/espacio23_casafoa2018_15.jpg' title=\"Oficina Creativa (Espacio 23 \/ Casa FOA 2018) \/ Alejandra Churruarin, Gabriel Voiro, Nicol\u00e1s Voiro (\u00a9 Valeria Seco)\" data-rl_title=\"Oficina Creativa (Espacio 23 \/ Casa FOA 2018) \/ Alejandra Churruarin, Gabriel Voiro, Nicol\u00e1s Voiro (\u00a9 Valeria Seco)\" class=\"rl-gallery-link\" data-rl_caption=\"Oficina Creativa (Espacio 23 \/ Casa FOA 2018) \/ Alejandra Churruarin, Gabriel Voiro, Nicol\u00e1s Voiro (\u00a9 Valeria Seco)\" data-rel=\"lightbox-gallery-2\"><img loading=\"lazy\" decoding=\"async\" width=\"150\" height=\"150\" src=\"https:\/\/www.arquimaster.com.ar\/web\/wp-content\/uploads\/2018\/09\/espacio23_casafoa2018_15-150x150.jpg\" class=\"attachment-thumbnail size-thumbnail\" alt=\"\" aria-describedby=\"gallery-2-31341\" srcset=\"https:\/\/www.arquimaster.com.ar\/web\/wp-content\/uploads\/2018\/09\/espacio23_casafoa2018_15-150x150.jpg 150w, https:\/\/www.arquimaster.com.ar\/web\/wp-content\/uploads\/2018\/09\/espacio23_casafoa2018_15-50x50.jpg 50w, https:\/\/www.arquimaster.com.ar\/web\/wp-content\/uploads\/2018\/09\/espacio23_casafoa2018_15-125x125.jpg 125w\" sizes=\"auto, (max-width: 150px) 100vw, 150px\" \/><\/a>\n\t\t\t<\/div>\n\t\t\t\t<figcaption class='wp-caption-text gallery-caption' id='gallery-2-31341'>\n\t\t\t\tOficina Creativa (Espacio 23 \/ Casa FOA 2018) \/ Alejandra Churruarin, Gabriel Voiro, Nicol\u00e1s Voiro (\u00a9 Valeria Seco)\n\t\t\t\t<\/figcaption><\/figure><figure class='gallery-item'>\n\t\t\t<div class='gallery-icon landscape'>\n\t\t\t\t<a href='https:\/\/www.arquimaster.com.ar\/web\/wp-content\/uploads\/2018\/09\/espacio23_casafoa2018_16.jpg' title=\"Oficina Creativa (Espacio 23 \/ Casa FOA 2018) \/ Alejandra Churruarin, Gabriel Voiro, Nicol\u00e1s Voiro (\u00a9 Valeria Seco)\" data-rl_title=\"Oficina Creativa (Espacio 23 \/ Casa FOA 2018) \/ Alejandra Churruarin, Gabriel Voiro, Nicol\u00e1s Voiro (\u00a9 Valeria Seco)\" class=\"rl-gallery-link\" data-rl_caption=\"Oficina Creativa (Espacio 23 \/ Casa FOA 2018) \/ Alejandra Churruarin, Gabriel Voiro, Nicol\u00e1s Voiro (\u00a9 Valeria Seco)\" data-rel=\"lightbox-gallery-2\"><img loading=\"lazy\" decoding=\"async\" width=\"150\" height=\"150\" src=\"https:\/\/www.arquimaster.com.ar\/web\/wp-content\/uploads\/2018\/09\/espacio23_casafoa2018_16-150x150.jpg\" class=\"attachment-thumbnail size-thumbnail\" alt=\"\" aria-describedby=\"gallery-2-31342\" srcset=\"https:\/\/www.arquimaster.com.ar\/web\/wp-content\/uploads\/2018\/09\/espacio23_casafoa2018_16-150x150.jpg 150w, https:\/\/www.arquimaster.com.ar\/web\/wp-content\/uploads\/2018\/09\/espacio23_casafoa2018_16-50x50.jpg 50w, https:\/\/www.arquimaster.com.ar\/web\/wp-content\/uploads\/2018\/09\/espacio23_casafoa2018_16-125x125.jpg 125w\" sizes=\"auto, (max-width: 150px) 100vw, 150px\" \/><\/a>\n\t\t\t<\/div>\n\t\t\t\t<figcaption class='wp-caption-text gallery-caption' id='gallery-2-31342'>\n\t\t\t\tOficina Creativa (Espacio 23 \/ Casa FOA 2018) \/ Alejandra Churruarin, Gabriel Voiro, Nicol\u00e1s Voiro (\u00a9 Valeria Seco)\n\t\t\t\t<\/figcaption><\/figure><figure class='gallery-item'>\n\t\t\t<div class='gallery-icon portrait'>\n\t\t\t\t<a href='https:\/\/www.arquimaster.com.ar\/web\/wp-content\/uploads\/2018\/09\/espacio23_casafoa2018_17.jpg' title=\"Oficina Creativa (Espacio 23 \/ Casa FOA 2018) \/ Alejandra Churruarin, Gabriel Voiro, Nicol\u00e1s Voiro (\u00a9 Valeria Seco)\" data-rl_title=\"Oficina Creativa (Espacio 23 \/ Casa FOA 2018) \/ Alejandra Churruarin, Gabriel Voiro, Nicol\u00e1s Voiro (\u00a9 Valeria Seco)\" class=\"rl-gallery-link\" data-rl_caption=\"Oficina Creativa (Espacio 23 \/ Casa FOA 2018) \/ Alejandra Churruarin, Gabriel Voiro, Nicol\u00e1s Voiro (\u00a9 Valeria Seco)\" data-rel=\"lightbox-gallery-2\"><img loading=\"lazy\" decoding=\"async\" width=\"150\" height=\"150\" src=\"https:\/\/www.arquimaster.com.ar\/web\/wp-content\/uploads\/2018\/09\/espacio23_casafoa2018_17-150x150.jpg\" class=\"attachment-thumbnail size-thumbnail\" alt=\"\" aria-describedby=\"gallery-2-31343\" srcset=\"https:\/\/www.arquimaster.com.ar\/web\/wp-content\/uploads\/2018\/09\/espacio23_casafoa2018_17-150x150.jpg 150w, https:\/\/www.arquimaster.com.ar\/web\/wp-content\/uploads\/2018\/09\/espacio23_casafoa2018_17-50x50.jpg 50w, https:\/\/www.arquimaster.com.ar\/web\/wp-content\/uploads\/2018\/09\/espacio23_casafoa2018_17-125x125.jpg 125w\" sizes=\"auto, (max-width: 150px) 100vw, 150px\" \/><\/a>\n\t\t\t<\/div>\n\t\t\t\t<figcaption class='wp-caption-text gallery-caption' id='gallery-2-31343'>\n\t\t\t\tOficina Creativa (Espacio 23 \/ Casa FOA 2018) \/ Alejandra Churruarin, Gabriel Voiro, Nicol\u00e1s Voiro (\u00a9 Valeria Seco)\n\t\t\t\t<\/figcaption><\/figure><figure class='gallery-item'>\n\t\t\t<div class='gallery-icon portrait'>\n\t\t\t\t<a href='https:\/\/www.arquimaster.com.ar\/web\/wp-content\/uploads\/2018\/09\/espacio23_casafoa2018_18.jpg' title=\"Oficina Creativa (Espacio 23 \/ Casa FOA 2018) \/ Alejandra Churruarin, Gabriel Voiro, Nicol\u00e1s Voiro (\u00a9 Valeria Seco)\" data-rl_title=\"Oficina Creativa (Espacio 23 \/ Casa FOA 2018) \/ Alejandra Churruarin, Gabriel Voiro, Nicol\u00e1s Voiro (\u00a9 Valeria Seco)\" class=\"rl-gallery-link\" data-rl_caption=\"Oficina Creativa (Espacio 23 \/ Casa FOA 2018) \/ Alejandra Churruarin, Gabriel Voiro, Nicol\u00e1s Voiro (\u00a9 Valeria Seco)\" data-rel=\"lightbox-gallery-2\"><img loading=\"lazy\" decoding=\"async\" width=\"150\" height=\"150\" src=\"https:\/\/www.arquimaster.com.ar\/web\/wp-content\/uploads\/2018\/09\/espacio23_casafoa2018_18-150x150.jpg\" class=\"attachment-thumbnail size-thumbnail\" alt=\"\" aria-describedby=\"gallery-2-31344\" srcset=\"https:\/\/www.arquimaster.com.ar\/web\/wp-content\/uploads\/2018\/09\/espacio23_casafoa2018_18-150x150.jpg 150w, https:\/\/www.arquimaster.com.ar\/web\/wp-content\/uploads\/2018\/09\/espacio23_casafoa2018_18-50x50.jpg 50w, https:\/\/www.arquimaster.com.ar\/web\/wp-content\/uploads\/2018\/09\/espacio23_casafoa2018_18-125x125.jpg 125w\" sizes=\"auto, (max-width: 150px) 100vw, 150px\" \/><\/a>\n\t\t\t<\/div>\n\t\t\t\t<figcaption class='wp-caption-text gallery-caption' id='gallery-2-31344'>\n\t\t\t\tOficina Creativa (Espacio 23 \/ Casa FOA 2018) \/ Alejandra Churruarin, Gabriel Voiro, Nicol\u00e1s Voiro (\u00a9 Valeria Seco)\n\t\t\t\t<\/figcaption><\/figure><figure class='gallery-item'>\n\t\t\t<div class='gallery-icon portrait'>\n\t\t\t\t<a href='https:\/\/www.arquimaster.com.ar\/web\/wp-content\/uploads\/2018\/09\/espacio23_casafoa2018_19.jpg' title=\"Oficina Creativa (Espacio 23 \/ Casa FOA 2018) \/ Alejandra Churruarin, Gabriel Voiro, Nicol\u00e1s Voiro (\u00a9 Valeria Seco)\" data-rl_title=\"Oficina Creativa (Espacio 23 \/ Casa FOA 2018) \/ Alejandra Churruarin, Gabriel Voiro, Nicol\u00e1s Voiro (\u00a9 Valeria Seco)\" class=\"rl-gallery-link\" data-rl_caption=\"Oficina Creativa (Espacio 23 \/ Casa FOA 2018) \/ Alejandra Churruarin, Gabriel Voiro, Nicol\u00e1s Voiro (\u00a9 Valeria Seco)\" data-rel=\"lightbox-gallery-2\"><img loading=\"lazy\" decoding=\"async\" width=\"150\" height=\"150\" src=\"https:\/\/www.arquimaster.com.ar\/web\/wp-content\/uploads\/2018\/09\/espacio23_casafoa2018_19-150x150.jpg\" class=\"attachment-thumbnail size-thumbnail\" alt=\"\" aria-describedby=\"gallery-2-31345\" srcset=\"https:\/\/www.arquimaster.com.ar\/web\/wp-content\/uploads\/2018\/09\/espacio23_casafoa2018_19-150x150.jpg 150w, https:\/\/www.arquimaster.com.ar\/web\/wp-content\/uploads\/2018\/09\/espacio23_casafoa2018_19-50x50.jpg 50w, https:\/\/www.arquimaster.com.ar\/web\/wp-content\/uploads\/2018\/09\/espacio23_casafoa2018_19-125x125.jpg 125w\" sizes=\"auto, (max-width: 150px) 100vw, 150px\" \/><\/a>\n\t\t\t<\/div>\n\t\t\t\t<figcaption class='wp-caption-text gallery-caption' id='gallery-2-31345'>\n\t\t\t\tOficina Creativa (Espacio 23 \/ Casa FOA 2018) \/ Alejandra Churruarin, Gabriel Voiro, Nicol\u00e1s Voiro (\u00a9 Valeria Seco)\n\t\t\t\t<\/figcaption><\/figure><figure class='gallery-item'>\n\t\t\t<div class='gallery-icon landscape'>\n\t\t\t\t<a href='https:\/\/www.arquimaster.com.ar\/web\/wp-content\/uploads\/2018\/09\/espacio23_casafoa2018_20.jpg' title=\"Oficina Creativa (Espacio 23 \/ Casa FOA 2018) \/ Alejandra Churruarin, Gabriel Voiro, Nicol\u00e1s Voiro (\u00a9 Valeria Seco)\" data-rl_title=\"Oficina Creativa (Espacio 23 \/ Casa FOA 2018) \/ Alejandra Churruarin, Gabriel Voiro, Nicol\u00e1s Voiro (\u00a9 Valeria Seco)\" class=\"rl-gallery-link\" data-rl_caption=\"Oficina Creativa (Espacio 23 \/ Casa FOA 2018) \/ Alejandra Churruarin, Gabriel Voiro, Nicol\u00e1s Voiro (\u00a9 Valeria Seco)\" data-rel=\"lightbox-gallery-2\"><img loading=\"lazy\" decoding=\"async\" width=\"150\" height=\"150\" src=\"https:\/\/www.arquimaster.com.ar\/web\/wp-content\/uploads\/2018\/09\/espacio23_casafoa2018_20-150x150.jpg\" class=\"attachment-thumbnail size-thumbnail\" alt=\"\" aria-describedby=\"gallery-2-31346\" srcset=\"https:\/\/www.arquimaster.com.ar\/web\/wp-content\/uploads\/2018\/09\/espacio23_casafoa2018_20-150x150.jpg 150w, https:\/\/www.arquimaster.com.ar\/web\/wp-content\/uploads\/2018\/09\/espacio23_casafoa2018_20-50x50.jpg 50w, https:\/\/www.arquimaster.com.ar\/web\/wp-content\/uploads\/2018\/09\/espacio23_casafoa2018_20-125x125.jpg 125w\" sizes=\"auto, (max-width: 150px) 100vw, 150px\" \/><\/a>\n\t\t\t<\/div>\n\t\t\t\t<figcaption class='wp-caption-text gallery-caption' id='gallery-2-31346'>\n\t\t\t\tOficina Creativa (Espacio 23 \/ Casa FOA 2018) \/ Alejandra Churruarin, Gabriel Voiro, Nicol\u00e1s Voiro (\u00a9 Valeria Seco)\n\t\t\t\t<\/figcaption><\/figure><figure class='gallery-item'>\n\t\t\t<div class='gallery-icon landscape'>\n\t\t\t\t<a href='https:\/\/www.arquimaster.com.ar\/web\/wp-content\/uploads\/2018\/09\/espacio23_casafoa2018_21.jpg' title=\"Oficina Creativa (Espacio 23 \/ Casa FOA 2018) \/ Alejandra Churruarin, Gabriel Voiro, Nicol\u00e1s Voiro (\u00a9 Valeria Seco)\" data-rl_title=\"Oficina Creativa (Espacio 23 \/ Casa FOA 2018) \/ Alejandra Churruarin, Gabriel Voiro, Nicol\u00e1s Voiro (\u00a9 Valeria Seco)\" class=\"rl-gallery-link\" data-rl_caption=\"Oficina Creativa (Espacio 23 \/ Casa FOA 2018) \/ Alejandra Churruarin, Gabriel Voiro, Nicol\u00e1s Voiro (\u00a9 Valeria Seco)\" data-rel=\"lightbox-gallery-2\"><img loading=\"lazy\" decoding=\"async\" width=\"150\" height=\"150\" src=\"https:\/\/www.arquimaster.com.ar\/web\/wp-content\/uploads\/2018\/09\/espacio23_casafoa2018_21-150x150.jpg\" class=\"attachment-thumbnail size-thumbnail\" alt=\"\" aria-describedby=\"gallery-2-31347\" srcset=\"https:\/\/www.arquimaster.com.ar\/web\/wp-content\/uploads\/2018\/09\/espacio23_casafoa2018_21-150x150.jpg 150w, https:\/\/www.arquimaster.com.ar\/web\/wp-content\/uploads\/2018\/09\/espacio23_casafoa2018_21-50x50.jpg 50w, https:\/\/www.arquimaster.com.ar\/web\/wp-content\/uploads\/2018\/09\/espacio23_casafoa2018_21-125x125.jpg 125w\" sizes=\"auto, (max-width: 150px) 100vw, 150px\" \/><\/a>\n\t\t\t<\/div>\n\t\t\t\t<figcaption class='wp-caption-text gallery-caption' id='gallery-2-31347'>\n\t\t\t\tOficina Creativa (Espacio 23 \/ Casa FOA 2018) \/ Alejandra Churruarin, Gabriel Voiro, Nicol\u00e1s Voiro (\u00a9 Valeria Seco)\n\t\t\t\t<\/figcaption><\/figure><figure class='gallery-item'>\n\t\t\t<div class='gallery-icon landscape'>\n\t\t\t\t<a href='https:\/\/www.arquimaster.com.ar\/web\/wp-content\/uploads\/2018\/09\/espacio23_casafoa2018_22.jpg' title=\"Oficina Creativa (Espacio 23 \/ Casa FOA 2018) \/ Alejandra Churruarin, Gabriel Voiro, Nicol\u00e1s Voiro (\u00a9 Valeria Seco)\" data-rl_title=\"Oficina Creativa (Espacio 23 \/ Casa FOA 2018) \/ Alejandra Churruarin, Gabriel Voiro, Nicol\u00e1s Voiro (\u00a9 Valeria Seco)\" class=\"rl-gallery-link\" data-rl_caption=\"Oficina Creativa (Espacio 23 \/ Casa FOA 2018) \/ Alejandra Churruarin, Gabriel Voiro, Nicol\u00e1s Voiro (\u00a9 Valeria Seco)\" data-rel=\"lightbox-gallery-2\"><img loading=\"lazy\" decoding=\"async\" width=\"150\" height=\"150\" src=\"https:\/\/www.arquimaster.com.ar\/web\/wp-content\/uploads\/2018\/09\/espacio23_casafoa2018_22-150x150.jpg\" class=\"attachment-thumbnail size-thumbnail\" alt=\"\" aria-describedby=\"gallery-2-31348\" srcset=\"https:\/\/www.arquimaster.com.ar\/web\/wp-content\/uploads\/2018\/09\/espacio23_casafoa2018_22-150x150.jpg 150w, https:\/\/www.arquimaster.com.ar\/web\/wp-content\/uploads\/2018\/09\/espacio23_casafoa2018_22-50x50.jpg 50w, https:\/\/www.arquimaster.com.ar\/web\/wp-content\/uploads\/2018\/09\/espacio23_casafoa2018_22-125x125.jpg 125w\" sizes=\"auto, (max-width: 150px) 100vw, 150px\" \/><\/a>\n\t\t\t<\/div>\n\t\t\t\t<figcaption class='wp-caption-text gallery-caption' id='gallery-2-31348'>\n\t\t\t\tOficina Creativa (Espacio 23 \/ Casa FOA 2018) \/ Alejandra Churruarin, Gabriel Voiro, Nicol\u00e1s Voiro (\u00a9 Valeria Seco)\n\t\t\t\t<\/figcaption><\/figure><figure class='gallery-item'>\n\t\t\t<div class='gallery-icon landscape'>\n\t\t\t\t<a href='https:\/\/www.arquimaster.com.ar\/web\/wp-content\/uploads\/2018\/09\/espacio23_casafoa2018_23.jpg' title=\"Oficina Creativa (Espacio 23 \/ Casa FOA 2018) \/ Alejandra Churruarin, Gabriel Voiro, Nicol\u00e1s Voiro (\u00a9 Valeria Seco)\" data-rl_title=\"Oficina Creativa (Espacio 23 \/ Casa FOA 2018) \/ Alejandra Churruarin, Gabriel Voiro, Nicol\u00e1s Voiro (\u00a9 Valeria Seco)\" class=\"rl-gallery-link\" data-rl_caption=\"Oficina Creativa (Espacio 23 \/ Casa FOA 2018) \/ Alejandra Churruarin, Gabriel Voiro, Nicol\u00e1s Voiro (\u00a9 Valeria Seco)\" data-rel=\"lightbox-gallery-2\"><img loading=\"lazy\" decoding=\"async\" width=\"150\" height=\"150\" src=\"https:\/\/www.arquimaster.com.ar\/web\/wp-content\/uploads\/2018\/09\/espacio23_casafoa2018_23-150x150.jpg\" class=\"attachment-thumbnail size-thumbnail\" alt=\"\" aria-describedby=\"gallery-2-31349\" srcset=\"https:\/\/www.arquimaster.com.ar\/web\/wp-content\/uploads\/2018\/09\/espacio23_casafoa2018_23-150x150.jpg 150w, https:\/\/www.arquimaster.com.ar\/web\/wp-content\/uploads\/2018\/09\/espacio23_casafoa2018_23-50x50.jpg 50w, https:\/\/www.arquimaster.com.ar\/web\/wp-content\/uploads\/2018\/09\/espacio23_casafoa2018_23-125x125.jpg 125w\" sizes=\"auto, (max-width: 150px) 100vw, 150px\" \/><\/a>\n\t\t\t<\/div>\n\t\t\t\t<figcaption class='wp-caption-text gallery-caption' id='gallery-2-31349'>\n\t\t\t\tOficina Creativa (Espacio 23 \/ Casa FOA 2018) \/ Alejandra Churruarin, Gabriel Voiro, Nicol\u00e1s Voiro (\u00a9 Valeria Seco)\n\t\t\t\t<\/figcaption><\/figure><figure class='gallery-item'>\n\t\t\t<div class='gallery-icon landscape'>\n\t\t\t\t<a href='https:\/\/www.arquimaster.com.ar\/web\/wp-content\/uploads\/2018\/09\/espacio23_casafoa2018_24.jpg' title=\"Oficina Creativa (Espacio 23 \/ Casa FOA 2018) \/ Alejandra Churruarin, Gabriel Voiro, Nicol\u00e1s Voiro (\u00a9 Valeria Seco)\" data-rl_title=\"Oficina Creativa (Espacio 23 \/ Casa FOA 2018) \/ Alejandra Churruarin, Gabriel Voiro, Nicol\u00e1s Voiro (\u00a9 Valeria Seco)\" class=\"rl-gallery-link\" data-rl_caption=\"Oficina Creativa (Espacio 23 \/ Casa FOA 2018) \/ Alejandra Churruarin, Gabriel Voiro, Nicol\u00e1s Voiro (\u00a9 Valeria Seco)\" data-rel=\"lightbox-gallery-2\"><img loading=\"lazy\" decoding=\"async\" width=\"150\" height=\"150\" src=\"https:\/\/www.arquimaster.com.ar\/web\/wp-content\/uploads\/2018\/09\/espacio23_casafoa2018_24-150x150.jpg\" class=\"attachment-thumbnail size-thumbnail\" alt=\"\" aria-describedby=\"gallery-2-31350\" srcset=\"https:\/\/www.arquimaster.com.ar\/web\/wp-content\/uploads\/2018\/09\/espacio23_casafoa2018_24-150x150.jpg 150w, https:\/\/www.arquimaster.com.ar\/web\/wp-content\/uploads\/2018\/09\/espacio23_casafoa2018_24-50x50.jpg 50w, https:\/\/www.arquimaster.com.ar\/web\/wp-content\/uploads\/2018\/09\/espacio23_casafoa2018_24-125x125.jpg 125w\" sizes=\"auto, (max-width: 150px) 100vw, 150px\" \/><\/a>\n\t\t\t<\/div>\n\t\t\t\t<figcaption class='wp-caption-text gallery-caption' id='gallery-2-31350'>\n\t\t\t\tOficina Creativa (Espacio 23 \/ Casa FOA 2018) \/ Alejandra Churruarin, Gabriel Voiro, Nicol\u00e1s Voiro (\u00a9 Valeria Seco)\n\t\t\t\t<\/figcaption><\/figure><figure class='gallery-item'>\n\t\t\t<div class='gallery-icon landscape'>\n\t\t\t\t<a href='https:\/\/www.arquimaster.com.ar\/web\/wp-content\/uploads\/2018\/09\/espacio23_casafoa2018_25.jpg' title=\"Oficina Creativa (Espacio 23 \/ Casa FOA 2018) \/ Alejandra Churruarin, Gabriel Voiro, Nicol\u00e1s Voiro (\u00a9 Valeria Seco)\" data-rl_title=\"Oficina Creativa (Espacio 23 \/ Casa FOA 2018) \/ Alejandra Churruarin, Gabriel Voiro, Nicol\u00e1s Voiro (\u00a9 Valeria Seco)\" class=\"rl-gallery-link\" data-rl_caption=\"Oficina Creativa (Espacio 23 \/ Casa FOA 2018) \/ Alejandra Churruarin, Gabriel Voiro, Nicol\u00e1s Voiro (\u00a9 Valeria Seco)\" data-rel=\"lightbox-gallery-2\"><img loading=\"lazy\" decoding=\"async\" width=\"150\" height=\"150\" src=\"https:\/\/www.arquimaster.com.ar\/web\/wp-content\/uploads\/2018\/09\/espacio23_casafoa2018_25-150x150.jpg\" class=\"attachment-thumbnail size-thumbnail\" alt=\"\" aria-describedby=\"gallery-2-31351\" srcset=\"https:\/\/www.arquimaster.com.ar\/web\/wp-content\/uploads\/2018\/09\/espacio23_casafoa2018_25-150x150.jpg 150w, https:\/\/www.arquimaster.com.ar\/web\/wp-content\/uploads\/2018\/09\/espacio23_casafoa2018_25-50x50.jpg 50w, https:\/\/www.arquimaster.com.ar\/web\/wp-content\/uploads\/2018\/09\/espacio23_casafoa2018_25-125x125.jpg 125w\" sizes=\"auto, (max-width: 150px) 100vw, 150px\" \/><\/a>\n\t\t\t<\/div>\n\t\t\t\t<figcaption class='wp-caption-text gallery-caption' id='gallery-2-31351'>\n\t\t\t\tOficina Creativa (Espacio 23 \/ Casa FOA 2018) \/ Alejandra Churruarin, Gabriel Voiro, Nicol\u00e1s Voiro (\u00a9 Valeria Seco)\n\t\t\t\t<\/figcaption><\/figure><figure class='gallery-item'>\n\t\t\t<div class='gallery-icon landscape'>\n\t\t\t\t<a href='https:\/\/www.arquimaster.com.ar\/web\/wp-content\/uploads\/2018\/09\/espacio23_casafoa2018_26.jpg' title=\"Oficina Creativa (Espacio 23 \/ Casa FOA 2018) \/ Alejandra Churruarin, Gabriel Voiro, Nicol\u00e1s Voiro (\u00a9 Valeria Seco)\" data-rl_title=\"Oficina Creativa (Espacio 23 \/ Casa FOA 2018) \/ Alejandra Churruarin, Gabriel Voiro, Nicol\u00e1s Voiro (\u00a9 Valeria Seco)\" class=\"rl-gallery-link\" data-rl_caption=\"Oficina Creativa (Espacio 23 \/ Casa FOA 2018) \/ Alejandra Churruarin, Gabriel Voiro, Nicol\u00e1s Voiro (\u00a9 Valeria Seco)\" data-rel=\"lightbox-gallery-2\"><img loading=\"lazy\" decoding=\"async\" width=\"150\" height=\"150\" src=\"https:\/\/www.arquimaster.com.ar\/web\/wp-content\/uploads\/2018\/09\/espacio23_casafoa2018_26-150x150.jpg\" class=\"attachment-thumbnail size-thumbnail\" alt=\"\" aria-describedby=\"gallery-2-31352\" srcset=\"https:\/\/www.arquimaster.com.ar\/web\/wp-content\/uploads\/2018\/09\/espacio23_casafoa2018_26-150x150.jpg 150w, https:\/\/www.arquimaster.com.ar\/web\/wp-content\/uploads\/2018\/09\/espacio23_casafoa2018_26-50x50.jpg 50w, https:\/\/www.arquimaster.com.ar\/web\/wp-content\/uploads\/2018\/09\/espacio23_casafoa2018_26-125x125.jpg 125w\" sizes=\"auto, (max-width: 150px) 100vw, 150px\" \/><\/a>\n\t\t\t<\/div>\n\t\t\t\t<figcaption class='wp-caption-text gallery-caption' id='gallery-2-31352'>\n\t\t\t\tOficina Creativa (Espacio 23 \/ Casa FOA 2018) \/ Alejandra Churruarin, Gabriel Voiro, Nicol\u00e1s Voiro (\u00a9 Valeria Seco)\n\t\t\t\t<\/figcaption><\/figure><figure class='gallery-item'>\n\t\t\t<div class='gallery-icon landscape'>\n\t\t\t\t<a href='https:\/\/www.arquimaster.com.ar\/web\/wp-content\/uploads\/2018\/09\/espacio23_casafoa2018_27.jpg' title=\"Oficina Creativa (Espacio 23 \/ Casa FOA 2018) \/ Alejandra Churruarin, Gabriel Voiro, Nicol\u00e1s Voiro (\u00a9 Valeria Seco)\" data-rl_title=\"Oficina Creativa (Espacio 23 \/ Casa FOA 2018) \/ Alejandra Churruarin, Gabriel Voiro, Nicol\u00e1s Voiro (\u00a9 Valeria Seco)\" class=\"rl-gallery-link\" data-rl_caption=\"Oficina Creativa (Espacio 23 \/ Casa FOA 2018) \/ Alejandra Churruarin, Gabriel Voiro, Nicol\u00e1s Voiro (\u00a9 Valeria Seco)\" data-rel=\"lightbox-gallery-2\"><img loading=\"lazy\" decoding=\"async\" width=\"150\" height=\"150\" src=\"https:\/\/www.arquimaster.com.ar\/web\/wp-content\/uploads\/2018\/09\/espacio23_casafoa2018_27-150x150.jpg\" class=\"attachment-thumbnail size-thumbnail\" alt=\"\" aria-describedby=\"gallery-2-31353\" srcset=\"https:\/\/www.arquimaster.com.ar\/web\/wp-content\/uploads\/2018\/09\/espacio23_casafoa2018_27-150x150.jpg 150w, https:\/\/www.arquimaster.com.ar\/web\/wp-content\/uploads\/2018\/09\/espacio23_casafoa2018_27-50x50.jpg 50w, https:\/\/www.arquimaster.com.ar\/web\/wp-content\/uploads\/2018\/09\/espacio23_casafoa2018_27-125x125.jpg 125w\" sizes=\"auto, (max-width: 150px) 100vw, 150px\" \/><\/a>\n\t\t\t<\/div>\n\t\t\t\t<figcaption class='wp-caption-text gallery-caption' id='gallery-2-31353'>\n\t\t\t\tOficina Creativa (Espacio 23 \/ Casa FOA 2018) \/ Alejandra Churruarin, Gabriel Voiro, Nicol\u00e1s Voiro (\u00a9 Valeria Seco)\n\t\t\t\t<\/figcaption><\/figure><figure class='gallery-item'>\n\t\t\t<div class='gallery-icon portrait'>\n\t\t\t\t<a href='https:\/\/www.arquimaster.com.ar\/web\/wp-content\/uploads\/2018\/09\/espacio23_casafoa2018_28.jpg' title=\"Oficina Creativa (Espacio 23 \/ Casa FOA 2018) \/ Alejandra Churruarin, Gabriel Voiro, Nicol\u00e1s Voiro (\u00a9 Valeria Seco)\" data-rl_title=\"Oficina Creativa (Espacio 23 \/ Casa FOA 2018) \/ Alejandra Churruarin, Gabriel Voiro, Nicol\u00e1s Voiro (\u00a9 Valeria Seco)\" class=\"rl-gallery-link\" data-rl_caption=\"Oficina Creativa (Espacio 23 \/ Casa FOA 2018) \/ Alejandra Churruarin, Gabriel Voiro, Nicol\u00e1s Voiro (\u00a9 Valeria Seco)\" data-rel=\"lightbox-gallery-2\"><img loading=\"lazy\" decoding=\"async\" width=\"150\" height=\"150\" src=\"https:\/\/www.arquimaster.com.ar\/web\/wp-content\/uploads\/2018\/09\/espacio23_casafoa2018_28-150x150.jpg\" class=\"attachment-thumbnail size-thumbnail\" alt=\"\" aria-describedby=\"gallery-2-31354\" srcset=\"https:\/\/www.arquimaster.com.ar\/web\/wp-content\/uploads\/2018\/09\/espacio23_casafoa2018_28-150x150.jpg 150w, https:\/\/www.arquimaster.com.ar\/web\/wp-content\/uploads\/2018\/09\/espacio23_casafoa2018_28-50x50.jpg 50w, https:\/\/www.arquimaster.com.ar\/web\/wp-content\/uploads\/2018\/09\/espacio23_casafoa2018_28-125x125.jpg 125w\" sizes=\"auto, (max-width: 150px) 100vw, 150px\" \/><\/a>\n\t\t\t<\/div>\n\t\t\t\t<figcaption class='wp-caption-text gallery-caption' id='gallery-2-31354'>\n\t\t\t\tOficina Creativa (Espacio 23 \/ Casa FOA 2018) \/ Alejandra Churruarin, Gabriel Voiro, Nicol\u00e1s Voiro (\u00a9 Valeria Seco)\n\t\t\t\t<\/figcaption><\/figure><figure class='gallery-item'>\n\t\t\t<div class='gallery-icon landscape'>\n\t\t\t\t<a href='https:\/\/www.arquimaster.com.ar\/web\/wp-content\/uploads\/2018\/09\/espacio23_casafoa2018_29.jpg' title=\"Oficina Creativa (Espacio 23 \/ Casa FOA 2018) \/ Alejandra Churruarin, Gabriel Voiro, Nicol\u00e1s Voiro (\u00a9 Valeria Seco)\" data-rl_title=\"Oficina Creativa (Espacio 23 \/ Casa FOA 2018) \/ Alejandra Churruarin, Gabriel Voiro, Nicol\u00e1s Voiro (\u00a9 Valeria Seco)\" class=\"rl-gallery-link\" data-rl_caption=\"Oficina Creativa (Espacio 23 \/ Casa FOA 2018) \/ Alejandra Churruarin, Gabriel Voiro, Nicol\u00e1s Voiro (\u00a9 Valeria Seco)\" data-rel=\"lightbox-gallery-2\"><img loading=\"lazy\" decoding=\"async\" width=\"150\" height=\"150\" src=\"https:\/\/www.arquimaster.com.ar\/web\/wp-content\/uploads\/2018\/09\/espacio23_casafoa2018_29-150x150.jpg\" class=\"attachment-thumbnail size-thumbnail\" alt=\"\" aria-describedby=\"gallery-2-31355\" srcset=\"https:\/\/www.arquimaster.com.ar\/web\/wp-content\/uploads\/2018\/09\/espacio23_casafoa2018_29-150x150.jpg 150w, https:\/\/www.arquimaster.com.ar\/web\/wp-content\/uploads\/2018\/09\/espacio23_casafoa2018_29-50x50.jpg 50w, https:\/\/www.arquimaster.com.ar\/web\/wp-content\/uploads\/2018\/09\/espacio23_casafoa2018_29-125x125.jpg 125w\" sizes=\"auto, (max-width: 150px) 100vw, 150px\" \/><\/a>\n\t\t\t<\/div>\n\t\t\t\t<figcaption class='wp-caption-text gallery-caption' id='gallery-2-31355'>\n\t\t\t\tOficina Creativa (Espacio 23 \/ Casa FOA 2018) \/ Alejandra Churruarin, Gabriel Voiro, Nicol\u00e1s Voiro (\u00a9 Valeria Seco)\n\t\t\t\t<\/figcaption><\/figure><figure class='gallery-item'>\n\t\t\t<div class='gallery-icon landscape'>\n\t\t\t\t<a href='https:\/\/www.arquimaster.com.ar\/web\/wp-content\/uploads\/2018\/09\/espacio23_casafoa2018_30.jpg' title=\"Oficina Creativa (Espacio 23 \/ Casa FOA 2018) \/ Alejandra Churruarin, Gabriel Voiro, Nicol\u00e1s Voiro (\u00a9 Valeria Seco)\" data-rl_title=\"Oficina Creativa (Espacio 23 \/ Casa FOA 2018) \/ Alejandra Churruarin, Gabriel Voiro, Nicol\u00e1s Voiro (\u00a9 Valeria Seco)\" class=\"rl-gallery-link\" data-rl_caption=\"Oficina Creativa (Espacio 23 \/ Casa FOA 2018) \/ Alejandra Churruarin, Gabriel Voiro, Nicol\u00e1s Voiro (\u00a9 Valeria Seco)\" data-rel=\"lightbox-gallery-2\"><img loading=\"lazy\" decoding=\"async\" width=\"150\" height=\"150\" src=\"https:\/\/www.arquimaster.com.ar\/web\/wp-content\/uploads\/2018\/09\/espacio23_casafoa2018_30-150x150.jpg\" class=\"attachment-thumbnail size-thumbnail\" alt=\"\" aria-describedby=\"gallery-2-31356\" srcset=\"https:\/\/www.arquimaster.com.ar\/web\/wp-content\/uploads\/2018\/09\/espacio23_casafoa2018_30-150x150.jpg 150w, https:\/\/www.arquimaster.com.ar\/web\/wp-content\/uploads\/2018\/09\/espacio23_casafoa2018_30-50x50.jpg 50w, https:\/\/www.arquimaster.com.ar\/web\/wp-content\/uploads\/2018\/09\/espacio23_casafoa2018_30-125x125.jpg 125w\" sizes=\"auto, (max-width: 150px) 100vw, 150px\" \/><\/a>\n\t\t\t<\/div>\n\t\t\t\t<figcaption class='wp-caption-text gallery-caption' id='gallery-2-31356'>\n\t\t\t\tOficina Creativa (Espacio 23 \/ Casa FOA 2018) \/ Alejandra Churruarin, Gabriel Voiro, Nicol\u00e1s Voiro (\u00a9 Valeria Seco)\n\t\t\t\t<\/figcaption><\/figure><figure class='gallery-item'>\n\t\t\t<div class='gallery-icon landscape'>\n\t\t\t\t<a href='https:\/\/www.arquimaster.com.ar\/web\/wp-content\/uploads\/2018\/09\/espacio23_casafoa2018_31.jpg' title=\"Oficina Creativa (Espacio 23 \/ Casa FOA 2018) \/ Alejandra Churruarin, Gabriel Voiro, Nicol\u00e1s Voiro (\u00a9 Valeria Seco)\" data-rl_title=\"Oficina Creativa (Espacio 23 \/ Casa FOA 2018) \/ Alejandra Churruarin, Gabriel Voiro, Nicol\u00e1s Voiro (\u00a9 Valeria Seco)\" class=\"rl-gallery-link\" data-rl_caption=\"Oficina Creativa (Espacio 23 \/ Casa FOA 2018) \/ Alejandra Churruarin, Gabriel Voiro, Nicol\u00e1s Voiro (\u00a9 Valeria Seco)\" data-rel=\"lightbox-gallery-2\"><img loading=\"lazy\" decoding=\"async\" width=\"150\" height=\"150\" src=\"https:\/\/www.arquimaster.com.ar\/web\/wp-content\/uploads\/2018\/09\/espacio23_casafoa2018_31-150x150.jpg\" class=\"attachment-thumbnail size-thumbnail\" alt=\"\" aria-describedby=\"gallery-2-31357\" srcset=\"https:\/\/www.arquimaster.com.ar\/web\/wp-content\/uploads\/2018\/09\/espacio23_casafoa2018_31-150x150.jpg 150w, https:\/\/www.arquimaster.com.ar\/web\/wp-content\/uploads\/2018\/09\/espacio23_casafoa2018_31-50x50.jpg 50w, https:\/\/www.arquimaster.com.ar\/web\/wp-content\/uploads\/2018\/09\/espacio23_casafoa2018_31-125x125.jpg 125w\" sizes=\"auto, (max-width: 150px) 100vw, 150px\" \/><\/a>\n\t\t\t<\/div>\n\t\t\t\t<figcaption class='wp-caption-text gallery-caption' id='gallery-2-31357'>\n\t\t\t\tOficina Creativa (Espacio 23 \/ Casa FOA 2018) \/ Alejandra Churruarin, Gabriel Voiro, Nicol\u00e1s Voiro (\u00a9 Valeria Seco)\n\t\t\t\t<\/figcaption><\/figure><figure class='gallery-item'>\n\t\t\t<div class='gallery-icon portrait'>\n\t\t\t\t<a href='https:\/\/www.arquimaster.com.ar\/web\/wp-content\/uploads\/2018\/09\/espacio23_casafoa2018_32.jpg' title=\"Oficina Creativa (Espacio 23 \/ Casa FOA 2018) \/ Alejandra Churruarin, Gabriel Voiro, Nicol\u00e1s Voiro (\u00a9 Valeria Seco)\" data-rl_title=\"Oficina Creativa (Espacio 23 \/ Casa FOA 2018) \/ Alejandra Churruarin, Gabriel Voiro, Nicol\u00e1s Voiro (\u00a9 Valeria Seco)\" class=\"rl-gallery-link\" data-rl_caption=\"Oficina Creativa (Espacio 23 \/ Casa FOA 2018) \/ Alejandra Churruarin, Gabriel Voiro, Nicol\u00e1s Voiro (\u00a9 Valeria Seco)\" data-rel=\"lightbox-gallery-2\"><img loading=\"lazy\" decoding=\"async\" width=\"150\" height=\"150\" src=\"https:\/\/www.arquimaster.com.ar\/web\/wp-content\/uploads\/2018\/09\/espacio23_casafoa2018_32-150x150.jpg\" class=\"attachment-thumbnail size-thumbnail\" alt=\"\" aria-describedby=\"gallery-2-31358\" srcset=\"https:\/\/www.arquimaster.com.ar\/web\/wp-content\/uploads\/2018\/09\/espacio23_casafoa2018_32-150x150.jpg 150w, https:\/\/www.arquimaster.com.ar\/web\/wp-content\/uploads\/2018\/09\/espacio23_casafoa2018_32-50x50.jpg 50w, https:\/\/www.arquimaster.com.ar\/web\/wp-content\/uploads\/2018\/09\/espacio23_casafoa2018_32-125x125.jpg 125w\" sizes=\"auto, (max-width: 150px) 100vw, 150px\" \/><\/a>\n\t\t\t<\/div>\n\t\t\t\t<figcaption class='wp-caption-text gallery-caption' id='gallery-2-31358'>\n\t\t\t\tOficina Creativa (Espacio 23 \/ Casa FOA 2018) \/ Alejandra Churruarin, Gabriel Voiro, Nicol\u00e1s Voiro (\u00a9 Valeria Seco)\n\t\t\t\t<\/figcaption><\/figure><figure class='gallery-item'>\n\t\t\t<div class='gallery-icon portrait'>\n\t\t\t\t<a href='https:\/\/www.arquimaster.com.ar\/web\/wp-content\/uploads\/2018\/09\/espacio23_casafoa2018_33.jpg' title=\"Oficina Creativa (Espacio 23 \/ Casa FOA 2018) \/ Alejandra Churruarin, Gabriel Voiro, Nicol\u00e1s Voiro (\u00a9 Valeria Seco)\" data-rl_title=\"Oficina Creativa (Espacio 23 \/ Casa FOA 2018) \/ Alejandra Churruarin, Gabriel Voiro, Nicol\u00e1s Voiro (\u00a9 Valeria Seco)\" class=\"rl-gallery-link\" data-rl_caption=\"Oficina Creativa (Espacio 23 \/ Casa FOA 2018) \/ Alejandra Churruarin, Gabriel Voiro, Nicol\u00e1s Voiro (\u00a9 Valeria Seco)\" data-rel=\"lightbox-gallery-2\"><img loading=\"lazy\" decoding=\"async\" width=\"150\" height=\"150\" src=\"https:\/\/www.arquimaster.com.ar\/web\/wp-content\/uploads\/2018\/09\/espacio23_casafoa2018_33-150x150.jpg\" class=\"attachment-thumbnail size-thumbnail\" alt=\"\" aria-describedby=\"gallery-2-31359\" srcset=\"https:\/\/www.arquimaster.com.ar\/web\/wp-content\/uploads\/2018\/09\/espacio23_casafoa2018_33-150x150.jpg 150w, https:\/\/www.arquimaster.com.ar\/web\/wp-content\/uploads\/2018\/09\/espacio23_casafoa2018_33-50x50.jpg 50w, https:\/\/www.arquimaster.com.ar\/web\/wp-content\/uploads\/2018\/09\/espacio23_casafoa2018_33-125x125.jpg 125w\" sizes=\"auto, (max-width: 150px) 100vw, 150px\" \/><\/a>\n\t\t\t<\/div>\n\t\t\t\t<figcaption class='wp-caption-text gallery-caption' id='gallery-2-31359'>\n\t\t\t\tOficina Creativa (Espacio 23 \/ Casa FOA 2018) \/ Alejandra Churruarin, Gabriel Voiro, Nicol\u00e1s Voiro (\u00a9 Valeria Seco)\n\t\t\t\t<\/figcaption><\/figure><figure class='gallery-item'>\n\t\t\t<div class='gallery-icon landscape'>\n\t\t\t\t<a href='https:\/\/www.arquimaster.com.ar\/web\/wp-content\/uploads\/2018\/09\/espacio23_casafoa2018_34.jpg' title=\"Oficina Creativa (Espacio 23 \/ Casa FOA 2018) \/ Alejandra Churruarin, Gabriel Voiro, Nicol\u00e1s Voiro (\u00a9 Valeria Seco)\" data-rl_title=\"Oficina Creativa (Espacio 23 \/ Casa FOA 2018) \/ Alejandra Churruarin, Gabriel Voiro, Nicol\u00e1s Voiro (\u00a9 Valeria Seco)\" class=\"rl-gallery-link\" data-rl_caption=\"Oficina Creativa (Espacio 23 \/ Casa FOA 2018) \/ Alejandra Churruarin, Gabriel Voiro, Nicol\u00e1s Voiro (\u00a9 Valeria Seco)\" data-rel=\"lightbox-gallery-2\"><img loading=\"lazy\" decoding=\"async\" width=\"150\" height=\"150\" src=\"https:\/\/www.arquimaster.com.ar\/web\/wp-content\/uploads\/2018\/09\/espacio23_casafoa2018_34-150x150.jpg\" class=\"attachment-thumbnail size-thumbnail\" alt=\"\" aria-describedby=\"gallery-2-31360\" srcset=\"https:\/\/www.arquimaster.com.ar\/web\/wp-content\/uploads\/2018\/09\/espacio23_casafoa2018_34-150x150.jpg 150w, https:\/\/www.arquimaster.com.ar\/web\/wp-content\/uploads\/2018\/09\/espacio23_casafoa2018_34-50x50.jpg 50w, https:\/\/www.arquimaster.com.ar\/web\/wp-content\/uploads\/2018\/09\/espacio23_casafoa2018_34-125x125.jpg 125w\" sizes=\"auto, (max-width: 150px) 100vw, 150px\" \/><\/a>\n\t\t\t<\/div>\n\t\t\t\t<figcaption class='wp-caption-text gallery-caption' id='gallery-2-31360'>\n\t\t\t\tOficina Creativa (Espacio 23 \/ Casa FOA 2018) \/ Alejandra Churruarin, Gabriel Voiro, Nicol\u00e1s Voiro (\u00a9 Valeria Seco)\n\t\t\t\t<\/figcaption><\/figure><figure class='gallery-item'>\n\t\t\t<div class='gallery-icon landscape'>\n\t\t\t\t<a href='https:\/\/www.arquimaster.com.ar\/web\/wp-content\/uploads\/2018\/09\/espacio23_casafoa2018_35.jpg' title=\"Oficina Creativa (Espacio 23 \/ Casa FOA 2018) \/ Alejandra Churruarin, Gabriel Voiro, Nicol\u00e1s Voiro (\u00a9 Valeria Seco)\" data-rl_title=\"Oficina Creativa (Espacio 23 \/ Casa FOA 2018) \/ Alejandra Churruarin, Gabriel Voiro, Nicol\u00e1s Voiro (\u00a9 Valeria Seco)\" class=\"rl-gallery-link\" data-rl_caption=\"Oficina Creativa (Espacio 23 \/ Casa FOA 2018) \/ Alejandra Churruarin, Gabriel Voiro, Nicol\u00e1s Voiro (\u00a9 Valeria Seco)\" data-rel=\"lightbox-gallery-2\"><img loading=\"lazy\" decoding=\"async\" width=\"150\" height=\"150\" src=\"https:\/\/www.arquimaster.com.ar\/web\/wp-content\/uploads\/2018\/09\/espacio23_casafoa2018_35-150x150.jpg\" class=\"attachment-thumbnail size-thumbnail\" alt=\"\" aria-describedby=\"gallery-2-31361\" srcset=\"https:\/\/www.arquimaster.com.ar\/web\/wp-content\/uploads\/2018\/09\/espacio23_casafoa2018_35-150x150.jpg 150w, https:\/\/www.arquimaster.com.ar\/web\/wp-content\/uploads\/2018\/09\/espacio23_casafoa2018_35-50x50.jpg 50w, https:\/\/www.arquimaster.com.ar\/web\/wp-content\/uploads\/2018\/09\/espacio23_casafoa2018_35-125x125.jpg 125w\" sizes=\"auto, (max-width: 150px) 100vw, 150px\" \/><\/a>\n\t\t\t<\/div>\n\t\t\t\t<figcaption class='wp-caption-text gallery-caption' id='gallery-2-31361'>\n\t\t\t\tOficina Creativa (Espacio 23 \/ Casa FOA 2018) \/ Alejandra Churruarin, Gabriel Voiro, Nicol\u00e1s Voiro (\u00a9 Valeria Seco)\n\t\t\t\t<\/figcaption><\/figure><figure class='gallery-item'>\n\t\t\t<div class='gallery-icon landscape'>\n\t\t\t\t<a href='https:\/\/www.arquimaster.com.ar\/web\/wp-content\/uploads\/2018\/09\/espacio23_casafoa2018_36.jpg' title=\"Oficina Creativa (Espacio 23 \/ Casa FOA 2018) \/ Alejandra Churruarin, Gabriel Voiro, Nicol\u00e1s Voiro (\u00a9 Valeria Seco)\" data-rl_title=\"Oficina Creativa (Espacio 23 \/ Casa FOA 2018) \/ Alejandra Churruarin, Gabriel Voiro, Nicol\u00e1s Voiro (\u00a9 Valeria Seco)\" class=\"rl-gallery-link\" data-rl_caption=\"Oficina Creativa (Espacio 23 \/ Casa FOA 2018) \/ Alejandra Churruarin, Gabriel Voiro, Nicol\u00e1s Voiro (\u00a9 Valeria Seco)\" data-rel=\"lightbox-gallery-2\"><img loading=\"lazy\" decoding=\"async\" width=\"150\" height=\"150\" src=\"https:\/\/www.arquimaster.com.ar\/web\/wp-content\/uploads\/2018\/09\/espacio23_casafoa2018_36-150x150.jpg\" class=\"attachment-thumbnail size-thumbnail\" alt=\"\" aria-describedby=\"gallery-2-31362\" srcset=\"https:\/\/www.arquimaster.com.ar\/web\/wp-content\/uploads\/2018\/09\/espacio23_casafoa2018_36-150x150.jpg 150w, https:\/\/www.arquimaster.com.ar\/web\/wp-content\/uploads\/2018\/09\/espacio23_casafoa2018_36-50x50.jpg 50w, https:\/\/www.arquimaster.com.ar\/web\/wp-content\/uploads\/2018\/09\/espacio23_casafoa2018_36-125x125.jpg 125w\" sizes=\"auto, (max-width: 150px) 100vw, 150px\" \/><\/a>\n\t\t\t<\/div>\n\t\t\t\t<figcaption class='wp-caption-text gallery-caption' id='gallery-2-31362'>\n\t\t\t\tOficina Creativa (Espacio 23 \/ Casa FOA 2018) \/ Alejandra Churruarin, Gabriel Voiro, Nicol\u00e1s Voiro (\u00a9 Valeria Seco)\n\t\t\t\t<\/figcaption><\/figure><figure class='gallery-item'>\n\t\t\t<div class='gallery-icon landscape'>\n\t\t\t\t<a href='https:\/\/www.arquimaster.com.ar\/web\/wp-content\/uploads\/2018\/09\/espacio23_casafoa2018_37.jpg' title=\"Oficina Creativa (Espacio 23 \/ Casa FOA 2018) \/ Alejandra Churruarin, Gabriel Voiro, Nicol\u00e1s Voiro (\u00a9 Valeria Seco)\" data-rl_title=\"Oficina Creativa (Espacio 23 \/ Casa FOA 2018) \/ Alejandra Churruarin, Gabriel Voiro, Nicol\u00e1s Voiro (\u00a9 Valeria Seco)\" class=\"rl-gallery-link\" data-rl_caption=\"Oficina Creativa (Espacio 23 \/ Casa FOA 2018) \/ Alejandra Churruarin, Gabriel Voiro, Nicol\u00e1s Voiro (\u00a9 Valeria Seco)\" data-rel=\"lightbox-gallery-2\"><img loading=\"lazy\" decoding=\"async\" width=\"150\" height=\"150\" src=\"https:\/\/www.arquimaster.com.ar\/web\/wp-content\/uploads\/2018\/09\/espacio23_casafoa2018_37-150x150.jpg\" class=\"attachment-thumbnail size-thumbnail\" alt=\"\" aria-describedby=\"gallery-2-31363\" srcset=\"https:\/\/www.arquimaster.com.ar\/web\/wp-content\/uploads\/2018\/09\/espacio23_casafoa2018_37-150x150.jpg 150w, https:\/\/www.arquimaster.com.ar\/web\/wp-content\/uploads\/2018\/09\/espacio23_casafoa2018_37-50x50.jpg 50w, https:\/\/www.arquimaster.com.ar\/web\/wp-content\/uploads\/2018\/09\/espacio23_casafoa2018_37-125x125.jpg 125w\" sizes=\"auto, (max-width: 150px) 100vw, 150px\" \/><\/a>\n\t\t\t<\/div>\n\t\t\t\t<figcaption class='wp-caption-text gallery-caption' id='gallery-2-31363'>\n\t\t\t\tOficina Creativa (Espacio 23 \/ Casa FOA 2018) \/ Alejandra Churruarin, Gabriel Voiro, Nicol\u00e1s Voiro (\u00a9 Valeria Seco)\n\t\t\t\t<\/figcaption><\/figure><figure class='gallery-item'>\n\t\t\t<div class='gallery-icon landscape'>\n\t\t\t\t<a href='https:\/\/www.arquimaster.com.ar\/web\/wp-content\/uploads\/2018\/09\/espacio23_casafoa2018_38.jpg' title=\"Oficina Creativa (Espacio 23 \/ Casa FOA 2018) \/ Alejandra Churruarin, Gabriel Voiro, Nicol\u00e1s Voiro (\u00a9 Valeria Seco)\" data-rl_title=\"Oficina Creativa (Espacio 23 \/ Casa FOA 2018) \/ Alejandra Churruarin, Gabriel Voiro, Nicol\u00e1s Voiro (\u00a9 Valeria Seco)\" class=\"rl-gallery-link\" data-rl_caption=\"Oficina Creativa (Espacio 23 \/ Casa FOA 2018) \/ Alejandra Churruarin, Gabriel Voiro, Nicol\u00e1s Voiro (\u00a9 Valeria Seco)\" data-rel=\"lightbox-gallery-2\"><img loading=\"lazy\" decoding=\"async\" width=\"150\" height=\"150\" src=\"https:\/\/www.arquimaster.com.ar\/web\/wp-content\/uploads\/2018\/09\/espacio23_casafoa2018_38-150x150.jpg\" class=\"attachment-thumbnail size-thumbnail\" alt=\"\" aria-describedby=\"gallery-2-31364\" srcset=\"https:\/\/www.arquimaster.com.ar\/web\/wp-content\/uploads\/2018\/09\/espacio23_casafoa2018_38-150x150.jpg 150w, https:\/\/www.arquimaster.com.ar\/web\/wp-content\/uploads\/2018\/09\/espacio23_casafoa2018_38-50x50.jpg 50w, https:\/\/www.arquimaster.com.ar\/web\/wp-content\/uploads\/2018\/09\/espacio23_casafoa2018_38-125x125.jpg 125w\" sizes=\"auto, (max-width: 150px) 100vw, 150px\" \/><\/a>\n\t\t\t<\/div>\n\t\t\t\t<figcaption class='wp-caption-text gallery-caption' id='gallery-2-31364'>\n\t\t\t\tOficina Creativa (Espacio 23 \/ Casa FOA 2018) \/ Alejandra Churruarin, Gabriel Voiro, Nicol\u00e1s Voiro (\u00a9 Valeria Seco)\n\t\t\t\t<\/figcaption><\/figure><figure class='gallery-item'>\n\t\t\t<div class='gallery-icon landscape'>\n\t\t\t\t<a href='https:\/\/www.arquimaster.com.ar\/web\/wp-content\/uploads\/2018\/09\/espacio23_casafoa2018_39.jpg' title=\"Oficina Creativa (Espacio 23 \/ Casa FOA 2018) \/ Alejandra Churruarin, Gabriel Voiro, Nicol\u00e1s Voiro (proyectistas)\" data-rl_title=\"Oficina Creativa (Espacio 23 \/ Casa FOA 2018) \/ Alejandra Churruarin, Gabriel Voiro, Nicol\u00e1s Voiro (proyectistas)\" class=\"rl-gallery-link\" data-rl_caption=\"Oficina Creativa (Espacio 23 \/ Casa FOA 2018) \/ Alejandra Churruarin, Gabriel Voiro, Nicol\u00e1s Voiro (proyectistas)\" data-rel=\"lightbox-gallery-2\"><img loading=\"lazy\" decoding=\"async\" width=\"150\" height=\"150\" src=\"https:\/\/www.arquimaster.com.ar\/web\/wp-content\/uploads\/2018\/09\/espacio23_casafoa2018_39-150x150.jpg\" class=\"attachment-thumbnail size-thumbnail\" alt=\"\" aria-describedby=\"gallery-2-31365\" srcset=\"https:\/\/www.arquimaster.com.ar\/web\/wp-content\/uploads\/2018\/09\/espacio23_casafoa2018_39-150x150.jpg 150w, https:\/\/www.arquimaster.com.ar\/web\/wp-content\/uploads\/2018\/09\/espacio23_casafoa2018_39-50x50.jpg 50w, https:\/\/www.arquimaster.com.ar\/web\/wp-content\/uploads\/2018\/09\/espacio23_casafoa2018_39-125x125.jpg 125w\" sizes=\"auto, (max-width: 150px) 100vw, 150px\" \/><\/a>\n\t\t\t<\/div>\n\t\t\t\t<figcaption class='wp-caption-text gallery-caption' id='gallery-2-31365'>\n\t\t\t\tOficina Creativa (Espacio 23 \/ Casa FOA 2018) \/ Alejandra Churruarin, Gabriel Voiro, Nicol\u00e1s Voiro (proyectistas)\n\t\t\t\t<\/figcaption><\/figure><figure class='gallery-item'>\n\t\t\t<div class='gallery-icon portrait'>\n\t\t\t\t<a href='https:\/\/www.arquimaster.com.ar\/web\/wp-content\/uploads\/2018\/09\/espacio23_casafoa2018_40.jpg' title=\"Oficina Creativa (Espacio 23 \/ Casa FOA 2018) \/ Alejandra Churruarin, Gabriel Voiro, Nicol\u00e1s Voiro (\u00a9 Casa FOA)\" data-rl_title=\"Oficina Creativa (Espacio 23 \/ Casa FOA 2018) \/ Alejandra Churruarin, Gabriel Voiro, Nicol\u00e1s Voiro (\u00a9 Casa FOA)\" class=\"rl-gallery-link\" data-rl_caption=\"Oficina Creativa (Espacio 23 \/ Casa FOA 2018) \/ Alejandra Churruarin, Gabriel Voiro, Nicol\u00e1s Voiro (\u00a9 Casa FOA)\" data-rel=\"lightbox-gallery-2\"><img loading=\"lazy\" decoding=\"async\" width=\"150\" height=\"150\" src=\"https:\/\/www.arquimaster.com.ar\/web\/wp-content\/uploads\/2018\/09\/espacio23_casafoa2018_40-150x150.jpg\" class=\"attachment-thumbnail size-thumbnail\" alt=\"\" aria-describedby=\"gallery-2-31366\" srcset=\"https:\/\/www.arquimaster.com.ar\/web\/wp-content\/uploads\/2018\/09\/espacio23_casafoa2018_40-150x150.jpg 150w, https:\/\/www.arquimaster.com.ar\/web\/wp-content\/uploads\/2018\/09\/espacio23_casafoa2018_40-50x50.jpg 50w, https:\/\/www.arquimaster.com.ar\/web\/wp-content\/uploads\/2018\/09\/espacio23_casafoa2018_40-125x125.jpg 125w\" sizes=\"auto, (max-width: 150px) 100vw, 150px\" \/><\/a>\n\t\t\t<\/div>\n\t\t\t\t<figcaption class='wp-caption-text gallery-caption' id='gallery-2-31366'>\n\t\t\t\tOficina Creativa (Espacio 23 \/ Casa FOA 2018) \/ Alejandra Churruarin, Gabriel Voiro, Nicol\u00e1s Voiro (\u00a9 Casa FOA)\n\t\t\t\t<\/figcaption><\/figure><figure class='gallery-item'>\n\t\t\t<div class='gallery-icon landscape'>\n\t\t\t\t<a href='https:\/\/www.arquimaster.com.ar\/web\/wp-content\/uploads\/2018\/09\/espacio23_casafoa2018_41.jpg' title=\"Oficina Creativa (Espacio 23 \/ Casa FOA 2018) \/ Alejandra Churruarin, Gabriel Voiro, Nicol\u00e1s Voiro (\u00a9 Casa FOA)\" data-rl_title=\"Oficina Creativa (Espacio 23 \/ Casa FOA 2018) \/ Alejandra Churruarin, Gabriel Voiro, Nicol\u00e1s Voiro (\u00a9 Casa FOA)\" class=\"rl-gallery-link\" data-rl_caption=\"Oficina Creativa (Espacio 23 \/ Casa FOA 2018) \/ Alejandra Churruarin, Gabriel Voiro, Nicol\u00e1s Voiro (\u00a9 Casa FOA)\" data-rel=\"lightbox-gallery-2\"><img loading=\"lazy\" decoding=\"async\" width=\"150\" height=\"150\" src=\"https:\/\/www.arquimaster.com.ar\/web\/wp-content\/uploads\/2018\/09\/espacio23_casafoa2018_41-150x150.jpg\" class=\"attachment-thumbnail size-thumbnail\" alt=\"\" aria-describedby=\"gallery-2-31367\" srcset=\"https:\/\/www.arquimaster.com.ar\/web\/wp-content\/uploads\/2018\/09\/espacio23_casafoa2018_41-150x150.jpg 150w, https:\/\/www.arquimaster.com.ar\/web\/wp-content\/uploads\/2018\/09\/espacio23_casafoa2018_41-50x50.jpg 50w, https:\/\/www.arquimaster.com.ar\/web\/wp-content\/uploads\/2018\/09\/espacio23_casafoa2018_41-125x125.jpg 125w\" sizes=\"auto, (max-width: 150px) 100vw, 150px\" \/><\/a>\n\t\t\t<\/div>\n\t\t\t\t<figcaption class='wp-caption-text gallery-caption' id='gallery-2-31367'>\n\t\t\t\tOficina Creativa (Espacio 23 \/ Casa FOA 2018) \/ Alejandra Churruarin, Gabriel Voiro, Nicol\u00e1s Voiro (\u00a9 Casa FOA)\n\t\t\t\t<\/figcaption><\/figure><figure class='gallery-item'>\n\t\t\t<div class='gallery-icon landscape'>\n\t\t\t\t<a href='https:\/\/www.arquimaster.com.ar\/web\/wp-content\/uploads\/2018\/09\/espacio23_casafoa2018_42.jpg' title=\"Oficina Creativa (Espacio 23 \/ Casa FOA 2018) \/ Alejandra Churruarin, Gabriel Voiro, Nicol\u00e1s Voiro (\u00a9 Casa FOA)\" data-rl_title=\"Oficina Creativa (Espacio 23 \/ Casa FOA 2018) \/ Alejandra Churruarin, Gabriel Voiro, Nicol\u00e1s Voiro (\u00a9 Casa FOA)\" class=\"rl-gallery-link\" data-rl_caption=\"Oficina Creativa (Espacio 23 \/ Casa FOA 2018) \/ Alejandra Churruarin, Gabriel Voiro, Nicol\u00e1s Voiro (\u00a9 Casa FOA)\" data-rel=\"lightbox-gallery-2\"><img loading=\"lazy\" decoding=\"async\" width=\"150\" height=\"150\" src=\"https:\/\/www.arquimaster.com.ar\/web\/wp-content\/uploads\/2018\/09\/espacio23_casafoa2018_42-150x150.jpg\" class=\"attachment-thumbnail size-thumbnail\" alt=\"\" aria-describedby=\"gallery-2-31368\" srcset=\"https:\/\/www.arquimaster.com.ar\/web\/wp-content\/uploads\/2018\/09\/espacio23_casafoa2018_42-150x150.jpg 150w, https:\/\/www.arquimaster.com.ar\/web\/wp-content\/uploads\/2018\/09\/espacio23_casafoa2018_42-50x50.jpg 50w, https:\/\/www.arquimaster.com.ar\/web\/wp-content\/uploads\/2018\/09\/espacio23_casafoa2018_42-125x125.jpg 125w\" sizes=\"auto, (max-width: 150px) 100vw, 150px\" \/><\/a>\n\t\t\t<\/div>\n\t\t\t\t<figcaption class='wp-caption-text gallery-caption' id='gallery-2-31368'>\n\t\t\t\tOficina Creativa (Espacio 23 \/ Casa FOA 2018) \/ Alejandra Churruarin, Gabriel Voiro, Nicol\u00e1s Voiro (\u00a9 Casa FOA)\n\t\t\t\t<\/figcaption><\/figure>\n\t\t<\/div>\n\n<p><strong>Contacto<\/strong><br \/>\n<a href=\"http:\/\/www.estudioarch.com\" target=\"_blank\" rel=\"noopener\">http:\/\/www.estudioarch.com<\/a><br \/>\nInstagram: @archgroup_<\/p>\n<p><strong>Fotos<\/strong><br \/>\nValeria Seco<br \/>\nPrensa Casa FOA 2018<\/p>\n<p><strong>Plano de la muestra<\/strong><\/p>\n<div id='gallery-3' class='gallery galleryid-31325 gallery-columns-3 gallery-size-thumbnail'><figure class='gallery-item'>\n\t\t\t<div class='gallery-icon portrait'>\n\t\t\t\t<a href='https:\/\/www.arquimaster.com.ar\/web\/wp-content\/uploads\/2018\/09\/plano_casa_foa_2018.jpg' title=\"Casa FOA 2018 \/ Cassa Devoto\" data-rl_title=\"Casa FOA 2018 \/ Cassa Devoto\" class=\"rl-gallery-link\" data-rl_caption=\"Casa FOA 2018 \/ Cassa Devoto\" data-rel=\"lightbox-gallery-3\"><img loading=\"lazy\" decoding=\"async\" width=\"150\" height=\"150\" src=\"https:\/\/www.arquimaster.com.ar\/web\/wp-content\/uploads\/2018\/09\/plano_casa_foa_2018-150x150.jpg\" class=\"attachment-thumbnail size-thumbnail\" alt=\"\" aria-describedby=\"gallery-3-31322\" srcset=\"https:\/\/www.arquimaster.com.ar\/web\/wp-content\/uploads\/2018\/09\/plano_casa_foa_2018-150x150.jpg 150w, https:\/\/www.arquimaster.com.ar\/web\/wp-content\/uploads\/2018\/09\/plano_casa_foa_2018-50x50.jpg 50w, https:\/\/www.arquimaster.com.ar\/web\/wp-content\/uploads\/2018\/09\/plano_casa_foa_2018-125x125.jpg 125w\" sizes=\"auto, (max-width: 150px) 100vw, 150px\" \/><\/a>\n\t\t\t<\/div>\n\t\t\t\t<figcaption class='wp-caption-text gallery-caption' id='gallery-3-31322'>\n\t\t\t\tCasa FOA 2018 \/ Cassa Devoto\n\t\t\t\t<\/figcaption><\/figure>\n\t\t<\/div>\n\n<p><strong>Sponsors del espacio<\/strong><\/p>\n<p><strong>Ternium<\/strong><br \/>\nEstructuras met\u00e1licas<\/p>\n<p><strong>Patagonia Flooring<\/strong><br \/>\nPiso y revestimientos<\/p>\n<p><strong>Hisense<\/strong><br \/>\nSmart TV<\/p>\n<p><strong>Atrim<\/strong><br \/>\nPerfiles y terminaciones<\/p>\n<p><strong>Alba<\/strong><br \/>\nPinturas<\/p>\n<p><strong>Rielamericano<\/strong><br \/>\nCortinas<\/p>\n<p>&nbsp;<\/p>\n<p><strong>Colaboradores<\/strong><\/p>\n<p><strong>Jungla<\/strong><br \/>\nMobiliario de dise\u00f1o<\/p>\n<p><strong>Concepto&amp;Luz<\/strong><br \/>\nIluminaci\u00f3n<\/p>\n<p><strong>Gato Store<\/strong><br \/>\nObjetos<\/p>\n<p><strong>Kikely<\/strong><br \/>\nSill\u00f3n y objetos cromados<\/p>\n<p>&nbsp;<\/p>\n<p><strong>Sobre Casa FOA 2018 \/ Cassa Devoto<\/strong><br \/>\nCasa FOA, la tradicional exposici\u00f3n nacional de arquitectura, dise\u00f1o interior, paisajismo e industria abrir\u00e1 sus puertas a partir del 21 de septiembre de 2018 y podr\u00e1 recorrerse hasta el 28 de octubre de 2018 en su nueva sede en el ex Convento Nuestra Se\u00f1ora de la Misericordia, ubicado en Pareja 3670, en el barrio de Devoto, Ciudad de Buenos Aires. Cassa Devoto es una joya arquitect\u00f3nica de m\u00e1s de 120 a\u00f1os, con 3000 metros cuadrados de claustros, patios y vegetaci\u00f3n que brindar\u00e1 los escenarios donde dise\u00f1adores y arquitectos desplegar\u00e1n toda su creatividad.<\/p>\n<p>La nueva sede abrir\u00e1 todos los d\u00edas de 12 a 20 horas y los viernes con Casa FOA Night hasta las 23 horas, los viernes a partir de las 19 horas se podr\u00e1 acceder con el beneficio de 2&#215;1. La entrada tendr\u00e1 un valor de $ 240 en boleter\u00eda y se podr\u00e1n adquirir entradas anticipadas a trav\u00e9s de la p\u00e1gina web de Casa FOA. Casa FOA ya es un \u00edcono de la arquitectura y el dise\u00f1o, tal es as\u00ed que este a\u00f1o, celebrando su edici\u00f3n N\u00ba 35, fue declarada de inter\u00e9s cultural de la Ciudad de Buenos Aires por la Legislatura Porte\u00f1a.<\/p>\n<p><strong>M\u00e1s informaci\u00f3n<\/strong><br \/>\n<a href=\"http:\/\/www.casafoa.com\" target=\"_blank\" rel=\"noopener\">http:\/\/www.casafoa.com<\/a><\/p>\n<p><iframe loading=\"lazy\" style=\"border: 0;\" src=\"https:\/\/www.google.com\/maps\/embed?pb=!1m14!1m8!1m3!1d13137.238640565682!2d-58.5089094!3d-34.5963304!3m2!1i1024!2i768!4f13.1!3m3!1m2!1s0x0%3A0xeebce17ff294ca1c!2sCasa+FOA+2018!5e0!3m2!1ses-419!2sar!4v1537461365962\" width=\"642\" height=\"350\" frameborder=\"0\" allowfullscreen=\"allowfullscreen\"><\/iframe><\/p>\n\n<div style=\"font-size: 0px; height: 0px; line-height: 0px; margin: 0; padding: 0; clear: both;\"><\/div><div style=\"margin-top: 0px; margin-bottom: 0px;\" class=\"sharethis-inline-share-buttons\" ><\/div>","protected":false},"excerpt":{"rendered":"<p>El protagonismo se centra en una cinta envolvente que materializa al escritorio&#8230;<\/p>\n","protected":false},"author":1,"featured_media":31326,"comment_status":"closed","ping_status":"closed","sticky":false,"template":"","format":"standard","meta":{"_uag_custom_page_level_css":"","footnotes":""},"categories":[4642,55],"tags":[4645,4648,4644,4646,4647,4649],"class_list":["post-31325","post","type-post","status-publish","format-standard","has-post-thumbnail","hentry","category-casa-foa-2018","category-diseno","tag-alejandra-churruarin","tag-arch-group","tag-casa-foa-2018","tag-gabriel-voiro","tag-nicolas-voiro","tag-oficina-creativa","generate-columns","tablet-grid-50","mobile-grid-100","grid-parent","grid-50"],"yoast_head":"<!-- This site is optimized with the Yoast SEO plugin v27.3 - https:\/\/yoast.com\/product\/yoast-seo-wordpress\/ -->\n<title>Oficina Creativa (Espacio 23 \/ Casa FOA 2018) \/ Alejandra Churruarin, Gabriel Voiro, Nicol\u00e1s Voiro - Arquimaster<\/title>\n<meta name=\"robots\" content=\"index, follow, max-snippet:-1, max-image-preview:large, max-video-preview:-1\" \/>\n<link rel=\"canonical\" href=\"https:\/\/www.arquimaster.com.ar\/web\/oficina-creativa-espacio-23-casa-foa-2018-alejandra-churruarin-gabriel-voiro-nicolas-voiro\/\" \/>\n<meta property=\"og:locale\" content=\"es_ES\" \/>\n<meta property=\"og:type\" content=\"article\" \/>\n<meta property=\"og:title\" content=\"Oficina Creativa (Espacio 23 \/ Casa FOA 2018) \/ Alejandra Churruarin, Gabriel Voiro, Nicol\u00e1s Voiro - Arquimaster\" \/>\n<meta property=\"og:description\" content=\"El protagonismo se centra en una cinta envolvente que materializa al escritorio...\" \/>\n<meta property=\"og:url\" content=\"https:\/\/www.arquimaster.com.ar\/web\/oficina-creativa-espacio-23-casa-foa-2018-alejandra-churruarin-gabriel-voiro-nicolas-voiro\/\" \/>\n<meta property=\"og:site_name\" content=\"Arquimaster\" \/>\n<meta property=\"article:publisher\" content=\"http:\/\/www.facebook.com\/ARQUIMASTER.com.ar\" \/>\n<meta property=\"article:published_time\" content=\"2018-09-20T14:35:02+00:00\" \/>\n<meta property=\"article:modified_time\" content=\"2018-09-21T17:22:02+00:00\" \/>\n<meta property=\"og:image\" content=\"https:\/\/www.arquimaster.com.ar\/web\/wp-content\/uploads\/2018\/09\/espacio23_casafoa2018_slide.jpg\" \/>\n\t<meta property=\"og:image:width\" content=\"642\" \/>\n\t<meta property=\"og:image:height\" content=\"336\" \/>\n\t<meta property=\"og:image:type\" content=\"image\/jpeg\" \/>\n<meta name=\"author\" content=\"Arquimaster\" \/>\n<meta name=\"twitter:card\" content=\"summary_large_image\" \/>\n<meta name=\"twitter:creator\" content=\"@arquimaster\" \/>\n<meta name=\"twitter:site\" content=\"@arquimaster\" \/>\n<meta name=\"twitter:label1\" content=\"Escrito por\" \/>\n\t<meta name=\"twitter:data1\" content=\"Arquimaster\" \/>\n\t<meta name=\"twitter:label2\" content=\"Tiempo de lectura\" \/>\n\t<meta name=\"twitter:data2\" content=\"2 minutos\" \/>\n<script type=\"application\/ld+json\" class=\"yoast-schema-graph\">{\"@context\":\"https:\\\/\\\/schema.org\",\"@graph\":[{\"@type\":\"Article\",\"@id\":\"https:\\\/\\\/www.arquimaster.com.ar\\\/web\\\/oficina-creativa-espacio-23-casa-foa-2018-alejandra-churruarin-gabriel-voiro-nicolas-voiro\\\/#article\",\"isPartOf\":{\"@id\":\"https:\\\/\\\/www.arquimaster.com.ar\\\/web\\\/oficina-creativa-espacio-23-casa-foa-2018-alejandra-churruarin-gabriel-voiro-nicolas-voiro\\\/\"},\"author\":{\"name\":\"Arquimaster\",\"@id\":\"https:\\\/\\\/www.arquimaster.com.ar\\\/web\\\/#\\\/schema\\\/person\\\/359e9f7c00193fcde068e0dd2ceb0028\"},\"headline\":\"Oficina Creativa (Espacio 23 \\\/ Casa FOA 2018) \\\/ Alejandra Churruarin, Gabriel Voiro, Nicol\u00e1s Voiro\",\"datePublished\":\"2018-09-20T14:35:02+00:00\",\"dateModified\":\"2018-09-21T17:22:02+00:00\",\"mainEntityOfPage\":{\"@id\":\"https:\\\/\\\/www.arquimaster.com.ar\\\/web\\\/oficina-creativa-espacio-23-casa-foa-2018-alejandra-churruarin-gabriel-voiro-nicolas-voiro\\\/\"},\"wordCount\":423,\"publisher\":{\"@id\":\"https:\\\/\\\/www.arquimaster.com.ar\\\/web\\\/#organization\"},\"image\":{\"@id\":\"https:\\\/\\\/www.arquimaster.com.ar\\\/web\\\/oficina-creativa-espacio-23-casa-foa-2018-alejandra-churruarin-gabriel-voiro-nicolas-voiro\\\/#primaryimage\"},\"thumbnailUrl\":\"https:\\\/\\\/www.arquimaster.com.ar\\\/web\\\/wp-content\\\/uploads\\\/2018\\\/09\\\/espacio23_casafoa2018_slide.jpg\",\"keywords\":[\"Alejandra Churruarin\",\"Arch Group\",\"Casa FOA 2018\",\"Gabriel Voiro\",\"Nicol\u00e1s Voiro\",\"oficina creativa\"],\"articleSection\":[\"Casa FOA 2018\",\"Dise\u00f1o\"],\"inLanguage\":\"es\"},{\"@type\":\"WebPage\",\"@id\":\"https:\\\/\\\/www.arquimaster.com.ar\\\/web\\\/oficina-creativa-espacio-23-casa-foa-2018-alejandra-churruarin-gabriel-voiro-nicolas-voiro\\\/\",\"url\":\"https:\\\/\\\/www.arquimaster.com.ar\\\/web\\\/oficina-creativa-espacio-23-casa-foa-2018-alejandra-churruarin-gabriel-voiro-nicolas-voiro\\\/\",\"name\":\"Oficina Creativa (Espacio 23 \\\/ Casa FOA 2018) \\\/ Alejandra Churruarin, Gabriel Voiro, Nicol\u00e1s Voiro - Arquimaster\",\"isPartOf\":{\"@id\":\"https:\\\/\\\/www.arquimaster.com.ar\\\/web\\\/#website\"},\"primaryImageOfPage\":{\"@id\":\"https:\\\/\\\/www.arquimaster.com.ar\\\/web\\\/oficina-creativa-espacio-23-casa-foa-2018-alejandra-churruarin-gabriel-voiro-nicolas-voiro\\\/#primaryimage\"},\"image\":{\"@id\":\"https:\\\/\\\/www.arquimaster.com.ar\\\/web\\\/oficina-creativa-espacio-23-casa-foa-2018-alejandra-churruarin-gabriel-voiro-nicolas-voiro\\\/#primaryimage\"},\"thumbnailUrl\":\"https:\\\/\\\/www.arquimaster.com.ar\\\/web\\\/wp-content\\\/uploads\\\/2018\\\/09\\\/espacio23_casafoa2018_slide.jpg\",\"datePublished\":\"2018-09-20T14:35:02+00:00\",\"dateModified\":\"2018-09-21T17:22:02+00:00\",\"breadcrumb\":{\"@id\":\"https:\\\/\\\/www.arquimaster.com.ar\\\/web\\\/oficina-creativa-espacio-23-casa-foa-2018-alejandra-churruarin-gabriel-voiro-nicolas-voiro\\\/#breadcrumb\"},\"inLanguage\":\"es\",\"potentialAction\":[{\"@type\":\"ReadAction\",\"target\":[\"https:\\\/\\\/www.arquimaster.com.ar\\\/web\\\/oficina-creativa-espacio-23-casa-foa-2018-alejandra-churruarin-gabriel-voiro-nicolas-voiro\\\/\"]}]},{\"@type\":\"ImageObject\",\"inLanguage\":\"es\",\"@id\":\"https:\\\/\\\/www.arquimaster.com.ar\\\/web\\\/oficina-creativa-espacio-23-casa-foa-2018-alejandra-churruarin-gabriel-voiro-nicolas-voiro\\\/#primaryimage\",\"url\":\"https:\\\/\\\/www.arquimaster.com.ar\\\/web\\\/wp-content\\\/uploads\\\/2018\\\/09\\\/espacio23_casafoa2018_slide.jpg\",\"contentUrl\":\"https:\\\/\\\/www.arquimaster.com.ar\\\/web\\\/wp-content\\\/uploads\\\/2018\\\/09\\\/espacio23_casafoa2018_slide.jpg\",\"width\":642,\"height\":336},{\"@type\":\"BreadcrumbList\",\"@id\":\"https:\\\/\\\/www.arquimaster.com.ar\\\/web\\\/oficina-creativa-espacio-23-casa-foa-2018-alejandra-churruarin-gabriel-voiro-nicolas-voiro\\\/#breadcrumb\",\"itemListElement\":[{\"@type\":\"ListItem\",\"position\":1,\"name\":\"Portada\",\"item\":\"https:\\\/\\\/www.arquimaster.com.ar\\\/web\\\/\"},{\"@type\":\"ListItem\",\"position\":2,\"name\":\"Oficina Creativa (Espacio 23 \\\/ Casa FOA 2018) \\\/ Alejandra Churruarin, Gabriel Voiro, Nicol\u00e1s Voiro\"}]},{\"@type\":\"WebSite\",\"@id\":\"https:\\\/\\\/www.arquimaster.com.ar\\\/web\\\/#website\",\"url\":\"https:\\\/\\\/www.arquimaster.com.ar\\\/web\\\/\",\"name\":\"Arquimaster\",\"description\":\"Web de arquitectura, dise\u00f1o y construccion\",\"publisher\":{\"@id\":\"https:\\\/\\\/www.arquimaster.com.ar\\\/web\\\/#organization\"},\"potentialAction\":[{\"@type\":\"SearchAction\",\"target\":{\"@type\":\"EntryPoint\",\"urlTemplate\":\"https:\\\/\\\/www.arquimaster.com.ar\\\/web\\\/?s={search_term_string}\"},\"query-input\":{\"@type\":\"PropertyValueSpecification\",\"valueRequired\":true,\"valueName\":\"search_term_string\"}}],\"inLanguage\":\"es\"},{\"@type\":\"Organization\",\"@id\":\"https:\\\/\\\/www.arquimaster.com.ar\\\/web\\\/#organization\",\"name\":\"Arquimaster\",\"url\":\"https:\\\/\\\/www.arquimaster.com.ar\\\/web\\\/\",\"logo\":{\"@type\":\"ImageObject\",\"inLanguage\":\"es\",\"@id\":\"https:\\\/\\\/www.arquimaster.com.ar\\\/web\\\/#\\\/schema\\\/logo\\\/image\\\/\",\"url\":\"https:\\\/\\\/www.arquimaster.com.ar\\\/web\\\/wp-content\\\/uploads\\\/2022\\\/06\\\/arquimaster.png\",\"contentUrl\":\"https:\\\/\\\/www.arquimaster.com.ar\\\/web\\\/wp-content\\\/uploads\\\/2022\\\/06\\\/arquimaster.png\",\"width\":594,\"height\":78,\"caption\":\"Arquimaster\"},\"image\":{\"@id\":\"https:\\\/\\\/www.arquimaster.com.ar\\\/web\\\/#\\\/schema\\\/logo\\\/image\\\/\"},\"sameAs\":[\"http:\\\/\\\/www.facebook.com\\\/ARQUIMASTER.com.ar\",\"https:\\\/\\\/x.com\\\/arquimaster\",\"https:\\\/\\\/www.instagram.com\\\/arquimasterblog\\\/\",\"https:\\\/\\\/www.linkedin.com\\\/company\\\/arquimaster\",\"https:\\\/\\\/www.pinterest.com\\\/arquimaster\",\"https:\\\/\\\/t.me\\\/arquimaster\"]},{\"@type\":\"Person\",\"@id\":\"https:\\\/\\\/www.arquimaster.com.ar\\\/web\\\/#\\\/schema\\\/person\\\/359e9f7c00193fcde068e0dd2ceb0028\",\"name\":\"Arquimaster\"}]}<\/script>\n<!-- \/ Yoast SEO plugin. -->","yoast_head_json":{"title":"Oficina Creativa (Espacio 23 \/ Casa FOA 2018) \/ Alejandra Churruarin, Gabriel Voiro, Nicol\u00e1s Voiro - Arquimaster","robots":{"index":"index","follow":"follow","max-snippet":"max-snippet:-1","max-image-preview":"max-image-preview:large","max-video-preview":"max-video-preview:-1"},"canonical":"https:\/\/www.arquimaster.com.ar\/web\/oficina-creativa-espacio-23-casa-foa-2018-alejandra-churruarin-gabriel-voiro-nicolas-voiro\/","og_locale":"es_ES","og_type":"article","og_title":"Oficina Creativa (Espacio 23 \/ Casa FOA 2018) \/ Alejandra Churruarin, Gabriel Voiro, Nicol\u00e1s Voiro - Arquimaster","og_description":"El protagonismo se centra en una cinta envolvente que materializa al escritorio...","og_url":"https:\/\/www.arquimaster.com.ar\/web\/oficina-creativa-espacio-23-casa-foa-2018-alejandra-churruarin-gabriel-voiro-nicolas-voiro\/","og_site_name":"Arquimaster","article_publisher":"http:\/\/www.facebook.com\/ARQUIMASTER.com.ar","article_published_time":"2018-09-20T14:35:02+00:00","article_modified_time":"2018-09-21T17:22:02+00:00","og_image":[{"width":642,"height":336,"url":"https:\/\/www.arquimaster.com.ar\/web\/wp-content\/uploads\/2018\/09\/espacio23_casafoa2018_slide.jpg","type":"image\/jpeg"}],"author":"Arquimaster","twitter_card":"summary_large_image","twitter_creator":"@arquimaster","twitter_site":"@arquimaster","twitter_misc":{"Escrito por":"Arquimaster","Tiempo de lectura":"2 minutos"},"schema":{"@context":"https:\/\/schema.org","@graph":[{"@type":"Article","@id":"https:\/\/www.arquimaster.com.ar\/web\/oficina-creativa-espacio-23-casa-foa-2018-alejandra-churruarin-gabriel-voiro-nicolas-voiro\/#article","isPartOf":{"@id":"https:\/\/www.arquimaster.com.ar\/web\/oficina-creativa-espacio-23-casa-foa-2018-alejandra-churruarin-gabriel-voiro-nicolas-voiro\/"},"author":{"name":"Arquimaster","@id":"https:\/\/www.arquimaster.com.ar\/web\/#\/schema\/person\/359e9f7c00193fcde068e0dd2ceb0028"},"headline":"Oficina Creativa (Espacio 23 \/ Casa FOA 2018) \/ Alejandra Churruarin, Gabriel Voiro, Nicol\u00e1s Voiro","datePublished":"2018-09-20T14:35:02+00:00","dateModified":"2018-09-21T17:22:02+00:00","mainEntityOfPage":{"@id":"https:\/\/www.arquimaster.com.ar\/web\/oficina-creativa-espacio-23-casa-foa-2018-alejandra-churruarin-gabriel-voiro-nicolas-voiro\/"},"wordCount":423,"publisher":{"@id":"https:\/\/www.arquimaster.com.ar\/web\/#organization"},"image":{"@id":"https:\/\/www.arquimaster.com.ar\/web\/oficina-creativa-espacio-23-casa-foa-2018-alejandra-churruarin-gabriel-voiro-nicolas-voiro\/#primaryimage"},"thumbnailUrl":"https:\/\/www.arquimaster.com.ar\/web\/wp-content\/uploads\/2018\/09\/espacio23_casafoa2018_slide.jpg","keywords":["Alejandra Churruarin","Arch Group","Casa FOA 2018","Gabriel Voiro","Nicol\u00e1s Voiro","oficina creativa"],"articleSection":["Casa FOA 2018","Dise\u00f1o"],"inLanguage":"es"},{"@type":"WebPage","@id":"https:\/\/www.arquimaster.com.ar\/web\/oficina-creativa-espacio-23-casa-foa-2018-alejandra-churruarin-gabriel-voiro-nicolas-voiro\/","url":"https:\/\/www.arquimaster.com.ar\/web\/oficina-creativa-espacio-23-casa-foa-2018-alejandra-churruarin-gabriel-voiro-nicolas-voiro\/","name":"Oficina Creativa (Espacio 23 \/ Casa FOA 2018) \/ Alejandra Churruarin, Gabriel Voiro, Nicol\u00e1s Voiro - Arquimaster","isPartOf":{"@id":"https:\/\/www.arquimaster.com.ar\/web\/#website"},"primaryImageOfPage":{"@id":"https:\/\/www.arquimaster.com.ar\/web\/oficina-creativa-espacio-23-casa-foa-2018-alejandra-churruarin-gabriel-voiro-nicolas-voiro\/#primaryimage"},"image":{"@id":"https:\/\/www.arquimaster.com.ar\/web\/oficina-creativa-espacio-23-casa-foa-2018-alejandra-churruarin-gabriel-voiro-nicolas-voiro\/#primaryimage"},"thumbnailUrl":"https:\/\/www.arquimaster.com.ar\/web\/wp-content\/uploads\/2018\/09\/espacio23_casafoa2018_slide.jpg","datePublished":"2018-09-20T14:35:02+00:00","dateModified":"2018-09-21T17:22:02+00:00","breadcrumb":{"@id":"https:\/\/www.arquimaster.com.ar\/web\/oficina-creativa-espacio-23-casa-foa-2018-alejandra-churruarin-gabriel-voiro-nicolas-voiro\/#breadcrumb"},"inLanguage":"es","potentialAction":[{"@type":"ReadAction","target":["https:\/\/www.arquimaster.com.ar\/web\/oficina-creativa-espacio-23-casa-foa-2018-alejandra-churruarin-gabriel-voiro-nicolas-voiro\/"]}]},{"@type":"ImageObject","inLanguage":"es","@id":"https:\/\/www.arquimaster.com.ar\/web\/oficina-creativa-espacio-23-casa-foa-2018-alejandra-churruarin-gabriel-voiro-nicolas-voiro\/#primaryimage","url":"https:\/\/www.arquimaster.com.ar\/web\/wp-content\/uploads\/2018\/09\/espacio23_casafoa2018_slide.jpg","contentUrl":"https:\/\/www.arquimaster.com.ar\/web\/wp-content\/uploads\/2018\/09\/espacio23_casafoa2018_slide.jpg","width":642,"height":336},{"@type":"BreadcrumbList","@id":"https:\/\/www.arquimaster.com.ar\/web\/oficina-creativa-espacio-23-casa-foa-2018-alejandra-churruarin-gabriel-voiro-nicolas-voiro\/#breadcrumb","itemListElement":[{"@type":"ListItem","position":1,"name":"Portada","item":"https:\/\/www.arquimaster.com.ar\/web\/"},{"@type":"ListItem","position":2,"name":"Oficina Creativa (Espacio 23 \/ Casa FOA 2018) \/ Alejandra Churruarin, Gabriel Voiro, Nicol\u00e1s Voiro"}]},{"@type":"WebSite","@id":"https:\/\/www.arquimaster.com.ar\/web\/#website","url":"https:\/\/www.arquimaster.com.ar\/web\/","name":"Arquimaster","description":"Web de arquitectura, dise\u00f1o y construccion","publisher":{"@id":"https:\/\/www.arquimaster.com.ar\/web\/#organization"},"potentialAction":[{"@type":"SearchAction","target":{"@type":"EntryPoint","urlTemplate":"https:\/\/www.arquimaster.com.ar\/web\/?s={search_term_string}"},"query-input":{"@type":"PropertyValueSpecification","valueRequired":true,"valueName":"search_term_string"}}],"inLanguage":"es"},{"@type":"Organization","@id":"https:\/\/www.arquimaster.com.ar\/web\/#organization","name":"Arquimaster","url":"https:\/\/www.arquimaster.com.ar\/web\/","logo":{"@type":"ImageObject","inLanguage":"es","@id":"https:\/\/www.arquimaster.com.ar\/web\/#\/schema\/logo\/image\/","url":"https:\/\/www.arquimaster.com.ar\/web\/wp-content\/uploads\/2022\/06\/arquimaster.png","contentUrl":"https:\/\/www.arquimaster.com.ar\/web\/wp-content\/uploads\/2022\/06\/arquimaster.png","width":594,"height":78,"caption":"Arquimaster"},"image":{"@id":"https:\/\/www.arquimaster.com.ar\/web\/#\/schema\/logo\/image\/"},"sameAs":["http:\/\/www.facebook.com\/ARQUIMASTER.com.ar","https:\/\/x.com\/arquimaster","https:\/\/www.instagram.com\/arquimasterblog\/","https:\/\/www.linkedin.com\/company\/arquimaster","https:\/\/www.pinterest.com\/arquimaster","https:\/\/t.me\/arquimaster"]},{"@type":"Person","@id":"https:\/\/www.arquimaster.com.ar\/web\/#\/schema\/person\/359e9f7c00193fcde068e0dd2ceb0028","name":"Arquimaster"}]}},"uagb_featured_image_src":{"full":["https:\/\/www.arquimaster.com.ar\/web\/wp-content\/uploads\/2018\/09\/espacio23_casafoa2018_slide.jpg",642,336,false],"thumbnail":["https:\/\/www.arquimaster.com.ar\/web\/wp-content\/uploads\/2018\/09\/espacio23_casafoa2018_slide-150x150.jpg",150,150,true],"medium":["https:\/\/www.arquimaster.com.ar\/web\/wp-content\/uploads\/2018\/09\/espacio23_casafoa2018_slide.jpg",642,336,false],"medium_large":["https:\/\/www.arquimaster.com.ar\/web\/wp-content\/uploads\/2018\/09\/espacio23_casafoa2018_slide.jpg",642,336,false],"large":["https:\/\/www.arquimaster.com.ar\/web\/wp-content\/uploads\/2018\/09\/espacio23_casafoa2018_slide.jpg",642,336,false],"1536x1536":["https:\/\/www.arquimaster.com.ar\/web\/wp-content\/uploads\/2018\/09\/espacio23_casafoa2018_slide.jpg",642,336,false],"2048x2048":["https:\/\/www.arquimaster.com.ar\/web\/wp-content\/uploads\/2018\/09\/espacio23_casafoa2018_slide.jpg",642,336,false]},"uagb_author_info":{"display_name":"Arquimaster","author_link":"https:\/\/www.arquimaster.com.ar\/web\/author\/arquimaster\/"},"uagb_comment_info":0,"uagb_excerpt":"El protagonismo se centra en una cinta envolvente que materializa al escritorio...","_links":{"self":[{"href":"https:\/\/www.arquimaster.com.ar\/web\/wp-json\/wp\/v2\/posts\/31325","targetHints":{"allow":["GET"]}}],"collection":[{"href":"https:\/\/www.arquimaster.com.ar\/web\/wp-json\/wp\/v2\/posts"}],"about":[{"href":"https:\/\/www.arquimaster.com.ar\/web\/wp-json\/wp\/v2\/types\/post"}],"author":[{"embeddable":true,"href":"https:\/\/www.arquimaster.com.ar\/web\/wp-json\/wp\/v2\/users\/1"}],"replies":[{"embeddable":true,"href":"https:\/\/www.arquimaster.com.ar\/web\/wp-json\/wp\/v2\/comments?post=31325"}],"version-history":[{"count":0,"href":"https:\/\/www.arquimaster.com.ar\/web\/wp-json\/wp\/v2\/posts\/31325\/revisions"}],"wp:featuredmedia":[{"embeddable":true,"href":"https:\/\/www.arquimaster.com.ar\/web\/wp-json\/wp\/v2\/media\/31326"}],"wp:attachment":[{"href":"https:\/\/www.arquimaster.com.ar\/web\/wp-json\/wp\/v2\/media?parent=31325"}],"wp:term":[{"taxonomy":"category","embeddable":true,"href":"https:\/\/www.arquimaster.com.ar\/web\/wp-json\/wp\/v2\/categories?post=31325"},{"taxonomy":"post_tag","embeddable":true,"href":"https:\/\/www.arquimaster.com.ar\/web\/wp-json\/wp\/v2\/tags?post=31325"}],"curies":[{"name":"wp","href":"https:\/\/api.w.org\/{rel}","templated":true}]}}