{"id":31473,"date":"2018-09-21T13:19:00","date_gmt":"2018-09-21T13:19:00","guid":{"rendered":"http:\/\/www.arquimaster.com.ar\/web\/?p=31473"},"modified":"2018-10-22T02:06:41","modified_gmt":"2018-10-22T02:06:41","slug":"suite-in-out-espacio-32-casa-foa-2018-estudio-viviana-melamed","status":"publish","type":"post","link":"https:\/\/www.arquimaster.com.ar\/web\/suite-in-out-espacio-32-casa-foa-2018-estudio-viviana-melamed\/","title":{"rendered":"Suite In Out (Espacio 32 \/ Casa Foa 2018) \/ Estudio Viviana Melamed"},"content":{"rendered":"<div style=\"margin-top: 0px; margin-bottom: 0px;\" class=\"sharethis-inline-share-buttons\" ><\/div><div class=\"b812932af2e751442846f039925109de\" data-index=\"1\" style=\"float: none; margin:25px 0 25px 0; text-align:center;\">\n<script async src=\"https:\/\/pagead2.googlesyndication.com\/pagead\/js\/adsbygoogle.js\"><\/script>\r\n<!-- Arquimaster (superior) -->\r\n<ins class=\"adsbygoogle\"\r\n     style=\"display:block\"\r\n     data-ad-client=\"ca-pub-6351072698456832\"\r\n     data-ad-slot=\"6455489680\"\r\n     data-ad-format=\"auto\"\r\n     data-full-width-responsive=\"true\"><\/ins>\r\n<script>\r\n     (adsbygoogle = window.adsbygoogle || []).push({});\r\n<\/script>\n<\/div>\n<p><strong>Suite In Out<\/strong> (Espacio 32 \/ Casa Foa 2018 \/ Cassa Devoto) por <strong>Estudio Viviana Melamed<\/strong>. Arq. MDI Viviana Melamed, Arq. Laura Rojas, Arq. Gabriela Ebrase. Una propuesta org\u00e1nica, natural, sofisticada, inteligente, consciente, moderna. Materiales nobles, los de siempre: maderas, m\u00e1rmoles, piedras, cementos, fieltros, hilados naturales, plantas, algodones.<\/p>\n<p>Pensada para una pareja joven, din\u00e1mica, donde ambos tienen sus intereses y se complementan. Son habitantes de este tiempo, privilegian lo natural, lo ecol\u00f3gico. El mundo tecnol\u00f3gico es parte de su cotidianeidad, eligen materiales nobles, resoluciones con dise\u00f1o sofisticado pero de materialidad sincera. Son lectores, viajeros, gourmets. Valoran el espacio verde y por eso deciden aprovechar cada situaci\u00f3n que se les presenta para vivir inmersos en \u00e9l, derribando barreras interior\/exterior en cuanto a usos y resoluciones. Son exigentes, cuidan el medioambiente.<\/p>\n<p>El espacio se organiza en un adentro + un afuera. En ambos planteamos usos individuales, de conjunto, algunos m\u00e1s flexibles y otros m\u00e1s espec\u00edficos. Proponemos \u00e1reas de dormir, espacios de lectura individual, de trabajo concentrado, de charla al lado del fuego en consonancia con el exterior, de distensi\u00f3n audiovisual, cada uno de estos usos encuentran su resoluci\u00f3n.<\/p>\n<div id='gallery-1' class='gallery galleryid-31473 gallery-columns-3 gallery-size-thumbnail'><figure class='gallery-item'>\n\t\t\t<div class='gallery-icon landscape'>\n\t\t\t\t<a href='https:\/\/www.arquimaster.com.ar\/web\/wp-content\/uploads\/2018\/09\/espacio32_casafoa2018_1.jpg' title=\"Suite In Out (Espacio 32 \/ Casa Foa 2018) \/ Estudio Viviana Melamed (\u00a9 Federico Kulekdjian)\" data-rl_title=\"Suite In Out (Espacio 32 \/ Casa Foa 2018) \/ Estudio Viviana Melamed (\u00a9 Federico Kulekdjian)\" class=\"rl-gallery-link\" data-rl_caption=\"Suite In Out (Espacio 32 \/ Casa Foa 2018) \/ Estudio Viviana Melamed (\u00a9 Federico Kulekdjian)\" data-rel=\"lightbox-gallery-1\"><img loading=\"lazy\" decoding=\"async\" width=\"150\" height=\"150\" src=\"https:\/\/www.arquimaster.com.ar\/web\/wp-content\/uploads\/2018\/09\/espacio32_casafoa2018_1-150x150.jpg\" class=\"attachment-thumbnail size-thumbnail\" alt=\"\" aria-describedby=\"gallery-1-31474\" srcset=\"https:\/\/www.arquimaster.com.ar\/web\/wp-content\/uploads\/2018\/09\/espacio32_casafoa2018_1-150x150.jpg 150w, https:\/\/www.arquimaster.com.ar\/web\/wp-content\/uploads\/2018\/09\/espacio32_casafoa2018_1-50x50.jpg 50w, https:\/\/www.arquimaster.com.ar\/web\/wp-content\/uploads\/2018\/09\/espacio32_casafoa2018_1-125x125.jpg 125w\" sizes=\"auto, (max-width: 150px) 100vw, 150px\" \/><\/a>\n\t\t\t<\/div>\n\t\t\t\t<figcaption class='wp-caption-text gallery-caption' id='gallery-1-31474'>\n\t\t\t\tSuite In Out (Espacio 32 \/ Casa Foa 2018) \/ Estudio Viviana Melamed (\u00a9 Federico Kulekdjian)\n\t\t\t\t<\/figcaption><\/figure><figure class='gallery-item'>\n\t\t\t<div class='gallery-icon portrait'>\n\t\t\t\t<a href='https:\/\/www.arquimaster.com.ar\/web\/wp-content\/uploads\/2018\/09\/espacio32_casafoa2018_2.jpg' title=\"Suite In Out (Espacio 32 \/ Casa Foa 2018) \/ Estudio Viviana Melamed (\u00a9 Federico Kulekdjian)\" data-rl_title=\"Suite In Out (Espacio 32 \/ Casa Foa 2018) \/ Estudio Viviana Melamed (\u00a9 Federico Kulekdjian)\" class=\"rl-gallery-link\" data-rl_caption=\"Suite In Out (Espacio 32 \/ Casa Foa 2018) \/ Estudio Viviana Melamed (\u00a9 Federico Kulekdjian)\" data-rel=\"lightbox-gallery-1\"><img loading=\"lazy\" decoding=\"async\" width=\"150\" height=\"150\" src=\"https:\/\/www.arquimaster.com.ar\/web\/wp-content\/uploads\/2018\/09\/espacio32_casafoa2018_2-150x150.jpg\" class=\"attachment-thumbnail size-thumbnail\" alt=\"\" aria-describedby=\"gallery-1-31475\" srcset=\"https:\/\/www.arquimaster.com.ar\/web\/wp-content\/uploads\/2018\/09\/espacio32_casafoa2018_2-150x150.jpg 150w, https:\/\/www.arquimaster.com.ar\/web\/wp-content\/uploads\/2018\/09\/espacio32_casafoa2018_2-50x50.jpg 50w, https:\/\/www.arquimaster.com.ar\/web\/wp-content\/uploads\/2018\/09\/espacio32_casafoa2018_2-125x125.jpg 125w\" sizes=\"auto, (max-width: 150px) 100vw, 150px\" \/><\/a>\n\t\t\t<\/div>\n\t\t\t\t<figcaption class='wp-caption-text gallery-caption' id='gallery-1-31475'>\n\t\t\t\tSuite In Out (Espacio 32 \/ Casa Foa 2018) \/ Estudio Viviana Melamed (\u00a9 Federico Kulekdjian)\n\t\t\t\t<\/figcaption><\/figure><figure class='gallery-item'>\n\t\t\t<div class='gallery-icon portrait'>\n\t\t\t\t<a href='https:\/\/www.arquimaster.com.ar\/web\/wp-content\/uploads\/2018\/09\/espacio32_casafoa2018_3.jpg' title=\"Suite In Out (Espacio 32 \/ Casa Foa 2018) \/ Estudio Viviana Melamed (\u00a9 Federico Kulekdjian)\" data-rl_title=\"Suite In Out (Espacio 32 \/ Casa Foa 2018) \/ Estudio Viviana Melamed (\u00a9 Federico Kulekdjian)\" class=\"rl-gallery-link\" data-rl_caption=\"Suite In Out (Espacio 32 \/ Casa Foa 2018) \/ Estudio Viviana Melamed (\u00a9 Federico Kulekdjian)\" data-rel=\"lightbox-gallery-1\"><img loading=\"lazy\" decoding=\"async\" width=\"150\" height=\"150\" src=\"https:\/\/www.arquimaster.com.ar\/web\/wp-content\/uploads\/2018\/09\/espacio32_casafoa2018_3-150x150.jpg\" class=\"attachment-thumbnail size-thumbnail\" alt=\"\" aria-describedby=\"gallery-1-31476\" srcset=\"https:\/\/www.arquimaster.com.ar\/web\/wp-content\/uploads\/2018\/09\/espacio32_casafoa2018_3-150x150.jpg 150w, https:\/\/www.arquimaster.com.ar\/web\/wp-content\/uploads\/2018\/09\/espacio32_casafoa2018_3-50x50.jpg 50w, https:\/\/www.arquimaster.com.ar\/web\/wp-content\/uploads\/2018\/09\/espacio32_casafoa2018_3-125x125.jpg 125w\" sizes=\"auto, (max-width: 150px) 100vw, 150px\" \/><\/a>\n\t\t\t<\/div>\n\t\t\t\t<figcaption class='wp-caption-text gallery-caption' id='gallery-1-31476'>\n\t\t\t\tSuite In Out (Espacio 32 \/ Casa Foa 2018) \/ Estudio Viviana Melamed (\u00a9 Federico Kulekdjian)\n\t\t\t\t<\/figcaption><\/figure><figure class='gallery-item'>\n\t\t\t<div class='gallery-icon portrait'>\n\t\t\t\t<a href='https:\/\/www.arquimaster.com.ar\/web\/wp-content\/uploads\/2018\/09\/espacio32_casafoa2018_4.jpg' title=\"Suite In Out (Espacio 32 \/ Casa Foa 2018) \/ Estudio Viviana Melamed (\u00a9 Federico Kulekdjian)\" data-rl_title=\"Suite In Out (Espacio 32 \/ Casa Foa 2018) \/ Estudio Viviana Melamed (\u00a9 Federico Kulekdjian)\" class=\"rl-gallery-link\" data-rl_caption=\"Suite In Out (Espacio 32 \/ Casa Foa 2018) \/ Estudio Viviana Melamed (\u00a9 Federico Kulekdjian)\" data-rel=\"lightbox-gallery-1\"><img loading=\"lazy\" decoding=\"async\" width=\"150\" height=\"150\" src=\"https:\/\/www.arquimaster.com.ar\/web\/wp-content\/uploads\/2018\/09\/espacio32_casafoa2018_4-150x150.jpg\" class=\"attachment-thumbnail size-thumbnail\" alt=\"\" aria-describedby=\"gallery-1-31477\" srcset=\"https:\/\/www.arquimaster.com.ar\/web\/wp-content\/uploads\/2018\/09\/espacio32_casafoa2018_4-150x150.jpg 150w, https:\/\/www.arquimaster.com.ar\/web\/wp-content\/uploads\/2018\/09\/espacio32_casafoa2018_4-50x50.jpg 50w, https:\/\/www.arquimaster.com.ar\/web\/wp-content\/uploads\/2018\/09\/espacio32_casafoa2018_4-125x125.jpg 125w\" sizes=\"auto, (max-width: 150px) 100vw, 150px\" \/><\/a>\n\t\t\t<\/div>\n\t\t\t\t<figcaption class='wp-caption-text gallery-caption' id='gallery-1-31477'>\n\t\t\t\tSuite In Out (Espacio 32 \/ Casa Foa 2018) \/ Estudio Viviana Melamed (\u00a9 Federico Kulekdjian)\n\t\t\t\t<\/figcaption><\/figure><figure class='gallery-item'>\n\t\t\t<div class='gallery-icon portrait'>\n\t\t\t\t<a href='https:\/\/www.arquimaster.com.ar\/web\/wp-content\/uploads\/2018\/09\/espacio32_casafoa2018_5.jpg' title=\"Suite In Out (Espacio 32 \/ Casa Foa 2018) \/ Estudio Viviana Melamed (\u00a9 Federico Kulekdjian)\" data-rl_title=\"Suite In Out (Espacio 32 \/ Casa Foa 2018) \/ Estudio Viviana Melamed (\u00a9 Federico Kulekdjian)\" class=\"rl-gallery-link\" data-rl_caption=\"Suite In Out (Espacio 32 \/ Casa Foa 2018) \/ Estudio Viviana Melamed (\u00a9 Federico Kulekdjian)\" data-rel=\"lightbox-gallery-1\"><img loading=\"lazy\" decoding=\"async\" width=\"150\" height=\"150\" src=\"https:\/\/www.arquimaster.com.ar\/web\/wp-content\/uploads\/2018\/09\/espacio32_casafoa2018_5-150x150.jpg\" class=\"attachment-thumbnail size-thumbnail\" alt=\"\" aria-describedby=\"gallery-1-31478\" srcset=\"https:\/\/www.arquimaster.com.ar\/web\/wp-content\/uploads\/2018\/09\/espacio32_casafoa2018_5-150x150.jpg 150w, https:\/\/www.arquimaster.com.ar\/web\/wp-content\/uploads\/2018\/09\/espacio32_casafoa2018_5-50x50.jpg 50w, https:\/\/www.arquimaster.com.ar\/web\/wp-content\/uploads\/2018\/09\/espacio32_casafoa2018_5-125x125.jpg 125w\" sizes=\"auto, (max-width: 150px) 100vw, 150px\" \/><\/a>\n\t\t\t<\/div>\n\t\t\t\t<figcaption class='wp-caption-text gallery-caption' id='gallery-1-31478'>\n\t\t\t\tSuite In Out (Espacio 32 \/ Casa Foa 2018) \/ Estudio Viviana Melamed (\u00a9 Federico Kulekdjian)\n\t\t\t\t<\/figcaption><\/figure><figure class='gallery-item'>\n\t\t\t<div class='gallery-icon portrait'>\n\t\t\t\t<a href='https:\/\/www.arquimaster.com.ar\/web\/wp-content\/uploads\/2018\/09\/espacio32_casafoa2018_6.jpg' title=\"Suite In Out (Espacio 32 \/ Casa Foa 2018) \/ Estudio Viviana Melamed (\u00a9 Federico Kulekdjian)\" data-rl_title=\"Suite In Out (Espacio 32 \/ Casa Foa 2018) \/ Estudio Viviana Melamed (\u00a9 Federico Kulekdjian)\" class=\"rl-gallery-link\" data-rl_caption=\"Suite In Out (Espacio 32 \/ Casa Foa 2018) \/ Estudio Viviana Melamed (\u00a9 Federico Kulekdjian)\" data-rel=\"lightbox-gallery-1\"><img loading=\"lazy\" decoding=\"async\" width=\"150\" height=\"150\" src=\"https:\/\/www.arquimaster.com.ar\/web\/wp-content\/uploads\/2018\/09\/espacio32_casafoa2018_6-150x150.jpg\" class=\"attachment-thumbnail size-thumbnail\" alt=\"\" aria-describedby=\"gallery-1-31479\" srcset=\"https:\/\/www.arquimaster.com.ar\/web\/wp-content\/uploads\/2018\/09\/espacio32_casafoa2018_6-150x150.jpg 150w, https:\/\/www.arquimaster.com.ar\/web\/wp-content\/uploads\/2018\/09\/espacio32_casafoa2018_6-50x50.jpg 50w, https:\/\/www.arquimaster.com.ar\/web\/wp-content\/uploads\/2018\/09\/espacio32_casafoa2018_6-125x125.jpg 125w\" sizes=\"auto, (max-width: 150px) 100vw, 150px\" \/><\/a>\n\t\t\t<\/div>\n\t\t\t\t<figcaption class='wp-caption-text gallery-caption' id='gallery-1-31479'>\n\t\t\t\tSuite In Out (Espacio 32 \/ Casa Foa 2018) \/ Estudio Viviana Melamed (\u00a9 Federico Kulekdjian)\n\t\t\t\t<\/figcaption><\/figure><figure class='gallery-item'>\n\t\t\t<div class='gallery-icon landscape'>\n\t\t\t\t<a href='https:\/\/www.arquimaster.com.ar\/web\/wp-content\/uploads\/2018\/09\/espacio32_casafoa2018_7.jpg' title=\"Suite In Out (Espacio 32 \/ Casa Foa 2018) \/ Estudio Viviana Melamed (\u00a9 Federico Kulekdjian)\" data-rl_title=\"Suite In Out (Espacio 32 \/ Casa Foa 2018) \/ Estudio Viviana Melamed (\u00a9 Federico Kulekdjian)\" class=\"rl-gallery-link\" data-rl_caption=\"Suite In Out (Espacio 32 \/ Casa Foa 2018) \/ Estudio Viviana Melamed (\u00a9 Federico Kulekdjian)\" data-rel=\"lightbox-gallery-1\"><img loading=\"lazy\" decoding=\"async\" width=\"150\" height=\"150\" src=\"https:\/\/www.arquimaster.com.ar\/web\/wp-content\/uploads\/2018\/09\/espacio32_casafoa2018_7-150x150.jpg\" class=\"attachment-thumbnail size-thumbnail\" alt=\"\" aria-describedby=\"gallery-1-31480\" srcset=\"https:\/\/www.arquimaster.com.ar\/web\/wp-content\/uploads\/2018\/09\/espacio32_casafoa2018_7-150x150.jpg 150w, https:\/\/www.arquimaster.com.ar\/web\/wp-content\/uploads\/2018\/09\/espacio32_casafoa2018_7-50x50.jpg 50w, https:\/\/www.arquimaster.com.ar\/web\/wp-content\/uploads\/2018\/09\/espacio32_casafoa2018_7-125x125.jpg 125w\" sizes=\"auto, (max-width: 150px) 100vw, 150px\" \/><\/a>\n\t\t\t<\/div>\n\t\t\t\t<figcaption class='wp-caption-text gallery-caption' id='gallery-1-31480'>\n\t\t\t\tSuite In Out (Espacio 32 \/ Casa Foa 2018) \/ Estudio Viviana Melamed (\u00a9 Federico Kulekdjian)\n\t\t\t\t<\/figcaption><\/figure><figure class='gallery-item'>\n\t\t\t<div class='gallery-icon landscape'>\n\t\t\t\t<a href='https:\/\/www.arquimaster.com.ar\/web\/wp-content\/uploads\/2018\/09\/espacio32_casafoa2018_8.jpg' title=\"Suite In Out (Espacio 32 \/ Casa Foa 2018) \/ Estudio Viviana Melamed (\u00a9 Federico Kulekdjian)\" data-rl_title=\"Suite In Out (Espacio 32 \/ Casa Foa 2018) \/ Estudio Viviana Melamed (\u00a9 Federico Kulekdjian)\" class=\"rl-gallery-link\" data-rl_caption=\"Suite In Out (Espacio 32 \/ Casa Foa 2018) \/ Estudio Viviana Melamed (\u00a9 Federico Kulekdjian)\" data-rel=\"lightbox-gallery-1\"><img loading=\"lazy\" decoding=\"async\" width=\"150\" height=\"150\" src=\"https:\/\/www.arquimaster.com.ar\/web\/wp-content\/uploads\/2018\/09\/espacio32_casafoa2018_8-150x150.jpg\" class=\"attachment-thumbnail size-thumbnail\" alt=\"\" aria-describedby=\"gallery-1-31481\" srcset=\"https:\/\/www.arquimaster.com.ar\/web\/wp-content\/uploads\/2018\/09\/espacio32_casafoa2018_8-150x150.jpg 150w, https:\/\/www.arquimaster.com.ar\/web\/wp-content\/uploads\/2018\/09\/espacio32_casafoa2018_8-50x50.jpg 50w, https:\/\/www.arquimaster.com.ar\/web\/wp-content\/uploads\/2018\/09\/espacio32_casafoa2018_8-125x125.jpg 125w\" sizes=\"auto, (max-width: 150px) 100vw, 150px\" \/><\/a>\n\t\t\t<\/div>\n\t\t\t\t<figcaption class='wp-caption-text gallery-caption' id='gallery-1-31481'>\n\t\t\t\tSuite In Out (Espacio 32 \/ Casa Foa 2018) \/ Estudio Viviana Melamed (\u00a9 Federico Kulekdjian)\n\t\t\t\t<\/figcaption><\/figure><figure class='gallery-item'>\n\t\t\t<div class='gallery-icon landscape'>\n\t\t\t\t<a href='https:\/\/www.arquimaster.com.ar\/web\/wp-content\/uploads\/2018\/09\/espacio32_casafoa2018_9.jpg' title=\"Suite In Out (Espacio 32 \/ Casa Foa 2018) \/ Estudio Viviana Melamed (\u00a9 Federico Kulekdjian)\" data-rl_title=\"Suite In Out (Espacio 32 \/ Casa Foa 2018) \/ Estudio Viviana Melamed (\u00a9 Federico Kulekdjian)\" class=\"rl-gallery-link\" data-rl_caption=\"Suite In Out (Espacio 32 \/ Casa Foa 2018) \/ Estudio Viviana Melamed (\u00a9 Federico Kulekdjian)\" data-rel=\"lightbox-gallery-1\"><img loading=\"lazy\" decoding=\"async\" width=\"150\" height=\"150\" src=\"https:\/\/www.arquimaster.com.ar\/web\/wp-content\/uploads\/2018\/09\/espacio32_casafoa2018_9-150x150.jpg\" class=\"attachment-thumbnail size-thumbnail\" alt=\"\" aria-describedby=\"gallery-1-31482\" srcset=\"https:\/\/www.arquimaster.com.ar\/web\/wp-content\/uploads\/2018\/09\/espacio32_casafoa2018_9-150x150.jpg 150w, https:\/\/www.arquimaster.com.ar\/web\/wp-content\/uploads\/2018\/09\/espacio32_casafoa2018_9-50x50.jpg 50w, https:\/\/www.arquimaster.com.ar\/web\/wp-content\/uploads\/2018\/09\/espacio32_casafoa2018_9-125x125.jpg 125w\" sizes=\"auto, (max-width: 150px) 100vw, 150px\" \/><\/a>\n\t\t\t<\/div>\n\t\t\t\t<figcaption class='wp-caption-text gallery-caption' id='gallery-1-31482'>\n\t\t\t\tSuite In Out (Espacio 32 \/ Casa Foa 2018) \/ Estudio Viviana Melamed (\u00a9 Federico Kulekdjian)\n\t\t\t\t<\/figcaption><\/figure>\n\t\t<\/div>\n\n<p><strong>El In<\/strong><\/p>\n<p>El interior se organiza en dos sectores, cada una de ellos abrazado y contenido por una situaci\u00f3n particular, articulados entre ellos por un sistema de paneles m\u00f3viles que dinamizan esa interacci\u00f3n. Al entrar se impone una masiva biblioteca de Matriz Design de dos brazos de 4 metros de altura, realizada en melamina Mosc\u00fa de Faplac. Sus multiples espacios abiertos alojan arte y libros y los cerrados con puertas trabajadas en una deconstrucci\u00f3n del mismo material.<\/p>\n<p>Es el sector para el sof\u00e1 Sasaki de suaves formas y tapizado en tres g\u00e9neros complementarios color rosa pastel de Carolina Biercamp, dos mesas bajas de arrime Ross alta y baja de base met\u00e1lica dorado lavado y tapas en madera roble avorio una y laca la otra, la l\u00e1mpara de pie Velo de Manfroni para Matriz y la carpeta de fieltro en lineas grises toques rosados y verdes de Egido.<\/p>\n<p>Enfrente es la propia biblioteca la que se encarga de proponer un abra revestido en vidrio y espejos de ViiO para Cristal Dise\u00f1o y con artefactos especiales de serie Cavia de IMDI, para alojar el escritorio Renzo en fresno lustre negro mate y el silloncito Nars tapizado con g\u00e9neros de Carolina Biercamp, todo de Matriz Design.<\/p>\n<div id='gallery-2' class='gallery galleryid-31473 gallery-columns-3 gallery-size-thumbnail'><figure class='gallery-item'>\n\t\t\t<div class='gallery-icon portrait'>\n\t\t\t\t<a href='https:\/\/www.arquimaster.com.ar\/web\/wp-content\/uploads\/2018\/09\/espacio32_casafoa2018_10.jpg' title=\"Suite In Out (Espacio 32 \/ Casa Foa 2018) \/ Estudio Viviana Melamed (\u00a9 Federico Kulekdjian)\" data-rl_title=\"Suite In Out (Espacio 32 \/ Casa Foa 2018) \/ Estudio Viviana Melamed (\u00a9 Federico Kulekdjian)\" class=\"rl-gallery-link\" data-rl_caption=\"Suite In Out (Espacio 32 \/ Casa Foa 2018) \/ Estudio Viviana Melamed (\u00a9 Federico Kulekdjian)\" data-rel=\"lightbox-gallery-2\"><img loading=\"lazy\" decoding=\"async\" width=\"150\" height=\"150\" src=\"https:\/\/www.arquimaster.com.ar\/web\/wp-content\/uploads\/2018\/09\/espacio32_casafoa2018_10-150x150.jpg\" class=\"attachment-thumbnail size-thumbnail\" alt=\"\" aria-describedby=\"gallery-2-31483\" srcset=\"https:\/\/www.arquimaster.com.ar\/web\/wp-content\/uploads\/2018\/09\/espacio32_casafoa2018_10-150x150.jpg 150w, https:\/\/www.arquimaster.com.ar\/web\/wp-content\/uploads\/2018\/09\/espacio32_casafoa2018_10-50x50.jpg 50w, https:\/\/www.arquimaster.com.ar\/web\/wp-content\/uploads\/2018\/09\/espacio32_casafoa2018_10-125x125.jpg 125w\" sizes=\"auto, (max-width: 150px) 100vw, 150px\" \/><\/a>\n\t\t\t<\/div>\n\t\t\t\t<figcaption class='wp-caption-text gallery-caption' id='gallery-2-31483'>\n\t\t\t\tSuite In Out (Espacio 32 \/ Casa Foa 2018) \/ Estudio Viviana Melamed (\u00a9 Federico Kulekdjian)\n\t\t\t\t<\/figcaption><\/figure><figure class='gallery-item'>\n\t\t\t<div class='gallery-icon landscape'>\n\t\t\t\t<a href='https:\/\/www.arquimaster.com.ar\/web\/wp-content\/uploads\/2018\/09\/espacio32_casafoa2018_11.jpg' title=\"Suite In Out (Espacio 32 \/ Casa Foa 2018) \/ Estudio Viviana Melamed (\u00a9 Federico Kulekdjian)\" data-rl_title=\"Suite In Out (Espacio 32 \/ Casa Foa 2018) \/ Estudio Viviana Melamed (\u00a9 Federico Kulekdjian)\" class=\"rl-gallery-link\" data-rl_caption=\"Suite In Out (Espacio 32 \/ Casa Foa 2018) \/ Estudio Viviana Melamed (\u00a9 Federico Kulekdjian)\" data-rel=\"lightbox-gallery-2\"><img loading=\"lazy\" decoding=\"async\" width=\"150\" height=\"150\" src=\"https:\/\/www.arquimaster.com.ar\/web\/wp-content\/uploads\/2018\/09\/espacio32_casafoa2018_11-150x150.jpg\" class=\"attachment-thumbnail size-thumbnail\" alt=\"\" aria-describedby=\"gallery-2-31484\" srcset=\"https:\/\/www.arquimaster.com.ar\/web\/wp-content\/uploads\/2018\/09\/espacio32_casafoa2018_11-150x150.jpg 150w, https:\/\/www.arquimaster.com.ar\/web\/wp-content\/uploads\/2018\/09\/espacio32_casafoa2018_11-50x50.jpg 50w, https:\/\/www.arquimaster.com.ar\/web\/wp-content\/uploads\/2018\/09\/espacio32_casafoa2018_11-125x125.jpg 125w\" sizes=\"auto, (max-width: 150px) 100vw, 150px\" \/><\/a>\n\t\t\t<\/div>\n\t\t\t\t<figcaption class='wp-caption-text gallery-caption' id='gallery-2-31484'>\n\t\t\t\tSuite In Out (Espacio 32 \/ Casa Foa 2018) \/ Estudio Viviana Melamed (\u00a9 Federico Kulekdjian)\n\t\t\t\t<\/figcaption><\/figure><figure class='gallery-item'>\n\t\t\t<div class='gallery-icon portrait'>\n\t\t\t\t<a href='https:\/\/www.arquimaster.com.ar\/web\/wp-content\/uploads\/2018\/09\/espacio32_casafoa2018_12.jpg' title=\"Suite In Out (Espacio 32 \/ Casa Foa 2018) \/ Estudio Viviana Melamed (\u00a9 Federico Kulekdjian)\" data-rl_title=\"Suite In Out (Espacio 32 \/ Casa Foa 2018) \/ Estudio Viviana Melamed (\u00a9 Federico Kulekdjian)\" class=\"rl-gallery-link\" data-rl_caption=\"Suite In Out (Espacio 32 \/ Casa Foa 2018) \/ Estudio Viviana Melamed (\u00a9 Federico Kulekdjian)\" data-rel=\"lightbox-gallery-2\"><img loading=\"lazy\" decoding=\"async\" width=\"150\" height=\"150\" src=\"https:\/\/www.arquimaster.com.ar\/web\/wp-content\/uploads\/2018\/09\/espacio32_casafoa2018_12-150x150.jpg\" class=\"attachment-thumbnail size-thumbnail\" alt=\"\" aria-describedby=\"gallery-2-31485\" srcset=\"https:\/\/www.arquimaster.com.ar\/web\/wp-content\/uploads\/2018\/09\/espacio32_casafoa2018_12-150x150.jpg 150w, https:\/\/www.arquimaster.com.ar\/web\/wp-content\/uploads\/2018\/09\/espacio32_casafoa2018_12-50x50.jpg 50w, https:\/\/www.arquimaster.com.ar\/web\/wp-content\/uploads\/2018\/09\/espacio32_casafoa2018_12-125x125.jpg 125w\" sizes=\"auto, (max-width: 150px) 100vw, 150px\" \/><\/a>\n\t\t\t<\/div>\n\t\t\t\t<figcaption class='wp-caption-text gallery-caption' id='gallery-2-31485'>\n\t\t\t\tSuite In Out (Espacio 32 \/ Casa Foa 2018) \/ Estudio Viviana Melamed (\u00a9 Federico Kulekdjian)\n\t\t\t\t<\/figcaption><\/figure><figure class='gallery-item'>\n\t\t\t<div class='gallery-icon portrait'>\n\t\t\t\t<a href='https:\/\/www.arquimaster.com.ar\/web\/wp-content\/uploads\/2018\/09\/espacio32_casafoa2018_13.jpg' title=\"Suite In Out (Espacio 32 \/ Casa Foa 2018) \/ Estudio Viviana Melamed (\u00a9 Federico Kulekdjian)\" data-rl_title=\"Suite In Out (Espacio 32 \/ Casa Foa 2018) \/ Estudio Viviana Melamed (\u00a9 Federico Kulekdjian)\" class=\"rl-gallery-link\" data-rl_caption=\"Suite In Out (Espacio 32 \/ Casa Foa 2018) \/ Estudio Viviana Melamed (\u00a9 Federico Kulekdjian)\" data-rel=\"lightbox-gallery-2\"><img loading=\"lazy\" decoding=\"async\" width=\"150\" height=\"150\" src=\"https:\/\/www.arquimaster.com.ar\/web\/wp-content\/uploads\/2018\/09\/espacio32_casafoa2018_13-150x150.jpg\" class=\"attachment-thumbnail size-thumbnail\" alt=\"\" aria-describedby=\"gallery-2-31486\" srcset=\"https:\/\/www.arquimaster.com.ar\/web\/wp-content\/uploads\/2018\/09\/espacio32_casafoa2018_13-150x150.jpg 150w, https:\/\/www.arquimaster.com.ar\/web\/wp-content\/uploads\/2018\/09\/espacio32_casafoa2018_13-50x50.jpg 50w, https:\/\/www.arquimaster.com.ar\/web\/wp-content\/uploads\/2018\/09\/espacio32_casafoa2018_13-125x125.jpg 125w\" sizes=\"auto, (max-width: 150px) 100vw, 150px\" \/><\/a>\n\t\t\t<\/div>\n\t\t\t\t<figcaption class='wp-caption-text gallery-caption' id='gallery-2-31486'>\n\t\t\t\tSuite In Out (Espacio 32 \/ Casa Foa 2018) \/ Estudio Viviana Melamed (\u00a9 Federico Kulekdjian)\n\t\t\t\t<\/figcaption><\/figure><figure class='gallery-item'>\n\t\t\t<div class='gallery-icon portrait'>\n\t\t\t\t<a href='https:\/\/www.arquimaster.com.ar\/web\/wp-content\/uploads\/2018\/09\/espacio32_casafoa2018_14.jpg' title=\"Suite In Out (Espacio 32 \/ Casa Foa 2018) \/ Estudio Viviana Melamed (\u00a9 Federico Kulekdjian)\" data-rl_title=\"Suite In Out (Espacio 32 \/ Casa Foa 2018) \/ Estudio Viviana Melamed (\u00a9 Federico Kulekdjian)\" class=\"rl-gallery-link\" data-rl_caption=\"Suite In Out (Espacio 32 \/ Casa Foa 2018) \/ Estudio Viviana Melamed (\u00a9 Federico Kulekdjian)\" data-rel=\"lightbox-gallery-2\"><img loading=\"lazy\" decoding=\"async\" width=\"150\" height=\"150\" src=\"https:\/\/www.arquimaster.com.ar\/web\/wp-content\/uploads\/2018\/09\/espacio32_casafoa2018_14-150x150.jpg\" class=\"attachment-thumbnail size-thumbnail\" alt=\"\" aria-describedby=\"gallery-2-31487\" srcset=\"https:\/\/www.arquimaster.com.ar\/web\/wp-content\/uploads\/2018\/09\/espacio32_casafoa2018_14-150x150.jpg 150w, https:\/\/www.arquimaster.com.ar\/web\/wp-content\/uploads\/2018\/09\/espacio32_casafoa2018_14-50x50.jpg 50w, https:\/\/www.arquimaster.com.ar\/web\/wp-content\/uploads\/2018\/09\/espacio32_casafoa2018_14-125x125.jpg 125w\" sizes=\"auto, (max-width: 150px) 100vw, 150px\" \/><\/a>\n\t\t\t<\/div>\n\t\t\t\t<figcaption class='wp-caption-text gallery-caption' id='gallery-2-31487'>\n\t\t\t\tSuite In Out (Espacio 32 \/ Casa Foa 2018) \/ Estudio Viviana Melamed (\u00a9 Federico Kulekdjian)\n\t\t\t\t<\/figcaption><\/figure><figure class='gallery-item'>\n\t\t\t<div class='gallery-icon portrait'>\n\t\t\t\t<a href='https:\/\/www.arquimaster.com.ar\/web\/wp-content\/uploads\/2018\/09\/espacio32_casafoa2018_15.jpg' title=\"Suite In Out (Espacio 32 \/ Casa Foa 2018) \/ Estudio Viviana Melamed (\u00a9 Federico Kulekdjian)\" data-rl_title=\"Suite In Out (Espacio 32 \/ Casa Foa 2018) \/ Estudio Viviana Melamed (\u00a9 Federico Kulekdjian)\" class=\"rl-gallery-link\" data-rl_caption=\"Suite In Out (Espacio 32 \/ Casa Foa 2018) \/ Estudio Viviana Melamed (\u00a9 Federico Kulekdjian)\" data-rel=\"lightbox-gallery-2\"><img loading=\"lazy\" decoding=\"async\" width=\"150\" height=\"150\" src=\"https:\/\/www.arquimaster.com.ar\/web\/wp-content\/uploads\/2018\/09\/espacio32_casafoa2018_15-150x150.jpg\" class=\"attachment-thumbnail size-thumbnail\" alt=\"\" aria-describedby=\"gallery-2-31488\" srcset=\"https:\/\/www.arquimaster.com.ar\/web\/wp-content\/uploads\/2018\/09\/espacio32_casafoa2018_15-150x150.jpg 150w, https:\/\/www.arquimaster.com.ar\/web\/wp-content\/uploads\/2018\/09\/espacio32_casafoa2018_15-50x50.jpg 50w, https:\/\/www.arquimaster.com.ar\/web\/wp-content\/uploads\/2018\/09\/espacio32_casafoa2018_15-125x125.jpg 125w\" sizes=\"auto, (max-width: 150px) 100vw, 150px\" \/><\/a>\n\t\t\t<\/div>\n\t\t\t\t<figcaption class='wp-caption-text gallery-caption' id='gallery-2-31488'>\n\t\t\t\tSuite In Out (Espacio 32 \/ Casa Foa 2018) \/ Estudio Viviana Melamed (\u00a9 Federico Kulekdjian)\n\t\t\t\t<\/figcaption><\/figure><figure class='gallery-item'>\n\t\t\t<div class='gallery-icon landscape'>\n\t\t\t\t<a href='https:\/\/www.arquimaster.com.ar\/web\/wp-content\/uploads\/2018\/09\/espacio32_casafoa2018_16.jpg' title=\"Suite In Out (Espacio 32 \/ Casa Foa 2018) \/ Estudio Viviana Melamed (\u00a9 Federico Kulekdjian)\" data-rl_title=\"Suite In Out (Espacio 32 \/ Casa Foa 2018) \/ Estudio Viviana Melamed (\u00a9 Federico Kulekdjian)\" class=\"rl-gallery-link\" data-rl_caption=\"Suite In Out (Espacio 32 \/ Casa Foa 2018) \/ Estudio Viviana Melamed (\u00a9 Federico Kulekdjian)\" data-rel=\"lightbox-gallery-2\"><img loading=\"lazy\" decoding=\"async\" width=\"150\" height=\"150\" src=\"https:\/\/www.arquimaster.com.ar\/web\/wp-content\/uploads\/2018\/09\/espacio32_casafoa2018_16-150x150.jpg\" class=\"attachment-thumbnail size-thumbnail\" alt=\"\" aria-describedby=\"gallery-2-31489\" srcset=\"https:\/\/www.arquimaster.com.ar\/web\/wp-content\/uploads\/2018\/09\/espacio32_casafoa2018_16-150x150.jpg 150w, https:\/\/www.arquimaster.com.ar\/web\/wp-content\/uploads\/2018\/09\/espacio32_casafoa2018_16-50x50.jpg 50w, https:\/\/www.arquimaster.com.ar\/web\/wp-content\/uploads\/2018\/09\/espacio32_casafoa2018_16-125x125.jpg 125w\" sizes=\"auto, (max-width: 150px) 100vw, 150px\" \/><\/a>\n\t\t\t<\/div>\n\t\t\t\t<figcaption class='wp-caption-text gallery-caption' id='gallery-2-31489'>\n\t\t\t\tSuite In Out (Espacio 32 \/ Casa Foa 2018) \/ Estudio Viviana Melamed (\u00a9 Federico Kulekdjian)\n\t\t\t\t<\/figcaption><\/figure><figure class='gallery-item'>\n\t\t\t<div class='gallery-icon portrait'>\n\t\t\t\t<a href='https:\/\/www.arquimaster.com.ar\/web\/wp-content\/uploads\/2018\/09\/espacio32_casafoa2018_17.jpg' title=\"Suite In Out (Espacio 32 \/ Casa Foa 2018) \/ Estudio Viviana Melamed (\u00a9 Federico Kulekdjian)\" data-rl_title=\"Suite In Out (Espacio 32 \/ Casa Foa 2018) \/ Estudio Viviana Melamed (\u00a9 Federico Kulekdjian)\" class=\"rl-gallery-link\" data-rl_caption=\"Suite In Out (Espacio 32 \/ Casa Foa 2018) \/ Estudio Viviana Melamed (\u00a9 Federico Kulekdjian)\" data-rel=\"lightbox-gallery-2\"><img loading=\"lazy\" decoding=\"async\" width=\"150\" height=\"150\" src=\"https:\/\/www.arquimaster.com.ar\/web\/wp-content\/uploads\/2018\/09\/espacio32_casafoa2018_17-150x150.jpg\" class=\"attachment-thumbnail size-thumbnail\" alt=\"\" aria-describedby=\"gallery-2-31490\" srcset=\"https:\/\/www.arquimaster.com.ar\/web\/wp-content\/uploads\/2018\/09\/espacio32_casafoa2018_17-150x150.jpg 150w, https:\/\/www.arquimaster.com.ar\/web\/wp-content\/uploads\/2018\/09\/espacio32_casafoa2018_17-50x50.jpg 50w, https:\/\/www.arquimaster.com.ar\/web\/wp-content\/uploads\/2018\/09\/espacio32_casafoa2018_17-125x125.jpg 125w\" sizes=\"auto, (max-width: 150px) 100vw, 150px\" \/><\/a>\n\t\t\t<\/div>\n\t\t\t\t<figcaption class='wp-caption-text gallery-caption' id='gallery-2-31490'>\n\t\t\t\tSuite In Out (Espacio 32 \/ Casa Foa 2018) \/ Estudio Viviana Melamed (\u00a9 Federico Kulekdjian)\n\t\t\t\t<\/figcaption><\/figure><figure class='gallery-item'>\n\t\t\t<div class='gallery-icon portrait'>\n\t\t\t\t<a href='https:\/\/www.arquimaster.com.ar\/web\/wp-content\/uploads\/2018\/09\/espacio32_casafoa2018_18.jpg' title=\"Suite In Out (Espacio 32 \/ Casa Foa 2018) \/ Estudio Viviana Melamed (\u00a9 Federico Kulekdjian)\" data-rl_title=\"Suite In Out (Espacio 32 \/ Casa Foa 2018) \/ Estudio Viviana Melamed (\u00a9 Federico Kulekdjian)\" class=\"rl-gallery-link\" data-rl_caption=\"Suite In Out (Espacio 32 \/ Casa Foa 2018) \/ Estudio Viviana Melamed (\u00a9 Federico Kulekdjian)\" data-rel=\"lightbox-gallery-2\"><img loading=\"lazy\" decoding=\"async\" width=\"150\" height=\"150\" src=\"https:\/\/www.arquimaster.com.ar\/web\/wp-content\/uploads\/2018\/09\/espacio32_casafoa2018_18-150x150.jpg\" class=\"attachment-thumbnail size-thumbnail\" alt=\"\" aria-describedby=\"gallery-2-31491\" srcset=\"https:\/\/www.arquimaster.com.ar\/web\/wp-content\/uploads\/2018\/09\/espacio32_casafoa2018_18-150x150.jpg 150w, https:\/\/www.arquimaster.com.ar\/web\/wp-content\/uploads\/2018\/09\/espacio32_casafoa2018_18-50x50.jpg 50w, https:\/\/www.arquimaster.com.ar\/web\/wp-content\/uploads\/2018\/09\/espacio32_casafoa2018_18-125x125.jpg 125w\" sizes=\"auto, (max-width: 150px) 100vw, 150px\" \/><\/a>\n\t\t\t<\/div>\n\t\t\t\t<figcaption class='wp-caption-text gallery-caption' id='gallery-2-31491'>\n\t\t\t\tSuite In Out (Espacio 32 \/ Casa Foa 2018) \/ Estudio Viviana Melamed (\u00a9 Federico Kulekdjian)\n\t\t\t\t<\/figcaption><\/figure>\n\t\t<\/div>\n\n<p>Interconecta ambos espacios un sistema de tres paneles de madera roble avorio de Lussich e Hijos con un sistema giratorio producido para este espacio por Luan, que da paso al sector de la cama que lo quisimos m\u00e1s liviano, m\u00e1s sereno pero no por ello sin car\u00e1cter.<\/p>\n<p>En este \u00e1rea un mural de Leandro Egido se extiende sobre la superficie superior de las tres paredes y vuelve a plantear una contenci\u00f3n, realizado como expresi\u00f3n de arte aplicado a partir de esmaltes de Alba. Jugando con este mural continuamos la pared con un tratamiento de pintura texturada in situ.<\/p>\n<p>La cama Caro envolvente, sutil a tierra, tapizada en cuero vis\u00f3n y las mesas de luz Tippet, todo de Matriz Design y con un importante juego de almohadones y pies de cama Biercamp + Egido + Dillemberger. Sobre una carpeta de fieltro de Egido y veladores Manfroni. Las cortinas Eclipse de Rielamericano suman cantoniers laterales de Biercamp + Dillemberger. Ah\u00ed tambi\u00e9n se ubican un par de percheros de pise Rise.<\/p>\n<div id='gallery-3' class='gallery galleryid-31473 gallery-columns-3 gallery-size-thumbnail'><figure class='gallery-item'>\n\t\t\t<div class='gallery-icon landscape'>\n\t\t\t\t<a href='https:\/\/www.arquimaster.com.ar\/web\/wp-content\/uploads\/2018\/09\/espacio32_casafoa2018_19.jpg' title=\"Suite In Out (Espacio 32 \/ Casa Foa 2018) \/ Estudio Viviana Melamed (\u00a9 Federico Kulekdjian)\" data-rl_title=\"Suite In Out (Espacio 32 \/ Casa Foa 2018) \/ Estudio Viviana Melamed (\u00a9 Federico Kulekdjian)\" class=\"rl-gallery-link\" data-rl_caption=\"Suite In Out (Espacio 32 \/ Casa Foa 2018) \/ Estudio Viviana Melamed (\u00a9 Federico Kulekdjian)\" data-rel=\"lightbox-gallery-3\"><img loading=\"lazy\" decoding=\"async\" width=\"150\" height=\"150\" src=\"https:\/\/www.arquimaster.com.ar\/web\/wp-content\/uploads\/2018\/09\/espacio32_casafoa2018_19-150x150.jpg\" class=\"attachment-thumbnail size-thumbnail\" alt=\"\" aria-describedby=\"gallery-3-31492\" srcset=\"https:\/\/www.arquimaster.com.ar\/web\/wp-content\/uploads\/2018\/09\/espacio32_casafoa2018_19-150x150.jpg 150w, https:\/\/www.arquimaster.com.ar\/web\/wp-content\/uploads\/2018\/09\/espacio32_casafoa2018_19-50x50.jpg 50w, https:\/\/www.arquimaster.com.ar\/web\/wp-content\/uploads\/2018\/09\/espacio32_casafoa2018_19-125x125.jpg 125w\" sizes=\"auto, (max-width: 150px) 100vw, 150px\" \/><\/a>\n\t\t\t<\/div>\n\t\t\t\t<figcaption class='wp-caption-text gallery-caption' id='gallery-3-31492'>\n\t\t\t\tSuite In Out (Espacio 32 \/ Casa Foa 2018) \/ Estudio Viviana Melamed (\u00a9 Federico Kulekdjian)\n\t\t\t\t<\/figcaption><\/figure><figure class='gallery-item'>\n\t\t\t<div class='gallery-icon landscape'>\n\t\t\t\t<a href='https:\/\/www.arquimaster.com.ar\/web\/wp-content\/uploads\/2018\/09\/espacio32_casafoa2018_21.jpg' title=\"Suite In Out (Espacio 32 \/ Casa Foa 2018) \/ Estudio Viviana Melamed (\u00a9 Federico Kulekdjian)\" data-rl_title=\"Suite In Out (Espacio 32 \/ Casa Foa 2018) \/ Estudio Viviana Melamed (\u00a9 Federico Kulekdjian)\" class=\"rl-gallery-link\" data-rl_caption=\"Suite In Out (Espacio 32 \/ Casa Foa 2018) \/ Estudio Viviana Melamed (\u00a9 Federico Kulekdjian)\" data-rel=\"lightbox-gallery-3\"><img loading=\"lazy\" decoding=\"async\" width=\"150\" height=\"150\" src=\"https:\/\/www.arquimaster.com.ar\/web\/wp-content\/uploads\/2018\/09\/espacio32_casafoa2018_21-150x150.jpg\" class=\"attachment-thumbnail size-thumbnail\" alt=\"\" aria-describedby=\"gallery-3-31493\" srcset=\"https:\/\/www.arquimaster.com.ar\/web\/wp-content\/uploads\/2018\/09\/espacio32_casafoa2018_21-150x150.jpg 150w, https:\/\/www.arquimaster.com.ar\/web\/wp-content\/uploads\/2018\/09\/espacio32_casafoa2018_21-50x50.jpg 50w, https:\/\/www.arquimaster.com.ar\/web\/wp-content\/uploads\/2018\/09\/espacio32_casafoa2018_21-125x125.jpg 125w\" sizes=\"auto, (max-width: 150px) 100vw, 150px\" \/><\/a>\n\t\t\t<\/div>\n\t\t\t\t<figcaption class='wp-caption-text gallery-caption' id='gallery-3-31493'>\n\t\t\t\tSuite In Out (Espacio 32 \/ Casa Foa 2018) \/ Estudio Viviana Melamed (\u00a9 Federico Kulekdjian)\n\t\t\t\t<\/figcaption><\/figure><figure class='gallery-item'>\n\t\t\t<div class='gallery-icon landscape'>\n\t\t\t\t<a href='https:\/\/www.arquimaster.com.ar\/web\/wp-content\/uploads\/2018\/09\/espacio32_casafoa2018_22.jpg' title=\"Suite In Out (Espacio 32 \/ Casa Foa 2018) \/ Estudio Viviana Melamed (\u00a9 Casa FOA)\" data-rl_title=\"Suite In Out (Espacio 32 \/ Casa Foa 2018) \/ Estudio Viviana Melamed (\u00a9 Casa FOA)\" class=\"rl-gallery-link\" data-rl_caption=\"Suite In Out (Espacio 32 \/ Casa Foa 2018) \/ Estudio Viviana Melamed (\u00a9 Casa FOA)\" data-rel=\"lightbox-gallery-3\"><img loading=\"lazy\" decoding=\"async\" width=\"150\" height=\"150\" src=\"https:\/\/www.arquimaster.com.ar\/web\/wp-content\/uploads\/2018\/09\/espacio32_casafoa2018_22-150x150.jpg\" class=\"attachment-thumbnail size-thumbnail\" alt=\"\" aria-describedby=\"gallery-3-31494\" srcset=\"https:\/\/www.arquimaster.com.ar\/web\/wp-content\/uploads\/2018\/09\/espacio32_casafoa2018_22-150x150.jpg 150w, https:\/\/www.arquimaster.com.ar\/web\/wp-content\/uploads\/2018\/09\/espacio32_casafoa2018_22-50x50.jpg 50w, https:\/\/www.arquimaster.com.ar\/web\/wp-content\/uploads\/2018\/09\/espacio32_casafoa2018_22-125x125.jpg 125w\" sizes=\"auto, (max-width: 150px) 100vw, 150px\" \/><\/a>\n\t\t\t<\/div>\n\t\t\t\t<figcaption class='wp-caption-text gallery-caption' id='gallery-3-31494'>\n\t\t\t\tSuite In Out (Espacio 32 \/ Casa Foa 2018) \/ Estudio Viviana Melamed (\u00a9 Casa FOA)\n\t\t\t\t<\/figcaption><\/figure><figure class='gallery-item'>\n\t\t\t<div class='gallery-icon landscape'>\n\t\t\t\t<a href='https:\/\/www.arquimaster.com.ar\/web\/wp-content\/uploads\/2018\/09\/espacio32_casafoa2018_23.jpg' title=\"Suite In Out (Espacio 32 \/ Casa Foa 2018) \/ Estudio Viviana Melamed (\u00a9 Casa FOA)\" data-rl_title=\"Suite In Out (Espacio 32 \/ Casa Foa 2018) \/ Estudio Viviana Melamed (\u00a9 Casa FOA)\" class=\"rl-gallery-link\" data-rl_caption=\"Suite In Out (Espacio 32 \/ Casa Foa 2018) \/ Estudio Viviana Melamed (\u00a9 Casa FOA)\" data-rel=\"lightbox-gallery-3\"><img loading=\"lazy\" decoding=\"async\" width=\"150\" height=\"150\" src=\"https:\/\/www.arquimaster.com.ar\/web\/wp-content\/uploads\/2018\/09\/espacio32_casafoa2018_23-150x150.jpg\" class=\"attachment-thumbnail size-thumbnail\" alt=\"\" aria-describedby=\"gallery-3-31495\" srcset=\"https:\/\/www.arquimaster.com.ar\/web\/wp-content\/uploads\/2018\/09\/espacio32_casafoa2018_23-150x150.jpg 150w, https:\/\/www.arquimaster.com.ar\/web\/wp-content\/uploads\/2018\/09\/espacio32_casafoa2018_23-50x50.jpg 50w, https:\/\/www.arquimaster.com.ar\/web\/wp-content\/uploads\/2018\/09\/espacio32_casafoa2018_23-125x125.jpg 125w\" sizes=\"auto, (max-width: 150px) 100vw, 150px\" \/><\/a>\n\t\t\t<\/div>\n\t\t\t\t<figcaption class='wp-caption-text gallery-caption' id='gallery-3-31495'>\n\t\t\t\tSuite In Out (Espacio 32 \/ Casa Foa 2018) \/ Estudio Viviana Melamed (\u00a9 Casa FOA)\n\t\t\t\t<\/figcaption><\/figure><figure class='gallery-item'>\n\t\t\t<div class='gallery-icon landscape'>\n\t\t\t\t<a href='https:\/\/www.arquimaster.com.ar\/web\/wp-content\/uploads\/2018\/09\/espacio32_casafoa2018_slide.jpg' title=\"Suite In Out (Espacio 32 \/ Casa Foa 2018) \/ Estudio Viviana Melamed (\u00a9 Casa FOA)\" data-rl_title=\"Suite In Out (Espacio 32 \/ Casa Foa 2018) \/ Estudio Viviana Melamed (\u00a9 Casa FOA)\" class=\"rl-gallery-link\" data-rl_caption=\"Suite In Out (Espacio 32 \/ Casa Foa 2018) \/ Estudio Viviana Melamed (\u00a9 Casa FOA)\" data-rel=\"lightbox-gallery-3\"><img loading=\"lazy\" decoding=\"async\" width=\"150\" height=\"150\" src=\"https:\/\/www.arquimaster.com.ar\/web\/wp-content\/uploads\/2018\/09\/espacio32_casafoa2018_slide-150x150.jpg\" class=\"attachment-thumbnail size-thumbnail\" alt=\"\" aria-describedby=\"gallery-3-31496\" srcset=\"https:\/\/www.arquimaster.com.ar\/web\/wp-content\/uploads\/2018\/09\/espacio32_casafoa2018_slide-150x150.jpg 150w, https:\/\/www.arquimaster.com.ar\/web\/wp-content\/uploads\/2018\/09\/espacio32_casafoa2018_slide-50x50.jpg 50w, https:\/\/www.arquimaster.com.ar\/web\/wp-content\/uploads\/2018\/09\/espacio32_casafoa2018_slide-125x125.jpg 125w\" sizes=\"auto, (max-width: 150px) 100vw, 150px\" \/><\/a>\n\t\t\t<\/div>\n\t\t\t\t<figcaption class='wp-caption-text gallery-caption' id='gallery-3-31496'>\n\t\t\t\tSuite In Out (Espacio 32 \/ Casa Foa 2018) \/ Estudio Viviana Melamed (\u00a9 Casa FOA)\n\t\t\t\t<\/figcaption><\/figure>\n\t\t<\/div>\n\n<p>Todo este espacio interior lo planteamos con piso de madera en tablas de Patagonia Flooring, en una nueva versi\u00f3n nuestra de autor, un gran cielorraso central a 4 metros de altura que no llega a encontrarse con las paredes, est\u00e1 separado de los l\u00edmites por una grilla met\u00e1lica realizada con varillas Atrim desde la cual se extienden grupos de spots Cavia de IMDI tomados individualmente y asom\u00e1ndose desde la grilla.<\/p>\n<p>En el cielorraso central, luminarias embutidas Kohen Iluminaci\u00f3n. En las bibliotecas, artefactos de Base de Manfroni para Matriz, esferas luminosas de vidrio engarzadas en metal y numerosas tiras de leds de Kohen Iluminaci\u00f3n.<\/p>\n<p>El arte es de galer\u00eda Palatina + curaduria de artistas de Leandro Salvatierra + fotograf\u00edas de Marina Herbst + libros de Baires Vanity Books + objetos de Hus + aromas Bamb\u00fa de Perfumum + decoraci\u00f3n sonora de SRZ Soledad Rodriguez Zubieta. Construcci\u00f3n e instalaciones Max Orlandini.<\/p>\n<p><strong>El Out<\/strong><\/p>\n<p>Partimos de la nada, un espacio residual m\u00ednimo que nos abri\u00f3 la posibilidad de imaginar el afuera, la extensi\u00f3n de esta Suite. Para ellos realizamos algunas operaciones, elevamos el piso a nivel del interior, construimos un espacio semicubierto a manera de expansi\u00f3n en una casa o balc\u00f3n de un departamento.<\/p>\n<p>Una estructura met\u00e1lica de Ternium con columnas redondas que sostienen spots Cavia de IMDI. El cielorraso revestido en tablones de madera de roble intervenido claro de Patagonia Flooring, el piso de placas enormes de porcellanato Antico Smoke de Vite, perimetralmente un sistema de cortinas motorizadas roller screen de Rielamericano cierran a manera de cenefa el espacio.<\/p>\n<p>La pared longitudinal es la principal, respetamos la materialidad de la pared hist\u00f3rica existente y la tratamos con una pintura art\u00edstica, luego por delante compusimos una gran estructura de Marmol Marine Blue combinado con Silestone Eternal Serena, ambos de Canteras + Forte dei Marmi, los laterales del bloque del Biohogar se revisten en Silestone y se pliegan para transformarse en estantes bajos con un frente de secuencia de perfiles Atrim.<\/p>\n<p>Sobre el estante un par de artefactos Clizia Slamp Italia para GA Iluminaci\u00f3n y arte y fotos y una l\u00e1mpara de pie Bell de Manfroni para Matriz. En la pared de fondo un revestimiento en madera fresno avorio trabajado en resca de Matriz Design recibe una TV Hisense.<\/p>\n<p>Fundamental en este espacio la propuesta paisajistica de gran impacto, de Valeria Rohrer, suculentas y cactus, de diferentes familias y portes, de muy bajo mantenimiento, montados en macetas de cer\u00e1mica esmaltada de Coin Vert. Sillones Park con mesas tapizadas o apoyapies con telas Biercamp, mesas de apoyo Tippet laqueadas y en madera de Matriz Design, grandes pufs Ritual tapizados en doble capa textil Biercamp + Egido + Matriz. Todo sobre una carpeta Rugit apta para esta situaci\u00f3n de semicubierto.<\/p>\n<p>De este modo el In y el Out, el Adentro y el Afuera fueron tratados con el mismo nivel de detalle. Pens\u00e1ndolos desde la caja, las superficies, la propuesta de iluminaci\u00f3n, los muebles y tapicer\u00eda, cada uno dise\u00f1ado especialmente, los complementos de carpetas, telas, artefactos, arte.<\/p>\n<p>El espacio obtuvo los siguientes premios:<\/p>\n<p>Premio Casa FOA 2018 y Rielamericano \u00abA la mejor exhibici\u00f3n del producto Rielamericano\u00bb<\/p>\n<p><strong>Contacto<\/strong><br \/>\n<a href=\"http:\/\/www.vivianamelamed.com.ar\" target=\"_blank\" rel=\"noopener\">http:\/\/www.vivianamelamed.com.ar<\/a><br \/>\nInstagram: @matrizdesign<\/p>\n<p><strong>Fotos<\/strong><br \/>\nFederico Kulekdjian<br \/>\nPrensa Casa FOA 2018<\/p>\n<p><strong>Plano de la muestra<\/strong><\/p>\n<div id='gallery-4' class='gallery galleryid-31473 gallery-columns-3 gallery-size-thumbnail'><figure class='gallery-item'>\n\t\t\t<div class='gallery-icon portrait'>\n\t\t\t\t<a href='https:\/\/www.arquimaster.com.ar\/web\/wp-content\/uploads\/2018\/09\/plano_casa_foa_2018.jpg' title=\"Casa FOA 2018 \/ Cassa Devoto\" data-rl_title=\"Casa FOA 2018 \/ Cassa Devoto\" class=\"rl-gallery-link\" data-rl_caption=\"Casa FOA 2018 \/ Cassa Devoto\" data-rel=\"lightbox-gallery-4\"><img loading=\"lazy\" decoding=\"async\" width=\"150\" height=\"150\" src=\"https:\/\/www.arquimaster.com.ar\/web\/wp-content\/uploads\/2018\/09\/plano_casa_foa_2018-150x150.jpg\" class=\"attachment-thumbnail size-thumbnail\" alt=\"\" aria-describedby=\"gallery-4-31322\" srcset=\"https:\/\/www.arquimaster.com.ar\/web\/wp-content\/uploads\/2018\/09\/plano_casa_foa_2018-150x150.jpg 150w, https:\/\/www.arquimaster.com.ar\/web\/wp-content\/uploads\/2018\/09\/plano_casa_foa_2018-50x50.jpg 50w, https:\/\/www.arquimaster.com.ar\/web\/wp-content\/uploads\/2018\/09\/plano_casa_foa_2018-125x125.jpg 125w\" sizes=\"auto, (max-width: 150px) 100vw, 150px\" \/><\/a>\n\t\t\t<\/div>\n\t\t\t\t<figcaption class='wp-caption-text gallery-caption' id='gallery-4-31322'>\n\t\t\t\tCasa FOA 2018 \/ Cassa Devoto\n\t\t\t\t<\/figcaption><\/figure>\n\t\t<\/div>\n\n<p><strong>Sobre Casa FOA 2018 \/ Cassa Devoto<\/strong><br \/>\nCasa FOA, la tradicional exposici\u00f3n nacional de arquitectura, dise\u00f1o interior, paisajismo e industria abrir\u00e1 sus puertas a partir del 21 de septiembre de 2018 y podr\u00e1 recorrerse hasta el 28 de octubre de 2018 en su nueva sede en el ex Convento Nuestra Se\u00f1ora de la Misericordia, ubicado en Pareja 3670, en el barrio de Devoto, Ciudad de Buenos Aires. Cassa Devoto es una joya arquitect\u00f3nica de m\u00e1s de 120 a\u00f1os, con 3000 metros cuadrados de claustros, patios y vegetaci\u00f3n que brindar\u00e1 los escenarios donde dise\u00f1adores y arquitectos desplegar\u00e1n toda su creatividad.<\/p>\n<p>La nueva sede abrir\u00e1 todos los d\u00edas de 12 a 20 horas y los viernes con Casa FOA Night hasta las 23 horas, los viernes a partir de las 19 horas se podr\u00e1 acceder con el beneficio de 2&#215;1. La entrada tendr\u00e1 un valor de $ 240 en boleter\u00eda y se podr\u00e1n adquirir entradas anticipadas a trav\u00e9s de la p\u00e1gina web de Casa FOA. Casa FOA ya es un \u00edcono de la arquitectura y el dise\u00f1o, tal es as\u00ed que este a\u00f1o, celebrando su edici\u00f3n N\u00ba 35, fue declarada de inter\u00e9s cultural de la Ciudad de Buenos Aires por la Legislatura Porte\u00f1a.<\/p>\n<p><strong>M\u00e1s informaci\u00f3n<\/strong><br \/>\n<a href=\"http:\/\/www.casafoa.com\" target=\"_blank\" rel=\"noopener\">http:\/\/www.casafoa.com<\/a><\/p>\n<p><iframe loading=\"lazy\" style=\"border: 0;\" src=\"https:\/\/www.google.com\/maps\/embed?pb=!1m14!1m8!1m3!1d13137.238640565682!2d-58.5089094!3d-34.5963304!3m2!1i1024!2i768!4f13.1!3m3!1m2!1s0x0%3A0xeebce17ff294ca1c!2sCasa+FOA+2018!5e0!3m2!1ses-419!2sar!4v1537461365962\" width=\"642\" height=\"350\" frameborder=\"0\" allowfullscreen=\"allowfullscreen\"><\/iframe><\/p>\n\n<div style=\"font-size: 0px; height: 0px; line-height: 0px; margin: 0; padding: 0; clear: both;\"><\/div><div style=\"margin-top: 0px; margin-bottom: 0px;\" class=\"sharethis-inline-share-buttons\" ><\/div>","protected":false},"excerpt":{"rendered":"<p>Una propuesta org\u00e1nica, natural, sofisticada, inteligente, consciente, moderna&#8230;<\/p>\n","protected":false},"author":1,"featured_media":31496,"comment_status":"closed","ping_status":"closed","sticky":false,"template":"","format":"standard","meta":{"_uag_custom_page_level_css":"","footnotes":""},"categories":[4642,55],"tags":[4644,2690,2718,4657,2719],"class_list":["post-31473","post","type-post","status-publish","format-standard","has-post-thumbnail","hentry","category-casa-foa-2018","category-diseno","tag-casa-foa-2018","tag-dormitorio","tag-estudio-viviana-melamed","tag-suite","tag-viviana-melamed","generate-columns","tablet-grid-50","mobile-grid-100","grid-parent","grid-50"],"yoast_head":"<!-- This site is optimized with the Yoast SEO plugin v27.3 - https:\/\/yoast.com\/product\/yoast-seo-wordpress\/ -->\n<title>Suite In Out (Espacio 32 \/ Casa Foa 2018) \/ Estudio Viviana Melamed - Arquimaster<\/title>\n<meta name=\"robots\" content=\"index, follow, max-snippet:-1, max-image-preview:large, max-video-preview:-1\" \/>\n<link rel=\"canonical\" href=\"https:\/\/www.arquimaster.com.ar\/web\/suite-in-out-espacio-32-casa-foa-2018-estudio-viviana-melamed\/\" \/>\n<meta property=\"og:locale\" content=\"es_ES\" \/>\n<meta property=\"og:type\" content=\"article\" \/>\n<meta property=\"og:title\" content=\"Suite In Out (Espacio 32 \/ Casa Foa 2018) \/ Estudio Viviana Melamed - Arquimaster\" \/>\n<meta property=\"og:description\" content=\"Una propuesta org\u00e1nica, natural, sofisticada, inteligente, consciente, moderna...\" \/>\n<meta property=\"og:url\" content=\"https:\/\/www.arquimaster.com.ar\/web\/suite-in-out-espacio-32-casa-foa-2018-estudio-viviana-melamed\/\" \/>\n<meta property=\"og:site_name\" content=\"Arquimaster\" \/>\n<meta property=\"article:publisher\" content=\"http:\/\/www.facebook.com\/ARQUIMASTER.com.ar\" \/>\n<meta property=\"article:published_time\" content=\"2018-09-21T13:19:00+00:00\" \/>\n<meta property=\"article:modified_time\" content=\"2018-10-22T02:06:41+00:00\" \/>\n<meta property=\"og:image\" content=\"https:\/\/www.arquimaster.com.ar\/web\/wp-content\/uploads\/2018\/09\/espacio32_casafoa2018_slide.jpg\" \/>\n\t<meta property=\"og:image:width\" content=\"642\" \/>\n\t<meta property=\"og:image:height\" content=\"336\" \/>\n\t<meta property=\"og:image:type\" content=\"image\/jpeg\" \/>\n<meta name=\"author\" content=\"Arquimaster\" \/>\n<meta name=\"twitter:card\" content=\"summary_large_image\" \/>\n<meta name=\"twitter:creator\" content=\"@arquimaster\" \/>\n<meta name=\"twitter:site\" content=\"@arquimaster\" \/>\n<meta name=\"twitter:label1\" content=\"Escrito por\" \/>\n\t<meta name=\"twitter:data1\" content=\"Arquimaster\" \/>\n\t<meta name=\"twitter:label2\" content=\"Tiempo de lectura\" \/>\n\t<meta name=\"twitter:data2\" content=\"7 minutos\" \/>\n<script type=\"application\/ld+json\" class=\"yoast-schema-graph\">{\"@context\":\"https:\\\/\\\/schema.org\",\"@graph\":[{\"@type\":\"Article\",\"@id\":\"https:\\\/\\\/www.arquimaster.com.ar\\\/web\\\/suite-in-out-espacio-32-casa-foa-2018-estudio-viviana-melamed\\\/#article\",\"isPartOf\":{\"@id\":\"https:\\\/\\\/www.arquimaster.com.ar\\\/web\\\/suite-in-out-espacio-32-casa-foa-2018-estudio-viviana-melamed\\\/\"},\"author\":{\"name\":\"Arquimaster\",\"@id\":\"https:\\\/\\\/www.arquimaster.com.ar\\\/web\\\/#\\\/schema\\\/person\\\/359e9f7c00193fcde068e0dd2ceb0028\"},\"headline\":\"Suite In Out (Espacio 32 \\\/ Casa Foa 2018) \\\/ Estudio Viviana Melamed\",\"datePublished\":\"2018-09-21T13:19:00+00:00\",\"dateModified\":\"2018-10-22T02:06:41+00:00\",\"mainEntityOfPage\":{\"@id\":\"https:\\\/\\\/www.arquimaster.com.ar\\\/web\\\/suite-in-out-espacio-32-casa-foa-2018-estudio-viviana-melamed\\\/\"},\"wordCount\":1366,\"publisher\":{\"@id\":\"https:\\\/\\\/www.arquimaster.com.ar\\\/web\\\/#organization\"},\"image\":{\"@id\":\"https:\\\/\\\/www.arquimaster.com.ar\\\/web\\\/suite-in-out-espacio-32-casa-foa-2018-estudio-viviana-melamed\\\/#primaryimage\"},\"thumbnailUrl\":\"https:\\\/\\\/www.arquimaster.com.ar\\\/web\\\/wp-content\\\/uploads\\\/2018\\\/09\\\/espacio32_casafoa2018_slide.jpg\",\"keywords\":[\"Casa FOA 2018\",\"dormitorio\",\"Estudio Viviana Melamed\",\"suite\",\"Viviana Melamed\"],\"articleSection\":[\"Casa FOA 2018\",\"Dise\u00f1o\"],\"inLanguage\":\"es\"},{\"@type\":\"WebPage\",\"@id\":\"https:\\\/\\\/www.arquimaster.com.ar\\\/web\\\/suite-in-out-espacio-32-casa-foa-2018-estudio-viviana-melamed\\\/\",\"url\":\"https:\\\/\\\/www.arquimaster.com.ar\\\/web\\\/suite-in-out-espacio-32-casa-foa-2018-estudio-viviana-melamed\\\/\",\"name\":\"Suite In Out (Espacio 32 \\\/ Casa Foa 2018) \\\/ Estudio Viviana Melamed - Arquimaster\",\"isPartOf\":{\"@id\":\"https:\\\/\\\/www.arquimaster.com.ar\\\/web\\\/#website\"},\"primaryImageOfPage\":{\"@id\":\"https:\\\/\\\/www.arquimaster.com.ar\\\/web\\\/suite-in-out-espacio-32-casa-foa-2018-estudio-viviana-melamed\\\/#primaryimage\"},\"image\":{\"@id\":\"https:\\\/\\\/www.arquimaster.com.ar\\\/web\\\/suite-in-out-espacio-32-casa-foa-2018-estudio-viviana-melamed\\\/#primaryimage\"},\"thumbnailUrl\":\"https:\\\/\\\/www.arquimaster.com.ar\\\/web\\\/wp-content\\\/uploads\\\/2018\\\/09\\\/espacio32_casafoa2018_slide.jpg\",\"datePublished\":\"2018-09-21T13:19:00+00:00\",\"dateModified\":\"2018-10-22T02:06:41+00:00\",\"breadcrumb\":{\"@id\":\"https:\\\/\\\/www.arquimaster.com.ar\\\/web\\\/suite-in-out-espacio-32-casa-foa-2018-estudio-viviana-melamed\\\/#breadcrumb\"},\"inLanguage\":\"es\",\"potentialAction\":[{\"@type\":\"ReadAction\",\"target\":[\"https:\\\/\\\/www.arquimaster.com.ar\\\/web\\\/suite-in-out-espacio-32-casa-foa-2018-estudio-viviana-melamed\\\/\"]}]},{\"@type\":\"ImageObject\",\"inLanguage\":\"es\",\"@id\":\"https:\\\/\\\/www.arquimaster.com.ar\\\/web\\\/suite-in-out-espacio-32-casa-foa-2018-estudio-viviana-melamed\\\/#primaryimage\",\"url\":\"https:\\\/\\\/www.arquimaster.com.ar\\\/web\\\/wp-content\\\/uploads\\\/2018\\\/09\\\/espacio32_casafoa2018_slide.jpg\",\"contentUrl\":\"https:\\\/\\\/www.arquimaster.com.ar\\\/web\\\/wp-content\\\/uploads\\\/2018\\\/09\\\/espacio32_casafoa2018_slide.jpg\",\"width\":642,\"height\":336,\"caption\":\"Suite In Out (Espacio 32 \\\/ Casa Foa 2018) \\\/ Estudio Viviana Melamed (\u00a9 Casa FOA)\"},{\"@type\":\"BreadcrumbList\",\"@id\":\"https:\\\/\\\/www.arquimaster.com.ar\\\/web\\\/suite-in-out-espacio-32-casa-foa-2018-estudio-viviana-melamed\\\/#breadcrumb\",\"itemListElement\":[{\"@type\":\"ListItem\",\"position\":1,\"name\":\"Portada\",\"item\":\"https:\\\/\\\/www.arquimaster.com.ar\\\/web\\\/\"},{\"@type\":\"ListItem\",\"position\":2,\"name\":\"Suite In Out (Espacio 32 \\\/ Casa Foa 2018) \\\/ Estudio Viviana Melamed\"}]},{\"@type\":\"WebSite\",\"@id\":\"https:\\\/\\\/www.arquimaster.com.ar\\\/web\\\/#website\",\"url\":\"https:\\\/\\\/www.arquimaster.com.ar\\\/web\\\/\",\"name\":\"Arquimaster\",\"description\":\"Web de arquitectura, dise\u00f1o y construccion\",\"publisher\":{\"@id\":\"https:\\\/\\\/www.arquimaster.com.ar\\\/web\\\/#organization\"},\"potentialAction\":[{\"@type\":\"SearchAction\",\"target\":{\"@type\":\"EntryPoint\",\"urlTemplate\":\"https:\\\/\\\/www.arquimaster.com.ar\\\/web\\\/?s={search_term_string}\"},\"query-input\":{\"@type\":\"PropertyValueSpecification\",\"valueRequired\":true,\"valueName\":\"search_term_string\"}}],\"inLanguage\":\"es\"},{\"@type\":\"Organization\",\"@id\":\"https:\\\/\\\/www.arquimaster.com.ar\\\/web\\\/#organization\",\"name\":\"Arquimaster\",\"url\":\"https:\\\/\\\/www.arquimaster.com.ar\\\/web\\\/\",\"logo\":{\"@type\":\"ImageObject\",\"inLanguage\":\"es\",\"@id\":\"https:\\\/\\\/www.arquimaster.com.ar\\\/web\\\/#\\\/schema\\\/logo\\\/image\\\/\",\"url\":\"https:\\\/\\\/www.arquimaster.com.ar\\\/web\\\/wp-content\\\/uploads\\\/2022\\\/06\\\/arquimaster.png\",\"contentUrl\":\"https:\\\/\\\/www.arquimaster.com.ar\\\/web\\\/wp-content\\\/uploads\\\/2022\\\/06\\\/arquimaster.png\",\"width\":594,\"height\":78,\"caption\":\"Arquimaster\"},\"image\":{\"@id\":\"https:\\\/\\\/www.arquimaster.com.ar\\\/web\\\/#\\\/schema\\\/logo\\\/image\\\/\"},\"sameAs\":[\"http:\\\/\\\/www.facebook.com\\\/ARQUIMASTER.com.ar\",\"https:\\\/\\\/x.com\\\/arquimaster\",\"https:\\\/\\\/www.instagram.com\\\/arquimasterblog\\\/\",\"https:\\\/\\\/www.linkedin.com\\\/company\\\/arquimaster\",\"https:\\\/\\\/www.pinterest.com\\\/arquimaster\",\"https:\\\/\\\/t.me\\\/arquimaster\"]},{\"@type\":\"Person\",\"@id\":\"https:\\\/\\\/www.arquimaster.com.ar\\\/web\\\/#\\\/schema\\\/person\\\/359e9f7c00193fcde068e0dd2ceb0028\",\"name\":\"Arquimaster\"}]}<\/script>\n<!-- \/ Yoast SEO plugin. -->","yoast_head_json":{"title":"Suite In Out (Espacio 32 \/ Casa Foa 2018) \/ Estudio Viviana Melamed - Arquimaster","robots":{"index":"index","follow":"follow","max-snippet":"max-snippet:-1","max-image-preview":"max-image-preview:large","max-video-preview":"max-video-preview:-1"},"canonical":"https:\/\/www.arquimaster.com.ar\/web\/suite-in-out-espacio-32-casa-foa-2018-estudio-viviana-melamed\/","og_locale":"es_ES","og_type":"article","og_title":"Suite In Out (Espacio 32 \/ Casa Foa 2018) \/ Estudio Viviana Melamed - Arquimaster","og_description":"Una propuesta org\u00e1nica, natural, sofisticada, inteligente, consciente, moderna...","og_url":"https:\/\/www.arquimaster.com.ar\/web\/suite-in-out-espacio-32-casa-foa-2018-estudio-viviana-melamed\/","og_site_name":"Arquimaster","article_publisher":"http:\/\/www.facebook.com\/ARQUIMASTER.com.ar","article_published_time":"2018-09-21T13:19:00+00:00","article_modified_time":"2018-10-22T02:06:41+00:00","og_image":[{"width":642,"height":336,"url":"https:\/\/www.arquimaster.com.ar\/web\/wp-content\/uploads\/2018\/09\/espacio32_casafoa2018_slide.jpg","type":"image\/jpeg"}],"author":"Arquimaster","twitter_card":"summary_large_image","twitter_creator":"@arquimaster","twitter_site":"@arquimaster","twitter_misc":{"Escrito por":"Arquimaster","Tiempo de lectura":"7 minutos"},"schema":{"@context":"https:\/\/schema.org","@graph":[{"@type":"Article","@id":"https:\/\/www.arquimaster.com.ar\/web\/suite-in-out-espacio-32-casa-foa-2018-estudio-viviana-melamed\/#article","isPartOf":{"@id":"https:\/\/www.arquimaster.com.ar\/web\/suite-in-out-espacio-32-casa-foa-2018-estudio-viviana-melamed\/"},"author":{"name":"Arquimaster","@id":"https:\/\/www.arquimaster.com.ar\/web\/#\/schema\/person\/359e9f7c00193fcde068e0dd2ceb0028"},"headline":"Suite In Out (Espacio 32 \/ Casa Foa 2018) \/ Estudio Viviana Melamed","datePublished":"2018-09-21T13:19:00+00:00","dateModified":"2018-10-22T02:06:41+00:00","mainEntityOfPage":{"@id":"https:\/\/www.arquimaster.com.ar\/web\/suite-in-out-espacio-32-casa-foa-2018-estudio-viviana-melamed\/"},"wordCount":1366,"publisher":{"@id":"https:\/\/www.arquimaster.com.ar\/web\/#organization"},"image":{"@id":"https:\/\/www.arquimaster.com.ar\/web\/suite-in-out-espacio-32-casa-foa-2018-estudio-viviana-melamed\/#primaryimage"},"thumbnailUrl":"https:\/\/www.arquimaster.com.ar\/web\/wp-content\/uploads\/2018\/09\/espacio32_casafoa2018_slide.jpg","keywords":["Casa FOA 2018","dormitorio","Estudio Viviana Melamed","suite","Viviana Melamed"],"articleSection":["Casa FOA 2018","Dise\u00f1o"],"inLanguage":"es"},{"@type":"WebPage","@id":"https:\/\/www.arquimaster.com.ar\/web\/suite-in-out-espacio-32-casa-foa-2018-estudio-viviana-melamed\/","url":"https:\/\/www.arquimaster.com.ar\/web\/suite-in-out-espacio-32-casa-foa-2018-estudio-viviana-melamed\/","name":"Suite In Out (Espacio 32 \/ Casa Foa 2018) \/ Estudio Viviana Melamed - Arquimaster","isPartOf":{"@id":"https:\/\/www.arquimaster.com.ar\/web\/#website"},"primaryImageOfPage":{"@id":"https:\/\/www.arquimaster.com.ar\/web\/suite-in-out-espacio-32-casa-foa-2018-estudio-viviana-melamed\/#primaryimage"},"image":{"@id":"https:\/\/www.arquimaster.com.ar\/web\/suite-in-out-espacio-32-casa-foa-2018-estudio-viviana-melamed\/#primaryimage"},"thumbnailUrl":"https:\/\/www.arquimaster.com.ar\/web\/wp-content\/uploads\/2018\/09\/espacio32_casafoa2018_slide.jpg","datePublished":"2018-09-21T13:19:00+00:00","dateModified":"2018-10-22T02:06:41+00:00","breadcrumb":{"@id":"https:\/\/www.arquimaster.com.ar\/web\/suite-in-out-espacio-32-casa-foa-2018-estudio-viviana-melamed\/#breadcrumb"},"inLanguage":"es","potentialAction":[{"@type":"ReadAction","target":["https:\/\/www.arquimaster.com.ar\/web\/suite-in-out-espacio-32-casa-foa-2018-estudio-viviana-melamed\/"]}]},{"@type":"ImageObject","inLanguage":"es","@id":"https:\/\/www.arquimaster.com.ar\/web\/suite-in-out-espacio-32-casa-foa-2018-estudio-viviana-melamed\/#primaryimage","url":"https:\/\/www.arquimaster.com.ar\/web\/wp-content\/uploads\/2018\/09\/espacio32_casafoa2018_slide.jpg","contentUrl":"https:\/\/www.arquimaster.com.ar\/web\/wp-content\/uploads\/2018\/09\/espacio32_casafoa2018_slide.jpg","width":642,"height":336,"caption":"Suite In Out (Espacio 32 \/ Casa Foa 2018) \/ Estudio Viviana Melamed (\u00a9 Casa FOA)"},{"@type":"BreadcrumbList","@id":"https:\/\/www.arquimaster.com.ar\/web\/suite-in-out-espacio-32-casa-foa-2018-estudio-viviana-melamed\/#breadcrumb","itemListElement":[{"@type":"ListItem","position":1,"name":"Portada","item":"https:\/\/www.arquimaster.com.ar\/web\/"},{"@type":"ListItem","position":2,"name":"Suite In Out (Espacio 32 \/ Casa Foa 2018) \/ Estudio Viviana Melamed"}]},{"@type":"WebSite","@id":"https:\/\/www.arquimaster.com.ar\/web\/#website","url":"https:\/\/www.arquimaster.com.ar\/web\/","name":"Arquimaster","description":"Web de arquitectura, dise\u00f1o y construccion","publisher":{"@id":"https:\/\/www.arquimaster.com.ar\/web\/#organization"},"potentialAction":[{"@type":"SearchAction","target":{"@type":"EntryPoint","urlTemplate":"https:\/\/www.arquimaster.com.ar\/web\/?s={search_term_string}"},"query-input":{"@type":"PropertyValueSpecification","valueRequired":true,"valueName":"search_term_string"}}],"inLanguage":"es"},{"@type":"Organization","@id":"https:\/\/www.arquimaster.com.ar\/web\/#organization","name":"Arquimaster","url":"https:\/\/www.arquimaster.com.ar\/web\/","logo":{"@type":"ImageObject","inLanguage":"es","@id":"https:\/\/www.arquimaster.com.ar\/web\/#\/schema\/logo\/image\/","url":"https:\/\/www.arquimaster.com.ar\/web\/wp-content\/uploads\/2022\/06\/arquimaster.png","contentUrl":"https:\/\/www.arquimaster.com.ar\/web\/wp-content\/uploads\/2022\/06\/arquimaster.png","width":594,"height":78,"caption":"Arquimaster"},"image":{"@id":"https:\/\/www.arquimaster.com.ar\/web\/#\/schema\/logo\/image\/"},"sameAs":["http:\/\/www.facebook.com\/ARQUIMASTER.com.ar","https:\/\/x.com\/arquimaster","https:\/\/www.instagram.com\/arquimasterblog\/","https:\/\/www.linkedin.com\/company\/arquimaster","https:\/\/www.pinterest.com\/arquimaster","https:\/\/t.me\/arquimaster"]},{"@type":"Person","@id":"https:\/\/www.arquimaster.com.ar\/web\/#\/schema\/person\/359e9f7c00193fcde068e0dd2ceb0028","name":"Arquimaster"}]}},"uagb_featured_image_src":{"full":["https:\/\/www.arquimaster.com.ar\/web\/wp-content\/uploads\/2018\/09\/espacio32_casafoa2018_slide.jpg",642,336,false],"thumbnail":["https:\/\/www.arquimaster.com.ar\/web\/wp-content\/uploads\/2018\/09\/espacio32_casafoa2018_slide-150x150.jpg",150,150,true],"medium":["https:\/\/www.arquimaster.com.ar\/web\/wp-content\/uploads\/2018\/09\/espacio32_casafoa2018_slide.jpg",642,336,false],"medium_large":["https:\/\/www.arquimaster.com.ar\/web\/wp-content\/uploads\/2018\/09\/espacio32_casafoa2018_slide.jpg",642,336,false],"large":["https:\/\/www.arquimaster.com.ar\/web\/wp-content\/uploads\/2018\/09\/espacio32_casafoa2018_slide.jpg",642,336,false],"1536x1536":["https:\/\/www.arquimaster.com.ar\/web\/wp-content\/uploads\/2018\/09\/espacio32_casafoa2018_slide.jpg",642,336,false],"2048x2048":["https:\/\/www.arquimaster.com.ar\/web\/wp-content\/uploads\/2018\/09\/espacio32_casafoa2018_slide.jpg",642,336,false]},"uagb_author_info":{"display_name":"Arquimaster","author_link":"https:\/\/www.arquimaster.com.ar\/web\/author\/arquimaster\/"},"uagb_comment_info":0,"uagb_excerpt":"Una propuesta org\u00e1nica, natural, sofisticada, inteligente, consciente, moderna...","_links":{"self":[{"href":"https:\/\/www.arquimaster.com.ar\/web\/wp-json\/wp\/v2\/posts\/31473","targetHints":{"allow":["GET"]}}],"collection":[{"href":"https:\/\/www.arquimaster.com.ar\/web\/wp-json\/wp\/v2\/posts"}],"about":[{"href":"https:\/\/www.arquimaster.com.ar\/web\/wp-json\/wp\/v2\/types\/post"}],"author":[{"embeddable":true,"href":"https:\/\/www.arquimaster.com.ar\/web\/wp-json\/wp\/v2\/users\/1"}],"replies":[{"embeddable":true,"href":"https:\/\/www.arquimaster.com.ar\/web\/wp-json\/wp\/v2\/comments?post=31473"}],"version-history":[{"count":0,"href":"https:\/\/www.arquimaster.com.ar\/web\/wp-json\/wp\/v2\/posts\/31473\/revisions"}],"wp:featuredmedia":[{"embeddable":true,"href":"https:\/\/www.arquimaster.com.ar\/web\/wp-json\/wp\/v2\/media\/31496"}],"wp:attachment":[{"href":"https:\/\/www.arquimaster.com.ar\/web\/wp-json\/wp\/v2\/media?parent=31473"}],"wp:term":[{"taxonomy":"category","embeddable":true,"href":"https:\/\/www.arquimaster.com.ar\/web\/wp-json\/wp\/v2\/categories?post=31473"},{"taxonomy":"post_tag","embeddable":true,"href":"https:\/\/www.arquimaster.com.ar\/web\/wp-json\/wp\/v2\/tags?post=31473"}],"curies":[{"name":"wp","href":"https:\/\/api.w.org\/{rel}","templated":true}]}}