{"id":31828,"date":"2018-09-26T10:25:28","date_gmt":"2018-09-26T10:25:28","guid":{"rendered":"http:\/\/www.arquimaster.com.ar\/web\/?p=31828"},"modified":"2018-10-22T01:44:17","modified_gmt":"2018-10-22T01:44:17","slug":"habitart-comedor-diario-espacio-20-casa-foa-2018-romano-lorenzi-martin-danna-gatsch-becerra-caceres-diaz","status":"publish","type":"post","link":"https:\/\/www.arquimaster.com.ar\/web\/habitart-comedor-diario-espacio-20-casa-foa-2018-romano-lorenzi-martin-danna-gatsch-becerra-caceres-diaz\/","title":{"rendered":"Habitart Comedor diario (Espacio 20 \/ Casa FOA 2018) \/ Federico Romano Lorenzi, Pablo Martin Danna, Catalina Gatsch Becerra, Maria Jos\u00e9 Caceres Diaz"},"content":{"rendered":"<div style=\"margin-top: 0px; margin-bottom: 0px;\" class=\"sharethis-inline-share-buttons\" ><\/div><div class=\"b812932af2e751442846f039925109de\" data-index=\"1\" style=\"float: none; margin:25px 0 25px 0; text-align:center;\">\n<script async src=\"https:\/\/pagead2.googlesyndication.com\/pagead\/js\/adsbygoogle.js\"><\/script>\r\n<!-- Arquimaster (superior) -->\r\n<ins class=\"adsbygoogle\"\r\n     style=\"display:block\"\r\n     data-ad-client=\"ca-pub-6351072698456832\"\r\n     data-ad-slot=\"6455489680\"\r\n     data-ad-format=\"auto\"\r\n     data-full-width-responsive=\"true\"><\/ins>\r\n<script>\r\n     (adsbygoogle = window.adsbygoogle || []).push({});\r\n<\/script>\n<\/div>\n<p><strong>Habitart Comedor diario<\/strong> (Espacio 20 \/ Casa FOA 2018 \/ Cassa Devoto) por <strong>Federico Romano Lorenzi, Pablo Martin Danna, Catalina Gatsch Becerra, Maria Jos\u00e9 Caceres Diaz<\/strong>. El comedor es un sitio legendario. Desde los inicios fue un espacio destinado al ocio y divertimento, sumando la acci\u00f3n del comer. Originalmente, los griegos idearon un mobiliario que luego fue tomado por los romanos. Constaba de tres Klinai (una especie de sillones) dispuestos en forma de \u00abU\u00bb alrededor de una mesa cuadrada. Los comensales se reclinaban sobre su lado izquierdo, mientras eran agasajados con deliciosos platos de comida. Este conjunto se llamaba Triclinio, que deriva del lat\u00edn triclinium y significa lecho, div\u00e1n, sill\u00f3n largo. Sol\u00eda estar en espacios exteriores cubierto con toldos a modo de techo conformando una unidad.<\/p>\n<div id='gallery-1' class='gallery galleryid-31828 gallery-columns-3 gallery-size-thumbnail'><figure class='gallery-item'>\n\t\t\t<div class='gallery-icon landscape'>\n\t\t\t\t<a href='https:\/\/www.arquimaster.com.ar\/web\/wp-content\/uploads\/2018\/09\/espacio20_casafoa2018_1.jpg' title=\"Habitart Comedor diario (Espacio 20 \/ Casa FOA 2018) \/ Romano Lorenzi, Martin Danna, Gatsch Becerra, Caceres Diaz\" data-rl_title=\"Habitart Comedor diario (Espacio 20 \/ Casa FOA 2018) \/ Romano Lorenzi, Martin Danna, Gatsch Becerra, Caceres Diaz\" class=\"rl-gallery-link\" data-rl_caption=\"Habitart Comedor diario (Espacio 20 \/ Casa FOA 2018) \/ Romano Lorenzi, Martin Danna, Gatsch Becerra, Caceres Diaz\" data-rel=\"lightbox-gallery-1\"><img loading=\"lazy\" decoding=\"async\" width=\"150\" height=\"150\" src=\"https:\/\/www.arquimaster.com.ar\/web\/wp-content\/uploads\/2018\/09\/espacio20_casafoa2018_1-150x150.jpg\" class=\"attachment-thumbnail size-thumbnail\" alt=\"\" aria-describedby=\"gallery-1-31829\" srcset=\"https:\/\/www.arquimaster.com.ar\/web\/wp-content\/uploads\/2018\/09\/espacio20_casafoa2018_1-150x150.jpg 150w, https:\/\/www.arquimaster.com.ar\/web\/wp-content\/uploads\/2018\/09\/espacio20_casafoa2018_1-50x50.jpg 50w, https:\/\/www.arquimaster.com.ar\/web\/wp-content\/uploads\/2018\/09\/espacio20_casafoa2018_1-125x125.jpg 125w\" sizes=\"auto, (max-width: 150px) 100vw, 150px\" \/><\/a>\n\t\t\t<\/div>\n\t\t\t\t<figcaption class='wp-caption-text gallery-caption' id='gallery-1-31829'>\n\t\t\t\tHabitart Comedor diario (Espacio 20 \/ Casa FOA 2018) \/ Romano Lorenzi, Martin Danna, Gatsch Becerra, Caceres Diaz\n\t\t\t\t<\/figcaption><\/figure><figure class='gallery-item'>\n\t\t\t<div class='gallery-icon portrait'>\n\t\t\t\t<a href='https:\/\/www.arquimaster.com.ar\/web\/wp-content\/uploads\/2018\/09\/espacio20_casafoa2018_2.jpg' title=\"Habitart Comedor diario (Espacio 20 \/ Casa FOA 2018) \/ Romano Lorenzi, Martin Danna, Gatsch Becerra, Caceres Diaz\" data-rl_title=\"Habitart Comedor diario (Espacio 20 \/ Casa FOA 2018) \/ Romano Lorenzi, Martin Danna, Gatsch Becerra, Caceres Diaz\" class=\"rl-gallery-link\" data-rl_caption=\"Habitart Comedor diario (Espacio 20 \/ Casa FOA 2018) \/ Romano Lorenzi, Martin Danna, Gatsch Becerra, Caceres Diaz\" data-rel=\"lightbox-gallery-1\"><img loading=\"lazy\" decoding=\"async\" width=\"150\" height=\"150\" src=\"https:\/\/www.arquimaster.com.ar\/web\/wp-content\/uploads\/2018\/09\/espacio20_casafoa2018_2-150x150.jpg\" class=\"attachment-thumbnail size-thumbnail\" alt=\"\" aria-describedby=\"gallery-1-31830\" srcset=\"https:\/\/www.arquimaster.com.ar\/web\/wp-content\/uploads\/2018\/09\/espacio20_casafoa2018_2-150x150.jpg 150w, https:\/\/www.arquimaster.com.ar\/web\/wp-content\/uploads\/2018\/09\/espacio20_casafoa2018_2-50x50.jpg 50w, https:\/\/www.arquimaster.com.ar\/web\/wp-content\/uploads\/2018\/09\/espacio20_casafoa2018_2-125x125.jpg 125w\" sizes=\"auto, (max-width: 150px) 100vw, 150px\" \/><\/a>\n\t\t\t<\/div>\n\t\t\t\t<figcaption class='wp-caption-text gallery-caption' id='gallery-1-31830'>\n\t\t\t\tHabitart Comedor diario (Espacio 20 \/ Casa FOA 2018) \/ Romano Lorenzi, Martin Danna, Gatsch Becerra, Caceres Diaz\n\t\t\t\t<\/figcaption><\/figure><figure class='gallery-item'>\n\t\t\t<div class='gallery-icon portrait'>\n\t\t\t\t<a href='https:\/\/www.arquimaster.com.ar\/web\/wp-content\/uploads\/2018\/09\/espacio20_casafoa2018_3.jpg' title=\"Habitart Comedor diario (Espacio 20 \/ Casa FOA 2018) \/ Romano Lorenzi, Martin Danna, Gatsch Becerra, Caceres Diaz\" data-rl_title=\"Habitart Comedor diario (Espacio 20 \/ Casa FOA 2018) \/ Romano Lorenzi, Martin Danna, Gatsch Becerra, Caceres Diaz\" class=\"rl-gallery-link\" data-rl_caption=\"Habitart Comedor diario (Espacio 20 \/ Casa FOA 2018) \/ Romano Lorenzi, Martin Danna, Gatsch Becerra, Caceres Diaz\" data-rel=\"lightbox-gallery-1\"><img loading=\"lazy\" decoding=\"async\" width=\"150\" height=\"150\" src=\"https:\/\/www.arquimaster.com.ar\/web\/wp-content\/uploads\/2018\/09\/espacio20_casafoa2018_3-150x150.jpg\" class=\"attachment-thumbnail size-thumbnail\" alt=\"\" aria-describedby=\"gallery-1-31831\" srcset=\"https:\/\/www.arquimaster.com.ar\/web\/wp-content\/uploads\/2018\/09\/espacio20_casafoa2018_3-150x150.jpg 150w, https:\/\/www.arquimaster.com.ar\/web\/wp-content\/uploads\/2018\/09\/espacio20_casafoa2018_3-50x50.jpg 50w, https:\/\/www.arquimaster.com.ar\/web\/wp-content\/uploads\/2018\/09\/espacio20_casafoa2018_3-125x125.jpg 125w\" sizes=\"auto, (max-width: 150px) 100vw, 150px\" \/><\/a>\n\t\t\t<\/div>\n\t\t\t\t<figcaption class='wp-caption-text gallery-caption' id='gallery-1-31831'>\n\t\t\t\tHabitart Comedor diario (Espacio 20 \/ Casa FOA 2018) \/ Romano Lorenzi, Martin Danna, Gatsch Becerra, Caceres Diaz\n\t\t\t\t<\/figcaption><\/figure><figure class='gallery-item'>\n\t\t\t<div class='gallery-icon portrait'>\n\t\t\t\t<a href='https:\/\/www.arquimaster.com.ar\/web\/wp-content\/uploads\/2018\/09\/espacio20_casafoa2018_4.jpg' title=\"Habitart Comedor diario (Espacio 20 \/ Casa FOA 2018) \/ Romano Lorenzi, Martin Danna, Gatsch Becerra, Caceres Diaz\" data-rl_title=\"Habitart Comedor diario (Espacio 20 \/ Casa FOA 2018) \/ Romano Lorenzi, Martin Danna, Gatsch Becerra, Caceres Diaz\" class=\"rl-gallery-link\" data-rl_caption=\"Habitart Comedor diario (Espacio 20 \/ Casa FOA 2018) \/ Romano Lorenzi, Martin Danna, Gatsch Becerra, Caceres Diaz\" data-rel=\"lightbox-gallery-1\"><img loading=\"lazy\" decoding=\"async\" width=\"150\" height=\"150\" src=\"https:\/\/www.arquimaster.com.ar\/web\/wp-content\/uploads\/2018\/09\/espacio20_casafoa2018_4-150x150.jpg\" class=\"attachment-thumbnail size-thumbnail\" alt=\"\" aria-describedby=\"gallery-1-31832\" srcset=\"https:\/\/www.arquimaster.com.ar\/web\/wp-content\/uploads\/2018\/09\/espacio20_casafoa2018_4-150x150.jpg 150w, https:\/\/www.arquimaster.com.ar\/web\/wp-content\/uploads\/2018\/09\/espacio20_casafoa2018_4-50x50.jpg 50w, https:\/\/www.arquimaster.com.ar\/web\/wp-content\/uploads\/2018\/09\/espacio20_casafoa2018_4-125x125.jpg 125w\" sizes=\"auto, (max-width: 150px) 100vw, 150px\" \/><\/a>\n\t\t\t<\/div>\n\t\t\t\t<figcaption class='wp-caption-text gallery-caption' id='gallery-1-31832'>\n\t\t\t\tHabitart Comedor diario (Espacio 20 \/ Casa FOA 2018) \/ Romano Lorenzi, Martin Danna, Gatsch Becerra, Caceres Diaz\n\t\t\t\t<\/figcaption><\/figure><figure class='gallery-item'>\n\t\t\t<div class='gallery-icon portrait'>\n\t\t\t\t<a href='https:\/\/www.arquimaster.com.ar\/web\/wp-content\/uploads\/2018\/09\/espacio20_casafoa2018_5.jpg' title=\"Habitart Comedor diario (Espacio 20 \/ Casa FOA 2018) \/ Romano Lorenzi, Martin Danna, Gatsch Becerra, Caceres Diaz\" data-rl_title=\"Habitart Comedor diario (Espacio 20 \/ Casa FOA 2018) \/ Romano Lorenzi, Martin Danna, Gatsch Becerra, Caceres Diaz\" class=\"rl-gallery-link\" data-rl_caption=\"Habitart Comedor diario (Espacio 20 \/ Casa FOA 2018) \/ Romano Lorenzi, Martin Danna, Gatsch Becerra, Caceres Diaz\" data-rel=\"lightbox-gallery-1\"><img loading=\"lazy\" decoding=\"async\" width=\"150\" height=\"150\" src=\"https:\/\/www.arquimaster.com.ar\/web\/wp-content\/uploads\/2018\/09\/espacio20_casafoa2018_5-150x150.jpg\" class=\"attachment-thumbnail size-thumbnail\" alt=\"\" aria-describedby=\"gallery-1-31833\" srcset=\"https:\/\/www.arquimaster.com.ar\/web\/wp-content\/uploads\/2018\/09\/espacio20_casafoa2018_5-150x150.jpg 150w, https:\/\/www.arquimaster.com.ar\/web\/wp-content\/uploads\/2018\/09\/espacio20_casafoa2018_5-50x50.jpg 50w, https:\/\/www.arquimaster.com.ar\/web\/wp-content\/uploads\/2018\/09\/espacio20_casafoa2018_5-125x125.jpg 125w\" sizes=\"auto, (max-width: 150px) 100vw, 150px\" \/><\/a>\n\t\t\t<\/div>\n\t\t\t\t<figcaption class='wp-caption-text gallery-caption' id='gallery-1-31833'>\n\t\t\t\tHabitart Comedor diario (Espacio 20 \/ Casa FOA 2018) \/ Romano Lorenzi, Martin Danna, Gatsch Becerra, Caceres Diaz\n\t\t\t\t<\/figcaption><\/figure><figure class='gallery-item'>\n\t\t\t<div class='gallery-icon landscape'>\n\t\t\t\t<a href='https:\/\/www.arquimaster.com.ar\/web\/wp-content\/uploads\/2018\/09\/espacio20_casafoa2018_6.jpg' title=\"Habitart Comedor diario (Espacio 20 \/ Casa FOA 2018) \/ Romano Lorenzi, Martin Danna, Gatsch Becerra, Caceres Diaz\" data-rl_title=\"Habitart Comedor diario (Espacio 20 \/ Casa FOA 2018) \/ Romano Lorenzi, Martin Danna, Gatsch Becerra, Caceres Diaz\" class=\"rl-gallery-link\" data-rl_caption=\"Habitart Comedor diario (Espacio 20 \/ Casa FOA 2018) \/ Romano Lorenzi, Martin Danna, Gatsch Becerra, Caceres Diaz\" data-rel=\"lightbox-gallery-1\"><img loading=\"lazy\" decoding=\"async\" width=\"150\" height=\"150\" src=\"https:\/\/www.arquimaster.com.ar\/web\/wp-content\/uploads\/2018\/09\/espacio20_casafoa2018_6-150x150.jpg\" class=\"attachment-thumbnail size-thumbnail\" alt=\"\" aria-describedby=\"gallery-1-31834\" srcset=\"https:\/\/www.arquimaster.com.ar\/web\/wp-content\/uploads\/2018\/09\/espacio20_casafoa2018_6-150x150.jpg 150w, https:\/\/www.arquimaster.com.ar\/web\/wp-content\/uploads\/2018\/09\/espacio20_casafoa2018_6-50x50.jpg 50w, https:\/\/www.arquimaster.com.ar\/web\/wp-content\/uploads\/2018\/09\/espacio20_casafoa2018_6-125x125.jpg 125w\" sizes=\"auto, (max-width: 150px) 100vw, 150px\" \/><\/a>\n\t\t\t<\/div>\n\t\t\t\t<figcaption class='wp-caption-text gallery-caption' id='gallery-1-31834'>\n\t\t\t\tHabitart Comedor diario (Espacio 20 \/ Casa FOA 2018) \/ Romano Lorenzi, Martin Danna, Gatsch Becerra, Caceres Diaz\n\t\t\t\t<\/figcaption><\/figure><figure class='gallery-item'>\n\t\t\t<div class='gallery-icon portrait'>\n\t\t\t\t<a href='https:\/\/www.arquimaster.com.ar\/web\/wp-content\/uploads\/2018\/09\/espacio20_casafoa2018_7.jpg' title=\"Habitart Comedor diario (Espacio 20 \/ Casa FOA 2018) \/ Romano Lorenzi, Martin Danna, Gatsch Becerra, Caceres Diaz\" data-rl_title=\"Habitart Comedor diario (Espacio 20 \/ Casa FOA 2018) \/ Romano Lorenzi, Martin Danna, Gatsch Becerra, Caceres Diaz\" class=\"rl-gallery-link\" data-rl_caption=\"Habitart Comedor diario (Espacio 20 \/ Casa FOA 2018) \/ Romano Lorenzi, Martin Danna, Gatsch Becerra, Caceres Diaz\" data-rel=\"lightbox-gallery-1\"><img loading=\"lazy\" decoding=\"async\" width=\"150\" height=\"150\" src=\"https:\/\/www.arquimaster.com.ar\/web\/wp-content\/uploads\/2018\/09\/espacio20_casafoa2018_7-150x150.jpg\" class=\"attachment-thumbnail size-thumbnail\" alt=\"\" aria-describedby=\"gallery-1-31835\" srcset=\"https:\/\/www.arquimaster.com.ar\/web\/wp-content\/uploads\/2018\/09\/espacio20_casafoa2018_7-150x150.jpg 150w, https:\/\/www.arquimaster.com.ar\/web\/wp-content\/uploads\/2018\/09\/espacio20_casafoa2018_7-50x50.jpg 50w, https:\/\/www.arquimaster.com.ar\/web\/wp-content\/uploads\/2018\/09\/espacio20_casafoa2018_7-125x125.jpg 125w\" sizes=\"auto, (max-width: 150px) 100vw, 150px\" \/><\/a>\n\t\t\t<\/div>\n\t\t\t\t<figcaption class='wp-caption-text gallery-caption' id='gallery-1-31835'>\n\t\t\t\tHabitart Comedor diario (Espacio 20 \/ Casa FOA 2018) \/ Romano Lorenzi, Martin Danna, Gatsch Becerra, Caceres Diaz\n\t\t\t\t<\/figcaption><\/figure><figure class='gallery-item'>\n\t\t\t<div class='gallery-icon landscape'>\n\t\t\t\t<a href='https:\/\/www.arquimaster.com.ar\/web\/wp-content\/uploads\/2018\/09\/espacio20_casafoa2018_8.jpg' title=\"Habitart Comedor diario (Espacio 20 \/ Casa FOA 2018) \/ Romano Lorenzi, Martin Danna, Gatsch Becerra, Caceres Diaz\" data-rl_title=\"Habitart Comedor diario (Espacio 20 \/ Casa FOA 2018) \/ Romano Lorenzi, Martin Danna, Gatsch Becerra, Caceres Diaz\" class=\"rl-gallery-link\" data-rl_caption=\"Habitart Comedor diario (Espacio 20 \/ Casa FOA 2018) \/ Romano Lorenzi, Martin Danna, Gatsch Becerra, Caceres Diaz\" data-rel=\"lightbox-gallery-1\"><img loading=\"lazy\" decoding=\"async\" width=\"150\" height=\"150\" src=\"https:\/\/www.arquimaster.com.ar\/web\/wp-content\/uploads\/2018\/09\/espacio20_casafoa2018_8-150x150.jpg\" class=\"attachment-thumbnail size-thumbnail\" alt=\"\" aria-describedby=\"gallery-1-31836\" srcset=\"https:\/\/www.arquimaster.com.ar\/web\/wp-content\/uploads\/2018\/09\/espacio20_casafoa2018_8-150x150.jpg 150w, https:\/\/www.arquimaster.com.ar\/web\/wp-content\/uploads\/2018\/09\/espacio20_casafoa2018_8-50x50.jpg 50w, https:\/\/www.arquimaster.com.ar\/web\/wp-content\/uploads\/2018\/09\/espacio20_casafoa2018_8-125x125.jpg 125w\" sizes=\"auto, (max-width: 150px) 100vw, 150px\" \/><\/a>\n\t\t\t<\/div>\n\t\t\t\t<figcaption class='wp-caption-text gallery-caption' id='gallery-1-31836'>\n\t\t\t\tHabitart Comedor diario (Espacio 20 \/ Casa FOA 2018) \/ Romano Lorenzi, Martin Danna, Gatsch Becerra, Caceres Diaz\n\t\t\t\t<\/figcaption><\/figure><figure class='gallery-item'>\n\t\t\t<div class='gallery-icon landscape'>\n\t\t\t\t<a href='https:\/\/www.arquimaster.com.ar\/web\/wp-content\/uploads\/2018\/09\/espacio20_casafoa2018_9.jpg' title=\"Habitart Comedor diario (Espacio 20 \/ Casa FOA 2018) \/ Romano Lorenzi, Martin Danna, Gatsch Becerra, Caceres Diaz\" data-rl_title=\"Habitart Comedor diario (Espacio 20 \/ Casa FOA 2018) \/ Romano Lorenzi, Martin Danna, Gatsch Becerra, Caceres Diaz\" class=\"rl-gallery-link\" data-rl_caption=\"Habitart Comedor diario (Espacio 20 \/ Casa FOA 2018) \/ Romano Lorenzi, Martin Danna, Gatsch Becerra, Caceres Diaz\" data-rel=\"lightbox-gallery-1\"><img loading=\"lazy\" decoding=\"async\" width=\"150\" height=\"150\" src=\"https:\/\/www.arquimaster.com.ar\/web\/wp-content\/uploads\/2018\/09\/espacio20_casafoa2018_9-150x150.jpg\" class=\"attachment-thumbnail size-thumbnail\" alt=\"\" aria-describedby=\"gallery-1-31837\" srcset=\"https:\/\/www.arquimaster.com.ar\/web\/wp-content\/uploads\/2018\/09\/espacio20_casafoa2018_9-150x150.jpg 150w, https:\/\/www.arquimaster.com.ar\/web\/wp-content\/uploads\/2018\/09\/espacio20_casafoa2018_9-50x50.jpg 50w, https:\/\/www.arquimaster.com.ar\/web\/wp-content\/uploads\/2018\/09\/espacio20_casafoa2018_9-125x125.jpg 125w\" sizes=\"auto, (max-width: 150px) 100vw, 150px\" \/><\/a>\n\t\t\t<\/div>\n\t\t\t\t<figcaption class='wp-caption-text gallery-caption' id='gallery-1-31837'>\n\t\t\t\tHabitart Comedor diario (Espacio 20 \/ Casa FOA 2018) \/ Romano Lorenzi, Martin Danna, Gatsch Becerra, Caceres Diaz\n\t\t\t\t<\/figcaption><\/figure>\n\t\t<\/div>\n\n<p>El triclinio funcionaba como sitio de entretenimiento y ostento, por lo que estaban altamente decorados con frescos y bajorrelieves, tem\u00e1ticas de naturaleza muerta y representaciones divinas. El comedor era un espacio art\u00edstico.<\/p>\n<p>Rescatando algunos conceptos esenciales, tales como: la unidad espacial y funcional, espacio acogedor y c\u00f3modo, y la importancia de la belleza, es que nace Habitart Comedor Diario. Es una reinvenci\u00f3n espacial que une caracter\u00edsticas ancestrales con las necesidades actuales de la familia contempor\u00e1nea. Hoy en d\u00eda el comedor es un espacio multi-funci\u00f3n donde se desarrollan actividades tales como cocinar, comer, estudiar, hacer la tarea, guardar cosas, etc. Habitart busca resolver estas cuestiones en el espacio.<\/p>\n<div id='gallery-2' class='gallery galleryid-31828 gallery-columns-3 gallery-size-thumbnail'><figure class='gallery-item'>\n\t\t\t<div class='gallery-icon landscape'>\n\t\t\t\t<a href='https:\/\/www.arquimaster.com.ar\/web\/wp-content\/uploads\/2018\/09\/espacio20_casafoa2018_10.jpg' title=\"Habitart Comedor diario (Espacio 20 \/ Casa FOA 2018) \/ Romano Lorenzi, Martin Danna, Gatsch Becerra, Caceres Diaz (\u00a9 Casa FOA)\" data-rl_title=\"Habitart Comedor diario (Espacio 20 \/ Casa FOA 2018) \/ Romano Lorenzi, Martin Danna, Gatsch Becerra, Caceres Diaz (\u00a9 Casa FOA)\" class=\"rl-gallery-link\" data-rl_caption=\"Habitart Comedor diario (Espacio 20 \/ Casa FOA 2018) \/ Romano Lorenzi, Martin Danna, Gatsch Becerra, Caceres Diaz (\u00a9 Casa FOA)\" data-rel=\"lightbox-gallery-2\"><img loading=\"lazy\" decoding=\"async\" width=\"150\" height=\"150\" src=\"https:\/\/www.arquimaster.com.ar\/web\/wp-content\/uploads\/2018\/09\/espacio20_casafoa2018_10-150x150.jpg\" class=\"attachment-thumbnail size-thumbnail\" alt=\"\" aria-describedby=\"gallery-2-31838\" srcset=\"https:\/\/www.arquimaster.com.ar\/web\/wp-content\/uploads\/2018\/09\/espacio20_casafoa2018_10-150x150.jpg 150w, https:\/\/www.arquimaster.com.ar\/web\/wp-content\/uploads\/2018\/09\/espacio20_casafoa2018_10-50x50.jpg 50w, https:\/\/www.arquimaster.com.ar\/web\/wp-content\/uploads\/2018\/09\/espacio20_casafoa2018_10-125x125.jpg 125w\" sizes=\"auto, (max-width: 150px) 100vw, 150px\" \/><\/a>\n\t\t\t<\/div>\n\t\t\t\t<figcaption class='wp-caption-text gallery-caption' id='gallery-2-31838'>\n\t\t\t\tHabitart Comedor diario (Espacio 20 \/ Casa FOA 2018) \/ Romano Lorenzi, Martin Danna, Gatsch Becerra, Caceres Diaz (\u00a9 Casa FOA)\n\t\t\t\t<\/figcaption><\/figure><figure class='gallery-item'>\n\t\t\t<div class='gallery-icon landscape'>\n\t\t\t\t<a href='https:\/\/www.arquimaster.com.ar\/web\/wp-content\/uploads\/2018\/09\/espacio20_casafoa2018_11.jpg' title=\"Habitart Comedor diario (Espacio 20 \/ Casa FOA 2018) \/ Romano Lorenzi, Martin Danna, Gatsch Becerra, Caceres Diaz (\u00a9 Casa FOA)\" data-rl_title=\"Habitart Comedor diario (Espacio 20 \/ Casa FOA 2018) \/ Romano Lorenzi, Martin Danna, Gatsch Becerra, Caceres Diaz (\u00a9 Casa FOA)\" class=\"rl-gallery-link\" data-rl_caption=\"Habitart Comedor diario (Espacio 20 \/ Casa FOA 2018) \/ Romano Lorenzi, Martin Danna, Gatsch Becerra, Caceres Diaz (\u00a9 Casa FOA)\" data-rel=\"lightbox-gallery-2\"><img loading=\"lazy\" decoding=\"async\" width=\"150\" height=\"150\" src=\"https:\/\/www.arquimaster.com.ar\/web\/wp-content\/uploads\/2018\/09\/espacio20_casafoa2018_11-150x150.jpg\" class=\"attachment-thumbnail size-thumbnail\" alt=\"\" aria-describedby=\"gallery-2-31839\" srcset=\"https:\/\/www.arquimaster.com.ar\/web\/wp-content\/uploads\/2018\/09\/espacio20_casafoa2018_11-150x150.jpg 150w, https:\/\/www.arquimaster.com.ar\/web\/wp-content\/uploads\/2018\/09\/espacio20_casafoa2018_11-50x50.jpg 50w, https:\/\/www.arquimaster.com.ar\/web\/wp-content\/uploads\/2018\/09\/espacio20_casafoa2018_11-125x125.jpg 125w\" sizes=\"auto, (max-width: 150px) 100vw, 150px\" \/><\/a>\n\t\t\t<\/div>\n\t\t\t\t<figcaption class='wp-caption-text gallery-caption' id='gallery-2-31839'>\n\t\t\t\tHabitart Comedor diario (Espacio 20 \/ Casa FOA 2018) \/ Romano Lorenzi, Martin Danna, Gatsch Becerra, Caceres Diaz (\u00a9 Casa FOA)\n\t\t\t\t<\/figcaption><\/figure><figure class='gallery-item'>\n\t\t\t<div class='gallery-icon landscape'>\n\t\t\t\t<a href='https:\/\/www.arquimaster.com.ar\/web\/wp-content\/uploads\/2018\/09\/espacio20_casafoa2018_12.jpg' title=\"Habitart Comedor diario (Espacio 20 \/ Casa FOA 2018) \/ Romano Lorenzi, Martin Danna, Gatsch Becerra, Caceres Diaz (\u00a9 Casa FOA)\" data-rl_title=\"Habitart Comedor diario (Espacio 20 \/ Casa FOA 2018) \/ Romano Lorenzi, Martin Danna, Gatsch Becerra, Caceres Diaz (\u00a9 Casa FOA)\" class=\"rl-gallery-link\" data-rl_caption=\"Habitart Comedor diario (Espacio 20 \/ Casa FOA 2018) \/ Romano Lorenzi, Martin Danna, Gatsch Becerra, Caceres Diaz (\u00a9 Casa FOA)\" data-rel=\"lightbox-gallery-2\"><img loading=\"lazy\" decoding=\"async\" width=\"150\" height=\"150\" src=\"https:\/\/www.arquimaster.com.ar\/web\/wp-content\/uploads\/2018\/09\/espacio20_casafoa2018_12-150x150.jpg\" class=\"attachment-thumbnail size-thumbnail\" alt=\"\" aria-describedby=\"gallery-2-31840\" srcset=\"https:\/\/www.arquimaster.com.ar\/web\/wp-content\/uploads\/2018\/09\/espacio20_casafoa2018_12-150x150.jpg 150w, https:\/\/www.arquimaster.com.ar\/web\/wp-content\/uploads\/2018\/09\/espacio20_casafoa2018_12-50x50.jpg 50w, https:\/\/www.arquimaster.com.ar\/web\/wp-content\/uploads\/2018\/09\/espacio20_casafoa2018_12-125x125.jpg 125w\" sizes=\"auto, (max-width: 150px) 100vw, 150px\" \/><\/a>\n\t\t\t<\/div>\n\t\t\t\t<figcaption class='wp-caption-text gallery-caption' id='gallery-2-31840'>\n\t\t\t\tHabitart Comedor diario (Espacio 20 \/ Casa FOA 2018) \/ Romano Lorenzi, Martin Danna, Gatsch Becerra, Caceres Diaz (\u00a9 Casa FOA)\n\t\t\t\t<\/figcaption><\/figure><figure class='gallery-item'>\n\t\t\t<div class='gallery-icon portrait'>\n\t\t\t\t<a href='https:\/\/www.arquimaster.com.ar\/web\/wp-content\/uploads\/2018\/09\/espacio20_casafoa2018_13.jpg' title=\"Habitart Comedor diario (Espacio 20 \/ Casa FOA 2018) \/ Romano Lorenzi, Martin Danna, Gatsch Becerra, Caceres Diaz\" data-rl_title=\"Habitart Comedor diario (Espacio 20 \/ Casa FOA 2018) \/ Romano Lorenzi, Martin Danna, Gatsch Becerra, Caceres Diaz\" class=\"rl-gallery-link\" data-rl_caption=\"Habitart Comedor diario (Espacio 20 \/ Casa FOA 2018) \/ Romano Lorenzi, Martin Danna, Gatsch Becerra, Caceres Diaz\" data-rel=\"lightbox-gallery-2\"><img loading=\"lazy\" decoding=\"async\" width=\"150\" height=\"150\" src=\"https:\/\/www.arquimaster.com.ar\/web\/wp-content\/uploads\/2018\/09\/espacio20_casafoa2018_13-150x150.jpg\" class=\"attachment-thumbnail size-thumbnail\" alt=\"\" aria-describedby=\"gallery-2-31841\" srcset=\"https:\/\/www.arquimaster.com.ar\/web\/wp-content\/uploads\/2018\/09\/espacio20_casafoa2018_13-150x150.jpg 150w, https:\/\/www.arquimaster.com.ar\/web\/wp-content\/uploads\/2018\/09\/espacio20_casafoa2018_13-50x50.jpg 50w, https:\/\/www.arquimaster.com.ar\/web\/wp-content\/uploads\/2018\/09\/espacio20_casafoa2018_13-125x125.jpg 125w\" sizes=\"auto, (max-width: 150px) 100vw, 150px\" \/><\/a>\n\t\t\t<\/div>\n\t\t\t\t<figcaption class='wp-caption-text gallery-caption' id='gallery-2-31841'>\n\t\t\t\tHabitart Comedor diario (Espacio 20 \/ Casa FOA 2018) \/ Romano Lorenzi, Martin Danna, Gatsch Becerra, Caceres Diaz\n\t\t\t\t<\/figcaption><\/figure><figure class='gallery-item'>\n\t\t\t<div class='gallery-icon portrait'>\n\t\t\t\t<a href='https:\/\/www.arquimaster.com.ar\/web\/wp-content\/uploads\/2018\/09\/espacio20_casafoa2018_14.jpg' title=\"Habitart Comedor diario (Espacio 20 \/ Casa FOA 2018) \/ Romano Lorenzi, Martin Danna, Gatsch Becerra, Caceres Diaz\" data-rl_title=\"Habitart Comedor diario (Espacio 20 \/ Casa FOA 2018) \/ Romano Lorenzi, Martin Danna, Gatsch Becerra, Caceres Diaz\" class=\"rl-gallery-link\" data-rl_caption=\"Habitart Comedor diario (Espacio 20 \/ Casa FOA 2018) \/ Romano Lorenzi, Martin Danna, Gatsch Becerra, Caceres Diaz\" data-rel=\"lightbox-gallery-2\"><img loading=\"lazy\" decoding=\"async\" width=\"150\" height=\"150\" src=\"https:\/\/www.arquimaster.com.ar\/web\/wp-content\/uploads\/2018\/09\/espacio20_casafoa2018_14-150x150.jpg\" class=\"attachment-thumbnail size-thumbnail\" alt=\"\" aria-describedby=\"gallery-2-31842\" srcset=\"https:\/\/www.arquimaster.com.ar\/web\/wp-content\/uploads\/2018\/09\/espacio20_casafoa2018_14-150x150.jpg 150w, https:\/\/www.arquimaster.com.ar\/web\/wp-content\/uploads\/2018\/09\/espacio20_casafoa2018_14-50x50.jpg 50w, https:\/\/www.arquimaster.com.ar\/web\/wp-content\/uploads\/2018\/09\/espacio20_casafoa2018_14-125x125.jpg 125w\" sizes=\"auto, (max-width: 150px) 100vw, 150px\" \/><\/a>\n\t\t\t<\/div>\n\t\t\t\t<figcaption class='wp-caption-text gallery-caption' id='gallery-2-31842'>\n\t\t\t\tHabitart Comedor diario (Espacio 20 \/ Casa FOA 2018) \/ Romano Lorenzi, Martin Danna, Gatsch Becerra, Caceres Diaz\n\t\t\t\t<\/figcaption><\/figure><figure class='gallery-item'>\n\t\t\t<div class='gallery-icon landscape'>\n\t\t\t\t<a href='https:\/\/www.arquimaster.com.ar\/web\/wp-content\/uploads\/2018\/09\/espacio20_casafoa2018_15.jpg' title=\"Habitart Comedor diario (Espacio 20 \/ Casa FOA 2018) \/ Romano Lorenzi, Martin Danna, Gatsch Becerra, Caceres Diaz\" data-rl_title=\"Habitart Comedor diario (Espacio 20 \/ Casa FOA 2018) \/ Romano Lorenzi, Martin Danna, Gatsch Becerra, Caceres Diaz\" class=\"rl-gallery-link\" data-rl_caption=\"Habitart Comedor diario (Espacio 20 \/ Casa FOA 2018) \/ Romano Lorenzi, Martin Danna, Gatsch Becerra, Caceres Diaz\" data-rel=\"lightbox-gallery-2\"><img loading=\"lazy\" decoding=\"async\" width=\"150\" height=\"150\" src=\"https:\/\/www.arquimaster.com.ar\/web\/wp-content\/uploads\/2018\/09\/espacio20_casafoa2018_15-150x150.jpg\" class=\"attachment-thumbnail size-thumbnail\" alt=\"\" aria-describedby=\"gallery-2-31843\" srcset=\"https:\/\/www.arquimaster.com.ar\/web\/wp-content\/uploads\/2018\/09\/espacio20_casafoa2018_15-150x150.jpg 150w, https:\/\/www.arquimaster.com.ar\/web\/wp-content\/uploads\/2018\/09\/espacio20_casafoa2018_15-50x50.jpg 50w, https:\/\/www.arquimaster.com.ar\/web\/wp-content\/uploads\/2018\/09\/espacio20_casafoa2018_15-125x125.jpg 125w\" sizes=\"auto, (max-width: 150px) 100vw, 150px\" \/><\/a>\n\t\t\t<\/div>\n\t\t\t\t<figcaption class='wp-caption-text gallery-caption' id='gallery-2-31843'>\n\t\t\t\tHabitart Comedor diario (Espacio 20 \/ Casa FOA 2018) \/ Romano Lorenzi, Martin Danna, Gatsch Becerra, Caceres Diaz\n\t\t\t\t<\/figcaption><\/figure><figure class='gallery-item'>\n\t\t\t<div class='gallery-icon portrait'>\n\t\t\t\t<a href='https:\/\/www.arquimaster.com.ar\/web\/wp-content\/uploads\/2018\/09\/espacio20_casafoa2018_16.jpg' title=\"Habitart Comedor diario (Espacio 20 \/ Casa FOA 2018) \/ Romano Lorenzi, Martin Danna, Gatsch Becerra, Caceres Diaz\" data-rl_title=\"Habitart Comedor diario (Espacio 20 \/ Casa FOA 2018) \/ Romano Lorenzi, Martin Danna, Gatsch Becerra, Caceres Diaz\" class=\"rl-gallery-link\" data-rl_caption=\"Habitart Comedor diario (Espacio 20 \/ Casa FOA 2018) \/ Romano Lorenzi, Martin Danna, Gatsch Becerra, Caceres Diaz\" data-rel=\"lightbox-gallery-2\"><img loading=\"lazy\" decoding=\"async\" width=\"150\" height=\"150\" src=\"https:\/\/www.arquimaster.com.ar\/web\/wp-content\/uploads\/2018\/09\/espacio20_casafoa2018_16-150x150.jpg\" class=\"attachment-thumbnail size-thumbnail\" alt=\"\" aria-describedby=\"gallery-2-31844\" srcset=\"https:\/\/www.arquimaster.com.ar\/web\/wp-content\/uploads\/2018\/09\/espacio20_casafoa2018_16-150x150.jpg 150w, https:\/\/www.arquimaster.com.ar\/web\/wp-content\/uploads\/2018\/09\/espacio20_casafoa2018_16-50x50.jpg 50w, https:\/\/www.arquimaster.com.ar\/web\/wp-content\/uploads\/2018\/09\/espacio20_casafoa2018_16-125x125.jpg 125w\" sizes=\"auto, (max-width: 150px) 100vw, 150px\" \/><\/a>\n\t\t\t<\/div>\n\t\t\t\t<figcaption class='wp-caption-text gallery-caption' id='gallery-2-31844'>\n\t\t\t\tHabitart Comedor diario (Espacio 20 \/ Casa FOA 2018) \/ Romano Lorenzi, Martin Danna, Gatsch Becerra, Caceres Diaz\n\t\t\t\t<\/figcaption><\/figure><figure class='gallery-item'>\n\t\t\t<div class='gallery-icon portrait'>\n\t\t\t\t<a href='https:\/\/www.arquimaster.com.ar\/web\/wp-content\/uploads\/2018\/09\/espacio20_casafoa2018_17.jpg' title=\"Habitart Comedor diario (Espacio 20 \/ Casa FOA 2018) \/ Romano Lorenzi, Martin Danna, Gatsch Becerra, Caceres Diaz\" data-rl_title=\"Habitart Comedor diario (Espacio 20 \/ Casa FOA 2018) \/ Romano Lorenzi, Martin Danna, Gatsch Becerra, Caceres Diaz\" class=\"rl-gallery-link\" data-rl_caption=\"Habitart Comedor diario (Espacio 20 \/ Casa FOA 2018) \/ Romano Lorenzi, Martin Danna, Gatsch Becerra, Caceres Diaz\" data-rel=\"lightbox-gallery-2\"><img loading=\"lazy\" decoding=\"async\" width=\"150\" height=\"150\" src=\"https:\/\/www.arquimaster.com.ar\/web\/wp-content\/uploads\/2018\/09\/espacio20_casafoa2018_17-150x150.jpg\" class=\"attachment-thumbnail size-thumbnail\" alt=\"\" aria-describedby=\"gallery-2-31845\" srcset=\"https:\/\/www.arquimaster.com.ar\/web\/wp-content\/uploads\/2018\/09\/espacio20_casafoa2018_17-150x150.jpg 150w, https:\/\/www.arquimaster.com.ar\/web\/wp-content\/uploads\/2018\/09\/espacio20_casafoa2018_17-50x50.jpg 50w, https:\/\/www.arquimaster.com.ar\/web\/wp-content\/uploads\/2018\/09\/espacio20_casafoa2018_17-125x125.jpg 125w\" sizes=\"auto, (max-width: 150px) 100vw, 150px\" \/><\/a>\n\t\t\t<\/div>\n\t\t\t\t<figcaption class='wp-caption-text gallery-caption' id='gallery-2-31845'>\n\t\t\t\tHabitart Comedor diario (Espacio 20 \/ Casa FOA 2018) \/ Romano Lorenzi, Martin Danna, Gatsch Becerra, Caceres Diaz\n\t\t\t\t<\/figcaption><\/figure><figure class='gallery-item'>\n\t\t\t<div class='gallery-icon portrait'>\n\t\t\t\t<a href='https:\/\/www.arquimaster.com.ar\/web\/wp-content\/uploads\/2018\/09\/espacio20_casafoa2018_18.jpg' title=\"Habitart Comedor diario (Espacio 20 \/ Casa FOA 2018) \/ Romano Lorenzi, Martin Danna, Gatsch Becerra, Caceres Diaz\" data-rl_title=\"Habitart Comedor diario (Espacio 20 \/ Casa FOA 2018) \/ Romano Lorenzi, Martin Danna, Gatsch Becerra, Caceres Diaz\" class=\"rl-gallery-link\" data-rl_caption=\"Habitart Comedor diario (Espacio 20 \/ Casa FOA 2018) \/ Romano Lorenzi, Martin Danna, Gatsch Becerra, Caceres Diaz\" data-rel=\"lightbox-gallery-2\"><img loading=\"lazy\" decoding=\"async\" width=\"150\" height=\"150\" src=\"https:\/\/www.arquimaster.com.ar\/web\/wp-content\/uploads\/2018\/09\/espacio20_casafoa2018_18-150x150.jpg\" class=\"attachment-thumbnail size-thumbnail\" alt=\"\" aria-describedby=\"gallery-2-31846\" srcset=\"https:\/\/www.arquimaster.com.ar\/web\/wp-content\/uploads\/2018\/09\/espacio20_casafoa2018_18-150x150.jpg 150w, https:\/\/www.arquimaster.com.ar\/web\/wp-content\/uploads\/2018\/09\/espacio20_casafoa2018_18-50x50.jpg 50w, https:\/\/www.arquimaster.com.ar\/web\/wp-content\/uploads\/2018\/09\/espacio20_casafoa2018_18-125x125.jpg 125w\" sizes=\"auto, (max-width: 150px) 100vw, 150px\" \/><\/a>\n\t\t\t<\/div>\n\t\t\t\t<figcaption class='wp-caption-text gallery-caption' id='gallery-2-31846'>\n\t\t\t\tHabitart Comedor diario (Espacio 20 \/ Casa FOA 2018) \/ Romano Lorenzi, Martin Danna, Gatsch Becerra, Caceres Diaz\n\t\t\t\t<\/figcaption><\/figure><figure class='gallery-item'>\n\t\t\t<div class='gallery-icon portrait'>\n\t\t\t\t<a href='https:\/\/www.arquimaster.com.ar\/web\/wp-content\/uploads\/2018\/09\/espacio20_casafoa2018_19.jpg' title=\"Habitart Comedor diario (Espacio 20 \/ Casa FOA 2018) \/ Romano Lorenzi, Martin Danna, Gatsch Becerra, Caceres Diaz\" data-rl_title=\"Habitart Comedor diario (Espacio 20 \/ Casa FOA 2018) \/ Romano Lorenzi, Martin Danna, Gatsch Becerra, Caceres Diaz\" class=\"rl-gallery-link\" data-rl_caption=\"Habitart Comedor diario (Espacio 20 \/ Casa FOA 2018) \/ Romano Lorenzi, Martin Danna, Gatsch Becerra, Caceres Diaz\" data-rel=\"lightbox-gallery-2\"><img loading=\"lazy\" decoding=\"async\" width=\"150\" height=\"150\" src=\"https:\/\/www.arquimaster.com.ar\/web\/wp-content\/uploads\/2018\/09\/espacio20_casafoa2018_19-150x150.jpg\" class=\"attachment-thumbnail size-thumbnail\" alt=\"\" aria-describedby=\"gallery-2-31847\" srcset=\"https:\/\/www.arquimaster.com.ar\/web\/wp-content\/uploads\/2018\/09\/espacio20_casafoa2018_19-150x150.jpg 150w, https:\/\/www.arquimaster.com.ar\/web\/wp-content\/uploads\/2018\/09\/espacio20_casafoa2018_19-50x50.jpg 50w, https:\/\/www.arquimaster.com.ar\/web\/wp-content\/uploads\/2018\/09\/espacio20_casafoa2018_19-125x125.jpg 125w\" sizes=\"auto, (max-width: 150px) 100vw, 150px\" \/><\/a>\n\t\t\t<\/div>\n\t\t\t\t<figcaption class='wp-caption-text gallery-caption' id='gallery-2-31847'>\n\t\t\t\tHabitart Comedor diario (Espacio 20 \/ Casa FOA 2018) \/ Romano Lorenzi, Martin Danna, Gatsch Becerra, Caceres Diaz\n\t\t\t\t<\/figcaption><\/figure>\n\t\t<\/div>\n\n<p>Se crea un mueble que es piso, pared y mobiliario. La mesada va adaptando su altura en base a la tarea que se requiera, y se transforma en silla, que a la vez rodea la mesa. Es un nuevo triclinio, donde se hace \u00e9nfasis al confort y a la multi-funci\u00f3n. Adem\u00e1s se suma la intervenci\u00f3n del cielorraso \u00abcielo\u00bb.<\/p>\n<p>El espacio obtuvo los siguientes premios:<\/p>\n<p>Premio Beca de Arquitectura y Dise\u00f1o Interior Casa FOA 2018<\/p>\n<p><strong>Contacto<\/strong><br \/>\n@patioestudio<br \/>\n@espaciohabitart<\/p>\n<p><strong>Fotos<br \/>\n<\/strong>Pablo Danna<br \/>\nPrensa Casa FOA 2018<\/p>\n<p><strong>Plano de la muestra<\/strong><\/p>\n<div id='gallery-3' class='gallery galleryid-31828 gallery-columns-3 gallery-size-thumbnail'><figure class='gallery-item'>\n\t\t\t<div class='gallery-icon portrait'>\n\t\t\t\t<a href='https:\/\/www.arquimaster.com.ar\/web\/wp-content\/uploads\/2018\/09\/plano_casa_foa_2018.jpg' title=\"Casa FOA 2018 \/ Cassa Devoto\" data-rl_title=\"Casa FOA 2018 \/ Cassa Devoto\" class=\"rl-gallery-link\" data-rl_caption=\"Casa FOA 2018 \/ Cassa Devoto\" data-rel=\"lightbox-gallery-3\"><img loading=\"lazy\" decoding=\"async\" width=\"150\" height=\"150\" src=\"https:\/\/www.arquimaster.com.ar\/web\/wp-content\/uploads\/2018\/09\/plano_casa_foa_2018-150x150.jpg\" class=\"attachment-thumbnail size-thumbnail\" alt=\"\" aria-describedby=\"gallery-3-31322\" srcset=\"https:\/\/www.arquimaster.com.ar\/web\/wp-content\/uploads\/2018\/09\/plano_casa_foa_2018-150x150.jpg 150w, https:\/\/www.arquimaster.com.ar\/web\/wp-content\/uploads\/2018\/09\/plano_casa_foa_2018-50x50.jpg 50w, https:\/\/www.arquimaster.com.ar\/web\/wp-content\/uploads\/2018\/09\/plano_casa_foa_2018-125x125.jpg 125w\" sizes=\"auto, (max-width: 150px) 100vw, 150px\" \/><\/a>\n\t\t\t<\/div>\n\t\t\t\t<figcaption class='wp-caption-text gallery-caption' id='gallery-3-31322'>\n\t\t\t\tCasa FOA 2018 \/ Cassa Devoto\n\t\t\t\t<\/figcaption><\/figure>\n\t\t<\/div>\n\n<p><strong>Sponsors del espacio<\/strong><\/p>\n<p>Knauf<br \/>\nDekton<br \/>\nCanteras del Mundo<br \/>\nAtrim<br \/>\nAlba<\/p>\n<p>&nbsp;<\/p>\n<p><strong>Colaboradores<\/strong><\/p>\n<p>Patio Estudio<br \/>\nMaestre Iluminaci\u00f3n<br \/>\nSancho M\u00e1rmoles<br \/>\nQuiu<br \/>\nArauco Argentina SA<br \/>\nPaula Sarria<br \/>\nFaplac<br \/>\nSogna Dise\u00f1o Floral<\/p>\n<p>&nbsp;<\/p>\n<p><strong>Sobre Casa FOA 2018 \/ Cassa Devoto<\/strong><br \/>\nCasa FOA, la tradicional exposici\u00f3n nacional de arquitectura, dise\u00f1o interior, paisajismo e industria abrir\u00e1 sus puertas a partir del 21 de septiembre de 2018 y podr\u00e1 recorrerse hasta el 28 de octubre de 2018 en su nueva sede en el ex Convento Nuestra Se\u00f1ora de la Misericordia, ubicado en Pareja 3670, en el barrio de Devoto, Ciudad de Buenos Aires. Cassa Devoto es una joya arquitect\u00f3nica de m\u00e1s de 120 a\u00f1os, con 3000 metros cuadrados de claustros, patios y vegetaci\u00f3n que brindar\u00e1 los escenarios donde dise\u00f1adores y arquitectos desplegar\u00e1n toda su creatividad.<\/p>\n<p>La nueva sede abrir\u00e1 todos los d\u00edas de 12 a 20 horas y los viernes con Casa FOA Night hasta las 23 horas, los viernes a partir de las 19 horas se podr\u00e1 acceder con el beneficio de 2&#215;1. La entrada tendr\u00e1 un valor de $ 240 en boleter\u00eda y se podr\u00e1n adquirir entradas anticipadas a trav\u00e9s de la p\u00e1gina web de Casa FOA. Casa FOA ya es un \u00edcono de la arquitectura y el dise\u00f1o, tal es as\u00ed que este a\u00f1o, celebrando su edici\u00f3n N\u00ba 35, fue declarada de inter\u00e9s cultural de la Ciudad de Buenos Aires por la Legislatura Porte\u00f1a.<\/p>\n<p><strong>M\u00e1s informaci\u00f3n<\/strong><br \/>\n<a href=\"http:\/\/www.casafoa.com\" target=\"_blank\" rel=\"noopener\">http:\/\/www.casafoa.com<\/a><\/p>\n<p><iframe loading=\"lazy\" style=\"border: 0;\" src=\"https:\/\/www.google.com\/maps\/embed?pb=!1m14!1m8!1m3!1d13137.238640565682!2d-58.5089094!3d-34.5963304!3m2!1i1024!2i768!4f13.1!3m3!1m2!1s0x0%3A0xeebce17ff294ca1c!2sCasa+FOA+2018!5e0!3m2!1ses-419!2sar!4v1537461365962\" width=\"642\" height=\"350\" frameborder=\"0\" allowfullscreen=\"allowfullscreen\"><\/iframe><\/p>\n\n<div style=\"font-size: 0px; height: 0px; line-height: 0px; margin: 0; padding: 0; clear: both;\"><\/div><div style=\"margin-top: 0px; margin-bottom: 0px;\" class=\"sharethis-inline-share-buttons\" ><\/div>","protected":false},"excerpt":{"rendered":"<p>Reinvenci\u00f3n espacial que une caracter\u00edsticas ancestrales con las necesidades actuales&#8230;<\/p>\n","protected":false},"author":1,"featured_media":31848,"comment_status":"closed","ping_status":"closed","sticky":false,"template":"","format":"standard","meta":{"_uag_custom_page_level_css":"","footnotes":""},"categories":[4642,55],"tags":[4644,4687,2721,4685,4688,4686],"class_list":["post-31828","post","type-post","status-publish","format-standard","has-post-thumbnail","hentry","category-casa-foa-2018","category-diseno","tag-casa-foa-2018","tag-catalina-gatsch-becerra","tag-comedor-diario","tag-federico-romano-lorenzi","tag-maria-jose-caceres-diaz","tag-pablo-martin-danna","generate-columns","tablet-grid-50","mobile-grid-100","grid-parent","grid-50"],"yoast_head":"<!-- This site is optimized with the Yoast SEO plugin v27.3 - https:\/\/yoast.com\/product\/yoast-seo-wordpress\/ -->\n<title>Habitart Comedor diario (Espacio 20 \/ Casa FOA 2018) \/ Federico Romano Lorenzi, Pablo Martin Danna, Catalina Gatsch Becerra, Maria Jos\u00e9 Caceres Diaz - Arquimaster<\/title>\n<meta name=\"robots\" content=\"index, follow, max-snippet:-1, max-image-preview:large, max-video-preview:-1\" \/>\n<link rel=\"canonical\" href=\"https:\/\/www.arquimaster.com.ar\/web\/habitart-comedor-diario-espacio-20-casa-foa-2018-romano-lorenzi-martin-danna-gatsch-becerra-caceres-diaz\/\" \/>\n<meta property=\"og:locale\" content=\"es_ES\" \/>\n<meta property=\"og:type\" content=\"article\" \/>\n<meta property=\"og:title\" content=\"Habitart Comedor diario (Espacio 20 \/ Casa FOA 2018) \/ Federico Romano Lorenzi, Pablo Martin Danna, Catalina Gatsch Becerra, Maria Jos\u00e9 Caceres Diaz - Arquimaster\" \/>\n<meta property=\"og:description\" content=\"Reinvenci\u00f3n espacial que une caracter\u00edsticas ancestrales con las necesidades actuales...\" \/>\n<meta property=\"og:url\" content=\"https:\/\/www.arquimaster.com.ar\/web\/habitart-comedor-diario-espacio-20-casa-foa-2018-romano-lorenzi-martin-danna-gatsch-becerra-caceres-diaz\/\" \/>\n<meta property=\"og:site_name\" content=\"Arquimaster\" \/>\n<meta property=\"article:publisher\" content=\"http:\/\/www.facebook.com\/ARQUIMASTER.com.ar\" \/>\n<meta property=\"article:published_time\" content=\"2018-09-26T10:25:28+00:00\" \/>\n<meta property=\"article:modified_time\" content=\"2018-10-22T01:44:17+00:00\" \/>\n<meta property=\"og:image\" content=\"https:\/\/www.arquimaster.com.ar\/web\/wp-content\/uploads\/2018\/09\/espacio20_casafoa2018_slide.jpg\" \/>\n\t<meta property=\"og:image:width\" content=\"642\" \/>\n\t<meta property=\"og:image:height\" content=\"336\" \/>\n\t<meta property=\"og:image:type\" content=\"image\/jpeg\" \/>\n<meta name=\"author\" content=\"Arquimaster\" \/>\n<meta name=\"twitter:card\" content=\"summary_large_image\" \/>\n<meta name=\"twitter:creator\" content=\"@arquimaster\" \/>\n<meta name=\"twitter:site\" content=\"@arquimaster\" \/>\n<meta name=\"twitter:label1\" content=\"Escrito por\" \/>\n\t<meta name=\"twitter:data1\" content=\"Arquimaster\" \/>\n\t<meta name=\"twitter:label2\" content=\"Tiempo de lectura\" \/>\n\t<meta name=\"twitter:data2\" content=\"3 minutos\" \/>\n<script type=\"application\/ld+json\" class=\"yoast-schema-graph\">{\"@context\":\"https:\\\/\\\/schema.org\",\"@graph\":[{\"@type\":\"Article\",\"@id\":\"https:\\\/\\\/www.arquimaster.com.ar\\\/web\\\/habitart-comedor-diario-espacio-20-casa-foa-2018-romano-lorenzi-martin-danna-gatsch-becerra-caceres-diaz\\\/#article\",\"isPartOf\":{\"@id\":\"https:\\\/\\\/www.arquimaster.com.ar\\\/web\\\/habitart-comedor-diario-espacio-20-casa-foa-2018-romano-lorenzi-martin-danna-gatsch-becerra-caceres-diaz\\\/\"},\"author\":{\"name\":\"Arquimaster\",\"@id\":\"https:\\\/\\\/www.arquimaster.com.ar\\\/web\\\/#\\\/schema\\\/person\\\/359e9f7c00193fcde068e0dd2ceb0028\"},\"headline\":\"Habitart Comedor diario (Espacio 20 \\\/ Casa FOA 2018) \\\/ Federico Romano Lorenzi, Pablo Martin Danna, Catalina Gatsch Becerra, Maria Jos\u00e9 Caceres Diaz\",\"datePublished\":\"2018-09-26T10:25:28+00:00\",\"dateModified\":\"2018-10-22T01:44:17+00:00\",\"mainEntityOfPage\":{\"@id\":\"https:\\\/\\\/www.arquimaster.com.ar\\\/web\\\/habitart-comedor-diario-espacio-20-casa-foa-2018-romano-lorenzi-martin-danna-gatsch-becerra-caceres-diaz\\\/\"},\"wordCount\":607,\"publisher\":{\"@id\":\"https:\\\/\\\/www.arquimaster.com.ar\\\/web\\\/#organization\"},\"image\":{\"@id\":\"https:\\\/\\\/www.arquimaster.com.ar\\\/web\\\/habitart-comedor-diario-espacio-20-casa-foa-2018-romano-lorenzi-martin-danna-gatsch-becerra-caceres-diaz\\\/#primaryimage\"},\"thumbnailUrl\":\"https:\\\/\\\/www.arquimaster.com.ar\\\/web\\\/wp-content\\\/uploads\\\/2018\\\/09\\\/espacio20_casafoa2018_slide.jpg\",\"keywords\":[\"Casa FOA 2018\",\"Catalina Gatsch Becerra\",\"comedor diario\",\"Federico Romano Lorenzi\",\"Maria Jos\u00e9 Caceres Diaz\",\"Pablo Martin Danna\"],\"articleSection\":[\"Casa FOA 2018\",\"Dise\u00f1o\"],\"inLanguage\":\"es\"},{\"@type\":\"WebPage\",\"@id\":\"https:\\\/\\\/www.arquimaster.com.ar\\\/web\\\/habitart-comedor-diario-espacio-20-casa-foa-2018-romano-lorenzi-martin-danna-gatsch-becerra-caceres-diaz\\\/\",\"url\":\"https:\\\/\\\/www.arquimaster.com.ar\\\/web\\\/habitart-comedor-diario-espacio-20-casa-foa-2018-romano-lorenzi-martin-danna-gatsch-becerra-caceres-diaz\\\/\",\"name\":\"Habitart Comedor diario (Espacio 20 \\\/ Casa FOA 2018) \\\/ Federico Romano Lorenzi, Pablo Martin Danna, Catalina Gatsch Becerra, Maria Jos\u00e9 Caceres Diaz - Arquimaster\",\"isPartOf\":{\"@id\":\"https:\\\/\\\/www.arquimaster.com.ar\\\/web\\\/#website\"},\"primaryImageOfPage\":{\"@id\":\"https:\\\/\\\/www.arquimaster.com.ar\\\/web\\\/habitart-comedor-diario-espacio-20-casa-foa-2018-romano-lorenzi-martin-danna-gatsch-becerra-caceres-diaz\\\/#primaryimage\"},\"image\":{\"@id\":\"https:\\\/\\\/www.arquimaster.com.ar\\\/web\\\/habitart-comedor-diario-espacio-20-casa-foa-2018-romano-lorenzi-martin-danna-gatsch-becerra-caceres-diaz\\\/#primaryimage\"},\"thumbnailUrl\":\"https:\\\/\\\/www.arquimaster.com.ar\\\/web\\\/wp-content\\\/uploads\\\/2018\\\/09\\\/espacio20_casafoa2018_slide.jpg\",\"datePublished\":\"2018-09-26T10:25:28+00:00\",\"dateModified\":\"2018-10-22T01:44:17+00:00\",\"breadcrumb\":{\"@id\":\"https:\\\/\\\/www.arquimaster.com.ar\\\/web\\\/habitart-comedor-diario-espacio-20-casa-foa-2018-romano-lorenzi-martin-danna-gatsch-becerra-caceres-diaz\\\/#breadcrumb\"},\"inLanguage\":\"es\",\"potentialAction\":[{\"@type\":\"ReadAction\",\"target\":[\"https:\\\/\\\/www.arquimaster.com.ar\\\/web\\\/habitart-comedor-diario-espacio-20-casa-foa-2018-romano-lorenzi-martin-danna-gatsch-becerra-caceres-diaz\\\/\"]}]},{\"@type\":\"ImageObject\",\"inLanguage\":\"es\",\"@id\":\"https:\\\/\\\/www.arquimaster.com.ar\\\/web\\\/habitart-comedor-diario-espacio-20-casa-foa-2018-romano-lorenzi-martin-danna-gatsch-becerra-caceres-diaz\\\/#primaryimage\",\"url\":\"https:\\\/\\\/www.arquimaster.com.ar\\\/web\\\/wp-content\\\/uploads\\\/2018\\\/09\\\/espacio20_casafoa2018_slide.jpg\",\"contentUrl\":\"https:\\\/\\\/www.arquimaster.com.ar\\\/web\\\/wp-content\\\/uploads\\\/2018\\\/09\\\/espacio20_casafoa2018_slide.jpg\",\"width\":642,\"height\":336},{\"@type\":\"BreadcrumbList\",\"@id\":\"https:\\\/\\\/www.arquimaster.com.ar\\\/web\\\/habitart-comedor-diario-espacio-20-casa-foa-2018-romano-lorenzi-martin-danna-gatsch-becerra-caceres-diaz\\\/#breadcrumb\",\"itemListElement\":[{\"@type\":\"ListItem\",\"position\":1,\"name\":\"Portada\",\"item\":\"https:\\\/\\\/www.arquimaster.com.ar\\\/web\\\/\"},{\"@type\":\"ListItem\",\"position\":2,\"name\":\"Habitart Comedor diario (Espacio 20 \\\/ Casa FOA 2018) \\\/ Federico Romano Lorenzi, Pablo Martin Danna, Catalina Gatsch Becerra, Maria Jos\u00e9 Caceres Diaz\"}]},{\"@type\":\"WebSite\",\"@id\":\"https:\\\/\\\/www.arquimaster.com.ar\\\/web\\\/#website\",\"url\":\"https:\\\/\\\/www.arquimaster.com.ar\\\/web\\\/\",\"name\":\"Arquimaster\",\"description\":\"Web de arquitectura, dise\u00f1o y construccion\",\"publisher\":{\"@id\":\"https:\\\/\\\/www.arquimaster.com.ar\\\/web\\\/#organization\"},\"potentialAction\":[{\"@type\":\"SearchAction\",\"target\":{\"@type\":\"EntryPoint\",\"urlTemplate\":\"https:\\\/\\\/www.arquimaster.com.ar\\\/web\\\/?s={search_term_string}\"},\"query-input\":{\"@type\":\"PropertyValueSpecification\",\"valueRequired\":true,\"valueName\":\"search_term_string\"}}],\"inLanguage\":\"es\"},{\"@type\":\"Organization\",\"@id\":\"https:\\\/\\\/www.arquimaster.com.ar\\\/web\\\/#organization\",\"name\":\"Arquimaster\",\"url\":\"https:\\\/\\\/www.arquimaster.com.ar\\\/web\\\/\",\"logo\":{\"@type\":\"ImageObject\",\"inLanguage\":\"es\",\"@id\":\"https:\\\/\\\/www.arquimaster.com.ar\\\/web\\\/#\\\/schema\\\/logo\\\/image\\\/\",\"url\":\"https:\\\/\\\/www.arquimaster.com.ar\\\/web\\\/wp-content\\\/uploads\\\/2022\\\/06\\\/arquimaster.png\",\"contentUrl\":\"https:\\\/\\\/www.arquimaster.com.ar\\\/web\\\/wp-content\\\/uploads\\\/2022\\\/06\\\/arquimaster.png\",\"width\":594,\"height\":78,\"caption\":\"Arquimaster\"},\"image\":{\"@id\":\"https:\\\/\\\/www.arquimaster.com.ar\\\/web\\\/#\\\/schema\\\/logo\\\/image\\\/\"},\"sameAs\":[\"http:\\\/\\\/www.facebook.com\\\/ARQUIMASTER.com.ar\",\"https:\\\/\\\/x.com\\\/arquimaster\",\"https:\\\/\\\/www.instagram.com\\\/arquimasterblog\\\/\",\"https:\\\/\\\/www.linkedin.com\\\/company\\\/arquimaster\",\"https:\\\/\\\/www.pinterest.com\\\/arquimaster\",\"https:\\\/\\\/t.me\\\/arquimaster\"]},{\"@type\":\"Person\",\"@id\":\"https:\\\/\\\/www.arquimaster.com.ar\\\/web\\\/#\\\/schema\\\/person\\\/359e9f7c00193fcde068e0dd2ceb0028\",\"name\":\"Arquimaster\"}]}<\/script>\n<!-- \/ Yoast SEO plugin. -->","yoast_head_json":{"title":"Habitart Comedor diario (Espacio 20 \/ Casa FOA 2018) \/ Federico Romano Lorenzi, Pablo Martin Danna, Catalina Gatsch Becerra, Maria Jos\u00e9 Caceres Diaz - Arquimaster","robots":{"index":"index","follow":"follow","max-snippet":"max-snippet:-1","max-image-preview":"max-image-preview:large","max-video-preview":"max-video-preview:-1"},"canonical":"https:\/\/www.arquimaster.com.ar\/web\/habitart-comedor-diario-espacio-20-casa-foa-2018-romano-lorenzi-martin-danna-gatsch-becerra-caceres-diaz\/","og_locale":"es_ES","og_type":"article","og_title":"Habitart Comedor diario (Espacio 20 \/ Casa FOA 2018) \/ Federico Romano Lorenzi, Pablo Martin Danna, Catalina Gatsch Becerra, Maria Jos\u00e9 Caceres Diaz - Arquimaster","og_description":"Reinvenci\u00f3n espacial que une caracter\u00edsticas ancestrales con las necesidades actuales...","og_url":"https:\/\/www.arquimaster.com.ar\/web\/habitart-comedor-diario-espacio-20-casa-foa-2018-romano-lorenzi-martin-danna-gatsch-becerra-caceres-diaz\/","og_site_name":"Arquimaster","article_publisher":"http:\/\/www.facebook.com\/ARQUIMASTER.com.ar","article_published_time":"2018-09-26T10:25:28+00:00","article_modified_time":"2018-10-22T01:44:17+00:00","og_image":[{"width":642,"height":336,"url":"https:\/\/www.arquimaster.com.ar\/web\/wp-content\/uploads\/2018\/09\/espacio20_casafoa2018_slide.jpg","type":"image\/jpeg"}],"author":"Arquimaster","twitter_card":"summary_large_image","twitter_creator":"@arquimaster","twitter_site":"@arquimaster","twitter_misc":{"Escrito por":"Arquimaster","Tiempo de lectura":"3 minutos"},"schema":{"@context":"https:\/\/schema.org","@graph":[{"@type":"Article","@id":"https:\/\/www.arquimaster.com.ar\/web\/habitart-comedor-diario-espacio-20-casa-foa-2018-romano-lorenzi-martin-danna-gatsch-becerra-caceres-diaz\/#article","isPartOf":{"@id":"https:\/\/www.arquimaster.com.ar\/web\/habitart-comedor-diario-espacio-20-casa-foa-2018-romano-lorenzi-martin-danna-gatsch-becerra-caceres-diaz\/"},"author":{"name":"Arquimaster","@id":"https:\/\/www.arquimaster.com.ar\/web\/#\/schema\/person\/359e9f7c00193fcde068e0dd2ceb0028"},"headline":"Habitart Comedor diario (Espacio 20 \/ Casa FOA 2018) \/ Federico Romano Lorenzi, Pablo Martin Danna, Catalina Gatsch Becerra, Maria Jos\u00e9 Caceres Diaz","datePublished":"2018-09-26T10:25:28+00:00","dateModified":"2018-10-22T01:44:17+00:00","mainEntityOfPage":{"@id":"https:\/\/www.arquimaster.com.ar\/web\/habitart-comedor-diario-espacio-20-casa-foa-2018-romano-lorenzi-martin-danna-gatsch-becerra-caceres-diaz\/"},"wordCount":607,"publisher":{"@id":"https:\/\/www.arquimaster.com.ar\/web\/#organization"},"image":{"@id":"https:\/\/www.arquimaster.com.ar\/web\/habitart-comedor-diario-espacio-20-casa-foa-2018-romano-lorenzi-martin-danna-gatsch-becerra-caceres-diaz\/#primaryimage"},"thumbnailUrl":"https:\/\/www.arquimaster.com.ar\/web\/wp-content\/uploads\/2018\/09\/espacio20_casafoa2018_slide.jpg","keywords":["Casa FOA 2018","Catalina Gatsch Becerra","comedor diario","Federico Romano Lorenzi","Maria Jos\u00e9 Caceres Diaz","Pablo Martin Danna"],"articleSection":["Casa FOA 2018","Dise\u00f1o"],"inLanguage":"es"},{"@type":"WebPage","@id":"https:\/\/www.arquimaster.com.ar\/web\/habitart-comedor-diario-espacio-20-casa-foa-2018-romano-lorenzi-martin-danna-gatsch-becerra-caceres-diaz\/","url":"https:\/\/www.arquimaster.com.ar\/web\/habitart-comedor-diario-espacio-20-casa-foa-2018-romano-lorenzi-martin-danna-gatsch-becerra-caceres-diaz\/","name":"Habitart Comedor diario (Espacio 20 \/ Casa FOA 2018) \/ Federico Romano Lorenzi, Pablo Martin Danna, Catalina Gatsch Becerra, Maria Jos\u00e9 Caceres Diaz - Arquimaster","isPartOf":{"@id":"https:\/\/www.arquimaster.com.ar\/web\/#website"},"primaryImageOfPage":{"@id":"https:\/\/www.arquimaster.com.ar\/web\/habitart-comedor-diario-espacio-20-casa-foa-2018-romano-lorenzi-martin-danna-gatsch-becerra-caceres-diaz\/#primaryimage"},"image":{"@id":"https:\/\/www.arquimaster.com.ar\/web\/habitart-comedor-diario-espacio-20-casa-foa-2018-romano-lorenzi-martin-danna-gatsch-becerra-caceres-diaz\/#primaryimage"},"thumbnailUrl":"https:\/\/www.arquimaster.com.ar\/web\/wp-content\/uploads\/2018\/09\/espacio20_casafoa2018_slide.jpg","datePublished":"2018-09-26T10:25:28+00:00","dateModified":"2018-10-22T01:44:17+00:00","breadcrumb":{"@id":"https:\/\/www.arquimaster.com.ar\/web\/habitart-comedor-diario-espacio-20-casa-foa-2018-romano-lorenzi-martin-danna-gatsch-becerra-caceres-diaz\/#breadcrumb"},"inLanguage":"es","potentialAction":[{"@type":"ReadAction","target":["https:\/\/www.arquimaster.com.ar\/web\/habitart-comedor-diario-espacio-20-casa-foa-2018-romano-lorenzi-martin-danna-gatsch-becerra-caceres-diaz\/"]}]},{"@type":"ImageObject","inLanguage":"es","@id":"https:\/\/www.arquimaster.com.ar\/web\/habitart-comedor-diario-espacio-20-casa-foa-2018-romano-lorenzi-martin-danna-gatsch-becerra-caceres-diaz\/#primaryimage","url":"https:\/\/www.arquimaster.com.ar\/web\/wp-content\/uploads\/2018\/09\/espacio20_casafoa2018_slide.jpg","contentUrl":"https:\/\/www.arquimaster.com.ar\/web\/wp-content\/uploads\/2018\/09\/espacio20_casafoa2018_slide.jpg","width":642,"height":336},{"@type":"BreadcrumbList","@id":"https:\/\/www.arquimaster.com.ar\/web\/habitart-comedor-diario-espacio-20-casa-foa-2018-romano-lorenzi-martin-danna-gatsch-becerra-caceres-diaz\/#breadcrumb","itemListElement":[{"@type":"ListItem","position":1,"name":"Portada","item":"https:\/\/www.arquimaster.com.ar\/web\/"},{"@type":"ListItem","position":2,"name":"Habitart Comedor diario (Espacio 20 \/ Casa FOA 2018) \/ Federico Romano Lorenzi, Pablo Martin Danna, Catalina Gatsch Becerra, Maria Jos\u00e9 Caceres Diaz"}]},{"@type":"WebSite","@id":"https:\/\/www.arquimaster.com.ar\/web\/#website","url":"https:\/\/www.arquimaster.com.ar\/web\/","name":"Arquimaster","description":"Web de arquitectura, dise\u00f1o y construccion","publisher":{"@id":"https:\/\/www.arquimaster.com.ar\/web\/#organization"},"potentialAction":[{"@type":"SearchAction","target":{"@type":"EntryPoint","urlTemplate":"https:\/\/www.arquimaster.com.ar\/web\/?s={search_term_string}"},"query-input":{"@type":"PropertyValueSpecification","valueRequired":true,"valueName":"search_term_string"}}],"inLanguage":"es"},{"@type":"Organization","@id":"https:\/\/www.arquimaster.com.ar\/web\/#organization","name":"Arquimaster","url":"https:\/\/www.arquimaster.com.ar\/web\/","logo":{"@type":"ImageObject","inLanguage":"es","@id":"https:\/\/www.arquimaster.com.ar\/web\/#\/schema\/logo\/image\/","url":"https:\/\/www.arquimaster.com.ar\/web\/wp-content\/uploads\/2022\/06\/arquimaster.png","contentUrl":"https:\/\/www.arquimaster.com.ar\/web\/wp-content\/uploads\/2022\/06\/arquimaster.png","width":594,"height":78,"caption":"Arquimaster"},"image":{"@id":"https:\/\/www.arquimaster.com.ar\/web\/#\/schema\/logo\/image\/"},"sameAs":["http:\/\/www.facebook.com\/ARQUIMASTER.com.ar","https:\/\/x.com\/arquimaster","https:\/\/www.instagram.com\/arquimasterblog\/","https:\/\/www.linkedin.com\/company\/arquimaster","https:\/\/www.pinterest.com\/arquimaster","https:\/\/t.me\/arquimaster"]},{"@type":"Person","@id":"https:\/\/www.arquimaster.com.ar\/web\/#\/schema\/person\/359e9f7c00193fcde068e0dd2ceb0028","name":"Arquimaster"}]}},"uagb_featured_image_src":{"full":["https:\/\/www.arquimaster.com.ar\/web\/wp-content\/uploads\/2018\/09\/espacio20_casafoa2018_slide.jpg",642,336,false],"thumbnail":["https:\/\/www.arquimaster.com.ar\/web\/wp-content\/uploads\/2018\/09\/espacio20_casafoa2018_slide-150x150.jpg",150,150,true],"medium":["https:\/\/www.arquimaster.com.ar\/web\/wp-content\/uploads\/2018\/09\/espacio20_casafoa2018_slide.jpg",642,336,false],"medium_large":["https:\/\/www.arquimaster.com.ar\/web\/wp-content\/uploads\/2018\/09\/espacio20_casafoa2018_slide.jpg",642,336,false],"large":["https:\/\/www.arquimaster.com.ar\/web\/wp-content\/uploads\/2018\/09\/espacio20_casafoa2018_slide.jpg",642,336,false],"1536x1536":["https:\/\/www.arquimaster.com.ar\/web\/wp-content\/uploads\/2018\/09\/espacio20_casafoa2018_slide.jpg",642,336,false],"2048x2048":["https:\/\/www.arquimaster.com.ar\/web\/wp-content\/uploads\/2018\/09\/espacio20_casafoa2018_slide.jpg",642,336,false]},"uagb_author_info":{"display_name":"Arquimaster","author_link":"https:\/\/www.arquimaster.com.ar\/web\/author\/arquimaster\/"},"uagb_comment_info":0,"uagb_excerpt":"Reinvenci\u00f3n espacial que une caracter\u00edsticas ancestrales con las necesidades actuales...","_links":{"self":[{"href":"https:\/\/www.arquimaster.com.ar\/web\/wp-json\/wp\/v2\/posts\/31828","targetHints":{"allow":["GET"]}}],"collection":[{"href":"https:\/\/www.arquimaster.com.ar\/web\/wp-json\/wp\/v2\/posts"}],"about":[{"href":"https:\/\/www.arquimaster.com.ar\/web\/wp-json\/wp\/v2\/types\/post"}],"author":[{"embeddable":true,"href":"https:\/\/www.arquimaster.com.ar\/web\/wp-json\/wp\/v2\/users\/1"}],"replies":[{"embeddable":true,"href":"https:\/\/www.arquimaster.com.ar\/web\/wp-json\/wp\/v2\/comments?post=31828"}],"version-history":[{"count":0,"href":"https:\/\/www.arquimaster.com.ar\/web\/wp-json\/wp\/v2\/posts\/31828\/revisions"}],"wp:featuredmedia":[{"embeddable":true,"href":"https:\/\/www.arquimaster.com.ar\/web\/wp-json\/wp\/v2\/media\/31848"}],"wp:attachment":[{"href":"https:\/\/www.arquimaster.com.ar\/web\/wp-json\/wp\/v2\/media?parent=31828"}],"wp:term":[{"taxonomy":"category","embeddable":true,"href":"https:\/\/www.arquimaster.com.ar\/web\/wp-json\/wp\/v2\/categories?post=31828"},{"taxonomy":"post_tag","embeddable":true,"href":"https:\/\/www.arquimaster.com.ar\/web\/wp-json\/wp\/v2\/tags?post=31828"}],"curies":[{"name":"wp","href":"https:\/\/api.w.org\/{rel}","templated":true}]}}