{"id":32068,"date":"2018-09-27T22:24:21","date_gmt":"2018-09-27T22:24:21","guid":{"rendered":"http:\/\/www.arquimaster.com.ar\/web\/?p=32068"},"modified":"2019-03-20T11:39:55","modified_gmt":"2019-03-20T14:39:55","slug":"casa-be-zim-arquitextura","status":"publish","type":"post","link":"https:\/\/www.arquimaster.com.ar\/web\/casa-be-zim-arquitextura\/","title":{"rendered":"Casa BE \/ ZIM arquitextura"},"content":{"rendered":"<div style=\"margin-top: 0px; margin-bottom: 0px;\" class=\"sharethis-inline-share-buttons\" ><\/div><div class=\"b812932af2e751442846f039925109de\" data-index=\"1\" style=\"float: none; margin:25px 0 25px 0; text-align:center;\">\n<script async src=\"https:\/\/pagead2.googlesyndication.com\/pagead\/js\/adsbygoogle.js\"><\/script>\r\n<!-- Arquimaster (superior) -->\r\n<ins class=\"adsbygoogle\"\r\n     style=\"display:block\"\r\n     data-ad-client=\"ca-pub-6351072698456832\"\r\n     data-ad-slot=\"6455489680\"\r\n     data-ad-format=\"auto\"\r\n     data-full-width-responsive=\"true\"><\/ins>\r\n<script>\r\n     (adsbygoogle = window.adsbygoogle || []).push({});\r\n<\/script>\n<\/div>\n<p><strong>Casa BE<\/strong> (Tigre, Pcia. Buenos Aires, Argentina) por <strong>ZIM arquitextura<\/strong>. La casa BE est\u00e1 ubicada en un \u00e1rea residencial del partido de Tigre, en la provincia de Buenos Aires. El deseo de esta familia era poder compartir la casa con sus amigos y familiares. Buscaban vivir en una casa que reciba y \u00ababrace\u00bb a los invitados que llegan pero que al mismo tiempo genere esa privacidad necesaria para el encuentro y la compartida.<\/p>\n<div id='gallery-1' class='gallery galleryid-32068 gallery-columns-3 gallery-size-thumbnail'><figure class='gallery-item'>\n\t\t\t<div class='gallery-icon landscape'>\n\t\t\t\t<a href='https:\/\/www.arquimaster.com.ar\/web\/wp-content\/uploads\/2018\/09\/casa_be1.jpg' title=\"Casa BE \/ ZIM arquitextura (\u00a9 Jeremias Thomas)\" data-rl_title=\"Casa BE \/ ZIM arquitextura (\u00a9 Jeremias Thomas)\" class=\"rl-gallery-link\" data-rl_caption=\"Casa BE \/ ZIM arquitextura (\u00a9 Jeremias Thomas)\" data-rel=\"lightbox-gallery-1\"><img loading=\"lazy\" decoding=\"async\" width=\"150\" height=\"150\" src=\"https:\/\/www.arquimaster.com.ar\/web\/wp-content\/uploads\/2018\/09\/casa_be1-150x150.jpg\" class=\"attachment-thumbnail size-thumbnail\" alt=\"\" aria-describedby=\"gallery-1-32071\" srcset=\"https:\/\/www.arquimaster.com.ar\/web\/wp-content\/uploads\/2018\/09\/casa_be1-150x150.jpg 150w, https:\/\/www.arquimaster.com.ar\/web\/wp-content\/uploads\/2018\/09\/casa_be1-50x50.jpg 50w, https:\/\/www.arquimaster.com.ar\/web\/wp-content\/uploads\/2018\/09\/casa_be1-125x125.jpg 125w\" sizes=\"auto, (max-width: 150px) 100vw, 150px\" \/><\/a>\n\t\t\t<\/div>\n\t\t\t\t<figcaption class='wp-caption-text gallery-caption' id='gallery-1-32071'>\n\t\t\t\tCasa BE \/ ZIM arquitextura (\u00a9 Jeremias Thomas)\n\t\t\t\t<\/figcaption><\/figure><figure class='gallery-item'>\n\t\t\t<div class='gallery-icon landscape'>\n\t\t\t\t<a href='https:\/\/www.arquimaster.com.ar\/web\/wp-content\/uploads\/2018\/09\/casa_be2.jpg' title=\"Casa BE \/ ZIM arquitextura (\u00a9 Jeremias Thomas)\" data-rl_title=\"Casa BE \/ ZIM arquitextura (\u00a9 Jeremias Thomas)\" class=\"rl-gallery-link\" data-rl_caption=\"Casa BE \/ ZIM arquitextura (\u00a9 Jeremias Thomas)\" data-rel=\"lightbox-gallery-1\"><img loading=\"lazy\" decoding=\"async\" width=\"150\" height=\"150\" src=\"https:\/\/www.arquimaster.com.ar\/web\/wp-content\/uploads\/2018\/09\/casa_be2-150x150.jpg\" class=\"attachment-thumbnail size-thumbnail\" alt=\"\" aria-describedby=\"gallery-1-32072\" srcset=\"https:\/\/www.arquimaster.com.ar\/web\/wp-content\/uploads\/2018\/09\/casa_be2-150x150.jpg 150w, https:\/\/www.arquimaster.com.ar\/web\/wp-content\/uploads\/2018\/09\/casa_be2-50x50.jpg 50w, https:\/\/www.arquimaster.com.ar\/web\/wp-content\/uploads\/2018\/09\/casa_be2-125x125.jpg 125w\" sizes=\"auto, (max-width: 150px) 100vw, 150px\" \/><\/a>\n\t\t\t<\/div>\n\t\t\t\t<figcaption class='wp-caption-text gallery-caption' id='gallery-1-32072'>\n\t\t\t\tCasa BE \/ ZIM arquitextura (\u00a9 Jeremias Thomas)\n\t\t\t\t<\/figcaption><\/figure><figure class='gallery-item'>\n\t\t\t<div class='gallery-icon landscape'>\n\t\t\t\t<a href='https:\/\/www.arquimaster.com.ar\/web\/wp-content\/uploads\/2018\/09\/casa_be3.jpg' title=\"Casa BE \/ ZIM arquitextura (\u00a9 Jeremias Thomas)\" data-rl_title=\"Casa BE \/ ZIM arquitextura (\u00a9 Jeremias Thomas)\" class=\"rl-gallery-link\" data-rl_caption=\"Casa BE \/ ZIM arquitextura (\u00a9 Jeremias Thomas)\" data-rel=\"lightbox-gallery-1\"><img loading=\"lazy\" decoding=\"async\" width=\"150\" height=\"150\" src=\"https:\/\/www.arquimaster.com.ar\/web\/wp-content\/uploads\/2018\/09\/casa_be3-150x150.jpg\" class=\"attachment-thumbnail size-thumbnail\" alt=\"\" aria-describedby=\"gallery-1-32073\" srcset=\"https:\/\/www.arquimaster.com.ar\/web\/wp-content\/uploads\/2018\/09\/casa_be3-150x150.jpg 150w, https:\/\/www.arquimaster.com.ar\/web\/wp-content\/uploads\/2018\/09\/casa_be3-50x50.jpg 50w, https:\/\/www.arquimaster.com.ar\/web\/wp-content\/uploads\/2018\/09\/casa_be3-125x125.jpg 125w\" sizes=\"auto, (max-width: 150px) 100vw, 150px\" \/><\/a>\n\t\t\t<\/div>\n\t\t\t\t<figcaption class='wp-caption-text gallery-caption' id='gallery-1-32073'>\n\t\t\t\tCasa BE \/ ZIM arquitextura (\u00a9 Jeremias Thomas)\n\t\t\t\t<\/figcaption><\/figure><figure class='gallery-item'>\n\t\t\t<div class='gallery-icon landscape'>\n\t\t\t\t<a href='https:\/\/www.arquimaster.com.ar\/web\/wp-content\/uploads\/2018\/09\/casa_be4.jpg' title=\"Casa BE \/ ZIM arquitextura (\u00a9 Jeremias Thomas)\" data-rl_title=\"Casa BE \/ ZIM arquitextura (\u00a9 Jeremias Thomas)\" class=\"rl-gallery-link\" data-rl_caption=\"Casa BE \/ ZIM arquitextura (\u00a9 Jeremias Thomas)\" data-rel=\"lightbox-gallery-1\"><img loading=\"lazy\" decoding=\"async\" width=\"150\" height=\"150\" src=\"https:\/\/www.arquimaster.com.ar\/web\/wp-content\/uploads\/2018\/09\/casa_be4-150x150.jpg\" class=\"attachment-thumbnail size-thumbnail\" alt=\"\" aria-describedby=\"gallery-1-32074\" srcset=\"https:\/\/www.arquimaster.com.ar\/web\/wp-content\/uploads\/2018\/09\/casa_be4-150x150.jpg 150w, https:\/\/www.arquimaster.com.ar\/web\/wp-content\/uploads\/2018\/09\/casa_be4-50x50.jpg 50w, https:\/\/www.arquimaster.com.ar\/web\/wp-content\/uploads\/2018\/09\/casa_be4-125x125.jpg 125w\" sizes=\"auto, (max-width: 150px) 100vw, 150px\" \/><\/a>\n\t\t\t<\/div>\n\t\t\t\t<figcaption class='wp-caption-text gallery-caption' id='gallery-1-32074'>\n\t\t\t\tCasa BE \/ ZIM arquitextura (\u00a9 Jeremias Thomas)\n\t\t\t\t<\/figcaption><\/figure><figure class='gallery-item'>\n\t\t\t<div class='gallery-icon landscape'>\n\t\t\t\t<a href='https:\/\/www.arquimaster.com.ar\/web\/wp-content\/uploads\/2018\/09\/casa_be5.jpg' title=\"Casa BE \/ ZIM arquitextura (\u00a9 Jeremias Thomas)\" data-rl_title=\"Casa BE \/ ZIM arquitextura (\u00a9 Jeremias Thomas)\" class=\"rl-gallery-link\" data-rl_caption=\"Casa BE \/ ZIM arquitextura (\u00a9 Jeremias Thomas)\" data-rel=\"lightbox-gallery-1\"><img loading=\"lazy\" decoding=\"async\" width=\"150\" height=\"150\" src=\"https:\/\/www.arquimaster.com.ar\/web\/wp-content\/uploads\/2018\/09\/casa_be5-150x150.jpg\" class=\"attachment-thumbnail size-thumbnail\" alt=\"\" aria-describedby=\"gallery-1-32075\" srcset=\"https:\/\/www.arquimaster.com.ar\/web\/wp-content\/uploads\/2018\/09\/casa_be5-150x150.jpg 150w, https:\/\/www.arquimaster.com.ar\/web\/wp-content\/uploads\/2018\/09\/casa_be5-50x50.jpg 50w, https:\/\/www.arquimaster.com.ar\/web\/wp-content\/uploads\/2018\/09\/casa_be5-125x125.jpg 125w\" sizes=\"auto, (max-width: 150px) 100vw, 150px\" \/><\/a>\n\t\t\t<\/div>\n\t\t\t\t<figcaption class='wp-caption-text gallery-caption' id='gallery-1-32075'>\n\t\t\t\tCasa BE \/ ZIM arquitextura (\u00a9 Jeremias Thomas)\n\t\t\t\t<\/figcaption><\/figure><figure class='gallery-item'>\n\t\t\t<div class='gallery-icon portrait'>\n\t\t\t\t<a href='https:\/\/www.arquimaster.com.ar\/web\/wp-content\/uploads\/2018\/09\/casa_be6.jpg' title=\"Casa BE \/ ZIM arquitextura (\u00a9 Jeremias Thomas)\" data-rl_title=\"Casa BE \/ ZIM arquitextura (\u00a9 Jeremias Thomas)\" class=\"rl-gallery-link\" data-rl_caption=\"Casa BE \/ ZIM arquitextura (\u00a9 Jeremias Thomas)\" data-rel=\"lightbox-gallery-1\"><img loading=\"lazy\" decoding=\"async\" width=\"150\" height=\"150\" src=\"https:\/\/www.arquimaster.com.ar\/web\/wp-content\/uploads\/2018\/09\/casa_be6-150x150.jpg\" class=\"attachment-thumbnail size-thumbnail\" alt=\"\" aria-describedby=\"gallery-1-32076\" srcset=\"https:\/\/www.arquimaster.com.ar\/web\/wp-content\/uploads\/2018\/09\/casa_be6-150x150.jpg 150w, https:\/\/www.arquimaster.com.ar\/web\/wp-content\/uploads\/2018\/09\/casa_be6-50x50.jpg 50w, https:\/\/www.arquimaster.com.ar\/web\/wp-content\/uploads\/2018\/09\/casa_be6-125x125.jpg 125w\" sizes=\"auto, (max-width: 150px) 100vw, 150px\" \/><\/a>\n\t\t\t<\/div>\n\t\t\t\t<figcaption class='wp-caption-text gallery-caption' id='gallery-1-32076'>\n\t\t\t\tCasa BE \/ ZIM arquitextura (\u00a9 Jeremias Thomas)\n\t\t\t\t<\/figcaption><\/figure><figure class='gallery-item'>\n\t\t\t<div class='gallery-icon landscape'>\n\t\t\t\t<a href='https:\/\/www.arquimaster.com.ar\/web\/wp-content\/uploads\/2018\/09\/casa_be7.jpg' title=\"Casa BE \/ ZIM arquitextura (\u00a9 Jeremias Thomas)\" data-rl_title=\"Casa BE \/ ZIM arquitextura (\u00a9 Jeremias Thomas)\" class=\"rl-gallery-link\" data-rl_caption=\"Casa BE \/ ZIM arquitextura (\u00a9 Jeremias Thomas)\" data-rel=\"lightbox-gallery-1\"><img loading=\"lazy\" decoding=\"async\" width=\"150\" height=\"150\" src=\"https:\/\/www.arquimaster.com.ar\/web\/wp-content\/uploads\/2018\/09\/casa_be7-150x150.jpg\" class=\"attachment-thumbnail size-thumbnail\" alt=\"\" aria-describedby=\"gallery-1-32077\" srcset=\"https:\/\/www.arquimaster.com.ar\/web\/wp-content\/uploads\/2018\/09\/casa_be7-150x150.jpg 150w, https:\/\/www.arquimaster.com.ar\/web\/wp-content\/uploads\/2018\/09\/casa_be7-50x50.jpg 50w, https:\/\/www.arquimaster.com.ar\/web\/wp-content\/uploads\/2018\/09\/casa_be7-125x125.jpg 125w\" sizes=\"auto, (max-width: 150px) 100vw, 150px\" \/><\/a>\n\t\t\t<\/div>\n\t\t\t\t<figcaption class='wp-caption-text gallery-caption' id='gallery-1-32077'>\n\t\t\t\tCasa BE \/ ZIM arquitextura (\u00a9 Jeremias Thomas)\n\t\t\t\t<\/figcaption><\/figure><figure class='gallery-item'>\n\t\t\t<div class='gallery-icon landscape'>\n\t\t\t\t<a href='https:\/\/www.arquimaster.com.ar\/web\/wp-content\/uploads\/2018\/09\/casa_be8.jpg' title=\"Casa BE \/ ZIM arquitextura (\u00a9 Jeremias Thomas)\" data-rl_title=\"Casa BE \/ ZIM arquitextura (\u00a9 Jeremias Thomas)\" class=\"rl-gallery-link\" data-rl_caption=\"Casa BE \/ ZIM arquitextura (\u00a9 Jeremias Thomas)\" data-rel=\"lightbox-gallery-1\"><img loading=\"lazy\" decoding=\"async\" width=\"150\" height=\"150\" src=\"https:\/\/www.arquimaster.com.ar\/web\/wp-content\/uploads\/2018\/09\/casa_be8-150x150.jpg\" class=\"attachment-thumbnail size-thumbnail\" alt=\"\" aria-describedby=\"gallery-1-32078\" srcset=\"https:\/\/www.arquimaster.com.ar\/web\/wp-content\/uploads\/2018\/09\/casa_be8-150x150.jpg 150w, https:\/\/www.arquimaster.com.ar\/web\/wp-content\/uploads\/2018\/09\/casa_be8-50x50.jpg 50w, https:\/\/www.arquimaster.com.ar\/web\/wp-content\/uploads\/2018\/09\/casa_be8-125x125.jpg 125w\" sizes=\"auto, (max-width: 150px) 100vw, 150px\" \/><\/a>\n\t\t\t<\/div>\n\t\t\t\t<figcaption class='wp-caption-text gallery-caption' id='gallery-1-32078'>\n\t\t\t\tCasa BE \/ ZIM arquitextura (\u00a9 Jeremias Thomas)\n\t\t\t\t<\/figcaption><\/figure><figure class='gallery-item'>\n\t\t\t<div class='gallery-icon landscape'>\n\t\t\t\t<a href='https:\/\/www.arquimaster.com.ar\/web\/wp-content\/uploads\/2018\/09\/casa_be9.jpg' title=\"Casa BE \/ ZIM arquitextura (\u00a9 Jeremias Thomas)\" data-rl_title=\"Casa BE \/ ZIM arquitextura (\u00a9 Jeremias Thomas)\" class=\"rl-gallery-link\" data-rl_caption=\"Casa BE \/ ZIM arquitextura (\u00a9 Jeremias Thomas)\" data-rel=\"lightbox-gallery-1\"><img loading=\"lazy\" decoding=\"async\" width=\"150\" height=\"150\" src=\"https:\/\/www.arquimaster.com.ar\/web\/wp-content\/uploads\/2018\/09\/casa_be9-150x150.jpg\" class=\"attachment-thumbnail size-thumbnail\" alt=\"\" aria-describedby=\"gallery-1-32079\" srcset=\"https:\/\/www.arquimaster.com.ar\/web\/wp-content\/uploads\/2018\/09\/casa_be9-150x150.jpg 150w, https:\/\/www.arquimaster.com.ar\/web\/wp-content\/uploads\/2018\/09\/casa_be9-50x50.jpg 50w, https:\/\/www.arquimaster.com.ar\/web\/wp-content\/uploads\/2018\/09\/casa_be9-125x125.jpg 125w\" sizes=\"auto, (max-width: 150px) 100vw, 150px\" \/><\/a>\n\t\t\t<\/div>\n\t\t\t\t<figcaption class='wp-caption-text gallery-caption' id='gallery-1-32079'>\n\t\t\t\tCasa BE \/ ZIM arquitextura (\u00a9 Jeremias Thomas)\n\t\t\t\t<\/figcaption><\/figure><figure class='gallery-item'>\n\t\t\t<div class='gallery-icon portrait'>\n\t\t\t\t<a href='https:\/\/www.arquimaster.com.ar\/web\/wp-content\/uploads\/2018\/09\/casa_be10.jpg' title=\"Casa BE \/ ZIM arquitextura (\u00a9 Jeremias Thomas)\" data-rl_title=\"Casa BE \/ ZIM arquitextura (\u00a9 Jeremias Thomas)\" class=\"rl-gallery-link\" data-rl_caption=\"Casa BE \/ ZIM arquitextura (\u00a9 Jeremias Thomas)\" data-rel=\"lightbox-gallery-1\"><img loading=\"lazy\" decoding=\"async\" width=\"150\" height=\"150\" src=\"https:\/\/www.arquimaster.com.ar\/web\/wp-content\/uploads\/2018\/09\/casa_be10-150x150.jpg\" class=\"attachment-thumbnail size-thumbnail\" alt=\"\" aria-describedby=\"gallery-1-32080\" srcset=\"https:\/\/www.arquimaster.com.ar\/web\/wp-content\/uploads\/2018\/09\/casa_be10-150x150.jpg 150w, https:\/\/www.arquimaster.com.ar\/web\/wp-content\/uploads\/2018\/09\/casa_be10-50x50.jpg 50w, https:\/\/www.arquimaster.com.ar\/web\/wp-content\/uploads\/2018\/09\/casa_be10-125x125.jpg 125w\" sizes=\"auto, (max-width: 150px) 100vw, 150px\" \/><\/a>\n\t\t\t<\/div>\n\t\t\t\t<figcaption class='wp-caption-text gallery-caption' id='gallery-1-32080'>\n\t\t\t\tCasa BE \/ ZIM arquitextura (\u00a9 Jeremias Thomas)\n\t\t\t\t<\/figcaption><\/figure><figure class='gallery-item'>\n\t\t\t<div class='gallery-icon portrait'>\n\t\t\t\t<a href='https:\/\/www.arquimaster.com.ar\/web\/wp-content\/uploads\/2018\/09\/casa_be11.jpg' title=\"Casa BE \/ ZIM arquitextura (\u00a9 Jeremias Thomas)\" data-rl_title=\"Casa BE \/ ZIM arquitextura (\u00a9 Jeremias Thomas)\" class=\"rl-gallery-link\" data-rl_caption=\"Casa BE \/ ZIM arquitextura (\u00a9 Jeremias Thomas)\" data-rel=\"lightbox-gallery-1\"><img loading=\"lazy\" decoding=\"async\" width=\"150\" height=\"150\" src=\"https:\/\/www.arquimaster.com.ar\/web\/wp-content\/uploads\/2018\/09\/casa_be11-150x150.jpg\" class=\"attachment-thumbnail size-thumbnail\" alt=\"\" aria-describedby=\"gallery-1-32081\" srcset=\"https:\/\/www.arquimaster.com.ar\/web\/wp-content\/uploads\/2018\/09\/casa_be11-150x150.jpg 150w, https:\/\/www.arquimaster.com.ar\/web\/wp-content\/uploads\/2018\/09\/casa_be11-50x50.jpg 50w, https:\/\/www.arquimaster.com.ar\/web\/wp-content\/uploads\/2018\/09\/casa_be11-125x125.jpg 125w\" sizes=\"auto, (max-width: 150px) 100vw, 150px\" \/><\/a>\n\t\t\t<\/div>\n\t\t\t\t<figcaption class='wp-caption-text gallery-caption' id='gallery-1-32081'>\n\t\t\t\tCasa BE \/ ZIM arquitextura (\u00a9 Jeremias Thomas)\n\t\t\t\t<\/figcaption><\/figure><figure class='gallery-item'>\n\t\t\t<div class='gallery-icon landscape'>\n\t\t\t\t<a href='https:\/\/www.arquimaster.com.ar\/web\/wp-content\/uploads\/2018\/09\/casa_be12.jpg' title=\"Casa BE \/ ZIM arquitextura (\u00a9 Jeremias Thomas)\" data-rl_title=\"Casa BE \/ ZIM arquitextura (\u00a9 Jeremias Thomas)\" class=\"rl-gallery-link\" data-rl_caption=\"Casa BE \/ ZIM arquitextura (\u00a9 Jeremias Thomas)\" data-rel=\"lightbox-gallery-1\"><img loading=\"lazy\" decoding=\"async\" width=\"150\" height=\"150\" src=\"https:\/\/www.arquimaster.com.ar\/web\/wp-content\/uploads\/2018\/09\/casa_be12-150x150.jpg\" class=\"attachment-thumbnail size-thumbnail\" alt=\"\" aria-describedby=\"gallery-1-32082\" srcset=\"https:\/\/www.arquimaster.com.ar\/web\/wp-content\/uploads\/2018\/09\/casa_be12-150x150.jpg 150w, https:\/\/www.arquimaster.com.ar\/web\/wp-content\/uploads\/2018\/09\/casa_be12-50x50.jpg 50w, https:\/\/www.arquimaster.com.ar\/web\/wp-content\/uploads\/2018\/09\/casa_be12-125x125.jpg 125w\" sizes=\"auto, (max-width: 150px) 100vw, 150px\" \/><\/a>\n\t\t\t<\/div>\n\t\t\t\t<figcaption class='wp-caption-text gallery-caption' id='gallery-1-32082'>\n\t\t\t\tCasa BE \/ ZIM arquitextura (\u00a9 Jeremias Thomas)\n\t\t\t\t<\/figcaption><\/figure>\n\t\t<\/div>\n\n<p>La casa se divide seg\u00fan su programa (p\u00fablico, privado y servicios) en diferentes vol\u00famenes que se diferencian entre s\u00ed por su materialidad.<\/p>\n<p>El volumen de servicios es de cemento, m\u00e1s duro y m\u00e1s cerrado, y se vuelca sobre el oeste protegiendo la casa del horario de sol m\u00e1s complicado y de las vistas del vecino.<\/p>\n<p>El volumen m\u00e1s privado contiene las habitaciones y es de madera, m\u00e1s c\u00e1lido. Se eleva para liberar la planta baja y al mismo tiempo buscando vistas y asoleamiento natural.<\/p>\n<p>Por \u00faltimo, el espacio p\u00fablico y de encuentro, est\u00e1 compuesto de piedra y vidrio. El contraste entre estos materiales permite manejar la relaci\u00f3n de este espacio con la calle, los vecinos y con el jard\u00edn.<\/p>\n<p>La relaci\u00f3n y la disposici\u00f3n entre estos vol\u00famenes es la que genera el \u00ababrazo\u00bb, la privacidad y el encuentro.<\/p>\n<div id='gallery-2' class='gallery galleryid-32068 gallery-columns-3 gallery-size-thumbnail'><figure class='gallery-item'>\n\t\t\t<div class='gallery-icon landscape'>\n\t\t\t\t<a href='https:\/\/www.arquimaster.com.ar\/web\/wp-content\/uploads\/2018\/09\/casa_be13.jpg' title=\"Casa BE \/ ZIM arquitextura (\u00a9 Jeremias Thomas)\" data-rl_title=\"Casa BE \/ ZIM arquitextura (\u00a9 Jeremias Thomas)\" class=\"rl-gallery-link\" data-rl_caption=\"Casa BE \/ ZIM arquitextura (\u00a9 Jeremias Thomas)\" data-rel=\"lightbox-gallery-2\"><img loading=\"lazy\" decoding=\"async\" width=\"150\" height=\"150\" src=\"https:\/\/www.arquimaster.com.ar\/web\/wp-content\/uploads\/2018\/09\/casa_be13-150x150.jpg\" class=\"attachment-thumbnail size-thumbnail\" alt=\"\" aria-describedby=\"gallery-2-32083\" srcset=\"https:\/\/www.arquimaster.com.ar\/web\/wp-content\/uploads\/2018\/09\/casa_be13-150x150.jpg 150w, https:\/\/www.arquimaster.com.ar\/web\/wp-content\/uploads\/2018\/09\/casa_be13-50x50.jpg 50w, https:\/\/www.arquimaster.com.ar\/web\/wp-content\/uploads\/2018\/09\/casa_be13-125x125.jpg 125w\" sizes=\"auto, (max-width: 150px) 100vw, 150px\" \/><\/a>\n\t\t\t<\/div>\n\t\t\t\t<figcaption class='wp-caption-text gallery-caption' id='gallery-2-32083'>\n\t\t\t\tCasa BE \/ ZIM arquitextura (\u00a9 Jeremias Thomas)\n\t\t\t\t<\/figcaption><\/figure><figure class='gallery-item'>\n\t\t\t<div class='gallery-icon landscape'>\n\t\t\t\t<a href='https:\/\/www.arquimaster.com.ar\/web\/wp-content\/uploads\/2018\/09\/casa_be14.jpg' title=\"Casa BE \/ ZIM arquitextura (\u00a9 Jeremias Thomas)\" data-rl_title=\"Casa BE \/ ZIM arquitextura (\u00a9 Jeremias Thomas)\" class=\"rl-gallery-link\" data-rl_caption=\"Casa BE \/ ZIM arquitextura (\u00a9 Jeremias Thomas)\" data-rel=\"lightbox-gallery-2\"><img loading=\"lazy\" decoding=\"async\" width=\"150\" height=\"150\" src=\"https:\/\/www.arquimaster.com.ar\/web\/wp-content\/uploads\/2018\/09\/casa_be14-150x150.jpg\" class=\"attachment-thumbnail size-thumbnail\" alt=\"\" aria-describedby=\"gallery-2-32084\" srcset=\"https:\/\/www.arquimaster.com.ar\/web\/wp-content\/uploads\/2018\/09\/casa_be14-150x150.jpg 150w, https:\/\/www.arquimaster.com.ar\/web\/wp-content\/uploads\/2018\/09\/casa_be14-50x50.jpg 50w, https:\/\/www.arquimaster.com.ar\/web\/wp-content\/uploads\/2018\/09\/casa_be14-125x125.jpg 125w\" sizes=\"auto, (max-width: 150px) 100vw, 150px\" \/><\/a>\n\t\t\t<\/div>\n\t\t\t\t<figcaption class='wp-caption-text gallery-caption' id='gallery-2-32084'>\n\t\t\t\tCasa BE \/ ZIM arquitextura (\u00a9 Jeremias Thomas)\n\t\t\t\t<\/figcaption><\/figure><figure class='gallery-item'>\n\t\t\t<div class='gallery-icon landscape'>\n\t\t\t\t<a href='https:\/\/www.arquimaster.com.ar\/web\/wp-content\/uploads\/2018\/09\/casa_be15.jpg' title=\"Casa BE \/ ZIM arquitextura (\u00a9 Jeremias Thomas)\" data-rl_title=\"Casa BE \/ ZIM arquitextura (\u00a9 Jeremias Thomas)\" class=\"rl-gallery-link\" data-rl_caption=\"Casa BE \/ ZIM arquitextura (\u00a9 Jeremias Thomas)\" data-rel=\"lightbox-gallery-2\"><img loading=\"lazy\" decoding=\"async\" width=\"150\" height=\"150\" src=\"https:\/\/www.arquimaster.com.ar\/web\/wp-content\/uploads\/2018\/09\/casa_be15-150x150.jpg\" class=\"attachment-thumbnail size-thumbnail\" alt=\"\" aria-describedby=\"gallery-2-32085\" srcset=\"https:\/\/www.arquimaster.com.ar\/web\/wp-content\/uploads\/2018\/09\/casa_be15-150x150.jpg 150w, https:\/\/www.arquimaster.com.ar\/web\/wp-content\/uploads\/2018\/09\/casa_be15-50x50.jpg 50w, https:\/\/www.arquimaster.com.ar\/web\/wp-content\/uploads\/2018\/09\/casa_be15-125x125.jpg 125w\" sizes=\"auto, (max-width: 150px) 100vw, 150px\" \/><\/a>\n\t\t\t<\/div>\n\t\t\t\t<figcaption class='wp-caption-text gallery-caption' id='gallery-2-32085'>\n\t\t\t\tCasa BE \/ ZIM arquitextura (\u00a9 Jeremias Thomas)\n\t\t\t\t<\/figcaption><\/figure><figure class='gallery-item'>\n\t\t\t<div class='gallery-icon landscape'>\n\t\t\t\t<a href='https:\/\/www.arquimaster.com.ar\/web\/wp-content\/uploads\/2018\/09\/casa_be16.jpg' title=\"Casa BE \/ ZIM arquitextura (\u00a9 Jeremias Thomas)\" data-rl_title=\"Casa BE \/ ZIM arquitextura (\u00a9 Jeremias Thomas)\" class=\"rl-gallery-link\" data-rl_caption=\"Casa BE \/ ZIM arquitextura (\u00a9 Jeremias Thomas)\" data-rel=\"lightbox-gallery-2\"><img loading=\"lazy\" decoding=\"async\" width=\"150\" height=\"150\" src=\"https:\/\/www.arquimaster.com.ar\/web\/wp-content\/uploads\/2018\/09\/casa_be16-150x150.jpg\" class=\"attachment-thumbnail size-thumbnail\" alt=\"\" aria-describedby=\"gallery-2-32086\" srcset=\"https:\/\/www.arquimaster.com.ar\/web\/wp-content\/uploads\/2018\/09\/casa_be16-150x150.jpg 150w, https:\/\/www.arquimaster.com.ar\/web\/wp-content\/uploads\/2018\/09\/casa_be16-50x50.jpg 50w, https:\/\/www.arquimaster.com.ar\/web\/wp-content\/uploads\/2018\/09\/casa_be16-125x125.jpg 125w\" sizes=\"auto, (max-width: 150px) 100vw, 150px\" \/><\/a>\n\t\t\t<\/div>\n\t\t\t\t<figcaption class='wp-caption-text gallery-caption' id='gallery-2-32086'>\n\t\t\t\tCasa BE \/ ZIM arquitextura (\u00a9 Jeremias Thomas)\n\t\t\t\t<\/figcaption><\/figure><figure class='gallery-item'>\n\t\t\t<div class='gallery-icon landscape'>\n\t\t\t\t<a href='https:\/\/www.arquimaster.com.ar\/web\/wp-content\/uploads\/2018\/09\/casa_be17.jpg' title=\"Casa BE \/ ZIM arquitextura (\u00a9 Jeremias Thomas)\" data-rl_title=\"Casa BE \/ ZIM arquitextura (\u00a9 Jeremias Thomas)\" class=\"rl-gallery-link\" data-rl_caption=\"Casa BE \/ ZIM arquitextura (\u00a9 Jeremias Thomas)\" data-rel=\"lightbox-gallery-2\"><img loading=\"lazy\" decoding=\"async\" width=\"150\" height=\"150\" src=\"https:\/\/www.arquimaster.com.ar\/web\/wp-content\/uploads\/2018\/09\/casa_be17-150x150.jpg\" class=\"attachment-thumbnail size-thumbnail\" alt=\"\" aria-describedby=\"gallery-2-32087\" srcset=\"https:\/\/www.arquimaster.com.ar\/web\/wp-content\/uploads\/2018\/09\/casa_be17-150x150.jpg 150w, https:\/\/www.arquimaster.com.ar\/web\/wp-content\/uploads\/2018\/09\/casa_be17-50x50.jpg 50w, https:\/\/www.arquimaster.com.ar\/web\/wp-content\/uploads\/2018\/09\/casa_be17-125x125.jpg 125w\" sizes=\"auto, (max-width: 150px) 100vw, 150px\" \/><\/a>\n\t\t\t<\/div>\n\t\t\t\t<figcaption class='wp-caption-text gallery-caption' id='gallery-2-32087'>\n\t\t\t\tCasa BE \/ ZIM arquitextura (\u00a9 Jeremias Thomas)\n\t\t\t\t<\/figcaption><\/figure><figure class='gallery-item'>\n\t\t\t<div class='gallery-icon landscape'>\n\t\t\t\t<a href='https:\/\/www.arquimaster.com.ar\/web\/wp-content\/uploads\/2018\/09\/casa_be18.jpg' title=\"Casa BE \/ ZIM arquitextura (\u00a9 Jeremias Thomas)\" data-rl_title=\"Casa BE \/ ZIM arquitextura (\u00a9 Jeremias Thomas)\" class=\"rl-gallery-link\" data-rl_caption=\"Casa BE \/ ZIM arquitextura (\u00a9 Jeremias Thomas)\" data-rel=\"lightbox-gallery-2\"><img loading=\"lazy\" decoding=\"async\" width=\"150\" height=\"150\" src=\"https:\/\/www.arquimaster.com.ar\/web\/wp-content\/uploads\/2018\/09\/casa_be18-150x150.jpg\" class=\"attachment-thumbnail size-thumbnail\" alt=\"\" aria-describedby=\"gallery-2-32088\" srcset=\"https:\/\/www.arquimaster.com.ar\/web\/wp-content\/uploads\/2018\/09\/casa_be18-150x150.jpg 150w, https:\/\/www.arquimaster.com.ar\/web\/wp-content\/uploads\/2018\/09\/casa_be18-50x50.jpg 50w, https:\/\/www.arquimaster.com.ar\/web\/wp-content\/uploads\/2018\/09\/casa_be18-125x125.jpg 125w\" sizes=\"auto, (max-width: 150px) 100vw, 150px\" \/><\/a>\n\t\t\t<\/div>\n\t\t\t\t<figcaption class='wp-caption-text gallery-caption' id='gallery-2-32088'>\n\t\t\t\tCasa BE \/ ZIM arquitextura (\u00a9 Jeremias Thomas)\n\t\t\t\t<\/figcaption><\/figure><figure class='gallery-item'>\n\t\t\t<div class='gallery-icon portrait'>\n\t\t\t\t<a href='https:\/\/www.arquimaster.com.ar\/web\/wp-content\/uploads\/2018\/09\/casa_be19.jpg' title=\"Casa BE \/ ZIM arquitextura (\u00a9 Jeremias Thomas)\" data-rl_title=\"Casa BE \/ ZIM arquitextura (\u00a9 Jeremias Thomas)\" class=\"rl-gallery-link\" data-rl_caption=\"Casa BE \/ ZIM arquitextura (\u00a9 Jeremias Thomas)\" data-rel=\"lightbox-gallery-2\"><img loading=\"lazy\" decoding=\"async\" width=\"150\" height=\"150\" src=\"https:\/\/www.arquimaster.com.ar\/web\/wp-content\/uploads\/2018\/09\/casa_be19-150x150.jpg\" class=\"attachment-thumbnail size-thumbnail\" alt=\"\" aria-describedby=\"gallery-2-32089\" srcset=\"https:\/\/www.arquimaster.com.ar\/web\/wp-content\/uploads\/2018\/09\/casa_be19-150x150.jpg 150w, https:\/\/www.arquimaster.com.ar\/web\/wp-content\/uploads\/2018\/09\/casa_be19-50x50.jpg 50w, https:\/\/www.arquimaster.com.ar\/web\/wp-content\/uploads\/2018\/09\/casa_be19-125x125.jpg 125w\" sizes=\"auto, (max-width: 150px) 100vw, 150px\" \/><\/a>\n\t\t\t<\/div>\n\t\t\t\t<figcaption class='wp-caption-text gallery-caption' id='gallery-2-32089'>\n\t\t\t\tCasa BE \/ ZIM arquitextura (\u00a9 Jeremias Thomas)\n\t\t\t\t<\/figcaption><\/figure><figure class='gallery-item'>\n\t\t\t<div class='gallery-icon portrait'>\n\t\t\t\t<a href='https:\/\/www.arquimaster.com.ar\/web\/wp-content\/uploads\/2018\/09\/casa_be20.jpg' title=\"Casa BE \/ ZIM arquitextura (planta baja)\" data-rl_title=\"Casa BE \/ ZIM arquitextura (planta baja)\" class=\"rl-gallery-link\" data-rl_caption=\"Casa BE \/ ZIM arquitextura (planta baja)\" data-rel=\"lightbox-gallery-2\"><img loading=\"lazy\" decoding=\"async\" width=\"150\" height=\"150\" src=\"https:\/\/www.arquimaster.com.ar\/web\/wp-content\/uploads\/2018\/09\/casa_be20-150x150.jpg\" class=\"attachment-thumbnail size-thumbnail\" alt=\"\" aria-describedby=\"gallery-2-32090\" srcset=\"https:\/\/www.arquimaster.com.ar\/web\/wp-content\/uploads\/2018\/09\/casa_be20-150x150.jpg 150w, https:\/\/www.arquimaster.com.ar\/web\/wp-content\/uploads\/2018\/09\/casa_be20-50x50.jpg 50w, https:\/\/www.arquimaster.com.ar\/web\/wp-content\/uploads\/2018\/09\/casa_be20-125x125.jpg 125w\" sizes=\"auto, (max-width: 150px) 100vw, 150px\" \/><\/a>\n\t\t\t<\/div>\n\t\t\t\t<figcaption class='wp-caption-text gallery-caption' id='gallery-2-32090'>\n\t\t\t\tCasa BE \/ ZIM arquitextura (planta baja)\n\t\t\t\t<\/figcaption><\/figure><figure class='gallery-item'>\n\t\t\t<div class='gallery-icon landscape'>\n\t\t\t\t<a href='https:\/\/www.arquimaster.com.ar\/web\/wp-content\/uploads\/2018\/09\/casa_be21.jpg' title=\"Casa BE \/ ZIM arquitextura (planta alta)\" data-rl_title=\"Casa BE \/ ZIM arquitextura (planta alta)\" class=\"rl-gallery-link\" data-rl_caption=\"Casa BE \/ ZIM arquitextura (planta alta)\" data-rel=\"lightbox-gallery-2\"><img loading=\"lazy\" decoding=\"async\" width=\"150\" height=\"150\" src=\"https:\/\/www.arquimaster.com.ar\/web\/wp-content\/uploads\/2018\/09\/casa_be21-150x150.jpg\" class=\"attachment-thumbnail size-thumbnail\" alt=\"\" aria-describedby=\"gallery-2-32091\" srcset=\"https:\/\/www.arquimaster.com.ar\/web\/wp-content\/uploads\/2018\/09\/casa_be21-150x150.jpg 150w, https:\/\/www.arquimaster.com.ar\/web\/wp-content\/uploads\/2018\/09\/casa_be21-50x50.jpg 50w, https:\/\/www.arquimaster.com.ar\/web\/wp-content\/uploads\/2018\/09\/casa_be21-125x125.jpg 125w\" sizes=\"auto, (max-width: 150px) 100vw, 150px\" \/><\/a>\n\t\t\t<\/div>\n\t\t\t\t<figcaption class='wp-caption-text gallery-caption' id='gallery-2-32091'>\n\t\t\t\tCasa BE \/ ZIM arquitextura (planta alta)\n\t\t\t\t<\/figcaption><\/figure><figure class='gallery-item'>\n\t\t\t<div class='gallery-icon landscape'>\n\t\t\t\t<a href='https:\/\/www.arquimaster.com.ar\/web\/wp-content\/uploads\/2018\/09\/casa_be22.jpg' title=\"Casa BE \/ ZIM arquitextura (corte)\" data-rl_title=\"Casa BE \/ ZIM arquitextura (corte)\" class=\"rl-gallery-link\" data-rl_caption=\"Casa BE \/ ZIM arquitextura (corte)\" data-rel=\"lightbox-gallery-2\"><img loading=\"lazy\" decoding=\"async\" width=\"150\" height=\"150\" src=\"https:\/\/www.arquimaster.com.ar\/web\/wp-content\/uploads\/2018\/09\/casa_be22-150x150.jpg\" class=\"attachment-thumbnail size-thumbnail\" alt=\"\" aria-describedby=\"gallery-2-32092\" srcset=\"https:\/\/www.arquimaster.com.ar\/web\/wp-content\/uploads\/2018\/09\/casa_be22-150x150.jpg 150w, https:\/\/www.arquimaster.com.ar\/web\/wp-content\/uploads\/2018\/09\/casa_be22-50x50.jpg 50w, https:\/\/www.arquimaster.com.ar\/web\/wp-content\/uploads\/2018\/09\/casa_be22-125x125.jpg 125w\" sizes=\"auto, (max-width: 150px) 100vw, 150px\" \/><\/a>\n\t\t\t<\/div>\n\t\t\t\t<figcaption class='wp-caption-text gallery-caption' id='gallery-2-32092'>\n\t\t\t\tCasa BE \/ ZIM arquitextura (corte)\n\t\t\t\t<\/figcaption><\/figure><figure class='gallery-item'>\n\t\t\t<div class='gallery-icon landscape'>\n\t\t\t\t<a href='https:\/\/www.arquimaster.com.ar\/web\/wp-content\/uploads\/2018\/09\/casa_be23.jpg' title=\"Casa BE \/ ZIM arquitextura (corte perspectivado)\" data-rl_title=\"Casa BE \/ ZIM arquitextura (corte perspectivado)\" class=\"rl-gallery-link\" data-rl_caption=\"Casa BE \/ ZIM arquitextura (corte perspectivado)\" data-rel=\"lightbox-gallery-2\"><img loading=\"lazy\" decoding=\"async\" width=\"150\" height=\"150\" src=\"https:\/\/www.arquimaster.com.ar\/web\/wp-content\/uploads\/2018\/09\/casa_be23-150x150.jpg\" class=\"attachment-thumbnail size-thumbnail\" alt=\"\" aria-describedby=\"gallery-2-32093\" srcset=\"https:\/\/www.arquimaster.com.ar\/web\/wp-content\/uploads\/2018\/09\/casa_be23-150x150.jpg 150w, https:\/\/www.arquimaster.com.ar\/web\/wp-content\/uploads\/2018\/09\/casa_be23-50x50.jpg 50w, https:\/\/www.arquimaster.com.ar\/web\/wp-content\/uploads\/2018\/09\/casa_be23-125x125.jpg 125w\" sizes=\"auto, (max-width: 150px) 100vw, 150px\" \/><\/a>\n\t\t\t<\/div>\n\t\t\t\t<figcaption class='wp-caption-text gallery-caption' id='gallery-2-32093'>\n\t\t\t\tCasa BE \/ ZIM arquitextura (corte perspectivado)\n\t\t\t\t<\/figcaption><\/figure><figure class='gallery-item'>\n\t\t\t<div class='gallery-icon landscape'>\n\t\t\t\t<a href='https:\/\/www.arquimaster.com.ar\/web\/wp-content\/uploads\/2018\/09\/casa_be24.jpg' title=\"Casa BE \/ ZIM arquitextura (vista)\" data-rl_title=\"Casa BE \/ ZIM arquitextura (vista)\" class=\"rl-gallery-link\" data-rl_caption=\"Casa BE \/ ZIM arquitextura (vista)\" data-rel=\"lightbox-gallery-2\"><img loading=\"lazy\" decoding=\"async\" width=\"150\" height=\"150\" src=\"https:\/\/www.arquimaster.com.ar\/web\/wp-content\/uploads\/2018\/09\/casa_be24-150x150.jpg\" class=\"attachment-thumbnail size-thumbnail\" alt=\"\" aria-describedby=\"gallery-2-32094\" srcset=\"https:\/\/www.arquimaster.com.ar\/web\/wp-content\/uploads\/2018\/09\/casa_be24-150x150.jpg 150w, https:\/\/www.arquimaster.com.ar\/web\/wp-content\/uploads\/2018\/09\/casa_be24-50x50.jpg 50w, https:\/\/www.arquimaster.com.ar\/web\/wp-content\/uploads\/2018\/09\/casa_be24-125x125.jpg 125w\" sizes=\"auto, (max-width: 150px) 100vw, 150px\" \/><\/a>\n\t\t\t<\/div>\n\t\t\t\t<figcaption class='wp-caption-text gallery-caption' id='gallery-2-32094'>\n\t\t\t\tCasa BE \/ ZIM arquitextura (vista)\n\t\t\t\t<\/figcaption><\/figure><figure class='gallery-item'>\n\t\t\t<div class='gallery-icon landscape'>\n\t\t\t\t<a href='https:\/\/www.arquimaster.com.ar\/web\/wp-content\/uploads\/2018\/09\/casa_be25.jpg' title=\"Casa BE \/ ZIM arquitextura (vista)\" data-rl_title=\"Casa BE \/ ZIM arquitextura (vista)\" class=\"rl-gallery-link\" data-rl_caption=\"Casa BE \/ ZIM arquitextura (vista)\" data-rel=\"lightbox-gallery-2\"><img loading=\"lazy\" decoding=\"async\" width=\"150\" height=\"150\" src=\"https:\/\/www.arquimaster.com.ar\/web\/wp-content\/uploads\/2018\/09\/casa_be25-150x150.jpg\" class=\"attachment-thumbnail size-thumbnail\" alt=\"\" aria-describedby=\"gallery-2-32095\" srcset=\"https:\/\/www.arquimaster.com.ar\/web\/wp-content\/uploads\/2018\/09\/casa_be25-150x150.jpg 150w, https:\/\/www.arquimaster.com.ar\/web\/wp-content\/uploads\/2018\/09\/casa_be25-50x50.jpg 50w, https:\/\/www.arquimaster.com.ar\/web\/wp-content\/uploads\/2018\/09\/casa_be25-125x125.jpg 125w\" sizes=\"auto, (max-width: 150px) 100vw, 150px\" \/><\/a>\n\t\t\t<\/div>\n\t\t\t\t<figcaption class='wp-caption-text gallery-caption' id='gallery-2-32095'>\n\t\t\t\tCasa BE \/ ZIM arquitextura (vista)\n\t\t\t\t<\/figcaption><\/figure><figure class='gallery-item'>\n\t\t\t<div class='gallery-icon landscape'>\n\t\t\t\t<a href='https:\/\/www.arquimaster.com.ar\/web\/wp-content\/uploads\/2018\/09\/casa_be26.jpg' title=\"Casa BE \/ ZIM arquitextura (vista)\" data-rl_title=\"Casa BE \/ ZIM arquitextura (vista)\" class=\"rl-gallery-link\" data-rl_caption=\"Casa BE \/ ZIM arquitextura (vista)\" data-rel=\"lightbox-gallery-2\"><img loading=\"lazy\" decoding=\"async\" width=\"150\" height=\"150\" src=\"https:\/\/www.arquimaster.com.ar\/web\/wp-content\/uploads\/2018\/09\/casa_be26-150x150.jpg\" class=\"attachment-thumbnail size-thumbnail\" alt=\"\" aria-describedby=\"gallery-2-32096\" srcset=\"https:\/\/www.arquimaster.com.ar\/web\/wp-content\/uploads\/2018\/09\/casa_be26-150x150.jpg 150w, https:\/\/www.arquimaster.com.ar\/web\/wp-content\/uploads\/2018\/09\/casa_be26-50x50.jpg 50w, https:\/\/www.arquimaster.com.ar\/web\/wp-content\/uploads\/2018\/09\/casa_be26-125x125.jpg 125w\" sizes=\"auto, (max-width: 150px) 100vw, 150px\" \/><\/a>\n\t\t\t<\/div>\n\t\t\t\t<figcaption class='wp-caption-text gallery-caption' id='gallery-2-32096'>\n\t\t\t\tCasa BE \/ ZIM arquitextura (vista)\n\t\t\t\t<\/figcaption><\/figure><figure class='gallery-item'>\n\t\t\t<div class='gallery-icon landscape'>\n\t\t\t\t<a href='https:\/\/www.arquimaster.com.ar\/web\/wp-content\/uploads\/2018\/09\/casa_be27.jpg' title=\"Casa BE \/ ZIM arquitextura (vista)\" data-rl_title=\"Casa BE \/ ZIM arquitextura (vista)\" class=\"rl-gallery-link\" data-rl_caption=\"Casa BE \/ ZIM arquitextura (vista)\" data-rel=\"lightbox-gallery-2\"><img loading=\"lazy\" decoding=\"async\" width=\"150\" height=\"150\" src=\"https:\/\/www.arquimaster.com.ar\/web\/wp-content\/uploads\/2018\/09\/casa_be27-150x150.jpg\" class=\"attachment-thumbnail size-thumbnail\" alt=\"\" aria-describedby=\"gallery-2-32097\" srcset=\"https:\/\/www.arquimaster.com.ar\/web\/wp-content\/uploads\/2018\/09\/casa_be27-150x150.jpg 150w, https:\/\/www.arquimaster.com.ar\/web\/wp-content\/uploads\/2018\/09\/casa_be27-50x50.jpg 50w, https:\/\/www.arquimaster.com.ar\/web\/wp-content\/uploads\/2018\/09\/casa_be27-125x125.jpg 125w\" sizes=\"auto, (max-width: 150px) 100vw, 150px\" \/><\/a>\n\t\t\t<\/div>\n\t\t\t\t<figcaption class='wp-caption-text gallery-caption' id='gallery-2-32097'>\n\t\t\t\tCasa BE \/ ZIM arquitextura (vista)\n\t\t\t\t<\/figcaption><\/figure>\n\t\t<\/div>\n\n<p>El coraz\u00f3n de la casa es el espacio de living-comedor. Este es el lugar donde se produce el encuentro entre la familia y sus invitados.<\/p>\n<p>Una gran doble altura le da jerarqu\u00eda y permite que el espacio incorpore vistas e iluminaci\u00f3n indirecta desde el sur en la parte superior. Un muro de piedra protege este espacio de las vistas de la calle y el vecino en la planta baja.<\/p>\n<p>Por \u00faltimo, una gran abertura corrediza integra la galer\u00eda al espacio interior de living comedor generando un \u00fanico gran espacio de compartida en donde el interior y el exterior se fusionan.<\/p>\n<p><strong>Ficha t\u00e9cnica<\/strong><br \/>\nNombre del Proyecto: Casa BE<br \/>\nUbicaci\u00f3n: Tigre, Pcia. Buenos Aires, Argentina<br \/>\nOficina de Arquitectura: ZIM arquitextura<br \/>\nArquitecto a cargo: ZIM arquitextura<br \/>\nA\u00f1o t\u00e9rmino construcci\u00f3n: 2016<br \/>\nSuperficie construida: 310 m2<br \/>\nFot\u00f3grafo: Jeremias Thomas<\/p>\n<p><strong>Contacto<\/strong><br \/>\n<a href=\"http:\/\/www.zimarquitextura.com.ar\" target=\"_blank\" rel=\"noopener\">http:\/\/www.zimarquitextura.com.ar<\/a><\/p>\n\n<div style=\"font-size: 0px; height: 0px; line-height: 0px; margin: 0; padding: 0; clear: both;\"><\/div><div style=\"margin-top: 0px; margin-bottom: 0px;\" class=\"sharethis-inline-share-buttons\" ><\/div>","protected":false},"excerpt":{"rendered":"<p>Una casa que recibe y \u00ababraza\u00bb a los invitados al mismo tiempo que genera la privacidad necesaria&#8230;<\/p>\n","protected":false},"author":1,"featured_media":32070,"comment_status":"closed","ping_status":"closed","sticky":false,"template":"","format":"standard","meta":{"_uag_custom_page_level_css":"","footnotes":""},"categories":[1,83],"tags":[945,254,717],"class_list":["post-32068","post","type-post","status-publish","format-standard","has-post-thumbnail","hentry","category-proyecto","category-vivienda-unifamiliar","tag-tigre","tag-vivienda-unifamiliar-2","tag-zim-arquitextura","generate-columns","tablet-grid-50","mobile-grid-100","grid-parent","grid-50"],"yoast_head":"<!-- This site is optimized with the Yoast SEO plugin v27.3 - https:\/\/yoast.com\/product\/yoast-seo-wordpress\/ -->\n<title>Casa BE \/ ZIM arquitextura - Arquimaster<\/title>\n<meta name=\"description\" content=\"La relaci\u00f3n y la disposici\u00f3n entre el volumen de servicios y el volumen m\u00e1s privado genera un &quot;abrazo&quot;, la privacidad y el encuentro.\" \/>\n<meta name=\"robots\" content=\"index, follow, max-snippet:-1, max-image-preview:large, max-video-preview:-1\" \/>\n<link rel=\"canonical\" href=\"https:\/\/www.arquimaster.com.ar\/web\/casa-be-zim-arquitextura\/\" \/>\n<meta property=\"og:locale\" content=\"es_ES\" \/>\n<meta property=\"og:type\" content=\"article\" \/>\n<meta property=\"og:title\" content=\"Casa BE \/ ZIM arquitextura\" \/>\n<meta property=\"og:description\" content=\"La relaci\u00f3n y la disposici\u00f3n entre el volumen de servicios y el volumen m\u00e1s privado genera un &quot;abrazo&quot;, la privacidad y el encuentro.\" \/>\n<meta property=\"og:url\" content=\"https:\/\/www.arquimaster.com.ar\/web\/casa-be-zim-arquitextura\/\" \/>\n<meta property=\"og:site_name\" content=\"Arquimaster\" \/>\n<meta property=\"article:publisher\" content=\"http:\/\/www.facebook.com\/ARQUIMASTER.com.ar\" \/>\n<meta property=\"article:published_time\" content=\"2018-09-27T22:24:21+00:00\" \/>\n<meta property=\"article:modified_time\" content=\"2019-03-20T14:39:55+00:00\" \/>\n<meta property=\"og:image\" content=\"https:\/\/www.arquimaster.com.ar\/web\/wp-content\/uploads\/2018\/09\/casa_be_slide.jpg\" \/>\n\t<meta property=\"og:image:width\" content=\"642\" \/>\n\t<meta property=\"og:image:height\" content=\"336\" \/>\n\t<meta property=\"og:image:type\" content=\"image\/jpeg\" \/>\n<meta name=\"author\" content=\"Arquimaster\" \/>\n<meta name=\"twitter:card\" content=\"summary_large_image\" \/>\n<meta name=\"twitter:title\" content=\"Casa BE \/ ZIM arquitextura\" \/>\n<meta name=\"twitter:description\" content=\"La relaci\u00f3n y la disposici\u00f3n entre el volumen de servicios y el volumen m\u00e1s privado genera un &quot;abrazo&quot;, la privacidad y el encuentro.\" \/>\n<meta name=\"twitter:image\" content=\"https:\/\/www.arquimaster.com.ar\/web\/wp-content\/uploads\/2018\/09\/casa_be_slide.jpg\" \/>\n<meta name=\"twitter:creator\" content=\"@arquimaster\" \/>\n<meta name=\"twitter:site\" content=\"@arquimaster\" \/>\n<meta name=\"twitter:label1\" content=\"Escrito por\" \/>\n\t<meta name=\"twitter:data1\" content=\"Arquimaster\" \/>\n\t<meta name=\"twitter:label2\" content=\"Tiempo de lectura\" \/>\n\t<meta name=\"twitter:data2\" content=\"2 minutos\" \/>\n<script type=\"application\/ld+json\" class=\"yoast-schema-graph\">{\"@context\":\"https:\\\/\\\/schema.org\",\"@graph\":[{\"@type\":\"Article\",\"@id\":\"https:\\\/\\\/www.arquimaster.com.ar\\\/web\\\/casa-be-zim-arquitextura\\\/#article\",\"isPartOf\":{\"@id\":\"https:\\\/\\\/www.arquimaster.com.ar\\\/web\\\/casa-be-zim-arquitextura\\\/\"},\"author\":{\"name\":\"Arquimaster\",\"@id\":\"https:\\\/\\\/www.arquimaster.com.ar\\\/web\\\/#\\\/schema\\\/person\\\/359e9f7c00193fcde068e0dd2ceb0028\"},\"headline\":\"Casa BE \\\/ ZIM arquitextura\",\"datePublished\":\"2018-09-27T22:24:21+00:00\",\"dateModified\":\"2019-03-20T14:39:55+00:00\",\"mainEntityOfPage\":{\"@id\":\"https:\\\/\\\/www.arquimaster.com.ar\\\/web\\\/casa-be-zim-arquitextura\\\/\"},\"wordCount\":386,\"publisher\":{\"@id\":\"https:\\\/\\\/www.arquimaster.com.ar\\\/web\\\/#organization\"},\"image\":{\"@id\":\"https:\\\/\\\/www.arquimaster.com.ar\\\/web\\\/casa-be-zim-arquitextura\\\/#primaryimage\"},\"thumbnailUrl\":\"https:\\\/\\\/www.arquimaster.com.ar\\\/web\\\/wp-content\\\/uploads\\\/2018\\\/09\\\/casa_be_slide.jpg\",\"keywords\":[\"Tigre\",\"vivienda unifamiliar\",\"ZIM Arquitextura\"],\"articleSection\":[\"Proyecto\",\"Vivienda unifamiliar y PH\"],\"inLanguage\":\"es\"},{\"@type\":\"WebPage\",\"@id\":\"https:\\\/\\\/www.arquimaster.com.ar\\\/web\\\/casa-be-zim-arquitextura\\\/\",\"url\":\"https:\\\/\\\/www.arquimaster.com.ar\\\/web\\\/casa-be-zim-arquitextura\\\/\",\"name\":\"Casa BE \\\/ ZIM arquitextura - Arquimaster\",\"isPartOf\":{\"@id\":\"https:\\\/\\\/www.arquimaster.com.ar\\\/web\\\/#website\"},\"primaryImageOfPage\":{\"@id\":\"https:\\\/\\\/www.arquimaster.com.ar\\\/web\\\/casa-be-zim-arquitextura\\\/#primaryimage\"},\"image\":{\"@id\":\"https:\\\/\\\/www.arquimaster.com.ar\\\/web\\\/casa-be-zim-arquitextura\\\/#primaryimage\"},\"thumbnailUrl\":\"https:\\\/\\\/www.arquimaster.com.ar\\\/web\\\/wp-content\\\/uploads\\\/2018\\\/09\\\/casa_be_slide.jpg\",\"datePublished\":\"2018-09-27T22:24:21+00:00\",\"dateModified\":\"2019-03-20T14:39:55+00:00\",\"description\":\"La relaci\u00f3n y la disposici\u00f3n entre el volumen de servicios y el volumen m\u00e1s privado genera un \\\"abrazo\\\", la privacidad y el encuentro.\",\"breadcrumb\":{\"@id\":\"https:\\\/\\\/www.arquimaster.com.ar\\\/web\\\/casa-be-zim-arquitextura\\\/#breadcrumb\"},\"inLanguage\":\"es\",\"potentialAction\":[{\"@type\":\"ReadAction\",\"target\":[\"https:\\\/\\\/www.arquimaster.com.ar\\\/web\\\/casa-be-zim-arquitextura\\\/\"]}]},{\"@type\":\"ImageObject\",\"inLanguage\":\"es\",\"@id\":\"https:\\\/\\\/www.arquimaster.com.ar\\\/web\\\/casa-be-zim-arquitextura\\\/#primaryimage\",\"url\":\"https:\\\/\\\/www.arquimaster.com.ar\\\/web\\\/wp-content\\\/uploads\\\/2018\\\/09\\\/casa_be_slide.jpg\",\"contentUrl\":\"https:\\\/\\\/www.arquimaster.com.ar\\\/web\\\/wp-content\\\/uploads\\\/2018\\\/09\\\/casa_be_slide.jpg\",\"width\":642,\"height\":336},{\"@type\":\"BreadcrumbList\",\"@id\":\"https:\\\/\\\/www.arquimaster.com.ar\\\/web\\\/casa-be-zim-arquitextura\\\/#breadcrumb\",\"itemListElement\":[{\"@type\":\"ListItem\",\"position\":1,\"name\":\"Portada\",\"item\":\"https:\\\/\\\/www.arquimaster.com.ar\\\/web\\\/\"},{\"@type\":\"ListItem\",\"position\":2,\"name\":\"Casa BE \\\/ ZIM arquitextura\"}]},{\"@type\":\"WebSite\",\"@id\":\"https:\\\/\\\/www.arquimaster.com.ar\\\/web\\\/#website\",\"url\":\"https:\\\/\\\/www.arquimaster.com.ar\\\/web\\\/\",\"name\":\"Arquimaster\",\"description\":\"Web de arquitectura, dise\u00f1o y construccion\",\"publisher\":{\"@id\":\"https:\\\/\\\/www.arquimaster.com.ar\\\/web\\\/#organization\"},\"potentialAction\":[{\"@type\":\"SearchAction\",\"target\":{\"@type\":\"EntryPoint\",\"urlTemplate\":\"https:\\\/\\\/www.arquimaster.com.ar\\\/web\\\/?s={search_term_string}\"},\"query-input\":{\"@type\":\"PropertyValueSpecification\",\"valueRequired\":true,\"valueName\":\"search_term_string\"}}],\"inLanguage\":\"es\"},{\"@type\":\"Organization\",\"@id\":\"https:\\\/\\\/www.arquimaster.com.ar\\\/web\\\/#organization\",\"name\":\"Arquimaster\",\"url\":\"https:\\\/\\\/www.arquimaster.com.ar\\\/web\\\/\",\"logo\":{\"@type\":\"ImageObject\",\"inLanguage\":\"es\",\"@id\":\"https:\\\/\\\/www.arquimaster.com.ar\\\/web\\\/#\\\/schema\\\/logo\\\/image\\\/\",\"url\":\"https:\\\/\\\/www.arquimaster.com.ar\\\/web\\\/wp-content\\\/uploads\\\/2022\\\/06\\\/arquimaster.png\",\"contentUrl\":\"https:\\\/\\\/www.arquimaster.com.ar\\\/web\\\/wp-content\\\/uploads\\\/2022\\\/06\\\/arquimaster.png\",\"width\":594,\"height\":78,\"caption\":\"Arquimaster\"},\"image\":{\"@id\":\"https:\\\/\\\/www.arquimaster.com.ar\\\/web\\\/#\\\/schema\\\/logo\\\/image\\\/\"},\"sameAs\":[\"http:\\\/\\\/www.facebook.com\\\/ARQUIMASTER.com.ar\",\"https:\\\/\\\/x.com\\\/arquimaster\",\"https:\\\/\\\/www.instagram.com\\\/arquimasterblog\\\/\",\"https:\\\/\\\/www.linkedin.com\\\/company\\\/arquimaster\",\"https:\\\/\\\/www.pinterest.com\\\/arquimaster\",\"https:\\\/\\\/t.me\\\/arquimaster\"]},{\"@type\":\"Person\",\"@id\":\"https:\\\/\\\/www.arquimaster.com.ar\\\/web\\\/#\\\/schema\\\/person\\\/359e9f7c00193fcde068e0dd2ceb0028\",\"name\":\"Arquimaster\"}]}<\/script>\n<!-- \/ Yoast SEO plugin. -->","yoast_head_json":{"title":"Casa BE \/ ZIM arquitextura - Arquimaster","description":"La relaci\u00f3n y la disposici\u00f3n entre el volumen de servicios y el volumen m\u00e1s privado genera un \"abrazo\", la privacidad y el encuentro.","robots":{"index":"index","follow":"follow","max-snippet":"max-snippet:-1","max-image-preview":"max-image-preview:large","max-video-preview":"max-video-preview:-1"},"canonical":"https:\/\/www.arquimaster.com.ar\/web\/casa-be-zim-arquitextura\/","og_locale":"es_ES","og_type":"article","og_title":"Casa BE \/ ZIM arquitextura","og_description":"La relaci\u00f3n y la disposici\u00f3n entre el volumen de servicios y el volumen m\u00e1s privado genera un \"abrazo\", la privacidad y el encuentro.","og_url":"https:\/\/www.arquimaster.com.ar\/web\/casa-be-zim-arquitextura\/","og_site_name":"Arquimaster","article_publisher":"http:\/\/www.facebook.com\/ARQUIMASTER.com.ar","article_published_time":"2018-09-27T22:24:21+00:00","article_modified_time":"2019-03-20T14:39:55+00:00","og_image":[{"width":642,"height":336,"url":"https:\/\/www.arquimaster.com.ar\/web\/wp-content\/uploads\/2018\/09\/casa_be_slide.jpg","type":"image\/jpeg"}],"author":"Arquimaster","twitter_card":"summary_large_image","twitter_title":"Casa BE \/ ZIM arquitextura","twitter_description":"La relaci\u00f3n y la disposici\u00f3n entre el volumen de servicios y el volumen m\u00e1s privado genera un \"abrazo\", la privacidad y el encuentro.","twitter_image":"https:\/\/www.arquimaster.com.ar\/web\/wp-content\/uploads\/2018\/09\/casa_be_slide.jpg","twitter_creator":"@arquimaster","twitter_site":"@arquimaster","twitter_misc":{"Escrito por":"Arquimaster","Tiempo de lectura":"2 minutos"},"schema":{"@context":"https:\/\/schema.org","@graph":[{"@type":"Article","@id":"https:\/\/www.arquimaster.com.ar\/web\/casa-be-zim-arquitextura\/#article","isPartOf":{"@id":"https:\/\/www.arquimaster.com.ar\/web\/casa-be-zim-arquitextura\/"},"author":{"name":"Arquimaster","@id":"https:\/\/www.arquimaster.com.ar\/web\/#\/schema\/person\/359e9f7c00193fcde068e0dd2ceb0028"},"headline":"Casa BE \/ ZIM arquitextura","datePublished":"2018-09-27T22:24:21+00:00","dateModified":"2019-03-20T14:39:55+00:00","mainEntityOfPage":{"@id":"https:\/\/www.arquimaster.com.ar\/web\/casa-be-zim-arquitextura\/"},"wordCount":386,"publisher":{"@id":"https:\/\/www.arquimaster.com.ar\/web\/#organization"},"image":{"@id":"https:\/\/www.arquimaster.com.ar\/web\/casa-be-zim-arquitextura\/#primaryimage"},"thumbnailUrl":"https:\/\/www.arquimaster.com.ar\/web\/wp-content\/uploads\/2018\/09\/casa_be_slide.jpg","keywords":["Tigre","vivienda unifamiliar","ZIM Arquitextura"],"articleSection":["Proyecto","Vivienda unifamiliar y PH"],"inLanguage":"es"},{"@type":"WebPage","@id":"https:\/\/www.arquimaster.com.ar\/web\/casa-be-zim-arquitextura\/","url":"https:\/\/www.arquimaster.com.ar\/web\/casa-be-zim-arquitextura\/","name":"Casa BE \/ ZIM arquitextura - Arquimaster","isPartOf":{"@id":"https:\/\/www.arquimaster.com.ar\/web\/#website"},"primaryImageOfPage":{"@id":"https:\/\/www.arquimaster.com.ar\/web\/casa-be-zim-arquitextura\/#primaryimage"},"image":{"@id":"https:\/\/www.arquimaster.com.ar\/web\/casa-be-zim-arquitextura\/#primaryimage"},"thumbnailUrl":"https:\/\/www.arquimaster.com.ar\/web\/wp-content\/uploads\/2018\/09\/casa_be_slide.jpg","datePublished":"2018-09-27T22:24:21+00:00","dateModified":"2019-03-20T14:39:55+00:00","description":"La relaci\u00f3n y la disposici\u00f3n entre el volumen de servicios y el volumen m\u00e1s privado genera un \"abrazo\", la privacidad y el encuentro.","breadcrumb":{"@id":"https:\/\/www.arquimaster.com.ar\/web\/casa-be-zim-arquitextura\/#breadcrumb"},"inLanguage":"es","potentialAction":[{"@type":"ReadAction","target":["https:\/\/www.arquimaster.com.ar\/web\/casa-be-zim-arquitextura\/"]}]},{"@type":"ImageObject","inLanguage":"es","@id":"https:\/\/www.arquimaster.com.ar\/web\/casa-be-zim-arquitextura\/#primaryimage","url":"https:\/\/www.arquimaster.com.ar\/web\/wp-content\/uploads\/2018\/09\/casa_be_slide.jpg","contentUrl":"https:\/\/www.arquimaster.com.ar\/web\/wp-content\/uploads\/2018\/09\/casa_be_slide.jpg","width":642,"height":336},{"@type":"BreadcrumbList","@id":"https:\/\/www.arquimaster.com.ar\/web\/casa-be-zim-arquitextura\/#breadcrumb","itemListElement":[{"@type":"ListItem","position":1,"name":"Portada","item":"https:\/\/www.arquimaster.com.ar\/web\/"},{"@type":"ListItem","position":2,"name":"Casa BE \/ ZIM arquitextura"}]},{"@type":"WebSite","@id":"https:\/\/www.arquimaster.com.ar\/web\/#website","url":"https:\/\/www.arquimaster.com.ar\/web\/","name":"Arquimaster","description":"Web de arquitectura, dise\u00f1o y construccion","publisher":{"@id":"https:\/\/www.arquimaster.com.ar\/web\/#organization"},"potentialAction":[{"@type":"SearchAction","target":{"@type":"EntryPoint","urlTemplate":"https:\/\/www.arquimaster.com.ar\/web\/?s={search_term_string}"},"query-input":{"@type":"PropertyValueSpecification","valueRequired":true,"valueName":"search_term_string"}}],"inLanguage":"es"},{"@type":"Organization","@id":"https:\/\/www.arquimaster.com.ar\/web\/#organization","name":"Arquimaster","url":"https:\/\/www.arquimaster.com.ar\/web\/","logo":{"@type":"ImageObject","inLanguage":"es","@id":"https:\/\/www.arquimaster.com.ar\/web\/#\/schema\/logo\/image\/","url":"https:\/\/www.arquimaster.com.ar\/web\/wp-content\/uploads\/2022\/06\/arquimaster.png","contentUrl":"https:\/\/www.arquimaster.com.ar\/web\/wp-content\/uploads\/2022\/06\/arquimaster.png","width":594,"height":78,"caption":"Arquimaster"},"image":{"@id":"https:\/\/www.arquimaster.com.ar\/web\/#\/schema\/logo\/image\/"},"sameAs":["http:\/\/www.facebook.com\/ARQUIMASTER.com.ar","https:\/\/x.com\/arquimaster","https:\/\/www.instagram.com\/arquimasterblog\/","https:\/\/www.linkedin.com\/company\/arquimaster","https:\/\/www.pinterest.com\/arquimaster","https:\/\/t.me\/arquimaster"]},{"@type":"Person","@id":"https:\/\/www.arquimaster.com.ar\/web\/#\/schema\/person\/359e9f7c00193fcde068e0dd2ceb0028","name":"Arquimaster"}]}},"uagb_featured_image_src":{"full":["https:\/\/www.arquimaster.com.ar\/web\/wp-content\/uploads\/2018\/09\/casa_be_slide.jpg",642,336,false],"thumbnail":["https:\/\/www.arquimaster.com.ar\/web\/wp-content\/uploads\/2018\/09\/casa_be_slide-150x150.jpg",150,150,true],"medium":["https:\/\/www.arquimaster.com.ar\/web\/wp-content\/uploads\/2018\/09\/casa_be_slide.jpg",642,336,false],"medium_large":["https:\/\/www.arquimaster.com.ar\/web\/wp-content\/uploads\/2018\/09\/casa_be_slide.jpg",642,336,false],"large":["https:\/\/www.arquimaster.com.ar\/web\/wp-content\/uploads\/2018\/09\/casa_be_slide.jpg",642,336,false],"1536x1536":["https:\/\/www.arquimaster.com.ar\/web\/wp-content\/uploads\/2018\/09\/casa_be_slide.jpg",642,336,false],"2048x2048":["https:\/\/www.arquimaster.com.ar\/web\/wp-content\/uploads\/2018\/09\/casa_be_slide.jpg",642,336,false]},"uagb_author_info":{"display_name":"Arquimaster","author_link":"https:\/\/www.arquimaster.com.ar\/web\/author\/arquimaster\/"},"uagb_comment_info":0,"uagb_excerpt":"Una casa que recibe y \"abraza\" a los invitados al mismo tiempo que genera la privacidad necesaria...","_links":{"self":[{"href":"https:\/\/www.arquimaster.com.ar\/web\/wp-json\/wp\/v2\/posts\/32068","targetHints":{"allow":["GET"]}}],"collection":[{"href":"https:\/\/www.arquimaster.com.ar\/web\/wp-json\/wp\/v2\/posts"}],"about":[{"href":"https:\/\/www.arquimaster.com.ar\/web\/wp-json\/wp\/v2\/types\/post"}],"author":[{"embeddable":true,"href":"https:\/\/www.arquimaster.com.ar\/web\/wp-json\/wp\/v2\/users\/1"}],"replies":[{"embeddable":true,"href":"https:\/\/www.arquimaster.com.ar\/web\/wp-json\/wp\/v2\/comments?post=32068"}],"version-history":[{"count":0,"href":"https:\/\/www.arquimaster.com.ar\/web\/wp-json\/wp\/v2\/posts\/32068\/revisions"}],"wp:featuredmedia":[{"embeddable":true,"href":"https:\/\/www.arquimaster.com.ar\/web\/wp-json\/wp\/v2\/media\/32070"}],"wp:attachment":[{"href":"https:\/\/www.arquimaster.com.ar\/web\/wp-json\/wp\/v2\/media?parent=32068"}],"wp:term":[{"taxonomy":"category","embeddable":true,"href":"https:\/\/www.arquimaster.com.ar\/web\/wp-json\/wp\/v2\/categories?post=32068"},{"taxonomy":"post_tag","embeddable":true,"href":"https:\/\/www.arquimaster.com.ar\/web\/wp-json\/wp\/v2\/tags?post=32068"}],"curies":[{"name":"wp","href":"https:\/\/api.w.org\/{rel}","templated":true}]}}