{"id":32283,"date":"2018-10-04T14:42:59","date_gmt":"2018-10-04T14:42:59","guid":{"rendered":"http:\/\/www.arquimaster.com.ar\/web\/?p=32283"},"modified":"2018-10-05T02:13:27","modified_gmt":"2018-10-05T02:13:27","slug":"bano-de-uso-publico-para-personas-con-movilidad-reducida-espacio-10-casa-foa-2018-esteban-avalos","status":"publish","type":"post","link":"https:\/\/www.arquimaster.com.ar\/web\/bano-de-uso-publico-para-personas-con-movilidad-reducida-espacio-10-casa-foa-2018-esteban-avalos\/","title":{"rendered":"Ba\u00f1o de uso p\u00fablico para personas con movilidad reducida (Espacio 10 \/ Casa FOA 2018) \/ Esteban \u00c1valos"},"content":{"rendered":"<div style=\"margin-top: 0px; margin-bottom: 0px;\" class=\"sharethis-inline-share-buttons\" ><\/div><div class=\"b812932af2e751442846f039925109de\" data-index=\"1\" style=\"float: none; margin:25px 0 25px 0; text-align:center;\">\n<script async src=\"https:\/\/pagead2.googlesyndication.com\/pagead\/js\/adsbygoogle.js\"><\/script>\r\n<!-- Arquimaster (superior) -->\r\n<ins class=\"adsbygoogle\"\r\n     style=\"display:block\"\r\n     data-ad-client=\"ca-pub-6351072698456832\"\r\n     data-ad-slot=\"6455489680\"\r\n     data-ad-format=\"auto\"\r\n     data-full-width-responsive=\"true\"><\/ins>\r\n<script>\r\n     (adsbygoogle = window.adsbygoogle || []).push({});\r\n<\/script>\n<\/div>\n<p><strong>\u00abEspacio inclusivo\u00bb Ba\u00f1o de uso p\u00fablico para personas con movilidad reducida<\/strong> (Espacio 10 \/ Casa FOA 2018 \/ Cassa Devoto) por <strong>Esteban \u00c1valos<\/strong>. Creo que el dise\u00f1o debe ir de la mano con la funcionalidad, por eso me gust\u00f3 el desaf\u00edo de hacer un ba\u00f1o de uso p\u00fablico para personas con movilidad reducida.<\/p>\n<p>La inspiraci\u00f3n lleg\u00f3 al ver y conocer el lugar donde se iba a realizar la nueva edici\u00f3n de Casa FOA. Los conventos son lugares sobrios, de colores neutros y despojados de todo lujo y un espacio para pensar, reflexionar.<\/p>\n<div id='gallery-1' class='gallery galleryid-32283 gallery-columns-3 gallery-size-thumbnail'><figure class='gallery-item'>\n\t\t\t<div class='gallery-icon portrait'>\n\t\t\t\t<a href='https:\/\/www.arquimaster.com.ar\/web\/wp-content\/uploads\/2018\/10\/espacio10_casafoa2018_1.jpg' title=\"Ba\u00f1o de uso p\u00fablico para personas con movilidad reducida (Espacio 10 \/ Casa FOA 2018) \/ Esteban \u00c1valos (\u00a9 Ana Grucki)\" data-rl_title=\"Ba\u00f1o de uso p\u00fablico para personas con movilidad reducida (Espacio 10 \/ Casa FOA 2018) \/ Esteban \u00c1valos (\u00a9 Ana Grucki)\" class=\"rl-gallery-link\" data-rl_caption=\"Ba\u00f1o de uso p\u00fablico para personas con movilidad reducida (Espacio 10 \/ Casa FOA 2018) \/ Esteban \u00c1valos (\u00a9 Ana Grucki)\" data-rel=\"lightbox-gallery-1\"><img loading=\"lazy\" decoding=\"async\" width=\"150\" height=\"150\" src=\"https:\/\/www.arquimaster.com.ar\/web\/wp-content\/uploads\/2018\/10\/espacio10_casafoa2018_1-150x150.jpg\" class=\"attachment-thumbnail size-thumbnail\" alt=\"\" aria-describedby=\"gallery-1-32285\" srcset=\"https:\/\/www.arquimaster.com.ar\/web\/wp-content\/uploads\/2018\/10\/espacio10_casafoa2018_1-150x150.jpg 150w, https:\/\/www.arquimaster.com.ar\/web\/wp-content\/uploads\/2018\/10\/espacio10_casafoa2018_1-50x50.jpg 50w, https:\/\/www.arquimaster.com.ar\/web\/wp-content\/uploads\/2018\/10\/espacio10_casafoa2018_1-125x125.jpg 125w\" sizes=\"auto, (max-width: 150px) 100vw, 150px\" \/><\/a>\n\t\t\t<\/div>\n\t\t\t\t<figcaption class='wp-caption-text gallery-caption' id='gallery-1-32285'>\n\t\t\t\tBa\u00f1o de uso p\u00fablico para personas con movilidad reducida (Espacio 10 \/ Casa FOA 2018) \/ Esteban \u00c1valos (\u00a9 Ana Grucki)\n\t\t\t\t<\/figcaption><\/figure><figure class='gallery-item'>\n\t\t\t<div class='gallery-icon portrait'>\n\t\t\t\t<a href='https:\/\/www.arquimaster.com.ar\/web\/wp-content\/uploads\/2018\/10\/espacio10_casafoa2018_2.jpg' title=\"Ba\u00f1o de uso p\u00fablico para personas con movilidad reducida (Espacio 10 \/ Casa FOA 2018) \/ Esteban \u00c1valos (\u00a9 Ana Grucki)\" data-rl_title=\"Ba\u00f1o de uso p\u00fablico para personas con movilidad reducida (Espacio 10 \/ Casa FOA 2018) \/ Esteban \u00c1valos (\u00a9 Ana Grucki)\" class=\"rl-gallery-link\" data-rl_caption=\"Ba\u00f1o de uso p\u00fablico para personas con movilidad reducida (Espacio 10 \/ Casa FOA 2018) \/ Esteban \u00c1valos (\u00a9 Ana Grucki)\" data-rel=\"lightbox-gallery-1\"><img loading=\"lazy\" decoding=\"async\" width=\"150\" height=\"150\" src=\"https:\/\/www.arquimaster.com.ar\/web\/wp-content\/uploads\/2018\/10\/espacio10_casafoa2018_2-150x150.jpg\" class=\"attachment-thumbnail size-thumbnail\" alt=\"\" aria-describedby=\"gallery-1-32286\" srcset=\"https:\/\/www.arquimaster.com.ar\/web\/wp-content\/uploads\/2018\/10\/espacio10_casafoa2018_2-150x150.jpg 150w, https:\/\/www.arquimaster.com.ar\/web\/wp-content\/uploads\/2018\/10\/espacio10_casafoa2018_2-50x50.jpg 50w, https:\/\/www.arquimaster.com.ar\/web\/wp-content\/uploads\/2018\/10\/espacio10_casafoa2018_2-125x125.jpg 125w\" sizes=\"auto, (max-width: 150px) 100vw, 150px\" \/><\/a>\n\t\t\t<\/div>\n\t\t\t\t<figcaption class='wp-caption-text gallery-caption' id='gallery-1-32286'>\n\t\t\t\tBa\u00f1o de uso p\u00fablico para personas con movilidad reducida (Espacio 10 \/ Casa FOA 2018) \/ Esteban \u00c1valos (\u00a9 Ana Grucki)\n\t\t\t\t<\/figcaption><\/figure><figure class='gallery-item'>\n\t\t\t<div class='gallery-icon landscape'>\n\t\t\t\t<a href='https:\/\/www.arquimaster.com.ar\/web\/wp-content\/uploads\/2018\/10\/espacio10_casafoa2018_3.jpg' title=\"Ba\u00f1o de uso p\u00fablico para personas con movilidad reducida (Espacio 10 \/ Casa FOA 2018) \/ Esteban \u00c1valos (\u00a9 Ana Grucki)\" data-rl_title=\"Ba\u00f1o de uso p\u00fablico para personas con movilidad reducida (Espacio 10 \/ Casa FOA 2018) \/ Esteban \u00c1valos (\u00a9 Ana Grucki)\" class=\"rl-gallery-link\" data-rl_caption=\"Ba\u00f1o de uso p\u00fablico para personas con movilidad reducida (Espacio 10 \/ Casa FOA 2018) \/ Esteban \u00c1valos (\u00a9 Ana Grucki)\" data-rel=\"lightbox-gallery-1\"><img loading=\"lazy\" decoding=\"async\" width=\"150\" height=\"150\" src=\"https:\/\/www.arquimaster.com.ar\/web\/wp-content\/uploads\/2018\/10\/espacio10_casafoa2018_3-150x150.jpg\" class=\"attachment-thumbnail size-thumbnail\" alt=\"\" aria-describedby=\"gallery-1-32287\" srcset=\"https:\/\/www.arquimaster.com.ar\/web\/wp-content\/uploads\/2018\/10\/espacio10_casafoa2018_3-150x150.jpg 150w, https:\/\/www.arquimaster.com.ar\/web\/wp-content\/uploads\/2018\/10\/espacio10_casafoa2018_3-50x50.jpg 50w, https:\/\/www.arquimaster.com.ar\/web\/wp-content\/uploads\/2018\/10\/espacio10_casafoa2018_3-125x125.jpg 125w\" sizes=\"auto, (max-width: 150px) 100vw, 150px\" \/><\/a>\n\t\t\t<\/div>\n\t\t\t\t<figcaption class='wp-caption-text gallery-caption' id='gallery-1-32287'>\n\t\t\t\tBa\u00f1o de uso p\u00fablico para personas con movilidad reducida (Espacio 10 \/ Casa FOA 2018) \/ Esteban \u00c1valos (\u00a9 Ana Grucki)\n\t\t\t\t<\/figcaption><\/figure><figure class='gallery-item'>\n\t\t\t<div class='gallery-icon portrait'>\n\t\t\t\t<a href='https:\/\/www.arquimaster.com.ar\/web\/wp-content\/uploads\/2018\/10\/espacio10_casafoa2018_4.jpg' title=\"Ba\u00f1o de uso p\u00fablico para personas con movilidad reducida (Espacio 10 \/ Casa FOA 2018) \/ Esteban \u00c1valos (\u00a9 Ana Grucki)\" data-rl_title=\"Ba\u00f1o de uso p\u00fablico para personas con movilidad reducida (Espacio 10 \/ Casa FOA 2018) \/ Esteban \u00c1valos (\u00a9 Ana Grucki)\" class=\"rl-gallery-link\" data-rl_caption=\"Ba\u00f1o de uso p\u00fablico para personas con movilidad reducida (Espacio 10 \/ Casa FOA 2018) \/ Esteban \u00c1valos (\u00a9 Ana Grucki)\" data-rel=\"lightbox-gallery-1\"><img loading=\"lazy\" decoding=\"async\" width=\"150\" height=\"150\" src=\"https:\/\/www.arquimaster.com.ar\/web\/wp-content\/uploads\/2018\/10\/espacio10_casafoa2018_4-150x150.jpg\" class=\"attachment-thumbnail size-thumbnail\" alt=\"\" aria-describedby=\"gallery-1-32288\" srcset=\"https:\/\/www.arquimaster.com.ar\/web\/wp-content\/uploads\/2018\/10\/espacio10_casafoa2018_4-150x150.jpg 150w, https:\/\/www.arquimaster.com.ar\/web\/wp-content\/uploads\/2018\/10\/espacio10_casafoa2018_4-50x50.jpg 50w, https:\/\/www.arquimaster.com.ar\/web\/wp-content\/uploads\/2018\/10\/espacio10_casafoa2018_4-125x125.jpg 125w\" sizes=\"auto, (max-width: 150px) 100vw, 150px\" \/><\/a>\n\t\t\t<\/div>\n\t\t\t\t<figcaption class='wp-caption-text gallery-caption' id='gallery-1-32288'>\n\t\t\t\tBa\u00f1o de uso p\u00fablico para personas con movilidad reducida (Espacio 10 \/ Casa FOA 2018) \/ Esteban \u00c1valos (\u00a9 Ana Grucki)\n\t\t\t\t<\/figcaption><\/figure><figure class='gallery-item'>\n\t\t\t<div class='gallery-icon landscape'>\n\t\t\t\t<a href='https:\/\/www.arquimaster.com.ar\/web\/wp-content\/uploads\/2018\/10\/espacio10_casafoa2018_5.jpg' title=\"Ba\u00f1o de uso p\u00fablico para personas con movilidad reducida (Espacio 10 \/ Casa FOA 2018) \/ Esteban \u00c1valos (\u00a9 Ana Grucki)\" data-rl_title=\"Ba\u00f1o de uso p\u00fablico para personas con movilidad reducida (Espacio 10 \/ Casa FOA 2018) \/ Esteban \u00c1valos (\u00a9 Ana Grucki)\" class=\"rl-gallery-link\" data-rl_caption=\"Ba\u00f1o de uso p\u00fablico para personas con movilidad reducida (Espacio 10 \/ Casa FOA 2018) \/ Esteban \u00c1valos (\u00a9 Ana Grucki)\" data-rel=\"lightbox-gallery-1\"><img loading=\"lazy\" decoding=\"async\" width=\"150\" height=\"150\" src=\"https:\/\/www.arquimaster.com.ar\/web\/wp-content\/uploads\/2018\/10\/espacio10_casafoa2018_5-150x150.jpg\" class=\"attachment-thumbnail size-thumbnail\" alt=\"\" aria-describedby=\"gallery-1-32289\" srcset=\"https:\/\/www.arquimaster.com.ar\/web\/wp-content\/uploads\/2018\/10\/espacio10_casafoa2018_5-150x150.jpg 150w, https:\/\/www.arquimaster.com.ar\/web\/wp-content\/uploads\/2018\/10\/espacio10_casafoa2018_5-50x50.jpg 50w, https:\/\/www.arquimaster.com.ar\/web\/wp-content\/uploads\/2018\/10\/espacio10_casafoa2018_5-125x125.jpg 125w\" sizes=\"auto, (max-width: 150px) 100vw, 150px\" \/><\/a>\n\t\t\t<\/div>\n\t\t\t\t<figcaption class='wp-caption-text gallery-caption' id='gallery-1-32289'>\n\t\t\t\tBa\u00f1o de uso p\u00fablico para personas con movilidad reducida (Espacio 10 \/ Casa FOA 2018) \/ Esteban \u00c1valos (\u00a9 Ana Grucki)\n\t\t\t\t<\/figcaption><\/figure><figure class='gallery-item'>\n\t\t\t<div class='gallery-icon portrait'>\n\t\t\t\t<a href='https:\/\/www.arquimaster.com.ar\/web\/wp-content\/uploads\/2018\/10\/espacio10_casafoa2018_6.jpg' title=\"Ba\u00f1o de uso p\u00fablico para personas con movilidad reducida (Espacio 10 \/ Casa FOA 2018) \/ Esteban \u00c1valos (\u00a9 Ana Grucki)\" data-rl_title=\"Ba\u00f1o de uso p\u00fablico para personas con movilidad reducida (Espacio 10 \/ Casa FOA 2018) \/ Esteban \u00c1valos (\u00a9 Ana Grucki)\" class=\"rl-gallery-link\" data-rl_caption=\"Ba\u00f1o de uso p\u00fablico para personas con movilidad reducida (Espacio 10 \/ Casa FOA 2018) \/ Esteban \u00c1valos (\u00a9 Ana Grucki)\" data-rel=\"lightbox-gallery-1\"><img loading=\"lazy\" decoding=\"async\" width=\"150\" height=\"150\" src=\"https:\/\/www.arquimaster.com.ar\/web\/wp-content\/uploads\/2018\/10\/espacio10_casafoa2018_6-150x150.jpg\" class=\"attachment-thumbnail size-thumbnail\" alt=\"\" aria-describedby=\"gallery-1-32290\" srcset=\"https:\/\/www.arquimaster.com.ar\/web\/wp-content\/uploads\/2018\/10\/espacio10_casafoa2018_6-150x150.jpg 150w, https:\/\/www.arquimaster.com.ar\/web\/wp-content\/uploads\/2018\/10\/espacio10_casafoa2018_6-50x50.jpg 50w, https:\/\/www.arquimaster.com.ar\/web\/wp-content\/uploads\/2018\/10\/espacio10_casafoa2018_6-125x125.jpg 125w\" sizes=\"auto, (max-width: 150px) 100vw, 150px\" \/><\/a>\n\t\t\t<\/div>\n\t\t\t\t<figcaption class='wp-caption-text gallery-caption' id='gallery-1-32290'>\n\t\t\t\tBa\u00f1o de uso p\u00fablico para personas con movilidad reducida (Espacio 10 \/ Casa FOA 2018) \/ Esteban \u00c1valos (\u00a9 Ana Grucki)\n\t\t\t\t<\/figcaption><\/figure><figure class='gallery-item'>\n\t\t\t<div class='gallery-icon landscape'>\n\t\t\t\t<a href='https:\/\/www.arquimaster.com.ar\/web\/wp-content\/uploads\/2018\/10\/espacio10_casafoa2018_7.jpg' title=\"Ba\u00f1o de uso p\u00fablico para personas con movilidad reducida (Espacio 10 \/ Casa FOA 2018) \/ Esteban \u00c1valos (\u00a9 Ana Grucki)\" data-rl_title=\"Ba\u00f1o de uso p\u00fablico para personas con movilidad reducida (Espacio 10 \/ Casa FOA 2018) \/ Esteban \u00c1valos (\u00a9 Ana Grucki)\" class=\"rl-gallery-link\" data-rl_caption=\"Ba\u00f1o de uso p\u00fablico para personas con movilidad reducida (Espacio 10 \/ Casa FOA 2018) \/ Esteban \u00c1valos (\u00a9 Ana Grucki)\" data-rel=\"lightbox-gallery-1\"><img loading=\"lazy\" decoding=\"async\" width=\"150\" height=\"150\" src=\"https:\/\/www.arquimaster.com.ar\/web\/wp-content\/uploads\/2018\/10\/espacio10_casafoa2018_7-150x150.jpg\" class=\"attachment-thumbnail size-thumbnail\" alt=\"\" aria-describedby=\"gallery-1-32291\" srcset=\"https:\/\/www.arquimaster.com.ar\/web\/wp-content\/uploads\/2018\/10\/espacio10_casafoa2018_7-150x150.jpg 150w, https:\/\/www.arquimaster.com.ar\/web\/wp-content\/uploads\/2018\/10\/espacio10_casafoa2018_7-50x50.jpg 50w, https:\/\/www.arquimaster.com.ar\/web\/wp-content\/uploads\/2018\/10\/espacio10_casafoa2018_7-125x125.jpg 125w\" sizes=\"auto, (max-width: 150px) 100vw, 150px\" \/><\/a>\n\t\t\t<\/div>\n\t\t\t\t<figcaption class='wp-caption-text gallery-caption' id='gallery-1-32291'>\n\t\t\t\tBa\u00f1o de uso p\u00fablico para personas con movilidad reducida (Espacio 10 \/ Casa FOA 2018) \/ Esteban \u00c1valos (\u00a9 Ana Grucki)\n\t\t\t\t<\/figcaption><\/figure><figure class='gallery-item'>\n\t\t\t<div class='gallery-icon portrait'>\n\t\t\t\t<a href='https:\/\/www.arquimaster.com.ar\/web\/wp-content\/uploads\/2018\/10\/espacio10_casafoa2018_8.jpg' title=\"Ba\u00f1o de uso p\u00fablico para personas con movilidad reducida (Espacio 10 \/ Casa FOA 2018) \/ Esteban \u00c1valos (\u00a9 Ana Grucki)\" data-rl_title=\"Ba\u00f1o de uso p\u00fablico para personas con movilidad reducida (Espacio 10 \/ Casa FOA 2018) \/ Esteban \u00c1valos (\u00a9 Ana Grucki)\" class=\"rl-gallery-link\" data-rl_caption=\"Ba\u00f1o de uso p\u00fablico para personas con movilidad reducida (Espacio 10 \/ Casa FOA 2018) \/ Esteban \u00c1valos (\u00a9 Ana Grucki)\" data-rel=\"lightbox-gallery-1\"><img loading=\"lazy\" decoding=\"async\" width=\"150\" height=\"150\" src=\"https:\/\/www.arquimaster.com.ar\/web\/wp-content\/uploads\/2018\/10\/espacio10_casafoa2018_8-150x150.jpg\" class=\"attachment-thumbnail size-thumbnail\" alt=\"\" aria-describedby=\"gallery-1-32292\" srcset=\"https:\/\/www.arquimaster.com.ar\/web\/wp-content\/uploads\/2018\/10\/espacio10_casafoa2018_8-150x150.jpg 150w, https:\/\/www.arquimaster.com.ar\/web\/wp-content\/uploads\/2018\/10\/espacio10_casafoa2018_8-50x50.jpg 50w, https:\/\/www.arquimaster.com.ar\/web\/wp-content\/uploads\/2018\/10\/espacio10_casafoa2018_8-125x125.jpg 125w\" sizes=\"auto, (max-width: 150px) 100vw, 150px\" \/><\/a>\n\t\t\t<\/div>\n\t\t\t\t<figcaption class='wp-caption-text gallery-caption' id='gallery-1-32292'>\n\t\t\t\tBa\u00f1o de uso p\u00fablico para personas con movilidad reducida (Espacio 10 \/ Casa FOA 2018) \/ Esteban \u00c1valos (\u00a9 Ana Grucki)\n\t\t\t\t<\/figcaption><\/figure><figure class='gallery-item'>\n\t\t\t<div class='gallery-icon portrait'>\n\t\t\t\t<a href='https:\/\/www.arquimaster.com.ar\/web\/wp-content\/uploads\/2018\/10\/espacio10_casafoa2018_9.jpg' title=\"Ba\u00f1o de uso p\u00fablico para personas con movilidad reducida (Espacio 10 \/ Casa FOA 2018) \/ Esteban \u00c1valos (\u00a9 Ana Grucki)\" data-rl_title=\"Ba\u00f1o de uso p\u00fablico para personas con movilidad reducida (Espacio 10 \/ Casa FOA 2018) \/ Esteban \u00c1valos (\u00a9 Ana Grucki)\" class=\"rl-gallery-link\" data-rl_caption=\"Ba\u00f1o de uso p\u00fablico para personas con movilidad reducida (Espacio 10 \/ Casa FOA 2018) \/ Esteban \u00c1valos (\u00a9 Ana Grucki)\" data-rel=\"lightbox-gallery-1\"><img loading=\"lazy\" decoding=\"async\" width=\"150\" height=\"150\" src=\"https:\/\/www.arquimaster.com.ar\/web\/wp-content\/uploads\/2018\/10\/espacio10_casafoa2018_9-150x150.jpg\" class=\"attachment-thumbnail size-thumbnail\" alt=\"\" aria-describedby=\"gallery-1-32293\" srcset=\"https:\/\/www.arquimaster.com.ar\/web\/wp-content\/uploads\/2018\/10\/espacio10_casafoa2018_9-150x150.jpg 150w, https:\/\/www.arquimaster.com.ar\/web\/wp-content\/uploads\/2018\/10\/espacio10_casafoa2018_9-50x50.jpg 50w, https:\/\/www.arquimaster.com.ar\/web\/wp-content\/uploads\/2018\/10\/espacio10_casafoa2018_9-125x125.jpg 125w\" sizes=\"auto, (max-width: 150px) 100vw, 150px\" \/><\/a>\n\t\t\t<\/div>\n\t\t\t\t<figcaption class='wp-caption-text gallery-caption' id='gallery-1-32293'>\n\t\t\t\tBa\u00f1o de uso p\u00fablico para personas con movilidad reducida (Espacio 10 \/ Casa FOA 2018) \/ Esteban \u00c1valos (\u00a9 Ana Grucki)\n\t\t\t\t<\/figcaption><\/figure><figure class='gallery-item'>\n\t\t\t<div class='gallery-icon portrait'>\n\t\t\t\t<a href='https:\/\/www.arquimaster.com.ar\/web\/wp-content\/uploads\/2018\/10\/espacio10_casafoa2018_10.jpg' title=\"Ba\u00f1o de uso p\u00fablico para personas con movilidad reducida (Espacio 10 \/ Casa FOA 2018) \/ Esteban \u00c1valos (\u00a9 Ana Grucki)\" data-rl_title=\"Ba\u00f1o de uso p\u00fablico para personas con movilidad reducida (Espacio 10 \/ Casa FOA 2018) \/ Esteban \u00c1valos (\u00a9 Ana Grucki)\" class=\"rl-gallery-link\" data-rl_caption=\"Ba\u00f1o de uso p\u00fablico para personas con movilidad reducida (Espacio 10 \/ Casa FOA 2018) \/ Esteban \u00c1valos (\u00a9 Ana Grucki)\" data-rel=\"lightbox-gallery-1\"><img loading=\"lazy\" decoding=\"async\" width=\"150\" height=\"150\" src=\"https:\/\/www.arquimaster.com.ar\/web\/wp-content\/uploads\/2018\/10\/espacio10_casafoa2018_10-150x150.jpg\" class=\"attachment-thumbnail size-thumbnail\" alt=\"\" aria-describedby=\"gallery-1-32294\" srcset=\"https:\/\/www.arquimaster.com.ar\/web\/wp-content\/uploads\/2018\/10\/espacio10_casafoa2018_10-150x150.jpg 150w, https:\/\/www.arquimaster.com.ar\/web\/wp-content\/uploads\/2018\/10\/espacio10_casafoa2018_10-50x50.jpg 50w, https:\/\/www.arquimaster.com.ar\/web\/wp-content\/uploads\/2018\/10\/espacio10_casafoa2018_10-125x125.jpg 125w\" sizes=\"auto, (max-width: 150px) 100vw, 150px\" \/><\/a>\n\t\t\t<\/div>\n\t\t\t\t<figcaption class='wp-caption-text gallery-caption' id='gallery-1-32294'>\n\t\t\t\tBa\u00f1o de uso p\u00fablico para personas con movilidad reducida (Espacio 10 \/ Casa FOA 2018) \/ Esteban \u00c1valos (\u00a9 Ana Grucki)\n\t\t\t\t<\/figcaption><\/figure><figure class='gallery-item'>\n\t\t\t<div class='gallery-icon portrait'>\n\t\t\t\t<a href='https:\/\/www.arquimaster.com.ar\/web\/wp-content\/uploads\/2018\/10\/espacio10_casafoa2018_11.jpg' title=\"Ba\u00f1o de uso p\u00fablico para personas con movilidad reducida (Espacio 10 \/ Casa FOA 2018) \/ Esteban \u00c1valos (\u00a9 Ana Grucki)\" data-rl_title=\"Ba\u00f1o de uso p\u00fablico para personas con movilidad reducida (Espacio 10 \/ Casa FOA 2018) \/ Esteban \u00c1valos (\u00a9 Ana Grucki)\" class=\"rl-gallery-link\" data-rl_caption=\"Ba\u00f1o de uso p\u00fablico para personas con movilidad reducida (Espacio 10 \/ Casa FOA 2018) \/ Esteban \u00c1valos (\u00a9 Ana Grucki)\" data-rel=\"lightbox-gallery-1\"><img loading=\"lazy\" decoding=\"async\" width=\"150\" height=\"150\" src=\"https:\/\/www.arquimaster.com.ar\/web\/wp-content\/uploads\/2018\/10\/espacio10_casafoa2018_11-150x150.jpg\" class=\"attachment-thumbnail size-thumbnail\" alt=\"\" aria-describedby=\"gallery-1-32295\" srcset=\"https:\/\/www.arquimaster.com.ar\/web\/wp-content\/uploads\/2018\/10\/espacio10_casafoa2018_11-150x150.jpg 150w, https:\/\/www.arquimaster.com.ar\/web\/wp-content\/uploads\/2018\/10\/espacio10_casafoa2018_11-50x50.jpg 50w, https:\/\/www.arquimaster.com.ar\/web\/wp-content\/uploads\/2018\/10\/espacio10_casafoa2018_11-125x125.jpg 125w\" sizes=\"auto, (max-width: 150px) 100vw, 150px\" \/><\/a>\n\t\t\t<\/div>\n\t\t\t\t<figcaption class='wp-caption-text gallery-caption' id='gallery-1-32295'>\n\t\t\t\tBa\u00f1o de uso p\u00fablico para personas con movilidad reducida (Espacio 10 \/ Casa FOA 2018) \/ Esteban \u00c1valos (\u00a9 Ana Grucki)\n\t\t\t\t<\/figcaption><\/figure><figure class='gallery-item'>\n\t\t\t<div class='gallery-icon portrait'>\n\t\t\t\t<a href='https:\/\/www.arquimaster.com.ar\/web\/wp-content\/uploads\/2018\/10\/espacio10_casafoa2018_12.jpg' title=\"Ba\u00f1o de uso p\u00fablico para personas con movilidad reducida (Espacio 10 \/ Casa FOA 2018) \/ Esteban \u00c1valos (\u00a9 Ana Grucki)\" data-rl_title=\"Ba\u00f1o de uso p\u00fablico para personas con movilidad reducida (Espacio 10 \/ Casa FOA 2018) \/ Esteban \u00c1valos (\u00a9 Ana Grucki)\" class=\"rl-gallery-link\" data-rl_caption=\"Ba\u00f1o de uso p\u00fablico para personas con movilidad reducida (Espacio 10 \/ Casa FOA 2018) \/ Esteban \u00c1valos (\u00a9 Ana Grucki)\" data-rel=\"lightbox-gallery-1\"><img loading=\"lazy\" decoding=\"async\" width=\"150\" height=\"150\" src=\"https:\/\/www.arquimaster.com.ar\/web\/wp-content\/uploads\/2018\/10\/espacio10_casafoa2018_12-150x150.jpg\" class=\"attachment-thumbnail size-thumbnail\" alt=\"\" aria-describedby=\"gallery-1-32296\" srcset=\"https:\/\/www.arquimaster.com.ar\/web\/wp-content\/uploads\/2018\/10\/espacio10_casafoa2018_12-150x150.jpg 150w, https:\/\/www.arquimaster.com.ar\/web\/wp-content\/uploads\/2018\/10\/espacio10_casafoa2018_12-50x50.jpg 50w, https:\/\/www.arquimaster.com.ar\/web\/wp-content\/uploads\/2018\/10\/espacio10_casafoa2018_12-125x125.jpg 125w\" sizes=\"auto, (max-width: 150px) 100vw, 150px\" \/><\/a>\n\t\t\t<\/div>\n\t\t\t\t<figcaption class='wp-caption-text gallery-caption' id='gallery-1-32296'>\n\t\t\t\tBa\u00f1o de uso p\u00fablico para personas con movilidad reducida (Espacio 10 \/ Casa FOA 2018) \/ Esteban \u00c1valos (\u00a9 Ana Grucki)\n\t\t\t\t<\/figcaption><\/figure><figure class='gallery-item'>\n\t\t\t<div class='gallery-icon portrait'>\n\t\t\t\t<a href='https:\/\/www.arquimaster.com.ar\/web\/wp-content\/uploads\/2018\/10\/espacio10_casafoa2018_13.jpg' title=\"Ba\u00f1o de uso p\u00fablico para personas con movilidad reducida (Espacio 10 \/ Casa FOA 2018) \/ Esteban \u00c1valos (\u00a9 Ana Grucki)\" data-rl_title=\"Ba\u00f1o de uso p\u00fablico para personas con movilidad reducida (Espacio 10 \/ Casa FOA 2018) \/ Esteban \u00c1valos (\u00a9 Ana Grucki)\" class=\"rl-gallery-link\" data-rl_caption=\"Ba\u00f1o de uso p\u00fablico para personas con movilidad reducida (Espacio 10 \/ Casa FOA 2018) \/ Esteban \u00c1valos (\u00a9 Ana Grucki)\" data-rel=\"lightbox-gallery-1\"><img loading=\"lazy\" decoding=\"async\" width=\"150\" height=\"150\" src=\"https:\/\/www.arquimaster.com.ar\/web\/wp-content\/uploads\/2018\/10\/espacio10_casafoa2018_13-150x150.jpg\" class=\"attachment-thumbnail size-thumbnail\" alt=\"\" aria-describedby=\"gallery-1-32297\" srcset=\"https:\/\/www.arquimaster.com.ar\/web\/wp-content\/uploads\/2018\/10\/espacio10_casafoa2018_13-150x150.jpg 150w, https:\/\/www.arquimaster.com.ar\/web\/wp-content\/uploads\/2018\/10\/espacio10_casafoa2018_13-50x50.jpg 50w, https:\/\/www.arquimaster.com.ar\/web\/wp-content\/uploads\/2018\/10\/espacio10_casafoa2018_13-125x125.jpg 125w\" sizes=\"auto, (max-width: 150px) 100vw, 150px\" \/><\/a>\n\t\t\t<\/div>\n\t\t\t\t<figcaption class='wp-caption-text gallery-caption' id='gallery-1-32297'>\n\t\t\t\tBa\u00f1o de uso p\u00fablico para personas con movilidad reducida (Espacio 10 \/ Casa FOA 2018) \/ Esteban \u00c1valos (\u00a9 Ana Grucki)\n\t\t\t\t<\/figcaption><\/figure><figure class='gallery-item'>\n\t\t\t<div class='gallery-icon portrait'>\n\t\t\t\t<a href='https:\/\/www.arquimaster.com.ar\/web\/wp-content\/uploads\/2018\/10\/espacio10_casafoa2018_14.jpg' title=\"Ba\u00f1o de uso p\u00fablico para personas con movilidad reducida (Espacio 10 \/ Casa FOA 2018) \/ Esteban \u00c1valos (\u00a9 Ana Grucki)\" data-rl_title=\"Ba\u00f1o de uso p\u00fablico para personas con movilidad reducida (Espacio 10 \/ Casa FOA 2018) \/ Esteban \u00c1valos (\u00a9 Ana Grucki)\" class=\"rl-gallery-link\" data-rl_caption=\"Ba\u00f1o de uso p\u00fablico para personas con movilidad reducida (Espacio 10 \/ Casa FOA 2018) \/ Esteban \u00c1valos (\u00a9 Ana Grucki)\" data-rel=\"lightbox-gallery-1\"><img loading=\"lazy\" decoding=\"async\" width=\"150\" height=\"150\" src=\"https:\/\/www.arquimaster.com.ar\/web\/wp-content\/uploads\/2018\/10\/espacio10_casafoa2018_14-150x150.jpg\" class=\"attachment-thumbnail size-thumbnail\" alt=\"\" aria-describedby=\"gallery-1-32298\" srcset=\"https:\/\/www.arquimaster.com.ar\/web\/wp-content\/uploads\/2018\/10\/espacio10_casafoa2018_14-150x150.jpg 150w, https:\/\/www.arquimaster.com.ar\/web\/wp-content\/uploads\/2018\/10\/espacio10_casafoa2018_14-50x50.jpg 50w, https:\/\/www.arquimaster.com.ar\/web\/wp-content\/uploads\/2018\/10\/espacio10_casafoa2018_14-125x125.jpg 125w\" sizes=\"auto, (max-width: 150px) 100vw, 150px\" \/><\/a>\n\t\t\t<\/div>\n\t\t\t\t<figcaption class='wp-caption-text gallery-caption' id='gallery-1-32298'>\n\t\t\t\tBa\u00f1o de uso p\u00fablico para personas con movilidad reducida (Espacio 10 \/ Casa FOA 2018) \/ Esteban \u00c1valos (\u00a9 Ana Grucki)\n\t\t\t\t<\/figcaption><\/figure><figure class='gallery-item'>\n\t\t\t<div class='gallery-icon portrait'>\n\t\t\t\t<a href='https:\/\/www.arquimaster.com.ar\/web\/wp-content\/uploads\/2018\/10\/espacio10_casafoa2018_15.jpg' title=\"Ba\u00f1o de uso p\u00fablico para personas con movilidad reducida (Espacio 10 \/ Casa FOA 2018) \/ Esteban \u00c1valos (\u00a9 Ana Grucki)\" data-rl_title=\"Ba\u00f1o de uso p\u00fablico para personas con movilidad reducida (Espacio 10 \/ Casa FOA 2018) \/ Esteban \u00c1valos (\u00a9 Ana Grucki)\" class=\"rl-gallery-link\" data-rl_caption=\"Ba\u00f1o de uso p\u00fablico para personas con movilidad reducida (Espacio 10 \/ Casa FOA 2018) \/ Esteban \u00c1valos (\u00a9 Ana Grucki)\" data-rel=\"lightbox-gallery-1\"><img loading=\"lazy\" decoding=\"async\" width=\"150\" height=\"150\" src=\"https:\/\/www.arquimaster.com.ar\/web\/wp-content\/uploads\/2018\/10\/espacio10_casafoa2018_15-150x150.jpg\" class=\"attachment-thumbnail size-thumbnail\" alt=\"\" aria-describedby=\"gallery-1-32299\" srcset=\"https:\/\/www.arquimaster.com.ar\/web\/wp-content\/uploads\/2018\/10\/espacio10_casafoa2018_15-150x150.jpg 150w, https:\/\/www.arquimaster.com.ar\/web\/wp-content\/uploads\/2018\/10\/espacio10_casafoa2018_15-50x50.jpg 50w, https:\/\/www.arquimaster.com.ar\/web\/wp-content\/uploads\/2018\/10\/espacio10_casafoa2018_15-125x125.jpg 125w\" sizes=\"auto, (max-width: 150px) 100vw, 150px\" \/><\/a>\n\t\t\t<\/div>\n\t\t\t\t<figcaption class='wp-caption-text gallery-caption' id='gallery-1-32299'>\n\t\t\t\tBa\u00f1o de uso p\u00fablico para personas con movilidad reducida (Espacio 10 \/ Casa FOA 2018) \/ Esteban \u00c1valos (\u00a9 Ana Grucki)\n\t\t\t\t<\/figcaption><\/figure>\n\t\t<\/div>\n\n<p>Es un ba\u00f1o con personalidad, elegante y sofisticado, logrado con la combinaci\u00f3n del porcellanato s\u00edmil madera (Surghero) y el porcellanato s\u00edmil piedra (Basaltina Black), ambos de Vite Porcellanato.<\/p>\n<p>Uno de los desaf\u00edo fue cambiar la bacha t\u00edpica que se encuentran en un ba\u00f1o de estas caracter\u00edsticas por otra pero respetando las medidas m\u00ednimas reglamentarias. Raz\u00f3n por la cual dise\u00f1e dos muebles en melanina (modelo Gaud\u00ed) los cuales fueron revestidos con porcellanato (s\u00edmil madera), uno de los cuales es una zona de guardado y el otro para el cesto de residuos.<\/p>\n<p>En el sector del paso jugu\u00e9 con la superposici\u00f3n de materiales, melanina, porcellanato s\u00edmil madera y una placa de Dekton Enzto de Canteras del Mundo, la cual esta iluminada desde las placas de porcellanato.<\/p>\n<div id='gallery-2' class='gallery galleryid-32283 gallery-columns-3 gallery-size-thumbnail'><figure class='gallery-item'>\n\t\t\t<div class='gallery-icon portrait'>\n\t\t\t\t<a href='https:\/\/www.arquimaster.com.ar\/web\/wp-content\/uploads\/2018\/10\/espacio10_casafoa2018_16.jpg' title=\"Ba\u00f1o de uso p\u00fablico para personas con movilidad reducida (Espacio 10 \/ Casa FOA 2018) \/ Esteban \u00c1valos (\u00a9 Ana Grucki)\" data-rl_title=\"Ba\u00f1o de uso p\u00fablico para personas con movilidad reducida (Espacio 10 \/ Casa FOA 2018) \/ Esteban \u00c1valos (\u00a9 Ana Grucki)\" class=\"rl-gallery-link\" data-rl_caption=\"Ba\u00f1o de uso p\u00fablico para personas con movilidad reducida (Espacio 10 \/ Casa FOA 2018) \/ Esteban \u00c1valos (\u00a9 Ana Grucki)\" data-rel=\"lightbox-gallery-2\"><img loading=\"lazy\" decoding=\"async\" width=\"150\" height=\"150\" src=\"https:\/\/www.arquimaster.com.ar\/web\/wp-content\/uploads\/2018\/10\/espacio10_casafoa2018_16-150x150.jpg\" class=\"attachment-thumbnail size-thumbnail\" alt=\"\" aria-describedby=\"gallery-2-32300\" srcset=\"https:\/\/www.arquimaster.com.ar\/web\/wp-content\/uploads\/2018\/10\/espacio10_casafoa2018_16-150x150.jpg 150w, https:\/\/www.arquimaster.com.ar\/web\/wp-content\/uploads\/2018\/10\/espacio10_casafoa2018_16-50x50.jpg 50w, https:\/\/www.arquimaster.com.ar\/web\/wp-content\/uploads\/2018\/10\/espacio10_casafoa2018_16-125x125.jpg 125w\" sizes=\"auto, (max-width: 150px) 100vw, 150px\" \/><\/a>\n\t\t\t<\/div>\n\t\t\t\t<figcaption class='wp-caption-text gallery-caption' id='gallery-2-32300'>\n\t\t\t\tBa\u00f1o de uso p\u00fablico para personas con movilidad reducida (Espacio 10 \/ Casa FOA 2018) \/ Esteban \u00c1valos (\u00a9 Ana Grucki)\n\t\t\t\t<\/figcaption><\/figure><figure class='gallery-item'>\n\t\t\t<div class='gallery-icon landscape'>\n\t\t\t\t<a href='https:\/\/www.arquimaster.com.ar\/web\/wp-content\/uploads\/2018\/10\/espacio10_casafoa2018_17.jpg' title=\"Ba\u00f1o de uso p\u00fablico para personas con movilidad reducida (Espacio 10 \/ Casa FOA 2018) \/ Esteban \u00c1valos (\u00a9 Ana Grucki)\" data-rl_title=\"Ba\u00f1o de uso p\u00fablico para personas con movilidad reducida (Espacio 10 \/ Casa FOA 2018) \/ Esteban \u00c1valos (\u00a9 Ana Grucki)\" class=\"rl-gallery-link\" data-rl_caption=\"Ba\u00f1o de uso p\u00fablico para personas con movilidad reducida (Espacio 10 \/ Casa FOA 2018) \/ Esteban \u00c1valos (\u00a9 Ana Grucki)\" data-rel=\"lightbox-gallery-2\"><img loading=\"lazy\" decoding=\"async\" width=\"150\" height=\"150\" src=\"https:\/\/www.arquimaster.com.ar\/web\/wp-content\/uploads\/2018\/10\/espacio10_casafoa2018_17-150x150.jpg\" class=\"attachment-thumbnail size-thumbnail\" alt=\"\" aria-describedby=\"gallery-2-32301\" srcset=\"https:\/\/www.arquimaster.com.ar\/web\/wp-content\/uploads\/2018\/10\/espacio10_casafoa2018_17-150x150.jpg 150w, https:\/\/www.arquimaster.com.ar\/web\/wp-content\/uploads\/2018\/10\/espacio10_casafoa2018_17-50x50.jpg 50w, https:\/\/www.arquimaster.com.ar\/web\/wp-content\/uploads\/2018\/10\/espacio10_casafoa2018_17-125x125.jpg 125w\" sizes=\"auto, (max-width: 150px) 100vw, 150px\" \/><\/a>\n\t\t\t<\/div>\n\t\t\t\t<figcaption class='wp-caption-text gallery-caption' id='gallery-2-32301'>\n\t\t\t\tBa\u00f1o de uso p\u00fablico para personas con movilidad reducida (Espacio 10 \/ Casa FOA 2018) \/ Esteban \u00c1valos (\u00a9 Ana Grucki)\n\t\t\t\t<\/figcaption><\/figure><figure class='gallery-item'>\n\t\t\t<div class='gallery-icon landscape'>\n\t\t\t\t<a href='https:\/\/www.arquimaster.com.ar\/web\/wp-content\/uploads\/2018\/10\/espacio10_casafoa2018_18.jpg' title=\"Ba\u00f1o de uso p\u00fablico para personas con movilidad reducida (Espacio 10 \/ Casa FOA 2018) \/ Esteban \u00c1valos (\u00a9 Ana Grucki)\" data-rl_title=\"Ba\u00f1o de uso p\u00fablico para personas con movilidad reducida (Espacio 10 \/ Casa FOA 2018) \/ Esteban \u00c1valos (\u00a9 Ana Grucki)\" class=\"rl-gallery-link\" data-rl_caption=\"Ba\u00f1o de uso p\u00fablico para personas con movilidad reducida (Espacio 10 \/ Casa FOA 2018) \/ Esteban \u00c1valos (\u00a9 Ana Grucki)\" data-rel=\"lightbox-gallery-2\"><img loading=\"lazy\" decoding=\"async\" width=\"150\" height=\"150\" src=\"https:\/\/www.arquimaster.com.ar\/web\/wp-content\/uploads\/2018\/10\/espacio10_casafoa2018_18-150x150.jpg\" class=\"attachment-thumbnail size-thumbnail\" alt=\"\" aria-describedby=\"gallery-2-32302\" srcset=\"https:\/\/www.arquimaster.com.ar\/web\/wp-content\/uploads\/2018\/10\/espacio10_casafoa2018_18-150x150.jpg 150w, https:\/\/www.arquimaster.com.ar\/web\/wp-content\/uploads\/2018\/10\/espacio10_casafoa2018_18-50x50.jpg 50w, https:\/\/www.arquimaster.com.ar\/web\/wp-content\/uploads\/2018\/10\/espacio10_casafoa2018_18-125x125.jpg 125w\" sizes=\"auto, (max-width: 150px) 100vw, 150px\" \/><\/a>\n\t\t\t<\/div>\n\t\t\t\t<figcaption class='wp-caption-text gallery-caption' id='gallery-2-32302'>\n\t\t\t\tBa\u00f1o de uso p\u00fablico para personas con movilidad reducida (Espacio 10 \/ Casa FOA 2018) \/ Esteban \u00c1valos (\u00a9 Ana Grucki)\n\t\t\t\t<\/figcaption><\/figure><figure class='gallery-item'>\n\t\t\t<div class='gallery-icon portrait'>\n\t\t\t\t<a href='https:\/\/www.arquimaster.com.ar\/web\/wp-content\/uploads\/2018\/10\/espacio10_casafoa2018_19.jpg' title=\"Ba\u00f1o de uso p\u00fablico para personas con movilidad reducida (Espacio 10 \/ Casa FOA 2018) \/ Esteban \u00c1valos (\u00a9 Ana Grucki)\" data-rl_title=\"Ba\u00f1o de uso p\u00fablico para personas con movilidad reducida (Espacio 10 \/ Casa FOA 2018) \/ Esteban \u00c1valos (\u00a9 Ana Grucki)\" class=\"rl-gallery-link\" data-rl_caption=\"Ba\u00f1o de uso p\u00fablico para personas con movilidad reducida (Espacio 10 \/ Casa FOA 2018) \/ Esteban \u00c1valos (\u00a9 Ana Grucki)\" data-rel=\"lightbox-gallery-2\"><img loading=\"lazy\" decoding=\"async\" width=\"150\" height=\"150\" src=\"https:\/\/www.arquimaster.com.ar\/web\/wp-content\/uploads\/2018\/10\/espacio10_casafoa2018_19-150x150.jpg\" class=\"attachment-thumbnail size-thumbnail\" alt=\"\" aria-describedby=\"gallery-2-32303\" srcset=\"https:\/\/www.arquimaster.com.ar\/web\/wp-content\/uploads\/2018\/10\/espacio10_casafoa2018_19-150x150.jpg 150w, https:\/\/www.arquimaster.com.ar\/web\/wp-content\/uploads\/2018\/10\/espacio10_casafoa2018_19-50x50.jpg 50w, https:\/\/www.arquimaster.com.ar\/web\/wp-content\/uploads\/2018\/10\/espacio10_casafoa2018_19-125x125.jpg 125w\" sizes=\"auto, (max-width: 150px) 100vw, 150px\" \/><\/a>\n\t\t\t<\/div>\n\t\t\t\t<figcaption class='wp-caption-text gallery-caption' id='gallery-2-32303'>\n\t\t\t\tBa\u00f1o de uso p\u00fablico para personas con movilidad reducida (Espacio 10 \/ Casa FOA 2018) \/ Esteban \u00c1valos (\u00a9 Ana Grucki)\n\t\t\t\t<\/figcaption><\/figure><figure class='gallery-item'>\n\t\t\t<div class='gallery-icon landscape'>\n\t\t\t\t<a href='https:\/\/www.arquimaster.com.ar\/web\/wp-content\/uploads\/2018\/10\/espacio10_casafoa2018_20.jpg' title=\"Ba\u00f1o de uso p\u00fablico para personas con movilidad reducida (Espacio 10 \/ Casa FOA 2018) \/ Esteban \u00c1valos (\u00a9 Ana Grucki)\" data-rl_title=\"Ba\u00f1o de uso p\u00fablico para personas con movilidad reducida (Espacio 10 \/ Casa FOA 2018) \/ Esteban \u00c1valos (\u00a9 Ana Grucki)\" class=\"rl-gallery-link\" data-rl_caption=\"Ba\u00f1o de uso p\u00fablico para personas con movilidad reducida (Espacio 10 \/ Casa FOA 2018) \/ Esteban \u00c1valos (\u00a9 Ana Grucki)\" data-rel=\"lightbox-gallery-2\"><img loading=\"lazy\" decoding=\"async\" width=\"150\" height=\"150\" src=\"https:\/\/www.arquimaster.com.ar\/web\/wp-content\/uploads\/2018\/10\/espacio10_casafoa2018_20-150x150.jpg\" class=\"attachment-thumbnail size-thumbnail\" alt=\"\" aria-describedby=\"gallery-2-32304\" srcset=\"https:\/\/www.arquimaster.com.ar\/web\/wp-content\/uploads\/2018\/10\/espacio10_casafoa2018_20-150x150.jpg 150w, https:\/\/www.arquimaster.com.ar\/web\/wp-content\/uploads\/2018\/10\/espacio10_casafoa2018_20-50x50.jpg 50w, https:\/\/www.arquimaster.com.ar\/web\/wp-content\/uploads\/2018\/10\/espacio10_casafoa2018_20-125x125.jpg 125w\" sizes=\"auto, (max-width: 150px) 100vw, 150px\" \/><\/a>\n\t\t\t<\/div>\n\t\t\t\t<figcaption class='wp-caption-text gallery-caption' id='gallery-2-32304'>\n\t\t\t\tBa\u00f1o de uso p\u00fablico para personas con movilidad reducida (Espacio 10 \/ Casa FOA 2018) \/ Esteban \u00c1valos (\u00a9 Ana Grucki)\n\t\t\t\t<\/figcaption><\/figure><figure class='gallery-item'>\n\t\t\t<div class='gallery-icon landscape'>\n\t\t\t\t<a href='https:\/\/www.arquimaster.com.ar\/web\/wp-content\/uploads\/2018\/10\/espacio10_casafoa2018_21.jpg' title=\"Ba\u00f1o de uso p\u00fablico para personas con movilidad reducida (Espacio 10 \/ Casa FOA 2018) \/ Esteban \u00c1valos (\u00a9 Ana Grucki)\" data-rl_title=\"Ba\u00f1o de uso p\u00fablico para personas con movilidad reducida (Espacio 10 \/ Casa FOA 2018) \/ Esteban \u00c1valos (\u00a9 Ana Grucki)\" class=\"rl-gallery-link\" data-rl_caption=\"Ba\u00f1o de uso p\u00fablico para personas con movilidad reducida (Espacio 10 \/ Casa FOA 2018) \/ Esteban \u00c1valos (\u00a9 Ana Grucki)\" data-rel=\"lightbox-gallery-2\"><img loading=\"lazy\" decoding=\"async\" width=\"150\" height=\"150\" src=\"https:\/\/www.arquimaster.com.ar\/web\/wp-content\/uploads\/2018\/10\/espacio10_casafoa2018_21-150x150.jpg\" class=\"attachment-thumbnail size-thumbnail\" alt=\"\" aria-describedby=\"gallery-2-32305\" srcset=\"https:\/\/www.arquimaster.com.ar\/web\/wp-content\/uploads\/2018\/10\/espacio10_casafoa2018_21-150x150.jpg 150w, https:\/\/www.arquimaster.com.ar\/web\/wp-content\/uploads\/2018\/10\/espacio10_casafoa2018_21-50x50.jpg 50w, https:\/\/www.arquimaster.com.ar\/web\/wp-content\/uploads\/2018\/10\/espacio10_casafoa2018_21-125x125.jpg 125w\" sizes=\"auto, (max-width: 150px) 100vw, 150px\" \/><\/a>\n\t\t\t<\/div>\n\t\t\t\t<figcaption class='wp-caption-text gallery-caption' id='gallery-2-32305'>\n\t\t\t\tBa\u00f1o de uso p\u00fablico para personas con movilidad reducida (Espacio 10 \/ Casa FOA 2018) \/ Esteban \u00c1valos (\u00a9 Ana Grucki)\n\t\t\t\t<\/figcaption><\/figure><figure class='gallery-item'>\n\t\t\t<div class='gallery-icon portrait'>\n\t\t\t\t<a href='https:\/\/www.arquimaster.com.ar\/web\/wp-content\/uploads\/2018\/10\/espacio10_casafoa2018_22.jpg' title=\"Ba\u00f1o de uso p\u00fablico para personas con movilidad reducida (Espacio 10 \/ Casa FOA 2018) \/ Esteban \u00c1valos (\u00a9 Ana Grucki)\" data-rl_title=\"Ba\u00f1o de uso p\u00fablico para personas con movilidad reducida (Espacio 10 \/ Casa FOA 2018) \/ Esteban \u00c1valos (\u00a9 Ana Grucki)\" class=\"rl-gallery-link\" data-rl_caption=\"Ba\u00f1o de uso p\u00fablico para personas con movilidad reducida (Espacio 10 \/ Casa FOA 2018) \/ Esteban \u00c1valos (\u00a9 Ana Grucki)\" data-rel=\"lightbox-gallery-2\"><img loading=\"lazy\" decoding=\"async\" width=\"150\" height=\"150\" src=\"https:\/\/www.arquimaster.com.ar\/web\/wp-content\/uploads\/2018\/10\/espacio10_casafoa2018_22-150x150.jpg\" class=\"attachment-thumbnail size-thumbnail\" alt=\"\" aria-describedby=\"gallery-2-32306\" srcset=\"https:\/\/www.arquimaster.com.ar\/web\/wp-content\/uploads\/2018\/10\/espacio10_casafoa2018_22-150x150.jpg 150w, https:\/\/www.arquimaster.com.ar\/web\/wp-content\/uploads\/2018\/10\/espacio10_casafoa2018_22-50x50.jpg 50w, https:\/\/www.arquimaster.com.ar\/web\/wp-content\/uploads\/2018\/10\/espacio10_casafoa2018_22-125x125.jpg 125w\" sizes=\"auto, (max-width: 150px) 100vw, 150px\" \/><\/a>\n\t\t\t<\/div>\n\t\t\t\t<figcaption class='wp-caption-text gallery-caption' id='gallery-2-32306'>\n\t\t\t\tBa\u00f1o de uso p\u00fablico para personas con movilidad reducida (Espacio 10 \/ Casa FOA 2018) \/ Esteban \u00c1valos (\u00a9 Ana Grucki)\n\t\t\t\t<\/figcaption><\/figure><figure class='gallery-item'>\n\t\t\t<div class='gallery-icon portrait'>\n\t\t\t\t<a href='https:\/\/www.arquimaster.com.ar\/web\/wp-content\/uploads\/2018\/10\/espacio10_casafoa2018_23.jpg' title=\"Ba\u00f1o de uso p\u00fablico para personas con movilidad reducida (Espacio 10 \/ Casa FOA 2018) \/ Esteban \u00c1valos (\u00a9 Casa FOA)\" data-rl_title=\"Ba\u00f1o de uso p\u00fablico para personas con movilidad reducida (Espacio 10 \/ Casa FOA 2018) \/ Esteban \u00c1valos (\u00a9 Casa FOA)\" class=\"rl-gallery-link\" data-rl_caption=\"Ba\u00f1o de uso p\u00fablico para personas con movilidad reducida (Espacio 10 \/ Casa FOA 2018) \/ Esteban \u00c1valos (\u00a9 Casa FOA)\" data-rel=\"lightbox-gallery-2\"><img loading=\"lazy\" decoding=\"async\" width=\"150\" height=\"150\" src=\"https:\/\/www.arquimaster.com.ar\/web\/wp-content\/uploads\/2018\/10\/espacio10_casafoa2018_23-150x150.jpg\" class=\"attachment-thumbnail size-thumbnail\" alt=\"\" aria-describedby=\"gallery-2-32307\" srcset=\"https:\/\/www.arquimaster.com.ar\/web\/wp-content\/uploads\/2018\/10\/espacio10_casafoa2018_23-150x150.jpg 150w, https:\/\/www.arquimaster.com.ar\/web\/wp-content\/uploads\/2018\/10\/espacio10_casafoa2018_23-50x50.jpg 50w, https:\/\/www.arquimaster.com.ar\/web\/wp-content\/uploads\/2018\/10\/espacio10_casafoa2018_23-125x125.jpg 125w\" sizes=\"auto, (max-width: 150px) 100vw, 150px\" \/><\/a>\n\t\t\t<\/div>\n\t\t\t\t<figcaption class='wp-caption-text gallery-caption' id='gallery-2-32307'>\n\t\t\t\tBa\u00f1o de uso p\u00fablico para personas con movilidad reducida (Espacio 10 \/ Casa FOA 2018) \/ Esteban \u00c1valos (\u00a9 Casa FOA)\n\t\t\t\t<\/figcaption><\/figure><figure class='gallery-item'>\n\t\t\t<div class='gallery-icon landscape'>\n\t\t\t\t<a href='https:\/\/www.arquimaster.com.ar\/web\/wp-content\/uploads\/2018\/10\/espacio10_casafoa2018_24.jpg' title=\"Ba\u00f1o de uso p\u00fablico para personas con movilidad reducida (Espacio 10 \/ Casa FOA 2018) \/ Esteban \u00c1valos (\u00a9 Casa FOA)\" data-rl_title=\"Ba\u00f1o de uso p\u00fablico para personas con movilidad reducida (Espacio 10 \/ Casa FOA 2018) \/ Esteban \u00c1valos (\u00a9 Casa FOA)\" class=\"rl-gallery-link\" data-rl_caption=\"Ba\u00f1o de uso p\u00fablico para personas con movilidad reducida (Espacio 10 \/ Casa FOA 2018) \/ Esteban \u00c1valos (\u00a9 Casa FOA)\" data-rel=\"lightbox-gallery-2\"><img loading=\"lazy\" decoding=\"async\" width=\"150\" height=\"150\" src=\"https:\/\/www.arquimaster.com.ar\/web\/wp-content\/uploads\/2018\/10\/espacio10_casafoa2018_24-150x150.jpg\" class=\"attachment-thumbnail size-thumbnail\" alt=\"\" aria-describedby=\"gallery-2-32308\" srcset=\"https:\/\/www.arquimaster.com.ar\/web\/wp-content\/uploads\/2018\/10\/espacio10_casafoa2018_24-150x150.jpg 150w, https:\/\/www.arquimaster.com.ar\/web\/wp-content\/uploads\/2018\/10\/espacio10_casafoa2018_24-50x50.jpg 50w, https:\/\/www.arquimaster.com.ar\/web\/wp-content\/uploads\/2018\/10\/espacio10_casafoa2018_24-125x125.jpg 125w\" sizes=\"auto, (max-width: 150px) 100vw, 150px\" \/><\/a>\n\t\t\t<\/div>\n\t\t\t\t<figcaption class='wp-caption-text gallery-caption' id='gallery-2-32308'>\n\t\t\t\tBa\u00f1o de uso p\u00fablico para personas con movilidad reducida (Espacio 10 \/ Casa FOA 2018) \/ Esteban \u00c1valos (\u00a9 Casa FOA)\n\t\t\t\t<\/figcaption><\/figure><figure class='gallery-item'>\n\t\t\t<div class='gallery-icon portrait'>\n\t\t\t\t<a href='https:\/\/www.arquimaster.com.ar\/web\/wp-content\/uploads\/2018\/10\/espacio10_casafoa2018_25.jpg' title=\"Ba\u00f1o de uso p\u00fablico para personas con movilidad reducida (Espacio 10 \/ Casa FOA 2018) \/ Esteban \u00c1valos (\u00a9 Casa FOA)\" data-rl_title=\"Ba\u00f1o de uso p\u00fablico para personas con movilidad reducida (Espacio 10 \/ Casa FOA 2018) \/ Esteban \u00c1valos (\u00a9 Casa FOA)\" class=\"rl-gallery-link\" data-rl_caption=\"Ba\u00f1o de uso p\u00fablico para personas con movilidad reducida (Espacio 10 \/ Casa FOA 2018) \/ Esteban \u00c1valos (\u00a9 Casa FOA)\" data-rel=\"lightbox-gallery-2\"><img loading=\"lazy\" decoding=\"async\" width=\"150\" height=\"150\" src=\"https:\/\/www.arquimaster.com.ar\/web\/wp-content\/uploads\/2018\/10\/espacio10_casafoa2018_25-150x150.jpg\" class=\"attachment-thumbnail size-thumbnail\" alt=\"\" aria-describedby=\"gallery-2-32309\" srcset=\"https:\/\/www.arquimaster.com.ar\/web\/wp-content\/uploads\/2018\/10\/espacio10_casafoa2018_25-150x150.jpg 150w, https:\/\/www.arquimaster.com.ar\/web\/wp-content\/uploads\/2018\/10\/espacio10_casafoa2018_25-50x50.jpg 50w, https:\/\/www.arquimaster.com.ar\/web\/wp-content\/uploads\/2018\/10\/espacio10_casafoa2018_25-125x125.jpg 125w\" sizes=\"auto, (max-width: 150px) 100vw, 150px\" \/><\/a>\n\t\t\t<\/div>\n\t\t\t\t<figcaption class='wp-caption-text gallery-caption' id='gallery-2-32309'>\n\t\t\t\tBa\u00f1o de uso p\u00fablico para personas con movilidad reducida (Espacio 10 \/ Casa FOA 2018) \/ Esteban \u00c1valos (\u00a9 Casa FOA)\n\t\t\t\t<\/figcaption><\/figure><figure class='gallery-item'>\n\t\t\t<div class='gallery-icon portrait'>\n\t\t\t\t<a href='https:\/\/www.arquimaster.com.ar\/web\/wp-content\/uploads\/2018\/10\/espacio10_casafoa2018_26.jpg' title=\"Ba\u00f1o de uso p\u00fablico para personas con movilidad reducida (Espacio 10 \/ Casa FOA 2018) \/ Esteban \u00c1valos (\u00a9 Casa FOA)\" data-rl_title=\"Ba\u00f1o de uso p\u00fablico para personas con movilidad reducida (Espacio 10 \/ Casa FOA 2018) \/ Esteban \u00c1valos (\u00a9 Casa FOA)\" class=\"rl-gallery-link\" data-rl_caption=\"Ba\u00f1o de uso p\u00fablico para personas con movilidad reducida (Espacio 10 \/ Casa FOA 2018) \/ Esteban \u00c1valos (\u00a9 Casa FOA)\" data-rel=\"lightbox-gallery-2\"><img loading=\"lazy\" decoding=\"async\" width=\"150\" height=\"150\" src=\"https:\/\/www.arquimaster.com.ar\/web\/wp-content\/uploads\/2018\/10\/espacio10_casafoa2018_26-150x150.jpg\" class=\"attachment-thumbnail size-thumbnail\" alt=\"\" aria-describedby=\"gallery-2-32310\" srcset=\"https:\/\/www.arquimaster.com.ar\/web\/wp-content\/uploads\/2018\/10\/espacio10_casafoa2018_26-150x150.jpg 150w, https:\/\/www.arquimaster.com.ar\/web\/wp-content\/uploads\/2018\/10\/espacio10_casafoa2018_26-50x50.jpg 50w, https:\/\/www.arquimaster.com.ar\/web\/wp-content\/uploads\/2018\/10\/espacio10_casafoa2018_26-125x125.jpg 125w\" sizes=\"auto, (max-width: 150px) 100vw, 150px\" \/><\/a>\n\t\t\t<\/div>\n\t\t\t\t<figcaption class='wp-caption-text gallery-caption' id='gallery-2-32310'>\n\t\t\t\tBa\u00f1o de uso p\u00fablico para personas con movilidad reducida (Espacio 10 \/ Casa FOA 2018) \/ Esteban \u00c1valos (\u00a9 Casa FOA)\n\t\t\t\t<\/figcaption><\/figure>\n\t\t<\/div>\n\n<p>El ba\u00f1o tiene una vista al jard\u00edn y fue esto lo que me inspir\u00f3 para traer un poco de esa naturaleza al interior y plasmarla en el techo con un mural utilizando la paleta de Alba llamada \u00abEspacio para Pensar\u00bb (siguiendo la inspiraci\u00f3n del ex convento que son lugares para pensar, reflexionar).<\/p>\n<p>La paleta tiene colores neutros, los cuales iban perfecto con los materiales que utilic\u00e9. Combinando lo org\u00e1nico con l\u00edneas rectas logrando una fusi\u00f3n entre el exterior y el dise\u00f1o interior del ba\u00f1o.<\/p>\n<p>El toque final fue la terminaci\u00f3n con perfiles Atrim (distintos modelos con acabado oro brillante) aplicados en distintas sectores (piso, muro y mobiliario).<\/p>\n<p><strong>Contacto<br \/>\n<\/strong><a href=\"http:\/\/www.avalosinteriorismo.com\" target=\"_blank\" rel=\"noopener\">http:\/\/www.avalosinteriorismo.com<\/a><br \/>\nFacebook: \/avalosinteriorismo<br \/>\nInstagram: @avalosinteriorismo<\/p>\n<p><strong>Fotos<br \/>\n<\/strong>Ana Grucki<br \/>\nPrensa Casa FOA 2018<\/p>\n<p><strong>Plano de la muestra<\/strong><\/p>\n<div id='gallery-3' class='gallery galleryid-32283 gallery-columns-3 gallery-size-thumbnail'><figure class='gallery-item'>\n\t\t\t<div class='gallery-icon portrait'>\n\t\t\t\t<a href='https:\/\/www.arquimaster.com.ar\/web\/wp-content\/uploads\/2018\/09\/plano_casa_foa_2018.jpg' title=\"Casa FOA 2018 \/ Cassa Devoto\" data-rl_title=\"Casa FOA 2018 \/ Cassa Devoto\" class=\"rl-gallery-link\" data-rl_caption=\"Casa FOA 2018 \/ Cassa Devoto\" data-rel=\"lightbox-gallery-3\"><img loading=\"lazy\" decoding=\"async\" width=\"150\" height=\"150\" src=\"https:\/\/www.arquimaster.com.ar\/web\/wp-content\/uploads\/2018\/09\/plano_casa_foa_2018-150x150.jpg\" class=\"attachment-thumbnail size-thumbnail\" alt=\"\" aria-describedby=\"gallery-3-31322\" srcset=\"https:\/\/www.arquimaster.com.ar\/web\/wp-content\/uploads\/2018\/09\/plano_casa_foa_2018-150x150.jpg 150w, https:\/\/www.arquimaster.com.ar\/web\/wp-content\/uploads\/2018\/09\/plano_casa_foa_2018-50x50.jpg 50w, https:\/\/www.arquimaster.com.ar\/web\/wp-content\/uploads\/2018\/09\/plano_casa_foa_2018-125x125.jpg 125w\" sizes=\"auto, (max-width: 150px) 100vw, 150px\" \/><\/a>\n\t\t\t<\/div>\n\t\t\t\t<figcaption class='wp-caption-text gallery-caption' id='gallery-3-31322'>\n\t\t\t\tCasa FOA 2018 \/ Cassa Devoto\n\t\t\t\t<\/figcaption><\/figure>\n\t\t<\/div>\n\n<p><strong>Sponsors oficiales del espacio<\/strong><\/p>\n<p><strong>Alba<\/strong><br \/>\nPaleta \u00abEspacio para Pensar\u00bb<\/p>\n<p><strong>Atrim<\/strong><br \/>\nPerfiles y terminaciones<\/p>\n<p><strong>Canteras del mundo<\/strong><br \/>\nDekton Enzto<\/p>\n<p><strong>Grass By Luan<\/strong><br \/>\nSistema de Herrajes<\/p>\n<p><strong>Knauf<\/strong><br \/>\nPlaca de yeso<\/p>\n<p><strong>Rehau<\/strong><br \/>\nTapacantos<\/p>\n<p><strong>R\u00edo Uruguay Seguros<\/strong><\/p>\n<p><strong>Roca<\/strong><br \/>\nGrifer\u00eda y artefactos sanitarios<\/p>\n<p><strong>Vite<\/strong><br \/>\nPorcellanato s\u00edmil madera Surghero y s\u00edmil piedra Basaltina Black<\/p>\n<p>&nbsp;<\/p>\n<p><strong>Colaboradores<\/strong><\/p>\n<p><strong>Dwell<\/strong><br \/>\nMobiliario ba\u00f1o<\/p>\n<p><strong>Huup Iluminaci\u00f3n<\/strong><br \/>\nArtefactos de iluminaci\u00f3n<\/p>\n<p><strong>Ciclope<\/strong><br \/>\nMural<\/p>\n<p><strong>Arauco Soluciones<\/strong><br \/>\nMelanina<\/p>\n<p><strong>Cristal Dise\u00f1o<\/strong><br \/>\nEspejos<\/p>\n<p><strong>Gallus Marmoler\u00eda<\/strong><\/p>\n<p>&nbsp;<\/p>\n<p><strong>Sobre Casa FOA 2018 \/ Cassa Devoto<\/strong><br \/>\nCasa FOA, la tradicional exposici\u00f3n nacional de arquitectura, dise\u00f1o interior, paisajismo e industria abrir\u00e1 sus puertas a partir del 21 de septiembre de 2018 y podr\u00e1 recorrerse hasta el 28 de octubre de 2018 en su nueva sede en el ex Convento Nuestra Se\u00f1ora de la Misericordia, ubicado en Pareja 3670, en el barrio de Devoto, Ciudad de Buenos Aires. Cassa Devoto es una joya arquitect\u00f3nica de m\u00e1s de 120 a\u00f1os, con 3000 metros cuadrados de claustros, patios y vegetaci\u00f3n que brindar\u00e1 los escenarios donde dise\u00f1adores y arquitectos desplegar\u00e1n toda su creatividad.<\/p>\n<p>La nueva sede abrir\u00e1 todos los d\u00edas de 12 a 20 horas y los viernes con Casa FOA Night hasta las 23 horas, los viernes a partir de las 19 horas se podr\u00e1 acceder con el beneficio de 2&#215;1. La entrada tendr\u00e1 un valor de $ 240 en boleter\u00eda y se podr\u00e1n adquirir entradas anticipadas a trav\u00e9s de la p\u00e1gina web de Casa FOA. Casa FOA ya es un \u00edcono de la arquitectura y el dise\u00f1o, tal es as\u00ed que este a\u00f1o, celebrando su edici\u00f3n N\u00ba 35, fue declarada de inter\u00e9s cultural de la Ciudad de Buenos Aires por la Legislatura Porte\u00f1a.<\/p>\n<p><strong>M\u00e1s informaci\u00f3n<\/strong><br \/>\n<a href=\"http:\/\/www.casafoa.com\" target=\"_blank\" rel=\"noopener\">http:\/\/www.casafoa.com<\/a><\/p>\n<p><iframe loading=\"lazy\" style=\"border: 0;\" src=\"https:\/\/www.google.com\/maps\/embed?pb=!1m14!1m8!1m3!1d13137.238640565682!2d-58.5089094!3d-34.5963304!3m2!1i1024!2i768!4f13.1!3m3!1m2!1s0x0%3A0xeebce17ff294ca1c!2sCasa+FOA+2018!5e0!3m2!1ses-419!2sar!4v1537461365962\" width=\"642\" height=\"350\" frameborder=\"0\" allowfullscreen=\"allowfullscreen\"><\/iframe><\/p>\n\n<div style=\"font-size: 0px; height: 0px; line-height: 0px; margin: 0; padding: 0; clear: both;\"><\/div><div style=\"margin-top: 0px; margin-bottom: 0px;\" class=\"sharethis-inline-share-buttons\" ><\/div>","protected":false},"excerpt":{"rendered":"<p>Una vista al jard\u00edn inspir\u00f3 para traer un poco de esa naturaleza al interior y plasmarla en el techo&#8230;<\/p>\n","protected":false},"author":1,"featured_media":32284,"comment_status":"closed","ping_status":"closed","sticky":false,"template":"","format":"standard","meta":{"_uag_custom_page_level_css":"","footnotes":""},"categories":[4642,55],"tags":[4728,4729,4730,2773,4644,4727],"class_list":["post-32283","post","type-post","status-publish","format-standard","has-post-thumbnail","hentry","category-casa-foa-2018","category-diseno","tag-avalos-interiorismo","tag-bano-adaptado","tag-bano-inclusivo","tag-bano-publico","tag-casa-foa-2018","tag-esteban-avalos","generate-columns","tablet-grid-50","mobile-grid-100","grid-parent","grid-50"],"yoast_head":"<!-- This site is optimized with the Yoast SEO plugin v27.3 - https:\/\/yoast.com\/product\/yoast-seo-wordpress\/ -->\n<title>Ba\u00f1o de uso p\u00fablico para personas con movilidad reducida (Espacio 10 \/ Casa FOA 2018) \/ Esteban \u00c1valos - Arquimaster<\/title>\n<meta name=\"robots\" content=\"index, follow, max-snippet:-1, max-image-preview:large, max-video-preview:-1\" \/>\n<link rel=\"canonical\" href=\"https:\/\/www.arquimaster.com.ar\/web\/bano-de-uso-publico-para-personas-con-movilidad-reducida-espacio-10-casa-foa-2018-esteban-avalos\/\" \/>\n<meta property=\"og:locale\" content=\"es_ES\" \/>\n<meta property=\"og:type\" content=\"article\" \/>\n<meta property=\"og:title\" content=\"Ba\u00f1o de uso p\u00fablico para personas con movilidad reducida (Espacio 10 \/ Casa FOA 2018) \/ Esteban \u00c1valos - Arquimaster\" \/>\n<meta property=\"og:description\" content=\"Una vista al jard\u00edn inspir\u00f3 para traer un poco de esa naturaleza al interior y plasmarla en el techo...\" \/>\n<meta property=\"og:url\" content=\"https:\/\/www.arquimaster.com.ar\/web\/bano-de-uso-publico-para-personas-con-movilidad-reducida-espacio-10-casa-foa-2018-esteban-avalos\/\" \/>\n<meta property=\"og:site_name\" content=\"Arquimaster\" \/>\n<meta property=\"article:publisher\" content=\"http:\/\/www.facebook.com\/ARQUIMASTER.com.ar\" \/>\n<meta property=\"article:published_time\" content=\"2018-10-04T14:42:59+00:00\" \/>\n<meta property=\"article:modified_time\" content=\"2018-10-05T02:13:27+00:00\" \/>\n<meta property=\"og:image\" content=\"https:\/\/www.arquimaster.com.ar\/web\/wp-content\/uploads\/2018\/10\/espacio10_casafoa2018_slide.jpg\" \/>\n\t<meta property=\"og:image:width\" content=\"642\" \/>\n\t<meta property=\"og:image:height\" content=\"336\" \/>\n\t<meta property=\"og:image:type\" content=\"image\/jpeg\" \/>\n<meta name=\"author\" content=\"Arquimaster\" \/>\n<meta name=\"twitter:card\" content=\"summary_large_image\" \/>\n<meta name=\"twitter:creator\" content=\"@arquimaster\" \/>\n<meta name=\"twitter:site\" content=\"@arquimaster\" \/>\n<meta name=\"twitter:label1\" content=\"Escrito por\" \/>\n\t<meta name=\"twitter:data1\" content=\"Arquimaster\" \/>\n\t<meta name=\"twitter:label2\" content=\"Tiempo de lectura\" \/>\n\t<meta name=\"twitter:data2\" content=\"3 minutos\" \/>\n<script type=\"application\/ld+json\" class=\"yoast-schema-graph\">{\"@context\":\"https:\\\/\\\/schema.org\",\"@graph\":[{\"@type\":\"Article\",\"@id\":\"https:\\\/\\\/www.arquimaster.com.ar\\\/web\\\/bano-de-uso-publico-para-personas-con-movilidad-reducida-espacio-10-casa-foa-2018-esteban-avalos\\\/#article\",\"isPartOf\":{\"@id\":\"https:\\\/\\\/www.arquimaster.com.ar\\\/web\\\/bano-de-uso-publico-para-personas-con-movilidad-reducida-espacio-10-casa-foa-2018-esteban-avalos\\\/\"},\"author\":{\"name\":\"Arquimaster\",\"@id\":\"https:\\\/\\\/www.arquimaster.com.ar\\\/web\\\/#\\\/schema\\\/person\\\/359e9f7c00193fcde068e0dd2ceb0028\"},\"headline\":\"Ba\u00f1o de uso p\u00fablico para personas con movilidad reducida (Espacio 10 \\\/ Casa FOA 2018) \\\/ Esteban \u00c1valos\",\"datePublished\":\"2018-10-04T14:42:59+00:00\",\"dateModified\":\"2018-10-05T02:13:27+00:00\",\"mainEntityOfPage\":{\"@id\":\"https:\\\/\\\/www.arquimaster.com.ar\\\/web\\\/bano-de-uso-publico-para-personas-con-movilidad-reducida-espacio-10-casa-foa-2018-esteban-avalos\\\/\"},\"wordCount\":687,\"publisher\":{\"@id\":\"https:\\\/\\\/www.arquimaster.com.ar\\\/web\\\/#organization\"},\"image\":{\"@id\":\"https:\\\/\\\/www.arquimaster.com.ar\\\/web\\\/bano-de-uso-publico-para-personas-con-movilidad-reducida-espacio-10-casa-foa-2018-esteban-avalos\\\/#primaryimage\"},\"thumbnailUrl\":\"https:\\\/\\\/www.arquimaster.com.ar\\\/web\\\/wp-content\\\/uploads\\\/2018\\\/10\\\/espacio10_casafoa2018_slide.jpg\",\"keywords\":[\"\u00c1valos Interiorismo\",\"ba\u00f1o adaptado\",\"ba\u00f1o inclusivo\",\"ba\u00f1o publico\",\"Casa FOA 2018\",\"Esteban \u00c1valos\"],\"articleSection\":[\"Casa FOA 2018\",\"Dise\u00f1o\"],\"inLanguage\":\"es\"},{\"@type\":\"WebPage\",\"@id\":\"https:\\\/\\\/www.arquimaster.com.ar\\\/web\\\/bano-de-uso-publico-para-personas-con-movilidad-reducida-espacio-10-casa-foa-2018-esteban-avalos\\\/\",\"url\":\"https:\\\/\\\/www.arquimaster.com.ar\\\/web\\\/bano-de-uso-publico-para-personas-con-movilidad-reducida-espacio-10-casa-foa-2018-esteban-avalos\\\/\",\"name\":\"Ba\u00f1o de uso p\u00fablico para personas con movilidad reducida (Espacio 10 \\\/ Casa FOA 2018) \\\/ Esteban \u00c1valos - Arquimaster\",\"isPartOf\":{\"@id\":\"https:\\\/\\\/www.arquimaster.com.ar\\\/web\\\/#website\"},\"primaryImageOfPage\":{\"@id\":\"https:\\\/\\\/www.arquimaster.com.ar\\\/web\\\/bano-de-uso-publico-para-personas-con-movilidad-reducida-espacio-10-casa-foa-2018-esteban-avalos\\\/#primaryimage\"},\"image\":{\"@id\":\"https:\\\/\\\/www.arquimaster.com.ar\\\/web\\\/bano-de-uso-publico-para-personas-con-movilidad-reducida-espacio-10-casa-foa-2018-esteban-avalos\\\/#primaryimage\"},\"thumbnailUrl\":\"https:\\\/\\\/www.arquimaster.com.ar\\\/web\\\/wp-content\\\/uploads\\\/2018\\\/10\\\/espacio10_casafoa2018_slide.jpg\",\"datePublished\":\"2018-10-04T14:42:59+00:00\",\"dateModified\":\"2018-10-05T02:13:27+00:00\",\"breadcrumb\":{\"@id\":\"https:\\\/\\\/www.arquimaster.com.ar\\\/web\\\/bano-de-uso-publico-para-personas-con-movilidad-reducida-espacio-10-casa-foa-2018-esteban-avalos\\\/#breadcrumb\"},\"inLanguage\":\"es\",\"potentialAction\":[{\"@type\":\"ReadAction\",\"target\":[\"https:\\\/\\\/www.arquimaster.com.ar\\\/web\\\/bano-de-uso-publico-para-personas-con-movilidad-reducida-espacio-10-casa-foa-2018-esteban-avalos\\\/\"]}]},{\"@type\":\"ImageObject\",\"inLanguage\":\"es\",\"@id\":\"https:\\\/\\\/www.arquimaster.com.ar\\\/web\\\/bano-de-uso-publico-para-personas-con-movilidad-reducida-espacio-10-casa-foa-2018-esteban-avalos\\\/#primaryimage\",\"url\":\"https:\\\/\\\/www.arquimaster.com.ar\\\/web\\\/wp-content\\\/uploads\\\/2018\\\/10\\\/espacio10_casafoa2018_slide.jpg\",\"contentUrl\":\"https:\\\/\\\/www.arquimaster.com.ar\\\/web\\\/wp-content\\\/uploads\\\/2018\\\/10\\\/espacio10_casafoa2018_slide.jpg\",\"width\":642,\"height\":336},{\"@type\":\"BreadcrumbList\",\"@id\":\"https:\\\/\\\/www.arquimaster.com.ar\\\/web\\\/bano-de-uso-publico-para-personas-con-movilidad-reducida-espacio-10-casa-foa-2018-esteban-avalos\\\/#breadcrumb\",\"itemListElement\":[{\"@type\":\"ListItem\",\"position\":1,\"name\":\"Portada\",\"item\":\"https:\\\/\\\/www.arquimaster.com.ar\\\/web\\\/\"},{\"@type\":\"ListItem\",\"position\":2,\"name\":\"Ba\u00f1o de uso p\u00fablico para personas con movilidad reducida (Espacio 10 \\\/ Casa FOA 2018) \\\/ Esteban \u00c1valos\"}]},{\"@type\":\"WebSite\",\"@id\":\"https:\\\/\\\/www.arquimaster.com.ar\\\/web\\\/#website\",\"url\":\"https:\\\/\\\/www.arquimaster.com.ar\\\/web\\\/\",\"name\":\"Arquimaster\",\"description\":\"Web de arquitectura, dise\u00f1o y construccion\",\"publisher\":{\"@id\":\"https:\\\/\\\/www.arquimaster.com.ar\\\/web\\\/#organization\"},\"potentialAction\":[{\"@type\":\"SearchAction\",\"target\":{\"@type\":\"EntryPoint\",\"urlTemplate\":\"https:\\\/\\\/www.arquimaster.com.ar\\\/web\\\/?s={search_term_string}\"},\"query-input\":{\"@type\":\"PropertyValueSpecification\",\"valueRequired\":true,\"valueName\":\"search_term_string\"}}],\"inLanguage\":\"es\"},{\"@type\":\"Organization\",\"@id\":\"https:\\\/\\\/www.arquimaster.com.ar\\\/web\\\/#organization\",\"name\":\"Arquimaster\",\"url\":\"https:\\\/\\\/www.arquimaster.com.ar\\\/web\\\/\",\"logo\":{\"@type\":\"ImageObject\",\"inLanguage\":\"es\",\"@id\":\"https:\\\/\\\/www.arquimaster.com.ar\\\/web\\\/#\\\/schema\\\/logo\\\/image\\\/\",\"url\":\"https:\\\/\\\/www.arquimaster.com.ar\\\/web\\\/wp-content\\\/uploads\\\/2022\\\/06\\\/arquimaster.png\",\"contentUrl\":\"https:\\\/\\\/www.arquimaster.com.ar\\\/web\\\/wp-content\\\/uploads\\\/2022\\\/06\\\/arquimaster.png\",\"width\":594,\"height\":78,\"caption\":\"Arquimaster\"},\"image\":{\"@id\":\"https:\\\/\\\/www.arquimaster.com.ar\\\/web\\\/#\\\/schema\\\/logo\\\/image\\\/\"},\"sameAs\":[\"http:\\\/\\\/www.facebook.com\\\/ARQUIMASTER.com.ar\",\"https:\\\/\\\/x.com\\\/arquimaster\",\"https:\\\/\\\/www.instagram.com\\\/arquimasterblog\\\/\",\"https:\\\/\\\/www.linkedin.com\\\/company\\\/arquimaster\",\"https:\\\/\\\/www.pinterest.com\\\/arquimaster\",\"https:\\\/\\\/t.me\\\/arquimaster\"]},{\"@type\":\"Person\",\"@id\":\"https:\\\/\\\/www.arquimaster.com.ar\\\/web\\\/#\\\/schema\\\/person\\\/359e9f7c00193fcde068e0dd2ceb0028\",\"name\":\"Arquimaster\"}]}<\/script>\n<!-- \/ Yoast SEO plugin. -->","yoast_head_json":{"title":"Ba\u00f1o de uso p\u00fablico para personas con movilidad reducida (Espacio 10 \/ Casa FOA 2018) \/ Esteban \u00c1valos - Arquimaster","robots":{"index":"index","follow":"follow","max-snippet":"max-snippet:-1","max-image-preview":"max-image-preview:large","max-video-preview":"max-video-preview:-1"},"canonical":"https:\/\/www.arquimaster.com.ar\/web\/bano-de-uso-publico-para-personas-con-movilidad-reducida-espacio-10-casa-foa-2018-esteban-avalos\/","og_locale":"es_ES","og_type":"article","og_title":"Ba\u00f1o de uso p\u00fablico para personas con movilidad reducida (Espacio 10 \/ Casa FOA 2018) \/ Esteban \u00c1valos - Arquimaster","og_description":"Una vista al jard\u00edn inspir\u00f3 para traer un poco de esa naturaleza al interior y plasmarla en el techo...","og_url":"https:\/\/www.arquimaster.com.ar\/web\/bano-de-uso-publico-para-personas-con-movilidad-reducida-espacio-10-casa-foa-2018-esteban-avalos\/","og_site_name":"Arquimaster","article_publisher":"http:\/\/www.facebook.com\/ARQUIMASTER.com.ar","article_published_time":"2018-10-04T14:42:59+00:00","article_modified_time":"2018-10-05T02:13:27+00:00","og_image":[{"width":642,"height":336,"url":"https:\/\/www.arquimaster.com.ar\/web\/wp-content\/uploads\/2018\/10\/espacio10_casafoa2018_slide.jpg","type":"image\/jpeg"}],"author":"Arquimaster","twitter_card":"summary_large_image","twitter_creator":"@arquimaster","twitter_site":"@arquimaster","twitter_misc":{"Escrito por":"Arquimaster","Tiempo de lectura":"3 minutos"},"schema":{"@context":"https:\/\/schema.org","@graph":[{"@type":"Article","@id":"https:\/\/www.arquimaster.com.ar\/web\/bano-de-uso-publico-para-personas-con-movilidad-reducida-espacio-10-casa-foa-2018-esteban-avalos\/#article","isPartOf":{"@id":"https:\/\/www.arquimaster.com.ar\/web\/bano-de-uso-publico-para-personas-con-movilidad-reducida-espacio-10-casa-foa-2018-esteban-avalos\/"},"author":{"name":"Arquimaster","@id":"https:\/\/www.arquimaster.com.ar\/web\/#\/schema\/person\/359e9f7c00193fcde068e0dd2ceb0028"},"headline":"Ba\u00f1o de uso p\u00fablico para personas con movilidad reducida (Espacio 10 \/ Casa FOA 2018) \/ Esteban \u00c1valos","datePublished":"2018-10-04T14:42:59+00:00","dateModified":"2018-10-05T02:13:27+00:00","mainEntityOfPage":{"@id":"https:\/\/www.arquimaster.com.ar\/web\/bano-de-uso-publico-para-personas-con-movilidad-reducida-espacio-10-casa-foa-2018-esteban-avalos\/"},"wordCount":687,"publisher":{"@id":"https:\/\/www.arquimaster.com.ar\/web\/#organization"},"image":{"@id":"https:\/\/www.arquimaster.com.ar\/web\/bano-de-uso-publico-para-personas-con-movilidad-reducida-espacio-10-casa-foa-2018-esteban-avalos\/#primaryimage"},"thumbnailUrl":"https:\/\/www.arquimaster.com.ar\/web\/wp-content\/uploads\/2018\/10\/espacio10_casafoa2018_slide.jpg","keywords":["\u00c1valos Interiorismo","ba\u00f1o adaptado","ba\u00f1o inclusivo","ba\u00f1o publico","Casa FOA 2018","Esteban \u00c1valos"],"articleSection":["Casa FOA 2018","Dise\u00f1o"],"inLanguage":"es"},{"@type":"WebPage","@id":"https:\/\/www.arquimaster.com.ar\/web\/bano-de-uso-publico-para-personas-con-movilidad-reducida-espacio-10-casa-foa-2018-esteban-avalos\/","url":"https:\/\/www.arquimaster.com.ar\/web\/bano-de-uso-publico-para-personas-con-movilidad-reducida-espacio-10-casa-foa-2018-esteban-avalos\/","name":"Ba\u00f1o de uso p\u00fablico para personas con movilidad reducida (Espacio 10 \/ Casa FOA 2018) \/ Esteban \u00c1valos - Arquimaster","isPartOf":{"@id":"https:\/\/www.arquimaster.com.ar\/web\/#website"},"primaryImageOfPage":{"@id":"https:\/\/www.arquimaster.com.ar\/web\/bano-de-uso-publico-para-personas-con-movilidad-reducida-espacio-10-casa-foa-2018-esteban-avalos\/#primaryimage"},"image":{"@id":"https:\/\/www.arquimaster.com.ar\/web\/bano-de-uso-publico-para-personas-con-movilidad-reducida-espacio-10-casa-foa-2018-esteban-avalos\/#primaryimage"},"thumbnailUrl":"https:\/\/www.arquimaster.com.ar\/web\/wp-content\/uploads\/2018\/10\/espacio10_casafoa2018_slide.jpg","datePublished":"2018-10-04T14:42:59+00:00","dateModified":"2018-10-05T02:13:27+00:00","breadcrumb":{"@id":"https:\/\/www.arquimaster.com.ar\/web\/bano-de-uso-publico-para-personas-con-movilidad-reducida-espacio-10-casa-foa-2018-esteban-avalos\/#breadcrumb"},"inLanguage":"es","potentialAction":[{"@type":"ReadAction","target":["https:\/\/www.arquimaster.com.ar\/web\/bano-de-uso-publico-para-personas-con-movilidad-reducida-espacio-10-casa-foa-2018-esteban-avalos\/"]}]},{"@type":"ImageObject","inLanguage":"es","@id":"https:\/\/www.arquimaster.com.ar\/web\/bano-de-uso-publico-para-personas-con-movilidad-reducida-espacio-10-casa-foa-2018-esteban-avalos\/#primaryimage","url":"https:\/\/www.arquimaster.com.ar\/web\/wp-content\/uploads\/2018\/10\/espacio10_casafoa2018_slide.jpg","contentUrl":"https:\/\/www.arquimaster.com.ar\/web\/wp-content\/uploads\/2018\/10\/espacio10_casafoa2018_slide.jpg","width":642,"height":336},{"@type":"BreadcrumbList","@id":"https:\/\/www.arquimaster.com.ar\/web\/bano-de-uso-publico-para-personas-con-movilidad-reducida-espacio-10-casa-foa-2018-esteban-avalos\/#breadcrumb","itemListElement":[{"@type":"ListItem","position":1,"name":"Portada","item":"https:\/\/www.arquimaster.com.ar\/web\/"},{"@type":"ListItem","position":2,"name":"Ba\u00f1o de uso p\u00fablico para personas con movilidad reducida (Espacio 10 \/ Casa FOA 2018) \/ Esteban \u00c1valos"}]},{"@type":"WebSite","@id":"https:\/\/www.arquimaster.com.ar\/web\/#website","url":"https:\/\/www.arquimaster.com.ar\/web\/","name":"Arquimaster","description":"Web de arquitectura, dise\u00f1o y construccion","publisher":{"@id":"https:\/\/www.arquimaster.com.ar\/web\/#organization"},"potentialAction":[{"@type":"SearchAction","target":{"@type":"EntryPoint","urlTemplate":"https:\/\/www.arquimaster.com.ar\/web\/?s={search_term_string}"},"query-input":{"@type":"PropertyValueSpecification","valueRequired":true,"valueName":"search_term_string"}}],"inLanguage":"es"},{"@type":"Organization","@id":"https:\/\/www.arquimaster.com.ar\/web\/#organization","name":"Arquimaster","url":"https:\/\/www.arquimaster.com.ar\/web\/","logo":{"@type":"ImageObject","inLanguage":"es","@id":"https:\/\/www.arquimaster.com.ar\/web\/#\/schema\/logo\/image\/","url":"https:\/\/www.arquimaster.com.ar\/web\/wp-content\/uploads\/2022\/06\/arquimaster.png","contentUrl":"https:\/\/www.arquimaster.com.ar\/web\/wp-content\/uploads\/2022\/06\/arquimaster.png","width":594,"height":78,"caption":"Arquimaster"},"image":{"@id":"https:\/\/www.arquimaster.com.ar\/web\/#\/schema\/logo\/image\/"},"sameAs":["http:\/\/www.facebook.com\/ARQUIMASTER.com.ar","https:\/\/x.com\/arquimaster","https:\/\/www.instagram.com\/arquimasterblog\/","https:\/\/www.linkedin.com\/company\/arquimaster","https:\/\/www.pinterest.com\/arquimaster","https:\/\/t.me\/arquimaster"]},{"@type":"Person","@id":"https:\/\/www.arquimaster.com.ar\/web\/#\/schema\/person\/359e9f7c00193fcde068e0dd2ceb0028","name":"Arquimaster"}]}},"uagb_featured_image_src":{"full":["https:\/\/www.arquimaster.com.ar\/web\/wp-content\/uploads\/2018\/10\/espacio10_casafoa2018_slide.jpg",642,336,false],"thumbnail":["https:\/\/www.arquimaster.com.ar\/web\/wp-content\/uploads\/2018\/10\/espacio10_casafoa2018_slide-150x150.jpg",150,150,true],"medium":["https:\/\/www.arquimaster.com.ar\/web\/wp-content\/uploads\/2018\/10\/espacio10_casafoa2018_slide.jpg",642,336,false],"medium_large":["https:\/\/www.arquimaster.com.ar\/web\/wp-content\/uploads\/2018\/10\/espacio10_casafoa2018_slide.jpg",642,336,false],"large":["https:\/\/www.arquimaster.com.ar\/web\/wp-content\/uploads\/2018\/10\/espacio10_casafoa2018_slide.jpg",642,336,false],"1536x1536":["https:\/\/www.arquimaster.com.ar\/web\/wp-content\/uploads\/2018\/10\/espacio10_casafoa2018_slide.jpg",642,336,false],"2048x2048":["https:\/\/www.arquimaster.com.ar\/web\/wp-content\/uploads\/2018\/10\/espacio10_casafoa2018_slide.jpg",642,336,false]},"uagb_author_info":{"display_name":"Arquimaster","author_link":"https:\/\/www.arquimaster.com.ar\/web\/author\/arquimaster\/"},"uagb_comment_info":0,"uagb_excerpt":"Una vista al jard\u00edn inspir\u00f3 para traer un poco de esa naturaleza al interior y plasmarla en el techo...","_links":{"self":[{"href":"https:\/\/www.arquimaster.com.ar\/web\/wp-json\/wp\/v2\/posts\/32283","targetHints":{"allow":["GET"]}}],"collection":[{"href":"https:\/\/www.arquimaster.com.ar\/web\/wp-json\/wp\/v2\/posts"}],"about":[{"href":"https:\/\/www.arquimaster.com.ar\/web\/wp-json\/wp\/v2\/types\/post"}],"author":[{"embeddable":true,"href":"https:\/\/www.arquimaster.com.ar\/web\/wp-json\/wp\/v2\/users\/1"}],"replies":[{"embeddable":true,"href":"https:\/\/www.arquimaster.com.ar\/web\/wp-json\/wp\/v2\/comments?post=32283"}],"version-history":[{"count":0,"href":"https:\/\/www.arquimaster.com.ar\/web\/wp-json\/wp\/v2\/posts\/32283\/revisions"}],"wp:featuredmedia":[{"embeddable":true,"href":"https:\/\/www.arquimaster.com.ar\/web\/wp-json\/wp\/v2\/media\/32284"}],"wp:attachment":[{"href":"https:\/\/www.arquimaster.com.ar\/web\/wp-json\/wp\/v2\/media?parent=32283"}],"wp:term":[{"taxonomy":"category","embeddable":true,"href":"https:\/\/www.arquimaster.com.ar\/web\/wp-json\/wp\/v2\/categories?post=32283"},{"taxonomy":"post_tag","embeddable":true,"href":"https:\/\/www.arquimaster.com.ar\/web\/wp-json\/wp\/v2\/tags?post=32283"}],"curies":[{"name":"wp","href":"https:\/\/api.w.org\/{rel}","templated":true}]}}