{"id":32338,"date":"2018-10-04T17:45:38","date_gmt":"2018-10-04T17:45:38","guid":{"rendered":"http:\/\/www.arquimaster.com.ar\/web\/?p=32338"},"modified":"2018-10-22T01:47:20","modified_gmt":"2018-10-22T01:47:20","slug":"estar-joven-espacio-18-casa-foa-2018-guadalupe-diez-francisco-marconi-ines-muzzio","status":"publish","type":"post","link":"https:\/\/www.arquimaster.com.ar\/web\/estar-joven-espacio-18-casa-foa-2018-guadalupe-diez-francisco-marconi-ines-muzzio\/","title":{"rendered":"Estar joven (Espacio 18 \/ Casa FOA 2018) \/ Guadalupe Diez, Francisco Marconi, In\u00e9s Muzzio"},"content":{"rendered":"<div style=\"margin-top: 0px; margin-bottom: 0px;\" class=\"sharethis-inline-share-buttons\" ><\/div><div class=\"b812932af2e751442846f039925109de\" data-index=\"1\" style=\"float: none; margin:25px 0 25px 0; text-align:center;\">\n<script async src=\"https:\/\/pagead2.googlesyndication.com\/pagead\/js\/adsbygoogle.js\"><\/script>\r\n<!-- Arquimaster (superior) -->\r\n<ins class=\"adsbygoogle\"\r\n     style=\"display:block\"\r\n     data-ad-client=\"ca-pub-6351072698456832\"\r\n     data-ad-slot=\"6455489680\"\r\n     data-ad-format=\"auto\"\r\n     data-full-width-responsive=\"true\"><\/ins>\r\n<script>\r\n     (adsbygoogle = window.adsbygoogle || []).push({});\r\n<\/script>\n<\/div>\n<p><strong>Estar joven<\/strong> (Espacio 18 \/ Casa FOA 2018 \/ Cassa Devoto) por Arquitecta <strong>Guadalupe Diez<\/strong>, Arquitecto <strong>Francisco Marconi<\/strong>, Dise\u00f1adora<strong> In\u00e9s Muzzio<\/strong>. El espacio es el estar de una persona joven, que sue\u00f1a, piensa y act\u00faa para llevar a cabo el proyecto editorial que m\u00e1s ama: la revista Wideprint. Estos conceptos -so\u00f1ar, pensar, actuar y amar- est\u00e1n inspirados en la paleta de Tendencias 2019 de Alba.<\/p>\n<p>Este dise\u00f1o despojado, atravesado por diagonales y l\u00edneas geom\u00e9tricas, se configura como el lugar adecuado para la din\u00e1mica de un proceso creativo. La oscuridad de sus paredes y la comodidad de su equipamiento crean la atm\u00f3sfera para trabajar en un \u00e1mbito de tranquilidad y concentraci\u00f3n: el sill\u00f3n tapizado en terciopelo azul y las sillas de cuero son de Ohmio, los espejos circulares y las mesas realizadas en acero inox y madera son de Duveen.<\/p>\n<div id='gallery-1' class='gallery galleryid-32338 gallery-columns-3 gallery-size-thumbnail'><figure class='gallery-item'>\n\t\t\t<div class='gallery-icon landscape'>\n\t\t\t\t<a href='https:\/\/www.arquimaster.com.ar\/web\/wp-content\/uploads\/2018\/10\/espacio18_casafoa2018_1.jpg' title=\"Estar joven (Espacio 18 \/ Casa FOA 2018) \/ Guadalupe Diez, Francisco Marconi, In\u00e9s Muzzio\" data-rl_title=\"Estar joven (Espacio 18 \/ Casa FOA 2018) \/ Guadalupe Diez, Francisco Marconi, In\u00e9s Muzzio\" class=\"rl-gallery-link\" data-rl_caption=\"Estar joven (Espacio 18 \/ Casa FOA 2018) \/ Guadalupe Diez, Francisco Marconi, In\u00e9s Muzzio\" data-rel=\"lightbox-gallery-1\"><img loading=\"lazy\" decoding=\"async\" width=\"150\" height=\"150\" src=\"https:\/\/www.arquimaster.com.ar\/web\/wp-content\/uploads\/2018\/10\/espacio18_casafoa2018_1-150x150.jpg\" class=\"attachment-thumbnail size-thumbnail\" alt=\"\" aria-describedby=\"gallery-1-32339\" srcset=\"https:\/\/www.arquimaster.com.ar\/web\/wp-content\/uploads\/2018\/10\/espacio18_casafoa2018_1-150x150.jpg 150w, https:\/\/www.arquimaster.com.ar\/web\/wp-content\/uploads\/2018\/10\/espacio18_casafoa2018_1-50x50.jpg 50w, https:\/\/www.arquimaster.com.ar\/web\/wp-content\/uploads\/2018\/10\/espacio18_casafoa2018_1-125x125.jpg 125w\" sizes=\"auto, (max-width: 150px) 100vw, 150px\" \/><\/a>\n\t\t\t<\/div>\n\t\t\t\t<figcaption class='wp-caption-text gallery-caption' id='gallery-1-32339'>\n\t\t\t\tEstar joven (Espacio 18 \/ Casa FOA 2018) \/ Guadalupe Diez, Francisco Marconi, In\u00e9s Muzzio\n\t\t\t\t<\/figcaption><\/figure><figure class='gallery-item'>\n\t\t\t<div class='gallery-icon portrait'>\n\t\t\t\t<a href='https:\/\/www.arquimaster.com.ar\/web\/wp-content\/uploads\/2018\/10\/espacio18_casafoa2018_2.jpg' title=\"Estar joven (Espacio 18 \/ Casa FOA 2018) \/ Guadalupe Diez, Francisco Marconi, In\u00e9s Muzzio\" data-rl_title=\"Estar joven (Espacio 18 \/ Casa FOA 2018) \/ Guadalupe Diez, Francisco Marconi, In\u00e9s Muzzio\" class=\"rl-gallery-link\" data-rl_caption=\"Estar joven (Espacio 18 \/ Casa FOA 2018) \/ Guadalupe Diez, Francisco Marconi, In\u00e9s Muzzio\" data-rel=\"lightbox-gallery-1\"><img loading=\"lazy\" decoding=\"async\" width=\"150\" height=\"150\" src=\"https:\/\/www.arquimaster.com.ar\/web\/wp-content\/uploads\/2018\/10\/espacio18_casafoa2018_2-150x150.jpg\" class=\"attachment-thumbnail size-thumbnail\" alt=\"\" aria-describedby=\"gallery-1-32340\" srcset=\"https:\/\/www.arquimaster.com.ar\/web\/wp-content\/uploads\/2018\/10\/espacio18_casafoa2018_2-150x150.jpg 150w, https:\/\/www.arquimaster.com.ar\/web\/wp-content\/uploads\/2018\/10\/espacio18_casafoa2018_2-50x50.jpg 50w, https:\/\/www.arquimaster.com.ar\/web\/wp-content\/uploads\/2018\/10\/espacio18_casafoa2018_2-125x125.jpg 125w\" sizes=\"auto, (max-width: 150px) 100vw, 150px\" \/><\/a>\n\t\t\t<\/div>\n\t\t\t\t<figcaption class='wp-caption-text gallery-caption' id='gallery-1-32340'>\n\t\t\t\tEstar joven (Espacio 18 \/ Casa FOA 2018) \/ Guadalupe Diez, Francisco Marconi, In\u00e9s Muzzio\n\t\t\t\t<\/figcaption><\/figure><figure class='gallery-item'>\n\t\t\t<div class='gallery-icon landscape'>\n\t\t\t\t<a href='https:\/\/www.arquimaster.com.ar\/web\/wp-content\/uploads\/2018\/10\/espacio18_casafoa2018_3.jpg' title=\"Estar joven (Espacio 18 \/ Casa FOA 2018) \/ Guadalupe Diez, Francisco Marconi, In\u00e9s Muzzio\" data-rl_title=\"Estar joven (Espacio 18 \/ Casa FOA 2018) \/ Guadalupe Diez, Francisco Marconi, In\u00e9s Muzzio\" class=\"rl-gallery-link\" data-rl_caption=\"Estar joven (Espacio 18 \/ Casa FOA 2018) \/ Guadalupe Diez, Francisco Marconi, In\u00e9s Muzzio\" data-rel=\"lightbox-gallery-1\"><img loading=\"lazy\" decoding=\"async\" width=\"150\" height=\"150\" src=\"https:\/\/www.arquimaster.com.ar\/web\/wp-content\/uploads\/2018\/10\/espacio18_casafoa2018_3-150x150.jpg\" class=\"attachment-thumbnail size-thumbnail\" alt=\"\" aria-describedby=\"gallery-1-32341\" srcset=\"https:\/\/www.arquimaster.com.ar\/web\/wp-content\/uploads\/2018\/10\/espacio18_casafoa2018_3-150x150.jpg 150w, https:\/\/www.arquimaster.com.ar\/web\/wp-content\/uploads\/2018\/10\/espacio18_casafoa2018_3-50x50.jpg 50w, https:\/\/www.arquimaster.com.ar\/web\/wp-content\/uploads\/2018\/10\/espacio18_casafoa2018_3-125x125.jpg 125w\" sizes=\"auto, (max-width: 150px) 100vw, 150px\" \/><\/a>\n\t\t\t<\/div>\n\t\t\t\t<figcaption class='wp-caption-text gallery-caption' id='gallery-1-32341'>\n\t\t\t\tEstar joven (Espacio 18 \/ Casa FOA 2018) \/ Guadalupe Diez, Francisco Marconi, In\u00e9s Muzzio\n\t\t\t\t<\/figcaption><\/figure><figure class='gallery-item'>\n\t\t\t<div class='gallery-icon landscape'>\n\t\t\t\t<a href='https:\/\/www.arquimaster.com.ar\/web\/wp-content\/uploads\/2018\/10\/espacio18_casafoa2018_4.jpg' title=\"Estar joven (Espacio 18 \/ Casa FOA 2018) \/ Guadalupe Diez, Francisco Marconi, In\u00e9s Muzzio\" data-rl_title=\"Estar joven (Espacio 18 \/ Casa FOA 2018) \/ Guadalupe Diez, Francisco Marconi, In\u00e9s Muzzio\" class=\"rl-gallery-link\" data-rl_caption=\"Estar joven (Espacio 18 \/ Casa FOA 2018) \/ Guadalupe Diez, Francisco Marconi, In\u00e9s Muzzio\" data-rel=\"lightbox-gallery-1\"><img loading=\"lazy\" decoding=\"async\" width=\"150\" height=\"150\" src=\"https:\/\/www.arquimaster.com.ar\/web\/wp-content\/uploads\/2018\/10\/espacio18_casafoa2018_4-150x150.jpg\" class=\"attachment-thumbnail size-thumbnail\" alt=\"\" aria-describedby=\"gallery-1-32342\" srcset=\"https:\/\/www.arquimaster.com.ar\/web\/wp-content\/uploads\/2018\/10\/espacio18_casafoa2018_4-150x150.jpg 150w, https:\/\/www.arquimaster.com.ar\/web\/wp-content\/uploads\/2018\/10\/espacio18_casafoa2018_4-50x50.jpg 50w, https:\/\/www.arquimaster.com.ar\/web\/wp-content\/uploads\/2018\/10\/espacio18_casafoa2018_4-125x125.jpg 125w\" sizes=\"auto, (max-width: 150px) 100vw, 150px\" \/><\/a>\n\t\t\t<\/div>\n\t\t\t\t<figcaption class='wp-caption-text gallery-caption' id='gallery-1-32342'>\n\t\t\t\tEstar joven (Espacio 18 \/ Casa FOA 2018) \/ Guadalupe Diez, Francisco Marconi, In\u00e9s Muzzio\n\t\t\t\t<\/figcaption><\/figure><figure class='gallery-item'>\n\t\t\t<div class='gallery-icon portrait'>\n\t\t\t\t<a href='https:\/\/www.arquimaster.com.ar\/web\/wp-content\/uploads\/2018\/10\/espacio18_casafoa2018_5.jpg' title=\"Estar joven (Espacio 18 \/ Casa FOA 2018) \/ Guadalupe Diez, Francisco Marconi, In\u00e9s Muzzio\" data-rl_title=\"Estar joven (Espacio 18 \/ Casa FOA 2018) \/ Guadalupe Diez, Francisco Marconi, In\u00e9s Muzzio\" class=\"rl-gallery-link\" data-rl_caption=\"Estar joven (Espacio 18 \/ Casa FOA 2018) \/ Guadalupe Diez, Francisco Marconi, In\u00e9s Muzzio\" data-rel=\"lightbox-gallery-1\"><img loading=\"lazy\" decoding=\"async\" width=\"150\" height=\"150\" src=\"https:\/\/www.arquimaster.com.ar\/web\/wp-content\/uploads\/2018\/10\/espacio18_casafoa2018_5-150x150.jpg\" class=\"attachment-thumbnail size-thumbnail\" alt=\"\" aria-describedby=\"gallery-1-32343\" srcset=\"https:\/\/www.arquimaster.com.ar\/web\/wp-content\/uploads\/2018\/10\/espacio18_casafoa2018_5-150x150.jpg 150w, https:\/\/www.arquimaster.com.ar\/web\/wp-content\/uploads\/2018\/10\/espacio18_casafoa2018_5-50x50.jpg 50w, https:\/\/www.arquimaster.com.ar\/web\/wp-content\/uploads\/2018\/10\/espacio18_casafoa2018_5-125x125.jpg 125w\" sizes=\"auto, (max-width: 150px) 100vw, 150px\" \/><\/a>\n\t\t\t<\/div>\n\t\t\t\t<figcaption class='wp-caption-text gallery-caption' id='gallery-1-32343'>\n\t\t\t\tEstar joven (Espacio 18 \/ Casa FOA 2018) \/ Guadalupe Diez, Francisco Marconi, In\u00e9s Muzzio\n\t\t\t\t<\/figcaption><\/figure><figure class='gallery-item'>\n\t\t\t<div class='gallery-icon portrait'>\n\t\t\t\t<a href='https:\/\/www.arquimaster.com.ar\/web\/wp-content\/uploads\/2018\/10\/espacio18_casafoa2018_6.jpg' title=\"Estar joven (Espacio 18 \/ Casa FOA 2018) \/ Guadalupe Diez, Francisco Marconi, In\u00e9s Muzzio\" data-rl_title=\"Estar joven (Espacio 18 \/ Casa FOA 2018) \/ Guadalupe Diez, Francisco Marconi, In\u00e9s Muzzio\" class=\"rl-gallery-link\" data-rl_caption=\"Estar joven (Espacio 18 \/ Casa FOA 2018) \/ Guadalupe Diez, Francisco Marconi, In\u00e9s Muzzio\" data-rel=\"lightbox-gallery-1\"><img loading=\"lazy\" decoding=\"async\" width=\"150\" height=\"150\" src=\"https:\/\/www.arquimaster.com.ar\/web\/wp-content\/uploads\/2018\/10\/espacio18_casafoa2018_6-150x150.jpg\" class=\"attachment-thumbnail size-thumbnail\" alt=\"\" aria-describedby=\"gallery-1-32344\" srcset=\"https:\/\/www.arquimaster.com.ar\/web\/wp-content\/uploads\/2018\/10\/espacio18_casafoa2018_6-150x150.jpg 150w, https:\/\/www.arquimaster.com.ar\/web\/wp-content\/uploads\/2018\/10\/espacio18_casafoa2018_6-50x50.jpg 50w, https:\/\/www.arquimaster.com.ar\/web\/wp-content\/uploads\/2018\/10\/espacio18_casafoa2018_6-125x125.jpg 125w\" sizes=\"auto, (max-width: 150px) 100vw, 150px\" \/><\/a>\n\t\t\t<\/div>\n\t\t\t\t<figcaption class='wp-caption-text gallery-caption' id='gallery-1-32344'>\n\t\t\t\tEstar joven (Espacio 18 \/ Casa FOA 2018) \/ Guadalupe Diez, Francisco Marconi, In\u00e9s Muzzio\n\t\t\t\t<\/figcaption><\/figure><figure class='gallery-item'>\n\t\t\t<div class='gallery-icon landscape'>\n\t\t\t\t<a href='https:\/\/www.arquimaster.com.ar\/web\/wp-content\/uploads\/2018\/10\/espacio18_casafoa2018_7.jpg' title=\"Estar joven (Espacio 18 \/ Casa FOA 2018) \/ Guadalupe Diez, Francisco Marconi, In\u00e9s Muzzio\" data-rl_title=\"Estar joven (Espacio 18 \/ Casa FOA 2018) \/ Guadalupe Diez, Francisco Marconi, In\u00e9s Muzzio\" class=\"rl-gallery-link\" data-rl_caption=\"Estar joven (Espacio 18 \/ Casa FOA 2018) \/ Guadalupe Diez, Francisco Marconi, In\u00e9s Muzzio\" data-rel=\"lightbox-gallery-1\"><img loading=\"lazy\" decoding=\"async\" width=\"150\" height=\"150\" src=\"https:\/\/www.arquimaster.com.ar\/web\/wp-content\/uploads\/2018\/10\/espacio18_casafoa2018_7-150x150.jpg\" class=\"attachment-thumbnail size-thumbnail\" alt=\"\" aria-describedby=\"gallery-1-32345\" srcset=\"https:\/\/www.arquimaster.com.ar\/web\/wp-content\/uploads\/2018\/10\/espacio18_casafoa2018_7-150x150.jpg 150w, https:\/\/www.arquimaster.com.ar\/web\/wp-content\/uploads\/2018\/10\/espacio18_casafoa2018_7-50x50.jpg 50w, https:\/\/www.arquimaster.com.ar\/web\/wp-content\/uploads\/2018\/10\/espacio18_casafoa2018_7-125x125.jpg 125w\" sizes=\"auto, (max-width: 150px) 100vw, 150px\" \/><\/a>\n\t\t\t<\/div>\n\t\t\t\t<figcaption class='wp-caption-text gallery-caption' id='gallery-1-32345'>\n\t\t\t\tEstar joven (Espacio 18 \/ Casa FOA 2018) \/ Guadalupe Diez, Francisco Marconi, In\u00e9s Muzzio\n\t\t\t\t<\/figcaption><\/figure><figure class='gallery-item'>\n\t\t\t<div class='gallery-icon portrait'>\n\t\t\t\t<a href='https:\/\/www.arquimaster.com.ar\/web\/wp-content\/uploads\/2018\/10\/espacio18_casafoa2018_8.jpg' title=\"Estar joven (Espacio 18 \/ Casa FOA 2018) \/ Guadalupe Diez, Francisco Marconi, In\u00e9s Muzzio\" data-rl_title=\"Estar joven (Espacio 18 \/ Casa FOA 2018) \/ Guadalupe Diez, Francisco Marconi, In\u00e9s Muzzio\" class=\"rl-gallery-link\" data-rl_caption=\"Estar joven (Espacio 18 \/ Casa FOA 2018) \/ Guadalupe Diez, Francisco Marconi, In\u00e9s Muzzio\" data-rel=\"lightbox-gallery-1\"><img loading=\"lazy\" decoding=\"async\" width=\"150\" height=\"150\" src=\"https:\/\/www.arquimaster.com.ar\/web\/wp-content\/uploads\/2018\/10\/espacio18_casafoa2018_8-150x150.jpg\" class=\"attachment-thumbnail size-thumbnail\" alt=\"\" aria-describedby=\"gallery-1-32346\" srcset=\"https:\/\/www.arquimaster.com.ar\/web\/wp-content\/uploads\/2018\/10\/espacio18_casafoa2018_8-150x150.jpg 150w, https:\/\/www.arquimaster.com.ar\/web\/wp-content\/uploads\/2018\/10\/espacio18_casafoa2018_8-50x50.jpg 50w, https:\/\/www.arquimaster.com.ar\/web\/wp-content\/uploads\/2018\/10\/espacio18_casafoa2018_8-125x125.jpg 125w\" sizes=\"auto, (max-width: 150px) 100vw, 150px\" \/><\/a>\n\t\t\t<\/div>\n\t\t\t\t<figcaption class='wp-caption-text gallery-caption' id='gallery-1-32346'>\n\t\t\t\tEstar joven (Espacio 18 \/ Casa FOA 2018) \/ Guadalupe Diez, Francisco Marconi, In\u00e9s Muzzio\n\t\t\t\t<\/figcaption><\/figure><figure class='gallery-item'>\n\t\t\t<div class='gallery-icon portrait'>\n\t\t\t\t<a href='https:\/\/www.arquimaster.com.ar\/web\/wp-content\/uploads\/2018\/10\/espacio18_casafoa2018_9.jpg' title=\"Estar joven (Espacio 18 \/ Casa FOA 2018) \/ Guadalupe Diez, Francisco Marconi, In\u00e9s Muzzio\" data-rl_title=\"Estar joven (Espacio 18 \/ Casa FOA 2018) \/ Guadalupe Diez, Francisco Marconi, In\u00e9s Muzzio\" class=\"rl-gallery-link\" data-rl_caption=\"Estar joven (Espacio 18 \/ Casa FOA 2018) \/ Guadalupe Diez, Francisco Marconi, In\u00e9s Muzzio\" data-rel=\"lightbox-gallery-1\"><img loading=\"lazy\" decoding=\"async\" width=\"150\" height=\"150\" src=\"https:\/\/www.arquimaster.com.ar\/web\/wp-content\/uploads\/2018\/10\/espacio18_casafoa2018_9-150x150.jpg\" class=\"attachment-thumbnail size-thumbnail\" alt=\"\" aria-describedby=\"gallery-1-32347\" srcset=\"https:\/\/www.arquimaster.com.ar\/web\/wp-content\/uploads\/2018\/10\/espacio18_casafoa2018_9-150x150.jpg 150w, https:\/\/www.arquimaster.com.ar\/web\/wp-content\/uploads\/2018\/10\/espacio18_casafoa2018_9-50x50.jpg 50w, https:\/\/www.arquimaster.com.ar\/web\/wp-content\/uploads\/2018\/10\/espacio18_casafoa2018_9-125x125.jpg 125w\" sizes=\"auto, (max-width: 150px) 100vw, 150px\" \/><\/a>\n\t\t\t<\/div>\n\t\t\t\t<figcaption class='wp-caption-text gallery-caption' id='gallery-1-32347'>\n\t\t\t\tEstar joven (Espacio 18 \/ Casa FOA 2018) \/ Guadalupe Diez, Francisco Marconi, In\u00e9s Muzzio\n\t\t\t\t<\/figcaption><\/figure><figure class='gallery-item'>\n\t\t\t<div class='gallery-icon portrait'>\n\t\t\t\t<a href='https:\/\/www.arquimaster.com.ar\/web\/wp-content\/uploads\/2018\/10\/espacio18_casafoa2018_10.jpg' title=\"Estar joven (Espacio 18 \/ Casa FOA 2018) \/ Guadalupe Diez, Francisco Marconi, In\u00e9s Muzzio\" data-rl_title=\"Estar joven (Espacio 18 \/ Casa FOA 2018) \/ Guadalupe Diez, Francisco Marconi, In\u00e9s Muzzio\" class=\"rl-gallery-link\" data-rl_caption=\"Estar joven (Espacio 18 \/ Casa FOA 2018) \/ Guadalupe Diez, Francisco Marconi, In\u00e9s Muzzio\" data-rel=\"lightbox-gallery-1\"><img loading=\"lazy\" decoding=\"async\" width=\"150\" height=\"150\" src=\"https:\/\/www.arquimaster.com.ar\/web\/wp-content\/uploads\/2018\/10\/espacio18_casafoa2018_10-150x150.jpg\" class=\"attachment-thumbnail size-thumbnail\" alt=\"\" aria-describedby=\"gallery-1-32348\" srcset=\"https:\/\/www.arquimaster.com.ar\/web\/wp-content\/uploads\/2018\/10\/espacio18_casafoa2018_10-150x150.jpg 150w, https:\/\/www.arquimaster.com.ar\/web\/wp-content\/uploads\/2018\/10\/espacio18_casafoa2018_10-50x50.jpg 50w, https:\/\/www.arquimaster.com.ar\/web\/wp-content\/uploads\/2018\/10\/espacio18_casafoa2018_10-125x125.jpg 125w\" sizes=\"auto, (max-width: 150px) 100vw, 150px\" \/><\/a>\n\t\t\t<\/div>\n\t\t\t\t<figcaption class='wp-caption-text gallery-caption' id='gallery-1-32348'>\n\t\t\t\tEstar joven (Espacio 18 \/ Casa FOA 2018) \/ Guadalupe Diez, Francisco Marconi, In\u00e9s Muzzio\n\t\t\t\t<\/figcaption><\/figure><figure class='gallery-item'>\n\t\t\t<div class='gallery-icon landscape'>\n\t\t\t\t<a href='https:\/\/www.arquimaster.com.ar\/web\/wp-content\/uploads\/2018\/10\/espacio18_casafoa2018_11.jpg' title=\"Estar joven (Espacio 18 \/ Casa FOA 2018) \/ Guadalupe Diez, Francisco Marconi, In\u00e9s Muzzio\" data-rl_title=\"Estar joven (Espacio 18 \/ Casa FOA 2018) \/ Guadalupe Diez, Francisco Marconi, In\u00e9s Muzzio\" class=\"rl-gallery-link\" data-rl_caption=\"Estar joven (Espacio 18 \/ Casa FOA 2018) \/ Guadalupe Diez, Francisco Marconi, In\u00e9s Muzzio\" data-rel=\"lightbox-gallery-1\"><img loading=\"lazy\" decoding=\"async\" width=\"150\" height=\"150\" src=\"https:\/\/www.arquimaster.com.ar\/web\/wp-content\/uploads\/2018\/10\/espacio18_casafoa2018_11-150x150.jpg\" class=\"attachment-thumbnail size-thumbnail\" alt=\"\" aria-describedby=\"gallery-1-32349\" srcset=\"https:\/\/www.arquimaster.com.ar\/web\/wp-content\/uploads\/2018\/10\/espacio18_casafoa2018_11-150x150.jpg 150w, https:\/\/www.arquimaster.com.ar\/web\/wp-content\/uploads\/2018\/10\/espacio18_casafoa2018_11-50x50.jpg 50w, https:\/\/www.arquimaster.com.ar\/web\/wp-content\/uploads\/2018\/10\/espacio18_casafoa2018_11-125x125.jpg 125w\" sizes=\"auto, (max-width: 150px) 100vw, 150px\" \/><\/a>\n\t\t\t<\/div>\n\t\t\t\t<figcaption class='wp-caption-text gallery-caption' id='gallery-1-32349'>\n\t\t\t\tEstar joven (Espacio 18 \/ Casa FOA 2018) \/ Guadalupe Diez, Francisco Marconi, In\u00e9s Muzzio\n\t\t\t\t<\/figcaption><\/figure><figure class='gallery-item'>\n\t\t\t<div class='gallery-icon landscape'>\n\t\t\t\t<a href='https:\/\/www.arquimaster.com.ar\/web\/wp-content\/uploads\/2018\/10\/espacio18_casafoa2018_12.jpg' title=\"Estar joven (Espacio 18 \/ Casa FOA 2018) \/ Guadalupe Diez, Francisco Marconi, In\u00e9s Muzzio\" data-rl_title=\"Estar joven (Espacio 18 \/ Casa FOA 2018) \/ Guadalupe Diez, Francisco Marconi, In\u00e9s Muzzio\" class=\"rl-gallery-link\" data-rl_caption=\"Estar joven (Espacio 18 \/ Casa FOA 2018) \/ Guadalupe Diez, Francisco Marconi, In\u00e9s Muzzio\" data-rel=\"lightbox-gallery-1\"><img loading=\"lazy\" decoding=\"async\" width=\"150\" height=\"150\" src=\"https:\/\/www.arquimaster.com.ar\/web\/wp-content\/uploads\/2018\/10\/espacio18_casafoa2018_12-150x150.jpg\" class=\"attachment-thumbnail size-thumbnail\" alt=\"\" aria-describedby=\"gallery-1-32350\" srcset=\"https:\/\/www.arquimaster.com.ar\/web\/wp-content\/uploads\/2018\/10\/espacio18_casafoa2018_12-150x150.jpg 150w, https:\/\/www.arquimaster.com.ar\/web\/wp-content\/uploads\/2018\/10\/espacio18_casafoa2018_12-50x50.jpg 50w, https:\/\/www.arquimaster.com.ar\/web\/wp-content\/uploads\/2018\/10\/espacio18_casafoa2018_12-125x125.jpg 125w\" sizes=\"auto, (max-width: 150px) 100vw, 150px\" \/><\/a>\n\t\t\t<\/div>\n\t\t\t\t<figcaption class='wp-caption-text gallery-caption' id='gallery-1-32350'>\n\t\t\t\tEstar joven (Espacio 18 \/ Casa FOA 2018) \/ Guadalupe Diez, Francisco Marconi, In\u00e9s Muzzio\n\t\t\t\t<\/figcaption><\/figure><figure class='gallery-item'>\n\t\t\t<div class='gallery-icon portrait'>\n\t\t\t\t<a href='https:\/\/www.arquimaster.com.ar\/web\/wp-content\/uploads\/2018\/10\/espacio18_casafoa2018_13.jpg' title=\"Estar joven (Espacio 18 \/ Casa FOA 2018) \/ Guadalupe Diez, Francisco Marconi, In\u00e9s Muzzio\" data-rl_title=\"Estar joven (Espacio 18 \/ Casa FOA 2018) \/ Guadalupe Diez, Francisco Marconi, In\u00e9s Muzzio\" class=\"rl-gallery-link\" data-rl_caption=\"Estar joven (Espacio 18 \/ Casa FOA 2018) \/ Guadalupe Diez, Francisco Marconi, In\u00e9s Muzzio\" data-rel=\"lightbox-gallery-1\"><img loading=\"lazy\" decoding=\"async\" width=\"150\" height=\"150\" src=\"https:\/\/www.arquimaster.com.ar\/web\/wp-content\/uploads\/2018\/10\/espacio18_casafoa2018_13-150x150.jpg\" class=\"attachment-thumbnail size-thumbnail\" alt=\"\" aria-describedby=\"gallery-1-32351\" srcset=\"https:\/\/www.arquimaster.com.ar\/web\/wp-content\/uploads\/2018\/10\/espacio18_casafoa2018_13-150x150.jpg 150w, https:\/\/www.arquimaster.com.ar\/web\/wp-content\/uploads\/2018\/10\/espacio18_casafoa2018_13-50x50.jpg 50w, https:\/\/www.arquimaster.com.ar\/web\/wp-content\/uploads\/2018\/10\/espacio18_casafoa2018_13-125x125.jpg 125w\" sizes=\"auto, (max-width: 150px) 100vw, 150px\" \/><\/a>\n\t\t\t<\/div>\n\t\t\t\t<figcaption class='wp-caption-text gallery-caption' id='gallery-1-32351'>\n\t\t\t\tEstar joven (Espacio 18 \/ Casa FOA 2018) \/ Guadalupe Diez, Francisco Marconi, In\u00e9s Muzzio\n\t\t\t\t<\/figcaption><\/figure><figure class='gallery-item'>\n\t\t\t<div class='gallery-icon portrait'>\n\t\t\t\t<a href='https:\/\/www.arquimaster.com.ar\/web\/wp-content\/uploads\/2018\/10\/espacio18_casafoa2018_14.jpg' title=\"Estar joven (Espacio 18 \/ Casa FOA 2018) \/ Guadalupe Diez, Francisco Marconi, In\u00e9s Muzzio\" data-rl_title=\"Estar joven (Espacio 18 \/ Casa FOA 2018) \/ Guadalupe Diez, Francisco Marconi, In\u00e9s Muzzio\" class=\"rl-gallery-link\" data-rl_caption=\"Estar joven (Espacio 18 \/ Casa FOA 2018) \/ Guadalupe Diez, Francisco Marconi, In\u00e9s Muzzio\" data-rel=\"lightbox-gallery-1\"><img loading=\"lazy\" decoding=\"async\" width=\"150\" height=\"150\" src=\"https:\/\/www.arquimaster.com.ar\/web\/wp-content\/uploads\/2018\/10\/espacio18_casafoa2018_14-150x150.jpg\" class=\"attachment-thumbnail size-thumbnail\" alt=\"\" aria-describedby=\"gallery-1-32352\" srcset=\"https:\/\/www.arquimaster.com.ar\/web\/wp-content\/uploads\/2018\/10\/espacio18_casafoa2018_14-150x150.jpg 150w, https:\/\/www.arquimaster.com.ar\/web\/wp-content\/uploads\/2018\/10\/espacio18_casafoa2018_14-50x50.jpg 50w, https:\/\/www.arquimaster.com.ar\/web\/wp-content\/uploads\/2018\/10\/espacio18_casafoa2018_14-125x125.jpg 125w\" sizes=\"auto, (max-width: 150px) 100vw, 150px\" \/><\/a>\n\t\t\t<\/div>\n\t\t\t\t<figcaption class='wp-caption-text gallery-caption' id='gallery-1-32352'>\n\t\t\t\tEstar joven (Espacio 18 \/ Casa FOA 2018) \/ Guadalupe Diez, Francisco Marconi, In\u00e9s Muzzio\n\t\t\t\t<\/figcaption><\/figure><figure class='gallery-item'>\n\t\t\t<div class='gallery-icon landscape'>\n\t\t\t\t<a href='https:\/\/www.arquimaster.com.ar\/web\/wp-content\/uploads\/2018\/10\/espacio18_casafoa2018_15.jpg' title=\"Estar joven (Espacio 18 \/ Casa FOA 2018) \/ Guadalupe Diez, Francisco Marconi, In\u00e9s Muzzio\" data-rl_title=\"Estar joven (Espacio 18 \/ Casa FOA 2018) \/ Guadalupe Diez, Francisco Marconi, In\u00e9s Muzzio\" class=\"rl-gallery-link\" data-rl_caption=\"Estar joven (Espacio 18 \/ Casa FOA 2018) \/ Guadalupe Diez, Francisco Marconi, In\u00e9s Muzzio\" data-rel=\"lightbox-gallery-1\"><img loading=\"lazy\" decoding=\"async\" width=\"150\" height=\"150\" src=\"https:\/\/www.arquimaster.com.ar\/web\/wp-content\/uploads\/2018\/10\/espacio18_casafoa2018_15-150x150.jpg\" class=\"attachment-thumbnail size-thumbnail\" alt=\"\" aria-describedby=\"gallery-1-32353\" srcset=\"https:\/\/www.arquimaster.com.ar\/web\/wp-content\/uploads\/2018\/10\/espacio18_casafoa2018_15-150x150.jpg 150w, https:\/\/www.arquimaster.com.ar\/web\/wp-content\/uploads\/2018\/10\/espacio18_casafoa2018_15-50x50.jpg 50w, https:\/\/www.arquimaster.com.ar\/web\/wp-content\/uploads\/2018\/10\/espacio18_casafoa2018_15-125x125.jpg 125w\" sizes=\"auto, (max-width: 150px) 100vw, 150px\" \/><\/a>\n\t\t\t<\/div>\n\t\t\t\t<figcaption class='wp-caption-text gallery-caption' id='gallery-1-32353'>\n\t\t\t\tEstar joven (Espacio 18 \/ Casa FOA 2018) \/ Guadalupe Diez, Francisco Marconi, In\u00e9s Muzzio\n\t\t\t\t<\/figcaption><\/figure>\n\t\t<\/div>\n\n<p>Todos estos elementos se agrupan en torno a un hogar de forma irregular, realizado con el color Orix de Dekton, provisto por Canteras del Mundo. Para acompa\u00f1ar las ventanas originales del espacio, se eligieron cortinas en lienzo azul, de Casa Almac\u00e9n. Debajo de una de ellas se ubican dos le\u00f1eros de N\u00f3made espejados, realizados en chapa negra, junto a alfombras dise\u00f1adas por la artista Anal\u00eda Segal, provistas por Design Carpets.<\/p>\n<p>Detr\u00e1s de este sector, se destaca sobre la pared una biblioteca con ejemplares de Wideprint, elaborada con la superficie Rauvisio de Rehau, en tono oscuro. El piso, protag\u00f3nico de este espacio, se realiz\u00f3 con el porcellanato premium Oniciato Dark Grey de Vite, con detalles de perfiles de aluminio Atrim, en color oro mate. Estos \u00faltimos se repiten bordeando uno de los accesos al espacio, en oro brillante.<\/p>\n<div id='gallery-2' class='gallery galleryid-32338 gallery-columns-3 gallery-size-thumbnail'><figure class='gallery-item'>\n\t\t\t<div class='gallery-icon portrait'>\n\t\t\t\t<a href='https:\/\/www.arquimaster.com.ar\/web\/wp-content\/uploads\/2018\/10\/espacio18_casafoa2018_16.jpg' title=\"Estar joven (Espacio 18 \/ Casa FOA 2018) \/ Guadalupe Diez, Francisco Marconi, In\u00e9s Muzzio\" data-rl_title=\"Estar joven (Espacio 18 \/ Casa FOA 2018) \/ Guadalupe Diez, Francisco Marconi, In\u00e9s Muzzio\" class=\"rl-gallery-link\" data-rl_caption=\"Estar joven (Espacio 18 \/ Casa FOA 2018) \/ Guadalupe Diez, Francisco Marconi, In\u00e9s Muzzio\" data-rel=\"lightbox-gallery-2\"><img loading=\"lazy\" decoding=\"async\" width=\"150\" height=\"150\" src=\"https:\/\/www.arquimaster.com.ar\/web\/wp-content\/uploads\/2018\/10\/espacio18_casafoa2018_16-150x150.jpg\" class=\"attachment-thumbnail size-thumbnail\" alt=\"\" aria-describedby=\"gallery-2-32354\" srcset=\"https:\/\/www.arquimaster.com.ar\/web\/wp-content\/uploads\/2018\/10\/espacio18_casafoa2018_16-150x150.jpg 150w, https:\/\/www.arquimaster.com.ar\/web\/wp-content\/uploads\/2018\/10\/espacio18_casafoa2018_16-50x50.jpg 50w, https:\/\/www.arquimaster.com.ar\/web\/wp-content\/uploads\/2018\/10\/espacio18_casafoa2018_16-125x125.jpg 125w\" sizes=\"auto, (max-width: 150px) 100vw, 150px\" \/><\/a>\n\t\t\t<\/div>\n\t\t\t\t<figcaption class='wp-caption-text gallery-caption' id='gallery-2-32354'>\n\t\t\t\tEstar joven (Espacio 18 \/ Casa FOA 2018) \/ Guadalupe Diez, Francisco Marconi, In\u00e9s Muzzio\n\t\t\t\t<\/figcaption><\/figure><figure class='gallery-item'>\n\t\t\t<div class='gallery-icon portrait'>\n\t\t\t\t<a href='https:\/\/www.arquimaster.com.ar\/web\/wp-content\/uploads\/2018\/10\/espacio18_casafoa2018_17.jpg' title=\"Estar joven (Espacio 18 \/ Casa FOA 2018) \/ Guadalupe Diez, Francisco Marconi, In\u00e9s Muzzio\" data-rl_title=\"Estar joven (Espacio 18 \/ Casa FOA 2018) \/ Guadalupe Diez, Francisco Marconi, In\u00e9s Muzzio\" class=\"rl-gallery-link\" data-rl_caption=\"Estar joven (Espacio 18 \/ Casa FOA 2018) \/ Guadalupe Diez, Francisco Marconi, In\u00e9s Muzzio\" data-rel=\"lightbox-gallery-2\"><img loading=\"lazy\" decoding=\"async\" width=\"150\" height=\"150\" src=\"https:\/\/www.arquimaster.com.ar\/web\/wp-content\/uploads\/2018\/10\/espacio18_casafoa2018_17-150x150.jpg\" class=\"attachment-thumbnail size-thumbnail\" alt=\"\" aria-describedby=\"gallery-2-32355\" srcset=\"https:\/\/www.arquimaster.com.ar\/web\/wp-content\/uploads\/2018\/10\/espacio18_casafoa2018_17-150x150.jpg 150w, https:\/\/www.arquimaster.com.ar\/web\/wp-content\/uploads\/2018\/10\/espacio18_casafoa2018_17-50x50.jpg 50w, https:\/\/www.arquimaster.com.ar\/web\/wp-content\/uploads\/2018\/10\/espacio18_casafoa2018_17-125x125.jpg 125w\" sizes=\"auto, (max-width: 150px) 100vw, 150px\" \/><\/a>\n\t\t\t<\/div>\n\t\t\t\t<figcaption class='wp-caption-text gallery-caption' id='gallery-2-32355'>\n\t\t\t\tEstar joven (Espacio 18 \/ Casa FOA 2018) \/ Guadalupe Diez, Francisco Marconi, In\u00e9s Muzzio\n\t\t\t\t<\/figcaption><\/figure><figure class='gallery-item'>\n\t\t\t<div class='gallery-icon landscape'>\n\t\t\t\t<a href='https:\/\/www.arquimaster.com.ar\/web\/wp-content\/uploads\/2018\/10\/espacio18_casafoa2018_18.jpg' title=\"Estar joven (Espacio 18 \/ Casa FOA 2018) \/ Guadalupe Diez, Francisco Marconi, In\u00e9s Muzzio\" data-rl_title=\"Estar joven (Espacio 18 \/ Casa FOA 2018) \/ Guadalupe Diez, Francisco Marconi, In\u00e9s Muzzio\" class=\"rl-gallery-link\" data-rl_caption=\"Estar joven (Espacio 18 \/ Casa FOA 2018) \/ Guadalupe Diez, Francisco Marconi, In\u00e9s Muzzio\" data-rel=\"lightbox-gallery-2\"><img loading=\"lazy\" decoding=\"async\" width=\"150\" height=\"150\" src=\"https:\/\/www.arquimaster.com.ar\/web\/wp-content\/uploads\/2018\/10\/espacio18_casafoa2018_18-150x150.jpg\" class=\"attachment-thumbnail size-thumbnail\" alt=\"\" aria-describedby=\"gallery-2-32356\" srcset=\"https:\/\/www.arquimaster.com.ar\/web\/wp-content\/uploads\/2018\/10\/espacio18_casafoa2018_18-150x150.jpg 150w, https:\/\/www.arquimaster.com.ar\/web\/wp-content\/uploads\/2018\/10\/espacio18_casafoa2018_18-50x50.jpg 50w, https:\/\/www.arquimaster.com.ar\/web\/wp-content\/uploads\/2018\/10\/espacio18_casafoa2018_18-125x125.jpg 125w\" sizes=\"auto, (max-width: 150px) 100vw, 150px\" \/><\/a>\n\t\t\t<\/div>\n\t\t\t\t<figcaption class='wp-caption-text gallery-caption' id='gallery-2-32356'>\n\t\t\t\tEstar joven (Espacio 18 \/ Casa FOA 2018) \/ Guadalupe Diez, Francisco Marconi, In\u00e9s Muzzio\n\t\t\t\t<\/figcaption><\/figure><figure class='gallery-item'>\n\t\t\t<div class='gallery-icon portrait'>\n\t\t\t\t<a href='https:\/\/www.arquimaster.com.ar\/web\/wp-content\/uploads\/2018\/10\/espacio18_casafoa2018_19.jpg' title=\"Estar joven (Espacio 18 \/ Casa FOA 2018) \/ Guadalupe Diez, Francisco Marconi, In\u00e9s Muzzio\" data-rl_title=\"Estar joven (Espacio 18 \/ Casa FOA 2018) \/ Guadalupe Diez, Francisco Marconi, In\u00e9s Muzzio\" class=\"rl-gallery-link\" data-rl_caption=\"Estar joven (Espacio 18 \/ Casa FOA 2018) \/ Guadalupe Diez, Francisco Marconi, In\u00e9s Muzzio\" data-rel=\"lightbox-gallery-2\"><img loading=\"lazy\" decoding=\"async\" width=\"150\" height=\"150\" src=\"https:\/\/www.arquimaster.com.ar\/web\/wp-content\/uploads\/2018\/10\/espacio18_casafoa2018_19-150x150.jpg\" class=\"attachment-thumbnail size-thumbnail\" alt=\"\" aria-describedby=\"gallery-2-32357\" srcset=\"https:\/\/www.arquimaster.com.ar\/web\/wp-content\/uploads\/2018\/10\/espacio18_casafoa2018_19-150x150.jpg 150w, https:\/\/www.arquimaster.com.ar\/web\/wp-content\/uploads\/2018\/10\/espacio18_casafoa2018_19-50x50.jpg 50w, https:\/\/www.arquimaster.com.ar\/web\/wp-content\/uploads\/2018\/10\/espacio18_casafoa2018_19-125x125.jpg 125w\" sizes=\"auto, (max-width: 150px) 100vw, 150px\" \/><\/a>\n\t\t\t<\/div>\n\t\t\t\t<figcaption class='wp-caption-text gallery-caption' id='gallery-2-32357'>\n\t\t\t\tEstar joven (Espacio 18 \/ Casa FOA 2018) \/ Guadalupe Diez, Francisco Marconi, In\u00e9s Muzzio\n\t\t\t\t<\/figcaption><\/figure><figure class='gallery-item'>\n\t\t\t<div class='gallery-icon landscape'>\n\t\t\t\t<a href='https:\/\/www.arquimaster.com.ar\/web\/wp-content\/uploads\/2018\/10\/espacio18_casafoa2018_20.jpg' title=\"Estar joven (Espacio 18 \/ Casa FOA 2018) \/ Guadalupe Diez, Francisco Marconi, In\u00e9s Muzzio\" data-rl_title=\"Estar joven (Espacio 18 \/ Casa FOA 2018) \/ Guadalupe Diez, Francisco Marconi, In\u00e9s Muzzio\" class=\"rl-gallery-link\" data-rl_caption=\"Estar joven (Espacio 18 \/ Casa FOA 2018) \/ Guadalupe Diez, Francisco Marconi, In\u00e9s Muzzio\" data-rel=\"lightbox-gallery-2\"><img loading=\"lazy\" decoding=\"async\" width=\"150\" height=\"150\" src=\"https:\/\/www.arquimaster.com.ar\/web\/wp-content\/uploads\/2018\/10\/espacio18_casafoa2018_20-150x150.jpg\" class=\"attachment-thumbnail size-thumbnail\" alt=\"\" aria-describedby=\"gallery-2-32358\" srcset=\"https:\/\/www.arquimaster.com.ar\/web\/wp-content\/uploads\/2018\/10\/espacio18_casafoa2018_20-150x150.jpg 150w, https:\/\/www.arquimaster.com.ar\/web\/wp-content\/uploads\/2018\/10\/espacio18_casafoa2018_20-50x50.jpg 50w, https:\/\/www.arquimaster.com.ar\/web\/wp-content\/uploads\/2018\/10\/espacio18_casafoa2018_20-125x125.jpg 125w\" sizes=\"auto, (max-width: 150px) 100vw, 150px\" \/><\/a>\n\t\t\t<\/div>\n\t\t\t\t<figcaption class='wp-caption-text gallery-caption' id='gallery-2-32358'>\n\t\t\t\tEstar joven (Espacio 18 \/ Casa FOA 2018) \/ Guadalupe Diez, Francisco Marconi, In\u00e9s Muzzio\n\t\t\t\t<\/figcaption><\/figure><figure class='gallery-item'>\n\t\t\t<div class='gallery-icon portrait'>\n\t\t\t\t<a href='https:\/\/www.arquimaster.com.ar\/web\/wp-content\/uploads\/2018\/10\/espacio18_casafoa2018_21.jpg' title=\"Estar joven (Espacio 18 \/ Casa FOA 2018) \/ Guadalupe Diez, Francisco Marconi, In\u00e9s Muzzio\" data-rl_title=\"Estar joven (Espacio 18 \/ Casa FOA 2018) \/ Guadalupe Diez, Francisco Marconi, In\u00e9s Muzzio\" class=\"rl-gallery-link\" data-rl_caption=\"Estar joven (Espacio 18 \/ Casa FOA 2018) \/ Guadalupe Diez, Francisco Marconi, In\u00e9s Muzzio\" data-rel=\"lightbox-gallery-2\"><img loading=\"lazy\" decoding=\"async\" width=\"150\" height=\"150\" src=\"https:\/\/www.arquimaster.com.ar\/web\/wp-content\/uploads\/2018\/10\/espacio18_casafoa2018_21-150x150.jpg\" class=\"attachment-thumbnail size-thumbnail\" alt=\"\" aria-describedby=\"gallery-2-32359\" srcset=\"https:\/\/www.arquimaster.com.ar\/web\/wp-content\/uploads\/2018\/10\/espacio18_casafoa2018_21-150x150.jpg 150w, https:\/\/www.arquimaster.com.ar\/web\/wp-content\/uploads\/2018\/10\/espacio18_casafoa2018_21-50x50.jpg 50w, https:\/\/www.arquimaster.com.ar\/web\/wp-content\/uploads\/2018\/10\/espacio18_casafoa2018_21-125x125.jpg 125w\" sizes=\"auto, (max-width: 150px) 100vw, 150px\" \/><\/a>\n\t\t\t<\/div>\n\t\t\t\t<figcaption class='wp-caption-text gallery-caption' id='gallery-2-32359'>\n\t\t\t\tEstar joven (Espacio 18 \/ Casa FOA 2018) \/ Guadalupe Diez, Francisco Marconi, In\u00e9s Muzzio\n\t\t\t\t<\/figcaption><\/figure><figure class='gallery-item'>\n\t\t\t<div class='gallery-icon portrait'>\n\t\t\t\t<a href='https:\/\/www.arquimaster.com.ar\/web\/wp-content\/uploads\/2018\/10\/espacio18_casafoa2018_22.jpg' title=\"Estar joven (Espacio 18 \/ Casa FOA 2018) \/ Guadalupe Diez, Francisco Marconi, In\u00e9s Muzzio\" data-rl_title=\"Estar joven (Espacio 18 \/ Casa FOA 2018) \/ Guadalupe Diez, Francisco Marconi, In\u00e9s Muzzio\" class=\"rl-gallery-link\" data-rl_caption=\"Estar joven (Espacio 18 \/ Casa FOA 2018) \/ Guadalupe Diez, Francisco Marconi, In\u00e9s Muzzio\" data-rel=\"lightbox-gallery-2\"><img loading=\"lazy\" decoding=\"async\" width=\"150\" height=\"150\" src=\"https:\/\/www.arquimaster.com.ar\/web\/wp-content\/uploads\/2018\/10\/espacio18_casafoa2018_22-150x150.jpg\" class=\"attachment-thumbnail size-thumbnail\" alt=\"\" aria-describedby=\"gallery-2-32360\" srcset=\"https:\/\/www.arquimaster.com.ar\/web\/wp-content\/uploads\/2018\/10\/espacio18_casafoa2018_22-150x150.jpg 150w, https:\/\/www.arquimaster.com.ar\/web\/wp-content\/uploads\/2018\/10\/espacio18_casafoa2018_22-50x50.jpg 50w, https:\/\/www.arquimaster.com.ar\/web\/wp-content\/uploads\/2018\/10\/espacio18_casafoa2018_22-125x125.jpg 125w\" sizes=\"auto, (max-width: 150px) 100vw, 150px\" \/><\/a>\n\t\t\t<\/div>\n\t\t\t\t<figcaption class='wp-caption-text gallery-caption' id='gallery-2-32360'>\n\t\t\t\tEstar joven (Espacio 18 \/ Casa FOA 2018) \/ Guadalupe Diez, Francisco Marconi, In\u00e9s Muzzio\n\t\t\t\t<\/figcaption><\/figure><figure class='gallery-item'>\n\t\t\t<div class='gallery-icon portrait'>\n\t\t\t\t<a href='https:\/\/www.arquimaster.com.ar\/web\/wp-content\/uploads\/2018\/10\/espacio18_casafoa2018_23.jpg' title=\"Estar joven (Espacio 18 \/ Casa FOA 2018) \/ Guadalupe Diez, Francisco Marconi, In\u00e9s Muzzio\" data-rl_title=\"Estar joven (Espacio 18 \/ Casa FOA 2018) \/ Guadalupe Diez, Francisco Marconi, In\u00e9s Muzzio\" class=\"rl-gallery-link\" data-rl_caption=\"Estar joven (Espacio 18 \/ Casa FOA 2018) \/ Guadalupe Diez, Francisco Marconi, In\u00e9s Muzzio\" data-rel=\"lightbox-gallery-2\"><img loading=\"lazy\" decoding=\"async\" width=\"150\" height=\"150\" src=\"https:\/\/www.arquimaster.com.ar\/web\/wp-content\/uploads\/2018\/10\/espacio18_casafoa2018_23-150x150.jpg\" class=\"attachment-thumbnail size-thumbnail\" alt=\"\" aria-describedby=\"gallery-2-32361\" srcset=\"https:\/\/www.arquimaster.com.ar\/web\/wp-content\/uploads\/2018\/10\/espacio18_casafoa2018_23-150x150.jpg 150w, https:\/\/www.arquimaster.com.ar\/web\/wp-content\/uploads\/2018\/10\/espacio18_casafoa2018_23-50x50.jpg 50w, https:\/\/www.arquimaster.com.ar\/web\/wp-content\/uploads\/2018\/10\/espacio18_casafoa2018_23-125x125.jpg 125w\" sizes=\"auto, (max-width: 150px) 100vw, 150px\" \/><\/a>\n\t\t\t<\/div>\n\t\t\t\t<figcaption class='wp-caption-text gallery-caption' id='gallery-2-32361'>\n\t\t\t\tEstar joven (Espacio 18 \/ Casa FOA 2018) \/ Guadalupe Diez, Francisco Marconi, In\u00e9s Muzzio\n\t\t\t\t<\/figcaption><\/figure><figure class='gallery-item'>\n\t\t\t<div class='gallery-icon landscape'>\n\t\t\t\t<a href='https:\/\/www.arquimaster.com.ar\/web\/wp-content\/uploads\/2018\/10\/espacio18_casafoa2018_24.jpg' title=\"Estar joven (Espacio 18 \/ Casa FOA 2018) \/ Guadalupe Diez, Francisco Marconi, In\u00e9s Muzzio (proyectistas)\" data-rl_title=\"Estar joven (Espacio 18 \/ Casa FOA 2018) \/ Guadalupe Diez, Francisco Marconi, In\u00e9s Muzzio (proyectistas)\" class=\"rl-gallery-link\" data-rl_caption=\"Estar joven (Espacio 18 \/ Casa FOA 2018) \/ Guadalupe Diez, Francisco Marconi, In\u00e9s Muzzio (proyectistas)\" data-rel=\"lightbox-gallery-2\"><img loading=\"lazy\" decoding=\"async\" width=\"150\" height=\"150\" src=\"https:\/\/www.arquimaster.com.ar\/web\/wp-content\/uploads\/2018\/10\/espacio18_casafoa2018_24-150x150.jpg\" class=\"attachment-thumbnail size-thumbnail\" alt=\"\" aria-describedby=\"gallery-2-32362\" srcset=\"https:\/\/www.arquimaster.com.ar\/web\/wp-content\/uploads\/2018\/10\/espacio18_casafoa2018_24-150x150.jpg 150w, https:\/\/www.arquimaster.com.ar\/web\/wp-content\/uploads\/2018\/10\/espacio18_casafoa2018_24-50x50.jpg 50w, https:\/\/www.arquimaster.com.ar\/web\/wp-content\/uploads\/2018\/10\/espacio18_casafoa2018_24-125x125.jpg 125w\" sizes=\"auto, (max-width: 150px) 100vw, 150px\" \/><\/a>\n\t\t\t<\/div>\n\t\t\t\t<figcaption class='wp-caption-text gallery-caption' id='gallery-2-32362'>\n\t\t\t\tEstar joven (Espacio 18 \/ Casa FOA 2018) \/ Guadalupe Diez, Francisco Marconi, In\u00e9s Muzzio (proyectistas)\n\t\t\t\t<\/figcaption><\/figure><figure class='gallery-item'>\n\t\t\t<div class='gallery-icon landscape'>\n\t\t\t\t<a href='https:\/\/www.arquimaster.com.ar\/web\/wp-content\/uploads\/2018\/10\/espacio18_casafoa2018_25.jpg' title=\"Estar joven (Espacio 18 \/ Casa FOA 2018) \/ Guadalupe Diez, Francisco Marconi, In\u00e9s Muzzio (\u00a9 Casa FOA)\" data-rl_title=\"Estar joven (Espacio 18 \/ Casa FOA 2018) \/ Guadalupe Diez, Francisco Marconi, In\u00e9s Muzzio (\u00a9 Casa FOA)\" class=\"rl-gallery-link\" data-rl_caption=\"Estar joven (Espacio 18 \/ Casa FOA 2018) \/ Guadalupe Diez, Francisco Marconi, In\u00e9s Muzzio (\u00a9 Casa FOA)\" data-rel=\"lightbox-gallery-2\"><img loading=\"lazy\" decoding=\"async\" width=\"150\" height=\"150\" src=\"https:\/\/www.arquimaster.com.ar\/web\/wp-content\/uploads\/2018\/10\/espacio18_casafoa2018_25-150x150.jpg\" class=\"attachment-thumbnail size-thumbnail\" alt=\"\" aria-describedby=\"gallery-2-32363\" srcset=\"https:\/\/www.arquimaster.com.ar\/web\/wp-content\/uploads\/2018\/10\/espacio18_casafoa2018_25-150x150.jpg 150w, https:\/\/www.arquimaster.com.ar\/web\/wp-content\/uploads\/2018\/10\/espacio18_casafoa2018_25-50x50.jpg 50w, https:\/\/www.arquimaster.com.ar\/web\/wp-content\/uploads\/2018\/10\/espacio18_casafoa2018_25-125x125.jpg 125w\" sizes=\"auto, (max-width: 150px) 100vw, 150px\" \/><\/a>\n\t\t\t<\/div>\n\t\t\t\t<figcaption class='wp-caption-text gallery-caption' id='gallery-2-32363'>\n\t\t\t\tEstar joven (Espacio 18 \/ Casa FOA 2018) \/ Guadalupe Diez, Francisco Marconi, In\u00e9s Muzzio (\u00a9 Casa FOA)\n\t\t\t\t<\/figcaption><\/figure><figure class='gallery-item'>\n\t\t\t<div class='gallery-icon landscape'>\n\t\t\t\t<a href='https:\/\/www.arquimaster.com.ar\/web\/wp-content\/uploads\/2018\/10\/espacio18_casafoa2018_26.jpg' title=\"Estar joven (Espacio 18 \/ Casa FOA 2018) \/ Guadalupe Diez, Francisco Marconi, In\u00e9s Muzzio (\u00a9 Casa FOA)\" data-rl_title=\"Estar joven (Espacio 18 \/ Casa FOA 2018) \/ Guadalupe Diez, Francisco Marconi, In\u00e9s Muzzio (\u00a9 Casa FOA)\" class=\"rl-gallery-link\" data-rl_caption=\"Estar joven (Espacio 18 \/ Casa FOA 2018) \/ Guadalupe Diez, Francisco Marconi, In\u00e9s Muzzio (\u00a9 Casa FOA)\" data-rel=\"lightbox-gallery-2\"><img loading=\"lazy\" decoding=\"async\" width=\"150\" height=\"150\" src=\"https:\/\/www.arquimaster.com.ar\/web\/wp-content\/uploads\/2018\/10\/espacio18_casafoa2018_26-150x150.jpg\" class=\"attachment-thumbnail size-thumbnail\" alt=\"\" aria-describedby=\"gallery-2-32364\" srcset=\"https:\/\/www.arquimaster.com.ar\/web\/wp-content\/uploads\/2018\/10\/espacio18_casafoa2018_26-150x150.jpg 150w, https:\/\/www.arquimaster.com.ar\/web\/wp-content\/uploads\/2018\/10\/espacio18_casafoa2018_26-50x50.jpg 50w, https:\/\/www.arquimaster.com.ar\/web\/wp-content\/uploads\/2018\/10\/espacio18_casafoa2018_26-125x125.jpg 125w\" sizes=\"auto, (max-width: 150px) 100vw, 150px\" \/><\/a>\n\t\t\t<\/div>\n\t\t\t\t<figcaption class='wp-caption-text gallery-caption' id='gallery-2-32364'>\n\t\t\t\tEstar joven (Espacio 18 \/ Casa FOA 2018) \/ Guadalupe Diez, Francisco Marconi, In\u00e9s Muzzio (\u00a9 Casa FOA)\n\t\t\t\t<\/figcaption><\/figure><figure class='gallery-item'>\n\t\t\t<div class='gallery-icon portrait'>\n\t\t\t\t<a href='https:\/\/www.arquimaster.com.ar\/web\/wp-content\/uploads\/2018\/10\/espacio18_casafoa2018_27.jpg' title=\"Estar joven (Espacio 18 \/ Casa FOA 2018) \/ Guadalupe Diez, Francisco Marconi, In\u00e9s Muzzio (\u00a9 Casa FOA)\" data-rl_title=\"Estar joven (Espacio 18 \/ Casa FOA 2018) \/ Guadalupe Diez, Francisco Marconi, In\u00e9s Muzzio (\u00a9 Casa FOA)\" class=\"rl-gallery-link\" data-rl_caption=\"Estar joven (Espacio 18 \/ Casa FOA 2018) \/ Guadalupe Diez, Francisco Marconi, In\u00e9s Muzzio (\u00a9 Casa FOA)\" data-rel=\"lightbox-gallery-2\"><img loading=\"lazy\" decoding=\"async\" width=\"150\" height=\"150\" src=\"https:\/\/www.arquimaster.com.ar\/web\/wp-content\/uploads\/2018\/10\/espacio18_casafoa2018_27-150x150.jpg\" class=\"attachment-thumbnail size-thumbnail\" alt=\"\" aria-describedby=\"gallery-2-32365\" srcset=\"https:\/\/www.arquimaster.com.ar\/web\/wp-content\/uploads\/2018\/10\/espacio18_casafoa2018_27-150x150.jpg 150w, https:\/\/www.arquimaster.com.ar\/web\/wp-content\/uploads\/2018\/10\/espacio18_casafoa2018_27-50x50.jpg 50w, https:\/\/www.arquimaster.com.ar\/web\/wp-content\/uploads\/2018\/10\/espacio18_casafoa2018_27-125x125.jpg 125w\" sizes=\"auto, (max-width: 150px) 100vw, 150px\" \/><\/a>\n\t\t\t<\/div>\n\t\t\t\t<figcaption class='wp-caption-text gallery-caption' id='gallery-2-32365'>\n\t\t\t\tEstar joven (Espacio 18 \/ Casa FOA 2018) \/ Guadalupe Diez, Francisco Marconi, In\u00e9s Muzzio (\u00a9 Casa FOA)\n\t\t\t\t<\/figcaption><\/figure>\n\t\t<\/div>\n\n<p>Sobre otra de las paredes se ubica un vajillero de Duveen, que sirve para almacenar revistas. En su superficie se apoyan c\u00fapulas de vidrio con fragmentos de Wideprint en su interior, obra de la artista Laura Dalton. Por encima, se ubican cuatro cuadros que exhiben las chapas de impresi\u00f3n de la revista. A los costados, pilas de ejemplares terminan de delinear los l\u00edmites de este rinc\u00f3n, junto a una obra de la escultora Norma Siguelboim. Toda la iluminaci\u00f3n del espacio estuvo a cargo de la empresa NUBA.<\/p>\n<p>La paleta de colores elegida incluye tonos azules y verdes oscuros, como el color Aguas Oce\u00e1nicas de la envolvente del espacio y los detalles en Tormenta de Granizo y Cr\u00e8me Br\u00fbl\u00e9e. En lo que respecta a la materialidad seleccionada, se combinaron diferentes elementos para crear un especial juego de texturas.<\/p>\n<p>El espacio obtuvo los siguientes premios:<\/p>\n<p>Primera Menci\u00f3n a la Arquitectura y Dise\u00f1o de Interior Casa FOA 2018<\/p>\n<p><strong>Contacto<\/strong><br \/>\nInstagram: @estudiodiezmuzzio<br \/>\nInstagram: @francisco_marconi<\/p>\n<p><strong>Fotos<br \/>\n<\/strong>Cortes\u00eda expositores<strong><br \/>\n<\/strong>Prensa Casa FOA 2018<\/p>\n<p><strong>Plano de la muestra<\/strong><\/p>\n<div id='gallery-3' class='gallery galleryid-32338 gallery-columns-3 gallery-size-thumbnail'><figure class='gallery-item'>\n\t\t\t<div class='gallery-icon portrait'>\n\t\t\t\t<a href='https:\/\/www.arquimaster.com.ar\/web\/wp-content\/uploads\/2018\/09\/plano_casa_foa_2018.jpg' title=\"Casa FOA 2018 \/ Cassa Devoto\" data-rl_title=\"Casa FOA 2018 \/ Cassa Devoto\" class=\"rl-gallery-link\" data-rl_caption=\"Casa FOA 2018 \/ Cassa Devoto\" data-rel=\"lightbox-gallery-3\"><img loading=\"lazy\" decoding=\"async\" width=\"150\" height=\"150\" src=\"https:\/\/www.arquimaster.com.ar\/web\/wp-content\/uploads\/2018\/09\/plano_casa_foa_2018-150x150.jpg\" class=\"attachment-thumbnail size-thumbnail\" alt=\"\" aria-describedby=\"gallery-3-31322\" srcset=\"https:\/\/www.arquimaster.com.ar\/web\/wp-content\/uploads\/2018\/09\/plano_casa_foa_2018-150x150.jpg 150w, https:\/\/www.arquimaster.com.ar\/web\/wp-content\/uploads\/2018\/09\/plano_casa_foa_2018-50x50.jpg 50w, https:\/\/www.arquimaster.com.ar\/web\/wp-content\/uploads\/2018\/09\/plano_casa_foa_2018-125x125.jpg 125w\" sizes=\"auto, (max-width: 150px) 100vw, 150px\" \/><\/a>\n\t\t\t<\/div>\n\t\t\t\t<figcaption class='wp-caption-text gallery-caption' id='gallery-3-31322'>\n\t\t\t\tCasa FOA 2018 \/ Cassa Devoto\n\t\t\t\t<\/figcaption><\/figure>\n\t\t<\/div>\n\n<p><strong>Sponsor del espacio<\/strong><\/p>\n<p><strong>Wideprint<\/strong><br \/>\nLa Revista<\/p>\n<p>&nbsp;<\/p>\n<p><strong>Colaboradores<\/strong><\/p>\n<p><strong>Alba<\/strong><br \/>\nColores: Aguas Oce\u00e1nicas &#8211; Tormenta de Granizo &#8211; Cr\u00e8me Br\u00fbl\u00e9e<\/p>\n<p><strong>Atrim<\/strong><br \/>\nZ\u00f3calos EPS y perfiles de aluminio color oro mate y oro brillante<\/p>\n<p><strong>Canteras del Mundo<\/strong><br \/>\nDekton color Orix<\/p>\n<p><strong>Rehau<\/strong><br \/>\nBiblioteca con Superficie Rauvisio<\/p>\n<p><strong>Vite<\/strong><br \/>\nPorcellanato premium Oniciato Dark Grey<\/p>\n<p><strong>Nuba Iluminaci\u00f3n<\/strong><br \/>\nArtefactos de iluminaci\u00f3n<\/p>\n<p><strong>Ohmio<\/strong><br \/>\nSillones y sillas<\/p>\n<p><strong>N\u00f3made por Paula Herrero<\/strong><br \/>\nLe\u00f1eros<\/p>\n<p><strong>Balunek Cocinas y Vestidores<\/strong><br \/>\nEstructura de hogar y biblioteca<\/p>\n<p><strong>Duveen<\/strong><br \/>\nMesas, espejos y vajillero<\/p>\n<p><strong>Marmoler\u00eda de Dise\u00f1o<\/strong><br \/>\nTrabajo de marmoler\u00eda del hogar<\/p>\n<p><strong>Casa Almac\u00e9n<\/strong><br \/>\nCortinas<\/p>\n<p><strong>Design Carpets<\/strong><br \/>\nAlfombras dise\u00f1adas por la artista Anal\u00eda Segal<\/p>\n<p><strong>Escultora Norma Siguelboim<\/strong><br \/>\nEscultura<\/p>\n<p><strong>Galt Printing<\/strong><br \/>\nImprenta editorial offset<\/p>\n<p><strong>Artista Laura Dalton<\/strong><br \/>\nC\u00fapulas de vidrio<\/p>\n<p>&nbsp;<\/p>\n<p><strong>Sobre Casa FOA 2018 \/ Cassa Devoto<\/strong><br \/>\nCasa FOA, la tradicional exposici\u00f3n nacional de arquitectura, dise\u00f1o interior, paisajismo e industria abrir\u00e1 sus puertas a partir del 21 de septiembre de 2018 y podr\u00e1 recorrerse hasta el 28 de octubre de 2018 en su nueva sede en el ex Convento Nuestra Se\u00f1ora de la Misericordia, ubicado en Pareja 3670, en el barrio de Devoto, Ciudad de Buenos Aires. Cassa Devoto es una joya arquitect\u00f3nica de m\u00e1s de 120 a\u00f1os, con 3000 metros cuadrados de claustros, patios y vegetaci\u00f3n que brindar\u00e1 los escenarios donde dise\u00f1adores y arquitectos desplegar\u00e1n toda su creatividad.<\/p>\n<p>La nueva sede abrir\u00e1 todos los d\u00edas de 12 a 20 horas y los viernes con Casa FOA Night hasta las 23 horas, los viernes a partir de las 19 horas se podr\u00e1 acceder con el beneficio de 2&#215;1. La entrada tendr\u00e1 un valor de $ 240 en boleter\u00eda y se podr\u00e1n adquirir entradas anticipadas a trav\u00e9s de la p\u00e1gina web de Casa FOA. Casa FOA ya es un \u00edcono de la arquitectura y el dise\u00f1o, tal es as\u00ed que este a\u00f1o, celebrando su edici\u00f3n N\u00ba 35, fue declarada de inter\u00e9s cultural de la Ciudad de Buenos Aires por la Legislatura Porte\u00f1a.<\/p>\n<p><strong>M\u00e1s informaci\u00f3n<\/strong><br \/>\n<a href=\"http:\/\/www.casafoa.com\" target=\"_blank\" rel=\"noopener\">http:\/\/www.casafoa.com<\/a><\/p>\n<p><iframe loading=\"lazy\" style=\"border: 0;\" src=\"https:\/\/www.google.com\/maps\/embed?pb=!1m14!1m8!1m3!1d13137.238640565682!2d-58.5089094!3d-34.5963304!3m2!1i1024!2i768!4f13.1!3m3!1m2!1s0x0%3A0xeebce17ff294ca1c!2sCasa+FOA+2018!5e0!3m2!1ses-419!2sar!4v1537461365962\" width=\"642\" height=\"350\" frameborder=\"0\" allowfullscreen=\"allowfullscreen\"><\/iframe><\/p>\n\n<div style=\"font-size: 0px; height: 0px; line-height: 0px; margin: 0; padding: 0; clear: both;\"><\/div><div style=\"margin-top: 0px; margin-bottom: 0px;\" class=\"sharethis-inline-share-buttons\" ><\/div>","protected":false},"excerpt":{"rendered":"<p>Estar de una persona joven, que sue\u00f1a, piensa y act\u00faa para llevar a cabo el proyecto editorial&#8230;<\/p>\n","protected":false},"author":1,"featured_media":32366,"comment_status":"closed","ping_status":"closed","sticky":false,"template":"","format":"standard","meta":{"_uag_custom_page_level_css":"","footnotes":""},"categories":[4642,55],"tags":[4644,2686,2826,2827,4736,1770],"class_list":["post-32338","post","type-post","status-publish","format-standard","has-post-thumbnail","hentry","category-casa-foa-2018","category-diseno","tag-casa-foa-2018","tag-estar","tag-francisco-marconi","tag-guadalupe-diez","tag-ines-muzzio","tag-sala-de-estar","generate-columns","tablet-grid-50","mobile-grid-100","grid-parent","grid-50"],"yoast_head":"<!-- This site is optimized with the Yoast SEO plugin v27.3 - https:\/\/yoast.com\/product\/yoast-seo-wordpress\/ -->\n<title>Estar joven (Espacio 18 \/ Casa FOA 2018) \/ Guadalupe Diez, Francisco Marconi, In\u00e9s Muzzio - Arquimaster<\/title>\n<meta name=\"robots\" content=\"index, follow, max-snippet:-1, max-image-preview:large, max-video-preview:-1\" \/>\n<link rel=\"canonical\" href=\"https:\/\/www.arquimaster.com.ar\/web\/estar-joven-espacio-18-casa-foa-2018-guadalupe-diez-francisco-marconi-ines-muzzio\/\" \/>\n<meta property=\"og:locale\" content=\"es_ES\" \/>\n<meta property=\"og:type\" content=\"article\" \/>\n<meta property=\"og:title\" content=\"Estar joven (Espacio 18 \/ Casa FOA 2018) \/ Guadalupe Diez, Francisco Marconi, In\u00e9s Muzzio - Arquimaster\" \/>\n<meta property=\"og:description\" content=\"Estar de una persona joven, que sue\u00f1a, piensa y act\u00faa para llevar a cabo el proyecto editorial...\" \/>\n<meta property=\"og:url\" content=\"https:\/\/www.arquimaster.com.ar\/web\/estar-joven-espacio-18-casa-foa-2018-guadalupe-diez-francisco-marconi-ines-muzzio\/\" \/>\n<meta property=\"og:site_name\" content=\"Arquimaster\" \/>\n<meta property=\"article:publisher\" content=\"http:\/\/www.facebook.com\/ARQUIMASTER.com.ar\" \/>\n<meta property=\"article:published_time\" content=\"2018-10-04T17:45:38+00:00\" \/>\n<meta property=\"article:modified_time\" content=\"2018-10-22T01:47:20+00:00\" \/>\n<meta property=\"og:image\" content=\"https:\/\/www.arquimaster.com.ar\/web\/wp-content\/uploads\/2018\/10\/espacio18_casafoa2018_slide.jpg\" \/>\n\t<meta property=\"og:image:width\" content=\"642\" \/>\n\t<meta property=\"og:image:height\" content=\"336\" \/>\n\t<meta property=\"og:image:type\" content=\"image\/jpeg\" \/>\n<meta name=\"author\" content=\"Arquimaster\" \/>\n<meta name=\"twitter:card\" content=\"summary_large_image\" \/>\n<meta name=\"twitter:creator\" content=\"@arquimaster\" \/>\n<meta name=\"twitter:site\" content=\"@arquimaster\" \/>\n<meta name=\"twitter:label1\" content=\"Escrito por\" \/>\n\t<meta name=\"twitter:data1\" content=\"Arquimaster\" \/>\n\t<meta name=\"twitter:label2\" content=\"Tiempo de lectura\" \/>\n\t<meta name=\"twitter:data2\" content=\"4 minutos\" \/>\n<script type=\"application\/ld+json\" class=\"yoast-schema-graph\">{\"@context\":\"https:\\\/\\\/schema.org\",\"@graph\":[{\"@type\":\"Article\",\"@id\":\"https:\\\/\\\/www.arquimaster.com.ar\\\/web\\\/estar-joven-espacio-18-casa-foa-2018-guadalupe-diez-francisco-marconi-ines-muzzio\\\/#article\",\"isPartOf\":{\"@id\":\"https:\\\/\\\/www.arquimaster.com.ar\\\/web\\\/estar-joven-espacio-18-casa-foa-2018-guadalupe-diez-francisco-marconi-ines-muzzio\\\/\"},\"author\":{\"name\":\"Arquimaster\",\"@id\":\"https:\\\/\\\/www.arquimaster.com.ar\\\/web\\\/#\\\/schema\\\/person\\\/359e9f7c00193fcde068e0dd2ceb0028\"},\"headline\":\"Estar joven (Espacio 18 \\\/ Casa FOA 2018) \\\/ Guadalupe Diez, Francisco Marconi, In\u00e9s Muzzio\",\"datePublished\":\"2018-10-04T17:45:38+00:00\",\"dateModified\":\"2018-10-22T01:47:20+00:00\",\"mainEntityOfPage\":{\"@id\":\"https:\\\/\\\/www.arquimaster.com.ar\\\/web\\\/estar-joven-espacio-18-casa-foa-2018-guadalupe-diez-francisco-marconi-ines-muzzio\\\/\"},\"wordCount\":840,\"publisher\":{\"@id\":\"https:\\\/\\\/www.arquimaster.com.ar\\\/web\\\/#organization\"},\"image\":{\"@id\":\"https:\\\/\\\/www.arquimaster.com.ar\\\/web\\\/estar-joven-espacio-18-casa-foa-2018-guadalupe-diez-francisco-marconi-ines-muzzio\\\/#primaryimage\"},\"thumbnailUrl\":\"https:\\\/\\\/www.arquimaster.com.ar\\\/web\\\/wp-content\\\/uploads\\\/2018\\\/10\\\/espacio18_casafoa2018_slide.jpg\",\"keywords\":[\"Casa FOA 2018\",\"estar\",\"Francisco Marconi\",\"Guadalupe Diez\",\"In\u00e9s Muzzio\",\"sala de estar\"],\"articleSection\":[\"Casa FOA 2018\",\"Dise\u00f1o\"],\"inLanguage\":\"es\"},{\"@type\":\"WebPage\",\"@id\":\"https:\\\/\\\/www.arquimaster.com.ar\\\/web\\\/estar-joven-espacio-18-casa-foa-2018-guadalupe-diez-francisco-marconi-ines-muzzio\\\/\",\"url\":\"https:\\\/\\\/www.arquimaster.com.ar\\\/web\\\/estar-joven-espacio-18-casa-foa-2018-guadalupe-diez-francisco-marconi-ines-muzzio\\\/\",\"name\":\"Estar joven (Espacio 18 \\\/ Casa FOA 2018) \\\/ Guadalupe Diez, Francisco Marconi, In\u00e9s Muzzio - Arquimaster\",\"isPartOf\":{\"@id\":\"https:\\\/\\\/www.arquimaster.com.ar\\\/web\\\/#website\"},\"primaryImageOfPage\":{\"@id\":\"https:\\\/\\\/www.arquimaster.com.ar\\\/web\\\/estar-joven-espacio-18-casa-foa-2018-guadalupe-diez-francisco-marconi-ines-muzzio\\\/#primaryimage\"},\"image\":{\"@id\":\"https:\\\/\\\/www.arquimaster.com.ar\\\/web\\\/estar-joven-espacio-18-casa-foa-2018-guadalupe-diez-francisco-marconi-ines-muzzio\\\/#primaryimage\"},\"thumbnailUrl\":\"https:\\\/\\\/www.arquimaster.com.ar\\\/web\\\/wp-content\\\/uploads\\\/2018\\\/10\\\/espacio18_casafoa2018_slide.jpg\",\"datePublished\":\"2018-10-04T17:45:38+00:00\",\"dateModified\":\"2018-10-22T01:47:20+00:00\",\"breadcrumb\":{\"@id\":\"https:\\\/\\\/www.arquimaster.com.ar\\\/web\\\/estar-joven-espacio-18-casa-foa-2018-guadalupe-diez-francisco-marconi-ines-muzzio\\\/#breadcrumb\"},\"inLanguage\":\"es\",\"potentialAction\":[{\"@type\":\"ReadAction\",\"target\":[\"https:\\\/\\\/www.arquimaster.com.ar\\\/web\\\/estar-joven-espacio-18-casa-foa-2018-guadalupe-diez-francisco-marconi-ines-muzzio\\\/\"]}]},{\"@type\":\"ImageObject\",\"inLanguage\":\"es\",\"@id\":\"https:\\\/\\\/www.arquimaster.com.ar\\\/web\\\/estar-joven-espacio-18-casa-foa-2018-guadalupe-diez-francisco-marconi-ines-muzzio\\\/#primaryimage\",\"url\":\"https:\\\/\\\/www.arquimaster.com.ar\\\/web\\\/wp-content\\\/uploads\\\/2018\\\/10\\\/espacio18_casafoa2018_slide.jpg\",\"contentUrl\":\"https:\\\/\\\/www.arquimaster.com.ar\\\/web\\\/wp-content\\\/uploads\\\/2018\\\/10\\\/espacio18_casafoa2018_slide.jpg\",\"width\":642,\"height\":336},{\"@type\":\"BreadcrumbList\",\"@id\":\"https:\\\/\\\/www.arquimaster.com.ar\\\/web\\\/estar-joven-espacio-18-casa-foa-2018-guadalupe-diez-francisco-marconi-ines-muzzio\\\/#breadcrumb\",\"itemListElement\":[{\"@type\":\"ListItem\",\"position\":1,\"name\":\"Portada\",\"item\":\"https:\\\/\\\/www.arquimaster.com.ar\\\/web\\\/\"},{\"@type\":\"ListItem\",\"position\":2,\"name\":\"Estar joven (Espacio 18 \\\/ Casa FOA 2018) \\\/ Guadalupe Diez, Francisco Marconi, In\u00e9s Muzzio\"}]},{\"@type\":\"WebSite\",\"@id\":\"https:\\\/\\\/www.arquimaster.com.ar\\\/web\\\/#website\",\"url\":\"https:\\\/\\\/www.arquimaster.com.ar\\\/web\\\/\",\"name\":\"Arquimaster\",\"description\":\"Web de arquitectura, dise\u00f1o y construccion\",\"publisher\":{\"@id\":\"https:\\\/\\\/www.arquimaster.com.ar\\\/web\\\/#organization\"},\"potentialAction\":[{\"@type\":\"SearchAction\",\"target\":{\"@type\":\"EntryPoint\",\"urlTemplate\":\"https:\\\/\\\/www.arquimaster.com.ar\\\/web\\\/?s={search_term_string}\"},\"query-input\":{\"@type\":\"PropertyValueSpecification\",\"valueRequired\":true,\"valueName\":\"search_term_string\"}}],\"inLanguage\":\"es\"},{\"@type\":\"Organization\",\"@id\":\"https:\\\/\\\/www.arquimaster.com.ar\\\/web\\\/#organization\",\"name\":\"Arquimaster\",\"url\":\"https:\\\/\\\/www.arquimaster.com.ar\\\/web\\\/\",\"logo\":{\"@type\":\"ImageObject\",\"inLanguage\":\"es\",\"@id\":\"https:\\\/\\\/www.arquimaster.com.ar\\\/web\\\/#\\\/schema\\\/logo\\\/image\\\/\",\"url\":\"https:\\\/\\\/www.arquimaster.com.ar\\\/web\\\/wp-content\\\/uploads\\\/2022\\\/06\\\/arquimaster.png\",\"contentUrl\":\"https:\\\/\\\/www.arquimaster.com.ar\\\/web\\\/wp-content\\\/uploads\\\/2022\\\/06\\\/arquimaster.png\",\"width\":594,\"height\":78,\"caption\":\"Arquimaster\"},\"image\":{\"@id\":\"https:\\\/\\\/www.arquimaster.com.ar\\\/web\\\/#\\\/schema\\\/logo\\\/image\\\/\"},\"sameAs\":[\"http:\\\/\\\/www.facebook.com\\\/ARQUIMASTER.com.ar\",\"https:\\\/\\\/x.com\\\/arquimaster\",\"https:\\\/\\\/www.instagram.com\\\/arquimasterblog\\\/\",\"https:\\\/\\\/www.linkedin.com\\\/company\\\/arquimaster\",\"https:\\\/\\\/www.pinterest.com\\\/arquimaster\",\"https:\\\/\\\/t.me\\\/arquimaster\"]},{\"@type\":\"Person\",\"@id\":\"https:\\\/\\\/www.arquimaster.com.ar\\\/web\\\/#\\\/schema\\\/person\\\/359e9f7c00193fcde068e0dd2ceb0028\",\"name\":\"Arquimaster\"}]}<\/script>\n<!-- \/ Yoast SEO plugin. -->","yoast_head_json":{"title":"Estar joven (Espacio 18 \/ Casa FOA 2018) \/ Guadalupe Diez, Francisco Marconi, In\u00e9s Muzzio - Arquimaster","robots":{"index":"index","follow":"follow","max-snippet":"max-snippet:-1","max-image-preview":"max-image-preview:large","max-video-preview":"max-video-preview:-1"},"canonical":"https:\/\/www.arquimaster.com.ar\/web\/estar-joven-espacio-18-casa-foa-2018-guadalupe-diez-francisco-marconi-ines-muzzio\/","og_locale":"es_ES","og_type":"article","og_title":"Estar joven (Espacio 18 \/ Casa FOA 2018) \/ Guadalupe Diez, Francisco Marconi, In\u00e9s Muzzio - Arquimaster","og_description":"Estar de una persona joven, que sue\u00f1a, piensa y act\u00faa para llevar a cabo el proyecto editorial...","og_url":"https:\/\/www.arquimaster.com.ar\/web\/estar-joven-espacio-18-casa-foa-2018-guadalupe-diez-francisco-marconi-ines-muzzio\/","og_site_name":"Arquimaster","article_publisher":"http:\/\/www.facebook.com\/ARQUIMASTER.com.ar","article_published_time":"2018-10-04T17:45:38+00:00","article_modified_time":"2018-10-22T01:47:20+00:00","og_image":[{"width":642,"height":336,"url":"https:\/\/www.arquimaster.com.ar\/web\/wp-content\/uploads\/2018\/10\/espacio18_casafoa2018_slide.jpg","type":"image\/jpeg"}],"author":"Arquimaster","twitter_card":"summary_large_image","twitter_creator":"@arquimaster","twitter_site":"@arquimaster","twitter_misc":{"Escrito por":"Arquimaster","Tiempo de lectura":"4 minutos"},"schema":{"@context":"https:\/\/schema.org","@graph":[{"@type":"Article","@id":"https:\/\/www.arquimaster.com.ar\/web\/estar-joven-espacio-18-casa-foa-2018-guadalupe-diez-francisco-marconi-ines-muzzio\/#article","isPartOf":{"@id":"https:\/\/www.arquimaster.com.ar\/web\/estar-joven-espacio-18-casa-foa-2018-guadalupe-diez-francisco-marconi-ines-muzzio\/"},"author":{"name":"Arquimaster","@id":"https:\/\/www.arquimaster.com.ar\/web\/#\/schema\/person\/359e9f7c00193fcde068e0dd2ceb0028"},"headline":"Estar joven (Espacio 18 \/ Casa FOA 2018) \/ Guadalupe Diez, Francisco Marconi, In\u00e9s Muzzio","datePublished":"2018-10-04T17:45:38+00:00","dateModified":"2018-10-22T01:47:20+00:00","mainEntityOfPage":{"@id":"https:\/\/www.arquimaster.com.ar\/web\/estar-joven-espacio-18-casa-foa-2018-guadalupe-diez-francisco-marconi-ines-muzzio\/"},"wordCount":840,"publisher":{"@id":"https:\/\/www.arquimaster.com.ar\/web\/#organization"},"image":{"@id":"https:\/\/www.arquimaster.com.ar\/web\/estar-joven-espacio-18-casa-foa-2018-guadalupe-diez-francisco-marconi-ines-muzzio\/#primaryimage"},"thumbnailUrl":"https:\/\/www.arquimaster.com.ar\/web\/wp-content\/uploads\/2018\/10\/espacio18_casafoa2018_slide.jpg","keywords":["Casa FOA 2018","estar","Francisco Marconi","Guadalupe Diez","In\u00e9s Muzzio","sala de estar"],"articleSection":["Casa FOA 2018","Dise\u00f1o"],"inLanguage":"es"},{"@type":"WebPage","@id":"https:\/\/www.arquimaster.com.ar\/web\/estar-joven-espacio-18-casa-foa-2018-guadalupe-diez-francisco-marconi-ines-muzzio\/","url":"https:\/\/www.arquimaster.com.ar\/web\/estar-joven-espacio-18-casa-foa-2018-guadalupe-diez-francisco-marconi-ines-muzzio\/","name":"Estar joven (Espacio 18 \/ Casa FOA 2018) \/ Guadalupe Diez, Francisco Marconi, In\u00e9s Muzzio - Arquimaster","isPartOf":{"@id":"https:\/\/www.arquimaster.com.ar\/web\/#website"},"primaryImageOfPage":{"@id":"https:\/\/www.arquimaster.com.ar\/web\/estar-joven-espacio-18-casa-foa-2018-guadalupe-diez-francisco-marconi-ines-muzzio\/#primaryimage"},"image":{"@id":"https:\/\/www.arquimaster.com.ar\/web\/estar-joven-espacio-18-casa-foa-2018-guadalupe-diez-francisco-marconi-ines-muzzio\/#primaryimage"},"thumbnailUrl":"https:\/\/www.arquimaster.com.ar\/web\/wp-content\/uploads\/2018\/10\/espacio18_casafoa2018_slide.jpg","datePublished":"2018-10-04T17:45:38+00:00","dateModified":"2018-10-22T01:47:20+00:00","breadcrumb":{"@id":"https:\/\/www.arquimaster.com.ar\/web\/estar-joven-espacio-18-casa-foa-2018-guadalupe-diez-francisco-marconi-ines-muzzio\/#breadcrumb"},"inLanguage":"es","potentialAction":[{"@type":"ReadAction","target":["https:\/\/www.arquimaster.com.ar\/web\/estar-joven-espacio-18-casa-foa-2018-guadalupe-diez-francisco-marconi-ines-muzzio\/"]}]},{"@type":"ImageObject","inLanguage":"es","@id":"https:\/\/www.arquimaster.com.ar\/web\/estar-joven-espacio-18-casa-foa-2018-guadalupe-diez-francisco-marconi-ines-muzzio\/#primaryimage","url":"https:\/\/www.arquimaster.com.ar\/web\/wp-content\/uploads\/2018\/10\/espacio18_casafoa2018_slide.jpg","contentUrl":"https:\/\/www.arquimaster.com.ar\/web\/wp-content\/uploads\/2018\/10\/espacio18_casafoa2018_slide.jpg","width":642,"height":336},{"@type":"BreadcrumbList","@id":"https:\/\/www.arquimaster.com.ar\/web\/estar-joven-espacio-18-casa-foa-2018-guadalupe-diez-francisco-marconi-ines-muzzio\/#breadcrumb","itemListElement":[{"@type":"ListItem","position":1,"name":"Portada","item":"https:\/\/www.arquimaster.com.ar\/web\/"},{"@type":"ListItem","position":2,"name":"Estar joven (Espacio 18 \/ Casa FOA 2018) \/ Guadalupe Diez, Francisco Marconi, In\u00e9s Muzzio"}]},{"@type":"WebSite","@id":"https:\/\/www.arquimaster.com.ar\/web\/#website","url":"https:\/\/www.arquimaster.com.ar\/web\/","name":"Arquimaster","description":"Web de arquitectura, dise\u00f1o y construccion","publisher":{"@id":"https:\/\/www.arquimaster.com.ar\/web\/#organization"},"potentialAction":[{"@type":"SearchAction","target":{"@type":"EntryPoint","urlTemplate":"https:\/\/www.arquimaster.com.ar\/web\/?s={search_term_string}"},"query-input":{"@type":"PropertyValueSpecification","valueRequired":true,"valueName":"search_term_string"}}],"inLanguage":"es"},{"@type":"Organization","@id":"https:\/\/www.arquimaster.com.ar\/web\/#organization","name":"Arquimaster","url":"https:\/\/www.arquimaster.com.ar\/web\/","logo":{"@type":"ImageObject","inLanguage":"es","@id":"https:\/\/www.arquimaster.com.ar\/web\/#\/schema\/logo\/image\/","url":"https:\/\/www.arquimaster.com.ar\/web\/wp-content\/uploads\/2022\/06\/arquimaster.png","contentUrl":"https:\/\/www.arquimaster.com.ar\/web\/wp-content\/uploads\/2022\/06\/arquimaster.png","width":594,"height":78,"caption":"Arquimaster"},"image":{"@id":"https:\/\/www.arquimaster.com.ar\/web\/#\/schema\/logo\/image\/"},"sameAs":["http:\/\/www.facebook.com\/ARQUIMASTER.com.ar","https:\/\/x.com\/arquimaster","https:\/\/www.instagram.com\/arquimasterblog\/","https:\/\/www.linkedin.com\/company\/arquimaster","https:\/\/www.pinterest.com\/arquimaster","https:\/\/t.me\/arquimaster"]},{"@type":"Person","@id":"https:\/\/www.arquimaster.com.ar\/web\/#\/schema\/person\/359e9f7c00193fcde068e0dd2ceb0028","name":"Arquimaster"}]}},"uagb_featured_image_src":{"full":["https:\/\/www.arquimaster.com.ar\/web\/wp-content\/uploads\/2018\/10\/espacio18_casafoa2018_slide.jpg",642,336,false],"thumbnail":["https:\/\/www.arquimaster.com.ar\/web\/wp-content\/uploads\/2018\/10\/espacio18_casafoa2018_slide-150x150.jpg",150,150,true],"medium":["https:\/\/www.arquimaster.com.ar\/web\/wp-content\/uploads\/2018\/10\/espacio18_casafoa2018_slide.jpg",642,336,false],"medium_large":["https:\/\/www.arquimaster.com.ar\/web\/wp-content\/uploads\/2018\/10\/espacio18_casafoa2018_slide.jpg",642,336,false],"large":["https:\/\/www.arquimaster.com.ar\/web\/wp-content\/uploads\/2018\/10\/espacio18_casafoa2018_slide.jpg",642,336,false],"1536x1536":["https:\/\/www.arquimaster.com.ar\/web\/wp-content\/uploads\/2018\/10\/espacio18_casafoa2018_slide.jpg",642,336,false],"2048x2048":["https:\/\/www.arquimaster.com.ar\/web\/wp-content\/uploads\/2018\/10\/espacio18_casafoa2018_slide.jpg",642,336,false]},"uagb_author_info":{"display_name":"Arquimaster","author_link":"https:\/\/www.arquimaster.com.ar\/web\/author\/arquimaster\/"},"uagb_comment_info":0,"uagb_excerpt":"Estar de una persona joven, que sue\u00f1a, piensa y act\u00faa para llevar a cabo el proyecto editorial...","_links":{"self":[{"href":"https:\/\/www.arquimaster.com.ar\/web\/wp-json\/wp\/v2\/posts\/32338","targetHints":{"allow":["GET"]}}],"collection":[{"href":"https:\/\/www.arquimaster.com.ar\/web\/wp-json\/wp\/v2\/posts"}],"about":[{"href":"https:\/\/www.arquimaster.com.ar\/web\/wp-json\/wp\/v2\/types\/post"}],"author":[{"embeddable":true,"href":"https:\/\/www.arquimaster.com.ar\/web\/wp-json\/wp\/v2\/users\/1"}],"replies":[{"embeddable":true,"href":"https:\/\/www.arquimaster.com.ar\/web\/wp-json\/wp\/v2\/comments?post=32338"}],"version-history":[{"count":0,"href":"https:\/\/www.arquimaster.com.ar\/web\/wp-json\/wp\/v2\/posts\/32338\/revisions"}],"wp:featuredmedia":[{"embeddable":true,"href":"https:\/\/www.arquimaster.com.ar\/web\/wp-json\/wp\/v2\/media\/32366"}],"wp:attachment":[{"href":"https:\/\/www.arquimaster.com.ar\/web\/wp-json\/wp\/v2\/media?parent=32338"}],"wp:term":[{"taxonomy":"category","embeddable":true,"href":"https:\/\/www.arquimaster.com.ar\/web\/wp-json\/wp\/v2\/categories?post=32338"},{"taxonomy":"post_tag","embeddable":true,"href":"https:\/\/www.arquimaster.com.ar\/web\/wp-json\/wp\/v2\/tags?post=32338"}],"curies":[{"name":"wp","href":"https:\/\/api.w.org\/{rel}","templated":true}]}}