{"id":32404,"date":"2018-10-04T18:36:35","date_gmt":"2018-10-04T18:36:35","guid":{"rendered":"http:\/\/www.arquimaster.com.ar\/web\/?p=32404"},"modified":"2022-02-23T15:00:04","modified_gmt":"2022-02-23T18:00:04","slug":"estaciones-de-la-linea-6-de-metro-de-santiago-de-chile-idom","status":"publish","type":"post","link":"https:\/\/www.arquimaster.com.ar\/web\/estaciones-de-la-linea-6-de-metro-de-santiago-de-chile-idom\/","title":{"rendered":"Estaciones de la L\u00ednea 6 de Metro de Santiago de Chile \/ IDOM"},"content":{"rendered":"<div style=\"margin-top: 0px; margin-bottom: 0px;\" class=\"sharethis-inline-share-buttons\" ><\/div><div class=\"b812932af2e751442846f039925109de\" data-index=\"1\" style=\"float: none; margin:25px 0 25px 0; text-align:center;\">\n<script async src=\"https:\/\/pagead2.googlesyndication.com\/pagead\/js\/adsbygoogle.js\"><\/script>\r\n<!-- Arquimaster (superior) -->\r\n<ins class=\"adsbygoogle\"\r\n     style=\"display:block\"\r\n     data-ad-client=\"ca-pub-6351072698456832\"\r\n     data-ad-slot=\"6455489680\"\r\n     data-ad-format=\"auto\"\r\n     data-full-width-responsive=\"true\"><\/ins>\r\n<script>\r\n     (adsbygoogle = window.adsbygoogle || []).push({});\r\n<\/script>\n<\/div>\n<p><strong>Estaciones de la L\u00ednea 6 de Metro de Santiago de Chile<\/strong> (Chile) por <strong>IDOM<\/strong>. Proyecto conceptual de las 10 estaciones de nueva L\u00ednea 6 de Metro de Santiago, 4 de ellas de combinaci\u00f3n, y posterior desarrollo de Ingenier\u00eda de Detalle. La nueva l\u00ednea 6, de 15,3 km de extensi\u00f3n, ofrece una nueva soluci\u00f3n de transporte en barrios anteriormente no conectados a la red de Metro, conformando una alternativa r\u00e1pida y eficaz al autom\u00f3vil. La l\u00ednea ha generado una red de conexi\u00f3n con \u00e1reas verdes, acercando a la comunidad y a los usuarios a los parques urbanos existentes o a las nuevas plazas de acceso construidas en el entorno de las estaciones.<\/p>\n<div id='gallery-1' class='gallery galleryid-32404 gallery-columns-3 gallery-size-thumbnail'><figure class='gallery-item'>\n\t\t\t<div class='gallery-icon landscape'>\n\t\t\t\t<a href='https:\/\/www.arquimaster.com.ar\/web\/wp-content\/uploads\/2018\/10\/metro_santiago4.jpg' title=\"Estaciones de la L\u00ednea 6 de Metro de Santiago de Chile \/ Idom (\u00a9 Nico Saieh)\" data-rl_title=\"Estaciones de la L\u00ednea 6 de Metro de Santiago de Chile \/ Idom (\u00a9 Nico Saieh)\" class=\"rl-gallery-link\" data-rl_caption=\"Estaciones de la L\u00ednea 6 de Metro de Santiago de Chile \/ Idom (\u00a9 Nico Saieh)\" data-rel=\"lightbox-gallery-1\"><img loading=\"lazy\" decoding=\"async\" width=\"150\" height=\"150\" src=\"https:\/\/www.arquimaster.com.ar\/web\/wp-content\/uploads\/2018\/10\/metro_santiago4-150x150.jpg\" class=\"attachment-thumbnail size-thumbnail\" alt=\"\" aria-describedby=\"gallery-1-32409\" srcset=\"https:\/\/www.arquimaster.com.ar\/web\/wp-content\/uploads\/2018\/10\/metro_santiago4-150x150.jpg 150w, https:\/\/www.arquimaster.com.ar\/web\/wp-content\/uploads\/2018\/10\/metro_santiago4-50x50.jpg 50w, https:\/\/www.arquimaster.com.ar\/web\/wp-content\/uploads\/2018\/10\/metro_santiago4-125x125.jpg 125w\" sizes=\"auto, (max-width: 150px) 100vw, 150px\" \/><\/a>\n\t\t\t<\/div>\n\t\t\t\t<figcaption class='wp-caption-text gallery-caption' id='gallery-1-32409'>\n\t\t\t\tEstaciones de la L\u00ednea 6 de Metro de Santiago de Chile \/ Idom (\u00a9 Nico Saieh)\n\t\t\t\t<\/figcaption><\/figure><figure class='gallery-item'>\n\t\t\t<div class='gallery-icon landscape'>\n\t\t\t\t<a href='https:\/\/www.arquimaster.com.ar\/web\/wp-content\/uploads\/2018\/10\/metro_santiago5.jpg' title=\"Estaciones de la L\u00ednea 6 de Metro de Santiago de Chile \/ Idom (\u00a9 Nico Saieh)\" data-rl_title=\"Estaciones de la L\u00ednea 6 de Metro de Santiago de Chile \/ Idom (\u00a9 Nico Saieh)\" class=\"rl-gallery-link\" data-rl_caption=\"Estaciones de la L\u00ednea 6 de Metro de Santiago de Chile \/ Idom (\u00a9 Nico Saieh)\" data-rel=\"lightbox-gallery-1\"><img loading=\"lazy\" decoding=\"async\" width=\"150\" height=\"150\" src=\"https:\/\/www.arquimaster.com.ar\/web\/wp-content\/uploads\/2018\/10\/metro_santiago5-150x150.jpg\" class=\"attachment-thumbnail size-thumbnail\" alt=\"\" aria-describedby=\"gallery-1-32410\" srcset=\"https:\/\/www.arquimaster.com.ar\/web\/wp-content\/uploads\/2018\/10\/metro_santiago5-150x150.jpg 150w, https:\/\/www.arquimaster.com.ar\/web\/wp-content\/uploads\/2018\/10\/metro_santiago5-50x50.jpg 50w, https:\/\/www.arquimaster.com.ar\/web\/wp-content\/uploads\/2018\/10\/metro_santiago5-125x125.jpg 125w\" sizes=\"auto, (max-width: 150px) 100vw, 150px\" \/><\/a>\n\t\t\t<\/div>\n\t\t\t\t<figcaption class='wp-caption-text gallery-caption' id='gallery-1-32410'>\n\t\t\t\tEstaciones de la L\u00ednea 6 de Metro de Santiago de Chile \/ Idom (\u00a9 Nico Saieh)\n\t\t\t\t<\/figcaption><\/figure><figure class='gallery-item'>\n\t\t\t<div class='gallery-icon landscape'>\n\t\t\t\t<a href='https:\/\/www.arquimaster.com.ar\/web\/wp-content\/uploads\/2018\/10\/metro_santiago6.jpg' title=\"Estaciones de la L\u00ednea 6 de Metro de Santiago de Chile \/ Idom (\u00a9 Nico Saieh)\" data-rl_title=\"Estaciones de la L\u00ednea 6 de Metro de Santiago de Chile \/ Idom (\u00a9 Nico Saieh)\" class=\"rl-gallery-link\" data-rl_caption=\"Estaciones de la L\u00ednea 6 de Metro de Santiago de Chile \/ Idom (\u00a9 Nico Saieh)\" data-rel=\"lightbox-gallery-1\"><img loading=\"lazy\" decoding=\"async\" width=\"150\" height=\"150\" src=\"https:\/\/www.arquimaster.com.ar\/web\/wp-content\/uploads\/2018\/10\/metro_santiago6-150x150.jpg\" class=\"attachment-thumbnail size-thumbnail\" alt=\"\" aria-describedby=\"gallery-1-32411\" srcset=\"https:\/\/www.arquimaster.com.ar\/web\/wp-content\/uploads\/2018\/10\/metro_santiago6-150x150.jpg 150w, https:\/\/www.arquimaster.com.ar\/web\/wp-content\/uploads\/2018\/10\/metro_santiago6-50x50.jpg 50w, https:\/\/www.arquimaster.com.ar\/web\/wp-content\/uploads\/2018\/10\/metro_santiago6-125x125.jpg 125w\" sizes=\"auto, (max-width: 150px) 100vw, 150px\" \/><\/a>\n\t\t\t<\/div>\n\t\t\t\t<figcaption class='wp-caption-text gallery-caption' id='gallery-1-32411'>\n\t\t\t\tEstaciones de la L\u00ednea 6 de Metro de Santiago de Chile \/ Idom (\u00a9 Nico Saieh)\n\t\t\t\t<\/figcaption><\/figure><figure class='gallery-item'>\n\t\t\t<div class='gallery-icon landscape'>\n\t\t\t\t<a href='https:\/\/www.arquimaster.com.ar\/web\/wp-content\/uploads\/2018\/10\/metro_santiago7.jpg' title=\"Estaciones de la L\u00ednea 6 de Metro de Santiago de Chile \/ Idom (\u00a9 Nico Saieh)\" data-rl_title=\"Estaciones de la L\u00ednea 6 de Metro de Santiago de Chile \/ Idom (\u00a9 Nico Saieh)\" class=\"rl-gallery-link\" data-rl_caption=\"Estaciones de la L\u00ednea 6 de Metro de Santiago de Chile \/ Idom (\u00a9 Nico Saieh)\" data-rel=\"lightbox-gallery-1\"><img loading=\"lazy\" decoding=\"async\" width=\"150\" height=\"150\" src=\"https:\/\/www.arquimaster.com.ar\/web\/wp-content\/uploads\/2018\/10\/metro_santiago7-150x150.jpg\" class=\"attachment-thumbnail size-thumbnail\" alt=\"\" aria-describedby=\"gallery-1-32412\" srcset=\"https:\/\/www.arquimaster.com.ar\/web\/wp-content\/uploads\/2018\/10\/metro_santiago7-150x150.jpg 150w, https:\/\/www.arquimaster.com.ar\/web\/wp-content\/uploads\/2018\/10\/metro_santiago7-50x50.jpg 50w, https:\/\/www.arquimaster.com.ar\/web\/wp-content\/uploads\/2018\/10\/metro_santiago7-125x125.jpg 125w\" sizes=\"auto, (max-width: 150px) 100vw, 150px\" \/><\/a>\n\t\t\t<\/div>\n\t\t\t\t<figcaption class='wp-caption-text gallery-caption' id='gallery-1-32412'>\n\t\t\t\tEstaciones de la L\u00ednea 6 de Metro de Santiago de Chile \/ Idom (\u00a9 Nico Saieh)\n\t\t\t\t<\/figcaption><\/figure><figure class='gallery-item'>\n\t\t\t<div class='gallery-icon landscape'>\n\t\t\t\t<a href='https:\/\/www.arquimaster.com.ar\/web\/wp-content\/uploads\/2018\/10\/metro_santiago8.jpg' title=\"Estaciones de la L\u00ednea 6 de Metro de Santiago de Chile \/ Idom (\u00a9 Nico Saieh)\" data-rl_title=\"Estaciones de la L\u00ednea 6 de Metro de Santiago de Chile \/ Idom (\u00a9 Nico Saieh)\" class=\"rl-gallery-link\" data-rl_caption=\"Estaciones de la L\u00ednea 6 de Metro de Santiago de Chile \/ Idom (\u00a9 Nico Saieh)\" data-rel=\"lightbox-gallery-1\"><img loading=\"lazy\" decoding=\"async\" width=\"150\" height=\"150\" src=\"https:\/\/www.arquimaster.com.ar\/web\/wp-content\/uploads\/2018\/10\/metro_santiago8-150x150.jpg\" class=\"attachment-thumbnail size-thumbnail\" alt=\"\" aria-describedby=\"gallery-1-32413\" srcset=\"https:\/\/www.arquimaster.com.ar\/web\/wp-content\/uploads\/2018\/10\/metro_santiago8-150x150.jpg 150w, https:\/\/www.arquimaster.com.ar\/web\/wp-content\/uploads\/2018\/10\/metro_santiago8-50x50.jpg 50w, https:\/\/www.arquimaster.com.ar\/web\/wp-content\/uploads\/2018\/10\/metro_santiago8-125x125.jpg 125w\" sizes=\"auto, (max-width: 150px) 100vw, 150px\" \/><\/a>\n\t\t\t<\/div>\n\t\t\t\t<figcaption class='wp-caption-text gallery-caption' id='gallery-1-32413'>\n\t\t\t\tEstaciones de la L\u00ednea 6 de Metro de Santiago de Chile \/ Idom (\u00a9 Nico Saieh)\n\t\t\t\t<\/figcaption><\/figure><figure class='gallery-item'>\n\t\t\t<div class='gallery-icon landscape'>\n\t\t\t\t<a href='https:\/\/www.arquimaster.com.ar\/web\/wp-content\/uploads\/2018\/10\/metro_santiago9.jpg' title=\"Estaciones de la L\u00ednea 6 de Metro de Santiago de Chile \/ Idom (\u00a9 Nico Saieh)\" data-rl_title=\"Estaciones de la L\u00ednea 6 de Metro de Santiago de Chile \/ Idom (\u00a9 Nico Saieh)\" class=\"rl-gallery-link\" data-rl_caption=\"Estaciones de la L\u00ednea 6 de Metro de Santiago de Chile \/ Idom (\u00a9 Nico Saieh)\" data-rel=\"lightbox-gallery-1\"><img loading=\"lazy\" decoding=\"async\" width=\"150\" height=\"150\" src=\"https:\/\/www.arquimaster.com.ar\/web\/wp-content\/uploads\/2018\/10\/metro_santiago9-150x150.jpg\" class=\"attachment-thumbnail size-thumbnail\" alt=\"\" aria-describedby=\"gallery-1-32414\" srcset=\"https:\/\/www.arquimaster.com.ar\/web\/wp-content\/uploads\/2018\/10\/metro_santiago9-150x150.jpg 150w, https:\/\/www.arquimaster.com.ar\/web\/wp-content\/uploads\/2018\/10\/metro_santiago9-50x50.jpg 50w, https:\/\/www.arquimaster.com.ar\/web\/wp-content\/uploads\/2018\/10\/metro_santiago9-125x125.jpg 125w\" sizes=\"auto, (max-width: 150px) 100vw, 150px\" \/><\/a>\n\t\t\t<\/div>\n\t\t\t\t<figcaption class='wp-caption-text gallery-caption' id='gallery-1-32414'>\n\t\t\t\tEstaciones de la L\u00ednea 6 de Metro de Santiago de Chile \/ Idom (\u00a9 Nico Saieh)\n\t\t\t\t<\/figcaption><\/figure><figure class='gallery-item'>\n\t\t\t<div class='gallery-icon landscape'>\n\t\t\t\t<a href='https:\/\/www.arquimaster.com.ar\/web\/wp-content\/uploads\/2018\/10\/metro_santiago10.jpg' title=\"Estaciones de la L\u00ednea 6 de Metro de Santiago de Chile \/ Idom (\u00a9 Nico Saieh)\" data-rl_title=\"Estaciones de la L\u00ednea 6 de Metro de Santiago de Chile \/ Idom (\u00a9 Nico Saieh)\" class=\"rl-gallery-link\" data-rl_caption=\"Estaciones de la L\u00ednea 6 de Metro de Santiago de Chile \/ Idom (\u00a9 Nico Saieh)\" data-rel=\"lightbox-gallery-1\"><img loading=\"lazy\" decoding=\"async\" width=\"150\" height=\"150\" src=\"https:\/\/www.arquimaster.com.ar\/web\/wp-content\/uploads\/2018\/10\/metro_santiago10-150x150.jpg\" class=\"attachment-thumbnail size-thumbnail\" alt=\"\" aria-describedby=\"gallery-1-32415\" srcset=\"https:\/\/www.arquimaster.com.ar\/web\/wp-content\/uploads\/2018\/10\/metro_santiago10-150x150.jpg 150w, https:\/\/www.arquimaster.com.ar\/web\/wp-content\/uploads\/2018\/10\/metro_santiago10-50x50.jpg 50w, https:\/\/www.arquimaster.com.ar\/web\/wp-content\/uploads\/2018\/10\/metro_santiago10-125x125.jpg 125w\" sizes=\"auto, (max-width: 150px) 100vw, 150px\" \/><\/a>\n\t\t\t<\/div>\n\t\t\t\t<figcaption class='wp-caption-text gallery-caption' id='gallery-1-32415'>\n\t\t\t\tEstaciones de la L\u00ednea 6 de Metro de Santiago de Chile \/ Idom (\u00a9 Nico Saieh)\n\t\t\t\t<\/figcaption><\/figure><figure class='gallery-item'>\n\t\t\t<div class='gallery-icon landscape'>\n\t\t\t\t<a href='https:\/\/www.arquimaster.com.ar\/web\/wp-content\/uploads\/2018\/10\/metro_santiago11.jpg' title=\"Estaciones de la L\u00ednea 6 de Metro de Santiago de Chile \/ Idom (\u00a9 Nico Saieh)\" data-rl_title=\"Estaciones de la L\u00ednea 6 de Metro de Santiago de Chile \/ Idom (\u00a9 Nico Saieh)\" class=\"rl-gallery-link\" data-rl_caption=\"Estaciones de la L\u00ednea 6 de Metro de Santiago de Chile \/ Idom (\u00a9 Nico Saieh)\" data-rel=\"lightbox-gallery-1\"><img loading=\"lazy\" decoding=\"async\" width=\"150\" height=\"150\" src=\"https:\/\/www.arquimaster.com.ar\/web\/wp-content\/uploads\/2018\/10\/metro_santiago11-150x150.jpg\" class=\"attachment-thumbnail size-thumbnail\" alt=\"\" aria-describedby=\"gallery-1-32416\" srcset=\"https:\/\/www.arquimaster.com.ar\/web\/wp-content\/uploads\/2018\/10\/metro_santiago11-150x150.jpg 150w, https:\/\/www.arquimaster.com.ar\/web\/wp-content\/uploads\/2018\/10\/metro_santiago11-50x50.jpg 50w, https:\/\/www.arquimaster.com.ar\/web\/wp-content\/uploads\/2018\/10\/metro_santiago11-125x125.jpg 125w\" sizes=\"auto, (max-width: 150px) 100vw, 150px\" \/><\/a>\n\t\t\t<\/div>\n\t\t\t\t<figcaption class='wp-caption-text gallery-caption' id='gallery-1-32416'>\n\t\t\t\tEstaciones de la L\u00ednea 6 de Metro de Santiago de Chile \/ Idom (\u00a9 Nico Saieh)\n\t\t\t\t<\/figcaption><\/figure><figure class='gallery-item'>\n\t\t\t<div class='gallery-icon landscape'>\n\t\t\t\t<a href='https:\/\/www.arquimaster.com.ar\/web\/wp-content\/uploads\/2018\/10\/metro_santiago12.jpg' title=\"Estaciones de la L\u00ednea 6 de Metro de Santiago de Chile \/ Idom (\u00a9 Nico Saieh)\" data-rl_title=\"Estaciones de la L\u00ednea 6 de Metro de Santiago de Chile \/ Idom (\u00a9 Nico Saieh)\" class=\"rl-gallery-link\" data-rl_caption=\"Estaciones de la L\u00ednea 6 de Metro de Santiago de Chile \/ Idom (\u00a9 Nico Saieh)\" data-rel=\"lightbox-gallery-1\"><img loading=\"lazy\" decoding=\"async\" width=\"150\" height=\"150\" src=\"https:\/\/www.arquimaster.com.ar\/web\/wp-content\/uploads\/2018\/10\/metro_santiago12-150x150.jpg\" class=\"attachment-thumbnail size-thumbnail\" alt=\"\" aria-describedby=\"gallery-1-32417\" srcset=\"https:\/\/www.arquimaster.com.ar\/web\/wp-content\/uploads\/2018\/10\/metro_santiago12-150x150.jpg 150w, https:\/\/www.arquimaster.com.ar\/web\/wp-content\/uploads\/2018\/10\/metro_santiago12-50x50.jpg 50w, https:\/\/www.arquimaster.com.ar\/web\/wp-content\/uploads\/2018\/10\/metro_santiago12-125x125.jpg 125w\" sizes=\"auto, (max-width: 150px) 100vw, 150px\" \/><\/a>\n\t\t\t<\/div>\n\t\t\t\t<figcaption class='wp-caption-text gallery-caption' id='gallery-1-32417'>\n\t\t\t\tEstaciones de la L\u00ednea 6 de Metro de Santiago de Chile \/ Idom (\u00a9 Nico Saieh)\n\t\t\t\t<\/figcaption><\/figure><figure class='gallery-item'>\n\t\t\t<div class='gallery-icon landscape'>\n\t\t\t\t<a href='https:\/\/www.arquimaster.com.ar\/web\/wp-content\/uploads\/2018\/10\/metro_santiago13.jpg' title=\"Estaciones de la L\u00ednea 6 de Metro de Santiago de Chile \/ Idom (\u00a9 Nico Saieh)\" data-rl_title=\"Estaciones de la L\u00ednea 6 de Metro de Santiago de Chile \/ Idom (\u00a9 Nico Saieh)\" class=\"rl-gallery-link\" data-rl_caption=\"Estaciones de la L\u00ednea 6 de Metro de Santiago de Chile \/ Idom (\u00a9 Nico Saieh)\" data-rel=\"lightbox-gallery-1\"><img loading=\"lazy\" decoding=\"async\" width=\"150\" height=\"150\" src=\"https:\/\/www.arquimaster.com.ar\/web\/wp-content\/uploads\/2018\/10\/metro_santiago13-150x150.jpg\" class=\"attachment-thumbnail size-thumbnail\" alt=\"\" aria-describedby=\"gallery-1-32418\" srcset=\"https:\/\/www.arquimaster.com.ar\/web\/wp-content\/uploads\/2018\/10\/metro_santiago13-150x150.jpg 150w, https:\/\/www.arquimaster.com.ar\/web\/wp-content\/uploads\/2018\/10\/metro_santiago13-50x50.jpg 50w, https:\/\/www.arquimaster.com.ar\/web\/wp-content\/uploads\/2018\/10\/metro_santiago13-125x125.jpg 125w\" sizes=\"auto, (max-width: 150px) 100vw, 150px\" \/><\/a>\n\t\t\t<\/div>\n\t\t\t\t<figcaption class='wp-caption-text gallery-caption' id='gallery-1-32418'>\n\t\t\t\tEstaciones de la L\u00ednea 6 de Metro de Santiago de Chile \/ Idom (\u00a9 Nico Saieh)\n\t\t\t\t<\/figcaption><\/figure><figure class='gallery-item'>\n\t\t\t<div class='gallery-icon landscape'>\n\t\t\t\t<a href='https:\/\/www.arquimaster.com.ar\/web\/wp-content\/uploads\/2018\/10\/metro_santiago14.jpg' title=\"Estaciones de la L\u00ednea 6 de Metro de Santiago de Chile \/ Idom (\u00a9 Nico Saieh)\" data-rl_title=\"Estaciones de la L\u00ednea 6 de Metro de Santiago de Chile \/ Idom (\u00a9 Nico Saieh)\" class=\"rl-gallery-link\" data-rl_caption=\"Estaciones de la L\u00ednea 6 de Metro de Santiago de Chile \/ Idom (\u00a9 Nico Saieh)\" data-rel=\"lightbox-gallery-1\"><img loading=\"lazy\" decoding=\"async\" width=\"150\" height=\"150\" src=\"https:\/\/www.arquimaster.com.ar\/web\/wp-content\/uploads\/2018\/10\/metro_santiago14-150x150.jpg\" class=\"attachment-thumbnail size-thumbnail\" alt=\"\" aria-describedby=\"gallery-1-32419\" srcset=\"https:\/\/www.arquimaster.com.ar\/web\/wp-content\/uploads\/2018\/10\/metro_santiago14-150x150.jpg 150w, https:\/\/www.arquimaster.com.ar\/web\/wp-content\/uploads\/2018\/10\/metro_santiago14-50x50.jpg 50w, https:\/\/www.arquimaster.com.ar\/web\/wp-content\/uploads\/2018\/10\/metro_santiago14-125x125.jpg 125w\" sizes=\"auto, (max-width: 150px) 100vw, 150px\" \/><\/a>\n\t\t\t<\/div>\n\t\t\t\t<figcaption class='wp-caption-text gallery-caption' id='gallery-1-32419'>\n\t\t\t\tEstaciones de la L\u00ednea 6 de Metro de Santiago de Chile \/ Idom (\u00a9 Nico Saieh)\n\t\t\t\t<\/figcaption><\/figure><figure class='gallery-item'>\n\t\t\t<div class='gallery-icon landscape'>\n\t\t\t\t<a href='https:\/\/www.arquimaster.com.ar\/web\/wp-content\/uploads\/2018\/10\/metro_santiago15.jpg' title=\"Estaciones de la L\u00ednea 6 de Metro de Santiago de Chile \/ Idom (\u00a9 Nico Saieh)\" data-rl_title=\"Estaciones de la L\u00ednea 6 de Metro de Santiago de Chile \/ Idom (\u00a9 Nico Saieh)\" class=\"rl-gallery-link\" data-rl_caption=\"Estaciones de la L\u00ednea 6 de Metro de Santiago de Chile \/ Idom (\u00a9 Nico Saieh)\" data-rel=\"lightbox-gallery-1\"><img loading=\"lazy\" decoding=\"async\" width=\"150\" height=\"150\" src=\"https:\/\/www.arquimaster.com.ar\/web\/wp-content\/uploads\/2018\/10\/metro_santiago15-150x150.jpg\" class=\"attachment-thumbnail size-thumbnail\" alt=\"\" aria-describedby=\"gallery-1-32420\" srcset=\"https:\/\/www.arquimaster.com.ar\/web\/wp-content\/uploads\/2018\/10\/metro_santiago15-150x150.jpg 150w, https:\/\/www.arquimaster.com.ar\/web\/wp-content\/uploads\/2018\/10\/metro_santiago15-50x50.jpg 50w, https:\/\/www.arquimaster.com.ar\/web\/wp-content\/uploads\/2018\/10\/metro_santiago15-125x125.jpg 125w\" sizes=\"auto, (max-width: 150px) 100vw, 150px\" \/><\/a>\n\t\t\t<\/div>\n\t\t\t\t<figcaption class='wp-caption-text gallery-caption' id='gallery-1-32420'>\n\t\t\t\tEstaciones de la L\u00ednea 6 de Metro de Santiago de Chile \/ Idom (\u00a9 Nico Saieh)\n\t\t\t\t<\/figcaption><\/figure><figure class='gallery-item'>\n\t\t\t<div class='gallery-icon landscape'>\n\t\t\t\t<a href='https:\/\/www.arquimaster.com.ar\/web\/wp-content\/uploads\/2018\/10\/metro_santiago16.jpg' title=\"Estaciones de la L\u00ednea 6 de Metro de Santiago de Chile \/ Idom (\u00a9 Nico Saieh)\" data-rl_title=\"Estaciones de la L\u00ednea 6 de Metro de Santiago de Chile \/ Idom (\u00a9 Nico Saieh)\" class=\"rl-gallery-link\" data-rl_caption=\"Estaciones de la L\u00ednea 6 de Metro de Santiago de Chile \/ Idom (\u00a9 Nico Saieh)\" data-rel=\"lightbox-gallery-1\"><img loading=\"lazy\" decoding=\"async\" width=\"150\" height=\"150\" src=\"https:\/\/www.arquimaster.com.ar\/web\/wp-content\/uploads\/2018\/10\/metro_santiago16-150x150.jpg\" class=\"attachment-thumbnail size-thumbnail\" alt=\"\" aria-describedby=\"gallery-1-32421\" srcset=\"https:\/\/www.arquimaster.com.ar\/web\/wp-content\/uploads\/2018\/10\/metro_santiago16-150x150.jpg 150w, https:\/\/www.arquimaster.com.ar\/web\/wp-content\/uploads\/2018\/10\/metro_santiago16-50x50.jpg 50w, https:\/\/www.arquimaster.com.ar\/web\/wp-content\/uploads\/2018\/10\/metro_santiago16-125x125.jpg 125w\" sizes=\"auto, (max-width: 150px) 100vw, 150px\" \/><\/a>\n\t\t\t<\/div>\n\t\t\t\t<figcaption class='wp-caption-text gallery-caption' id='gallery-1-32421'>\n\t\t\t\tEstaciones de la L\u00ednea 6 de Metro de Santiago de Chile \/ Idom (\u00a9 Nico Saieh)\n\t\t\t\t<\/figcaption><\/figure><figure class='gallery-item'>\n\t\t\t<div class='gallery-icon landscape'>\n\t\t\t\t<a href='https:\/\/www.arquimaster.com.ar\/web\/wp-content\/uploads\/2018\/10\/metro_santiago17.jpg' title=\"Estaciones de la L\u00ednea 6 de Metro de Santiago de Chile \/ Idom (\u00a9 Nico Saieh)\" data-rl_title=\"Estaciones de la L\u00ednea 6 de Metro de Santiago de Chile \/ Idom (\u00a9 Nico Saieh)\" class=\"rl-gallery-link\" data-rl_caption=\"Estaciones de la L\u00ednea 6 de Metro de Santiago de Chile \/ Idom (\u00a9 Nico Saieh)\" data-rel=\"lightbox-gallery-1\"><img loading=\"lazy\" decoding=\"async\" width=\"150\" height=\"150\" src=\"https:\/\/www.arquimaster.com.ar\/web\/wp-content\/uploads\/2018\/10\/metro_santiago17-150x150.jpg\" class=\"attachment-thumbnail size-thumbnail\" alt=\"\" aria-describedby=\"gallery-1-32422\" srcset=\"https:\/\/www.arquimaster.com.ar\/web\/wp-content\/uploads\/2018\/10\/metro_santiago17-150x150.jpg 150w, https:\/\/www.arquimaster.com.ar\/web\/wp-content\/uploads\/2018\/10\/metro_santiago17-50x50.jpg 50w, https:\/\/www.arquimaster.com.ar\/web\/wp-content\/uploads\/2018\/10\/metro_santiago17-125x125.jpg 125w\" sizes=\"auto, (max-width: 150px) 100vw, 150px\" \/><\/a>\n\t\t\t<\/div>\n\t\t\t\t<figcaption class='wp-caption-text gallery-caption' id='gallery-1-32422'>\n\t\t\t\tEstaciones de la L\u00ednea 6 de Metro de Santiago de Chile \/ Idom (\u00a9 Nico Saieh)\n\t\t\t\t<\/figcaption><\/figure><figure class='gallery-item'>\n\t\t\t<div class='gallery-icon landscape'>\n\t\t\t\t<a href='https:\/\/www.arquimaster.com.ar\/web\/wp-content\/uploads\/2018\/10\/metro_santiago18.jpg' title=\"Estaciones de la L\u00ednea 6 de Metro de Santiago de Chile \/ Idom (\u00a9 Nico Saieh)\" data-rl_title=\"Estaciones de la L\u00ednea 6 de Metro de Santiago de Chile \/ Idom (\u00a9 Nico Saieh)\" class=\"rl-gallery-link\" data-rl_caption=\"Estaciones de la L\u00ednea 6 de Metro de Santiago de Chile \/ Idom (\u00a9 Nico Saieh)\" data-rel=\"lightbox-gallery-1\"><img loading=\"lazy\" decoding=\"async\" width=\"150\" height=\"150\" src=\"https:\/\/www.arquimaster.com.ar\/web\/wp-content\/uploads\/2018\/10\/metro_santiago18-150x150.jpg\" class=\"attachment-thumbnail size-thumbnail\" alt=\"\" aria-describedby=\"gallery-1-32423\" srcset=\"https:\/\/www.arquimaster.com.ar\/web\/wp-content\/uploads\/2018\/10\/metro_santiago18-150x150.jpg 150w, https:\/\/www.arquimaster.com.ar\/web\/wp-content\/uploads\/2018\/10\/metro_santiago18-50x50.jpg 50w, https:\/\/www.arquimaster.com.ar\/web\/wp-content\/uploads\/2018\/10\/metro_santiago18-125x125.jpg 125w\" sizes=\"auto, (max-width: 150px) 100vw, 150px\" \/><\/a>\n\t\t\t<\/div>\n\t\t\t\t<figcaption class='wp-caption-text gallery-caption' id='gallery-1-32423'>\n\t\t\t\tEstaciones de la L\u00ednea 6 de Metro de Santiago de Chile \/ Idom (\u00a9 Nico Saieh)\n\t\t\t\t<\/figcaption><\/figure><figure class='gallery-item'>\n\t\t\t<div class='gallery-icon landscape'>\n\t\t\t\t<a href='https:\/\/www.arquimaster.com.ar\/web\/wp-content\/uploads\/2018\/10\/metro_santiago19.jpg' title=\"Estaciones de la L\u00ednea 6 de Metro de Santiago de Chile \/ Idom (\u00a9 Nico Saieh)\" data-rl_title=\"Estaciones de la L\u00ednea 6 de Metro de Santiago de Chile \/ Idom (\u00a9 Nico Saieh)\" class=\"rl-gallery-link\" data-rl_caption=\"Estaciones de la L\u00ednea 6 de Metro de Santiago de Chile \/ Idom (\u00a9 Nico Saieh)\" data-rel=\"lightbox-gallery-1\"><img loading=\"lazy\" decoding=\"async\" width=\"150\" height=\"150\" src=\"https:\/\/www.arquimaster.com.ar\/web\/wp-content\/uploads\/2018\/10\/metro_santiago19-150x150.jpg\" class=\"attachment-thumbnail size-thumbnail\" alt=\"\" aria-describedby=\"gallery-1-32424\" srcset=\"https:\/\/www.arquimaster.com.ar\/web\/wp-content\/uploads\/2018\/10\/metro_santiago19-150x150.jpg 150w, https:\/\/www.arquimaster.com.ar\/web\/wp-content\/uploads\/2018\/10\/metro_santiago19-50x50.jpg 50w, https:\/\/www.arquimaster.com.ar\/web\/wp-content\/uploads\/2018\/10\/metro_santiago19-125x125.jpg 125w\" sizes=\"auto, (max-width: 150px) 100vw, 150px\" \/><\/a>\n\t\t\t<\/div>\n\t\t\t\t<figcaption class='wp-caption-text gallery-caption' id='gallery-1-32424'>\n\t\t\t\tEstaciones de la L\u00ednea 6 de Metro de Santiago de Chile \/ Idom (\u00a9 Nico Saieh)\n\t\t\t\t<\/figcaption><\/figure><figure class='gallery-item'>\n\t\t\t<div class='gallery-icon landscape'>\n\t\t\t\t<a href='https:\/\/www.arquimaster.com.ar\/web\/wp-content\/uploads\/2018\/10\/metro_santiago20.jpg' title=\"Estaciones de la L\u00ednea 6 de Metro de Santiago de Chile \/ Idom (\u00a9 Nico Saieh)\" data-rl_title=\"Estaciones de la L\u00ednea 6 de Metro de Santiago de Chile \/ Idom (\u00a9 Nico Saieh)\" class=\"rl-gallery-link\" data-rl_caption=\"Estaciones de la L\u00ednea 6 de Metro de Santiago de Chile \/ Idom (\u00a9 Nico Saieh)\" data-rel=\"lightbox-gallery-1\"><img loading=\"lazy\" decoding=\"async\" width=\"150\" height=\"150\" src=\"https:\/\/www.arquimaster.com.ar\/web\/wp-content\/uploads\/2018\/10\/metro_santiago20-150x150.jpg\" class=\"attachment-thumbnail size-thumbnail\" alt=\"\" aria-describedby=\"gallery-1-32425\" srcset=\"https:\/\/www.arquimaster.com.ar\/web\/wp-content\/uploads\/2018\/10\/metro_santiago20-150x150.jpg 150w, https:\/\/www.arquimaster.com.ar\/web\/wp-content\/uploads\/2018\/10\/metro_santiago20-50x50.jpg 50w, https:\/\/www.arquimaster.com.ar\/web\/wp-content\/uploads\/2018\/10\/metro_santiago20-125x125.jpg 125w\" sizes=\"auto, (max-width: 150px) 100vw, 150px\" \/><\/a>\n\t\t\t<\/div>\n\t\t\t\t<figcaption class='wp-caption-text gallery-caption' id='gallery-1-32425'>\n\t\t\t\tEstaciones de la L\u00ednea 6 de Metro de Santiago de Chile \/ Idom (\u00a9 Nico Saieh)\n\t\t\t\t<\/figcaption><\/figure><figure class='gallery-item'>\n\t\t\t<div class='gallery-icon landscape'>\n\t\t\t\t<a href='https:\/\/www.arquimaster.com.ar\/web\/wp-content\/uploads\/2018\/10\/metro_santiago21.jpg' title=\"Estaciones de la L\u00ednea 6 de Metro de Santiago de Chile \/ Idom (tipologias)\" data-rl_title=\"Estaciones de la L\u00ednea 6 de Metro de Santiago de Chile \/ Idom (tipologias)\" class=\"rl-gallery-link\" data-rl_caption=\"Estaciones de la L\u00ednea 6 de Metro de Santiago de Chile \/ Idom (tipologias)\" data-rel=\"lightbox-gallery-1\"><img loading=\"lazy\" decoding=\"async\" width=\"150\" height=\"150\" src=\"https:\/\/www.arquimaster.com.ar\/web\/wp-content\/uploads\/2018\/10\/metro_santiago21-150x150.jpg\" class=\"attachment-thumbnail size-thumbnail\" alt=\"\" aria-describedby=\"gallery-1-32426\" srcset=\"https:\/\/www.arquimaster.com.ar\/web\/wp-content\/uploads\/2018\/10\/metro_santiago21-150x150.jpg 150w, https:\/\/www.arquimaster.com.ar\/web\/wp-content\/uploads\/2018\/10\/metro_santiago21-50x50.jpg 50w, https:\/\/www.arquimaster.com.ar\/web\/wp-content\/uploads\/2018\/10\/metro_santiago21-125x125.jpg 125w\" sizes=\"auto, (max-width: 150px) 100vw, 150px\" \/><\/a>\n\t\t\t<\/div>\n\t\t\t\t<figcaption class='wp-caption-text gallery-caption' id='gallery-1-32426'>\n\t\t\t\tEstaciones de la L\u00ednea 6 de Metro de Santiago de Chile \/ Idom (tipologias)\n\t\t\t\t<\/figcaption><\/figure>\n\t\t<\/div>\n\n<p>El proyecto defini\u00f3 una nueva imagen para la l\u00ednea 6, desarrollando un dise\u00f1o unitario para todas las estaciones mientras que sus formalizaciones exteriores responden a los contextos urbanos en los que se localizan, con el potencial de constituirse como \u00f3ptimos lugares para la concentraci\u00f3n de servicios y espacios de intercambio social y cultural (metroarte, bibliometro, etc.).<\/p>\n<p>El hecho de que las estaciones se hayan desarrollado bien en \u00e1reas expropiadas o bien en parques o plazas existentes, nos brind\u00f3 la oportunidad de abrirlas a la ciudad. De esta forma obtenemos interesantes relaciones visuales entre el interior y el exterior, dotamos a la estaci\u00f3n de iluminaci\u00f3n y ventilaci\u00f3n natural y permitimos una clara identificaci\u00f3n de su funcionamiento mientras accedemos a ella.<\/p>\n<p>En el exterior, la nueva identidad se defini\u00f3 a partir de la transformaci\u00f3n de la idea de ed\u00edculo tradicional en un pabell\u00f3n que, a diferencia de aqu\u00e9l, no tiene espalda y queda insertado en una plaza o parque.<\/p>\n<p>Interiormente, las estaciones se configuran como espacios claros y rotundos, incorporando una paleta reducida de materiales y colores e integrando los elementos estructurales y de instalaciones y operaci\u00f3n en la arquitectura de forma que la comprensi\u00f3n de su funcionamiento y la orientaci\u00f3n sea f\u00e1cil e intuitiva para los usuarios.<\/p>\n<p>El trabajo desarrollado tom\u00f3 como punto de partida los proyectos de t\u00faneles y galer\u00edas a partir de los que IDOM realiz\u00f3 los dise\u00f1os conceptuales de las estaciones. Posteriormente se desarrollaron los proyectos de arquitectura, estructuras e instalaciones de las estaciones, as\u00ed como de todas las actuaciones en superficie asociadas a las mismas; plazas de acceso, ed\u00edculos, aprovechamientos comerciales, etc. Se definieron los proyectos de actuaci\u00f3n sobre las estaciones existentes con las que combinar\u00eda la nueva l\u00ednea, con soluciones que deb\u00edan permitir la continuidad del servicio del Metro y en superficie.<\/p>\n<p>Durante el proyecto se identificaron diversas oportunidades para desarrollo urbano y de la red de transporte en superficie, la dotaci\u00f3n de diversos servicios al viajero y la incorporaci\u00f3n de Metro-arte y actividades culturales.<\/p>\n<p>IDOM desarroll\u00f3 adem\u00e1s un proyecto de iconograf\u00eda y se\u00f1al\u00e9tica, aportando una identidad tanto a la globalidad de la l\u00ednea como a cada una de sus estaciones mediante el empleo del color y unos iconos que recogen los elementos significativos del barrio en el que se implantan.<\/p>\n<p>El proyecto fue desarrollado en BIM, lo que permiti\u00f3 el control de las geometr\u00edas de los t\u00faneles y galer\u00edas y sus revestimientos, la coordinaci\u00f3n de interferencias entre arquitectura, estructura e instalaciones, y la modelaci\u00f3n del proceso constructivo para el chequeo de soluciones con sistemas prefabricados o in situ.<\/p>\n<p>Durante la construcci\u00f3n, IDOM desarroll\u00f3 las funciones de Asistencia T\u00e9cnica a la Construcci\u00f3n desde las fases de licitaci\u00f3n de cada lote hasta la puesta en marcha.<\/p>\n<p><strong>Ficha t\u00e9cnica<\/strong><br \/>\nNombre: Estaciones de la L\u00ednea 6 de Metro<br \/>\nUbicaci\u00f3n: Santiago de Chile, Chile<br \/>\nProyectista: IDOM<br \/>\nDirector de Proyecto: Almudena Bautista Carrascosa<br \/>\nArquitecto responsable: Gonzalo Tello<br \/>\nArquitectos colaboradores: Manuel Andrades, Patricio Browne (Mobil), Patricio Poblete, Jos\u00e9 Luis \u00c1lvarez, F\u00e9lix Salinas, Covadonga Vilanova, Diego S\u00e1nchez, Xavier Grass, Patricio Arraigada, Natasa Stanacev, Patricio Salinas<br \/>\nGesti\u00f3n del Proyecto: Javier Puerto, Samuel Horche<br \/>\nControl Documental: Ivan Portela, Miguel de Diego, Esther Arranz, Pablo Morales<br \/>\nMar\u00eda Carril, Mar\u00eda Miranda, Ivan Quintana,Ana Mar\u00eda<br \/>\nEstructuras: Gino Rivera, Andr\u00e9s Larrain (Alving), Jorge de Prado, Romina Gonz\u00e1lez, David Garc\u00eda, Rodrigo Langarita, Hern\u00e1n Barrios, Manuel de la Cal, Alejandro Bernabeu, Felipe Correa, Patricia Solar, Juan Taborga, Enrique Aravena (Alving), Felipe Alarc\u00f3n (Alving), Marco Bernal<br \/>\nClimatizaci\u00f3n: Jes\u00fas Sejas, Jaled Selman<br \/>\nIluminaci\u00f3n: Marcela Acu\u00f1a, Noem\u00ed Barbero<br \/>\nAgua: H\u00e9ctor Mayordomo, Ra\u00fal Miranda (PSI), Hugo Varas (PSI)<br \/>\nElectricidad: Carlos Trujillano, Boris Ancape (PSI), Guillermo Hume (PSI) Patricio Vargas (PSI)<br \/>\nDise\u00f1o gr\u00e1fico: Sergio Ram\u00edrez<br \/>\nBIM: Javier Delgado, Jes\u00fas Cid, Carlos Mendoza, \u00c1lvaro S\u00e1ez , \u00d3scar Mart\u00edn, Alexey Lysogor, Modelical<br \/>\nAdministrativos: Ver\u00f3nica Trujillo, Claudia Escobar, Diana Zarricueta<br \/>\nDirecci\u00f3n de Obra: Patricio Poblete, Gino Rivera<br \/>\nDirecci\u00f3n de Ejecuci\u00f3n de Obra: Nino Marzolo, Marco Bernal, Patricio Salinas, Patricia Solar, Carolina Figueroa, Jorge V\u00e1sques, Paola Inostroza, Ximena Araneda, Patricio Arraigada, Hern\u00e1n Barrios, Nino Marzolo, H\u00e9ctor Minder<br \/>\nConstructor: 5 lotes de construcci\u00f3n a varios contratistas<br \/>\nSuperficie aproximada: 75.350 m2<br \/>\nPresupuesto: 157 M \u20ac<br \/>\nFecha de proyecto: 07\/2013-09\/2015<br \/>\nFecha de ejecuci\u00f3n: 01\/2015-11\/2017<br \/>\nFotograf\u00edas: Nico Saieh<\/p>\n<p><strong>Contacto<\/strong><br \/>\n<a href=\"http:\/\/www.idom.com\" target=\"_blank\" rel=\"noopener\">http:\/\/www.idom.com<\/a><\/p>\n\n<div style=\"font-size: 0px; height: 0px; line-height: 0px; margin: 0; padding: 0; clear: both;\"><\/div><div style=\"margin-top: 0px; margin-bottom: 0px;\" class=\"sharethis-inline-share-buttons\" ><\/div>","protected":false},"excerpt":{"rendered":"<p>La l\u00ednea ha generado una red de conexi\u00f3n con \u00e1reas verdes, acercando a la comunidad&#8230;<\/p>\n","protected":false},"author":1,"featured_media":32405,"comment_status":"closed","ping_status":"closed","sticky":false,"template":"","format":"standard","meta":{"_uag_custom_page_level_css":"","footnotes":""},"categories":[1,713],"tags":[265,4737,1467,1290],"class_list":["post-32404","post","type-post","status-publish","format-standard","has-post-thumbnail","hentry","category-proyecto","category-proyectos-urbanos","tag-chile","tag-estacion-de-metro","tag-idom","tag-santiago-de-chile","generate-columns","tablet-grid-50","mobile-grid-100","grid-parent","grid-50"],"yoast_head":"<!-- This site is optimized with the Yoast SEO plugin v27.3 - https:\/\/yoast.com\/product\/yoast-seo-wordpress\/ -->\n<title>Estaciones de la L\u00ednea 6 de Metro de Santiago de Chile \/ IDOM - Arquimaster<\/title>\n<meta name=\"robots\" content=\"index, follow, max-snippet:-1, max-image-preview:large, max-video-preview:-1\" \/>\n<link rel=\"canonical\" href=\"https:\/\/www.arquimaster.com.ar\/web\/estaciones-de-la-linea-6-de-metro-de-santiago-de-chile-idom\/\" \/>\n<meta property=\"og:locale\" content=\"es_ES\" \/>\n<meta property=\"og:type\" content=\"article\" \/>\n<meta property=\"og:title\" content=\"Estaciones de la L\u00ednea 6 de Metro de Santiago de Chile \/ IDOM - Arquimaster\" \/>\n<meta property=\"og:description\" content=\"La l\u00ednea ha generado una red de conexi\u00f3n con \u00e1reas verdes, acercando a la comunidad...\" \/>\n<meta property=\"og:url\" content=\"https:\/\/www.arquimaster.com.ar\/web\/estaciones-de-la-linea-6-de-metro-de-santiago-de-chile-idom\/\" \/>\n<meta property=\"og:site_name\" content=\"Arquimaster\" \/>\n<meta property=\"article:publisher\" content=\"http:\/\/www.facebook.com\/ARQUIMASTER.com.ar\" \/>\n<meta property=\"article:published_time\" content=\"2018-10-04T18:36:35+00:00\" \/>\n<meta property=\"article:modified_time\" content=\"2022-02-23T18:00:04+00:00\" \/>\n<meta property=\"og:image\" content=\"https:\/\/www.arquimaster.com.ar\/web\/wp-content\/uploads\/2018\/10\/metro_santiago_slide.jpg\" \/>\n\t<meta property=\"og:image:width\" content=\"642\" \/>\n\t<meta property=\"og:image:height\" content=\"336\" \/>\n\t<meta property=\"og:image:type\" content=\"image\/jpeg\" \/>\n<meta name=\"author\" content=\"Arquimaster\" \/>\n<meta name=\"twitter:card\" content=\"summary_large_image\" \/>\n<meta name=\"twitter:creator\" content=\"@arquimaster\" \/>\n<meta name=\"twitter:site\" content=\"@arquimaster\" \/>\n<meta name=\"twitter:label1\" content=\"Escrito por\" \/>\n\t<meta name=\"twitter:data1\" content=\"Arquimaster\" \/>\n\t<meta name=\"twitter:label2\" content=\"Tiempo de lectura\" \/>\n\t<meta name=\"twitter:data2\" content=\"4 minutos\" \/>\n<script type=\"application\/ld+json\" class=\"yoast-schema-graph\">{\"@context\":\"https:\\\/\\\/schema.org\",\"@graph\":[{\"@type\":\"Article\",\"@id\":\"https:\\\/\\\/www.arquimaster.com.ar\\\/web\\\/estaciones-de-la-linea-6-de-metro-de-santiago-de-chile-idom\\\/#article\",\"isPartOf\":{\"@id\":\"https:\\\/\\\/www.arquimaster.com.ar\\\/web\\\/estaciones-de-la-linea-6-de-metro-de-santiago-de-chile-idom\\\/\"},\"author\":{\"name\":\"Arquimaster\",\"@id\":\"https:\\\/\\\/www.arquimaster.com.ar\\\/web\\\/#\\\/schema\\\/person\\\/359e9f7c00193fcde068e0dd2ceb0028\"},\"headline\":\"Estaciones de la L\u00ednea 6 de Metro de Santiago de Chile \\\/ IDOM\",\"datePublished\":\"2018-10-04T18:36:35+00:00\",\"dateModified\":\"2022-02-23T18:00:04+00:00\",\"mainEntityOfPage\":{\"@id\":\"https:\\\/\\\/www.arquimaster.com.ar\\\/web\\\/estaciones-de-la-linea-6-de-metro-de-santiago-de-chile-idom\\\/\"},\"wordCount\":890,\"publisher\":{\"@id\":\"https:\\\/\\\/www.arquimaster.com.ar\\\/web\\\/#organization\"},\"image\":{\"@id\":\"https:\\\/\\\/www.arquimaster.com.ar\\\/web\\\/estaciones-de-la-linea-6-de-metro-de-santiago-de-chile-idom\\\/#primaryimage\"},\"thumbnailUrl\":\"https:\\\/\\\/www.arquimaster.com.ar\\\/web\\\/wp-content\\\/uploads\\\/2018\\\/10\\\/metro_santiago_slide.jpg\",\"keywords\":[\"Chile\",\"estaci\u00f3n de metro\",\"IDOM\",\"Santiago de Chile\"],\"articleSection\":[\"Proyecto\",\"Proyectos urbanos\"],\"inLanguage\":\"es\"},{\"@type\":\"WebPage\",\"@id\":\"https:\\\/\\\/www.arquimaster.com.ar\\\/web\\\/estaciones-de-la-linea-6-de-metro-de-santiago-de-chile-idom\\\/\",\"url\":\"https:\\\/\\\/www.arquimaster.com.ar\\\/web\\\/estaciones-de-la-linea-6-de-metro-de-santiago-de-chile-idom\\\/\",\"name\":\"Estaciones de la L\u00ednea 6 de Metro de Santiago de Chile \\\/ IDOM - Arquimaster\",\"isPartOf\":{\"@id\":\"https:\\\/\\\/www.arquimaster.com.ar\\\/web\\\/#website\"},\"primaryImageOfPage\":{\"@id\":\"https:\\\/\\\/www.arquimaster.com.ar\\\/web\\\/estaciones-de-la-linea-6-de-metro-de-santiago-de-chile-idom\\\/#primaryimage\"},\"image\":{\"@id\":\"https:\\\/\\\/www.arquimaster.com.ar\\\/web\\\/estaciones-de-la-linea-6-de-metro-de-santiago-de-chile-idom\\\/#primaryimage\"},\"thumbnailUrl\":\"https:\\\/\\\/www.arquimaster.com.ar\\\/web\\\/wp-content\\\/uploads\\\/2018\\\/10\\\/metro_santiago_slide.jpg\",\"datePublished\":\"2018-10-04T18:36:35+00:00\",\"dateModified\":\"2022-02-23T18:00:04+00:00\",\"breadcrumb\":{\"@id\":\"https:\\\/\\\/www.arquimaster.com.ar\\\/web\\\/estaciones-de-la-linea-6-de-metro-de-santiago-de-chile-idom\\\/#breadcrumb\"},\"inLanguage\":\"es\",\"potentialAction\":[{\"@type\":\"ReadAction\",\"target\":[\"https:\\\/\\\/www.arquimaster.com.ar\\\/web\\\/estaciones-de-la-linea-6-de-metro-de-santiago-de-chile-idom\\\/\"]}]},{\"@type\":\"ImageObject\",\"inLanguage\":\"es\",\"@id\":\"https:\\\/\\\/www.arquimaster.com.ar\\\/web\\\/estaciones-de-la-linea-6-de-metro-de-santiago-de-chile-idom\\\/#primaryimage\",\"url\":\"https:\\\/\\\/www.arquimaster.com.ar\\\/web\\\/wp-content\\\/uploads\\\/2018\\\/10\\\/metro_santiago_slide.jpg\",\"contentUrl\":\"https:\\\/\\\/www.arquimaster.com.ar\\\/web\\\/wp-content\\\/uploads\\\/2018\\\/10\\\/metro_santiago_slide.jpg\",\"width\":642,\"height\":336},{\"@type\":\"BreadcrumbList\",\"@id\":\"https:\\\/\\\/www.arquimaster.com.ar\\\/web\\\/estaciones-de-la-linea-6-de-metro-de-santiago-de-chile-idom\\\/#breadcrumb\",\"itemListElement\":[{\"@type\":\"ListItem\",\"position\":1,\"name\":\"Portada\",\"item\":\"https:\\\/\\\/www.arquimaster.com.ar\\\/web\\\/\"},{\"@type\":\"ListItem\",\"position\":2,\"name\":\"Estaciones de la L\u00ednea 6 de Metro de Santiago de Chile \\\/ IDOM\"}]},{\"@type\":\"WebSite\",\"@id\":\"https:\\\/\\\/www.arquimaster.com.ar\\\/web\\\/#website\",\"url\":\"https:\\\/\\\/www.arquimaster.com.ar\\\/web\\\/\",\"name\":\"Arquimaster\",\"description\":\"Web de arquitectura, dise\u00f1o y construccion\",\"publisher\":{\"@id\":\"https:\\\/\\\/www.arquimaster.com.ar\\\/web\\\/#organization\"},\"potentialAction\":[{\"@type\":\"SearchAction\",\"target\":{\"@type\":\"EntryPoint\",\"urlTemplate\":\"https:\\\/\\\/www.arquimaster.com.ar\\\/web\\\/?s={search_term_string}\"},\"query-input\":{\"@type\":\"PropertyValueSpecification\",\"valueRequired\":true,\"valueName\":\"search_term_string\"}}],\"inLanguage\":\"es\"},{\"@type\":\"Organization\",\"@id\":\"https:\\\/\\\/www.arquimaster.com.ar\\\/web\\\/#organization\",\"name\":\"Arquimaster\",\"url\":\"https:\\\/\\\/www.arquimaster.com.ar\\\/web\\\/\",\"logo\":{\"@type\":\"ImageObject\",\"inLanguage\":\"es\",\"@id\":\"https:\\\/\\\/www.arquimaster.com.ar\\\/web\\\/#\\\/schema\\\/logo\\\/image\\\/\",\"url\":\"https:\\\/\\\/www.arquimaster.com.ar\\\/web\\\/wp-content\\\/uploads\\\/2022\\\/06\\\/arquimaster.png\",\"contentUrl\":\"https:\\\/\\\/www.arquimaster.com.ar\\\/web\\\/wp-content\\\/uploads\\\/2022\\\/06\\\/arquimaster.png\",\"width\":594,\"height\":78,\"caption\":\"Arquimaster\"},\"image\":{\"@id\":\"https:\\\/\\\/www.arquimaster.com.ar\\\/web\\\/#\\\/schema\\\/logo\\\/image\\\/\"},\"sameAs\":[\"http:\\\/\\\/www.facebook.com\\\/ARQUIMASTER.com.ar\",\"https:\\\/\\\/x.com\\\/arquimaster\",\"https:\\\/\\\/www.instagram.com\\\/arquimasterblog\\\/\",\"https:\\\/\\\/www.linkedin.com\\\/company\\\/arquimaster\",\"https:\\\/\\\/www.pinterest.com\\\/arquimaster\",\"https:\\\/\\\/t.me\\\/arquimaster\"]},{\"@type\":\"Person\",\"@id\":\"https:\\\/\\\/www.arquimaster.com.ar\\\/web\\\/#\\\/schema\\\/person\\\/359e9f7c00193fcde068e0dd2ceb0028\",\"name\":\"Arquimaster\"}]}<\/script>\n<!-- \/ Yoast SEO plugin. -->","yoast_head_json":{"title":"Estaciones de la L\u00ednea 6 de Metro de Santiago de Chile \/ IDOM - Arquimaster","robots":{"index":"index","follow":"follow","max-snippet":"max-snippet:-1","max-image-preview":"max-image-preview:large","max-video-preview":"max-video-preview:-1"},"canonical":"https:\/\/www.arquimaster.com.ar\/web\/estaciones-de-la-linea-6-de-metro-de-santiago-de-chile-idom\/","og_locale":"es_ES","og_type":"article","og_title":"Estaciones de la L\u00ednea 6 de Metro de Santiago de Chile \/ IDOM - Arquimaster","og_description":"La l\u00ednea ha generado una red de conexi\u00f3n con \u00e1reas verdes, acercando a la comunidad...","og_url":"https:\/\/www.arquimaster.com.ar\/web\/estaciones-de-la-linea-6-de-metro-de-santiago-de-chile-idom\/","og_site_name":"Arquimaster","article_publisher":"http:\/\/www.facebook.com\/ARQUIMASTER.com.ar","article_published_time":"2018-10-04T18:36:35+00:00","article_modified_time":"2022-02-23T18:00:04+00:00","og_image":[{"width":642,"height":336,"url":"https:\/\/www.arquimaster.com.ar\/web\/wp-content\/uploads\/2018\/10\/metro_santiago_slide.jpg","type":"image\/jpeg"}],"author":"Arquimaster","twitter_card":"summary_large_image","twitter_creator":"@arquimaster","twitter_site":"@arquimaster","twitter_misc":{"Escrito por":"Arquimaster","Tiempo de lectura":"4 minutos"},"schema":{"@context":"https:\/\/schema.org","@graph":[{"@type":"Article","@id":"https:\/\/www.arquimaster.com.ar\/web\/estaciones-de-la-linea-6-de-metro-de-santiago-de-chile-idom\/#article","isPartOf":{"@id":"https:\/\/www.arquimaster.com.ar\/web\/estaciones-de-la-linea-6-de-metro-de-santiago-de-chile-idom\/"},"author":{"name":"Arquimaster","@id":"https:\/\/www.arquimaster.com.ar\/web\/#\/schema\/person\/359e9f7c00193fcde068e0dd2ceb0028"},"headline":"Estaciones de la L\u00ednea 6 de Metro de Santiago de Chile \/ IDOM","datePublished":"2018-10-04T18:36:35+00:00","dateModified":"2022-02-23T18:00:04+00:00","mainEntityOfPage":{"@id":"https:\/\/www.arquimaster.com.ar\/web\/estaciones-de-la-linea-6-de-metro-de-santiago-de-chile-idom\/"},"wordCount":890,"publisher":{"@id":"https:\/\/www.arquimaster.com.ar\/web\/#organization"},"image":{"@id":"https:\/\/www.arquimaster.com.ar\/web\/estaciones-de-la-linea-6-de-metro-de-santiago-de-chile-idom\/#primaryimage"},"thumbnailUrl":"https:\/\/www.arquimaster.com.ar\/web\/wp-content\/uploads\/2018\/10\/metro_santiago_slide.jpg","keywords":["Chile","estaci\u00f3n de metro","IDOM","Santiago de Chile"],"articleSection":["Proyecto","Proyectos urbanos"],"inLanguage":"es"},{"@type":"WebPage","@id":"https:\/\/www.arquimaster.com.ar\/web\/estaciones-de-la-linea-6-de-metro-de-santiago-de-chile-idom\/","url":"https:\/\/www.arquimaster.com.ar\/web\/estaciones-de-la-linea-6-de-metro-de-santiago-de-chile-idom\/","name":"Estaciones de la L\u00ednea 6 de Metro de Santiago de Chile \/ IDOM - Arquimaster","isPartOf":{"@id":"https:\/\/www.arquimaster.com.ar\/web\/#website"},"primaryImageOfPage":{"@id":"https:\/\/www.arquimaster.com.ar\/web\/estaciones-de-la-linea-6-de-metro-de-santiago-de-chile-idom\/#primaryimage"},"image":{"@id":"https:\/\/www.arquimaster.com.ar\/web\/estaciones-de-la-linea-6-de-metro-de-santiago-de-chile-idom\/#primaryimage"},"thumbnailUrl":"https:\/\/www.arquimaster.com.ar\/web\/wp-content\/uploads\/2018\/10\/metro_santiago_slide.jpg","datePublished":"2018-10-04T18:36:35+00:00","dateModified":"2022-02-23T18:00:04+00:00","breadcrumb":{"@id":"https:\/\/www.arquimaster.com.ar\/web\/estaciones-de-la-linea-6-de-metro-de-santiago-de-chile-idom\/#breadcrumb"},"inLanguage":"es","potentialAction":[{"@type":"ReadAction","target":["https:\/\/www.arquimaster.com.ar\/web\/estaciones-de-la-linea-6-de-metro-de-santiago-de-chile-idom\/"]}]},{"@type":"ImageObject","inLanguage":"es","@id":"https:\/\/www.arquimaster.com.ar\/web\/estaciones-de-la-linea-6-de-metro-de-santiago-de-chile-idom\/#primaryimage","url":"https:\/\/www.arquimaster.com.ar\/web\/wp-content\/uploads\/2018\/10\/metro_santiago_slide.jpg","contentUrl":"https:\/\/www.arquimaster.com.ar\/web\/wp-content\/uploads\/2018\/10\/metro_santiago_slide.jpg","width":642,"height":336},{"@type":"BreadcrumbList","@id":"https:\/\/www.arquimaster.com.ar\/web\/estaciones-de-la-linea-6-de-metro-de-santiago-de-chile-idom\/#breadcrumb","itemListElement":[{"@type":"ListItem","position":1,"name":"Portada","item":"https:\/\/www.arquimaster.com.ar\/web\/"},{"@type":"ListItem","position":2,"name":"Estaciones de la L\u00ednea 6 de Metro de Santiago de Chile \/ IDOM"}]},{"@type":"WebSite","@id":"https:\/\/www.arquimaster.com.ar\/web\/#website","url":"https:\/\/www.arquimaster.com.ar\/web\/","name":"Arquimaster","description":"Web de arquitectura, dise\u00f1o y construccion","publisher":{"@id":"https:\/\/www.arquimaster.com.ar\/web\/#organization"},"potentialAction":[{"@type":"SearchAction","target":{"@type":"EntryPoint","urlTemplate":"https:\/\/www.arquimaster.com.ar\/web\/?s={search_term_string}"},"query-input":{"@type":"PropertyValueSpecification","valueRequired":true,"valueName":"search_term_string"}}],"inLanguage":"es"},{"@type":"Organization","@id":"https:\/\/www.arquimaster.com.ar\/web\/#organization","name":"Arquimaster","url":"https:\/\/www.arquimaster.com.ar\/web\/","logo":{"@type":"ImageObject","inLanguage":"es","@id":"https:\/\/www.arquimaster.com.ar\/web\/#\/schema\/logo\/image\/","url":"https:\/\/www.arquimaster.com.ar\/web\/wp-content\/uploads\/2022\/06\/arquimaster.png","contentUrl":"https:\/\/www.arquimaster.com.ar\/web\/wp-content\/uploads\/2022\/06\/arquimaster.png","width":594,"height":78,"caption":"Arquimaster"},"image":{"@id":"https:\/\/www.arquimaster.com.ar\/web\/#\/schema\/logo\/image\/"},"sameAs":["http:\/\/www.facebook.com\/ARQUIMASTER.com.ar","https:\/\/x.com\/arquimaster","https:\/\/www.instagram.com\/arquimasterblog\/","https:\/\/www.linkedin.com\/company\/arquimaster","https:\/\/www.pinterest.com\/arquimaster","https:\/\/t.me\/arquimaster"]},{"@type":"Person","@id":"https:\/\/www.arquimaster.com.ar\/web\/#\/schema\/person\/359e9f7c00193fcde068e0dd2ceb0028","name":"Arquimaster"}]}},"uagb_featured_image_src":{"full":["https:\/\/www.arquimaster.com.ar\/web\/wp-content\/uploads\/2018\/10\/metro_santiago_slide.jpg",642,336,false],"thumbnail":["https:\/\/www.arquimaster.com.ar\/web\/wp-content\/uploads\/2018\/10\/metro_santiago_slide-150x150.jpg",150,150,true],"medium":["https:\/\/www.arquimaster.com.ar\/web\/wp-content\/uploads\/2018\/10\/metro_santiago_slide.jpg",642,336,false],"medium_large":["https:\/\/www.arquimaster.com.ar\/web\/wp-content\/uploads\/2018\/10\/metro_santiago_slide.jpg",642,336,false],"large":["https:\/\/www.arquimaster.com.ar\/web\/wp-content\/uploads\/2018\/10\/metro_santiago_slide.jpg",642,336,false],"1536x1536":["https:\/\/www.arquimaster.com.ar\/web\/wp-content\/uploads\/2018\/10\/metro_santiago_slide.jpg",642,336,false],"2048x2048":["https:\/\/www.arquimaster.com.ar\/web\/wp-content\/uploads\/2018\/10\/metro_santiago_slide.jpg",642,336,false]},"uagb_author_info":{"display_name":"Arquimaster","author_link":"https:\/\/www.arquimaster.com.ar\/web\/author\/arquimaster\/"},"uagb_comment_info":0,"uagb_excerpt":"La l\u00ednea ha generado una red de conexi\u00f3n con \u00e1reas verdes, acercando a la comunidad...","_links":{"self":[{"href":"https:\/\/www.arquimaster.com.ar\/web\/wp-json\/wp\/v2\/posts\/32404","targetHints":{"allow":["GET"]}}],"collection":[{"href":"https:\/\/www.arquimaster.com.ar\/web\/wp-json\/wp\/v2\/posts"}],"about":[{"href":"https:\/\/www.arquimaster.com.ar\/web\/wp-json\/wp\/v2\/types\/post"}],"author":[{"embeddable":true,"href":"https:\/\/www.arquimaster.com.ar\/web\/wp-json\/wp\/v2\/users\/1"}],"replies":[{"embeddable":true,"href":"https:\/\/www.arquimaster.com.ar\/web\/wp-json\/wp\/v2\/comments?post=32404"}],"version-history":[{"count":1,"href":"https:\/\/www.arquimaster.com.ar\/web\/wp-json\/wp\/v2\/posts\/32404\/revisions"}],"predecessor-version":[{"id":68948,"href":"https:\/\/www.arquimaster.com.ar\/web\/wp-json\/wp\/v2\/posts\/32404\/revisions\/68948"}],"wp:featuredmedia":[{"embeddable":true,"href":"https:\/\/www.arquimaster.com.ar\/web\/wp-json\/wp\/v2\/media\/32405"}],"wp:attachment":[{"href":"https:\/\/www.arquimaster.com.ar\/web\/wp-json\/wp\/v2\/media?parent=32404"}],"wp:term":[{"taxonomy":"category","embeddable":true,"href":"https:\/\/www.arquimaster.com.ar\/web\/wp-json\/wp\/v2\/categories?post=32404"},{"taxonomy":"post_tag","embeddable":true,"href":"https:\/\/www.arquimaster.com.ar\/web\/wp-json\/wp\/v2\/tags?post=32404"}],"curies":[{"name":"wp","href":"https:\/\/api.w.org\/{rel}","templated":true}]}}