{"id":32429,"date":"2018-10-04T22:46:13","date_gmt":"2018-10-04T22:46:13","guid":{"rendered":"http:\/\/www.arquimaster.com.ar\/web\/?p=32429"},"modified":"2018-10-05T23:03:29","modified_gmt":"2018-10-05T23:03:29","slug":"casa-rincon-estudio-galera","status":"publish","type":"post","link":"https:\/\/www.arquimaster.com.ar\/web\/casa-rincon-estudio-galera\/","title":{"rendered":"Casa Rinc\u00f3n \/ Estudio Galera"},"content":{"rendered":"<div style=\"margin-top: 0px; margin-bottom: 0px;\" class=\"sharethis-inline-share-buttons\" ><\/div><div class=\"b812932af2e751442846f039925109de\" data-index=\"1\" style=\"float: none; margin:25px 0 25px 0; text-align:center;\">\n<script async src=\"https:\/\/pagead2.googlesyndication.com\/pagead\/js\/adsbygoogle.js\"><\/script>\r\n<!-- Arquimaster (superior) -->\r\n<ins class=\"adsbygoogle\"\r\n     style=\"display:block\"\r\n     data-ad-client=\"ca-pub-6351072698456832\"\r\n     data-ad-slot=\"6455489680\"\r\n     data-ad-format=\"auto\"\r\n     data-full-width-responsive=\"true\"><\/ins>\r\n<script>\r\n     (adsbygoogle = window.adsbygoogle || []).push({});\r\n<\/script>\n<\/div>\n<p><strong>Casa Rinc\u00f3n<\/strong> (Ostende, Pcia. de Buenos Aires) por <strong>Estudio Galera Arquitectura<\/strong>. Esta casa es la primera construida como parte de un conjunto de viviendas de alquiler a pocas cuadras de las playas de Ostende. Ostende es una ciudad balnearia hist\u00f3rica con \u00e9pocas de gran esplendor, gradualmente fue perdiendo su condici\u00f3n de ciudad vacacional frente a sus vecinos de Pinamar, Valeria del Mar y Caril\u00f3. Ostende se convirti\u00f3 en la ciudad de mayor ocupaci\u00f3n permanente del municipio, alojando a gran parte de la clase trabajadora.<\/p>\n<p>Por estas caracter\u00edsticas geogr\u00e1ficas, hist\u00f3ricas y sociales, es que se decidi\u00f3 generar una arquitectura que refleje una contemporaneidad con signos de austeridad formal y material. El desaf\u00edo de proyectar 6 casas en lotes contiguos, topogr\u00e1ficamente variados con un concepto hibrido que haga hincapi\u00e9 en la vivienda unifamiliar en lote propio, y a la vez con ciertas caracter\u00edsticas conceptuales que refuercen la idea de conjunto.<\/p>\n<div id='gallery-1' class='gallery galleryid-32429 gallery-columns-3 gallery-size-thumbnail'><figure class='gallery-item'>\n\t\t\t<div class='gallery-icon landscape'>\n\t\t\t\t<a href='https:\/\/www.arquimaster.com.ar\/web\/wp-content\/uploads\/2018\/10\/casa_rincon1.jpg' title=\"Casa Rinc\u00f3n \/ Estudio Galera (\u00a9 Diego Medina)\" data-rl_title=\"Casa Rinc\u00f3n \/ Estudio Galera (\u00a9 Diego Medina)\" class=\"rl-gallery-link\" data-rl_caption=\"Casa Rinc\u00f3n \/ Estudio Galera (\u00a9 Diego Medina)\" data-rel=\"lightbox-gallery-1\"><img loading=\"lazy\" decoding=\"async\" width=\"150\" height=\"150\" src=\"https:\/\/www.arquimaster.com.ar\/web\/wp-content\/uploads\/2018\/10\/casa_rincon1-150x150.jpg\" class=\"attachment-thumbnail size-thumbnail\" alt=\"\" aria-describedby=\"gallery-1-32431\" srcset=\"https:\/\/www.arquimaster.com.ar\/web\/wp-content\/uploads\/2018\/10\/casa_rincon1-150x150.jpg 150w, https:\/\/www.arquimaster.com.ar\/web\/wp-content\/uploads\/2018\/10\/casa_rincon1-50x50.jpg 50w, https:\/\/www.arquimaster.com.ar\/web\/wp-content\/uploads\/2018\/10\/casa_rincon1-125x125.jpg 125w\" sizes=\"auto, (max-width: 150px) 100vw, 150px\" \/><\/a>\n\t\t\t<\/div>\n\t\t\t\t<figcaption class='wp-caption-text gallery-caption' id='gallery-1-32431'>\n\t\t\t\tCasa Rinc\u00f3n \/ Estudio Galera (\u00a9 Diego Medina)\n\t\t\t\t<\/figcaption><\/figure><figure class='gallery-item'>\n\t\t\t<div class='gallery-icon landscape'>\n\t\t\t\t<a href='https:\/\/www.arquimaster.com.ar\/web\/wp-content\/uploads\/2018\/10\/casa_rincon2.jpg' title=\"Casa Rinc\u00f3n \/ Estudio Galera (\u00a9 Diego Medina)\" data-rl_title=\"Casa Rinc\u00f3n \/ Estudio Galera (\u00a9 Diego Medina)\" class=\"rl-gallery-link\" data-rl_caption=\"Casa Rinc\u00f3n \/ Estudio Galera (\u00a9 Diego Medina)\" data-rel=\"lightbox-gallery-1\"><img loading=\"lazy\" decoding=\"async\" width=\"150\" height=\"150\" src=\"https:\/\/www.arquimaster.com.ar\/web\/wp-content\/uploads\/2018\/10\/casa_rincon2-150x150.jpg\" class=\"attachment-thumbnail size-thumbnail\" alt=\"\" aria-describedby=\"gallery-1-32432\" srcset=\"https:\/\/www.arquimaster.com.ar\/web\/wp-content\/uploads\/2018\/10\/casa_rincon2-150x150.jpg 150w, https:\/\/www.arquimaster.com.ar\/web\/wp-content\/uploads\/2018\/10\/casa_rincon2-50x50.jpg 50w, https:\/\/www.arquimaster.com.ar\/web\/wp-content\/uploads\/2018\/10\/casa_rincon2-125x125.jpg 125w\" sizes=\"auto, (max-width: 150px) 100vw, 150px\" \/><\/a>\n\t\t\t<\/div>\n\t\t\t\t<figcaption class='wp-caption-text gallery-caption' id='gallery-1-32432'>\n\t\t\t\tCasa Rinc\u00f3n \/ Estudio Galera (\u00a9 Diego Medina)\n\t\t\t\t<\/figcaption><\/figure><figure class='gallery-item'>\n\t\t\t<div class='gallery-icon landscape'>\n\t\t\t\t<a href='https:\/\/www.arquimaster.com.ar\/web\/wp-content\/uploads\/2018\/10\/casa_rincon3.jpg' title=\"Casa Rinc\u00f3n \/ Estudio Galera (\u00a9 Diego Medina)\" data-rl_title=\"Casa Rinc\u00f3n \/ Estudio Galera (\u00a9 Diego Medina)\" class=\"rl-gallery-link\" data-rl_caption=\"Casa Rinc\u00f3n \/ Estudio Galera (\u00a9 Diego Medina)\" data-rel=\"lightbox-gallery-1\"><img loading=\"lazy\" decoding=\"async\" width=\"150\" height=\"150\" src=\"https:\/\/www.arquimaster.com.ar\/web\/wp-content\/uploads\/2018\/10\/casa_rincon3-150x150.jpg\" class=\"attachment-thumbnail size-thumbnail\" alt=\"\" aria-describedby=\"gallery-1-32433\" srcset=\"https:\/\/www.arquimaster.com.ar\/web\/wp-content\/uploads\/2018\/10\/casa_rincon3-150x150.jpg 150w, https:\/\/www.arquimaster.com.ar\/web\/wp-content\/uploads\/2018\/10\/casa_rincon3-50x50.jpg 50w, https:\/\/www.arquimaster.com.ar\/web\/wp-content\/uploads\/2018\/10\/casa_rincon3-125x125.jpg 125w\" sizes=\"auto, (max-width: 150px) 100vw, 150px\" \/><\/a>\n\t\t\t<\/div>\n\t\t\t\t<figcaption class='wp-caption-text gallery-caption' id='gallery-1-32433'>\n\t\t\t\tCasa Rinc\u00f3n \/ Estudio Galera (\u00a9 Diego Medina)\n\t\t\t\t<\/figcaption><\/figure><figure class='gallery-item'>\n\t\t\t<div class='gallery-icon landscape'>\n\t\t\t\t<a href='https:\/\/www.arquimaster.com.ar\/web\/wp-content\/uploads\/2018\/10\/casa_rincon4.jpg' title=\"Casa Rinc\u00f3n \/ Estudio Galera (\u00a9 Diego Medina)\" data-rl_title=\"Casa Rinc\u00f3n \/ Estudio Galera (\u00a9 Diego Medina)\" class=\"rl-gallery-link\" data-rl_caption=\"Casa Rinc\u00f3n \/ Estudio Galera (\u00a9 Diego Medina)\" data-rel=\"lightbox-gallery-1\"><img loading=\"lazy\" decoding=\"async\" width=\"150\" height=\"150\" src=\"https:\/\/www.arquimaster.com.ar\/web\/wp-content\/uploads\/2018\/10\/casa_rincon4-150x150.jpg\" class=\"attachment-thumbnail size-thumbnail\" alt=\"\" aria-describedby=\"gallery-1-32434\" srcset=\"https:\/\/www.arquimaster.com.ar\/web\/wp-content\/uploads\/2018\/10\/casa_rincon4-150x150.jpg 150w, https:\/\/www.arquimaster.com.ar\/web\/wp-content\/uploads\/2018\/10\/casa_rincon4-50x50.jpg 50w, https:\/\/www.arquimaster.com.ar\/web\/wp-content\/uploads\/2018\/10\/casa_rincon4-125x125.jpg 125w\" sizes=\"auto, (max-width: 150px) 100vw, 150px\" \/><\/a>\n\t\t\t<\/div>\n\t\t\t\t<figcaption class='wp-caption-text gallery-caption' id='gallery-1-32434'>\n\t\t\t\tCasa Rinc\u00f3n \/ Estudio Galera (\u00a9 Diego Medina)\n\t\t\t\t<\/figcaption><\/figure><figure class='gallery-item'>\n\t\t\t<div class='gallery-icon landscape'>\n\t\t\t\t<a href='https:\/\/www.arquimaster.com.ar\/web\/wp-content\/uploads\/2018\/10\/casa_rincon5.jpg' title=\"Casa Rinc\u00f3n \/ Estudio Galera (\u00a9 Diego Medina)\" data-rl_title=\"Casa Rinc\u00f3n \/ Estudio Galera (\u00a9 Diego Medina)\" class=\"rl-gallery-link\" data-rl_caption=\"Casa Rinc\u00f3n \/ Estudio Galera (\u00a9 Diego Medina)\" data-rel=\"lightbox-gallery-1\"><img loading=\"lazy\" decoding=\"async\" width=\"150\" height=\"150\" src=\"https:\/\/www.arquimaster.com.ar\/web\/wp-content\/uploads\/2018\/10\/casa_rincon5-150x150.jpg\" class=\"attachment-thumbnail size-thumbnail\" alt=\"\" aria-describedby=\"gallery-1-32435\" srcset=\"https:\/\/www.arquimaster.com.ar\/web\/wp-content\/uploads\/2018\/10\/casa_rincon5-150x150.jpg 150w, https:\/\/www.arquimaster.com.ar\/web\/wp-content\/uploads\/2018\/10\/casa_rincon5-50x50.jpg 50w, https:\/\/www.arquimaster.com.ar\/web\/wp-content\/uploads\/2018\/10\/casa_rincon5-125x125.jpg 125w\" sizes=\"auto, (max-width: 150px) 100vw, 150px\" \/><\/a>\n\t\t\t<\/div>\n\t\t\t\t<figcaption class='wp-caption-text gallery-caption' id='gallery-1-32435'>\n\t\t\t\tCasa Rinc\u00f3n \/ Estudio Galera (\u00a9 Diego Medina)\n\t\t\t\t<\/figcaption><\/figure><figure class='gallery-item'>\n\t\t\t<div class='gallery-icon landscape'>\n\t\t\t\t<a href='https:\/\/www.arquimaster.com.ar\/web\/wp-content\/uploads\/2018\/10\/casa_rincon6.jpg' title=\"Casa Rinc\u00f3n \/ Estudio Galera (\u00a9 Diego Medina)\" data-rl_title=\"Casa Rinc\u00f3n \/ Estudio Galera (\u00a9 Diego Medina)\" class=\"rl-gallery-link\" data-rl_caption=\"Casa Rinc\u00f3n \/ Estudio Galera (\u00a9 Diego Medina)\" data-rel=\"lightbox-gallery-1\"><img loading=\"lazy\" decoding=\"async\" width=\"150\" height=\"150\" src=\"https:\/\/www.arquimaster.com.ar\/web\/wp-content\/uploads\/2018\/10\/casa_rincon6-150x150.jpg\" class=\"attachment-thumbnail size-thumbnail\" alt=\"\" aria-describedby=\"gallery-1-32436\" srcset=\"https:\/\/www.arquimaster.com.ar\/web\/wp-content\/uploads\/2018\/10\/casa_rincon6-150x150.jpg 150w, https:\/\/www.arquimaster.com.ar\/web\/wp-content\/uploads\/2018\/10\/casa_rincon6-50x50.jpg 50w, https:\/\/www.arquimaster.com.ar\/web\/wp-content\/uploads\/2018\/10\/casa_rincon6-125x125.jpg 125w\" sizes=\"auto, (max-width: 150px) 100vw, 150px\" \/><\/a>\n\t\t\t<\/div>\n\t\t\t\t<figcaption class='wp-caption-text gallery-caption' id='gallery-1-32436'>\n\t\t\t\tCasa Rinc\u00f3n \/ Estudio Galera (\u00a9 Diego Medina)\n\t\t\t\t<\/figcaption><\/figure><figure class='gallery-item'>\n\t\t\t<div class='gallery-icon landscape'>\n\t\t\t\t<a href='https:\/\/www.arquimaster.com.ar\/web\/wp-content\/uploads\/2018\/10\/casa_rincon7.jpg' title=\"Casa Rinc\u00f3n \/ Estudio Galera (\u00a9 Diego Medina)\" data-rl_title=\"Casa Rinc\u00f3n \/ Estudio Galera (\u00a9 Diego Medina)\" class=\"rl-gallery-link\" data-rl_caption=\"Casa Rinc\u00f3n \/ Estudio Galera (\u00a9 Diego Medina)\" data-rel=\"lightbox-gallery-1\"><img loading=\"lazy\" decoding=\"async\" width=\"150\" height=\"150\" src=\"https:\/\/www.arquimaster.com.ar\/web\/wp-content\/uploads\/2018\/10\/casa_rincon7-150x150.jpg\" class=\"attachment-thumbnail size-thumbnail\" alt=\"\" aria-describedby=\"gallery-1-32437\" srcset=\"https:\/\/www.arquimaster.com.ar\/web\/wp-content\/uploads\/2018\/10\/casa_rincon7-150x150.jpg 150w, https:\/\/www.arquimaster.com.ar\/web\/wp-content\/uploads\/2018\/10\/casa_rincon7-50x50.jpg 50w, https:\/\/www.arquimaster.com.ar\/web\/wp-content\/uploads\/2018\/10\/casa_rincon7-125x125.jpg 125w\" sizes=\"auto, (max-width: 150px) 100vw, 150px\" \/><\/a>\n\t\t\t<\/div>\n\t\t\t\t<figcaption class='wp-caption-text gallery-caption' id='gallery-1-32437'>\n\t\t\t\tCasa Rinc\u00f3n \/ Estudio Galera (\u00a9 Diego Medina)\n\t\t\t\t<\/figcaption><\/figure><figure class='gallery-item'>\n\t\t\t<div class='gallery-icon landscape'>\n\t\t\t\t<a href='https:\/\/www.arquimaster.com.ar\/web\/wp-content\/uploads\/2018\/10\/casa_rincon8.jpg' title=\"Casa Rinc\u00f3n \/ Estudio Galera (\u00a9 Diego Medina)\" data-rl_title=\"Casa Rinc\u00f3n \/ Estudio Galera (\u00a9 Diego Medina)\" class=\"rl-gallery-link\" data-rl_caption=\"Casa Rinc\u00f3n \/ Estudio Galera (\u00a9 Diego Medina)\" data-rel=\"lightbox-gallery-1\"><img loading=\"lazy\" decoding=\"async\" width=\"150\" height=\"150\" src=\"https:\/\/www.arquimaster.com.ar\/web\/wp-content\/uploads\/2018\/10\/casa_rincon8-150x150.jpg\" class=\"attachment-thumbnail size-thumbnail\" alt=\"\" aria-describedby=\"gallery-1-32438\" srcset=\"https:\/\/www.arquimaster.com.ar\/web\/wp-content\/uploads\/2018\/10\/casa_rincon8-150x150.jpg 150w, https:\/\/www.arquimaster.com.ar\/web\/wp-content\/uploads\/2018\/10\/casa_rincon8-50x50.jpg 50w, https:\/\/www.arquimaster.com.ar\/web\/wp-content\/uploads\/2018\/10\/casa_rincon8-125x125.jpg 125w\" sizes=\"auto, (max-width: 150px) 100vw, 150px\" \/><\/a>\n\t\t\t<\/div>\n\t\t\t\t<figcaption class='wp-caption-text gallery-caption' id='gallery-1-32438'>\n\t\t\t\tCasa Rinc\u00f3n \/ Estudio Galera (\u00a9 Diego Medina)\n\t\t\t\t<\/figcaption><\/figure><figure class='gallery-item'>\n\t\t\t<div class='gallery-icon portrait'>\n\t\t\t\t<a href='https:\/\/www.arquimaster.com.ar\/web\/wp-content\/uploads\/2018\/10\/casa_rincon9.jpg' title=\"Casa Rinc\u00f3n \/ Estudio Galera (\u00a9 Diego Medina)\" data-rl_title=\"Casa Rinc\u00f3n \/ Estudio Galera (\u00a9 Diego Medina)\" class=\"rl-gallery-link\" data-rl_caption=\"Casa Rinc\u00f3n \/ Estudio Galera (\u00a9 Diego Medina)\" data-rel=\"lightbox-gallery-1\"><img loading=\"lazy\" decoding=\"async\" width=\"150\" height=\"150\" src=\"https:\/\/www.arquimaster.com.ar\/web\/wp-content\/uploads\/2018\/10\/casa_rincon9-150x150.jpg\" class=\"attachment-thumbnail size-thumbnail\" alt=\"\" aria-describedby=\"gallery-1-32439\" srcset=\"https:\/\/www.arquimaster.com.ar\/web\/wp-content\/uploads\/2018\/10\/casa_rincon9-150x150.jpg 150w, https:\/\/www.arquimaster.com.ar\/web\/wp-content\/uploads\/2018\/10\/casa_rincon9-50x50.jpg 50w, https:\/\/www.arquimaster.com.ar\/web\/wp-content\/uploads\/2018\/10\/casa_rincon9-125x125.jpg 125w\" sizes=\"auto, (max-width: 150px) 100vw, 150px\" \/><\/a>\n\t\t\t<\/div>\n\t\t\t\t<figcaption class='wp-caption-text gallery-caption' id='gallery-1-32439'>\n\t\t\t\tCasa Rinc\u00f3n \/ Estudio Galera (\u00a9 Diego Medina)\n\t\t\t\t<\/figcaption><\/figure><figure class='gallery-item'>\n\t\t\t<div class='gallery-icon landscape'>\n\t\t\t\t<a href='https:\/\/www.arquimaster.com.ar\/web\/wp-content\/uploads\/2018\/10\/casa_rincon10.jpg' title=\"Casa Rinc\u00f3n \/ Estudio Galera (\u00a9 Diego Medina)\" data-rl_title=\"Casa Rinc\u00f3n \/ Estudio Galera (\u00a9 Diego Medina)\" class=\"rl-gallery-link\" data-rl_caption=\"Casa Rinc\u00f3n \/ Estudio Galera (\u00a9 Diego Medina)\" data-rel=\"lightbox-gallery-1\"><img loading=\"lazy\" decoding=\"async\" width=\"150\" height=\"150\" src=\"https:\/\/www.arquimaster.com.ar\/web\/wp-content\/uploads\/2018\/10\/casa_rincon10-150x150.jpg\" class=\"attachment-thumbnail size-thumbnail\" alt=\"\" aria-describedby=\"gallery-1-32440\" srcset=\"https:\/\/www.arquimaster.com.ar\/web\/wp-content\/uploads\/2018\/10\/casa_rincon10-150x150.jpg 150w, https:\/\/www.arquimaster.com.ar\/web\/wp-content\/uploads\/2018\/10\/casa_rincon10-50x50.jpg 50w, https:\/\/www.arquimaster.com.ar\/web\/wp-content\/uploads\/2018\/10\/casa_rincon10-125x125.jpg 125w\" sizes=\"auto, (max-width: 150px) 100vw, 150px\" \/><\/a>\n\t\t\t<\/div>\n\t\t\t\t<figcaption class='wp-caption-text gallery-caption' id='gallery-1-32440'>\n\t\t\t\tCasa Rinc\u00f3n \/ Estudio Galera (\u00a9 Diego Medina)\n\t\t\t\t<\/figcaption><\/figure><figure class='gallery-item'>\n\t\t\t<div class='gallery-icon portrait'>\n\t\t\t\t<a href='https:\/\/www.arquimaster.com.ar\/web\/wp-content\/uploads\/2018\/10\/casa_rincon11.jpg' title=\"Casa Rinc\u00f3n \/ Estudio Galera (\u00a9 Diego Medina)\" data-rl_title=\"Casa Rinc\u00f3n \/ Estudio Galera (\u00a9 Diego Medina)\" class=\"rl-gallery-link\" data-rl_caption=\"Casa Rinc\u00f3n \/ Estudio Galera (\u00a9 Diego Medina)\" data-rel=\"lightbox-gallery-1\"><img loading=\"lazy\" decoding=\"async\" width=\"150\" height=\"150\" src=\"https:\/\/www.arquimaster.com.ar\/web\/wp-content\/uploads\/2018\/10\/casa_rincon11-150x150.jpg\" class=\"attachment-thumbnail size-thumbnail\" alt=\"\" aria-describedby=\"gallery-1-32441\" srcset=\"https:\/\/www.arquimaster.com.ar\/web\/wp-content\/uploads\/2018\/10\/casa_rincon11-150x150.jpg 150w, https:\/\/www.arquimaster.com.ar\/web\/wp-content\/uploads\/2018\/10\/casa_rincon11-50x50.jpg 50w, https:\/\/www.arquimaster.com.ar\/web\/wp-content\/uploads\/2018\/10\/casa_rincon11-125x125.jpg 125w\" sizes=\"auto, (max-width: 150px) 100vw, 150px\" \/><\/a>\n\t\t\t<\/div>\n\t\t\t\t<figcaption class='wp-caption-text gallery-caption' id='gallery-1-32441'>\n\t\t\t\tCasa Rinc\u00f3n \/ Estudio Galera (\u00a9 Diego Medina)\n\t\t\t\t<\/figcaption><\/figure><figure class='gallery-item'>\n\t\t\t<div class='gallery-icon landscape'>\n\t\t\t\t<a href='https:\/\/www.arquimaster.com.ar\/web\/wp-content\/uploads\/2018\/10\/casa_rincon12.jpg' title=\"Casa Rinc\u00f3n \/ Estudio Galera (\u00a9 Diego Medina)\" data-rl_title=\"Casa Rinc\u00f3n \/ Estudio Galera (\u00a9 Diego Medina)\" class=\"rl-gallery-link\" data-rl_caption=\"Casa Rinc\u00f3n \/ Estudio Galera (\u00a9 Diego Medina)\" data-rel=\"lightbox-gallery-1\"><img loading=\"lazy\" decoding=\"async\" width=\"150\" height=\"150\" src=\"https:\/\/www.arquimaster.com.ar\/web\/wp-content\/uploads\/2018\/10\/casa_rincon12-150x150.jpg\" class=\"attachment-thumbnail size-thumbnail\" alt=\"\" aria-describedby=\"gallery-1-32442\" srcset=\"https:\/\/www.arquimaster.com.ar\/web\/wp-content\/uploads\/2018\/10\/casa_rincon12-150x150.jpg 150w, https:\/\/www.arquimaster.com.ar\/web\/wp-content\/uploads\/2018\/10\/casa_rincon12-50x50.jpg 50w, https:\/\/www.arquimaster.com.ar\/web\/wp-content\/uploads\/2018\/10\/casa_rincon12-125x125.jpg 125w\" sizes=\"auto, (max-width: 150px) 100vw, 150px\" \/><\/a>\n\t\t\t<\/div>\n\t\t\t\t<figcaption class='wp-caption-text gallery-caption' id='gallery-1-32442'>\n\t\t\t\tCasa Rinc\u00f3n \/ Estudio Galera (\u00a9 Diego Medina)\n\t\t\t\t<\/figcaption><\/figure><figure class='gallery-item'>\n\t\t\t<div class='gallery-icon portrait'>\n\t\t\t\t<a href='https:\/\/www.arquimaster.com.ar\/web\/wp-content\/uploads\/2018\/10\/casa_rincon13.jpg' title=\"Casa Rinc\u00f3n \/ Estudio Galera (\u00a9 Diego Medina)\" data-rl_title=\"Casa Rinc\u00f3n \/ Estudio Galera (\u00a9 Diego Medina)\" class=\"rl-gallery-link\" data-rl_caption=\"Casa Rinc\u00f3n \/ Estudio Galera (\u00a9 Diego Medina)\" data-rel=\"lightbox-gallery-1\"><img loading=\"lazy\" decoding=\"async\" width=\"150\" height=\"150\" src=\"https:\/\/www.arquimaster.com.ar\/web\/wp-content\/uploads\/2018\/10\/casa_rincon13-150x150.jpg\" class=\"attachment-thumbnail size-thumbnail\" alt=\"\" aria-describedby=\"gallery-1-32443\" srcset=\"https:\/\/www.arquimaster.com.ar\/web\/wp-content\/uploads\/2018\/10\/casa_rincon13-150x150.jpg 150w, https:\/\/www.arquimaster.com.ar\/web\/wp-content\/uploads\/2018\/10\/casa_rincon13-50x50.jpg 50w, https:\/\/www.arquimaster.com.ar\/web\/wp-content\/uploads\/2018\/10\/casa_rincon13-125x125.jpg 125w\" sizes=\"auto, (max-width: 150px) 100vw, 150px\" \/><\/a>\n\t\t\t<\/div>\n\t\t\t\t<figcaption class='wp-caption-text gallery-caption' id='gallery-1-32443'>\n\t\t\t\tCasa Rinc\u00f3n \/ Estudio Galera (\u00a9 Diego Medina)\n\t\t\t\t<\/figcaption><\/figure><figure class='gallery-item'>\n\t\t\t<div class='gallery-icon landscape'>\n\t\t\t\t<a href='https:\/\/www.arquimaster.com.ar\/web\/wp-content\/uploads\/2018\/10\/casa_rincon14.jpg' title=\"Casa Rinc\u00f3n \/ Estudio Galera (\u00a9 Diego Medina)\" data-rl_title=\"Casa Rinc\u00f3n \/ Estudio Galera (\u00a9 Diego Medina)\" class=\"rl-gallery-link\" data-rl_caption=\"Casa Rinc\u00f3n \/ Estudio Galera (\u00a9 Diego Medina)\" data-rel=\"lightbox-gallery-1\"><img loading=\"lazy\" decoding=\"async\" width=\"150\" height=\"150\" src=\"https:\/\/www.arquimaster.com.ar\/web\/wp-content\/uploads\/2018\/10\/casa_rincon14-150x150.jpg\" class=\"attachment-thumbnail size-thumbnail\" alt=\"\" aria-describedby=\"gallery-1-32444\" srcset=\"https:\/\/www.arquimaster.com.ar\/web\/wp-content\/uploads\/2018\/10\/casa_rincon14-150x150.jpg 150w, https:\/\/www.arquimaster.com.ar\/web\/wp-content\/uploads\/2018\/10\/casa_rincon14-50x50.jpg 50w, https:\/\/www.arquimaster.com.ar\/web\/wp-content\/uploads\/2018\/10\/casa_rincon14-125x125.jpg 125w\" sizes=\"auto, (max-width: 150px) 100vw, 150px\" \/><\/a>\n\t\t\t<\/div>\n\t\t\t\t<figcaption class='wp-caption-text gallery-caption' id='gallery-1-32444'>\n\t\t\t\tCasa Rinc\u00f3n \/ Estudio Galera (\u00a9 Diego Medina)\n\t\t\t\t<\/figcaption><\/figure><figure class='gallery-item'>\n\t\t\t<div class='gallery-icon landscape'>\n\t\t\t\t<a href='https:\/\/www.arquimaster.com.ar\/web\/wp-content\/uploads\/2018\/10\/casa_rincon15.jpg' title=\"Casa Rinc\u00f3n \/ Estudio Galera (\u00a9 Diego Medina)\" data-rl_title=\"Casa Rinc\u00f3n \/ Estudio Galera (\u00a9 Diego Medina)\" class=\"rl-gallery-link\" data-rl_caption=\"Casa Rinc\u00f3n \/ Estudio Galera (\u00a9 Diego Medina)\" data-rel=\"lightbox-gallery-1\"><img loading=\"lazy\" decoding=\"async\" width=\"150\" height=\"150\" src=\"https:\/\/www.arquimaster.com.ar\/web\/wp-content\/uploads\/2018\/10\/casa_rincon15-150x150.jpg\" class=\"attachment-thumbnail size-thumbnail\" alt=\"\" aria-describedby=\"gallery-1-32445\" srcset=\"https:\/\/www.arquimaster.com.ar\/web\/wp-content\/uploads\/2018\/10\/casa_rincon15-150x150.jpg 150w, https:\/\/www.arquimaster.com.ar\/web\/wp-content\/uploads\/2018\/10\/casa_rincon15-50x50.jpg 50w, https:\/\/www.arquimaster.com.ar\/web\/wp-content\/uploads\/2018\/10\/casa_rincon15-125x125.jpg 125w\" sizes=\"auto, (max-width: 150px) 100vw, 150px\" \/><\/a>\n\t\t\t<\/div>\n\t\t\t\t<figcaption class='wp-caption-text gallery-caption' id='gallery-1-32445'>\n\t\t\t\tCasa Rinc\u00f3n \/ Estudio Galera (\u00a9 Diego Medina)\n\t\t\t\t<\/figcaption><\/figure><figure class='gallery-item'>\n\t\t\t<div class='gallery-icon landscape'>\n\t\t\t\t<a href='https:\/\/www.arquimaster.com.ar\/web\/wp-content\/uploads\/2018\/10\/casa_rincon16.jpg' title=\"Casa Rinc\u00f3n \/ Estudio Galera (\u00a9 Diego Medina)\" data-rl_title=\"Casa Rinc\u00f3n \/ Estudio Galera (\u00a9 Diego Medina)\" class=\"rl-gallery-link\" data-rl_caption=\"Casa Rinc\u00f3n \/ Estudio Galera (\u00a9 Diego Medina)\" data-rel=\"lightbox-gallery-1\"><img loading=\"lazy\" decoding=\"async\" width=\"150\" height=\"150\" src=\"https:\/\/www.arquimaster.com.ar\/web\/wp-content\/uploads\/2018\/10\/casa_rincon16-150x150.jpg\" class=\"attachment-thumbnail size-thumbnail\" alt=\"\" aria-describedby=\"gallery-1-32446\" srcset=\"https:\/\/www.arquimaster.com.ar\/web\/wp-content\/uploads\/2018\/10\/casa_rincon16-150x150.jpg 150w, https:\/\/www.arquimaster.com.ar\/web\/wp-content\/uploads\/2018\/10\/casa_rincon16-50x50.jpg 50w, https:\/\/www.arquimaster.com.ar\/web\/wp-content\/uploads\/2018\/10\/casa_rincon16-125x125.jpg 125w\" sizes=\"auto, (max-width: 150px) 100vw, 150px\" \/><\/a>\n\t\t\t<\/div>\n\t\t\t\t<figcaption class='wp-caption-text gallery-caption' id='gallery-1-32446'>\n\t\t\t\tCasa Rinc\u00f3n \/ Estudio Galera (\u00a9 Diego Medina)\n\t\t\t\t<\/figcaption><\/figure><figure class='gallery-item'>\n\t\t\t<div class='gallery-icon landscape'>\n\t\t\t\t<a href='https:\/\/www.arquimaster.com.ar\/web\/wp-content\/uploads\/2018\/10\/casa_rincon17.jpg' title=\"Casa Rinc\u00f3n \/ Estudio Galera (\u00a9 Diego Medina)\" data-rl_title=\"Casa Rinc\u00f3n \/ Estudio Galera (\u00a9 Diego Medina)\" class=\"rl-gallery-link\" data-rl_caption=\"Casa Rinc\u00f3n \/ Estudio Galera (\u00a9 Diego Medina)\" data-rel=\"lightbox-gallery-1\"><img loading=\"lazy\" decoding=\"async\" width=\"150\" height=\"150\" src=\"https:\/\/www.arquimaster.com.ar\/web\/wp-content\/uploads\/2018\/10\/casa_rincon17-150x150.jpg\" class=\"attachment-thumbnail size-thumbnail\" alt=\"\" aria-describedby=\"gallery-1-32447\" srcset=\"https:\/\/www.arquimaster.com.ar\/web\/wp-content\/uploads\/2018\/10\/casa_rincon17-150x150.jpg 150w, https:\/\/www.arquimaster.com.ar\/web\/wp-content\/uploads\/2018\/10\/casa_rincon17-50x50.jpg 50w, https:\/\/www.arquimaster.com.ar\/web\/wp-content\/uploads\/2018\/10\/casa_rincon17-125x125.jpg 125w\" sizes=\"auto, (max-width: 150px) 100vw, 150px\" \/><\/a>\n\t\t\t<\/div>\n\t\t\t\t<figcaption class='wp-caption-text gallery-caption' id='gallery-1-32447'>\n\t\t\t\tCasa Rinc\u00f3n \/ Estudio Galera (\u00a9 Diego Medina)\n\t\t\t\t<\/figcaption><\/figure><figure class='gallery-item'>\n\t\t\t<div class='gallery-icon landscape'>\n\t\t\t\t<a href='https:\/\/www.arquimaster.com.ar\/web\/wp-content\/uploads\/2018\/10\/casa_rincon18.jpg' title=\"Casa Rinc\u00f3n \/ Estudio Galera (\u00a9 Diego Medina)\" data-rl_title=\"Casa Rinc\u00f3n \/ Estudio Galera (\u00a9 Diego Medina)\" class=\"rl-gallery-link\" data-rl_caption=\"Casa Rinc\u00f3n \/ Estudio Galera (\u00a9 Diego Medina)\" data-rel=\"lightbox-gallery-1\"><img loading=\"lazy\" decoding=\"async\" width=\"150\" height=\"150\" src=\"https:\/\/www.arquimaster.com.ar\/web\/wp-content\/uploads\/2018\/10\/casa_rincon18-150x150.jpg\" class=\"attachment-thumbnail size-thumbnail\" alt=\"\" aria-describedby=\"gallery-1-32448\" srcset=\"https:\/\/www.arquimaster.com.ar\/web\/wp-content\/uploads\/2018\/10\/casa_rincon18-150x150.jpg 150w, https:\/\/www.arquimaster.com.ar\/web\/wp-content\/uploads\/2018\/10\/casa_rincon18-50x50.jpg 50w, https:\/\/www.arquimaster.com.ar\/web\/wp-content\/uploads\/2018\/10\/casa_rincon18-125x125.jpg 125w\" sizes=\"auto, (max-width: 150px) 100vw, 150px\" \/><\/a>\n\t\t\t<\/div>\n\t\t\t\t<figcaption class='wp-caption-text gallery-caption' id='gallery-1-32448'>\n\t\t\t\tCasa Rinc\u00f3n \/ Estudio Galera (\u00a9 Diego Medina)\n\t\t\t\t<\/figcaption><\/figure>\n\t\t<\/div>\n\n<p><strong>Reformulaciones tipol\u00f3gicas<\/strong><br \/>\nLa casa genera un vinculo con su entorno, las viviendas pre-existentes responden al estilo \u00abChalet de ladrillo pinamarense\u00bb muy popular en la zona durante la d\u00e9cada de los 80 y mediados de los 90, casas que se caracterizaban por un cuerpo principal de la ladrillo visto con junta tomada, carpinter\u00eda de madera y grandes cubiertas con pendiente. La vivienda propuesta re interpreta el \u00abestilo\u00bb y adecua la materialidad a la realidad tecnol\u00f3gica actual.<\/p>\n<p>Pensada para un usuario gen\u00e9rico, la vivienda minimiza las superficies de dormitorio para utilizar mayor cantidad de recursos en la zona de encuentro y distenci\u00f3n. La zona de parrilla como remate del estar\/comedor funciona como fuelle interior\/exterior, deconstruyendo gradualmente la caja arquitect\u00f3nica.<\/p>\n<div id='gallery-2' class='gallery galleryid-32429 gallery-columns-3 gallery-size-thumbnail'><figure class='gallery-item'>\n\t\t\t<div class='gallery-icon landscape'>\n\t\t\t\t<a href='https:\/\/www.arquimaster.com.ar\/web\/wp-content\/uploads\/2018\/10\/casa_rincon19.jpg' title=\"Casa Rinc\u00f3n \/ Estudio Galera (\u00a9 Diego Medina)\" data-rl_title=\"Casa Rinc\u00f3n \/ Estudio Galera (\u00a9 Diego Medina)\" class=\"rl-gallery-link\" data-rl_caption=\"Casa Rinc\u00f3n \/ Estudio Galera (\u00a9 Diego Medina)\" data-rel=\"lightbox-gallery-2\"><img loading=\"lazy\" decoding=\"async\" width=\"150\" height=\"150\" src=\"https:\/\/www.arquimaster.com.ar\/web\/wp-content\/uploads\/2018\/10\/casa_rincon19-150x150.jpg\" class=\"attachment-thumbnail size-thumbnail\" alt=\"\" aria-describedby=\"gallery-2-32449\" srcset=\"https:\/\/www.arquimaster.com.ar\/web\/wp-content\/uploads\/2018\/10\/casa_rincon19-150x150.jpg 150w, https:\/\/www.arquimaster.com.ar\/web\/wp-content\/uploads\/2018\/10\/casa_rincon19-50x50.jpg 50w, https:\/\/www.arquimaster.com.ar\/web\/wp-content\/uploads\/2018\/10\/casa_rincon19-125x125.jpg 125w\" sizes=\"auto, (max-width: 150px) 100vw, 150px\" \/><\/a>\n\t\t\t<\/div>\n\t\t\t\t<figcaption class='wp-caption-text gallery-caption' id='gallery-2-32449'>\n\t\t\t\tCasa Rinc\u00f3n \/ Estudio Galera (\u00a9 Diego Medina)\n\t\t\t\t<\/figcaption><\/figure><figure class='gallery-item'>\n\t\t\t<div class='gallery-icon landscape'>\n\t\t\t\t<a href='https:\/\/www.arquimaster.com.ar\/web\/wp-content\/uploads\/2018\/10\/casa_rincon20.jpg' title=\"Casa Rinc\u00f3n \/ Estudio Galera (\u00a9 Diego Medina)\" data-rl_title=\"Casa Rinc\u00f3n \/ Estudio Galera (\u00a9 Diego Medina)\" class=\"rl-gallery-link\" data-rl_caption=\"Casa Rinc\u00f3n \/ Estudio Galera (\u00a9 Diego Medina)\" data-rel=\"lightbox-gallery-2\"><img loading=\"lazy\" decoding=\"async\" width=\"150\" height=\"150\" src=\"https:\/\/www.arquimaster.com.ar\/web\/wp-content\/uploads\/2018\/10\/casa_rincon20-150x150.jpg\" class=\"attachment-thumbnail size-thumbnail\" alt=\"\" aria-describedby=\"gallery-2-32450\" srcset=\"https:\/\/www.arquimaster.com.ar\/web\/wp-content\/uploads\/2018\/10\/casa_rincon20-150x150.jpg 150w, https:\/\/www.arquimaster.com.ar\/web\/wp-content\/uploads\/2018\/10\/casa_rincon20-50x50.jpg 50w, https:\/\/www.arquimaster.com.ar\/web\/wp-content\/uploads\/2018\/10\/casa_rincon20-125x125.jpg 125w\" sizes=\"auto, (max-width: 150px) 100vw, 150px\" \/><\/a>\n\t\t\t<\/div>\n\t\t\t\t<figcaption class='wp-caption-text gallery-caption' id='gallery-2-32450'>\n\t\t\t\tCasa Rinc\u00f3n \/ Estudio Galera (\u00a9 Diego Medina)\n\t\t\t\t<\/figcaption><\/figure><figure class='gallery-item'>\n\t\t\t<div class='gallery-icon portrait'>\n\t\t\t\t<a href='https:\/\/www.arquimaster.com.ar\/web\/wp-content\/uploads\/2018\/10\/casa_rincon21.jpg' title=\"Casa Rinc\u00f3n \/ Estudio Galera (\u00a9 Diego Medina)\" data-rl_title=\"Casa Rinc\u00f3n \/ Estudio Galera (\u00a9 Diego Medina)\" class=\"rl-gallery-link\" data-rl_caption=\"Casa Rinc\u00f3n \/ Estudio Galera (\u00a9 Diego Medina)\" data-rel=\"lightbox-gallery-2\"><img loading=\"lazy\" decoding=\"async\" width=\"150\" height=\"150\" src=\"https:\/\/www.arquimaster.com.ar\/web\/wp-content\/uploads\/2018\/10\/casa_rincon21-150x150.jpg\" class=\"attachment-thumbnail size-thumbnail\" alt=\"\" aria-describedby=\"gallery-2-32451\" srcset=\"https:\/\/www.arquimaster.com.ar\/web\/wp-content\/uploads\/2018\/10\/casa_rincon21-150x150.jpg 150w, https:\/\/www.arquimaster.com.ar\/web\/wp-content\/uploads\/2018\/10\/casa_rincon21-50x50.jpg 50w, https:\/\/www.arquimaster.com.ar\/web\/wp-content\/uploads\/2018\/10\/casa_rincon21-125x125.jpg 125w\" sizes=\"auto, (max-width: 150px) 100vw, 150px\" \/><\/a>\n\t\t\t<\/div>\n\t\t\t\t<figcaption class='wp-caption-text gallery-caption' id='gallery-2-32451'>\n\t\t\t\tCasa Rinc\u00f3n \/ Estudio Galera (\u00a9 Diego Medina)\n\t\t\t\t<\/figcaption><\/figure><figure class='gallery-item'>\n\t\t\t<div class='gallery-icon portrait'>\n\t\t\t\t<a href='https:\/\/www.arquimaster.com.ar\/web\/wp-content\/uploads\/2018\/10\/casa_rincon22.jpg' title=\"Casa Rinc\u00f3n \/ Estudio Galera (\u00a9 Diego Medina)\" data-rl_title=\"Casa Rinc\u00f3n \/ Estudio Galera (\u00a9 Diego Medina)\" class=\"rl-gallery-link\" data-rl_caption=\"Casa Rinc\u00f3n \/ Estudio Galera (\u00a9 Diego Medina)\" data-rel=\"lightbox-gallery-2\"><img loading=\"lazy\" decoding=\"async\" width=\"150\" height=\"150\" src=\"https:\/\/www.arquimaster.com.ar\/web\/wp-content\/uploads\/2018\/10\/casa_rincon22-150x150.jpg\" class=\"attachment-thumbnail size-thumbnail\" alt=\"\" aria-describedby=\"gallery-2-32452\" srcset=\"https:\/\/www.arquimaster.com.ar\/web\/wp-content\/uploads\/2018\/10\/casa_rincon22-150x150.jpg 150w, https:\/\/www.arquimaster.com.ar\/web\/wp-content\/uploads\/2018\/10\/casa_rincon22-50x50.jpg 50w, https:\/\/www.arquimaster.com.ar\/web\/wp-content\/uploads\/2018\/10\/casa_rincon22-125x125.jpg 125w\" sizes=\"auto, (max-width: 150px) 100vw, 150px\" \/><\/a>\n\t\t\t<\/div>\n\t\t\t\t<figcaption class='wp-caption-text gallery-caption' id='gallery-2-32452'>\n\t\t\t\tCasa Rinc\u00f3n \/ Estudio Galera (\u00a9 Diego Medina)\n\t\t\t\t<\/figcaption><\/figure><figure class='gallery-item'>\n\t\t\t<div class='gallery-icon portrait'>\n\t\t\t\t<a href='https:\/\/www.arquimaster.com.ar\/web\/wp-content\/uploads\/2018\/10\/casa_rincon23.jpg' title=\"Casa Rinc\u00f3n \/ Estudio Galera (\u00a9 Diego Medina)\" data-rl_title=\"Casa Rinc\u00f3n \/ Estudio Galera (\u00a9 Diego Medina)\" class=\"rl-gallery-link\" data-rl_caption=\"Casa Rinc\u00f3n \/ Estudio Galera (\u00a9 Diego Medina)\" data-rel=\"lightbox-gallery-2\"><img loading=\"lazy\" decoding=\"async\" width=\"150\" height=\"150\" src=\"https:\/\/www.arquimaster.com.ar\/web\/wp-content\/uploads\/2018\/10\/casa_rincon23-150x150.jpg\" class=\"attachment-thumbnail size-thumbnail\" alt=\"\" aria-describedby=\"gallery-2-32453\" srcset=\"https:\/\/www.arquimaster.com.ar\/web\/wp-content\/uploads\/2018\/10\/casa_rincon23-150x150.jpg 150w, https:\/\/www.arquimaster.com.ar\/web\/wp-content\/uploads\/2018\/10\/casa_rincon23-50x50.jpg 50w, https:\/\/www.arquimaster.com.ar\/web\/wp-content\/uploads\/2018\/10\/casa_rincon23-125x125.jpg 125w\" sizes=\"auto, (max-width: 150px) 100vw, 150px\" \/><\/a>\n\t\t\t<\/div>\n\t\t\t\t<figcaption class='wp-caption-text gallery-caption' id='gallery-2-32453'>\n\t\t\t\tCasa Rinc\u00f3n \/ Estudio Galera (\u00a9 Diego Medina)\n\t\t\t\t<\/figcaption><\/figure><figure class='gallery-item'>\n\t\t\t<div class='gallery-icon portrait'>\n\t\t\t\t<a href='https:\/\/www.arquimaster.com.ar\/web\/wp-content\/uploads\/2018\/10\/casa_rincon24.jpg' title=\"Casa Rinc\u00f3n \/ Estudio Galera (\u00a9 Diego Medina)\" data-rl_title=\"Casa Rinc\u00f3n \/ Estudio Galera (\u00a9 Diego Medina)\" class=\"rl-gallery-link\" data-rl_caption=\"Casa Rinc\u00f3n \/ Estudio Galera (\u00a9 Diego Medina)\" data-rel=\"lightbox-gallery-2\"><img loading=\"lazy\" decoding=\"async\" width=\"150\" height=\"150\" src=\"https:\/\/www.arquimaster.com.ar\/web\/wp-content\/uploads\/2018\/10\/casa_rincon24-150x150.jpg\" class=\"attachment-thumbnail size-thumbnail\" alt=\"\" aria-describedby=\"gallery-2-32454\" srcset=\"https:\/\/www.arquimaster.com.ar\/web\/wp-content\/uploads\/2018\/10\/casa_rincon24-150x150.jpg 150w, https:\/\/www.arquimaster.com.ar\/web\/wp-content\/uploads\/2018\/10\/casa_rincon24-50x50.jpg 50w, https:\/\/www.arquimaster.com.ar\/web\/wp-content\/uploads\/2018\/10\/casa_rincon24-125x125.jpg 125w\" sizes=\"auto, (max-width: 150px) 100vw, 150px\" \/><\/a>\n\t\t\t<\/div>\n\t\t\t\t<figcaption class='wp-caption-text gallery-caption' id='gallery-2-32454'>\n\t\t\t\tCasa Rinc\u00f3n \/ Estudio Galera (\u00a9 Diego Medina)\n\t\t\t\t<\/figcaption><\/figure><figure class='gallery-item'>\n\t\t\t<div class='gallery-icon portrait'>\n\t\t\t\t<a href='https:\/\/www.arquimaster.com.ar\/web\/wp-content\/uploads\/2018\/10\/casa_rincon25.jpg' title=\"Casa Rinc\u00f3n \/ Estudio Galera (\u00a9 Diego Medina)\" data-rl_title=\"Casa Rinc\u00f3n \/ Estudio Galera (\u00a9 Diego Medina)\" class=\"rl-gallery-link\" data-rl_caption=\"Casa Rinc\u00f3n \/ Estudio Galera (\u00a9 Diego Medina)\" data-rel=\"lightbox-gallery-2\"><img loading=\"lazy\" decoding=\"async\" width=\"150\" height=\"150\" src=\"https:\/\/www.arquimaster.com.ar\/web\/wp-content\/uploads\/2018\/10\/casa_rincon25-150x150.jpg\" class=\"attachment-thumbnail size-thumbnail\" alt=\"\" aria-describedby=\"gallery-2-32455\" srcset=\"https:\/\/www.arquimaster.com.ar\/web\/wp-content\/uploads\/2018\/10\/casa_rincon25-150x150.jpg 150w, https:\/\/www.arquimaster.com.ar\/web\/wp-content\/uploads\/2018\/10\/casa_rincon25-50x50.jpg 50w, https:\/\/www.arquimaster.com.ar\/web\/wp-content\/uploads\/2018\/10\/casa_rincon25-125x125.jpg 125w\" sizes=\"auto, (max-width: 150px) 100vw, 150px\" \/><\/a>\n\t\t\t<\/div>\n\t\t\t\t<figcaption class='wp-caption-text gallery-caption' id='gallery-2-32455'>\n\t\t\t\tCasa Rinc\u00f3n \/ Estudio Galera (\u00a9 Diego Medina)\n\t\t\t\t<\/figcaption><\/figure><figure class='gallery-item'>\n\t\t\t<div class='gallery-icon portrait'>\n\t\t\t\t<a href='https:\/\/www.arquimaster.com.ar\/web\/wp-content\/uploads\/2018\/10\/casa_rincon26.jpg' title=\"Casa Rinc\u00f3n \/ Estudio Galera (\u00a9 Diego Medina)\" data-rl_title=\"Casa Rinc\u00f3n \/ Estudio Galera (\u00a9 Diego Medina)\" class=\"rl-gallery-link\" data-rl_caption=\"Casa Rinc\u00f3n \/ Estudio Galera (\u00a9 Diego Medina)\" data-rel=\"lightbox-gallery-2\"><img loading=\"lazy\" decoding=\"async\" width=\"150\" height=\"150\" src=\"https:\/\/www.arquimaster.com.ar\/web\/wp-content\/uploads\/2018\/10\/casa_rincon26-150x150.jpg\" class=\"attachment-thumbnail size-thumbnail\" alt=\"\" aria-describedby=\"gallery-2-32456\" srcset=\"https:\/\/www.arquimaster.com.ar\/web\/wp-content\/uploads\/2018\/10\/casa_rincon26-150x150.jpg 150w, https:\/\/www.arquimaster.com.ar\/web\/wp-content\/uploads\/2018\/10\/casa_rincon26-50x50.jpg 50w, https:\/\/www.arquimaster.com.ar\/web\/wp-content\/uploads\/2018\/10\/casa_rincon26-125x125.jpg 125w\" sizes=\"auto, (max-width: 150px) 100vw, 150px\" \/><\/a>\n\t\t\t<\/div>\n\t\t\t\t<figcaption class='wp-caption-text gallery-caption' id='gallery-2-32456'>\n\t\t\t\tCasa Rinc\u00f3n \/ Estudio Galera (\u00a9 Diego Medina)\n\t\t\t\t<\/figcaption><\/figure><figure class='gallery-item'>\n\t\t\t<div class='gallery-icon portrait'>\n\t\t\t\t<a href='https:\/\/www.arquimaster.com.ar\/web\/wp-content\/uploads\/2018\/10\/casa_rincon27.jpg' title=\"Casa Rinc\u00f3n \/ Estudio Galera (\u00a9 Diego Medina)\" data-rl_title=\"Casa Rinc\u00f3n \/ Estudio Galera (\u00a9 Diego Medina)\" class=\"rl-gallery-link\" data-rl_caption=\"Casa Rinc\u00f3n \/ Estudio Galera (\u00a9 Diego Medina)\" data-rel=\"lightbox-gallery-2\"><img loading=\"lazy\" decoding=\"async\" width=\"150\" height=\"150\" src=\"https:\/\/www.arquimaster.com.ar\/web\/wp-content\/uploads\/2018\/10\/casa_rincon27-150x150.jpg\" class=\"attachment-thumbnail size-thumbnail\" alt=\"\" aria-describedby=\"gallery-2-32457\" srcset=\"https:\/\/www.arquimaster.com.ar\/web\/wp-content\/uploads\/2018\/10\/casa_rincon27-150x150.jpg 150w, https:\/\/www.arquimaster.com.ar\/web\/wp-content\/uploads\/2018\/10\/casa_rincon27-50x50.jpg 50w, https:\/\/www.arquimaster.com.ar\/web\/wp-content\/uploads\/2018\/10\/casa_rincon27-125x125.jpg 125w\" sizes=\"auto, (max-width: 150px) 100vw, 150px\" \/><\/a>\n\t\t\t<\/div>\n\t\t\t\t<figcaption class='wp-caption-text gallery-caption' id='gallery-2-32457'>\n\t\t\t\tCasa Rinc\u00f3n \/ Estudio Galera (\u00a9 Diego Medina)\n\t\t\t\t<\/figcaption><\/figure><figure class='gallery-item'>\n\t\t\t<div class='gallery-icon portrait'>\n\t\t\t\t<a href='https:\/\/www.arquimaster.com.ar\/web\/wp-content\/uploads\/2018\/10\/casa_rincon28.jpg' title=\"Casa Rinc\u00f3n \/ Estudio Galera (\u00a9 Diego Medina)\" data-rl_title=\"Casa Rinc\u00f3n \/ Estudio Galera (\u00a9 Diego Medina)\" class=\"rl-gallery-link\" data-rl_caption=\"Casa Rinc\u00f3n \/ Estudio Galera (\u00a9 Diego Medina)\" data-rel=\"lightbox-gallery-2\"><img loading=\"lazy\" decoding=\"async\" width=\"150\" height=\"150\" src=\"https:\/\/www.arquimaster.com.ar\/web\/wp-content\/uploads\/2018\/10\/casa_rincon28-150x150.jpg\" class=\"attachment-thumbnail size-thumbnail\" alt=\"\" aria-describedby=\"gallery-2-32458\" srcset=\"https:\/\/www.arquimaster.com.ar\/web\/wp-content\/uploads\/2018\/10\/casa_rincon28-150x150.jpg 150w, https:\/\/www.arquimaster.com.ar\/web\/wp-content\/uploads\/2018\/10\/casa_rincon28-50x50.jpg 50w, https:\/\/www.arquimaster.com.ar\/web\/wp-content\/uploads\/2018\/10\/casa_rincon28-125x125.jpg 125w\" sizes=\"auto, (max-width: 150px) 100vw, 150px\" \/><\/a>\n\t\t\t<\/div>\n\t\t\t\t<figcaption class='wp-caption-text gallery-caption' id='gallery-2-32458'>\n\t\t\t\tCasa Rinc\u00f3n \/ Estudio Galera (\u00a9 Diego Medina)\n\t\t\t\t<\/figcaption><\/figure><figure class='gallery-item'>\n\t\t\t<div class='gallery-icon portrait'>\n\t\t\t\t<a href='https:\/\/www.arquimaster.com.ar\/web\/wp-content\/uploads\/2018\/10\/casa_rincon29.jpg' title=\"Casa Rinc\u00f3n \/ Estudio Galera (\u00a9 Diego Medina)\" data-rl_title=\"Casa Rinc\u00f3n \/ Estudio Galera (\u00a9 Diego Medina)\" class=\"rl-gallery-link\" data-rl_caption=\"Casa Rinc\u00f3n \/ Estudio Galera (\u00a9 Diego Medina)\" data-rel=\"lightbox-gallery-2\"><img loading=\"lazy\" decoding=\"async\" width=\"150\" height=\"150\" src=\"https:\/\/www.arquimaster.com.ar\/web\/wp-content\/uploads\/2018\/10\/casa_rincon29-150x150.jpg\" class=\"attachment-thumbnail size-thumbnail\" alt=\"\" aria-describedby=\"gallery-2-32459\" srcset=\"https:\/\/www.arquimaster.com.ar\/web\/wp-content\/uploads\/2018\/10\/casa_rincon29-150x150.jpg 150w, https:\/\/www.arquimaster.com.ar\/web\/wp-content\/uploads\/2018\/10\/casa_rincon29-50x50.jpg 50w, https:\/\/www.arquimaster.com.ar\/web\/wp-content\/uploads\/2018\/10\/casa_rincon29-125x125.jpg 125w\" sizes=\"auto, (max-width: 150px) 100vw, 150px\" \/><\/a>\n\t\t\t<\/div>\n\t\t\t\t<figcaption class='wp-caption-text gallery-caption' id='gallery-2-32459'>\n\t\t\t\tCasa Rinc\u00f3n \/ Estudio Galera (\u00a9 Diego Medina)\n\t\t\t\t<\/figcaption><\/figure><figure class='gallery-item'>\n\t\t\t<div class='gallery-icon landscape'>\n\t\t\t\t<a href='https:\/\/www.arquimaster.com.ar\/web\/wp-content\/uploads\/2018\/10\/casa_rincon30.jpg' title=\"Casa Rinc\u00f3n \/ Estudio Galera (\u00a9 Diego Medina)\" data-rl_title=\"Casa Rinc\u00f3n \/ Estudio Galera (\u00a9 Diego Medina)\" class=\"rl-gallery-link\" data-rl_caption=\"Casa Rinc\u00f3n \/ Estudio Galera (\u00a9 Diego Medina)\" data-rel=\"lightbox-gallery-2\"><img loading=\"lazy\" decoding=\"async\" width=\"150\" height=\"150\" src=\"https:\/\/www.arquimaster.com.ar\/web\/wp-content\/uploads\/2018\/10\/casa_rincon30-150x150.jpg\" class=\"attachment-thumbnail size-thumbnail\" alt=\"\" aria-describedby=\"gallery-2-32460\" srcset=\"https:\/\/www.arquimaster.com.ar\/web\/wp-content\/uploads\/2018\/10\/casa_rincon30-150x150.jpg 150w, https:\/\/www.arquimaster.com.ar\/web\/wp-content\/uploads\/2018\/10\/casa_rincon30-50x50.jpg 50w, https:\/\/www.arquimaster.com.ar\/web\/wp-content\/uploads\/2018\/10\/casa_rincon30-125x125.jpg 125w\" sizes=\"auto, (max-width: 150px) 100vw, 150px\" \/><\/a>\n\t\t\t<\/div>\n\t\t\t\t<figcaption class='wp-caption-text gallery-caption' id='gallery-2-32460'>\n\t\t\t\tCasa Rinc\u00f3n \/ Estudio Galera (\u00a9 Diego Medina)\n\t\t\t\t<\/figcaption><\/figure><figure class='gallery-item'>\n\t\t\t<div class='gallery-icon landscape'>\n\t\t\t\t<a href='https:\/\/www.arquimaster.com.ar\/web\/wp-content\/uploads\/2018\/10\/casa_rincon31.jpg' title=\"Casa Rinc\u00f3n \/ Estudio Galera (\u00a9 Diego Medina)\" data-rl_title=\"Casa Rinc\u00f3n \/ Estudio Galera (\u00a9 Diego Medina)\" class=\"rl-gallery-link\" data-rl_caption=\"Casa Rinc\u00f3n \/ Estudio Galera (\u00a9 Diego Medina)\" data-rel=\"lightbox-gallery-2\"><img loading=\"lazy\" decoding=\"async\" width=\"150\" height=\"150\" src=\"https:\/\/www.arquimaster.com.ar\/web\/wp-content\/uploads\/2018\/10\/casa_rincon31-150x150.jpg\" class=\"attachment-thumbnail size-thumbnail\" alt=\"\" aria-describedby=\"gallery-2-32461\" srcset=\"https:\/\/www.arquimaster.com.ar\/web\/wp-content\/uploads\/2018\/10\/casa_rincon31-150x150.jpg 150w, https:\/\/www.arquimaster.com.ar\/web\/wp-content\/uploads\/2018\/10\/casa_rincon31-50x50.jpg 50w, https:\/\/www.arquimaster.com.ar\/web\/wp-content\/uploads\/2018\/10\/casa_rincon31-125x125.jpg 125w\" sizes=\"auto, (max-width: 150px) 100vw, 150px\" \/><\/a>\n\t\t\t<\/div>\n\t\t\t\t<figcaption class='wp-caption-text gallery-caption' id='gallery-2-32461'>\n\t\t\t\tCasa Rinc\u00f3n \/ Estudio Galera (\u00a9 Diego Medina)\n\t\t\t\t<\/figcaption><\/figure><figure class='gallery-item'>\n\t\t\t<div class='gallery-icon landscape'>\n\t\t\t\t<a href='https:\/\/www.arquimaster.com.ar\/web\/wp-content\/uploads\/2018\/10\/casa_rincon32.jpg' title=\"Casa Rinc\u00f3n \/ Estudio Galera (\u00a9 Diego Medina)\" data-rl_title=\"Casa Rinc\u00f3n \/ Estudio Galera (\u00a9 Diego Medina)\" class=\"rl-gallery-link\" data-rl_caption=\"Casa Rinc\u00f3n \/ Estudio Galera (\u00a9 Diego Medina)\" data-rel=\"lightbox-gallery-2\"><img loading=\"lazy\" decoding=\"async\" width=\"150\" height=\"150\" src=\"https:\/\/www.arquimaster.com.ar\/web\/wp-content\/uploads\/2018\/10\/casa_rincon32-150x150.jpg\" class=\"attachment-thumbnail size-thumbnail\" alt=\"\" aria-describedby=\"gallery-2-32462\" srcset=\"https:\/\/www.arquimaster.com.ar\/web\/wp-content\/uploads\/2018\/10\/casa_rincon32-150x150.jpg 150w, https:\/\/www.arquimaster.com.ar\/web\/wp-content\/uploads\/2018\/10\/casa_rincon32-50x50.jpg 50w, https:\/\/www.arquimaster.com.ar\/web\/wp-content\/uploads\/2018\/10\/casa_rincon32-125x125.jpg 125w\" sizes=\"auto, (max-width: 150px) 100vw, 150px\" \/><\/a>\n\t\t\t<\/div>\n\t\t\t\t<figcaption class='wp-caption-text gallery-caption' id='gallery-2-32462'>\n\t\t\t\tCasa Rinc\u00f3n \/ Estudio Galera (\u00a9 Diego Medina)\n\t\t\t\t<\/figcaption><\/figure><figure class='gallery-item'>\n\t\t\t<div class='gallery-icon landscape'>\n\t\t\t\t<a href='https:\/\/www.arquimaster.com.ar\/web\/wp-content\/uploads\/2018\/10\/casa_rincon33.jpg' title=\"Casa Rinc\u00f3n \/ Estudio Galera (\u00a9 Diego Medina)\" data-rl_title=\"Casa Rinc\u00f3n \/ Estudio Galera (\u00a9 Diego Medina)\" class=\"rl-gallery-link\" data-rl_caption=\"Casa Rinc\u00f3n \/ Estudio Galera (\u00a9 Diego Medina)\" data-rel=\"lightbox-gallery-2\"><img loading=\"lazy\" decoding=\"async\" width=\"150\" height=\"150\" src=\"https:\/\/www.arquimaster.com.ar\/web\/wp-content\/uploads\/2018\/10\/casa_rincon33-150x150.jpg\" class=\"attachment-thumbnail size-thumbnail\" alt=\"\" aria-describedby=\"gallery-2-32463\" srcset=\"https:\/\/www.arquimaster.com.ar\/web\/wp-content\/uploads\/2018\/10\/casa_rincon33-150x150.jpg 150w, https:\/\/www.arquimaster.com.ar\/web\/wp-content\/uploads\/2018\/10\/casa_rincon33-50x50.jpg 50w, https:\/\/www.arquimaster.com.ar\/web\/wp-content\/uploads\/2018\/10\/casa_rincon33-125x125.jpg 125w\" sizes=\"auto, (max-width: 150px) 100vw, 150px\" \/><\/a>\n\t\t\t<\/div>\n\t\t\t\t<figcaption class='wp-caption-text gallery-caption' id='gallery-2-32463'>\n\t\t\t\tCasa Rinc\u00f3n \/ Estudio Galera (\u00a9 Diego Medina)\n\t\t\t\t<\/figcaption><\/figure><figure class='gallery-item'>\n\t\t\t<div class='gallery-icon landscape'>\n\t\t\t\t<a href='https:\/\/www.arquimaster.com.ar\/web\/wp-content\/uploads\/2018\/10\/casa_rincon34.jpg' title=\"Casa Rinc\u00f3n \/ Estudio Galera (\u00a9 Diego Medina)\" data-rl_title=\"Casa Rinc\u00f3n \/ Estudio Galera (\u00a9 Diego Medina)\" class=\"rl-gallery-link\" data-rl_caption=\"Casa Rinc\u00f3n \/ Estudio Galera (\u00a9 Diego Medina)\" data-rel=\"lightbox-gallery-2\"><img loading=\"lazy\" decoding=\"async\" width=\"150\" height=\"150\" src=\"https:\/\/www.arquimaster.com.ar\/web\/wp-content\/uploads\/2018\/10\/casa_rincon34-150x150.jpg\" class=\"attachment-thumbnail size-thumbnail\" alt=\"\" aria-describedby=\"gallery-2-32464\" srcset=\"https:\/\/www.arquimaster.com.ar\/web\/wp-content\/uploads\/2018\/10\/casa_rincon34-150x150.jpg 150w, https:\/\/www.arquimaster.com.ar\/web\/wp-content\/uploads\/2018\/10\/casa_rincon34-50x50.jpg 50w, https:\/\/www.arquimaster.com.ar\/web\/wp-content\/uploads\/2018\/10\/casa_rincon34-125x125.jpg 125w\" sizes=\"auto, (max-width: 150px) 100vw, 150px\" \/><\/a>\n\t\t\t<\/div>\n\t\t\t\t<figcaption class='wp-caption-text gallery-caption' id='gallery-2-32464'>\n\t\t\t\tCasa Rinc\u00f3n \/ Estudio Galera (\u00a9 Diego Medina)\n\t\t\t\t<\/figcaption><\/figure><figure class='gallery-item'>\n\t\t\t<div class='gallery-icon landscape'>\n\t\t\t\t<a href='https:\/\/www.arquimaster.com.ar\/web\/wp-content\/uploads\/2018\/10\/casa_rincon35.jpg' title=\"Casa Rinc\u00f3n \/ Estudio Galera (\u00a9 Diego Medina)\" data-rl_title=\"Casa Rinc\u00f3n \/ Estudio Galera (\u00a9 Diego Medina)\" class=\"rl-gallery-link\" data-rl_caption=\"Casa Rinc\u00f3n \/ Estudio Galera (\u00a9 Diego Medina)\" data-rel=\"lightbox-gallery-2\"><img loading=\"lazy\" decoding=\"async\" width=\"150\" height=\"150\" src=\"https:\/\/www.arquimaster.com.ar\/web\/wp-content\/uploads\/2018\/10\/casa_rincon35-150x150.jpg\" class=\"attachment-thumbnail size-thumbnail\" alt=\"\" aria-describedby=\"gallery-2-32465\" srcset=\"https:\/\/www.arquimaster.com.ar\/web\/wp-content\/uploads\/2018\/10\/casa_rincon35-150x150.jpg 150w, https:\/\/www.arquimaster.com.ar\/web\/wp-content\/uploads\/2018\/10\/casa_rincon35-50x50.jpg 50w, https:\/\/www.arquimaster.com.ar\/web\/wp-content\/uploads\/2018\/10\/casa_rincon35-125x125.jpg 125w\" sizes=\"auto, (max-width: 150px) 100vw, 150px\" \/><\/a>\n\t\t\t<\/div>\n\t\t\t\t<figcaption class='wp-caption-text gallery-caption' id='gallery-2-32465'>\n\t\t\t\tCasa Rinc\u00f3n \/ Estudio Galera (\u00a9 Diego Medina)\n\t\t\t\t<\/figcaption><\/figure><figure class='gallery-item'>\n\t\t\t<div class='gallery-icon landscape'>\n\t\t\t\t<a href='https:\/\/www.arquimaster.com.ar\/web\/wp-content\/uploads\/2018\/10\/casa_rincon36.jpg' title=\"Casa Rinc\u00f3n \/ Estudio Galera (\u00a9 Diego Medina)\" data-rl_title=\"Casa Rinc\u00f3n \/ Estudio Galera (\u00a9 Diego Medina)\" class=\"rl-gallery-link\" data-rl_caption=\"Casa Rinc\u00f3n \/ Estudio Galera (\u00a9 Diego Medina)\" data-rel=\"lightbox-gallery-2\"><img loading=\"lazy\" decoding=\"async\" width=\"150\" height=\"150\" src=\"https:\/\/www.arquimaster.com.ar\/web\/wp-content\/uploads\/2018\/10\/casa_rincon36-150x150.jpg\" class=\"attachment-thumbnail size-thumbnail\" alt=\"\" aria-describedby=\"gallery-2-32466\" srcset=\"https:\/\/www.arquimaster.com.ar\/web\/wp-content\/uploads\/2018\/10\/casa_rincon36-150x150.jpg 150w, https:\/\/www.arquimaster.com.ar\/web\/wp-content\/uploads\/2018\/10\/casa_rincon36-50x50.jpg 50w, https:\/\/www.arquimaster.com.ar\/web\/wp-content\/uploads\/2018\/10\/casa_rincon36-125x125.jpg 125w\" sizes=\"auto, (max-width: 150px) 100vw, 150px\" \/><\/a>\n\t\t\t<\/div>\n\t\t\t\t<figcaption class='wp-caption-text gallery-caption' id='gallery-2-32466'>\n\t\t\t\tCasa Rinc\u00f3n \/ Estudio Galera (\u00a9 Diego Medina)\n\t\t\t\t<\/figcaption><\/figure>\n\t\t<\/div>\n\n<p><strong>El espacio no construido como espacio central del proyecto<\/strong><br \/>\nLa impronta de la casa en el lote, permite recortar porciones del terreno entre ambas alas, permitiendo un espacio acotado de apropiaci\u00f3n del lote al contrafrente, asi como la contenci\u00f3n del acceso principal.<\/p>\n<p>Tanto en la vivienda individual como en su concepci\u00f3n de conjunto, se entiende como dato importante de proyecto el espacio en el contrafrente, se trata de un parque con arboles a\u00f1ejos, extra\u00f1o para un entorno de medanos, se plantea dejar ese lugar en estado natural como \u00abel lugar protegido\u00bb para el ocio. La vivienda por forma e implantaci\u00f3n clausura las vistas desde las dos calles.<\/p>\n<div id='gallery-3' class='gallery galleryid-32429 gallery-columns-3 gallery-size-thumbnail'><figure class='gallery-item'>\n\t\t\t<div class='gallery-icon portrait'>\n\t\t\t\t<a href='https:\/\/www.arquimaster.com.ar\/web\/wp-content\/uploads\/2018\/10\/casa_rincon37.jpg' title=\"Casa Rinc\u00f3n \/ Estudio Galera (\u00a9 Diego Medina)\" data-rl_title=\"Casa Rinc\u00f3n \/ Estudio Galera (\u00a9 Diego Medina)\" class=\"rl-gallery-link\" data-rl_caption=\"Casa Rinc\u00f3n \/ Estudio Galera (\u00a9 Diego Medina)\" data-rel=\"lightbox-gallery-3\"><img loading=\"lazy\" decoding=\"async\" width=\"150\" height=\"150\" src=\"https:\/\/www.arquimaster.com.ar\/web\/wp-content\/uploads\/2018\/10\/casa_rincon37-150x150.jpg\" class=\"attachment-thumbnail size-thumbnail\" alt=\"\" aria-describedby=\"gallery-3-32467\" srcset=\"https:\/\/www.arquimaster.com.ar\/web\/wp-content\/uploads\/2018\/10\/casa_rincon37-150x150.jpg 150w, https:\/\/www.arquimaster.com.ar\/web\/wp-content\/uploads\/2018\/10\/casa_rincon37-50x50.jpg 50w, https:\/\/www.arquimaster.com.ar\/web\/wp-content\/uploads\/2018\/10\/casa_rincon37-125x125.jpg 125w\" sizes=\"auto, (max-width: 150px) 100vw, 150px\" \/><\/a>\n\t\t\t<\/div>\n\t\t\t\t<figcaption class='wp-caption-text gallery-caption' id='gallery-3-32467'>\n\t\t\t\tCasa Rinc\u00f3n \/ Estudio Galera (\u00a9 Diego Medina)\n\t\t\t\t<\/figcaption><\/figure><figure class='gallery-item'>\n\t\t\t<div class='gallery-icon landscape'>\n\t\t\t\t<a href='https:\/\/www.arquimaster.com.ar\/web\/wp-content\/uploads\/2018\/10\/casa_rincon38.jpg' title=\"Casa Rinc\u00f3n \/ Estudio Galera (\u00a9 Diego Medina)\" data-rl_title=\"Casa Rinc\u00f3n \/ Estudio Galera (\u00a9 Diego Medina)\" class=\"rl-gallery-link\" data-rl_caption=\"Casa Rinc\u00f3n \/ Estudio Galera (\u00a9 Diego Medina)\" data-rel=\"lightbox-gallery-3\"><img loading=\"lazy\" decoding=\"async\" width=\"150\" height=\"150\" src=\"https:\/\/www.arquimaster.com.ar\/web\/wp-content\/uploads\/2018\/10\/casa_rincon38-150x150.jpg\" class=\"attachment-thumbnail size-thumbnail\" alt=\"\" aria-describedby=\"gallery-3-32468\" srcset=\"https:\/\/www.arquimaster.com.ar\/web\/wp-content\/uploads\/2018\/10\/casa_rincon38-150x150.jpg 150w, https:\/\/www.arquimaster.com.ar\/web\/wp-content\/uploads\/2018\/10\/casa_rincon38-50x50.jpg 50w, https:\/\/www.arquimaster.com.ar\/web\/wp-content\/uploads\/2018\/10\/casa_rincon38-125x125.jpg 125w\" sizes=\"auto, (max-width: 150px) 100vw, 150px\" \/><\/a>\n\t\t\t<\/div>\n\t\t\t\t<figcaption class='wp-caption-text gallery-caption' id='gallery-3-32468'>\n\t\t\t\tCasa Rinc\u00f3n \/ Estudio Galera (\u00a9 Diego Medina)\n\t\t\t\t<\/figcaption><\/figure><figure class='gallery-item'>\n\t\t\t<div class='gallery-icon landscape'>\n\t\t\t\t<a href='https:\/\/www.arquimaster.com.ar\/web\/wp-content\/uploads\/2018\/10\/casa_rincon39.jpg' title=\"Casa Rinc\u00f3n \/ Estudio Galera (\u00a9 Diego Medina)\" data-rl_title=\"Casa Rinc\u00f3n \/ Estudio Galera (\u00a9 Diego Medina)\" class=\"rl-gallery-link\" data-rl_caption=\"Casa Rinc\u00f3n \/ Estudio Galera (\u00a9 Diego Medina)\" data-rel=\"lightbox-gallery-3\"><img loading=\"lazy\" decoding=\"async\" width=\"150\" height=\"150\" src=\"https:\/\/www.arquimaster.com.ar\/web\/wp-content\/uploads\/2018\/10\/casa_rincon39-150x150.jpg\" class=\"attachment-thumbnail size-thumbnail\" alt=\"\" aria-describedby=\"gallery-3-32469\" srcset=\"https:\/\/www.arquimaster.com.ar\/web\/wp-content\/uploads\/2018\/10\/casa_rincon39-150x150.jpg 150w, https:\/\/www.arquimaster.com.ar\/web\/wp-content\/uploads\/2018\/10\/casa_rincon39-50x50.jpg 50w, https:\/\/www.arquimaster.com.ar\/web\/wp-content\/uploads\/2018\/10\/casa_rincon39-125x125.jpg 125w\" sizes=\"auto, (max-width: 150px) 100vw, 150px\" \/><\/a>\n\t\t\t<\/div>\n\t\t\t\t<figcaption class='wp-caption-text gallery-caption' id='gallery-3-32469'>\n\t\t\t\tCasa Rinc\u00f3n \/ Estudio Galera (\u00a9 Diego Medina)\n\t\t\t\t<\/figcaption><\/figure><figure class='gallery-item'>\n\t\t\t<div class='gallery-icon portrait'>\n\t\t\t\t<a href='https:\/\/www.arquimaster.com.ar\/web\/wp-content\/uploads\/2018\/10\/casa_rincon40.jpg' title=\"Casa Rinc\u00f3n \/ Estudio Galera (\u00a9 Diego Medina)\" data-rl_title=\"Casa Rinc\u00f3n \/ Estudio Galera (\u00a9 Diego Medina)\" class=\"rl-gallery-link\" data-rl_caption=\"Casa Rinc\u00f3n \/ Estudio Galera (\u00a9 Diego Medina)\" data-rel=\"lightbox-gallery-3\"><img loading=\"lazy\" decoding=\"async\" width=\"150\" height=\"150\" src=\"https:\/\/www.arquimaster.com.ar\/web\/wp-content\/uploads\/2018\/10\/casa_rincon40-150x150.jpg\" class=\"attachment-thumbnail size-thumbnail\" alt=\"\" aria-describedby=\"gallery-3-32470\" srcset=\"https:\/\/www.arquimaster.com.ar\/web\/wp-content\/uploads\/2018\/10\/casa_rincon40-150x150.jpg 150w, https:\/\/www.arquimaster.com.ar\/web\/wp-content\/uploads\/2018\/10\/casa_rincon40-50x50.jpg 50w, https:\/\/www.arquimaster.com.ar\/web\/wp-content\/uploads\/2018\/10\/casa_rincon40-125x125.jpg 125w\" sizes=\"auto, (max-width: 150px) 100vw, 150px\" \/><\/a>\n\t\t\t<\/div>\n\t\t\t\t<figcaption class='wp-caption-text gallery-caption' id='gallery-3-32470'>\n\t\t\t\tCasa Rinc\u00f3n \/ Estudio Galera (\u00a9 Diego Medina)\n\t\t\t\t<\/figcaption><\/figure><figure class='gallery-item'>\n\t\t\t<div class='gallery-icon landscape'>\n\t\t\t\t<a href='https:\/\/www.arquimaster.com.ar\/web\/wp-content\/uploads\/2018\/10\/casa_rincon41.jpg' title=\"Casa Rinc\u00f3n \/ Estudio Galera (\u00a9 Diego Medina)\" data-rl_title=\"Casa Rinc\u00f3n \/ Estudio Galera (\u00a9 Diego Medina)\" class=\"rl-gallery-link\" data-rl_caption=\"Casa Rinc\u00f3n \/ Estudio Galera (\u00a9 Diego Medina)\" data-rel=\"lightbox-gallery-3\"><img loading=\"lazy\" decoding=\"async\" width=\"150\" height=\"150\" src=\"https:\/\/www.arquimaster.com.ar\/web\/wp-content\/uploads\/2018\/10\/casa_rincon41-150x150.jpg\" class=\"attachment-thumbnail size-thumbnail\" alt=\"\" aria-describedby=\"gallery-3-32471\" srcset=\"https:\/\/www.arquimaster.com.ar\/web\/wp-content\/uploads\/2018\/10\/casa_rincon41-150x150.jpg 150w, https:\/\/www.arquimaster.com.ar\/web\/wp-content\/uploads\/2018\/10\/casa_rincon41-50x50.jpg 50w, https:\/\/www.arquimaster.com.ar\/web\/wp-content\/uploads\/2018\/10\/casa_rincon41-125x125.jpg 125w\" sizes=\"auto, (max-width: 150px) 100vw, 150px\" \/><\/a>\n\t\t\t<\/div>\n\t\t\t\t<figcaption class='wp-caption-text gallery-caption' id='gallery-3-32471'>\n\t\t\t\tCasa Rinc\u00f3n \/ Estudio Galera (\u00a9 Diego Medina)\n\t\t\t\t<\/figcaption><\/figure><figure class='gallery-item'>\n\t\t\t<div class='gallery-icon landscape'>\n\t\t\t\t<a href='https:\/\/www.arquimaster.com.ar\/web\/wp-content\/uploads\/2018\/10\/casa_rincon42.jpg' title=\"Casa Rinc\u00f3n \/ Estudio Galera (\u00a9 Diego Medina)\" data-rl_title=\"Casa Rinc\u00f3n \/ Estudio Galera (\u00a9 Diego Medina)\" class=\"rl-gallery-link\" data-rl_caption=\"Casa Rinc\u00f3n \/ Estudio Galera (\u00a9 Diego Medina)\" data-rel=\"lightbox-gallery-3\"><img loading=\"lazy\" decoding=\"async\" width=\"150\" height=\"150\" src=\"https:\/\/www.arquimaster.com.ar\/web\/wp-content\/uploads\/2018\/10\/casa_rincon42-150x150.jpg\" class=\"attachment-thumbnail size-thumbnail\" alt=\"\" aria-describedby=\"gallery-3-32472\" srcset=\"https:\/\/www.arquimaster.com.ar\/web\/wp-content\/uploads\/2018\/10\/casa_rincon42-150x150.jpg 150w, https:\/\/www.arquimaster.com.ar\/web\/wp-content\/uploads\/2018\/10\/casa_rincon42-50x50.jpg 50w, https:\/\/www.arquimaster.com.ar\/web\/wp-content\/uploads\/2018\/10\/casa_rincon42-125x125.jpg 125w\" sizes=\"auto, (max-width: 150px) 100vw, 150px\" \/><\/a>\n\t\t\t<\/div>\n\t\t\t\t<figcaption class='wp-caption-text gallery-caption' id='gallery-3-32472'>\n\t\t\t\tCasa Rinc\u00f3n \/ Estudio Galera (\u00a9 Diego Medina)\n\t\t\t\t<\/figcaption><\/figure><figure class='gallery-item'>\n\t\t\t<div class='gallery-icon portrait'>\n\t\t\t\t<a href='https:\/\/www.arquimaster.com.ar\/web\/wp-content\/uploads\/2018\/10\/casa_rincon43.jpg' title=\"Casa Rinc\u00f3n \/ Estudio Galera (planta baja)\" data-rl_title=\"Casa Rinc\u00f3n \/ Estudio Galera (planta baja)\" class=\"rl-gallery-link\" data-rl_caption=\"Casa Rinc\u00f3n \/ Estudio Galera (planta baja)\" data-rel=\"lightbox-gallery-3\"><img loading=\"lazy\" decoding=\"async\" width=\"150\" height=\"150\" src=\"https:\/\/www.arquimaster.com.ar\/web\/wp-content\/uploads\/2018\/10\/casa_rincon43-150x150.jpg\" class=\"attachment-thumbnail size-thumbnail\" alt=\"\" aria-describedby=\"gallery-3-32473\" srcset=\"https:\/\/www.arquimaster.com.ar\/web\/wp-content\/uploads\/2018\/10\/casa_rincon43-150x150.jpg 150w, https:\/\/www.arquimaster.com.ar\/web\/wp-content\/uploads\/2018\/10\/casa_rincon43-50x50.jpg 50w, https:\/\/www.arquimaster.com.ar\/web\/wp-content\/uploads\/2018\/10\/casa_rincon43-125x125.jpg 125w\" sizes=\"auto, (max-width: 150px) 100vw, 150px\" \/><\/a>\n\t\t\t<\/div>\n\t\t\t\t<figcaption class='wp-caption-text gallery-caption' id='gallery-3-32473'>\n\t\t\t\tCasa Rinc\u00f3n \/ Estudio Galera (planta baja)\n\t\t\t\t<\/figcaption><\/figure><figure class='gallery-item'>\n\t\t\t<div class='gallery-icon portrait'>\n\t\t\t\t<a href='https:\/\/www.arquimaster.com.ar\/web\/wp-content\/uploads\/2018\/10\/casa_rincon44.jpg' title=\"Casa Rinc\u00f3n \/ Estudio Galera (planta de techos)\" data-rl_title=\"Casa Rinc\u00f3n \/ Estudio Galera (planta de techos)\" class=\"rl-gallery-link\" data-rl_caption=\"Casa Rinc\u00f3n \/ Estudio Galera (planta de techos)\" data-rel=\"lightbox-gallery-3\"><img loading=\"lazy\" decoding=\"async\" width=\"150\" height=\"150\" src=\"https:\/\/www.arquimaster.com.ar\/web\/wp-content\/uploads\/2018\/10\/casa_rincon44-150x150.jpg\" class=\"attachment-thumbnail size-thumbnail\" alt=\"\" aria-describedby=\"gallery-3-32474\" srcset=\"https:\/\/www.arquimaster.com.ar\/web\/wp-content\/uploads\/2018\/10\/casa_rincon44-150x150.jpg 150w, https:\/\/www.arquimaster.com.ar\/web\/wp-content\/uploads\/2018\/10\/casa_rincon44-50x50.jpg 50w, https:\/\/www.arquimaster.com.ar\/web\/wp-content\/uploads\/2018\/10\/casa_rincon44-125x125.jpg 125w\" sizes=\"auto, (max-width: 150px) 100vw, 150px\" \/><\/a>\n\t\t\t<\/div>\n\t\t\t\t<figcaption class='wp-caption-text gallery-caption' id='gallery-3-32474'>\n\t\t\t\tCasa Rinc\u00f3n \/ Estudio Galera (planta de techos)\n\t\t\t\t<\/figcaption><\/figure><figure class='gallery-item'>\n\t\t\t<div class='gallery-icon landscape'>\n\t\t\t\t<a href='https:\/\/www.arquimaster.com.ar\/web\/wp-content\/uploads\/2018\/10\/casa_rincon45.jpg' title=\"Casa Rinc\u00f3n \/ Estudio Galera (corte)\" data-rl_title=\"Casa Rinc\u00f3n \/ Estudio Galera (corte)\" class=\"rl-gallery-link\" data-rl_caption=\"Casa Rinc\u00f3n \/ Estudio Galera (corte)\" data-rel=\"lightbox-gallery-3\"><img loading=\"lazy\" decoding=\"async\" width=\"150\" height=\"150\" src=\"https:\/\/www.arquimaster.com.ar\/web\/wp-content\/uploads\/2018\/10\/casa_rincon45-150x150.jpg\" class=\"attachment-thumbnail size-thumbnail\" alt=\"\" aria-describedby=\"gallery-3-32475\" srcset=\"https:\/\/www.arquimaster.com.ar\/web\/wp-content\/uploads\/2018\/10\/casa_rincon45-150x150.jpg 150w, https:\/\/www.arquimaster.com.ar\/web\/wp-content\/uploads\/2018\/10\/casa_rincon45-50x50.jpg 50w, https:\/\/www.arquimaster.com.ar\/web\/wp-content\/uploads\/2018\/10\/casa_rincon45-125x125.jpg 125w\" sizes=\"auto, (max-width: 150px) 100vw, 150px\" \/><\/a>\n\t\t\t<\/div>\n\t\t\t\t<figcaption class='wp-caption-text gallery-caption' id='gallery-3-32475'>\n\t\t\t\tCasa Rinc\u00f3n \/ Estudio Galera (corte)\n\t\t\t\t<\/figcaption><\/figure><figure class='gallery-item'>\n\t\t\t<div class='gallery-icon landscape'>\n\t\t\t\t<a href='https:\/\/www.arquimaster.com.ar\/web\/wp-content\/uploads\/2018\/10\/casa_rincon46.jpg' title=\"Casa Rinc\u00f3n \/ Estudio Galera (vista)\" data-rl_title=\"Casa Rinc\u00f3n \/ Estudio Galera (vista)\" class=\"rl-gallery-link\" data-rl_caption=\"Casa Rinc\u00f3n \/ Estudio Galera (vista)\" data-rel=\"lightbox-gallery-3\"><img loading=\"lazy\" decoding=\"async\" width=\"150\" height=\"150\" src=\"https:\/\/www.arquimaster.com.ar\/web\/wp-content\/uploads\/2018\/10\/casa_rincon46-150x150.jpg\" class=\"attachment-thumbnail size-thumbnail\" alt=\"\" aria-describedby=\"gallery-3-32476\" srcset=\"https:\/\/www.arquimaster.com.ar\/web\/wp-content\/uploads\/2018\/10\/casa_rincon46-150x150.jpg 150w, https:\/\/www.arquimaster.com.ar\/web\/wp-content\/uploads\/2018\/10\/casa_rincon46-50x50.jpg 50w, https:\/\/www.arquimaster.com.ar\/web\/wp-content\/uploads\/2018\/10\/casa_rincon46-125x125.jpg 125w\" sizes=\"auto, (max-width: 150px) 100vw, 150px\" \/><\/a>\n\t\t\t<\/div>\n\t\t\t\t<figcaption class='wp-caption-text gallery-caption' id='gallery-3-32476'>\n\t\t\t\tCasa Rinc\u00f3n \/ Estudio Galera (vista)\n\t\t\t\t<\/figcaption><\/figure><figure class='gallery-item'>\n\t\t\t<div class='gallery-icon landscape'>\n\t\t\t\t<a href='https:\/\/www.arquimaster.com.ar\/web\/wp-content\/uploads\/2018\/10\/casa_rincon47.jpg' title=\"Casa Rinc\u00f3n \/ Estudio Galera (vista)\" data-rl_title=\"Casa Rinc\u00f3n \/ Estudio Galera (vista)\" class=\"rl-gallery-link\" data-rl_caption=\"Casa Rinc\u00f3n \/ Estudio Galera (vista)\" data-rel=\"lightbox-gallery-3\"><img loading=\"lazy\" decoding=\"async\" width=\"150\" height=\"150\" src=\"https:\/\/www.arquimaster.com.ar\/web\/wp-content\/uploads\/2018\/10\/casa_rincon47-150x150.jpg\" class=\"attachment-thumbnail size-thumbnail\" alt=\"\" aria-describedby=\"gallery-3-32477\" srcset=\"https:\/\/www.arquimaster.com.ar\/web\/wp-content\/uploads\/2018\/10\/casa_rincon47-150x150.jpg 150w, https:\/\/www.arquimaster.com.ar\/web\/wp-content\/uploads\/2018\/10\/casa_rincon47-50x50.jpg 50w, https:\/\/www.arquimaster.com.ar\/web\/wp-content\/uploads\/2018\/10\/casa_rincon47-125x125.jpg 125w\" sizes=\"auto, (max-width: 150px) 100vw, 150px\" \/><\/a>\n\t\t\t<\/div>\n\t\t\t\t<figcaption class='wp-caption-text gallery-caption' id='gallery-3-32477'>\n\t\t\t\tCasa Rinc\u00f3n \/ Estudio Galera (vista)\n\t\t\t\t<\/figcaption><\/figure><figure class='gallery-item'>\n\t\t\t<div class='gallery-icon landscape'>\n\t\t\t\t<a href='https:\/\/www.arquimaster.com.ar\/web\/wp-content\/uploads\/2018\/10\/casa_rincon48.jpg' title=\"Casa Rinc\u00f3n \/ Estudio Galera (esquema)\" data-rl_title=\"Casa Rinc\u00f3n \/ Estudio Galera (esquema)\" class=\"rl-gallery-link\" data-rl_caption=\"Casa Rinc\u00f3n \/ Estudio Galera (esquema)\" data-rel=\"lightbox-gallery-3\"><img loading=\"lazy\" decoding=\"async\" width=\"150\" height=\"150\" src=\"https:\/\/www.arquimaster.com.ar\/web\/wp-content\/uploads\/2018\/10\/casa_rincon48-150x150.jpg\" class=\"attachment-thumbnail size-thumbnail\" alt=\"\" aria-describedby=\"gallery-3-32478\" srcset=\"https:\/\/www.arquimaster.com.ar\/web\/wp-content\/uploads\/2018\/10\/casa_rincon48-150x150.jpg 150w, https:\/\/www.arquimaster.com.ar\/web\/wp-content\/uploads\/2018\/10\/casa_rincon48-50x50.jpg 50w, https:\/\/www.arquimaster.com.ar\/web\/wp-content\/uploads\/2018\/10\/casa_rincon48-125x125.jpg 125w\" sizes=\"auto, (max-width: 150px) 100vw, 150px\" \/><\/a>\n\t\t\t<\/div>\n\t\t\t\t<figcaption class='wp-caption-text gallery-caption' id='gallery-3-32478'>\n\t\t\t\tCasa Rinc\u00f3n \/ Estudio Galera (esquema)\n\t\t\t\t<\/figcaption><\/figure><figure class='gallery-item'>\n\t\t\t<div class='gallery-icon landscape'>\n\t\t\t\t<a href='https:\/\/www.arquimaster.com.ar\/web\/wp-content\/uploads\/2018\/10\/casa_rincon49.jpg' title=\"Casa Rinc\u00f3n \/ Estudio Galera (esquema)\" data-rl_title=\"Casa Rinc\u00f3n \/ Estudio Galera (esquema)\" class=\"rl-gallery-link\" data-rl_caption=\"Casa Rinc\u00f3n \/ Estudio Galera (esquema)\" data-rel=\"lightbox-gallery-3\"><img loading=\"lazy\" decoding=\"async\" width=\"150\" height=\"150\" src=\"https:\/\/www.arquimaster.com.ar\/web\/wp-content\/uploads\/2018\/10\/casa_rincon49-150x150.jpg\" class=\"attachment-thumbnail size-thumbnail\" alt=\"\" aria-describedby=\"gallery-3-32479\" srcset=\"https:\/\/www.arquimaster.com.ar\/web\/wp-content\/uploads\/2018\/10\/casa_rincon49-150x150.jpg 150w, https:\/\/www.arquimaster.com.ar\/web\/wp-content\/uploads\/2018\/10\/casa_rincon49-50x50.jpg 50w, https:\/\/www.arquimaster.com.ar\/web\/wp-content\/uploads\/2018\/10\/casa_rincon49-125x125.jpg 125w\" sizes=\"auto, (max-width: 150px) 100vw, 150px\" \/><\/a>\n\t\t\t<\/div>\n\t\t\t\t<figcaption class='wp-caption-text gallery-caption' id='gallery-3-32479'>\n\t\t\t\tCasa Rinc\u00f3n \/ Estudio Galera (esquema)\n\t\t\t\t<\/figcaption><\/figure><figure class='gallery-item'>\n\t\t\t<div class='gallery-icon landscape'>\n\t\t\t\t<a href='https:\/\/www.arquimaster.com.ar\/web\/wp-content\/uploads\/2018\/10\/casa_rincon50.jpg' title=\"Casa Rinc\u00f3n \/ Estudio Galera (esquema)\" data-rl_title=\"Casa Rinc\u00f3n \/ Estudio Galera (esquema)\" class=\"rl-gallery-link\" data-rl_caption=\"Casa Rinc\u00f3n \/ Estudio Galera (esquema)\" data-rel=\"lightbox-gallery-3\"><img loading=\"lazy\" decoding=\"async\" width=\"150\" height=\"150\" src=\"https:\/\/www.arquimaster.com.ar\/web\/wp-content\/uploads\/2018\/10\/casa_rincon50-150x150.jpg\" class=\"attachment-thumbnail size-thumbnail\" alt=\"\" aria-describedby=\"gallery-3-32480\" srcset=\"https:\/\/www.arquimaster.com.ar\/web\/wp-content\/uploads\/2018\/10\/casa_rincon50-150x150.jpg 150w, https:\/\/www.arquimaster.com.ar\/web\/wp-content\/uploads\/2018\/10\/casa_rincon50-50x50.jpg 50w, https:\/\/www.arquimaster.com.ar\/web\/wp-content\/uploads\/2018\/10\/casa_rincon50-125x125.jpg 125w\" sizes=\"auto, (max-width: 150px) 100vw, 150px\" \/><\/a>\n\t\t\t<\/div>\n\t\t\t\t<figcaption class='wp-caption-text gallery-caption' id='gallery-3-32480'>\n\t\t\t\tCasa Rinc\u00f3n \/ Estudio Galera (esquema)\n\t\t\t\t<\/figcaption><\/figure><figure class='gallery-item'>\n\t\t\t<div class='gallery-icon landscape'>\n\t\t\t\t<a href='https:\/\/www.arquimaster.com.ar\/web\/wp-content\/uploads\/2018\/10\/casa_rincon51.jpg' title=\"Casa Rinc\u00f3n \/ Estudio Galera (esquema)\" data-rl_title=\"Casa Rinc\u00f3n \/ Estudio Galera (esquema)\" class=\"rl-gallery-link\" data-rl_caption=\"Casa Rinc\u00f3n \/ Estudio Galera (esquema)\" data-rel=\"lightbox-gallery-3\"><img loading=\"lazy\" decoding=\"async\" width=\"150\" height=\"150\" src=\"https:\/\/www.arquimaster.com.ar\/web\/wp-content\/uploads\/2018\/10\/casa_rincon51-150x150.jpg\" class=\"attachment-thumbnail size-thumbnail\" alt=\"\" aria-describedby=\"gallery-3-32481\" srcset=\"https:\/\/www.arquimaster.com.ar\/web\/wp-content\/uploads\/2018\/10\/casa_rincon51-150x150.jpg 150w, https:\/\/www.arquimaster.com.ar\/web\/wp-content\/uploads\/2018\/10\/casa_rincon51-50x50.jpg 50w, https:\/\/www.arquimaster.com.ar\/web\/wp-content\/uploads\/2018\/10\/casa_rincon51-125x125.jpg 125w\" sizes=\"auto, (max-width: 150px) 100vw, 150px\" \/><\/a>\n\t\t\t<\/div>\n\t\t\t\t<figcaption class='wp-caption-text gallery-caption' id='gallery-3-32481'>\n\t\t\t\tCasa Rinc\u00f3n \/ Estudio Galera (esquema)\n\t\t\t\t<\/figcaption><\/figure><figure class='gallery-item'>\n\t\t\t<div class='gallery-icon landscape'>\n\t\t\t\t<a href='https:\/\/www.arquimaster.com.ar\/web\/wp-content\/uploads\/2018\/10\/casa_rincon52.jpg' title=\"Casa Rinc\u00f3n \/ Estudio Galera (esquema)\" data-rl_title=\"Casa Rinc\u00f3n \/ Estudio Galera (esquema)\" class=\"rl-gallery-link\" data-rl_caption=\"Casa Rinc\u00f3n \/ Estudio Galera (esquema)\" data-rel=\"lightbox-gallery-3\"><img loading=\"lazy\" decoding=\"async\" width=\"150\" height=\"150\" src=\"https:\/\/www.arquimaster.com.ar\/web\/wp-content\/uploads\/2018\/10\/casa_rincon52-150x150.jpg\" class=\"attachment-thumbnail size-thumbnail\" alt=\"\" aria-describedby=\"gallery-3-32482\" srcset=\"https:\/\/www.arquimaster.com.ar\/web\/wp-content\/uploads\/2018\/10\/casa_rincon52-150x150.jpg 150w, https:\/\/www.arquimaster.com.ar\/web\/wp-content\/uploads\/2018\/10\/casa_rincon52-50x50.jpg 50w, https:\/\/www.arquimaster.com.ar\/web\/wp-content\/uploads\/2018\/10\/casa_rincon52-125x125.jpg 125w\" sizes=\"auto, (max-width: 150px) 100vw, 150px\" \/><\/a>\n\t\t\t<\/div>\n\t\t\t\t<figcaption class='wp-caption-text gallery-caption' id='gallery-3-32482'>\n\t\t\t\tCasa Rinc\u00f3n \/ Estudio Galera (esquema)\n\t\t\t\t<\/figcaption><\/figure><figure class='gallery-item'>\n\t\t\t<div class='gallery-icon landscape'>\n\t\t\t\t<a href='https:\/\/www.arquimaster.com.ar\/web\/wp-content\/uploads\/2018\/10\/casa_rincon53.jpg' title=\"Casa Rinc\u00f3n \/ Estudio Galera (esquema)\" data-rl_title=\"Casa Rinc\u00f3n \/ Estudio Galera (esquema)\" class=\"rl-gallery-link\" data-rl_caption=\"Casa Rinc\u00f3n \/ Estudio Galera (esquema)\" data-rel=\"lightbox-gallery-3\"><img loading=\"lazy\" decoding=\"async\" width=\"150\" height=\"150\" src=\"https:\/\/www.arquimaster.com.ar\/web\/wp-content\/uploads\/2018\/10\/casa_rincon53-150x150.jpg\" class=\"attachment-thumbnail size-thumbnail\" alt=\"\" aria-describedby=\"gallery-3-32483\" srcset=\"https:\/\/www.arquimaster.com.ar\/web\/wp-content\/uploads\/2018\/10\/casa_rincon53-150x150.jpg 150w, https:\/\/www.arquimaster.com.ar\/web\/wp-content\/uploads\/2018\/10\/casa_rincon53-50x50.jpg 50w, https:\/\/www.arquimaster.com.ar\/web\/wp-content\/uploads\/2018\/10\/casa_rincon53-125x125.jpg 125w\" sizes=\"auto, (max-width: 150px) 100vw, 150px\" \/><\/a>\n\t\t\t<\/div>\n\t\t\t\t<figcaption class='wp-caption-text gallery-caption' id='gallery-3-32483'>\n\t\t\t\tCasa Rinc\u00f3n \/ Estudio Galera (esquema)\n\t\t\t\t<\/figcaption><\/figure><figure class='gallery-item'>\n\t\t\t<div class='gallery-icon landscape'>\n\t\t\t\t<a href='https:\/\/www.arquimaster.com.ar\/web\/wp-content\/uploads\/2018\/10\/casa_rincon54.jpg' title=\"Casa Rinc\u00f3n \/ Estudio Galera (proyectistas)\" data-rl_title=\"Casa Rinc\u00f3n \/ Estudio Galera (proyectistas)\" class=\"rl-gallery-link\" data-rl_caption=\"Casa Rinc\u00f3n \/ Estudio Galera (proyectistas)\" data-rel=\"lightbox-gallery-3\"><img loading=\"lazy\" decoding=\"async\" width=\"150\" height=\"150\" src=\"https:\/\/www.arquimaster.com.ar\/web\/wp-content\/uploads\/2018\/10\/casa_rincon54-150x150.jpg\" class=\"attachment-thumbnail size-thumbnail\" alt=\"\" aria-describedby=\"gallery-3-32484\" srcset=\"https:\/\/www.arquimaster.com.ar\/web\/wp-content\/uploads\/2018\/10\/casa_rincon54-150x150.jpg 150w, https:\/\/www.arquimaster.com.ar\/web\/wp-content\/uploads\/2018\/10\/casa_rincon54-50x50.jpg 50w, https:\/\/www.arquimaster.com.ar\/web\/wp-content\/uploads\/2018\/10\/casa_rincon54-125x125.jpg 125w\" sizes=\"auto, (max-width: 150px) 100vw, 150px\" \/><\/a>\n\t\t\t<\/div>\n\t\t\t\t<figcaption class='wp-caption-text gallery-caption' id='gallery-3-32484'>\n\t\t\t\tCasa Rinc\u00f3n \/ Estudio Galera (proyectistas)\n\t\t\t\t<\/figcaption><\/figure>\n\t\t<\/div>\n\n<p><strong>La casa como un contraste entre naturaleza y artificio tanto desde lo crom\u00e1tico como desde lo formal<\/strong><br \/>\nLa vivienda se despega del entorno permitiendo un dinamismo a nivel perceptual, mientras evita el deterioro de la mamposter\u00eda en su llegada al suelo.<\/p>\n<p>La b\u00fasqueda de privacidad en la suite, resulta en una propuesta articulada. Partici\u00f3n del programa maximizando el per\u00edmetro, pero focalizando puntualmente vistas y asoleamiento desde las aberturas. Un esquema volum\u00e9trico estratificado que se abre en el sentido longitudinal, cerr\u00e1ndose hacia la calle m\u00e1s transitada y sus futuros vecinos laterales.<\/p>\n<p>La doble pendiente en los techos abre el espacio hacia el exterior, maximizando las entradas de luz tanto durante la ma\u00f1ana como por la tarde.<\/p>\n<p>La materialidad fue adoptada luego de una gran cantidad de experimentaciones, su elecci\u00f3n se debe a distintos factores, entre ellos la apariencia monol\u00edtica en la b\u00fasqueda de una simpleza formal de gran pregnancia.<\/p>\n<p>El hecho de que la mano de obra local domina el oficio del muro mampuesto, fue un factor importante al momento de definir la elecci\u00f3n del ladrillo com\u00fan como material fundamental para la construcci\u00f3n, el muro doble portante de ladrillo com\u00fan con c\u00e1mara de aire, resuelve al mismo tiempo las solicitaciones t\u00e9rmicas, hidr\u00f3fugas y estructurales adem\u00e1s de reducir al m\u00ednimo los gastos de mantenimiento.<\/p>\n<p>Las distintas trabas del ladrillo, permiten distintos juegos de luces y sombras al mismo tiempo que ocultan elementos de servicio, resolviendo distintos tipos de l\u00edmite, porosidades y relieves sin perder la homogeneidad crom\u00e1tica-formal.<\/p>\n<p><strong>Ficha t\u00e9cnica<\/strong><br \/>\nNombre: Casa Rinc\u00f3n<br \/>\nUbicaci\u00f3n: Ostende, Partido de Pinamar, Pcia. de Buenos Aires, Argentina<br \/>\nProyectista: Estudio Galera Arquitectura<br \/>\nArq. Ariel Galera, Arq. Cesar Amarante, Arq. Francisco Villamil<br \/>\nIngeniero: Javier Mend\u00eda<br \/>\nAgrimensor: Claudio D&#8217;eramo<br \/>\nDise\u00f1o de Paisaje: Pasesaggio<br \/>\nColaboraci\u00f3n en Obra: Pablo Ahumada<br \/>\nConstructor: Leandro Condori<br \/>\nElectricidad: Gabriel Jaimon<br \/>\nSanitarista: Christian Carrizo<br \/>\nZinguer\u00eda y conductos: Rub\u00e9n Calvo<br \/>\nHerrer\u00eda: Juan Rascione<br \/>\nCarpinter\u00edas de Madera: El Holand\u00e9s<br \/>\nCarpinter\u00edas de Aluminio: Anaya Metalurgia<br \/>\nHormigonera: Pasalto<br \/>\nHierros Acindar: Plastigas<br \/>\nMateriales Gruesos: Cermat<br \/>\nMateriales Sanitarios: MasterGAS<br \/>\nSuperficie terreno: 619.50 m2<br \/>\nSuperficie construida: 115.00 m2<br \/>\nProyecto: 2017<br \/>\nObra: 2017-2018<br \/>\nFotograf\u00eda: Diego Medina<\/p>\n<p><strong>Contacto<\/strong><br \/>\n<a href=\"http:\/\/www.estudiogalera.com\" target=\"_blank\" rel=\"noopener\">http:\/\/www.estudiogalera.com<\/a><\/p>\n<p>&nbsp;<\/p>\n<p><em><strong>English version<\/strong><\/em><br \/>\n<em><strong>Rincon house<\/strong><\/em><\/p>\n<p><em><strong>Part of a whole<\/strong><\/em><br \/>\n<em>Rincon House is the first of a group of rental houses located near the beaches of Ostende, a historical coastal town which used to experience a time of great splendour. The town gradually lost its condition of vacation city to the neighbouring cities of Pinamar, Valeria del Mar and Caril\u00f3. Ostende thus turned into the city with the largest permanent living population -mostly, working class- of the County. Its geographical, historical and social features are portrayed in an architecture that reflects contemporaneity with signs of formal and material austerity.<\/em><\/p>\n<p><em>The main challenge was to project six houses in topographically varied adjacent lots within a hybrid concept that highlights a single-family house in an independent lot at the time that specific conceptual characteristics reinforce the idea of the whole.<\/em><\/p>\n<p><em><strong>Typological reformulations<\/strong> <\/em><br \/>\n<em>The house forges a bond with its surroundings. The existing residences represent the popular brick chalet of Pinamar of the &#8217;80s and mid &#8217;90s characterized by a principal body with exposed raked-jointbricks, wood millwork and big sloped roofs. Rincon House redefines this style and adjusts the materiality to current technology.<\/em><\/p>\n<p><em>Intended for a generic user, the house minimizes the bedrooms area so as to maximize the resources used in the meeting and leisure ones. The barbecue area closes the living\/dining room area at the time that works as an interior\/exterior nexus, deconstructing -gradually- the architectural box.<\/em><\/p>\n<p><em><strong>The non-built void as the main space of the project<\/strong><\/em><br \/>\n<em>The house hallmark allows to cut the lot in portions on both sides, and thus creates a constrained space of ownership to the rear fa\u00e7ade and a containment of the main access.<\/em><\/p>\n<p><em>The space on the rear facade is an important aspect of the project, both to the individual residence and to its concept as part of the whole. This space consists of a garden of aged trees -rare in a sand dune environment- which was left unaltered to provide a \u00abnatural shelter\u00bb for leisure.<\/em><\/p>\n<p><em>The form and location of the house closes views from the two streets.<\/em><\/p>\n<p><em><strong>The house as a contrast between nature and artificiality from a formal and chromatic stand<\/strong><\/em><br \/>\n<em>The house lifts off the ground creating a sensorial dynamism at the time that prevents the erosion of the masonry when it touches the ground.<\/em><\/p>\n<p><em>The need for privacy in the bedroom turned out in an articulated proposal: a partition of the programme maximizing the perimeter and focusing on the sunlight and views from the fenestrations. In other words, a stratified volumetric scheme opened on its longitudinal side and closed to the busiest street and future neighbours.<\/em><\/p>\n<p><em>The double slop on the roofs opens the space to the exterior, maximizing the entry of sunlight during the morning and afternoon.<\/em><\/p>\n<p><em>The materiality was selected -after various testings- for several reasons. First, its monolithic appearance creates a formal simplicity of great visual value. Furthermore, the fact that local craftsmen dominate the masonry trade contributed to the choice of common bricks as the main material in the construction.<\/em><\/p>\n<p><em>A double bearing wall made of common brick with air chamber solves the thermal, waterproofing and structural needs of the project at the time that reduces the cost of maintenance to the minimum.<\/em><\/p>\n<p><em>The different brick bond types create games of lights and shadows, hideservice elements -such as air conditioning condensers- and resolve differences in boundaries, porosities and reliefs without losing its formal chromatic homogeneity.<\/em><\/p>\n\n<div style=\"font-size: 0px; height: 0px; line-height: 0px; margin: 0; padding: 0; clear: both;\"><\/div><div style=\"margin-top: 0px; margin-bottom: 0px;\" class=\"sharethis-inline-share-buttons\" ><\/div>","protected":false},"excerpt":{"rendered":"<p>Parte de un conjunto de viviendas de alquiler a pocas cuadras de las playas de Ostende&#8230;<\/p>\n","protected":false},"author":1,"featured_media":32430,"comment_status":"closed","ping_status":"closed","sticky":false,"template":"","format":"standard","meta":{"_uag_custom_page_level_css":"","footnotes":""},"categories":[1,251],"tags":[252,1026,4580,3936,3937,4581,4317,1172],"class_list":["post-32429","post","type-post","status-publish","format-standard","has-post-thumbnail","hentry","category-proyecto","category-casas-de-playa","tag-casa-de-playa","tag-casa-de-veraneo","tag-cesar-amarante","tag-estudio-galera","tag-fernando-ariel-galera","tag-francisco-villamil","tag-ostende","tag-vivienda-de-veraneo","generate-columns","tablet-grid-50","mobile-grid-100","grid-parent","grid-50"],"yoast_head":"<!-- This site is optimized with the Yoast SEO plugin v27.3 - https:\/\/yoast.com\/product\/yoast-seo-wordpress\/ -->\n<title>Casa Rinc\u00f3n \/ Estudio Galera - Arquimaster<\/title>\n<meta name=\"robots\" content=\"index, follow, max-snippet:-1, max-image-preview:large, max-video-preview:-1\" \/>\n<link rel=\"canonical\" href=\"https:\/\/www.arquimaster.com.ar\/web\/casa-rincon-estudio-galera\/\" \/>\n<meta property=\"og:locale\" content=\"es_ES\" \/>\n<meta property=\"og:type\" content=\"article\" \/>\n<meta property=\"og:title\" content=\"Casa Rinc\u00f3n \/ Estudio Galera - Arquimaster\" \/>\n<meta property=\"og:description\" content=\"Parte de un conjunto de viviendas de alquiler a pocas cuadras de las playas de Ostende...\" \/>\n<meta property=\"og:url\" content=\"https:\/\/www.arquimaster.com.ar\/web\/casa-rincon-estudio-galera\/\" \/>\n<meta property=\"og:site_name\" content=\"Arquimaster\" \/>\n<meta property=\"article:publisher\" content=\"http:\/\/www.facebook.com\/ARQUIMASTER.com.ar\" \/>\n<meta property=\"article:published_time\" content=\"2018-10-04T22:46:13+00:00\" \/>\n<meta property=\"article:modified_time\" content=\"2018-10-05T23:03:29+00:00\" \/>\n<meta property=\"og:image\" content=\"https:\/\/www.arquimaster.com.ar\/web\/wp-content\/uploads\/2018\/10\/casa_rincon_slide.jpg\" \/>\n\t<meta property=\"og:image:width\" content=\"642\" \/>\n\t<meta property=\"og:image:height\" content=\"336\" \/>\n\t<meta property=\"og:image:type\" content=\"image\/jpeg\" \/>\n<meta name=\"author\" content=\"Arquimaster\" \/>\n<meta name=\"twitter:card\" content=\"summary_large_image\" \/>\n<meta name=\"twitter:creator\" content=\"@arquimaster\" \/>\n<meta name=\"twitter:site\" content=\"@arquimaster\" \/>\n<meta name=\"twitter:label1\" content=\"Escrito por\" \/>\n\t<meta name=\"twitter:data1\" content=\"Arquimaster\" \/>\n\t<meta name=\"twitter:label2\" content=\"Tiempo de lectura\" \/>\n\t<meta name=\"twitter:data2\" content=\"7 minutos\" \/>\n<script type=\"application\/ld+json\" class=\"yoast-schema-graph\">{\"@context\":\"https:\\\/\\\/schema.org\",\"@graph\":[{\"@type\":\"Article\",\"@id\":\"https:\\\/\\\/www.arquimaster.com.ar\\\/web\\\/casa-rincon-estudio-galera\\\/#article\",\"isPartOf\":{\"@id\":\"https:\\\/\\\/www.arquimaster.com.ar\\\/web\\\/casa-rincon-estudio-galera\\\/\"},\"author\":{\"name\":\"Arquimaster\",\"@id\":\"https:\\\/\\\/www.arquimaster.com.ar\\\/web\\\/#\\\/schema\\\/person\\\/359e9f7c00193fcde068e0dd2ceb0028\"},\"headline\":\"Casa Rinc\u00f3n \\\/ Estudio Galera\",\"datePublished\":\"2018-10-04T22:46:13+00:00\",\"dateModified\":\"2018-10-05T23:03:29+00:00\",\"mainEntityOfPage\":{\"@id\":\"https:\\\/\\\/www.arquimaster.com.ar\\\/web\\\/casa-rincon-estudio-galera\\\/\"},\"wordCount\":1362,\"publisher\":{\"@id\":\"https:\\\/\\\/www.arquimaster.com.ar\\\/web\\\/#organization\"},\"image\":{\"@id\":\"https:\\\/\\\/www.arquimaster.com.ar\\\/web\\\/casa-rincon-estudio-galera\\\/#primaryimage\"},\"thumbnailUrl\":\"https:\\\/\\\/www.arquimaster.com.ar\\\/web\\\/wp-content\\\/uploads\\\/2018\\\/10\\\/casa_rincon_slide.jpg\",\"keywords\":[\"casa de playa\",\"casa de veraneo\",\"Cesar Amarante\",\"Estudio Galera\",\"Fernando Ariel Galera\",\"Francisco Villamil\",\"Ostende\",\"vivienda de veraneo\"],\"articleSection\":[\"Proyecto\",\"Vivienda no permanente\"],\"inLanguage\":\"es\"},{\"@type\":\"WebPage\",\"@id\":\"https:\\\/\\\/www.arquimaster.com.ar\\\/web\\\/casa-rincon-estudio-galera\\\/\",\"url\":\"https:\\\/\\\/www.arquimaster.com.ar\\\/web\\\/casa-rincon-estudio-galera\\\/\",\"name\":\"Casa Rinc\u00f3n \\\/ Estudio Galera - Arquimaster\",\"isPartOf\":{\"@id\":\"https:\\\/\\\/www.arquimaster.com.ar\\\/web\\\/#website\"},\"primaryImageOfPage\":{\"@id\":\"https:\\\/\\\/www.arquimaster.com.ar\\\/web\\\/casa-rincon-estudio-galera\\\/#primaryimage\"},\"image\":{\"@id\":\"https:\\\/\\\/www.arquimaster.com.ar\\\/web\\\/casa-rincon-estudio-galera\\\/#primaryimage\"},\"thumbnailUrl\":\"https:\\\/\\\/www.arquimaster.com.ar\\\/web\\\/wp-content\\\/uploads\\\/2018\\\/10\\\/casa_rincon_slide.jpg\",\"datePublished\":\"2018-10-04T22:46:13+00:00\",\"dateModified\":\"2018-10-05T23:03:29+00:00\",\"breadcrumb\":{\"@id\":\"https:\\\/\\\/www.arquimaster.com.ar\\\/web\\\/casa-rincon-estudio-galera\\\/#breadcrumb\"},\"inLanguage\":\"es\",\"potentialAction\":[{\"@type\":\"ReadAction\",\"target\":[\"https:\\\/\\\/www.arquimaster.com.ar\\\/web\\\/casa-rincon-estudio-galera\\\/\"]}]},{\"@type\":\"ImageObject\",\"inLanguage\":\"es\",\"@id\":\"https:\\\/\\\/www.arquimaster.com.ar\\\/web\\\/casa-rincon-estudio-galera\\\/#primaryimage\",\"url\":\"https:\\\/\\\/www.arquimaster.com.ar\\\/web\\\/wp-content\\\/uploads\\\/2018\\\/10\\\/casa_rincon_slide.jpg\",\"contentUrl\":\"https:\\\/\\\/www.arquimaster.com.ar\\\/web\\\/wp-content\\\/uploads\\\/2018\\\/10\\\/casa_rincon_slide.jpg\",\"width\":642,\"height\":336},{\"@type\":\"BreadcrumbList\",\"@id\":\"https:\\\/\\\/www.arquimaster.com.ar\\\/web\\\/casa-rincon-estudio-galera\\\/#breadcrumb\",\"itemListElement\":[{\"@type\":\"ListItem\",\"position\":1,\"name\":\"Portada\",\"item\":\"https:\\\/\\\/www.arquimaster.com.ar\\\/web\\\/\"},{\"@type\":\"ListItem\",\"position\":2,\"name\":\"Casa Rinc\u00f3n \\\/ Estudio Galera\"}]},{\"@type\":\"WebSite\",\"@id\":\"https:\\\/\\\/www.arquimaster.com.ar\\\/web\\\/#website\",\"url\":\"https:\\\/\\\/www.arquimaster.com.ar\\\/web\\\/\",\"name\":\"Arquimaster\",\"description\":\"Web de arquitectura, dise\u00f1o y construccion\",\"publisher\":{\"@id\":\"https:\\\/\\\/www.arquimaster.com.ar\\\/web\\\/#organization\"},\"potentialAction\":[{\"@type\":\"SearchAction\",\"target\":{\"@type\":\"EntryPoint\",\"urlTemplate\":\"https:\\\/\\\/www.arquimaster.com.ar\\\/web\\\/?s={search_term_string}\"},\"query-input\":{\"@type\":\"PropertyValueSpecification\",\"valueRequired\":true,\"valueName\":\"search_term_string\"}}],\"inLanguage\":\"es\"},{\"@type\":\"Organization\",\"@id\":\"https:\\\/\\\/www.arquimaster.com.ar\\\/web\\\/#organization\",\"name\":\"Arquimaster\",\"url\":\"https:\\\/\\\/www.arquimaster.com.ar\\\/web\\\/\",\"logo\":{\"@type\":\"ImageObject\",\"inLanguage\":\"es\",\"@id\":\"https:\\\/\\\/www.arquimaster.com.ar\\\/web\\\/#\\\/schema\\\/logo\\\/image\\\/\",\"url\":\"https:\\\/\\\/www.arquimaster.com.ar\\\/web\\\/wp-content\\\/uploads\\\/2022\\\/06\\\/arquimaster.png\",\"contentUrl\":\"https:\\\/\\\/www.arquimaster.com.ar\\\/web\\\/wp-content\\\/uploads\\\/2022\\\/06\\\/arquimaster.png\",\"width\":594,\"height\":78,\"caption\":\"Arquimaster\"},\"image\":{\"@id\":\"https:\\\/\\\/www.arquimaster.com.ar\\\/web\\\/#\\\/schema\\\/logo\\\/image\\\/\"},\"sameAs\":[\"http:\\\/\\\/www.facebook.com\\\/ARQUIMASTER.com.ar\",\"https:\\\/\\\/x.com\\\/arquimaster\",\"https:\\\/\\\/www.instagram.com\\\/arquimasterblog\\\/\",\"https:\\\/\\\/www.linkedin.com\\\/company\\\/arquimaster\",\"https:\\\/\\\/www.pinterest.com\\\/arquimaster\",\"https:\\\/\\\/t.me\\\/arquimaster\"]},{\"@type\":\"Person\",\"@id\":\"https:\\\/\\\/www.arquimaster.com.ar\\\/web\\\/#\\\/schema\\\/person\\\/359e9f7c00193fcde068e0dd2ceb0028\",\"name\":\"Arquimaster\"}]}<\/script>\n<!-- \/ Yoast SEO plugin. -->","yoast_head_json":{"title":"Casa Rinc\u00f3n \/ Estudio Galera - Arquimaster","robots":{"index":"index","follow":"follow","max-snippet":"max-snippet:-1","max-image-preview":"max-image-preview:large","max-video-preview":"max-video-preview:-1"},"canonical":"https:\/\/www.arquimaster.com.ar\/web\/casa-rincon-estudio-galera\/","og_locale":"es_ES","og_type":"article","og_title":"Casa Rinc\u00f3n \/ Estudio Galera - Arquimaster","og_description":"Parte de un conjunto de viviendas de alquiler a pocas cuadras de las playas de Ostende...","og_url":"https:\/\/www.arquimaster.com.ar\/web\/casa-rincon-estudio-galera\/","og_site_name":"Arquimaster","article_publisher":"http:\/\/www.facebook.com\/ARQUIMASTER.com.ar","article_published_time":"2018-10-04T22:46:13+00:00","article_modified_time":"2018-10-05T23:03:29+00:00","og_image":[{"width":642,"height":336,"url":"https:\/\/www.arquimaster.com.ar\/web\/wp-content\/uploads\/2018\/10\/casa_rincon_slide.jpg","type":"image\/jpeg"}],"author":"Arquimaster","twitter_card":"summary_large_image","twitter_creator":"@arquimaster","twitter_site":"@arquimaster","twitter_misc":{"Escrito por":"Arquimaster","Tiempo de lectura":"7 minutos"},"schema":{"@context":"https:\/\/schema.org","@graph":[{"@type":"Article","@id":"https:\/\/www.arquimaster.com.ar\/web\/casa-rincon-estudio-galera\/#article","isPartOf":{"@id":"https:\/\/www.arquimaster.com.ar\/web\/casa-rincon-estudio-galera\/"},"author":{"name":"Arquimaster","@id":"https:\/\/www.arquimaster.com.ar\/web\/#\/schema\/person\/359e9f7c00193fcde068e0dd2ceb0028"},"headline":"Casa Rinc\u00f3n \/ Estudio Galera","datePublished":"2018-10-04T22:46:13+00:00","dateModified":"2018-10-05T23:03:29+00:00","mainEntityOfPage":{"@id":"https:\/\/www.arquimaster.com.ar\/web\/casa-rincon-estudio-galera\/"},"wordCount":1362,"publisher":{"@id":"https:\/\/www.arquimaster.com.ar\/web\/#organization"},"image":{"@id":"https:\/\/www.arquimaster.com.ar\/web\/casa-rincon-estudio-galera\/#primaryimage"},"thumbnailUrl":"https:\/\/www.arquimaster.com.ar\/web\/wp-content\/uploads\/2018\/10\/casa_rincon_slide.jpg","keywords":["casa de playa","casa de veraneo","Cesar Amarante","Estudio Galera","Fernando Ariel Galera","Francisco Villamil","Ostende","vivienda de veraneo"],"articleSection":["Proyecto","Vivienda no permanente"],"inLanguage":"es"},{"@type":"WebPage","@id":"https:\/\/www.arquimaster.com.ar\/web\/casa-rincon-estudio-galera\/","url":"https:\/\/www.arquimaster.com.ar\/web\/casa-rincon-estudio-galera\/","name":"Casa Rinc\u00f3n \/ Estudio Galera - Arquimaster","isPartOf":{"@id":"https:\/\/www.arquimaster.com.ar\/web\/#website"},"primaryImageOfPage":{"@id":"https:\/\/www.arquimaster.com.ar\/web\/casa-rincon-estudio-galera\/#primaryimage"},"image":{"@id":"https:\/\/www.arquimaster.com.ar\/web\/casa-rincon-estudio-galera\/#primaryimage"},"thumbnailUrl":"https:\/\/www.arquimaster.com.ar\/web\/wp-content\/uploads\/2018\/10\/casa_rincon_slide.jpg","datePublished":"2018-10-04T22:46:13+00:00","dateModified":"2018-10-05T23:03:29+00:00","breadcrumb":{"@id":"https:\/\/www.arquimaster.com.ar\/web\/casa-rincon-estudio-galera\/#breadcrumb"},"inLanguage":"es","potentialAction":[{"@type":"ReadAction","target":["https:\/\/www.arquimaster.com.ar\/web\/casa-rincon-estudio-galera\/"]}]},{"@type":"ImageObject","inLanguage":"es","@id":"https:\/\/www.arquimaster.com.ar\/web\/casa-rincon-estudio-galera\/#primaryimage","url":"https:\/\/www.arquimaster.com.ar\/web\/wp-content\/uploads\/2018\/10\/casa_rincon_slide.jpg","contentUrl":"https:\/\/www.arquimaster.com.ar\/web\/wp-content\/uploads\/2018\/10\/casa_rincon_slide.jpg","width":642,"height":336},{"@type":"BreadcrumbList","@id":"https:\/\/www.arquimaster.com.ar\/web\/casa-rincon-estudio-galera\/#breadcrumb","itemListElement":[{"@type":"ListItem","position":1,"name":"Portada","item":"https:\/\/www.arquimaster.com.ar\/web\/"},{"@type":"ListItem","position":2,"name":"Casa Rinc\u00f3n \/ Estudio Galera"}]},{"@type":"WebSite","@id":"https:\/\/www.arquimaster.com.ar\/web\/#website","url":"https:\/\/www.arquimaster.com.ar\/web\/","name":"Arquimaster","description":"Web de arquitectura, dise\u00f1o y construccion","publisher":{"@id":"https:\/\/www.arquimaster.com.ar\/web\/#organization"},"potentialAction":[{"@type":"SearchAction","target":{"@type":"EntryPoint","urlTemplate":"https:\/\/www.arquimaster.com.ar\/web\/?s={search_term_string}"},"query-input":{"@type":"PropertyValueSpecification","valueRequired":true,"valueName":"search_term_string"}}],"inLanguage":"es"},{"@type":"Organization","@id":"https:\/\/www.arquimaster.com.ar\/web\/#organization","name":"Arquimaster","url":"https:\/\/www.arquimaster.com.ar\/web\/","logo":{"@type":"ImageObject","inLanguage":"es","@id":"https:\/\/www.arquimaster.com.ar\/web\/#\/schema\/logo\/image\/","url":"https:\/\/www.arquimaster.com.ar\/web\/wp-content\/uploads\/2022\/06\/arquimaster.png","contentUrl":"https:\/\/www.arquimaster.com.ar\/web\/wp-content\/uploads\/2022\/06\/arquimaster.png","width":594,"height":78,"caption":"Arquimaster"},"image":{"@id":"https:\/\/www.arquimaster.com.ar\/web\/#\/schema\/logo\/image\/"},"sameAs":["http:\/\/www.facebook.com\/ARQUIMASTER.com.ar","https:\/\/x.com\/arquimaster","https:\/\/www.instagram.com\/arquimasterblog\/","https:\/\/www.linkedin.com\/company\/arquimaster","https:\/\/www.pinterest.com\/arquimaster","https:\/\/t.me\/arquimaster"]},{"@type":"Person","@id":"https:\/\/www.arquimaster.com.ar\/web\/#\/schema\/person\/359e9f7c00193fcde068e0dd2ceb0028","name":"Arquimaster"}]}},"uagb_featured_image_src":{"full":["https:\/\/www.arquimaster.com.ar\/web\/wp-content\/uploads\/2018\/10\/casa_rincon_slide.jpg",642,336,false],"thumbnail":["https:\/\/www.arquimaster.com.ar\/web\/wp-content\/uploads\/2018\/10\/casa_rincon_slide-150x150.jpg",150,150,true],"medium":["https:\/\/www.arquimaster.com.ar\/web\/wp-content\/uploads\/2018\/10\/casa_rincon_slide.jpg",642,336,false],"medium_large":["https:\/\/www.arquimaster.com.ar\/web\/wp-content\/uploads\/2018\/10\/casa_rincon_slide.jpg",642,336,false],"large":["https:\/\/www.arquimaster.com.ar\/web\/wp-content\/uploads\/2018\/10\/casa_rincon_slide.jpg",642,336,false],"1536x1536":["https:\/\/www.arquimaster.com.ar\/web\/wp-content\/uploads\/2018\/10\/casa_rincon_slide.jpg",642,336,false],"2048x2048":["https:\/\/www.arquimaster.com.ar\/web\/wp-content\/uploads\/2018\/10\/casa_rincon_slide.jpg",642,336,false]},"uagb_author_info":{"display_name":"Arquimaster","author_link":"https:\/\/www.arquimaster.com.ar\/web\/author\/arquimaster\/"},"uagb_comment_info":0,"uagb_excerpt":"Parte de un conjunto de viviendas de alquiler a pocas cuadras de las playas de Ostende...","_links":{"self":[{"href":"https:\/\/www.arquimaster.com.ar\/web\/wp-json\/wp\/v2\/posts\/32429","targetHints":{"allow":["GET"]}}],"collection":[{"href":"https:\/\/www.arquimaster.com.ar\/web\/wp-json\/wp\/v2\/posts"}],"about":[{"href":"https:\/\/www.arquimaster.com.ar\/web\/wp-json\/wp\/v2\/types\/post"}],"author":[{"embeddable":true,"href":"https:\/\/www.arquimaster.com.ar\/web\/wp-json\/wp\/v2\/users\/1"}],"replies":[{"embeddable":true,"href":"https:\/\/www.arquimaster.com.ar\/web\/wp-json\/wp\/v2\/comments?post=32429"}],"version-history":[{"count":0,"href":"https:\/\/www.arquimaster.com.ar\/web\/wp-json\/wp\/v2\/posts\/32429\/revisions"}],"wp:featuredmedia":[{"embeddable":true,"href":"https:\/\/www.arquimaster.com.ar\/web\/wp-json\/wp\/v2\/media\/32430"}],"wp:attachment":[{"href":"https:\/\/www.arquimaster.com.ar\/web\/wp-json\/wp\/v2\/media?parent=32429"}],"wp:term":[{"taxonomy":"category","embeddable":true,"href":"https:\/\/www.arquimaster.com.ar\/web\/wp-json\/wp\/v2\/categories?post=32429"},{"taxonomy":"post_tag","embeddable":true,"href":"https:\/\/www.arquimaster.com.ar\/web\/wp-json\/wp\/v2\/tags?post=32429"}],"curies":[{"name":"wp","href":"https:\/\/api.w.org\/{rel}","templated":true}]}}