{"id":32504,"date":"2018-10-06T10:12:38","date_gmt":"2018-10-06T13:12:38","guid":{"rendered":"http:\/\/www.arquimaster.com.ar\/web\/?p=32504"},"modified":"2025-08-18T23:25:03","modified_gmt":"2025-08-19T02:25:03","slug":"llega-tendencia-arenales-18-y-el-sello-buen-diseno-interviene-distrito-arenales","status":"publish","type":"post","link":"https:\/\/www.arquimaster.com.ar\/web\/llega-tendencia-arenales-18-y-el-sello-buen-diseno-interviene-distrito-arenales\/","title":{"rendered":"Llega Tendencia Arenales 18 y el Sello Buen Dise\u00f1o interviene Distrito Arenales"},"content":{"rendered":"<div style=\"margin-top: 0px; margin-bottom: 0px;\" class=\"sharethis-inline-share-buttons\" ><\/div><div class=\"b812932af2e751442846f039925109de\" data-index=\"1\" style=\"float: none; margin:25px 0 25px 0; text-align:center;\">\n<script async src=\"https:\/\/pagead2.googlesyndication.com\/pagead\/js\/adsbygoogle.js\"><\/script>\r\n<!-- Arquimaster (superior) -->\r\n<ins class=\"adsbygoogle\"\r\n     style=\"display:block\"\r\n     data-ad-client=\"ca-pub-6351072698456832\"\r\n     data-ad-slot=\"6455489680\"\r\n     data-ad-format=\"auto\"\r\n     data-full-width-responsive=\"true\"><\/ins>\r\n<script>\r\n     (adsbygoogle = window.adsbygoogle || []).push({});\r\n<\/script>\n<\/div>\n<p>El pr\u00f3ximo <strong>10 de octubre<\/strong> de 2018, en el marco de <strong>La Semana del Dise\u00f1o<\/strong>, llega una nueva edici\u00f3n de <strong>Tendencia Arenales<\/strong>, el tradicional evento de <strong>Distrito Arenales<\/strong> en el que las 60 marcas de dise\u00f1o y arte que lo conforman intervienen sus locales, vidrieras y veredas, con m\u00fasica en las calles, muchas actividades y Arenales cerrada al tr\u00e1nsito para una mejor participaci\u00f3n en las acciones, una innovadora propuesta que enriquece la zona y promueve el dise\u00f1o ante todo.<\/p>\n<p>Este a\u00f1o, adem\u00e1s, va a ser muy especial, porque por primera vez el Plan Nacional de Dise\u00f1o y el Sello Buen Dise\u00f1o argentino desembarcan en Distrito Arenales con una idea innovadora y muy creativa: las instalaciones ser\u00e1n realizadas por equipos formados por la marca anfitriona y pymes, cooperativas o dise\u00f1adores que hayan recibido el Sello Buen Dise\u00f1o, en una fusi\u00f3n interesante que puede llevar a las m\u00e1s geniales ideas que se presentar\u00e1n la noche del miercoles <strong>10 de octubre<\/strong> de 19 a 21 hs y podr\u00e1n disfrutarse por tres d\u00edas.<\/p>\n<div id='gallery-1' class='gallery galleryid-32504 gallery-columns-3 gallery-size-thumbnail'><figure class='gallery-item'>\n\t\t\t<div class='gallery-icon landscape'>\n\t\t\t\t<a href='https:\/\/www.arquimaster.com.ar\/web\/wp-content\/uploads\/2018\/10\/tendencia_arenales_2018_1.jpg' title=\"Llega Tendencia Arenales 18 y el Sello Buen Dise\u00f1o interviene Distrito Arenales\" data-rl_title=\"Llega Tendencia Arenales 18 y el Sello Buen Dise\u00f1o interviene Distrito Arenales\" class=\"rl-gallery-link\" data-rl_caption=\"Llega Tendencia Arenales 18 y el Sello Buen Dise\u00f1o interviene Distrito Arenales\" data-rel=\"lightbox-gallery-1\"><img loading=\"lazy\" decoding=\"async\" width=\"150\" height=\"150\" src=\"https:\/\/www.arquimaster.com.ar\/web\/wp-content\/uploads\/2018\/10\/tendencia_arenales_2018_1-150x150.jpg\" class=\"attachment-thumbnail size-thumbnail\" alt=\"\" aria-describedby=\"gallery-1-32505\" srcset=\"https:\/\/www.arquimaster.com.ar\/web\/wp-content\/uploads\/2018\/10\/tendencia_arenales_2018_1-150x150.jpg 150w, https:\/\/www.arquimaster.com.ar\/web\/wp-content\/uploads\/2018\/10\/tendencia_arenales_2018_1-1024x1024.jpg 1024w, https:\/\/www.arquimaster.com.ar\/web\/wp-content\/uploads\/2018\/10\/tendencia_arenales_2018_1-768x768.jpg 768w, https:\/\/www.arquimaster.com.ar\/web\/wp-content\/uploads\/2018\/10\/tendencia_arenales_2018_1-50x50.jpg 50w, https:\/\/www.arquimaster.com.ar\/web\/wp-content\/uploads\/2018\/10\/tendencia_arenales_2018_1-125x125.jpg 125w, https:\/\/www.arquimaster.com.ar\/web\/wp-content\/uploads\/2018\/10\/tendencia_arenales_2018_1.jpg 1500w\" sizes=\"auto, (max-width: 150px) 100vw, 150px\" \/><\/a>\n\t\t\t<\/div>\n\t\t\t\t<figcaption class='wp-caption-text gallery-caption' id='gallery-1-32505'>\n\t\t\t\tLlega Tendencia Arenales 18 y el Sello Buen Dise\u00f1o interviene Distrito Arenales\n\t\t\t\t<\/figcaption><\/figure><figure class='gallery-item'>\n\t\t\t<div class='gallery-icon landscape'>\n\t\t\t\t<a href='https:\/\/www.arquimaster.com.ar\/web\/wp-content\/uploads\/2018\/10\/tendencia_arenales_2018_3.jpg' title=\"Llega Tendencia Arenales 18 y el Sello Buen Dise\u00f1o interviene Distrito Arenales\" data-rl_title=\"Llega Tendencia Arenales 18 y el Sello Buen Dise\u00f1o interviene Distrito Arenales\" class=\"rl-gallery-link\" data-rl_caption=\"Llega Tendencia Arenales 18 y el Sello Buen Dise\u00f1o interviene Distrito Arenales\" data-rel=\"lightbox-gallery-1\"><img loading=\"lazy\" decoding=\"async\" width=\"150\" height=\"150\" src=\"https:\/\/www.arquimaster.com.ar\/web\/wp-content\/uploads\/2018\/10\/tendencia_arenales_2018_3-150x150.jpg\" class=\"attachment-thumbnail size-thumbnail\" alt=\"\" aria-describedby=\"gallery-1-32507\" srcset=\"https:\/\/www.arquimaster.com.ar\/web\/wp-content\/uploads\/2018\/10\/tendencia_arenales_2018_3-150x150.jpg 150w, https:\/\/www.arquimaster.com.ar\/web\/wp-content\/uploads\/2018\/10\/tendencia_arenales_2018_3-50x50.jpg 50w, https:\/\/www.arquimaster.com.ar\/web\/wp-content\/uploads\/2018\/10\/tendencia_arenales_2018_3-125x125.jpg 125w\" sizes=\"auto, (max-width: 150px) 100vw, 150px\" \/><\/a>\n\t\t\t<\/div>\n\t\t\t\t<figcaption class='wp-caption-text gallery-caption' id='gallery-1-32507'>\n\t\t\t\tLlega Tendencia Arenales 18 y el Sello Buen Dise\u00f1o interviene Distrito Arenales\n\t\t\t\t<\/figcaption><\/figure><figure class='gallery-item'>\n\t\t\t<div class='gallery-icon portrait'>\n\t\t\t\t<a href='https:\/\/www.arquimaster.com.ar\/web\/wp-content\/uploads\/2018\/10\/tendencia_arenales_2018_4.jpg' title=\"Llega Tendencia Arenales 18 y el Sello Buen Dise\u00f1o interviene Distrito Arenales\" data-rl_title=\"Llega Tendencia Arenales 18 y el Sello Buen Dise\u00f1o interviene Distrito Arenales\" class=\"rl-gallery-link\" data-rl_caption=\"Llega Tendencia Arenales 18 y el Sello Buen Dise\u00f1o interviene Distrito Arenales\" data-rel=\"lightbox-gallery-1\"><img loading=\"lazy\" decoding=\"async\" width=\"150\" height=\"150\" src=\"https:\/\/www.arquimaster.com.ar\/web\/wp-content\/uploads\/2018\/10\/tendencia_arenales_2018_4-150x150.jpg\" class=\"attachment-thumbnail size-thumbnail\" alt=\"\" aria-describedby=\"gallery-1-32508\" srcset=\"https:\/\/www.arquimaster.com.ar\/web\/wp-content\/uploads\/2018\/10\/tendencia_arenales_2018_4-150x150.jpg 150w, https:\/\/www.arquimaster.com.ar\/web\/wp-content\/uploads\/2018\/10\/tendencia_arenales_2018_4-50x50.jpg 50w, https:\/\/www.arquimaster.com.ar\/web\/wp-content\/uploads\/2018\/10\/tendencia_arenales_2018_4-125x125.jpg 125w\" sizes=\"auto, (max-width: 150px) 100vw, 150px\" \/><\/a>\n\t\t\t<\/div>\n\t\t\t\t<figcaption class='wp-caption-text gallery-caption' id='gallery-1-32508'>\n\t\t\t\tLlega Tendencia Arenales 18 y el Sello Buen Dise\u00f1o interviene Distrito Arenales\n\t\t\t\t<\/figcaption><\/figure><figure class='gallery-item'>\n\t\t\t<div class='gallery-icon landscape'>\n\t\t\t\t<a href='https:\/\/www.arquimaster.com.ar\/web\/wp-content\/uploads\/2018\/10\/tendencia_arenales_2018_2.jpg' title=\"Llega Tendencia Arenales 18 y el Sello Buen Dise\u00f1o interviene Distrito Arenales\" data-rl_title=\"Llega Tendencia Arenales 18 y el Sello Buen Dise\u00f1o interviene Distrito Arenales\" class=\"rl-gallery-link\" data-rl_caption=\"Llega Tendencia Arenales 18 y el Sello Buen Dise\u00f1o interviene Distrito Arenales\" data-rel=\"lightbox-gallery-1\"><img loading=\"lazy\" decoding=\"async\" width=\"150\" height=\"150\" src=\"https:\/\/www.arquimaster.com.ar\/web\/wp-content\/uploads\/2018\/10\/tendencia_arenales_2018_2-150x150.jpg\" class=\"attachment-thumbnail size-thumbnail\" alt=\"\" aria-describedby=\"gallery-1-32506\" srcset=\"https:\/\/www.arquimaster.com.ar\/web\/wp-content\/uploads\/2018\/10\/tendencia_arenales_2018_2-150x150.jpg 150w, https:\/\/www.arquimaster.com.ar\/web\/wp-content\/uploads\/2018\/10\/tendencia_arenales_2018_2-1024x1024.jpg 1024w, https:\/\/www.arquimaster.com.ar\/web\/wp-content\/uploads\/2018\/10\/tendencia_arenales_2018_2-768x768.jpg 768w, https:\/\/www.arquimaster.com.ar\/web\/wp-content\/uploads\/2018\/10\/tendencia_arenales_2018_2-50x50.jpg 50w, https:\/\/www.arquimaster.com.ar\/web\/wp-content\/uploads\/2018\/10\/tendencia_arenales_2018_2-125x125.jpg 125w, https:\/\/www.arquimaster.com.ar\/web\/wp-content\/uploads\/2018\/10\/tendencia_arenales_2018_2.jpg 1500w\" sizes=\"auto, (max-width: 150px) 100vw, 150px\" \/><\/a>\n\t\t\t<\/div>\n\t\t\t\t<figcaption class='wp-caption-text gallery-caption' id='gallery-1-32506'>\n\t\t\t\tLlega Tendencia Arenales 18 y el Sello Buen Dise\u00f1o interviene Distrito Arenales\n\t\t\t\t<\/figcaption><\/figure>\n\t\t<\/div>\n\n<p><strong>\u00bfQu\u00e9 es el Sello Buen Dise\u00f1o argentino?<\/strong><br \/>\nEl Sello de Buen Dise\u00f1o argentino es una distinci\u00f3n oficial que otorga el Ministerio de Producci\u00f3n de la Naci\u00f3n a los productos de la industria nacional que se destacan por su innovaci\u00f3n, por su participaci\u00f3n en la producci\u00f3n local sustentable, por su posicionamiento en el mercado y por su calidad de dise\u00f1o. Busca fomentar y potenciar a todas aquellas Pymes y cooperativas argentinas, que mediante la incorporaci\u00f3n de estrategias de dise\u00f1o han demostrado una mejora en sus procesos industriales y en sus productos a fin de promover su competitividad.<\/p>\n<p><strong>\u00bfC\u00f3mo ser\u00e1 Tendencia Arenales 18?<\/strong><br \/>\nEs la tercera edici\u00f3n del m\u00e1s importante evento que organiza Distrito Arenales, la organizaci\u00f3n sin fines de lucro que agrupa a 60 de las mejores marcas de la calle Arenales y sus transversales, el distrito de dise\u00f1o interior por excelencia de la ciudad de Buenos Aires.<\/p>\n<p>Durante esta edici\u00f3n de Tendencia Arenales 2018 se crear\u00e1n duplas formadas por una empresa que recibi\u00f3 el Sello Buen Dise\u00f1o y una marca que tiene local en Distrito Arenales para que, juntas, crear\u00e1n una instalaci\u00f3n o intervengan de manera original la vidriera y\/o el frente del mismo, y que permitir\u00e1 el lucimiento tanto del producto de la empresa \u00absellada\u00bb como de los productos y el local de la marca anfitriona.<\/p>\n<p>Para coordinar las propuestas, as\u00ed tambi\u00e9n como para guiar y aconsejar a las duplas, Distrito Arenales contar\u00e1 con los servicios de dos reconocidas especialistas que har\u00e1n una curadur\u00eda de las instalaciones. Flor Fasci y Matilde Quintana ser\u00e1n las responsables de dirigir a los elegidos en este proceso creativo para llegar a sus instalaciones.<\/p>\n<p>En ediciones anteriores Tendencia Arenales reuni\u00f3 a m\u00e1s de 15.000 personas en su noche de apertura que, con m\u00fasica en la calle e intervenciones de distinta naturaleza, se convirti\u00f3 en una excelente vidriera para mostrar productos que -en esta edici\u00f3n- permanecer\u00e1n en exhibici\u00f3n por tres d\u00edas.<\/p>\n\n<div style=\"font-size: 0px; height: 0px; line-height: 0px; margin: 0; padding: 0; clear: both;\"><\/div><div style=\"margin-top: 0px; margin-bottom: 0px;\" class=\"sharethis-inline-share-buttons\" ><\/div>","protected":false},"excerpt":{"rendered":"<p>Marcas de dise\u00f1o y arte que lo conforman intervienen sus locales, vidrieras y veredas&#8230;<\/p>\n","protected":false},"author":1,"featured_media":32509,"comment_status":"closed","ping_status":"closed","sticky":false,"template":"","format":"standard","meta":{"_uag_custom_page_level_css":"","footnotes":""},"categories":[55,56],"tags":[1310,4739,519,4738],"class_list":["post-32504","post","type-post","status-publish","format-standard","has-post-thumbnail","hentry","category-diseno","category-diseno-interior-decoracion","tag-diseno-2","tag-distrito-arenales","tag-sello-del-buen-diseno","tag-tendencia-arenales","generate-columns","tablet-grid-50","mobile-grid-100","grid-parent","grid-50"],"yoast_head":"<!-- This site is optimized with the Yoast SEO plugin v27.3 - https:\/\/yoast.com\/product\/yoast-seo-wordpress\/ -->\n<title>Llega Tendencia Arenales 18 y el Sello Buen Dise\u00f1o interviene Distrito Arenales - Arquimaster<\/title>\n<meta name=\"robots\" content=\"index, follow, max-snippet:-1, max-image-preview:large, max-video-preview:-1\" \/>\n<link rel=\"canonical\" href=\"https:\/\/www.arquimaster.com.ar\/web\/llega-tendencia-arenales-18-y-el-sello-buen-diseno-interviene-distrito-arenales\/\" \/>\n<meta property=\"og:locale\" content=\"es_ES\" \/>\n<meta property=\"og:type\" content=\"article\" \/>\n<meta property=\"og:title\" content=\"Llega Tendencia Arenales 18 y el Sello Buen Dise\u00f1o interviene Distrito Arenales - Arquimaster\" \/>\n<meta property=\"og:description\" content=\"Marcas de dise\u00f1o y arte que lo conforman intervienen sus locales, vidrieras y veredas...\" \/>\n<meta property=\"og:url\" content=\"https:\/\/www.arquimaster.com.ar\/web\/llega-tendencia-arenales-18-y-el-sello-buen-diseno-interviene-distrito-arenales\/\" \/>\n<meta property=\"og:site_name\" content=\"Arquimaster\" \/>\n<meta property=\"article:publisher\" content=\"http:\/\/www.facebook.com\/ARQUIMASTER.com.ar\" \/>\n<meta property=\"article:published_time\" content=\"2018-10-06T13:12:38+00:00\" \/>\n<meta property=\"article:modified_time\" content=\"2025-08-19T02:25:03+00:00\" \/>\n<meta property=\"og:image\" content=\"https:\/\/www.arquimaster.com.ar\/web\/wp-content\/uploads\/2018\/10\/tendencia_arenales_2018_slide.jpg\" \/>\n\t<meta property=\"og:image:width\" content=\"642\" \/>\n\t<meta property=\"og:image:height\" content=\"336\" \/>\n\t<meta property=\"og:image:type\" content=\"image\/jpeg\" \/>\n<meta name=\"author\" content=\"Arquimaster\" \/>\n<meta name=\"twitter:card\" content=\"summary_large_image\" \/>\n<meta name=\"twitter:creator\" content=\"@arquimaster\" \/>\n<meta name=\"twitter:site\" content=\"@arquimaster\" \/>\n<meta name=\"twitter:label1\" content=\"Escrito por\" \/>\n\t<meta name=\"twitter:data1\" content=\"Arquimaster\" \/>\n\t<meta name=\"twitter:label2\" content=\"Tiempo de lectura\" \/>\n\t<meta name=\"twitter:data2\" content=\"3 minutos\" \/>\n<script type=\"application\/ld+json\" class=\"yoast-schema-graph\">{\"@context\":\"https:\\\/\\\/schema.org\",\"@graph\":[{\"@type\":\"Article\",\"@id\":\"https:\\\/\\\/www.arquimaster.com.ar\\\/web\\\/llega-tendencia-arenales-18-y-el-sello-buen-diseno-interviene-distrito-arenales\\\/#article\",\"isPartOf\":{\"@id\":\"https:\\\/\\\/www.arquimaster.com.ar\\\/web\\\/llega-tendencia-arenales-18-y-el-sello-buen-diseno-interviene-distrito-arenales\\\/\"},\"author\":{\"name\":\"Arquimaster\",\"@id\":\"https:\\\/\\\/www.arquimaster.com.ar\\\/web\\\/#\\\/schema\\\/person\\\/359e9f7c00193fcde068e0dd2ceb0028\"},\"headline\":\"Llega Tendencia Arenales 18 y el Sello Buen Dise\u00f1o interviene Distrito Arenales\",\"datePublished\":\"2018-10-06T13:12:38+00:00\",\"dateModified\":\"2025-08-19T02:25:03+00:00\",\"mainEntityOfPage\":{\"@id\":\"https:\\\/\\\/www.arquimaster.com.ar\\\/web\\\/llega-tendencia-arenales-18-y-el-sello-buen-diseno-interviene-distrito-arenales\\\/\"},\"wordCount\":543,\"publisher\":{\"@id\":\"https:\\\/\\\/www.arquimaster.com.ar\\\/web\\\/#organization\"},\"image\":{\"@id\":\"https:\\\/\\\/www.arquimaster.com.ar\\\/web\\\/llega-tendencia-arenales-18-y-el-sello-buen-diseno-interviene-distrito-arenales\\\/#primaryimage\"},\"thumbnailUrl\":\"https:\\\/\\\/www.arquimaster.com.ar\\\/web\\\/wp-content\\\/uploads\\\/2018\\\/10\\\/tendencia_arenales_2018_slide.jpg\",\"keywords\":[\"dise\u00f1o\",\"Distrito Arenales\",\"Sello del Buen Dise\u00f1o\",\"Tendencia Arenales\"],\"articleSection\":[\"Dise\u00f1o\",\"Dise\u00f1o interior y decoracion\"],\"inLanguage\":\"es\"},{\"@type\":\"WebPage\",\"@id\":\"https:\\\/\\\/www.arquimaster.com.ar\\\/web\\\/llega-tendencia-arenales-18-y-el-sello-buen-diseno-interviene-distrito-arenales\\\/\",\"url\":\"https:\\\/\\\/www.arquimaster.com.ar\\\/web\\\/llega-tendencia-arenales-18-y-el-sello-buen-diseno-interviene-distrito-arenales\\\/\",\"name\":\"Llega Tendencia Arenales 18 y el Sello Buen Dise\u00f1o interviene Distrito Arenales - Arquimaster\",\"isPartOf\":{\"@id\":\"https:\\\/\\\/www.arquimaster.com.ar\\\/web\\\/#website\"},\"primaryImageOfPage\":{\"@id\":\"https:\\\/\\\/www.arquimaster.com.ar\\\/web\\\/llega-tendencia-arenales-18-y-el-sello-buen-diseno-interviene-distrito-arenales\\\/#primaryimage\"},\"image\":{\"@id\":\"https:\\\/\\\/www.arquimaster.com.ar\\\/web\\\/llega-tendencia-arenales-18-y-el-sello-buen-diseno-interviene-distrito-arenales\\\/#primaryimage\"},\"thumbnailUrl\":\"https:\\\/\\\/www.arquimaster.com.ar\\\/web\\\/wp-content\\\/uploads\\\/2018\\\/10\\\/tendencia_arenales_2018_slide.jpg\",\"datePublished\":\"2018-10-06T13:12:38+00:00\",\"dateModified\":\"2025-08-19T02:25:03+00:00\",\"breadcrumb\":{\"@id\":\"https:\\\/\\\/www.arquimaster.com.ar\\\/web\\\/llega-tendencia-arenales-18-y-el-sello-buen-diseno-interviene-distrito-arenales\\\/#breadcrumb\"},\"inLanguage\":\"es\",\"potentialAction\":[{\"@type\":\"ReadAction\",\"target\":[\"https:\\\/\\\/www.arquimaster.com.ar\\\/web\\\/llega-tendencia-arenales-18-y-el-sello-buen-diseno-interviene-distrito-arenales\\\/\"]}]},{\"@type\":\"ImageObject\",\"inLanguage\":\"es\",\"@id\":\"https:\\\/\\\/www.arquimaster.com.ar\\\/web\\\/llega-tendencia-arenales-18-y-el-sello-buen-diseno-interviene-distrito-arenales\\\/#primaryimage\",\"url\":\"https:\\\/\\\/www.arquimaster.com.ar\\\/web\\\/wp-content\\\/uploads\\\/2018\\\/10\\\/tendencia_arenales_2018_slide.jpg\",\"contentUrl\":\"https:\\\/\\\/www.arquimaster.com.ar\\\/web\\\/wp-content\\\/uploads\\\/2018\\\/10\\\/tendencia_arenales_2018_slide.jpg\",\"width\":642,\"height\":336},{\"@type\":\"BreadcrumbList\",\"@id\":\"https:\\\/\\\/www.arquimaster.com.ar\\\/web\\\/llega-tendencia-arenales-18-y-el-sello-buen-diseno-interviene-distrito-arenales\\\/#breadcrumb\",\"itemListElement\":[{\"@type\":\"ListItem\",\"position\":1,\"name\":\"Portada\",\"item\":\"https:\\\/\\\/www.arquimaster.com.ar\\\/web\\\/\"},{\"@type\":\"ListItem\",\"position\":2,\"name\":\"Llega Tendencia Arenales 18 y el Sello Buen Dise\u00f1o interviene Distrito Arenales\"}]},{\"@type\":\"WebSite\",\"@id\":\"https:\\\/\\\/www.arquimaster.com.ar\\\/web\\\/#website\",\"url\":\"https:\\\/\\\/www.arquimaster.com.ar\\\/web\\\/\",\"name\":\"Arquimaster\",\"description\":\"Web de arquitectura, dise\u00f1o y construccion\",\"publisher\":{\"@id\":\"https:\\\/\\\/www.arquimaster.com.ar\\\/web\\\/#organization\"},\"potentialAction\":[{\"@type\":\"SearchAction\",\"target\":{\"@type\":\"EntryPoint\",\"urlTemplate\":\"https:\\\/\\\/www.arquimaster.com.ar\\\/web\\\/?s={search_term_string}\"},\"query-input\":{\"@type\":\"PropertyValueSpecification\",\"valueRequired\":true,\"valueName\":\"search_term_string\"}}],\"inLanguage\":\"es\"},{\"@type\":\"Organization\",\"@id\":\"https:\\\/\\\/www.arquimaster.com.ar\\\/web\\\/#organization\",\"name\":\"Arquimaster\",\"url\":\"https:\\\/\\\/www.arquimaster.com.ar\\\/web\\\/\",\"logo\":{\"@type\":\"ImageObject\",\"inLanguage\":\"es\",\"@id\":\"https:\\\/\\\/www.arquimaster.com.ar\\\/web\\\/#\\\/schema\\\/logo\\\/image\\\/\",\"url\":\"https:\\\/\\\/www.arquimaster.com.ar\\\/web\\\/wp-content\\\/uploads\\\/2022\\\/06\\\/arquimaster.png\",\"contentUrl\":\"https:\\\/\\\/www.arquimaster.com.ar\\\/web\\\/wp-content\\\/uploads\\\/2022\\\/06\\\/arquimaster.png\",\"width\":594,\"height\":78,\"caption\":\"Arquimaster\"},\"image\":{\"@id\":\"https:\\\/\\\/www.arquimaster.com.ar\\\/web\\\/#\\\/schema\\\/logo\\\/image\\\/\"},\"sameAs\":[\"http:\\\/\\\/www.facebook.com\\\/ARQUIMASTER.com.ar\",\"https:\\\/\\\/x.com\\\/arquimaster\",\"https:\\\/\\\/www.instagram.com\\\/arquimasterblog\\\/\",\"https:\\\/\\\/www.linkedin.com\\\/company\\\/arquimaster\",\"https:\\\/\\\/www.pinterest.com\\\/arquimaster\",\"https:\\\/\\\/t.me\\\/arquimaster\"]},{\"@type\":\"Person\",\"@id\":\"https:\\\/\\\/www.arquimaster.com.ar\\\/web\\\/#\\\/schema\\\/person\\\/359e9f7c00193fcde068e0dd2ceb0028\",\"name\":\"Arquimaster\"}]}<\/script>\n<!-- \/ Yoast SEO plugin. -->","yoast_head_json":{"title":"Llega Tendencia Arenales 18 y el Sello Buen Dise\u00f1o interviene Distrito Arenales - Arquimaster","robots":{"index":"index","follow":"follow","max-snippet":"max-snippet:-1","max-image-preview":"max-image-preview:large","max-video-preview":"max-video-preview:-1"},"canonical":"https:\/\/www.arquimaster.com.ar\/web\/llega-tendencia-arenales-18-y-el-sello-buen-diseno-interviene-distrito-arenales\/","og_locale":"es_ES","og_type":"article","og_title":"Llega Tendencia Arenales 18 y el Sello Buen Dise\u00f1o interviene Distrito Arenales - Arquimaster","og_description":"Marcas de dise\u00f1o y arte que lo conforman intervienen sus locales, vidrieras y veredas...","og_url":"https:\/\/www.arquimaster.com.ar\/web\/llega-tendencia-arenales-18-y-el-sello-buen-diseno-interviene-distrito-arenales\/","og_site_name":"Arquimaster","article_publisher":"http:\/\/www.facebook.com\/ARQUIMASTER.com.ar","article_published_time":"2018-10-06T13:12:38+00:00","article_modified_time":"2025-08-19T02:25:03+00:00","og_image":[{"width":642,"height":336,"url":"https:\/\/www.arquimaster.com.ar\/web\/wp-content\/uploads\/2018\/10\/tendencia_arenales_2018_slide.jpg","type":"image\/jpeg"}],"author":"Arquimaster","twitter_card":"summary_large_image","twitter_creator":"@arquimaster","twitter_site":"@arquimaster","twitter_misc":{"Escrito por":"Arquimaster","Tiempo de lectura":"3 minutos"},"schema":{"@context":"https:\/\/schema.org","@graph":[{"@type":"Article","@id":"https:\/\/www.arquimaster.com.ar\/web\/llega-tendencia-arenales-18-y-el-sello-buen-diseno-interviene-distrito-arenales\/#article","isPartOf":{"@id":"https:\/\/www.arquimaster.com.ar\/web\/llega-tendencia-arenales-18-y-el-sello-buen-diseno-interviene-distrito-arenales\/"},"author":{"name":"Arquimaster","@id":"https:\/\/www.arquimaster.com.ar\/web\/#\/schema\/person\/359e9f7c00193fcde068e0dd2ceb0028"},"headline":"Llega Tendencia Arenales 18 y el Sello Buen Dise\u00f1o interviene Distrito Arenales","datePublished":"2018-10-06T13:12:38+00:00","dateModified":"2025-08-19T02:25:03+00:00","mainEntityOfPage":{"@id":"https:\/\/www.arquimaster.com.ar\/web\/llega-tendencia-arenales-18-y-el-sello-buen-diseno-interviene-distrito-arenales\/"},"wordCount":543,"publisher":{"@id":"https:\/\/www.arquimaster.com.ar\/web\/#organization"},"image":{"@id":"https:\/\/www.arquimaster.com.ar\/web\/llega-tendencia-arenales-18-y-el-sello-buen-diseno-interviene-distrito-arenales\/#primaryimage"},"thumbnailUrl":"https:\/\/www.arquimaster.com.ar\/web\/wp-content\/uploads\/2018\/10\/tendencia_arenales_2018_slide.jpg","keywords":["dise\u00f1o","Distrito Arenales","Sello del Buen Dise\u00f1o","Tendencia Arenales"],"articleSection":["Dise\u00f1o","Dise\u00f1o interior y decoracion"],"inLanguage":"es"},{"@type":"WebPage","@id":"https:\/\/www.arquimaster.com.ar\/web\/llega-tendencia-arenales-18-y-el-sello-buen-diseno-interviene-distrito-arenales\/","url":"https:\/\/www.arquimaster.com.ar\/web\/llega-tendencia-arenales-18-y-el-sello-buen-diseno-interviene-distrito-arenales\/","name":"Llega Tendencia Arenales 18 y el Sello Buen Dise\u00f1o interviene Distrito Arenales - Arquimaster","isPartOf":{"@id":"https:\/\/www.arquimaster.com.ar\/web\/#website"},"primaryImageOfPage":{"@id":"https:\/\/www.arquimaster.com.ar\/web\/llega-tendencia-arenales-18-y-el-sello-buen-diseno-interviene-distrito-arenales\/#primaryimage"},"image":{"@id":"https:\/\/www.arquimaster.com.ar\/web\/llega-tendencia-arenales-18-y-el-sello-buen-diseno-interviene-distrito-arenales\/#primaryimage"},"thumbnailUrl":"https:\/\/www.arquimaster.com.ar\/web\/wp-content\/uploads\/2018\/10\/tendencia_arenales_2018_slide.jpg","datePublished":"2018-10-06T13:12:38+00:00","dateModified":"2025-08-19T02:25:03+00:00","breadcrumb":{"@id":"https:\/\/www.arquimaster.com.ar\/web\/llega-tendencia-arenales-18-y-el-sello-buen-diseno-interviene-distrito-arenales\/#breadcrumb"},"inLanguage":"es","potentialAction":[{"@type":"ReadAction","target":["https:\/\/www.arquimaster.com.ar\/web\/llega-tendencia-arenales-18-y-el-sello-buen-diseno-interviene-distrito-arenales\/"]}]},{"@type":"ImageObject","inLanguage":"es","@id":"https:\/\/www.arquimaster.com.ar\/web\/llega-tendencia-arenales-18-y-el-sello-buen-diseno-interviene-distrito-arenales\/#primaryimage","url":"https:\/\/www.arquimaster.com.ar\/web\/wp-content\/uploads\/2018\/10\/tendencia_arenales_2018_slide.jpg","contentUrl":"https:\/\/www.arquimaster.com.ar\/web\/wp-content\/uploads\/2018\/10\/tendencia_arenales_2018_slide.jpg","width":642,"height":336},{"@type":"BreadcrumbList","@id":"https:\/\/www.arquimaster.com.ar\/web\/llega-tendencia-arenales-18-y-el-sello-buen-diseno-interviene-distrito-arenales\/#breadcrumb","itemListElement":[{"@type":"ListItem","position":1,"name":"Portada","item":"https:\/\/www.arquimaster.com.ar\/web\/"},{"@type":"ListItem","position":2,"name":"Llega Tendencia Arenales 18 y el Sello Buen Dise\u00f1o interviene Distrito Arenales"}]},{"@type":"WebSite","@id":"https:\/\/www.arquimaster.com.ar\/web\/#website","url":"https:\/\/www.arquimaster.com.ar\/web\/","name":"Arquimaster","description":"Web de arquitectura, dise\u00f1o y construccion","publisher":{"@id":"https:\/\/www.arquimaster.com.ar\/web\/#organization"},"potentialAction":[{"@type":"SearchAction","target":{"@type":"EntryPoint","urlTemplate":"https:\/\/www.arquimaster.com.ar\/web\/?s={search_term_string}"},"query-input":{"@type":"PropertyValueSpecification","valueRequired":true,"valueName":"search_term_string"}}],"inLanguage":"es"},{"@type":"Organization","@id":"https:\/\/www.arquimaster.com.ar\/web\/#organization","name":"Arquimaster","url":"https:\/\/www.arquimaster.com.ar\/web\/","logo":{"@type":"ImageObject","inLanguage":"es","@id":"https:\/\/www.arquimaster.com.ar\/web\/#\/schema\/logo\/image\/","url":"https:\/\/www.arquimaster.com.ar\/web\/wp-content\/uploads\/2022\/06\/arquimaster.png","contentUrl":"https:\/\/www.arquimaster.com.ar\/web\/wp-content\/uploads\/2022\/06\/arquimaster.png","width":594,"height":78,"caption":"Arquimaster"},"image":{"@id":"https:\/\/www.arquimaster.com.ar\/web\/#\/schema\/logo\/image\/"},"sameAs":["http:\/\/www.facebook.com\/ARQUIMASTER.com.ar","https:\/\/x.com\/arquimaster","https:\/\/www.instagram.com\/arquimasterblog\/","https:\/\/www.linkedin.com\/company\/arquimaster","https:\/\/www.pinterest.com\/arquimaster","https:\/\/t.me\/arquimaster"]},{"@type":"Person","@id":"https:\/\/www.arquimaster.com.ar\/web\/#\/schema\/person\/359e9f7c00193fcde068e0dd2ceb0028","name":"Arquimaster"}]}},"uagb_featured_image_src":{"full":["https:\/\/www.arquimaster.com.ar\/web\/wp-content\/uploads\/2018\/10\/tendencia_arenales_2018_slide.jpg",642,336,false],"thumbnail":["https:\/\/www.arquimaster.com.ar\/web\/wp-content\/uploads\/2018\/10\/tendencia_arenales_2018_slide-150x150.jpg",150,150,true],"medium":["https:\/\/www.arquimaster.com.ar\/web\/wp-content\/uploads\/2018\/10\/tendencia_arenales_2018_slide.jpg",642,336,false],"medium_large":["https:\/\/www.arquimaster.com.ar\/web\/wp-content\/uploads\/2018\/10\/tendencia_arenales_2018_slide.jpg",642,336,false],"large":["https:\/\/www.arquimaster.com.ar\/web\/wp-content\/uploads\/2018\/10\/tendencia_arenales_2018_slide.jpg",642,336,false],"1536x1536":["https:\/\/www.arquimaster.com.ar\/web\/wp-content\/uploads\/2018\/10\/tendencia_arenales_2018_slide.jpg",642,336,false],"2048x2048":["https:\/\/www.arquimaster.com.ar\/web\/wp-content\/uploads\/2018\/10\/tendencia_arenales_2018_slide.jpg",642,336,false]},"uagb_author_info":{"display_name":"Arquimaster","author_link":"https:\/\/www.arquimaster.com.ar\/web\/author\/arquimaster\/"},"uagb_comment_info":0,"uagb_excerpt":"Marcas de dise\u00f1o y arte que lo conforman intervienen sus locales, vidrieras y veredas...","_links":{"self":[{"href":"https:\/\/www.arquimaster.com.ar\/web\/wp-json\/wp\/v2\/posts\/32504","targetHints":{"allow":["GET"]}}],"collection":[{"href":"https:\/\/www.arquimaster.com.ar\/web\/wp-json\/wp\/v2\/posts"}],"about":[{"href":"https:\/\/www.arquimaster.com.ar\/web\/wp-json\/wp\/v2\/types\/post"}],"author":[{"embeddable":true,"href":"https:\/\/www.arquimaster.com.ar\/web\/wp-json\/wp\/v2\/users\/1"}],"replies":[{"embeddable":true,"href":"https:\/\/www.arquimaster.com.ar\/web\/wp-json\/wp\/v2\/comments?post=32504"}],"version-history":[{"count":2,"href":"https:\/\/www.arquimaster.com.ar\/web\/wp-json\/wp\/v2\/posts\/32504\/revisions"}],"predecessor-version":[{"id":85760,"href":"https:\/\/www.arquimaster.com.ar\/web\/wp-json\/wp\/v2\/posts\/32504\/revisions\/85760"}],"wp:featuredmedia":[{"embeddable":true,"href":"https:\/\/www.arquimaster.com.ar\/web\/wp-json\/wp\/v2\/media\/32509"}],"wp:attachment":[{"href":"https:\/\/www.arquimaster.com.ar\/web\/wp-json\/wp\/v2\/media?parent=32504"}],"wp:term":[{"taxonomy":"category","embeddable":true,"href":"https:\/\/www.arquimaster.com.ar\/web\/wp-json\/wp\/v2\/categories?post=32504"},{"taxonomy":"post_tag","embeddable":true,"href":"https:\/\/www.arquimaster.com.ar\/web\/wp-json\/wp\/v2\/tags?post=32504"}],"curies":[{"name":"wp","href":"https:\/\/api.w.org\/{rel}","templated":true}]}}