{"id":32793,"date":"2018-08-18T02:14:35","date_gmt":"2018-08-18T02:14:35","guid":{"rendered":"http:\/\/www.arquimaster.com.ar\/web\/?p=32793"},"modified":"2025-08-18T23:36:36","modified_gmt":"2025-08-19T02:36:36","slug":"musica-inmaterial-e-hileras-de-luz-jean-nouvel-crea-un-centro-internacional-de-la-musica","status":"publish","type":"post","link":"https:\/\/www.arquimaster.com.ar\/web\/musica-inmaterial-e-hileras-de-luz-jean-nouvel-crea-un-centro-internacional-de-la-musica\/","title":{"rendered":"M\u00fasica inmaterial e hileras de luz: Jean Nouvel crea un centro internacional de la m\u00fasica"},"content":{"rendered":"<div style=\"margin-top: 0px; margin-bottom: 0px;\" class=\"sharethis-inline-share-buttons\" ><\/div><div class=\"b812932af2e751442846f039925109de\" data-index=\"1\" style=\"float: none; margin:25px 0 25px 0; text-align:center;\">\n<script async src=\"https:\/\/pagead2.googlesyndication.com\/pagead\/js\/adsbygoogle.js\"><\/script>\r\n<!-- Arquimaster (superior) -->\r\n<ins class=\"adsbygoogle\"\r\n     style=\"display:block\"\r\n     data-ad-client=\"ca-pub-6351072698456832\"\r\n     data-ad-slot=\"6455489680\"\r\n     data-ad-format=\"auto\"\r\n     data-full-width-responsive=\"true\"><\/ins>\r\n<script>\r\n     (adsbygoogle = window.adsbygoogle || []).push({});\r\n<\/script>\n<\/div>\n<p>La Philharmonie de Paris, dise\u00f1ada por el renombrado arquitecto Jean Nouvel en el a\u00f1o 2015, no es cualquier sala de conciertos sino la m\u00e1s grande de Paris. El edificio de seis plantas consta de una fachada con 340.000 piezas de p\u00e1jaros en aluminio que brilla desde lejos como las escamas de un pez. Pero tambi\u00e9n en su forma, la Philharmonie es excepcional. Dependiendo del lugar desde donde se mire, el edificio parece estar formado por placas enormes insertadas unas con otra, y a veces incluso parece un sombrero de pirata.<\/p>\n<div id='gallery-1' class='gallery galleryid-32793 gallery-columns-3 gallery-size-thumbnail'><figure class='gallery-item'>\n\t\t\t<div class='gallery-icon landscape'>\n\t\t\t\t<a href='https:\/\/www.arquimaster.com.ar\/web\/wp-content\/uploads\/2018\/08\/philharmonie_paris_duravit1.jpg' title=\"M\u00fasica inmaterial e hileras de luz: Jean Nouvel crea un centro internacional de la m\u00fasica (\u00a9 William Beaucardet)\" data-rl_title=\"M\u00fasica inmaterial e hileras de luz: Jean Nouvel crea un centro internacional de la m\u00fasica (\u00a9 William Beaucardet)\" class=\"rl-gallery-link\" data-rl_caption=\"M\u00fasica inmaterial e hileras de luz: Jean Nouvel crea un centro internacional de la m\u00fasica (\u00a9 William Beaucardet)\" data-rel=\"lightbox-gallery-1\"><img loading=\"lazy\" decoding=\"async\" width=\"150\" height=\"150\" src=\"https:\/\/www.arquimaster.com.ar\/web\/wp-content\/uploads\/2018\/08\/philharmonie_paris_duravit1-150x150.jpg\" class=\"attachment-thumbnail size-thumbnail\" alt=\"\" aria-describedby=\"gallery-1-32796\" srcset=\"https:\/\/www.arquimaster.com.ar\/web\/wp-content\/uploads\/2018\/08\/philharmonie_paris_duravit1-150x150.jpg 150w, https:\/\/www.arquimaster.com.ar\/web\/wp-content\/uploads\/2018\/08\/philharmonie_paris_duravit1-50x50.jpg 50w, https:\/\/www.arquimaster.com.ar\/web\/wp-content\/uploads\/2018\/08\/philharmonie_paris_duravit1-125x125.jpg 125w\" sizes=\"auto, (max-width: 150px) 100vw, 150px\" \/><\/a>\n\t\t\t<\/div>\n\t\t\t\t<figcaption class='wp-caption-text gallery-caption' id='gallery-1-32796'>\n\t\t\t\tM\u00fasica inmaterial e hileras de luz: Jean Nouvel crea un centro internacional de la m\u00fasica (\u00a9 William Beaucardet)\n\t\t\t\t<\/figcaption><\/figure><figure class='gallery-item'>\n\t\t\t<div class='gallery-icon landscape'>\n\t\t\t\t<a href='https:\/\/www.arquimaster.com.ar\/web\/wp-content\/uploads\/2018\/08\/philharmonie_paris_duravit2.jpg' title=\"M\u00fasica inmaterial e hileras de luz: Jean Nouvel crea un centro internacional de la m\u00fasica (\u00a9 William Beaucardet)\" data-rl_title=\"M\u00fasica inmaterial e hileras de luz: Jean Nouvel crea un centro internacional de la m\u00fasica (\u00a9 William Beaucardet)\" class=\"rl-gallery-link\" data-rl_caption=\"M\u00fasica inmaterial e hileras de luz: Jean Nouvel crea un centro internacional de la m\u00fasica (\u00a9 William Beaucardet)\" data-rel=\"lightbox-gallery-1\"><img loading=\"lazy\" decoding=\"async\" width=\"150\" height=\"150\" src=\"https:\/\/www.arquimaster.com.ar\/web\/wp-content\/uploads\/2018\/08\/philharmonie_paris_duravit2-150x150.jpg\" class=\"attachment-thumbnail size-thumbnail\" alt=\"\" aria-describedby=\"gallery-1-32797\" srcset=\"https:\/\/www.arquimaster.com.ar\/web\/wp-content\/uploads\/2018\/08\/philharmonie_paris_duravit2-150x150.jpg 150w, https:\/\/www.arquimaster.com.ar\/web\/wp-content\/uploads\/2018\/08\/philharmonie_paris_duravit2-50x50.jpg 50w, https:\/\/www.arquimaster.com.ar\/web\/wp-content\/uploads\/2018\/08\/philharmonie_paris_duravit2-125x125.jpg 125w\" sizes=\"auto, (max-width: 150px) 100vw, 150px\" \/><\/a>\n\t\t\t<\/div>\n\t\t\t\t<figcaption class='wp-caption-text gallery-caption' id='gallery-1-32797'>\n\t\t\t\tM\u00fasica inmaterial e hileras de luz: Jean Nouvel crea un centro internacional de la m\u00fasica (\u00a9 William Beaucardet)\n\t\t\t\t<\/figcaption><\/figure><figure class='gallery-item'>\n\t\t\t<div class='gallery-icon landscape'>\n\t\t\t\t<a href='https:\/\/www.arquimaster.com.ar\/web\/wp-content\/uploads\/2018\/08\/philharmonie_paris_duravit3.jpg' title=\"M\u00fasica inmaterial e hileras de luz: Jean Nouvel crea un centro internacional de la m\u00fasica (\u00a9Michel Denanc\u00e9)\" data-rl_title=\"M\u00fasica inmaterial e hileras de luz: Jean Nouvel crea un centro internacional de la m\u00fasica (\u00a9Michel Denanc\u00e9)\" class=\"rl-gallery-link\" data-rl_caption=\"M\u00fasica inmaterial e hileras de luz: Jean Nouvel crea un centro internacional de la m\u00fasica (\u00a9Michel Denanc\u00e9)\" data-rel=\"lightbox-gallery-1\"><img loading=\"lazy\" decoding=\"async\" width=\"150\" height=\"150\" src=\"https:\/\/www.arquimaster.com.ar\/web\/wp-content\/uploads\/2018\/08\/philharmonie_paris_duravit3-150x150.jpg\" class=\"attachment-thumbnail size-thumbnail\" alt=\"\" aria-describedby=\"gallery-1-32798\" srcset=\"https:\/\/www.arquimaster.com.ar\/web\/wp-content\/uploads\/2018\/08\/philharmonie_paris_duravit3-150x150.jpg 150w, https:\/\/www.arquimaster.com.ar\/web\/wp-content\/uploads\/2018\/08\/philharmonie_paris_duravit3-50x50.jpg 50w, https:\/\/www.arquimaster.com.ar\/web\/wp-content\/uploads\/2018\/08\/philharmonie_paris_duravit3-125x125.jpg 125w\" sizes=\"auto, (max-width: 150px) 100vw, 150px\" \/><\/a>\n\t\t\t<\/div>\n\t\t\t\t<figcaption class='wp-caption-text gallery-caption' id='gallery-1-32798'>\n\t\t\t\tM\u00fasica inmaterial e hileras de luz: Jean Nouvel crea un centro internacional de la m\u00fasica (\u00a9Michel Denanc\u00e9)\n\t\t\t\t<\/figcaption><\/figure>\n\t\t<\/div>\n\n<p>De toque futurista, el edificio est\u00e1 situado en el Parc de la Villette, en el noreste de la ciudad, y alberga un centro para la formaci\u00f3n musical y 15 salas de ensayo de diferentes tama\u00f1os. El elemento central lo forma la sala de conciertos con un aforo para 2400 personas. Adem\u00e1s, dispone de diferentes bares y de un restaurante desde el cual se puede disfrutar de una vista panor\u00e1mica de Paris.<\/p>\n<p>Los balcones que dan al interior de la sala de conciertos se encuentran repartidos en dos plantas y el arquitecto experto en salas de conciertos lo ha denominado como \u00abm\u00fasica e hileras de luz inmateriales\u00bb. Jean Nouvel ha dise\u00f1ado tambi\u00e9n la sala de \u00f3pera de Lyon, as\u00ed como las salas de conciertos de Lucerna y Copenhague. La forma ovalada de estos balcones permite una vista perfecta al escenario central desde cualquier \u00e1ngulo de estas galer\u00edas suspendidas.<\/p>\n<p>A Duravit se le otorga un papel importante en el ba\u00f1o con tres diferentes l\u00edneas de producto. Los elegantes lavabos de la serie Vero decoran la Philarmonie con un toque de dise\u00f1o moderno y cl\u00e1sico. Adem\u00e1s, enriquecen los ba\u00f1os de la sala de concierto los urinarios Starck 1 e inodoros Starck 3 creados por el renombrado dise\u00f1ador Philippe Starck.<\/p>\n<p><strong>Duravit AG<\/strong><br \/>\nLa empresa Duravit AG, fundada en el a\u00f1o 1817 en Hornberg en el centro de la Selva Negra, es actualmente uno de los fabricantes punteros en todo el mundo de ba\u00f1os de dise\u00f1o. La empresa est\u00e1 presente en m\u00e1s de 130 pa\u00edses y se caracteriza por la innovaci\u00f3n en el dise\u00f1o original, la aplicaci\u00f3n de t\u00e9cnica inteligente y la elevada calidad. En cooperaci\u00f3n con dise\u00f1adores de renombre internacional como Philippe Starck, EOOS, Phoenix Design, Sieger Design, Kurt Merki Jr., Christian Werner, Matteo Thun o Cecilie Manz se crean ba\u00f1os que aportan confort y aumentan la calidad de vida de usuarios de forma sustancial. El portfolio de Duravit integra cer\u00e1mica sanitaria, muebles de ba\u00f1o, platos de ducha y ba\u00f1eras, sistemas de hidromasaje y asiento de lavado, grifer\u00eda y accesorios as\u00ed como los elementos de bastidores.<\/p>\n\n<div style=\"font-size: 0px; height: 0px; line-height: 0px; margin: 0; padding: 0; clear: both;\"><\/div><div style=\"margin-top: 0px; margin-bottom: 0px;\" class=\"sharethis-inline-share-buttons\" ><\/div>","protected":false},"excerpt":{"rendered":"<p>Una fachada con piezas de p\u00e1jaros en aluminio brilla desde lejos como las escamas de un pez&#8230;<\/p>\n","protected":false},"author":1,"featured_media":32795,"comment_status":"closed","ping_status":"closed","sticky":false,"template":"","format":"standard","meta":{"_uag_custom_page_level_css":"","footnotes":""},"categories":[70,68],"tags":[2773,329,4767,387,4768,2892],"class_list":["post-32793","post","type-post","status-publish","format-standard","has-post-thumbnail","hentry","category-noticias-arquitectura","category-novedades","tag-bano-publico","tag-duravit","tag-jean-nouvel","tag-philippe-starck","tag-starck-1","tag-starck-3","generate-columns","tablet-grid-50","mobile-grid-100","grid-parent","grid-50"],"yoast_head":"<!-- This site is optimized with the Yoast SEO plugin v27.3 - https:\/\/yoast.com\/product\/yoast-seo-wordpress\/ -->\n<title>M\u00fasica inmaterial e hileras de luz: Jean Nouvel crea un centro internacional de la m\u00fasica - Arquimaster<\/title>\n<meta name=\"description\" content=\"El edificio consta de una fachada con 340.000 piezas de p\u00e1jaros en aluminio que brilla desde lejos como las escamas de un pez.\" \/>\n<meta name=\"robots\" content=\"index, follow, max-snippet:-1, max-image-preview:large, max-video-preview:-1\" \/>\n<link rel=\"canonical\" href=\"https:\/\/www.arquimaster.com.ar\/web\/musica-inmaterial-e-hileras-de-luz-jean-nouvel-crea-un-centro-internacional-de-la-musica\/\" \/>\n<meta property=\"og:locale\" content=\"es_ES\" \/>\n<meta property=\"og:type\" content=\"article\" \/>\n<meta property=\"og:title\" content=\"M\u00fasica inmaterial e hileras de luz: Jean Nouvel crea un centro internacional de la m\u00fasica - Arquimaster\" \/>\n<meta property=\"og:description\" content=\"El edificio consta de una fachada con 340.000 piezas de p\u00e1jaros en aluminio que brilla desde lejos como las escamas de un pez.\" \/>\n<meta property=\"og:url\" content=\"https:\/\/www.arquimaster.com.ar\/web\/musica-inmaterial-e-hileras-de-luz-jean-nouvel-crea-un-centro-internacional-de-la-musica\/\" \/>\n<meta property=\"og:site_name\" content=\"Arquimaster\" \/>\n<meta property=\"article:publisher\" content=\"http:\/\/www.facebook.com\/ARQUIMASTER.com.ar\" \/>\n<meta property=\"article:published_time\" content=\"2018-08-18T02:14:35+00:00\" \/>\n<meta property=\"article:modified_time\" content=\"2025-08-19T02:36:36+00:00\" \/>\n<meta property=\"og:image\" content=\"https:\/\/www.arquimaster.com.ar\/web\/wp-content\/uploads\/2018\/08\/philharmonie_paris_duravit_slide-wpp1586110312237.jpg\" \/>\n\t<meta property=\"og:image:width\" content=\"698\" \/>\n\t<meta property=\"og:image:height\" content=\"364\" \/>\n\t<meta property=\"og:image:type\" content=\"image\/jpeg\" \/>\n<meta name=\"author\" content=\"Arquimaster\" \/>\n<meta name=\"twitter:card\" content=\"summary_large_image\" \/>\n<meta name=\"twitter:description\" content=\"El edificio consta de una fachada con 340.000 piezas de p\u00e1jaros en aluminio que brilla desde lejos como las escamas de un pez.\" \/>\n<meta name=\"twitter:image\" content=\"https:\/\/www.arquimaster.com.ar\/web\/wp-content\/uploads\/2018\/08\/philharmonie_paris_duravit_slide-wpp1586110312237.jpg\" \/>\n<meta name=\"twitter:creator\" content=\"@arquimaster\" \/>\n<meta name=\"twitter:site\" content=\"@arquimaster\" \/>\n<meta name=\"twitter:label1\" content=\"Escrito por\" \/>\n\t<meta name=\"twitter:data1\" content=\"Arquimaster\" \/>\n\t<meta name=\"twitter:label2\" content=\"Tiempo de lectura\" \/>\n\t<meta name=\"twitter:data2\" content=\"3 minutos\" \/>\n<script type=\"application\/ld+json\" class=\"yoast-schema-graph\">{\"@context\":\"https:\\\/\\\/schema.org\",\"@graph\":[{\"@type\":\"Article\",\"@id\":\"https:\\\/\\\/www.arquimaster.com.ar\\\/web\\\/musica-inmaterial-e-hileras-de-luz-jean-nouvel-crea-un-centro-internacional-de-la-musica\\\/#article\",\"isPartOf\":{\"@id\":\"https:\\\/\\\/www.arquimaster.com.ar\\\/web\\\/musica-inmaterial-e-hileras-de-luz-jean-nouvel-crea-un-centro-internacional-de-la-musica\\\/\"},\"author\":{\"name\":\"Arquimaster\",\"@id\":\"https:\\\/\\\/www.arquimaster.com.ar\\\/web\\\/#\\\/schema\\\/person\\\/359e9f7c00193fcde068e0dd2ceb0028\"},\"headline\":\"M\u00fasica inmaterial e hileras de luz: Jean Nouvel crea un centro internacional de la m\u00fasica\",\"datePublished\":\"2018-08-18T02:14:35+00:00\",\"dateModified\":\"2025-08-19T02:36:36+00:00\",\"mainEntityOfPage\":{\"@id\":\"https:\\\/\\\/www.arquimaster.com.ar\\\/web\\\/musica-inmaterial-e-hileras-de-luz-jean-nouvel-crea-un-centro-internacional-de-la-musica\\\/\"},\"wordCount\":481,\"publisher\":{\"@id\":\"https:\\\/\\\/www.arquimaster.com.ar\\\/web\\\/#organization\"},\"image\":{\"@id\":\"https:\\\/\\\/www.arquimaster.com.ar\\\/web\\\/musica-inmaterial-e-hileras-de-luz-jean-nouvel-crea-un-centro-internacional-de-la-musica\\\/#primaryimage\"},\"thumbnailUrl\":\"https:\\\/\\\/www.arquimaster.com.ar\\\/web\\\/wp-content\\\/uploads\\\/2018\\\/08\\\/philharmonie_paris_duravit_slide-wpp1586110312237.jpg\",\"keywords\":[\"ba\u00f1o publico\",\"Duravit\",\"Jean Nouvel\",\"Philippe Starck\",\"Starck 1\",\"Starck 3\"],\"articleSection\":[\"Noticias de arquitectura y dise\u00f1o\",\"Novedades\"],\"inLanguage\":\"es\"},{\"@type\":\"WebPage\",\"@id\":\"https:\\\/\\\/www.arquimaster.com.ar\\\/web\\\/musica-inmaterial-e-hileras-de-luz-jean-nouvel-crea-un-centro-internacional-de-la-musica\\\/\",\"url\":\"https:\\\/\\\/www.arquimaster.com.ar\\\/web\\\/musica-inmaterial-e-hileras-de-luz-jean-nouvel-crea-un-centro-internacional-de-la-musica\\\/\",\"name\":\"M\u00fasica inmaterial e hileras de luz: Jean Nouvel crea un centro internacional de la m\u00fasica - Arquimaster\",\"isPartOf\":{\"@id\":\"https:\\\/\\\/www.arquimaster.com.ar\\\/web\\\/#website\"},\"primaryImageOfPage\":{\"@id\":\"https:\\\/\\\/www.arquimaster.com.ar\\\/web\\\/musica-inmaterial-e-hileras-de-luz-jean-nouvel-crea-un-centro-internacional-de-la-musica\\\/#primaryimage\"},\"image\":{\"@id\":\"https:\\\/\\\/www.arquimaster.com.ar\\\/web\\\/musica-inmaterial-e-hileras-de-luz-jean-nouvel-crea-un-centro-internacional-de-la-musica\\\/#primaryimage\"},\"thumbnailUrl\":\"https:\\\/\\\/www.arquimaster.com.ar\\\/web\\\/wp-content\\\/uploads\\\/2018\\\/08\\\/philharmonie_paris_duravit_slide-wpp1586110312237.jpg\",\"datePublished\":\"2018-08-18T02:14:35+00:00\",\"dateModified\":\"2025-08-19T02:36:36+00:00\",\"description\":\"El edificio consta de una fachada con 340.000 piezas de p\u00e1jaros en aluminio que brilla desde lejos como las escamas de un pez.\",\"breadcrumb\":{\"@id\":\"https:\\\/\\\/www.arquimaster.com.ar\\\/web\\\/musica-inmaterial-e-hileras-de-luz-jean-nouvel-crea-un-centro-internacional-de-la-musica\\\/#breadcrumb\"},\"inLanguage\":\"es\",\"potentialAction\":[{\"@type\":\"ReadAction\",\"target\":[\"https:\\\/\\\/www.arquimaster.com.ar\\\/web\\\/musica-inmaterial-e-hileras-de-luz-jean-nouvel-crea-un-centro-internacional-de-la-musica\\\/\"]}]},{\"@type\":\"ImageObject\",\"inLanguage\":\"es\",\"@id\":\"https:\\\/\\\/www.arquimaster.com.ar\\\/web\\\/musica-inmaterial-e-hileras-de-luz-jean-nouvel-crea-un-centro-internacional-de-la-musica\\\/#primaryimage\",\"url\":\"https:\\\/\\\/www.arquimaster.com.ar\\\/web\\\/wp-content\\\/uploads\\\/2018\\\/08\\\/philharmonie_paris_duravit_slide-wpp1586110312237.jpg\",\"contentUrl\":\"https:\\\/\\\/www.arquimaster.com.ar\\\/web\\\/wp-content\\\/uploads\\\/2018\\\/08\\\/philharmonie_paris_duravit_slide-wpp1586110312237.jpg\",\"width\":698,\"height\":364},{\"@type\":\"BreadcrumbList\",\"@id\":\"https:\\\/\\\/www.arquimaster.com.ar\\\/web\\\/musica-inmaterial-e-hileras-de-luz-jean-nouvel-crea-un-centro-internacional-de-la-musica\\\/#breadcrumb\",\"itemListElement\":[{\"@type\":\"ListItem\",\"position\":1,\"name\":\"Portada\",\"item\":\"https:\\\/\\\/www.arquimaster.com.ar\\\/web\\\/\"},{\"@type\":\"ListItem\",\"position\":2,\"name\":\"M\u00fasica inmaterial e hileras de luz: Jean Nouvel crea un centro internacional de la m\u00fasica\"}]},{\"@type\":\"WebSite\",\"@id\":\"https:\\\/\\\/www.arquimaster.com.ar\\\/web\\\/#website\",\"url\":\"https:\\\/\\\/www.arquimaster.com.ar\\\/web\\\/\",\"name\":\"Arquimaster\",\"description\":\"Web de arquitectura, dise\u00f1o y construccion\",\"publisher\":{\"@id\":\"https:\\\/\\\/www.arquimaster.com.ar\\\/web\\\/#organization\"},\"potentialAction\":[{\"@type\":\"SearchAction\",\"target\":{\"@type\":\"EntryPoint\",\"urlTemplate\":\"https:\\\/\\\/www.arquimaster.com.ar\\\/web\\\/?s={search_term_string}\"},\"query-input\":{\"@type\":\"PropertyValueSpecification\",\"valueRequired\":true,\"valueName\":\"search_term_string\"}}],\"inLanguage\":\"es\"},{\"@type\":\"Organization\",\"@id\":\"https:\\\/\\\/www.arquimaster.com.ar\\\/web\\\/#organization\",\"name\":\"Arquimaster\",\"url\":\"https:\\\/\\\/www.arquimaster.com.ar\\\/web\\\/\",\"logo\":{\"@type\":\"ImageObject\",\"inLanguage\":\"es\",\"@id\":\"https:\\\/\\\/www.arquimaster.com.ar\\\/web\\\/#\\\/schema\\\/logo\\\/image\\\/\",\"url\":\"https:\\\/\\\/www.arquimaster.com.ar\\\/web\\\/wp-content\\\/uploads\\\/2022\\\/06\\\/arquimaster.png\",\"contentUrl\":\"https:\\\/\\\/www.arquimaster.com.ar\\\/web\\\/wp-content\\\/uploads\\\/2022\\\/06\\\/arquimaster.png\",\"width\":594,\"height\":78,\"caption\":\"Arquimaster\"},\"image\":{\"@id\":\"https:\\\/\\\/www.arquimaster.com.ar\\\/web\\\/#\\\/schema\\\/logo\\\/image\\\/\"},\"sameAs\":[\"http:\\\/\\\/www.facebook.com\\\/ARQUIMASTER.com.ar\",\"https:\\\/\\\/x.com\\\/arquimaster\",\"https:\\\/\\\/www.instagram.com\\\/arquimasterblog\\\/\",\"https:\\\/\\\/www.linkedin.com\\\/company\\\/arquimaster\",\"https:\\\/\\\/www.pinterest.com\\\/arquimaster\",\"https:\\\/\\\/t.me\\\/arquimaster\"]},{\"@type\":\"Person\",\"@id\":\"https:\\\/\\\/www.arquimaster.com.ar\\\/web\\\/#\\\/schema\\\/person\\\/359e9f7c00193fcde068e0dd2ceb0028\",\"name\":\"Arquimaster\"}]}<\/script>\n<!-- \/ Yoast SEO plugin. -->","yoast_head_json":{"title":"M\u00fasica inmaterial e hileras de luz: Jean Nouvel crea un centro internacional de la m\u00fasica - Arquimaster","description":"El edificio consta de una fachada con 340.000 piezas de p\u00e1jaros en aluminio que brilla desde lejos como las escamas de un pez.","robots":{"index":"index","follow":"follow","max-snippet":"max-snippet:-1","max-image-preview":"max-image-preview:large","max-video-preview":"max-video-preview:-1"},"canonical":"https:\/\/www.arquimaster.com.ar\/web\/musica-inmaterial-e-hileras-de-luz-jean-nouvel-crea-un-centro-internacional-de-la-musica\/","og_locale":"es_ES","og_type":"article","og_title":"M\u00fasica inmaterial e hileras de luz: Jean Nouvel crea un centro internacional de la m\u00fasica - Arquimaster","og_description":"El edificio consta de una fachada con 340.000 piezas de p\u00e1jaros en aluminio que brilla desde lejos como las escamas de un pez.","og_url":"https:\/\/www.arquimaster.com.ar\/web\/musica-inmaterial-e-hileras-de-luz-jean-nouvel-crea-un-centro-internacional-de-la-musica\/","og_site_name":"Arquimaster","article_publisher":"http:\/\/www.facebook.com\/ARQUIMASTER.com.ar","article_published_time":"2018-08-18T02:14:35+00:00","article_modified_time":"2025-08-19T02:36:36+00:00","og_image":[{"width":698,"height":364,"url":"https:\/\/www.arquimaster.com.ar\/web\/wp-content\/uploads\/2018\/08\/philharmonie_paris_duravit_slide-wpp1586110312237.jpg","type":"image\/jpeg"}],"author":"Arquimaster","twitter_card":"summary_large_image","twitter_description":"El edificio consta de una fachada con 340.000 piezas de p\u00e1jaros en aluminio que brilla desde lejos como las escamas de un pez.","twitter_image":"https:\/\/www.arquimaster.com.ar\/web\/wp-content\/uploads\/2018\/08\/philharmonie_paris_duravit_slide-wpp1586110312237.jpg","twitter_creator":"@arquimaster","twitter_site":"@arquimaster","twitter_misc":{"Escrito por":"Arquimaster","Tiempo de lectura":"3 minutos"},"schema":{"@context":"https:\/\/schema.org","@graph":[{"@type":"Article","@id":"https:\/\/www.arquimaster.com.ar\/web\/musica-inmaterial-e-hileras-de-luz-jean-nouvel-crea-un-centro-internacional-de-la-musica\/#article","isPartOf":{"@id":"https:\/\/www.arquimaster.com.ar\/web\/musica-inmaterial-e-hileras-de-luz-jean-nouvel-crea-un-centro-internacional-de-la-musica\/"},"author":{"name":"Arquimaster","@id":"https:\/\/www.arquimaster.com.ar\/web\/#\/schema\/person\/359e9f7c00193fcde068e0dd2ceb0028"},"headline":"M\u00fasica inmaterial e hileras de luz: Jean Nouvel crea un centro internacional de la m\u00fasica","datePublished":"2018-08-18T02:14:35+00:00","dateModified":"2025-08-19T02:36:36+00:00","mainEntityOfPage":{"@id":"https:\/\/www.arquimaster.com.ar\/web\/musica-inmaterial-e-hileras-de-luz-jean-nouvel-crea-un-centro-internacional-de-la-musica\/"},"wordCount":481,"publisher":{"@id":"https:\/\/www.arquimaster.com.ar\/web\/#organization"},"image":{"@id":"https:\/\/www.arquimaster.com.ar\/web\/musica-inmaterial-e-hileras-de-luz-jean-nouvel-crea-un-centro-internacional-de-la-musica\/#primaryimage"},"thumbnailUrl":"https:\/\/www.arquimaster.com.ar\/web\/wp-content\/uploads\/2018\/08\/philharmonie_paris_duravit_slide-wpp1586110312237.jpg","keywords":["ba\u00f1o publico","Duravit","Jean Nouvel","Philippe Starck","Starck 1","Starck 3"],"articleSection":["Noticias de arquitectura y dise\u00f1o","Novedades"],"inLanguage":"es"},{"@type":"WebPage","@id":"https:\/\/www.arquimaster.com.ar\/web\/musica-inmaterial-e-hileras-de-luz-jean-nouvel-crea-un-centro-internacional-de-la-musica\/","url":"https:\/\/www.arquimaster.com.ar\/web\/musica-inmaterial-e-hileras-de-luz-jean-nouvel-crea-un-centro-internacional-de-la-musica\/","name":"M\u00fasica inmaterial e hileras de luz: Jean Nouvel crea un centro internacional de la m\u00fasica - Arquimaster","isPartOf":{"@id":"https:\/\/www.arquimaster.com.ar\/web\/#website"},"primaryImageOfPage":{"@id":"https:\/\/www.arquimaster.com.ar\/web\/musica-inmaterial-e-hileras-de-luz-jean-nouvel-crea-un-centro-internacional-de-la-musica\/#primaryimage"},"image":{"@id":"https:\/\/www.arquimaster.com.ar\/web\/musica-inmaterial-e-hileras-de-luz-jean-nouvel-crea-un-centro-internacional-de-la-musica\/#primaryimage"},"thumbnailUrl":"https:\/\/www.arquimaster.com.ar\/web\/wp-content\/uploads\/2018\/08\/philharmonie_paris_duravit_slide-wpp1586110312237.jpg","datePublished":"2018-08-18T02:14:35+00:00","dateModified":"2025-08-19T02:36:36+00:00","description":"El edificio consta de una fachada con 340.000 piezas de p\u00e1jaros en aluminio que brilla desde lejos como las escamas de un pez.","breadcrumb":{"@id":"https:\/\/www.arquimaster.com.ar\/web\/musica-inmaterial-e-hileras-de-luz-jean-nouvel-crea-un-centro-internacional-de-la-musica\/#breadcrumb"},"inLanguage":"es","potentialAction":[{"@type":"ReadAction","target":["https:\/\/www.arquimaster.com.ar\/web\/musica-inmaterial-e-hileras-de-luz-jean-nouvel-crea-un-centro-internacional-de-la-musica\/"]}]},{"@type":"ImageObject","inLanguage":"es","@id":"https:\/\/www.arquimaster.com.ar\/web\/musica-inmaterial-e-hileras-de-luz-jean-nouvel-crea-un-centro-internacional-de-la-musica\/#primaryimage","url":"https:\/\/www.arquimaster.com.ar\/web\/wp-content\/uploads\/2018\/08\/philharmonie_paris_duravit_slide-wpp1586110312237.jpg","contentUrl":"https:\/\/www.arquimaster.com.ar\/web\/wp-content\/uploads\/2018\/08\/philharmonie_paris_duravit_slide-wpp1586110312237.jpg","width":698,"height":364},{"@type":"BreadcrumbList","@id":"https:\/\/www.arquimaster.com.ar\/web\/musica-inmaterial-e-hileras-de-luz-jean-nouvel-crea-un-centro-internacional-de-la-musica\/#breadcrumb","itemListElement":[{"@type":"ListItem","position":1,"name":"Portada","item":"https:\/\/www.arquimaster.com.ar\/web\/"},{"@type":"ListItem","position":2,"name":"M\u00fasica inmaterial e hileras de luz: Jean Nouvel crea un centro internacional de la m\u00fasica"}]},{"@type":"WebSite","@id":"https:\/\/www.arquimaster.com.ar\/web\/#website","url":"https:\/\/www.arquimaster.com.ar\/web\/","name":"Arquimaster","description":"Web de arquitectura, dise\u00f1o y construccion","publisher":{"@id":"https:\/\/www.arquimaster.com.ar\/web\/#organization"},"potentialAction":[{"@type":"SearchAction","target":{"@type":"EntryPoint","urlTemplate":"https:\/\/www.arquimaster.com.ar\/web\/?s={search_term_string}"},"query-input":{"@type":"PropertyValueSpecification","valueRequired":true,"valueName":"search_term_string"}}],"inLanguage":"es"},{"@type":"Organization","@id":"https:\/\/www.arquimaster.com.ar\/web\/#organization","name":"Arquimaster","url":"https:\/\/www.arquimaster.com.ar\/web\/","logo":{"@type":"ImageObject","inLanguage":"es","@id":"https:\/\/www.arquimaster.com.ar\/web\/#\/schema\/logo\/image\/","url":"https:\/\/www.arquimaster.com.ar\/web\/wp-content\/uploads\/2022\/06\/arquimaster.png","contentUrl":"https:\/\/www.arquimaster.com.ar\/web\/wp-content\/uploads\/2022\/06\/arquimaster.png","width":594,"height":78,"caption":"Arquimaster"},"image":{"@id":"https:\/\/www.arquimaster.com.ar\/web\/#\/schema\/logo\/image\/"},"sameAs":["http:\/\/www.facebook.com\/ARQUIMASTER.com.ar","https:\/\/x.com\/arquimaster","https:\/\/www.instagram.com\/arquimasterblog\/","https:\/\/www.linkedin.com\/company\/arquimaster","https:\/\/www.pinterest.com\/arquimaster","https:\/\/t.me\/arquimaster"]},{"@type":"Person","@id":"https:\/\/www.arquimaster.com.ar\/web\/#\/schema\/person\/359e9f7c00193fcde068e0dd2ceb0028","name":"Arquimaster"}]}},"uagb_featured_image_src":{"full":["https:\/\/www.arquimaster.com.ar\/web\/wp-content\/uploads\/2018\/08\/philharmonie_paris_duravit_slide-wpp1586110312237.jpg",698,364,false],"thumbnail":["https:\/\/www.arquimaster.com.ar\/web\/wp-content\/uploads\/2018\/08\/philharmonie_paris_duravit_slide-wpp1586110312237-150x150.jpg",150,150,true],"medium":["https:\/\/www.arquimaster.com.ar\/web\/wp-content\/uploads\/2018\/08\/philharmonie_paris_duravit_slide-wpp1586110312237.jpg",698,364,false],"medium_large":["https:\/\/www.arquimaster.com.ar\/web\/wp-content\/uploads\/2018\/08\/philharmonie_paris_duravit_slide-wpp1586110312237.jpg",698,364,false],"large":["https:\/\/www.arquimaster.com.ar\/web\/wp-content\/uploads\/2018\/08\/philharmonie_paris_duravit_slide-wpp1586110312237.jpg",698,364,false],"1536x1536":["https:\/\/www.arquimaster.com.ar\/web\/wp-content\/uploads\/2018\/08\/philharmonie_paris_duravit_slide-wpp1586110312237.jpg",698,364,false],"2048x2048":["https:\/\/www.arquimaster.com.ar\/web\/wp-content\/uploads\/2018\/08\/philharmonie_paris_duravit_slide-wpp1586110312237.jpg",698,364,false]},"uagb_author_info":{"display_name":"Arquimaster","author_link":"https:\/\/www.arquimaster.com.ar\/web\/author\/arquimaster\/"},"uagb_comment_info":0,"uagb_excerpt":"Una fachada con piezas de p\u00e1jaros en aluminio brilla desde lejos como las escamas de un pez...","_links":{"self":[{"href":"https:\/\/www.arquimaster.com.ar\/web\/wp-json\/wp\/v2\/posts\/32793","targetHints":{"allow":["GET"]}}],"collection":[{"href":"https:\/\/www.arquimaster.com.ar\/web\/wp-json\/wp\/v2\/posts"}],"about":[{"href":"https:\/\/www.arquimaster.com.ar\/web\/wp-json\/wp\/v2\/types\/post"}],"author":[{"embeddable":true,"href":"https:\/\/www.arquimaster.com.ar\/web\/wp-json\/wp\/v2\/users\/1"}],"replies":[{"embeddable":true,"href":"https:\/\/www.arquimaster.com.ar\/web\/wp-json\/wp\/v2\/comments?post=32793"}],"version-history":[{"count":2,"href":"https:\/\/www.arquimaster.com.ar\/web\/wp-json\/wp\/v2\/posts\/32793\/revisions"}],"predecessor-version":[{"id":85769,"href":"https:\/\/www.arquimaster.com.ar\/web\/wp-json\/wp\/v2\/posts\/32793\/revisions\/85769"}],"wp:featuredmedia":[{"embeddable":true,"href":"https:\/\/www.arquimaster.com.ar\/web\/wp-json\/wp\/v2\/media\/32795"}],"wp:attachment":[{"href":"https:\/\/www.arquimaster.com.ar\/web\/wp-json\/wp\/v2\/media?parent=32793"}],"wp:term":[{"taxonomy":"category","embeddable":true,"href":"https:\/\/www.arquimaster.com.ar\/web\/wp-json\/wp\/v2\/categories?post=32793"},{"taxonomy":"post_tag","embeddable":true,"href":"https:\/\/www.arquimaster.com.ar\/web\/wp-json\/wp\/v2\/tags?post=32793"}],"curies":[{"name":"wp","href":"https:\/\/api.w.org\/{rel}","templated":true}]}}