{"id":32890,"date":"2018-10-16T17:53:34","date_gmt":"2018-10-16T17:53:34","guid":{"rendered":"http:\/\/www.arquimaster.com.ar\/web\/?p=32890"},"modified":"2020-03-21T12:52:29","modified_gmt":"2020-03-21T15:52:29","slug":"casa-rc-80-taller-estilo-arquitectura","status":"publish","type":"post","link":"https:\/\/www.arquimaster.com.ar\/web\/casa-rc-80-taller-estilo-arquitectura\/","title":{"rendered":"Casa RC 80 \/ Taller Estilo Arquitectura"},"content":{"rendered":"<div class=\"b812932af2e751442846f039925109de\" data-index=\"1\" style=\"float: none; margin:25px 0 25px 0; text-align:center;\">\n<script async src=\"https:\/\/pagead2.googlesyndication.com\/pagead\/js\/adsbygoogle.js\"><\/script>\r\n<!-- Arquimaster (superior) -->\r\n<ins class=\"adsbygoogle\"\r\n     style=\"display:block\"\r\n     data-ad-client=\"ca-pub-6351072698456832\"\r\n     data-ad-slot=\"6455489680\"\r\n     data-ad-format=\"auto\"\r\n     data-full-width-responsive=\"true\"><\/ins>\r\n<script>\r\n     (adsbygoogle = window.adsbygoogle || []).push({});\r\n<\/script>\n<\/div>\n<p><strong>Casa RC 80<\/strong> (M\u00e9rida, Yucat\u00e1n, M\u00e9xico) por <strong>Taller Estilo Arquitectura<\/strong>. La historia del edificio y el significado cultural y social, fueron las caracter\u00edsticas que nos llevaron a la interpretaci\u00f3n e intervenci\u00f3n de la Casa RC 80. Un lote irregular y algunos elementos preexistentes le dan a esta vivienda un car\u00e1cter \u00fanico.<\/p>\n<p>La disposici\u00f3n de los espacios nos permite crear armoniosas relaciones entre las estructuras preexistentes y los elementos nuevos, desarrollando una continuidad espacial y visual entre ellos. En el edificio existente contiene: vest\u00edbulo, cochera, sala y cocina; el comedor aprovecha con el ventanal a doble altura la iluminaci\u00f3n y ventilaci\u00f3n natural actuando como engrane entre el edificio antiguo y el nuevo.<\/p>\n<div id='gallery-1' class='gallery galleryid-32890 gallery-columns-3 gallery-size-thumbnail'><figure class='gallery-item'>\n\t\t\t<div class='gallery-icon portrait'>\n\t\t\t\t<a href='https:\/\/www.arquimaster.com.ar\/web\/wp-content\/uploads\/2018\/10\/casa_rc80_1.jpg' title=\"Casa RC 80 \/ Taller Estilo Arquitectura (\u00a9 David Cervera)\" data-rl_title=\"Casa RC 80 \/ Taller Estilo Arquitectura (\u00a9 David Cervera)\" class=\"rl-gallery-link\" data-rl_caption=\"Casa RC 80 \/ Taller Estilo Arquitectura (\u00a9 David Cervera)\" data-rel=\"lightbox-gallery-1\"><img loading=\"lazy\" decoding=\"async\" width=\"150\" height=\"150\" src=\"https:\/\/www.arquimaster.com.ar\/web\/wp-content\/uploads\/2018\/10\/casa_rc80_1-150x150.jpg\" class=\"attachment-thumbnail size-thumbnail\" alt=\"\" aria-describedby=\"gallery-1-32892\" srcset=\"https:\/\/www.arquimaster.com.ar\/web\/wp-content\/uploads\/2018\/10\/casa_rc80_1-150x150.jpg 150w, https:\/\/www.arquimaster.com.ar\/web\/wp-content\/uploads\/2018\/10\/casa_rc80_1-50x50.jpg 50w, https:\/\/www.arquimaster.com.ar\/web\/wp-content\/uploads\/2018\/10\/casa_rc80_1-125x125.jpg 125w\" sizes=\"auto, (max-width: 150px) 100vw, 150px\" \/><\/a>\n\t\t\t<\/div>\n\t\t\t\t<figcaption class='wp-caption-text gallery-caption' id='gallery-1-32892'>\n\t\t\t\tCasa RC 80 \/ Taller Estilo Arquitectura (\u00a9 David Cervera)\n\t\t\t\t<\/figcaption><\/figure><figure class='gallery-item'>\n\t\t\t<div class='gallery-icon landscape'>\n\t\t\t\t<a href='https:\/\/www.arquimaster.com.ar\/web\/wp-content\/uploads\/2018\/10\/casa_rc80_2.jpg' title=\"Casa RC 80 \/ Taller Estilo Arquitectura (\u00a9 David Cervera)\" data-rl_title=\"Casa RC 80 \/ Taller Estilo Arquitectura (\u00a9 David Cervera)\" class=\"rl-gallery-link\" data-rl_caption=\"Casa RC 80 \/ Taller Estilo Arquitectura (\u00a9 David Cervera)\" data-rel=\"lightbox-gallery-1\"><img loading=\"lazy\" decoding=\"async\" width=\"150\" height=\"150\" src=\"https:\/\/www.arquimaster.com.ar\/web\/wp-content\/uploads\/2018\/10\/casa_rc80_2-150x150.jpg\" class=\"attachment-thumbnail size-thumbnail\" alt=\"\" aria-describedby=\"gallery-1-32893\" srcset=\"https:\/\/www.arquimaster.com.ar\/web\/wp-content\/uploads\/2018\/10\/casa_rc80_2-150x150.jpg 150w, https:\/\/www.arquimaster.com.ar\/web\/wp-content\/uploads\/2018\/10\/casa_rc80_2-50x50.jpg 50w, https:\/\/www.arquimaster.com.ar\/web\/wp-content\/uploads\/2018\/10\/casa_rc80_2-125x125.jpg 125w\" sizes=\"auto, (max-width: 150px) 100vw, 150px\" \/><\/a>\n\t\t\t<\/div>\n\t\t\t\t<figcaption class='wp-caption-text gallery-caption' id='gallery-1-32893'>\n\t\t\t\tCasa RC 80 \/ Taller Estilo Arquitectura (\u00a9 David Cervera)\n\t\t\t\t<\/figcaption><\/figure><figure class='gallery-item'>\n\t\t\t<div class='gallery-icon portrait'>\n\t\t\t\t<a href='https:\/\/www.arquimaster.com.ar\/web\/wp-content\/uploads\/2018\/10\/casa_rc80_3.jpg' title=\"Casa RC 80 \/ Taller Estilo Arquitectura (\u00a9 David Cervera)\" data-rl_title=\"Casa RC 80 \/ Taller Estilo Arquitectura (\u00a9 David Cervera)\" class=\"rl-gallery-link\" data-rl_caption=\"Casa RC 80 \/ Taller Estilo Arquitectura (\u00a9 David Cervera)\" data-rel=\"lightbox-gallery-1\"><img loading=\"lazy\" decoding=\"async\" width=\"150\" height=\"150\" src=\"https:\/\/www.arquimaster.com.ar\/web\/wp-content\/uploads\/2018\/10\/casa_rc80_3-150x150.jpg\" class=\"attachment-thumbnail size-thumbnail\" alt=\"\" aria-describedby=\"gallery-1-32894\" srcset=\"https:\/\/www.arquimaster.com.ar\/web\/wp-content\/uploads\/2018\/10\/casa_rc80_3-150x150.jpg 150w, https:\/\/www.arquimaster.com.ar\/web\/wp-content\/uploads\/2018\/10\/casa_rc80_3-50x50.jpg 50w, https:\/\/www.arquimaster.com.ar\/web\/wp-content\/uploads\/2018\/10\/casa_rc80_3-125x125.jpg 125w\" sizes=\"auto, (max-width: 150px) 100vw, 150px\" \/><\/a>\n\t\t\t<\/div>\n\t\t\t\t<figcaption class='wp-caption-text gallery-caption' id='gallery-1-32894'>\n\t\t\t\tCasa RC 80 \/ Taller Estilo Arquitectura (\u00a9 David Cervera)\n\t\t\t\t<\/figcaption><\/figure><figure class='gallery-item'>\n\t\t\t<div class='gallery-icon portrait'>\n\t\t\t\t<a href='https:\/\/www.arquimaster.com.ar\/web\/wp-content\/uploads\/2018\/10\/casa_rc80_4.jpg' title=\"Casa RC 80 \/ Taller Estilo Arquitectura (\u00a9 David Cervera)\" data-rl_title=\"Casa RC 80 \/ Taller Estilo Arquitectura (\u00a9 David Cervera)\" class=\"rl-gallery-link\" data-rl_caption=\"Casa RC 80 \/ Taller Estilo Arquitectura (\u00a9 David Cervera)\" data-rel=\"lightbox-gallery-1\"><img loading=\"lazy\" decoding=\"async\" width=\"150\" height=\"150\" src=\"https:\/\/www.arquimaster.com.ar\/web\/wp-content\/uploads\/2018\/10\/casa_rc80_4-150x150.jpg\" class=\"attachment-thumbnail size-thumbnail\" alt=\"\" aria-describedby=\"gallery-1-32895\" srcset=\"https:\/\/www.arquimaster.com.ar\/web\/wp-content\/uploads\/2018\/10\/casa_rc80_4-150x150.jpg 150w, https:\/\/www.arquimaster.com.ar\/web\/wp-content\/uploads\/2018\/10\/casa_rc80_4-50x50.jpg 50w, https:\/\/www.arquimaster.com.ar\/web\/wp-content\/uploads\/2018\/10\/casa_rc80_4-125x125.jpg 125w\" sizes=\"auto, (max-width: 150px) 100vw, 150px\" \/><\/a>\n\t\t\t<\/div>\n\t\t\t\t<figcaption class='wp-caption-text gallery-caption' id='gallery-1-32895'>\n\t\t\t\tCasa RC 80 \/ Taller Estilo Arquitectura (\u00a9 David Cervera)\n\t\t\t\t<\/figcaption><\/figure><figure class='gallery-item'>\n\t\t\t<div class='gallery-icon portrait'>\n\t\t\t\t<a href='https:\/\/www.arquimaster.com.ar\/web\/wp-content\/uploads\/2018\/10\/casa_rc80_5.jpg' title=\"Casa RC 80 \/ Taller Estilo Arquitectura (\u00a9 David Cervera)\" data-rl_title=\"Casa RC 80 \/ Taller Estilo Arquitectura (\u00a9 David Cervera)\" class=\"rl-gallery-link\" data-rl_caption=\"Casa RC 80 \/ Taller Estilo Arquitectura (\u00a9 David Cervera)\" data-rel=\"lightbox-gallery-1\"><img loading=\"lazy\" decoding=\"async\" width=\"150\" height=\"150\" src=\"https:\/\/www.arquimaster.com.ar\/web\/wp-content\/uploads\/2018\/10\/casa_rc80_5-150x150.jpg\" class=\"attachment-thumbnail size-thumbnail\" alt=\"\" aria-describedby=\"gallery-1-32896\" srcset=\"https:\/\/www.arquimaster.com.ar\/web\/wp-content\/uploads\/2018\/10\/casa_rc80_5-150x150.jpg 150w, https:\/\/www.arquimaster.com.ar\/web\/wp-content\/uploads\/2018\/10\/casa_rc80_5-50x50.jpg 50w, https:\/\/www.arquimaster.com.ar\/web\/wp-content\/uploads\/2018\/10\/casa_rc80_5-125x125.jpg 125w\" sizes=\"auto, (max-width: 150px) 100vw, 150px\" \/><\/a>\n\t\t\t<\/div>\n\t\t\t\t<figcaption class='wp-caption-text gallery-caption' id='gallery-1-32896'>\n\t\t\t\tCasa RC 80 \/ Taller Estilo Arquitectura (\u00a9 David Cervera)\n\t\t\t\t<\/figcaption><\/figure><figure class='gallery-item'>\n\t\t\t<div class='gallery-icon portrait'>\n\t\t\t\t<a href='https:\/\/www.arquimaster.com.ar\/web\/wp-content\/uploads\/2018\/10\/casa_rc80_6.jpg' title=\"Casa RC 80 \/ Taller Estilo Arquitectura (\u00a9 David Cervera)\" data-rl_title=\"Casa RC 80 \/ Taller Estilo Arquitectura (\u00a9 David Cervera)\" class=\"rl-gallery-link\" data-rl_caption=\"Casa RC 80 \/ Taller Estilo Arquitectura (\u00a9 David Cervera)\" data-rel=\"lightbox-gallery-1\"><img loading=\"lazy\" decoding=\"async\" width=\"150\" height=\"150\" src=\"https:\/\/www.arquimaster.com.ar\/web\/wp-content\/uploads\/2018\/10\/casa_rc80_6-150x150.jpg\" class=\"attachment-thumbnail size-thumbnail\" alt=\"\" aria-describedby=\"gallery-1-32897\" srcset=\"https:\/\/www.arquimaster.com.ar\/web\/wp-content\/uploads\/2018\/10\/casa_rc80_6-150x150.jpg 150w, https:\/\/www.arquimaster.com.ar\/web\/wp-content\/uploads\/2018\/10\/casa_rc80_6-50x50.jpg 50w, https:\/\/www.arquimaster.com.ar\/web\/wp-content\/uploads\/2018\/10\/casa_rc80_6-125x125.jpg 125w\" sizes=\"auto, (max-width: 150px) 100vw, 150px\" \/><\/a>\n\t\t\t<\/div>\n\t\t\t\t<figcaption class='wp-caption-text gallery-caption' id='gallery-1-32897'>\n\t\t\t\tCasa RC 80 \/ Taller Estilo Arquitectura (\u00a9 David Cervera)\n\t\t\t\t<\/figcaption><\/figure><figure class='gallery-item'>\n\t\t\t<div class='gallery-icon portrait'>\n\t\t\t\t<a href='https:\/\/www.arquimaster.com.ar\/web\/wp-content\/uploads\/2018\/10\/casa_rc80_7.jpg' title=\"Casa RC 80 \/ Taller Estilo Arquitectura (\u00a9 David Cervera)\" data-rl_title=\"Casa RC 80 \/ Taller Estilo Arquitectura (\u00a9 David Cervera)\" class=\"rl-gallery-link\" data-rl_caption=\"Casa RC 80 \/ Taller Estilo Arquitectura (\u00a9 David Cervera)\" data-rel=\"lightbox-gallery-1\"><img loading=\"lazy\" decoding=\"async\" width=\"150\" height=\"150\" src=\"https:\/\/www.arquimaster.com.ar\/web\/wp-content\/uploads\/2018\/10\/casa_rc80_7-150x150.jpg\" class=\"attachment-thumbnail size-thumbnail\" alt=\"\" aria-describedby=\"gallery-1-32898\" srcset=\"https:\/\/www.arquimaster.com.ar\/web\/wp-content\/uploads\/2018\/10\/casa_rc80_7-150x150.jpg 150w, https:\/\/www.arquimaster.com.ar\/web\/wp-content\/uploads\/2018\/10\/casa_rc80_7-50x50.jpg 50w, https:\/\/www.arquimaster.com.ar\/web\/wp-content\/uploads\/2018\/10\/casa_rc80_7-125x125.jpg 125w\" sizes=\"auto, (max-width: 150px) 100vw, 150px\" \/><\/a>\n\t\t\t<\/div>\n\t\t\t\t<figcaption class='wp-caption-text gallery-caption' id='gallery-1-32898'>\n\t\t\t\tCasa RC 80 \/ Taller Estilo Arquitectura (\u00a9 David Cervera)\n\t\t\t\t<\/figcaption><\/figure><figure class='gallery-item'>\n\t\t\t<div class='gallery-icon portrait'>\n\t\t\t\t<a href='https:\/\/www.arquimaster.com.ar\/web\/wp-content\/uploads\/2018\/10\/casa_rc80_8.jpg' title=\"Casa RC 80 \/ Taller Estilo Arquitectura (\u00a9 David Cervera)\" data-rl_title=\"Casa RC 80 \/ Taller Estilo Arquitectura (\u00a9 David Cervera)\" class=\"rl-gallery-link\" data-rl_caption=\"Casa RC 80 \/ Taller Estilo Arquitectura (\u00a9 David Cervera)\" data-rel=\"lightbox-gallery-1\"><img loading=\"lazy\" decoding=\"async\" width=\"150\" height=\"150\" src=\"https:\/\/www.arquimaster.com.ar\/web\/wp-content\/uploads\/2018\/10\/casa_rc80_8-150x150.jpg\" class=\"attachment-thumbnail size-thumbnail\" alt=\"\" aria-describedby=\"gallery-1-32899\" srcset=\"https:\/\/www.arquimaster.com.ar\/web\/wp-content\/uploads\/2018\/10\/casa_rc80_8-150x150.jpg 150w, https:\/\/www.arquimaster.com.ar\/web\/wp-content\/uploads\/2018\/10\/casa_rc80_8-50x50.jpg 50w, https:\/\/www.arquimaster.com.ar\/web\/wp-content\/uploads\/2018\/10\/casa_rc80_8-125x125.jpg 125w\" sizes=\"auto, (max-width: 150px) 100vw, 150px\" \/><\/a>\n\t\t\t<\/div>\n\t\t\t\t<figcaption class='wp-caption-text gallery-caption' id='gallery-1-32899'>\n\t\t\t\tCasa RC 80 \/ Taller Estilo Arquitectura (\u00a9 David Cervera)\n\t\t\t\t<\/figcaption><\/figure><figure class='gallery-item'>\n\t\t\t<div class='gallery-icon portrait'>\n\t\t\t\t<a href='https:\/\/www.arquimaster.com.ar\/web\/wp-content\/uploads\/2018\/10\/casa_rc80_9.jpg' title=\"Casa RC 80 \/ Taller Estilo Arquitectura (\u00a9 David Cervera)\" data-rl_title=\"Casa RC 80 \/ Taller Estilo Arquitectura (\u00a9 David Cervera)\" class=\"rl-gallery-link\" data-rl_caption=\"Casa RC 80 \/ Taller Estilo Arquitectura (\u00a9 David Cervera)\" data-rel=\"lightbox-gallery-1\"><img loading=\"lazy\" decoding=\"async\" width=\"150\" height=\"150\" src=\"https:\/\/www.arquimaster.com.ar\/web\/wp-content\/uploads\/2018\/10\/casa_rc80_9-150x150.jpg\" class=\"attachment-thumbnail size-thumbnail\" alt=\"\" aria-describedby=\"gallery-1-32900\" srcset=\"https:\/\/www.arquimaster.com.ar\/web\/wp-content\/uploads\/2018\/10\/casa_rc80_9-150x150.jpg 150w, https:\/\/www.arquimaster.com.ar\/web\/wp-content\/uploads\/2018\/10\/casa_rc80_9-50x50.jpg 50w, https:\/\/www.arquimaster.com.ar\/web\/wp-content\/uploads\/2018\/10\/casa_rc80_9-125x125.jpg 125w\" sizes=\"auto, (max-width: 150px) 100vw, 150px\" \/><\/a>\n\t\t\t<\/div>\n\t\t\t\t<figcaption class='wp-caption-text gallery-caption' id='gallery-1-32900'>\n\t\t\t\tCasa RC 80 \/ Taller Estilo Arquitectura (\u00a9 David Cervera)\n\t\t\t\t<\/figcaption><\/figure><figure class='gallery-item'>\n\t\t\t<div class='gallery-icon portrait'>\n\t\t\t\t<a href='https:\/\/www.arquimaster.com.ar\/web\/wp-content\/uploads\/2018\/10\/casa_rc80_13.jpg' title=\"Casa RC 80 \/ Taller Estilo Arquitectura (\u00a9 David Cervera)\" data-rl_title=\"Casa RC 80 \/ Taller Estilo Arquitectura (\u00a9 David Cervera)\" class=\"rl-gallery-link\" data-rl_caption=\"Casa RC 80 \/ Taller Estilo Arquitectura (\u00a9 David Cervera)\" data-rel=\"lightbox-gallery-1\"><img loading=\"lazy\" decoding=\"async\" width=\"150\" height=\"150\" src=\"https:\/\/www.arquimaster.com.ar\/web\/wp-content\/uploads\/2018\/10\/casa_rc80_13-150x150.jpg\" class=\"attachment-thumbnail size-thumbnail\" alt=\"\" aria-describedby=\"gallery-1-32904\" srcset=\"https:\/\/www.arquimaster.com.ar\/web\/wp-content\/uploads\/2018\/10\/casa_rc80_13-150x150.jpg 150w, https:\/\/www.arquimaster.com.ar\/web\/wp-content\/uploads\/2018\/10\/casa_rc80_13-50x50.jpg 50w, https:\/\/www.arquimaster.com.ar\/web\/wp-content\/uploads\/2018\/10\/casa_rc80_13-125x125.jpg 125w\" sizes=\"auto, (max-width: 150px) 100vw, 150px\" \/><\/a>\n\t\t\t<\/div>\n\t\t\t\t<figcaption class='wp-caption-text gallery-caption' id='gallery-1-32904'>\n\t\t\t\tCasa RC 80 \/ Taller Estilo Arquitectura (\u00a9 David Cervera)\n\t\t\t\t<\/figcaption><\/figure><figure class='gallery-item'>\n\t\t\t<div class='gallery-icon portrait'>\n\t\t\t\t<a href='https:\/\/www.arquimaster.com.ar\/web\/wp-content\/uploads\/2018\/10\/casa_rc80_12.jpg' title=\"Casa RC 80 \/ Taller Estilo Arquitectura (\u00a9 David Cervera)\" data-rl_title=\"Casa RC 80 \/ Taller Estilo Arquitectura (\u00a9 David Cervera)\" class=\"rl-gallery-link\" data-rl_caption=\"Casa RC 80 \/ Taller Estilo Arquitectura (\u00a9 David Cervera)\" data-rel=\"lightbox-gallery-1\"><img loading=\"lazy\" decoding=\"async\" width=\"150\" height=\"150\" src=\"https:\/\/www.arquimaster.com.ar\/web\/wp-content\/uploads\/2018\/10\/casa_rc80_12-150x150.jpg\" class=\"attachment-thumbnail size-thumbnail\" alt=\"\" aria-describedby=\"gallery-1-32903\" srcset=\"https:\/\/www.arquimaster.com.ar\/web\/wp-content\/uploads\/2018\/10\/casa_rc80_12-150x150.jpg 150w, https:\/\/www.arquimaster.com.ar\/web\/wp-content\/uploads\/2018\/10\/casa_rc80_12-50x50.jpg 50w, https:\/\/www.arquimaster.com.ar\/web\/wp-content\/uploads\/2018\/10\/casa_rc80_12-125x125.jpg 125w\" sizes=\"auto, (max-width: 150px) 100vw, 150px\" \/><\/a>\n\t\t\t<\/div>\n\t\t\t\t<figcaption class='wp-caption-text gallery-caption' id='gallery-1-32903'>\n\t\t\t\tCasa RC 80 \/ Taller Estilo Arquitectura (\u00a9 David Cervera)\n\t\t\t\t<\/figcaption><\/figure><figure class='gallery-item'>\n\t\t\t<div class='gallery-icon portrait'>\n\t\t\t\t<a href='https:\/\/www.arquimaster.com.ar\/web\/wp-content\/uploads\/2018\/10\/casa_rc80_14.jpg' title=\"Casa RC 80 \/ Taller Estilo Arquitectura (\u00a9 David Cervera)\" data-rl_title=\"Casa RC 80 \/ Taller Estilo Arquitectura (\u00a9 David Cervera)\" class=\"rl-gallery-link\" data-rl_caption=\"Casa RC 80 \/ Taller Estilo Arquitectura (\u00a9 David Cervera)\" data-rel=\"lightbox-gallery-1\"><img loading=\"lazy\" decoding=\"async\" width=\"150\" height=\"150\" src=\"https:\/\/www.arquimaster.com.ar\/web\/wp-content\/uploads\/2018\/10\/casa_rc80_14-150x150.jpg\" class=\"attachment-thumbnail size-thumbnail\" alt=\"\" aria-describedby=\"gallery-1-32905\" srcset=\"https:\/\/www.arquimaster.com.ar\/web\/wp-content\/uploads\/2018\/10\/casa_rc80_14-150x150.jpg 150w, https:\/\/www.arquimaster.com.ar\/web\/wp-content\/uploads\/2018\/10\/casa_rc80_14-50x50.jpg 50w, https:\/\/www.arquimaster.com.ar\/web\/wp-content\/uploads\/2018\/10\/casa_rc80_14-125x125.jpg 125w\" sizes=\"auto, (max-width: 150px) 100vw, 150px\" \/><\/a>\n\t\t\t<\/div>\n\t\t\t\t<figcaption class='wp-caption-text gallery-caption' id='gallery-1-32905'>\n\t\t\t\tCasa RC 80 \/ Taller Estilo Arquitectura (\u00a9 David Cervera)\n\t\t\t\t<\/figcaption><\/figure><figure class='gallery-item'>\n\t\t\t<div class='gallery-icon landscape'>\n\t\t\t\t<a href='https:\/\/www.arquimaster.com.ar\/web\/wp-content\/uploads\/2018\/10\/casa_rc80_10.jpg' title=\"Casa RC 80 \/ Taller Estilo Arquitectura (\u00a9 David Cervera)\" data-rl_title=\"Casa RC 80 \/ Taller Estilo Arquitectura (\u00a9 David Cervera)\" class=\"rl-gallery-link\" data-rl_caption=\"Casa RC 80 \/ Taller Estilo Arquitectura (\u00a9 David Cervera)\" data-rel=\"lightbox-gallery-1\"><img loading=\"lazy\" decoding=\"async\" width=\"150\" height=\"150\" src=\"https:\/\/www.arquimaster.com.ar\/web\/wp-content\/uploads\/2018\/10\/casa_rc80_10-150x150.jpg\" class=\"attachment-thumbnail size-thumbnail\" alt=\"\" aria-describedby=\"gallery-1-32901\" srcset=\"https:\/\/www.arquimaster.com.ar\/web\/wp-content\/uploads\/2018\/10\/casa_rc80_10-150x150.jpg 150w, https:\/\/www.arquimaster.com.ar\/web\/wp-content\/uploads\/2018\/10\/casa_rc80_10-50x50.jpg 50w, https:\/\/www.arquimaster.com.ar\/web\/wp-content\/uploads\/2018\/10\/casa_rc80_10-125x125.jpg 125w\" sizes=\"auto, (max-width: 150px) 100vw, 150px\" \/><\/a>\n\t\t\t<\/div>\n\t\t\t\t<figcaption class='wp-caption-text gallery-caption' id='gallery-1-32901'>\n\t\t\t\tCasa RC 80 \/ Taller Estilo Arquitectura (\u00a9 David Cervera)\n\t\t\t\t<\/figcaption><\/figure><figure class='gallery-item'>\n\t\t\t<div class='gallery-icon landscape'>\n\t\t\t\t<a href='https:\/\/www.arquimaster.com.ar\/web\/wp-content\/uploads\/2018\/10\/casa_rc80_11.jpg' title=\"Casa RC 80 \/ Taller Estilo Arquitectura (\u00a9 David Cervera)\" data-rl_title=\"Casa RC 80 \/ Taller Estilo Arquitectura (\u00a9 David Cervera)\" class=\"rl-gallery-link\" data-rl_caption=\"Casa RC 80 \/ Taller Estilo Arquitectura (\u00a9 David Cervera)\" data-rel=\"lightbox-gallery-1\"><img loading=\"lazy\" decoding=\"async\" width=\"150\" height=\"150\" src=\"https:\/\/www.arquimaster.com.ar\/web\/wp-content\/uploads\/2018\/10\/casa_rc80_11-150x150.jpg\" class=\"attachment-thumbnail size-thumbnail\" alt=\"\" aria-describedby=\"gallery-1-32902\" srcset=\"https:\/\/www.arquimaster.com.ar\/web\/wp-content\/uploads\/2018\/10\/casa_rc80_11-150x150.jpg 150w, https:\/\/www.arquimaster.com.ar\/web\/wp-content\/uploads\/2018\/10\/casa_rc80_11-50x50.jpg 50w, https:\/\/www.arquimaster.com.ar\/web\/wp-content\/uploads\/2018\/10\/casa_rc80_11-125x125.jpg 125w\" sizes=\"auto, (max-width: 150px) 100vw, 150px\" \/><\/a>\n\t\t\t<\/div>\n\t\t\t\t<figcaption class='wp-caption-text gallery-caption' id='gallery-1-32902'>\n\t\t\t\tCasa RC 80 \/ Taller Estilo Arquitectura (\u00a9 David Cervera)\n\t\t\t\t<\/figcaption><\/figure><figure class='gallery-item'>\n\t\t\t<div class='gallery-icon landscape'>\n\t\t\t\t<a href='https:\/\/www.arquimaster.com.ar\/web\/wp-content\/uploads\/2018\/10\/casa_rc80_15.jpg' title=\"Casa RC 80 \/ Taller Estilo Arquitectura (\u00a9 David Cervera)\" data-rl_title=\"Casa RC 80 \/ Taller Estilo Arquitectura (\u00a9 David Cervera)\" class=\"rl-gallery-link\" data-rl_caption=\"Casa RC 80 \/ Taller Estilo Arquitectura (\u00a9 David Cervera)\" data-rel=\"lightbox-gallery-1\"><img loading=\"lazy\" decoding=\"async\" width=\"150\" height=\"150\" src=\"https:\/\/www.arquimaster.com.ar\/web\/wp-content\/uploads\/2018\/10\/casa_rc80_15-150x150.jpg\" class=\"attachment-thumbnail size-thumbnail\" alt=\"\" aria-describedby=\"gallery-1-32906\" srcset=\"https:\/\/www.arquimaster.com.ar\/web\/wp-content\/uploads\/2018\/10\/casa_rc80_15-150x150.jpg 150w, https:\/\/www.arquimaster.com.ar\/web\/wp-content\/uploads\/2018\/10\/casa_rc80_15-50x50.jpg 50w, https:\/\/www.arquimaster.com.ar\/web\/wp-content\/uploads\/2018\/10\/casa_rc80_15-125x125.jpg 125w\" sizes=\"auto, (max-width: 150px) 100vw, 150px\" \/><\/a>\n\t\t\t<\/div>\n\t\t\t\t<figcaption class='wp-caption-text gallery-caption' id='gallery-1-32906'>\n\t\t\t\tCasa RC 80 \/ Taller Estilo Arquitectura (\u00a9 David Cervera)\n\t\t\t\t<\/figcaption><\/figure><figure class='gallery-item'>\n\t\t\t<div class='gallery-icon landscape'>\n\t\t\t\t<a href='https:\/\/www.arquimaster.com.ar\/web\/wp-content\/uploads\/2018\/10\/casa_rc80_16.jpg' title=\"Casa RC 80 \/ Taller Estilo Arquitectura (\u00a9 David Cervera)\" data-rl_title=\"Casa RC 80 \/ Taller Estilo Arquitectura (\u00a9 David Cervera)\" class=\"rl-gallery-link\" data-rl_caption=\"Casa RC 80 \/ Taller Estilo Arquitectura (\u00a9 David Cervera)\" data-rel=\"lightbox-gallery-1\"><img loading=\"lazy\" decoding=\"async\" width=\"150\" height=\"150\" src=\"https:\/\/www.arquimaster.com.ar\/web\/wp-content\/uploads\/2018\/10\/casa_rc80_16-150x150.jpg\" class=\"attachment-thumbnail size-thumbnail\" alt=\"\" aria-describedby=\"gallery-1-32907\" srcset=\"https:\/\/www.arquimaster.com.ar\/web\/wp-content\/uploads\/2018\/10\/casa_rc80_16-150x150.jpg 150w, https:\/\/www.arquimaster.com.ar\/web\/wp-content\/uploads\/2018\/10\/casa_rc80_16-50x50.jpg 50w, https:\/\/www.arquimaster.com.ar\/web\/wp-content\/uploads\/2018\/10\/casa_rc80_16-125x125.jpg 125w\" sizes=\"auto, (max-width: 150px) 100vw, 150px\" \/><\/a>\n\t\t\t<\/div>\n\t\t\t\t<figcaption class='wp-caption-text gallery-caption' id='gallery-1-32907'>\n\t\t\t\tCasa RC 80 \/ Taller Estilo Arquitectura (\u00a9 David Cervera)\n\t\t\t\t<\/figcaption><\/figure><figure class='gallery-item'>\n\t\t\t<div class='gallery-icon portrait'>\n\t\t\t\t<a href='https:\/\/www.arquimaster.com.ar\/web\/wp-content\/uploads\/2018\/10\/casa_rc80_17.jpg' title=\"Casa RC 80 \/ Taller Estilo Arquitectura (\u00a9 David Cervera)\" data-rl_title=\"Casa RC 80 \/ Taller Estilo Arquitectura (\u00a9 David Cervera)\" class=\"rl-gallery-link\" data-rl_caption=\"Casa RC 80 \/ Taller Estilo Arquitectura (\u00a9 David Cervera)\" data-rel=\"lightbox-gallery-1\"><img loading=\"lazy\" decoding=\"async\" width=\"150\" height=\"150\" src=\"https:\/\/www.arquimaster.com.ar\/web\/wp-content\/uploads\/2018\/10\/casa_rc80_17-150x150.jpg\" class=\"attachment-thumbnail size-thumbnail\" alt=\"\" aria-describedby=\"gallery-1-32908\" srcset=\"https:\/\/www.arquimaster.com.ar\/web\/wp-content\/uploads\/2018\/10\/casa_rc80_17-150x150.jpg 150w, https:\/\/www.arquimaster.com.ar\/web\/wp-content\/uploads\/2018\/10\/casa_rc80_17-50x50.jpg 50w, https:\/\/www.arquimaster.com.ar\/web\/wp-content\/uploads\/2018\/10\/casa_rc80_17-125x125.jpg 125w\" sizes=\"auto, (max-width: 150px) 100vw, 150px\" \/><\/a>\n\t\t\t<\/div>\n\t\t\t\t<figcaption class='wp-caption-text gallery-caption' id='gallery-1-32908'>\n\t\t\t\tCasa RC 80 \/ Taller Estilo Arquitectura (\u00a9 David Cervera)\n\t\t\t\t<\/figcaption><\/figure><figure class='gallery-item'>\n\t\t\t<div class='gallery-icon portrait'>\n\t\t\t\t<a href='https:\/\/www.arquimaster.com.ar\/web\/wp-content\/uploads\/2018\/10\/casa_rc80_18.jpg' title=\"Casa RC 80 \/ Taller Estilo Arquitectura (\u00a9 David Cervera)\" data-rl_title=\"Casa RC 80 \/ Taller Estilo Arquitectura (\u00a9 David Cervera)\" class=\"rl-gallery-link\" data-rl_caption=\"Casa RC 80 \/ Taller Estilo Arquitectura (\u00a9 David Cervera)\" data-rel=\"lightbox-gallery-1\"><img loading=\"lazy\" decoding=\"async\" width=\"150\" height=\"150\" src=\"https:\/\/www.arquimaster.com.ar\/web\/wp-content\/uploads\/2018\/10\/casa_rc80_18-150x150.jpg\" class=\"attachment-thumbnail size-thumbnail\" alt=\"\" aria-describedby=\"gallery-1-32909\" srcset=\"https:\/\/www.arquimaster.com.ar\/web\/wp-content\/uploads\/2018\/10\/casa_rc80_18-150x150.jpg 150w, https:\/\/www.arquimaster.com.ar\/web\/wp-content\/uploads\/2018\/10\/casa_rc80_18-50x50.jpg 50w, https:\/\/www.arquimaster.com.ar\/web\/wp-content\/uploads\/2018\/10\/casa_rc80_18-125x125.jpg 125w\" sizes=\"auto, (max-width: 150px) 100vw, 150px\" \/><\/a>\n\t\t\t<\/div>\n\t\t\t\t<figcaption class='wp-caption-text gallery-caption' id='gallery-1-32909'>\n\t\t\t\tCasa RC 80 \/ Taller Estilo Arquitectura (\u00a9 David Cervera)\n\t\t\t\t<\/figcaption><\/figure><figure class='gallery-item'>\n\t\t\t<div class='gallery-icon portrait'>\n\t\t\t\t<a href='https:\/\/www.arquimaster.com.ar\/web\/wp-content\/uploads\/2018\/10\/casa_rc80_19.jpg' title=\"Casa RC 80 \/ Taller Estilo Arquitectura (\u00a9 David Cervera)\" data-rl_title=\"Casa RC 80 \/ Taller Estilo Arquitectura (\u00a9 David Cervera)\" class=\"rl-gallery-link\" data-rl_caption=\"Casa RC 80 \/ Taller Estilo Arquitectura (\u00a9 David Cervera)\" data-rel=\"lightbox-gallery-1\"><img loading=\"lazy\" decoding=\"async\" width=\"150\" height=\"150\" src=\"https:\/\/www.arquimaster.com.ar\/web\/wp-content\/uploads\/2018\/10\/casa_rc80_19-150x150.jpg\" class=\"attachment-thumbnail size-thumbnail\" alt=\"\" aria-describedby=\"gallery-1-32910\" srcset=\"https:\/\/www.arquimaster.com.ar\/web\/wp-content\/uploads\/2018\/10\/casa_rc80_19-150x150.jpg 150w, https:\/\/www.arquimaster.com.ar\/web\/wp-content\/uploads\/2018\/10\/casa_rc80_19-50x50.jpg 50w, https:\/\/www.arquimaster.com.ar\/web\/wp-content\/uploads\/2018\/10\/casa_rc80_19-125x125.jpg 125w\" sizes=\"auto, (max-width: 150px) 100vw, 150px\" \/><\/a>\n\t\t\t<\/div>\n\t\t\t\t<figcaption class='wp-caption-text gallery-caption' id='gallery-1-32910'>\n\t\t\t\tCasa RC 80 \/ Taller Estilo Arquitectura (\u00a9 David Cervera)\n\t\t\t\t<\/figcaption><\/figure><figure class='gallery-item'>\n\t\t\t<div class='gallery-icon portrait'>\n\t\t\t\t<a href='https:\/\/www.arquimaster.com.ar\/web\/wp-content\/uploads\/2018\/10\/casa_rc80_20.jpg' title=\"Casa RC 80 \/ Taller Estilo Arquitectura (planta baja)\" data-rl_title=\"Casa RC 80 \/ Taller Estilo Arquitectura (planta baja)\" class=\"rl-gallery-link\" data-rl_caption=\"Casa RC 80 \/ Taller Estilo Arquitectura (planta baja)\" data-rel=\"lightbox-gallery-1\"><img loading=\"lazy\" decoding=\"async\" width=\"150\" height=\"150\" src=\"https:\/\/www.arquimaster.com.ar\/web\/wp-content\/uploads\/2018\/10\/casa_rc80_20-150x150.jpg\" class=\"attachment-thumbnail size-thumbnail\" alt=\"\" aria-describedby=\"gallery-1-32911\" srcset=\"https:\/\/www.arquimaster.com.ar\/web\/wp-content\/uploads\/2018\/10\/casa_rc80_20-150x150.jpg 150w, https:\/\/www.arquimaster.com.ar\/web\/wp-content\/uploads\/2018\/10\/casa_rc80_20-50x50.jpg 50w, https:\/\/www.arquimaster.com.ar\/web\/wp-content\/uploads\/2018\/10\/casa_rc80_20-125x125.jpg 125w\" sizes=\"auto, (max-width: 150px) 100vw, 150px\" \/><\/a>\n\t\t\t<\/div>\n\t\t\t\t<figcaption class='wp-caption-text gallery-caption' id='gallery-1-32911'>\n\t\t\t\tCasa RC 80 \/ Taller Estilo Arquitectura (planta baja)\n\t\t\t\t<\/figcaption><\/figure><figure class='gallery-item'>\n\t\t\t<div class='gallery-icon portrait'>\n\t\t\t\t<a href='https:\/\/www.arquimaster.com.ar\/web\/wp-content\/uploads\/2018\/10\/casa_rc80_21.jpg' title=\"Casa RC 80 \/ Taller Estilo Arquitectura (planta alta)\" data-rl_title=\"Casa RC 80 \/ Taller Estilo Arquitectura (planta alta)\" class=\"rl-gallery-link\" data-rl_caption=\"Casa RC 80 \/ Taller Estilo Arquitectura (planta alta)\" data-rel=\"lightbox-gallery-1\"><img loading=\"lazy\" decoding=\"async\" width=\"150\" height=\"150\" src=\"https:\/\/www.arquimaster.com.ar\/web\/wp-content\/uploads\/2018\/10\/casa_rc80_21-150x150.jpg\" class=\"attachment-thumbnail size-thumbnail\" alt=\"\" aria-describedby=\"gallery-1-32912\" srcset=\"https:\/\/www.arquimaster.com.ar\/web\/wp-content\/uploads\/2018\/10\/casa_rc80_21-150x150.jpg 150w, https:\/\/www.arquimaster.com.ar\/web\/wp-content\/uploads\/2018\/10\/casa_rc80_21-50x50.jpg 50w, https:\/\/www.arquimaster.com.ar\/web\/wp-content\/uploads\/2018\/10\/casa_rc80_21-125x125.jpg 125w\" sizes=\"auto, (max-width: 150px) 100vw, 150px\" \/><\/a>\n\t\t\t<\/div>\n\t\t\t\t<figcaption class='wp-caption-text gallery-caption' id='gallery-1-32912'>\n\t\t\t\tCasa RC 80 \/ Taller Estilo Arquitectura (planta alta)\n\t\t\t\t<\/figcaption><\/figure><figure class='gallery-item'>\n\t\t\t<div class='gallery-icon portrait'>\n\t\t\t\t<a href='https:\/\/www.arquimaster.com.ar\/web\/wp-content\/uploads\/2018\/10\/casa_rc80_22.jpg' title=\"Casa RC 80 \/ Taller Estilo Arquitectura (planta de techos)\" data-rl_title=\"Casa RC 80 \/ Taller Estilo Arquitectura (planta de techos)\" class=\"rl-gallery-link\" data-rl_caption=\"Casa RC 80 \/ Taller Estilo Arquitectura (planta de techos)\" data-rel=\"lightbox-gallery-1\"><img loading=\"lazy\" decoding=\"async\" width=\"150\" height=\"150\" src=\"https:\/\/www.arquimaster.com.ar\/web\/wp-content\/uploads\/2018\/10\/casa_rc80_22-150x150.jpg\" class=\"attachment-thumbnail size-thumbnail\" alt=\"\" aria-describedby=\"gallery-1-32913\" srcset=\"https:\/\/www.arquimaster.com.ar\/web\/wp-content\/uploads\/2018\/10\/casa_rc80_22-150x150.jpg 150w, https:\/\/www.arquimaster.com.ar\/web\/wp-content\/uploads\/2018\/10\/casa_rc80_22-50x50.jpg 50w, https:\/\/www.arquimaster.com.ar\/web\/wp-content\/uploads\/2018\/10\/casa_rc80_22-125x125.jpg 125w\" sizes=\"auto, (max-width: 150px) 100vw, 150px\" \/><\/a>\n\t\t\t<\/div>\n\t\t\t\t<figcaption class='wp-caption-text gallery-caption' id='gallery-1-32913'>\n\t\t\t\tCasa RC 80 \/ Taller Estilo Arquitectura (planta de techos)\n\t\t\t\t<\/figcaption><\/figure><figure class='gallery-item'>\n\t\t\t<div class='gallery-icon portrait'>\n\t\t\t\t<a href='https:\/\/www.arquimaster.com.ar\/web\/wp-content\/uploads\/2018\/10\/casa_rc80_23.jpg' title=\"Casa RC 80 \/ Taller Estilo Arquitectura (corte)\" data-rl_title=\"Casa RC 80 \/ Taller Estilo Arquitectura (corte)\" class=\"rl-gallery-link\" data-rl_caption=\"Casa RC 80 \/ Taller Estilo Arquitectura (corte)\" data-rel=\"lightbox-gallery-1\"><img loading=\"lazy\" decoding=\"async\" width=\"150\" height=\"150\" src=\"https:\/\/www.arquimaster.com.ar\/web\/wp-content\/uploads\/2018\/10\/casa_rc80_23-150x150.jpg\" class=\"attachment-thumbnail size-thumbnail\" alt=\"\" aria-describedby=\"gallery-1-32914\" srcset=\"https:\/\/www.arquimaster.com.ar\/web\/wp-content\/uploads\/2018\/10\/casa_rc80_23-150x150.jpg 150w, https:\/\/www.arquimaster.com.ar\/web\/wp-content\/uploads\/2018\/10\/casa_rc80_23-50x50.jpg 50w, https:\/\/www.arquimaster.com.ar\/web\/wp-content\/uploads\/2018\/10\/casa_rc80_23-125x125.jpg 125w\" sizes=\"auto, (max-width: 150px) 100vw, 150px\" \/><\/a>\n\t\t\t<\/div>\n\t\t\t\t<figcaption class='wp-caption-text gallery-caption' id='gallery-1-32914'>\n\t\t\t\tCasa RC 80 \/ Taller Estilo Arquitectura (corte)\n\t\t\t\t<\/figcaption><\/figure><figure class='gallery-item'>\n\t\t\t<div class='gallery-icon portrait'>\n\t\t\t\t<a href='https:\/\/www.arquimaster.com.ar\/web\/wp-content\/uploads\/2018\/10\/casa_rc80_24.jpg' title=\"Casa RC 80 \/ Taller Estilo Arquitectura (corte)\" data-rl_title=\"Casa RC 80 \/ Taller Estilo Arquitectura (corte)\" class=\"rl-gallery-link\" data-rl_caption=\"Casa RC 80 \/ Taller Estilo Arquitectura (corte)\" data-rel=\"lightbox-gallery-1\"><img loading=\"lazy\" decoding=\"async\" width=\"150\" height=\"150\" src=\"https:\/\/www.arquimaster.com.ar\/web\/wp-content\/uploads\/2018\/10\/casa_rc80_24-150x150.jpg\" class=\"attachment-thumbnail size-thumbnail\" alt=\"\" aria-describedby=\"gallery-1-32915\" srcset=\"https:\/\/www.arquimaster.com.ar\/web\/wp-content\/uploads\/2018\/10\/casa_rc80_24-150x150.jpg 150w, https:\/\/www.arquimaster.com.ar\/web\/wp-content\/uploads\/2018\/10\/casa_rc80_24-50x50.jpg 50w, https:\/\/www.arquimaster.com.ar\/web\/wp-content\/uploads\/2018\/10\/casa_rc80_24-125x125.jpg 125w\" sizes=\"auto, (max-width: 150px) 100vw, 150px\" \/><\/a>\n\t\t\t<\/div>\n\t\t\t\t<figcaption class='wp-caption-text gallery-caption' id='gallery-1-32915'>\n\t\t\t\tCasa RC 80 \/ Taller Estilo Arquitectura (corte)\n\t\t\t\t<\/figcaption><\/figure><figure class='gallery-item'>\n\t\t\t<div class='gallery-icon landscape'>\n\t\t\t\t<a href='https:\/\/www.arquimaster.com.ar\/web\/wp-content\/uploads\/2018\/10\/casa_rc80_25.jpg' title=\"Casa RC 80 \/ Taller Estilo Arquitectura (corte)\" data-rl_title=\"Casa RC 80 \/ Taller Estilo Arquitectura (corte)\" class=\"rl-gallery-link\" data-rl_caption=\"Casa RC 80 \/ Taller Estilo Arquitectura (corte)\" data-rel=\"lightbox-gallery-1\"><img loading=\"lazy\" decoding=\"async\" width=\"150\" height=\"150\" src=\"https:\/\/www.arquimaster.com.ar\/web\/wp-content\/uploads\/2018\/10\/casa_rc80_25-150x150.jpg\" class=\"attachment-thumbnail size-thumbnail\" alt=\"\" aria-describedby=\"gallery-1-32916\" srcset=\"https:\/\/www.arquimaster.com.ar\/web\/wp-content\/uploads\/2018\/10\/casa_rc80_25-150x150.jpg 150w, https:\/\/www.arquimaster.com.ar\/web\/wp-content\/uploads\/2018\/10\/casa_rc80_25-50x50.jpg 50w, https:\/\/www.arquimaster.com.ar\/web\/wp-content\/uploads\/2018\/10\/casa_rc80_25-125x125.jpg 125w\" sizes=\"auto, (max-width: 150px) 100vw, 150px\" \/><\/a>\n\t\t\t<\/div>\n\t\t\t\t<figcaption class='wp-caption-text gallery-caption' id='gallery-1-32916'>\n\t\t\t\tCasa RC 80 \/ Taller Estilo Arquitectura (corte)\n\t\t\t\t<\/figcaption><\/figure><figure class='gallery-item'>\n\t\t\t<div class='gallery-icon landscape'>\n\t\t\t\t<a href='https:\/\/www.arquimaster.com.ar\/web\/wp-content\/uploads\/2018\/10\/casa_rc80_26.jpg' title=\"Casa RC 80 \/ Taller Estilo Arquitectura (corte)\" data-rl_title=\"Casa RC 80 \/ Taller Estilo Arquitectura (corte)\" class=\"rl-gallery-link\" data-rl_caption=\"Casa RC 80 \/ Taller Estilo Arquitectura (corte)\" data-rel=\"lightbox-gallery-1\"><img loading=\"lazy\" decoding=\"async\" width=\"150\" height=\"150\" src=\"https:\/\/www.arquimaster.com.ar\/web\/wp-content\/uploads\/2018\/10\/casa_rc80_26-150x150.jpg\" class=\"attachment-thumbnail size-thumbnail\" alt=\"\" aria-describedby=\"gallery-1-32917\" srcset=\"https:\/\/www.arquimaster.com.ar\/web\/wp-content\/uploads\/2018\/10\/casa_rc80_26-150x150.jpg 150w, https:\/\/www.arquimaster.com.ar\/web\/wp-content\/uploads\/2018\/10\/casa_rc80_26-50x50.jpg 50w, https:\/\/www.arquimaster.com.ar\/web\/wp-content\/uploads\/2018\/10\/casa_rc80_26-125x125.jpg 125w\" sizes=\"auto, (max-width: 150px) 100vw, 150px\" \/><\/a>\n\t\t\t<\/div>\n\t\t\t\t<figcaption class='wp-caption-text gallery-caption' id='gallery-1-32917'>\n\t\t\t\tCasa RC 80 \/ Taller Estilo Arquitectura (corte)\n\t\t\t\t<\/figcaption><\/figure>\n\t\t<\/div>\n\n<p>Los muros en su mayor\u00eda recubiertos con cemento blanco crean el lienzo perfecto para obras de arte, pisos de cemento dan car\u00e1cter a cada \u00e1rea, madera en su estado natural aporta calidez y el aluminio y cristal permiten crear una estrecha relaci\u00f3n interior exterior.<\/p>\n<p>La escalera y elemento de transici\u00f3n entre el \u00e1rea p\u00fablica y privada se encuentra cargada de protagonismo donde la celos\u00eda de block aparente con cristales artesanales de color brindan al espacio vestibular un car\u00e1cter art\u00edstico ya que durante el d\u00eda se convierte en un elemento cambiante con la luz del sol y de noche son l\u00e1mparas que ba\u00f1an de color el interior de la vivienda.<\/p>\n<p>El proyecto en general fue concebido con base a los aspectos de funcionalidad, contemporaneidad y sencillez, buscando convivir en el entorno hist\u00f3rico del edificio rescatado sin competir con \u00e9l, realzando las cualidades espaciales y est\u00e9ticas de ambos, de tal manera, elementos fijos fueron dise\u00f1ados con concreto blanco pulido con insertos de pisos de pasta decorados y as\u00ed lograr el complemento con mobiliario seleccionado para su uso y funci\u00f3n.<\/p>\n<p>En el \u00e1rea exterior se utilizaron elementos de cemento pigmentado en color amarillo y azul, la piscina en cemento blanco escalonada adecu\u00e1ndose a la vegetaci\u00f3n preexistente como en el caso del naranjo dentro de la piscina y el que qued\u00f3 sobre el muro perimetral, un \u00e1rea de descanso cuyo dise\u00f1o busca el equilibrio interno mediante la simplicidad y la fuerza de l\u00edneas puras, siendo \u00e9sta la que provee la ventilaci\u00f3n natural a los espacios que le rodean, y que a su vez transforma los ambientes con su luz a lo largo del d\u00eda.<\/p>\n<p><strong>Ficha t\u00e9cnica<\/strong><br \/>\nNombre: Casa RC 80<br \/>\nUbicaci\u00f3n: M\u00e9rida, Yucat\u00e1n, M\u00e9xico<br \/>\nArquitectura: Taller Estilo Arquitectura S. de R. L. de C. V.<br \/>\nArq. V\u00edctor Alejandro Cruz Dom\u00ednguez, Arq. Iv\u00e1n Atahualpa Hern\u00e1ndez Salazar, Arq. Lu\u00eds Armando Estrada Aguilar<br \/>\nConstructor: Ing. Ricardo Jos\u00e9 Ceballos Ferr\u00edz<br \/>\nColaboradores: Arq. Silvia Cuit\u00fan Coronado, DI Paloma Ortiz D\u00edaz<br \/>\nA\u00f1o: 2016<br \/>\n\u00c1rea de terreno: 221 m2<br \/>\n\u00c1rea de construcci\u00f3n: 218 m2<br \/>\nFotograf\u00eda: David Cervera<\/p>\n<p><strong>Contacto<\/strong><br \/>\n<a href=\"http:\/\/www.tallerestiloarquitectura.com\" target=\"_blank\" rel=\"noopener noreferrer\">http:\/\/www.tallerestiloarquitectura.com<\/a><\/p>\n\n<div style=\"font-size: 0px; height: 0px; line-height: 0px; margin: 0; padding: 0; clear: both;\"><\/div><div style=\"margin-top: 0px; margin-bottom: 0px;\" class=\"sharethis-inline-share-buttons\" ><\/div>","protected":false},"excerpt":{"rendered":"<p>El proyecto busca convivir en el entorno hist\u00f3rico del edificio rescatado sin competir con \u00e9l&#8230;<\/p>\n","protected":false},"author":1,"featured_media":32891,"comment_status":"closed","ping_status":"closed","sticky":false,"template":"","format":"standard","meta":{"_uag_custom_page_level_css":"","footnotes":""},"categories":[1,83],"tags":[4565,4566,3256,24,4563,4564,254,3257],"class_list":["post-32890","post","type-post","status-publish","format-standard","has-post-thumbnail","hentry","category-proyecto","category-vivienda-unifamiliar","tag-ivan-atahualpa-hernandez-salazar","tag-luis-armando-estrada-aguilar","tag-merida","tag-mexico","tag-taller-estilo-arquitectura","tag-victor-alejandro-cruz-dominguez","tag-vivienda-unifamiliar-2","tag-yucatan","generate-columns","tablet-grid-50","mobile-grid-100","grid-parent","grid-50"],"yoast_head":"<!-- This site is optimized with the Yoast SEO plugin v27.3 - https:\/\/yoast.com\/product\/yoast-seo-wordpress\/ -->\n<title>Casa RC 80 \/ Taller Estilo Arquitectura - Arquimaster<\/title>\n<meta name=\"description\" content=\"El proyecto busca convivir en el entorno hist\u00f3rico del edificio rescatado sin competir con \u00e9l.\" \/>\n<meta name=\"robots\" content=\"index, follow, max-snippet:-1, max-image-preview:large, max-video-preview:-1\" \/>\n<link rel=\"canonical\" href=\"https:\/\/www.arquimaster.com.ar\/web\/casa-rc-80-taller-estilo-arquitectura\/\" \/>\n<meta property=\"og:locale\" content=\"es_ES\" \/>\n<meta property=\"og:type\" content=\"article\" \/>\n<meta property=\"og:title\" content=\"Casa RC 80 \/ Taller Estilo Arquitectura\" \/>\n<meta property=\"og:description\" content=\"El proyecto busca convivir en el entorno hist\u00f3rico del edificio rescatado sin competir con \u00e9l.\" \/>\n<meta property=\"og:url\" content=\"https:\/\/www.arquimaster.com.ar\/web\/casa-rc-80-taller-estilo-arquitectura\/\" \/>\n<meta property=\"og:site_name\" content=\"Arquimaster\" \/>\n<meta property=\"article:publisher\" content=\"http:\/\/www.facebook.com\/ARQUIMASTER.com.ar\" \/>\n<meta property=\"article:published_time\" content=\"2018-10-16T17:53:34+00:00\" \/>\n<meta property=\"article:modified_time\" content=\"2020-03-21T15:52:29+00:00\" \/>\n<meta property=\"og:image\" content=\"https:\/\/www.arquimaster.com.ar\/web\/wp-content\/uploads\/2018\/10\/casa_rc80_slide-wpp1584805801588.jpg\" \/>\n\t<meta property=\"og:image:width\" content=\"698\" \/>\n\t<meta property=\"og:image:height\" content=\"364\" \/>\n\t<meta property=\"og:image:type\" content=\"image\/jpeg\" \/>\n<meta name=\"author\" content=\"Arquimaster\" \/>\n<meta name=\"twitter:card\" content=\"summary_large_image\" \/>\n<meta name=\"twitter:title\" content=\"Casa RC 80 \/ Taller Estilo Arquitectura\" \/>\n<meta name=\"twitter:description\" content=\"El proyecto busca convivir en el entorno hist\u00f3rico del edificio rescatado sin competir con \u00e9l.\" \/>\n<meta name=\"twitter:image\" content=\"https:\/\/www.arquimaster.com.ar\/web\/wp-content\/uploads\/2018\/10\/casa_rc80_slide-wpp1584805801588.jpg\" \/>\n<meta name=\"twitter:creator\" content=\"@arquimaster\" \/>\n<meta name=\"twitter:site\" content=\"@arquimaster\" \/>\n<meta name=\"twitter:label1\" content=\"Escrito por\" \/>\n\t<meta name=\"twitter:data1\" content=\"Arquimaster\" \/>\n\t<meta name=\"twitter:label2\" content=\"Tiempo de lectura\" \/>\n\t<meta name=\"twitter:data2\" content=\"2 minutos\" \/>\n<script type=\"application\/ld+json\" class=\"yoast-schema-graph\">{\"@context\":\"https:\\\/\\\/schema.org\",\"@graph\":[{\"@type\":\"Article\",\"@id\":\"https:\\\/\\\/www.arquimaster.com.ar\\\/web\\\/casa-rc-80-taller-estilo-arquitectura\\\/#article\",\"isPartOf\":{\"@id\":\"https:\\\/\\\/www.arquimaster.com.ar\\\/web\\\/casa-rc-80-taller-estilo-arquitectura\\\/\"},\"author\":{\"name\":\"Arquimaster\",\"@id\":\"https:\\\/\\\/www.arquimaster.com.ar\\\/web\\\/#\\\/schema\\\/person\\\/359e9f7c00193fcde068e0dd2ceb0028\"},\"headline\":\"Casa RC 80 \\\/ Taller Estilo Arquitectura\",\"datePublished\":\"2018-10-16T17:53:34+00:00\",\"dateModified\":\"2020-03-21T15:52:29+00:00\",\"mainEntityOfPage\":{\"@id\":\"https:\\\/\\\/www.arquimaster.com.ar\\\/web\\\/casa-rc-80-taller-estilo-arquitectura\\\/\"},\"wordCount\":503,\"publisher\":{\"@id\":\"https:\\\/\\\/www.arquimaster.com.ar\\\/web\\\/#organization\"},\"image\":{\"@id\":\"https:\\\/\\\/www.arquimaster.com.ar\\\/web\\\/casa-rc-80-taller-estilo-arquitectura\\\/#primaryimage\"},\"thumbnailUrl\":\"https:\\\/\\\/www.arquimaster.com.ar\\\/web\\\/wp-content\\\/uploads\\\/2018\\\/10\\\/casa_rc80_slide-wpp1584805801588.jpg\",\"keywords\":[\"Iv\u00e1n Atahualpa Hern\u00e1ndez Salazar\",\"Lu\u00eds Armando Estrada Aguilar\",\"Merida\",\"Mexico\",\"Taller Estilo Arquitectura\",\"V\u00edctor Alejandro Cruz Dom\u00ednguez\",\"vivienda unifamiliar\",\"Yucatan\"],\"articleSection\":[\"Proyecto\",\"Vivienda unifamiliar y PH\"],\"inLanguage\":\"es\"},{\"@type\":\"WebPage\",\"@id\":\"https:\\\/\\\/www.arquimaster.com.ar\\\/web\\\/casa-rc-80-taller-estilo-arquitectura\\\/\",\"url\":\"https:\\\/\\\/www.arquimaster.com.ar\\\/web\\\/casa-rc-80-taller-estilo-arquitectura\\\/\",\"name\":\"Casa RC 80 \\\/ Taller Estilo Arquitectura - Arquimaster\",\"isPartOf\":{\"@id\":\"https:\\\/\\\/www.arquimaster.com.ar\\\/web\\\/#website\"},\"primaryImageOfPage\":{\"@id\":\"https:\\\/\\\/www.arquimaster.com.ar\\\/web\\\/casa-rc-80-taller-estilo-arquitectura\\\/#primaryimage\"},\"image\":{\"@id\":\"https:\\\/\\\/www.arquimaster.com.ar\\\/web\\\/casa-rc-80-taller-estilo-arquitectura\\\/#primaryimage\"},\"thumbnailUrl\":\"https:\\\/\\\/www.arquimaster.com.ar\\\/web\\\/wp-content\\\/uploads\\\/2018\\\/10\\\/casa_rc80_slide-wpp1584805801588.jpg\",\"datePublished\":\"2018-10-16T17:53:34+00:00\",\"dateModified\":\"2020-03-21T15:52:29+00:00\",\"description\":\"El proyecto busca convivir en el entorno hist\u00f3rico del edificio rescatado sin competir con \u00e9l.\",\"breadcrumb\":{\"@id\":\"https:\\\/\\\/www.arquimaster.com.ar\\\/web\\\/casa-rc-80-taller-estilo-arquitectura\\\/#breadcrumb\"},\"inLanguage\":\"es\",\"potentialAction\":[{\"@type\":\"ReadAction\",\"target\":[\"https:\\\/\\\/www.arquimaster.com.ar\\\/web\\\/casa-rc-80-taller-estilo-arquitectura\\\/\"]}]},{\"@type\":\"ImageObject\",\"inLanguage\":\"es\",\"@id\":\"https:\\\/\\\/www.arquimaster.com.ar\\\/web\\\/casa-rc-80-taller-estilo-arquitectura\\\/#primaryimage\",\"url\":\"https:\\\/\\\/www.arquimaster.com.ar\\\/web\\\/wp-content\\\/uploads\\\/2018\\\/10\\\/casa_rc80_slide-wpp1584805801588.jpg\",\"contentUrl\":\"https:\\\/\\\/www.arquimaster.com.ar\\\/web\\\/wp-content\\\/uploads\\\/2018\\\/10\\\/casa_rc80_slide-wpp1584805801588.jpg\",\"width\":698,\"height\":364},{\"@type\":\"BreadcrumbList\",\"@id\":\"https:\\\/\\\/www.arquimaster.com.ar\\\/web\\\/casa-rc-80-taller-estilo-arquitectura\\\/#breadcrumb\",\"itemListElement\":[{\"@type\":\"ListItem\",\"position\":1,\"name\":\"Portada\",\"item\":\"https:\\\/\\\/www.arquimaster.com.ar\\\/web\\\/\"},{\"@type\":\"ListItem\",\"position\":2,\"name\":\"Casa RC 80 \\\/ Taller Estilo Arquitectura\"}]},{\"@type\":\"WebSite\",\"@id\":\"https:\\\/\\\/www.arquimaster.com.ar\\\/web\\\/#website\",\"url\":\"https:\\\/\\\/www.arquimaster.com.ar\\\/web\\\/\",\"name\":\"Arquimaster\",\"description\":\"Web de arquitectura, dise\u00f1o y construccion\",\"publisher\":{\"@id\":\"https:\\\/\\\/www.arquimaster.com.ar\\\/web\\\/#organization\"},\"potentialAction\":[{\"@type\":\"SearchAction\",\"target\":{\"@type\":\"EntryPoint\",\"urlTemplate\":\"https:\\\/\\\/www.arquimaster.com.ar\\\/web\\\/?s={search_term_string}\"},\"query-input\":{\"@type\":\"PropertyValueSpecification\",\"valueRequired\":true,\"valueName\":\"search_term_string\"}}],\"inLanguage\":\"es\"},{\"@type\":\"Organization\",\"@id\":\"https:\\\/\\\/www.arquimaster.com.ar\\\/web\\\/#organization\",\"name\":\"Arquimaster\",\"url\":\"https:\\\/\\\/www.arquimaster.com.ar\\\/web\\\/\",\"logo\":{\"@type\":\"ImageObject\",\"inLanguage\":\"es\",\"@id\":\"https:\\\/\\\/www.arquimaster.com.ar\\\/web\\\/#\\\/schema\\\/logo\\\/image\\\/\",\"url\":\"https:\\\/\\\/www.arquimaster.com.ar\\\/web\\\/wp-content\\\/uploads\\\/2022\\\/06\\\/arquimaster.png\",\"contentUrl\":\"https:\\\/\\\/www.arquimaster.com.ar\\\/web\\\/wp-content\\\/uploads\\\/2022\\\/06\\\/arquimaster.png\",\"width\":594,\"height\":78,\"caption\":\"Arquimaster\"},\"image\":{\"@id\":\"https:\\\/\\\/www.arquimaster.com.ar\\\/web\\\/#\\\/schema\\\/logo\\\/image\\\/\"},\"sameAs\":[\"http:\\\/\\\/www.facebook.com\\\/ARQUIMASTER.com.ar\",\"https:\\\/\\\/x.com\\\/arquimaster\",\"https:\\\/\\\/www.instagram.com\\\/arquimasterblog\\\/\",\"https:\\\/\\\/www.linkedin.com\\\/company\\\/arquimaster\",\"https:\\\/\\\/www.pinterest.com\\\/arquimaster\",\"https:\\\/\\\/t.me\\\/arquimaster\"]},{\"@type\":\"Person\",\"@id\":\"https:\\\/\\\/www.arquimaster.com.ar\\\/web\\\/#\\\/schema\\\/person\\\/359e9f7c00193fcde068e0dd2ceb0028\",\"name\":\"Arquimaster\"}]}<\/script>\n<!-- \/ Yoast SEO plugin. -->","yoast_head_json":{"title":"Casa RC 80 \/ Taller Estilo Arquitectura - Arquimaster","description":"El proyecto busca convivir en el entorno hist\u00f3rico del edificio rescatado sin competir con \u00e9l.","robots":{"index":"index","follow":"follow","max-snippet":"max-snippet:-1","max-image-preview":"max-image-preview:large","max-video-preview":"max-video-preview:-1"},"canonical":"https:\/\/www.arquimaster.com.ar\/web\/casa-rc-80-taller-estilo-arquitectura\/","og_locale":"es_ES","og_type":"article","og_title":"Casa RC 80 \/ Taller Estilo Arquitectura","og_description":"El proyecto busca convivir en el entorno hist\u00f3rico del edificio rescatado sin competir con \u00e9l.","og_url":"https:\/\/www.arquimaster.com.ar\/web\/casa-rc-80-taller-estilo-arquitectura\/","og_site_name":"Arquimaster","article_publisher":"http:\/\/www.facebook.com\/ARQUIMASTER.com.ar","article_published_time":"2018-10-16T17:53:34+00:00","article_modified_time":"2020-03-21T15:52:29+00:00","og_image":[{"width":698,"height":364,"url":"https:\/\/www.arquimaster.com.ar\/web\/wp-content\/uploads\/2018\/10\/casa_rc80_slide-wpp1584805801588.jpg","type":"image\/jpeg"}],"author":"Arquimaster","twitter_card":"summary_large_image","twitter_title":"Casa RC 80 \/ Taller Estilo Arquitectura","twitter_description":"El proyecto busca convivir en el entorno hist\u00f3rico del edificio rescatado sin competir con \u00e9l.","twitter_image":"https:\/\/www.arquimaster.com.ar\/web\/wp-content\/uploads\/2018\/10\/casa_rc80_slide-wpp1584805801588.jpg","twitter_creator":"@arquimaster","twitter_site":"@arquimaster","twitter_misc":{"Escrito por":"Arquimaster","Tiempo de lectura":"2 minutos"},"schema":{"@context":"https:\/\/schema.org","@graph":[{"@type":"Article","@id":"https:\/\/www.arquimaster.com.ar\/web\/casa-rc-80-taller-estilo-arquitectura\/#article","isPartOf":{"@id":"https:\/\/www.arquimaster.com.ar\/web\/casa-rc-80-taller-estilo-arquitectura\/"},"author":{"name":"Arquimaster","@id":"https:\/\/www.arquimaster.com.ar\/web\/#\/schema\/person\/359e9f7c00193fcde068e0dd2ceb0028"},"headline":"Casa RC 80 \/ Taller Estilo Arquitectura","datePublished":"2018-10-16T17:53:34+00:00","dateModified":"2020-03-21T15:52:29+00:00","mainEntityOfPage":{"@id":"https:\/\/www.arquimaster.com.ar\/web\/casa-rc-80-taller-estilo-arquitectura\/"},"wordCount":503,"publisher":{"@id":"https:\/\/www.arquimaster.com.ar\/web\/#organization"},"image":{"@id":"https:\/\/www.arquimaster.com.ar\/web\/casa-rc-80-taller-estilo-arquitectura\/#primaryimage"},"thumbnailUrl":"https:\/\/www.arquimaster.com.ar\/web\/wp-content\/uploads\/2018\/10\/casa_rc80_slide-wpp1584805801588.jpg","keywords":["Iv\u00e1n Atahualpa Hern\u00e1ndez Salazar","Lu\u00eds Armando Estrada Aguilar","Merida","Mexico","Taller Estilo Arquitectura","V\u00edctor Alejandro Cruz Dom\u00ednguez","vivienda unifamiliar","Yucatan"],"articleSection":["Proyecto","Vivienda unifamiliar y PH"],"inLanguage":"es"},{"@type":"WebPage","@id":"https:\/\/www.arquimaster.com.ar\/web\/casa-rc-80-taller-estilo-arquitectura\/","url":"https:\/\/www.arquimaster.com.ar\/web\/casa-rc-80-taller-estilo-arquitectura\/","name":"Casa RC 80 \/ Taller Estilo Arquitectura - Arquimaster","isPartOf":{"@id":"https:\/\/www.arquimaster.com.ar\/web\/#website"},"primaryImageOfPage":{"@id":"https:\/\/www.arquimaster.com.ar\/web\/casa-rc-80-taller-estilo-arquitectura\/#primaryimage"},"image":{"@id":"https:\/\/www.arquimaster.com.ar\/web\/casa-rc-80-taller-estilo-arquitectura\/#primaryimage"},"thumbnailUrl":"https:\/\/www.arquimaster.com.ar\/web\/wp-content\/uploads\/2018\/10\/casa_rc80_slide-wpp1584805801588.jpg","datePublished":"2018-10-16T17:53:34+00:00","dateModified":"2020-03-21T15:52:29+00:00","description":"El proyecto busca convivir en el entorno hist\u00f3rico del edificio rescatado sin competir con \u00e9l.","breadcrumb":{"@id":"https:\/\/www.arquimaster.com.ar\/web\/casa-rc-80-taller-estilo-arquitectura\/#breadcrumb"},"inLanguage":"es","potentialAction":[{"@type":"ReadAction","target":["https:\/\/www.arquimaster.com.ar\/web\/casa-rc-80-taller-estilo-arquitectura\/"]}]},{"@type":"ImageObject","inLanguage":"es","@id":"https:\/\/www.arquimaster.com.ar\/web\/casa-rc-80-taller-estilo-arquitectura\/#primaryimage","url":"https:\/\/www.arquimaster.com.ar\/web\/wp-content\/uploads\/2018\/10\/casa_rc80_slide-wpp1584805801588.jpg","contentUrl":"https:\/\/www.arquimaster.com.ar\/web\/wp-content\/uploads\/2018\/10\/casa_rc80_slide-wpp1584805801588.jpg","width":698,"height":364},{"@type":"BreadcrumbList","@id":"https:\/\/www.arquimaster.com.ar\/web\/casa-rc-80-taller-estilo-arquitectura\/#breadcrumb","itemListElement":[{"@type":"ListItem","position":1,"name":"Portada","item":"https:\/\/www.arquimaster.com.ar\/web\/"},{"@type":"ListItem","position":2,"name":"Casa RC 80 \/ Taller Estilo Arquitectura"}]},{"@type":"WebSite","@id":"https:\/\/www.arquimaster.com.ar\/web\/#website","url":"https:\/\/www.arquimaster.com.ar\/web\/","name":"Arquimaster","description":"Web de arquitectura, dise\u00f1o y construccion","publisher":{"@id":"https:\/\/www.arquimaster.com.ar\/web\/#organization"},"potentialAction":[{"@type":"SearchAction","target":{"@type":"EntryPoint","urlTemplate":"https:\/\/www.arquimaster.com.ar\/web\/?s={search_term_string}"},"query-input":{"@type":"PropertyValueSpecification","valueRequired":true,"valueName":"search_term_string"}}],"inLanguage":"es"},{"@type":"Organization","@id":"https:\/\/www.arquimaster.com.ar\/web\/#organization","name":"Arquimaster","url":"https:\/\/www.arquimaster.com.ar\/web\/","logo":{"@type":"ImageObject","inLanguage":"es","@id":"https:\/\/www.arquimaster.com.ar\/web\/#\/schema\/logo\/image\/","url":"https:\/\/www.arquimaster.com.ar\/web\/wp-content\/uploads\/2022\/06\/arquimaster.png","contentUrl":"https:\/\/www.arquimaster.com.ar\/web\/wp-content\/uploads\/2022\/06\/arquimaster.png","width":594,"height":78,"caption":"Arquimaster"},"image":{"@id":"https:\/\/www.arquimaster.com.ar\/web\/#\/schema\/logo\/image\/"},"sameAs":["http:\/\/www.facebook.com\/ARQUIMASTER.com.ar","https:\/\/x.com\/arquimaster","https:\/\/www.instagram.com\/arquimasterblog\/","https:\/\/www.linkedin.com\/company\/arquimaster","https:\/\/www.pinterest.com\/arquimaster","https:\/\/t.me\/arquimaster"]},{"@type":"Person","@id":"https:\/\/www.arquimaster.com.ar\/web\/#\/schema\/person\/359e9f7c00193fcde068e0dd2ceb0028","name":"Arquimaster"}]}},"uagb_featured_image_src":{"full":["https:\/\/www.arquimaster.com.ar\/web\/wp-content\/uploads\/2018\/10\/casa_rc80_slide-wpp1584805801588.jpg",698,364,false],"thumbnail":["https:\/\/www.arquimaster.com.ar\/web\/wp-content\/uploads\/2018\/10\/casa_rc80_slide-wpp1584805801588-150x150.jpg",150,150,true],"medium":["https:\/\/www.arquimaster.com.ar\/web\/wp-content\/uploads\/2018\/10\/casa_rc80_slide-wpp1584805801588.jpg",698,364,false],"medium_large":["https:\/\/www.arquimaster.com.ar\/web\/wp-content\/uploads\/2018\/10\/casa_rc80_slide-wpp1584805801588.jpg",698,364,false],"large":["https:\/\/www.arquimaster.com.ar\/web\/wp-content\/uploads\/2018\/10\/casa_rc80_slide-wpp1584805801588.jpg",698,364,false],"1536x1536":["https:\/\/www.arquimaster.com.ar\/web\/wp-content\/uploads\/2018\/10\/casa_rc80_slide-wpp1584805801588.jpg",698,364,false],"2048x2048":["https:\/\/www.arquimaster.com.ar\/web\/wp-content\/uploads\/2018\/10\/casa_rc80_slide-wpp1584805801588.jpg",698,364,false]},"uagb_author_info":{"display_name":"Arquimaster","author_link":"https:\/\/www.arquimaster.com.ar\/web\/author\/arquimaster\/"},"uagb_comment_info":0,"uagb_excerpt":"El proyecto busca convivir en el entorno hist\u00f3rico del edificio rescatado sin competir con \u00e9l...","_links":{"self":[{"href":"https:\/\/www.arquimaster.com.ar\/web\/wp-json\/wp\/v2\/posts\/32890","targetHints":{"allow":["GET"]}}],"collection":[{"href":"https:\/\/www.arquimaster.com.ar\/web\/wp-json\/wp\/v2\/posts"}],"about":[{"href":"https:\/\/www.arquimaster.com.ar\/web\/wp-json\/wp\/v2\/types\/post"}],"author":[{"embeddable":true,"href":"https:\/\/www.arquimaster.com.ar\/web\/wp-json\/wp\/v2\/users\/1"}],"replies":[{"embeddable":true,"href":"https:\/\/www.arquimaster.com.ar\/web\/wp-json\/wp\/v2\/comments?post=32890"}],"version-history":[{"count":1,"href":"https:\/\/www.arquimaster.com.ar\/web\/wp-json\/wp\/v2\/posts\/32890\/revisions"}],"predecessor-version":[{"id":53697,"href":"https:\/\/www.arquimaster.com.ar\/web\/wp-json\/wp\/v2\/posts\/32890\/revisions\/53697"}],"wp:featuredmedia":[{"embeddable":true,"href":"https:\/\/www.arquimaster.com.ar\/web\/wp-json\/wp\/v2\/media\/32891"}],"wp:attachment":[{"href":"https:\/\/www.arquimaster.com.ar\/web\/wp-json\/wp\/v2\/media?parent=32890"}],"wp:term":[{"taxonomy":"category","embeddable":true,"href":"https:\/\/www.arquimaster.com.ar\/web\/wp-json\/wp\/v2\/categories?post=32890"},{"taxonomy":"post_tag","embeddable":true,"href":"https:\/\/www.arquimaster.com.ar\/web\/wp-json\/wp\/v2\/tags?post=32890"}],"curies":[{"name":"wp","href":"https:\/\/api.w.org\/{rel}","templated":true}]}}