{"id":33069,"date":"2018-10-18T20:00:44","date_gmt":"2018-10-18T20:00:44","guid":{"rendered":"http:\/\/www.arquimaster.com.ar\/web\/?p=33069"},"modified":"2018-10-22T22:57:09","modified_gmt":"2018-10-22T22:57:09","slug":"galeria-de-arte-espacio-31-casa-foa-2018-romina-maribel-gonzalez-cristina-martinelli-stella-brieva-nadia-bellani","status":"publish","type":"post","link":"https:\/\/www.arquimaster.com.ar\/web\/galeria-de-arte-espacio-31-casa-foa-2018-romina-maribel-gonzalez-cristina-martinelli-stella-brieva-nadia-bellani\/","title":{"rendered":"Galeria de Arte (Espacio 31 \/ Casa FOA 2018) \/ Romina Maribel Gonz\u00e1lez, Cristina Martinelli, Stella Brieva, Nadia Bellani"},"content":{"rendered":"<div style=\"margin-top: 0px; margin-bottom: 0px;\" class=\"sharethis-inline-share-buttons\" ><\/div><div class=\"b812932af2e751442846f039925109de\" data-index=\"1\" style=\"float: none; margin:25px 0 25px 0; text-align:center;\">\n<script async src=\"https:\/\/pagead2.googlesyndication.com\/pagead\/js\/adsbygoogle.js\"><\/script>\r\n<!-- Arquimaster (superior) -->\r\n<ins class=\"adsbygoogle\"\r\n     style=\"display:block\"\r\n     data-ad-client=\"ca-pub-6351072698456832\"\r\n     data-ad-slot=\"6455489680\"\r\n     data-ad-format=\"auto\"\r\n     data-full-width-responsive=\"true\"><\/ins>\r\n<script>\r\n     (adsbygoogle = window.adsbygoogle || []).push({});\r\n<\/script>\n<\/div>\n<p><strong>Galeria de Arte<\/strong> (Espacio 31 \/ Casa FOA 2018 \/ Cassa Devoto) por <strong>Romina Maribel Gonz\u00e1lez, Cristina Martinelli, Stella Brieva, Nadia Bellani<\/strong>. Espacio para el Arte Romina Gonz\u00e1lez, propone para Instalaci\u00f3n art\u00edstica, un recorrido visual con obra de tres artistas, con una identidad marcada por su hacer.<\/p>\n<div id='gallery-1' class='gallery galleryid-33069 gallery-columns-3 gallery-size-thumbnail'><figure class='gallery-item'>\n\t\t\t<div class='gallery-icon portrait'>\n\t\t\t\t<a href='https:\/\/www.arquimaster.com.ar\/web\/wp-content\/uploads\/2018\/10\/espacio27_casafoa2018_1.jpg' title=\"Galeria de Arte (Espacio 31 \/ Casa FOA 2018) \/ Romina Maribel Gonz\u00e1lez, Cristina Martinelli, Stella Brieva, Nadia Bellani (\u00a9 Casa FOA)\" data-rl_title=\"Galeria de Arte (Espacio 31 \/ Casa FOA 2018) \/ Romina Maribel Gonz\u00e1lez, Cristina Martinelli, Stella Brieva, Nadia Bellani (\u00a9 Casa FOA)\" class=\"rl-gallery-link\" data-rl_caption=\"Galeria de Arte (Espacio 31 \/ Casa FOA 2018) \/ Romina Maribel Gonz\u00e1lez, Cristina Martinelli, Stella Brieva, Nadia Bellani (\u00a9 Casa FOA)\" data-rel=\"lightbox-gallery-1\"><img loading=\"lazy\" decoding=\"async\" width=\"150\" height=\"150\" src=\"https:\/\/www.arquimaster.com.ar\/web\/wp-content\/uploads\/2018\/10\/espacio27_casafoa2018_1-150x150.jpg\" class=\"attachment-thumbnail size-thumbnail\" alt=\"\" aria-describedby=\"gallery-1-33071\" srcset=\"https:\/\/www.arquimaster.com.ar\/web\/wp-content\/uploads\/2018\/10\/espacio27_casafoa2018_1-150x150.jpg 150w, https:\/\/www.arquimaster.com.ar\/web\/wp-content\/uploads\/2018\/10\/espacio27_casafoa2018_1-50x50.jpg 50w, https:\/\/www.arquimaster.com.ar\/web\/wp-content\/uploads\/2018\/10\/espacio27_casafoa2018_1-125x125.jpg 125w\" sizes=\"auto, (max-width: 150px) 100vw, 150px\" \/><\/a>\n\t\t\t<\/div>\n\t\t\t\t<figcaption class='wp-caption-text gallery-caption' id='gallery-1-33071'>\n\t\t\t\tGaleria de Arte (Espacio 31 \/ Casa FOA 2018) \/ Romina Maribel Gonz\u00e1lez, Cristina Martinelli, Stella Brieva, Nadia Bellani (\u00a9 Casa FOA)\n\t\t\t\t<\/figcaption><\/figure><figure class='gallery-item'>\n\t\t\t<div class='gallery-icon portrait'>\n\t\t\t\t<a href='https:\/\/www.arquimaster.com.ar\/web\/wp-content\/uploads\/2018\/10\/espacio27_casafoa2018_2.jpg' title=\"Galeria de Arte (Espacio 31 \/ Casa FOA 2018) \/ Romina Maribel Gonz\u00e1lez, Cristina Martinelli, Stella Brieva, Nadia Bellani (\u00a9 Casa FOA)\" data-rl_title=\"Galeria de Arte (Espacio 31 \/ Casa FOA 2018) \/ Romina Maribel Gonz\u00e1lez, Cristina Martinelli, Stella Brieva, Nadia Bellani (\u00a9 Casa FOA)\" class=\"rl-gallery-link\" data-rl_caption=\"Galeria de Arte (Espacio 31 \/ Casa FOA 2018) \/ Romina Maribel Gonz\u00e1lez, Cristina Martinelli, Stella Brieva, Nadia Bellani (\u00a9 Casa FOA)\" data-rel=\"lightbox-gallery-1\"><img loading=\"lazy\" decoding=\"async\" width=\"150\" height=\"150\" src=\"https:\/\/www.arquimaster.com.ar\/web\/wp-content\/uploads\/2018\/10\/espacio27_casafoa2018_2-150x150.jpg\" class=\"attachment-thumbnail size-thumbnail\" alt=\"\" aria-describedby=\"gallery-1-33072\" srcset=\"https:\/\/www.arquimaster.com.ar\/web\/wp-content\/uploads\/2018\/10\/espacio27_casafoa2018_2-150x150.jpg 150w, https:\/\/www.arquimaster.com.ar\/web\/wp-content\/uploads\/2018\/10\/espacio27_casafoa2018_2-50x50.jpg 50w, https:\/\/www.arquimaster.com.ar\/web\/wp-content\/uploads\/2018\/10\/espacio27_casafoa2018_2-125x125.jpg 125w\" sizes=\"auto, (max-width: 150px) 100vw, 150px\" \/><\/a>\n\t\t\t<\/div>\n\t\t\t\t<figcaption class='wp-caption-text gallery-caption' id='gallery-1-33072'>\n\t\t\t\tGaleria de Arte (Espacio 31 \/ Casa FOA 2018) \/ Romina Maribel Gonz\u00e1lez, Cristina Martinelli, Stella Brieva, Nadia Bellani (\u00a9 Casa FOA)\n\t\t\t\t<\/figcaption><\/figure><figure class='gallery-item'>\n\t\t\t<div class='gallery-icon portrait'>\n\t\t\t\t<a href='https:\/\/www.arquimaster.com.ar\/web\/wp-content\/uploads\/2018\/10\/espacio27_casafoa2018_3.jpg' title=\"Galeria de Arte (Espacio 31 \/ Casa FOA 2018) \/ Romina Maribel Gonz\u00e1lez, Cristina Martinelli, Stella Brieva, Nadia Bellani (\u00a9 Casa FOA)\" data-rl_title=\"Galeria de Arte (Espacio 31 \/ Casa FOA 2018) \/ Romina Maribel Gonz\u00e1lez, Cristina Martinelli, Stella Brieva, Nadia Bellani (\u00a9 Casa FOA)\" class=\"rl-gallery-link\" data-rl_caption=\"Galeria de Arte (Espacio 31 \/ Casa FOA 2018) \/ Romina Maribel Gonz\u00e1lez, Cristina Martinelli, Stella Brieva, Nadia Bellani (\u00a9 Casa FOA)\" data-rel=\"lightbox-gallery-1\"><img loading=\"lazy\" decoding=\"async\" width=\"150\" height=\"150\" src=\"https:\/\/www.arquimaster.com.ar\/web\/wp-content\/uploads\/2018\/10\/espacio27_casafoa2018_3-150x150.jpg\" class=\"attachment-thumbnail size-thumbnail\" alt=\"\" aria-describedby=\"gallery-1-33073\" srcset=\"https:\/\/www.arquimaster.com.ar\/web\/wp-content\/uploads\/2018\/10\/espacio27_casafoa2018_3-150x150.jpg 150w, https:\/\/www.arquimaster.com.ar\/web\/wp-content\/uploads\/2018\/10\/espacio27_casafoa2018_3-50x50.jpg 50w, https:\/\/www.arquimaster.com.ar\/web\/wp-content\/uploads\/2018\/10\/espacio27_casafoa2018_3-125x125.jpg 125w\" sizes=\"auto, (max-width: 150px) 100vw, 150px\" \/><\/a>\n\t\t\t<\/div>\n\t\t\t\t<figcaption class='wp-caption-text gallery-caption' id='gallery-1-33073'>\n\t\t\t\tGaleria de Arte (Espacio 31 \/ Casa FOA 2018) \/ Romina Maribel Gonz\u00e1lez, Cristina Martinelli, Stella Brieva, Nadia Bellani (\u00a9 Casa FOA)\n\t\t\t\t<\/figcaption><\/figure><figure class='gallery-item'>\n\t\t\t<div class='gallery-icon landscape'>\n\t\t\t\t<a href='https:\/\/www.arquimaster.com.ar\/web\/wp-content\/uploads\/2018\/10\/espacio27_casafoa2018_4.jpg' title=\"Galeria de Arte (Espacio 31 \/ Casa FOA 2018) \/ Romina Maribel Gonz\u00e1lez, Cristina Martinelli, Stella Brieva, Nadia Bellani\" data-rl_title=\"Galeria de Arte (Espacio 31 \/ Casa FOA 2018) \/ Romina Maribel Gonz\u00e1lez, Cristina Martinelli, Stella Brieva, Nadia Bellani\" class=\"rl-gallery-link\" data-rl_caption=\"Galeria de Arte (Espacio 31 \/ Casa FOA 2018) \/ Romina Maribel Gonz\u00e1lez, Cristina Martinelli, Stella Brieva, Nadia Bellani\" data-rel=\"lightbox-gallery-1\"><img loading=\"lazy\" decoding=\"async\" width=\"150\" height=\"150\" src=\"https:\/\/www.arquimaster.com.ar\/web\/wp-content\/uploads\/2018\/10\/espacio27_casafoa2018_4-150x150.jpg\" class=\"attachment-thumbnail size-thumbnail\" alt=\"\" aria-describedby=\"gallery-1-33074\" srcset=\"https:\/\/www.arquimaster.com.ar\/web\/wp-content\/uploads\/2018\/10\/espacio27_casafoa2018_4-150x150.jpg 150w, https:\/\/www.arquimaster.com.ar\/web\/wp-content\/uploads\/2018\/10\/espacio27_casafoa2018_4-50x50.jpg 50w, https:\/\/www.arquimaster.com.ar\/web\/wp-content\/uploads\/2018\/10\/espacio27_casafoa2018_4-125x125.jpg 125w\" sizes=\"auto, (max-width: 150px) 100vw, 150px\" \/><\/a>\n\t\t\t<\/div>\n\t\t\t\t<figcaption class='wp-caption-text gallery-caption' id='gallery-1-33074'>\n\t\t\t\tGaleria de Arte (Espacio 31 \/ Casa FOA 2018) \/ Romina Maribel Gonz\u00e1lez, Cristina Martinelli, Stella Brieva, Nadia Bellani\n\t\t\t\t<\/figcaption><\/figure><figure class='gallery-item'>\n\t\t\t<div class='gallery-icon portrait'>\n\t\t\t\t<a href='https:\/\/www.arquimaster.com.ar\/web\/wp-content\/uploads\/2018\/10\/espacio27_casafoa2018_5.jpg' title=\"Galeria de Arte (Espacio 31 \/ Casa FOA 2018) \/ Romina Maribel Gonz\u00e1lez, Cristina Martinelli, Stella Brieva, Nadia Bellani\" data-rl_title=\"Galeria de Arte (Espacio 31 \/ Casa FOA 2018) \/ Romina Maribel Gonz\u00e1lez, Cristina Martinelli, Stella Brieva, Nadia Bellani\" class=\"rl-gallery-link\" data-rl_caption=\"Galeria de Arte (Espacio 31 \/ Casa FOA 2018) \/ Romina Maribel Gonz\u00e1lez, Cristina Martinelli, Stella Brieva, Nadia Bellani\" data-rel=\"lightbox-gallery-1\"><img loading=\"lazy\" decoding=\"async\" width=\"150\" height=\"150\" src=\"https:\/\/www.arquimaster.com.ar\/web\/wp-content\/uploads\/2018\/10\/espacio27_casafoa2018_5-150x150.jpg\" class=\"attachment-thumbnail size-thumbnail\" alt=\"\" aria-describedby=\"gallery-1-33075\" srcset=\"https:\/\/www.arquimaster.com.ar\/web\/wp-content\/uploads\/2018\/10\/espacio27_casafoa2018_5-150x150.jpg 150w, https:\/\/www.arquimaster.com.ar\/web\/wp-content\/uploads\/2018\/10\/espacio27_casafoa2018_5-50x50.jpg 50w, https:\/\/www.arquimaster.com.ar\/web\/wp-content\/uploads\/2018\/10\/espacio27_casafoa2018_5-125x125.jpg 125w\" sizes=\"auto, (max-width: 150px) 100vw, 150px\" \/><\/a>\n\t\t\t<\/div>\n\t\t\t\t<figcaption class='wp-caption-text gallery-caption' id='gallery-1-33075'>\n\t\t\t\tGaleria de Arte (Espacio 31 \/ Casa FOA 2018) \/ Romina Maribel Gonz\u00e1lez, Cristina Martinelli, Stella Brieva, Nadia Bellani\n\t\t\t\t<\/figcaption><\/figure><figure class='gallery-item'>\n\t\t\t<div class='gallery-icon portrait'>\n\t\t\t\t<a href='https:\/\/www.arquimaster.com.ar\/web\/wp-content\/uploads\/2018\/10\/espacio27_casafoa2018_6.jpg' title=\"Galeria de Arte (Espacio 31 \/ Casa FOA 2018) \/ Romina Maribel Gonz\u00e1lez, Cristina Martinelli, Stella Brieva, Nadia Bellani\" data-rl_title=\"Galeria de Arte (Espacio 31 \/ Casa FOA 2018) \/ Romina Maribel Gonz\u00e1lez, Cristina Martinelli, Stella Brieva, Nadia Bellani\" class=\"rl-gallery-link\" data-rl_caption=\"Galeria de Arte (Espacio 31 \/ Casa FOA 2018) \/ Romina Maribel Gonz\u00e1lez, Cristina Martinelli, Stella Brieva, Nadia Bellani\" data-rel=\"lightbox-gallery-1\"><img loading=\"lazy\" decoding=\"async\" width=\"150\" height=\"150\" src=\"https:\/\/www.arquimaster.com.ar\/web\/wp-content\/uploads\/2018\/10\/espacio27_casafoa2018_6-150x150.jpg\" class=\"attachment-thumbnail size-thumbnail\" alt=\"\" aria-describedby=\"gallery-1-33076\" srcset=\"https:\/\/www.arquimaster.com.ar\/web\/wp-content\/uploads\/2018\/10\/espacio27_casafoa2018_6-150x150.jpg 150w, https:\/\/www.arquimaster.com.ar\/web\/wp-content\/uploads\/2018\/10\/espacio27_casafoa2018_6-50x50.jpg 50w, https:\/\/www.arquimaster.com.ar\/web\/wp-content\/uploads\/2018\/10\/espacio27_casafoa2018_6-125x125.jpg 125w\" sizes=\"auto, (max-width: 150px) 100vw, 150px\" \/><\/a>\n\t\t\t<\/div>\n\t\t\t\t<figcaption class='wp-caption-text gallery-caption' id='gallery-1-33076'>\n\t\t\t\tGaleria de Arte (Espacio 31 \/ Casa FOA 2018) \/ Romina Maribel Gonz\u00e1lez, Cristina Martinelli, Stella Brieva, Nadia Bellani\n\t\t\t\t<\/figcaption><\/figure><figure class='gallery-item'>\n\t\t\t<div class='gallery-icon portrait'>\n\t\t\t\t<a href='https:\/\/www.arquimaster.com.ar\/web\/wp-content\/uploads\/2018\/10\/espacio27_casafoa2018_7.jpg' title=\"Galeria de Arte (Espacio 31 \/ Casa FOA 2018) \/ Romina Maribel Gonz\u00e1lez, Cristina Martinelli, Stella Brieva, Nadia Bellani\" data-rl_title=\"Galeria de Arte (Espacio 31 \/ Casa FOA 2018) \/ Romina Maribel Gonz\u00e1lez, Cristina Martinelli, Stella Brieva, Nadia Bellani\" class=\"rl-gallery-link\" data-rl_caption=\"Galeria de Arte (Espacio 31 \/ Casa FOA 2018) \/ Romina Maribel Gonz\u00e1lez, Cristina Martinelli, Stella Brieva, Nadia Bellani\" data-rel=\"lightbox-gallery-1\"><img loading=\"lazy\" decoding=\"async\" width=\"150\" height=\"150\" src=\"https:\/\/www.arquimaster.com.ar\/web\/wp-content\/uploads\/2018\/10\/espacio27_casafoa2018_7-150x150.jpg\" class=\"attachment-thumbnail size-thumbnail\" alt=\"\" aria-describedby=\"gallery-1-33077\" srcset=\"https:\/\/www.arquimaster.com.ar\/web\/wp-content\/uploads\/2018\/10\/espacio27_casafoa2018_7-150x150.jpg 150w, https:\/\/www.arquimaster.com.ar\/web\/wp-content\/uploads\/2018\/10\/espacio27_casafoa2018_7-50x50.jpg 50w, https:\/\/www.arquimaster.com.ar\/web\/wp-content\/uploads\/2018\/10\/espacio27_casafoa2018_7-125x125.jpg 125w\" sizes=\"auto, (max-width: 150px) 100vw, 150px\" \/><\/a>\n\t\t\t<\/div>\n\t\t\t\t<figcaption class='wp-caption-text gallery-caption' id='gallery-1-33077'>\n\t\t\t\tGaleria de Arte (Espacio 31 \/ Casa FOA 2018) \/ Romina Maribel Gonz\u00e1lez, Cristina Martinelli, Stella Brieva, Nadia Bellani\n\t\t\t\t<\/figcaption><\/figure>\n\t\t<\/div>\n\n<p>Nadia Bellani los invita a tejer y destejer el tiempo, tramando finalmente la experiencia de reconstruirse.<\/p>\n<p>Stella Brieva en esta oportunidad y con una mirada sensible, capta la estela silenciosa de una vida de contemplaci\u00f3n, considerando el lugar con su historia, su aire y su luz.<\/p>\n<p>Cristina Martinelli intenta sanar el paisaje, fuego, carb\u00f3n y un verde cual savia, otorgando vida a negros territorios.<\/p>\n<p>De esta manera estas obras, dar\u00e1n vida y naturaleza al espacio y un momento de detenerse para observar, contemplar y pensar.<\/p>\n<p>El espacio obtuvo los siguientes premios:<\/p>\n<p>Menci\u00f3n Casa FOA 2018 y \u00abALBA\u00a0 ven\u00ed al color, Mejor aplicaci\u00f3n de pintura como Protagonista del proyecto\u00bb<\/p>\n<p><strong>Fotos<\/strong><br \/>\nPrensa Casa FOA 2018<\/p>\n<p><strong>Plano de la muestra<\/strong><\/p>\n<div id='gallery-2' class='gallery galleryid-33069 gallery-columns-3 gallery-size-thumbnail'><figure class='gallery-item'>\n\t\t\t<div class='gallery-icon portrait'>\n\t\t\t\t<a href='https:\/\/www.arquimaster.com.ar\/web\/wp-content\/uploads\/2018\/09\/plano_casa_foa_2018.jpg' title=\"Casa FOA 2018 \/ Cassa Devoto\" data-rl_title=\"Casa FOA 2018 \/ Cassa Devoto\" class=\"rl-gallery-link\" data-rl_caption=\"Casa FOA 2018 \/ Cassa Devoto\" data-rel=\"lightbox-gallery-2\"><img loading=\"lazy\" decoding=\"async\" width=\"150\" height=\"150\" src=\"https:\/\/www.arquimaster.com.ar\/web\/wp-content\/uploads\/2018\/09\/plano_casa_foa_2018-150x150.jpg\" class=\"attachment-thumbnail size-thumbnail\" alt=\"\" aria-describedby=\"gallery-2-31322\" srcset=\"https:\/\/www.arquimaster.com.ar\/web\/wp-content\/uploads\/2018\/09\/plano_casa_foa_2018-150x150.jpg 150w, https:\/\/www.arquimaster.com.ar\/web\/wp-content\/uploads\/2018\/09\/plano_casa_foa_2018-50x50.jpg 50w, https:\/\/www.arquimaster.com.ar\/web\/wp-content\/uploads\/2018\/09\/plano_casa_foa_2018-125x125.jpg 125w\" sizes=\"auto, (max-width: 150px) 100vw, 150px\" \/><\/a>\n\t\t\t<\/div>\n\t\t\t\t<figcaption class='wp-caption-text gallery-caption' id='gallery-2-31322'>\n\t\t\t\tCasa FOA 2018 \/ Cassa Devoto\n\t\t\t\t<\/figcaption><\/figure>\n\t\t<\/div>\n\n<p><strong>Sponsors oficiales<\/strong><\/p>\n<p><strong>Alba<\/strong><br \/>\nPinturas<\/p>\n<p>&nbsp;<\/p>\n<p><strong>Sobre Casa FOA 2018 \/ Cassa Devoto<\/strong><br \/>\nCasa FOA, la tradicional exposici\u00f3n nacional de arquitectura, dise\u00f1o interior, paisajismo e industria abrir\u00e1 sus puertas a partir del 21 de septiembre de 2018 y podr\u00e1 recorrerse hasta el 28 de octubre de 2018 en su nueva sede en el ex Convento Nuestra Se\u00f1ora de la Misericordia, ubicado en Pareja 3670, en el barrio de Devoto, Ciudad de Buenos Aires. Cassa Devoto es una joya arquitect\u00f3nica de m\u00e1s de 120 a\u00f1os, con 3000 metros cuadrados de claustros, patios y vegetaci\u00f3n que brindar\u00e1 los escenarios donde dise\u00f1adores y arquitectos desplegar\u00e1n toda su creatividad.<\/p>\n<p>La nueva sede abrir\u00e1 todos los d\u00edas de 12 a 20 horas y los viernes con Casa FOA Night hasta las 23 horas, los viernes a partir de las 19 horas se podr\u00e1 acceder con el beneficio de 2&#215;1. La entrada tendr\u00e1 un valor de $ 240 en boleter\u00eda y se podr\u00e1n adquirir entradas anticipadas a trav\u00e9s de la p\u00e1gina web de Casa FOA. Casa FOA ya es un \u00edcono de la arquitectura y el dise\u00f1o, tal es as\u00ed que este a\u00f1o, celebrando su edici\u00f3n N\u00ba 35, fue declarada de inter\u00e9s cultural de la Ciudad de Buenos Aires por la Legislatura Porte\u00f1a.<\/p>\n<p><strong>M\u00e1s informaci\u00f3n<\/strong><br \/>\n<a href=\"http:\/\/www.casafoa.com\" target=\"_blank\" rel=\"noopener\">http:\/\/www.casafoa.com<\/a><\/p>\n<p><iframe loading=\"lazy\" style=\"border: 0;\" src=\"https:\/\/www.google.com\/maps\/embed?pb=!1m14!1m8!1m3!1d13137.238640565682!2d-58.5089094!3d-34.5963304!3m2!1i1024!2i768!4f13.1!3m3!1m2!1s0x0%3A0xeebce17ff294ca1c!2sCasa+FOA+2018!5e0!3m2!1ses-419!2sar!4v1537461365962\" width=\"642\" height=\"350\" frameborder=\"0\" allowfullscreen=\"allowfullscreen\"><\/iframe><\/p>\n\n<div style=\"font-size: 0px; height: 0px; line-height: 0px; margin: 0; padding: 0; clear: both;\"><\/div><div style=\"margin-top: 0px; margin-bottom: 0px;\" class=\"sharethis-inline-share-buttons\" ><\/div>","protected":false},"excerpt":{"rendered":"<p>Recorrido visual con obra de tres artistas, con una identidad marcada por su hacer&#8230;<\/p>\n","protected":false},"author":1,"featured_media":33070,"comment_status":"closed","ping_status":"closed","sticky":false,"template":"","format":"standard","meta":{"_uag_custom_page_level_css":"","footnotes":""},"categories":[4642,55],"tags":[187,4644,4791,1494,4793,4790,4792],"class_list":["post-33069","post","type-post","status-publish","format-standard","has-post-thumbnail","hentry","category-casa-foa-2018","category-diseno","tag-arte","tag-casa-foa-2018","tag-cristina-martinelli","tag-galeria-de-arte","tag-nadia-bellani","tag-romina-maribel-gonzalez","tag-stella-brieva","generate-columns","tablet-grid-50","mobile-grid-100","grid-parent","grid-50"],"yoast_head":"<!-- This site is optimized with the Yoast SEO plugin v27.3 - https:\/\/yoast.com\/product\/yoast-seo-wordpress\/ -->\n<title>Galeria de Arte (Espacio 31 \/ Casa FOA 2018) \/ Romina Maribel Gonz\u00e1lez, Cristina Martinelli, Stella Brieva, Nadia Bellani - Arquimaster<\/title>\n<meta name=\"robots\" content=\"index, follow, max-snippet:-1, max-image-preview:large, max-video-preview:-1\" \/>\n<link rel=\"canonical\" href=\"https:\/\/www.arquimaster.com.ar\/web\/galeria-de-arte-espacio-31-casa-foa-2018-romina-maribel-gonzalez-cristina-martinelli-stella-brieva-nadia-bellani\/\" \/>\n<meta property=\"og:locale\" content=\"es_ES\" \/>\n<meta property=\"og:type\" content=\"article\" \/>\n<meta property=\"og:title\" content=\"Galeria de Arte (Espacio 31 \/ Casa FOA 2018) \/ Romina Maribel Gonz\u00e1lez, Cristina Martinelli, Stella Brieva, Nadia Bellani - Arquimaster\" \/>\n<meta property=\"og:description\" content=\"Recorrido visual con obra de tres artistas, con una identidad marcada por su hacer...\" \/>\n<meta property=\"og:url\" content=\"https:\/\/www.arquimaster.com.ar\/web\/galeria-de-arte-espacio-31-casa-foa-2018-romina-maribel-gonzalez-cristina-martinelli-stella-brieva-nadia-bellani\/\" \/>\n<meta property=\"og:site_name\" content=\"Arquimaster\" \/>\n<meta property=\"article:publisher\" content=\"http:\/\/www.facebook.com\/ARQUIMASTER.com.ar\" \/>\n<meta property=\"article:published_time\" content=\"2018-10-18T20:00:44+00:00\" \/>\n<meta property=\"article:modified_time\" content=\"2018-10-22T22:57:09+00:00\" \/>\n<meta property=\"og:image\" content=\"https:\/\/www.arquimaster.com.ar\/web\/wp-content\/uploads\/2018\/10\/espacio27_casafoa2018_slide.jpg\" \/>\n\t<meta property=\"og:image:width\" content=\"642\" \/>\n\t<meta property=\"og:image:height\" content=\"336\" \/>\n\t<meta property=\"og:image:type\" content=\"image\/jpeg\" \/>\n<meta name=\"author\" content=\"Arquimaster\" \/>\n<meta name=\"twitter:card\" content=\"summary_large_image\" \/>\n<meta name=\"twitter:creator\" content=\"@arquimaster\" \/>\n<meta name=\"twitter:site\" content=\"@arquimaster\" \/>\n<meta name=\"twitter:label1\" content=\"Escrito por\" \/>\n\t<meta name=\"twitter:data1\" content=\"Arquimaster\" \/>\n\t<meta name=\"twitter:label2\" content=\"Tiempo de lectura\" \/>\n\t<meta name=\"twitter:data2\" content=\"2 minutos\" \/>\n<script type=\"application\/ld+json\" class=\"yoast-schema-graph\">{\"@context\":\"https:\\\/\\\/schema.org\",\"@graph\":[{\"@type\":\"Article\",\"@id\":\"https:\\\/\\\/www.arquimaster.com.ar\\\/web\\\/galeria-de-arte-espacio-31-casa-foa-2018-romina-maribel-gonzalez-cristina-martinelli-stella-brieva-nadia-bellani\\\/#article\",\"isPartOf\":{\"@id\":\"https:\\\/\\\/www.arquimaster.com.ar\\\/web\\\/galeria-de-arte-espacio-31-casa-foa-2018-romina-maribel-gonzalez-cristina-martinelli-stella-brieva-nadia-bellani\\\/\"},\"author\":{\"name\":\"Arquimaster\",\"@id\":\"https:\\\/\\\/www.arquimaster.com.ar\\\/web\\\/#\\\/schema\\\/person\\\/359e9f7c00193fcde068e0dd2ceb0028\"},\"headline\":\"Galeria de Arte (Espacio 31 \\\/ Casa FOA 2018) \\\/ Romina Maribel Gonz\u00e1lez, Cristina Martinelli, Stella Brieva, Nadia Bellani\",\"datePublished\":\"2018-10-18T20:00:44+00:00\",\"dateModified\":\"2018-10-22T22:57:09+00:00\",\"mainEntityOfPage\":{\"@id\":\"https:\\\/\\\/www.arquimaster.com.ar\\\/web\\\/galeria-de-arte-espacio-31-casa-foa-2018-romina-maribel-gonzalez-cristina-martinelli-stella-brieva-nadia-bellani\\\/\"},\"wordCount\":408,\"publisher\":{\"@id\":\"https:\\\/\\\/www.arquimaster.com.ar\\\/web\\\/#organization\"},\"image\":{\"@id\":\"https:\\\/\\\/www.arquimaster.com.ar\\\/web\\\/galeria-de-arte-espacio-31-casa-foa-2018-romina-maribel-gonzalez-cristina-martinelli-stella-brieva-nadia-bellani\\\/#primaryimage\"},\"thumbnailUrl\":\"https:\\\/\\\/www.arquimaster.com.ar\\\/web\\\/wp-content\\\/uploads\\\/2018\\\/10\\\/espacio27_casafoa2018_slide.jpg\",\"keywords\":[\"arte\",\"Casa FOA 2018\",\"Cristina Martinelli\",\"galeria de arte\",\"Nadia Bellani\",\"Romina Maribel Gonz\u00e1lez\",\"Stella Brieva\"],\"articleSection\":[\"Casa FOA 2018\",\"Dise\u00f1o\"],\"inLanguage\":\"es\"},{\"@type\":\"WebPage\",\"@id\":\"https:\\\/\\\/www.arquimaster.com.ar\\\/web\\\/galeria-de-arte-espacio-31-casa-foa-2018-romina-maribel-gonzalez-cristina-martinelli-stella-brieva-nadia-bellani\\\/\",\"url\":\"https:\\\/\\\/www.arquimaster.com.ar\\\/web\\\/galeria-de-arte-espacio-31-casa-foa-2018-romina-maribel-gonzalez-cristina-martinelli-stella-brieva-nadia-bellani\\\/\",\"name\":\"Galeria de Arte (Espacio 31 \\\/ Casa FOA 2018) \\\/ Romina Maribel Gonz\u00e1lez, Cristina Martinelli, Stella Brieva, Nadia Bellani - Arquimaster\",\"isPartOf\":{\"@id\":\"https:\\\/\\\/www.arquimaster.com.ar\\\/web\\\/#website\"},\"primaryImageOfPage\":{\"@id\":\"https:\\\/\\\/www.arquimaster.com.ar\\\/web\\\/galeria-de-arte-espacio-31-casa-foa-2018-romina-maribel-gonzalez-cristina-martinelli-stella-brieva-nadia-bellani\\\/#primaryimage\"},\"image\":{\"@id\":\"https:\\\/\\\/www.arquimaster.com.ar\\\/web\\\/galeria-de-arte-espacio-31-casa-foa-2018-romina-maribel-gonzalez-cristina-martinelli-stella-brieva-nadia-bellani\\\/#primaryimage\"},\"thumbnailUrl\":\"https:\\\/\\\/www.arquimaster.com.ar\\\/web\\\/wp-content\\\/uploads\\\/2018\\\/10\\\/espacio27_casafoa2018_slide.jpg\",\"datePublished\":\"2018-10-18T20:00:44+00:00\",\"dateModified\":\"2018-10-22T22:57:09+00:00\",\"breadcrumb\":{\"@id\":\"https:\\\/\\\/www.arquimaster.com.ar\\\/web\\\/galeria-de-arte-espacio-31-casa-foa-2018-romina-maribel-gonzalez-cristina-martinelli-stella-brieva-nadia-bellani\\\/#breadcrumb\"},\"inLanguage\":\"es\",\"potentialAction\":[{\"@type\":\"ReadAction\",\"target\":[\"https:\\\/\\\/www.arquimaster.com.ar\\\/web\\\/galeria-de-arte-espacio-31-casa-foa-2018-romina-maribel-gonzalez-cristina-martinelli-stella-brieva-nadia-bellani\\\/\"]}]},{\"@type\":\"ImageObject\",\"inLanguage\":\"es\",\"@id\":\"https:\\\/\\\/www.arquimaster.com.ar\\\/web\\\/galeria-de-arte-espacio-31-casa-foa-2018-romina-maribel-gonzalez-cristina-martinelli-stella-brieva-nadia-bellani\\\/#primaryimage\",\"url\":\"https:\\\/\\\/www.arquimaster.com.ar\\\/web\\\/wp-content\\\/uploads\\\/2018\\\/10\\\/espacio27_casafoa2018_slide.jpg\",\"contentUrl\":\"https:\\\/\\\/www.arquimaster.com.ar\\\/web\\\/wp-content\\\/uploads\\\/2018\\\/10\\\/espacio27_casafoa2018_slide.jpg\",\"width\":642,\"height\":336},{\"@type\":\"BreadcrumbList\",\"@id\":\"https:\\\/\\\/www.arquimaster.com.ar\\\/web\\\/galeria-de-arte-espacio-31-casa-foa-2018-romina-maribel-gonzalez-cristina-martinelli-stella-brieva-nadia-bellani\\\/#breadcrumb\",\"itemListElement\":[{\"@type\":\"ListItem\",\"position\":1,\"name\":\"Portada\",\"item\":\"https:\\\/\\\/www.arquimaster.com.ar\\\/web\\\/\"},{\"@type\":\"ListItem\",\"position\":2,\"name\":\"Galeria de Arte (Espacio 31 \\\/ Casa FOA 2018) \\\/ Romina Maribel Gonz\u00e1lez, Cristina Martinelli, Stella Brieva, Nadia Bellani\"}]},{\"@type\":\"WebSite\",\"@id\":\"https:\\\/\\\/www.arquimaster.com.ar\\\/web\\\/#website\",\"url\":\"https:\\\/\\\/www.arquimaster.com.ar\\\/web\\\/\",\"name\":\"Arquimaster\",\"description\":\"Web de arquitectura, dise\u00f1o y construccion\",\"publisher\":{\"@id\":\"https:\\\/\\\/www.arquimaster.com.ar\\\/web\\\/#organization\"},\"potentialAction\":[{\"@type\":\"SearchAction\",\"target\":{\"@type\":\"EntryPoint\",\"urlTemplate\":\"https:\\\/\\\/www.arquimaster.com.ar\\\/web\\\/?s={search_term_string}\"},\"query-input\":{\"@type\":\"PropertyValueSpecification\",\"valueRequired\":true,\"valueName\":\"search_term_string\"}}],\"inLanguage\":\"es\"},{\"@type\":\"Organization\",\"@id\":\"https:\\\/\\\/www.arquimaster.com.ar\\\/web\\\/#organization\",\"name\":\"Arquimaster\",\"url\":\"https:\\\/\\\/www.arquimaster.com.ar\\\/web\\\/\",\"logo\":{\"@type\":\"ImageObject\",\"inLanguage\":\"es\",\"@id\":\"https:\\\/\\\/www.arquimaster.com.ar\\\/web\\\/#\\\/schema\\\/logo\\\/image\\\/\",\"url\":\"https:\\\/\\\/www.arquimaster.com.ar\\\/web\\\/wp-content\\\/uploads\\\/2022\\\/06\\\/arquimaster.png\",\"contentUrl\":\"https:\\\/\\\/www.arquimaster.com.ar\\\/web\\\/wp-content\\\/uploads\\\/2022\\\/06\\\/arquimaster.png\",\"width\":594,\"height\":78,\"caption\":\"Arquimaster\"},\"image\":{\"@id\":\"https:\\\/\\\/www.arquimaster.com.ar\\\/web\\\/#\\\/schema\\\/logo\\\/image\\\/\"},\"sameAs\":[\"http:\\\/\\\/www.facebook.com\\\/ARQUIMASTER.com.ar\",\"https:\\\/\\\/x.com\\\/arquimaster\",\"https:\\\/\\\/www.instagram.com\\\/arquimasterblog\\\/\",\"https:\\\/\\\/www.linkedin.com\\\/company\\\/arquimaster\",\"https:\\\/\\\/www.pinterest.com\\\/arquimaster\",\"https:\\\/\\\/t.me\\\/arquimaster\"]},{\"@type\":\"Person\",\"@id\":\"https:\\\/\\\/www.arquimaster.com.ar\\\/web\\\/#\\\/schema\\\/person\\\/359e9f7c00193fcde068e0dd2ceb0028\",\"name\":\"Arquimaster\"}]}<\/script>\n<!-- \/ Yoast SEO plugin. -->","yoast_head_json":{"title":"Galeria de Arte (Espacio 31 \/ Casa FOA 2018) \/ Romina Maribel Gonz\u00e1lez, Cristina Martinelli, Stella Brieva, Nadia Bellani - Arquimaster","robots":{"index":"index","follow":"follow","max-snippet":"max-snippet:-1","max-image-preview":"max-image-preview:large","max-video-preview":"max-video-preview:-1"},"canonical":"https:\/\/www.arquimaster.com.ar\/web\/galeria-de-arte-espacio-31-casa-foa-2018-romina-maribel-gonzalez-cristina-martinelli-stella-brieva-nadia-bellani\/","og_locale":"es_ES","og_type":"article","og_title":"Galeria de Arte (Espacio 31 \/ Casa FOA 2018) \/ Romina Maribel Gonz\u00e1lez, Cristina Martinelli, Stella Brieva, Nadia Bellani - Arquimaster","og_description":"Recorrido visual con obra de tres artistas, con una identidad marcada por su hacer...","og_url":"https:\/\/www.arquimaster.com.ar\/web\/galeria-de-arte-espacio-31-casa-foa-2018-romina-maribel-gonzalez-cristina-martinelli-stella-brieva-nadia-bellani\/","og_site_name":"Arquimaster","article_publisher":"http:\/\/www.facebook.com\/ARQUIMASTER.com.ar","article_published_time":"2018-10-18T20:00:44+00:00","article_modified_time":"2018-10-22T22:57:09+00:00","og_image":[{"width":642,"height":336,"url":"https:\/\/www.arquimaster.com.ar\/web\/wp-content\/uploads\/2018\/10\/espacio27_casafoa2018_slide.jpg","type":"image\/jpeg"}],"author":"Arquimaster","twitter_card":"summary_large_image","twitter_creator":"@arquimaster","twitter_site":"@arquimaster","twitter_misc":{"Escrito por":"Arquimaster","Tiempo de lectura":"2 minutos"},"schema":{"@context":"https:\/\/schema.org","@graph":[{"@type":"Article","@id":"https:\/\/www.arquimaster.com.ar\/web\/galeria-de-arte-espacio-31-casa-foa-2018-romina-maribel-gonzalez-cristina-martinelli-stella-brieva-nadia-bellani\/#article","isPartOf":{"@id":"https:\/\/www.arquimaster.com.ar\/web\/galeria-de-arte-espacio-31-casa-foa-2018-romina-maribel-gonzalez-cristina-martinelli-stella-brieva-nadia-bellani\/"},"author":{"name":"Arquimaster","@id":"https:\/\/www.arquimaster.com.ar\/web\/#\/schema\/person\/359e9f7c00193fcde068e0dd2ceb0028"},"headline":"Galeria de Arte (Espacio 31 \/ Casa FOA 2018) \/ Romina Maribel Gonz\u00e1lez, Cristina Martinelli, Stella Brieva, Nadia Bellani","datePublished":"2018-10-18T20:00:44+00:00","dateModified":"2018-10-22T22:57:09+00:00","mainEntityOfPage":{"@id":"https:\/\/www.arquimaster.com.ar\/web\/galeria-de-arte-espacio-31-casa-foa-2018-romina-maribel-gonzalez-cristina-martinelli-stella-brieva-nadia-bellani\/"},"wordCount":408,"publisher":{"@id":"https:\/\/www.arquimaster.com.ar\/web\/#organization"},"image":{"@id":"https:\/\/www.arquimaster.com.ar\/web\/galeria-de-arte-espacio-31-casa-foa-2018-romina-maribel-gonzalez-cristina-martinelli-stella-brieva-nadia-bellani\/#primaryimage"},"thumbnailUrl":"https:\/\/www.arquimaster.com.ar\/web\/wp-content\/uploads\/2018\/10\/espacio27_casafoa2018_slide.jpg","keywords":["arte","Casa FOA 2018","Cristina Martinelli","galeria de arte","Nadia Bellani","Romina Maribel Gonz\u00e1lez","Stella Brieva"],"articleSection":["Casa FOA 2018","Dise\u00f1o"],"inLanguage":"es"},{"@type":"WebPage","@id":"https:\/\/www.arquimaster.com.ar\/web\/galeria-de-arte-espacio-31-casa-foa-2018-romina-maribel-gonzalez-cristina-martinelli-stella-brieva-nadia-bellani\/","url":"https:\/\/www.arquimaster.com.ar\/web\/galeria-de-arte-espacio-31-casa-foa-2018-romina-maribel-gonzalez-cristina-martinelli-stella-brieva-nadia-bellani\/","name":"Galeria de Arte (Espacio 31 \/ Casa FOA 2018) \/ Romina Maribel Gonz\u00e1lez, Cristina Martinelli, Stella Brieva, Nadia Bellani - Arquimaster","isPartOf":{"@id":"https:\/\/www.arquimaster.com.ar\/web\/#website"},"primaryImageOfPage":{"@id":"https:\/\/www.arquimaster.com.ar\/web\/galeria-de-arte-espacio-31-casa-foa-2018-romina-maribel-gonzalez-cristina-martinelli-stella-brieva-nadia-bellani\/#primaryimage"},"image":{"@id":"https:\/\/www.arquimaster.com.ar\/web\/galeria-de-arte-espacio-31-casa-foa-2018-romina-maribel-gonzalez-cristina-martinelli-stella-brieva-nadia-bellani\/#primaryimage"},"thumbnailUrl":"https:\/\/www.arquimaster.com.ar\/web\/wp-content\/uploads\/2018\/10\/espacio27_casafoa2018_slide.jpg","datePublished":"2018-10-18T20:00:44+00:00","dateModified":"2018-10-22T22:57:09+00:00","breadcrumb":{"@id":"https:\/\/www.arquimaster.com.ar\/web\/galeria-de-arte-espacio-31-casa-foa-2018-romina-maribel-gonzalez-cristina-martinelli-stella-brieva-nadia-bellani\/#breadcrumb"},"inLanguage":"es","potentialAction":[{"@type":"ReadAction","target":["https:\/\/www.arquimaster.com.ar\/web\/galeria-de-arte-espacio-31-casa-foa-2018-romina-maribel-gonzalez-cristina-martinelli-stella-brieva-nadia-bellani\/"]}]},{"@type":"ImageObject","inLanguage":"es","@id":"https:\/\/www.arquimaster.com.ar\/web\/galeria-de-arte-espacio-31-casa-foa-2018-romina-maribel-gonzalez-cristina-martinelli-stella-brieva-nadia-bellani\/#primaryimage","url":"https:\/\/www.arquimaster.com.ar\/web\/wp-content\/uploads\/2018\/10\/espacio27_casafoa2018_slide.jpg","contentUrl":"https:\/\/www.arquimaster.com.ar\/web\/wp-content\/uploads\/2018\/10\/espacio27_casafoa2018_slide.jpg","width":642,"height":336},{"@type":"BreadcrumbList","@id":"https:\/\/www.arquimaster.com.ar\/web\/galeria-de-arte-espacio-31-casa-foa-2018-romina-maribel-gonzalez-cristina-martinelli-stella-brieva-nadia-bellani\/#breadcrumb","itemListElement":[{"@type":"ListItem","position":1,"name":"Portada","item":"https:\/\/www.arquimaster.com.ar\/web\/"},{"@type":"ListItem","position":2,"name":"Galeria de Arte (Espacio 31 \/ Casa FOA 2018) \/ Romina Maribel Gonz\u00e1lez, Cristina Martinelli, Stella Brieva, Nadia Bellani"}]},{"@type":"WebSite","@id":"https:\/\/www.arquimaster.com.ar\/web\/#website","url":"https:\/\/www.arquimaster.com.ar\/web\/","name":"Arquimaster","description":"Web de arquitectura, dise\u00f1o y construccion","publisher":{"@id":"https:\/\/www.arquimaster.com.ar\/web\/#organization"},"potentialAction":[{"@type":"SearchAction","target":{"@type":"EntryPoint","urlTemplate":"https:\/\/www.arquimaster.com.ar\/web\/?s={search_term_string}"},"query-input":{"@type":"PropertyValueSpecification","valueRequired":true,"valueName":"search_term_string"}}],"inLanguage":"es"},{"@type":"Organization","@id":"https:\/\/www.arquimaster.com.ar\/web\/#organization","name":"Arquimaster","url":"https:\/\/www.arquimaster.com.ar\/web\/","logo":{"@type":"ImageObject","inLanguage":"es","@id":"https:\/\/www.arquimaster.com.ar\/web\/#\/schema\/logo\/image\/","url":"https:\/\/www.arquimaster.com.ar\/web\/wp-content\/uploads\/2022\/06\/arquimaster.png","contentUrl":"https:\/\/www.arquimaster.com.ar\/web\/wp-content\/uploads\/2022\/06\/arquimaster.png","width":594,"height":78,"caption":"Arquimaster"},"image":{"@id":"https:\/\/www.arquimaster.com.ar\/web\/#\/schema\/logo\/image\/"},"sameAs":["http:\/\/www.facebook.com\/ARQUIMASTER.com.ar","https:\/\/x.com\/arquimaster","https:\/\/www.instagram.com\/arquimasterblog\/","https:\/\/www.linkedin.com\/company\/arquimaster","https:\/\/www.pinterest.com\/arquimaster","https:\/\/t.me\/arquimaster"]},{"@type":"Person","@id":"https:\/\/www.arquimaster.com.ar\/web\/#\/schema\/person\/359e9f7c00193fcde068e0dd2ceb0028","name":"Arquimaster"}]}},"uagb_featured_image_src":{"full":["https:\/\/www.arquimaster.com.ar\/web\/wp-content\/uploads\/2018\/10\/espacio27_casafoa2018_slide.jpg",642,336,false],"thumbnail":["https:\/\/www.arquimaster.com.ar\/web\/wp-content\/uploads\/2018\/10\/espacio27_casafoa2018_slide-150x150.jpg",150,150,true],"medium":["https:\/\/www.arquimaster.com.ar\/web\/wp-content\/uploads\/2018\/10\/espacio27_casafoa2018_slide.jpg",642,336,false],"medium_large":["https:\/\/www.arquimaster.com.ar\/web\/wp-content\/uploads\/2018\/10\/espacio27_casafoa2018_slide.jpg",642,336,false],"large":["https:\/\/www.arquimaster.com.ar\/web\/wp-content\/uploads\/2018\/10\/espacio27_casafoa2018_slide.jpg",642,336,false],"1536x1536":["https:\/\/www.arquimaster.com.ar\/web\/wp-content\/uploads\/2018\/10\/espacio27_casafoa2018_slide.jpg",642,336,false],"2048x2048":["https:\/\/www.arquimaster.com.ar\/web\/wp-content\/uploads\/2018\/10\/espacio27_casafoa2018_slide.jpg",642,336,false]},"uagb_author_info":{"display_name":"Arquimaster","author_link":"https:\/\/www.arquimaster.com.ar\/web\/author\/arquimaster\/"},"uagb_comment_info":0,"uagb_excerpt":"Recorrido visual con obra de tres artistas, con una identidad marcada por su hacer...","_links":{"self":[{"href":"https:\/\/www.arquimaster.com.ar\/web\/wp-json\/wp\/v2\/posts\/33069","targetHints":{"allow":["GET"]}}],"collection":[{"href":"https:\/\/www.arquimaster.com.ar\/web\/wp-json\/wp\/v2\/posts"}],"about":[{"href":"https:\/\/www.arquimaster.com.ar\/web\/wp-json\/wp\/v2\/types\/post"}],"author":[{"embeddable":true,"href":"https:\/\/www.arquimaster.com.ar\/web\/wp-json\/wp\/v2\/users\/1"}],"replies":[{"embeddable":true,"href":"https:\/\/www.arquimaster.com.ar\/web\/wp-json\/wp\/v2\/comments?post=33069"}],"version-history":[{"count":0,"href":"https:\/\/www.arquimaster.com.ar\/web\/wp-json\/wp\/v2\/posts\/33069\/revisions"}],"wp:featuredmedia":[{"embeddable":true,"href":"https:\/\/www.arquimaster.com.ar\/web\/wp-json\/wp\/v2\/media\/33070"}],"wp:attachment":[{"href":"https:\/\/www.arquimaster.com.ar\/web\/wp-json\/wp\/v2\/media?parent=33069"}],"wp:term":[{"taxonomy":"category","embeddable":true,"href":"https:\/\/www.arquimaster.com.ar\/web\/wp-json\/wp\/v2\/categories?post=33069"},{"taxonomy":"post_tag","embeddable":true,"href":"https:\/\/www.arquimaster.com.ar\/web\/wp-json\/wp\/v2\/tags?post=33069"}],"curies":[{"name":"wp","href":"https:\/\/api.w.org\/{rel}","templated":true}]}}