{"id":33143,"date":"2018-10-18T18:31:31","date_gmt":"2018-10-18T18:31:31","guid":{"rendered":"http:\/\/www.arquimaster.com.ar\/web\/?p=33143"},"modified":"2026-03-29T21:14:11","modified_gmt":"2026-03-30T00:14:11","slug":"living-espacio-6-casa-foa-2018-javier-iturrioz","status":"publish","type":"post","link":"https:\/\/www.arquimaster.com.ar\/web\/living-espacio-6-casa-foa-2018-javier-iturrioz\/","title":{"rendered":"Living (Espacio 6 \/ Casa FOA 2018) \/ Javier Iturrioz"},"content":{"rendered":"<div style=\"margin-top: 0px; margin-bottom: 0px;\" class=\"sharethis-inline-share-buttons\" ><\/div><div class=\"b812932af2e751442846f039925109de\" data-index=\"1\" style=\"float: none; margin:25px 0 25px 0; text-align:center;\">\n<script async src=\"https:\/\/pagead2.googlesyndication.com\/pagead\/js\/adsbygoogle.js\"><\/script>\r\n<!-- Arquimaster (superior) -->\r\n<ins class=\"adsbygoogle\"\r\n     style=\"display:block\"\r\n     data-ad-client=\"ca-pub-6351072698456832\"\r\n     data-ad-slot=\"6455489680\"\r\n     data-ad-format=\"auto\"\r\n     data-full-width-responsive=\"true\"><\/ins>\r\n<script>\r\n     (adsbygoogle = window.adsbygoogle || []).push({});\r\n<\/script>\n<\/div>\n<p><strong>Living<\/strong> (Espacio 6 \/ Casa FOA 2018 \/ Cassa Devoto) por <strong>Javier Iturrioz<\/strong>. La idea fue crear un espacio sofisticado y elegante, d\u00e1ndole el car\u00e1cter de un edificio franc\u00e9s con el touch de color y personalidad casi escenogr\u00e1fica que siempre busco plasmar en mis decoraciones.<\/p>\n<p>En un contexto austero como el de este convento, generamos un cambio radical hacia adentro, elegimos el color amarillo casi papal (Explosi\u00f3n C\u00edtrica de Alba) que dialoga con espacios ya existentes en el edificio como mosaicos, azulejos y vitreaux. Se intervinieron las paredes con en varillado franc\u00e9s para lograr un toque de opulencia y exuberancia y clasicismo para el deleite de los que atesoran bellezas.<\/p>\n<div id='gallery-1' class='gallery galleryid-33143 gallery-columns-3 gallery-size-thumbnail'><figure class='gallery-item'>\n\t\t\t<div class='gallery-icon landscape'>\n\t\t\t\t<a href='https:\/\/www.arquimaster.com.ar\/web\/wp-content\/uploads\/2018\/10\/espacio6_casafoa2018_1.jpg' title=\"Living (Espacio 6 \/ Casa FOA 2018) \/ Javier Iturrioz (\u00a9 Casa FOA)\" data-rl_title=\"Living (Espacio 6 \/ Casa FOA 2018) \/ Javier Iturrioz (\u00a9 Casa FOA)\" class=\"rl-gallery-link\" data-rl_caption=\"Living (Espacio 6 \/ Casa FOA 2018) \/ Javier Iturrioz (\u00a9 Casa FOA)\" data-rel=\"lightbox-gallery-1\"><img loading=\"lazy\" decoding=\"async\" width=\"150\" height=\"150\" src=\"https:\/\/www.arquimaster.com.ar\/web\/wp-content\/uploads\/2018\/10\/espacio6_casafoa2018_1-150x150.jpg\" class=\"attachment-thumbnail size-thumbnail\" alt=\"\" aria-describedby=\"gallery-1-33145\" srcset=\"https:\/\/www.arquimaster.com.ar\/web\/wp-content\/uploads\/2018\/10\/espacio6_casafoa2018_1-150x150.jpg 150w, https:\/\/www.arquimaster.com.ar\/web\/wp-content\/uploads\/2018\/10\/espacio6_casafoa2018_1-50x50.jpg 50w, https:\/\/www.arquimaster.com.ar\/web\/wp-content\/uploads\/2018\/10\/espacio6_casafoa2018_1-125x125.jpg 125w\" sizes=\"auto, (max-width: 150px) 100vw, 150px\" \/><\/a>\n\t\t\t<\/div>\n\t\t\t\t<figcaption class='wp-caption-text gallery-caption' id='gallery-1-33145'>\n\t\t\t\tLiving (Espacio 6 \/ Casa FOA 2018) \/ Javier Iturrioz (\u00a9 Casa FOA)\n\t\t\t\t<\/figcaption><\/figure><figure class='gallery-item'>\n\t\t\t<div class='gallery-icon portrait'>\n\t\t\t\t<a href='https:\/\/www.arquimaster.com.ar\/web\/wp-content\/uploads\/2018\/10\/espacio6_casafoa2018_2.jpg' title=\"Living (Espacio 6 \/ Casa FOA 2018) \/ Javier Iturrioz (\u00a9 Casa FOA)\" data-rl_title=\"Living (Espacio 6 \/ Casa FOA 2018) \/ Javier Iturrioz (\u00a9 Casa FOA)\" class=\"rl-gallery-link\" data-rl_caption=\"Living (Espacio 6 \/ Casa FOA 2018) \/ Javier Iturrioz (\u00a9 Casa FOA)\" data-rel=\"lightbox-gallery-1\"><img loading=\"lazy\" decoding=\"async\" width=\"150\" height=\"150\" src=\"https:\/\/www.arquimaster.com.ar\/web\/wp-content\/uploads\/2018\/10\/espacio6_casafoa2018_2-150x150.jpg\" class=\"attachment-thumbnail size-thumbnail\" alt=\"\" aria-describedby=\"gallery-1-33146\" srcset=\"https:\/\/www.arquimaster.com.ar\/web\/wp-content\/uploads\/2018\/10\/espacio6_casafoa2018_2-150x150.jpg 150w, https:\/\/www.arquimaster.com.ar\/web\/wp-content\/uploads\/2018\/10\/espacio6_casafoa2018_2-50x50.jpg 50w, https:\/\/www.arquimaster.com.ar\/web\/wp-content\/uploads\/2018\/10\/espacio6_casafoa2018_2-125x125.jpg 125w\" sizes=\"auto, (max-width: 150px) 100vw, 150px\" \/><\/a>\n\t\t\t<\/div>\n\t\t\t\t<figcaption class='wp-caption-text gallery-caption' id='gallery-1-33146'>\n\t\t\t\tLiving (Espacio 6 \/ Casa FOA 2018) \/ Javier Iturrioz (\u00a9 Casa FOA)\n\t\t\t\t<\/figcaption><\/figure><figure class='gallery-item'>\n\t\t\t<div class='gallery-icon landscape'>\n\t\t\t\t<a href='https:\/\/www.arquimaster.com.ar\/web\/wp-content\/uploads\/2018\/10\/espacio6_casafoa2018_3.jpg' title=\"Living (Espacio 6 \/ Casa FOA 2018) \/ Javier Iturrioz (\u00a9 Casa FOA)\" data-rl_title=\"Living (Espacio 6 \/ Casa FOA 2018) \/ Javier Iturrioz (\u00a9 Casa FOA)\" class=\"rl-gallery-link\" data-rl_caption=\"Living (Espacio 6 \/ Casa FOA 2018) \/ Javier Iturrioz (\u00a9 Casa FOA)\" data-rel=\"lightbox-gallery-1\"><img loading=\"lazy\" decoding=\"async\" width=\"150\" height=\"150\" src=\"https:\/\/www.arquimaster.com.ar\/web\/wp-content\/uploads\/2018\/10\/espacio6_casafoa2018_3-150x150.jpg\" class=\"attachment-thumbnail size-thumbnail\" alt=\"\" aria-describedby=\"gallery-1-33147\" srcset=\"https:\/\/www.arquimaster.com.ar\/web\/wp-content\/uploads\/2018\/10\/espacio6_casafoa2018_3-150x150.jpg 150w, https:\/\/www.arquimaster.com.ar\/web\/wp-content\/uploads\/2018\/10\/espacio6_casafoa2018_3-50x50.jpg 50w, https:\/\/www.arquimaster.com.ar\/web\/wp-content\/uploads\/2018\/10\/espacio6_casafoa2018_3-125x125.jpg 125w\" sizes=\"auto, (max-width: 150px) 100vw, 150px\" \/><\/a>\n\t\t\t<\/div>\n\t\t\t\t<figcaption class='wp-caption-text gallery-caption' id='gallery-1-33147'>\n\t\t\t\tLiving (Espacio 6 \/ Casa FOA 2018) \/ Javier Iturrioz (\u00a9 Casa FOA)\n\t\t\t\t<\/figcaption><\/figure>\n\t\t<\/div>\n\n<p>La ara\u00f1a central de cristal francesa es de \u00e9poca y convive perfectamente con dos luminarias colgantes estilo art deco que dise\u00f1amos junto a la joyera Isabel Englebert en metal dorado y acr\u00edlicos amarillos.<\/p>\n<p>Un living sim\u00e9trico frente a la antigua chimenea de m\u00e1rmol de carrara flanqueada por dos moros venecianos son el centro de atenci\u00f3n de la sala, todas las piezas tra\u00eddas del anticuario Roldan.<\/p>\n<p>El mix entre atemporal y exc\u00e9ntrico se acent\u00faa con la iluminaci\u00f3n escenogr\u00e1fica sobre las obras de arte\u00a0 y objetos de colecci\u00f3n.<\/p>\n<p>Esta caja amarilla se contin\u00faa con cortinados de lino lim\u00f3n al tono, contrastando con el piso de roble de Eslavonia colocados a la manera Versalles.<\/p>\n<p>Este espacio est\u00e1 destinado a un amante de antig\u00fcedades y coleccionista de arte contempor\u00e1neo,\u00a0 fue pensado como un ambiente monocrom\u00e1tico donde todo lo exhibido se destaque. Para ello hasta los muebles se tapizaron en colores c\u00edtricos, haci\u00e9ndoles perder su sobriedad y d\u00e1ndoles el toque de contemporaneidad y tendencia.<\/p>\n<p><strong>Fotos<\/strong><br \/>\nPrensa Casa FOA 2018<\/p>\n<p><strong>Plano de la muestra<\/strong><\/p>\n<div id='gallery-2' class='gallery galleryid-33143 gallery-columns-3 gallery-size-thumbnail'><figure class='gallery-item'>\n\t\t\t<div class='gallery-icon portrait'>\n\t\t\t\t<a href='https:\/\/www.arquimaster.com.ar\/web\/wp-content\/uploads\/2018\/09\/plano_casa_foa_2018.jpg' title=\"Casa FOA 2018 \/ Cassa Devoto\" data-rl_title=\"Casa FOA 2018 \/ Cassa Devoto\" class=\"rl-gallery-link\" data-rl_caption=\"Casa FOA 2018 \/ Cassa Devoto\" data-rel=\"lightbox-gallery-2\"><img loading=\"lazy\" decoding=\"async\" width=\"150\" height=\"150\" src=\"https:\/\/www.arquimaster.com.ar\/web\/wp-content\/uploads\/2018\/09\/plano_casa_foa_2018-150x150.jpg\" class=\"attachment-thumbnail size-thumbnail\" alt=\"\" aria-describedby=\"gallery-2-31322\" srcset=\"https:\/\/www.arquimaster.com.ar\/web\/wp-content\/uploads\/2018\/09\/plano_casa_foa_2018-150x150.jpg 150w, https:\/\/www.arquimaster.com.ar\/web\/wp-content\/uploads\/2018\/09\/plano_casa_foa_2018-50x50.jpg 50w, https:\/\/www.arquimaster.com.ar\/web\/wp-content\/uploads\/2018\/09\/plano_casa_foa_2018-125x125.jpg 125w\" sizes=\"auto, (max-width: 150px) 100vw, 150px\" \/><\/a>\n\t\t\t<\/div>\n\t\t\t\t<figcaption class='wp-caption-text gallery-caption' id='gallery-2-31322'>\n\t\t\t\tCasa FOA 2018 \/ Cassa Devoto\n\t\t\t\t<\/figcaption><\/figure>\n\t\t<\/div>\n\n<p><strong>Sponsors oficiales<\/strong><\/p>\n<p><strong>Alba<\/strong><br \/>\nPinturas<\/p>\n<p><strong>Knauf<\/strong><br \/>\nPlacas de yeso<\/p>\n<p><strong>Patagonia Flooring<\/strong><br \/>\nPisos y decks<\/p>\n<p><strong>Atrim<\/strong><br \/>\nPerfiles y terminaciones<\/p>\n<p><strong>Colaboradores del espacio<\/strong><\/p>\n<p><strong>Constructora IMP<\/strong><\/p>\n<p><strong>Kohen Iluminacion<\/strong><br \/>\nArtefactos de luz<\/p>\n<p><strong>Roldan Moderno<\/strong><br \/>\nObras de arte<\/p>\n<p><strong>Laura Sanchez Paz<\/strong><br \/>\nCortinados<\/p>\n<p><strong>Isabel Englebert<\/strong><br \/>\nJoyas y ara\u00f1as contempor\u00e1neas<\/p>\n<p><strong>Delevie<\/strong><br \/>\nG\u00e9neros<\/p>\n<p><strong>Next<\/strong><br \/>\nG\u00e9neros<\/p>\n<p><strong>Tashen<\/strong><\/p>\n<p><strong>Colorco<\/strong><br \/>\nEmpresa de pintura<\/p>\n<p><strong>El Viejo Atico<\/strong><br \/>\nEnvarillado en paredes<\/p>\n<p><strong>Roldan<\/strong><br \/>\nAntigu\u0308edades<\/p>\n<p><strong>Sobre Casa FOA 2018 \/ Cassa Devoto<\/strong><br \/>\nCasa FOA, la tradicional exposici\u00f3n nacional de arquitectura, dise\u00f1o interior, paisajismo e industria abrir\u00e1 sus puertas a partir del 21 de septiembre de 2018 y podr\u00e1 recorrerse hasta el 28 de octubre de 2018 en su nueva sede en el ex Convento Nuestra Se\u00f1ora de la Misericordia, ubicado en Pareja 3670, en el barrio de Devoto, Ciudad de Buenos Aires. Cassa Devoto es una joya arquitect\u00f3nica de m\u00e1s de 120 a\u00f1os, con 3000 metros cuadrados de claustros, patios y vegetaci\u00f3n que brindar\u00e1 los escenarios donde dise\u00f1adores y arquitectos desplegar\u00e1n toda su creatividad.<\/p>\n<p>La nueva sede abrir\u00e1 todos los d\u00edas de 12 a 20 horas y los viernes con Casa FOA Night hasta las 23 horas, los viernes a partir de las 19 horas se podr\u00e1 acceder con el beneficio de 2&#215;1. La entrada tendr\u00e1 un valor de $ 240 en boleter\u00eda y se podr\u00e1n adquirir entradas anticipadas a trav\u00e9s de la p\u00e1gina web de Casa FOA. Casa FOA ya es un \u00edcono de la arquitectura y el dise\u00f1o, tal es as\u00ed que este a\u00f1o, celebrando su edici\u00f3n N\u00ba 35, fue declarada de inter\u00e9s cultural de la Ciudad de Buenos Aires por la Legislatura Porte\u00f1a.<\/p>\n\n<div style=\"font-size: 0px; height: 0px; line-height: 0px; margin: 0; padding: 0; clear: both;\"><\/div><div style=\"margin-top: 0px; margin-bottom: 0px;\" class=\"sharethis-inline-share-buttons\" ><\/div>","protected":false},"excerpt":{"rendered":"<p>El mix entre atemporal y exc\u00e9ntrico se acent\u00faa con la iluminaci\u00f3n escenogr\u00e1fica&#8230;<\/p>\n","protected":false},"author":1,"featured_media":33144,"comment_status":"closed","ping_status":"closed","sticky":false,"template":"","format":"standard","meta":{"_uag_custom_page_level_css":"","footnotes":""},"categories":[4642,55],"tags":[4644,2825,2682],"class_list":["post-33143","post","type-post","status-publish","format-standard","has-post-thumbnail","hentry","category-casa-foa-2018","category-diseno","tag-casa-foa-2018","tag-javier-iturrioz","tag-living","generate-columns","tablet-grid-50","mobile-grid-100","grid-parent","grid-50"],"yoast_head":"<!-- This site is optimized with the Yoast SEO plugin v27.3 - https:\/\/yoast.com\/product\/yoast-seo-wordpress\/ -->\n<title>Living (Espacio 6 \/ Casa FOA 2018) \/ Javier Iturrioz - Arquimaster<\/title>\n<meta name=\"robots\" content=\"index, follow, max-snippet:-1, max-image-preview:large, max-video-preview:-1\" \/>\n<link rel=\"canonical\" href=\"https:\/\/www.arquimaster.com.ar\/web\/living-espacio-6-casa-foa-2018-javier-iturrioz\/\" \/>\n<meta property=\"og:locale\" content=\"es_ES\" \/>\n<meta property=\"og:type\" content=\"article\" \/>\n<meta property=\"og:title\" content=\"Living (Espacio 6 \/ Casa FOA 2018) \/ Javier Iturrioz - Arquimaster\" \/>\n<meta property=\"og:description\" content=\"El mix entre atemporal y exc\u00e9ntrico se acent\u00faa con la iluminaci\u00f3n escenogr\u00e1fica...\" \/>\n<meta property=\"og:url\" content=\"https:\/\/www.arquimaster.com.ar\/web\/living-espacio-6-casa-foa-2018-javier-iturrioz\/\" \/>\n<meta property=\"og:site_name\" content=\"Arquimaster\" \/>\n<meta property=\"article:publisher\" content=\"http:\/\/www.facebook.com\/ARQUIMASTER.com.ar\" \/>\n<meta property=\"article:published_time\" content=\"2018-10-18T18:31:31+00:00\" \/>\n<meta property=\"article:modified_time\" content=\"2026-03-30T00:14:11+00:00\" \/>\n<meta property=\"og:image\" content=\"https:\/\/www.arquimaster.com.ar\/web\/wp-content\/uploads\/2018\/10\/espacio6_casafoa2018_slide.jpg\" \/>\n\t<meta property=\"og:image:width\" content=\"642\" \/>\n\t<meta property=\"og:image:height\" content=\"336\" \/>\n\t<meta property=\"og:image:type\" content=\"image\/jpeg\" \/>\n<meta name=\"author\" content=\"Arquimaster\" \/>\n<meta name=\"twitter:card\" content=\"summary_large_image\" \/>\n<meta name=\"twitter:creator\" content=\"@arquimaster\" \/>\n<meta name=\"twitter:site\" content=\"@arquimaster\" \/>\n<meta name=\"twitter:label1\" content=\"Escrito por\" \/>\n\t<meta name=\"twitter:data1\" content=\"Arquimaster\" \/>\n\t<meta name=\"twitter:label2\" content=\"Tiempo de lectura\" \/>\n\t<meta name=\"twitter:data2\" content=\"3 minutos\" \/>\n<script type=\"application\/ld+json\" class=\"yoast-schema-graph\">{\"@context\":\"https:\\\/\\\/schema.org\",\"@graph\":[{\"@type\":\"Article\",\"@id\":\"https:\\\/\\\/www.arquimaster.com.ar\\\/web\\\/living-espacio-6-casa-foa-2018-javier-iturrioz\\\/#article\",\"isPartOf\":{\"@id\":\"https:\\\/\\\/www.arquimaster.com.ar\\\/web\\\/living-espacio-6-casa-foa-2018-javier-iturrioz\\\/\"},\"author\":{\"name\":\"Arquimaster\",\"@id\":\"https:\\\/\\\/www.arquimaster.com.ar\\\/web\\\/#\\\/schema\\\/person\\\/359e9f7c00193fcde068e0dd2ceb0028\"},\"headline\":\"Living (Espacio 6 \\\/ Casa FOA 2018) \\\/ Javier Iturrioz\",\"datePublished\":\"2018-10-18T18:31:31+00:00\",\"dateModified\":\"2026-03-30T00:14:11+00:00\",\"mainEntityOfPage\":{\"@id\":\"https:\\\/\\\/www.arquimaster.com.ar\\\/web\\\/living-espacio-6-casa-foa-2018-javier-iturrioz\\\/\"},\"wordCount\":582,\"publisher\":{\"@id\":\"https:\\\/\\\/www.arquimaster.com.ar\\\/web\\\/#organization\"},\"image\":{\"@id\":\"https:\\\/\\\/www.arquimaster.com.ar\\\/web\\\/living-espacio-6-casa-foa-2018-javier-iturrioz\\\/#primaryimage\"},\"thumbnailUrl\":\"https:\\\/\\\/www.arquimaster.com.ar\\\/web\\\/wp-content\\\/uploads\\\/2018\\\/10\\\/espacio6_casafoa2018_slide.jpg\",\"keywords\":[\"Casa FOA 2018\",\"Javier Iturrioz\",\"living\"],\"articleSection\":[\"Casa FOA 2018\",\"Dise\u00f1o\"],\"inLanguage\":\"es\"},{\"@type\":\"WebPage\",\"@id\":\"https:\\\/\\\/www.arquimaster.com.ar\\\/web\\\/living-espacio-6-casa-foa-2018-javier-iturrioz\\\/\",\"url\":\"https:\\\/\\\/www.arquimaster.com.ar\\\/web\\\/living-espacio-6-casa-foa-2018-javier-iturrioz\\\/\",\"name\":\"Living (Espacio 6 \\\/ Casa FOA 2018) \\\/ Javier Iturrioz - Arquimaster\",\"isPartOf\":{\"@id\":\"https:\\\/\\\/www.arquimaster.com.ar\\\/web\\\/#website\"},\"primaryImageOfPage\":{\"@id\":\"https:\\\/\\\/www.arquimaster.com.ar\\\/web\\\/living-espacio-6-casa-foa-2018-javier-iturrioz\\\/#primaryimage\"},\"image\":{\"@id\":\"https:\\\/\\\/www.arquimaster.com.ar\\\/web\\\/living-espacio-6-casa-foa-2018-javier-iturrioz\\\/#primaryimage\"},\"thumbnailUrl\":\"https:\\\/\\\/www.arquimaster.com.ar\\\/web\\\/wp-content\\\/uploads\\\/2018\\\/10\\\/espacio6_casafoa2018_slide.jpg\",\"datePublished\":\"2018-10-18T18:31:31+00:00\",\"dateModified\":\"2026-03-30T00:14:11+00:00\",\"breadcrumb\":{\"@id\":\"https:\\\/\\\/www.arquimaster.com.ar\\\/web\\\/living-espacio-6-casa-foa-2018-javier-iturrioz\\\/#breadcrumb\"},\"inLanguage\":\"es\",\"potentialAction\":[{\"@type\":\"ReadAction\",\"target\":[\"https:\\\/\\\/www.arquimaster.com.ar\\\/web\\\/living-espacio-6-casa-foa-2018-javier-iturrioz\\\/\"]}]},{\"@type\":\"ImageObject\",\"inLanguage\":\"es\",\"@id\":\"https:\\\/\\\/www.arquimaster.com.ar\\\/web\\\/living-espacio-6-casa-foa-2018-javier-iturrioz\\\/#primaryimage\",\"url\":\"https:\\\/\\\/www.arquimaster.com.ar\\\/web\\\/wp-content\\\/uploads\\\/2018\\\/10\\\/espacio6_casafoa2018_slide.jpg\",\"contentUrl\":\"https:\\\/\\\/www.arquimaster.com.ar\\\/web\\\/wp-content\\\/uploads\\\/2018\\\/10\\\/espacio6_casafoa2018_slide.jpg\",\"width\":642,\"height\":336},{\"@type\":\"BreadcrumbList\",\"@id\":\"https:\\\/\\\/www.arquimaster.com.ar\\\/web\\\/living-espacio-6-casa-foa-2018-javier-iturrioz\\\/#breadcrumb\",\"itemListElement\":[{\"@type\":\"ListItem\",\"position\":1,\"name\":\"Portada\",\"item\":\"https:\\\/\\\/www.arquimaster.com.ar\\\/web\\\/\"},{\"@type\":\"ListItem\",\"position\":2,\"name\":\"Living (Espacio 6 \\\/ Casa FOA 2018) \\\/ Javier Iturrioz\"}]},{\"@type\":\"WebSite\",\"@id\":\"https:\\\/\\\/www.arquimaster.com.ar\\\/web\\\/#website\",\"url\":\"https:\\\/\\\/www.arquimaster.com.ar\\\/web\\\/\",\"name\":\"Arquimaster\",\"description\":\"Web de arquitectura, dise\u00f1o y construccion\",\"publisher\":{\"@id\":\"https:\\\/\\\/www.arquimaster.com.ar\\\/web\\\/#organization\"},\"potentialAction\":[{\"@type\":\"SearchAction\",\"target\":{\"@type\":\"EntryPoint\",\"urlTemplate\":\"https:\\\/\\\/www.arquimaster.com.ar\\\/web\\\/?s={search_term_string}\"},\"query-input\":{\"@type\":\"PropertyValueSpecification\",\"valueRequired\":true,\"valueName\":\"search_term_string\"}}],\"inLanguage\":\"es\"},{\"@type\":\"Organization\",\"@id\":\"https:\\\/\\\/www.arquimaster.com.ar\\\/web\\\/#organization\",\"name\":\"Arquimaster\",\"url\":\"https:\\\/\\\/www.arquimaster.com.ar\\\/web\\\/\",\"logo\":{\"@type\":\"ImageObject\",\"inLanguage\":\"es\",\"@id\":\"https:\\\/\\\/www.arquimaster.com.ar\\\/web\\\/#\\\/schema\\\/logo\\\/image\\\/\",\"url\":\"https:\\\/\\\/www.arquimaster.com.ar\\\/web\\\/wp-content\\\/uploads\\\/2022\\\/06\\\/arquimaster.png\",\"contentUrl\":\"https:\\\/\\\/www.arquimaster.com.ar\\\/web\\\/wp-content\\\/uploads\\\/2022\\\/06\\\/arquimaster.png\",\"width\":594,\"height\":78,\"caption\":\"Arquimaster\"},\"image\":{\"@id\":\"https:\\\/\\\/www.arquimaster.com.ar\\\/web\\\/#\\\/schema\\\/logo\\\/image\\\/\"},\"sameAs\":[\"http:\\\/\\\/www.facebook.com\\\/ARQUIMASTER.com.ar\",\"https:\\\/\\\/x.com\\\/arquimaster\",\"https:\\\/\\\/www.instagram.com\\\/arquimasterblog\\\/\",\"https:\\\/\\\/www.linkedin.com\\\/company\\\/arquimaster\",\"https:\\\/\\\/www.pinterest.com\\\/arquimaster\",\"https:\\\/\\\/t.me\\\/arquimaster\"]},{\"@type\":\"Person\",\"@id\":\"https:\\\/\\\/www.arquimaster.com.ar\\\/web\\\/#\\\/schema\\\/person\\\/359e9f7c00193fcde068e0dd2ceb0028\",\"name\":\"Arquimaster\"}]}<\/script>\n<!-- \/ Yoast SEO plugin. -->","yoast_head_json":{"title":"Living (Espacio 6 \/ Casa FOA 2018) \/ Javier Iturrioz - Arquimaster","robots":{"index":"index","follow":"follow","max-snippet":"max-snippet:-1","max-image-preview":"max-image-preview:large","max-video-preview":"max-video-preview:-1"},"canonical":"https:\/\/www.arquimaster.com.ar\/web\/living-espacio-6-casa-foa-2018-javier-iturrioz\/","og_locale":"es_ES","og_type":"article","og_title":"Living (Espacio 6 \/ Casa FOA 2018) \/ Javier Iturrioz - Arquimaster","og_description":"El mix entre atemporal y exc\u00e9ntrico se acent\u00faa con la iluminaci\u00f3n escenogr\u00e1fica...","og_url":"https:\/\/www.arquimaster.com.ar\/web\/living-espacio-6-casa-foa-2018-javier-iturrioz\/","og_site_name":"Arquimaster","article_publisher":"http:\/\/www.facebook.com\/ARQUIMASTER.com.ar","article_published_time":"2018-10-18T18:31:31+00:00","article_modified_time":"2026-03-30T00:14:11+00:00","og_image":[{"width":642,"height":336,"url":"https:\/\/www.arquimaster.com.ar\/web\/wp-content\/uploads\/2018\/10\/espacio6_casafoa2018_slide.jpg","type":"image\/jpeg"}],"author":"Arquimaster","twitter_card":"summary_large_image","twitter_creator":"@arquimaster","twitter_site":"@arquimaster","twitter_misc":{"Escrito por":"Arquimaster","Tiempo de lectura":"3 minutos"},"schema":{"@context":"https:\/\/schema.org","@graph":[{"@type":"Article","@id":"https:\/\/www.arquimaster.com.ar\/web\/living-espacio-6-casa-foa-2018-javier-iturrioz\/#article","isPartOf":{"@id":"https:\/\/www.arquimaster.com.ar\/web\/living-espacio-6-casa-foa-2018-javier-iturrioz\/"},"author":{"name":"Arquimaster","@id":"https:\/\/www.arquimaster.com.ar\/web\/#\/schema\/person\/359e9f7c00193fcde068e0dd2ceb0028"},"headline":"Living (Espacio 6 \/ Casa FOA 2018) \/ Javier Iturrioz","datePublished":"2018-10-18T18:31:31+00:00","dateModified":"2026-03-30T00:14:11+00:00","mainEntityOfPage":{"@id":"https:\/\/www.arquimaster.com.ar\/web\/living-espacio-6-casa-foa-2018-javier-iturrioz\/"},"wordCount":582,"publisher":{"@id":"https:\/\/www.arquimaster.com.ar\/web\/#organization"},"image":{"@id":"https:\/\/www.arquimaster.com.ar\/web\/living-espacio-6-casa-foa-2018-javier-iturrioz\/#primaryimage"},"thumbnailUrl":"https:\/\/www.arquimaster.com.ar\/web\/wp-content\/uploads\/2018\/10\/espacio6_casafoa2018_slide.jpg","keywords":["Casa FOA 2018","Javier Iturrioz","living"],"articleSection":["Casa FOA 2018","Dise\u00f1o"],"inLanguage":"es"},{"@type":"WebPage","@id":"https:\/\/www.arquimaster.com.ar\/web\/living-espacio-6-casa-foa-2018-javier-iturrioz\/","url":"https:\/\/www.arquimaster.com.ar\/web\/living-espacio-6-casa-foa-2018-javier-iturrioz\/","name":"Living (Espacio 6 \/ Casa FOA 2018) \/ Javier Iturrioz - Arquimaster","isPartOf":{"@id":"https:\/\/www.arquimaster.com.ar\/web\/#website"},"primaryImageOfPage":{"@id":"https:\/\/www.arquimaster.com.ar\/web\/living-espacio-6-casa-foa-2018-javier-iturrioz\/#primaryimage"},"image":{"@id":"https:\/\/www.arquimaster.com.ar\/web\/living-espacio-6-casa-foa-2018-javier-iturrioz\/#primaryimage"},"thumbnailUrl":"https:\/\/www.arquimaster.com.ar\/web\/wp-content\/uploads\/2018\/10\/espacio6_casafoa2018_slide.jpg","datePublished":"2018-10-18T18:31:31+00:00","dateModified":"2026-03-30T00:14:11+00:00","breadcrumb":{"@id":"https:\/\/www.arquimaster.com.ar\/web\/living-espacio-6-casa-foa-2018-javier-iturrioz\/#breadcrumb"},"inLanguage":"es","potentialAction":[{"@type":"ReadAction","target":["https:\/\/www.arquimaster.com.ar\/web\/living-espacio-6-casa-foa-2018-javier-iturrioz\/"]}]},{"@type":"ImageObject","inLanguage":"es","@id":"https:\/\/www.arquimaster.com.ar\/web\/living-espacio-6-casa-foa-2018-javier-iturrioz\/#primaryimage","url":"https:\/\/www.arquimaster.com.ar\/web\/wp-content\/uploads\/2018\/10\/espacio6_casafoa2018_slide.jpg","contentUrl":"https:\/\/www.arquimaster.com.ar\/web\/wp-content\/uploads\/2018\/10\/espacio6_casafoa2018_slide.jpg","width":642,"height":336},{"@type":"BreadcrumbList","@id":"https:\/\/www.arquimaster.com.ar\/web\/living-espacio-6-casa-foa-2018-javier-iturrioz\/#breadcrumb","itemListElement":[{"@type":"ListItem","position":1,"name":"Portada","item":"https:\/\/www.arquimaster.com.ar\/web\/"},{"@type":"ListItem","position":2,"name":"Living (Espacio 6 \/ Casa FOA 2018) \/ Javier Iturrioz"}]},{"@type":"WebSite","@id":"https:\/\/www.arquimaster.com.ar\/web\/#website","url":"https:\/\/www.arquimaster.com.ar\/web\/","name":"Arquimaster","description":"Web de arquitectura, dise\u00f1o y construccion","publisher":{"@id":"https:\/\/www.arquimaster.com.ar\/web\/#organization"},"potentialAction":[{"@type":"SearchAction","target":{"@type":"EntryPoint","urlTemplate":"https:\/\/www.arquimaster.com.ar\/web\/?s={search_term_string}"},"query-input":{"@type":"PropertyValueSpecification","valueRequired":true,"valueName":"search_term_string"}}],"inLanguage":"es"},{"@type":"Organization","@id":"https:\/\/www.arquimaster.com.ar\/web\/#organization","name":"Arquimaster","url":"https:\/\/www.arquimaster.com.ar\/web\/","logo":{"@type":"ImageObject","inLanguage":"es","@id":"https:\/\/www.arquimaster.com.ar\/web\/#\/schema\/logo\/image\/","url":"https:\/\/www.arquimaster.com.ar\/web\/wp-content\/uploads\/2022\/06\/arquimaster.png","contentUrl":"https:\/\/www.arquimaster.com.ar\/web\/wp-content\/uploads\/2022\/06\/arquimaster.png","width":594,"height":78,"caption":"Arquimaster"},"image":{"@id":"https:\/\/www.arquimaster.com.ar\/web\/#\/schema\/logo\/image\/"},"sameAs":["http:\/\/www.facebook.com\/ARQUIMASTER.com.ar","https:\/\/x.com\/arquimaster","https:\/\/www.instagram.com\/arquimasterblog\/","https:\/\/www.linkedin.com\/company\/arquimaster","https:\/\/www.pinterest.com\/arquimaster","https:\/\/t.me\/arquimaster"]},{"@type":"Person","@id":"https:\/\/www.arquimaster.com.ar\/web\/#\/schema\/person\/359e9f7c00193fcde068e0dd2ceb0028","name":"Arquimaster"}]}},"uagb_featured_image_src":{"full":["https:\/\/www.arquimaster.com.ar\/web\/wp-content\/uploads\/2018\/10\/espacio6_casafoa2018_slide.jpg",642,336,false],"thumbnail":["https:\/\/www.arquimaster.com.ar\/web\/wp-content\/uploads\/2018\/10\/espacio6_casafoa2018_slide-150x150.jpg",150,150,true],"medium":["https:\/\/www.arquimaster.com.ar\/web\/wp-content\/uploads\/2018\/10\/espacio6_casafoa2018_slide.jpg",642,336,false],"medium_large":["https:\/\/www.arquimaster.com.ar\/web\/wp-content\/uploads\/2018\/10\/espacio6_casafoa2018_slide.jpg",642,336,false],"large":["https:\/\/www.arquimaster.com.ar\/web\/wp-content\/uploads\/2018\/10\/espacio6_casafoa2018_slide.jpg",642,336,false],"1536x1536":["https:\/\/www.arquimaster.com.ar\/web\/wp-content\/uploads\/2018\/10\/espacio6_casafoa2018_slide.jpg",642,336,false],"2048x2048":["https:\/\/www.arquimaster.com.ar\/web\/wp-content\/uploads\/2018\/10\/espacio6_casafoa2018_slide.jpg",642,336,false]},"uagb_author_info":{"display_name":"Arquimaster","author_link":"https:\/\/www.arquimaster.com.ar\/web\/author\/arquimaster\/"},"uagb_comment_info":0,"uagb_excerpt":"El mix entre atemporal y exc\u00e9ntrico se acent\u00faa con la iluminaci\u00f3n escenogr\u00e1fica...","_links":{"self":[{"href":"https:\/\/www.arquimaster.com.ar\/web\/wp-json\/wp\/v2\/posts\/33143","targetHints":{"allow":["GET"]}}],"collection":[{"href":"https:\/\/www.arquimaster.com.ar\/web\/wp-json\/wp\/v2\/posts"}],"about":[{"href":"https:\/\/www.arquimaster.com.ar\/web\/wp-json\/wp\/v2\/types\/post"}],"author":[{"embeddable":true,"href":"https:\/\/www.arquimaster.com.ar\/web\/wp-json\/wp\/v2\/users\/1"}],"replies":[{"embeddable":true,"href":"https:\/\/www.arquimaster.com.ar\/web\/wp-json\/wp\/v2\/comments?post=33143"}],"version-history":[{"count":1,"href":"https:\/\/www.arquimaster.com.ar\/web\/wp-json\/wp\/v2\/posts\/33143\/revisions"}],"predecessor-version":[{"id":88293,"href":"https:\/\/www.arquimaster.com.ar\/web\/wp-json\/wp\/v2\/posts\/33143\/revisions\/88293"}],"wp:featuredmedia":[{"embeddable":true,"href":"https:\/\/www.arquimaster.com.ar\/web\/wp-json\/wp\/v2\/media\/33144"}],"wp:attachment":[{"href":"https:\/\/www.arquimaster.com.ar\/web\/wp-json\/wp\/v2\/media?parent=33143"}],"wp:term":[{"taxonomy":"category","embeddable":true,"href":"https:\/\/www.arquimaster.com.ar\/web\/wp-json\/wp\/v2\/categories?post=33143"},{"taxonomy":"post_tag","embeddable":true,"href":"https:\/\/www.arquimaster.com.ar\/web\/wp-json\/wp\/v2\/tags?post=33143"}],"curies":[{"name":"wp","href":"https:\/\/api.w.org\/{rel}","templated":true}]}}