{"id":33150,"date":"2018-10-18T11:49:14","date_gmt":"2018-10-18T11:49:14","guid":{"rendered":"http:\/\/www.arquimaster.com.ar\/web\/?p=33150"},"modified":"2026-03-29T21:20:09","modified_gmt":"2026-03-30T00:20:09","slug":"pasillo-de-las-universidades-espacio-13-casa-foa-2018-uade-instituto-abm-colegio-de-arquitectos-de-tucuman-fadu-uba-um-fadau","status":"publish","type":"post","link":"https:\/\/www.arquimaster.com.ar\/web\/pasillo-de-las-universidades-espacio-13-casa-foa-2018-uade-instituto-abm-colegio-de-arquitectos-de-tucuman-fadu-uba-um-fadau\/","title":{"rendered":"Pasillo de las Universidades (Espacio 13 \/ Casa FOA 2018) \/ UADE, Instituto ABM, Colegio de Arquitectos de Tucum\u00e1n, FADU-UBA, UM-FADAU"},"content":{"rendered":"<div style=\"margin-top: 0px; margin-bottom: 0px;\" class=\"sharethis-inline-share-buttons\" ><\/div><div class=\"b812932af2e751442846f039925109de\" data-index=\"1\" style=\"float: none; margin:25px 0 25px 0; text-align:center;\">\n<script async src=\"https:\/\/pagead2.googlesyndication.com\/pagead\/js\/adsbygoogle.js\"><\/script>\r\n<!-- Arquimaster (superior) -->\r\n<ins class=\"adsbygoogle\"\r\n     style=\"display:block\"\r\n     data-ad-client=\"ca-pub-6351072698456832\"\r\n     data-ad-slot=\"6455489680\"\r\n     data-ad-format=\"auto\"\r\n     data-full-width-responsive=\"true\"><\/ins>\r\n<script>\r\n     (adsbygoogle = window.adsbygoogle || []).push({});\r\n<\/script>\n<\/div>\n<p><strong>Pasillo de las Universidades<\/strong> (Espacio 13 \/ Casa FOA 2018 \/ Cassa Devoto) por <strong>UADE, Instituto ABM, Colegio de Arquitectos de Tucum\u00e1n, FADU-UBA, UM-FADAU<\/strong>.<\/p>\n<div id='gallery-1' class='gallery galleryid-33150 gallery-columns-3 gallery-size-thumbnail'><figure class='gallery-item'>\n\t\t\t<div class='gallery-icon portrait'>\n\t\t\t\t<a href='https:\/\/www.arquimaster.com.ar\/web\/wp-content\/uploads\/2018\/10\/espacio13_casafoa2018_1.jpg' title=\"Pasillo de las Universidades (Espacio 13 \/ Casa FOA 2018) \/ UADE, Instituto ABM, Colegio de Arquitectos de Tucum\u00e1n, FADU-UBA, UM-FADAU (\u00a9 Casa FOA)\" data-rl_title=\"Pasillo de las Universidades (Espacio 13 \/ Casa FOA 2018) \/ UADE, Instituto ABM, Colegio de Arquitectos de Tucum\u00e1n, FADU-UBA, UM-FADAU (\u00a9 Casa FOA)\" class=\"rl-gallery-link\" data-rl_caption=\"Pasillo de las Universidades (Espacio 13 \/ Casa FOA 2018) \/ UADE, Instituto ABM, Colegio de Arquitectos de Tucum\u00e1n, FADU-UBA, UM-FADAU (\u00a9 Casa FOA)\" data-rel=\"lightbox-gallery-1\"><img loading=\"lazy\" decoding=\"async\" width=\"150\" height=\"150\" src=\"https:\/\/www.arquimaster.com.ar\/web\/wp-content\/uploads\/2018\/10\/espacio13_casafoa2018_1-150x150.jpg\" class=\"attachment-thumbnail size-thumbnail\" alt=\"\" aria-describedby=\"gallery-1-33152\" srcset=\"https:\/\/www.arquimaster.com.ar\/web\/wp-content\/uploads\/2018\/10\/espacio13_casafoa2018_1-150x150.jpg 150w, https:\/\/www.arquimaster.com.ar\/web\/wp-content\/uploads\/2018\/10\/espacio13_casafoa2018_1-50x50.jpg 50w, https:\/\/www.arquimaster.com.ar\/web\/wp-content\/uploads\/2018\/10\/espacio13_casafoa2018_1-125x125.jpg 125w\" sizes=\"auto, (max-width: 150px) 100vw, 150px\" \/><\/a>\n\t\t\t<\/div>\n\t\t\t\t<figcaption class='wp-caption-text gallery-caption' id='gallery-1-33152'>\n\t\t\t\tPasillo de las Universidades (Espacio 13 \/ Casa FOA 2018) \/ UADE, Instituto ABM, Colegio de Arquitectos de Tucum\u00e1n, FADU-UBA, UM-FADAU (\u00a9 Casa FOA)\n\t\t\t\t<\/figcaption><\/figure><figure class='gallery-item'>\n\t\t\t<div class='gallery-icon portrait'>\n\t\t\t\t<a href='https:\/\/www.arquimaster.com.ar\/web\/wp-content\/uploads\/2018\/10\/espacio13_casafoa2018_6.jpg' title=\"Pasillo de las Universidades (Espacio 13 \/ Casa FOA 2018) \/ UADE, Instituto ABM, Colegio de Arquitectos de Tucum\u00e1n, FADU-UBA, UM-FADAU\" data-rl_title=\"Pasillo de las Universidades (Espacio 13 \/ Casa FOA 2018) \/ UADE, Instituto ABM, Colegio de Arquitectos de Tucum\u00e1n, FADU-UBA, UM-FADAU\" class=\"rl-gallery-link\" data-rl_caption=\"Pasillo de las Universidades (Espacio 13 \/ Casa FOA 2018) \/ UADE, Instituto ABM, Colegio de Arquitectos de Tucum\u00e1n, FADU-UBA, UM-FADAU\" data-rel=\"lightbox-gallery-1\"><img loading=\"lazy\" decoding=\"async\" width=\"150\" height=\"150\" src=\"https:\/\/www.arquimaster.com.ar\/web\/wp-content\/uploads\/2018\/10\/espacio13_casafoa2018_6-150x150.jpg\" class=\"attachment-thumbnail size-thumbnail\" alt=\"\" aria-describedby=\"gallery-1-33157\" srcset=\"https:\/\/www.arquimaster.com.ar\/web\/wp-content\/uploads\/2018\/10\/espacio13_casafoa2018_6-150x150.jpg 150w, https:\/\/www.arquimaster.com.ar\/web\/wp-content\/uploads\/2018\/10\/espacio13_casafoa2018_6-50x50.jpg 50w, https:\/\/www.arquimaster.com.ar\/web\/wp-content\/uploads\/2018\/10\/espacio13_casafoa2018_6-125x125.jpg 125w\" sizes=\"auto, (max-width: 150px) 100vw, 150px\" \/><\/a>\n\t\t\t<\/div>\n\t\t\t\t<figcaption class='wp-caption-text gallery-caption' id='gallery-1-33157'>\n\t\t\t\tPasillo de las Universidades (Espacio 13 \/ Casa FOA 2018) \/ UADE, Instituto ABM, Colegio de Arquitectos de Tucum\u00e1n, FADU-UBA, UM-FADAU\n\t\t\t\t<\/figcaption><\/figure><figure class='gallery-item'>\n\t\t\t<div class='gallery-icon portrait'>\n\t\t\t\t<a href='https:\/\/www.arquimaster.com.ar\/web\/wp-content\/uploads\/2018\/10\/espacio13_casafoa2018_7.jpg' title=\"Pasillo de las Universidades (Espacio 13 \/ Casa FOA 2018) \/ UADE, Instituto ABM, Colegio de Arquitectos de Tucum\u00e1n, FADU-UBA, UM-FADAU\" data-rl_title=\"Pasillo de las Universidades (Espacio 13 \/ Casa FOA 2018) \/ UADE, Instituto ABM, Colegio de Arquitectos de Tucum\u00e1n, FADU-UBA, UM-FADAU\" class=\"rl-gallery-link\" data-rl_caption=\"Pasillo de las Universidades (Espacio 13 \/ Casa FOA 2018) \/ UADE, Instituto ABM, Colegio de Arquitectos de Tucum\u00e1n, FADU-UBA, UM-FADAU\" data-rel=\"lightbox-gallery-1\"><img loading=\"lazy\" decoding=\"async\" width=\"150\" height=\"150\" src=\"https:\/\/www.arquimaster.com.ar\/web\/wp-content\/uploads\/2018\/10\/espacio13_casafoa2018_7-150x150.jpg\" class=\"attachment-thumbnail size-thumbnail\" alt=\"\" aria-describedby=\"gallery-1-33158\" srcset=\"https:\/\/www.arquimaster.com.ar\/web\/wp-content\/uploads\/2018\/10\/espacio13_casafoa2018_7-150x150.jpg 150w, https:\/\/www.arquimaster.com.ar\/web\/wp-content\/uploads\/2018\/10\/espacio13_casafoa2018_7-50x50.jpg 50w, https:\/\/www.arquimaster.com.ar\/web\/wp-content\/uploads\/2018\/10\/espacio13_casafoa2018_7-125x125.jpg 125w\" sizes=\"auto, (max-width: 150px) 100vw, 150px\" \/><\/a>\n\t\t\t<\/div>\n\t\t\t\t<figcaption class='wp-caption-text gallery-caption' id='gallery-1-33158'>\n\t\t\t\tPasillo de las Universidades (Espacio 13 \/ Casa FOA 2018) \/ UADE, Instituto ABM, Colegio de Arquitectos de Tucum\u00e1n, FADU-UBA, UM-FADAU\n\t\t\t\t<\/figcaption><\/figure><figure class='gallery-item'>\n\t\t\t<div class='gallery-icon portrait'>\n\t\t\t\t<a href='https:\/\/www.arquimaster.com.ar\/web\/wp-content\/uploads\/2018\/10\/espacio13_casafoa2018_8.jpg' title=\"Pasillo de las Universidades (Espacio 13 \/ Casa FOA 2018) \/ UADE, Instituto ABM, Colegio de Arquitectos de Tucum\u00e1n, FADU-UBA, UM-FADAU\" data-rl_title=\"Pasillo de las Universidades (Espacio 13 \/ Casa FOA 2018) \/ UADE, Instituto ABM, Colegio de Arquitectos de Tucum\u00e1n, FADU-UBA, UM-FADAU\" class=\"rl-gallery-link\" data-rl_caption=\"Pasillo de las Universidades (Espacio 13 \/ Casa FOA 2018) \/ UADE, Instituto ABM, Colegio de Arquitectos de Tucum\u00e1n, FADU-UBA, UM-FADAU\" data-rel=\"lightbox-gallery-1\"><img loading=\"lazy\" decoding=\"async\" width=\"150\" height=\"150\" src=\"https:\/\/www.arquimaster.com.ar\/web\/wp-content\/uploads\/2018\/10\/espacio13_casafoa2018_8-150x150.jpg\" class=\"attachment-thumbnail size-thumbnail\" alt=\"\" aria-describedby=\"gallery-1-33159\" srcset=\"https:\/\/www.arquimaster.com.ar\/web\/wp-content\/uploads\/2018\/10\/espacio13_casafoa2018_8-150x150.jpg 150w, https:\/\/www.arquimaster.com.ar\/web\/wp-content\/uploads\/2018\/10\/espacio13_casafoa2018_8-50x50.jpg 50w, https:\/\/www.arquimaster.com.ar\/web\/wp-content\/uploads\/2018\/10\/espacio13_casafoa2018_8-125x125.jpg 125w\" sizes=\"auto, (max-width: 150px) 100vw, 150px\" \/><\/a>\n\t\t\t<\/div>\n\t\t\t\t<figcaption class='wp-caption-text gallery-caption' id='gallery-1-33159'>\n\t\t\t\tPasillo de las Universidades (Espacio 13 \/ Casa FOA 2018) \/ UADE, Instituto ABM, Colegio de Arquitectos de Tucum\u00e1n, FADU-UBA, UM-FADAU\n\t\t\t\t<\/figcaption><\/figure><figure class='gallery-item'>\n\t\t\t<div class='gallery-icon landscape'>\n\t\t\t\t<a href='https:\/\/www.arquimaster.com.ar\/web\/wp-content\/uploads\/2018\/10\/espacio13_casafoa2018_9.jpg' title=\"Pasillo de las Universidades (Espacio 13 \/ Casa FOA 2018) \/ UADE, Instituto ABM, Colegio de Arquitectos de Tucum\u00e1n, FADU-UBA, UM-FADAU\" data-rl_title=\"Pasillo de las Universidades (Espacio 13 \/ Casa FOA 2018) \/ UADE, Instituto ABM, Colegio de Arquitectos de Tucum\u00e1n, FADU-UBA, UM-FADAU\" class=\"rl-gallery-link\" data-rl_caption=\"Pasillo de las Universidades (Espacio 13 \/ Casa FOA 2018) \/ UADE, Instituto ABM, Colegio de Arquitectos de Tucum\u00e1n, FADU-UBA, UM-FADAU\" data-rel=\"lightbox-gallery-1\"><img loading=\"lazy\" decoding=\"async\" width=\"150\" height=\"150\" src=\"https:\/\/www.arquimaster.com.ar\/web\/wp-content\/uploads\/2018\/10\/espacio13_casafoa2018_9-150x150.jpg\" class=\"attachment-thumbnail size-thumbnail\" alt=\"\" aria-describedby=\"gallery-1-33160\" srcset=\"https:\/\/www.arquimaster.com.ar\/web\/wp-content\/uploads\/2018\/10\/espacio13_casafoa2018_9-150x150.jpg 150w, https:\/\/www.arquimaster.com.ar\/web\/wp-content\/uploads\/2018\/10\/espacio13_casafoa2018_9-50x50.jpg 50w, https:\/\/www.arquimaster.com.ar\/web\/wp-content\/uploads\/2018\/10\/espacio13_casafoa2018_9-125x125.jpg 125w\" sizes=\"auto, (max-width: 150px) 100vw, 150px\" \/><\/a>\n\t\t\t<\/div>\n\t\t\t\t<figcaption class='wp-caption-text gallery-caption' id='gallery-1-33160'>\n\t\t\t\tPasillo de las Universidades (Espacio 13 \/ Casa FOA 2018) \/ UADE, Instituto ABM, Colegio de Arquitectos de Tucum\u00e1n, FADU-UBA, UM-FADAU\n\t\t\t\t<\/figcaption><\/figure><figure class='gallery-item'>\n\t\t\t<div class='gallery-icon landscape'>\n\t\t\t\t<a href='https:\/\/www.arquimaster.com.ar\/web\/wp-content\/uploads\/2018\/10\/espacio13_casafoa2018_10.jpg' title=\"Pasillo de las Universidades (Espacio 13 \/ Casa FOA 2018) \/ UADE, Instituto ABM, Colegio de Arquitectos de Tucum\u00e1n, FADU-UBA, UM-FADAU\" data-rl_title=\"Pasillo de las Universidades (Espacio 13 \/ Casa FOA 2018) \/ UADE, Instituto ABM, Colegio de Arquitectos de Tucum\u00e1n, FADU-UBA, UM-FADAU\" class=\"rl-gallery-link\" data-rl_caption=\"Pasillo de las Universidades (Espacio 13 \/ Casa FOA 2018) \/ UADE, Instituto ABM, Colegio de Arquitectos de Tucum\u00e1n, FADU-UBA, UM-FADAU\" data-rel=\"lightbox-gallery-1\"><img loading=\"lazy\" decoding=\"async\" width=\"150\" height=\"150\" src=\"https:\/\/www.arquimaster.com.ar\/web\/wp-content\/uploads\/2018\/10\/espacio13_casafoa2018_10-150x150.jpg\" class=\"attachment-thumbnail size-thumbnail\" alt=\"\" aria-describedby=\"gallery-1-33161\" srcset=\"https:\/\/www.arquimaster.com.ar\/web\/wp-content\/uploads\/2018\/10\/espacio13_casafoa2018_10-150x150.jpg 150w, https:\/\/www.arquimaster.com.ar\/web\/wp-content\/uploads\/2018\/10\/espacio13_casafoa2018_10-50x50.jpg 50w, https:\/\/www.arquimaster.com.ar\/web\/wp-content\/uploads\/2018\/10\/espacio13_casafoa2018_10-125x125.jpg 125w\" sizes=\"auto, (max-width: 150px) 100vw, 150px\" \/><\/a>\n\t\t\t<\/div>\n\t\t\t\t<figcaption class='wp-caption-text gallery-caption' id='gallery-1-33161'>\n\t\t\t\tPasillo de las Universidades (Espacio 13 \/ Casa FOA 2018) \/ UADE, Instituto ABM, Colegio de Arquitectos de Tucum\u00e1n, FADU-UBA, UM-FADAU\n\t\t\t\t<\/figcaption><\/figure><figure class='gallery-item'>\n\t\t\t<div class='gallery-icon portrait'>\n\t\t\t\t<a href='https:\/\/www.arquimaster.com.ar\/web\/wp-content\/uploads\/2018\/10\/espacio13_casafoa2018_2.jpg' title=\"Pasillo de las Universidades (Espacio 13 \/ Casa FOA 2018) \/ UADE, Instituto ABM, Colegio de Arquitectos de Tucum\u00e1n, FADU-UBA, UM-FADAU (\u00a9 Casa FOA)\" data-rl_title=\"Pasillo de las Universidades (Espacio 13 \/ Casa FOA 2018) \/ UADE, Instituto ABM, Colegio de Arquitectos de Tucum\u00e1n, FADU-UBA, UM-FADAU (\u00a9 Casa FOA)\" class=\"rl-gallery-link\" data-rl_caption=\"Pasillo de las Universidades (Espacio 13 \/ Casa FOA 2018) \/ UADE, Instituto ABM, Colegio de Arquitectos de Tucum\u00e1n, FADU-UBA, UM-FADAU (\u00a9 Casa FOA)\" data-rel=\"lightbox-gallery-1\"><img loading=\"lazy\" decoding=\"async\" width=\"150\" height=\"150\" src=\"https:\/\/www.arquimaster.com.ar\/web\/wp-content\/uploads\/2018\/10\/espacio13_casafoa2018_2-150x150.jpg\" class=\"attachment-thumbnail size-thumbnail\" alt=\"\" aria-describedby=\"gallery-1-33153\" srcset=\"https:\/\/www.arquimaster.com.ar\/web\/wp-content\/uploads\/2018\/10\/espacio13_casafoa2018_2-150x150.jpg 150w, https:\/\/www.arquimaster.com.ar\/web\/wp-content\/uploads\/2018\/10\/espacio13_casafoa2018_2-50x50.jpg 50w, https:\/\/www.arquimaster.com.ar\/web\/wp-content\/uploads\/2018\/10\/espacio13_casafoa2018_2-125x125.jpg 125w\" sizes=\"auto, (max-width: 150px) 100vw, 150px\" \/><\/a>\n\t\t\t<\/div>\n\t\t\t\t<figcaption class='wp-caption-text gallery-caption' id='gallery-1-33153'>\n\t\t\t\tPasillo de las Universidades (Espacio 13 \/ Casa FOA 2018) \/ UADE, Instituto ABM, Colegio de Arquitectos de Tucum\u00e1n, FADU-UBA, UM-FADAU (\u00a9 Casa FOA)\n\t\t\t\t<\/figcaption><\/figure><figure class='gallery-item'>\n\t\t\t<div class='gallery-icon portrait'>\n\t\t\t\t<a href='https:\/\/www.arquimaster.com.ar\/web\/wp-content\/uploads\/2018\/10\/espacio13_casafoa2018_3.jpg' title=\"Pasillo de las Universidades (Espacio 13 \/ Casa FOA 2018) \/ UADE, Instituto ABM, Colegio de Arquitectos de Tucum\u00e1n, FADU-UBA, UM-FADAU (\u00a9 Casa FOA)\" data-rl_title=\"Pasillo de las Universidades (Espacio 13 \/ Casa FOA 2018) \/ UADE, Instituto ABM, Colegio de Arquitectos de Tucum\u00e1n, FADU-UBA, UM-FADAU (\u00a9 Casa FOA)\" class=\"rl-gallery-link\" data-rl_caption=\"Pasillo de las Universidades (Espacio 13 \/ Casa FOA 2018) \/ UADE, Instituto ABM, Colegio de Arquitectos de Tucum\u00e1n, FADU-UBA, UM-FADAU (\u00a9 Casa FOA)\" data-rel=\"lightbox-gallery-1\"><img loading=\"lazy\" decoding=\"async\" width=\"150\" height=\"150\" src=\"https:\/\/www.arquimaster.com.ar\/web\/wp-content\/uploads\/2018\/10\/espacio13_casafoa2018_3-150x150.jpg\" class=\"attachment-thumbnail size-thumbnail\" alt=\"\" aria-describedby=\"gallery-1-33154\" srcset=\"https:\/\/www.arquimaster.com.ar\/web\/wp-content\/uploads\/2018\/10\/espacio13_casafoa2018_3-150x150.jpg 150w, https:\/\/www.arquimaster.com.ar\/web\/wp-content\/uploads\/2018\/10\/espacio13_casafoa2018_3-50x50.jpg 50w, https:\/\/www.arquimaster.com.ar\/web\/wp-content\/uploads\/2018\/10\/espacio13_casafoa2018_3-125x125.jpg 125w\" sizes=\"auto, (max-width: 150px) 100vw, 150px\" \/><\/a>\n\t\t\t<\/div>\n\t\t\t\t<figcaption class='wp-caption-text gallery-caption' id='gallery-1-33154'>\n\t\t\t\tPasillo de las Universidades (Espacio 13 \/ Casa FOA 2018) \/ UADE, Instituto ABM, Colegio de Arquitectos de Tucum\u00e1n, FADU-UBA, UM-FADAU (\u00a9 Casa FOA)\n\t\t\t\t<\/figcaption><\/figure><figure class='gallery-item'>\n\t\t\t<div class='gallery-icon portrait'>\n\t\t\t\t<a href='https:\/\/www.arquimaster.com.ar\/web\/wp-content\/uploads\/2018\/10\/espacio13_casafoa2018_4.jpg' title=\"Pasillo de las Universidades (Espacio 13 \/ Casa FOA 2018) \/ UADE, Instituto ABM, Colegio de Arquitectos de Tucum\u00e1n, FADU-UBA, UM-FADAU (\u00a9 Casa FOA)\" data-rl_title=\"Pasillo de las Universidades (Espacio 13 \/ Casa FOA 2018) \/ UADE, Instituto ABM, Colegio de Arquitectos de Tucum\u00e1n, FADU-UBA, UM-FADAU (\u00a9 Casa FOA)\" class=\"rl-gallery-link\" data-rl_caption=\"Pasillo de las Universidades (Espacio 13 \/ Casa FOA 2018) \/ UADE, Instituto ABM, Colegio de Arquitectos de Tucum\u00e1n, FADU-UBA, UM-FADAU (\u00a9 Casa FOA)\" data-rel=\"lightbox-gallery-1\"><img loading=\"lazy\" decoding=\"async\" width=\"150\" height=\"150\" src=\"https:\/\/www.arquimaster.com.ar\/web\/wp-content\/uploads\/2018\/10\/espacio13_casafoa2018_4-150x150.jpg\" class=\"attachment-thumbnail size-thumbnail\" alt=\"\" aria-describedby=\"gallery-1-33155\" srcset=\"https:\/\/www.arquimaster.com.ar\/web\/wp-content\/uploads\/2018\/10\/espacio13_casafoa2018_4-150x150.jpg 150w, https:\/\/www.arquimaster.com.ar\/web\/wp-content\/uploads\/2018\/10\/espacio13_casafoa2018_4-50x50.jpg 50w, https:\/\/www.arquimaster.com.ar\/web\/wp-content\/uploads\/2018\/10\/espacio13_casafoa2018_4-125x125.jpg 125w\" sizes=\"auto, (max-width: 150px) 100vw, 150px\" \/><\/a>\n\t\t\t<\/div>\n\t\t\t\t<figcaption class='wp-caption-text gallery-caption' id='gallery-1-33155'>\n\t\t\t\tPasillo de las Universidades (Espacio 13 \/ Casa FOA 2018) \/ UADE, Instituto ABM, Colegio de Arquitectos de Tucum\u00e1n, FADU-UBA, UM-FADAU (\u00a9 Casa FOA)\n\t\t\t\t<\/figcaption><\/figure><figure class='gallery-item'>\n\t\t\t<div class='gallery-icon portrait'>\n\t\t\t\t<a href='https:\/\/www.arquimaster.com.ar\/web\/wp-content\/uploads\/2018\/10\/espacio13_casafoa2018_5.jpg' title=\"Pasillo de las Universidades (Espacio 13 \/ Casa FOA 2018) \/ UADE, Instituto ABM, Colegio de Arquitectos de Tucum\u00e1n, FADU-UBA, UM-FADAU (\u00a9 Casa FOA)\" data-rl_title=\"Pasillo de las Universidades (Espacio 13 \/ Casa FOA 2018) \/ UADE, Instituto ABM, Colegio de Arquitectos de Tucum\u00e1n, FADU-UBA, UM-FADAU (\u00a9 Casa FOA)\" class=\"rl-gallery-link\" data-rl_caption=\"Pasillo de las Universidades (Espacio 13 \/ Casa FOA 2018) \/ UADE, Instituto ABM, Colegio de Arquitectos de Tucum\u00e1n, FADU-UBA, UM-FADAU (\u00a9 Casa FOA)\" data-rel=\"lightbox-gallery-1\"><img loading=\"lazy\" decoding=\"async\" width=\"150\" height=\"150\" src=\"https:\/\/www.arquimaster.com.ar\/web\/wp-content\/uploads\/2018\/10\/espacio13_casafoa2018_5-150x150.jpg\" class=\"attachment-thumbnail size-thumbnail\" alt=\"\" aria-describedby=\"gallery-1-33156\" srcset=\"https:\/\/www.arquimaster.com.ar\/web\/wp-content\/uploads\/2018\/10\/espacio13_casafoa2018_5-150x150.jpg 150w, https:\/\/www.arquimaster.com.ar\/web\/wp-content\/uploads\/2018\/10\/espacio13_casafoa2018_5-50x50.jpg 50w, https:\/\/www.arquimaster.com.ar\/web\/wp-content\/uploads\/2018\/10\/espacio13_casafoa2018_5-125x125.jpg 125w\" sizes=\"auto, (max-width: 150px) 100vw, 150px\" \/><\/a>\n\t\t\t<\/div>\n\t\t\t\t<figcaption class='wp-caption-text gallery-caption' id='gallery-1-33156'>\n\t\t\t\tPasillo de las Universidades (Espacio 13 \/ Casa FOA 2018) \/ UADE, Instituto ABM, Colegio de Arquitectos de Tucum\u00e1n, FADU-UBA, UM-FADAU (\u00a9 Casa FOA)\n\t\t\t\t<\/figcaption><\/figure><figure class='gallery-item'>\n\t\t\t<div class='gallery-icon portrait'>\n\t\t\t\t<a href='https:\/\/www.arquimaster.com.ar\/web\/wp-content\/uploads\/2018\/10\/espacio13_casafoa2018_11.jpg' title=\"Pasillo de las Universidades (Espacio 13 \/ Casa FOA 2018) \/ UADE, Instituto ABM, Colegio de Arquitectos de Tucum\u00e1n, FADU-UBA, UM-FADAU\" data-rl_title=\"Pasillo de las Universidades (Espacio 13 \/ Casa FOA 2018) \/ UADE, Instituto ABM, Colegio de Arquitectos de Tucum\u00e1n, FADU-UBA, UM-FADAU\" class=\"rl-gallery-link\" data-rl_caption=\"Pasillo de las Universidades (Espacio 13 \/ Casa FOA 2018) \/ UADE, Instituto ABM, Colegio de Arquitectos de Tucum\u00e1n, FADU-UBA, UM-FADAU\" data-rel=\"lightbox-gallery-1\"><img loading=\"lazy\" decoding=\"async\" width=\"150\" height=\"150\" src=\"https:\/\/www.arquimaster.com.ar\/web\/wp-content\/uploads\/2018\/10\/espacio13_casafoa2018_11-150x150.jpg\" class=\"attachment-thumbnail size-thumbnail\" alt=\"\" aria-describedby=\"gallery-1-33162\" srcset=\"https:\/\/www.arquimaster.com.ar\/web\/wp-content\/uploads\/2018\/10\/espacio13_casafoa2018_11-150x150.jpg 150w, https:\/\/www.arquimaster.com.ar\/web\/wp-content\/uploads\/2018\/10\/espacio13_casafoa2018_11-50x50.jpg 50w, https:\/\/www.arquimaster.com.ar\/web\/wp-content\/uploads\/2018\/10\/espacio13_casafoa2018_11-125x125.jpg 125w\" sizes=\"auto, (max-width: 150px) 100vw, 150px\" \/><\/a>\n\t\t\t<\/div>\n\t\t\t\t<figcaption class='wp-caption-text gallery-caption' id='gallery-1-33162'>\n\t\t\t\tPasillo de las Universidades (Espacio 13 \/ Casa FOA 2018) \/ UADE, Instituto ABM, Colegio de Arquitectos de Tucum\u00e1n, FADU-UBA, UM-FADAU\n\t\t\t\t<\/figcaption><\/figure>\n\t\t<\/div>\n\n<p><strong>Fundaci\u00f3n UADE<\/strong><br \/>\n<strong>Universidad Argentina de la Empresa<\/strong><\/p>\n<p>Inspir\u00e1ndonos en elementos \u00abidentitarios\u00bb del ex Convento, intervenimos el pasillo conector de la exposici\u00f3n. Creamos un revestimiento de pared y un banco, reinterpretando y dando una nueva funci\u00f3n a productos de la empresa Atrim. El trabajo construido en los UADE Labs por alumnos y profesores, producen, por su permeabilidad y reflejos, una \u00abintervenci\u00f3n respetuosa y silenciosa\u00bb.<\/p>\n<p><strong>Instituto ABM<\/strong><\/p>\n<p>Formas irregulares, textiles blandos, materiales r\u00edgidos y nobles, blancos con tonalidades se encuentran en cada superficie de este espacio intentando fusionar la Espiritualidad y el Dise\u00f1o, unidos como respuesta a las necesidades del mundo actual. La espiritualidad como la b\u00fasqueda de un \u00abS\u00ed Mismo\u00bb que busca un \u00absentirse bien\u00bb. El Dise\u00f1o que busca crear un espacio \u00fanico y de confort. Aqu\u00ed, el Dise\u00f1o espiritual busca conseguir un espacio exterior desde un espacio interior, un lugar de calma, para conectarse con su esp\u00edritu. Esta conexi\u00f3n interior puede ocurrir en los hogares de cada una de las personas que transitan por estos espacios o en sitios de descanso y relajaci\u00f3n como el que se intenta crear aqu\u00ed, que permita una conexi\u00f3n con la luz de la naturaleza, un refugio, un lugar para el alma.<\/p>\n<p><strong>Colegio de Arquitectos de Tucum\u00e1n<\/strong><\/p>\n<p>El dise\u00f1o consiste en representar los principios relacionados con la perspectiva de g\u00e9nero, tomando en cuenta el tema identidad y contexto. El equipamiento urbano, en este caso banco, fue pensado como elemento de dise\u00f1o que contemple la visibilizaci\u00f3n del objeto en s\u00ed y de los principios de servicio y seguridad, al poder situarlo en espacio p\u00fablico, ya que tiene la posibilidad de tener una piel trasl\u00facida que contempla la visi\u00f3n y\/o la implementaci\u00f3n de iluminaci\u00f3n artificial.<\/p>\n<p>Resignificacion: En s\u00edntesis, desde el Colegio de Arquitectos pretendemos empoderar el dise\u00f1o inclusivo, de g\u00e9nero contemplando el factor del significado y su relaci\u00f3n con el contexto (cerros, yungas, naranjos,etc.). Esto lo materializamos desde la apariencia de curvas y contracurvas m\u00e1s la puesta de elementos naturales en el mismo objeto.<\/p>\n<p><strong>Secretar\u00eda de Posgrado FADU-UBA<br \/>\n<\/strong>Carreras de Especializaci\u00f3n<\/p>\n<p>Dise\u00f1o del Espacio Interior &#8211; DIES<br \/>\nDirector: Arq. Sergio Feltrup<br \/>\nCoordinador: Lic. Agustin Trabucco<\/p>\n<p>Dise\u00f1o de Mobiliario &#8211; DIMO<br \/>\nDirector: D.I. Eduardo Naso<br \/>\nCoordinador: Arq. Ana Scotto<\/p>\n<p>El banco de Blanco en blancos<\/p>\n<p>Revisitar el Sill\u00f3n ABU del Doc. Arq. Ricardo Blanco no es s\u00f3lo rendir un homenaje a qui\u00e9n fuera el director del DIMO, es tambi\u00e9n comprender la fuerza de este dise\u00f1o en el espacio. En esta oportunidad DIES y DIMO lo deconstruyen y lo desarrollan en el espacio Universidades de Casa FOA 2018. Se toma como punto de partida conceptual el meuble d&#8217;architecture y el de boiserie, en su particular modo \u00abcompuesto\u00bb ambos principios del siglo XVIII, propios del Dise\u00f1o de Interiores y se los actualiza mediante esta operaci\u00f3n de Dise\u00f1o.<\/p>\n<p><strong>Universidad de Mor\u00f3n<br \/>\n<\/strong>Facultad de Arquitectura, Dise\u00f1o, Arte y Urbanismo<br \/>\nLicenciatura en dise\u00f1o de interiores<\/p>\n<p>Es un espacio que llama a la reflexi\u00f3n sobre el efecto que genera un conjunto de planos y l\u00edneas cuando sumados nos permiten leer una tercera dimensi\u00f3n. La perspectiva, esa sensaci\u00f3n de profundidad en un plano. Se desarrolla esta idea mediante diversos planos que fugan, dejando lugar a lo simple, la esencia, lo que el ojo ve, lo que percibimos, pero no es\u2026<\/p>\n<p><strong>Fotos<\/strong><br \/>\nPrensa Casa FOA 2018<\/p>\n<p><strong>Plano de la muestra<\/strong><\/p>\n<div id='gallery-2' class='gallery galleryid-33150 gallery-columns-3 gallery-size-thumbnail'><figure class='gallery-item'>\n\t\t\t<div class='gallery-icon portrait'>\n\t\t\t\t<a href='https:\/\/www.arquimaster.com.ar\/web\/wp-content\/uploads\/2018\/09\/plano_casa_foa_2018.jpg' title=\"Casa FOA 2018 \/ Cassa Devoto\" data-rl_title=\"Casa FOA 2018 \/ Cassa Devoto\" class=\"rl-gallery-link\" data-rl_caption=\"Casa FOA 2018 \/ Cassa Devoto\" data-rel=\"lightbox-gallery-2\"><img loading=\"lazy\" decoding=\"async\" width=\"150\" height=\"150\" src=\"https:\/\/www.arquimaster.com.ar\/web\/wp-content\/uploads\/2018\/09\/plano_casa_foa_2018-150x150.jpg\" class=\"attachment-thumbnail size-thumbnail\" alt=\"\" aria-describedby=\"gallery-2-31322\" srcset=\"https:\/\/www.arquimaster.com.ar\/web\/wp-content\/uploads\/2018\/09\/plano_casa_foa_2018-150x150.jpg 150w, https:\/\/www.arquimaster.com.ar\/web\/wp-content\/uploads\/2018\/09\/plano_casa_foa_2018-50x50.jpg 50w, https:\/\/www.arquimaster.com.ar\/web\/wp-content\/uploads\/2018\/09\/plano_casa_foa_2018-125x125.jpg 125w\" sizes=\"auto, (max-width: 150px) 100vw, 150px\" \/><\/a>\n\t\t\t<\/div>\n\t\t\t\t<figcaption class='wp-caption-text gallery-caption' id='gallery-2-31322'>\n\t\t\t\tCasa FOA 2018 \/ Cassa Devoto\n\t\t\t\t<\/figcaption><\/figure>\n\t\t<\/div>\n\n<p><strong>Sponsors oficiales<\/strong><\/p>\n<p><strong>Atrim<\/strong><br \/>\nPerfiles y terminaciones<\/p>\n<p><strong>Alba<\/strong><br \/>\nPintura<\/p>\n<p><strong>Knauf<\/strong><br \/>\nPlacas de yeso<\/p>\n<p><strong>Colaboradores del espacio<\/strong><\/p>\n<p><strong>Faplac<\/strong><br \/>\nMelamina<\/p>\n<p><strong>Sobre Casa FOA 2018 \/ Cassa Devoto<\/strong><br \/>\nCasa FOA, la tradicional exposici\u00f3n nacional de arquitectura, dise\u00f1o interior, paisajismo e industria abrir\u00e1 sus puertas a partir del 21 de septiembre de 2018 y podr\u00e1 recorrerse hasta el 28 de octubre de 2018 en su nueva sede en el ex Convento Nuestra Se\u00f1ora de la Misericordia, ubicado en Pareja 3670, en el barrio de Devoto, Ciudad de Buenos Aires. Cassa Devoto es una joya arquitect\u00f3nica de m\u00e1s de 120 a\u00f1os, con 3000 metros cuadrados de claustros, patios y vegetaci\u00f3n que brindar\u00e1 los escenarios donde dise\u00f1adores y arquitectos desplegar\u00e1n toda su creatividad.<\/p>\n<p>La nueva sede abrir\u00e1 todos los d\u00edas de 12 a 20 horas y los viernes con Casa FOA Night hasta las 23 horas, los viernes a partir de las 19 horas se podr\u00e1 acceder con el beneficio de 2&#215;1. La entrada tendr\u00e1 un valor de $ 240 en boleter\u00eda y se podr\u00e1n adquirir entradas anticipadas a trav\u00e9s de la p\u00e1gina web de Casa FOA. Casa FOA ya es un \u00edcono de la arquitectura y el dise\u00f1o, tal es as\u00ed que este a\u00f1o, celebrando su edici\u00f3n N\u00ba 35, fue declarada de inter\u00e9s cultural de la Ciudad de Buenos Aires por la Legislatura Porte\u00f1a.<\/p>\n\n<div style=\"font-size: 0px; height: 0px; line-height: 0px; margin: 0; padding: 0; clear: both;\"><\/div><div style=\"margin-top: 0px; margin-bottom: 0px;\" class=\"sharethis-inline-share-buttons\" ><\/div>","protected":false},"excerpt":{"rendered":"<p>Un revestimiento de pared y un banco, un homenaje a Ricardo Blanco y otras intervenciones&#8230;<\/p>\n","protected":false},"author":1,"featured_media":33151,"comment_status":"closed","ping_status":"closed","sticky":false,"template":"","format":"standard","meta":{"_uag_custom_page_level_css":"","footnotes":""},"categories":[4642,55],"tags":[4644,4807,4806,172,4805,173,576],"class_list":["post-33150","post","type-post","status-publish","format-standard","has-post-thumbnail","hentry","category-casa-foa-2018","category-diseno","tag-casa-foa-2018","tag-cat","tag-colegio-de-arquitectos-de-tucuman","tag-fadu-uba","tag-instituto-abm","tag-uade","tag-um-fadau","generate-columns","tablet-grid-50","mobile-grid-100","grid-parent","grid-50"],"yoast_head":"<!-- This site is optimized with the Yoast SEO plugin v27.3 - https:\/\/yoast.com\/product\/yoast-seo-wordpress\/ -->\n<title>Pasillo de las Universidades (Espacio 13 \/ Casa FOA 2018) \/ UADE, Instituto ABM, Colegio de Arquitectos de Tucum\u00e1n, FADU-UBA, UM-FADAU - Arquimaster<\/title>\n<meta name=\"robots\" content=\"index, follow, max-snippet:-1, max-image-preview:large, max-video-preview:-1\" \/>\n<link rel=\"canonical\" href=\"https:\/\/www.arquimaster.com.ar\/web\/pasillo-de-las-universidades-espacio-13-casa-foa-2018-uade-instituto-abm-colegio-de-arquitectos-de-tucuman-fadu-uba-um-fadau\/\" \/>\n<meta property=\"og:locale\" content=\"es_ES\" \/>\n<meta property=\"og:type\" content=\"article\" \/>\n<meta property=\"og:title\" content=\"Pasillo de las Universidades (Espacio 13 \/ Casa FOA 2018) \/ UADE, Instituto ABM, Colegio de Arquitectos de Tucum\u00e1n, FADU-UBA, UM-FADAU - Arquimaster\" \/>\n<meta property=\"og:description\" content=\"Un revestimiento de pared y un banco, un homenaje a Ricardo Blanco y otras intervenciones...\" \/>\n<meta property=\"og:url\" content=\"https:\/\/www.arquimaster.com.ar\/web\/pasillo-de-las-universidades-espacio-13-casa-foa-2018-uade-instituto-abm-colegio-de-arquitectos-de-tucuman-fadu-uba-um-fadau\/\" \/>\n<meta property=\"og:site_name\" content=\"Arquimaster\" \/>\n<meta property=\"article:publisher\" content=\"http:\/\/www.facebook.com\/ARQUIMASTER.com.ar\" \/>\n<meta property=\"article:published_time\" content=\"2018-10-18T11:49:14+00:00\" \/>\n<meta property=\"article:modified_time\" content=\"2026-03-30T00:20:09+00:00\" \/>\n<meta property=\"og:image\" content=\"https:\/\/www.arquimaster.com.ar\/web\/wp-content\/uploads\/2018\/10\/espacio13_casafoa2018_slide.jpg\" \/>\n\t<meta property=\"og:image:width\" content=\"642\" \/>\n\t<meta property=\"og:image:height\" content=\"336\" \/>\n\t<meta property=\"og:image:type\" content=\"image\/jpeg\" \/>\n<meta name=\"author\" content=\"Arquimaster\" \/>\n<meta name=\"twitter:card\" content=\"summary_large_image\" \/>\n<meta name=\"twitter:creator\" content=\"@arquimaster\" \/>\n<meta name=\"twitter:site\" content=\"@arquimaster\" \/>\n<meta name=\"twitter:label1\" content=\"Escrito por\" \/>\n\t<meta name=\"twitter:data1\" content=\"Arquimaster\" \/>\n\t<meta name=\"twitter:label2\" content=\"Tiempo de lectura\" \/>\n\t<meta name=\"twitter:data2\" content=\"4 minutos\" \/>\n<script type=\"application\/ld+json\" class=\"yoast-schema-graph\">{\"@context\":\"https:\\\/\\\/schema.org\",\"@graph\":[{\"@type\":\"Article\",\"@id\":\"https:\\\/\\\/www.arquimaster.com.ar\\\/web\\\/pasillo-de-las-universidades-espacio-13-casa-foa-2018-uade-instituto-abm-colegio-de-arquitectos-de-tucuman-fadu-uba-um-fadau\\\/#article\",\"isPartOf\":{\"@id\":\"https:\\\/\\\/www.arquimaster.com.ar\\\/web\\\/pasillo-de-las-universidades-espacio-13-casa-foa-2018-uade-instituto-abm-colegio-de-arquitectos-de-tucuman-fadu-uba-um-fadau\\\/\"},\"author\":{\"name\":\"Arquimaster\",\"@id\":\"https:\\\/\\\/www.arquimaster.com.ar\\\/web\\\/#\\\/schema\\\/person\\\/359e9f7c00193fcde068e0dd2ceb0028\"},\"headline\":\"Pasillo de las Universidades (Espacio 13 \\\/ Casa FOA 2018) \\\/ UADE, Instituto ABM, Colegio de Arquitectos de Tucum\u00e1n, FADU-UBA, UM-FADAU\",\"datePublished\":\"2018-10-18T11:49:14+00:00\",\"dateModified\":\"2026-03-30T00:20:09+00:00\",\"mainEntityOfPage\":{\"@id\":\"https:\\\/\\\/www.arquimaster.com.ar\\\/web\\\/pasillo-de-las-universidades-espacio-13-casa-foa-2018-uade-instituto-abm-colegio-de-arquitectos-de-tucuman-fadu-uba-um-fadau\\\/\"},\"wordCount\":862,\"publisher\":{\"@id\":\"https:\\\/\\\/www.arquimaster.com.ar\\\/web\\\/#organization\"},\"image\":{\"@id\":\"https:\\\/\\\/www.arquimaster.com.ar\\\/web\\\/pasillo-de-las-universidades-espacio-13-casa-foa-2018-uade-instituto-abm-colegio-de-arquitectos-de-tucuman-fadu-uba-um-fadau\\\/#primaryimage\"},\"thumbnailUrl\":\"https:\\\/\\\/www.arquimaster.com.ar\\\/web\\\/wp-content\\\/uploads\\\/2018\\\/10\\\/espacio13_casafoa2018_slide.jpg\",\"keywords\":[\"Casa FOA 2018\",\"CAT\",\"Colegio de Arquitectos de Tucum\u00e1n\",\"FADU-UBA\",\"Instituto ABM\",\"UADE\",\"UM-FADAU\"],\"articleSection\":[\"Casa FOA 2018\",\"Dise\u00f1o\"],\"inLanguage\":\"es\"},{\"@type\":\"WebPage\",\"@id\":\"https:\\\/\\\/www.arquimaster.com.ar\\\/web\\\/pasillo-de-las-universidades-espacio-13-casa-foa-2018-uade-instituto-abm-colegio-de-arquitectos-de-tucuman-fadu-uba-um-fadau\\\/\",\"url\":\"https:\\\/\\\/www.arquimaster.com.ar\\\/web\\\/pasillo-de-las-universidades-espacio-13-casa-foa-2018-uade-instituto-abm-colegio-de-arquitectos-de-tucuman-fadu-uba-um-fadau\\\/\",\"name\":\"Pasillo de las Universidades (Espacio 13 \\\/ Casa FOA 2018) \\\/ UADE, Instituto ABM, Colegio de Arquitectos de Tucum\u00e1n, FADU-UBA, UM-FADAU - Arquimaster\",\"isPartOf\":{\"@id\":\"https:\\\/\\\/www.arquimaster.com.ar\\\/web\\\/#website\"},\"primaryImageOfPage\":{\"@id\":\"https:\\\/\\\/www.arquimaster.com.ar\\\/web\\\/pasillo-de-las-universidades-espacio-13-casa-foa-2018-uade-instituto-abm-colegio-de-arquitectos-de-tucuman-fadu-uba-um-fadau\\\/#primaryimage\"},\"image\":{\"@id\":\"https:\\\/\\\/www.arquimaster.com.ar\\\/web\\\/pasillo-de-las-universidades-espacio-13-casa-foa-2018-uade-instituto-abm-colegio-de-arquitectos-de-tucuman-fadu-uba-um-fadau\\\/#primaryimage\"},\"thumbnailUrl\":\"https:\\\/\\\/www.arquimaster.com.ar\\\/web\\\/wp-content\\\/uploads\\\/2018\\\/10\\\/espacio13_casafoa2018_slide.jpg\",\"datePublished\":\"2018-10-18T11:49:14+00:00\",\"dateModified\":\"2026-03-30T00:20:09+00:00\",\"breadcrumb\":{\"@id\":\"https:\\\/\\\/www.arquimaster.com.ar\\\/web\\\/pasillo-de-las-universidades-espacio-13-casa-foa-2018-uade-instituto-abm-colegio-de-arquitectos-de-tucuman-fadu-uba-um-fadau\\\/#breadcrumb\"},\"inLanguage\":\"es\",\"potentialAction\":[{\"@type\":\"ReadAction\",\"target\":[\"https:\\\/\\\/www.arquimaster.com.ar\\\/web\\\/pasillo-de-las-universidades-espacio-13-casa-foa-2018-uade-instituto-abm-colegio-de-arquitectos-de-tucuman-fadu-uba-um-fadau\\\/\"]}]},{\"@type\":\"ImageObject\",\"inLanguage\":\"es\",\"@id\":\"https:\\\/\\\/www.arquimaster.com.ar\\\/web\\\/pasillo-de-las-universidades-espacio-13-casa-foa-2018-uade-instituto-abm-colegio-de-arquitectos-de-tucuman-fadu-uba-um-fadau\\\/#primaryimage\",\"url\":\"https:\\\/\\\/www.arquimaster.com.ar\\\/web\\\/wp-content\\\/uploads\\\/2018\\\/10\\\/espacio13_casafoa2018_slide.jpg\",\"contentUrl\":\"https:\\\/\\\/www.arquimaster.com.ar\\\/web\\\/wp-content\\\/uploads\\\/2018\\\/10\\\/espacio13_casafoa2018_slide.jpg\",\"width\":642,\"height\":336},{\"@type\":\"BreadcrumbList\",\"@id\":\"https:\\\/\\\/www.arquimaster.com.ar\\\/web\\\/pasillo-de-las-universidades-espacio-13-casa-foa-2018-uade-instituto-abm-colegio-de-arquitectos-de-tucuman-fadu-uba-um-fadau\\\/#breadcrumb\",\"itemListElement\":[{\"@type\":\"ListItem\",\"position\":1,\"name\":\"Portada\",\"item\":\"https:\\\/\\\/www.arquimaster.com.ar\\\/web\\\/\"},{\"@type\":\"ListItem\",\"position\":2,\"name\":\"Pasillo de las Universidades (Espacio 13 \\\/ Casa FOA 2018) \\\/ UADE, Instituto ABM, Colegio de Arquitectos de Tucum\u00e1n, FADU-UBA, UM-FADAU\"}]},{\"@type\":\"WebSite\",\"@id\":\"https:\\\/\\\/www.arquimaster.com.ar\\\/web\\\/#website\",\"url\":\"https:\\\/\\\/www.arquimaster.com.ar\\\/web\\\/\",\"name\":\"Arquimaster\",\"description\":\"Web de arquitectura, dise\u00f1o y construccion\",\"publisher\":{\"@id\":\"https:\\\/\\\/www.arquimaster.com.ar\\\/web\\\/#organization\"},\"potentialAction\":[{\"@type\":\"SearchAction\",\"target\":{\"@type\":\"EntryPoint\",\"urlTemplate\":\"https:\\\/\\\/www.arquimaster.com.ar\\\/web\\\/?s={search_term_string}\"},\"query-input\":{\"@type\":\"PropertyValueSpecification\",\"valueRequired\":true,\"valueName\":\"search_term_string\"}}],\"inLanguage\":\"es\"},{\"@type\":\"Organization\",\"@id\":\"https:\\\/\\\/www.arquimaster.com.ar\\\/web\\\/#organization\",\"name\":\"Arquimaster\",\"url\":\"https:\\\/\\\/www.arquimaster.com.ar\\\/web\\\/\",\"logo\":{\"@type\":\"ImageObject\",\"inLanguage\":\"es\",\"@id\":\"https:\\\/\\\/www.arquimaster.com.ar\\\/web\\\/#\\\/schema\\\/logo\\\/image\\\/\",\"url\":\"https:\\\/\\\/www.arquimaster.com.ar\\\/web\\\/wp-content\\\/uploads\\\/2022\\\/06\\\/arquimaster.png\",\"contentUrl\":\"https:\\\/\\\/www.arquimaster.com.ar\\\/web\\\/wp-content\\\/uploads\\\/2022\\\/06\\\/arquimaster.png\",\"width\":594,\"height\":78,\"caption\":\"Arquimaster\"},\"image\":{\"@id\":\"https:\\\/\\\/www.arquimaster.com.ar\\\/web\\\/#\\\/schema\\\/logo\\\/image\\\/\"},\"sameAs\":[\"http:\\\/\\\/www.facebook.com\\\/ARQUIMASTER.com.ar\",\"https:\\\/\\\/x.com\\\/arquimaster\",\"https:\\\/\\\/www.instagram.com\\\/arquimasterblog\\\/\",\"https:\\\/\\\/www.linkedin.com\\\/company\\\/arquimaster\",\"https:\\\/\\\/www.pinterest.com\\\/arquimaster\",\"https:\\\/\\\/t.me\\\/arquimaster\"]},{\"@type\":\"Person\",\"@id\":\"https:\\\/\\\/www.arquimaster.com.ar\\\/web\\\/#\\\/schema\\\/person\\\/359e9f7c00193fcde068e0dd2ceb0028\",\"name\":\"Arquimaster\"}]}<\/script>\n<!-- \/ Yoast SEO plugin. -->","yoast_head_json":{"title":"Pasillo de las Universidades (Espacio 13 \/ Casa FOA 2018) \/ UADE, Instituto ABM, Colegio de Arquitectos de Tucum\u00e1n, FADU-UBA, UM-FADAU - Arquimaster","robots":{"index":"index","follow":"follow","max-snippet":"max-snippet:-1","max-image-preview":"max-image-preview:large","max-video-preview":"max-video-preview:-1"},"canonical":"https:\/\/www.arquimaster.com.ar\/web\/pasillo-de-las-universidades-espacio-13-casa-foa-2018-uade-instituto-abm-colegio-de-arquitectos-de-tucuman-fadu-uba-um-fadau\/","og_locale":"es_ES","og_type":"article","og_title":"Pasillo de las Universidades (Espacio 13 \/ Casa FOA 2018) \/ UADE, Instituto ABM, Colegio de Arquitectos de Tucum\u00e1n, FADU-UBA, UM-FADAU - Arquimaster","og_description":"Un revestimiento de pared y un banco, un homenaje a Ricardo Blanco y otras intervenciones...","og_url":"https:\/\/www.arquimaster.com.ar\/web\/pasillo-de-las-universidades-espacio-13-casa-foa-2018-uade-instituto-abm-colegio-de-arquitectos-de-tucuman-fadu-uba-um-fadau\/","og_site_name":"Arquimaster","article_publisher":"http:\/\/www.facebook.com\/ARQUIMASTER.com.ar","article_published_time":"2018-10-18T11:49:14+00:00","article_modified_time":"2026-03-30T00:20:09+00:00","og_image":[{"width":642,"height":336,"url":"https:\/\/www.arquimaster.com.ar\/web\/wp-content\/uploads\/2018\/10\/espacio13_casafoa2018_slide.jpg","type":"image\/jpeg"}],"author":"Arquimaster","twitter_card":"summary_large_image","twitter_creator":"@arquimaster","twitter_site":"@arquimaster","twitter_misc":{"Escrito por":"Arquimaster","Tiempo de lectura":"4 minutos"},"schema":{"@context":"https:\/\/schema.org","@graph":[{"@type":"Article","@id":"https:\/\/www.arquimaster.com.ar\/web\/pasillo-de-las-universidades-espacio-13-casa-foa-2018-uade-instituto-abm-colegio-de-arquitectos-de-tucuman-fadu-uba-um-fadau\/#article","isPartOf":{"@id":"https:\/\/www.arquimaster.com.ar\/web\/pasillo-de-las-universidades-espacio-13-casa-foa-2018-uade-instituto-abm-colegio-de-arquitectos-de-tucuman-fadu-uba-um-fadau\/"},"author":{"name":"Arquimaster","@id":"https:\/\/www.arquimaster.com.ar\/web\/#\/schema\/person\/359e9f7c00193fcde068e0dd2ceb0028"},"headline":"Pasillo de las Universidades (Espacio 13 \/ Casa FOA 2018) \/ UADE, Instituto ABM, Colegio de Arquitectos de Tucum\u00e1n, FADU-UBA, UM-FADAU","datePublished":"2018-10-18T11:49:14+00:00","dateModified":"2026-03-30T00:20:09+00:00","mainEntityOfPage":{"@id":"https:\/\/www.arquimaster.com.ar\/web\/pasillo-de-las-universidades-espacio-13-casa-foa-2018-uade-instituto-abm-colegio-de-arquitectos-de-tucuman-fadu-uba-um-fadau\/"},"wordCount":862,"publisher":{"@id":"https:\/\/www.arquimaster.com.ar\/web\/#organization"},"image":{"@id":"https:\/\/www.arquimaster.com.ar\/web\/pasillo-de-las-universidades-espacio-13-casa-foa-2018-uade-instituto-abm-colegio-de-arquitectos-de-tucuman-fadu-uba-um-fadau\/#primaryimage"},"thumbnailUrl":"https:\/\/www.arquimaster.com.ar\/web\/wp-content\/uploads\/2018\/10\/espacio13_casafoa2018_slide.jpg","keywords":["Casa FOA 2018","CAT","Colegio de Arquitectos de Tucum\u00e1n","FADU-UBA","Instituto ABM","UADE","UM-FADAU"],"articleSection":["Casa FOA 2018","Dise\u00f1o"],"inLanguage":"es"},{"@type":"WebPage","@id":"https:\/\/www.arquimaster.com.ar\/web\/pasillo-de-las-universidades-espacio-13-casa-foa-2018-uade-instituto-abm-colegio-de-arquitectos-de-tucuman-fadu-uba-um-fadau\/","url":"https:\/\/www.arquimaster.com.ar\/web\/pasillo-de-las-universidades-espacio-13-casa-foa-2018-uade-instituto-abm-colegio-de-arquitectos-de-tucuman-fadu-uba-um-fadau\/","name":"Pasillo de las Universidades (Espacio 13 \/ Casa FOA 2018) \/ UADE, Instituto ABM, Colegio de Arquitectos de Tucum\u00e1n, FADU-UBA, UM-FADAU - Arquimaster","isPartOf":{"@id":"https:\/\/www.arquimaster.com.ar\/web\/#website"},"primaryImageOfPage":{"@id":"https:\/\/www.arquimaster.com.ar\/web\/pasillo-de-las-universidades-espacio-13-casa-foa-2018-uade-instituto-abm-colegio-de-arquitectos-de-tucuman-fadu-uba-um-fadau\/#primaryimage"},"image":{"@id":"https:\/\/www.arquimaster.com.ar\/web\/pasillo-de-las-universidades-espacio-13-casa-foa-2018-uade-instituto-abm-colegio-de-arquitectos-de-tucuman-fadu-uba-um-fadau\/#primaryimage"},"thumbnailUrl":"https:\/\/www.arquimaster.com.ar\/web\/wp-content\/uploads\/2018\/10\/espacio13_casafoa2018_slide.jpg","datePublished":"2018-10-18T11:49:14+00:00","dateModified":"2026-03-30T00:20:09+00:00","breadcrumb":{"@id":"https:\/\/www.arquimaster.com.ar\/web\/pasillo-de-las-universidades-espacio-13-casa-foa-2018-uade-instituto-abm-colegio-de-arquitectos-de-tucuman-fadu-uba-um-fadau\/#breadcrumb"},"inLanguage":"es","potentialAction":[{"@type":"ReadAction","target":["https:\/\/www.arquimaster.com.ar\/web\/pasillo-de-las-universidades-espacio-13-casa-foa-2018-uade-instituto-abm-colegio-de-arquitectos-de-tucuman-fadu-uba-um-fadau\/"]}]},{"@type":"ImageObject","inLanguage":"es","@id":"https:\/\/www.arquimaster.com.ar\/web\/pasillo-de-las-universidades-espacio-13-casa-foa-2018-uade-instituto-abm-colegio-de-arquitectos-de-tucuman-fadu-uba-um-fadau\/#primaryimage","url":"https:\/\/www.arquimaster.com.ar\/web\/wp-content\/uploads\/2018\/10\/espacio13_casafoa2018_slide.jpg","contentUrl":"https:\/\/www.arquimaster.com.ar\/web\/wp-content\/uploads\/2018\/10\/espacio13_casafoa2018_slide.jpg","width":642,"height":336},{"@type":"BreadcrumbList","@id":"https:\/\/www.arquimaster.com.ar\/web\/pasillo-de-las-universidades-espacio-13-casa-foa-2018-uade-instituto-abm-colegio-de-arquitectos-de-tucuman-fadu-uba-um-fadau\/#breadcrumb","itemListElement":[{"@type":"ListItem","position":1,"name":"Portada","item":"https:\/\/www.arquimaster.com.ar\/web\/"},{"@type":"ListItem","position":2,"name":"Pasillo de las Universidades (Espacio 13 \/ Casa FOA 2018) \/ UADE, Instituto ABM, Colegio de Arquitectos de Tucum\u00e1n, FADU-UBA, UM-FADAU"}]},{"@type":"WebSite","@id":"https:\/\/www.arquimaster.com.ar\/web\/#website","url":"https:\/\/www.arquimaster.com.ar\/web\/","name":"Arquimaster","description":"Web de arquitectura, dise\u00f1o y construccion","publisher":{"@id":"https:\/\/www.arquimaster.com.ar\/web\/#organization"},"potentialAction":[{"@type":"SearchAction","target":{"@type":"EntryPoint","urlTemplate":"https:\/\/www.arquimaster.com.ar\/web\/?s={search_term_string}"},"query-input":{"@type":"PropertyValueSpecification","valueRequired":true,"valueName":"search_term_string"}}],"inLanguage":"es"},{"@type":"Organization","@id":"https:\/\/www.arquimaster.com.ar\/web\/#organization","name":"Arquimaster","url":"https:\/\/www.arquimaster.com.ar\/web\/","logo":{"@type":"ImageObject","inLanguage":"es","@id":"https:\/\/www.arquimaster.com.ar\/web\/#\/schema\/logo\/image\/","url":"https:\/\/www.arquimaster.com.ar\/web\/wp-content\/uploads\/2022\/06\/arquimaster.png","contentUrl":"https:\/\/www.arquimaster.com.ar\/web\/wp-content\/uploads\/2022\/06\/arquimaster.png","width":594,"height":78,"caption":"Arquimaster"},"image":{"@id":"https:\/\/www.arquimaster.com.ar\/web\/#\/schema\/logo\/image\/"},"sameAs":["http:\/\/www.facebook.com\/ARQUIMASTER.com.ar","https:\/\/x.com\/arquimaster","https:\/\/www.instagram.com\/arquimasterblog\/","https:\/\/www.linkedin.com\/company\/arquimaster","https:\/\/www.pinterest.com\/arquimaster","https:\/\/t.me\/arquimaster"]},{"@type":"Person","@id":"https:\/\/www.arquimaster.com.ar\/web\/#\/schema\/person\/359e9f7c00193fcde068e0dd2ceb0028","name":"Arquimaster"}]}},"uagb_featured_image_src":{"full":["https:\/\/www.arquimaster.com.ar\/web\/wp-content\/uploads\/2018\/10\/espacio13_casafoa2018_slide.jpg",642,336,false],"thumbnail":["https:\/\/www.arquimaster.com.ar\/web\/wp-content\/uploads\/2018\/10\/espacio13_casafoa2018_slide-150x150.jpg",150,150,true],"medium":["https:\/\/www.arquimaster.com.ar\/web\/wp-content\/uploads\/2018\/10\/espacio13_casafoa2018_slide.jpg",642,336,false],"medium_large":["https:\/\/www.arquimaster.com.ar\/web\/wp-content\/uploads\/2018\/10\/espacio13_casafoa2018_slide.jpg",642,336,false],"large":["https:\/\/www.arquimaster.com.ar\/web\/wp-content\/uploads\/2018\/10\/espacio13_casafoa2018_slide.jpg",642,336,false],"1536x1536":["https:\/\/www.arquimaster.com.ar\/web\/wp-content\/uploads\/2018\/10\/espacio13_casafoa2018_slide.jpg",642,336,false],"2048x2048":["https:\/\/www.arquimaster.com.ar\/web\/wp-content\/uploads\/2018\/10\/espacio13_casafoa2018_slide.jpg",642,336,false]},"uagb_author_info":{"display_name":"Arquimaster","author_link":"https:\/\/www.arquimaster.com.ar\/web\/author\/arquimaster\/"},"uagb_comment_info":0,"uagb_excerpt":"Un revestimiento de pared y un banco, un homenaje a Ricardo Blanco y otras intervenciones...","_links":{"self":[{"href":"https:\/\/www.arquimaster.com.ar\/web\/wp-json\/wp\/v2\/posts\/33150","targetHints":{"allow":["GET"]}}],"collection":[{"href":"https:\/\/www.arquimaster.com.ar\/web\/wp-json\/wp\/v2\/posts"}],"about":[{"href":"https:\/\/www.arquimaster.com.ar\/web\/wp-json\/wp\/v2\/types\/post"}],"author":[{"embeddable":true,"href":"https:\/\/www.arquimaster.com.ar\/web\/wp-json\/wp\/v2\/users\/1"}],"replies":[{"embeddable":true,"href":"https:\/\/www.arquimaster.com.ar\/web\/wp-json\/wp\/v2\/comments?post=33150"}],"version-history":[{"count":2,"href":"https:\/\/www.arquimaster.com.ar\/web\/wp-json\/wp\/v2\/posts\/33150\/revisions"}],"predecessor-version":[{"id":88300,"href":"https:\/\/www.arquimaster.com.ar\/web\/wp-json\/wp\/v2\/posts\/33150\/revisions\/88300"}],"wp:featuredmedia":[{"embeddable":true,"href":"https:\/\/www.arquimaster.com.ar\/web\/wp-json\/wp\/v2\/media\/33151"}],"wp:attachment":[{"href":"https:\/\/www.arquimaster.com.ar\/web\/wp-json\/wp\/v2\/media?parent=33150"}],"wp:term":[{"taxonomy":"category","embeddable":true,"href":"https:\/\/www.arquimaster.com.ar\/web\/wp-json\/wp\/v2\/categories?post=33150"},{"taxonomy":"post_tag","embeddable":true,"href":"https:\/\/www.arquimaster.com.ar\/web\/wp-json\/wp\/v2\/tags?post=33150"}],"curies":[{"name":"wp","href":"https:\/\/api.w.org\/{rel}","templated":true}]}}