{"id":33184,"date":"2018-10-22T22:00:58","date_gmt":"2018-10-22T22:00:58","guid":{"rendered":"http:\/\/www.arquimaster.com.ar\/web\/?p=33184"},"modified":"2025-08-11T19:19:44","modified_gmt":"2025-08-11T22:19:44","slug":"madera-extrema-el-libro-que-honra-la-arquitectura-argentina-inspirada-en-este-noble-material","status":"publish","type":"post","link":"https:\/\/www.arquimaster.com.ar\/web\/madera-extrema-el-libro-que-honra-la-arquitectura-argentina-inspirada-en-este-noble-material\/","title":{"rendered":"Madera Extrema, el libro que honra la arquitectura argentina inspirada en este noble material"},"content":{"rendered":"<div style=\"margin-top: 0px; margin-bottom: 0px;\" class=\"sharethis-inline-share-buttons\" ><\/div><div class=\"b812932af2e751442846f039925109de\" data-index=\"1\" style=\"float: none; margin:25px 0 25px 0; text-align:center;\">\n<script async src=\"https:\/\/pagead2.googlesyndication.com\/pagead\/js\/adsbygoogle.js\"><\/script>\r\n<!-- Arquimaster (superior) -->\r\n<ins class=\"adsbygoogle\"\r\n     style=\"display:block\"\r\n     data-ad-client=\"ca-pub-6351072698456832\"\r\n     data-ad-slot=\"6455489680\"\r\n     data-ad-format=\"auto\"\r\n     data-full-width-responsive=\"true\"><\/ins>\r\n<script>\r\n     (adsbygoogle = window.adsbygoogle || []).push({});\r\n<\/script>\n<\/div>\n<p><em><strong>La obra, editada por Cetol y Bisman Ediciones, compila los proyectos de 32 estudios argentinos, a lo largo y ancho del pa\u00eds.<\/strong><\/em><\/p>\n<p><strong>Cetol<\/strong>, marca l\u00edder del grupo<strong> AkzoNobel<\/strong> en el cuidado y protecci\u00f3n de la madera, presenta junto a Bisman Ediciones,<strong> \u00abMadera Extrema\u00bb<\/strong>.<\/p>\n<p>La madera habita la arquitectura desde el principio de los tiempos. Es su parte indisociable y su condici\u00f3n primera. Uno de los materiales constructivos m\u00e1s antiguos de la historia. M\u00e1s o menos visible, m\u00e1s o menos expuesta, lo cierto es que forma parte de la mayor\u00eda de las construcciones que conocemos.<\/p>\n<p>En este libro se re\u00fanen las obras destacadas de 32 estudios argentinos en los cuatro puntos cardinales del pa\u00eds, donde se pone en relieve la magn\u00edfica producci\u00f3n actual de la arquitectura en madera m\u00e1s relevante y trascendente.<\/p>\n<p><strong>Madera Extrema<\/strong>, es el resultado de una alianza con profesionales de buena madera, que se unen al objetivo de Cetol sobre contagiar el uso de este c\u00e1lido material y compartir su legado, su conocimiento, sus experiencias.<\/p>\n<div id='gallery-1' class='gallery galleryid-33184 gallery-columns-3 gallery-size-thumbnail'><figure class='gallery-item'>\n\t\t\t<div class='gallery-icon landscape'>\n\t\t\t\t<a href='https:\/\/www.arquimaster.com.ar\/web\/wp-content\/uploads\/2018\/10\/madera_extrema1.jpg' title=\"Madera Extrema, el libro que honra la arquitectura argentina inspirada en este noble material\" data-rl_title=\"Madera Extrema, el libro que honra la arquitectura argentina inspirada en este noble material\" class=\"rl-gallery-link\" data-rl_caption=\"Madera Extrema, el libro que honra la arquitectura argentina inspirada en este noble material\" data-rel=\"lightbox-gallery-1\"><img loading=\"lazy\" decoding=\"async\" width=\"150\" height=\"150\" src=\"https:\/\/www.arquimaster.com.ar\/web\/wp-content\/uploads\/2018\/10\/madera_extrema1-150x150.jpg\" class=\"attachment-thumbnail size-thumbnail\" alt=\"\" aria-describedby=\"gallery-1-33187\" srcset=\"https:\/\/www.arquimaster.com.ar\/web\/wp-content\/uploads\/2018\/10\/madera_extrema1-150x150.jpg 150w, https:\/\/www.arquimaster.com.ar\/web\/wp-content\/uploads\/2018\/10\/madera_extrema1-1024x1024.jpg 1024w, https:\/\/www.arquimaster.com.ar\/web\/wp-content\/uploads\/2018\/10\/madera_extrema1-768x768.jpg 768w, https:\/\/www.arquimaster.com.ar\/web\/wp-content\/uploads\/2018\/10\/madera_extrema1-50x50.jpg 50w, https:\/\/www.arquimaster.com.ar\/web\/wp-content\/uploads\/2018\/10\/madera_extrema1-125x125.jpg 125w, https:\/\/www.arquimaster.com.ar\/web\/wp-content\/uploads\/2018\/10\/madera_extrema1.jpg 1500w\" sizes=\"auto, (max-width: 150px) 100vw, 150px\" \/><\/a>\n\t\t\t<\/div>\n\t\t\t\t<figcaption class='wp-caption-text gallery-caption' id='gallery-1-33187'>\n\t\t\t\tMadera Extrema, el libro que honra la arquitectura argentina inspirada en este noble material\n\t\t\t\t<\/figcaption><\/figure><figure class='gallery-item'>\n\t\t\t<div class='gallery-icon landscape'>\n\t\t\t\t<a href='https:\/\/www.arquimaster.com.ar\/web\/wp-content\/uploads\/2018\/10\/madera_extrema2.jpg' title=\"Madera Extrema (Casa Santos \/ Abelleyro Coles Mirengo \u00a9 Fernando Abelleyro)\" data-rl_title=\"Madera Extrema (Casa Santos \/ Abelleyro Coles Mirengo \u00a9 Fernando Abelleyro)\" class=\"rl-gallery-link\" data-rl_caption=\"Madera Extrema (Casa Santos \/ Abelleyro Coles Mirengo \u00a9 Fernando Abelleyro)\" data-rel=\"lightbox-gallery-1\"><img loading=\"lazy\" decoding=\"async\" width=\"150\" height=\"150\" src=\"https:\/\/www.arquimaster.com.ar\/web\/wp-content\/uploads\/2018\/10\/madera_extrema2-150x150.jpg\" class=\"attachment-thumbnail size-thumbnail\" alt=\"\" aria-describedby=\"gallery-1-33188\" srcset=\"https:\/\/www.arquimaster.com.ar\/web\/wp-content\/uploads\/2018\/10\/madera_extrema2-150x150.jpg 150w, https:\/\/www.arquimaster.com.ar\/web\/wp-content\/uploads\/2018\/10\/madera_extrema2-50x50.jpg 50w, https:\/\/www.arquimaster.com.ar\/web\/wp-content\/uploads\/2018\/10\/madera_extrema2-125x125.jpg 125w\" sizes=\"auto, (max-width: 150px) 100vw, 150px\" \/><\/a>\n\t\t\t<\/div>\n\t\t\t\t<figcaption class='wp-caption-text gallery-caption' id='gallery-1-33188'>\n\t\t\t\tMadera Extrema (Casa Santos \/ Abelleyro Coles Mirengo \u00a9 Fernando Abelleyro)\n\t\t\t\t<\/figcaption><\/figure><figure class='gallery-item'>\n\t\t\t<div class='gallery-icon portrait'>\n\t\t\t\t<a href='https:\/\/www.arquimaster.com.ar\/web\/wp-content\/uploads\/2018\/10\/madera_extrema3.jpg' title=\"Madera Extrema (Pabell\u00f3n de Arte \/ Agust\u00edn Berzero y Valeria Jaros Arquitectos \u00a9 Constanza Otero)\" data-rl_title=\"Madera Extrema (Pabell\u00f3n de Arte \/ Agust\u00edn Berzero y Valeria Jaros Arquitectos \u00a9 Constanza Otero)\" class=\"rl-gallery-link\" data-rl_caption=\"Madera Extrema (Pabell\u00f3n de Arte \/ Agust\u00edn Berzero y Valeria Jaros Arquitectos \u00a9 Constanza Otero)\" data-rel=\"lightbox-gallery-1\"><img loading=\"lazy\" decoding=\"async\" width=\"150\" height=\"150\" src=\"https:\/\/www.arquimaster.com.ar\/web\/wp-content\/uploads\/2018\/10\/madera_extrema3-150x150.jpg\" class=\"attachment-thumbnail size-thumbnail\" alt=\"\" aria-describedby=\"gallery-1-33189\" srcset=\"https:\/\/www.arquimaster.com.ar\/web\/wp-content\/uploads\/2018\/10\/madera_extrema3-150x150.jpg 150w, https:\/\/www.arquimaster.com.ar\/web\/wp-content\/uploads\/2018\/10\/madera_extrema3-50x50.jpg 50w, https:\/\/www.arquimaster.com.ar\/web\/wp-content\/uploads\/2018\/10\/madera_extrema3-125x125.jpg 125w\" sizes=\"auto, (max-width: 150px) 100vw, 150px\" \/><\/a>\n\t\t\t<\/div>\n\t\t\t\t<figcaption class='wp-caption-text gallery-caption' id='gallery-1-33189'>\n\t\t\t\tMadera Extrema (Pabell\u00f3n de Arte \/ Agust\u00edn Berzero y Valeria Jaros Arquitectos \u00a9 Constanza Otero)\n\t\t\t\t<\/figcaption><\/figure><figure class='gallery-item'>\n\t\t\t<div class='gallery-icon portrait'>\n\t\t\t\t<a href='https:\/\/www.arquimaster.com.ar\/web\/wp-content\/uploads\/2018\/10\/madera_extrema4.jpg' title=\"Madera Extrema (Caballerizas Carajo \/ Alarcia Ferrer Arquitectos \u00a9 Federico Cairoli)\" data-rl_title=\"Madera Extrema (Caballerizas Carajo \/ Alarcia Ferrer Arquitectos \u00a9 Federico Cairoli)\" class=\"rl-gallery-link\" data-rl_caption=\"Madera Extrema (Caballerizas Carajo \/ Alarcia Ferrer Arquitectos \u00a9 Federico Cairoli)\" data-rel=\"lightbox-gallery-1\"><img loading=\"lazy\" decoding=\"async\" width=\"150\" height=\"150\" src=\"https:\/\/www.arquimaster.com.ar\/web\/wp-content\/uploads\/2018\/10\/madera_extrema4-150x150.jpg\" class=\"attachment-thumbnail size-thumbnail\" alt=\"\" aria-describedby=\"gallery-1-33190\" srcset=\"https:\/\/www.arquimaster.com.ar\/web\/wp-content\/uploads\/2018\/10\/madera_extrema4-150x150.jpg 150w, https:\/\/www.arquimaster.com.ar\/web\/wp-content\/uploads\/2018\/10\/madera_extrema4-50x50.jpg 50w, https:\/\/www.arquimaster.com.ar\/web\/wp-content\/uploads\/2018\/10\/madera_extrema4-125x125.jpg 125w\" sizes=\"auto, (max-width: 150px) 100vw, 150px\" \/><\/a>\n\t\t\t<\/div>\n\t\t\t\t<figcaption class='wp-caption-text gallery-caption' id='gallery-1-33190'>\n\t\t\t\tMadera Extrema (Caballerizas Carajo \/ Alarcia Ferrer Arquitectos \u00a9 Federico Cairoli)\n\t\t\t\t<\/figcaption><\/figure><figure class='gallery-item'>\n\t\t\t<div class='gallery-icon landscape'>\n\t\t\t\t<a href='https:\/\/www.arquimaster.com.ar\/web\/wp-content\/uploads\/2018\/10\/madera_extrema5.jpg' title=\"Madera Extrema (Casa CS \/ Alric Galindez Arquitectos \u00a9 Jerem\u00edas Thomas)\" data-rl_title=\"Madera Extrema (Casa CS \/ Alric Galindez Arquitectos \u00a9 Jerem\u00edas Thomas)\" class=\"rl-gallery-link\" data-rl_caption=\"Madera Extrema (Casa CS \/ Alric Galindez Arquitectos \u00a9 Jerem\u00edas Thomas)\" data-rel=\"lightbox-gallery-1\"><img loading=\"lazy\" decoding=\"async\" width=\"150\" height=\"150\" src=\"https:\/\/www.arquimaster.com.ar\/web\/wp-content\/uploads\/2018\/10\/madera_extrema5-150x150.jpg\" class=\"attachment-thumbnail size-thumbnail\" alt=\"\" aria-describedby=\"gallery-1-33191\" srcset=\"https:\/\/www.arquimaster.com.ar\/web\/wp-content\/uploads\/2018\/10\/madera_extrema5-150x150.jpg 150w, https:\/\/www.arquimaster.com.ar\/web\/wp-content\/uploads\/2018\/10\/madera_extrema5-50x50.jpg 50w, https:\/\/www.arquimaster.com.ar\/web\/wp-content\/uploads\/2018\/10\/madera_extrema5-125x125.jpg 125w\" sizes=\"auto, (max-width: 150px) 100vw, 150px\" \/><\/a>\n\t\t\t<\/div>\n\t\t\t\t<figcaption class='wp-caption-text gallery-caption' id='gallery-1-33191'>\n\t\t\t\tMadera Extrema (Casa CS \/ Alric Galindez Arquitectos \u00a9 Jerem\u00edas Thomas)\n\t\t\t\t<\/figcaption><\/figure><figure class='gallery-item'>\n\t\t\t<div class='gallery-icon landscape'>\n\t\t\t\t<a href='https:\/\/www.arquimaster.com.ar\/web\/wp-content\/uploads\/2018\/10\/madera_extrema6.jpg' title=\"Madera Extrema (Cava Erizo \/ AToT Arquitectos Todo Terreno \u00a9 Joaqu\u00edn Portela)\" data-rl_title=\"Madera Extrema (Cava Erizo \/ AToT Arquitectos Todo Terreno \u00a9 Joaqu\u00edn Portela)\" class=\"rl-gallery-link\" data-rl_caption=\"Madera Extrema (Cava Erizo \/ AToT Arquitectos Todo Terreno \u00a9 Joaqu\u00edn Portela)\" data-rel=\"lightbox-gallery-1\"><img loading=\"lazy\" decoding=\"async\" width=\"150\" height=\"150\" src=\"https:\/\/www.arquimaster.com.ar\/web\/wp-content\/uploads\/2018\/10\/madera_extrema6-150x150.jpg\" class=\"attachment-thumbnail size-thumbnail\" alt=\"\" aria-describedby=\"gallery-1-33192\" srcset=\"https:\/\/www.arquimaster.com.ar\/web\/wp-content\/uploads\/2018\/10\/madera_extrema6-150x150.jpg 150w, https:\/\/www.arquimaster.com.ar\/web\/wp-content\/uploads\/2018\/10\/madera_extrema6-50x50.jpg 50w, https:\/\/www.arquimaster.com.ar\/web\/wp-content\/uploads\/2018\/10\/madera_extrema6-125x125.jpg 125w\" sizes=\"auto, (max-width: 150px) 100vw, 150px\" \/><\/a>\n\t\t\t<\/div>\n\t\t\t\t<figcaption class='wp-caption-text gallery-caption' id='gallery-1-33192'>\n\t\t\t\tMadera Extrema (Cava Erizo \/ AToT Arquitectos Todo Terreno \u00a9 Joaqu\u00edn Portela)\n\t\t\t\t<\/figcaption><\/figure><figure class='gallery-item'>\n\t\t\t<div class='gallery-icon landscape'>\n\t\t\t\t<a href='https:\/\/www.arquimaster.com.ar\/web\/wp-content\/uploads\/2018\/10\/madera_extrema7.jpg' title=\"Madera Extrema (PH Tomborini \/ Beccar Varela + Werber Arquitectos \u00a9 Federico Kulekdjian)\" data-rl_title=\"Madera Extrema (PH Tomborini \/ Beccar Varela + Werber Arquitectos \u00a9 Federico Kulekdjian)\" class=\"rl-gallery-link\" data-rl_caption=\"Madera Extrema (PH Tomborini \/ Beccar Varela + Werber Arquitectos \u00a9 Federico Kulekdjian)\" data-rel=\"lightbox-gallery-1\"><img loading=\"lazy\" decoding=\"async\" width=\"150\" height=\"150\" src=\"https:\/\/www.arquimaster.com.ar\/web\/wp-content\/uploads\/2018\/10\/madera_extrema7-150x150.jpg\" class=\"attachment-thumbnail size-thumbnail\" alt=\"\" aria-describedby=\"gallery-1-33193\" srcset=\"https:\/\/www.arquimaster.com.ar\/web\/wp-content\/uploads\/2018\/10\/madera_extrema7-150x150.jpg 150w, https:\/\/www.arquimaster.com.ar\/web\/wp-content\/uploads\/2018\/10\/madera_extrema7-50x50.jpg 50w, https:\/\/www.arquimaster.com.ar\/web\/wp-content\/uploads\/2018\/10\/madera_extrema7-125x125.jpg 125w\" sizes=\"auto, (max-width: 150px) 100vw, 150px\" \/><\/a>\n\t\t\t<\/div>\n\t\t\t\t<figcaption class='wp-caption-text gallery-caption' id='gallery-1-33193'>\n\t\t\t\tMadera Extrema (PH Tomborini \/ Beccar Varela + Werber Arquitectos \u00a9 Federico Kulekdjian)\n\t\t\t\t<\/figcaption><\/figure><figure class='gallery-item'>\n\t\t\t<div class='gallery-icon landscape'>\n\t\t\t\t<a href='https:\/\/www.arquimaster.com.ar\/web\/wp-content\/uploads\/2018\/10\/madera_extrema8.jpg' title=\"Madera Extrema (Casa Col\u00f3n \/ Berson B\u00e1rbara - Estudio de Arquitectura \u00a9 Juan Pablo Di Noia)\" data-rl_title=\"Madera Extrema (Casa Col\u00f3n \/ Berson B\u00e1rbara - Estudio de Arquitectura \u00a9 Juan Pablo Di Noia)\" class=\"rl-gallery-link\" data-rl_caption=\"Madera Extrema (Casa Col\u00f3n \/ Berson B\u00e1rbara - Estudio de Arquitectura \u00a9 Juan Pablo Di Noia)\" data-rel=\"lightbox-gallery-1\"><img loading=\"lazy\" decoding=\"async\" width=\"150\" height=\"150\" src=\"https:\/\/www.arquimaster.com.ar\/web\/wp-content\/uploads\/2018\/10\/madera_extrema8-150x150.jpg\" class=\"attachment-thumbnail size-thumbnail\" alt=\"\" aria-describedby=\"gallery-1-33194\" srcset=\"https:\/\/www.arquimaster.com.ar\/web\/wp-content\/uploads\/2018\/10\/madera_extrema8-150x150.jpg 150w, https:\/\/www.arquimaster.com.ar\/web\/wp-content\/uploads\/2018\/10\/madera_extrema8-50x50.jpg 50w, https:\/\/www.arquimaster.com.ar\/web\/wp-content\/uploads\/2018\/10\/madera_extrema8-125x125.jpg 125w\" sizes=\"auto, (max-width: 150px) 100vw, 150px\" \/><\/a>\n\t\t\t<\/div>\n\t\t\t\t<figcaption class='wp-caption-text gallery-caption' id='gallery-1-33194'>\n\t\t\t\tMadera Extrema (Casa Col\u00f3n \/ Berson B\u00e1rbara &#8211; Estudio de Arquitectura \u00a9 Juan Pablo Di Noia)\n\t\t\t\t<\/figcaption><\/figure><figure class='gallery-item'>\n\t\t\t<div class='gallery-icon landscape'>\n\t\t\t\t<a href='https:\/\/www.arquimaster.com.ar\/web\/wp-content\/uploads\/2018\/10\/madera_extrema9.jpg' title=\"Madera Extrema (Casa del \u00c1rbol \/ Elisa Gerson Arquitecta \u00a9 Gustavo Sosa Pinilla)\" data-rl_title=\"Madera Extrema (Casa del \u00c1rbol \/ Elisa Gerson Arquitecta \u00a9 Gustavo Sosa Pinilla)\" class=\"rl-gallery-link\" data-rl_caption=\"Madera Extrema (Casa del \u00c1rbol \/ Elisa Gerson Arquitecta \u00a9 Gustavo Sosa Pinilla)\" data-rel=\"lightbox-gallery-1\"><img loading=\"lazy\" decoding=\"async\" width=\"150\" height=\"150\" src=\"https:\/\/www.arquimaster.com.ar\/web\/wp-content\/uploads\/2018\/10\/madera_extrema9-150x150.jpg\" class=\"attachment-thumbnail size-thumbnail\" alt=\"\" aria-describedby=\"gallery-1-33195\" srcset=\"https:\/\/www.arquimaster.com.ar\/web\/wp-content\/uploads\/2018\/10\/madera_extrema9-150x150.jpg 150w, https:\/\/www.arquimaster.com.ar\/web\/wp-content\/uploads\/2018\/10\/madera_extrema9-50x50.jpg 50w, https:\/\/www.arquimaster.com.ar\/web\/wp-content\/uploads\/2018\/10\/madera_extrema9-125x125.jpg 125w\" sizes=\"auto, (max-width: 150px) 100vw, 150px\" \/><\/a>\n\t\t\t<\/div>\n\t\t\t\t<figcaption class='wp-caption-text gallery-caption' id='gallery-1-33195'>\n\t\t\t\tMadera Extrema (Casa del \u00c1rbol \/ Elisa Gerson Arquitecta \u00a9 Gustavo Sosa Pinilla)\n\t\t\t\t<\/figcaption><\/figure><figure class='gallery-item'>\n\t\t\t<div class='gallery-icon landscape'>\n\t\t\t\t<a href='https:\/\/www.arquimaster.com.ar\/web\/wp-content\/uploads\/2018\/10\/madera_extrema10.jpg' title=\"Madera Extrema (Refugio Naturalis \/ ENNE Arquitectura \u00a9 ENNE Arquitectura)\" data-rl_title=\"Madera Extrema (Refugio Naturalis \/ ENNE Arquitectura \u00a9 ENNE Arquitectura)\" class=\"rl-gallery-link\" data-rl_caption=\"Madera Extrema (Refugio Naturalis \/ ENNE Arquitectura \u00a9 ENNE Arquitectura)\" data-rel=\"lightbox-gallery-1\"><img loading=\"lazy\" decoding=\"async\" width=\"150\" height=\"150\" src=\"https:\/\/www.arquimaster.com.ar\/web\/wp-content\/uploads\/2018\/10\/madera_extrema10-150x150.jpg\" class=\"attachment-thumbnail size-thumbnail\" alt=\"\" aria-describedby=\"gallery-1-33196\" srcset=\"https:\/\/www.arquimaster.com.ar\/web\/wp-content\/uploads\/2018\/10\/madera_extrema10-150x150.jpg 150w, https:\/\/www.arquimaster.com.ar\/web\/wp-content\/uploads\/2018\/10\/madera_extrema10-50x50.jpg 50w, https:\/\/www.arquimaster.com.ar\/web\/wp-content\/uploads\/2018\/10\/madera_extrema10-125x125.jpg 125w\" sizes=\"auto, (max-width: 150px) 100vw, 150px\" \/><\/a>\n\t\t\t<\/div>\n\t\t\t\t<figcaption class='wp-caption-text gallery-caption' id='gallery-1-33196'>\n\t\t\t\tMadera Extrema (Refugio Naturalis \/ ENNE Arquitectura \u00a9 ENNE Arquitectura)\n\t\t\t\t<\/figcaption><\/figure><figure class='gallery-item'>\n\t\t\t<div class='gallery-icon landscape'>\n\t\t\t\t<a href='https:\/\/www.arquimaster.com.ar\/web\/wp-content\/uploads\/2018\/10\/madera_extrema11.jpg' title=\"Madera Extrema (Casa CLF \/ Estudio BaBO \u00a9 Estudio BaBO)\" data-rl_title=\"Madera Extrema (Casa CLF \/ Estudio BaBO \u00a9 Estudio BaBO)\" class=\"rl-gallery-link\" data-rl_caption=\"Madera Extrema (Casa CLF \/ Estudio BaBO \u00a9 Estudio BaBO)\" data-rel=\"lightbox-gallery-1\"><img loading=\"lazy\" decoding=\"async\" width=\"150\" height=\"150\" src=\"https:\/\/www.arquimaster.com.ar\/web\/wp-content\/uploads\/2018\/10\/madera_extrema11-150x150.jpg\" class=\"attachment-thumbnail size-thumbnail\" alt=\"\" aria-describedby=\"gallery-1-33197\" srcset=\"https:\/\/www.arquimaster.com.ar\/web\/wp-content\/uploads\/2018\/10\/madera_extrema11-150x150.jpg 150w, https:\/\/www.arquimaster.com.ar\/web\/wp-content\/uploads\/2018\/10\/madera_extrema11-50x50.jpg 50w, https:\/\/www.arquimaster.com.ar\/web\/wp-content\/uploads\/2018\/10\/madera_extrema11-125x125.jpg 125w\" sizes=\"auto, (max-width: 150px) 100vw, 150px\" \/><\/a>\n\t\t\t<\/div>\n\t\t\t\t<figcaption class='wp-caption-text gallery-caption' id='gallery-1-33197'>\n\t\t\t\tMadera Extrema (Casa CLF \/ Estudio BaBO \u00a9 Estudio BaBO)\n\t\t\t\t<\/figcaption><\/figure><figure class='gallery-item'>\n\t\t\t<div class='gallery-icon landscape'>\n\t\t\t\t<a href='https:\/\/www.arquimaster.com.ar\/web\/wp-content\/uploads\/2018\/10\/madera_extrema12.jpg' title=\"Madera Extrema (Casa de Madera \/ Estudio Borrachia \u00a9 Fernando Schapochnik)\" data-rl_title=\"Madera Extrema (Casa de Madera \/ Estudio Borrachia \u00a9 Fernando Schapochnik)\" class=\"rl-gallery-link\" data-rl_caption=\"Madera Extrema (Casa de Madera \/ Estudio Borrachia \u00a9 Fernando Schapochnik)\" data-rel=\"lightbox-gallery-1\"><img loading=\"lazy\" decoding=\"async\" width=\"150\" height=\"150\" src=\"https:\/\/www.arquimaster.com.ar\/web\/wp-content\/uploads\/2018\/10\/madera_extrema12-150x150.jpg\" class=\"attachment-thumbnail size-thumbnail\" alt=\"\" aria-describedby=\"gallery-1-33198\" srcset=\"https:\/\/www.arquimaster.com.ar\/web\/wp-content\/uploads\/2018\/10\/madera_extrema12-150x150.jpg 150w, https:\/\/www.arquimaster.com.ar\/web\/wp-content\/uploads\/2018\/10\/madera_extrema12-50x50.jpg 50w, https:\/\/www.arquimaster.com.ar\/web\/wp-content\/uploads\/2018\/10\/madera_extrema12-125x125.jpg 125w\" sizes=\"auto, (max-width: 150px) 100vw, 150px\" \/><\/a>\n\t\t\t<\/div>\n\t\t\t\t<figcaption class='wp-caption-text gallery-caption' id='gallery-1-33198'>\n\t\t\t\tMadera Extrema (Casa de Madera \/ Estudio Borrachia \u00a9 Fernando Schapochnik)\n\t\t\t\t<\/figcaption><\/figure><figure class='gallery-item'>\n\t\t\t<div class='gallery-icon portrait'>\n\t\t\t\t<a href='https:\/\/www.arquimaster.com.ar\/web\/wp-content\/uploads\/2018\/10\/madera_extrema13.jpg' title=\"Madera Extrema (Maure I y II \/ Estudio del Puerto - Sardin + Diego Col\u00f3n Arquitecto \u00a9 Albano Garc\u00eda)\" data-rl_title=\"Madera Extrema (Maure I y II \/ Estudio del Puerto - Sardin + Diego Col\u00f3n Arquitecto \u00a9 Albano Garc\u00eda)\" class=\"rl-gallery-link\" data-rl_caption=\"Madera Extrema (Maure I y II \/ Estudio del Puerto - Sardin + Diego Col\u00f3n Arquitecto \u00a9 Albano Garc\u00eda)\" data-rel=\"lightbox-gallery-1\"><img loading=\"lazy\" decoding=\"async\" width=\"150\" height=\"150\" src=\"https:\/\/www.arquimaster.com.ar\/web\/wp-content\/uploads\/2018\/10\/madera_extrema13-150x150.jpg\" class=\"attachment-thumbnail size-thumbnail\" alt=\"\" aria-describedby=\"gallery-1-33199\" srcset=\"https:\/\/www.arquimaster.com.ar\/web\/wp-content\/uploads\/2018\/10\/madera_extrema13-150x150.jpg 150w, https:\/\/www.arquimaster.com.ar\/web\/wp-content\/uploads\/2018\/10\/madera_extrema13-50x50.jpg 50w, https:\/\/www.arquimaster.com.ar\/web\/wp-content\/uploads\/2018\/10\/madera_extrema13-125x125.jpg 125w\" sizes=\"auto, (max-width: 150px) 100vw, 150px\" \/><\/a>\n\t\t\t<\/div>\n\t\t\t\t<figcaption class='wp-caption-text gallery-caption' id='gallery-1-33199'>\n\t\t\t\tMadera Extrema (Maure I y II \/ Estudio del Puerto &#8211; Sardin + Diego Col\u00f3n Arquitecto \u00a9 Albano Garc\u00eda)\n\t\t\t\t<\/figcaption><\/figure><figure class='gallery-item'>\n\t\t\t<div class='gallery-icon landscape'>\n\t\t\t\t<a href='https:\/\/www.arquimaster.com.ar\/web\/wp-content\/uploads\/2018\/10\/madera_extrema14.jpg' title=\"Madera Extrema (Andina Patag\u00f3nica #1 \/ Estudio Forma \u00a9 Estudio Forma)\" data-rl_title=\"Madera Extrema (Andina Patag\u00f3nica #1 \/ Estudio Forma \u00a9 Estudio Forma)\" class=\"rl-gallery-link\" data-rl_caption=\"Madera Extrema (Andina Patag\u00f3nica #1 \/ Estudio Forma \u00a9 Estudio Forma)\" data-rel=\"lightbox-gallery-1\"><img loading=\"lazy\" decoding=\"async\" width=\"150\" height=\"150\" src=\"https:\/\/www.arquimaster.com.ar\/web\/wp-content\/uploads\/2018\/10\/madera_extrema14-150x150.jpg\" class=\"attachment-thumbnail size-thumbnail\" alt=\"\" aria-describedby=\"gallery-1-33200\" srcset=\"https:\/\/www.arquimaster.com.ar\/web\/wp-content\/uploads\/2018\/10\/madera_extrema14-150x150.jpg 150w, https:\/\/www.arquimaster.com.ar\/web\/wp-content\/uploads\/2018\/10\/madera_extrema14-50x50.jpg 50w, https:\/\/www.arquimaster.com.ar\/web\/wp-content\/uploads\/2018\/10\/madera_extrema14-125x125.jpg 125w\" sizes=\"auto, (max-width: 150px) 100vw, 150px\" \/><\/a>\n\t\t\t<\/div>\n\t\t\t\t<figcaption class='wp-caption-text gallery-caption' id='gallery-1-33200'>\n\t\t\t\tMadera Extrema (Andina Patag\u00f3nica #1 \/ Estudio Forma \u00a9 Estudio Forma)\n\t\t\t\t<\/figcaption><\/figure><figure class='gallery-item'>\n\t\t\t<div class='gallery-icon landscape'>\n\t\t\t\t<a href='https:\/\/www.arquimaster.com.ar\/web\/wp-content\/uploads\/2018\/10\/madera_extrema15.jpg' title=\"Madera Extrema (Casa Laguna el Rosario \/ Estudio Frias Arquitectos + Tomchinsky Arquitectos \u00a9 Santiago Fr\u00edas)\" data-rl_title=\"Madera Extrema (Casa Laguna el Rosario \/ Estudio Frias Arquitectos + Tomchinsky Arquitectos \u00a9 Santiago Fr\u00edas)\" class=\"rl-gallery-link\" data-rl_caption=\"Madera Extrema (Casa Laguna el Rosario \/ Estudio Frias Arquitectos + Tomchinsky Arquitectos \u00a9 Santiago Fr\u00edas)\" data-rel=\"lightbox-gallery-1\"><img loading=\"lazy\" decoding=\"async\" width=\"150\" height=\"150\" src=\"https:\/\/www.arquimaster.com.ar\/web\/wp-content\/uploads\/2018\/10\/madera_extrema15-150x150.jpg\" class=\"attachment-thumbnail size-thumbnail\" alt=\"\" aria-describedby=\"gallery-1-33201\" srcset=\"https:\/\/www.arquimaster.com.ar\/web\/wp-content\/uploads\/2018\/10\/madera_extrema15-150x150.jpg 150w, https:\/\/www.arquimaster.com.ar\/web\/wp-content\/uploads\/2018\/10\/madera_extrema15-50x50.jpg 50w, https:\/\/www.arquimaster.com.ar\/web\/wp-content\/uploads\/2018\/10\/madera_extrema15-125x125.jpg 125w\" sizes=\"auto, (max-width: 150px) 100vw, 150px\" \/><\/a>\n\t\t\t<\/div>\n\t\t\t\t<figcaption class='wp-caption-text gallery-caption' id='gallery-1-33201'>\n\t\t\t\tMadera Extrema (Casa Laguna el Rosario \/ Estudio Frias Arquitectos + Tomchinsky Arquitectos \u00a9 Santiago Fr\u00edas)\n\t\t\t\t<\/figcaption><\/figure><figure class='gallery-item'>\n\t\t\t<div class='gallery-icon landscape'>\n\t\t\t\t<a href='https:\/\/www.arquimaster.com.ar\/web\/wp-content\/uploads\/2018\/10\/madera_extrema16.jpg' title=\"Madera Extrema (Hostel Calafate \/ Estudio Hauser \u00a9 Albano Garc\u00eda)\" data-rl_title=\"Madera Extrema (Hostel Calafate \/ Estudio Hauser \u00a9 Albano Garc\u00eda)\" class=\"rl-gallery-link\" data-rl_caption=\"Madera Extrema (Hostel Calafate \/ Estudio Hauser \u00a9 Albano Garc\u00eda)\" data-rel=\"lightbox-gallery-1\"><img loading=\"lazy\" decoding=\"async\" width=\"150\" height=\"150\" src=\"https:\/\/www.arquimaster.com.ar\/web\/wp-content\/uploads\/2018\/10\/madera_extrema16-150x150.jpg\" class=\"attachment-thumbnail size-thumbnail\" alt=\"\" aria-describedby=\"gallery-1-33202\" srcset=\"https:\/\/www.arquimaster.com.ar\/web\/wp-content\/uploads\/2018\/10\/madera_extrema16-150x150.jpg 150w, https:\/\/www.arquimaster.com.ar\/web\/wp-content\/uploads\/2018\/10\/madera_extrema16-50x50.jpg 50w, https:\/\/www.arquimaster.com.ar\/web\/wp-content\/uploads\/2018\/10\/madera_extrema16-125x125.jpg 125w\" sizes=\"auto, (max-width: 150px) 100vw, 150px\" \/><\/a>\n\t\t\t<\/div>\n\t\t\t\t<figcaption class='wp-caption-text gallery-caption' id='gallery-1-33202'>\n\t\t\t\tMadera Extrema (Hostel Calafate \/ Estudio Hauser \u00a9 Albano Garc\u00eda)\n\t\t\t\t<\/figcaption><\/figure><figure class='gallery-item'>\n\t\t\t<div class='gallery-icon landscape'>\n\t\t\t\t<a href='https:\/\/www.arquimaster.com.ar\/web\/wp-content\/uploads\/2018\/10\/madera_extrema17.jpg' title=\"Madera Extrema (Monte Tejeda \/ Estudio Montevideo + Pablo Dellatorre \u00a9 Gonzalo Viramonte)\" data-rl_title=\"Madera Extrema (Monte Tejeda \/ Estudio Montevideo + Pablo Dellatorre \u00a9 Gonzalo Viramonte)\" class=\"rl-gallery-link\" data-rl_caption=\"Madera Extrema (Monte Tejeda \/ Estudio Montevideo + Pablo Dellatorre \u00a9 Gonzalo Viramonte)\" data-rel=\"lightbox-gallery-1\"><img loading=\"lazy\" decoding=\"async\" width=\"150\" height=\"150\" src=\"https:\/\/www.arquimaster.com.ar\/web\/wp-content\/uploads\/2018\/10\/madera_extrema17-150x150.jpg\" class=\"attachment-thumbnail size-thumbnail\" alt=\"\" aria-describedby=\"gallery-1-33203\" srcset=\"https:\/\/www.arquimaster.com.ar\/web\/wp-content\/uploads\/2018\/10\/madera_extrema17-150x150.jpg 150w, https:\/\/www.arquimaster.com.ar\/web\/wp-content\/uploads\/2018\/10\/madera_extrema17-50x50.jpg 50w, https:\/\/www.arquimaster.com.ar\/web\/wp-content\/uploads\/2018\/10\/madera_extrema17-125x125.jpg 125w\" sizes=\"auto, (max-width: 150px) 100vw, 150px\" \/><\/a>\n\t\t\t<\/div>\n\t\t\t\t<figcaption class='wp-caption-text gallery-caption' id='gallery-1-33203'>\n\t\t\t\tMadera Extrema (Monte Tejeda \/ Estudio Montevideo + Pablo Dellatorre \u00a9 Gonzalo Viramonte)\n\t\t\t\t<\/figcaption><\/figure><figure class='gallery-item'>\n\t\t\t<div class='gallery-icon landscape'>\n\t\t\t\t<a href='https:\/\/www.arquimaster.com.ar\/web\/wp-content\/uploads\/2018\/10\/madera_extrema18.jpg' title=\"Madera Extrema (Casa en Bariloche \/ Estudio Ramos \u00a9 Eduardo Torres y Ignacio Ramos)\" data-rl_title=\"Madera Extrema (Casa en Bariloche \/ Estudio Ramos \u00a9 Eduardo Torres y Ignacio Ramos)\" class=\"rl-gallery-link\" data-rl_caption=\"Madera Extrema (Casa en Bariloche \/ Estudio Ramos \u00a9 Eduardo Torres y Ignacio Ramos)\" data-rel=\"lightbox-gallery-1\"><img loading=\"lazy\" decoding=\"async\" width=\"150\" height=\"150\" src=\"https:\/\/www.arquimaster.com.ar\/web\/wp-content\/uploads\/2018\/10\/madera_extrema18-150x150.jpg\" class=\"attachment-thumbnail size-thumbnail\" alt=\"\" aria-describedby=\"gallery-1-33204\" srcset=\"https:\/\/www.arquimaster.com.ar\/web\/wp-content\/uploads\/2018\/10\/madera_extrema18-150x150.jpg 150w, https:\/\/www.arquimaster.com.ar\/web\/wp-content\/uploads\/2018\/10\/madera_extrema18-50x50.jpg 50w, https:\/\/www.arquimaster.com.ar\/web\/wp-content\/uploads\/2018\/10\/madera_extrema18-125x125.jpg 125w\" sizes=\"auto, (max-width: 150px) 100vw, 150px\" \/><\/a>\n\t\t\t<\/div>\n\t\t\t\t<figcaption class='wp-caption-text gallery-caption' id='gallery-1-33204'>\n\t\t\t\tMadera Extrema (Casa en Bariloche \/ Estudio Ramos \u00a9 Eduardo Torres y Ignacio Ramos)\n\t\t\t\t<\/figcaption><\/figure><figure class='gallery-item'>\n\t\t\t<div class='gallery-icon landscape'>\n\t\t\t\t<a href='https:\/\/www.arquimaster.com.ar\/web\/wp-content\/uploads\/2018\/10\/madera_extrema19.jpg' title=\"Madera Extrema (Quincho los Gauchos \/ Francisco Cadau Arquitecto \u00a9 Francisco Cadau)\" data-rl_title=\"Madera Extrema (Quincho los Gauchos \/ Francisco Cadau Arquitecto \u00a9 Francisco Cadau)\" class=\"rl-gallery-link\" data-rl_caption=\"Madera Extrema (Quincho los Gauchos \/ Francisco Cadau Arquitecto \u00a9 Francisco Cadau)\" data-rel=\"lightbox-gallery-1\"><img loading=\"lazy\" decoding=\"async\" width=\"150\" height=\"150\" src=\"https:\/\/www.arquimaster.com.ar\/web\/wp-content\/uploads\/2018\/10\/madera_extrema19-150x150.jpg\" class=\"attachment-thumbnail size-thumbnail\" alt=\"\" aria-describedby=\"gallery-1-33205\" srcset=\"https:\/\/www.arquimaster.com.ar\/web\/wp-content\/uploads\/2018\/10\/madera_extrema19-150x150.jpg 150w, https:\/\/www.arquimaster.com.ar\/web\/wp-content\/uploads\/2018\/10\/madera_extrema19-50x50.jpg 50w, https:\/\/www.arquimaster.com.ar\/web\/wp-content\/uploads\/2018\/10\/madera_extrema19-125x125.jpg 125w\" sizes=\"auto, (max-width: 150px) 100vw, 150px\" \/><\/a>\n\t\t\t<\/div>\n\t\t\t\t<figcaption class='wp-caption-text gallery-caption' id='gallery-1-33205'>\n\t\t\t\tMadera Extrema (Quincho los Gauchos \/ Francisco Cadau Arquitecto \u00a9 Francisco Cadau)\n\t\t\t\t<\/figcaption><\/figure><figure class='gallery-item'>\n\t\t\t<div class='gallery-icon landscape'>\n\t\t\t\t<a href='https:\/\/www.arquimaster.com.ar\/web\/wp-content\/uploads\/2018\/10\/madera_extrema20.jpg' title=\"Madera Extrema (Casa Viento \/ G2 Estudio \u00a9 Laila Sartoni)\" data-rl_title=\"Madera Extrema (Casa Viento \/ G2 Estudio \u00a9 Laila Sartoni)\" class=\"rl-gallery-link\" data-rl_caption=\"Madera Extrema (Casa Viento \/ G2 Estudio \u00a9 Laila Sartoni)\" data-rel=\"lightbox-gallery-1\"><img loading=\"lazy\" decoding=\"async\" width=\"150\" height=\"150\" src=\"https:\/\/www.arquimaster.com.ar\/web\/wp-content\/uploads\/2018\/10\/madera_extrema20-150x150.jpg\" class=\"attachment-thumbnail size-thumbnail\" alt=\"\" aria-describedby=\"gallery-1-33206\" srcset=\"https:\/\/www.arquimaster.com.ar\/web\/wp-content\/uploads\/2018\/10\/madera_extrema20-150x150.jpg 150w, https:\/\/www.arquimaster.com.ar\/web\/wp-content\/uploads\/2018\/10\/madera_extrema20-50x50.jpg 50w, https:\/\/www.arquimaster.com.ar\/web\/wp-content\/uploads\/2018\/10\/madera_extrema20-125x125.jpg 125w\" sizes=\"auto, (max-width: 150px) 100vw, 150px\" \/><\/a>\n\t\t\t<\/div>\n\t\t\t\t<figcaption class='wp-caption-text gallery-caption' id='gallery-1-33206'>\n\t\t\t\tMadera Extrema (Casa Viento \/ G2 Estudio \u00a9 Laila Sartoni)\n\t\t\t\t<\/figcaption><\/figure><figure class='gallery-item'>\n\t\t\t<div class='gallery-icon landscape'>\n\t\t\t\t<a href='https:\/\/www.arquimaster.com.ar\/web\/wp-content\/uploads\/2018\/10\/madera_extrema21.jpg' title=\"Madera Extrema (Casa Finca Cuyaya II \/ Horizontal Arquitectos \u00a9 Horizontal Arquitectos)\" data-rl_title=\"Madera Extrema (Casa Finca Cuyaya II \/ Horizontal Arquitectos \u00a9 Horizontal Arquitectos)\" class=\"rl-gallery-link\" data-rl_caption=\"Madera Extrema (Casa Finca Cuyaya II \/ Horizontal Arquitectos \u00a9 Horizontal Arquitectos)\" data-rel=\"lightbox-gallery-1\"><img loading=\"lazy\" decoding=\"async\" width=\"150\" height=\"150\" src=\"https:\/\/www.arquimaster.com.ar\/web\/wp-content\/uploads\/2018\/10\/madera_extrema21-150x150.jpg\" class=\"attachment-thumbnail size-thumbnail\" alt=\"\" aria-describedby=\"gallery-1-33207\" srcset=\"https:\/\/www.arquimaster.com.ar\/web\/wp-content\/uploads\/2018\/10\/madera_extrema21-150x150.jpg 150w, https:\/\/www.arquimaster.com.ar\/web\/wp-content\/uploads\/2018\/10\/madera_extrema21-50x50.jpg 50w, https:\/\/www.arquimaster.com.ar\/web\/wp-content\/uploads\/2018\/10\/madera_extrema21-125x125.jpg 125w\" sizes=\"auto, (max-width: 150px) 100vw, 150px\" \/><\/a>\n\t\t\t<\/div>\n\t\t\t\t<figcaption class='wp-caption-text gallery-caption' id='gallery-1-33207'>\n\t\t\t\tMadera Extrema (Casa Finca Cuyaya II \/ Horizontal Arquitectos \u00a9 Horizontal Arquitectos)\n\t\t\t\t<\/figcaption><\/figure><figure class='gallery-item'>\n\t\t\t<div class='gallery-icon portrait'>\n\t\t\t\t<a href='https:\/\/www.arquimaster.com.ar\/web\/wp-content\/uploads\/2018\/10\/madera_extrema22.jpg' title=\"Madera Extrema (Casa AA \/ iR Arquitectura \u00a9 Federico Cairoli)\" data-rl_title=\"Madera Extrema (Casa AA \/ iR Arquitectura \u00a9 Federico Cairoli)\" class=\"rl-gallery-link\" data-rl_caption=\"Madera Extrema (Casa AA \/ iR Arquitectura \u00a9 Federico Cairoli)\" data-rel=\"lightbox-gallery-1\"><img loading=\"lazy\" decoding=\"async\" width=\"150\" height=\"150\" src=\"https:\/\/www.arquimaster.com.ar\/web\/wp-content\/uploads\/2018\/10\/madera_extrema22-150x150.jpg\" class=\"attachment-thumbnail size-thumbnail\" alt=\"\" aria-describedby=\"gallery-1-33208\" srcset=\"https:\/\/www.arquimaster.com.ar\/web\/wp-content\/uploads\/2018\/10\/madera_extrema22-150x150.jpg 150w, https:\/\/www.arquimaster.com.ar\/web\/wp-content\/uploads\/2018\/10\/madera_extrema22-50x50.jpg 50w, https:\/\/www.arquimaster.com.ar\/web\/wp-content\/uploads\/2018\/10\/madera_extrema22-125x125.jpg 125w\" sizes=\"auto, (max-width: 150px) 100vw, 150px\" \/><\/a>\n\t\t\t<\/div>\n\t\t\t\t<figcaption class='wp-caption-text gallery-caption' id='gallery-1-33208'>\n\t\t\t\tMadera Extrema (Casa AA \/ iR Arquitectura \u00a9 Federico Cairoli)\n\t\t\t\t<\/figcaption><\/figure><figure class='gallery-item'>\n\t\t\t<div class='gallery-icon landscape'>\n\t\t\t\t<a href='https:\/\/www.arquimaster.com.ar\/web\/wp-content\/uploads\/2018\/10\/madera_extrema23.jpg' title=\"Madera Extrema (Casa FRO \/ Jens Wolter Arquitecto \u00a9 Gustavo Sosa Pinilla)\" data-rl_title=\"Madera Extrema (Casa FRO \/ Jens Wolter Arquitecto \u00a9 Gustavo Sosa Pinilla)\" class=\"rl-gallery-link\" data-rl_caption=\"Madera Extrema (Casa FRO \/ Jens Wolter Arquitecto \u00a9 Gustavo Sosa Pinilla)\" data-rel=\"lightbox-gallery-1\"><img loading=\"lazy\" decoding=\"async\" width=\"150\" height=\"150\" src=\"https:\/\/www.arquimaster.com.ar\/web\/wp-content\/uploads\/2018\/10\/madera_extrema23-150x150.jpg\" class=\"attachment-thumbnail size-thumbnail\" alt=\"\" aria-describedby=\"gallery-1-33209\" srcset=\"https:\/\/www.arquimaster.com.ar\/web\/wp-content\/uploads\/2018\/10\/madera_extrema23-150x150.jpg 150w, https:\/\/www.arquimaster.com.ar\/web\/wp-content\/uploads\/2018\/10\/madera_extrema23-50x50.jpg 50w, https:\/\/www.arquimaster.com.ar\/web\/wp-content\/uploads\/2018\/10\/madera_extrema23-125x125.jpg 125w\" sizes=\"auto, (max-width: 150px) 100vw, 150px\" \/><\/a>\n\t\t\t<\/div>\n\t\t\t\t<figcaption class='wp-caption-text gallery-caption' id='gallery-1-33209'>\n\t\t\t\tMadera Extrema (Casa FRO \/ Jens Wolter Arquitecto \u00a9 Gustavo Sosa Pinilla)\n\t\t\t\t<\/figcaption><\/figure><figure class='gallery-item'>\n\t\t\t<div class='gallery-icon landscape'>\n\t\t\t\t<a href='https:\/\/www.arquimaster.com.ar\/web\/wp-content\/uploads\/2018\/10\/madera_extrema24.jpg' title=\"Madera Extrema (Casa MR \/ Luciano Kruk Arquitectos \u00a9 Daniela Mac Adden)\" data-rl_title=\"Madera Extrema (Casa MR \/ Luciano Kruk Arquitectos \u00a9 Daniela Mac Adden)\" class=\"rl-gallery-link\" data-rl_caption=\"Madera Extrema (Casa MR \/ Luciano Kruk Arquitectos \u00a9 Daniela Mac Adden)\" data-rel=\"lightbox-gallery-1\"><img loading=\"lazy\" decoding=\"async\" width=\"150\" height=\"150\" src=\"https:\/\/www.arquimaster.com.ar\/web\/wp-content\/uploads\/2018\/10\/madera_extrema24-150x150.jpg\" class=\"attachment-thumbnail size-thumbnail\" alt=\"\" aria-describedby=\"gallery-1-33210\" srcset=\"https:\/\/www.arquimaster.com.ar\/web\/wp-content\/uploads\/2018\/10\/madera_extrema24-150x150.jpg 150w, https:\/\/www.arquimaster.com.ar\/web\/wp-content\/uploads\/2018\/10\/madera_extrema24-50x50.jpg 50w, https:\/\/www.arquimaster.com.ar\/web\/wp-content\/uploads\/2018\/10\/madera_extrema24-125x125.jpg 125w\" sizes=\"auto, (max-width: 150px) 100vw, 150px\" \/><\/a>\n\t\t\t<\/div>\n\t\t\t\t<figcaption class='wp-caption-text gallery-caption' id='gallery-1-33210'>\n\t\t\t\tMadera Extrema (Casa MR \/ Luciano Kruk Arquitectos \u00a9 Daniela Mac Adden)\n\t\t\t\t<\/figcaption><\/figure><figure class='gallery-item'>\n\t\t\t<div class='gallery-icon portrait'>\n\t\t\t\t<a href='https:\/\/www.arquimaster.com.ar\/web\/wp-content\/uploads\/2018\/10\/madera_extrema25.jpg' title=\"Madera Extrema (Casa Morcos \/ Mart\u00edn Germ\u00e1n Bormann Arquitecto \u00a9 Mat\u00edas Rodr\u00edguez)\" data-rl_title=\"Madera Extrema (Casa Morcos \/ Mart\u00edn Germ\u00e1n Bormann Arquitecto \u00a9 Mat\u00edas Rodr\u00edguez)\" class=\"rl-gallery-link\" data-rl_caption=\"Madera Extrema (Casa Morcos \/ Mart\u00edn Germ\u00e1n Bormann Arquitecto \u00a9 Mat\u00edas Rodr\u00edguez)\" data-rel=\"lightbox-gallery-1\"><img loading=\"lazy\" decoding=\"async\" width=\"150\" height=\"150\" src=\"https:\/\/www.arquimaster.com.ar\/web\/wp-content\/uploads\/2018\/10\/madera_extrema25-150x150.jpg\" class=\"attachment-thumbnail size-thumbnail\" alt=\"\" aria-describedby=\"gallery-1-33211\" srcset=\"https:\/\/www.arquimaster.com.ar\/web\/wp-content\/uploads\/2018\/10\/madera_extrema25-150x150.jpg 150w, https:\/\/www.arquimaster.com.ar\/web\/wp-content\/uploads\/2018\/10\/madera_extrema25-50x50.jpg 50w, https:\/\/www.arquimaster.com.ar\/web\/wp-content\/uploads\/2018\/10\/madera_extrema25-125x125.jpg 125w\" sizes=\"auto, (max-width: 150px) 100vw, 150px\" \/><\/a>\n\t\t\t<\/div>\n\t\t\t\t<figcaption class='wp-caption-text gallery-caption' id='gallery-1-33211'>\n\t\t\t\tMadera Extrema (Casa Morcos \/ Mart\u00edn Germ\u00e1n Bormann Arquitecto \u00a9 Mat\u00edas Rodr\u00edguez)\n\t\t\t\t<\/figcaption><\/figure><figure class='gallery-item'>\n\t\t\t<div class='gallery-icon landscape'>\n\t\t\t\t<a href='https:\/\/www.arquimaster.com.ar\/web\/wp-content\/uploads\/2018\/10\/madera_extrema26.jpg' title=\"Madera Extrema (Club House del Golf \/ Morini Arquitectos \u00a9 Gonzalo Viramonte)\" data-rl_title=\"Madera Extrema (Club House del Golf \/ Morini Arquitectos \u00a9 Gonzalo Viramonte)\" class=\"rl-gallery-link\" data-rl_caption=\"Madera Extrema (Club House del Golf \/ Morini Arquitectos \u00a9 Gonzalo Viramonte)\" data-rel=\"lightbox-gallery-1\"><img loading=\"lazy\" decoding=\"async\" width=\"150\" height=\"150\" src=\"https:\/\/www.arquimaster.com.ar\/web\/wp-content\/uploads\/2018\/10\/madera_extrema26-150x150.jpg\" class=\"attachment-thumbnail size-thumbnail\" alt=\"\" aria-describedby=\"gallery-1-33212\" srcset=\"https:\/\/www.arquimaster.com.ar\/web\/wp-content\/uploads\/2018\/10\/madera_extrema26-150x150.jpg 150w, https:\/\/www.arquimaster.com.ar\/web\/wp-content\/uploads\/2018\/10\/madera_extrema26-50x50.jpg 50w, https:\/\/www.arquimaster.com.ar\/web\/wp-content\/uploads\/2018\/10\/madera_extrema26-125x125.jpg 125w\" sizes=\"auto, (max-width: 150px) 100vw, 150px\" \/><\/a>\n\t\t\t<\/div>\n\t\t\t\t<figcaption class='wp-caption-text gallery-caption' id='gallery-1-33212'>\n\t\t\t\tMadera Extrema (Club House del Golf \/ Morini Arquitectos \u00a9 Gonzalo Viramonte)\n\t\t\t\t<\/figcaption><\/figure><figure class='gallery-item'>\n\t\t\t<div class='gallery-icon landscape'>\n\t\t\t\t<a href='https:\/\/www.arquimaster.com.ar\/web\/wp-content\/uploads\/2018\/10\/madera_extrema27.jpg' title=\"Madera Extrema (Escuela N\u00ba 892 San Juan Bosco \/ Pablo Lavaselli Arquitecto \u00a9 Pablo Lavaselli)\" data-rl_title=\"Madera Extrema (Escuela N\u00ba 892 San Juan Bosco \/ Pablo Lavaselli Arquitecto \u00a9 Pablo Lavaselli)\" class=\"rl-gallery-link\" data-rl_caption=\"Madera Extrema (Escuela N\u00ba 892 San Juan Bosco \/ Pablo Lavaselli Arquitecto \u00a9 Pablo Lavaselli)\" data-rel=\"lightbox-gallery-1\"><img loading=\"lazy\" decoding=\"async\" width=\"150\" height=\"150\" src=\"https:\/\/www.arquimaster.com.ar\/web\/wp-content\/uploads\/2018\/10\/madera_extrema27-150x150.jpg\" class=\"attachment-thumbnail size-thumbnail\" alt=\"\" aria-describedby=\"gallery-1-33213\" srcset=\"https:\/\/www.arquimaster.com.ar\/web\/wp-content\/uploads\/2018\/10\/madera_extrema27-150x150.jpg 150w, https:\/\/www.arquimaster.com.ar\/web\/wp-content\/uploads\/2018\/10\/madera_extrema27-50x50.jpg 50w, https:\/\/www.arquimaster.com.ar\/web\/wp-content\/uploads\/2018\/10\/madera_extrema27-125x125.jpg 125w\" sizes=\"auto, (max-width: 150px) 100vw, 150px\" \/><\/a>\n\t\t\t<\/div>\n\t\t\t\t<figcaption class='wp-caption-text gallery-caption' id='gallery-1-33213'>\n\t\t\t\tMadera Extrema (Escuela N\u00ba 892 San Juan Bosco \/ Pablo Lavaselli Arquitecto \u00a9 Pablo Lavaselli)\n\t\t\t\t<\/figcaption><\/figure><figure class='gallery-item'>\n\t\t\t<div class='gallery-icon landscape'>\n\t\t\t\t<a href='https:\/\/www.arquimaster.com.ar\/web\/wp-content\/uploads\/2018\/10\/madera_extrema28.jpg' title=\"Madera Extrema (Biblioteca Leo Falicov \/ Pablo Vidal Hahn Arquitecto \u00a9 Albano Garc\u00eda)\" data-rl_title=\"Madera Extrema (Biblioteca Leo Falicov \/ Pablo Vidal Hahn Arquitecto \u00a9 Albano Garc\u00eda)\" class=\"rl-gallery-link\" data-rl_caption=\"Madera Extrema (Biblioteca Leo Falicov \/ Pablo Vidal Hahn Arquitecto \u00a9 Albano Garc\u00eda)\" data-rel=\"lightbox-gallery-1\"><img loading=\"lazy\" decoding=\"async\" width=\"150\" height=\"150\" src=\"https:\/\/www.arquimaster.com.ar\/web\/wp-content\/uploads\/2018\/10\/madera_extrema28-150x150.jpg\" class=\"attachment-thumbnail size-thumbnail\" alt=\"\" aria-describedby=\"gallery-1-33214\" srcset=\"https:\/\/www.arquimaster.com.ar\/web\/wp-content\/uploads\/2018\/10\/madera_extrema28-150x150.jpg 150w, https:\/\/www.arquimaster.com.ar\/web\/wp-content\/uploads\/2018\/10\/madera_extrema28-50x50.jpg 50w, https:\/\/www.arquimaster.com.ar\/web\/wp-content\/uploads\/2018\/10\/madera_extrema28-125x125.jpg 125w\" sizes=\"auto, (max-width: 150px) 100vw, 150px\" \/><\/a>\n\t\t\t<\/div>\n\t\t\t\t<figcaption class='wp-caption-text gallery-caption' id='gallery-1-33214'>\n\t\t\t\tMadera Extrema (Biblioteca Leo Falicov \/ Pablo Vidal Hahn Arquitecto \u00a9 Albano Garc\u00eda)\n\t\t\t\t<\/figcaption><\/figure><figure class='gallery-item'>\n\t\t\t<div class='gallery-icon portrait'>\n\t\t\t\t<a href='https:\/\/www.arquimaster.com.ar\/web\/wp-content\/uploads\/2018\/10\/madera_extrema29-1.jpg' title=\"Madera Extrema (Plenilunio Apart Hotel \/ Szuldman Zambonini Arquitectos \u00a9 Gustavo Sosa Pinilla)\" data-rl_title=\"Madera Extrema (Plenilunio Apart Hotel \/ Szuldman Zambonini Arquitectos \u00a9 Gustavo Sosa Pinilla)\" class=\"rl-gallery-link\" data-rl_caption=\"Madera Extrema (Plenilunio Apart Hotel \/ Szuldman Zambonini Arquitectos \u00a9 Gustavo Sosa Pinilla)\" data-rel=\"lightbox-gallery-1\"><img loading=\"lazy\" decoding=\"async\" width=\"150\" height=\"150\" src=\"https:\/\/www.arquimaster.com.ar\/web\/wp-content\/uploads\/2018\/10\/madera_extrema29-1-150x150.jpg\" class=\"attachment-thumbnail size-thumbnail\" alt=\"\" aria-describedby=\"gallery-1-33217\" srcset=\"https:\/\/www.arquimaster.com.ar\/web\/wp-content\/uploads\/2018\/10\/madera_extrema29-1-150x150.jpg 150w, https:\/\/www.arquimaster.com.ar\/web\/wp-content\/uploads\/2018\/10\/madera_extrema29-1-50x50.jpg 50w, https:\/\/www.arquimaster.com.ar\/web\/wp-content\/uploads\/2018\/10\/madera_extrema29-1-125x125.jpg 125w\" sizes=\"auto, (max-width: 150px) 100vw, 150px\" \/><\/a>\n\t\t\t<\/div>\n\t\t\t\t<figcaption class='wp-caption-text gallery-caption' id='gallery-1-33217'>\n\t\t\t\tMadera Extrema (Plenilunio Apart Hotel \/ Szuldman Zambonini Arquitectos \u00a9 Gustavo Sosa Pinilla)\n\t\t\t\t<\/figcaption><\/figure>\n\t\t<\/div>\n\n<p>Los estudios de arquitectura que se sumaron a este proyecto son:<\/p>\n<p>Abelleyro Coles Mirengo Arquitectos<br \/>\nAgust\u00edn Berzero y Valeria Jaros Arquitectos<br \/>\nAlarcia Ferrer Arquitectos<br \/>\nAlric Galindez Arquitectos<br \/>\nAToT Arquitectos Todo Terreno<br \/>\nBeccar Varela + Werber Arquitectos<br \/>\nBerson B\u00e1rbara \/ Estudio de Arquitectura<br \/>\nBesonias Almeida Arquitectos<br \/>\nElisa Gerson Arquitecta<br \/>\nENNE Arquitectura<br \/>\nEstudio BaBO<br \/>\nEstudio Borrachia<br \/>\nEstudio Cella Arquitectos<br \/>\nEstudio del Puerto &#8211; Sardin + Diego Col\u00f3n Arquitecto<br \/>\nEstudio Forma<br \/>\nEstudio Fr\u00edas Arquitectos + Tomchinsky Arquitectos<br \/>\nEstudio HAUSER<br \/>\nEstudio Montevideo + Pablo Dellatorre<br \/>\nEstudio Plural<br \/>\nEstudio Ramos<br \/>\nFernando Robles \/\/ RBL Arquitectos<br \/>\nFrancisco Cadau Oficina de Arquitectura<br \/>\nHorizontal Arquitectos<br \/>\niR Arquitectura<br \/>\nJens Wolter Arquitecto<br \/>\nLuciano Kruk Arquitectos<br \/>\nMart\u00edn Bormann Arquitecto<br \/>\nMorini Arquitectos<br \/>\nPablo Lavaselli Arquitecto<br \/>\nPablo Vidal Hahn Arquitecto<br \/>\nSzuldman Zambonnini Arquitectos<\/p>\n<p>Cada una de las obras exhibe desde una mirada ilustrativa y junto a las memorias que explican el motivo de la construcci\u00f3n, el porqu\u00e9 de la elecci\u00f3n del material, el tipo de madera, adem\u00e1s de las caracter\u00edsticas y particularidades de cada obra.<\/p>\n<p>Todos los participantes de <strong>Madera Extrema<\/strong> destacan que, el material permite construcciones c\u00e1lidas, enfocadas en una relaci\u00f3n sim\u00e9trica con el entorno, en base a sistemas de origen aut\u00f3ctono, con materiales de f\u00e1cil manipulaci\u00f3n, existentes en todo el territorio nacional y adaptable a diferentes geograf\u00edas y condiciones clim\u00e1ticas.<\/p>\n<p><em>\u00abMadera Extrema pone en relieve la magn\u00edfica producci\u00f3n que se viene llevando en todas las geograf\u00edas de nuestro pa\u00eds, a partir de una tradici\u00f3n milenaria y una evoluci\u00f3n constante; por esto deb\u00edamos permitirnos mostrar esa arquitectura suprema, enaltecer cada obra y as\u00ed lograr el primer proyecto de arquitectura contempor\u00e1nea en madera\u00bb<\/em> declar\u00f3 Cecilia Ferrario, Gerente Regional de Am\u00e9rica del Sur para Woodcare \/ Cetol &#8211; AkzoNobel.<\/p>\n<p>La vocaci\u00f3n de esta publicaci\u00f3n busca destacar el car\u00e1cter extremo de la madera: ese amplio arco de respuestas y posibilidades que brinda un material que, por su historia, naturaleza y tradici\u00f3n, garantiza soluciones actuales y tecnolog\u00edas futuras.<\/p>\n<p><strong>Acerca de Cetol<\/strong><br \/>\nCetol es la marca l\u00edder en el cuidado y protecci\u00f3n de la madera del grupo AkzoNobel. Desde hace m\u00e1s de 25 a\u00f1os provee soluciones a consumidores ubicados en todo el pa\u00eds. Con un amplio portfolio de productos, es la \u00fanica marca que cuenta con una l\u00ednea amigable con el medio ambiente, una tecnolog\u00eda revolucionaria que combina los beneficios de los productos solventes con la practicidad de los productos al agua: Cetol Balance. espacioCetol, ubicado en el barrio de Belgrano, es un punto de encuentro de arte y tendencia, el escenario en donde la marca vive. All\u00ed se ofrecen cursos, talleres, exposiciones y conferencias para el p\u00fablico interesado en temas vinculados con la arquitectura, el dise\u00f1o y la decoraci\u00f3n. Tambi\u00e9n se trata de un \u00e1mbito creado para que el p\u00fablico pueda elegir e informarse sobre productos para proteger y decorar las maderas de sus casas.<\/p>\n<p><strong>Acerca de AkzoNobel<\/strong><br \/>\nAkzoNobel tiene una pasi\u00f3n por la pintura. Somos expertos y nos enorgullece el oficio de hacer pinturas y recubrimientos estableciendo el est\u00e1ndar en color y protecci\u00f3n desde 1792. Nuestro portfolio de marcas de clase mundial \u00a0-incluyendo Dulux, International, Sikkens, Interpon y Cetol, Brikol y Alba en Argentina-\u00a0 cuenta con la confianza de clientes de todo el mundo. Con sede en Holanda, operamos en m\u00e1s de 150 pa\u00edses y empleamos a unas 35.000 personas talentosas y apasionadas por entregar productos de alto rendimiento y servicios de acuerdo a lo esperado por nuestros clientes.<\/p>\n\n<div style=\"font-size: 0px; height: 0px; line-height: 0px; margin: 0; padding: 0; clear: both;\"><\/div><div style=\"margin-top: 0px; margin-bottom: 0px;\" class=\"sharethis-inline-share-buttons\" ><\/div>","protected":false},"excerpt":{"rendered":"<p>Pone en relieve la producci\u00f3n actual de la arquitectura en madera m\u00e1s relevante&#8230;<\/p>\n","protected":false},"author":1,"featured_media":33186,"comment_status":"closed","ping_status":"closed","sticky":false,"template":"","format":"standard","meta":{"_uag_custom_page_level_css":"","footnotes":""},"categories":[68,71],"tags":[1111,1107,1112,2302,701,4809],"class_list":["post-33184","post","type-post","status-publish","format-standard","has-post-thumbnail","hentry","category-novedades","category-revistas-publicaciones","tag-akzonobel","tag-cetol","tag-espaciocetol","tag-libros","tag-madera","tag-madera-extrema","generate-columns","tablet-grid-50","mobile-grid-100","grid-parent","grid-50"],"yoast_head":"<!-- This site is optimized with the Yoast SEO plugin v27.3 - https:\/\/yoast.com\/product\/yoast-seo-wordpress\/ -->\n<title>Madera Extrema, el libro que honra la arquitectura argentina inspirada en este noble material - Arquimaster<\/title>\n<meta name=\"robots\" content=\"index, follow, max-snippet:-1, max-image-preview:large, max-video-preview:-1\" \/>\n<link rel=\"canonical\" href=\"https:\/\/www.arquimaster.com.ar\/web\/madera-extrema-el-libro-que-honra-la-arquitectura-argentina-inspirada-en-este-noble-material\/\" \/>\n<meta property=\"og:locale\" content=\"es_ES\" \/>\n<meta property=\"og:type\" content=\"article\" \/>\n<meta property=\"og:title\" content=\"Madera Extrema, el libro que honra la arquitectura argentina inspirada en este noble material - Arquimaster\" \/>\n<meta property=\"og:description\" content=\"Pone en relieve la producci\u00f3n actual de la arquitectura en madera m\u00e1s relevante...\" \/>\n<meta property=\"og:url\" content=\"https:\/\/www.arquimaster.com.ar\/web\/madera-extrema-el-libro-que-honra-la-arquitectura-argentina-inspirada-en-este-noble-material\/\" \/>\n<meta property=\"og:site_name\" content=\"Arquimaster\" \/>\n<meta property=\"article:publisher\" content=\"http:\/\/www.facebook.com\/ARQUIMASTER.com.ar\" \/>\n<meta property=\"article:published_time\" content=\"2018-10-22T22:00:58+00:00\" \/>\n<meta property=\"article:modified_time\" content=\"2025-08-11T22:19:44+00:00\" \/>\n<meta property=\"og:image\" content=\"https:\/\/www.arquimaster.com.ar\/web\/wp-content\/uploads\/2018\/10\/madera_extrema_slide.jpg\" \/>\n\t<meta property=\"og:image:width\" content=\"642\" \/>\n\t<meta property=\"og:image:height\" content=\"336\" \/>\n\t<meta property=\"og:image:type\" content=\"image\/jpeg\" \/>\n<meta name=\"author\" content=\"Arquimaster\" \/>\n<meta name=\"twitter:card\" content=\"summary_large_image\" \/>\n<meta name=\"twitter:creator\" content=\"@arquimaster\" \/>\n<meta name=\"twitter:site\" content=\"@arquimaster\" \/>\n<meta name=\"twitter:label1\" content=\"Escrito por\" \/>\n\t<meta name=\"twitter:data1\" content=\"Arquimaster\" \/>\n\t<meta name=\"twitter:label2\" content=\"Tiempo de lectura\" \/>\n\t<meta name=\"twitter:data2\" content=\"4 minutos\" \/>\n<script type=\"application\/ld+json\" class=\"yoast-schema-graph\">{\"@context\":\"https:\\\/\\\/schema.org\",\"@graph\":[{\"@type\":\"Article\",\"@id\":\"https:\\\/\\\/www.arquimaster.com.ar\\\/web\\\/madera-extrema-el-libro-que-honra-la-arquitectura-argentina-inspirada-en-este-noble-material\\\/#article\",\"isPartOf\":{\"@id\":\"https:\\\/\\\/www.arquimaster.com.ar\\\/web\\\/madera-extrema-el-libro-que-honra-la-arquitectura-argentina-inspirada-en-este-noble-material\\\/\"},\"author\":{\"name\":\"Arquimaster\",\"@id\":\"https:\\\/\\\/www.arquimaster.com.ar\\\/web\\\/#\\\/schema\\\/person\\\/359e9f7c00193fcde068e0dd2ceb0028\"},\"headline\":\"Madera Extrema, el libro que honra la arquitectura argentina inspirada en este noble material\",\"datePublished\":\"2018-10-22T22:00:58+00:00\",\"dateModified\":\"2025-08-11T22:19:44+00:00\",\"mainEntityOfPage\":{\"@id\":\"https:\\\/\\\/www.arquimaster.com.ar\\\/web\\\/madera-extrema-el-libro-que-honra-la-arquitectura-argentina-inspirada-en-este-noble-material\\\/\"},\"wordCount\":788,\"publisher\":{\"@id\":\"https:\\\/\\\/www.arquimaster.com.ar\\\/web\\\/#organization\"},\"image\":{\"@id\":\"https:\\\/\\\/www.arquimaster.com.ar\\\/web\\\/madera-extrema-el-libro-que-honra-la-arquitectura-argentina-inspirada-en-este-noble-material\\\/#primaryimage\"},\"thumbnailUrl\":\"https:\\\/\\\/www.arquimaster.com.ar\\\/web\\\/wp-content\\\/uploads\\\/2018\\\/10\\\/madera_extrema_slide.jpg\",\"keywords\":[\"AkzoNobel\",\"Cetol\",\"espacioCetol\",\"libros\",\"madera\",\"Madera Extrema\"],\"articleSection\":[\"Novedades\",\"Revistas, libros y publicaciones\"],\"inLanguage\":\"es\"},{\"@type\":\"WebPage\",\"@id\":\"https:\\\/\\\/www.arquimaster.com.ar\\\/web\\\/madera-extrema-el-libro-que-honra-la-arquitectura-argentina-inspirada-en-este-noble-material\\\/\",\"url\":\"https:\\\/\\\/www.arquimaster.com.ar\\\/web\\\/madera-extrema-el-libro-que-honra-la-arquitectura-argentina-inspirada-en-este-noble-material\\\/\",\"name\":\"Madera Extrema, el libro que honra la arquitectura argentina inspirada en este noble material - Arquimaster\",\"isPartOf\":{\"@id\":\"https:\\\/\\\/www.arquimaster.com.ar\\\/web\\\/#website\"},\"primaryImageOfPage\":{\"@id\":\"https:\\\/\\\/www.arquimaster.com.ar\\\/web\\\/madera-extrema-el-libro-que-honra-la-arquitectura-argentina-inspirada-en-este-noble-material\\\/#primaryimage\"},\"image\":{\"@id\":\"https:\\\/\\\/www.arquimaster.com.ar\\\/web\\\/madera-extrema-el-libro-que-honra-la-arquitectura-argentina-inspirada-en-este-noble-material\\\/#primaryimage\"},\"thumbnailUrl\":\"https:\\\/\\\/www.arquimaster.com.ar\\\/web\\\/wp-content\\\/uploads\\\/2018\\\/10\\\/madera_extrema_slide.jpg\",\"datePublished\":\"2018-10-22T22:00:58+00:00\",\"dateModified\":\"2025-08-11T22:19:44+00:00\",\"breadcrumb\":{\"@id\":\"https:\\\/\\\/www.arquimaster.com.ar\\\/web\\\/madera-extrema-el-libro-que-honra-la-arquitectura-argentina-inspirada-en-este-noble-material\\\/#breadcrumb\"},\"inLanguage\":\"es\",\"potentialAction\":[{\"@type\":\"ReadAction\",\"target\":[\"https:\\\/\\\/www.arquimaster.com.ar\\\/web\\\/madera-extrema-el-libro-que-honra-la-arquitectura-argentina-inspirada-en-este-noble-material\\\/\"]}]},{\"@type\":\"ImageObject\",\"inLanguage\":\"es\",\"@id\":\"https:\\\/\\\/www.arquimaster.com.ar\\\/web\\\/madera-extrema-el-libro-que-honra-la-arquitectura-argentina-inspirada-en-este-noble-material\\\/#primaryimage\",\"url\":\"https:\\\/\\\/www.arquimaster.com.ar\\\/web\\\/wp-content\\\/uploads\\\/2018\\\/10\\\/madera_extrema_slide.jpg\",\"contentUrl\":\"https:\\\/\\\/www.arquimaster.com.ar\\\/web\\\/wp-content\\\/uploads\\\/2018\\\/10\\\/madera_extrema_slide.jpg\",\"width\":642,\"height\":336},{\"@type\":\"BreadcrumbList\",\"@id\":\"https:\\\/\\\/www.arquimaster.com.ar\\\/web\\\/madera-extrema-el-libro-que-honra-la-arquitectura-argentina-inspirada-en-este-noble-material\\\/#breadcrumb\",\"itemListElement\":[{\"@type\":\"ListItem\",\"position\":1,\"name\":\"Portada\",\"item\":\"https:\\\/\\\/www.arquimaster.com.ar\\\/web\\\/\"},{\"@type\":\"ListItem\",\"position\":2,\"name\":\"Madera Extrema, el libro que honra la arquitectura argentina inspirada en este noble material\"}]},{\"@type\":\"WebSite\",\"@id\":\"https:\\\/\\\/www.arquimaster.com.ar\\\/web\\\/#website\",\"url\":\"https:\\\/\\\/www.arquimaster.com.ar\\\/web\\\/\",\"name\":\"Arquimaster\",\"description\":\"Web de arquitectura, dise\u00f1o y construccion\",\"publisher\":{\"@id\":\"https:\\\/\\\/www.arquimaster.com.ar\\\/web\\\/#organization\"},\"potentialAction\":[{\"@type\":\"SearchAction\",\"target\":{\"@type\":\"EntryPoint\",\"urlTemplate\":\"https:\\\/\\\/www.arquimaster.com.ar\\\/web\\\/?s={search_term_string}\"},\"query-input\":{\"@type\":\"PropertyValueSpecification\",\"valueRequired\":true,\"valueName\":\"search_term_string\"}}],\"inLanguage\":\"es\"},{\"@type\":\"Organization\",\"@id\":\"https:\\\/\\\/www.arquimaster.com.ar\\\/web\\\/#organization\",\"name\":\"Arquimaster\",\"url\":\"https:\\\/\\\/www.arquimaster.com.ar\\\/web\\\/\",\"logo\":{\"@type\":\"ImageObject\",\"inLanguage\":\"es\",\"@id\":\"https:\\\/\\\/www.arquimaster.com.ar\\\/web\\\/#\\\/schema\\\/logo\\\/image\\\/\",\"url\":\"https:\\\/\\\/www.arquimaster.com.ar\\\/web\\\/wp-content\\\/uploads\\\/2022\\\/06\\\/arquimaster.png\",\"contentUrl\":\"https:\\\/\\\/www.arquimaster.com.ar\\\/web\\\/wp-content\\\/uploads\\\/2022\\\/06\\\/arquimaster.png\",\"width\":594,\"height\":78,\"caption\":\"Arquimaster\"},\"image\":{\"@id\":\"https:\\\/\\\/www.arquimaster.com.ar\\\/web\\\/#\\\/schema\\\/logo\\\/image\\\/\"},\"sameAs\":[\"http:\\\/\\\/www.facebook.com\\\/ARQUIMASTER.com.ar\",\"https:\\\/\\\/x.com\\\/arquimaster\",\"https:\\\/\\\/www.instagram.com\\\/arquimasterblog\\\/\",\"https:\\\/\\\/www.linkedin.com\\\/company\\\/arquimaster\",\"https:\\\/\\\/www.pinterest.com\\\/arquimaster\",\"https:\\\/\\\/t.me\\\/arquimaster\"]},{\"@type\":\"Person\",\"@id\":\"https:\\\/\\\/www.arquimaster.com.ar\\\/web\\\/#\\\/schema\\\/person\\\/359e9f7c00193fcde068e0dd2ceb0028\",\"name\":\"Arquimaster\"}]}<\/script>\n<!-- \/ Yoast SEO plugin. -->","yoast_head_json":{"title":"Madera Extrema, el libro que honra la arquitectura argentina inspirada en este noble material - Arquimaster","robots":{"index":"index","follow":"follow","max-snippet":"max-snippet:-1","max-image-preview":"max-image-preview:large","max-video-preview":"max-video-preview:-1"},"canonical":"https:\/\/www.arquimaster.com.ar\/web\/madera-extrema-el-libro-que-honra-la-arquitectura-argentina-inspirada-en-este-noble-material\/","og_locale":"es_ES","og_type":"article","og_title":"Madera Extrema, el libro que honra la arquitectura argentina inspirada en este noble material - Arquimaster","og_description":"Pone en relieve la producci\u00f3n actual de la arquitectura en madera m\u00e1s relevante...","og_url":"https:\/\/www.arquimaster.com.ar\/web\/madera-extrema-el-libro-que-honra-la-arquitectura-argentina-inspirada-en-este-noble-material\/","og_site_name":"Arquimaster","article_publisher":"http:\/\/www.facebook.com\/ARQUIMASTER.com.ar","article_published_time":"2018-10-22T22:00:58+00:00","article_modified_time":"2025-08-11T22:19:44+00:00","og_image":[{"width":642,"height":336,"url":"https:\/\/www.arquimaster.com.ar\/web\/wp-content\/uploads\/2018\/10\/madera_extrema_slide.jpg","type":"image\/jpeg"}],"author":"Arquimaster","twitter_card":"summary_large_image","twitter_creator":"@arquimaster","twitter_site":"@arquimaster","twitter_misc":{"Escrito por":"Arquimaster","Tiempo de lectura":"4 minutos"},"schema":{"@context":"https:\/\/schema.org","@graph":[{"@type":"Article","@id":"https:\/\/www.arquimaster.com.ar\/web\/madera-extrema-el-libro-que-honra-la-arquitectura-argentina-inspirada-en-este-noble-material\/#article","isPartOf":{"@id":"https:\/\/www.arquimaster.com.ar\/web\/madera-extrema-el-libro-que-honra-la-arquitectura-argentina-inspirada-en-este-noble-material\/"},"author":{"name":"Arquimaster","@id":"https:\/\/www.arquimaster.com.ar\/web\/#\/schema\/person\/359e9f7c00193fcde068e0dd2ceb0028"},"headline":"Madera Extrema, el libro que honra la arquitectura argentina inspirada en este noble material","datePublished":"2018-10-22T22:00:58+00:00","dateModified":"2025-08-11T22:19:44+00:00","mainEntityOfPage":{"@id":"https:\/\/www.arquimaster.com.ar\/web\/madera-extrema-el-libro-que-honra-la-arquitectura-argentina-inspirada-en-este-noble-material\/"},"wordCount":788,"publisher":{"@id":"https:\/\/www.arquimaster.com.ar\/web\/#organization"},"image":{"@id":"https:\/\/www.arquimaster.com.ar\/web\/madera-extrema-el-libro-que-honra-la-arquitectura-argentina-inspirada-en-este-noble-material\/#primaryimage"},"thumbnailUrl":"https:\/\/www.arquimaster.com.ar\/web\/wp-content\/uploads\/2018\/10\/madera_extrema_slide.jpg","keywords":["AkzoNobel","Cetol","espacioCetol","libros","madera","Madera Extrema"],"articleSection":["Novedades","Revistas, libros y publicaciones"],"inLanguage":"es"},{"@type":"WebPage","@id":"https:\/\/www.arquimaster.com.ar\/web\/madera-extrema-el-libro-que-honra-la-arquitectura-argentina-inspirada-en-este-noble-material\/","url":"https:\/\/www.arquimaster.com.ar\/web\/madera-extrema-el-libro-que-honra-la-arquitectura-argentina-inspirada-en-este-noble-material\/","name":"Madera Extrema, el libro que honra la arquitectura argentina inspirada en este noble material - Arquimaster","isPartOf":{"@id":"https:\/\/www.arquimaster.com.ar\/web\/#website"},"primaryImageOfPage":{"@id":"https:\/\/www.arquimaster.com.ar\/web\/madera-extrema-el-libro-que-honra-la-arquitectura-argentina-inspirada-en-este-noble-material\/#primaryimage"},"image":{"@id":"https:\/\/www.arquimaster.com.ar\/web\/madera-extrema-el-libro-que-honra-la-arquitectura-argentina-inspirada-en-este-noble-material\/#primaryimage"},"thumbnailUrl":"https:\/\/www.arquimaster.com.ar\/web\/wp-content\/uploads\/2018\/10\/madera_extrema_slide.jpg","datePublished":"2018-10-22T22:00:58+00:00","dateModified":"2025-08-11T22:19:44+00:00","breadcrumb":{"@id":"https:\/\/www.arquimaster.com.ar\/web\/madera-extrema-el-libro-que-honra-la-arquitectura-argentina-inspirada-en-este-noble-material\/#breadcrumb"},"inLanguage":"es","potentialAction":[{"@type":"ReadAction","target":["https:\/\/www.arquimaster.com.ar\/web\/madera-extrema-el-libro-que-honra-la-arquitectura-argentina-inspirada-en-este-noble-material\/"]}]},{"@type":"ImageObject","inLanguage":"es","@id":"https:\/\/www.arquimaster.com.ar\/web\/madera-extrema-el-libro-que-honra-la-arquitectura-argentina-inspirada-en-este-noble-material\/#primaryimage","url":"https:\/\/www.arquimaster.com.ar\/web\/wp-content\/uploads\/2018\/10\/madera_extrema_slide.jpg","contentUrl":"https:\/\/www.arquimaster.com.ar\/web\/wp-content\/uploads\/2018\/10\/madera_extrema_slide.jpg","width":642,"height":336},{"@type":"BreadcrumbList","@id":"https:\/\/www.arquimaster.com.ar\/web\/madera-extrema-el-libro-que-honra-la-arquitectura-argentina-inspirada-en-este-noble-material\/#breadcrumb","itemListElement":[{"@type":"ListItem","position":1,"name":"Portada","item":"https:\/\/www.arquimaster.com.ar\/web\/"},{"@type":"ListItem","position":2,"name":"Madera Extrema, el libro que honra la arquitectura argentina inspirada en este noble material"}]},{"@type":"WebSite","@id":"https:\/\/www.arquimaster.com.ar\/web\/#website","url":"https:\/\/www.arquimaster.com.ar\/web\/","name":"Arquimaster","description":"Web de arquitectura, dise\u00f1o y construccion","publisher":{"@id":"https:\/\/www.arquimaster.com.ar\/web\/#organization"},"potentialAction":[{"@type":"SearchAction","target":{"@type":"EntryPoint","urlTemplate":"https:\/\/www.arquimaster.com.ar\/web\/?s={search_term_string}"},"query-input":{"@type":"PropertyValueSpecification","valueRequired":true,"valueName":"search_term_string"}}],"inLanguage":"es"},{"@type":"Organization","@id":"https:\/\/www.arquimaster.com.ar\/web\/#organization","name":"Arquimaster","url":"https:\/\/www.arquimaster.com.ar\/web\/","logo":{"@type":"ImageObject","inLanguage":"es","@id":"https:\/\/www.arquimaster.com.ar\/web\/#\/schema\/logo\/image\/","url":"https:\/\/www.arquimaster.com.ar\/web\/wp-content\/uploads\/2022\/06\/arquimaster.png","contentUrl":"https:\/\/www.arquimaster.com.ar\/web\/wp-content\/uploads\/2022\/06\/arquimaster.png","width":594,"height":78,"caption":"Arquimaster"},"image":{"@id":"https:\/\/www.arquimaster.com.ar\/web\/#\/schema\/logo\/image\/"},"sameAs":["http:\/\/www.facebook.com\/ARQUIMASTER.com.ar","https:\/\/x.com\/arquimaster","https:\/\/www.instagram.com\/arquimasterblog\/","https:\/\/www.linkedin.com\/company\/arquimaster","https:\/\/www.pinterest.com\/arquimaster","https:\/\/t.me\/arquimaster"]},{"@type":"Person","@id":"https:\/\/www.arquimaster.com.ar\/web\/#\/schema\/person\/359e9f7c00193fcde068e0dd2ceb0028","name":"Arquimaster"}]}},"uagb_featured_image_src":{"full":["https:\/\/www.arquimaster.com.ar\/web\/wp-content\/uploads\/2018\/10\/madera_extrema_slide.jpg",642,336,false],"thumbnail":["https:\/\/www.arquimaster.com.ar\/web\/wp-content\/uploads\/2018\/10\/madera_extrema_slide-150x150.jpg",150,150,true],"medium":["https:\/\/www.arquimaster.com.ar\/web\/wp-content\/uploads\/2018\/10\/madera_extrema_slide.jpg",642,336,false],"medium_large":["https:\/\/www.arquimaster.com.ar\/web\/wp-content\/uploads\/2018\/10\/madera_extrema_slide.jpg",642,336,false],"large":["https:\/\/www.arquimaster.com.ar\/web\/wp-content\/uploads\/2018\/10\/madera_extrema_slide.jpg",642,336,false],"1536x1536":["https:\/\/www.arquimaster.com.ar\/web\/wp-content\/uploads\/2018\/10\/madera_extrema_slide.jpg",642,336,false],"2048x2048":["https:\/\/www.arquimaster.com.ar\/web\/wp-content\/uploads\/2018\/10\/madera_extrema_slide.jpg",642,336,false]},"uagb_author_info":{"display_name":"Arquimaster","author_link":"https:\/\/www.arquimaster.com.ar\/web\/author\/arquimaster\/"},"uagb_comment_info":0,"uagb_excerpt":"Pone en relieve la producci\u00f3n actual de la arquitectura en madera m\u00e1s relevante...","_links":{"self":[{"href":"https:\/\/www.arquimaster.com.ar\/web\/wp-json\/wp\/v2\/posts\/33184","targetHints":{"allow":["GET"]}}],"collection":[{"href":"https:\/\/www.arquimaster.com.ar\/web\/wp-json\/wp\/v2\/posts"}],"about":[{"href":"https:\/\/www.arquimaster.com.ar\/web\/wp-json\/wp\/v2\/types\/post"}],"author":[{"embeddable":true,"href":"https:\/\/www.arquimaster.com.ar\/web\/wp-json\/wp\/v2\/users\/1"}],"replies":[{"embeddable":true,"href":"https:\/\/www.arquimaster.com.ar\/web\/wp-json\/wp\/v2\/comments?post=33184"}],"version-history":[{"count":1,"href":"https:\/\/www.arquimaster.com.ar\/web\/wp-json\/wp\/v2\/posts\/33184\/revisions"}],"predecessor-version":[{"id":85731,"href":"https:\/\/www.arquimaster.com.ar\/web\/wp-json\/wp\/v2\/posts\/33184\/revisions\/85731"}],"wp:featuredmedia":[{"embeddable":true,"href":"https:\/\/www.arquimaster.com.ar\/web\/wp-json\/wp\/v2\/media\/33186"}],"wp:attachment":[{"href":"https:\/\/www.arquimaster.com.ar\/web\/wp-json\/wp\/v2\/media?parent=33184"}],"wp:term":[{"taxonomy":"category","embeddable":true,"href":"https:\/\/www.arquimaster.com.ar\/web\/wp-json\/wp\/v2\/categories?post=33184"},{"taxonomy":"post_tag","embeddable":true,"href":"https:\/\/www.arquimaster.com.ar\/web\/wp-json\/wp\/v2\/tags?post=33184"}],"curies":[{"name":"wp","href":"https:\/\/api.w.org\/{rel}","templated":true}]}}