{"id":33220,"date":"2018-10-22T23:51:00","date_gmt":"2018-10-22T23:51:00","guid":{"rendered":"http:\/\/www.arquimaster.com.ar\/web\/?p=33220"},"modified":"2018-10-24T19:55:03","modified_gmt":"2018-10-24T19:55:03","slug":"sala-de-bano-armani-roca-espacio-38-casa-foa-2018","status":"publish","type":"post","link":"https:\/\/www.arquimaster.com.ar\/web\/sala-de-bano-armani-roca-espacio-38-casa-foa-2018\/","title":{"rendered":"Sala de ba\u00f1o Armani\/Roca (Espacio 38 \/ Casa FOA 2018)"},"content":{"rendered":"<div style=\"margin-top: 0px; margin-bottom: 0px;\" class=\"sharethis-inline-share-buttons\" ><\/div><div class=\"b812932af2e751442846f039925109de\" data-index=\"1\" style=\"float: none; margin:25px 0 25px 0; text-align:center;\">\n<script async src=\"https:\/\/pagead2.googlesyndication.com\/pagead\/js\/adsbygoogle.js\"><\/script>\r\n<!-- Arquimaster (superior) -->\r\n<ins class=\"adsbygoogle\"\r\n     style=\"display:block\"\r\n     data-ad-client=\"ca-pub-6351072698456832\"\r\n     data-ad-slot=\"6455489680\"\r\n     data-ad-format=\"auto\"\r\n     data-full-width-responsive=\"true\"><\/ins>\r\n<script>\r\n     (adsbygoogle = window.adsbygoogle || []).push({});\r\n<\/script>\n<\/div>\n<p><strong>Sala de ba\u00f1o Armani\/Roca<\/strong> (Espacio 38 \/ Casa FOA 2018 \/ Cassa Devoto). El concepto de ba\u00f1o Armani\/Roca, es la expresi\u00f3n de la elegante simplicidad y la total armon\u00eda, propia del inconfundible estilo Giorgio Armani. Un concepto integral de interiorismo, que transforma al ba\u00f1o, en un espacio consagrado al goce de los sentidos.<\/p>\n<p>De esta forma, la sala de ba\u00f1o se convierte en un solo ente, en el que materiales nobles con acabados exclusivos, y con la tecnolog\u00eda sabiamente aplicada, permiten integrar todos los elementos del ba\u00f1o en un mismo estilo, sin perturbar la armon\u00eda de esta atm\u00f3sfera de emociones y sofisticaci\u00f3n.<\/p>\n<div id='gallery-1' class='gallery galleryid-33220 gallery-columns-3 gallery-size-thumbnail'><figure class='gallery-item'>\n\t\t\t<div class='gallery-icon landscape'>\n\t\t\t\t<a href='https:\/\/www.arquimaster.com.ar\/web\/wp-content\/uploads\/2018\/10\/espacio38_casafoa2018_1.jpg' title=\"Sala de ba\u00f1o Armani\/Roca (Espacio 38 \/ Casa FOA 2018) (\u00a9 Casa FOA)\" data-rl_title=\"Sala de ba\u00f1o Armani\/Roca (Espacio 38 \/ Casa FOA 2018) (\u00a9 Casa FOA)\" class=\"rl-gallery-link\" data-rl_caption=\"Sala de ba\u00f1o Armani\/Roca (Espacio 38 \/ Casa FOA 2018) (\u00a9 Casa FOA)\" data-rel=\"lightbox-gallery-1\"><img loading=\"lazy\" decoding=\"async\" width=\"150\" height=\"150\" src=\"https:\/\/www.arquimaster.com.ar\/web\/wp-content\/uploads\/2018\/10\/espacio38_casafoa2018_1-150x150.jpg\" class=\"attachment-thumbnail size-thumbnail\" alt=\"\" aria-describedby=\"gallery-1-33222\" srcset=\"https:\/\/www.arquimaster.com.ar\/web\/wp-content\/uploads\/2018\/10\/espacio38_casafoa2018_1-150x150.jpg 150w, https:\/\/www.arquimaster.com.ar\/web\/wp-content\/uploads\/2018\/10\/espacio38_casafoa2018_1-50x50.jpg 50w, https:\/\/www.arquimaster.com.ar\/web\/wp-content\/uploads\/2018\/10\/espacio38_casafoa2018_1-125x125.jpg 125w\" sizes=\"auto, (max-width: 150px) 100vw, 150px\" \/><\/a>\n\t\t\t<\/div>\n\t\t\t\t<figcaption class='wp-caption-text gallery-caption' id='gallery-1-33222'>\n\t\t\t\tSala de ba\u00f1o Armani\/Roca (Espacio 38 \/ Casa FOA 2018) (\u00a9 Casa FOA)\n\t\t\t\t<\/figcaption><\/figure><figure class='gallery-item'>\n\t\t\t<div class='gallery-icon landscape'>\n\t\t\t\t<a href='https:\/\/www.arquimaster.com.ar\/web\/wp-content\/uploads\/2018\/10\/espacio38_casafoa2018_2.jpg' title=\"Sala de ba\u00f1o Armani\/Roca (Espacio 38 \/ Casa FOA 2018) (\u00a9 Casa FOA)\" data-rl_title=\"Sala de ba\u00f1o Armani\/Roca (Espacio 38 \/ Casa FOA 2018) (\u00a9 Casa FOA)\" class=\"rl-gallery-link\" data-rl_caption=\"Sala de ba\u00f1o Armani\/Roca (Espacio 38 \/ Casa FOA 2018) (\u00a9 Casa FOA)\" data-rel=\"lightbox-gallery-1\"><img loading=\"lazy\" decoding=\"async\" width=\"150\" height=\"150\" src=\"https:\/\/www.arquimaster.com.ar\/web\/wp-content\/uploads\/2018\/10\/espacio38_casafoa2018_2-150x150.jpg\" class=\"attachment-thumbnail size-thumbnail\" alt=\"\" aria-describedby=\"gallery-1-33223\" srcset=\"https:\/\/www.arquimaster.com.ar\/web\/wp-content\/uploads\/2018\/10\/espacio38_casafoa2018_2-150x150.jpg 150w, https:\/\/www.arquimaster.com.ar\/web\/wp-content\/uploads\/2018\/10\/espacio38_casafoa2018_2-50x50.jpg 50w, https:\/\/www.arquimaster.com.ar\/web\/wp-content\/uploads\/2018\/10\/espacio38_casafoa2018_2-125x125.jpg 125w\" sizes=\"auto, (max-width: 150px) 100vw, 150px\" \/><\/a>\n\t\t\t<\/div>\n\t\t\t\t<figcaption class='wp-caption-text gallery-caption' id='gallery-1-33223'>\n\t\t\t\tSala de ba\u00f1o Armani\/Roca (Espacio 38 \/ Casa FOA 2018) (\u00a9 Casa FOA)\n\t\t\t\t<\/figcaption><\/figure><figure class='gallery-item'>\n\t\t\t<div class='gallery-icon portrait'>\n\t\t\t\t<a href='https:\/\/www.arquimaster.com.ar\/web\/wp-content\/uploads\/2018\/10\/espacio38_casafoa2018_3.jpg' title=\"Sala de ba\u00f1o Armani\/Roca (Espacio 38 \/ Casa FOA 2018) (\u00a9 Casa FOA)\" data-rl_title=\"Sala de ba\u00f1o Armani\/Roca (Espacio 38 \/ Casa FOA 2018) (\u00a9 Casa FOA)\" class=\"rl-gallery-link\" data-rl_caption=\"Sala de ba\u00f1o Armani\/Roca (Espacio 38 \/ Casa FOA 2018) (\u00a9 Casa FOA)\" data-rel=\"lightbox-gallery-1\"><img loading=\"lazy\" decoding=\"async\" width=\"150\" height=\"150\" src=\"https:\/\/www.arquimaster.com.ar\/web\/wp-content\/uploads\/2018\/10\/espacio38_casafoa2018_3-150x150.jpg\" class=\"attachment-thumbnail size-thumbnail\" alt=\"\" aria-describedby=\"gallery-1-33224\" srcset=\"https:\/\/www.arquimaster.com.ar\/web\/wp-content\/uploads\/2018\/10\/espacio38_casafoa2018_3-150x150.jpg 150w, https:\/\/www.arquimaster.com.ar\/web\/wp-content\/uploads\/2018\/10\/espacio38_casafoa2018_3-50x50.jpg 50w, https:\/\/www.arquimaster.com.ar\/web\/wp-content\/uploads\/2018\/10\/espacio38_casafoa2018_3-125x125.jpg 125w\" sizes=\"auto, (max-width: 150px) 100vw, 150px\" \/><\/a>\n\t\t\t<\/div>\n\t\t\t\t<figcaption class='wp-caption-text gallery-caption' id='gallery-1-33224'>\n\t\t\t\tSala de ba\u00f1o Armani\/Roca (Espacio 38 \/ Casa FOA 2018) (\u00a9 Casa FOA)\n\t\t\t\t<\/figcaption><\/figure><figure class='gallery-item'>\n\t\t\t<div class='gallery-icon landscape'>\n\t\t\t\t<a href='https:\/\/www.arquimaster.com.ar\/web\/wp-content\/uploads\/2018\/10\/espacio38_casafoa2018_4.jpg' title=\"Sala de ba\u00f1o Armani\/Roca (Espacio 38 \/ Casa FOA 2018)\" data-rl_title=\"Sala de ba\u00f1o Armani\/Roca (Espacio 38 \/ Casa FOA 2018)\" class=\"rl-gallery-link\" data-rl_caption=\"Sala de ba\u00f1o Armani\/Roca (Espacio 38 \/ Casa FOA 2018)\" data-rel=\"lightbox-gallery-1\"><img loading=\"lazy\" decoding=\"async\" width=\"150\" height=\"150\" src=\"https:\/\/www.arquimaster.com.ar\/web\/wp-content\/uploads\/2018\/10\/espacio38_casafoa2018_4-150x150.jpg\" class=\"attachment-thumbnail size-thumbnail\" alt=\"\" aria-describedby=\"gallery-1-33225\" srcset=\"https:\/\/www.arquimaster.com.ar\/web\/wp-content\/uploads\/2018\/10\/espacio38_casafoa2018_4-150x150.jpg 150w, https:\/\/www.arquimaster.com.ar\/web\/wp-content\/uploads\/2018\/10\/espacio38_casafoa2018_4-50x50.jpg 50w, https:\/\/www.arquimaster.com.ar\/web\/wp-content\/uploads\/2018\/10\/espacio38_casafoa2018_4-125x125.jpg 125w\" sizes=\"auto, (max-width: 150px) 100vw, 150px\" \/><\/a>\n\t\t\t<\/div>\n\t\t\t\t<figcaption class='wp-caption-text gallery-caption' id='gallery-1-33225'>\n\t\t\t\tSala de ba\u00f1o Armani\/Roca (Espacio 38 \/ Casa FOA 2018)\n\t\t\t\t<\/figcaption><\/figure><figure class='gallery-item'>\n\t\t\t<div class='gallery-icon landscape'>\n\t\t\t\t<a href='https:\/\/www.arquimaster.com.ar\/web\/wp-content\/uploads\/2018\/10\/espacio38_casafoa2018_5.jpg' title=\"Sala de ba\u00f1o Armani\/Roca (Espacio 38 \/ Casa FOA 2018)\" data-rl_title=\"Sala de ba\u00f1o Armani\/Roca (Espacio 38 \/ Casa FOA 2018)\" class=\"rl-gallery-link\" data-rl_caption=\"Sala de ba\u00f1o Armani\/Roca (Espacio 38 \/ Casa FOA 2018)\" data-rel=\"lightbox-gallery-1\"><img loading=\"lazy\" decoding=\"async\" width=\"150\" height=\"150\" src=\"https:\/\/www.arquimaster.com.ar\/web\/wp-content\/uploads\/2018\/10\/espacio38_casafoa2018_5-150x150.jpg\" class=\"attachment-thumbnail size-thumbnail\" alt=\"\" aria-describedby=\"gallery-1-33226\" srcset=\"https:\/\/www.arquimaster.com.ar\/web\/wp-content\/uploads\/2018\/10\/espacio38_casafoa2018_5-150x150.jpg 150w, https:\/\/www.arquimaster.com.ar\/web\/wp-content\/uploads\/2018\/10\/espacio38_casafoa2018_5-50x50.jpg 50w, https:\/\/www.arquimaster.com.ar\/web\/wp-content\/uploads\/2018\/10\/espacio38_casafoa2018_5-125x125.jpg 125w\" sizes=\"auto, (max-width: 150px) 100vw, 150px\" \/><\/a>\n\t\t\t<\/div>\n\t\t\t\t<figcaption class='wp-caption-text gallery-caption' id='gallery-1-33226'>\n\t\t\t\tSala de ba\u00f1o Armani\/Roca (Espacio 38 \/ Casa FOA 2018)\n\t\t\t\t<\/figcaption><\/figure>\n\t\t<\/div>\n\n<p>Como si se tratara de una obra de arte o una pieza de alta costura, todo el conjunto destila perfecci\u00f3n y maestr\u00eda. Hasta el m\u00e1s m\u00ednimo detalle, est\u00e1 cuidado.<\/p>\n<p>La ba\u00f1era exenta, con un lujoso aire retro, se convierte en la protagonista perfecta de cualquier espacio de ba\u00f1o. Dise\u00f1ada con un toque contempor\u00e1neo y prestando atenci\u00f3n especial a la ergonom\u00eda y el confort.<\/p>\n<p>Las l\u00edneas de esta ba\u00f1era son suaves y sinuosas, con cuatro asas met\u00e1licas en acabados greige, son detalles funcionales y bellos que combinan a la perfecci\u00f3n con el resto de la colecci\u00f3n.<\/p>\n<p>En el \u00e1rea de ducha de bienestar, el acto diario de ducharse se transforma en una experiencia sensual. La importancia de la flexibilidad y del concepto \u00abhecho a medida\u00bb se pone de manifiesto en el plato de ducha, fabricado en resina extrafina y exclusivo acabado.<\/p>\n<p>Los elementos sanitarios que se encuentran en el \u00e1rea de necesidades b\u00e1sicas, est\u00e1n hechos de una sola pieza y suspendidos de las paredes por soportes ocultos.<\/p>\n<p>Esto permite no s\u00f3lo el mantenimiento \u00f3ptimo de la higiene esencial del \u00e1rea, sino que transmite un aspecto est\u00e9ticamente refinado. Estos se complementan con una moderna placa de accionamiento.<\/p>\n<p>La pieza m\u00e1s emblem\u00e1tica y espectacular de la colecci\u00f3n es un elegante mueble con doble bacha y cajones de gran funcionalidad. Esta pieza dota al instante de un toque indiscutiblemente lujoso a cualquier entorno de ba\u00f1o.<\/p>\n<p>Las paredes, revestidas con papel de la Colecci\u00f3n Armani, son la clave para proporcionar a esta sala de ba\u00f1o la elegancia y el lujo discreto inherente al estilo Armani\/Roca.<\/p>\n<p><strong>Contacto<\/strong><br \/>\n<a href=\"http:\/\/www.roca.com.ar\" target=\"_blank\" rel=\"noopener\">http:\/\/www.roca.com.ar<\/a><\/p>\n<p><strong>Fotos<\/strong><br \/>\nPrensa Casa FOA 2018<\/p>\n<p><strong>Plano de la muestra<\/strong><\/p>\n<div id='gallery-2' class='gallery galleryid-33220 gallery-columns-3 gallery-size-thumbnail'><figure class='gallery-item'>\n\t\t\t<div class='gallery-icon portrait'>\n\t\t\t\t<a href='https:\/\/www.arquimaster.com.ar\/web\/wp-content\/uploads\/2018\/09\/plano_casa_foa_2018.jpg' title=\"Casa FOA 2018 \/ Cassa Devoto\" data-rl_title=\"Casa FOA 2018 \/ Cassa Devoto\" class=\"rl-gallery-link\" data-rl_caption=\"Casa FOA 2018 \/ Cassa Devoto\" data-rel=\"lightbox-gallery-2\"><img loading=\"lazy\" decoding=\"async\" width=\"150\" height=\"150\" src=\"https:\/\/www.arquimaster.com.ar\/web\/wp-content\/uploads\/2018\/09\/plano_casa_foa_2018-150x150.jpg\" class=\"attachment-thumbnail size-thumbnail\" alt=\"\" aria-describedby=\"gallery-2-31322\" srcset=\"https:\/\/www.arquimaster.com.ar\/web\/wp-content\/uploads\/2018\/09\/plano_casa_foa_2018-150x150.jpg 150w, https:\/\/www.arquimaster.com.ar\/web\/wp-content\/uploads\/2018\/09\/plano_casa_foa_2018-50x50.jpg 50w, https:\/\/www.arquimaster.com.ar\/web\/wp-content\/uploads\/2018\/09\/plano_casa_foa_2018-125x125.jpg 125w\" sizes=\"auto, (max-width: 150px) 100vw, 150px\" \/><\/a>\n\t\t\t<\/div>\n\t\t\t\t<figcaption class='wp-caption-text gallery-caption' id='gallery-2-31322'>\n\t\t\t\tCasa FOA 2018 \/ Cassa Devoto\n\t\t\t\t<\/figcaption><\/figure>\n\t\t<\/div>\n\n<p><strong>Sponsor del espacio<\/strong><\/p>\n<p>Armani\/Roca<\/p>\n<p>&nbsp;<\/p>\n<p><strong>Sponsors oficiales<\/strong><\/p>\n<p><strong>Patagonia Flooring<\/strong><br \/>\nPisos y decks<\/p>\n<p><strong>Alba<\/strong><br \/>\nPinturas<\/p>\n<p><strong>Knauf<\/strong><br \/>\nPlacas de yeso<\/p>\n<p><strong>Roca<\/strong><br \/>\nGrifer\u00edas y artefactos sanitarios<\/p>\n<p><strong>Rielamericano<\/strong><br \/>\nCortinas<\/p>\n<p>&nbsp;<\/p>\n<p><strong>Colaboradores del espacio<\/strong><\/p>\n<p><strong>Arq. Mar\u00eda Beatriz Blanco<\/strong><br \/>\nmbb estudio. Arquitectura. Dise\u00f1o<\/p>\n<p><strong>Walter Russo<\/strong><br \/>\nTecnolog\u00eda aplicada<\/p>\n<p>&nbsp;<\/p>\n<p><strong>Sobre Casa FOA 2018 \/ Cassa Devoto<\/strong><br \/>\nCasa FOA, la tradicional exposici\u00f3n nacional de arquitectura, dise\u00f1o interior, paisajismo e industria abrir\u00e1 sus puertas a partir del 21 de septiembre de 2018 y podr\u00e1 recorrerse hasta el 28 de octubre de 2018 en su nueva sede en el ex Convento Nuestra Se\u00f1ora de la Misericordia, ubicado en Pareja 3670, en el barrio de Devoto, Ciudad de Buenos Aires. Cassa Devoto es una joya arquitect\u00f3nica de m\u00e1s de 120 a\u00f1os, con 3000 metros cuadrados de claustros, patios y vegetaci\u00f3n que brindar\u00e1 los escenarios donde dise\u00f1adores y arquitectos desplegar\u00e1n toda su creatividad.<\/p>\n<p>La nueva sede abrir\u00e1 todos los d\u00edas de 12 a 20 horas y los viernes con Casa FOA Night hasta las 23 horas, los viernes a partir de las 19 horas se podr\u00e1 acceder con el beneficio de 2&#215;1. La entrada tendr\u00e1 un valor de $ 240 en boleter\u00eda y se podr\u00e1n adquirir entradas anticipadas a trav\u00e9s de la p\u00e1gina web de Casa FOA. Casa FOA ya es un \u00edcono de la arquitectura y el dise\u00f1o, tal es as\u00ed que este a\u00f1o, celebrando su edici\u00f3n N\u00ba 35, fue declarada de inter\u00e9s cultural de la Ciudad de Buenos Aires por la Legislatura Porte\u00f1a.<\/p>\n<p><strong>M\u00e1s informaci\u00f3n<\/strong><br \/>\n<a href=\"http:\/\/www.casafoa.com\" target=\"_blank\" rel=\"noopener\">http:\/\/www.casafoa.com<\/a><\/p>\n<p><iframe loading=\"lazy\" style=\"border: 0;\" src=\"https:\/\/www.google.com\/maps\/embed?pb=!1m14!1m8!1m3!1d13137.238640565682!2d-58.5089094!3d-34.5963304!3m2!1i1024!2i768!4f13.1!3m3!1m2!1s0x0%3A0xeebce17ff294ca1c!2sCasa+FOA+2018!5e0!3m2!1ses-419!2sar!4v1537461365962\" width=\"642\" height=\"350\" allowfullscreen=\"allowfullscreen\"><\/iframe><\/p>\n\n<div style=\"font-size: 0px; height: 0px; line-height: 0px; margin: 0; padding: 0; clear: both;\"><\/div><div style=\"margin-top: 0px; margin-bottom: 0px;\" class=\"sharethis-inline-share-buttons\" ><\/div>","protected":false},"excerpt":{"rendered":"<p>Expresi\u00f3n de la elegante simplicidad y la total armon\u00eda, propia del inconfundible estilo Armani&#8230;<\/p>\n","protected":false},"author":1,"featured_media":33221,"comment_status":"closed","ping_status":"closed","sticky":false,"template":"","format":"standard","meta":{"_uag_custom_page_level_css":"","footnotes":""},"categories":[4642,55],"tags":[4810,327,4644,332,1573,2786],"class_list":["post-33220","post","type-post","status-publish","format-standard","has-post-thumbnail","hentry","category-casa-foa-2018","category-diseno","tag-armani","tag-bano","tag-casa-foa-2018","tag-cuarto-de-bano","tag-roca","tag-sala-de-bano","generate-columns","tablet-grid-50","mobile-grid-100","grid-parent","grid-50"],"yoast_head":"<!-- This site is optimized with the Yoast SEO plugin v27.3 - https:\/\/yoast.com\/product\/yoast-seo-wordpress\/ -->\n<title>Sala de ba\u00f1o Armani\/Roca (Espacio 38 \/ Casa FOA 2018) - Arquimaster<\/title>\n<meta name=\"robots\" content=\"index, follow, max-snippet:-1, max-image-preview:large, max-video-preview:-1\" \/>\n<link rel=\"canonical\" href=\"https:\/\/www.arquimaster.com.ar\/web\/sala-de-bano-armani-roca-espacio-38-casa-foa-2018\/\" \/>\n<meta property=\"og:locale\" content=\"es_ES\" \/>\n<meta property=\"og:type\" content=\"article\" \/>\n<meta property=\"og:title\" content=\"Sala de ba\u00f1o Armani\/Roca (Espacio 38 \/ Casa FOA 2018) - Arquimaster\" \/>\n<meta property=\"og:description\" content=\"Expresi\u00f3n de la elegante simplicidad y la total armon\u00eda, propia del inconfundible estilo Armani...\" \/>\n<meta property=\"og:url\" content=\"https:\/\/www.arquimaster.com.ar\/web\/sala-de-bano-armani-roca-espacio-38-casa-foa-2018\/\" \/>\n<meta property=\"og:site_name\" content=\"Arquimaster\" \/>\n<meta property=\"article:publisher\" content=\"http:\/\/www.facebook.com\/ARQUIMASTER.com.ar\" \/>\n<meta property=\"article:published_time\" content=\"2018-10-22T23:51:00+00:00\" \/>\n<meta property=\"article:modified_time\" content=\"2018-10-24T19:55:03+00:00\" \/>\n<meta property=\"og:image\" content=\"https:\/\/www.arquimaster.com.ar\/web\/wp-content\/uploads\/2018\/10\/espacio38_casafoa2018_slide.jpg\" \/>\n\t<meta property=\"og:image:width\" content=\"642\" \/>\n\t<meta property=\"og:image:height\" content=\"336\" \/>\n\t<meta property=\"og:image:type\" content=\"image\/jpeg\" \/>\n<meta name=\"author\" content=\"Arquimaster\" \/>\n<meta name=\"twitter:card\" content=\"summary_large_image\" \/>\n<meta name=\"twitter:creator\" content=\"@arquimaster\" \/>\n<meta name=\"twitter:site\" content=\"@arquimaster\" \/>\n<meta name=\"twitter:label1\" content=\"Escrito por\" \/>\n\t<meta name=\"twitter:data1\" content=\"Arquimaster\" \/>\n\t<meta name=\"twitter:label2\" content=\"Tiempo de lectura\" \/>\n\t<meta name=\"twitter:data2\" content=\"3 minutos\" \/>\n<script type=\"application\/ld+json\" class=\"yoast-schema-graph\">{\"@context\":\"https:\\\/\\\/schema.org\",\"@graph\":[{\"@type\":\"Article\",\"@id\":\"https:\\\/\\\/www.arquimaster.com.ar\\\/web\\\/sala-de-bano-armani-roca-espacio-38-casa-foa-2018\\\/#article\",\"isPartOf\":{\"@id\":\"https:\\\/\\\/www.arquimaster.com.ar\\\/web\\\/sala-de-bano-armani-roca-espacio-38-casa-foa-2018\\\/\"},\"author\":{\"name\":\"Arquimaster\",\"@id\":\"https:\\\/\\\/www.arquimaster.com.ar\\\/web\\\/#\\\/schema\\\/person\\\/359e9f7c00193fcde068e0dd2ceb0028\"},\"headline\":\"Sala de ba\u00f1o Armani\\\/Roca (Espacio 38 \\\/ Casa FOA 2018)\",\"datePublished\":\"2018-10-22T23:51:00+00:00\",\"dateModified\":\"2018-10-24T19:55:03+00:00\",\"mainEntityOfPage\":{\"@id\":\"https:\\\/\\\/www.arquimaster.com.ar\\\/web\\\/sala-de-bano-armani-roca-espacio-38-casa-foa-2018\\\/\"},\"wordCount\":687,\"publisher\":{\"@id\":\"https:\\\/\\\/www.arquimaster.com.ar\\\/web\\\/#organization\"},\"image\":{\"@id\":\"https:\\\/\\\/www.arquimaster.com.ar\\\/web\\\/sala-de-bano-armani-roca-espacio-38-casa-foa-2018\\\/#primaryimage\"},\"thumbnailUrl\":\"https:\\\/\\\/www.arquimaster.com.ar\\\/web\\\/wp-content\\\/uploads\\\/2018\\\/10\\\/espacio38_casafoa2018_slide.jpg\",\"keywords\":[\"Armani\",\"ba\u00f1o\",\"Casa FOA 2018\",\"cuarto de ba\u00f1o\",\"Roca\",\"sala de ba\u00f1o\"],\"articleSection\":[\"Casa FOA 2018\",\"Dise\u00f1o\"],\"inLanguage\":\"es\"},{\"@type\":\"WebPage\",\"@id\":\"https:\\\/\\\/www.arquimaster.com.ar\\\/web\\\/sala-de-bano-armani-roca-espacio-38-casa-foa-2018\\\/\",\"url\":\"https:\\\/\\\/www.arquimaster.com.ar\\\/web\\\/sala-de-bano-armani-roca-espacio-38-casa-foa-2018\\\/\",\"name\":\"Sala de ba\u00f1o Armani\\\/Roca (Espacio 38 \\\/ Casa FOA 2018) - Arquimaster\",\"isPartOf\":{\"@id\":\"https:\\\/\\\/www.arquimaster.com.ar\\\/web\\\/#website\"},\"primaryImageOfPage\":{\"@id\":\"https:\\\/\\\/www.arquimaster.com.ar\\\/web\\\/sala-de-bano-armani-roca-espacio-38-casa-foa-2018\\\/#primaryimage\"},\"image\":{\"@id\":\"https:\\\/\\\/www.arquimaster.com.ar\\\/web\\\/sala-de-bano-armani-roca-espacio-38-casa-foa-2018\\\/#primaryimage\"},\"thumbnailUrl\":\"https:\\\/\\\/www.arquimaster.com.ar\\\/web\\\/wp-content\\\/uploads\\\/2018\\\/10\\\/espacio38_casafoa2018_slide.jpg\",\"datePublished\":\"2018-10-22T23:51:00+00:00\",\"dateModified\":\"2018-10-24T19:55:03+00:00\",\"breadcrumb\":{\"@id\":\"https:\\\/\\\/www.arquimaster.com.ar\\\/web\\\/sala-de-bano-armani-roca-espacio-38-casa-foa-2018\\\/#breadcrumb\"},\"inLanguage\":\"es\",\"potentialAction\":[{\"@type\":\"ReadAction\",\"target\":[\"https:\\\/\\\/www.arquimaster.com.ar\\\/web\\\/sala-de-bano-armani-roca-espacio-38-casa-foa-2018\\\/\"]}]},{\"@type\":\"ImageObject\",\"inLanguage\":\"es\",\"@id\":\"https:\\\/\\\/www.arquimaster.com.ar\\\/web\\\/sala-de-bano-armani-roca-espacio-38-casa-foa-2018\\\/#primaryimage\",\"url\":\"https:\\\/\\\/www.arquimaster.com.ar\\\/web\\\/wp-content\\\/uploads\\\/2018\\\/10\\\/espacio38_casafoa2018_slide.jpg\",\"contentUrl\":\"https:\\\/\\\/www.arquimaster.com.ar\\\/web\\\/wp-content\\\/uploads\\\/2018\\\/10\\\/espacio38_casafoa2018_slide.jpg\",\"width\":642,\"height\":336},{\"@type\":\"BreadcrumbList\",\"@id\":\"https:\\\/\\\/www.arquimaster.com.ar\\\/web\\\/sala-de-bano-armani-roca-espacio-38-casa-foa-2018\\\/#breadcrumb\",\"itemListElement\":[{\"@type\":\"ListItem\",\"position\":1,\"name\":\"Portada\",\"item\":\"https:\\\/\\\/www.arquimaster.com.ar\\\/web\\\/\"},{\"@type\":\"ListItem\",\"position\":2,\"name\":\"Sala de ba\u00f1o Armani\\\/Roca (Espacio 38 \\\/ Casa FOA 2018)\"}]},{\"@type\":\"WebSite\",\"@id\":\"https:\\\/\\\/www.arquimaster.com.ar\\\/web\\\/#website\",\"url\":\"https:\\\/\\\/www.arquimaster.com.ar\\\/web\\\/\",\"name\":\"Arquimaster\",\"description\":\"Web de arquitectura, dise\u00f1o y construccion\",\"publisher\":{\"@id\":\"https:\\\/\\\/www.arquimaster.com.ar\\\/web\\\/#organization\"},\"potentialAction\":[{\"@type\":\"SearchAction\",\"target\":{\"@type\":\"EntryPoint\",\"urlTemplate\":\"https:\\\/\\\/www.arquimaster.com.ar\\\/web\\\/?s={search_term_string}\"},\"query-input\":{\"@type\":\"PropertyValueSpecification\",\"valueRequired\":true,\"valueName\":\"search_term_string\"}}],\"inLanguage\":\"es\"},{\"@type\":\"Organization\",\"@id\":\"https:\\\/\\\/www.arquimaster.com.ar\\\/web\\\/#organization\",\"name\":\"Arquimaster\",\"url\":\"https:\\\/\\\/www.arquimaster.com.ar\\\/web\\\/\",\"logo\":{\"@type\":\"ImageObject\",\"inLanguage\":\"es\",\"@id\":\"https:\\\/\\\/www.arquimaster.com.ar\\\/web\\\/#\\\/schema\\\/logo\\\/image\\\/\",\"url\":\"https:\\\/\\\/www.arquimaster.com.ar\\\/web\\\/wp-content\\\/uploads\\\/2022\\\/06\\\/arquimaster.png\",\"contentUrl\":\"https:\\\/\\\/www.arquimaster.com.ar\\\/web\\\/wp-content\\\/uploads\\\/2022\\\/06\\\/arquimaster.png\",\"width\":594,\"height\":78,\"caption\":\"Arquimaster\"},\"image\":{\"@id\":\"https:\\\/\\\/www.arquimaster.com.ar\\\/web\\\/#\\\/schema\\\/logo\\\/image\\\/\"},\"sameAs\":[\"http:\\\/\\\/www.facebook.com\\\/ARQUIMASTER.com.ar\",\"https:\\\/\\\/x.com\\\/arquimaster\",\"https:\\\/\\\/www.instagram.com\\\/arquimasterblog\\\/\",\"https:\\\/\\\/www.linkedin.com\\\/company\\\/arquimaster\",\"https:\\\/\\\/www.pinterest.com\\\/arquimaster\",\"https:\\\/\\\/t.me\\\/arquimaster\"]},{\"@type\":\"Person\",\"@id\":\"https:\\\/\\\/www.arquimaster.com.ar\\\/web\\\/#\\\/schema\\\/person\\\/359e9f7c00193fcde068e0dd2ceb0028\",\"name\":\"Arquimaster\"}]}<\/script>\n<!-- \/ Yoast SEO plugin. -->","yoast_head_json":{"title":"Sala de ba\u00f1o Armani\/Roca (Espacio 38 \/ Casa FOA 2018) - Arquimaster","robots":{"index":"index","follow":"follow","max-snippet":"max-snippet:-1","max-image-preview":"max-image-preview:large","max-video-preview":"max-video-preview:-1"},"canonical":"https:\/\/www.arquimaster.com.ar\/web\/sala-de-bano-armani-roca-espacio-38-casa-foa-2018\/","og_locale":"es_ES","og_type":"article","og_title":"Sala de ba\u00f1o Armani\/Roca (Espacio 38 \/ Casa FOA 2018) - Arquimaster","og_description":"Expresi\u00f3n de la elegante simplicidad y la total armon\u00eda, propia del inconfundible estilo Armani...","og_url":"https:\/\/www.arquimaster.com.ar\/web\/sala-de-bano-armani-roca-espacio-38-casa-foa-2018\/","og_site_name":"Arquimaster","article_publisher":"http:\/\/www.facebook.com\/ARQUIMASTER.com.ar","article_published_time":"2018-10-22T23:51:00+00:00","article_modified_time":"2018-10-24T19:55:03+00:00","og_image":[{"width":642,"height":336,"url":"https:\/\/www.arquimaster.com.ar\/web\/wp-content\/uploads\/2018\/10\/espacio38_casafoa2018_slide.jpg","type":"image\/jpeg"}],"author":"Arquimaster","twitter_card":"summary_large_image","twitter_creator":"@arquimaster","twitter_site":"@arquimaster","twitter_misc":{"Escrito por":"Arquimaster","Tiempo de lectura":"3 minutos"},"schema":{"@context":"https:\/\/schema.org","@graph":[{"@type":"Article","@id":"https:\/\/www.arquimaster.com.ar\/web\/sala-de-bano-armani-roca-espacio-38-casa-foa-2018\/#article","isPartOf":{"@id":"https:\/\/www.arquimaster.com.ar\/web\/sala-de-bano-armani-roca-espacio-38-casa-foa-2018\/"},"author":{"name":"Arquimaster","@id":"https:\/\/www.arquimaster.com.ar\/web\/#\/schema\/person\/359e9f7c00193fcde068e0dd2ceb0028"},"headline":"Sala de ba\u00f1o Armani\/Roca (Espacio 38 \/ Casa FOA 2018)","datePublished":"2018-10-22T23:51:00+00:00","dateModified":"2018-10-24T19:55:03+00:00","mainEntityOfPage":{"@id":"https:\/\/www.arquimaster.com.ar\/web\/sala-de-bano-armani-roca-espacio-38-casa-foa-2018\/"},"wordCount":687,"publisher":{"@id":"https:\/\/www.arquimaster.com.ar\/web\/#organization"},"image":{"@id":"https:\/\/www.arquimaster.com.ar\/web\/sala-de-bano-armani-roca-espacio-38-casa-foa-2018\/#primaryimage"},"thumbnailUrl":"https:\/\/www.arquimaster.com.ar\/web\/wp-content\/uploads\/2018\/10\/espacio38_casafoa2018_slide.jpg","keywords":["Armani","ba\u00f1o","Casa FOA 2018","cuarto de ba\u00f1o","Roca","sala de ba\u00f1o"],"articleSection":["Casa FOA 2018","Dise\u00f1o"],"inLanguage":"es"},{"@type":"WebPage","@id":"https:\/\/www.arquimaster.com.ar\/web\/sala-de-bano-armani-roca-espacio-38-casa-foa-2018\/","url":"https:\/\/www.arquimaster.com.ar\/web\/sala-de-bano-armani-roca-espacio-38-casa-foa-2018\/","name":"Sala de ba\u00f1o Armani\/Roca (Espacio 38 \/ Casa FOA 2018) - Arquimaster","isPartOf":{"@id":"https:\/\/www.arquimaster.com.ar\/web\/#website"},"primaryImageOfPage":{"@id":"https:\/\/www.arquimaster.com.ar\/web\/sala-de-bano-armani-roca-espacio-38-casa-foa-2018\/#primaryimage"},"image":{"@id":"https:\/\/www.arquimaster.com.ar\/web\/sala-de-bano-armani-roca-espacio-38-casa-foa-2018\/#primaryimage"},"thumbnailUrl":"https:\/\/www.arquimaster.com.ar\/web\/wp-content\/uploads\/2018\/10\/espacio38_casafoa2018_slide.jpg","datePublished":"2018-10-22T23:51:00+00:00","dateModified":"2018-10-24T19:55:03+00:00","breadcrumb":{"@id":"https:\/\/www.arquimaster.com.ar\/web\/sala-de-bano-armani-roca-espacio-38-casa-foa-2018\/#breadcrumb"},"inLanguage":"es","potentialAction":[{"@type":"ReadAction","target":["https:\/\/www.arquimaster.com.ar\/web\/sala-de-bano-armani-roca-espacio-38-casa-foa-2018\/"]}]},{"@type":"ImageObject","inLanguage":"es","@id":"https:\/\/www.arquimaster.com.ar\/web\/sala-de-bano-armani-roca-espacio-38-casa-foa-2018\/#primaryimage","url":"https:\/\/www.arquimaster.com.ar\/web\/wp-content\/uploads\/2018\/10\/espacio38_casafoa2018_slide.jpg","contentUrl":"https:\/\/www.arquimaster.com.ar\/web\/wp-content\/uploads\/2018\/10\/espacio38_casafoa2018_slide.jpg","width":642,"height":336},{"@type":"BreadcrumbList","@id":"https:\/\/www.arquimaster.com.ar\/web\/sala-de-bano-armani-roca-espacio-38-casa-foa-2018\/#breadcrumb","itemListElement":[{"@type":"ListItem","position":1,"name":"Portada","item":"https:\/\/www.arquimaster.com.ar\/web\/"},{"@type":"ListItem","position":2,"name":"Sala de ba\u00f1o Armani\/Roca (Espacio 38 \/ Casa FOA 2018)"}]},{"@type":"WebSite","@id":"https:\/\/www.arquimaster.com.ar\/web\/#website","url":"https:\/\/www.arquimaster.com.ar\/web\/","name":"Arquimaster","description":"Web de arquitectura, dise\u00f1o y construccion","publisher":{"@id":"https:\/\/www.arquimaster.com.ar\/web\/#organization"},"potentialAction":[{"@type":"SearchAction","target":{"@type":"EntryPoint","urlTemplate":"https:\/\/www.arquimaster.com.ar\/web\/?s={search_term_string}"},"query-input":{"@type":"PropertyValueSpecification","valueRequired":true,"valueName":"search_term_string"}}],"inLanguage":"es"},{"@type":"Organization","@id":"https:\/\/www.arquimaster.com.ar\/web\/#organization","name":"Arquimaster","url":"https:\/\/www.arquimaster.com.ar\/web\/","logo":{"@type":"ImageObject","inLanguage":"es","@id":"https:\/\/www.arquimaster.com.ar\/web\/#\/schema\/logo\/image\/","url":"https:\/\/www.arquimaster.com.ar\/web\/wp-content\/uploads\/2022\/06\/arquimaster.png","contentUrl":"https:\/\/www.arquimaster.com.ar\/web\/wp-content\/uploads\/2022\/06\/arquimaster.png","width":594,"height":78,"caption":"Arquimaster"},"image":{"@id":"https:\/\/www.arquimaster.com.ar\/web\/#\/schema\/logo\/image\/"},"sameAs":["http:\/\/www.facebook.com\/ARQUIMASTER.com.ar","https:\/\/x.com\/arquimaster","https:\/\/www.instagram.com\/arquimasterblog\/","https:\/\/www.linkedin.com\/company\/arquimaster","https:\/\/www.pinterest.com\/arquimaster","https:\/\/t.me\/arquimaster"]},{"@type":"Person","@id":"https:\/\/www.arquimaster.com.ar\/web\/#\/schema\/person\/359e9f7c00193fcde068e0dd2ceb0028","name":"Arquimaster"}]}},"uagb_featured_image_src":{"full":["https:\/\/www.arquimaster.com.ar\/web\/wp-content\/uploads\/2018\/10\/espacio38_casafoa2018_slide.jpg",642,336,false],"thumbnail":["https:\/\/www.arquimaster.com.ar\/web\/wp-content\/uploads\/2018\/10\/espacio38_casafoa2018_slide-150x150.jpg",150,150,true],"medium":["https:\/\/www.arquimaster.com.ar\/web\/wp-content\/uploads\/2018\/10\/espacio38_casafoa2018_slide.jpg",642,336,false],"medium_large":["https:\/\/www.arquimaster.com.ar\/web\/wp-content\/uploads\/2018\/10\/espacio38_casafoa2018_slide.jpg",642,336,false],"large":["https:\/\/www.arquimaster.com.ar\/web\/wp-content\/uploads\/2018\/10\/espacio38_casafoa2018_slide.jpg",642,336,false],"1536x1536":["https:\/\/www.arquimaster.com.ar\/web\/wp-content\/uploads\/2018\/10\/espacio38_casafoa2018_slide.jpg",642,336,false],"2048x2048":["https:\/\/www.arquimaster.com.ar\/web\/wp-content\/uploads\/2018\/10\/espacio38_casafoa2018_slide.jpg",642,336,false]},"uagb_author_info":{"display_name":"Arquimaster","author_link":"https:\/\/www.arquimaster.com.ar\/web\/author\/arquimaster\/"},"uagb_comment_info":0,"uagb_excerpt":"Expresi\u00f3n de la elegante simplicidad y la total armon\u00eda, propia del inconfundible estilo Armani...","_links":{"self":[{"href":"https:\/\/www.arquimaster.com.ar\/web\/wp-json\/wp\/v2\/posts\/33220","targetHints":{"allow":["GET"]}}],"collection":[{"href":"https:\/\/www.arquimaster.com.ar\/web\/wp-json\/wp\/v2\/posts"}],"about":[{"href":"https:\/\/www.arquimaster.com.ar\/web\/wp-json\/wp\/v2\/types\/post"}],"author":[{"embeddable":true,"href":"https:\/\/www.arquimaster.com.ar\/web\/wp-json\/wp\/v2\/users\/1"}],"replies":[{"embeddable":true,"href":"https:\/\/www.arquimaster.com.ar\/web\/wp-json\/wp\/v2\/comments?post=33220"}],"version-history":[{"count":0,"href":"https:\/\/www.arquimaster.com.ar\/web\/wp-json\/wp\/v2\/posts\/33220\/revisions"}],"wp:featuredmedia":[{"embeddable":true,"href":"https:\/\/www.arquimaster.com.ar\/web\/wp-json\/wp\/v2\/media\/33221"}],"wp:attachment":[{"href":"https:\/\/www.arquimaster.com.ar\/web\/wp-json\/wp\/v2\/media?parent=33220"}],"wp:term":[{"taxonomy":"category","embeddable":true,"href":"https:\/\/www.arquimaster.com.ar\/web\/wp-json\/wp\/v2\/categories?post=33220"},{"taxonomy":"post_tag","embeddable":true,"href":"https:\/\/www.arquimaster.com.ar\/web\/wp-json\/wp\/v2\/tags?post=33220"}],"curies":[{"name":"wp","href":"https:\/\/api.w.org\/{rel}","templated":true}]}}