{"id":33444,"date":"2018-11-01T18:43:57","date_gmt":"2018-11-01T18:43:57","guid":{"rendered":"http:\/\/www.arquimaster.com.ar\/web\/?p=33444"},"modified":"2020-03-14T17:17:40","modified_gmt":"2020-03-14T20:17:40","slug":"the-nim-bar-hitzig-militello-arquitectos","status":"publish","type":"post","link":"https:\/\/www.arquimaster.com.ar\/web\/the-nim-bar-hitzig-militello-arquitectos\/","title":{"rendered":"The Nim Bar \/ Hitzig Militello Arquitectos"},"content":{"rendered":"<div style=\"margin-top: 0px; margin-bottom: 0px;\" class=\"sharethis-inline-share-buttons\" ><\/div><div class=\"b812932af2e751442846f039925109de\" data-index=\"1\" style=\"float: none; margin:25px 0 25px 0; text-align:center;\">\n<script async src=\"https:\/\/pagead2.googlesyndication.com\/pagead\/js\/adsbygoogle.js\"><\/script>\r\n<!-- Arquimaster (superior) -->\r\n<ins class=\"adsbygoogle\"\r\n     style=\"display:block\"\r\n     data-ad-client=\"ca-pub-6351072698456832\"\r\n     data-ad-slot=\"6455489680\"\r\n     data-ad-format=\"auto\"\r\n     data-full-width-responsive=\"true\"><\/ins>\r\n<script>\r\n     (adsbygoogle = window.adsbygoogle || []).push({});\r\n<\/script>\n<\/div>\n<p><strong>The Nim Bar<\/strong> (Ciudad de Buenos Aires, Argentina) por <strong>Hitzig Militello Arquitectos<\/strong>. El proyecto desde su g\u00e9nesis tuvo que apelar a la disociaci\u00f3n est\u00e9tica del t\u00edpico bar cervecero. El desaf\u00edo era conformar un universo est\u00e9tico novedoso asociado m\u00e1s bien a los bares de cocteler\u00eda pero sin obviar la impresionante marca de 30 canillas, enfatizando la idea del mayor bar cervecero de Buenos Aires.<\/p>\n<p>La idea conceptual incorpora elementos muy ajenos a reminiscencias conocidas por los bares de estas caracter\u00edsticas. Para ello fue de suma importancia virar a una idea de conceptualizaci\u00f3n, cuyo punto de partida fue la composici\u00f3n de tramas las cuales parten de una \u00abposible influencia\u00bb de un estilo proto-racionalista muy tradicional en el interiorismo americano y oriental.<\/p>\n<div id='gallery-1' class='gallery galleryid-33444 gallery-columns-3 gallery-size-thumbnail'><figure class='gallery-item'>\n\t\t\t<div class='gallery-icon landscape'>\n\t\t\t\t<a href='https:\/\/www.arquimaster.com.ar\/web\/wp-content\/uploads\/2018\/11\/the_nim_bar1.jpg' title=\"The Nim Bar \/ Hitzig Militello Arquitectos (\u00a9 Federico Kulekdjian)\" data-rl_title=\"The Nim Bar \/ Hitzig Militello Arquitectos (\u00a9 Federico Kulekdjian)\" class=\"rl-gallery-link\" data-rl_caption=\"The Nim Bar \/ Hitzig Militello Arquitectos (\u00a9 Federico Kulekdjian)\" data-rel=\"lightbox-gallery-1\"><img loading=\"lazy\" decoding=\"async\" width=\"150\" height=\"150\" src=\"https:\/\/www.arquimaster.com.ar\/web\/wp-content\/uploads\/2018\/11\/the_nim_bar1-150x150.jpg\" class=\"attachment-thumbnail size-thumbnail\" alt=\"\" aria-describedby=\"gallery-1-33446\" srcset=\"https:\/\/www.arquimaster.com.ar\/web\/wp-content\/uploads\/2018\/11\/the_nim_bar1-150x150.jpg 150w, https:\/\/www.arquimaster.com.ar\/web\/wp-content\/uploads\/2018\/11\/the_nim_bar1-50x50.jpg 50w, https:\/\/www.arquimaster.com.ar\/web\/wp-content\/uploads\/2018\/11\/the_nim_bar1-125x125.jpg 125w\" sizes=\"auto, (max-width: 150px) 100vw, 150px\" \/><\/a>\n\t\t\t<\/div>\n\t\t\t\t<figcaption class='wp-caption-text gallery-caption' id='gallery-1-33446'>\n\t\t\t\tThe Nim Bar \/ Hitzig Militello Arquitectos (\u00a9 Federico Kulekdjian)\n\t\t\t\t<\/figcaption><\/figure><figure class='gallery-item'>\n\t\t\t<div class='gallery-icon portrait'>\n\t\t\t\t<a href='https:\/\/www.arquimaster.com.ar\/web\/wp-content\/uploads\/2018\/11\/the_nim_bar2.jpg' title=\"The Nim Bar \/ Hitzig Militello Arquitectos (\u00a9 Federico Kulekdjian)\" data-rl_title=\"The Nim Bar \/ Hitzig Militello Arquitectos (\u00a9 Federico Kulekdjian)\" class=\"rl-gallery-link\" data-rl_caption=\"The Nim Bar \/ Hitzig Militello Arquitectos (\u00a9 Federico Kulekdjian)\" data-rel=\"lightbox-gallery-1\"><img loading=\"lazy\" decoding=\"async\" width=\"150\" height=\"150\" src=\"https:\/\/www.arquimaster.com.ar\/web\/wp-content\/uploads\/2018\/11\/the_nim_bar2-150x150.jpg\" class=\"attachment-thumbnail size-thumbnail\" alt=\"\" aria-describedby=\"gallery-1-33447\" srcset=\"https:\/\/www.arquimaster.com.ar\/web\/wp-content\/uploads\/2018\/11\/the_nim_bar2-150x150.jpg 150w, https:\/\/www.arquimaster.com.ar\/web\/wp-content\/uploads\/2018\/11\/the_nim_bar2-50x50.jpg 50w, https:\/\/www.arquimaster.com.ar\/web\/wp-content\/uploads\/2018\/11\/the_nim_bar2-125x125.jpg 125w\" sizes=\"auto, (max-width: 150px) 100vw, 150px\" \/><\/a>\n\t\t\t<\/div>\n\t\t\t\t<figcaption class='wp-caption-text gallery-caption' id='gallery-1-33447'>\n\t\t\t\tThe Nim Bar \/ Hitzig Militello Arquitectos (\u00a9 Federico Kulekdjian)\n\t\t\t\t<\/figcaption><\/figure><figure class='gallery-item'>\n\t\t\t<div class='gallery-icon landscape'>\n\t\t\t\t<a href='https:\/\/www.arquimaster.com.ar\/web\/wp-content\/uploads\/2018\/11\/the_nim_bar3.jpg' title=\"The Nim Bar \/ Hitzig Militello Arquitectos (\u00a9 Federico Kulekdjian)\" data-rl_title=\"The Nim Bar \/ Hitzig Militello Arquitectos (\u00a9 Federico Kulekdjian)\" class=\"rl-gallery-link\" data-rl_caption=\"The Nim Bar \/ Hitzig Militello Arquitectos (\u00a9 Federico Kulekdjian)\" data-rel=\"lightbox-gallery-1\"><img loading=\"lazy\" decoding=\"async\" width=\"150\" height=\"150\" src=\"https:\/\/www.arquimaster.com.ar\/web\/wp-content\/uploads\/2018\/11\/the_nim_bar3-150x150.jpg\" class=\"attachment-thumbnail size-thumbnail\" alt=\"\" aria-describedby=\"gallery-1-33448\" srcset=\"https:\/\/www.arquimaster.com.ar\/web\/wp-content\/uploads\/2018\/11\/the_nim_bar3-150x150.jpg 150w, https:\/\/www.arquimaster.com.ar\/web\/wp-content\/uploads\/2018\/11\/the_nim_bar3-50x50.jpg 50w, https:\/\/www.arquimaster.com.ar\/web\/wp-content\/uploads\/2018\/11\/the_nim_bar3-125x125.jpg 125w\" sizes=\"auto, (max-width: 150px) 100vw, 150px\" \/><\/a>\n\t\t\t<\/div>\n\t\t\t\t<figcaption class='wp-caption-text gallery-caption' id='gallery-1-33448'>\n\t\t\t\tThe Nim Bar \/ Hitzig Militello Arquitectos (\u00a9 Federico Kulekdjian)\n\t\t\t\t<\/figcaption><\/figure><figure class='gallery-item'>\n\t\t\t<div class='gallery-icon landscape'>\n\t\t\t\t<a href='https:\/\/www.arquimaster.com.ar\/web\/wp-content\/uploads\/2018\/11\/the_nim_bar4.jpg' title=\"The Nim Bar \/ Hitzig Militello Arquitectos (\u00a9 Federico Kulekdjian)\" data-rl_title=\"The Nim Bar \/ Hitzig Militello Arquitectos (\u00a9 Federico Kulekdjian)\" class=\"rl-gallery-link\" data-rl_caption=\"The Nim Bar \/ Hitzig Militello Arquitectos (\u00a9 Federico Kulekdjian)\" data-rel=\"lightbox-gallery-1\"><img loading=\"lazy\" decoding=\"async\" width=\"150\" height=\"150\" src=\"https:\/\/www.arquimaster.com.ar\/web\/wp-content\/uploads\/2018\/11\/the_nim_bar4-150x150.jpg\" class=\"attachment-thumbnail size-thumbnail\" alt=\"\" aria-describedby=\"gallery-1-33449\" srcset=\"https:\/\/www.arquimaster.com.ar\/web\/wp-content\/uploads\/2018\/11\/the_nim_bar4-150x150.jpg 150w, https:\/\/www.arquimaster.com.ar\/web\/wp-content\/uploads\/2018\/11\/the_nim_bar4-50x50.jpg 50w, https:\/\/www.arquimaster.com.ar\/web\/wp-content\/uploads\/2018\/11\/the_nim_bar4-125x125.jpg 125w\" sizes=\"auto, (max-width: 150px) 100vw, 150px\" \/><\/a>\n\t\t\t<\/div>\n\t\t\t\t<figcaption class='wp-caption-text gallery-caption' id='gallery-1-33449'>\n\t\t\t\tThe Nim Bar \/ Hitzig Militello Arquitectos (\u00a9 Federico Kulekdjian)\n\t\t\t\t<\/figcaption><\/figure><figure class='gallery-item'>\n\t\t\t<div class='gallery-icon portrait'>\n\t\t\t\t<a href='https:\/\/www.arquimaster.com.ar\/web\/wp-content\/uploads\/2018\/11\/the_nim_bar5.jpg' title=\"The Nim Bar \/ Hitzig Militello Arquitectos (\u00a9 Federico Kulekdjian)\" data-rl_title=\"The Nim Bar \/ Hitzig Militello Arquitectos (\u00a9 Federico Kulekdjian)\" class=\"rl-gallery-link\" data-rl_caption=\"The Nim Bar \/ Hitzig Militello Arquitectos (\u00a9 Federico Kulekdjian)\" data-rel=\"lightbox-gallery-1\"><img loading=\"lazy\" decoding=\"async\" width=\"150\" height=\"150\" src=\"https:\/\/www.arquimaster.com.ar\/web\/wp-content\/uploads\/2018\/11\/the_nim_bar5-150x150.jpg\" class=\"attachment-thumbnail size-thumbnail\" alt=\"\" aria-describedby=\"gallery-1-33450\" srcset=\"https:\/\/www.arquimaster.com.ar\/web\/wp-content\/uploads\/2018\/11\/the_nim_bar5-150x150.jpg 150w, https:\/\/www.arquimaster.com.ar\/web\/wp-content\/uploads\/2018\/11\/the_nim_bar5-50x50.jpg 50w, https:\/\/www.arquimaster.com.ar\/web\/wp-content\/uploads\/2018\/11\/the_nim_bar5-125x125.jpg 125w\" sizes=\"auto, (max-width: 150px) 100vw, 150px\" \/><\/a>\n\t\t\t<\/div>\n\t\t\t\t<figcaption class='wp-caption-text gallery-caption' id='gallery-1-33450'>\n\t\t\t\tThe Nim Bar \/ Hitzig Militello Arquitectos (\u00a9 Federico Kulekdjian)\n\t\t\t\t<\/figcaption><\/figure><figure class='gallery-item'>\n\t\t\t<div class='gallery-icon landscape'>\n\t\t\t\t<a href='https:\/\/www.arquimaster.com.ar\/web\/wp-content\/uploads\/2018\/11\/the_nim_bar6.jpg' title=\"The Nim Bar \/ Hitzig Militello Arquitectos (\u00a9 Federico Kulekdjian)\" data-rl_title=\"The Nim Bar \/ Hitzig Militello Arquitectos (\u00a9 Federico Kulekdjian)\" class=\"rl-gallery-link\" data-rl_caption=\"The Nim Bar \/ Hitzig Militello Arquitectos (\u00a9 Federico Kulekdjian)\" data-rel=\"lightbox-gallery-1\"><img loading=\"lazy\" decoding=\"async\" width=\"150\" height=\"150\" src=\"https:\/\/www.arquimaster.com.ar\/web\/wp-content\/uploads\/2018\/11\/the_nim_bar6-150x150.jpg\" class=\"attachment-thumbnail size-thumbnail\" alt=\"\" aria-describedby=\"gallery-1-33451\" srcset=\"https:\/\/www.arquimaster.com.ar\/web\/wp-content\/uploads\/2018\/11\/the_nim_bar6-150x150.jpg 150w, https:\/\/www.arquimaster.com.ar\/web\/wp-content\/uploads\/2018\/11\/the_nim_bar6-50x50.jpg 50w, https:\/\/www.arquimaster.com.ar\/web\/wp-content\/uploads\/2018\/11\/the_nim_bar6-125x125.jpg 125w\" sizes=\"auto, (max-width: 150px) 100vw, 150px\" \/><\/a>\n\t\t\t<\/div>\n\t\t\t\t<figcaption class='wp-caption-text gallery-caption' id='gallery-1-33451'>\n\t\t\t\tThe Nim Bar \/ Hitzig Militello Arquitectos (\u00a9 Federico Kulekdjian)\n\t\t\t\t<\/figcaption><\/figure><figure class='gallery-item'>\n\t\t\t<div class='gallery-icon landscape'>\n\t\t\t\t<a href='https:\/\/www.arquimaster.com.ar\/web\/wp-content\/uploads\/2018\/11\/the_nim_bar7.jpg' title=\"The Nim Bar \/ Hitzig Militello Arquitectos (\u00a9 Federico Kulekdjian)\" data-rl_title=\"The Nim Bar \/ Hitzig Militello Arquitectos (\u00a9 Federico Kulekdjian)\" class=\"rl-gallery-link\" data-rl_caption=\"The Nim Bar \/ Hitzig Militello Arquitectos (\u00a9 Federico Kulekdjian)\" data-rel=\"lightbox-gallery-1\"><img loading=\"lazy\" decoding=\"async\" width=\"150\" height=\"150\" src=\"https:\/\/www.arquimaster.com.ar\/web\/wp-content\/uploads\/2018\/11\/the_nim_bar7-150x150.jpg\" class=\"attachment-thumbnail size-thumbnail\" alt=\"\" aria-describedby=\"gallery-1-33452\" srcset=\"https:\/\/www.arquimaster.com.ar\/web\/wp-content\/uploads\/2018\/11\/the_nim_bar7-150x150.jpg 150w, https:\/\/www.arquimaster.com.ar\/web\/wp-content\/uploads\/2018\/11\/the_nim_bar7-50x50.jpg 50w, https:\/\/www.arquimaster.com.ar\/web\/wp-content\/uploads\/2018\/11\/the_nim_bar7-125x125.jpg 125w\" sizes=\"auto, (max-width: 150px) 100vw, 150px\" \/><\/a>\n\t\t\t<\/div>\n\t\t\t\t<figcaption class='wp-caption-text gallery-caption' id='gallery-1-33452'>\n\t\t\t\tThe Nim Bar \/ Hitzig Militello Arquitectos (\u00a9 Federico Kulekdjian)\n\t\t\t\t<\/figcaption><\/figure><figure class='gallery-item'>\n\t\t\t<div class='gallery-icon landscape'>\n\t\t\t\t<a href='https:\/\/www.arquimaster.com.ar\/web\/wp-content\/uploads\/2018\/11\/the_nim_bar8.jpg' title=\"The Nim Bar \/ Hitzig Militello Arquitectos (\u00a9 Federico Kulekdjian)\" data-rl_title=\"The Nim Bar \/ Hitzig Militello Arquitectos (\u00a9 Federico Kulekdjian)\" class=\"rl-gallery-link\" data-rl_caption=\"The Nim Bar \/ Hitzig Militello Arquitectos (\u00a9 Federico Kulekdjian)\" data-rel=\"lightbox-gallery-1\"><img loading=\"lazy\" decoding=\"async\" width=\"150\" height=\"150\" src=\"https:\/\/www.arquimaster.com.ar\/web\/wp-content\/uploads\/2018\/11\/the_nim_bar8-150x150.jpg\" class=\"attachment-thumbnail size-thumbnail\" alt=\"\" aria-describedby=\"gallery-1-33453\" srcset=\"https:\/\/www.arquimaster.com.ar\/web\/wp-content\/uploads\/2018\/11\/the_nim_bar8-150x150.jpg 150w, https:\/\/www.arquimaster.com.ar\/web\/wp-content\/uploads\/2018\/11\/the_nim_bar8-50x50.jpg 50w, https:\/\/www.arquimaster.com.ar\/web\/wp-content\/uploads\/2018\/11\/the_nim_bar8-125x125.jpg 125w\" sizes=\"auto, (max-width: 150px) 100vw, 150px\" \/><\/a>\n\t\t\t<\/div>\n\t\t\t\t<figcaption class='wp-caption-text gallery-caption' id='gallery-1-33453'>\n\t\t\t\tThe Nim Bar \/ Hitzig Militello Arquitectos (\u00a9 Federico Kulekdjian)\n\t\t\t\t<\/figcaption><\/figure><figure class='gallery-item'>\n\t\t\t<div class='gallery-icon portrait'>\n\t\t\t\t<a href='https:\/\/www.arquimaster.com.ar\/web\/wp-content\/uploads\/2018\/11\/the_nim_bar9.jpg' title=\"The Nim Bar \/ Hitzig Militello Arquitectos (\u00a9 Federico Kulekdjian)\" data-rl_title=\"The Nim Bar \/ Hitzig Militello Arquitectos (\u00a9 Federico Kulekdjian)\" class=\"rl-gallery-link\" data-rl_caption=\"The Nim Bar \/ Hitzig Militello Arquitectos (\u00a9 Federico Kulekdjian)\" data-rel=\"lightbox-gallery-1\"><img loading=\"lazy\" decoding=\"async\" width=\"150\" height=\"150\" src=\"https:\/\/www.arquimaster.com.ar\/web\/wp-content\/uploads\/2018\/11\/the_nim_bar9-150x150.jpg\" class=\"attachment-thumbnail size-thumbnail\" alt=\"\" aria-describedby=\"gallery-1-33454\" srcset=\"https:\/\/www.arquimaster.com.ar\/web\/wp-content\/uploads\/2018\/11\/the_nim_bar9-150x150.jpg 150w, https:\/\/www.arquimaster.com.ar\/web\/wp-content\/uploads\/2018\/11\/the_nim_bar9-50x50.jpg 50w, https:\/\/www.arquimaster.com.ar\/web\/wp-content\/uploads\/2018\/11\/the_nim_bar9-125x125.jpg 125w\" sizes=\"auto, (max-width: 150px) 100vw, 150px\" \/><\/a>\n\t\t\t<\/div>\n\t\t\t\t<figcaption class='wp-caption-text gallery-caption' id='gallery-1-33454'>\n\t\t\t\tThe Nim Bar \/ Hitzig Militello Arquitectos (\u00a9 Federico Kulekdjian)\n\t\t\t\t<\/figcaption><\/figure><figure class='gallery-item'>\n\t\t\t<div class='gallery-icon portrait'>\n\t\t\t\t<a href='https:\/\/www.arquimaster.com.ar\/web\/wp-content\/uploads\/2018\/11\/the_nim_bar10.jpg' title=\"The Nim Bar \/ Hitzig Militello Arquitectos (\u00a9 Federico Kulekdjian)\" data-rl_title=\"The Nim Bar \/ Hitzig Militello Arquitectos (\u00a9 Federico Kulekdjian)\" class=\"rl-gallery-link\" data-rl_caption=\"The Nim Bar \/ Hitzig Militello Arquitectos (\u00a9 Federico Kulekdjian)\" data-rel=\"lightbox-gallery-1\"><img loading=\"lazy\" decoding=\"async\" width=\"150\" height=\"150\" src=\"https:\/\/www.arquimaster.com.ar\/web\/wp-content\/uploads\/2018\/11\/the_nim_bar10-150x150.jpg\" class=\"attachment-thumbnail size-thumbnail\" alt=\"\" aria-describedby=\"gallery-1-33455\" srcset=\"https:\/\/www.arquimaster.com.ar\/web\/wp-content\/uploads\/2018\/11\/the_nim_bar10-150x150.jpg 150w, https:\/\/www.arquimaster.com.ar\/web\/wp-content\/uploads\/2018\/11\/the_nim_bar10-50x50.jpg 50w, https:\/\/www.arquimaster.com.ar\/web\/wp-content\/uploads\/2018\/11\/the_nim_bar10-125x125.jpg 125w\" sizes=\"auto, (max-width: 150px) 100vw, 150px\" \/><\/a>\n\t\t\t<\/div>\n\t\t\t\t<figcaption class='wp-caption-text gallery-caption' id='gallery-1-33455'>\n\t\t\t\tThe Nim Bar \/ Hitzig Militello Arquitectos (\u00a9 Federico Kulekdjian)\n\t\t\t\t<\/figcaption><\/figure><figure class='gallery-item'>\n\t\t\t<div class='gallery-icon portrait'>\n\t\t\t\t<a href='https:\/\/www.arquimaster.com.ar\/web\/wp-content\/uploads\/2018\/11\/the_nim_bar11.jpg' title=\"The Nim Bar \/ Hitzig Militello Arquitectos (\u00a9 Federico Kulekdjian)\" data-rl_title=\"The Nim Bar \/ Hitzig Militello Arquitectos (\u00a9 Federico Kulekdjian)\" class=\"rl-gallery-link\" data-rl_caption=\"The Nim Bar \/ Hitzig Militello Arquitectos (\u00a9 Federico Kulekdjian)\" data-rel=\"lightbox-gallery-1\"><img loading=\"lazy\" decoding=\"async\" width=\"150\" height=\"150\" src=\"https:\/\/www.arquimaster.com.ar\/web\/wp-content\/uploads\/2018\/11\/the_nim_bar11-150x150.jpg\" class=\"attachment-thumbnail size-thumbnail\" alt=\"\" aria-describedby=\"gallery-1-33456\" srcset=\"https:\/\/www.arquimaster.com.ar\/web\/wp-content\/uploads\/2018\/11\/the_nim_bar11-150x150.jpg 150w, https:\/\/www.arquimaster.com.ar\/web\/wp-content\/uploads\/2018\/11\/the_nim_bar11-50x50.jpg 50w, https:\/\/www.arquimaster.com.ar\/web\/wp-content\/uploads\/2018\/11\/the_nim_bar11-125x125.jpg 125w\" sizes=\"auto, (max-width: 150px) 100vw, 150px\" \/><\/a>\n\t\t\t<\/div>\n\t\t\t\t<figcaption class='wp-caption-text gallery-caption' id='gallery-1-33456'>\n\t\t\t\tThe Nim Bar \/ Hitzig Militello Arquitectos (\u00a9 Federico Kulekdjian)\n\t\t\t\t<\/figcaption><\/figure><figure class='gallery-item'>\n\t\t\t<div class='gallery-icon portrait'>\n\t\t\t\t<a href='https:\/\/www.arquimaster.com.ar\/web\/wp-content\/uploads\/2018\/11\/the_nim_bar12.jpg' title=\"The Nim Bar \/ Hitzig Militello Arquitectos (\u00a9 Federico Kulekdjian)\" data-rl_title=\"The Nim Bar \/ Hitzig Militello Arquitectos (\u00a9 Federico Kulekdjian)\" class=\"rl-gallery-link\" data-rl_caption=\"The Nim Bar \/ Hitzig Militello Arquitectos (\u00a9 Federico Kulekdjian)\" data-rel=\"lightbox-gallery-1\"><img loading=\"lazy\" decoding=\"async\" width=\"150\" height=\"150\" src=\"https:\/\/www.arquimaster.com.ar\/web\/wp-content\/uploads\/2018\/11\/the_nim_bar12-150x150.jpg\" class=\"attachment-thumbnail size-thumbnail\" alt=\"\" aria-describedby=\"gallery-1-33457\" srcset=\"https:\/\/www.arquimaster.com.ar\/web\/wp-content\/uploads\/2018\/11\/the_nim_bar12-150x150.jpg 150w, https:\/\/www.arquimaster.com.ar\/web\/wp-content\/uploads\/2018\/11\/the_nim_bar12-50x50.jpg 50w, https:\/\/www.arquimaster.com.ar\/web\/wp-content\/uploads\/2018\/11\/the_nim_bar12-125x125.jpg 125w\" sizes=\"auto, (max-width: 150px) 100vw, 150px\" \/><\/a>\n\t\t\t<\/div>\n\t\t\t\t<figcaption class='wp-caption-text gallery-caption' id='gallery-1-33457'>\n\t\t\t\tThe Nim Bar \/ Hitzig Militello Arquitectos (\u00a9 Federico Kulekdjian)\n\t\t\t\t<\/figcaption><\/figure><figure class='gallery-item'>\n\t\t\t<div class='gallery-icon portrait'>\n\t\t\t\t<a href='https:\/\/www.arquimaster.com.ar\/web\/wp-content\/uploads\/2018\/11\/the_nim_bar13.jpg' title=\"The Nim Bar \/ Hitzig Militello Arquitectos (\u00a9 Federico Kulekdjian)\" data-rl_title=\"The Nim Bar \/ Hitzig Militello Arquitectos (\u00a9 Federico Kulekdjian)\" class=\"rl-gallery-link\" data-rl_caption=\"The Nim Bar \/ Hitzig Militello Arquitectos (\u00a9 Federico Kulekdjian)\" data-rel=\"lightbox-gallery-1\"><img loading=\"lazy\" decoding=\"async\" width=\"150\" height=\"150\" src=\"https:\/\/www.arquimaster.com.ar\/web\/wp-content\/uploads\/2018\/11\/the_nim_bar13-150x150.jpg\" class=\"attachment-thumbnail size-thumbnail\" alt=\"\" aria-describedby=\"gallery-1-33458\" srcset=\"https:\/\/www.arquimaster.com.ar\/web\/wp-content\/uploads\/2018\/11\/the_nim_bar13-150x150.jpg 150w, https:\/\/www.arquimaster.com.ar\/web\/wp-content\/uploads\/2018\/11\/the_nim_bar13-50x50.jpg 50w, https:\/\/www.arquimaster.com.ar\/web\/wp-content\/uploads\/2018\/11\/the_nim_bar13-125x125.jpg 125w\" sizes=\"auto, (max-width: 150px) 100vw, 150px\" \/><\/a>\n\t\t\t<\/div>\n\t\t\t\t<figcaption class='wp-caption-text gallery-caption' id='gallery-1-33458'>\n\t\t\t\tThe Nim Bar \/ Hitzig Militello Arquitectos (\u00a9 Federico Kulekdjian)\n\t\t\t\t<\/figcaption><\/figure><figure class='gallery-item'>\n\t\t\t<div class='gallery-icon portrait'>\n\t\t\t\t<a href='https:\/\/www.arquimaster.com.ar\/web\/wp-content\/uploads\/2018\/11\/the_nim_bar14.jpg' title=\"The Nim Bar \/ Hitzig Militello Arquitectos (\u00a9 Federico Kulekdjian)\" data-rl_title=\"The Nim Bar \/ Hitzig Militello Arquitectos (\u00a9 Federico Kulekdjian)\" class=\"rl-gallery-link\" data-rl_caption=\"The Nim Bar \/ Hitzig Militello Arquitectos (\u00a9 Federico Kulekdjian)\" data-rel=\"lightbox-gallery-1\"><img loading=\"lazy\" decoding=\"async\" width=\"150\" height=\"150\" src=\"https:\/\/www.arquimaster.com.ar\/web\/wp-content\/uploads\/2018\/11\/the_nim_bar14-150x150.jpg\" class=\"attachment-thumbnail size-thumbnail\" alt=\"\" aria-describedby=\"gallery-1-33459\" srcset=\"https:\/\/www.arquimaster.com.ar\/web\/wp-content\/uploads\/2018\/11\/the_nim_bar14-150x150.jpg 150w, https:\/\/www.arquimaster.com.ar\/web\/wp-content\/uploads\/2018\/11\/the_nim_bar14-50x50.jpg 50w, https:\/\/www.arquimaster.com.ar\/web\/wp-content\/uploads\/2018\/11\/the_nim_bar14-125x125.jpg 125w\" sizes=\"auto, (max-width: 150px) 100vw, 150px\" \/><\/a>\n\t\t\t<\/div>\n\t\t\t\t<figcaption class='wp-caption-text gallery-caption' id='gallery-1-33459'>\n\t\t\t\tThe Nim Bar \/ Hitzig Militello Arquitectos (\u00a9 Federico Kulekdjian)\n\t\t\t\t<\/figcaption><\/figure><figure class='gallery-item'>\n\t\t\t<div class='gallery-icon landscape'>\n\t\t\t\t<a href='https:\/\/www.arquimaster.com.ar\/web\/wp-content\/uploads\/2018\/11\/the_nim_bar15.jpg' title=\"The Nim Bar \/ Hitzig Militello Arquitectos (\u00a9 Federico Kulekdjian)\" data-rl_title=\"The Nim Bar \/ Hitzig Militello Arquitectos (\u00a9 Federico Kulekdjian)\" class=\"rl-gallery-link\" data-rl_caption=\"The Nim Bar \/ Hitzig Militello Arquitectos (\u00a9 Federico Kulekdjian)\" data-rel=\"lightbox-gallery-1\"><img loading=\"lazy\" decoding=\"async\" width=\"150\" height=\"150\" src=\"https:\/\/www.arquimaster.com.ar\/web\/wp-content\/uploads\/2018\/11\/the_nim_bar15-150x150.jpg\" class=\"attachment-thumbnail size-thumbnail\" alt=\"\" aria-describedby=\"gallery-1-33460\" srcset=\"https:\/\/www.arquimaster.com.ar\/web\/wp-content\/uploads\/2018\/11\/the_nim_bar15-150x150.jpg 150w, https:\/\/www.arquimaster.com.ar\/web\/wp-content\/uploads\/2018\/11\/the_nim_bar15-50x50.jpg 50w, https:\/\/www.arquimaster.com.ar\/web\/wp-content\/uploads\/2018\/11\/the_nim_bar15-125x125.jpg 125w\" sizes=\"auto, (max-width: 150px) 100vw, 150px\" \/><\/a>\n\t\t\t<\/div>\n\t\t\t\t<figcaption class='wp-caption-text gallery-caption' id='gallery-1-33460'>\n\t\t\t\tThe Nim Bar \/ Hitzig Militello Arquitectos (\u00a9 Federico Kulekdjian)\n\t\t\t\t<\/figcaption><\/figure>\n\t\t<\/div>\n\n<p>Compuesto de dos tipos de densidad de tramas de madera, cerradas y abiertas, en tonos roble las cuales generan m\u00faltiples profundidades. Estas son en definitiva velos y tamices que develan misterios entre sus intersticios.<\/p>\n<p>Su organizaci\u00f3n tipo ajedrez, compone las tramas cerradas de las abiertas. Otro material pero del mismo sistema compositivo son los calc\u00e1reos en varios de sus muros. La estrategia comunicativa en la fachada propone un expresionismo y un sistema similar a su interior.<\/p>\n<div id='gallery-2' class='gallery galleryid-33444 gallery-columns-3 gallery-size-thumbnail'><figure class='gallery-item'>\n\t\t\t<div class='gallery-icon portrait'>\n\t\t\t\t<a href='https:\/\/www.arquimaster.com.ar\/web\/wp-content\/uploads\/2018\/11\/the_nim_bar16.jpg' title=\"The Nim Bar \/ Hitzig Militello Arquitectos (\u00a9 Federico Kulekdjian)\" data-rl_title=\"The Nim Bar \/ Hitzig Militello Arquitectos (\u00a9 Federico Kulekdjian)\" class=\"rl-gallery-link\" data-rl_caption=\"The Nim Bar \/ Hitzig Militello Arquitectos (\u00a9 Federico Kulekdjian)\" data-rel=\"lightbox-gallery-2\"><img loading=\"lazy\" decoding=\"async\" width=\"150\" height=\"150\" src=\"https:\/\/www.arquimaster.com.ar\/web\/wp-content\/uploads\/2018\/11\/the_nim_bar16-150x150.jpg\" class=\"attachment-thumbnail size-thumbnail\" alt=\"\" aria-describedby=\"gallery-2-33461\" srcset=\"https:\/\/www.arquimaster.com.ar\/web\/wp-content\/uploads\/2018\/11\/the_nim_bar16-150x150.jpg 150w, https:\/\/www.arquimaster.com.ar\/web\/wp-content\/uploads\/2018\/11\/the_nim_bar16-50x50.jpg 50w, https:\/\/www.arquimaster.com.ar\/web\/wp-content\/uploads\/2018\/11\/the_nim_bar16-125x125.jpg 125w\" sizes=\"auto, (max-width: 150px) 100vw, 150px\" \/><\/a>\n\t\t\t<\/div>\n\t\t\t\t<figcaption class='wp-caption-text gallery-caption' id='gallery-2-33461'>\n\t\t\t\tThe Nim Bar \/ Hitzig Militello Arquitectos (\u00a9 Federico Kulekdjian)\n\t\t\t\t<\/figcaption><\/figure><figure class='gallery-item'>\n\t\t\t<div class='gallery-icon landscape'>\n\t\t\t\t<a href='https:\/\/www.arquimaster.com.ar\/web\/wp-content\/uploads\/2018\/11\/the_nim_bar17.jpg' title=\"The Nim Bar \/ Hitzig Militello Arquitectos (\u00a9 Federico Kulekdjian)\" data-rl_title=\"The Nim Bar \/ Hitzig Militello Arquitectos (\u00a9 Federico Kulekdjian)\" class=\"rl-gallery-link\" data-rl_caption=\"The Nim Bar \/ Hitzig Militello Arquitectos (\u00a9 Federico Kulekdjian)\" data-rel=\"lightbox-gallery-2\"><img loading=\"lazy\" decoding=\"async\" width=\"150\" height=\"150\" src=\"https:\/\/www.arquimaster.com.ar\/web\/wp-content\/uploads\/2018\/11\/the_nim_bar17-150x150.jpg\" class=\"attachment-thumbnail size-thumbnail\" alt=\"\" aria-describedby=\"gallery-2-33462\" srcset=\"https:\/\/www.arquimaster.com.ar\/web\/wp-content\/uploads\/2018\/11\/the_nim_bar17-150x150.jpg 150w, https:\/\/www.arquimaster.com.ar\/web\/wp-content\/uploads\/2018\/11\/the_nim_bar17-50x50.jpg 50w, https:\/\/www.arquimaster.com.ar\/web\/wp-content\/uploads\/2018\/11\/the_nim_bar17-125x125.jpg 125w\" sizes=\"auto, (max-width: 150px) 100vw, 150px\" \/><\/a>\n\t\t\t<\/div>\n\t\t\t\t<figcaption class='wp-caption-text gallery-caption' id='gallery-2-33462'>\n\t\t\t\tThe Nim Bar \/ Hitzig Militello Arquitectos (\u00a9 Federico Kulekdjian)\n\t\t\t\t<\/figcaption><\/figure><figure class='gallery-item'>\n\t\t\t<div class='gallery-icon landscape'>\n\t\t\t\t<a href='https:\/\/www.arquimaster.com.ar\/web\/wp-content\/uploads\/2018\/11\/the_nim_bar18.jpg' title=\"The Nim Bar \/ Hitzig Militello Arquitectos (\u00a9 Federico Kulekdjian)\" data-rl_title=\"The Nim Bar \/ Hitzig Militello Arquitectos (\u00a9 Federico Kulekdjian)\" class=\"rl-gallery-link\" data-rl_caption=\"The Nim Bar \/ Hitzig Militello Arquitectos (\u00a9 Federico Kulekdjian)\" data-rel=\"lightbox-gallery-2\"><img loading=\"lazy\" decoding=\"async\" width=\"150\" height=\"150\" src=\"https:\/\/www.arquimaster.com.ar\/web\/wp-content\/uploads\/2018\/11\/the_nim_bar18-150x150.jpg\" class=\"attachment-thumbnail size-thumbnail\" alt=\"\" aria-describedby=\"gallery-2-33463\" srcset=\"https:\/\/www.arquimaster.com.ar\/web\/wp-content\/uploads\/2018\/11\/the_nim_bar18-150x150.jpg 150w, https:\/\/www.arquimaster.com.ar\/web\/wp-content\/uploads\/2018\/11\/the_nim_bar18-50x50.jpg 50w, https:\/\/www.arquimaster.com.ar\/web\/wp-content\/uploads\/2018\/11\/the_nim_bar18-125x125.jpg 125w\" sizes=\"auto, (max-width: 150px) 100vw, 150px\" \/><\/a>\n\t\t\t<\/div>\n\t\t\t\t<figcaption class='wp-caption-text gallery-caption' id='gallery-2-33463'>\n\t\t\t\tThe Nim Bar \/ Hitzig Militello Arquitectos (\u00a9 Federico Kulekdjian)\n\t\t\t\t<\/figcaption><\/figure><figure class='gallery-item'>\n\t\t\t<div class='gallery-icon landscape'>\n\t\t\t\t<a href='https:\/\/www.arquimaster.com.ar\/web\/wp-content\/uploads\/2018\/11\/the_nim_bar19.jpg' title=\"The Nim Bar \/ Hitzig Militello Arquitectos (\u00a9 Federico Kulekdjian)\" data-rl_title=\"The Nim Bar \/ Hitzig Militello Arquitectos (\u00a9 Federico Kulekdjian)\" class=\"rl-gallery-link\" data-rl_caption=\"The Nim Bar \/ Hitzig Militello Arquitectos (\u00a9 Federico Kulekdjian)\" data-rel=\"lightbox-gallery-2\"><img loading=\"lazy\" decoding=\"async\" width=\"150\" height=\"150\" src=\"https:\/\/www.arquimaster.com.ar\/web\/wp-content\/uploads\/2018\/11\/the_nim_bar19-150x150.jpg\" class=\"attachment-thumbnail size-thumbnail\" alt=\"\" aria-describedby=\"gallery-2-33464\" srcset=\"https:\/\/www.arquimaster.com.ar\/web\/wp-content\/uploads\/2018\/11\/the_nim_bar19-150x150.jpg 150w, https:\/\/www.arquimaster.com.ar\/web\/wp-content\/uploads\/2018\/11\/the_nim_bar19-50x50.jpg 50w, https:\/\/www.arquimaster.com.ar\/web\/wp-content\/uploads\/2018\/11\/the_nim_bar19-125x125.jpg 125w\" sizes=\"auto, (max-width: 150px) 100vw, 150px\" \/><\/a>\n\t\t\t<\/div>\n\t\t\t\t<figcaption class='wp-caption-text gallery-caption' id='gallery-2-33464'>\n\t\t\t\tThe Nim Bar \/ Hitzig Militello Arquitectos (\u00a9 Federico Kulekdjian)\n\t\t\t\t<\/figcaption><\/figure><figure class='gallery-item'>\n\t\t\t<div class='gallery-icon portrait'>\n\t\t\t\t<a href='https:\/\/www.arquimaster.com.ar\/web\/wp-content\/uploads\/2018\/11\/the_nim_bar20.jpg' title=\"The Nim Bar \/ Hitzig Militello Arquitectos (\u00a9 Federico Kulekdjian)\" data-rl_title=\"The Nim Bar \/ Hitzig Militello Arquitectos (\u00a9 Federico Kulekdjian)\" class=\"rl-gallery-link\" data-rl_caption=\"The Nim Bar \/ Hitzig Militello Arquitectos (\u00a9 Federico Kulekdjian)\" data-rel=\"lightbox-gallery-2\"><img loading=\"lazy\" decoding=\"async\" width=\"150\" height=\"150\" src=\"https:\/\/www.arquimaster.com.ar\/web\/wp-content\/uploads\/2018\/11\/the_nim_bar20-150x150.jpg\" class=\"attachment-thumbnail size-thumbnail\" alt=\"\" aria-describedby=\"gallery-2-33465\" srcset=\"https:\/\/www.arquimaster.com.ar\/web\/wp-content\/uploads\/2018\/11\/the_nim_bar20-150x150.jpg 150w, https:\/\/www.arquimaster.com.ar\/web\/wp-content\/uploads\/2018\/11\/the_nim_bar20-50x50.jpg 50w, https:\/\/www.arquimaster.com.ar\/web\/wp-content\/uploads\/2018\/11\/the_nim_bar20-125x125.jpg 125w\" sizes=\"auto, (max-width: 150px) 100vw, 150px\" \/><\/a>\n\t\t\t<\/div>\n\t\t\t\t<figcaption class='wp-caption-text gallery-caption' id='gallery-2-33465'>\n\t\t\t\tThe Nim Bar \/ Hitzig Militello Arquitectos (\u00a9 Federico Kulekdjian)\n\t\t\t\t<\/figcaption><\/figure><figure class='gallery-item'>\n\t\t\t<div class='gallery-icon landscape'>\n\t\t\t\t<a href='https:\/\/www.arquimaster.com.ar\/web\/wp-content\/uploads\/2018\/11\/the_nim_bar21.jpg' title=\"The Nim Bar \/ Hitzig Militello Arquitectos (\u00a9 Federico Kulekdjian)\" data-rl_title=\"The Nim Bar \/ Hitzig Militello Arquitectos (\u00a9 Federico Kulekdjian)\" class=\"rl-gallery-link\" data-rl_caption=\"The Nim Bar \/ Hitzig Militello Arquitectos (\u00a9 Federico Kulekdjian)\" data-rel=\"lightbox-gallery-2\"><img loading=\"lazy\" decoding=\"async\" width=\"150\" height=\"150\" src=\"https:\/\/www.arquimaster.com.ar\/web\/wp-content\/uploads\/2018\/11\/the_nim_bar21-150x150.jpg\" class=\"attachment-thumbnail size-thumbnail\" alt=\"\" aria-describedby=\"gallery-2-33466\" srcset=\"https:\/\/www.arquimaster.com.ar\/web\/wp-content\/uploads\/2018\/11\/the_nim_bar21-150x150.jpg 150w, https:\/\/www.arquimaster.com.ar\/web\/wp-content\/uploads\/2018\/11\/the_nim_bar21-50x50.jpg 50w, https:\/\/www.arquimaster.com.ar\/web\/wp-content\/uploads\/2018\/11\/the_nim_bar21-125x125.jpg 125w\" sizes=\"auto, (max-width: 150px) 100vw, 150px\" \/><\/a>\n\t\t\t<\/div>\n\t\t\t\t<figcaption class='wp-caption-text gallery-caption' id='gallery-2-33466'>\n\t\t\t\tThe Nim Bar \/ Hitzig Militello Arquitectos (\u00a9 Federico Kulekdjian)\n\t\t\t\t<\/figcaption><\/figure><figure class='gallery-item'>\n\t\t\t<div class='gallery-icon landscape'>\n\t\t\t\t<a href='https:\/\/www.arquimaster.com.ar\/web\/wp-content\/uploads\/2018\/11\/the_nim_bar22.jpg' title=\"The Nim Bar \/ Hitzig Militello Arquitectos (\u00a9 Federico Kulekdjian)\" data-rl_title=\"The Nim Bar \/ Hitzig Militello Arquitectos (\u00a9 Federico Kulekdjian)\" class=\"rl-gallery-link\" data-rl_caption=\"The Nim Bar \/ Hitzig Militello Arquitectos (\u00a9 Federico Kulekdjian)\" data-rel=\"lightbox-gallery-2\"><img loading=\"lazy\" decoding=\"async\" width=\"150\" height=\"150\" src=\"https:\/\/www.arquimaster.com.ar\/web\/wp-content\/uploads\/2018\/11\/the_nim_bar22-150x150.jpg\" class=\"attachment-thumbnail size-thumbnail\" alt=\"\" aria-describedby=\"gallery-2-33467\" srcset=\"https:\/\/www.arquimaster.com.ar\/web\/wp-content\/uploads\/2018\/11\/the_nim_bar22-150x150.jpg 150w, https:\/\/www.arquimaster.com.ar\/web\/wp-content\/uploads\/2018\/11\/the_nim_bar22-50x50.jpg 50w, https:\/\/www.arquimaster.com.ar\/web\/wp-content\/uploads\/2018\/11\/the_nim_bar22-125x125.jpg 125w\" sizes=\"auto, (max-width: 150px) 100vw, 150px\" \/><\/a>\n\t\t\t<\/div>\n\t\t\t\t<figcaption class='wp-caption-text gallery-caption' id='gallery-2-33467'>\n\t\t\t\tThe Nim Bar \/ Hitzig Militello Arquitectos (\u00a9 Federico Kulekdjian)\n\t\t\t\t<\/figcaption><\/figure><figure class='gallery-item'>\n\t\t\t<div class='gallery-icon landscape'>\n\t\t\t\t<a href='https:\/\/www.arquimaster.com.ar\/web\/wp-content\/uploads\/2018\/11\/the_nim_bar23.jpg' title=\"The Nim Bar \/ Hitzig Militello Arquitectos (\u00a9 Federico Kulekdjian)\" data-rl_title=\"The Nim Bar \/ Hitzig Militello Arquitectos (\u00a9 Federico Kulekdjian)\" class=\"rl-gallery-link\" data-rl_caption=\"The Nim Bar \/ Hitzig Militello Arquitectos (\u00a9 Federico Kulekdjian)\" data-rel=\"lightbox-gallery-2\"><img loading=\"lazy\" decoding=\"async\" width=\"150\" height=\"150\" src=\"https:\/\/www.arquimaster.com.ar\/web\/wp-content\/uploads\/2018\/11\/the_nim_bar23-150x150.jpg\" class=\"attachment-thumbnail size-thumbnail\" alt=\"\" aria-describedby=\"gallery-2-33468\" srcset=\"https:\/\/www.arquimaster.com.ar\/web\/wp-content\/uploads\/2018\/11\/the_nim_bar23-150x150.jpg 150w, https:\/\/www.arquimaster.com.ar\/web\/wp-content\/uploads\/2018\/11\/the_nim_bar23-50x50.jpg 50w, https:\/\/www.arquimaster.com.ar\/web\/wp-content\/uploads\/2018\/11\/the_nim_bar23-125x125.jpg 125w\" sizes=\"auto, (max-width: 150px) 100vw, 150px\" \/><\/a>\n\t\t\t<\/div>\n\t\t\t\t<figcaption class='wp-caption-text gallery-caption' id='gallery-2-33468'>\n\t\t\t\tThe Nim Bar \/ Hitzig Militello Arquitectos (\u00a9 Federico Kulekdjian)\n\t\t\t\t<\/figcaption><\/figure><figure class='gallery-item'>\n\t\t\t<div class='gallery-icon portrait'>\n\t\t\t\t<a href='https:\/\/www.arquimaster.com.ar\/web\/wp-content\/uploads\/2018\/11\/the_nim_bar24.jpg' title=\"The Nim Bar \/ Hitzig Militello Arquitectos (\u00a9 Federico Kulekdjian)\" data-rl_title=\"The Nim Bar \/ Hitzig Militello Arquitectos (\u00a9 Federico Kulekdjian)\" class=\"rl-gallery-link\" data-rl_caption=\"The Nim Bar \/ Hitzig Militello Arquitectos (\u00a9 Federico Kulekdjian)\" data-rel=\"lightbox-gallery-2\"><img loading=\"lazy\" decoding=\"async\" width=\"150\" height=\"150\" src=\"https:\/\/www.arquimaster.com.ar\/web\/wp-content\/uploads\/2018\/11\/the_nim_bar24-150x150.jpg\" class=\"attachment-thumbnail size-thumbnail\" alt=\"\" aria-describedby=\"gallery-2-33469\" srcset=\"https:\/\/www.arquimaster.com.ar\/web\/wp-content\/uploads\/2018\/11\/the_nim_bar24-150x150.jpg 150w, https:\/\/www.arquimaster.com.ar\/web\/wp-content\/uploads\/2018\/11\/the_nim_bar24-50x50.jpg 50w, https:\/\/www.arquimaster.com.ar\/web\/wp-content\/uploads\/2018\/11\/the_nim_bar24-125x125.jpg 125w\" sizes=\"auto, (max-width: 150px) 100vw, 150px\" \/><\/a>\n\t\t\t<\/div>\n\t\t\t\t<figcaption class='wp-caption-text gallery-caption' id='gallery-2-33469'>\n\t\t\t\tThe Nim Bar \/ Hitzig Militello Arquitectos (\u00a9 Federico Kulekdjian)\n\t\t\t\t<\/figcaption><\/figure><figure class='gallery-item'>\n\t\t\t<div class='gallery-icon landscape'>\n\t\t\t\t<a href='https:\/\/www.arquimaster.com.ar\/web\/wp-content\/uploads\/2018\/11\/the_nim_bar25.jpg' title=\"The Nim Bar \/ Hitzig Militello Arquitectos (\u00a9 Federico Kulekdjian)\" data-rl_title=\"The Nim Bar \/ Hitzig Militello Arquitectos (\u00a9 Federico Kulekdjian)\" class=\"rl-gallery-link\" data-rl_caption=\"The Nim Bar \/ Hitzig Militello Arquitectos (\u00a9 Federico Kulekdjian)\" data-rel=\"lightbox-gallery-2\"><img loading=\"lazy\" decoding=\"async\" width=\"150\" height=\"150\" src=\"https:\/\/www.arquimaster.com.ar\/web\/wp-content\/uploads\/2018\/11\/the_nim_bar25-150x150.jpg\" class=\"attachment-thumbnail size-thumbnail\" alt=\"\" aria-describedby=\"gallery-2-33470\" srcset=\"https:\/\/www.arquimaster.com.ar\/web\/wp-content\/uploads\/2018\/11\/the_nim_bar25-150x150.jpg 150w, https:\/\/www.arquimaster.com.ar\/web\/wp-content\/uploads\/2018\/11\/the_nim_bar25-1024x1024.jpg 1024w, https:\/\/www.arquimaster.com.ar\/web\/wp-content\/uploads\/2018\/11\/the_nim_bar25-768x768.jpg 768w, https:\/\/www.arquimaster.com.ar\/web\/wp-content\/uploads\/2018\/11\/the_nim_bar25-50x50.jpg 50w, https:\/\/www.arquimaster.com.ar\/web\/wp-content\/uploads\/2018\/11\/the_nim_bar25-125x125.jpg 125w, https:\/\/www.arquimaster.com.ar\/web\/wp-content\/uploads\/2018\/11\/the_nim_bar25.jpg 1500w\" sizes=\"auto, (max-width: 150px) 100vw, 150px\" \/><\/a>\n\t\t\t<\/div>\n\t\t\t\t<figcaption class='wp-caption-text gallery-caption' id='gallery-2-33470'>\n\t\t\t\tThe Nim Bar \/ Hitzig Militello Arquitectos (\u00a9 Federico Kulekdjian)\n\t\t\t\t<\/figcaption><\/figure><figure class='gallery-item'>\n\t\t\t<div class='gallery-icon portrait'>\n\t\t\t\t<a href='https:\/\/www.arquimaster.com.ar\/web\/wp-content\/uploads\/2018\/11\/the_nim_bar26.jpg' title=\"The Nim Bar \/ Hitzig Militello Arquitectos (\u00a9 Federico Kulekdjian)\" data-rl_title=\"The Nim Bar \/ Hitzig Militello Arquitectos (\u00a9 Federico Kulekdjian)\" class=\"rl-gallery-link\" data-rl_caption=\"The Nim Bar \/ Hitzig Militello Arquitectos (\u00a9 Federico Kulekdjian)\" data-rel=\"lightbox-gallery-2\"><img loading=\"lazy\" decoding=\"async\" width=\"150\" height=\"150\" src=\"https:\/\/www.arquimaster.com.ar\/web\/wp-content\/uploads\/2018\/11\/the_nim_bar26-150x150.jpg\" class=\"attachment-thumbnail size-thumbnail\" alt=\"\" aria-describedby=\"gallery-2-33471\" srcset=\"https:\/\/www.arquimaster.com.ar\/web\/wp-content\/uploads\/2018\/11\/the_nim_bar26-150x150.jpg 150w, https:\/\/www.arquimaster.com.ar\/web\/wp-content\/uploads\/2018\/11\/the_nim_bar26-50x50.jpg 50w, https:\/\/www.arquimaster.com.ar\/web\/wp-content\/uploads\/2018\/11\/the_nim_bar26-125x125.jpg 125w\" sizes=\"auto, (max-width: 150px) 100vw, 150px\" \/><\/a>\n\t\t\t<\/div>\n\t\t\t\t<figcaption class='wp-caption-text gallery-caption' id='gallery-2-33471'>\n\t\t\t\tThe Nim Bar \/ Hitzig Militello Arquitectos (\u00a9 Federico Kulekdjian)\n\t\t\t\t<\/figcaption><\/figure><figure class='gallery-item'>\n\t\t\t<div class='gallery-icon portrait'>\n\t\t\t\t<a href='https:\/\/www.arquimaster.com.ar\/web\/wp-content\/uploads\/2018\/11\/the_nim_bar27.jpg' title=\"The Nim Bar \/ Hitzig Militello Arquitectos (\u00a9 Federico Kulekdjian)\" data-rl_title=\"The Nim Bar \/ Hitzig Militello Arquitectos (\u00a9 Federico Kulekdjian)\" class=\"rl-gallery-link\" data-rl_caption=\"The Nim Bar \/ Hitzig Militello Arquitectos (\u00a9 Federico Kulekdjian)\" data-rel=\"lightbox-gallery-2\"><img loading=\"lazy\" decoding=\"async\" width=\"150\" height=\"150\" src=\"https:\/\/www.arquimaster.com.ar\/web\/wp-content\/uploads\/2018\/11\/the_nim_bar27-150x150.jpg\" class=\"attachment-thumbnail size-thumbnail\" alt=\"\" aria-describedby=\"gallery-2-33472\" srcset=\"https:\/\/www.arquimaster.com.ar\/web\/wp-content\/uploads\/2018\/11\/the_nim_bar27-150x150.jpg 150w, https:\/\/www.arquimaster.com.ar\/web\/wp-content\/uploads\/2018\/11\/the_nim_bar27-50x50.jpg 50w, https:\/\/www.arquimaster.com.ar\/web\/wp-content\/uploads\/2018\/11\/the_nim_bar27-125x125.jpg 125w\" sizes=\"auto, (max-width: 150px) 100vw, 150px\" \/><\/a>\n\t\t\t<\/div>\n\t\t\t\t<figcaption class='wp-caption-text gallery-caption' id='gallery-2-33472'>\n\t\t\t\tThe Nim Bar \/ Hitzig Militello Arquitectos (\u00a9 Federico Kulekdjian)\n\t\t\t\t<\/figcaption><\/figure><figure class='gallery-item'>\n\t\t\t<div class='gallery-icon landscape'>\n\t\t\t\t<a href='https:\/\/www.arquimaster.com.ar\/web\/wp-content\/uploads\/2018\/11\/the_nim_bar28.jpg' title=\"The Nim Bar \/ Hitzig Militello Arquitectos (\u00a9 Federico Kulekdjian)\" data-rl_title=\"The Nim Bar \/ Hitzig Militello Arquitectos (\u00a9 Federico Kulekdjian)\" class=\"rl-gallery-link\" data-rl_caption=\"The Nim Bar \/ Hitzig Militello Arquitectos (\u00a9 Federico Kulekdjian)\" data-rel=\"lightbox-gallery-2\"><img loading=\"lazy\" decoding=\"async\" width=\"150\" height=\"150\" src=\"https:\/\/www.arquimaster.com.ar\/web\/wp-content\/uploads\/2018\/11\/the_nim_bar28-150x150.jpg\" class=\"attachment-thumbnail size-thumbnail\" alt=\"\" aria-describedby=\"gallery-2-33473\" srcset=\"https:\/\/www.arquimaster.com.ar\/web\/wp-content\/uploads\/2018\/11\/the_nim_bar28-150x150.jpg 150w, https:\/\/www.arquimaster.com.ar\/web\/wp-content\/uploads\/2018\/11\/the_nim_bar28-50x50.jpg 50w, https:\/\/www.arquimaster.com.ar\/web\/wp-content\/uploads\/2018\/11\/the_nim_bar28-125x125.jpg 125w\" sizes=\"auto, (max-width: 150px) 100vw, 150px\" \/><\/a>\n\t\t\t<\/div>\n\t\t\t\t<figcaption class='wp-caption-text gallery-caption' id='gallery-2-33473'>\n\t\t\t\tThe Nim Bar \/ Hitzig Militello Arquitectos (\u00a9 Federico Kulekdjian)\n\t\t\t\t<\/figcaption><\/figure><figure class='gallery-item'>\n\t\t\t<div class='gallery-icon landscape'>\n\t\t\t\t<a href='https:\/\/www.arquimaster.com.ar\/web\/wp-content\/uploads\/2018\/11\/the_nim_bar29.jpg' title=\"The Nim Bar \/ Hitzig Militello Arquitectos (\u00a9 Federico Kulekdjian)\" data-rl_title=\"The Nim Bar \/ Hitzig Militello Arquitectos (\u00a9 Federico Kulekdjian)\" class=\"rl-gallery-link\" data-rl_caption=\"The Nim Bar \/ Hitzig Militello Arquitectos (\u00a9 Federico Kulekdjian)\" data-rel=\"lightbox-gallery-2\"><img loading=\"lazy\" decoding=\"async\" width=\"150\" height=\"150\" src=\"https:\/\/www.arquimaster.com.ar\/web\/wp-content\/uploads\/2018\/11\/the_nim_bar29-150x150.jpg\" class=\"attachment-thumbnail size-thumbnail\" alt=\"\" aria-describedby=\"gallery-2-33474\" srcset=\"https:\/\/www.arquimaster.com.ar\/web\/wp-content\/uploads\/2018\/11\/the_nim_bar29-150x150.jpg 150w, https:\/\/www.arquimaster.com.ar\/web\/wp-content\/uploads\/2018\/11\/the_nim_bar29-50x50.jpg 50w, https:\/\/www.arquimaster.com.ar\/web\/wp-content\/uploads\/2018\/11\/the_nim_bar29-125x125.jpg 125w\" sizes=\"auto, (max-width: 150px) 100vw, 150px\" \/><\/a>\n\t\t\t<\/div>\n\t\t\t\t<figcaption class='wp-caption-text gallery-caption' id='gallery-2-33474'>\n\t\t\t\tThe Nim Bar \/ Hitzig Militello Arquitectos (\u00a9 Federico Kulekdjian)\n\t\t\t\t<\/figcaption><\/figure><figure class='gallery-item'>\n\t\t\t<div class='gallery-icon landscape'>\n\t\t\t\t<a href='https:\/\/www.arquimaster.com.ar\/web\/wp-content\/uploads\/2018\/11\/the_nim_bar30.jpg' title=\"The Nim Bar \/ Hitzig Militello Arquitectos (\u00a9 Federico Kulekdjian)\" data-rl_title=\"The Nim Bar \/ Hitzig Militello Arquitectos (\u00a9 Federico Kulekdjian)\" class=\"rl-gallery-link\" data-rl_caption=\"The Nim Bar \/ Hitzig Militello Arquitectos (\u00a9 Federico Kulekdjian)\" data-rel=\"lightbox-gallery-2\"><img loading=\"lazy\" decoding=\"async\" width=\"150\" height=\"150\" src=\"https:\/\/www.arquimaster.com.ar\/web\/wp-content\/uploads\/2018\/11\/the_nim_bar30-150x150.jpg\" class=\"attachment-thumbnail size-thumbnail\" alt=\"\" aria-describedby=\"gallery-2-33475\" srcset=\"https:\/\/www.arquimaster.com.ar\/web\/wp-content\/uploads\/2018\/11\/the_nim_bar30-150x150.jpg 150w, https:\/\/www.arquimaster.com.ar\/web\/wp-content\/uploads\/2018\/11\/the_nim_bar30-50x50.jpg 50w, https:\/\/www.arquimaster.com.ar\/web\/wp-content\/uploads\/2018\/11\/the_nim_bar30-125x125.jpg 125w\" sizes=\"auto, (max-width: 150px) 100vw, 150px\" \/><\/a>\n\t\t\t<\/div>\n\t\t\t\t<figcaption class='wp-caption-text gallery-caption' id='gallery-2-33475'>\n\t\t\t\tThe Nim Bar \/ Hitzig Militello Arquitectos (\u00a9 Federico Kulekdjian)\n\t\t\t\t<\/figcaption><\/figure><figure class='gallery-item'>\n\t\t\t<div class='gallery-icon landscape'>\n\t\t\t\t<a href='https:\/\/www.arquimaster.com.ar\/web\/wp-content\/uploads\/2018\/11\/the_nim_bar31.jpg' title=\"The Nim Bar \/ Hitzig Militello Arquitectos (\u00a9 Federico Kulekdjian)\" data-rl_title=\"The Nim Bar \/ Hitzig Militello Arquitectos (\u00a9 Federico Kulekdjian)\" class=\"rl-gallery-link\" data-rl_caption=\"The Nim Bar \/ Hitzig Militello Arquitectos (\u00a9 Federico Kulekdjian)\" data-rel=\"lightbox-gallery-2\"><img loading=\"lazy\" decoding=\"async\" width=\"150\" height=\"150\" src=\"https:\/\/www.arquimaster.com.ar\/web\/wp-content\/uploads\/2018\/11\/the_nim_bar31-150x150.jpg\" class=\"attachment-thumbnail size-thumbnail\" alt=\"\" aria-describedby=\"gallery-2-33476\" srcset=\"https:\/\/www.arquimaster.com.ar\/web\/wp-content\/uploads\/2018\/11\/the_nim_bar31-150x150.jpg 150w, https:\/\/www.arquimaster.com.ar\/web\/wp-content\/uploads\/2018\/11\/the_nim_bar31-50x50.jpg 50w, https:\/\/www.arquimaster.com.ar\/web\/wp-content\/uploads\/2018\/11\/the_nim_bar31-125x125.jpg 125w\" sizes=\"auto, (max-width: 150px) 100vw, 150px\" \/><\/a>\n\t\t\t<\/div>\n\t\t\t\t<figcaption class='wp-caption-text gallery-caption' id='gallery-2-33476'>\n\t\t\t\tThe Nim Bar \/ Hitzig Militello Arquitectos (\u00a9 Federico Kulekdjian)\n\t\t\t\t<\/figcaption><\/figure><figure class='gallery-item'>\n\t\t\t<div class='gallery-icon landscape'>\n\t\t\t\t<a href='https:\/\/www.arquimaster.com.ar\/web\/wp-content\/uploads\/2018\/11\/the_nim_bar32.jpg' title=\"The Nim Bar \/ Hitzig Militello Arquitectos (\u00a9 Federico Kulekdjian)\" data-rl_title=\"The Nim Bar \/ Hitzig Militello Arquitectos (\u00a9 Federico Kulekdjian)\" class=\"rl-gallery-link\" data-rl_caption=\"The Nim Bar \/ Hitzig Militello Arquitectos (\u00a9 Federico Kulekdjian)\" data-rel=\"lightbox-gallery-2\"><img loading=\"lazy\" decoding=\"async\" width=\"150\" height=\"150\" src=\"https:\/\/www.arquimaster.com.ar\/web\/wp-content\/uploads\/2018\/11\/the_nim_bar32-150x150.jpg\" class=\"attachment-thumbnail size-thumbnail\" alt=\"\" aria-describedby=\"gallery-2-33477\" srcset=\"https:\/\/www.arquimaster.com.ar\/web\/wp-content\/uploads\/2018\/11\/the_nim_bar32-150x150.jpg 150w, https:\/\/www.arquimaster.com.ar\/web\/wp-content\/uploads\/2018\/11\/the_nim_bar32-50x50.jpg 50w, https:\/\/www.arquimaster.com.ar\/web\/wp-content\/uploads\/2018\/11\/the_nim_bar32-125x125.jpg 125w\" sizes=\"auto, (max-width: 150px) 100vw, 150px\" \/><\/a>\n\t\t\t<\/div>\n\t\t\t\t<figcaption class='wp-caption-text gallery-caption' id='gallery-2-33477'>\n\t\t\t\tThe Nim Bar \/ Hitzig Militello Arquitectos (\u00a9 Federico Kulekdjian)\n\t\t\t\t<\/figcaption><\/figure><figure class='gallery-item'>\n\t\t\t<div class='gallery-icon landscape'>\n\t\t\t\t<a href='https:\/\/www.arquimaster.com.ar\/web\/wp-content\/uploads\/2018\/11\/the_nim_bar33.jpg' title=\"The Nim Bar \/ Hitzig Militello Arquitectos (\u00a9 Federico Kulekdjian)\" data-rl_title=\"The Nim Bar \/ Hitzig Militello Arquitectos (\u00a9 Federico Kulekdjian)\" class=\"rl-gallery-link\" data-rl_caption=\"The Nim Bar \/ Hitzig Militello Arquitectos (\u00a9 Federico Kulekdjian)\" data-rel=\"lightbox-gallery-2\"><img loading=\"lazy\" decoding=\"async\" width=\"150\" height=\"150\" src=\"https:\/\/www.arquimaster.com.ar\/web\/wp-content\/uploads\/2018\/11\/the_nim_bar33-150x150.jpg\" class=\"attachment-thumbnail size-thumbnail\" alt=\"\" aria-describedby=\"gallery-2-33478\" srcset=\"https:\/\/www.arquimaster.com.ar\/web\/wp-content\/uploads\/2018\/11\/the_nim_bar33-150x150.jpg 150w, https:\/\/www.arquimaster.com.ar\/web\/wp-content\/uploads\/2018\/11\/the_nim_bar33-50x50.jpg 50w, https:\/\/www.arquimaster.com.ar\/web\/wp-content\/uploads\/2018\/11\/the_nim_bar33-125x125.jpg 125w\" sizes=\"auto, (max-width: 150px) 100vw, 150px\" \/><\/a>\n\t\t\t<\/div>\n\t\t\t\t<figcaption class='wp-caption-text gallery-caption' id='gallery-2-33478'>\n\t\t\t\tThe Nim Bar \/ Hitzig Militello Arquitectos (\u00a9 Federico Kulekdjian)\n\t\t\t\t<\/figcaption><\/figure>\n\t\t<\/div>\n\n<p>Al tratarse de materiales y composiciones de alta densidad, optamos por contrastarlo con muros empapelados con patrones neutros que permitan un dialogo y no una competencia entre dise\u00f1os. El dise\u00f1o de los empapelados est\u00e1n asociados a un universo de naturaleza vegetal, y en concordancia con ello existen varios sectores donde contamos con la presencia viva de la naturaleza, tal y como lo define en su nombre la bajada de l\u00ednea.<\/p>\n<p>Dos intervenciones vegetales definen la espacialidad. Por un lado el semicubierto de ingreso en ambos lados como m\u00e9todo de comunicaci\u00f3n peatonal y por otro lado la larga \u00ablengua verde\u00bb en todo el centro del sal\u00f3n principal sectorizando la gran \u00e1rea central de comensales.<\/p>\n<div id='gallery-3' class='gallery galleryid-33444 gallery-columns-3 gallery-size-thumbnail'><figure class='gallery-item'>\n\t\t\t<div class='gallery-icon landscape'>\n\t\t\t\t<a href='https:\/\/www.arquimaster.com.ar\/web\/wp-content\/uploads\/2018\/11\/the_nim_bar34.jpg' title=\"The Nim Bar \/ Hitzig Militello Arquitectos (\u00a9 Federico Kulekdjian)\" data-rl_title=\"The Nim Bar \/ Hitzig Militello Arquitectos (\u00a9 Federico Kulekdjian)\" class=\"rl-gallery-link\" data-rl_caption=\"The Nim Bar \/ Hitzig Militello Arquitectos (\u00a9 Federico Kulekdjian)\" data-rel=\"lightbox-gallery-3\"><img loading=\"lazy\" decoding=\"async\" width=\"150\" height=\"150\" src=\"https:\/\/www.arquimaster.com.ar\/web\/wp-content\/uploads\/2018\/11\/the_nim_bar34-150x150.jpg\" class=\"attachment-thumbnail size-thumbnail\" alt=\"\" aria-describedby=\"gallery-3-33479\" srcset=\"https:\/\/www.arquimaster.com.ar\/web\/wp-content\/uploads\/2018\/11\/the_nim_bar34-150x150.jpg 150w, https:\/\/www.arquimaster.com.ar\/web\/wp-content\/uploads\/2018\/11\/the_nim_bar34-50x50.jpg 50w, https:\/\/www.arquimaster.com.ar\/web\/wp-content\/uploads\/2018\/11\/the_nim_bar34-125x125.jpg 125w\" sizes=\"auto, (max-width: 150px) 100vw, 150px\" \/><\/a>\n\t\t\t<\/div>\n\t\t\t\t<figcaption class='wp-caption-text gallery-caption' id='gallery-3-33479'>\n\t\t\t\tThe Nim Bar \/ Hitzig Militello Arquitectos (\u00a9 Federico Kulekdjian)\n\t\t\t\t<\/figcaption><\/figure><figure class='gallery-item'>\n\t\t\t<div class='gallery-icon portrait'>\n\t\t\t\t<a href='https:\/\/www.arquimaster.com.ar\/web\/wp-content\/uploads\/2018\/11\/the_nim_bar35.jpg' title=\"The Nim Bar \/ Hitzig Militello Arquitectos (\u00a9 Federico Kulekdjian)\" data-rl_title=\"The Nim Bar \/ Hitzig Militello Arquitectos (\u00a9 Federico Kulekdjian)\" class=\"rl-gallery-link\" data-rl_caption=\"The Nim Bar \/ Hitzig Militello Arquitectos (\u00a9 Federico Kulekdjian)\" data-rel=\"lightbox-gallery-3\"><img loading=\"lazy\" decoding=\"async\" width=\"150\" height=\"150\" src=\"https:\/\/www.arquimaster.com.ar\/web\/wp-content\/uploads\/2018\/11\/the_nim_bar35-150x150.jpg\" class=\"attachment-thumbnail size-thumbnail\" alt=\"\" aria-describedby=\"gallery-3-33480\" srcset=\"https:\/\/www.arquimaster.com.ar\/web\/wp-content\/uploads\/2018\/11\/the_nim_bar35-150x150.jpg 150w, https:\/\/www.arquimaster.com.ar\/web\/wp-content\/uploads\/2018\/11\/the_nim_bar35-50x50.jpg 50w, https:\/\/www.arquimaster.com.ar\/web\/wp-content\/uploads\/2018\/11\/the_nim_bar35-125x125.jpg 125w\" sizes=\"auto, (max-width: 150px) 100vw, 150px\" \/><\/a>\n\t\t\t<\/div>\n\t\t\t\t<figcaption class='wp-caption-text gallery-caption' id='gallery-3-33480'>\n\t\t\t\tThe Nim Bar \/ Hitzig Militello Arquitectos (\u00a9 Federico Kulekdjian)\n\t\t\t\t<\/figcaption><\/figure><figure class='gallery-item'>\n\t\t\t<div class='gallery-icon portrait'>\n\t\t\t\t<a href='https:\/\/www.arquimaster.com.ar\/web\/wp-content\/uploads\/2018\/11\/the_nim_bar36.jpg' title=\"The Nim Bar \/ Hitzig Militello Arquitectos (\u00a9 Federico Kulekdjian)\" data-rl_title=\"The Nim Bar \/ Hitzig Militello Arquitectos (\u00a9 Federico Kulekdjian)\" class=\"rl-gallery-link\" data-rl_caption=\"The Nim Bar \/ Hitzig Militello Arquitectos (\u00a9 Federico Kulekdjian)\" data-rel=\"lightbox-gallery-3\"><img loading=\"lazy\" decoding=\"async\" width=\"150\" height=\"150\" src=\"https:\/\/www.arquimaster.com.ar\/web\/wp-content\/uploads\/2018\/11\/the_nim_bar36-150x150.jpg\" class=\"attachment-thumbnail size-thumbnail\" alt=\"\" aria-describedby=\"gallery-3-33481\" srcset=\"https:\/\/www.arquimaster.com.ar\/web\/wp-content\/uploads\/2018\/11\/the_nim_bar36-150x150.jpg 150w, https:\/\/www.arquimaster.com.ar\/web\/wp-content\/uploads\/2018\/11\/the_nim_bar36-50x50.jpg 50w, https:\/\/www.arquimaster.com.ar\/web\/wp-content\/uploads\/2018\/11\/the_nim_bar36-125x125.jpg 125w\" sizes=\"auto, (max-width: 150px) 100vw, 150px\" \/><\/a>\n\t\t\t<\/div>\n\t\t\t\t<figcaption class='wp-caption-text gallery-caption' id='gallery-3-33481'>\n\t\t\t\tThe Nim Bar \/ Hitzig Militello Arquitectos (\u00a9 Federico Kulekdjian)\n\t\t\t\t<\/figcaption><\/figure><figure class='gallery-item'>\n\t\t\t<div class='gallery-icon landscape'>\n\t\t\t\t<a href='https:\/\/www.arquimaster.com.ar\/web\/wp-content\/uploads\/2018\/11\/the_nim_bar37.jpg' title=\"The Nim Bar \/ Hitzig Militello Arquitectos (\u00a9 Federico Kulekdjian)\" data-rl_title=\"The Nim Bar \/ Hitzig Militello Arquitectos (\u00a9 Federico Kulekdjian)\" class=\"rl-gallery-link\" data-rl_caption=\"The Nim Bar \/ Hitzig Militello Arquitectos (\u00a9 Federico Kulekdjian)\" data-rel=\"lightbox-gallery-3\"><img loading=\"lazy\" decoding=\"async\" width=\"150\" height=\"150\" src=\"https:\/\/www.arquimaster.com.ar\/web\/wp-content\/uploads\/2018\/11\/the_nim_bar37-150x150.jpg\" class=\"attachment-thumbnail size-thumbnail\" alt=\"\" aria-describedby=\"gallery-3-33482\" srcset=\"https:\/\/www.arquimaster.com.ar\/web\/wp-content\/uploads\/2018\/11\/the_nim_bar37-150x150.jpg 150w, https:\/\/www.arquimaster.com.ar\/web\/wp-content\/uploads\/2018\/11\/the_nim_bar37-50x50.jpg 50w, https:\/\/www.arquimaster.com.ar\/web\/wp-content\/uploads\/2018\/11\/the_nim_bar37-125x125.jpg 125w\" sizes=\"auto, (max-width: 150px) 100vw, 150px\" \/><\/a>\n\t\t\t<\/div>\n\t\t\t\t<figcaption class='wp-caption-text gallery-caption' id='gallery-3-33482'>\n\t\t\t\tThe Nim Bar \/ Hitzig Militello Arquitectos (\u00a9 Federico Kulekdjian)\n\t\t\t\t<\/figcaption><\/figure><figure class='gallery-item'>\n\t\t\t<div class='gallery-icon portrait'>\n\t\t\t\t<a href='https:\/\/www.arquimaster.com.ar\/web\/wp-content\/uploads\/2018\/11\/the_nim_bar38.jpg' title=\"The Nim Bar \/ Hitzig Militello Arquitectos (\u00a9 Federico Kulekdjian)\" data-rl_title=\"The Nim Bar \/ Hitzig Militello Arquitectos (\u00a9 Federico Kulekdjian)\" class=\"rl-gallery-link\" data-rl_caption=\"The Nim Bar \/ Hitzig Militello Arquitectos (\u00a9 Federico Kulekdjian)\" data-rel=\"lightbox-gallery-3\"><img loading=\"lazy\" decoding=\"async\" width=\"150\" height=\"150\" src=\"https:\/\/www.arquimaster.com.ar\/web\/wp-content\/uploads\/2018\/11\/the_nim_bar38-150x150.jpg\" class=\"attachment-thumbnail size-thumbnail\" alt=\"\" aria-describedby=\"gallery-3-33483\" srcset=\"https:\/\/www.arquimaster.com.ar\/web\/wp-content\/uploads\/2018\/11\/the_nim_bar38-150x150.jpg 150w, https:\/\/www.arquimaster.com.ar\/web\/wp-content\/uploads\/2018\/11\/the_nim_bar38-50x50.jpg 50w, https:\/\/www.arquimaster.com.ar\/web\/wp-content\/uploads\/2018\/11\/the_nim_bar38-125x125.jpg 125w\" sizes=\"auto, (max-width: 150px) 100vw, 150px\" \/><\/a>\n\t\t\t<\/div>\n\t\t\t\t<figcaption class='wp-caption-text gallery-caption' id='gallery-3-33483'>\n\t\t\t\tThe Nim Bar \/ Hitzig Militello Arquitectos (\u00a9 Federico Kulekdjian)\n\t\t\t\t<\/figcaption><\/figure><figure class='gallery-item'>\n\t\t\t<div class='gallery-icon landscape'>\n\t\t\t\t<a href='https:\/\/www.arquimaster.com.ar\/web\/wp-content\/uploads\/2018\/11\/the_nim_bar39.jpg' title=\"The Nim Bar \/ Hitzig Militello Arquitectos (planta baja)\" data-rl_title=\"The Nim Bar \/ Hitzig Militello Arquitectos (planta baja)\" class=\"rl-gallery-link\" data-rl_caption=\"The Nim Bar \/ Hitzig Militello Arquitectos (planta baja)\" data-rel=\"lightbox-gallery-3\"><img loading=\"lazy\" decoding=\"async\" width=\"150\" height=\"150\" src=\"https:\/\/www.arquimaster.com.ar\/web\/wp-content\/uploads\/2018\/11\/the_nim_bar39-150x150.jpg\" class=\"attachment-thumbnail size-thumbnail\" alt=\"\" aria-describedby=\"gallery-3-33484\" srcset=\"https:\/\/www.arquimaster.com.ar\/web\/wp-content\/uploads\/2018\/11\/the_nim_bar39-150x150.jpg 150w, https:\/\/www.arquimaster.com.ar\/web\/wp-content\/uploads\/2018\/11\/the_nim_bar39-50x50.jpg 50w, https:\/\/www.arquimaster.com.ar\/web\/wp-content\/uploads\/2018\/11\/the_nim_bar39-125x125.jpg 125w\" sizes=\"auto, (max-width: 150px) 100vw, 150px\" \/><\/a>\n\t\t\t<\/div>\n\t\t\t\t<figcaption class='wp-caption-text gallery-caption' id='gallery-3-33484'>\n\t\t\t\tThe Nim Bar \/ Hitzig Militello Arquitectos (planta baja)\n\t\t\t\t<\/figcaption><\/figure><figure class='gallery-item'>\n\t\t\t<div class='gallery-icon landscape'>\n\t\t\t\t<a href='https:\/\/www.arquimaster.com.ar\/web\/wp-content\/uploads\/2018\/11\/the_nim_bar40.jpg' title=\"The Nim Bar \/ Hitzig Militello Arquitectos (planta alta)\" data-rl_title=\"The Nim Bar \/ Hitzig Militello Arquitectos (planta alta)\" class=\"rl-gallery-link\" data-rl_caption=\"The Nim Bar \/ Hitzig Militello Arquitectos (planta alta)\" data-rel=\"lightbox-gallery-3\"><img loading=\"lazy\" decoding=\"async\" width=\"150\" height=\"150\" src=\"https:\/\/www.arquimaster.com.ar\/web\/wp-content\/uploads\/2018\/11\/the_nim_bar40-150x150.jpg\" class=\"attachment-thumbnail size-thumbnail\" alt=\"\" aria-describedby=\"gallery-3-33485\" srcset=\"https:\/\/www.arquimaster.com.ar\/web\/wp-content\/uploads\/2018\/11\/the_nim_bar40-150x150.jpg 150w, https:\/\/www.arquimaster.com.ar\/web\/wp-content\/uploads\/2018\/11\/the_nim_bar40-50x50.jpg 50w, https:\/\/www.arquimaster.com.ar\/web\/wp-content\/uploads\/2018\/11\/the_nim_bar40-125x125.jpg 125w\" sizes=\"auto, (max-width: 150px) 100vw, 150px\" \/><\/a>\n\t\t\t<\/div>\n\t\t\t\t<figcaption class='wp-caption-text gallery-caption' id='gallery-3-33485'>\n\t\t\t\tThe Nim Bar \/ Hitzig Militello Arquitectos (planta alta)\n\t\t\t\t<\/figcaption><\/figure><figure class='gallery-item'>\n\t\t\t<div class='gallery-icon landscape'>\n\t\t\t\t<a href='https:\/\/www.arquimaster.com.ar\/web\/wp-content\/uploads\/2018\/11\/the_nim_bar41.jpg' title=\"The Nim Bar \/ Hitzig Militello Arquitectos (corte)\" data-rl_title=\"The Nim Bar \/ Hitzig Militello Arquitectos (corte)\" class=\"rl-gallery-link\" data-rl_caption=\"The Nim Bar \/ Hitzig Militello Arquitectos (corte)\" data-rel=\"lightbox-gallery-3\"><img loading=\"lazy\" decoding=\"async\" width=\"150\" height=\"150\" src=\"https:\/\/www.arquimaster.com.ar\/web\/wp-content\/uploads\/2018\/11\/the_nim_bar41-150x150.jpg\" class=\"attachment-thumbnail size-thumbnail\" alt=\"\" aria-describedby=\"gallery-3-33486\" srcset=\"https:\/\/www.arquimaster.com.ar\/web\/wp-content\/uploads\/2018\/11\/the_nim_bar41-150x150.jpg 150w, https:\/\/www.arquimaster.com.ar\/web\/wp-content\/uploads\/2018\/11\/the_nim_bar41-50x50.jpg 50w, https:\/\/www.arquimaster.com.ar\/web\/wp-content\/uploads\/2018\/11\/the_nim_bar41-125x125.jpg 125w\" sizes=\"auto, (max-width: 150px) 100vw, 150px\" \/><\/a>\n\t\t\t<\/div>\n\t\t\t\t<figcaption class='wp-caption-text gallery-caption' id='gallery-3-33486'>\n\t\t\t\tThe Nim Bar \/ Hitzig Militello Arquitectos (corte)\n\t\t\t\t<\/figcaption><\/figure><figure class='gallery-item'>\n\t\t\t<div class='gallery-icon landscape'>\n\t\t\t\t<a href='https:\/\/www.arquimaster.com.ar\/web\/wp-content\/uploads\/2018\/11\/the_nim_bar42.jpg' title=\"The Nim Bar \/ Hitzig Militello Arquitectos (corte)\" data-rl_title=\"The Nim Bar \/ Hitzig Militello Arquitectos (corte)\" class=\"rl-gallery-link\" data-rl_caption=\"The Nim Bar \/ Hitzig Militello Arquitectos (corte)\" data-rel=\"lightbox-gallery-3\"><img loading=\"lazy\" decoding=\"async\" width=\"150\" height=\"150\" src=\"https:\/\/www.arquimaster.com.ar\/web\/wp-content\/uploads\/2018\/11\/the_nim_bar42-150x150.jpg\" class=\"attachment-thumbnail size-thumbnail\" alt=\"\" aria-describedby=\"gallery-3-33487\" srcset=\"https:\/\/www.arquimaster.com.ar\/web\/wp-content\/uploads\/2018\/11\/the_nim_bar42-150x150.jpg 150w, https:\/\/www.arquimaster.com.ar\/web\/wp-content\/uploads\/2018\/11\/the_nim_bar42-50x50.jpg 50w, https:\/\/www.arquimaster.com.ar\/web\/wp-content\/uploads\/2018\/11\/the_nim_bar42-125x125.jpg 125w\" sizes=\"auto, (max-width: 150px) 100vw, 150px\" \/><\/a>\n\t\t\t<\/div>\n\t\t\t\t<figcaption class='wp-caption-text gallery-caption' id='gallery-3-33487'>\n\t\t\t\tThe Nim Bar \/ Hitzig Militello Arquitectos (corte)\n\t\t\t\t<\/figcaption><\/figure><figure class='gallery-item'>\n\t\t\t<div class='gallery-icon landscape'>\n\t\t\t\t<a href='https:\/\/www.arquimaster.com.ar\/web\/wp-content\/uploads\/2018\/11\/the_nim_bar43.jpg' title=\"The Nim Bar \/ Hitzig Militello Arquitectos (corte)\" data-rl_title=\"The Nim Bar \/ Hitzig Militello Arquitectos (corte)\" class=\"rl-gallery-link\" data-rl_caption=\"The Nim Bar \/ Hitzig Militello Arquitectos (corte)\" data-rel=\"lightbox-gallery-3\"><img loading=\"lazy\" decoding=\"async\" width=\"150\" height=\"150\" src=\"https:\/\/www.arquimaster.com.ar\/web\/wp-content\/uploads\/2018\/11\/the_nim_bar43-150x150.jpg\" class=\"attachment-thumbnail size-thumbnail\" alt=\"\" aria-describedby=\"gallery-3-33488\" srcset=\"https:\/\/www.arquimaster.com.ar\/web\/wp-content\/uploads\/2018\/11\/the_nim_bar43-150x150.jpg 150w, https:\/\/www.arquimaster.com.ar\/web\/wp-content\/uploads\/2018\/11\/the_nim_bar43-50x50.jpg 50w, https:\/\/www.arquimaster.com.ar\/web\/wp-content\/uploads\/2018\/11\/the_nim_bar43-125x125.jpg 125w\" sizes=\"auto, (max-width: 150px) 100vw, 150px\" \/><\/a>\n\t\t\t<\/div>\n\t\t\t\t<figcaption class='wp-caption-text gallery-caption' id='gallery-3-33488'>\n\t\t\t\tThe Nim Bar \/ Hitzig Militello Arquitectos (corte)\n\t\t\t\t<\/figcaption><\/figure><figure class='gallery-item'>\n\t\t\t<div class='gallery-icon portrait'>\n\t\t\t\t<a href='https:\/\/www.arquimaster.com.ar\/web\/wp-content\/uploads\/2018\/11\/the_nim_bar44.jpg' title=\"The Nim Bar \/ Hitzig Militello Arquitectos (corte)\" data-rl_title=\"The Nim Bar \/ Hitzig Militello Arquitectos (corte)\" class=\"rl-gallery-link\" data-rl_caption=\"The Nim Bar \/ Hitzig Militello Arquitectos (corte)\" data-rel=\"lightbox-gallery-3\"><img loading=\"lazy\" decoding=\"async\" width=\"150\" height=\"150\" src=\"https:\/\/www.arquimaster.com.ar\/web\/wp-content\/uploads\/2018\/11\/the_nim_bar44-150x150.jpg\" class=\"attachment-thumbnail size-thumbnail\" alt=\"\" aria-describedby=\"gallery-3-33489\" srcset=\"https:\/\/www.arquimaster.com.ar\/web\/wp-content\/uploads\/2018\/11\/the_nim_bar44-150x150.jpg 150w, https:\/\/www.arquimaster.com.ar\/web\/wp-content\/uploads\/2018\/11\/the_nim_bar44-50x50.jpg 50w, https:\/\/www.arquimaster.com.ar\/web\/wp-content\/uploads\/2018\/11\/the_nim_bar44-125x125.jpg 125w\" sizes=\"auto, (max-width: 150px) 100vw, 150px\" \/><\/a>\n\t\t\t<\/div>\n\t\t\t\t<figcaption class='wp-caption-text gallery-caption' id='gallery-3-33489'>\n\t\t\t\tThe Nim Bar \/ Hitzig Militello Arquitectos (corte)\n\t\t\t\t<\/figcaption><\/figure><figure class='gallery-item'>\n\t\t\t<div class='gallery-icon portrait'>\n\t\t\t\t<a href='https:\/\/www.arquimaster.com.ar\/web\/wp-content\/uploads\/2018\/11\/the_nim_bar45.jpg' title=\"The Nim Bar \/ Hitzig Militello Arquitectos (corte)\" data-rl_title=\"The Nim Bar \/ Hitzig Militello Arquitectos (corte)\" class=\"rl-gallery-link\" data-rl_caption=\"The Nim Bar \/ Hitzig Militello Arquitectos (corte)\" data-rel=\"lightbox-gallery-3\"><img loading=\"lazy\" decoding=\"async\" width=\"150\" height=\"150\" src=\"https:\/\/www.arquimaster.com.ar\/web\/wp-content\/uploads\/2018\/11\/the_nim_bar45-150x150.jpg\" class=\"attachment-thumbnail size-thumbnail\" alt=\"\" aria-describedby=\"gallery-3-33490\" srcset=\"https:\/\/www.arquimaster.com.ar\/web\/wp-content\/uploads\/2018\/11\/the_nim_bar45-150x150.jpg 150w, https:\/\/www.arquimaster.com.ar\/web\/wp-content\/uploads\/2018\/11\/the_nim_bar45-50x50.jpg 50w, https:\/\/www.arquimaster.com.ar\/web\/wp-content\/uploads\/2018\/11\/the_nim_bar45-125x125.jpg 125w\" sizes=\"auto, (max-width: 150px) 100vw, 150px\" \/><\/a>\n\t\t\t<\/div>\n\t\t\t\t<figcaption class='wp-caption-text gallery-caption' id='gallery-3-33490'>\n\t\t\t\tThe Nim Bar \/ Hitzig Militello Arquitectos (corte)\n\t\t\t\t<\/figcaption><\/figure><figure class='gallery-item'>\n\t\t\t<div class='gallery-icon landscape'>\n\t\t\t\t<a href='https:\/\/www.arquimaster.com.ar\/web\/wp-content\/uploads\/2018\/11\/the_nim_bar46.jpg' title=\"The Nim Bar \/ Hitzig Militello Arquitectos (vista frente)\" data-rl_title=\"The Nim Bar \/ Hitzig Militello Arquitectos (vista frente)\" class=\"rl-gallery-link\" data-rl_caption=\"The Nim Bar \/ Hitzig Militello Arquitectos (vista frente)\" data-rel=\"lightbox-gallery-3\"><img loading=\"lazy\" decoding=\"async\" width=\"150\" height=\"150\" src=\"https:\/\/www.arquimaster.com.ar\/web\/wp-content\/uploads\/2018\/11\/the_nim_bar46-150x150.jpg\" class=\"attachment-thumbnail size-thumbnail\" alt=\"\" aria-describedby=\"gallery-3-33491\" srcset=\"https:\/\/www.arquimaster.com.ar\/web\/wp-content\/uploads\/2018\/11\/the_nim_bar46-150x150.jpg 150w, https:\/\/www.arquimaster.com.ar\/web\/wp-content\/uploads\/2018\/11\/the_nim_bar46-50x50.jpg 50w, https:\/\/www.arquimaster.com.ar\/web\/wp-content\/uploads\/2018\/11\/the_nim_bar46-125x125.jpg 125w\" sizes=\"auto, (max-width: 150px) 100vw, 150px\" \/><\/a>\n\t\t\t<\/div>\n\t\t\t\t<figcaption class='wp-caption-text gallery-caption' id='gallery-3-33491'>\n\t\t\t\tThe Nim Bar \/ Hitzig Militello Arquitectos (vista frente)\n\t\t\t\t<\/figcaption><\/figure><figure class='gallery-item'>\n\t\t\t<div class='gallery-icon landscape'>\n\t\t\t\t<a href='https:\/\/www.arquimaster.com.ar\/web\/wp-content\/uploads\/2018\/11\/the_nim_bar47.jpg' title=\"The Nim Bar \/ Hitzig Militello Arquitectos (proyectistas)\" data-rl_title=\"The Nim Bar \/ Hitzig Militello Arquitectos (proyectistas)\" class=\"rl-gallery-link\" data-rl_caption=\"The Nim Bar \/ Hitzig Militello Arquitectos (proyectistas)\" data-rel=\"lightbox-gallery-3\"><img loading=\"lazy\" decoding=\"async\" width=\"150\" height=\"150\" src=\"https:\/\/www.arquimaster.com.ar\/web\/wp-content\/uploads\/2018\/11\/the_nim_bar47-150x150.jpg\" class=\"attachment-thumbnail size-thumbnail\" alt=\"\" aria-describedby=\"gallery-3-33492\" srcset=\"https:\/\/www.arquimaster.com.ar\/web\/wp-content\/uploads\/2018\/11\/the_nim_bar47-150x150.jpg 150w, https:\/\/www.arquimaster.com.ar\/web\/wp-content\/uploads\/2018\/11\/the_nim_bar47-50x50.jpg 50w, https:\/\/www.arquimaster.com.ar\/web\/wp-content\/uploads\/2018\/11\/the_nim_bar47-125x125.jpg 125w\" sizes=\"auto, (max-width: 150px) 100vw, 150px\" \/><\/a>\n\t\t\t<\/div>\n\t\t\t\t<figcaption class='wp-caption-text gallery-caption' id='gallery-3-33492'>\n\t\t\t\tThe Nim Bar \/ Hitzig Militello Arquitectos (proyectistas)\n\t\t\t\t<\/figcaption><\/figure>\n\t\t<\/div>\n\n<p>El sistema de iluminaci\u00f3n colgante de cierta sofisticaci\u00f3n resuelve a trav\u00e9s de su s\u00edntesis compositiva un equilibrio entre la presencia verde y las tramas de madera. Como contraposici\u00f3n la iluminaci\u00f3n de pared, similar a la anterior, pero conformada por tramas formando un dise\u00f1o asociado en conjunto.<\/p>\n<p>La organizaci\u00f3n en planta alta, dividida en dos sectores, muestra su costado m\u00e1s distintivo en su gran espacio de livings. Estos se subdividen con paneles m\u00f3viles que baten hacia arriba conformando un gran y \u00fanico espacio cubierto por un cielorraso de tramas seg\u00fan la conveniencia.<\/p>\n<p>La comunicaci\u00f3n desde sus logo e isotipo emula el mismo sistema conformado por una trama y fondo cuya naturaleza esta expresada a trav\u00e9s del ave f\u00e9nix.<\/p>\n<p><strong>Ficha t\u00e9cnica<\/strong><br \/>\nUbicaci\u00f3n: Defensa 880, Ciudad de Buenos Aires, Argentina<br \/>\nConcept Design, Proyecto, Documentaci\u00f3n e Interiorismo: Hitzig Militello Arquitectos<br \/>\nDirecci\u00f3n de obra: Hitzig Militello Arquitectos<br \/>\nColaboradores: Arq. Jeanette Zotta, Arq. Virginia Bottan<br \/>\nPromotor: Privado<br \/>\nPrograma: Restaurant &amp; Bar<br \/>\nSuperficie planta baja cubierta: 253 m2<br \/>\nSuperficie planta baja semicubierta: 34 m2<br \/>\nSuperficie planta alta: 139 m2<br \/>\nA\u00f1o: 2018<br \/>\nFotograf\u00eda: Federico Kulekdjian<\/p>\n<p><strong>Contacto<\/strong><br \/>\n<a href=\"http:\/\/www.estudiohma.com\" target=\"_blank\" rel=\"noopener noreferrer\">http:\/\/www.estudiohma.com<\/a><\/p>\n<p>&nbsp;<\/p>\n<p><em><strong>English version<\/strong><\/em><br \/>\n<em><strong>The Nim Bar<\/strong><\/em><\/p>\n<p><em>From the outset, the project had to appeal to the aesthetic dissociation of the typical beer bar. The challenge was to create a new aesthetic universe associated to the cocktail bars but without forgetting the impressive brand of 30 taps, emphasizing the idea of the largest beer bar in Buenos Aires.<\/em><\/p>\n<p><em>The conceptual idea incorporates elements distant to the reminiscences known by bars of these characteristics. To do this, it was extremely important to turn to an idea of conceptualization, where the starting point was the composition of plots based on a \u00abpossible influence\u00bb of a very traditional proto-rationalist style in American influence &amp; traditional Chinese interior design elements.<\/em><\/p>\n<p><em>The idea is composed of two types of density of wooden meshes, closed and open, in oak tones that generate multiple depths. These are definitely veils and sieves that unravel mysteries between their interstices.<\/em><\/p>\n<p><em>Its chess-like organization composes the closed meshes of the open ones. Another material, but of the same compositional system, is the limestone in several of its walls. The communicative strategy on the fa\u00e7ade proposes expressionism and a system similar to its interior.<\/em><\/p>\n<p><em>As these are high-density materials and compositions, we chose to contrast them with walls impaled with neutral patterns that allow a dialogue and not a competition between designs. The design of the wallpapers is associated with a universe of plant nature, and in accordance with this there are several sectors where we have the living presence of nature, as defined in the name of the line descent.<\/em><\/p>\n<p><em>Two plant interventions define spatiality. On the one hand, the semi-covered entrance on both sides as a method of pedestrian communication and on the other hand the long \u00abgreen tongue\u00bb in the whole center of the main hall dividing the large central dining area.<\/em><\/p>\n<p><em>The organization on the top floor, divided into two sectors, shows its most distinctive side in its large living-room space. These are subdivided with movable panels that swing upwards to form a large and unique space covered by a ceiling of meshes according to convenience.<\/em><\/p>\n<p><em>The communication from its logo and isotype emulates the same system formed by a plot and background whose nature is expressed through the phoenix.<\/em><\/p>\n\n<div style=\"font-size: 0px; height: 0px; line-height: 0px; margin: 0; padding: 0; clear: both;\"><\/div><div style=\"margin-top: 0px; margin-bottom: 0px;\" class=\"sharethis-inline-share-buttons\" ><\/div>","protected":false},"excerpt":{"rendered":"<p>La idea conceptual incorpora dos tipos de densidad de tramas de madera, cerradas y abiertas&#8230;<\/p>\n","protected":false},"author":1,"featured_media":33445,"comment_status":"closed","ping_status":"closed","sticky":false,"template":"","format":"standard","meta":{"_uag_custom_page_level_css":"","footnotes":""},"categories":[75,1],"tags":[1233,923,3717,1490,4495,1489,1491],"class_list":["post-33444","post","type-post","status-publish","format-standard","has-post-thumbnail","hentry","category-arquitectura-comercial","category-proyecto","tag-arquitectura-comercial-2","tag-bar","tag-cerveceria","tag-fernando-hitzig","tag-hitzig-militello-arquitectos","tag-hm-arquitectos","tag-leonardo-militello","generate-columns","tablet-grid-50","mobile-grid-100","grid-parent","grid-50"],"yoast_head":"<!-- This site is optimized with the Yoast SEO plugin v27.3 - https:\/\/yoast.com\/product\/yoast-seo-wordpress\/ -->\n<title>The Nim Bar \/ Hitzig Militello Arquitectos - Arquimaster<\/title>\n<meta name=\"description\" content=\"El desaf\u00edo fue conformar un universo est\u00e9tico novedoso asociado m\u00e1s bien a los bares de cocteler\u00eda pero enfatizando la idea del mayor bar cervecero de Buenos Aires.\" \/>\n<meta name=\"robots\" content=\"index, follow, max-snippet:-1, max-image-preview:large, max-video-preview:-1\" \/>\n<link rel=\"canonical\" href=\"https:\/\/www.arquimaster.com.ar\/web\/the-nim-bar-hitzig-militello-arquitectos\/\" \/>\n<meta property=\"og:locale\" content=\"es_ES\" \/>\n<meta property=\"og:type\" content=\"article\" \/>\n<meta property=\"og:title\" content=\"The Nim Bar \/ Hitzig Militello Arquitectos\" \/>\n<meta property=\"og:description\" content=\"El desaf\u00edo fue conformar un universo est\u00e9tico novedoso asociado m\u00e1s bien a los bares de cocteler\u00eda pero enfatizando la idea del mayor bar cervecero de Buenos Aires.\" \/>\n<meta property=\"og:url\" content=\"https:\/\/www.arquimaster.com.ar\/web\/the-nim-bar-hitzig-militello-arquitectos\/\" \/>\n<meta property=\"og:site_name\" content=\"Arquimaster\" \/>\n<meta property=\"article:publisher\" content=\"http:\/\/www.facebook.com\/ARQUIMASTER.com.ar\" \/>\n<meta property=\"article:published_time\" content=\"2018-11-01T18:43:57+00:00\" \/>\n<meta property=\"article:modified_time\" content=\"2020-03-14T20:17:40+00:00\" \/>\n<meta property=\"og:image\" content=\"https:\/\/www.arquimaster.com.ar\/web\/wp-content\/uploads\/2018\/11\/the_nim_bar_slide-wpp1584216915831.jpg\" \/>\n\t<meta property=\"og:image:width\" content=\"698\" \/>\n\t<meta property=\"og:image:height\" content=\"364\" \/>\n\t<meta property=\"og:image:type\" content=\"image\/jpeg\" \/>\n<meta name=\"author\" content=\"Arquimaster\" \/>\n<meta name=\"twitter:card\" content=\"summary_large_image\" \/>\n<meta name=\"twitter:title\" content=\"The Nim Bar \/ Hitzig Militello Arquitectos\" \/>\n<meta name=\"twitter:description\" content=\"El desaf\u00edo fue conformar un universo est\u00e9tico novedoso asociado m\u00e1s bien a los bares de cocteler\u00eda pero enfatizando la idea del mayor bar cervecero de Buenos Aires.\" \/>\n<meta name=\"twitter:image\" content=\"https:\/\/www.arquimaster.com.ar\/web\/wp-content\/uploads\/2018\/11\/the_nim_bar_slide-wpp1584216915831.jpg\" \/>\n<meta name=\"twitter:creator\" content=\"@arquimaster\" \/>\n<meta name=\"twitter:site\" content=\"@arquimaster\" \/>\n<meta name=\"twitter:label1\" content=\"Escrito por\" \/>\n\t<meta name=\"twitter:data1\" content=\"Arquimaster\" \/>\n\t<meta name=\"twitter:label2\" content=\"Tiempo de lectura\" \/>\n\t<meta name=\"twitter:data2\" content=\"5 minutos\" \/>\n<script type=\"application\/ld+json\" class=\"yoast-schema-graph\">{\"@context\":\"https:\\\/\\\/schema.org\",\"@graph\":[{\"@type\":\"Article\",\"@id\":\"https:\\\/\\\/www.arquimaster.com.ar\\\/web\\\/the-nim-bar-hitzig-militello-arquitectos\\\/#article\",\"isPartOf\":{\"@id\":\"https:\\\/\\\/www.arquimaster.com.ar\\\/web\\\/the-nim-bar-hitzig-militello-arquitectos\\\/\"},\"author\":{\"name\":\"Arquimaster\",\"@id\":\"https:\\\/\\\/www.arquimaster.com.ar\\\/web\\\/#\\\/schema\\\/person\\\/359e9f7c00193fcde068e0dd2ceb0028\"},\"headline\":\"The Nim Bar \\\/ Hitzig Militello Arquitectos\",\"datePublished\":\"2018-11-01T18:43:57+00:00\",\"dateModified\":\"2020-03-14T20:17:40+00:00\",\"mainEntityOfPage\":{\"@id\":\"https:\\\/\\\/www.arquimaster.com.ar\\\/web\\\/the-nim-bar-hitzig-militello-arquitectos\\\/\"},\"wordCount\":914,\"publisher\":{\"@id\":\"https:\\\/\\\/www.arquimaster.com.ar\\\/web\\\/#organization\"},\"image\":{\"@id\":\"https:\\\/\\\/www.arquimaster.com.ar\\\/web\\\/the-nim-bar-hitzig-militello-arquitectos\\\/#primaryimage\"},\"thumbnailUrl\":\"https:\\\/\\\/www.arquimaster.com.ar\\\/web\\\/wp-content\\\/uploads\\\/2018\\\/11\\\/the_nim_bar_slide-wpp1584216915831.jpg\",\"keywords\":[\"arquitectura comercial\",\"bar\",\"cervecer\u00eda\",\"Fernando Hitzig\",\"Hitzig Militello Arquitectos\",\"HM Arquitectos\",\"Leonardo Militello\"],\"articleSection\":[\"Arquitectura comercial\",\"Proyecto\"],\"inLanguage\":\"es\"},{\"@type\":\"WebPage\",\"@id\":\"https:\\\/\\\/www.arquimaster.com.ar\\\/web\\\/the-nim-bar-hitzig-militello-arquitectos\\\/\",\"url\":\"https:\\\/\\\/www.arquimaster.com.ar\\\/web\\\/the-nim-bar-hitzig-militello-arquitectos\\\/\",\"name\":\"The Nim Bar \\\/ Hitzig Militello Arquitectos - Arquimaster\",\"isPartOf\":{\"@id\":\"https:\\\/\\\/www.arquimaster.com.ar\\\/web\\\/#website\"},\"primaryImageOfPage\":{\"@id\":\"https:\\\/\\\/www.arquimaster.com.ar\\\/web\\\/the-nim-bar-hitzig-militello-arquitectos\\\/#primaryimage\"},\"image\":{\"@id\":\"https:\\\/\\\/www.arquimaster.com.ar\\\/web\\\/the-nim-bar-hitzig-militello-arquitectos\\\/#primaryimage\"},\"thumbnailUrl\":\"https:\\\/\\\/www.arquimaster.com.ar\\\/web\\\/wp-content\\\/uploads\\\/2018\\\/11\\\/the_nim_bar_slide-wpp1584216915831.jpg\",\"datePublished\":\"2018-11-01T18:43:57+00:00\",\"dateModified\":\"2020-03-14T20:17:40+00:00\",\"description\":\"El desaf\u00edo fue conformar un universo est\u00e9tico novedoso asociado m\u00e1s bien a los bares de cocteler\u00eda pero enfatizando la idea del mayor bar cervecero de Buenos Aires.\",\"breadcrumb\":{\"@id\":\"https:\\\/\\\/www.arquimaster.com.ar\\\/web\\\/the-nim-bar-hitzig-militello-arquitectos\\\/#breadcrumb\"},\"inLanguage\":\"es\",\"potentialAction\":[{\"@type\":\"ReadAction\",\"target\":[\"https:\\\/\\\/www.arquimaster.com.ar\\\/web\\\/the-nim-bar-hitzig-militello-arquitectos\\\/\"]}]},{\"@type\":\"ImageObject\",\"inLanguage\":\"es\",\"@id\":\"https:\\\/\\\/www.arquimaster.com.ar\\\/web\\\/the-nim-bar-hitzig-militello-arquitectos\\\/#primaryimage\",\"url\":\"https:\\\/\\\/www.arquimaster.com.ar\\\/web\\\/wp-content\\\/uploads\\\/2018\\\/11\\\/the_nim_bar_slide-wpp1584216915831.jpg\",\"contentUrl\":\"https:\\\/\\\/www.arquimaster.com.ar\\\/web\\\/wp-content\\\/uploads\\\/2018\\\/11\\\/the_nim_bar_slide-wpp1584216915831.jpg\",\"width\":698,\"height\":364},{\"@type\":\"BreadcrumbList\",\"@id\":\"https:\\\/\\\/www.arquimaster.com.ar\\\/web\\\/the-nim-bar-hitzig-militello-arquitectos\\\/#breadcrumb\",\"itemListElement\":[{\"@type\":\"ListItem\",\"position\":1,\"name\":\"Portada\",\"item\":\"https:\\\/\\\/www.arquimaster.com.ar\\\/web\\\/\"},{\"@type\":\"ListItem\",\"position\":2,\"name\":\"The Nim Bar \\\/ Hitzig Militello Arquitectos\"}]},{\"@type\":\"WebSite\",\"@id\":\"https:\\\/\\\/www.arquimaster.com.ar\\\/web\\\/#website\",\"url\":\"https:\\\/\\\/www.arquimaster.com.ar\\\/web\\\/\",\"name\":\"Arquimaster\",\"description\":\"Web de arquitectura, dise\u00f1o y construccion\",\"publisher\":{\"@id\":\"https:\\\/\\\/www.arquimaster.com.ar\\\/web\\\/#organization\"},\"potentialAction\":[{\"@type\":\"SearchAction\",\"target\":{\"@type\":\"EntryPoint\",\"urlTemplate\":\"https:\\\/\\\/www.arquimaster.com.ar\\\/web\\\/?s={search_term_string}\"},\"query-input\":{\"@type\":\"PropertyValueSpecification\",\"valueRequired\":true,\"valueName\":\"search_term_string\"}}],\"inLanguage\":\"es\"},{\"@type\":\"Organization\",\"@id\":\"https:\\\/\\\/www.arquimaster.com.ar\\\/web\\\/#organization\",\"name\":\"Arquimaster\",\"url\":\"https:\\\/\\\/www.arquimaster.com.ar\\\/web\\\/\",\"logo\":{\"@type\":\"ImageObject\",\"inLanguage\":\"es\",\"@id\":\"https:\\\/\\\/www.arquimaster.com.ar\\\/web\\\/#\\\/schema\\\/logo\\\/image\\\/\",\"url\":\"https:\\\/\\\/www.arquimaster.com.ar\\\/web\\\/wp-content\\\/uploads\\\/2022\\\/06\\\/arquimaster.png\",\"contentUrl\":\"https:\\\/\\\/www.arquimaster.com.ar\\\/web\\\/wp-content\\\/uploads\\\/2022\\\/06\\\/arquimaster.png\",\"width\":594,\"height\":78,\"caption\":\"Arquimaster\"},\"image\":{\"@id\":\"https:\\\/\\\/www.arquimaster.com.ar\\\/web\\\/#\\\/schema\\\/logo\\\/image\\\/\"},\"sameAs\":[\"http:\\\/\\\/www.facebook.com\\\/ARQUIMASTER.com.ar\",\"https:\\\/\\\/x.com\\\/arquimaster\",\"https:\\\/\\\/www.instagram.com\\\/arquimasterblog\\\/\",\"https:\\\/\\\/www.linkedin.com\\\/company\\\/arquimaster\",\"https:\\\/\\\/www.pinterest.com\\\/arquimaster\",\"https:\\\/\\\/t.me\\\/arquimaster\"]},{\"@type\":\"Person\",\"@id\":\"https:\\\/\\\/www.arquimaster.com.ar\\\/web\\\/#\\\/schema\\\/person\\\/359e9f7c00193fcde068e0dd2ceb0028\",\"name\":\"Arquimaster\"}]}<\/script>\n<!-- \/ Yoast SEO plugin. -->","yoast_head_json":{"title":"The Nim Bar \/ Hitzig Militello Arquitectos - Arquimaster","description":"El desaf\u00edo fue conformar un universo est\u00e9tico novedoso asociado m\u00e1s bien a los bares de cocteler\u00eda pero enfatizando la idea del mayor bar cervecero de Buenos Aires.","robots":{"index":"index","follow":"follow","max-snippet":"max-snippet:-1","max-image-preview":"max-image-preview:large","max-video-preview":"max-video-preview:-1"},"canonical":"https:\/\/www.arquimaster.com.ar\/web\/the-nim-bar-hitzig-militello-arquitectos\/","og_locale":"es_ES","og_type":"article","og_title":"The Nim Bar \/ Hitzig Militello Arquitectos","og_description":"El desaf\u00edo fue conformar un universo est\u00e9tico novedoso asociado m\u00e1s bien a los bares de cocteler\u00eda pero enfatizando la idea del mayor bar cervecero de Buenos Aires.","og_url":"https:\/\/www.arquimaster.com.ar\/web\/the-nim-bar-hitzig-militello-arquitectos\/","og_site_name":"Arquimaster","article_publisher":"http:\/\/www.facebook.com\/ARQUIMASTER.com.ar","article_published_time":"2018-11-01T18:43:57+00:00","article_modified_time":"2020-03-14T20:17:40+00:00","og_image":[{"width":698,"height":364,"url":"https:\/\/www.arquimaster.com.ar\/web\/wp-content\/uploads\/2018\/11\/the_nim_bar_slide-wpp1584216915831.jpg","type":"image\/jpeg"}],"author":"Arquimaster","twitter_card":"summary_large_image","twitter_title":"The Nim Bar \/ Hitzig Militello Arquitectos","twitter_description":"El desaf\u00edo fue conformar un universo est\u00e9tico novedoso asociado m\u00e1s bien a los bares de cocteler\u00eda pero enfatizando la idea del mayor bar cervecero de Buenos Aires.","twitter_image":"https:\/\/www.arquimaster.com.ar\/web\/wp-content\/uploads\/2018\/11\/the_nim_bar_slide-wpp1584216915831.jpg","twitter_creator":"@arquimaster","twitter_site":"@arquimaster","twitter_misc":{"Escrito por":"Arquimaster","Tiempo de lectura":"5 minutos"},"schema":{"@context":"https:\/\/schema.org","@graph":[{"@type":"Article","@id":"https:\/\/www.arquimaster.com.ar\/web\/the-nim-bar-hitzig-militello-arquitectos\/#article","isPartOf":{"@id":"https:\/\/www.arquimaster.com.ar\/web\/the-nim-bar-hitzig-militello-arquitectos\/"},"author":{"name":"Arquimaster","@id":"https:\/\/www.arquimaster.com.ar\/web\/#\/schema\/person\/359e9f7c00193fcde068e0dd2ceb0028"},"headline":"The Nim Bar \/ Hitzig Militello Arquitectos","datePublished":"2018-11-01T18:43:57+00:00","dateModified":"2020-03-14T20:17:40+00:00","mainEntityOfPage":{"@id":"https:\/\/www.arquimaster.com.ar\/web\/the-nim-bar-hitzig-militello-arquitectos\/"},"wordCount":914,"publisher":{"@id":"https:\/\/www.arquimaster.com.ar\/web\/#organization"},"image":{"@id":"https:\/\/www.arquimaster.com.ar\/web\/the-nim-bar-hitzig-militello-arquitectos\/#primaryimage"},"thumbnailUrl":"https:\/\/www.arquimaster.com.ar\/web\/wp-content\/uploads\/2018\/11\/the_nim_bar_slide-wpp1584216915831.jpg","keywords":["arquitectura comercial","bar","cervecer\u00eda","Fernando Hitzig","Hitzig Militello Arquitectos","HM Arquitectos","Leonardo Militello"],"articleSection":["Arquitectura comercial","Proyecto"],"inLanguage":"es"},{"@type":"WebPage","@id":"https:\/\/www.arquimaster.com.ar\/web\/the-nim-bar-hitzig-militello-arquitectos\/","url":"https:\/\/www.arquimaster.com.ar\/web\/the-nim-bar-hitzig-militello-arquitectos\/","name":"The Nim Bar \/ Hitzig Militello Arquitectos - Arquimaster","isPartOf":{"@id":"https:\/\/www.arquimaster.com.ar\/web\/#website"},"primaryImageOfPage":{"@id":"https:\/\/www.arquimaster.com.ar\/web\/the-nim-bar-hitzig-militello-arquitectos\/#primaryimage"},"image":{"@id":"https:\/\/www.arquimaster.com.ar\/web\/the-nim-bar-hitzig-militello-arquitectos\/#primaryimage"},"thumbnailUrl":"https:\/\/www.arquimaster.com.ar\/web\/wp-content\/uploads\/2018\/11\/the_nim_bar_slide-wpp1584216915831.jpg","datePublished":"2018-11-01T18:43:57+00:00","dateModified":"2020-03-14T20:17:40+00:00","description":"El desaf\u00edo fue conformar un universo est\u00e9tico novedoso asociado m\u00e1s bien a los bares de cocteler\u00eda pero enfatizando la idea del mayor bar cervecero de Buenos Aires.","breadcrumb":{"@id":"https:\/\/www.arquimaster.com.ar\/web\/the-nim-bar-hitzig-militello-arquitectos\/#breadcrumb"},"inLanguage":"es","potentialAction":[{"@type":"ReadAction","target":["https:\/\/www.arquimaster.com.ar\/web\/the-nim-bar-hitzig-militello-arquitectos\/"]}]},{"@type":"ImageObject","inLanguage":"es","@id":"https:\/\/www.arquimaster.com.ar\/web\/the-nim-bar-hitzig-militello-arquitectos\/#primaryimage","url":"https:\/\/www.arquimaster.com.ar\/web\/wp-content\/uploads\/2018\/11\/the_nim_bar_slide-wpp1584216915831.jpg","contentUrl":"https:\/\/www.arquimaster.com.ar\/web\/wp-content\/uploads\/2018\/11\/the_nim_bar_slide-wpp1584216915831.jpg","width":698,"height":364},{"@type":"BreadcrumbList","@id":"https:\/\/www.arquimaster.com.ar\/web\/the-nim-bar-hitzig-militello-arquitectos\/#breadcrumb","itemListElement":[{"@type":"ListItem","position":1,"name":"Portada","item":"https:\/\/www.arquimaster.com.ar\/web\/"},{"@type":"ListItem","position":2,"name":"The Nim Bar \/ Hitzig Militello Arquitectos"}]},{"@type":"WebSite","@id":"https:\/\/www.arquimaster.com.ar\/web\/#website","url":"https:\/\/www.arquimaster.com.ar\/web\/","name":"Arquimaster","description":"Web de arquitectura, dise\u00f1o y construccion","publisher":{"@id":"https:\/\/www.arquimaster.com.ar\/web\/#organization"},"potentialAction":[{"@type":"SearchAction","target":{"@type":"EntryPoint","urlTemplate":"https:\/\/www.arquimaster.com.ar\/web\/?s={search_term_string}"},"query-input":{"@type":"PropertyValueSpecification","valueRequired":true,"valueName":"search_term_string"}}],"inLanguage":"es"},{"@type":"Organization","@id":"https:\/\/www.arquimaster.com.ar\/web\/#organization","name":"Arquimaster","url":"https:\/\/www.arquimaster.com.ar\/web\/","logo":{"@type":"ImageObject","inLanguage":"es","@id":"https:\/\/www.arquimaster.com.ar\/web\/#\/schema\/logo\/image\/","url":"https:\/\/www.arquimaster.com.ar\/web\/wp-content\/uploads\/2022\/06\/arquimaster.png","contentUrl":"https:\/\/www.arquimaster.com.ar\/web\/wp-content\/uploads\/2022\/06\/arquimaster.png","width":594,"height":78,"caption":"Arquimaster"},"image":{"@id":"https:\/\/www.arquimaster.com.ar\/web\/#\/schema\/logo\/image\/"},"sameAs":["http:\/\/www.facebook.com\/ARQUIMASTER.com.ar","https:\/\/x.com\/arquimaster","https:\/\/www.instagram.com\/arquimasterblog\/","https:\/\/www.linkedin.com\/company\/arquimaster","https:\/\/www.pinterest.com\/arquimaster","https:\/\/t.me\/arquimaster"]},{"@type":"Person","@id":"https:\/\/www.arquimaster.com.ar\/web\/#\/schema\/person\/359e9f7c00193fcde068e0dd2ceb0028","name":"Arquimaster"}]}},"uagb_featured_image_src":{"full":["https:\/\/www.arquimaster.com.ar\/web\/wp-content\/uploads\/2018\/11\/the_nim_bar_slide-wpp1584216915831.jpg",698,364,false],"thumbnail":["https:\/\/www.arquimaster.com.ar\/web\/wp-content\/uploads\/2018\/11\/the_nim_bar_slide-wpp1584216915831-150x150.jpg",150,150,true],"medium":["https:\/\/www.arquimaster.com.ar\/web\/wp-content\/uploads\/2018\/11\/the_nim_bar_slide-wpp1584216915831.jpg",698,364,false],"medium_large":["https:\/\/www.arquimaster.com.ar\/web\/wp-content\/uploads\/2018\/11\/the_nim_bar_slide-wpp1584216915831.jpg",698,364,false],"large":["https:\/\/www.arquimaster.com.ar\/web\/wp-content\/uploads\/2018\/11\/the_nim_bar_slide-wpp1584216915831.jpg",698,364,false],"1536x1536":["https:\/\/www.arquimaster.com.ar\/web\/wp-content\/uploads\/2018\/11\/the_nim_bar_slide-wpp1584216915831.jpg",698,364,false],"2048x2048":["https:\/\/www.arquimaster.com.ar\/web\/wp-content\/uploads\/2018\/11\/the_nim_bar_slide-wpp1584216915831.jpg",698,364,false]},"uagb_author_info":{"display_name":"Arquimaster","author_link":"https:\/\/www.arquimaster.com.ar\/web\/author\/arquimaster\/"},"uagb_comment_info":0,"uagb_excerpt":"La idea conceptual incorpora dos tipos de densidad de tramas de madera, cerradas y abiertas...","_links":{"self":[{"href":"https:\/\/www.arquimaster.com.ar\/web\/wp-json\/wp\/v2\/posts\/33444","targetHints":{"allow":["GET"]}}],"collection":[{"href":"https:\/\/www.arquimaster.com.ar\/web\/wp-json\/wp\/v2\/posts"}],"about":[{"href":"https:\/\/www.arquimaster.com.ar\/web\/wp-json\/wp\/v2\/types\/post"}],"author":[{"embeddable":true,"href":"https:\/\/www.arquimaster.com.ar\/web\/wp-json\/wp\/v2\/users\/1"}],"replies":[{"embeddable":true,"href":"https:\/\/www.arquimaster.com.ar\/web\/wp-json\/wp\/v2\/comments?post=33444"}],"version-history":[{"count":1,"href":"https:\/\/www.arquimaster.com.ar\/web\/wp-json\/wp\/v2\/posts\/33444\/revisions"}],"predecessor-version":[{"id":53459,"href":"https:\/\/www.arquimaster.com.ar\/web\/wp-json\/wp\/v2\/posts\/33444\/revisions\/53459"}],"wp:featuredmedia":[{"embeddable":true,"href":"https:\/\/www.arquimaster.com.ar\/web\/wp-json\/wp\/v2\/media\/33445"}],"wp:attachment":[{"href":"https:\/\/www.arquimaster.com.ar\/web\/wp-json\/wp\/v2\/media?parent=33444"}],"wp:term":[{"taxonomy":"category","embeddable":true,"href":"https:\/\/www.arquimaster.com.ar\/web\/wp-json\/wp\/v2\/categories?post=33444"},{"taxonomy":"post_tag","embeddable":true,"href":"https:\/\/www.arquimaster.com.ar\/web\/wp-json\/wp\/v2\/tags?post=33444"}],"curies":[{"name":"wp","href":"https:\/\/api.w.org\/{rel}","templated":true}]}}