{"id":33567,"date":"2018-10-13T20:27:34","date_gmt":"2018-10-13T20:27:34","guid":{"rendered":"http:\/\/www.arquimaster.com.ar\/web\/?p=33567"},"modified":"2025-08-11T19:40:41","modified_gmt":"2025-08-11T22:40:41","slug":"el-perfecto-lugar-de-aseo-diseno-individualizado-elevada-funcionalidad","status":"publish","type":"post","link":"https:\/\/www.arquimaster.com.ar\/web\/el-perfecto-lugar-de-aseo-diseno-individualizado-elevada-funcionalidad\/","title":{"rendered":"El perfecto lugar de aseo: dise\u00f1o individualizado, elevada funcionalidad"},"content":{"rendered":"<div style=\"margin-top: 0px; margin-bottom: 0px;\" class=\"sharethis-inline-share-buttons\" ><\/div><div class=\"b812932af2e751442846f039925109de\" data-index=\"1\" style=\"float: none; margin:25px 0 25px 0; text-align:center;\">\n<script async src=\"https:\/\/pagead2.googlesyndication.com\/pagead\/js\/adsbygoogle.js\"><\/script>\r\n<!-- Arquimaster (superior) -->\r\n<ins class=\"adsbygoogle\"\r\n     style=\"display:block\"\r\n     data-ad-client=\"ca-pub-6351072698456832\"\r\n     data-ad-slot=\"6455489680\"\r\n     data-ad-format=\"auto\"\r\n     data-full-width-responsive=\"true\"><\/ins>\r\n<script>\r\n     (adsbygoogle = window.adsbygoogle || []).push({});\r\n<\/script>\n<\/div>\n<p>Necesitamos productos que no clamen todo el tiempo \u00abaqu\u00ed estoy yo\u00bb. Este es el lema de <strong>Christian Werner<\/strong>, uno de los mejores dise\u00f1adores de interiores de Alemania, que hasta el momento ha creado tres exitosas series de muebles de ba\u00f1o para Duravit. Werner cree que es hora de crear \u00abmuebles espec\u00edficos para el ba\u00f1o\u00bb. Sobre todo en el lugar de aseo, parte central de cualquier ba\u00f1o que marca de forma decisiva el car\u00e1cter y el estilo de todo el espacio. Adem\u00e1s, resulta fundamental que cumplan a la perfecci\u00f3n con su funcionalidad y proporcionen orden y espacio suficiente para depositar utensilios. En la selecci\u00f3n del dise\u00f1o, material, acabados y equipamiento, el gusto individual juega un papel muy importante.<\/p>\n<div id='gallery-1' class='gallery galleryid-33567 gallery-columns-3 gallery-size-thumbnail'><figure class='gallery-item'>\n\t\t\t<div class='gallery-icon portrait'>\n\t\t\t\t<a href='https:\/\/www.arquimaster.com.ar\/web\/wp-content\/uploads\/2018\/11\/perfecto_lugar_aseo1.jpg' title=\"El perfecto lugar de aseo: dise\u00f1o individualizado, elevada funcionalidad (Cape Cod)\" data-rl_title=\"El perfecto lugar de aseo: dise\u00f1o individualizado, elevada funcionalidad (Cape Cod)\" class=\"rl-gallery-link\" data-rl_caption=\"El perfecto lugar de aseo: dise\u00f1o individualizado, elevada funcionalidad (Cape Cod)\" data-rel=\"lightbox-gallery-1\"><img loading=\"lazy\" decoding=\"async\" width=\"150\" height=\"150\" src=\"https:\/\/www.arquimaster.com.ar\/web\/wp-content\/uploads\/2018\/11\/perfecto_lugar_aseo1-150x150.jpg\" class=\"attachment-thumbnail size-thumbnail\" alt=\"\" aria-describedby=\"gallery-1-33588\" srcset=\"https:\/\/www.arquimaster.com.ar\/web\/wp-content\/uploads\/2018\/11\/perfecto_lugar_aseo1-150x150.jpg 150w, https:\/\/www.arquimaster.com.ar\/web\/wp-content\/uploads\/2018\/11\/perfecto_lugar_aseo1-50x50.jpg 50w, https:\/\/www.arquimaster.com.ar\/web\/wp-content\/uploads\/2018\/11\/perfecto_lugar_aseo1-125x125.jpg 125w\" sizes=\"auto, (max-width: 150px) 100vw, 150px\" \/><\/a>\n\t\t\t<\/div>\n\t\t\t\t<figcaption class='wp-caption-text gallery-caption' id='gallery-1-33588'>\n\t\t\t\tEl perfecto lugar de aseo: dise\u00f1o individualizado, elevada funcionalidad (Cape Cod)\n\t\t\t\t<\/figcaption><\/figure><figure class='gallery-item'>\n\t\t\t<div class='gallery-icon landscape'>\n\t\t\t\t<a href='https:\/\/www.arquimaster.com.ar\/web\/wp-content\/uploads\/2018\/11\/perfecto_lugar_aseo2.jpg' title=\"El perfecto lugar de aseo: dise\u00f1o individualizado, elevada funcionalidad (DuraStyle)\" data-rl_title=\"El perfecto lugar de aseo: dise\u00f1o individualizado, elevada funcionalidad (DuraStyle)\" class=\"rl-gallery-link\" data-rl_caption=\"El perfecto lugar de aseo: dise\u00f1o individualizado, elevada funcionalidad (DuraStyle)\" data-rel=\"lightbox-gallery-1\"><img loading=\"lazy\" decoding=\"async\" width=\"150\" height=\"150\" src=\"https:\/\/www.arquimaster.com.ar\/web\/wp-content\/uploads\/2018\/11\/perfecto_lugar_aseo2-150x150.jpg\" class=\"attachment-thumbnail size-thumbnail\" alt=\"\" aria-describedby=\"gallery-1-33589\" srcset=\"https:\/\/www.arquimaster.com.ar\/web\/wp-content\/uploads\/2018\/11\/perfecto_lugar_aseo2-150x150.jpg 150w, https:\/\/www.arquimaster.com.ar\/web\/wp-content\/uploads\/2018\/11\/perfecto_lugar_aseo2-50x50.jpg 50w, https:\/\/www.arquimaster.com.ar\/web\/wp-content\/uploads\/2018\/11\/perfecto_lugar_aseo2-125x125.jpg 125w\" sizes=\"auto, (max-width: 150px) 100vw, 150px\" \/><\/a>\n\t\t\t<\/div>\n\t\t\t\t<figcaption class='wp-caption-text gallery-caption' id='gallery-1-33589'>\n\t\t\t\tEl perfecto lugar de aseo: dise\u00f1o individualizado, elevada funcionalidad (DuraStyle)\n\t\t\t\t<\/figcaption><\/figure><figure class='gallery-item'>\n\t\t\t<div class='gallery-icon landscape'>\n\t\t\t\t<a href='https:\/\/www.arquimaster.com.ar\/web\/wp-content\/uploads\/2018\/11\/perfecto_lugar_aseo3.jpg' title=\"El perfecto lugar de aseo: dise\u00f1o individualizado, elevada funcionalidad (Happy D.2)\" data-rl_title=\"El perfecto lugar de aseo: dise\u00f1o individualizado, elevada funcionalidad (Happy D.2)\" class=\"rl-gallery-link\" data-rl_caption=\"El perfecto lugar de aseo: dise\u00f1o individualizado, elevada funcionalidad (Happy D.2)\" data-rel=\"lightbox-gallery-1\"><img loading=\"lazy\" decoding=\"async\" width=\"150\" height=\"150\" src=\"https:\/\/www.arquimaster.com.ar\/web\/wp-content\/uploads\/2018\/11\/perfecto_lugar_aseo3-150x150.jpg\" class=\"attachment-thumbnail size-thumbnail\" alt=\"\" aria-describedby=\"gallery-1-33590\" srcset=\"https:\/\/www.arquimaster.com.ar\/web\/wp-content\/uploads\/2018\/11\/perfecto_lugar_aseo3-150x150.jpg 150w, https:\/\/www.arquimaster.com.ar\/web\/wp-content\/uploads\/2018\/11\/perfecto_lugar_aseo3-50x50.jpg 50w, https:\/\/www.arquimaster.com.ar\/web\/wp-content\/uploads\/2018\/11\/perfecto_lugar_aseo3-125x125.jpg 125w\" sizes=\"auto, (max-width: 150px) 100vw, 150px\" \/><\/a>\n\t\t\t<\/div>\n\t\t\t\t<figcaption class='wp-caption-text gallery-caption' id='gallery-1-33590'>\n\t\t\t\tEl perfecto lugar de aseo: dise\u00f1o individualizado, elevada funcionalidad (Happy D.2)\n\t\t\t\t<\/figcaption><\/figure><figure class='gallery-item'>\n\t\t\t<div class='gallery-icon landscape'>\n\t\t\t\t<a href='https:\/\/www.arquimaster.com.ar\/web\/wp-content\/uploads\/2018\/11\/perfecto_lugar_aseo4.jpg' title=\"El perfecto lugar de aseo: dise\u00f1o individualizado, elevada funcionalidad (P3 Comforts)\" data-rl_title=\"El perfecto lugar de aseo: dise\u00f1o individualizado, elevada funcionalidad (P3 Comforts)\" class=\"rl-gallery-link\" data-rl_caption=\"El perfecto lugar de aseo: dise\u00f1o individualizado, elevada funcionalidad (P3 Comforts)\" data-rel=\"lightbox-gallery-1\"><img loading=\"lazy\" decoding=\"async\" width=\"150\" height=\"150\" src=\"https:\/\/www.arquimaster.com.ar\/web\/wp-content\/uploads\/2018\/11\/perfecto_lugar_aseo4-150x150.jpg\" class=\"attachment-thumbnail size-thumbnail\" alt=\"\" aria-describedby=\"gallery-1-33591\" srcset=\"https:\/\/www.arquimaster.com.ar\/web\/wp-content\/uploads\/2018\/11\/perfecto_lugar_aseo4-150x150.jpg 150w, https:\/\/www.arquimaster.com.ar\/web\/wp-content\/uploads\/2018\/11\/perfecto_lugar_aseo4-50x50.jpg 50w, https:\/\/www.arquimaster.com.ar\/web\/wp-content\/uploads\/2018\/11\/perfecto_lugar_aseo4-125x125.jpg 125w\" sizes=\"auto, (max-width: 150px) 100vw, 150px\" \/><\/a>\n\t\t\t<\/div>\n\t\t\t\t<figcaption class='wp-caption-text gallery-caption' id='gallery-1-33591'>\n\t\t\t\tEl perfecto lugar de aseo: dise\u00f1o individualizado, elevada funcionalidad (P3 Comforts)\n\t\t\t\t<\/figcaption><\/figure><figure class='gallery-item'>\n\t\t\t<div class='gallery-icon portrait'>\n\t\t\t\t<a href='https:\/\/www.arquimaster.com.ar\/web\/wp-content\/uploads\/2018\/11\/perfecto_lugar_aseo5.jpg' title=\"El perfecto lugar de aseo: dise\u00f1o individualizado, elevada funcionalidad (C-bonded)\" data-rl_title=\"El perfecto lugar de aseo: dise\u00f1o individualizado, elevada funcionalidad (C-bonded)\" class=\"rl-gallery-link\" data-rl_caption=\"El perfecto lugar de aseo: dise\u00f1o individualizado, elevada funcionalidad (C-bonded)\" data-rel=\"lightbox-gallery-1\"><img loading=\"lazy\" decoding=\"async\" width=\"150\" height=\"150\" src=\"https:\/\/www.arquimaster.com.ar\/web\/wp-content\/uploads\/2018\/11\/perfecto_lugar_aseo5-150x150.jpg\" class=\"attachment-thumbnail size-thumbnail\" alt=\"\" aria-describedby=\"gallery-1-33592\" srcset=\"https:\/\/www.arquimaster.com.ar\/web\/wp-content\/uploads\/2018\/11\/perfecto_lugar_aseo5-150x150.jpg 150w, https:\/\/www.arquimaster.com.ar\/web\/wp-content\/uploads\/2018\/11\/perfecto_lugar_aseo5-50x50.jpg 50w, https:\/\/www.arquimaster.com.ar\/web\/wp-content\/uploads\/2018\/11\/perfecto_lugar_aseo5-125x125.jpg 125w\" sizes=\"auto, (max-width: 150px) 100vw, 150px\" \/><\/a>\n\t\t\t<\/div>\n\t\t\t\t<figcaption class='wp-caption-text gallery-caption' id='gallery-1-33592'>\n\t\t\t\tEl perfecto lugar de aseo: dise\u00f1o individualizado, elevada funcionalidad (C-bonded)\n\t\t\t\t<\/figcaption><\/figure><figure class='gallery-item'>\n\t\t\t<div class='gallery-icon portrait'>\n\t\t\t\t<a href='https:\/\/www.arquimaster.com.ar\/web\/wp-content\/uploads\/2018\/11\/perfecto_lugar_aseo6.jpg' title=\"El perfecto lugar de aseo: dise\u00f1o individualizado, elevada funcionalidad (X-Large)\" data-rl_title=\"El perfecto lugar de aseo: dise\u00f1o individualizado, elevada funcionalidad (X-Large)\" class=\"rl-gallery-link\" data-rl_caption=\"El perfecto lugar de aseo: dise\u00f1o individualizado, elevada funcionalidad (X-Large)\" data-rel=\"lightbox-gallery-1\"><img loading=\"lazy\" decoding=\"async\" width=\"150\" height=\"150\" src=\"https:\/\/www.arquimaster.com.ar\/web\/wp-content\/uploads\/2018\/11\/perfecto_lugar_aseo6-150x150.jpg\" class=\"attachment-thumbnail size-thumbnail\" alt=\"\" aria-describedby=\"gallery-1-33593\" srcset=\"https:\/\/www.arquimaster.com.ar\/web\/wp-content\/uploads\/2018\/11\/perfecto_lugar_aseo6-150x150.jpg 150w, https:\/\/www.arquimaster.com.ar\/web\/wp-content\/uploads\/2018\/11\/perfecto_lugar_aseo6-50x50.jpg 50w, https:\/\/www.arquimaster.com.ar\/web\/wp-content\/uploads\/2018\/11\/perfecto_lugar_aseo6-125x125.jpg 125w\" sizes=\"auto, (max-width: 150px) 100vw, 150px\" \/><\/a>\n\t\t\t<\/div>\n\t\t\t\t<figcaption class='wp-caption-text gallery-caption' id='gallery-1-33593'>\n\t\t\t\tEl perfecto lugar de aseo: dise\u00f1o individualizado, elevada funcionalidad (X-Large)\n\t\t\t\t<\/figcaption><\/figure><figure class='gallery-item'>\n\t\t\t<div class='gallery-icon portrait'>\n\t\t\t\t<a href='https:\/\/www.arquimaster.com.ar\/web\/wp-content\/uploads\/2018\/11\/perfecto_lugar_aseo7.jpg' title=\"El perfecto lugar de aseo: dise\u00f1o individualizado, elevada funcionalidad (X-Large)\" data-rl_title=\"El perfecto lugar de aseo: dise\u00f1o individualizado, elevada funcionalidad (X-Large)\" class=\"rl-gallery-link\" data-rl_caption=\"El perfecto lugar de aseo: dise\u00f1o individualizado, elevada funcionalidad (X-Large)\" data-rel=\"lightbox-gallery-1\"><img loading=\"lazy\" decoding=\"async\" width=\"150\" height=\"150\" src=\"https:\/\/www.arquimaster.com.ar\/web\/wp-content\/uploads\/2018\/11\/perfecto_lugar_aseo7-150x150.jpg\" class=\"attachment-thumbnail size-thumbnail\" alt=\"\" aria-describedby=\"gallery-1-33594\" srcset=\"https:\/\/www.arquimaster.com.ar\/web\/wp-content\/uploads\/2018\/11\/perfecto_lugar_aseo7-150x150.jpg 150w, https:\/\/www.arquimaster.com.ar\/web\/wp-content\/uploads\/2018\/11\/perfecto_lugar_aseo7-50x50.jpg 50w, https:\/\/www.arquimaster.com.ar\/web\/wp-content\/uploads\/2018\/11\/perfecto_lugar_aseo7-125x125.jpg 125w\" sizes=\"auto, (max-width: 150px) 100vw, 150px\" \/><\/a>\n\t\t\t<\/div>\n\t\t\t\t<figcaption class='wp-caption-text gallery-caption' id='gallery-1-33594'>\n\t\t\t\tEl perfecto lugar de aseo: dise\u00f1o individualizado, elevada funcionalidad (X-Large)\n\t\t\t\t<\/figcaption><\/figure><figure class='gallery-item'>\n\t\t\t<div class='gallery-icon portrait'>\n\t\t\t\t<a href='https:\/\/www.arquimaster.com.ar\/web\/wp-content\/uploads\/2018\/11\/perfecto_lugar_aseo8.jpg' title=\"El perfecto lugar de aseo: dise\u00f1o individualizado, elevada funcionalidad (Cape Cod)\" data-rl_title=\"El perfecto lugar de aseo: dise\u00f1o individualizado, elevada funcionalidad (Cape Cod)\" class=\"rl-gallery-link\" data-rl_caption=\"El perfecto lugar de aseo: dise\u00f1o individualizado, elevada funcionalidad (Cape Cod)\" data-rel=\"lightbox-gallery-1\"><img loading=\"lazy\" decoding=\"async\" width=\"150\" height=\"150\" src=\"https:\/\/www.arquimaster.com.ar\/web\/wp-content\/uploads\/2018\/11\/perfecto_lugar_aseo8-150x150.jpg\" class=\"attachment-thumbnail size-thumbnail\" alt=\"\" aria-describedby=\"gallery-1-33595\" srcset=\"https:\/\/www.arquimaster.com.ar\/web\/wp-content\/uploads\/2018\/11\/perfecto_lugar_aseo8-150x150.jpg 150w, https:\/\/www.arquimaster.com.ar\/web\/wp-content\/uploads\/2018\/11\/perfecto_lugar_aseo8-50x50.jpg 50w, https:\/\/www.arquimaster.com.ar\/web\/wp-content\/uploads\/2018\/11\/perfecto_lugar_aseo8-125x125.jpg 125w\" sizes=\"auto, (max-width: 150px) 100vw, 150px\" \/><\/a>\n\t\t\t<\/div>\n\t\t\t\t<figcaption class='wp-caption-text gallery-caption' id='gallery-1-33595'>\n\t\t\t\tEl perfecto lugar de aseo: dise\u00f1o individualizado, elevada funcionalidad (Cape Cod)\n\t\t\t\t<\/figcaption><\/figure><figure class='gallery-item'>\n\t\t\t<div class='gallery-icon portrait'>\n\t\t\t\t<a href='https:\/\/www.arquimaster.com.ar\/web\/wp-content\/uploads\/2018\/11\/perfecto_lugar_aseo9.jpg' title=\"El perfecto lugar de aseo: dise\u00f1o individualizado, elevada funcionalidad (Me by Starck)\" data-rl_title=\"El perfecto lugar de aseo: dise\u00f1o individualizado, elevada funcionalidad (Me by Starck)\" class=\"rl-gallery-link\" data-rl_caption=\"El perfecto lugar de aseo: dise\u00f1o individualizado, elevada funcionalidad (Me by Starck)\" data-rel=\"lightbox-gallery-1\"><img loading=\"lazy\" decoding=\"async\" width=\"150\" height=\"150\" src=\"https:\/\/www.arquimaster.com.ar\/web\/wp-content\/uploads\/2018\/11\/perfecto_lugar_aseo9-150x150.jpg\" class=\"attachment-thumbnail size-thumbnail\" alt=\"\" aria-describedby=\"gallery-1-33596\" srcset=\"https:\/\/www.arquimaster.com.ar\/web\/wp-content\/uploads\/2018\/11\/perfecto_lugar_aseo9-150x150.jpg 150w, https:\/\/www.arquimaster.com.ar\/web\/wp-content\/uploads\/2018\/11\/perfecto_lugar_aseo9-50x50.jpg 50w, https:\/\/www.arquimaster.com.ar\/web\/wp-content\/uploads\/2018\/11\/perfecto_lugar_aseo9-125x125.jpg 125w\" sizes=\"auto, (max-width: 150px) 100vw, 150px\" \/><\/a>\n\t\t\t<\/div>\n\t\t\t\t<figcaption class='wp-caption-text gallery-caption' id='gallery-1-33596'>\n\t\t\t\tEl perfecto lugar de aseo: dise\u00f1o individualizado, elevada funcionalidad (Me by Starck)\n\t\t\t\t<\/figcaption><\/figure><figure class='gallery-item'>\n\t\t\t<div class='gallery-icon portrait'>\n\t\t\t\t<a href='https:\/\/www.arquimaster.com.ar\/web\/wp-content\/uploads\/2018\/11\/perfecto_lugar_aseo10.jpg' title=\"El perfecto lugar de aseo: dise\u00f1o individualizado, elevada funcionalidad (P3 Comforts)\" data-rl_title=\"El perfecto lugar de aseo: dise\u00f1o individualizado, elevada funcionalidad (P3 Comforts)\" class=\"rl-gallery-link\" data-rl_caption=\"El perfecto lugar de aseo: dise\u00f1o individualizado, elevada funcionalidad (P3 Comforts)\" data-rel=\"lightbox-gallery-1\"><img loading=\"lazy\" decoding=\"async\" width=\"150\" height=\"150\" src=\"https:\/\/www.arquimaster.com.ar\/web\/wp-content\/uploads\/2018\/11\/perfecto_lugar_aseo10-150x150.jpg\" class=\"attachment-thumbnail size-thumbnail\" alt=\"\" aria-describedby=\"gallery-1-33597\" srcset=\"https:\/\/www.arquimaster.com.ar\/web\/wp-content\/uploads\/2018\/11\/perfecto_lugar_aseo10-150x150.jpg 150w, https:\/\/www.arquimaster.com.ar\/web\/wp-content\/uploads\/2018\/11\/perfecto_lugar_aseo10-50x50.jpg 50w, https:\/\/www.arquimaster.com.ar\/web\/wp-content\/uploads\/2018\/11\/perfecto_lugar_aseo10-125x125.jpg 125w\" sizes=\"auto, (max-width: 150px) 100vw, 150px\" \/><\/a>\n\t\t\t<\/div>\n\t\t\t\t<figcaption class='wp-caption-text gallery-caption' id='gallery-1-33597'>\n\t\t\t\tEl perfecto lugar de aseo: dise\u00f1o individualizado, elevada funcionalidad (P3 Comforts)\n\t\t\t\t<\/figcaption><\/figure><figure class='gallery-item'>\n\t\t\t<div class='gallery-icon portrait'>\n\t\t\t\t<a href='https:\/\/www.arquimaster.com.ar\/web\/wp-content\/uploads\/2018\/11\/perfecto_lugar_aseo11.jpg' title=\"El perfecto lugar de aseo: dise\u00f1o individualizado, elevada funcionalidad (Karree)\" data-rl_title=\"El perfecto lugar de aseo: dise\u00f1o individualizado, elevada funcionalidad (Karree)\" class=\"rl-gallery-link\" data-rl_caption=\"El perfecto lugar de aseo: dise\u00f1o individualizado, elevada funcionalidad (Karree)\" data-rel=\"lightbox-gallery-1\"><img loading=\"lazy\" decoding=\"async\" width=\"150\" height=\"150\" src=\"https:\/\/www.arquimaster.com.ar\/web\/wp-content\/uploads\/2018\/11\/perfecto_lugar_aseo11-150x150.jpg\" class=\"attachment-thumbnail size-thumbnail\" alt=\"\" aria-describedby=\"gallery-1-33598\" srcset=\"https:\/\/www.arquimaster.com.ar\/web\/wp-content\/uploads\/2018\/11\/perfecto_lugar_aseo11-150x150.jpg 150w, https:\/\/www.arquimaster.com.ar\/web\/wp-content\/uploads\/2018\/11\/perfecto_lugar_aseo11-50x50.jpg 50w, https:\/\/www.arquimaster.com.ar\/web\/wp-content\/uploads\/2018\/11\/perfecto_lugar_aseo11-125x125.jpg 125w\" sizes=\"auto, (max-width: 150px) 100vw, 150px\" \/><\/a>\n\t\t\t<\/div>\n\t\t\t\t<figcaption class='wp-caption-text gallery-caption' id='gallery-1-33598'>\n\t\t\t\tEl perfecto lugar de aseo: dise\u00f1o individualizado, elevada funcionalidad (Karree)\n\t\t\t\t<\/figcaption><\/figure>\n\t\t<\/div>\n\n<p>Las piezas \u00fanicas marcan acentos, como la encimera con lavabo Cape Cod dise\u00f1ada por <strong>Philippe Starck<\/strong> o el lavabo DuraStyle con consola de madera de la mano de <strong>Matteo Thun<\/strong> &amp; <strong>Antonio Rodr\u00edguez<\/strong>. Cape Cod cautiva por su singular lenguaje de forma y sus materiales aut\u00e9nticos en madera maciza, adem\u00e1s de por sus lavabos con bordes finos en tres formas.<\/p>\n<p>Las principales caracter\u00edsticas de DuraStyle son sus cantos redondeados y los bordes de su seno. Los estantes abiertos crean una impresi\u00f3n total de ligereza.<\/p>\n<p>Los lavabos con sus muebles forman una perfecta unidad visual y ofrecen espacio pr\u00e1ctico para depositar utensilios. Happy D.2 dispone, por ejemplo, de una selecci\u00f3n de 5 anchuras. En su interior, el sistema de distribuci\u00f3n de Duravit en arce o nogal proporciona el orden necesario.<\/p>\n<p>En el lavabo asim\u00e9trico de la serie P3 Comforts salta a la vista de forma inmediata su amplia superficie para depositar utensilios de 105 cm de ancho.<\/p>\n<p>Como innovaci\u00f3n, Duravit ha desarrollado la purista soluci\u00f3n \u00abC-bonded\u00bb para el lugar de aseo. Con esta novedosa tecnolog\u00eda se une el lavabo al mueble pr\u00e1cticamente sin juntas mediante un laborioso proceso.<\/p>\n<p>Las soluciones que incluyen encimeras individualizadas y vers\u00e1tiles ofrecen numerosas combinaciones posibles. Elegantes y ligeras, pueden ampliarse con muebles bajo encimera para proporcionar mayor espacio de almacenamiento. En las series X-Large o L-Cube (dise\u00f1o Christian Werner) se presentan matices apropiados para un lugar de aseo dise\u00f1ado con el m\u00e1ximo confort.<\/p>\n<p>Los lavabos empotrados se rectifican en un proceso especial para que se asienten a la perfecci\u00f3n. Empotrados desde arriba en una encimera o un mueble bajo lavabo, ofrecen mucho espacio para depositar utensilios. Otra alternativa son los lavabos empotrados desde abajo, que se fijan bajo la encimera.<\/p>\n<p>Los lavabos semi-empotrados y los lavabos sobre encimera representan otra versi\u00f3n con diferentes formas y versiones. Tambi\u00e9n estos se rectifican con un proceso especial. Los cl\u00e1sicos m\u00e1s populares siguen siendo los rectangulares lavabos sobre encimera de Vero en combinaci\u00f3n con encimeras y muebles de la serie X-Large. Estas encimeras de ancho variable desde 80 hasta 200 cm aprovechan el espacio de forma \u00f3ptima y pueden ajustarse tambi\u00e9n a espacios entre 3 paredes.<\/p>\n<p><strong>Espejo e iluminaci\u00f3n<\/strong><br \/>\nLas fuentes de luz iluminan zonas y se encuentran posicionadas directamente en el espejo mediante unos elementos lum\u00ednicos f\u00e1cilmente controlables. Como ejemplo, los espejos y muebles espejo L-Cube con marco luminoso se controlan mediante un sensor. En Vero, la luz ambiental se puede posicionar tanto en la parte superior como en la inferior.<\/p>\n<p>Tambi\u00e9n podr\u00eda incorporarse una tercera fuente de luz ambiental en el ba\u00f1o que adem\u00e1s de iluminar se convierta en objeto de contemplaci\u00f3n. Es el caso del espejo de la serie Cape Cod de Philippe Starck: la luz LED que envuelve el espejo marca acentos en el ba\u00f1o y la intensidad puede regularse mediante el sensor infrarrojo. La fuerte iluminaci\u00f3n del espejo act\u00faa por partida doble, por lo que las fuentes luminosas son regulables en intensidad y la luz ambiental se sit\u00faa de forma \u00f3ptima alrededor del espejo.<\/p>\n<p><strong>Accesorios<\/strong><br \/>\nLos accesorios ofrecen una soluci\u00f3n pr\u00e1ctica para el ba\u00f1o y completan el lugar de aseo: desde el dispensador de jab\u00f3n, hasta el toallero o el espejo de maquillaje. El atemporal y moderno programa D-Code o los accesorios Karree dise\u00f1ados de forma rectil\u00ednea y fabricados en cromado y cristal satinado, resultan tan flexibles que armonizan con pr\u00e1cticamente cualquier serie de Duravit, a la vez que aportan al espacio una apariencia individualizada.<\/p>\n<p><strong>Acabados y materiales<\/strong><br \/>\nNo existen limitaciones para la libertad creativa: en Duravit la base est\u00e1 formada por una gama de casi 50 acabados diferentes. Los acabados en decorado van desde el blanco hasta diferentes tonalidades de madera y grafito mate, hasta llegar al excepcional acabado de lino. Tambi\u00e9n las selectas chapas de madera aut\u00e9ntica de nogal, roble o casta\u00f1o siguen siendo una tendencia importante. Los lacados brillantes en albaricoque Pearl, Jade o Dolomiti Grey as\u00ed como los lacados sedosos mates en los colores escandinavos como Nordic blanco, gris piedra o azul cielo aportan color al ba\u00f1o.<\/p>\n<p><strong>Duravit AG<\/strong><br \/>\nLa empresa Duravit AG, fundada en el a\u00f1o 1817 en Hornberg en el centro de la Selva Negra, es actualmente uno de los fabricantes punteros en todo el mundo de ba\u00f1os de dise\u00f1o. La empresa est\u00e1 presente en m\u00e1s de 130 pa\u00edses y se caracteriza por la innovaci\u00f3n en el dise\u00f1o original, la aplicaci\u00f3n de t\u00e9cnica inteligente y la elevada calidad. En cooperaci\u00f3n con dise\u00f1adores de renombre internacional como Philippe Starck, EOOS, Phoenix Design, sieger design, Kurt Merki Jr., Christian Werner, Matteo Thun o Cecilie Manz se crean ba\u00f1os que aportan confort y aumentan la calidad de vida de usuarios de forma sustancial. El portfolio de Duravit integra cer\u00e1mica sanitaria, muebles de ba\u00f1o, platos de ducha y ba\u00f1eras, sistemas de hidromasaje y asiento de lavado, grifer\u00eda y accesorios as\u00ed como los elementos de bastidores.<\/p>\n\n<div style=\"font-size: 0px; height: 0px; line-height: 0px; margin: 0; padding: 0; clear: both;\"><\/div><div style=\"margin-top: 0px; margin-bottom: 0px;\" class=\"sharethis-inline-share-buttons\" ><\/div>","protected":false},"excerpt":{"rendered":"<p>Es fundamental que cumplan con su funcionalidad y proporcionen orden y espacio suficiente&#8230;<\/p>\n","protected":false},"author":1,"featured_media":33587,"comment_status":"closed","ping_status":"closed","sticky":false,"template":"","format":"standard","meta":{"_uag_custom_page_level_css":"","footnotes":""},"categories":[55,56],"tags":[4836,327,4834,332,329,4835,387,2786],"class_list":["post-33567","post","type-post","status-publish","format-standard","has-post-thumbnail","hentry","category-diseno","category-diseno-interior-decoracion","tag-antonio-rodriguez","tag-bano","tag-christian-werner","tag-cuarto-de-bano","tag-duravit","tag-matteo-thun","tag-philippe-starck","tag-sala-de-bano","generate-columns","tablet-grid-50","mobile-grid-100","grid-parent","grid-50"],"yoast_head":"<!-- This site is optimized with the Yoast SEO plugin v27.3 - https:\/\/yoast.com\/product\/yoast-seo-wordpress\/ -->\n<title>El perfecto lugar de aseo: dise\u00f1o individualizado, elevada funcionalidad - Arquimaster<\/title>\n<meta name=\"robots\" content=\"index, follow, max-snippet:-1, max-image-preview:large, max-video-preview:-1\" \/>\n<link rel=\"canonical\" href=\"https:\/\/www.arquimaster.com.ar\/web\/el-perfecto-lugar-de-aseo-diseno-individualizado-elevada-funcionalidad\/\" \/>\n<meta property=\"og:locale\" content=\"es_ES\" \/>\n<meta property=\"og:type\" content=\"article\" \/>\n<meta property=\"og:title\" content=\"El perfecto lugar de aseo: dise\u00f1o individualizado, elevada funcionalidad - Arquimaster\" \/>\n<meta property=\"og:description\" content=\"Es fundamental que cumplan con su funcionalidad y proporcionen orden y espacio suficiente...\" \/>\n<meta property=\"og:url\" content=\"https:\/\/www.arquimaster.com.ar\/web\/el-perfecto-lugar-de-aseo-diseno-individualizado-elevada-funcionalidad\/\" \/>\n<meta property=\"og:site_name\" content=\"Arquimaster\" \/>\n<meta property=\"article:publisher\" content=\"http:\/\/www.facebook.com\/ARQUIMASTER.com.ar\" \/>\n<meta property=\"article:published_time\" content=\"2018-10-13T20:27:34+00:00\" \/>\n<meta property=\"article:modified_time\" content=\"2025-08-11T22:40:41+00:00\" \/>\n<meta property=\"og:image\" content=\"https:\/\/www.arquimaster.com.ar\/web\/wp-content\/uploads\/2018\/11\/perfecto_lugar_aseo_slide.jpg\" \/>\n\t<meta property=\"og:image:width\" content=\"642\" \/>\n\t<meta property=\"og:image:height\" content=\"336\" \/>\n\t<meta property=\"og:image:type\" content=\"image\/jpeg\" \/>\n<meta name=\"author\" content=\"Arquimaster\" \/>\n<meta name=\"twitter:card\" content=\"summary_large_image\" \/>\n<meta name=\"twitter:creator\" content=\"@arquimaster\" \/>\n<meta name=\"twitter:site\" content=\"@arquimaster\" \/>\n<meta name=\"twitter:label1\" content=\"Escrito por\" \/>\n\t<meta name=\"twitter:data1\" content=\"Arquimaster\" \/>\n\t<meta name=\"twitter:label2\" content=\"Tiempo de lectura\" \/>\n\t<meta name=\"twitter:data2\" content=\"5 minutos\" \/>\n<script type=\"application\/ld+json\" class=\"yoast-schema-graph\">{\"@context\":\"https:\\\/\\\/schema.org\",\"@graph\":[{\"@type\":\"Article\",\"@id\":\"https:\\\/\\\/www.arquimaster.com.ar\\\/web\\\/el-perfecto-lugar-de-aseo-diseno-individualizado-elevada-funcionalidad\\\/#article\",\"isPartOf\":{\"@id\":\"https:\\\/\\\/www.arquimaster.com.ar\\\/web\\\/el-perfecto-lugar-de-aseo-diseno-individualizado-elevada-funcionalidad\\\/\"},\"author\":{\"name\":\"Arquimaster\",\"@id\":\"https:\\\/\\\/www.arquimaster.com.ar\\\/web\\\/#\\\/schema\\\/person\\\/359e9f7c00193fcde068e0dd2ceb0028\"},\"headline\":\"El perfecto lugar de aseo: dise\u00f1o individualizado, elevada funcionalidad\",\"datePublished\":\"2018-10-13T20:27:34+00:00\",\"dateModified\":\"2025-08-11T22:40:41+00:00\",\"mainEntityOfPage\":{\"@id\":\"https:\\\/\\\/www.arquimaster.com.ar\\\/web\\\/el-perfecto-lugar-de-aseo-diseno-individualizado-elevada-funcionalidad\\\/\"},\"wordCount\":999,\"publisher\":{\"@id\":\"https:\\\/\\\/www.arquimaster.com.ar\\\/web\\\/#organization\"},\"image\":{\"@id\":\"https:\\\/\\\/www.arquimaster.com.ar\\\/web\\\/el-perfecto-lugar-de-aseo-diseno-individualizado-elevada-funcionalidad\\\/#primaryimage\"},\"thumbnailUrl\":\"https:\\\/\\\/www.arquimaster.com.ar\\\/web\\\/wp-content\\\/uploads\\\/2018\\\/11\\\/perfecto_lugar_aseo_slide.jpg\",\"keywords\":[\"Antonio Rodr\u00edguez\",\"ba\u00f1o\",\"Christian Werner\",\"cuarto de ba\u00f1o\",\"Duravit\",\"Matteo Thun\",\"Philippe Starck\",\"sala de ba\u00f1o\"],\"articleSection\":[\"Dise\u00f1o\",\"Dise\u00f1o interior y decoracion\"],\"inLanguage\":\"es\"},{\"@type\":\"WebPage\",\"@id\":\"https:\\\/\\\/www.arquimaster.com.ar\\\/web\\\/el-perfecto-lugar-de-aseo-diseno-individualizado-elevada-funcionalidad\\\/\",\"url\":\"https:\\\/\\\/www.arquimaster.com.ar\\\/web\\\/el-perfecto-lugar-de-aseo-diseno-individualizado-elevada-funcionalidad\\\/\",\"name\":\"El perfecto lugar de aseo: dise\u00f1o individualizado, elevada funcionalidad - Arquimaster\",\"isPartOf\":{\"@id\":\"https:\\\/\\\/www.arquimaster.com.ar\\\/web\\\/#website\"},\"primaryImageOfPage\":{\"@id\":\"https:\\\/\\\/www.arquimaster.com.ar\\\/web\\\/el-perfecto-lugar-de-aseo-diseno-individualizado-elevada-funcionalidad\\\/#primaryimage\"},\"image\":{\"@id\":\"https:\\\/\\\/www.arquimaster.com.ar\\\/web\\\/el-perfecto-lugar-de-aseo-diseno-individualizado-elevada-funcionalidad\\\/#primaryimage\"},\"thumbnailUrl\":\"https:\\\/\\\/www.arquimaster.com.ar\\\/web\\\/wp-content\\\/uploads\\\/2018\\\/11\\\/perfecto_lugar_aseo_slide.jpg\",\"datePublished\":\"2018-10-13T20:27:34+00:00\",\"dateModified\":\"2025-08-11T22:40:41+00:00\",\"breadcrumb\":{\"@id\":\"https:\\\/\\\/www.arquimaster.com.ar\\\/web\\\/el-perfecto-lugar-de-aseo-diseno-individualizado-elevada-funcionalidad\\\/#breadcrumb\"},\"inLanguage\":\"es\",\"potentialAction\":[{\"@type\":\"ReadAction\",\"target\":[\"https:\\\/\\\/www.arquimaster.com.ar\\\/web\\\/el-perfecto-lugar-de-aseo-diseno-individualizado-elevada-funcionalidad\\\/\"]}]},{\"@type\":\"ImageObject\",\"inLanguage\":\"es\",\"@id\":\"https:\\\/\\\/www.arquimaster.com.ar\\\/web\\\/el-perfecto-lugar-de-aseo-diseno-individualizado-elevada-funcionalidad\\\/#primaryimage\",\"url\":\"https:\\\/\\\/www.arquimaster.com.ar\\\/web\\\/wp-content\\\/uploads\\\/2018\\\/11\\\/perfecto_lugar_aseo_slide.jpg\",\"contentUrl\":\"https:\\\/\\\/www.arquimaster.com.ar\\\/web\\\/wp-content\\\/uploads\\\/2018\\\/11\\\/perfecto_lugar_aseo_slide.jpg\",\"width\":642,\"height\":336},{\"@type\":\"BreadcrumbList\",\"@id\":\"https:\\\/\\\/www.arquimaster.com.ar\\\/web\\\/el-perfecto-lugar-de-aseo-diseno-individualizado-elevada-funcionalidad\\\/#breadcrumb\",\"itemListElement\":[{\"@type\":\"ListItem\",\"position\":1,\"name\":\"Portada\",\"item\":\"https:\\\/\\\/www.arquimaster.com.ar\\\/web\\\/\"},{\"@type\":\"ListItem\",\"position\":2,\"name\":\"El perfecto lugar de aseo: dise\u00f1o individualizado, elevada funcionalidad\"}]},{\"@type\":\"WebSite\",\"@id\":\"https:\\\/\\\/www.arquimaster.com.ar\\\/web\\\/#website\",\"url\":\"https:\\\/\\\/www.arquimaster.com.ar\\\/web\\\/\",\"name\":\"Arquimaster\",\"description\":\"Web de arquitectura, dise\u00f1o y construccion\",\"publisher\":{\"@id\":\"https:\\\/\\\/www.arquimaster.com.ar\\\/web\\\/#organization\"},\"potentialAction\":[{\"@type\":\"SearchAction\",\"target\":{\"@type\":\"EntryPoint\",\"urlTemplate\":\"https:\\\/\\\/www.arquimaster.com.ar\\\/web\\\/?s={search_term_string}\"},\"query-input\":{\"@type\":\"PropertyValueSpecification\",\"valueRequired\":true,\"valueName\":\"search_term_string\"}}],\"inLanguage\":\"es\"},{\"@type\":\"Organization\",\"@id\":\"https:\\\/\\\/www.arquimaster.com.ar\\\/web\\\/#organization\",\"name\":\"Arquimaster\",\"url\":\"https:\\\/\\\/www.arquimaster.com.ar\\\/web\\\/\",\"logo\":{\"@type\":\"ImageObject\",\"inLanguage\":\"es\",\"@id\":\"https:\\\/\\\/www.arquimaster.com.ar\\\/web\\\/#\\\/schema\\\/logo\\\/image\\\/\",\"url\":\"https:\\\/\\\/www.arquimaster.com.ar\\\/web\\\/wp-content\\\/uploads\\\/2022\\\/06\\\/arquimaster.png\",\"contentUrl\":\"https:\\\/\\\/www.arquimaster.com.ar\\\/web\\\/wp-content\\\/uploads\\\/2022\\\/06\\\/arquimaster.png\",\"width\":594,\"height\":78,\"caption\":\"Arquimaster\"},\"image\":{\"@id\":\"https:\\\/\\\/www.arquimaster.com.ar\\\/web\\\/#\\\/schema\\\/logo\\\/image\\\/\"},\"sameAs\":[\"http:\\\/\\\/www.facebook.com\\\/ARQUIMASTER.com.ar\",\"https:\\\/\\\/x.com\\\/arquimaster\",\"https:\\\/\\\/www.instagram.com\\\/arquimasterblog\\\/\",\"https:\\\/\\\/www.linkedin.com\\\/company\\\/arquimaster\",\"https:\\\/\\\/www.pinterest.com\\\/arquimaster\",\"https:\\\/\\\/t.me\\\/arquimaster\"]},{\"@type\":\"Person\",\"@id\":\"https:\\\/\\\/www.arquimaster.com.ar\\\/web\\\/#\\\/schema\\\/person\\\/359e9f7c00193fcde068e0dd2ceb0028\",\"name\":\"Arquimaster\"}]}<\/script>\n<!-- \/ Yoast SEO plugin. -->","yoast_head_json":{"title":"El perfecto lugar de aseo: dise\u00f1o individualizado, elevada funcionalidad - Arquimaster","robots":{"index":"index","follow":"follow","max-snippet":"max-snippet:-1","max-image-preview":"max-image-preview:large","max-video-preview":"max-video-preview:-1"},"canonical":"https:\/\/www.arquimaster.com.ar\/web\/el-perfecto-lugar-de-aseo-diseno-individualizado-elevada-funcionalidad\/","og_locale":"es_ES","og_type":"article","og_title":"El perfecto lugar de aseo: dise\u00f1o individualizado, elevada funcionalidad - Arquimaster","og_description":"Es fundamental que cumplan con su funcionalidad y proporcionen orden y espacio suficiente...","og_url":"https:\/\/www.arquimaster.com.ar\/web\/el-perfecto-lugar-de-aseo-diseno-individualizado-elevada-funcionalidad\/","og_site_name":"Arquimaster","article_publisher":"http:\/\/www.facebook.com\/ARQUIMASTER.com.ar","article_published_time":"2018-10-13T20:27:34+00:00","article_modified_time":"2025-08-11T22:40:41+00:00","og_image":[{"width":642,"height":336,"url":"https:\/\/www.arquimaster.com.ar\/web\/wp-content\/uploads\/2018\/11\/perfecto_lugar_aseo_slide.jpg","type":"image\/jpeg"}],"author":"Arquimaster","twitter_card":"summary_large_image","twitter_creator":"@arquimaster","twitter_site":"@arquimaster","twitter_misc":{"Escrito por":"Arquimaster","Tiempo de lectura":"5 minutos"},"schema":{"@context":"https:\/\/schema.org","@graph":[{"@type":"Article","@id":"https:\/\/www.arquimaster.com.ar\/web\/el-perfecto-lugar-de-aseo-diseno-individualizado-elevada-funcionalidad\/#article","isPartOf":{"@id":"https:\/\/www.arquimaster.com.ar\/web\/el-perfecto-lugar-de-aseo-diseno-individualizado-elevada-funcionalidad\/"},"author":{"name":"Arquimaster","@id":"https:\/\/www.arquimaster.com.ar\/web\/#\/schema\/person\/359e9f7c00193fcde068e0dd2ceb0028"},"headline":"El perfecto lugar de aseo: dise\u00f1o individualizado, elevada funcionalidad","datePublished":"2018-10-13T20:27:34+00:00","dateModified":"2025-08-11T22:40:41+00:00","mainEntityOfPage":{"@id":"https:\/\/www.arquimaster.com.ar\/web\/el-perfecto-lugar-de-aseo-diseno-individualizado-elevada-funcionalidad\/"},"wordCount":999,"publisher":{"@id":"https:\/\/www.arquimaster.com.ar\/web\/#organization"},"image":{"@id":"https:\/\/www.arquimaster.com.ar\/web\/el-perfecto-lugar-de-aseo-diseno-individualizado-elevada-funcionalidad\/#primaryimage"},"thumbnailUrl":"https:\/\/www.arquimaster.com.ar\/web\/wp-content\/uploads\/2018\/11\/perfecto_lugar_aseo_slide.jpg","keywords":["Antonio Rodr\u00edguez","ba\u00f1o","Christian Werner","cuarto de ba\u00f1o","Duravit","Matteo Thun","Philippe Starck","sala de ba\u00f1o"],"articleSection":["Dise\u00f1o","Dise\u00f1o interior y decoracion"],"inLanguage":"es"},{"@type":"WebPage","@id":"https:\/\/www.arquimaster.com.ar\/web\/el-perfecto-lugar-de-aseo-diseno-individualizado-elevada-funcionalidad\/","url":"https:\/\/www.arquimaster.com.ar\/web\/el-perfecto-lugar-de-aseo-diseno-individualizado-elevada-funcionalidad\/","name":"El perfecto lugar de aseo: dise\u00f1o individualizado, elevada funcionalidad - Arquimaster","isPartOf":{"@id":"https:\/\/www.arquimaster.com.ar\/web\/#website"},"primaryImageOfPage":{"@id":"https:\/\/www.arquimaster.com.ar\/web\/el-perfecto-lugar-de-aseo-diseno-individualizado-elevada-funcionalidad\/#primaryimage"},"image":{"@id":"https:\/\/www.arquimaster.com.ar\/web\/el-perfecto-lugar-de-aseo-diseno-individualizado-elevada-funcionalidad\/#primaryimage"},"thumbnailUrl":"https:\/\/www.arquimaster.com.ar\/web\/wp-content\/uploads\/2018\/11\/perfecto_lugar_aseo_slide.jpg","datePublished":"2018-10-13T20:27:34+00:00","dateModified":"2025-08-11T22:40:41+00:00","breadcrumb":{"@id":"https:\/\/www.arquimaster.com.ar\/web\/el-perfecto-lugar-de-aseo-diseno-individualizado-elevada-funcionalidad\/#breadcrumb"},"inLanguage":"es","potentialAction":[{"@type":"ReadAction","target":["https:\/\/www.arquimaster.com.ar\/web\/el-perfecto-lugar-de-aseo-diseno-individualizado-elevada-funcionalidad\/"]}]},{"@type":"ImageObject","inLanguage":"es","@id":"https:\/\/www.arquimaster.com.ar\/web\/el-perfecto-lugar-de-aseo-diseno-individualizado-elevada-funcionalidad\/#primaryimage","url":"https:\/\/www.arquimaster.com.ar\/web\/wp-content\/uploads\/2018\/11\/perfecto_lugar_aseo_slide.jpg","contentUrl":"https:\/\/www.arquimaster.com.ar\/web\/wp-content\/uploads\/2018\/11\/perfecto_lugar_aseo_slide.jpg","width":642,"height":336},{"@type":"BreadcrumbList","@id":"https:\/\/www.arquimaster.com.ar\/web\/el-perfecto-lugar-de-aseo-diseno-individualizado-elevada-funcionalidad\/#breadcrumb","itemListElement":[{"@type":"ListItem","position":1,"name":"Portada","item":"https:\/\/www.arquimaster.com.ar\/web\/"},{"@type":"ListItem","position":2,"name":"El perfecto lugar de aseo: dise\u00f1o individualizado, elevada funcionalidad"}]},{"@type":"WebSite","@id":"https:\/\/www.arquimaster.com.ar\/web\/#website","url":"https:\/\/www.arquimaster.com.ar\/web\/","name":"Arquimaster","description":"Web de arquitectura, dise\u00f1o y construccion","publisher":{"@id":"https:\/\/www.arquimaster.com.ar\/web\/#organization"},"potentialAction":[{"@type":"SearchAction","target":{"@type":"EntryPoint","urlTemplate":"https:\/\/www.arquimaster.com.ar\/web\/?s={search_term_string}"},"query-input":{"@type":"PropertyValueSpecification","valueRequired":true,"valueName":"search_term_string"}}],"inLanguage":"es"},{"@type":"Organization","@id":"https:\/\/www.arquimaster.com.ar\/web\/#organization","name":"Arquimaster","url":"https:\/\/www.arquimaster.com.ar\/web\/","logo":{"@type":"ImageObject","inLanguage":"es","@id":"https:\/\/www.arquimaster.com.ar\/web\/#\/schema\/logo\/image\/","url":"https:\/\/www.arquimaster.com.ar\/web\/wp-content\/uploads\/2022\/06\/arquimaster.png","contentUrl":"https:\/\/www.arquimaster.com.ar\/web\/wp-content\/uploads\/2022\/06\/arquimaster.png","width":594,"height":78,"caption":"Arquimaster"},"image":{"@id":"https:\/\/www.arquimaster.com.ar\/web\/#\/schema\/logo\/image\/"},"sameAs":["http:\/\/www.facebook.com\/ARQUIMASTER.com.ar","https:\/\/x.com\/arquimaster","https:\/\/www.instagram.com\/arquimasterblog\/","https:\/\/www.linkedin.com\/company\/arquimaster","https:\/\/www.pinterest.com\/arquimaster","https:\/\/t.me\/arquimaster"]},{"@type":"Person","@id":"https:\/\/www.arquimaster.com.ar\/web\/#\/schema\/person\/359e9f7c00193fcde068e0dd2ceb0028","name":"Arquimaster"}]}},"uagb_featured_image_src":{"full":["https:\/\/www.arquimaster.com.ar\/web\/wp-content\/uploads\/2018\/11\/perfecto_lugar_aseo_slide.jpg",642,336,false],"thumbnail":["https:\/\/www.arquimaster.com.ar\/web\/wp-content\/uploads\/2018\/11\/perfecto_lugar_aseo_slide-150x150.jpg",150,150,true],"medium":["https:\/\/www.arquimaster.com.ar\/web\/wp-content\/uploads\/2018\/11\/perfecto_lugar_aseo_slide.jpg",642,336,false],"medium_large":["https:\/\/www.arquimaster.com.ar\/web\/wp-content\/uploads\/2018\/11\/perfecto_lugar_aseo_slide.jpg",642,336,false],"large":["https:\/\/www.arquimaster.com.ar\/web\/wp-content\/uploads\/2018\/11\/perfecto_lugar_aseo_slide.jpg",642,336,false],"1536x1536":["https:\/\/www.arquimaster.com.ar\/web\/wp-content\/uploads\/2018\/11\/perfecto_lugar_aseo_slide.jpg",642,336,false],"2048x2048":["https:\/\/www.arquimaster.com.ar\/web\/wp-content\/uploads\/2018\/11\/perfecto_lugar_aseo_slide.jpg",642,336,false]},"uagb_author_info":{"display_name":"Arquimaster","author_link":"https:\/\/www.arquimaster.com.ar\/web\/author\/arquimaster\/"},"uagb_comment_info":0,"uagb_excerpt":"Es fundamental que cumplan con su funcionalidad y proporcionen orden y espacio suficiente...","_links":{"self":[{"href":"https:\/\/www.arquimaster.com.ar\/web\/wp-json\/wp\/v2\/posts\/33567","targetHints":{"allow":["GET"]}}],"collection":[{"href":"https:\/\/www.arquimaster.com.ar\/web\/wp-json\/wp\/v2\/posts"}],"about":[{"href":"https:\/\/www.arquimaster.com.ar\/web\/wp-json\/wp\/v2\/types\/post"}],"author":[{"embeddable":true,"href":"https:\/\/www.arquimaster.com.ar\/web\/wp-json\/wp\/v2\/users\/1"}],"replies":[{"embeddable":true,"href":"https:\/\/www.arquimaster.com.ar\/web\/wp-json\/wp\/v2\/comments?post=33567"}],"version-history":[{"count":1,"href":"https:\/\/www.arquimaster.com.ar\/web\/wp-json\/wp\/v2\/posts\/33567\/revisions"}],"predecessor-version":[{"id":85748,"href":"https:\/\/www.arquimaster.com.ar\/web\/wp-json\/wp\/v2\/posts\/33567\/revisions\/85748"}],"wp:featuredmedia":[{"embeddable":true,"href":"https:\/\/www.arquimaster.com.ar\/web\/wp-json\/wp\/v2\/media\/33587"}],"wp:attachment":[{"href":"https:\/\/www.arquimaster.com.ar\/web\/wp-json\/wp\/v2\/media?parent=33567"}],"wp:term":[{"taxonomy":"category","embeddable":true,"href":"https:\/\/www.arquimaster.com.ar\/web\/wp-json\/wp\/v2\/categories?post=33567"},{"taxonomy":"post_tag","embeddable":true,"href":"https:\/\/www.arquimaster.com.ar\/web\/wp-json\/wp\/v2\/tags?post=33567"}],"curies":[{"name":"wp","href":"https:\/\/api.w.org\/{rel}","templated":true}]}}