{"id":33677,"date":"2018-11-08T17:20:05","date_gmt":"2018-11-08T17:20:05","guid":{"rendered":"http:\/\/www.arquimaster.com.ar\/web\/?p=33677"},"modified":"2020-04-12T19:13:48","modified_gmt":"2020-04-12T22:13:48","slug":"edificio-de-viviendas-enrique-martinez-proyecto-c","status":"publish","type":"post","link":"https:\/\/www.arquimaster.com.ar\/web\/edificio-de-viviendas-enrique-martinez-proyecto-c\/","title":{"rendered":"Edificio Enrique Martinez \/ Proyecto C"},"content":{"rendered":"<div style=\"margin-top: 0px; margin-bottom: 0px;\" class=\"sharethis-inline-share-buttons\" ><\/div><div class=\"b812932af2e751442846f039925109de\" data-index=\"1\" style=\"float: none; margin:25px 0 25px 0; text-align:center;\">\n<script async src=\"https:\/\/pagead2.googlesyndication.com\/pagead\/js\/adsbygoogle.js\"><\/script>\r\n<!-- Arquimaster (superior) -->\r\n<ins class=\"adsbygoogle\"\r\n     style=\"display:block\"\r\n     data-ad-client=\"ca-pub-6351072698456832\"\r\n     data-ad-slot=\"6455489680\"\r\n     data-ad-format=\"auto\"\r\n     data-full-width-responsive=\"true\"><\/ins>\r\n<script>\r\n     (adsbygoogle = window.adsbygoogle || []).push({});\r\n<\/script>\n<\/div>\n<p><strong>Edificio de viviendas Enrique Martinez<\/strong> (Ciudad de Buenos Aires, Argentina) por <strong>Proyecto C<\/strong>. En un terreno de grandes dimensiones en el barrio de Belgrano se proyecta un edificio, destinado a vivienda multifamiliar, de baja escala que alterna tipol\u00f3gicamente 15 unidades de diversas medidas. La estructura arquitect\u00f3nica se desarrolla en busca de la preservaci\u00f3n de un especial elemento heredado: un roble a\u00f1oso cerca de la l\u00ednea de frente interno.<\/p>\n<div id='gallery-1' class='gallery galleryid-33677 gallery-columns-3 gallery-size-thumbnail'><figure class='gallery-item'>\n\t\t\t<div class='gallery-icon landscape'>\n\t\t\t\t<a href='https:\/\/www.arquimaster.com.ar\/web\/wp-content\/uploads\/2018\/11\/edificio_emartinez1.jpg' title=\"Edificio de viviendas Enrique Martinez \/ Proyecto C (\u00a9 Gustavo Sosa Pinilla)\" data-rl_title=\"Edificio de viviendas Enrique Martinez \/ Proyecto C (\u00a9 Gustavo Sosa Pinilla)\" class=\"rl-gallery-link\" data-rl_caption=\"Edificio de viviendas Enrique Martinez \/ Proyecto C (\u00a9 Gustavo Sosa Pinilla)\" data-rel=\"lightbox-gallery-1\"><img loading=\"lazy\" decoding=\"async\" width=\"150\" height=\"150\" src=\"https:\/\/www.arquimaster.com.ar\/web\/wp-content\/uploads\/2018\/11\/edificio_emartinez1-150x150.jpg\" class=\"attachment-thumbnail size-thumbnail\" alt=\"\" aria-describedby=\"gallery-1-33679\" srcset=\"https:\/\/www.arquimaster.com.ar\/web\/wp-content\/uploads\/2018\/11\/edificio_emartinez1-150x150.jpg 150w, https:\/\/www.arquimaster.com.ar\/web\/wp-content\/uploads\/2018\/11\/edificio_emartinez1-50x50.jpg 50w, https:\/\/www.arquimaster.com.ar\/web\/wp-content\/uploads\/2018\/11\/edificio_emartinez1-125x125.jpg 125w\" sizes=\"auto, (max-width: 150px) 100vw, 150px\" \/><\/a>\n\t\t\t<\/div>\n\t\t\t\t<figcaption class='wp-caption-text gallery-caption' id='gallery-1-33679'>\n\t\t\t\tEdificio de viviendas Enrique Martinez \/ Proyecto C (\u00a9 Gustavo Sosa Pinilla)\n\t\t\t\t<\/figcaption><\/figure><figure class='gallery-item'>\n\t\t\t<div class='gallery-icon landscape'>\n\t\t\t\t<a href='https:\/\/www.arquimaster.com.ar\/web\/wp-content\/uploads\/2018\/11\/edificio_emartinez2.jpg' title=\"Edificio de viviendas Enrique Martinez \/ Proyecto C (\u00a9 Gustavo Sosa Pinilla)\" data-rl_title=\"Edificio de viviendas Enrique Martinez \/ Proyecto C (\u00a9 Gustavo Sosa Pinilla)\" class=\"rl-gallery-link\" data-rl_caption=\"Edificio de viviendas Enrique Martinez \/ Proyecto C (\u00a9 Gustavo Sosa Pinilla)\" data-rel=\"lightbox-gallery-1\"><img loading=\"lazy\" decoding=\"async\" width=\"150\" height=\"150\" src=\"https:\/\/www.arquimaster.com.ar\/web\/wp-content\/uploads\/2018\/11\/edificio_emartinez2-150x150.jpg\" class=\"attachment-thumbnail size-thumbnail\" alt=\"\" aria-describedby=\"gallery-1-33680\" srcset=\"https:\/\/www.arquimaster.com.ar\/web\/wp-content\/uploads\/2018\/11\/edificio_emartinez2-150x150.jpg 150w, https:\/\/www.arquimaster.com.ar\/web\/wp-content\/uploads\/2018\/11\/edificio_emartinez2-50x50.jpg 50w, https:\/\/www.arquimaster.com.ar\/web\/wp-content\/uploads\/2018\/11\/edificio_emartinez2-125x125.jpg 125w\" sizes=\"auto, (max-width: 150px) 100vw, 150px\" \/><\/a>\n\t\t\t<\/div>\n\t\t\t\t<figcaption class='wp-caption-text gallery-caption' id='gallery-1-33680'>\n\t\t\t\tEdificio de viviendas Enrique Martinez \/ Proyecto C (\u00a9 Gustavo Sosa Pinilla)\n\t\t\t\t<\/figcaption><\/figure><figure class='gallery-item'>\n\t\t\t<div class='gallery-icon portrait'>\n\t\t\t\t<a href='https:\/\/www.arquimaster.com.ar\/web\/wp-content\/uploads\/2018\/11\/edificio_emartinez3.jpg' title=\"Edificio de viviendas Enrique Martinez \/ Proyecto C (\u00a9 Gustavo Sosa Pinilla)\" data-rl_title=\"Edificio de viviendas Enrique Martinez \/ Proyecto C (\u00a9 Gustavo Sosa Pinilla)\" class=\"rl-gallery-link\" data-rl_caption=\"Edificio de viviendas Enrique Martinez \/ Proyecto C (\u00a9 Gustavo Sosa Pinilla)\" data-rel=\"lightbox-gallery-1\"><img loading=\"lazy\" decoding=\"async\" width=\"150\" height=\"150\" src=\"https:\/\/www.arquimaster.com.ar\/web\/wp-content\/uploads\/2018\/11\/edificio_emartinez3-150x150.jpg\" class=\"attachment-thumbnail size-thumbnail\" alt=\"\" aria-describedby=\"gallery-1-33681\" srcset=\"https:\/\/www.arquimaster.com.ar\/web\/wp-content\/uploads\/2018\/11\/edificio_emartinez3-150x150.jpg 150w, https:\/\/www.arquimaster.com.ar\/web\/wp-content\/uploads\/2018\/11\/edificio_emartinez3-50x50.jpg 50w, https:\/\/www.arquimaster.com.ar\/web\/wp-content\/uploads\/2018\/11\/edificio_emartinez3-125x125.jpg 125w\" sizes=\"auto, (max-width: 150px) 100vw, 150px\" \/><\/a>\n\t\t\t<\/div>\n\t\t\t\t<figcaption class='wp-caption-text gallery-caption' id='gallery-1-33681'>\n\t\t\t\tEdificio de viviendas Enrique Martinez \/ Proyecto C (\u00a9 Gustavo Sosa Pinilla)\n\t\t\t\t<\/figcaption><\/figure><figure class='gallery-item'>\n\t\t\t<div class='gallery-icon portrait'>\n\t\t\t\t<a href='https:\/\/www.arquimaster.com.ar\/web\/wp-content\/uploads\/2018\/11\/edificio_emartinez4.jpg' title=\"Edificio de viviendas Enrique Martinez \/ Proyecto C (\u00a9 Gustavo Sosa Pinilla)\" data-rl_title=\"Edificio de viviendas Enrique Martinez \/ Proyecto C (\u00a9 Gustavo Sosa Pinilla)\" class=\"rl-gallery-link\" data-rl_caption=\"Edificio de viviendas Enrique Martinez \/ Proyecto C (\u00a9 Gustavo Sosa Pinilla)\" data-rel=\"lightbox-gallery-1\"><img loading=\"lazy\" decoding=\"async\" width=\"150\" height=\"150\" src=\"https:\/\/www.arquimaster.com.ar\/web\/wp-content\/uploads\/2018\/11\/edificio_emartinez4-150x150.jpg\" class=\"attachment-thumbnail size-thumbnail\" alt=\"\" aria-describedby=\"gallery-1-33682\" srcset=\"https:\/\/www.arquimaster.com.ar\/web\/wp-content\/uploads\/2018\/11\/edificio_emartinez4-150x150.jpg 150w, https:\/\/www.arquimaster.com.ar\/web\/wp-content\/uploads\/2018\/11\/edificio_emartinez4-50x50.jpg 50w, https:\/\/www.arquimaster.com.ar\/web\/wp-content\/uploads\/2018\/11\/edificio_emartinez4-125x125.jpg 125w\" sizes=\"auto, (max-width: 150px) 100vw, 150px\" \/><\/a>\n\t\t\t<\/div>\n\t\t\t\t<figcaption class='wp-caption-text gallery-caption' id='gallery-1-33682'>\n\t\t\t\tEdificio de viviendas Enrique Martinez \/ Proyecto C (\u00a9 Gustavo Sosa Pinilla)\n\t\t\t\t<\/figcaption><\/figure><figure class='gallery-item'>\n\t\t\t<div class='gallery-icon landscape'>\n\t\t\t\t<a href='https:\/\/www.arquimaster.com.ar\/web\/wp-content\/uploads\/2018\/11\/edificio_emartinez5.jpg' title=\"Edificio de viviendas Enrique Martinez \/ Proyecto C (\u00a9 Gustavo Sosa Pinilla)\" data-rl_title=\"Edificio de viviendas Enrique Martinez \/ Proyecto C (\u00a9 Gustavo Sosa Pinilla)\" class=\"rl-gallery-link\" data-rl_caption=\"Edificio de viviendas Enrique Martinez \/ Proyecto C (\u00a9 Gustavo Sosa Pinilla)\" data-rel=\"lightbox-gallery-1\"><img loading=\"lazy\" decoding=\"async\" width=\"150\" height=\"150\" src=\"https:\/\/www.arquimaster.com.ar\/web\/wp-content\/uploads\/2018\/11\/edificio_emartinez5-150x150.jpg\" class=\"attachment-thumbnail size-thumbnail\" alt=\"\" aria-describedby=\"gallery-1-33683\" srcset=\"https:\/\/www.arquimaster.com.ar\/web\/wp-content\/uploads\/2018\/11\/edificio_emartinez5-150x150.jpg 150w, https:\/\/www.arquimaster.com.ar\/web\/wp-content\/uploads\/2018\/11\/edificio_emartinez5-50x50.jpg 50w, https:\/\/www.arquimaster.com.ar\/web\/wp-content\/uploads\/2018\/11\/edificio_emartinez5-125x125.jpg 125w\" sizes=\"auto, (max-width: 150px) 100vw, 150px\" \/><\/a>\n\t\t\t<\/div>\n\t\t\t\t<figcaption class='wp-caption-text gallery-caption' id='gallery-1-33683'>\n\t\t\t\tEdificio de viviendas Enrique Martinez \/ Proyecto C (\u00a9 Gustavo Sosa Pinilla)\n\t\t\t\t<\/figcaption><\/figure><figure class='gallery-item'>\n\t\t\t<div class='gallery-icon portrait'>\n\t\t\t\t<a href='https:\/\/www.arquimaster.com.ar\/web\/wp-content\/uploads\/2018\/11\/edificio_emartinez6.jpg' title=\"Edificio de viviendas Enrique Martinez \/ Proyecto C (\u00a9 Gustavo Sosa Pinilla)\" data-rl_title=\"Edificio de viviendas Enrique Martinez \/ Proyecto C (\u00a9 Gustavo Sosa Pinilla)\" class=\"rl-gallery-link\" data-rl_caption=\"Edificio de viviendas Enrique Martinez \/ Proyecto C (\u00a9 Gustavo Sosa Pinilla)\" data-rel=\"lightbox-gallery-1\"><img loading=\"lazy\" decoding=\"async\" width=\"150\" height=\"150\" src=\"https:\/\/www.arquimaster.com.ar\/web\/wp-content\/uploads\/2018\/11\/edificio_emartinez6-150x150.jpg\" class=\"attachment-thumbnail size-thumbnail\" alt=\"\" aria-describedby=\"gallery-1-33684\" srcset=\"https:\/\/www.arquimaster.com.ar\/web\/wp-content\/uploads\/2018\/11\/edificio_emartinez6-150x150.jpg 150w, https:\/\/www.arquimaster.com.ar\/web\/wp-content\/uploads\/2018\/11\/edificio_emartinez6-50x50.jpg 50w, https:\/\/www.arquimaster.com.ar\/web\/wp-content\/uploads\/2018\/11\/edificio_emartinez6-125x125.jpg 125w\" sizes=\"auto, (max-width: 150px) 100vw, 150px\" \/><\/a>\n\t\t\t<\/div>\n\t\t\t\t<figcaption class='wp-caption-text gallery-caption' id='gallery-1-33684'>\n\t\t\t\tEdificio de viviendas Enrique Martinez \/ Proyecto C (\u00a9 Gustavo Sosa Pinilla)\n\t\t\t\t<\/figcaption><\/figure><figure class='gallery-item'>\n\t\t\t<div class='gallery-icon landscape'>\n\t\t\t\t<a href='https:\/\/www.arquimaster.com.ar\/web\/wp-content\/uploads\/2018\/11\/edificio_emartinez7.jpg' title=\"Edificio de viviendas Enrique Martinez \/ Proyecto C (\u00a9 Gustavo Sosa Pinilla)\" data-rl_title=\"Edificio de viviendas Enrique Martinez \/ Proyecto C (\u00a9 Gustavo Sosa Pinilla)\" class=\"rl-gallery-link\" data-rl_caption=\"Edificio de viviendas Enrique Martinez \/ Proyecto C (\u00a9 Gustavo Sosa Pinilla)\" data-rel=\"lightbox-gallery-1\"><img loading=\"lazy\" decoding=\"async\" width=\"150\" height=\"150\" src=\"https:\/\/www.arquimaster.com.ar\/web\/wp-content\/uploads\/2018\/11\/edificio_emartinez7-150x150.jpg\" class=\"attachment-thumbnail size-thumbnail\" alt=\"\" aria-describedby=\"gallery-1-33685\" srcset=\"https:\/\/www.arquimaster.com.ar\/web\/wp-content\/uploads\/2018\/11\/edificio_emartinez7-150x150.jpg 150w, https:\/\/www.arquimaster.com.ar\/web\/wp-content\/uploads\/2018\/11\/edificio_emartinez7-50x50.jpg 50w, https:\/\/www.arquimaster.com.ar\/web\/wp-content\/uploads\/2018\/11\/edificio_emartinez7-125x125.jpg 125w\" sizes=\"auto, (max-width: 150px) 100vw, 150px\" \/><\/a>\n\t\t\t<\/div>\n\t\t\t\t<figcaption class='wp-caption-text gallery-caption' id='gallery-1-33685'>\n\t\t\t\tEdificio de viviendas Enrique Martinez \/ Proyecto C (\u00a9 Gustavo Sosa Pinilla)\n\t\t\t\t<\/figcaption><\/figure><figure class='gallery-item'>\n\t\t\t<div class='gallery-icon portrait'>\n\t\t\t\t<a href='https:\/\/www.arquimaster.com.ar\/web\/wp-content\/uploads\/2018\/11\/edificio_emartinez8.jpg' title=\"Edificio de viviendas Enrique Martinez \/ Proyecto C (\u00a9 Gustavo Sosa Pinilla)\" data-rl_title=\"Edificio de viviendas Enrique Martinez \/ Proyecto C (\u00a9 Gustavo Sosa Pinilla)\" class=\"rl-gallery-link\" data-rl_caption=\"Edificio de viviendas Enrique Martinez \/ Proyecto C (\u00a9 Gustavo Sosa Pinilla)\" data-rel=\"lightbox-gallery-1\"><img loading=\"lazy\" decoding=\"async\" width=\"150\" height=\"150\" src=\"https:\/\/www.arquimaster.com.ar\/web\/wp-content\/uploads\/2018\/11\/edificio_emartinez8-150x150.jpg\" class=\"attachment-thumbnail size-thumbnail\" alt=\"\" aria-describedby=\"gallery-1-33686\" srcset=\"https:\/\/www.arquimaster.com.ar\/web\/wp-content\/uploads\/2018\/11\/edificio_emartinez8-150x150.jpg 150w, https:\/\/www.arquimaster.com.ar\/web\/wp-content\/uploads\/2018\/11\/edificio_emartinez8-50x50.jpg 50w, https:\/\/www.arquimaster.com.ar\/web\/wp-content\/uploads\/2018\/11\/edificio_emartinez8-125x125.jpg 125w\" sizes=\"auto, (max-width: 150px) 100vw, 150px\" \/><\/a>\n\t\t\t<\/div>\n\t\t\t\t<figcaption class='wp-caption-text gallery-caption' id='gallery-1-33686'>\n\t\t\t\tEdificio de viviendas Enrique Martinez \/ Proyecto C (\u00a9 Gustavo Sosa Pinilla)\n\t\t\t\t<\/figcaption><\/figure><figure class='gallery-item'>\n\t\t\t<div class='gallery-icon portrait'>\n\t\t\t\t<a href='https:\/\/www.arquimaster.com.ar\/web\/wp-content\/uploads\/2018\/11\/edificio_emartinez9.jpg' title=\"Edificio de viviendas Enrique Martinez \/ Proyecto C (\u00a9 Gustavo Sosa Pinilla)\" data-rl_title=\"Edificio de viviendas Enrique Martinez \/ Proyecto C (\u00a9 Gustavo Sosa Pinilla)\" class=\"rl-gallery-link\" data-rl_caption=\"Edificio de viviendas Enrique Martinez \/ Proyecto C (\u00a9 Gustavo Sosa Pinilla)\" data-rel=\"lightbox-gallery-1\"><img loading=\"lazy\" decoding=\"async\" width=\"150\" height=\"150\" src=\"https:\/\/www.arquimaster.com.ar\/web\/wp-content\/uploads\/2018\/11\/edificio_emartinez9-150x150.jpg\" class=\"attachment-thumbnail size-thumbnail\" alt=\"\" aria-describedby=\"gallery-1-33687\" srcset=\"https:\/\/www.arquimaster.com.ar\/web\/wp-content\/uploads\/2018\/11\/edificio_emartinez9-150x150.jpg 150w, https:\/\/www.arquimaster.com.ar\/web\/wp-content\/uploads\/2018\/11\/edificio_emartinez9-50x50.jpg 50w, https:\/\/www.arquimaster.com.ar\/web\/wp-content\/uploads\/2018\/11\/edificio_emartinez9-125x125.jpg 125w\" sizes=\"auto, (max-width: 150px) 100vw, 150px\" \/><\/a>\n\t\t\t<\/div>\n\t\t\t\t<figcaption class='wp-caption-text gallery-caption' id='gallery-1-33687'>\n\t\t\t\tEdificio de viviendas Enrique Martinez \/ Proyecto C (\u00a9 Gustavo Sosa Pinilla)\n\t\t\t\t<\/figcaption><\/figure><figure class='gallery-item'>\n\t\t\t<div class='gallery-icon portrait'>\n\t\t\t\t<a href='https:\/\/www.arquimaster.com.ar\/web\/wp-content\/uploads\/2018\/11\/edificio_emartinez10.jpg' title=\"Edificio de viviendas Enrique Martinez \/ Proyecto C (\u00a9 Gustavo Sosa Pinilla)\" data-rl_title=\"Edificio de viviendas Enrique Martinez \/ Proyecto C (\u00a9 Gustavo Sosa Pinilla)\" class=\"rl-gallery-link\" data-rl_caption=\"Edificio de viviendas Enrique Martinez \/ Proyecto C (\u00a9 Gustavo Sosa Pinilla)\" data-rel=\"lightbox-gallery-1\"><img loading=\"lazy\" decoding=\"async\" width=\"150\" height=\"150\" src=\"https:\/\/www.arquimaster.com.ar\/web\/wp-content\/uploads\/2018\/11\/edificio_emartinez10-150x150.jpg\" class=\"attachment-thumbnail size-thumbnail\" alt=\"\" aria-describedby=\"gallery-1-33688\" srcset=\"https:\/\/www.arquimaster.com.ar\/web\/wp-content\/uploads\/2018\/11\/edificio_emartinez10-150x150.jpg 150w, https:\/\/www.arquimaster.com.ar\/web\/wp-content\/uploads\/2018\/11\/edificio_emartinez10-50x50.jpg 50w, https:\/\/www.arquimaster.com.ar\/web\/wp-content\/uploads\/2018\/11\/edificio_emartinez10-125x125.jpg 125w\" sizes=\"auto, (max-width: 150px) 100vw, 150px\" \/><\/a>\n\t\t\t<\/div>\n\t\t\t\t<figcaption class='wp-caption-text gallery-caption' id='gallery-1-33688'>\n\t\t\t\tEdificio de viviendas Enrique Martinez \/ Proyecto C (\u00a9 Gustavo Sosa Pinilla)\n\t\t\t\t<\/figcaption><\/figure><figure class='gallery-item'>\n\t\t\t<div class='gallery-icon portrait'>\n\t\t\t\t<a href='https:\/\/www.arquimaster.com.ar\/web\/wp-content\/uploads\/2018\/11\/edificio_emartinez11.jpg' title=\"Edificio de viviendas Enrique Martinez \/ Proyecto C (\u00a9 Gustavo Sosa Pinilla)\" data-rl_title=\"Edificio de viviendas Enrique Martinez \/ Proyecto C (\u00a9 Gustavo Sosa Pinilla)\" class=\"rl-gallery-link\" data-rl_caption=\"Edificio de viviendas Enrique Martinez \/ Proyecto C (\u00a9 Gustavo Sosa Pinilla)\" data-rel=\"lightbox-gallery-1\"><img loading=\"lazy\" decoding=\"async\" width=\"150\" height=\"150\" src=\"https:\/\/www.arquimaster.com.ar\/web\/wp-content\/uploads\/2018\/11\/edificio_emartinez11-150x150.jpg\" class=\"attachment-thumbnail size-thumbnail\" alt=\"\" aria-describedby=\"gallery-1-33689\" srcset=\"https:\/\/www.arquimaster.com.ar\/web\/wp-content\/uploads\/2018\/11\/edificio_emartinez11-150x150.jpg 150w, https:\/\/www.arquimaster.com.ar\/web\/wp-content\/uploads\/2018\/11\/edificio_emartinez11-50x50.jpg 50w, https:\/\/www.arquimaster.com.ar\/web\/wp-content\/uploads\/2018\/11\/edificio_emartinez11-125x125.jpg 125w\" sizes=\"auto, (max-width: 150px) 100vw, 150px\" \/><\/a>\n\t\t\t<\/div>\n\t\t\t\t<figcaption class='wp-caption-text gallery-caption' id='gallery-1-33689'>\n\t\t\t\tEdificio de viviendas Enrique Martinez \/ Proyecto C (\u00a9 Gustavo Sosa Pinilla)\n\t\t\t\t<\/figcaption><\/figure><figure class='gallery-item'>\n\t\t\t<div class='gallery-icon landscape'>\n\t\t\t\t<a href='https:\/\/www.arquimaster.com.ar\/web\/wp-content\/uploads\/2018\/11\/edificio_emartinez12.jpg' title=\"Edificio de viviendas Enrique Martinez \/ Proyecto C (\u00a9 Gustavo Sosa Pinilla)\" data-rl_title=\"Edificio de viviendas Enrique Martinez \/ Proyecto C (\u00a9 Gustavo Sosa Pinilla)\" class=\"rl-gallery-link\" data-rl_caption=\"Edificio de viviendas Enrique Martinez \/ Proyecto C (\u00a9 Gustavo Sosa Pinilla)\" data-rel=\"lightbox-gallery-1\"><img loading=\"lazy\" decoding=\"async\" width=\"150\" height=\"150\" src=\"https:\/\/www.arquimaster.com.ar\/web\/wp-content\/uploads\/2018\/11\/edificio_emartinez12-150x150.jpg\" class=\"attachment-thumbnail size-thumbnail\" alt=\"\" aria-describedby=\"gallery-1-33690\" srcset=\"https:\/\/www.arquimaster.com.ar\/web\/wp-content\/uploads\/2018\/11\/edificio_emartinez12-150x150.jpg 150w, https:\/\/www.arquimaster.com.ar\/web\/wp-content\/uploads\/2018\/11\/edificio_emartinez12-50x50.jpg 50w, https:\/\/www.arquimaster.com.ar\/web\/wp-content\/uploads\/2018\/11\/edificio_emartinez12-125x125.jpg 125w\" sizes=\"auto, (max-width: 150px) 100vw, 150px\" \/><\/a>\n\t\t\t<\/div>\n\t\t\t\t<figcaption class='wp-caption-text gallery-caption' id='gallery-1-33690'>\n\t\t\t\tEdificio de viviendas Enrique Martinez \/ Proyecto C (\u00a9 Gustavo Sosa Pinilla)\n\t\t\t\t<\/figcaption><\/figure><figure class='gallery-item'>\n\t\t\t<div class='gallery-icon portrait'>\n\t\t\t\t<a href='https:\/\/www.arquimaster.com.ar\/web\/wp-content\/uploads\/2018\/11\/edificio_emartinez13.jpg' title=\"Edificio de viviendas Enrique Martinez \/ Proyecto C (\u00a9 Gustavo Sosa Pinilla)\" data-rl_title=\"Edificio de viviendas Enrique Martinez \/ Proyecto C (\u00a9 Gustavo Sosa Pinilla)\" class=\"rl-gallery-link\" data-rl_caption=\"Edificio de viviendas Enrique Martinez \/ Proyecto C (\u00a9 Gustavo Sosa Pinilla)\" data-rel=\"lightbox-gallery-1\"><img loading=\"lazy\" decoding=\"async\" width=\"150\" height=\"150\" src=\"https:\/\/www.arquimaster.com.ar\/web\/wp-content\/uploads\/2018\/11\/edificio_emartinez13-150x150.jpg\" class=\"attachment-thumbnail size-thumbnail\" alt=\"\" aria-describedby=\"gallery-1-33691\" srcset=\"https:\/\/www.arquimaster.com.ar\/web\/wp-content\/uploads\/2018\/11\/edificio_emartinez13-150x150.jpg 150w, https:\/\/www.arquimaster.com.ar\/web\/wp-content\/uploads\/2018\/11\/edificio_emartinez13-50x50.jpg 50w, https:\/\/www.arquimaster.com.ar\/web\/wp-content\/uploads\/2018\/11\/edificio_emartinez13-125x125.jpg 125w\" sizes=\"auto, (max-width: 150px) 100vw, 150px\" \/><\/a>\n\t\t\t<\/div>\n\t\t\t\t<figcaption class='wp-caption-text gallery-caption' id='gallery-1-33691'>\n\t\t\t\tEdificio de viviendas Enrique Martinez \/ Proyecto C (\u00a9 Gustavo Sosa Pinilla)\n\t\t\t\t<\/figcaption><\/figure><figure class='gallery-item'>\n\t\t\t<div class='gallery-icon portrait'>\n\t\t\t\t<a href='https:\/\/www.arquimaster.com.ar\/web\/wp-content\/uploads\/2018\/11\/edificio_emartinez14.jpg' title=\"Edificio de viviendas Enrique Martinez \/ Proyecto C (\u00a9 Gustavo Sosa Pinilla)\" data-rl_title=\"Edificio de viviendas Enrique Martinez \/ Proyecto C (\u00a9 Gustavo Sosa Pinilla)\" class=\"rl-gallery-link\" data-rl_caption=\"Edificio de viviendas Enrique Martinez \/ Proyecto C (\u00a9 Gustavo Sosa Pinilla)\" data-rel=\"lightbox-gallery-1\"><img loading=\"lazy\" decoding=\"async\" width=\"150\" height=\"150\" src=\"https:\/\/www.arquimaster.com.ar\/web\/wp-content\/uploads\/2018\/11\/edificio_emartinez14-150x150.jpg\" class=\"attachment-thumbnail size-thumbnail\" alt=\"\" aria-describedby=\"gallery-1-33692\" srcset=\"https:\/\/www.arquimaster.com.ar\/web\/wp-content\/uploads\/2018\/11\/edificio_emartinez14-150x150.jpg 150w, https:\/\/www.arquimaster.com.ar\/web\/wp-content\/uploads\/2018\/11\/edificio_emartinez14-50x50.jpg 50w, https:\/\/www.arquimaster.com.ar\/web\/wp-content\/uploads\/2018\/11\/edificio_emartinez14-125x125.jpg 125w\" sizes=\"auto, (max-width: 150px) 100vw, 150px\" \/><\/a>\n\t\t\t<\/div>\n\t\t\t\t<figcaption class='wp-caption-text gallery-caption' id='gallery-1-33692'>\n\t\t\t\tEdificio de viviendas Enrique Martinez \/ Proyecto C (\u00a9 Gustavo Sosa Pinilla)\n\t\t\t\t<\/figcaption><\/figure><figure class='gallery-item'>\n\t\t\t<div class='gallery-icon landscape'>\n\t\t\t\t<a href='https:\/\/www.arquimaster.com.ar\/web\/wp-content\/uploads\/2018\/11\/edificio_emartinez15.jpg' title=\"Edificio de viviendas Enrique Martinez \/ Proyecto C (\u00a9 Gustavo Sosa Pinilla)\" data-rl_title=\"Edificio de viviendas Enrique Martinez \/ Proyecto C (\u00a9 Gustavo Sosa Pinilla)\" class=\"rl-gallery-link\" data-rl_caption=\"Edificio de viviendas Enrique Martinez \/ Proyecto C (\u00a9 Gustavo Sosa Pinilla)\" data-rel=\"lightbox-gallery-1\"><img loading=\"lazy\" decoding=\"async\" width=\"150\" height=\"150\" src=\"https:\/\/www.arquimaster.com.ar\/web\/wp-content\/uploads\/2018\/11\/edificio_emartinez15-150x150.jpg\" class=\"attachment-thumbnail size-thumbnail\" alt=\"\" aria-describedby=\"gallery-1-33693\" srcset=\"https:\/\/www.arquimaster.com.ar\/web\/wp-content\/uploads\/2018\/11\/edificio_emartinez15-150x150.jpg 150w, https:\/\/www.arquimaster.com.ar\/web\/wp-content\/uploads\/2018\/11\/edificio_emartinez15-50x50.jpg 50w, https:\/\/www.arquimaster.com.ar\/web\/wp-content\/uploads\/2018\/11\/edificio_emartinez15-125x125.jpg 125w\" sizes=\"auto, (max-width: 150px) 100vw, 150px\" \/><\/a>\n\t\t\t<\/div>\n\t\t\t\t<figcaption class='wp-caption-text gallery-caption' id='gallery-1-33693'>\n\t\t\t\tEdificio de viviendas Enrique Martinez \/ Proyecto C (\u00a9 Gustavo Sosa Pinilla)\n\t\t\t\t<\/figcaption><\/figure><figure class='gallery-item'>\n\t\t\t<div class='gallery-icon landscape'>\n\t\t\t\t<a href='https:\/\/www.arquimaster.com.ar\/web\/wp-content\/uploads\/2018\/11\/edificio_emartinez16.jpg' title=\"Edificio de viviendas Enrique Martinez \/ Proyecto C (\u00a9 Gustavo Sosa Pinilla)\" data-rl_title=\"Edificio de viviendas Enrique Martinez \/ Proyecto C (\u00a9 Gustavo Sosa Pinilla)\" class=\"rl-gallery-link\" data-rl_caption=\"Edificio de viviendas Enrique Martinez \/ Proyecto C (\u00a9 Gustavo Sosa Pinilla)\" data-rel=\"lightbox-gallery-1\"><img loading=\"lazy\" decoding=\"async\" width=\"150\" height=\"150\" src=\"https:\/\/www.arquimaster.com.ar\/web\/wp-content\/uploads\/2018\/11\/edificio_emartinez16-150x150.jpg\" class=\"attachment-thumbnail size-thumbnail\" alt=\"\" aria-describedby=\"gallery-1-33694\" srcset=\"https:\/\/www.arquimaster.com.ar\/web\/wp-content\/uploads\/2018\/11\/edificio_emartinez16-150x150.jpg 150w, https:\/\/www.arquimaster.com.ar\/web\/wp-content\/uploads\/2018\/11\/edificio_emartinez16-50x50.jpg 50w, https:\/\/www.arquimaster.com.ar\/web\/wp-content\/uploads\/2018\/11\/edificio_emartinez16-125x125.jpg 125w\" sizes=\"auto, (max-width: 150px) 100vw, 150px\" \/><\/a>\n\t\t\t<\/div>\n\t\t\t\t<figcaption class='wp-caption-text gallery-caption' id='gallery-1-33694'>\n\t\t\t\tEdificio de viviendas Enrique Martinez \/ Proyecto C (\u00a9 Gustavo Sosa Pinilla)\n\t\t\t\t<\/figcaption><\/figure><figure class='gallery-item'>\n\t\t\t<div class='gallery-icon landscape'>\n\t\t\t\t<a href='https:\/\/www.arquimaster.com.ar\/web\/wp-content\/uploads\/2018\/11\/edificio_emartinez17.jpg' title=\"Edificio de viviendas Enrique Martinez \/ Proyecto C (\u00a9 Gustavo Sosa Pinilla)\" data-rl_title=\"Edificio de viviendas Enrique Martinez \/ Proyecto C (\u00a9 Gustavo Sosa Pinilla)\" class=\"rl-gallery-link\" data-rl_caption=\"Edificio de viviendas Enrique Martinez \/ Proyecto C (\u00a9 Gustavo Sosa Pinilla)\" data-rel=\"lightbox-gallery-1\"><img loading=\"lazy\" decoding=\"async\" width=\"150\" height=\"150\" src=\"https:\/\/www.arquimaster.com.ar\/web\/wp-content\/uploads\/2018\/11\/edificio_emartinez17-150x150.jpg\" class=\"attachment-thumbnail size-thumbnail\" alt=\"\" aria-describedby=\"gallery-1-33695\" srcset=\"https:\/\/www.arquimaster.com.ar\/web\/wp-content\/uploads\/2018\/11\/edificio_emartinez17-150x150.jpg 150w, https:\/\/www.arquimaster.com.ar\/web\/wp-content\/uploads\/2018\/11\/edificio_emartinez17-50x50.jpg 50w, https:\/\/www.arquimaster.com.ar\/web\/wp-content\/uploads\/2018\/11\/edificio_emartinez17-125x125.jpg 125w\" sizes=\"auto, (max-width: 150px) 100vw, 150px\" \/><\/a>\n\t\t\t<\/div>\n\t\t\t\t<figcaption class='wp-caption-text gallery-caption' id='gallery-1-33695'>\n\t\t\t\tEdificio de viviendas Enrique Martinez \/ Proyecto C (\u00a9 Gustavo Sosa Pinilla)\n\t\t\t\t<\/figcaption><\/figure><figure class='gallery-item'>\n\t\t\t<div class='gallery-icon landscape'>\n\t\t\t\t<a href='https:\/\/www.arquimaster.com.ar\/web\/wp-content\/uploads\/2018\/11\/edificio_emartinez18.jpg' title=\"Edificio de viviendas Enrique Martinez \/ Proyecto C (\u00a9 Gustavo Sosa Pinilla)\" data-rl_title=\"Edificio de viviendas Enrique Martinez \/ Proyecto C (\u00a9 Gustavo Sosa Pinilla)\" class=\"rl-gallery-link\" data-rl_caption=\"Edificio de viviendas Enrique Martinez \/ Proyecto C (\u00a9 Gustavo Sosa Pinilla)\" data-rel=\"lightbox-gallery-1\"><img loading=\"lazy\" decoding=\"async\" width=\"150\" height=\"150\" src=\"https:\/\/www.arquimaster.com.ar\/web\/wp-content\/uploads\/2018\/11\/edificio_emartinez18-150x150.jpg\" class=\"attachment-thumbnail size-thumbnail\" alt=\"\" aria-describedby=\"gallery-1-33696\" srcset=\"https:\/\/www.arquimaster.com.ar\/web\/wp-content\/uploads\/2018\/11\/edificio_emartinez18-150x150.jpg 150w, https:\/\/www.arquimaster.com.ar\/web\/wp-content\/uploads\/2018\/11\/edificio_emartinez18-50x50.jpg 50w, https:\/\/www.arquimaster.com.ar\/web\/wp-content\/uploads\/2018\/11\/edificio_emartinez18-125x125.jpg 125w\" sizes=\"auto, (max-width: 150px) 100vw, 150px\" \/><\/a>\n\t\t\t<\/div>\n\t\t\t\t<figcaption class='wp-caption-text gallery-caption' id='gallery-1-33696'>\n\t\t\t\tEdificio de viviendas Enrique Martinez \/ Proyecto C (\u00a9 Gustavo Sosa Pinilla)\n\t\t\t\t<\/figcaption><\/figure><figure class='gallery-item'>\n\t\t\t<div class='gallery-icon landscape'>\n\t\t\t\t<a href='https:\/\/www.arquimaster.com.ar\/web\/wp-content\/uploads\/2018\/11\/edificio_emartinez19.jpg' title=\"Edificio de viviendas Enrique Martinez \/ Proyecto C (\u00a9 Gustavo Sosa Pinilla)\" data-rl_title=\"Edificio de viviendas Enrique Martinez \/ Proyecto C (\u00a9 Gustavo Sosa Pinilla)\" class=\"rl-gallery-link\" data-rl_caption=\"Edificio de viviendas Enrique Martinez \/ Proyecto C (\u00a9 Gustavo Sosa Pinilla)\" data-rel=\"lightbox-gallery-1\"><img loading=\"lazy\" decoding=\"async\" width=\"150\" height=\"150\" src=\"https:\/\/www.arquimaster.com.ar\/web\/wp-content\/uploads\/2018\/11\/edificio_emartinez19-150x150.jpg\" class=\"attachment-thumbnail size-thumbnail\" alt=\"\" aria-describedby=\"gallery-1-33697\" srcset=\"https:\/\/www.arquimaster.com.ar\/web\/wp-content\/uploads\/2018\/11\/edificio_emartinez19-150x150.jpg 150w, https:\/\/www.arquimaster.com.ar\/web\/wp-content\/uploads\/2018\/11\/edificio_emartinez19-50x50.jpg 50w, https:\/\/www.arquimaster.com.ar\/web\/wp-content\/uploads\/2018\/11\/edificio_emartinez19-125x125.jpg 125w\" sizes=\"auto, (max-width: 150px) 100vw, 150px\" \/><\/a>\n\t\t\t<\/div>\n\t\t\t\t<figcaption class='wp-caption-text gallery-caption' id='gallery-1-33697'>\n\t\t\t\tEdificio de viviendas Enrique Martinez \/ Proyecto C (\u00a9 Gustavo Sosa Pinilla)\n\t\t\t\t<\/figcaption><\/figure><figure class='gallery-item'>\n\t\t\t<div class='gallery-icon portrait'>\n\t\t\t\t<a href='https:\/\/www.arquimaster.com.ar\/web\/wp-content\/uploads\/2018\/11\/edificio_emartinez20.jpg' title=\"Edificio de viviendas Enrique Martinez \/ Proyecto C (\u00a9 Gustavo Sosa Pinilla)\" data-rl_title=\"Edificio de viviendas Enrique Martinez \/ Proyecto C (\u00a9 Gustavo Sosa Pinilla)\" class=\"rl-gallery-link\" data-rl_caption=\"Edificio de viviendas Enrique Martinez \/ Proyecto C (\u00a9 Gustavo Sosa Pinilla)\" data-rel=\"lightbox-gallery-1\"><img loading=\"lazy\" decoding=\"async\" width=\"150\" height=\"150\" src=\"https:\/\/www.arquimaster.com.ar\/web\/wp-content\/uploads\/2018\/11\/edificio_emartinez20-150x150.jpg\" class=\"attachment-thumbnail size-thumbnail\" alt=\"\" aria-describedby=\"gallery-1-33698\" srcset=\"https:\/\/www.arquimaster.com.ar\/web\/wp-content\/uploads\/2018\/11\/edificio_emartinez20-150x150.jpg 150w, https:\/\/www.arquimaster.com.ar\/web\/wp-content\/uploads\/2018\/11\/edificio_emartinez20-50x50.jpg 50w, https:\/\/www.arquimaster.com.ar\/web\/wp-content\/uploads\/2018\/11\/edificio_emartinez20-125x125.jpg 125w\" sizes=\"auto, (max-width: 150px) 100vw, 150px\" \/><\/a>\n\t\t\t<\/div>\n\t\t\t\t<figcaption class='wp-caption-text gallery-caption' id='gallery-1-33698'>\n\t\t\t\tEdificio de viviendas Enrique Martinez \/ Proyecto C (\u00a9 Gustavo Sosa Pinilla)\n\t\t\t\t<\/figcaption><\/figure><figure class='gallery-item'>\n\t\t\t<div class='gallery-icon landscape'>\n\t\t\t\t<a href='https:\/\/www.arquimaster.com.ar\/web\/wp-content\/uploads\/2018\/11\/edificio_emartinez21.jpg' title=\"Edificio de viviendas Enrique Martinez \/ Proyecto C (planta baja)\" data-rl_title=\"Edificio de viviendas Enrique Martinez \/ Proyecto C (planta baja)\" class=\"rl-gallery-link\" data-rl_caption=\"Edificio de viviendas Enrique Martinez \/ Proyecto C (planta baja)\" data-rel=\"lightbox-gallery-1\"><img loading=\"lazy\" decoding=\"async\" width=\"150\" height=\"150\" src=\"https:\/\/www.arquimaster.com.ar\/web\/wp-content\/uploads\/2018\/11\/edificio_emartinez21-150x150.jpg\" class=\"attachment-thumbnail size-thumbnail\" alt=\"\" aria-describedby=\"gallery-1-33699\" srcset=\"https:\/\/www.arquimaster.com.ar\/web\/wp-content\/uploads\/2018\/11\/edificio_emartinez21-150x150.jpg 150w, https:\/\/www.arquimaster.com.ar\/web\/wp-content\/uploads\/2018\/11\/edificio_emartinez21-50x50.jpg 50w, https:\/\/www.arquimaster.com.ar\/web\/wp-content\/uploads\/2018\/11\/edificio_emartinez21-125x125.jpg 125w\" sizes=\"auto, (max-width: 150px) 100vw, 150px\" \/><\/a>\n\t\t\t<\/div>\n\t\t\t\t<figcaption class='wp-caption-text gallery-caption' id='gallery-1-33699'>\n\t\t\t\tEdificio de viviendas Enrique Martinez \/ Proyecto C (planta baja)\n\t\t\t\t<\/figcaption><\/figure><figure class='gallery-item'>\n\t\t\t<div class='gallery-icon landscape'>\n\t\t\t\t<a href='https:\/\/www.arquimaster.com.ar\/web\/wp-content\/uploads\/2018\/11\/edificio_emartinez22.jpg' title=\"Edificio de viviendas Enrique Martinez \/ Proyecto C (planta 1\u00ba piso)\" data-rl_title=\"Edificio de viviendas Enrique Martinez \/ Proyecto C (planta 1\u00ba piso)\" class=\"rl-gallery-link\" data-rl_caption=\"Edificio de viviendas Enrique Martinez \/ Proyecto C (planta 1\u00ba piso)\" data-rel=\"lightbox-gallery-1\"><img loading=\"lazy\" decoding=\"async\" width=\"150\" height=\"150\" src=\"https:\/\/www.arquimaster.com.ar\/web\/wp-content\/uploads\/2018\/11\/edificio_emartinez22-150x150.jpg\" class=\"attachment-thumbnail size-thumbnail\" alt=\"\" aria-describedby=\"gallery-1-33700\" srcset=\"https:\/\/www.arquimaster.com.ar\/web\/wp-content\/uploads\/2018\/11\/edificio_emartinez22-150x150.jpg 150w, https:\/\/www.arquimaster.com.ar\/web\/wp-content\/uploads\/2018\/11\/edificio_emartinez22-50x50.jpg 50w, https:\/\/www.arquimaster.com.ar\/web\/wp-content\/uploads\/2018\/11\/edificio_emartinez22-125x125.jpg 125w\" sizes=\"auto, (max-width: 150px) 100vw, 150px\" \/><\/a>\n\t\t\t<\/div>\n\t\t\t\t<figcaption class='wp-caption-text gallery-caption' id='gallery-1-33700'>\n\t\t\t\tEdificio de viviendas Enrique Martinez \/ Proyecto C (planta 1\u00ba piso)\n\t\t\t\t<\/figcaption><\/figure><figure class='gallery-item'>\n\t\t\t<div class='gallery-icon landscape'>\n\t\t\t\t<a href='https:\/\/www.arquimaster.com.ar\/web\/wp-content\/uploads\/2018\/11\/edificio_emartinez23.jpg' title=\"Edificio de viviendas Enrique Martinez \/ Proyecto C (planta 2\u00ba y 3\u00ba piso)\" data-rl_title=\"Edificio de viviendas Enrique Martinez \/ Proyecto C (planta 2\u00ba y 3\u00ba piso)\" class=\"rl-gallery-link\" data-rl_caption=\"Edificio de viviendas Enrique Martinez \/ Proyecto C (planta 2\u00ba y 3\u00ba piso)\" data-rel=\"lightbox-gallery-1\"><img loading=\"lazy\" decoding=\"async\" width=\"150\" height=\"150\" src=\"https:\/\/www.arquimaster.com.ar\/web\/wp-content\/uploads\/2018\/11\/edificio_emartinez23-150x150.jpg\" class=\"attachment-thumbnail size-thumbnail\" alt=\"\" aria-describedby=\"gallery-1-33701\" srcset=\"https:\/\/www.arquimaster.com.ar\/web\/wp-content\/uploads\/2018\/11\/edificio_emartinez23-150x150.jpg 150w, https:\/\/www.arquimaster.com.ar\/web\/wp-content\/uploads\/2018\/11\/edificio_emartinez23-50x50.jpg 50w, https:\/\/www.arquimaster.com.ar\/web\/wp-content\/uploads\/2018\/11\/edificio_emartinez23-125x125.jpg 125w\" sizes=\"auto, (max-width: 150px) 100vw, 150px\" \/><\/a>\n\t\t\t<\/div>\n\t\t\t\t<figcaption class='wp-caption-text gallery-caption' id='gallery-1-33701'>\n\t\t\t\tEdificio de viviendas Enrique Martinez \/ Proyecto C (planta 2\u00ba y 3\u00ba piso)\n\t\t\t\t<\/figcaption><\/figure><figure class='gallery-item'>\n\t\t\t<div class='gallery-icon landscape'>\n\t\t\t\t<a href='https:\/\/www.arquimaster.com.ar\/web\/wp-content\/uploads\/2018\/11\/edificio_emartinez24.jpg' title=\"Edificio de viviendas Enrique Martinez \/ Proyecto C (planta 4\u00ba piso)\" data-rl_title=\"Edificio de viviendas Enrique Martinez \/ Proyecto C (planta 4\u00ba piso)\" class=\"rl-gallery-link\" data-rl_caption=\"Edificio de viviendas Enrique Martinez \/ Proyecto C (planta 4\u00ba piso)\" data-rel=\"lightbox-gallery-1\"><img loading=\"lazy\" decoding=\"async\" width=\"150\" height=\"150\" src=\"https:\/\/www.arquimaster.com.ar\/web\/wp-content\/uploads\/2018\/11\/edificio_emartinez24-150x150.jpg\" class=\"attachment-thumbnail size-thumbnail\" alt=\"\" aria-describedby=\"gallery-1-33702\" srcset=\"https:\/\/www.arquimaster.com.ar\/web\/wp-content\/uploads\/2018\/11\/edificio_emartinez24-150x150.jpg 150w, https:\/\/www.arquimaster.com.ar\/web\/wp-content\/uploads\/2018\/11\/edificio_emartinez24-50x50.jpg 50w, https:\/\/www.arquimaster.com.ar\/web\/wp-content\/uploads\/2018\/11\/edificio_emartinez24-125x125.jpg 125w\" sizes=\"auto, (max-width: 150px) 100vw, 150px\" \/><\/a>\n\t\t\t<\/div>\n\t\t\t\t<figcaption class='wp-caption-text gallery-caption' id='gallery-1-33702'>\n\t\t\t\tEdificio de viviendas Enrique Martinez \/ Proyecto C (planta 4\u00ba piso)\n\t\t\t\t<\/figcaption><\/figure><figure class='gallery-item'>\n\t\t\t<div class='gallery-icon landscape'>\n\t\t\t\t<a href='https:\/\/www.arquimaster.com.ar\/web\/wp-content\/uploads\/2018\/11\/edificio_emartinez25.jpg' title=\"Edificio de viviendas Enrique Martinez \/ Proyecto C (corte)\" data-rl_title=\"Edificio de viviendas Enrique Martinez \/ Proyecto C (corte)\" class=\"rl-gallery-link\" data-rl_caption=\"Edificio de viviendas Enrique Martinez \/ Proyecto C (corte)\" data-rel=\"lightbox-gallery-1\"><img loading=\"lazy\" decoding=\"async\" width=\"150\" height=\"150\" src=\"https:\/\/www.arquimaster.com.ar\/web\/wp-content\/uploads\/2018\/11\/edificio_emartinez25-150x150.jpg\" class=\"attachment-thumbnail size-thumbnail\" alt=\"\" aria-describedby=\"gallery-1-33703\" srcset=\"https:\/\/www.arquimaster.com.ar\/web\/wp-content\/uploads\/2018\/11\/edificio_emartinez25-150x150.jpg 150w, https:\/\/www.arquimaster.com.ar\/web\/wp-content\/uploads\/2018\/11\/edificio_emartinez25-50x50.jpg 50w, https:\/\/www.arquimaster.com.ar\/web\/wp-content\/uploads\/2018\/11\/edificio_emartinez25-125x125.jpg 125w\" sizes=\"auto, (max-width: 150px) 100vw, 150px\" \/><\/a>\n\t\t\t<\/div>\n\t\t\t\t<figcaption class='wp-caption-text gallery-caption' id='gallery-1-33703'>\n\t\t\t\tEdificio de viviendas Enrique Martinez \/ Proyecto C (corte)\n\t\t\t\t<\/figcaption><\/figure><figure class='gallery-item'>\n\t\t\t<div class='gallery-icon landscape'>\n\t\t\t\t<a href='https:\/\/www.arquimaster.com.ar\/web\/wp-content\/uploads\/2018\/11\/edificio_emartinez26.jpg' title=\"Edificio de viviendas Enrique Martinez \/ Proyecto C (planta de techos)\" data-rl_title=\"Edificio de viviendas Enrique Martinez \/ Proyecto C (planta de techos)\" class=\"rl-gallery-link\" data-rl_caption=\"Edificio de viviendas Enrique Martinez \/ Proyecto C (planta de techos)\" data-rel=\"lightbox-gallery-1\"><img loading=\"lazy\" decoding=\"async\" width=\"150\" height=\"150\" src=\"https:\/\/www.arquimaster.com.ar\/web\/wp-content\/uploads\/2018\/11\/edificio_emartinez26-150x150.jpg\" class=\"attachment-thumbnail size-thumbnail\" alt=\"\" aria-describedby=\"gallery-1-33704\" srcset=\"https:\/\/www.arquimaster.com.ar\/web\/wp-content\/uploads\/2018\/11\/edificio_emartinez26-150x150.jpg 150w, https:\/\/www.arquimaster.com.ar\/web\/wp-content\/uploads\/2018\/11\/edificio_emartinez26-50x50.jpg 50w, https:\/\/www.arquimaster.com.ar\/web\/wp-content\/uploads\/2018\/11\/edificio_emartinez26-125x125.jpg 125w\" sizes=\"auto, (max-width: 150px) 100vw, 150px\" \/><\/a>\n\t\t\t<\/div>\n\t\t\t\t<figcaption class='wp-caption-text gallery-caption' id='gallery-1-33704'>\n\t\t\t\tEdificio de viviendas Enrique Martinez \/ Proyecto C (planta de techos)\n\t\t\t\t<\/figcaption><\/figure><figure class='gallery-item'>\n\t\t\t<div class='gallery-icon landscape'>\n\t\t\t\t<a href='https:\/\/www.arquimaster.com.ar\/web\/wp-content\/uploads\/2018\/11\/edificio_emartinez27.jpg' title=\"Edificio de viviendas Enrique Martinez \/ Proyecto C (planta cocheras)\" data-rl_title=\"Edificio de viviendas Enrique Martinez \/ Proyecto C (planta cocheras)\" class=\"rl-gallery-link\" data-rl_caption=\"Edificio de viviendas Enrique Martinez \/ Proyecto C (planta cocheras)\" data-rel=\"lightbox-gallery-1\"><img loading=\"lazy\" decoding=\"async\" width=\"150\" height=\"150\" src=\"https:\/\/www.arquimaster.com.ar\/web\/wp-content\/uploads\/2018\/11\/edificio_emartinez27-150x150.jpg\" class=\"attachment-thumbnail size-thumbnail\" alt=\"\" aria-describedby=\"gallery-1-33705\" srcset=\"https:\/\/www.arquimaster.com.ar\/web\/wp-content\/uploads\/2018\/11\/edificio_emartinez27-150x150.jpg 150w, https:\/\/www.arquimaster.com.ar\/web\/wp-content\/uploads\/2018\/11\/edificio_emartinez27-50x50.jpg 50w, https:\/\/www.arquimaster.com.ar\/web\/wp-content\/uploads\/2018\/11\/edificio_emartinez27-125x125.jpg 125w\" sizes=\"auto, (max-width: 150px) 100vw, 150px\" \/><\/a>\n\t\t\t<\/div>\n\t\t\t\t<figcaption class='wp-caption-text gallery-caption' id='gallery-1-33705'>\n\t\t\t\tEdificio de viviendas Enrique Martinez \/ Proyecto C (planta cocheras)\n\t\t\t\t<\/figcaption><\/figure><figure class='gallery-item'>\n\t\t\t<div class='gallery-icon landscape'>\n\t\t\t\t<a href='https:\/\/www.arquimaster.com.ar\/web\/wp-content\/uploads\/2018\/11\/edificio_emartinez28.jpg' title=\"Edificio de viviendas Enrique Martinez \/ Proyecto C (corte)\" data-rl_title=\"Edificio de viviendas Enrique Martinez \/ Proyecto C (corte)\" class=\"rl-gallery-link\" data-rl_caption=\"Edificio de viviendas Enrique Martinez \/ Proyecto C (corte)\" data-rel=\"lightbox-gallery-1\"><img loading=\"lazy\" decoding=\"async\" width=\"150\" height=\"150\" src=\"https:\/\/www.arquimaster.com.ar\/web\/wp-content\/uploads\/2018\/11\/edificio_emartinez28-150x150.jpg\" class=\"attachment-thumbnail size-thumbnail\" alt=\"\" aria-describedby=\"gallery-1-33706\" srcset=\"https:\/\/www.arquimaster.com.ar\/web\/wp-content\/uploads\/2018\/11\/edificio_emartinez28-150x150.jpg 150w, https:\/\/www.arquimaster.com.ar\/web\/wp-content\/uploads\/2018\/11\/edificio_emartinez28-50x50.jpg 50w, https:\/\/www.arquimaster.com.ar\/web\/wp-content\/uploads\/2018\/11\/edificio_emartinez28-125x125.jpg 125w\" sizes=\"auto, (max-width: 150px) 100vw, 150px\" \/><\/a>\n\t\t\t<\/div>\n\t\t\t\t<figcaption class='wp-caption-text gallery-caption' id='gallery-1-33706'>\n\t\t\t\tEdificio de viviendas Enrique Martinez \/ Proyecto C (corte)\n\t\t\t\t<\/figcaption><\/figure><figure class='gallery-item'>\n\t\t\t<div class='gallery-icon landscape'>\n\t\t\t\t<a href='https:\/\/www.arquimaster.com.ar\/web\/wp-content\/uploads\/2018\/11\/edificio_emartinez29.jpg' title=\"Edificio de viviendas Enrique Martinez \/ Proyecto C (corte)\" data-rl_title=\"Edificio de viviendas Enrique Martinez \/ Proyecto C (corte)\" class=\"rl-gallery-link\" data-rl_caption=\"Edificio de viviendas Enrique Martinez \/ Proyecto C (corte)\" data-rel=\"lightbox-gallery-1\"><img loading=\"lazy\" decoding=\"async\" width=\"150\" height=\"150\" src=\"https:\/\/www.arquimaster.com.ar\/web\/wp-content\/uploads\/2018\/11\/edificio_emartinez29-150x150.jpg\" class=\"attachment-thumbnail size-thumbnail\" alt=\"\" aria-describedby=\"gallery-1-33707\" srcset=\"https:\/\/www.arquimaster.com.ar\/web\/wp-content\/uploads\/2018\/11\/edificio_emartinez29-150x150.jpg 150w, https:\/\/www.arquimaster.com.ar\/web\/wp-content\/uploads\/2018\/11\/edificio_emartinez29-50x50.jpg 50w, https:\/\/www.arquimaster.com.ar\/web\/wp-content\/uploads\/2018\/11\/edificio_emartinez29-125x125.jpg 125w\" sizes=\"auto, (max-width: 150px) 100vw, 150px\" \/><\/a>\n\t\t\t<\/div>\n\t\t\t\t<figcaption class='wp-caption-text gallery-caption' id='gallery-1-33707'>\n\t\t\t\tEdificio de viviendas Enrique Martinez \/ Proyecto C (corte)\n\t\t\t\t<\/figcaption><\/figure><figure class='gallery-item'>\n\t\t\t<div class='gallery-icon landscape'>\n\t\t\t\t<a href='https:\/\/www.arquimaster.com.ar\/web\/wp-content\/uploads\/2018\/11\/edificio_emartinez30.jpg' title=\"Edificio de viviendas Enrique Martinez \/ Proyecto C (corte)\" data-rl_title=\"Edificio de viviendas Enrique Martinez \/ Proyecto C (corte)\" class=\"rl-gallery-link\" data-rl_caption=\"Edificio de viviendas Enrique Martinez \/ Proyecto C (corte)\" data-rel=\"lightbox-gallery-1\"><img loading=\"lazy\" decoding=\"async\" width=\"150\" height=\"150\" src=\"https:\/\/www.arquimaster.com.ar\/web\/wp-content\/uploads\/2018\/11\/edificio_emartinez30-150x150.jpg\" class=\"attachment-thumbnail size-thumbnail\" alt=\"\" aria-describedby=\"gallery-1-33708\" srcset=\"https:\/\/www.arquimaster.com.ar\/web\/wp-content\/uploads\/2018\/11\/edificio_emartinez30-150x150.jpg 150w, https:\/\/www.arquimaster.com.ar\/web\/wp-content\/uploads\/2018\/11\/edificio_emartinez30-50x50.jpg 50w, https:\/\/www.arquimaster.com.ar\/web\/wp-content\/uploads\/2018\/11\/edificio_emartinez30-125x125.jpg 125w\" sizes=\"auto, (max-width: 150px) 100vw, 150px\" \/><\/a>\n\t\t\t<\/div>\n\t\t\t\t<figcaption class='wp-caption-text gallery-caption' id='gallery-1-33708'>\n\t\t\t\tEdificio de viviendas Enrique Martinez \/ Proyecto C (corte)\n\t\t\t\t<\/figcaption><\/figure><figure class='gallery-item'>\n\t\t\t<div class='gallery-icon landscape'>\n\t\t\t\t<a href='https:\/\/www.arquimaster.com.ar\/web\/wp-content\/uploads\/2018\/11\/edificio_emartinez31.jpg' title=\"Edificio de viviendas Enrique Martinez \/ Proyecto C (proyectistas)\" data-rl_title=\"Edificio de viviendas Enrique Martinez \/ Proyecto C (proyectistas)\" class=\"rl-gallery-link\" data-rl_caption=\"Edificio de viviendas Enrique Martinez \/ Proyecto C (proyectistas)\" data-rel=\"lightbox-gallery-1\"><img loading=\"lazy\" decoding=\"async\" width=\"150\" height=\"150\" src=\"https:\/\/www.arquimaster.com.ar\/web\/wp-content\/uploads\/2018\/11\/edificio_emartinez31-150x150.jpg\" class=\"attachment-thumbnail size-thumbnail\" alt=\"\" aria-describedby=\"gallery-1-33709\" srcset=\"https:\/\/www.arquimaster.com.ar\/web\/wp-content\/uploads\/2018\/11\/edificio_emartinez31-150x150.jpg 150w, https:\/\/www.arquimaster.com.ar\/web\/wp-content\/uploads\/2018\/11\/edificio_emartinez31-50x50.jpg 50w, https:\/\/www.arquimaster.com.ar\/web\/wp-content\/uploads\/2018\/11\/edificio_emartinez31-125x125.jpg 125w\" sizes=\"auto, (max-width: 150px) 100vw, 150px\" \/><\/a>\n\t\t\t<\/div>\n\t\t\t\t<figcaption class='wp-caption-text gallery-caption' id='gallery-1-33709'>\n\t\t\t\tEdificio de viviendas Enrique Martinez \/ Proyecto C (proyectistas)\n\t\t\t\t<\/figcaption><\/figure>\n\t\t<\/div>\n\n<p>Mediante un n\u00facleo especialmente dise\u00f1ado se logran cuatro unidades por piso, todas con palier privado en las plantas tipo (1\u00ba a 3\u00ba piso). En el frente se desarrollan unidades de tres dormitorios con estares apaisados y en el contrafrente presenta unidades de 4 dormitorios y amplias terrazas. Estas \u00faltimas se retiran a partir del segundo piso para dejar lugar al roble existente.<\/p>\n<p>El proyecto presenta como remate, retiros y terrazas que generan diversas situaciones exteriores. En la planta cuarta, el retiro frontal concibe un \u00fanico departamento de tres dormitorios y escritorio con estar apaisado. Mientras que dos unidades de tres dormitorios con terrazas propias se desarrolla al contrafrente. El dise\u00f1o interior plantea espacios libres y luminosos, generando sensaci\u00f3n de amplitud, funcionalismo y comodidad.<\/p>\n<p>En la planta baja y subsuelo se encuentran 24 cocheras y al fondo del lote se pone en valor una construcci\u00f3n complementaria de car\u00e1cter pintoresco, refuncionalizandola para servir de apoyo a la pileta existente.<\/p>\n<p>La fachada del frente se propone reforzar la proporci\u00f3n horizontal del edificio mediante una grilla de hormig\u00f3n visto que enfatiza las l\u00edneas horizontales y un cerco de planta baja neutro y uniforme en toda su extensi\u00f3n.<\/p>\n<p>En el contrafrente se emplea el mismo criterio, pero generando un retiro de las expansiones que le deja el protagonismo al roble.<\/p>\n<p>El proyecto recibi\u00f3 el 1er. Premio en la Categoria Vivienda Multifamiliar en la Bienal 2017 del Colegio de Arquitectos de la Provincia de Buenos Aires (CAPBA).<\/p>\n<p><strong>Ficha t\u00e9cnica<\/strong><br \/>\nNombre: Edificio de viviendas Enrique Martinez<br \/>\nUbicaci\u00f3n: Enrique Mart\u00ednez 1467, Belgrano, Ciudad de Buenos Aires, Argentina<br \/>\nAutores: Proyecto C (Arq. Sebasti\u00e1n Cseh &amp; Arq. Juan Cruz Catania)<br \/>\nEquipo de Proyecto: Arq. Natalia Del Giudice, D.I. Pablo Bontempo, Arq. Juan Ignacio Massa, Arq. Nicol\u00e1s Vicens<br \/>\nDirecci\u00f3n de Obra: Arq. Horacio Bontempo<br \/>\nAsesor Estructural: Ing. Pedro Gea<br \/>\nAsesor Sanitario: Labonia &amp; Asoc.<br \/>\nTipo: Edificio de Vivienda Multifamiliar<br \/>\nA\u00f1o de finalizaci\u00f3n: 2017<br \/>\nSuperficie: 3740 m2<br \/>\nFot\u00f3grafo: <a href=\"http:\/\/www.sosapinilla.com.ar\" target=\"_blank\" rel=\"noopener noreferrer\">Gustavo Sosa Pinilla<\/a><\/p>\n<p><strong>Contacto<\/strong><br \/>\n<a href=\"http:\/\/www.proyectoc.com.ar\" target=\"_blank\" rel=\"noopener noreferrer\">http:\/\/www.proyectoc.com.ar<\/a><\/p>\n<p>Facebook: \/proyectocarquitectos<br \/>\nInstagram: @proyectoc_arquitectos<\/p>\n<p><strong>Acerca del proyectista<\/strong><br \/>\nEl estudio, dirigido por los arquitectos Sebasti\u00e1n Cseh y Juan Cruz Catania, concibe al dise\u00f1o como punto de partida, soluci\u00f3n y sello caracter\u00edstico de cada proyecto. Con m\u00e1s de 14 a\u00f1os de experiencia, las obras de arquitectura desarrolladas por el estudio tienen como objetivo la b\u00fasqueda constante de un lenguaje, materialidad, espacialidad y calidad de construcci\u00f3n adaptada a las necesidades contempor\u00e1neas. En Proyecto C, la sinergia entre las partes tiene como premisa la calidad arquitect\u00f3nica y el compromiso permanente con el dise\u00f1o. Cada espacio significa una oportunidad para el desarrollo de las personas. Cada proyecto, el modo de hacer realidad aquellas oportunidades.<\/p>\n\n<div style=\"font-size: 0px; height: 0px; line-height: 0px; margin: 0; padding: 0; clear: both;\"><\/div><div style=\"margin-top: 0px; margin-bottom: 0px;\" class=\"sharethis-inline-share-buttons\" ><\/div>","protected":false},"excerpt":{"rendered":"<p>La estructura arquitect\u00f3nica busca la preservaci\u00f3n de un roble a\u00f1oso en la l\u00ednea de frente interno&#8230;<\/p>\n","protected":false},"author":1,"featured_media":33678,"comment_status":"closed","ping_status":"closed","sticky":false,"template":"","format":"standard","meta":{"_uag_custom_page_level_css":"","footnotes":""},"categories":[80,1],"tags":[16,87,4851,4849,4850,91],"class_list":["post-33677","post","type-post","status-publish","format-standard","has-post-thumbnail","hentry","category-edificio-viviendas","category-proyecto","tag-buenos-aires","tag-edificio-de-viviendas","tag-juan-cruz-catania","tag-proyecto-c","tag-sebastian-cseh","tag-vivienda-multifamiliar","generate-columns","tablet-grid-50","mobile-grid-100","grid-parent","grid-50"],"yoast_head":"<!-- This site is optimized with the Yoast SEO plugin v27.3 - https:\/\/yoast.com\/product\/yoast-seo-wordpress\/ -->\n<title>Edificio Enrique Martinez \/ Proyecto C - Arquimaster<\/title>\n<meta name=\"description\" content=\"La estructura arquitect\u00f3nica busca la preservaci\u00f3n de un roble a\u00f1oso en la l\u00ednea de frente interno.\" \/>\n<meta name=\"robots\" content=\"index, follow, max-snippet:-1, max-image-preview:large, max-video-preview:-1\" \/>\n<link rel=\"canonical\" href=\"https:\/\/www.arquimaster.com.ar\/web\/edificio-de-viviendas-enrique-martinez-proyecto-c\/\" \/>\n<meta property=\"og:locale\" content=\"es_ES\" \/>\n<meta property=\"og:type\" content=\"article\" \/>\n<meta property=\"og:title\" content=\"Edificio de viviendas Enrique Martinez \/ Proyecto C\" \/>\n<meta property=\"og:description\" content=\"La estructura arquitect\u00f3nica busca la preservaci\u00f3n de un roble a\u00f1oso en la l\u00ednea de frente interno.\" \/>\n<meta property=\"og:url\" content=\"https:\/\/www.arquimaster.com.ar\/web\/edificio-de-viviendas-enrique-martinez-proyecto-c\/\" \/>\n<meta property=\"og:site_name\" content=\"Arquimaster\" \/>\n<meta property=\"article:publisher\" content=\"http:\/\/www.facebook.com\/ARQUIMASTER.com.ar\" \/>\n<meta property=\"article:published_time\" content=\"2018-11-08T17:20:05+00:00\" \/>\n<meta property=\"article:modified_time\" content=\"2020-04-12T22:13:48+00:00\" \/>\n<meta property=\"og:image\" content=\"https:\/\/www.arquimaster.com.ar\/web\/wp-content\/uploads\/2018\/11\/edificio_emartinez_slide-wpp1586729488661.jpg\" \/>\n\t<meta property=\"og:image:width\" content=\"698\" \/>\n\t<meta property=\"og:image:height\" content=\"364\" \/>\n\t<meta property=\"og:image:type\" content=\"image\/jpeg\" \/>\n<meta name=\"author\" content=\"Arquimaster\" \/>\n<meta name=\"twitter:card\" content=\"summary_large_image\" \/>\n<meta name=\"twitter:title\" content=\"Edificio de viviendas Enrique Martinez \/ Proyecto C\" \/>\n<meta name=\"twitter:description\" content=\"La estructura arquitect\u00f3nica busca la preservaci\u00f3n de un roble a\u00f1oso en la l\u00ednea de frente interno.\" \/>\n<meta name=\"twitter:image\" content=\"https:\/\/www.arquimaster.com.ar\/web\/wp-content\/uploads\/2018\/11\/edificio_emartinez_slide-wpp1586729488661.jpg\" \/>\n<meta name=\"twitter:creator\" content=\"@arquimaster\" \/>\n<meta name=\"twitter:site\" content=\"@arquimaster\" \/>\n<meta name=\"twitter:label1\" content=\"Escrito por\" \/>\n\t<meta name=\"twitter:data1\" content=\"Arquimaster\" \/>\n\t<meta name=\"twitter:label2\" content=\"Tiempo de lectura\" \/>\n\t<meta name=\"twitter:data2\" content=\"3 minutos\" \/>\n<script type=\"application\/ld+json\" class=\"yoast-schema-graph\">{\"@context\":\"https:\\\/\\\/schema.org\",\"@graph\":[{\"@type\":\"Article\",\"@id\":\"https:\\\/\\\/www.arquimaster.com.ar\\\/web\\\/edificio-de-viviendas-enrique-martinez-proyecto-c\\\/#article\",\"isPartOf\":{\"@id\":\"https:\\\/\\\/www.arquimaster.com.ar\\\/web\\\/edificio-de-viviendas-enrique-martinez-proyecto-c\\\/\"},\"author\":{\"name\":\"Arquimaster\",\"@id\":\"https:\\\/\\\/www.arquimaster.com.ar\\\/web\\\/#\\\/schema\\\/person\\\/359e9f7c00193fcde068e0dd2ceb0028\"},\"headline\":\"Edificio Enrique Martinez \\\/ Proyecto C\",\"datePublished\":\"2018-11-08T17:20:05+00:00\",\"dateModified\":\"2020-04-12T22:13:48+00:00\",\"mainEntityOfPage\":{\"@id\":\"https:\\\/\\\/www.arquimaster.com.ar\\\/web\\\/edificio-de-viviendas-enrique-martinez-proyecto-c\\\/\"},\"wordCount\":538,\"publisher\":{\"@id\":\"https:\\\/\\\/www.arquimaster.com.ar\\\/web\\\/#organization\"},\"image\":{\"@id\":\"https:\\\/\\\/www.arquimaster.com.ar\\\/web\\\/edificio-de-viviendas-enrique-martinez-proyecto-c\\\/#primaryimage\"},\"thumbnailUrl\":\"https:\\\/\\\/www.arquimaster.com.ar\\\/web\\\/wp-content\\\/uploads\\\/2018\\\/11\\\/edificio_emartinez_slide-wpp1586729488661.jpg\",\"keywords\":[\"Buenos Aires\",\"edificio de viviendas\",\"Juan Cruz Catania\",\"Proyecto C\",\"Sebasti\u00e1n Cseh\",\"vivienda multifamiliar\"],\"articleSection\":[\"Edificios de viviendas\",\"Proyecto\"],\"inLanguage\":\"es\"},{\"@type\":\"WebPage\",\"@id\":\"https:\\\/\\\/www.arquimaster.com.ar\\\/web\\\/edificio-de-viviendas-enrique-martinez-proyecto-c\\\/\",\"url\":\"https:\\\/\\\/www.arquimaster.com.ar\\\/web\\\/edificio-de-viviendas-enrique-martinez-proyecto-c\\\/\",\"name\":\"Edificio Enrique Martinez \\\/ Proyecto C - Arquimaster\",\"isPartOf\":{\"@id\":\"https:\\\/\\\/www.arquimaster.com.ar\\\/web\\\/#website\"},\"primaryImageOfPage\":{\"@id\":\"https:\\\/\\\/www.arquimaster.com.ar\\\/web\\\/edificio-de-viviendas-enrique-martinez-proyecto-c\\\/#primaryimage\"},\"image\":{\"@id\":\"https:\\\/\\\/www.arquimaster.com.ar\\\/web\\\/edificio-de-viviendas-enrique-martinez-proyecto-c\\\/#primaryimage\"},\"thumbnailUrl\":\"https:\\\/\\\/www.arquimaster.com.ar\\\/web\\\/wp-content\\\/uploads\\\/2018\\\/11\\\/edificio_emartinez_slide-wpp1586729488661.jpg\",\"datePublished\":\"2018-11-08T17:20:05+00:00\",\"dateModified\":\"2020-04-12T22:13:48+00:00\",\"description\":\"La estructura arquitect\u00f3nica busca la preservaci\u00f3n de un roble a\u00f1oso en la l\u00ednea de frente interno.\",\"breadcrumb\":{\"@id\":\"https:\\\/\\\/www.arquimaster.com.ar\\\/web\\\/edificio-de-viviendas-enrique-martinez-proyecto-c\\\/#breadcrumb\"},\"inLanguage\":\"es\",\"potentialAction\":[{\"@type\":\"ReadAction\",\"target\":[\"https:\\\/\\\/www.arquimaster.com.ar\\\/web\\\/edificio-de-viviendas-enrique-martinez-proyecto-c\\\/\"]}]},{\"@type\":\"ImageObject\",\"inLanguage\":\"es\",\"@id\":\"https:\\\/\\\/www.arquimaster.com.ar\\\/web\\\/edificio-de-viviendas-enrique-martinez-proyecto-c\\\/#primaryimage\",\"url\":\"https:\\\/\\\/www.arquimaster.com.ar\\\/web\\\/wp-content\\\/uploads\\\/2018\\\/11\\\/edificio_emartinez_slide-wpp1586729488661.jpg\",\"contentUrl\":\"https:\\\/\\\/www.arquimaster.com.ar\\\/web\\\/wp-content\\\/uploads\\\/2018\\\/11\\\/edificio_emartinez_slide-wpp1586729488661.jpg\",\"width\":698,\"height\":364},{\"@type\":\"BreadcrumbList\",\"@id\":\"https:\\\/\\\/www.arquimaster.com.ar\\\/web\\\/edificio-de-viviendas-enrique-martinez-proyecto-c\\\/#breadcrumb\",\"itemListElement\":[{\"@type\":\"ListItem\",\"position\":1,\"name\":\"Portada\",\"item\":\"https:\\\/\\\/www.arquimaster.com.ar\\\/web\\\/\"},{\"@type\":\"ListItem\",\"position\":2,\"name\":\"Edificio Enrique Martinez \\\/ Proyecto C\"}]},{\"@type\":\"WebSite\",\"@id\":\"https:\\\/\\\/www.arquimaster.com.ar\\\/web\\\/#website\",\"url\":\"https:\\\/\\\/www.arquimaster.com.ar\\\/web\\\/\",\"name\":\"Arquimaster\",\"description\":\"Web de arquitectura, dise\u00f1o y construccion\",\"publisher\":{\"@id\":\"https:\\\/\\\/www.arquimaster.com.ar\\\/web\\\/#organization\"},\"potentialAction\":[{\"@type\":\"SearchAction\",\"target\":{\"@type\":\"EntryPoint\",\"urlTemplate\":\"https:\\\/\\\/www.arquimaster.com.ar\\\/web\\\/?s={search_term_string}\"},\"query-input\":{\"@type\":\"PropertyValueSpecification\",\"valueRequired\":true,\"valueName\":\"search_term_string\"}}],\"inLanguage\":\"es\"},{\"@type\":\"Organization\",\"@id\":\"https:\\\/\\\/www.arquimaster.com.ar\\\/web\\\/#organization\",\"name\":\"Arquimaster\",\"url\":\"https:\\\/\\\/www.arquimaster.com.ar\\\/web\\\/\",\"logo\":{\"@type\":\"ImageObject\",\"inLanguage\":\"es\",\"@id\":\"https:\\\/\\\/www.arquimaster.com.ar\\\/web\\\/#\\\/schema\\\/logo\\\/image\\\/\",\"url\":\"https:\\\/\\\/www.arquimaster.com.ar\\\/web\\\/wp-content\\\/uploads\\\/2022\\\/06\\\/arquimaster.png\",\"contentUrl\":\"https:\\\/\\\/www.arquimaster.com.ar\\\/web\\\/wp-content\\\/uploads\\\/2022\\\/06\\\/arquimaster.png\",\"width\":594,\"height\":78,\"caption\":\"Arquimaster\"},\"image\":{\"@id\":\"https:\\\/\\\/www.arquimaster.com.ar\\\/web\\\/#\\\/schema\\\/logo\\\/image\\\/\"},\"sameAs\":[\"http:\\\/\\\/www.facebook.com\\\/ARQUIMASTER.com.ar\",\"https:\\\/\\\/x.com\\\/arquimaster\",\"https:\\\/\\\/www.instagram.com\\\/arquimasterblog\\\/\",\"https:\\\/\\\/www.linkedin.com\\\/company\\\/arquimaster\",\"https:\\\/\\\/www.pinterest.com\\\/arquimaster\",\"https:\\\/\\\/t.me\\\/arquimaster\"]},{\"@type\":\"Person\",\"@id\":\"https:\\\/\\\/www.arquimaster.com.ar\\\/web\\\/#\\\/schema\\\/person\\\/359e9f7c00193fcde068e0dd2ceb0028\",\"name\":\"Arquimaster\"}]}<\/script>\n<!-- \/ Yoast SEO plugin. -->","yoast_head_json":{"title":"Edificio Enrique Martinez \/ Proyecto C - Arquimaster","description":"La estructura arquitect\u00f3nica busca la preservaci\u00f3n de un roble a\u00f1oso en la l\u00ednea de frente interno.","robots":{"index":"index","follow":"follow","max-snippet":"max-snippet:-1","max-image-preview":"max-image-preview:large","max-video-preview":"max-video-preview:-1"},"canonical":"https:\/\/www.arquimaster.com.ar\/web\/edificio-de-viviendas-enrique-martinez-proyecto-c\/","og_locale":"es_ES","og_type":"article","og_title":"Edificio de viviendas Enrique Martinez \/ Proyecto C","og_description":"La estructura arquitect\u00f3nica busca la preservaci\u00f3n de un roble a\u00f1oso en la l\u00ednea de frente interno.","og_url":"https:\/\/www.arquimaster.com.ar\/web\/edificio-de-viviendas-enrique-martinez-proyecto-c\/","og_site_name":"Arquimaster","article_publisher":"http:\/\/www.facebook.com\/ARQUIMASTER.com.ar","article_published_time":"2018-11-08T17:20:05+00:00","article_modified_time":"2020-04-12T22:13:48+00:00","og_image":[{"width":698,"height":364,"url":"https:\/\/www.arquimaster.com.ar\/web\/wp-content\/uploads\/2018\/11\/edificio_emartinez_slide-wpp1586729488661.jpg","type":"image\/jpeg"}],"author":"Arquimaster","twitter_card":"summary_large_image","twitter_title":"Edificio de viviendas Enrique Martinez \/ Proyecto C","twitter_description":"La estructura arquitect\u00f3nica busca la preservaci\u00f3n de un roble a\u00f1oso en la l\u00ednea de frente interno.","twitter_image":"https:\/\/www.arquimaster.com.ar\/web\/wp-content\/uploads\/2018\/11\/edificio_emartinez_slide-wpp1586729488661.jpg","twitter_creator":"@arquimaster","twitter_site":"@arquimaster","twitter_misc":{"Escrito por":"Arquimaster","Tiempo de lectura":"3 minutos"},"schema":{"@context":"https:\/\/schema.org","@graph":[{"@type":"Article","@id":"https:\/\/www.arquimaster.com.ar\/web\/edificio-de-viviendas-enrique-martinez-proyecto-c\/#article","isPartOf":{"@id":"https:\/\/www.arquimaster.com.ar\/web\/edificio-de-viviendas-enrique-martinez-proyecto-c\/"},"author":{"name":"Arquimaster","@id":"https:\/\/www.arquimaster.com.ar\/web\/#\/schema\/person\/359e9f7c00193fcde068e0dd2ceb0028"},"headline":"Edificio Enrique Martinez \/ Proyecto C","datePublished":"2018-11-08T17:20:05+00:00","dateModified":"2020-04-12T22:13:48+00:00","mainEntityOfPage":{"@id":"https:\/\/www.arquimaster.com.ar\/web\/edificio-de-viviendas-enrique-martinez-proyecto-c\/"},"wordCount":538,"publisher":{"@id":"https:\/\/www.arquimaster.com.ar\/web\/#organization"},"image":{"@id":"https:\/\/www.arquimaster.com.ar\/web\/edificio-de-viviendas-enrique-martinez-proyecto-c\/#primaryimage"},"thumbnailUrl":"https:\/\/www.arquimaster.com.ar\/web\/wp-content\/uploads\/2018\/11\/edificio_emartinez_slide-wpp1586729488661.jpg","keywords":["Buenos Aires","edificio de viviendas","Juan Cruz Catania","Proyecto C","Sebasti\u00e1n Cseh","vivienda multifamiliar"],"articleSection":["Edificios de viviendas","Proyecto"],"inLanguage":"es"},{"@type":"WebPage","@id":"https:\/\/www.arquimaster.com.ar\/web\/edificio-de-viviendas-enrique-martinez-proyecto-c\/","url":"https:\/\/www.arquimaster.com.ar\/web\/edificio-de-viviendas-enrique-martinez-proyecto-c\/","name":"Edificio Enrique Martinez \/ Proyecto C - Arquimaster","isPartOf":{"@id":"https:\/\/www.arquimaster.com.ar\/web\/#website"},"primaryImageOfPage":{"@id":"https:\/\/www.arquimaster.com.ar\/web\/edificio-de-viviendas-enrique-martinez-proyecto-c\/#primaryimage"},"image":{"@id":"https:\/\/www.arquimaster.com.ar\/web\/edificio-de-viviendas-enrique-martinez-proyecto-c\/#primaryimage"},"thumbnailUrl":"https:\/\/www.arquimaster.com.ar\/web\/wp-content\/uploads\/2018\/11\/edificio_emartinez_slide-wpp1586729488661.jpg","datePublished":"2018-11-08T17:20:05+00:00","dateModified":"2020-04-12T22:13:48+00:00","description":"La estructura arquitect\u00f3nica busca la preservaci\u00f3n de un roble a\u00f1oso en la l\u00ednea de frente interno.","breadcrumb":{"@id":"https:\/\/www.arquimaster.com.ar\/web\/edificio-de-viviendas-enrique-martinez-proyecto-c\/#breadcrumb"},"inLanguage":"es","potentialAction":[{"@type":"ReadAction","target":["https:\/\/www.arquimaster.com.ar\/web\/edificio-de-viviendas-enrique-martinez-proyecto-c\/"]}]},{"@type":"ImageObject","inLanguage":"es","@id":"https:\/\/www.arquimaster.com.ar\/web\/edificio-de-viviendas-enrique-martinez-proyecto-c\/#primaryimage","url":"https:\/\/www.arquimaster.com.ar\/web\/wp-content\/uploads\/2018\/11\/edificio_emartinez_slide-wpp1586729488661.jpg","contentUrl":"https:\/\/www.arquimaster.com.ar\/web\/wp-content\/uploads\/2018\/11\/edificio_emartinez_slide-wpp1586729488661.jpg","width":698,"height":364},{"@type":"BreadcrumbList","@id":"https:\/\/www.arquimaster.com.ar\/web\/edificio-de-viviendas-enrique-martinez-proyecto-c\/#breadcrumb","itemListElement":[{"@type":"ListItem","position":1,"name":"Portada","item":"https:\/\/www.arquimaster.com.ar\/web\/"},{"@type":"ListItem","position":2,"name":"Edificio Enrique Martinez \/ Proyecto C"}]},{"@type":"WebSite","@id":"https:\/\/www.arquimaster.com.ar\/web\/#website","url":"https:\/\/www.arquimaster.com.ar\/web\/","name":"Arquimaster","description":"Web de arquitectura, dise\u00f1o y construccion","publisher":{"@id":"https:\/\/www.arquimaster.com.ar\/web\/#organization"},"potentialAction":[{"@type":"SearchAction","target":{"@type":"EntryPoint","urlTemplate":"https:\/\/www.arquimaster.com.ar\/web\/?s={search_term_string}"},"query-input":{"@type":"PropertyValueSpecification","valueRequired":true,"valueName":"search_term_string"}}],"inLanguage":"es"},{"@type":"Organization","@id":"https:\/\/www.arquimaster.com.ar\/web\/#organization","name":"Arquimaster","url":"https:\/\/www.arquimaster.com.ar\/web\/","logo":{"@type":"ImageObject","inLanguage":"es","@id":"https:\/\/www.arquimaster.com.ar\/web\/#\/schema\/logo\/image\/","url":"https:\/\/www.arquimaster.com.ar\/web\/wp-content\/uploads\/2022\/06\/arquimaster.png","contentUrl":"https:\/\/www.arquimaster.com.ar\/web\/wp-content\/uploads\/2022\/06\/arquimaster.png","width":594,"height":78,"caption":"Arquimaster"},"image":{"@id":"https:\/\/www.arquimaster.com.ar\/web\/#\/schema\/logo\/image\/"},"sameAs":["http:\/\/www.facebook.com\/ARQUIMASTER.com.ar","https:\/\/x.com\/arquimaster","https:\/\/www.instagram.com\/arquimasterblog\/","https:\/\/www.linkedin.com\/company\/arquimaster","https:\/\/www.pinterest.com\/arquimaster","https:\/\/t.me\/arquimaster"]},{"@type":"Person","@id":"https:\/\/www.arquimaster.com.ar\/web\/#\/schema\/person\/359e9f7c00193fcde068e0dd2ceb0028","name":"Arquimaster"}]}},"uagb_featured_image_src":{"full":["https:\/\/www.arquimaster.com.ar\/web\/wp-content\/uploads\/2018\/11\/edificio_emartinez_slide-wpp1586729488661.jpg",698,364,false],"thumbnail":["https:\/\/www.arquimaster.com.ar\/web\/wp-content\/uploads\/2018\/11\/edificio_emartinez_slide-wpp1586729488661-150x150.jpg",150,150,true],"medium":["https:\/\/www.arquimaster.com.ar\/web\/wp-content\/uploads\/2018\/11\/edificio_emartinez_slide-wpp1586729488661.jpg",698,364,false],"medium_large":["https:\/\/www.arquimaster.com.ar\/web\/wp-content\/uploads\/2018\/11\/edificio_emartinez_slide-wpp1586729488661.jpg",698,364,false],"large":["https:\/\/www.arquimaster.com.ar\/web\/wp-content\/uploads\/2018\/11\/edificio_emartinez_slide-wpp1586729488661.jpg",698,364,false],"1536x1536":["https:\/\/www.arquimaster.com.ar\/web\/wp-content\/uploads\/2018\/11\/edificio_emartinez_slide-wpp1586729488661.jpg",698,364,false],"2048x2048":["https:\/\/www.arquimaster.com.ar\/web\/wp-content\/uploads\/2018\/11\/edificio_emartinez_slide-wpp1586729488661.jpg",698,364,false]},"uagb_author_info":{"display_name":"Arquimaster","author_link":"https:\/\/www.arquimaster.com.ar\/web\/author\/arquimaster\/"},"uagb_comment_info":0,"uagb_excerpt":"La estructura arquitect\u00f3nica busca la preservaci\u00f3n de un roble a\u00f1oso en la l\u00ednea de frente interno...","_links":{"self":[{"href":"https:\/\/www.arquimaster.com.ar\/web\/wp-json\/wp\/v2\/posts\/33677","targetHints":{"allow":["GET"]}}],"collection":[{"href":"https:\/\/www.arquimaster.com.ar\/web\/wp-json\/wp\/v2\/posts"}],"about":[{"href":"https:\/\/www.arquimaster.com.ar\/web\/wp-json\/wp\/v2\/types\/post"}],"author":[{"embeddable":true,"href":"https:\/\/www.arquimaster.com.ar\/web\/wp-json\/wp\/v2\/users\/1"}],"replies":[{"embeddable":true,"href":"https:\/\/www.arquimaster.com.ar\/web\/wp-json\/wp\/v2\/comments?post=33677"}],"version-history":[{"count":1,"href":"https:\/\/www.arquimaster.com.ar\/web\/wp-json\/wp\/v2\/posts\/33677\/revisions"}],"predecessor-version":[{"id":54507,"href":"https:\/\/www.arquimaster.com.ar\/web\/wp-json\/wp\/v2\/posts\/33677\/revisions\/54507"}],"wp:featuredmedia":[{"embeddable":true,"href":"https:\/\/www.arquimaster.com.ar\/web\/wp-json\/wp\/v2\/media\/33678"}],"wp:attachment":[{"href":"https:\/\/www.arquimaster.com.ar\/web\/wp-json\/wp\/v2\/media?parent=33677"}],"wp:term":[{"taxonomy":"category","embeddable":true,"href":"https:\/\/www.arquimaster.com.ar\/web\/wp-json\/wp\/v2\/categories?post=33677"},{"taxonomy":"post_tag","embeddable":true,"href":"https:\/\/www.arquimaster.com.ar\/web\/wp-json\/wp\/v2\/tags?post=33677"}],"curies":[{"name":"wp","href":"https:\/\/api.w.org\/{rel}","templated":true}]}}