{"id":34047,"date":"2018-11-01T01:51:01","date_gmt":"2018-11-01T01:51:01","guid":{"rendered":"http:\/\/www.arquimaster.com.ar\/web\/?p=34047"},"modified":"2018-11-20T01:55:47","modified_gmt":"2018-11-20T01:55:47","slug":"nuevos-protectores-para-madera-minwax","status":"publish","type":"post","link":"https:\/\/www.arquimaster.com.ar\/web\/nuevos-protectores-para-madera-minwax\/","title":{"rendered":"Nuevos protectores para madera Minwax"},"content":{"rendered":"<div style=\"margin-top: 0px; margin-bottom: 0px;\" class=\"sharethis-inline-share-buttons\" ><\/div><div class=\"b812932af2e751442846f039925109de\" data-index=\"1\" style=\"float: none; margin:25px 0 25px 0; text-align:center;\">\n<script async src=\"https:\/\/pagead2.googlesyndication.com\/pagead\/js\/adsbygoogle.js\"><\/script>\r\n<!-- Arquimaster (superior) -->\r\n<ins class=\"adsbygoogle\"\r\n     style=\"display:block\"\r\n     data-ad-client=\"ca-pub-6351072698456832\"\r\n     data-ad-slot=\"6455489680\"\r\n     data-ad-format=\"auto\"\r\n     data-full-width-responsive=\"true\"><\/ins>\r\n<script>\r\n     (adsbygoogle = window.adsbygoogle || []).push({});\r\n<\/script>\n<\/div>\n<p>Con una completa l\u00ednea de productos llega al pa\u00eds <strong>Minwax<\/strong>, una marca con m\u00e1s de 110 a\u00f1os de historia, l\u00edder en recubrimientos para el cuidado de la madera en Estados Unidos.<\/p>\n<p>Los protectores Minwax cuentan con una f\u00f3rmula superadora desarrollada bajo los m\u00e1s altos est\u00e1ndares de calidad internacional para proteger y decorar maderas, tanto en interiores como exteriores.<\/p>\n<p>Por sus caracter\u00edsticas t\u00e9cnicas, permiten repintar y mantener con facilidad todo tipo de maderas debido a su alta resistencia al sol, el agua, la humedad y los cambios clim\u00e1ticos. Penetran con facilidad y protegen desde el interior sin agrietarse ni descascararse, acompa\u00f1ando los movimientos propios de la madera.<\/p>\n<p>En t\u00e9rminos de secado y aplicaci\u00f3n los protectores Minwax se destacan como el producto m\u00e1s moderno de su categor\u00eda. Vienen en colores preparados listos para usar y se pueden obtener atractivos colores adicionales con los sistemas tintom\u00e9tricos, incluyendo algunas opciones de madera, fantas\u00eda o vintage.<\/p>\n<div id='gallery-1' class='gallery galleryid-34047 gallery-columns-3 gallery-size-thumbnail'><figure class='gallery-item'>\n\t\t\t<div class='gallery-icon landscape'>\n\t\t\t\t<a href='https:\/\/www.arquimaster.com.ar\/web\/wp-content\/uploads\/2018\/11\/minwax1.jpg' title=\"Nuevos protectores para madera Minwax\" data-rl_title=\"Nuevos protectores para madera Minwax\" class=\"rl-gallery-link\" data-rl_caption=\"Nuevos protectores para madera Minwax\" data-rel=\"lightbox-gallery-1\"><img loading=\"lazy\" decoding=\"async\" width=\"150\" height=\"150\" src=\"https:\/\/www.arquimaster.com.ar\/web\/wp-content\/uploads\/2018\/11\/minwax1-150x150.jpg\" class=\"attachment-thumbnail size-thumbnail\" alt=\"\" aria-describedby=\"gallery-1-34051\" srcset=\"https:\/\/www.arquimaster.com.ar\/web\/wp-content\/uploads\/2018\/11\/minwax1-150x150.jpg 150w, https:\/\/www.arquimaster.com.ar\/web\/wp-content\/uploads\/2018\/11\/minwax1-50x50.jpg 50w, https:\/\/www.arquimaster.com.ar\/web\/wp-content\/uploads\/2018\/11\/minwax1-125x125.jpg 125w\" sizes=\"auto, (max-width: 150px) 100vw, 150px\" \/><\/a>\n\t\t\t<\/div>\n\t\t\t\t<figcaption class='wp-caption-text gallery-caption' id='gallery-1-34051'>\n\t\t\t\tNuevos protectores para madera Minwax\n\t\t\t\t<\/figcaption><\/figure><figure class='gallery-item'>\n\t\t\t<div class='gallery-icon landscape'>\n\t\t\t\t<a href='https:\/\/www.arquimaster.com.ar\/web\/wp-content\/uploads\/2018\/11\/minwax2.jpg' title=\"Nuevos protectores para madera Minwax\" data-rl_title=\"Nuevos protectores para madera Minwax\" class=\"rl-gallery-link\" data-rl_caption=\"Nuevos protectores para madera Minwax\" data-rel=\"lightbox-gallery-1\"><img loading=\"lazy\" decoding=\"async\" width=\"150\" height=\"150\" src=\"https:\/\/www.arquimaster.com.ar\/web\/wp-content\/uploads\/2018\/11\/minwax2-150x150.jpg\" class=\"attachment-thumbnail size-thumbnail\" alt=\"\" aria-describedby=\"gallery-1-34049\" srcset=\"https:\/\/www.arquimaster.com.ar\/web\/wp-content\/uploads\/2018\/11\/minwax2-150x150.jpg 150w, https:\/\/www.arquimaster.com.ar\/web\/wp-content\/uploads\/2018\/11\/minwax2-50x50.jpg 50w, https:\/\/www.arquimaster.com.ar\/web\/wp-content\/uploads\/2018\/11\/minwax2-125x125.jpg 125w\" sizes=\"auto, (max-width: 150px) 100vw, 150px\" \/><\/a>\n\t\t\t<\/div>\n\t\t\t\t<figcaption class='wp-caption-text gallery-caption' id='gallery-1-34049'>\n\t\t\t\tNuevos protectores para madera Minwax\n\t\t\t\t<\/figcaption><\/figure>\n\t\t<\/div>\n\n<p><strong>Minwax en el mercado argentino<\/strong><br \/>\nEl portafolio para Argentina se compone de cinco l\u00edneas de productos. Por un lado, se encuentran disponibles dos protectores cl\u00e1sicos, uno de acabado brillante y otro satinado, ambos con seis colores listos para usar: cristal, natural, cedro, roble, caoba y nogal.<\/p>\n<p>Por otro lado, Minwax ofrece un protector base agua de r\u00e1pido secado y acabado satinado disponible en cinco colores. Se trata de un producto recomendado para maderas exteriores.<\/p>\n<p>Y, finalmente, dos protectores para decks. Uno de ellos ofrece un secado r\u00e1pido de acabado semitransparente en cinco colores. El otro, se trata de un protector deck elastom\u00e9rico mate con tres colores preparados, ideal para maderas econ\u00f3micas o muy deterioradas.<\/p>\n<p><strong>Acerca de Minwax<\/strong><br \/>\nEn 1904 Arthur B. Harrison funda en Brooklyn (Nueva York, Estados Unidos) la compa\u00f1\u00eda que m\u00e1s tarde se convertir\u00eda en Minwax y desarrolla su primera l\u00ednea de protectores. En 1914 nace la marca Minwax, creando de esta forma los productos de acabado para madera de m\u00e1s alta calidad del mercado. En 1920 Minwax se expande como una marca experta en el cuidado de la madera lo que da comienzo a un proceso de innovaci\u00f3n y excelencia en el desarrollo de nuevos productos dentro del campo de los protectores. En las d\u00e9cadas de 1940 y 1950 Minwax redise\u00f1a su f\u00f3rmula convirti\u00e9ndose en el producto de r\u00e1pido secado m\u00e1s moderno del mercado y de f\u00e1cil aplicaci\u00f3n, para que todos los usuarios puedan disfrutar de sus beneficios. Hoy, el poder y la belleza de la madera sigue siendo muy importante en nuestras vidas y Minwax provee una completa gama de productos para su cuidado y mantenimiento. Minwax se enorgullece de su herencia y mantiene la promesa de cuidar y embellecer la madera que nos rodea.<\/p>\n\n<div style=\"font-size: 0px; height: 0px; line-height: 0px; margin: 0; padding: 0; clear: both;\"><\/div><div style=\"margin-top: 0px; margin-bottom: 0px;\" class=\"sharethis-inline-share-buttons\" ><\/div>","protected":false},"excerpt":{"rendered":"<p>Desarrollada para proteger y decorar maderas, tanto en interiores como exteriores&#8230;<\/p>\n","protected":false},"author":1,"featured_media":34050,"comment_status":"closed","ping_status":"closed","sticky":false,"template":"","format":"standard","meta":{"_uag_custom_page_level_css":"","footnotes":""},"categories":[40,41],"tags":[701,47,4893,4894],"class_list":["post-34047","post","type-post","status-publish","format-standard","has-post-thumbnail","hentry","category-construccion","category-materiales-tecnologias","tag-madera","tag-materiales-de-construccion","tag-minwax","tag-protector-para-madera","generate-columns","tablet-grid-50","mobile-grid-100","grid-parent","grid-50"],"yoast_head":"<!-- This site is optimized with the Yoast SEO plugin v27.3 - https:\/\/yoast.com\/product\/yoast-seo-wordpress\/ -->\n<title>Nuevos protectores para madera Minwax - Arquimaster<\/title>\n<meta name=\"robots\" content=\"index, follow, max-snippet:-1, max-image-preview:large, max-video-preview:-1\" \/>\n<link rel=\"canonical\" href=\"https:\/\/www.arquimaster.com.ar\/web\/nuevos-protectores-para-madera-minwax\/\" \/>\n<meta property=\"og:locale\" content=\"es_ES\" \/>\n<meta property=\"og:type\" content=\"article\" \/>\n<meta property=\"og:title\" content=\"Nuevos protectores para madera Minwax - Arquimaster\" \/>\n<meta property=\"og:description\" content=\"Desarrollada para proteger y decorar maderas, tanto en interiores como exteriores...\" \/>\n<meta property=\"og:url\" content=\"https:\/\/www.arquimaster.com.ar\/web\/nuevos-protectores-para-madera-minwax\/\" \/>\n<meta property=\"og:site_name\" content=\"Arquimaster\" \/>\n<meta property=\"article:publisher\" content=\"http:\/\/www.facebook.com\/ARQUIMASTER.com.ar\" \/>\n<meta property=\"article:published_time\" content=\"2018-11-01T01:51:01+00:00\" \/>\n<meta property=\"article:modified_time\" content=\"2018-11-20T01:55:47+00:00\" \/>\n<meta property=\"og:image\" content=\"https:\/\/www.arquimaster.com.ar\/web\/wp-content\/uploads\/2018\/11\/minwax_slide.jpg\" \/>\n\t<meta property=\"og:image:width\" content=\"642\" \/>\n\t<meta property=\"og:image:height\" content=\"336\" \/>\n\t<meta property=\"og:image:type\" content=\"image\/jpeg\" \/>\n<meta name=\"author\" content=\"Arquimaster\" \/>\n<meta name=\"twitter:card\" content=\"summary_large_image\" \/>\n<meta name=\"twitter:creator\" content=\"@arquimaster\" \/>\n<meta name=\"twitter:site\" content=\"@arquimaster\" \/>\n<meta name=\"twitter:label1\" content=\"Escrito por\" \/>\n\t<meta name=\"twitter:data1\" content=\"Arquimaster\" \/>\n\t<meta name=\"twitter:label2\" content=\"Tiempo de lectura\" \/>\n\t<meta name=\"twitter:data2\" content=\"2 minutos\" \/>\n<script type=\"application\/ld+json\" class=\"yoast-schema-graph\">{\"@context\":\"https:\\\/\\\/schema.org\",\"@graph\":[{\"@type\":\"Article\",\"@id\":\"https:\\\/\\\/www.arquimaster.com.ar\\\/web\\\/nuevos-protectores-para-madera-minwax\\\/#article\",\"isPartOf\":{\"@id\":\"https:\\\/\\\/www.arquimaster.com.ar\\\/web\\\/nuevos-protectores-para-madera-minwax\\\/\"},\"author\":{\"name\":\"Arquimaster\",\"@id\":\"https:\\\/\\\/www.arquimaster.com.ar\\\/web\\\/#\\\/schema\\\/person\\\/359e9f7c00193fcde068e0dd2ceb0028\"},\"headline\":\"Nuevos protectores para madera Minwax\",\"datePublished\":\"2018-11-01T01:51:01+00:00\",\"dateModified\":\"2018-11-20T01:55:47+00:00\",\"mainEntityOfPage\":{\"@id\":\"https:\\\/\\\/www.arquimaster.com.ar\\\/web\\\/nuevos-protectores-para-madera-minwax\\\/\"},\"wordCount\":481,\"publisher\":{\"@id\":\"https:\\\/\\\/www.arquimaster.com.ar\\\/web\\\/#organization\"},\"image\":{\"@id\":\"https:\\\/\\\/www.arquimaster.com.ar\\\/web\\\/nuevos-protectores-para-madera-minwax\\\/#primaryimage\"},\"thumbnailUrl\":\"https:\\\/\\\/www.arquimaster.com.ar\\\/web\\\/wp-content\\\/uploads\\\/2018\\\/11\\\/minwax_slide.jpg\",\"keywords\":[\"madera\",\"materiales de construccion\",\"Minwax\",\"protector para madera\"],\"articleSection\":[\"Construccion\",\"Materiales y tecnologias\"],\"inLanguage\":\"es\"},{\"@type\":\"WebPage\",\"@id\":\"https:\\\/\\\/www.arquimaster.com.ar\\\/web\\\/nuevos-protectores-para-madera-minwax\\\/\",\"url\":\"https:\\\/\\\/www.arquimaster.com.ar\\\/web\\\/nuevos-protectores-para-madera-minwax\\\/\",\"name\":\"Nuevos protectores para madera Minwax - Arquimaster\",\"isPartOf\":{\"@id\":\"https:\\\/\\\/www.arquimaster.com.ar\\\/web\\\/#website\"},\"primaryImageOfPage\":{\"@id\":\"https:\\\/\\\/www.arquimaster.com.ar\\\/web\\\/nuevos-protectores-para-madera-minwax\\\/#primaryimage\"},\"image\":{\"@id\":\"https:\\\/\\\/www.arquimaster.com.ar\\\/web\\\/nuevos-protectores-para-madera-minwax\\\/#primaryimage\"},\"thumbnailUrl\":\"https:\\\/\\\/www.arquimaster.com.ar\\\/web\\\/wp-content\\\/uploads\\\/2018\\\/11\\\/minwax_slide.jpg\",\"datePublished\":\"2018-11-01T01:51:01+00:00\",\"dateModified\":\"2018-11-20T01:55:47+00:00\",\"breadcrumb\":{\"@id\":\"https:\\\/\\\/www.arquimaster.com.ar\\\/web\\\/nuevos-protectores-para-madera-minwax\\\/#breadcrumb\"},\"inLanguage\":\"es\",\"potentialAction\":[{\"@type\":\"ReadAction\",\"target\":[\"https:\\\/\\\/www.arquimaster.com.ar\\\/web\\\/nuevos-protectores-para-madera-minwax\\\/\"]}]},{\"@type\":\"ImageObject\",\"inLanguage\":\"es\",\"@id\":\"https:\\\/\\\/www.arquimaster.com.ar\\\/web\\\/nuevos-protectores-para-madera-minwax\\\/#primaryimage\",\"url\":\"https:\\\/\\\/www.arquimaster.com.ar\\\/web\\\/wp-content\\\/uploads\\\/2018\\\/11\\\/minwax_slide.jpg\",\"contentUrl\":\"https:\\\/\\\/www.arquimaster.com.ar\\\/web\\\/wp-content\\\/uploads\\\/2018\\\/11\\\/minwax_slide.jpg\",\"width\":642,\"height\":336,\"caption\":\"Nuevos protectores para madera Minwax\"},{\"@type\":\"BreadcrumbList\",\"@id\":\"https:\\\/\\\/www.arquimaster.com.ar\\\/web\\\/nuevos-protectores-para-madera-minwax\\\/#breadcrumb\",\"itemListElement\":[{\"@type\":\"ListItem\",\"position\":1,\"name\":\"Portada\",\"item\":\"https:\\\/\\\/www.arquimaster.com.ar\\\/web\\\/\"},{\"@type\":\"ListItem\",\"position\":2,\"name\":\"Nuevos protectores para madera Minwax\"}]},{\"@type\":\"WebSite\",\"@id\":\"https:\\\/\\\/www.arquimaster.com.ar\\\/web\\\/#website\",\"url\":\"https:\\\/\\\/www.arquimaster.com.ar\\\/web\\\/\",\"name\":\"Arquimaster\",\"description\":\"Web de arquitectura, dise\u00f1o y construccion\",\"publisher\":{\"@id\":\"https:\\\/\\\/www.arquimaster.com.ar\\\/web\\\/#organization\"},\"potentialAction\":[{\"@type\":\"SearchAction\",\"target\":{\"@type\":\"EntryPoint\",\"urlTemplate\":\"https:\\\/\\\/www.arquimaster.com.ar\\\/web\\\/?s={search_term_string}\"},\"query-input\":{\"@type\":\"PropertyValueSpecification\",\"valueRequired\":true,\"valueName\":\"search_term_string\"}}],\"inLanguage\":\"es\"},{\"@type\":\"Organization\",\"@id\":\"https:\\\/\\\/www.arquimaster.com.ar\\\/web\\\/#organization\",\"name\":\"Arquimaster\",\"url\":\"https:\\\/\\\/www.arquimaster.com.ar\\\/web\\\/\",\"logo\":{\"@type\":\"ImageObject\",\"inLanguage\":\"es\",\"@id\":\"https:\\\/\\\/www.arquimaster.com.ar\\\/web\\\/#\\\/schema\\\/logo\\\/image\\\/\",\"url\":\"https:\\\/\\\/www.arquimaster.com.ar\\\/web\\\/wp-content\\\/uploads\\\/2022\\\/06\\\/arquimaster.png\",\"contentUrl\":\"https:\\\/\\\/www.arquimaster.com.ar\\\/web\\\/wp-content\\\/uploads\\\/2022\\\/06\\\/arquimaster.png\",\"width\":594,\"height\":78,\"caption\":\"Arquimaster\"},\"image\":{\"@id\":\"https:\\\/\\\/www.arquimaster.com.ar\\\/web\\\/#\\\/schema\\\/logo\\\/image\\\/\"},\"sameAs\":[\"http:\\\/\\\/www.facebook.com\\\/ARQUIMASTER.com.ar\",\"https:\\\/\\\/x.com\\\/arquimaster\",\"https:\\\/\\\/www.instagram.com\\\/arquimasterblog\\\/\",\"https:\\\/\\\/www.linkedin.com\\\/company\\\/arquimaster\",\"https:\\\/\\\/www.pinterest.com\\\/arquimaster\",\"https:\\\/\\\/t.me\\\/arquimaster\"]},{\"@type\":\"Person\",\"@id\":\"https:\\\/\\\/www.arquimaster.com.ar\\\/web\\\/#\\\/schema\\\/person\\\/359e9f7c00193fcde068e0dd2ceb0028\",\"name\":\"Arquimaster\"}]}<\/script>\n<!-- \/ Yoast SEO plugin. -->","yoast_head_json":{"title":"Nuevos protectores para madera Minwax - Arquimaster","robots":{"index":"index","follow":"follow","max-snippet":"max-snippet:-1","max-image-preview":"max-image-preview:large","max-video-preview":"max-video-preview:-1"},"canonical":"https:\/\/www.arquimaster.com.ar\/web\/nuevos-protectores-para-madera-minwax\/","og_locale":"es_ES","og_type":"article","og_title":"Nuevos protectores para madera Minwax - Arquimaster","og_description":"Desarrollada para proteger y decorar maderas, tanto en interiores como exteriores...","og_url":"https:\/\/www.arquimaster.com.ar\/web\/nuevos-protectores-para-madera-minwax\/","og_site_name":"Arquimaster","article_publisher":"http:\/\/www.facebook.com\/ARQUIMASTER.com.ar","article_published_time":"2018-11-01T01:51:01+00:00","article_modified_time":"2018-11-20T01:55:47+00:00","og_image":[{"width":642,"height":336,"url":"https:\/\/www.arquimaster.com.ar\/web\/wp-content\/uploads\/2018\/11\/minwax_slide.jpg","type":"image\/jpeg"}],"author":"Arquimaster","twitter_card":"summary_large_image","twitter_creator":"@arquimaster","twitter_site":"@arquimaster","twitter_misc":{"Escrito por":"Arquimaster","Tiempo de lectura":"2 minutos"},"schema":{"@context":"https:\/\/schema.org","@graph":[{"@type":"Article","@id":"https:\/\/www.arquimaster.com.ar\/web\/nuevos-protectores-para-madera-minwax\/#article","isPartOf":{"@id":"https:\/\/www.arquimaster.com.ar\/web\/nuevos-protectores-para-madera-minwax\/"},"author":{"name":"Arquimaster","@id":"https:\/\/www.arquimaster.com.ar\/web\/#\/schema\/person\/359e9f7c00193fcde068e0dd2ceb0028"},"headline":"Nuevos protectores para madera Minwax","datePublished":"2018-11-01T01:51:01+00:00","dateModified":"2018-11-20T01:55:47+00:00","mainEntityOfPage":{"@id":"https:\/\/www.arquimaster.com.ar\/web\/nuevos-protectores-para-madera-minwax\/"},"wordCount":481,"publisher":{"@id":"https:\/\/www.arquimaster.com.ar\/web\/#organization"},"image":{"@id":"https:\/\/www.arquimaster.com.ar\/web\/nuevos-protectores-para-madera-minwax\/#primaryimage"},"thumbnailUrl":"https:\/\/www.arquimaster.com.ar\/web\/wp-content\/uploads\/2018\/11\/minwax_slide.jpg","keywords":["madera","materiales de construccion","Minwax","protector para madera"],"articleSection":["Construccion","Materiales y tecnologias"],"inLanguage":"es"},{"@type":"WebPage","@id":"https:\/\/www.arquimaster.com.ar\/web\/nuevos-protectores-para-madera-minwax\/","url":"https:\/\/www.arquimaster.com.ar\/web\/nuevos-protectores-para-madera-minwax\/","name":"Nuevos protectores para madera Minwax - Arquimaster","isPartOf":{"@id":"https:\/\/www.arquimaster.com.ar\/web\/#website"},"primaryImageOfPage":{"@id":"https:\/\/www.arquimaster.com.ar\/web\/nuevos-protectores-para-madera-minwax\/#primaryimage"},"image":{"@id":"https:\/\/www.arquimaster.com.ar\/web\/nuevos-protectores-para-madera-minwax\/#primaryimage"},"thumbnailUrl":"https:\/\/www.arquimaster.com.ar\/web\/wp-content\/uploads\/2018\/11\/minwax_slide.jpg","datePublished":"2018-11-01T01:51:01+00:00","dateModified":"2018-11-20T01:55:47+00:00","breadcrumb":{"@id":"https:\/\/www.arquimaster.com.ar\/web\/nuevos-protectores-para-madera-minwax\/#breadcrumb"},"inLanguage":"es","potentialAction":[{"@type":"ReadAction","target":["https:\/\/www.arquimaster.com.ar\/web\/nuevos-protectores-para-madera-minwax\/"]}]},{"@type":"ImageObject","inLanguage":"es","@id":"https:\/\/www.arquimaster.com.ar\/web\/nuevos-protectores-para-madera-minwax\/#primaryimage","url":"https:\/\/www.arquimaster.com.ar\/web\/wp-content\/uploads\/2018\/11\/minwax_slide.jpg","contentUrl":"https:\/\/www.arquimaster.com.ar\/web\/wp-content\/uploads\/2018\/11\/minwax_slide.jpg","width":642,"height":336,"caption":"Nuevos protectores para madera Minwax"},{"@type":"BreadcrumbList","@id":"https:\/\/www.arquimaster.com.ar\/web\/nuevos-protectores-para-madera-minwax\/#breadcrumb","itemListElement":[{"@type":"ListItem","position":1,"name":"Portada","item":"https:\/\/www.arquimaster.com.ar\/web\/"},{"@type":"ListItem","position":2,"name":"Nuevos protectores para madera Minwax"}]},{"@type":"WebSite","@id":"https:\/\/www.arquimaster.com.ar\/web\/#website","url":"https:\/\/www.arquimaster.com.ar\/web\/","name":"Arquimaster","description":"Web de arquitectura, dise\u00f1o y construccion","publisher":{"@id":"https:\/\/www.arquimaster.com.ar\/web\/#organization"},"potentialAction":[{"@type":"SearchAction","target":{"@type":"EntryPoint","urlTemplate":"https:\/\/www.arquimaster.com.ar\/web\/?s={search_term_string}"},"query-input":{"@type":"PropertyValueSpecification","valueRequired":true,"valueName":"search_term_string"}}],"inLanguage":"es"},{"@type":"Organization","@id":"https:\/\/www.arquimaster.com.ar\/web\/#organization","name":"Arquimaster","url":"https:\/\/www.arquimaster.com.ar\/web\/","logo":{"@type":"ImageObject","inLanguage":"es","@id":"https:\/\/www.arquimaster.com.ar\/web\/#\/schema\/logo\/image\/","url":"https:\/\/www.arquimaster.com.ar\/web\/wp-content\/uploads\/2022\/06\/arquimaster.png","contentUrl":"https:\/\/www.arquimaster.com.ar\/web\/wp-content\/uploads\/2022\/06\/arquimaster.png","width":594,"height":78,"caption":"Arquimaster"},"image":{"@id":"https:\/\/www.arquimaster.com.ar\/web\/#\/schema\/logo\/image\/"},"sameAs":["http:\/\/www.facebook.com\/ARQUIMASTER.com.ar","https:\/\/x.com\/arquimaster","https:\/\/www.instagram.com\/arquimasterblog\/","https:\/\/www.linkedin.com\/company\/arquimaster","https:\/\/www.pinterest.com\/arquimaster","https:\/\/t.me\/arquimaster"]},{"@type":"Person","@id":"https:\/\/www.arquimaster.com.ar\/web\/#\/schema\/person\/359e9f7c00193fcde068e0dd2ceb0028","name":"Arquimaster"}]}},"uagb_featured_image_src":{"full":["https:\/\/www.arquimaster.com.ar\/web\/wp-content\/uploads\/2018\/11\/minwax_slide.jpg",642,336,false],"thumbnail":["https:\/\/www.arquimaster.com.ar\/web\/wp-content\/uploads\/2018\/11\/minwax_slide-150x150.jpg",150,150,true],"medium":["https:\/\/www.arquimaster.com.ar\/web\/wp-content\/uploads\/2018\/11\/minwax_slide.jpg",642,336,false],"medium_large":["https:\/\/www.arquimaster.com.ar\/web\/wp-content\/uploads\/2018\/11\/minwax_slide.jpg",642,336,false],"large":["https:\/\/www.arquimaster.com.ar\/web\/wp-content\/uploads\/2018\/11\/minwax_slide.jpg",642,336,false],"1536x1536":["https:\/\/www.arquimaster.com.ar\/web\/wp-content\/uploads\/2018\/11\/minwax_slide.jpg",642,336,false],"2048x2048":["https:\/\/www.arquimaster.com.ar\/web\/wp-content\/uploads\/2018\/11\/minwax_slide.jpg",642,336,false]},"uagb_author_info":{"display_name":"Arquimaster","author_link":"https:\/\/www.arquimaster.com.ar\/web\/author\/arquimaster\/"},"uagb_comment_info":0,"uagb_excerpt":"Desarrollada para proteger y decorar maderas, tanto en interiores como exteriores...","_links":{"self":[{"href":"https:\/\/www.arquimaster.com.ar\/web\/wp-json\/wp\/v2\/posts\/34047","targetHints":{"allow":["GET"]}}],"collection":[{"href":"https:\/\/www.arquimaster.com.ar\/web\/wp-json\/wp\/v2\/posts"}],"about":[{"href":"https:\/\/www.arquimaster.com.ar\/web\/wp-json\/wp\/v2\/types\/post"}],"author":[{"embeddable":true,"href":"https:\/\/www.arquimaster.com.ar\/web\/wp-json\/wp\/v2\/users\/1"}],"replies":[{"embeddable":true,"href":"https:\/\/www.arquimaster.com.ar\/web\/wp-json\/wp\/v2\/comments?post=34047"}],"version-history":[{"count":0,"href":"https:\/\/www.arquimaster.com.ar\/web\/wp-json\/wp\/v2\/posts\/34047\/revisions"}],"wp:featuredmedia":[{"embeddable":true,"href":"https:\/\/www.arquimaster.com.ar\/web\/wp-json\/wp\/v2\/media\/34050"}],"wp:attachment":[{"href":"https:\/\/www.arquimaster.com.ar\/web\/wp-json\/wp\/v2\/media?parent=34047"}],"wp:term":[{"taxonomy":"category","embeddable":true,"href":"https:\/\/www.arquimaster.com.ar\/web\/wp-json\/wp\/v2\/categories?post=34047"},{"taxonomy":"post_tag","embeddable":true,"href":"https:\/\/www.arquimaster.com.ar\/web\/wp-json\/wp\/v2\/tags?post=34047"}],"curies":[{"name":"wp","href":"https:\/\/api.w.org\/{rel}","templated":true}]}}