{"id":34257,"date":"2018-12-17T16:00:55","date_gmt":"2018-12-17T16:00:55","guid":{"rendered":"http:\/\/www.arquimaster.com.ar\/web\/?p=34257"},"modified":"2020-05-24T18:44:07","modified_gmt":"2020-05-24T21:44:07","slug":"casa-c-a-pablo-gagliardo","status":"publish","type":"post","link":"https:\/\/www.arquimaster.com.ar\/web\/casa-c-a-pablo-gagliardo\/","title":{"rendered":"Casa CA \/ Pablo Gagliardo, Mar\u00eda Eugenia D\u00edaz"},"content":{"rendered":"<div style=\"margin-top: 0px; margin-bottom: 0px;\" class=\"sharethis-inline-share-buttons\" ><\/div><div class=\"b812932af2e751442846f039925109de\" data-index=\"1\" style=\"float: none; margin:25px 0 25px 0; text-align:center;\">\n<script async src=\"https:\/\/pagead2.googlesyndication.com\/pagead\/js\/adsbygoogle.js\"><\/script>\r\n<!-- Arquimaster (superior) -->\r\n<ins class=\"adsbygoogle\"\r\n     style=\"display:block\"\r\n     data-ad-client=\"ca-pub-6351072698456832\"\r\n     data-ad-slot=\"6455489680\"\r\n     data-ad-format=\"auto\"\r\n     data-full-width-responsive=\"true\"><\/ins>\r\n<script>\r\n     (adsbygoogle = window.adsbygoogle || []).push({});\r\n<\/script>\n<\/div>\n<p><strong>Casa CA<\/strong> (Rosario, Pcia. de Santa Fe, Argentina) por <strong>Pablo Gagliardo<\/strong>,<strong> Mar\u00eda Eugenia D\u00edaz<\/strong>. Vivienda unifamiliar ubicada en Fisherton, un barrio principalmente residencial a pocos kil\u00f3metros del centro de la ciudad de Rosario, Argentina. El terreno, una parcela de 20&#215;60 metros en una trama regular, tiene la particularidad de ser el remate de un pasaje.<\/p>\n<p>A su vez, se encuentra entre dos lotes con algunos elementos fuertes que condicionaron la implantaci\u00f3n de la vivienda: al este, una medianera edificada constituyendo un l\u00edmite r\u00edgido y al oeste, un jard\u00edn con abundante arboleda, generando una divisi\u00f3n desdibujada de vegetaci\u00f3n. El proyecto se plantea de modo de aprovechar esta situaci\u00f3n, ados\u00e1ndose sobre la medianera construida y respetando un gran \u00e1rbol existente, abriendo los ambientes hacia el interior del terreno e integr\u00e1ndolos con la vegetaci\u00f3n.<\/p>\n<div id='gallery-1' class='gallery galleryid-34257 gallery-columns-3 gallery-size-thumbnail'><figure class='gallery-item'>\n\t\t\t<div class='gallery-icon landscape'>\n\t\t\t\t<a href='https:\/\/www.arquimaster.com.ar\/web\/wp-content\/uploads\/2018\/12\/casa_ca1.jpg' title=\"Casa CA \/ Pablo Gagliardo (\u00a9 Ramiro Sosa)\" data-rl_title=\"Casa CA \/ Pablo Gagliardo (\u00a9 Ramiro Sosa)\" class=\"rl-gallery-link\" data-rl_caption=\"Casa CA \/ Pablo Gagliardo (\u00a9 Ramiro Sosa)\" data-rel=\"lightbox-gallery-1\"><img loading=\"lazy\" decoding=\"async\" width=\"150\" height=\"150\" src=\"https:\/\/www.arquimaster.com.ar\/web\/wp-content\/uploads\/2018\/12\/casa_ca1-150x150.jpg\" class=\"attachment-thumbnail size-thumbnail\" alt=\"\" aria-describedby=\"gallery-1-34262\" srcset=\"https:\/\/www.arquimaster.com.ar\/web\/wp-content\/uploads\/2018\/12\/casa_ca1-150x150.jpg 150w, https:\/\/www.arquimaster.com.ar\/web\/wp-content\/uploads\/2018\/12\/casa_ca1-50x50.jpg 50w, https:\/\/www.arquimaster.com.ar\/web\/wp-content\/uploads\/2018\/12\/casa_ca1-125x125.jpg 125w\" sizes=\"auto, (max-width: 150px) 100vw, 150px\" \/><\/a>\n\t\t\t<\/div>\n\t\t\t\t<figcaption class='wp-caption-text gallery-caption' id='gallery-1-34262'>\n\t\t\t\tCasa CA \/ Pablo Gagliardo (\u00a9 Ramiro Sosa)\n\t\t\t\t<\/figcaption><\/figure><figure class='gallery-item'>\n\t\t\t<div class='gallery-icon landscape'>\n\t\t\t\t<a href='https:\/\/www.arquimaster.com.ar\/web\/wp-content\/uploads\/2018\/12\/casa_ca2.jpg' title=\"Casa CA \/ Pablo Gagliardo (\u00a9 Ramiro Sosa)\" data-rl_title=\"Casa CA \/ Pablo Gagliardo (\u00a9 Ramiro Sosa)\" class=\"rl-gallery-link\" data-rl_caption=\"Casa CA \/ Pablo Gagliardo (\u00a9 Ramiro Sosa)\" data-rel=\"lightbox-gallery-1\"><img loading=\"lazy\" decoding=\"async\" width=\"150\" height=\"150\" src=\"https:\/\/www.arquimaster.com.ar\/web\/wp-content\/uploads\/2018\/12\/casa_ca2-150x150.jpg\" class=\"attachment-thumbnail size-thumbnail\" alt=\"\" aria-describedby=\"gallery-1-34263\" srcset=\"https:\/\/www.arquimaster.com.ar\/web\/wp-content\/uploads\/2018\/12\/casa_ca2-150x150.jpg 150w, https:\/\/www.arquimaster.com.ar\/web\/wp-content\/uploads\/2018\/12\/casa_ca2-50x50.jpg 50w, https:\/\/www.arquimaster.com.ar\/web\/wp-content\/uploads\/2018\/12\/casa_ca2-125x125.jpg 125w\" sizes=\"auto, (max-width: 150px) 100vw, 150px\" \/><\/a>\n\t\t\t<\/div>\n\t\t\t\t<figcaption class='wp-caption-text gallery-caption' id='gallery-1-34263'>\n\t\t\t\tCasa CA \/ Pablo Gagliardo (\u00a9 Ramiro Sosa)\n\t\t\t\t<\/figcaption><\/figure><figure class='gallery-item'>\n\t\t\t<div class='gallery-icon portrait'>\n\t\t\t\t<a href='https:\/\/www.arquimaster.com.ar\/web\/wp-content\/uploads\/2018\/12\/casa_ca3.jpg' title=\"Casa CA \/ Pablo Gagliardo (\u00a9 Ramiro Sosa)\" data-rl_title=\"Casa CA \/ Pablo Gagliardo (\u00a9 Ramiro Sosa)\" class=\"rl-gallery-link\" data-rl_caption=\"Casa CA \/ Pablo Gagliardo (\u00a9 Ramiro Sosa)\" data-rel=\"lightbox-gallery-1\"><img loading=\"lazy\" decoding=\"async\" width=\"150\" height=\"150\" src=\"https:\/\/www.arquimaster.com.ar\/web\/wp-content\/uploads\/2018\/12\/casa_ca3-150x150.jpg\" class=\"attachment-thumbnail size-thumbnail\" alt=\"\" aria-describedby=\"gallery-1-34264\" srcset=\"https:\/\/www.arquimaster.com.ar\/web\/wp-content\/uploads\/2018\/12\/casa_ca3-150x150.jpg 150w, https:\/\/www.arquimaster.com.ar\/web\/wp-content\/uploads\/2018\/12\/casa_ca3-50x50.jpg 50w, https:\/\/www.arquimaster.com.ar\/web\/wp-content\/uploads\/2018\/12\/casa_ca3-125x125.jpg 125w\" sizes=\"auto, (max-width: 150px) 100vw, 150px\" \/><\/a>\n\t\t\t<\/div>\n\t\t\t\t<figcaption class='wp-caption-text gallery-caption' id='gallery-1-34264'>\n\t\t\t\tCasa CA \/ Pablo Gagliardo (\u00a9 Ramiro Sosa)\n\t\t\t\t<\/figcaption><\/figure><figure class='gallery-item'>\n\t\t\t<div class='gallery-icon landscape'>\n\t\t\t\t<a href='https:\/\/www.arquimaster.com.ar\/web\/wp-content\/uploads\/2018\/12\/casa_ca4.jpg' title=\"Casa CA \/ Pablo Gagliardo (\u00a9 Ramiro Sosa)\" data-rl_title=\"Casa CA \/ Pablo Gagliardo (\u00a9 Ramiro Sosa)\" class=\"rl-gallery-link\" data-rl_caption=\"Casa CA \/ Pablo Gagliardo (\u00a9 Ramiro Sosa)\" data-rel=\"lightbox-gallery-1\"><img loading=\"lazy\" decoding=\"async\" width=\"150\" height=\"150\" src=\"https:\/\/www.arquimaster.com.ar\/web\/wp-content\/uploads\/2018\/12\/casa_ca4-150x150.jpg\" class=\"attachment-thumbnail size-thumbnail\" alt=\"\" aria-describedby=\"gallery-1-34265\" srcset=\"https:\/\/www.arquimaster.com.ar\/web\/wp-content\/uploads\/2018\/12\/casa_ca4-150x150.jpg 150w, https:\/\/www.arquimaster.com.ar\/web\/wp-content\/uploads\/2018\/12\/casa_ca4-50x50.jpg 50w, https:\/\/www.arquimaster.com.ar\/web\/wp-content\/uploads\/2018\/12\/casa_ca4-125x125.jpg 125w\" sizes=\"auto, (max-width: 150px) 100vw, 150px\" \/><\/a>\n\t\t\t<\/div>\n\t\t\t\t<figcaption class='wp-caption-text gallery-caption' id='gallery-1-34265'>\n\t\t\t\tCasa CA \/ Pablo Gagliardo (\u00a9 Ramiro Sosa)\n\t\t\t\t<\/figcaption><\/figure><figure class='gallery-item'>\n\t\t\t<div class='gallery-icon landscape'>\n\t\t\t\t<a href='https:\/\/www.arquimaster.com.ar\/web\/wp-content\/uploads\/2018\/12\/casa_ca5.jpg' title=\"Casa CA \/ Pablo Gagliardo (\u00a9 Ramiro Sosa)\" data-rl_title=\"Casa CA \/ Pablo Gagliardo (\u00a9 Ramiro Sosa)\" class=\"rl-gallery-link\" data-rl_caption=\"Casa CA \/ Pablo Gagliardo (\u00a9 Ramiro Sosa)\" data-rel=\"lightbox-gallery-1\"><img loading=\"lazy\" decoding=\"async\" width=\"150\" height=\"150\" src=\"https:\/\/www.arquimaster.com.ar\/web\/wp-content\/uploads\/2018\/12\/casa_ca5-150x150.jpg\" class=\"attachment-thumbnail size-thumbnail\" alt=\"\" aria-describedby=\"gallery-1-34266\" srcset=\"https:\/\/www.arquimaster.com.ar\/web\/wp-content\/uploads\/2018\/12\/casa_ca5-150x150.jpg 150w, https:\/\/www.arquimaster.com.ar\/web\/wp-content\/uploads\/2018\/12\/casa_ca5-50x50.jpg 50w, https:\/\/www.arquimaster.com.ar\/web\/wp-content\/uploads\/2018\/12\/casa_ca5-125x125.jpg 125w\" sizes=\"auto, (max-width: 150px) 100vw, 150px\" \/><\/a>\n\t\t\t<\/div>\n\t\t\t\t<figcaption class='wp-caption-text gallery-caption' id='gallery-1-34266'>\n\t\t\t\tCasa CA \/ Pablo Gagliardo (\u00a9 Ramiro Sosa)\n\t\t\t\t<\/figcaption><\/figure><figure class='gallery-item'>\n\t\t\t<div class='gallery-icon landscape'>\n\t\t\t\t<a href='https:\/\/www.arquimaster.com.ar\/web\/wp-content\/uploads\/2018\/12\/casa_ca6.jpg' title=\"Casa CA \/ Pablo Gagliardo (\u00a9 Ramiro Sosa)\" data-rl_title=\"Casa CA \/ Pablo Gagliardo (\u00a9 Ramiro Sosa)\" class=\"rl-gallery-link\" data-rl_caption=\"Casa CA \/ Pablo Gagliardo (\u00a9 Ramiro Sosa)\" data-rel=\"lightbox-gallery-1\"><img loading=\"lazy\" decoding=\"async\" width=\"150\" height=\"150\" src=\"https:\/\/www.arquimaster.com.ar\/web\/wp-content\/uploads\/2018\/12\/casa_ca6-150x150.jpg\" class=\"attachment-thumbnail size-thumbnail\" alt=\"\" aria-describedby=\"gallery-1-34267\" srcset=\"https:\/\/www.arquimaster.com.ar\/web\/wp-content\/uploads\/2018\/12\/casa_ca6-150x150.jpg 150w, https:\/\/www.arquimaster.com.ar\/web\/wp-content\/uploads\/2018\/12\/casa_ca6-50x50.jpg 50w, https:\/\/www.arquimaster.com.ar\/web\/wp-content\/uploads\/2018\/12\/casa_ca6-125x125.jpg 125w\" sizes=\"auto, (max-width: 150px) 100vw, 150px\" \/><\/a>\n\t\t\t<\/div>\n\t\t\t\t<figcaption class='wp-caption-text gallery-caption' id='gallery-1-34267'>\n\t\t\t\tCasa CA \/ Pablo Gagliardo (\u00a9 Ramiro Sosa)\n\t\t\t\t<\/figcaption><\/figure><figure class='gallery-item'>\n\t\t\t<div class='gallery-icon landscape'>\n\t\t\t\t<a href='https:\/\/www.arquimaster.com.ar\/web\/wp-content\/uploads\/2018\/12\/casa_ca7.jpg' title=\"Casa CA \/ Pablo Gagliardo (\u00a9 Ramiro Sosa)\" data-rl_title=\"Casa CA \/ Pablo Gagliardo (\u00a9 Ramiro Sosa)\" class=\"rl-gallery-link\" data-rl_caption=\"Casa CA \/ Pablo Gagliardo (\u00a9 Ramiro Sosa)\" data-rel=\"lightbox-gallery-1\"><img loading=\"lazy\" decoding=\"async\" width=\"150\" height=\"150\" src=\"https:\/\/www.arquimaster.com.ar\/web\/wp-content\/uploads\/2018\/12\/casa_ca7-150x150.jpg\" class=\"attachment-thumbnail size-thumbnail\" alt=\"\" aria-describedby=\"gallery-1-34268\" srcset=\"https:\/\/www.arquimaster.com.ar\/web\/wp-content\/uploads\/2018\/12\/casa_ca7-150x150.jpg 150w, https:\/\/www.arquimaster.com.ar\/web\/wp-content\/uploads\/2018\/12\/casa_ca7-50x50.jpg 50w, https:\/\/www.arquimaster.com.ar\/web\/wp-content\/uploads\/2018\/12\/casa_ca7-125x125.jpg 125w\" sizes=\"auto, (max-width: 150px) 100vw, 150px\" \/><\/a>\n\t\t\t<\/div>\n\t\t\t\t<figcaption class='wp-caption-text gallery-caption' id='gallery-1-34268'>\n\t\t\t\tCasa CA \/ Pablo Gagliardo (\u00a9 Ramiro Sosa)\n\t\t\t\t<\/figcaption><\/figure><figure class='gallery-item'>\n\t\t\t<div class='gallery-icon landscape'>\n\t\t\t\t<a href='https:\/\/www.arquimaster.com.ar\/web\/wp-content\/uploads\/2018\/12\/casa_ca8.jpg' title=\"Casa CA \/ Pablo Gagliardo (\u00a9 Ramiro Sosa)\" data-rl_title=\"Casa CA \/ Pablo Gagliardo (\u00a9 Ramiro Sosa)\" class=\"rl-gallery-link\" data-rl_caption=\"Casa CA \/ Pablo Gagliardo (\u00a9 Ramiro Sosa)\" data-rel=\"lightbox-gallery-1\"><img loading=\"lazy\" decoding=\"async\" width=\"150\" height=\"150\" src=\"https:\/\/www.arquimaster.com.ar\/web\/wp-content\/uploads\/2018\/12\/casa_ca8-150x150.jpg\" class=\"attachment-thumbnail size-thumbnail\" alt=\"\" aria-describedby=\"gallery-1-34269\" srcset=\"https:\/\/www.arquimaster.com.ar\/web\/wp-content\/uploads\/2018\/12\/casa_ca8-150x150.jpg 150w, https:\/\/www.arquimaster.com.ar\/web\/wp-content\/uploads\/2018\/12\/casa_ca8-50x50.jpg 50w, https:\/\/www.arquimaster.com.ar\/web\/wp-content\/uploads\/2018\/12\/casa_ca8-125x125.jpg 125w\" sizes=\"auto, (max-width: 150px) 100vw, 150px\" \/><\/a>\n\t\t\t<\/div>\n\t\t\t\t<figcaption class='wp-caption-text gallery-caption' id='gallery-1-34269'>\n\t\t\t\tCasa CA \/ Pablo Gagliardo (\u00a9 Ramiro Sosa)\n\t\t\t\t<\/figcaption><\/figure><figure class='gallery-item'>\n\t\t\t<div class='gallery-icon landscape'>\n\t\t\t\t<a href='https:\/\/www.arquimaster.com.ar\/web\/wp-content\/uploads\/2018\/12\/casa_ca9.jpg' title=\"Casa CA \/ Pablo Gagliardo (\u00a9 Ramiro Sosa)\" data-rl_title=\"Casa CA \/ Pablo Gagliardo (\u00a9 Ramiro Sosa)\" class=\"rl-gallery-link\" data-rl_caption=\"Casa CA \/ Pablo Gagliardo (\u00a9 Ramiro Sosa)\" data-rel=\"lightbox-gallery-1\"><img loading=\"lazy\" decoding=\"async\" width=\"150\" height=\"150\" src=\"https:\/\/www.arquimaster.com.ar\/web\/wp-content\/uploads\/2018\/12\/casa_ca9-150x150.jpg\" class=\"attachment-thumbnail size-thumbnail\" alt=\"\" aria-describedby=\"gallery-1-34270\" srcset=\"https:\/\/www.arquimaster.com.ar\/web\/wp-content\/uploads\/2018\/12\/casa_ca9-150x150.jpg 150w, https:\/\/www.arquimaster.com.ar\/web\/wp-content\/uploads\/2018\/12\/casa_ca9-50x50.jpg 50w, https:\/\/www.arquimaster.com.ar\/web\/wp-content\/uploads\/2018\/12\/casa_ca9-125x125.jpg 125w\" sizes=\"auto, (max-width: 150px) 100vw, 150px\" \/><\/a>\n\t\t\t<\/div>\n\t\t\t\t<figcaption class='wp-caption-text gallery-caption' id='gallery-1-34270'>\n\t\t\t\tCasa CA \/ Pablo Gagliardo (\u00a9 Ramiro Sosa)\n\t\t\t\t<\/figcaption><\/figure><figure class='gallery-item'>\n\t\t\t<div class='gallery-icon landscape'>\n\t\t\t\t<a href='https:\/\/www.arquimaster.com.ar\/web\/wp-content\/uploads\/2018\/12\/casa_ca10.jpg' title=\"Casa CA \/ Pablo Gagliardo (\u00a9 Ramiro Sosa)\" data-rl_title=\"Casa CA \/ Pablo Gagliardo (\u00a9 Ramiro Sosa)\" class=\"rl-gallery-link\" data-rl_caption=\"Casa CA \/ Pablo Gagliardo (\u00a9 Ramiro Sosa)\" data-rel=\"lightbox-gallery-1\"><img loading=\"lazy\" decoding=\"async\" width=\"150\" height=\"150\" src=\"https:\/\/www.arquimaster.com.ar\/web\/wp-content\/uploads\/2018\/12\/casa_ca10-150x150.jpg\" class=\"attachment-thumbnail size-thumbnail\" alt=\"\" aria-describedby=\"gallery-1-34271\" srcset=\"https:\/\/www.arquimaster.com.ar\/web\/wp-content\/uploads\/2018\/12\/casa_ca10-150x150.jpg 150w, https:\/\/www.arquimaster.com.ar\/web\/wp-content\/uploads\/2018\/12\/casa_ca10-50x50.jpg 50w, https:\/\/www.arquimaster.com.ar\/web\/wp-content\/uploads\/2018\/12\/casa_ca10-125x125.jpg 125w\" sizes=\"auto, (max-width: 150px) 100vw, 150px\" \/><\/a>\n\t\t\t<\/div>\n\t\t\t\t<figcaption class='wp-caption-text gallery-caption' id='gallery-1-34271'>\n\t\t\t\tCasa CA \/ Pablo Gagliardo (\u00a9 Ramiro Sosa)\n\t\t\t\t<\/figcaption><\/figure><figure class='gallery-item'>\n\t\t\t<div class='gallery-icon landscape'>\n\t\t\t\t<a href='https:\/\/www.arquimaster.com.ar\/web\/wp-content\/uploads\/2018\/12\/casa_ca11.jpg' title=\"Casa CA \/ Pablo Gagliardo (\u00a9 Ramiro Sosa)\" data-rl_title=\"Casa CA \/ Pablo Gagliardo (\u00a9 Ramiro Sosa)\" class=\"rl-gallery-link\" data-rl_caption=\"Casa CA \/ Pablo Gagliardo (\u00a9 Ramiro Sosa)\" data-rel=\"lightbox-gallery-1\"><img loading=\"lazy\" decoding=\"async\" width=\"150\" height=\"150\" src=\"https:\/\/www.arquimaster.com.ar\/web\/wp-content\/uploads\/2018\/12\/casa_ca11-150x150.jpg\" class=\"attachment-thumbnail size-thumbnail\" alt=\"\" aria-describedby=\"gallery-1-34272\" srcset=\"https:\/\/www.arquimaster.com.ar\/web\/wp-content\/uploads\/2018\/12\/casa_ca11-150x150.jpg 150w, https:\/\/www.arquimaster.com.ar\/web\/wp-content\/uploads\/2018\/12\/casa_ca11-50x50.jpg 50w, https:\/\/www.arquimaster.com.ar\/web\/wp-content\/uploads\/2018\/12\/casa_ca11-125x125.jpg 125w\" sizes=\"auto, (max-width: 150px) 100vw, 150px\" \/><\/a>\n\t\t\t<\/div>\n\t\t\t\t<figcaption class='wp-caption-text gallery-caption' id='gallery-1-34272'>\n\t\t\t\tCasa CA \/ Pablo Gagliardo (\u00a9 Ramiro Sosa)\n\t\t\t\t<\/figcaption><\/figure><figure class='gallery-item'>\n\t\t\t<div class='gallery-icon portrait'>\n\t\t\t\t<a href='https:\/\/www.arquimaster.com.ar\/web\/wp-content\/uploads\/2018\/12\/casa_ca12.jpg' title=\"Casa CA \/ Pablo Gagliardo (\u00a9 Ramiro Sosa)\" data-rl_title=\"Casa CA \/ Pablo Gagliardo (\u00a9 Ramiro Sosa)\" class=\"rl-gallery-link\" data-rl_caption=\"Casa CA \/ Pablo Gagliardo (\u00a9 Ramiro Sosa)\" data-rel=\"lightbox-gallery-1\"><img loading=\"lazy\" decoding=\"async\" width=\"150\" height=\"150\" src=\"https:\/\/www.arquimaster.com.ar\/web\/wp-content\/uploads\/2018\/12\/casa_ca12-150x150.jpg\" class=\"attachment-thumbnail size-thumbnail\" alt=\"\" aria-describedby=\"gallery-1-34273\" srcset=\"https:\/\/www.arquimaster.com.ar\/web\/wp-content\/uploads\/2018\/12\/casa_ca12-150x150.jpg 150w, https:\/\/www.arquimaster.com.ar\/web\/wp-content\/uploads\/2018\/12\/casa_ca12-50x50.jpg 50w, https:\/\/www.arquimaster.com.ar\/web\/wp-content\/uploads\/2018\/12\/casa_ca12-125x125.jpg 125w\" sizes=\"auto, (max-width: 150px) 100vw, 150px\" \/><\/a>\n\t\t\t<\/div>\n\t\t\t\t<figcaption class='wp-caption-text gallery-caption' id='gallery-1-34273'>\n\t\t\t\tCasa CA \/ Pablo Gagliardo (\u00a9 Ramiro Sosa)\n\t\t\t\t<\/figcaption><\/figure><figure class='gallery-item'>\n\t\t\t<div class='gallery-icon landscape'>\n\t\t\t\t<a href='https:\/\/www.arquimaster.com.ar\/web\/wp-content\/uploads\/2018\/12\/casa_ca13.jpg' title=\"Casa CA \/ Pablo Gagliardo (\u00a9 Ramiro Sosa)\" data-rl_title=\"Casa CA \/ Pablo Gagliardo (\u00a9 Ramiro Sosa)\" class=\"rl-gallery-link\" data-rl_caption=\"Casa CA \/ Pablo Gagliardo (\u00a9 Ramiro Sosa)\" data-rel=\"lightbox-gallery-1\"><img loading=\"lazy\" decoding=\"async\" width=\"150\" height=\"150\" src=\"https:\/\/www.arquimaster.com.ar\/web\/wp-content\/uploads\/2018\/12\/casa_ca13-150x150.jpg\" class=\"attachment-thumbnail size-thumbnail\" alt=\"\" aria-describedby=\"gallery-1-34274\" srcset=\"https:\/\/www.arquimaster.com.ar\/web\/wp-content\/uploads\/2018\/12\/casa_ca13-150x150.jpg 150w, https:\/\/www.arquimaster.com.ar\/web\/wp-content\/uploads\/2018\/12\/casa_ca13-50x50.jpg 50w, https:\/\/www.arquimaster.com.ar\/web\/wp-content\/uploads\/2018\/12\/casa_ca13-125x125.jpg 125w\" sizes=\"auto, (max-width: 150px) 100vw, 150px\" \/><\/a>\n\t\t\t<\/div>\n\t\t\t\t<figcaption class='wp-caption-text gallery-caption' id='gallery-1-34274'>\n\t\t\t\tCasa CA \/ Pablo Gagliardo (\u00a9 Ramiro Sosa)\n\t\t\t\t<\/figcaption><\/figure><figure class='gallery-item'>\n\t\t\t<div class='gallery-icon landscape'>\n\t\t\t\t<a href='https:\/\/www.arquimaster.com.ar\/web\/wp-content\/uploads\/2018\/12\/casa_ca14.jpg' title=\"Casa CA \/ Pablo Gagliardo (\u00a9 Ramiro Sosa)\" data-rl_title=\"Casa CA \/ Pablo Gagliardo (\u00a9 Ramiro Sosa)\" class=\"rl-gallery-link\" data-rl_caption=\"Casa CA \/ Pablo Gagliardo (\u00a9 Ramiro Sosa)\" data-rel=\"lightbox-gallery-1\"><img loading=\"lazy\" decoding=\"async\" width=\"150\" height=\"150\" src=\"https:\/\/www.arquimaster.com.ar\/web\/wp-content\/uploads\/2018\/12\/casa_ca14-150x150.jpg\" class=\"attachment-thumbnail size-thumbnail\" alt=\"\" aria-describedby=\"gallery-1-34275\" srcset=\"https:\/\/www.arquimaster.com.ar\/web\/wp-content\/uploads\/2018\/12\/casa_ca14-150x150.jpg 150w, https:\/\/www.arquimaster.com.ar\/web\/wp-content\/uploads\/2018\/12\/casa_ca14-1024x1024.jpg 1024w, https:\/\/www.arquimaster.com.ar\/web\/wp-content\/uploads\/2018\/12\/casa_ca14-768x768.jpg 768w, https:\/\/www.arquimaster.com.ar\/web\/wp-content\/uploads\/2018\/12\/casa_ca14-50x50.jpg 50w, https:\/\/www.arquimaster.com.ar\/web\/wp-content\/uploads\/2018\/12\/casa_ca14-125x125.jpg 125w, https:\/\/www.arquimaster.com.ar\/web\/wp-content\/uploads\/2018\/12\/casa_ca14.jpg 1500w\" sizes=\"auto, (max-width: 150px) 100vw, 150px\" \/><\/a>\n\t\t\t<\/div>\n\t\t\t\t<figcaption class='wp-caption-text gallery-caption' id='gallery-1-34275'>\n\t\t\t\tCasa CA \/ Pablo Gagliardo (\u00a9 Ramiro Sosa)\n\t\t\t\t<\/figcaption><\/figure><figure class='gallery-item'>\n\t\t\t<div class='gallery-icon portrait'>\n\t\t\t\t<a href='https:\/\/www.arquimaster.com.ar\/web\/wp-content\/uploads\/2018\/12\/casa_ca15.jpg' title=\"Casa CA \/ Pablo Gagliardo (\u00a9 Ramiro Sosa)\" data-rl_title=\"Casa CA \/ Pablo Gagliardo (\u00a9 Ramiro Sosa)\" class=\"rl-gallery-link\" data-rl_caption=\"Casa CA \/ Pablo Gagliardo (\u00a9 Ramiro Sosa)\" data-rel=\"lightbox-gallery-1\"><img loading=\"lazy\" decoding=\"async\" width=\"150\" height=\"150\" src=\"https:\/\/www.arquimaster.com.ar\/web\/wp-content\/uploads\/2018\/12\/casa_ca15-150x150.jpg\" class=\"attachment-thumbnail size-thumbnail\" alt=\"\" aria-describedby=\"gallery-1-34276\" srcset=\"https:\/\/www.arquimaster.com.ar\/web\/wp-content\/uploads\/2018\/12\/casa_ca15-150x150.jpg 150w, https:\/\/www.arquimaster.com.ar\/web\/wp-content\/uploads\/2018\/12\/casa_ca15-50x50.jpg 50w, https:\/\/www.arquimaster.com.ar\/web\/wp-content\/uploads\/2018\/12\/casa_ca15-125x125.jpg 125w\" sizes=\"auto, (max-width: 150px) 100vw, 150px\" \/><\/a>\n\t\t\t<\/div>\n\t\t\t\t<figcaption class='wp-caption-text gallery-caption' id='gallery-1-34276'>\n\t\t\t\tCasa CA \/ Pablo Gagliardo (\u00a9 Ramiro Sosa)\n\t\t\t\t<\/figcaption><\/figure><figure class='gallery-item'>\n\t\t\t<div class='gallery-icon portrait'>\n\t\t\t\t<a href='https:\/\/www.arquimaster.com.ar\/web\/wp-content\/uploads\/2018\/12\/casa_ca16.jpg' title=\"Casa CA \/ Pablo Gagliardo (\u00a9 Ramiro Sosa)\" data-rl_title=\"Casa CA \/ Pablo Gagliardo (\u00a9 Ramiro Sosa)\" class=\"rl-gallery-link\" data-rl_caption=\"Casa CA \/ Pablo Gagliardo (\u00a9 Ramiro Sosa)\" data-rel=\"lightbox-gallery-1\"><img loading=\"lazy\" decoding=\"async\" width=\"150\" height=\"150\" src=\"https:\/\/www.arquimaster.com.ar\/web\/wp-content\/uploads\/2018\/12\/casa_ca16-150x150.jpg\" class=\"attachment-thumbnail size-thumbnail\" alt=\"\" aria-describedby=\"gallery-1-34277\" srcset=\"https:\/\/www.arquimaster.com.ar\/web\/wp-content\/uploads\/2018\/12\/casa_ca16-150x150.jpg 150w, https:\/\/www.arquimaster.com.ar\/web\/wp-content\/uploads\/2018\/12\/casa_ca16-50x50.jpg 50w, https:\/\/www.arquimaster.com.ar\/web\/wp-content\/uploads\/2018\/12\/casa_ca16-125x125.jpg 125w\" sizes=\"auto, (max-width: 150px) 100vw, 150px\" \/><\/a>\n\t\t\t<\/div>\n\t\t\t\t<figcaption class='wp-caption-text gallery-caption' id='gallery-1-34277'>\n\t\t\t\tCasa CA \/ Pablo Gagliardo (\u00a9 Ramiro Sosa)\n\t\t\t\t<\/figcaption><\/figure><figure class='gallery-item'>\n\t\t\t<div class='gallery-icon landscape'>\n\t\t\t\t<a href='https:\/\/www.arquimaster.com.ar\/web\/wp-content\/uploads\/2018\/12\/casa_ca17.jpg' title=\"Casa CA \/ Pablo Gagliardo (\u00a9 Ramiro Sosa)\" data-rl_title=\"Casa CA \/ Pablo Gagliardo (\u00a9 Ramiro Sosa)\" class=\"rl-gallery-link\" data-rl_caption=\"Casa CA \/ Pablo Gagliardo (\u00a9 Ramiro Sosa)\" data-rel=\"lightbox-gallery-1\"><img loading=\"lazy\" decoding=\"async\" width=\"150\" height=\"150\" src=\"https:\/\/www.arquimaster.com.ar\/web\/wp-content\/uploads\/2018\/12\/casa_ca17-150x150.jpg\" class=\"attachment-thumbnail size-thumbnail\" alt=\"\" aria-describedby=\"gallery-1-34278\" srcset=\"https:\/\/www.arquimaster.com.ar\/web\/wp-content\/uploads\/2018\/12\/casa_ca17-150x150.jpg 150w, https:\/\/www.arquimaster.com.ar\/web\/wp-content\/uploads\/2018\/12\/casa_ca17-50x50.jpg 50w, https:\/\/www.arquimaster.com.ar\/web\/wp-content\/uploads\/2018\/12\/casa_ca17-125x125.jpg 125w\" sizes=\"auto, (max-width: 150px) 100vw, 150px\" \/><\/a>\n\t\t\t<\/div>\n\t\t\t\t<figcaption class='wp-caption-text gallery-caption' id='gallery-1-34278'>\n\t\t\t\tCasa CA \/ Pablo Gagliardo (\u00a9 Ramiro Sosa)\n\t\t\t\t<\/figcaption><\/figure><figure class='gallery-item'>\n\t\t\t<div class='gallery-icon landscape'>\n\t\t\t\t<a href='https:\/\/www.arquimaster.com.ar\/web\/wp-content\/uploads\/2018\/12\/casa_ca18.jpg' title=\"Casa CA \/ Pablo Gagliardo (\u00a9 Ramiro Sosa)\" data-rl_title=\"Casa CA \/ Pablo Gagliardo (\u00a9 Ramiro Sosa)\" class=\"rl-gallery-link\" data-rl_caption=\"Casa CA \/ Pablo Gagliardo (\u00a9 Ramiro Sosa)\" data-rel=\"lightbox-gallery-1\"><img loading=\"lazy\" decoding=\"async\" width=\"150\" height=\"150\" src=\"https:\/\/www.arquimaster.com.ar\/web\/wp-content\/uploads\/2018\/12\/casa_ca18-150x150.jpg\" class=\"attachment-thumbnail size-thumbnail\" alt=\"\" aria-describedby=\"gallery-1-34279\" srcset=\"https:\/\/www.arquimaster.com.ar\/web\/wp-content\/uploads\/2018\/12\/casa_ca18-150x150.jpg 150w, https:\/\/www.arquimaster.com.ar\/web\/wp-content\/uploads\/2018\/12\/casa_ca18-50x50.jpg 50w, https:\/\/www.arquimaster.com.ar\/web\/wp-content\/uploads\/2018\/12\/casa_ca18-125x125.jpg 125w\" sizes=\"auto, (max-width: 150px) 100vw, 150px\" \/><\/a>\n\t\t\t<\/div>\n\t\t\t\t<figcaption class='wp-caption-text gallery-caption' id='gallery-1-34279'>\n\t\t\t\tCasa CA \/ Pablo Gagliardo (\u00a9 Ramiro Sosa)\n\t\t\t\t<\/figcaption><\/figure><figure class='gallery-item'>\n\t\t\t<div class='gallery-icon landscape'>\n\t\t\t\t<a href='https:\/\/www.arquimaster.com.ar\/web\/wp-content\/uploads\/2018\/12\/casa_ca19.jpg' title=\"Casa CA \/ Pablo Gagliardo (\u00a9 Ramiro Sosa)\" data-rl_title=\"Casa CA \/ Pablo Gagliardo (\u00a9 Ramiro Sosa)\" class=\"rl-gallery-link\" data-rl_caption=\"Casa CA \/ Pablo Gagliardo (\u00a9 Ramiro Sosa)\" data-rel=\"lightbox-gallery-1\"><img loading=\"lazy\" decoding=\"async\" width=\"150\" height=\"150\" src=\"https:\/\/www.arquimaster.com.ar\/web\/wp-content\/uploads\/2018\/12\/casa_ca19-150x150.jpg\" class=\"attachment-thumbnail size-thumbnail\" alt=\"\" aria-describedby=\"gallery-1-34280\" srcset=\"https:\/\/www.arquimaster.com.ar\/web\/wp-content\/uploads\/2018\/12\/casa_ca19-150x150.jpg 150w, https:\/\/www.arquimaster.com.ar\/web\/wp-content\/uploads\/2018\/12\/casa_ca19-50x50.jpg 50w, https:\/\/www.arquimaster.com.ar\/web\/wp-content\/uploads\/2018\/12\/casa_ca19-125x125.jpg 125w\" sizes=\"auto, (max-width: 150px) 100vw, 150px\" \/><\/a>\n\t\t\t<\/div>\n\t\t\t\t<figcaption class='wp-caption-text gallery-caption' id='gallery-1-34280'>\n\t\t\t\tCasa CA \/ Pablo Gagliardo (\u00a9 Ramiro Sosa)\n\t\t\t\t<\/figcaption><\/figure><figure class='gallery-item'>\n\t\t\t<div class='gallery-icon landscape'>\n\t\t\t\t<a href='https:\/\/www.arquimaster.com.ar\/web\/wp-content\/uploads\/2018\/12\/casa_ca20.jpg' title=\"Casa CA \/ Pablo Gagliardo (\u00a9 Ramiro Sosa)\" data-rl_title=\"Casa CA \/ Pablo Gagliardo (\u00a9 Ramiro Sosa)\" class=\"rl-gallery-link\" data-rl_caption=\"Casa CA \/ Pablo Gagliardo (\u00a9 Ramiro Sosa)\" data-rel=\"lightbox-gallery-1\"><img loading=\"lazy\" decoding=\"async\" width=\"150\" height=\"150\" src=\"https:\/\/www.arquimaster.com.ar\/web\/wp-content\/uploads\/2018\/12\/casa_ca20-150x150.jpg\" class=\"attachment-thumbnail size-thumbnail\" alt=\"\" aria-describedby=\"gallery-1-34281\" srcset=\"https:\/\/www.arquimaster.com.ar\/web\/wp-content\/uploads\/2018\/12\/casa_ca20-150x150.jpg 150w, https:\/\/www.arquimaster.com.ar\/web\/wp-content\/uploads\/2018\/12\/casa_ca20-50x50.jpg 50w, https:\/\/www.arquimaster.com.ar\/web\/wp-content\/uploads\/2018\/12\/casa_ca20-125x125.jpg 125w\" sizes=\"auto, (max-width: 150px) 100vw, 150px\" \/><\/a>\n\t\t\t<\/div>\n\t\t\t\t<figcaption class='wp-caption-text gallery-caption' id='gallery-1-34281'>\n\t\t\t\tCasa CA \/ Pablo Gagliardo (\u00a9 Ramiro Sosa)\n\t\t\t\t<\/figcaption><\/figure><figure class='gallery-item'>\n\t\t\t<div class='gallery-icon landscape'>\n\t\t\t\t<a href='https:\/\/www.arquimaster.com.ar\/web\/wp-content\/uploads\/2018\/12\/casa_ca21.jpg' title=\"Casa CA \/ Pablo Gagliardo (\u00a9 Ramiro Sosa)\" data-rl_title=\"Casa CA \/ Pablo Gagliardo (\u00a9 Ramiro Sosa)\" class=\"rl-gallery-link\" data-rl_caption=\"Casa CA \/ Pablo Gagliardo (\u00a9 Ramiro Sosa)\" data-rel=\"lightbox-gallery-1\"><img loading=\"lazy\" decoding=\"async\" width=\"150\" height=\"150\" src=\"https:\/\/www.arquimaster.com.ar\/web\/wp-content\/uploads\/2018\/12\/casa_ca21-150x150.jpg\" class=\"attachment-thumbnail size-thumbnail\" alt=\"\" aria-describedby=\"gallery-1-34282\" srcset=\"https:\/\/www.arquimaster.com.ar\/web\/wp-content\/uploads\/2018\/12\/casa_ca21-150x150.jpg 150w, https:\/\/www.arquimaster.com.ar\/web\/wp-content\/uploads\/2018\/12\/casa_ca21-50x50.jpg 50w, https:\/\/www.arquimaster.com.ar\/web\/wp-content\/uploads\/2018\/12\/casa_ca21-125x125.jpg 125w\" sizes=\"auto, (max-width: 150px) 100vw, 150px\" \/><\/a>\n\t\t\t<\/div>\n\t\t\t\t<figcaption class='wp-caption-text gallery-caption' id='gallery-1-34282'>\n\t\t\t\tCasa CA \/ Pablo Gagliardo (\u00a9 Ramiro Sosa)\n\t\t\t\t<\/figcaption><\/figure>\n\t\t<\/div>\n\n<p>El frente de la vivienda, orientado al sur, es m\u00e1s cerrado y privado, mientras que el programa se abre al interior del terreno, orientando al norte todas las \u00e1reas sociales y regulando la privacidad de los espacios habitables. El uso del hormig\u00f3n en la estructura, permite generar superficies vidriadas continuas, lo cual diluye los l\u00edmites e integra totalmente el jard\u00edn con el interior, y a los ambientes entre si, dando la sensaci\u00f3n de un \u00fanico espacio. Como cerramiento del ingreso se utiliza una malla cima, que es el alma del hormig\u00f3n armado, y que con el tiempo, se ir\u00e1 cubriendo con vegetaci\u00f3n, simulando un proceso verde de hormigonado.<\/p>\n<div id='gallery-2' class='gallery galleryid-34257 gallery-columns-3 gallery-size-thumbnail'><figure class='gallery-item'>\n\t\t\t<div class='gallery-icon landscape'>\n\t\t\t\t<a href='https:\/\/www.arquimaster.com.ar\/web\/wp-content\/uploads\/2018\/12\/casa_ca22.jpg' title=\"Casa CA \/ Pablo Gagliardo (\u00a9 Ramiro Sosa)\" data-rl_title=\"Casa CA \/ Pablo Gagliardo (\u00a9 Ramiro Sosa)\" class=\"rl-gallery-link\" data-rl_caption=\"Casa CA \/ Pablo Gagliardo (\u00a9 Ramiro Sosa)\" data-rel=\"lightbox-gallery-2\"><img loading=\"lazy\" decoding=\"async\" width=\"150\" height=\"150\" src=\"https:\/\/www.arquimaster.com.ar\/web\/wp-content\/uploads\/2018\/12\/casa_ca22-150x150.jpg\" class=\"attachment-thumbnail size-thumbnail\" alt=\"\" aria-describedby=\"gallery-2-34283\" srcset=\"https:\/\/www.arquimaster.com.ar\/web\/wp-content\/uploads\/2018\/12\/casa_ca22-150x150.jpg 150w, https:\/\/www.arquimaster.com.ar\/web\/wp-content\/uploads\/2018\/12\/casa_ca22-50x50.jpg 50w, https:\/\/www.arquimaster.com.ar\/web\/wp-content\/uploads\/2018\/12\/casa_ca22-125x125.jpg 125w\" sizes=\"auto, (max-width: 150px) 100vw, 150px\" \/><\/a>\n\t\t\t<\/div>\n\t\t\t\t<figcaption class='wp-caption-text gallery-caption' id='gallery-2-34283'>\n\t\t\t\tCasa CA \/ Pablo Gagliardo (\u00a9 Ramiro Sosa)\n\t\t\t\t<\/figcaption><\/figure><figure class='gallery-item'>\n\t\t\t<div class='gallery-icon landscape'>\n\t\t\t\t<a href='https:\/\/www.arquimaster.com.ar\/web\/wp-content\/uploads\/2018\/12\/casa_ca23.jpg' title=\"Casa CA \/ Pablo Gagliardo (\u00a9 Ramiro Sosa)\" data-rl_title=\"Casa CA \/ Pablo Gagliardo (\u00a9 Ramiro Sosa)\" class=\"rl-gallery-link\" data-rl_caption=\"Casa CA \/ Pablo Gagliardo (\u00a9 Ramiro Sosa)\" data-rel=\"lightbox-gallery-2\"><img loading=\"lazy\" decoding=\"async\" width=\"150\" height=\"150\" src=\"https:\/\/www.arquimaster.com.ar\/web\/wp-content\/uploads\/2018\/12\/casa_ca23-150x150.jpg\" class=\"attachment-thumbnail size-thumbnail\" alt=\"\" aria-describedby=\"gallery-2-34284\" srcset=\"https:\/\/www.arquimaster.com.ar\/web\/wp-content\/uploads\/2018\/12\/casa_ca23-150x150.jpg 150w, https:\/\/www.arquimaster.com.ar\/web\/wp-content\/uploads\/2018\/12\/casa_ca23-50x50.jpg 50w, https:\/\/www.arquimaster.com.ar\/web\/wp-content\/uploads\/2018\/12\/casa_ca23-125x125.jpg 125w\" sizes=\"auto, (max-width: 150px) 100vw, 150px\" \/><\/a>\n\t\t\t<\/div>\n\t\t\t\t<figcaption class='wp-caption-text gallery-caption' id='gallery-2-34284'>\n\t\t\t\tCasa CA \/ Pablo Gagliardo (\u00a9 Ramiro Sosa)\n\t\t\t\t<\/figcaption><\/figure><figure class='gallery-item'>\n\t\t\t<div class='gallery-icon landscape'>\n\t\t\t\t<a href='https:\/\/www.arquimaster.com.ar\/web\/wp-content\/uploads\/2018\/12\/casa_ca24.jpg' title=\"Casa CA \/ Pablo Gagliardo (\u00a9 Ramiro Sosa)\" data-rl_title=\"Casa CA \/ Pablo Gagliardo (\u00a9 Ramiro Sosa)\" class=\"rl-gallery-link\" data-rl_caption=\"Casa CA \/ Pablo Gagliardo (\u00a9 Ramiro Sosa)\" data-rel=\"lightbox-gallery-2\"><img loading=\"lazy\" decoding=\"async\" width=\"150\" height=\"150\" src=\"https:\/\/www.arquimaster.com.ar\/web\/wp-content\/uploads\/2018\/12\/casa_ca24-150x150.jpg\" class=\"attachment-thumbnail size-thumbnail\" alt=\"\" aria-describedby=\"gallery-2-34285\" srcset=\"https:\/\/www.arquimaster.com.ar\/web\/wp-content\/uploads\/2018\/12\/casa_ca24-150x150.jpg 150w, https:\/\/www.arquimaster.com.ar\/web\/wp-content\/uploads\/2018\/12\/casa_ca24-50x50.jpg 50w, https:\/\/www.arquimaster.com.ar\/web\/wp-content\/uploads\/2018\/12\/casa_ca24-125x125.jpg 125w\" sizes=\"auto, (max-width: 150px) 100vw, 150px\" \/><\/a>\n\t\t\t<\/div>\n\t\t\t\t<figcaption class='wp-caption-text gallery-caption' id='gallery-2-34285'>\n\t\t\t\tCasa CA \/ Pablo Gagliardo (\u00a9 Ramiro Sosa)\n\t\t\t\t<\/figcaption><\/figure><figure class='gallery-item'>\n\t\t\t<div class='gallery-icon landscape'>\n\t\t\t\t<a href='https:\/\/www.arquimaster.com.ar\/web\/wp-content\/uploads\/2018\/12\/casa_ca25.jpg' title=\"Casa CA \/ Pablo Gagliardo (\u00a9 Ramiro Sosa)\" data-rl_title=\"Casa CA \/ Pablo Gagliardo (\u00a9 Ramiro Sosa)\" class=\"rl-gallery-link\" data-rl_caption=\"Casa CA \/ Pablo Gagliardo (\u00a9 Ramiro Sosa)\" data-rel=\"lightbox-gallery-2\"><img loading=\"lazy\" decoding=\"async\" width=\"150\" height=\"150\" src=\"https:\/\/www.arquimaster.com.ar\/web\/wp-content\/uploads\/2018\/12\/casa_ca25-150x150.jpg\" class=\"attachment-thumbnail size-thumbnail\" alt=\"\" aria-describedby=\"gallery-2-34286\" srcset=\"https:\/\/www.arquimaster.com.ar\/web\/wp-content\/uploads\/2018\/12\/casa_ca25-150x150.jpg 150w, https:\/\/www.arquimaster.com.ar\/web\/wp-content\/uploads\/2018\/12\/casa_ca25-50x50.jpg 50w, https:\/\/www.arquimaster.com.ar\/web\/wp-content\/uploads\/2018\/12\/casa_ca25-125x125.jpg 125w\" sizes=\"auto, (max-width: 150px) 100vw, 150px\" \/><\/a>\n\t\t\t<\/div>\n\t\t\t\t<figcaption class='wp-caption-text gallery-caption' id='gallery-2-34286'>\n\t\t\t\tCasa CA \/ Pablo Gagliardo (\u00a9 Ramiro Sosa)\n\t\t\t\t<\/figcaption><\/figure><figure class='gallery-item'>\n\t\t\t<div class='gallery-icon landscape'>\n\t\t\t\t<a href='https:\/\/www.arquimaster.com.ar\/web\/wp-content\/uploads\/2018\/12\/casa_ca26.jpg' title=\"Casa CA \/ Pablo Gagliardo (\u00a9 Ramiro Sosa)\" data-rl_title=\"Casa CA \/ Pablo Gagliardo (\u00a9 Ramiro Sosa)\" class=\"rl-gallery-link\" data-rl_caption=\"Casa CA \/ Pablo Gagliardo (\u00a9 Ramiro Sosa)\" data-rel=\"lightbox-gallery-2\"><img loading=\"lazy\" decoding=\"async\" width=\"150\" height=\"150\" src=\"https:\/\/www.arquimaster.com.ar\/web\/wp-content\/uploads\/2018\/12\/casa_ca26-150x150.jpg\" class=\"attachment-thumbnail size-thumbnail\" alt=\"\" aria-describedby=\"gallery-2-34287\" srcset=\"https:\/\/www.arquimaster.com.ar\/web\/wp-content\/uploads\/2018\/12\/casa_ca26-150x150.jpg 150w, https:\/\/www.arquimaster.com.ar\/web\/wp-content\/uploads\/2018\/12\/casa_ca26-50x50.jpg 50w, https:\/\/www.arquimaster.com.ar\/web\/wp-content\/uploads\/2018\/12\/casa_ca26-125x125.jpg 125w\" sizes=\"auto, (max-width: 150px) 100vw, 150px\" \/><\/a>\n\t\t\t<\/div>\n\t\t\t\t<figcaption class='wp-caption-text gallery-caption' id='gallery-2-34287'>\n\t\t\t\tCasa CA \/ Pablo Gagliardo (\u00a9 Ramiro Sosa)\n\t\t\t\t<\/figcaption><\/figure><figure class='gallery-item'>\n\t\t\t<div class='gallery-icon landscape'>\n\t\t\t\t<a href='https:\/\/www.arquimaster.com.ar\/web\/wp-content\/uploads\/2018\/12\/casa_ca27.jpg' title=\"Casa CA \/ Pablo Gagliardo (\u00a9 Ramiro Sosa)\" data-rl_title=\"Casa CA \/ Pablo Gagliardo (\u00a9 Ramiro Sosa)\" class=\"rl-gallery-link\" data-rl_caption=\"Casa CA \/ Pablo Gagliardo (\u00a9 Ramiro Sosa)\" data-rel=\"lightbox-gallery-2\"><img loading=\"lazy\" decoding=\"async\" width=\"150\" height=\"150\" src=\"https:\/\/www.arquimaster.com.ar\/web\/wp-content\/uploads\/2018\/12\/casa_ca27-150x150.jpg\" class=\"attachment-thumbnail size-thumbnail\" alt=\"\" aria-describedby=\"gallery-2-34288\" srcset=\"https:\/\/www.arquimaster.com.ar\/web\/wp-content\/uploads\/2018\/12\/casa_ca27-150x150.jpg 150w, https:\/\/www.arquimaster.com.ar\/web\/wp-content\/uploads\/2018\/12\/casa_ca27-50x50.jpg 50w, https:\/\/www.arquimaster.com.ar\/web\/wp-content\/uploads\/2018\/12\/casa_ca27-125x125.jpg 125w\" sizes=\"auto, (max-width: 150px) 100vw, 150px\" \/><\/a>\n\t\t\t<\/div>\n\t\t\t\t<figcaption class='wp-caption-text gallery-caption' id='gallery-2-34288'>\n\t\t\t\tCasa CA \/ Pablo Gagliardo (\u00a9 Ramiro Sosa)\n\t\t\t\t<\/figcaption><\/figure><figure class='gallery-item'>\n\t\t\t<div class='gallery-icon portrait'>\n\t\t\t\t<a href='https:\/\/www.arquimaster.com.ar\/web\/wp-content\/uploads\/2018\/12\/casa_ca28.jpg' title=\"Casa CA \/ Pablo Gagliardo (\u00a9 Ramiro Sosa)\" data-rl_title=\"Casa CA \/ Pablo Gagliardo (\u00a9 Ramiro Sosa)\" class=\"rl-gallery-link\" data-rl_caption=\"Casa CA \/ Pablo Gagliardo (\u00a9 Ramiro Sosa)\" data-rel=\"lightbox-gallery-2\"><img loading=\"lazy\" decoding=\"async\" width=\"150\" height=\"150\" src=\"https:\/\/www.arquimaster.com.ar\/web\/wp-content\/uploads\/2018\/12\/casa_ca28-150x150.jpg\" class=\"attachment-thumbnail size-thumbnail\" alt=\"\" aria-describedby=\"gallery-2-34289\" srcset=\"https:\/\/www.arquimaster.com.ar\/web\/wp-content\/uploads\/2018\/12\/casa_ca28-150x150.jpg 150w, https:\/\/www.arquimaster.com.ar\/web\/wp-content\/uploads\/2018\/12\/casa_ca28-50x50.jpg 50w, https:\/\/www.arquimaster.com.ar\/web\/wp-content\/uploads\/2018\/12\/casa_ca28-125x125.jpg 125w\" sizes=\"auto, (max-width: 150px) 100vw, 150px\" \/><\/a>\n\t\t\t<\/div>\n\t\t\t\t<figcaption class='wp-caption-text gallery-caption' id='gallery-2-34289'>\n\t\t\t\tCasa CA \/ Pablo Gagliardo (\u00a9 Ramiro Sosa)\n\t\t\t\t<\/figcaption><\/figure><figure class='gallery-item'>\n\t\t\t<div class='gallery-icon landscape'>\n\t\t\t\t<a href='https:\/\/www.arquimaster.com.ar\/web\/wp-content\/uploads\/2018\/12\/casa_ca29.jpg' title=\"Casa CA \/ Pablo Gagliardo (\u00a9 Ramiro Sosa)\" data-rl_title=\"Casa CA \/ Pablo Gagliardo (\u00a9 Ramiro Sosa)\" class=\"rl-gallery-link\" data-rl_caption=\"Casa CA \/ Pablo Gagliardo (\u00a9 Ramiro Sosa)\" data-rel=\"lightbox-gallery-2\"><img loading=\"lazy\" decoding=\"async\" width=\"150\" height=\"150\" src=\"https:\/\/www.arquimaster.com.ar\/web\/wp-content\/uploads\/2018\/12\/casa_ca29-150x150.jpg\" class=\"attachment-thumbnail size-thumbnail\" alt=\"\" aria-describedby=\"gallery-2-34290\" srcset=\"https:\/\/www.arquimaster.com.ar\/web\/wp-content\/uploads\/2018\/12\/casa_ca29-150x150.jpg 150w, https:\/\/www.arquimaster.com.ar\/web\/wp-content\/uploads\/2018\/12\/casa_ca29-50x50.jpg 50w, https:\/\/www.arquimaster.com.ar\/web\/wp-content\/uploads\/2018\/12\/casa_ca29-125x125.jpg 125w\" sizes=\"auto, (max-width: 150px) 100vw, 150px\" \/><\/a>\n\t\t\t<\/div>\n\t\t\t\t<figcaption class='wp-caption-text gallery-caption' id='gallery-2-34290'>\n\t\t\t\tCasa CA \/ Pablo Gagliardo (\u00a9 Ramiro Sosa)\n\t\t\t\t<\/figcaption><\/figure><figure class='gallery-item'>\n\t\t\t<div class='gallery-icon landscape'>\n\t\t\t\t<a href='https:\/\/www.arquimaster.com.ar\/web\/wp-content\/uploads\/2018\/12\/casa_ca30.jpg' title=\"Casa CA \/ Pablo Gagliardo (\u00a9 Ramiro Sosa)\" data-rl_title=\"Casa CA \/ Pablo Gagliardo (\u00a9 Ramiro Sosa)\" class=\"rl-gallery-link\" data-rl_caption=\"Casa CA \/ Pablo Gagliardo (\u00a9 Ramiro Sosa)\" data-rel=\"lightbox-gallery-2\"><img loading=\"lazy\" decoding=\"async\" width=\"150\" height=\"150\" src=\"https:\/\/www.arquimaster.com.ar\/web\/wp-content\/uploads\/2018\/12\/casa_ca30-150x150.jpg\" class=\"attachment-thumbnail size-thumbnail\" alt=\"\" aria-describedby=\"gallery-2-34291\" srcset=\"https:\/\/www.arquimaster.com.ar\/web\/wp-content\/uploads\/2018\/12\/casa_ca30-150x150.jpg 150w, https:\/\/www.arquimaster.com.ar\/web\/wp-content\/uploads\/2018\/12\/casa_ca30-50x50.jpg 50w, https:\/\/www.arquimaster.com.ar\/web\/wp-content\/uploads\/2018\/12\/casa_ca30-125x125.jpg 125w\" sizes=\"auto, (max-width: 150px) 100vw, 150px\" \/><\/a>\n\t\t\t<\/div>\n\t\t\t\t<figcaption class='wp-caption-text gallery-caption' id='gallery-2-34291'>\n\t\t\t\tCasa CA \/ Pablo Gagliardo (\u00a9 Ramiro Sosa)\n\t\t\t\t<\/figcaption><\/figure><figure class='gallery-item'>\n\t\t\t<div class='gallery-icon landscape'>\n\t\t\t\t<a href='https:\/\/www.arquimaster.com.ar\/web\/wp-content\/uploads\/2018\/12\/casa_ca31.jpg' title=\"Casa CA \/ Pablo Gagliardo (\u00a9 Ramiro Sosa)\" data-rl_title=\"Casa CA \/ Pablo Gagliardo (\u00a9 Ramiro Sosa)\" class=\"rl-gallery-link\" data-rl_caption=\"Casa CA \/ Pablo Gagliardo (\u00a9 Ramiro Sosa)\" data-rel=\"lightbox-gallery-2\"><img loading=\"lazy\" decoding=\"async\" width=\"150\" height=\"150\" src=\"https:\/\/www.arquimaster.com.ar\/web\/wp-content\/uploads\/2018\/12\/casa_ca31-150x150.jpg\" class=\"attachment-thumbnail size-thumbnail\" alt=\"\" aria-describedby=\"gallery-2-34292\" srcset=\"https:\/\/www.arquimaster.com.ar\/web\/wp-content\/uploads\/2018\/12\/casa_ca31-150x150.jpg 150w, https:\/\/www.arquimaster.com.ar\/web\/wp-content\/uploads\/2018\/12\/casa_ca31-50x50.jpg 50w, https:\/\/www.arquimaster.com.ar\/web\/wp-content\/uploads\/2018\/12\/casa_ca31-125x125.jpg 125w\" sizes=\"auto, (max-width: 150px) 100vw, 150px\" \/><\/a>\n\t\t\t<\/div>\n\t\t\t\t<figcaption class='wp-caption-text gallery-caption' id='gallery-2-34292'>\n\t\t\t\tCasa CA \/ Pablo Gagliardo (\u00a9 Ramiro Sosa)\n\t\t\t\t<\/figcaption><\/figure><figure class='gallery-item'>\n\t\t\t<div class='gallery-icon portrait'>\n\t\t\t\t<a href='https:\/\/www.arquimaster.com.ar\/web\/wp-content\/uploads\/2018\/12\/casa_ca32.jpg' title=\"Casa CA \/ Pablo Gagliardo (\u00a9 Ramiro Sosa)\" data-rl_title=\"Casa CA \/ Pablo Gagliardo (\u00a9 Ramiro Sosa)\" class=\"rl-gallery-link\" data-rl_caption=\"Casa CA \/ Pablo Gagliardo (\u00a9 Ramiro Sosa)\" data-rel=\"lightbox-gallery-2\"><img loading=\"lazy\" decoding=\"async\" width=\"150\" height=\"150\" src=\"https:\/\/www.arquimaster.com.ar\/web\/wp-content\/uploads\/2018\/12\/casa_ca32-150x150.jpg\" class=\"attachment-thumbnail size-thumbnail\" alt=\"\" aria-describedby=\"gallery-2-34293\" srcset=\"https:\/\/www.arquimaster.com.ar\/web\/wp-content\/uploads\/2018\/12\/casa_ca32-150x150.jpg 150w, https:\/\/www.arquimaster.com.ar\/web\/wp-content\/uploads\/2018\/12\/casa_ca32-50x50.jpg 50w, https:\/\/www.arquimaster.com.ar\/web\/wp-content\/uploads\/2018\/12\/casa_ca32-125x125.jpg 125w\" sizes=\"auto, (max-width: 150px) 100vw, 150px\" \/><\/a>\n\t\t\t<\/div>\n\t\t\t\t<figcaption class='wp-caption-text gallery-caption' id='gallery-2-34293'>\n\t\t\t\tCasa CA \/ Pablo Gagliardo (\u00a9 Ramiro Sosa)\n\t\t\t\t<\/figcaption><\/figure><figure class='gallery-item'>\n\t\t\t<div class='gallery-icon portrait'>\n\t\t\t\t<a href='https:\/\/www.arquimaster.com.ar\/web\/wp-content\/uploads\/2018\/12\/casa_ca33.jpg' title=\"Casa CA \/ Pablo Gagliardo (\u00a9 Ramiro Sosa)\" data-rl_title=\"Casa CA \/ Pablo Gagliardo (\u00a9 Ramiro Sosa)\" class=\"rl-gallery-link\" data-rl_caption=\"Casa CA \/ Pablo Gagliardo (\u00a9 Ramiro Sosa)\" data-rel=\"lightbox-gallery-2\"><img loading=\"lazy\" decoding=\"async\" width=\"150\" height=\"150\" src=\"https:\/\/www.arquimaster.com.ar\/web\/wp-content\/uploads\/2018\/12\/casa_ca33-150x150.jpg\" class=\"attachment-thumbnail size-thumbnail\" alt=\"\" aria-describedby=\"gallery-2-34294\" srcset=\"https:\/\/www.arquimaster.com.ar\/web\/wp-content\/uploads\/2018\/12\/casa_ca33-150x150.jpg 150w, https:\/\/www.arquimaster.com.ar\/web\/wp-content\/uploads\/2018\/12\/casa_ca33-50x50.jpg 50w, https:\/\/www.arquimaster.com.ar\/web\/wp-content\/uploads\/2018\/12\/casa_ca33-125x125.jpg 125w\" sizes=\"auto, (max-width: 150px) 100vw, 150px\" \/><\/a>\n\t\t\t<\/div>\n\t\t\t\t<figcaption class='wp-caption-text gallery-caption' id='gallery-2-34294'>\n\t\t\t\tCasa CA \/ Pablo Gagliardo (\u00a9 Ramiro Sosa)\n\t\t\t\t<\/figcaption><\/figure><figure class='gallery-item'>\n\t\t\t<div class='gallery-icon portrait'>\n\t\t\t\t<a href='https:\/\/www.arquimaster.com.ar\/web\/wp-content\/uploads\/2018\/12\/casa_ca34.jpg' title=\"Casa CA \/ Pablo Gagliardo (\u00a9 Ramiro Sosa)\" data-rl_title=\"Casa CA \/ Pablo Gagliardo (\u00a9 Ramiro Sosa)\" class=\"rl-gallery-link\" data-rl_caption=\"Casa CA \/ Pablo Gagliardo (\u00a9 Ramiro Sosa)\" data-rel=\"lightbox-gallery-2\"><img loading=\"lazy\" decoding=\"async\" width=\"150\" height=\"150\" src=\"https:\/\/www.arquimaster.com.ar\/web\/wp-content\/uploads\/2018\/12\/casa_ca34-150x150.jpg\" class=\"attachment-thumbnail size-thumbnail\" alt=\"\" aria-describedby=\"gallery-2-34295\" srcset=\"https:\/\/www.arquimaster.com.ar\/web\/wp-content\/uploads\/2018\/12\/casa_ca34-150x150.jpg 150w, https:\/\/www.arquimaster.com.ar\/web\/wp-content\/uploads\/2018\/12\/casa_ca34-50x50.jpg 50w, https:\/\/www.arquimaster.com.ar\/web\/wp-content\/uploads\/2018\/12\/casa_ca34-125x125.jpg 125w\" sizes=\"auto, (max-width: 150px) 100vw, 150px\" \/><\/a>\n\t\t\t<\/div>\n\t\t\t\t<figcaption class='wp-caption-text gallery-caption' id='gallery-2-34295'>\n\t\t\t\tCasa CA \/ Pablo Gagliardo (\u00a9 Ramiro Sosa)\n\t\t\t\t<\/figcaption><\/figure><figure class='gallery-item'>\n\t\t\t<div class='gallery-icon portrait'>\n\t\t\t\t<a href='https:\/\/www.arquimaster.com.ar\/web\/wp-content\/uploads\/2018\/12\/casa_ca35.jpg' title=\"Casa CA \/ Pablo Gagliardo (\u00a9 Ramiro Sosa)\" data-rl_title=\"Casa CA \/ Pablo Gagliardo (\u00a9 Ramiro Sosa)\" class=\"rl-gallery-link\" data-rl_caption=\"Casa CA \/ Pablo Gagliardo (\u00a9 Ramiro Sosa)\" data-rel=\"lightbox-gallery-2\"><img loading=\"lazy\" decoding=\"async\" width=\"150\" height=\"150\" src=\"https:\/\/www.arquimaster.com.ar\/web\/wp-content\/uploads\/2018\/12\/casa_ca35-150x150.jpg\" class=\"attachment-thumbnail size-thumbnail\" alt=\"\" aria-describedby=\"gallery-2-34296\" srcset=\"https:\/\/www.arquimaster.com.ar\/web\/wp-content\/uploads\/2018\/12\/casa_ca35-150x150.jpg 150w, https:\/\/www.arquimaster.com.ar\/web\/wp-content\/uploads\/2018\/12\/casa_ca35-50x50.jpg 50w, https:\/\/www.arquimaster.com.ar\/web\/wp-content\/uploads\/2018\/12\/casa_ca35-125x125.jpg 125w\" sizes=\"auto, (max-width: 150px) 100vw, 150px\" \/><\/a>\n\t\t\t<\/div>\n\t\t\t\t<figcaption class='wp-caption-text gallery-caption' id='gallery-2-34296'>\n\t\t\t\tCasa CA \/ Pablo Gagliardo (\u00a9 Ramiro Sosa)\n\t\t\t\t<\/figcaption><\/figure><figure class='gallery-item'>\n\t\t\t<div class='gallery-icon portrait'>\n\t\t\t\t<a href='https:\/\/www.arquimaster.com.ar\/web\/wp-content\/uploads\/2018\/12\/casa_ca36.jpg' title=\"Casa CA \/ Pablo Gagliardo (\u00a9 Ramiro Sosa)\" data-rl_title=\"Casa CA \/ Pablo Gagliardo (\u00a9 Ramiro Sosa)\" class=\"rl-gallery-link\" data-rl_caption=\"Casa CA \/ Pablo Gagliardo (\u00a9 Ramiro Sosa)\" data-rel=\"lightbox-gallery-2\"><img loading=\"lazy\" decoding=\"async\" width=\"150\" height=\"150\" src=\"https:\/\/www.arquimaster.com.ar\/web\/wp-content\/uploads\/2018\/12\/casa_ca36-150x150.jpg\" class=\"attachment-thumbnail size-thumbnail\" alt=\"\" aria-describedby=\"gallery-2-34297\" srcset=\"https:\/\/www.arquimaster.com.ar\/web\/wp-content\/uploads\/2018\/12\/casa_ca36-150x150.jpg 150w, https:\/\/www.arquimaster.com.ar\/web\/wp-content\/uploads\/2018\/12\/casa_ca36-50x50.jpg 50w, https:\/\/www.arquimaster.com.ar\/web\/wp-content\/uploads\/2018\/12\/casa_ca36-125x125.jpg 125w\" sizes=\"auto, (max-width: 150px) 100vw, 150px\" \/><\/a>\n\t\t\t<\/div>\n\t\t\t\t<figcaption class='wp-caption-text gallery-caption' id='gallery-2-34297'>\n\t\t\t\tCasa CA \/ Pablo Gagliardo (\u00a9 Ramiro Sosa)\n\t\t\t\t<\/figcaption><\/figure><figure class='gallery-item'>\n\t\t\t<div class='gallery-icon portrait'>\n\t\t\t\t<a href='https:\/\/www.arquimaster.com.ar\/web\/wp-content\/uploads\/2018\/12\/casa_ca37.jpg' title=\"Casa CA \/ Pablo Gagliardo (\u00a9 Ramiro Sosa)\" data-rl_title=\"Casa CA \/ Pablo Gagliardo (\u00a9 Ramiro Sosa)\" class=\"rl-gallery-link\" data-rl_caption=\"Casa CA \/ Pablo Gagliardo (\u00a9 Ramiro Sosa)\" data-rel=\"lightbox-gallery-2\"><img loading=\"lazy\" decoding=\"async\" width=\"150\" height=\"150\" src=\"https:\/\/www.arquimaster.com.ar\/web\/wp-content\/uploads\/2018\/12\/casa_ca37-150x150.jpg\" class=\"attachment-thumbnail size-thumbnail\" alt=\"\" aria-describedby=\"gallery-2-34298\" srcset=\"https:\/\/www.arquimaster.com.ar\/web\/wp-content\/uploads\/2018\/12\/casa_ca37-150x150.jpg 150w, https:\/\/www.arquimaster.com.ar\/web\/wp-content\/uploads\/2018\/12\/casa_ca37-50x50.jpg 50w, https:\/\/www.arquimaster.com.ar\/web\/wp-content\/uploads\/2018\/12\/casa_ca37-125x125.jpg 125w\" sizes=\"auto, (max-width: 150px) 100vw, 150px\" \/><\/a>\n\t\t\t<\/div>\n\t\t\t\t<figcaption class='wp-caption-text gallery-caption' id='gallery-2-34298'>\n\t\t\t\tCasa CA \/ Pablo Gagliardo (\u00a9 Ramiro Sosa)\n\t\t\t\t<\/figcaption><\/figure><figure class='gallery-item'>\n\t\t\t<div class='gallery-icon portrait'>\n\t\t\t\t<a href='https:\/\/www.arquimaster.com.ar\/web\/wp-content\/uploads\/2018\/12\/casa_ca38.jpg' title=\"Casa CA \/ Pablo Gagliardo (\u00a9 Ramiro Sosa)\" data-rl_title=\"Casa CA \/ Pablo Gagliardo (\u00a9 Ramiro Sosa)\" class=\"rl-gallery-link\" data-rl_caption=\"Casa CA \/ Pablo Gagliardo (\u00a9 Ramiro Sosa)\" data-rel=\"lightbox-gallery-2\"><img loading=\"lazy\" decoding=\"async\" width=\"150\" height=\"150\" src=\"https:\/\/www.arquimaster.com.ar\/web\/wp-content\/uploads\/2018\/12\/casa_ca38-150x150.jpg\" class=\"attachment-thumbnail size-thumbnail\" alt=\"\" aria-describedby=\"gallery-2-34299\" srcset=\"https:\/\/www.arquimaster.com.ar\/web\/wp-content\/uploads\/2018\/12\/casa_ca38-150x150.jpg 150w, https:\/\/www.arquimaster.com.ar\/web\/wp-content\/uploads\/2018\/12\/casa_ca38-50x50.jpg 50w, https:\/\/www.arquimaster.com.ar\/web\/wp-content\/uploads\/2018\/12\/casa_ca38-125x125.jpg 125w\" sizes=\"auto, (max-width: 150px) 100vw, 150px\" \/><\/a>\n\t\t\t<\/div>\n\t\t\t\t<figcaption class='wp-caption-text gallery-caption' id='gallery-2-34299'>\n\t\t\t\tCasa CA \/ Pablo Gagliardo (\u00a9 Ramiro Sosa)\n\t\t\t\t<\/figcaption><\/figure><figure class='gallery-item'>\n\t\t\t<div class='gallery-icon landscape'>\n\t\t\t\t<a href='https:\/\/www.arquimaster.com.ar\/web\/wp-content\/uploads\/2018\/12\/casa_ca39.jpg' title=\"Casa CA \/ Pablo Gagliardo (\u00a9 Ramiro Sosa)\" data-rl_title=\"Casa CA \/ Pablo Gagliardo (\u00a9 Ramiro Sosa)\" class=\"rl-gallery-link\" data-rl_caption=\"Casa CA \/ Pablo Gagliardo (\u00a9 Ramiro Sosa)\" data-rel=\"lightbox-gallery-2\"><img loading=\"lazy\" decoding=\"async\" width=\"150\" height=\"150\" src=\"https:\/\/www.arquimaster.com.ar\/web\/wp-content\/uploads\/2018\/12\/casa_ca39-150x150.jpg\" class=\"attachment-thumbnail size-thumbnail\" alt=\"\" aria-describedby=\"gallery-2-34300\" srcset=\"https:\/\/www.arquimaster.com.ar\/web\/wp-content\/uploads\/2018\/12\/casa_ca39-150x150.jpg 150w, https:\/\/www.arquimaster.com.ar\/web\/wp-content\/uploads\/2018\/12\/casa_ca39-50x50.jpg 50w, https:\/\/www.arquimaster.com.ar\/web\/wp-content\/uploads\/2018\/12\/casa_ca39-125x125.jpg 125w\" sizes=\"auto, (max-width: 150px) 100vw, 150px\" \/><\/a>\n\t\t\t<\/div>\n\t\t\t\t<figcaption class='wp-caption-text gallery-caption' id='gallery-2-34300'>\n\t\t\t\tCasa CA \/ Pablo Gagliardo (\u00a9 Ramiro Sosa)\n\t\t\t\t<\/figcaption><\/figure><figure class='gallery-item'>\n\t\t\t<div class='gallery-icon landscape'>\n\t\t\t\t<a href='https:\/\/www.arquimaster.com.ar\/web\/wp-content\/uploads\/2018\/12\/casa_ca40.jpg' title=\"Casa CA \/ Pablo Gagliardo (\u00a9 Ramiro Sosa)\" data-rl_title=\"Casa CA \/ Pablo Gagliardo (\u00a9 Ramiro Sosa)\" class=\"rl-gallery-link\" data-rl_caption=\"Casa CA \/ Pablo Gagliardo (\u00a9 Ramiro Sosa)\" data-rel=\"lightbox-gallery-2\"><img loading=\"lazy\" decoding=\"async\" width=\"150\" height=\"150\" src=\"https:\/\/www.arquimaster.com.ar\/web\/wp-content\/uploads\/2018\/12\/casa_ca40-150x150.jpg\" class=\"attachment-thumbnail size-thumbnail\" alt=\"\" aria-describedby=\"gallery-2-34301\" srcset=\"https:\/\/www.arquimaster.com.ar\/web\/wp-content\/uploads\/2018\/12\/casa_ca40-150x150.jpg 150w, https:\/\/www.arquimaster.com.ar\/web\/wp-content\/uploads\/2018\/12\/casa_ca40-50x50.jpg 50w, https:\/\/www.arquimaster.com.ar\/web\/wp-content\/uploads\/2018\/12\/casa_ca40-125x125.jpg 125w\" sizes=\"auto, (max-width: 150px) 100vw, 150px\" \/><\/a>\n\t\t\t<\/div>\n\t\t\t\t<figcaption class='wp-caption-text gallery-caption' id='gallery-2-34301'>\n\t\t\t\tCasa CA \/ Pablo Gagliardo (\u00a9 Ramiro Sosa)\n\t\t\t\t<\/figcaption><\/figure><figure class='gallery-item'>\n\t\t\t<div class='gallery-icon landscape'>\n\t\t\t\t<a href='https:\/\/www.arquimaster.com.ar\/web\/wp-content\/uploads\/2018\/12\/casa_ca41.jpg' title=\"Casa CA \/ Pablo Gagliardo (\u00a9 Ramiro Sosa)\" data-rl_title=\"Casa CA \/ Pablo Gagliardo (\u00a9 Ramiro Sosa)\" class=\"rl-gallery-link\" data-rl_caption=\"Casa CA \/ Pablo Gagliardo (\u00a9 Ramiro Sosa)\" data-rel=\"lightbox-gallery-2\"><img loading=\"lazy\" decoding=\"async\" width=\"150\" height=\"150\" src=\"https:\/\/www.arquimaster.com.ar\/web\/wp-content\/uploads\/2018\/12\/casa_ca41-150x150.jpg\" class=\"attachment-thumbnail size-thumbnail\" alt=\"\" aria-describedby=\"gallery-2-34302\" srcset=\"https:\/\/www.arquimaster.com.ar\/web\/wp-content\/uploads\/2018\/12\/casa_ca41-150x150.jpg 150w, https:\/\/www.arquimaster.com.ar\/web\/wp-content\/uploads\/2018\/12\/casa_ca41-50x50.jpg 50w, https:\/\/www.arquimaster.com.ar\/web\/wp-content\/uploads\/2018\/12\/casa_ca41-125x125.jpg 125w\" sizes=\"auto, (max-width: 150px) 100vw, 150px\" \/><\/a>\n\t\t\t<\/div>\n\t\t\t\t<figcaption class='wp-caption-text gallery-caption' id='gallery-2-34302'>\n\t\t\t\tCasa CA \/ Pablo Gagliardo (\u00a9 Ramiro Sosa)\n\t\t\t\t<\/figcaption><\/figure><figure class='gallery-item'>\n\t\t\t<div class='gallery-icon landscape'>\n\t\t\t\t<a href='https:\/\/www.arquimaster.com.ar\/web\/wp-content\/uploads\/2018\/12\/casa_ca42.jpg' title=\"Casa CA \/ Pablo Gagliardo (\u00a9 Ramiro Sosa)\" data-rl_title=\"Casa CA \/ Pablo Gagliardo (\u00a9 Ramiro Sosa)\" class=\"rl-gallery-link\" data-rl_caption=\"Casa CA \/ Pablo Gagliardo (\u00a9 Ramiro Sosa)\" data-rel=\"lightbox-gallery-2\"><img loading=\"lazy\" decoding=\"async\" width=\"150\" height=\"150\" src=\"https:\/\/www.arquimaster.com.ar\/web\/wp-content\/uploads\/2018\/12\/casa_ca42-150x150.jpg\" class=\"attachment-thumbnail size-thumbnail\" alt=\"\" aria-describedby=\"gallery-2-34303\" srcset=\"https:\/\/www.arquimaster.com.ar\/web\/wp-content\/uploads\/2018\/12\/casa_ca42-150x150.jpg 150w, https:\/\/www.arquimaster.com.ar\/web\/wp-content\/uploads\/2018\/12\/casa_ca42-50x50.jpg 50w, https:\/\/www.arquimaster.com.ar\/web\/wp-content\/uploads\/2018\/12\/casa_ca42-125x125.jpg 125w\" sizes=\"auto, (max-width: 150px) 100vw, 150px\" \/><\/a>\n\t\t\t<\/div>\n\t\t\t\t<figcaption class='wp-caption-text gallery-caption' id='gallery-2-34303'>\n\t\t\t\tCasa CA \/ Pablo Gagliardo (\u00a9 Ramiro Sosa)\n\t\t\t\t<\/figcaption><\/figure>\n\t\t<\/div>\n\n<p>El programa se organiza en dos vol\u00famenes, de distintas caracter\u00edsticas, conectados entre si a trav\u00e9s del ingreso y un hall en doble altura que distribuye a las distintas \u00e1reas de la vivienda. El volumen apoyado sobre el este, es una placa, de gran tensi\u00f3n longitudinal, organizada en dos niveles que contienen las funciones diarias del programa: estar, comedor, cocina y suite principal en planta baja, y los dormitorios de los hijos en planta alta.<\/p>\n<div id='gallery-3' class='gallery galleryid-34257 gallery-columns-3 gallery-size-thumbnail'><figure class='gallery-item'>\n\t\t\t<div class='gallery-icon landscape'>\n\t\t\t\t<a href='https:\/\/www.arquimaster.com.ar\/web\/wp-content\/uploads\/2018\/12\/casa_ca43.jpg' title=\"Casa CA \/ Pablo Gagliardo (\u00a9 Ramiro Sosa)\" data-rl_title=\"Casa CA \/ Pablo Gagliardo (\u00a9 Ramiro Sosa)\" class=\"rl-gallery-link\" data-rl_caption=\"Casa CA \/ Pablo Gagliardo (\u00a9 Ramiro Sosa)\" data-rel=\"lightbox-gallery-3\"><img loading=\"lazy\" decoding=\"async\" width=\"150\" height=\"150\" src=\"https:\/\/www.arquimaster.com.ar\/web\/wp-content\/uploads\/2018\/12\/casa_ca43-150x150.jpg\" class=\"attachment-thumbnail size-thumbnail\" alt=\"\" aria-describedby=\"gallery-3-34304\" srcset=\"https:\/\/www.arquimaster.com.ar\/web\/wp-content\/uploads\/2018\/12\/casa_ca43-150x150.jpg 150w, https:\/\/www.arquimaster.com.ar\/web\/wp-content\/uploads\/2018\/12\/casa_ca43-50x50.jpg 50w, https:\/\/www.arquimaster.com.ar\/web\/wp-content\/uploads\/2018\/12\/casa_ca43-125x125.jpg 125w\" sizes=\"auto, (max-width: 150px) 100vw, 150px\" \/><\/a>\n\t\t\t<\/div>\n\t\t\t\t<figcaption class='wp-caption-text gallery-caption' id='gallery-3-34304'>\n\t\t\t\tCasa CA \/ Pablo Gagliardo (\u00a9 Ramiro Sosa)\n\t\t\t\t<\/figcaption><\/figure><figure class='gallery-item'>\n\t\t\t<div class='gallery-icon landscape'>\n\t\t\t\t<a href='https:\/\/www.arquimaster.com.ar\/web\/wp-content\/uploads\/2018\/12\/casa_ca44.jpg' title=\"Casa CA \/ Pablo Gagliardo (\u00a9 Ramiro Sosa)\" data-rl_title=\"Casa CA \/ Pablo Gagliardo (\u00a9 Ramiro Sosa)\" class=\"rl-gallery-link\" data-rl_caption=\"Casa CA \/ Pablo Gagliardo (\u00a9 Ramiro Sosa)\" data-rel=\"lightbox-gallery-3\"><img loading=\"lazy\" decoding=\"async\" width=\"150\" height=\"150\" src=\"https:\/\/www.arquimaster.com.ar\/web\/wp-content\/uploads\/2018\/12\/casa_ca44-150x150.jpg\" class=\"attachment-thumbnail size-thumbnail\" alt=\"\" aria-describedby=\"gallery-3-34305\" srcset=\"https:\/\/www.arquimaster.com.ar\/web\/wp-content\/uploads\/2018\/12\/casa_ca44-150x150.jpg 150w, https:\/\/www.arquimaster.com.ar\/web\/wp-content\/uploads\/2018\/12\/casa_ca44-50x50.jpg 50w, https:\/\/www.arquimaster.com.ar\/web\/wp-content\/uploads\/2018\/12\/casa_ca44-125x125.jpg 125w\" sizes=\"auto, (max-width: 150px) 100vw, 150px\" \/><\/a>\n\t\t\t<\/div>\n\t\t\t\t<figcaption class='wp-caption-text gallery-caption' id='gallery-3-34305'>\n\t\t\t\tCasa CA \/ Pablo Gagliardo (\u00a9 Ramiro Sosa)\n\t\t\t\t<\/figcaption><\/figure><figure class='gallery-item'>\n\t\t\t<div class='gallery-icon portrait'>\n\t\t\t\t<a href='https:\/\/www.arquimaster.com.ar\/web\/wp-content\/uploads\/2018\/12\/casa_ca45.jpg' title=\"Casa CA \/ Pablo Gagliardo (\u00a9 Ramiro Sosa)\" data-rl_title=\"Casa CA \/ Pablo Gagliardo (\u00a9 Ramiro Sosa)\" class=\"rl-gallery-link\" data-rl_caption=\"Casa CA \/ Pablo Gagliardo (\u00a9 Ramiro Sosa)\" data-rel=\"lightbox-gallery-3\"><img loading=\"lazy\" decoding=\"async\" width=\"150\" height=\"150\" src=\"https:\/\/www.arquimaster.com.ar\/web\/wp-content\/uploads\/2018\/12\/casa_ca45-150x150.jpg\" class=\"attachment-thumbnail size-thumbnail\" alt=\"\" aria-describedby=\"gallery-3-34306\" srcset=\"https:\/\/www.arquimaster.com.ar\/web\/wp-content\/uploads\/2018\/12\/casa_ca45-150x150.jpg 150w, https:\/\/www.arquimaster.com.ar\/web\/wp-content\/uploads\/2018\/12\/casa_ca45-50x50.jpg 50w, https:\/\/www.arquimaster.com.ar\/web\/wp-content\/uploads\/2018\/12\/casa_ca45-125x125.jpg 125w\" sizes=\"auto, (max-width: 150px) 100vw, 150px\" \/><\/a>\n\t\t\t<\/div>\n\t\t\t\t<figcaption class='wp-caption-text gallery-caption' id='gallery-3-34306'>\n\t\t\t\tCasa CA \/ Pablo Gagliardo (\u00a9 Ramiro Sosa)\n\t\t\t\t<\/figcaption><\/figure><figure class='gallery-item'>\n\t\t\t<div class='gallery-icon landscape'>\n\t\t\t\t<a href='https:\/\/www.arquimaster.com.ar\/web\/wp-content\/uploads\/2018\/12\/casa_ca46.jpg' title=\"Casa CA \/ Pablo Gagliardo (\u00a9 Ramiro Sosa)\" data-rl_title=\"Casa CA \/ Pablo Gagliardo (\u00a9 Ramiro Sosa)\" class=\"rl-gallery-link\" data-rl_caption=\"Casa CA \/ Pablo Gagliardo (\u00a9 Ramiro Sosa)\" data-rel=\"lightbox-gallery-3\"><img loading=\"lazy\" decoding=\"async\" width=\"150\" height=\"150\" src=\"https:\/\/www.arquimaster.com.ar\/web\/wp-content\/uploads\/2018\/12\/casa_ca46-150x150.jpg\" class=\"attachment-thumbnail size-thumbnail\" alt=\"\" aria-describedby=\"gallery-3-34307\" srcset=\"https:\/\/www.arquimaster.com.ar\/web\/wp-content\/uploads\/2018\/12\/casa_ca46-150x150.jpg 150w, https:\/\/www.arquimaster.com.ar\/web\/wp-content\/uploads\/2018\/12\/casa_ca46-50x50.jpg 50w, https:\/\/www.arquimaster.com.ar\/web\/wp-content\/uploads\/2018\/12\/casa_ca46-125x125.jpg 125w\" sizes=\"auto, (max-width: 150px) 100vw, 150px\" \/><\/a>\n\t\t\t<\/div>\n\t\t\t\t<figcaption class='wp-caption-text gallery-caption' id='gallery-3-34307'>\n\t\t\t\tCasa CA \/ Pablo Gagliardo (\u00a9 Ramiro Sosa)\n\t\t\t\t<\/figcaption><\/figure><figure class='gallery-item'>\n\t\t\t<div class='gallery-icon landscape'>\n\t\t\t\t<a href='https:\/\/www.arquimaster.com.ar\/web\/wp-content\/uploads\/2018\/12\/casa_ca47.jpg' title=\"Casa CA \/ Pablo Gagliardo (\u00a9 Ramiro Sosa)\" data-rl_title=\"Casa CA \/ Pablo Gagliardo (\u00a9 Ramiro Sosa)\" class=\"rl-gallery-link\" data-rl_caption=\"Casa CA \/ Pablo Gagliardo (\u00a9 Ramiro Sosa)\" data-rel=\"lightbox-gallery-3\"><img loading=\"lazy\" decoding=\"async\" width=\"150\" height=\"150\" src=\"https:\/\/www.arquimaster.com.ar\/web\/wp-content\/uploads\/2018\/12\/casa_ca47-150x150.jpg\" class=\"attachment-thumbnail size-thumbnail\" alt=\"\" aria-describedby=\"gallery-3-34308\" srcset=\"https:\/\/www.arquimaster.com.ar\/web\/wp-content\/uploads\/2018\/12\/casa_ca47-150x150.jpg 150w, https:\/\/www.arquimaster.com.ar\/web\/wp-content\/uploads\/2018\/12\/casa_ca47-50x50.jpg 50w, https:\/\/www.arquimaster.com.ar\/web\/wp-content\/uploads\/2018\/12\/casa_ca47-125x125.jpg 125w\" sizes=\"auto, (max-width: 150px) 100vw, 150px\" \/><\/a>\n\t\t\t<\/div>\n\t\t\t\t<figcaption class='wp-caption-text gallery-caption' id='gallery-3-34308'>\n\t\t\t\tCasa CA \/ Pablo Gagliardo (\u00a9 Ramiro Sosa)\n\t\t\t\t<\/figcaption><\/figure><figure class='gallery-item'>\n\t\t\t<div class='gallery-icon portrait'>\n\t\t\t\t<a href='https:\/\/www.arquimaster.com.ar\/web\/wp-content\/uploads\/2018\/12\/casa_ca48.jpg' title=\"Casa CA \/ Pablo Gagliardo (\u00a9 Ramiro Sosa)\" data-rl_title=\"Casa CA \/ Pablo Gagliardo (\u00a9 Ramiro Sosa)\" class=\"rl-gallery-link\" data-rl_caption=\"Casa CA \/ Pablo Gagliardo (\u00a9 Ramiro Sosa)\" data-rel=\"lightbox-gallery-3\"><img loading=\"lazy\" decoding=\"async\" width=\"150\" height=\"150\" src=\"https:\/\/www.arquimaster.com.ar\/web\/wp-content\/uploads\/2018\/12\/casa_ca48-150x150.jpg\" class=\"attachment-thumbnail size-thumbnail\" alt=\"\" aria-describedby=\"gallery-3-34309\" srcset=\"https:\/\/www.arquimaster.com.ar\/web\/wp-content\/uploads\/2018\/12\/casa_ca48-150x150.jpg 150w, https:\/\/www.arquimaster.com.ar\/web\/wp-content\/uploads\/2018\/12\/casa_ca48-50x50.jpg 50w, https:\/\/www.arquimaster.com.ar\/web\/wp-content\/uploads\/2018\/12\/casa_ca48-125x125.jpg 125w\" sizes=\"auto, (max-width: 150px) 100vw, 150px\" \/><\/a>\n\t\t\t<\/div>\n\t\t\t\t<figcaption class='wp-caption-text gallery-caption' id='gallery-3-34309'>\n\t\t\t\tCasa CA \/ Pablo Gagliardo (\u00a9 Ramiro Sosa)\n\t\t\t\t<\/figcaption><\/figure><figure class='gallery-item'>\n\t\t\t<div class='gallery-icon landscape'>\n\t\t\t\t<a href='https:\/\/www.arquimaster.com.ar\/web\/wp-content\/uploads\/2018\/12\/casa_ca49.jpg' title=\"Casa CA \/ Pablo Gagliardo (\u00a9 Ramiro Sosa)\" data-rl_title=\"Casa CA \/ Pablo Gagliardo (\u00a9 Ramiro Sosa)\" class=\"rl-gallery-link\" data-rl_caption=\"Casa CA \/ Pablo Gagliardo (\u00a9 Ramiro Sosa)\" data-rel=\"lightbox-gallery-3\"><img loading=\"lazy\" decoding=\"async\" width=\"150\" height=\"150\" src=\"https:\/\/www.arquimaster.com.ar\/web\/wp-content\/uploads\/2018\/12\/casa_ca49-150x150.jpg\" class=\"attachment-thumbnail size-thumbnail\" alt=\"\" aria-describedby=\"gallery-3-34310\" srcset=\"https:\/\/www.arquimaster.com.ar\/web\/wp-content\/uploads\/2018\/12\/casa_ca49-150x150.jpg 150w, https:\/\/www.arquimaster.com.ar\/web\/wp-content\/uploads\/2018\/12\/casa_ca49-50x50.jpg 50w, https:\/\/www.arquimaster.com.ar\/web\/wp-content\/uploads\/2018\/12\/casa_ca49-125x125.jpg 125w\" sizes=\"auto, (max-width: 150px) 100vw, 150px\" \/><\/a>\n\t\t\t<\/div>\n\t\t\t\t<figcaption class='wp-caption-text gallery-caption' id='gallery-3-34310'>\n\t\t\t\tCasa CA \/ Pablo Gagliardo (\u00a9 Ramiro Sosa)\n\t\t\t\t<\/figcaption><\/figure><figure class='gallery-item'>\n\t\t\t<div class='gallery-icon landscape'>\n\t\t\t\t<a href='https:\/\/www.arquimaster.com.ar\/web\/wp-content\/uploads\/2018\/12\/casa_ca50.jpg' title=\"Casa CA \/ Pablo Gagliardo (\u00a9 Ramiro Sosa)\" data-rl_title=\"Casa CA \/ Pablo Gagliardo (\u00a9 Ramiro Sosa)\" class=\"rl-gallery-link\" data-rl_caption=\"Casa CA \/ Pablo Gagliardo (\u00a9 Ramiro Sosa)\" data-rel=\"lightbox-gallery-3\"><img loading=\"lazy\" decoding=\"async\" width=\"150\" height=\"150\" src=\"https:\/\/www.arquimaster.com.ar\/web\/wp-content\/uploads\/2018\/12\/casa_ca50-150x150.jpg\" class=\"attachment-thumbnail size-thumbnail\" alt=\"\" aria-describedby=\"gallery-3-34311\" srcset=\"https:\/\/www.arquimaster.com.ar\/web\/wp-content\/uploads\/2018\/12\/casa_ca50-150x150.jpg 150w, https:\/\/www.arquimaster.com.ar\/web\/wp-content\/uploads\/2018\/12\/casa_ca50-50x50.jpg 50w, https:\/\/www.arquimaster.com.ar\/web\/wp-content\/uploads\/2018\/12\/casa_ca50-125x125.jpg 125w\" sizes=\"auto, (max-width: 150px) 100vw, 150px\" \/><\/a>\n\t\t\t<\/div>\n\t\t\t\t<figcaption class='wp-caption-text gallery-caption' id='gallery-3-34311'>\n\t\t\t\tCasa CA \/ Pablo Gagliardo (\u00a9 Ramiro Sosa)\n\t\t\t\t<\/figcaption><\/figure><figure class='gallery-item'>\n\t\t\t<div class='gallery-icon landscape'>\n\t\t\t\t<a href='https:\/\/www.arquimaster.com.ar\/web\/wp-content\/uploads\/2018\/12\/casa_ca51.jpg' title=\"Casa CA \/ Pablo Gagliardo (planta baja)\" data-rl_title=\"Casa CA \/ Pablo Gagliardo (planta baja)\" class=\"rl-gallery-link\" data-rl_caption=\"Casa CA \/ Pablo Gagliardo (planta baja)\" data-rel=\"lightbox-gallery-3\"><img loading=\"lazy\" decoding=\"async\" width=\"150\" height=\"150\" src=\"https:\/\/www.arquimaster.com.ar\/web\/wp-content\/uploads\/2018\/12\/casa_ca51-150x150.jpg\" class=\"attachment-thumbnail size-thumbnail\" alt=\"\" aria-describedby=\"gallery-3-34312\" srcset=\"https:\/\/www.arquimaster.com.ar\/web\/wp-content\/uploads\/2018\/12\/casa_ca51-150x150.jpg 150w, https:\/\/www.arquimaster.com.ar\/web\/wp-content\/uploads\/2018\/12\/casa_ca51-50x50.jpg 50w, https:\/\/www.arquimaster.com.ar\/web\/wp-content\/uploads\/2018\/12\/casa_ca51-125x125.jpg 125w\" sizes=\"auto, (max-width: 150px) 100vw, 150px\" \/><\/a>\n\t\t\t<\/div>\n\t\t\t\t<figcaption class='wp-caption-text gallery-caption' id='gallery-3-34312'>\n\t\t\t\tCasa CA \/ Pablo Gagliardo (planta baja)\n\t\t\t\t<\/figcaption><\/figure><figure class='gallery-item'>\n\t\t\t<div class='gallery-icon landscape'>\n\t\t\t\t<a href='https:\/\/www.arquimaster.com.ar\/web\/wp-content\/uploads\/2018\/12\/casa_ca52.jpg' title=\"Casa CA \/ Pablo Gagliardo (planta alta)\" data-rl_title=\"Casa CA \/ Pablo Gagliardo (planta alta)\" class=\"rl-gallery-link\" data-rl_caption=\"Casa CA \/ Pablo Gagliardo (planta alta)\" data-rel=\"lightbox-gallery-3\"><img loading=\"lazy\" decoding=\"async\" width=\"150\" height=\"150\" src=\"https:\/\/www.arquimaster.com.ar\/web\/wp-content\/uploads\/2018\/12\/casa_ca52-150x150.jpg\" class=\"attachment-thumbnail size-thumbnail\" alt=\"\" aria-describedby=\"gallery-3-34313\" srcset=\"https:\/\/www.arquimaster.com.ar\/web\/wp-content\/uploads\/2018\/12\/casa_ca52-150x150.jpg 150w, https:\/\/www.arquimaster.com.ar\/web\/wp-content\/uploads\/2018\/12\/casa_ca52-50x50.jpg 50w, https:\/\/www.arquimaster.com.ar\/web\/wp-content\/uploads\/2018\/12\/casa_ca52-125x125.jpg 125w\" sizes=\"auto, (max-width: 150px) 100vw, 150px\" \/><\/a>\n\t\t\t<\/div>\n\t\t\t\t<figcaption class='wp-caption-text gallery-caption' id='gallery-3-34313'>\n\t\t\t\tCasa CA \/ Pablo Gagliardo (planta alta)\n\t\t\t\t<\/figcaption><\/figure><figure class='gallery-item'>\n\t\t\t<div class='gallery-icon landscape'>\n\t\t\t\t<a href='https:\/\/www.arquimaster.com.ar\/web\/wp-content\/uploads\/2018\/12\/casa_ca53.jpg' title=\"Casa CA \/ Pablo Gagliardo (corte)\" data-rl_title=\"Casa CA \/ Pablo Gagliardo (corte)\" class=\"rl-gallery-link\" data-rl_caption=\"Casa CA \/ Pablo Gagliardo (corte)\" data-rel=\"lightbox-gallery-3\"><img loading=\"lazy\" decoding=\"async\" width=\"150\" height=\"150\" src=\"https:\/\/www.arquimaster.com.ar\/web\/wp-content\/uploads\/2018\/12\/casa_ca53-150x150.jpg\" class=\"attachment-thumbnail size-thumbnail\" alt=\"\" aria-describedby=\"gallery-3-34314\" srcset=\"https:\/\/www.arquimaster.com.ar\/web\/wp-content\/uploads\/2018\/12\/casa_ca53-150x150.jpg 150w, https:\/\/www.arquimaster.com.ar\/web\/wp-content\/uploads\/2018\/12\/casa_ca53-50x50.jpg 50w, https:\/\/www.arquimaster.com.ar\/web\/wp-content\/uploads\/2018\/12\/casa_ca53-125x125.jpg 125w\" sizes=\"auto, (max-width: 150px) 100vw, 150px\" \/><\/a>\n\t\t\t<\/div>\n\t\t\t\t<figcaption class='wp-caption-text gallery-caption' id='gallery-3-34314'>\n\t\t\t\tCasa CA \/ Pablo Gagliardo (corte)\n\t\t\t\t<\/figcaption><\/figure><figure class='gallery-item'>\n\t\t\t<div class='gallery-icon landscape'>\n\t\t\t\t<a href='https:\/\/www.arquimaster.com.ar\/web\/wp-content\/uploads\/2018\/12\/casa_ca54.jpg' title=\"Casa CA \/ Pablo Gagliardo (corte)\" data-rl_title=\"Casa CA \/ Pablo Gagliardo (corte)\" class=\"rl-gallery-link\" data-rl_caption=\"Casa CA \/ Pablo Gagliardo (corte)\" data-rel=\"lightbox-gallery-3\"><img loading=\"lazy\" decoding=\"async\" width=\"150\" height=\"150\" src=\"https:\/\/www.arquimaster.com.ar\/web\/wp-content\/uploads\/2018\/12\/casa_ca54-150x150.jpg\" class=\"attachment-thumbnail size-thumbnail\" alt=\"\" aria-describedby=\"gallery-3-34315\" srcset=\"https:\/\/www.arquimaster.com.ar\/web\/wp-content\/uploads\/2018\/12\/casa_ca54-150x150.jpg 150w, https:\/\/www.arquimaster.com.ar\/web\/wp-content\/uploads\/2018\/12\/casa_ca54-50x50.jpg 50w, https:\/\/www.arquimaster.com.ar\/web\/wp-content\/uploads\/2018\/12\/casa_ca54-125x125.jpg 125w\" sizes=\"auto, (max-width: 150px) 100vw, 150px\" \/><\/a>\n\t\t\t<\/div>\n\t\t\t\t<figcaption class='wp-caption-text gallery-caption' id='gallery-3-34315'>\n\t\t\t\tCasa CA \/ Pablo Gagliardo (corte)\n\t\t\t\t<\/figcaption><\/figure><figure class='gallery-item'>\n\t\t\t<div class='gallery-icon landscape'>\n\t\t\t\t<a href='https:\/\/www.arquimaster.com.ar\/web\/wp-content\/uploads\/2018\/12\/casa_ca55.jpg' title=\"Casa CA \/ Pablo Gagliardo (corte)\" data-rl_title=\"Casa CA \/ Pablo Gagliardo (corte)\" class=\"rl-gallery-link\" data-rl_caption=\"Casa CA \/ Pablo Gagliardo (corte)\" data-rel=\"lightbox-gallery-3\"><img loading=\"lazy\" decoding=\"async\" width=\"150\" height=\"150\" src=\"https:\/\/www.arquimaster.com.ar\/web\/wp-content\/uploads\/2018\/12\/casa_ca55-150x150.jpg\" class=\"attachment-thumbnail size-thumbnail\" alt=\"\" aria-describedby=\"gallery-3-34258\" srcset=\"https:\/\/www.arquimaster.com.ar\/web\/wp-content\/uploads\/2018\/12\/casa_ca55-150x150.jpg 150w, https:\/\/www.arquimaster.com.ar\/web\/wp-content\/uploads\/2018\/12\/casa_ca55-50x50.jpg 50w, https:\/\/www.arquimaster.com.ar\/web\/wp-content\/uploads\/2018\/12\/casa_ca55-125x125.jpg 125w\" sizes=\"auto, (max-width: 150px) 100vw, 150px\" \/><\/a>\n\t\t\t<\/div>\n\t\t\t\t<figcaption class='wp-caption-text gallery-caption' id='gallery-3-34258'>\n\t\t\t\tCasa CA \/ Pablo Gagliardo (corte)\n\t\t\t\t<\/figcaption><\/figure><figure class='gallery-item'>\n\t\t\t<div class='gallery-icon landscape'>\n\t\t\t\t<a href='https:\/\/www.arquimaster.com.ar\/web\/wp-content\/uploads\/2018\/12\/casa_ca56.jpg' title=\"Casa CA \/ Pablo Gagliardo (vista)\" data-rl_title=\"Casa CA \/ Pablo Gagliardo (vista)\" class=\"rl-gallery-link\" data-rl_caption=\"Casa CA \/ Pablo Gagliardo (vista)\" data-rel=\"lightbox-gallery-3\"><img loading=\"lazy\" decoding=\"async\" width=\"150\" height=\"150\" src=\"https:\/\/www.arquimaster.com.ar\/web\/wp-content\/uploads\/2018\/12\/casa_ca56-150x150.jpg\" class=\"attachment-thumbnail size-thumbnail\" alt=\"\" aria-describedby=\"gallery-3-34259\" srcset=\"https:\/\/www.arquimaster.com.ar\/web\/wp-content\/uploads\/2018\/12\/casa_ca56-150x150.jpg 150w, https:\/\/www.arquimaster.com.ar\/web\/wp-content\/uploads\/2018\/12\/casa_ca56-50x50.jpg 50w, https:\/\/www.arquimaster.com.ar\/web\/wp-content\/uploads\/2018\/12\/casa_ca56-125x125.jpg 125w\" sizes=\"auto, (max-width: 150px) 100vw, 150px\" \/><\/a>\n\t\t\t<\/div>\n\t\t\t\t<figcaption class='wp-caption-text gallery-caption' id='gallery-3-34259'>\n\t\t\t\tCasa CA \/ Pablo Gagliardo (vista)\n\t\t\t\t<\/figcaption><\/figure><figure class='gallery-item'>\n\t\t\t<div class='gallery-icon portrait'>\n\t\t\t\t<a href='https:\/\/www.arquimaster.com.ar\/web\/wp-content\/uploads\/2018\/12\/casa_ca57.jpg' title=\"Casa CA \/ Pablo Gagliardo (implantaci\u00f3n)\" data-rl_title=\"Casa CA \/ Pablo Gagliardo (implantaci\u00f3n)\" class=\"rl-gallery-link\" data-rl_caption=\"Casa CA \/ Pablo Gagliardo (implantaci\u00f3n)\" data-rel=\"lightbox-gallery-3\"><img loading=\"lazy\" decoding=\"async\" width=\"150\" height=\"150\" src=\"https:\/\/www.arquimaster.com.ar\/web\/wp-content\/uploads\/2018\/12\/casa_ca57-150x150.jpg\" class=\"attachment-thumbnail size-thumbnail\" alt=\"\" aria-describedby=\"gallery-3-34260\" srcset=\"https:\/\/www.arquimaster.com.ar\/web\/wp-content\/uploads\/2018\/12\/casa_ca57-150x150.jpg 150w, https:\/\/www.arquimaster.com.ar\/web\/wp-content\/uploads\/2018\/12\/casa_ca57-1024x1030.jpg 1024w, https:\/\/www.arquimaster.com.ar\/web\/wp-content\/uploads\/2018\/12\/casa_ca57-768x773.jpg 768w, https:\/\/www.arquimaster.com.ar\/web\/wp-content\/uploads\/2018\/12\/casa_ca57-50x50.jpg 50w, https:\/\/www.arquimaster.com.ar\/web\/wp-content\/uploads\/2018\/12\/casa_ca57-125x125.jpg 125w, https:\/\/www.arquimaster.com.ar\/web\/wp-content\/uploads\/2018\/12\/casa_ca57.jpg 1611w\" sizes=\"auto, (max-width: 150px) 100vw, 150px\" \/><\/a>\n\t\t\t<\/div>\n\t\t\t\t<figcaption class='wp-caption-text gallery-caption' id='gallery-3-34260'>\n\t\t\t\tCasa CA \/ Pablo Gagliardo (implantaci\u00f3n)\n\t\t\t\t<\/figcaption><\/figure>\n\t\t<\/div>\n\n<p>La placa se abre al norte y se va desmaterializando, primero con una galer\u00eda y luego, con otra en doble altura, que comunica los dos niveles, hasta llegar al sol\u00e1rium y pileta en el fondo del terreno. Los espacios de guardado se plantean sobre la medianera constituida, de modo de despejar los interiores y otorgar mayor flexibilidad a los espacios.<\/p>\n<p>El segundo volumen alberga las funciones sociales de la vivienda: un estar comedor de altura y media, que tiene tres caras totalmente vidriadas y una cubierta inclinada de hormig\u00f3n con una gran pata ciega al sur que se pliega y termina como piso para el estacionamiento de los autos. Esta inclinaci\u00f3n ayuda a que el agua de lluvia escurra sobre la pared de hormig\u00f3n, y con el paso del tiempo, ir\u00e1 generando un efecto verde sobre esa pared, armonizando con toda la vegetaci\u00f3n existente.<\/p>\n<p><strong>Ficha t\u00e9cnica<\/strong><br \/>\nNombre: Casa C.A.<br \/>\nUbicaci\u00f3n: Morrison 8870, Rosario, Pcia. de Santa Fe, Argentina<br \/>\nArquitectos: Pablo Gagliardo, Mar\u00eda Eugenia D\u00edaz<br \/>\nColaboradores: Arqs. Marcelo D\u00edaz Romero, Luc\u00eda Galfione, Sebasti\u00e1n Larpin<br \/>\nC\u00e1lculos estructurales: Ing. Sergio Faci, Ing. Federico Zegna Rata<br \/>\nSuperficie: 370 m2<br \/>\nA\u00f1o: 2012-2013<br \/>\nFot\u00f3grafo: <a href=\"https:\/\/www.facebook.com\/ramirososafotografia\/\" target=\"_blank\" rel=\"noopener noreferrer\">Ramiro Sosa<\/a><\/p>\n<p><strong>Contacto<\/strong><br \/>\n<a href=\"http:\/\/www.obring.com.ar\" target=\"_blank\" rel=\"noopener noreferrer\">http:\/\/www.obring.com.ar<\/a><\/p>\n<p>&nbsp;<\/p>\n<p><em><strong>English version<\/strong><\/em><br \/>\n<em><strong>House C.A.<\/strong><\/em><\/p>\n<p><em>Detached house located in Fisherton, a mainly residential neighborhood a few kilometers from the center of the city of Rosario, Argentina. The land, a 20&#215;60 m lot in a regular trace, has the distinction of being the finish of a urban passage. Besides, it is located between two lots with some strong elements that conditioned the implementation of the house. To the east, a built-up dividing wall constituting a quite rigid boundary, and west, a garden with abundant grove, generating a blurred division of vegetation.<\/em><\/p>\n<p><em>The project is proposed in order to take advantage of this situation, leaning on the dividing wall built and respecting a large existing tree, opening the environments towards the interior of the lot and integrating them with the existing vegetation.<\/em><\/p>\n<p><em>The front of the house, south oriented, is closed and private; while the program opens to the interior, orienting all social areas to the north and regulating the privacy of the living spaces. The use of concrete in the structure allows the generation of continuous glazed surfaces, which dilutes the limits and integrates the garden with the interior completely and the environments between them, giving the sensation of a single space. As enclosure of the entrance a mesh top is used, that is the soul of the reinforced concrete, and that with time, will be covered with vegetation, simulating a concreting \u00abgreen process\u00bb.<\/em><\/p>\n<p><em>The program is organized in two volumes, of different characteristics, connected to each other through the entrance and a double-height hall, that distributes to the different areas of the house.<\/em><\/p>\n<p><em>The volume supported on the east, is a plate, of great longitudinal tension, organized in two levels that contain the daily functions of the program: living and dining room, kitchen and main suite in ground floor; while the three bedrooms of the children are situated in the top floor.<\/em><\/p>\n<p><em>The plate opens to the north and is dematerialized, first with a gallery in the ground floor, and then with another in double height, which connects the two levels, until you reach the solarium and pool at the bottom of the land.<\/em><\/p>\n<p><em>The storage spaces are raised on the constituted dividing wall, in order to clear the interiors and grant greater flexibility to the spaces.<\/em><\/p>\n<p><em>The second volume hosts the social functions of the house: a dining room height and a half, which has three fully glazed faces and a sloping concrete roof with a large blind paw to the south that folds and ends as a floor for the parking of the cars.<\/em><\/p>\n<p><em>This inclination helps the rainwater run off the concrete wall, and with the pass of time, will generate a green effect on that wall, harmonizing with all existing vegetation.<\/em><\/p>\n\n<div style=\"font-size: 0px; height: 0px; line-height: 0px; margin: 0; padding: 0; clear: both;\"><\/div><div style=\"margin-top: 0px; margin-bottom: 0px;\" class=\"sharethis-inline-share-buttons\" ><\/div>","protected":false},"excerpt":{"rendered":"<p>Superficies vidriadas continuas diluyen los l\u00edmites e integran totalmente el jard\u00edn con el interior&#8230;<\/p>\n","protected":false},"author":1,"featured_media":34261,"comment_status":"closed","ping_status":"closed","sticky":false,"template":"","format":"standard","meta":{"_uag_custom_page_level_css":"","footnotes":""},"categories":[1,83],"tags":[4919,4918,4201,4202,468,29,254],"class_list":["post-34257","post","type-post","status-publish","format-standard","has-post-thumbnail","hentry","category-proyecto","category-vivienda-unifamiliar","tag-fisherton","tag-maria-eugenia-diaz","tag-obring-arquitectura","tag-pablo-gagliardo","tag-rosario","tag-santa-fe","tag-vivienda-unifamiliar-2","generate-columns","tablet-grid-50","mobile-grid-100","grid-parent","grid-50"],"yoast_head":"<!-- This site is optimized with the Yoast SEO plugin v27.3 - https:\/\/yoast.com\/product\/yoast-seo-wordpress\/ -->\n<title>Casa CA \/ Pablo Gagliardo, Mar\u00eda Eugenia D\u00edaz - Arquimaster<\/title>\n<meta name=\"description\" content=\"Superficies vidriadas continuas diluyen los l\u00edmites e integran totalmente el jard\u00edn con el interior.\" \/>\n<meta name=\"robots\" content=\"index, follow, max-snippet:-1, max-image-preview:large, max-video-preview:-1\" \/>\n<link rel=\"canonical\" href=\"https:\/\/www.arquimaster.com.ar\/web\/casa-c-a-pablo-gagliardo\/\" \/>\n<meta property=\"og:locale\" content=\"es_ES\" \/>\n<meta property=\"og:type\" content=\"article\" \/>\n<meta property=\"og:title\" content=\"Casa CA \/ Pablo Gagliardo, Mar\u00eda Eugenia D\u00edaz\" \/>\n<meta property=\"og:description\" content=\"Superficies vidriadas continuas diluyen los l\u00edmites e integran totalmente el jard\u00edn con el interior.\" \/>\n<meta property=\"og:url\" content=\"https:\/\/www.arquimaster.com.ar\/web\/casa-c-a-pablo-gagliardo\/\" \/>\n<meta property=\"og:site_name\" content=\"Arquimaster\" \/>\n<meta property=\"article:publisher\" content=\"http:\/\/www.facebook.com\/ARQUIMASTER.com.ar\" \/>\n<meta property=\"article:published_time\" content=\"2018-12-17T16:00:55+00:00\" \/>\n<meta property=\"article:modified_time\" content=\"2020-05-24T21:44:07+00:00\" \/>\n<meta property=\"og:image\" content=\"https:\/\/www.arquimaster.com.ar\/web\/wp-content\/uploads\/2018\/12\/casa_ca_slide-wpp1590356514128.jpg\" \/>\n\t<meta property=\"og:image:width\" content=\"698\" \/>\n\t<meta property=\"og:image:height\" content=\"364\" \/>\n\t<meta property=\"og:image:type\" content=\"image\/jpeg\" \/>\n<meta name=\"author\" content=\"Arquimaster\" \/>\n<meta name=\"twitter:card\" content=\"summary_large_image\" \/>\n<meta name=\"twitter:title\" content=\"Casa CA \/ Pablo Gagliardo, Mar\u00eda Eugenia D\u00edaz\" \/>\n<meta name=\"twitter:description\" content=\"Superficies vidriadas continuas diluyen los l\u00edmites e integran totalmente el jard\u00edn con el interior.\" \/>\n<meta name=\"twitter:image\" content=\"https:\/\/www.arquimaster.com.ar\/web\/wp-content\/uploads\/2018\/12\/casa_ca_slide-wpp1590356514128.jpg\" \/>\n<meta name=\"twitter:creator\" content=\"@arquimaster\" \/>\n<meta name=\"twitter:site\" content=\"@arquimaster\" \/>\n<meta name=\"twitter:label1\" content=\"Escrito por\" \/>\n\t<meta name=\"twitter:data1\" content=\"Arquimaster\" \/>\n\t<meta name=\"twitter:label2\" content=\"Tiempo de lectura\" \/>\n\t<meta name=\"twitter:data2\" content=\"5 minutos\" \/>\n<script type=\"application\/ld+json\" class=\"yoast-schema-graph\">{\"@context\":\"https:\\\/\\\/schema.org\",\"@graph\":[{\"@type\":\"Article\",\"@id\":\"https:\\\/\\\/www.arquimaster.com.ar\\\/web\\\/casa-c-a-pablo-gagliardo\\\/#article\",\"isPartOf\":{\"@id\":\"https:\\\/\\\/www.arquimaster.com.ar\\\/web\\\/casa-c-a-pablo-gagliardo\\\/\"},\"author\":{\"name\":\"Arquimaster\",\"@id\":\"https:\\\/\\\/www.arquimaster.com.ar\\\/web\\\/#\\\/schema\\\/person\\\/359e9f7c00193fcde068e0dd2ceb0028\"},\"headline\":\"Casa CA \\\/ Pablo Gagliardo, Mar\u00eda Eugenia D\u00edaz\",\"datePublished\":\"2018-12-17T16:00:55+00:00\",\"dateModified\":\"2020-05-24T21:44:07+00:00\",\"mainEntityOfPage\":{\"@id\":\"https:\\\/\\\/www.arquimaster.com.ar\\\/web\\\/casa-c-a-pablo-gagliardo\\\/\"},\"wordCount\":1025,\"publisher\":{\"@id\":\"https:\\\/\\\/www.arquimaster.com.ar\\\/web\\\/#organization\"},\"image\":{\"@id\":\"https:\\\/\\\/www.arquimaster.com.ar\\\/web\\\/casa-c-a-pablo-gagliardo\\\/#primaryimage\"},\"thumbnailUrl\":\"https:\\\/\\\/www.arquimaster.com.ar\\\/web\\\/wp-content\\\/uploads\\\/2018\\\/12\\\/casa_ca_slide-wpp1590356514128.jpg\",\"keywords\":[\"Fisherton\",\"Mar\u00eda Eugenia D\u00edaz\",\"Obring Arquitectura\",\"Pablo Gagliardo\",\"Rosario\",\"Santa Fe\",\"vivienda unifamiliar\"],\"articleSection\":[\"Proyecto\",\"Vivienda unifamiliar y PH\"],\"inLanguage\":\"es\"},{\"@type\":\"WebPage\",\"@id\":\"https:\\\/\\\/www.arquimaster.com.ar\\\/web\\\/casa-c-a-pablo-gagliardo\\\/\",\"url\":\"https:\\\/\\\/www.arquimaster.com.ar\\\/web\\\/casa-c-a-pablo-gagliardo\\\/\",\"name\":\"Casa CA \\\/ Pablo Gagliardo, Mar\u00eda Eugenia D\u00edaz - Arquimaster\",\"isPartOf\":{\"@id\":\"https:\\\/\\\/www.arquimaster.com.ar\\\/web\\\/#website\"},\"primaryImageOfPage\":{\"@id\":\"https:\\\/\\\/www.arquimaster.com.ar\\\/web\\\/casa-c-a-pablo-gagliardo\\\/#primaryimage\"},\"image\":{\"@id\":\"https:\\\/\\\/www.arquimaster.com.ar\\\/web\\\/casa-c-a-pablo-gagliardo\\\/#primaryimage\"},\"thumbnailUrl\":\"https:\\\/\\\/www.arquimaster.com.ar\\\/web\\\/wp-content\\\/uploads\\\/2018\\\/12\\\/casa_ca_slide-wpp1590356514128.jpg\",\"datePublished\":\"2018-12-17T16:00:55+00:00\",\"dateModified\":\"2020-05-24T21:44:07+00:00\",\"description\":\"Superficies vidriadas continuas diluyen los l\u00edmites e integran totalmente el jard\u00edn con el interior.\",\"breadcrumb\":{\"@id\":\"https:\\\/\\\/www.arquimaster.com.ar\\\/web\\\/casa-c-a-pablo-gagliardo\\\/#breadcrumb\"},\"inLanguage\":\"es\",\"potentialAction\":[{\"@type\":\"ReadAction\",\"target\":[\"https:\\\/\\\/www.arquimaster.com.ar\\\/web\\\/casa-c-a-pablo-gagliardo\\\/\"]}]},{\"@type\":\"ImageObject\",\"inLanguage\":\"es\",\"@id\":\"https:\\\/\\\/www.arquimaster.com.ar\\\/web\\\/casa-c-a-pablo-gagliardo\\\/#primaryimage\",\"url\":\"https:\\\/\\\/www.arquimaster.com.ar\\\/web\\\/wp-content\\\/uploads\\\/2018\\\/12\\\/casa_ca_slide-wpp1590356514128.jpg\",\"contentUrl\":\"https:\\\/\\\/www.arquimaster.com.ar\\\/web\\\/wp-content\\\/uploads\\\/2018\\\/12\\\/casa_ca_slide-wpp1590356514128.jpg\",\"width\":698,\"height\":364},{\"@type\":\"BreadcrumbList\",\"@id\":\"https:\\\/\\\/www.arquimaster.com.ar\\\/web\\\/casa-c-a-pablo-gagliardo\\\/#breadcrumb\",\"itemListElement\":[{\"@type\":\"ListItem\",\"position\":1,\"name\":\"Portada\",\"item\":\"https:\\\/\\\/www.arquimaster.com.ar\\\/web\\\/\"},{\"@type\":\"ListItem\",\"position\":2,\"name\":\"Casa CA \\\/ Pablo Gagliardo, Mar\u00eda Eugenia D\u00edaz\"}]},{\"@type\":\"WebSite\",\"@id\":\"https:\\\/\\\/www.arquimaster.com.ar\\\/web\\\/#website\",\"url\":\"https:\\\/\\\/www.arquimaster.com.ar\\\/web\\\/\",\"name\":\"Arquimaster\",\"description\":\"Web de arquitectura, dise\u00f1o y construccion\",\"publisher\":{\"@id\":\"https:\\\/\\\/www.arquimaster.com.ar\\\/web\\\/#organization\"},\"potentialAction\":[{\"@type\":\"SearchAction\",\"target\":{\"@type\":\"EntryPoint\",\"urlTemplate\":\"https:\\\/\\\/www.arquimaster.com.ar\\\/web\\\/?s={search_term_string}\"},\"query-input\":{\"@type\":\"PropertyValueSpecification\",\"valueRequired\":true,\"valueName\":\"search_term_string\"}}],\"inLanguage\":\"es\"},{\"@type\":\"Organization\",\"@id\":\"https:\\\/\\\/www.arquimaster.com.ar\\\/web\\\/#organization\",\"name\":\"Arquimaster\",\"url\":\"https:\\\/\\\/www.arquimaster.com.ar\\\/web\\\/\",\"logo\":{\"@type\":\"ImageObject\",\"inLanguage\":\"es\",\"@id\":\"https:\\\/\\\/www.arquimaster.com.ar\\\/web\\\/#\\\/schema\\\/logo\\\/image\\\/\",\"url\":\"https:\\\/\\\/www.arquimaster.com.ar\\\/web\\\/wp-content\\\/uploads\\\/2022\\\/06\\\/arquimaster.png\",\"contentUrl\":\"https:\\\/\\\/www.arquimaster.com.ar\\\/web\\\/wp-content\\\/uploads\\\/2022\\\/06\\\/arquimaster.png\",\"width\":594,\"height\":78,\"caption\":\"Arquimaster\"},\"image\":{\"@id\":\"https:\\\/\\\/www.arquimaster.com.ar\\\/web\\\/#\\\/schema\\\/logo\\\/image\\\/\"},\"sameAs\":[\"http:\\\/\\\/www.facebook.com\\\/ARQUIMASTER.com.ar\",\"https:\\\/\\\/x.com\\\/arquimaster\",\"https:\\\/\\\/www.instagram.com\\\/arquimasterblog\\\/\",\"https:\\\/\\\/www.linkedin.com\\\/company\\\/arquimaster\",\"https:\\\/\\\/www.pinterest.com\\\/arquimaster\",\"https:\\\/\\\/t.me\\\/arquimaster\"]},{\"@type\":\"Person\",\"@id\":\"https:\\\/\\\/www.arquimaster.com.ar\\\/web\\\/#\\\/schema\\\/person\\\/359e9f7c00193fcde068e0dd2ceb0028\",\"name\":\"Arquimaster\"}]}<\/script>\n<!-- \/ Yoast SEO plugin. -->","yoast_head_json":{"title":"Casa CA \/ Pablo Gagliardo, Mar\u00eda Eugenia D\u00edaz - Arquimaster","description":"Superficies vidriadas continuas diluyen los l\u00edmites e integran totalmente el jard\u00edn con el interior.","robots":{"index":"index","follow":"follow","max-snippet":"max-snippet:-1","max-image-preview":"max-image-preview:large","max-video-preview":"max-video-preview:-1"},"canonical":"https:\/\/www.arquimaster.com.ar\/web\/casa-c-a-pablo-gagliardo\/","og_locale":"es_ES","og_type":"article","og_title":"Casa CA \/ Pablo Gagliardo, Mar\u00eda Eugenia D\u00edaz","og_description":"Superficies vidriadas continuas diluyen los l\u00edmites e integran totalmente el jard\u00edn con el interior.","og_url":"https:\/\/www.arquimaster.com.ar\/web\/casa-c-a-pablo-gagliardo\/","og_site_name":"Arquimaster","article_publisher":"http:\/\/www.facebook.com\/ARQUIMASTER.com.ar","article_published_time":"2018-12-17T16:00:55+00:00","article_modified_time":"2020-05-24T21:44:07+00:00","og_image":[{"width":698,"height":364,"url":"https:\/\/www.arquimaster.com.ar\/web\/wp-content\/uploads\/2018\/12\/casa_ca_slide-wpp1590356514128.jpg","type":"image\/jpeg"}],"author":"Arquimaster","twitter_card":"summary_large_image","twitter_title":"Casa CA \/ Pablo Gagliardo, Mar\u00eda Eugenia D\u00edaz","twitter_description":"Superficies vidriadas continuas diluyen los l\u00edmites e integran totalmente el jard\u00edn con el interior.","twitter_image":"https:\/\/www.arquimaster.com.ar\/web\/wp-content\/uploads\/2018\/12\/casa_ca_slide-wpp1590356514128.jpg","twitter_creator":"@arquimaster","twitter_site":"@arquimaster","twitter_misc":{"Escrito por":"Arquimaster","Tiempo de lectura":"5 minutos"},"schema":{"@context":"https:\/\/schema.org","@graph":[{"@type":"Article","@id":"https:\/\/www.arquimaster.com.ar\/web\/casa-c-a-pablo-gagliardo\/#article","isPartOf":{"@id":"https:\/\/www.arquimaster.com.ar\/web\/casa-c-a-pablo-gagliardo\/"},"author":{"name":"Arquimaster","@id":"https:\/\/www.arquimaster.com.ar\/web\/#\/schema\/person\/359e9f7c00193fcde068e0dd2ceb0028"},"headline":"Casa CA \/ Pablo Gagliardo, Mar\u00eda Eugenia D\u00edaz","datePublished":"2018-12-17T16:00:55+00:00","dateModified":"2020-05-24T21:44:07+00:00","mainEntityOfPage":{"@id":"https:\/\/www.arquimaster.com.ar\/web\/casa-c-a-pablo-gagliardo\/"},"wordCount":1025,"publisher":{"@id":"https:\/\/www.arquimaster.com.ar\/web\/#organization"},"image":{"@id":"https:\/\/www.arquimaster.com.ar\/web\/casa-c-a-pablo-gagliardo\/#primaryimage"},"thumbnailUrl":"https:\/\/www.arquimaster.com.ar\/web\/wp-content\/uploads\/2018\/12\/casa_ca_slide-wpp1590356514128.jpg","keywords":["Fisherton","Mar\u00eda Eugenia D\u00edaz","Obring Arquitectura","Pablo Gagliardo","Rosario","Santa Fe","vivienda unifamiliar"],"articleSection":["Proyecto","Vivienda unifamiliar y PH"],"inLanguage":"es"},{"@type":"WebPage","@id":"https:\/\/www.arquimaster.com.ar\/web\/casa-c-a-pablo-gagliardo\/","url":"https:\/\/www.arquimaster.com.ar\/web\/casa-c-a-pablo-gagliardo\/","name":"Casa CA \/ Pablo Gagliardo, Mar\u00eda Eugenia D\u00edaz - Arquimaster","isPartOf":{"@id":"https:\/\/www.arquimaster.com.ar\/web\/#website"},"primaryImageOfPage":{"@id":"https:\/\/www.arquimaster.com.ar\/web\/casa-c-a-pablo-gagliardo\/#primaryimage"},"image":{"@id":"https:\/\/www.arquimaster.com.ar\/web\/casa-c-a-pablo-gagliardo\/#primaryimage"},"thumbnailUrl":"https:\/\/www.arquimaster.com.ar\/web\/wp-content\/uploads\/2018\/12\/casa_ca_slide-wpp1590356514128.jpg","datePublished":"2018-12-17T16:00:55+00:00","dateModified":"2020-05-24T21:44:07+00:00","description":"Superficies vidriadas continuas diluyen los l\u00edmites e integran totalmente el jard\u00edn con el interior.","breadcrumb":{"@id":"https:\/\/www.arquimaster.com.ar\/web\/casa-c-a-pablo-gagliardo\/#breadcrumb"},"inLanguage":"es","potentialAction":[{"@type":"ReadAction","target":["https:\/\/www.arquimaster.com.ar\/web\/casa-c-a-pablo-gagliardo\/"]}]},{"@type":"ImageObject","inLanguage":"es","@id":"https:\/\/www.arquimaster.com.ar\/web\/casa-c-a-pablo-gagliardo\/#primaryimage","url":"https:\/\/www.arquimaster.com.ar\/web\/wp-content\/uploads\/2018\/12\/casa_ca_slide-wpp1590356514128.jpg","contentUrl":"https:\/\/www.arquimaster.com.ar\/web\/wp-content\/uploads\/2018\/12\/casa_ca_slide-wpp1590356514128.jpg","width":698,"height":364},{"@type":"BreadcrumbList","@id":"https:\/\/www.arquimaster.com.ar\/web\/casa-c-a-pablo-gagliardo\/#breadcrumb","itemListElement":[{"@type":"ListItem","position":1,"name":"Portada","item":"https:\/\/www.arquimaster.com.ar\/web\/"},{"@type":"ListItem","position":2,"name":"Casa CA \/ Pablo Gagliardo, Mar\u00eda Eugenia D\u00edaz"}]},{"@type":"WebSite","@id":"https:\/\/www.arquimaster.com.ar\/web\/#website","url":"https:\/\/www.arquimaster.com.ar\/web\/","name":"Arquimaster","description":"Web de arquitectura, dise\u00f1o y construccion","publisher":{"@id":"https:\/\/www.arquimaster.com.ar\/web\/#organization"},"potentialAction":[{"@type":"SearchAction","target":{"@type":"EntryPoint","urlTemplate":"https:\/\/www.arquimaster.com.ar\/web\/?s={search_term_string}"},"query-input":{"@type":"PropertyValueSpecification","valueRequired":true,"valueName":"search_term_string"}}],"inLanguage":"es"},{"@type":"Organization","@id":"https:\/\/www.arquimaster.com.ar\/web\/#organization","name":"Arquimaster","url":"https:\/\/www.arquimaster.com.ar\/web\/","logo":{"@type":"ImageObject","inLanguage":"es","@id":"https:\/\/www.arquimaster.com.ar\/web\/#\/schema\/logo\/image\/","url":"https:\/\/www.arquimaster.com.ar\/web\/wp-content\/uploads\/2022\/06\/arquimaster.png","contentUrl":"https:\/\/www.arquimaster.com.ar\/web\/wp-content\/uploads\/2022\/06\/arquimaster.png","width":594,"height":78,"caption":"Arquimaster"},"image":{"@id":"https:\/\/www.arquimaster.com.ar\/web\/#\/schema\/logo\/image\/"},"sameAs":["http:\/\/www.facebook.com\/ARQUIMASTER.com.ar","https:\/\/x.com\/arquimaster","https:\/\/www.instagram.com\/arquimasterblog\/","https:\/\/www.linkedin.com\/company\/arquimaster","https:\/\/www.pinterest.com\/arquimaster","https:\/\/t.me\/arquimaster"]},{"@type":"Person","@id":"https:\/\/www.arquimaster.com.ar\/web\/#\/schema\/person\/359e9f7c00193fcde068e0dd2ceb0028","name":"Arquimaster"}]}},"uagb_featured_image_src":{"full":["https:\/\/www.arquimaster.com.ar\/web\/wp-content\/uploads\/2018\/12\/casa_ca_slide-wpp1590356514128.jpg",698,364,false],"thumbnail":["https:\/\/www.arquimaster.com.ar\/web\/wp-content\/uploads\/2018\/12\/casa_ca_slide-wpp1590356514128-150x150.jpg",150,150,true],"medium":["https:\/\/www.arquimaster.com.ar\/web\/wp-content\/uploads\/2018\/12\/casa_ca_slide-wpp1590356514128.jpg",698,364,false],"medium_large":["https:\/\/www.arquimaster.com.ar\/web\/wp-content\/uploads\/2018\/12\/casa_ca_slide-wpp1590356514128.jpg",698,364,false],"large":["https:\/\/www.arquimaster.com.ar\/web\/wp-content\/uploads\/2018\/12\/casa_ca_slide-wpp1590356514128.jpg",698,364,false],"1536x1536":["https:\/\/www.arquimaster.com.ar\/web\/wp-content\/uploads\/2018\/12\/casa_ca_slide-wpp1590356514128.jpg",698,364,false],"2048x2048":["https:\/\/www.arquimaster.com.ar\/web\/wp-content\/uploads\/2018\/12\/casa_ca_slide-wpp1590356514128.jpg",698,364,false]},"uagb_author_info":{"display_name":"Arquimaster","author_link":"https:\/\/www.arquimaster.com.ar\/web\/author\/arquimaster\/"},"uagb_comment_info":0,"uagb_excerpt":"Superficies vidriadas continuas diluyen los l\u00edmites e integran totalmente el jard\u00edn con el interior...","_links":{"self":[{"href":"https:\/\/www.arquimaster.com.ar\/web\/wp-json\/wp\/v2\/posts\/34257","targetHints":{"allow":["GET"]}}],"collection":[{"href":"https:\/\/www.arquimaster.com.ar\/web\/wp-json\/wp\/v2\/posts"}],"about":[{"href":"https:\/\/www.arquimaster.com.ar\/web\/wp-json\/wp\/v2\/types\/post"}],"author":[{"embeddable":true,"href":"https:\/\/www.arquimaster.com.ar\/web\/wp-json\/wp\/v2\/users\/1"}],"replies":[{"embeddable":true,"href":"https:\/\/www.arquimaster.com.ar\/web\/wp-json\/wp\/v2\/comments?post=34257"}],"version-history":[{"count":1,"href":"https:\/\/www.arquimaster.com.ar\/web\/wp-json\/wp\/v2\/posts\/34257\/revisions"}],"predecessor-version":[{"id":56007,"href":"https:\/\/www.arquimaster.com.ar\/web\/wp-json\/wp\/v2\/posts\/34257\/revisions\/56007"}],"wp:featuredmedia":[{"embeddable":true,"href":"https:\/\/www.arquimaster.com.ar\/web\/wp-json\/wp\/v2\/media\/34261"}],"wp:attachment":[{"href":"https:\/\/www.arquimaster.com.ar\/web\/wp-json\/wp\/v2\/media?parent=34257"}],"wp:term":[{"taxonomy":"category","embeddable":true,"href":"https:\/\/www.arquimaster.com.ar\/web\/wp-json\/wp\/v2\/categories?post=34257"},{"taxonomy":"post_tag","embeddable":true,"href":"https:\/\/www.arquimaster.com.ar\/web\/wp-json\/wp\/v2\/tags?post=34257"}],"curies":[{"name":"wp","href":"https:\/\/api.w.org\/{rel}","templated":true}]}}