{"id":34350,"date":"2018-12-15T20:28:00","date_gmt":"2018-12-15T20:28:00","guid":{"rendered":"http:\/\/www.arquimaster.com.ar\/web\/?p=34350"},"modified":"2025-08-08T19:20:08","modified_gmt":"2025-08-08T22:20:08","slug":"pinturas-colorin-aporta-los-colores-y-la-artista-romina-castineira-las-formas-que-van-a-enriquecer-el-acervo-cultural-del-museo-caraffa","status":"publish","type":"post","link":"https:\/\/www.arquimaster.com.ar\/web\/pinturas-colorin-aporta-los-colores-y-la-artista-romina-castineira-las-formas-que-van-a-enriquecer-el-acervo-cultural-del-museo-caraffa\/","title":{"rendered":"Pinturas Color\u00edn aporta los colores y la artista Romina Casti\u00f1eira, las formas que van a enriquecer el acervo cultural del Museo Caraffa"},"content":{"rendered":"<div style=\"margin-top: 0px; margin-bottom: 0px;\" class=\"sharethis-inline-share-buttons\" ><\/div><div class=\"b812932af2e751442846f039925109de\" data-index=\"1\" style=\"float: none; margin:25px 0 25px 0; text-align:center;\">\n<script async src=\"https:\/\/pagead2.googlesyndication.com\/pagead\/js\/adsbygoogle.js\"><\/script>\r\n<!-- Arquimaster (superior) -->\r\n<ins class=\"adsbygoogle\"\r\n     style=\"display:block\"\r\n     data-ad-client=\"ca-pub-6351072698456832\"\r\n     data-ad-slot=\"6455489680\"\r\n     data-ad-format=\"auto\"\r\n     data-full-width-responsive=\"true\"><\/ins>\r\n<script>\r\n     (adsbygoogle = window.adsbygoogle || []).push({});\r\n<\/script>\n<\/div>\n<p>La reconocida artista pl\u00e1stica cordobesa gan\u00f3 el <strong>Premio Escultura Olmos-CIMCC<\/strong>. Premio que otorga <strong>Patio Olmos<\/strong> junto con la <strong>C\u00e1mara de Industriales Metal\u00fargicos y de Componentes de C\u00f3rdoba<\/strong> y el <strong>Museo Emilio Caraffa<\/strong>. Su creaci\u00f3n ser\u00e1 estandarte del patio de esculturas del Museo Caraffa (uno de los museos m\u00e1s importantes del pa\u00eds) y pasar\u00e1 a formar parte de la colecci\u00f3n provincial y del patio de esculturas.<\/p>\n<p>El arte se manifiesta en m\u00faltiples formas, creaciones, intervenciones y abstracciones. El color se expresa a trav\u00e9s de estas obras, vibrante y desafiante, con identidad propia y un mensaje claro que el artista imprime de manera \u00fanica. <strong>Pinturas Color\u00edn<\/strong>, de Grupo Disal, se enorgullece en acompa\u00f1ar el proceso creativo de esta referente provincial y aportar\u00e1 diversos productos para la realizaci\u00f3n de su obra, de su visi\u00f3n plasmada en el plano real. Adem\u00e1s, una vez finalizada, esta obra ser\u00e1 una de las nuevas atracciones que el Museo Caraffa presentar\u00e1 para fines de a\u00f1o.<\/p>\n<p>Con una trayectoria que se remonta a m\u00e1s de 70 a\u00f1os dedicados a la fabricaci\u00f3n y distribuci\u00f3n de pinturas para el hogar, obra y automotor, Color\u00edn -ahora parte de Grupo Disal- apoya la creaci\u00f3n art\u00edstica, el arte en sus m\u00e1s variadas formas y acompa\u00f1a a quienes ven en el color una forma de expresarse. En tal sentido, en esta oportunidad entregar\u00e1 toda la pintura necesaria para plasmar su obra.<\/p>\n<p><strong>Romina Casti\u00f1eira<\/strong> es una reconocida artista pl\u00e1stica cordobesa quien, adem\u00e1s, es la flamante ganadora el Premio Escultura Olmos-CIMCC, que otorga Patio Olmos y la CIMCC (C\u00e1mara de Industriales Metal\u00fargicos y de Componentes de C\u00f3rdoba). El proyecto que result\u00f3 ganador -Zona virtual- consiste en la confecci\u00f3n de una escultura que se instalar\u00e1 en el patio del Museo Caraffa, uno de los museos m\u00e1s importantes de la Argentina. La obra se presentar\u00e1 finalizada el 13 de diciembrede 2018 y pasar\u00e1 a formar parte de la colecci\u00f3n provincial.<\/p>\n<p><strong>Zona virtual<\/strong> es un proyecto dise\u00f1ado por ella y pensado espec\u00edficamente para el patio del Museo Caraffa. Se cre\u00f3 para ese contexto y en funci\u00f3n del uso que se da a ese lugar. Asimismo, se considera una oportunidad para producir una obra en el espacio p\u00fablico. Sobre todo, porque Romina se interesa por la espacialidad y la experiencia sensorial de quienes vivencian la obra. Es como una escenograf\u00eda urbana, comprendiendo esto como los espacios que las personas habitan.<\/p>\n<p><em>\u00abDesde 2012 estoy estudiando y produciendo esculturas que son espacios para ser vividos, imagin\u00e1ndolos como un lugar de encuentro y en ocasiones como sitios de referencia. Decid\u00ed observar c\u00f3mo funciona el espacio vac\u00edo en las esculturas. \u00bfD\u00f3nde contienen espacio vac\u00edo las esculturas? \u00bfAdentro o afuera?\u00bb<\/em>, sostiene la artista.<\/p>\n<p>El proyecto se propone como una sugerencia inconclusa de l\u00edneas en el paisaje, permitiendo la libre circulaci\u00f3n y exacerbando la condici\u00f3n espacial del adentro y del afuera para que las personas tengan una experiencia interior-exterior. Tambi\u00e9n explora l\u00f3gicas arquitect\u00f3nicas ya que es un espacio habitable. Genera una cierta condici\u00f3n de cobijo, de l\u00edmite, de estar adentro-afuera y de habitabilidad.<\/p>\n<p>La obra tambi\u00e9n trabaja sobre otros principios como la natural tendencia de la percepci\u00f3n humana a completar formas, ya que en rigor la obra no es un cubo sino partes de \u00e9l. <em>\u00abDe manera f\u00edsica recrea una geometr\u00eda dispuesta en el espacio t\u00edpica de las construcciones virtuales caracter\u00edsticas de los proyectos arquitect\u00f3nicos. Es el espacio virtual hecho anal\u00f3gico. Como un dibujo virtual que define el espacio\u00bb<\/em>, agrega la artista.<\/p>\n<p><strong>Sobre la Artista<\/strong><br \/>\nEgresada de la Universidad Nacional de C\u00f3rdoba, su inter\u00e9s por el cruce de disciplinas la lleva a complementar su formaci\u00f3n con la danza, la escenograf\u00eda, la fotograf\u00eda, el video, la arquitectura, el dise\u00f1o expositivo y la curadur\u00eda. Su obra ha sido exhibida en muestras individuales y colectivas, en espacios como el Centro Cultural C\u00f3rdoba, el Museo Genaro P\u00e9rez y el Centro Cultural Recoleta, as\u00ed tambi\u00e9n en la v\u00eda p\u00fablica. Realiz\u00f3 una residencia en Par\u00eds donde expuso, por primera vez, su serie de fotograf\u00edas \u00abSobre el vac\u00edo\u00bb. En 2016 present\u00f3 una instalaci\u00f3n de sitio espec\u00edfico en el Centro Cultural C\u00f3rdoba, \u00abEl origen. Te regalo la luz de este viaje hacia el centro\u00bb. Como parte de su investigaci\u00f3n acerca de la espacialidad y de la memoria de los materiales, present\u00f3 dos elementos esenciales de la composici\u00f3n del pl\u00e1stico, sal y petr\u00f3leo, para formar una geograf\u00eda abstracta y transformar el espacio en una sala para la introspecci\u00f3n.<\/p>\n<p><strong>Sobre Color\u00edn<\/strong><br \/>\nColor\u00edn es una compa\u00f1\u00eda nacional, dedicada a la fabricaci\u00f3n y distribuci\u00f3n de productos destinados al hogar, obra, industria y automotor. Consolidada como una empresa innovadora y l\u00edder del mercado, con productos de altos est\u00e1ndares de calidad desde hace m\u00e1s de 70 a\u00f1os. El Grupo Disal toma el liderazgo y responsabilidad sobre la marca a partir del 2018, transfiriendo la experiencia en el sector, los valores y el concepto de Empresa Nacional y Federal enfocada en la satisfacci\u00f3n de sus clientes y consumidores. El trabajo en equipo, la presencia de Marca, la calidad de los productos y servicios de post-venta son los ejes para ser una empresa l\u00edder del mercado en Argentina. Su prop\u00f3sito es trabajar en la mejora continua y superarse cada d\u00eda. Siempre mirando hacia adelante parados en el presente, evaluando las oportunidades para innovar y crecer.<\/p>\n\n<div style=\"font-size: 0px; height: 0px; line-height: 0px; margin: 0; padding: 0; clear: both;\"><\/div><div style=\"margin-top: 0px; margin-bottom: 0px;\" class=\"sharethis-inline-share-buttons\" ><\/div>","protected":false},"excerpt":{"rendered":"<p>La reconocida artista pl\u00e1stica cordobesa gan\u00f3 el Premio Escultura Olmos-CIMCC&#8230;<\/p>\n","protected":false},"author":1,"featured_media":34351,"comment_status":"closed","ping_status":"closed","sticky":false,"template":"","format":"standard","meta":{"_uag_custom_page_level_css":"","footnotes":""},"categories":[70,68],"tags":[4931,4930,203,4924,228,4926,4923,4929,204,4925,4928,4927],"class_list":["post-34350","post","type-post","status-publish","format-standard","has-post-thumbnail","hentry","category-noticias-arquitectura","category-novedades","tag-camara-de-industriales-metalurgicos-y-de-componentes-de-cordoba","tag-cimcc","tag-color","tag-colorin","tag-cordoba","tag-grupo-disal","tag-museo-caraffa","tag-patio-olmos","tag-pintura","tag-pinturas-colorin","tag-premio-escultura-olmos-cimcc","tag-romina-castineira","generate-columns","tablet-grid-50","mobile-grid-100","grid-parent","grid-50"],"yoast_head":"<!-- This site is optimized with the Yoast SEO plugin v27.3 - https:\/\/yoast.com\/product\/yoast-seo-wordpress\/ -->\n<title>Pinturas Color\u00edn aporta los colores y la artista Romina Casti\u00f1eira, las formas que van a enriquecer el acervo cultural del Museo Caraffa - Arquimaster<\/title>\n<meta name=\"robots\" content=\"index, follow, max-snippet:-1, max-image-preview:large, max-video-preview:-1\" \/>\n<link rel=\"canonical\" href=\"https:\/\/www.arquimaster.com.ar\/web\/pinturas-colorin-aporta-los-colores-y-la-artista-romina-castineira-las-formas-que-van-a-enriquecer-el-acervo-cultural-del-museo-caraffa\/\" \/>\n<meta property=\"og:locale\" content=\"es_ES\" \/>\n<meta property=\"og:type\" content=\"article\" \/>\n<meta property=\"og:title\" content=\"Pinturas Color\u00edn aporta los colores y la artista Romina Casti\u00f1eira, las formas que van a enriquecer el acervo cultural del Museo Caraffa - Arquimaster\" \/>\n<meta property=\"og:description\" content=\"La reconocida artista pl\u00e1stica cordobesa gan\u00f3 el Premio Escultura Olmos-CIMCC...\" \/>\n<meta property=\"og:url\" content=\"https:\/\/www.arquimaster.com.ar\/web\/pinturas-colorin-aporta-los-colores-y-la-artista-romina-castineira-las-formas-que-van-a-enriquecer-el-acervo-cultural-del-museo-caraffa\/\" \/>\n<meta property=\"og:site_name\" content=\"Arquimaster\" \/>\n<meta property=\"article:publisher\" content=\"http:\/\/www.facebook.com\/ARQUIMASTER.com.ar\" \/>\n<meta property=\"article:published_time\" content=\"2018-12-15T20:28:00+00:00\" \/>\n<meta property=\"article:modified_time\" content=\"2025-08-08T22:20:08+00:00\" \/>\n<meta property=\"og:image\" content=\"https:\/\/www.arquimaster.com.ar\/web\/wp-content\/uploads\/2018\/12\/colorin_castineira_slide.jpg\" \/>\n\t<meta property=\"og:image:width\" content=\"642\" \/>\n\t<meta property=\"og:image:height\" content=\"336\" \/>\n\t<meta property=\"og:image:type\" content=\"image\/jpeg\" \/>\n<meta name=\"author\" content=\"Arquimaster\" \/>\n<meta name=\"twitter:card\" content=\"summary_large_image\" \/>\n<meta name=\"twitter:creator\" content=\"@arquimaster\" \/>\n<meta name=\"twitter:site\" content=\"@arquimaster\" \/>\n<meta name=\"twitter:label1\" content=\"Escrito por\" \/>\n\t<meta name=\"twitter:data1\" content=\"Arquimaster\" \/>\n\t<meta name=\"twitter:label2\" content=\"Tiempo de lectura\" \/>\n\t<meta name=\"twitter:data2\" content=\"5 minutos\" \/>\n<script type=\"application\/ld+json\" class=\"yoast-schema-graph\">{\"@context\":\"https:\\\/\\\/schema.org\",\"@graph\":[{\"@type\":\"Article\",\"@id\":\"https:\\\/\\\/www.arquimaster.com.ar\\\/web\\\/pinturas-colorin-aporta-los-colores-y-la-artista-romina-castineira-las-formas-que-van-a-enriquecer-el-acervo-cultural-del-museo-caraffa\\\/#article\",\"isPartOf\":{\"@id\":\"https:\\\/\\\/www.arquimaster.com.ar\\\/web\\\/pinturas-colorin-aporta-los-colores-y-la-artista-romina-castineira-las-formas-que-van-a-enriquecer-el-acervo-cultural-del-museo-caraffa\\\/\"},\"author\":{\"name\":\"Arquimaster\",\"@id\":\"https:\\\/\\\/www.arquimaster.com.ar\\\/web\\\/#\\\/schema\\\/person\\\/359e9f7c00193fcde068e0dd2ceb0028\"},\"headline\":\"Pinturas Color\u00edn aporta los colores y la artista Romina Casti\u00f1eira, las formas que van a enriquecer el acervo cultural del Museo Caraffa\",\"datePublished\":\"2018-12-15T20:28:00+00:00\",\"dateModified\":\"2025-08-08T22:20:08+00:00\",\"mainEntityOfPage\":{\"@id\":\"https:\\\/\\\/www.arquimaster.com.ar\\\/web\\\/pinturas-colorin-aporta-los-colores-y-la-artista-romina-castineira-las-formas-que-van-a-enriquecer-el-acervo-cultural-del-museo-caraffa\\\/\"},\"wordCount\":976,\"publisher\":{\"@id\":\"https:\\\/\\\/www.arquimaster.com.ar\\\/web\\\/#organization\"},\"image\":{\"@id\":\"https:\\\/\\\/www.arquimaster.com.ar\\\/web\\\/pinturas-colorin-aporta-los-colores-y-la-artista-romina-castineira-las-formas-que-van-a-enriquecer-el-acervo-cultural-del-museo-caraffa\\\/#primaryimage\"},\"thumbnailUrl\":\"https:\\\/\\\/www.arquimaster.com.ar\\\/web\\\/wp-content\\\/uploads\\\/2018\\\/12\\\/colorin_castineira_slide.jpg\",\"keywords\":[\"C\u00e1mara de Industriales Metal\u00fargicos y de Componentes de C\u00f3rdoba\",\"CIMCC\",\"color\",\"Color\u00edn\",\"C\u00f3rdoba\",\"Grupo Disal\",\"Museo Caraffa\",\"Patio Olmos\",\"pintura\",\"Pinturas Color\u00edn\",\"Premio Escultura Olmos-CIMCC\",\"Romina Casti\u00f1eira\"],\"articleSection\":[\"Noticias de arquitectura y dise\u00f1o\",\"Novedades\"],\"inLanguage\":\"es\"},{\"@type\":\"WebPage\",\"@id\":\"https:\\\/\\\/www.arquimaster.com.ar\\\/web\\\/pinturas-colorin-aporta-los-colores-y-la-artista-romina-castineira-las-formas-que-van-a-enriquecer-el-acervo-cultural-del-museo-caraffa\\\/\",\"url\":\"https:\\\/\\\/www.arquimaster.com.ar\\\/web\\\/pinturas-colorin-aporta-los-colores-y-la-artista-romina-castineira-las-formas-que-van-a-enriquecer-el-acervo-cultural-del-museo-caraffa\\\/\",\"name\":\"Pinturas Color\u00edn aporta los colores y la artista Romina Casti\u00f1eira, las formas que van a enriquecer el acervo cultural del Museo Caraffa - Arquimaster\",\"isPartOf\":{\"@id\":\"https:\\\/\\\/www.arquimaster.com.ar\\\/web\\\/#website\"},\"primaryImageOfPage\":{\"@id\":\"https:\\\/\\\/www.arquimaster.com.ar\\\/web\\\/pinturas-colorin-aporta-los-colores-y-la-artista-romina-castineira-las-formas-que-van-a-enriquecer-el-acervo-cultural-del-museo-caraffa\\\/#primaryimage\"},\"image\":{\"@id\":\"https:\\\/\\\/www.arquimaster.com.ar\\\/web\\\/pinturas-colorin-aporta-los-colores-y-la-artista-romina-castineira-las-formas-que-van-a-enriquecer-el-acervo-cultural-del-museo-caraffa\\\/#primaryimage\"},\"thumbnailUrl\":\"https:\\\/\\\/www.arquimaster.com.ar\\\/web\\\/wp-content\\\/uploads\\\/2018\\\/12\\\/colorin_castineira_slide.jpg\",\"datePublished\":\"2018-12-15T20:28:00+00:00\",\"dateModified\":\"2025-08-08T22:20:08+00:00\",\"breadcrumb\":{\"@id\":\"https:\\\/\\\/www.arquimaster.com.ar\\\/web\\\/pinturas-colorin-aporta-los-colores-y-la-artista-romina-castineira-las-formas-que-van-a-enriquecer-el-acervo-cultural-del-museo-caraffa\\\/#breadcrumb\"},\"inLanguage\":\"es\",\"potentialAction\":[{\"@type\":\"ReadAction\",\"target\":[\"https:\\\/\\\/www.arquimaster.com.ar\\\/web\\\/pinturas-colorin-aporta-los-colores-y-la-artista-romina-castineira-las-formas-que-van-a-enriquecer-el-acervo-cultural-del-museo-caraffa\\\/\"]}]},{\"@type\":\"ImageObject\",\"inLanguage\":\"es\",\"@id\":\"https:\\\/\\\/www.arquimaster.com.ar\\\/web\\\/pinturas-colorin-aporta-los-colores-y-la-artista-romina-castineira-las-formas-que-van-a-enriquecer-el-acervo-cultural-del-museo-caraffa\\\/#primaryimage\",\"url\":\"https:\\\/\\\/www.arquimaster.com.ar\\\/web\\\/wp-content\\\/uploads\\\/2018\\\/12\\\/colorin_castineira_slide.jpg\",\"contentUrl\":\"https:\\\/\\\/www.arquimaster.com.ar\\\/web\\\/wp-content\\\/uploads\\\/2018\\\/12\\\/colorin_castineira_slide.jpg\",\"width\":642,\"height\":336},{\"@type\":\"BreadcrumbList\",\"@id\":\"https:\\\/\\\/www.arquimaster.com.ar\\\/web\\\/pinturas-colorin-aporta-los-colores-y-la-artista-romina-castineira-las-formas-que-van-a-enriquecer-el-acervo-cultural-del-museo-caraffa\\\/#breadcrumb\",\"itemListElement\":[{\"@type\":\"ListItem\",\"position\":1,\"name\":\"Portada\",\"item\":\"https:\\\/\\\/www.arquimaster.com.ar\\\/web\\\/\"},{\"@type\":\"ListItem\",\"position\":2,\"name\":\"Pinturas Color\u00edn aporta los colores y la artista Romina Casti\u00f1eira, las formas que van a enriquecer el acervo cultural del Museo Caraffa\"}]},{\"@type\":\"WebSite\",\"@id\":\"https:\\\/\\\/www.arquimaster.com.ar\\\/web\\\/#website\",\"url\":\"https:\\\/\\\/www.arquimaster.com.ar\\\/web\\\/\",\"name\":\"Arquimaster\",\"description\":\"Web de arquitectura, dise\u00f1o y construccion\",\"publisher\":{\"@id\":\"https:\\\/\\\/www.arquimaster.com.ar\\\/web\\\/#organization\"},\"potentialAction\":[{\"@type\":\"SearchAction\",\"target\":{\"@type\":\"EntryPoint\",\"urlTemplate\":\"https:\\\/\\\/www.arquimaster.com.ar\\\/web\\\/?s={search_term_string}\"},\"query-input\":{\"@type\":\"PropertyValueSpecification\",\"valueRequired\":true,\"valueName\":\"search_term_string\"}}],\"inLanguage\":\"es\"},{\"@type\":\"Organization\",\"@id\":\"https:\\\/\\\/www.arquimaster.com.ar\\\/web\\\/#organization\",\"name\":\"Arquimaster\",\"url\":\"https:\\\/\\\/www.arquimaster.com.ar\\\/web\\\/\",\"logo\":{\"@type\":\"ImageObject\",\"inLanguage\":\"es\",\"@id\":\"https:\\\/\\\/www.arquimaster.com.ar\\\/web\\\/#\\\/schema\\\/logo\\\/image\\\/\",\"url\":\"https:\\\/\\\/www.arquimaster.com.ar\\\/web\\\/wp-content\\\/uploads\\\/2022\\\/06\\\/arquimaster.png\",\"contentUrl\":\"https:\\\/\\\/www.arquimaster.com.ar\\\/web\\\/wp-content\\\/uploads\\\/2022\\\/06\\\/arquimaster.png\",\"width\":594,\"height\":78,\"caption\":\"Arquimaster\"},\"image\":{\"@id\":\"https:\\\/\\\/www.arquimaster.com.ar\\\/web\\\/#\\\/schema\\\/logo\\\/image\\\/\"},\"sameAs\":[\"http:\\\/\\\/www.facebook.com\\\/ARQUIMASTER.com.ar\",\"https:\\\/\\\/x.com\\\/arquimaster\",\"https:\\\/\\\/www.instagram.com\\\/arquimasterblog\\\/\",\"https:\\\/\\\/www.linkedin.com\\\/company\\\/arquimaster\",\"https:\\\/\\\/www.pinterest.com\\\/arquimaster\",\"https:\\\/\\\/t.me\\\/arquimaster\"]},{\"@type\":\"Person\",\"@id\":\"https:\\\/\\\/www.arquimaster.com.ar\\\/web\\\/#\\\/schema\\\/person\\\/359e9f7c00193fcde068e0dd2ceb0028\",\"name\":\"Arquimaster\"}]}<\/script>\n<!-- \/ Yoast SEO plugin. -->","yoast_head_json":{"title":"Pinturas Color\u00edn aporta los colores y la artista Romina Casti\u00f1eira, las formas que van a enriquecer el acervo cultural del Museo Caraffa - Arquimaster","robots":{"index":"index","follow":"follow","max-snippet":"max-snippet:-1","max-image-preview":"max-image-preview:large","max-video-preview":"max-video-preview:-1"},"canonical":"https:\/\/www.arquimaster.com.ar\/web\/pinturas-colorin-aporta-los-colores-y-la-artista-romina-castineira-las-formas-que-van-a-enriquecer-el-acervo-cultural-del-museo-caraffa\/","og_locale":"es_ES","og_type":"article","og_title":"Pinturas Color\u00edn aporta los colores y la artista Romina Casti\u00f1eira, las formas que van a enriquecer el acervo cultural del Museo Caraffa - Arquimaster","og_description":"La reconocida artista pl\u00e1stica cordobesa gan\u00f3 el Premio Escultura Olmos-CIMCC...","og_url":"https:\/\/www.arquimaster.com.ar\/web\/pinturas-colorin-aporta-los-colores-y-la-artista-romina-castineira-las-formas-que-van-a-enriquecer-el-acervo-cultural-del-museo-caraffa\/","og_site_name":"Arquimaster","article_publisher":"http:\/\/www.facebook.com\/ARQUIMASTER.com.ar","article_published_time":"2018-12-15T20:28:00+00:00","article_modified_time":"2025-08-08T22:20:08+00:00","og_image":[{"width":642,"height":336,"url":"https:\/\/www.arquimaster.com.ar\/web\/wp-content\/uploads\/2018\/12\/colorin_castineira_slide.jpg","type":"image\/jpeg"}],"author":"Arquimaster","twitter_card":"summary_large_image","twitter_creator":"@arquimaster","twitter_site":"@arquimaster","twitter_misc":{"Escrito por":"Arquimaster","Tiempo de lectura":"5 minutos"},"schema":{"@context":"https:\/\/schema.org","@graph":[{"@type":"Article","@id":"https:\/\/www.arquimaster.com.ar\/web\/pinturas-colorin-aporta-los-colores-y-la-artista-romina-castineira-las-formas-que-van-a-enriquecer-el-acervo-cultural-del-museo-caraffa\/#article","isPartOf":{"@id":"https:\/\/www.arquimaster.com.ar\/web\/pinturas-colorin-aporta-los-colores-y-la-artista-romina-castineira-las-formas-que-van-a-enriquecer-el-acervo-cultural-del-museo-caraffa\/"},"author":{"name":"Arquimaster","@id":"https:\/\/www.arquimaster.com.ar\/web\/#\/schema\/person\/359e9f7c00193fcde068e0dd2ceb0028"},"headline":"Pinturas Color\u00edn aporta los colores y la artista Romina Casti\u00f1eira, las formas que van a enriquecer el acervo cultural del Museo Caraffa","datePublished":"2018-12-15T20:28:00+00:00","dateModified":"2025-08-08T22:20:08+00:00","mainEntityOfPage":{"@id":"https:\/\/www.arquimaster.com.ar\/web\/pinturas-colorin-aporta-los-colores-y-la-artista-romina-castineira-las-formas-que-van-a-enriquecer-el-acervo-cultural-del-museo-caraffa\/"},"wordCount":976,"publisher":{"@id":"https:\/\/www.arquimaster.com.ar\/web\/#organization"},"image":{"@id":"https:\/\/www.arquimaster.com.ar\/web\/pinturas-colorin-aporta-los-colores-y-la-artista-romina-castineira-las-formas-que-van-a-enriquecer-el-acervo-cultural-del-museo-caraffa\/#primaryimage"},"thumbnailUrl":"https:\/\/www.arquimaster.com.ar\/web\/wp-content\/uploads\/2018\/12\/colorin_castineira_slide.jpg","keywords":["C\u00e1mara de Industriales Metal\u00fargicos y de Componentes de C\u00f3rdoba","CIMCC","color","Color\u00edn","C\u00f3rdoba","Grupo Disal","Museo Caraffa","Patio Olmos","pintura","Pinturas Color\u00edn","Premio Escultura Olmos-CIMCC","Romina Casti\u00f1eira"],"articleSection":["Noticias de arquitectura y dise\u00f1o","Novedades"],"inLanguage":"es"},{"@type":"WebPage","@id":"https:\/\/www.arquimaster.com.ar\/web\/pinturas-colorin-aporta-los-colores-y-la-artista-romina-castineira-las-formas-que-van-a-enriquecer-el-acervo-cultural-del-museo-caraffa\/","url":"https:\/\/www.arquimaster.com.ar\/web\/pinturas-colorin-aporta-los-colores-y-la-artista-romina-castineira-las-formas-que-van-a-enriquecer-el-acervo-cultural-del-museo-caraffa\/","name":"Pinturas Color\u00edn aporta los colores y la artista Romina Casti\u00f1eira, las formas que van a enriquecer el acervo cultural del Museo Caraffa - Arquimaster","isPartOf":{"@id":"https:\/\/www.arquimaster.com.ar\/web\/#website"},"primaryImageOfPage":{"@id":"https:\/\/www.arquimaster.com.ar\/web\/pinturas-colorin-aporta-los-colores-y-la-artista-romina-castineira-las-formas-que-van-a-enriquecer-el-acervo-cultural-del-museo-caraffa\/#primaryimage"},"image":{"@id":"https:\/\/www.arquimaster.com.ar\/web\/pinturas-colorin-aporta-los-colores-y-la-artista-romina-castineira-las-formas-que-van-a-enriquecer-el-acervo-cultural-del-museo-caraffa\/#primaryimage"},"thumbnailUrl":"https:\/\/www.arquimaster.com.ar\/web\/wp-content\/uploads\/2018\/12\/colorin_castineira_slide.jpg","datePublished":"2018-12-15T20:28:00+00:00","dateModified":"2025-08-08T22:20:08+00:00","breadcrumb":{"@id":"https:\/\/www.arquimaster.com.ar\/web\/pinturas-colorin-aporta-los-colores-y-la-artista-romina-castineira-las-formas-que-van-a-enriquecer-el-acervo-cultural-del-museo-caraffa\/#breadcrumb"},"inLanguage":"es","potentialAction":[{"@type":"ReadAction","target":["https:\/\/www.arquimaster.com.ar\/web\/pinturas-colorin-aporta-los-colores-y-la-artista-romina-castineira-las-formas-que-van-a-enriquecer-el-acervo-cultural-del-museo-caraffa\/"]}]},{"@type":"ImageObject","inLanguage":"es","@id":"https:\/\/www.arquimaster.com.ar\/web\/pinturas-colorin-aporta-los-colores-y-la-artista-romina-castineira-las-formas-que-van-a-enriquecer-el-acervo-cultural-del-museo-caraffa\/#primaryimage","url":"https:\/\/www.arquimaster.com.ar\/web\/wp-content\/uploads\/2018\/12\/colorin_castineira_slide.jpg","contentUrl":"https:\/\/www.arquimaster.com.ar\/web\/wp-content\/uploads\/2018\/12\/colorin_castineira_slide.jpg","width":642,"height":336},{"@type":"BreadcrumbList","@id":"https:\/\/www.arquimaster.com.ar\/web\/pinturas-colorin-aporta-los-colores-y-la-artista-romina-castineira-las-formas-que-van-a-enriquecer-el-acervo-cultural-del-museo-caraffa\/#breadcrumb","itemListElement":[{"@type":"ListItem","position":1,"name":"Portada","item":"https:\/\/www.arquimaster.com.ar\/web\/"},{"@type":"ListItem","position":2,"name":"Pinturas Color\u00edn aporta los colores y la artista Romina Casti\u00f1eira, las formas que van a enriquecer el acervo cultural del Museo Caraffa"}]},{"@type":"WebSite","@id":"https:\/\/www.arquimaster.com.ar\/web\/#website","url":"https:\/\/www.arquimaster.com.ar\/web\/","name":"Arquimaster","description":"Web de arquitectura, dise\u00f1o y construccion","publisher":{"@id":"https:\/\/www.arquimaster.com.ar\/web\/#organization"},"potentialAction":[{"@type":"SearchAction","target":{"@type":"EntryPoint","urlTemplate":"https:\/\/www.arquimaster.com.ar\/web\/?s={search_term_string}"},"query-input":{"@type":"PropertyValueSpecification","valueRequired":true,"valueName":"search_term_string"}}],"inLanguage":"es"},{"@type":"Organization","@id":"https:\/\/www.arquimaster.com.ar\/web\/#organization","name":"Arquimaster","url":"https:\/\/www.arquimaster.com.ar\/web\/","logo":{"@type":"ImageObject","inLanguage":"es","@id":"https:\/\/www.arquimaster.com.ar\/web\/#\/schema\/logo\/image\/","url":"https:\/\/www.arquimaster.com.ar\/web\/wp-content\/uploads\/2022\/06\/arquimaster.png","contentUrl":"https:\/\/www.arquimaster.com.ar\/web\/wp-content\/uploads\/2022\/06\/arquimaster.png","width":594,"height":78,"caption":"Arquimaster"},"image":{"@id":"https:\/\/www.arquimaster.com.ar\/web\/#\/schema\/logo\/image\/"},"sameAs":["http:\/\/www.facebook.com\/ARQUIMASTER.com.ar","https:\/\/x.com\/arquimaster","https:\/\/www.instagram.com\/arquimasterblog\/","https:\/\/www.linkedin.com\/company\/arquimaster","https:\/\/www.pinterest.com\/arquimaster","https:\/\/t.me\/arquimaster"]},{"@type":"Person","@id":"https:\/\/www.arquimaster.com.ar\/web\/#\/schema\/person\/359e9f7c00193fcde068e0dd2ceb0028","name":"Arquimaster"}]}},"uagb_featured_image_src":{"full":["https:\/\/www.arquimaster.com.ar\/web\/wp-content\/uploads\/2018\/12\/colorin_castineira_slide.jpg",642,336,false],"thumbnail":["https:\/\/www.arquimaster.com.ar\/web\/wp-content\/uploads\/2018\/12\/colorin_castineira_slide-150x150.jpg",150,150,true],"medium":["https:\/\/www.arquimaster.com.ar\/web\/wp-content\/uploads\/2018\/12\/colorin_castineira_slide.jpg",642,336,false],"medium_large":["https:\/\/www.arquimaster.com.ar\/web\/wp-content\/uploads\/2018\/12\/colorin_castineira_slide.jpg",642,336,false],"large":["https:\/\/www.arquimaster.com.ar\/web\/wp-content\/uploads\/2018\/12\/colorin_castineira_slide.jpg",642,336,false],"1536x1536":["https:\/\/www.arquimaster.com.ar\/web\/wp-content\/uploads\/2018\/12\/colorin_castineira_slide.jpg",642,336,false],"2048x2048":["https:\/\/www.arquimaster.com.ar\/web\/wp-content\/uploads\/2018\/12\/colorin_castineira_slide.jpg",642,336,false]},"uagb_author_info":{"display_name":"Arquimaster","author_link":"https:\/\/www.arquimaster.com.ar\/web\/author\/arquimaster\/"},"uagb_comment_info":0,"uagb_excerpt":"La reconocida artista pl\u00e1stica cordobesa gan\u00f3 el Premio Escultura Olmos-CIMCC...","_links":{"self":[{"href":"https:\/\/www.arquimaster.com.ar\/web\/wp-json\/wp\/v2\/posts\/34350","targetHints":{"allow":["GET"]}}],"collection":[{"href":"https:\/\/www.arquimaster.com.ar\/web\/wp-json\/wp\/v2\/posts"}],"about":[{"href":"https:\/\/www.arquimaster.com.ar\/web\/wp-json\/wp\/v2\/types\/post"}],"author":[{"embeddable":true,"href":"https:\/\/www.arquimaster.com.ar\/web\/wp-json\/wp\/v2\/users\/1"}],"replies":[{"embeddable":true,"href":"https:\/\/www.arquimaster.com.ar\/web\/wp-json\/wp\/v2\/comments?post=34350"}],"version-history":[{"count":1,"href":"https:\/\/www.arquimaster.com.ar\/web\/wp-json\/wp\/v2\/posts\/34350\/revisions"}],"predecessor-version":[{"id":85691,"href":"https:\/\/www.arquimaster.com.ar\/web\/wp-json\/wp\/v2\/posts\/34350\/revisions\/85691"}],"wp:featuredmedia":[{"embeddable":true,"href":"https:\/\/www.arquimaster.com.ar\/web\/wp-json\/wp\/v2\/media\/34351"}],"wp:attachment":[{"href":"https:\/\/www.arquimaster.com.ar\/web\/wp-json\/wp\/v2\/media?parent=34350"}],"wp:term":[{"taxonomy":"category","embeddable":true,"href":"https:\/\/www.arquimaster.com.ar\/web\/wp-json\/wp\/v2\/categories?post=34350"},{"taxonomy":"post_tag","embeddable":true,"href":"https:\/\/www.arquimaster.com.ar\/web\/wp-json\/wp\/v2\/tags?post=34350"}],"curies":[{"name":"wp","href":"https:\/\/api.w.org\/{rel}","templated":true}]}}