{"id":34391,"date":"2018-12-27T17:32:26","date_gmt":"2018-12-27T17:32:26","guid":{"rendered":"http:\/\/www.arquimaster.com.ar\/web\/?p=34391"},"modified":"2020-05-29T17:03:03","modified_gmt":"2020-05-29T20:03:03","slug":"the-carmen-hotel-sanzpont-arquitectura","status":"publish","type":"post","link":"https:\/\/www.arquimaster.com.ar\/web\/the-carmen-hotel-sanzpont-arquitectura\/","title":{"rendered":"The Carmen Hotel \/ sanzpont [arquitectura]"},"content":{"rendered":"<div style=\"margin-top: 0px; margin-bottom: 0px;\" class=\"sharethis-inline-share-buttons\" ><\/div><div class=\"b812932af2e751442846f039925109de\" data-index=\"1\" style=\"float: none; margin:25px 0 25px 0; text-align:center;\">\n<script async src=\"https:\/\/pagead2.googlesyndication.com\/pagead\/js\/adsbygoogle.js\"><\/script>\r\n<!-- Arquimaster (superior) -->\r\n<ins class=\"adsbygoogle\"\r\n     style=\"display:block\"\r\n     data-ad-client=\"ca-pub-6351072698456832\"\r\n     data-ad-slot=\"6455489680\"\r\n     data-ad-format=\"auto\"\r\n     data-full-width-responsive=\"true\"><\/ins>\r\n<script>\r\n     (adsbygoogle = window.adsbygoogle || []).push({});\r\n<\/script>\n<\/div>\n<p><strong>The Carmen Hotel<\/strong> (Playa del Carmen, M\u00e9xico) por <strong>sanzpont [arquitectura]<\/strong>. Dise\u00f1o ex\u00f3tico, sustentable y vanguardista, inspirado en el arrecife coralino del Mar Caribe. El concepto de dise\u00f1o est\u00e1 enfocado en representar una experiencia para cada uno de sus visitantes mediante un entorno natural, \u00fanico y contempor\u00e1neo.<\/p>\n<p><strong>Estructura modular y de alta eficiencia t\u00e9rmica<\/strong><br \/>\nLa estructura del edificio es totalmente regular y modulada mediante su sistema constructivo a base de marcos, lo que hace una estructura l\u00f3gica, sencilla y econ\u00f3mica. Todo el edificio utiliza un sistema constructivo de Novidesa (poliuretano de alta densidad), que posee alta eficiencia en aislante t\u00e9rmico y ac\u00fastico.<\/p>\n<div id='gallery-1' class='gallery galleryid-34391 gallery-columns-3 gallery-size-thumbnail'><figure class='gallery-item'>\n\t\t\t<div class='gallery-icon landscape'>\n\t\t\t\t<a href='https:\/\/www.arquimaster.com.ar\/web\/wp-content\/uploads\/2018\/12\/the_carmen_hotel1.jpg' title=\"The Carmen Hotel \/ sanzpont [arquitectura]\" data-rl_title=\"The Carmen Hotel \/ sanzpont [arquitectura]\" class=\"rl-gallery-link\" data-rl_caption=\"The Carmen Hotel \/ sanzpont [arquitectura]\" data-rel=\"lightbox-gallery-1\"><img loading=\"lazy\" decoding=\"async\" width=\"150\" height=\"150\" src=\"https:\/\/www.arquimaster.com.ar\/web\/wp-content\/uploads\/2018\/12\/the_carmen_hotel1-150x150.jpg\" class=\"attachment-thumbnail size-thumbnail\" alt=\"\" aria-describedby=\"gallery-1-34394\" srcset=\"https:\/\/www.arquimaster.com.ar\/web\/wp-content\/uploads\/2018\/12\/the_carmen_hotel1-150x150.jpg 150w, https:\/\/www.arquimaster.com.ar\/web\/wp-content\/uploads\/2018\/12\/the_carmen_hotel1-50x50.jpg 50w, https:\/\/www.arquimaster.com.ar\/web\/wp-content\/uploads\/2018\/12\/the_carmen_hotel1-125x125.jpg 125w\" sizes=\"auto, (max-width: 150px) 100vw, 150px\" \/><\/a>\n\t\t\t<\/div>\n\t\t\t\t<figcaption class='wp-caption-text gallery-caption' id='gallery-1-34394'>\n\t\t\t\tThe Carmen Hotel \/ sanzpont [arquitectura]\n\t\t\t\t<\/figcaption><\/figure><figure class='gallery-item'>\n\t\t\t<div class='gallery-icon portrait'>\n\t\t\t\t<a href='https:\/\/www.arquimaster.com.ar\/web\/wp-content\/uploads\/2018\/12\/the_carmen_hotel2.jpg' title=\"The Carmen Hotel \/ sanzpont [arquitectura]\" data-rl_title=\"The Carmen Hotel \/ sanzpont [arquitectura]\" class=\"rl-gallery-link\" data-rl_caption=\"The Carmen Hotel \/ sanzpont [arquitectura]\" data-rel=\"lightbox-gallery-1\"><img loading=\"lazy\" decoding=\"async\" width=\"150\" height=\"150\" src=\"https:\/\/www.arquimaster.com.ar\/web\/wp-content\/uploads\/2018\/12\/the_carmen_hotel2-150x150.jpg\" class=\"attachment-thumbnail size-thumbnail\" alt=\"\" aria-describedby=\"gallery-1-34395\" srcset=\"https:\/\/www.arquimaster.com.ar\/web\/wp-content\/uploads\/2018\/12\/the_carmen_hotel2-150x150.jpg 150w, https:\/\/www.arquimaster.com.ar\/web\/wp-content\/uploads\/2018\/12\/the_carmen_hotel2-50x50.jpg 50w, https:\/\/www.arquimaster.com.ar\/web\/wp-content\/uploads\/2018\/12\/the_carmen_hotel2-125x125.jpg 125w\" sizes=\"auto, (max-width: 150px) 100vw, 150px\" \/><\/a>\n\t\t\t<\/div>\n\t\t\t\t<figcaption class='wp-caption-text gallery-caption' id='gallery-1-34395'>\n\t\t\t\tThe Carmen Hotel \/ sanzpont [arquitectura]\n\t\t\t\t<\/figcaption><\/figure><figure class='gallery-item'>\n\t\t\t<div class='gallery-icon portrait'>\n\t\t\t\t<a href='https:\/\/www.arquimaster.com.ar\/web\/wp-content\/uploads\/2018\/12\/the_carmen_hotel3.jpg' title=\"The Carmen Hotel \/ sanzpont [arquitectura]\" data-rl_title=\"The Carmen Hotel \/ sanzpont [arquitectura]\" class=\"rl-gallery-link\" data-rl_caption=\"The Carmen Hotel \/ sanzpont [arquitectura]\" data-rel=\"lightbox-gallery-1\"><img loading=\"lazy\" decoding=\"async\" width=\"150\" height=\"150\" src=\"https:\/\/www.arquimaster.com.ar\/web\/wp-content\/uploads\/2018\/12\/the_carmen_hotel3-150x150.jpg\" class=\"attachment-thumbnail size-thumbnail\" alt=\"\" aria-describedby=\"gallery-1-34396\" srcset=\"https:\/\/www.arquimaster.com.ar\/web\/wp-content\/uploads\/2018\/12\/the_carmen_hotel3-150x150.jpg 150w, https:\/\/www.arquimaster.com.ar\/web\/wp-content\/uploads\/2018\/12\/the_carmen_hotel3-50x50.jpg 50w, https:\/\/www.arquimaster.com.ar\/web\/wp-content\/uploads\/2018\/12\/the_carmen_hotel3-125x125.jpg 125w\" sizes=\"auto, (max-width: 150px) 100vw, 150px\" \/><\/a>\n\t\t\t<\/div>\n\t\t\t\t<figcaption class='wp-caption-text gallery-caption' id='gallery-1-34396'>\n\t\t\t\tThe Carmen Hotel \/ sanzpont [arquitectura]\n\t\t\t\t<\/figcaption><\/figure><figure class='gallery-item'>\n\t\t\t<div class='gallery-icon landscape'>\n\t\t\t\t<a href='https:\/\/www.arquimaster.com.ar\/web\/wp-content\/uploads\/2018\/12\/the_carmen_hotel4.jpg' title=\"The Carmen Hotel \/ sanzpont [arquitectura]\" data-rl_title=\"The Carmen Hotel \/ sanzpont [arquitectura]\" class=\"rl-gallery-link\" data-rl_caption=\"The Carmen Hotel \/ sanzpont [arquitectura]\" data-rel=\"lightbox-gallery-1\"><img loading=\"lazy\" decoding=\"async\" width=\"150\" height=\"150\" src=\"https:\/\/www.arquimaster.com.ar\/web\/wp-content\/uploads\/2018\/12\/the_carmen_hotel4-150x150.jpg\" class=\"attachment-thumbnail size-thumbnail\" alt=\"\" aria-describedby=\"gallery-1-34397\" srcset=\"https:\/\/www.arquimaster.com.ar\/web\/wp-content\/uploads\/2018\/12\/the_carmen_hotel4-150x150.jpg 150w, https:\/\/www.arquimaster.com.ar\/web\/wp-content\/uploads\/2018\/12\/the_carmen_hotel4-50x50.jpg 50w, https:\/\/www.arquimaster.com.ar\/web\/wp-content\/uploads\/2018\/12\/the_carmen_hotel4-125x125.jpg 125w\" sizes=\"auto, (max-width: 150px) 100vw, 150px\" \/><\/a>\n\t\t\t<\/div>\n\t\t\t\t<figcaption class='wp-caption-text gallery-caption' id='gallery-1-34397'>\n\t\t\t\tThe Carmen Hotel \/ sanzpont [arquitectura]\n\t\t\t\t<\/figcaption><\/figure><figure class='gallery-item'>\n\t\t\t<div class='gallery-icon portrait'>\n\t\t\t\t<a href='https:\/\/www.arquimaster.com.ar\/web\/wp-content\/uploads\/2018\/12\/the_carmen_hotel5.jpg' title=\"The Carmen Hotel \/ sanzpont [arquitectura]\" data-rl_title=\"The Carmen Hotel \/ sanzpont [arquitectura]\" class=\"rl-gallery-link\" data-rl_caption=\"The Carmen Hotel \/ sanzpont [arquitectura]\" data-rel=\"lightbox-gallery-1\"><img loading=\"lazy\" decoding=\"async\" width=\"150\" height=\"150\" src=\"https:\/\/www.arquimaster.com.ar\/web\/wp-content\/uploads\/2018\/12\/the_carmen_hotel5-150x150.jpg\" class=\"attachment-thumbnail size-thumbnail\" alt=\"\" aria-describedby=\"gallery-1-34398\" srcset=\"https:\/\/www.arquimaster.com.ar\/web\/wp-content\/uploads\/2018\/12\/the_carmen_hotel5-150x150.jpg 150w, https:\/\/www.arquimaster.com.ar\/web\/wp-content\/uploads\/2018\/12\/the_carmen_hotel5-50x50.jpg 50w, https:\/\/www.arquimaster.com.ar\/web\/wp-content\/uploads\/2018\/12\/the_carmen_hotel5-125x125.jpg 125w\" sizes=\"auto, (max-width: 150px) 100vw, 150px\" \/><\/a>\n\t\t\t<\/div>\n\t\t\t\t<figcaption class='wp-caption-text gallery-caption' id='gallery-1-34398'>\n\t\t\t\tThe Carmen Hotel \/ sanzpont [arquitectura]\n\t\t\t\t<\/figcaption><\/figure><figure class='gallery-item'>\n\t\t\t<div class='gallery-icon landscape'>\n\t\t\t\t<a href='https:\/\/www.arquimaster.com.ar\/web\/wp-content\/uploads\/2018\/12\/the_carmen_hotel6.jpg' title=\"The Carmen Hotel \/ sanzpont [arquitectura]\" data-rl_title=\"The Carmen Hotel \/ sanzpont [arquitectura]\" class=\"rl-gallery-link\" data-rl_caption=\"The Carmen Hotel \/ sanzpont [arquitectura]\" data-rel=\"lightbox-gallery-1\"><img loading=\"lazy\" decoding=\"async\" width=\"150\" height=\"150\" src=\"https:\/\/www.arquimaster.com.ar\/web\/wp-content\/uploads\/2018\/12\/the_carmen_hotel6-150x150.jpg\" class=\"attachment-thumbnail size-thumbnail\" alt=\"\" aria-describedby=\"gallery-1-34399\" srcset=\"https:\/\/www.arquimaster.com.ar\/web\/wp-content\/uploads\/2018\/12\/the_carmen_hotel6-150x150.jpg 150w, https:\/\/www.arquimaster.com.ar\/web\/wp-content\/uploads\/2018\/12\/the_carmen_hotel6-50x50.jpg 50w, https:\/\/www.arquimaster.com.ar\/web\/wp-content\/uploads\/2018\/12\/the_carmen_hotel6-125x125.jpg 125w\" sizes=\"auto, (max-width: 150px) 100vw, 150px\" \/><\/a>\n\t\t\t<\/div>\n\t\t\t\t<figcaption class='wp-caption-text gallery-caption' id='gallery-1-34399'>\n\t\t\t\tThe Carmen Hotel \/ sanzpont [arquitectura]\n\t\t\t\t<\/figcaption><\/figure><figure class='gallery-item'>\n\t\t\t<div class='gallery-icon landscape'>\n\t\t\t\t<a href='https:\/\/www.arquimaster.com.ar\/web\/wp-content\/uploads\/2018\/12\/the_carmen_hotel7.jpg' title=\"The Carmen Hotel \/ sanzpont [arquitectura]\" data-rl_title=\"The Carmen Hotel \/ sanzpont [arquitectura]\" class=\"rl-gallery-link\" data-rl_caption=\"The Carmen Hotel \/ sanzpont [arquitectura]\" data-rel=\"lightbox-gallery-1\"><img loading=\"lazy\" decoding=\"async\" width=\"150\" height=\"150\" src=\"https:\/\/www.arquimaster.com.ar\/web\/wp-content\/uploads\/2018\/12\/the_carmen_hotel7-150x150.jpg\" class=\"attachment-thumbnail size-thumbnail\" alt=\"\" aria-describedby=\"gallery-1-34400\" srcset=\"https:\/\/www.arquimaster.com.ar\/web\/wp-content\/uploads\/2018\/12\/the_carmen_hotel7-150x150.jpg 150w, https:\/\/www.arquimaster.com.ar\/web\/wp-content\/uploads\/2018\/12\/the_carmen_hotel7-50x50.jpg 50w, https:\/\/www.arquimaster.com.ar\/web\/wp-content\/uploads\/2018\/12\/the_carmen_hotel7-125x125.jpg 125w\" sizes=\"auto, (max-width: 150px) 100vw, 150px\" \/><\/a>\n\t\t\t<\/div>\n\t\t\t\t<figcaption class='wp-caption-text gallery-caption' id='gallery-1-34400'>\n\t\t\t\tThe Carmen Hotel \/ sanzpont [arquitectura]\n\t\t\t\t<\/figcaption><\/figure><figure class='gallery-item'>\n\t\t\t<div class='gallery-icon landscape'>\n\t\t\t\t<a href='https:\/\/www.arquimaster.com.ar\/web\/wp-content\/uploads\/2018\/12\/the_carmen_hotel8.jpg' title=\"The Carmen Hotel \/ sanzpont [arquitectura]\" data-rl_title=\"The Carmen Hotel \/ sanzpont [arquitectura]\" class=\"rl-gallery-link\" data-rl_caption=\"The Carmen Hotel \/ sanzpont [arquitectura]\" data-rel=\"lightbox-gallery-1\"><img loading=\"lazy\" decoding=\"async\" width=\"150\" height=\"150\" src=\"https:\/\/www.arquimaster.com.ar\/web\/wp-content\/uploads\/2018\/12\/the_carmen_hotel8-150x150.jpg\" class=\"attachment-thumbnail size-thumbnail\" alt=\"\" aria-describedby=\"gallery-1-34401\" srcset=\"https:\/\/www.arquimaster.com.ar\/web\/wp-content\/uploads\/2018\/12\/the_carmen_hotel8-150x150.jpg 150w, https:\/\/www.arquimaster.com.ar\/web\/wp-content\/uploads\/2018\/12\/the_carmen_hotel8-50x50.jpg 50w, https:\/\/www.arquimaster.com.ar\/web\/wp-content\/uploads\/2018\/12\/the_carmen_hotel8-125x125.jpg 125w\" sizes=\"auto, (max-width: 150px) 100vw, 150px\" \/><\/a>\n\t\t\t<\/div>\n\t\t\t\t<figcaption class='wp-caption-text gallery-caption' id='gallery-1-34401'>\n\t\t\t\tThe Carmen Hotel \/ sanzpont [arquitectura]\n\t\t\t\t<\/figcaption><\/figure><figure class='gallery-item'>\n\t\t\t<div class='gallery-icon landscape'>\n\t\t\t\t<a href='https:\/\/www.arquimaster.com.ar\/web\/wp-content\/uploads\/2018\/12\/the_carmen_hotel9.jpg' title=\"The Carmen Hotel \/ sanzpont [arquitectura]\" data-rl_title=\"The Carmen Hotel \/ sanzpont [arquitectura]\" class=\"rl-gallery-link\" data-rl_caption=\"The Carmen Hotel \/ sanzpont [arquitectura]\" data-rel=\"lightbox-gallery-1\"><img loading=\"lazy\" decoding=\"async\" width=\"150\" height=\"150\" src=\"https:\/\/www.arquimaster.com.ar\/web\/wp-content\/uploads\/2018\/12\/the_carmen_hotel9-150x150.jpg\" class=\"attachment-thumbnail size-thumbnail\" alt=\"\" aria-describedby=\"gallery-1-34402\" srcset=\"https:\/\/www.arquimaster.com.ar\/web\/wp-content\/uploads\/2018\/12\/the_carmen_hotel9-150x150.jpg 150w, https:\/\/www.arquimaster.com.ar\/web\/wp-content\/uploads\/2018\/12\/the_carmen_hotel9-50x50.jpg 50w, https:\/\/www.arquimaster.com.ar\/web\/wp-content\/uploads\/2018\/12\/the_carmen_hotel9-125x125.jpg 125w\" sizes=\"auto, (max-width: 150px) 100vw, 150px\" \/><\/a>\n\t\t\t<\/div>\n\t\t\t\t<figcaption class='wp-caption-text gallery-caption' id='gallery-1-34402'>\n\t\t\t\tThe Carmen Hotel \/ sanzpont [arquitectura]\n\t\t\t\t<\/figcaption><\/figure><figure class='gallery-item'>\n\t\t\t<div class='gallery-icon landscape'>\n\t\t\t\t<a href='https:\/\/www.arquimaster.com.ar\/web\/wp-content\/uploads\/2018\/12\/the_carmen_hotel10.jpg' title=\"The Carmen Hotel \/ sanzpont [arquitectura]\" data-rl_title=\"The Carmen Hotel \/ sanzpont [arquitectura]\" class=\"rl-gallery-link\" data-rl_caption=\"The Carmen Hotel \/ sanzpont [arquitectura]\" data-rel=\"lightbox-gallery-1\"><img loading=\"lazy\" decoding=\"async\" width=\"150\" height=\"150\" src=\"https:\/\/www.arquimaster.com.ar\/web\/wp-content\/uploads\/2018\/12\/the_carmen_hotel10-150x150.jpg\" class=\"attachment-thumbnail size-thumbnail\" alt=\"\" aria-describedby=\"gallery-1-34403\" srcset=\"https:\/\/www.arquimaster.com.ar\/web\/wp-content\/uploads\/2018\/12\/the_carmen_hotel10-150x150.jpg 150w, https:\/\/www.arquimaster.com.ar\/web\/wp-content\/uploads\/2018\/12\/the_carmen_hotel10-50x50.jpg 50w, https:\/\/www.arquimaster.com.ar\/web\/wp-content\/uploads\/2018\/12\/the_carmen_hotel10-125x125.jpg 125w\" sizes=\"auto, (max-width: 150px) 100vw, 150px\" \/><\/a>\n\t\t\t<\/div>\n\t\t\t\t<figcaption class='wp-caption-text gallery-caption' id='gallery-1-34403'>\n\t\t\t\tThe Carmen Hotel \/ sanzpont [arquitectura]\n\t\t\t\t<\/figcaption><\/figure><figure class='gallery-item'>\n\t\t\t<div class='gallery-icon portrait'>\n\t\t\t\t<a href='https:\/\/www.arquimaster.com.ar\/web\/wp-content\/uploads\/2018\/12\/the_carmen_hotel11.jpg' title=\"The Carmen Hotel \/ sanzpont [arquitectura]\" data-rl_title=\"The Carmen Hotel \/ sanzpont [arquitectura]\" class=\"rl-gallery-link\" data-rl_caption=\"The Carmen Hotel \/ sanzpont [arquitectura]\" data-rel=\"lightbox-gallery-1\"><img loading=\"lazy\" decoding=\"async\" width=\"150\" height=\"150\" src=\"https:\/\/www.arquimaster.com.ar\/web\/wp-content\/uploads\/2018\/12\/the_carmen_hotel11-150x150.jpg\" class=\"attachment-thumbnail size-thumbnail\" alt=\"\" aria-describedby=\"gallery-1-34404\" srcset=\"https:\/\/www.arquimaster.com.ar\/web\/wp-content\/uploads\/2018\/12\/the_carmen_hotel11-150x150.jpg 150w, https:\/\/www.arquimaster.com.ar\/web\/wp-content\/uploads\/2018\/12\/the_carmen_hotel11-50x50.jpg 50w, https:\/\/www.arquimaster.com.ar\/web\/wp-content\/uploads\/2018\/12\/the_carmen_hotel11-125x125.jpg 125w\" sizes=\"auto, (max-width: 150px) 100vw, 150px\" \/><\/a>\n\t\t\t<\/div>\n\t\t\t\t<figcaption class='wp-caption-text gallery-caption' id='gallery-1-34404'>\n\t\t\t\tThe Carmen Hotel \/ sanzpont [arquitectura]\n\t\t\t\t<\/figcaption><\/figure><figure class='gallery-item'>\n\t\t\t<div class='gallery-icon portrait'>\n\t\t\t\t<a href='https:\/\/www.arquimaster.com.ar\/web\/wp-content\/uploads\/2018\/12\/the_carmen_hotel12.jpg' title=\"The Carmen Hotel \/ sanzpont [arquitectura]\" data-rl_title=\"The Carmen Hotel \/ sanzpont [arquitectura]\" class=\"rl-gallery-link\" data-rl_caption=\"The Carmen Hotel \/ sanzpont [arquitectura]\" data-rel=\"lightbox-gallery-1\"><img loading=\"lazy\" decoding=\"async\" width=\"150\" height=\"150\" src=\"https:\/\/www.arquimaster.com.ar\/web\/wp-content\/uploads\/2018\/12\/the_carmen_hotel12-150x150.jpg\" class=\"attachment-thumbnail size-thumbnail\" alt=\"\" aria-describedby=\"gallery-1-34405\" srcset=\"https:\/\/www.arquimaster.com.ar\/web\/wp-content\/uploads\/2018\/12\/the_carmen_hotel12-150x150.jpg 150w, https:\/\/www.arquimaster.com.ar\/web\/wp-content\/uploads\/2018\/12\/the_carmen_hotel12-50x50.jpg 50w, https:\/\/www.arquimaster.com.ar\/web\/wp-content\/uploads\/2018\/12\/the_carmen_hotel12-125x125.jpg 125w\" sizes=\"auto, (max-width: 150px) 100vw, 150px\" \/><\/a>\n\t\t\t<\/div>\n\t\t\t\t<figcaption class='wp-caption-text gallery-caption' id='gallery-1-34405'>\n\t\t\t\tThe Carmen Hotel \/ sanzpont [arquitectura]\n\t\t\t\t<\/figcaption><\/figure><figure class='gallery-item'>\n\t\t\t<div class='gallery-icon landscape'>\n\t\t\t\t<a href='https:\/\/www.arquimaster.com.ar\/web\/wp-content\/uploads\/2018\/12\/the_carmen_hotel13.jpg' title=\"The Carmen Hotel \/ sanzpont [arquitectura]\" data-rl_title=\"The Carmen Hotel \/ sanzpont [arquitectura]\" class=\"rl-gallery-link\" data-rl_caption=\"The Carmen Hotel \/ sanzpont [arquitectura]\" data-rel=\"lightbox-gallery-1\"><img loading=\"lazy\" decoding=\"async\" width=\"150\" height=\"150\" src=\"https:\/\/www.arquimaster.com.ar\/web\/wp-content\/uploads\/2018\/12\/the_carmen_hotel13-150x150.jpg\" class=\"attachment-thumbnail size-thumbnail\" alt=\"\" aria-describedby=\"gallery-1-34406\" srcset=\"https:\/\/www.arquimaster.com.ar\/web\/wp-content\/uploads\/2018\/12\/the_carmen_hotel13-150x150.jpg 150w, https:\/\/www.arquimaster.com.ar\/web\/wp-content\/uploads\/2018\/12\/the_carmen_hotel13-50x50.jpg 50w, https:\/\/www.arquimaster.com.ar\/web\/wp-content\/uploads\/2018\/12\/the_carmen_hotel13-125x125.jpg 125w\" sizes=\"auto, (max-width: 150px) 100vw, 150px\" \/><\/a>\n\t\t\t<\/div>\n\t\t\t\t<figcaption class='wp-caption-text gallery-caption' id='gallery-1-34406'>\n\t\t\t\tThe Carmen Hotel \/ sanzpont [arquitectura]\n\t\t\t\t<\/figcaption><\/figure><figure class='gallery-item'>\n\t\t\t<div class='gallery-icon landscape'>\n\t\t\t\t<a href='https:\/\/www.arquimaster.com.ar\/web\/wp-content\/uploads\/2018\/12\/the_carmen_hotel14.jpg' title=\"The Carmen Hotel \/ sanzpont [arquitectura]\" data-rl_title=\"The Carmen Hotel \/ sanzpont [arquitectura]\" class=\"rl-gallery-link\" data-rl_caption=\"The Carmen Hotel \/ sanzpont [arquitectura]\" data-rel=\"lightbox-gallery-1\"><img loading=\"lazy\" decoding=\"async\" width=\"150\" height=\"150\" src=\"https:\/\/www.arquimaster.com.ar\/web\/wp-content\/uploads\/2018\/12\/the_carmen_hotel14-150x150.jpg\" class=\"attachment-thumbnail size-thumbnail\" alt=\"\" aria-describedby=\"gallery-1-34407\" srcset=\"https:\/\/www.arquimaster.com.ar\/web\/wp-content\/uploads\/2018\/12\/the_carmen_hotel14-150x150.jpg 150w, https:\/\/www.arquimaster.com.ar\/web\/wp-content\/uploads\/2018\/12\/the_carmen_hotel14-50x50.jpg 50w, https:\/\/www.arquimaster.com.ar\/web\/wp-content\/uploads\/2018\/12\/the_carmen_hotel14-125x125.jpg 125w\" sizes=\"auto, (max-width: 150px) 100vw, 150px\" \/><\/a>\n\t\t\t<\/div>\n\t\t\t\t<figcaption class='wp-caption-text gallery-caption' id='gallery-1-34407'>\n\t\t\t\tThe Carmen Hotel \/ sanzpont [arquitectura]\n\t\t\t\t<\/figcaption><\/figure><figure class='gallery-item'>\n\t\t\t<div class='gallery-icon landscape'>\n\t\t\t\t<a href='https:\/\/www.arquimaster.com.ar\/web\/wp-content\/uploads\/2018\/12\/the_carmen_hotel15.jpg' title=\"The Carmen Hotel \/ sanzpont [arquitectura]\" data-rl_title=\"The Carmen Hotel \/ sanzpont [arquitectura]\" class=\"rl-gallery-link\" data-rl_caption=\"The Carmen Hotel \/ sanzpont [arquitectura]\" data-rel=\"lightbox-gallery-1\"><img loading=\"lazy\" decoding=\"async\" width=\"150\" height=\"150\" src=\"https:\/\/www.arquimaster.com.ar\/web\/wp-content\/uploads\/2018\/12\/the_carmen_hotel15-150x150.jpg\" class=\"attachment-thumbnail size-thumbnail\" alt=\"\" aria-describedby=\"gallery-1-34408\" srcset=\"https:\/\/www.arquimaster.com.ar\/web\/wp-content\/uploads\/2018\/12\/the_carmen_hotel15-150x150.jpg 150w, https:\/\/www.arquimaster.com.ar\/web\/wp-content\/uploads\/2018\/12\/the_carmen_hotel15-50x50.jpg 50w, https:\/\/www.arquimaster.com.ar\/web\/wp-content\/uploads\/2018\/12\/the_carmen_hotel15-125x125.jpg 125w\" sizes=\"auto, (max-width: 150px) 100vw, 150px\" \/><\/a>\n\t\t\t<\/div>\n\t\t\t\t<figcaption class='wp-caption-text gallery-caption' id='gallery-1-34408'>\n\t\t\t\tThe Carmen Hotel \/ sanzpont [arquitectura]\n\t\t\t\t<\/figcaption><\/figure>\n\t\t<\/div>\n\n<p><strong>Funcionalidad y b\u00fasqueda de las vistas a todas las habitaciones<\/strong><br \/>\nEl proyecto como primer premisa resuelve su funci\u00f3n haciendo uso del aprovechamiento del espacio, teniendo como problem\u00e1tica una fachada corta con vista al mar y una larga con vista a la calle lateral. La soluci\u00f3n para lograr que todas las habitaciones pudiesen ver el mar, fue la de girar 30 grados las mismas, teniendo un hotel donde todas sus unidades puedan disfrutar de estas vistas, logrando ser un proyecto funcionalista en el uso del espacio envolvente cubico desarrollando el proyecto en 3 niveles de habitaciones: en un nivel s\u00f3tano con servicios, en la planta baja se encuentra la recepci\u00f3n y el restaurante, y en el \u00faltimo nivel un Roof Pool.<\/p>\n<div id='gallery-2' class='gallery galleryid-34391 gallery-columns-3 gallery-size-thumbnail'><figure class='gallery-item'>\n\t\t\t<div class='gallery-icon landscape'>\n\t\t\t\t<a href='https:\/\/www.arquimaster.com.ar\/web\/wp-content\/uploads\/2018\/12\/the_carmen_hotel16.jpg' title=\"The Carmen Hotel \/ sanzpont [arquitectura]\" data-rl_title=\"The Carmen Hotel \/ sanzpont [arquitectura]\" class=\"rl-gallery-link\" data-rl_caption=\"The Carmen Hotel \/ sanzpont [arquitectura]\" data-rel=\"lightbox-gallery-2\"><img loading=\"lazy\" decoding=\"async\" width=\"150\" height=\"150\" src=\"https:\/\/www.arquimaster.com.ar\/web\/wp-content\/uploads\/2018\/12\/the_carmen_hotel16-150x150.jpg\" class=\"attachment-thumbnail size-thumbnail\" alt=\"\" aria-describedby=\"gallery-2-34409\" srcset=\"https:\/\/www.arquimaster.com.ar\/web\/wp-content\/uploads\/2018\/12\/the_carmen_hotel16-150x150.jpg 150w, https:\/\/www.arquimaster.com.ar\/web\/wp-content\/uploads\/2018\/12\/the_carmen_hotel16-50x50.jpg 50w, https:\/\/www.arquimaster.com.ar\/web\/wp-content\/uploads\/2018\/12\/the_carmen_hotel16-125x125.jpg 125w\" sizes=\"auto, (max-width: 150px) 100vw, 150px\" \/><\/a>\n\t\t\t<\/div>\n\t\t\t\t<figcaption class='wp-caption-text gallery-caption' id='gallery-2-34409'>\n\t\t\t\tThe Carmen Hotel \/ sanzpont [arquitectura]\n\t\t\t\t<\/figcaption><\/figure><figure class='gallery-item'>\n\t\t\t<div class='gallery-icon landscape'>\n\t\t\t\t<a href='https:\/\/www.arquimaster.com.ar\/web\/wp-content\/uploads\/2018\/12\/the_carmen_hotel17.jpg' title=\"The Carmen Hotel \/ sanzpont [arquitectura]\" data-rl_title=\"The Carmen Hotel \/ sanzpont [arquitectura]\" class=\"rl-gallery-link\" data-rl_caption=\"The Carmen Hotel \/ sanzpont [arquitectura]\" data-rel=\"lightbox-gallery-2\"><img loading=\"lazy\" decoding=\"async\" width=\"150\" height=\"150\" src=\"https:\/\/www.arquimaster.com.ar\/web\/wp-content\/uploads\/2018\/12\/the_carmen_hotel17-150x150.jpg\" class=\"attachment-thumbnail size-thumbnail\" alt=\"\" aria-describedby=\"gallery-2-34410\" srcset=\"https:\/\/www.arquimaster.com.ar\/web\/wp-content\/uploads\/2018\/12\/the_carmen_hotel17-150x150.jpg 150w, https:\/\/www.arquimaster.com.ar\/web\/wp-content\/uploads\/2018\/12\/the_carmen_hotel17-50x50.jpg 50w, https:\/\/www.arquimaster.com.ar\/web\/wp-content\/uploads\/2018\/12\/the_carmen_hotel17-125x125.jpg 125w\" sizes=\"auto, (max-width: 150px) 100vw, 150px\" \/><\/a>\n\t\t\t<\/div>\n\t\t\t\t<figcaption class='wp-caption-text gallery-caption' id='gallery-2-34410'>\n\t\t\t\tThe Carmen Hotel \/ sanzpont [arquitectura]\n\t\t\t\t<\/figcaption><\/figure><figure class='gallery-item'>\n\t\t\t<div class='gallery-icon landscape'>\n\t\t\t\t<a href='https:\/\/www.arquimaster.com.ar\/web\/wp-content\/uploads\/2018\/12\/the_carmen_hotel18.jpg' title=\"The Carmen Hotel \/ sanzpont [arquitectura]\" data-rl_title=\"The Carmen Hotel \/ sanzpont [arquitectura]\" class=\"rl-gallery-link\" data-rl_caption=\"The Carmen Hotel \/ sanzpont [arquitectura]\" data-rel=\"lightbox-gallery-2\"><img loading=\"lazy\" decoding=\"async\" width=\"150\" height=\"150\" src=\"https:\/\/www.arquimaster.com.ar\/web\/wp-content\/uploads\/2018\/12\/the_carmen_hotel18-150x150.jpg\" class=\"attachment-thumbnail size-thumbnail\" alt=\"\" aria-describedby=\"gallery-2-34411\" srcset=\"https:\/\/www.arquimaster.com.ar\/web\/wp-content\/uploads\/2018\/12\/the_carmen_hotel18-150x150.jpg 150w, https:\/\/www.arquimaster.com.ar\/web\/wp-content\/uploads\/2018\/12\/the_carmen_hotel18-50x50.jpg 50w, https:\/\/www.arquimaster.com.ar\/web\/wp-content\/uploads\/2018\/12\/the_carmen_hotel18-125x125.jpg 125w\" sizes=\"auto, (max-width: 150px) 100vw, 150px\" \/><\/a>\n\t\t\t<\/div>\n\t\t\t\t<figcaption class='wp-caption-text gallery-caption' id='gallery-2-34411'>\n\t\t\t\tThe Carmen Hotel \/ sanzpont [arquitectura]\n\t\t\t\t<\/figcaption><\/figure><figure class='gallery-item'>\n\t\t\t<div class='gallery-icon landscape'>\n\t\t\t\t<a href='https:\/\/www.arquimaster.com.ar\/web\/wp-content\/uploads\/2018\/12\/the_carmen_hotel19.jpg' title=\"The Carmen Hotel \/ sanzpont [arquitectura]\" data-rl_title=\"The Carmen Hotel \/ sanzpont [arquitectura]\" class=\"rl-gallery-link\" data-rl_caption=\"The Carmen Hotel \/ sanzpont [arquitectura]\" data-rel=\"lightbox-gallery-2\"><img loading=\"lazy\" decoding=\"async\" width=\"150\" height=\"150\" src=\"https:\/\/www.arquimaster.com.ar\/web\/wp-content\/uploads\/2018\/12\/the_carmen_hotel19-150x150.jpg\" class=\"attachment-thumbnail size-thumbnail\" alt=\"\" aria-describedby=\"gallery-2-34412\" srcset=\"https:\/\/www.arquimaster.com.ar\/web\/wp-content\/uploads\/2018\/12\/the_carmen_hotel19-150x150.jpg 150w, https:\/\/www.arquimaster.com.ar\/web\/wp-content\/uploads\/2018\/12\/the_carmen_hotel19-50x50.jpg 50w, https:\/\/www.arquimaster.com.ar\/web\/wp-content\/uploads\/2018\/12\/the_carmen_hotel19-125x125.jpg 125w\" sizes=\"auto, (max-width: 150px) 100vw, 150px\" \/><\/a>\n\t\t\t<\/div>\n\t\t\t\t<figcaption class='wp-caption-text gallery-caption' id='gallery-2-34412'>\n\t\t\t\tThe Carmen Hotel \/ sanzpont [arquitectura]\n\t\t\t\t<\/figcaption><\/figure><figure class='gallery-item'>\n\t\t\t<div class='gallery-icon landscape'>\n\t\t\t\t<a href='https:\/\/www.arquimaster.com.ar\/web\/wp-content\/uploads\/2018\/12\/the_carmen_hotel20.jpg' title=\"The Carmen Hotel \/ sanzpont [arquitectura]\" data-rl_title=\"The Carmen Hotel \/ sanzpont [arquitectura]\" class=\"rl-gallery-link\" data-rl_caption=\"The Carmen Hotel \/ sanzpont [arquitectura]\" data-rel=\"lightbox-gallery-2\"><img loading=\"lazy\" decoding=\"async\" width=\"150\" height=\"150\" src=\"https:\/\/www.arquimaster.com.ar\/web\/wp-content\/uploads\/2018\/12\/the_carmen_hotel20-150x150.jpg\" class=\"attachment-thumbnail size-thumbnail\" alt=\"\" aria-describedby=\"gallery-2-34413\" srcset=\"https:\/\/www.arquimaster.com.ar\/web\/wp-content\/uploads\/2018\/12\/the_carmen_hotel20-150x150.jpg 150w, https:\/\/www.arquimaster.com.ar\/web\/wp-content\/uploads\/2018\/12\/the_carmen_hotel20-50x50.jpg 50w, https:\/\/www.arquimaster.com.ar\/web\/wp-content\/uploads\/2018\/12\/the_carmen_hotel20-125x125.jpg 125w\" sizes=\"auto, (max-width: 150px) 100vw, 150px\" \/><\/a>\n\t\t\t<\/div>\n\t\t\t\t<figcaption class='wp-caption-text gallery-caption' id='gallery-2-34413'>\n\t\t\t\tThe Carmen Hotel \/ sanzpont [arquitectura]\n\t\t\t\t<\/figcaption><\/figure><figure class='gallery-item'>\n\t\t\t<div class='gallery-icon landscape'>\n\t\t\t\t<a href='https:\/\/www.arquimaster.com.ar\/web\/wp-content\/uploads\/2018\/12\/the_carmen_hotel21.jpg' title=\"The Carmen Hotel \/ sanzpont [arquitectura]\" data-rl_title=\"The Carmen Hotel \/ sanzpont [arquitectura]\" class=\"rl-gallery-link\" data-rl_caption=\"The Carmen Hotel \/ sanzpont [arquitectura]\" data-rel=\"lightbox-gallery-2\"><img loading=\"lazy\" decoding=\"async\" width=\"150\" height=\"150\" src=\"https:\/\/www.arquimaster.com.ar\/web\/wp-content\/uploads\/2018\/12\/the_carmen_hotel21-150x150.jpg\" class=\"attachment-thumbnail size-thumbnail\" alt=\"\" aria-describedby=\"gallery-2-34414\" srcset=\"https:\/\/www.arquimaster.com.ar\/web\/wp-content\/uploads\/2018\/12\/the_carmen_hotel21-150x150.jpg 150w, https:\/\/www.arquimaster.com.ar\/web\/wp-content\/uploads\/2018\/12\/the_carmen_hotel21-50x50.jpg 50w, https:\/\/www.arquimaster.com.ar\/web\/wp-content\/uploads\/2018\/12\/the_carmen_hotel21-125x125.jpg 125w\" sizes=\"auto, (max-width: 150px) 100vw, 150px\" \/><\/a>\n\t\t\t<\/div>\n\t\t\t\t<figcaption class='wp-caption-text gallery-caption' id='gallery-2-34414'>\n\t\t\t\tThe Carmen Hotel \/ sanzpont [arquitectura]\n\t\t\t\t<\/figcaption><\/figure><figure class='gallery-item'>\n\t\t\t<div class='gallery-icon portrait'>\n\t\t\t\t<a href='https:\/\/www.arquimaster.com.ar\/web\/wp-content\/uploads\/2018\/12\/the_carmen_hotel22.jpg' title=\"The Carmen Hotel \/ sanzpont [arquitectura]\" data-rl_title=\"The Carmen Hotel \/ sanzpont [arquitectura]\" class=\"rl-gallery-link\" data-rl_caption=\"The Carmen Hotel \/ sanzpont [arquitectura]\" data-rel=\"lightbox-gallery-2\"><img loading=\"lazy\" decoding=\"async\" width=\"150\" height=\"150\" src=\"https:\/\/www.arquimaster.com.ar\/web\/wp-content\/uploads\/2018\/12\/the_carmen_hotel22-150x150.jpg\" class=\"attachment-thumbnail size-thumbnail\" alt=\"\" aria-describedby=\"gallery-2-34415\" srcset=\"https:\/\/www.arquimaster.com.ar\/web\/wp-content\/uploads\/2018\/12\/the_carmen_hotel22-150x150.jpg 150w, https:\/\/www.arquimaster.com.ar\/web\/wp-content\/uploads\/2018\/12\/the_carmen_hotel22-50x50.jpg 50w, https:\/\/www.arquimaster.com.ar\/web\/wp-content\/uploads\/2018\/12\/the_carmen_hotel22-125x125.jpg 125w\" sizes=\"auto, (max-width: 150px) 100vw, 150px\" \/><\/a>\n\t\t\t<\/div>\n\t\t\t\t<figcaption class='wp-caption-text gallery-caption' id='gallery-2-34415'>\n\t\t\t\tThe Carmen Hotel \/ sanzpont [arquitectura]\n\t\t\t\t<\/figcaption><\/figure><figure class='gallery-item'>\n\t\t\t<div class='gallery-icon portrait'>\n\t\t\t\t<a href='https:\/\/www.arquimaster.com.ar\/web\/wp-content\/uploads\/2018\/12\/the_carmen_hotel23.jpg' title=\"The Carmen Hotel \/ sanzpont [arquitectura]\" data-rl_title=\"The Carmen Hotel \/ sanzpont [arquitectura]\" class=\"rl-gallery-link\" data-rl_caption=\"The Carmen Hotel \/ sanzpont [arquitectura]\" data-rel=\"lightbox-gallery-2\"><img loading=\"lazy\" decoding=\"async\" width=\"150\" height=\"150\" src=\"https:\/\/www.arquimaster.com.ar\/web\/wp-content\/uploads\/2018\/12\/the_carmen_hotel23-150x150.jpg\" class=\"attachment-thumbnail size-thumbnail\" alt=\"\" aria-describedby=\"gallery-2-34416\" srcset=\"https:\/\/www.arquimaster.com.ar\/web\/wp-content\/uploads\/2018\/12\/the_carmen_hotel23-150x150.jpg 150w, https:\/\/www.arquimaster.com.ar\/web\/wp-content\/uploads\/2018\/12\/the_carmen_hotel23-50x50.jpg 50w, https:\/\/www.arquimaster.com.ar\/web\/wp-content\/uploads\/2018\/12\/the_carmen_hotel23-125x125.jpg 125w\" sizes=\"auto, (max-width: 150px) 100vw, 150px\" \/><\/a>\n\t\t\t<\/div>\n\t\t\t\t<figcaption class='wp-caption-text gallery-caption' id='gallery-2-34416'>\n\t\t\t\tThe Carmen Hotel \/ sanzpont [arquitectura]\n\t\t\t\t<\/figcaption><\/figure><figure class='gallery-item'>\n\t\t\t<div class='gallery-icon landscape'>\n\t\t\t\t<a href='https:\/\/www.arquimaster.com.ar\/web\/wp-content\/uploads\/2018\/12\/the_carmen_hotel24.jpg' title=\"The Carmen Hotel \/ sanzpont [arquitectura] (ahorro energ\u00e9tico)\" data-rl_title=\"The Carmen Hotel \/ sanzpont [arquitectura] (ahorro energ\u00e9tico)\" class=\"rl-gallery-link\" data-rl_caption=\"The Carmen Hotel \/ sanzpont [arquitectura] (ahorro energ\u00e9tico)\" data-rel=\"lightbox-gallery-2\"><img loading=\"lazy\" decoding=\"async\" width=\"150\" height=\"150\" src=\"https:\/\/www.arquimaster.com.ar\/web\/wp-content\/uploads\/2018\/12\/the_carmen_hotel24-150x150.jpg\" class=\"attachment-thumbnail size-thumbnail\" alt=\"\" aria-describedby=\"gallery-2-34417\" srcset=\"https:\/\/www.arquimaster.com.ar\/web\/wp-content\/uploads\/2018\/12\/the_carmen_hotel24-150x150.jpg 150w, https:\/\/www.arquimaster.com.ar\/web\/wp-content\/uploads\/2018\/12\/the_carmen_hotel24-50x50.jpg 50w, https:\/\/www.arquimaster.com.ar\/web\/wp-content\/uploads\/2018\/12\/the_carmen_hotel24-125x125.jpg 125w\" sizes=\"auto, (max-width: 150px) 100vw, 150px\" \/><\/a>\n\t\t\t<\/div>\n\t\t\t\t<figcaption class='wp-caption-text gallery-caption' id='gallery-2-34417'>\n\t\t\t\tThe Carmen Hotel \/ sanzpont [arquitectura] (ahorro energ\u00e9tico)\n\t\t\t\t<\/figcaption><\/figure><figure class='gallery-item'>\n\t\t\t<div class='gallery-icon landscape'>\n\t\t\t\t<a href='https:\/\/www.arquimaster.com.ar\/web\/wp-content\/uploads\/2018\/12\/the_carmen_hotel25.jpg' title=\"The Carmen Hotel \/ sanzpont [arquitectura] (asoleamiento)\" data-rl_title=\"The Carmen Hotel \/ sanzpont [arquitectura] (asoleamiento)\" class=\"rl-gallery-link\" data-rl_caption=\"The Carmen Hotel \/ sanzpont [arquitectura] (asoleamiento)\" data-rel=\"lightbox-gallery-2\"><img loading=\"lazy\" decoding=\"async\" width=\"150\" height=\"150\" src=\"https:\/\/www.arquimaster.com.ar\/web\/wp-content\/uploads\/2018\/12\/the_carmen_hotel25-150x150.jpg\" class=\"attachment-thumbnail size-thumbnail\" alt=\"\" aria-describedby=\"gallery-2-34418\" srcset=\"https:\/\/www.arquimaster.com.ar\/web\/wp-content\/uploads\/2018\/12\/the_carmen_hotel25-150x150.jpg 150w, https:\/\/www.arquimaster.com.ar\/web\/wp-content\/uploads\/2018\/12\/the_carmen_hotel25-50x50.jpg 50w, https:\/\/www.arquimaster.com.ar\/web\/wp-content\/uploads\/2018\/12\/the_carmen_hotel25-125x125.jpg 125w\" sizes=\"auto, (max-width: 150px) 100vw, 150px\" \/><\/a>\n\t\t\t<\/div>\n\t\t\t\t<figcaption class='wp-caption-text gallery-caption' id='gallery-2-34418'>\n\t\t\t\tThe Carmen Hotel \/ sanzpont [arquitectura] (asoleamiento)\n\t\t\t\t<\/figcaption><\/figure><figure class='gallery-item'>\n\t\t\t<div class='gallery-icon landscape'>\n\t\t\t\t<a href='https:\/\/www.arquimaster.com.ar\/web\/wp-content\/uploads\/2018\/12\/the_carmen_hotel26.jpg' title=\"The Carmen Hotel \/ sanzpont [arquitectura] (asoleamiento)\" data-rl_title=\"The Carmen Hotel \/ sanzpont [arquitectura] (asoleamiento)\" class=\"rl-gallery-link\" data-rl_caption=\"The Carmen Hotel \/ sanzpont [arquitectura] (asoleamiento)\" data-rel=\"lightbox-gallery-2\"><img loading=\"lazy\" decoding=\"async\" width=\"150\" height=\"150\" src=\"https:\/\/www.arquimaster.com.ar\/web\/wp-content\/uploads\/2018\/12\/the_carmen_hotel26-150x150.jpg\" class=\"attachment-thumbnail size-thumbnail\" alt=\"\" aria-describedby=\"gallery-2-34419\" srcset=\"https:\/\/www.arquimaster.com.ar\/web\/wp-content\/uploads\/2018\/12\/the_carmen_hotel26-150x150.jpg 150w, https:\/\/www.arquimaster.com.ar\/web\/wp-content\/uploads\/2018\/12\/the_carmen_hotel26-50x50.jpg 50w, https:\/\/www.arquimaster.com.ar\/web\/wp-content\/uploads\/2018\/12\/the_carmen_hotel26-125x125.jpg 125w\" sizes=\"auto, (max-width: 150px) 100vw, 150px\" \/><\/a>\n\t\t\t<\/div>\n\t\t\t\t<figcaption class='wp-caption-text gallery-caption' id='gallery-2-34419'>\n\t\t\t\tThe Carmen Hotel \/ sanzpont [arquitectura] (asoleamiento)\n\t\t\t\t<\/figcaption><\/figure><figure class='gallery-item'>\n\t\t\t<div class='gallery-icon landscape'>\n\t\t\t\t<a href='https:\/\/www.arquimaster.com.ar\/web\/wp-content\/uploads\/2018\/12\/the_carmen_hotel27.jpg' title=\"The Carmen Hotel \/ sanzpont [arquitectura] (ventilaci\u00f3n)\" data-rl_title=\"The Carmen Hotel \/ sanzpont [arquitectura] (ventilaci\u00f3n)\" class=\"rl-gallery-link\" data-rl_caption=\"The Carmen Hotel \/ sanzpont [arquitectura] (ventilaci\u00f3n)\" data-rel=\"lightbox-gallery-2\"><img loading=\"lazy\" decoding=\"async\" width=\"150\" height=\"150\" src=\"https:\/\/www.arquimaster.com.ar\/web\/wp-content\/uploads\/2018\/12\/the_carmen_hotel27-150x150.jpg\" class=\"attachment-thumbnail size-thumbnail\" alt=\"\" aria-describedby=\"gallery-2-34420\" srcset=\"https:\/\/www.arquimaster.com.ar\/web\/wp-content\/uploads\/2018\/12\/the_carmen_hotel27-150x150.jpg 150w, https:\/\/www.arquimaster.com.ar\/web\/wp-content\/uploads\/2018\/12\/the_carmen_hotel27-50x50.jpg 50w, https:\/\/www.arquimaster.com.ar\/web\/wp-content\/uploads\/2018\/12\/the_carmen_hotel27-125x125.jpg 125w\" sizes=\"auto, (max-width: 150px) 100vw, 150px\" \/><\/a>\n\t\t\t<\/div>\n\t\t\t\t<figcaption class='wp-caption-text gallery-caption' id='gallery-2-34420'>\n\t\t\t\tThe Carmen Hotel \/ sanzpont [arquitectura] (ventilaci\u00f3n)\n\t\t\t\t<\/figcaption><\/figure><figure class='gallery-item'>\n\t\t\t<div class='gallery-icon landscape'>\n\t\t\t\t<a href='https:\/\/www.arquimaster.com.ar\/web\/wp-content\/uploads\/2018\/12\/the_carmen_hotel28.jpg' title=\"The Carmen Hotel \/ sanzpont [arquitectura] (materialidad)\" data-rl_title=\"The Carmen Hotel \/ sanzpont [arquitectura] (materialidad)\" class=\"rl-gallery-link\" data-rl_caption=\"The Carmen Hotel \/ sanzpont [arquitectura] (materialidad)\" data-rel=\"lightbox-gallery-2\"><img loading=\"lazy\" decoding=\"async\" width=\"150\" height=\"150\" src=\"https:\/\/www.arquimaster.com.ar\/web\/wp-content\/uploads\/2018\/12\/the_carmen_hotel28-150x150.jpg\" class=\"attachment-thumbnail size-thumbnail\" alt=\"\" aria-describedby=\"gallery-2-34421\" srcset=\"https:\/\/www.arquimaster.com.ar\/web\/wp-content\/uploads\/2018\/12\/the_carmen_hotel28-150x150.jpg 150w, https:\/\/www.arquimaster.com.ar\/web\/wp-content\/uploads\/2018\/12\/the_carmen_hotel28-50x50.jpg 50w, https:\/\/www.arquimaster.com.ar\/web\/wp-content\/uploads\/2018\/12\/the_carmen_hotel28-125x125.jpg 125w\" sizes=\"auto, (max-width: 150px) 100vw, 150px\" \/><\/a>\n\t\t\t<\/div>\n\t\t\t\t<figcaption class='wp-caption-text gallery-caption' id='gallery-2-34421'>\n\t\t\t\tThe Carmen Hotel \/ sanzpont [arquitectura] (materialidad)\n\t\t\t\t<\/figcaption><\/figure><figure class='gallery-item'>\n\t\t\t<div class='gallery-icon landscape'>\n\t\t\t\t<a href='https:\/\/www.arquimaster.com.ar\/web\/wp-content\/uploads\/2018\/12\/the_carmen_hotel29.jpg' title=\"The Carmen Hotel \/ sanzpont [arquitectura] (materialidad)\" data-rl_title=\"The Carmen Hotel \/ sanzpont [arquitectura] (materialidad)\" class=\"rl-gallery-link\" data-rl_caption=\"The Carmen Hotel \/ sanzpont [arquitectura] (materialidad)\" data-rel=\"lightbox-gallery-2\"><img loading=\"lazy\" decoding=\"async\" width=\"150\" height=\"150\" src=\"https:\/\/www.arquimaster.com.ar\/web\/wp-content\/uploads\/2018\/12\/the_carmen_hotel29-150x150.jpg\" class=\"attachment-thumbnail size-thumbnail\" alt=\"\" aria-describedby=\"gallery-2-34422\" srcset=\"https:\/\/www.arquimaster.com.ar\/web\/wp-content\/uploads\/2018\/12\/the_carmen_hotel29-150x150.jpg 150w, https:\/\/www.arquimaster.com.ar\/web\/wp-content\/uploads\/2018\/12\/the_carmen_hotel29-50x50.jpg 50w, https:\/\/www.arquimaster.com.ar\/web\/wp-content\/uploads\/2018\/12\/the_carmen_hotel29-125x125.jpg 125w\" sizes=\"auto, (max-width: 150px) 100vw, 150px\" \/><\/a>\n\t\t\t<\/div>\n\t\t\t\t<figcaption class='wp-caption-text gallery-caption' id='gallery-2-34422'>\n\t\t\t\tThe Carmen Hotel \/ sanzpont [arquitectura] (materialidad)\n\t\t\t\t<\/figcaption><\/figure><figure class='gallery-item'>\n\t\t\t<div class='gallery-icon landscape'>\n\t\t\t\t<a href='https:\/\/www.arquimaster.com.ar\/web\/wp-content\/uploads\/2018\/12\/the_carmen_hotel30.jpg' title=\"The Carmen Hotel \/ sanzpont [arquitectura] (materialidad)\" data-rl_title=\"The Carmen Hotel \/ sanzpont [arquitectura] (materialidad)\" class=\"rl-gallery-link\" data-rl_caption=\"The Carmen Hotel \/ sanzpont [arquitectura] (materialidad)\" data-rel=\"lightbox-gallery-2\"><img loading=\"lazy\" decoding=\"async\" width=\"150\" height=\"150\" src=\"https:\/\/www.arquimaster.com.ar\/web\/wp-content\/uploads\/2018\/12\/the_carmen_hotel30-150x150.jpg\" class=\"attachment-thumbnail size-thumbnail\" alt=\"\" aria-describedby=\"gallery-2-34423\" srcset=\"https:\/\/www.arquimaster.com.ar\/web\/wp-content\/uploads\/2018\/12\/the_carmen_hotel30-150x150.jpg 150w, https:\/\/www.arquimaster.com.ar\/web\/wp-content\/uploads\/2018\/12\/the_carmen_hotel30-50x50.jpg 50w, https:\/\/www.arquimaster.com.ar\/web\/wp-content\/uploads\/2018\/12\/the_carmen_hotel30-125x125.jpg 125w\" sizes=\"auto, (max-width: 150px) 100vw, 150px\" \/><\/a>\n\t\t\t<\/div>\n\t\t\t\t<figcaption class='wp-caption-text gallery-caption' id='gallery-2-34423'>\n\t\t\t\tThe Carmen Hotel \/ sanzpont [arquitectura] (materialidad)\n\t\t\t\t<\/figcaption><\/figure>\n\t\t<\/div>\n\n<p><strong>Concepto Sustentable<\/strong><\/p>\n<p><strong>Alta eficiencia con bajo consumo energ\u00e9tico<\/strong><br \/>\nTodo el edificio est\u00e1 edificado mediante un sistema constructivo de poliuretano de alta densidad, lo que impide el calentamiento por radiaci\u00f3n solar, y as\u00ed mismo se integran ventanas de doble vidrio, logrando un sistema completamente aislado cuando sea requerido el uso de aire acondicionado, mismo que se encuentra dise\u00f1ado mediante un sistema altamente eficiente contemplando la utilizaci\u00f3n de ventilaci\u00f3n cruzada para el aprovechamiento del aire natural, reduciendo su consumo al m\u00ednimo necesario. Adem\u00e1s de que el calor emitido funciona para calentar el agua de consumo.<\/p>\n<p>El sistema de agua se encuentra dividido en Aguas Negras y Grises, independientemente tratados. En t\u00e9rminos de iluminaci\u00f3n todo el edificio cuenta con tecnolog\u00eda LED de bajo consumo energ\u00e9tico.<\/p>\n<p><strong>Ahorro energ\u00e9tico<\/strong><br \/>\nEl edificio est\u00e1 acondicionado para reducir el consumo energ\u00e9tico mediante el dise\u00f1o eficiente de sistemas constructivos, hidr\u00e1ulicos, el\u00e9ctricos, electr\u00f3nicos y de refrigeraci\u00f3n, los cuales tienen un rol fundamental en la eficiencia energ\u00e9tica del edificio.<\/p>\n<p>&#8211; El 100% del edificio est\u00e1 realizado con Luminarias LED de \u00faltima generaci\u00f3n con el m\u00e1ximo rendimiento energ\u00e9tico de muy bajo consumo.<\/p>\n<p>&#8211; La utilizaci\u00f3n de equipos de refrigeraci\u00f3n eficiente redujo un 30 por ciento las emisiones de CO2.<\/p>\n<p>&#8211; El consumo energ\u00e9tico del edificio es reducido debido al cuidado en la elecci\u00f3n de todos sus sistemas, lo que conlleva a un ahorro en su consumo y una reducci\u00f3n de la contaminaci\u00f3n durante su ciclo de vida.<\/p>\n<p>&#8211; Cada habitaci\u00f3n posee detectores de presencia y sensores de apertura de puertas y ventanas con el fin de reducir y controlar el sistema de aire acondicionado y evitar desperdicio de energ\u00eda.<\/p>\n<p><strong>An\u00e1lisis del clima<\/strong><br \/>\nUbicado frente a una de las paradisiacas playas del Mar Caribe, en la Calle 8 de Playa del C\u00e1rmen, Q. Roo. El clima de la regi\u00f3n es c\u00e1lido y subh\u00famedo. Mediante un an\u00e1lisis de geometr\u00eda solar, se estudian los movimientos aparentes del sol y sus \u00e1ngulos, como resultado se implementan elementos arquitect\u00f3nicos de sombra: volados y parteluces impiden la penetraci\u00f3n del sol directo a los interiores y bloquean la fachada Sur y Poniente.<\/p>\n<p><strong>Asoleamiento<\/strong><br \/>\nLa temperatura media anual oscila entre los 28\u00ba C y 32\u00ba C en verano; y de 26\u00ba C a 27\u00ba C en invierno. Aislar el edificio fue primordial para crear temperaturas de confort al interior. Se calcul\u00f3 mediante un modelo anal\u00edtico digital t\u00e9rmico la ganancia calor\u00edfica que sufrir\u00eda el edificio, obteniendo una mayor ganancia en las cubiertas, fachada Sur y Poniente. Datos a considerar para poder hacer la elecci\u00f3n de materiales.<\/p>\n<p><strong>Materiales innovadores<\/strong><br \/>\nPara evitar el paso del calor por conductividad t\u00e9rmica a los espacios, se utilizaron materiales innovadores. El edificio entero, tanto todas sus losas, muros exteriores e interiores se realizaron con materiales aislantes de Poliestireno extru\u00eddo de Alta Densidad, todas las ventanas mediante Triple vidrio con gas arg\u00f3n de muy baja conductividad t\u00e9rmica.<\/p>\n<p><strong>Ventilaci\u00f3n cruzada<\/strong><br \/>\nSabiendo que los vientos dominantes en el Caribe provienen del Sureste y Este, se decidi\u00f3 girar 30 grados las habitaciones para captarlo y extraerlo a trav\u00e9s de un ducto en el plaf\u00f3n del pasillo, propiciando la ventilaci\u00f3n natural y la oxigenaci\u00f3n de los espacios.<\/p>\n<p><strong>Experiencia al usuario mediante el Arte<\/strong><br \/>\nHabiendo cumplido con los conceptos de utilidad y l\u00f3gica, nos dedicamos a la est\u00e9tica. Analizando el contexto concluimos en que: El proyecto que se encuentra sobre la linea costera de Playa del Carmen, posee mucha competencia en el mercado, compitiendo \u00fanicamente en precios.<\/p>\n<p>Tomando esto en consideraci\u00f3n, se cre\u00f3 un hotel boutique que otorga valor agregado al cliente, permiti\u00e9ndole materializar un edificio que ofrece una experiencia relajante en armon\u00eda con la naturaleza, el arte y la elegancia para cada uno de sus usuarios. El objetivo primordial del cliente es competir de forma comercial con calidad ofreciendo un producto sustentable, \u00fanico e ic\u00f3nico en la zona.<\/p>\n<p><strong>Ficha t\u00e9cnica<\/strong><br \/>\nNombre: The Carmen Hotel<br \/>\nUbicaci\u00f3n: Calle 8, Playa del Carmen, M\u00e9xico<br \/>\nProyecto: sanzpont [arquitectura]<br \/>\nEquipo de Proyecto: Victor y Sergio Sanz Pont, Elizabeth Valencia, Eder Hern\u00e1ndez, Valeria G\u00f3mez H.,Jos\u00e9 Rodr\u00edguez, Sophia Mart\u00ednez, Eric Gallegos, Mauricio Duhart, Osvaldo C\u00e1mara, Johan Velazco, Melissa Chavez, Uriel Mena, Ana Cristina Avil\u00e9s, Montserrat Palau, Ali Garc\u00eda<br \/>\nTipolog\u00eda: Hotel Boutique de 38 suites<br \/>\nPremios: 1er. Premio AAI M\u00e9xico Premio Pen\u00ednsula en Categor\u00eda Hoteler\u00eda y Silver A&#8217; Design Award Winner in Architecture, Building and Structure Design Category 2016-2017<br \/>\nA\u00f1o: 2017<br \/>\nFot\u00f3grafo: Santiago Heyser<\/p>\n<p><strong>Contacto<\/strong><br \/>\n<a href=\"http:\/\/www.sanzpont.com\" target=\"_blank\" rel=\"noopener noreferrer\">http:\/\/www.sanzpont.com<\/a><\/p>\n<p>Facebook: \/sanzpont<\/p>\n\n<div style=\"font-size: 0px; height: 0px; line-height: 0px; margin: 0; padding: 0; clear: both;\"><\/div><div style=\"margin-top: 0px; margin-bottom: 0px;\" class=\"sharethis-inline-share-buttons\" ><\/div>","protected":false},"excerpt":{"rendered":"<p>Edificio sustentable cuyo concepto de dise\u00f1o est\u00e1 inspirado en el arrecife de coral del Mar Caribe&#8230;<\/p>\n","protected":false},"author":1,"featured_media":34392,"comment_status":"closed","ping_status":"closed","sticky":false,"template":"","format":"standard","meta":{"_uag_custom_page_level_css":"","footnotes":""},"categories":[75,857,1],"tags":[1233,44,4032,111,2395,3825,24,4938,4939],"class_list":["post-34391","post","type-post","status-publish","format-standard","has-post-thumbnail","hentry","category-arquitectura-comercial","category-arquitectura-sustentable-proyecto","category-proyecto","tag-arquitectura-comercial-2","tag-arquitectura-sustentable","tag-edificio-sustentable","tag-hotel","tag-hotel-boutique","tag-hoteleria","tag-mexico","tag-playa-del-carmen","tag-sanzpont-arquitectura","generate-columns","tablet-grid-50","mobile-grid-100","grid-parent","grid-50"],"yoast_head":"<!-- This site is optimized with the Yoast SEO plugin v27.3 - https:\/\/yoast.com\/product\/yoast-seo-wordpress\/ -->\n<title>The Carmen Hotel \/ sanzpont [arquitectura] - Arquimaster<\/title>\n<meta name=\"description\" content=\"Edificio sustentable cuyo concepto de dise\u00f1o est\u00e1 inspirado en el arrecife de coral del Mar Caribe.\" \/>\n<meta name=\"robots\" content=\"index, follow, max-snippet:-1, max-image-preview:large, max-video-preview:-1\" \/>\n<link rel=\"canonical\" href=\"https:\/\/www.arquimaster.com.ar\/web\/the-carmen-hotel-sanzpont-arquitectura\/\" \/>\n<meta property=\"og:locale\" content=\"es_ES\" \/>\n<meta property=\"og:type\" content=\"article\" \/>\n<meta property=\"og:title\" content=\"The Carmen Hotel \/ sanzpont [arquitectura]\" \/>\n<meta property=\"og:description\" content=\"Edificio sustentable cuyo concepto de dise\u00f1o est\u00e1 inspirado en el arrecife de coral del Mar Caribe.\" \/>\n<meta property=\"og:url\" content=\"https:\/\/www.arquimaster.com.ar\/web\/the-carmen-hotel-sanzpont-arquitectura\/\" \/>\n<meta property=\"og:site_name\" content=\"Arquimaster\" \/>\n<meta property=\"article:publisher\" content=\"http:\/\/www.facebook.com\/ARQUIMASTER.com.ar\" \/>\n<meta property=\"article:published_time\" content=\"2018-12-27T17:32:26+00:00\" \/>\n<meta property=\"article:modified_time\" content=\"2020-05-29T20:03:03+00:00\" \/>\n<meta property=\"og:image\" content=\"https:\/\/www.arquimaster.com.ar\/web\/wp-content\/uploads\/2018\/12\/the_carmen_hotel_slide1-wpp1590782442412.jpg\" \/>\n\t<meta property=\"og:image:width\" content=\"698\" \/>\n\t<meta property=\"og:image:height\" content=\"364\" \/>\n\t<meta property=\"og:image:type\" content=\"image\/jpeg\" \/>\n<meta name=\"author\" content=\"Arquimaster\" \/>\n<meta name=\"twitter:card\" content=\"summary_large_image\" \/>\n<meta name=\"twitter:title\" content=\"The Carmen Hotel \/ sanzpont [arquitectura]\" \/>\n<meta name=\"twitter:description\" content=\"Edificio sustentable cuyo concepto de dise\u00f1o est\u00e1 inspirado en el arrecife de coral del Mar Caribe.\" \/>\n<meta name=\"twitter:image\" content=\"https:\/\/www.arquimaster.com.ar\/web\/wp-content\/uploads\/2018\/12\/the_carmen_hotel_slide1-wpp1590782442412.jpg\" \/>\n<meta name=\"twitter:creator\" content=\"@arquimaster\" \/>\n<meta name=\"twitter:site\" content=\"@arquimaster\" \/>\n<meta name=\"twitter:label1\" content=\"Escrito por\" \/>\n\t<meta name=\"twitter:data1\" content=\"Arquimaster\" \/>\n\t<meta name=\"twitter:label2\" content=\"Tiempo de lectura\" \/>\n\t<meta name=\"twitter:data2\" content=\"5 minutos\" \/>\n<script type=\"application\/ld+json\" class=\"yoast-schema-graph\">{\"@context\":\"https:\\\/\\\/schema.org\",\"@graph\":[{\"@type\":\"Article\",\"@id\":\"https:\\\/\\\/www.arquimaster.com.ar\\\/web\\\/the-carmen-hotel-sanzpont-arquitectura\\\/#article\",\"isPartOf\":{\"@id\":\"https:\\\/\\\/www.arquimaster.com.ar\\\/web\\\/the-carmen-hotel-sanzpont-arquitectura\\\/\"},\"author\":{\"name\":\"Arquimaster\",\"@id\":\"https:\\\/\\\/www.arquimaster.com.ar\\\/web\\\/#\\\/schema\\\/person\\\/359e9f7c00193fcde068e0dd2ceb0028\"},\"headline\":\"The Carmen Hotel \\\/ sanzpont [arquitectura]\",\"datePublished\":\"2018-12-27T17:32:26+00:00\",\"dateModified\":\"2020-05-29T20:03:03+00:00\",\"mainEntityOfPage\":{\"@id\":\"https:\\\/\\\/www.arquimaster.com.ar\\\/web\\\/the-carmen-hotel-sanzpont-arquitectura\\\/\"},\"wordCount\":1035,\"publisher\":{\"@id\":\"https:\\\/\\\/www.arquimaster.com.ar\\\/web\\\/#organization\"},\"image\":{\"@id\":\"https:\\\/\\\/www.arquimaster.com.ar\\\/web\\\/the-carmen-hotel-sanzpont-arquitectura\\\/#primaryimage\"},\"thumbnailUrl\":\"https:\\\/\\\/www.arquimaster.com.ar\\\/web\\\/wp-content\\\/uploads\\\/2018\\\/12\\\/the_carmen_hotel_slide1-wpp1590782442412.jpg\",\"keywords\":[\"arquitectura comercial\",\"arquitectura sustentable\",\"edificio sustentable\",\"hotel\",\"hotel boutique\",\"hoteler\u00eda\",\"Mexico\",\"Playa del Carmen\",\"sanzpont [arquitectura]\"],\"articleSection\":[\"Arquitectura comercial\",\"Arquitectura sustentable\",\"Proyecto\"],\"inLanguage\":\"es\"},{\"@type\":\"WebPage\",\"@id\":\"https:\\\/\\\/www.arquimaster.com.ar\\\/web\\\/the-carmen-hotel-sanzpont-arquitectura\\\/\",\"url\":\"https:\\\/\\\/www.arquimaster.com.ar\\\/web\\\/the-carmen-hotel-sanzpont-arquitectura\\\/\",\"name\":\"The Carmen Hotel \\\/ sanzpont [arquitectura] - Arquimaster\",\"isPartOf\":{\"@id\":\"https:\\\/\\\/www.arquimaster.com.ar\\\/web\\\/#website\"},\"primaryImageOfPage\":{\"@id\":\"https:\\\/\\\/www.arquimaster.com.ar\\\/web\\\/the-carmen-hotel-sanzpont-arquitectura\\\/#primaryimage\"},\"image\":{\"@id\":\"https:\\\/\\\/www.arquimaster.com.ar\\\/web\\\/the-carmen-hotel-sanzpont-arquitectura\\\/#primaryimage\"},\"thumbnailUrl\":\"https:\\\/\\\/www.arquimaster.com.ar\\\/web\\\/wp-content\\\/uploads\\\/2018\\\/12\\\/the_carmen_hotel_slide1-wpp1590782442412.jpg\",\"datePublished\":\"2018-12-27T17:32:26+00:00\",\"dateModified\":\"2020-05-29T20:03:03+00:00\",\"description\":\"Edificio sustentable cuyo concepto de dise\u00f1o est\u00e1 inspirado en el arrecife de coral del Mar Caribe.\",\"breadcrumb\":{\"@id\":\"https:\\\/\\\/www.arquimaster.com.ar\\\/web\\\/the-carmen-hotel-sanzpont-arquitectura\\\/#breadcrumb\"},\"inLanguage\":\"es\",\"potentialAction\":[{\"@type\":\"ReadAction\",\"target\":[\"https:\\\/\\\/www.arquimaster.com.ar\\\/web\\\/the-carmen-hotel-sanzpont-arquitectura\\\/\"]}]},{\"@type\":\"ImageObject\",\"inLanguage\":\"es\",\"@id\":\"https:\\\/\\\/www.arquimaster.com.ar\\\/web\\\/the-carmen-hotel-sanzpont-arquitectura\\\/#primaryimage\",\"url\":\"https:\\\/\\\/www.arquimaster.com.ar\\\/web\\\/wp-content\\\/uploads\\\/2018\\\/12\\\/the_carmen_hotel_slide1-wpp1590782442412.jpg\",\"contentUrl\":\"https:\\\/\\\/www.arquimaster.com.ar\\\/web\\\/wp-content\\\/uploads\\\/2018\\\/12\\\/the_carmen_hotel_slide1-wpp1590782442412.jpg\",\"width\":698,\"height\":364},{\"@type\":\"BreadcrumbList\",\"@id\":\"https:\\\/\\\/www.arquimaster.com.ar\\\/web\\\/the-carmen-hotel-sanzpont-arquitectura\\\/#breadcrumb\",\"itemListElement\":[{\"@type\":\"ListItem\",\"position\":1,\"name\":\"Portada\",\"item\":\"https:\\\/\\\/www.arquimaster.com.ar\\\/web\\\/\"},{\"@type\":\"ListItem\",\"position\":2,\"name\":\"The Carmen Hotel \\\/ sanzpont [arquitectura]\"}]},{\"@type\":\"WebSite\",\"@id\":\"https:\\\/\\\/www.arquimaster.com.ar\\\/web\\\/#website\",\"url\":\"https:\\\/\\\/www.arquimaster.com.ar\\\/web\\\/\",\"name\":\"Arquimaster\",\"description\":\"Web de arquitectura, dise\u00f1o y construccion\",\"publisher\":{\"@id\":\"https:\\\/\\\/www.arquimaster.com.ar\\\/web\\\/#organization\"},\"potentialAction\":[{\"@type\":\"SearchAction\",\"target\":{\"@type\":\"EntryPoint\",\"urlTemplate\":\"https:\\\/\\\/www.arquimaster.com.ar\\\/web\\\/?s={search_term_string}\"},\"query-input\":{\"@type\":\"PropertyValueSpecification\",\"valueRequired\":true,\"valueName\":\"search_term_string\"}}],\"inLanguage\":\"es\"},{\"@type\":\"Organization\",\"@id\":\"https:\\\/\\\/www.arquimaster.com.ar\\\/web\\\/#organization\",\"name\":\"Arquimaster\",\"url\":\"https:\\\/\\\/www.arquimaster.com.ar\\\/web\\\/\",\"logo\":{\"@type\":\"ImageObject\",\"inLanguage\":\"es\",\"@id\":\"https:\\\/\\\/www.arquimaster.com.ar\\\/web\\\/#\\\/schema\\\/logo\\\/image\\\/\",\"url\":\"https:\\\/\\\/www.arquimaster.com.ar\\\/web\\\/wp-content\\\/uploads\\\/2022\\\/06\\\/arquimaster.png\",\"contentUrl\":\"https:\\\/\\\/www.arquimaster.com.ar\\\/web\\\/wp-content\\\/uploads\\\/2022\\\/06\\\/arquimaster.png\",\"width\":594,\"height\":78,\"caption\":\"Arquimaster\"},\"image\":{\"@id\":\"https:\\\/\\\/www.arquimaster.com.ar\\\/web\\\/#\\\/schema\\\/logo\\\/image\\\/\"},\"sameAs\":[\"http:\\\/\\\/www.facebook.com\\\/ARQUIMASTER.com.ar\",\"https:\\\/\\\/x.com\\\/arquimaster\",\"https:\\\/\\\/www.instagram.com\\\/arquimasterblog\\\/\",\"https:\\\/\\\/www.linkedin.com\\\/company\\\/arquimaster\",\"https:\\\/\\\/www.pinterest.com\\\/arquimaster\",\"https:\\\/\\\/t.me\\\/arquimaster\"]},{\"@type\":\"Person\",\"@id\":\"https:\\\/\\\/www.arquimaster.com.ar\\\/web\\\/#\\\/schema\\\/person\\\/359e9f7c00193fcde068e0dd2ceb0028\",\"name\":\"Arquimaster\"}]}<\/script>\n<!-- \/ Yoast SEO plugin. -->","yoast_head_json":{"title":"The Carmen Hotel \/ sanzpont [arquitectura] - Arquimaster","description":"Edificio sustentable cuyo concepto de dise\u00f1o est\u00e1 inspirado en el arrecife de coral del Mar Caribe.","robots":{"index":"index","follow":"follow","max-snippet":"max-snippet:-1","max-image-preview":"max-image-preview:large","max-video-preview":"max-video-preview:-1"},"canonical":"https:\/\/www.arquimaster.com.ar\/web\/the-carmen-hotel-sanzpont-arquitectura\/","og_locale":"es_ES","og_type":"article","og_title":"The Carmen Hotel \/ sanzpont [arquitectura]","og_description":"Edificio sustentable cuyo concepto de dise\u00f1o est\u00e1 inspirado en el arrecife de coral del Mar Caribe.","og_url":"https:\/\/www.arquimaster.com.ar\/web\/the-carmen-hotel-sanzpont-arquitectura\/","og_site_name":"Arquimaster","article_publisher":"http:\/\/www.facebook.com\/ARQUIMASTER.com.ar","article_published_time":"2018-12-27T17:32:26+00:00","article_modified_time":"2020-05-29T20:03:03+00:00","og_image":[{"width":698,"height":364,"url":"https:\/\/www.arquimaster.com.ar\/web\/wp-content\/uploads\/2018\/12\/the_carmen_hotel_slide1-wpp1590782442412.jpg","type":"image\/jpeg"}],"author":"Arquimaster","twitter_card":"summary_large_image","twitter_title":"The Carmen Hotel \/ sanzpont [arquitectura]","twitter_description":"Edificio sustentable cuyo concepto de dise\u00f1o est\u00e1 inspirado en el arrecife de coral del Mar Caribe.","twitter_image":"https:\/\/www.arquimaster.com.ar\/web\/wp-content\/uploads\/2018\/12\/the_carmen_hotel_slide1-wpp1590782442412.jpg","twitter_creator":"@arquimaster","twitter_site":"@arquimaster","twitter_misc":{"Escrito por":"Arquimaster","Tiempo de lectura":"5 minutos"},"schema":{"@context":"https:\/\/schema.org","@graph":[{"@type":"Article","@id":"https:\/\/www.arquimaster.com.ar\/web\/the-carmen-hotel-sanzpont-arquitectura\/#article","isPartOf":{"@id":"https:\/\/www.arquimaster.com.ar\/web\/the-carmen-hotel-sanzpont-arquitectura\/"},"author":{"name":"Arquimaster","@id":"https:\/\/www.arquimaster.com.ar\/web\/#\/schema\/person\/359e9f7c00193fcde068e0dd2ceb0028"},"headline":"The Carmen Hotel \/ sanzpont [arquitectura]","datePublished":"2018-12-27T17:32:26+00:00","dateModified":"2020-05-29T20:03:03+00:00","mainEntityOfPage":{"@id":"https:\/\/www.arquimaster.com.ar\/web\/the-carmen-hotel-sanzpont-arquitectura\/"},"wordCount":1035,"publisher":{"@id":"https:\/\/www.arquimaster.com.ar\/web\/#organization"},"image":{"@id":"https:\/\/www.arquimaster.com.ar\/web\/the-carmen-hotel-sanzpont-arquitectura\/#primaryimage"},"thumbnailUrl":"https:\/\/www.arquimaster.com.ar\/web\/wp-content\/uploads\/2018\/12\/the_carmen_hotel_slide1-wpp1590782442412.jpg","keywords":["arquitectura comercial","arquitectura sustentable","edificio sustentable","hotel","hotel boutique","hoteler\u00eda","Mexico","Playa del Carmen","sanzpont [arquitectura]"],"articleSection":["Arquitectura comercial","Arquitectura sustentable","Proyecto"],"inLanguage":"es"},{"@type":"WebPage","@id":"https:\/\/www.arquimaster.com.ar\/web\/the-carmen-hotel-sanzpont-arquitectura\/","url":"https:\/\/www.arquimaster.com.ar\/web\/the-carmen-hotel-sanzpont-arquitectura\/","name":"The Carmen Hotel \/ sanzpont [arquitectura] - Arquimaster","isPartOf":{"@id":"https:\/\/www.arquimaster.com.ar\/web\/#website"},"primaryImageOfPage":{"@id":"https:\/\/www.arquimaster.com.ar\/web\/the-carmen-hotel-sanzpont-arquitectura\/#primaryimage"},"image":{"@id":"https:\/\/www.arquimaster.com.ar\/web\/the-carmen-hotel-sanzpont-arquitectura\/#primaryimage"},"thumbnailUrl":"https:\/\/www.arquimaster.com.ar\/web\/wp-content\/uploads\/2018\/12\/the_carmen_hotel_slide1-wpp1590782442412.jpg","datePublished":"2018-12-27T17:32:26+00:00","dateModified":"2020-05-29T20:03:03+00:00","description":"Edificio sustentable cuyo concepto de dise\u00f1o est\u00e1 inspirado en el arrecife de coral del Mar Caribe.","breadcrumb":{"@id":"https:\/\/www.arquimaster.com.ar\/web\/the-carmen-hotel-sanzpont-arquitectura\/#breadcrumb"},"inLanguage":"es","potentialAction":[{"@type":"ReadAction","target":["https:\/\/www.arquimaster.com.ar\/web\/the-carmen-hotel-sanzpont-arquitectura\/"]}]},{"@type":"ImageObject","inLanguage":"es","@id":"https:\/\/www.arquimaster.com.ar\/web\/the-carmen-hotel-sanzpont-arquitectura\/#primaryimage","url":"https:\/\/www.arquimaster.com.ar\/web\/wp-content\/uploads\/2018\/12\/the_carmen_hotel_slide1-wpp1590782442412.jpg","contentUrl":"https:\/\/www.arquimaster.com.ar\/web\/wp-content\/uploads\/2018\/12\/the_carmen_hotel_slide1-wpp1590782442412.jpg","width":698,"height":364},{"@type":"BreadcrumbList","@id":"https:\/\/www.arquimaster.com.ar\/web\/the-carmen-hotel-sanzpont-arquitectura\/#breadcrumb","itemListElement":[{"@type":"ListItem","position":1,"name":"Portada","item":"https:\/\/www.arquimaster.com.ar\/web\/"},{"@type":"ListItem","position":2,"name":"The Carmen Hotel \/ sanzpont [arquitectura]"}]},{"@type":"WebSite","@id":"https:\/\/www.arquimaster.com.ar\/web\/#website","url":"https:\/\/www.arquimaster.com.ar\/web\/","name":"Arquimaster","description":"Web de arquitectura, dise\u00f1o y construccion","publisher":{"@id":"https:\/\/www.arquimaster.com.ar\/web\/#organization"},"potentialAction":[{"@type":"SearchAction","target":{"@type":"EntryPoint","urlTemplate":"https:\/\/www.arquimaster.com.ar\/web\/?s={search_term_string}"},"query-input":{"@type":"PropertyValueSpecification","valueRequired":true,"valueName":"search_term_string"}}],"inLanguage":"es"},{"@type":"Organization","@id":"https:\/\/www.arquimaster.com.ar\/web\/#organization","name":"Arquimaster","url":"https:\/\/www.arquimaster.com.ar\/web\/","logo":{"@type":"ImageObject","inLanguage":"es","@id":"https:\/\/www.arquimaster.com.ar\/web\/#\/schema\/logo\/image\/","url":"https:\/\/www.arquimaster.com.ar\/web\/wp-content\/uploads\/2022\/06\/arquimaster.png","contentUrl":"https:\/\/www.arquimaster.com.ar\/web\/wp-content\/uploads\/2022\/06\/arquimaster.png","width":594,"height":78,"caption":"Arquimaster"},"image":{"@id":"https:\/\/www.arquimaster.com.ar\/web\/#\/schema\/logo\/image\/"},"sameAs":["http:\/\/www.facebook.com\/ARQUIMASTER.com.ar","https:\/\/x.com\/arquimaster","https:\/\/www.instagram.com\/arquimasterblog\/","https:\/\/www.linkedin.com\/company\/arquimaster","https:\/\/www.pinterest.com\/arquimaster","https:\/\/t.me\/arquimaster"]},{"@type":"Person","@id":"https:\/\/www.arquimaster.com.ar\/web\/#\/schema\/person\/359e9f7c00193fcde068e0dd2ceb0028","name":"Arquimaster"}]}},"uagb_featured_image_src":{"full":["https:\/\/www.arquimaster.com.ar\/web\/wp-content\/uploads\/2018\/12\/the_carmen_hotel_slide1-wpp1590782442412.jpg",698,364,false],"thumbnail":["https:\/\/www.arquimaster.com.ar\/web\/wp-content\/uploads\/2018\/12\/the_carmen_hotel_slide1-wpp1590782442412-150x150.jpg",150,150,true],"medium":["https:\/\/www.arquimaster.com.ar\/web\/wp-content\/uploads\/2018\/12\/the_carmen_hotel_slide1-wpp1590782442412.jpg",698,364,false],"medium_large":["https:\/\/www.arquimaster.com.ar\/web\/wp-content\/uploads\/2018\/12\/the_carmen_hotel_slide1-wpp1590782442412.jpg",698,364,false],"large":["https:\/\/www.arquimaster.com.ar\/web\/wp-content\/uploads\/2018\/12\/the_carmen_hotel_slide1-wpp1590782442412.jpg",698,364,false],"1536x1536":["https:\/\/www.arquimaster.com.ar\/web\/wp-content\/uploads\/2018\/12\/the_carmen_hotel_slide1-wpp1590782442412.jpg",698,364,false],"2048x2048":["https:\/\/www.arquimaster.com.ar\/web\/wp-content\/uploads\/2018\/12\/the_carmen_hotel_slide1-wpp1590782442412.jpg",698,364,false]},"uagb_author_info":{"display_name":"Arquimaster","author_link":"https:\/\/www.arquimaster.com.ar\/web\/author\/arquimaster\/"},"uagb_comment_info":0,"uagb_excerpt":"Edificio sustentable cuyo concepto de dise\u00f1o est\u00e1 inspirado en el arrecife de coral del Mar Caribe...","_links":{"self":[{"href":"https:\/\/www.arquimaster.com.ar\/web\/wp-json\/wp\/v2\/posts\/34391","targetHints":{"allow":["GET"]}}],"collection":[{"href":"https:\/\/www.arquimaster.com.ar\/web\/wp-json\/wp\/v2\/posts"}],"about":[{"href":"https:\/\/www.arquimaster.com.ar\/web\/wp-json\/wp\/v2\/types\/post"}],"author":[{"embeddable":true,"href":"https:\/\/www.arquimaster.com.ar\/web\/wp-json\/wp\/v2\/users\/1"}],"replies":[{"embeddable":true,"href":"https:\/\/www.arquimaster.com.ar\/web\/wp-json\/wp\/v2\/comments?post=34391"}],"version-history":[{"count":1,"href":"https:\/\/www.arquimaster.com.ar\/web\/wp-json\/wp\/v2\/posts\/34391\/revisions"}],"predecessor-version":[{"id":56054,"href":"https:\/\/www.arquimaster.com.ar\/web\/wp-json\/wp\/v2\/posts\/34391\/revisions\/56054"}],"wp:featuredmedia":[{"embeddable":true,"href":"https:\/\/www.arquimaster.com.ar\/web\/wp-json\/wp\/v2\/media\/34392"}],"wp:attachment":[{"href":"https:\/\/www.arquimaster.com.ar\/web\/wp-json\/wp\/v2\/media?parent=34391"}],"wp:term":[{"taxonomy":"category","embeddable":true,"href":"https:\/\/www.arquimaster.com.ar\/web\/wp-json\/wp\/v2\/categories?post=34391"},{"taxonomy":"post_tag","embeddable":true,"href":"https:\/\/www.arquimaster.com.ar\/web\/wp-json\/wp\/v2\/tags?post=34391"}],"curies":[{"name":"wp","href":"https:\/\/api.w.org\/{rel}","templated":true}]}}