{"id":34476,"date":"2018-06-30T20:40:15","date_gmt":"2018-06-30T20:40:15","guid":{"rendered":"http:\/\/www.arquimaster.com.ar\/web\/?p=34476"},"modified":"2026-03-15T15:14:13","modified_gmt":"2026-03-15T18:14:13","slug":"la-nueva-era-de-las-ventanas-eficientes","status":"publish","type":"post","link":"https:\/\/www.arquimaster.com.ar\/web\/la-nueva-era-de-las-ventanas-eficientes\/","title":{"rendered":"La nueva era de las ventanas eficientes"},"content":{"rendered":"<div style=\"margin-top: 0px; margin-bottom: 0px;\" class=\"sharethis-inline-share-buttons\" ><\/div><div class=\"b812932af2e751442846f039925109de\" data-index=\"1\" style=\"float: none; margin:25px 0 25px 0; text-align:center;\">\n<script async src=\"https:\/\/pagead2.googlesyndication.com\/pagead\/js\/adsbygoogle.js\"><\/script>\r\n<!-- Arquimaster (superior) -->\r\n<ins class=\"adsbygoogle\"\r\n     style=\"display:block\"\r\n     data-ad-client=\"ca-pub-6351072698456832\"\r\n     data-ad-slot=\"6455489680\"\r\n     data-ad-format=\"auto\"\r\n     data-full-width-responsive=\"true\"><\/ins>\r\n<script>\r\n     (adsbygoogle = window.adsbygoogle || []).push({});\r\n<\/script>\n<\/div>\n<p><em><strong>El Instituto Argentino de Normalizaci\u00f3n y Certificaci\u00f3n (IRAM) public\u00f3 el 16 de mayo de 2018 la Norma 11507-6 \u00abEtiquetado de Eficiencia Energ\u00e9tica\u00bb para ventanas exteriores.<\/strong><\/em><\/p>\n<p>VASA Vidrier\u00eda Argentina, empresa l\u00edder en producci\u00f3n de vidrio, junto a organismos p\u00fablicos, c\u00e1maras empresarias, entidades educativas y las principales empresas del sector, promovieron la normativa en pos del ahorro energ\u00e9tico.<\/p>\n<p>La reciente regulaci\u00f3n, que cont\u00f3 con seis a\u00f1os de an\u00e1lisis por parte del sector p\u00fablico y los distintos referentes del mercado de las ventanas exteriores, establece un m\u00e9todo comparativo para definir la eficiencia energ\u00e9tica de las ventanas, diferenciando los per\u00edodos de calefacci\u00f3n y de refrigeraci\u00f3n, adem\u00e1s de fijar cinco zonas en el pa\u00eds para clarificar el etiquetado.<\/p>\n<p>Las <strong>variables<\/strong> que definen la clasificaci\u00f3n son: la <strong>transmitancia t\u00e9rmica de vidrios y perfiles<\/strong>, el <strong>factor solar de vidrios y perfiles<\/strong>, y la <strong>infiltraci\u00f3n de aire<\/strong>.<\/p>\n<div id='gallery-1' class='gallery galleryid-34476 gallery-columns-3 gallery-size-thumbnail'><figure class='gallery-item'>\n\t\t\t<div class='gallery-icon portrait'>\n\t\t\t\t<a href='https:\/\/www.arquimaster.com.ar\/web\/wp-content\/uploads\/2018\/06\/etiquetado_ventanas_iram.png' title=\"La nueva era de las ventanas eficientes (etiquetado)\" data-rl_title=\"La nueva era de las ventanas eficientes (etiquetado)\" class=\"rl-gallery-link\" data-rl_caption=\"La nueva era de las ventanas eficientes (etiquetado)\" data-rel=\"lightbox-gallery-1\"><img loading=\"lazy\" decoding=\"async\" width=\"150\" height=\"150\" src=\"https:\/\/www.arquimaster.com.ar\/web\/wp-content\/uploads\/2018\/06\/etiquetado_ventanas_iram-150x150.png\" class=\"attachment-thumbnail size-thumbnail\" alt=\"\" aria-describedby=\"gallery-1-34478\" srcset=\"https:\/\/www.arquimaster.com.ar\/web\/wp-content\/uploads\/2018\/06\/etiquetado_ventanas_iram-150x150.png 150w, https:\/\/www.arquimaster.com.ar\/web\/wp-content\/uploads\/2018\/06\/etiquetado_ventanas_iram-50x50.png 50w, https:\/\/www.arquimaster.com.ar\/web\/wp-content\/uploads\/2018\/06\/etiquetado_ventanas_iram-125x125.png 125w\" sizes=\"auto, (max-width: 150px) 100vw, 150px\" \/><\/a>\n\t\t\t<\/div>\n\t\t\t\t<figcaption class='wp-caption-text gallery-caption' id='gallery-1-34478'>\n\t\t\t\tLa nueva era de las ventanas eficientes (etiquetado)\n\t\t\t\t<\/figcaption><\/figure>\n\t\t<\/div>\n\n<p>Para realizar el c\u00e1lculo se debe contar con los datos simulados o ensayados seg\u00fan se establece en las distintas partes componentes de la ventana. En el caso del vidrio se debe conocer el valor de transmitancia t\u00e9rmica y el valor del factor solar, que surgen de la simulaci\u00f3n en un software basado en la norma ISO15099.<\/p>\n<p>La C\u00e1mara del Vidrio (CAVIPLAN) participa activamente en la implementaci\u00f3n del etiquetado junto al Ministerio de Energ\u00eda representado por el Arq. C\u00e9sar Aquilano, Asesor T\u00e9cnico de la C\u00e1mara, quien es Secretario del Subcomit\u00e9 de \u00abCarpinter\u00eda de Obra y Fachadas Livianas\u00bb del IRAM, y trabaj\u00f3 desde el inicio del estudio de la norma de etiquetado.<\/p>\n<p>Recientemente se present\u00f3 la norma en la \u00faltima edici\u00f3n de la Exposici\u00f3n BATEV y coment\u00f3: <em>\u00abEl etiquetado de eficiencia energ\u00e9tica de ventanas es una herramienta maravillosa para comunicarle al usuario en un idioma y c\u00f3digo reconocido popularmente que una ventana es o no eficiente energ\u00e9ticamente. Explicarle a un consumidor final la importancia de la transmitancia t\u00e9rmica o el factor solar resulta muy engorroso y poco pr\u00e1ctico. Con la clasificaci\u00f3n ser\u00e1 mucho m\u00e1s sencillo reconocer una ventana eficiente de una deficiente energ\u00e9ticamente hablando\u00bb<\/em>.<\/p>\n<p>El Ministerio de Energ\u00eda de la Naci\u00f3n trabaja actualmente en un software gratuito online que permitir\u00e1 emitir las etiquetas en forma sencilla y controlada, donde se podr\u00e1 encontrar all\u00ed los valores simulados o ensayados de los principales sistemas de carpinter\u00edas y de vidrios<\/p>\n<p>La informaci\u00f3n que debe suministrar el fabricante de aberturas para poder etiquetar es solamente el ancho y alto de la ventana en cuesti\u00f3n, luego seleccionar\u00e1 las variables tecnol\u00f3gicas de la ventana desde una serie de men\u00fas desplegables precargados.<\/p>\n<p><strong>Acerca de VASA<\/strong><br \/>\nVASA es una empresa l\u00edder en la producci\u00f3n de vidrio para las industrias de la construcci\u00f3n, arquitectura, dise\u00f1o y automotriz en Latinoam\u00e9rica. Fue fundada en 1938 como fruto de la asociaci\u00f3n de dos de los mayores fabricantes de vidrio del mundo: NSG Group-Pilkington y Saint Gobain. Es por ello que implementa la m\u00e1s avanzada tecnolog\u00eda en la manufactura de una amplia gama de productos. VASA se encuentra certificada por normas internacionales.<\/p>\n\n<div style=\"font-size: 0px; height: 0px; line-height: 0px; margin: 0; padding: 0; clear: both;\"><\/div><div style=\"margin-top: 0px; margin-bottom: 0px;\" class=\"sharethis-inline-share-buttons\" ><\/div>","protected":false},"excerpt":{"rendered":"<p>El IRAM public\u00f3 la Norma 11507-6 Etiquetado de Eficiencia Energ\u00e9tica para ventanas exteriores&#8230;<\/p>\n","protected":false},"author":1,"featured_media":87655,"comment_status":"closed","ping_status":"closed","sticky":false,"template":"","format":"standard","meta":{"_uag_custom_page_level_css":"","footnotes":""},"categories":[72,74],"tags":[42,4951,129,4948,4949,4947,1847,4950,2039,2241],"class_list":["post-34476","post","type-post","status-publish","format-standard","has-post-thumbnail","hentry","category-articulos","category-notas-arquitectura","tag-ahorro-energetico","tag-caviplan","tag-eficiencia-energetica","tag-etiquetado","tag-etiquetado-de-eficiencia-energetica","tag-instituto-argentino-de-normalizacion-y-certificacion","tag-iram","tag-norma-iram-11507-6","tag-vasa","tag-vidrio","generate-columns","tablet-grid-50","mobile-grid-100","grid-parent","grid-50"],"yoast_head":"<!-- This site is optimized with the Yoast SEO plugin v27.3 - https:\/\/yoast.com\/product\/yoast-seo-wordpress\/ -->\n<title>La nueva era de las ventanas eficientes - Arquimaster<\/title>\n<meta name=\"robots\" content=\"index, follow, max-snippet:-1, max-image-preview:large, max-video-preview:-1\" \/>\n<link rel=\"canonical\" href=\"https:\/\/www.arquimaster.com.ar\/web\/la-nueva-era-de-las-ventanas-eficientes\/\" \/>\n<meta property=\"og:locale\" content=\"es_ES\" \/>\n<meta property=\"og:type\" content=\"article\" \/>\n<meta property=\"og:title\" content=\"La nueva era de las ventanas eficientes - Arquimaster\" \/>\n<meta property=\"og:description\" content=\"El IRAM public\u00f3 la Norma 11507-6 Etiquetado de Eficiencia Energ\u00e9tica para ventanas exteriores...\" \/>\n<meta property=\"og:url\" content=\"https:\/\/www.arquimaster.com.ar\/web\/la-nueva-era-de-las-ventanas-eficientes\/\" \/>\n<meta property=\"og:site_name\" content=\"Arquimaster\" \/>\n<meta property=\"article:publisher\" content=\"http:\/\/www.facebook.com\/ARQUIMASTER.com.ar\" \/>\n<meta property=\"article:published_time\" content=\"2018-06-30T20:40:15+00:00\" \/>\n<meta property=\"article:modified_time\" content=\"2026-03-15T18:14:13+00:00\" \/>\n<meta property=\"og:image\" content=\"https:\/\/www.arquimaster.com.ar\/web\/wp-content\/uploads\/2024\/05\/calculo_energetico_slide.jpg\" \/>\n\t<meta property=\"og:image:width\" content=\"698\" \/>\n\t<meta property=\"og:image:height\" content=\"364\" \/>\n\t<meta property=\"og:image:type\" content=\"image\/jpeg\" \/>\n<meta name=\"author\" content=\"Arquimaster\" \/>\n<meta name=\"twitter:card\" content=\"summary_large_image\" \/>\n<meta name=\"twitter:creator\" content=\"@arquimaster\" \/>\n<meta name=\"twitter:site\" content=\"@arquimaster\" \/>\n<meta name=\"twitter:label1\" content=\"Escrito por\" \/>\n\t<meta name=\"twitter:data1\" content=\"Arquimaster\" \/>\n\t<meta name=\"twitter:label2\" content=\"Tiempo de lectura\" \/>\n\t<meta name=\"twitter:data2\" content=\"3 minutos\" \/>\n<script type=\"application\/ld+json\" class=\"yoast-schema-graph\">{\"@context\":\"https:\\\/\\\/schema.org\",\"@graph\":[{\"@type\":\"Article\",\"@id\":\"https:\\\/\\\/www.arquimaster.com.ar\\\/web\\\/la-nueva-era-de-las-ventanas-eficientes\\\/#article\",\"isPartOf\":{\"@id\":\"https:\\\/\\\/www.arquimaster.com.ar\\\/web\\\/la-nueva-era-de-las-ventanas-eficientes\\\/\"},\"author\":{\"name\":\"Arquimaster\",\"@id\":\"https:\\\/\\\/www.arquimaster.com.ar\\\/web\\\/#\\\/schema\\\/person\\\/359e9f7c00193fcde068e0dd2ceb0028\"},\"headline\":\"La nueva era de las ventanas eficientes\",\"datePublished\":\"2018-06-30T20:40:15+00:00\",\"dateModified\":\"2026-03-15T18:14:13+00:00\",\"mainEntityOfPage\":{\"@id\":\"https:\\\/\\\/www.arquimaster.com.ar\\\/web\\\/la-nueva-era-de-las-ventanas-eficientes\\\/\"},\"wordCount\":553,\"publisher\":{\"@id\":\"https:\\\/\\\/www.arquimaster.com.ar\\\/web\\\/#organization\"},\"image\":{\"@id\":\"https:\\\/\\\/www.arquimaster.com.ar\\\/web\\\/la-nueva-era-de-las-ventanas-eficientes\\\/#primaryimage\"},\"thumbnailUrl\":\"https:\\\/\\\/www.arquimaster.com.ar\\\/web\\\/wp-content\\\/uploads\\\/2024\\\/05\\\/calculo_energetico_slide.jpg\",\"keywords\":[\"ahorro energetico\",\"CAVIPLAN\",\"eficiencia energ\u00e9tica\",\"etiquetado\",\"Etiquetado de Eficiencia Energ\u00e9tica\",\"Instituto Argentino de Normalizaci\u00f3n y Certificaci\u00f3n\",\"IRAM\",\"Norma IRAM 11507-6\",\"VASA\",\"vidrio\"],\"articleSection\":[\"Articulos\",\"Temas de arquitectura y dise\u00f1o\"],\"inLanguage\":\"es\"},{\"@type\":\"WebPage\",\"@id\":\"https:\\\/\\\/www.arquimaster.com.ar\\\/web\\\/la-nueva-era-de-las-ventanas-eficientes\\\/\",\"url\":\"https:\\\/\\\/www.arquimaster.com.ar\\\/web\\\/la-nueva-era-de-las-ventanas-eficientes\\\/\",\"name\":\"La nueva era de las ventanas eficientes - Arquimaster\",\"isPartOf\":{\"@id\":\"https:\\\/\\\/www.arquimaster.com.ar\\\/web\\\/#website\"},\"primaryImageOfPage\":{\"@id\":\"https:\\\/\\\/www.arquimaster.com.ar\\\/web\\\/la-nueva-era-de-las-ventanas-eficientes\\\/#primaryimage\"},\"image\":{\"@id\":\"https:\\\/\\\/www.arquimaster.com.ar\\\/web\\\/la-nueva-era-de-las-ventanas-eficientes\\\/#primaryimage\"},\"thumbnailUrl\":\"https:\\\/\\\/www.arquimaster.com.ar\\\/web\\\/wp-content\\\/uploads\\\/2024\\\/05\\\/calculo_energetico_slide.jpg\",\"datePublished\":\"2018-06-30T20:40:15+00:00\",\"dateModified\":\"2026-03-15T18:14:13+00:00\",\"breadcrumb\":{\"@id\":\"https:\\\/\\\/www.arquimaster.com.ar\\\/web\\\/la-nueva-era-de-las-ventanas-eficientes\\\/#breadcrumb\"},\"inLanguage\":\"es\",\"potentialAction\":[{\"@type\":\"ReadAction\",\"target\":[\"https:\\\/\\\/www.arquimaster.com.ar\\\/web\\\/la-nueva-era-de-las-ventanas-eficientes\\\/\"]}]},{\"@type\":\"ImageObject\",\"inLanguage\":\"es\",\"@id\":\"https:\\\/\\\/www.arquimaster.com.ar\\\/web\\\/la-nueva-era-de-las-ventanas-eficientes\\\/#primaryimage\",\"url\":\"https:\\\/\\\/www.arquimaster.com.ar\\\/web\\\/wp-content\\\/uploads\\\/2024\\\/05\\\/calculo_energetico_slide.jpg\",\"contentUrl\":\"https:\\\/\\\/www.arquimaster.com.ar\\\/web\\\/wp-content\\\/uploads\\\/2024\\\/05\\\/calculo_energetico_slide.jpg\",\"width\":698,\"height\":364,\"caption\":\"C\u00e1lculo energetico\"},{\"@type\":\"BreadcrumbList\",\"@id\":\"https:\\\/\\\/www.arquimaster.com.ar\\\/web\\\/la-nueva-era-de-las-ventanas-eficientes\\\/#breadcrumb\",\"itemListElement\":[{\"@type\":\"ListItem\",\"position\":1,\"name\":\"Portada\",\"item\":\"https:\\\/\\\/www.arquimaster.com.ar\\\/web\\\/\"},{\"@type\":\"ListItem\",\"position\":2,\"name\":\"La nueva era de las ventanas eficientes\"}]},{\"@type\":\"WebSite\",\"@id\":\"https:\\\/\\\/www.arquimaster.com.ar\\\/web\\\/#website\",\"url\":\"https:\\\/\\\/www.arquimaster.com.ar\\\/web\\\/\",\"name\":\"Arquimaster\",\"description\":\"Web de arquitectura, dise\u00f1o y construccion\",\"publisher\":{\"@id\":\"https:\\\/\\\/www.arquimaster.com.ar\\\/web\\\/#organization\"},\"potentialAction\":[{\"@type\":\"SearchAction\",\"target\":{\"@type\":\"EntryPoint\",\"urlTemplate\":\"https:\\\/\\\/www.arquimaster.com.ar\\\/web\\\/?s={search_term_string}\"},\"query-input\":{\"@type\":\"PropertyValueSpecification\",\"valueRequired\":true,\"valueName\":\"search_term_string\"}}],\"inLanguage\":\"es\"},{\"@type\":\"Organization\",\"@id\":\"https:\\\/\\\/www.arquimaster.com.ar\\\/web\\\/#organization\",\"name\":\"Arquimaster\",\"url\":\"https:\\\/\\\/www.arquimaster.com.ar\\\/web\\\/\",\"logo\":{\"@type\":\"ImageObject\",\"inLanguage\":\"es\",\"@id\":\"https:\\\/\\\/www.arquimaster.com.ar\\\/web\\\/#\\\/schema\\\/logo\\\/image\\\/\",\"url\":\"https:\\\/\\\/www.arquimaster.com.ar\\\/web\\\/wp-content\\\/uploads\\\/2022\\\/06\\\/arquimaster.png\",\"contentUrl\":\"https:\\\/\\\/www.arquimaster.com.ar\\\/web\\\/wp-content\\\/uploads\\\/2022\\\/06\\\/arquimaster.png\",\"width\":594,\"height\":78,\"caption\":\"Arquimaster\"},\"image\":{\"@id\":\"https:\\\/\\\/www.arquimaster.com.ar\\\/web\\\/#\\\/schema\\\/logo\\\/image\\\/\"},\"sameAs\":[\"http:\\\/\\\/www.facebook.com\\\/ARQUIMASTER.com.ar\",\"https:\\\/\\\/x.com\\\/arquimaster\",\"https:\\\/\\\/www.instagram.com\\\/arquimasterblog\\\/\",\"https:\\\/\\\/www.linkedin.com\\\/company\\\/arquimaster\",\"https:\\\/\\\/www.pinterest.com\\\/arquimaster\",\"https:\\\/\\\/t.me\\\/arquimaster\"]},{\"@type\":\"Person\",\"@id\":\"https:\\\/\\\/www.arquimaster.com.ar\\\/web\\\/#\\\/schema\\\/person\\\/359e9f7c00193fcde068e0dd2ceb0028\",\"name\":\"Arquimaster\"}]}<\/script>\n<!-- \/ Yoast SEO plugin. -->","yoast_head_json":{"title":"La nueva era de las ventanas eficientes - Arquimaster","robots":{"index":"index","follow":"follow","max-snippet":"max-snippet:-1","max-image-preview":"max-image-preview:large","max-video-preview":"max-video-preview:-1"},"canonical":"https:\/\/www.arquimaster.com.ar\/web\/la-nueva-era-de-las-ventanas-eficientes\/","og_locale":"es_ES","og_type":"article","og_title":"La nueva era de las ventanas eficientes - Arquimaster","og_description":"El IRAM public\u00f3 la Norma 11507-6 Etiquetado de Eficiencia Energ\u00e9tica para ventanas exteriores...","og_url":"https:\/\/www.arquimaster.com.ar\/web\/la-nueva-era-de-las-ventanas-eficientes\/","og_site_name":"Arquimaster","article_publisher":"http:\/\/www.facebook.com\/ARQUIMASTER.com.ar","article_published_time":"2018-06-30T20:40:15+00:00","article_modified_time":"2026-03-15T18:14:13+00:00","og_image":[{"width":698,"height":364,"url":"https:\/\/www.arquimaster.com.ar\/web\/wp-content\/uploads\/2024\/05\/calculo_energetico_slide.jpg","type":"image\/jpeg"}],"author":"Arquimaster","twitter_card":"summary_large_image","twitter_creator":"@arquimaster","twitter_site":"@arquimaster","twitter_misc":{"Escrito por":"Arquimaster","Tiempo de lectura":"3 minutos"},"schema":{"@context":"https:\/\/schema.org","@graph":[{"@type":"Article","@id":"https:\/\/www.arquimaster.com.ar\/web\/la-nueva-era-de-las-ventanas-eficientes\/#article","isPartOf":{"@id":"https:\/\/www.arquimaster.com.ar\/web\/la-nueva-era-de-las-ventanas-eficientes\/"},"author":{"name":"Arquimaster","@id":"https:\/\/www.arquimaster.com.ar\/web\/#\/schema\/person\/359e9f7c00193fcde068e0dd2ceb0028"},"headline":"La nueva era de las ventanas eficientes","datePublished":"2018-06-30T20:40:15+00:00","dateModified":"2026-03-15T18:14:13+00:00","mainEntityOfPage":{"@id":"https:\/\/www.arquimaster.com.ar\/web\/la-nueva-era-de-las-ventanas-eficientes\/"},"wordCount":553,"publisher":{"@id":"https:\/\/www.arquimaster.com.ar\/web\/#organization"},"image":{"@id":"https:\/\/www.arquimaster.com.ar\/web\/la-nueva-era-de-las-ventanas-eficientes\/#primaryimage"},"thumbnailUrl":"https:\/\/www.arquimaster.com.ar\/web\/wp-content\/uploads\/2024\/05\/calculo_energetico_slide.jpg","keywords":["ahorro energetico","CAVIPLAN","eficiencia energ\u00e9tica","etiquetado","Etiquetado de Eficiencia Energ\u00e9tica","Instituto Argentino de Normalizaci\u00f3n y Certificaci\u00f3n","IRAM","Norma IRAM 11507-6","VASA","vidrio"],"articleSection":["Articulos","Temas de arquitectura y dise\u00f1o"],"inLanguage":"es"},{"@type":"WebPage","@id":"https:\/\/www.arquimaster.com.ar\/web\/la-nueva-era-de-las-ventanas-eficientes\/","url":"https:\/\/www.arquimaster.com.ar\/web\/la-nueva-era-de-las-ventanas-eficientes\/","name":"La nueva era de las ventanas eficientes - Arquimaster","isPartOf":{"@id":"https:\/\/www.arquimaster.com.ar\/web\/#website"},"primaryImageOfPage":{"@id":"https:\/\/www.arquimaster.com.ar\/web\/la-nueva-era-de-las-ventanas-eficientes\/#primaryimage"},"image":{"@id":"https:\/\/www.arquimaster.com.ar\/web\/la-nueva-era-de-las-ventanas-eficientes\/#primaryimage"},"thumbnailUrl":"https:\/\/www.arquimaster.com.ar\/web\/wp-content\/uploads\/2024\/05\/calculo_energetico_slide.jpg","datePublished":"2018-06-30T20:40:15+00:00","dateModified":"2026-03-15T18:14:13+00:00","breadcrumb":{"@id":"https:\/\/www.arquimaster.com.ar\/web\/la-nueva-era-de-las-ventanas-eficientes\/#breadcrumb"},"inLanguage":"es","potentialAction":[{"@type":"ReadAction","target":["https:\/\/www.arquimaster.com.ar\/web\/la-nueva-era-de-las-ventanas-eficientes\/"]}]},{"@type":"ImageObject","inLanguage":"es","@id":"https:\/\/www.arquimaster.com.ar\/web\/la-nueva-era-de-las-ventanas-eficientes\/#primaryimage","url":"https:\/\/www.arquimaster.com.ar\/web\/wp-content\/uploads\/2024\/05\/calculo_energetico_slide.jpg","contentUrl":"https:\/\/www.arquimaster.com.ar\/web\/wp-content\/uploads\/2024\/05\/calculo_energetico_slide.jpg","width":698,"height":364,"caption":"C\u00e1lculo energetico"},{"@type":"BreadcrumbList","@id":"https:\/\/www.arquimaster.com.ar\/web\/la-nueva-era-de-las-ventanas-eficientes\/#breadcrumb","itemListElement":[{"@type":"ListItem","position":1,"name":"Portada","item":"https:\/\/www.arquimaster.com.ar\/web\/"},{"@type":"ListItem","position":2,"name":"La nueva era de las ventanas eficientes"}]},{"@type":"WebSite","@id":"https:\/\/www.arquimaster.com.ar\/web\/#website","url":"https:\/\/www.arquimaster.com.ar\/web\/","name":"Arquimaster","description":"Web de arquitectura, dise\u00f1o y construccion","publisher":{"@id":"https:\/\/www.arquimaster.com.ar\/web\/#organization"},"potentialAction":[{"@type":"SearchAction","target":{"@type":"EntryPoint","urlTemplate":"https:\/\/www.arquimaster.com.ar\/web\/?s={search_term_string}"},"query-input":{"@type":"PropertyValueSpecification","valueRequired":true,"valueName":"search_term_string"}}],"inLanguage":"es"},{"@type":"Organization","@id":"https:\/\/www.arquimaster.com.ar\/web\/#organization","name":"Arquimaster","url":"https:\/\/www.arquimaster.com.ar\/web\/","logo":{"@type":"ImageObject","inLanguage":"es","@id":"https:\/\/www.arquimaster.com.ar\/web\/#\/schema\/logo\/image\/","url":"https:\/\/www.arquimaster.com.ar\/web\/wp-content\/uploads\/2022\/06\/arquimaster.png","contentUrl":"https:\/\/www.arquimaster.com.ar\/web\/wp-content\/uploads\/2022\/06\/arquimaster.png","width":594,"height":78,"caption":"Arquimaster"},"image":{"@id":"https:\/\/www.arquimaster.com.ar\/web\/#\/schema\/logo\/image\/"},"sameAs":["http:\/\/www.facebook.com\/ARQUIMASTER.com.ar","https:\/\/x.com\/arquimaster","https:\/\/www.instagram.com\/arquimasterblog\/","https:\/\/www.linkedin.com\/company\/arquimaster","https:\/\/www.pinterest.com\/arquimaster","https:\/\/t.me\/arquimaster"]},{"@type":"Person","@id":"https:\/\/www.arquimaster.com.ar\/web\/#\/schema\/person\/359e9f7c00193fcde068e0dd2ceb0028","name":"Arquimaster"}]}},"uagb_featured_image_src":{"full":["https:\/\/www.arquimaster.com.ar\/web\/wp-content\/uploads\/2024\/05\/calculo_energetico_slide.jpg",698,364,false],"thumbnail":["https:\/\/www.arquimaster.com.ar\/web\/wp-content\/uploads\/2024\/05\/calculo_energetico_slide-150x150.jpg",150,150,true],"medium":["https:\/\/www.arquimaster.com.ar\/web\/wp-content\/uploads\/2024\/05\/calculo_energetico_slide.jpg",698,364,false],"medium_large":["https:\/\/www.arquimaster.com.ar\/web\/wp-content\/uploads\/2024\/05\/calculo_energetico_slide.jpg",698,364,false],"large":["https:\/\/www.arquimaster.com.ar\/web\/wp-content\/uploads\/2024\/05\/calculo_energetico_slide.jpg",698,364,false],"1536x1536":["https:\/\/www.arquimaster.com.ar\/web\/wp-content\/uploads\/2024\/05\/calculo_energetico_slide.jpg",698,364,false],"2048x2048":["https:\/\/www.arquimaster.com.ar\/web\/wp-content\/uploads\/2024\/05\/calculo_energetico_slide.jpg",698,364,false]},"uagb_author_info":{"display_name":"Arquimaster","author_link":"https:\/\/www.arquimaster.com.ar\/web\/author\/arquimaster\/"},"uagb_comment_info":0,"uagb_excerpt":"El IRAM public\u00f3 la Norma 11507-6 Etiquetado de Eficiencia Energ\u00e9tica para ventanas exteriores...","_links":{"self":[{"href":"https:\/\/www.arquimaster.com.ar\/web\/wp-json\/wp\/v2\/posts\/34476","targetHints":{"allow":["GET"]}}],"collection":[{"href":"https:\/\/www.arquimaster.com.ar\/web\/wp-json\/wp\/v2\/posts"}],"about":[{"href":"https:\/\/www.arquimaster.com.ar\/web\/wp-json\/wp\/v2\/types\/post"}],"author":[{"embeddable":true,"href":"https:\/\/www.arquimaster.com.ar\/web\/wp-json\/wp\/v2\/users\/1"}],"replies":[{"embeddable":true,"href":"https:\/\/www.arquimaster.com.ar\/web\/wp-json\/wp\/v2\/comments?post=34476"}],"version-history":[{"count":2,"href":"https:\/\/www.arquimaster.com.ar\/web\/wp-json\/wp\/v2\/posts\/34476\/revisions"}],"predecessor-version":[{"id":87665,"href":"https:\/\/www.arquimaster.com.ar\/web\/wp-json\/wp\/v2\/posts\/34476\/revisions\/87665"}],"wp:featuredmedia":[{"embeddable":true,"href":"https:\/\/www.arquimaster.com.ar\/web\/wp-json\/wp\/v2\/media\/87655"}],"wp:attachment":[{"href":"https:\/\/www.arquimaster.com.ar\/web\/wp-json\/wp\/v2\/media?parent=34476"}],"wp:term":[{"taxonomy":"category","embeddable":true,"href":"https:\/\/www.arquimaster.com.ar\/web\/wp-json\/wp\/v2\/categories?post=34476"},{"taxonomy":"post_tag","embeddable":true,"href":"https:\/\/www.arquimaster.com.ar\/web\/wp-json\/wp\/v2\/tags?post=34476"}],"curies":[{"name":"wp","href":"https:\/\/api.w.org\/{rel}","templated":true}]}}