{"id":34618,"date":"2019-01-04T15:03:50","date_gmt":"2019-01-04T15:03:50","guid":{"rendered":"http:\/\/www.arquimaster.com.ar\/web\/?p=34618"},"modified":"2025-08-08T18:58:21","modified_gmt":"2025-08-08T21:58:21","slug":"grupo-electrogeno-solar-la-solucion-economica-y-efectiva-ante-la-ausencia-de-red-electrica","status":"publish","type":"post","link":"https:\/\/www.arquimaster.com.ar\/web\/grupo-electrogeno-solar-la-solucion-economica-y-efectiva-ante-la-ausencia-de-red-electrica\/","title":{"rendered":"Grupo electr\u00f3geno solar: la soluci\u00f3n econ\u00f3mica y efectiva ante la ausencia de red el\u00e9ctrica"},"content":{"rendered":"<div style=\"margin-top: 0px; margin-bottom: 0px;\" class=\"sharethis-inline-share-buttons\" ><\/div><div class=\"b812932af2e751442846f039925109de\" data-index=\"1\" style=\"float: none; margin:25px 0 25px 0; text-align:center;\">\n<script async src=\"https:\/\/pagead2.googlesyndication.com\/pagead\/js\/adsbygoogle.js\"><\/script>\r\n<!-- Arquimaster (superior) -->\r\n<ins class=\"adsbygoogle\"\r\n     style=\"display:block\"\r\n     data-ad-client=\"ca-pub-6351072698456832\"\r\n     data-ad-slot=\"6455489680\"\r\n     data-ad-format=\"auto\"\r\n     data-full-width-responsive=\"true\"><\/ins>\r\n<script>\r\n     (adsbygoogle = window.adsbygoogle || []).push({});\r\n<\/script>\n<\/div>\n<p>El incremento del uso de energ\u00eda el\u00e9ctrica muchas veces genera cortes imprevistos de suministro y altos costos de servicio. Por eso, independientemente de la \u00e9poca del a\u00f1o que transitemos, se busca disminuir no s\u00f3lo los cortes energ\u00e9ticos, sino tambi\u00e9n el excesivo valor que pagamos por el consumo de electricidad que utilizamos.<\/p>\n<p>Una soluci\u00f3n inteligente que ayuda a nuestro bolsillo a largo plazo y que adem\u00e1s permite ahorrar energ\u00eda y colaborar con el medio ambiente es la utilizaci\u00f3n de un <strong>grupo electr\u00f3geno solar<\/strong>.<\/p>\n<div id='gallery-1' class='gallery galleryid-34618 gallery-columns-3 gallery-size-thumbnail'><figure class='gallery-item'>\n\t\t\t<div class='gallery-icon landscape'>\n\t\t\t\t<a href='https:\/\/www.arquimaster.com.ar\/web\/wp-content\/uploads\/2019\/01\/grupo_electrogeno_solar1.jpg' title=\"Grupo electr\u00f3geno solar: la soluci\u00f3n econ\u00f3mica y efectiva ante la ausencia de red el\u00e9ctrica\" data-rl_title=\"Grupo electr\u00f3geno solar: la soluci\u00f3n econ\u00f3mica y efectiva ante la ausencia de red el\u00e9ctrica\" class=\"rl-gallery-link\" data-rl_caption=\"Grupo electr\u00f3geno solar: la soluci\u00f3n econ\u00f3mica y efectiva ante la ausencia de red el\u00e9ctrica\" data-rel=\"lightbox-gallery-1\"><img loading=\"lazy\" decoding=\"async\" width=\"150\" height=\"150\" src=\"https:\/\/www.arquimaster.com.ar\/web\/wp-content\/uploads\/2019\/01\/grupo_electrogeno_solar1-150x150.jpg\" class=\"attachment-thumbnail size-thumbnail\" alt=\"\" aria-describedby=\"gallery-1-34621\" srcset=\"https:\/\/www.arquimaster.com.ar\/web\/wp-content\/uploads\/2019\/01\/grupo_electrogeno_solar1-150x150.jpg 150w, https:\/\/www.arquimaster.com.ar\/web\/wp-content\/uploads\/2019\/01\/grupo_electrogeno_solar1-50x50.jpg 50w, https:\/\/www.arquimaster.com.ar\/web\/wp-content\/uploads\/2019\/01\/grupo_electrogeno_solar1-125x125.jpg 125w\" sizes=\"auto, (max-width: 150px) 100vw, 150px\" \/><\/a>\n\t\t\t<\/div>\n\t\t\t\t<figcaption class='wp-caption-text gallery-caption' id='gallery-1-34621'>\n\t\t\t\tGrupo electr\u00f3geno solar: la soluci\u00f3n econ\u00f3mica y efectiva ante la ausencia de red el\u00e9ctrica\n\t\t\t\t<\/figcaption><\/figure><figure class='gallery-item'>\n\t\t\t<div class='gallery-icon landscape'>\n\t\t\t\t<a href='https:\/\/www.arquimaster.com.ar\/web\/wp-content\/uploads\/2019\/01\/grupo_electrogeno_solar2.jpg' title=\"Grupo electr\u00f3geno solar: la soluci\u00f3n econ\u00f3mica y efectiva ante la ausencia de red el\u00e9ctrica\" data-rl_title=\"Grupo electr\u00f3geno solar: la soluci\u00f3n econ\u00f3mica y efectiva ante la ausencia de red el\u00e9ctrica\" class=\"rl-gallery-link\" data-rl_caption=\"Grupo electr\u00f3geno solar: la soluci\u00f3n econ\u00f3mica y efectiva ante la ausencia de red el\u00e9ctrica\" data-rel=\"lightbox-gallery-1\"><img loading=\"lazy\" decoding=\"async\" width=\"150\" height=\"150\" src=\"https:\/\/www.arquimaster.com.ar\/web\/wp-content\/uploads\/2019\/01\/grupo_electrogeno_solar2-150x150.jpg\" class=\"attachment-thumbnail size-thumbnail\" alt=\"\" aria-describedby=\"gallery-1-34622\" srcset=\"https:\/\/www.arquimaster.com.ar\/web\/wp-content\/uploads\/2019\/01\/grupo_electrogeno_solar2-150x150.jpg 150w, https:\/\/www.arquimaster.com.ar\/web\/wp-content\/uploads\/2019\/01\/grupo_electrogeno_solar2-50x50.jpg 50w, https:\/\/www.arquimaster.com.ar\/web\/wp-content\/uploads\/2019\/01\/grupo_electrogeno_solar2-125x125.jpg 125w\" sizes=\"auto, (max-width: 150px) 100vw, 150px\" \/><\/a>\n\t\t\t<\/div>\n\t\t\t\t<figcaption class='wp-caption-text gallery-caption' id='gallery-1-34622'>\n\t\t\t\tGrupo electr\u00f3geno solar: la soluci\u00f3n econ\u00f3mica y efectiva ante la ausencia de red el\u00e9ctrica\n\t\t\t\t<\/figcaption><\/figure><figure class='gallery-item'>\n\t\t\t<div class='gallery-icon landscape'>\n\t\t\t\t<a href='https:\/\/www.arquimaster.com.ar\/web\/wp-content\/uploads\/2019\/01\/grupo_electrogeno_solar3.jpg' title=\"Grupo electr\u00f3geno solar: la soluci\u00f3n econ\u00f3mica y efectiva ante la ausencia de red el\u00e9ctrica\" data-rl_title=\"Grupo electr\u00f3geno solar: la soluci\u00f3n econ\u00f3mica y efectiva ante la ausencia de red el\u00e9ctrica\" class=\"rl-gallery-link\" data-rl_caption=\"Grupo electr\u00f3geno solar: la soluci\u00f3n econ\u00f3mica y efectiva ante la ausencia de red el\u00e9ctrica\" data-rel=\"lightbox-gallery-1\"><img loading=\"lazy\" decoding=\"async\" width=\"150\" height=\"150\" src=\"https:\/\/www.arquimaster.com.ar\/web\/wp-content\/uploads\/2019\/01\/grupo_electrogeno_solar3-150x150.jpg\" class=\"attachment-thumbnail size-thumbnail\" alt=\"\" aria-describedby=\"gallery-1-34619\" srcset=\"https:\/\/www.arquimaster.com.ar\/web\/wp-content\/uploads\/2019\/01\/grupo_electrogeno_solar3-150x150.jpg 150w, https:\/\/www.arquimaster.com.ar\/web\/wp-content\/uploads\/2019\/01\/grupo_electrogeno_solar3-50x50.jpg 50w, https:\/\/www.arquimaster.com.ar\/web\/wp-content\/uploads\/2019\/01\/grupo_electrogeno_solar3-125x125.jpg 125w\" sizes=\"auto, (max-width: 150px) 100vw, 150px\" \/><\/a>\n\t\t\t<\/div>\n\t\t\t\t<figcaption class='wp-caption-text gallery-caption' id='gallery-1-34619'>\n\t\t\t\tGrupo electr\u00f3geno solar: la soluci\u00f3n econ\u00f3mica y efectiva ante la ausencia de red el\u00e9ctrica\n\t\t\t\t<\/figcaption><\/figure>\n\t\t<\/div>\n\n<p><strong>\u00bfEn qu\u00e9 consiste?<\/strong><br \/>\nEl <strong>generador solar<\/strong> se encuentra compuesto por<strong> paneles solares fotovoltaicos<\/strong> los cuales al encontrarse expuestos al sol generan energ\u00eda el\u00e9ctrica en forma de corriente continua. Dicha energ\u00eda pasa a trav\u00e9s de un<strong> inversor<\/strong> que la transforma en energ\u00eda el\u00e9ctrica alterna y en 220V al igual que provee la <strong>red el\u00e9ctrica<\/strong>, la cual produce un ahorro o se almacena en un <strong>banco de bater\u00edas<\/strong>.<\/p>\n<p>Este sistema<strong> trabaja en conjunto con la red el\u00e9ctrica interna<\/strong>, es decir toma como suministro principal al sistema solar y lo que \u00e9ste no pueda abastecer, lo realizar\u00e1 sumando energ\u00eda de la red, de esta forma el sistema ahorra energ\u00eda continuamente sin pasar por el banco de bater\u00edas que solo <strong>se activa cuando la energ\u00eda solar no es suficiente y la energ\u00eda de red no est\u00e1 disponibl<\/strong>e (<strong>corte de luz<\/strong>). De esta forma, se maximiza la duraci\u00f3n de las bater\u00edas ya que s\u00f3lo trabajan en los momentos de corte de suministro.<\/p>\n<p><strong>Ventajas de la utilizaci\u00f3n del grupo electr\u00f3geno solar:<\/strong><\/p>\n<p style=\"padding-left: 30px;\">&#8211; Ahorro en el consumo el\u00e9ctrico de la red.<\/p>\n<p style=\"padding-left: 30px;\">&#8211; Garantiza la continuidad de un suministro de manera ininterrumpida.<\/p>\n<p style=\"padding-left: 30px;\">&#8211; Ofrece la energ\u00eda el\u00e9ctrica de manera estabilizada evitando posibles variaciones indeseadas y da\u00f1os en electrodom\u00e9sticos.<\/p>\n<p style=\"padding-left: 30px;\">&#8211; Puede abastecer cualquier equipo que se conecte a la red y utilice un suministro de 220V y 50 Hz, siempre y cuando no excedan total o parcialmente la potencia del inversor o la potencia m\u00e1xima sugerida.<\/p>\n<p style=\"padding-left: 30px;\">&#8211; No utiliza ning\u00fan insumo, por lo cual el costo de funcionamiento es cero.<\/p>\n<p style=\"padding-left: 30px;\">&#8211; A largo plazo, es m\u00e1s eficiente y econ\u00f3mico.<\/p>\n<p style=\"padding-left: 30px;\">&#8211; Tiene mayor durabilidad que un sistema de combustible.<\/p>\n<p>Esta alternativa es una soluci\u00f3n econ\u00f3mica y efectiva para recibir en el momento necesario la energ\u00eda que precisamos sea cual fuese su aplicaci\u00f3n, contexto y uso, ya que un grupo electr\u00f3geno debe de estar preparado para arrancar y funcionar en todo momento.<\/p>\n<p><strong>Asesor\u00f3<\/strong><br \/>\nLic. Pablo Greco, Director de la empresa Hissuma Solar, especialista en energ\u00eda solar con 17 a\u00f1os de experiencia en el mercado, tanto en la producci\u00f3n de soluciones energ\u00e9ticas para grandes consumidores como para consumidores domiciliarios.<\/p>\n<p>Hissuma Solar es una compa\u00f1\u00eda internacional dedicada a la energ\u00eda solar, que tiene como objetivo llevar energ\u00eda renovable a los consumidores en forma econ\u00f3mica y sustentable. Con 12 a\u00f1os de trayectoria, se especializan en la producci\u00f3n de termotanques solares y paneles fotovoltaicos. La calidad de sus productos y la competitividad son ejes de su pol\u00edtica institucional.<\/p>\n\n<div style=\"font-size: 0px; height: 0px; line-height: 0px; margin: 0; padding: 0; clear: both;\"><\/div><div style=\"margin-top: 0px; margin-bottom: 0px;\" class=\"sharethis-inline-share-buttons\" ><\/div>","protected":false},"excerpt":{"rendered":"<p>El sistema trabaja en conjunto con la red el\u00e9ctrica interna y se activa ante un corte de luz&#8230;<\/p>\n","protected":false},"author":1,"featured_media":34620,"comment_status":"closed","ping_status":"closed","sticky":false,"template":"","format":"standard","meta":{"_uag_custom_page_level_css":"","footnotes":""},"categories":[40,41],"tags":[4983,4982,4984,661,4713,4980,780,4979,4087,4122,4981],"class_list":["post-34618","post","type-post","status-publish","format-standard","has-post-thumbnail","hentry","category-construccion","category-materiales-tecnologias","tag-corte-de-electricidad","tag-corte-de-luz","tag-corte-de-suministro-electrico","tag-energia-solar","tag-energia-solar-fotovoltaica","tag-generador-solar","tag-grupo-electrogeno","tag-grupo-electrogeno-solar","tag-hissuma-solar","tag-paneles-solares","tag-paneles-solares-fotovoltaicos","generate-columns","tablet-grid-50","mobile-grid-100","grid-parent","grid-50"],"yoast_head":"<!-- This site is optimized with the Yoast SEO plugin v27.3 - https:\/\/yoast.com\/product\/yoast-seo-wordpress\/ -->\n<title>Grupo electr\u00f3geno solar: la soluci\u00f3n econ\u00f3mica y efectiva ante la ausencia de red el\u00e9ctrica - Arquimaster<\/title>\n<meta name=\"robots\" content=\"index, follow, max-snippet:-1, max-image-preview:large, max-video-preview:-1\" \/>\n<link rel=\"canonical\" href=\"https:\/\/www.arquimaster.com.ar\/web\/grupo-electrogeno-solar-la-solucion-economica-y-efectiva-ante-la-ausencia-de-red-electrica\/\" \/>\n<meta property=\"og:locale\" content=\"es_ES\" \/>\n<meta property=\"og:type\" content=\"article\" \/>\n<meta property=\"og:title\" content=\"Grupo electr\u00f3geno solar: la soluci\u00f3n econ\u00f3mica y efectiva ante la ausencia de red el\u00e9ctrica - Arquimaster\" \/>\n<meta property=\"og:description\" content=\"El sistema trabaja en conjunto con la red el\u00e9ctrica interna y se activa ante un corte de luz...\" \/>\n<meta property=\"og:url\" content=\"https:\/\/www.arquimaster.com.ar\/web\/grupo-electrogeno-solar-la-solucion-economica-y-efectiva-ante-la-ausencia-de-red-electrica\/\" \/>\n<meta property=\"og:site_name\" content=\"Arquimaster\" \/>\n<meta property=\"article:publisher\" content=\"http:\/\/www.facebook.com\/ARQUIMASTER.com.ar\" \/>\n<meta property=\"article:published_time\" content=\"2019-01-04T15:03:50+00:00\" \/>\n<meta property=\"article:modified_time\" content=\"2025-08-08T21:58:21+00:00\" \/>\n<meta property=\"og:image\" content=\"https:\/\/www.arquimaster.com.ar\/web\/wp-content\/uploads\/2019\/01\/grupo_electrogeno_solar_slide.jpg\" \/>\n\t<meta property=\"og:image:width\" content=\"642\" \/>\n\t<meta property=\"og:image:height\" content=\"336\" \/>\n\t<meta property=\"og:image:type\" content=\"image\/jpeg\" \/>\n<meta name=\"author\" content=\"Arquimaster\" \/>\n<meta name=\"twitter:card\" content=\"summary_large_image\" \/>\n<meta name=\"twitter:creator\" content=\"@arquimaster\" \/>\n<meta name=\"twitter:site\" content=\"@arquimaster\" \/>\n<meta name=\"twitter:label1\" content=\"Escrito por\" \/>\n\t<meta name=\"twitter:data1\" content=\"Arquimaster\" \/>\n\t<meta name=\"twitter:label2\" content=\"Tiempo de lectura\" \/>\n\t<meta name=\"twitter:data2\" content=\"3 minutos\" \/>\n<script type=\"application\/ld+json\" class=\"yoast-schema-graph\">{\"@context\":\"https:\\\/\\\/schema.org\",\"@graph\":[{\"@type\":\"Article\",\"@id\":\"https:\\\/\\\/www.arquimaster.com.ar\\\/web\\\/grupo-electrogeno-solar-la-solucion-economica-y-efectiva-ante-la-ausencia-de-red-electrica\\\/#article\",\"isPartOf\":{\"@id\":\"https:\\\/\\\/www.arquimaster.com.ar\\\/web\\\/grupo-electrogeno-solar-la-solucion-economica-y-efectiva-ante-la-ausencia-de-red-electrica\\\/\"},\"author\":{\"name\":\"Arquimaster\",\"@id\":\"https:\\\/\\\/www.arquimaster.com.ar\\\/web\\\/#\\\/schema\\\/person\\\/359e9f7c00193fcde068e0dd2ceb0028\"},\"headline\":\"Grupo electr\u00f3geno solar: la soluci\u00f3n econ\u00f3mica y efectiva ante la ausencia de red el\u00e9ctrica\",\"datePublished\":\"2019-01-04T15:03:50+00:00\",\"dateModified\":\"2025-08-08T21:58:21+00:00\",\"mainEntityOfPage\":{\"@id\":\"https:\\\/\\\/www.arquimaster.com.ar\\\/web\\\/grupo-electrogeno-solar-la-solucion-economica-y-efectiva-ante-la-ausencia-de-red-electrica\\\/\"},\"wordCount\":559,\"publisher\":{\"@id\":\"https:\\\/\\\/www.arquimaster.com.ar\\\/web\\\/#organization\"},\"image\":{\"@id\":\"https:\\\/\\\/www.arquimaster.com.ar\\\/web\\\/grupo-electrogeno-solar-la-solucion-economica-y-efectiva-ante-la-ausencia-de-red-electrica\\\/#primaryimage\"},\"thumbnailUrl\":\"https:\\\/\\\/www.arquimaster.com.ar\\\/web\\\/wp-content\\\/uploads\\\/2019\\\/01\\\/grupo_electrogeno_solar_slide.jpg\",\"keywords\":[\"corte de electricidad\",\"corte de luz\",\"corte de suministro el\u00e9ctrico\",\"energia solar\",\"energia solar fotovoltaica\",\"generador solar\",\"grupo electrogeno\",\"grupo electrogeno solar\",\"Hissuma Solar\",\"paneles solares\",\"paneles solares fotovoltaicos\"],\"articleSection\":[\"Construccion\",\"Materiales y tecnologias\"],\"inLanguage\":\"es\"},{\"@type\":\"WebPage\",\"@id\":\"https:\\\/\\\/www.arquimaster.com.ar\\\/web\\\/grupo-electrogeno-solar-la-solucion-economica-y-efectiva-ante-la-ausencia-de-red-electrica\\\/\",\"url\":\"https:\\\/\\\/www.arquimaster.com.ar\\\/web\\\/grupo-electrogeno-solar-la-solucion-economica-y-efectiva-ante-la-ausencia-de-red-electrica\\\/\",\"name\":\"Grupo electr\u00f3geno solar: la soluci\u00f3n econ\u00f3mica y efectiva ante la ausencia de red el\u00e9ctrica - Arquimaster\",\"isPartOf\":{\"@id\":\"https:\\\/\\\/www.arquimaster.com.ar\\\/web\\\/#website\"},\"primaryImageOfPage\":{\"@id\":\"https:\\\/\\\/www.arquimaster.com.ar\\\/web\\\/grupo-electrogeno-solar-la-solucion-economica-y-efectiva-ante-la-ausencia-de-red-electrica\\\/#primaryimage\"},\"image\":{\"@id\":\"https:\\\/\\\/www.arquimaster.com.ar\\\/web\\\/grupo-electrogeno-solar-la-solucion-economica-y-efectiva-ante-la-ausencia-de-red-electrica\\\/#primaryimage\"},\"thumbnailUrl\":\"https:\\\/\\\/www.arquimaster.com.ar\\\/web\\\/wp-content\\\/uploads\\\/2019\\\/01\\\/grupo_electrogeno_solar_slide.jpg\",\"datePublished\":\"2019-01-04T15:03:50+00:00\",\"dateModified\":\"2025-08-08T21:58:21+00:00\",\"breadcrumb\":{\"@id\":\"https:\\\/\\\/www.arquimaster.com.ar\\\/web\\\/grupo-electrogeno-solar-la-solucion-economica-y-efectiva-ante-la-ausencia-de-red-electrica\\\/#breadcrumb\"},\"inLanguage\":\"es\",\"potentialAction\":[{\"@type\":\"ReadAction\",\"target\":[\"https:\\\/\\\/www.arquimaster.com.ar\\\/web\\\/grupo-electrogeno-solar-la-solucion-economica-y-efectiva-ante-la-ausencia-de-red-electrica\\\/\"]}]},{\"@type\":\"ImageObject\",\"inLanguage\":\"es\",\"@id\":\"https:\\\/\\\/www.arquimaster.com.ar\\\/web\\\/grupo-electrogeno-solar-la-solucion-economica-y-efectiva-ante-la-ausencia-de-red-electrica\\\/#primaryimage\",\"url\":\"https:\\\/\\\/www.arquimaster.com.ar\\\/web\\\/wp-content\\\/uploads\\\/2019\\\/01\\\/grupo_electrogeno_solar_slide.jpg\",\"contentUrl\":\"https:\\\/\\\/www.arquimaster.com.ar\\\/web\\\/wp-content\\\/uploads\\\/2019\\\/01\\\/grupo_electrogeno_solar_slide.jpg\",\"width\":642,\"height\":336},{\"@type\":\"BreadcrumbList\",\"@id\":\"https:\\\/\\\/www.arquimaster.com.ar\\\/web\\\/grupo-electrogeno-solar-la-solucion-economica-y-efectiva-ante-la-ausencia-de-red-electrica\\\/#breadcrumb\",\"itemListElement\":[{\"@type\":\"ListItem\",\"position\":1,\"name\":\"Portada\",\"item\":\"https:\\\/\\\/www.arquimaster.com.ar\\\/web\\\/\"},{\"@type\":\"ListItem\",\"position\":2,\"name\":\"Grupo electr\u00f3geno solar: la soluci\u00f3n econ\u00f3mica y efectiva ante la ausencia de red el\u00e9ctrica\"}]},{\"@type\":\"WebSite\",\"@id\":\"https:\\\/\\\/www.arquimaster.com.ar\\\/web\\\/#website\",\"url\":\"https:\\\/\\\/www.arquimaster.com.ar\\\/web\\\/\",\"name\":\"Arquimaster\",\"description\":\"Web de arquitectura, dise\u00f1o y construccion\",\"publisher\":{\"@id\":\"https:\\\/\\\/www.arquimaster.com.ar\\\/web\\\/#organization\"},\"potentialAction\":[{\"@type\":\"SearchAction\",\"target\":{\"@type\":\"EntryPoint\",\"urlTemplate\":\"https:\\\/\\\/www.arquimaster.com.ar\\\/web\\\/?s={search_term_string}\"},\"query-input\":{\"@type\":\"PropertyValueSpecification\",\"valueRequired\":true,\"valueName\":\"search_term_string\"}}],\"inLanguage\":\"es\"},{\"@type\":\"Organization\",\"@id\":\"https:\\\/\\\/www.arquimaster.com.ar\\\/web\\\/#organization\",\"name\":\"Arquimaster\",\"url\":\"https:\\\/\\\/www.arquimaster.com.ar\\\/web\\\/\",\"logo\":{\"@type\":\"ImageObject\",\"inLanguage\":\"es\",\"@id\":\"https:\\\/\\\/www.arquimaster.com.ar\\\/web\\\/#\\\/schema\\\/logo\\\/image\\\/\",\"url\":\"https:\\\/\\\/www.arquimaster.com.ar\\\/web\\\/wp-content\\\/uploads\\\/2022\\\/06\\\/arquimaster.png\",\"contentUrl\":\"https:\\\/\\\/www.arquimaster.com.ar\\\/web\\\/wp-content\\\/uploads\\\/2022\\\/06\\\/arquimaster.png\",\"width\":594,\"height\":78,\"caption\":\"Arquimaster\"},\"image\":{\"@id\":\"https:\\\/\\\/www.arquimaster.com.ar\\\/web\\\/#\\\/schema\\\/logo\\\/image\\\/\"},\"sameAs\":[\"http:\\\/\\\/www.facebook.com\\\/ARQUIMASTER.com.ar\",\"https:\\\/\\\/x.com\\\/arquimaster\",\"https:\\\/\\\/www.instagram.com\\\/arquimasterblog\\\/\",\"https:\\\/\\\/www.linkedin.com\\\/company\\\/arquimaster\",\"https:\\\/\\\/www.pinterest.com\\\/arquimaster\",\"https:\\\/\\\/t.me\\\/arquimaster\"]},{\"@type\":\"Person\",\"@id\":\"https:\\\/\\\/www.arquimaster.com.ar\\\/web\\\/#\\\/schema\\\/person\\\/359e9f7c00193fcde068e0dd2ceb0028\",\"name\":\"Arquimaster\"}]}<\/script>\n<!-- \/ Yoast SEO plugin. -->","yoast_head_json":{"title":"Grupo electr\u00f3geno solar: la soluci\u00f3n econ\u00f3mica y efectiva ante la ausencia de red el\u00e9ctrica - Arquimaster","robots":{"index":"index","follow":"follow","max-snippet":"max-snippet:-1","max-image-preview":"max-image-preview:large","max-video-preview":"max-video-preview:-1"},"canonical":"https:\/\/www.arquimaster.com.ar\/web\/grupo-electrogeno-solar-la-solucion-economica-y-efectiva-ante-la-ausencia-de-red-electrica\/","og_locale":"es_ES","og_type":"article","og_title":"Grupo electr\u00f3geno solar: la soluci\u00f3n econ\u00f3mica y efectiva ante la ausencia de red el\u00e9ctrica - Arquimaster","og_description":"El sistema trabaja en conjunto con la red el\u00e9ctrica interna y se activa ante un corte de luz...","og_url":"https:\/\/www.arquimaster.com.ar\/web\/grupo-electrogeno-solar-la-solucion-economica-y-efectiva-ante-la-ausencia-de-red-electrica\/","og_site_name":"Arquimaster","article_publisher":"http:\/\/www.facebook.com\/ARQUIMASTER.com.ar","article_published_time":"2019-01-04T15:03:50+00:00","article_modified_time":"2025-08-08T21:58:21+00:00","og_image":[{"width":642,"height":336,"url":"https:\/\/www.arquimaster.com.ar\/web\/wp-content\/uploads\/2019\/01\/grupo_electrogeno_solar_slide.jpg","type":"image\/jpeg"}],"author":"Arquimaster","twitter_card":"summary_large_image","twitter_creator":"@arquimaster","twitter_site":"@arquimaster","twitter_misc":{"Escrito por":"Arquimaster","Tiempo de lectura":"3 minutos"},"schema":{"@context":"https:\/\/schema.org","@graph":[{"@type":"Article","@id":"https:\/\/www.arquimaster.com.ar\/web\/grupo-electrogeno-solar-la-solucion-economica-y-efectiva-ante-la-ausencia-de-red-electrica\/#article","isPartOf":{"@id":"https:\/\/www.arquimaster.com.ar\/web\/grupo-electrogeno-solar-la-solucion-economica-y-efectiva-ante-la-ausencia-de-red-electrica\/"},"author":{"name":"Arquimaster","@id":"https:\/\/www.arquimaster.com.ar\/web\/#\/schema\/person\/359e9f7c00193fcde068e0dd2ceb0028"},"headline":"Grupo electr\u00f3geno solar: la soluci\u00f3n econ\u00f3mica y efectiva ante la ausencia de red el\u00e9ctrica","datePublished":"2019-01-04T15:03:50+00:00","dateModified":"2025-08-08T21:58:21+00:00","mainEntityOfPage":{"@id":"https:\/\/www.arquimaster.com.ar\/web\/grupo-electrogeno-solar-la-solucion-economica-y-efectiva-ante-la-ausencia-de-red-electrica\/"},"wordCount":559,"publisher":{"@id":"https:\/\/www.arquimaster.com.ar\/web\/#organization"},"image":{"@id":"https:\/\/www.arquimaster.com.ar\/web\/grupo-electrogeno-solar-la-solucion-economica-y-efectiva-ante-la-ausencia-de-red-electrica\/#primaryimage"},"thumbnailUrl":"https:\/\/www.arquimaster.com.ar\/web\/wp-content\/uploads\/2019\/01\/grupo_electrogeno_solar_slide.jpg","keywords":["corte de electricidad","corte de luz","corte de suministro el\u00e9ctrico","energia solar","energia solar fotovoltaica","generador solar","grupo electrogeno","grupo electrogeno solar","Hissuma Solar","paneles solares","paneles solares fotovoltaicos"],"articleSection":["Construccion","Materiales y tecnologias"],"inLanguage":"es"},{"@type":"WebPage","@id":"https:\/\/www.arquimaster.com.ar\/web\/grupo-electrogeno-solar-la-solucion-economica-y-efectiva-ante-la-ausencia-de-red-electrica\/","url":"https:\/\/www.arquimaster.com.ar\/web\/grupo-electrogeno-solar-la-solucion-economica-y-efectiva-ante-la-ausencia-de-red-electrica\/","name":"Grupo electr\u00f3geno solar: la soluci\u00f3n econ\u00f3mica y efectiva ante la ausencia de red el\u00e9ctrica - Arquimaster","isPartOf":{"@id":"https:\/\/www.arquimaster.com.ar\/web\/#website"},"primaryImageOfPage":{"@id":"https:\/\/www.arquimaster.com.ar\/web\/grupo-electrogeno-solar-la-solucion-economica-y-efectiva-ante-la-ausencia-de-red-electrica\/#primaryimage"},"image":{"@id":"https:\/\/www.arquimaster.com.ar\/web\/grupo-electrogeno-solar-la-solucion-economica-y-efectiva-ante-la-ausencia-de-red-electrica\/#primaryimage"},"thumbnailUrl":"https:\/\/www.arquimaster.com.ar\/web\/wp-content\/uploads\/2019\/01\/grupo_electrogeno_solar_slide.jpg","datePublished":"2019-01-04T15:03:50+00:00","dateModified":"2025-08-08T21:58:21+00:00","breadcrumb":{"@id":"https:\/\/www.arquimaster.com.ar\/web\/grupo-electrogeno-solar-la-solucion-economica-y-efectiva-ante-la-ausencia-de-red-electrica\/#breadcrumb"},"inLanguage":"es","potentialAction":[{"@type":"ReadAction","target":["https:\/\/www.arquimaster.com.ar\/web\/grupo-electrogeno-solar-la-solucion-economica-y-efectiva-ante-la-ausencia-de-red-electrica\/"]}]},{"@type":"ImageObject","inLanguage":"es","@id":"https:\/\/www.arquimaster.com.ar\/web\/grupo-electrogeno-solar-la-solucion-economica-y-efectiva-ante-la-ausencia-de-red-electrica\/#primaryimage","url":"https:\/\/www.arquimaster.com.ar\/web\/wp-content\/uploads\/2019\/01\/grupo_electrogeno_solar_slide.jpg","contentUrl":"https:\/\/www.arquimaster.com.ar\/web\/wp-content\/uploads\/2019\/01\/grupo_electrogeno_solar_slide.jpg","width":642,"height":336},{"@type":"BreadcrumbList","@id":"https:\/\/www.arquimaster.com.ar\/web\/grupo-electrogeno-solar-la-solucion-economica-y-efectiva-ante-la-ausencia-de-red-electrica\/#breadcrumb","itemListElement":[{"@type":"ListItem","position":1,"name":"Portada","item":"https:\/\/www.arquimaster.com.ar\/web\/"},{"@type":"ListItem","position":2,"name":"Grupo electr\u00f3geno solar: la soluci\u00f3n econ\u00f3mica y efectiva ante la ausencia de red el\u00e9ctrica"}]},{"@type":"WebSite","@id":"https:\/\/www.arquimaster.com.ar\/web\/#website","url":"https:\/\/www.arquimaster.com.ar\/web\/","name":"Arquimaster","description":"Web de arquitectura, dise\u00f1o y construccion","publisher":{"@id":"https:\/\/www.arquimaster.com.ar\/web\/#organization"},"potentialAction":[{"@type":"SearchAction","target":{"@type":"EntryPoint","urlTemplate":"https:\/\/www.arquimaster.com.ar\/web\/?s={search_term_string}"},"query-input":{"@type":"PropertyValueSpecification","valueRequired":true,"valueName":"search_term_string"}}],"inLanguage":"es"},{"@type":"Organization","@id":"https:\/\/www.arquimaster.com.ar\/web\/#organization","name":"Arquimaster","url":"https:\/\/www.arquimaster.com.ar\/web\/","logo":{"@type":"ImageObject","inLanguage":"es","@id":"https:\/\/www.arquimaster.com.ar\/web\/#\/schema\/logo\/image\/","url":"https:\/\/www.arquimaster.com.ar\/web\/wp-content\/uploads\/2022\/06\/arquimaster.png","contentUrl":"https:\/\/www.arquimaster.com.ar\/web\/wp-content\/uploads\/2022\/06\/arquimaster.png","width":594,"height":78,"caption":"Arquimaster"},"image":{"@id":"https:\/\/www.arquimaster.com.ar\/web\/#\/schema\/logo\/image\/"},"sameAs":["http:\/\/www.facebook.com\/ARQUIMASTER.com.ar","https:\/\/x.com\/arquimaster","https:\/\/www.instagram.com\/arquimasterblog\/","https:\/\/www.linkedin.com\/company\/arquimaster","https:\/\/www.pinterest.com\/arquimaster","https:\/\/t.me\/arquimaster"]},{"@type":"Person","@id":"https:\/\/www.arquimaster.com.ar\/web\/#\/schema\/person\/359e9f7c00193fcde068e0dd2ceb0028","name":"Arquimaster"}]}},"uagb_featured_image_src":{"full":["https:\/\/www.arquimaster.com.ar\/web\/wp-content\/uploads\/2019\/01\/grupo_electrogeno_solar_slide.jpg",642,336,false],"thumbnail":["https:\/\/www.arquimaster.com.ar\/web\/wp-content\/uploads\/2019\/01\/grupo_electrogeno_solar_slide-150x150.jpg",150,150,true],"medium":["https:\/\/www.arquimaster.com.ar\/web\/wp-content\/uploads\/2019\/01\/grupo_electrogeno_solar_slide.jpg",642,336,false],"medium_large":["https:\/\/www.arquimaster.com.ar\/web\/wp-content\/uploads\/2019\/01\/grupo_electrogeno_solar_slide.jpg",642,336,false],"large":["https:\/\/www.arquimaster.com.ar\/web\/wp-content\/uploads\/2019\/01\/grupo_electrogeno_solar_slide.jpg",642,336,false],"1536x1536":["https:\/\/www.arquimaster.com.ar\/web\/wp-content\/uploads\/2019\/01\/grupo_electrogeno_solar_slide.jpg",642,336,false],"2048x2048":["https:\/\/www.arquimaster.com.ar\/web\/wp-content\/uploads\/2019\/01\/grupo_electrogeno_solar_slide.jpg",642,336,false]},"uagb_author_info":{"display_name":"Arquimaster","author_link":"https:\/\/www.arquimaster.com.ar\/web\/author\/arquimaster\/"},"uagb_comment_info":0,"uagb_excerpt":"El sistema trabaja en conjunto con la red el\u00e9ctrica interna y se activa ante un corte de luz...","_links":{"self":[{"href":"https:\/\/www.arquimaster.com.ar\/web\/wp-json\/wp\/v2\/posts\/34618","targetHints":{"allow":["GET"]}}],"collection":[{"href":"https:\/\/www.arquimaster.com.ar\/web\/wp-json\/wp\/v2\/posts"}],"about":[{"href":"https:\/\/www.arquimaster.com.ar\/web\/wp-json\/wp\/v2\/types\/post"}],"author":[{"embeddable":true,"href":"https:\/\/www.arquimaster.com.ar\/web\/wp-json\/wp\/v2\/users\/1"}],"replies":[{"embeddable":true,"href":"https:\/\/www.arquimaster.com.ar\/web\/wp-json\/wp\/v2\/comments?post=34618"}],"version-history":[{"count":1,"href":"https:\/\/www.arquimaster.com.ar\/web\/wp-json\/wp\/v2\/posts\/34618\/revisions"}],"predecessor-version":[{"id":85675,"href":"https:\/\/www.arquimaster.com.ar\/web\/wp-json\/wp\/v2\/posts\/34618\/revisions\/85675"}],"wp:featuredmedia":[{"embeddable":true,"href":"https:\/\/www.arquimaster.com.ar\/web\/wp-json\/wp\/v2\/media\/34620"}],"wp:attachment":[{"href":"https:\/\/www.arquimaster.com.ar\/web\/wp-json\/wp\/v2\/media?parent=34618"}],"wp:term":[{"taxonomy":"category","embeddable":true,"href":"https:\/\/www.arquimaster.com.ar\/web\/wp-json\/wp\/v2\/categories?post=34618"},{"taxonomy":"post_tag","embeddable":true,"href":"https:\/\/www.arquimaster.com.ar\/web\/wp-json\/wp\/v2\/tags?post=34618"}],"curies":[{"name":"wp","href":"https:\/\/api.w.org\/{rel}","templated":true}]}}