{"id":34815,"date":"2018-12-27T20:22:11","date_gmt":"2018-12-27T20:22:11","guid":{"rendered":"http:\/\/www.arquimaster.com.ar\/web\/?p=34815"},"modified":"2025-08-08T19:09:09","modified_gmt":"2025-08-08T22:09:09","slug":"una-coleccion-de-papeles-pintados-para-celebrar-los-100-anos-de-la-bauhaus","status":"publish","type":"post","link":"https:\/\/www.arquimaster.com.ar\/web\/una-coleccion-de-papeles-pintados-para-celebrar-los-100-anos-de-la-bauhaus\/","title":{"rendered":"Una colecci\u00f3n de papeles pintados para celebrar los 100 a\u00f1os de la Bauhaus"},"content":{"rendered":"<div style=\"margin-top: 0px; margin-bottom: 0px;\" class=\"sharethis-inline-share-buttons\" ><\/div><div class=\"b812932af2e751442846f039925109de\" data-index=\"1\" style=\"float: none; margin:25px 0 25px 0; text-align:center;\">\n<script async src=\"https:\/\/pagead2.googlesyndication.com\/pagead\/js\/adsbygoogle.js\"><\/script>\r\n<!-- Arquimaster (superior) -->\r\n<ins class=\"adsbygoogle\"\r\n     style=\"display:block\"\r\n     data-ad-client=\"ca-pub-6351072698456832\"\r\n     data-ad-slot=\"6455489680\"\r\n     data-ad-format=\"auto\"\r\n     data-full-width-responsive=\"true\"><\/ins>\r\n<script>\r\n     (adsbygoogle = window.adsbygoogle || []).push({});\r\n<\/script>\n<\/div>\n<p>En 2019 tendr\u00e1 lugar el centenario de la <strong>Bauhaus<\/strong>, la famosa escuela de arte alemana fundada en 1919. Para celebrar la ocasi\u00f3n, <strong>MuralsWallpaper<\/strong> ha creado una colecci\u00f3n nueva y distintiva donde las formas y los colores t\u00edpicos del movimiento Bauhaus se transforman en papeles pintados que dan una interpretaci\u00f3n moderna del estilo Bauhaus.<\/p>\n<p>Estos dise\u00f1os muy llamativos incorporan texturas planas de efecto bet\u00f3n inspiradas en los principios de la arquitectura Bauhaus y presentan la ic\u00f3nica paleta de colores primarios de la escuela en tonos m\u00e1s modernos, accesibles e ideales para la decoraci\u00f3n del hogar.<\/p>\n<div id='gallery-1' class='gallery galleryid-34815 gallery-columns-3 gallery-size-thumbnail'><figure class='gallery-item'>\n\t\t\t<div class='gallery-icon landscape'>\n\t\t\t\t<a href='https:\/\/www.arquimaster.com.ar\/web\/wp-content\/uploads\/2018\/12\/bauhaus_empapelado1.jpg' title=\"Una colecci\u00f3n de papeles pintados para celebrar los 100 a\u00f1os de la Bauhaus\" data-rl_title=\"Una colecci\u00f3n de papeles pintados para celebrar los 100 a\u00f1os de la Bauhaus\" class=\"rl-gallery-link\" data-rl_caption=\"Una colecci\u00f3n de papeles pintados para celebrar los 100 a\u00f1os de la Bauhaus\" data-rel=\"lightbox-gallery-1\"><img loading=\"lazy\" decoding=\"async\" width=\"150\" height=\"150\" src=\"https:\/\/www.arquimaster.com.ar\/web\/wp-content\/uploads\/2018\/12\/bauhaus_empapelado1-150x150.jpg\" class=\"attachment-thumbnail size-thumbnail\" alt=\"\" aria-describedby=\"gallery-1-34818\" srcset=\"https:\/\/www.arquimaster.com.ar\/web\/wp-content\/uploads\/2018\/12\/bauhaus_empapelado1-150x150.jpg 150w, https:\/\/www.arquimaster.com.ar\/web\/wp-content\/uploads\/2018\/12\/bauhaus_empapelado1-50x50.jpg 50w, https:\/\/www.arquimaster.com.ar\/web\/wp-content\/uploads\/2018\/12\/bauhaus_empapelado1-125x125.jpg 125w\" sizes=\"auto, (max-width: 150px) 100vw, 150px\" \/><\/a>\n\t\t\t<\/div>\n\t\t\t\t<figcaption class='wp-caption-text gallery-caption' id='gallery-1-34818'>\n\t\t\t\tUna colecci\u00f3n de papeles pintados para celebrar los 100 a\u00f1os de la Bauhaus\n\t\t\t\t<\/figcaption><\/figure><figure class='gallery-item'>\n\t\t\t<div class='gallery-icon portrait'>\n\t\t\t\t<a href='https:\/\/www.arquimaster.com.ar\/web\/wp-content\/uploads\/2018\/12\/bauhaus_empapelado2.jpg' title=\"Una colecci\u00f3n de papeles pintados para celebrar los 100 a\u00f1os de la Bauhaus\" data-rl_title=\"Una colecci\u00f3n de papeles pintados para celebrar los 100 a\u00f1os de la Bauhaus\" class=\"rl-gallery-link\" data-rl_caption=\"Una colecci\u00f3n de papeles pintados para celebrar los 100 a\u00f1os de la Bauhaus\" data-rel=\"lightbox-gallery-1\"><img loading=\"lazy\" decoding=\"async\" width=\"150\" height=\"150\" src=\"https:\/\/www.arquimaster.com.ar\/web\/wp-content\/uploads\/2018\/12\/bauhaus_empapelado2-150x150.jpg\" class=\"attachment-thumbnail size-thumbnail\" alt=\"\" aria-describedby=\"gallery-1-34819\" srcset=\"https:\/\/www.arquimaster.com.ar\/web\/wp-content\/uploads\/2018\/12\/bauhaus_empapelado2-150x150.jpg 150w, https:\/\/www.arquimaster.com.ar\/web\/wp-content\/uploads\/2018\/12\/bauhaus_empapelado2-50x50.jpg 50w, https:\/\/www.arquimaster.com.ar\/web\/wp-content\/uploads\/2018\/12\/bauhaus_empapelado2-125x125.jpg 125w\" sizes=\"auto, (max-width: 150px) 100vw, 150px\" \/><\/a>\n\t\t\t<\/div>\n\t\t\t\t<figcaption class='wp-caption-text gallery-caption' id='gallery-1-34819'>\n\t\t\t\tUna colecci\u00f3n de papeles pintados para celebrar los 100 a\u00f1os de la Bauhaus\n\t\t\t\t<\/figcaption><\/figure><figure class='gallery-item'>\n\t\t\t<div class='gallery-icon portrait'>\n\t\t\t\t<a href='https:\/\/www.arquimaster.com.ar\/web\/wp-content\/uploads\/2018\/12\/bauhaus_empapelado3.jpg' title=\"Una colecci\u00f3n de papeles pintados para celebrar los 100 a\u00f1os de la Bauhaus\" data-rl_title=\"Una colecci\u00f3n de papeles pintados para celebrar los 100 a\u00f1os de la Bauhaus\" class=\"rl-gallery-link\" data-rl_caption=\"Una colecci\u00f3n de papeles pintados para celebrar los 100 a\u00f1os de la Bauhaus\" data-rel=\"lightbox-gallery-1\"><img loading=\"lazy\" decoding=\"async\" width=\"150\" height=\"150\" src=\"https:\/\/www.arquimaster.com.ar\/web\/wp-content\/uploads\/2018\/12\/bauhaus_empapelado3-150x150.jpg\" class=\"attachment-thumbnail size-thumbnail\" alt=\"\" aria-describedby=\"gallery-1-34820\" srcset=\"https:\/\/www.arquimaster.com.ar\/web\/wp-content\/uploads\/2018\/12\/bauhaus_empapelado3-150x150.jpg 150w, https:\/\/www.arquimaster.com.ar\/web\/wp-content\/uploads\/2018\/12\/bauhaus_empapelado3-50x50.jpg 50w, https:\/\/www.arquimaster.com.ar\/web\/wp-content\/uploads\/2018\/12\/bauhaus_empapelado3-125x125.jpg 125w\" sizes=\"auto, (max-width: 150px) 100vw, 150px\" \/><\/a>\n\t\t\t<\/div>\n\t\t\t\t<figcaption class='wp-caption-text gallery-caption' id='gallery-1-34820'>\n\t\t\t\tUna colecci\u00f3n de papeles pintados para celebrar los 100 a\u00f1os de la Bauhaus\n\t\t\t\t<\/figcaption><\/figure><figure class='gallery-item'>\n\t\t\t<div class='gallery-icon landscape'>\n\t\t\t\t<a href='https:\/\/www.arquimaster.com.ar\/web\/wp-content\/uploads\/2018\/12\/bauhaus_empapelado4.jpg' title=\"Una colecci\u00f3n de papeles pintados para celebrar los 100 a\u00f1os de la Bauhaus\" data-rl_title=\"Una colecci\u00f3n de papeles pintados para celebrar los 100 a\u00f1os de la Bauhaus\" class=\"rl-gallery-link\" data-rl_caption=\"Una colecci\u00f3n de papeles pintados para celebrar los 100 a\u00f1os de la Bauhaus\" data-rel=\"lightbox-gallery-1\"><img loading=\"lazy\" decoding=\"async\" width=\"150\" height=\"150\" src=\"https:\/\/www.arquimaster.com.ar\/web\/wp-content\/uploads\/2018\/12\/bauhaus_empapelado4-150x150.jpg\" class=\"attachment-thumbnail size-thumbnail\" alt=\"\" aria-describedby=\"gallery-1-34821\" srcset=\"https:\/\/www.arquimaster.com.ar\/web\/wp-content\/uploads\/2018\/12\/bauhaus_empapelado4-150x150.jpg 150w, https:\/\/www.arquimaster.com.ar\/web\/wp-content\/uploads\/2018\/12\/bauhaus_empapelado4-50x50.jpg 50w, https:\/\/www.arquimaster.com.ar\/web\/wp-content\/uploads\/2018\/12\/bauhaus_empapelado4-125x125.jpg 125w\" sizes=\"auto, (max-width: 150px) 100vw, 150px\" \/><\/a>\n\t\t\t<\/div>\n\t\t\t\t<figcaption class='wp-caption-text gallery-caption' id='gallery-1-34821'>\n\t\t\t\tUna colecci\u00f3n de papeles pintados para celebrar los 100 a\u00f1os de la Bauhaus\n\t\t\t\t<\/figcaption><\/figure><figure class='gallery-item'>\n\t\t\t<div class='gallery-icon landscape'>\n\t\t\t\t<a href='https:\/\/www.arquimaster.com.ar\/web\/wp-content\/uploads\/2018\/12\/bauhaus_empapelado5.jpg' title=\"Una colecci\u00f3n de papeles pintados para celebrar los 100 a\u00f1os de la Bauhaus\" data-rl_title=\"Una colecci\u00f3n de papeles pintados para celebrar los 100 a\u00f1os de la Bauhaus\" class=\"rl-gallery-link\" data-rl_caption=\"Una colecci\u00f3n de papeles pintados para celebrar los 100 a\u00f1os de la Bauhaus\" data-rel=\"lightbox-gallery-1\"><img loading=\"lazy\" decoding=\"async\" width=\"150\" height=\"150\" src=\"https:\/\/www.arquimaster.com.ar\/web\/wp-content\/uploads\/2018\/12\/bauhaus_empapelado5-150x150.jpg\" class=\"attachment-thumbnail size-thumbnail\" alt=\"\" aria-describedby=\"gallery-1-34822\" srcset=\"https:\/\/www.arquimaster.com.ar\/web\/wp-content\/uploads\/2018\/12\/bauhaus_empapelado5-150x150.jpg 150w, https:\/\/www.arquimaster.com.ar\/web\/wp-content\/uploads\/2018\/12\/bauhaus_empapelado5-50x50.jpg 50w, https:\/\/www.arquimaster.com.ar\/web\/wp-content\/uploads\/2018\/12\/bauhaus_empapelado5-125x125.jpg 125w\" sizes=\"auto, (max-width: 150px) 100vw, 150px\" \/><\/a>\n\t\t\t<\/div>\n\t\t\t\t<figcaption class='wp-caption-text gallery-caption' id='gallery-1-34822'>\n\t\t\t\tUna colecci\u00f3n de papeles pintados para celebrar los 100 a\u00f1os de la Bauhaus\n\t\t\t\t<\/figcaption><\/figure><figure class='gallery-item'>\n\t\t\t<div class='gallery-icon landscape'>\n\t\t\t\t<a href='https:\/\/www.arquimaster.com.ar\/web\/wp-content\/uploads\/2018\/12\/bauhaus_empapelado6.jpg' title=\"Una colecci\u00f3n de papeles pintados para celebrar los 100 a\u00f1os de la Bauhaus\" data-rl_title=\"Una colecci\u00f3n de papeles pintados para celebrar los 100 a\u00f1os de la Bauhaus\" class=\"rl-gallery-link\" data-rl_caption=\"Una colecci\u00f3n de papeles pintados para celebrar los 100 a\u00f1os de la Bauhaus\" data-rel=\"lightbox-gallery-1\"><img loading=\"lazy\" decoding=\"async\" width=\"150\" height=\"150\" src=\"https:\/\/www.arquimaster.com.ar\/web\/wp-content\/uploads\/2018\/12\/bauhaus_empapelado6-150x150.jpg\" class=\"attachment-thumbnail size-thumbnail\" alt=\"\" aria-describedby=\"gallery-1-34823\" srcset=\"https:\/\/www.arquimaster.com.ar\/web\/wp-content\/uploads\/2018\/12\/bauhaus_empapelado6-150x150.jpg 150w, https:\/\/www.arquimaster.com.ar\/web\/wp-content\/uploads\/2018\/12\/bauhaus_empapelado6-50x50.jpg 50w, https:\/\/www.arquimaster.com.ar\/web\/wp-content\/uploads\/2018\/12\/bauhaus_empapelado6-125x125.jpg 125w\" sizes=\"auto, (max-width: 150px) 100vw, 150px\" \/><\/a>\n\t\t\t<\/div>\n\t\t\t\t<figcaption class='wp-caption-text gallery-caption' id='gallery-1-34823'>\n\t\t\t\tUna colecci\u00f3n de papeles pintados para celebrar los 100 a\u00f1os de la Bauhaus\n\t\t\t\t<\/figcaption><\/figure>\n\t\t<\/div>\n\n<p>La superposici\u00f3n de colores y formas de los seis dise\u00f1os est\u00e1 inspirada en el trabajo sobre la teor\u00eda del color de Josef Albers, miembro de la Bauhaus, y de L\u00e1szl\u00f3 Moholy-Nagy, profesor de la escuela de arte que ha explorado el concepto de perspectiva.<\/p>\n<p>Caracterizados por formas arquitect\u00f3nicas estratificadas y un movimiento de direcciones, estos papeles pintados utilizan l\u00edneas m\u00ednimas para presentar un contraste de \u00e1ngulos agudos y formas suaves y curvas. La simplicidad de las formas geom\u00e9tricas y los colores utilizados dan lugar a dise\u00f1os llamativos y de gran car\u00e1cter.<\/p>\n<div id='gallery-2' class='gallery galleryid-34815 gallery-columns-3 gallery-size-thumbnail'><figure class='gallery-item'>\n\t\t\t<div class='gallery-icon landscape'>\n\t\t\t\t<a href='https:\/\/www.arquimaster.com.ar\/web\/wp-content\/uploads\/2018\/12\/bauhaus_empapelado7.jpg' title=\"Una colecci\u00f3n de papeles pintados para celebrar los 100 a\u00f1os de la Bauhaus\" data-rl_title=\"Una colecci\u00f3n de papeles pintados para celebrar los 100 a\u00f1os de la Bauhaus\" class=\"rl-gallery-link\" data-rl_caption=\"Una colecci\u00f3n de papeles pintados para celebrar los 100 a\u00f1os de la Bauhaus\" data-rel=\"lightbox-gallery-2\"><img loading=\"lazy\" decoding=\"async\" width=\"150\" height=\"150\" src=\"https:\/\/www.arquimaster.com.ar\/web\/wp-content\/uploads\/2018\/12\/bauhaus_empapelado7-150x150.jpg\" class=\"attachment-thumbnail size-thumbnail\" alt=\"\" aria-describedby=\"gallery-2-34824\" srcset=\"https:\/\/www.arquimaster.com.ar\/web\/wp-content\/uploads\/2018\/12\/bauhaus_empapelado7-150x150.jpg 150w, https:\/\/www.arquimaster.com.ar\/web\/wp-content\/uploads\/2018\/12\/bauhaus_empapelado7-50x50.jpg 50w, https:\/\/www.arquimaster.com.ar\/web\/wp-content\/uploads\/2018\/12\/bauhaus_empapelado7-125x125.jpg 125w\" sizes=\"auto, (max-width: 150px) 100vw, 150px\" \/><\/a>\n\t\t\t<\/div>\n\t\t\t\t<figcaption class='wp-caption-text gallery-caption' id='gallery-2-34824'>\n\t\t\t\tUna colecci\u00f3n de papeles pintados para celebrar los 100 a\u00f1os de la Bauhaus\n\t\t\t\t<\/figcaption><\/figure><figure class='gallery-item'>\n\t\t\t<div class='gallery-icon landscape'>\n\t\t\t\t<a href='https:\/\/www.arquimaster.com.ar\/web\/wp-content\/uploads\/2018\/12\/bauhaus_empapelado8.jpg' title=\"Una colecci\u00f3n de papeles pintados para celebrar los 100 a\u00f1os de la Bauhaus\" data-rl_title=\"Una colecci\u00f3n de papeles pintados para celebrar los 100 a\u00f1os de la Bauhaus\" class=\"rl-gallery-link\" data-rl_caption=\"Una colecci\u00f3n de papeles pintados para celebrar los 100 a\u00f1os de la Bauhaus\" data-rel=\"lightbox-gallery-2\"><img loading=\"lazy\" decoding=\"async\" width=\"150\" height=\"150\" src=\"https:\/\/www.arquimaster.com.ar\/web\/wp-content\/uploads\/2018\/12\/bauhaus_empapelado8-150x150.jpg\" class=\"attachment-thumbnail size-thumbnail\" alt=\"\" aria-describedby=\"gallery-2-34825\" srcset=\"https:\/\/www.arquimaster.com.ar\/web\/wp-content\/uploads\/2018\/12\/bauhaus_empapelado8-150x150.jpg 150w, https:\/\/www.arquimaster.com.ar\/web\/wp-content\/uploads\/2018\/12\/bauhaus_empapelado8-50x50.jpg 50w, https:\/\/www.arquimaster.com.ar\/web\/wp-content\/uploads\/2018\/12\/bauhaus_empapelado8-125x125.jpg 125w\" sizes=\"auto, (max-width: 150px) 100vw, 150px\" \/><\/a>\n\t\t\t<\/div>\n\t\t\t\t<figcaption class='wp-caption-text gallery-caption' id='gallery-2-34825'>\n\t\t\t\tUna colecci\u00f3n de papeles pintados para celebrar los 100 a\u00f1os de la Bauhaus\n\t\t\t\t<\/figcaption><\/figure><figure class='gallery-item'>\n\t\t\t<div class='gallery-icon landscape'>\n\t\t\t\t<a href='https:\/\/www.arquimaster.com.ar\/web\/wp-content\/uploads\/2018\/12\/bauhaus_empapelado9.jpg' title=\"Una colecci\u00f3n de papeles pintados para celebrar los 100 a\u00f1os de la Bauhaus\" data-rl_title=\"Una colecci\u00f3n de papeles pintados para celebrar los 100 a\u00f1os de la Bauhaus\" class=\"rl-gallery-link\" data-rl_caption=\"Una colecci\u00f3n de papeles pintados para celebrar los 100 a\u00f1os de la Bauhaus\" data-rel=\"lightbox-gallery-2\"><img loading=\"lazy\" decoding=\"async\" width=\"150\" height=\"150\" src=\"https:\/\/www.arquimaster.com.ar\/web\/wp-content\/uploads\/2018\/12\/bauhaus_empapelado9-150x150.jpg\" class=\"attachment-thumbnail size-thumbnail\" alt=\"\" aria-describedby=\"gallery-2-34826\" srcset=\"https:\/\/www.arquimaster.com.ar\/web\/wp-content\/uploads\/2018\/12\/bauhaus_empapelado9-150x150.jpg 150w, https:\/\/www.arquimaster.com.ar\/web\/wp-content\/uploads\/2018\/12\/bauhaus_empapelado9-50x50.jpg 50w, https:\/\/www.arquimaster.com.ar\/web\/wp-content\/uploads\/2018\/12\/bauhaus_empapelado9-125x125.jpg 125w\" sizes=\"auto, (max-width: 150px) 100vw, 150px\" \/><\/a>\n\t\t\t<\/div>\n\t\t\t\t<figcaption class='wp-caption-text gallery-caption' id='gallery-2-34826'>\n\t\t\t\tUna colecci\u00f3n de papeles pintados para celebrar los 100 a\u00f1os de la Bauhaus\n\t\t\t\t<\/figcaption><\/figure><figure class='gallery-item'>\n\t\t\t<div class='gallery-icon landscape'>\n\t\t\t\t<a href='https:\/\/www.arquimaster.com.ar\/web\/wp-content\/uploads\/2018\/12\/bauhaus_empapelado10.jpg' title=\"Una colecci\u00f3n de papeles pintados para celebrar los 100 a\u00f1os de la Bauhaus\" data-rl_title=\"Una colecci\u00f3n de papeles pintados para celebrar los 100 a\u00f1os de la Bauhaus\" class=\"rl-gallery-link\" data-rl_caption=\"Una colecci\u00f3n de papeles pintados para celebrar los 100 a\u00f1os de la Bauhaus\" data-rel=\"lightbox-gallery-2\"><img loading=\"lazy\" decoding=\"async\" width=\"150\" height=\"150\" src=\"https:\/\/www.arquimaster.com.ar\/web\/wp-content\/uploads\/2018\/12\/bauhaus_empapelado10-150x150.jpg\" class=\"attachment-thumbnail size-thumbnail\" alt=\"\" aria-describedby=\"gallery-2-34827\" srcset=\"https:\/\/www.arquimaster.com.ar\/web\/wp-content\/uploads\/2018\/12\/bauhaus_empapelado10-150x150.jpg 150w, https:\/\/www.arquimaster.com.ar\/web\/wp-content\/uploads\/2018\/12\/bauhaus_empapelado10-50x50.jpg 50w, https:\/\/www.arquimaster.com.ar\/web\/wp-content\/uploads\/2018\/12\/bauhaus_empapelado10-125x125.jpg 125w\" sizes=\"auto, (max-width: 150px) 100vw, 150px\" \/><\/a>\n\t\t\t<\/div>\n\t\t\t\t<figcaption class='wp-caption-text gallery-caption' id='gallery-2-34827'>\n\t\t\t\tUna colecci\u00f3n de papeles pintados para celebrar los 100 a\u00f1os de la Bauhaus\n\t\t\t\t<\/figcaption><\/figure><figure class='gallery-item'>\n\t\t\t<div class='gallery-icon landscape'>\n\t\t\t\t<a href='https:\/\/www.arquimaster.com.ar\/web\/wp-content\/uploads\/2018\/12\/bauhaus_empapelado11.jpg' title=\"Una colecci\u00f3n de papeles pintados para celebrar los 100 a\u00f1os de la Bauhaus\" data-rl_title=\"Una colecci\u00f3n de papeles pintados para celebrar los 100 a\u00f1os de la Bauhaus\" class=\"rl-gallery-link\" data-rl_caption=\"Una colecci\u00f3n de papeles pintados para celebrar los 100 a\u00f1os de la Bauhaus\" data-rel=\"lightbox-gallery-2\"><img loading=\"lazy\" decoding=\"async\" width=\"150\" height=\"150\" src=\"https:\/\/www.arquimaster.com.ar\/web\/wp-content\/uploads\/2018\/12\/bauhaus_empapelado11-150x150.jpg\" class=\"attachment-thumbnail size-thumbnail\" alt=\"\" aria-describedby=\"gallery-2-34828\" srcset=\"https:\/\/www.arquimaster.com.ar\/web\/wp-content\/uploads\/2018\/12\/bauhaus_empapelado11-150x150.jpg 150w, https:\/\/www.arquimaster.com.ar\/web\/wp-content\/uploads\/2018\/12\/bauhaus_empapelado11-50x50.jpg 50w, https:\/\/www.arquimaster.com.ar\/web\/wp-content\/uploads\/2018\/12\/bauhaus_empapelado11-125x125.jpg 125w\" sizes=\"auto, (max-width: 150px) 100vw, 150px\" \/><\/a>\n\t\t\t<\/div>\n\t\t\t\t<figcaption class='wp-caption-text gallery-caption' id='gallery-2-34828'>\n\t\t\t\tUna colecci\u00f3n de papeles pintados para celebrar los 100 a\u00f1os de la Bauhaus\n\t\t\t\t<\/figcaption><\/figure><figure class='gallery-item'>\n\t\t\t<div class='gallery-icon landscape'>\n\t\t\t\t<a href='https:\/\/www.arquimaster.com.ar\/web\/wp-content\/uploads\/2018\/12\/bauhaus_empapelado12.jpg' title=\"Una colecci\u00f3n de papeles pintados para celebrar los 100 a\u00f1os de la Bauhaus\" data-rl_title=\"Una colecci\u00f3n de papeles pintados para celebrar los 100 a\u00f1os de la Bauhaus\" class=\"rl-gallery-link\" data-rl_caption=\"Una colecci\u00f3n de papeles pintados para celebrar los 100 a\u00f1os de la Bauhaus\" data-rel=\"lightbox-gallery-2\"><img loading=\"lazy\" decoding=\"async\" width=\"150\" height=\"150\" src=\"https:\/\/www.arquimaster.com.ar\/web\/wp-content\/uploads\/2018\/12\/bauhaus_empapelado12-150x150.jpg\" class=\"attachment-thumbnail size-thumbnail\" alt=\"\" aria-describedby=\"gallery-2-34829\" srcset=\"https:\/\/www.arquimaster.com.ar\/web\/wp-content\/uploads\/2018\/12\/bauhaus_empapelado12-150x150.jpg 150w, https:\/\/www.arquimaster.com.ar\/web\/wp-content\/uploads\/2018\/12\/bauhaus_empapelado12-50x50.jpg 50w, https:\/\/www.arquimaster.com.ar\/web\/wp-content\/uploads\/2018\/12\/bauhaus_empapelado12-125x125.jpg 125w\" sizes=\"auto, (max-width: 150px) 100vw, 150px\" \/><\/a>\n\t\t\t<\/div>\n\t\t\t\t<figcaption class='wp-caption-text gallery-caption' id='gallery-2-34829'>\n\t\t\t\tUna colecci\u00f3n de papeles pintados para celebrar los 100 a\u00f1os de la Bauhaus\n\t\t\t\t<\/figcaption><\/figure>\n\t\t<\/div>\n\n<p><strong>Bauhaus para el hogar, a lo grande<\/strong><br \/>\nLas formas din\u00e1micas y asim\u00e9tricas de los p\u00f3steres originales Bauhaus se presentan aqu\u00ed en murales de gran tama\u00f1o, lo que no habr\u00eda sido posible utilizando los rollos tradicionales de tapicer\u00eda con patrones repetidos.<\/p>\n<p>Desde los entusiastas del dise\u00f1o hasta aquellos fascinados por los objetos y muebles de estilo Bauhaus, todos pueden llevar la esencia de Bauhaus a su interior con estos seis papeles pintados.<\/p>\n<p>La visi\u00f3n de la escuela de arte Bauhaus allan\u00f3 el camino para el dise\u00f1o moderno y, despu\u00e9s de 100 a\u00f1os, contin\u00faa ejerciendo una influencia incre\u00edble en el mundo del dise\u00f1o de interiores.<\/p>\n<p>Desde 31\u20ac \/m2, a medida.<\/p>\n<p><strong>Sobre MuralsWallpaper<\/strong><br \/>\nMuralsWallpaper dise\u00f1a, imprime y distribuye papeles pintados personalizados para proyectos residenciales y comerciales en todo el mundo. El papel utilizado proviene de bosques regulados por FSC y se imprime utilizando tintas a base de agua 100% ecol\u00f3gicas. Todos los papeles pintados y fotomurales est\u00e1n dise\u00f1ados digitalmente, hechos a medida y, por lo tanto, son \u00fanicos para cada cliente, lo que significa que no hay dos pedidos iguales. Esto es ideal para el cliente, pero tambi\u00e9n para el planeta, ya que no es necesario mantener stock o eliminar los desechos.<\/p>\n<p>MuralsWallpaper hace parte de Milexa Group, una empresa de dise\u00f1o de superficies a medida, apasionada por la creaci\u00f3n de dise\u00f1os digitales estupendos pensados para decorar paredes y pisos. La innovaci\u00f3n y la experimentaci\u00f3n son dos piedras angulares de la filosof\u00eda del grupo, que consta de tres marcas pioneras: Milexa, MuralsWallpaper y Atrafloor.<\/p>\n\n<div style=\"font-size: 0px; height: 0px; line-height: 0px; margin: 0; padding: 0; clear: both;\"><\/div><div style=\"margin-top: 0px; margin-bottom: 0px;\" class=\"sharethis-inline-share-buttons\" ><\/div>","protected":false},"excerpt":{"rendered":"<p>Las formas y los colores t\u00edpicos del movimiento Bauhaus se transforman en papeles pintados&#8230;<\/p>\n","protected":false},"author":1,"featured_media":34817,"comment_status":"closed","ping_status":"closed","sticky":false,"template":"","format":"standard","meta":{"_uag_custom_page_level_css":"","footnotes":""},"categories":[55,56],"tags":[5054,203,38,5051,5052,5050],"class_list":["post-34815","post","type-post","status-publish","format-standard","has-post-thumbnail","hentry","category-diseno","category-diseno-interior-decoracion","tag-bauhaus","tag-color","tag-diseno-interior","tag-empapelado","tag-muralswallpaper","tag-papel-pintado","generate-columns","tablet-grid-50","mobile-grid-100","grid-parent","grid-50"],"yoast_head":"<!-- This site is optimized with the Yoast SEO plugin v27.3 - https:\/\/yoast.com\/product\/yoast-seo-wordpress\/ -->\n<title>Una colecci\u00f3n de papeles pintados para celebrar los 100 a\u00f1os de la Bauhaus - Arquimaster<\/title>\n<meta name=\"robots\" content=\"index, follow, max-snippet:-1, max-image-preview:large, max-video-preview:-1\" \/>\n<link rel=\"canonical\" href=\"https:\/\/www.arquimaster.com.ar\/web\/una-coleccion-de-papeles-pintados-para-celebrar-los-100-anos-de-la-bauhaus\/\" \/>\n<meta property=\"og:locale\" content=\"es_ES\" \/>\n<meta property=\"og:type\" content=\"article\" \/>\n<meta property=\"og:title\" content=\"Una colecci\u00f3n de papeles pintados para celebrar los 100 a\u00f1os de la Bauhaus - Arquimaster\" \/>\n<meta property=\"og:description\" content=\"Las formas y los colores t\u00edpicos del movimiento Bauhaus se transforman en papeles pintados...\" \/>\n<meta property=\"og:url\" content=\"https:\/\/www.arquimaster.com.ar\/web\/una-coleccion-de-papeles-pintados-para-celebrar-los-100-anos-de-la-bauhaus\/\" \/>\n<meta property=\"og:site_name\" content=\"Arquimaster\" \/>\n<meta property=\"article:publisher\" content=\"http:\/\/www.facebook.com\/ARQUIMASTER.com.ar\" \/>\n<meta property=\"article:published_time\" content=\"2018-12-27T20:22:11+00:00\" \/>\n<meta property=\"article:modified_time\" content=\"2025-08-08T22:09:09+00:00\" \/>\n<meta property=\"og:image\" content=\"https:\/\/www.arquimaster.com.ar\/web\/wp-content\/uploads\/2018\/12\/bauhaus_empapelado_slide.jpg\" \/>\n\t<meta property=\"og:image:width\" content=\"642\" \/>\n\t<meta property=\"og:image:height\" content=\"336\" \/>\n\t<meta property=\"og:image:type\" content=\"image\/jpeg\" \/>\n<meta name=\"author\" content=\"Arquimaster\" \/>\n<meta name=\"twitter:card\" content=\"summary_large_image\" \/>\n<meta name=\"twitter:creator\" content=\"@arquimaster\" \/>\n<meta name=\"twitter:site\" content=\"@arquimaster\" \/>\n<meta name=\"twitter:label1\" content=\"Escrito por\" \/>\n\t<meta name=\"twitter:data1\" content=\"Arquimaster\" \/>\n\t<meta name=\"twitter:label2\" content=\"Tiempo de lectura\" \/>\n\t<meta name=\"twitter:data2\" content=\"3 minutos\" \/>\n<script type=\"application\/ld+json\" class=\"yoast-schema-graph\">{\"@context\":\"https:\\\/\\\/schema.org\",\"@graph\":[{\"@type\":\"Article\",\"@id\":\"https:\\\/\\\/www.arquimaster.com.ar\\\/web\\\/una-coleccion-de-papeles-pintados-para-celebrar-los-100-anos-de-la-bauhaus\\\/#article\",\"isPartOf\":{\"@id\":\"https:\\\/\\\/www.arquimaster.com.ar\\\/web\\\/una-coleccion-de-papeles-pintados-para-celebrar-los-100-anos-de-la-bauhaus\\\/\"},\"author\":{\"name\":\"Arquimaster\",\"@id\":\"https:\\\/\\\/www.arquimaster.com.ar\\\/web\\\/#\\\/schema\\\/person\\\/359e9f7c00193fcde068e0dd2ceb0028\"},\"headline\":\"Una colecci\u00f3n de papeles pintados para celebrar los 100 a\u00f1os de la Bauhaus\",\"datePublished\":\"2018-12-27T20:22:11+00:00\",\"dateModified\":\"2025-08-08T22:09:09+00:00\",\"mainEntityOfPage\":{\"@id\":\"https:\\\/\\\/www.arquimaster.com.ar\\\/web\\\/una-coleccion-de-papeles-pintados-para-celebrar-los-100-anos-de-la-bauhaus\\\/\"},\"wordCount\":497,\"publisher\":{\"@id\":\"https:\\\/\\\/www.arquimaster.com.ar\\\/web\\\/#organization\"},\"image\":{\"@id\":\"https:\\\/\\\/www.arquimaster.com.ar\\\/web\\\/una-coleccion-de-papeles-pintados-para-celebrar-los-100-anos-de-la-bauhaus\\\/#primaryimage\"},\"thumbnailUrl\":\"https:\\\/\\\/www.arquimaster.com.ar\\\/web\\\/wp-content\\\/uploads\\\/2018\\\/12\\\/bauhaus_empapelado_slide.jpg\",\"keywords\":[\"Bauhaus\",\"color\",\"dise\u00f1o interior\",\"empapelado\",\"MuralsWallpaper\",\"papel pintado\"],\"articleSection\":[\"Dise\u00f1o\",\"Dise\u00f1o interior y decoracion\"],\"inLanguage\":\"es\"},{\"@type\":\"WebPage\",\"@id\":\"https:\\\/\\\/www.arquimaster.com.ar\\\/web\\\/una-coleccion-de-papeles-pintados-para-celebrar-los-100-anos-de-la-bauhaus\\\/\",\"url\":\"https:\\\/\\\/www.arquimaster.com.ar\\\/web\\\/una-coleccion-de-papeles-pintados-para-celebrar-los-100-anos-de-la-bauhaus\\\/\",\"name\":\"Una colecci\u00f3n de papeles pintados para celebrar los 100 a\u00f1os de la Bauhaus - Arquimaster\",\"isPartOf\":{\"@id\":\"https:\\\/\\\/www.arquimaster.com.ar\\\/web\\\/#website\"},\"primaryImageOfPage\":{\"@id\":\"https:\\\/\\\/www.arquimaster.com.ar\\\/web\\\/una-coleccion-de-papeles-pintados-para-celebrar-los-100-anos-de-la-bauhaus\\\/#primaryimage\"},\"image\":{\"@id\":\"https:\\\/\\\/www.arquimaster.com.ar\\\/web\\\/una-coleccion-de-papeles-pintados-para-celebrar-los-100-anos-de-la-bauhaus\\\/#primaryimage\"},\"thumbnailUrl\":\"https:\\\/\\\/www.arquimaster.com.ar\\\/web\\\/wp-content\\\/uploads\\\/2018\\\/12\\\/bauhaus_empapelado_slide.jpg\",\"datePublished\":\"2018-12-27T20:22:11+00:00\",\"dateModified\":\"2025-08-08T22:09:09+00:00\",\"breadcrumb\":{\"@id\":\"https:\\\/\\\/www.arquimaster.com.ar\\\/web\\\/una-coleccion-de-papeles-pintados-para-celebrar-los-100-anos-de-la-bauhaus\\\/#breadcrumb\"},\"inLanguage\":\"es\",\"potentialAction\":[{\"@type\":\"ReadAction\",\"target\":[\"https:\\\/\\\/www.arquimaster.com.ar\\\/web\\\/una-coleccion-de-papeles-pintados-para-celebrar-los-100-anos-de-la-bauhaus\\\/\"]}]},{\"@type\":\"ImageObject\",\"inLanguage\":\"es\",\"@id\":\"https:\\\/\\\/www.arquimaster.com.ar\\\/web\\\/una-coleccion-de-papeles-pintados-para-celebrar-los-100-anos-de-la-bauhaus\\\/#primaryimage\",\"url\":\"https:\\\/\\\/www.arquimaster.com.ar\\\/web\\\/wp-content\\\/uploads\\\/2018\\\/12\\\/bauhaus_empapelado_slide.jpg\",\"contentUrl\":\"https:\\\/\\\/www.arquimaster.com.ar\\\/web\\\/wp-content\\\/uploads\\\/2018\\\/12\\\/bauhaus_empapelado_slide.jpg\",\"width\":642,\"height\":336},{\"@type\":\"BreadcrumbList\",\"@id\":\"https:\\\/\\\/www.arquimaster.com.ar\\\/web\\\/una-coleccion-de-papeles-pintados-para-celebrar-los-100-anos-de-la-bauhaus\\\/#breadcrumb\",\"itemListElement\":[{\"@type\":\"ListItem\",\"position\":1,\"name\":\"Portada\",\"item\":\"https:\\\/\\\/www.arquimaster.com.ar\\\/web\\\/\"},{\"@type\":\"ListItem\",\"position\":2,\"name\":\"Una colecci\u00f3n de papeles pintados para celebrar los 100 a\u00f1os de la Bauhaus\"}]},{\"@type\":\"WebSite\",\"@id\":\"https:\\\/\\\/www.arquimaster.com.ar\\\/web\\\/#website\",\"url\":\"https:\\\/\\\/www.arquimaster.com.ar\\\/web\\\/\",\"name\":\"Arquimaster\",\"description\":\"Web de arquitectura, dise\u00f1o y construccion\",\"publisher\":{\"@id\":\"https:\\\/\\\/www.arquimaster.com.ar\\\/web\\\/#organization\"},\"potentialAction\":[{\"@type\":\"SearchAction\",\"target\":{\"@type\":\"EntryPoint\",\"urlTemplate\":\"https:\\\/\\\/www.arquimaster.com.ar\\\/web\\\/?s={search_term_string}\"},\"query-input\":{\"@type\":\"PropertyValueSpecification\",\"valueRequired\":true,\"valueName\":\"search_term_string\"}}],\"inLanguage\":\"es\"},{\"@type\":\"Organization\",\"@id\":\"https:\\\/\\\/www.arquimaster.com.ar\\\/web\\\/#organization\",\"name\":\"Arquimaster\",\"url\":\"https:\\\/\\\/www.arquimaster.com.ar\\\/web\\\/\",\"logo\":{\"@type\":\"ImageObject\",\"inLanguage\":\"es\",\"@id\":\"https:\\\/\\\/www.arquimaster.com.ar\\\/web\\\/#\\\/schema\\\/logo\\\/image\\\/\",\"url\":\"https:\\\/\\\/www.arquimaster.com.ar\\\/web\\\/wp-content\\\/uploads\\\/2022\\\/06\\\/arquimaster.png\",\"contentUrl\":\"https:\\\/\\\/www.arquimaster.com.ar\\\/web\\\/wp-content\\\/uploads\\\/2022\\\/06\\\/arquimaster.png\",\"width\":594,\"height\":78,\"caption\":\"Arquimaster\"},\"image\":{\"@id\":\"https:\\\/\\\/www.arquimaster.com.ar\\\/web\\\/#\\\/schema\\\/logo\\\/image\\\/\"},\"sameAs\":[\"http:\\\/\\\/www.facebook.com\\\/ARQUIMASTER.com.ar\",\"https:\\\/\\\/x.com\\\/arquimaster\",\"https:\\\/\\\/www.instagram.com\\\/arquimasterblog\\\/\",\"https:\\\/\\\/www.linkedin.com\\\/company\\\/arquimaster\",\"https:\\\/\\\/www.pinterest.com\\\/arquimaster\",\"https:\\\/\\\/t.me\\\/arquimaster\"]},{\"@type\":\"Person\",\"@id\":\"https:\\\/\\\/www.arquimaster.com.ar\\\/web\\\/#\\\/schema\\\/person\\\/359e9f7c00193fcde068e0dd2ceb0028\",\"name\":\"Arquimaster\"}]}<\/script>\n<!-- \/ Yoast SEO plugin. -->","yoast_head_json":{"title":"Una colecci\u00f3n de papeles pintados para celebrar los 100 a\u00f1os de la Bauhaus - Arquimaster","robots":{"index":"index","follow":"follow","max-snippet":"max-snippet:-1","max-image-preview":"max-image-preview:large","max-video-preview":"max-video-preview:-1"},"canonical":"https:\/\/www.arquimaster.com.ar\/web\/una-coleccion-de-papeles-pintados-para-celebrar-los-100-anos-de-la-bauhaus\/","og_locale":"es_ES","og_type":"article","og_title":"Una colecci\u00f3n de papeles pintados para celebrar los 100 a\u00f1os de la Bauhaus - Arquimaster","og_description":"Las formas y los colores t\u00edpicos del movimiento Bauhaus se transforman en papeles pintados...","og_url":"https:\/\/www.arquimaster.com.ar\/web\/una-coleccion-de-papeles-pintados-para-celebrar-los-100-anos-de-la-bauhaus\/","og_site_name":"Arquimaster","article_publisher":"http:\/\/www.facebook.com\/ARQUIMASTER.com.ar","article_published_time":"2018-12-27T20:22:11+00:00","article_modified_time":"2025-08-08T22:09:09+00:00","og_image":[{"width":642,"height":336,"url":"https:\/\/www.arquimaster.com.ar\/web\/wp-content\/uploads\/2018\/12\/bauhaus_empapelado_slide.jpg","type":"image\/jpeg"}],"author":"Arquimaster","twitter_card":"summary_large_image","twitter_creator":"@arquimaster","twitter_site":"@arquimaster","twitter_misc":{"Escrito por":"Arquimaster","Tiempo de lectura":"3 minutos"},"schema":{"@context":"https:\/\/schema.org","@graph":[{"@type":"Article","@id":"https:\/\/www.arquimaster.com.ar\/web\/una-coleccion-de-papeles-pintados-para-celebrar-los-100-anos-de-la-bauhaus\/#article","isPartOf":{"@id":"https:\/\/www.arquimaster.com.ar\/web\/una-coleccion-de-papeles-pintados-para-celebrar-los-100-anos-de-la-bauhaus\/"},"author":{"name":"Arquimaster","@id":"https:\/\/www.arquimaster.com.ar\/web\/#\/schema\/person\/359e9f7c00193fcde068e0dd2ceb0028"},"headline":"Una colecci\u00f3n de papeles pintados para celebrar los 100 a\u00f1os de la Bauhaus","datePublished":"2018-12-27T20:22:11+00:00","dateModified":"2025-08-08T22:09:09+00:00","mainEntityOfPage":{"@id":"https:\/\/www.arquimaster.com.ar\/web\/una-coleccion-de-papeles-pintados-para-celebrar-los-100-anos-de-la-bauhaus\/"},"wordCount":497,"publisher":{"@id":"https:\/\/www.arquimaster.com.ar\/web\/#organization"},"image":{"@id":"https:\/\/www.arquimaster.com.ar\/web\/una-coleccion-de-papeles-pintados-para-celebrar-los-100-anos-de-la-bauhaus\/#primaryimage"},"thumbnailUrl":"https:\/\/www.arquimaster.com.ar\/web\/wp-content\/uploads\/2018\/12\/bauhaus_empapelado_slide.jpg","keywords":["Bauhaus","color","dise\u00f1o interior","empapelado","MuralsWallpaper","papel pintado"],"articleSection":["Dise\u00f1o","Dise\u00f1o interior y decoracion"],"inLanguage":"es"},{"@type":"WebPage","@id":"https:\/\/www.arquimaster.com.ar\/web\/una-coleccion-de-papeles-pintados-para-celebrar-los-100-anos-de-la-bauhaus\/","url":"https:\/\/www.arquimaster.com.ar\/web\/una-coleccion-de-papeles-pintados-para-celebrar-los-100-anos-de-la-bauhaus\/","name":"Una colecci\u00f3n de papeles pintados para celebrar los 100 a\u00f1os de la Bauhaus - Arquimaster","isPartOf":{"@id":"https:\/\/www.arquimaster.com.ar\/web\/#website"},"primaryImageOfPage":{"@id":"https:\/\/www.arquimaster.com.ar\/web\/una-coleccion-de-papeles-pintados-para-celebrar-los-100-anos-de-la-bauhaus\/#primaryimage"},"image":{"@id":"https:\/\/www.arquimaster.com.ar\/web\/una-coleccion-de-papeles-pintados-para-celebrar-los-100-anos-de-la-bauhaus\/#primaryimage"},"thumbnailUrl":"https:\/\/www.arquimaster.com.ar\/web\/wp-content\/uploads\/2018\/12\/bauhaus_empapelado_slide.jpg","datePublished":"2018-12-27T20:22:11+00:00","dateModified":"2025-08-08T22:09:09+00:00","breadcrumb":{"@id":"https:\/\/www.arquimaster.com.ar\/web\/una-coleccion-de-papeles-pintados-para-celebrar-los-100-anos-de-la-bauhaus\/#breadcrumb"},"inLanguage":"es","potentialAction":[{"@type":"ReadAction","target":["https:\/\/www.arquimaster.com.ar\/web\/una-coleccion-de-papeles-pintados-para-celebrar-los-100-anos-de-la-bauhaus\/"]}]},{"@type":"ImageObject","inLanguage":"es","@id":"https:\/\/www.arquimaster.com.ar\/web\/una-coleccion-de-papeles-pintados-para-celebrar-los-100-anos-de-la-bauhaus\/#primaryimage","url":"https:\/\/www.arquimaster.com.ar\/web\/wp-content\/uploads\/2018\/12\/bauhaus_empapelado_slide.jpg","contentUrl":"https:\/\/www.arquimaster.com.ar\/web\/wp-content\/uploads\/2018\/12\/bauhaus_empapelado_slide.jpg","width":642,"height":336},{"@type":"BreadcrumbList","@id":"https:\/\/www.arquimaster.com.ar\/web\/una-coleccion-de-papeles-pintados-para-celebrar-los-100-anos-de-la-bauhaus\/#breadcrumb","itemListElement":[{"@type":"ListItem","position":1,"name":"Portada","item":"https:\/\/www.arquimaster.com.ar\/web\/"},{"@type":"ListItem","position":2,"name":"Una colecci\u00f3n de papeles pintados para celebrar los 100 a\u00f1os de la Bauhaus"}]},{"@type":"WebSite","@id":"https:\/\/www.arquimaster.com.ar\/web\/#website","url":"https:\/\/www.arquimaster.com.ar\/web\/","name":"Arquimaster","description":"Web de arquitectura, dise\u00f1o y construccion","publisher":{"@id":"https:\/\/www.arquimaster.com.ar\/web\/#organization"},"potentialAction":[{"@type":"SearchAction","target":{"@type":"EntryPoint","urlTemplate":"https:\/\/www.arquimaster.com.ar\/web\/?s={search_term_string}"},"query-input":{"@type":"PropertyValueSpecification","valueRequired":true,"valueName":"search_term_string"}}],"inLanguage":"es"},{"@type":"Organization","@id":"https:\/\/www.arquimaster.com.ar\/web\/#organization","name":"Arquimaster","url":"https:\/\/www.arquimaster.com.ar\/web\/","logo":{"@type":"ImageObject","inLanguage":"es","@id":"https:\/\/www.arquimaster.com.ar\/web\/#\/schema\/logo\/image\/","url":"https:\/\/www.arquimaster.com.ar\/web\/wp-content\/uploads\/2022\/06\/arquimaster.png","contentUrl":"https:\/\/www.arquimaster.com.ar\/web\/wp-content\/uploads\/2022\/06\/arquimaster.png","width":594,"height":78,"caption":"Arquimaster"},"image":{"@id":"https:\/\/www.arquimaster.com.ar\/web\/#\/schema\/logo\/image\/"},"sameAs":["http:\/\/www.facebook.com\/ARQUIMASTER.com.ar","https:\/\/x.com\/arquimaster","https:\/\/www.instagram.com\/arquimasterblog\/","https:\/\/www.linkedin.com\/company\/arquimaster","https:\/\/www.pinterest.com\/arquimaster","https:\/\/t.me\/arquimaster"]},{"@type":"Person","@id":"https:\/\/www.arquimaster.com.ar\/web\/#\/schema\/person\/359e9f7c00193fcde068e0dd2ceb0028","name":"Arquimaster"}]}},"uagb_featured_image_src":{"full":["https:\/\/www.arquimaster.com.ar\/web\/wp-content\/uploads\/2018\/12\/bauhaus_empapelado_slide.jpg",642,336,false],"thumbnail":["https:\/\/www.arquimaster.com.ar\/web\/wp-content\/uploads\/2018\/12\/bauhaus_empapelado_slide-150x150.jpg",150,150,true],"medium":["https:\/\/www.arquimaster.com.ar\/web\/wp-content\/uploads\/2018\/12\/bauhaus_empapelado_slide.jpg",642,336,false],"medium_large":["https:\/\/www.arquimaster.com.ar\/web\/wp-content\/uploads\/2018\/12\/bauhaus_empapelado_slide.jpg",642,336,false],"large":["https:\/\/www.arquimaster.com.ar\/web\/wp-content\/uploads\/2018\/12\/bauhaus_empapelado_slide.jpg",642,336,false],"1536x1536":["https:\/\/www.arquimaster.com.ar\/web\/wp-content\/uploads\/2018\/12\/bauhaus_empapelado_slide.jpg",642,336,false],"2048x2048":["https:\/\/www.arquimaster.com.ar\/web\/wp-content\/uploads\/2018\/12\/bauhaus_empapelado_slide.jpg",642,336,false]},"uagb_author_info":{"display_name":"Arquimaster","author_link":"https:\/\/www.arquimaster.com.ar\/web\/author\/arquimaster\/"},"uagb_comment_info":0,"uagb_excerpt":"Las formas y los colores t\u00edpicos del movimiento Bauhaus se transforman en papeles pintados...","_links":{"self":[{"href":"https:\/\/www.arquimaster.com.ar\/web\/wp-json\/wp\/v2\/posts\/34815","targetHints":{"allow":["GET"]}}],"collection":[{"href":"https:\/\/www.arquimaster.com.ar\/web\/wp-json\/wp\/v2\/posts"}],"about":[{"href":"https:\/\/www.arquimaster.com.ar\/web\/wp-json\/wp\/v2\/types\/post"}],"author":[{"embeddable":true,"href":"https:\/\/www.arquimaster.com.ar\/web\/wp-json\/wp\/v2\/users\/1"}],"replies":[{"embeddable":true,"href":"https:\/\/www.arquimaster.com.ar\/web\/wp-json\/wp\/v2\/comments?post=34815"}],"version-history":[{"count":1,"href":"https:\/\/www.arquimaster.com.ar\/web\/wp-json\/wp\/v2\/posts\/34815\/revisions"}],"predecessor-version":[{"id":85687,"href":"https:\/\/www.arquimaster.com.ar\/web\/wp-json\/wp\/v2\/posts\/34815\/revisions\/85687"}],"wp:featuredmedia":[{"embeddable":true,"href":"https:\/\/www.arquimaster.com.ar\/web\/wp-json\/wp\/v2\/media\/34817"}],"wp:attachment":[{"href":"https:\/\/www.arquimaster.com.ar\/web\/wp-json\/wp\/v2\/media?parent=34815"}],"wp:term":[{"taxonomy":"category","embeddable":true,"href":"https:\/\/www.arquimaster.com.ar\/web\/wp-json\/wp\/v2\/categories?post=34815"},{"taxonomy":"post_tag","embeddable":true,"href":"https:\/\/www.arquimaster.com.ar\/web\/wp-json\/wp\/v2\/tags?post=34815"}],"curies":[{"name":"wp","href":"https:\/\/api.w.org\/{rel}","templated":true}]}}