{"id":34915,"date":"2018-10-15T02:02:48","date_gmt":"2018-10-15T02:02:48","guid":{"rendered":"http:\/\/www.arquimaster.com.ar\/web\/?p=34915"},"modified":"2025-08-11T19:35:36","modified_gmt":"2025-08-11T22:35:36","slug":"el-futuro-del-trabajo-fue-el-tema-convocante-de-worktech-buenos-aires-2018","status":"publish","type":"post","link":"https:\/\/www.arquimaster.com.ar\/web\/el-futuro-del-trabajo-fue-el-tema-convocante-de-worktech-buenos-aires-2018\/","title":{"rendered":"El futuro del trabajo fue el tema convocante de Worktech Buenos Aires 2018"},"content":{"rendered":"<div style=\"margin-top: 0px; margin-bottom: 0px;\" class=\"sharethis-inline-share-buttons\" ><\/div><div class=\"b812932af2e751442846f039925109de\" data-index=\"1\" style=\"float: none; margin:25px 0 25px 0; text-align:center;\">\n<script async src=\"https:\/\/pagead2.googlesyndication.com\/pagead\/js\/adsbygoogle.js\"><\/script>\r\n<!-- Arquimaster (superior) -->\r\n<ins class=\"adsbygoogle\"\r\n     style=\"display:block\"\r\n     data-ad-client=\"ca-pub-6351072698456832\"\r\n     data-ad-slot=\"6455489680\"\r\n     data-ad-format=\"auto\"\r\n     data-full-width-responsive=\"true\"><\/ins>\r\n<script>\r\n     (adsbygoogle = window.adsbygoogle || []).push({});\r\n<\/script>\n<\/div>\n<p><em><strong>La conferencia internacional presentada en la regi\u00f3n por Contract Workplaces se realiz\u00f3 en la Sociedad Central de Arquitectos. La sinergia entre el espacio, la tecnolog\u00eda y las personas, como clave para pensar las nuevas formas de trabajo, fue la protagonista de las charlas que abarcaron las tendencias sobre este tema a nivel global.<\/strong><\/em><\/p>\n<p><strong>Worktech LATAM<\/strong> desembarc\u00f3 nuevamente este a\u00f1o en <strong>Buenos Aires<\/strong> de la mano de <strong>Contract Workplaces<\/strong>, la empresa l\u00edder en dise\u00f1o y construcci\u00f3n de espacios de trabajo de alta performance. En este \u00e1mbito, se puso en discusi\u00f3n c\u00f3mo ser\u00e1n las nuevas formas de trabajar y c\u00f3mo estas se ver\u00e1n reflejadas en los espacios, en la tecnolog\u00eda, en el managment, la educaci\u00f3n y los recursos humanos.<\/p>\n<p>La conferencia, que cont\u00f3 con expositores de primer nivel provenientes de distintos puntos del mundo, se realiz\u00f3 el martes 18 de septiembre de 2018 en la emblem\u00e1tica Sociedad Central de Arquitectos donde alrededor de 250 asistentes reflexionaron sobre las diversas aristas de esta tem\u00e1tica en un entorno propicio para el networking.<\/p>\n<p>Las presentaciones estuvieron a cargo de profesionales de diversas \u00e1reas que abordaron desde diferentes disciplinas y puntos de vista los cambios que se esperan en el \u00e1mbito laboral y ofrecieron a los presentes un mapa sumamente heterog\u00e9neo de c\u00f3mo aplicar la innovaci\u00f3n, la tecnolog\u00eda y el trabajo en equipo a lo que cada organizaci\u00f3n necesita.<\/p>\n<div id='gallery-1' class='gallery galleryid-34915 gallery-columns-3 gallery-size-thumbnail'><figure class='gallery-item'>\n\t\t\t<div class='gallery-icon landscape'>\n\t\t\t\t<a href='https:\/\/www.arquimaster.com.ar\/web\/wp-content\/uploads\/2018\/10\/worktech_buenos_aires1.jpg' title=\"El futuro del trabajo fue el tema convocante de Worktech Buenos Aires 2018\" data-rl_title=\"El futuro del trabajo fue el tema convocante de Worktech Buenos Aires 2018\" class=\"rl-gallery-link\" data-rl_caption=\"El futuro del trabajo fue el tema convocante de Worktech Buenos Aires 2018\" data-rel=\"lightbox-gallery-1\"><img loading=\"lazy\" decoding=\"async\" width=\"150\" height=\"150\" src=\"https:\/\/www.arquimaster.com.ar\/web\/wp-content\/uploads\/2018\/10\/worktech_buenos_aires1-150x150.jpg\" class=\"attachment-thumbnail size-thumbnail\" alt=\"\" aria-describedby=\"gallery-1-34918\" srcset=\"https:\/\/www.arquimaster.com.ar\/web\/wp-content\/uploads\/2018\/10\/worktech_buenos_aires1-150x150.jpg 150w, https:\/\/www.arquimaster.com.ar\/web\/wp-content\/uploads\/2018\/10\/worktech_buenos_aires1-50x50.jpg 50w, https:\/\/www.arquimaster.com.ar\/web\/wp-content\/uploads\/2018\/10\/worktech_buenos_aires1-125x125.jpg 125w\" sizes=\"auto, (max-width: 150px) 100vw, 150px\" \/><\/a>\n\t\t\t<\/div>\n\t\t\t\t<figcaption class='wp-caption-text gallery-caption' id='gallery-1-34918'>\n\t\t\t\tEl futuro del trabajo fue el tema convocante de Worktech Buenos Aires 2018\n\t\t\t\t<\/figcaption><\/figure><figure class='gallery-item'>\n\t\t\t<div class='gallery-icon landscape'>\n\t\t\t\t<a href='https:\/\/www.arquimaster.com.ar\/web\/wp-content\/uploads\/2018\/10\/worktech_buenos_aires2.jpg' title=\"El futuro del trabajo fue el tema convocante de Worktech Buenos Aires 2018\" data-rl_title=\"El futuro del trabajo fue el tema convocante de Worktech Buenos Aires 2018\" class=\"rl-gallery-link\" data-rl_caption=\"El futuro del trabajo fue el tema convocante de Worktech Buenos Aires 2018\" data-rel=\"lightbox-gallery-1\"><img loading=\"lazy\" decoding=\"async\" width=\"150\" height=\"150\" src=\"https:\/\/www.arquimaster.com.ar\/web\/wp-content\/uploads\/2018\/10\/worktech_buenos_aires2-150x150.jpg\" class=\"attachment-thumbnail size-thumbnail\" alt=\"\" aria-describedby=\"gallery-1-34919\" srcset=\"https:\/\/www.arquimaster.com.ar\/web\/wp-content\/uploads\/2018\/10\/worktech_buenos_aires2-150x150.jpg 150w, https:\/\/www.arquimaster.com.ar\/web\/wp-content\/uploads\/2018\/10\/worktech_buenos_aires2-50x50.jpg 50w, https:\/\/www.arquimaster.com.ar\/web\/wp-content\/uploads\/2018\/10\/worktech_buenos_aires2-125x125.jpg 125w\" sizes=\"auto, (max-width: 150px) 100vw, 150px\" \/><\/a>\n\t\t\t<\/div>\n\t\t\t\t<figcaption class='wp-caption-text gallery-caption' id='gallery-1-34919'>\n\t\t\t\tEl futuro del trabajo fue el tema convocante de Worktech Buenos Aires 2018\n\t\t\t\t<\/figcaption><\/figure><figure class='gallery-item'>\n\t\t\t<div class='gallery-icon landscape'>\n\t\t\t\t<a href='https:\/\/www.arquimaster.com.ar\/web\/wp-content\/uploads\/2018\/10\/worktech_buenos_aires3.jpg' title=\"El futuro del trabajo fue el tema convocante de Worktech Buenos Aires 2018\" data-rl_title=\"El futuro del trabajo fue el tema convocante de Worktech Buenos Aires 2018\" class=\"rl-gallery-link\" data-rl_caption=\"El futuro del trabajo fue el tema convocante de Worktech Buenos Aires 2018\" data-rel=\"lightbox-gallery-1\"><img loading=\"lazy\" decoding=\"async\" width=\"150\" height=\"150\" src=\"https:\/\/www.arquimaster.com.ar\/web\/wp-content\/uploads\/2018\/10\/worktech_buenos_aires3-150x150.jpg\" class=\"attachment-thumbnail size-thumbnail\" alt=\"\" aria-describedby=\"gallery-1-34920\" srcset=\"https:\/\/www.arquimaster.com.ar\/web\/wp-content\/uploads\/2018\/10\/worktech_buenos_aires3-150x150.jpg 150w, https:\/\/www.arquimaster.com.ar\/web\/wp-content\/uploads\/2018\/10\/worktech_buenos_aires3-50x50.jpg 50w, https:\/\/www.arquimaster.com.ar\/web\/wp-content\/uploads\/2018\/10\/worktech_buenos_aires3-125x125.jpg 125w\" sizes=\"auto, (max-width: 150px) 100vw, 150px\" \/><\/a>\n\t\t\t<\/div>\n\t\t\t\t<figcaption class='wp-caption-text gallery-caption' id='gallery-1-34920'>\n\t\t\t\tEl futuro del trabajo fue el tema convocante de Worktech Buenos Aires 2018\n\t\t\t\t<\/figcaption><\/figure><figure class='gallery-item'>\n\t\t\t<div class='gallery-icon landscape'>\n\t\t\t\t<a href='https:\/\/www.arquimaster.com.ar\/web\/wp-content\/uploads\/2018\/10\/worktech_buenos_aires4.jpg' title=\"El futuro del trabajo fue el tema convocante de Worktech Buenos Aires 2018\" data-rl_title=\"El futuro del trabajo fue el tema convocante de Worktech Buenos Aires 2018\" class=\"rl-gallery-link\" data-rl_caption=\"El futuro del trabajo fue el tema convocante de Worktech Buenos Aires 2018\" data-rel=\"lightbox-gallery-1\"><img loading=\"lazy\" decoding=\"async\" width=\"150\" height=\"150\" src=\"https:\/\/www.arquimaster.com.ar\/web\/wp-content\/uploads\/2018\/10\/worktech_buenos_aires4-150x150.jpg\" class=\"attachment-thumbnail size-thumbnail\" alt=\"\" aria-describedby=\"gallery-1-34921\" srcset=\"https:\/\/www.arquimaster.com.ar\/web\/wp-content\/uploads\/2018\/10\/worktech_buenos_aires4-150x150.jpg 150w, https:\/\/www.arquimaster.com.ar\/web\/wp-content\/uploads\/2018\/10\/worktech_buenos_aires4-50x50.jpg 50w, https:\/\/www.arquimaster.com.ar\/web\/wp-content\/uploads\/2018\/10\/worktech_buenos_aires4-125x125.jpg 125w\" sizes=\"auto, (max-width: 150px) 100vw, 150px\" \/><\/a>\n\t\t\t<\/div>\n\t\t\t\t<figcaption class='wp-caption-text gallery-caption' id='gallery-1-34921'>\n\t\t\t\tEl futuro del trabajo fue el tema convocante de Worktech Buenos Aires 2018\n\t\t\t\t<\/figcaption><\/figure><figure class='gallery-item'>\n\t\t\t<div class='gallery-icon landscape'>\n\t\t\t\t<a href='https:\/\/www.arquimaster.com.ar\/web\/wp-content\/uploads\/2018\/10\/worktech_buenos_aires5.jpg' title=\"El futuro del trabajo fue el tema convocante de Worktech Buenos Aires 2018\" data-rl_title=\"El futuro del trabajo fue el tema convocante de Worktech Buenos Aires 2018\" class=\"rl-gallery-link\" data-rl_caption=\"El futuro del trabajo fue el tema convocante de Worktech Buenos Aires 2018\" data-rel=\"lightbox-gallery-1\"><img loading=\"lazy\" decoding=\"async\" width=\"150\" height=\"150\" src=\"https:\/\/www.arquimaster.com.ar\/web\/wp-content\/uploads\/2018\/10\/worktech_buenos_aires5-150x150.jpg\" class=\"attachment-thumbnail size-thumbnail\" alt=\"\" aria-describedby=\"gallery-1-34922\" srcset=\"https:\/\/www.arquimaster.com.ar\/web\/wp-content\/uploads\/2018\/10\/worktech_buenos_aires5-150x150.jpg 150w, https:\/\/www.arquimaster.com.ar\/web\/wp-content\/uploads\/2018\/10\/worktech_buenos_aires5-50x50.jpg 50w, https:\/\/www.arquimaster.com.ar\/web\/wp-content\/uploads\/2018\/10\/worktech_buenos_aires5-125x125.jpg 125w\" sizes=\"auto, (max-width: 150px) 100vw, 150px\" \/><\/a>\n\t\t\t<\/div>\n\t\t\t\t<figcaption class='wp-caption-text gallery-caption' id='gallery-1-34922'>\n\t\t\t\tEl futuro del trabajo fue el tema convocante de Worktech Buenos Aires 2018\n\t\t\t\t<\/figcaption><\/figure>\n\t\t<\/div>\n\n<p>Por su parte, el fundador y CEO de Contract Workplaces, <strong>V\u00edctor Feingold<\/strong>, como responsable de la organizaci\u00f3n de Worktech LATAM, indic\u00f3 que <em>\u00abcada vez m\u00e1s la transformaci\u00f3n que est\u00e1 sufriendo el mundo del trabajo nos requiere estar m\u00e1s actualizados, por lo tanto, traer eventos como Worktech nos permite compartir no s\u00f3lo con nuestro equipo sino con el mercado, las tendencias y los drivers que est\u00e1n gatillando todos los cambios que est\u00e1n impactando en el d\u00eda a d\u00eda y que vienen muy acelerados. C\u00f3mo hacer para adaptarnos a este cambio positivamente y no perecer en el camino, c\u00f3mo las organizaciones deben entender la disrupci\u00f3n de la tecnolog\u00eda cuando llegan nuevas generaciones al mundo del trabajo, c\u00f3mo manejarse, son interrogantes que nosotros tratamos de responder desde nuestro lugar y que, en definitiva, tiene mucho m\u00e1s que ver con gente y comportamientos que con dise\u00f1o y arquitectura. Es de lo que se alimentan nuestros proyectos, es lo que esperamos de la gente, lo que queremos que suceda en los espacios laborales y c\u00f3mo facilitamos que las cosas pasen dentro de las oficinas. Eso excede el tema de lo est\u00e9tico o lo funcional. Ah\u00ed est\u00e1 el aporte que podemos hacer desde Contract Workplaces\u00bb<\/em>.<\/p>\n<p>El holand\u00e9s<strong> Louis Lhoest<\/strong>, Managing Partner Veldhoen + Company International, fue quien abri\u00f3 el evento con su conferencia <strong>\u00abEquipos \u00e1giles con nuevas forma de trabajo\u00bb<\/strong>, y realiz\u00f3 un acercamiento hol\u00edstico a la vida laboral en el siglo XXI, explicando la transici\u00f3n de una modalidad anal\u00f3gica determinada por el espacio y las jerarqu\u00edas a un formato de trabajo flexible con espacios abiertos y salas compartidas.<\/p>\n<p>Seg\u00fan el experto, las Nuevas Formas de Trabajo (trabajo flexible, smart working, activity based working, hoteling, entre otras) buscan que las personas desplieguen todo su potencial al mismo tiempo que permiten a las organizaciones ser m\u00e1s eficientes y sustentables.<\/p>\n<p><strong>Eduardo Oppenheimer<\/strong>, Expansion Manager de Globant, habl\u00f3 de <strong>\u00abFuture Workplace: Un ejemplo en desarrollo\u00bb<\/strong>. Basado de la experiencia modelo que abarca el dise\u00f1o y construcci\u00f3n de un edificio de la firma Globant en Tandil, Provincia de Buenos Aires, Oppenheimer hizo hincapi\u00e9 sobre la importancia de la interacci\u00f3n del equipo en los espacios de trabajo y la comodidades que es necesario brindar para que todas las personas puedan trabajar en distintos ambientes y contextos, ya sean formales, relajados, recreativos o tecnol\u00f3gicos. Plante\u00f3 que ante el avance de la inteligencia artificial, el espacio de trabajo necesita que el individuo pueda expresar libremente su creatividad para marcar la diferencia.<\/p>\n<p>La exposici\u00f3n de <strong>Santiago Fern\u00e1ndez Escobar<\/strong>, Fundador y Ceo de Acros Training, empresa de Capacitaci\u00f3n y Consultor\u00eda en Management y RRHH, fue <strong>\u00ab\u00bfC\u00f3mo construir una Cultura de Alto Rendimiento en la Empresa?\u00bb<\/strong> y se centr\u00f3 en las ventajas de aprender a confiar y el gran poder de la vulnerabilidad como base en la construcci\u00f3n de confianza dentro de los equipos laborales. Tambi\u00e9n habl\u00f3 sobre la importancia del reconocimiento del equipo, el impulso del personal en base a los talentos y su fortalecimiento a trav\u00e9s de la disciplina y el acompa\u00f1amiento de los l\u00edderes.<\/p>\n<p>La responsable de programas acad\u00e9micos de Microsoft LATAM y profesora directiva e investigadora en UBA, <strong>Mariana Maggio<\/strong>, puso el foco en \u00ab<strong>Las pr\u00e1cticas de la ense\u00f1anza redise\u00f1adas en escenarios contempor\u00e1neos\u00bb<\/strong>. Maggio expuso sobre c\u00f3mo se est\u00e1n modificando los modos en los que se construye el conocimiento y tambi\u00e9n los sujetos que educamos. Tambi\u00e9n hizo hincapi\u00e9 en c\u00f3mo las din\u00e1micas educativas y c\u00f3mo deben adaptarse a un nuevo escenario en constante movimiento, tambi\u00e9n se refiri\u00f3 a lo importante que es el dise\u00f1o del espacio para atraer a los alumnos a que se sientan a gusto e identificados con la comunidad escolar. Por otra parte, habl\u00f3 sobre la reconstrucci\u00f3n del marco institucional y pedag\u00f3gico con el que se analizan las organizaciones educativas y qu\u00e9 cuestiones se deben tomar en cuenta seg\u00fan la experiencia y las necesidades actuales.<\/p>\n<p>El <strong>Arq. V\u00edctor Feingold<\/strong>, Fundador y Ceo Contract Workplaces, enfoc\u00f3 su conferencia en la importancia de la <strong>\u00abNeuroarquitectura: El di\u00e1logo entre la mente y el espacio\u00bb<\/strong> y explic\u00f3 c\u00f3mo el entorno construido puede influir en la conducta humana y hasta modificar las conexiones del cerebro. Feingold puntualiz\u00f3 que al dise\u00f1ar un espacio de trabajo, lo que se busca es que cada persona saque lo mejor de s\u00ed, por lo que resulta fundamental entender al usuario, saber qu\u00e9 tipo de espacio necesita y estimular su creatividad a partir de un entorno acorde.<\/p>\n<p>En este sentido, Feingold asegur\u00f3 que comprender c\u00f3mo funciona el cerebro humano en la percepci\u00f3n y su navegaci\u00f3n por el espacio permite incluir estrategias de dise\u00f1o que van m\u00e1s all\u00e1 de las necesidades de funcionalidad, confort y rentabilidad.<\/p>\n<p>El enfoque tecnol\u00f3gico lleg\u00f3 de la mano del chileno <strong>Mat\u00edas Romo<\/strong>, CEO de ST GO LAB Inc. quien en su exposici\u00f3n <strong>\u00abC\u00f3mo los smart contracts, la inteligencia artificial y el machine learning moldear\u00e1n el futuro de los espacios de trabajo\u00bb<\/strong> desarroll\u00f3 ejemplos claros de c\u00f3mo las diversas plataformas tecnol\u00f3gicas se ver\u00e1n cada vez m\u00e1s involucradas en el d\u00eda a d\u00eda del trabajo y facilitar\u00e1n todo tipo de tarea. Seg\u00fan el experto, los dispositivos se conectar\u00e1n cada vez m\u00e1s entre s\u00ed para lograr una sinergia adecuada en funci\u00f3n de la optimizaci\u00f3n del tiempo y los esfuerzos. Frente al cuestionamiento que se plantea si el humano ser\u00e1 reemplazado en alg\u00fan momento por las m\u00e1quinas, Romo afirm\u00f3 que si bien las computadoras realizar\u00e1n tareas que hoy realizan los humanos, ambos se seguir\u00e1n complementando para generar soluciones tecnol\u00f3gicas cada vez m\u00e1s a medida de las particularidades.<\/p>\n<p>A su turno, <strong>Philip Ross<\/strong>, Fundador de UnGroup y Ceo de Unwired y creador de las conferencias Worktech, incorpor\u00f3 al debate el concepto de <strong>\u00abCo-Fusion\u00bb<\/strong>, e hizo especial hincapi\u00e9 en la relevancia de que la tecnolog\u00eda y el espacio se conviertan en un escenario productivo para que las personas puedan desarrollarse correctamente. Asimismo, brind\u00f3 nuevas visiones en relaci\u00f3n a estos factores que conformar\u00e1n el nuevo mundo del trabajo.<\/p>\n<p>Se refiri\u00f3 al auge de los espacio de co-working y su atractivo entre los profesionales de diferentes disciplinas, c\u00f3mo se presentan en diferentes formatos pero siempre tomando las comodidades del espacio y la heterogeneidad del grupo como ejes diferenciales. En base a este fen\u00f3meno, se refiri\u00f3 a la importancia del dise\u00f1o corporativo que debe ofrecer soluciones a diferentes tipos de profesionales a fin de que encuentren all\u00ed un espacio de creatividad, concentraci\u00f3n y reuni\u00f3n para desarrollar sus tareas, as\u00ed como generar entornos agradables que se integren a la vida laboral, en incluso, personal y rompan con la idea de la oficina como espacio estanco.<\/p>\n<p>Al finalizar el evento, Ross, asegur\u00f3 <em>\u00abque la idea detr\u00e1s de Worktech es pensar a la tecnolog\u00eda, a las personas y al lugar como un conjunto, ya que de eso se trata el futuro del trabajo\u00bb<\/em>. Asimismo, destac\u00f3 el inter\u00e9s que se demostr\u00f3 en Buenos Aires por esta tem\u00e1tica, con un evento a sala llena y un mix de ideas y profesionales apasionados.<\/p>\n<p><strong>Worktech Latinoam\u00e9rica<\/strong> se realiz\u00f3 en Montevideo, Uruguay, el pasado 13 de septiembre y se presentar\u00e1 pr\u00f3ximamente el 25 de octubre en Santiago de Chile en el Centro de Conferencias SOFOFA y el 31 de octubre en la Universidad de Las Am\u00e9ricas de Quito, Ecuador.<\/p>\n<p><strong>Acerca de Contract Workplaces<\/strong><br \/>\nContract Workplaces es la empresa regional l\u00edder en conceptualizaci\u00f3n, dise\u00f1o y construcci\u00f3n de espacios de trabajo. Sus servicios integrales incluyen la consultor\u00eda en workplace strategy, dise\u00f1o, proyecto arquitect\u00f3nico, construcci\u00f3n, tecnolog\u00eda, log\u00edstica de mudanza, change management y servicios de post ocupaci\u00f3n. Desde hace m\u00e1s de veinte a\u00f1os, la compa\u00f1\u00eda desarrolla oficinas de alta performance adaptadas a las necesidades de cada organizaci\u00f3n y alineadas con las \u00faltimas tendencias mundiales en arquitectura corporativa. Cuenta con actividades en Argentina, Chile, Uruguay, Per\u00fa, M\u00e9xico, Ecuador, Colombia, Paraguay, Brasil y Bolivia, un equipo de m\u00e1s de 300 profesionales altamente especializados y supera el mill\u00f3n de metros cuadrados construidos en la regi\u00f3n.<\/p>\n\n<div style=\"font-size: 0px; height: 0px; line-height: 0px; margin: 0; padding: 0; clear: both;\"><\/div><div style=\"margin-top: 0px; margin-bottom: 0px;\" class=\"sharethis-inline-share-buttons\" ><\/div>","protected":false},"excerpt":{"rendered":"<p>Neuroarquitectura, las nuevas formas de trabajo, future workplace, smart contracts y m\u00e1s&#8230;<\/p>\n","protected":false},"author":1,"featured_media":34917,"comment_status":"closed","ping_status":"closed","sticky":false,"template":"","format":"standard","meta":{"_uag_custom_page_level_css":"","footnotes":""},"categories":[70,68],"tags":[527,2673,1294,1293,255,2592,1292,2876,5068],"class_list":["post-34915","post","type-post","status-publish","format-standard","has-post-thumbnail","hentry","category-noticias-arquitectura","category-novedades","tag-contract","tag-contract-workplaces","tag-diseno-de-oficinas","tag-espacios-de-trabajo","tag-oficinas","tag-oficinas-sustentables","tag-workplaces","tag-worktech","tag-worktech-buenos-aires","generate-columns","tablet-grid-50","mobile-grid-100","grid-parent","grid-50"],"yoast_head":"<!-- This site is optimized with the Yoast SEO plugin v27.3 - https:\/\/yoast.com\/product\/yoast-seo-wordpress\/ -->\n<title>El futuro del trabajo fue el tema convocante de Worktech Buenos Aires 2018 - Arquimaster<\/title>\n<meta name=\"robots\" content=\"index, follow, max-snippet:-1, max-image-preview:large, max-video-preview:-1\" \/>\n<link rel=\"canonical\" href=\"https:\/\/www.arquimaster.com.ar\/web\/el-futuro-del-trabajo-fue-el-tema-convocante-de-worktech-buenos-aires-2018\/\" \/>\n<meta property=\"og:locale\" content=\"es_ES\" \/>\n<meta property=\"og:type\" content=\"article\" \/>\n<meta property=\"og:title\" content=\"El futuro del trabajo fue el tema convocante de Worktech Buenos Aires 2018 - Arquimaster\" \/>\n<meta property=\"og:description\" content=\"Neuroarquitectura, las nuevas formas de trabajo, future workplace, smart contracts y m\u00e1s...\" \/>\n<meta property=\"og:url\" content=\"https:\/\/www.arquimaster.com.ar\/web\/el-futuro-del-trabajo-fue-el-tema-convocante-de-worktech-buenos-aires-2018\/\" \/>\n<meta property=\"og:site_name\" content=\"Arquimaster\" \/>\n<meta property=\"article:publisher\" content=\"http:\/\/www.facebook.com\/ARQUIMASTER.com.ar\" \/>\n<meta property=\"article:published_time\" content=\"2018-10-15T02:02:48+00:00\" \/>\n<meta property=\"article:modified_time\" content=\"2025-08-11T22:35:36+00:00\" \/>\n<meta property=\"og:image\" content=\"https:\/\/www.arquimaster.com.ar\/web\/wp-content\/uploads\/2018\/10\/worktech_buenos_aires_slide.jpg\" \/>\n\t<meta property=\"og:image:width\" content=\"642\" \/>\n\t<meta property=\"og:image:height\" content=\"336\" \/>\n\t<meta property=\"og:image:type\" content=\"image\/jpeg\" \/>\n<meta name=\"author\" content=\"Arquimaster\" \/>\n<meta name=\"twitter:card\" content=\"summary_large_image\" \/>\n<meta name=\"twitter:creator\" content=\"@arquimaster\" \/>\n<meta name=\"twitter:site\" content=\"@arquimaster\" \/>\n<meta name=\"twitter:label1\" content=\"Escrito por\" \/>\n\t<meta name=\"twitter:data1\" content=\"Arquimaster\" \/>\n\t<meta name=\"twitter:label2\" content=\"Tiempo de lectura\" \/>\n\t<meta name=\"twitter:data2\" content=\"8 minutos\" \/>\n<script type=\"application\/ld+json\" class=\"yoast-schema-graph\">{\"@context\":\"https:\\\/\\\/schema.org\",\"@graph\":[{\"@type\":\"Article\",\"@id\":\"https:\\\/\\\/www.arquimaster.com.ar\\\/web\\\/el-futuro-del-trabajo-fue-el-tema-convocante-de-worktech-buenos-aires-2018\\\/#article\",\"isPartOf\":{\"@id\":\"https:\\\/\\\/www.arquimaster.com.ar\\\/web\\\/el-futuro-del-trabajo-fue-el-tema-convocante-de-worktech-buenos-aires-2018\\\/\"},\"author\":{\"name\":\"Arquimaster\",\"@id\":\"https:\\\/\\\/www.arquimaster.com.ar\\\/web\\\/#\\\/schema\\\/person\\\/359e9f7c00193fcde068e0dd2ceb0028\"},\"headline\":\"El futuro del trabajo fue el tema convocante de Worktech Buenos Aires 2018\",\"datePublished\":\"2018-10-15T02:02:48+00:00\",\"dateModified\":\"2025-08-11T22:35:36+00:00\",\"mainEntityOfPage\":{\"@id\":\"https:\\\/\\\/www.arquimaster.com.ar\\\/web\\\/el-futuro-del-trabajo-fue-el-tema-convocante-de-worktech-buenos-aires-2018\\\/\"},\"wordCount\":1669,\"publisher\":{\"@id\":\"https:\\\/\\\/www.arquimaster.com.ar\\\/web\\\/#organization\"},\"image\":{\"@id\":\"https:\\\/\\\/www.arquimaster.com.ar\\\/web\\\/el-futuro-del-trabajo-fue-el-tema-convocante-de-worktech-buenos-aires-2018\\\/#primaryimage\"},\"thumbnailUrl\":\"https:\\\/\\\/www.arquimaster.com.ar\\\/web\\\/wp-content\\\/uploads\\\/2018\\\/10\\\/worktech_buenos_aires_slide.jpg\",\"keywords\":[\"Contract\",\"Contract Workplaces\",\"dise\u00f1o de oficinas\",\"espacios de trabajo\",\"oficinas\",\"oficinas sustentables\",\"workplaces\",\"Worktech\",\"Worktech Buenos Aires\"],\"articleSection\":[\"Noticias de arquitectura y dise\u00f1o\",\"Novedades\"],\"inLanguage\":\"es\"},{\"@type\":\"WebPage\",\"@id\":\"https:\\\/\\\/www.arquimaster.com.ar\\\/web\\\/el-futuro-del-trabajo-fue-el-tema-convocante-de-worktech-buenos-aires-2018\\\/\",\"url\":\"https:\\\/\\\/www.arquimaster.com.ar\\\/web\\\/el-futuro-del-trabajo-fue-el-tema-convocante-de-worktech-buenos-aires-2018\\\/\",\"name\":\"El futuro del trabajo fue el tema convocante de Worktech Buenos Aires 2018 - Arquimaster\",\"isPartOf\":{\"@id\":\"https:\\\/\\\/www.arquimaster.com.ar\\\/web\\\/#website\"},\"primaryImageOfPage\":{\"@id\":\"https:\\\/\\\/www.arquimaster.com.ar\\\/web\\\/el-futuro-del-trabajo-fue-el-tema-convocante-de-worktech-buenos-aires-2018\\\/#primaryimage\"},\"image\":{\"@id\":\"https:\\\/\\\/www.arquimaster.com.ar\\\/web\\\/el-futuro-del-trabajo-fue-el-tema-convocante-de-worktech-buenos-aires-2018\\\/#primaryimage\"},\"thumbnailUrl\":\"https:\\\/\\\/www.arquimaster.com.ar\\\/web\\\/wp-content\\\/uploads\\\/2018\\\/10\\\/worktech_buenos_aires_slide.jpg\",\"datePublished\":\"2018-10-15T02:02:48+00:00\",\"dateModified\":\"2025-08-11T22:35:36+00:00\",\"breadcrumb\":{\"@id\":\"https:\\\/\\\/www.arquimaster.com.ar\\\/web\\\/el-futuro-del-trabajo-fue-el-tema-convocante-de-worktech-buenos-aires-2018\\\/#breadcrumb\"},\"inLanguage\":\"es\",\"potentialAction\":[{\"@type\":\"ReadAction\",\"target\":[\"https:\\\/\\\/www.arquimaster.com.ar\\\/web\\\/el-futuro-del-trabajo-fue-el-tema-convocante-de-worktech-buenos-aires-2018\\\/\"]}]},{\"@type\":\"ImageObject\",\"inLanguage\":\"es\",\"@id\":\"https:\\\/\\\/www.arquimaster.com.ar\\\/web\\\/el-futuro-del-trabajo-fue-el-tema-convocante-de-worktech-buenos-aires-2018\\\/#primaryimage\",\"url\":\"https:\\\/\\\/www.arquimaster.com.ar\\\/web\\\/wp-content\\\/uploads\\\/2018\\\/10\\\/worktech_buenos_aires_slide.jpg\",\"contentUrl\":\"https:\\\/\\\/www.arquimaster.com.ar\\\/web\\\/wp-content\\\/uploads\\\/2018\\\/10\\\/worktech_buenos_aires_slide.jpg\",\"width\":642,\"height\":336},{\"@type\":\"BreadcrumbList\",\"@id\":\"https:\\\/\\\/www.arquimaster.com.ar\\\/web\\\/el-futuro-del-trabajo-fue-el-tema-convocante-de-worktech-buenos-aires-2018\\\/#breadcrumb\",\"itemListElement\":[{\"@type\":\"ListItem\",\"position\":1,\"name\":\"Portada\",\"item\":\"https:\\\/\\\/www.arquimaster.com.ar\\\/web\\\/\"},{\"@type\":\"ListItem\",\"position\":2,\"name\":\"El futuro del trabajo fue el tema convocante de Worktech Buenos Aires 2018\"}]},{\"@type\":\"WebSite\",\"@id\":\"https:\\\/\\\/www.arquimaster.com.ar\\\/web\\\/#website\",\"url\":\"https:\\\/\\\/www.arquimaster.com.ar\\\/web\\\/\",\"name\":\"Arquimaster\",\"description\":\"Web de arquitectura, dise\u00f1o y construccion\",\"publisher\":{\"@id\":\"https:\\\/\\\/www.arquimaster.com.ar\\\/web\\\/#organization\"},\"potentialAction\":[{\"@type\":\"SearchAction\",\"target\":{\"@type\":\"EntryPoint\",\"urlTemplate\":\"https:\\\/\\\/www.arquimaster.com.ar\\\/web\\\/?s={search_term_string}\"},\"query-input\":{\"@type\":\"PropertyValueSpecification\",\"valueRequired\":true,\"valueName\":\"search_term_string\"}}],\"inLanguage\":\"es\"},{\"@type\":\"Organization\",\"@id\":\"https:\\\/\\\/www.arquimaster.com.ar\\\/web\\\/#organization\",\"name\":\"Arquimaster\",\"url\":\"https:\\\/\\\/www.arquimaster.com.ar\\\/web\\\/\",\"logo\":{\"@type\":\"ImageObject\",\"inLanguage\":\"es\",\"@id\":\"https:\\\/\\\/www.arquimaster.com.ar\\\/web\\\/#\\\/schema\\\/logo\\\/image\\\/\",\"url\":\"https:\\\/\\\/www.arquimaster.com.ar\\\/web\\\/wp-content\\\/uploads\\\/2022\\\/06\\\/arquimaster.png\",\"contentUrl\":\"https:\\\/\\\/www.arquimaster.com.ar\\\/web\\\/wp-content\\\/uploads\\\/2022\\\/06\\\/arquimaster.png\",\"width\":594,\"height\":78,\"caption\":\"Arquimaster\"},\"image\":{\"@id\":\"https:\\\/\\\/www.arquimaster.com.ar\\\/web\\\/#\\\/schema\\\/logo\\\/image\\\/\"},\"sameAs\":[\"http:\\\/\\\/www.facebook.com\\\/ARQUIMASTER.com.ar\",\"https:\\\/\\\/x.com\\\/arquimaster\",\"https:\\\/\\\/www.instagram.com\\\/arquimasterblog\\\/\",\"https:\\\/\\\/www.linkedin.com\\\/company\\\/arquimaster\",\"https:\\\/\\\/www.pinterest.com\\\/arquimaster\",\"https:\\\/\\\/t.me\\\/arquimaster\"]},{\"@type\":\"Person\",\"@id\":\"https:\\\/\\\/www.arquimaster.com.ar\\\/web\\\/#\\\/schema\\\/person\\\/359e9f7c00193fcde068e0dd2ceb0028\",\"name\":\"Arquimaster\"}]}<\/script>\n<!-- \/ Yoast SEO plugin. -->","yoast_head_json":{"title":"El futuro del trabajo fue el tema convocante de Worktech Buenos Aires 2018 - Arquimaster","robots":{"index":"index","follow":"follow","max-snippet":"max-snippet:-1","max-image-preview":"max-image-preview:large","max-video-preview":"max-video-preview:-1"},"canonical":"https:\/\/www.arquimaster.com.ar\/web\/el-futuro-del-trabajo-fue-el-tema-convocante-de-worktech-buenos-aires-2018\/","og_locale":"es_ES","og_type":"article","og_title":"El futuro del trabajo fue el tema convocante de Worktech Buenos Aires 2018 - Arquimaster","og_description":"Neuroarquitectura, las nuevas formas de trabajo, future workplace, smart contracts y m\u00e1s...","og_url":"https:\/\/www.arquimaster.com.ar\/web\/el-futuro-del-trabajo-fue-el-tema-convocante-de-worktech-buenos-aires-2018\/","og_site_name":"Arquimaster","article_publisher":"http:\/\/www.facebook.com\/ARQUIMASTER.com.ar","article_published_time":"2018-10-15T02:02:48+00:00","article_modified_time":"2025-08-11T22:35:36+00:00","og_image":[{"width":642,"height":336,"url":"https:\/\/www.arquimaster.com.ar\/web\/wp-content\/uploads\/2018\/10\/worktech_buenos_aires_slide.jpg","type":"image\/jpeg"}],"author":"Arquimaster","twitter_card":"summary_large_image","twitter_creator":"@arquimaster","twitter_site":"@arquimaster","twitter_misc":{"Escrito por":"Arquimaster","Tiempo de lectura":"8 minutos"},"schema":{"@context":"https:\/\/schema.org","@graph":[{"@type":"Article","@id":"https:\/\/www.arquimaster.com.ar\/web\/el-futuro-del-trabajo-fue-el-tema-convocante-de-worktech-buenos-aires-2018\/#article","isPartOf":{"@id":"https:\/\/www.arquimaster.com.ar\/web\/el-futuro-del-trabajo-fue-el-tema-convocante-de-worktech-buenos-aires-2018\/"},"author":{"name":"Arquimaster","@id":"https:\/\/www.arquimaster.com.ar\/web\/#\/schema\/person\/359e9f7c00193fcde068e0dd2ceb0028"},"headline":"El futuro del trabajo fue el tema convocante de Worktech Buenos Aires 2018","datePublished":"2018-10-15T02:02:48+00:00","dateModified":"2025-08-11T22:35:36+00:00","mainEntityOfPage":{"@id":"https:\/\/www.arquimaster.com.ar\/web\/el-futuro-del-trabajo-fue-el-tema-convocante-de-worktech-buenos-aires-2018\/"},"wordCount":1669,"publisher":{"@id":"https:\/\/www.arquimaster.com.ar\/web\/#organization"},"image":{"@id":"https:\/\/www.arquimaster.com.ar\/web\/el-futuro-del-trabajo-fue-el-tema-convocante-de-worktech-buenos-aires-2018\/#primaryimage"},"thumbnailUrl":"https:\/\/www.arquimaster.com.ar\/web\/wp-content\/uploads\/2018\/10\/worktech_buenos_aires_slide.jpg","keywords":["Contract","Contract Workplaces","dise\u00f1o de oficinas","espacios de trabajo","oficinas","oficinas sustentables","workplaces","Worktech","Worktech Buenos Aires"],"articleSection":["Noticias de arquitectura y dise\u00f1o","Novedades"],"inLanguage":"es"},{"@type":"WebPage","@id":"https:\/\/www.arquimaster.com.ar\/web\/el-futuro-del-trabajo-fue-el-tema-convocante-de-worktech-buenos-aires-2018\/","url":"https:\/\/www.arquimaster.com.ar\/web\/el-futuro-del-trabajo-fue-el-tema-convocante-de-worktech-buenos-aires-2018\/","name":"El futuro del trabajo fue el tema convocante de Worktech Buenos Aires 2018 - Arquimaster","isPartOf":{"@id":"https:\/\/www.arquimaster.com.ar\/web\/#website"},"primaryImageOfPage":{"@id":"https:\/\/www.arquimaster.com.ar\/web\/el-futuro-del-trabajo-fue-el-tema-convocante-de-worktech-buenos-aires-2018\/#primaryimage"},"image":{"@id":"https:\/\/www.arquimaster.com.ar\/web\/el-futuro-del-trabajo-fue-el-tema-convocante-de-worktech-buenos-aires-2018\/#primaryimage"},"thumbnailUrl":"https:\/\/www.arquimaster.com.ar\/web\/wp-content\/uploads\/2018\/10\/worktech_buenos_aires_slide.jpg","datePublished":"2018-10-15T02:02:48+00:00","dateModified":"2025-08-11T22:35:36+00:00","breadcrumb":{"@id":"https:\/\/www.arquimaster.com.ar\/web\/el-futuro-del-trabajo-fue-el-tema-convocante-de-worktech-buenos-aires-2018\/#breadcrumb"},"inLanguage":"es","potentialAction":[{"@type":"ReadAction","target":["https:\/\/www.arquimaster.com.ar\/web\/el-futuro-del-trabajo-fue-el-tema-convocante-de-worktech-buenos-aires-2018\/"]}]},{"@type":"ImageObject","inLanguage":"es","@id":"https:\/\/www.arquimaster.com.ar\/web\/el-futuro-del-trabajo-fue-el-tema-convocante-de-worktech-buenos-aires-2018\/#primaryimage","url":"https:\/\/www.arquimaster.com.ar\/web\/wp-content\/uploads\/2018\/10\/worktech_buenos_aires_slide.jpg","contentUrl":"https:\/\/www.arquimaster.com.ar\/web\/wp-content\/uploads\/2018\/10\/worktech_buenos_aires_slide.jpg","width":642,"height":336},{"@type":"BreadcrumbList","@id":"https:\/\/www.arquimaster.com.ar\/web\/el-futuro-del-trabajo-fue-el-tema-convocante-de-worktech-buenos-aires-2018\/#breadcrumb","itemListElement":[{"@type":"ListItem","position":1,"name":"Portada","item":"https:\/\/www.arquimaster.com.ar\/web\/"},{"@type":"ListItem","position":2,"name":"El futuro del trabajo fue el tema convocante de Worktech Buenos Aires 2018"}]},{"@type":"WebSite","@id":"https:\/\/www.arquimaster.com.ar\/web\/#website","url":"https:\/\/www.arquimaster.com.ar\/web\/","name":"Arquimaster","description":"Web de arquitectura, dise\u00f1o y construccion","publisher":{"@id":"https:\/\/www.arquimaster.com.ar\/web\/#organization"},"potentialAction":[{"@type":"SearchAction","target":{"@type":"EntryPoint","urlTemplate":"https:\/\/www.arquimaster.com.ar\/web\/?s={search_term_string}"},"query-input":{"@type":"PropertyValueSpecification","valueRequired":true,"valueName":"search_term_string"}}],"inLanguage":"es"},{"@type":"Organization","@id":"https:\/\/www.arquimaster.com.ar\/web\/#organization","name":"Arquimaster","url":"https:\/\/www.arquimaster.com.ar\/web\/","logo":{"@type":"ImageObject","inLanguage":"es","@id":"https:\/\/www.arquimaster.com.ar\/web\/#\/schema\/logo\/image\/","url":"https:\/\/www.arquimaster.com.ar\/web\/wp-content\/uploads\/2022\/06\/arquimaster.png","contentUrl":"https:\/\/www.arquimaster.com.ar\/web\/wp-content\/uploads\/2022\/06\/arquimaster.png","width":594,"height":78,"caption":"Arquimaster"},"image":{"@id":"https:\/\/www.arquimaster.com.ar\/web\/#\/schema\/logo\/image\/"},"sameAs":["http:\/\/www.facebook.com\/ARQUIMASTER.com.ar","https:\/\/x.com\/arquimaster","https:\/\/www.instagram.com\/arquimasterblog\/","https:\/\/www.linkedin.com\/company\/arquimaster","https:\/\/www.pinterest.com\/arquimaster","https:\/\/t.me\/arquimaster"]},{"@type":"Person","@id":"https:\/\/www.arquimaster.com.ar\/web\/#\/schema\/person\/359e9f7c00193fcde068e0dd2ceb0028","name":"Arquimaster"}]}},"uagb_featured_image_src":{"full":["https:\/\/www.arquimaster.com.ar\/web\/wp-content\/uploads\/2018\/10\/worktech_buenos_aires_slide.jpg",642,336,false],"thumbnail":["https:\/\/www.arquimaster.com.ar\/web\/wp-content\/uploads\/2018\/10\/worktech_buenos_aires_slide-150x150.jpg",150,150,true],"medium":["https:\/\/www.arquimaster.com.ar\/web\/wp-content\/uploads\/2018\/10\/worktech_buenos_aires_slide.jpg",642,336,false],"medium_large":["https:\/\/www.arquimaster.com.ar\/web\/wp-content\/uploads\/2018\/10\/worktech_buenos_aires_slide.jpg",642,336,false],"large":["https:\/\/www.arquimaster.com.ar\/web\/wp-content\/uploads\/2018\/10\/worktech_buenos_aires_slide.jpg",642,336,false],"1536x1536":["https:\/\/www.arquimaster.com.ar\/web\/wp-content\/uploads\/2018\/10\/worktech_buenos_aires_slide.jpg",642,336,false],"2048x2048":["https:\/\/www.arquimaster.com.ar\/web\/wp-content\/uploads\/2018\/10\/worktech_buenos_aires_slide.jpg",642,336,false]},"uagb_author_info":{"display_name":"Arquimaster","author_link":"https:\/\/www.arquimaster.com.ar\/web\/author\/arquimaster\/"},"uagb_comment_info":0,"uagb_excerpt":"Neuroarquitectura, las nuevas formas de trabajo, future workplace, smart contracts y m\u00e1s...","_links":{"self":[{"href":"https:\/\/www.arquimaster.com.ar\/web\/wp-json\/wp\/v2\/posts\/34915","targetHints":{"allow":["GET"]}}],"collection":[{"href":"https:\/\/www.arquimaster.com.ar\/web\/wp-json\/wp\/v2\/posts"}],"about":[{"href":"https:\/\/www.arquimaster.com.ar\/web\/wp-json\/wp\/v2\/types\/post"}],"author":[{"embeddable":true,"href":"https:\/\/www.arquimaster.com.ar\/web\/wp-json\/wp\/v2\/users\/1"}],"replies":[{"embeddable":true,"href":"https:\/\/www.arquimaster.com.ar\/web\/wp-json\/wp\/v2\/comments?post=34915"}],"version-history":[{"count":1,"href":"https:\/\/www.arquimaster.com.ar\/web\/wp-json\/wp\/v2\/posts\/34915\/revisions"}],"predecessor-version":[{"id":85744,"href":"https:\/\/www.arquimaster.com.ar\/web\/wp-json\/wp\/v2\/posts\/34915\/revisions\/85744"}],"wp:featuredmedia":[{"embeddable":true,"href":"https:\/\/www.arquimaster.com.ar\/web\/wp-json\/wp\/v2\/media\/34917"}],"wp:attachment":[{"href":"https:\/\/www.arquimaster.com.ar\/web\/wp-json\/wp\/v2\/media?parent=34915"}],"wp:term":[{"taxonomy":"category","embeddable":true,"href":"https:\/\/www.arquimaster.com.ar\/web\/wp-json\/wp\/v2\/categories?post=34915"},{"taxonomy":"post_tag","embeddable":true,"href":"https:\/\/www.arquimaster.com.ar\/web\/wp-json\/wp\/v2\/tags?post=34915"}],"curies":[{"name":"wp","href":"https:\/\/api.w.org\/{rel}","templated":true}]}}