{"id":3523,"date":"2013-05-30T23:46:13","date_gmt":"2013-05-30T23:46:13","guid":{"rendered":"http:\/\/www.arquimaster.com.ar\/web\/?p=3523"},"modified":"2019-01-08T20:34:35","modified_gmt":"2019-01-08T20:34:35","slug":"casa-cormanca-paul-cremoux-studio","status":"publish","type":"post","link":"https:\/\/www.arquimaster.com.ar\/web\/casa-cormanca-paul-cremoux-studio\/","title":{"rendered":"Casa CorManca \/ Paul Cremoux Studio"},"content":{"rendered":"<div style=\"margin-top: 0px; margin-bottom: 0px;\" class=\"sharethis-inline-share-buttons\" ><\/div><div class=\"b812932af2e751442846f039925109de\" data-index=\"1\" style=\"float: none; margin:25px 0 25px 0; text-align:center;\">\n<script async src=\"https:\/\/pagead2.googlesyndication.com\/pagead\/js\/adsbygoogle.js\"><\/script>\r\n<!-- Arquimaster (superior) -->\r\n<ins class=\"adsbygoogle\"\r\n     style=\"display:block\"\r\n     data-ad-client=\"ca-pub-6351072698456832\"\r\n     data-ad-slot=\"6455489680\"\r\n     data-ad-format=\"auto\"\r\n     data-full-width-responsive=\"true\"><\/ins>\r\n<script>\r\n     (adsbygoogle = window.adsbygoogle || []).push({});\r\n<\/script>\n<\/div>\n<p><strong>Casa CorManca<\/strong> (Ciudad de M\u00e9xico) por <strong>Paul Cremoux Studio<\/strong>. En un terreno de 12 por 13 metros, un <strong>volumen monol\u00edtico<\/strong> es transformado para crear <strong>espacios internos iluminados y claros<\/strong>.<\/p>\n<div id='gallery-1' class='gallery galleryid-3523 gallery-columns-3 gallery-size-thumbnail'><figure class='gallery-item'>\n\t\t\t<div class='gallery-icon portrait'>\n\t\t\t\t<a href='https:\/\/www.arquimaster.com.ar\/web\/wp-content\/uploads\/2014\/02\/casa_cormanca1b.jpg' title=\"Casa CorManca \/ Paul Cremoux Studio\" data-rl_title=\"Casa CorManca \/ Paul Cremoux Studio\" class=\"rl-gallery-link\" data-rl_caption=\"Casa CorManca \/ Paul Cremoux Studio\" data-rel=\"lightbox-gallery-1\"><img loading=\"lazy\" decoding=\"async\" width=\"150\" height=\"150\" src=\"https:\/\/www.arquimaster.com.ar\/web\/wp-content\/uploads\/2014\/02\/casa_cormanca1b-150x150.jpg\" class=\"attachment-thumbnail size-thumbnail\" alt=\"\" aria-describedby=\"gallery-1-3525\" srcset=\"https:\/\/www.arquimaster.com.ar\/web\/wp-content\/uploads\/2014\/02\/casa_cormanca1b-150x150.jpg 150w, https:\/\/www.arquimaster.com.ar\/web\/wp-content\/uploads\/2014\/02\/casa_cormanca1b-50x50.jpg 50w, https:\/\/www.arquimaster.com.ar\/web\/wp-content\/uploads\/2014\/02\/casa_cormanca1b-125x125.jpg 125w\" sizes=\"auto, (max-width: 150px) 100vw, 150px\" \/><\/a>\n\t\t\t<\/div>\n\t\t\t\t<figcaption class='wp-caption-text gallery-caption' id='gallery-1-3525'>\n\t\t\t\tCasa CorManca \/ Paul Cremoux Studio\n\t\t\t\t<\/figcaption><\/figure><figure class='gallery-item'>\n\t\t\t<div class='gallery-icon portrait'>\n\t\t\t\t<a href='https:\/\/www.arquimaster.com.ar\/web\/wp-content\/uploads\/2014\/02\/casa_cormanca2b.jpg' title=\"Casa CorManca \/ Paul Cremoux Studio\" data-rl_title=\"Casa CorManca \/ Paul Cremoux Studio\" class=\"rl-gallery-link\" data-rl_caption=\"Casa CorManca \/ Paul Cremoux Studio\" data-rel=\"lightbox-gallery-1\"><img loading=\"lazy\" decoding=\"async\" width=\"150\" height=\"150\" src=\"https:\/\/www.arquimaster.com.ar\/web\/wp-content\/uploads\/2014\/02\/casa_cormanca2b-150x150.jpg\" class=\"attachment-thumbnail size-thumbnail\" alt=\"\" aria-describedby=\"gallery-1-3526\" srcset=\"https:\/\/www.arquimaster.com.ar\/web\/wp-content\/uploads\/2014\/02\/casa_cormanca2b-150x150.jpg 150w, https:\/\/www.arquimaster.com.ar\/web\/wp-content\/uploads\/2014\/02\/casa_cormanca2b-50x50.jpg 50w, https:\/\/www.arquimaster.com.ar\/web\/wp-content\/uploads\/2014\/02\/casa_cormanca2b-125x125.jpg 125w\" sizes=\"auto, (max-width: 150px) 100vw, 150px\" \/><\/a>\n\t\t\t<\/div>\n\t\t\t\t<figcaption class='wp-caption-text gallery-caption' id='gallery-1-3526'>\n\t\t\t\tCasa CorManca \/ Paul Cremoux Studio\n\t\t\t\t<\/figcaption><\/figure><figure class='gallery-item'>\n\t\t\t<div class='gallery-icon landscape'>\n\t\t\t\t<a href='https:\/\/www.arquimaster.com.ar\/web\/wp-content\/uploads\/2014\/02\/casa_cormanca3b.jpg' title=\"Casa CorManca \/ Paul Cremoux Studio\" data-rl_title=\"Casa CorManca \/ Paul Cremoux Studio\" class=\"rl-gallery-link\" data-rl_caption=\"Casa CorManca \/ Paul Cremoux Studio\" data-rel=\"lightbox-gallery-1\"><img loading=\"lazy\" decoding=\"async\" width=\"150\" height=\"150\" src=\"https:\/\/www.arquimaster.com.ar\/web\/wp-content\/uploads\/2014\/02\/casa_cormanca3b-150x150.jpg\" class=\"attachment-thumbnail size-thumbnail\" alt=\"\" aria-describedby=\"gallery-1-3527\" srcset=\"https:\/\/www.arquimaster.com.ar\/web\/wp-content\/uploads\/2014\/02\/casa_cormanca3b-150x150.jpg 150w, https:\/\/www.arquimaster.com.ar\/web\/wp-content\/uploads\/2014\/02\/casa_cormanca3b-50x50.jpg 50w, https:\/\/www.arquimaster.com.ar\/web\/wp-content\/uploads\/2014\/02\/casa_cormanca3b-125x125.jpg 125w\" sizes=\"auto, (max-width: 150px) 100vw, 150px\" \/><\/a>\n\t\t\t<\/div>\n\t\t\t\t<figcaption class='wp-caption-text gallery-caption' id='gallery-1-3527'>\n\t\t\t\tCasa CorManca \/ Paul Cremoux Studio\n\t\t\t\t<\/figcaption><\/figure><figure class='gallery-item'>\n\t\t\t<div class='gallery-icon landscape'>\n\t\t\t\t<a href='https:\/\/www.arquimaster.com.ar\/web\/wp-content\/uploads\/2014\/02\/casa_cormanca4b.jpg' title=\"Casa CorManca \/ Paul Cremoux Studio\" data-rl_title=\"Casa CorManca \/ Paul Cremoux Studio\" class=\"rl-gallery-link\" data-rl_caption=\"Casa CorManca \/ Paul Cremoux Studio\" data-rel=\"lightbox-gallery-1\"><img loading=\"lazy\" decoding=\"async\" width=\"150\" height=\"150\" src=\"https:\/\/www.arquimaster.com.ar\/web\/wp-content\/uploads\/2014\/02\/casa_cormanca4b-150x150.jpg\" class=\"attachment-thumbnail size-thumbnail\" alt=\"\" aria-describedby=\"gallery-1-3528\" srcset=\"https:\/\/www.arquimaster.com.ar\/web\/wp-content\/uploads\/2014\/02\/casa_cormanca4b-150x150.jpg 150w, https:\/\/www.arquimaster.com.ar\/web\/wp-content\/uploads\/2014\/02\/casa_cormanca4b-50x50.jpg 50w, https:\/\/www.arquimaster.com.ar\/web\/wp-content\/uploads\/2014\/02\/casa_cormanca4b-125x125.jpg 125w\" sizes=\"auto, (max-width: 150px) 100vw, 150px\" \/><\/a>\n\t\t\t<\/div>\n\t\t\t\t<figcaption class='wp-caption-text gallery-caption' id='gallery-1-3528'>\n\t\t\t\tCasa CorManca \/ Paul Cremoux Studio\n\t\t\t\t<\/figcaption><\/figure><figure class='gallery-item'>\n\t\t\t<div class='gallery-icon portrait'>\n\t\t\t\t<a href='https:\/\/www.arquimaster.com.ar\/web\/wp-content\/uploads\/2014\/02\/casa_cormanca5b.jpg' title=\"Casa CorManca \/ Paul Cremoux Studio\" data-rl_title=\"Casa CorManca \/ Paul Cremoux Studio\" class=\"rl-gallery-link\" data-rl_caption=\"Casa CorManca \/ Paul Cremoux Studio\" data-rel=\"lightbox-gallery-1\"><img loading=\"lazy\" decoding=\"async\" width=\"150\" height=\"150\" src=\"https:\/\/www.arquimaster.com.ar\/web\/wp-content\/uploads\/2014\/02\/casa_cormanca5b-150x150.jpg\" class=\"attachment-thumbnail size-thumbnail\" alt=\"\" aria-describedby=\"gallery-1-3529\" srcset=\"https:\/\/www.arquimaster.com.ar\/web\/wp-content\/uploads\/2014\/02\/casa_cormanca5b-150x150.jpg 150w, https:\/\/www.arquimaster.com.ar\/web\/wp-content\/uploads\/2014\/02\/casa_cormanca5b-50x50.jpg 50w, https:\/\/www.arquimaster.com.ar\/web\/wp-content\/uploads\/2014\/02\/casa_cormanca5b-125x125.jpg 125w\" sizes=\"auto, (max-width: 150px) 100vw, 150px\" \/><\/a>\n\t\t\t<\/div>\n\t\t\t\t<figcaption class='wp-caption-text gallery-caption' id='gallery-1-3529'>\n\t\t\t\tCasa CorManca \/ Paul Cremoux Studio\n\t\t\t\t<\/figcaption><\/figure><figure class='gallery-item'>\n\t\t\t<div class='gallery-icon portrait'>\n\t\t\t\t<a href='https:\/\/www.arquimaster.com.ar\/web\/wp-content\/uploads\/2014\/02\/casa_cormanca6b.jpg' title=\"Casa CorManca \/ Paul Cremoux Studio\" data-rl_title=\"Casa CorManca \/ Paul Cremoux Studio\" class=\"rl-gallery-link\" data-rl_caption=\"Casa CorManca \/ Paul Cremoux Studio\" data-rel=\"lightbox-gallery-1\"><img loading=\"lazy\" decoding=\"async\" width=\"150\" height=\"150\" src=\"https:\/\/www.arquimaster.com.ar\/web\/wp-content\/uploads\/2014\/02\/casa_cormanca6b-150x150.jpg\" class=\"attachment-thumbnail size-thumbnail\" alt=\"\" aria-describedby=\"gallery-1-3530\" srcset=\"https:\/\/www.arquimaster.com.ar\/web\/wp-content\/uploads\/2014\/02\/casa_cormanca6b-150x150.jpg 150w, https:\/\/www.arquimaster.com.ar\/web\/wp-content\/uploads\/2014\/02\/casa_cormanca6b-50x50.jpg 50w, https:\/\/www.arquimaster.com.ar\/web\/wp-content\/uploads\/2014\/02\/casa_cormanca6b-125x125.jpg 125w\" sizes=\"auto, (max-width: 150px) 100vw, 150px\" \/><\/a>\n\t\t\t<\/div>\n\t\t\t\t<figcaption class='wp-caption-text gallery-caption' id='gallery-1-3530'>\n\t\t\t\tCasa CorManca \/ Paul Cremoux Studio\n\t\t\t\t<\/figcaption><\/figure><figure class='gallery-item'>\n\t\t\t<div class='gallery-icon landscape'>\n\t\t\t\t<a href='https:\/\/www.arquimaster.com.ar\/web\/wp-content\/uploads\/2014\/02\/casa_cormanca7b.jpg' title=\"Casa CorManca \/ Paul Cremoux Studio\" data-rl_title=\"Casa CorManca \/ Paul Cremoux Studio\" class=\"rl-gallery-link\" data-rl_caption=\"Casa CorManca \/ Paul Cremoux Studio\" data-rel=\"lightbox-gallery-1\"><img loading=\"lazy\" decoding=\"async\" width=\"150\" height=\"150\" src=\"https:\/\/www.arquimaster.com.ar\/web\/wp-content\/uploads\/2014\/02\/casa_cormanca7b-150x150.jpg\" class=\"attachment-thumbnail size-thumbnail\" alt=\"\" aria-describedby=\"gallery-1-3531\" srcset=\"https:\/\/www.arquimaster.com.ar\/web\/wp-content\/uploads\/2014\/02\/casa_cormanca7b-150x150.jpg 150w, https:\/\/www.arquimaster.com.ar\/web\/wp-content\/uploads\/2014\/02\/casa_cormanca7b-50x50.jpg 50w, https:\/\/www.arquimaster.com.ar\/web\/wp-content\/uploads\/2014\/02\/casa_cormanca7b-125x125.jpg 125w\" sizes=\"auto, (max-width: 150px) 100vw, 150px\" \/><\/a>\n\t\t\t<\/div>\n\t\t\t\t<figcaption class='wp-caption-text gallery-caption' id='gallery-1-3531'>\n\t\t\t\tCasa CorManca \/ Paul Cremoux Studio\n\t\t\t\t<\/figcaption><\/figure><figure class='gallery-item'>\n\t\t\t<div class='gallery-icon portrait'>\n\t\t\t\t<a href='https:\/\/www.arquimaster.com.ar\/web\/wp-content\/uploads\/2014\/02\/casa_cormanca8b.jpg' title=\"Casa CorManca \/ Paul Cremoux Studio\" data-rl_title=\"Casa CorManca \/ Paul Cremoux Studio\" class=\"rl-gallery-link\" data-rl_caption=\"Casa CorManca \/ Paul Cremoux Studio\" data-rel=\"lightbox-gallery-1\"><img loading=\"lazy\" decoding=\"async\" width=\"150\" height=\"150\" src=\"https:\/\/www.arquimaster.com.ar\/web\/wp-content\/uploads\/2014\/02\/casa_cormanca8b-150x150.jpg\" class=\"attachment-thumbnail size-thumbnail\" alt=\"\" aria-describedby=\"gallery-1-3532\" srcset=\"https:\/\/www.arquimaster.com.ar\/web\/wp-content\/uploads\/2014\/02\/casa_cormanca8b-150x150.jpg 150w, https:\/\/www.arquimaster.com.ar\/web\/wp-content\/uploads\/2014\/02\/casa_cormanca8b-50x50.jpg 50w, https:\/\/www.arquimaster.com.ar\/web\/wp-content\/uploads\/2014\/02\/casa_cormanca8b-125x125.jpg 125w\" sizes=\"auto, (max-width: 150px) 100vw, 150px\" \/><\/a>\n\t\t\t<\/div>\n\t\t\t\t<figcaption class='wp-caption-text gallery-caption' id='gallery-1-3532'>\n\t\t\t\tCasa CorManca \/ Paul Cremoux Studio\n\t\t\t\t<\/figcaption><\/figure><figure class='gallery-item'>\n\t\t\t<div class='gallery-icon portrait'>\n\t\t\t\t<a href='https:\/\/www.arquimaster.com.ar\/web\/wp-content\/uploads\/2014\/02\/casa_cormanca9b.jpg' title=\"Casa CorManca \/ Paul Cremoux Studio\" data-rl_title=\"Casa CorManca \/ Paul Cremoux Studio\" class=\"rl-gallery-link\" data-rl_caption=\"Casa CorManca \/ Paul Cremoux Studio\" data-rel=\"lightbox-gallery-1\"><img loading=\"lazy\" decoding=\"async\" width=\"150\" height=\"150\" src=\"https:\/\/www.arquimaster.com.ar\/web\/wp-content\/uploads\/2014\/02\/casa_cormanca9b-150x150.jpg\" class=\"attachment-thumbnail size-thumbnail\" alt=\"\" aria-describedby=\"gallery-1-3533\" srcset=\"https:\/\/www.arquimaster.com.ar\/web\/wp-content\/uploads\/2014\/02\/casa_cormanca9b-150x150.jpg 150w, https:\/\/www.arquimaster.com.ar\/web\/wp-content\/uploads\/2014\/02\/casa_cormanca9b-50x50.jpg 50w, https:\/\/www.arquimaster.com.ar\/web\/wp-content\/uploads\/2014\/02\/casa_cormanca9b-125x125.jpg 125w\" sizes=\"auto, (max-width: 150px) 100vw, 150px\" \/><\/a>\n\t\t\t<\/div>\n\t\t\t\t<figcaption class='wp-caption-text gallery-caption' id='gallery-1-3533'>\n\t\t\t\tCasa CorManca \/ Paul Cremoux Studio\n\t\t\t\t<\/figcaption><\/figure><figure class='gallery-item'>\n\t\t\t<div class='gallery-icon portrait'>\n\t\t\t\t<a href='https:\/\/www.arquimaster.com.ar\/web\/wp-content\/uploads\/2014\/02\/casa_cormanca10b.jpg' title=\"Casa CorManca \/ Paul Cremoux Studio\" data-rl_title=\"Casa CorManca \/ Paul Cremoux Studio\" class=\"rl-gallery-link\" data-rl_caption=\"Casa CorManca \/ Paul Cremoux Studio\" data-rel=\"lightbox-gallery-1\"><img loading=\"lazy\" decoding=\"async\" width=\"150\" height=\"150\" src=\"https:\/\/www.arquimaster.com.ar\/web\/wp-content\/uploads\/2014\/02\/casa_cormanca10b-150x150.jpg\" class=\"attachment-thumbnail size-thumbnail\" alt=\"\" aria-describedby=\"gallery-1-3534\" srcset=\"https:\/\/www.arquimaster.com.ar\/web\/wp-content\/uploads\/2014\/02\/casa_cormanca10b-150x150.jpg 150w, https:\/\/www.arquimaster.com.ar\/web\/wp-content\/uploads\/2014\/02\/casa_cormanca10b-50x50.jpg 50w, https:\/\/www.arquimaster.com.ar\/web\/wp-content\/uploads\/2014\/02\/casa_cormanca10b-125x125.jpg 125w\" sizes=\"auto, (max-width: 150px) 100vw, 150px\" \/><\/a>\n\t\t\t<\/div>\n\t\t\t\t<figcaption class='wp-caption-text gallery-caption' id='gallery-1-3534'>\n\t\t\t\tCasa CorManca \/ Paul Cremoux Studio\n\t\t\t\t<\/figcaption><\/figure><figure class='gallery-item'>\n\t\t\t<div class='gallery-icon portrait'>\n\t\t\t\t<a href='https:\/\/www.arquimaster.com.ar\/web\/wp-content\/uploads\/2014\/02\/casa_cormanca11b.jpg' title=\"Casa CorManca \/ Paul Cremoux Studio\" data-rl_title=\"Casa CorManca \/ Paul Cremoux Studio\" class=\"rl-gallery-link\" data-rl_caption=\"Casa CorManca \/ Paul Cremoux Studio\" data-rel=\"lightbox-gallery-1\"><img loading=\"lazy\" decoding=\"async\" width=\"150\" height=\"150\" src=\"https:\/\/www.arquimaster.com.ar\/web\/wp-content\/uploads\/2014\/02\/casa_cormanca11b-150x150.jpg\" class=\"attachment-thumbnail size-thumbnail\" alt=\"\" aria-describedby=\"gallery-1-3535\" srcset=\"https:\/\/www.arquimaster.com.ar\/web\/wp-content\/uploads\/2014\/02\/casa_cormanca11b-150x150.jpg 150w, https:\/\/www.arquimaster.com.ar\/web\/wp-content\/uploads\/2014\/02\/casa_cormanca11b-50x50.jpg 50w, https:\/\/www.arquimaster.com.ar\/web\/wp-content\/uploads\/2014\/02\/casa_cormanca11b-125x125.jpg 125w\" sizes=\"auto, (max-width: 150px) 100vw, 150px\" \/><\/a>\n\t\t\t<\/div>\n\t\t\t\t<figcaption class='wp-caption-text gallery-caption' id='gallery-1-3535'>\n\t\t\t\tCasa CorManca \/ Paul Cremoux Studio\n\t\t\t\t<\/figcaption><\/figure><figure class='gallery-item'>\n\t\t\t<div class='gallery-icon portrait'>\n\t\t\t\t<a href='https:\/\/www.arquimaster.com.ar\/web\/wp-content\/uploads\/2014\/02\/casa_cormanca12b.jpg' title=\"Casa CorManca \/ Paul Cremoux Studio\" data-rl_title=\"Casa CorManca \/ Paul Cremoux Studio\" class=\"rl-gallery-link\" data-rl_caption=\"Casa CorManca \/ Paul Cremoux Studio\" data-rel=\"lightbox-gallery-1\"><img loading=\"lazy\" decoding=\"async\" width=\"150\" height=\"150\" src=\"https:\/\/www.arquimaster.com.ar\/web\/wp-content\/uploads\/2014\/02\/casa_cormanca12b-150x150.jpg\" class=\"attachment-thumbnail size-thumbnail\" alt=\"\" aria-describedby=\"gallery-1-3536\" srcset=\"https:\/\/www.arquimaster.com.ar\/web\/wp-content\/uploads\/2014\/02\/casa_cormanca12b-150x150.jpg 150w, https:\/\/www.arquimaster.com.ar\/web\/wp-content\/uploads\/2014\/02\/casa_cormanca12b-50x50.jpg 50w, https:\/\/www.arquimaster.com.ar\/web\/wp-content\/uploads\/2014\/02\/casa_cormanca12b-125x125.jpg 125w\" sizes=\"auto, (max-width: 150px) 100vw, 150px\" \/><\/a>\n\t\t\t<\/div>\n\t\t\t\t<figcaption class='wp-caption-text gallery-caption' id='gallery-1-3536'>\n\t\t\t\tCasa CorManca \/ Paul Cremoux Studio\n\t\t\t\t<\/figcaption><\/figure><figure class='gallery-item'>\n\t\t\t<div class='gallery-icon landscape'>\n\t\t\t\t<a href='https:\/\/www.arquimaster.com.ar\/web\/wp-content\/uploads\/2014\/02\/casa_cormanca13b.jpg' title=\"Casa CorManca \/ Paul Cremoux Studio\" data-rl_title=\"Casa CorManca \/ Paul Cremoux Studio\" class=\"rl-gallery-link\" data-rl_caption=\"Casa CorManca \/ Paul Cremoux Studio\" data-rel=\"lightbox-gallery-1\"><img loading=\"lazy\" decoding=\"async\" width=\"150\" height=\"150\" src=\"https:\/\/www.arquimaster.com.ar\/web\/wp-content\/uploads\/2014\/02\/casa_cormanca13b-150x150.jpg\" class=\"attachment-thumbnail size-thumbnail\" alt=\"\" aria-describedby=\"gallery-1-3537\" srcset=\"https:\/\/www.arquimaster.com.ar\/web\/wp-content\/uploads\/2014\/02\/casa_cormanca13b-150x150.jpg 150w, https:\/\/www.arquimaster.com.ar\/web\/wp-content\/uploads\/2014\/02\/casa_cormanca13b-50x50.jpg 50w, https:\/\/www.arquimaster.com.ar\/web\/wp-content\/uploads\/2014\/02\/casa_cormanca13b-125x125.jpg 125w\" sizes=\"auto, (max-width: 150px) 100vw, 150px\" \/><\/a>\n\t\t\t<\/div>\n\t\t\t\t<figcaption class='wp-caption-text gallery-caption' id='gallery-1-3537'>\n\t\t\t\tCasa CorManca \/ Paul Cremoux Studio\n\t\t\t\t<\/figcaption><\/figure><figure class='gallery-item'>\n\t\t\t<div class='gallery-icon landscape'>\n\t\t\t\t<a href='https:\/\/www.arquimaster.com.ar\/web\/wp-content\/uploads\/2014\/02\/casa_cormanca14b.jpg' title=\"Casa CorManca \/ Paul Cremoux Studio\" data-rl_title=\"Casa CorManca \/ Paul Cremoux Studio\" class=\"rl-gallery-link\" data-rl_caption=\"Casa CorManca \/ Paul Cremoux Studio\" data-rel=\"lightbox-gallery-1\"><img loading=\"lazy\" decoding=\"async\" width=\"150\" height=\"150\" src=\"https:\/\/www.arquimaster.com.ar\/web\/wp-content\/uploads\/2014\/02\/casa_cormanca14b-150x150.jpg\" class=\"attachment-thumbnail size-thumbnail\" alt=\"\" aria-describedby=\"gallery-1-3538\" srcset=\"https:\/\/www.arquimaster.com.ar\/web\/wp-content\/uploads\/2014\/02\/casa_cormanca14b-150x150.jpg 150w, https:\/\/www.arquimaster.com.ar\/web\/wp-content\/uploads\/2014\/02\/casa_cormanca14b-50x50.jpg 50w, https:\/\/www.arquimaster.com.ar\/web\/wp-content\/uploads\/2014\/02\/casa_cormanca14b-125x125.jpg 125w\" sizes=\"auto, (max-width: 150px) 100vw, 150px\" \/><\/a>\n\t\t\t<\/div>\n\t\t\t\t<figcaption class='wp-caption-text gallery-caption' id='gallery-1-3538'>\n\t\t\t\tCasa CorManca \/ Paul Cremoux Studio\n\t\t\t\t<\/figcaption><\/figure><figure class='gallery-item'>\n\t\t\t<div class='gallery-icon landscape'>\n\t\t\t\t<a href='https:\/\/www.arquimaster.com.ar\/web\/wp-content\/uploads\/2014\/02\/casa_cormanca15b.jpg' title=\"Casa CorManca \/ Paul Cremoux Studio\" data-rl_title=\"Casa CorManca \/ Paul Cremoux Studio\" class=\"rl-gallery-link\" data-rl_caption=\"Casa CorManca \/ Paul Cremoux Studio\" data-rel=\"lightbox-gallery-1\"><img loading=\"lazy\" decoding=\"async\" width=\"150\" height=\"150\" src=\"https:\/\/www.arquimaster.com.ar\/web\/wp-content\/uploads\/2014\/02\/casa_cormanca15b-150x150.jpg\" class=\"attachment-thumbnail size-thumbnail\" alt=\"\" aria-describedby=\"gallery-1-3539\" srcset=\"https:\/\/www.arquimaster.com.ar\/web\/wp-content\/uploads\/2014\/02\/casa_cormanca15b-150x150.jpg 150w, https:\/\/www.arquimaster.com.ar\/web\/wp-content\/uploads\/2014\/02\/casa_cormanca15b-50x50.jpg 50w, https:\/\/www.arquimaster.com.ar\/web\/wp-content\/uploads\/2014\/02\/casa_cormanca15b-125x125.jpg 125w\" sizes=\"auto, (max-width: 150px) 100vw, 150px\" \/><\/a>\n\t\t\t<\/div>\n\t\t\t\t<figcaption class='wp-caption-text gallery-caption' id='gallery-1-3539'>\n\t\t\t\tCasa CorManca \/ Paul Cremoux Studio\n\t\t\t\t<\/figcaption><\/figure><figure class='gallery-item'>\n\t\t\t<div class='gallery-icon portrait'>\n\t\t\t\t<a href='https:\/\/www.arquimaster.com.ar\/web\/wp-content\/uploads\/2014\/02\/casa_cormanca16b.jpg' title=\"Casa CorManca \/ Paul Cremoux Studio\" data-rl_title=\"Casa CorManca \/ Paul Cremoux Studio\" class=\"rl-gallery-link\" data-rl_caption=\"Casa CorManca \/ Paul Cremoux Studio\" data-rel=\"lightbox-gallery-1\"><img loading=\"lazy\" decoding=\"async\" width=\"150\" height=\"150\" src=\"https:\/\/www.arquimaster.com.ar\/web\/wp-content\/uploads\/2014\/02\/casa_cormanca16b-150x150.jpg\" class=\"attachment-thumbnail size-thumbnail\" alt=\"\" aria-describedby=\"gallery-1-3540\" srcset=\"https:\/\/www.arquimaster.com.ar\/web\/wp-content\/uploads\/2014\/02\/casa_cormanca16b-150x150.jpg 150w, https:\/\/www.arquimaster.com.ar\/web\/wp-content\/uploads\/2014\/02\/casa_cormanca16b-50x50.jpg 50w, https:\/\/www.arquimaster.com.ar\/web\/wp-content\/uploads\/2014\/02\/casa_cormanca16b-125x125.jpg 125w\" sizes=\"auto, (max-width: 150px) 100vw, 150px\" \/><\/a>\n\t\t\t<\/div>\n\t\t\t\t<figcaption class='wp-caption-text gallery-caption' id='gallery-1-3540'>\n\t\t\t\tCasa CorManca \/ Paul Cremoux Studio\n\t\t\t\t<\/figcaption><\/figure><figure class='gallery-item'>\n\t\t\t<div class='gallery-icon landscape'>\n\t\t\t\t<a href='https:\/\/www.arquimaster.com.ar\/web\/wp-content\/uploads\/2014\/02\/casa_cormanca17b.jpg' title=\"Casa CorManca \/ Paul Cremoux Studio\" data-rl_title=\"Casa CorManca \/ Paul Cremoux Studio\" class=\"rl-gallery-link\" data-rl_caption=\"Casa CorManca \/ Paul Cremoux Studio\" data-rel=\"lightbox-gallery-1\"><img loading=\"lazy\" decoding=\"async\" width=\"150\" height=\"150\" src=\"https:\/\/www.arquimaster.com.ar\/web\/wp-content\/uploads\/2014\/02\/casa_cormanca17b-150x150.jpg\" class=\"attachment-thumbnail size-thumbnail\" alt=\"\" aria-describedby=\"gallery-1-3541\" srcset=\"https:\/\/www.arquimaster.com.ar\/web\/wp-content\/uploads\/2014\/02\/casa_cormanca17b-150x150.jpg 150w, https:\/\/www.arquimaster.com.ar\/web\/wp-content\/uploads\/2014\/02\/casa_cormanca17b-300x300.jpg 300w, https:\/\/www.arquimaster.com.ar\/web\/wp-content\/uploads\/2014\/02\/casa_cormanca17b-50x50.jpg 50w, https:\/\/www.arquimaster.com.ar\/web\/wp-content\/uploads\/2014\/02\/casa_cormanca17b-125x125.jpg 125w, https:\/\/www.arquimaster.com.ar\/web\/wp-content\/uploads\/2014\/02\/casa_cormanca17b.jpg 800w\" sizes=\"auto, (max-width: 150px) 100vw, 150px\" \/><\/a>\n\t\t\t<\/div>\n\t\t\t\t<figcaption class='wp-caption-text gallery-caption' id='gallery-1-3541'>\n\t\t\t\tCasa CorManca \/ Paul Cremoux Studio\n\t\t\t\t<\/figcaption><\/figure><figure class='gallery-item'>\n\t\t\t<div class='gallery-icon landscape'>\n\t\t\t\t<a href='https:\/\/www.arquimaster.com.ar\/web\/wp-content\/uploads\/2014\/02\/casa_cormanca18b.jpg' title=\"Casa CorManca \/ Paul Cremoux Studio\" data-rl_title=\"Casa CorManca \/ Paul Cremoux Studio\" class=\"rl-gallery-link\" data-rl_caption=\"Casa CorManca \/ Paul Cremoux Studio\" data-rel=\"lightbox-gallery-1\"><img loading=\"lazy\" decoding=\"async\" width=\"150\" height=\"150\" src=\"https:\/\/www.arquimaster.com.ar\/web\/wp-content\/uploads\/2014\/02\/casa_cormanca18b-150x150.jpg\" class=\"attachment-thumbnail size-thumbnail\" alt=\"\" aria-describedby=\"gallery-1-3542\" srcset=\"https:\/\/www.arquimaster.com.ar\/web\/wp-content\/uploads\/2014\/02\/casa_cormanca18b-150x150.jpg 150w, https:\/\/www.arquimaster.com.ar\/web\/wp-content\/uploads\/2014\/02\/casa_cormanca18b-50x50.jpg 50w, https:\/\/www.arquimaster.com.ar\/web\/wp-content\/uploads\/2014\/02\/casa_cormanca18b-125x125.jpg 125w\" sizes=\"auto, (max-width: 150px) 100vw, 150px\" \/><\/a>\n\t\t\t<\/div>\n\t\t\t\t<figcaption class='wp-caption-text gallery-caption' id='gallery-1-3542'>\n\t\t\t\tCasa CorManca \/ Paul Cremoux Studio\n\t\t\t\t<\/figcaption><\/figure><figure class='gallery-item'>\n\t\t\t<div class='gallery-icon landscape'>\n\t\t\t\t<a href='https:\/\/www.arquimaster.com.ar\/web\/wp-content\/uploads\/2014\/02\/casa_cormanca19b.jpg' title=\"Casa CorManca \/ Paul Cremoux Studio\" data-rl_title=\"Casa CorManca \/ Paul Cremoux Studio\" class=\"rl-gallery-link\" data-rl_caption=\"Casa CorManca \/ Paul Cremoux Studio\" data-rel=\"lightbox-gallery-1\"><img loading=\"lazy\" decoding=\"async\" width=\"150\" height=\"150\" src=\"https:\/\/www.arquimaster.com.ar\/web\/wp-content\/uploads\/2014\/02\/casa_cormanca19b-150x150.jpg\" class=\"attachment-thumbnail size-thumbnail\" alt=\"\" aria-describedby=\"gallery-1-3543\" srcset=\"https:\/\/www.arquimaster.com.ar\/web\/wp-content\/uploads\/2014\/02\/casa_cormanca19b-150x150.jpg 150w, https:\/\/www.arquimaster.com.ar\/web\/wp-content\/uploads\/2014\/02\/casa_cormanca19b-50x50.jpg 50w, https:\/\/www.arquimaster.com.ar\/web\/wp-content\/uploads\/2014\/02\/casa_cormanca19b-125x125.jpg 125w\" sizes=\"auto, (max-width: 150px) 100vw, 150px\" \/><\/a>\n\t\t\t<\/div>\n\t\t\t\t<figcaption class='wp-caption-text gallery-caption' id='gallery-1-3543'>\n\t\t\t\tCasa CorManca \/ Paul Cremoux Studio\n\t\t\t\t<\/figcaption><\/figure><figure class='gallery-item'>\n\t\t\t<div class='gallery-icon landscape'>\n\t\t\t\t<a href='https:\/\/www.arquimaster.com.ar\/web\/wp-content\/uploads\/2014\/02\/casa_cormanca_pb.jpg' title=\"Casa CorManca \/ Paul Cremoux Studio (planta baja)\" data-rl_title=\"Casa CorManca \/ Paul Cremoux Studio (planta baja)\" class=\"rl-gallery-link\" data-rl_caption=\"Casa CorManca \/ Paul Cremoux Studio (planta baja)\" data-rel=\"lightbox-gallery-1\"><img loading=\"lazy\" decoding=\"async\" width=\"150\" height=\"150\" src=\"https:\/\/www.arquimaster.com.ar\/web\/wp-content\/uploads\/2014\/02\/casa_cormanca_pb-150x150.jpg\" class=\"attachment-thumbnail size-thumbnail\" alt=\"\" aria-describedby=\"gallery-1-3552\" srcset=\"https:\/\/www.arquimaster.com.ar\/web\/wp-content\/uploads\/2014\/02\/casa_cormanca_pb-150x150.jpg 150w, https:\/\/www.arquimaster.com.ar\/web\/wp-content\/uploads\/2014\/02\/casa_cormanca_pb-300x300.jpg 300w, https:\/\/www.arquimaster.com.ar\/web\/wp-content\/uploads\/2014\/02\/casa_cormanca_pb-50x50.jpg 50w, https:\/\/www.arquimaster.com.ar\/web\/wp-content\/uploads\/2014\/02\/casa_cormanca_pb-125x125.jpg 125w, https:\/\/www.arquimaster.com.ar\/web\/wp-content\/uploads\/2014\/02\/casa_cormanca_pb.jpg 800w\" sizes=\"auto, (max-width: 150px) 100vw, 150px\" \/><\/a>\n\t\t\t<\/div>\n\t\t\t\t<figcaption class='wp-caption-text gallery-caption' id='gallery-1-3552'>\n\t\t\t\tCasa CorManca \/ Paul Cremoux Studio (planta baja)\n\t\t\t\t<\/figcaption><\/figure><figure class='gallery-item'>\n\t\t\t<div class='gallery-icon landscape'>\n\t\t\t\t<a href='https:\/\/www.arquimaster.com.ar\/web\/wp-content\/uploads\/2014\/02\/casa_cormanca_pa.jpg' title=\"Casa CorManca \/ Paul Cremoux Studio (planta alta)\" data-rl_title=\"Casa CorManca \/ Paul Cremoux Studio (planta alta)\" class=\"rl-gallery-link\" data-rl_caption=\"Casa CorManca \/ Paul Cremoux Studio (planta alta)\" data-rel=\"lightbox-gallery-1\"><img loading=\"lazy\" decoding=\"async\" width=\"150\" height=\"150\" src=\"https:\/\/www.arquimaster.com.ar\/web\/wp-content\/uploads\/2014\/02\/casa_cormanca_pa-150x150.jpg\" class=\"attachment-thumbnail size-thumbnail\" alt=\"\" aria-describedby=\"gallery-1-3551\" srcset=\"https:\/\/www.arquimaster.com.ar\/web\/wp-content\/uploads\/2014\/02\/casa_cormanca_pa-150x150.jpg 150w, https:\/\/www.arquimaster.com.ar\/web\/wp-content\/uploads\/2014\/02\/casa_cormanca_pa-300x300.jpg 300w, https:\/\/www.arquimaster.com.ar\/web\/wp-content\/uploads\/2014\/02\/casa_cormanca_pa-50x50.jpg 50w, https:\/\/www.arquimaster.com.ar\/web\/wp-content\/uploads\/2014\/02\/casa_cormanca_pa-125x125.jpg 125w, https:\/\/www.arquimaster.com.ar\/web\/wp-content\/uploads\/2014\/02\/casa_cormanca_pa.jpg 800w\" sizes=\"auto, (max-width: 150px) 100vw, 150px\" \/><\/a>\n\t\t\t<\/div>\n\t\t\t\t<figcaption class='wp-caption-text gallery-caption' id='gallery-1-3551'>\n\t\t\t\tCasa CorManca \/ Paul Cremoux Studio (planta alta)\n\t\t\t\t<\/figcaption><\/figure><figure class='gallery-item'>\n\t\t\t<div class='gallery-icon landscape'>\n\t\t\t\t<a href='https:\/\/www.arquimaster.com.ar\/web\/wp-content\/uploads\/2014\/02\/casa_cormanca_pt.jpg' title=\"Casa CorManca \/ Paul Cremoux Studio (planta azotea)\" data-rl_title=\"Casa CorManca \/ Paul Cremoux Studio (planta azotea)\" class=\"rl-gallery-link\" data-rl_caption=\"Casa CorManca \/ Paul Cremoux Studio (planta azotea)\" data-rel=\"lightbox-gallery-1\"><img loading=\"lazy\" decoding=\"async\" width=\"150\" height=\"150\" src=\"https:\/\/www.arquimaster.com.ar\/web\/wp-content\/uploads\/2014\/02\/casa_cormanca_pt-150x150.jpg\" class=\"attachment-thumbnail size-thumbnail\" alt=\"\" aria-describedby=\"gallery-1-3553\" srcset=\"https:\/\/www.arquimaster.com.ar\/web\/wp-content\/uploads\/2014\/02\/casa_cormanca_pt-150x150.jpg 150w, https:\/\/www.arquimaster.com.ar\/web\/wp-content\/uploads\/2014\/02\/casa_cormanca_pt-300x300.jpg 300w, https:\/\/www.arquimaster.com.ar\/web\/wp-content\/uploads\/2014\/02\/casa_cormanca_pt-50x50.jpg 50w, https:\/\/www.arquimaster.com.ar\/web\/wp-content\/uploads\/2014\/02\/casa_cormanca_pt-125x125.jpg 125w, https:\/\/www.arquimaster.com.ar\/web\/wp-content\/uploads\/2014\/02\/casa_cormanca_pt.jpg 800w\" sizes=\"auto, (max-width: 150px) 100vw, 150px\" \/><\/a>\n\t\t\t<\/div>\n\t\t\t\t<figcaption class='wp-caption-text gallery-caption' id='gallery-1-3553'>\n\t\t\t\tCasa CorManca \/ Paul Cremoux Studio (planta azotea)\n\t\t\t\t<\/figcaption><\/figure><figure class='gallery-item'>\n\t\t\t<div class='gallery-icon landscape'>\n\t\t\t\t<a href='https:\/\/www.arquimaster.com.ar\/web\/wp-content\/uploads\/2014\/02\/casa_cormanca_c1.jpg' title=\"Casa CorManca \/ Paul Cremoux Studio (corte)\" data-rl_title=\"Casa CorManca \/ Paul Cremoux Studio (corte)\" class=\"rl-gallery-link\" data-rl_caption=\"Casa CorManca \/ Paul Cremoux Studio (corte)\" data-rel=\"lightbox-gallery-1\"><img loading=\"lazy\" decoding=\"async\" width=\"150\" height=\"150\" src=\"https:\/\/www.arquimaster.com.ar\/web\/wp-content\/uploads\/2014\/02\/casa_cormanca_c1-150x150.jpg\" class=\"attachment-thumbnail size-thumbnail\" alt=\"\" aria-describedby=\"gallery-1-3544\" srcset=\"https:\/\/www.arquimaster.com.ar\/web\/wp-content\/uploads\/2014\/02\/casa_cormanca_c1-150x150.jpg 150w, https:\/\/www.arquimaster.com.ar\/web\/wp-content\/uploads\/2014\/02\/casa_cormanca_c1-50x50.jpg 50w, https:\/\/www.arquimaster.com.ar\/web\/wp-content\/uploads\/2014\/02\/casa_cormanca_c1-125x125.jpg 125w\" sizes=\"auto, (max-width: 150px) 100vw, 150px\" \/><\/a>\n\t\t\t<\/div>\n\t\t\t\t<figcaption class='wp-caption-text gallery-caption' id='gallery-1-3544'>\n\t\t\t\tCasa CorManca \/ Paul Cremoux Studio (corte)\n\t\t\t\t<\/figcaption><\/figure><figure class='gallery-item'>\n\t\t\t<div class='gallery-icon landscape'>\n\t\t\t\t<a href='https:\/\/www.arquimaster.com.ar\/web\/wp-content\/uploads\/2014\/02\/casa_cormanca_c2.jpg' title=\"Casa CorManca \/ Paul Cremoux Studio (corte)\" data-rl_title=\"Casa CorManca \/ Paul Cremoux Studio (corte)\" class=\"rl-gallery-link\" data-rl_caption=\"Casa CorManca \/ Paul Cremoux Studio (corte)\" data-rel=\"lightbox-gallery-1\"><img loading=\"lazy\" decoding=\"async\" width=\"150\" height=\"150\" src=\"https:\/\/www.arquimaster.com.ar\/web\/wp-content\/uploads\/2014\/02\/casa_cormanca_c2-150x150.jpg\" class=\"attachment-thumbnail size-thumbnail\" alt=\"\" aria-describedby=\"gallery-1-3545\" srcset=\"https:\/\/www.arquimaster.com.ar\/web\/wp-content\/uploads\/2014\/02\/casa_cormanca_c2-150x150.jpg 150w, https:\/\/www.arquimaster.com.ar\/web\/wp-content\/uploads\/2014\/02\/casa_cormanca_c2-50x50.jpg 50w, https:\/\/www.arquimaster.com.ar\/web\/wp-content\/uploads\/2014\/02\/casa_cormanca_c2-125x125.jpg 125w\" sizes=\"auto, (max-width: 150px) 100vw, 150px\" \/><\/a>\n\t\t\t<\/div>\n\t\t\t\t<figcaption class='wp-caption-text gallery-caption' id='gallery-1-3545'>\n\t\t\t\tCasa CorManca \/ Paul Cremoux Studio (corte)\n\t\t\t\t<\/figcaption><\/figure><figure class='gallery-item'>\n\t\t\t<div class='gallery-icon landscape'>\n\t\t\t\t<a href='https:\/\/www.arquimaster.com.ar\/web\/wp-content\/uploads\/2014\/02\/casa_cormanca_c3.jpg' title=\"Casa CorManca \/ Paul Cremoux Studio (corte)\" data-rl_title=\"Casa CorManca \/ Paul Cremoux Studio (corte)\" class=\"rl-gallery-link\" data-rl_caption=\"Casa CorManca \/ Paul Cremoux Studio (corte)\" data-rel=\"lightbox-gallery-1\"><img loading=\"lazy\" decoding=\"async\" width=\"150\" height=\"150\" src=\"https:\/\/www.arquimaster.com.ar\/web\/wp-content\/uploads\/2014\/02\/casa_cormanca_c3-150x150.jpg\" class=\"attachment-thumbnail size-thumbnail\" alt=\"\" aria-describedby=\"gallery-1-3546\" srcset=\"https:\/\/www.arquimaster.com.ar\/web\/wp-content\/uploads\/2014\/02\/casa_cormanca_c3-150x150.jpg 150w, https:\/\/www.arquimaster.com.ar\/web\/wp-content\/uploads\/2014\/02\/casa_cormanca_c3-50x50.jpg 50w, https:\/\/www.arquimaster.com.ar\/web\/wp-content\/uploads\/2014\/02\/casa_cormanca_c3-125x125.jpg 125w\" sizes=\"auto, (max-width: 150px) 100vw, 150px\" \/><\/a>\n\t\t\t<\/div>\n\t\t\t\t<figcaption class='wp-caption-text gallery-caption' id='gallery-1-3546'>\n\t\t\t\tCasa CorManca \/ Paul Cremoux Studio (corte)\n\t\t\t\t<\/figcaption><\/figure><figure class='gallery-item'>\n\t\t\t<div class='gallery-icon landscape'>\n\t\t\t\t<a href='https:\/\/www.arquimaster.com.ar\/web\/wp-content\/uploads\/2014\/02\/casa_cormanca_c4.jpg' title=\"Casa CorManca \/ Paul Cremoux Studio (corte)\" data-rl_title=\"Casa CorManca \/ Paul Cremoux Studio (corte)\" class=\"rl-gallery-link\" data-rl_caption=\"Casa CorManca \/ Paul Cremoux Studio (corte)\" data-rel=\"lightbox-gallery-1\"><img loading=\"lazy\" decoding=\"async\" width=\"150\" height=\"150\" src=\"https:\/\/www.arquimaster.com.ar\/web\/wp-content\/uploads\/2014\/02\/casa_cormanca_c4-150x150.jpg\" class=\"attachment-thumbnail size-thumbnail\" alt=\"\" aria-describedby=\"gallery-1-3547\" srcset=\"https:\/\/www.arquimaster.com.ar\/web\/wp-content\/uploads\/2014\/02\/casa_cormanca_c4-150x150.jpg 150w, https:\/\/www.arquimaster.com.ar\/web\/wp-content\/uploads\/2014\/02\/casa_cormanca_c4-50x50.jpg 50w, https:\/\/www.arquimaster.com.ar\/web\/wp-content\/uploads\/2014\/02\/casa_cormanca_c4-125x125.jpg 125w\" sizes=\"auto, (max-width: 150px) 100vw, 150px\" \/><\/a>\n\t\t\t<\/div>\n\t\t\t\t<figcaption class='wp-caption-text gallery-caption' id='gallery-1-3547'>\n\t\t\t\tCasa CorManca \/ Paul Cremoux Studio (corte)\n\t\t\t\t<\/figcaption><\/figure><figure class='gallery-item'>\n\t\t\t<div class='gallery-icon landscape'>\n\t\t\t\t<a href='https:\/\/www.arquimaster.com.ar\/web\/wp-content\/uploads\/2014\/02\/casa_cormanca_c5.jpg' title=\"Casa CorManca \/ Paul Cremoux Studio (corte)\" data-rl_title=\"Casa CorManca \/ Paul Cremoux Studio (corte)\" class=\"rl-gallery-link\" data-rl_caption=\"Casa CorManca \/ Paul Cremoux Studio (corte)\" data-rel=\"lightbox-gallery-1\"><img loading=\"lazy\" decoding=\"async\" width=\"150\" height=\"150\" src=\"https:\/\/www.arquimaster.com.ar\/web\/wp-content\/uploads\/2014\/02\/casa_cormanca_c5-150x150.jpg\" class=\"attachment-thumbnail size-thumbnail\" alt=\"\" aria-describedby=\"gallery-1-3548\" srcset=\"https:\/\/www.arquimaster.com.ar\/web\/wp-content\/uploads\/2014\/02\/casa_cormanca_c5-150x150.jpg 150w, https:\/\/www.arquimaster.com.ar\/web\/wp-content\/uploads\/2014\/02\/casa_cormanca_c5-50x50.jpg 50w, https:\/\/www.arquimaster.com.ar\/web\/wp-content\/uploads\/2014\/02\/casa_cormanca_c5-125x125.jpg 125w\" sizes=\"auto, (max-width: 150px) 100vw, 150px\" \/><\/a>\n\t\t\t<\/div>\n\t\t\t\t<figcaption class='wp-caption-text gallery-caption' id='gallery-1-3548'>\n\t\t\t\tCasa CorManca \/ Paul Cremoux Studio (corte)\n\t\t\t\t<\/figcaption><\/figure><figure class='gallery-item'>\n\t\t\t<div class='gallery-icon landscape'>\n\t\t\t\t<a href='https:\/\/www.arquimaster.com.ar\/web\/wp-content\/uploads\/2014\/02\/casa_cormanca_c6.jpg' title=\"Casa CorManca \/ Paul Cremoux Studio (corte)\" data-rl_title=\"Casa CorManca \/ Paul Cremoux Studio (corte)\" class=\"rl-gallery-link\" data-rl_caption=\"Casa CorManca \/ Paul Cremoux Studio (corte)\" data-rel=\"lightbox-gallery-1\"><img loading=\"lazy\" decoding=\"async\" width=\"150\" height=\"150\" src=\"https:\/\/www.arquimaster.com.ar\/web\/wp-content\/uploads\/2014\/02\/casa_cormanca_c6-150x150.jpg\" class=\"attachment-thumbnail size-thumbnail\" alt=\"\" aria-describedby=\"gallery-1-3549\" srcset=\"https:\/\/www.arquimaster.com.ar\/web\/wp-content\/uploads\/2014\/02\/casa_cormanca_c6-150x150.jpg 150w, https:\/\/www.arquimaster.com.ar\/web\/wp-content\/uploads\/2014\/02\/casa_cormanca_c6-50x50.jpg 50w, https:\/\/www.arquimaster.com.ar\/web\/wp-content\/uploads\/2014\/02\/casa_cormanca_c6-125x125.jpg 125w\" sizes=\"auto, (max-width: 150px) 100vw, 150px\" \/><\/a>\n\t\t\t<\/div>\n\t\t\t\t<figcaption class='wp-caption-text gallery-caption' id='gallery-1-3549'>\n\t\t\t\tCasa CorManca \/ Paul Cremoux Studio (corte)\n\t\t\t\t<\/figcaption><\/figure><figure class='gallery-item'>\n\t\t\t<div class='gallery-icon portrait'>\n\t\t\t\t<a href='https:\/\/www.arquimaster.com.ar\/web\/wp-content\/uploads\/2014\/02\/casa_cormanca_c7.jpg' title=\"Casa CorManca \/ Paul Cremoux Studio (corte)\" data-rl_title=\"Casa CorManca \/ Paul Cremoux Studio (corte)\" class=\"rl-gallery-link\" data-rl_caption=\"Casa CorManca \/ Paul Cremoux Studio (corte)\" data-rel=\"lightbox-gallery-1\"><img loading=\"lazy\" decoding=\"async\" width=\"150\" height=\"150\" src=\"https:\/\/www.arquimaster.com.ar\/web\/wp-content\/uploads\/2014\/02\/casa_cormanca_c7-150x150.jpg\" class=\"attachment-thumbnail size-thumbnail\" alt=\"\" aria-describedby=\"gallery-1-3550\" srcset=\"https:\/\/www.arquimaster.com.ar\/web\/wp-content\/uploads\/2014\/02\/casa_cormanca_c7-150x150.jpg 150w, https:\/\/www.arquimaster.com.ar\/web\/wp-content\/uploads\/2014\/02\/casa_cormanca_c7-50x50.jpg 50w, https:\/\/www.arquimaster.com.ar\/web\/wp-content\/uploads\/2014\/02\/casa_cormanca_c7-125x125.jpg 125w\" sizes=\"auto, (max-width: 150px) 100vw, 150px\" \/><\/a>\n\t\t\t<\/div>\n\t\t\t\t<figcaption class='wp-caption-text gallery-caption' id='gallery-1-3550'>\n\t\t\t\tCasa CorManca \/ Paul Cremoux Studio (corte)\n\t\t\t\t<\/figcaption><\/figure>\n\t\t<\/div>\n\n<p>El <strong>contraste entre el material negro del exterior y la madera del interior<\/strong> transforman la experiencia espacial de esta casa habitaci\u00f3n que cuenta con unos 540 m2 de construcci\u00f3n, en un terreno de 127 m2.<\/p>\n<p>El proyecto responde a la necesidad de<strong> introducir la m\u00e1xima cantidad de luz natural<\/strong>, ya que el lote se encuentra rodeado de colindancias altas y una orientaci\u00f3n comprometida.<\/p>\n<p>De esta manera, la construcci\u00f3n se retranque hacia el norte para lograr la mayor distancia de la colindancia y permitir la entrada del sol.<\/p>\n<p>En realidad la zona de esparcimiento general se encuentra en el primer piso, es una <strong>terraza<\/strong> amplia que contiene el peque\u00f1o estudio y el<strong> jard\u00edn vertical <\/strong>principal.<\/p>\n<p>La mayor\u00eda de las vistas son dirigidas hacia el sur donde se encuentra las plantas, estas son la \u00fanica forma de establecer un <strong>v\u00ednculo natural trascendente<\/strong>, una <strong>vista relajante<\/strong>, un <strong>oasis del exterior<\/strong>.<\/p>\n<p>As\u00ed, la <strong>vegetaci\u00f3n<\/strong> es tratada como un <strong>plano teatral<\/strong>, una cortina que produce la sensaci\u00f3n de un posible espacio detr\u00e1s de ella.<\/p>\n<p>Queremos que sea un elemento enigm\u00e1tico que provoque <strong>amplitud sensorial<\/strong>.<\/p>\n<p>La casa se encuentra equipada con una serie de <strong>sistemas pasivos de control de temperatura<\/strong>, como son <strong>chimeneas solares<\/strong>, <strong>producci\u00f3n de agua filtrada<\/strong> y <strong>baja dependencia energ\u00e9tica<\/strong>.<\/p>\n<p>Con este proyecto producimos m\u00e1s ox\u00edgeno, humedad, agua limpia y nutrientes para el subsuelo de los que se generaban en el lote antes de su edificaci\u00f3n.<\/p>\n<p><strong>Acerca de los proyectistas<\/strong><br \/>\nPaul Cremoux Studio es un despacho de dise\u00f1o sostenible enfocado en realizar ejercicios acad\u00e9micos, servicios de an\u00e1lisis y consulta en el desarrollo inmobiliario sostenible.<\/p>\n<p>En nuestra pr\u00e1ctica pensamos que relaci\u00f3n entre el proceso y el resultado final constituye un par\u00e1metro de inter\u00e9s primordial en la implementaci\u00f3n de ideas arquitect\u00f3nicas.<\/p>\n<p>Hemos sido entrevistados en Proyecto 40 sobre temas de sostenibilidad, expuesto nuestro trabajo en el (MAM) Museo de Arte Moderno de la Ciudad de M\u00e9xico. Ye en el RIBA (Royal Institute of British Architects) en Londres, Iglaterra. Ganadores y finalistas en diversos concursos internacionales adem\u00e1s becarios del CONACYT, (Consejo Nacional de Ciencia y Tecnolog\u00eda), FONCA, (Fondo Nacional para la Cultura y las Artes) y la Secretaria de Relaciones Exteriores entre otros. Hemos ejercemos trabajo acad\u00e9mico en la UNAM, IBERO, ANAHUAC, y en el TEC de Monterrey.<\/p>\n<p><strong>Ficha t\u00e9cnica<\/strong><br \/>\nNombre: Casa CorManca<br \/>\nUbicacion: Ciudad de Mexico, Mexico<br \/>\nArquitecto Dise\u00f1ador: Paul Cremoux W.<br \/>\nEquipo: Anna Giribets Martin, coordinadora<br \/>\nEstructura: Arq. Ricardo Camacho<br \/>\nIngenier\u00edas, Consultor en sustentabilidad y Jard\u00edn vertical:<br \/>\nIng. Jos\u00e9 Antonio Lino Mina, DIA<br \/>\nConstrucci\u00f3n: Ferm\u00edn Espinosa, Alfredo Galv\u00e1n, Factor Eficiencia<br \/>\nSupervici\u00f3n Arquitect\u00f3nica: Paul Cremoux Studio<br \/>\nFotos: H\u00e9ctor Armando Herrera y PCW<\/p>\n<p><strong>Contacto<\/strong>: <a href=\"http:\/\/www.paulcremoux.com\" target=\"_blank\">http:\/\/www.paulcremoux.com<\/a><\/p>\n<p>&nbsp;<\/p>\n<p><strong><em>English version<\/em><\/strong><\/p>\n<p><em>On a 12 meters by 13 meters (39ft by 42ft) plot of land, a monolithic volume is transformed in order to attain luminous indoor spaces.<\/em><\/p>\n<p><em>Slade stone at the exterior facades is contrasted with the soft beech wood finish, achieving great definition and special discovery.<\/em><\/p>\n<p><em>Built in a small plot of land 176 m2 (1894 SqFt), the construction rises looking south to the vertical vegetation garden wall.<\/em><\/p>\n<p><em>It is a 3 stories high assembly where the main terrace is to be found at the second level, follow by a small lecture studio.<\/em><\/p>\n<p><em>This area is intent to transform radically the notion of \u00abopen patio garden\u00bb since there is not really space to ensure a ground courtyard, the main terrace plays a social definitive roll.<\/em><\/p>\n<p><em>Recyclable content is highly used in all material and passive energy-temperature control strategies are bound into the core design.<\/em><\/p>\n<p><em>Three heat exhaustion chimney work as main devices to control hot temperature at bedrooms areas.<\/em><\/p>\n<p><em>Vertical garden is a mayor air quality and humidity creator, where before there was any plant, not we have planted over 4000.<\/em><\/p>\n<p><em>We would like to think about vegetation not only as a practical temperature-humidity comfort control device, or as a beautiful energetic view, but also as an element that acts like a light curtain, accomplishing the idea of a theatrical dramatic plane, where more space is to be found at the back.<\/em><\/p>\n\n<div style=\"font-size: 0px; height: 0px; line-height: 0px; margin: 0; padding: 0; clear: both;\"><\/div><div style=\"margin-top: 0px; margin-bottom: 0px;\" class=\"sharethis-inline-share-buttons\" ><\/div>","protected":false},"excerpt":{"rendered":"<p>La vegetaci\u00f3n es tratada como un plano teatral, incluyendo un gran jard\u00edn vertical&#8230;<\/p>\n","protected":false},"author":1,"featured_media":3524,"comment_status":"closed","ping_status":"closed","sticky":false,"template":"","format":"standard","meta":{"_uag_custom_page_level_css":"","footnotes":""},"categories":[1,83],"tags":[843,250,975,976,974,973,317],"class_list":["post-3523","post","type-post","status-publish","format-standard","has-post-thumbnail","hentry","category-proyecto","category-vivienda-unifamiliar","tag-casa-sustentable","tag-ciudad-de-mexico","tag-jardin-vertical","tag-muro-verde","tag-paul-cremoux","tag-paul-cremoux-studio","tag-sustentable","generate-columns","tablet-grid-50","mobile-grid-100","grid-parent","grid-50"],"yoast_head":"<!-- This site is optimized with the Yoast SEO plugin v27.3 - https:\/\/yoast.com\/product\/yoast-seo-wordpress\/ -->\n<title>Casa CorManca \/ Paul Cremoux Studio - Arquimaster<\/title>\n<meta name=\"robots\" content=\"index, follow, max-snippet:-1, max-image-preview:large, max-video-preview:-1\" \/>\n<link rel=\"canonical\" href=\"https:\/\/www.arquimaster.com.ar\/web\/casa-cormanca-paul-cremoux-studio\/\" \/>\n<meta property=\"og:locale\" content=\"es_ES\" \/>\n<meta property=\"og:type\" content=\"article\" \/>\n<meta property=\"og:title\" content=\"Casa CorManca \/ Paul Cremoux Studio - Arquimaster\" \/>\n<meta property=\"og:description\" content=\"La vegetaci\u00f3n es tratada como un plano teatral, incluyendo un gran jard\u00edn vertical...\" \/>\n<meta property=\"og:url\" content=\"https:\/\/www.arquimaster.com.ar\/web\/casa-cormanca-paul-cremoux-studio\/\" \/>\n<meta property=\"og:site_name\" content=\"Arquimaster\" \/>\n<meta property=\"article:publisher\" content=\"http:\/\/www.facebook.com\/ARQUIMASTER.com.ar\" \/>\n<meta property=\"article:published_time\" content=\"2013-05-30T23:46:13+00:00\" \/>\n<meta property=\"article:modified_time\" content=\"2019-01-08T20:34:35+00:00\" \/>\n<meta property=\"og:image\" content=\"https:\/\/www.arquimaster.com.ar\/web\/wp-content\/uploads\/2014\/02\/casa_cormanca_slide.jpg\" \/>\n\t<meta property=\"og:image:width\" content=\"642\" \/>\n\t<meta property=\"og:image:height\" content=\"336\" \/>\n\t<meta property=\"og:image:type\" content=\"image\/jpeg\" \/>\n<meta name=\"author\" content=\"Arquimaster\" \/>\n<meta name=\"twitter:card\" content=\"summary_large_image\" \/>\n<meta name=\"twitter:creator\" content=\"@arquimaster\" \/>\n<meta name=\"twitter:site\" content=\"@arquimaster\" \/>\n<meta name=\"twitter:label1\" content=\"Escrito por\" \/>\n\t<meta name=\"twitter:data1\" content=\"Arquimaster\" \/>\n\t<meta name=\"twitter:label2\" content=\"Tiempo de lectura\" \/>\n\t<meta name=\"twitter:data2\" content=\"4 minutos\" \/>\n<script type=\"application\/ld+json\" class=\"yoast-schema-graph\">{\"@context\":\"https:\\\/\\\/schema.org\",\"@graph\":[{\"@type\":\"Article\",\"@id\":\"https:\\\/\\\/www.arquimaster.com.ar\\\/web\\\/casa-cormanca-paul-cremoux-studio\\\/#article\",\"isPartOf\":{\"@id\":\"https:\\\/\\\/www.arquimaster.com.ar\\\/web\\\/casa-cormanca-paul-cremoux-studio\\\/\"},\"author\":{\"name\":\"Arquimaster\",\"@id\":\"https:\\\/\\\/www.arquimaster.com.ar\\\/web\\\/#\\\/schema\\\/person\\\/359e9f7c00193fcde068e0dd2ceb0028\"},\"headline\":\"Casa CorManca \\\/ Paul Cremoux Studio\",\"datePublished\":\"2013-05-30T23:46:13+00:00\",\"dateModified\":\"2019-01-08T20:34:35+00:00\",\"mainEntityOfPage\":{\"@id\":\"https:\\\/\\\/www.arquimaster.com.ar\\\/web\\\/casa-cormanca-paul-cremoux-studio\\\/\"},\"wordCount\":735,\"publisher\":{\"@id\":\"https:\\\/\\\/www.arquimaster.com.ar\\\/web\\\/#organization\"},\"image\":{\"@id\":\"https:\\\/\\\/www.arquimaster.com.ar\\\/web\\\/casa-cormanca-paul-cremoux-studio\\\/#primaryimage\"},\"thumbnailUrl\":\"https:\\\/\\\/www.arquimaster.com.ar\\\/web\\\/wp-content\\\/uploads\\\/2014\\\/02\\\/casa_cormanca_slide.jpg\",\"keywords\":[\"casa sustentable\",\"Ciudad de Mexico\",\"jardin vertical\",\"muro verde\",\"Paul Cremoux\",\"Paul Cremoux Studio\",\"sustentable\"],\"articleSection\":[\"Proyecto\",\"Vivienda unifamiliar y PH\"],\"inLanguage\":\"es\"},{\"@type\":\"WebPage\",\"@id\":\"https:\\\/\\\/www.arquimaster.com.ar\\\/web\\\/casa-cormanca-paul-cremoux-studio\\\/\",\"url\":\"https:\\\/\\\/www.arquimaster.com.ar\\\/web\\\/casa-cormanca-paul-cremoux-studio\\\/\",\"name\":\"Casa CorManca \\\/ Paul Cremoux Studio - Arquimaster\",\"isPartOf\":{\"@id\":\"https:\\\/\\\/www.arquimaster.com.ar\\\/web\\\/#website\"},\"primaryImageOfPage\":{\"@id\":\"https:\\\/\\\/www.arquimaster.com.ar\\\/web\\\/casa-cormanca-paul-cremoux-studio\\\/#primaryimage\"},\"image\":{\"@id\":\"https:\\\/\\\/www.arquimaster.com.ar\\\/web\\\/casa-cormanca-paul-cremoux-studio\\\/#primaryimage\"},\"thumbnailUrl\":\"https:\\\/\\\/www.arquimaster.com.ar\\\/web\\\/wp-content\\\/uploads\\\/2014\\\/02\\\/casa_cormanca_slide.jpg\",\"datePublished\":\"2013-05-30T23:46:13+00:00\",\"dateModified\":\"2019-01-08T20:34:35+00:00\",\"breadcrumb\":{\"@id\":\"https:\\\/\\\/www.arquimaster.com.ar\\\/web\\\/casa-cormanca-paul-cremoux-studio\\\/#breadcrumb\"},\"inLanguage\":\"es\",\"potentialAction\":[{\"@type\":\"ReadAction\",\"target\":[\"https:\\\/\\\/www.arquimaster.com.ar\\\/web\\\/casa-cormanca-paul-cremoux-studio\\\/\"]}]},{\"@type\":\"ImageObject\",\"inLanguage\":\"es\",\"@id\":\"https:\\\/\\\/www.arquimaster.com.ar\\\/web\\\/casa-cormanca-paul-cremoux-studio\\\/#primaryimage\",\"url\":\"https:\\\/\\\/www.arquimaster.com.ar\\\/web\\\/wp-content\\\/uploads\\\/2014\\\/02\\\/casa_cormanca_slide.jpg\",\"contentUrl\":\"https:\\\/\\\/www.arquimaster.com.ar\\\/web\\\/wp-content\\\/uploads\\\/2014\\\/02\\\/casa_cormanca_slide.jpg\",\"width\":642,\"height\":336},{\"@type\":\"BreadcrumbList\",\"@id\":\"https:\\\/\\\/www.arquimaster.com.ar\\\/web\\\/casa-cormanca-paul-cremoux-studio\\\/#breadcrumb\",\"itemListElement\":[{\"@type\":\"ListItem\",\"position\":1,\"name\":\"Portada\",\"item\":\"https:\\\/\\\/www.arquimaster.com.ar\\\/web\\\/\"},{\"@type\":\"ListItem\",\"position\":2,\"name\":\"Casa CorManca \\\/ Paul Cremoux Studio\"}]},{\"@type\":\"WebSite\",\"@id\":\"https:\\\/\\\/www.arquimaster.com.ar\\\/web\\\/#website\",\"url\":\"https:\\\/\\\/www.arquimaster.com.ar\\\/web\\\/\",\"name\":\"Arquimaster\",\"description\":\"Web de arquitectura, dise\u00f1o y construccion\",\"publisher\":{\"@id\":\"https:\\\/\\\/www.arquimaster.com.ar\\\/web\\\/#organization\"},\"potentialAction\":[{\"@type\":\"SearchAction\",\"target\":{\"@type\":\"EntryPoint\",\"urlTemplate\":\"https:\\\/\\\/www.arquimaster.com.ar\\\/web\\\/?s={search_term_string}\"},\"query-input\":{\"@type\":\"PropertyValueSpecification\",\"valueRequired\":true,\"valueName\":\"search_term_string\"}}],\"inLanguage\":\"es\"},{\"@type\":\"Organization\",\"@id\":\"https:\\\/\\\/www.arquimaster.com.ar\\\/web\\\/#organization\",\"name\":\"Arquimaster\",\"url\":\"https:\\\/\\\/www.arquimaster.com.ar\\\/web\\\/\",\"logo\":{\"@type\":\"ImageObject\",\"inLanguage\":\"es\",\"@id\":\"https:\\\/\\\/www.arquimaster.com.ar\\\/web\\\/#\\\/schema\\\/logo\\\/image\\\/\",\"url\":\"https:\\\/\\\/www.arquimaster.com.ar\\\/web\\\/wp-content\\\/uploads\\\/2022\\\/06\\\/arquimaster.png\",\"contentUrl\":\"https:\\\/\\\/www.arquimaster.com.ar\\\/web\\\/wp-content\\\/uploads\\\/2022\\\/06\\\/arquimaster.png\",\"width\":594,\"height\":78,\"caption\":\"Arquimaster\"},\"image\":{\"@id\":\"https:\\\/\\\/www.arquimaster.com.ar\\\/web\\\/#\\\/schema\\\/logo\\\/image\\\/\"},\"sameAs\":[\"http:\\\/\\\/www.facebook.com\\\/ARQUIMASTER.com.ar\",\"https:\\\/\\\/x.com\\\/arquimaster\",\"https:\\\/\\\/www.instagram.com\\\/arquimasterblog\\\/\",\"https:\\\/\\\/www.linkedin.com\\\/company\\\/arquimaster\",\"https:\\\/\\\/www.pinterest.com\\\/arquimaster\",\"https:\\\/\\\/t.me\\\/arquimaster\"]},{\"@type\":\"Person\",\"@id\":\"https:\\\/\\\/www.arquimaster.com.ar\\\/web\\\/#\\\/schema\\\/person\\\/359e9f7c00193fcde068e0dd2ceb0028\",\"name\":\"Arquimaster\"}]}<\/script>\n<!-- \/ Yoast SEO plugin. -->","yoast_head_json":{"title":"Casa CorManca \/ Paul Cremoux Studio - Arquimaster","robots":{"index":"index","follow":"follow","max-snippet":"max-snippet:-1","max-image-preview":"max-image-preview:large","max-video-preview":"max-video-preview:-1"},"canonical":"https:\/\/www.arquimaster.com.ar\/web\/casa-cormanca-paul-cremoux-studio\/","og_locale":"es_ES","og_type":"article","og_title":"Casa CorManca \/ Paul Cremoux Studio - Arquimaster","og_description":"La vegetaci\u00f3n es tratada como un plano teatral, incluyendo un gran jard\u00edn vertical...","og_url":"https:\/\/www.arquimaster.com.ar\/web\/casa-cormanca-paul-cremoux-studio\/","og_site_name":"Arquimaster","article_publisher":"http:\/\/www.facebook.com\/ARQUIMASTER.com.ar","article_published_time":"2013-05-30T23:46:13+00:00","article_modified_time":"2019-01-08T20:34:35+00:00","og_image":[{"width":642,"height":336,"url":"https:\/\/www.arquimaster.com.ar\/web\/wp-content\/uploads\/2014\/02\/casa_cormanca_slide.jpg","type":"image\/jpeg"}],"author":"Arquimaster","twitter_card":"summary_large_image","twitter_creator":"@arquimaster","twitter_site":"@arquimaster","twitter_misc":{"Escrito por":"Arquimaster","Tiempo de lectura":"4 minutos"},"schema":{"@context":"https:\/\/schema.org","@graph":[{"@type":"Article","@id":"https:\/\/www.arquimaster.com.ar\/web\/casa-cormanca-paul-cremoux-studio\/#article","isPartOf":{"@id":"https:\/\/www.arquimaster.com.ar\/web\/casa-cormanca-paul-cremoux-studio\/"},"author":{"name":"Arquimaster","@id":"https:\/\/www.arquimaster.com.ar\/web\/#\/schema\/person\/359e9f7c00193fcde068e0dd2ceb0028"},"headline":"Casa CorManca \/ Paul Cremoux Studio","datePublished":"2013-05-30T23:46:13+00:00","dateModified":"2019-01-08T20:34:35+00:00","mainEntityOfPage":{"@id":"https:\/\/www.arquimaster.com.ar\/web\/casa-cormanca-paul-cremoux-studio\/"},"wordCount":735,"publisher":{"@id":"https:\/\/www.arquimaster.com.ar\/web\/#organization"},"image":{"@id":"https:\/\/www.arquimaster.com.ar\/web\/casa-cormanca-paul-cremoux-studio\/#primaryimage"},"thumbnailUrl":"https:\/\/www.arquimaster.com.ar\/web\/wp-content\/uploads\/2014\/02\/casa_cormanca_slide.jpg","keywords":["casa sustentable","Ciudad de Mexico","jardin vertical","muro verde","Paul Cremoux","Paul Cremoux Studio","sustentable"],"articleSection":["Proyecto","Vivienda unifamiliar y PH"],"inLanguage":"es"},{"@type":"WebPage","@id":"https:\/\/www.arquimaster.com.ar\/web\/casa-cormanca-paul-cremoux-studio\/","url":"https:\/\/www.arquimaster.com.ar\/web\/casa-cormanca-paul-cremoux-studio\/","name":"Casa CorManca \/ Paul Cremoux Studio - Arquimaster","isPartOf":{"@id":"https:\/\/www.arquimaster.com.ar\/web\/#website"},"primaryImageOfPage":{"@id":"https:\/\/www.arquimaster.com.ar\/web\/casa-cormanca-paul-cremoux-studio\/#primaryimage"},"image":{"@id":"https:\/\/www.arquimaster.com.ar\/web\/casa-cormanca-paul-cremoux-studio\/#primaryimage"},"thumbnailUrl":"https:\/\/www.arquimaster.com.ar\/web\/wp-content\/uploads\/2014\/02\/casa_cormanca_slide.jpg","datePublished":"2013-05-30T23:46:13+00:00","dateModified":"2019-01-08T20:34:35+00:00","breadcrumb":{"@id":"https:\/\/www.arquimaster.com.ar\/web\/casa-cormanca-paul-cremoux-studio\/#breadcrumb"},"inLanguage":"es","potentialAction":[{"@type":"ReadAction","target":["https:\/\/www.arquimaster.com.ar\/web\/casa-cormanca-paul-cremoux-studio\/"]}]},{"@type":"ImageObject","inLanguage":"es","@id":"https:\/\/www.arquimaster.com.ar\/web\/casa-cormanca-paul-cremoux-studio\/#primaryimage","url":"https:\/\/www.arquimaster.com.ar\/web\/wp-content\/uploads\/2014\/02\/casa_cormanca_slide.jpg","contentUrl":"https:\/\/www.arquimaster.com.ar\/web\/wp-content\/uploads\/2014\/02\/casa_cormanca_slide.jpg","width":642,"height":336},{"@type":"BreadcrumbList","@id":"https:\/\/www.arquimaster.com.ar\/web\/casa-cormanca-paul-cremoux-studio\/#breadcrumb","itemListElement":[{"@type":"ListItem","position":1,"name":"Portada","item":"https:\/\/www.arquimaster.com.ar\/web\/"},{"@type":"ListItem","position":2,"name":"Casa CorManca \/ Paul Cremoux Studio"}]},{"@type":"WebSite","@id":"https:\/\/www.arquimaster.com.ar\/web\/#website","url":"https:\/\/www.arquimaster.com.ar\/web\/","name":"Arquimaster","description":"Web de arquitectura, dise\u00f1o y construccion","publisher":{"@id":"https:\/\/www.arquimaster.com.ar\/web\/#organization"},"potentialAction":[{"@type":"SearchAction","target":{"@type":"EntryPoint","urlTemplate":"https:\/\/www.arquimaster.com.ar\/web\/?s={search_term_string}"},"query-input":{"@type":"PropertyValueSpecification","valueRequired":true,"valueName":"search_term_string"}}],"inLanguage":"es"},{"@type":"Organization","@id":"https:\/\/www.arquimaster.com.ar\/web\/#organization","name":"Arquimaster","url":"https:\/\/www.arquimaster.com.ar\/web\/","logo":{"@type":"ImageObject","inLanguage":"es","@id":"https:\/\/www.arquimaster.com.ar\/web\/#\/schema\/logo\/image\/","url":"https:\/\/www.arquimaster.com.ar\/web\/wp-content\/uploads\/2022\/06\/arquimaster.png","contentUrl":"https:\/\/www.arquimaster.com.ar\/web\/wp-content\/uploads\/2022\/06\/arquimaster.png","width":594,"height":78,"caption":"Arquimaster"},"image":{"@id":"https:\/\/www.arquimaster.com.ar\/web\/#\/schema\/logo\/image\/"},"sameAs":["http:\/\/www.facebook.com\/ARQUIMASTER.com.ar","https:\/\/x.com\/arquimaster","https:\/\/www.instagram.com\/arquimasterblog\/","https:\/\/www.linkedin.com\/company\/arquimaster","https:\/\/www.pinterest.com\/arquimaster","https:\/\/t.me\/arquimaster"]},{"@type":"Person","@id":"https:\/\/www.arquimaster.com.ar\/web\/#\/schema\/person\/359e9f7c00193fcde068e0dd2ceb0028","name":"Arquimaster"}]}},"uagb_featured_image_src":{"full":["https:\/\/www.arquimaster.com.ar\/web\/wp-content\/uploads\/2014\/02\/casa_cormanca_slide.jpg",642,336,false],"thumbnail":["https:\/\/www.arquimaster.com.ar\/web\/wp-content\/uploads\/2014\/02\/casa_cormanca_slide-150x150.jpg",150,150,true],"medium":["https:\/\/www.arquimaster.com.ar\/web\/wp-content\/uploads\/2014\/02\/casa_cormanca_slide-300x157.jpg",300,157,true],"medium_large":["https:\/\/www.arquimaster.com.ar\/web\/wp-content\/uploads\/2014\/02\/casa_cormanca_slide.jpg",642,336,false],"large":["https:\/\/www.arquimaster.com.ar\/web\/wp-content\/uploads\/2014\/02\/casa_cormanca_slide.jpg",642,336,false],"1536x1536":["https:\/\/www.arquimaster.com.ar\/web\/wp-content\/uploads\/2014\/02\/casa_cormanca_slide.jpg",642,336,false],"2048x2048":["https:\/\/www.arquimaster.com.ar\/web\/wp-content\/uploads\/2014\/02\/casa_cormanca_slide.jpg",642,336,false]},"uagb_author_info":{"display_name":"Arquimaster","author_link":"https:\/\/www.arquimaster.com.ar\/web\/author\/arquimaster\/"},"uagb_comment_info":0,"uagb_excerpt":"La vegetaci\u00f3n es tratada como un plano teatral, incluyendo un gran jard\u00edn vertical...","_links":{"self":[{"href":"https:\/\/www.arquimaster.com.ar\/web\/wp-json\/wp\/v2\/posts\/3523","targetHints":{"allow":["GET"]}}],"collection":[{"href":"https:\/\/www.arquimaster.com.ar\/web\/wp-json\/wp\/v2\/posts"}],"about":[{"href":"https:\/\/www.arquimaster.com.ar\/web\/wp-json\/wp\/v2\/types\/post"}],"author":[{"embeddable":true,"href":"https:\/\/www.arquimaster.com.ar\/web\/wp-json\/wp\/v2\/users\/1"}],"replies":[{"embeddable":true,"href":"https:\/\/www.arquimaster.com.ar\/web\/wp-json\/wp\/v2\/comments?post=3523"}],"version-history":[{"count":0,"href":"https:\/\/www.arquimaster.com.ar\/web\/wp-json\/wp\/v2\/posts\/3523\/revisions"}],"wp:featuredmedia":[{"embeddable":true,"href":"https:\/\/www.arquimaster.com.ar\/web\/wp-json\/wp\/v2\/media\/3524"}],"wp:attachment":[{"href":"https:\/\/www.arquimaster.com.ar\/web\/wp-json\/wp\/v2\/media?parent=3523"}],"wp:term":[{"taxonomy":"category","embeddable":true,"href":"https:\/\/www.arquimaster.com.ar\/web\/wp-json\/wp\/v2\/categories?post=3523"},{"taxonomy":"post_tag","embeddable":true,"href":"https:\/\/www.arquimaster.com.ar\/web\/wp-json\/wp\/v2\/tags?post=3523"}],"curies":[{"name":"wp","href":"https:\/\/api.w.org\/{rel}","templated":true}]}}