{"id":35539,"date":"2019-01-24T14:46:01","date_gmt":"2019-01-24T14:46:01","guid":{"rendered":"http:\/\/www.arquimaster.com.ar\/web\/?p=35539"},"modified":"2020-08-02T16:29:40","modified_gmt":"2020-08-02T19:29:40","slug":"casa-porta-moire-arquitectos","status":"publish","type":"post","link":"https:\/\/www.arquimaster.com.ar\/web\/casa-porta-moire-arquitectos\/","title":{"rendered":"Casa Porta \/ Moir\u00eb Arquitectos"},"content":{"rendered":"<div style=\"margin-top: 0px; margin-bottom: 0px;\" class=\"sharethis-inline-share-buttons\" ><\/div><div class=\"b812932af2e751442846f039925109de\" data-index=\"1\" style=\"float: none; margin:25px 0 25px 0; text-align:center;\">\n<script async src=\"https:\/\/pagead2.googlesyndication.com\/pagead\/js\/adsbygoogle.js\"><\/script>\r\n<!-- Arquimaster (superior) -->\r\n<ins class=\"adsbygoogle\"\r\n     style=\"display:block\"\r\n     data-ad-client=\"ca-pub-6351072698456832\"\r\n     data-ad-slot=\"6455489680\"\r\n     data-ad-format=\"auto\"\r\n     data-full-width-responsive=\"true\"><\/ins>\r\n<script>\r\n     (adsbygoogle = window.adsbygoogle || []).push({});\r\n<\/script>\n<\/div>\n<p><strong>Casa Porta<\/strong> (Mar del Plata, Pcia. de Buenos Aires, Argentina) por<strong> Moir\u00eb Arquitectos<\/strong>. Implantada en un lote en esquina de 10,30 x 16,30 metros, la Casa Porta fue proyectada tomando como premisa la casa como un contenedor y promotor de actividades sociales e individuales. La forma, el espacio y el l\u00edmite de la vivienda son pensados para potenciar dichas relaciones, tanto en el interior como en relaci\u00f3n a los espacios exteriores.<\/p>\n<div id='gallery-1' class='gallery galleryid-35539 gallery-columns-3 gallery-size-thumbnail'><figure class='gallery-item'>\n\t\t\t<div class='gallery-icon landscape'>\n\t\t\t\t<a href='https:\/\/www.arquimaster.com.ar\/web\/wp-content\/uploads\/2019\/01\/casa_porta1.jpg' title=\"Casa Porta \/ Moir\u00eb Arquitectos (\u00a9 Blackline Producciones)\" data-rl_title=\"Casa Porta \/ Moir\u00eb Arquitectos (\u00a9 Blackline Producciones)\" class=\"rl-gallery-link\" data-rl_caption=\"Casa Porta \/ Moir\u00eb Arquitectos (\u00a9 Blackline Producciones)\" data-rel=\"lightbox-gallery-1\"><img loading=\"lazy\" decoding=\"async\" width=\"150\" height=\"150\" src=\"https:\/\/www.arquimaster.com.ar\/web\/wp-content\/uploads\/2019\/01\/casa_porta1-150x150.jpg\" class=\"attachment-thumbnail size-thumbnail\" alt=\"\" aria-describedby=\"gallery-1-35541\" srcset=\"https:\/\/www.arquimaster.com.ar\/web\/wp-content\/uploads\/2019\/01\/casa_porta1-150x150.jpg 150w, https:\/\/www.arquimaster.com.ar\/web\/wp-content\/uploads\/2019\/01\/casa_porta1-50x50.jpg 50w, https:\/\/www.arquimaster.com.ar\/web\/wp-content\/uploads\/2019\/01\/casa_porta1-125x125.jpg 125w\" sizes=\"auto, (max-width: 150px) 100vw, 150px\" \/><\/a>\n\t\t\t<\/div>\n\t\t\t\t<figcaption class='wp-caption-text gallery-caption' id='gallery-1-35541'>\n\t\t\t\tCasa Porta \/ Moir\u00eb Arquitectos (\u00a9 Blackline Producciones)\n\t\t\t\t<\/figcaption><\/figure><figure class='gallery-item'>\n\t\t\t<div class='gallery-icon landscape'>\n\t\t\t\t<a href='https:\/\/www.arquimaster.com.ar\/web\/wp-content\/uploads\/2019\/01\/casa_porta2.jpg' title=\"Casa Porta \/ Moir\u00eb Arquitectos (\u00a9 Blackline Producciones)\" data-rl_title=\"Casa Porta \/ Moir\u00eb Arquitectos (\u00a9 Blackline Producciones)\" class=\"rl-gallery-link\" data-rl_caption=\"Casa Porta \/ Moir\u00eb Arquitectos (\u00a9 Blackline Producciones)\" data-rel=\"lightbox-gallery-1\"><img loading=\"lazy\" decoding=\"async\" width=\"150\" height=\"150\" src=\"https:\/\/www.arquimaster.com.ar\/web\/wp-content\/uploads\/2019\/01\/casa_porta2-150x150.jpg\" class=\"attachment-thumbnail size-thumbnail\" alt=\"\" aria-describedby=\"gallery-1-35542\" srcset=\"https:\/\/www.arquimaster.com.ar\/web\/wp-content\/uploads\/2019\/01\/casa_porta2-150x150.jpg 150w, https:\/\/www.arquimaster.com.ar\/web\/wp-content\/uploads\/2019\/01\/casa_porta2-50x50.jpg 50w, https:\/\/www.arquimaster.com.ar\/web\/wp-content\/uploads\/2019\/01\/casa_porta2-125x125.jpg 125w\" sizes=\"auto, (max-width: 150px) 100vw, 150px\" \/><\/a>\n\t\t\t<\/div>\n\t\t\t\t<figcaption class='wp-caption-text gallery-caption' id='gallery-1-35542'>\n\t\t\t\tCasa Porta \/ Moir\u00eb Arquitectos (\u00a9 Blackline Producciones)\n\t\t\t\t<\/figcaption><\/figure><figure class='gallery-item'>\n\t\t\t<div class='gallery-icon landscape'>\n\t\t\t\t<a href='https:\/\/www.arquimaster.com.ar\/web\/wp-content\/uploads\/2019\/01\/casa_porta3.jpg' title=\"Casa Porta \/ Moir\u00eb Arquitectos (\u00a9 Blackline Producciones)\" data-rl_title=\"Casa Porta \/ Moir\u00eb Arquitectos (\u00a9 Blackline Producciones)\" class=\"rl-gallery-link\" data-rl_caption=\"Casa Porta \/ Moir\u00eb Arquitectos (\u00a9 Blackline Producciones)\" data-rel=\"lightbox-gallery-1\"><img loading=\"lazy\" decoding=\"async\" width=\"150\" height=\"150\" src=\"https:\/\/www.arquimaster.com.ar\/web\/wp-content\/uploads\/2019\/01\/casa_porta3-150x150.jpg\" class=\"attachment-thumbnail size-thumbnail\" alt=\"\" aria-describedby=\"gallery-1-35543\" srcset=\"https:\/\/www.arquimaster.com.ar\/web\/wp-content\/uploads\/2019\/01\/casa_porta3-150x150.jpg 150w, https:\/\/www.arquimaster.com.ar\/web\/wp-content\/uploads\/2019\/01\/casa_porta3-50x50.jpg 50w, https:\/\/www.arquimaster.com.ar\/web\/wp-content\/uploads\/2019\/01\/casa_porta3-125x125.jpg 125w\" sizes=\"auto, (max-width: 150px) 100vw, 150px\" \/><\/a>\n\t\t\t<\/div>\n\t\t\t\t<figcaption class='wp-caption-text gallery-caption' id='gallery-1-35543'>\n\t\t\t\tCasa Porta \/ Moir\u00eb Arquitectos (\u00a9 Blackline Producciones)\n\t\t\t\t<\/figcaption><\/figure><figure class='gallery-item'>\n\t\t\t<div class='gallery-icon portrait'>\n\t\t\t\t<a href='https:\/\/www.arquimaster.com.ar\/web\/wp-content\/uploads\/2019\/01\/casa_porta4.jpg' title=\"Casa Porta \/ Moir\u00eb Arquitectos (\u00a9 Blackline Producciones)\" data-rl_title=\"Casa Porta \/ Moir\u00eb Arquitectos (\u00a9 Blackline Producciones)\" class=\"rl-gallery-link\" data-rl_caption=\"Casa Porta \/ Moir\u00eb Arquitectos (\u00a9 Blackline Producciones)\" data-rel=\"lightbox-gallery-1\"><img loading=\"lazy\" decoding=\"async\" width=\"150\" height=\"150\" src=\"https:\/\/www.arquimaster.com.ar\/web\/wp-content\/uploads\/2019\/01\/casa_porta4-150x150.jpg\" class=\"attachment-thumbnail size-thumbnail\" alt=\"\" aria-describedby=\"gallery-1-35544\" srcset=\"https:\/\/www.arquimaster.com.ar\/web\/wp-content\/uploads\/2019\/01\/casa_porta4-150x150.jpg 150w, https:\/\/www.arquimaster.com.ar\/web\/wp-content\/uploads\/2019\/01\/casa_porta4-50x50.jpg 50w, https:\/\/www.arquimaster.com.ar\/web\/wp-content\/uploads\/2019\/01\/casa_porta4-125x125.jpg 125w\" sizes=\"auto, (max-width: 150px) 100vw, 150px\" \/><\/a>\n\t\t\t<\/div>\n\t\t\t\t<figcaption class='wp-caption-text gallery-caption' id='gallery-1-35544'>\n\t\t\t\tCasa Porta \/ Moir\u00eb Arquitectos (\u00a9 Blackline Producciones)\n\t\t\t\t<\/figcaption><\/figure><figure class='gallery-item'>\n\t\t\t<div class='gallery-icon landscape'>\n\t\t\t\t<a href='https:\/\/www.arquimaster.com.ar\/web\/wp-content\/uploads\/2019\/01\/casa_porta5.jpg' title=\"Casa Porta \/ Moir\u00eb Arquitectos (\u00a9 Blackline Producciones)\" data-rl_title=\"Casa Porta \/ Moir\u00eb Arquitectos (\u00a9 Blackline Producciones)\" class=\"rl-gallery-link\" data-rl_caption=\"Casa Porta \/ Moir\u00eb Arquitectos (\u00a9 Blackline Producciones)\" data-rel=\"lightbox-gallery-1\"><img loading=\"lazy\" decoding=\"async\" width=\"150\" height=\"150\" src=\"https:\/\/www.arquimaster.com.ar\/web\/wp-content\/uploads\/2019\/01\/casa_porta5-150x150.jpg\" class=\"attachment-thumbnail size-thumbnail\" alt=\"\" aria-describedby=\"gallery-1-35545\" srcset=\"https:\/\/www.arquimaster.com.ar\/web\/wp-content\/uploads\/2019\/01\/casa_porta5-150x150.jpg 150w, https:\/\/www.arquimaster.com.ar\/web\/wp-content\/uploads\/2019\/01\/casa_porta5-50x50.jpg 50w, https:\/\/www.arquimaster.com.ar\/web\/wp-content\/uploads\/2019\/01\/casa_porta5-125x125.jpg 125w\" sizes=\"auto, (max-width: 150px) 100vw, 150px\" \/><\/a>\n\t\t\t<\/div>\n\t\t\t\t<figcaption class='wp-caption-text gallery-caption' id='gallery-1-35545'>\n\t\t\t\tCasa Porta \/ Moir\u00eb Arquitectos (\u00a9 Blackline Producciones)\n\t\t\t\t<\/figcaption><\/figure><figure class='gallery-item'>\n\t\t\t<div class='gallery-icon portrait'>\n\t\t\t\t<a href='https:\/\/www.arquimaster.com.ar\/web\/wp-content\/uploads\/2019\/01\/casa_porta6.jpg' title=\"Casa Porta \/ Moir\u00eb Arquitectos (\u00a9 Blackline Producciones)\" data-rl_title=\"Casa Porta \/ Moir\u00eb Arquitectos (\u00a9 Blackline Producciones)\" class=\"rl-gallery-link\" data-rl_caption=\"Casa Porta \/ Moir\u00eb Arquitectos (\u00a9 Blackline Producciones)\" data-rel=\"lightbox-gallery-1\"><img loading=\"lazy\" decoding=\"async\" width=\"150\" height=\"150\" src=\"https:\/\/www.arquimaster.com.ar\/web\/wp-content\/uploads\/2019\/01\/casa_porta6-150x150.jpg\" class=\"attachment-thumbnail size-thumbnail\" alt=\"\" aria-describedby=\"gallery-1-35546\" srcset=\"https:\/\/www.arquimaster.com.ar\/web\/wp-content\/uploads\/2019\/01\/casa_porta6-150x150.jpg 150w, https:\/\/www.arquimaster.com.ar\/web\/wp-content\/uploads\/2019\/01\/casa_porta6-50x50.jpg 50w, https:\/\/www.arquimaster.com.ar\/web\/wp-content\/uploads\/2019\/01\/casa_porta6-125x125.jpg 125w\" sizes=\"auto, (max-width: 150px) 100vw, 150px\" \/><\/a>\n\t\t\t<\/div>\n\t\t\t\t<figcaption class='wp-caption-text gallery-caption' id='gallery-1-35546'>\n\t\t\t\tCasa Porta \/ Moir\u00eb Arquitectos (\u00a9 Blackline Producciones)\n\t\t\t\t<\/figcaption><\/figure><figure class='gallery-item'>\n\t\t\t<div class='gallery-icon landscape'>\n\t\t\t\t<a href='https:\/\/www.arquimaster.com.ar\/web\/wp-content\/uploads\/2019\/01\/casa_porta7.jpg' title=\"Casa Porta \/ Moir\u00eb Arquitectos (\u00a9 Blackline Producciones)\" data-rl_title=\"Casa Porta \/ Moir\u00eb Arquitectos (\u00a9 Blackline Producciones)\" class=\"rl-gallery-link\" data-rl_caption=\"Casa Porta \/ Moir\u00eb Arquitectos (\u00a9 Blackline Producciones)\" data-rel=\"lightbox-gallery-1\"><img loading=\"lazy\" decoding=\"async\" width=\"150\" height=\"150\" src=\"https:\/\/www.arquimaster.com.ar\/web\/wp-content\/uploads\/2019\/01\/casa_porta7-150x150.jpg\" class=\"attachment-thumbnail size-thumbnail\" alt=\"\" aria-describedby=\"gallery-1-35547\" srcset=\"https:\/\/www.arquimaster.com.ar\/web\/wp-content\/uploads\/2019\/01\/casa_porta7-150x150.jpg 150w, https:\/\/www.arquimaster.com.ar\/web\/wp-content\/uploads\/2019\/01\/casa_porta7-50x50.jpg 50w, https:\/\/www.arquimaster.com.ar\/web\/wp-content\/uploads\/2019\/01\/casa_porta7-125x125.jpg 125w\" sizes=\"auto, (max-width: 150px) 100vw, 150px\" \/><\/a>\n\t\t\t<\/div>\n\t\t\t\t<figcaption class='wp-caption-text gallery-caption' id='gallery-1-35547'>\n\t\t\t\tCasa Porta \/ Moir\u00eb Arquitectos (\u00a9 Blackline Producciones)\n\t\t\t\t<\/figcaption><\/figure><figure class='gallery-item'>\n\t\t\t<div class='gallery-icon portrait'>\n\t\t\t\t<a href='https:\/\/www.arquimaster.com.ar\/web\/wp-content\/uploads\/2019\/01\/casa_porta8.jpg' title=\"Casa Porta \/ Moir\u00eb Arquitectos (\u00a9 Blackline Producciones)\" data-rl_title=\"Casa Porta \/ Moir\u00eb Arquitectos (\u00a9 Blackline Producciones)\" class=\"rl-gallery-link\" data-rl_caption=\"Casa Porta \/ Moir\u00eb Arquitectos (\u00a9 Blackline Producciones)\" data-rel=\"lightbox-gallery-1\"><img loading=\"lazy\" decoding=\"async\" width=\"150\" height=\"150\" src=\"https:\/\/www.arquimaster.com.ar\/web\/wp-content\/uploads\/2019\/01\/casa_porta8-150x150.jpg\" class=\"attachment-thumbnail size-thumbnail\" alt=\"\" aria-describedby=\"gallery-1-35548\" srcset=\"https:\/\/www.arquimaster.com.ar\/web\/wp-content\/uploads\/2019\/01\/casa_porta8-150x150.jpg 150w, https:\/\/www.arquimaster.com.ar\/web\/wp-content\/uploads\/2019\/01\/casa_porta8-50x50.jpg 50w, https:\/\/www.arquimaster.com.ar\/web\/wp-content\/uploads\/2019\/01\/casa_porta8-125x125.jpg 125w\" sizes=\"auto, (max-width: 150px) 100vw, 150px\" \/><\/a>\n\t\t\t<\/div>\n\t\t\t\t<figcaption class='wp-caption-text gallery-caption' id='gallery-1-35548'>\n\t\t\t\tCasa Porta \/ Moir\u00eb Arquitectos (\u00a9 Blackline Producciones)\n\t\t\t\t<\/figcaption><\/figure><figure class='gallery-item'>\n\t\t\t<div class='gallery-icon landscape'>\n\t\t\t\t<a href='https:\/\/www.arquimaster.com.ar\/web\/wp-content\/uploads\/2019\/01\/casa_porta9.jpg' title=\"Casa Porta \/ Moir\u00eb Arquitectos (\u00a9 Blackline Producciones)\" data-rl_title=\"Casa Porta \/ Moir\u00eb Arquitectos (\u00a9 Blackline Producciones)\" class=\"rl-gallery-link\" data-rl_caption=\"Casa Porta \/ Moir\u00eb Arquitectos (\u00a9 Blackline Producciones)\" data-rel=\"lightbox-gallery-1\"><img loading=\"lazy\" decoding=\"async\" width=\"150\" height=\"150\" src=\"https:\/\/www.arquimaster.com.ar\/web\/wp-content\/uploads\/2019\/01\/casa_porta9-150x150.jpg\" class=\"attachment-thumbnail size-thumbnail\" alt=\"\" aria-describedby=\"gallery-1-35549\" srcset=\"https:\/\/www.arquimaster.com.ar\/web\/wp-content\/uploads\/2019\/01\/casa_porta9-150x150.jpg 150w, https:\/\/www.arquimaster.com.ar\/web\/wp-content\/uploads\/2019\/01\/casa_porta9-50x50.jpg 50w, https:\/\/www.arquimaster.com.ar\/web\/wp-content\/uploads\/2019\/01\/casa_porta9-125x125.jpg 125w\" sizes=\"auto, (max-width: 150px) 100vw, 150px\" \/><\/a>\n\t\t\t<\/div>\n\t\t\t\t<figcaption class='wp-caption-text gallery-caption' id='gallery-1-35549'>\n\t\t\t\tCasa Porta \/ Moir\u00eb Arquitectos (\u00a9 Blackline Producciones)\n\t\t\t\t<\/figcaption><\/figure><figure class='gallery-item'>\n\t\t\t<div class='gallery-icon landscape'>\n\t\t\t\t<a href='https:\/\/www.arquimaster.com.ar\/web\/wp-content\/uploads\/2019\/01\/casa_porta10.jpg' title=\"Casa Porta \/ Moir\u00eb Arquitectos (\u00a9 Blackline Producciones)\" data-rl_title=\"Casa Porta \/ Moir\u00eb Arquitectos (\u00a9 Blackline Producciones)\" class=\"rl-gallery-link\" data-rl_caption=\"Casa Porta \/ Moir\u00eb Arquitectos (\u00a9 Blackline Producciones)\" data-rel=\"lightbox-gallery-1\"><img loading=\"lazy\" decoding=\"async\" width=\"150\" height=\"150\" src=\"https:\/\/www.arquimaster.com.ar\/web\/wp-content\/uploads\/2019\/01\/casa_porta10-150x150.jpg\" class=\"attachment-thumbnail size-thumbnail\" alt=\"\" aria-describedby=\"gallery-1-35550\" srcset=\"https:\/\/www.arquimaster.com.ar\/web\/wp-content\/uploads\/2019\/01\/casa_porta10-150x150.jpg 150w, https:\/\/www.arquimaster.com.ar\/web\/wp-content\/uploads\/2019\/01\/casa_porta10-50x50.jpg 50w, https:\/\/www.arquimaster.com.ar\/web\/wp-content\/uploads\/2019\/01\/casa_porta10-125x125.jpg 125w\" sizes=\"auto, (max-width: 150px) 100vw, 150px\" \/><\/a>\n\t\t\t<\/div>\n\t\t\t\t<figcaption class='wp-caption-text gallery-caption' id='gallery-1-35550'>\n\t\t\t\tCasa Porta \/ Moir\u00eb Arquitectos (\u00a9 Blackline Producciones)\n\t\t\t\t<\/figcaption><\/figure><figure class='gallery-item'>\n\t\t\t<div class='gallery-icon landscape'>\n\t\t\t\t<a href='https:\/\/www.arquimaster.com.ar\/web\/wp-content\/uploads\/2019\/01\/casa_porta11.jpg' title=\"Casa Porta \/ Moir\u00eb Arquitectos (\u00a9 Blackline Producciones)\" data-rl_title=\"Casa Porta \/ Moir\u00eb Arquitectos (\u00a9 Blackline Producciones)\" class=\"rl-gallery-link\" data-rl_caption=\"Casa Porta \/ Moir\u00eb Arquitectos (\u00a9 Blackline Producciones)\" data-rel=\"lightbox-gallery-1\"><img loading=\"lazy\" decoding=\"async\" width=\"150\" height=\"150\" src=\"https:\/\/www.arquimaster.com.ar\/web\/wp-content\/uploads\/2019\/01\/casa_porta11-150x150.jpg\" class=\"attachment-thumbnail size-thumbnail\" alt=\"\" aria-describedby=\"gallery-1-35551\" srcset=\"https:\/\/www.arquimaster.com.ar\/web\/wp-content\/uploads\/2019\/01\/casa_porta11-150x150.jpg 150w, https:\/\/www.arquimaster.com.ar\/web\/wp-content\/uploads\/2019\/01\/casa_porta11-50x50.jpg 50w, https:\/\/www.arquimaster.com.ar\/web\/wp-content\/uploads\/2019\/01\/casa_porta11-125x125.jpg 125w\" sizes=\"auto, (max-width: 150px) 100vw, 150px\" \/><\/a>\n\t\t\t<\/div>\n\t\t\t\t<figcaption class='wp-caption-text gallery-caption' id='gallery-1-35551'>\n\t\t\t\tCasa Porta \/ Moir\u00eb Arquitectos (\u00a9 Blackline Producciones)\n\t\t\t\t<\/figcaption><\/figure><figure class='gallery-item'>\n\t\t\t<div class='gallery-icon landscape'>\n\t\t\t\t<a href='https:\/\/www.arquimaster.com.ar\/web\/wp-content\/uploads\/2019\/01\/casa_porta12.jpg' title=\"Casa Porta \/ Moir\u00eb Arquitectos (\u00a9 Blackline Producciones)\" data-rl_title=\"Casa Porta \/ Moir\u00eb Arquitectos (\u00a9 Blackline Producciones)\" class=\"rl-gallery-link\" data-rl_caption=\"Casa Porta \/ Moir\u00eb Arquitectos (\u00a9 Blackline Producciones)\" data-rel=\"lightbox-gallery-1\"><img loading=\"lazy\" decoding=\"async\" width=\"150\" height=\"150\" src=\"https:\/\/www.arquimaster.com.ar\/web\/wp-content\/uploads\/2019\/01\/casa_porta12-150x150.jpg\" class=\"attachment-thumbnail size-thumbnail\" alt=\"\" aria-describedby=\"gallery-1-35552\" srcset=\"https:\/\/www.arquimaster.com.ar\/web\/wp-content\/uploads\/2019\/01\/casa_porta12-150x150.jpg 150w, https:\/\/www.arquimaster.com.ar\/web\/wp-content\/uploads\/2019\/01\/casa_porta12-50x50.jpg 50w, https:\/\/www.arquimaster.com.ar\/web\/wp-content\/uploads\/2019\/01\/casa_porta12-125x125.jpg 125w\" sizes=\"auto, (max-width: 150px) 100vw, 150px\" \/><\/a>\n\t\t\t<\/div>\n\t\t\t\t<figcaption class='wp-caption-text gallery-caption' id='gallery-1-35552'>\n\t\t\t\tCasa Porta \/ Moir\u00eb Arquitectos (\u00a9 Blackline Producciones)\n\t\t\t\t<\/figcaption><\/figure><figure class='gallery-item'>\n\t\t\t<div class='gallery-icon landscape'>\n\t\t\t\t<a href='https:\/\/www.arquimaster.com.ar\/web\/wp-content\/uploads\/2019\/01\/casa_porta13.jpg' title=\"Casa Porta \/ Moir\u00eb Arquitectos (\u00a9 Blackline Producciones)\" data-rl_title=\"Casa Porta \/ Moir\u00eb Arquitectos (\u00a9 Blackline Producciones)\" class=\"rl-gallery-link\" data-rl_caption=\"Casa Porta \/ Moir\u00eb Arquitectos (\u00a9 Blackline Producciones)\" data-rel=\"lightbox-gallery-1\"><img loading=\"lazy\" decoding=\"async\" width=\"150\" height=\"150\" src=\"https:\/\/www.arquimaster.com.ar\/web\/wp-content\/uploads\/2019\/01\/casa_porta13-150x150.jpg\" class=\"attachment-thumbnail size-thumbnail\" alt=\"\" aria-describedby=\"gallery-1-35553\" srcset=\"https:\/\/www.arquimaster.com.ar\/web\/wp-content\/uploads\/2019\/01\/casa_porta13-150x150.jpg 150w, https:\/\/www.arquimaster.com.ar\/web\/wp-content\/uploads\/2019\/01\/casa_porta13-50x50.jpg 50w, https:\/\/www.arquimaster.com.ar\/web\/wp-content\/uploads\/2019\/01\/casa_porta13-125x125.jpg 125w\" sizes=\"auto, (max-width: 150px) 100vw, 150px\" \/><\/a>\n\t\t\t<\/div>\n\t\t\t\t<figcaption class='wp-caption-text gallery-caption' id='gallery-1-35553'>\n\t\t\t\tCasa Porta \/ Moir\u00eb Arquitectos (\u00a9 Blackline Producciones)\n\t\t\t\t<\/figcaption><\/figure><figure class='gallery-item'>\n\t\t\t<div class='gallery-icon landscape'>\n\t\t\t\t<a href='https:\/\/www.arquimaster.com.ar\/web\/wp-content\/uploads\/2019\/01\/casa_porta14.jpg' title=\"Casa Porta \/ Moir\u00eb Arquitectos (\u00a9 Blackline Producciones)\" data-rl_title=\"Casa Porta \/ Moir\u00eb Arquitectos (\u00a9 Blackline Producciones)\" class=\"rl-gallery-link\" data-rl_caption=\"Casa Porta \/ Moir\u00eb Arquitectos (\u00a9 Blackline Producciones)\" data-rel=\"lightbox-gallery-1\"><img loading=\"lazy\" decoding=\"async\" width=\"150\" height=\"150\" src=\"https:\/\/www.arquimaster.com.ar\/web\/wp-content\/uploads\/2019\/01\/casa_porta14-150x150.jpg\" class=\"attachment-thumbnail size-thumbnail\" alt=\"\" aria-describedby=\"gallery-1-35554\" srcset=\"https:\/\/www.arquimaster.com.ar\/web\/wp-content\/uploads\/2019\/01\/casa_porta14-150x150.jpg 150w, https:\/\/www.arquimaster.com.ar\/web\/wp-content\/uploads\/2019\/01\/casa_porta14-50x50.jpg 50w, https:\/\/www.arquimaster.com.ar\/web\/wp-content\/uploads\/2019\/01\/casa_porta14-125x125.jpg 125w\" sizes=\"auto, (max-width: 150px) 100vw, 150px\" \/><\/a>\n\t\t\t<\/div>\n\t\t\t\t<figcaption class='wp-caption-text gallery-caption' id='gallery-1-35554'>\n\t\t\t\tCasa Porta \/ Moir\u00eb Arquitectos (\u00a9 Blackline Producciones)\n\t\t\t\t<\/figcaption><\/figure><figure class='gallery-item'>\n\t\t\t<div class='gallery-icon landscape'>\n\t\t\t\t<a href='https:\/\/www.arquimaster.com.ar\/web\/wp-content\/uploads\/2019\/01\/casa_porta15.jpg' title=\"Casa Porta \/ Moir\u00eb Arquitectos (\u00a9 Blackline Producciones)\" data-rl_title=\"Casa Porta \/ Moir\u00eb Arquitectos (\u00a9 Blackline Producciones)\" class=\"rl-gallery-link\" data-rl_caption=\"Casa Porta \/ Moir\u00eb Arquitectos (\u00a9 Blackline Producciones)\" data-rel=\"lightbox-gallery-1\"><img loading=\"lazy\" decoding=\"async\" width=\"150\" height=\"150\" src=\"https:\/\/www.arquimaster.com.ar\/web\/wp-content\/uploads\/2019\/01\/casa_porta15-150x150.jpg\" class=\"attachment-thumbnail size-thumbnail\" alt=\"\" aria-describedby=\"gallery-1-35555\" srcset=\"https:\/\/www.arquimaster.com.ar\/web\/wp-content\/uploads\/2019\/01\/casa_porta15-150x150.jpg 150w, https:\/\/www.arquimaster.com.ar\/web\/wp-content\/uploads\/2019\/01\/casa_porta15-50x50.jpg 50w, https:\/\/www.arquimaster.com.ar\/web\/wp-content\/uploads\/2019\/01\/casa_porta15-125x125.jpg 125w\" sizes=\"auto, (max-width: 150px) 100vw, 150px\" \/><\/a>\n\t\t\t<\/div>\n\t\t\t\t<figcaption class='wp-caption-text gallery-caption' id='gallery-1-35555'>\n\t\t\t\tCasa Porta \/ Moir\u00eb Arquitectos (\u00a9 Blackline Producciones)\n\t\t\t\t<\/figcaption><\/figure>\n\t\t<\/div>\n\n<p>La respuesta proyectual a los requerimientos de espacios amplios con buena iluminaci\u00f3n y asoleamiento, buenas visuales a la ciudad y privacidad, en un lote de dimensiones reducidas, se consigue partir de elevar las \u00e1reas p\u00fablicas de la vivienda.<\/p>\n<p>La casa busca obtener el m\u00e1ximo de privacidad en la planta baja donde se disponen los dormitorios y la expansi\u00f3n de los mismos, conformando as\u00ed un basamento que delimita la totalidad del lote y deja en su interior un patio. El basamento posee un l\u00edmite variable que conjuga la opacidad en el \u00e1rea de los dormitorios y el acceso, con la tridimensionalidad y permeabilidad en la esquina, donde se encuentran la escalera, el hall de acceso y un peque\u00f1o patio.<\/p>\n<div id='gallery-2' class='gallery galleryid-35539 gallery-columns-3 gallery-size-thumbnail'><figure class='gallery-item'>\n\t\t\t<div class='gallery-icon landscape'>\n\t\t\t\t<a href='https:\/\/www.arquimaster.com.ar\/web\/wp-content\/uploads\/2019\/01\/casa_porta17.jpg' title=\"Casa Porta \/ Moir\u00eb Arquitectos (\u00a9 Blackline Producciones)\" data-rl_title=\"Casa Porta \/ Moir\u00eb Arquitectos (\u00a9 Blackline Producciones)\" class=\"rl-gallery-link\" data-rl_caption=\"Casa Porta \/ Moir\u00eb Arquitectos (\u00a9 Blackline Producciones)\" data-rel=\"lightbox-gallery-2\"><img loading=\"lazy\" decoding=\"async\" width=\"150\" height=\"150\" src=\"https:\/\/www.arquimaster.com.ar\/web\/wp-content\/uploads\/2019\/01\/casa_porta17-150x150.jpg\" class=\"attachment-thumbnail size-thumbnail\" alt=\"\" aria-describedby=\"gallery-2-35557\" srcset=\"https:\/\/www.arquimaster.com.ar\/web\/wp-content\/uploads\/2019\/01\/casa_porta17-150x150.jpg 150w, https:\/\/www.arquimaster.com.ar\/web\/wp-content\/uploads\/2019\/01\/casa_porta17-50x50.jpg 50w, https:\/\/www.arquimaster.com.ar\/web\/wp-content\/uploads\/2019\/01\/casa_porta17-125x125.jpg 125w\" sizes=\"auto, (max-width: 150px) 100vw, 150px\" \/><\/a>\n\t\t\t<\/div>\n\t\t\t\t<figcaption class='wp-caption-text gallery-caption' id='gallery-2-35557'>\n\t\t\t\tCasa Porta \/ Moir\u00eb Arquitectos (\u00a9 Blackline Producciones)\n\t\t\t\t<\/figcaption><\/figure><figure class='gallery-item'>\n\t\t\t<div class='gallery-icon portrait'>\n\t\t\t\t<a href='https:\/\/www.arquimaster.com.ar\/web\/wp-content\/uploads\/2019\/01\/casa_porta16.jpg' title=\"Casa Porta \/ Moir\u00eb Arquitectos (\u00a9 Blackline Producciones)\" data-rl_title=\"Casa Porta \/ Moir\u00eb Arquitectos (\u00a9 Blackline Producciones)\" class=\"rl-gallery-link\" data-rl_caption=\"Casa Porta \/ Moir\u00eb Arquitectos (\u00a9 Blackline Producciones)\" data-rel=\"lightbox-gallery-2\"><img loading=\"lazy\" decoding=\"async\" width=\"150\" height=\"150\" src=\"https:\/\/www.arquimaster.com.ar\/web\/wp-content\/uploads\/2019\/01\/casa_porta16-150x150.jpg\" class=\"attachment-thumbnail size-thumbnail\" alt=\"\" aria-describedby=\"gallery-2-35556\" srcset=\"https:\/\/www.arquimaster.com.ar\/web\/wp-content\/uploads\/2019\/01\/casa_porta16-150x150.jpg 150w, https:\/\/www.arquimaster.com.ar\/web\/wp-content\/uploads\/2019\/01\/casa_porta16-50x50.jpg 50w, https:\/\/www.arquimaster.com.ar\/web\/wp-content\/uploads\/2019\/01\/casa_porta16-125x125.jpg 125w\" sizes=\"auto, (max-width: 150px) 100vw, 150px\" \/><\/a>\n\t\t\t<\/div>\n\t\t\t\t<figcaption class='wp-caption-text gallery-caption' id='gallery-2-35556'>\n\t\t\t\tCasa Porta \/ Moir\u00eb Arquitectos (\u00a9 Blackline Producciones)\n\t\t\t\t<\/figcaption><\/figure><figure class='gallery-item'>\n\t\t\t<div class='gallery-icon portrait'>\n\t\t\t\t<a href='https:\/\/www.arquimaster.com.ar\/web\/wp-content\/uploads\/2019\/01\/casa_porta18.jpg' title=\"Casa Porta \/ Moir\u00eb Arquitectos (\u00a9 Blackline Producciones)\" data-rl_title=\"Casa Porta \/ Moir\u00eb Arquitectos (\u00a9 Blackline Producciones)\" class=\"rl-gallery-link\" data-rl_caption=\"Casa Porta \/ Moir\u00eb Arquitectos (\u00a9 Blackline Producciones)\" data-rel=\"lightbox-gallery-2\"><img loading=\"lazy\" decoding=\"async\" width=\"150\" height=\"150\" src=\"https:\/\/www.arquimaster.com.ar\/web\/wp-content\/uploads\/2019\/01\/casa_porta18-150x150.jpg\" class=\"attachment-thumbnail size-thumbnail\" alt=\"\" aria-describedby=\"gallery-2-35558\" srcset=\"https:\/\/www.arquimaster.com.ar\/web\/wp-content\/uploads\/2019\/01\/casa_porta18-150x150.jpg 150w, https:\/\/www.arquimaster.com.ar\/web\/wp-content\/uploads\/2019\/01\/casa_porta18-50x50.jpg 50w, https:\/\/www.arquimaster.com.ar\/web\/wp-content\/uploads\/2019\/01\/casa_porta18-125x125.jpg 125w\" sizes=\"auto, (max-width: 150px) 100vw, 150px\" \/><\/a>\n\t\t\t<\/div>\n\t\t\t\t<figcaption class='wp-caption-text gallery-caption' id='gallery-2-35558'>\n\t\t\t\tCasa Porta \/ Moir\u00eb Arquitectos (\u00a9 Blackline Producciones)\n\t\t\t\t<\/figcaption><\/figure><figure class='gallery-item'>\n\t\t\t<div class='gallery-icon landscape'>\n\t\t\t\t<a href='https:\/\/www.arquimaster.com.ar\/web\/wp-content\/uploads\/2019\/01\/casa_porta19.jpg' title=\"Casa Porta \/ Moir\u00eb Arquitectos (\u00a9 Blackline Producciones)\" data-rl_title=\"Casa Porta \/ Moir\u00eb Arquitectos (\u00a9 Blackline Producciones)\" class=\"rl-gallery-link\" data-rl_caption=\"Casa Porta \/ Moir\u00eb Arquitectos (\u00a9 Blackline Producciones)\" data-rel=\"lightbox-gallery-2\"><img loading=\"lazy\" decoding=\"async\" width=\"150\" height=\"150\" src=\"https:\/\/www.arquimaster.com.ar\/web\/wp-content\/uploads\/2019\/01\/casa_porta19-150x150.jpg\" class=\"attachment-thumbnail size-thumbnail\" alt=\"\" aria-describedby=\"gallery-2-35559\" srcset=\"https:\/\/www.arquimaster.com.ar\/web\/wp-content\/uploads\/2019\/01\/casa_porta19-150x150.jpg 150w, https:\/\/www.arquimaster.com.ar\/web\/wp-content\/uploads\/2019\/01\/casa_porta19-50x50.jpg 50w, https:\/\/www.arquimaster.com.ar\/web\/wp-content\/uploads\/2019\/01\/casa_porta19-125x125.jpg 125w\" sizes=\"auto, (max-width: 150px) 100vw, 150px\" \/><\/a>\n\t\t\t<\/div>\n\t\t\t\t<figcaption class='wp-caption-text gallery-caption' id='gallery-2-35559'>\n\t\t\t\tCasa Porta \/ Moir\u00eb Arquitectos (\u00a9 Blackline Producciones)\n\t\t\t\t<\/figcaption><\/figure><figure class='gallery-item'>\n\t\t\t<div class='gallery-icon landscape'>\n\t\t\t\t<a href='https:\/\/www.arquimaster.com.ar\/web\/wp-content\/uploads\/2019\/01\/casa_porta20.jpg' title=\"Casa Porta \/ Moir\u00eb Arquitectos (\u00a9 Blackline Producciones)\" data-rl_title=\"Casa Porta \/ Moir\u00eb Arquitectos (\u00a9 Blackline Producciones)\" class=\"rl-gallery-link\" data-rl_caption=\"Casa Porta \/ Moir\u00eb Arquitectos (\u00a9 Blackline Producciones)\" data-rel=\"lightbox-gallery-2\"><img loading=\"lazy\" decoding=\"async\" width=\"150\" height=\"150\" src=\"https:\/\/www.arquimaster.com.ar\/web\/wp-content\/uploads\/2019\/01\/casa_porta20-150x150.jpg\" class=\"attachment-thumbnail size-thumbnail\" alt=\"\" aria-describedby=\"gallery-2-35560\" srcset=\"https:\/\/www.arquimaster.com.ar\/web\/wp-content\/uploads\/2019\/01\/casa_porta20-150x150.jpg 150w, https:\/\/www.arquimaster.com.ar\/web\/wp-content\/uploads\/2019\/01\/casa_porta20-50x50.jpg 50w, https:\/\/www.arquimaster.com.ar\/web\/wp-content\/uploads\/2019\/01\/casa_porta20-125x125.jpg 125w\" sizes=\"auto, (max-width: 150px) 100vw, 150px\" \/><\/a>\n\t\t\t<\/div>\n\t\t\t\t<figcaption class='wp-caption-text gallery-caption' id='gallery-2-35560'>\n\t\t\t\tCasa Porta \/ Moir\u00eb Arquitectos (\u00a9 Blackline Producciones)\n\t\t\t\t<\/figcaption><\/figure><figure class='gallery-item'>\n\t\t\t<div class='gallery-icon landscape'>\n\t\t\t\t<a href='https:\/\/www.arquimaster.com.ar\/web\/wp-content\/uploads\/2019\/01\/casa_porta21.jpg' title=\"Casa Porta \/ Moir\u00eb Arquitectos (\u00a9 Blackline Producciones)\" data-rl_title=\"Casa Porta \/ Moir\u00eb Arquitectos (\u00a9 Blackline Producciones)\" class=\"rl-gallery-link\" data-rl_caption=\"Casa Porta \/ Moir\u00eb Arquitectos (\u00a9 Blackline Producciones)\" data-rel=\"lightbox-gallery-2\"><img loading=\"lazy\" decoding=\"async\" width=\"150\" height=\"150\" src=\"https:\/\/www.arquimaster.com.ar\/web\/wp-content\/uploads\/2019\/01\/casa_porta21-150x150.jpg\" class=\"attachment-thumbnail size-thumbnail\" alt=\"\" aria-describedby=\"gallery-2-35561\" srcset=\"https:\/\/www.arquimaster.com.ar\/web\/wp-content\/uploads\/2019\/01\/casa_porta21-150x150.jpg 150w, https:\/\/www.arquimaster.com.ar\/web\/wp-content\/uploads\/2019\/01\/casa_porta21-50x50.jpg 50w, https:\/\/www.arquimaster.com.ar\/web\/wp-content\/uploads\/2019\/01\/casa_porta21-125x125.jpg 125w\" sizes=\"auto, (max-width: 150px) 100vw, 150px\" \/><\/a>\n\t\t\t<\/div>\n\t\t\t\t<figcaption class='wp-caption-text gallery-caption' id='gallery-2-35561'>\n\t\t\t\tCasa Porta \/ Moir\u00eb Arquitectos (\u00a9 Blackline Producciones)\n\t\t\t\t<\/figcaption><\/figure><figure class='gallery-item'>\n\t\t\t<div class='gallery-icon portrait'>\n\t\t\t\t<a href='https:\/\/www.arquimaster.com.ar\/web\/wp-content\/uploads\/2019\/01\/casa_porta22.jpg' title=\"Casa Porta \/ Moir\u00eb Arquitectos (\u00a9 Blackline Producciones)\" data-rl_title=\"Casa Porta \/ Moir\u00eb Arquitectos (\u00a9 Blackline Producciones)\" class=\"rl-gallery-link\" data-rl_caption=\"Casa Porta \/ Moir\u00eb Arquitectos (\u00a9 Blackline Producciones)\" data-rel=\"lightbox-gallery-2\"><img loading=\"lazy\" decoding=\"async\" width=\"150\" height=\"150\" src=\"https:\/\/www.arquimaster.com.ar\/web\/wp-content\/uploads\/2019\/01\/casa_porta22-150x150.jpg\" class=\"attachment-thumbnail size-thumbnail\" alt=\"\" aria-describedby=\"gallery-2-35562\" srcset=\"https:\/\/www.arquimaster.com.ar\/web\/wp-content\/uploads\/2019\/01\/casa_porta22-150x150.jpg 150w, https:\/\/www.arquimaster.com.ar\/web\/wp-content\/uploads\/2019\/01\/casa_porta22-50x50.jpg 50w, https:\/\/www.arquimaster.com.ar\/web\/wp-content\/uploads\/2019\/01\/casa_porta22-125x125.jpg 125w\" sizes=\"auto, (max-width: 150px) 100vw, 150px\" \/><\/a>\n\t\t\t<\/div>\n\t\t\t\t<figcaption class='wp-caption-text gallery-caption' id='gallery-2-35562'>\n\t\t\t\tCasa Porta \/ Moir\u00eb Arquitectos (\u00a9 Blackline Producciones)\n\t\t\t\t<\/figcaption><\/figure><figure class='gallery-item'>\n\t\t\t<div class='gallery-icon landscape'>\n\t\t\t\t<a href='https:\/\/www.arquimaster.com.ar\/web\/wp-content\/uploads\/2019\/01\/casa_porta23.jpg' title=\"Casa Porta \/ Moir\u00eb Arquitectos (\u00a9 Blackline Producciones)\" data-rl_title=\"Casa Porta \/ Moir\u00eb Arquitectos (\u00a9 Blackline Producciones)\" class=\"rl-gallery-link\" data-rl_caption=\"Casa Porta \/ Moir\u00eb Arquitectos (\u00a9 Blackline Producciones)\" data-rel=\"lightbox-gallery-2\"><img loading=\"lazy\" decoding=\"async\" width=\"150\" height=\"150\" src=\"https:\/\/www.arquimaster.com.ar\/web\/wp-content\/uploads\/2019\/01\/casa_porta23-150x150.jpg\" class=\"attachment-thumbnail size-thumbnail\" alt=\"\" aria-describedby=\"gallery-2-35563\" srcset=\"https:\/\/www.arquimaster.com.ar\/web\/wp-content\/uploads\/2019\/01\/casa_porta23-150x150.jpg 150w, https:\/\/www.arquimaster.com.ar\/web\/wp-content\/uploads\/2019\/01\/casa_porta23-50x50.jpg 50w, https:\/\/www.arquimaster.com.ar\/web\/wp-content\/uploads\/2019\/01\/casa_porta23-125x125.jpg 125w\" sizes=\"auto, (max-width: 150px) 100vw, 150px\" \/><\/a>\n\t\t\t<\/div>\n\t\t\t\t<figcaption class='wp-caption-text gallery-caption' id='gallery-2-35563'>\n\t\t\t\tCasa Porta \/ Moir\u00eb Arquitectos (\u00a9 Blackline Producciones)\n\t\t\t\t<\/figcaption><\/figure><figure class='gallery-item'>\n\t\t\t<div class='gallery-icon portrait'>\n\t\t\t\t<a href='https:\/\/www.arquimaster.com.ar\/web\/wp-content\/uploads\/2019\/01\/casa_porta24.jpg' title=\"Casa Porta \/ Moir\u00eb Arquitectos (\u00a9 Blackline Producciones)\" data-rl_title=\"Casa Porta \/ Moir\u00eb Arquitectos (\u00a9 Blackline Producciones)\" class=\"rl-gallery-link\" data-rl_caption=\"Casa Porta \/ Moir\u00eb Arquitectos (\u00a9 Blackline Producciones)\" data-rel=\"lightbox-gallery-2\"><img loading=\"lazy\" decoding=\"async\" width=\"150\" height=\"150\" src=\"https:\/\/www.arquimaster.com.ar\/web\/wp-content\/uploads\/2019\/01\/casa_porta24-150x150.jpg\" class=\"attachment-thumbnail size-thumbnail\" alt=\"\" aria-describedby=\"gallery-2-35564\" srcset=\"https:\/\/www.arquimaster.com.ar\/web\/wp-content\/uploads\/2019\/01\/casa_porta24-150x150.jpg 150w, https:\/\/www.arquimaster.com.ar\/web\/wp-content\/uploads\/2019\/01\/casa_porta24-50x50.jpg 50w, https:\/\/www.arquimaster.com.ar\/web\/wp-content\/uploads\/2019\/01\/casa_porta24-125x125.jpg 125w\" sizes=\"auto, (max-width: 150px) 100vw, 150px\" \/><\/a>\n\t\t\t<\/div>\n\t\t\t\t<figcaption class='wp-caption-text gallery-caption' id='gallery-2-35564'>\n\t\t\t\tCasa Porta \/ Moir\u00eb Arquitectos (\u00a9 Blackline Producciones)\n\t\t\t\t<\/figcaption><\/figure><figure class='gallery-item'>\n\t\t\t<div class='gallery-icon landscape'>\n\t\t\t\t<a href='https:\/\/www.arquimaster.com.ar\/web\/wp-content\/uploads\/2019\/01\/casa_porta25.jpg' title=\"Casa Porta \/ Moir\u00eb Arquitectos (\u00a9 Blackline Producciones)\" data-rl_title=\"Casa Porta \/ Moir\u00eb Arquitectos (\u00a9 Blackline Producciones)\" class=\"rl-gallery-link\" data-rl_caption=\"Casa Porta \/ Moir\u00eb Arquitectos (\u00a9 Blackline Producciones)\" data-rel=\"lightbox-gallery-2\"><img loading=\"lazy\" decoding=\"async\" width=\"150\" height=\"150\" src=\"https:\/\/www.arquimaster.com.ar\/web\/wp-content\/uploads\/2019\/01\/casa_porta25-150x150.jpg\" class=\"attachment-thumbnail size-thumbnail\" alt=\"\" aria-describedby=\"gallery-2-35565\" srcset=\"https:\/\/www.arquimaster.com.ar\/web\/wp-content\/uploads\/2019\/01\/casa_porta25-150x150.jpg 150w, https:\/\/www.arquimaster.com.ar\/web\/wp-content\/uploads\/2019\/01\/casa_porta25-50x50.jpg 50w, https:\/\/www.arquimaster.com.ar\/web\/wp-content\/uploads\/2019\/01\/casa_porta25-125x125.jpg 125w\" sizes=\"auto, (max-width: 150px) 100vw, 150px\" \/><\/a>\n\t\t\t<\/div>\n\t\t\t\t<figcaption class='wp-caption-text gallery-caption' id='gallery-2-35565'>\n\t\t\t\tCasa Porta \/ Moir\u00eb Arquitectos (\u00a9 Blackline Producciones)\n\t\t\t\t<\/figcaption><\/figure><figure class='gallery-item'>\n\t\t\t<div class='gallery-icon landscape'>\n\t\t\t\t<a href='https:\/\/www.arquimaster.com.ar\/web\/wp-content\/uploads\/2019\/01\/casa_porta26.jpg' title=\"Casa Porta \/ Moir\u00eb Arquitectos (\u00a9 Blackline Producciones)\" data-rl_title=\"Casa Porta \/ Moir\u00eb Arquitectos (\u00a9 Blackline Producciones)\" class=\"rl-gallery-link\" data-rl_caption=\"Casa Porta \/ Moir\u00eb Arquitectos (\u00a9 Blackline Producciones)\" data-rel=\"lightbox-gallery-2\"><img loading=\"lazy\" decoding=\"async\" width=\"150\" height=\"150\" src=\"https:\/\/www.arquimaster.com.ar\/web\/wp-content\/uploads\/2019\/01\/casa_porta26-150x150.jpg\" class=\"attachment-thumbnail size-thumbnail\" alt=\"\" aria-describedby=\"gallery-2-35566\" srcset=\"https:\/\/www.arquimaster.com.ar\/web\/wp-content\/uploads\/2019\/01\/casa_porta26-150x150.jpg 150w, https:\/\/www.arquimaster.com.ar\/web\/wp-content\/uploads\/2019\/01\/casa_porta26-50x50.jpg 50w, https:\/\/www.arquimaster.com.ar\/web\/wp-content\/uploads\/2019\/01\/casa_porta26-125x125.jpg 125w\" sizes=\"auto, (max-width: 150px) 100vw, 150px\" \/><\/a>\n\t\t\t<\/div>\n\t\t\t\t<figcaption class='wp-caption-text gallery-caption' id='gallery-2-35566'>\n\t\t\t\tCasa Porta \/ Moir\u00eb Arquitectos (\u00a9 Blackline Producciones)\n\t\t\t\t<\/figcaption><\/figure><figure class='gallery-item'>\n\t\t\t<div class='gallery-icon landscape'>\n\t\t\t\t<a href='https:\/\/www.arquimaster.com.ar\/web\/wp-content\/uploads\/2019\/01\/casa_porta27.jpg' title=\"Casa Porta \/ Moir\u00eb Arquitectos (\u00a9 Blackline Producciones)\" data-rl_title=\"Casa Porta \/ Moir\u00eb Arquitectos (\u00a9 Blackline Producciones)\" class=\"rl-gallery-link\" data-rl_caption=\"Casa Porta \/ Moir\u00eb Arquitectos (\u00a9 Blackline Producciones)\" data-rel=\"lightbox-gallery-2\"><img loading=\"lazy\" decoding=\"async\" width=\"150\" height=\"150\" src=\"https:\/\/www.arquimaster.com.ar\/web\/wp-content\/uploads\/2019\/01\/casa_porta27-150x150.jpg\" class=\"attachment-thumbnail size-thumbnail\" alt=\"\" aria-describedby=\"gallery-2-35567\" srcset=\"https:\/\/www.arquimaster.com.ar\/web\/wp-content\/uploads\/2019\/01\/casa_porta27-150x150.jpg 150w, https:\/\/www.arquimaster.com.ar\/web\/wp-content\/uploads\/2019\/01\/casa_porta27-50x50.jpg 50w, https:\/\/www.arquimaster.com.ar\/web\/wp-content\/uploads\/2019\/01\/casa_porta27-125x125.jpg 125w\" sizes=\"auto, (max-width: 150px) 100vw, 150px\" \/><\/a>\n\t\t\t<\/div>\n\t\t\t\t<figcaption class='wp-caption-text gallery-caption' id='gallery-2-35567'>\n\t\t\t\tCasa Porta \/ Moir\u00eb Arquitectos (\u00a9 Blackline Producciones)\n\t\t\t\t<\/figcaption><\/figure><figure class='gallery-item'>\n\t\t\t<div class='gallery-icon landscape'>\n\t\t\t\t<a href='https:\/\/www.arquimaster.com.ar\/web\/wp-content\/uploads\/2019\/01\/casa_porta28.jpg' title=\"Casa Porta \/ Moir\u00eb Arquitectos (\u00a9 Blackline Producciones)\" data-rl_title=\"Casa Porta \/ Moir\u00eb Arquitectos (\u00a9 Blackline Producciones)\" class=\"rl-gallery-link\" data-rl_caption=\"Casa Porta \/ Moir\u00eb Arquitectos (\u00a9 Blackline Producciones)\" data-rel=\"lightbox-gallery-2\"><img loading=\"lazy\" decoding=\"async\" width=\"150\" height=\"150\" src=\"https:\/\/www.arquimaster.com.ar\/web\/wp-content\/uploads\/2019\/01\/casa_porta28-150x150.jpg\" class=\"attachment-thumbnail size-thumbnail\" alt=\"\" aria-describedby=\"gallery-2-35568\" srcset=\"https:\/\/www.arquimaster.com.ar\/web\/wp-content\/uploads\/2019\/01\/casa_porta28-150x150.jpg 150w, https:\/\/www.arquimaster.com.ar\/web\/wp-content\/uploads\/2019\/01\/casa_porta28-50x50.jpg 50w, https:\/\/www.arquimaster.com.ar\/web\/wp-content\/uploads\/2019\/01\/casa_porta28-125x125.jpg 125w\" sizes=\"auto, (max-width: 150px) 100vw, 150px\" \/><\/a>\n\t\t\t<\/div>\n\t\t\t\t<figcaption class='wp-caption-text gallery-caption' id='gallery-2-35568'>\n\t\t\t\tCasa Porta \/ Moir\u00eb Arquitectos (\u00a9 Blackline Producciones)\n\t\t\t\t<\/figcaption><\/figure><figure class='gallery-item'>\n\t\t\t<div class='gallery-icon landscape'>\n\t\t\t\t<a href='https:\/\/www.arquimaster.com.ar\/web\/wp-content\/uploads\/2019\/01\/casa_porta29.jpg' title=\"Casa Porta \/ Moir\u00eb Arquitectos (\u00a9 Blackline Producciones)\" data-rl_title=\"Casa Porta \/ Moir\u00eb Arquitectos (\u00a9 Blackline Producciones)\" class=\"rl-gallery-link\" data-rl_caption=\"Casa Porta \/ Moir\u00eb Arquitectos (\u00a9 Blackline Producciones)\" data-rel=\"lightbox-gallery-2\"><img loading=\"lazy\" decoding=\"async\" width=\"150\" height=\"150\" src=\"https:\/\/www.arquimaster.com.ar\/web\/wp-content\/uploads\/2019\/01\/casa_porta29-150x150.jpg\" class=\"attachment-thumbnail size-thumbnail\" alt=\"\" aria-describedby=\"gallery-2-35569\" srcset=\"https:\/\/www.arquimaster.com.ar\/web\/wp-content\/uploads\/2019\/01\/casa_porta29-150x150.jpg 150w, https:\/\/www.arquimaster.com.ar\/web\/wp-content\/uploads\/2019\/01\/casa_porta29-50x50.jpg 50w, https:\/\/www.arquimaster.com.ar\/web\/wp-content\/uploads\/2019\/01\/casa_porta29-125x125.jpg 125w\" sizes=\"auto, (max-width: 150px) 100vw, 150px\" \/><\/a>\n\t\t\t<\/div>\n\t\t\t\t<figcaption class='wp-caption-text gallery-caption' id='gallery-2-35569'>\n\t\t\t\tCasa Porta \/ Moir\u00eb Arquitectos (\u00a9 Blackline Producciones)\n\t\t\t\t<\/figcaption><\/figure><figure class='gallery-item'>\n\t\t\t<div class='gallery-icon portrait'>\n\t\t\t\t<a href='https:\/\/www.arquimaster.com.ar\/web\/wp-content\/uploads\/2019\/01\/casa_porta30.jpg' title=\"Casa Porta \/ Moir\u00eb Arquitectos (\u00a9 Blackline Producciones)\" data-rl_title=\"Casa Porta \/ Moir\u00eb Arquitectos (\u00a9 Blackline Producciones)\" class=\"rl-gallery-link\" data-rl_caption=\"Casa Porta \/ Moir\u00eb Arquitectos (\u00a9 Blackline Producciones)\" data-rel=\"lightbox-gallery-2\"><img loading=\"lazy\" decoding=\"async\" width=\"150\" height=\"150\" src=\"https:\/\/www.arquimaster.com.ar\/web\/wp-content\/uploads\/2019\/01\/casa_porta30-150x150.jpg\" class=\"attachment-thumbnail size-thumbnail\" alt=\"\" aria-describedby=\"gallery-2-35570\" srcset=\"https:\/\/www.arquimaster.com.ar\/web\/wp-content\/uploads\/2019\/01\/casa_porta30-150x150.jpg 150w, https:\/\/www.arquimaster.com.ar\/web\/wp-content\/uploads\/2019\/01\/casa_porta30-50x50.jpg 50w, https:\/\/www.arquimaster.com.ar\/web\/wp-content\/uploads\/2019\/01\/casa_porta30-125x125.jpg 125w\" sizes=\"auto, (max-width: 150px) 100vw, 150px\" \/><\/a>\n\t\t\t<\/div>\n\t\t\t\t<figcaption class='wp-caption-text gallery-caption' id='gallery-2-35570'>\n\t\t\t\tCasa Porta \/ Moir\u00eb Arquitectos (\u00a9 Blackline Producciones)\n\t\t\t\t<\/figcaption><\/figure>\n\t\t<\/div>\n\n<p>En la planta alta se disponen las \u00e1reas p\u00fablicas de la casa. Un volumen liviano, revestido \u00edntegramente en chapa, contiene la cocina y el estar comedor. El prisma emerge sobre la l\u00ednea municipal, generando un semicubierto sobre ella y a su vez se perfora, desmaterializando su l\u00edmite, buscando dialogar a partir de las visuales entre la casa y la calle. La terraza en planta alta act\u00faa como expansi\u00f3n de las \u00e1reas p\u00fablicas de la vivienda.<\/p>\n<p>La casa se materializa con un sistema constructivo mixto, con estructura de hormig\u00f3n armado. La planta baja, entendida como un basamento, con mamposter\u00edas y tabiques de hormig\u00f3n. La planta alta se materializa con steel frame y un cerramiento pared-techo de chapa acanalada negra.<\/p>\n<div id='gallery-3' class='gallery galleryid-35539 gallery-columns-3 gallery-size-thumbnail'><figure class='gallery-item'>\n\t\t\t<div class='gallery-icon landscape'>\n\t\t\t\t<a href='https:\/\/www.arquimaster.com.ar\/web\/wp-content\/uploads\/2019\/01\/casa_porta31.jpg' title=\"Casa Porta \/ Moir\u00eb Arquitectos (\u00a9 Blackline Producciones)\" data-rl_title=\"Casa Porta \/ Moir\u00eb Arquitectos (\u00a9 Blackline Producciones)\" class=\"rl-gallery-link\" data-rl_caption=\"Casa Porta \/ Moir\u00eb Arquitectos (\u00a9 Blackline Producciones)\" data-rel=\"lightbox-gallery-3\"><img loading=\"lazy\" decoding=\"async\" width=\"150\" height=\"150\" src=\"https:\/\/www.arquimaster.com.ar\/web\/wp-content\/uploads\/2019\/01\/casa_porta31-150x150.jpg\" class=\"attachment-thumbnail size-thumbnail\" alt=\"\" aria-describedby=\"gallery-3-35571\" srcset=\"https:\/\/www.arquimaster.com.ar\/web\/wp-content\/uploads\/2019\/01\/casa_porta31-150x150.jpg 150w, https:\/\/www.arquimaster.com.ar\/web\/wp-content\/uploads\/2019\/01\/casa_porta31-50x50.jpg 50w, https:\/\/www.arquimaster.com.ar\/web\/wp-content\/uploads\/2019\/01\/casa_porta31-125x125.jpg 125w\" sizes=\"auto, (max-width: 150px) 100vw, 150px\" \/><\/a>\n\t\t\t<\/div>\n\t\t\t\t<figcaption class='wp-caption-text gallery-caption' id='gallery-3-35571'>\n\t\t\t\tCasa Porta \/ Moir\u00eb Arquitectos (\u00a9 Blackline Producciones)\n\t\t\t\t<\/figcaption><\/figure><figure class='gallery-item'>\n\t\t\t<div class='gallery-icon landscape'>\n\t\t\t\t<a href='https:\/\/www.arquimaster.com.ar\/web\/wp-content\/uploads\/2019\/01\/casa_porta32.jpg' title=\"Casa Porta \/ Moir\u00eb Arquitectos (\u00a9 Blackline Producciones)\" data-rl_title=\"Casa Porta \/ Moir\u00eb Arquitectos (\u00a9 Blackline Producciones)\" class=\"rl-gallery-link\" data-rl_caption=\"Casa Porta \/ Moir\u00eb Arquitectos (\u00a9 Blackline Producciones)\" data-rel=\"lightbox-gallery-3\"><img loading=\"lazy\" decoding=\"async\" width=\"150\" height=\"150\" src=\"https:\/\/www.arquimaster.com.ar\/web\/wp-content\/uploads\/2019\/01\/casa_porta32-150x150.jpg\" class=\"attachment-thumbnail size-thumbnail\" alt=\"\" aria-describedby=\"gallery-3-35572\" srcset=\"https:\/\/www.arquimaster.com.ar\/web\/wp-content\/uploads\/2019\/01\/casa_porta32-150x150.jpg 150w, https:\/\/www.arquimaster.com.ar\/web\/wp-content\/uploads\/2019\/01\/casa_porta32-50x50.jpg 50w, https:\/\/www.arquimaster.com.ar\/web\/wp-content\/uploads\/2019\/01\/casa_porta32-125x125.jpg 125w\" sizes=\"auto, (max-width: 150px) 100vw, 150px\" \/><\/a>\n\t\t\t<\/div>\n\t\t\t\t<figcaption class='wp-caption-text gallery-caption' id='gallery-3-35572'>\n\t\t\t\tCasa Porta \/ Moir\u00eb Arquitectos (\u00a9 Blackline Producciones)\n\t\t\t\t<\/figcaption><\/figure><figure class='gallery-item'>\n\t\t\t<div class='gallery-icon landscape'>\n\t\t\t\t<a href='https:\/\/www.arquimaster.com.ar\/web\/wp-content\/uploads\/2019\/01\/casa_porta33.jpg' title=\"Casa Porta \/ Moir\u00eb Arquitectos (\u00a9 Blackline Producciones)\" data-rl_title=\"Casa Porta \/ Moir\u00eb Arquitectos (\u00a9 Blackline Producciones)\" class=\"rl-gallery-link\" data-rl_caption=\"Casa Porta \/ Moir\u00eb Arquitectos (\u00a9 Blackline Producciones)\" data-rel=\"lightbox-gallery-3\"><img loading=\"lazy\" decoding=\"async\" width=\"150\" height=\"150\" src=\"https:\/\/www.arquimaster.com.ar\/web\/wp-content\/uploads\/2019\/01\/casa_porta33-150x150.jpg\" class=\"attachment-thumbnail size-thumbnail\" alt=\"\" aria-describedby=\"gallery-3-35573\" srcset=\"https:\/\/www.arquimaster.com.ar\/web\/wp-content\/uploads\/2019\/01\/casa_porta33-150x150.jpg 150w, https:\/\/www.arquimaster.com.ar\/web\/wp-content\/uploads\/2019\/01\/casa_porta33-50x50.jpg 50w, https:\/\/www.arquimaster.com.ar\/web\/wp-content\/uploads\/2019\/01\/casa_porta33-125x125.jpg 125w\" sizes=\"auto, (max-width: 150px) 100vw, 150px\" \/><\/a>\n\t\t\t<\/div>\n\t\t\t\t<figcaption class='wp-caption-text gallery-caption' id='gallery-3-35573'>\n\t\t\t\tCasa Porta \/ Moir\u00eb Arquitectos (\u00a9 Blackline Producciones)\n\t\t\t\t<\/figcaption><\/figure><figure class='gallery-item'>\n\t\t\t<div class='gallery-icon landscape'>\n\t\t\t\t<a href='https:\/\/www.arquimaster.com.ar\/web\/wp-content\/uploads\/2019\/01\/casa_porta34.jpg' title=\"Casa Porta \/ Moir\u00eb Arquitectos (\u00a9 Blackline Producciones)\" data-rl_title=\"Casa Porta \/ Moir\u00eb Arquitectos (\u00a9 Blackline Producciones)\" class=\"rl-gallery-link\" data-rl_caption=\"Casa Porta \/ Moir\u00eb Arquitectos (\u00a9 Blackline Producciones)\" data-rel=\"lightbox-gallery-3\"><img loading=\"lazy\" decoding=\"async\" width=\"150\" height=\"150\" src=\"https:\/\/www.arquimaster.com.ar\/web\/wp-content\/uploads\/2019\/01\/casa_porta34-150x150.jpg\" class=\"attachment-thumbnail size-thumbnail\" alt=\"\" aria-describedby=\"gallery-3-35574\" srcset=\"https:\/\/www.arquimaster.com.ar\/web\/wp-content\/uploads\/2019\/01\/casa_porta34-150x150.jpg 150w, https:\/\/www.arquimaster.com.ar\/web\/wp-content\/uploads\/2019\/01\/casa_porta34-50x50.jpg 50w, https:\/\/www.arquimaster.com.ar\/web\/wp-content\/uploads\/2019\/01\/casa_porta34-125x125.jpg 125w\" sizes=\"auto, (max-width: 150px) 100vw, 150px\" \/><\/a>\n\t\t\t<\/div>\n\t\t\t\t<figcaption class='wp-caption-text gallery-caption' id='gallery-3-35574'>\n\t\t\t\tCasa Porta \/ Moir\u00eb Arquitectos (\u00a9 Blackline Producciones)\n\t\t\t\t<\/figcaption><\/figure><figure class='gallery-item'>\n\t\t\t<div class='gallery-icon landscape'>\n\t\t\t\t<a href='https:\/\/www.arquimaster.com.ar\/web\/wp-content\/uploads\/2019\/01\/casa_porta35.jpg' title=\"Casa Porta \/ Moir\u00eb Arquitectos (\u00a9 Blackline Producciones)\" data-rl_title=\"Casa Porta \/ Moir\u00eb Arquitectos (\u00a9 Blackline Producciones)\" class=\"rl-gallery-link\" data-rl_caption=\"Casa Porta \/ Moir\u00eb Arquitectos (\u00a9 Blackline Producciones)\" data-rel=\"lightbox-gallery-3\"><img loading=\"lazy\" decoding=\"async\" width=\"150\" height=\"150\" src=\"https:\/\/www.arquimaster.com.ar\/web\/wp-content\/uploads\/2019\/01\/casa_porta35-150x150.jpg\" class=\"attachment-thumbnail size-thumbnail\" alt=\"\" aria-describedby=\"gallery-3-35575\" srcset=\"https:\/\/www.arquimaster.com.ar\/web\/wp-content\/uploads\/2019\/01\/casa_porta35-150x150.jpg 150w, https:\/\/www.arquimaster.com.ar\/web\/wp-content\/uploads\/2019\/01\/casa_porta35-50x50.jpg 50w, https:\/\/www.arquimaster.com.ar\/web\/wp-content\/uploads\/2019\/01\/casa_porta35-125x125.jpg 125w\" sizes=\"auto, (max-width: 150px) 100vw, 150px\" \/><\/a>\n\t\t\t<\/div>\n\t\t\t\t<figcaption class='wp-caption-text gallery-caption' id='gallery-3-35575'>\n\t\t\t\tCasa Porta \/ Moir\u00eb Arquitectos (\u00a9 Blackline Producciones)\n\t\t\t\t<\/figcaption><\/figure><figure class='gallery-item'>\n\t\t\t<div class='gallery-icon landscape'>\n\t\t\t\t<a href='https:\/\/www.arquimaster.com.ar\/web\/wp-content\/uploads\/2019\/01\/casa_porta36.jpg' title=\"Casa Porta \/ Moir\u00eb Arquitectos (\u00a9 Blackline Producciones)\" data-rl_title=\"Casa Porta \/ Moir\u00eb Arquitectos (\u00a9 Blackline Producciones)\" class=\"rl-gallery-link\" data-rl_caption=\"Casa Porta \/ Moir\u00eb Arquitectos (\u00a9 Blackline Producciones)\" data-rel=\"lightbox-gallery-3\"><img loading=\"lazy\" decoding=\"async\" width=\"150\" height=\"150\" src=\"https:\/\/www.arquimaster.com.ar\/web\/wp-content\/uploads\/2019\/01\/casa_porta36-150x150.jpg\" class=\"attachment-thumbnail size-thumbnail\" alt=\"\" aria-describedby=\"gallery-3-35576\" srcset=\"https:\/\/www.arquimaster.com.ar\/web\/wp-content\/uploads\/2019\/01\/casa_porta36-150x150.jpg 150w, https:\/\/www.arquimaster.com.ar\/web\/wp-content\/uploads\/2019\/01\/casa_porta36-50x50.jpg 50w, https:\/\/www.arquimaster.com.ar\/web\/wp-content\/uploads\/2019\/01\/casa_porta36-125x125.jpg 125w\" sizes=\"auto, (max-width: 150px) 100vw, 150px\" \/><\/a>\n\t\t\t<\/div>\n\t\t\t\t<figcaption class='wp-caption-text gallery-caption' id='gallery-3-35576'>\n\t\t\t\tCasa Porta \/ Moir\u00eb Arquitectos (\u00a9 Blackline Producciones)\n\t\t\t\t<\/figcaption><\/figure><figure class='gallery-item'>\n\t\t\t<div class='gallery-icon landscape'>\n\t\t\t\t<a href='https:\/\/www.arquimaster.com.ar\/web\/wp-content\/uploads\/2019\/01\/casa_porta37.jpg' title=\"Casa Porta \/ Moir\u00eb Arquitectos (\u00a9 Blackline Producciones)\" data-rl_title=\"Casa Porta \/ Moir\u00eb Arquitectos (\u00a9 Blackline Producciones)\" class=\"rl-gallery-link\" data-rl_caption=\"Casa Porta \/ Moir\u00eb Arquitectos (\u00a9 Blackline Producciones)\" data-rel=\"lightbox-gallery-3\"><img loading=\"lazy\" decoding=\"async\" width=\"150\" height=\"150\" src=\"https:\/\/www.arquimaster.com.ar\/web\/wp-content\/uploads\/2019\/01\/casa_porta37-150x150.jpg\" class=\"attachment-thumbnail size-thumbnail\" alt=\"\" aria-describedby=\"gallery-3-35577\" srcset=\"https:\/\/www.arquimaster.com.ar\/web\/wp-content\/uploads\/2019\/01\/casa_porta37-150x150.jpg 150w, https:\/\/www.arquimaster.com.ar\/web\/wp-content\/uploads\/2019\/01\/casa_porta37-50x50.jpg 50w, https:\/\/www.arquimaster.com.ar\/web\/wp-content\/uploads\/2019\/01\/casa_porta37-125x125.jpg 125w\" sizes=\"auto, (max-width: 150px) 100vw, 150px\" \/><\/a>\n\t\t\t<\/div>\n\t\t\t\t<figcaption class='wp-caption-text gallery-caption' id='gallery-3-35577'>\n\t\t\t\tCasa Porta \/ Moir\u00eb Arquitectos (\u00a9 Blackline Producciones)\n\t\t\t\t<\/figcaption><\/figure><figure class='gallery-item'>\n\t\t\t<div class='gallery-icon portrait'>\n\t\t\t\t<a href='https:\/\/www.arquimaster.com.ar\/web\/wp-content\/uploads\/2019\/01\/casa_porta38.jpg' title=\"Casa Porta \/ Moir\u00eb Arquitectos (\u00a9 Blackline Producciones)\" data-rl_title=\"Casa Porta \/ Moir\u00eb Arquitectos (\u00a9 Blackline Producciones)\" class=\"rl-gallery-link\" data-rl_caption=\"Casa Porta \/ Moir\u00eb Arquitectos (\u00a9 Blackline Producciones)\" data-rel=\"lightbox-gallery-3\"><img loading=\"lazy\" decoding=\"async\" width=\"150\" height=\"150\" src=\"https:\/\/www.arquimaster.com.ar\/web\/wp-content\/uploads\/2019\/01\/casa_porta38-150x150.jpg\" class=\"attachment-thumbnail size-thumbnail\" alt=\"\" aria-describedby=\"gallery-3-35578\" srcset=\"https:\/\/www.arquimaster.com.ar\/web\/wp-content\/uploads\/2019\/01\/casa_porta38-150x150.jpg 150w, https:\/\/www.arquimaster.com.ar\/web\/wp-content\/uploads\/2019\/01\/casa_porta38-50x50.jpg 50w, https:\/\/www.arquimaster.com.ar\/web\/wp-content\/uploads\/2019\/01\/casa_porta38-125x125.jpg 125w\" sizes=\"auto, (max-width: 150px) 100vw, 150px\" \/><\/a>\n\t\t\t<\/div>\n\t\t\t\t<figcaption class='wp-caption-text gallery-caption' id='gallery-3-35578'>\n\t\t\t\tCasa Porta \/ Moir\u00eb Arquitectos (\u00a9 Blackline Producciones)\n\t\t\t\t<\/figcaption><\/figure><figure class='gallery-item'>\n\t\t\t<div class='gallery-icon landscape'>\n\t\t\t\t<a href='https:\/\/www.arquimaster.com.ar\/web\/wp-content\/uploads\/2019\/01\/casa_porta39.jpg' title=\"Casa Porta \/ Moir\u00eb Arquitectos (\u00a9 Blackline Producciones)\" data-rl_title=\"Casa Porta \/ Moir\u00eb Arquitectos (\u00a9 Blackline Producciones)\" class=\"rl-gallery-link\" data-rl_caption=\"Casa Porta \/ Moir\u00eb Arquitectos (\u00a9 Blackline Producciones)\" data-rel=\"lightbox-gallery-3\"><img loading=\"lazy\" decoding=\"async\" width=\"150\" height=\"150\" src=\"https:\/\/www.arquimaster.com.ar\/web\/wp-content\/uploads\/2019\/01\/casa_porta39-150x150.jpg\" class=\"attachment-thumbnail size-thumbnail\" alt=\"\" aria-describedby=\"gallery-3-35579\" srcset=\"https:\/\/www.arquimaster.com.ar\/web\/wp-content\/uploads\/2019\/01\/casa_porta39-150x150.jpg 150w, https:\/\/www.arquimaster.com.ar\/web\/wp-content\/uploads\/2019\/01\/casa_porta39-50x50.jpg 50w, https:\/\/www.arquimaster.com.ar\/web\/wp-content\/uploads\/2019\/01\/casa_porta39-125x125.jpg 125w\" sizes=\"auto, (max-width: 150px) 100vw, 150px\" \/><\/a>\n\t\t\t<\/div>\n\t\t\t\t<figcaption class='wp-caption-text gallery-caption' id='gallery-3-35579'>\n\t\t\t\tCasa Porta \/ Moir\u00eb Arquitectos (\u00a9 Blackline Producciones)\n\t\t\t\t<\/figcaption><\/figure><figure class='gallery-item'>\n\t\t\t<div class='gallery-icon landscape'>\n\t\t\t\t<a href='https:\/\/www.arquimaster.com.ar\/web\/wp-content\/uploads\/2019\/01\/casa_porta40.jpg' title=\"Casa Porta \/ Moir\u00eb Arquitectos (\u00a9 Blackline Producciones)\" data-rl_title=\"Casa Porta \/ Moir\u00eb Arquitectos (\u00a9 Blackline Producciones)\" class=\"rl-gallery-link\" data-rl_caption=\"Casa Porta \/ Moir\u00eb Arquitectos (\u00a9 Blackline Producciones)\" data-rel=\"lightbox-gallery-3\"><img loading=\"lazy\" decoding=\"async\" width=\"150\" height=\"150\" src=\"https:\/\/www.arquimaster.com.ar\/web\/wp-content\/uploads\/2019\/01\/casa_porta40-150x150.jpg\" class=\"attachment-thumbnail size-thumbnail\" alt=\"\" aria-describedby=\"gallery-3-35580\" srcset=\"https:\/\/www.arquimaster.com.ar\/web\/wp-content\/uploads\/2019\/01\/casa_porta40-150x150.jpg 150w, https:\/\/www.arquimaster.com.ar\/web\/wp-content\/uploads\/2019\/01\/casa_porta40-50x50.jpg 50w, https:\/\/www.arquimaster.com.ar\/web\/wp-content\/uploads\/2019\/01\/casa_porta40-125x125.jpg 125w\" sizes=\"auto, (max-width: 150px) 100vw, 150px\" \/><\/a>\n\t\t\t<\/div>\n\t\t\t\t<figcaption class='wp-caption-text gallery-caption' id='gallery-3-35580'>\n\t\t\t\tCasa Porta \/ Moir\u00eb Arquitectos (\u00a9 Blackline Producciones)\n\t\t\t\t<\/figcaption><\/figure><figure class='gallery-item'>\n\t\t\t<div class='gallery-icon landscape'>\n\t\t\t\t<a href='https:\/\/www.arquimaster.com.ar\/web\/wp-content\/uploads\/2019\/01\/casa_porta41.jpg' title=\"Casa Porta \/ Moir\u00eb Arquitectos (planta baja)\" data-rl_title=\"Casa Porta \/ Moir\u00eb Arquitectos (planta baja)\" class=\"rl-gallery-link\" data-rl_caption=\"Casa Porta \/ Moir\u00eb Arquitectos (planta baja)\" data-rel=\"lightbox-gallery-3\"><img loading=\"lazy\" decoding=\"async\" width=\"150\" height=\"150\" src=\"https:\/\/www.arquimaster.com.ar\/web\/wp-content\/uploads\/2019\/01\/casa_porta41-150x150.jpg\" class=\"attachment-thumbnail size-thumbnail\" alt=\"\" aria-describedby=\"gallery-3-35581\" srcset=\"https:\/\/www.arquimaster.com.ar\/web\/wp-content\/uploads\/2019\/01\/casa_porta41-150x150.jpg 150w, https:\/\/www.arquimaster.com.ar\/web\/wp-content\/uploads\/2019\/01\/casa_porta41-50x50.jpg 50w, https:\/\/www.arquimaster.com.ar\/web\/wp-content\/uploads\/2019\/01\/casa_porta41-125x125.jpg 125w\" sizes=\"auto, (max-width: 150px) 100vw, 150px\" \/><\/a>\n\t\t\t<\/div>\n\t\t\t\t<figcaption class='wp-caption-text gallery-caption' id='gallery-3-35581'>\n\t\t\t\tCasa Porta \/ Moir\u00eb Arquitectos (planta baja)\n\t\t\t\t<\/figcaption><\/figure><figure class='gallery-item'>\n\t\t\t<div class='gallery-icon landscape'>\n\t\t\t\t<a href='https:\/\/www.arquimaster.com.ar\/web\/wp-content\/uploads\/2019\/01\/casa_porta42.jpg' title=\"Casa Porta \/ Moir\u00eb Arquitectos (planta alta)\" data-rl_title=\"Casa Porta \/ Moir\u00eb Arquitectos (planta alta)\" class=\"rl-gallery-link\" data-rl_caption=\"Casa Porta \/ Moir\u00eb Arquitectos (planta alta)\" data-rel=\"lightbox-gallery-3\"><img loading=\"lazy\" decoding=\"async\" width=\"150\" height=\"150\" src=\"https:\/\/www.arquimaster.com.ar\/web\/wp-content\/uploads\/2019\/01\/casa_porta42-150x150.jpg\" class=\"attachment-thumbnail size-thumbnail\" alt=\"\" aria-describedby=\"gallery-3-35582\" srcset=\"https:\/\/www.arquimaster.com.ar\/web\/wp-content\/uploads\/2019\/01\/casa_porta42-150x150.jpg 150w, https:\/\/www.arquimaster.com.ar\/web\/wp-content\/uploads\/2019\/01\/casa_porta42-50x50.jpg 50w, https:\/\/www.arquimaster.com.ar\/web\/wp-content\/uploads\/2019\/01\/casa_porta42-125x125.jpg 125w\" sizes=\"auto, (max-width: 150px) 100vw, 150px\" \/><\/a>\n\t\t\t<\/div>\n\t\t\t\t<figcaption class='wp-caption-text gallery-caption' id='gallery-3-35582'>\n\t\t\t\tCasa Porta \/ Moir\u00eb Arquitectos (planta alta)\n\t\t\t\t<\/figcaption><\/figure><figure class='gallery-item'>\n\t\t\t<div class='gallery-icon landscape'>\n\t\t\t\t<a href='https:\/\/www.arquimaster.com.ar\/web\/wp-content\/uploads\/2019\/01\/casa_porta43.jpg' title=\"Casa Porta \/ Moir\u00eb Arquitectos (corte)\" data-rl_title=\"Casa Porta \/ Moir\u00eb Arquitectos (corte)\" class=\"rl-gallery-link\" data-rl_caption=\"Casa Porta \/ Moir\u00eb Arquitectos (corte)\" data-rel=\"lightbox-gallery-3\"><img loading=\"lazy\" decoding=\"async\" width=\"150\" height=\"150\" src=\"https:\/\/www.arquimaster.com.ar\/web\/wp-content\/uploads\/2019\/01\/casa_porta43-150x150.jpg\" class=\"attachment-thumbnail size-thumbnail\" alt=\"\" aria-describedby=\"gallery-3-35583\" srcset=\"https:\/\/www.arquimaster.com.ar\/web\/wp-content\/uploads\/2019\/01\/casa_porta43-150x150.jpg 150w, https:\/\/www.arquimaster.com.ar\/web\/wp-content\/uploads\/2019\/01\/casa_porta43-50x50.jpg 50w, https:\/\/www.arquimaster.com.ar\/web\/wp-content\/uploads\/2019\/01\/casa_porta43-125x125.jpg 125w\" sizes=\"auto, (max-width: 150px) 100vw, 150px\" \/><\/a>\n\t\t\t<\/div>\n\t\t\t\t<figcaption class='wp-caption-text gallery-caption' id='gallery-3-35583'>\n\t\t\t\tCasa Porta \/ Moir\u00eb Arquitectos (corte)\n\t\t\t\t<\/figcaption><\/figure><figure class='gallery-item'>\n\t\t\t<div class='gallery-icon landscape'>\n\t\t\t\t<a href='https:\/\/www.arquimaster.com.ar\/web\/wp-content\/uploads\/2019\/01\/casa_porta44.jpg' title=\"Casa Porta \/ Moir\u00eb Arquitectos (proyectistas)\" data-rl_title=\"Casa Porta \/ Moir\u00eb Arquitectos (proyectistas)\" class=\"rl-gallery-link\" data-rl_caption=\"Casa Porta \/ Moir\u00eb Arquitectos (proyectistas)\" data-rel=\"lightbox-gallery-3\"><img loading=\"lazy\" decoding=\"async\" width=\"150\" height=\"150\" src=\"https:\/\/www.arquimaster.com.ar\/web\/wp-content\/uploads\/2019\/01\/casa_porta44-150x150.jpg\" class=\"attachment-thumbnail size-thumbnail\" alt=\"\" aria-describedby=\"gallery-3-35584\" srcset=\"https:\/\/www.arquimaster.com.ar\/web\/wp-content\/uploads\/2019\/01\/casa_porta44-150x150.jpg 150w, https:\/\/www.arquimaster.com.ar\/web\/wp-content\/uploads\/2019\/01\/casa_porta44-50x50.jpg 50w, https:\/\/www.arquimaster.com.ar\/web\/wp-content\/uploads\/2019\/01\/casa_porta44-125x125.jpg 125w\" sizes=\"auto, (max-width: 150px) 100vw, 150px\" \/><\/a>\n\t\t\t<\/div>\n\t\t\t\t<figcaption class='wp-caption-text gallery-caption' id='gallery-3-35584'>\n\t\t\t\tCasa Porta \/ Moir\u00eb Arquitectos (proyectistas)\n\t\t\t\t<\/figcaption><\/figure>\n\t\t<\/div>\n\n<p>La materialidad reafirma la b\u00fasqueda de una imagen contempor\u00e1nea.&nbsp;En el interior se obtienen espacios amplios con grandes ventanales que proporcionan importantes entradas de luz, generando un contraste&nbsp; con la madera, el hierro y los colores oscuros.<\/p>\n<p><strong>Ficha t\u00e9cnica<\/strong><br \/>\nNombre: Casa Porta<br \/>\nLugar: Mar del Plata, Pcia. de Buenos Aires, Argentina<br \/>\nEstudio: Moir\u00eb Arquitectos<br \/>\nSuperficie cubierta: 142 m2<br \/>\nSuperficie semicubierta: 40 m2<br \/>\nFecha: 2019<br \/>\nFotograf\u00eda: Blackline Producciones<\/p>\n<p><strong>Contacto<\/strong><br \/>\n<a href=\"http:\/\/www.moirearqs.com.ar\" target=\"_blank\" rel=\"noopener noreferrer\">http:\/\/www.moirearqs.com.ar<\/a><\/p>\n<p>&nbsp;<\/p>\n<p><em><strong>English version<\/strong><\/em><br \/>\n<em><strong>Porta House<\/strong><\/em><\/p>\n<p><em>Bearing in mind the limited dimensions of the piece of land, we proposed to elevate the public spaces of the house. This resource provides good lighting and great visuals of the city, as it gives privacy to the terrace, which is the main outer space.<\/em><\/p>\n<p><em>On the ground floor the house develops a basing. It allows creating a strong limit with the street, opening up to a small patio. On the access and the bedrooms area, the limit turns sharper, as it gets to be more permeable on the corner.<\/em><\/p>\n<p><em>A light, steel sheet volume contains the kitchen, the dining room and the living room on the first floor. This overlapping rotated prism generates semi-covered areas on the ground floor which are used as parking space. The volume comes out the sidewalk and has a large window on the end, which provides the kitchen with visuals of the city.<\/em><\/p>\n<p><em>A mixed construction system was chosen for this project. The ground floor was built mostly with concrete, in order to emphasize its basing characteristic. The first floor was materialized with steel-framing system fully covered in black steel sheet.<\/em><\/p>\n<p><em>The floor-to-ceiling windows create light-filled spaces that make contrast with the dark colors from the material chosen: concrete, wood and black metal.<\/em><\/p>\n\n<div style=\"font-size: 0px; height: 0px; line-height: 0px; margin: 0; padding: 0; clear: both;\"><\/div><div style=\"margin-top: 0px; margin-bottom: 0px;\" class=\"sharethis-inline-share-buttons\" ><\/div>","protected":false},"excerpt":{"rendered":"<p>La materialidad de la casa reafirma la b\u00fasqueda de una imagen contempor\u00e1nea&#8230;<\/p>\n","protected":false},"author":1,"featured_media":35540,"comment_status":"closed","ping_status":"closed","sticky":false,"template":"","format":"standard","meta":{"_uag_custom_page_level_css":"","footnotes":""},"categories":[1,83],"tags":[873,458,872,871,254],"class_list":["post-35539","post","type-post","status-publish","format-standard","has-post-thumbnail","hentry","category-proyecto","category-vivienda-unifamiliar","tag-ezequiel-munoz","tag-mar-del-plata","tag-mariel-camara","tag-moire-arquitectos","tag-vivienda-unifamiliar-2","generate-columns","tablet-grid-50","mobile-grid-100","grid-parent","grid-50"],"yoast_head":"<!-- This site is optimized with the Yoast SEO plugin v27.3 - https:\/\/yoast.com\/product\/yoast-seo-wordpress\/ -->\n<title>Casa Porta \/ Moir\u00eb Arquitectos - Arquimaster<\/title>\n<meta name=\"description\" content=\"La materialidad de la casa reafirma la b\u00fasqueda de una imagen contempor\u00e1nea.\" \/>\n<meta name=\"robots\" content=\"index, follow, max-snippet:-1, max-image-preview:large, max-video-preview:-1\" \/>\n<link rel=\"canonical\" href=\"https:\/\/www.arquimaster.com.ar\/web\/casa-porta-moire-arquitectos\/\" \/>\n<meta property=\"og:locale\" content=\"es_ES\" \/>\n<meta property=\"og:type\" content=\"article\" \/>\n<meta property=\"og:title\" content=\"Casa Porta \/ Moir\u00eb Arquitectos\" \/>\n<meta property=\"og:description\" content=\"La materialidad de la casa reafirma la b\u00fasqueda de una imagen contempor\u00e1nea.\" \/>\n<meta property=\"og:url\" content=\"https:\/\/www.arquimaster.com.ar\/web\/casa-porta-moire-arquitectos\/\" \/>\n<meta property=\"og:site_name\" content=\"Arquimaster\" \/>\n<meta property=\"article:publisher\" content=\"http:\/\/www.facebook.com\/ARQUIMASTER.com.ar\" \/>\n<meta property=\"article:published_time\" content=\"2019-01-24T14:46:01+00:00\" \/>\n<meta property=\"article:modified_time\" content=\"2020-08-02T19:29:40+00:00\" \/>\n<meta property=\"og:image\" content=\"https:\/\/www.arquimaster.com.ar\/web\/wp-content\/uploads\/2019\/01\/casa_porta_slide-wpp1596396490481.jpg\" \/>\n\t<meta property=\"og:image:width\" content=\"698\" \/>\n\t<meta property=\"og:image:height\" content=\"364\" \/>\n\t<meta property=\"og:image:type\" content=\"image\/jpeg\" \/>\n<meta name=\"author\" content=\"Arquimaster\" \/>\n<meta name=\"twitter:card\" content=\"summary_large_image\" \/>\n<meta name=\"twitter:title\" content=\"Casa Porta \/ Moir\u00eb Arquitectos\" \/>\n<meta name=\"twitter:description\" content=\"La materialidad de la casa reafirma la b\u00fasqueda de una imagen contempor\u00e1nea.\" \/>\n<meta name=\"twitter:image\" content=\"https:\/\/www.arquimaster.com.ar\/web\/wp-content\/uploads\/2019\/01\/casa_porta_slide-wpp1596396490481.jpg\" \/>\n<meta name=\"twitter:creator\" content=\"@arquimaster\" \/>\n<meta name=\"twitter:site\" content=\"@arquimaster\" \/>\n<meta name=\"twitter:label1\" content=\"Escrito por\" \/>\n\t<meta name=\"twitter:data1\" content=\"Arquimaster\" \/>\n\t<meta name=\"twitter:label2\" content=\"Tiempo de lectura\" \/>\n\t<meta name=\"twitter:data2\" content=\"3 minutos\" \/>\n<script type=\"application\/ld+json\" class=\"yoast-schema-graph\">{\"@context\":\"https:\\\/\\\/schema.org\",\"@graph\":[{\"@type\":\"Article\",\"@id\":\"https:\\\/\\\/www.arquimaster.com.ar\\\/web\\\/casa-porta-moire-arquitectos\\\/#article\",\"isPartOf\":{\"@id\":\"https:\\\/\\\/www.arquimaster.com.ar\\\/web\\\/casa-porta-moire-arquitectos\\\/\"},\"author\":{\"name\":\"Arquimaster\",\"@id\":\"https:\\\/\\\/www.arquimaster.com.ar\\\/web\\\/#\\\/schema\\\/person\\\/359e9f7c00193fcde068e0dd2ceb0028\"},\"headline\":\"Casa Porta \\\/ Moir\u00eb Arquitectos\",\"datePublished\":\"2019-01-24T14:46:01+00:00\",\"dateModified\":\"2020-08-02T19:29:40+00:00\",\"mainEntityOfPage\":{\"@id\":\"https:\\\/\\\/www.arquimaster.com.ar\\\/web\\\/casa-porta-moire-arquitectos\\\/\"},\"wordCount\":628,\"publisher\":{\"@id\":\"https:\\\/\\\/www.arquimaster.com.ar\\\/web\\\/#organization\"},\"image\":{\"@id\":\"https:\\\/\\\/www.arquimaster.com.ar\\\/web\\\/casa-porta-moire-arquitectos\\\/#primaryimage\"},\"thumbnailUrl\":\"https:\\\/\\\/www.arquimaster.com.ar\\\/web\\\/wp-content\\\/uploads\\\/2019\\\/01\\\/casa_porta_slide-wpp1596396490481.jpg\",\"keywords\":[\"Ezequiel Mu\u00f1oz\",\"Mar del Plata\",\"Mariel C\u00e1mara\",\"Moir\u00eb Arquitectos\",\"vivienda unifamiliar\"],\"articleSection\":[\"Proyecto\",\"Vivienda unifamiliar y PH\"],\"inLanguage\":\"es\"},{\"@type\":\"WebPage\",\"@id\":\"https:\\\/\\\/www.arquimaster.com.ar\\\/web\\\/casa-porta-moire-arquitectos\\\/\",\"url\":\"https:\\\/\\\/www.arquimaster.com.ar\\\/web\\\/casa-porta-moire-arquitectos\\\/\",\"name\":\"Casa Porta \\\/ Moir\u00eb Arquitectos - Arquimaster\",\"isPartOf\":{\"@id\":\"https:\\\/\\\/www.arquimaster.com.ar\\\/web\\\/#website\"},\"primaryImageOfPage\":{\"@id\":\"https:\\\/\\\/www.arquimaster.com.ar\\\/web\\\/casa-porta-moire-arquitectos\\\/#primaryimage\"},\"image\":{\"@id\":\"https:\\\/\\\/www.arquimaster.com.ar\\\/web\\\/casa-porta-moire-arquitectos\\\/#primaryimage\"},\"thumbnailUrl\":\"https:\\\/\\\/www.arquimaster.com.ar\\\/web\\\/wp-content\\\/uploads\\\/2019\\\/01\\\/casa_porta_slide-wpp1596396490481.jpg\",\"datePublished\":\"2019-01-24T14:46:01+00:00\",\"dateModified\":\"2020-08-02T19:29:40+00:00\",\"description\":\"La materialidad de la casa reafirma la b\u00fasqueda de una imagen contempor\u00e1nea.\",\"breadcrumb\":{\"@id\":\"https:\\\/\\\/www.arquimaster.com.ar\\\/web\\\/casa-porta-moire-arquitectos\\\/#breadcrumb\"},\"inLanguage\":\"es\",\"potentialAction\":[{\"@type\":\"ReadAction\",\"target\":[\"https:\\\/\\\/www.arquimaster.com.ar\\\/web\\\/casa-porta-moire-arquitectos\\\/\"]}]},{\"@type\":\"ImageObject\",\"inLanguage\":\"es\",\"@id\":\"https:\\\/\\\/www.arquimaster.com.ar\\\/web\\\/casa-porta-moire-arquitectos\\\/#primaryimage\",\"url\":\"https:\\\/\\\/www.arquimaster.com.ar\\\/web\\\/wp-content\\\/uploads\\\/2019\\\/01\\\/casa_porta_slide-wpp1596396490481.jpg\",\"contentUrl\":\"https:\\\/\\\/www.arquimaster.com.ar\\\/web\\\/wp-content\\\/uploads\\\/2019\\\/01\\\/casa_porta_slide-wpp1596396490481.jpg\",\"width\":698,\"height\":364},{\"@type\":\"BreadcrumbList\",\"@id\":\"https:\\\/\\\/www.arquimaster.com.ar\\\/web\\\/casa-porta-moire-arquitectos\\\/#breadcrumb\",\"itemListElement\":[{\"@type\":\"ListItem\",\"position\":1,\"name\":\"Portada\",\"item\":\"https:\\\/\\\/www.arquimaster.com.ar\\\/web\\\/\"},{\"@type\":\"ListItem\",\"position\":2,\"name\":\"Casa Porta \\\/ Moir\u00eb Arquitectos\"}]},{\"@type\":\"WebSite\",\"@id\":\"https:\\\/\\\/www.arquimaster.com.ar\\\/web\\\/#website\",\"url\":\"https:\\\/\\\/www.arquimaster.com.ar\\\/web\\\/\",\"name\":\"Arquimaster\",\"description\":\"Web de arquitectura, dise\u00f1o y construccion\",\"publisher\":{\"@id\":\"https:\\\/\\\/www.arquimaster.com.ar\\\/web\\\/#organization\"},\"potentialAction\":[{\"@type\":\"SearchAction\",\"target\":{\"@type\":\"EntryPoint\",\"urlTemplate\":\"https:\\\/\\\/www.arquimaster.com.ar\\\/web\\\/?s={search_term_string}\"},\"query-input\":{\"@type\":\"PropertyValueSpecification\",\"valueRequired\":true,\"valueName\":\"search_term_string\"}}],\"inLanguage\":\"es\"},{\"@type\":\"Organization\",\"@id\":\"https:\\\/\\\/www.arquimaster.com.ar\\\/web\\\/#organization\",\"name\":\"Arquimaster\",\"url\":\"https:\\\/\\\/www.arquimaster.com.ar\\\/web\\\/\",\"logo\":{\"@type\":\"ImageObject\",\"inLanguage\":\"es\",\"@id\":\"https:\\\/\\\/www.arquimaster.com.ar\\\/web\\\/#\\\/schema\\\/logo\\\/image\\\/\",\"url\":\"https:\\\/\\\/www.arquimaster.com.ar\\\/web\\\/wp-content\\\/uploads\\\/2022\\\/06\\\/arquimaster.png\",\"contentUrl\":\"https:\\\/\\\/www.arquimaster.com.ar\\\/web\\\/wp-content\\\/uploads\\\/2022\\\/06\\\/arquimaster.png\",\"width\":594,\"height\":78,\"caption\":\"Arquimaster\"},\"image\":{\"@id\":\"https:\\\/\\\/www.arquimaster.com.ar\\\/web\\\/#\\\/schema\\\/logo\\\/image\\\/\"},\"sameAs\":[\"http:\\\/\\\/www.facebook.com\\\/ARQUIMASTER.com.ar\",\"https:\\\/\\\/x.com\\\/arquimaster\",\"https:\\\/\\\/www.instagram.com\\\/arquimasterblog\\\/\",\"https:\\\/\\\/www.linkedin.com\\\/company\\\/arquimaster\",\"https:\\\/\\\/www.pinterest.com\\\/arquimaster\",\"https:\\\/\\\/t.me\\\/arquimaster\"]},{\"@type\":\"Person\",\"@id\":\"https:\\\/\\\/www.arquimaster.com.ar\\\/web\\\/#\\\/schema\\\/person\\\/359e9f7c00193fcde068e0dd2ceb0028\",\"name\":\"Arquimaster\"}]}<\/script>\n<!-- \/ Yoast SEO plugin. -->","yoast_head_json":{"title":"Casa Porta \/ Moir\u00eb Arquitectos - Arquimaster","description":"La materialidad de la casa reafirma la b\u00fasqueda de una imagen contempor\u00e1nea.","robots":{"index":"index","follow":"follow","max-snippet":"max-snippet:-1","max-image-preview":"max-image-preview:large","max-video-preview":"max-video-preview:-1"},"canonical":"https:\/\/www.arquimaster.com.ar\/web\/casa-porta-moire-arquitectos\/","og_locale":"es_ES","og_type":"article","og_title":"Casa Porta \/ Moir\u00eb Arquitectos","og_description":"La materialidad de la casa reafirma la b\u00fasqueda de una imagen contempor\u00e1nea.","og_url":"https:\/\/www.arquimaster.com.ar\/web\/casa-porta-moire-arquitectos\/","og_site_name":"Arquimaster","article_publisher":"http:\/\/www.facebook.com\/ARQUIMASTER.com.ar","article_published_time":"2019-01-24T14:46:01+00:00","article_modified_time":"2020-08-02T19:29:40+00:00","og_image":[{"width":698,"height":364,"url":"https:\/\/www.arquimaster.com.ar\/web\/wp-content\/uploads\/2019\/01\/casa_porta_slide-wpp1596396490481.jpg","type":"image\/jpeg"}],"author":"Arquimaster","twitter_card":"summary_large_image","twitter_title":"Casa Porta \/ Moir\u00eb Arquitectos","twitter_description":"La materialidad de la casa reafirma la b\u00fasqueda de una imagen contempor\u00e1nea.","twitter_image":"https:\/\/www.arquimaster.com.ar\/web\/wp-content\/uploads\/2019\/01\/casa_porta_slide-wpp1596396490481.jpg","twitter_creator":"@arquimaster","twitter_site":"@arquimaster","twitter_misc":{"Escrito por":"Arquimaster","Tiempo de lectura":"3 minutos"},"schema":{"@context":"https:\/\/schema.org","@graph":[{"@type":"Article","@id":"https:\/\/www.arquimaster.com.ar\/web\/casa-porta-moire-arquitectos\/#article","isPartOf":{"@id":"https:\/\/www.arquimaster.com.ar\/web\/casa-porta-moire-arquitectos\/"},"author":{"name":"Arquimaster","@id":"https:\/\/www.arquimaster.com.ar\/web\/#\/schema\/person\/359e9f7c00193fcde068e0dd2ceb0028"},"headline":"Casa Porta \/ Moir\u00eb Arquitectos","datePublished":"2019-01-24T14:46:01+00:00","dateModified":"2020-08-02T19:29:40+00:00","mainEntityOfPage":{"@id":"https:\/\/www.arquimaster.com.ar\/web\/casa-porta-moire-arquitectos\/"},"wordCount":628,"publisher":{"@id":"https:\/\/www.arquimaster.com.ar\/web\/#organization"},"image":{"@id":"https:\/\/www.arquimaster.com.ar\/web\/casa-porta-moire-arquitectos\/#primaryimage"},"thumbnailUrl":"https:\/\/www.arquimaster.com.ar\/web\/wp-content\/uploads\/2019\/01\/casa_porta_slide-wpp1596396490481.jpg","keywords":["Ezequiel Mu\u00f1oz","Mar del Plata","Mariel C\u00e1mara","Moir\u00eb Arquitectos","vivienda unifamiliar"],"articleSection":["Proyecto","Vivienda unifamiliar y PH"],"inLanguage":"es"},{"@type":"WebPage","@id":"https:\/\/www.arquimaster.com.ar\/web\/casa-porta-moire-arquitectos\/","url":"https:\/\/www.arquimaster.com.ar\/web\/casa-porta-moire-arquitectos\/","name":"Casa Porta \/ Moir\u00eb Arquitectos - Arquimaster","isPartOf":{"@id":"https:\/\/www.arquimaster.com.ar\/web\/#website"},"primaryImageOfPage":{"@id":"https:\/\/www.arquimaster.com.ar\/web\/casa-porta-moire-arquitectos\/#primaryimage"},"image":{"@id":"https:\/\/www.arquimaster.com.ar\/web\/casa-porta-moire-arquitectos\/#primaryimage"},"thumbnailUrl":"https:\/\/www.arquimaster.com.ar\/web\/wp-content\/uploads\/2019\/01\/casa_porta_slide-wpp1596396490481.jpg","datePublished":"2019-01-24T14:46:01+00:00","dateModified":"2020-08-02T19:29:40+00:00","description":"La materialidad de la casa reafirma la b\u00fasqueda de una imagen contempor\u00e1nea.","breadcrumb":{"@id":"https:\/\/www.arquimaster.com.ar\/web\/casa-porta-moire-arquitectos\/#breadcrumb"},"inLanguage":"es","potentialAction":[{"@type":"ReadAction","target":["https:\/\/www.arquimaster.com.ar\/web\/casa-porta-moire-arquitectos\/"]}]},{"@type":"ImageObject","inLanguage":"es","@id":"https:\/\/www.arquimaster.com.ar\/web\/casa-porta-moire-arquitectos\/#primaryimage","url":"https:\/\/www.arquimaster.com.ar\/web\/wp-content\/uploads\/2019\/01\/casa_porta_slide-wpp1596396490481.jpg","contentUrl":"https:\/\/www.arquimaster.com.ar\/web\/wp-content\/uploads\/2019\/01\/casa_porta_slide-wpp1596396490481.jpg","width":698,"height":364},{"@type":"BreadcrumbList","@id":"https:\/\/www.arquimaster.com.ar\/web\/casa-porta-moire-arquitectos\/#breadcrumb","itemListElement":[{"@type":"ListItem","position":1,"name":"Portada","item":"https:\/\/www.arquimaster.com.ar\/web\/"},{"@type":"ListItem","position":2,"name":"Casa Porta \/ Moir\u00eb Arquitectos"}]},{"@type":"WebSite","@id":"https:\/\/www.arquimaster.com.ar\/web\/#website","url":"https:\/\/www.arquimaster.com.ar\/web\/","name":"Arquimaster","description":"Web de arquitectura, dise\u00f1o y construccion","publisher":{"@id":"https:\/\/www.arquimaster.com.ar\/web\/#organization"},"potentialAction":[{"@type":"SearchAction","target":{"@type":"EntryPoint","urlTemplate":"https:\/\/www.arquimaster.com.ar\/web\/?s={search_term_string}"},"query-input":{"@type":"PropertyValueSpecification","valueRequired":true,"valueName":"search_term_string"}}],"inLanguage":"es"},{"@type":"Organization","@id":"https:\/\/www.arquimaster.com.ar\/web\/#organization","name":"Arquimaster","url":"https:\/\/www.arquimaster.com.ar\/web\/","logo":{"@type":"ImageObject","inLanguage":"es","@id":"https:\/\/www.arquimaster.com.ar\/web\/#\/schema\/logo\/image\/","url":"https:\/\/www.arquimaster.com.ar\/web\/wp-content\/uploads\/2022\/06\/arquimaster.png","contentUrl":"https:\/\/www.arquimaster.com.ar\/web\/wp-content\/uploads\/2022\/06\/arquimaster.png","width":594,"height":78,"caption":"Arquimaster"},"image":{"@id":"https:\/\/www.arquimaster.com.ar\/web\/#\/schema\/logo\/image\/"},"sameAs":["http:\/\/www.facebook.com\/ARQUIMASTER.com.ar","https:\/\/x.com\/arquimaster","https:\/\/www.instagram.com\/arquimasterblog\/","https:\/\/www.linkedin.com\/company\/arquimaster","https:\/\/www.pinterest.com\/arquimaster","https:\/\/t.me\/arquimaster"]},{"@type":"Person","@id":"https:\/\/www.arquimaster.com.ar\/web\/#\/schema\/person\/359e9f7c00193fcde068e0dd2ceb0028","name":"Arquimaster"}]}},"uagb_featured_image_src":{"full":["https:\/\/www.arquimaster.com.ar\/web\/wp-content\/uploads\/2019\/01\/casa_porta_slide-wpp1596396490481.jpg",698,364,false],"thumbnail":["https:\/\/www.arquimaster.com.ar\/web\/wp-content\/uploads\/2019\/01\/casa_porta_slide-wpp1596396490481-150x150.jpg",150,150,true],"medium":["https:\/\/www.arquimaster.com.ar\/web\/wp-content\/uploads\/2019\/01\/casa_porta_slide-wpp1596396490481.jpg",698,364,false],"medium_large":["https:\/\/www.arquimaster.com.ar\/web\/wp-content\/uploads\/2019\/01\/casa_porta_slide-wpp1596396490481.jpg",698,364,false],"large":["https:\/\/www.arquimaster.com.ar\/web\/wp-content\/uploads\/2019\/01\/casa_porta_slide-wpp1596396490481.jpg",698,364,false],"1536x1536":["https:\/\/www.arquimaster.com.ar\/web\/wp-content\/uploads\/2019\/01\/casa_porta_slide-wpp1596396490481.jpg",698,364,false],"2048x2048":["https:\/\/www.arquimaster.com.ar\/web\/wp-content\/uploads\/2019\/01\/casa_porta_slide-wpp1596396490481.jpg",698,364,false]},"uagb_author_info":{"display_name":"Arquimaster","author_link":"https:\/\/www.arquimaster.com.ar\/web\/author\/arquimaster\/"},"uagb_comment_info":0,"uagb_excerpt":"La materialidad de la casa reafirma la b\u00fasqueda de una imagen contempor\u00e1nea...","_links":{"self":[{"href":"https:\/\/www.arquimaster.com.ar\/web\/wp-json\/wp\/v2\/posts\/35539","targetHints":{"allow":["GET"]}}],"collection":[{"href":"https:\/\/www.arquimaster.com.ar\/web\/wp-json\/wp\/v2\/posts"}],"about":[{"href":"https:\/\/www.arquimaster.com.ar\/web\/wp-json\/wp\/v2\/types\/post"}],"author":[{"embeddable":true,"href":"https:\/\/www.arquimaster.com.ar\/web\/wp-json\/wp\/v2\/users\/1"}],"replies":[{"embeddable":true,"href":"https:\/\/www.arquimaster.com.ar\/web\/wp-json\/wp\/v2\/comments?post=35539"}],"version-history":[{"count":1,"href":"https:\/\/www.arquimaster.com.ar\/web\/wp-json\/wp\/v2\/posts\/35539\/revisions"}],"predecessor-version":[{"id":57821,"href":"https:\/\/www.arquimaster.com.ar\/web\/wp-json\/wp\/v2\/posts\/35539\/revisions\/57821"}],"wp:featuredmedia":[{"embeddable":true,"href":"https:\/\/www.arquimaster.com.ar\/web\/wp-json\/wp\/v2\/media\/35540"}],"wp:attachment":[{"href":"https:\/\/www.arquimaster.com.ar\/web\/wp-json\/wp\/v2\/media?parent=35539"}],"wp:term":[{"taxonomy":"category","embeddable":true,"href":"https:\/\/www.arquimaster.com.ar\/web\/wp-json\/wp\/v2\/categories?post=35539"},{"taxonomy":"post_tag","embeddable":true,"href":"https:\/\/www.arquimaster.com.ar\/web\/wp-json\/wp\/v2\/tags?post=35539"}],"curies":[{"name":"wp","href":"https:\/\/api.w.org\/{rel}","templated":true}]}}