{"id":35697,"date":"2019-01-31T15:15:08","date_gmt":"2019-01-31T15:15:08","guid":{"rendered":"http:\/\/www.arquimaster.com.ar\/web\/?p=35697"},"modified":"2020-04-04T17:36:19","modified_gmt":"2020-04-04T20:36:19","slug":"edificio-guemes-2285-pablo-gagliardo","status":"publish","type":"post","link":"https:\/\/www.arquimaster.com.ar\/web\/edificio-guemes-2285-pablo-gagliardo\/","title":{"rendered":"Edificio G\u00fcemes 2285 \/ Pablo Gagliardo"},"content":{"rendered":"<div style=\"margin-top: 0px; margin-bottom: 0px;\" class=\"sharethis-inline-share-buttons\" ><\/div><div class=\"b812932af2e751442846f039925109de\" data-index=\"1\" style=\"float: none; margin:25px 0 25px 0; text-align:center;\">\n<script async src=\"https:\/\/pagead2.googlesyndication.com\/pagead\/js\/adsbygoogle.js\"><\/script>\r\n<!-- Arquimaster (superior) -->\r\n<ins class=\"adsbygoogle\"\r\n     style=\"display:block\"\r\n     data-ad-client=\"ca-pub-6351072698456832\"\r\n     data-ad-slot=\"6455489680\"\r\n     data-ad-format=\"auto\"\r\n     data-full-width-responsive=\"true\"><\/ins>\r\n<script>\r\n     (adsbygoogle = window.adsbygoogle || []).push({});\r\n<\/script>\n<\/div>\n<p><strong>Edificio de viviendas G\u00fcemes 2285<\/strong> (Rosario, Pcia. de Santa Fe, Argentina) por <strong>Pablo Gagliardo<\/strong>. Edificio de viviendas ubicado en el emblem\u00e1tico Barrio Pichincha, a metros del Boulevard Oro\u00f1o, donde se produce el cambio de densidad urbana, seg\u00fan la planificaci\u00f3n para la ciudad de Rosario. Esta condici\u00f3n se traslada al proyecto, en las proporciones de espacios abiertos y cubiertos.<\/p>\n<div id='gallery-1' class='gallery galleryid-35697 gallery-columns-3 gallery-size-thumbnail'><figure class='gallery-item'>\n\t\t\t<div class='gallery-icon portrait'>\n\t\t\t\t<a href='https:\/\/www.arquimaster.com.ar\/web\/wp-content\/uploads\/2019\/01\/edificio_guemes1.jpg' title=\"Edificio G\u00fcemes 2285 \/ Pablo Gagliardo (\u00a9 Ramiro Sosa)\" data-rl_title=\"Edificio G\u00fcemes 2285 \/ Pablo Gagliardo (\u00a9 Ramiro Sosa)\" class=\"rl-gallery-link\" data-rl_caption=\"Edificio G\u00fcemes 2285 \/ Pablo Gagliardo (\u00a9 Ramiro Sosa)\" data-rel=\"lightbox-gallery-1\"><img loading=\"lazy\" decoding=\"async\" width=\"150\" height=\"150\" src=\"https:\/\/www.arquimaster.com.ar\/web\/wp-content\/uploads\/2019\/01\/edificio_guemes1-150x150.jpg\" class=\"attachment-thumbnail size-thumbnail\" alt=\"\" aria-describedby=\"gallery-1-35699\" srcset=\"https:\/\/www.arquimaster.com.ar\/web\/wp-content\/uploads\/2019\/01\/edificio_guemes1-150x150.jpg 150w, https:\/\/www.arquimaster.com.ar\/web\/wp-content\/uploads\/2019\/01\/edificio_guemes1-50x50.jpg 50w, https:\/\/www.arquimaster.com.ar\/web\/wp-content\/uploads\/2019\/01\/edificio_guemes1-125x125.jpg 125w\" sizes=\"auto, (max-width: 150px) 100vw, 150px\" \/><\/a>\n\t\t\t<\/div>\n\t\t\t\t<figcaption class='wp-caption-text gallery-caption' id='gallery-1-35699'>\n\t\t\t\tEdificio G\u00fcemes 2285 \/ Pablo Gagliardo (\u00a9 Ramiro Sosa)\n\t\t\t\t<\/figcaption><\/figure><figure class='gallery-item'>\n\t\t\t<div class='gallery-icon landscape'>\n\t\t\t\t<a href='https:\/\/www.arquimaster.com.ar\/web\/wp-content\/uploads\/2019\/01\/edificio_guemes2.jpg' title=\"Edificio G\u00fcemes 2285 \/ Pablo Gagliardo (\u00a9 Ramiro Sosa)\" data-rl_title=\"Edificio G\u00fcemes 2285 \/ Pablo Gagliardo (\u00a9 Ramiro Sosa)\" class=\"rl-gallery-link\" data-rl_caption=\"Edificio G\u00fcemes 2285 \/ Pablo Gagliardo (\u00a9 Ramiro Sosa)\" data-rel=\"lightbox-gallery-1\"><img loading=\"lazy\" decoding=\"async\" width=\"150\" height=\"150\" src=\"https:\/\/www.arquimaster.com.ar\/web\/wp-content\/uploads\/2019\/01\/edificio_guemes2-150x150.jpg\" class=\"attachment-thumbnail size-thumbnail\" alt=\"\" aria-describedby=\"gallery-1-35700\" srcset=\"https:\/\/www.arquimaster.com.ar\/web\/wp-content\/uploads\/2019\/01\/edificio_guemes2-150x150.jpg 150w, https:\/\/www.arquimaster.com.ar\/web\/wp-content\/uploads\/2019\/01\/edificio_guemes2-50x50.jpg 50w, https:\/\/www.arquimaster.com.ar\/web\/wp-content\/uploads\/2019\/01\/edificio_guemes2-125x125.jpg 125w\" sizes=\"auto, (max-width: 150px) 100vw, 150px\" \/><\/a>\n\t\t\t<\/div>\n\t\t\t\t<figcaption class='wp-caption-text gallery-caption' id='gallery-1-35700'>\n\t\t\t\tEdificio G\u00fcemes 2285 \/ Pablo Gagliardo (\u00a9 Ramiro Sosa)\n\t\t\t\t<\/figcaption><\/figure><figure class='gallery-item'>\n\t\t\t<div class='gallery-icon portrait'>\n\t\t\t\t<a href='https:\/\/www.arquimaster.com.ar\/web\/wp-content\/uploads\/2019\/01\/edificio_guemes3.jpg' title=\"Edificio G\u00fcemes 2285 \/ Pablo Gagliardo (\u00a9 Ramiro Sosa)\" data-rl_title=\"Edificio G\u00fcemes 2285 \/ Pablo Gagliardo (\u00a9 Ramiro Sosa)\" class=\"rl-gallery-link\" data-rl_caption=\"Edificio G\u00fcemes 2285 \/ Pablo Gagliardo (\u00a9 Ramiro Sosa)\" data-rel=\"lightbox-gallery-1\"><img loading=\"lazy\" decoding=\"async\" width=\"150\" height=\"150\" src=\"https:\/\/www.arquimaster.com.ar\/web\/wp-content\/uploads\/2019\/01\/edificio_guemes3-150x150.jpg\" class=\"attachment-thumbnail size-thumbnail\" alt=\"\" aria-describedby=\"gallery-1-35701\" srcset=\"https:\/\/www.arquimaster.com.ar\/web\/wp-content\/uploads\/2019\/01\/edificio_guemes3-150x150.jpg 150w, https:\/\/www.arquimaster.com.ar\/web\/wp-content\/uploads\/2019\/01\/edificio_guemes3-50x50.jpg 50w, https:\/\/www.arquimaster.com.ar\/web\/wp-content\/uploads\/2019\/01\/edificio_guemes3-125x125.jpg 125w\" sizes=\"auto, (max-width: 150px) 100vw, 150px\" \/><\/a>\n\t\t\t<\/div>\n\t\t\t\t<figcaption class='wp-caption-text gallery-caption' id='gallery-1-35701'>\n\t\t\t\tEdificio G\u00fcemes 2285 \/ Pablo Gagliardo (\u00a9 Ramiro Sosa)\n\t\t\t\t<\/figcaption><\/figure><figure class='gallery-item'>\n\t\t\t<div class='gallery-icon landscape'>\n\t\t\t\t<a href='https:\/\/www.arquimaster.com.ar\/web\/wp-content\/uploads\/2019\/01\/edificio_guemes4.jpg' title=\"Edificio G\u00fcemes 2285 \/ Pablo Gagliardo (\u00a9 Ramiro Sosa)\" data-rl_title=\"Edificio G\u00fcemes 2285 \/ Pablo Gagliardo (\u00a9 Ramiro Sosa)\" class=\"rl-gallery-link\" data-rl_caption=\"Edificio G\u00fcemes 2285 \/ Pablo Gagliardo (\u00a9 Ramiro Sosa)\" data-rel=\"lightbox-gallery-1\"><img loading=\"lazy\" decoding=\"async\" width=\"150\" height=\"150\" src=\"https:\/\/www.arquimaster.com.ar\/web\/wp-content\/uploads\/2019\/01\/edificio_guemes4-150x150.jpg\" class=\"attachment-thumbnail size-thumbnail\" alt=\"\" aria-describedby=\"gallery-1-35702\" srcset=\"https:\/\/www.arquimaster.com.ar\/web\/wp-content\/uploads\/2019\/01\/edificio_guemes4-150x150.jpg 150w, https:\/\/www.arquimaster.com.ar\/web\/wp-content\/uploads\/2019\/01\/edificio_guemes4-50x50.jpg 50w, https:\/\/www.arquimaster.com.ar\/web\/wp-content\/uploads\/2019\/01\/edificio_guemes4-125x125.jpg 125w\" sizes=\"auto, (max-width: 150px) 100vw, 150px\" \/><\/a>\n\t\t\t<\/div>\n\t\t\t\t<figcaption class='wp-caption-text gallery-caption' id='gallery-1-35702'>\n\t\t\t\tEdificio G\u00fcemes 2285 \/ Pablo Gagliardo (\u00a9 Ramiro Sosa)\n\t\t\t\t<\/figcaption><\/figure><figure class='gallery-item'>\n\t\t\t<div class='gallery-icon portrait'>\n\t\t\t\t<a href='https:\/\/www.arquimaster.com.ar\/web\/wp-content\/uploads\/2019\/01\/edificio_guemes5.jpg' title=\"Edificio G\u00fcemes 2285 \/ Pablo Gagliardo (\u00a9 Ramiro Sosa)\" data-rl_title=\"Edificio G\u00fcemes 2285 \/ Pablo Gagliardo (\u00a9 Ramiro Sosa)\" class=\"rl-gallery-link\" data-rl_caption=\"Edificio G\u00fcemes 2285 \/ Pablo Gagliardo (\u00a9 Ramiro Sosa)\" data-rel=\"lightbox-gallery-1\"><img loading=\"lazy\" decoding=\"async\" width=\"150\" height=\"150\" src=\"https:\/\/www.arquimaster.com.ar\/web\/wp-content\/uploads\/2019\/01\/edificio_guemes5-150x150.jpg\" class=\"attachment-thumbnail size-thumbnail\" alt=\"\" aria-describedby=\"gallery-1-35703\" srcset=\"https:\/\/www.arquimaster.com.ar\/web\/wp-content\/uploads\/2019\/01\/edificio_guemes5-150x150.jpg 150w, https:\/\/www.arquimaster.com.ar\/web\/wp-content\/uploads\/2019\/01\/edificio_guemes5-50x50.jpg 50w, https:\/\/www.arquimaster.com.ar\/web\/wp-content\/uploads\/2019\/01\/edificio_guemes5-125x125.jpg 125w\" sizes=\"auto, (max-width: 150px) 100vw, 150px\" \/><\/a>\n\t\t\t<\/div>\n\t\t\t\t<figcaption class='wp-caption-text gallery-caption' id='gallery-1-35703'>\n\t\t\t\tEdificio G\u00fcemes 2285 \/ Pablo Gagliardo (\u00a9 Ramiro Sosa)\n\t\t\t\t<\/figcaption><\/figure><figure class='gallery-item'>\n\t\t\t<div class='gallery-icon portrait'>\n\t\t\t\t<a href='https:\/\/www.arquimaster.com.ar\/web\/wp-content\/uploads\/2019\/01\/edificio_guemes6.jpg' title=\"Edificio G\u00fcemes 2285 \/ Pablo Gagliardo (\u00a9 Ramiro Sosa)\" data-rl_title=\"Edificio G\u00fcemes 2285 \/ Pablo Gagliardo (\u00a9 Ramiro Sosa)\" class=\"rl-gallery-link\" data-rl_caption=\"Edificio G\u00fcemes 2285 \/ Pablo Gagliardo (\u00a9 Ramiro Sosa)\" data-rel=\"lightbox-gallery-1\"><img loading=\"lazy\" decoding=\"async\" width=\"150\" height=\"150\" src=\"https:\/\/www.arquimaster.com.ar\/web\/wp-content\/uploads\/2019\/01\/edificio_guemes6-150x150.jpg\" class=\"attachment-thumbnail size-thumbnail\" alt=\"\" aria-describedby=\"gallery-1-35704\" srcset=\"https:\/\/www.arquimaster.com.ar\/web\/wp-content\/uploads\/2019\/01\/edificio_guemes6-150x150.jpg 150w, https:\/\/www.arquimaster.com.ar\/web\/wp-content\/uploads\/2019\/01\/edificio_guemes6-50x50.jpg 50w, https:\/\/www.arquimaster.com.ar\/web\/wp-content\/uploads\/2019\/01\/edificio_guemes6-125x125.jpg 125w\" sizes=\"auto, (max-width: 150px) 100vw, 150px\" \/><\/a>\n\t\t\t<\/div>\n\t\t\t\t<figcaption class='wp-caption-text gallery-caption' id='gallery-1-35704'>\n\t\t\t\tEdificio G\u00fcemes 2285 \/ Pablo Gagliardo (\u00a9 Ramiro Sosa)\n\t\t\t\t<\/figcaption><\/figure><figure class='gallery-item'>\n\t\t\t<div class='gallery-icon portrait'>\n\t\t\t\t<a href='https:\/\/www.arquimaster.com.ar\/web\/wp-content\/uploads\/2019\/01\/edificio_guemes7.jpg' title=\"Edificio G\u00fcemes 2285 \/ Pablo Gagliardo (\u00a9 Ramiro Sosa)\" data-rl_title=\"Edificio G\u00fcemes 2285 \/ Pablo Gagliardo (\u00a9 Ramiro Sosa)\" class=\"rl-gallery-link\" data-rl_caption=\"Edificio G\u00fcemes 2285 \/ Pablo Gagliardo (\u00a9 Ramiro Sosa)\" data-rel=\"lightbox-gallery-1\"><img loading=\"lazy\" decoding=\"async\" width=\"150\" height=\"150\" src=\"https:\/\/www.arquimaster.com.ar\/web\/wp-content\/uploads\/2019\/01\/edificio_guemes7-150x150.jpg\" class=\"attachment-thumbnail size-thumbnail\" alt=\"\" aria-describedby=\"gallery-1-35705\" srcset=\"https:\/\/www.arquimaster.com.ar\/web\/wp-content\/uploads\/2019\/01\/edificio_guemes7-150x150.jpg 150w, https:\/\/www.arquimaster.com.ar\/web\/wp-content\/uploads\/2019\/01\/edificio_guemes7-50x50.jpg 50w, https:\/\/www.arquimaster.com.ar\/web\/wp-content\/uploads\/2019\/01\/edificio_guemes7-125x125.jpg 125w\" sizes=\"auto, (max-width: 150px) 100vw, 150px\" \/><\/a>\n\t\t\t<\/div>\n\t\t\t\t<figcaption class='wp-caption-text gallery-caption' id='gallery-1-35705'>\n\t\t\t\tEdificio G\u00fcemes 2285 \/ Pablo Gagliardo (\u00a9 Ramiro Sosa)\n\t\t\t\t<\/figcaption><\/figure><figure class='gallery-item'>\n\t\t\t<div class='gallery-icon landscape'>\n\t\t\t\t<a href='https:\/\/www.arquimaster.com.ar\/web\/wp-content\/uploads\/2019\/01\/edificio_guemes8.jpg' title=\"Edificio G\u00fcemes 2285 \/ Pablo Gagliardo (\u00a9 Ramiro Sosa)\" data-rl_title=\"Edificio G\u00fcemes 2285 \/ Pablo Gagliardo (\u00a9 Ramiro Sosa)\" class=\"rl-gallery-link\" data-rl_caption=\"Edificio G\u00fcemes 2285 \/ Pablo Gagliardo (\u00a9 Ramiro Sosa)\" data-rel=\"lightbox-gallery-1\"><img loading=\"lazy\" decoding=\"async\" width=\"150\" height=\"150\" src=\"https:\/\/www.arquimaster.com.ar\/web\/wp-content\/uploads\/2019\/01\/edificio_guemes8-150x150.jpg\" class=\"attachment-thumbnail size-thumbnail\" alt=\"\" aria-describedby=\"gallery-1-35706\" srcset=\"https:\/\/www.arquimaster.com.ar\/web\/wp-content\/uploads\/2019\/01\/edificio_guemes8-150x150.jpg 150w, https:\/\/www.arquimaster.com.ar\/web\/wp-content\/uploads\/2019\/01\/edificio_guemes8-50x50.jpg 50w, https:\/\/www.arquimaster.com.ar\/web\/wp-content\/uploads\/2019\/01\/edificio_guemes8-125x125.jpg 125w\" sizes=\"auto, (max-width: 150px) 100vw, 150px\" \/><\/a>\n\t\t\t<\/div>\n\t\t\t\t<figcaption class='wp-caption-text gallery-caption' id='gallery-1-35706'>\n\t\t\t\tEdificio G\u00fcemes 2285 \/ Pablo Gagliardo (\u00a9 Ramiro Sosa)\n\t\t\t\t<\/figcaption><\/figure><figure class='gallery-item'>\n\t\t\t<div class='gallery-icon landscape'>\n\t\t\t\t<a href='https:\/\/www.arquimaster.com.ar\/web\/wp-content\/uploads\/2019\/01\/edificio_guemes9.jpg' title=\"Edificio G\u00fcemes 2285 \/ Pablo Gagliardo (\u00a9 Ramiro Sosa)\" data-rl_title=\"Edificio G\u00fcemes 2285 \/ Pablo Gagliardo (\u00a9 Ramiro Sosa)\" class=\"rl-gallery-link\" data-rl_caption=\"Edificio G\u00fcemes 2285 \/ Pablo Gagliardo (\u00a9 Ramiro Sosa)\" data-rel=\"lightbox-gallery-1\"><img loading=\"lazy\" decoding=\"async\" width=\"150\" height=\"150\" src=\"https:\/\/www.arquimaster.com.ar\/web\/wp-content\/uploads\/2019\/01\/edificio_guemes9-150x150.jpg\" class=\"attachment-thumbnail size-thumbnail\" alt=\"\" aria-describedby=\"gallery-1-35707\" srcset=\"https:\/\/www.arquimaster.com.ar\/web\/wp-content\/uploads\/2019\/01\/edificio_guemes9-150x150.jpg 150w, https:\/\/www.arquimaster.com.ar\/web\/wp-content\/uploads\/2019\/01\/edificio_guemes9-50x50.jpg 50w, https:\/\/www.arquimaster.com.ar\/web\/wp-content\/uploads\/2019\/01\/edificio_guemes9-125x125.jpg 125w\" sizes=\"auto, (max-width: 150px) 100vw, 150px\" \/><\/a>\n\t\t\t<\/div>\n\t\t\t\t<figcaption class='wp-caption-text gallery-caption' id='gallery-1-35707'>\n\t\t\t\tEdificio G\u00fcemes 2285 \/ Pablo Gagliardo (\u00a9 Ramiro Sosa)\n\t\t\t\t<\/figcaption><\/figure><figure class='gallery-item'>\n\t\t\t<div class='gallery-icon portrait'>\n\t\t\t\t<a href='https:\/\/www.arquimaster.com.ar\/web\/wp-content\/uploads\/2019\/01\/edificio_guemes10.jpg' title=\"Edificio G\u00fcemes 2285 \/ Pablo Gagliardo (\u00a9 Ramiro Sosa)\" data-rl_title=\"Edificio G\u00fcemes 2285 \/ Pablo Gagliardo (\u00a9 Ramiro Sosa)\" class=\"rl-gallery-link\" data-rl_caption=\"Edificio G\u00fcemes 2285 \/ Pablo Gagliardo (\u00a9 Ramiro Sosa)\" data-rel=\"lightbox-gallery-1\"><img loading=\"lazy\" decoding=\"async\" width=\"150\" height=\"150\" src=\"https:\/\/www.arquimaster.com.ar\/web\/wp-content\/uploads\/2019\/01\/edificio_guemes10-150x150.jpg\" class=\"attachment-thumbnail size-thumbnail\" alt=\"\" aria-describedby=\"gallery-1-35708\" srcset=\"https:\/\/www.arquimaster.com.ar\/web\/wp-content\/uploads\/2019\/01\/edificio_guemes10-150x150.jpg 150w, https:\/\/www.arquimaster.com.ar\/web\/wp-content\/uploads\/2019\/01\/edificio_guemes10-50x50.jpg 50w, https:\/\/www.arquimaster.com.ar\/web\/wp-content\/uploads\/2019\/01\/edificio_guemes10-125x125.jpg 125w\" sizes=\"auto, (max-width: 150px) 100vw, 150px\" \/><\/a>\n\t\t\t<\/div>\n\t\t\t\t<figcaption class='wp-caption-text gallery-caption' id='gallery-1-35708'>\n\t\t\t\tEdificio G\u00fcemes 2285 \/ Pablo Gagliardo (\u00a9 Ramiro Sosa)\n\t\t\t\t<\/figcaption><\/figure><figure class='gallery-item'>\n\t\t\t<div class='gallery-icon portrait'>\n\t\t\t\t<a href='https:\/\/www.arquimaster.com.ar\/web\/wp-content\/uploads\/2019\/01\/edificio_guemes11.jpg' title=\"Edificio G\u00fcemes 2285 \/ Pablo Gagliardo (\u00a9 Ramiro Sosa)\" data-rl_title=\"Edificio G\u00fcemes 2285 \/ Pablo Gagliardo (\u00a9 Ramiro Sosa)\" class=\"rl-gallery-link\" data-rl_caption=\"Edificio G\u00fcemes 2285 \/ Pablo Gagliardo (\u00a9 Ramiro Sosa)\" data-rel=\"lightbox-gallery-1\"><img loading=\"lazy\" decoding=\"async\" width=\"150\" height=\"150\" src=\"https:\/\/www.arquimaster.com.ar\/web\/wp-content\/uploads\/2019\/01\/edificio_guemes11-150x150.jpg\" class=\"attachment-thumbnail size-thumbnail\" alt=\"\" aria-describedby=\"gallery-1-35709\" srcset=\"https:\/\/www.arquimaster.com.ar\/web\/wp-content\/uploads\/2019\/01\/edificio_guemes11-150x150.jpg 150w, https:\/\/www.arquimaster.com.ar\/web\/wp-content\/uploads\/2019\/01\/edificio_guemes11-50x50.jpg 50w, https:\/\/www.arquimaster.com.ar\/web\/wp-content\/uploads\/2019\/01\/edificio_guemes11-125x125.jpg 125w\" sizes=\"auto, (max-width: 150px) 100vw, 150px\" \/><\/a>\n\t\t\t<\/div>\n\t\t\t\t<figcaption class='wp-caption-text gallery-caption' id='gallery-1-35709'>\n\t\t\t\tEdificio G\u00fcemes 2285 \/ Pablo Gagliardo (\u00a9 Ramiro Sosa)\n\t\t\t\t<\/figcaption><\/figure><figure class='gallery-item'>\n\t\t\t<div class='gallery-icon landscape'>\n\t\t\t\t<a href='https:\/\/www.arquimaster.com.ar\/web\/wp-content\/uploads\/2019\/01\/edificio_guemes12.jpg' title=\"Edificio G\u00fcemes 2285 \/ Pablo Gagliardo (\u00a9 Ramiro Sosa)\" data-rl_title=\"Edificio G\u00fcemes 2285 \/ Pablo Gagliardo (\u00a9 Ramiro Sosa)\" class=\"rl-gallery-link\" data-rl_caption=\"Edificio G\u00fcemes 2285 \/ Pablo Gagliardo (\u00a9 Ramiro Sosa)\" data-rel=\"lightbox-gallery-1\"><img loading=\"lazy\" decoding=\"async\" width=\"150\" height=\"150\" src=\"https:\/\/www.arquimaster.com.ar\/web\/wp-content\/uploads\/2019\/01\/edificio_guemes12-150x150.jpg\" class=\"attachment-thumbnail size-thumbnail\" alt=\"\" aria-describedby=\"gallery-1-35710\" srcset=\"https:\/\/www.arquimaster.com.ar\/web\/wp-content\/uploads\/2019\/01\/edificio_guemes12-150x150.jpg 150w, https:\/\/www.arquimaster.com.ar\/web\/wp-content\/uploads\/2019\/01\/edificio_guemes12-50x50.jpg 50w, https:\/\/www.arquimaster.com.ar\/web\/wp-content\/uploads\/2019\/01\/edificio_guemes12-125x125.jpg 125w\" sizes=\"auto, (max-width: 150px) 100vw, 150px\" \/><\/a>\n\t\t\t<\/div>\n\t\t\t\t<figcaption class='wp-caption-text gallery-caption' id='gallery-1-35710'>\n\t\t\t\tEdificio G\u00fcemes 2285 \/ Pablo Gagliardo (\u00a9 Ramiro Sosa)\n\t\t\t\t<\/figcaption><\/figure><figure class='gallery-item'>\n\t\t\t<div class='gallery-icon landscape'>\n\t\t\t\t<a href='https:\/\/www.arquimaster.com.ar\/web\/wp-content\/uploads\/2019\/01\/edificio_guemes13.jpg' title=\"Edificio G\u00fcemes 2285 \/ Pablo Gagliardo (\u00a9 Ramiro Sosa)\" data-rl_title=\"Edificio G\u00fcemes 2285 \/ Pablo Gagliardo (\u00a9 Ramiro Sosa)\" class=\"rl-gallery-link\" data-rl_caption=\"Edificio G\u00fcemes 2285 \/ Pablo Gagliardo (\u00a9 Ramiro Sosa)\" data-rel=\"lightbox-gallery-1\"><img loading=\"lazy\" decoding=\"async\" width=\"150\" height=\"150\" src=\"https:\/\/www.arquimaster.com.ar\/web\/wp-content\/uploads\/2019\/01\/edificio_guemes13-150x150.jpg\" class=\"attachment-thumbnail size-thumbnail\" alt=\"\" aria-describedby=\"gallery-1-35711\" srcset=\"https:\/\/www.arquimaster.com.ar\/web\/wp-content\/uploads\/2019\/01\/edificio_guemes13-150x150.jpg 150w, https:\/\/www.arquimaster.com.ar\/web\/wp-content\/uploads\/2019\/01\/edificio_guemes13-50x50.jpg 50w, https:\/\/www.arquimaster.com.ar\/web\/wp-content\/uploads\/2019\/01\/edificio_guemes13-125x125.jpg 125w\" sizes=\"auto, (max-width: 150px) 100vw, 150px\" \/><\/a>\n\t\t\t<\/div>\n\t\t\t\t<figcaption class='wp-caption-text gallery-caption' id='gallery-1-35711'>\n\t\t\t\tEdificio G\u00fcemes 2285 \/ Pablo Gagliardo (\u00a9 Ramiro Sosa)\n\t\t\t\t<\/figcaption><\/figure><figure class='gallery-item'>\n\t\t\t<div class='gallery-icon portrait'>\n\t\t\t\t<a href='https:\/\/www.arquimaster.com.ar\/web\/wp-content\/uploads\/2019\/01\/edificio_guemes14.jpg' title=\"Edificio G\u00fcemes 2285 \/ Pablo Gagliardo (\u00a9 Ramiro Sosa)\" data-rl_title=\"Edificio G\u00fcemes 2285 \/ Pablo Gagliardo (\u00a9 Ramiro Sosa)\" class=\"rl-gallery-link\" data-rl_caption=\"Edificio G\u00fcemes 2285 \/ Pablo Gagliardo (\u00a9 Ramiro Sosa)\" data-rel=\"lightbox-gallery-1\"><img loading=\"lazy\" decoding=\"async\" width=\"150\" height=\"150\" src=\"https:\/\/www.arquimaster.com.ar\/web\/wp-content\/uploads\/2019\/01\/edificio_guemes14-150x150.jpg\" class=\"attachment-thumbnail size-thumbnail\" alt=\"\" aria-describedby=\"gallery-1-35712\" srcset=\"https:\/\/www.arquimaster.com.ar\/web\/wp-content\/uploads\/2019\/01\/edificio_guemes14-150x150.jpg 150w, https:\/\/www.arquimaster.com.ar\/web\/wp-content\/uploads\/2019\/01\/edificio_guemes14-50x50.jpg 50w, https:\/\/www.arquimaster.com.ar\/web\/wp-content\/uploads\/2019\/01\/edificio_guemes14-125x125.jpg 125w\" sizes=\"auto, (max-width: 150px) 100vw, 150px\" \/><\/a>\n\t\t\t<\/div>\n\t\t\t\t<figcaption class='wp-caption-text gallery-caption' id='gallery-1-35712'>\n\t\t\t\tEdificio G\u00fcemes 2285 \/ Pablo Gagliardo (\u00a9 Ramiro Sosa)\n\t\t\t\t<\/figcaption><\/figure><figure class='gallery-item'>\n\t\t\t<div class='gallery-icon portrait'>\n\t\t\t\t<a href='https:\/\/www.arquimaster.com.ar\/web\/wp-content\/uploads\/2019\/01\/edificio_guemes15.jpg' title=\"Edificio G\u00fcemes 2285 \/ Pablo Gagliardo (\u00a9 Ramiro Sosa)\" data-rl_title=\"Edificio G\u00fcemes 2285 \/ Pablo Gagliardo (\u00a9 Ramiro Sosa)\" class=\"rl-gallery-link\" data-rl_caption=\"Edificio G\u00fcemes 2285 \/ Pablo Gagliardo (\u00a9 Ramiro Sosa)\" data-rel=\"lightbox-gallery-1\"><img loading=\"lazy\" decoding=\"async\" width=\"150\" height=\"150\" src=\"https:\/\/www.arquimaster.com.ar\/web\/wp-content\/uploads\/2019\/01\/edificio_guemes15-150x150.jpg\" class=\"attachment-thumbnail size-thumbnail\" alt=\"\" aria-describedby=\"gallery-1-35713\" srcset=\"https:\/\/www.arquimaster.com.ar\/web\/wp-content\/uploads\/2019\/01\/edificio_guemes15-150x150.jpg 150w, https:\/\/www.arquimaster.com.ar\/web\/wp-content\/uploads\/2019\/01\/edificio_guemes15-50x50.jpg 50w, https:\/\/www.arquimaster.com.ar\/web\/wp-content\/uploads\/2019\/01\/edificio_guemes15-125x125.jpg 125w\" sizes=\"auto, (max-width: 150px) 100vw, 150px\" \/><\/a>\n\t\t\t<\/div>\n\t\t\t\t<figcaption class='wp-caption-text gallery-caption' id='gallery-1-35713'>\n\t\t\t\tEdificio G\u00fcemes 2285 \/ Pablo Gagliardo (\u00a9 Ramiro Sosa)\n\t\t\t\t<\/figcaption><\/figure><figure class='gallery-item'>\n\t\t\t<div class='gallery-icon landscape'>\n\t\t\t\t<a href='https:\/\/www.arquimaster.com.ar\/web\/wp-content\/uploads\/2019\/01\/edificio_guemes16.jpg' title=\"Edificio G\u00fcemes 2285 \/ Pablo Gagliardo (\u00a9 Ramiro Sosa)\" data-rl_title=\"Edificio G\u00fcemes 2285 \/ Pablo Gagliardo (\u00a9 Ramiro Sosa)\" class=\"rl-gallery-link\" data-rl_caption=\"Edificio G\u00fcemes 2285 \/ Pablo Gagliardo (\u00a9 Ramiro Sosa)\" data-rel=\"lightbox-gallery-1\"><img loading=\"lazy\" decoding=\"async\" width=\"150\" height=\"150\" src=\"https:\/\/www.arquimaster.com.ar\/web\/wp-content\/uploads\/2019\/01\/edificio_guemes16-150x150.jpg\" class=\"attachment-thumbnail size-thumbnail\" alt=\"\" aria-describedby=\"gallery-1-35714\" srcset=\"https:\/\/www.arquimaster.com.ar\/web\/wp-content\/uploads\/2019\/01\/edificio_guemes16-150x150.jpg 150w, https:\/\/www.arquimaster.com.ar\/web\/wp-content\/uploads\/2019\/01\/edificio_guemes16-50x50.jpg 50w, https:\/\/www.arquimaster.com.ar\/web\/wp-content\/uploads\/2019\/01\/edificio_guemes16-125x125.jpg 125w\" sizes=\"auto, (max-width: 150px) 100vw, 150px\" \/><\/a>\n\t\t\t<\/div>\n\t\t\t\t<figcaption class='wp-caption-text gallery-caption' id='gallery-1-35714'>\n\t\t\t\tEdificio G\u00fcemes 2285 \/ Pablo Gagliardo (\u00a9 Ramiro Sosa)\n\t\t\t\t<\/figcaption><\/figure><figure class='gallery-item'>\n\t\t\t<div class='gallery-icon portrait'>\n\t\t\t\t<a href='https:\/\/www.arquimaster.com.ar\/web\/wp-content\/uploads\/2019\/01\/edificio_guemes17.jpg' title=\"Edificio G\u00fcemes 2285 \/ Pablo Gagliardo (\u00a9 Ramiro Sosa)\" data-rl_title=\"Edificio G\u00fcemes 2285 \/ Pablo Gagliardo (\u00a9 Ramiro Sosa)\" class=\"rl-gallery-link\" data-rl_caption=\"Edificio G\u00fcemes 2285 \/ Pablo Gagliardo (\u00a9 Ramiro Sosa)\" data-rel=\"lightbox-gallery-1\"><img loading=\"lazy\" decoding=\"async\" width=\"150\" height=\"150\" src=\"https:\/\/www.arquimaster.com.ar\/web\/wp-content\/uploads\/2019\/01\/edificio_guemes17-150x150.jpg\" class=\"attachment-thumbnail size-thumbnail\" alt=\"\" aria-describedby=\"gallery-1-35715\" srcset=\"https:\/\/www.arquimaster.com.ar\/web\/wp-content\/uploads\/2019\/01\/edificio_guemes17-150x150.jpg 150w, https:\/\/www.arquimaster.com.ar\/web\/wp-content\/uploads\/2019\/01\/edificio_guemes17-50x50.jpg 50w, https:\/\/www.arquimaster.com.ar\/web\/wp-content\/uploads\/2019\/01\/edificio_guemes17-125x125.jpg 125w\" sizes=\"auto, (max-width: 150px) 100vw, 150px\" \/><\/a>\n\t\t\t<\/div>\n\t\t\t\t<figcaption class='wp-caption-text gallery-caption' id='gallery-1-35715'>\n\t\t\t\tEdificio G\u00fcemes 2285 \/ Pablo Gagliardo (\u00a9 Ramiro Sosa)\n\t\t\t\t<\/figcaption><\/figure><figure class='gallery-item'>\n\t\t\t<div class='gallery-icon landscape'>\n\t\t\t\t<a href='https:\/\/www.arquimaster.com.ar\/web\/wp-content\/uploads\/2019\/01\/edificio_guemes18.jpg' title=\"Edificio G\u00fcemes 2285 \/ Pablo Gagliardo (\u00a9 Ramiro Sosa)\" data-rl_title=\"Edificio G\u00fcemes 2285 \/ Pablo Gagliardo (\u00a9 Ramiro Sosa)\" class=\"rl-gallery-link\" data-rl_caption=\"Edificio G\u00fcemes 2285 \/ Pablo Gagliardo (\u00a9 Ramiro Sosa)\" data-rel=\"lightbox-gallery-1\"><img loading=\"lazy\" decoding=\"async\" width=\"150\" height=\"150\" src=\"https:\/\/www.arquimaster.com.ar\/web\/wp-content\/uploads\/2019\/01\/edificio_guemes18-150x150.jpg\" class=\"attachment-thumbnail size-thumbnail\" alt=\"\" aria-describedby=\"gallery-1-35716\" srcset=\"https:\/\/www.arquimaster.com.ar\/web\/wp-content\/uploads\/2019\/01\/edificio_guemes18-150x150.jpg 150w, https:\/\/www.arquimaster.com.ar\/web\/wp-content\/uploads\/2019\/01\/edificio_guemes18-50x50.jpg 50w, https:\/\/www.arquimaster.com.ar\/web\/wp-content\/uploads\/2019\/01\/edificio_guemes18-125x125.jpg 125w\" sizes=\"auto, (max-width: 150px) 100vw, 150px\" \/><\/a>\n\t\t\t<\/div>\n\t\t\t\t<figcaption class='wp-caption-text gallery-caption' id='gallery-1-35716'>\n\t\t\t\tEdificio G\u00fcemes 2285 \/ Pablo Gagliardo (\u00a9 Ramiro Sosa)\n\t\t\t\t<\/figcaption><\/figure><figure class='gallery-item'>\n\t\t\t<div class='gallery-icon landscape'>\n\t\t\t\t<a href='https:\/\/www.arquimaster.com.ar\/web\/wp-content\/uploads\/2019\/01\/edificio_guemes19.jpg' title=\"Edificio G\u00fcemes 2285 \/ Pablo Gagliardo (\u00a9 Ramiro Sosa)\" data-rl_title=\"Edificio G\u00fcemes 2285 \/ Pablo Gagliardo (\u00a9 Ramiro Sosa)\" class=\"rl-gallery-link\" data-rl_caption=\"Edificio G\u00fcemes 2285 \/ Pablo Gagliardo (\u00a9 Ramiro Sosa)\" data-rel=\"lightbox-gallery-1\"><img loading=\"lazy\" decoding=\"async\" width=\"150\" height=\"150\" src=\"https:\/\/www.arquimaster.com.ar\/web\/wp-content\/uploads\/2019\/01\/edificio_guemes19-150x150.jpg\" class=\"attachment-thumbnail size-thumbnail\" alt=\"\" aria-describedby=\"gallery-1-35717\" srcset=\"https:\/\/www.arquimaster.com.ar\/web\/wp-content\/uploads\/2019\/01\/edificio_guemes19-150x150.jpg 150w, https:\/\/www.arquimaster.com.ar\/web\/wp-content\/uploads\/2019\/01\/edificio_guemes19-50x50.jpg 50w, https:\/\/www.arquimaster.com.ar\/web\/wp-content\/uploads\/2019\/01\/edificio_guemes19-125x125.jpg 125w\" sizes=\"auto, (max-width: 150px) 100vw, 150px\" \/><\/a>\n\t\t\t<\/div>\n\t\t\t\t<figcaption class='wp-caption-text gallery-caption' id='gallery-1-35717'>\n\t\t\t\tEdificio G\u00fcemes 2285 \/ Pablo Gagliardo (\u00a9 Ramiro Sosa)\n\t\t\t\t<\/figcaption><\/figure><figure class='gallery-item'>\n\t\t\t<div class='gallery-icon landscape'>\n\t\t\t\t<a href='https:\/\/www.arquimaster.com.ar\/web\/wp-content\/uploads\/2019\/01\/edificio_guemes20.jpg' title=\"Edificio G\u00fcemes 2285 \/ Pablo Gagliardo (\u00a9 Ramiro Sosa)\" data-rl_title=\"Edificio G\u00fcemes 2285 \/ Pablo Gagliardo (\u00a9 Ramiro Sosa)\" class=\"rl-gallery-link\" data-rl_caption=\"Edificio G\u00fcemes 2285 \/ Pablo Gagliardo (\u00a9 Ramiro Sosa)\" data-rel=\"lightbox-gallery-1\"><img loading=\"lazy\" decoding=\"async\" width=\"150\" height=\"150\" src=\"https:\/\/www.arquimaster.com.ar\/web\/wp-content\/uploads\/2019\/01\/edificio_guemes20-150x150.jpg\" class=\"attachment-thumbnail size-thumbnail\" alt=\"\" aria-describedby=\"gallery-1-35718\" srcset=\"https:\/\/www.arquimaster.com.ar\/web\/wp-content\/uploads\/2019\/01\/edificio_guemes20-150x150.jpg 150w, https:\/\/www.arquimaster.com.ar\/web\/wp-content\/uploads\/2019\/01\/edificio_guemes20-50x50.jpg 50w, https:\/\/www.arquimaster.com.ar\/web\/wp-content\/uploads\/2019\/01\/edificio_guemes20-125x125.jpg 125w\" sizes=\"auto, (max-width: 150px) 100vw, 150px\" \/><\/a>\n\t\t\t<\/div>\n\t\t\t\t<figcaption class='wp-caption-text gallery-caption' id='gallery-1-35718'>\n\t\t\t\tEdificio G\u00fcemes 2285 \/ Pablo Gagliardo (\u00a9 Ramiro Sosa)\n\t\t\t\t<\/figcaption><\/figure><figure class='gallery-item'>\n\t\t\t<div class='gallery-icon landscape'>\n\t\t\t\t<a href='https:\/\/www.arquimaster.com.ar\/web\/wp-content\/uploads\/2019\/01\/edificio_guemes21.jpg' title=\"Edificio G\u00fcemes 2285 \/ Pablo Gagliardo (\u00a9 Ramiro Sosa)\" data-rl_title=\"Edificio G\u00fcemes 2285 \/ Pablo Gagliardo (\u00a9 Ramiro Sosa)\" class=\"rl-gallery-link\" data-rl_caption=\"Edificio G\u00fcemes 2285 \/ Pablo Gagliardo (\u00a9 Ramiro Sosa)\" data-rel=\"lightbox-gallery-1\"><img loading=\"lazy\" decoding=\"async\" width=\"150\" height=\"150\" src=\"https:\/\/www.arquimaster.com.ar\/web\/wp-content\/uploads\/2019\/01\/edificio_guemes21-150x150.jpg\" class=\"attachment-thumbnail size-thumbnail\" alt=\"\" aria-describedby=\"gallery-1-35719\" srcset=\"https:\/\/www.arquimaster.com.ar\/web\/wp-content\/uploads\/2019\/01\/edificio_guemes21-150x150.jpg 150w, https:\/\/www.arquimaster.com.ar\/web\/wp-content\/uploads\/2019\/01\/edificio_guemes21-50x50.jpg 50w, https:\/\/www.arquimaster.com.ar\/web\/wp-content\/uploads\/2019\/01\/edificio_guemes21-125x125.jpg 125w\" sizes=\"auto, (max-width: 150px) 100vw, 150px\" \/><\/a>\n\t\t\t<\/div>\n\t\t\t\t<figcaption class='wp-caption-text gallery-caption' id='gallery-1-35719'>\n\t\t\t\tEdificio G\u00fcemes 2285 \/ Pablo Gagliardo (\u00a9 Ramiro Sosa)\n\t\t\t\t<\/figcaption><\/figure><figure class='gallery-item'>\n\t\t\t<div class='gallery-icon landscape'>\n\t\t\t\t<a href='https:\/\/www.arquimaster.com.ar\/web\/wp-content\/uploads\/2019\/01\/edificio_guemes22.jpg' title=\"Edificio G\u00fcemes 2285 \/ Pablo Gagliardo (\u00a9 Ramiro Sosa)\" data-rl_title=\"Edificio G\u00fcemes 2285 \/ Pablo Gagliardo (\u00a9 Ramiro Sosa)\" class=\"rl-gallery-link\" data-rl_caption=\"Edificio G\u00fcemes 2285 \/ Pablo Gagliardo (\u00a9 Ramiro Sosa)\" data-rel=\"lightbox-gallery-1\"><img loading=\"lazy\" decoding=\"async\" width=\"150\" height=\"150\" src=\"https:\/\/www.arquimaster.com.ar\/web\/wp-content\/uploads\/2019\/01\/edificio_guemes22-150x150.jpg\" class=\"attachment-thumbnail size-thumbnail\" alt=\"\" aria-describedby=\"gallery-1-35720\" srcset=\"https:\/\/www.arquimaster.com.ar\/web\/wp-content\/uploads\/2019\/01\/edificio_guemes22-150x150.jpg 150w, https:\/\/www.arquimaster.com.ar\/web\/wp-content\/uploads\/2019\/01\/edificio_guemes22-50x50.jpg 50w, https:\/\/www.arquimaster.com.ar\/web\/wp-content\/uploads\/2019\/01\/edificio_guemes22-125x125.jpg 125w\" sizes=\"auto, (max-width: 150px) 100vw, 150px\" \/><\/a>\n\t\t\t<\/div>\n\t\t\t\t<figcaption class='wp-caption-text gallery-caption' id='gallery-1-35720'>\n\t\t\t\tEdificio G\u00fcemes 2285 \/ Pablo Gagliardo (\u00a9 Ramiro Sosa)\n\t\t\t\t<\/figcaption><\/figure><figure class='gallery-item'>\n\t\t\t<div class='gallery-icon landscape'>\n\t\t\t\t<a href='https:\/\/www.arquimaster.com.ar\/web\/wp-content\/uploads\/2019\/01\/edificio_guemes23.jpg' title=\"Edificio G\u00fcemes 2285 \/ Pablo Gagliardo (\u00a9 Ramiro Sosa)\" data-rl_title=\"Edificio G\u00fcemes 2285 \/ Pablo Gagliardo (\u00a9 Ramiro Sosa)\" class=\"rl-gallery-link\" data-rl_caption=\"Edificio G\u00fcemes 2285 \/ Pablo Gagliardo (\u00a9 Ramiro Sosa)\" data-rel=\"lightbox-gallery-1\"><img loading=\"lazy\" decoding=\"async\" width=\"150\" height=\"150\" src=\"https:\/\/www.arquimaster.com.ar\/web\/wp-content\/uploads\/2019\/01\/edificio_guemes23-150x150.jpg\" class=\"attachment-thumbnail size-thumbnail\" alt=\"\" aria-describedby=\"gallery-1-35721\" srcset=\"https:\/\/www.arquimaster.com.ar\/web\/wp-content\/uploads\/2019\/01\/edificio_guemes23-150x150.jpg 150w, https:\/\/www.arquimaster.com.ar\/web\/wp-content\/uploads\/2019\/01\/edificio_guemes23-50x50.jpg 50w, https:\/\/www.arquimaster.com.ar\/web\/wp-content\/uploads\/2019\/01\/edificio_guemes23-125x125.jpg 125w\" sizes=\"auto, (max-width: 150px) 100vw, 150px\" \/><\/a>\n\t\t\t<\/div>\n\t\t\t\t<figcaption class='wp-caption-text gallery-caption' id='gallery-1-35721'>\n\t\t\t\tEdificio G\u00fcemes 2285 \/ Pablo Gagliardo (\u00a9 Ramiro Sosa)\n\t\t\t\t<\/figcaption><\/figure><figure class='gallery-item'>\n\t\t\t<div class='gallery-icon portrait'>\n\t\t\t\t<a href='https:\/\/www.arquimaster.com.ar\/web\/wp-content\/uploads\/2019\/01\/edificio_guemes24.jpg' title=\"Edificio G\u00fcemes 2285 \/ Pablo Gagliardo (\u00a9 Ramiro Sosa)\" data-rl_title=\"Edificio G\u00fcemes 2285 \/ Pablo Gagliardo (\u00a9 Ramiro Sosa)\" class=\"rl-gallery-link\" data-rl_caption=\"Edificio G\u00fcemes 2285 \/ Pablo Gagliardo (\u00a9 Ramiro Sosa)\" data-rel=\"lightbox-gallery-1\"><img loading=\"lazy\" decoding=\"async\" width=\"150\" height=\"150\" src=\"https:\/\/www.arquimaster.com.ar\/web\/wp-content\/uploads\/2019\/01\/edificio_guemes24-150x150.jpg\" class=\"attachment-thumbnail size-thumbnail\" alt=\"\" aria-describedby=\"gallery-1-35722\" srcset=\"https:\/\/www.arquimaster.com.ar\/web\/wp-content\/uploads\/2019\/01\/edificio_guemes24-150x150.jpg 150w, https:\/\/www.arquimaster.com.ar\/web\/wp-content\/uploads\/2019\/01\/edificio_guemes24-50x50.jpg 50w, https:\/\/www.arquimaster.com.ar\/web\/wp-content\/uploads\/2019\/01\/edificio_guemes24-125x125.jpg 125w\" sizes=\"auto, (max-width: 150px) 100vw, 150px\" \/><\/a>\n\t\t\t<\/div>\n\t\t\t\t<figcaption class='wp-caption-text gallery-caption' id='gallery-1-35722'>\n\t\t\t\tEdificio G\u00fcemes 2285 \/ Pablo Gagliardo (\u00a9 Ramiro Sosa)\n\t\t\t\t<\/figcaption><\/figure>\n\t\t<\/div>\n\n<p>El proyecto se define en la estructura totalmente expuesta, en sus oquedades, relieves y texturas, y se materializa esta relaci\u00f3n de llenos y vac\u00edos con hormig\u00f3n a la vista, aluminio y vidrio.<\/p>\n<p>Este concepto es revalorizado en la propuesta de habitabilidad, donde la continuidad espacial define ambientes y situaciones dom\u00e9sticas, aprovechando una manera de vivir en constante expansi\u00f3n con el exterior.<\/p>\n<div id='gallery-2' class='gallery galleryid-35697 gallery-columns-3 gallery-size-thumbnail'><figure class='gallery-item'>\n\t\t\t<div class='gallery-icon landscape'>\n\t\t\t\t<a href='https:\/\/www.arquimaster.com.ar\/web\/wp-content\/uploads\/2019\/01\/edificio_guemes25.jpg' title=\"Edificio G\u00fcemes 2285 \/ Pablo Gagliardo (\u00a9 Ramiro Sosa)\" data-rl_title=\"Edificio G\u00fcemes 2285 \/ Pablo Gagliardo (\u00a9 Ramiro Sosa)\" class=\"rl-gallery-link\" data-rl_caption=\"Edificio G\u00fcemes 2285 \/ Pablo Gagliardo (\u00a9 Ramiro Sosa)\" data-rel=\"lightbox-gallery-2\"><img loading=\"lazy\" decoding=\"async\" width=\"150\" height=\"150\" src=\"https:\/\/www.arquimaster.com.ar\/web\/wp-content\/uploads\/2019\/01\/edificio_guemes25-150x150.jpg\" class=\"attachment-thumbnail size-thumbnail\" alt=\"\" aria-describedby=\"gallery-2-35723\" srcset=\"https:\/\/www.arquimaster.com.ar\/web\/wp-content\/uploads\/2019\/01\/edificio_guemes25-150x150.jpg 150w, https:\/\/www.arquimaster.com.ar\/web\/wp-content\/uploads\/2019\/01\/edificio_guemes25-50x50.jpg 50w, https:\/\/www.arquimaster.com.ar\/web\/wp-content\/uploads\/2019\/01\/edificio_guemes25-125x125.jpg 125w\" sizes=\"auto, (max-width: 150px) 100vw, 150px\" \/><\/a>\n\t\t\t<\/div>\n\t\t\t\t<figcaption class='wp-caption-text gallery-caption' id='gallery-2-35723'>\n\t\t\t\tEdificio G\u00fcemes 2285 \/ Pablo Gagliardo (\u00a9 Ramiro Sosa)\n\t\t\t\t<\/figcaption><\/figure><figure class='gallery-item'>\n\t\t\t<div class='gallery-icon landscape'>\n\t\t\t\t<a href='https:\/\/www.arquimaster.com.ar\/web\/wp-content\/uploads\/2019\/01\/edificio_guemes26.jpg' title=\"Edificio G\u00fcemes 2285 \/ Pablo Gagliardo (\u00a9 Ramiro Sosa)\" data-rl_title=\"Edificio G\u00fcemes 2285 \/ Pablo Gagliardo (\u00a9 Ramiro Sosa)\" class=\"rl-gallery-link\" data-rl_caption=\"Edificio G\u00fcemes 2285 \/ Pablo Gagliardo (\u00a9 Ramiro Sosa)\" data-rel=\"lightbox-gallery-2\"><img loading=\"lazy\" decoding=\"async\" width=\"150\" height=\"150\" src=\"https:\/\/www.arquimaster.com.ar\/web\/wp-content\/uploads\/2019\/01\/edificio_guemes26-150x150.jpg\" class=\"attachment-thumbnail size-thumbnail\" alt=\"\" aria-describedby=\"gallery-2-35724\" srcset=\"https:\/\/www.arquimaster.com.ar\/web\/wp-content\/uploads\/2019\/01\/edificio_guemes26-150x150.jpg 150w, https:\/\/www.arquimaster.com.ar\/web\/wp-content\/uploads\/2019\/01\/edificio_guemes26-50x50.jpg 50w, https:\/\/www.arquimaster.com.ar\/web\/wp-content\/uploads\/2019\/01\/edificio_guemes26-125x125.jpg 125w\" sizes=\"auto, (max-width: 150px) 100vw, 150px\" \/><\/a>\n\t\t\t<\/div>\n\t\t\t\t<figcaption class='wp-caption-text gallery-caption' id='gallery-2-35724'>\n\t\t\t\tEdificio G\u00fcemes 2285 \/ Pablo Gagliardo (\u00a9 Ramiro Sosa)\n\t\t\t\t<\/figcaption><\/figure><figure class='gallery-item'>\n\t\t\t<div class='gallery-icon portrait'>\n\t\t\t\t<a href='https:\/\/www.arquimaster.com.ar\/web\/wp-content\/uploads\/2019\/01\/edificio_guemes27.jpg' title=\"Edificio G\u00fcemes 2285 \/ Pablo Gagliardo (\u00a9 Ramiro Sosa)\" data-rl_title=\"Edificio G\u00fcemes 2285 \/ Pablo Gagliardo (\u00a9 Ramiro Sosa)\" class=\"rl-gallery-link\" data-rl_caption=\"Edificio G\u00fcemes 2285 \/ Pablo Gagliardo (\u00a9 Ramiro Sosa)\" data-rel=\"lightbox-gallery-2\"><img loading=\"lazy\" decoding=\"async\" width=\"150\" height=\"150\" src=\"https:\/\/www.arquimaster.com.ar\/web\/wp-content\/uploads\/2019\/01\/edificio_guemes27-150x150.jpg\" class=\"attachment-thumbnail size-thumbnail\" alt=\"\" aria-describedby=\"gallery-2-35725\" srcset=\"https:\/\/www.arquimaster.com.ar\/web\/wp-content\/uploads\/2019\/01\/edificio_guemes27-150x150.jpg 150w, https:\/\/www.arquimaster.com.ar\/web\/wp-content\/uploads\/2019\/01\/edificio_guemes27-50x50.jpg 50w, https:\/\/www.arquimaster.com.ar\/web\/wp-content\/uploads\/2019\/01\/edificio_guemes27-125x125.jpg 125w\" sizes=\"auto, (max-width: 150px) 100vw, 150px\" \/><\/a>\n\t\t\t<\/div>\n\t\t\t\t<figcaption class='wp-caption-text gallery-caption' id='gallery-2-35725'>\n\t\t\t\tEdificio G\u00fcemes 2285 \/ Pablo Gagliardo (\u00a9 Ramiro Sosa)\n\t\t\t\t<\/figcaption><\/figure><figure class='gallery-item'>\n\t\t\t<div class='gallery-icon portrait'>\n\t\t\t\t<a href='https:\/\/www.arquimaster.com.ar\/web\/wp-content\/uploads\/2019\/01\/edificio_guemes28.jpg' title=\"Edificio G\u00fcemes 2285 \/ Pablo Gagliardo (\u00a9 Ramiro Sosa)\" data-rl_title=\"Edificio G\u00fcemes 2285 \/ Pablo Gagliardo (\u00a9 Ramiro Sosa)\" class=\"rl-gallery-link\" data-rl_caption=\"Edificio G\u00fcemes 2285 \/ Pablo Gagliardo (\u00a9 Ramiro Sosa)\" data-rel=\"lightbox-gallery-2\"><img loading=\"lazy\" decoding=\"async\" width=\"150\" height=\"150\" src=\"https:\/\/www.arquimaster.com.ar\/web\/wp-content\/uploads\/2019\/01\/edificio_guemes28-150x150.jpg\" class=\"attachment-thumbnail size-thumbnail\" alt=\"\" aria-describedby=\"gallery-2-35726\" srcset=\"https:\/\/www.arquimaster.com.ar\/web\/wp-content\/uploads\/2019\/01\/edificio_guemes28-150x150.jpg 150w, https:\/\/www.arquimaster.com.ar\/web\/wp-content\/uploads\/2019\/01\/edificio_guemes28-50x50.jpg 50w, https:\/\/www.arquimaster.com.ar\/web\/wp-content\/uploads\/2019\/01\/edificio_guemes28-125x125.jpg 125w\" sizes=\"auto, (max-width: 150px) 100vw, 150px\" \/><\/a>\n\t\t\t<\/div>\n\t\t\t\t<figcaption class='wp-caption-text gallery-caption' id='gallery-2-35726'>\n\t\t\t\tEdificio G\u00fcemes 2285 \/ Pablo Gagliardo (\u00a9 Ramiro Sosa)\n\t\t\t\t<\/figcaption><\/figure><figure class='gallery-item'>\n\t\t\t<div class='gallery-icon landscape'>\n\t\t\t\t<a href='https:\/\/www.arquimaster.com.ar\/web\/wp-content\/uploads\/2019\/01\/edificio_guemes29.jpg' title=\"Edificio G\u00fcemes 2285 \/ Pablo Gagliardo (\u00a9 Ramiro Sosa)\" data-rl_title=\"Edificio G\u00fcemes 2285 \/ Pablo Gagliardo (\u00a9 Ramiro Sosa)\" class=\"rl-gallery-link\" data-rl_caption=\"Edificio G\u00fcemes 2285 \/ Pablo Gagliardo (\u00a9 Ramiro Sosa)\" data-rel=\"lightbox-gallery-2\"><img loading=\"lazy\" decoding=\"async\" width=\"150\" height=\"150\" src=\"https:\/\/www.arquimaster.com.ar\/web\/wp-content\/uploads\/2019\/01\/edificio_guemes29-150x150.jpg\" class=\"attachment-thumbnail size-thumbnail\" alt=\"\" aria-describedby=\"gallery-2-35727\" srcset=\"https:\/\/www.arquimaster.com.ar\/web\/wp-content\/uploads\/2019\/01\/edificio_guemes29-150x150.jpg 150w, https:\/\/www.arquimaster.com.ar\/web\/wp-content\/uploads\/2019\/01\/edificio_guemes29-50x50.jpg 50w, https:\/\/www.arquimaster.com.ar\/web\/wp-content\/uploads\/2019\/01\/edificio_guemes29-125x125.jpg 125w\" sizes=\"auto, (max-width: 150px) 100vw, 150px\" \/><\/a>\n\t\t\t<\/div>\n\t\t\t\t<figcaption class='wp-caption-text gallery-caption' id='gallery-2-35727'>\n\t\t\t\tEdificio G\u00fcemes 2285 \/ Pablo Gagliardo (\u00a9 Ramiro Sosa)\n\t\t\t\t<\/figcaption><\/figure><figure class='gallery-item'>\n\t\t\t<div class='gallery-icon portrait'>\n\t\t\t\t<a href='https:\/\/www.arquimaster.com.ar\/web\/wp-content\/uploads\/2019\/01\/edificio_guemes30.jpg' title=\"Edificio G\u00fcemes 2285 \/ Pablo Gagliardo (\u00a9 Ramiro Sosa)\" data-rl_title=\"Edificio G\u00fcemes 2285 \/ Pablo Gagliardo (\u00a9 Ramiro Sosa)\" class=\"rl-gallery-link\" data-rl_caption=\"Edificio G\u00fcemes 2285 \/ Pablo Gagliardo (\u00a9 Ramiro Sosa)\" data-rel=\"lightbox-gallery-2\"><img loading=\"lazy\" decoding=\"async\" width=\"150\" height=\"150\" src=\"https:\/\/www.arquimaster.com.ar\/web\/wp-content\/uploads\/2019\/01\/edificio_guemes30-150x150.jpg\" class=\"attachment-thumbnail size-thumbnail\" alt=\"\" aria-describedby=\"gallery-2-35728\" srcset=\"https:\/\/www.arquimaster.com.ar\/web\/wp-content\/uploads\/2019\/01\/edificio_guemes30-150x150.jpg 150w, https:\/\/www.arquimaster.com.ar\/web\/wp-content\/uploads\/2019\/01\/edificio_guemes30-50x50.jpg 50w, https:\/\/www.arquimaster.com.ar\/web\/wp-content\/uploads\/2019\/01\/edificio_guemes30-125x125.jpg 125w\" sizes=\"auto, (max-width: 150px) 100vw, 150px\" \/><\/a>\n\t\t\t<\/div>\n\t\t\t\t<figcaption class='wp-caption-text gallery-caption' id='gallery-2-35728'>\n\t\t\t\tEdificio G\u00fcemes 2285 \/ Pablo Gagliardo (\u00a9 Ramiro Sosa)\n\t\t\t\t<\/figcaption><\/figure><figure class='gallery-item'>\n\t\t\t<div class='gallery-icon portrait'>\n\t\t\t\t<a href='https:\/\/www.arquimaster.com.ar\/web\/wp-content\/uploads\/2019\/01\/edificio_guemes31.jpg' title=\"Edificio G\u00fcemes 2285 \/ Pablo Gagliardo (\u00a9 Ramiro Sosa)\" data-rl_title=\"Edificio G\u00fcemes 2285 \/ Pablo Gagliardo (\u00a9 Ramiro Sosa)\" class=\"rl-gallery-link\" data-rl_caption=\"Edificio G\u00fcemes 2285 \/ Pablo Gagliardo (\u00a9 Ramiro Sosa)\" data-rel=\"lightbox-gallery-2\"><img loading=\"lazy\" decoding=\"async\" width=\"150\" height=\"150\" src=\"https:\/\/www.arquimaster.com.ar\/web\/wp-content\/uploads\/2019\/01\/edificio_guemes31-150x150.jpg\" class=\"attachment-thumbnail size-thumbnail\" alt=\"\" aria-describedby=\"gallery-2-35729\" srcset=\"https:\/\/www.arquimaster.com.ar\/web\/wp-content\/uploads\/2019\/01\/edificio_guemes31-150x150.jpg 150w, https:\/\/www.arquimaster.com.ar\/web\/wp-content\/uploads\/2019\/01\/edificio_guemes31-50x50.jpg 50w, https:\/\/www.arquimaster.com.ar\/web\/wp-content\/uploads\/2019\/01\/edificio_guemes31-125x125.jpg 125w\" sizes=\"auto, (max-width: 150px) 100vw, 150px\" \/><\/a>\n\t\t\t<\/div>\n\t\t\t\t<figcaption class='wp-caption-text gallery-caption' id='gallery-2-35729'>\n\t\t\t\tEdificio G\u00fcemes 2285 \/ Pablo Gagliardo (\u00a9 Ramiro Sosa)\n\t\t\t\t<\/figcaption><\/figure><figure class='gallery-item'>\n\t\t\t<div class='gallery-icon portrait'>\n\t\t\t\t<a href='https:\/\/www.arquimaster.com.ar\/web\/wp-content\/uploads\/2019\/01\/edificio_guemes32.jpg' title=\"Edificio G\u00fcemes 2285 \/ Pablo Gagliardo (\u00a9 Ramiro Sosa)\" data-rl_title=\"Edificio G\u00fcemes 2285 \/ Pablo Gagliardo (\u00a9 Ramiro Sosa)\" class=\"rl-gallery-link\" data-rl_caption=\"Edificio G\u00fcemes 2285 \/ Pablo Gagliardo (\u00a9 Ramiro Sosa)\" data-rel=\"lightbox-gallery-2\"><img loading=\"lazy\" decoding=\"async\" width=\"150\" height=\"150\" src=\"https:\/\/www.arquimaster.com.ar\/web\/wp-content\/uploads\/2019\/01\/edificio_guemes32-150x150.jpg\" class=\"attachment-thumbnail size-thumbnail\" alt=\"\" aria-describedby=\"gallery-2-35730\" srcset=\"https:\/\/www.arquimaster.com.ar\/web\/wp-content\/uploads\/2019\/01\/edificio_guemes32-150x150.jpg 150w, https:\/\/www.arquimaster.com.ar\/web\/wp-content\/uploads\/2019\/01\/edificio_guemes32-50x50.jpg 50w, https:\/\/www.arquimaster.com.ar\/web\/wp-content\/uploads\/2019\/01\/edificio_guemes32-125x125.jpg 125w\" sizes=\"auto, (max-width: 150px) 100vw, 150px\" \/><\/a>\n\t\t\t<\/div>\n\t\t\t\t<figcaption class='wp-caption-text gallery-caption' id='gallery-2-35730'>\n\t\t\t\tEdificio G\u00fcemes 2285 \/ Pablo Gagliardo (\u00a9 Ramiro Sosa)\n\t\t\t\t<\/figcaption><\/figure><figure class='gallery-item'>\n\t\t\t<div class='gallery-icon landscape'>\n\t\t\t\t<a href='https:\/\/www.arquimaster.com.ar\/web\/wp-content\/uploads\/2019\/01\/edificio_guemes33.jpg' title=\"Edificio G\u00fcemes 2285 \/ Pablo Gagliardo (\u00a9 Ramiro Sosa)\" data-rl_title=\"Edificio G\u00fcemes 2285 \/ Pablo Gagliardo (\u00a9 Ramiro Sosa)\" class=\"rl-gallery-link\" data-rl_caption=\"Edificio G\u00fcemes 2285 \/ Pablo Gagliardo (\u00a9 Ramiro Sosa)\" data-rel=\"lightbox-gallery-2\"><img loading=\"lazy\" decoding=\"async\" width=\"150\" height=\"150\" src=\"https:\/\/www.arquimaster.com.ar\/web\/wp-content\/uploads\/2019\/01\/edificio_guemes33-150x150.jpg\" class=\"attachment-thumbnail size-thumbnail\" alt=\"\" aria-describedby=\"gallery-2-35731\" srcset=\"https:\/\/www.arquimaster.com.ar\/web\/wp-content\/uploads\/2019\/01\/edificio_guemes33-150x150.jpg 150w, https:\/\/www.arquimaster.com.ar\/web\/wp-content\/uploads\/2019\/01\/edificio_guemes33-50x50.jpg 50w, https:\/\/www.arquimaster.com.ar\/web\/wp-content\/uploads\/2019\/01\/edificio_guemes33-125x125.jpg 125w\" sizes=\"auto, (max-width: 150px) 100vw, 150px\" \/><\/a>\n\t\t\t<\/div>\n\t\t\t\t<figcaption class='wp-caption-text gallery-caption' id='gallery-2-35731'>\n\t\t\t\tEdificio G\u00fcemes 2285 \/ Pablo Gagliardo (\u00a9 Ramiro Sosa)\n\t\t\t\t<\/figcaption><\/figure><figure class='gallery-item'>\n\t\t\t<div class='gallery-icon landscape'>\n\t\t\t\t<a href='https:\/\/www.arquimaster.com.ar\/web\/wp-content\/uploads\/2019\/01\/edificio_guemes34.jpg' title=\"Edificio G\u00fcemes 2285 \/ Pablo Gagliardo (\u00a9 Ramiro Sosa)\" data-rl_title=\"Edificio G\u00fcemes 2285 \/ Pablo Gagliardo (\u00a9 Ramiro Sosa)\" class=\"rl-gallery-link\" data-rl_caption=\"Edificio G\u00fcemes 2285 \/ Pablo Gagliardo (\u00a9 Ramiro Sosa)\" data-rel=\"lightbox-gallery-2\"><img loading=\"lazy\" decoding=\"async\" width=\"150\" height=\"150\" src=\"https:\/\/www.arquimaster.com.ar\/web\/wp-content\/uploads\/2019\/01\/edificio_guemes34-150x150.jpg\" class=\"attachment-thumbnail size-thumbnail\" alt=\"\" aria-describedby=\"gallery-2-35732\" srcset=\"https:\/\/www.arquimaster.com.ar\/web\/wp-content\/uploads\/2019\/01\/edificio_guemes34-150x150.jpg 150w, https:\/\/www.arquimaster.com.ar\/web\/wp-content\/uploads\/2019\/01\/edificio_guemes34-50x50.jpg 50w, https:\/\/www.arquimaster.com.ar\/web\/wp-content\/uploads\/2019\/01\/edificio_guemes34-125x125.jpg 125w\" sizes=\"auto, (max-width: 150px) 100vw, 150px\" \/><\/a>\n\t\t\t<\/div>\n\t\t\t\t<figcaption class='wp-caption-text gallery-caption' id='gallery-2-35732'>\n\t\t\t\tEdificio G\u00fcemes 2285 \/ Pablo Gagliardo (\u00a9 Ramiro Sosa)\n\t\t\t\t<\/figcaption><\/figure><figure class='gallery-item'>\n\t\t\t<div class='gallery-icon landscape'>\n\t\t\t\t<a href='https:\/\/www.arquimaster.com.ar\/web\/wp-content\/uploads\/2019\/01\/edificio_guemes35.jpg' title=\"Edificio G\u00fcemes 2285 \/ Pablo Gagliardo (\u00a9 Ramiro Sosa)\" data-rl_title=\"Edificio G\u00fcemes 2285 \/ Pablo Gagliardo (\u00a9 Ramiro Sosa)\" class=\"rl-gallery-link\" data-rl_caption=\"Edificio G\u00fcemes 2285 \/ Pablo Gagliardo (\u00a9 Ramiro Sosa)\" data-rel=\"lightbox-gallery-2\"><img loading=\"lazy\" decoding=\"async\" width=\"150\" height=\"150\" src=\"https:\/\/www.arquimaster.com.ar\/web\/wp-content\/uploads\/2019\/01\/edificio_guemes35-150x150.jpg\" class=\"attachment-thumbnail size-thumbnail\" alt=\"\" aria-describedby=\"gallery-2-35733\" srcset=\"https:\/\/www.arquimaster.com.ar\/web\/wp-content\/uploads\/2019\/01\/edificio_guemes35-150x150.jpg 150w, https:\/\/www.arquimaster.com.ar\/web\/wp-content\/uploads\/2019\/01\/edificio_guemes35-50x50.jpg 50w, https:\/\/www.arquimaster.com.ar\/web\/wp-content\/uploads\/2019\/01\/edificio_guemes35-125x125.jpg 125w\" sizes=\"auto, (max-width: 150px) 100vw, 150px\" \/><\/a>\n\t\t\t<\/div>\n\t\t\t\t<figcaption class='wp-caption-text gallery-caption' id='gallery-2-35733'>\n\t\t\t\tEdificio G\u00fcemes 2285 \/ Pablo Gagliardo (\u00a9 Ramiro Sosa)\n\t\t\t\t<\/figcaption><\/figure><figure class='gallery-item'>\n\t\t\t<div class='gallery-icon landscape'>\n\t\t\t\t<a href='https:\/\/www.arquimaster.com.ar\/web\/wp-content\/uploads\/2019\/01\/edificio_guemes36.jpg' title=\"Edificio G\u00fcemes 2285 \/ Pablo Gagliardo (\u00a9 Ramiro Sosa)\" data-rl_title=\"Edificio G\u00fcemes 2285 \/ Pablo Gagliardo (\u00a9 Ramiro Sosa)\" class=\"rl-gallery-link\" data-rl_caption=\"Edificio G\u00fcemes 2285 \/ Pablo Gagliardo (\u00a9 Ramiro Sosa)\" data-rel=\"lightbox-gallery-2\"><img loading=\"lazy\" decoding=\"async\" width=\"150\" height=\"150\" src=\"https:\/\/www.arquimaster.com.ar\/web\/wp-content\/uploads\/2019\/01\/edificio_guemes36-150x150.jpg\" class=\"attachment-thumbnail size-thumbnail\" alt=\"\" aria-describedby=\"gallery-2-35734\" srcset=\"https:\/\/www.arquimaster.com.ar\/web\/wp-content\/uploads\/2019\/01\/edificio_guemes36-150x150.jpg 150w, https:\/\/www.arquimaster.com.ar\/web\/wp-content\/uploads\/2019\/01\/edificio_guemes36-50x50.jpg 50w, https:\/\/www.arquimaster.com.ar\/web\/wp-content\/uploads\/2019\/01\/edificio_guemes36-125x125.jpg 125w\" sizes=\"auto, (max-width: 150px) 100vw, 150px\" \/><\/a>\n\t\t\t<\/div>\n\t\t\t\t<figcaption class='wp-caption-text gallery-caption' id='gallery-2-35734'>\n\t\t\t\tEdificio G\u00fcemes 2285 \/ Pablo Gagliardo (\u00a9 Ramiro Sosa)\n\t\t\t\t<\/figcaption><\/figure><figure class='gallery-item'>\n\t\t\t<div class='gallery-icon landscape'>\n\t\t\t\t<a href='https:\/\/www.arquimaster.com.ar\/web\/wp-content\/uploads\/2019\/01\/edificio_guemes37.jpg' title=\"Edificio G\u00fcemes 2285 \/ Pablo Gagliardo (\u00a9 Ramiro Sosa)\" data-rl_title=\"Edificio G\u00fcemes 2285 \/ Pablo Gagliardo (\u00a9 Ramiro Sosa)\" class=\"rl-gallery-link\" data-rl_caption=\"Edificio G\u00fcemes 2285 \/ Pablo Gagliardo (\u00a9 Ramiro Sosa)\" data-rel=\"lightbox-gallery-2\"><img loading=\"lazy\" decoding=\"async\" width=\"150\" height=\"150\" src=\"https:\/\/www.arquimaster.com.ar\/web\/wp-content\/uploads\/2019\/01\/edificio_guemes37-150x150.jpg\" class=\"attachment-thumbnail size-thumbnail\" alt=\"\" aria-describedby=\"gallery-2-35735\" srcset=\"https:\/\/www.arquimaster.com.ar\/web\/wp-content\/uploads\/2019\/01\/edificio_guemes37-150x150.jpg 150w, https:\/\/www.arquimaster.com.ar\/web\/wp-content\/uploads\/2019\/01\/edificio_guemes37-50x50.jpg 50w, https:\/\/www.arquimaster.com.ar\/web\/wp-content\/uploads\/2019\/01\/edificio_guemes37-125x125.jpg 125w\" sizes=\"auto, (max-width: 150px) 100vw, 150px\" \/><\/a>\n\t\t\t<\/div>\n\t\t\t\t<figcaption class='wp-caption-text gallery-caption' id='gallery-2-35735'>\n\t\t\t\tEdificio G\u00fcemes 2285 \/ Pablo Gagliardo (\u00a9 Ramiro Sosa)\n\t\t\t\t<\/figcaption><\/figure><figure class='gallery-item'>\n\t\t\t<div class='gallery-icon portrait'>\n\t\t\t\t<a href='https:\/\/www.arquimaster.com.ar\/web\/wp-content\/uploads\/2019\/01\/edificio_guemes38.jpg' title=\"Edificio G\u00fcemes 2285 \/ Pablo Gagliardo (\u00a9 Ramiro Sosa)\" data-rl_title=\"Edificio G\u00fcemes 2285 \/ Pablo Gagliardo (\u00a9 Ramiro Sosa)\" class=\"rl-gallery-link\" data-rl_caption=\"Edificio G\u00fcemes 2285 \/ Pablo Gagliardo (\u00a9 Ramiro Sosa)\" data-rel=\"lightbox-gallery-2\"><img loading=\"lazy\" decoding=\"async\" width=\"150\" height=\"150\" src=\"https:\/\/www.arquimaster.com.ar\/web\/wp-content\/uploads\/2019\/01\/edificio_guemes38-150x150.jpg\" class=\"attachment-thumbnail size-thumbnail\" alt=\"\" aria-describedby=\"gallery-2-35736\" srcset=\"https:\/\/www.arquimaster.com.ar\/web\/wp-content\/uploads\/2019\/01\/edificio_guemes38-150x150.jpg 150w, https:\/\/www.arquimaster.com.ar\/web\/wp-content\/uploads\/2019\/01\/edificio_guemes38-50x50.jpg 50w, https:\/\/www.arquimaster.com.ar\/web\/wp-content\/uploads\/2019\/01\/edificio_guemes38-125x125.jpg 125w\" sizes=\"auto, (max-width: 150px) 100vw, 150px\" \/><\/a>\n\t\t\t<\/div>\n\t\t\t\t<figcaption class='wp-caption-text gallery-caption' id='gallery-2-35736'>\n\t\t\t\tEdificio G\u00fcemes 2285 \/ Pablo Gagliardo (\u00a9 Ramiro Sosa)\n\t\t\t\t<\/figcaption><\/figure><figure class='gallery-item'>\n\t\t\t<div class='gallery-icon landscape'>\n\t\t\t\t<a href='https:\/\/www.arquimaster.com.ar\/web\/wp-content\/uploads\/2019\/01\/edificio_guemes39.jpg' title=\"Edificio G\u00fcemes 2285 \/ Pablo Gagliardo (\u00a9 Ramiro Sosa)\" data-rl_title=\"Edificio G\u00fcemes 2285 \/ Pablo Gagliardo (\u00a9 Ramiro Sosa)\" class=\"rl-gallery-link\" data-rl_caption=\"Edificio G\u00fcemes 2285 \/ Pablo Gagliardo (\u00a9 Ramiro Sosa)\" data-rel=\"lightbox-gallery-2\"><img loading=\"lazy\" decoding=\"async\" width=\"150\" height=\"150\" src=\"https:\/\/www.arquimaster.com.ar\/web\/wp-content\/uploads\/2019\/01\/edificio_guemes39-150x150.jpg\" class=\"attachment-thumbnail size-thumbnail\" alt=\"\" aria-describedby=\"gallery-2-35737\" srcset=\"https:\/\/www.arquimaster.com.ar\/web\/wp-content\/uploads\/2019\/01\/edificio_guemes39-150x150.jpg 150w, https:\/\/www.arquimaster.com.ar\/web\/wp-content\/uploads\/2019\/01\/edificio_guemes39-50x50.jpg 50w, https:\/\/www.arquimaster.com.ar\/web\/wp-content\/uploads\/2019\/01\/edificio_guemes39-125x125.jpg 125w\" sizes=\"auto, (max-width: 150px) 100vw, 150px\" \/><\/a>\n\t\t\t<\/div>\n\t\t\t\t<figcaption class='wp-caption-text gallery-caption' id='gallery-2-35737'>\n\t\t\t\tEdificio G\u00fcemes 2285 \/ Pablo Gagliardo (\u00a9 Ramiro Sosa)\n\t\t\t\t<\/figcaption><\/figure><figure class='gallery-item'>\n\t\t\t<div class='gallery-icon portrait'>\n\t\t\t\t<a href='https:\/\/www.arquimaster.com.ar\/web\/wp-content\/uploads\/2019\/01\/edificio_guemes40.jpg' title=\"Edificio G\u00fcemes 2285 \/ Pablo Gagliardo (\u00a9 Ramiro Sosa)\" data-rl_title=\"Edificio G\u00fcemes 2285 \/ Pablo Gagliardo (\u00a9 Ramiro Sosa)\" class=\"rl-gallery-link\" data-rl_caption=\"Edificio G\u00fcemes 2285 \/ Pablo Gagliardo (\u00a9 Ramiro Sosa)\" data-rel=\"lightbox-gallery-2\"><img loading=\"lazy\" decoding=\"async\" width=\"150\" height=\"150\" src=\"https:\/\/www.arquimaster.com.ar\/web\/wp-content\/uploads\/2019\/01\/edificio_guemes40-150x150.jpg\" class=\"attachment-thumbnail size-thumbnail\" alt=\"\" aria-describedby=\"gallery-2-35738\" srcset=\"https:\/\/www.arquimaster.com.ar\/web\/wp-content\/uploads\/2019\/01\/edificio_guemes40-150x150.jpg 150w, https:\/\/www.arquimaster.com.ar\/web\/wp-content\/uploads\/2019\/01\/edificio_guemes40-50x50.jpg 50w, https:\/\/www.arquimaster.com.ar\/web\/wp-content\/uploads\/2019\/01\/edificio_guemes40-125x125.jpg 125w\" sizes=\"auto, (max-width: 150px) 100vw, 150px\" \/><\/a>\n\t\t\t<\/div>\n\t\t\t\t<figcaption class='wp-caption-text gallery-caption' id='gallery-2-35738'>\n\t\t\t\tEdificio G\u00fcemes 2285 \/ Pablo Gagliardo (\u00a9 Ramiro Sosa)\n\t\t\t\t<\/figcaption><\/figure><figure class='gallery-item'>\n\t\t\t<div class='gallery-icon portrait'>\n\t\t\t\t<a href='https:\/\/www.arquimaster.com.ar\/web\/wp-content\/uploads\/2019\/01\/edificio_guemes41.jpg' title=\"Edificio G\u00fcemes 2285 \/ Pablo Gagliardo (\u00a9 Ramiro Sosa)\" data-rl_title=\"Edificio G\u00fcemes 2285 \/ Pablo Gagliardo (\u00a9 Ramiro Sosa)\" class=\"rl-gallery-link\" data-rl_caption=\"Edificio G\u00fcemes 2285 \/ Pablo Gagliardo (\u00a9 Ramiro Sosa)\" data-rel=\"lightbox-gallery-2\"><img loading=\"lazy\" decoding=\"async\" width=\"150\" height=\"150\" src=\"https:\/\/www.arquimaster.com.ar\/web\/wp-content\/uploads\/2019\/01\/edificio_guemes41-150x150.jpg\" class=\"attachment-thumbnail size-thumbnail\" alt=\"\" aria-describedby=\"gallery-2-35739\" srcset=\"https:\/\/www.arquimaster.com.ar\/web\/wp-content\/uploads\/2019\/01\/edificio_guemes41-150x150.jpg 150w, https:\/\/www.arquimaster.com.ar\/web\/wp-content\/uploads\/2019\/01\/edificio_guemes41-50x50.jpg 50w, https:\/\/www.arquimaster.com.ar\/web\/wp-content\/uploads\/2019\/01\/edificio_guemes41-125x125.jpg 125w\" sizes=\"auto, (max-width: 150px) 100vw, 150px\" \/><\/a>\n\t\t\t<\/div>\n\t\t\t\t<figcaption class='wp-caption-text gallery-caption' id='gallery-2-35739'>\n\t\t\t\tEdificio G\u00fcemes 2285 \/ Pablo Gagliardo (\u00a9 Ramiro Sosa)\n\t\t\t\t<\/figcaption><\/figure><figure class='gallery-item'>\n\t\t\t<div class='gallery-icon landscape'>\n\t\t\t\t<a href='https:\/\/www.arquimaster.com.ar\/web\/wp-content\/uploads\/2019\/01\/edificio_guemes42.jpg' title=\"Edificio G\u00fcemes 2285 \/ Pablo Gagliardo (\u00a9 Ramiro Sosa)\" data-rl_title=\"Edificio G\u00fcemes 2285 \/ Pablo Gagliardo (\u00a9 Ramiro Sosa)\" class=\"rl-gallery-link\" data-rl_caption=\"Edificio G\u00fcemes 2285 \/ Pablo Gagliardo (\u00a9 Ramiro Sosa)\" data-rel=\"lightbox-gallery-2\"><img loading=\"lazy\" decoding=\"async\" width=\"150\" height=\"150\" src=\"https:\/\/www.arquimaster.com.ar\/web\/wp-content\/uploads\/2019\/01\/edificio_guemes42-150x150.jpg\" class=\"attachment-thumbnail size-thumbnail\" alt=\"\" aria-describedby=\"gallery-2-35740\" srcset=\"https:\/\/www.arquimaster.com.ar\/web\/wp-content\/uploads\/2019\/01\/edificio_guemes42-150x150.jpg 150w, https:\/\/www.arquimaster.com.ar\/web\/wp-content\/uploads\/2019\/01\/edificio_guemes42-50x50.jpg 50w, https:\/\/www.arquimaster.com.ar\/web\/wp-content\/uploads\/2019\/01\/edificio_guemes42-125x125.jpg 125w\" sizes=\"auto, (max-width: 150px) 100vw, 150px\" \/><\/a>\n\t\t\t<\/div>\n\t\t\t\t<figcaption class='wp-caption-text gallery-caption' id='gallery-2-35740'>\n\t\t\t\tEdificio G\u00fcemes 2285 \/ Pablo Gagliardo (\u00a9 Ramiro Sosa)\n\t\t\t\t<\/figcaption><\/figure><figure class='gallery-item'>\n\t\t\t<div class='gallery-icon landscape'>\n\t\t\t\t<a href='https:\/\/www.arquimaster.com.ar\/web\/wp-content\/uploads\/2019\/01\/edificio_guemes43.jpg' title=\"Edificio G\u00fcemes 2285 \/ Pablo Gagliardo (\u00a9 Ramiro Sosa)\" data-rl_title=\"Edificio G\u00fcemes 2285 \/ Pablo Gagliardo (\u00a9 Ramiro Sosa)\" class=\"rl-gallery-link\" data-rl_caption=\"Edificio G\u00fcemes 2285 \/ Pablo Gagliardo (\u00a9 Ramiro Sosa)\" data-rel=\"lightbox-gallery-2\"><img loading=\"lazy\" decoding=\"async\" width=\"150\" height=\"150\" src=\"https:\/\/www.arquimaster.com.ar\/web\/wp-content\/uploads\/2019\/01\/edificio_guemes43-150x150.jpg\" class=\"attachment-thumbnail size-thumbnail\" alt=\"\" aria-describedby=\"gallery-2-35741\" srcset=\"https:\/\/www.arquimaster.com.ar\/web\/wp-content\/uploads\/2019\/01\/edificio_guemes43-150x150.jpg 150w, https:\/\/www.arquimaster.com.ar\/web\/wp-content\/uploads\/2019\/01\/edificio_guemes43-50x50.jpg 50w, https:\/\/www.arquimaster.com.ar\/web\/wp-content\/uploads\/2019\/01\/edificio_guemes43-125x125.jpg 125w\" sizes=\"auto, (max-width: 150px) 100vw, 150px\" \/><\/a>\n\t\t\t<\/div>\n\t\t\t\t<figcaption class='wp-caption-text gallery-caption' id='gallery-2-35741'>\n\t\t\t\tEdificio G\u00fcemes 2285 \/ Pablo Gagliardo (\u00a9 Ramiro Sosa)\n\t\t\t\t<\/figcaption><\/figure><figure class='gallery-item'>\n\t\t\t<div class='gallery-icon landscape'>\n\t\t\t\t<a href='https:\/\/www.arquimaster.com.ar\/web\/wp-content\/uploads\/2019\/01\/edificio_guemes44.jpg' title=\"Edificio G\u00fcemes 2285 \/ Pablo Gagliardo (\u00a9 Ramiro Sosa)\" data-rl_title=\"Edificio G\u00fcemes 2285 \/ Pablo Gagliardo (\u00a9 Ramiro Sosa)\" class=\"rl-gallery-link\" data-rl_caption=\"Edificio G\u00fcemes 2285 \/ Pablo Gagliardo (\u00a9 Ramiro Sosa)\" data-rel=\"lightbox-gallery-2\"><img loading=\"lazy\" decoding=\"async\" width=\"150\" height=\"150\" src=\"https:\/\/www.arquimaster.com.ar\/web\/wp-content\/uploads\/2019\/01\/edificio_guemes44-150x150.jpg\" class=\"attachment-thumbnail size-thumbnail\" alt=\"\" aria-describedby=\"gallery-2-35742\" srcset=\"https:\/\/www.arquimaster.com.ar\/web\/wp-content\/uploads\/2019\/01\/edificio_guemes44-150x150.jpg 150w, https:\/\/www.arquimaster.com.ar\/web\/wp-content\/uploads\/2019\/01\/edificio_guemes44-50x50.jpg 50w, https:\/\/www.arquimaster.com.ar\/web\/wp-content\/uploads\/2019\/01\/edificio_guemes44-125x125.jpg 125w\" sizes=\"auto, (max-width: 150px) 100vw, 150px\" \/><\/a>\n\t\t\t<\/div>\n\t\t\t\t<figcaption class='wp-caption-text gallery-caption' id='gallery-2-35742'>\n\t\t\t\tEdificio G\u00fcemes 2285 \/ Pablo Gagliardo (\u00a9 Ramiro Sosa)\n\t\t\t\t<\/figcaption><\/figure><figure class='gallery-item'>\n\t\t\t<div class='gallery-icon landscape'>\n\t\t\t\t<a href='https:\/\/www.arquimaster.com.ar\/web\/wp-content\/uploads\/2019\/01\/edificio_guemes45.jpg' title=\"Edificio G\u00fcemes 2285 \/ Pablo Gagliardo (\u00a9 Ramiro Sosa)\" data-rl_title=\"Edificio G\u00fcemes 2285 \/ Pablo Gagliardo (\u00a9 Ramiro Sosa)\" class=\"rl-gallery-link\" data-rl_caption=\"Edificio G\u00fcemes 2285 \/ Pablo Gagliardo (\u00a9 Ramiro Sosa)\" data-rel=\"lightbox-gallery-2\"><img loading=\"lazy\" decoding=\"async\" width=\"150\" height=\"150\" src=\"https:\/\/www.arquimaster.com.ar\/web\/wp-content\/uploads\/2019\/01\/edificio_guemes45-150x150.jpg\" class=\"attachment-thumbnail size-thumbnail\" alt=\"\" aria-describedby=\"gallery-2-35743\" srcset=\"https:\/\/www.arquimaster.com.ar\/web\/wp-content\/uploads\/2019\/01\/edificio_guemes45-150x150.jpg 150w, https:\/\/www.arquimaster.com.ar\/web\/wp-content\/uploads\/2019\/01\/edificio_guemes45-50x50.jpg 50w, https:\/\/www.arquimaster.com.ar\/web\/wp-content\/uploads\/2019\/01\/edificio_guemes45-125x125.jpg 125w\" sizes=\"auto, (max-width: 150px) 100vw, 150px\" \/><\/a>\n\t\t\t<\/div>\n\t\t\t\t<figcaption class='wp-caption-text gallery-caption' id='gallery-2-35743'>\n\t\t\t\tEdificio G\u00fcemes 2285 \/ Pablo Gagliardo (\u00a9 Ramiro Sosa)\n\t\t\t\t<\/figcaption><\/figure><figure class='gallery-item'>\n\t\t\t<div class='gallery-icon landscape'>\n\t\t\t\t<a href='https:\/\/www.arquimaster.com.ar\/web\/wp-content\/uploads\/2019\/01\/edificio_guemes46.jpg' title=\"Edificio G\u00fcemes 2285 \/ Pablo Gagliardo (\u00a9 Ramiro Sosa)\" data-rl_title=\"Edificio G\u00fcemes 2285 \/ Pablo Gagliardo (\u00a9 Ramiro Sosa)\" class=\"rl-gallery-link\" data-rl_caption=\"Edificio G\u00fcemes 2285 \/ Pablo Gagliardo (\u00a9 Ramiro Sosa)\" data-rel=\"lightbox-gallery-2\"><img loading=\"lazy\" decoding=\"async\" width=\"150\" height=\"150\" src=\"https:\/\/www.arquimaster.com.ar\/web\/wp-content\/uploads\/2019\/01\/edificio_guemes46-150x150.jpg\" class=\"attachment-thumbnail size-thumbnail\" alt=\"\" aria-describedby=\"gallery-2-35744\" srcset=\"https:\/\/www.arquimaster.com.ar\/web\/wp-content\/uploads\/2019\/01\/edificio_guemes46-150x150.jpg 150w, https:\/\/www.arquimaster.com.ar\/web\/wp-content\/uploads\/2019\/01\/edificio_guemes46-50x50.jpg 50w, https:\/\/www.arquimaster.com.ar\/web\/wp-content\/uploads\/2019\/01\/edificio_guemes46-125x125.jpg 125w\" sizes=\"auto, (max-width: 150px) 100vw, 150px\" \/><\/a>\n\t\t\t<\/div>\n\t\t\t\t<figcaption class='wp-caption-text gallery-caption' id='gallery-2-35744'>\n\t\t\t\tEdificio G\u00fcemes 2285 \/ Pablo Gagliardo (\u00a9 Ramiro Sosa)\n\t\t\t\t<\/figcaption><\/figure><figure class='gallery-item'>\n\t\t\t<div class='gallery-icon portrait'>\n\t\t\t\t<a href='https:\/\/www.arquimaster.com.ar\/web\/wp-content\/uploads\/2019\/01\/edificio_guemes47.jpg' title=\"Edificio G\u00fcemes 2285 \/ Pablo Gagliardo (\u00a9 Ramiro Sosa)\" data-rl_title=\"Edificio G\u00fcemes 2285 \/ Pablo Gagliardo (\u00a9 Ramiro Sosa)\" class=\"rl-gallery-link\" data-rl_caption=\"Edificio G\u00fcemes 2285 \/ Pablo Gagliardo (\u00a9 Ramiro Sosa)\" data-rel=\"lightbox-gallery-2\"><img loading=\"lazy\" decoding=\"async\" width=\"150\" height=\"150\" src=\"https:\/\/www.arquimaster.com.ar\/web\/wp-content\/uploads\/2019\/01\/edificio_guemes47-150x150.jpg\" class=\"attachment-thumbnail size-thumbnail\" alt=\"\" aria-describedby=\"gallery-2-35745\" srcset=\"https:\/\/www.arquimaster.com.ar\/web\/wp-content\/uploads\/2019\/01\/edificio_guemes47-150x150.jpg 150w, https:\/\/www.arquimaster.com.ar\/web\/wp-content\/uploads\/2019\/01\/edificio_guemes47-50x50.jpg 50w, https:\/\/www.arquimaster.com.ar\/web\/wp-content\/uploads\/2019\/01\/edificio_guemes47-125x125.jpg 125w\" sizes=\"auto, (max-width: 150px) 100vw, 150px\" \/><\/a>\n\t\t\t<\/div>\n\t\t\t\t<figcaption class='wp-caption-text gallery-caption' id='gallery-2-35745'>\n\t\t\t\tEdificio G\u00fcemes 2285 \/ Pablo Gagliardo (\u00a9 Ramiro Sosa)\n\t\t\t\t<\/figcaption><\/figure><figure class='gallery-item'>\n\t\t\t<div class='gallery-icon portrait'>\n\t\t\t\t<a href='https:\/\/www.arquimaster.com.ar\/web\/wp-content\/uploads\/2019\/01\/edificio_guemes48.jpg' title=\"Edificio G\u00fcemes 2285 \/ Pablo Gagliardo (\u00a9 Ramiro Sosa)\" data-rl_title=\"Edificio G\u00fcemes 2285 \/ Pablo Gagliardo (\u00a9 Ramiro Sosa)\" class=\"rl-gallery-link\" data-rl_caption=\"Edificio G\u00fcemes 2285 \/ Pablo Gagliardo (\u00a9 Ramiro Sosa)\" data-rel=\"lightbox-gallery-2\"><img loading=\"lazy\" decoding=\"async\" width=\"150\" height=\"150\" src=\"https:\/\/www.arquimaster.com.ar\/web\/wp-content\/uploads\/2019\/01\/edificio_guemes48-150x150.jpg\" class=\"attachment-thumbnail size-thumbnail\" alt=\"\" aria-describedby=\"gallery-2-35746\" srcset=\"https:\/\/www.arquimaster.com.ar\/web\/wp-content\/uploads\/2019\/01\/edificio_guemes48-150x150.jpg 150w, https:\/\/www.arquimaster.com.ar\/web\/wp-content\/uploads\/2019\/01\/edificio_guemes48-50x50.jpg 50w, https:\/\/www.arquimaster.com.ar\/web\/wp-content\/uploads\/2019\/01\/edificio_guemes48-125x125.jpg 125w\" sizes=\"auto, (max-width: 150px) 100vw, 150px\" \/><\/a>\n\t\t\t<\/div>\n\t\t\t\t<figcaption class='wp-caption-text gallery-caption' id='gallery-2-35746'>\n\t\t\t\tEdificio G\u00fcemes 2285 \/ Pablo Gagliardo (\u00a9 Ramiro Sosa)\n\t\t\t\t<\/figcaption><\/figure>\n\t\t<\/div>\n\n<p>El edificio esta compuesto por solo 7 departamentos que comparten en las dos \u00faltimas plantas quincho, pileta y solarium panor\u00e1mico, aprovechando las vistas al r\u00edo e islas.<\/p>\n<p>La planta baja libre y en doble altura se abre totalmente a la calle, con el cerramiento de parasoles de aluminio en distintas tramas y alturas generando un juego de sombras como valla urbana.<\/p>\n<div id='gallery-3' class='gallery galleryid-35697 gallery-columns-3 gallery-size-thumbnail'><figure class='gallery-item'>\n\t\t\t<div class='gallery-icon landscape'>\n\t\t\t\t<a href='https:\/\/www.arquimaster.com.ar\/web\/wp-content\/uploads\/2019\/01\/edificio_guemes49.jpg' title=\"Edificio G\u00fcemes 2285 \/ Pablo Gagliardo (\u00a9 Ramiro Sosa)\" data-rl_title=\"Edificio G\u00fcemes 2285 \/ Pablo Gagliardo (\u00a9 Ramiro Sosa)\" class=\"rl-gallery-link\" data-rl_caption=\"Edificio G\u00fcemes 2285 \/ Pablo Gagliardo (\u00a9 Ramiro Sosa)\" data-rel=\"lightbox-gallery-3\"><img loading=\"lazy\" decoding=\"async\" width=\"150\" height=\"150\" src=\"https:\/\/www.arquimaster.com.ar\/web\/wp-content\/uploads\/2019\/01\/edificio_guemes49-150x150.jpg\" class=\"attachment-thumbnail size-thumbnail\" alt=\"\" aria-describedby=\"gallery-3-35747\" srcset=\"https:\/\/www.arquimaster.com.ar\/web\/wp-content\/uploads\/2019\/01\/edificio_guemes49-150x150.jpg 150w, https:\/\/www.arquimaster.com.ar\/web\/wp-content\/uploads\/2019\/01\/edificio_guemes49-50x50.jpg 50w, https:\/\/www.arquimaster.com.ar\/web\/wp-content\/uploads\/2019\/01\/edificio_guemes49-125x125.jpg 125w\" sizes=\"auto, (max-width: 150px) 100vw, 150px\" \/><\/a>\n\t\t\t<\/div>\n\t\t\t\t<figcaption class='wp-caption-text gallery-caption' id='gallery-3-35747'>\n\t\t\t\tEdificio G\u00fcemes 2285 \/ Pablo Gagliardo (\u00a9 Ramiro Sosa)\n\t\t\t\t<\/figcaption><\/figure><figure class='gallery-item'>\n\t\t\t<div class='gallery-icon landscape'>\n\t\t\t\t<a href='https:\/\/www.arquimaster.com.ar\/web\/wp-content\/uploads\/2019\/01\/edificio_guemes50.jpg' title=\"Edificio G\u00fcemes 2285 \/ Pablo Gagliardo (\u00a9 Ramiro Sosa)\" data-rl_title=\"Edificio G\u00fcemes 2285 \/ Pablo Gagliardo (\u00a9 Ramiro Sosa)\" class=\"rl-gallery-link\" data-rl_caption=\"Edificio G\u00fcemes 2285 \/ Pablo Gagliardo (\u00a9 Ramiro Sosa)\" data-rel=\"lightbox-gallery-3\"><img loading=\"lazy\" decoding=\"async\" width=\"150\" height=\"150\" src=\"https:\/\/www.arquimaster.com.ar\/web\/wp-content\/uploads\/2019\/01\/edificio_guemes50-150x150.jpg\" class=\"attachment-thumbnail size-thumbnail\" alt=\"\" aria-describedby=\"gallery-3-35748\" srcset=\"https:\/\/www.arquimaster.com.ar\/web\/wp-content\/uploads\/2019\/01\/edificio_guemes50-150x150.jpg 150w, https:\/\/www.arquimaster.com.ar\/web\/wp-content\/uploads\/2019\/01\/edificio_guemes50-50x50.jpg 50w, https:\/\/www.arquimaster.com.ar\/web\/wp-content\/uploads\/2019\/01\/edificio_guemes50-125x125.jpg 125w\" sizes=\"auto, (max-width: 150px) 100vw, 150px\" \/><\/a>\n\t\t\t<\/div>\n\t\t\t\t<figcaption class='wp-caption-text gallery-caption' id='gallery-3-35748'>\n\t\t\t\tEdificio G\u00fcemes 2285 \/ Pablo Gagliardo (\u00a9 Ramiro Sosa)\n\t\t\t\t<\/figcaption><\/figure><figure class='gallery-item'>\n\t\t\t<div class='gallery-icon portrait'>\n\t\t\t\t<a href='https:\/\/www.arquimaster.com.ar\/web\/wp-content\/uploads\/2019\/01\/edificio_guemes51.jpg' title=\"Edificio G\u00fcemes 2285 \/ Pablo Gagliardo (\u00a9 Ramiro Sosa)\" data-rl_title=\"Edificio G\u00fcemes 2285 \/ Pablo Gagliardo (\u00a9 Ramiro Sosa)\" class=\"rl-gallery-link\" data-rl_caption=\"Edificio G\u00fcemes 2285 \/ Pablo Gagliardo (\u00a9 Ramiro Sosa)\" data-rel=\"lightbox-gallery-3\"><img loading=\"lazy\" decoding=\"async\" width=\"150\" height=\"150\" src=\"https:\/\/www.arquimaster.com.ar\/web\/wp-content\/uploads\/2019\/01\/edificio_guemes51-150x150.jpg\" class=\"attachment-thumbnail size-thumbnail\" alt=\"\" aria-describedby=\"gallery-3-35749\" srcset=\"https:\/\/www.arquimaster.com.ar\/web\/wp-content\/uploads\/2019\/01\/edificio_guemes51-150x150.jpg 150w, https:\/\/www.arquimaster.com.ar\/web\/wp-content\/uploads\/2019\/01\/edificio_guemes51-50x50.jpg 50w, https:\/\/www.arquimaster.com.ar\/web\/wp-content\/uploads\/2019\/01\/edificio_guemes51-125x125.jpg 125w\" sizes=\"auto, (max-width: 150px) 100vw, 150px\" \/><\/a>\n\t\t\t<\/div>\n\t\t\t\t<figcaption class='wp-caption-text gallery-caption' id='gallery-3-35749'>\n\t\t\t\tEdificio G\u00fcemes 2285 \/ Pablo Gagliardo (\u00a9 Ramiro Sosa)\n\t\t\t\t<\/figcaption><\/figure><figure class='gallery-item'>\n\t\t\t<div class='gallery-icon portrait'>\n\t\t\t\t<a href='https:\/\/www.arquimaster.com.ar\/web\/wp-content\/uploads\/2019\/01\/edificio_guemes52.jpg' title=\"Edificio G\u00fcemes 2285 \/ Pablo Gagliardo (\u00a9 Ramiro Sosa)\" data-rl_title=\"Edificio G\u00fcemes 2285 \/ Pablo Gagliardo (\u00a9 Ramiro Sosa)\" class=\"rl-gallery-link\" data-rl_caption=\"Edificio G\u00fcemes 2285 \/ Pablo Gagliardo (\u00a9 Ramiro Sosa)\" data-rel=\"lightbox-gallery-3\"><img loading=\"lazy\" decoding=\"async\" width=\"150\" height=\"150\" src=\"https:\/\/www.arquimaster.com.ar\/web\/wp-content\/uploads\/2019\/01\/edificio_guemes52-150x150.jpg\" class=\"attachment-thumbnail size-thumbnail\" alt=\"\" aria-describedby=\"gallery-3-35750\" srcset=\"https:\/\/www.arquimaster.com.ar\/web\/wp-content\/uploads\/2019\/01\/edificio_guemes52-150x150.jpg 150w, https:\/\/www.arquimaster.com.ar\/web\/wp-content\/uploads\/2019\/01\/edificio_guemes52-50x50.jpg 50w, https:\/\/www.arquimaster.com.ar\/web\/wp-content\/uploads\/2019\/01\/edificio_guemes52-125x125.jpg 125w\" sizes=\"auto, (max-width: 150px) 100vw, 150px\" \/><\/a>\n\t\t\t<\/div>\n\t\t\t\t<figcaption class='wp-caption-text gallery-caption' id='gallery-3-35750'>\n\t\t\t\tEdificio G\u00fcemes 2285 \/ Pablo Gagliardo (\u00a9 Ramiro Sosa)\n\t\t\t\t<\/figcaption><\/figure><figure class='gallery-item'>\n\t\t\t<div class='gallery-icon landscape'>\n\t\t\t\t<a href='https:\/\/www.arquimaster.com.ar\/web\/wp-content\/uploads\/2019\/01\/edificio_guemes53.jpg' title=\"Edificio G\u00fcemes 2285 \/ Pablo Gagliardo (\u00a9 Ramiro Sosa)\" data-rl_title=\"Edificio G\u00fcemes 2285 \/ Pablo Gagliardo (\u00a9 Ramiro Sosa)\" class=\"rl-gallery-link\" data-rl_caption=\"Edificio G\u00fcemes 2285 \/ Pablo Gagliardo (\u00a9 Ramiro Sosa)\" data-rel=\"lightbox-gallery-3\"><img loading=\"lazy\" decoding=\"async\" width=\"150\" height=\"150\" src=\"https:\/\/www.arquimaster.com.ar\/web\/wp-content\/uploads\/2019\/01\/edificio_guemes53-150x150.jpg\" class=\"attachment-thumbnail size-thumbnail\" alt=\"\" aria-describedby=\"gallery-3-35751\" srcset=\"https:\/\/www.arquimaster.com.ar\/web\/wp-content\/uploads\/2019\/01\/edificio_guemes53-150x150.jpg 150w, https:\/\/www.arquimaster.com.ar\/web\/wp-content\/uploads\/2019\/01\/edificio_guemes53-50x50.jpg 50w, https:\/\/www.arquimaster.com.ar\/web\/wp-content\/uploads\/2019\/01\/edificio_guemes53-125x125.jpg 125w\" sizes=\"auto, (max-width: 150px) 100vw, 150px\" \/><\/a>\n\t\t\t<\/div>\n\t\t\t\t<figcaption class='wp-caption-text gallery-caption' id='gallery-3-35751'>\n\t\t\t\tEdificio G\u00fcemes 2285 \/ Pablo Gagliardo (\u00a9 Ramiro Sosa)\n\t\t\t\t<\/figcaption><\/figure><figure class='gallery-item'>\n\t\t\t<div class='gallery-icon portrait'>\n\t\t\t\t<a href='https:\/\/www.arquimaster.com.ar\/web\/wp-content\/uploads\/2019\/01\/edificio_guemes54.jpg' title=\"Edificio G\u00fcemes 2285 \/ Pablo Gagliardo (\u00a9 Ramiro Sosa)\" data-rl_title=\"Edificio G\u00fcemes 2285 \/ Pablo Gagliardo (\u00a9 Ramiro Sosa)\" class=\"rl-gallery-link\" data-rl_caption=\"Edificio G\u00fcemes 2285 \/ Pablo Gagliardo (\u00a9 Ramiro Sosa)\" data-rel=\"lightbox-gallery-3\"><img loading=\"lazy\" decoding=\"async\" width=\"150\" height=\"150\" src=\"https:\/\/www.arquimaster.com.ar\/web\/wp-content\/uploads\/2019\/01\/edificio_guemes54-150x150.jpg\" class=\"attachment-thumbnail size-thumbnail\" alt=\"\" aria-describedby=\"gallery-3-35752\" srcset=\"https:\/\/www.arquimaster.com.ar\/web\/wp-content\/uploads\/2019\/01\/edificio_guemes54-150x150.jpg 150w, https:\/\/www.arquimaster.com.ar\/web\/wp-content\/uploads\/2019\/01\/edificio_guemes54-50x50.jpg 50w, https:\/\/www.arquimaster.com.ar\/web\/wp-content\/uploads\/2019\/01\/edificio_guemes54-125x125.jpg 125w\" sizes=\"auto, (max-width: 150px) 100vw, 150px\" \/><\/a>\n\t\t\t<\/div>\n\t\t\t\t<figcaption class='wp-caption-text gallery-caption' id='gallery-3-35752'>\n\t\t\t\tEdificio G\u00fcemes 2285 \/ Pablo Gagliardo (\u00a9 Ramiro Sosa)\n\t\t\t\t<\/figcaption><\/figure><figure class='gallery-item'>\n\t\t\t<div class='gallery-icon portrait'>\n\t\t\t\t<a href='https:\/\/www.arquimaster.com.ar\/web\/wp-content\/uploads\/2019\/01\/edificio_guemes55.jpg' title=\"Edificio G\u00fcemes 2285 \/ Pablo Gagliardo (\u00a9 Ramiro Sosa)\" data-rl_title=\"Edificio G\u00fcemes 2285 \/ Pablo Gagliardo (\u00a9 Ramiro Sosa)\" class=\"rl-gallery-link\" data-rl_caption=\"Edificio G\u00fcemes 2285 \/ Pablo Gagliardo (\u00a9 Ramiro Sosa)\" data-rel=\"lightbox-gallery-3\"><img loading=\"lazy\" decoding=\"async\" width=\"150\" height=\"150\" src=\"https:\/\/www.arquimaster.com.ar\/web\/wp-content\/uploads\/2019\/01\/edificio_guemes55-150x150.jpg\" class=\"attachment-thumbnail size-thumbnail\" alt=\"\" aria-describedby=\"gallery-3-35753\" srcset=\"https:\/\/www.arquimaster.com.ar\/web\/wp-content\/uploads\/2019\/01\/edificio_guemes55-150x150.jpg 150w, https:\/\/www.arquimaster.com.ar\/web\/wp-content\/uploads\/2019\/01\/edificio_guemes55-50x50.jpg 50w, https:\/\/www.arquimaster.com.ar\/web\/wp-content\/uploads\/2019\/01\/edificio_guemes55-125x125.jpg 125w\" sizes=\"auto, (max-width: 150px) 100vw, 150px\" \/><\/a>\n\t\t\t<\/div>\n\t\t\t\t<figcaption class='wp-caption-text gallery-caption' id='gallery-3-35753'>\n\t\t\t\tEdificio G\u00fcemes 2285 \/ Pablo Gagliardo (\u00a9 Ramiro Sosa)\n\t\t\t\t<\/figcaption><\/figure><figure class='gallery-item'>\n\t\t\t<div class='gallery-icon landscape'>\n\t\t\t\t<a href='https:\/\/www.arquimaster.com.ar\/web\/wp-content\/uploads\/2019\/01\/edificio_guemes56.jpg' title=\"Edificio G\u00fcemes 2285 \/ Pablo Gagliardo (\u00a9 Ramiro Sosa)\" data-rl_title=\"Edificio G\u00fcemes 2285 \/ Pablo Gagliardo (\u00a9 Ramiro Sosa)\" class=\"rl-gallery-link\" data-rl_caption=\"Edificio G\u00fcemes 2285 \/ Pablo Gagliardo (\u00a9 Ramiro Sosa)\" data-rel=\"lightbox-gallery-3\"><img loading=\"lazy\" decoding=\"async\" width=\"150\" height=\"150\" src=\"https:\/\/www.arquimaster.com.ar\/web\/wp-content\/uploads\/2019\/01\/edificio_guemes56-150x150.jpg\" class=\"attachment-thumbnail size-thumbnail\" alt=\"\" aria-describedby=\"gallery-3-35754\" srcset=\"https:\/\/www.arquimaster.com.ar\/web\/wp-content\/uploads\/2019\/01\/edificio_guemes56-150x150.jpg 150w, https:\/\/www.arquimaster.com.ar\/web\/wp-content\/uploads\/2019\/01\/edificio_guemes56-50x50.jpg 50w, https:\/\/www.arquimaster.com.ar\/web\/wp-content\/uploads\/2019\/01\/edificio_guemes56-125x125.jpg 125w\" sizes=\"auto, (max-width: 150px) 100vw, 150px\" \/><\/a>\n\t\t\t<\/div>\n\t\t\t\t<figcaption class='wp-caption-text gallery-caption' id='gallery-3-35754'>\n\t\t\t\tEdificio G\u00fcemes 2285 \/ Pablo Gagliardo (\u00a9 Ramiro Sosa)\n\t\t\t\t<\/figcaption><\/figure><figure class='gallery-item'>\n\t\t\t<div class='gallery-icon landscape'>\n\t\t\t\t<a href='https:\/\/www.arquimaster.com.ar\/web\/wp-content\/uploads\/2019\/01\/edificio_guemes57.jpg' title=\"Edificio G\u00fcemes 2285 \/ Pablo Gagliardo (\u00a9 Ramiro Sosa)\" data-rl_title=\"Edificio G\u00fcemes 2285 \/ Pablo Gagliardo (\u00a9 Ramiro Sosa)\" class=\"rl-gallery-link\" data-rl_caption=\"Edificio G\u00fcemes 2285 \/ Pablo Gagliardo (\u00a9 Ramiro Sosa)\" data-rel=\"lightbox-gallery-3\"><img loading=\"lazy\" decoding=\"async\" width=\"150\" height=\"150\" src=\"https:\/\/www.arquimaster.com.ar\/web\/wp-content\/uploads\/2019\/01\/edificio_guemes57-150x150.jpg\" class=\"attachment-thumbnail size-thumbnail\" alt=\"\" aria-describedby=\"gallery-3-35755\" srcset=\"https:\/\/www.arquimaster.com.ar\/web\/wp-content\/uploads\/2019\/01\/edificio_guemes57-150x150.jpg 150w, https:\/\/www.arquimaster.com.ar\/web\/wp-content\/uploads\/2019\/01\/edificio_guemes57-50x50.jpg 50w, https:\/\/www.arquimaster.com.ar\/web\/wp-content\/uploads\/2019\/01\/edificio_guemes57-125x125.jpg 125w\" sizes=\"auto, (max-width: 150px) 100vw, 150px\" \/><\/a>\n\t\t\t<\/div>\n\t\t\t\t<figcaption class='wp-caption-text gallery-caption' id='gallery-3-35755'>\n\t\t\t\tEdificio G\u00fcemes 2285 \/ Pablo Gagliardo (\u00a9 Ramiro Sosa)\n\t\t\t\t<\/figcaption><\/figure><figure class='gallery-item'>\n\t\t\t<div class='gallery-icon landscape'>\n\t\t\t\t<a href='https:\/\/www.arquimaster.com.ar\/web\/wp-content\/uploads\/2019\/01\/edificio_guemes58.jpg' title=\"Edificio G\u00fcemes 2285 \/ Pablo Gagliardo (\u00a9 Ramiro Sosa)\" data-rl_title=\"Edificio G\u00fcemes 2285 \/ Pablo Gagliardo (\u00a9 Ramiro Sosa)\" class=\"rl-gallery-link\" data-rl_caption=\"Edificio G\u00fcemes 2285 \/ Pablo Gagliardo (\u00a9 Ramiro Sosa)\" data-rel=\"lightbox-gallery-3\"><img loading=\"lazy\" decoding=\"async\" width=\"150\" height=\"150\" src=\"https:\/\/www.arquimaster.com.ar\/web\/wp-content\/uploads\/2019\/01\/edificio_guemes58-150x150.jpg\" class=\"attachment-thumbnail size-thumbnail\" alt=\"\" aria-describedby=\"gallery-3-35756\" srcset=\"https:\/\/www.arquimaster.com.ar\/web\/wp-content\/uploads\/2019\/01\/edificio_guemes58-150x150.jpg 150w, https:\/\/www.arquimaster.com.ar\/web\/wp-content\/uploads\/2019\/01\/edificio_guemes58-50x50.jpg 50w, https:\/\/www.arquimaster.com.ar\/web\/wp-content\/uploads\/2019\/01\/edificio_guemes58-125x125.jpg 125w\" sizes=\"auto, (max-width: 150px) 100vw, 150px\" \/><\/a>\n\t\t\t<\/div>\n\t\t\t\t<figcaption class='wp-caption-text gallery-caption' id='gallery-3-35756'>\n\t\t\t\tEdificio G\u00fcemes 2285 \/ Pablo Gagliardo (\u00a9 Ramiro Sosa)\n\t\t\t\t<\/figcaption><\/figure><figure class='gallery-item'>\n\t\t\t<div class='gallery-icon landscape'>\n\t\t\t\t<a href='https:\/\/www.arquimaster.com.ar\/web\/wp-content\/uploads\/2019\/01\/edificio_guemes59.jpg' title=\"Edificio G\u00fcemes 2285 \/ Pablo Gagliardo (\u00a9 Ramiro Sosa)\" data-rl_title=\"Edificio G\u00fcemes 2285 \/ Pablo Gagliardo (\u00a9 Ramiro Sosa)\" class=\"rl-gallery-link\" data-rl_caption=\"Edificio G\u00fcemes 2285 \/ Pablo Gagliardo (\u00a9 Ramiro Sosa)\" data-rel=\"lightbox-gallery-3\"><img loading=\"lazy\" decoding=\"async\" width=\"150\" height=\"150\" src=\"https:\/\/www.arquimaster.com.ar\/web\/wp-content\/uploads\/2019\/01\/edificio_guemes59-150x150.jpg\" class=\"attachment-thumbnail size-thumbnail\" alt=\"\" aria-describedby=\"gallery-3-35757\" srcset=\"https:\/\/www.arquimaster.com.ar\/web\/wp-content\/uploads\/2019\/01\/edificio_guemes59-150x150.jpg 150w, https:\/\/www.arquimaster.com.ar\/web\/wp-content\/uploads\/2019\/01\/edificio_guemes59-50x50.jpg 50w, https:\/\/www.arquimaster.com.ar\/web\/wp-content\/uploads\/2019\/01\/edificio_guemes59-125x125.jpg 125w\" sizes=\"auto, (max-width: 150px) 100vw, 150px\" \/><\/a>\n\t\t\t<\/div>\n\t\t\t\t<figcaption class='wp-caption-text gallery-caption' id='gallery-3-35757'>\n\t\t\t\tEdificio G\u00fcemes 2285 \/ Pablo Gagliardo (\u00a9 Ramiro Sosa)\n\t\t\t\t<\/figcaption><\/figure><figure class='gallery-item'>\n\t\t\t<div class='gallery-icon landscape'>\n\t\t\t\t<a href='https:\/\/www.arquimaster.com.ar\/web\/wp-content\/uploads\/2019\/01\/edificio_guemes60.jpg' title=\"Edificio G\u00fcemes 2285 \/ Pablo Gagliardo (\u00a9 Ramiro Sosa)\" data-rl_title=\"Edificio G\u00fcemes 2285 \/ Pablo Gagliardo (\u00a9 Ramiro Sosa)\" class=\"rl-gallery-link\" data-rl_caption=\"Edificio G\u00fcemes 2285 \/ Pablo Gagliardo (\u00a9 Ramiro Sosa)\" data-rel=\"lightbox-gallery-3\"><img loading=\"lazy\" decoding=\"async\" width=\"150\" height=\"150\" src=\"https:\/\/www.arquimaster.com.ar\/web\/wp-content\/uploads\/2019\/01\/edificio_guemes60-150x150.jpg\" class=\"attachment-thumbnail size-thumbnail\" alt=\"\" aria-describedby=\"gallery-3-35758\" srcset=\"https:\/\/www.arquimaster.com.ar\/web\/wp-content\/uploads\/2019\/01\/edificio_guemes60-150x150.jpg 150w, https:\/\/www.arquimaster.com.ar\/web\/wp-content\/uploads\/2019\/01\/edificio_guemes60-50x50.jpg 50w, https:\/\/www.arquimaster.com.ar\/web\/wp-content\/uploads\/2019\/01\/edificio_guemes60-125x125.jpg 125w\" sizes=\"auto, (max-width: 150px) 100vw, 150px\" \/><\/a>\n\t\t\t<\/div>\n\t\t\t\t<figcaption class='wp-caption-text gallery-caption' id='gallery-3-35758'>\n\t\t\t\tEdificio G\u00fcemes 2285 \/ Pablo Gagliardo (\u00a9 Ramiro Sosa)\n\t\t\t\t<\/figcaption><\/figure><figure class='gallery-item'>\n\t\t\t<div class='gallery-icon landscape'>\n\t\t\t\t<a href='https:\/\/www.arquimaster.com.ar\/web\/wp-content\/uploads\/2019\/01\/edificio_guemes61.jpg' title=\"Edificio G\u00fcemes 2285 \/ Pablo Gagliardo (\u00a9 Ramiro Sosa)\" data-rl_title=\"Edificio G\u00fcemes 2285 \/ Pablo Gagliardo (\u00a9 Ramiro Sosa)\" class=\"rl-gallery-link\" data-rl_caption=\"Edificio G\u00fcemes 2285 \/ Pablo Gagliardo (\u00a9 Ramiro Sosa)\" data-rel=\"lightbox-gallery-3\"><img loading=\"lazy\" decoding=\"async\" width=\"150\" height=\"150\" src=\"https:\/\/www.arquimaster.com.ar\/web\/wp-content\/uploads\/2019\/01\/edificio_guemes61-150x150.jpg\" class=\"attachment-thumbnail size-thumbnail\" alt=\"\" aria-describedby=\"gallery-3-35759\" srcset=\"https:\/\/www.arquimaster.com.ar\/web\/wp-content\/uploads\/2019\/01\/edificio_guemes61-150x150.jpg 150w, https:\/\/www.arquimaster.com.ar\/web\/wp-content\/uploads\/2019\/01\/edificio_guemes61-50x50.jpg 50w, https:\/\/www.arquimaster.com.ar\/web\/wp-content\/uploads\/2019\/01\/edificio_guemes61-125x125.jpg 125w\" sizes=\"auto, (max-width: 150px) 100vw, 150px\" \/><\/a>\n\t\t\t<\/div>\n\t\t\t\t<figcaption class='wp-caption-text gallery-caption' id='gallery-3-35759'>\n\t\t\t\tEdificio G\u00fcemes 2285 \/ Pablo Gagliardo (\u00a9 Ramiro Sosa)\n\t\t\t\t<\/figcaption><\/figure><figure class='gallery-item'>\n\t\t\t<div class='gallery-icon landscape'>\n\t\t\t\t<a href='https:\/\/www.arquimaster.com.ar\/web\/wp-content\/uploads\/2019\/01\/edificio_guemes62.jpg' title=\"Edificio G\u00fcemes 2285 \/ Pablo Gagliardo (\u00a9 Ramiro Sosa)\" data-rl_title=\"Edificio G\u00fcemes 2285 \/ Pablo Gagliardo (\u00a9 Ramiro Sosa)\" class=\"rl-gallery-link\" data-rl_caption=\"Edificio G\u00fcemes 2285 \/ Pablo Gagliardo (\u00a9 Ramiro Sosa)\" data-rel=\"lightbox-gallery-3\"><img loading=\"lazy\" decoding=\"async\" width=\"150\" height=\"150\" src=\"https:\/\/www.arquimaster.com.ar\/web\/wp-content\/uploads\/2019\/01\/edificio_guemes62-150x150.jpg\" class=\"attachment-thumbnail size-thumbnail\" alt=\"\" aria-describedby=\"gallery-3-35760\" srcset=\"https:\/\/www.arquimaster.com.ar\/web\/wp-content\/uploads\/2019\/01\/edificio_guemes62-150x150.jpg 150w, https:\/\/www.arquimaster.com.ar\/web\/wp-content\/uploads\/2019\/01\/edificio_guemes62-50x50.jpg 50w, https:\/\/www.arquimaster.com.ar\/web\/wp-content\/uploads\/2019\/01\/edificio_guemes62-125x125.jpg 125w\" sizes=\"auto, (max-width: 150px) 100vw, 150px\" \/><\/a>\n\t\t\t<\/div>\n\t\t\t\t<figcaption class='wp-caption-text gallery-caption' id='gallery-3-35760'>\n\t\t\t\tEdificio G\u00fcemes 2285 \/ Pablo Gagliardo (\u00a9 Ramiro Sosa)\n\t\t\t\t<\/figcaption><\/figure><figure class='gallery-item'>\n\t\t\t<div class='gallery-icon portrait'>\n\t\t\t\t<a href='https:\/\/www.arquimaster.com.ar\/web\/wp-content\/uploads\/2019\/01\/edificio_guemes63.jpg' title=\"Edificio G\u00fcemes 2285 \/ Pablo Gagliardo (\u00a9 Ramiro Sosa)\" data-rl_title=\"Edificio G\u00fcemes 2285 \/ Pablo Gagliardo (\u00a9 Ramiro Sosa)\" class=\"rl-gallery-link\" data-rl_caption=\"Edificio G\u00fcemes 2285 \/ Pablo Gagliardo (\u00a9 Ramiro Sosa)\" data-rel=\"lightbox-gallery-3\"><img loading=\"lazy\" decoding=\"async\" width=\"150\" height=\"150\" src=\"https:\/\/www.arquimaster.com.ar\/web\/wp-content\/uploads\/2019\/01\/edificio_guemes63-150x150.jpg\" class=\"attachment-thumbnail size-thumbnail\" alt=\"\" aria-describedby=\"gallery-3-35761\" srcset=\"https:\/\/www.arquimaster.com.ar\/web\/wp-content\/uploads\/2019\/01\/edificio_guemes63-150x150.jpg 150w, https:\/\/www.arquimaster.com.ar\/web\/wp-content\/uploads\/2019\/01\/edificio_guemes63-50x50.jpg 50w, https:\/\/www.arquimaster.com.ar\/web\/wp-content\/uploads\/2019\/01\/edificio_guemes63-125x125.jpg 125w\" sizes=\"auto, (max-width: 150px) 100vw, 150px\" \/><\/a>\n\t\t\t<\/div>\n\t\t\t\t<figcaption class='wp-caption-text gallery-caption' id='gallery-3-35761'>\n\t\t\t\tEdificio G\u00fcemes 2285 \/ Pablo Gagliardo (\u00a9 Ramiro Sosa)\n\t\t\t\t<\/figcaption><\/figure><figure class='gallery-item'>\n\t\t\t<div class='gallery-icon landscape'>\n\t\t\t\t<a href='https:\/\/www.arquimaster.com.ar\/web\/wp-content\/uploads\/2019\/01\/edificio_guemes64.jpg' title=\"Edificio G\u00fcemes 2285 \/ Pablo Gagliardo (\u00a9 Ramiro Sosa)\" data-rl_title=\"Edificio G\u00fcemes 2285 \/ Pablo Gagliardo (\u00a9 Ramiro Sosa)\" class=\"rl-gallery-link\" data-rl_caption=\"Edificio G\u00fcemes 2285 \/ Pablo Gagliardo (\u00a9 Ramiro Sosa)\" data-rel=\"lightbox-gallery-3\"><img loading=\"lazy\" decoding=\"async\" width=\"150\" height=\"150\" src=\"https:\/\/www.arquimaster.com.ar\/web\/wp-content\/uploads\/2019\/01\/edificio_guemes64-150x150.jpg\" class=\"attachment-thumbnail size-thumbnail\" alt=\"\" aria-describedby=\"gallery-3-35762\" srcset=\"https:\/\/www.arquimaster.com.ar\/web\/wp-content\/uploads\/2019\/01\/edificio_guemes64-150x150.jpg 150w, https:\/\/www.arquimaster.com.ar\/web\/wp-content\/uploads\/2019\/01\/edificio_guemes64-50x50.jpg 50w, https:\/\/www.arquimaster.com.ar\/web\/wp-content\/uploads\/2019\/01\/edificio_guemes64-125x125.jpg 125w\" sizes=\"auto, (max-width: 150px) 100vw, 150px\" \/><\/a>\n\t\t\t<\/div>\n\t\t\t\t<figcaption class='wp-caption-text gallery-caption' id='gallery-3-35762'>\n\t\t\t\tEdificio G\u00fcemes 2285 \/ Pablo Gagliardo (\u00a9 Ramiro Sosa)\n\t\t\t\t<\/figcaption><\/figure><figure class='gallery-item'>\n\t\t\t<div class='gallery-icon landscape'>\n\t\t\t\t<a href='https:\/\/www.arquimaster.com.ar\/web\/wp-content\/uploads\/2019\/01\/edificio_guemes65.jpg' title=\"Edificio G\u00fcemes 2285 \/ Pablo Gagliardo (\u00a9 Ramiro Sosa)\" data-rl_title=\"Edificio G\u00fcemes 2285 \/ Pablo Gagliardo (\u00a9 Ramiro Sosa)\" class=\"rl-gallery-link\" data-rl_caption=\"Edificio G\u00fcemes 2285 \/ Pablo Gagliardo (\u00a9 Ramiro Sosa)\" data-rel=\"lightbox-gallery-3\"><img loading=\"lazy\" decoding=\"async\" width=\"150\" height=\"150\" src=\"https:\/\/www.arquimaster.com.ar\/web\/wp-content\/uploads\/2019\/01\/edificio_guemes65-150x150.jpg\" class=\"attachment-thumbnail size-thumbnail\" alt=\"\" aria-describedby=\"gallery-3-35763\" srcset=\"https:\/\/www.arquimaster.com.ar\/web\/wp-content\/uploads\/2019\/01\/edificio_guemes65-150x150.jpg 150w, https:\/\/www.arquimaster.com.ar\/web\/wp-content\/uploads\/2019\/01\/edificio_guemes65-50x50.jpg 50w, https:\/\/www.arquimaster.com.ar\/web\/wp-content\/uploads\/2019\/01\/edificio_guemes65-125x125.jpg 125w\" sizes=\"auto, (max-width: 150px) 100vw, 150px\" \/><\/a>\n\t\t\t<\/div>\n\t\t\t\t<figcaption class='wp-caption-text gallery-caption' id='gallery-3-35763'>\n\t\t\t\tEdificio G\u00fcemes 2285 \/ Pablo Gagliardo (\u00a9 Ramiro Sosa)\n\t\t\t\t<\/figcaption><\/figure><figure class='gallery-item'>\n\t\t\t<div class='gallery-icon portrait'>\n\t\t\t\t<a href='https:\/\/www.arquimaster.com.ar\/web\/wp-content\/uploads\/2019\/01\/edificio_guemes66.jpg' title=\"Edificio G\u00fcemes 2285 \/ Pablo Gagliardo (planta baja)\" data-rl_title=\"Edificio G\u00fcemes 2285 \/ Pablo Gagliardo (planta baja)\" class=\"rl-gallery-link\" data-rl_caption=\"Edificio G\u00fcemes 2285 \/ Pablo Gagliardo (planta baja)\" data-rel=\"lightbox-gallery-3\"><img loading=\"lazy\" decoding=\"async\" width=\"150\" height=\"150\" src=\"https:\/\/www.arquimaster.com.ar\/web\/wp-content\/uploads\/2019\/01\/edificio_guemes66-150x150.jpg\" class=\"attachment-thumbnail size-thumbnail\" alt=\"\" aria-describedby=\"gallery-3-35764\" srcset=\"https:\/\/www.arquimaster.com.ar\/web\/wp-content\/uploads\/2019\/01\/edificio_guemes66-150x150.jpg 150w, https:\/\/www.arquimaster.com.ar\/web\/wp-content\/uploads\/2019\/01\/edificio_guemes66-50x50.jpg 50w, https:\/\/www.arquimaster.com.ar\/web\/wp-content\/uploads\/2019\/01\/edificio_guemes66-125x125.jpg 125w\" sizes=\"auto, (max-width: 150px) 100vw, 150px\" \/><\/a>\n\t\t\t<\/div>\n\t\t\t\t<figcaption class='wp-caption-text gallery-caption' id='gallery-3-35764'>\n\t\t\t\tEdificio G\u00fcemes 2285 \/ Pablo Gagliardo (planta baja)\n\t\t\t\t<\/figcaption><\/figure><figure class='gallery-item'>\n\t\t\t<div class='gallery-icon portrait'>\n\t\t\t\t<a href='https:\/\/www.arquimaster.com.ar\/web\/wp-content\/uploads\/2019\/01\/edificio_guemes69.jpg' title=\"Edificio G\u00fcemes 2285 \/ Pablo Gagliardo (planta tipo piso 2 a 7)\" data-rl_title=\"Edificio G\u00fcemes 2285 \/ Pablo Gagliardo (planta tipo piso 2 a 7)\" class=\"rl-gallery-link\" data-rl_caption=\"Edificio G\u00fcemes 2285 \/ Pablo Gagliardo (planta tipo piso 2 a 7)\" data-rel=\"lightbox-gallery-3\"><img loading=\"lazy\" decoding=\"async\" width=\"150\" height=\"150\" src=\"https:\/\/www.arquimaster.com.ar\/web\/wp-content\/uploads\/2019\/01\/edificio_guemes69-150x150.jpg\" class=\"attachment-thumbnail size-thumbnail\" alt=\"\" aria-describedby=\"gallery-3-35767\" srcset=\"https:\/\/www.arquimaster.com.ar\/web\/wp-content\/uploads\/2019\/01\/edificio_guemes69-150x150.jpg 150w, https:\/\/www.arquimaster.com.ar\/web\/wp-content\/uploads\/2019\/01\/edificio_guemes69-50x50.jpg 50w, https:\/\/www.arquimaster.com.ar\/web\/wp-content\/uploads\/2019\/01\/edificio_guemes69-125x125.jpg 125w\" sizes=\"auto, (max-width: 150px) 100vw, 150px\" \/><\/a>\n\t\t\t<\/div>\n\t\t\t\t<figcaption class='wp-caption-text gallery-caption' id='gallery-3-35767'>\n\t\t\t\tEdificio G\u00fcemes 2285 \/ Pablo Gagliardo (planta tipo piso 2 a 7)\n\t\t\t\t<\/figcaption><\/figure><figure class='gallery-item'>\n\t\t\t<div class='gallery-icon portrait'>\n\t\t\t\t<a href='https:\/\/www.arquimaster.com.ar\/web\/wp-content\/uploads\/2019\/01\/edificio_guemes67.jpg' title=\"Edificio G\u00fcemes 2285 \/ Pablo Gagliardo (planta baja de duplex en piso 8)\" data-rl_title=\"Edificio G\u00fcemes 2285 \/ Pablo Gagliardo (planta baja de duplex en piso 8)\" class=\"rl-gallery-link\" data-rl_caption=\"Edificio G\u00fcemes 2285 \/ Pablo Gagliardo (planta baja de duplex en piso 8)\" data-rel=\"lightbox-gallery-3\"><img loading=\"lazy\" decoding=\"async\" width=\"150\" height=\"150\" src=\"https:\/\/www.arquimaster.com.ar\/web\/wp-content\/uploads\/2019\/01\/edificio_guemes67-150x150.jpg\" class=\"attachment-thumbnail size-thumbnail\" alt=\"\" aria-describedby=\"gallery-3-35765\" srcset=\"https:\/\/www.arquimaster.com.ar\/web\/wp-content\/uploads\/2019\/01\/edificio_guemes67-150x150.jpg 150w, https:\/\/www.arquimaster.com.ar\/web\/wp-content\/uploads\/2019\/01\/edificio_guemes67-50x50.jpg 50w, https:\/\/www.arquimaster.com.ar\/web\/wp-content\/uploads\/2019\/01\/edificio_guemes67-125x125.jpg 125w\" sizes=\"auto, (max-width: 150px) 100vw, 150px\" \/><\/a>\n\t\t\t<\/div>\n\t\t\t\t<figcaption class='wp-caption-text gallery-caption' id='gallery-3-35765'>\n\t\t\t\tEdificio G\u00fcemes 2285 \/ Pablo Gagliardo (planta baja de duplex en piso 8)\n\t\t\t\t<\/figcaption><\/figure><figure class='gallery-item'>\n\t\t\t<div class='gallery-icon portrait'>\n\t\t\t\t<a href='https:\/\/www.arquimaster.com.ar\/web\/wp-content\/uploads\/2019\/01\/edificio_guemes68.jpg' title=\"Edificio G\u00fcemes 2285 \/ Pablo Gagliardo (planta alta de duplex en piso 9)\" data-rl_title=\"Edificio G\u00fcemes 2285 \/ Pablo Gagliardo (planta alta de duplex en piso 9)\" class=\"rl-gallery-link\" data-rl_caption=\"Edificio G\u00fcemes 2285 \/ Pablo Gagliardo (planta alta de duplex en piso 9)\" data-rel=\"lightbox-gallery-3\"><img loading=\"lazy\" decoding=\"async\" width=\"150\" height=\"150\" src=\"https:\/\/www.arquimaster.com.ar\/web\/wp-content\/uploads\/2019\/01\/edificio_guemes68-150x150.jpg\" class=\"attachment-thumbnail size-thumbnail\" alt=\"\" aria-describedby=\"gallery-3-35766\" srcset=\"https:\/\/www.arquimaster.com.ar\/web\/wp-content\/uploads\/2019\/01\/edificio_guemes68-150x150.jpg 150w, https:\/\/www.arquimaster.com.ar\/web\/wp-content\/uploads\/2019\/01\/edificio_guemes68-50x50.jpg 50w, https:\/\/www.arquimaster.com.ar\/web\/wp-content\/uploads\/2019\/01\/edificio_guemes68-125x125.jpg 125w\" sizes=\"auto, (max-width: 150px) 100vw, 150px\" \/><\/a>\n\t\t\t<\/div>\n\t\t\t\t<figcaption class='wp-caption-text gallery-caption' id='gallery-3-35766'>\n\t\t\t\tEdificio G\u00fcemes 2285 \/ Pablo Gagliardo (planta alta de duplex en piso 9)\n\t\t\t\t<\/figcaption><\/figure><figure class='gallery-item'>\n\t\t\t<div class='gallery-icon portrait'>\n\t\t\t\t<a href='https:\/\/www.arquimaster.com.ar\/web\/wp-content\/uploads\/2019\/01\/edificio_guemes70.jpg' title=\"Edificio G\u00fcemes 2285 \/ Pablo Gagliardo (planta quincho)\" data-rl_title=\"Edificio G\u00fcemes 2285 \/ Pablo Gagliardo (planta quincho)\" class=\"rl-gallery-link\" data-rl_caption=\"Edificio G\u00fcemes 2285 \/ Pablo Gagliardo (planta quincho)\" data-rel=\"lightbox-gallery-3\"><img loading=\"lazy\" decoding=\"async\" width=\"150\" height=\"150\" src=\"https:\/\/www.arquimaster.com.ar\/web\/wp-content\/uploads\/2019\/01\/edificio_guemes70-150x150.jpg\" class=\"attachment-thumbnail size-thumbnail\" alt=\"\" aria-describedby=\"gallery-3-35768\" srcset=\"https:\/\/www.arquimaster.com.ar\/web\/wp-content\/uploads\/2019\/01\/edificio_guemes70-150x150.jpg 150w, https:\/\/www.arquimaster.com.ar\/web\/wp-content\/uploads\/2019\/01\/edificio_guemes70-50x50.jpg 50w, https:\/\/www.arquimaster.com.ar\/web\/wp-content\/uploads\/2019\/01\/edificio_guemes70-125x125.jpg 125w\" sizes=\"auto, (max-width: 150px) 100vw, 150px\" \/><\/a>\n\t\t\t<\/div>\n\t\t\t\t<figcaption class='wp-caption-text gallery-caption' id='gallery-3-35768'>\n\t\t\t\tEdificio G\u00fcemes 2285 \/ Pablo Gagliardo (planta quincho)\n\t\t\t\t<\/figcaption><\/figure><figure class='gallery-item'>\n\t\t\t<div class='gallery-icon portrait'>\n\t\t\t\t<a href='https:\/\/www.arquimaster.com.ar\/web\/wp-content\/uploads\/2019\/01\/edificio_guemes71.jpg' title=\"Edificio G\u00fcemes 2285 \/ Pablo Gagliardo (planta terraza)\" data-rl_title=\"Edificio G\u00fcemes 2285 \/ Pablo Gagliardo (planta terraza)\" class=\"rl-gallery-link\" data-rl_caption=\"Edificio G\u00fcemes 2285 \/ Pablo Gagliardo (planta terraza)\" data-rel=\"lightbox-gallery-3\"><img loading=\"lazy\" decoding=\"async\" width=\"150\" height=\"150\" src=\"https:\/\/www.arquimaster.com.ar\/web\/wp-content\/uploads\/2019\/01\/edificio_guemes71-150x150.jpg\" class=\"attachment-thumbnail size-thumbnail\" alt=\"\" aria-describedby=\"gallery-3-35769\" srcset=\"https:\/\/www.arquimaster.com.ar\/web\/wp-content\/uploads\/2019\/01\/edificio_guemes71-150x150.jpg 150w, https:\/\/www.arquimaster.com.ar\/web\/wp-content\/uploads\/2019\/01\/edificio_guemes71-50x50.jpg 50w, https:\/\/www.arquimaster.com.ar\/web\/wp-content\/uploads\/2019\/01\/edificio_guemes71-125x125.jpg 125w\" sizes=\"auto, (max-width: 150px) 100vw, 150px\" \/><\/a>\n\t\t\t<\/div>\n\t\t\t\t<figcaption class='wp-caption-text gallery-caption' id='gallery-3-35769'>\n\t\t\t\tEdificio G\u00fcemes 2285 \/ Pablo Gagliardo (planta terraza)\n\t\t\t\t<\/figcaption><\/figure><figure class='gallery-item'>\n\t\t\t<div class='gallery-icon portrait'>\n\t\t\t\t<a href='https:\/\/www.arquimaster.com.ar\/web\/wp-content\/uploads\/2019\/01\/edificio_guemes72.jpg' title=\"Edificio G\u00fcemes 2285 \/ Pablo Gagliardo (corte)\" data-rl_title=\"Edificio G\u00fcemes 2285 \/ Pablo Gagliardo (corte)\" class=\"rl-gallery-link\" data-rl_caption=\"Edificio G\u00fcemes 2285 \/ Pablo Gagliardo (corte)\" data-rel=\"lightbox-gallery-3\"><img loading=\"lazy\" decoding=\"async\" width=\"150\" height=\"150\" src=\"https:\/\/www.arquimaster.com.ar\/web\/wp-content\/uploads\/2019\/01\/edificio_guemes72-150x150.jpg\" class=\"attachment-thumbnail size-thumbnail\" alt=\"\" aria-describedby=\"gallery-3-35770\" srcset=\"https:\/\/www.arquimaster.com.ar\/web\/wp-content\/uploads\/2019\/01\/edificio_guemes72-150x150.jpg 150w, https:\/\/www.arquimaster.com.ar\/web\/wp-content\/uploads\/2019\/01\/edificio_guemes72-50x50.jpg 50w, https:\/\/www.arquimaster.com.ar\/web\/wp-content\/uploads\/2019\/01\/edificio_guemes72-125x125.jpg 125w\" sizes=\"auto, (max-width: 150px) 100vw, 150px\" \/><\/a>\n\t\t\t<\/div>\n\t\t\t\t<figcaption class='wp-caption-text gallery-caption' id='gallery-3-35770'>\n\t\t\t\tEdificio G\u00fcemes 2285 \/ Pablo Gagliardo (corte)\n\t\t\t\t<\/figcaption><\/figure><figure class='gallery-item'>\n\t\t\t<div class='gallery-icon portrait'>\n\t\t\t\t<a href='https:\/\/www.arquimaster.com.ar\/web\/wp-content\/uploads\/2019\/01\/edificio_guemes73.jpg' title=\"Edificio G\u00fcemes 2285 \/ Pablo Gagliardo (vista)\" data-rl_title=\"Edificio G\u00fcemes 2285 \/ Pablo Gagliardo (vista)\" class=\"rl-gallery-link\" data-rl_caption=\"Edificio G\u00fcemes 2285 \/ Pablo Gagliardo (vista)\" data-rel=\"lightbox-gallery-3\"><img loading=\"lazy\" decoding=\"async\" width=\"150\" height=\"150\" src=\"https:\/\/www.arquimaster.com.ar\/web\/wp-content\/uploads\/2019\/01\/edificio_guemes73-150x150.jpg\" class=\"attachment-thumbnail size-thumbnail\" alt=\"\" aria-describedby=\"gallery-3-35771\" srcset=\"https:\/\/www.arquimaster.com.ar\/web\/wp-content\/uploads\/2019\/01\/edificio_guemes73-150x150.jpg 150w, https:\/\/www.arquimaster.com.ar\/web\/wp-content\/uploads\/2019\/01\/edificio_guemes73-50x50.jpg 50w, https:\/\/www.arquimaster.com.ar\/web\/wp-content\/uploads\/2019\/01\/edificio_guemes73-125x125.jpg 125w\" sizes=\"auto, (max-width: 150px) 100vw, 150px\" \/><\/a>\n\t\t\t<\/div>\n\t\t\t\t<figcaption class='wp-caption-text gallery-caption' id='gallery-3-35771'>\n\t\t\t\tEdificio G\u00fcemes 2285 \/ Pablo Gagliardo (vista)\n\t\t\t\t<\/figcaption><\/figure>\n\t\t<\/div>\n\n<p><strong>Ficha t\u00e9cnica<\/strong><br \/>\nNombre: Edificio G\u00fcemes 228<br \/>\nUbicaci\u00f3n: G\u00fcemes 2285, Rosario, Pcia. de Santa Fe, Argentina<br \/>\nAutor: Arq. Pablo Gagliardo<br \/>\nA\u00f1o de ejecuci\u00f3n: 2003\/2006<br \/>\nSuperficie: 1200 m2<br \/>\nFotografo: Ramiro Sosa<\/p>\n\n<div style=\"font-size: 0px; height: 0px; line-height: 0px; margin: 0; padding: 0; clear: both;\"><\/div><div style=\"margin-top: 0px; margin-bottom: 0px;\" class=\"sharethis-inline-share-buttons\" ><\/div>","protected":false},"excerpt":{"rendered":"<p>El proyecto se define en la estructura expuesta, en sus oquedades, relieves y texturas&#8230;<\/p>\n","protected":false},"author":1,"featured_media":35698,"comment_status":"closed","ping_status":"closed","sticky":false,"template":"","format":"standard","meta":{"_uag_custom_page_level_css":"","footnotes":""},"categories":[80,1],"tags":[87,1175,4202,468],"class_list":["post-35697","post","type-post","status-publish","format-standard","has-post-thumbnail","hentry","category-edificio-viviendas","category-proyecto","tag-edificio-de-viviendas","tag-hormigon-visto","tag-pablo-gagliardo","tag-rosario","generate-columns","tablet-grid-50","mobile-grid-100","grid-parent","grid-50"],"yoast_head":"<!-- This site is optimized with the Yoast SEO plugin v27.3 - https:\/\/yoast.com\/product\/yoast-seo-wordpress\/ -->\n<title>Edificio G\u00fcemes 2285 \/ Pablo Gagliardo - Arquimaster<\/title>\n<meta name=\"description\" content=\"El proyecto de viviendas se define en la estructura expuesta, en sus oquedades, relieves y texturas.\" \/>\n<meta name=\"robots\" content=\"index, follow, max-snippet:-1, max-image-preview:large, max-video-preview:-1\" \/>\n<link rel=\"canonical\" href=\"https:\/\/www.arquimaster.com.ar\/web\/edificio-guemes-2285-pablo-gagliardo\/\" \/>\n<meta property=\"og:locale\" content=\"es_ES\" \/>\n<meta property=\"og:type\" content=\"article\" \/>\n<meta property=\"og:title\" content=\"Edificio G\u00fcemes 2285 \/ Pablo Gagliardo\" \/>\n<meta property=\"og:description\" content=\"El proyecto de viviendas se define en la estructura expuesta, en sus oquedades, relieves y texturas.\" \/>\n<meta property=\"og:url\" content=\"https:\/\/www.arquimaster.com.ar\/web\/edificio-guemes-2285-pablo-gagliardo\/\" \/>\n<meta property=\"og:site_name\" content=\"Arquimaster\" \/>\n<meta property=\"article:publisher\" content=\"http:\/\/www.facebook.com\/ARQUIMASTER.com.ar\" \/>\n<meta property=\"article:published_time\" content=\"2019-01-31T15:15:08+00:00\" \/>\n<meta property=\"article:modified_time\" content=\"2020-04-04T20:36:19+00:00\" \/>\n<meta property=\"og:image\" content=\"https:\/\/www.arquimaster.com.ar\/web\/wp-content\/uploads\/2019\/01\/edificio_guemes_slide-wpp1586032514506.jpg\" \/>\n\t<meta property=\"og:image:width\" content=\"698\" \/>\n\t<meta property=\"og:image:height\" content=\"364\" \/>\n\t<meta property=\"og:image:type\" content=\"image\/jpeg\" \/>\n<meta name=\"author\" content=\"Arquimaster\" \/>\n<meta name=\"twitter:card\" content=\"summary_large_image\" \/>\n<meta name=\"twitter:title\" content=\"Edificio G\u00fcemes 2285 \/ Pablo Gagliardo\" \/>\n<meta name=\"twitter:description\" content=\"El proyecto de viviendas se define en la estructura expuesta, en sus oquedades, relieves y texturas.\" \/>\n<meta name=\"twitter:image\" content=\"https:\/\/www.arquimaster.com.ar\/web\/wp-content\/uploads\/2019\/01\/edificio_guemes_slide-wpp1586032514506.jpg\" \/>\n<meta name=\"twitter:creator\" content=\"@arquimaster\" \/>\n<meta name=\"twitter:site\" content=\"@arquimaster\" \/>\n<meta name=\"twitter:label1\" content=\"Escrito por\" \/>\n\t<meta name=\"twitter:data1\" content=\"Arquimaster\" \/>\n\t<meta name=\"twitter:label2\" content=\"Tiempo de lectura\" \/>\n\t<meta name=\"twitter:data2\" content=\"1 minuto\" \/>\n<script type=\"application\/ld+json\" class=\"yoast-schema-graph\">{\"@context\":\"https:\\\/\\\/schema.org\",\"@graph\":[{\"@type\":\"Article\",\"@id\":\"https:\\\/\\\/www.arquimaster.com.ar\\\/web\\\/edificio-guemes-2285-pablo-gagliardo\\\/#article\",\"isPartOf\":{\"@id\":\"https:\\\/\\\/www.arquimaster.com.ar\\\/web\\\/edificio-guemes-2285-pablo-gagliardo\\\/\"},\"author\":{\"name\":\"Arquimaster\",\"@id\":\"https:\\\/\\\/www.arquimaster.com.ar\\\/web\\\/#\\\/schema\\\/person\\\/359e9f7c00193fcde068e0dd2ceb0028\"},\"headline\":\"Edificio G\u00fcemes 2285 \\\/ Pablo Gagliardo\",\"datePublished\":\"2019-01-31T15:15:08+00:00\",\"dateModified\":\"2020-04-04T20:36:19+00:00\",\"mainEntityOfPage\":{\"@id\":\"https:\\\/\\\/www.arquimaster.com.ar\\\/web\\\/edificio-guemes-2285-pablo-gagliardo\\\/\"},\"wordCount\":239,\"publisher\":{\"@id\":\"https:\\\/\\\/www.arquimaster.com.ar\\\/web\\\/#organization\"},\"image\":{\"@id\":\"https:\\\/\\\/www.arquimaster.com.ar\\\/web\\\/edificio-guemes-2285-pablo-gagliardo\\\/#primaryimage\"},\"thumbnailUrl\":\"https:\\\/\\\/www.arquimaster.com.ar\\\/web\\\/wp-content\\\/uploads\\\/2019\\\/01\\\/edificio_guemes_slide-wpp1586032514506.jpg\",\"keywords\":[\"edificio de viviendas\",\"hormig\u00f3n visto\",\"Pablo Gagliardo\",\"Rosario\"],\"articleSection\":[\"Edificios de viviendas\",\"Proyecto\"],\"inLanguage\":\"es\"},{\"@type\":\"WebPage\",\"@id\":\"https:\\\/\\\/www.arquimaster.com.ar\\\/web\\\/edificio-guemes-2285-pablo-gagliardo\\\/\",\"url\":\"https:\\\/\\\/www.arquimaster.com.ar\\\/web\\\/edificio-guemes-2285-pablo-gagliardo\\\/\",\"name\":\"Edificio G\u00fcemes 2285 \\\/ Pablo Gagliardo - Arquimaster\",\"isPartOf\":{\"@id\":\"https:\\\/\\\/www.arquimaster.com.ar\\\/web\\\/#website\"},\"primaryImageOfPage\":{\"@id\":\"https:\\\/\\\/www.arquimaster.com.ar\\\/web\\\/edificio-guemes-2285-pablo-gagliardo\\\/#primaryimage\"},\"image\":{\"@id\":\"https:\\\/\\\/www.arquimaster.com.ar\\\/web\\\/edificio-guemes-2285-pablo-gagliardo\\\/#primaryimage\"},\"thumbnailUrl\":\"https:\\\/\\\/www.arquimaster.com.ar\\\/web\\\/wp-content\\\/uploads\\\/2019\\\/01\\\/edificio_guemes_slide-wpp1586032514506.jpg\",\"datePublished\":\"2019-01-31T15:15:08+00:00\",\"dateModified\":\"2020-04-04T20:36:19+00:00\",\"description\":\"El proyecto de viviendas se define en la estructura expuesta, en sus oquedades, relieves y texturas.\",\"breadcrumb\":{\"@id\":\"https:\\\/\\\/www.arquimaster.com.ar\\\/web\\\/edificio-guemes-2285-pablo-gagliardo\\\/#breadcrumb\"},\"inLanguage\":\"es\",\"potentialAction\":[{\"@type\":\"ReadAction\",\"target\":[\"https:\\\/\\\/www.arquimaster.com.ar\\\/web\\\/edificio-guemes-2285-pablo-gagliardo\\\/\"]}]},{\"@type\":\"ImageObject\",\"inLanguage\":\"es\",\"@id\":\"https:\\\/\\\/www.arquimaster.com.ar\\\/web\\\/edificio-guemes-2285-pablo-gagliardo\\\/#primaryimage\",\"url\":\"https:\\\/\\\/www.arquimaster.com.ar\\\/web\\\/wp-content\\\/uploads\\\/2019\\\/01\\\/edificio_guemes_slide-wpp1586032514506.jpg\",\"contentUrl\":\"https:\\\/\\\/www.arquimaster.com.ar\\\/web\\\/wp-content\\\/uploads\\\/2019\\\/01\\\/edificio_guemes_slide-wpp1586032514506.jpg\",\"width\":698,\"height\":364},{\"@type\":\"BreadcrumbList\",\"@id\":\"https:\\\/\\\/www.arquimaster.com.ar\\\/web\\\/edificio-guemes-2285-pablo-gagliardo\\\/#breadcrumb\",\"itemListElement\":[{\"@type\":\"ListItem\",\"position\":1,\"name\":\"Portada\",\"item\":\"https:\\\/\\\/www.arquimaster.com.ar\\\/web\\\/\"},{\"@type\":\"ListItem\",\"position\":2,\"name\":\"Edificio G\u00fcemes 2285 \\\/ Pablo Gagliardo\"}]},{\"@type\":\"WebSite\",\"@id\":\"https:\\\/\\\/www.arquimaster.com.ar\\\/web\\\/#website\",\"url\":\"https:\\\/\\\/www.arquimaster.com.ar\\\/web\\\/\",\"name\":\"Arquimaster\",\"description\":\"Web de arquitectura, dise\u00f1o y construccion\",\"publisher\":{\"@id\":\"https:\\\/\\\/www.arquimaster.com.ar\\\/web\\\/#organization\"},\"potentialAction\":[{\"@type\":\"SearchAction\",\"target\":{\"@type\":\"EntryPoint\",\"urlTemplate\":\"https:\\\/\\\/www.arquimaster.com.ar\\\/web\\\/?s={search_term_string}\"},\"query-input\":{\"@type\":\"PropertyValueSpecification\",\"valueRequired\":true,\"valueName\":\"search_term_string\"}}],\"inLanguage\":\"es\"},{\"@type\":\"Organization\",\"@id\":\"https:\\\/\\\/www.arquimaster.com.ar\\\/web\\\/#organization\",\"name\":\"Arquimaster\",\"url\":\"https:\\\/\\\/www.arquimaster.com.ar\\\/web\\\/\",\"logo\":{\"@type\":\"ImageObject\",\"inLanguage\":\"es\",\"@id\":\"https:\\\/\\\/www.arquimaster.com.ar\\\/web\\\/#\\\/schema\\\/logo\\\/image\\\/\",\"url\":\"https:\\\/\\\/www.arquimaster.com.ar\\\/web\\\/wp-content\\\/uploads\\\/2022\\\/06\\\/arquimaster.png\",\"contentUrl\":\"https:\\\/\\\/www.arquimaster.com.ar\\\/web\\\/wp-content\\\/uploads\\\/2022\\\/06\\\/arquimaster.png\",\"width\":594,\"height\":78,\"caption\":\"Arquimaster\"},\"image\":{\"@id\":\"https:\\\/\\\/www.arquimaster.com.ar\\\/web\\\/#\\\/schema\\\/logo\\\/image\\\/\"},\"sameAs\":[\"http:\\\/\\\/www.facebook.com\\\/ARQUIMASTER.com.ar\",\"https:\\\/\\\/x.com\\\/arquimaster\",\"https:\\\/\\\/www.instagram.com\\\/arquimasterblog\\\/\",\"https:\\\/\\\/www.linkedin.com\\\/company\\\/arquimaster\",\"https:\\\/\\\/www.pinterest.com\\\/arquimaster\",\"https:\\\/\\\/t.me\\\/arquimaster\"]},{\"@type\":\"Person\",\"@id\":\"https:\\\/\\\/www.arquimaster.com.ar\\\/web\\\/#\\\/schema\\\/person\\\/359e9f7c00193fcde068e0dd2ceb0028\",\"name\":\"Arquimaster\"}]}<\/script>\n<!-- \/ Yoast SEO plugin. -->","yoast_head_json":{"title":"Edificio G\u00fcemes 2285 \/ Pablo Gagliardo - Arquimaster","description":"El proyecto de viviendas se define en la estructura expuesta, en sus oquedades, relieves y texturas.","robots":{"index":"index","follow":"follow","max-snippet":"max-snippet:-1","max-image-preview":"max-image-preview:large","max-video-preview":"max-video-preview:-1"},"canonical":"https:\/\/www.arquimaster.com.ar\/web\/edificio-guemes-2285-pablo-gagliardo\/","og_locale":"es_ES","og_type":"article","og_title":"Edificio G\u00fcemes 2285 \/ Pablo Gagliardo","og_description":"El proyecto de viviendas se define en la estructura expuesta, en sus oquedades, relieves y texturas.","og_url":"https:\/\/www.arquimaster.com.ar\/web\/edificio-guemes-2285-pablo-gagliardo\/","og_site_name":"Arquimaster","article_publisher":"http:\/\/www.facebook.com\/ARQUIMASTER.com.ar","article_published_time":"2019-01-31T15:15:08+00:00","article_modified_time":"2020-04-04T20:36:19+00:00","og_image":[{"width":698,"height":364,"url":"https:\/\/www.arquimaster.com.ar\/web\/wp-content\/uploads\/2019\/01\/edificio_guemes_slide-wpp1586032514506.jpg","type":"image\/jpeg"}],"author":"Arquimaster","twitter_card":"summary_large_image","twitter_title":"Edificio G\u00fcemes 2285 \/ Pablo Gagliardo","twitter_description":"El proyecto de viviendas se define en la estructura expuesta, en sus oquedades, relieves y texturas.","twitter_image":"https:\/\/www.arquimaster.com.ar\/web\/wp-content\/uploads\/2019\/01\/edificio_guemes_slide-wpp1586032514506.jpg","twitter_creator":"@arquimaster","twitter_site":"@arquimaster","twitter_misc":{"Escrito por":"Arquimaster","Tiempo de lectura":"1 minuto"},"schema":{"@context":"https:\/\/schema.org","@graph":[{"@type":"Article","@id":"https:\/\/www.arquimaster.com.ar\/web\/edificio-guemes-2285-pablo-gagliardo\/#article","isPartOf":{"@id":"https:\/\/www.arquimaster.com.ar\/web\/edificio-guemes-2285-pablo-gagliardo\/"},"author":{"name":"Arquimaster","@id":"https:\/\/www.arquimaster.com.ar\/web\/#\/schema\/person\/359e9f7c00193fcde068e0dd2ceb0028"},"headline":"Edificio G\u00fcemes 2285 \/ Pablo Gagliardo","datePublished":"2019-01-31T15:15:08+00:00","dateModified":"2020-04-04T20:36:19+00:00","mainEntityOfPage":{"@id":"https:\/\/www.arquimaster.com.ar\/web\/edificio-guemes-2285-pablo-gagliardo\/"},"wordCount":239,"publisher":{"@id":"https:\/\/www.arquimaster.com.ar\/web\/#organization"},"image":{"@id":"https:\/\/www.arquimaster.com.ar\/web\/edificio-guemes-2285-pablo-gagliardo\/#primaryimage"},"thumbnailUrl":"https:\/\/www.arquimaster.com.ar\/web\/wp-content\/uploads\/2019\/01\/edificio_guemes_slide-wpp1586032514506.jpg","keywords":["edificio de viviendas","hormig\u00f3n visto","Pablo Gagliardo","Rosario"],"articleSection":["Edificios de viviendas","Proyecto"],"inLanguage":"es"},{"@type":"WebPage","@id":"https:\/\/www.arquimaster.com.ar\/web\/edificio-guemes-2285-pablo-gagliardo\/","url":"https:\/\/www.arquimaster.com.ar\/web\/edificio-guemes-2285-pablo-gagliardo\/","name":"Edificio G\u00fcemes 2285 \/ Pablo Gagliardo - Arquimaster","isPartOf":{"@id":"https:\/\/www.arquimaster.com.ar\/web\/#website"},"primaryImageOfPage":{"@id":"https:\/\/www.arquimaster.com.ar\/web\/edificio-guemes-2285-pablo-gagliardo\/#primaryimage"},"image":{"@id":"https:\/\/www.arquimaster.com.ar\/web\/edificio-guemes-2285-pablo-gagliardo\/#primaryimage"},"thumbnailUrl":"https:\/\/www.arquimaster.com.ar\/web\/wp-content\/uploads\/2019\/01\/edificio_guemes_slide-wpp1586032514506.jpg","datePublished":"2019-01-31T15:15:08+00:00","dateModified":"2020-04-04T20:36:19+00:00","description":"El proyecto de viviendas se define en la estructura expuesta, en sus oquedades, relieves y texturas.","breadcrumb":{"@id":"https:\/\/www.arquimaster.com.ar\/web\/edificio-guemes-2285-pablo-gagliardo\/#breadcrumb"},"inLanguage":"es","potentialAction":[{"@type":"ReadAction","target":["https:\/\/www.arquimaster.com.ar\/web\/edificio-guemes-2285-pablo-gagliardo\/"]}]},{"@type":"ImageObject","inLanguage":"es","@id":"https:\/\/www.arquimaster.com.ar\/web\/edificio-guemes-2285-pablo-gagliardo\/#primaryimage","url":"https:\/\/www.arquimaster.com.ar\/web\/wp-content\/uploads\/2019\/01\/edificio_guemes_slide-wpp1586032514506.jpg","contentUrl":"https:\/\/www.arquimaster.com.ar\/web\/wp-content\/uploads\/2019\/01\/edificio_guemes_slide-wpp1586032514506.jpg","width":698,"height":364},{"@type":"BreadcrumbList","@id":"https:\/\/www.arquimaster.com.ar\/web\/edificio-guemes-2285-pablo-gagliardo\/#breadcrumb","itemListElement":[{"@type":"ListItem","position":1,"name":"Portada","item":"https:\/\/www.arquimaster.com.ar\/web\/"},{"@type":"ListItem","position":2,"name":"Edificio G\u00fcemes 2285 \/ Pablo Gagliardo"}]},{"@type":"WebSite","@id":"https:\/\/www.arquimaster.com.ar\/web\/#website","url":"https:\/\/www.arquimaster.com.ar\/web\/","name":"Arquimaster","description":"Web de arquitectura, dise\u00f1o y construccion","publisher":{"@id":"https:\/\/www.arquimaster.com.ar\/web\/#organization"},"potentialAction":[{"@type":"SearchAction","target":{"@type":"EntryPoint","urlTemplate":"https:\/\/www.arquimaster.com.ar\/web\/?s={search_term_string}"},"query-input":{"@type":"PropertyValueSpecification","valueRequired":true,"valueName":"search_term_string"}}],"inLanguage":"es"},{"@type":"Organization","@id":"https:\/\/www.arquimaster.com.ar\/web\/#organization","name":"Arquimaster","url":"https:\/\/www.arquimaster.com.ar\/web\/","logo":{"@type":"ImageObject","inLanguage":"es","@id":"https:\/\/www.arquimaster.com.ar\/web\/#\/schema\/logo\/image\/","url":"https:\/\/www.arquimaster.com.ar\/web\/wp-content\/uploads\/2022\/06\/arquimaster.png","contentUrl":"https:\/\/www.arquimaster.com.ar\/web\/wp-content\/uploads\/2022\/06\/arquimaster.png","width":594,"height":78,"caption":"Arquimaster"},"image":{"@id":"https:\/\/www.arquimaster.com.ar\/web\/#\/schema\/logo\/image\/"},"sameAs":["http:\/\/www.facebook.com\/ARQUIMASTER.com.ar","https:\/\/x.com\/arquimaster","https:\/\/www.instagram.com\/arquimasterblog\/","https:\/\/www.linkedin.com\/company\/arquimaster","https:\/\/www.pinterest.com\/arquimaster","https:\/\/t.me\/arquimaster"]},{"@type":"Person","@id":"https:\/\/www.arquimaster.com.ar\/web\/#\/schema\/person\/359e9f7c00193fcde068e0dd2ceb0028","name":"Arquimaster"}]}},"uagb_featured_image_src":{"full":["https:\/\/www.arquimaster.com.ar\/web\/wp-content\/uploads\/2019\/01\/edificio_guemes_slide-wpp1586032514506.jpg",698,364,false],"thumbnail":["https:\/\/www.arquimaster.com.ar\/web\/wp-content\/uploads\/2019\/01\/edificio_guemes_slide-wpp1586032514506-150x150.jpg",150,150,true],"medium":["https:\/\/www.arquimaster.com.ar\/web\/wp-content\/uploads\/2019\/01\/edificio_guemes_slide-wpp1586032514506.jpg",698,364,false],"medium_large":["https:\/\/www.arquimaster.com.ar\/web\/wp-content\/uploads\/2019\/01\/edificio_guemes_slide-wpp1586032514506.jpg",698,364,false],"large":["https:\/\/www.arquimaster.com.ar\/web\/wp-content\/uploads\/2019\/01\/edificio_guemes_slide-wpp1586032514506.jpg",698,364,false],"1536x1536":["https:\/\/www.arquimaster.com.ar\/web\/wp-content\/uploads\/2019\/01\/edificio_guemes_slide-wpp1586032514506.jpg",698,364,false],"2048x2048":["https:\/\/www.arquimaster.com.ar\/web\/wp-content\/uploads\/2019\/01\/edificio_guemes_slide-wpp1586032514506.jpg",698,364,false]},"uagb_author_info":{"display_name":"Arquimaster","author_link":"https:\/\/www.arquimaster.com.ar\/web\/author\/arquimaster\/"},"uagb_comment_info":0,"uagb_excerpt":"El proyecto se define en la estructura expuesta, en sus oquedades, relieves y texturas...","_links":{"self":[{"href":"https:\/\/www.arquimaster.com.ar\/web\/wp-json\/wp\/v2\/posts\/35697","targetHints":{"allow":["GET"]}}],"collection":[{"href":"https:\/\/www.arquimaster.com.ar\/web\/wp-json\/wp\/v2\/posts"}],"about":[{"href":"https:\/\/www.arquimaster.com.ar\/web\/wp-json\/wp\/v2\/types\/post"}],"author":[{"embeddable":true,"href":"https:\/\/www.arquimaster.com.ar\/web\/wp-json\/wp\/v2\/users\/1"}],"replies":[{"embeddable":true,"href":"https:\/\/www.arquimaster.com.ar\/web\/wp-json\/wp\/v2\/comments?post=35697"}],"version-history":[{"count":1,"href":"https:\/\/www.arquimaster.com.ar\/web\/wp-json\/wp\/v2\/posts\/35697\/revisions"}],"predecessor-version":[{"id":54262,"href":"https:\/\/www.arquimaster.com.ar\/web\/wp-json\/wp\/v2\/posts\/35697\/revisions\/54262"}],"wp:featuredmedia":[{"embeddable":true,"href":"https:\/\/www.arquimaster.com.ar\/web\/wp-json\/wp\/v2\/media\/35698"}],"wp:attachment":[{"href":"https:\/\/www.arquimaster.com.ar\/web\/wp-json\/wp\/v2\/media?parent=35697"}],"wp:term":[{"taxonomy":"category","embeddable":true,"href":"https:\/\/www.arquimaster.com.ar\/web\/wp-json\/wp\/v2\/categories?post=35697"},{"taxonomy":"post_tag","embeddable":true,"href":"https:\/\/www.arquimaster.com.ar\/web\/wp-json\/wp\/v2\/tags?post=35697"}],"curies":[{"name":"wp","href":"https:\/\/api.w.org\/{rel}","templated":true}]}}