{"id":35774,"date":"2019-01-31T23:00:54","date_gmt":"2019-02-01T02:00:54","guid":{"rendered":"http:\/\/www.arquimaster.com.ar\/web\/?p=35774"},"modified":"2026-03-29T20:59:47","modified_gmt":"2026-03-29T23:59:47","slug":"refuncionalizacion-mamba-museo-de-arte-moderno-de-buenos-aires-msgsss-matias-ragonese","status":"publish","type":"post","link":"https:\/\/www.arquimaster.com.ar\/web\/refuncionalizacion-mamba-museo-de-arte-moderno-de-buenos-aires-msgsss-matias-ragonese\/","title":{"rendered":"Refuncionalizaci\u00f3n MAMBA (Museo de Arte Moderno de Buenos Aires) \/ MSGSSS + Matias Ragonese"},"content":{"rendered":"<div style=\"margin-top: 0px; margin-bottom: 0px;\" class=\"sharethis-inline-share-buttons\" ><\/div><div class=\"b812932af2e751442846f039925109de\" data-index=\"1\" style=\"float: none; margin:25px 0 25px 0; text-align:center;\">\n<script async src=\"https:\/\/pagead2.googlesyndication.com\/pagead\/js\/adsbygoogle.js\"><\/script>\r\n<!-- Arquimaster (superior) -->\r\n<ins class=\"adsbygoogle\"\r\n     style=\"display:block\"\r\n     data-ad-client=\"ca-pub-6351072698456832\"\r\n     data-ad-slot=\"6455489680\"\r\n     data-ad-format=\"auto\"\r\n     data-full-width-responsive=\"true\"><\/ins>\r\n<script>\r\n     (adsbygoogle = window.adsbygoogle || []).push({});\r\n<\/script>\n<\/div>\n<p><strong>Refuncionalizaci\u00f3n MAMBA (Museo de Arte Moderno de Buenos Aires)<\/strong> (Ciudad de Buenos Aires, Argentina) por <strong>MSGSSS (Manteola, S\u00e1nchez G\u00f3mez, Santos, Solsona, Sallaberry, Vins\u00f3n arquitectos) + Matias Ragonese<\/strong>. El proyecto tiene como objetivo la refuncionalizaci\u00f3n del Museo de Arte Moderno de la Ciudad de Buenos Aires, unificando dos edificios ya existentes, con el objetivo de mejorar la experiencia de los visitantes y aumentar el espacio para la exhibici\u00f3n de las obras.<\/p>\n<p>El proyecto arquitect\u00f3nico consiste en integrar la estructura completa del Moderno: el Museo ubicado sobre Av. San Juan -donde antiguamente funcion\u00f3 la tabacalera Nobleza Piccardo- y el edificio ubicado en la esquina de Av. San Juan y Defensa -que perteneci\u00f3 al Museo del Cine-, cuya fachada ya fue terminada en 2010, durante la primera etapa de la reforma edilicia por el Arq. Emilio Ambasz.<\/p>\n<div id='gallery-1' class='gallery galleryid-35774 gallery-columns-3 gallery-size-thumbnail'><figure class='gallery-item'>\n\t\t\t<div class='gallery-icon landscape'>\n\t\t\t\t<a href='https:\/\/www.arquimaster.com.ar\/web\/wp-content\/uploads\/2019\/01\/refuncionalizacion_mamba1.jpg' title=\"Refuncionalizaci\u00f3n MAMBA \/ MSGSSS + Matias Ragonese (\u00a9 Andr\u00e9s Negroni)\" data-rl_title=\"Refuncionalizaci\u00f3n MAMBA \/ MSGSSS + Matias Ragonese (\u00a9 Andr\u00e9s Negroni)\" class=\"rl-gallery-link\" data-rl_caption=\"Refuncionalizaci\u00f3n MAMBA \/ MSGSSS + Matias Ragonese (\u00a9 Andr\u00e9s Negroni)\" data-rel=\"lightbox-gallery-1\"><img loading=\"lazy\" decoding=\"async\" width=\"150\" height=\"150\" src=\"https:\/\/www.arquimaster.com.ar\/web\/wp-content\/uploads\/2019\/01\/refuncionalizacion_mamba1-150x150.jpg\" class=\"attachment-thumbnail size-thumbnail\" alt=\"\" aria-describedby=\"gallery-1-35776\" srcset=\"https:\/\/www.arquimaster.com.ar\/web\/wp-content\/uploads\/2019\/01\/refuncionalizacion_mamba1-150x150.jpg 150w, https:\/\/www.arquimaster.com.ar\/web\/wp-content\/uploads\/2019\/01\/refuncionalizacion_mamba1-50x50.jpg 50w, https:\/\/www.arquimaster.com.ar\/web\/wp-content\/uploads\/2019\/01\/refuncionalizacion_mamba1-125x125.jpg 125w\" sizes=\"auto, (max-width: 150px) 100vw, 150px\" \/><\/a>\n\t\t\t<\/div>\n\t\t\t\t<figcaption class='wp-caption-text gallery-caption' id='gallery-1-35776'>\n\t\t\t\tRefuncionalizaci\u00f3n MAMBA \/ MSGSSS + Matias Ragonese (\u00a9 Andr\u00e9s Negroni)\n\t\t\t\t<\/figcaption><\/figure><figure class='gallery-item'>\n\t\t\t<div class='gallery-icon landscape'>\n\t\t\t\t<a href='https:\/\/www.arquimaster.com.ar\/web\/wp-content\/uploads\/2019\/01\/refuncionalizacion_mamba11.jpg' title=\"Refuncionalizaci\u00f3n MAMBA \/ MSGSSS + Matias Ragonese (\u00a9 Andr\u00e9s Negroni)\" data-rl_title=\"Refuncionalizaci\u00f3n MAMBA \/ MSGSSS + Matias Ragonese (\u00a9 Andr\u00e9s Negroni)\" class=\"rl-gallery-link\" data-rl_caption=\"Refuncionalizaci\u00f3n MAMBA \/ MSGSSS + Matias Ragonese (\u00a9 Andr\u00e9s Negroni)\" data-rel=\"lightbox-gallery-1\"><img loading=\"lazy\" decoding=\"async\" width=\"150\" height=\"150\" src=\"https:\/\/www.arquimaster.com.ar\/web\/wp-content\/uploads\/2019\/01\/refuncionalizacion_mamba11-150x150.jpg\" class=\"attachment-thumbnail size-thumbnail\" alt=\"\" aria-describedby=\"gallery-1-35786\" srcset=\"https:\/\/www.arquimaster.com.ar\/web\/wp-content\/uploads\/2019\/01\/refuncionalizacion_mamba11-150x150.jpg 150w, https:\/\/www.arquimaster.com.ar\/web\/wp-content\/uploads\/2019\/01\/refuncionalizacion_mamba11-50x50.jpg 50w, https:\/\/www.arquimaster.com.ar\/web\/wp-content\/uploads\/2019\/01\/refuncionalizacion_mamba11-125x125.jpg 125w\" sizes=\"auto, (max-width: 150px) 100vw, 150px\" \/><\/a>\n\t\t\t<\/div>\n\t\t\t\t<figcaption class='wp-caption-text gallery-caption' id='gallery-1-35786'>\n\t\t\t\tRefuncionalizaci\u00f3n MAMBA \/ MSGSSS + Matias Ragonese (\u00a9 Andr\u00e9s Negroni)\n\t\t\t\t<\/figcaption><\/figure><figure class='gallery-item'>\n\t\t\t<div class='gallery-icon portrait'>\n\t\t\t\t<a href='https:\/\/www.arquimaster.com.ar\/web\/wp-content\/uploads\/2019\/01\/refuncionalizacion_mamba2.jpg' title=\"Refuncionalizaci\u00f3n MAMBA \/ MSGSSS + Matias Ragonese (\u00a9 Andr\u00e9s Negroni)\" data-rl_title=\"Refuncionalizaci\u00f3n MAMBA \/ MSGSSS + Matias Ragonese (\u00a9 Andr\u00e9s Negroni)\" class=\"rl-gallery-link\" data-rl_caption=\"Refuncionalizaci\u00f3n MAMBA \/ MSGSSS + Matias Ragonese (\u00a9 Andr\u00e9s Negroni)\" data-rel=\"lightbox-gallery-1\"><img loading=\"lazy\" decoding=\"async\" width=\"150\" height=\"150\" src=\"https:\/\/www.arquimaster.com.ar\/web\/wp-content\/uploads\/2019\/01\/refuncionalizacion_mamba2-150x150.jpg\" class=\"attachment-thumbnail size-thumbnail\" alt=\"\" aria-describedby=\"gallery-1-35777\" srcset=\"https:\/\/www.arquimaster.com.ar\/web\/wp-content\/uploads\/2019\/01\/refuncionalizacion_mamba2-150x150.jpg 150w, https:\/\/www.arquimaster.com.ar\/web\/wp-content\/uploads\/2019\/01\/refuncionalizacion_mamba2-50x50.jpg 50w, https:\/\/www.arquimaster.com.ar\/web\/wp-content\/uploads\/2019\/01\/refuncionalizacion_mamba2-125x125.jpg 125w\" sizes=\"auto, (max-width: 150px) 100vw, 150px\" \/><\/a>\n\t\t\t<\/div>\n\t\t\t\t<figcaption class='wp-caption-text gallery-caption' id='gallery-1-35777'>\n\t\t\t\tRefuncionalizaci\u00f3n MAMBA \/ MSGSSS + Matias Ragonese (\u00a9 Andr\u00e9s Negroni)\n\t\t\t\t<\/figcaption><\/figure><figure class='gallery-item'>\n\t\t\t<div class='gallery-icon portrait'>\n\t\t\t\t<a href='https:\/\/www.arquimaster.com.ar\/web\/wp-content\/uploads\/2019\/01\/refuncionalizacion_mamba3.jpg' title=\"Refuncionalizaci\u00f3n MAMBA \/ MSGSSS + Matias Ragonese (\u00a9 Andr\u00e9s Negroni)\" data-rl_title=\"Refuncionalizaci\u00f3n MAMBA \/ MSGSSS + Matias Ragonese (\u00a9 Andr\u00e9s Negroni)\" class=\"rl-gallery-link\" data-rl_caption=\"Refuncionalizaci\u00f3n MAMBA \/ MSGSSS + Matias Ragonese (\u00a9 Andr\u00e9s Negroni)\" data-rel=\"lightbox-gallery-1\"><img loading=\"lazy\" decoding=\"async\" width=\"150\" height=\"150\" src=\"https:\/\/www.arquimaster.com.ar\/web\/wp-content\/uploads\/2019\/01\/refuncionalizacion_mamba3-150x150.jpg\" class=\"attachment-thumbnail size-thumbnail\" alt=\"\" aria-describedby=\"gallery-1-35778\" srcset=\"https:\/\/www.arquimaster.com.ar\/web\/wp-content\/uploads\/2019\/01\/refuncionalizacion_mamba3-150x150.jpg 150w, https:\/\/www.arquimaster.com.ar\/web\/wp-content\/uploads\/2019\/01\/refuncionalizacion_mamba3-50x50.jpg 50w, https:\/\/www.arquimaster.com.ar\/web\/wp-content\/uploads\/2019\/01\/refuncionalizacion_mamba3-125x125.jpg 125w\" sizes=\"auto, (max-width: 150px) 100vw, 150px\" \/><\/a>\n\t\t\t<\/div>\n\t\t\t\t<figcaption class='wp-caption-text gallery-caption' id='gallery-1-35778'>\n\t\t\t\tRefuncionalizaci\u00f3n MAMBA \/ MSGSSS + Matias Ragonese (\u00a9 Andr\u00e9s Negroni)\n\t\t\t\t<\/figcaption><\/figure><figure class='gallery-item'>\n\t\t\t<div class='gallery-icon landscape'>\n\t\t\t\t<a href='https:\/\/www.arquimaster.com.ar\/web\/wp-content\/uploads\/2019\/01\/refuncionalizacion_mamba4.jpg' title=\"Refuncionalizaci\u00f3n MAMBA \/ MSGSSS + Matias Ragonese (\u00a9 Andr\u00e9s Negroni)\" data-rl_title=\"Refuncionalizaci\u00f3n MAMBA \/ MSGSSS + Matias Ragonese (\u00a9 Andr\u00e9s Negroni)\" class=\"rl-gallery-link\" data-rl_caption=\"Refuncionalizaci\u00f3n MAMBA \/ MSGSSS + Matias Ragonese (\u00a9 Andr\u00e9s Negroni)\" data-rel=\"lightbox-gallery-1\"><img loading=\"lazy\" decoding=\"async\" width=\"150\" height=\"150\" src=\"https:\/\/www.arquimaster.com.ar\/web\/wp-content\/uploads\/2019\/01\/refuncionalizacion_mamba4-150x150.jpg\" class=\"attachment-thumbnail size-thumbnail\" alt=\"\" aria-describedby=\"gallery-1-35779\" srcset=\"https:\/\/www.arquimaster.com.ar\/web\/wp-content\/uploads\/2019\/01\/refuncionalizacion_mamba4-150x150.jpg 150w, https:\/\/www.arquimaster.com.ar\/web\/wp-content\/uploads\/2019\/01\/refuncionalizacion_mamba4-50x50.jpg 50w, https:\/\/www.arquimaster.com.ar\/web\/wp-content\/uploads\/2019\/01\/refuncionalizacion_mamba4-125x125.jpg 125w\" sizes=\"auto, (max-width: 150px) 100vw, 150px\" \/><\/a>\n\t\t\t<\/div>\n\t\t\t\t<figcaption class='wp-caption-text gallery-caption' id='gallery-1-35779'>\n\t\t\t\tRefuncionalizaci\u00f3n MAMBA \/ MSGSSS + Matias Ragonese (\u00a9 Andr\u00e9s Negroni)\n\t\t\t\t<\/figcaption><\/figure><figure class='gallery-item'>\n\t\t\t<div class='gallery-icon landscape'>\n\t\t\t\t<a href='https:\/\/www.arquimaster.com.ar\/web\/wp-content\/uploads\/2019\/01\/refuncionalizacion_mamba5.jpg' title=\"Refuncionalizaci\u00f3n MAMBA \/ MSGSSS + Matias Ragonese (\u00a9 Andr\u00e9s Negroni)\" data-rl_title=\"Refuncionalizaci\u00f3n MAMBA \/ MSGSSS + Matias Ragonese (\u00a9 Andr\u00e9s Negroni)\" class=\"rl-gallery-link\" data-rl_caption=\"Refuncionalizaci\u00f3n MAMBA \/ MSGSSS + Matias Ragonese (\u00a9 Andr\u00e9s Negroni)\" data-rel=\"lightbox-gallery-1\"><img loading=\"lazy\" decoding=\"async\" width=\"150\" height=\"150\" src=\"https:\/\/www.arquimaster.com.ar\/web\/wp-content\/uploads\/2019\/01\/refuncionalizacion_mamba5-150x150.jpg\" class=\"attachment-thumbnail size-thumbnail\" alt=\"\" aria-describedby=\"gallery-1-35780\" srcset=\"https:\/\/www.arquimaster.com.ar\/web\/wp-content\/uploads\/2019\/01\/refuncionalizacion_mamba5-150x150.jpg 150w, https:\/\/www.arquimaster.com.ar\/web\/wp-content\/uploads\/2019\/01\/refuncionalizacion_mamba5-50x50.jpg 50w, https:\/\/www.arquimaster.com.ar\/web\/wp-content\/uploads\/2019\/01\/refuncionalizacion_mamba5-125x125.jpg 125w\" sizes=\"auto, (max-width: 150px) 100vw, 150px\" \/><\/a>\n\t\t\t<\/div>\n\t\t\t\t<figcaption class='wp-caption-text gallery-caption' id='gallery-1-35780'>\n\t\t\t\tRefuncionalizaci\u00f3n MAMBA \/ MSGSSS + Matias Ragonese (\u00a9 Andr\u00e9s Negroni)\n\t\t\t\t<\/figcaption><\/figure>\n\t\t<\/div>\n\n<p>Para ello se modificaron ambos edificios con el objetivo de generar una circulaci\u00f3n por la parte trasera que los uniera, incorporando en ese trayecto dos nuevos ascensores, espacios de descanso y encuentro con un punto de conjunci\u00f3n en la nueva escalera escult\u00f3rica que optimiza la circulaci\u00f3n del edificio a la vez que interpela al visitante con sus distintos puntos de vistas y el contraste de sus materiales: hierro, m\u00e1rmol y espejos.<\/p>\n<p>Se logr\u00f3 as\u00ed ampliar la superficie de salas a un total de siete salas con unos 4000 m2 para exhibir el Patrimonio del Museo y las distintas exposiciones de arte moderno nacional e internacional. Se incorporaron tambi\u00e9n nuevos espacios de encuentro que alternan con las salas de exhibici\u00f3n, una nueva Sala de Educaci\u00f3n y tambi\u00e9n se sum\u00f3 una cafeter\u00eda y una nueva tienda en planta baja que permite una gran interacci\u00f3n con el exterior.<\/p>\n<div id='gallery-2' class='gallery galleryid-35774 gallery-columns-3 gallery-size-thumbnail'><figure class='gallery-item'>\n\t\t\t<div class='gallery-icon landscape'>\n\t\t\t\t<a href='https:\/\/www.arquimaster.com.ar\/web\/wp-content\/uploads\/2019\/01\/refuncionalizacion_mamba6.jpg' title=\"Refuncionalizaci\u00f3n MAMBA \/ MSGSSS + Matias Ragonese (\u00a9 Andr\u00e9s Negroni)\" data-rl_title=\"Refuncionalizaci\u00f3n MAMBA \/ MSGSSS + Matias Ragonese (\u00a9 Andr\u00e9s Negroni)\" class=\"rl-gallery-link\" data-rl_caption=\"Refuncionalizaci\u00f3n MAMBA \/ MSGSSS + Matias Ragonese (\u00a9 Andr\u00e9s Negroni)\" data-rel=\"lightbox-gallery-2\"><img loading=\"lazy\" decoding=\"async\" width=\"150\" height=\"150\" src=\"https:\/\/www.arquimaster.com.ar\/web\/wp-content\/uploads\/2019\/01\/refuncionalizacion_mamba6-150x150.jpg\" class=\"attachment-thumbnail size-thumbnail\" alt=\"\" aria-describedby=\"gallery-2-35781\" srcset=\"https:\/\/www.arquimaster.com.ar\/web\/wp-content\/uploads\/2019\/01\/refuncionalizacion_mamba6-150x150.jpg 150w, https:\/\/www.arquimaster.com.ar\/web\/wp-content\/uploads\/2019\/01\/refuncionalizacion_mamba6-50x50.jpg 50w, https:\/\/www.arquimaster.com.ar\/web\/wp-content\/uploads\/2019\/01\/refuncionalizacion_mamba6-125x125.jpg 125w\" sizes=\"auto, (max-width: 150px) 100vw, 150px\" \/><\/a>\n\t\t\t<\/div>\n\t\t\t\t<figcaption class='wp-caption-text gallery-caption' id='gallery-2-35781'>\n\t\t\t\tRefuncionalizaci\u00f3n MAMBA \/ MSGSSS + Matias Ragonese (\u00a9 Andr\u00e9s Negroni)\n\t\t\t\t<\/figcaption><\/figure><figure class='gallery-item'>\n\t\t\t<div class='gallery-icon landscape'>\n\t\t\t\t<a href='https:\/\/www.arquimaster.com.ar\/web\/wp-content\/uploads\/2019\/01\/refuncionalizacion_mamba7.jpg' title=\"Refuncionalizaci\u00f3n MAMBA \/ MSGSSS + Matias Ragonese (\u00a9 Andr\u00e9s Negroni)\" data-rl_title=\"Refuncionalizaci\u00f3n MAMBA \/ MSGSSS + Matias Ragonese (\u00a9 Andr\u00e9s Negroni)\" class=\"rl-gallery-link\" data-rl_caption=\"Refuncionalizaci\u00f3n MAMBA \/ MSGSSS + Matias Ragonese (\u00a9 Andr\u00e9s Negroni)\" data-rel=\"lightbox-gallery-2\"><img loading=\"lazy\" decoding=\"async\" width=\"150\" height=\"150\" src=\"https:\/\/www.arquimaster.com.ar\/web\/wp-content\/uploads\/2019\/01\/refuncionalizacion_mamba7-150x150.jpg\" class=\"attachment-thumbnail size-thumbnail\" alt=\"\" aria-describedby=\"gallery-2-35782\" srcset=\"https:\/\/www.arquimaster.com.ar\/web\/wp-content\/uploads\/2019\/01\/refuncionalizacion_mamba7-150x150.jpg 150w, https:\/\/www.arquimaster.com.ar\/web\/wp-content\/uploads\/2019\/01\/refuncionalizacion_mamba7-50x50.jpg 50w, https:\/\/www.arquimaster.com.ar\/web\/wp-content\/uploads\/2019\/01\/refuncionalizacion_mamba7-125x125.jpg 125w\" sizes=\"auto, (max-width: 150px) 100vw, 150px\" \/><\/a>\n\t\t\t<\/div>\n\t\t\t\t<figcaption class='wp-caption-text gallery-caption' id='gallery-2-35782'>\n\t\t\t\tRefuncionalizaci\u00f3n MAMBA \/ MSGSSS + Matias Ragonese (\u00a9 Andr\u00e9s Negroni)\n\t\t\t\t<\/figcaption><\/figure><figure class='gallery-item'>\n\t\t\t<div class='gallery-icon portrait'>\n\t\t\t\t<a href='https:\/\/www.arquimaster.com.ar\/web\/wp-content\/uploads\/2019\/01\/refuncionalizacion_mamba8.jpg' title=\"Refuncionalizaci\u00f3n MAMBA \/ MSGSSS + Matias Ragonese (\u00a9 Andr\u00e9s Negroni)\" data-rl_title=\"Refuncionalizaci\u00f3n MAMBA \/ MSGSSS + Matias Ragonese (\u00a9 Andr\u00e9s Negroni)\" class=\"rl-gallery-link\" data-rl_caption=\"Refuncionalizaci\u00f3n MAMBA \/ MSGSSS + Matias Ragonese (\u00a9 Andr\u00e9s Negroni)\" data-rel=\"lightbox-gallery-2\"><img loading=\"lazy\" decoding=\"async\" width=\"150\" height=\"150\" src=\"https:\/\/www.arquimaster.com.ar\/web\/wp-content\/uploads\/2019\/01\/refuncionalizacion_mamba8-150x150.jpg\" class=\"attachment-thumbnail size-thumbnail\" alt=\"\" aria-describedby=\"gallery-2-35783\" srcset=\"https:\/\/www.arquimaster.com.ar\/web\/wp-content\/uploads\/2019\/01\/refuncionalizacion_mamba8-150x150.jpg 150w, https:\/\/www.arquimaster.com.ar\/web\/wp-content\/uploads\/2019\/01\/refuncionalizacion_mamba8-50x50.jpg 50w, https:\/\/www.arquimaster.com.ar\/web\/wp-content\/uploads\/2019\/01\/refuncionalizacion_mamba8-125x125.jpg 125w\" sizes=\"auto, (max-width: 150px) 100vw, 150px\" \/><\/a>\n\t\t\t<\/div>\n\t\t\t\t<figcaption class='wp-caption-text gallery-caption' id='gallery-2-35783'>\n\t\t\t\tRefuncionalizaci\u00f3n MAMBA \/ MSGSSS + Matias Ragonese (\u00a9 Andr\u00e9s Negroni)\n\t\t\t\t<\/figcaption><\/figure><figure class='gallery-item'>\n\t\t\t<div class='gallery-icon portrait'>\n\t\t\t\t<a href='https:\/\/www.arquimaster.com.ar\/web\/wp-content\/uploads\/2019\/01\/refuncionalizacion_mamba9.jpg' title=\"Refuncionalizaci\u00f3n MAMBA \/ MSGSSS + Matias Ragonese (\u00a9 Andr\u00e9s Negroni)\" data-rl_title=\"Refuncionalizaci\u00f3n MAMBA \/ MSGSSS + Matias Ragonese (\u00a9 Andr\u00e9s Negroni)\" class=\"rl-gallery-link\" data-rl_caption=\"Refuncionalizaci\u00f3n MAMBA \/ MSGSSS + Matias Ragonese (\u00a9 Andr\u00e9s Negroni)\" data-rel=\"lightbox-gallery-2\"><img loading=\"lazy\" decoding=\"async\" width=\"150\" height=\"150\" src=\"https:\/\/www.arquimaster.com.ar\/web\/wp-content\/uploads\/2019\/01\/refuncionalizacion_mamba9-150x150.jpg\" class=\"attachment-thumbnail size-thumbnail\" alt=\"\" aria-describedby=\"gallery-2-35784\" srcset=\"https:\/\/www.arquimaster.com.ar\/web\/wp-content\/uploads\/2019\/01\/refuncionalizacion_mamba9-150x150.jpg 150w, https:\/\/www.arquimaster.com.ar\/web\/wp-content\/uploads\/2019\/01\/refuncionalizacion_mamba9-50x50.jpg 50w, https:\/\/www.arquimaster.com.ar\/web\/wp-content\/uploads\/2019\/01\/refuncionalizacion_mamba9-125x125.jpg 125w\" sizes=\"auto, (max-width: 150px) 100vw, 150px\" \/><\/a>\n\t\t\t<\/div>\n\t\t\t\t<figcaption class='wp-caption-text gallery-caption' id='gallery-2-35784'>\n\t\t\t\tRefuncionalizaci\u00f3n MAMBA \/ MSGSSS + Matias Ragonese (\u00a9 Andr\u00e9s Negroni)\n\t\t\t\t<\/figcaption><\/figure><figure class='gallery-item'>\n\t\t\t<div class='gallery-icon landscape'>\n\t\t\t\t<a href='https:\/\/www.arquimaster.com.ar\/web\/wp-content\/uploads\/2019\/01\/refuncionalizacion_mamba10.jpg' title=\"Refuncionalizaci\u00f3n MAMBA \/ MSGSSS + Matias Ragonese (\u00a9 Andr\u00e9s Negroni)\" data-rl_title=\"Refuncionalizaci\u00f3n MAMBA \/ MSGSSS + Matias Ragonese (\u00a9 Andr\u00e9s Negroni)\" class=\"rl-gallery-link\" data-rl_caption=\"Refuncionalizaci\u00f3n MAMBA \/ MSGSSS + Matias Ragonese (\u00a9 Andr\u00e9s Negroni)\" data-rel=\"lightbox-gallery-2\"><img loading=\"lazy\" decoding=\"async\" width=\"150\" height=\"150\" src=\"https:\/\/www.arquimaster.com.ar\/web\/wp-content\/uploads\/2019\/01\/refuncionalizacion_mamba10-150x150.jpg\" class=\"attachment-thumbnail size-thumbnail\" alt=\"\" aria-describedby=\"gallery-2-35785\" srcset=\"https:\/\/www.arquimaster.com.ar\/web\/wp-content\/uploads\/2019\/01\/refuncionalizacion_mamba10-150x150.jpg 150w, https:\/\/www.arquimaster.com.ar\/web\/wp-content\/uploads\/2019\/01\/refuncionalizacion_mamba10-50x50.jpg 50w, https:\/\/www.arquimaster.com.ar\/web\/wp-content\/uploads\/2019\/01\/refuncionalizacion_mamba10-125x125.jpg 125w\" sizes=\"auto, (max-width: 150px) 100vw, 150px\" \/><\/a>\n\t\t\t<\/div>\n\t\t\t\t<figcaption class='wp-caption-text gallery-caption' id='gallery-2-35785'>\n\t\t\t\tRefuncionalizaci\u00f3n MAMBA \/ MSGSSS + Matias Ragonese (\u00a9 Andr\u00e9s Negroni)\n\t\t\t\t<\/figcaption><\/figure><figure class='gallery-item'>\n\t\t\t<div class='gallery-icon landscape'>\n\t\t\t\t<a href='https:\/\/www.arquimaster.com.ar\/web\/wp-content\/uploads\/2019\/01\/refuncionalizacion_mamba12.jpg' title=\"Refuncionalizaci\u00f3n MAMBA \/ MSGSSS + Matias Ragonese (planta baja)\" data-rl_title=\"Refuncionalizaci\u00f3n MAMBA \/ MSGSSS + Matias Ragonese (planta baja)\" class=\"rl-gallery-link\" data-rl_caption=\"Refuncionalizaci\u00f3n MAMBA \/ MSGSSS + Matias Ragonese (planta baja)\" data-rel=\"lightbox-gallery-2\"><img loading=\"lazy\" decoding=\"async\" width=\"150\" height=\"150\" src=\"https:\/\/www.arquimaster.com.ar\/web\/wp-content\/uploads\/2019\/01\/refuncionalizacion_mamba12-150x150.jpg\" class=\"attachment-thumbnail size-thumbnail\" alt=\"\" aria-describedby=\"gallery-2-35787\" srcset=\"https:\/\/www.arquimaster.com.ar\/web\/wp-content\/uploads\/2019\/01\/refuncionalizacion_mamba12-150x150.jpg 150w, https:\/\/www.arquimaster.com.ar\/web\/wp-content\/uploads\/2019\/01\/refuncionalizacion_mamba12-50x50.jpg 50w, https:\/\/www.arquimaster.com.ar\/web\/wp-content\/uploads\/2019\/01\/refuncionalizacion_mamba12-125x125.jpg 125w\" sizes=\"auto, (max-width: 150px) 100vw, 150px\" \/><\/a>\n\t\t\t<\/div>\n\t\t\t\t<figcaption class='wp-caption-text gallery-caption' id='gallery-2-35787'>\n\t\t\t\tRefuncionalizaci\u00f3n MAMBA \/ MSGSSS + Matias Ragonese (planta baja)\n\t\t\t\t<\/figcaption><\/figure><figure class='gallery-item'>\n\t\t\t<div class='gallery-icon landscape'>\n\t\t\t\t<a href='https:\/\/www.arquimaster.com.ar\/web\/wp-content\/uploads\/2019\/01\/refuncionalizacion_mamba13.jpg' title=\"Refuncionalizaci\u00f3n MAMBA \/ MSGSSS + Matias Ragonese (planta 1\u00ba piso)\" data-rl_title=\"Refuncionalizaci\u00f3n MAMBA \/ MSGSSS + Matias Ragonese (planta 1\u00ba piso)\" class=\"rl-gallery-link\" data-rl_caption=\"Refuncionalizaci\u00f3n MAMBA \/ MSGSSS + Matias Ragonese (planta 1\u00ba piso)\" data-rel=\"lightbox-gallery-2\"><img loading=\"lazy\" decoding=\"async\" width=\"150\" height=\"150\" src=\"https:\/\/www.arquimaster.com.ar\/web\/wp-content\/uploads\/2019\/01\/refuncionalizacion_mamba13-150x150.jpg\" class=\"attachment-thumbnail size-thumbnail\" alt=\"\" aria-describedby=\"gallery-2-35788\" srcset=\"https:\/\/www.arquimaster.com.ar\/web\/wp-content\/uploads\/2019\/01\/refuncionalizacion_mamba13-150x150.jpg 150w, https:\/\/www.arquimaster.com.ar\/web\/wp-content\/uploads\/2019\/01\/refuncionalizacion_mamba13-50x50.jpg 50w, https:\/\/www.arquimaster.com.ar\/web\/wp-content\/uploads\/2019\/01\/refuncionalizacion_mamba13-125x125.jpg 125w\" sizes=\"auto, (max-width: 150px) 100vw, 150px\" \/><\/a>\n\t\t\t<\/div>\n\t\t\t\t<figcaption class='wp-caption-text gallery-caption' id='gallery-2-35788'>\n\t\t\t\tRefuncionalizaci\u00f3n MAMBA \/ MSGSSS + Matias Ragonese (planta 1\u00ba piso)\n\t\t\t\t<\/figcaption><\/figure><figure class='gallery-item'>\n\t\t\t<div class='gallery-icon landscape'>\n\t\t\t\t<a href='https:\/\/www.arquimaster.com.ar\/web\/wp-content\/uploads\/2019\/01\/refuncionalizacion_mamba14.jpg' title=\"Refuncionalizaci\u00f3n MAMBA \/ MSGSSS + Matias Ragonese (planta 2\u00ba piso)\" data-rl_title=\"Refuncionalizaci\u00f3n MAMBA \/ MSGSSS + Matias Ragonese (planta 2\u00ba piso)\" class=\"rl-gallery-link\" data-rl_caption=\"Refuncionalizaci\u00f3n MAMBA \/ MSGSSS + Matias Ragonese (planta 2\u00ba piso)\" data-rel=\"lightbox-gallery-2\"><img loading=\"lazy\" decoding=\"async\" width=\"150\" height=\"150\" src=\"https:\/\/www.arquimaster.com.ar\/web\/wp-content\/uploads\/2019\/01\/refuncionalizacion_mamba14-150x150.jpg\" class=\"attachment-thumbnail size-thumbnail\" alt=\"\" aria-describedby=\"gallery-2-35789\" srcset=\"https:\/\/www.arquimaster.com.ar\/web\/wp-content\/uploads\/2019\/01\/refuncionalizacion_mamba14-150x150.jpg 150w, https:\/\/www.arquimaster.com.ar\/web\/wp-content\/uploads\/2019\/01\/refuncionalizacion_mamba14-50x50.jpg 50w, https:\/\/www.arquimaster.com.ar\/web\/wp-content\/uploads\/2019\/01\/refuncionalizacion_mamba14-125x125.jpg 125w\" sizes=\"auto, (max-width: 150px) 100vw, 150px\" \/><\/a>\n\t\t\t<\/div>\n\t\t\t\t<figcaption class='wp-caption-text gallery-caption' id='gallery-2-35789'>\n\t\t\t\tRefuncionalizaci\u00f3n MAMBA \/ MSGSSS + Matias Ragonese (planta 2\u00ba piso)\n\t\t\t\t<\/figcaption><\/figure><figure class='gallery-item'>\n\t\t\t<div class='gallery-icon landscape'>\n\t\t\t\t<a href='https:\/\/www.arquimaster.com.ar\/web\/wp-content\/uploads\/2019\/01\/refuncionalizacion_mamba15.jpg' title=\"Refuncionalizaci\u00f3n MAMBA \/ MSGSSS + Matias Ragonese (detalle escalera)\" data-rl_title=\"Refuncionalizaci\u00f3n MAMBA \/ MSGSSS + Matias Ragonese (detalle escalera)\" class=\"rl-gallery-link\" data-rl_caption=\"Refuncionalizaci\u00f3n MAMBA \/ MSGSSS + Matias Ragonese (detalle escalera)\" data-rel=\"lightbox-gallery-2\"><img loading=\"lazy\" decoding=\"async\" width=\"150\" height=\"150\" src=\"https:\/\/www.arquimaster.com.ar\/web\/wp-content\/uploads\/2019\/01\/refuncionalizacion_mamba15-150x150.jpg\" class=\"attachment-thumbnail size-thumbnail\" alt=\"\" aria-describedby=\"gallery-2-35790\" srcset=\"https:\/\/www.arquimaster.com.ar\/web\/wp-content\/uploads\/2019\/01\/refuncionalizacion_mamba15-150x150.jpg 150w, https:\/\/www.arquimaster.com.ar\/web\/wp-content\/uploads\/2019\/01\/refuncionalizacion_mamba15-50x50.jpg 50w, https:\/\/www.arquimaster.com.ar\/web\/wp-content\/uploads\/2019\/01\/refuncionalizacion_mamba15-125x125.jpg 125w\" sizes=\"auto, (max-width: 150px) 100vw, 150px\" \/><\/a>\n\t\t\t<\/div>\n\t\t\t\t<figcaption class='wp-caption-text gallery-caption' id='gallery-2-35790'>\n\t\t\t\tRefuncionalizaci\u00f3n MAMBA \/ MSGSSS + Matias Ragonese (detalle escalera)\n\t\t\t\t<\/figcaption><\/figure>\n\t\t<\/div>\n\n<p>La nueva escalera es la gran protagonista de la ampliaci\u00f3n. Mediante tramos que se van superponiendo genera un recorrido din\u00e1mico que permite conectar las salas en todos sus niveles dando lugar a una circulaci\u00f3n m\u00e1s c\u00f3moda y accesible al museo. Est\u00e1 compuesta de parapetos negros enmarcando el solado de m\u00e1rmol que componen los distintos escalones a modo de alfombra.<\/p>\n<p>Se incorporaron asimismo ventanas que permiten la entrada de luz natural a las salas y propician las vistas de San Telmo. Es as\u00ed que el barrio se integra m\u00e1s a la vida del Museo y desde el interior se enmarcan las particulares vistas de las c\u00fapulas de los edificios circundantes.<\/p>\n<p>En el exterior se respet\u00f3 la idea de fachada verde propuesta en el proyecto de Ambasz en la reforma edilicia anterior, mediante un remate arbolado y la presencia de vegetaci\u00f3n en las aberturas.<\/p>\n<p><strong>Ficha t\u00e9cnica<\/strong><br \/>\nNombre: Refuncionalizaci\u00f3n MAMBA (Museo de Arte Moderno de Buenos Aires)<br \/>\nUbicaci\u00f3n: San Telmo, Ciudad de Buenos Aires, Argentina<br \/>\nArquitectos: MSGSSS (Manteola, S\u00e1nchez G\u00f3mez, Santos, Solsona, Sallaberry, Vins\u00f3n arquitectos) + Matias Ragonese<br \/>\nArquitectos a cargo: Arq. Carlos Sallaberry, Arq. Matias Ragonese<br \/>\nAsesor estructural: Estudio Guitelman<br \/>\nSuperficie construida: 4800 m2<br \/>\nA\u00f1o de proyecto: 2015<br \/>\nA\u00f1o de construcci\u00f3n: 2017\/2018<br \/>\nFot\u00f3grafo: Andr\u00e9s Negroni<br \/>\nSitio web: msgsss.com.ar<\/p>\n<p><em><strong>English version<\/strong><\/em><br \/>\n<em><strong>Renovation of the Buenos Aires Museum of Modern Art MAMBA<\/strong><\/em><\/p>\n<p><em>The project aims to refurbish the Museum of Modern Art in the city of Buenos Aires, unifying two existing buildings, with the aim of improving the experience of visitors and increase the space for the exhibition of works.<\/em><\/p>\n<p><em>The architectural project consists of integrating the complete structure of the Moderno: the Museum located on San Juan Ave., where the tobacco company Nobleza Piccardo once operated, and the building located on the corner of Av. San Juan y Defensa, which belonged to the Museo del Cine, whose facade was already completed in 2010, during the first stage of the building reform by Arch. Emilio Ambasz.<\/em><\/p>\n<p><em>To this end, both buildings were modified with the aim of generating a circulation through the back that joined them, incorporating two new elevators, rest spaces and meeting points in the new sculptural staircase that optimizes the circulation of the building. At the same time, it challenges the visitor with its different points of view and the contrast of its materials: iron, marble and mirrors.<\/em><\/p>\n<p><em>It was thus able to expand the surface of halls to a total of seven rooms with about 4000m2 to exhibit the Museum&#8217;s Heritage and the different national and international modern art exhibitions. New meeting spaces that alternate with exhibition halls, a new Education Room and a cafeteria and a new store on the ground floor that allows a great interaction with the outside were also added.<\/em><\/p>\n<p><em>The new staircase is the main protagonist of the expansion. By means of sections that are superimposed, it generates a dynamic route that allows the rooms to be connected at all levels, giving rise to a more comfortable and accessible circulation to the museum. It is composed of black parapets framing the marble flooring that make up the different steps as a carpet.<\/em><\/p>\n<p><em>Windows were also incorporated that allow natural light to enter the rooms and provide views of San Telmo. Thus, the neighborhood is integrated more into the life of the Museum and from the inside are framed the particular views of the domes of the surrounding buildings.<\/em><\/p>\n<p><em>On the outside, the idea of \u200b\u200bthe green fa\u00e7ade proposed in the Ambasz project was respected in the previous building reform, by means of a tree-top finish and the presence of vegetation in the openings.<\/em><\/p>\n\n<div style=\"font-size: 0px; height: 0px; line-height: 0px; margin: 0; padding: 0; clear: both;\"><\/div><div style=\"margin-top: 0px; margin-bottom: 0px;\" class=\"sharethis-inline-share-buttons\" ><\/div>","protected":false},"excerpt":{"rendered":"<p>La nueva escalera escult\u00f3rica es la gran protagonista de la ampliaci\u00f3n del museo&#8230;<\/p>\n","protected":false},"author":1,"featured_media":35775,"comment_status":"closed","ping_status":"closed","sticky":false,"template":"","format":"standard","meta":{"_uag_custom_page_level_css":"","footnotes":""},"categories":[784,1],"tags":[4573,4571,4572,1788,4321,5136,4319,1787,2969,2298,4325,4322,4323,4324,4326],"class_list":["post-35774","post","type-post","status-publish","format-standard","has-post-thumbnail","hentry","category-edificios-para-la-cultura","category-proyecto","tag-arquitectura-cultural","tag-edificios-culturales","tag-edificios-para-la-cultura","tag-mamba","tag-manteola","tag-matias-ragonese","tag-msgsss-arquitectos","tag-museo-de-arte-moderno-de-buenos-aires","tag-museos","tag-refuncionalizacion","tag-sallaberry","tag-sanchez-gomez","tag-santos","tag-solsona","tag-vinson","generate-columns","tablet-grid-50","mobile-grid-100","grid-parent","grid-50"],"yoast_head":"<!-- This site is optimized with the Yoast SEO plugin v27.3 - https:\/\/yoast.com\/product\/yoast-seo-wordpress\/ -->\n<title>Refuncionalizaci\u00f3n MAMBA (Museo de Arte Moderno de Buenos Aires) \/ MSGSSS + Matias Ragonese - Arquimaster<\/title>\n<meta name=\"description\" content=\"La nueva escalera escult\u00f3rica es la gran protagonista de la ampliaci\u00f3n del museo.\" \/>\n<meta name=\"robots\" content=\"index, follow, max-snippet:-1, max-image-preview:large, max-video-preview:-1\" \/>\n<link rel=\"canonical\" href=\"https:\/\/www.arquimaster.com.ar\/web\/refuncionalizacion-mamba-museo-de-arte-moderno-de-buenos-aires-msgsss-matias-ragonese\/\" \/>\n<meta property=\"og:locale\" content=\"es_ES\" \/>\n<meta property=\"og:type\" content=\"article\" \/>\n<meta property=\"og:title\" content=\"Refuncionalizaci\u00f3n MAMBA (Museo de Arte Moderno de Buenos Aires) \/ MSGSSS + Matias Ragonese\" \/>\n<meta property=\"og:description\" content=\"La nueva escalera escult\u00f3rica es la gran protagonista de la ampliaci\u00f3n del museo.\" \/>\n<meta property=\"og:url\" content=\"https:\/\/www.arquimaster.com.ar\/web\/refuncionalizacion-mamba-museo-de-arte-moderno-de-buenos-aires-msgsss-matias-ragonese\/\" \/>\n<meta property=\"og:site_name\" content=\"Arquimaster\" \/>\n<meta property=\"article:publisher\" content=\"http:\/\/www.facebook.com\/ARQUIMASTER.com.ar\" \/>\n<meta property=\"article:published_time\" content=\"2019-02-01T02:00:54+00:00\" \/>\n<meta property=\"article:modified_time\" content=\"2026-03-29T23:59:47+00:00\" \/>\n<meta property=\"og:image\" content=\"https:\/\/www.arquimaster.com.ar\/web\/wp-content\/uploads\/2019\/01\/refuncionalizacion_mamba_slide-wpp1587000962207.jpg\" \/>\n\t<meta property=\"og:image:width\" content=\"698\" \/>\n\t<meta property=\"og:image:height\" content=\"364\" \/>\n\t<meta property=\"og:image:type\" content=\"image\/jpeg\" \/>\n<meta name=\"author\" content=\"Arquimaster\" \/>\n<meta name=\"twitter:card\" content=\"summary_large_image\" \/>\n<meta name=\"twitter:title\" content=\"Refuncionalizaci\u00f3n MAMBA (Museo de Arte Moderno de Buenos Aires) \/ MSGSSS + Matias Ragonese\" \/>\n<meta name=\"twitter:description\" content=\"La nueva escalera escult\u00f3rica es la gran protagonista de la ampliaci\u00f3n del museo.\" \/>\n<meta name=\"twitter:image\" content=\"https:\/\/www.arquimaster.com.ar\/web\/wp-content\/uploads\/2019\/01\/refuncionalizacion_mamba_slide-wpp1587000962207.jpg\" \/>\n<meta name=\"twitter:creator\" content=\"@arquimaster\" \/>\n<meta name=\"twitter:site\" content=\"@arquimaster\" \/>\n<meta name=\"twitter:label1\" content=\"Escrito por\" \/>\n\t<meta name=\"twitter:data1\" content=\"Arquimaster\" \/>\n\t<meta name=\"twitter:label2\" content=\"Tiempo de lectura\" \/>\n\t<meta name=\"twitter:data2\" content=\"5 minutos\" \/>\n<script type=\"application\/ld+json\" class=\"yoast-schema-graph\">{\"@context\":\"https:\\\/\\\/schema.org\",\"@graph\":[{\"@type\":\"Article\",\"@id\":\"https:\\\/\\\/www.arquimaster.com.ar\\\/web\\\/refuncionalizacion-mamba-museo-de-arte-moderno-de-buenos-aires-msgsss-matias-ragonese\\\/#article\",\"isPartOf\":{\"@id\":\"https:\\\/\\\/www.arquimaster.com.ar\\\/web\\\/refuncionalizacion-mamba-museo-de-arte-moderno-de-buenos-aires-msgsss-matias-ragonese\\\/\"},\"author\":{\"name\":\"Arquimaster\",\"@id\":\"https:\\\/\\\/www.arquimaster.com.ar\\\/web\\\/#\\\/schema\\\/person\\\/359e9f7c00193fcde068e0dd2ceb0028\"},\"headline\":\"Refuncionalizaci\u00f3n MAMBA (Museo de Arte Moderno de Buenos Aires) \\\/ MSGSSS + Matias Ragonese\",\"datePublished\":\"2019-02-01T02:00:54+00:00\",\"dateModified\":\"2026-03-29T23:59:47+00:00\",\"mainEntityOfPage\":{\"@id\":\"https:\\\/\\\/www.arquimaster.com.ar\\\/web\\\/refuncionalizacion-mamba-museo-de-arte-moderno-de-buenos-aires-msgsss-matias-ragonese\\\/\"},\"wordCount\":932,\"publisher\":{\"@id\":\"https:\\\/\\\/www.arquimaster.com.ar\\\/web\\\/#organization\"},\"image\":{\"@id\":\"https:\\\/\\\/www.arquimaster.com.ar\\\/web\\\/refuncionalizacion-mamba-museo-de-arte-moderno-de-buenos-aires-msgsss-matias-ragonese\\\/#primaryimage\"},\"thumbnailUrl\":\"https:\\\/\\\/www.arquimaster.com.ar\\\/web\\\/wp-content\\\/uploads\\\/2019\\\/01\\\/refuncionalizacion_mamba_slide-wpp1587000962207.jpg\",\"keywords\":[\"arquitectura cultural\",\"edificios culturales\",\"edificios para la cultura\",\"MAMBA\",\"Manteola\",\"Matias Ragonese\",\"MSGSSS arquitectos\",\"Museo de Arte Moderno de Buenos Aires\",\"museos\",\"refuncionalizaci\u00f3n\",\"Sallaberry\",\"S\u00e1nchez G\u00f3mez\",\"Santos\",\"Solsona\",\"Vins\u00f3n\"],\"articleSection\":[\"Edificios para la cultura\",\"Proyecto\"],\"inLanguage\":\"es\"},{\"@type\":\"WebPage\",\"@id\":\"https:\\\/\\\/www.arquimaster.com.ar\\\/web\\\/refuncionalizacion-mamba-museo-de-arte-moderno-de-buenos-aires-msgsss-matias-ragonese\\\/\",\"url\":\"https:\\\/\\\/www.arquimaster.com.ar\\\/web\\\/refuncionalizacion-mamba-museo-de-arte-moderno-de-buenos-aires-msgsss-matias-ragonese\\\/\",\"name\":\"Refuncionalizaci\u00f3n MAMBA (Museo de Arte Moderno de Buenos Aires) \\\/ MSGSSS + Matias Ragonese - Arquimaster\",\"isPartOf\":{\"@id\":\"https:\\\/\\\/www.arquimaster.com.ar\\\/web\\\/#website\"},\"primaryImageOfPage\":{\"@id\":\"https:\\\/\\\/www.arquimaster.com.ar\\\/web\\\/refuncionalizacion-mamba-museo-de-arte-moderno-de-buenos-aires-msgsss-matias-ragonese\\\/#primaryimage\"},\"image\":{\"@id\":\"https:\\\/\\\/www.arquimaster.com.ar\\\/web\\\/refuncionalizacion-mamba-museo-de-arte-moderno-de-buenos-aires-msgsss-matias-ragonese\\\/#primaryimage\"},\"thumbnailUrl\":\"https:\\\/\\\/www.arquimaster.com.ar\\\/web\\\/wp-content\\\/uploads\\\/2019\\\/01\\\/refuncionalizacion_mamba_slide-wpp1587000962207.jpg\",\"datePublished\":\"2019-02-01T02:00:54+00:00\",\"dateModified\":\"2026-03-29T23:59:47+00:00\",\"description\":\"La nueva escalera escult\u00f3rica es la gran protagonista de la ampliaci\u00f3n del museo.\",\"breadcrumb\":{\"@id\":\"https:\\\/\\\/www.arquimaster.com.ar\\\/web\\\/refuncionalizacion-mamba-museo-de-arte-moderno-de-buenos-aires-msgsss-matias-ragonese\\\/#breadcrumb\"},\"inLanguage\":\"es\",\"potentialAction\":[{\"@type\":\"ReadAction\",\"target\":[\"https:\\\/\\\/www.arquimaster.com.ar\\\/web\\\/refuncionalizacion-mamba-museo-de-arte-moderno-de-buenos-aires-msgsss-matias-ragonese\\\/\"]}]},{\"@type\":\"ImageObject\",\"inLanguage\":\"es\",\"@id\":\"https:\\\/\\\/www.arquimaster.com.ar\\\/web\\\/refuncionalizacion-mamba-museo-de-arte-moderno-de-buenos-aires-msgsss-matias-ragonese\\\/#primaryimage\",\"url\":\"https:\\\/\\\/www.arquimaster.com.ar\\\/web\\\/wp-content\\\/uploads\\\/2019\\\/01\\\/refuncionalizacion_mamba_slide-wpp1587000962207.jpg\",\"contentUrl\":\"https:\\\/\\\/www.arquimaster.com.ar\\\/web\\\/wp-content\\\/uploads\\\/2019\\\/01\\\/refuncionalizacion_mamba_slide-wpp1587000962207.jpg\",\"width\":698,\"height\":364},{\"@type\":\"BreadcrumbList\",\"@id\":\"https:\\\/\\\/www.arquimaster.com.ar\\\/web\\\/refuncionalizacion-mamba-museo-de-arte-moderno-de-buenos-aires-msgsss-matias-ragonese\\\/#breadcrumb\",\"itemListElement\":[{\"@type\":\"ListItem\",\"position\":1,\"name\":\"Portada\",\"item\":\"https:\\\/\\\/www.arquimaster.com.ar\\\/web\\\/\"},{\"@type\":\"ListItem\",\"position\":2,\"name\":\"Refuncionalizaci\u00f3n MAMBA (Museo de Arte Moderno de Buenos Aires) \\\/ MSGSSS + Matias Ragonese\"}]},{\"@type\":\"WebSite\",\"@id\":\"https:\\\/\\\/www.arquimaster.com.ar\\\/web\\\/#website\",\"url\":\"https:\\\/\\\/www.arquimaster.com.ar\\\/web\\\/\",\"name\":\"Arquimaster\",\"description\":\"Web de arquitectura, dise\u00f1o y construccion\",\"publisher\":{\"@id\":\"https:\\\/\\\/www.arquimaster.com.ar\\\/web\\\/#organization\"},\"potentialAction\":[{\"@type\":\"SearchAction\",\"target\":{\"@type\":\"EntryPoint\",\"urlTemplate\":\"https:\\\/\\\/www.arquimaster.com.ar\\\/web\\\/?s={search_term_string}\"},\"query-input\":{\"@type\":\"PropertyValueSpecification\",\"valueRequired\":true,\"valueName\":\"search_term_string\"}}],\"inLanguage\":\"es\"},{\"@type\":\"Organization\",\"@id\":\"https:\\\/\\\/www.arquimaster.com.ar\\\/web\\\/#organization\",\"name\":\"Arquimaster\",\"url\":\"https:\\\/\\\/www.arquimaster.com.ar\\\/web\\\/\",\"logo\":{\"@type\":\"ImageObject\",\"inLanguage\":\"es\",\"@id\":\"https:\\\/\\\/www.arquimaster.com.ar\\\/web\\\/#\\\/schema\\\/logo\\\/image\\\/\",\"url\":\"https:\\\/\\\/www.arquimaster.com.ar\\\/web\\\/wp-content\\\/uploads\\\/2022\\\/06\\\/arquimaster.png\",\"contentUrl\":\"https:\\\/\\\/www.arquimaster.com.ar\\\/web\\\/wp-content\\\/uploads\\\/2022\\\/06\\\/arquimaster.png\",\"width\":594,\"height\":78,\"caption\":\"Arquimaster\"},\"image\":{\"@id\":\"https:\\\/\\\/www.arquimaster.com.ar\\\/web\\\/#\\\/schema\\\/logo\\\/image\\\/\"},\"sameAs\":[\"http:\\\/\\\/www.facebook.com\\\/ARQUIMASTER.com.ar\",\"https:\\\/\\\/x.com\\\/arquimaster\",\"https:\\\/\\\/www.instagram.com\\\/arquimasterblog\\\/\",\"https:\\\/\\\/www.linkedin.com\\\/company\\\/arquimaster\",\"https:\\\/\\\/www.pinterest.com\\\/arquimaster\",\"https:\\\/\\\/t.me\\\/arquimaster\"]},{\"@type\":\"Person\",\"@id\":\"https:\\\/\\\/www.arquimaster.com.ar\\\/web\\\/#\\\/schema\\\/person\\\/359e9f7c00193fcde068e0dd2ceb0028\",\"name\":\"Arquimaster\"}]}<\/script>\n<!-- \/ Yoast SEO plugin. -->","yoast_head_json":{"title":"Refuncionalizaci\u00f3n MAMBA (Museo de Arte Moderno de Buenos Aires) \/ MSGSSS + Matias Ragonese - Arquimaster","description":"La nueva escalera escult\u00f3rica es la gran protagonista de la ampliaci\u00f3n del museo.","robots":{"index":"index","follow":"follow","max-snippet":"max-snippet:-1","max-image-preview":"max-image-preview:large","max-video-preview":"max-video-preview:-1"},"canonical":"https:\/\/www.arquimaster.com.ar\/web\/refuncionalizacion-mamba-museo-de-arte-moderno-de-buenos-aires-msgsss-matias-ragonese\/","og_locale":"es_ES","og_type":"article","og_title":"Refuncionalizaci\u00f3n MAMBA (Museo de Arte Moderno de Buenos Aires) \/ MSGSSS + Matias Ragonese","og_description":"La nueva escalera escult\u00f3rica es la gran protagonista de la ampliaci\u00f3n del museo.","og_url":"https:\/\/www.arquimaster.com.ar\/web\/refuncionalizacion-mamba-museo-de-arte-moderno-de-buenos-aires-msgsss-matias-ragonese\/","og_site_name":"Arquimaster","article_publisher":"http:\/\/www.facebook.com\/ARQUIMASTER.com.ar","article_published_time":"2019-02-01T02:00:54+00:00","article_modified_time":"2026-03-29T23:59:47+00:00","og_image":[{"width":698,"height":364,"url":"https:\/\/www.arquimaster.com.ar\/web\/wp-content\/uploads\/2019\/01\/refuncionalizacion_mamba_slide-wpp1587000962207.jpg","type":"image\/jpeg"}],"author":"Arquimaster","twitter_card":"summary_large_image","twitter_title":"Refuncionalizaci\u00f3n MAMBA (Museo de Arte Moderno de Buenos Aires) \/ MSGSSS + Matias Ragonese","twitter_description":"La nueva escalera escult\u00f3rica es la gran protagonista de la ampliaci\u00f3n del museo.","twitter_image":"https:\/\/www.arquimaster.com.ar\/web\/wp-content\/uploads\/2019\/01\/refuncionalizacion_mamba_slide-wpp1587000962207.jpg","twitter_creator":"@arquimaster","twitter_site":"@arquimaster","twitter_misc":{"Escrito por":"Arquimaster","Tiempo de lectura":"5 minutos"},"schema":{"@context":"https:\/\/schema.org","@graph":[{"@type":"Article","@id":"https:\/\/www.arquimaster.com.ar\/web\/refuncionalizacion-mamba-museo-de-arte-moderno-de-buenos-aires-msgsss-matias-ragonese\/#article","isPartOf":{"@id":"https:\/\/www.arquimaster.com.ar\/web\/refuncionalizacion-mamba-museo-de-arte-moderno-de-buenos-aires-msgsss-matias-ragonese\/"},"author":{"name":"Arquimaster","@id":"https:\/\/www.arquimaster.com.ar\/web\/#\/schema\/person\/359e9f7c00193fcde068e0dd2ceb0028"},"headline":"Refuncionalizaci\u00f3n MAMBA (Museo de Arte Moderno de Buenos Aires) \/ MSGSSS + Matias Ragonese","datePublished":"2019-02-01T02:00:54+00:00","dateModified":"2026-03-29T23:59:47+00:00","mainEntityOfPage":{"@id":"https:\/\/www.arquimaster.com.ar\/web\/refuncionalizacion-mamba-museo-de-arte-moderno-de-buenos-aires-msgsss-matias-ragonese\/"},"wordCount":932,"publisher":{"@id":"https:\/\/www.arquimaster.com.ar\/web\/#organization"},"image":{"@id":"https:\/\/www.arquimaster.com.ar\/web\/refuncionalizacion-mamba-museo-de-arte-moderno-de-buenos-aires-msgsss-matias-ragonese\/#primaryimage"},"thumbnailUrl":"https:\/\/www.arquimaster.com.ar\/web\/wp-content\/uploads\/2019\/01\/refuncionalizacion_mamba_slide-wpp1587000962207.jpg","keywords":["arquitectura cultural","edificios culturales","edificios para la cultura","MAMBA","Manteola","Matias Ragonese","MSGSSS arquitectos","Museo de Arte Moderno de Buenos Aires","museos","refuncionalizaci\u00f3n","Sallaberry","S\u00e1nchez G\u00f3mez","Santos","Solsona","Vins\u00f3n"],"articleSection":["Edificios para la cultura","Proyecto"],"inLanguage":"es"},{"@type":"WebPage","@id":"https:\/\/www.arquimaster.com.ar\/web\/refuncionalizacion-mamba-museo-de-arte-moderno-de-buenos-aires-msgsss-matias-ragonese\/","url":"https:\/\/www.arquimaster.com.ar\/web\/refuncionalizacion-mamba-museo-de-arte-moderno-de-buenos-aires-msgsss-matias-ragonese\/","name":"Refuncionalizaci\u00f3n MAMBA (Museo de Arte Moderno de Buenos Aires) \/ MSGSSS + Matias Ragonese - Arquimaster","isPartOf":{"@id":"https:\/\/www.arquimaster.com.ar\/web\/#website"},"primaryImageOfPage":{"@id":"https:\/\/www.arquimaster.com.ar\/web\/refuncionalizacion-mamba-museo-de-arte-moderno-de-buenos-aires-msgsss-matias-ragonese\/#primaryimage"},"image":{"@id":"https:\/\/www.arquimaster.com.ar\/web\/refuncionalizacion-mamba-museo-de-arte-moderno-de-buenos-aires-msgsss-matias-ragonese\/#primaryimage"},"thumbnailUrl":"https:\/\/www.arquimaster.com.ar\/web\/wp-content\/uploads\/2019\/01\/refuncionalizacion_mamba_slide-wpp1587000962207.jpg","datePublished":"2019-02-01T02:00:54+00:00","dateModified":"2026-03-29T23:59:47+00:00","description":"La nueva escalera escult\u00f3rica es la gran protagonista de la ampliaci\u00f3n del museo.","breadcrumb":{"@id":"https:\/\/www.arquimaster.com.ar\/web\/refuncionalizacion-mamba-museo-de-arte-moderno-de-buenos-aires-msgsss-matias-ragonese\/#breadcrumb"},"inLanguage":"es","potentialAction":[{"@type":"ReadAction","target":["https:\/\/www.arquimaster.com.ar\/web\/refuncionalizacion-mamba-museo-de-arte-moderno-de-buenos-aires-msgsss-matias-ragonese\/"]}]},{"@type":"ImageObject","inLanguage":"es","@id":"https:\/\/www.arquimaster.com.ar\/web\/refuncionalizacion-mamba-museo-de-arte-moderno-de-buenos-aires-msgsss-matias-ragonese\/#primaryimage","url":"https:\/\/www.arquimaster.com.ar\/web\/wp-content\/uploads\/2019\/01\/refuncionalizacion_mamba_slide-wpp1587000962207.jpg","contentUrl":"https:\/\/www.arquimaster.com.ar\/web\/wp-content\/uploads\/2019\/01\/refuncionalizacion_mamba_slide-wpp1587000962207.jpg","width":698,"height":364},{"@type":"BreadcrumbList","@id":"https:\/\/www.arquimaster.com.ar\/web\/refuncionalizacion-mamba-museo-de-arte-moderno-de-buenos-aires-msgsss-matias-ragonese\/#breadcrumb","itemListElement":[{"@type":"ListItem","position":1,"name":"Portada","item":"https:\/\/www.arquimaster.com.ar\/web\/"},{"@type":"ListItem","position":2,"name":"Refuncionalizaci\u00f3n MAMBA (Museo de Arte Moderno de Buenos Aires) \/ MSGSSS + Matias Ragonese"}]},{"@type":"WebSite","@id":"https:\/\/www.arquimaster.com.ar\/web\/#website","url":"https:\/\/www.arquimaster.com.ar\/web\/","name":"Arquimaster","description":"Web de arquitectura, dise\u00f1o y construccion","publisher":{"@id":"https:\/\/www.arquimaster.com.ar\/web\/#organization"},"potentialAction":[{"@type":"SearchAction","target":{"@type":"EntryPoint","urlTemplate":"https:\/\/www.arquimaster.com.ar\/web\/?s={search_term_string}"},"query-input":{"@type":"PropertyValueSpecification","valueRequired":true,"valueName":"search_term_string"}}],"inLanguage":"es"},{"@type":"Organization","@id":"https:\/\/www.arquimaster.com.ar\/web\/#organization","name":"Arquimaster","url":"https:\/\/www.arquimaster.com.ar\/web\/","logo":{"@type":"ImageObject","inLanguage":"es","@id":"https:\/\/www.arquimaster.com.ar\/web\/#\/schema\/logo\/image\/","url":"https:\/\/www.arquimaster.com.ar\/web\/wp-content\/uploads\/2022\/06\/arquimaster.png","contentUrl":"https:\/\/www.arquimaster.com.ar\/web\/wp-content\/uploads\/2022\/06\/arquimaster.png","width":594,"height":78,"caption":"Arquimaster"},"image":{"@id":"https:\/\/www.arquimaster.com.ar\/web\/#\/schema\/logo\/image\/"},"sameAs":["http:\/\/www.facebook.com\/ARQUIMASTER.com.ar","https:\/\/x.com\/arquimaster","https:\/\/www.instagram.com\/arquimasterblog\/","https:\/\/www.linkedin.com\/company\/arquimaster","https:\/\/www.pinterest.com\/arquimaster","https:\/\/t.me\/arquimaster"]},{"@type":"Person","@id":"https:\/\/www.arquimaster.com.ar\/web\/#\/schema\/person\/359e9f7c00193fcde068e0dd2ceb0028","name":"Arquimaster"}]}},"uagb_featured_image_src":{"full":["https:\/\/www.arquimaster.com.ar\/web\/wp-content\/uploads\/2019\/01\/refuncionalizacion_mamba_slide-wpp1587000962207.jpg",698,364,false],"thumbnail":["https:\/\/www.arquimaster.com.ar\/web\/wp-content\/uploads\/2019\/01\/refuncionalizacion_mamba_slide-wpp1587000962207-150x150.jpg",150,150,true],"medium":["https:\/\/www.arquimaster.com.ar\/web\/wp-content\/uploads\/2019\/01\/refuncionalizacion_mamba_slide-wpp1587000962207.jpg",698,364,false],"medium_large":["https:\/\/www.arquimaster.com.ar\/web\/wp-content\/uploads\/2019\/01\/refuncionalizacion_mamba_slide-wpp1587000962207.jpg",698,364,false],"large":["https:\/\/www.arquimaster.com.ar\/web\/wp-content\/uploads\/2019\/01\/refuncionalizacion_mamba_slide-wpp1587000962207.jpg",698,364,false],"1536x1536":["https:\/\/www.arquimaster.com.ar\/web\/wp-content\/uploads\/2019\/01\/refuncionalizacion_mamba_slide-wpp1587000962207.jpg",698,364,false],"2048x2048":["https:\/\/www.arquimaster.com.ar\/web\/wp-content\/uploads\/2019\/01\/refuncionalizacion_mamba_slide-wpp1587000962207.jpg",698,364,false]},"uagb_author_info":{"display_name":"Arquimaster","author_link":"https:\/\/www.arquimaster.com.ar\/web\/author\/arquimaster\/"},"uagb_comment_info":0,"uagb_excerpt":"La nueva escalera escult\u00f3rica es la gran protagonista de la ampliaci\u00f3n del museo...","_links":{"self":[{"href":"https:\/\/www.arquimaster.com.ar\/web\/wp-json\/wp\/v2\/posts\/35774","targetHints":{"allow":["GET"]}}],"collection":[{"href":"https:\/\/www.arquimaster.com.ar\/web\/wp-json\/wp\/v2\/posts"}],"about":[{"href":"https:\/\/www.arquimaster.com.ar\/web\/wp-json\/wp\/v2\/types\/post"}],"author":[{"embeddable":true,"href":"https:\/\/www.arquimaster.com.ar\/web\/wp-json\/wp\/v2\/users\/1"}],"replies":[{"embeddable":true,"href":"https:\/\/www.arquimaster.com.ar\/web\/wp-json\/wp\/v2\/comments?post=35774"}],"version-history":[{"count":2,"href":"https:\/\/www.arquimaster.com.ar\/web\/wp-json\/wp\/v2\/posts\/35774\/revisions"}],"predecessor-version":[{"id":88277,"href":"https:\/\/www.arquimaster.com.ar\/web\/wp-json\/wp\/v2\/posts\/35774\/revisions\/88277"}],"wp:featuredmedia":[{"embeddable":true,"href":"https:\/\/www.arquimaster.com.ar\/web\/wp-json\/wp\/v2\/media\/35775"}],"wp:attachment":[{"href":"https:\/\/www.arquimaster.com.ar\/web\/wp-json\/wp\/v2\/media?parent=35774"}],"wp:term":[{"taxonomy":"category","embeddable":true,"href":"https:\/\/www.arquimaster.com.ar\/web\/wp-json\/wp\/v2\/categories?post=35774"},{"taxonomy":"post_tag","embeddable":true,"href":"https:\/\/www.arquimaster.com.ar\/web\/wp-json\/wp\/v2\/tags?post=35774"}],"curies":[{"name":"wp","href":"https:\/\/api.w.org\/{rel}","templated":true}]}}