{"id":358,"date":"2013-11-21T19:41:02","date_gmt":"2013-11-21T19:41:02","guid":{"rendered":"http:\/\/www.arquimaster.com.ar\/web\/?p=358"},"modified":"2026-03-29T18:31:05","modified_gmt":"2026-03-29T21:31:05","slug":"nuevas-cortinas-duette-architella-de-hunter-douglas-luxaflex","status":"publish","type":"post","link":"https:\/\/www.arquimaster.com.ar\/web\/nuevas-cortinas-duette-architella-de-hunter-douglas-luxaflex\/","title":{"rendered":"Nuevas cortinas Duette Architella de Hunter Douglas Luxaflex"},"content":{"rendered":"<div style=\"margin-top: 0px; margin-bottom: 0px;\" class=\"sharethis-inline-share-buttons\" ><\/div><div class=\"b812932af2e751442846f039925109de\" data-index=\"1\" style=\"float: none; margin:25px 0 25px 0; text-align:center;\">\n<script async src=\"https:\/\/pagead2.googlesyndication.com\/pagead\/js\/adsbygoogle.js\"><\/script>\r\n<!-- Arquimaster (superior) -->\r\n<ins class=\"adsbygoogle\"\r\n     style=\"display:block\"\r\n     data-ad-client=\"ca-pub-6351072698456832\"\r\n     data-ad-slot=\"6455489680\"\r\n     data-ad-format=\"auto\"\r\n     data-full-width-responsive=\"true\"><\/ins>\r\n<script>\r\n     (adsbygoogle = window.adsbygoogle || []).push({});\r\n<\/script>\n<\/div>\n<p><em><strong>HunterDouglas Luxaflex\u00ae presenta su nuevo sistema de cortinas Duette\u00ae con innovadores accionamientos \u00fanicos en el mercado y una est\u00e9tica renovada y uniforme. Adem\u00e1s, su nueva tela Architella\u00ae reduce hasta en un 50% la p\u00e9rdida de energ\u00eda.<\/strong><\/em><\/p>\n<div id='gallery-1' class='gallery galleryid-358 gallery-columns-3 gallery-size-thumbnail'><figure class='gallery-item'>\n\t\t\t<div class='gallery-icon portrait'>\n\t\t\t\t<a href='https:\/\/www.arquimaster.com.ar\/web\/wp-content\/uploads\/2013\/12\/cortinas_duette1.jpg' title=\"Nuevas cortinas Duette Architella de Hunter Douglas Luxaflex\" data-rl_title=\"Nuevas cortinas Duette Architella de Hunter Douglas Luxaflex\" class=\"rl-gallery-link\" data-rl_caption=\"Nuevas cortinas Duette Architella de Hunter Douglas Luxaflex\" data-rel=\"lightbox-gallery-1\"><img loading=\"lazy\" decoding=\"async\" width=\"150\" height=\"150\" src=\"https:\/\/www.arquimaster.com.ar\/web\/wp-content\/uploads\/2013\/12\/cortinas_duette1-150x150.jpg\" class=\"attachment-thumbnail size-thumbnail\" alt=\"\" aria-describedby=\"gallery-1-361\" srcset=\"https:\/\/www.arquimaster.com.ar\/web\/wp-content\/uploads\/2013\/12\/cortinas_duette1-150x150.jpg 150w, https:\/\/www.arquimaster.com.ar\/web\/wp-content\/uploads\/2013\/12\/cortinas_duette1-50x50.jpg 50w, https:\/\/www.arquimaster.com.ar\/web\/wp-content\/uploads\/2013\/12\/cortinas_duette1-125x125.jpg 125w\" sizes=\"auto, (max-width: 150px) 100vw, 150px\" \/><\/a>\n\t\t\t<\/div>\n\t\t\t\t<figcaption class='wp-caption-text gallery-caption' id='gallery-1-361'>\n\t\t\t\tNuevas cortinas Duette Architella de Hunter Douglas Luxaflex\n\t\t\t\t<\/figcaption><\/figure><figure class='gallery-item'>\n\t\t\t<div class='gallery-icon landscape'>\n\t\t\t\t<a href='https:\/\/www.arquimaster.com.ar\/web\/wp-content\/uploads\/2013\/12\/cortinas_duette2.jpg' title=\"Nuevas cortinas Duette Architella de Hunter Douglas Luxaflex\" data-rl_title=\"Nuevas cortinas Duette Architella de Hunter Douglas Luxaflex\" class=\"rl-gallery-link\" data-rl_caption=\"Nuevas cortinas Duette Architella de Hunter Douglas Luxaflex\" data-rel=\"lightbox-gallery-1\"><img loading=\"lazy\" decoding=\"async\" width=\"150\" height=\"150\" src=\"https:\/\/www.arquimaster.com.ar\/web\/wp-content\/uploads\/2013\/12\/cortinas_duette2-150x150.jpg\" class=\"attachment-thumbnail size-thumbnail\" alt=\"\" aria-describedby=\"gallery-1-362\" srcset=\"https:\/\/www.arquimaster.com.ar\/web\/wp-content\/uploads\/2013\/12\/cortinas_duette2-150x150.jpg 150w, https:\/\/www.arquimaster.com.ar\/web\/wp-content\/uploads\/2013\/12\/cortinas_duette2-50x50.jpg 50w, https:\/\/www.arquimaster.com.ar\/web\/wp-content\/uploads\/2013\/12\/cortinas_duette2-125x125.jpg 125w\" sizes=\"auto, (max-width: 150px) 100vw, 150px\" \/><\/a>\n\t\t\t<\/div>\n\t\t\t\t<figcaption class='wp-caption-text gallery-caption' id='gallery-1-362'>\n\t\t\t\tNuevas cortinas Duette Architella de Hunter Douglas Luxaflex\n\t\t\t\t<\/figcaption><\/figure><figure class='gallery-item'>\n\t\t\t<div class='gallery-icon portrait'>\n\t\t\t\t<a href='https:\/\/www.arquimaster.com.ar\/web\/wp-content\/uploads\/2013\/12\/cortinas_duette3.jpg' title=\"Nuevas cortinas Duette Architella de Hunter Douglas Luxaflex\" data-rl_title=\"Nuevas cortinas Duette Architella de Hunter Douglas Luxaflex\" class=\"rl-gallery-link\" data-rl_caption=\"Nuevas cortinas Duette Architella de Hunter Douglas Luxaflex\" data-rel=\"lightbox-gallery-1\"><img loading=\"lazy\" decoding=\"async\" width=\"150\" height=\"150\" src=\"https:\/\/www.arquimaster.com.ar\/web\/wp-content\/uploads\/2013\/12\/cortinas_duette3-150x150.jpg\" class=\"attachment-thumbnail size-thumbnail\" alt=\"\" aria-describedby=\"gallery-1-360\" srcset=\"https:\/\/www.arquimaster.com.ar\/web\/wp-content\/uploads\/2013\/12\/cortinas_duette3-150x150.jpg 150w, https:\/\/www.arquimaster.com.ar\/web\/wp-content\/uploads\/2013\/12\/cortinas_duette3-50x50.jpg 50w, https:\/\/www.arquimaster.com.ar\/web\/wp-content\/uploads\/2013\/12\/cortinas_duette3-125x125.jpg 125w\" sizes=\"auto, (max-width: 150px) 100vw, 150px\" \/><\/a>\n\t\t\t<\/div>\n\t\t\t\t<figcaption class='wp-caption-text gallery-caption' id='gallery-1-360'>\n\t\t\t\tNuevas cortinas Duette Architella de Hunter Douglas Luxaflex\n\t\t\t\t<\/figcaption><\/figure><figure class='gallery-item'>\n\t\t\t<div class='gallery-icon landscape'>\n\t\t\t\t<a href='https:\/\/www.arquimaster.com.ar\/web\/wp-content\/uploads\/2013\/11\/cortinas_duette41.jpg' title=\"Nuevas cortinas Duette Architella de Hunter Douglas Luxaflex\" data-rl_title=\"Nuevas cortinas Duette Architella de Hunter Douglas Luxaflex\" class=\"rl-gallery-link\" data-rl_caption=\"Nuevas cortinas Duette Architella de Hunter Douglas Luxaflex\" data-rel=\"lightbox-gallery-1\"><img loading=\"lazy\" decoding=\"async\" width=\"150\" height=\"150\" src=\"https:\/\/www.arquimaster.com.ar\/web\/wp-content\/uploads\/2013\/11\/cortinas_duette41-150x150.jpg\" class=\"attachment-thumbnail size-thumbnail\" alt=\"\" aria-describedby=\"gallery-1-4114\" srcset=\"https:\/\/www.arquimaster.com.ar\/web\/wp-content\/uploads\/2013\/11\/cortinas_duette41-150x150.jpg 150w, https:\/\/www.arquimaster.com.ar\/web\/wp-content\/uploads\/2013\/11\/cortinas_duette41-50x50.jpg 50w, https:\/\/www.arquimaster.com.ar\/web\/wp-content\/uploads\/2013\/11\/cortinas_duette41-125x125.jpg 125w\" sizes=\"auto, (max-width: 150px) 100vw, 150px\" \/><\/a>\n\t\t\t<\/div>\n\t\t\t\t<figcaption class='wp-caption-text gallery-caption' id='gallery-1-4114'>\n\t\t\t\tNuevas cortinas Duette Architella de Hunter Douglas Luxaflex\n\t\t\t\t<\/figcaption><\/figure><figure class='gallery-item'>\n\t\t\t<div class='gallery-icon landscape'>\n\t\t\t\t<a href='https:\/\/www.arquimaster.com.ar\/web\/wp-content\/uploads\/2013\/11\/cortinas_duette51.jpg' title=\"Nuevas cortinas Duette Architella de Hunter Douglas Luxaflex\" data-rl_title=\"Nuevas cortinas Duette Architella de Hunter Douglas Luxaflex\" class=\"rl-gallery-link\" data-rl_caption=\"Nuevas cortinas Duette Architella de Hunter Douglas Luxaflex\" data-rel=\"lightbox-gallery-1\"><img loading=\"lazy\" decoding=\"async\" width=\"150\" height=\"150\" src=\"https:\/\/www.arquimaster.com.ar\/web\/wp-content\/uploads\/2013\/11\/cortinas_duette51-150x150.jpg\" class=\"attachment-thumbnail size-thumbnail\" alt=\"\" aria-describedby=\"gallery-1-4115\" srcset=\"https:\/\/www.arquimaster.com.ar\/web\/wp-content\/uploads\/2013\/11\/cortinas_duette51-150x150.jpg 150w, https:\/\/www.arquimaster.com.ar\/web\/wp-content\/uploads\/2013\/11\/cortinas_duette51-50x50.jpg 50w, https:\/\/www.arquimaster.com.ar\/web\/wp-content\/uploads\/2013\/11\/cortinas_duette51-125x125.jpg 125w\" sizes=\"auto, (max-width: 150px) 100vw, 150px\" \/><\/a>\n\t\t\t<\/div>\n\t\t\t\t<figcaption class='wp-caption-text gallery-caption' id='gallery-1-4115'>\n\t\t\t\tNuevas cortinas Duette Architella de Hunter Douglas Luxaflex\n\t\t\t\t<\/figcaption><\/figure>\n\t\t<\/div>\n\n<p><strong>HunterDouglas Luxaflex\u00ae<\/strong> lanza al mercado argentino la nueva versi\u00f3n de las <strong>cortinas Duette\u00ae<\/strong> con una est\u00e9tica renovada y uniforme, y con un fuerte concepto sustentable.<\/p>\n<p>Una opci\u00f3n para este modelo es la novedosa <strong>Architella\u00ae<\/strong>, una tela exclusiva desarrollado por la firma. A diferencia de las telas celulares simples, Architella\u00ae posee una celda dentro de la otra, lo que permite reducir hasta en un 50% la p\u00e9rdida de energ\u00eda.<\/p>\n<p>Esta innovadora tela permite incrementar el confort t\u00e9rmico y ac\u00fastico del ambiente. De esta manera, generan un considerable ahorro de energ\u00eda tanto en climas c\u00e1lidos como fr\u00edos, al reducir el uso de calefacciones y aires condicionados, y son adecuadas para espacios donde es necesario controlar el efecto de reverberaci\u00f3n dado que incrementan en forma considerable la capacidad de absorci\u00f3n del ruido.<\/p>\n<p>Duette Architella\u00ae se presenta en dos colecciones, <strong>Elan<\/strong> (Trasl\u00facida) y <strong>Elan Eclipse<\/strong> (Black out). Se trata de telas de alta calidad que ofrecen distintos niveles de opacidad y texturas.<\/p>\n<p>Adem\u00e1s, por sus \u00f3ptimos rendimientos en t\u00e9rminos de ahorro energ\u00e9tico, esta cortina resulta ideal en construcciones que aspiran a la <strong>certificaci\u00f3n LEED<\/strong>. Al ser telas 100% poli\u00e9ster, no contienen PVC y por esta raz\u00f3n, cuentan con la certificaci\u00f3n Green Guard y Green Guardforschools.<\/p>\n<p><strong>Acerca de Hunter Douglas<\/strong><br \/>\nHunter Douglas es el l\u00edder mundial en cortinas, persianas y toldos y uno de los mayores fabricantes de productos para la arquitectura. Tiene su casa matriz en Rotterdam, Holanda, uno de los pa\u00edses referentes en dise\u00f1o y arquitectura mundial. Con casi un siglo de historia y presente en m\u00e1s de 100 pa\u00edses, la empresa se distingue por su habilidad para desarrollar productos innovadores y de alta calidad, que se encuentran en millones de hogares y edificios comerciales en todo el mundo. Cabe destacar la invenci\u00f3n, en 1947, de la persiana horizontal de aluminio, m\u00e1s conocida como \u00abpersiana americana\u00bb. En Argentina tiene una trayectoria de m\u00e1s de 15 a\u00f1os en el mercado. Hunter Douglas Argentina cuenta con una planta industrial para el ensamble de cortinas, persianas y toldos en la localidad de Villa Martelli, provincia de Buenos Aires. Todos sus procesos est\u00e1n estandarizados y certificados por las Normas ISO 9000. A trav\u00e9s de su amplia red de distribuidores, la empresa comercializa sus dos l\u00edneas de productos: WindowStyling (cortinas, persianas y toldos) y productos arquitect\u00f3nicos (cielorrasos met\u00e1licos, cielorrasos de fibra mineral, fachadas ventiladas NBK y paneles transl\u00facidos 3Form). A partir de la adquisici\u00f3n de la empresa Phonex, HunterDouglas Argentina comienza una nueva etapa de fabricaci\u00f3n nacional de productos arquitect\u00f3nicos.<\/p>\n\n<div style=\"font-size: 0px; height: 0px; line-height: 0px; margin: 0; padding: 0; clear: both;\"><\/div><div style=\"margin-top: 0px; margin-bottom: 0px;\" class=\"sharethis-inline-share-buttons\" ><\/div>","protected":false},"excerpt":{"rendered":"<p>Nuevo sistema de cortinas Duette\u00ae con Architella\u00ae reduce 50% la p\u00e9rdida de energ\u00eda&#8230;<\/p>\n","protected":false},"author":1,"featured_media":359,"comment_status":"closed","ping_status":"closed","sticky":false,"template":"","format":"standard","meta":{"_uag_custom_page_level_css":"","footnotes":""},"categories":[55,56],"tags":[134,139,132,133,137,138,135,741,136,1100],"class_list":["post-358","post","type-post","status-publish","format-standard","has-post-thumbnail","hentry","category-diseno","category-diseno-interior-decoracion","tag-architella","tag-black-out","tag-cortinas","tag-duette","tag-elan","tag-elan-eclipse","tag-hunter-douglas","tag-leed","tag-luxaflex","tag-norma-leed","generate-columns","tablet-grid-50","mobile-grid-100","grid-parent","grid-50"],"yoast_head":"<!-- This site is optimized with the Yoast SEO plugin v27.3 - https:\/\/yoast.com\/product\/yoast-seo-wordpress\/ -->\n<title>Nuevas cortinas Duette Architella de Hunter Douglas Luxaflex - Arquimaster<\/title>\n<meta name=\"robots\" content=\"index, follow, max-snippet:-1, max-image-preview:large, max-video-preview:-1\" \/>\n<link rel=\"canonical\" href=\"https:\/\/www.arquimaster.com.ar\/web\/nuevas-cortinas-duette-architella-de-hunter-douglas-luxaflex\/\" \/>\n<meta property=\"og:locale\" content=\"es_ES\" \/>\n<meta property=\"og:type\" content=\"article\" \/>\n<meta property=\"og:title\" content=\"Nuevas cortinas Duette Architella de Hunter Douglas Luxaflex - Arquimaster\" \/>\n<meta property=\"og:description\" content=\"Nuevo sistema de cortinas Duette\u00ae con Architella\u00ae reduce 50% la p\u00e9rdida de energ\u00eda...\" \/>\n<meta property=\"og:url\" content=\"https:\/\/www.arquimaster.com.ar\/web\/nuevas-cortinas-duette-architella-de-hunter-douglas-luxaflex\/\" \/>\n<meta property=\"og:site_name\" content=\"Arquimaster\" \/>\n<meta property=\"article:publisher\" content=\"http:\/\/www.facebook.com\/ARQUIMASTER.com.ar\" \/>\n<meta property=\"article:published_time\" content=\"2013-11-21T19:41:02+00:00\" \/>\n<meta property=\"article:modified_time\" content=\"2026-03-29T21:31:05+00:00\" \/>\n<meta property=\"og:image\" content=\"https:\/\/www.arquimaster.com.ar\/web\/wp-content\/uploads\/2013\/12\/cortinas_duette_slide.jpg\" \/>\n\t<meta property=\"og:image:width\" content=\"642\" \/>\n\t<meta property=\"og:image:height\" content=\"336\" \/>\n\t<meta property=\"og:image:type\" content=\"image\/jpeg\" \/>\n<meta name=\"author\" content=\"Arquimaster\" \/>\n<meta name=\"twitter:card\" content=\"summary_large_image\" \/>\n<meta name=\"twitter:creator\" content=\"@arquimaster\" \/>\n<meta name=\"twitter:site\" content=\"@arquimaster\" \/>\n<meta name=\"twitter:label1\" content=\"Escrito por\" \/>\n\t<meta name=\"twitter:data1\" content=\"Arquimaster\" \/>\n\t<meta name=\"twitter:label2\" content=\"Tiempo de lectura\" \/>\n\t<meta name=\"twitter:data2\" content=\"3 minutos\" \/>\n<script type=\"application\/ld+json\" class=\"yoast-schema-graph\">{\"@context\":\"https:\\\/\\\/schema.org\",\"@graph\":[{\"@type\":\"Article\",\"@id\":\"https:\\\/\\\/www.arquimaster.com.ar\\\/web\\\/nuevas-cortinas-duette-architella-de-hunter-douglas-luxaflex\\\/#article\",\"isPartOf\":{\"@id\":\"https:\\\/\\\/www.arquimaster.com.ar\\\/web\\\/nuevas-cortinas-duette-architella-de-hunter-douglas-luxaflex\\\/\"},\"author\":{\"name\":\"Arquimaster\",\"@id\":\"https:\\\/\\\/www.arquimaster.com.ar\\\/web\\\/#\\\/schema\\\/person\\\/359e9f7c00193fcde068e0dd2ceb0028\"},\"headline\":\"Nuevas cortinas Duette Architella de Hunter Douglas Luxaflex\",\"datePublished\":\"2013-11-21T19:41:02+00:00\",\"dateModified\":\"2026-03-29T21:31:05+00:00\",\"mainEntityOfPage\":{\"@id\":\"https:\\\/\\\/www.arquimaster.com.ar\\\/web\\\/nuevas-cortinas-duette-architella-de-hunter-douglas-luxaflex\\\/\"},\"wordCount\":495,\"publisher\":{\"@id\":\"https:\\\/\\\/www.arquimaster.com.ar\\\/web\\\/#organization\"},\"image\":{\"@id\":\"https:\\\/\\\/www.arquimaster.com.ar\\\/web\\\/nuevas-cortinas-duette-architella-de-hunter-douglas-luxaflex\\\/#primaryimage\"},\"thumbnailUrl\":\"https:\\\/\\\/www.arquimaster.com.ar\\\/web\\\/wp-content\\\/uploads\\\/2013\\\/12\\\/cortinas_duette_slide.jpg\",\"keywords\":[\"Architella\",\"black out\",\"cortinas\",\"Duette\",\"Elan\",\"Elan Eclipse\",\"Hunter Douglas\",\"LEED\",\"Luxaflex\",\"Norma LEED\"],\"articleSection\":[\"Dise\u00f1o\",\"Dise\u00f1o interior y decoracion\"],\"inLanguage\":\"es\"},{\"@type\":\"WebPage\",\"@id\":\"https:\\\/\\\/www.arquimaster.com.ar\\\/web\\\/nuevas-cortinas-duette-architella-de-hunter-douglas-luxaflex\\\/\",\"url\":\"https:\\\/\\\/www.arquimaster.com.ar\\\/web\\\/nuevas-cortinas-duette-architella-de-hunter-douglas-luxaflex\\\/\",\"name\":\"Nuevas cortinas Duette Architella de Hunter Douglas Luxaflex - Arquimaster\",\"isPartOf\":{\"@id\":\"https:\\\/\\\/www.arquimaster.com.ar\\\/web\\\/#website\"},\"primaryImageOfPage\":{\"@id\":\"https:\\\/\\\/www.arquimaster.com.ar\\\/web\\\/nuevas-cortinas-duette-architella-de-hunter-douglas-luxaflex\\\/#primaryimage\"},\"image\":{\"@id\":\"https:\\\/\\\/www.arquimaster.com.ar\\\/web\\\/nuevas-cortinas-duette-architella-de-hunter-douglas-luxaflex\\\/#primaryimage\"},\"thumbnailUrl\":\"https:\\\/\\\/www.arquimaster.com.ar\\\/web\\\/wp-content\\\/uploads\\\/2013\\\/12\\\/cortinas_duette_slide.jpg\",\"datePublished\":\"2013-11-21T19:41:02+00:00\",\"dateModified\":\"2026-03-29T21:31:05+00:00\",\"breadcrumb\":{\"@id\":\"https:\\\/\\\/www.arquimaster.com.ar\\\/web\\\/nuevas-cortinas-duette-architella-de-hunter-douglas-luxaflex\\\/#breadcrumb\"},\"inLanguage\":\"es\",\"potentialAction\":[{\"@type\":\"ReadAction\",\"target\":[\"https:\\\/\\\/www.arquimaster.com.ar\\\/web\\\/nuevas-cortinas-duette-architella-de-hunter-douglas-luxaflex\\\/\"]}]},{\"@type\":\"ImageObject\",\"inLanguage\":\"es\",\"@id\":\"https:\\\/\\\/www.arquimaster.com.ar\\\/web\\\/nuevas-cortinas-duette-architella-de-hunter-douglas-luxaflex\\\/#primaryimage\",\"url\":\"https:\\\/\\\/www.arquimaster.com.ar\\\/web\\\/wp-content\\\/uploads\\\/2013\\\/12\\\/cortinas_duette_slide.jpg\",\"contentUrl\":\"https:\\\/\\\/www.arquimaster.com.ar\\\/web\\\/wp-content\\\/uploads\\\/2013\\\/12\\\/cortinas_duette_slide.jpg\",\"width\":642,\"height\":336},{\"@type\":\"BreadcrumbList\",\"@id\":\"https:\\\/\\\/www.arquimaster.com.ar\\\/web\\\/nuevas-cortinas-duette-architella-de-hunter-douglas-luxaflex\\\/#breadcrumb\",\"itemListElement\":[{\"@type\":\"ListItem\",\"position\":1,\"name\":\"Portada\",\"item\":\"https:\\\/\\\/www.arquimaster.com.ar\\\/web\\\/\"},{\"@type\":\"ListItem\",\"position\":2,\"name\":\"Nuevas cortinas Duette Architella de Hunter Douglas Luxaflex\"}]},{\"@type\":\"WebSite\",\"@id\":\"https:\\\/\\\/www.arquimaster.com.ar\\\/web\\\/#website\",\"url\":\"https:\\\/\\\/www.arquimaster.com.ar\\\/web\\\/\",\"name\":\"Arquimaster\",\"description\":\"Web de arquitectura, dise\u00f1o y construccion\",\"publisher\":{\"@id\":\"https:\\\/\\\/www.arquimaster.com.ar\\\/web\\\/#organization\"},\"potentialAction\":[{\"@type\":\"SearchAction\",\"target\":{\"@type\":\"EntryPoint\",\"urlTemplate\":\"https:\\\/\\\/www.arquimaster.com.ar\\\/web\\\/?s={search_term_string}\"},\"query-input\":{\"@type\":\"PropertyValueSpecification\",\"valueRequired\":true,\"valueName\":\"search_term_string\"}}],\"inLanguage\":\"es\"},{\"@type\":\"Organization\",\"@id\":\"https:\\\/\\\/www.arquimaster.com.ar\\\/web\\\/#organization\",\"name\":\"Arquimaster\",\"url\":\"https:\\\/\\\/www.arquimaster.com.ar\\\/web\\\/\",\"logo\":{\"@type\":\"ImageObject\",\"inLanguage\":\"es\",\"@id\":\"https:\\\/\\\/www.arquimaster.com.ar\\\/web\\\/#\\\/schema\\\/logo\\\/image\\\/\",\"url\":\"https:\\\/\\\/www.arquimaster.com.ar\\\/web\\\/wp-content\\\/uploads\\\/2022\\\/06\\\/arquimaster.png\",\"contentUrl\":\"https:\\\/\\\/www.arquimaster.com.ar\\\/web\\\/wp-content\\\/uploads\\\/2022\\\/06\\\/arquimaster.png\",\"width\":594,\"height\":78,\"caption\":\"Arquimaster\"},\"image\":{\"@id\":\"https:\\\/\\\/www.arquimaster.com.ar\\\/web\\\/#\\\/schema\\\/logo\\\/image\\\/\"},\"sameAs\":[\"http:\\\/\\\/www.facebook.com\\\/ARQUIMASTER.com.ar\",\"https:\\\/\\\/x.com\\\/arquimaster\",\"https:\\\/\\\/www.instagram.com\\\/arquimasterblog\\\/\",\"https:\\\/\\\/www.linkedin.com\\\/company\\\/arquimaster\",\"https:\\\/\\\/www.pinterest.com\\\/arquimaster\",\"https:\\\/\\\/t.me\\\/arquimaster\"]},{\"@type\":\"Person\",\"@id\":\"https:\\\/\\\/www.arquimaster.com.ar\\\/web\\\/#\\\/schema\\\/person\\\/359e9f7c00193fcde068e0dd2ceb0028\",\"name\":\"Arquimaster\"}]}<\/script>\n<!-- \/ Yoast SEO plugin. -->","yoast_head_json":{"title":"Nuevas cortinas Duette Architella de Hunter Douglas Luxaflex - Arquimaster","robots":{"index":"index","follow":"follow","max-snippet":"max-snippet:-1","max-image-preview":"max-image-preview:large","max-video-preview":"max-video-preview:-1"},"canonical":"https:\/\/www.arquimaster.com.ar\/web\/nuevas-cortinas-duette-architella-de-hunter-douglas-luxaflex\/","og_locale":"es_ES","og_type":"article","og_title":"Nuevas cortinas Duette Architella de Hunter Douglas Luxaflex - Arquimaster","og_description":"Nuevo sistema de cortinas Duette\u00ae con Architella\u00ae reduce 50% la p\u00e9rdida de energ\u00eda...","og_url":"https:\/\/www.arquimaster.com.ar\/web\/nuevas-cortinas-duette-architella-de-hunter-douglas-luxaflex\/","og_site_name":"Arquimaster","article_publisher":"http:\/\/www.facebook.com\/ARQUIMASTER.com.ar","article_published_time":"2013-11-21T19:41:02+00:00","article_modified_time":"2026-03-29T21:31:05+00:00","og_image":[{"width":642,"height":336,"url":"https:\/\/www.arquimaster.com.ar\/web\/wp-content\/uploads\/2013\/12\/cortinas_duette_slide.jpg","type":"image\/jpeg"}],"author":"Arquimaster","twitter_card":"summary_large_image","twitter_creator":"@arquimaster","twitter_site":"@arquimaster","twitter_misc":{"Escrito por":"Arquimaster","Tiempo de lectura":"3 minutos"},"schema":{"@context":"https:\/\/schema.org","@graph":[{"@type":"Article","@id":"https:\/\/www.arquimaster.com.ar\/web\/nuevas-cortinas-duette-architella-de-hunter-douglas-luxaflex\/#article","isPartOf":{"@id":"https:\/\/www.arquimaster.com.ar\/web\/nuevas-cortinas-duette-architella-de-hunter-douglas-luxaflex\/"},"author":{"name":"Arquimaster","@id":"https:\/\/www.arquimaster.com.ar\/web\/#\/schema\/person\/359e9f7c00193fcde068e0dd2ceb0028"},"headline":"Nuevas cortinas Duette Architella de Hunter Douglas Luxaflex","datePublished":"2013-11-21T19:41:02+00:00","dateModified":"2026-03-29T21:31:05+00:00","mainEntityOfPage":{"@id":"https:\/\/www.arquimaster.com.ar\/web\/nuevas-cortinas-duette-architella-de-hunter-douglas-luxaflex\/"},"wordCount":495,"publisher":{"@id":"https:\/\/www.arquimaster.com.ar\/web\/#organization"},"image":{"@id":"https:\/\/www.arquimaster.com.ar\/web\/nuevas-cortinas-duette-architella-de-hunter-douglas-luxaflex\/#primaryimage"},"thumbnailUrl":"https:\/\/www.arquimaster.com.ar\/web\/wp-content\/uploads\/2013\/12\/cortinas_duette_slide.jpg","keywords":["Architella","black out","cortinas","Duette","Elan","Elan Eclipse","Hunter Douglas","LEED","Luxaflex","Norma LEED"],"articleSection":["Dise\u00f1o","Dise\u00f1o interior y decoracion"],"inLanguage":"es"},{"@type":"WebPage","@id":"https:\/\/www.arquimaster.com.ar\/web\/nuevas-cortinas-duette-architella-de-hunter-douglas-luxaflex\/","url":"https:\/\/www.arquimaster.com.ar\/web\/nuevas-cortinas-duette-architella-de-hunter-douglas-luxaflex\/","name":"Nuevas cortinas Duette Architella de Hunter Douglas Luxaflex - Arquimaster","isPartOf":{"@id":"https:\/\/www.arquimaster.com.ar\/web\/#website"},"primaryImageOfPage":{"@id":"https:\/\/www.arquimaster.com.ar\/web\/nuevas-cortinas-duette-architella-de-hunter-douglas-luxaflex\/#primaryimage"},"image":{"@id":"https:\/\/www.arquimaster.com.ar\/web\/nuevas-cortinas-duette-architella-de-hunter-douglas-luxaflex\/#primaryimage"},"thumbnailUrl":"https:\/\/www.arquimaster.com.ar\/web\/wp-content\/uploads\/2013\/12\/cortinas_duette_slide.jpg","datePublished":"2013-11-21T19:41:02+00:00","dateModified":"2026-03-29T21:31:05+00:00","breadcrumb":{"@id":"https:\/\/www.arquimaster.com.ar\/web\/nuevas-cortinas-duette-architella-de-hunter-douglas-luxaflex\/#breadcrumb"},"inLanguage":"es","potentialAction":[{"@type":"ReadAction","target":["https:\/\/www.arquimaster.com.ar\/web\/nuevas-cortinas-duette-architella-de-hunter-douglas-luxaflex\/"]}]},{"@type":"ImageObject","inLanguage":"es","@id":"https:\/\/www.arquimaster.com.ar\/web\/nuevas-cortinas-duette-architella-de-hunter-douglas-luxaflex\/#primaryimage","url":"https:\/\/www.arquimaster.com.ar\/web\/wp-content\/uploads\/2013\/12\/cortinas_duette_slide.jpg","contentUrl":"https:\/\/www.arquimaster.com.ar\/web\/wp-content\/uploads\/2013\/12\/cortinas_duette_slide.jpg","width":642,"height":336},{"@type":"BreadcrumbList","@id":"https:\/\/www.arquimaster.com.ar\/web\/nuevas-cortinas-duette-architella-de-hunter-douglas-luxaflex\/#breadcrumb","itemListElement":[{"@type":"ListItem","position":1,"name":"Portada","item":"https:\/\/www.arquimaster.com.ar\/web\/"},{"@type":"ListItem","position":2,"name":"Nuevas cortinas Duette Architella de Hunter Douglas Luxaflex"}]},{"@type":"WebSite","@id":"https:\/\/www.arquimaster.com.ar\/web\/#website","url":"https:\/\/www.arquimaster.com.ar\/web\/","name":"Arquimaster","description":"Web de arquitectura, dise\u00f1o y construccion","publisher":{"@id":"https:\/\/www.arquimaster.com.ar\/web\/#organization"},"potentialAction":[{"@type":"SearchAction","target":{"@type":"EntryPoint","urlTemplate":"https:\/\/www.arquimaster.com.ar\/web\/?s={search_term_string}"},"query-input":{"@type":"PropertyValueSpecification","valueRequired":true,"valueName":"search_term_string"}}],"inLanguage":"es"},{"@type":"Organization","@id":"https:\/\/www.arquimaster.com.ar\/web\/#organization","name":"Arquimaster","url":"https:\/\/www.arquimaster.com.ar\/web\/","logo":{"@type":"ImageObject","inLanguage":"es","@id":"https:\/\/www.arquimaster.com.ar\/web\/#\/schema\/logo\/image\/","url":"https:\/\/www.arquimaster.com.ar\/web\/wp-content\/uploads\/2022\/06\/arquimaster.png","contentUrl":"https:\/\/www.arquimaster.com.ar\/web\/wp-content\/uploads\/2022\/06\/arquimaster.png","width":594,"height":78,"caption":"Arquimaster"},"image":{"@id":"https:\/\/www.arquimaster.com.ar\/web\/#\/schema\/logo\/image\/"},"sameAs":["http:\/\/www.facebook.com\/ARQUIMASTER.com.ar","https:\/\/x.com\/arquimaster","https:\/\/www.instagram.com\/arquimasterblog\/","https:\/\/www.linkedin.com\/company\/arquimaster","https:\/\/www.pinterest.com\/arquimaster","https:\/\/t.me\/arquimaster"]},{"@type":"Person","@id":"https:\/\/www.arquimaster.com.ar\/web\/#\/schema\/person\/359e9f7c00193fcde068e0dd2ceb0028","name":"Arquimaster"}]}},"uagb_featured_image_src":{"full":["https:\/\/www.arquimaster.com.ar\/web\/wp-content\/uploads\/2013\/12\/cortinas_duette_slide.jpg",642,336,false],"thumbnail":["https:\/\/www.arquimaster.com.ar\/web\/wp-content\/uploads\/2013\/12\/cortinas_duette_slide-150x150.jpg",150,150,true],"medium":["https:\/\/www.arquimaster.com.ar\/web\/wp-content\/uploads\/2013\/12\/cortinas_duette_slide-300x157.jpg",300,157,true],"medium_large":["https:\/\/www.arquimaster.com.ar\/web\/wp-content\/uploads\/2013\/12\/cortinas_duette_slide.jpg",642,336,false],"large":["https:\/\/www.arquimaster.com.ar\/web\/wp-content\/uploads\/2013\/12\/cortinas_duette_slide.jpg",642,336,false],"1536x1536":["https:\/\/www.arquimaster.com.ar\/web\/wp-content\/uploads\/2013\/12\/cortinas_duette_slide.jpg",642,336,false],"2048x2048":["https:\/\/www.arquimaster.com.ar\/web\/wp-content\/uploads\/2013\/12\/cortinas_duette_slide.jpg",642,336,false]},"uagb_author_info":{"display_name":"Arquimaster","author_link":"https:\/\/www.arquimaster.com.ar\/web\/author\/arquimaster\/"},"uagb_comment_info":0,"uagb_excerpt":"Nuevo sistema de cortinas Duette\u00ae con Architella\u00ae reduce 50% la p\u00e9rdida de energ\u00eda...","_links":{"self":[{"href":"https:\/\/www.arquimaster.com.ar\/web\/wp-json\/wp\/v2\/posts\/358","targetHints":{"allow":["GET"]}}],"collection":[{"href":"https:\/\/www.arquimaster.com.ar\/web\/wp-json\/wp\/v2\/posts"}],"about":[{"href":"https:\/\/www.arquimaster.com.ar\/web\/wp-json\/wp\/v2\/types\/post"}],"author":[{"embeddable":true,"href":"https:\/\/www.arquimaster.com.ar\/web\/wp-json\/wp\/v2\/users\/1"}],"replies":[{"embeddable":true,"href":"https:\/\/www.arquimaster.com.ar\/web\/wp-json\/wp\/v2\/comments?post=358"}],"version-history":[{"count":1,"href":"https:\/\/www.arquimaster.com.ar\/web\/wp-json\/wp\/v2\/posts\/358\/revisions"}],"predecessor-version":[{"id":88184,"href":"https:\/\/www.arquimaster.com.ar\/web\/wp-json\/wp\/v2\/posts\/358\/revisions\/88184"}],"wp:featuredmedia":[{"embeddable":true,"href":"https:\/\/www.arquimaster.com.ar\/web\/wp-json\/wp\/v2\/media\/359"}],"wp:attachment":[{"href":"https:\/\/www.arquimaster.com.ar\/web\/wp-json\/wp\/v2\/media?parent=358"}],"wp:term":[{"taxonomy":"category","embeddable":true,"href":"https:\/\/www.arquimaster.com.ar\/web\/wp-json\/wp\/v2\/categories?post=358"},{"taxonomy":"post_tag","embeddable":true,"href":"https:\/\/www.arquimaster.com.ar\/web\/wp-json\/wp\/v2\/tags?post=358"}],"curies":[{"name":"wp","href":"https:\/\/api.w.org\/{rel}","templated":true}]}}